{"elements":[{"date":"2026-04-29","first_seen_on":"2026-04-29T16:03:33+00:00","id":"9dd0a6f04ed4e0150b13156ecc167b6b57516ce4c0b0135b838dcfb8075a2bbe","name":"Arr\u00eat\u00e9 n\u00b02026-00493 du 29 avril 2026 modifiant provisoirement le stationnement et la circulation dans plusieurs voies de Paris 8\u00e8me, 16\u00e8me et 17\u00e8me les 7 et 8 mai 2026, \u00e0 l\u2019occasion de la C\u00e9r\u00e9monie Gouvernementale du 81\u00e8me anniversaire de la victoire du 8"},{"date":"2026-04-29","first_seen_on":"2026-04-29T13:09:52+00:00","id":"1bd0b6ebfa6aaa18a67bdce90d2700614a7f639e2d91e69cc522e3b6f566fb9e","name":"Arr\u00eat\u00e9 2026-00483 portant interdiction partielle d\u2019une manifestation le 1er mai 2026 \u00e0 Paris"},{"date":"2026-04-29","first_seen_on":"2026-04-29T13:08:26+00:00","id":"5dc6a7d3cc4a4f5945bf01348636be0978dcb63db48ddacf24dfe5505ca3f0f3","name":"Arr\u00eat\u00e9 n\u00b02026-00484 instituant un p\u00e9rim\u00e8tre de protection et diff\u00e9rentes mesures de police \u00e0 l\u2019occasion de la 32\u00e8me journ\u00e9e du championnat de France de football de Ligue 1 au Parc des Princes le samedi 2 mai 2026 "},{"date":"2026-04-29","first_seen_on":"2026-04-29T13:07:26+00:00","id":"a9faddfbdc2a52cd638ee86592cda796c9114d3eaaa527468bc208166b2f937d","name":"Arr\u00eat\u00e9 n\u00b02026-00488 autorisant la captation, l\u2019enregistrement et la transmission d\u2019images au moyen de cam\u00e9ras install\u00e9es sur des a\u00e9ronefs \u00e0 l\u2019occasion de la 32\u00e8me journ\u00e9e du championnat de France de football de Ligue 1 au Parc des Princes le samedi 2 mai "},{"date":"2026-04-29","first_seen_on":"2026-04-29T13:06:57+00:00","id":"706a4ced22f3ecd24565ac78eb50e4b87270756e32cc24ee0fa2f596dfa68672","name":"Arr\u00eat\u00e9 n\u00b02026-00485 portant mesures de police applicables en Seine-Saint-Denis les 2 et 3 mai 2026 "},{"date":"2026-04-29","first_seen_on":"2026-04-29T13:06:31+00:00","id":"8ec4bdc68c71f273e422d4d011a0c9ca712e87125217eb8ea651b39e99cc5d68","name":"Arr\u00eat\u00e9 n\u00b02026-00486 autorisant la captation, l\u2019enregistrement et la transmission d\u2019images au moyen de cam\u00e9ras install\u00e9es sur des a\u00e9ronefs \u00e0 l\u2019occasion des concerts de l\u2019artiste Fally Ipupa au Stade de France \u00e0 Saint-Denis (93) les 2 et 3 mai 2026 "},{"date":"2026-04-29","first_seen_on":"2026-04-29T13:05:54+00:00","id":"05712b14d88bb4b9cf00b5e72bca04c2c42f1c323f2cfd626f3d700e3b1db987","name":"Arr\u00eat\u00e9 n\u00b02026-00487 instituant un p\u00e9rim\u00e8tre de protection et diff\u00e9rentes mesures de police \u00e0 l\u2019occasion des concerts de l\u2019artiste Fally Ipupa au Stade de France \u00e0 Saint-Denis (93) les 2 et 3 mai 2026"},{"date":"2026-04-29","first_seen_on":"2026-04-29T13:04:48+00:00","id":"5a3218982cbb84e8d7f9f9517e3679130f7ffc2a5e60835706f54bd09b620eee","name":"Arr\u00eat\u00e9 n\u00b02026-00489 autorisant la captation, l\u2019enregistrement et la transmission d\u2019images au moyen de cam\u00e9ras install\u00e9es sur des a\u00e9ronefs \u00e0 l\u2019occasion de la 32\u00e8me journ\u00e9e du championnat de France de football de Ligue 1 au stade Jean Bouin le dimanche 3/05"},{"date":"2026-04-29","first_seen_on":"2026-04-29T13:03:40+00:00","id":"0deb7a9568e048723523f396b4b604106965f633a9fc2acf206dd0319afe6aa4","name":"Arr\u00eat\u00e9 n\u00b02026-00490 instituant un p\u00e9rim\u00e8tre de protection et diff\u00e9rentes mesures de police \u00e0 l\u2019occasion de la 32\u00e8me journ\u00e9e du championnat de France de football de Ligue 1 au stade Jean Bouin le dimanche 3 mai 2026"},{"date":"2026-04-28","first_seen_on":"2026-04-28T13:03:27+00:00","id":"27e4e77e6e258d508b144f881dc076d21d9e6145040556d2d95fc46ecdcb4f31","name":"Arr\u00eat\u00e9 2026-00481 autorisant la captation, l\u2019enregistrement et la transmission d\u2019images au moyen de cam\u00e9ras install\u00e9es sur des a\u00e9ronefs \u00e0 Paris \u00e0 l\u2019occasion d'une manifestation le vendredi 1er mai 2026"},{"date":"2026-04-28","first_seen_on":"2026-04-28T10:03:45+00:00","id":"64aee359392c1c651c2263fe650d1e3991b4d38e4730bda031fa03f93806c8b2","name":"Arr\u00eat\u00e9 2026-00477 autorisant la captation, l\u2019enregistrement et la transmission d\u2019images au moyen de cam\u00e9ras install\u00e9es sur des a\u00e9ronefs \u00e0 Paris \u00e0 l\u2019occasion du match de Ligue des champions entre le Paris Saint-Germain et le FC Bayern Munich le 28/04/26"},{"date":"2026-04-28","first_seen_on":"2026-04-28T10:03:31+00:00","id":"28918fae1d7c08d74108ed23c72bb90f2e405aca4746459d8eadade93edee6ac","name":"Arr\u00eat\u00e9 pr\u00e9fectoral n\u00b0 2026-00482 du 28 avril 2026 modifiant provisoirement la circulation place de la R\u00e9publique \u00e0 Paris 10\u00e8me, le 9 mai 2026"},{"date":"2026-04-27","first_seen_on":"2026-04-27T10:03:43+00:00","id":"832e6d61d32b415b18f2dc765c8da193c65e6395a512e38456f04e7fc72c9703","name":"Arr\u00eat\u00e9 n\u00b02026-00474 portant mesures de police applicables \u00e0 Paris du 28 avril 2026 au 29 avril 2026"},{"date":"2026-04-24","first_seen_on":"2026-04-24T16:07:45+00:00","id":"819aaa350b1a1c8cec4db2b4d382fb9b70abc8ae97c5c7d9c38a627b9e66a31c","name":"Arr\u00eat\u00e9 n\u00b02026-00470 instituant un p\u00e9rim\u00e8tre de protection et diff\u00e9rentes mesures de police \u00e0 l\u2019occasion de la demi-finale aller de la Ligue des champions de football entre le PSG et le FC Bayern Munich au Parc des Princes le mardi 28 avril 2026"},{"date":"2026-04-24","first_seen_on":"2026-04-24T13:04:28+00:00","id":"2f57b10baa697eaac29a7447feea3d51eae8d21a1ddaec8aa9dd1e861197afc4","name":"Arr\u00eat\u00e9 n\u00b02026-00467 du 24 avril 2026 modifiant provisoirement la circulation rue de Grenelle \u00e0 Paris 7\u00e8me, les 7, 14 et 21 mai 2026"},{"date":"2026-04-24","first_seen_on":"2026-04-24T13:04:15+00:00","id":"969d6bf7d35456d3b1b137f37678c44f51ab3cecd4506d74cc6a1ae79417a633","name":"Arr\u00eat\u00e9 n\u00b02026 - 00464  du 24 avril 2026 - modifiant la circulation \u00e0 Paris 6\u00e8me le 29 avril 2026"},{"date":"2026-04-24","first_seen_on":"2026-04-24T13:03:50+00:00","id":"369ae86e4bb0f35503e147dd6f45e9fcd5fb5a25f094e10486cde89b9e7e39ae","name":"Arr\u00eat\u00e9 n\u00b02026 - 00466 du 24 avril 2026 -cr\u00e9ant une aire pi\u00e9tonne temporaire dans certaines voies du 8\u00e8me arrondissement de Paris, \u00e0 l'occasion de la manifestation \"pi\u00e9tonnisation des Champs-Elys\u00e9es\" le 3 mai 2026"},{"date":"2026-04-24","first_seen_on":"2026-04-24T10:03:52+00:00","id":"6f3c26bf549a17b69c8bb220f1303323abcb824a4621c3edfe3378ab1d57a1e4","name":"Arr\u00eat\u00e9 n\u00b02026-00465 modifiant provisoirement le stationnement et la circulation dans plusieurs voies de Paris 16\u00e8me et de Boulogne-Billancourt \u00e0 l\u2019occasion de la rencontre de football entre les \u00e9quipes du PFC et du Stade Brestois le 3 mai 2026"},{"date":"2026-04-24","first_seen_on":"2026-04-24T10:03:40+00:00","id":"5ad964e16c366a71c818761cff1aef05d62fb010fba2fcbc8a41a87b846c7422","name":"Arr\u00eat\u00e9 n\u00b02026-00468 du 24 avril 2026 modifiant provisoirement la circulation boulevard Lannes \u00e0 Paris 16\u00e8me, le 28 avril 2026"},{"date":"2026-04-23","first_seen_on":"2026-04-23T10:04:53+00:00","id":"4571a35862bbab8888a387c994134af5fe38dc93aee600e878803899c20dbefb","name":"Arr\u00eat\u00e9 n\u00b02026-00456 portant encadrement du d\u00e9placement de supporters et instaurant un p\u00e9rim\u00e8tre comportant certaines mesures de police \u00e0 l\u2019occasion de la rencontre de football de Ligue 1 du dimanche 26 avril 2026 entre les \u00e9quipes du Paris Football Club "},{"date":"2026-04-23","first_seen_on":"2026-04-23T10:04:05+00:00","id":"ab8b34b69d826e51b12311d6ddc1f9b515c0fa8d65fa471abd12b2f37c16cd77","name":"Arr\u00eat\u00e9 n\u00b02026-00460 modifiant provisoirement le stationnement et la circulation dans certaines voies \u00e0 Paris 16\u00e8me \u00e0 l'occasion des Internationaux de France de tennis 2026"},{"date":"2026-04-22","first_seen_on":"2026-04-22T16:05:06+00:00","id":"a979db69ec625386021e9b6257e432f39afd43a23d4a4349476bc96b08cbb040","name":"Arr\u00eat\u00e9 n\u00b02026-00457 du 22 avril 2026 modifiant provisoirement le stationnement dans certaines voies des arrondissements \u00e0 Paris Centre, 10\u00e8me, 11\u00e8me et 12\u00e8me, \u00e0 l\u2019occasion de la manifestation revendicative du 1er mai 2026"},{"date":"2026-04-22","first_seen_on":"2026-04-22T16:04:51+00:00","id":"07a8f75d7eb242257605a61a63624f0a30e227607af150e8aef9d691f5386ad2","name":"Arr\u00eat\u00e9 2026-00458 portant interdiction partielle d\u2019un rassemblement devant se tenir le 23 avril 2026 \u00e0 Paris"},{"date":"2026-04-22","first_seen_on":"2026-04-22T16:03:52+00:00","id":"162e2d1cb03091c3fdbee700e452682f19d44ea66333eeaf33bc607f8d30c5aa","name":"Arr\u00eat\u00e9 2026-00459 portant mesures de police applicables \u00e0 Paris \u00e0 l\u2019occasion de la c\u00e9r\u00e9monie de comm\u00e9moration du g\u00e9nocide arm\u00e9nien le 24 avril 2026"},{"date":"2026-04-22","first_seen_on":"2026-04-22T13:05:16+00:00","id":"dc71aadffa1892bf28ed70c8e7eff4b89e4ca5cf9362f8fdad680f81f6e0a0bb","name":"Arr\u00eat\u00e9 n\u00b02026-00454 instituant un p\u00e9rim\u00e8tre de protection et diff\u00e9rentes mesures de police \u00e0 l\u2019occasion de la 31\u00e8me journ\u00e9e du championnat de France de football de Ligue 1 au stade Jean Bouin le dimanche 26 avril 2026"},{"date":"2026-04-22","first_seen_on":"2026-04-22T13:04:52+00:00","id":"8fd89e16ab2fc47ec1929b29fabeeaf2ce3554cbc49769bb739cdd9eb2674eff","name":"Arr\u00eat\u00e9 n\u00b02026-00455 autorisant la captation, l\u2019enregistrement et la transmission d\u2019images au moyen de cam\u00e9ras install\u00e9es sur des a\u00e9ronefs \u00e0 l\u2019occasion de la 31\u00e8me journ\u00e9e du championnat de France de football de Ligue 1 au stade Jean Bouin le 26 avril 2026"},{"date":"2026-04-22","first_seen_on":"2026-04-22T13:04:28+00:00","id":"e6a892db835b4513fa68ccc3c5ae7f00080ce8c0264c54c9b9f82c4e07d20c90","name":"Arr\u00eat\u00e9 n\u00b02026-00452 modifiant provisoirement le stationnement et la circulation dans plusieurs voies de Paris 16\u00e8me et de Boulogne-Billancourt \u00e0 l\u2019occasion de la rencontre de football entre les \u00e9quipes du PFC et du LOSC le 26 avril 2026"},{"date":"2026-04-22","first_seen_on":"2026-04-22T10:03:28+00:00","id":"34ace9fb3f2c982dcbec8845caab1b8be0b337491a69ca2739ee869e994f472b","name":"Arr\u00eat\u00e9 n\u00b02026-00453 portant interdiction d\u2019un rassemblement devant se tenir le 25 avril 2026 \u00e0 Paris"},{"date":"2026-04-21","first_seen_on":"2026-04-21T16:03:28+00:00","id":"ce6aaf1b686ab0e957a24e265a8ff3097d347246df1ae9207e0e6e044010ade2","name":"Arr\u00eat\u00e9 n\u00b02026-00445 portant mesures de police applicables le 23 avril 2026 \u00e0 Paris"},{"date":"2026-04-21","first_seen_on":"2026-04-21T13:03:30+00:00","id":"19d409913c067d80e8638910a09315139a8c0a5db35f3675cce1012ef16a3d78","name":"Arr\u00eat\u00e9 n\u00b02026-00446 portant mesures de police applicables les 23 et 24 avril 2026 \u00e0 l\u2019occasion du Sommet du G7 environnement \u00e0 Paris"},{"date":"2026-04-21","first_seen_on":"2026-04-21T10:04:33+00:00","id":"74e66d0ef299370a6eb7d4b2eab88232a39b6805980d92ebeff06e3a9c947f72","name":"Arr\u00eat\u00e9 n\u00b02026-00440 modifiant provisoirement le stationnement et la circulation dans plusieurs voies de Paris 16e et de Boulogne-Billancourt \u00e0 l\u2019occasion de la rencontre de football entre le Paris Saint-Germain Football Club et le Football Club de Lorient"},{"date":"2026-04-21","first_seen_on":"2026-04-21T10:03:43+00:00","id":"6be7a58f7ba2bfca9159a3cf9c9a6cee12ba2f8a30202be682b1cd452f6c979d","name":"Arr\u00eat\u00e9 pr\u00e9fectoral 2026-00441 du 21 avril 2026 modifiant provisoirement le stationnement et la circulation dans plusieurs voies de Paris 16\u00e8me et de Boulogne-Billancourt le 28 avril 2026 \u00e0 l\u2019occasion de la rencontre de football entre le Paris Saint-Germai"},{"date":"2026-04-20","first_seen_on":"2026-04-20T16:03:38+00:00","id":"66df7154bad55e54563f8caddd91dad342c8f282a6c985a77b90fa22efd7bbd2","name":"Arr\u00eat\u00e9 n\u00b02026-00438 portant mesures de police applicables le 22 avril 2026 \u00e0 l\u2019occasion d\u2019une rencontre des ministres charg\u00e9s de l\u2019environnement du G7 \u00e0 Paris au Mus\u00e9e de l\u2019Homme"},{"date":"2026-04-20","first_seen_on":"2026-04-20T10:03:27+00:00","id":"08ec74369a1c267d81b4e27a047665465c4beb7c8642a67a083cee6923aa274d","name":"Arr\u00eat\u00e9 n\u00b02026-00434 modifiant provisoirement la circulation \u00e0 Paris Centre, le 22 avril 2026"},{"date":"2026-04-17","first_seen_on":"2026-04-17T19:03:29+00:00","id":"512767b92f98a8163779c8ff286e2d16586c5213a2ccce167501a50c9974236f","name":"Arr\u00eat\u00e9 2026-00432 portant interdiction partielle d\u2019une manifestation le 19 avril 2026 \u00e0 Paris"},{"date":"2026-04-17","first_seen_on":"2026-04-17T16:03:56+00:00","id":"8b20ee0e12a7883c1cf6d014ca6693d0897f040fdc71c0516f20e918d272bd1d","name":"Arr\u00eat\u00e9 n\u00b02026-00431 portant encadrement du d\u00e9placement de supporters et instaurant un p\u00e9rim\u00e8tre comportant certaines mesures de police \u00e0 l\u2019occasion de la rencontre de football de Ligue 1 du mercredi 22 avril 2026 entre les \u00e9quipes du PSG et du FCN"},{"date":"2026-04-17","first_seen_on":"2026-04-17T16:03:35+00:00","id":"f695ff84652de4a26fff462b58e9a21ce1b230b8b28df76a2bbd3fab6dc788e8","name":"Arr\u00eat\u00e9 2026-00433 autorisant la captation, l\u2019enregistrement et la transmission d\u2019images au moyen de cam\u00e9ras install\u00e9es sur des a\u00e9ronefs le 19 avril 2026 \u00e0 l\u2019occasion d\u2019une op\u00e9ration de s\u00e9curisation dans les Hauts-de-Seine (92)"},{"date":"2026-04-17","first_seen_on":"2026-04-17T13:03:34+00:00","id":"d6f72ad5404646535900cc35f0b083c509c6e2a1d0e7c835390f6fbd010738a4","name":"Arr\u00eat\u00e9 n\u00b02026-00430 portant interdiction partielle d\u2019une manifestation le 19 avril 2026 \u00e0 Paris"},{"date":"2026-04-17","first_seen_on":"2026-04-17T13:03:30+00:00","id":"e43f28a191434a57f57f30500647d14ed59a5f3629c65305b481236ce24af99f","name":"Arr\u00eat\u00e9 pr\u00e9fectoral n\u00b02026-00429 du 17 avril 2026 modifiant provisoirement la circulation et le stationnement place des Pyramides \u00e0 Paris Centre les 9 et 11 mai 2026"},{"date":"2026-04-16","first_seen_on":"2026-04-16T17:20:40+00:00","id":"b4cafa15b9c762aa26508058b236799d8457299dd01e8a848cb076d2fcd7f38b","name":"Arr\u00eat\u00e9 n\u00b02026-00427 modifiant provisoirement la circulation et le stationnement de la place Charles De Gaulle \u00e0 Paris, dans le cadre du tournage de la s\u00e9rie \"REINETTE\" le 19 avril 2026"},{"date":"2026-04-16","first_seen_on":"2026-04-16T12:04:14+00:00","id":"fc59cc6649ed1b4ac137f8a12ea50d92ce2e1a834003c0fdc642a5fcb97307ab","name":"Arr\u00eat\u00e9 n\u00b02026-00425 du 16 avril 2026 modifiant provisoirement la circulation rue Asseline \u00e0 Paris 14\u00e8me les 20 et 24 avril 2026"},{"date":"2026-04-15","first_seen_on":"2026-04-15T10:04:23+00:00","id":"aa512f919e0493be7a7734f9023cae8c0f5a4c46173387f6bd4700225f631ef8","name":"Arr\u00eat\u00e9 pr\u00e9fectoral n\u00b0 2026-00424 du avril 2026 modifiant provisoirement la circulation dans plusieurs voies \u00e0 Paris Centre et 7\u00e8me arrondissement les 16 et 17 avril 2026"},{"date":"2026-04-14","first_seen_on":"2026-04-14T16:06:25+00:00","id":"3590ae534bee3f0bd6511eeab532a0a7c23cd7711730fab0f993e1efb55f5841","name":"Arr\u00eat\u00e9 2026-00418 instituant un p\u00e9rim\u00e8tre de protection et diff\u00e9rentes mesures de police \u00e0 l'occasion de la rencontre Paris Saint-Germain - Football Club de Nantes comptant pour la 26\u00e8me journ\u00e9e du championnat de France de football de Ligue 1 au Parc des "},{"date":"2026-04-14","first_seen_on":"2026-04-14T16:05:04+00:00","id":"76a260c8bccae916e9fadbf2e96a7fac5fa77ddb8031b43810fdd27a94a51abf","name":"Arr\u00eat\u00e9 2026-00420 autorisant la captation, l\u2019enregistrement et la transmission d\u2019images au moyen de cam\u00e9ras install\u00e9es sur des a\u00e9ronefs \u00e0 l\u2019occasion de la rencontre entre le Paris Saint-Germain et le Football Club de Nantes au Parc des Princes le mercredi"},{"date":"2026-04-14","first_seen_on":"2026-04-14T10:04:40+00:00","id":"65dec376eba9e38fc0ab0fc2d4681a18ef3a4799e5091fceeb59324328f1c8be","name":"Arr\u00eat\u00e9 n\u00b02026-00409 instituant un p\u00e9rim\u00e8tre au sein duquel la pr\u00e9sence de certaines cat\u00e9gories de supporters est r\u00e9glement\u00e9e et instaurant certaines mesures de police \u00e0 l\u2019occasion de la rencontre de football de Ligue 1 du dimanche 19 avril 2026"},{"date":"2026-04-13","first_seen_on":"2026-04-13T18:05:27+00:00","id":"dbf1a8c67836fd076c46b7e55c078fd4a4f795fd90c62da7928ffd3ffcd8dd03","name":"Arr\u00eat\u00e9 pr\u00e9fectoral n\u00b02026-00416 du 13 avril 2026 modifiant provisoirement la circulation et le stationnement avenue de Saxe \u00e0 Paris 7\u00e8me dans le cadre de l'\u00e9v\u00e8nement le Grand D\u00eener Avenue de Saxe de la paroisse Saint Fran\u00e7ois-Xavier, le 12 mai 2026"},{"date":"2026-04-13","first_seen_on":"2026-04-13T18:05:05+00:00","id":"68c1bd61edf9ef46b77811f3136c1e55046969cd33e693f05ad8c44be012878e","name":"Arr\u00eat\u00e9 pr\u00e9fectoral n\u00b02026-00415 du 13 avril 2026 modifiant provisoirement le stationnement et la circulation dans plusieurs voies de Paris 16\u00e8me et de Boulogne-Billancourt \u00e0 l\u2019occasion de la rencontre de football entre le Paris Saint-Germain Football Club"},{"date":"2026-04-13","first_seen_on":"2026-04-13T12:04:42+00:00","id":"05b4faa6966fadfa0aa180540c1fd0a3ddd654868471cee3e41ee52cb20d6b59","name":"Arr\u00eat\u00e9 2026-00413 instituant un p\u00e9rim\u00e8tre de protection et diff\u00e9rentes mesures de police \u00e0 l\u2019occasion de la 30\u00e8me journ\u00e9e du championnat de France de football de Ligue 1 au Parc des Princes le dimanche 19 avril 2026"},{"date":"2026-04-13","first_seen_on":"2026-04-13T12:04:31+00:00","id":"1cc30d9adbdcfede30536d152a6182eee4cc28d2b925147c3bf8bb2ebe5df72a","name":"Arr\u00eat\u00e9 2026-00414 autorisant la captation, l\u2019enregistrement et la transmission d\u2019images au moyen de cam\u00e9ras install\u00e9es sur des a\u00e9ronefs \u00e0 l\u2019occasion de la 30\u00e8me journ\u00e9e du championnat de France de football de Ligue 1 au Parc des Princes le 19 avril"},{"date":"2026-04-10","first_seen_on":"2026-04-10T16:04:22+00:00","id":"4ab053b9898eefb0fcc818572af4aaec63357ba8f2eae153d326b54b0e7435c2","name":"Arr\u00eat\u00e9 2026-00408 du 10 avril 2026 autorisant la captation, l\u2019enregistrement et la transmission d\u2019images au moyen de cam\u00e9ras install\u00e9es sur des a\u00e9ronefs \u00e0 l\u2019occasion du marathon de Paris le dimanche 12 avril 2026 "}],"total":3574}
