{"elements":[{"date":"2026-04-10","first_seen_on":"2026-04-10T16:04:09+00:00","id":"24b14e760a2c41f2ce204d1930b6a072dc67de69aa55a2dc543ecbe1030cdcf7","name":"Arr\u00eat\u00e9 n\u00b02026-00410 modifiant provisoirement le stationnement et la circulation dans plusieurs voies de Paris 16\u00e8me et de Boulogne-Billancourt \u00e0 l'occasion de la rencontre de football entre le Paris Saint-Germain et l'Olympique Lyonnais le 19 avril 2026."},{"date":"2026-04-10","first_seen_on":"2026-04-10T14:04:45+00:00","id":"691cf42566436d3de63eada5d3841f07214db17c19933dc605cee910695c04da","name":"Arr\u00eat\u00e9 2026-00407 du 10 avril 2026 autorisant la captation, l\u2019enregistrement et la transmission d\u2019images au moyen de cam\u00e9ras install\u00e9es sur des a\u00e9ronefs \u00e0 l\u2019occasion d\u2019un rassemblement \u00e0 Saint-Denis (93) le 11 avril 2026 "},{"date":"2026-04-10","first_seen_on":"2026-04-10T12:06:43+00:00","id":"5fdaef3ec3ef3268797ca7e8a5e7e7be7cbf6bca9d7757b6495f583d5001c79f","name":"Arr\u00eat\u00e9 DUPA n\u00b0 2026-0499 sign\u00e9 le 10 avril 2026 portant communication des arr\u00eat\u00e9s de vid\u00e9oprotection \u00e0 l'issue de la commission d\u00e9partementale du 27 mars 2026"},{"date":"2026-04-10","first_seen_on":"2026-04-10T10:04:17+00:00","id":"89ca6b5cf32a459d3e0cfeadd959a988bedc1a18ae878f95d9e395ba65b708a8","name":"Arr\u00eat\u00e9 pr\u00e9fectoral 2026-00404 du 9 avril 2026 modifiant provisoirement la circulation de la contre-all\u00e9e de l'avenue George V \u00e0 Paris 8\u00e8me les 20, 21 et 24 avril 2026"},{"date":"2026-04-09","first_seen_on":"2026-04-09T14:04:58+00:00","id":"750d4c3322f8245168a7dd614e984132da5f4cb77a150ff48673ec6a7dbd02d7","name":"Arr\u00eat\u00e9 pr\u00e9fectoral n\u00b0 2026-00403 du 9 avril 2026 modifiant provisoirement la circulation sur l\u2019anneau cyclable autour de l\u2019hippodrome de Longchamp \u00e0 l\u2019occasion de l\u2019\u00e9preuve cycliste de la 24\u00e8me \u00e9dition du \u00ab Criterium handisport de Paris-Longchamp \u00bb"},{"date":"2026-04-09","first_seen_on":"2026-04-09T14:04:37+00:00","id":"2ed21331641e6f651ecaf2581f05c838630a86c3e2f2a4f497e1ac4dee62de8d","name":"Arr\u00eat\u00e9 pr\u00e9fectoral n\u00b02026-00405 du 9 avril 2026 modifiant provisoirement le stationnement et la circulation dans plusieurs voies \u00e0 Paris 16\u00e8me le 10 mai 2026, \u00e0 l\u2019occasion de la 16\u00e8me \u00e9dition de la course p\u00e9destre \u00ab PARIS-SAINT-GERMAINT-EN-LAYE \u00bb"},{"date":"2026-04-08","first_seen_on":"2026-04-08T12:04:44+00:00","id":"1b78bd7683b87bfa1cecd8f5ce7ad162791dcd347d5ac88495861b447c1c88ad","name":"Arr\u00eat\u00e9 2026-00402 modifiant l'arr\u00eat\u00e9 2026-00397 du 7 avril 2026 instituant un p\u00e9rim\u00e8tre de protection et diff\u00e9rentes mesures de police \u00e0 l\u2019occasion du quart de finale aller de la Ligue des champions de football entre le Paris Saint-Germain et le Liverpool"},{"date":"2026-04-07","first_seen_on":"2026-04-07T16:06:19+00:00","id":"dfa503710913153fe37c21f18b952bd97ae561f42cc9f369797f70f6f0cf1178","name":"Arr\u00eat\u00e9 2026-00397 instituant un p\u00e9rim\u00e8tre de protection et diff\u00e9rentes mesures de police \u00e0 l\u2019occasion du quart de finale aller de la Ligue des champions de football entre le Paris Saint-Germain et le Liverpool Football Club au Parc des Princes le mercredi"},{"date":"2026-04-07","first_seen_on":"2026-04-07T16:06:00+00:00","id":"3ce4e4870d9eb0a7cd49d778810c25d58fffbc8135d6cd0ab4f04e83a61c628b","name":"Arr\u00eat\u00e9 2026-00398 autorisant la captation, l\u2019enregistrement et la transmission d\u2019images au moyen de cam\u00e9ras install\u00e9es sur des a\u00e9ronefs \u00e0 l\u2019occasion du match PSG-Liverpool le 8 avril 2026 "},{"date":"2026-04-07","first_seen_on":"2026-04-07T16:05:43+00:00","id":"8cfd98ef7ca1d956396637e18244bee32b1167b9ef9a042168a0de9b075e6daf","name":"Arr\u00eat\u00e9 2026-00399 autorisant la captation, l\u2019enregistrement et la transmission d\u2019images au moyen de cam\u00e9ras install\u00e9es sur des a\u00e9ronefs \u00e0 l\u2019occasion du concert de Josman \u00e0 Paris La D\u00e9fense Ar\u00e9na le 10 avril 2026"},{"date":"2026-04-07","first_seen_on":"2026-04-07T16:05:22+00:00","id":"06b652a685ac814bf6bf6ecb791b82d0c1cad59c97d0e95344a8a86b215734cc","name":"Arr\u00eat\u00e9 2026-00395 instituant un p\u00e9rim\u00e8tre de protection et diff\u00e9rentes mesures de police \u00e0 l\u2019occasion de la 29\u00e8me journ\u00e9e du championnat de France de football de Ligue 1 au stade Jean Bouin le vendredi 10 avril 2026 "},{"date":"2026-04-07","first_seen_on":"2026-04-07T16:05:04+00:00","id":"ecf4fe2ce39959b0963b3a8cf762294e1ec926196b1f233d376be4648dfc556d","name":"Arr\u00eat\u00e9 2026-00396 autorisant la captation, l\u2019enregistrement et la transmission d\u2019images au moyen de cam\u00e9ras install\u00e9es sur des a\u00e9ronefs \u00e0 l\u2019occasion de la 29\u00e8me journ\u00e9e du championnat de France de football de Ligue 1 au stade Jean Bouin le vendredi 10 avr"},{"date":"2026-04-07","first_seen_on":"2026-04-07T14:04:41+00:00","id":"65b6291260bcc6168e31208b792af2cf862fd78cb9317befa0095cb4703913d9","name":"Arr\u00eat\u00e9 n\u00b02026-00394 du 7 avril 2026 modifiant provisoirement le stationnement et la circulation \u00e0 Paris 7\u00e8me, les 19 et 20 avril 2026"},{"date":"2026-04-07","first_seen_on":"2026-04-07T12:08:04+00:00","id":"4c7c877aefa5720ddaf01a6cec9d2b22dda685e00a221ccce8674c8f608a0185","name":"Arr\u00eat\u00e9 n\u00b02026-00388 du 3 avril 2026 modifiant provisoirement le stationnement et la circulation dans plusieurs voies de Paris du 4 au 12 avril 2026 \u00e0 l\u2019occasion des courses p\u00e9destres"},{"date":"2026-04-07","first_seen_on":"2026-04-07T12:06:36+00:00","id":"e0f224bfcd660f8421b5ec81356b20b07f9e2ccd9fddaed8704b5ec801179dbe","name":"Arr\u00eat\u00e9 n\u00b02026 - 00393 modifiant provisoirement la circulation rue Monsieur Le Prince \u00e0 Paris 6\u00e8me, \u00e0 l'occasion du long-m\u00e9trage \"NANA\" les 13 et 14 avril 2026"},{"date":"2026-04-03","first_seen_on":"2026-04-05T07:23:42+00:00","id":"644344d457754c2df0f07e0260de4776f1fda6fc9b86aa1b5b10bb439c9515ef","name":"Arr\u00eat\u00e9 2026-00383 autorisant la captation, l\u2019enregistrement et la transmission d\u2019images au moyen de cam\u00e9ras install\u00e9es sur des a\u00e9ronefs \u00e0 l\u2019occasion d\u2019une manifestation le 4 avril 2026"},{"date":"2026-04-03","first_seen_on":"2026-04-05T07:23:38+00:00","id":"ee144b50ed6f7767ec407c5c01e6810a09ff3efd5f399647994d34276f7ba1b7","name":"Arr\u00eat\u00e9 n\u00b02026-00382 portant interdiction partielle d\u2019une manifestation pr\u00e9vue le 4 avril 2026 \u00e0 Paris"},{"date":"2026-04-03","first_seen_on":"2026-04-05T07:23:34+00:00","id":"599254871d5dedeed7dbcdb44fe5a363116c46c13965428a4c2f37c88a7bc594","name":"Arr\u00eat\u00e9 n\u00b02026-00380 limitant temporairement le volume sonore pour la diffusion du son amplifi\u00e9 sur la place de la R\u00e9publique \u00e0 Paris du 4 avril 2026 au 28 juin 2026 inclus"},{"date":"2026-04-03","first_seen_on":"2026-04-05T07:23:30+00:00","id":"b10f892d2846b9dce0680e6ee64f84584067791f298ef58c6efaa9b5f49b8ebb","name":"Arr\u00eat\u00e9 n\u00b02026-00381 limitant temporairement le volume sonore pour la diffusion du son amplifi\u00e9 sur le secteur de la place du Ch\u00e2teau Rouge \u00e0 Paris du 4 avril 2026 au 28 juin 2026 inclus."},{"date":"2026-04-03","first_seen_on":"2026-04-05T07:23:25+00:00","id":"51b0bfd3b429182b92a55683ddf8816366b5b87ee3c9b4068ecda3a0d6734f67","name":"Arr\u00eat\u00e9 n\u00b02026-00379 portant interdiction du regroupement de certaines cat\u00e9gories de v\u00e9hicules \u00e0 Paris chaque dimanche du 5 avril 2026 au 28 juin 2026 inclus"},{"date":"2026-04-03","first_seen_on":"2026-04-05T07:23:09+00:00","id":"d108dfe902fb6a72ae02cdec5cd17d2073c2c213781ae9fec6990208116b8a8b","name":"Arr\u00eat\u00e9 n\u00b02026-00378 autorisant la captation, l\u2019enregistrement et la transmission d\u2019images au moyen de cam\u00e9ras install\u00e9es sur des a\u00e9ronefs \u00e0 l\u2019occasion d\u2019une rencontre sportive le 9 avril 2026"},{"date":"2026-04-03","first_seen_on":"2026-04-05T07:23:02+00:00","id":"19bb6ad20ada85a68792dfe4bc23df050f698211b09018ee662c5f2890e4f43e","name":"Arr\u00eat\u00e9 2026-00386 autorisant la captation, l\u2019enregistrement et la transmission d\u2019images au moyen de cam\u00e9ras install\u00e9es sur des a\u00e9ronefs \u00e0 l\u2019occasion d\u2019une manifestation \u00e0 Saint-Denis (93) le 4 avril 2026 "},{"date":"2026-04-03","first_seen_on":"2026-04-05T07:22:39+00:00","id":"8d3c3b53d855472c35f21cb5a3d6e1044358f46a112396b378ff04604b5718fe","name":"Arr\u00eat\u00e9 pr\u00e9fectoral n\u00b02026-00385 du 3 avril 2026 modifiant provisoirement le stationnement et la circulation dans plusieurs voies de Paris 16\u00e8me et de Boulogne-Billancourt \u00e0 l\u2019occasion de la rencontre de football entre le Paris Football Club et l'Associati"},{"date":"2026-04-03","first_seen_on":"2026-04-05T07:22:16+00:00","id":"7b4c3439e9768ca29b4a84c8609347532e924a889d38ab814e43d356c1ed9e9c","name":"Arr\u00eat\u00e9 pr\u00e9fectoral n\u00b0 2026-00384 du 3 avril 2026 modifiant provisoirement le stationnement et la circulation dans plusieurs voies de Paris 16\u00e8me et de Boulogne-Billancourt \u00e0 l\u2019occasion de la rencontre de football entre le Paris Saint-Germain Football Club"},{"date":"2026-04-03","first_seen_on":"2026-04-05T07:22:04+00:00","id":"57ed9669bbfbb90711afc98e6fbc711c83faac2140e609e4299a721a9af8077a","name":"Arr\u00eat\u00e9 2026-00387 portant d\u00e9rogation exceptionnelle temporaire en Ile-de-France \u00e0 l'interdiction de circulation \u00e0 certaines p\u00e9riodes de v\u00e9hicules de transport de marchandises de plus de 7.5 tonnes de poids total autoris\u00e9 en charge (PTAC) pour le transport"},{"date":"2026-04-03","first_seen_on":"2026-04-05T07:21:53+00:00","id":"4f6073892ebcc26f0db688b12800a0f60479ed9ad12920e8b2302c45818e7599","name":"Arr\u00eat\u00e9 n\u00b02026-00388 modifiant provisoirement le stationnement et la circulation dans plusieurs voies de Paris du 4 au 12 avril 2026 \u00e0 l'occasion des courses p\u00e9destres \"Marathon international de Paris\", \"Paris Run For All\" et \"Marathoon's\""},{"date":"2026-04-02","first_seen_on":"2026-04-05T07:24:28+00:00","id":"b36cf1ea15e34e942fe379e72af085feeb02a354a0c9630b7d8fbbeda020e725","name":"Arr\u00eat\u00e9 n\u00b02026-00365 portant interdiction de la Rencontre annuelle des musulmans de France du 3 au 6 avril 2026 au Parc des Expositions de Paris-Le Bourget"},{"date":"2026-04-02","first_seen_on":"2026-04-05T07:24:11+00:00","id":"3a6bb389f919729be3a38a15eb0a3f373e3f30a1c0ecffc42ba3a1acad6ee454","name":"Arr\u00eat\u00e9 n\u00b02026-00359 autorisant la captation, l\u2019enregistrement et la transmission d\u2019images au moyen de cam\u00e9ras install\u00e9es sur des a\u00e9ronefs \u00e0 Paris et dans les Hauts-de-Seine (92) du 2 avril 2026 au 31 mai 2026"},{"date":"2026-04-02","first_seen_on":"2026-04-05T07:24:00+00:00","id":"6e0e78960156863f314299b7e63cb7dfbcf231dc9c4621bfdb36e47d58ca4085","name":"Arr\u00eat\u00e9 n\u00b02026-00360 cr\u00e9ant une aire pi\u00e9tonne temporaire dans certains voies du 8\u00e8me arrondissement de Paris \u00e0 l'occasion de la manifestation \"pi\u00e9tonnisation des Champs-\u00c9lys\u00e9es\" le 5 avril 2026."},{"date":"2026-04-02","first_seen_on":"2026-04-05T07:23:54+00:00","id":"cdb5eb393e733de21db070029c8392943dacef2132f1c250a4702654ec7cfa7a","name":"Arr\u00eat\u00e9 2026-00364 portant interdiction des repr\u00e9sentations de M. Dieudonn\u00e9 M\u2019BALA M\u2019BALA du 2 au 30 avril 2026 inclus"},{"date":"2026-03-31","first_seen_on":"2026-04-05T07:25:43+00:00","id":"e7d5b38cf86dfdc052b8054848a3cfa4f041c018ccef8708df219ffb55b0df6e","name":"Arr\u00eat\u00e9 2026-00355 portant interdiction des regroupements de consommateurs de coca\u00efne base dans certains secteurs de Paris et de Seine-Saint-Denis du 1er avril 2026 au 30 juin 2026 inclus"},{"date":"2026-03-31","first_seen_on":"2026-04-05T07:25:19+00:00","id":"dffa4cd77aafdd93cdf222249e7ade2b46c1de2f79888424f373c391fe17a0e7","name":"Arr\u00eat\u00e9 2026-00353 instituant un p\u00e9rim\u00e8tre de protection et diff\u00e9rentes mesures de police \u00e0 l\u2019occasion de la 28\u00e8me journ\u00e9e du championnat de France de football de Ligue 1 au Parc des Princes le vendredi 3 avril 2026"},{"date":"2026-03-31","first_seen_on":"2026-04-05T07:25:07+00:00","id":"973d2c21cccb7e5f29ca8ce39a3f1e946cdad8f4a1ffecb3cbf05f9927aded18","name":"Arr\u00eat\u00e9 2026-00356 autorisant les agents du service interne de s\u00e9curit\u00e9 de la RATP \u00e0 proc\u00e9der \u00e0 des palpations de s\u00e9curit\u00e9 dans certaines stations, gares et arr\u00eats du r\u00e9seau francilien du 1er avril au 30 juin 2026 "},{"date":"2026-03-31","first_seen_on":"2026-04-05T07:25:00+00:00","id":"52e5a8ae12dcc01ebcc9756ce59dfacf6b4843a40557baa36c43bfc62a971513","name":"Arr\u00eat\u00e9 pr\u00e9fectoral n\u00b0 2026-00357 du 31 mars 2026 modifiant provisoirement le stationnement et la circulation dans plusieurs voies de Paris les 4 et 5 avril 2026 \u00e0 l\u2019occasion de \u00ab La Grande Course RATP du Grand Paris Saint-Denis \u00bb "},{"date":"2026-03-31","first_seen_on":"2026-04-05T07:24:42+00:00","id":"ac7579e48c1aa136696b2dbd42cc22f8fc23aa5ede042dac099dd2be547cfbb4","name":"Arr\u00eat\u00e9 n\u00b02026-00358 autorisant la captation, l\u2019enregistrement et la transmission d\u2019images au moyen de cam\u00e9ras install\u00e9es sur des a\u00e9ronefs \u00e0 l\u2019occasion de la 28\u00e8me journ\u00e9e du championnat de France de football de Ligue 1 au Parc des Princes le 3 avril 2026"},{"date":"2026-03-09","first_seen_on":"2026-03-09T17:04:38+00:00","id":"ee3b9ab5f2f1b29a078ed1553b91630f010b13dec2eb7709635e979e3218599d","name":"Arr\u00eat\u00e9 n\u00b02026 - 00275 modifiant provisoirement la circulation dans le bois de Boulogne \u00e0 Paris 16\u00e8me  \u00e0 l\u2019occasion de l\u2019\u00e9preuve cycliste du duathlon le 15 mars 2026"},{"date":"2026-03-08","first_seen_on":"2026-03-08T11:05:10+00:00","id":"89280975a5474f9d23ebb603eb9fdb2067b3758a845244c1e66a224350520720","name":"D\u00e9cision n\u00b02026-005 relative \u00e0 la mise en \u0153uvre de mesures d\u2019urgence prises en application de l\u2019arr\u00eat\u00e9 interpr\u00e9fectoral n\u00b02016-01383 du 19 d\u00e9cembre 2016 relatif aux proc\u00e9dures d\u2019information-recommandation et d\u2019alerte du public en cas d\u2019\u00e9pisode de polluti"},{"date":"2026-03-06","first_seen_on":"2026-03-06T19:06:08+00:00","id":"4f190d877177106782856a6733ba04334ffff9d776ad52a0c590ed29e7aeee8f","name":"Arr\u00eat\u00e9 n\u00b02026-00271 autorisant la captation, l\u2019enregistrement et la transmission d\u2019images au moyen de cam\u00e9ras install\u00e9es sur des a\u00e9ronefs le 10 mars 2026 \u00e0 l\u2019occasion du deuxi\u00e8me Sommet mondial sur l\u2019\u00e9nergie nucl\u00e9aire"},{"date":"2026-03-06","first_seen_on":"2026-03-06T19:05:42+00:00","id":"52bca09eabcc33251b40a4d507792a9195a1df0fe8a5b6798814c279328c7d9b","name":"Arr\u00eat\u00e9 n\u00b02026-00272 instituant un p\u00e9rim\u00e8tre de protection et diff\u00e9rentes mesures de police applicables dans le d\u00e9partement des Hauts-de-Seine (92) le 10 mars 2026 \u00e0 l\u2019occasion du deuxi\u00e8me Sommet mondial sur l\u2019\u00e9nergie nucl\u00e9aire "},{"date":"2026-03-06","first_seen_on":"2026-03-06T19:05:18+00:00","id":"86be798d9b8f021fd1477833c6cab6f022c88755e687e7c43e60c7ceb74c989f","name":"Arr\u00eat\u00e9 n\u00b02026-00273 portant mesures de police applicables le 10 mars 2026 dans le d\u00e9partement des Hauts-de-Seine (92) \u00e0 l\u2019occasion du deuxi\u00e8me Sommet mondial sur l\u2019\u00e9nergie nucl\u00e9aire"},{"date":"2026-03-06","first_seen_on":"2026-03-06T17:24:28+00:00","id":"8a362fd8d4c4a32761f803c4bee36a3a962eb3d0fd94ff241edec898b4902286","name":"Dispositifs de stationnement et de circulation mis en place le dimanche 8 mars 2026"},{"date":"2026-03-06","first_seen_on":"2026-03-06T11:08:49+00:00","id":"9c13e769c7ec1a494793c26f2433017796e3fbae234fe3675cc52c298c7a26aa","name":"Arr\u00eat\u00e9 n\u00b02026-00270 du 6 mars 2026 modifiant provisoirement la circulation et le stationnement dans plusieurs voies \u00e0 Paris Centre, 10\u00e8me, 11\u00e8me et 19\u00e8me,dans le cadre de la manifestation revendicative \"Droits des Femmes\" le 8 mars 2026"},{"date":"2026-03-06","first_seen_on":"2026-03-06T11:06:40+00:00","id":"5c6dae8c65486853fd3075eacedb93c62d2bf50d1659977200b32325890e2f8c","name":"Arr\u00eat\u00e9 n\u00b02026-00269 autorisant la captation, l\u2019enregistrement et la transmission d\u2019images au moyen de cam\u00e9ras install\u00e9es sur des a\u00e9ronefs \u00e0 Paris le dimanche 8 mars 2026"},{"date":"2026-03-06","first_seen_on":"2026-03-06T11:06:12+00:00","id":"1a1d1f505166e3139eacfaf668cc9e6577a3a43478e8cd0bb9f0a3eb42d85786","name":"Arr\u00eat\u00e9 n\u00b02026-00266 instituant un p\u00e9rim\u00e8tre de protection et diff\u00e9rentes mesures de police \u00e0 l\u2019occasion des huiti\u00e8mes de finale de la Ligue des champions de football entre le Paris Saint-Germain et le Chelsea FC au Parc des Princes le mercredi 11 mars 202"},{"date":"2026-03-06","first_seen_on":"2026-03-06T11:05:30+00:00","id":"4da2fc7fac51806e012b0e89ea7d5a8aa82f8428bc40784dd7c7479ad1dbf144","name":"Arr\u00eat\u00e9 n\u00b02026-00268 autorisant la captation, l\u2019enregistrement et la transmission d\u2019images au moyen de cam\u00e9ras install\u00e9es sur des a\u00e9ronefs \u00e0 l\u2019occasion des huiti\u00e8mes de finale de la Ligue des champions de football entre le Paris Saint-Germain et le Chelsea"},{"date":"2026-03-05","first_seen_on":"2026-03-05T14:05:04+00:00","id":"e5b66dab05cfe69254418b85707fcd1be4cbf3948ab7738fb911ea91670c6297","name":"Arr\u00eat\u00e9 2026-00267 autorisant la captation, l\u2019enregistrement et la transmission d\u2019images au moyen de cam\u00e9ras install\u00e9es sur des a\u00e9ronefs \u00e0 Paris \u00e0 l\u2019occasion d\u2019une manifestation le samedi 7 mars 2026"},{"date":"2026-03-04","first_seen_on":"2026-03-04T15:05:46+00:00","id":"44256840341970cd22d5436210472777149ee29cef1cb40abb6db4f0368418b0","name":"Arr\u00eat\u00e9 n\u00b02026-00261 du 4 mars 2026 modifiant provisoirement le stationnement et la circulation dans plusieurs voies de Paris 16\u00e8me et de Boulogne-Billancourt"},{"date":"2026-03-04","first_seen_on":"2026-03-04T15:04:59+00:00","id":"ca56816cc5dbf5c5d0a996f4b77445df96a0f1a7dae317e588138ebf2c8672d0","name":"Arr\u00eat\u00e9 n\u00b02026-0260 sign\u00e9 le 04/03/2026 portant communication des arr\u00eat\u00e9s de vid\u00e9oprotection \u00e0 l'issue de la commission d\u00e9partementale de vid\u00e9oprotection du 20/02/2026"},{"date":"2026-03-04","first_seen_on":"2026-03-04T11:06:13+00:00","id":"d4015eb61b3ace0fc0e881dc67b25cccc2791c7f3da3c99ed54475bed25ad5a1","name":"Arr\u00eat\u00e9 n\u00b02026-00262 instituant un p\u00e9rim\u00e8tre de protection et diff\u00e9rentes mesures de police \u00e0 l\u2019occasion de la 25\u00e8me journ\u00e9e du championnat de France de football de Ligue 1 au Parc des Princes le vendredi 6 mars 2026"},{"date":"2026-03-04","first_seen_on":"2026-03-04T11:05:51+00:00","id":"f449c95e5f443cc95a3c4aa6f1dc3bd961d2a2a893acfc156048a30047ee3239","name":"Arr\u00eat\u00e9 n\u00b02026-00263 autorisant la captation, l\u2019enregistrement et la transmission d\u2019images au moyen de cam\u00e9ras install\u00e9es sur des a\u00e9ronefs \u00e0 l\u2019occasion de la 25\u00e8me journ\u00e9e du championnat de France de football de Ligue 1 au Parc des Princes le vendredi 6 ma"}],"total":3574}
