{"elements":[{"date":"2026-03-02","first_seen_on":"2026-03-02T15:06:24+00:00","id":"4ec235316a1de40cee7e8cf5bbee1291fc852cd5f401c9b2237c967a16c5fc28","name":"Arr\u00eat\u00e9 pr\u00e9fectoral n\u00b0 2026-00256 du 2 mars 2026 modifiant provisoirement la circulation dans plusieurs voies \u00e0 Paris 16\u00e8me  \u00e0 l'occasion du tournage de la s\u00e9rie t\u00e9l\u00e9vis\u00e9e \"PARIS IS ALWAYS A GOOD IDEA\""},{"date":"2026-03-02","first_seen_on":"2026-03-02T13:08:30+00:00","id":"3453ac01bdb996f6696cc8795fac80f9bb4845d99ec2a7ffcdff842d2ca05945","name":"Arr\u00eat\u00e9 n\u00b02026-00255 modifiant provisoirement la circulation et le stationnement, avenue Winston Churchill \u00e0 Paris 8\u00e8me le 9 mars 2026"},{"date":"2026-03-02","first_seen_on":"2026-03-02T13:06:23+00:00","id":"aa49afd7811747cdf920374e05a9ed8ba4b5909635f06ef0ea7c9d5bd1f64292","name":"Arr\u00eat\u00e9 pr\u00e9fectoral n\u00b02026-00254 du 2 mars 2026 modifiant provisoirement le stationnement et la circulation dans plusieurs voies de Paris \u00e0 l\u2019occasion de la course p\u00e9destre \u00ab HOKA Semi de Paris \u00bb le 8 mars 2026"},{"date":"2026-03-02","first_seen_on":"2026-03-02T13:05:26+00:00","id":"eec30f7ffb5bb7a4a5ee84b05b5f1c648ff0a802a757d58bd03bc1d2773e5483","name":"Arr\u00eat\u00e9 n\u00b02026-00252 modifiant provisoirement la circulation et le stationnement avenue Daniel Lesueur \u00e0 Paris 7\u00e8me les 9 et 10 mars 2026"},{"date":"2026-02-27","first_seen_on":"2026-02-27T11:05:16+00:00","id":"a1f3a7a242f2ee2f7b18ae7831b7ed11a68dfd711d22536b5c77a8d4f24dc56e","name":"Arr\u00eat\u00e9 n\u00b02026-00248 renouvelant le p\u00e9rim\u00e8tre de protection et diff\u00e9rentes mesures de police applicables \u00e0 l\u2019occasion du proc\u00e8s en appel de l\u2019assassinat de Samuel PATY"},{"date":"2026-02-27","first_seen_on":"2026-02-27T11:05:10+00:00","id":"e565adb6fba832f3daffb1bd30cf1beffdd3ccde59df3b3093300686ba00695b","name":"Arr\u00eat\u00e9 n\u00b02026-00249 du 27 f\u00e9vrier 2026 modifiant l'arr\u00eat\u00e9 n\u00b02026-00216 du 20 f\u00e9vrier 2026 cr\u00e9ant une aire pi\u00e9tonne temporaire dans certaines voies du 8\u00e8me arrondissement de Paris \u00e0 l'occasion de la manifestation \"Pi\u00e9tonisation des Champs-Elys\u00e9es\" le 1er "},{"date":"2026-02-26","first_seen_on":"2026-02-26T17:11:45+00:00","id":"cc1be4cbb4ccc97f8166af095b1bca93fcd23a88a9585bae9051ebb39cba43d4","name":"Arr\u00eat\u00e9 n\u00b02026-00245 du 26 f\u00e9vrier 2026 modifiant provisoirement le stationnement dans plusieurs voies \u00e0 Paris Centre le 13 mars 2026"},{"date":"2026-02-26","first_seen_on":"2026-02-26T17:06:38+00:00","id":"50a0c833a6296834735b1bc8f25a585d21325bb34b7752a236077ef16f2a34b8","name":"Arr\u00eat\u00e9 n\u00b02026-00246 portant interdiction des repr\u00e9sentations de M. Dieudonn\u00e9 M\u2019BALA M\u2019BALA du 1er au 31 mars 2026 inclus"},{"date":"2026-02-26","first_seen_on":"2026-02-26T11:06:41+00:00","id":"f5891b0adcaec2698b05bd70f15ada58b71cb80ab911719bd8921c20a31f49db","name":"Arr\u00eat\u00e9 n\u00b02026-00243 du 26 f\u00e9vrier 2026 modifiant provisoirement le stationnement et la circulation dans plusieurs voies de Paris 16\u00e8me et de Boulogne-Billancourt \u00e0 l\u2019occasion de la rencontre de football entre le PSG et l'ASM le 6 mars 2026"},{"date":"2026-02-26","first_seen_on":"2026-02-26T11:05:16+00:00","id":"dc9652f4a4fd46868c943ae2065fc8f046840a4cb6e281f80792828bcc8d4aad","name":"Arr\u00eat\u00e9 n\u00b02026-00244 modifiant provisoirement la circulation rue de Sully \u00e0 Paris Centre le 7 mars 2026"},{"date":"2026-02-25","first_seen_on":"2026-02-25T09:06:21+00:00","id":"b569f052a5d7ffe1a0eca6924f59284f89f486da4e246449aa1d485a35d06bdb","name":"Arr\u00eat\u00e9 2026-00239 portant interdiction d\u2019un rassemblement pr\u00e9vu le mercredi 25 f\u00e9vrier 2026 \u00e0 Paris"},{"date":"2026-02-25","first_seen_on":"2026-02-25T09:05:56+00:00","id":"f84c3ae673f95892741cf884407151996e5f94f4f738f4cd7c45aff16a44c961","name":"Arr\u00eat\u00e9 2026-00242 r\u00e9glementant la vente, la d\u00e9tention et la consommation de protoxyde d\u2019azote \u00e0 Paris du 1er mars au 31 mai 2026 inclus"},{"date":"2026-02-24","first_seen_on":"2026-03-03T09:05:45+00:00","id":"47822c28ece69bf9aa8d7b2becd6ea158e21fcbf1e8e8cca2405cd88a4fea814","name":"Arr\u00eat\u00e9 n\u00b02026-00233 du 24 f\u00e9vrier 2026 modifiant provisoirement la circulation \u00e0 Paris 9\u00e8me, \u00e0 l'occasion de la f\u00eate religieuse de Pourim"},{"date":"2026-02-24","first_seen_on":"2026-02-24T13:04:53+00:00","id":"01fc5c49f2c773738daf9e875244b3ce2c11a38e6ec323408c248a36b2ff4bbb","name":"Arr\u00eat\u00e9 2026-00232 portant mesures de police applicables dans certains secteurs \u00e0 Paris le 26 f\u00e9vrier 2026 \u00e0 l\u2019occasion du salon international de l\u2019agriculture"},{"date":"2026-02-24","first_seen_on":"2026-02-24T11:05:28+00:00","id":"47200126b788ab0ba4a2a851f12abb64afd3f72f97d6aae54128fbc11eaa5faa","name":"Arr\u00eat\u00e9 pr\u00e9fectoral n\u00b02026-00233 du 24 f\u00e9vrier 2026 modifiant provisoirement la circulation \u00e0 Paris 9\u00e8me, \u00e0 l'occasion de la f\u00eate religieuse de Pourim"},{"date":"2026-02-23","first_seen_on":"2026-02-23T11:05:49+00:00","id":"b19efc2a3ef8c661637431d3b63057a82e30efa8e575b666082c760b413491f4","name":"Arr\u00eat\u00e9 n\u00b02026-00224 portant r\u00e9glementation des horaires de fermeture de commerces dans certaines voies du 10\u00e8me arrondissement de Paris du 3 mars 2026 au 31 mai 2026 inclus"},{"date":"2026-02-23","first_seen_on":"2026-02-23T11:05:14+00:00","id":"5aa81417ae9279689e39a426214b5ebf9e49cda8ade4146346fb2fa509e41835","name":"Arr\u00eat\u00e9 n\u00b02026-00225 autorisant la captation, l\u2019enregistrement et la transmission d\u2019images au moyen de cam\u00e9ras install\u00e9es sur des a\u00e9ronefs \u00e0 l\u2019occasion de la 24\u00e8me journ\u00e9e du championnat de France de football de Ligue 1 au stade Jean Bouin le 1er mars 2026"},{"date":"2026-02-23","first_seen_on":"2026-02-23T11:04:46+00:00","id":"2f79c6c2790def8f6b1e6f7800cc64c638e65db61adbdfe0bba9f95962a2af1d","name":"Arr\u00eat\u00e9 n\u00b02026-00226 instituant un p\u00e9rim\u00e8tre de protection et diff\u00e9rentes mesures de police \u00e0 l\u2019occasion de la 24\u00e8me journ\u00e9e du championnat de France de football de Ligue 1 au stade Jean Bouin le dimanche 1er mars 2026"},{"date":"2026-02-23","first_seen_on":"2026-02-23T09:05:26+00:00","id":"3598a7025341f0fff9d64691d260e72b45d26d7f5ecb1d9509c35d4072e57c5f","name":"Arr\u00eat\u00e9 2026-00223 portant r\u00e9glementation des horaires de fermeture de commerces dans certaines voies du 18\u00e8me arrondissement de Paris du 3 mars 2026 au 31 mai 2026 inclus"},{"date":"2026-02-20","first_seen_on":"2026-02-20T19:05:17+00:00","id":"8debd30699f443261156dc6c58e8abca282d3d41d68c95a6a445bbf7a2987b14","name":"Arr\u00eat\u00e9 n\u00b02026-00221 portant mesures de police applicables \u00e0 Paris et dans les Hauts-de-Seine (92) du 23 f\u00e9vrier au 1er mars 2026 inclus \u00e0 l\u2019occasion du salon international de l\u2019agriculture"},{"date":"2026-02-20","first_seen_on":"2026-02-20T19:04:49+00:00","id":"a17585197b8e9b267b508fadbcee2b7b4b0945e86c8764674bc87ad63b551822","name":"Arr\u00eat\u00e9 n\u00b02026-00222 portant mesures de police applicables dans certains secteurs \u00e0 Paris le 24 f\u00e9vrier 2026 \u00e0 l\u2019occasion du salon international de l\u2019agriculture"},{"date":"2026-02-20","first_seen_on":"2026-02-20T17:04:41+00:00","id":"08ae3a8ac1b7a73dd87f1a07aca1491111717d9fea6d75b4a678fedaf2a440d6","name":"Arr\u00eat\u00e9 n\u00b02026-00218 du 20 f\u00e9vrier 2026 modifiant l\u2019arr\u00eat\u00e9 n\u00b02026-00205 du 18 f\u00e9vrier 2026 modifiant provisoirement la circulation \u00e0 Paris 8\u00e8me et 9\u00e8me, \u00e0 l\u2019occasion de la tenue de la 51\u00e8me \u00e9dition de la c\u00e9r\u00e9monie des C\u00e9sar"},{"date":"2026-02-20","first_seen_on":"2026-02-20T15:05:02+00:00","id":"384135e63ead256b0a8549e17dbf0b37dc616f3fbf3fd932abc9b2a2d53217e4","name":"Arr\u00eat\u00e9 n\u00b02026-00217 modifiant provisoirement le stationnement dans plusieurs voies \u00e0 Paris 13e \u00e0 l'occasion du d\u00e9fil\u00e9 du nouvel an lunaire le 1er mars 2026"},{"date":"2026-02-20","first_seen_on":"2026-02-20T11:04:38+00:00","id":"353eb04440736fdcdfb26dbfe00cc884fb8096fb127ae3801b4c4966821d449d","name":"Arr\u00eat\u00e9 n\u00b02026-00216 cr\u00e9ant une aire pi\u00e9tonne dans certaines voies du 8\u00e8me arrondissement de Paris \u00e0 l'occasion de la manifestation \"pi\u00e9tonnisation des Champs-Elys\u00e9es\" le 1er mars 2026"},{"date":"2026-02-19","first_seen_on":"2026-02-19T15:04:59+00:00","id":"3a2915045c4a9109fe4b4c14b7ef809ae4b4d59a1a08a7919ebcfd2f58a42aab","name":"Arr\u00eat\u00e9 n\u00b02026-00215 modifiant provisoirement le stationnement et la circulation dans plusieurs voies de Paris 16e et de Boulogne-Billancourt \u00e0 l'occasion de la rencontre de football entre les \u00e9quipes du Paris FC et le OGC Nice, le 1er mars 20"},{"date":"2026-02-18","first_seen_on":"2026-02-18T15:05:07+00:00","id":"ca8519d77172867b088ff796d8e3cd658dcb5e0423e0dbd1bd8eabaa5766bad8","name":"Arr\u00eat\u00e9 2026-00203 instituant un p\u00e9rim\u00e8tre de protection et diff\u00e9rentes mesures de police applicables \u00e0 Paris du 26 au 27 f\u00e9vrier 2026 \u00e0 l\u2019occasion de la c\u00e9r\u00e9monie des C\u00e9sar du cin\u00e9ma"},{"date":"2026-02-18","first_seen_on":"2026-02-18T15:05:02+00:00","id":"5697bce0aea2e3100dcad86f8d423182cdd8dbc748c938ad497385f3dd86014a","name":"Arr\u00eat\u00e9 pr\u00e9fectoral n\u00b02026-00204 du 18 f\u00e9vrier 2026 cr\u00e9ant provisoirement une emprise de stationnement avenue Foch \u00e0 Paris 16\u00e8me le 13 mars 2026"},{"date":"2026-02-18","first_seen_on":"2026-02-18T15:04:57+00:00","id":"50903e1fdc1b0f9b6432c9848956925a7c6483f53aa71f2580ad7f2e30ace098","name":"Arr\u00eat\u00e9 n\u00b02026-00205 du 18 f\u00e9vrier 2026 modifiant provisoirement la circulation \u00e0 PARIS 8\u00e8me et 9\u00e8me, \u00e0 l'occasion de la tenue de la 51\u00e8me \u00e9dition de la c\u00e9r\u00e9monie des C\u00e9sar"},{"date":"2026-02-18","first_seen_on":"2026-02-18T11:05:22+00:00","id":"2f8e03df8ae83d8652459d6d27baa33e5c5caf48d64c299cd91cf9a93766a96f","name":"Arr\u00eat\u00e9 2026-00201 instituant un p\u00e9rim\u00e8tre de protection et diff\u00e9rentes mesures de police \u00e0 l\u2019occasion de la Ligue des champions au Parc des Princes le mercredi 25 f\u00e9vrier 2026"},{"date":"2026-02-18","first_seen_on":"2026-02-18T11:04:56+00:00","id":"cc7927a2272c126cf8c799aa20682a034b331c42af6eca5913dd165e25066865","name":"Arr\u00eat\u00e9 2026-00200 autorisant la captation, l\u2019enregistrement et la transmission d\u2019images au moyen de cam\u00e9ras install\u00e9es sur des a\u00e9ronefs \u00e0 l\u2019occasion de la Ligue des champions au Parc des Princes le mercredi 25 f\u00e9vrier 2026"},{"date":"2026-02-18","first_seen_on":"2026-02-18T09:05:17+00:00","id":"0fe84fff4a3936571dd8d3c9f25d424db861066bd6e34002bb38ae815cdd40e9","name":"Arr\u00eat\u00e9 n\u00b02026-00202 portant \u00e9vacuation des occupants du campement irr\u00e9guli\u00e8rement install\u00e9 route des Fortifications dans le 12\u00e8me arrondissement de Paris"},{"date":"2026-02-17","first_seen_on":"2026-02-17T09:05:16+00:00","id":"0e36101a7514c665a548f7051e63e0ae4ccd9e5f8bbb96bcdecf25efcd471d86","name":" Arr\u00eat\u00e9 n\u00b02026-00197 autorisant la captation, l\u2019enregistrement et la transmission d\u2019images au moyen de cam\u00e9ras install\u00e9es sur des a\u00e9ronefs \u00e0 l\u2019occasion de la 23\u00e8me journ\u00e9e du championnat de France de football de Ligue 1 au Parc des Princes le samedi 21 f\u00e9"},{"date":"2026-02-17","first_seen_on":"2026-02-17T09:04:47+00:00","id":"87f3da11d9d672e91cec6549e9918f40ce89b82cf49ae80080cfb6c7e7ba078f","name":"Arr\u00eat\u00e9 n\u00b02026-00198 instituant un p\u00e9rim\u00e8tre de protection et diff\u00e9rentes mesures de police \u00e0 l\u2019occasion de la 23\u00e8me journ\u00e9e du championnat de France de football de Ligue 1 au Parc des Princes le samedi 21 f\u00e9vrier 2026."},{"date":"2026-02-16","first_seen_on":"2026-02-16T13:11:22+00:00","id":"6e554adf1b1f46f824acc5538a0eeed66a039c4bdfeac7a0d9a2aad49e12c68b","name":"Arr\u00eat\u00e9 pr\u00e9fectoral n\u00b02026-00196 du 16 f\u00e9vrier 2026 modifiant provisoirement la circulation du rond-point des Champs Elys\u00e9es-Marcel Dassault \u00e0 Paris 8\u00e8me, du 7 mars 2026 \u00e0 13h00 au 8 mars 2026 \u00e0 03h00"},{"date":"2026-02-16","first_seen_on":"2026-02-16T13:09:08+00:00","id":"7ca75a737e2adcc7ccca6adf1bb1709d7f8f9220ffe33ccfba98f053b8d2be91","name":"Arr\u00eat\u00e9 n\u00b02026-00194 portant mesures de police applicables dans certains secteurs \u00e0 Paris du 21 f\u00e9vrier au 22 f\u00e9vrier 2026 \u00e0 l\u2019occasion de l\u2019ouverture du salon international de l\u2019agriculture"},{"date":"2026-02-16","first_seen_on":"2026-02-16T13:07:26+00:00","id":"ad7d2686dc3ea80fea7270c419dff617fb875b35445a628de281e64fc5bd8881","name":"Arr\u00eat\u00e9 n\u00b02026-00195 autorisant la captation, l\u2019enregistrement et la transmission d\u2019images au moyen de cam\u00e9ras install\u00e9es sur des a\u00e9ronefs \u00e0 Paris et dans les Hauts-de-Seine (92) du 21 f\u00e9vrier au 1er mars 2026 inclus \u00e0 l\u2019occasion du salon international de "},{"date":"2026-02-14","first_seen_on":"2026-02-14T19:04:36+00:00","id":"4bccedceb2a9b16f1286f6cc511bdded056a7bc34f988178fe02e162788895f3","name":"Arre\u0302te\u0301 n\u00b02026-00192 relatif aux mesures restrictives de circulation prises dans le cadre de la mise en oeuvre du Plan neige et verglas en \u00cele-de-France (PNVIF)"},{"date":"2026-02-13","first_seen_on":"2026-02-13T13:05:14+00:00","id":"6a0da7d17ba623fd8e5a7cbe6e93a5ca8cc4ac670eaa550cee158d25746cea68","name":"Arr\u00eat\u00e9 pr\u00e9fectoral n\u00b02026-00185 du 13 f\u00e9vrier 2026 - Paris 16e - du 25 au 26 f\u00e9vrier 2026"},{"date":"2026-02-13","first_seen_on":"2026-02-13T11:04:35+00:00","id":"b779e3eed6f1e298d0d894329823ac630a3154cac7bd972ea86773e26d44b3e3","name":"Arr\u00eat\u00e9 2026-00187 portant mesures de police applicables \u00e0 Paris et dans les Hauts-de-Seine (92) du 21 f\u00e9vrier au 22 f\u00e9vrier 2026 \u00e0 l\u2019occasion de l\u2019ouverture du salon international de l\u2019agriculture"},{"date":"2026-02-13","first_seen_on":"2026-02-13T09:04:49+00:00","id":"68bd8e04f050e8675575d1765de2ad2b6f349f598ecb1ac93ef52da96eea1489","name":"Arr\u00eat\u00e9 pr\u00e9fectoral n\u00b0 2026-00186 du 13 f\u00e9vrier 2026 modifiant provisoirement la circulation avenue Rapp \u00e0 Paris 7\u00e8me, le 24 f\u00e9vrier 2026"},{"date":"2026-02-12","first_seen_on":"2026-02-12T19:06:22+00:00","id":"dfd83bd76bc5f9956b2003bb682183ba5d5faad0b21fe63ca4ba6c9a30c78560","name":"Arr\u00eat\u00e9 2026-00182 Interdiction partielle de manifestation pr\u00e9vue le 12 f\u00e9vrier 2026 \u00e0 Paris"},{"date":"2026-02-12","first_seen_on":"2026-02-12T19:05:19+00:00","id":"7dc30b2928ef9c1721b3a819252a5fa00e528f79d16f73adfac4e3ea80f7f52f","name":"Arr\u00eat\u00e9 n\u00b02026-00184 du 12 f\u00e9vrier 2026 modifiant provisoirement le stationnement et la circulation dans plusieurs voies de Paris 16\u00e8me et de Boulogne-Billancourt \u00e0 l\u2019occasion de la rencontre de football entre le Paris Saint-Germain Football Cl"},{"date":"2026-02-11","first_seen_on":"2026-02-11T19:04:42+00:00","id":"07801f5d348fab01f6748eb6c6c93d677e53017abb6a1b28968b04e72c5e39eb","name":"Arr\u00eat\u00e9 2026-00163 portant encadrement du d\u00e9placement de supporters et instaurant un p\u00e9rim\u00e8tre comportant certaines mesures de police \u00e0 l\u2019occasion de la rencontre de football de Ligue 1 du 14.02.2026"},{"date":"2026-02-11","first_seen_on":"2026-02-11T17:12:43+00:00","id":"3c28f36a75aaaff822f3374ad9eed3d1ed846a2151c2363c74ac7511a8c7c1f4","name":"Arr\u00eat\u00e9 2026-00181 modifiant l\u2019arr\u00eat\u00e9 n\u00b02026-00168 du 10 f\u00e9vrier 2026 autorisant la captation, l\u2019enregistrement et la transmission d\u2019images au moyen de cam\u00e9ras install\u00e9es sur des a\u00e9ronefs \u00e0 Paris le 11 f\u00e9vrier 2026"},{"date":"2026-02-11","first_seen_on":"2026-02-11T11:05:04+00:00","id":"ff1fe304a80c20e80be1518dc1f4eb69e65afc8bd997594a93db77db869bc0e3","name":"Arr\u00eat\u00e9 pr\u00e9fectoral n\u00b02026-00171 du 11 f\u00e9vrier 2026 modifiant l'arr\u00eat\u00e9 2026-00153 du 5 f\u00e9vrier 2026 modifiant provisoirement le stationnement et la circulation dans plusieurs voies de Paris 16\u00e8me et de Boulogne-Billancourt \u00e0 l\u2019occasion de la rencontre de f"},{"date":"2026-02-10","first_seen_on":"2026-02-10T19:05:02+00:00","id":"5ede67e35e15db598394e5f259c84295ab6a3163df7ea367d2f5df39a403a411","name":"Arr\u00eat\u00e9 2026-00168 autorisant la captation, l\u2019enregistrement et la transmission d\u2019images au moyen de cam\u00e9ras install\u00e9es sur des a\u00e9ronefs \u00e0 Paris le 11 f\u00e9vrier 2026"},{"date":"2026-02-10","first_seen_on":"2026-02-10T15:05:07+00:00","id":"725be3477ba11008d9433c3f721e726f6161ad8d2a85d656f0ccb9187559b043","name":"Arr\u00eat\u00e9 n\u00b02026-00167 du 10 f\u00e9vrier 2026 modifiant provisoirement la circulation rue de Brosse \u00e0 Paris Centre, le 20 f\u00e9vrier 2026 de 06h00 \u00e0 12h00 \u00e0 l'occasion du tournage de la s\u00e9rie t\u00e9l\u00e9vis\u00e9e HACKS"},{"date":"2026-02-06","first_seen_on":"2026-02-06T17:04:31+00:00","id":"43e6fad76549618656118f8e49ac8e2f21585344bb4923d9a385b8132e24d12e","name":"Arr\u00eat\u00e9 n\u00b02026-00155 autorisant la captation, l\u2019enregistrement et la transmission d\u2019images au moyen de cam\u00e9ras install\u00e9es sur des a\u00e9ronefs \u00e0 Paris \u00e0 l\u2019occasion d\u2019une manifestation le samedi 7 f\u00e9vrier 2026"},{"date":"2026-02-05","first_seen_on":"2026-02-05T15:05:45+00:00","id":"e7bf277b3b7cd3f0fd8fb654224136e237ec6defdf76af4488aeda67e1eb624c","name":"Arr\u00eat\u00e9 n\u00b02026-00151 autorisant la captation, l\u2019enregistrement et la transmission d\u2019images au moyen de cam\u00e9ras install\u00e9es sur des a\u00e9ronefs \u00e0 l\u2019occasion de la 22\u00e8me journ\u00e9e du championnat de France de football de L1 au stade Jean Bouin le 14 f\u00e9vrier 2026"},{"date":"2026-02-05","first_seen_on":"2026-02-05T15:05:02+00:00","id":"5b48c31270fbc07643c9a0869d7a02f8e2c73d4175d841298ab33d4223d6f0e8","name":"Arr\u00eat\u00e9 n\u00b02026-00152 instituant un p\u00e9rim\u00e8tre de protection et diff\u00e9rentes mesures de police \u00e0 l\u2019occasion de la 22\u00e8me journ\u00e9e du championnat de France de football de Ligue 1 au stade Jean Bouin le samedi 14 f\u00e9vrier 2026"}],"total":3574}
