{"elements":[{"date":"2026-02-05","first_seen_on":"2026-02-05T15:04:47+00:00","id":"1fa197a6735d3d67d549a584a0475d049a15b9d7b0ab13aa5e351459fcb463b7","name":"Arr\u00eat\u00e9 n\u00b02026-00153 du 5 f\u00e9vrier 2026 modifiant provisoirement le stationnement et la circulation dans plusieurs voies de Paris 16\u00e8me et de Boulogne-Billancourt \u00e0 l\u2019occasion de la rencontre de football entre les \u00e9quipes du Paris Football Club "},{"date":"2026-02-05","first_seen_on":"2026-02-05T13:04:40+00:00","id":"b790475782044843f0aea115089584bf51bb698ead4479963ac08709a1d4edf2","name":"Arr\u00eat\u00e9 n\u00b02026-00150 portant interdiction d\u2019une manifestation devant se tenir le 7 f\u00e9vrier \u00e0 Paris"},{"date":"2026-02-04","first_seen_on":"2026-02-04T15:06:28+00:00","id":"9631b4fa231285c33568e7b59a773f19df5b3895aa056c55659bb44c34ced1c5","name":"Arr\u00eat\u00e9 2026-00146 autorisant la captation, l\u2019enregistrement et la transmission d\u2019images au moyen de cam\u00e9ras install\u00e9es sur des a\u00e9ronefs \u00e0 l\u2019occasion du match de rugby entre la France et l\u2019Irlande au Stade de France le jeudi 5 f\u00e9vrier 2026"},{"date":"2026-02-04","first_seen_on":"2026-02-04T15:05:23+00:00","id":"a7f5f9b4fcdd72abf0053464d6a965985deaa96920bc6dd2ddc50e75ece561ad","name":"Arr\u00eat\u00e9 n\u00b02026-00149 modifiant provisoirement la circulation rue de Sully \u00e0 Paris Centre le 16 f\u00e9vrier 2026"},{"date":"2026-02-03","first_seen_on":"2026-02-03T21:05:12+00:00","id":"9f5b59c3b00d284b4b846c33315838948de8430ead57a58dbcfb49cd58427580","name":"Arr\u00eat\u00e9 2026-00145 instituant un p\u00e9rim\u00e8tre de protection et diff\u00e9rentes mesures de police \u00e0 l\u2019occasion du match de rugby entre la France et l\u2019Irlande le jeudi 5 f\u00e9vrier 2026 au Stade de France"},{"date":"2026-02-03","first_seen_on":"2026-02-03T19:04:46+00:00","id":"23ba448653ff9a8b532ed18105f0c09038abd3dba70c3691daf2d0c2b26e8efd","name":"Arr\u00eat\u00e9 2026-00147 autorisant la captation, l\u2019enregistrement et la transmission d\u2019images au moyen de cam\u00e9ras install\u00e9es sur des a\u00e9ronefs \u00e0 Paris et dans les Hauts-de-Seine (92) du 5 f\u00e9vrier 2026 au 1er avril 2026 inclus"},{"date":"2026-02-03","first_seen_on":"2026-02-03T15:04:56+00:00","id":"a506c8855d224db6aad03442cfe5122bfaace28524e13bbf8abf7f1c8945279a","name":"Arr\u00eat\u00e9 n\u00b02026-00142 instituant un p\u00e9rim\u00e8tre de protection et diff\u00e9rentes mesures de police \u00e0 l\u2019occasion de la 21\u00e8me journ\u00e9e du championnat de France de football de Ligue 1 au Parc des Princes le dimanche 8 f\u00e9vrier 2026"},{"date":"2026-02-03","first_seen_on":"2026-02-03T15:04:35+00:00","id":"91cfa31466106cee3a3e32c733d708179743faa52d1778ada6d2ba711c70c218","name":"Arr\u00eat\u00e9 n\u00b02026-00143 autorisant la captation, l\u2019enregistrement et la transmission d\u2019images au moyen de cam\u00e9ras install\u00e9es sur des a\u00e9ronefs \u00e0 l\u2019occasion de la 21\u00e8me journ\u00e9e du championnat de France de football de Ligue 1 au Parc des Princes le 8 f\u00e9vrier"},{"date":"2026-02-02","first_seen_on":"2026-02-02T17:05:10+00:00","id":"ad7fcf261516312bb5a76638dab500620cadec2362d35fa68f5b5f23a4a86001","name":"Arr\u00eat\u00e9 n\u00b02026-00141 portant \u00e9vacuation des occupants des campements install\u00e9s sans droit ni titre \u00e0 Paris au niveau de la Galerie de l\u2019Ourcq sous le p\u00e9riph\u00e9rique"},{"date":"2026-01-30","first_seen_on":"2026-01-30T19:05:13+00:00","id":"197e354fa9dbd669b306c6178f62ef801e655edf9004b64cb05c4b423b24bd7b","name":"Arr\u00eat\u00e9 n\u00b02026-00139 autorisant la captation, l\u2019enregistrement et la transmission d\u2019images au moyen de cam\u00e9ras install\u00e9es sur des a\u00e9ronefs \u00e0 Paris le samedi 31 janvier 2026"},{"date":"2026-01-30","first_seen_on":"2026-01-30T15:05:15+00:00","id":"4c4395e185b15c986c3d2b7f2865bdac22ad0b345c5d51deb245e633715e3aa5","name":"Arr\u00eat\u00e9 pr\u00e9fectoral n\u00b02026-00140 du 30 janvier 2026 modifiant provisoirement le stationnement et la circulation dans plusieurs voies de Paris 16\u00e8me et de Boulogne-Billancourt \u00e0 l\u2019occasion de la rencontre de football entre le Paris Saint-Germain Football Cl"},{"date":"2026-01-30","first_seen_on":"2026-01-30T11:05:30+00:00","id":"6d0cdfbb5e7072fb70ed687b794ea60f800c104343a340c2db99416f4bbbb443","name":"Arr\u00eat\u00e9 n\u00b02026-00136 instituant un p\u00e9rim\u00e8tre de protection et diff\u00e9rentes mesures de police \u00e0 l\u2019occasion de la 20\u00e8me journ\u00e9e du championnat de France de football de Ligue 1 au stade Jean Bouin le samedi 31 janvier 2026"},{"date":"2026-01-30","first_seen_on":"2026-01-30T11:05:06+00:00","id":"af73f7c253d8df22d22cb10fbcd2826ae232d47f3e0413130c4a58c3b4aa6ad9","name":"Arr\u00eat\u00e9 n\u00b02026-00137 autorisant la captation, l\u2019enregistrement et la transmission d\u2019images au moyen de cam\u00e9ras install\u00e9es sur des a\u00e9ronefs \u00e0 l\u2019occasion de la 20\u00e8me journ\u00e9e du championnat de France de football de Ligue 1 au stade Jean Bouin le 31 janvier 20"},{"date":"2026-01-30","first_seen_on":"2026-01-30T11:04:46+00:00","id":"7f0b572ff982a4723518764d5ac348389eda1aa579c16720a7d8091415f26ea7","name":"Arr\u00eat\u00e9 2026-00138 r\u00e9glementant la vente, la d\u00e9tention et la consommation de protoxyde d\u2019azote \u00e0 Paris du 1er au 28 f\u00e9vrier 2026"},{"date":"2026-01-29","first_seen_on":"2026-01-29T11:04:39+00:00","id":"6278f609cce1c420e18adc745b510b917181dc8af533dd1ef15850693a6de455","name":"Arr\u00eat\u00e9 DUPA n\u00b02026-0138 sign\u00e9 le 29 janvier 2026 portant communication des arr\u00eat\u00e9s de vid\u00e9oprotection \u00e0 l'issue de la commission d\u00e9partementale du 16 janvier 2026"},{"date":"2026-01-28","first_seen_on":"2026-01-28T11:04:37+00:00","id":"0158b2a8be92061d3af2763e618b65ebeb4ac3b80909059d7d681a8d1d283002","name":"Arr\u00eat\u00e9 n\u00b02026-00131 du 28 janvier 2026 modifiant provisoirement le stationnement et la circulation le 1er f\u00e9vrier 2026 rue du Commandant Guilbaud \u00e0 Paris 16\u00e8me \u00e0 l\u2019occasion de la rencontre de football f\u00e9minine entre le Paris-Saint-Germain Footba"},{"date":"2026-01-27","first_seen_on":"2026-01-27T11:05:45+00:00","id":"fdde425dbf8c2192052af28a64511e47a49c6ad3f79b42baae1576b9f58f15e9","name":"Arr\u00eat\u00e9 n\u00b02026-00119  modifiant l\u2019arr\u00eat\u00e9 n\u00b02026-00067 du 15 janvier 2026 instituant un p\u00e9rim\u00e8tre au sein duquel la pr\u00e9sence de certaines cat\u00e9gories de supporters est r\u00e9glement\u00e9e et instaurant certaines mesures de police"},{"date":"2026-01-27","first_seen_on":"2026-01-27T11:05:35+00:00","id":"94d873d446f8bfda350dbafb58202057e2c3e54b51a7326140f386901a349bbd","name":"Arr\u00eat\u00e9 n\u00b02026-00120 modifiant l\u2019arr\u00eat\u00e9 n\u00b02026-00068 du 15 janvier 2026 instituant un p\u00e9rim\u00e8tre au sein duquel la pr\u00e9sence de certaines cat\u00e9gories de supporters est r\u00e9glement\u00e9e et instaurant certaines mesures de police"},{"date":"2026-01-27","first_seen_on":"2026-01-27T11:04:54+00:00","id":"143edbb8630fbe639eb62a19575494eb61922de3375d0e3181026405c6579dab","name":"Arr\u00eat\u00e9 n\u00b02026-00122 portant interdiction des repr\u00e9sentations de M. Dieudonn\u00e9 M\u2019BALA M\u2019BALA du 1er au 28 f\u00e9vrier 2026 inclus"},{"date":"2026-01-26","first_seen_on":"2026-01-26T13:04:58+00:00","id":"79e01a4773084e3d36665133b68115d8393a888e40d170ff0be7ac856f35077f","name":"Arr\u00eat\u00e9 n\u00b02026-00118 du 26 janvier 2026 modifiant provisoirement le stationnement et la circulation \u00e0 l\u2019occasion de l\u2019organisation de la course p\u00e9destre \u00ab Les 10 km des Champs Elys\u00e9es \u00bb"},{"date":"2026-01-26","first_seen_on":"2026-01-26T09:05:05+00:00","id":"761952d4a04bb84e6b8b327c7e15067292ed1dca93c0699b73634013fde5a4a0","name":"Arr\u00eat\u00e9 n\u00b02026-00111 autorisant la captation, l\u2019enregistrement et la transmission d\u2019images au moyen de cam\u00e9ras install\u00e9es sur des a\u00e9ronefs \u00e0 Paris le dimanche 25 janvier 2026"},{"date":"2026-01-26","first_seen_on":"2026-01-26T09:04:52+00:00","id":"188b64fbb3691c006838177061a7dbf64a860250d280d69c3413c6aaa81c8d99","name":"Arr\u00eat\u00e9 n\u00b02026-00114 du 23 janvier 2026 modifiant provisoirement la circulation dans plusieurs voies \u00e0 Paris Centre le 3 f\u00e9vrier 2026"},{"date":"2026-01-24","first_seen_on":"2026-01-24T19:04:31+00:00","id":"59b8d00c573697e524e1198e25269c0c86632adabf7b4c2b19bc08377c666f50","name":"Arr\u00eat\u00e9 2026-00111 autorisant la captation, l\u2019enregistrement et la transmission d\u2019images au moyen de cam\u00e9ras install\u00e9es sur des a\u00e9ronefs \u00e0 Paris le dimanche 25 janvier 2026"},{"date":"2026-01-23","first_seen_on":"2026-01-23T19:05:10+00:00","id":"618ed3b10c52c443a90cb64e9b4dc6a8c3c4f7cbd8b81201e7063b39218d71e8","name":"Arr\u00eat\u00e9 n\u00b02026-00113 modifiant provisoirement le stationnement et la circulation rue de la Victoire \u00e0 Paris 9e le 26 janvier 2026"},{"date":"2026-01-23","first_seen_on":"2026-01-23T15:04:40+00:00","id":"b572cbba92263b5ff7aa2aee6779ab54d2bd3deed2cd00fea39267555b179084","name":"Arr\u00eat\u00e9 2026-00112 autorisant la captation, l\u2019enregistrement et la transmission d\u2019images au moyen de cam\u00e9ras install\u00e9es sur des a\u00e9ronefs le 23 janvier 2026 \u00e0 l\u2019occasion d\u2019une manifestation \u00e0 Paris"},{"date":"2026-01-23","first_seen_on":"2026-01-23T11:05:16+00:00","id":"f99128fc9f1f26bcc875024077a94f1da5661cda0fc0b186ba40860a6d1b1fbc","name":"Arr\u00eat\u00e9 pr\u00e9fectoral n\u00b02026-00098 du 23 janvier 2026 modifiant provisoirement le stationnement et la circulation dans plusieurs voies de Paris 16\u00e8me et de Boulogne-Billancourt \u00e0 l\u2019occasion de la rencontre de football entre les \u00e9quipes du Paris Football Club"},{"date":"2026-01-22","first_seen_on":"2026-01-22T13:04:42+00:00","id":"08d2562d000a01cdd1f949e32cf9343f28ff9440c3a5f55fa7223dd33b68cce1","name":"Arr\u00eat\u00e9 n\u00b02026-00096 instituant un p\u00e9rim\u00e8tre de protection et diff\u00e9rentes mesures de police applicables \u00e0 l\u2019occasion du proc\u00e8s en appel de l\u2019assassinat de Samuel PATY"},{"date":"2026-01-21","first_seen_on":"2026-01-21T17:10:20+00:00","id":"3cb449c84b5f83590d9231797fecccb63098e62ebe9ebfc3e549ab3540d19a04","name":"Arr\u00eat\u00e9 n\u00b02026-00093 du 21 janvier 2026 modifiant provisoirement la circulation avenue de Nogent \u00e0 Paris 12\u00e8me, le 8 f\u00e9vrier 2026 de 08h30 \u00e0 12h30 \u00e0 l'occasion de la course p\u00e9destre \"Les Foul\u00e9es de Vincennes\""},{"date":"2026-01-21","first_seen_on":"2026-01-21T17:07:26+00:00","id":"d841139bf675833b3cc9ee8317adc70f7e1b70f08df77067997fb4c51c8486c6","name":"Arr\u00eat\u00e9 n\u00b02026-00091 instituant un p\u00e9rim\u00e8tre de protection et diff\u00e9rentes mesures de police \u00e0 l\u2019occasion de la 8\u00e8me journ\u00e9e de la Ligue des Champions de football au Parc des Princes le mercredi 28 janvier 2026"},{"date":"2026-01-21","first_seen_on":"2026-01-21T17:05:15+00:00","id":"4e4b2a30131bc7d57283c0f2772e467e13a32a4ea96727c6b05c0e3404aa0c0f","name":"Arr\u00eat\u00e9 n\u00b02026-00092 autorisant la captation, l\u2019enregistrement et la transmission d\u2019images au moyen de cam\u00e9ras install\u00e9es sur des a\u00e9ronefs \u00e0 l\u2019occasion de la 8\u00e8me journ\u00e9e de la Ligue des Champions de football au Parc des Princes le 28 janvier 2026"},{"date":"2026-01-21","first_seen_on":"2026-01-21T13:04:35+00:00","id":"f2aaacd47dc7e5b43359ce350dda8da30e9171dcec4593fd21e81f125e241742","name":"Arr\u00eat\u00e9 n\u00b02026-00090 du 21 janvier 2026 modifiant provisoirement le stationnement et la circulation dans plusieurs voies de Paris 16\u00e8me et de Boulogne-Billancourt"},{"date":"2026-01-21","first_seen_on":"2026-01-21T11:05:16+00:00","id":"b5e96d6bea0ae1428cc5d95ae0f66339ff61194627411f71d481ce90249475b2","name":"Arr\u00eat\u00e9 n\u00b02026-00067 instituant un p\u00e9rim\u00e8tre au sein duquel la pr\u00e9sence de certaines cat\u00e9gories de supporters est r\u00e9glement\u00e9e et instaurant certaines mesures de police"},{"date":"2026-01-21","first_seen_on":"2026-01-21T11:04:52+00:00","id":"05fa156154381c69d55a579d1b0a19938360aee89f718a6a0e0396730e31b001","name":"Arr\u00eat\u00e9 n\u00b02026-00068 instituant un p\u00e9rim\u00e8tre au sein duquel la pr\u00e9sence de certaines cat\u00e9gories de supporters est r\u00e9glement\u00e9e et instaurant certaines mesures de police"},{"date":"2026-01-21","first_seen_on":"2026-01-21T11:04:33+00:00","id":"5d4a5c1d6e896507a873eb0113a4c80e3292473e15e21774972331b7808dbd45","name":"Arr\u00eat\u00e9 n\u00b02026-00089 autorisant la captation, l\u2019enregistrement et la transmission d\u2019images au moyen de cam\u00e9ras install\u00e9es sur des a\u00e9ronefs \u00e0 l\u2019occasion du Gala des Pi\u00e8ces Jaunes \u00e0 Paris La D\u00e9fense Ar\u00e9na le 22 janvier 2026"},{"date":"2026-01-20","first_seen_on":"2026-01-20T17:04:39+00:00","id":"4ec57c66cf6d0006e2adbdb44ec3f8b5ebf0450cbc4d217305bb4ba91f059381","name":"Arr\u00eat\u00e9 n\u00b02026-00087 autorisant la captation, l\u2019enregistrement et la transmission d\u2019images au moyen de cam\u00e9ras install\u00e9es sur des a\u00e9ronefs \u00e0 Paris le mardi 20 janvier 2026"},{"date":"2026-01-19","first_seen_on":"2026-01-19T15:07:27+00:00","id":"a5fc160ed39c370903e580dc9ee8132cec08fe137085f1272ef4d44c3a74e4ee","name":"Arr\u00eat\u00e9 n\u00b02026-00086 du 19 janvier 2026 modifiant provisoirement la circulation avenue Winston Churchill de Paris 8\u00e8me \u00e0 l\u2019occasion du d\u00e9fil\u00e9 Chanel Printemps/Et\u00e9 2026 le 27 janvier 2026"},{"date":"2026-01-19","first_seen_on":"2026-01-19T15:06:26+00:00","id":"099b502a401cb52c6d21f39cd4d1b53ffdf2409367ca455c2e6c5bcb400f693e","name":"Arr\u00eat\u00e9 n\u00b02026-00080 instituant un p\u00e9rim\u00e8tre de protection et diff\u00e9rentes mesures de police \u00e0 l\u2019occasion de la 19\u00e8me journ\u00e9e du championnat de France de football de Ligue 1 au stade Jean Bouin le dimanche 25 janvier 2026"},{"date":"2026-01-19","first_seen_on":"2026-01-19T15:04:46+00:00","id":"666d339fb13c0f5544049f4bab533bc428478f4dc6888a45042de31afa7db9c0","name":"Arr\u00eat\u00e9 n\u00b02026-00081 autorisant la captation, l\u2019enregistrement et la transmission d\u2019images au moyen de cam\u00e9ras install\u00e9es sur des a\u00e9ronefs \u00e0 l\u2019occasion de la 19\u00e8me journ\u00e9e du championnat de France de football de Ligue 1 au stade Jean Bouin le 25 janvier 20"},{"date":"2026-01-19","first_seen_on":"2026-01-19T11:04:32+00:00","id":"44cc598efbbe4c9c6b4d58dc3848ba5553f974486f9a04ca4e70861f2c31e66d","name":"Arr\u00eat\u00e9 n\u00b02026-00079 du 19 f\u00e9vrier 2026 modifiant provisoirement le stationnement cours des Mar\u00e9chaux \u00e0 Paris 12\u00e8me le 9 f\u00e9vrier 2026"},{"date":"2026-01-17","first_seen_on":"2026-01-17T21:04:30+00:00","id":"1cb449a06c8990b5cc18931856ca1d3d19a1f25a03a90ee115dfafcf4356b008","name":"Arr\u00eat\u00e9 n\u00b02026-00078 autorisant la captation, l\u2019enregistrement et la transmission d'images au moyen de cam\u00e9ras install\u00e9es sur des a\u00e9ronefs \u00e0 PARIS, le 18 Janvier 2026"},{"date":"2026-01-17","first_seen_on":"2026-01-17T19:04:44+00:00","id":"27c371ab518e00b8a10189c4189ac0891433b01b4e1364ca90383d825ddad98a","name":"Arr\u00eat\u00e9 n\u00b02026-00076 portant mesures de Police applicables \u00e0 l'occasion d'une manifestation \u00e0 PARIS, le 18 Janvier 2026."},{"date":"2026-01-17","first_seen_on":"2026-01-17T19:04:32+00:00","id":"2138c82ac3540d334be065e22e538ced13405f9952491e5f2c33485be79cb307","name":"Arr\u00eat\u00e9 n\u00b02026-00077 portant mesures de Police applicables \u00e0 l'occasion d'une manifestation \u00e0 PARIS, le 18 Janvier 2026."},{"date":"2026-01-17","first_seen_on":"2026-01-17T13:07:18+00:00","id":"a1e0269b98c4f408040b453449a05ff2bfe36265acf1a99aedf5f18abfcaffd5","name":"Arr\u00eat\u00e9 n\u00b02026-00075 autorisant la captation, l\u2019enregistrement et la transmission d\u2019images au moyen de cam\u00e9ras install\u00e9es sur des a\u00e9ronefs \u00e0 Paris \u00e0 l\u2019occasion de manifestations le samedi 17 janvier 2026"},{"date":"2026-01-17","first_seen_on":"2026-01-17T11:05:19+00:00","id":"f0d83bd7b319a5b20733f6d7321278a51b9b342317c2f32adcca93d437628be0","name":"Arr\u00eat\u00e9 n\u00b02026-00074 portant abrogation de l'arr\u00eat\u00e9 num\u00e9ro 2026-00064 du 15 janvier 2026"},{"date":"2026-01-16","first_seen_on":"2026-01-16T11:05:52+00:00","id":"9237619889de9c7ffe6faa31741f1a7b62053c9a5af4b0ffbc08205a6e0bf94e","name":"Arr\u00eat\u00e9 n\u00b02026-00070 du 16 janvier 2026 modifiant provisoirement la circulation avenue des Portugais \u00e0 Paris 16\u00e8me, du 26 janvier \u00e0 12h00 au 27 janvier 2026 \u00e0 03h30"},{"date":"2026-01-16","first_seen_on":"2026-01-16T11:05:31+00:00","id":"fb375431adf12c0ec3cd311e20f36db9186d9c0779d1c9b2d34c6a4845d73d4f","name":"Arr\u00eat\u00e9 2026-00069 portant mesures de police applicables le vendredi 16 janvier 2026"},{"date":"2026-01-16","first_seen_on":"2026-01-16T11:05:11+00:00","id":"17e324a372d44ef9f85c1f183f15d9b2b8816996d2e1cc314db804c546e89142","name":"Arr\u00eat\u00e9 n\u00b02026-00072 autorisant la captation, l\u2019enregistrement et la transmission d\u2019images au moyen de cam\u00e9ras install\u00e9es sur des a\u00e9ronefs du 17 janvier au 19 janvier 2026 \u00e0 l\u2019occasion de la phase finale de la Coupe d\u2019Afrique des Nations 2025"},{"date":"2026-01-16","first_seen_on":"2026-01-16T11:04:48+00:00","id":"e7870d83014788b6430c03eee4137e6b71c45cf8bd49700ff421410359a1e82b","name":"Arr\u00eat\u00e9 n\u00b02026-00073 portant mesures de police applicables \u00e0 Paris du 17 au 19 janvier 2026 \u00e0 l\u2019occasion de la phase finale de la Coupe d\u2019Afrique des Nations 2025"},{"date":"2026-01-15","first_seen_on":"2026-01-15T13:05:15+00:00","id":"2c14e5ab5fc0ccee936bc3e4ee3777e1a945c44e04daf127df1133743ddebef6","name":"Arr\u00eat\u00e9 n\u00b02026-00065 instituant un p\u00e9rim\u00e8tre de protection et diff\u00e9rentes mesures de police \u00e0 l\u2019occasion de la 18\u00e8me journ\u00e9e du championnat de France de football de Ligue 1 au Parc des Princes le vendredi 16 janvier 2026 "},{"date":"2026-01-15","first_seen_on":"2026-01-15T13:04:45+00:00","id":"614e9e80ea2b93cd213cacad2cb3385f021fa28c134c9e7ff0a2d7ae4cd6cf78","name":"Arr\u00eat\u00e9 n\u00b02026-00066 autorisant la captation, l\u2019enregistrement et la transmission d\u2019images au moyen de cam\u00e9ras install\u00e9es sur des a\u00e9ronefs \u00e0 l\u2019occasion de la 18\u00e8me journ\u00e9e du championnat de France de football de Ligue 1 au Parc des Princes le 16/06/2026"}],"total":3574}
