{"elements":[{"date":"2026-01-15","first_seen_on":"2026-01-15T11:05:10+00:00","id":"ae46208672a7ae49dcd9341ccc1842ee5ada97e98d47373fb94c380135300642","name":"Arr\u00eat\u00e9 n\u00b02026-00064 portant mesures de police applicables \u00e0 l\u2019occasion d\u2019une manifestation \u00e0 Paris le 18 janvier 2026"},{"date":"2026-01-14","first_seen_on":"2026-01-14T13:04:39+00:00","id":"26fbc9b7b936adaf22f1abcd84c456ae417455666ff77ad3de7c30a665ab9cf6","name":"Arr\u00eat\u00e9 n\u00b02026-00063 portant abrogation de l\u2019arr\u00eat\u00e9 n\u00b0 2026-00060 du 13 janvier 2026"},{"date":"2026-01-14","first_seen_on":"2026-01-14T11:05:15+00:00","id":"aca51274d50afcdfa8c3dbdae3b900c2e1bb80e2c3165a4eef5a5ed6187abb9c","name":"Arr\u00eat\u00e9 n\u00b02026-00061 autorisant la captation, l\u2019enregistrement et la transmission d\u2019images au moyen de cam\u00e9ras install\u00e9es sur des a\u00e9ronefs du 14 janvier au 15 janvier 2026 \u00e0 l\u2019occasion des demi-finales de la Coupe d\u2019Afrique des Nations 2025"},{"date":"2026-01-13","first_seen_on":"2026-01-13T19:04:36+00:00","id":"e1805046b4c79053bc9530023a5729c230289c4ba9920880a09854637d6dd53b","name":"Arr\u00eat\u00e9 n\u00b02026-00060 autorisant la captation, l\u2019enregistrement et la transmission d\u2019images au moyen de cam\u00e9ras install\u00e9es sur des a\u00e9ronefs \u00e0 Paris et dans le d\u00e9partement des Hauts-de-Seine du 13 au 14 janvier 2026 "},{"date":"2026-01-13","first_seen_on":"2026-01-13T15:05:19+00:00","id":"c948ac514297ed86c59a9700068b1a18e468973e0d3522763e63d2712e6b4aaa","name":"Arr\u00eat\u00e9 n\u00b02026-00059 portant mesures de police applicables \u00e0 Paris du 14 au 15 janvier 2026 \u00e0 l\u2019occasion des demi-finales de la Coupe d\u2019Afrique des Nations 2025"},{"date":"2026-01-12","first_seen_on":"2026-01-12T21:04:32+00:00","id":"bd34d9f3b74209589fff82b11843790259dffcf721ddf84298c97d348cdd6b53","name":"Arr\u00eat\u00e9 n\u00b02026-00058 autorisant la captation, l'enregistrement et la transmission d'images au moyen de cam\u00e9ras install\u00e9es sur des a\u00e9ronefs \u00e0 Paris le 13 janvier 2026"},{"date":"2026-01-12","first_seen_on":"2026-01-12T13:05:09+00:00","id":"f22a59bd731695bc72729b5eee325ad0297414ee43096111819b12e084013da2","name":"Arr\u00eat\u00e9 2026-00055 interdisant l\u2019usage de certains artifices de divertissement sur la voie publique \u00e0 Paris et dans les d\u00e9partements des Hauts-de-Seine, de la Seine-Saint-Denis et du Val-de-Marne"},{"date":"2026-01-09","first_seen_on":"2026-01-09T21:05:13+00:00","id":"1f5ac370d3858ef60719b83bb9d8e05265b028bcebcee215a0f585fe998778a8","name":"Arr\u00eat\u00e9 n\u00b02026-00050 du 09 janvier 2026 modifiant provisoirement le stationnement et la circulation dans plusieurs voies \u00e0 Paris 18\u00e8me \u00e0 l'occasion de la 1\u00e8re \u00e9dition de la course p\u00e9destre \"les 10 km de Montmartre\" le 18 janvier 2026"},{"date":"2026-01-09","first_seen_on":"2026-01-09T11:05:14+00:00","id":"f841d649c94b8941789cfe8063aac668dae2aefba06949b612a18761925e0cb3","name":"Arr\u00eat\u00e9 n\u00b02026-00047 autorisant la captation, l\u2019enregistrement et la transmission d\u2019images au moyen de cam\u00e9ras install\u00e9es sur des a\u00e9ronefs \u00e0 Paris du 9 au 10 janvier 2026"},{"date":"2026-01-08","first_seen_on":"2026-01-08T21:04:36+00:00","id":"21fa203551a98c5b3e4ff855b0440da770f7d0d8781ce787658f59aa8c6dc253","name":"Arr\u00eat\u00e9 n\u00b02026-00048 instituant un p\u00e9rim\u00e8tre de protection et diff\u00e9rentes mesures de police applicables \u00e0 Paris et Saint-Mand\u00e9 (94) le 9 janvier 2026 \u00e0 l\u2019occasion d\u2019une c\u00e9r\u00e9monie comm\u00e9morative des attentats de janvier 2015"},{"date":"2026-01-08","first_seen_on":"2026-01-08T17:04:35+00:00","id":"359ad98b1a5d293b83e76fc5485756c59ec7c17ed031eb03968b688667e19248","name":"Arr\u00eat\u00e9 n\u00b02026-00043 autorisant la captation, l\u2019enregistrement et la transmission d\u2019images au moyen de cam\u00e9ras install\u00e9es sur des a\u00e9ronefs du 9 janvier au 11 janvier 2026 \u00e0 l\u2019occasion des quarts de finale de la Coupe d\u2019Afrique des Nations 2025"},{"date":"2026-01-08","first_seen_on":"2026-01-08T11:05:17+00:00","id":"9e165f27b80971bf8ebeea5a265afa4f3df3e1721436d4d592790990be000de5","name":"Arr\u00eat\u00e9 n\u00b02026-00044 modifiant l\u2019arr\u00eat\u00e9 n\u00b02026-00042 du 7 janvier 2026 autorisant la captation, l\u2019enregistrement et la transmission d\u2019images au moyen de cam\u00e9ras install\u00e9es sur des a\u00e9ronefs \u00e0 Paris le 8 janvier 2026"},{"date":"2026-01-08","first_seen_on":"2026-01-08T01:05:16+00:00","id":"af8da2099533c0b1cc01c99e595906f6cd24aa31b7ebd6de658bd11acc0a6f4f","name":"Arr\u00eat\u00e9 n\u00b02026-00042 autorisant la captation, l\u2019enregistrement et la transmission d\u2019images au moyen de cam\u00e9ras install\u00e9es sur des a\u00e9ronefs \u00e0 Paris le jeudi 8 janvier 2026"},{"date":"2026-01-07","first_seen_on":"2026-01-08T17:05:07+00:00","id":"41bda5526325651c1ef7658694a6e6cdceb3d38621ca0ce5bd3a526fe51effbd","name":"Arr\u00eat\u00e9 n\u00b02026-00024 modifiant provisoirement le stationnement et la circulation dans plusieurs voies de Paris 16\u00e8me et de Boulogne-Billancourt les 28 et 29 janvier 2026"},{"date":"2026-01-07","first_seen_on":"2026-01-07T17:08:51+00:00","id":"cb1f58b1d52de56bd1a7573b4067ce10889e139d072bc1a4b4a9b8f72ef3d9f1","name":"Arr\u00eat\u00e9 n\u00b02026-00040 instituant un p\u00e9rim\u00e8tre de protection et diff\u00e9rentes mesures de police \u00e0 l\u2019occasion des 16es de finale de la Coupe de France de football au Parc des Princes le lundi 12 janvier 2026"},{"date":"2026-01-07","first_seen_on":"2026-01-07T17:06:03+00:00","id":"1b0155011331cfdf353ed12df6d0297d21a28a546d6a14e3b6108d78be19340d","name":"Arr\u00eat\u00e9 n\u00b02026-00038 autorisant la captation, l\u2019enregistrement et la transmission d\u2019images au moyen de cam\u00e9ras install\u00e9es sur des a\u00e9ronefs \u00e0 l\u2019occasion des 16es de finale de la Coupe de France de football au Parc des Princes le lundi 12 janvier 2026"},{"date":"2026-01-07","first_seen_on":"2026-01-07T17:05:17+00:00","id":"c52b8dbc4505432e5f8fea77618805202974a28eb68395298644b9a259129533","name":"Arr\u00eat\u00e9 n\u00b02026-00041 relatif \u00e0 la lev\u00e9e de mesures restrictives de circulation prises dans le cadre de la mise en \u0153uvre du Plan  neige et verglas en \u00cele-de-France (PNVIF)"},{"date":"2026-01-07","first_seen_on":"2026-01-07T15:08:08+00:00","id":"549e4a8c8de433fa0db72e35cc1aad0cdb50d9cff2c567b189c7cf84d9dacb33","name":"Arr\u00eat\u00e9 n\u00b02025-01727 portant encadrement du d\u00e9placement de supporters et instaurant un p\u00e9rim\u00e8tre comportant certaines mesures de police \u00e0 l\u2019occasion de la rencontre de football de Ligue 1 du 16 janvier 2026 entre les \u00e9quipes du PSG et du LOSC"},{"date":"2026-01-07","first_seen_on":"2026-01-07T15:05:10+00:00","id":"49e40f44f1ff13b8c8983a7a4bd652d2c4e6183b9f529d47fd5745b5ce93d83d","name":"Arr\u00eat\u00e9 n\u00b02026-00039 portant mesures de police applicables \u00e0 Paris du 9 au 11 janvier 2026 \u00e0 l\u2019occasion des quarts de finale de la Coupe d\u2019Afrique des Nations 2025"},{"date":"2026-01-07","first_seen_on":"2026-01-07T13:04:58+00:00","id":"f7d4041165d47a1e92dfa37efbdd4f9aaad64858d0494bd8717c883c39b45de4","name":"Arr\u00eat\u00e9 n\u00b02026-00024 modifiant provisoirement le stationnement et la circulation dans plusieurs voies de Paris 16\u00e8me et de Boulogne-Billancourt les 28 et 29 janvier 2026"},{"date":"2026-01-07","first_seen_on":"2026-01-07T13:04:43+00:00","id":"77a997ab797edd26f5b74ff44c53f388e29b017e4b1b588dfcd6a8bcdcc810f7","name":"Arr\u00eat\u00e9 n\u00b02026-00025 modifiant l\u2019arr\u00eat\u00e9 n\u00b02026-00020 du 6 janvier 2026 portant mesures de police applicables \u00e0 Paris et dans le Val-de-Marne du 7 au 9 janvier 2026"},{"date":"2026-01-07","first_seen_on":"2026-01-07T11:06:42+00:00","id":"9435b3b1dfc0ac5bba01ab949fbee670693a5817163414c357f1401b787f1e2d","name":"Arr\u00eat\u00e9 n\u00b02026-00022 modifiant provisoirement la circulation \u00e0 Paris 8\u00e8me le 21 janvier 2026, dans le cadre du d\u00e9fil\u00e9 de mode \"Ami\""},{"date":"2026-01-07","first_seen_on":"2026-01-07T11:05:14+00:00","id":"9989eab805d08d4e167ffbacb146d185fab1100faf20034ab21009ebebf27b15","name":"Arr\u00eat\u00e9 n\u00b02026-00023 du 6 janvier 2026 modifiant provisoirement le stationnement et la circulation dans plusieurs voies de Paris 16\u00e8me et de Boulogne-Billancourt \u00e0 l\u2019occasion de la rencontre de football entre le Paris Saint-Germain Football Clu"},{"date":"2026-01-06","first_seen_on":"2026-01-06T19:04:41+00:00","id":"6ffca127d30c0d7cc972c048382efdd79745e819cc6a6333668fad61c2f2b618","name":"Arr\u00eat\u00e9 n\u00b02026-00020 portant mesures de police applicables \u00e0 Paris et dans le Val-de-Marne du 7 au 9 janvier 2026"},{"date":"2026-01-06","first_seen_on":"2026-01-06T17:21:23+00:00","id":"e2b2a5a4bfdd9d993ae39e277970c3decfd3a4a838ff2a4aef000b9c59d1bd10","name":"Arr\u00eat\u00e9 n\u00b02026-00019 autorisant la captation, l\u2019enregistrement et la transmission d\u2019images au moyen de cam\u00e9ras install\u00e9es sur des a\u00e9ronefs \u00e0 Paris le 7 janvier 2026 \u00e0 l\u2019occasion d\u2019une c\u00e9r\u00e9monie d\u2019hommage aux victimes des attentats de janvier 2015"},{"date":"2026-01-06","first_seen_on":"2026-01-06T17:18:30+00:00","id":"9a7278336682a16261e8e4fa8cb42585b1702f4a3a39dfe93ba4138929bc8bef","name":"Arr\u00eat\u00e9 n\u00b02026-00014 instituant un p\u00e9rim\u00e8tre de protection et diff\u00e9rentes mesures de police applicables \u00e0 Paris le 7 janvier 2026 \u00e0 l\u2019occasion des c\u00e9r\u00e9monies comm\u00e9moratives des attentats du 7 janvier 2015 (SILT Charlie Hebdo)"},{"date":"2026-01-06","first_seen_on":"2026-01-06T17:15:02+00:00","id":"ff58ec909ea002a013605dd6bcac3ddef50adf78e556defc26b2f19c54fffd1a","name":"Arr\u00eat\u00e9 n\u00b02026-00016 instituant un p\u00e9rim\u00e8tre de protection et diff\u00e9rentes mesures de police applicables \u00e0 Paris et Saint-Mand\u00e9 (94) le 7 janvier 2026 \u00e0 l\u2019occasion des c\u00e9r\u00e9monies comm\u00e9moratives des attentats de janvier 2015 (SILT Hypercacher)"},{"date":"2026-01-06","first_seen_on":"2026-01-06T17:12:00+00:00","id":"4eb9884786d3640a49e3eba472a6491ad815f563ce893c369d1474282ed45725","name":"Arr\u00eat\u00e9 n\u00b02026-00018 autorisant la captation, l\u2019enregistrement et la transmission d\u2019images au moyen de cam\u00e9ras install\u00e9es sur des a\u00e9ronefs \u00e0 Paris et dans le Val-de-Marne le 7 janvier 2026 \u00e0 l\u2019occasion d\u2019une c\u00e9r\u00e9monie d\u2019hommage aux victimes des attentats d"},{"date":"2026-01-06","first_seen_on":"2026-01-06T17:08:58+00:00","id":"8c472b6ffcead3b72ebd0889a4d177c53fafd283676212f5af1ae373831e1eb5","name":"Arr\u00eat\u00e9 n\u00b02026-00017 portant mesures de police applicables \u00e0 paris et dans le val-de-marne le 7 janvier 2026 \u00e0 l\u2019occasion des comm\u00e9morations des attentats de janvier 2015"},{"date":"2026-01-06","first_seen_on":"2026-01-06T17:06:42+00:00","id":"e653c9c81e1968f05f80b0dfab9374ab925d204829b328c4340603a0e0f9c6c2","name":"Arr\u00eat\u00e9 n\u00b02026-00015 portant mesures de police applicables \u00e0 Paris et dans le Val-de-Marne le 9 janvier 2026 \u00e0 l\u2019occasion des comm\u00e9morations des attentats de janvier 2015"},{"date":"2026-01-06","first_seen_on":"2026-01-06T17:05:00+00:00","id":"7f6c394f4b2a46e5ea003abfb69c7f4b997fad543f737f0d6f53b87f3b5cfd38","name":"Arr\u00eat\u00e9 n\u00b02026-00021 relatif aux mesures restrictives de circulation prises dans le cadre de la mise en \u0153uvre du Plan neige et verglas en \u00cele-de-France (PNVIF)"},{"date":"2026-01-06","first_seen_on":"2026-01-06T09:05:00+00:00","id":"779fd9a7c4bd9a74c9423cd842886e2175d7dca30b955d4bdc199d01f9193147","name":"Arr\u00eat\u00e9 n\u00b02026-0013 relatif \u00e0 la lev\u00e9e des mesures restrictives de circulation prises dans le cadre de la mise en oeuvre du Plan neige et verglas en \u00cele-de-France"},{"date":"2026-01-05","first_seen_on":"2026-01-05T23:05:18+00:00","id":"418b355f147bfe15a29360099902170f225119994db5f2a224e739b2d3fe2483","name":"Arr\u00eat\u00e9 n\u00b02026-00012 portant mesures de police applicables \u00e0 Paris et dans le Val-de-Marne"},{"date":"2026-01-05","first_seen_on":"2026-01-05T19:04:35+00:00","id":"d0d8dcfb3a75656c700f7d75e1662c932aad8aeb9aee92c3677a12700dd153ba","name":"Arr\u00eat\u00e9 n\u00b02026-00011 autorisant la captation, l\u2019enregistrement et la transmission d\u2019images au moyen de cam\u00e9ras install\u00e9es sur deux h\u00e9licopt\u00e8res de la gendarmerie nationale en Ile-de-France du 6 au 9 janvier 2026"},{"date":"2026-01-05","first_seen_on":"2026-01-05T15:05:22+00:00","id":"1d3e8c14bbcbcbc7c56433ed3c1a7a987cc9315dddd326bd9d8359b7cf353716","name":"Arr\u00eat\u00e9 n\u00b02026-00010  Relatif aux mesures restrictives de circulation prises dans le cadre de la mise en \u0153uvre du Plan neige et verglas en \u00cele-de-France (PNVIF)"},{"date":"2026-01-02","first_seen_on":"2026-01-02T17:05:30+00:00","id":"dca335786545be1a9135c24a815da7858e4ae89ffe10a5cd746f7cbcd0e6282b","name":"Arr\u00eat\u00e9 n\u00b02026 - 00006 du 2 janvier 2026 modifiant provisoirement la circulation rue Vivienne \u00e0 Paris Centre le 14 janvier 2026"},{"date":"2026-01-02","first_seen_on":"2026-01-02T17:05:02+00:00","id":"eaaaefcb60b747bb108089b16080ad09b8b8f8052ebf11a041cb60a047a4e060","name":"Arr\u00eat\u00e9 n\u00b02026-00007 instituant un p\u00e9rim\u00e8tre de protection et diff\u00e9rentes mesures de police \u00e0 l\u2019occasion de la 17\u00e8me journ\u00e9e du championnat de France de football de Ligue 1 au Parc des Princes le dimanche 4 janvier 2026"},{"date":"2026-01-02","first_seen_on":"2026-01-02T17:04:58+00:00","id":"b8e84c799eb28edf42a525bfeb0842e292fb01bfcc8f8a53f7b0e3370cc12970","name":"Arr\u00eat\u00e9 n\u00b02026-00004 du 02 janvier 2026 modifiant provisoirement la circulation dans certaines voies \u00e0 Paris 12eme, 20eme et \u00e0 Saint-Mand\u00e9 le 9 janvier 2026 \u00e0 l'occasion des c\u00e9r\u00e9monies de comm\u00e9moration des attentats du 9 janvier 2015"},{"date":"2026-01-02","first_seen_on":"2026-01-02T17:04:33+00:00","id":"93f8041babc98cc09a52bbe42506c0b46ade1987c2d03b5ca7e53a360323bcc2","name":"Arr\u00eat\u00e9 n\u00b02026-00005 modifiant provisoirement le stationnement et la circulation dans plusieurs voies de Paris 16\u00e8me et de Boulogne-Billancourt \u00e0 l'occasion de la rencontre de football entre le Paris Saint-Germain Football Club et le Paris Football Club le"},{"date":"2026-01-02","first_seen_on":"2026-01-02T15:04:58+00:00","id":"f69ff398d656d1f7619da9512d4c1e2ec19fe6d725533654c6508541f48d1c86","name":"Arr\u00eat\u00e9 2026-00002 autorisant la captation, l\u2019enregistrement et la transmission d\u2019images au moyen de cam\u00e9ras install\u00e9es sur des a\u00e9ronefs \u00e0 l\u2019occasion de la 17\u00e8me journ\u00e9e du championnat de France de football de Ligue 1 au Parc des Princes le 04/01/2026"},{"date":"2026-01-02","first_seen_on":"2026-01-02T15:04:33+00:00","id":"ae65040ac2a5cc707d441e85434c0c36a0a3730f6e0611ddf71bb6ba8e106261","name":"Arr\u00eat\u00e9 2026-00003 portant mesures de police applicables \u00e0 Paris du 3 au 7 janvier 2026 \u00e0 l\u2019occasion des matchs de huiti\u00e8me de finale de la Coupe d\u2019Afrique des Nations 2025"},{"date":"2025-12-31","first_seen_on":"2026-01-02T11:04:55+00:00","id":"a0ec948ab22eb73706733bec60d3e94231f39ada19d1359edbf5cade0ba8c087","name":"Arr\u00eat\u00e9 n\u00b02025-01721 portant interdiction de la consommation de boissons alcooliques du 3\u00e8me au 5\u00e8me groupes sur le domaine public dans certaines voies de Paris du 3 janvier 2026 au 3 janvier 2027 inclus"},{"date":"2025-12-31","first_seen_on":"2026-01-02T11:04:32+00:00","id":"3bab1a96430ac12932d06375fbe134037f1ac3935b746238e6db479587df0bfd","name":"Arr\u00eat\u00e9 n\u00b02025-01722 portant interdiction de la vente \u00e0 emporter de boissons alcooliques du 3\u00e8me au 5\u00e8me groupes sur le domaine public dans certaines voies de Paris du 3 janvier 2026 au 3 janvier 2027 inclus"},{"date":"2025-12-31","first_seen_on":"2025-12-31T11:05:10+00:00","id":"f474cf07821a08623f06af1b0d0698dc3b2e4fca8ad2eba55c0848f98f835f9d","name":"Arr\u00eat\u00e9 n\u00b02025-01725 modifiant provisoirement la circulation dans certaines voies \u00e0 Paris 11eme, 12eme, 20eme et \u00e0 Saint-Mand\u00e9 les 6 et 7 janvier 2026 \u00e0 l'occasion des c\u00e9r\u00e9monies de comm\u00e9moration des attentats des 7 et 9 janvier 2015"},{"date":"2025-12-30","first_seen_on":"2025-12-30T15:05:48+00:00","id":"e73c5ab422e47f8192f3c9d9997801d3e134aca685f8a7661a16b93ac7dbe9b8","name":"Arr\u00eat\u00e9 n\u00b02025-01711 limitant temporairement le volume sonore pour la diffusion du son amplifi\u00e9 sur la place de la R\u00e9publique \u00e0 Paris du 3 janvier 2026 au 29 mars 2026 inclus "},{"date":"2025-12-30","first_seen_on":"2025-12-30T15:05:44+00:00","id":"8b0a0565c8562e982fb5746855ab09969c37d1022570ca959abcaa7ce9c0f976","name":"Arr\u00eat\u00e9 n\u00b02025-01712 limitant temporairement le volume sonore pour la diffusion du son amplifi\u00e9 sur le secteur de la place du Ch\u00e2teau Rouge \u00e0 Paris du 3 janvier 2026 au 29 mars 2026 inclus."},{"date":"2025-12-30","first_seen_on":"2025-12-30T15:05:31+00:00","id":"f3e692172e425d97e50bf47f207db60b91c1b17f4c815af8711d778b5706fa3b","name":"Arr\u00eat\u00e9 n\u00b02025-01713 portant mesure de police applicable \u00e0 Paris le mercredi 31 d\u00e9cembre 2025 "},{"date":"2025-12-30","first_seen_on":"2025-12-30T15:05:19+00:00","id":"a30224d9a688a64dc39fe322e27de565f17472f9f302bdbab2215bb17cd70018","name":"Arr\u00eat\u00e9 n\u00b02025-01714 portant mesure de police applicable \u00e0 Paris du mercredi 31 d\u00e9cembre 2025 au jeudi 1er janvier 2026 \u00e0 l\u2019occasion des festivit\u00e9s du Nouvel An "},{"date":"2025-12-30","first_seen_on":"2025-12-30T15:05:14+00:00","id":"d89572f28a549e1308e3ea9330b209513cc7f48a8bdd72fd03d40939ccc9c511","name":"Arr\u00eat\u00e9 n\u00b02025-1715 portant interdiction des distributions alimentaires sur la place Henri Frenay \u00e0 Paris du 1er janvier 2026 au 31 mars 2026 inclus "},{"date":"2025-12-30","first_seen_on":"2025-12-30T15:04:35+00:00","id":"d536d63fff76c6f586af270e6badbf749aa5a02e61700e39d2eb438188177ab7","name":"Arr\u00eat\u00e9 n\u00b02025-01716 portant interdiction des regroupements de consommateurs de coca\u00efne base dans certains secteurs de Paris et de Seine-Saint-Denis du 1er janvier 2026 au 31 mars 2026 inclus "}],"total":3574}
