{"elements":[{"date":"2025-12-30","first_seen_on":"2025-12-30T11:04:34+00:00","id":"58813b312ab65532d7c0a2ea61630d573a642bf7cd4291b9d49661456fb770b7","name":"Arr\u00eat\u00e9 n\u00b02025-01717 autorisant la captation, l\u2019enregistrement et la transmission d\u2019images au moyen de cam\u00e9ras install\u00e9es sur des a\u00e9ronefs du 30 d\u00e9cembre 2025 au 7 janvier 2026 \u00e0 l\u2019occasion de matchs de la Coupe d\u2019Afrique des Nations"},{"date":"2025-12-29","first_seen_on":"2025-12-29T17:04:33+00:00","id":"b03def5c41ed0f3ad824ad88d21de7861bea2a97b59dd31196ffcb59a25bf017","name":"Arr\u00eat\u00e9 n\u00b02025-01710 r\u00e9glementant la vente, la d\u00e9tention et la consommation de protoxyde d\u2019azote \u00e0 Paris du 1er au 31 janvier 2026"},{"date":"2025-12-29","first_seen_on":"2025-12-29T11:05:09+00:00","id":"797946fba1e338ab83ef44a61dbc56f3734a5ba4a10ff86b1bdee30079ee6d1c","name":"Arr\u00eat\u00e9 n\u00b02025-01709 du 29 d\u00e9cembre 2025 modifiant provisoirement le stationnement et la circulation dans plusieurs voies \u00e0 Paris 14\u00e8me le 18 janvier 2026, \u00e0 l'occasion de l'organisation de la 41\u00e8me \u00e9dition de la course p\u00e9destre \"Les 10 km du "},{"date":"2025-12-26","first_seen_on":"2025-12-29T13:05:59+00:00","id":"65aeb562afda9adc4955b05e1757acda0a2de6e4e736cf586fbeccef0ac7be0c","name":"Arr\u00eat\u00e9 n\u00b02025-01707 d'approbation de la disposition sp\u00e9cifique ORSEC \"gestion sanitaire d'une vague de froid\" \u00e0 Paris"},{"date":"2025-12-24","first_seen_on":"2025-12-24T17:04:39+00:00","id":"a7679439e895fafccc0d5ce9f7bbc304a77ee8022f1b8aba9fef4ef26da9ae62","name":"Arr\u00eat\u00e9 n\u00b02025-01705 autorisant la captation, l\u2019enregistrement et la transmission d\u2019images au moyen de cam\u00e9ras install\u00e9es sur des a\u00e9ronefs du 26 au 29 d\u00e9cembre 2025 \u00e0 l\u2019occasion \u00e0 l\u2019occasion de matchs de poule de la Coupe d\u2019Afrique des Nations 2025"},{"date":"2025-12-24","first_seen_on":"2025-12-24T15:04:37+00:00","id":"4ddc8d98af939a6c41a308bb890f7f06c1812f97640c7d8f0f29a5c95901f5ec","name":"Arr\u00eat\u00e9 n\u00b02025-01701 autorisant les agents du service interne de s\u00e9curit\u00e9 de la SNCF \u00e0 proc\u00e9der \u00e0 des palpations de s\u00e9curit\u00e9 dans des gares et stations d\u2019Ile-de-France du jeudi 1er janvier 2026 au mardi 31 mars 2026 inclus ; "},{"date":"2025-12-24","first_seen_on":"2025-12-24T15:04:30+00:00","id":"5b85f7720f5c5195a71aee87f4360a6405ebfe9fa537420b7b0d5702dfba8162","name":"Arr\u00eat\u00e9 n\u00b02025-01702 autorisant les agents du service interne de s\u00e9curit\u00e9 de la RATP \u00e0 proc\u00e9der \u00e0 des palpations de s\u00e9curit\u00e9 dans certaines stations, gares et arr\u00eats du r\u00e9seau francilien du 1er janvier 2026 au 31 mars 2026 inclus"},{"date":"2025-12-24","first_seen_on":"2025-12-24T13:04:36+00:00","id":"6fa79ed0514a97db1e2972d9ab952115c19b707284fc5ef526fb61c0f0b771da","name":"Arr\u00eat\u00e9 n\u00b02025-01700 du 24 d\u00e9cembre 2025 modifiant provisoirement le stationnement et la circulation dans plusieurs voies de Paris 16\u00e8me et de Boulogne-Billancourt \u00e0 l\u2019occasion de la rencontre de football entre le PSG et le PFC le 4 janvier 2026"},{"date":"2025-12-23","first_seen_on":"2025-12-23T11:07:00+00:00","id":"b794a5ead36c4331c8be7ce4e76e9261a905c9336e1f75893515302aadd19cff","name":"Arr\u00eat\u00e9 DUPA n\u00b02025-1524 sign\u00e9 le 23/12/2025 portant communication des arr\u00eat\u00e9s de vid\u00e9oprotection \u00e0 l'issue de la commission d\u00e9partementale de vid\u00e9oprotection du 17/12/2025"},{"date":"2025-12-23","first_seen_on":"2025-12-23T11:06:06+00:00","id":"d3b0c4f8d1c3ebc166e8f807603591e8837def550b47056d0c1f7199eafdaee7","name":"Arr\u00eat\u00e9 n\u00b02025-01696 portant mesures de police applicables \u00e0 Paris du 23 d\u00e9cembre 2025 au 1er janvier 2026 \u00e0 l\u2019occasion des matchs de poule de la Coupe d\u2019Afrique des Nations 2025"},{"date":"2025-12-23","first_seen_on":"2025-12-23T11:05:13+00:00","id":"d98b3b1d3b3ba7df7d81dd32dde9ee19a6ae7a595536cf1eaabff9628ab3aa3b","name":"Arr\u00eat\u00e9 n\u00b02025-01697 autorisant la captation, l\u2019enregistrement et la transmission d\u2019images au moyen de cam\u00e9ras install\u00e9es sur des a\u00e9ronefs les 23 et 24 d\u00e9cembre 2025 \u00e0 l\u2019occasion \u00e0 l\u2019occasion de matchs de poule de la Coupe d\u2019Afrique des Nations 2025"},{"date":"2025-12-22","first_seen_on":"2025-12-22T12:44:30+00:00","id":"16ca1c4228b88ff543ca3ff8d44ccadb22f8703883dbf2da6efd77ca2e762877","name":"Arr\u00eat\u00e9 2025-01691 interdiction armes Paris petite couronne du 23 d\u00e9cembre 2025 au 1er janvier 2026"},{"date":"2025-12-22","first_seen_on":"2025-12-22T12:44:03+00:00","id":"ab666d6857eb06d8141cc9319c5209ae0a0d3d1f1c0305f4119587ff161b9757","name":"Arr\u00eat\u00e9 2025-01692 instituant plusieurs p\u00e9rim\u00e8tres de protection et diff\u00e9rentes mesures de police applicables \u00e0 Paris du mercredi 31 d\u00e9cembre 2025 au jeudi 1er janvier 2026 \u00e0 l\u2019occasion des festivit\u00e9s du Nouvel An "},{"date":"2025-12-22","first_seen_on":"2025-12-22T12:43:44+00:00","id":"794c496d6d807748a14e1d64dbd591c24c691f330f03d98643c6a9294f9f7ddb","name":"Arr\u00eat\u00e9 2025-01693 autorisant la captation, l\u2019enregistrement et la transmission d\u2019images au moyen de cam\u00e9ras install\u00e9es sur des a\u00e9ronefs \u00e0 Paris du mercredi 31 d\u00e9cembre 2025 au jeudi 1er janvier 2026 \u00e0 l\u2019occasion des festivit\u00e9s du Nouvel An."},{"date":"2025-12-22","first_seen_on":"2025-12-22T12:43:34+00:00","id":"9e649d54f83bf788f23057e012747fa0f5a63f96e35a47c0f0fc1b749793bf8c","name":"Arr\u00eat\u00e9 2025-01694 interdiction articles pyrotechniques Paris et petite couronne du 23 d\u00e9cembre 2025 au 2 janvier 2026"},{"date":"2025-12-22","first_seen_on":"2025-12-22T12:43:27+00:00","id":"d680c6af144f3c63ffd2d4fcdf34cc2d275b43e12f517c4fe4792532a2ffa0b1","name":"Arr\u00eat\u00e9 2025-01695 interdiction transport et distribution carburant Paris petite couronne du 23 d\u00e9cembre 2025 au 2 janvier 2026"},{"date":"2025-12-22","first_seen_on":"2025-12-22T12:42:50+00:00","id":"0c1e1b9dc8e9ecb42112c111afba62bf41b0b64dbc8123eb383f317e0aa7167b","name":"Arr\u00eat\u00e9 pr\u00e9fectoral n\u00b02025-01686 du 19 d\u00e9cembre 2025 autorisant \u00e0 prolonger jusqu'au 31 d\u00e9cembre 2026, l'exploitation de la plateforme a\u00e9rostatique destin\u00e9e \u00e0 accueillir un ballon captif gonfl\u00e9 \u00e0 l'h\u00e9lium dans l'enceinte du parc Andr\u00e9-Citro\u00ebn \u00e0 Paris 15\u00e8me"},{"date":"2025-12-22","first_seen_on":"2025-12-22T12:42:46+00:00","id":"a1ef9cb36db86ec77ca3a86e1083adb02ad34ecb8900152f46c7cfc125d06572","name":"Arr\u00eat\u00e9 2025-01690 portant retrait de l'arr\u00eat\u00e9 2025-01683 du 19 d\u00e9cembre 2025"},{"date":"2025-12-20","first_seen_on":"2025-12-20T15:04:34+00:00","id":"0d14d2234f9a1d018617fc52a2c24a72f9034cd00d0950e94016c717172124ea","name":"Arr\u00eat\u00e9 n\u00b0 2025-01689 portant interdiction partielle d\u2019une manifestation le 21 d\u00e9cembre 2025 \u00e0 Paris"},{"date":"2025-12-20","first_seen_on":"2025-12-20T11:06:00+00:00","id":"d7d348b56728e8747327c81d809054ba6747b79418177012077b6ffb19cbcba5","name":"Arr\u00eat\u00e9 n\u00b0 2025-01683 portant mesures de police applicables \u00e0 Paris du 21 d\u00e9cembre 2025 au 19 janvier 2026 \u00e0 l\u2019occasion des matchs de la Coupe d\u2019Afrique des Nations 2025"},{"date":"2025-12-20","first_seen_on":"2025-12-20T11:05:12+00:00","id":"705fc1660a457694207dd1f3343fa0ceb685a55bc3fa1428666474b14d7362d0","name":"Arr\u00eat\u00e9 n\u00b02025-01684 autorisant la captation, l\u2019enregistrement et la transmission d\u2019images au moyen de cam\u00e9ras install\u00e9es sur des a\u00e9ronefs le 20 d\u00e9cembre 2025 \u00e0 l\u2019occasion d\u2019une manifestation"},{"date":"2025-12-19","first_seen_on":"2025-12-19T17:04:39+00:00","id":"3e6c32ff3d4ac7de0469aae8b2d39758a7c1f79dd2cbbb29313bbc6244b7b6bf","name":"Arr\u00eat\u00e9 n\u00b02025-01687 du 19 d\u00e9cembre 2025 modifiant provisoirement le stationnement et la circulation dans plusieurs voies de Paris 8\u00e8me, 16\u00e8me et 17\u00e8me du 30 d\u00e9cembre 2025 au 1er janvier 2026 \u00e0 l\u2019occasion du passage \u00e0 l\u2019ann\u00e9e 2026"},{"date":"2025-12-19","first_seen_on":"2025-12-19T15:05:16+00:00","id":"2e9b55359216534b099035c04d5b7889dabb503016136646e9afd46b73cac0e2","name":"Arr\u00eat\u00e9 n\u00b02025-01685 du 19 d\u00e9cembre 2025 modifiant provisoirement la circulation sur le pont au Change \u00e0 Paris Centre le 22 d\u00e9cembre 2025"},{"date":"2025-12-17","first_seen_on":"2025-12-17T19:04:30+00:00","id":"a362de6043b5977c326b0a311ff9087866e744c1974a3e2aa053b2dfffc5c15e","name":"Arr\u00eat\u00e9 n\u00b02025-01681 portant interdiction partielle d\u2019une manifestation le 18 d\u00e9cembre 2025 \u00e0 Paris"},{"date":"2025-12-17","first_seen_on":"2025-12-17T17:04:55+00:00","id":"f7e55b1901e9a62174bf670aad774382f476ec3fb18c3d95c06e22804e24535b","name":"Arr\u00eat\u00e9 pr\u00e9fectoral n\u00b02025-01680 du 17 d\u00e9cembre 2025 modifiant provisoirement le stationnement et la circulation avenue Kl\u00e9ber \u00e0 Paris 16\u00e8me du 19 au 21 d\u00e9cembre 2025"},{"date":"2025-12-17","first_seen_on":"2025-12-17T17:04:48+00:00","id":"945ea835b18b619a948ce769a433244cc270f887f73041afb67542efff2e24e9","name":"Arr\u00eat\u00e9 n\u00b02025-01680 du 17 d\u00e9cembre 2025 modifiant provisoirement le stationnement et la circulation avenue Kl\u00e9ber \u00e0 Paris 16\u00e8me du 19 au 21 d\u00e9cembre 2025"},{"date":"2025-12-17","first_seen_on":"2025-12-17T15:05:12+00:00","id":"7b1d166b06db90a0c00a53a0b3859d6d96a4011cc883099ea25f336aa9430bf9","name":"Arr\u00eat\u00e9 n\u00b02025-01678 autorisant la captation, l\u2019enregistrement et la transmission d\u2019images au moyen de cam\u00e9ras install\u00e9es sur des a\u00e9ronefs \u00e0 l\u2019occasion des concerts de Gims \u00e0 Paris La D\u00e9fense Ar\u00e9na les 19, 20, 21 et 22 d\u00e9cembre 2025"},{"date":"2025-12-17","first_seen_on":"2025-12-17T15:04:49+00:00","id":"c5a59f99cc01a0340b59127757c74abcc9a010599fb39a8312d97121c382d995","name":"Arr\u00eat\u00e9 n\u00b02025-01679 autorisant la captation, l\u2019enregistrement et la transmission d\u2019images au moyen de cam\u00e9ras install\u00e9es sur des a\u00e9ronefs \u00e0 l\u2019occasion du 32\u00e8me de finale de la Coupe de France de football dans le Val-de-Marne le samedi 20 d\u00e9cembre 2025"},{"date":"2025-12-15","first_seen_on":"2025-12-15T11:04:34+00:00","id":"2997304d9323df5dc0131b4aea5d6a90774d3b1ecf8bf39b5be41c3270db4d02","name":"Arr\u00eat\u00e9 n\u00b02025-01673 modifiant provisoirement la circulation rue de Beaujolais et rue Vivienne \u00e0 Paris Centre le 6 janvier 2025"},{"date":"2025-12-14","first_seen_on":"2025-12-14T15:07:21+00:00","id":"9974db3d21654146559c8d0360be3af09a51d3bdc251f4e527dd11104907ade6","name":"Arr\u00eat\u00e9 2025-01671 portant mesures de police applicables \u00e0 Paris le 14 d\u00e9cembre 2025"},{"date":"2025-12-14","first_seen_on":"2025-12-14T15:05:13+00:00","id":"1a610bb1e775a664ef870d84ea31bd2a4fb6f46a504997270b5d42c66a2807c3","name":"Arr\u00eat\u00e9 2025-01672 autorisant la captation, l\u2019enregistrement et la transmission d\u2019images au moyen de cam\u00e9ras install\u00e9es sur des a\u00e9ronefs le 14 d\u00e9cembre 2025 \u00e0 l'occasion d\u2019une manifestation \u00e0 Paris"},{"date":"2025-12-12","first_seen_on":"2025-12-12T17:05:02+00:00","id":"e19793071b3e4b44ddeb2723e782be935e4205de44bf39dc0c08cb32f0bf4d15","name":"Arr\u00eat\u00e9 pr\u00e9fectoral n\u00b02025-01667 du 12 d\u00e9cembre 2025 modifiant provisoirement la circulation place Ren\u00e9 Char \u00e0 Paris 7\u00e8me le 15 d\u00e9cembre 2025"},{"date":"2025-12-12","first_seen_on":"2025-12-12T17:04:58+00:00","id":"e2b587e1687c4b7efdf138ee5377d0dd048560593a1b9a591b061ff259a1cde9","name":"Arr\u00eat\u00e9 n\u00b02025-01666 du 12 d\u00e9cembre 2025 modifiant provisoirement le stationnement et la circulation rue de la Victoire \u00e0 Paris 9\u00e8me le 14 d\u00e9cembre 2025"},{"date":"2025-12-12","first_seen_on":"2025-12-12T11:04:59+00:00","id":"de651450643957a6c998952367de9ec44decd73eb9dae348674ae81ca7b13f57","name":"Arr\u00eat\u00e9 2025-01663 portant interdiction partielle d\u2019une manifestation le 13 d\u00e9cembre 2025 \u00e0 Paris"},{"date":"2025-12-12","first_seen_on":"2025-12-12T11:04:42+00:00","id":"22430b6bb746cc3f36df0a22f23293e6b15359d070aaf553cd949d0fd5c51daf","name":"Arr\u00eat\u00e9 2025-01664 portant interdiction partielle d\u2019une manifestation le 15 d\u00e9cembre 2025 \u00e0 Paris"},{"date":"2025-12-11","first_seen_on":"2025-12-11T13:05:21+00:00","id":"789b2d5fd962a6903900fb6c54340115c39ca86ac3ca8d208c86f9b0c46f0fb1","name":"Arr\u00eat\u00e9 n\u00b0 2025-01659 du 11 d\u00e9cembre 2025 modifiant provisoirement le stationnement et la circulation rue de Vaugirard \u00e0 Paris 6\u00e8me, le 9 janvier 2026"},{"date":"2025-12-09","first_seen_on":"2025-12-09T15:04:35+00:00","id":"4345d793cfeacc5cb3982f9ffef2f9423f8b99b5389656b29b34a4926f4eec11","name":"Arr\u00eat\u00e9 2025-01658 portant interdiction partielle d\u2019une manifestation le 10 d\u00e9cembre 2025 \u00e0 Paris"},{"date":"2025-12-09","first_seen_on":"2025-12-09T13:06:27+00:00","id":"1afdbedd534c38222f7d4c23aeac1e79b326ce692ef511ad9c6880b9396861b9","name":"Arr\u00eat\u00e9 n\u00b02025-01657 autorisant la captation, l\u2019enregistrement et la transmission d\u2019images au moyen de cam\u00e9ras install\u00e9es sur des a\u00e9ronefs \u00e0 l\u2019occasion du concert de l\u2019artiste Jean-Louis Aubert \u00e0 Paris La D\u00e9fense Ar\u00e9na le 13 d\u00e9cembre 2025"},{"date":"2025-12-09","first_seen_on":"2025-12-09T11:06:02+00:00","id":"eab699a37b1862ba1a2242263a423374ff879d7db0f1bc6e826d1d8c8e5780c1","name":"Arr\u00eat\u00e9 n\u00b02025-01654 modifiant provisoirement le stationnement et la circulation rue de Montpensier \u00e0 Paris Centre, le 15 d\u00e9cembre 2025"},{"date":"2025-12-09","first_seen_on":"2025-12-09T11:05:41+00:00","id":"0a8557a7f19ffc458d7a38c3ec5d60f5755b952e51d05ff1981fdb6839f1586e","name":"Arr\u00eat\u00e9 n\u00b02025-01655 autorisant la captation, l\u2019enregistrement et la transmission d\u2019images au moyen de cam\u00e9ras install\u00e9es sur des a\u00e9ronefs \u00e0 l\u2019occasion de la 16\u00e8me journ\u00e9e du championnat de France de football de Ligue 1 au stade Jean Bouin le 13/12/2025"},{"date":"2025-12-09","first_seen_on":"2025-12-09T11:04:45+00:00","id":"b15ad245876af3b4ecbd55f62a7f590bc96d542c2b1a04d714c93f923c5cbd02","name":"Arr\u00eat\u00e9 n\u00b02025-01656 instituant un p\u00e9rim\u00e8tre de protection et diff\u00e9rentes mesures de police \u00e0 l\u2019occasion de la 16\u00e8me journ\u00e9e du championnat de France de football de Ligue 1 au stade Jean Bouin le 13/12/2025"},{"date":"2025-12-08","first_seen_on":"2025-12-08T17:04:45+00:00","id":"3bb44ea651d80cc286d5195f6249f372b22f412d739cb77a786365bfc6d0171d","name":"Arr\u00eat\u00e9 pr\u00e9fectoral n\u00b02025-01651 du 8 d\u00e9cembre 2025 modifiant provisoirement la circulation rue de Chalon \u00e0 Paris 12\u00e8me, \u00e0 l\u2019occasion de la Foire d'Art Internationale \"F\u00eate de No\u00ebl au Relai 59\" le 13 d\u00e9cembre 2025"},{"date":"2025-12-08","first_seen_on":"2025-12-08T17:04:32+00:00","id":"15e83572122f3eda0848b1b20e07d3181b9c83b954ce319fc26ab67b34caf9ad","name":"Arr\u00eat\u00e9 n\u00b02025-01653 modifiant provisoirement la circulation dans plusieurs voies \u00e0 Paris Centre du 9 au 10 d\u00e9cembre 2025"},{"date":"2025-12-08","first_seen_on":"2025-12-08T15:04:31+00:00","id":"57b2ebb16ae31a8d9c8d3ba7b5fac0601ab8175b51235d6cc392cc6cb2188c23","name":"Arr\u00eat\u00e9 n\u00b02025-01652 du 8 d\u00e9cembre 2025 modifiant provisoirement le stationnement et la circulation dans plusieurs voies de Paris 16\u00e8me et de Boulogne-Billancourt \u00e0 l'occasion d'une rencontre de football, le 13 d\u00e9cembre 2025"},{"date":"2025-12-06","first_seen_on":"2025-12-06T11:05:16+00:00","id":"5556d55482dd4e176a9ff4e081461eef179906bed1ddc0f0467094a95a1024f7","name":"Arr\u00eat\u00e9 n\u00b02025-01649 portant interdiction partielle de manifestations les 8 et 9 d\u00e9cembre 2025 \u00e0 Paris"},{"date":"2025-12-05","first_seen_on":"2025-12-05T13:06:13+00:00","id":"2e2f2c8b74e085233e7d0457cf0f31b7c978fbfc1cadefe1b8899ffd1399ec03","name":"Arr\u00eat\u00e9 2025-01647 portant mesures de police applicables le samedi 6 d\u00e9cembre 2025"},{"date":"2025-12-05","first_seen_on":"2025-12-05T13:05:57+00:00","id":"90e63f11101aeabb6d7cd8ce13a0e5301abeeddcf22ca8dd3dd3c5fce92f9163","name":"Arr\u00eat\u00e9 2025-01648 portant interdiction partielle d\u2019une manifestation le 6 d\u00e9cembre 2025 \u00e0 Paris"},{"date":"2025-12-04","first_seen_on":"2025-12-04T18:19:02+00:00","id":"666b375cb6a4a0bd5e2d5fcfd65ef061cf38be7abbd63ee836186742f2e8a696","name":"Arr\u00eat\u00e9 2025-01644 portant encadrement du d\u00e9placement de supporters et instaurant un p\u00e9rim\u00e8tre comportant certaines mesures de police \u00e0 l\u2019occasion de la rencontre de football de Ligue 1 du samedi 6 d\u00e9cembre 2025"},{"date":"2025-12-04","first_seen_on":"2025-12-04T17:04:35+00:00","id":"9c90afe5e812757f849d6a8cc316c01585b36cb491e03fb4d0ccc24da4c98223","name":"Arr\u00eat\u00e9 2025-01645 portant interdiction partielle d\u2019une manifestation le 5 d\u00e9cembre 2025 \u00e0 Paris"},{"date":"2025-12-04","first_seen_on":"2025-12-04T11:05:16+00:00","id":"76c112e276089a412279d3c5279f35a53fe02643d9fcbf95227ef4f85c60f604","name":" Arr\u00eat\u00e9 DUPA n\u00b02025-1448 sign\u00e9 le 28 novembre 2025 portant communication des arr\u00eat\u00e9s de vid\u00e9oprotection \u00e0 l'issue de la commission d\u00e9partementale de vid\u00e9oprotection du 21 novembre 2025"}],"total":3574}
