{"elements":[{"date":"2025-12-04","first_seen_on":"2025-12-04T17:04:35+00:00","id":"9c90afe5e812757f849d6a8cc316c01585b36cb491e03fb4d0ccc24da4c98223","name":"Arr\u00eat\u00e9 2025-01645 portant interdiction partielle d\u2019une manifestation le 5 d\u00e9cembre 2025 \u00e0 Paris"},{"date":"2025-12-04","first_seen_on":"2025-12-04T11:05:16+00:00","id":"76c112e276089a412279d3c5279f35a53fe02643d9fcbf95227ef4f85c60f604","name":" Arr\u00eat\u00e9 DUPA n\u00b02025-1448 sign\u00e9 le 28 novembre 2025 portant communication des arr\u00eat\u00e9s de vid\u00e9oprotection \u00e0 l'issue de la commission d\u00e9partementale de vid\u00e9oprotection du 21 novembre 2025"},{"date":"2025-12-02","first_seen_on":"2025-12-02T17:04:52+00:00","id":"26f41e8c461f4beaa97580c36dd4ed83221c3e20c01b243199dbddb5d842da89","name":"Arr\u00eat\u00e9 pr\u00e9fectoral n\u00b02025-01637 du 2 d\u00e9cembre 2025 modifiant provisoirement  la circulation dans certaines voies \u00e0 Paris 18\u00e8me dans le cadre des animations \"Ensemble, Paris 18 se mobilise\" pour le T\u00e9l\u00e9thon 2025, le 6 d\u00e9cembre 2025"},{"date":"2025-12-02","first_seen_on":"2025-12-02T17:04:32+00:00","id":"da152ffed3c75d4717a62f444e74a6023621c9a40c4941b88bb371bc7dae1191","name":"Arr\u00eat\u00e9 2025-01635 autorisant la captation, l\u2019enregistrement et la transmission d\u2019images au moyen de cam\u00e9ras install\u00e9es sur des a\u00e9ronefs \u00e0 l\u2019occasion du concert de l\u2019artiste Hamza \u00e0 Paris La D\u00e9fense Ar\u00e9na le 5 d\u00e9cembre 2025"},{"date":"2025-12-02","first_seen_on":"2025-12-02T11:05:23+00:00","id":"e8732b02352bf7586ad1e2e07e65e2ba73ee54ae1fe690943f8710c8151f5082","name":"Arr\u00eat\u00e9 pr\u00e9fectoral n\u00b0 2025-01629 du 2 d\u00e9cembre 2025 modifiant provisoirement la circulation dans plusieurs voies de Paris 16\u00e8me, le 5 d\u00e9cembre 2025"},{"date":"2025-12-02","first_seen_on":"2025-12-02T11:05:19+00:00","id":"ecde314919998edf2ff9828c5f77dfc21dcdc9ac181af919e9fe656dc1f76372","name":"Arr\u00eat\u00e9 2025-01630 modifiant l\u2019arr\u00eat\u00e9 n\u00b02025-01614 du 28 novembre 2025 autorisant la captation, l\u2019enregistrement et la transmission d\u2019images au moyen de cam\u00e9ras install\u00e9es sur des a\u00e9ronefs \u00e0 Paris et dans les Hauts-de-Seine (92) du 01/12/2025 au 31/01/2026"},{"date":"2025-12-02","first_seen_on":"2025-12-02T11:04:58+00:00","id":"680f5f337edf0e31123df4ae28feb18cc5d83e52e1a2c6a518d4fc6aa1489aba","name":"Arr\u00eat\u00e9 n\u00b02025-01627 autorisant la captation, l\u2019enregistrement et la transmission d\u2019images au moyen de cam\u00e9ras install\u00e9es sur des a\u00e9ronefs \u00e0 l\u2019occasion de la 15\u00e8me journ\u00e9e du championnat de France de football de Ligue 1 au Parc des Princes le samedi 6 d\u00e9ce"},{"date":"2025-12-02","first_seen_on":"2025-12-02T11:04:33+00:00","id":"e15bfbf987c7366bc48c9d6f5fc4180d26c6c1e2c7ced064b50313be2dea1fd7","name":"Arr\u00eat\u00e9 n\u00b02025-01628 instituant un p\u00e9rim\u00e8tre de protection et diff\u00e9rentes mesures de police \u00e0 l\u2019occasion de la 15\u00e8me journ\u00e9e du championnat de France de football de Ligue 1 au Parc des Princes le samedi 6 d\u00e9cembre 2025"},{"date":"2025-12-02","first_seen_on":"2025-12-02T09:04:42+00:00","id":"dfdd26621776e0ddb7d7a2c0f3aff340e8c02b036791c2729eac17fff2b4d4a8","name":"Arr\u00eat\u00e9 2025-01625 portant interdiction partielle de manifestations les 2 et 3 d\u00e9cembre 2025 \u00e0 Paris"},{"date":"2025-12-02","first_seen_on":"2025-12-02T09:04:30+00:00","id":"b7100bf7b83032a0ab7d06e71f959b0200237c1deb9e2b7d20d57be5067b7a14","name":"Arr\u00eat\u00e9 2025-01626 autorisant la captation, l\u2019enregistrement et la transmission d\u2019images au moyen de cam\u00e9ras install\u00e9es sur des a\u00e9ronefs \u00e0 Paris le 2 d\u00e9cembre 2025"},{"date":"2025-12-01","first_seen_on":"2025-12-01T11:05:34+00:00","id":"d917eda9b7dfb1765e94ef3d64bc63b630629e7c5af335c26e677f42e77c8170","name":"Arr\u00eat\u00e9 DUPA n\u00b0 2025-1448 sign\u00e9 le 28 novembre 2025 portant communication des arr\u00eat\u00e9s de vid\u00e9oprotection \u00e0 l'issue de la commission d\u00e9partementale du 21 novembre 2025"},{"date":"2025-12-01","first_seen_on":"2025-12-01T11:05:19+00:00","id":"8700080f5a133a9200a70c860f0e1ef40979f576345f68ee91e8ae57da7bda60","name":"Arr\u00eat\u00e9 pr\u00e9fectoral n\u00b0 2025-01624 du 1er d\u00e9cembre 2025 cr\u00e9ant une aire pi\u00e9tonne temporaire dans certaines voies du 8\u00e8me arrondissement de Paris, \u00e0 l'occasion de la manifestation \"Pi\u00e9tonisation des Champs-\u00c9lys\u00e9es\", le 7 d\u00e9cembre 2025"},{"date":"2025-11-28","first_seen_on":"2025-11-28T19:06:37+00:00","id":"695d5c3e8650e1701894c23ff0b70505babf0dcb329720f60eceb27d0a22fac1","name":"Arr\u00eat\u00e9 2025-01621 portant mesures de police applicables \u00e0 Paris et dans le d\u00e9partement des Hauts-de-Seine (92) le 30 novembre 2025"},{"date":"2025-11-28","first_seen_on":"2025-11-28T19:06:11+00:00","id":"ba0e1f89ee7e4cd8ba20eb7ed6f446a6d92e8cfe87ab1486a3dd0835d05f1b2e","name":"Arr\u00eat\u00e9 2025-01616 portant interdiction partielle d\u2019une manifestation le 1er d\u00e9cembre 2025 \u00e0 Paris"},{"date":"2025-11-28","first_seen_on":"2025-11-28T19:05:07+00:00","id":"d7cc85ac91e11895971795a84a9e8c3d7dbe3e1f8449825327f8deb5d2cd52e9","name":"Arr\u00eat\u00e9 pr\u00e9fectoral n\u00b02025-01622 du 28 novembre 2025 modifiant provisoirement le stationnement et la circulation dans plusieurs voies \u00e0 Paris 6\u00e8me \u00e0 l\u2019occasion de la c\u00e9r\u00e9monie d\u2019hommage \u00e0 Malik Oussekine le 6 d\u00e9cembre 2025"},{"date":"2025-11-28","first_seen_on":"2025-11-28T17:05:52+00:00","id":"db6deb2bcddd63507d81457263e6b4b4b8270a0c52dfc341cbd9a919388c7d8f","name":"Arr\u00eat\u00e9 2025-01615 r\u00e9glementant la vente, la d\u00e9tention et la consommation de protoxyde d\u2019azote \u00e0 Paris du 1er au 31 d\u00e9cembre 2025"},{"date":"2025-11-28","first_seen_on":"2025-11-28T17:05:17+00:00","id":"154280fd2f3dc7ad4817bc47b4e3259f1883b7bf52ec82ab4e8621552ff03d57","name":"Arr\u00eat\u00e9 2025-01620 portant interdiction partielle d\u2019une manifestation le 30 novembre 2025 \u00e0 Paris"},{"date":"2025-11-28","first_seen_on":"2025-11-28T15:04:29+00:00","id":"43630f6d847e6225725461c7cabe635a17ab8a82a7b3d41206da48785ec086b5","name":"Arr\u00eat\u00e9 2025-01614 autorisant la captation, l\u2019enregistrement et la transmission d\u2019images au moyen de cam\u00e9ras install\u00e9es sur des a\u00e9ronefs \u00e0 Paris et dans les Hauts-de-Seine (92) du 1er d\u00e9cembre 2025 au 31 janvier 2026 inclus"},{"date":"2025-11-28","first_seen_on":"2025-11-28T11:05:16+00:00","id":"36d9a1b21e11c0c74c80522bb81c71d328f292430f0362d4835610bcab716710","name":"Arr\u00eat\u00e9 2025-01612 portant mesures de police applicables le dimanche 30 novembre 2025"},{"date":"2025-11-28","first_seen_on":"2025-11-28T11:05:04+00:00","id":"d836ef2ba834730f83bffff0b9e8275e9eed17a07bdab436e81a63ee28aab232","name":"Arr\u00eat\u00e9 2025-01613 portant encadrement du d\u00e9placement de supporters et instaurant un p\u00e9rim\u00e8tre comportant certaines mesures de police \u00e0 l\u2019occasion de la rencontre de football de Ligue 1 du samedi 29 novembre 2025 au stade Jean Bouin \u00e0 Paris"},{"date":"2025-11-27","first_seen_on":"2025-11-27T19:05:17+00:00","id":"01eff7c5db055069ba2bab8a0e034fe589a787bdb9a26964dc2f504d556d87dd","name":"Arr\u00eat\u00e9 2025-01595 portant interdiction partielle d\u2019une manifestation le 28 novembre 2025 \u00e0 Paris"},{"date":"2025-11-27","first_seen_on":"2025-11-27T19:04:38+00:00","id":"16ea6fadbe6deea804678466ce97339a40930eb3a97492c561ab8251c5dacb56","name":"Arr\u00eat\u00e9 pr\u00e9fectoral n\u00b02025-01611 du 27 novembre 2025 modifiant provisoirement le stationnement et la circulation dans certaines voies de Paris 7\u00e8me, 8\u00e8me et 16\u00e8me \u00e0 l\u2019occasion de la 3\u00e8me \u00e9dition de la course p\u00e9destre \u00ab Les 10 KM de la Tour Eiffel \u00bb le 7 d\u00e9"},{"date":"2025-11-27","first_seen_on":"2025-11-27T17:04:48+00:00","id":"104e0e227b9d8aafd9e9ff179c2fd8a129367d8381282918996e9958b2d004c8","name":"Arr\u00eat\u00e9 pr\u00e9fectoral n\u00b02025-01610 du 27 novembre 2025 modifiant provisoirement la circulation rue Jacques Ibert \u00e0 Paris 17\u00e8me le 14 d\u00e9cembre 2025"},{"date":"2025-11-27","first_seen_on":"2025-11-27T15:04:42+00:00","id":"ae6c2e8c1db4039699fda5996f3d85bae387ed48e8d4af98acb6b2d3c4f86771","name":"Arr\u00eat\u00e9 pr\u00e9fectoral n\u00b02025-01609 du 27 novembre 2025 modifiant provisoirement le stationnement et la circulation dans plusieurs voies de Paris 16\u00e8me et de Boulogne-Billancourt \u00e0 l\u2019occasion de la rencontre de football le 6 d\u00e9cembre 2025"},{"date":"2025-11-27","first_seen_on":"2025-11-27T11:05:23+00:00","id":"58c58fc62ee2041ba1c670108a2f23aec17f864ae87538f49462022075f0c87f","name":"Arr\u00eat\u00e9 2025-01597 modifiant l\u2019arr\u00eat\u00e9 n\u00b02025-01582 du 24 novembre 2025 portant r\u00e9glementation des horaires de fermeture de commerces dans certaines voies du 10\u00e8me arrondissement de Paris du 1er d\u00e9cembre 2025 au 2 mars 2026 inclus"},{"date":"2025-11-26","first_seen_on":"2025-11-26T17:07:02+00:00","id":"a571a3c79cf7c2767fbcc9d888562838918e00a21cb5bd32e1e7404d4baaf8ab","name":"Arr\u00eat\u00e9 n\u00b02025-01592 instituant un p\u00e9rim\u00e8tre de protection et diff\u00e9rentes mesures de police \u00e0 l\u2019occasion de la 14\u00e8me journ\u00e9e du championnat de France de football de Ligue 1 au stade Jean Bouin le samedi 29 novembre 2025"},{"date":"2025-11-26","first_seen_on":"2025-11-26T17:05:06+00:00","id":"9bc889beabe820bc418a9e59eefc75321c6cae79400e54f2c938935fb7c8cb3d","name":"Arr\u00eat\u00e9 n\u00b02025-01593 autorisant la captation, l\u2019enregistrement et la transmission d\u2019images au moyen de cam\u00e9ras install\u00e9es sur des a\u00e9ronefs \u00e0 l\u2019occasion de la 14\u00e8me journ\u00e9e du championnat de France de football de Ligue 1 au stade Jean Bouin le 29/11/2025"},{"date":"2025-11-26","first_seen_on":"2025-11-26T17:04:42+00:00","id":"5e2354c1d43a2d4aa0a5eeb8212237d5aca7ef23bfb042abaf88f2acdbb71414","name":"Arr\u00eat\u00e9 2025-01594 autorisant la captation, l\u2019enregistrement et la transmission d\u2019images au moyen de cam\u00e9ras install\u00e9es sur des a\u00e9ronefs \u00e0 l\u2019occasion du concert de l\u2019artiste Vald \u00e0 Paris La D\u00e9fense Ar\u00e9na le 29 novembre 2025"},{"date":"2025-11-26","first_seen_on":"2025-11-26T15:06:05+00:00","id":"5fe1194caa596808d026ed10e857b4eaa75f4f4db722f26f1d69b0575a6b458e","name":"Arr\u00eat\u00e9 n\u00b02025-01591 modifiant provisoirement le stationnement et la circulation rue Saint-Georges et rue de la Victoire \u00e0 Paris 9\u00e8me les 17 et 18 d\u00e9c. 2025"},{"date":"2025-11-25","first_seen_on":"2025-11-25T13:06:02+00:00","id":"33324054eff75a943746171424aba5b7fa11b641ae14eadf2a2deee3f902c9e1","name":"Arr\u00eat\u00e9 2025-01588 portant interdiction des repr\u00e9sentations de M. Dieudonn\u00e9 M\u2019BALA M\u2019BALA du 1er au 31 d\u00e9cembre 2025 inclus"},{"date":"2025-11-25","first_seen_on":"2025-11-25T11:05:28+00:00","id":"625340faa909c5e548f30eb73592becb159abd2cb0e89db60eaba651f1e30399","name":"Arr\u00eat\u00e9 pr\u00e9fectoral n\u00b0 2025-01587 du 25 novembre 2025 modifiant provisoirement le stationnement et la circulation dans plusieurs voies de Paris 16\u00e8me et de Boulogne-Billancourt, le 28 novembre 2025"},{"date":"2025-11-24","first_seen_on":"2025-11-24T15:08:30+00:00","id":"b2a8a80fb8823621b92f820b3cb289ce01aca3c13084fd15f614e9b6bf437123","name":"Arr\u00eat\u00e9 pr\u00e9fectoral n\u00b0 2025-01581 du 24 novembre 2025 modifiant provisoirement le stationnement et la circulation rue de Lobau \u00e0 Paris Centre, le 28 novembre 2025"},{"date":"2025-11-24","first_seen_on":"2025-11-24T15:07:37+00:00","id":"0dd63c127f799ab7f7579ee1b57c29daac9a19661209b1f00a13097f22c7e03d","name":"Arr\u00eat\u00e9 n\u00b02025-01582 portant r\u00e9glementation des horaires de fermeture de commerces dans certaines voies du 10\u00e8me arrondissement de Paris du 1er d\u00e9cembre 2025 au 2 mars 2026 inclus"},{"date":"2025-11-24","first_seen_on":"2025-11-24T15:06:35+00:00","id":"52450c75a866966a6f49acbee051e9ec7241342806e36cb54dcd24c1df8465d8","name":"Arr\u00eat\u00e9 n\u00b02025-01583 portant r\u00e9glementation des horaires de fermeture de commerces dans certaines voies du 18\u00e8me arrondissement de Paris du 1er d\u00e9cembre 2025 au 2 mars 2026 inclus"},{"date":"2025-11-22","first_seen_on":"2025-11-22T15:06:15+00:00","id":"d69c798f35d3efcf6c98bf634f47a9565087e78e6886c7bbbd7b361063201eb0","name":"Arr\u00eat\u00e9 n\u00b02025-01575 du 22 novembre 2025 relatif aux mesures restrictives de circulation prises dans le cadre de la mise en \u0153uvre du Plan neige et verglas en \u00cele-de-France (PNVIF)"},{"date":"2025-11-21","first_seen_on":"2025-11-21T19:05:54+00:00","id":"4a510a918a689975d2755f81fa522b67a83b9e93f734f294c07d177ab9d1269a","name":"Arr\u00eat\u00e9 n\u00b02025-01558 portant interdiction partielle d\u2019une manifestation le 22 novembre 2025 \u00e0 Paris"},{"date":"2025-11-21","first_seen_on":"2025-11-21T15:09:34+00:00","id":"010ef0cd705eb46f49b25d568dcbf04fb05d4125d134a7edea2f87139008609e","name":"Arr\u00eat\u00e9 pr\u00e9fectoral n\u00b0 2025-01555 du 21 novembre 2025 modifiant provisoirement le stationnement et la circulation avenue des Portugais \u00e0 Paris 16\u00e8me, du 27 au 28 novembre 2025"},{"date":"2025-11-21","first_seen_on":"2025-11-21T15:08:58+00:00","id":"5a0c960fff8f4ede0e8a3763fc2e8923ab7cc02b863495117df4f3262e10e735","name":"Arr\u00eat\u00e9 pr\u00e9fectoral n\u00b02025-01554 du 21 novembre 2025 modifiant provisoirement la circulation place de la Concorde \u00e0 Paris 8\u00e8me, le 26 novembre 2025"},{"date":"2025-11-21","first_seen_on":"2025-11-21T15:06:46+00:00","id":"a6b9e08a179d7401e60b6db003ddf9e174810268963aee2d8b57257278a9f690","name":"Arr\u00eat\u00e9 pr\u00e9fectoral 2025-01557 du 21 novembre 2025 modifiant provisoirement le stationnement et la circulation dans plusieurs voies de Paris 16\u00e8me et de Boulogne-Billancourt \u00e0 l\u2019occasion de la rencontre de football le 29 novembre 2025"},{"date":"2025-11-21","first_seen_on":"2025-11-21T13:05:56+00:00","id":"cb0093dbf6f8fbd451139717623f9534461e8b508c790224c111cbf707370168","name":"Arr\u00eat\u00e9 pr\u00e9fectoral n\u00b02025-01556 du 21 novembre 2025 modifiant provisoirement le stationnement et la circulation dans certaines voies de Paris 17\u00e8me, \u00e0 l\u2019occasion de la 39\u00e8me \u00e9dition de la course p\u00e9destre \u00ab  10 km ONATERA PARIS 17 \u00bb le 30 novembre 2025"},{"date":"2025-11-21","first_seen_on":"2025-11-21T11:06:18+00:00","id":"12a8ce499c45a9af07d4c014f640e17f0f83eb19a1ea170fc2df29e8aae82566","name":"Arr\u00eat\u00e9 2025-01553 autorisant la captation, l\u2019enregistrement et la transmission d\u2019images au moyen de cam\u00e9ras install\u00e9es sur des a\u00e9ronefs \u00e0 Paris le samedi 22 novembre 2025"},{"date":"2025-11-20","first_seen_on":"2025-11-20T17:07:13+00:00","id":"73c454d493693740372bc7ed6ce743230a4a7ba14b387dfb973bf7bf7cec6179","name":"Arr\u00eat\u00e9 n\u00b02025-01551 instituant un p\u00e9rim\u00e8tre de protection et diff\u00e9rentes mesures de police \u00e0 l\u2019occasion de la 5\u00e8me journ\u00e9e de la Ligue des Champions de football au Parc des Princes le mercredi 26 novembre 2025"},{"date":"2025-11-20","first_seen_on":"2025-11-20T17:05:28+00:00","id":"3ed2c914f83c46dd77eacd264acd9f5d5beffe9eaca3158893fc5b3b80c204a6","name":"Arr\u00eat\u00e9 n\u00b02025-01552 autorisant la captation, l\u2019enregistrement et la transmission d\u2019images au moyen de cam\u00e9ras install\u00e9es sur des a\u00e9ronefs \u00e0 l\u2019occasion de la 5\u00e8me journ\u00e9e de la Ligue des Champions de football au Parc des Princes le 26 novembre 2025"},{"date":"2025-11-20","first_seen_on":"2025-11-20T11:05:31+00:00","id":"f1c410613b1e61104827908beb19119d23e1087877ee81101bb176af82fcc475","name":"Arr\u00eat\u00e9 n\u00b02025-01550 modifiant provisoirement le stationnement et la circulation dans plusieurs voies \u00e0 Paris 12\u00e8me, les 22 et 23 novembre 2025"},{"date":"2025-11-19","first_seen_on":"2025-11-19T15:06:32+00:00","id":"693a37bdf8a96de4eda2ab34a2784d40db73dcbbec9dd76b9fa0beaa0b85e586","name":"Arr\u00eat\u00e9 pr\u00e9fectoral 2025-01541 du 19 novembre 2025 modifiant provisoirement le stationnement et la circulation dans plusieurs voies de Paris 16\u00e8me et de Boulogne-Billancourt \u00e0 l\u2019occasion de la rencontre de football le 26/11/2025"},{"date":"2025-11-19","first_seen_on":"2025-11-19T11:05:29+00:00","id":"e904641ff6836387edb36db65021397e10c0ebfade250f5c91ff09c5ba99d62d","name":"Arr\u00eat\u00e9 n\u00b02025-01540 modifiant provisoirement la circulation dans certaines voies \u00e0 Paris 10\u00e8me \u00e0 l'occasion de la course p\u00e9destre \"course de Monsieur Vincent\" le 22 novembre 2025"},{"date":"2025-11-18","first_seen_on":"2025-11-18T13:06:44+00:00","id":"e299afcb00f3d936e7c522f3e158fc28c394f5636b8cdeaf0531d5875b075d12","name":"Arr\u00eat\u00e9 n\u00b02025-01535 du 18 novembre 2025 modifiant provisoirement le stationnement et la circulation rue de Ponthieu \u00e0 Paris 8\u00e8me, le 25 novembre 2025"},{"date":"2025-11-18","first_seen_on":"2025-11-18T11:06:31+00:00","id":"d6a6ed3ecf4a14f722924807db1af5e1baa75ff68119339c8d6d2ddc3bb88836","name":"Arr\u00eat\u00e9 n\u00b02025-01533 du 18 novembre 2025 autorisant un spectacle a\u00e9rien public d\u2019a\u00e9ronefs sans \u00e9quipage \u00e0 bord au Parc Floral dans le bois de Vincennes \u00e0 Paris 12\u00e8me du 19 novembre 2025 au 11 janvier 2026"},{"date":"2025-11-18","first_seen_on":"2025-11-18T11:06:07+00:00","id":"a56b513aec7792f52cf7aaa70f27d160912428ecbc66ffc551d2cba36911d009","name":"Arr\u00eat\u00e9 n\u00b02025-01535 du 18 novembre 2025 modifiant provisoirement le stationnement et la circulation rue de Ponthieu \u00e0 Paris 8\u00e8me, le 25 novembre 2025"},{"date":"2025-11-17","first_seen_on":"2025-11-17T21:06:19+00:00","id":"a56b1ead244e80d27008ee4d45624448b721fef893b908efee629be3b686a0c3","name":"Arr\u00eat\u00e9 2025-01532 portant interdiction partielle d\u2019une manifestation pr\u00e9vue le 18 novembre 2025 \u00e0 Paris"}],"total":3576}
