{"elements":[{"date":"2025-10-30","first_seen_on":"2025-10-30T21:10:21+00:00","id":"3f9b2f5815b308d202a6d18df007e1aebd3fdb1087bc0669e384869698c0647d","name":"recueil-13-2025-326-recueil-des-actes-administratifs-nominatifs du 30 octobre 2025"},{"date":"2025-10-29","first_seen_on":"2025-10-29T15:09:02+00:00","id":"1326a17f27b87590dcf0a533f3daa2eec41b87dbd419b53de87bd572d6697a29","name":"recueil-13-2025-325-recueil-des-actes-administratifs-special du 29 octobre 2025"},{"date":"2025-10-29","first_seen_on":"2025-10-29T15:08:55+00:00","id":"bb5a561ebdef4995684c69a8dc2e00397ec1c65cdaf79f3a71d2fd8c1f6353b8","name":"recueil-13-2025-324-recueil-des-actes-administratifs-nominatifs du 29 octobre 2025"},{"date":"2025-10-28","first_seen_on":"2025-10-28T15:08:49+00:00","id":"121b9c95c3eec466a22fb013562dfbb2fc59eb6c2b4995541d7a1611b8996355","name":"recueil-13-2025-323-recueil-des-actes-administratifs-special 28 octobre 2025"},{"date":"2025-10-28","first_seen_on":"2025-10-28T15:08:43+00:00","id":"b1ba276b3099640fdc524098fabad13c12668f0d4886456b8898a6f0551bc4a0","name":"recueil-13-2025-322-recueil-des-actes-administratifs-nominatifs du 28 octobre 2025"},{"date":"2025-10-27","first_seen_on":"2025-10-27T15:09:20+00:00","id":"f03894a60eb6675ea8280774efccaa3b9dfba620ecebf88b680fdd665d84f37f","name":"recueil-13-2025-321-recueil-des-actes-administratifs-special du 27 octobre 2025"},{"date":"2025-10-27","first_seen_on":"2025-10-27T15:08:36+00:00","id":"72fb44c0a55f3382b861544d2892f2249f73ba5fab10a69fd9d8db00a274a3b8","name":"recueil-13-2025-320-recueil-des-actes-administratifs-nominatifs du 27 octobre 2025"},{"date":"2025-10-24","first_seen_on":"2025-10-24T16:12:36+00:00","id":"d50e5ea092d050a191550b2c994a1d97f34f414624d6b6724730bb5ca42bb84c","name":"recueil-13-2025-319-recueil-des-actes-administratifs-special bis du 24 octobre 2025"},{"date":"2025-10-24","first_seen_on":"2025-10-24T14:07:59+00:00","id":"9fe7baf5b605468782a842d54d9b4d79f97e92565d22cdf73a6c70e531f2203a","name":"recueil-13-2025-318-recueil-des-actes-administratifs-special du 24 octobre 2025"},{"date":"2025-10-24","first_seen_on":"2025-10-24T14:07:49+00:00","id":"6f655ffc6bb688ed4846b790a8153f33fffd75eea7474627669f572105cda6db","name":"recueil-13-2025-317-recueil-des-actes-administratifs-nominatifs du 24 octobre 2025"},{"date":"2025-10-23","first_seen_on":"2025-10-23T14:08:56+00:00","id":"315ea91b8121dd673c383bfdd131c13fe068a02bfea5f0a9e703b98e3cb572d3","name":"recueil-13-2025-316-recueil-des-actes-administratifs-special du 23 octobre 2025"},{"date":"2025-10-23","first_seen_on":"2025-10-23T14:08:13+00:00","id":"9e1c509810cad125fde1726a329e1bf94e8458e5d6d84f4136e280087352d91d","name":"recueil-13-2025-315-recueil-des-actes-administratifs-nominatifs du 23 octobre 2025"},{"date":"2025-10-22","first_seen_on":"2025-10-22T14:10:03+00:00","id":"c881561e5c4519dc55b596a83f9606ca6441eebaaff813524362e57f454175f3","name":"recueil-13-2025-314-recueil-des-actes-administratifs-special du 22 octobre 2025"},{"date":"2025-10-22","first_seen_on":"2025-10-22T14:09:50+00:00","id":"853f29e34d434b2069b424e4def1660acdab12f63d19679cae7c3f29dc29ecd5","name":"recueil-13-2025-313-recueil-des-actes-administratifs-nominatifs du 22 octobre 2025"},{"date":"2025-10-21","first_seen_on":"2025-10-21T20:09:41+00:00","id":"a67ab84234edfd917ec656a665198e3be207c5eb8891a9db62bc4d12e7eb7f80","name":"recueil-13-2025-312-TER-recueil-des-actes-administratifs-special-du-21-octobre-2025"},{"date":"2025-10-21","first_seen_on":"2025-10-21T18:07:30+00:00","id":"4e50653930c8d01b96a4a7fa0024e4ed666e5ab2181fae0c500293f901519ff0","name":"recueil -13-2025-312-bis-receuil-des-actes-administratifs du 21 octobre 2025"},{"date":"2025-10-21","first_seen_on":"2025-10-21T14:09:45+00:00","id":"63c289815878790a699633e14da57573cb9c5c70829fb0ffc54e65d10f239305","name":"recueil-13-2025-312-recueil-des-actes-administratifs-special du 21 octobre 2025"},{"date":"2025-10-20","first_seen_on":"2025-10-21T14:08:47+00:00","id":"477d7acb90a5bb8a240917410de11df02b5f919861dd126c68445ab6cb7ea816","name":"recueil-13-2025-311-recueil-des-actes-administratifs-special du 20 octobre 2025"},{"date":"2025-10-18","first_seen_on":"2025-10-18T20:08:42+00:00","id":"cf9f89aef9d1f5e8f48e63d1d66fd54eb01879db045c475579e073b0b252168c","name":"Arr\u00eat\u00e9 autorisant la captation et la transmission d\u2019images au moyen de cam\u00e9ras install\u00e9es sur des a\u00e9ronefs les 20 et 21 octobre 2025"},{"date":"2025-10-17","first_seen_on":"2025-10-17T20:08:25+00:00","id":"a1320dde9027fe372563d3929156ae8d8cec1843f3c6c2bd53e86f4e28bb8864","name":"recueil-13-2025-310-ter-recueil-des-actes-administratifs-special du 17 octobre 2025"},{"date":"2025-10-17","first_seen_on":"2025-10-17T16:12:48+00:00","id":"e7b09af22222940be8937778c96e377011dbf953129a031aeecad49c3583fcef","name":"recueil-13-2025-310-bis-recueil-des-actes-administratifs-special du 17 octobre 2025"},{"date":"2025-10-17","first_seen_on":"2025-10-17T14:11:00+00:00","id":"4d589d82d27d66300407d102683196bafa7b84ca4fccffe7f5802568d9224414","name":"recueil-13-2025-310-recueil-des-actes-administratifs-special du 17 octobre 2025"},{"date":"2025-10-17","first_seen_on":"2025-10-17T14:08:44+00:00","id":"af5417ac3bcea8489ce440f1261eb26075c721767f76a7110c4a60e38b7cb552","name":"recueil-13-2025-309-recueil-des-actes-administratifs-nominatifs du 17 octobre 2025"},{"date":"2025-10-16","first_seen_on":"2025-10-16T14:12:28+00:00","id":"cf205ef0e9eb018828fce4791c5cbe9575fcb1815965007b9847bdc3ebe1ab2e","name":"recueil-13-2025-308-recueil-des-actes-administratifs-special du 16 octobre 2025"},{"date":"2025-10-15","first_seen_on":"2025-10-15T14:08:21+00:00","id":"41aaac60c2594eb9408dd3fd893a86421f7bbce113d36b1ab3b9e895da65da02","name":"recueil-13-2025-307-recueil-des-actes-administratifs-special du 15 octobre 2025"},{"date":"2025-10-14","first_seen_on":"2025-10-14T14:08:24+00:00","id":"2c93e7ab84cbed527fea9856f9b1694947119ce95560377bf19a03cf82fe8b60","name":"recueil-13-2025-306-recueil-des-actes-administratifs-special du 14 octobre 2025"},{"date":"2025-10-14","first_seen_on":"2025-10-14T14:08:16+00:00","id":"2d5ad151ea7e88002a61384766f109bbfcccfae1071221b4c422a62ad2a74da3","name":"recueil-13-2025-305-recueil-des-actes-administratifs-nominatifs du 14 octobre 2025"},{"date":"2025-10-13","first_seen_on":"2025-10-13T14:08:09+00:00","id":"7051ad55e2a962faf0cdf86ecec4de7e9e025f623e194dee736ee0125a3022fb","name":"recueil-13-2025-304-recueil-des-actes-administratifs-special du 13 octobre 2025"},{"date":"2025-10-13","first_seen_on":"2025-10-13T14:07:49+00:00","id":"5624eb38dae544efc728091f021e8ca46e041200bc73013866a95b10c70b1c87","name":"recueil-13-2025-303-recueil-des-actes-administratifs-nominatifs du 13 octobre 2025"},{"date":"2025-10-10","first_seen_on":"2025-10-10T18:08:35+00:00","id":"8c4347d26825e0327d5dfab3e524842a9907742927fdba2eb645503363720936","name":"recueil-13-2025-302-recueil-des-actes-administratifs-special"},{"date":"2025-10-10","first_seen_on":"2025-10-10T14:10:23+00:00","id":"35049ed8ed3064b40bc1b904ee8faf69d90fac9d9911ea91b5a58ff44f4891ee","name":"recueil-13-2025-301-recueil-des-actes-administratifs du 10 octobre 2025"},{"date":"2025-10-10","first_seen_on":"2025-10-10T14:10:09+00:00","id":"c6b6fcac50e5313f4c2dfc0a43b244af784a4df29fd2c6b7c02dd0e60004d63f","name":"recueil-13-2025-300-recueil-des-actes-administratifs-nominatifs du 10 octobre 2025"},{"date":"2025-10-09","first_seen_on":"2025-10-09T14:09:53+00:00","id":"a327376a68edd750c3ccc38648030732c44093404b9f15981e25c17731b635c2","name":"recueil-13-2025-299-recueil-des-actes-administratifs-special du 09 octobre 2025"},{"date":"2025-10-09","first_seen_on":"2025-10-09T14:09:02+00:00","id":"e0c09ae137fede816ce530edb85fa7ee042ead85d32b135d29227387a8796288","name":"recueil-13-2025-298-recueil-des-actes-administratifs-nominatifs du 09 octobre 2025"},{"date":"2025-10-08","first_seen_on":"2025-10-08T14:11:07+00:00","id":"3c227a66db74f3d56cd5159fb07135c91a26e5398e54af5200b0a93e95d5f170","name":"recueil-13-2025-297-recueil-des-actes-administratifs-special du 08 octobre 2025"},{"date":"2025-10-07","first_seen_on":"2025-10-07T14:10:00+00:00","id":"1c3b5364a0bdd70912ccf980d36a5d296b17ffae5f735d63ca3c9b2c21251b17","name":"recueil-13-2025-296-recueil-des-actes-administratifs-special du 07 octobre 2025"},{"date":"2025-10-07","first_seen_on":"2025-10-07T14:09:06+00:00","id":"c9c8704867f67e185d551021549b7b749c7d428a9fc48693ed948bca025ca468","name":"recueil-13-2025-295-recueil-des-actes-administratifs-nominatifs du 07 octobre 2025"},{"date":"2025-10-06","first_seen_on":"2025-10-06T16:09:07+00:00","id":"d7fb8b6a8e489c2ad1c04254709d64bbf9ae11a71cf2f33aeba1151824b2fdf5","name":"recueil-13-2025-294 Bis-recueil-des-actes-administratifs-special du 06 octobre 2025"},{"date":"2025-10-06","first_seen_on":"2025-10-06T14:08:19+00:00","id":"daac0512d698b178170ca8c8a0057786cf7ef7f348a00d6600e6622cd1c4ea4f","name":"recueil-13-2025-294-recueil-des-actes-administratifs-special du 06 octobre 2025"},{"date":"2025-10-06","first_seen_on":"2025-10-06T14:07:44+00:00","id":"b61d237b529d562ae0c16b3f33998c8eabe5efc8440e2a699d0b82af66c62c19","name":"recueil-13-2025-293-recueil-des-actes-administratifs-nominatifs du 06 octobre 2025"},{"date":"2025-10-03","first_seen_on":"2025-10-03T14:17:00+00:00","id":"9f3cfdb3f0264c0bf0fe4c67b984f806af7530477b53652b7c0a5fd916fc971a","name":"recueil-13-2025-292-recueil-des-actes-administratifs-special du 03 octobre 2025"},{"date":"2025-10-02","first_seen_on":"2025-10-02T14:09:20+00:00","id":"20a93688e49598422b52429f3cb846a5962f1cec34b4c8331fd4312371054e1b","name":"recueil-13-2025-291-recueil-des-actes-administratifs-special du 02 octobre 2025"},{"date":"2025-10-01","first_seen_on":"2025-10-01T16:08:54+00:00","id":"ef07bc9aa2b890b46caa87add2e57a12ff33da4120bf53f8500b997790e84dd8","name":"recueil-13-2025-290-recueil-des-actes-administratifs-special du 01 octobre 2025"},{"date":"2025-09-30","first_seen_on":"2025-09-30T14:12:35+00:00","id":"daa249a260fd3dc9b07ce2998f7545e44b1bc291ac1ff95ae667823ba1e16960","name":"recueil-13-2025-289-recueil-des-actes-administratifs-special du 30 septembre 2025"},{"date":"2025-09-29","first_seen_on":"2025-09-29T18:08:49+00:00","id":"24e0e5fe7d5199de390cb6fc44fd7df9fcf8a5a4b04b789514bf736c06b2aa44","name":"recueil-13-2025-288-recueil-des-actes-administratifs-special du 29 septembre 2025"},{"date":"2025-09-26","first_seen_on":"2025-09-29T11:07:33+00:00","id":"3aa35f86047d87a5d973ce2fd607e63a0e7f1f0d27de97cd48e6c61163c38925","name":"recueil-13-2025-287-recueil-des-actes-administratifs-special ter du 26 septembre 2025"},{"date":"2025-09-26","first_seen_on":"2025-09-29T10:09:08+00:00","id":"5c5da7f8421898f21d0a371024a4ca3fe213f797db2b02bf3d9fdc813e5c90dc","name":"recueil-13-2025-286-recueil-des-actes-administratifs-special bis du 26 septembre 2025"},{"date":"2025-09-26","first_seen_on":"2025-09-26T14:11:39+00:00","id":"2506363362f42c6a4e4cb213b501009b1f76b5941eae5dc0e84de2199399a8ae","name":"recueil-13-2025-285-recueil-des-actes-administratifs-special du 26 septembre 2025"},{"date":"2025-09-26","first_seen_on":"2025-09-26T14:11:33+00:00","id":"237f3c75bbdef73e53d696bbca24b2cba008bbe3b648de2f1fa37ce0f69e1394","name":"recueil-13-2025-284-recueil-des-actes-administratifs-nominatifs du 26 septembre 2025"},{"date":"2025-09-25","first_seen_on":"2025-09-25T14:08:57+00:00","id":"0cd34a15c9915d23024adf9839214f23d91fead1eae98d976f2f4e11b0d6b246","name":"recueil-13-2025-283-recueil-des-actes-administratifs-special du 25 septembre 2025"}],"total":1029}
