{"elements":[{"date":"2025-09-23","first_seen_on":"2025-09-23T14:18:12+00:00","id":"00e94eef4c7a28080ffb74a9b7716b26c31d217b54ac0c443c27c421e57e39d4","name":"2025-09-23 RAA sp\u00e9cial AP autorisation de porter atteinte all\u00e9es & alignements arbres"},{"date":"2025-09-23","first_seen_on":"2025-09-23T14:18:01+00:00","id":"f239ba9f49b1d95b12bc0bb98d7e42ffc996ef5b6bf735a2573c8566cad29510","name":"RAA-37-2025-09091-renouvellement zone de manoeuvre permanente 2e r\u00e9giment dragon"},{"date":"2025-09-23","first_seen_on":"2025-09-23T14:17:51+00:00","id":"2ba85f59aad387a83b6294d8d6a1dcba805feee89d4112b14fcffd399cf27b5d","name":"RAA-37-2025-09090-renouvellement zone de manoeuvre permanente EMS"},{"date":"2025-09-22","first_seen_on":"2025-09-22T14:17:02+00:00","id":"01d34e67a38939ccf6a5109b04d70e7d41784e84378133b46e6bd8a8347d6d0b","name":"2025-09-22 RAA sp\u00e9cial nominatif ARR\u00caT\u00c9 ordonnant battue administrative de destruction de sangliers AZAY-SUR-CHER"},{"date":"2025-09-22","first_seen_on":"2025-09-22T12:15:26+00:00","id":"768c77ea126b9e94778afcf10297c47b53c8791427f576a2c3e57c3d8c8736cc","name":"2025-09-22 RAA sp\u00e9cial Date cdac LECLERC \u00e0 Fondettes secr\u00e9taire"},{"date":"2025-09-22","first_seen_on":"2025-09-22T12:14:46+00:00","id":"ee67c7c25a7f09c4e29a0d484bf71a62644f79506d6aeb9eb3fb107b06d1d546","name":"2025-09-22 RAA sp\u00e9cial AP sign\u00e9 autorisation SCEA TEYRASDEGRANDVAL-prisedecontrole"},{"date":"2025-09-22","first_seen_on":"2025-09-22T10:17:57+00:00","id":"dff5a85938324c840e6811db45b33325a20fd0962625bb2fbea9aec8d50b8f47","name":"2025-09-18 RAA sp\u00e9cial AP sign\u00e9 autorisation SCEA TEYRASDEGRANDVAL-prisedecontrole"},{"date":"2025-09-18","first_seen_on":"2025-09-18T14:17:30+00:00","id":"12439213546b4695070838c571d2e67cc00021369d23085b1d9e8db2563a9ca6","name":"2025-09-18- AP-RAA sp\u00e9cial-interdiction temporaire de rassemblements festifs et de transport de mat\u00e9riel de son"},{"date":"2025-09-18","first_seen_on":"2025-09-18T10:18:28+00:00","id":"610aa039f5d1efa0d35f386e8652b5cae2cbeae4dd6b2bccd53ca06cfe49a6b0","name":"2025-09-18 RAA sp\u00e9cial arrete IT occupation autoroute"},{"date":"2025-09-18","first_seen_on":"2025-09-18T10:17:07+00:00","id":"7cb890783923fda5504465fc94c6f5d2db9453f029f253f196cc5aa1d980d7b8","name":"2025-09-18 RAA sp\u00e9cial Arr\u00eat\u00e9 fermeture du centre d\u2019incendie et de secours de Sepmes"},{"date":"2025-09-18","first_seen_on":"2025-09-18T10:14:49+00:00","id":"9d48c4a7ea22cb03f14f218ed392a9e2d7d9be82ef4c66dbfd701e587167f0e8","name":"2025-09-18 RAA sp\u00e9cial AP classement des centres d\u2019incendie"},{"date":"2025-09-18","first_seen_on":"2025-09-18T10:13:22+00:00","id":"46c9566431efcabc89aeadef93c14a76bfcff7069ff4229ccbc381f8691aa9ba","name":"2025-09-18 RAA sp\u00e9cial AP Fermeture Cl\u00e9r\u00e9 les pins et St Nicolas des Motets"},{"date":"2025-09-17","first_seen_on":"2025-09-17T20:13:33+00:00","id":"94b59d044f84bd3c32aea04a13416729a941766d15d52ed8cf6347b343480f53","name":"20250917 RAA sp\u00e9cial AP autorisation utilisation cam\u00e9ra sur h\u00e9licopt\u00e8re"},{"date":"2025-09-17","first_seen_on":"2025-09-17T16:14:29+00:00","id":"7e298da0ecb31eb6de49137a4fa37d4787f00f5eeb8a1a4728af5273b356f772","name":"2025-09-17 RAA sp\u00e9cial AP r\u00e9glementation circulation routi\u00e8re A10"},{"date":"2025-09-17","first_seen_on":"2025-09-17T12:13:45+00:00","id":"d5cb6b71da0358cd69c766e560c30b69f4502cf137ba582878f4af358b2565aa","name":"2025-09-17 RAA sp\u00e9cial Art r\u00e9gulation eaux closes du grand cormoran 2025-2028"},{"date":"2025-09-17","first_seen_on":"2025-09-17T10:19:56+00:00","id":"85b0bd1654ef40fd51ddbf9eb495e264d38b92f8a531382349d1f66eb054b975","name":"2025-09-17 RAA sp\u00e9cial Arr\u00eat\u00e9 d\u00e9l\u00e9gation sp\u00e9ciale p\u00f4le ressources"},{"date":"2025-09-17","first_seen_on":"2025-09-17T10:19:17+00:00","id":"651ccf7dceee57352d9d8395ef61e7c938fc038b1ee2ee0b2f0f26773fd79366","name":"2025-09-17 RAA sp\u00e9cial Arr\u00eat\u00e9 d\u00e9l\u00e9gation autorisation vente de bien meubles saisis"},{"date":"2025-09-17","first_seen_on":"2025-09-17T10:17:55+00:00","id":"0e4746451a7f46ba97d2a407c24b9f1746cb4b438c6106937699bff5e9fbe473","name":"2025-09-17 RAA sp\u00e9cial Arr\u00eat\u00e9 d\u00e9l\u00e9gations sp\u00e9ciales p\u00f4le gestion fiscale"},{"date":"2025-09-17","first_seen_on":"2025-09-17T10:16:24+00:00","id":"7ee3ce13d480f1351e3eb1d4e05c3cf718890bf1a260b5f9db8e76eb145e0fb1","name":"2025-09-17 RAA sp\u00e9cial Arr\u00eat\u00e9 d\u00e9l\u00e9gation signature contentieux et gracieux fiscal"},{"date":"2025-09-17","first_seen_on":"2025-09-17T10:15:08+00:00","id":"5cdf6bfce3ba3475d2ee204a4ed37f93d2675d1f186b951f17de77c0dd6f3a07","name":"2025-09-17 RAA sp\u00e9cial Arr\u00eat\u00e9 d\u00e9l\u00e9gation signature conciliatrice fiscale et adjoints"},{"date":"2025-09-17","first_seen_on":"2025-09-17T10:14:05+00:00","id":"aeba07983def43697a7ca5551063627baac95a5c80ee9dc12ea67e71712d6475","name":"2025-09-17 RAA sp\u00e9cial nomination de la conciliatrice fiscale d\u00e9partementale et de ses adjoints"},{"date":"2025-09-17","first_seen_on":"2025-09-17T10:12:11+00:00","id":"12f7056e67e12024bf79319e9b3e8ea1e51be7fff713376ab88036b4add48f91","name":"2025-09-17 RAA sp\u00e9cial Arr\u00eat\u00e9 Armes par destination 18 septembre"},{"date":"2025-09-17","first_seen_on":"2025-09-17T08:16:20+00:00","id":"07d8be62d0d7b26feaad1c1c36d0ee6edb2c6e373148af75a8c9fe2bedb781e2","name":"2025-09-16 RAA sp\u00e9cial Arr\u00eat\u00e9 Armes par destination 18 septembre"},{"date":"2025-09-16","first_seen_on":"2025-09-16T16:18:11+00:00","id":"9dd21fd906c0841d8b48e471eabb30af017a56beb9414c448166551c4976da8f","name":"20250916-RAA - interdiction temporaire vente transport utilisation articles pyrotechniques et produits chimiques"},{"date":"2025-09-16","first_seen_on":"2025-09-16T16:18:05+00:00","id":"a071807ef0bf68b64fe63d8ff9e490291cfa3eb148b223bf1a8760417e09109d","name":"2025-09-16 RAA sp\u00e9cial Art DIG LONG-DEME-ESCOTAIS 2025 - projet-1"},{"date":"2025-09-16","first_seen_on":"2025-09-16T16:17:53+00:00","id":"00200ebd63b92c40ba660ab56bf9db8752cfe00da2170fcb94c1d48e0d6a1866","name":"2025-09-16 RAA sp\u00e9cial AP autorisant captation enregistrement transmission images avec a\u00e9ronefs"},{"date":"2025-09-16","first_seen_on":"2025-09-16T10:18:17+00:00","id":"6ed5f7dfac92261fef6dd1a5d852d51ba38477723df129e0ce92c6561eab7d8d","name":"2025-09-16 RAA sp\u00e9cial nominatif AP de battue sanglier le 17 septembre \u00e0 Neuill\u00e9-Pont-Pierre"},{"date":"2025-09-16","first_seen_on":"2025-09-16T10:18:12+00:00","id":"0b43a0108d7d8a930b54fc1866ce3768c2f1aed2e04aa673b31bc2b093562259","name":"2025-09-16 RAA sp\u00e9cial nominatif AP de battue sanglier le 17 septembre \u00e0 Neuill\u00e9-Pont-Pierre"},{"date":"2025-09-16","first_seen_on":"2025-09-16T10:18:03+00:00","id":"4ea9349d2b3d4d3887dac2adfc002ebac88474e09d31dfadddd4f1c98eec4e50","name":"2025-09-16 RAA sp\u00e9cial Arr\u00eat\u00e9 2025-DD37-PPSMS-0039-RU-CDU-Prolongation_mandat_P\u00f4le sant\u00e9 mentale La confluence"},{"date":"2025-09-16","first_seen_on":"2025-09-16T10:17:54+00:00","id":"8ea480bd44112ef1c6ebcb9e81b91c8f512140d54f2f92a44bb240a80adf20ef","name":"2025-09-16 RAA sp\u00e9cial Arr\u00eat\u00e9 2025-DD37-PPSMS-0038-RU-CDU-Prolongation_mandat_NCT+"},{"date":"2025-09-16","first_seen_on":"2025-09-16T10:17:45+00:00","id":"b774f0aabc3db27084e91b34c3cee4dfcf50b98aa4fede2131a13912b23c6bc4","name":"2025-09-16 RAA sp\u00e9cial Arr\u00eat\u00e9 2025-DD37-PPSMS-0040-RU-CDU-Prolongation_mandat_PSLV"},{"date":"2025-09-16","first_seen_on":"2025-09-16T10:17:36+00:00","id":"110b8d31e124516707f2531c47f07510814ec28958281b75902d699f590247c2","name":"2025-09-16 RAA sp\u00e9cial Arr\u00eat\u00e9 2025-DD37-PPSMS-0033-RU-CDU-Prolongation_mandat_Clinique Val de Loire"},{"date":"2025-09-16","first_seen_on":"2025-09-16T10:17:26+00:00","id":"6f7c155396032881f8589cf33f8ecd984f4bf0cd6f289c661a9147072be2e088","name":"2025-09-16 RAA sp\u00e9cial Arr\u00eat\u00e9 2025-DD37-PPSMS-0037-RU-CDU-Prolongation_mandat_HAD Val de Loire LNA Sant\u00e9"},{"date":"2025-09-16","first_seen_on":"2025-09-16T10:17:17+00:00","id":"d59e57052e452a8b72cf84b2e64fa2f09ea7d526370620cd0131883a6ec1105a","name":"2025-09-16 RAA sp\u00e9cial Arr\u00eat\u00e9 2025-DD37-PPSMS-0036-RU-CDU-Prolongation_mandat_CMPR BEL AIR"},{"date":"2025-09-16","first_seen_on":"2025-09-16T10:17:08+00:00","id":"950da9ab883a8249f8d3eac028de3f42d14fdcd92fc0f5837a6fb363935460b4","name":"2025-09-16 RAA sp\u00e9cial Arr\u00eat\u00e9 2025-DD37-PPSMS-0035-RU-CDU-Prolongation_mandat_CLOS ST VICTOR"},{"date":"2025-09-16","first_seen_on":"2025-09-16T10:16:59+00:00","id":"fe53557b4d90bc3775b82094ee250fa93a9a5b46b8bf0ae4d9eff9ff0af0f517","name":"2025-09-16 RAA sp\u00e9cial Arr\u00eat\u00e9 2025-DD37-PPSMS-0034-RU-CDU-Prolongation_mandat_Clinique Vontes et Chamgault"},{"date":"2025-09-16","first_seen_on":"2025-09-16T10:16:50+00:00","id":"4f04a331f22a2ade5448ee1a6e174090700064fe9a91df61d2a4dab16144a055","name":"2025-09-16 RAA sp\u00e9cial Arr\u00eat\u00e92025-DD37-PPSMS-0028-RU-CDU-Prolongation_mandat_CH LUYNES"},{"date":"2025-09-16","first_seen_on":"2025-09-16T10:16:41+00:00","id":"f3df0c54a97d10d419a75afa267ad71e89fcc34194928d627081047000c8a7ab","name":"2025-09-16 RAA sp\u00e9cial Arr\u00eat\u00e9 2025-DD37-PPSMS-0032-RU-CDU-Prolongation_mandat_Clinique RONSARD"},{"date":"2025-09-16","first_seen_on":"2025-09-16T10:16:31+00:00","id":"812bc6673ae31c9e6b1237afaa0785bfce4140c99b6c1648a98fee964a8f235a","name":"2025-09-16 RAA sp\u00e9cial Arr\u00eat\u00e9 2025-DD37-PPSMS-0031-RU-CDU-Prolongation_mandat_Clinique Jeanne d'Arc"},{"date":"2025-09-16","first_seen_on":"2025-09-16T10:16:22+00:00","id":"4e41414d5a26001931b969f136fa0a88c1c2e085d41df393a0fae5f058a29f28","name":"2025-09-16 RAA sp\u00e9cial Arr\u00eat\u00e9 2025-DD37-PPSMS-0030-RU-CDU-Prolongation_mandat_CHRU"},{"date":"2025-09-16","first_seen_on":"2025-09-16T10:16:12+00:00","id":"dd477897aae0935a4080a7a07fc647fa4be8485fabaf5fc314788f860f2070e8","name":"2025-09-16 RAA sp\u00e9cial Arr\u00eat\u00e9 2025-DD37-PPSMS-0029-RU-CDU-Prolongation_mandat_CH STE MAURE DE TOURAINE"},{"date":"2025-09-16","first_seen_on":"2025-09-16T10:16:03+00:00","id":"9932db2e4cab992f528e64bfc933e8987ab02ccec84954b7dae0e1a62ff8b727","name":"2025-09-16 RAA sp\u00e9cial Arr\u00eat\u00e9 2025-DD37-PPSMS-0024-RU-CDU-Prolongation_mandat_CH AMBOISE"},{"date":"2025-09-16","first_seen_on":"2025-09-16T10:15:53+00:00","id":"2030f20237f9eb9498d19676e85d46d3749e653dd37587b846829e0354c753a4","name":"2025-09-16 RAA sp\u00e9cial Arr\u00eat\u00e9 2025-DD37-PPSMS-0023-RU-CDU-Prolongation_mandat_CENTRE MALVAU"},{"date":"2025-09-16","first_seen_on":"2025-09-16T10:15:43+00:00","id":"68e6838bc50434c77c8ce8c2270652b1c756bde7ba7b0eaa2e9c93007b432501","name":"2025-09-16 RAA sp\u00e9cial Arr\u00eat\u00e9 2025-DD37-PPSMS-0026-RU-CDU-Prolongation_mandat_CH LOCHES"},{"date":"2025-09-16","first_seen_on":"2025-09-16T10:15:33+00:00","id":"e2f71e256835092083f03a1619ba4692b7259315223b348317d29ee0eacaa55b","name":"2025-09-16 RAA sp\u00e9cial Arr\u00eat\u00e9 2025-DD37-PPSMS-0027-RU-CDU-Prolongation_mandat_CH LOUIS SEVESTRE"},{"date":"2025-09-16","first_seen_on":"2025-09-16T10:15:24+00:00","id":"656b391b15183ee12ceaa7f2bd1a3c3a8f8922c3f9be09279181031ad79dee57","name":"2025-09-16 RAA sp\u00e9cial Arr\u00eat\u00e9 2025-DD37-PPSMS-0025-RU-CDU-Prolongation_mandat_CH CHINON"},{"date":"2025-09-16","first_seen_on":"2025-09-16T10:15:13+00:00","id":"5aa7dd0413b299fa8080b76410f2f2730f119793e45c96f9fab1d26d75b31fc3","name":"2025-09-16 RAA sp\u00e9cial Arr\u00eat\u00e9 2025-DD37-PPSMS-0019-RU-CDU-Prolongation_mandat_ANAS LE COURBAT"},{"date":"2025-09-16","first_seen_on":"2025-09-16T10:15:03+00:00","id":"5141a147a3f0b4c749726af63b54d66c95c57a0d8ca84845c9e3db08fcc6cdfa","name":"2025-09-16 RAA sp\u00e9cial Arr\u00eat\u00e9 2025-DD37-PPSMS-0018-RU-CDU-Prolongation_mandat_Clinique VELPEAU"},{"date":"2025-09-16","first_seen_on":"2025-09-16T10:14:53+00:00","id":"19abb8e6f45fb1815b00b41d9db9eee3588bdecab64e0093132c5f6a9a71d024","name":"2025-09-16 RAA sp\u00e9cial Arr\u00eat\u00e9 2025-DD37-PPSMS-0022-RU-CDU-Prolongation_mandat_BOIS GIBERT"},{"date":"2025-09-16","first_seen_on":"2025-09-16T10:14:43+00:00","id":"0b206c3a7e4c5c872ca5c0491f041930efbf8038abcee2bf4a26b363e3735c5c","name":"2025-09-16 RAA sp\u00e9cial Arr\u00eat\u00e9 2025-DD37-PPSMS-0020-RU-CDU-Prolongation_mandat_ARAUCO"}],"total":1421}
