{"elements":[{"date":"2025-09-16","first_seen_on":"2025-09-16T10:14:33+00:00","id":"205471cc04c7df65cc175346b95fe1d0f4cae7cbafa7723b1ea511125693ca3c","name":"2025-09-16 RAA sp\u00e9cial Arr\u00eat\u00e9 2025-DD37-PPSMS-0021-RU-CDU-Prolongation_mandat_HUMENSIA"},{"date":"2025-09-15","first_seen_on":"2025-09-15T21:49:56+00:00","id":"3908dbaa4667f8e4b2e65ff4c62072010dd420154442cc438951a9d7f6bdfe2d","name":"2025-09-15 RAA sp\u00e9cial Arr\u00eat\u00e9 pr\u00e9fet  ddsis septembre 2025"},{"date":"2025-09-15","first_seen_on":"2025-09-15T21:46:43+00:00","id":"80e802b44a163076a6f25dcb0c9c287743f394a06fdb70ec62a615ad06c648de","name":"2025-09-15 RAA sp\u00e9cial  AP n\u00b002-2025 cam\u00e9ras individuelles PM de LANGEAIS"},{"date":"2025-09-15","first_seen_on":"2025-09-15T21:46:35+00:00","id":"250652c63ac2c31bdfe06902a7507ca3188e914dc07d4c0af0e71bf0fc985f5f","name":"2025-09-15 RAA sp\u00e9cial Arr\u00eat\u00e9 AI BERENICE"},{"date":"2025-09-15","first_seen_on":"2025-09-15T21:46:28+00:00","id":"e5af1c9ee8a9f21ada55027cefc3be2a9f9d0b5fd418566ddd8faeb579ba9fc8","name":"2025-09-15 RAA sp\u00e9cial Arr\u00eat\u00e9 habilitation certificat conformit\u00e9 BERENICE POUR LA VILLE ET LE COMMERCE"},{"date":"2025-09-15","first_seen_on":"2025-09-15T21:46:20+00:00","id":"fce2b1ffe1ce891d1f0a135225e4e641f0b96dd86c50541b2f171795e86df8ef","name":"2025-09-15 RAA sp\u00e9cial d\u00e9l\u00e9gation de signature en mati\u00e8re d'ordonnancement secondaire"},{"date":"2025-09-15","first_seen_on":"2025-09-15T21:46:12+00:00","id":"a365b8a19f953a6641b27b61ef88dec5787ebaff0754c0e79289966b318c23b8","name":"2025-09-15 RAA sp\u00e9cial Arr\u00eat\u00e9 d\u00e9rogation \u00e0 l'heure de fermeture tardivede l'Acad\u00e9mie de Billard-L'Ecurie IV"},{"date":"2025-09-15","first_seen_on":"2025-09-15T21:45:59+00:00","id":"de56df0a176eb90247b8b55d7402bdf12bac386e88bca81194210e1634b74b11","name":"2025-09-15 RAA sp\u00e9cial Arr\u00eat\u00e9 enqu\u00eate publique \u00e0 la d\u00e9claration d\u2019utilit\u00e9 publique d\u2019une ancienne station service Azay-le-Rideau"},{"date":"2025-09-12","first_seen_on":"2025-09-15T21:45:49+00:00","id":"49fa489412ec815bcd8c35a6a08aa1214b46c62dde53894666f3600a867b0d39","name":"2025-09-12 RAA sp\u00e9cial d\u00e9l\u00e9gation de signature responsable du Service des imp\u00f4ts des entreprises d\u2019Amboise"},{"date":"2025-09-12","first_seen_on":"2025-09-15T21:45:42+00:00","id":"55820b763bf266992c6aee0eca3b8b9cae881d922a385acafc69d7a9774df4e6","name":"2025-09-12 RAA sp\u00e9cial d\u00e9l\u00e9gation de signature de la responsable du SDIF 2025"},{"date":"2025-09-12","first_seen_on":"2025-09-15T21:45:36+00:00","id":"b8b6e04cad099fe59040ec837dd58b0f0e09461af8b0a4087ab43680e8dc1e3d","name":"2025-09-11 RAA sp\u00e9cial nominatif AP de battue sangliers le 14 septembre Genill\u00e9 Beaumont-Village"},{"date":"2025-09-12","first_seen_on":"2025-09-15T21:45:19+00:00","id":"bb5461d76cff8a703a941d00075f14b04a14cc888636aa1f98a756e11ea797ef","name":"2025-09-12 RAA sp\u00e9cial AP portant limitation ou suspension temporaire des usages de l\u2019eau du 37"},{"date":"2025-09-12","first_seen_on":"2025-09-15T21:45:14+00:00","id":"f189acdfeab4bed9f46b5621ac22e57e354fb6f451d83b5527ab3df8d776b47c","name":"2025-09-11 RAA sp\u00e9cial APMD modificatif 2 Beaumont en V\u00e9ron-1"},{"date":"2025-09-12","first_seen_on":"2025-09-15T21:45:03+00:00","id":"cebe81959e0e2b2d2a06d43dc58846b7ccd04a465ca83d425da712f72adca07e","name":"2025-09-11 RAA sp\u00e9cial ARR\u00caT\u00c9 D\u00c9ROGATION REPOS DOMINICAL SOGAREP"},{"date":"2025-09-12","first_seen_on":"2025-09-15T21:44:58+00:00","id":"e5d16ae09fc48138b07bcddb49ee50503e0c5cab0c11061f8f9717f053a26ed7","name":"2025-09-11 RAA sp\u00e9cial Art lev\u00e9e interdiction peche Petite Gironde"},{"date":"2025-09-12","first_seen_on":"2025-09-15T21:44:46+00:00","id":"7c79e88bb13881a812f4263e92a250692b9752ea9995a160d48335b7b80552e1","name":"2025-09-11 RAA sp\u00e9cial ARR\u00caT\u00c9 D\u00c9ROGATION REPOS DOMINICAL NUVIA PREVENTION, Chinon"},{"date":"2025-09-11","first_seen_on":"2025-09-15T21:44:41+00:00","id":"421728640c40dd1ca5c85395c299bdc729262d7cfb32add623db32c7c2dc2e9e","name":"37-2025-09029-RAA-special interdiction de transport de son"},{"date":"2025-09-11","first_seen_on":"2025-09-15T21:44:36+00:00","id":"11ef4dc103b188ed350e3d0cea4d8b9a085925736717da9138c77f0266de490b","name":"37-2025-09028-RAA-special interdiction temporaire rassemblement festifs"},{"date":"2025-09-09","first_seen_on":"2025-09-15T21:44:30+00:00","id":"04a10af8749c13117372ceab6e2e9f29067cb07dc3c784c46ea8889a77759ab9","name":"20250909 RAA sp\u00e9cial Arr\u00eat\u00e9 Armes par destination 10 septembre"},{"date":"2025-09-09","first_seen_on":"2025-09-15T21:44:21+00:00","id":"c5109a8776e5a0635f9ec96a28e68821e592efbf4ebd22c5fa56809c5719cd24","name":"2025-09-09 RAA sp\u00e9cial autorisation captation image par a\u00e9ronefs"},{"date":"2025-09-09","first_seen_on":"2025-09-15T21:44:16+00:00","id":"911d806f6a051d7718a0a8c39e92ff4d8140f64caf1592bbcc604ea7956ff31c","name":"20250909_RAA_AP86-interdiction temporaire de la vente et de l\u2019utilisation d\u2019artifices de divertissement"},{"date":"2025-09-09","first_seen_on":"2025-09-15T21:44:10+00:00","id":"bd3e9cddd435e8c167710cef317c175852dc62455139eb65c1267364264c4d08","name":"20250909_RAA_AP85-interdiction temporaire vente transport utilisation produits chimiques inflammables explosifs"},{"date":"2025-09-09","first_seen_on":"2025-09-15T21:44:02+00:00","id":"e16924c0b3933cc4e89869e74bc28e1cbb7905f74c416c5653123b685f39fa08","name":"2025-09-09 RAA sp\u00e9cial RAA Arr\u00eat\u00e9s portant sur la modification composition CDNPS"},{"date":"2025-09-08","first_seen_on":"2025-09-15T21:43:51+00:00","id":"fa2910c2a00fcceb2d1ce5fa098b05994ecc2c981f8675507b0823d6b83daa7f","name":"2025-09-08 RAA sp\u00e9cial D\u00e9l\u00e9gation de signature de la responsable du SIP de Tours"},{"date":"2025-09-08","first_seen_on":"2025-09-15T21:43:41+00:00","id":"ea13ba0f646364a3588c780651f130fcd8f413dcfdb53b8c4773ddf44334aab6","name":"2025-09-08 RAA sp\u00e9cial Arr\u00eat\u00e9 d\u00e9clarant la cessibilit\u00e9 des parcelles n\u00e9cessaires \u00e0 la r\u00e9alisation du projet de cr\u00e9ation de la ligne 2 de tramway"},{"date":"2025-09-08","first_seen_on":"2025-09-15T21:43:25+00:00","id":"96ab2f7dc0cc7bb5280a24ee43c1f3c16ff4f84930f9c7df0f77c6330702c065","name":"2025-09-08 RAA sp\u00e9cial Arr\u00eat\u00e9 ouverture d\u2019une enqu\u00eate publique pour am\u00e9nagement de la zone dite  \u00c9cop\u00f4le du V\u00e9ron"},{"date":"2025-09-05","first_seen_on":"2025-09-15T21:43:18+00:00","id":"969e4b86e23b5141b0948e2620ad8579212dec63ca75db91cd7c101f9be4994b","name":"2025-09-05 RAA sp\u00e9cial RAA Arr\u00eat\u00e9 autorisation meeting a\u00e9rien Sorigny"},{"date":"2025-09-05","first_seen_on":"2025-09-15T21:43:13+00:00","id":"41b3d24f2821a0cf72d6c3b3fba988b3cf5cc0176b9b58e4affac5efc7b3fc2a","name":"2025-09-05 RAA sp\u00e9cial RAA Arr\u00eat\u00e9 classement Office Tourisme Tours Val de Loire Tourisme"},{"date":"2025-09-05","first_seen_on":"2025-09-15T21:43:08+00:00","id":"0ce3bef043eee7f48fc289ffd41d3eacc71bdb9fd589eef4bfed5cb332c8d552","name":"2025-09-05 RAA sp\u00e9cial RAA Arr\u00eat\u00e9s  interdiction temporaire rassemblements festifs et transport son"},{"date":"2025-09-05","first_seen_on":"2025-09-15T21:43:03+00:00","id":"122f08db436c29f591b3f29f03109796908034ccc8bdf07d030e10c4b9a99760","name":"2025-09-05 RAA sp\u00e9cial RAA Arr\u00eat\u00e9s  d\u00e9l\u00e9gations de signature de la DDFiP ANNULE ET REMPLACE"},{"date":"2025-09-05","first_seen_on":"2025-09-15T21:42:49+00:00","id":"8def3ebbe8885d012cec03e42cc774d1d819438d7b18c79cc08173d1ae637096","name":"2025-09-05 RAA sp\u00e9cial RAA Arr\u00eat\u00e9s  d\u00e9l\u00e9gations de signature de la DDFiP"},{"date":"2025-09-04","first_seen_on":"2025-09-15T21:42:35+00:00","id":"e728b6e5604d4351729d5ca984a4e0dc48b3db024a09e269a5ba038de7290664","name":"2025-09-04 RAA sp\u00e9cial RAA Arr\u00eat\u00e9 Escapade Saint-Cyr"},{"date":"2025-09-04","first_seen_on":"2025-09-15T21:42:29+00:00","id":"496e41cd7e41de736e7bb14a9eb2d2b42790981a1274e8e9b97eefa727ba4956","name":"2025-09-04 RAA sp\u00e9cial AP cam\u00e9ras individuelles PM - Montlouis sur Loire"},{"date":"2025-09-03","first_seen_on":"2025-09-15T21:42:23+00:00","id":"9c46a88f1ee3f526c3dde29ca1733c49cd053abb9ad3af0ad1160fd0a9d30011","name":"2025-09-03 RAA sp\u00e9cial d\u00e9cisions de subd\u00e9l\u00e9gation DDPP.pdf"},{"date":"2025-09-02","first_seen_on":"2025-09-15T21:42:18+00:00","id":"8f0f6a7cf3a90c6dfe437b42c0eedbb7e419abb8b46a1086609d92be0ef4acc5","name":"2025-09-02 RAA sp\u00e9cial D\u00e9cision d\u00e9classement domaine public ferroviaire de terrain CHOUZE SUR LOIRE"},{"date":"2025-09-02","first_seen_on":"2025-09-15T21:42:07+00:00","id":"47429e3fcfb14bcb7e75a032d9fc8da8ec67f2b9407b28df9642e3d53f186715","name":"2025-09-02 RAA sp\u00e9cial d\u00e9cisions de d\u00e9l\u00e9gation de signatures CA Orl\u00e9ans.pdf"},{"date":"2025-09-02","first_seen_on":"2025-09-15T21:42:00+00:00","id":"24e9660aba3ac4ca010143bc6f03e966675c4262c48f0371e3d11722786bb534","name":"2025-09-02 RAA sp\u00e9cial arr\u00eat\u00e9s de tarification"},{"date":"2025-09-02","first_seen_on":"2025-09-15T21:41:53+00:00","id":"20f6ea30378e51b03f6fec40e8bdf00ca386e6c4e08338c21b2921da3253aca3","name":"2025-09-02 RAA sp\u00e9cial Arr\u00eat\u00e9 A10 A28"},{"date":"2025-09-02","first_seen_on":"2025-09-15T21:41:47+00:00","id":"6f800ad2efb1e9c5189506897e03c9b2f563f560d21a17f79686a675dbc8bc9c","name":"2025-09-02 RAA sp\u00e9cial D\u00e9cision d\u00e9classement domaine public ferroviaire de terrain LA CHAPELLE SUR LOIRE"},{"date":"2025-09-02","first_seen_on":"2025-09-15T21:41:42+00:00","id":"cad4d88289bf67e0c4f2aa83a3f6ab962370761374290d80bf65c98aaeb2fe4f","name":"2025-09-02 RAA sp\u00e9cial CDAC Leclerc Fondettes.pdf"},{"date":"2025-08-29","first_seen_on":"2025-09-15T21:47:28+00:00","id":"bb0af7a3f88f7285607d62813d2bffd352f0bf0a81775f4ea724cbc229c48723","name":"2025-08-29 RAA mensuel nominatif Ao\u00fbt 2025"},{"date":"2025-08-29","first_seen_on":"2025-09-15T21:46:56+00:00","id":"308cde7ca192b3026a6e7b27e5fae5d96ad1c47600de89f323db70c426cd803f","name":"2025-08-29 RAA mensuel Ao\u00fbt 2025"},{"date":"2025-08-29","first_seen_on":"2025-09-15T21:40:49+00:00","id":"8b6af85520dc82bfc317606505e9789ce732d8f45da76e70fcd9187ff85f09ad","name":"2025-08-29 RAA sp\u00e9cial AP Bureaux de vote 2026"},{"date":"2025-08-29","first_seen_on":"2025-09-15T21:40:43+00:00","id":"6931180500dcb21f71b51993bf1b0e8b73d6d0e45f00a22ee7d43748062283bb","name":"2025-08-29 RAA sp\u00e9cial Arr\u00eat\u00e9 subd\u00e9l\u00e9gation OS DDFIP.pdf"},{"date":"2025-08-29","first_seen_on":"2025-09-15T21:40:38+00:00","id":"074496d8fe3c9d552cb104c69e6a7c547c8f6a1ce5d47c41dd0e5c9fd7e05ef4","name":"20250829 -RAA sp\u00e9ciale- interdiction temporaire rassemblements festifs et transports sons"},{"date":"2025-08-29","first_seen_on":"2025-09-15T21:40:18+00:00","id":"cd5533990c0e8c631ac6f40b883ff0d8fc171bb6f909bfd51f55475a69e57183","name":"2025-08-29 RAA sp\u00e9cial AP limitation ou suspension temporaire des usages de l\u2019eau du d\u00e9partement d\u2019Indre-et-Loire"},{"date":"2025-08-29","first_seen_on":"2025-09-15T21:36:42+00:00","id":"e67c382adbf99655c199ddaf66e9ff3299c268f76684048507cd0b67d4241fd1","name":"2025-08-29 RAA sp\u00e9cial nominatif AP pi\u00e9geage sanglier golf de la gloriette"},{"date":"2025-08-28","first_seen_on":"2025-09-15T21:40:11+00:00","id":"e27617af1de49229903394d6b4b7d814ee34b7d4ea739bf9c2e1a2e732e88243","name":"2025-08-28 RAA sp\u00e9cial Arr\u00eat\u00e9 interdiction peche Petite Gironde"},{"date":"2025-08-28","first_seen_on":"2025-09-15T21:36:37+00:00","id":"1db97a72e81a01ea1b53c99aa9974065b49b8f537ea4349375ed8417a9437885","name":"2025-08-28 RAA sp\u00e9cial AP de battue sangliers - Orbigny"},{"date":"2025-08-26","first_seen_on":"2025-09-15T21:36:32+00:00","id":"e9cc966f6d1ba85d15618a75733b8ff7de3baad24db5c35b5f3711078fd25b71","name":"2025-08-26 RAA sp\u00e9cial nominatif AP pi\u00e9geage sanglier BALLAN"}],"total":1421}
