{"elements":[{"date":"2025-03-31","first_seen_on":"2025-09-16T00:14:03+00:00","id":"e57cb2b460e56a6062a238106be054f006ef5ba8c99f018e68729b58e7f79bc3","name":"2025-03-31-RAA sp\u00e9cial-Arr\u00eat\u00e9 modificatif commission d\u00e9partementale consultative gens du voyage"},{"date":"2025-03-31","first_seen_on":"2025-09-16T00:13:29+00:00","id":"6dd4b689414ded796e38ebd961943987509963ea0601dd6caa452a61bb65380e","name":"2025-03-31-RAA special-SIP LOCHES- d\u00e9l\u00e9gation signature CX-GX fiscal"},{"date":"2025-03-28","first_seen_on":"2025-09-16T00:12:29+00:00","id":"3f79de7d14f8ffa65da1624b86b2e960ebf10443c6d888a37fd5ae6cee9025b8","name":"2025-03-28-RAA sp\u00e9cial- AP d\u00e9l\u00e9gation DCL modifi\u00e9"},{"date":"2025-03-27","first_seen_on":"2025-09-16T00:07:13+00:00","id":"4a56a7df1a20a55017ef04d731a49d65287bd38a72bba4a2b4d55af433cd573a","name":"2025-03-27-RAA sp\u00e9cial-AP DCPPAT 2025"},{"date":"2025-03-26","first_seen_on":"2025-09-16T00:06:43+00:00","id":"b65a685f4004c54da7d5eb6d9e65c081ed42a575f1eaa60f23577cbd70a65778","name":"2025-03-26-subd\u00e9l\u00e9gation int\u00e9rim UDAP 37"},{"date":"2025-03-26","first_seen_on":"2025-09-16T00:06:03+00:00","id":"75ff8fa2ca54fdf89fcc837d7364c081077d503deb3d7d357023252a86c7aac4","name":"2025-03-26 RAA sp\u00e9cial Arr\u00eat\u00e9 ouverture enqu\u00eate publique Montlouis sur Loire"},{"date":"2025-03-26","first_seen_on":"2025-09-16T00:05:24+00:00","id":"fb47af45653e6be61bccaa558a444520ae4ca30d7d4687ef968691f9191ad51b","name":"2025-03-26 RAA sp\u00e9cial Arr\u00eat\u00e9 autorisation de drones DIPN"},{"date":"2025-03-25","first_seen_on":"2025-09-16T00:04:50+00:00","id":"933810491c8c4e68da14e9b31c15dd8cb184a0dbc7d9329841c615b11a4ca459","name":"2025-03-25 RAA sp\u00e9cial subd\u00e9l\u00e9garion de signature DDETS"},{"date":"2025-03-25","first_seen_on":"2025-09-16T00:03:26+00:00","id":"e058e1688e190c0d11b06060588deb271e12d8ac7d92332b811bfa933ef44d45","name":"2025-03-25 RAA sp\u00e9cial d\u00e9l\u00e9gation de signature DDETS"},{"date":"2025-03-25","first_seen_on":"2025-09-16T00:02:38+00:00","id":"fb6ced9bc11860ddc2b126cef0f9c891a0b8a5bdc688048ecda1a3d480f38c76","name":"2025-03-25-RAA sp\u00e9cial-arr\u00eat\u00e9 d\u00e9l\u00e9gation PREF 37_DREAL"},{"date":"2025-03-24","first_seen_on":"2025-09-16T00:01:59+00:00","id":"ed6680302f5299cba0ac91531620562472daf73608e780c79d7151e38311f758","name":"2025-03-24 RAA sp\u00e9cial  Arr\u00eat\u00e9 composition  CDEN"},{"date":"2025-03-24","first_seen_on":"2025-09-16T00:01:31+00:00","id":"91a3f2544809a1c6a8698c71dee699b050da5195a53ef17cca4687a456fe9669","name":"2025-03-24 RAA sp\u00e9ical arr\u00eat\u00e9 nomination membres CSA sp\u00e9cial Maison Arr\u00eat Tours.pdf"},{"date":"2025-03-21","first_seen_on":"2025-09-15T23:59:21+00:00","id":"6328c160b497f8b2b0c1b9328b330082dc5cbe99a4d0d2ccfdba1fcb57878080","name":"2025-03-21-RAA sp\u00e9cial-d\u00e9l\u00e9gations signatures DDFIP au 010425.pdf"},{"date":"2025-03-20","first_seen_on":"2025-09-15T23:59:02+00:00","id":"789f8f44b25066fb477b67172f8309385eddb71320663d9f6fdf4d002dd09c86","name":"2025-03-20 RAA sp\u00e9cial d\u00e9l\u00e9gation de signature DDFIP.pdf"},{"date":"2025-03-19","first_seen_on":"2025-09-15T23:58:33+00:00","id":"2b8c52b74b871d3e6e797e01bd7e94abe854b0f3ceaba65e7c8d9ecc59c72823","name":"2025-03-19 RAA sp\u00e9cial arr\u00eat\u00e9 captation enregistrement et transmission images"},{"date":"2025-03-19","first_seen_on":"2025-09-15T23:58:05+00:00","id":"d35110f5620b1365ef58d3385e4a0ccb059736a22d4173e70ad8832143233692","name":"2025-03-19 RAA sp\u00e9cial Arr\u00eat\u00e9 portant agr\u00e9ment de domiciliation WORK'IN TOURS"},{"date":"2025-03-19","first_seen_on":"2025-09-15T23:57:37+00:00","id":"067999d153cb80c09c04d0407a9b4ecad617485e97df32f192bfe6101db6a324","name":"2025-03-19 RAA sp\u00e9cial Arr\u00eat\u00e9 portant formation du juriy criminel"},{"date":"2025-03-18","first_seen_on":"2025-09-15T23:56:54+00:00","id":"0c2252514c617e6576eddd9d46f944202ed514795005892c7e744b194958cae8","name":"2025-03-18 RAA sp\u00e9cial Arr\u00eat\u00e9 composition CF"},{"date":"2025-03-18","first_seen_on":"2025-09-15T23:56:21+00:00","id":"9efb116dc72bf5650f128af43e987a152bb40c4edad664099ae18ca13ae1e2f4","name":"2025-03-18 RAA sp\u00e9cial Arr\u00eat\u00e9 analyses d'impact CBRE"},{"date":"2025-03-18","first_seen_on":"2025-09-15T23:55:47+00:00","id":"d7cdcc2fbe7816897dec60ecc0a01d9066a96d4097d3bf16a89768f817199c44","name":"2025-03-18 RAA sp\u00e9cial d\u00e9l\u00e9gation de signature CERT"},{"date":"2025-03-18","first_seen_on":"2025-09-15T23:54:47+00:00","id":"e239d5be70463275e24b932da4cece1708f6a3f78b4188dd144a5a826ec7a2ba","name":"2025-03-18 RAA sp\u00e9cial d\u00e9l\u00e9gation de signature DCL"},{"date":"2025-03-18","first_seen_on":"2025-09-15T23:54:07+00:00","id":"3be2e853897db6354ac2911f693084e3d6e8ae28adeaac8770f12d1f0d4185d6","name":"2025-03-18 RAA sp\u00e9cial d\u00e9l\u00e9gation de signature OS Secr\u00e9taire g\u00e9n\u00e9ral"},{"date":"2025-03-18","first_seen_on":"2025-09-15T23:53:22+00:00","id":"5ce9abf00c31f5afd726c4f549a2c4cc7beb5fc529a58cb3a811c09c71261c5f","name":"2025-03-18 RAA sp\u00e9cial d\u00e9l\u00e9gation de signature SPC"},{"date":"2025-03-18","first_seen_on":"2025-09-15T23:52:48+00:00","id":"f220b6481fe17422b50ce4c92b31efc2e8a7a0d20d5c97e63b80ef28803369eb","name":"2025-03-18 RAA sp\u00e9cial d\u00e9l\u00e9gation de signature Directeur de Cabinet"},{"date":"2025-03-14","first_seen_on":"2025-09-15T23:51:27+00:00","id":"2f8f2cd5e1c08cd1e01e0653b06f12d1dcbd61dd8af64fa4f9094d988a1e95c6","name":"2025-03-14-RAA sp\u00e9cial- d\u00e9classements du domaine public ferroviaire"},{"date":"2025-03-13","first_seen_on":"2025-09-15T23:50:41+00:00","id":"58191206602f39acfb3e55d0d57278cd2721b398e7ef20d825e7d11748fd5e05","name":"2025-03-13 RAA special interdiction rassemblements festifs et transport son"},{"date":"2025-03-13","first_seen_on":"2025-09-15T23:48:37+00:00","id":"73f42e146c0fa932ee335cc0ca0d86bb2ef59587df2f79a3ece7a020eda740f5","name":"2025-03-13-RAA sp\u00e9cial- AP abrogation classsement massives et AP OLD"},{"date":"2025-03-13","first_seen_on":"2025-09-15T23:48:17+00:00","id":"874ec5f97f489de6c0fcc9326b518c06a66a1363e1803fb146125c2b416df840","name":"2025-03-13-RAA sp\u00e9cial-fermeture d\u00e9finitive DT Jou\u00e9 les Tours"},{"date":"2025-03-12","first_seen_on":"2025-09-15T22:16:24+00:00","id":"dc30010a5a7037423aa23761f2d24519422f2376b872f289af4fd34c95981616","name":"2025-03-12-RAA sp\u00e9cial- AP BATTUE Ile de la M\u00e9tairie"},{"date":"2025-03-10","first_seen_on":"2025-09-15T22:16:00+00:00","id":"d222eac8c292fd760301e75381f5c520d7c15b575cb1fa5a2d41f71efb6deab6","name":"2025-03-10 RAA sp\u00e9cial nominatif Arr\u00eat\u00e9 Tir de nuiit VILLIERS AU BOUIN"},{"date":"2025-03-07","first_seen_on":"2025-09-15T23:47:20+00:00","id":"b8b4330f1fb6ba6adaf78c42d21d08743330aeaf7069bef4521c4710bdec0bb8","name":"2025-03-07 RAA sp\u00e9cial arr\u00eat\u00e9s relatif \u00e0 la vid\u00e9oprotection - Amboise"},{"date":"2025-03-07","first_seen_on":"2025-09-15T22:15:34+00:00","id":"0da35e28dc0f7623b3642b402ee426ab9c3fad5ec3df87c716b9c0a531751802","name":"2025-03-07 RAA sp\u00e9cial nominatif  AP de battue le 9 mars \u00e0 Ballan Druye Jou\u00e9"},{"date":"2025-03-07","first_seen_on":"2025-09-15T22:14:36+00:00","id":"51e3924c3f7149d4e6e9fed91589efd3035ac7d9bb7e2a52b90b71d72068e457","name":"2025-03-07 RAA sp\u00e9cial nominatif  Arr\u00eat\u00e9 d\u00e9rogation repos dominical SOGAREP -"},{"date":"2025-03-07","first_seen_on":"2025-09-15T22:14:07+00:00","id":"f3ea9c65af549ca34c07400f01f511426092fe8ac95d502c6615a2ccee0e6eb6","name":"2025-03-07 RAA sp\u00e9cial nominatif  AP de battue le 8 mars \u00e0 NOIZAY VERNOU VOUVRAY"},{"date":"2025-03-05","first_seen_on":"2025-09-15T23:47:00+00:00","id":"9c037af193fb9bb8c86d8e29133398ce9f061f604ad4c051a86f517cc6139e89","name":"2025-03-05 RAA sp\u00e9cial D\u00e9cision fermeture d\u00e9finitive d\u00e9bit de tabac Tours"},{"date":"2025-03-05","first_seen_on":"2025-09-15T23:46:35+00:00","id":"85a98be4d0a076a671a44442f415a7eb20758ec6402c2277eb01fbf2bd202b6a","name":"2025-03-05 RAA sp\u00e9cial Arr\u00eat\u00e9 pr\u00e9fectoral Autorisation de drones - St Cyr sur Loire. ANNULE ET REMPLACE"},{"date":"2025-03-05","first_seen_on":"2025-09-15T23:45:48+00:00","id":"1e9462bfdb6ed7da57eda2baa50a3e90362a30d7be70b51d0595d2785c424c81","name":"2025-03-05 RAA sp\u00e9cial D\u00e9l\u00e9gation ordre de mission CHIC Amboise Chateau Renault"},{"date":"2025-03-05","first_seen_on":"2025-09-15T23:45:21+00:00","id":"63496c250aaa45f112d833e70ea56391ae1d2fd459859f29ce9e5dfd6099f8ba","name":"2025-03-05 RAA sp\u00e9cial Arr\u00eat\u00e9 pr\u00e9fectoral Autorisation de drones - St Cyr sur Loire"},{"date":"2025-03-05","first_seen_on":"2025-09-15T22:12:33+00:00","id":"97b65176576cfd8ed26141f341dcbdc39505b86ac6751549d56caa6eb4496756","name":"2025-03-05 RAA sp\u00e9cial nominatif Arr\u00eat\u00e9 modificatif n\u00b04 de la liste des conseillers du salari\u00e9"},{"date":"2025-03-03","first_seen_on":"2025-09-15T23:44:40+00:00","id":"401486e37aef2ab24c401272a1b6cfc9b3a6f9a8227672b7ea61d8befcc4191e","name":"2025-03-03-RAA sp\u00e9cial- convention d\u00e9l\u00e9gtion de gestion DG CAS 723-2"},{"date":"2025-03-03","first_seen_on":"2025-09-15T22:12:08+00:00","id":"30bd5531333fae0115b78676dc0e255c7163dcf6f48438c4b14eaa863ae6a1dd","name":"2025-03-03 RAA sp\u00e9cial nominatif AP de pi\u00e9geage admin de blaireaux - 4 mars Genill\u00e9"},{"date":"2025-03-03","first_seen_on":"2025-09-15T22:11:39+00:00","id":"9a746eba6d01a7cde792938445d08b071bc07fb20c803dc3e9711a74185484fd","name":"2025-03-03 RAA sp\u00e9cial nominatif  Arr\u00eat\u00e9 tir de nuit Druye Vall\u00e8res"},{"date":"2025-02-28","first_seen_on":"2025-09-16T05:22:54+00:00","id":"d0075151917ab508707f63ac29d4bf674c8377500c3f5949a74eed8b4f3d69e3","name":"2025-02-28 RAA mensuel nominatif f\u00e9vrier 2025 6"},{"date":"2025-02-28","first_seen_on":"2025-09-16T05:21:52+00:00","id":"df193d1ead6c1411e77aaff28097f8a7da7860498199890240f8886009c53619","name":"2025-02-28 RAA mensuel nominatif F\u00e9vrier 2025 5"},{"date":"2025-02-28","first_seen_on":"2025-09-16T05:18:19+00:00","id":"263fac72d029c1924f10310a291b43071a6f49aa3c30174ba9344f4a00d9e675","name":"2025-02-28 RAA mensuel nominatif F\u00e9vrier 2025. 4"},{"date":"2025-02-28","first_seen_on":"2025-09-16T05:09:46+00:00","id":"2e1e9ff032f7c68bd46e42ba0e1a458afbb50b709e0c1fa456ffb5a87ed85147","name":"2025-02-28 RAA mensuel nominatif F\u00e9vrier 2025. 3"},{"date":"2025-02-28","first_seen_on":"2025-09-16T05:08:48+00:00","id":"5113ebe4531a52051c9edcee58acdc08d6c1394587a7b2618c41dcd43b872b08","name":"2025-02-28 RAA mensuel nominatif F\u00e9vrier 2025 2"},{"date":"2025-02-28","first_seen_on":"2025-09-16T05:00:27+00:00","id":"358d799933c7524b4ec988e046e16d8c5fece8d3ace78c2faf07178af32ae75f","name":"2025-02-28 RAA mensuel nominatif F\u00e9vrier 2025 1"},{"date":"2025-02-28","first_seen_on":"2025-09-16T04:46:56+00:00","id":"203de4defa970cb7c944ed62fc8424994e72f1bdfaa6882e9576b77b5579bd8f","name":"2025-02-28 RAA mensuel f\u00e9vrier 2025"},{"date":"2025-02-28","first_seen_on":"2025-09-15T23:41:58+00:00","id":"3c959fd35ac7f95476b30bf34fded7a4e0723d6acdf63c2cfb0e5369d69a6119","name":"2025-02-28 RAA sp\u00e9cial  arr\u00eat\u00e9s drones DIPN pour la lutte contre les rod\u00e9os urbains pour la p\u00e9riode du 1er mars 2025 au 31 mai 2025."}],"total":1421}
