{"elements":[{"date":"2025-02-27","first_seen_on":"2025-09-15T23:40:56+00:00","id":"fcac5ef53f75f602ebfb0c76c8a6de27dabdc41b651ede9b9a8f2dff4b19846c","name":"2025-02-27 RAA sp\u00e9cial Arr\u00eat\u00e9 fixant les tarifs courses de taxi 2025"},{"date":"2025-02-26","first_seen_on":"2025-09-15T23:40:30+00:00","id":"da08bfdfa51964034a1a156b0ff8473a1a29a7d787e77199fb76f634d2d5f31a","name":"2025-02-26 RAA sp\u00e9cial d\u00e9cision portant d\u00e9l\u00e9gations sp\u00e9ciales de signature pour les missions rattach\u00e9es DDFIP.pdf"},{"date":"2025-02-25","first_seen_on":"2025-09-15T23:40:04+00:00","id":"88a9a25e79905bfa10f6ba28149ee0bf8dc13ab18fbc7af4b02a7cc74a357b69","name":"2025-02-25 RAA sp\u00e9cial Arr\u00eat\u00e9 \u00e9rigeant en station class\u00e9e de tourisme Azay le Rideau"},{"date":"2025-02-19","first_seen_on":"2025-09-15T23:39:37+00:00","id":"4ddf6dbf0eb13277a7f02644b0d9623d9ceffec24f0355fe6f9126a8b729cf17","name":"2025-02-19-RAA sp\u00e9cial- SNCF palpations 18-02 au 04-05-2025"},{"date":"2025-02-19","first_seen_on":"2025-09-15T22:11:07+00:00","id":"78b0ca16ea041548bb40bdac8cbd9c76fcb9301d25ec9b5ea1abd99ee19c85b4","name":"2025-02-19 RAA sp\u00e9cial nominatif Arr\u00eat\u00e9 compl\u00e9mentaire ZAC de ma Boitardi\u00e8re.pdf"},{"date":"2025-02-19","first_seen_on":"2025-09-15T22:10:39+00:00","id":"ba7485b50beb8a4e199e41abe282734970cf2d6e51e89f70cb02214219be5d69","name":"2025-02-19 RAA sp\u00e9cial nominatif Arr\u00eat\u00e9 de battue SSt Etienne de Chigny Luynes"},{"date":"2025-02-17","first_seen_on":"2025-09-15T23:38:51+00:00","id":"7f07d58c3640b6e9a310f32ecb6543577506e27b5f72d1f44b8b8c4f70f3f275","name":"2025-02-17  RAA sp\u00e9cial CDAC LIDL.pdf"},{"date":"2025-02-17","first_seen_on":"2025-09-15T23:38:24+00:00","id":"85f3ba56e706f639809268f001a05f9478bf2dae710587a1d236c471e16b46c8","name":"2025-02-17 RAA sp\u00e9cial ARR\u00caT\u00c9 MODIFICATIF fixant la composition nominative du conseil de surveillance CH Jean Pag\u00e8s  Luynes"},{"date":"2025-02-17","first_seen_on":"2025-09-15T22:10:13+00:00","id":"dd91f4602fec602531f51ead4d057e8bd4d1bce17484f4e3f1a13fb0b5d6aeef","name":"2025-02-17 RAA sp\u00e9cial nominatif AP de pi\u00e9geage sanglier Ballan"},{"date":"2025-02-14","first_seen_on":"2025-09-15T22:09:45+00:00","id":"d1ca97491f04fa6a95985631996e62ce72fd2f2e56f5c65c223226e32a648b3c","name":"2025-02-14 RAA sp\u00e9cial nominatif Arr\u00eat\u00e9 de battue du 15 f\u00e9vrier \u00e0 St Branchs et  Esvres sur Indre"},{"date":"2025-02-13","first_seen_on":"2025-09-15T23:37:56+00:00","id":"afa569d9e5959ae5b770e4451f9de11b0b50c9f50952d251e0fb179fe3dcbb8f","name":"2025-02-13 RAA sp\u00e9cial - arr\u00eat\u00e9 autorisation captation vid\u00e9o"},{"date":"2025-02-13","first_seen_on":"2025-09-15T22:09:20+00:00","id":"b3ed4e19e2fd73d92634ec6878510aa4e787ab6634a552206f787188779c4078","name":"2025-02-13 RAA sp\u00e9cial nominatif D\u00e9cision d'autorisation - La Flute Enchant\u00e9e"},{"date":"2025-02-13","first_seen_on":"2025-09-15T22:08:48+00:00","id":"26474b43ec7571643bcea6fba87c96c503769dc3e0e12d6f509f72d9d7cf3ba0","name":"2025-02-13 RAA sp\u00e9cial nominatif AP renouvellement CDE37 2025"},{"date":"2025-02-13","first_seen_on":"2025-09-15T22:08:20+00:00","id":"1d01baff105286946ee708bdd1851db52d2bbc1ac6547b659eb80d1b37df4071","name":"2025-02-13 RAA sp\u00e9cial Arr\u00eat\u00e9 de destruction d'animaux class\u00e9s gibier par chasse particuli\u00e8re et LGV"},{"date":"2025-02-13","first_seen_on":"2025-09-15T22:07:54+00:00","id":"4f044f56f4aabe13ae154f26075858c85c3e8226dd10656611219d40f0a1e8ab","name":"2025-02-13 RAA sp\u00e9cial nominatif P de battue le 15 f\u00e9vrier \u00e0 Braye Chaveigne Richelieu"},{"date":"2025-02-12","first_seen_on":"2025-09-15T23:37:12+00:00","id":"07d03b12f5ed0a1c06d04d513d225e88e81d49c5ad60b4e4a13454c0e0fb39b8","name":"2025-02-12-RAA sp\u00e9cial-arr\u00eat\u00e9 agr\u00e9ment provisoire CLINIDENT"},{"date":"2025-02-12","first_seen_on":"2025-09-15T22:07:20+00:00","id":"ec794128b3687e25c1c87036a873520cd70e75deaa2cd51a5a1ad4fe362ef948","name":"2025-02-12-RAA sp\u00e9cial nominatif- AP SAGE AUTHION DCPPAT-2025-204.pdf"},{"date":"2025-02-11","first_seen_on":"2025-09-15T23:36:37+00:00","id":"49614fd4bd76280dae1cbb1f2e8683fa008bc76905fb64b6850cf1e33060f246","name":"2025-02-11 RAA sp\u00e9cial Arr\u00eat\u00e9 battues administratives ESOD 2025"},{"date":"2025-02-11","first_seen_on":"2025-09-15T23:36:08+00:00","id":"e5f1159f84aad474c176b38c098f0138c31af2456438eba8304cd7dfa94a0429","name":"2025-02-11-RAA sp\u00e9cial- d\u00e9l\u00e9gation signature CH LUYNES Mme GIraud"},{"date":"2025-02-11","first_seen_on":"2025-09-15T23:35:06+00:00","id":"b9d1570e01d4fc3a31eef36159c423a7a5105871ad71d1fe0ff835cc0c23afd6","name":"2025-02-11-RAA sp\u00e9cial-arr\u00eat\u00e9 d\u00e9l\u00e9gation DCL"},{"date":"2025-02-07","first_seen_on":"2025-09-15T22:06:38+00:00","id":"1dd1a5afab20b0141d257816ddde75c24fc7eab9f08c0db6508e2aec0fca659d","name":"2025-02-07 RAA sp\u00e9cial nominatif Arr\u00eat\u00e9 COVED_Chanceaux_VNEI_DDEP"},{"date":"2025-02-07","first_seen_on":"2025-09-15T22:06:02+00:00","id":"049927c17fe928bf1dc10526cef7149bad957145cf782b93833c49e38a29e7e6","name":"2025-02-07 RAA sp\u00e9cial nominatif Arr\u00eat\u00e9 CPIE Capture"},{"date":"2025-02-07","first_seen_on":"2025-09-15T22:05:20+00:00","id":"447f7c3371bf6b44ee705dac7d42323cb3e97d421fa77fa31ad14b8097f38717","name":"2025-02-07-RAA sp\u00e9cial nominatif-battues"},{"date":"2025-02-05","first_seen_on":"2025-09-15T22:03:32+00:00","id":"d2f51b296f3792f55d641df4881b9b25ceaa1bc6017c39251392aeb7d9026af8","name":"2025-02-05 RAA sp\u00e9cial  nominatif Arr\u00eat\u00e9 modificatif n\u00b03 de la liste des Conseillers du Salari\u00e9"},{"date":"2025-02-05","first_seen_on":"2025-09-15T22:03:05+00:00","id":"16c9931f660e46d7ff2b40e7d6616ebc4a3aa1571361def346df30d0bb6d1b8a","name":"2025-02-05 RAA sp\u00e9cial nominatif APMD Tournon Saint Pierre"},{"date":"2025-02-04","first_seen_on":"2025-09-15T23:34:41+00:00","id":"6e95f29079c455ef44d23615b431c0aad192d1103ff5ea8219186cdb269f441a","name":"2025-02-04 RAA sp\u00e9cial  Arr\u00eat\u00e9 appication-regime-forestier-St-Etienne-de-Chigny"},{"date":"2025-02-04","first_seen_on":"2025-09-15T23:33:54+00:00","id":"a7d28283518464e5855e7fc25bf487990d1e20c931e596d841ed92028950c471","name":"2025-02-04 RAA sp\u00e9cial d\u00e9l\u00e9gations de signature CHIC Amboise Chateau Renault"},{"date":"2025-02-03","first_seen_on":"2025-09-15T23:33:26+00:00","id":"9437cb819d82fc346e772e78a6dc3fae9a4bad0254468db8336c83e5920a0a39","name":"2025-02-03 RAA sp\u00e9cial Arr\u00eat\u00e9  portant dissolution de l'AFIAFAF Richelieu  Pouant"},{"date":"2025-02-03","first_seen_on":"2025-09-15T23:32:59+00:00","id":"69da7527ffb3fe602f5ef72c55eba68080a7da7484afebb4f11df36b99fcf326","name":"2025-02-03 RAA sp\u00e9cial Arr\u00eat\u00e9 Atouts et Perspecitves \u00e0 tout \u00e2ge"},{"date":"2025-01-31","first_seen_on":"2025-09-16T04:45:59+00:00","id":"77c78e1122d30d5dff0a975263701264fda58a9b8d233791d1f424a5cdd89529","name":"2025-01-31 RAA MENSUEL JANVIER 2025"},{"date":"2025-01-31","first_seen_on":"2025-09-16T04:43:16+00:00","id":"068a94e40ace834ad6cdf1dd1239dbf0529a7466ec05a9839c6050637ea4d65b","name":"2025-01-31 RAA MENSUEL NOMINATIF JANVIER 2025"},{"date":"2025-01-30","first_seen_on":"2025-09-15T23:31:44+00:00","id":"0095bf43373abe065f690446646b74aea6079f5407ad165f09c1537a939d63c5","name":"2025-01-30 RAA sp\u00e9cial d\u00e9l\u00e9gations de signature de la DDFiP 37"},{"date":"2025-01-29","first_seen_on":"2025-09-15T22:02:39+00:00","id":"d5770bfd8de0838abfc07d9cf416981708d1844a67f8fc4a2a9b2577417c7180","name":"2025-01-29  RAA sp\u00e9cial nominatif Arr\u00eat\u00e9 battue du 2 f\u00e9vrier \u00e0 Montreuil-en-Touraine, Neuill\u00e9-le-Lierre, Reugny"},{"date":"2025-01-28","first_seen_on":"2025-09-15T23:31:16+00:00","id":"d3426fdf852e64e5bc85e7c96d60b17c103fcdde5624cd7c3d450da2d64650cf","name":"2025-01-28 RAA sp\u00e9cial arr\u00eat\u00e9 modification de la composition CDNPS"},{"date":"2025-01-28","first_seen_on":"2025-09-15T21:55:52+00:00","id":"3a50ed4c806dc0882f6fce56406233e3cd381916307130d12fe1302f6f1b3d74","name":"2025-01-28 RAA sp\u00e9cial nominatif m\u00e9dailles"},{"date":"2025-01-27","first_seen_on":"2025-09-15T21:55:22+00:00","id":"86c19c18237a73efc3651b20f2d53a88f39ee2eb1b025713da8ccc310a3de64e","name":"2025-01-27 RAA sp\u00e9cial nominatif Arr\u00eat\u00e9  battue du 29 janvier \u00e0 St Avertin"},{"date":"2025-01-23","first_seen_on":"2025-09-15T23:30:42+00:00","id":"b4ea051d63cbb087dcac52f1d34d948c6fc61bb62cb9c0de6d2425a971bf717a","name":"2025-01-21 RAA sp\u00e9cial arr\u00eat\u00e9 d'habilitation \u00e0 r\u00e9aliser des analyses d'impact du cabinet NOUVEAU TERRITOIRE"},{"date":"2025-01-23","first_seen_on":"2025-09-15T23:30:09+00:00","id":"5ea998c41cce11120ddae2b95ce4778bb7af5b31830d4758a6bc66cf33d0dbbd","name":"2025-01-21 RAA sp\u00e9cial arr\u00eat\u00e9 d'habilitation \u00e0 r\u00e9aliser des analyses d'impact du cabinet AID OBSERVATOIRE"},{"date":"2025-01-23","first_seen_on":"2025-09-15T23:29:30+00:00","id":"089ee14115013d85fe69f76e9e65c0a7fe2db85e0f6007d10b0aaf459ea35809","name":"2025-01-21 RAA sp\u00e9cial Loup et AP SDGC"},{"date":"2025-01-21","first_seen_on":"2025-09-15T23:29:10+00:00","id":"39348cd194bf1aebbbfc83521f397ef907c9f1204f274ca1ac87681f3cdc7d5c","name":"2025-01-21RAA sp\u00e9cial Lettre p\u00e9itionnaire"},{"date":"2025-01-21","first_seen_on":"2025-09-15T21:55:00+00:00","id":"ceb8a9e338b142bf5ab632b0b90889fe3fae8ffd43485ce743a5f5942239d466","name":"2025-01-21 RAA sp\u00e9cial nominatif Arr\u00eat\u00e9 pi\u00e9geage sanglier golf de la gloriette"},{"date":"2025-01-20","first_seen_on":"2025-09-15T23:28:50+00:00","id":"c3c6c35c3c04b525f88fd2b684388b4c2bb381a3f06f1fa3d6086e8e047fbf95","name":"2025-01-20 RAA sp\u00e9cial R\u00e9union CDAC ANNULE ET REMPLACE.pdf"},{"date":"2025-01-20","first_seen_on":"2025-09-15T23:28:09+00:00","id":"38f00b3756adaefe693bc34866b2a0b3f35ca6a6c955d2254e04bcafd61a5771","name":"recueil-37-2025-01030-interdiction des manifestations sportives sur les routes \u00e0 grande circulation"},{"date":"2025-01-20","first_seen_on":"2025-09-15T23:27:50+00:00","id":"908cb143aa91798e72e73473472dbc478acd12ab4be13c2dfd2662f8b2313c05","name":"2025-01-20 RAA sp\u00e9cial R\u00e9union CDAC.pdf"},{"date":"2025-01-20","first_seen_on":"2025-09-15T23:27:24+00:00","id":"0a2512f5a76aeb4d1798c44e1f6bdf8edd872bc91cbb1115d59e527d2e4127d5","name":"2025-01-20 RAA sp\u00e9cial agr\u00e9ment Association CARACOL"},{"date":"2025-01-20","first_seen_on":"2025-09-15T21:54:37+00:00","id":"3d171fe6e41b0cf4e3cae00da0f93d3f2cd5eac018977a08b04e6d751fcf1561","name":"2025-01-20 RAA sp\u00e9cial Arr\u00eat\u00e9 batue du 22 01 RILLE CHANNAY SUR LATHAN"},{"date":"2025-01-20","first_seen_on":"2025-09-15T21:54:16+00:00","id":"5f0a03cbe23153d0cf152d08f9dcef322ada2c17e4a539f25786ab8d77ba70af","name":"2025-01-20 RAA sp\u00e9cial nominatif arr\u00eat\u00e9 d\u00e9rogation conditions de ressources logement social"},{"date":"2025-01-17","first_seen_on":"2025-09-15T23:26:45+00:00","id":"c90f58d0d3dead0bb2e1e074c058478d2fa7ca7cca0a84171a07575a34191b2b","name":"2025-01-17 RAA sp\u00e9cial ouverture enqu\u00eate publique LES HERMITES"},{"date":"2025-01-17","first_seen_on":"2025-09-15T23:26:14+00:00","id":"bbc481c2cb4267ebf064e5fbaafeacd8d67a3d5436149562eb649806a42bd467","name":"2025-01-17 RAA sp\u00e9cial cessibilit\u00e9 parcelles RILLE et HOMMES"},{"date":"2025-01-17","first_seen_on":"2025-09-15T23:25:19+00:00","id":"8d79d23ccdd12d7df551a6414b93232cb7d14f439432c6884db9141501a68a77","name":"2025-01-17 RAA sp\u00e9cial subd\u00e9l\u00e9gation de signature DREETS CDVLl"}],"total":1421}
