{"elements":[{"date":"2024-06-07","first_seen_on":"2025-09-16T12:10:43+00:00","id":"301b31ad4e09767c8ba5a0235a67b1c0985bf5151d0a73baae4d2a07cd73a6a3","name":"2024-06-07 RAA Sp\u00e9cial Arr\u00eats  modificatiff lieux BV Azay sur Cher et St Epain"},{"date":"2024-06-07","first_seen_on":"2025-09-16T12:10:24+00:00","id":"715f7ed0d41ded0e835fa0f0d869dad8a53c8f09e6f2ee181517a935d51fb5e2","name":"2024-06-07 RAA Sp\u00e9cial Arr\u00eat\u00e9 modificatif fixant pour les \u00e9lections au suffrage direct les lieux d'ouverture de scrutin et la r\u00e9partition des \u00e9lect..."},{"date":"2024-06-07","first_seen_on":"2025-09-16T12:10:04+00:00","id":"cede6f2649482825c8fc8968729623ab0302ac60356af1e6ef30c04b3f8eea3a","name":"2024-06-07 RAA Sp\u00e9cial Arr\u00eat\u00e9 fixant pour les \u00e9lections au suffrage direct les lieux d'ouverture de scrutin et la r\u00e9partition des \u00e9lecteurs entre l..."},{"date":"2024-06-07","first_seen_on":"2025-09-16T09:08:05+00:00","id":"631e3d73f81f3b4e9c7cd68bbe7be77bd8052253005bd341469f2975ea4f8e41","name":"2024-06-07 Arr\u00eat\u00e9s battues"},{"date":"2024-06-07","first_seen_on":"2025-09-16T09:07:36+00:00","id":"edffb958cc887197a532f9703cad48befe02e14446a30d82500426ecc2e22300","name":"2024-06-07 RAA sp\u00e9cial Arr\u00eat\u00e9 de batture Reugny"},{"date":"2024-06-07","first_seen_on":"2025-09-16T09:06:49+00:00","id":"954bf26ecfe39e87c0fc137b619317aaea8792dffac1fa8d835af198396c569a","name":"2024-06-07  RAA sp\u00e9cial nominatif Arr\u00eat\u00e9s tir \u00e0 l'affut Joue les Tours et battue Langeais"},{"date":"2024-06-06","first_seen_on":"2025-09-16T12:09:19+00:00","id":"44afbd6bd2539df6f8aef90428e5ae49fb33f28e3a06f0e6fd07b2afcd5610f4","name":"20240606_ RAA special_TRIAL FRANCUEIL"},{"date":"2024-06-06","first_seen_on":"2025-09-16T12:08:41+00:00","id":"8dc4c8bd1e2cae085dc8fafc1f8ea4773eab23f47b72e7bb5525a6aa196b3f7a","name":"2024-06-06 RAA Sp\u00e9cial arr\u00eat\u00e9s d\u00e9l\u00e9gation de signature 4"},{"date":"2024-06-06","first_seen_on":"2025-09-16T12:07:45+00:00","id":"ae31cd43217705a4ade7317e405cb8e3b28fad069a30ef7b0522a595cbac5d52","name":"2024-06-06 RAA Sp\u00e9cial arr\u00eat\u00e9s d\u00e9l\u00e9gation de signature 3"},{"date":"2024-06-06","first_seen_on":"2025-09-16T12:06:35+00:00","id":"2252e85469b0fe620c552c3280ea6c8d3afb3e4024fb5764e090e54171ea6e5a","name":"2024-06-06 RAA Sp\u00e9cial arr\u00eat\u00e9s d\u00e9l\u00e9gation de signature 2"},{"date":"2024-06-06","first_seen_on":"2025-09-16T12:04:35+00:00","id":"2c3e808631655ab0786188e240988bdeb2c90cc65c0d763ddbd504724e86fad4","name":"2024-06-06 RAA Sp\u00e9cial arr\u00eat\u00e9s d\u00e9l\u00e9gation de signature 1"},{"date":"2024-06-06","first_seen_on":"2025-09-16T09:03:13+00:00","id":"83bb0adad8f5182b43dbc549bfbd628efa770e3bee55d2053c5035354d24245b","name":"2024-06-06 Arr\u00eat\u00e9s chasse"},{"date":"2024-06-05","first_seen_on":"2025-09-16T12:04:10+00:00","id":"1a0851327f02825752a4ff5ccc8dd27308736cc9372f09e2949a09f97422738f","name":"2024-06-05 RAA sp\u00e9cial arr\u00eat\u00e9 compl\u00e9mentaire  dissolution AFR  Lern\u00e9"},{"date":"2024-06-04","first_seen_on":"2025-09-16T12:03:02+00:00","id":"544c23727daf02d5e2b1a9cd91e648196d3bec3c4378eed332f0326c15d13cfa","name":"2024-06-04  RAA sp\u00e9cial DDFIP.pdf"},{"date":"2024-06-04","first_seen_on":"2025-09-16T12:02:35+00:00","id":"61feaf55404a3f9f9daadfdc26394847ef47db4aebf25033090e417c54e15214","name":"2024-06-04  Arr\u00eat\u00e9 sp\u00e9cial portant formation jury criminel 2025"},{"date":"2024-06-04","first_seen_on":"2025-09-16T09:02:27+00:00","id":"3a3595209d9906f2e1fc0ff89185d04965d3e845fc4eab9bf50c4c4dd1bc64bc","name":"2024-06-04 RAA sp\u00e9cial nominatif Arr\u00eat\u00e9s de composition Appel 1er degr\u00e9"},{"date":"2024-06-04","first_seen_on":"2025-09-16T09:01:43+00:00","id":"c9afdc64d65484006792c77767be9c2821db02a21e88820369bbef9ecfe91737","name":"2024-06-04 RAA sp\u00e9cial nominatif Arr\u00eat\u00e9s de composition Appel 1er degr\u00e9 2"},{"date":"2024-06-03","first_seen_on":"2025-09-16T12:01:59+00:00","id":"bbc86278ad1b9c2f06807fa1bcc6483bd0ba510b18e4fea8c8f04286b5893fc5","name":"2024-06-03 Arr\u00eat\u00e9 sp\u00e9cial r\u00e9organisation DIRNO"},{"date":"2024-05-31","first_seen_on":"2025-09-16T17:18:44+00:00","id":"97419efa173c394a952280604aa13801a953667c160c6baed3fa0e8889e1b4f2","name":"2024 05 31 RAA MENSUEL"},{"date":"2024-05-31","first_seen_on":"2025-09-16T09:01:00+00:00","id":"0e17bb8caeb3ae08439745d7658f79dfc0eb9fd0808c95a18901058f9f843373","name":"2024- 05 31 RAA nominatif service \u00e0 la personne M. LE NOCHER Xavier Azay Le Rideau"},{"date":"2024-05-31","first_seen_on":"2025-09-16T09:00:09+00:00","id":"dc657b553b23b522d1d2fbee322530dc7a28fc22ef21f599fd0d220550cba58f","name":"2024 05 31  RAA MENSUEL NOMINATIF 6"},{"date":"2024-05-31","first_seen_on":"2025-09-16T08:59:26+00:00","id":"ca6b14a7e05971bf255bab43e17c5eeb8cca77cba5f26370a1e3e1f400e39b30","name":"2024 05 31  RAA MENSUEL NOMINATIF 5"},{"date":"2024-05-31","first_seen_on":"2025-09-16T08:58:50+00:00","id":"4c10e2c2ca60ff18c1b877d55dee0e8300c8e98a9eb2ed689a8054453fda73c9","name":"2024 05 31  RAA MENSUEL NOMINATIF 4"},{"date":"2024-05-31","first_seen_on":"2025-09-16T08:57:22+00:00","id":"f4db8b11ae278c2f0caf658b86f7cc99c7fadb40434aaf34f3a5bb07806c989b","name":"2024 05 31  RAA MENSUEL NOMINATIF 3"},{"date":"2024-05-31","first_seen_on":"2025-09-16T08:56:11+00:00","id":"d7ce79ffce4852bf9a9ebea647a9d05829341db9529ac6ee837693107f20b2ec","name":"2024 05 31  RAA MENSUEL NOMINATIF 2"},{"date":"2024-05-31","first_seen_on":"2025-09-16T08:53:45+00:00","id":"90b12e40eec663a0978e149eb071eae891237c0d2c1d7c0b42d8d5ed1a7ad223","name":"2024 05 31  RAA MENSUEL NOMINATIF 1"},{"date":"2024-05-30","first_seen_on":"2025-09-16T11:59:57+00:00","id":"23258a35173c12b0eff2f7463d9f96ee9ced91b6af66e4311efd2ba636e996fb","name":"20240530_ RAA 3AP CDSR 6\u00e8 mont\u00e9e Lochoise_35\u00e8 rallye Lochois_Fete vieux tracteurs_2"},{"date":"2024-05-30","first_seen_on":"2025-09-16T08:19:36+00:00","id":"fce7c3ef85aee8c7191f7b88fb365f325ab3f4c6c62bb4b5d4eaf2bbf4f50045","name":"2024-05-30-RAA nominatif- arr\u00eat\u00e9 PAR OUGC Authion 2024"},{"date":"2024-05-28","first_seen_on":"2025-09-16T11:58:15+00:00","id":"fcd981b121f5055925e1438e02ef92738dd540fe8114591795993b5b2009ed44","name":"2024-05-28-RAA sp\u00e9cial- \u00e9lections europ\u00e9ennes"},{"date":"2024-05-28","first_seen_on":"2025-09-16T11:57:47+00:00","id":"11ff3337129c1f62459f3f65f2b62b13918a4d2a2e683ea84bcb9d541c62ff4d","name":"2024-05-28-RAA sp\u00e9cial-arr\u00eat\u00e9 bar\u00e8me indemnisation d\u00e9gats gibier"},{"date":"2024-05-27","first_seen_on":"2025-09-16T11:57:05+00:00","id":"6e4882ec391e2a11de3b2d9a5b0bd65a55b40ba53db68fa7e15a6b3b1e7e1a5b","name":"2024-05-27-RAA sp\u00e9cial-arr\u00eat\u00e9 abrogation 33 d\u00e9crets servitudes - cumul"},{"date":"2024-05-27","first_seen_on":"2025-09-16T08:17:36+00:00","id":"8d7c7eb7c6699d24be1bcdf8bccb20a4db69c2acd9930360b7a1860a0e07e7b7","name":"2024-05-27 RAA nominatif Arr\u00eat\u00e9 Interdepartemental Bassin Vienne Aval"},{"date":"2024-05-24","first_seen_on":"2025-09-16T11:56:38+00:00","id":"173e319b3394ff97f02de2f2c616af3d0132e6c2c75553dd3d714d13633285b2","name":"2024-05-24 RAA sp\u00e9cial Arr\u00eat\u00e9 de d\u00e9rogation subventions Azay sur Cher"},{"date":"2024-05-24","first_seen_on":"2025-09-16T08:16:46+00:00","id":"5ccc1997bf99728e3d33f8ba94b54c1adc0fb98f3ade69ecc6f51702cdfcfa17","name":"2024-05-24- RAA nominatif- battues"},{"date":"2024-05-24","first_seen_on":"2025-09-16T08:15:18+00:00","id":"6d8e55a39ce42b403e291f4645032dd0a0e4082aa6cad6d793113ab4e3232548","name":"2024-05-24 RAA nominatifs de battues"},{"date":"2024-05-23","first_seen_on":"2025-09-16T11:50:49+00:00","id":"4647deb2e5cea2d4294f03ef7ce7abe3e0ed45c75fab22e3f174a8b2c4ac653c","name":"2024-05-23-RAA sp\u00e9cial- arr\u00eat\u00e9 charte ZNT 37"},{"date":"2024-05-22","first_seen_on":"2025-09-16T11:49:30+00:00","id":"db8cc37bb6885cfa0431928b172d3fd4c5707550441a1ea8e3ca33d0926c8469","name":"2024-05-22-RAA sp\u00e9cial-AP EP PC ALT"},{"date":"2024-05-21","first_seen_on":"2025-09-16T11:48:41+00:00","id":"513529cc9a911c5267f549212e4cfc5319d94516ab6e3159623b23532ca03197","name":"2024-05-21-RAA sp\u00e9cial- arr\u00eat\u00e9s classes \u00e0 horaires am\u00e9nag\u00e9s danse et musique"},{"date":"2024-05-21","first_seen_on":"2025-09-16T11:45:50+00:00","id":"8d5311d6af71e20e992dd515c82f3cee600d27ae3616a6c569ed2bcc53e44060","name":"2024-05-21-RAA sp\u00e9cial - Arr\u00eat\u00e9 subd\u00e9l\u00e9gation DREAL.pdf"},{"date":"2024-05-21","first_seen_on":"2025-09-16T11:45:22+00:00","id":"54dca1583ac4c9d22552b7b98e480e050d1ddc146d1f4f8bce9979e91933bb9a","name":"2024-05-21-RAA sp\u00e9cial- fermeture exceptionnelle DDFIP.pdf"},{"date":"2024-05-17","first_seen_on":"2025-09-16T11:44:42+00:00","id":"3d91f365acafb5fd8044607d6412a44d494248bd045b987d84f876bf29a7c03b","name":"2024-05-17-RAA sp\u00e9cial- AP cam\u00e9ra individuelle Garde champ\u00eatre Monnaie"},{"date":"2024-05-17","first_seen_on":"2025-09-16T08:14:51+00:00","id":"78ab63dc584cb14367c81b2d1910567f3720ddba1d23353cf0e0f6708297b0f4","name":"2024-05-17-RAA nominatif- battue \u00e0 Brizay"},{"date":"2024-05-17","first_seen_on":"2025-09-16T08:13:45+00:00","id":"1fe6cbc6726439e5e4ac115e542be315f62b3d97edf9879c46d3d059f4e7aaab","name":"2024-05-17-RAA nominatif- battues CROUZILLES - ST EPAIN; BRIZAY SAZILLY TAVANT; LIGRE"},{"date":"2024-05-17","first_seen_on":"2025-09-16T08:13:17+00:00","id":"90d58843f578a34cae689eb6fa39be1ef1c676f4d604319c291a2f765db11249","name":"2024-05-17- RAA nominatif- battue 8 mai 24 \u00e0 Neuil"},{"date":"2024-05-16","first_seen_on":"2025-09-16T11:42:12+00:00","id":"98990c57370e1d3434fbc0c55675dd079fd2e41c8e4bb1e7ba8ff0bac5c227d1","name":"2024-05-16-RAA sp\u00e9cial - agr\u00e9ments associations"},{"date":"2024-05-13","first_seen_on":"2025-09-16T11:40:22+00:00","id":"538b60115e9b888942d2165d2eedf567f9ac8f96cebf27845fea00bed1ca40b5","name":"2024-05-13-RAA sp\u00e9cial- renouvellement des membres commission locale de l'eau"},{"date":"2024-05-13","first_seen_on":"2025-09-16T11:39:33+00:00","id":"291cdf4caf750e51b7f139d419def23660fdb47671656ab1c95380dddf440821","name":"2024-05-13 - RAA sp\u00e9cial Arret\u00e9 autorisation de p\u00e9n\u00e9trer dans propri\u00e9t\u00e9s priv\u00e9es Atlas biodiversit\u00e9 communale ST AVERTIN"},{"date":"2024-05-07","first_seen_on":"2025-09-16T11:37:19+00:00","id":"25edea014006a667b5a46cc40be6b09302dcc1468a0a2614336ae4fcbc90eb85","name":"2024-05-07-RAA sp\u00e9cial-d\u00e9l\u00e9gation signature DCL"},{"date":"2024-05-06","first_seen_on":"2025-09-16T11:36:49+00:00","id":"23c97272eabc210f47597d0ce4984ed13cc1a24727ed2876903e6fd0cee11d9d","name":"2024-05-06 RAA sp\u00e9cial Arr\u00eat\u00e9 analyse d'impact PRAXIDEV"},{"date":"2024-05-06","first_seen_on":"2025-09-16T11:36:20+00:00","id":"e3bc44587a6b04a705f01dfc52646784544513bf82e2d1e50fa0339df2a6325e","name":"2024-05-06 RAA sp\u00e9cial Arr\u00eat\u00e9 ANAS Le Courbat"}],"total":1425}
