{"elements":[{"date":"2026-03-04","first_seen_on":"2026-03-04T11:15:12+00:00","id":"b5dc58da79d549f2f0b05a8d78ad10ad995e99428d4a4b1710eefa0c7792c6d7","name":"2026.03.04 RAA sp\u00e9cial D\u00e9l\u00e9gation de signature Madame Agn\u00e8s CHARLOT-ROBERT"},{"date":"2026-03-02","first_seen_on":"2026-03-02T15:19:06+00:00","id":"321f8c818ad72c828894c9733e3aefec3d511bd11ce73b07bebaf18cff4ecbca","name":"2026.03.02 RAA sp\u00e9cial 2025 12- APPP \u00e9tudes arch\u00e9ologiques, topographiques et g\u00e9otechniques"},{"date":"2026-02-27","first_seen_on":"2026-02-27T19:23:15+00:00","id":"6ab946e5a755aec64fcdd019c44d3e0ef6f6ad5831bb8694420bca01ba9b923a","name":"2026.02.26 RAA sp\u00e9cial Municipale 2026"},{"date":"2026-02-27","first_seen_on":"2026-02-27T15:40:14+00:00","id":"2bbde6b5a46a5cf1fe4f700b7b4da913ecf686d91c9a87e41bb0bb440e02390d","name":"2026-02-27 RAA MENSUEL FEVRIER 2026"},{"date":"2026-02-27","first_seen_on":"2026-02-27T15:37:17+00:00","id":"e3792f54aeaf8ec287081796b50f0ac824284086d85c2360698b31f1312ce9a5","name":"2026-02-27 RAA MENSUEL NOMINATIF FEVRIER 2026"},{"date":"2026-02-27","first_seen_on":"2026-02-27T15:35:46+00:00","id":"5828ef1f91f886dd23c8b5ea25aa653397a2c1dd49fb730ec12348a9aff1d049","name":"2026.02.27 RAA sp\u00e9cial nominatif RETRAIT DE DECLARATION SERVICE A LA PERSONNE"},{"date":"2026-02-27","first_seen_on":"2026-02-27T09:19:03+00:00","id":"38c36c8c19d37ba8894c04e0765689db8c326ccf315d6d2f185871c1a842b86f","name":"2026.02.25 RAA sp\u00e9cial habilitation SDIS37 formations"},{"date":"2026-02-26","first_seen_on":"2026-02-26T15:19:37+00:00","id":"c02b1ce279be9533d789d7ac3d8a7cbb0405a3eb5b2f17ca6871b36aa46fcf0a","name":"2026.02.26 RAA sp\u00e9cial Arr\u00eat\u00e9 portant cr\u00e9ation d\u2019un secteur d\u2019information sur les sols sur le territoire de la commune de Tours et La Riche"},{"date":"2026-02-26","first_seen_on":"2026-02-26T09:16:38+00:00","id":"abca0cae835f22440474a48381c2c4b885693063ecf5a753cdbfa0a04e3f255e","name":"2026.02.26 RAA sp\u00e9cial RAA 2026 02 25 AP interdiction rassemblement tuning we 27 02 au 01 03 ZONE PN"},{"date":"2026-02-24","first_seen_on":"2026-02-24T15:17:51+00:00","id":"60b8881e8a805e6d167bcbd9eb71c462bac5e80c1b89014b3772a52e46e4e612","name":"2026.02.24 RAA sp\u00e9cial Arr\u00eat\u00e9 donnant d\u00e9l\u00e9gation de signature a M. CYPRIEN LANOIRE directeur des s\u00e9curit\u00e9s"},{"date":"2026-02-24","first_seen_on":"2026-02-24T15:17:18+00:00","id":"596911ceb60c903e87c988d70ef45a9d64822782744f014b3de67bf9e9d0ec5a","name":"2026.02.24 RAA sp\u00e9cial nominatif 20260224 AP battue sangliers Rill\u00e9 Channay s Lathan 26 f\u00e9v 2026"},{"date":"2026-02-23","first_seen_on":"2026-02-23T17:18:00+00:00","id":"108d0dc454f1b23063de720ec4e6937fa55c1c3161c66f708af736611d8a52c0","name":"2026.02.23 RAA sp\u00e9cial d\u00e9l\u00e9gation de signature PRS - 6 Octobre 2025"},{"date":"2026-02-20","first_seen_on":"2026-02-20T15:22:36+00:00","id":"df1fea2f634ceed4877d82fa8daa3a0b4a4934e87b569ce937b1720aefaf0a1b","name":"2026.02.20 RAA sp\u00e9cial D\u00e9l\u00e9gation de Signature Mme DOUCET"},{"date":"2026-02-20","first_seen_on":"2026-02-20T13:14:04+00:00","id":"9284918e945a8cf2578d22116dabbb71dfaff5a849f865b913dd8c62f710c156","name":"2026.02.20 RAA sp\u00e9cial ARR\u00caT\u00c9 ordonnant l'organisation d\u2019une battue administrative de destruction de sangliers sur la commune de VERNOU-SUR-BRENNE"},{"date":"2026-02-20","first_seen_on":"2026-02-20T11:18:32+00:00","id":"f9e741c870c1d3976325a4923d9950a7a8cdf6b8fe61e654d93864f655ddccf4","name":"2026.02.20 RAA sp\u00e9cial d\u00e9l\u00e9gation de signature de la responsable du Service d\u00e9partemental des imp\u00f4ts fonciers (SDIF) d'Indre-et-loire"},{"date":"2026-02-20","first_seen_on":"2026-02-20T07:14:42+00:00","id":"32943871e02ef69a4867bccdfeda1bff3b5fcf900844160ba88c5efafe6ef9fb","name":"2026.02.20 RAA sp\u00e9cial ARR\u00caT\u00c9 N\u00b0 A85 2026 02 19 06 Portant r\u00e9glementation de la circulation routi\u00e8re sur l\u2019autoroute A85 - fermeture de la bretelle..."},{"date":"2026-02-20","first_seen_on":"2026-02-20T07:14:14+00:00","id":"9639db9138e50832d6ca404f834cafe6770fb1612d65fc87ce265df9a8e5ebd8","name":"2026.02.20 RAA sp\u00e9cial 2026 02 18 AP interdiction rassemblement tuning we 20 02 au 22 02 ZONE PN"},{"date":"2026-02-18","first_seen_on":"2026-02-18T15:16:50+00:00","id":"030020f8625d3952aacefd5c7f47ac80430763f3be3e47966350c9c699eefe81","name":"2026.02.18 RAA sp\u00e9cial Arr\u00eat\u00e9 modifiant l'arr\u00eat\u00e9 du 1er juillet 2025 fixant la composition de la commission d\u00e9partementale de surendettement des pa..."},{"date":"2026-02-18","first_seen_on":"2026-02-18T13:14:06+00:00","id":"ae18722203c3a3f7820dba8648200972796b73bf5fa8f7ce70f0d21f1e83a50c","name":"2026.02.18 RAA sp\u00e9cial ARR\u00caT\u00c9 ordonnant l'organisation d\u2019une battue administrative de destruction de sangliers sur les communes de MONTS, MONTBAZON..."},{"date":"2026-02-17","first_seen_on":"2026-02-17T15:16:27+00:00","id":"c75237530be102bace06d28b2144b1c01ffa5fdea8139264b927a45c8d51bbb9","name":"2026.02.17 RAA sp\u00e9cial 2026 02 - APPP \u00e9tudes topographiques FONDETTES et LUYNES"},{"date":"2026-02-17","first_seen_on":"2026-02-17T15:16:20+00:00","id":"a1b2e7fc6f924b55dde2df8d5a298b889de17849fe6f4967261d8bb44d8e7ea3","name":"2026.02.17 RAA sp\u00e9cial PGF_3_d\u00e9l\u00e9gation signature contentieux et gracieux fiscal (f\u00e9v 2026)"},{"date":"2026-02-16","first_seen_on":"2026-02-16T09:16:44+00:00","id":"aa146eebcab298ec4b6d8398147a99634cc4203633c9dc7b14b71bd7c455b796","name":"2026.02.16 RAA sp\u00e9cial SIP Loches - d\u00e9l\u00e9gation signature CX GX fiscal 12-02-2026"},{"date":"2026-02-13","first_seen_on":"2026-02-13T17:25:23+00:00","id":"cd98be7f03ae80216805ae93f18b9b38459acc73bb3a1efd3e3aa6ebc7acad21","name":"2026.02.13 RAA sp\u00e9cial AP de pi\u00e9geage admin de blaireaux 14 f\u00e9vrier \u00e0 Drach\u00e9 - AP de battue sangliers Chan\u00e7ay Neuill\u00e9 Reugny 14 f\u00e9v"},{"date":"2026-02-13","first_seen_on":"2026-02-13T15:31:08+00:00","id":"232fdb5e7d3d7e1c97fd72d5d12f87a86700b61301e4fe8f49b2ffcb33eb99aa","name":"2026.02.13 RAA sp\u00e9cial AP autorisation captation drone rodeo urbain"},{"date":"2026-02-13","first_seen_on":"2026-02-13T15:30:53+00:00","id":"7120e191c586b88748fe023c6964293197c4da3375324654096e03399b4bb758","name":"recueil-37-2026-02030-arr\u00eat\u00e9s teknival"},{"date":"2026-02-13","first_seen_on":"2026-02-13T13:17:49+00:00","id":"4a62d79d770fb37d614966b85439fdeefc729589876cb8f4fce23afa20e548c5","name":"2026.02.13 RAA sp\u00e9cial nominatif Arr\u00eat\u00e9 modificatif n\u00b09 de la liste des conseillers du salari\u00e9"},{"date":"2026-02-13","first_seen_on":"2026-02-13T09:18:19+00:00","id":"c456f493a03bfff44bfd40e68e0958c408d9eb2d099dd1d29c7f55c199255062","name":"2026.02.13 RAA sp\u00e9cial arr\u00e9t\u00e9s portant ouverture d\u2019une enqu\u00eate publique - arr\u00e9t\u00e9 portant autorisation de p\u00e9n\u00e9trer dans certaines propri\u00e9t\u00e9s publiqu..."},{"date":"2026-02-12","first_seen_on":"2026-02-12T15:23:43+00:00","id":"9016196be5e27485f8053527424c9823af41a684383aa884e034add3f297f14e","name":"2026.02.12 RAA sp\u00e9cial 2026-08 D\u00e9l\u00e9gation Mme DOUCET - EHPAD"},{"date":"2026-02-12","first_seen_on":"2026-02-12T15:22:36+00:00","id":"7ad892e68748544d85c466153b38111fff6a435c528418025ceed7cfd7100836","name":"2026.02.12 RAA sp\u00e9cial AP interdiction rassemblement tuning we 13 02 au 15 02 ZONE PN RAA"},{"date":"2026-02-12","first_seen_on":"2026-02-12T09:18:15+00:00","id":"2df28150aa7d1d17ca3d99eececc1e012f6e1480d12232420055578e0f5f41cf","name":"2026.02.12 RAA sp\u00e9cial Arr\u00eat\u00e9 de composition de la commission de m\u00e9diation DALO.pdf"},{"date":"2026-02-11","first_seen_on":"2026-02-11T11:35:42+00:00","id":"3d5064e6ebcfc158b3b7c29090498b2cc68b86939c0f93d7e4430265b60c69b1","name":"2026.02.11 RAA sp\u00e9cial RAA 2026 02 09 autorisation captationdrone 11 02 2026 r\u00e9union RN"},{"date":"2026-02-11","first_seen_on":"2026-02-11T09:25:00+00:00","id":"18c8b8e9bcd46f57f166fc2b9bc941a880309b91b2c293e4cb1aa2c1809e619a","name":"2026.02.11 RAA sp\u00e9cial ARR\u00caT\u00c9 ordonnant l'organisation d\u2019une battue administrative d\u2019effarouchement de cervid\u00e9s \u00e0 MARC\u00c9-SUR-ESVES"},{"date":"2026-02-10","first_seen_on":"2026-02-10T17:24:46+00:00","id":"e3ead1deb605b7fef9040522ec00a6d14d95eb1cdd9d6852e46e30010dcfe9f3","name":"2026.02.10 RAA sp\u00e9cial Arr\u00eat\u00e9 instituant la commission de propagande"},{"date":"2026-02-10","first_seen_on":"2026-02-10T15:20:27+00:00","id":"fe8854b45544854693be856ca2e2926f61993e854270a7fe8c8c829d9a53302e","name":"2026.02.10 RAA sp\u00e9cial arr\u00eat\u00e9 A10 2026 02 10 05"},{"date":"2026-02-10","first_seen_on":"2026-02-10T15:20:04+00:00","id":"bd9f13cfd5dc418ecdef14c7a3d7e58abdedaee5897f1302a54c2738fb441f3b","name":"2026.02.10 RAA sp\u00e9cial 2026-DD37-PPSMS-0025-RU-CDU-ASSAD HAD HUMENSIA"},{"date":"2026-02-10","first_seen_on":"2026-02-10T15:19:15+00:00","id":"e63d6deae0e86783af0d76a41d277d95a6a64cd3389d990e8879e73045c80c72","name":"2026.02.10 RAA sp\u00e9cial d\u00e9l\u00e9gation de signature du responsable du SIE d\u2019Amboise"},{"date":"2026-02-10","first_seen_on":"2026-02-10T15:17:50+00:00","id":"6850bf7efa436ddeffd11c455219f8880f66bba999ed3c980d2c22e1674620f7","name":"2026.02.10 RAA sp\u00e9cial 2026-02-09_d\u00e9cision d\u00e9l\u00e9gation signature"},{"date":"2026-02-10","first_seen_on":"2026-02-10T13:24:31+00:00","id":"dd960bc25407549769893bf9da5f8a0c15369c80da53fe253e0b1a7656b0d4fb","name":"2026.02.10 RAA sp\u00e9cial Arr\u00eat\u00e9 permanent portant r\u00e9glementation temporaire de la circulation en cas d\u2019\u00e9v\u00e9nement significatif sur la RN10"},{"date":"2026-02-10","first_seen_on":"2026-02-10T13:23:11+00:00","id":"0914ab8ec7af5b21f876b1cc185038769137dfd74be4cbb42febc45facd3f59b","name":"2026.02.10 RAA sp\u00e9cial Aarr\u00eat\u00e9 A10 2026 01 13 01"},{"date":"2026-02-09","first_seen_on":"2026-02-09T11:17:39+00:00","id":"8b02da7e83ecbd918f07e48f79141a16ad7b70cf38ee53cf975a0b29518c8f81","name":"2026.02.09 RAA sp\u00e9cial ARR\u00caT\u00c9 ordonnant l'organisation d\u2019une battue administrative de destruction de sangliers sur les communes de SAUNAY, MORAND e..."},{"date":"2026-02-06","first_seen_on":"2026-02-06T15:27:17+00:00","id":"53383007eedafd97d2b85cf54f38190e9b9b5234f80c24106f2cc3f7121a8ce6","name":"2026.02.06 RAA sp\u00e9cial Arr\u00eat\u00e9 portant institution et fonctionnement des commissions de propagande"},{"date":"2026-02-06","first_seen_on":"2026-02-06T15:27:08+00:00","id":"a3ab32e6ab85b09374c4e71d69aa4184837f02452d87418b5a2478b65307ec51","name":"2026.02.06 RAA sp\u00e9cial D\u00e9cision portant subd\u00e9l\u00e9gation de signature de Madame Christine DIACON"},{"date":"2026-02-06","first_seen_on":"2026-02-06T15:27:01+00:00","id":"0c73bb7c160a1d5ecdcd066f9ec168a74dda3e99b0bce0a1c4acb61c3b099925","name":"2026.02.06 RAA sp\u00e9cial nominatif AP de battue sangliers Ath\u00e9e sur Cher 8 f\u00e9vrier 2026"},{"date":"2026-02-06","first_seen_on":"2026-02-06T11:17:46+00:00","id":"05184735a2cde7deae948c32a32aaa21ef7db32622ca078c90c07cf50560f814","name":"2026.02.06 RAA sp\u00e9cial 2026 01 28 AP interdiction rassemblement tuning we 06 02 au 08 02 ZONE PN"},{"date":"2026-02-06","first_seen_on":"2026-02-06T11:17:31+00:00","id":"a01864e9275155e86319a2b8f6da1ff4401afae496483990f22056e8464fa085","name":"2026.02.06 RAA sp\u00e9cial Arr\u00eat\u00e9 d\u00e9clarant d'int\u00e9r\u00eat g\u00e9n\u00e9ral"},{"date":"2026-02-05","first_seen_on":"2026-02-05T17:30:45+00:00","id":"f638122e9f6666026e44cb3ff826fcbda1448bc8c3b3cc6cbeeab46351735096","name":"2026.02.05 RAA sp\u00e9cial Arr\u00eat\u00e9 CAPD des instituteurs et professeurs des \u00e9coles 37"},{"date":"2026-02-04","first_seen_on":"2026-02-04T17:21:54+00:00","id":"68cec1a27b355fe09251916b4282fe539cb8cd965c7690c641a2c8fa9a986957","name":"2026.02.04 RAA sp\u00e9cial ARR\u00caT\u00c9 modifiant l\u2019arr\u00eat\u00e9 pr\u00e9fectoral du 27 d\u00e9cembre 2023 portant nomination des membres des commissions de contr\u00f4le charg\u00e9e..."},{"date":"2026-02-04","first_seen_on":"2026-02-04T17:21:47+00:00","id":"5a6922f10d3dd4fc6e49d638bae6e4f616dc5a8ac637043743368a4c602deab9","name":"2026.02.04 RAA sp\u00e9cial ARR\u00caT\u00c9 modifiant l\u2019arr\u00eat\u00e9 pr\u00e9fectoral du 27 d\u00e9cembre 2023 portant nomination des membres des commissions de contr\u00f4le charg\u00e9e..."},{"date":"2026-02-04","first_seen_on":"2026-02-04T17:21:42+00:00","id":"8236b96de1e7c1a441e6bf37c963119f84be263d608a0c62da0855c274aaa32f","name":"2026.02.04 RAA sp\u00e9cial Arr\u00eat\u00e9 pr\u00e9fectoral de suppl\u00e9ance Dir Cab du 07 au f\u00e9vrier 2026"},{"date":"2026-02-04","first_seen_on":"2026-02-04T11:18:19+00:00","id":"58e81fbd1c4e7f01506836a08121ddbe66fb5aac26e23cca146afe2e80ffd86b","name":"2026.02.04 RAA sp\u00e9cial ARR\u00caT\u00c9 portant agr\u00e9ment de l\u2019association Centre d\u2019information sur les droits des femmes et des familles d\u2019Indre-et-Loire et..."}],"total":1421}
