{"elements":[{"date":"2026-01-14","first_seen_on":"2026-01-14T09:19:41+00:00","id":"276dcf8e7d13a375ad77de9800d4b8d95b59982613cfddc4c5c73fa6b6af4d1c","name":"2026.01.14 RAA sp\u00e9cial nominatif Arr\u00eat\u00e9 modificatif n\u00b08 de la liste des conseillers du salari\u00e9"},{"date":"2026-01-13","first_seen_on":"2026-01-13T17:22:28+00:00","id":"181b20d14d56f62876e5bfee7b40f23d385e6f55e73d80252fc0c0ec5a46193e","name":"2026.01.13 RAA sp\u00e9cial ARRETE_PDA_TEV_VeretzAzay_MaisonChavonniere_37"},{"date":"2026-01-13","first_seen_on":"2026-01-13T17:22:21+00:00","id":"57ee5890f403257ae16a416d4a7a739a9333f0d80825beebc155917ae7e6814f","name":"2026.01.13 RAA sp\u00e9cial arr\u00eat\u00e9 pr\u00e9fectoral interdisant toute manifestation au d\u00e9p\u00f4t p\u00e9trolier de Saint-Pierre-des-Corps et aux abords"},{"date":"2026-01-13","first_seen_on":"2026-01-13T15:22:56+00:00","id":"734fe8d498dd213a93059ce4d572ea3aa43227ca7a9979790c5a96c55bf76384","name":"2026.01.13 RAA sp\u00e9cial  2026_01_13_arrete_captation_drone"},{"date":"2026-01-13","first_seen_on":"2026-01-13T11:18:48+00:00","id":"52daccc83a07b76f944cd721a333c0f60f5f789c408f1960ca60dbef7623aea0","name":"2026.01.13 RAA sp\u00e9cial Arr\u00eat\u00e9 pr\u00e9fectoral fixant dates et heures d'ouverture et de cl\u00f4ture de d\u00e9p\u00f4t de candidatures 08012026"},{"date":"2026-01-13","first_seen_on":"2026-01-13T09:17:41+00:00","id":"351e9cfbb6162087f492562e793431ff3958a6d6ae91bd0e1f9c15b0f30c2866","name":"2026-01-12_RAA sp\u00e9cial_AP interdiction temporaire produits dangereux et artifices"},{"date":"2026-01-12","first_seen_on":"2026-01-12T18:44:38+00:00","id":"385df51239e8d806102bed9c7efa8948a77625376a9f2b4bb214c3b0f1883ffb","name":"2026.01.12 RAA sp\u00e9cial Arr\u00eat\u00e9 portant cr\u00e9ation du p\u00e9rim\u00e8tre d\u00e9limitation 3"},{"date":"2026-01-12","first_seen_on":"2026-01-12T18:43:07+00:00","id":"370452abd519c4d3f7b6345ac77f15321e92575ffd0a9b601494e7eafaadbaba","name":"2026.01.12 RAA sp\u00e9cial Arr\u00eat\u00e9 portant cr\u00e9ation du p\u00e9rim\u00e8tre d\u00e9limitation 2"},{"date":"2026-01-12","first_seen_on":"2026-01-12T18:40:33+00:00","id":"62635e0127b1817b2f8f436f61a216aa154ab8de09ab49b9dbdcfd04e9aa8d59","name":"2026.01.12 RAA sp\u00e9cial Arr\u00eat\u00e9 portant cr\u00e9ation du p\u00e9rim\u00e8tre d\u00e9limitation 1"},{"date":"2026-01-09","first_seen_on":"2026-01-09T17:36:35+00:00","id":"42ed05c2dfd75a391f34b0ad8658769778bd8d39e49ec1d0d8c1b41e7ce656ac","name":"09-01-2026-RAA sp\u00e9cial interdiction temporaire produits dangereux et artifices"},{"date":"2026-01-09","first_seen_on":"2026-01-09T17:36:19+00:00","id":"4820ecb84e6464125972ba63d37991e3472d6c15bbb28f3d91dea4ea8779107b","name":"2026.01.09 RAA sp\u00e9cial AP 2025 suspension"},{"date":"2026-01-09","first_seen_on":"2026-01-09T15:21:21+00:00","id":"513d77ab38e4c6cd5932e4223b1184c1b8b978bc1379fd2d777f66ec46b9ff24","name":"2026.01.09 RAA sp\u00e9cial Arr\u00eat\u00e9 Pr\u00e9fectoral Drones  Amboise 09 01 26"},{"date":"2026-01-09","first_seen_on":"2026-01-09T15:20:14+00:00","id":"58aaa1be43dfaeb1e0405c519912329098c7aedda2cc9c4eb8c774fb2875076a","name":"2026.01.09 RAA sp\u00e9cial Arr\u00eat\u00e9 pr\u00e9fectoral 07012026 fixant nombre conseillers municipaux \u00e0 \u00e9lire pour chaque commune"},{"date":"2026-01-08","first_seen_on":"2026-01-08T17:23:49+00:00","id":"9b1d17b2f4e768894a7661e48f3d99c8da2cb62c706e37aa761e491b0322fa9d","name":"2026.01.08 RAA sp\u00e9cial 2025 12 - AP EP PCMECDU Drach\u00e9"},{"date":"2026-01-08","first_seen_on":"2026-01-08T15:21:10+00:00","id":"433513569bdeddee4d8e5c55ec167305aa5af7be06872d9d5d6d6c45a204d647","name":"2026.01.08 RAA sp\u00e9cial autorisation de capter - enregistrer et transmettre \u00e0 partir de cam\u00e9ras install\u00e9e sur des drones"},{"date":"2026-01-07","first_seen_on":"2026-01-07T19:19:00+00:00","id":"80834ce6a1e9769e3e067543286a9a8fa8ff8409cd559261f3e79853c00eda02","name":"2026-01-07-RAA-special arr\u00eat\u00e9 portant limitation des engins agricoles"},{"date":"2026-01-07","first_seen_on":"2026-01-07T17:22:42+00:00","id":"108bb924a5dbe38aa4e91d83a24ecf012a1957fdcafbeb90508de3f354e32a76","name":"2026.01.07 RAA sp\u00e9cial APlev\u00e9ezone DDPP372025-2358-2"},{"date":"2026-01-07","first_seen_on":"2026-01-07T17:22:36+00:00","id":"5f9ec0ff917d5b2e122144633015eb689a8e8c609f254302154673daddbcbac4","name":"2026-01-07 RAA sp\u00e9cial_fin_arr\u00eat\u00e9-interdictionPL-episode-neige"},{"date":"2026-01-07","first_seen_on":"2026-01-07T15:20:34+00:00","id":"7cc6bd7f10253121d9564c1b3e7502cd595f3b0d31bcc29ee067e26be05ffad8","name":"2026.01.07 RAA sp\u00e9cial Arr\u00eat\u00e9 SCOP AMBULANCES DOIDY - AMS HORS QUOTA - Arr\u00eat\u00e9 radiation Ambulances DOIDY"},{"date":"2026-01-07","first_seen_on":"2026-01-07T15:20:28+00:00","id":"d6be7947e67ae844c510875b18bd8588568609b1e7b5be6288a04392a0d68ed2","name":"2026.01.07 RAA sp\u00e9cial D\u00e9l\u00e9gation de signature - Madame Alice PICHEREAU - CHRU de Tours"},{"date":"2026-01-06","first_seen_on":"2026-01-06T21:16:29+00:00","id":"d669f369c0369e6c9d2ff906203f68535053030bec25a353ddbcf738cb468a55","name":"2026-01-06-RAA-special autorisant l'utilisation de cam\u00e9ra sur a\u00e9ronef au b\u00e9n\u00e9fice de la police nationale"},{"date":"2026-01-06","first_seen_on":"2026-01-06T21:16:23+00:00","id":"987b379c3d8fe9e347423e8a2cd15060ece0dd58ddae2634a15e0ce29551dc5c","name":"2026-01-06-RAA-special interdiction PL en Indre-et-Loire-\u00e9pisode neige Verglas"},{"date":"2026-01-06","first_seen_on":"2026-01-06T19:19:44+00:00","id":"828a34456010f01ba0279a83ebf2002d33cae438362d6a4f0885aab906443f0c","name":"06-01-2026-RAA sp\u00e9cial interdiction transports scolaires et limitation engins agricoles"},{"date":"2026-01-05","first_seen_on":"2026-01-05T19:16:23+00:00","id":"bad0789fd7bb9a7bed6614686375e061fb4e1dd6a461c5c433fdb1cb02eb9751","name":"20260105_RAA-sp\u00e9cial-interdiction_manifestation_agricole_06_01_2026"},{"date":"2026-01-05","first_seen_on":"2026-01-05T17:24:00+00:00","id":"776bef99846cda002b84c85f487e076dcd3f885985fdeaf8b795910c8e0a5405","name":"2026.01.05 RAA sp\u00e9cial AP renouvellements agr\u00e9ments - AP circulation routi\u00e8re - AP la Batoude"},{"date":"2026-01-05","first_seen_on":"2026-01-05T15:35:31+00:00","id":"c0940bea7353faf49d11ee2cc1fb103be4f578de1e3b46bd037423c93b50dd46","name":"2026.01.05 RAA sp\u00e9cial AP zone DDPP372026-00002 d\u00e9terminant une zone r\u00e9glement\u00e9e autour d\u2019un cas d\u2019influenza aviaire hautement pathog\u00e8ne"},{"date":"2026-01-05","first_seen_on":"2026-01-05T15:21:57+00:00","id":"7f16a6aebc1f5a7cb34dfe51faa9cc0f41ed4484b25d9b4aa1b610cda7365989","name":"2026.01.05 RAA sp\u00e9cial ARRETE portant d\u00e9signation des repr\u00e9sentants des usagers au sein de la commission des usagers"},{"date":"2025-12-31","first_seen_on":"2025-12-31T13:16:06+00:00","id":"a6adf281da1958a7b944aad9b05de1e920301944642e7779628fc0126cc01660","name":"2025.12.31 mensuel D\u00e9cembre 1"},{"date":"2025-12-30","first_seen_on":"2025-12-30T17:24:19+00:00","id":"0096f1199bbbde6483267409cc4932ef19c16413865290ed53e27081ab02423e","name":"2025.12.30  RAA sp\u00e9cial AP p\u00eache fluviale 37 2026"},{"date":"2025-12-30","first_seen_on":"2025-12-30T15:20:16+00:00","id":"0380649eceb6bd59f43c0f498eac0e88a18f5d74199f9447a6a3050cf02b538f","name":"2025.12.30 RAA sp\u00e9cial Arr\u00eat\u00e9s d\u00e9l\u00e9gation de signature"},{"date":"2025-12-30","first_seen_on":"2025-12-30T15:20:03+00:00","id":"6f142388faf445a3e1aaec4ea060d5e2b411107371440e6b22ad8fdccc03bb2b","name":"2025.12.30 RAA sp\u00e9cial Arr\u00eat\u00e9s retrait du d\u00e9partement DCL"},{"date":"2025-12-30","first_seen_on":"2025-12-30T15:19:53+00:00","id":"22382d05a385e60ea7f215c306ed15a1741bfc87aebe1cff24cba8bfab38d3da","name":"2025.12.30 RAA sp\u00e9cial Arr\u00eat\u00e9 subd\u00e9l\u00e9gation DREAL.pdf"},{"date":"2025-12-30","first_seen_on":"2025-12-30T11:19:23+00:00","id":"322ad7dab2c9d95db99585d02a86e69ed0042e264e76e4361689b2a9e4c89a0b","name":"2025-12-30 RAA sp\u00e9cial AP Autorisation du 22 d\u00e9cembre 25 SPDC"},{"date":"2025-12-30","first_seen_on":"2025-12-30T11:19:16+00:00","id":"7c18ca8252791238fd958436604b03ed01ada326d7ab7e30c3f60213d4a17829","name":"2025-12-30 RAA sp\u00e9cial AP Autorisation du 22 d\u00e9cembre 25 Tours"},{"date":"2025-12-30","first_seen_on":"2025-12-30T11:19:09+00:00","id":"8f8315cb186b05ef938d355930fe7f1edf1185b318cc9bf593efc071070e41e4","name":"2025-12-30 RAA sp\u00e9cial AP Autorisation du 22 d\u00e9cembre 25 JLT"},{"date":"2025-12-29","first_seen_on":"2025-12-29T17:23:50+00:00","id":"8b5579ff9c3d5fbbd2c78d3a0ded304297a868c9423092d98aa2d1b4eb12ed75","name":"2025 12 29-RAA sp\u00e9cial_AP_Portant interdiction temporaire de rassemblements festifs \u00e0 caract\u00e8re musical (Teknival, rave party) dans le d\u00e9partement..."},{"date":"2025-12-29","first_seen_on":"2025-12-29T17:22:17+00:00","id":"26b94ae46f562f370578b34aa45a4123ad4a25deb6931f0cd2760f51f8a5d888","name":"2025 12 29-RAA sp\u00e9cial_AP_Portant interdiction de circulation des v\u00e9hicules transportant du mat\u00e9riel de son \u00e0 destination ou en provenance d\u2019un ras..."},{"date":"2025-12-29","first_seen_on":"2025-12-29T15:19:51+00:00","id":"6943f5a319336be9159325913578cb9548bd35cb8204d10a330e631ef92190da","name":"2025 12 19-RAA sp\u00e9cial_AP_portant interdiction temporaire de la vente et de l\u2019utilisation d\u2019artifices de divertissement"},{"date":"2025-12-29","first_seen_on":"2025-12-29T15:19:43+00:00","id":"60883b44a2162f10486eaf65fd9ebafc5ff01c6e2853dfc174785a97c542f302","name":"2025 12 19-RAA sp\u00e9cial_AP_portant interdiction temporaire de la vente du transport et de l\u2019utilisation de produits chimiques inflammables ou explosifs"},{"date":"2025-12-29","first_seen_on":"2025-12-29T09:14:51+00:00","id":"02f5d02b4fdf6565538d92576271da54eb504d6c11e89be0cbac0414b4994af7","name":"2025-12-29 RAA sp\u00e9cial 2025-DD37-PPSMS-0045-Arr\u00eat\u00e9 1er semestre 2026 garde ambulanci\u00e8re"},{"date":"2025-12-23","first_seen_on":"2025-12-23T11:17:06+00:00","id":"0141a22daba09b5f26fea1040c251eba1a5771c1d6afba12f01cb0f26621bd55","name":"2025-12-23 RAA sp\u00e9cial ANNULE-REMPLACE RAA N\u00b0 37-2025-12053_2025-DD37-PPSMS-0044_Arrete_Modificatif_medecins_agr\u00e9\u00e9s"},{"date":"2025-12-22","first_seen_on":"2025-12-22T15:19:38+00:00","id":"aa38fa8b94cb4f438d4e1b44946ef381168c9ae6402e1a1c6bac72e1178e826b","name":"2025-12-22  RAA sp\u00e9cial Arr\u00eat\u00e9 enqu\u00eate publique ZAP Fondettes"},{"date":"2025-12-22","first_seen_on":"2025-12-22T15:19:29+00:00","id":"aec3e6244a7c440cbb73af0abe0bae58cab27b33f3aef29c0eddd1d3146a32a3","name":"2025-12-22  RAA sp\u00e9cial Arr\u00eat\u00e9 Enqu\u00eat\u00e9 Publique Permis de Construire defrichement Genill\u00e9"},{"date":"2025-12-22","first_seen_on":"2025-12-22T13:16:39+00:00","id":"130a757f9e46ed2be7949fe92f9ebfbc998e4ce6fb9732593fb5511072176ed4","name":"2025-12-22  RAA sp\u00e9cial 2025-DD37-PPSMS-0044_Arrete_Modificatif_medecins_agr\u00e9\u00e9s"},{"date":"2025-12-22","first_seen_on":"2025-12-22T13:16:20+00:00","id":"3ef30f7fe71c432e656b9f8a5f62884ac7db864b19c5e2c01ad7a49dc4d238d0","name":"2025-12-22  RAA sp\u00e9cial Arr\u00eat\u00e9 fixant liste des journaux et services de presse en ligne habilit\u00e9s \u00e0 publier les annonces judiciaires et l\u00e9gales 2026"},{"date":"2025-12-22","first_seen_on":"2025-12-22T13:15:33+00:00","id":"2f1c3010fc7bc004aab296cf01c07a6e6b02f058c1d73a10e3337e2f6b8f1654","name":"2025-12-22  RAA sp\u00e9cial Arr\u00eat\u00e9 fixant l'indice pour calcul des fermages viticoles"},{"date":"2025-12-22","first_seen_on":"2025-12-22T11:21:40+00:00","id":"7767cfca86d95ae542be195c2467c818e681338e2bba6ef69211fc6943ab1afc","name":"2025-12-22  RAA sp\u00e9cial interdiction temporaire de la vente et de l\u2019utilisation d\u2019artifices de divertissement"},{"date":"2025-12-22","first_seen_on":"2025-12-22T11:21:18+00:00","id":"258db86a3989ea5e46ffea3026d97dc1dd4eb6c7ef08992e29281c79d655e340","name":"2025-12-22  RAA sp\u00e9cial 20251215 subd\u00e9l\u00e9gation ordonnancement secondaire"},{"date":"2025-12-19","first_seen_on":"2025-12-19T17:33:23+00:00","id":"7c9ea462e1bbbf2f38a3517aef4ba1e544d5704b73bc4e1ff21d3fee29dec82d","name":"2025-12-19  RAA sp\u00e9cial Arr\u00eat\u00e9 A10 2025 12 19-4"},{"date":"2025-12-19","first_seen_on":"2025-12-19T15:23:47+00:00","id":"ccb4cde3fa14a698ae732da58ed6448bfdf18f1c772e5efd2a2f3d06ea71232c","name":"2025-12-19  RAA sp\u00e9cial Arr\u00eat\u00e9 suppl\u00e9ance Sous Pr\u00e9fet de Loches du 27 au 28 d\u00e9cembre 2025"}],"total":1421}
