{"elements":[{"date":"2025-12-19","first_seen_on":"2025-12-19T11:15:24+00:00","id":"e1f1200efe5f2b74449e9110283c31c8ed6b14675bf3fae1ca41dcc704829e63","name":"2025-12-19  RAA sp\u00e9cial Arr\u00eat\u00e9 A10 2025 12 18-2-1"},{"date":"2025-12-19","first_seen_on":"2025-12-19T11:15:18+00:00","id":"344a404fc7dbe0d18289df49838e7496edd340de140aad826ce080f51140618c","name":"2025-12-19  RAA sp\u00e9cial Arr\u00eat\u00e9 A10 2025 12 18"},{"date":"2025-12-18","first_seen_on":"2025-12-18T15:20:21+00:00","id":"2631b25980d8cf578baa3bc042aeeedfce6a75584c728e36eabe9edb61db81f8","name":"2025-12-18  RAA sp\u00e9cial ARR\u00caT\u00c9 PR\u00c9FECTORAL PORTANT ARR\u00caT DU DOCUMENT CADRE R\u00c9DIG\u00c9 EN APPLICATION DE L\u2019ARTICLE L.111-29 DU CODE DE L\u2019URBANISME"},{"date":"2025-12-18","first_seen_on":"2025-12-18T15:20:15+00:00","id":"6c74cac22e62ad8bab09696dce1594f417d6063f80122b4dee5449128ec2d0af","name":"2025-12-18  RAA sp\u00e9cial D\u00e9l\u00e9gation de Signature -M. Jacky HOUSSET - CH de Chinon"},{"date":"2025-12-18","first_seen_on":"2025-12-18T15:20:10+00:00","id":"7a2336ff9bb118cc50b2c2a69dec92f8a0745abfd14831b41773b8e54525a118","name":"2025-12-18  RAA sp\u00e9cial D\u00e9l\u00e9gation de signature - de SIKORA Julien - CH de Chinon"},{"date":"2025-12-18","first_seen_on":"2025-12-18T15:20:04+00:00","id":"0facf17ac23f424698e1b085234562838fe6ada1355ca375ebac32032c76a438","name":"2025-12-18  RAA sp\u00e9cial arr\u00eat\u00e9 A10 2025 12 18"},{"date":"2025-12-18","first_seen_on":"2025-12-18T09:16:24+00:00","id":"c1d75f03d76c3e5f56be2f745fba2eac021ed3a5c588bddabea8c616b683a146","name":"2025-12-18  RAA sp\u00e9cial Arr\u00eat\u00e9 zone DDPP372025-2358"},{"date":"2025-12-17","first_seen_on":"2025-12-17T15:18:01+00:00","id":"87be2e4a294cfc4bebd4f69034e9d8bbd22221e4243e7aa10190372c16d1d27e","name":"2025-12-17  RAA sp\u00e9cial ARR\u00caT\u00c9 PR\u00c9FECTORAL PORTANT APPROBATION DU PLAN DE CONTR\u00d4LE ET DE SURVEILLANCE DES ONDES \u00c9LECTROMAGN\u00c9TIQUES RELATIF A LA LIG..."},{"date":"2025-12-16","first_seen_on":"2025-12-16T15:30:18+00:00","id":"d323f691637cfee922f1d06d973236521c3b47a3d35be6f99b3d184270923301","name":"2025-12-16 RAA sp\u00e9cial Liste d\u2019aptitude aux fonctions de commissaire enqu\u00eateur pour le d\u00e9partement d\u2019Indre-et-Loire"},{"date":"2025-12-16","first_seen_on":"2025-12-16T15:20:15+00:00","id":"8931df20212835ed2abff686785974cdce33c52befe3e62806c55d122da62e41","name":"2025-12-16 RAA sp\u00e9cial nominatif D\u00e9claration service \u00e0 la personne"},{"date":"2025-12-16","first_seen_on":"2025-12-16T13:17:03+00:00","id":"aa6436234a3323002dd5debf96d6f5322ed1c92ef8d74175c0321eac5313f513","name":"2025-12-16 RAA sp\u00e9cial ARR\u00caT\u00c9 INTERPR\u00c9FECTORAL PORTANT APPROBATION DU PLAN DE CONTR\u00d4LE ET DE SURVEILLANCE DES ONDES \u00c9LECTROMAGN\u00c9TIQUES RELATIF A LA..."},{"date":"2025-12-16","first_seen_on":"2025-12-16T13:16:56+00:00","id":"f10c01e4415980dc21ba2a2fc0131d5e8e61399c65eae5dbd1e5fea2fb72d5d7","name":"2025-12-16 RAA sp\u00e9cial ARR\u00caT\u00c9 PR\u00c9FECTORAL PORTANT APPROBATION DU PLAN DE CONTR\u00d4LE ET DE SURVEILLANCE DES ONDES \u00c9LECTROMAGN\u00c9TIQUES RELATIF A LA LIGN..."},{"date":"2025-12-16","first_seen_on":"2025-12-16T11:15:12+00:00","id":"b81bf104e4bb744d9fe2909b84455294282f1eb0fb274c63ebbf3c20a5133aaa","name":"2025-12-16 RAA sp\u00e9cial AP 251-122 - D\u00e9rogation attribution FARU Amboise"},{"date":"2025-12-16","first_seen_on":"2025-12-16T09:16:40+00:00","id":"f807c279b24b3558d3deff858099d4734562c6340d2039fa82f5d3909bc808f6","name":"2025-12-16 RAA sp\u00e9cial Arr\u00eat\u00e9 portant organisation du Secr\u00e9tariat g\u00e9n\u00e9ral commun d\u00e9partemental"},{"date":"2025-12-15","first_seen_on":"2025-12-15T17:25:46+00:00","id":"bf6dc2b5cbfd1181116831db1e52731464c5244dbd80a916dd4ac61d2616cc8a","name":"2025-12-15 RAA sp\u00e9cial Arr\u00eat\u00e9 modificatif programmation des \u00e9valuations de la qualit\u00e9 des \u00e9tablissements et services sociaux et m\u00e9dico-sociaux"},{"date":"2025-12-15","first_seen_on":"2025-12-15T17:24:20+00:00","id":"25396d6d0ad150c290a4bd2bdc576b5e9eb6a65e0b7b35c7998a04de3274bc4a","name":"2025-12-15 RAA sp\u00e9cial Arr\u00eat\u00e9 Pr\u00e9fectoral zone DDPP372025-2322"},{"date":"2025-12-15","first_seen_on":"2025-12-15T17:22:48+00:00","id":"3d69a7b39d6364f9e3cb69c7106d56348fbc668085b970004be8ea8e15191b09","name":"2025-12-15 RAA sp\u00e9cial ARRETE P\u00e9rim\u00e8tre d\u00e9limit\u00e9 des abords Saint-de-Catherine-de-Fierbois"},{"date":"2025-12-15","first_seen_on":"2025-12-15T17:21:12+00:00","id":"ffc0b8f2cd1f05498986c3f074e2e29cdc80e79c267ae3b543fb07c453b66459","name":"2025-12-15 RAA sp\u00e9cial ARRETE P\u00e9rim\u00e8tre d\u00e9limit\u00e9 des abords Montbazon"},{"date":"2025-12-15","first_seen_on":"2025-12-15T15:16:52+00:00","id":"1de9b6646d101064c5cb5a8dfcaea0f4be62f7275570a4ee2ba41c0bf6a03ddf","name":"2025-12-15 RAA sp\u00e9cial Mise \u00e0 jour des param\u00e8tres d\u00e9partementaux d'\u00e9valuation des locaux professionnels pour les impositions 2026"},{"date":"2025-12-12","first_seen_on":"2025-12-12T15:24:17+00:00","id":"bd70107c2ed492d58f96ed3dd87e89f6137862b09637e866b8904d55857145d7","name":"2025-12-12 RAA sp\u00e9cial nominatif  AP de battue sangliers le 16 d\u00e9c Fondettes Luynes Saint Etienne de C et Saint Genouph"},{"date":"2025-12-12","first_seen_on":"2025-12-12T15:24:11+00:00","id":"18962bfc76a73ea6626346edd09003f80e663f9565eef6460acd96691b8fb514","name":"2025-12-12 RAA sp\u00e9cial nominatif AP de battue sanglier Monts Montbazon Veign\u00e9 14 d\u00e9c 25"},{"date":"2025-12-12","first_seen_on":"2025-12-12T13:17:51+00:00","id":"268b23320984502bbad31f02ea64197ced0e1b6c750d4d23c89ff3d07174558b","name":"2025-12-12 RAA sp\u00e9cial AP interdiction temporaire rassemblements festifs - AP interdiction transport son"},{"date":"2025-12-12","first_seen_on":"2025-12-12T13:17:44+00:00","id":"ffa5f23691ff7c8e476663f4e69ca132d58c82080aaa22ddf4f952a0eee1baad","name":"2025-12-12 RAA sp\u00e9cial 2025_12_12_AP_encadrement_supporter_match_montlouis_bordeaux"},{"date":"2025-12-12","first_seen_on":"2025-12-12T13:17:36+00:00","id":"40484921f3eccf65f1bd7a3ca30e58d117fcd4b9c21706eab1608ed66a4c818b","name":"20251212 - RAA sp\u00e9cial - interdiction temporaire de rassemblements festifs et de transport de mat\u00e9riel de son"},{"date":"2025-12-12","first_seen_on":"2025-12-12T09:16:17+00:00","id":"a7e4acb7e1b278558821b5cd72744d2cad28d94e971b1ae1b47cf13705d42348","name":"2025-12-12 RAA sp\u00e9cial Arr\u00eat\u00e9 Pr\u00e9fectoral provisoire Tours stade RAA 13-12-1"},{"date":"2025-12-11","first_seen_on":"2025-12-11T17:33:14+00:00","id":"220d1bc89164b724a34f80b4d0c4d0c4accdbbd079b25f731693d7ed7daaf0bc","name":"2025-12-11 RAA sp\u00e9cial Arr\u00eat\u00e9 N\u00b0 DECAT BE 25-41 du 4 d\u00e9cembre 2025 portant ouverture d\u2019une enqu\u00eate publique"},{"date":"2025-12-11","first_seen_on":"2025-12-11T17:31:53+00:00","id":"245d79c331dfd7c6e78131b42b5e8a96d3a2f2c5773a0fac70d2ca81acded237","name":"2025-12-11 RAA sp\u00e9cial Arr\u00eat\u00e9 N\u00b0 DECAT BE 25-41 du 4 d\u00e9cembre 2025 portant ouverture d\u2019une enqu\u00eate publique"},{"date":"2025-12-11","first_seen_on":"2025-12-11T17:27:35+00:00","id":"5f067bb999b28cc1b936d9b7f1869c7db0e4ee03823ebb1145d35357c3930b6f","name":"2025-12-11 RAA sp\u00e9cial Arr\u00eat\u00e9 N\u00b0 DECAT BE 25 42 du 4 d\u00e9cembre 2025 d\u00e9clarant la cessibilit\u00e9 des parcelles n\u00e9cessaires \u00e0 l\u2019am\u00e9nagement d\u2019une piste c..."},{"date":"2025-12-11","first_seen_on":"2025-12-11T17:26:26+00:00","id":"9d87f97ed6df32111e1e5f79b2d156dedd1709f4124f49727b688b20c913d305","name":"2025-12-11 RAA sp\u00e9cial Arr\u00eat\u00e9 N\u00b0 DECAT BE 25-39 du 20 novembre 2025 portant prolongation de l\u2019enqu\u00eate parcellaire compl\u00e9mentaire en vue de la r\u00e9ali..."},{"date":"2025-12-10","first_seen_on":"2025-12-10T17:26:12+00:00","id":"c715dcfd16d54643aec15cf992e805bfb8ad407b4006e60d46dd912e99ca7bb1","name":"2025-12-10 RAA sp\u00e9cial AP n\u00b025E09 exploitation forage \u00e0 Saint Hippolyte-Eureau Sources"},{"date":"2025-12-10","first_seen_on":"2025-12-10T17:26:03+00:00","id":"014cbacd4ce389878432cd943f5b7394f4c0ee728d11f76d1f811d2cc3c6d2da","name":"2025-12-10 RAA sp\u00e9cial SDIF - Arr\u00eat\u00e9 ouverture remaniement cadastre Nazelles-N\u00e9gron"},{"date":"2025-12-08","first_seen_on":"2025-12-08T17:21:56+00:00","id":"56ac82cfaa3d73b0b6a0b01d37295d0462db53e12d65fc5f6eb3303df4e120c6","name":"2025-12-08 RAA sp\u00e9cial Arr\u00eat\u00e9 Autorisation transmission image du 13 d\u00e9cembre  25"},{"date":"2025-12-05","first_seen_on":"2025-12-05T11:16:26+00:00","id":"4c6e2750f8a58f706f74fc7954262488be1e102adf056754e643c6bf7bff9ae0","name":"2025-12-05 RAA sp\u00e9cial Arr\u00eat\u00e9 fermeture du SPFE les 2 et 5-01-2026"},{"date":"2025-12-05","first_seen_on":"2025-12-05T09:18:17+00:00","id":"e6c819bf29da07d4e643e15c06064b61da3a1754ea5c5546d0144119a49bb303","name":"2025-12-05 RAA sp\u00e9cial Arr\u00eat\u00e9 renouvellement syst\u00e8me de vid\u00e9osurveillance 2"},{"date":"2025-12-05","first_seen_on":"2025-12-05T09:16:34+00:00","id":"31af508b48be999d510fff91803e28978c613005da989fd2418f430399e246c7","name":"2025-12-05 RAA sp\u00e9cial Arr\u00eat\u00e9 renouvellement syst\u00e8me de vid\u00e9osurveillance 1"},{"date":"2025-12-04","first_seen_on":"2025-12-04T13:14:48+00:00","id":"8ac7cbbd3d84a615c1869422365cd217ce25a6eaf3bbf2895afa545e3a6127aa","name":"2025-12-04 RAA sp\u00e9cial AP n\u00b007-2025 cam\u00e9ras individuelles PM de CHAMBRAY LES TOURS"},{"date":"2025-12-02","first_seen_on":"2025-12-02T15:16:44+00:00","id":"d07e98f6294a6ce19a8fe4136f0e48da0956cfe1d11c23a105198f3c790d99b8","name":"2025-12-02 RAA sp\u00e9cial nominatif Auchan ARS - Arr\u00eat\u00e9 d\u00e9rogation repos dominical le 21 d\u00e9cembre 2025.pdf"},{"date":"2025-12-02","first_seen_on":"2025-12-02T15:16:28+00:00","id":"ae239cd43f7dde08251217033aa266b3b7b85a1d47b2f59a8187badda635efa9","name":"2025-12-02 RAA sp\u00e9cial nominatif Auchan ARA - Arr\u00eat\u00e9 d\u00e9rogation repos dominical le 21 d\u00e9cembre 2025"},{"date":"2025-12-02","first_seen_on":"2025-12-02T11:14:55+00:00","id":"329390f2e99ef9a0c97ea26b51815b07390b42211a22ed59552af2dbee2de5d1","name":"2025-12-02 RAA sp\u00e9cial 20251114 Art modification composition CLE SAGE Vienne Tourangelle -1.pdf"},{"date":"2025-12-02","first_seen_on":"2025-12-02T11:14:49+00:00","id":"52021f7a4a16a85998805471a8d952d1daf0fd8175b04e4c14bc8072e68600eb","name":"2025-12-04 RAA sp\u00e9cial nominatif AP autorisation prise de controle OS 3725005601-2"},{"date":"2025-11-28","first_seen_on":"2025-11-28T17:38:13+00:00","id":"adcc28b67a9dc776b0aea8cc2769b3952b3bc9da04e2e0185df865dadc705e8b","name":"2025-11-28 RAA mensuel Novembre"},{"date":"2025-11-28","first_seen_on":"2025-11-28T17:35:58+00:00","id":"474e28af05272c0132dac9c44a3aee70e8ba91a07b2e31ab158becf6a19bfeb5","name":"2025-11-28 RAA sp\u00e9cial nominatif mensuel Novembre"},{"date":"2025-11-28","first_seen_on":"2025-11-28T17:35:48+00:00","id":"d7f8f5db11f89fe589bb98b07d23ca6824d665c09692f6f18441f40ffc4ea012","name":"20251128 - RAA sp\u00e9cial - interdiction temporaire de rassemblements festifs et de transport de mat\u00e9riel de son"},{"date":"2025-11-28","first_seen_on":"2025-11-28T15:21:52+00:00","id":"ccbb2c746fa8855ca22cbc6aa192222bea0957d4347c9196044468eb1f77c01f","name":"2025-11-28 RAA sp\u00e9cial Arr\u00eat\u00e9 DDFIP DECAT-BE DCL-BRGEA"},{"date":"2025-11-28","first_seen_on":"2025-11-28T11:18:54+00:00","id":"2b78d27121783404d77d84fa01ccf805fea2dca89f52d42628f37837bbee3c97","name":"2025-11-28 RAA sp\u00e9cial AP battures"},{"date":"2025-11-25","first_seen_on":"2025-11-25T17:15:54+00:00","id":"0b75760b3b0abf5415c99ffdba360daefd05f92cd951483bbbcb2a66f50c993a","name":"2025-11-25 RAA sp\u00e9cial Arr\u00eat\u00e9 OS DIPN37"},{"date":"2025-11-24","first_seen_on":"2025-11-24T17:18:29+00:00","id":"a174ba8c0960305f0fee5d378a5e72ba809be23c11fd72e8f07c8dcc9d0077d7","name":"2025-11-24 RAA sp\u00e9cial D\u00e9cision portant d\u00e9l\u00e9gations sp\u00e9ciales de signature pour le P\u00f4le gestion publique"},{"date":"2025-11-24","first_seen_on":"2025-11-24T17:18:24+00:00","id":"858617409a89d9aab3a092e1cbb2e362a31be7ad4191a53c48abbca052b670b6","name":"2025-11-24 RAA sp\u00e9cial D\u00e9cision portant d\u00e9classement du domaine public ferroviaire d\u2019un terrain sis \u00e0 VILLEPERDUEL"},{"date":"2025-11-24","first_seen_on":"2025-11-24T17:18:12+00:00","id":"14efc67fe1fda2390c432dbd1028dac873cea9254f749e618291e99e93e179a5","name":"2025-11-24 RAA sp\u00e9cial D\u00e9cision portant Arr\u00e9t\u00e9s CC Val d'amboise et CCTOVAL"},{"date":"2025-11-24","first_seen_on":"2025-11-24T17:18:00+00:00","id":"9915584657e13cc266f9da2cbbcdc5f12c42007f7fd217a1dfa3794525e42132","name":"2025-11-24 RAA sp\u00e9cial D\u00e9cision portant affectation des agents de contr\u00f4le dans les unit\u00e9s de contr\u00f4le et gestion des int\u00e9rims"}],"total":1421}
