{"elements":[{"date":"2025-11-24","first_seen_on":"2025-11-24T17:17:55+00:00","id":"bcd4c18b5bb2284c8f34ae57efc9bca8baafa487aa8421c486192eaf668ea842","name":"2025-11-24 RAA sp\u00e9cial date CDAC - SUPER U Loches.pdf"},{"date":"2025-11-21","first_seen_on":"2025-11-21T15:22:24+00:00","id":"68d26fc1a90978221be1db12ffc0fab360bed4c4f3496631065880be48853690","name":"2025-11-21 RAA sp\u00e9cial Arr\u00eat\u00e9 portant autorisation d'un syst\u00e8me de vid\u00e9osurveillance - Courcelles-de-Touraine"},{"date":"2025-11-21","first_seen_on":"2025-11-21T15:22:17+00:00","id":"9d55dcbca33ba718c6ae5767eca1db56e8a47b07e8c8559e05c1398de80d5bfa","name":"2025-11-21 RAA sp\u00e9cial Arr\u00eat\u00e9 portant autorisation d'un syst\u00e8me de vid\u00e9osurveillance - Genill\u00e9"},{"date":"2025-11-21","first_seen_on":"2025-11-21T15:22:10+00:00","id":"ea6819e187b4754baa52a45ce092bb70bfcce9fae77d5340a486213c9127a960","name":"2025-11-21 RAA sp\u00e9cial AP de battue sangliers le 23 novembre \u00e0 Saunay Morand"},{"date":"2025-11-20","first_seen_on":"2025-11-20T15:18:17+00:00","id":"9a3a16649f43dccc6176bf30381ee2f091e21c27adf2533c7faa9bd78407af5a","name":"2025-11-20 RAA sp\u00e9cial D\u00e9l\u00e9gation signature PHARMACIE"},{"date":"2025-11-20","first_seen_on":"2025-11-20T15:18:10+00:00","id":"f512cb04e6f54db2dc413feacef643503a1b1a66ffc2172fb38d6739a6461d76","name":"2025-11-20 RAA sp\u00e9cial nominatif AP renouvellement CLE SAGE Vienne.pdf"},{"date":"2025-11-19","first_seen_on":"2025-11-19T17:21:29+00:00","id":"c8487af3153176236c793ec5052c8b632b7ff424918345cb87c0eb4aa8d92c85","name":"2025-11-19 RAA sp\u00e9cial modifiant la composition de la commission de suivi de site"},{"date":"2025-11-18","first_seen_on":"2025-11-18T17:21:37+00:00","id":"3a23528873c516a94dbc4d91bb50cd5831ac990aeae2c1601107e7728e003527","name":"2025-11-18 RAA sp\u00e9cial Arr\u00eat\u00e9 DDT battue sangliers iles de la Loire"},{"date":"2025-11-18","first_seen_on":"2025-11-18T13:19:28+00:00","id":"846f8d87e685b2a5d5394bf929a288ec7aa60cbc39c95632575702e619a703ba","name":"2025-11-18 RAA sp\u00e9cial Arr\u00eat\u00e9 modificatif n\u00b06 CSAD novembre 2025"},{"date":"2025-11-18","first_seen_on":"2025-11-18T13:19:20+00:00","id":"88b8986c1ff646921b68f16a6ec59303f646385a73582c893ddc4fb1a64c3ba1","name":"2025-11-18 RAA sp\u00e9cial Arr\u00eat\u00e9 portant mise en oeuvre du droit de d\u00e9rogation reconnu au pr\u00e9fet"},{"date":"2025-11-18","first_seen_on":"2025-11-18T13:18:56+00:00","id":"bc5075a772675d75224f02a34774487c4a1a0f466fb8582acb6cd3c49d039c3a","name":"2025-11-18 RAA sp\u00e9cial nominatif ARR\u00caT\u00c9 modificatif n\u00b07 de la liste des conseillers du salari\u00e9-2"},{"date":"2025-11-18","first_seen_on":"2025-11-18T13:18:19+00:00","id":"9f403720ea718e178b0e3f82d4020ebc8cdc765babf40ad51c57bc4ca1f9bf6d","name":"2025-11-18 RAA sp\u00e9cial nominatif ARR\u00caT\u00c9 DEROGATION REPOS DOMINICAL DCI"},{"date":"2025-11-18","first_seen_on":"2025-11-18T11:16:09+00:00","id":"e78706dfc4cf8cccfff43cdfac370160bae4d245b260eca577e29734bfbebd79","name":"2025-11-18 RAA sp\u00e9cial arr\u00eat\u00e9 A10 2025 11 10 -26"},{"date":"2025-11-18","first_seen_on":"2025-11-18T09:21:27+00:00","id":"846e6c35d94c464347aba3e16b60666c40e8e15f57f9ea81fa9452a5dfb57650","name":"2025-11-18 RAA sp\u00e9cial Arr\u00e9t\u00e9 n\u00b0 DECAT-BE-25-35 EP ZAE Haute Limoug\u00e8re"},{"date":"2025-11-18","first_seen_on":"2025-11-18T09:21:21+00:00","id":"5423d2cc6b6cf21e912cc0855d0a815e9be722cc4bde3e9af0a84dd4c09d29d2","name":"2025-11-18 RAA sp\u00e9cial Arr\u00e9t\u00e9  n\u00b0 DECAT-BE-25-34 \u00e9tudes topographiques et bathym\u00e9triques"},{"date":"2025-11-18","first_seen_on":"2025-11-18T09:21:14+00:00","id":"1c5e8f162c36f5e602a850cbce15f941347477e4e51688b94c8a3c0589c27d65","name":"2025-11-18 RAA sp\u00e9cial Arr\u00e9t\u00e9 n\u00b0 DECAT-BE-25-33 d\u00e9clarant la cessibilit\u00e9 secteur \u00ab Vigne des Bodins \u00bb"},{"date":"2025-11-18","first_seen_on":"2025-11-18T09:21:08+00:00","id":"a3edcc6a6e16ab3f953d18b0fb8989b395e46cbde2fd026ba67353d16171c218","name":"2025-11-18 RAA sp\u00e9cial Arr\u00eat\u00e9 portant r\u00e9quisition immeuble Louis Mirault"},{"date":"2025-11-17","first_seen_on":"2025-11-17T17:26:30+00:00","id":"0d4c17d0dfbb3b65a6af1b5630ecbd9a1a6caeb1295f2315c3e71e563307ae49","name":"2025-11-17 RAA sp\u00e9cial ARR\u00caT\u00c9 portant autorisation d\u2019appel \u00e0 la g\u00e9n\u00e9rosit\u00e9 publique pour un fonds de dotation"},{"date":"2025-11-17","first_seen_on":"2025-11-17T17:25:52+00:00","id":"77bcd008b4deadbcc471b3c03a6386cffc2fd169c394de4e60400bb3a5997b0e","name":"2025-11-17 RAA sp\u00e9cial ARR\u00caT\u00c9 PR\u00c9FECTORAL portant suspension d\u2019un fonds de dotation"},{"date":"2025-11-17","first_seen_on":"2025-11-17T17:25:16+00:00","id":"920c28725b763474d5ad5d991508c4f319ee92faaf8964d2c039255368e189a6","name":"2025-11-17 RAA sp\u00e9cial nominatif ARR\u00caT\u00c9 ordonnant l'organisation d\u2019op\u00e9rations administratives de destruction de sangliers sur la commune de SAINT-A..."},{"date":"2025-11-17","first_seen_on":"2025-11-17T15:20:37+00:00","id":"1d75e0901b60cf3bea740f6da3090a588a6999ac257cdb3a2ac3af78d27b6202","name":"2025-11-17 RAA sp\u00e9cial Arr\u00eat\u00e9 portant au renouvellement  d'un syst\u00e8me de vid\u00e9osurveillance \u00e9tablissement AJP"},{"date":"2025-11-17","first_seen_on":"2025-11-17T13:17:06+00:00","id":"66fdfa13b4129d61c3ea049bf9991c11643b0ee194f0a18b9784238e13aa69db","name":"2025-11-17 RAA sp\u00e9cial Arr\u00eat\u00e9 portant au renouvellemnt d'un syst\u00e8me de vid\u00e9o surveillance 4"},{"date":"2025-11-17","first_seen_on":"2025-11-17T11:35:07+00:00","id":"cff0a95e32296046817eb024466b07cd1ecc3530d69a077cf3d9037a800df3d2","name":"2025-11-17 RAA sp\u00e9cial ARR\u00caT\u00c9 N\u00b0 DECAT-BE-25-32  ouverture enqu\u00eate parcellaire compl\u00e9mentaire en vue de la r\u00e9alisation du projet dit \u00ab Lignes2tram..."},{"date":"2025-11-17","first_seen_on":"2025-11-17T11:34:08+00:00","id":"68cbae82787cd70c1362088ad7287280b5f4e67b517f54230c2141c603dfbd3c","name":"2025-11-17 RAA sp\u00e9cial Arr\u00eat\u00e9 n\u00b0 DECAT-BE-25-29 du 10 octobre 2025 prescrivant une amende administrative"},{"date":"2025-11-17","first_seen_on":"2025-11-17T11:30:40+00:00","id":"058cab323e9faa16d1fe83795ffae3f527b1bdc2d38cb98cb6dfe46621d0cdd2","name":"2025-11-17 RAA sp\u00e9cial Arr\u00eat\u00e9 portant au renouvellemnt d'un syst\u00e8me de vid\u00e9o surveillance 3"},{"date":"2025-11-17","first_seen_on":"2025-11-17T11:20:31+00:00","id":"378f87f0a316fb53358b2307902b8194cc3d1a8f237b9cc5e53868a30be7251c","name":"2025-11-17 RAA sp\u00e9cial Arr\u00eat\u00e9 portant au renouvellemnt d'un syst\u00e8me de vid\u00e9o surveillance 2"},{"date":"2025-11-17","first_seen_on":"2025-11-17T11:15:20+00:00","id":"2e6be8ce6512e318b82c90acb981bc57a2c1211a69ad2f6454525408b1aa20f8","name":"2025-11-14 RAA sp\u00e9cial Arr\u00eat\u00e9 portant au renouvellemnt d'un syst\u00e8me de vid\u00e9o surveillance 1"},{"date":"2025-11-14","first_seen_on":"2025-11-14T15:32:01+00:00","id":"60e37f5ff0b359cf12bbcbe67950d6de116a7686b776109a44a1e1d996aa3e8e","name":"2025-11-14 RAA sp\u00e9cial nominatif ARR\u00caT\u00c9 ordonnant l'organisation d\u2019une op\u00e9ration administrative de destruction de blaireaux sur la commune d\u2019AZAY-S..."},{"date":"2025-11-14","first_seen_on":"2025-11-14T09:16:14+00:00","id":"4ed15c973dbc0546cbc03c481b1285e4d5bfc1ea76502c6759aa1dbae94353fe","name":"recueil-37-2025-11027-autorisation_bapteme_tracteurs_ferme_expo"},{"date":"2025-11-14","first_seen_on":"2025-11-14T09:16:08+00:00","id":"281b265f2e7185438963ec595e6d1ee355238ef97892c2eb21e94be93a438661","name":"2025-11-14 RAA sp\u00e9cial nominatif ARR\u00caT\u00c9 ordonnant l'organisation d\u2019une battue administrative de destruction de sangliers sur la commune de LA-CHAPE..."},{"date":"2025-11-13","first_seen_on":"2025-11-13T09:18:37+00:00","id":"2fc637e78b0458559abf22ff2c8cad23df687479d9a436dd8e984473fafe82ae","name":"2025-11-13 RAA sp\u00e9cial DECISION N\u00b0 2025-39 d\u00e9l\u00e9gation signature AMA M\u00e9d B-1"},{"date":"2025-11-13","first_seen_on":"2025-11-13T09:18:14+00:00","id":"3317fcdd5f25368b9b12364faa4b78c57f5bf94e2f975b8e64e06025ace68dad","name":"2025-11-13 RAA sp\u00e9cial arr\u00eat\u00e9 modifiant les postes \u00e9ligibles au titre des 6\u00e8me et 7\u00e8me tranches de la nouvelle bonification indiciaire pour la DDT.pdf"},{"date":"2025-11-07","first_seen_on":"2025-11-07T11:26:05+00:00","id":"64aef1197f42276ba5e1798b39eb39a13a0e6562d8e41da67623409a51029787","name":"20251107 - RAA sp\u00e9cial - interdiction temporaire vente transport utilisation produits dangereux"},{"date":"2025-11-07","first_seen_on":"2025-11-07T11:24:54+00:00","id":"248639dffc74a87104ded764e4bca5576a984ebca2c5ec70451f1dc4d6146334","name":"20251107 - RAA sp\u00e9cial - interdiction temporaire de rassemblements festifs et de transport de mat\u00e9riel de son"},{"date":"2025-11-07","first_seen_on":"2025-11-07T11:19:36+00:00","id":"eff1ab98375d61fd52b64c1d02823b85b621d66c89502a037f4d1a819fecd9d9","name":"2025-11-07 RAA sp\u00e9cial ARR\u00caT\u00c9 portant arr\u00eat du document cadre r\u00e9dig\u00e9 en application de l\u2019article l.111-29 du Code de l\u2019urbanisme"},{"date":"2025-11-07","first_seen_on":"2025-11-07T11:18:49+00:00","id":"9e5d355afa375d04031ad4549a1386bf38c58b1ba169588a89ae2d6874832cfb","name":"2025-11-07 RAA sp\u00e9cial Arr\u00eat\u00e9 armes par destination"},{"date":"2025-11-06","first_seen_on":"2025-11-06T17:23:53+00:00","id":"e5f737f989eb1c450464ad2632d039aabec0b66348690e43408ba9ba6ab53bb1","name":"2025-11-06 RAA sp\u00e9cial ARRETE n 2025-DD37-CODAMUPSTS-0017_PROROG_CODA"},{"date":"2025-11-06","first_seen_on":"2025-11-06T17:23:01+00:00","id":"23a1fb59fae0f1084a1e132dfba64c34258cfcf1c4eefef7addb012564eca5b9","name":"2025-11-06 RAA sp\u00e9cial Arr\u00eat\u00e9_DD37_PPSMS_0043-prorogation CODAMUPS-TS 31 d\u00e9cembre 2025"},{"date":"2025-11-06","first_seen_on":"2025-11-06T15:20:55+00:00","id":"04d014f2cf6c97c16053666d10d5ad9827dfc93c503eeba751171b682eea85a7","name":"2025-11-06 RAA sp\u00e9cial Arr\u00eat\u00e9 A10 2025 10 27 23-1"},{"date":"2025-11-06","first_seen_on":"2025-11-06T15:20:09+00:00","id":"d4f98644708a910c48a4ec6e19ebd2b0bfe0ed465a4e8b7b39ea2c7eee2c9cc1","name":"2025-11-06 RAA sp\u00e9cial Arr\u00eat\u00e9 A10 2025 11 05 - 25"},{"date":"2025-11-06","first_seen_on":"2025-11-06T15:19:33+00:00","id":"f1de5301181c63eb342b4abdb2e99dbb025e4e0820a997dd84be18212661c1d6","name":"2025-11-06 RAA sp\u00e9cial Arr\u00eat\u00e9 pr\u00e9fectoral interdiction manifestation le 8 novembre 2025"},{"date":"2025-11-06","first_seen_on":"2025-11-06T09:16:23+00:00","id":"d1a7895b0d5c47de9f52d1f9beed704718bfb51d4242579229efa3bbfa035a50","name":"2025-11-06 RAA sp\u00e9cial AP Autorisation captation, enregistrement et transmission image du 8 novembre 25"},{"date":"2025-11-05","first_seen_on":"2025-11-05T11:19:10+00:00","id":"af14d8002e915ab1b8a0356cfd25237163f1046698d950a080b1c69f1d6ae1d3","name":"2025-11-05 RAA sp\u00e9cial ARR\u00caT\u00c9 modifiant l'arr\u00eat\u00e9 du 7 juillet 2025 portant composition et r\u00e9partition des voix au sein du comit\u00e9 local pour l'emplo..."},{"date":"2025-11-05","first_seen_on":"2025-11-05T11:18:33+00:00","id":"47b387e9710f985184d2b9a1ee52d44ec465686765b3901f14693b05227ea352","name":"2025-11-05 RAA sp\u00e9cial nominatif ARR\u00caT\u00c9 modifiant l'arr\u00eat\u00e9 du 7 juillet 2025 portant nomination au sein du comit\u00e9 local pour l'emploi de Chinon"},{"date":"2025-11-05","first_seen_on":"2025-11-05T09:17:58+00:00","id":"25dca90f8699c1c8bd6b035f45b81c2bef1c9de4e2555bb99422399cd54cf1a9","name":"2025-11-05 RAA sp\u00e9cial Suppl\u00e9ance de Monsieur le Pr\u00e9fet d\u2019Indre-et-Loire"},{"date":"2025-11-05","first_seen_on":"2025-11-05T09:17:53+00:00","id":"393c4ce03b8268afae286fed58f845243e21ce5fe583e168181c2252c71c44f9","name":"2025-11-05 RAA sp\u00e9cial D\u00e9cision de d\u00e9l\u00e9gation de signature AMA Chirurgie"},{"date":"2025-11-04","first_seen_on":"2025-11-04T13:16:31+00:00","id":"48e4199e6b0ecd4c64dda415cfa7947bbacd620780dda8f962c136b45665e18a","name":"2025-11-04 RAA sp\u00e9cial nominatif ABO ENERGY- Arr\u00eat\u00e9 d\u00e9rogation repos dominical"},{"date":"2025-11-03","first_seen_on":"2025-11-03T09:26:56+00:00","id":"35f4b5515cefd0b1b8e4ba593229384f79c08c5a4c4e8c654b55ee32061eb43b","name":"2025-11-03 RAA mensuel 2 Octobre 2025"},{"date":"2025-11-03","first_seen_on":"2025-11-03T09:24:51+00:00","id":"88a0080c15f8f8b746537fc587de63d47b289a72bfff6813832a7000df39393f","name":"2025-11-03 RAA mensuel 1 Octobre 2025"},{"date":"2025-11-03","first_seen_on":"2025-11-03T09:20:55+00:00","id":"d2d9b07df45efa06b86b1222cdfa1c4ed1b0f61c37b8ab6cd087716358bd8a8f","name":"2025-11-03 RAA mensuel nominatif 2 Octobre 2025"}],"total":1421}
