{"elements":[{"date":"2025-11-03","first_seen_on":"2025-11-03T09:19:05+00:00","id":"dbd7ad788c3a4b4dd060da0a87d19eae1da4caf9cdda8d9c5377210b88bf626c","name":"2025-11-03 RAA mensuel nominatif 1 Octobre 2025"},{"date":"2025-10-31","first_seen_on":"2025-10-31T15:32:27+00:00","id":"a11687191c4471443952e2e3474c69540a7207a3b157882a9ba1e89853a94175","name":"2025-10-31 RAA sp\u00e9cial AP interdiction temporaire vente - transport - utilisation produit chimique, inflammables ou explosifs + utilisation artific..."},{"date":"2025-10-31","first_seen_on":"2025-10-31T15:32:16+00:00","id":"f7ac83c0314cd04ba9cee4c5e57b897db0191bad5d3adc696dcd9c5c0c754daa","name":"2025-10-31 RAA sp\u00e9cial 20251030 AP de battue sangliers Neuill\u00e9 le Lierre Reugny 02 Novembre"},{"date":"2025-10-31","first_seen_on":"2025-10-31T11:18:16+00:00","id":"2ab75ae7d11ef71bebd4a04d04c57a1be20ffe286ef3cb151a74168ee285be5c","name":"31-10-2025-RAA-interdiction temporaire de vente, transport, utilisation de produits dangereux et pyrotechniques"},{"date":"2025-10-31","first_seen_on":"2025-10-31T11:18:08+00:00","id":"0f7cbf9b1019c067f1aa281c79246c8cd1b9a7e9ba5cbf763ae40d5b0e2a3b21","name":"2025-10-31 RAA sp\u00e9cial 20251029-AP interdiction transport son-20251029-AP interdiction temporaire rassemblements festifs 2."},{"date":"2025-10-31","first_seen_on":"2025-10-31T11:18:00+00:00","id":"6ecc995ff34c126d75cb4c10880a68f586f32b6b76c824b475fd8629253d8b4c","name":"2025-10-31 RAA sp\u00e9cial 20251029-AP interdiction transport son-20251029-AP interdiction temporaire rassemblements festifs"},{"date":"2025-10-30","first_seen_on":"2025-10-30T15:19:50+00:00","id":"428b129c9f6dbca6b1f6aaf437d2d80ad7fba03c75f0b409787beebe9fa8dbe4","name":"2025-10-30 RAA sp\u00e9cial D\u00e9cision de d\u00e9l\u00e9gation de signature du Centre Hospitalier Intercommunal d'Amboise"},{"date":"2025-10-29","first_seen_on":"2025-10-29T11:16:11+00:00","id":"97d179da1914f85649a95e658151304fa39bbd6b44ab6c656df35d6b37d94460","name":"2025-10-29 RAA sp\u00e9cial nominatif RETRAIT DE DECLARATION SERVICE A LA PERSONNE NEUVILLE Olivier, Cinq Mars La Pile"},{"date":"2025-10-29","first_seen_on":"2025-10-29T11:15:54+00:00","id":"9419c1c9c1bad285da62f92054d649cc856579e6879055602b8758a3e516e606","name":"2025-10-29 RAA sp\u00e9cial nominatif RETRAIT DE DECLARATION SERVICE A LA PERSONNE RICHERIOUX Aur\u00e9lien,Evres"},{"date":"2025-10-28","first_seen_on":"2025-10-28T15:15:55+00:00","id":"1c6db5dfa2dde00de384d3f7e0af758b722d4c713ae46283e1337ff5ef45419e","name":"2025-10-28 RAA sp\u00e9cial D\u00e9cision du 21 octobre 2025 pronon\u00e7ant le d\u00e9classement du domaine public ferroviaire d\u2019un terrain sis \u00e0 SAINT PIERRE DES COR..."},{"date":"2025-10-28","first_seen_on":"2025-10-28T09:15:06+00:00","id":"127ba495c8b5d4b186d1f7e2af97cba5e2f2f36f2b202f19eb69709c5a0f1780","name":"2025-10-28 RAA sp\u00e9cial AP de battue sangliers le 29 octobre \u00e0 Rill\u00e9"},{"date":"2025-10-26","first_seen_on":"2025-10-26T17:15:16+00:00","id":"bbfe932cef6ebe4e1fae22c56e0dd342deb5b7bd3cb228b1faea19171fd02b59","name":"2025-10-26- RAA sp\u00e9cial Arr\u00eat\u00e9 interdiction spectacle Dieudonn\u00e9"},{"date":"2025-10-24","first_seen_on":"2025-10-24T16:23:02+00:00","id":"82791ed8389d2356b3fd067b6a765c02730b2a8f30dd7936c050d808e52eb7be","name":"2025-10-24 RAA sp\u00e9cial ARR\u00caT\u00c9 N\u00b02025-DD37-PPSMS-0041 Relatif \u00e0 la composition du conseil territorial de sant\u00e9 de l\u2019Indre-et-Loire"},{"date":"2025-10-24","first_seen_on":"2025-10-24T10:19:59+00:00","id":"399cf4a8b040df82a1fe9258b38a1adeaf233d21f20e6f8171d325ab23e50656","name":"2025-10-24 RAA sp\u00e9cial Arr\u00eat\u00e9 interdiction rassemblement voie publique v\u00e9hicules terrestres"},{"date":"2025-10-24","first_seen_on":"2025-10-24T10:19:53+00:00","id":"e46aa72d30e4baafe6ab4ab3ba25fbebbf5dc76b6735e0de485330b39d34c7b6","name":"2025-10-24 RAA sp\u00e9cial Arr\u00eat\u00e9 approbation plan contr\u00f4le et surveillance ondes \u00e9lectromagn\u00e9tiques relatif ligne 90kV N\u00b01 LA GODINIERE-SORIGNY"},{"date":"2025-10-24","first_seen_on":"2025-10-24T10:19:39+00:00","id":"7c9bd49115d8dce0864e9eba8cfdce607d8980b61f71422d4638de687a0c4ddb","name":"2025-10-22 RAA sp\u00e9cial nominatif Arr\u00eat\u00e9 d\u00e9rogation repos dominical"},{"date":"2025-10-23","first_seen_on":"2025-10-23T10:15:45+00:00","id":"66e5c1d8b87f4efb426a087a798b2ddd76412802478124f154164b0c471b5289","name":"2025-10-23 RAA sp\u00e9cial arr\u00eat\u00e9 d'habilitation du cabinet MALL & MARKET \u00e0 effectuer des certificats de conformit\u00e9"},{"date":"2025-10-22","first_seen_on":"2025-10-22T14:18:26+00:00","id":"9181fd5d5eac9146a8f5f257a6166d90e0c77bfcf59f979264e622bbc15ad278","name":"2025-10-22 RAA sp\u00e9cial nominatif Arr\u00eat\u00e9 d\u00e9rogation repos dominical"},{"date":"2025-10-22","first_seen_on":"2025-10-22T14:18:07+00:00","id":"c260cf84bf1a514f14c3e5fec235a0b02c7c54a2266184955056ccaa93531124","name":"2025-10-22 RAA sp\u00e9cial Arr\u00eat\u00e9 composition formation sp\u00e9cialis\u00e9e mati\u00e8re sant\u00e9, s\u00e9curit\u00e9, conditions travail comit\u00e9 social d'administration d\u00e9partem..."},{"date":"2025-10-22","first_seen_on":"2025-10-22T12:21:13+00:00","id":"73cf0e4dbb999e191ae03e88a70068ac263a5b740be3227455843b3590a8c17e","name":"2025-10-22 RAA sp\u00e9cial ANNULE et REMPLANCE Arr\u00eat\u00e9 portant d\u00e9l\u00e9gation de signature n\u00b037-2025-10047"},{"date":"2025-10-21","first_seen_on":"2025-10-21T14:17:26+00:00","id":"43ae3424a128d31e682a7dcbac7ee47b329286b3026e4a53931e24183898826c","name":"2025-10-21 RAA sp\u00e9cial Arr\u00eat\u00e9 D\u00e9l\u00e9gation de signature Madame Pauline LAZIER Pauline - CHRU de Tours et Directions Communes"},{"date":"2025-10-21","first_seen_on":"2025-10-21T14:17:20+00:00","id":"ffbf3f598cc19f2cbb010f85abf5bc6540c2dda8fc0efbcbae915c191cfb14a1","name":"2025-10-21 RAA sp\u00e9cial Arr\u00eat\u00e9 D\u00e9l\u00e9gation de signature Monsieur Yann LE FLOCH - CHRU de Tours"},{"date":"2025-10-21","first_seen_on":"2025-10-21T14:17:15+00:00","id":"31e13500ed9b8609c6ba3f61854dc25c4b56ba84b65d26b5cc4e64f62a522536","name":"2025-10-21 RAA sp\u00e9cial Arr\u00eat\u00e9 D\u00e9l\u00e9gation de signature Madame Murielle MARCHENOIR - CHRU de Tours"},{"date":"2025-10-21","first_seen_on":"2025-10-21T10:14:46+00:00","id":"86f057da1cb756d24caf1df6c3e9a2805238417e532cb14de023171b1e94694f","name":"2025-10-21 RAA sp\u00e9cial Arr\u00eat\u00e9 portant d\u00e9rogation p\u00e9riodicit\u00e9 hebdomadaire collecte ordures m\u00e9nag\u00e8res r\u00e9siduelles commune Notre-Dame-d'O\u00e9"},{"date":"2025-10-20","first_seen_on":"2025-10-20T14:14:45+00:00","id":"7b59e3e7364e7ac93840c21fc81b13fcf80db5ab678f0aca4c9c862319dd0882","name":"2025-10-20 RAA sp\u00e9cial Arr\u00eat\u00e9 tarifs 2025 Hebergement Sauvegarde37"},{"date":"2025-10-20","first_seen_on":"2025-10-20T12:16:03+00:00","id":"8d2935e448baa157abff3f83e8333821b6f63bdf3018e715bf8ab6e828d51dd9","name":"2025-10-20 RAA sp\u00e9cial Arr\u00eat\u00e9 portant d\u00e9l\u00e9gation de signature Annule et remplace l\u2019arr\u00eat\u00e9 n\u00b037-2025-08-01-00003 publi\u00e9 le 04 ao\u00fbt 2025"},{"date":"2025-10-20","first_seen_on":"2025-10-20T12:15:55+00:00","id":"bb9914cbf7c6ac6273698f8369005482a7435360fad36ca66f354c4b990558aa","name":"2025-10-20 RAA sp\u00e9cial ARR\u00caT\u00c9 N\u00b0 A10 2025 10 17 22 Portant r\u00e9glementation de la circulation routi\u00e8re sur l\u2019autoroute A10 Par la r\u00e9alisation d\u2019un ra..."},{"date":"2025-10-16","first_seen_on":"2025-10-16T10:17:32+00:00","id":"fa0817eab01247dcde549a1eac17c6f135c48169619e8b98deced75fec8bbe82","name":"2025-10-16 RAA sp\u00e9cial Avis de la commission d\u00e9partementale d'am\u00e9nagement commercial"},{"date":"2025-10-15","first_seen_on":"2025-10-15T12:18:49+00:00","id":"113ad367c01fc82ae80656c2e7afdb198c591e2bb70fd96b21961d95afc75b0b","name":"2025-10-15 RAA sp\u00e9cial Arr\u00eat\u00e9 de subd\u00e9l\u00e9gation SGCD"},{"date":"2025-10-15","first_seen_on":"2025-10-15T12:18:43+00:00","id":"476ded7332cfb3abbaed827ed94c523241e3b44ffecc55fd4424916f64db3f63","name":"2025-10-15 RAA sp\u00e9cial Arr\u00eat\u00e9 n\u00b005-2025 cam\u00e9ras individuelles  Police Municipale de SPDC"},{"date":"2025-10-15","first_seen_on":"2025-10-15T12:18:37+00:00","id":"2076e5823a7a0860ed4cf7e7ebab1da05bce966815e684de15b44a1f309a63fe","name":"2025-10-15 RAA sp\u00e9cial Arr\u00eat\u00e9 n\u00b004-2025  ST BRANCHS cam\u00e9ras individuelles  Police Municipale"},{"date":"2025-10-15","first_seen_on":"2025-10-15T12:18:27+00:00","id":"1760b2752b3644dbbd7344ea8c9297ee0a1775330879bded90cc5d440a65832e","name":"2025-10-15 RAA sp\u00e9cial Arr\u00eat\u00e9 n\u00b003-2025 cam\u00e9ras individuelles Police Municipale de LA RICHE"},{"date":"2025-10-15","first_seen_on":"2025-10-15T08:15:59+00:00","id":"8c46407f2e780669dbedac461a6267096a7666166e97011338bbea7cf2fb009a","name":"2025-10-15 RAA sp\u00e9cial Arr\u00eat\u00e9 abrogation Tours Sanitas"},{"date":"2025-10-15","first_seen_on":"2025-10-15T08:15:51+00:00","id":"a87367380fd4759ffadacdd88e9ae93c19b3995ef7d00688b45110f8724e9156","name":"2025-10-15 RAA sp\u00e9cial Arr\u00eat\u00e9 abrogation Tours Centre"},{"date":"2025-10-15","first_seen_on":"2025-10-15T08:15:43+00:00","id":"db32bb590fece4b70f9ce486ca0de8d068e31222ad9d1c13c8a19fa7812df70d","name":"2025-10-15 RAA sp\u00e9cial Arr\u00eat\u00e9 abrogation Saint Pierres des Corps"},{"date":"2025-10-15","first_seen_on":"2025-10-15T08:15:35+00:00","id":"004be3ddf845e0e85b796ee85a20951ecb9019455089525980d2e3f6d4cfa761","name":"2025-10-15 RAA sp\u00e9cial Arr\u00eat\u00e9 abrogation Jou\u00e9 l\u00e8s Tours"},{"date":"2025-10-14","first_seen_on":"2025-10-14T12:21:54+00:00","id":"e72ca9186c595774f47e74b4c165bd2438a435d817236e7aa0bb4ef6d51772cf","name":"2025-10-14 RAA sp\u00e9cial Arr\u00eat\u00e9 EP PC Grande Lande Villiers-au-Bouin"},{"date":"2025-10-14","first_seen_on":"2025-10-14T12:21:18+00:00","id":"28268e61fbe58d05297f24813da6bdf68cbb867f8be5b1fd7fc7d51904085a4f","name":"2025-10-14 RAA sp\u00e9cial Arr\u00eat\u00e9 composition CDAS 13 10 2025"},{"date":"2025-10-14","first_seen_on":"2025-10-14T12:20:30+00:00","id":"daae5a6bae3b56611a89c5a10a6253125d329dcbc56554f8ac0a5d4d80821e66","name":"2025-10-14 RAA sp\u00e9cial Arr\u00eat\u00e9 composition CDAS 02 09 2025"},{"date":"2025-10-14","first_seen_on":"2025-10-14T12:20:11+00:00","id":"5a6512e064e7e74fcd4a4fdaa61737f54d36f8a2acca621396dad314f3004611","name":"2025-10-14 RAA sp\u00e9cial d\u00e9cision de subd\u00e9l\u00e9gation de signature en mati\u00e8re d'ordonnancement secondaire de Mme RABIN"},{"date":"2025-10-13","first_seen_on":"2025-10-13T08:17:38+00:00","id":"31ba76652b163b54b8aa3fb08cfdab2492b99910dcaf4036c0825db92c57ce47","name":"2025-10-13 RAA sp\u00e9cial ARR\u00caT\u00c9 autorisation captation, enregistrement et transmission image Jou\u00e9-l\u00e8s-Tours"},{"date":"2025-10-13","first_seen_on":"2025-10-13T08:17:28+00:00","id":"57baf180864e81a9443a02735d742be368d54d066afa99d0f751eec002b61a61","name":"2025-10-13 RAA sp\u00e9cial ARR\u00caT\u00c9 autorisation captation, enregistrement et transmission image SPDC"},{"date":"2025-10-13","first_seen_on":"2025-10-13T08:17:16+00:00","id":"cf1ef5c0ba8d84d504f0ea68dd0e1ff5bb2d3e56a3f0c81c2464d4adbc903d3f","name":"2025-10-13 RAA sp\u00e9cial ARR\u00caT\u00c9 autorisation captation, enregistrement et transmission image Tours Sanitas"},{"date":"2025-10-13","first_seen_on":"2025-10-13T08:17:05+00:00","id":"e69777fec7fb6c7844bd597d76eb2b0b60111b1ddcc131b99de7d8da3b610ae9","name":"2025-10-13 RAA sp\u00e9cial AP Autorisation du 10 octobre au 7 novembre 25"},{"date":"2025-10-13","first_seen_on":"2025-10-13T08:16:56+00:00","id":"b56f0eafdfae92aee459df39705d97fdca59eb211cdb368680d975215b54f456","name":"2025-10-13 RAA sp\u00e9cial AP d\u00e9cision portant d\u00e9l\u00e9gations sp\u00e9ciales de signature pour les missions rattach\u00e9es"},{"date":"2025-10-13","first_seen_on":"2025-10-13T08:16:43+00:00","id":"805ba60db18f570e61c9e1d7c5b60ab2abefaec253d37292ce4b9373aeae7149","name":"2025-10-13 RAA sp\u00e9cial AP d\u00e9cision portant d\u00e9l\u00e9gations sp\u00e9ciales de signature pour le P\u00f4le gestion publique"},{"date":"2025-10-10","first_seen_on":"2025-10-10T14:26:19+00:00","id":"36a9b54e528a5eb528a7d341e0b21bacf7b630899d92ed20af712b320b235bb6","name":"2025-10-10 RAA sp\u00e9cial AP nomination des membres du CDJSVA"},{"date":"2025-10-10","first_seen_on":"2025-10-10T14:26:10+00:00","id":"5c3108d2f1d0ceb06b3bd49b138d1203e114ddcb1e9566461b9ac28eb76c3375","name":"20251010_RAA_AP interdiction temporaire de rassemblements festifs"},{"date":"2025-10-10","first_seen_on":"2025-10-10T14:26:01+00:00","id":"106e8711cb622dc606f8864a5911de13550e3efa04c0b0c1c768ca2d142fd1d8","name":"20251010_RAA_AP interdiction transport de mat\u00e9riels de son"},{"date":"2025-10-09","first_seen_on":"2025-10-09T14:19:34+00:00","id":"42fe7d826918b5bb4466af5246b6a200a02119ce6b1f60c820fd4970272b5055","name":"2025-10-09 RAA sp\u00e9cial Arr\u00eat\u00e9 de d\u00e9l\u00e9gation de signature Ordonnance Secondaire DDETS"}],"total":1421}
