{"elements":[{"date":"2025-10-09","first_seen_on":"2025-10-09T10:18:45+00:00","id":"6ef96d7a743ef92c39a0aaeea2771abfe762e2dc5b61cf94a445f07c65dd81a2","name":"2025-10-09 RAA sp\u00e9cial Date cdac LECLERC \u00e0 Fondettes"},{"date":"2025-10-08","first_seen_on":"2025-10-08T14:21:38+00:00","id":"2aad9006b1b9ee13a7b56a29ef0f74adc056a7cb53ab2919c6048570fbb506ee","name":"2025-10-08 RAA sp\u00e9cial Ordonnace ssecondaire SG - Mme GOUACHE"},{"date":"2025-10-08","first_seen_on":"2025-10-08T14:21:18+00:00","id":"16f9c9a0688244cec56e87a84f2912495c32014603a690f9e7c959aa01e05e74","name":"2025-10-08 RAA sp\u00e9cial Arr\u00eat\u00e9 d\u00e9l\u00e9gation signature Sous Pr\u00e9fete Chinon"},{"date":"2025-10-08","first_seen_on":"2025-10-08T14:21:00+00:00","id":"871bcdb6cad87d7bc3e4c760e482010e2d608d3c1c96c9735d26bb6b82ae7974","name":"2025-10-08 RAA sp\u00e9cial Arr\u00eat\u00e9 d\u00e9l\u00e9gation signature Sous Pr\u00e9fet Loche"},{"date":"2025-10-08","first_seen_on":"2025-10-08T14:20:46+00:00","id":"97bc190b3c322e8882d52509833010178a7fad7ff0c1cb23eec214ab448a2ff2","name":"2025-10-08 RAA sp\u00e9cial Arr\u00eat\u00e9 d\u00e9l\u00e9gation signature Directeur de cabinet"},{"date":"2025-10-08","first_seen_on":"2025-10-08T14:20:33+00:00","id":"d29199bdbe83eb0ba65736be5dd24c3719c424f3f80a4043d8f2e4c3c29d8f77","name":"2025-10-08 RAA sp\u00e9cial Arr\u00eat\u00e9 d\u00e9l\u00e9gation signature Secr\u00e9taire G\u00e9n\u00e9rale Adjointe"},{"date":"2025-10-08","first_seen_on":"2025-10-08T14:20:20+00:00","id":"310f8e49e3a8d7e7b6f77d3ceb11226c908b9e94ab52d5aa9da25f981042a3ec","name":"2025-10-08 RAA sp\u00e9cial Arr\u00eat\u00e9 d\u00e9l\u00e9gation signature Secr\u00e9taire G\u00e9n\u00e9rale"},{"date":"2025-10-08","first_seen_on":"2025-10-08T12:16:43+00:00","id":"de3c7e68b876b8ea55931a1e3c17537ff15b0ba9fc5518dafbad6d6fea871e84","name":"2025-10-08 RAA sp\u00e9cial Autorisation signature Amelie PREVEL- Fr\u00e9d\u00e9rique GIBERTINI"},{"date":"2025-10-08","first_seen_on":"2025-10-08T08:17:17+00:00","id":"4ad1b2f6fdcc87cf24acc91dacca7034051a339aa6c7ae14226fd89e07116a20","name":"2025-10-08 RAA sp\u00e9cial D\u00e9cision relative \u00e0 la localisation et \u00e0 la d\u00e9limitation des unit\u00e9s de contr\u00f4le et des sections d'inspection du travail"},{"date":"2025-10-08","first_seen_on":"2025-10-08T08:17:02+00:00","id":"f4996e0f7b9b4aa0c5459307938adcd9745fac2b296fc2d310efb71aec329899","name":"2025-10-08 RAA sp\u00e9cial D\u00e9cision portant affectation des agents de contr\u00f4le dans les unit\u00e9s de contr\u00f4le et gestion des int\u00e9rims"},{"date":"2025-10-08","first_seen_on":"2025-10-08T08:16:55+00:00","id":"6651a20404d047eae9b5814a0dcb12df084d598ea9bc6f5f8eb4454d235946a5","name":"2025-10-07 RAA sp\u00e9cial la date de la CDAC du 9 octobre 2025.pdf"},{"date":"2025-10-08","first_seen_on":"2025-10-08T08:16:41+00:00","id":"919e0a322112304ae8375d4dd73629bc5bcce11bce3e3f87f58ab2c725c4fd9b","name":"2025-10-07 RAA sp\u00e9cial D\u00e9cision subd\u00e9l\u00e9gation signature en mati\u00e8re de comp\u00e9tences de Mme Guillemette RABIN-DDETS37"},{"date":"2025-10-08","first_seen_on":"2025-10-08T08:16:27+00:00","id":"3f723d4f4d7048cc0488910b80a0670baceca92cb3fbae1070d040303fc02cb4","name":"2025-10-07 RAA sp\u00e9cial arr\u00eat\u00e9 relatif \u00e0 l'approbation du Plan D\u00e9partemental de l'Habitat et de l'H\u00e9bergement 2025-2030"},{"date":"2025-10-06","first_seen_on":"2025-10-06T08:15:52+00:00","id":"c21d81abb21ceccf544a93d305b5e75df88ea7b064ea5478358f69114c9d4359","name":"2025-10-06 RAA sp\u00e9cial AP n\u00b02025_01 PP changement titulaire forages-CCLST"},{"date":"2025-10-06","first_seen_on":"2025-10-06T08:15:12+00:00","id":"2e0903e38736ae2b4f02440615a3f51351d69a0594806b43e6880fb4590ff349","name":"2025-10-06 RAA sp\u00e9cial Arr\u00eat\u00e9 d\u00e9rogation VTH Condition ressource  attribution logement socal"},{"date":"2025-10-03","first_seen_on":"2025-10-03T12:16:42+00:00","id":"21c7fcffc1b8242c9f8f2123e2f5a6930317b4a7532cf39d555dc31cf0c18b93","name":"20251003 - RAA sp\u00e9cial - interdiction temporaire de rassemblements festifs et de transport de mat\u00e9riel de son"},{"date":"2025-10-03","first_seen_on":"2025-10-03T10:16:03+00:00","id":"a442d8dae1408ff8543447c749fc361bdfe82cc14e2303fa769808c10d99f044","name":"recueil-37-2025-10005-autorisation_rando_historique_poitou"},{"date":"2025-10-02","first_seen_on":"2025-10-02T16:21:39+00:00","id":"e6f45f6b195a13468695f009c474702309fc7815076f877e253581f436640f51","name":"2025-10-02 RAA sp\u00e9cial 2025 10 02_AP autorisation utilisation cam\u00e9ra sur h\u00e9licopt\u00e8re_RAA"},{"date":"2025-10-02","first_seen_on":"2025-10-02T16:21:29+00:00","id":"13a7d8fd2192375394b8f443d51d101f3d5105910562c3a21e05681b638fa8e1","name":"2025-10-02 RAA sp\u00e9cial arrete subdelegation DREAL.pdf"},{"date":"2025-10-01","first_seen_on":"2025-10-01T10:19:45+00:00","id":"dd4752d907c4f97bfa71b8e6f086a501848173712350b5ea6f604e9a19be61e2","name":"2025-09-30 RAA special interdiction temporaire de la vente et de l\u2019utilisation d\u2019artifices de divertissement"},{"date":"2025-10-01","first_seen_on":"2025-10-01T10:19:39+00:00","id":"6637f0742abf0fa9822eb1d1e4c9ad009a3628a4296814afa14967a2e9e9453d","name":"2025-09-30 RAA sp\u00e9cial interdiction temporaire vente transport utilisation produits chimiques inflammables explosifs"},{"date":"2025-09-30","first_seen_on":"2025-09-30T16:29:36+00:00","id":"973daaedf6a7e2ab689d18aaf4c63e238e2dc4380d35326feec7c99f3481edc3","name":"2025-09-30 RAA mensuel Septembre 2025"},{"date":"2025-09-30","first_seen_on":"2025-09-30T16:25:28+00:00","id":"697001a3df64790e608e4b844aba8824b3e6672f2e576145a92818eea2d36fa5","name":"2025-09-30 RAA sp\u00e9cial AP portant limitation ou suspension temporaire des usages de l\u2019eau du d\u00e9partement"},{"date":"2025-09-30","first_seen_on":"2025-09-30T14:21:19+00:00","id":"01484e21dc655ef0a2baa40a2f360f363581aa0c2fd95c882cdde17556643adc","name":"2025-09-30 RAA sp\u00e9cial nominatif ARR\u00caT\u00c9 ordonnant l\u2019organisation d\u2019une battue administrative de destruction de sangliers sur les communes de VERNOU..."},{"date":"2025-09-30","first_seen_on":"2025-09-30T14:21:13+00:00","id":"e66abac5814a55f335072973eb28247c23f0ba71a2f632e838fdff8b79cf8ed7","name":"2025-09-30 RAA sp\u00e9cial nominatif  ARR\u00caT\u00c9 ordonnant l\u2019organisation d\u2019op\u00e9ration de pi\u00e9geage de destruction de sangliers sur la commune de MONTS"},{"date":"2025-09-30","first_seen_on":"2025-09-30T08:19:29+00:00","id":"2657d0a2e86b33e1a382af0acb432080a683c2ee4a0da52977fa7c760e93b489","name":"2025-09-30 RAA sp\u00e9cial Arr\u00eat\u00e9 prescription r\u00e9vision plan sauvegarde et d\u00e9l\u00e9gation proc\u00e9dure de r\u00e9vision \u00e0 la CC Val Amboise"},{"date":"2025-09-29","first_seen_on":"2025-09-29T14:26:25+00:00","id":"e208e96e8623af309f1d10423149d0148879fe6ac8e528d0b17dc75889b0ccb5","name":"2025-09-29 RAA sp\u00e9cial RAA Arr\u00eat\u00e9 d\u00e9l\u00e9gation signature SPF-E d\u2019Indre-et-Loire"},{"date":"2025-09-29","first_seen_on":"2025-09-29T14:24:37+00:00","id":"2cff0ed6f02c1b19c054185f31fbbe3e6b574ddab3a7ce1cdb60460aa76490f9","name":"2025-09-29 RAA sp\u00e9cial RAA Arr\u00eat\u00e9 Armes par destination 2 octobre"},{"date":"2025-09-29","first_seen_on":"2025-09-29T14:23:31+00:00","id":"0816b512781b8799f29f50d15d5ddf2afe28c56ffd12b7c3f64abf6dd1f4f135","name":"2025-09-29 RAA sp\u00e9cial AP Manifestations 2 octobre 2025"},{"date":"2025-09-29","first_seen_on":"2025-09-29T14:20:46+00:00","id":"9254462632cb8a15b563c5b07b000cd58e124482ca2077c5496e80861125ff7f","name":"2025-09-29 RAA sp\u00e9cial AP ouverture consultation public autorisation"},{"date":"2025-09-29","first_seen_on":"2025-09-29T08:15:17+00:00","id":"c5ab271f2be1b900de844a44326a063185b400f0210e54392eb2c725bdf40c87","name":"recueil-37-2025-09112-autorisation-rallython-et-cf_des_regions_trial"},{"date":"2025-09-26","first_seen_on":"2025-09-26T14:26:19+00:00","id":"44b5f251ce14d0ec911157f585610a4da9212ac6e33559796e44668993482a2a","name":"2025-09-26 RAA sp\u00e9cial D\u00e9l\u00e9gation de signature - Madame Pauline LAZIER- CHRU de Tours"},{"date":"2025-09-26","first_seen_on":"2025-09-26T14:26:02+00:00","id":"eefaf2cdffcadc5e2346d3cdd98a8ffe8124102674d295ad8eaaf6afe50fea7f","name":"2025-09-26 RAA sp\u00e9cial Arr\u00eat\u00e9 d\u00e9l\u00e9gation de signature de Mme Elsa LIVONNET ARS.pdf"},{"date":"2025-09-26","first_seen_on":"2025-09-26T14:25:53+00:00","id":"5566a8ed18e97df87c181aad02f8c9ef3d5d445c68574b1239bc8c6a9296a71d","name":"2025-09-26 RAA sp\u00e9cial Arr\u00eat\u00e9 Avenant Arr\u00eat\u00e9 A10 A28"},{"date":"2025-09-26","first_seen_on":"2025-09-26T14:25:33+00:00","id":"49f2ced734b29c606d150d162c1b22bdf7a3fac990f32dacee0ec94a8d9533a7","name":"2025-09-26 RAA sp\u00e9cial Arr\u00eat\u00e9 d\u00e9l\u00e9gation de signature de M. Fr\u00e9d\u00e9ric JOSEPH - DCL"},{"date":"2025-09-26","first_seen_on":"2025-09-26T10:16:03+00:00","id":"791c7c7a6c5c543ff14d7547f724b3e95b6390881e76b4c9b061b888b866baa0","name":"2025-09-26 RAA sp\u00e9cial Arr\u00eat\u00e9 d\u00e9l\u00e9gation de signature de Madame Emmanuelle DRIEU-LEMOINE Sous prefete de Loches par interim"},{"date":"2025-09-26","first_seen_on":"2025-09-26T10:15:50+00:00","id":"78e2dd5bc1d44fcc302fa1e2c518de6d33a2bd2d9f86812e9a8f82c36521eaa0","name":"2025-09-26 RAA sp\u00e9cial Arr\u00eat\u00e9 d\u00e9l\u00e9gation de signature de Madame Sandrine JAUMIER Secr\u00e9taire G\u00e9n\u00e9rale Adjointe de la pr\u00e9fecture d'Indre-et-Loire"},{"date":"2025-09-26","first_seen_on":"2025-09-26T10:15:40+00:00","id":"477bb86436b82c0cfbe1e3897e28cc72cfbb2d4a160bed3ec37c4ae3a16f60b4","name":"2025-09-26 RAA sp\u00e9cial Arr\u00eat\u00e9 d\u00e9l\u00e9gation de signature de Madame Florence GOUACHE Secr\u00e9taire G\u00e9n\u00e9rale de la pr\u00e9fecture d'Indre-et-Loire"},{"date":"2025-09-26","first_seen_on":"2025-09-26T08:16:47+00:00","id":"79af009f52c55fe8f02c5f9e00095eb40caf488b0497285c14e92c94f084a304","name":"2025-09-26 RAA sp\u00e9cial Arr\u00eat\u00e9 Pr\u00e9f\u00e9ctoral Drones La Riche Octobre"},{"date":"2025-09-26","first_seen_on":"2025-09-26T08:16:30+00:00","id":"bfcb088709604f4c99e1dc99cb7dbb07113e1dbb8e3e274b56d8a17f10ce5017","name":"2025-09-26 RAA sp\u00e9cial Arr\u00eat\u00e9 d\u00e9l\u00e9gation signature DREAL.pdf"},{"date":"2025-09-25","first_seen_on":"2025-09-25T16:28:36+00:00","id":"8092fb77642f30ccc3539c520621bbb713f0967b8ccbcc10bdc550d784caf429","name":"2025-09-25 RAA sp\u00e9cial AP agr\u00e9ment association d\u00e9fense des consommateurs UFC 37"},{"date":"2025-09-25","first_seen_on":"2025-09-25T12:16:25+00:00","id":"70efc0113e913f183d0bcb5f765e07f7f51fac2bcc90fa861221f5181815199d","name":"2025-09-25 RAA sp\u00e9cial Arr\u00eat\u00e9 interdiction rassemblement sur la voie publique de v\u00e9hicules terrestres \u00e0 moteur"},{"date":"2025-09-25","first_seen_on":"2025-09-25T10:16:34+00:00","id":"3fa2d3468ad3bba6139c4b4898b49f16d58d76a715f3374f6b870b9f66f49b8e","name":"2025-09-25 RAA sp\u00e9cial Arr\u00eat\u00e9 habilitation \u00e9tablissement certificats de conformit\u00e9 cabinet EC&U"},{"date":"2025-09-25","first_seen_on":"2025-09-25T10:16:23+00:00","id":"8718e6083e4801b69a0569556095c3b94efdeb9406df26ba24998a086f8e314c","name":"2025-09-25 RAA sp\u00e9cial Arr\u00eat\u00e9 habilitation \u00e0 r\u00e9aliser des analyses d'impact du cabinet EC&U"},{"date":"2025-09-25","first_seen_on":"2025-09-25T10:16:12+00:00","id":"94996ceee3cdda1edf3cdd955a770f918759ab0ccb4eed8a1291e372cf39fc6b","name":"2025-09-25 RAA sp\u00e9cial Arr\u00eat\u00e9 Habitat et Humanisme 2025"},{"date":"2025-09-25","first_seen_on":"2025-09-25T10:16:02+00:00","id":"f9f52fd042de32c3710946a74094b5afa8ce06fec18873aed2566157a9f1ec98","name":"2025-09-25 RAA sp\u00e9cial Arr\u00eat\u00e9 Association Jeunesse et Habitat 2025"},{"date":"2025-09-24","first_seen_on":"2025-09-24T14:21:25+00:00","id":"75b066e2304662ba5400e4d1c51a87c2300fce9e5117bb7f87db0ccf3de2116d","name":"2025-09-24 RAA sp\u00e9cial Arr\u00eat\u00e9 d\u00e9l\u00e9gation assiette et recouvrement -SIP DE CHINON"},{"date":"2025-09-24","first_seen_on":"2025-09-24T12:18:52+00:00","id":"587e7c0b85a684555563355f52a0c8c664510f2ae2b0073236fc42b266365c1b","name":"2025-09-24 RAA sp\u00e9cial nominatif AP de battue sangliers le 28 septembre Saint Pierre des Corps"},{"date":"2025-09-24","first_seen_on":"2025-09-24T12:18:43+00:00","id":"4b93934d4ebb7c9c4e628ef6a1310ccf3a69aa9567cc7f36dd71c62bcca3f593","name":"2025-09-24 RAA sp\u00e9cial nominatif AP de battue sanglier le 26 septembre \u00e0 Neuill\u00e9-Pont-Pierre"},{"date":"2025-09-23","first_seen_on":"2025-09-23T16:16:29+00:00","id":"2d79bf7bd3c88d646e132f2a3329af1ce679d983964f3a393c7528196c3e0b9a","name":"2025-09-23 RAA sp\u00e9cial ARR\u00caT\u00c9 fixant la variation des maxima et minima des valeurs locatives du 01 10 2025 - 30 09 2026"}],"total":1421}
