{"elements":[{"date":"2025-09-30","first_seen_on":"2025-09-30T17:18:27+00:00","id":"d4ce3cba7387816681d66c9ac7ab6f645a1974e9392afd295ffdd8005c088cdf","name":"2025-09-30 RAA sp\u00e9cial DCL du 30 septembre 2025"},{"date":"2025-09-30","first_seen_on":"2025-09-30T17:13:50+00:00","id":"ee06b59e341f11bc002dcc17e60ad5cc155338b74403e5e4231dd8f7e17fffe8","name":"2025-09-30 RAA sp\u00e9cial SGAD du 30 septembre 2025"},{"date":"2025-09-29","first_seen_on":"2025-09-29T14:57:32+00:00","id":"8dee499a9351b4db90607ab09f7d98415b256e4b17ea1d3eafe358651c4702da","name":"2025-09-29 RAA sp\u00e9cial Pr\u00e9fecture de Police du 29 septembre 2025"},{"date":"2025-09-29","first_seen_on":"2025-09-29T14:56:49+00:00","id":"1154dae22315f3942a7c1ec0eddc433bb749c0c670d51572933338f19f85b995","name":"2025-09-29 RAA sp\u00e9cial DRIEAT-IDF du 29 septembre 2025"},{"date":"2025-09-29","first_seen_on":"2025-09-29T10:55:16+00:00","id":"3e5bed15c50ee8a63f68ca6bfb419b474caec8b803c58357acf854247ba94bd6","name":"2025-09-29 RAA sp\u00e9cial DCL du 29 septembre 2025"},{"date":"2025-09-26","first_seen_on":"2025-09-26T17:08:46+00:00","id":"d0b288852d7877dd63a6d8a8062527cb749234af00964cc7efc21abb4dcbea1c","name":"2025-09-26 RAA sp\u00e9cial DRIEAT-IDF du 26 septembre 2025"},{"date":"2025-09-26","first_seen_on":"2025-09-26T17:08:07+00:00","id":"349dfe4d15f64325e67af9d08cf9e03b6392684c8930a0d015e4b588c969b090","name":"2025-09-26 RAA sp\u00e9cial Pr\u00e9fecture de Police du 26 septembre 2025"},{"date":"2025-09-26","first_seen_on":"2025-09-26T15:10:10+00:00","id":"3446cd599eee8a6ae93b5ec8bc783e3c629ed5792f4cc7ab50ba771ff94db6aa","name":"2025-09-26 RAA sp\u00e9cial DCL du 26 septembre 2025"},{"date":"2025-09-25","first_seen_on":"2025-09-25T14:56:25+00:00","id":"8d413ee4ea6707f889c1205b79367a635986988ffef4351e3e32bc33677f9000","name":"2025-09-25 RAA sp\u00e9cial DCL du 25 septembre 2025"},{"date":"2025-09-25","first_seen_on":"2025-09-25T14:56:15+00:00","id":"1e45c41f6987a7ca55be1515db3d951716211de908580f07298d6834e681d6e4","name":"2025-09-25 RAA sp\u00e9cial DRIEAT-IDF du 25 septembre 2025"},{"date":"2025-09-25","first_seen_on":"2025-09-25T14:55:30+00:00","id":"cb644790a7bb45f930b273296946b98c59d95dd664713df4c8d3661f9d7a8df0","name":"2025-09-25 RAA sp\u00e9cial Pr\u00e9fecture de Police du 25 septembre 2025"},{"date":"2025-09-24","first_seen_on":"2025-09-24T15:00:47+00:00","id":"4d2e228433f954b2ce895fef88ae87bef5b0a2d4b65432a0dcbd86b2ed1cf777","name":"2025-09-24 RAA sp\u00e9cial DRIEAT-IDF du 24 septembre 2025"},{"date":"2025-09-24","first_seen_on":"2025-09-24T15:00:38+00:00","id":"0e54913ee77cefd35b877bb4f13447afc5d518b820277190a529ae7b2024111e","name":"2025-09-24 RAA sp\u00e9cial DCL du 24 septembre 2025"},{"date":"2025-09-24","first_seen_on":"2025-09-24T15:00:28+00:00","id":"1b5cfbe58b1bdb86bae0442ca7af4d7f789d1fb6c885e167cc01252234b00a4d","name":"2025-09-24 RAA sp\u00e9cial Pr\u00e9fecture de Police du 24 septembre 2025"},{"date":"2025-09-24","first_seen_on":"2025-09-24T15:00:17+00:00","id":"8db3ffdad78fcb82310bc6eb2e7dcddac9c2956b5547b3da876eab0406351cf1","name":"2025-09-24 RAA sp\u00e9cial CABINET du 24 septembre 2025"},{"date":"2025-09-23","first_seen_on":"2025-09-23T16:49:29+00:00","id":"b2e6575d8cdb801871de3af7dd1ed1be0884d09f8c2f31092083b6a9b14eef2c","name":"2025-09-23 RAA sp\u00e9cial DRIEETS-UD92 du 23 septembre 2025"},{"date":"2025-09-23","first_seen_on":"2025-09-23T16:49:03+00:00","id":"55aa36dc791f84beae78720bfbc4a23223060fd5851db1082530d5e7a750681b","name":"2025-09-23 RAA sp\u00e9cial DCL du 23 septembre 2025"},{"date":"2025-09-23","first_seen_on":"2025-09-23T16:48:45+00:00","id":"8609301ea092a5972b78d6c527a0915ddf66ef8b9bb903576a95ff1d1ca94ab8","name":"2025-09-23 RAA sp\u00e9cial DRIEAT du 23 septembre 2025"},{"date":"2025-09-23","first_seen_on":"2025-09-23T16:48:15+00:00","id":"9775f96260eaece726605b45861101c239a6f88e076735f57c3ab1fc4260aafe","name":"2025-09-23 RAA sp\u00e9cial DDFIP du 23 septembre 2025"},{"date":"2025-09-23","first_seen_on":"2025-09-23T12:48:22+00:00","id":"d91ccc30a3fe9505013bc51db20f0a9c473a2272840ce22f2bb32dd6e99ca1e5","name":"2025-09-23 RAA sp\u00e9cial EHPAD Lasserre et Le Parc du 23 septembre 2025"},{"date":"2025-09-22","first_seen_on":"2025-09-22T16:54:54+00:00","id":"ab902c963a7194a8654f6d720f11566b543def2d0cf6530fa04b0f1c55b37f46","name":"2025-09-22 RAA sp\u00e9cial Pr\u00e9fecture de Police du 22 septembre 2025"},{"date":"2025-09-22","first_seen_on":"2025-09-22T16:54:45+00:00","id":"462b7489aa2fc5e88ead4d292ba572b40d65a680f24320a07038ccaec46d26e4","name":"2025-09-22 RAA sp\u00e9cial DRIEAT du 22 septembre 2025"},{"date":"2025-09-19","first_seen_on":"2025-09-19T17:11:31+00:00","id":"184f7c2ddacd30139a348127f255d730340c2ba34613d643166ee7e6d94679d3","name":"2025-09-19 RAA Pr\u00e9fecture de Police - Encadrement supporters RC Strasbourg L1 21 septembre 25"},{"date":"2025-09-19","first_seen_on":"2025-09-19T15:06:36+00:00","id":"2b26cefc43d07c51e846dcb990c8d84eebb3549f5c4079b37f208199e3ebe842","name":"2025-09-19 RAA sp\u00e9cial DRIEAT du 19 septembre 2025"},{"date":"2025-09-19","first_seen_on":"2025-09-19T15:05:35+00:00","id":"358f6916aac4976f8c12880da016063ca0786c918a770367740186f6ce7e05f0","name":"2025-09-19 RAA sp\u00e9cial Pr\u00e9fecture de Police du 19 septembre 2025"},{"date":"2025-09-19","first_seen_on":"2025-09-19T15:00:27+00:00","id":"f0defe1bd6d363bd1b8a6bb2ba22d15002f35614066ea5632ddcc32687b879ab","name":"2025-09-19 RAA sp\u00e9cial SGAD du 19 septembre 2025"},{"date":"2025-09-18","first_seen_on":"2025-09-18T17:02:32+00:00","id":"d2fd20291b4bf7e9e0cae1d7984f4075450dfe0f11a7bf9498d041391766a194","name":"2025-09-18 RAA sp\u00e9cial Direction G\u00e9n\u00e9rale des Douanes et Droits Indirects d'Ile de France du 18 septembre 2025"},{"date":"2025-09-18","first_seen_on":"2025-09-18T16:55:16+00:00","id":"aa752638132ee25ebd1c5c90d0367d09607db1b8825925235a088e9a0d99963d","name":"2025-09-18 RAA sp\u00e9cial DCL du 18 septembre 2025"},{"date":"2025-09-18","first_seen_on":"2025-09-18T08:38:35+00:00","id":"7331d047de6dc8f8175e93b903784e4b0fac8314f68b24318a36617ea19b247c","name":"Arr\u00eat\u00e9 2025-01122 carburant IDF 18 sept"},{"date":"2025-09-18","first_seen_on":"2025-09-18T08:37:43+00:00","id":"8df16392e2bfa6d3ff5dfa7edb93831cb0e33622b63af6fc8a3eb9b400e561e6","name":"Arr\u00eat\u00e9 2025-01121 pyro IDF 18 sept"},{"date":"2025-09-17","first_seen_on":"2025-09-17T16:58:41+00:00","id":"a5c45620e6b55fe58a5eac6ce19d7aa4a27074e59a2c67a2d29c5b927b9c35f6","name":"2025-09-17 RAA sp\u00e9cial Pr\u00e9fecture de Police du 17 septembre 2025"},{"date":"2025-09-17","first_seen_on":"2025-09-17T16:56:23+00:00","id":"a38d0f467a66a668ca361ce4d0ffed81722083982c90c6b78ffb6771b48c49f2","name":"2025-09-17 RAA sp\u00e9cial CABINET du 17 septembre 2025"},{"date":"2025-09-17","first_seen_on":"2025-09-17T16:54:07+00:00","id":"25709879d57a1fcc7101eb16e68e6176dc6347c462e483018672f34135359b63","name":"2025-09-17 RAA sp\u00e9cial DRIEAT-IDF du 17 septembre 2025"},{"date":"2025-09-17","first_seen_on":"2025-09-17T14:58:00+00:00","id":"fecb27e19ac5efb7016f7131f93326a26a3f20b7e1542d53ba8b3d94cc97449f","name":"2025-09-17 RAA sp\u00e9cial DDFIP du 17 septembre 2025"},{"date":"2025-09-16","first_seen_on":"2025-09-16T16:57:17+00:00","id":"8d907283834a424d1778f563e6ae2161f4ceefad2e8189bd870bbb7b5cd08ae2","name":"2025-09-16 RAA sp\u00e9cial ARS-IDF du 16 septembre 2025"},{"date":"2025-09-16","first_seen_on":"2025-09-16T16:56:40+00:00","id":"1b965c04a0724532c03bb1d1e4cdff2829df3dc1204f7e75cf3ab718c7935d29","name":"2025-09-16 RAA sp\u00e9cial SGAD du 16 septembre 2025"},{"date":"2025-09-16","first_seen_on":"2025-09-16T14:49:46+00:00","id":"14eed78f032c63bba0beec0a33a8fd5a03d2a34525d65e5f2e3e821bf0609bf2","name":"2024-09-16 RAA sp\u00e9cial DRIHL-UD92 du 16 septembre 2025"},{"date":"2025-09-16","first_seen_on":"2025-09-16T14:49:29+00:00","id":"6ae301c5eaafab241e435c59c1e66b8ee27d19321150fec79a421592dcb94d1e","name":"2025-09-16 RAA sp\u00e9cial DRIEAT-IDF du 16 septembre 2025"},{"date":"2025-09-15","first_seen_on":"2025-09-15T16:53:40+00:00","id":"c55ad8b0e951c1bc65d59060328f36c0e2685ddb5067e841a7c8da8ca37c091e","name":"2025-09-15 RAA sp\u00e9cial Pr\u00e9fecture de Police du 15 septembre 2025"},{"date":"2025-09-15","first_seen_on":"2025-09-15T16:53:22+00:00","id":"89a41e71061c92a249469d3434410cc8894ace8085bf7e55ec9b4ac740997007","name":"2025-09-15 RAA sp\u00e9cial CABINET du 15 septembre 2025"},{"date":"2025-09-15","first_seen_on":"2025-09-15T16:52:47+00:00","id":"45d2284606a1be5ae121f19ebb815f84f6dba572200f6eb37bc98b8e87159712","name":"2025-09-15 RAA sp\u00e9cial DRIEAT-IDF du 15 septembre 2025"},{"date":"2025-09-15","first_seen_on":"2025-09-15T16:50:00+00:00","id":"36434690f5fe8c8d22217e392ec04d4a2c56402857712cea056b6c89114f7501","name":"2025-09-15 RAA sp\u00e9cial DDFIP du 15 septembre 2025"},{"date":"2025-09-12","first_seen_on":"2025-09-12T18:28:01+00:00","id":"60bac3033625ac3971aaea74394759f271333ba58776756bf3e50b560dbcc0f3","name":"2025-09-12 RAA sp\u00e9cial DSDEN"},{"date":"2025-09-12","first_seen_on":"2025-09-12T14:52:32+00:00","id":"d2bc69f9d83ff6d6b8a843357aefc94215ec6d83750ba42d0a5d7ddb65388232","name":"2025-09-12 RAA sp\u00e9cial DRIEAT-IDF du 12 septembre 2025"},{"date":"2025-09-12","first_seen_on":"2025-09-12T14:52:25+00:00","id":"597ccd27f7e8979e604174817a17b3ff768e2fdc3a5a0e9289a05f01971eaa4d","name":"Arr\u00eat\u00e9 2025-01100 p\u00e9rim\u00e9trique concert Sasson Shaulov14 sept"},{"date":"2025-09-12","first_seen_on":"2025-09-12T14:52:18+00:00","id":"24e6138fa079e4e8fae096d629f3f1562b82e6df08230354d86b9813ed63f865","name":"Arr\u00eat\u00e9 2025-01101 p\u00e9rim\u00e9trique \u00e9v\u00e8nement communaut\u00e9 juive 15 sept"},{"date":"2025-09-12","first_seen_on":"2025-09-12T14:51:50+00:00","id":"a9358c8c585be482d99791be8e9e4a8d2ed6053f2bc4acfdf2145c56f6f8bbe0","name":"2025-09-12 RAA sp\u00e9cial Pr\u00e9fecture de Police du 12 septembre 2025"},{"date":"2025-09-12","first_seen_on":"2025-09-12T14:51:39+00:00","id":"a781c71d5b5316b3b8a53ecf833c3bce3ce2976d5729f1c10e64ee180938d43e","name":"arr\u00eat\u00e9 2025-01094 encadrement PSG RC LENS 14 sept"},{"date":"2025-09-12","first_seen_on":"2025-09-12T14:51:30+00:00","id":"fa829b178bfe6f406eae9ef393ab1e76a38c99544d2722682936831250426996","name":"Arr\u00eat\u00e9 2025-01096 drones PSG Lens 14 sept"},{"date":"2025-09-12","first_seen_on":"2025-09-12T14:51:21+00:00","id":"77599a1a99ed166825f44cfbeb3e8f1aa666b973c4b99c4ad21440fbc28fff05","name":"Arr\u00eat\u00e9 2025-01097 SILT PSG Lens 14 sept"}],"total":1752}
