{"elements":[{"date":"2025-07-30","first_seen_on":"2025-07-30T14:57:14+00:00","id":"ff3424abffdd4375cec04f8092fa7b46a27d24c513cd4e8f8c77783fa33144b7","name":"RAA sp\u00e9cial DRIEETS-UD92 du 30 juillet 2025"},{"date":"2025-07-29","first_seen_on":"2025-07-29T16:49:45+00:00","id":"952648446a2127f09a2d7778351c2eadf0ac70f12289b97ace3e3855444e5a0c","name":"RAA sp\u00e9cial DCL du 29 juillet 2025"},{"date":"2025-07-29","first_seen_on":"2025-07-29T14:44:32+00:00","id":"71301c372a9b4d189c39dd090f2a97c0af4135d933b3c3f0997d8cd0aa8cfe32","name":"RAA sp\u00e9cial SGCD du 29 juillet 2025"},{"date":"2025-07-29","first_seen_on":"2025-07-29T14:44:08+00:00","id":"359cdc8ec5654af10dddfc8cb82ce45ae23ca18ada49eea0b016400b8077866f","name":"RAA sp\u00e9cial SGAD du 29 juillet 2025"},{"date":"2025-07-28","first_seen_on":"2025-07-28T16:02:00+00:00","id":"b5847624c5fcb85e9c914e8ce641bffcff13232208341f34525d02c8495ada6b","name":"RAA sp\u00e9cial DDFIP du 28 juillet 2025"},{"date":"2025-07-28","first_seen_on":"2025-07-28T16:01:42+00:00","id":"e165c2f05309820a3012b242b58d77b22b3c431a377272a33ba14252f1bc7c5a","name":"RAA sp\u00e9cial CABINET du 28 juillet 2025"},{"date":"2025-07-28","first_seen_on":"2025-07-28T14:42:38+00:00","id":"02047052704e13cd5367da279ceb9747c85a9ed1cfe7eab3767905093dc7130b","name":"RAA sp\u00e9cial DCL du 28 juillet 2025"},{"date":"2025-07-25","first_seen_on":"2025-07-25T17:04:41+00:00","id":"810fa5409b9b7c09949eb49cdf39a6e2d3d1778eb0cf8f7b2572d5f24e1a4bee","name":"RAA sp\u00e9cial SGAD du 25 juillet 2025"},{"date":"2025-07-25","first_seen_on":"2025-07-25T17:03:36+00:00","id":"25577c2ca857f8ed8f4f0a7034b50763040f74281d016bd9809e47993289ed64","name":"RAA sp\u00e9cial DRIEAT-IDF du 25 juillet 2025"},{"date":"2025-07-25","first_seen_on":"2025-07-25T15:17:38+00:00","id":"bba9927bd3c070910d301cedfddb23201fc72ca8962042afbacb8788e89c45ee","name":"RAA sp\u00e9cial Pr\u00e9fecture de Police du 25 juillet 2025"},{"date":"2025-07-25","first_seen_on":"2025-07-25T15:00:33+00:00","id":"62f7116f9e7e62aa1ede6d2e3a589e1df5405dc43b4cf3016ed13b78987c80a9","name":"RAA sp\u00e9cial DRIEETS-UD92 du 25 juillet 2025"},{"date":"2025-07-25","first_seen_on":"2025-07-25T14:58:52+00:00","id":"1b45b07f28c4060a8ac05b92606922a814535f3f6cf4ae93a66af7eb11fc9f4e","name":"RAA sp\u00e9cial CABINET du 25 juillet 2025"},{"date":"2025-07-24","first_seen_on":"2025-07-24T16:50:53+00:00","id":"1dc717abba2608d01b0bb9f9e2b3601b2244646a7ccf041dcd99ba4091292414","name":"RAA sp\u00e9cial DRIEAT-IDF du 24 juillet 2025"},{"date":"2025-07-24","first_seen_on":"2025-07-24T16:50:34+00:00","id":"0b8eec6ff5f1c83369dbbf9a81153fc4234dc639351f40a994d3daa51546ac5c","name":"RAA sp\u00e9cial DCL du 24 juillet 2025"},{"date":"2025-07-24","first_seen_on":"2025-07-24T14:39:33+00:00","id":"1d3f00203014f90c043e68febee768b11199b70b180cab8964852a3454930883","name":"RAA sp\u00e9cial DRIEAT-UD92 du 24 juillet 2025"},{"date":"2025-07-23","first_seen_on":"2025-07-23T16:49:53+00:00","id":"068dd009626ca3520b84a737de610b5c9c2e1ff86b92bf925c10d9760d3a54ed","name":"RAA sp\u00e9cial DRIEAT-IDF du 23 juillet 2025"},{"date":"2025-07-23","first_seen_on":"2025-07-23T16:49:43+00:00","id":"ce6212eb31c180e1be32ff7ab237ae47a3e5114a884b600dc8da19096742dbee","name":"RAA sp\u00e9cial DCL du 23 juillet 2025"},{"date":"2025-07-23","first_seen_on":"2025-07-23T16:48:58+00:00","id":"ee6dd9fdf9dc3e5440d79964d7f30213f59557d56a232c8e94c53b7352080996","name":"RAA sp\u00e9cial Centre P\u00e9nitentiaire des Hauts-de-Seine du 23 juillet 2025"},{"date":"2025-07-23","first_seen_on":"2025-07-23T16:48:44+00:00","id":"ae72c035041fb1c3989414987f4995877ed971083d2a5704d25c3857afa0045b","name":"RAA sp\u00e9cial SNCF RESEAU du 23 juillet 2025"},{"date":"2025-07-23","first_seen_on":"2025-07-23T10:36:46+00:00","id":"33112c64260658bed56920ed93f97deb280dd1dc41555ef9030d64e2abbf3cc8","name":"RAA sp\u00e9cial DRIEETS-UD92 du 23 juillet 2025"},{"date":"2025-07-22","first_seen_on":"2025-07-22T16:41:36+00:00","id":"a291f97ff3f9547d3bd381db9704a8f517f95f4911bb97d83a13784ad1c5c5d3","name":"RAA sp\u00e9cial Pr\u00e9fecture de Police du 22 juillet 2025"},{"date":"2025-07-22","first_seen_on":"2025-07-22T16:40:57+00:00","id":"5af3bf18675c3a99a60723f61d06c6b15e307b7edde587391668c675e45e84fd","name":"RAA sp\u00e9cial DCL du 22 juillet 2025"},{"date":"2025-07-22","first_seen_on":"2025-07-22T16:38:02+00:00","id":"708daa2cbfcd92065dd166437c4d4bcb206e48107c8d9f4a95497b70d3f5e1e6","name":"RAA sp\u00e9cial CABINET du 22 juillet 2025"},{"date":"2025-07-22","first_seen_on":"2025-07-22T16:37:45+00:00","id":"9dfa56682119f49fc94369cb0c43cc8469ab720c1ffae79a1da2ef687e55a9f5","name":"RAA sp\u00e9cial DRIEAT-IDF du 22 juillet 2025"},{"date":"2025-07-22","first_seen_on":"2025-07-22T10:36:59+00:00","id":"16c782fe2266faeef1723eedc1cbed42cb203f52a4e671c0257b230a7dc20f0d","name":"RAA sp\u00e9cial DSDEN du 22 juillet 2025"},{"date":"2025-07-22","first_seen_on":"2025-07-22T10:36:31+00:00","id":"c6bcc70c4adb76a2f94d7d8dc023fea6d3e207f61165709dacab8f014cd059bf","name":"RAA sp\u00e9cial ERASME-EPS du 22 juillet 2025"},{"date":"2025-07-22","first_seen_on":"2025-07-22T10:35:35+00:00","id":"f4164805da4420937d26a7e8f238ad69861eb1b727c391c402405e8c89b5dfb3","name":"RAA sp\u00e9cial Centre P\u00e9nitentiaire des Hauts-de-Seine du 22 juillet 2025"},{"date":"2025-07-22","first_seen_on":"2025-07-22T08:34:31+00:00","id":"bfd0d00046f855c4650d7e8e9a9c446bc7470e836b653332dc745c409be8222e","name":"RAA sp\u00e9cial DCL du 01 juillet 2025"},{"date":"2025-07-21","first_seen_on":"2025-07-21T16:45:55+00:00","id":"d3c20958ed4bc56c7ef820d8063a47491eb5f73f18d52b31333cb48acfc5774f","name":"RAA sp\u00e9cial DRIEAT-IDF du 21 juillet 2025"},{"date":"2025-07-21","first_seen_on":"2025-07-21T16:44:42+00:00","id":"6893a8a667dc14e3ffaecf8d214895ef7f711f9d92eb95a0b8b130060b49b9f4","name":"RAA sp\u00e9cial ARS-IDF du 21 juillet 2025"},{"date":"2025-07-21","first_seen_on":"2025-07-21T14:46:29+00:00","id":"81f4c2e533604ece1f850b44e7eaa8ca979bb0041ab3d8061a23a71ce2ff8c66","name":"RAA sp\u00e9cial Direction Interr\u00e9gionale des Services P\u00e9nitentiaires de Paris du 21 juillet 2025"},{"date":"2025-07-21","first_seen_on":"2025-07-21T14:46:09+00:00","id":"8cd9eb9593922331a08e933cb9cd13a23f65f218834134044198f1fa7eddc0e1","name":"RAA sp\u00e9cial DCL du 21 juillet 2025"},{"date":"2025-07-21","first_seen_on":"2025-07-21T12:33:57+00:00","id":"80a979ec08c4b7be54e36c542bb52700d7a5a20d43a57b4dab61814c52e169d6","name":"RAA sp\u00e9cial Pr\u00e9fecture de Police du 21 juillet 2025"},{"date":"2025-07-18","first_seen_on":"2025-07-18T14:49:01+00:00","id":"ab95cea4bbccea63d0fe0c7fbe46f3b47c0d988d4367aaa51765f31d1a89e1ad","name":"RAA sp\u00e9cial DDFIP du 18 juillet 2025"},{"date":"2025-07-18","first_seen_on":"2025-07-18T14:47:41+00:00","id":"44045ec5b2cb0bf00468d78adf7ad9b33ca059b5a1820f06a2a5ddaa0afb526f","name":"RAA sp\u00e9cial ARS-IDF du 18 juillet 2025"},{"date":"2025-07-18","first_seen_on":"2025-07-18T14:46:47+00:00","id":"d0024bc8fc45f62c748b2c1b0cb45459d3eea8a2a7f2012aacea2ef1ccac0f90","name":"RAA sp\u00e9cial CABINET-DS-BSI du 18 juillet"},{"date":"2025-07-18","first_seen_on":"2025-07-18T14:46:22+00:00","id":"4e3b1025dc5d276fdd2dfd282ca0e666ba748fe0717fb9fd8c67819a7de8d83a","name":"RAA sp\u00e9cial Pr\u00e9fecture de Police du 18 juillet 2025"},{"date":"2025-07-18","first_seen_on":"2025-07-18T12:39:27+00:00","id":"bffbba552303387a7d95f32f2b0e77c9dc441c935513d4609dd9d619ac4f54b3","name":"RAA sp\u00e9cial DCL du 18 juillet 2025"},{"date":"2025-07-18","first_seen_on":"2025-07-18T12:38:30+00:00","id":"05c2e782ad53d0bb26ca96b5c30a7934c319f1be8bbd42d2ed6a0b46b978e2c9","name":"RAA sp\u00e9cial CABINET-BRE du 18 juillet 2025"},{"date":"2025-07-17","first_seen_on":"2025-07-17T08:33:14+00:00","id":"d1784513bf121f82a9c08abb47716a36c607c9aa542320d9203b97e10d5ad69f","name":"AP SGAD 2025-24 du 15 juillet 2025 DMI"},{"date":"2025-07-15","first_seen_on":"2025-07-15T16:41:43+00:00","id":"54829c41e7ea1f1573f1656a204df3de3cc67afee5e10c50996a153988fceb1b","name":"RAA sp\u00e9ciale Pr\u00e9fecture de Police du 15 juillet 2025"},{"date":"2025-07-11","first_seen_on":"2025-07-11T18:37:07+00:00","id":"3b1be0942e8c41b74c3523085995a8407a8e15980164145a59ec6874fcb52adf","name":"RAA sp\u00e9cial DCL du 11 juillet 2025"},{"date":"2025-07-11","first_seen_on":"2025-07-11T18:36:33+00:00","id":"899fe608ff8fc3aefd5f0c4d3cfd2e598a80a4cda5c5110fd4ef010a135e9b10","name":"Arr\u00eat\u00e9 2025-00911 drones finale Coupe du monde des clubs 13 juillet"},{"date":"2025-07-11","first_seen_on":"2025-07-11T16:47:54+00:00","id":"78c152726486f7079fc4e634decbf8f8fc44167a78eaa03e2d618565f7c197af","name":"RAA sp\u00e9cial DRIEAT-IDF du 11 juillet 2025"},{"date":"2025-07-10","first_seen_on":"2025-07-10T18:34:52+00:00","id":"d313b98911b071b7b18eeb0a633abcb1962d007fe88f8141ae8fbfd457aae8a1","name":"RAA spe\u0301cial Pre\u0301fecture de Police du 10 juillet 2025"},{"date":"2025-07-10","first_seen_on":"2025-07-10T16:51:39+00:00","id":"0d3c819f97df6db904878300b643f8011e37abebbea1dd80e07a4cfa45852e2f","name":"RAA sp\u00e9cial CABINET-DS-BSI du 10 juillet 2025"},{"date":"2025-07-10","first_seen_on":"2025-07-10T08:33:09+00:00","id":"ce02bb97a9f6ef1ad9938a8f52a858190b17729086142ced786b7eaecbb58482","name":"RAA sp\u00e9cial SGAD du 07 juillet 2025"},{"date":"2025-07-09","first_seen_on":"2025-07-09T12:33:00+00:00","id":"f88c1028310e044efbdeade6c1e82a02890b15ae5f18a79192b95bfb8ac24024","name":"RAA sp\u00e9cial DRIEAT-IDF du 08 juillet 2025"},{"date":"2025-07-08","first_seen_on":"2025-07-08T12:33:45+00:00","id":"63123154c27808f203b301694817b46ff6b9104eefb071e303a7e606120eb91f","name":"RAA sp\u00e9cial Pr\u00e9fecture de Police du 28 mai  (2)"},{"date":"2025-07-04","first_seen_on":"2025-07-04T14:58:00+00:00","id":"e604860b4cbc48be2df444a7d254b6c8649aab14905bb5dace795b8957de31b0","name":"RAA sp\u00e9cial Pr\u00e9fecture de Police du 04 juillet 2025"}],"total":1752}
