{"elements":[{"date":"2025-07-04","first_seen_on":"2025-07-04T14:56:37+00:00","id":"7885af189eeb7c6c600273d858cdce238c1d289cbdfb38e9179200d36a86afc8","name":"RAA sp\u00e9cial SGAD du 04 juillet 2025"},{"date":"2025-07-04","first_seen_on":"2025-07-04T14:52:26+00:00","id":"dfad93f651413528a097aca4d7b3e642e3ac5a5fa1bfccbf114a32649c8246e9","name":"RAA sp\u00e9cial DRIEAT-IDF du 04 juillet 2025"},{"date":"2025-07-03","first_seen_on":"2025-07-03T16:48:56+00:00","id":"37c626cabdb8d1d6d47377816889961e347031ff1d1b62b81d2adf75ace709bb","name":"RAA sp\u00e9cial DRIEAT-IDF du 03 juillet 2025"},{"date":"2025-07-03","first_seen_on":"2025-07-03T16:48:37+00:00","id":"9dd315b64cf3d4011f5795bb88721b7af9f2ef6757088b41e44fc4d6e4819b1f","name":"RAA sp\u00e9cial DCL du 03 juillet 2025"},{"date":"2025-07-03","first_seen_on":"2025-07-03T14:44:39+00:00","id":"aff80cacea65f86dea2ba25a063e006392cbf28aaef24296d8134cf52d5e91c9","name":"RAA sp\u00e9cial Pr\u00e9fecture de Police - Secr\u00e9tariat g\u00e9n\u00e9ral de la Zone de d\u00e9fense et de s\u00e9curit\u00e9 de Paris du 03 juillet 2025"},{"date":"2025-07-03","first_seen_on":"2025-07-03T14:44:22+00:00","id":"af8ad5d4e6e169c72266b6bbd8d0f5618a29e1c9b5a062db25bbcb43c615271d","name":"RAA sp\u00e9cial DRIEETS-UD92 du 03 juillet 2025"},{"date":"2025-07-03","first_seen_on":"2025-07-03T14:44:16+00:00","id":"15c4bc7d562231a204e9df0afd3b88468c94e3f7853de82df1081c87e10cb211","name":"RAA sp\u00e9cial CABINET du 03 juillet 2025"},{"date":"2025-07-02","first_seen_on":"2025-07-02T14:43:45+00:00","id":"91a8a0a12a31de25a0d21e761dd827bae5fc04ab54c845366296d71e7f49d06f","name":"RAA sp\u00e9cial DDFIP du 02 juillet 2025"},{"date":"2025-07-02","first_seen_on":"2025-07-02T14:43:24+00:00","id":"fa1ed68d953bf9c3a6609c9e25fb93af8af1289ebdfc92917531865b88b0e63a","name":"RAA sp\u00e9cial Pr\u00e9fecture de Police - Secr\u00e9tariat g\u00e9n\u00e9ral de la Zone de d\u00e9fense et de s\u00e9curit\u00e9 de Paris du 02 juillet 2025"},{"date":"2025-07-01","first_seen_on":"2025-07-01T18:38:41+00:00","id":"e026b1a4634a1d8728fde5dc06ee54d6b39d7aea415d5e341546ba6d36d2da69","name":"RAA sp\u00e9cial DRIEAT-IDF du 30 juin 2025"},{"date":"2025-07-01","first_seen_on":"2025-07-01T18:38:33+00:00","id":"c142ba9f9b241ae1127e9fe357e6fe4645166f1e9b491a0164a084da1a3a4952","name":"RAA sp\u00e9cial Direction Interr\u00e9gionale des Services P\u00e9nitentiaires de Paris du 01 juillet 2025"},{"date":"2025-07-01","first_seen_on":"2025-07-01T18:38:04+00:00","id":"deffcd0f928741c6916b762451acda3c8a6f412d17f982dd617884ae14fa96ce","name":"RAA sp\u00e9cial Fondation Roguet du 01 juillet 2025"},{"date":"2025-07-01","first_seen_on":"2025-07-01T18:37:28+00:00","id":"a81a670a8229c296b0f1b9c85ab837c76e44af523877a18d56768a22e2324f37","name":"RAA sp\u00e9cial ARS-IDF du 01 juillet 2025"},{"date":"2025-07-01","first_seen_on":"2025-07-01T18:36:52+00:00","id":"4b7e238cde8cc05abb38129b80c44ea5fd602ca5da8f8d9ec4128be45eaafb0f","name":"RAA sp\u00e9cial Pr\u00e9fecture de Police du 01 juillet 2025"},{"date":"2025-07-01","first_seen_on":"2025-07-01T18:36:36+00:00","id":"e59b121d5fc20a2f79e9c34113a420f40008e96a18112faa28110d28249bd7c2","name":"RAA sp\u00e9cial DRIEAT-IDF du 01 juillet 2025"},{"date":"2025-07-01","first_seen_on":"2025-07-01T18:36:26+00:00","id":"df2f60aeb7a1e1886f6f584c8f1a744946b94dec0513b00127a989efe0f980d9","name":"RAA sp\u00e9cial CABINET du 01 juillet 2025"},{"date":"2025-07-01","first_seen_on":"2025-07-01T18:35:37+00:00","id":"1c81d33cd58f55bf7fec375b9e7bfd76516dfeab5c8a33b3be853c0fb42e7448","name":"RAA sp\u00e9cial DCL du 01 juillet 2025"},{"date":"2025-07-01","first_seen_on":"2025-07-01T18:31:26+00:00","id":"efba5ad13cb86ea10b14ad7fd163554f4bfd453d457ccc337aed87db2d065342","name":"RAA sp\u00e9cial DRIEETS-UD92 du 30 juin 2025"},{"date":"2025-06-30","first_seen_on":"2025-06-30T16:46:22+00:00","id":"2774e6291256fe2516b6bc0571f20d5fe96f2e6ee7b4eff472aa4452ea3c0fbf","name":"RAA sp\u00e9cial Pr\u00e9fecture de Police du 30 juin 2025"},{"date":"2025-06-30","first_seen_on":"2025-06-30T16:46:08+00:00","id":"42f422dcd332d6614651e4f863ef61aeed4b1a8ecd66fbff7cd05c7de879c297","name":"RAA sp\u00e9cial DCL du 30 juin 2025"},{"date":"2025-06-30","first_seen_on":"2025-06-30T10:34:25+00:00","id":"c2e4cfdf2c8b9de2ab9c9f82c64c71189838ec9e8bab5f543939a4b6e4232a5c","name":"RAA sp\u00e9cial SGAD du 30 juin 2025"},{"date":"2025-06-30","first_seen_on":"2025-06-30T08:30:41+00:00","id":"e2732717d6cee1bd1de3708e82cb6e26b8a8a88427e1b53b019ea279f74cdd58","name":"Arrete 2025-842 mise en oeuvre des mesures d'urgences pollution O3"},{"date":"2025-06-27","first_seen_on":"2025-06-27T14:52:03+00:00","id":"6cce1937600c48e7f5ff9f0737a813879b763a9b3b818c0c239cb3724b8a4ae2","name":"RAA sp\u00e9cial Pr\u00e9fecture de Police du 27 juin 2025"},{"date":"2025-06-27","first_seen_on":"2025-06-27T14:51:39+00:00","id":"d34ddb3d703fbcd06d7dbe12d2b78a0de4575b60d13999fdb9f774d9ef0ae6d8","name":"RAA sp\u00e9cial CABINET du 27 juin 2025"},{"date":"2025-06-26","first_seen_on":"2025-06-26T16:45:48+00:00","id":"59c3bad35f1f53fa9d73fd1bba7cebcddb48d1c8d8e837d477257d5e3cab1951","name":"RAA sp\u00e9cial DRIEETS-UD92 du 26 juin 2025"},{"date":"2025-06-26","first_seen_on":"2025-06-26T16:45:04+00:00","id":"4422490ab4a8c1412bc1252c89b6779a9da792a7c62dda7a2faa104f0f5bc584","name":"RAA sp\u00e9cial Pr\u00e9fecture de Police du 26 juin 2025"},{"date":"2025-06-26","first_seen_on":"2025-06-26T16:44:45+00:00","id":"419d8a99511133a5db6a1a4cc0450686605bf836f744f2a3fe6c0e78e9f20b18","name":"RAA sp\u00e9cial DDFIP du 26 juin 2025"},{"date":"2025-06-26","first_seen_on":"2025-06-26T10:31:30+00:00","id":"65e66f8db59206c20f9e4d51cd1d175a7ada8bc403331fde7bd18530321825b1","name":"26-06-2025 Arr\u00eat\u00e9 n\u00b02025-00821"},{"date":"2025-06-26","first_seen_on":"2025-06-26T10:30:50+00:00","id":"03bdbf679eda6091dba637c68955691974bb3b08c334aefaf4622ed0bd9a26a3","name":"Arr\u00eat\u00e9 n\u00b02025-00821 Pr\u00e9fecture de Police"},{"date":"2025-06-26","first_seen_on":"2025-06-26T10:30:35+00:00","id":"f316b8cbf372225b77353e0785ad7cdeed4674608262a69e064d69621298adcd","name":"RAA sp\u00e9cial Direction Interr\u00e9gionale des Services P\u00e9nitentiaires de Paris"},{"date":"2025-06-25","first_seen_on":"2025-06-25T16:44:30+00:00","id":"8e15490563ab8dd0f6cc935307db309869ca7419dd4fffbff0e73e3a670ce8be","name":"RAA sp\u00e9cial DCL du 25 juin 2025"},{"date":"2025-06-25","first_seen_on":"2025-06-25T16:42:52+00:00","id":"a2d395ac0ac3e814ba657066958d61ee2aba6cfd1c63463c4ed80a3d553661f2","name":"RAA sp\u00e9cial DRIEAT-IDF du 25 juin 2025"},{"date":"2025-06-25","first_seen_on":"2025-06-25T16:41:47+00:00","id":"170c924795af8482863fdf7730c2f3490bc463ed946e98012fba27c669f196eb","name":"RAA sp\u00e9cial DRIHL-UD92 du 25 juin 2025"},{"date":"2025-06-25","first_seen_on":"2025-06-25T16:40:05+00:00","id":"0ee70ac2a83e895d76d2a5b9eb668282a779615b807d5ed8a6a4bbc8b1415a9e","name":"RAA sp\u00e9cial DDFIP du 25 juin 2025"},{"date":"2025-06-24","first_seen_on":"2025-06-24T16:36:11+00:00","id":"b9dd56c775235cd99de1f367cff300c1a4fc504039fbbc25ec226b628c29d6f2","name":"RAA sp\u00e9cial DCL du 24 juin 2025"},{"date":"2025-06-23","first_seen_on":"2025-06-23T16:43:25+00:00","id":"5c2de00a76e5113cfc8421487a6fab2686c264cfc856b193e813829769a8ec4d","name":"RAA sp\u00e9cial Pr\u00e9fecture de Police du 23 juin 2025"},{"date":"2025-06-23","first_seen_on":"2025-06-23T16:40:23+00:00","id":"3b2a06e51328e97e365836bd45405e8457af7210b51df52e01d111d36c31fffc","name":"RAA sp\u00e9cial Pr\u00e9fecture de police - Cabinet du pr\u00e9fet du 23 juin 2025"},{"date":"2025-06-23","first_seen_on":"2025-06-23T16:38:29+00:00","id":"f582cb55ff1486736b41f50b5769516f437f3f1858e51e3964b79ce78a9c09c6","name":"RAA sp\u00e9cial CABINET du 23 juin 2025"},{"date":"2025-06-20","first_seen_on":"2025-06-20T16:40:52+00:00","id":"eefb69deaceae00c8acec20a351147cf077b4ba8fe347dd12c403e89472a0e17","name":"RAA sp\u00e9cial DRIEAT-IDF du 20 juin 2025"},{"date":"2025-06-20","first_seen_on":"2025-06-20T16:40:44+00:00","id":"525de674dae33e90e861432c5bbb50dec31e1a5dd2e9ca1a394fb6d00f1f2b6e","name":"RAA sp\u00e9cial Pr\u00e9fecture de Police du 20 juin 2025"},{"date":"2025-06-19","first_seen_on":"2025-06-19T16:47:22+00:00","id":"89f4dd48bac316a8e119e16ab848c45339c4e1d421cacdad4362a7750b97af70","name":"RAA sp\u00e9cial DRIEAT-IDF du 19 juin 2025"},{"date":"2025-06-19","first_seen_on":"2025-06-19T16:47:02+00:00","id":"e6f353236257a33f81d7c885fe916fec02bb0fc01606e2ca0db2952e2a156e4d","name":"RAA sp\u00e9cial Pr\u00e9fecture de Police du 19 juin 2025"},{"date":"2025-06-18","first_seen_on":"2025-06-18T16:40:14+00:00","id":"3f57c3e22d4503e4c0e6f8648b70c6fb22d8d8f27f06d14728c48c5c304d9de1","name":"RAA sp\u00e9cial Pr\u00e9fecture de Police du 18 juin 2025"},{"date":"2025-06-17","first_seen_on":"2025-06-17T16:50:45+00:00","id":"01edd73968f082c747ee213ea3b25bb389d0d306beb537d449c94d918d7bc209","name":"RAA sp\u00e9cial DRIEAT-IDF du 17 juin 2025"},{"date":"2025-06-17","first_seen_on":"2025-06-17T16:49:48+00:00","id":"07f129ee3a6fd0c80e80e4a6978e326618356776063c0f988265714955b19268","name":"RAA sp\u00e9cial DCL du 17 juin 2025"},{"date":"2025-06-16","first_seen_on":"2025-06-16T16:46:05+00:00","id":"49f4a8eac227e5d3e04e2d94c4e8272990547f705f524704f9d98e6494af00b7","name":"RAA sp\u00e9cial DRIEAT-IDF du 16 juin 2025"},{"date":"2025-06-16","first_seen_on":"2025-06-16T14:36:50+00:00","id":"994663802a19141ee8b4e8a46aec46de9a7ed312f8e3c3ce86e6eb0541fdd6a3","name":"RAA sp\u00e9cial SGAD du 16 juin 2025"},{"date":"2025-06-16","first_seen_on":"2025-06-16T12:35:19+00:00","id":"d15b8acfe3b399139f46bfe461e88035dbd52f8878bcd5de22309e778789d70c","name":"RAA sp\u00e9cial Centre Hospitalier Rives de Seine du 16 juin 2025"},{"date":"2025-06-13","first_seen_on":"2025-06-13T16:44:13+00:00","id":"50f7f6153f79bcf5d2ce43383990575bdbcd3fb6d0af2c599a5e505a743e8a42","name":"RAA sp\u00e9cial DRIEETS-UD92 du 13 juin 2025"},{"date":"2025-06-13","first_seen_on":"2025-06-13T14:56:44+00:00","id":"fb63b76ded060f2c84aaff86f1e95000a781d710c46ae40f077ff18ffbcf095a","name":"RAA sp\u00e9cial DCL du 13 juin 2025"}],"total":1752}
