{"elements":[{"date":"2025-06-13","first_seen_on":"2025-06-13T12:30:18+00:00","id":"80e90cf05e5066ae07dd5c60251e6b34e5b393bbea26eddb863ee5ce40adb05e","name":"RAA sp\u00e9cial DRIEAT-IDF du 13 juin 2025"},{"date":"2025-06-12","first_seen_on":"2025-06-12T16:40:39+00:00","id":"d6abf2ca6b5a7ddedfb11299d59382649a954b59129ac6b5486d441714f33ba1","name":"RAA sp\u00e9cial DCL du 12 juin 2025"},{"date":"2025-06-12","first_seen_on":"2025-06-12T14:40:51+00:00","id":"31aff51d1b94915939bfe2ce5fcbc5598d27672cb4ab4b750caff8815a80c0c4","name":"RAA sp\u00e9cial Direction Interr\u00e9gionale des Services P\u00e9nitentiaires de Paris du 12 juin 2025"},{"date":"2025-06-12","first_seen_on":"2025-06-12T10:31:07+00:00","id":"6e3d272220a0addc8dd8065e9a76e35e9cfaacaf67e8aea602b40f2da08a53d7","name":"RAA sp\u00e9cial CASH_EPS Roger Pr\u00e9vot du 12 juin 2025"},{"date":"2025-06-11","first_seen_on":"2025-06-11T16:40:51+00:00","id":"cbdaf4dbbe98928acc62175c21341c5e3274a02f63614c95463a80cca45d5897","name":"RAA sp\u00e9cial DCL du 11 juin 2025"},{"date":"2025-06-11","first_seen_on":"2025-06-11T16:40:28+00:00","id":"3e863f5a7dfa404510350d36d65bc95ddfe2df828c16c3cfa61bbdbcf82c53fb","name":"RAA sp\u00e9cial CABINET du 11 juin 2025"},{"date":"2025-06-11","first_seen_on":"2025-06-11T16:40:12+00:00","id":"92c11aafdcc6491f2dfe9b66ef6739e65e539f46e9f151299385a866f9b940d4","name":"RAA sp\u00e9cial DRIEAT-IDF du 11 juin 2025"},{"date":"2025-06-11","first_seen_on":"2025-06-11T16:40:01+00:00","id":"eaa4aa7657517c3e26e4f7b19bdb7176d40c0d26b3fafedff67e26d4d91224b1","name":"RAA sp\u00e9cial EHPAD Lasserre et Le Parc du 11 juin 2025"},{"date":"2025-06-10","first_seen_on":"2025-06-10T14:34:28+00:00","id":"e0ad8e685f706fd36db01ffb8bac6b75bfa4c22e993313172bf8fd2e00933067","name":"RAA sp\u00e9cial SGAD du 10 juin 2025"},{"date":"2025-06-06","first_seen_on":"2025-06-06T14:45:36+00:00","id":"eddb63ba75192600073421b6487e12f2e7b8ed608d3f6a37e36b482d87c01e92","name":"RAA sp\u00e9cial DRIEAT-IDF du 06 juin 2025"},{"date":"2025-06-06","first_seen_on":"2025-06-06T14:43:55+00:00","id":"c433ec05e0788a38137c5948c8257e55b2b6978ccee8e2db840103e26db69e28","name":"RAA sp\u00e9cial Direction Interr\u00e9gionale des Services P\u00e9nitentiaires de Paris du 06 juin 2025"},{"date":"2025-06-06","first_seen_on":"2025-06-06T14:40:27+00:00","id":"62deb322d2a8332da70b9ee648b31a084ae319e9cf7f43f1bdc91b24568d865d","name":"RAA sp\u00e9cial Pr\u00e9fecture de Police du 06 juin 2025"},{"date":"2025-06-06","first_seen_on":"2025-06-06T14:39:19+00:00","id":"1043749402ba8e2368cafe1f7222d1788dfa69578833d6f77dd03e4fe3c4ac73","name":"RAA sp\u00e9cial DCL du 06 juin 2025"},{"date":"2025-06-06","first_seen_on":"2025-06-06T14:38:31+00:00","id":"288eb112f75f7b55aa2a5ff0415066cdb8bbbec45fe80aef51803aabb23b803f","name":"RAA sp\u00e9cial CABINET du 06 juin 2025"},{"date":"2025-06-04","first_seen_on":"2025-06-04T16:43:10+00:00","id":"f702943029fd450c8fce9e98789b4e777e1b5ee16a594d9fa399b9896b3a3f10","name":"RAA sp\u00e9cial DRIEAT-IDF du 04 juin 2025"},{"date":"2025-06-04","first_seen_on":"2025-06-04T16:42:49+00:00","id":"ab73fa0beb1385ba83de41bee594027a7f783cf17a63b8038fe14f5d7bb67f2c","name":"RAA sp\u00e9cial Pr\u00e9fecture de Police du 04 juin 2025"},{"date":"2025-06-04","first_seen_on":"2025-06-04T16:42:38+00:00","id":"89431e4d0b9d37f7b09a827906f3bb40fa816c0b7085c86e96407d52137b2777","name":"RAA sp\u00e9cial DCL du 04 juin 2025"},{"date":"2025-06-04","first_seen_on":"2025-06-04T16:42:28+00:00","id":"ce1a5e0355b724c0a4eed9540e1f3f54625e64f2b5052d47e1b0b95254e8532c","name":"RAA sp\u00e9cial DMI du 04 juin 2025"},{"date":"2025-06-04","first_seen_on":"2025-06-04T16:42:20+00:00","id":"e668b52369934a72d176afcb1d144eacfcd890371c28e4997bed9472d72eb24f","name":"RAA sp\u00e9cial ARS-IDF du 04 juin 2025"},{"date":"2025-06-04","first_seen_on":"2025-06-04T16:42:10+00:00","id":"9a78915e99d4bb6b4bf2be8273c1c6ea97b46eabfb073d26aec5b658dc8dac73","name":"RAA sp\u00e9cial DDPP du 04 juin 2025"},{"date":"2025-06-03","first_seen_on":"2025-06-03T16:43:09+00:00","id":"a8f3fe5770426d29865a573a9eb6070214c224e6ba125246f3bd1ebc035c6f7e","name":"RAA sp\u00e9cial DCL du 03 juin 2025"},{"date":"2025-06-03","first_seen_on":"2025-06-03T16:42:59+00:00","id":"3eaf94915e41b49317a5a5ef38ac8e82c1e0bf2e37e71b30b56efe88d1ac3139","name":"RAA sp\u00e9cial SGAD du 03 juin 2025"},{"date":"2025-06-03","first_seen_on":"2025-06-03T16:42:37+00:00","id":"28582a17808e1732c4a97897b0013435d57738107d64efc308d12826198fbed8","name":"RAA sp\u00e9cial CABINET du 03 juin 2025"},{"date":"2025-06-03","first_seen_on":"2025-06-03T16:42:27+00:00","id":"cc41980c7e9715049f8a948c9f7ad79576f9d3206fea8fa9a0a03081b771a718","name":"RAA sp\u00e9cial DRIHL-UD92 du 03 juin 2025"},{"date":"2025-06-03","first_seen_on":"2025-06-03T14:33:59+00:00","id":"d392ea299d435157bb10899c9ece3fcb0e514044e399c9f68d325a2888fa750a","name":"RAA sp\u00e9cial DRIEAT-IDF du 03 juin 2025"},{"date":"2025-06-03","first_seen_on":"2025-06-03T14:33:05+00:00","id":"4e5d00ab03588a0b3eeb3e99c05d4ede9752746292100e9b92feb1a0f21b6dd0","name":"RAA sp\u00e9cial SGAD du 28 mai 2025"},{"date":"2025-06-03","first_seen_on":"2025-06-03T12:31:19+00:00","id":"0ab9411a51a3d2ed062781cca2cb9849554ecf36e5ec1b734199a4da3b156501","name":"RAA sp\u00e9cial Pr\u00e9fecture de Police du 03 juin 2025"},{"date":"2025-06-03","first_seen_on":"2025-06-03T10:33:00+00:00","id":"31feb626968ff07b9f97385d3c1eae6a7735c7931aad3f49c8224576b19143eb","name":"RAA sp\u00e9cial CASH_EPS Roger Pr\u00e9vot du 03 juin 2025"},{"date":"2025-06-03","first_seen_on":"2025-06-03T10:30:07+00:00","id":"db2009867f9b850886eccb5d81517a96c9a47bc17a5222a4963cf462bb1b3c47","name":"RAA sp\u00e9cial CABINET du 02 juin 2025"},{"date":"2025-06-02","first_seen_on":"2025-06-02T16:41:24+00:00","id":"47e1b79e218f015b9e3d4700f42dec075cbfd8a6389e1ccf608875df65af1e94","name":"RAA sp\u00e9cial DCL du 02 juin 2025"},{"date":"2025-06-02","first_seen_on":"2025-06-02T16:40:55+00:00","id":"b39e87213f44e270e8c0f3f0d35dbd58e204ba345dd11309fc28951d1e123954","name":"RAA sp\u00e9cial DDFIP du 02 juin 2025"},{"date":"2025-06-02","first_seen_on":"2025-06-02T16:40:28+00:00","id":"41e183eb08593faaf02ff9a832b825600d1cfe3b511968044c125d8b5065b4af","name":"RAA sp\u00e9cial Centre Hospitalier D\u00e9partemental STELL du 02 juin 2025"},{"date":"2025-06-02","first_seen_on":"2025-06-02T16:39:52+00:00","id":"6c1c02155337c74f5c56f31238f96ab87f7c33c7cc538a6e6492f8e5453279f9","name":"RAA sp\u00e9cial DRIHL-UD92 du 02 juin 2025"},{"date":"2025-06-02","first_seen_on":"2025-06-02T14:37:06+00:00","id":"1c36f2dd40cc4ed641dfd2e41df9eed5589048dd81de8bdcd47b270cb8670a50","name":"RAA sp\u00e9cial DRIEETS-UD92 du 02 juin 2025"},{"date":"2025-05-31","first_seen_on":"2025-05-31T14:30:40+00:00","id":"dcd72f528aea18f45143d9ac1b6726ac78c144cbe0310a5649c5598b0c62d459","name":"2025/00686 RAA sp\u00e9cial Pr\u00e9fecture de Police du 31 mai 2025"},{"date":"2025-05-31","first_seen_on":"2025-05-31T14:28:53+00:00","id":"33c9a421400d1c0083727d7c5e17043db125d1d4e3c0ba6136beea87d92c56d1","name":"2025/00687 RAA sp\u00e9cial Pr\u00e9fecture de Police du 31 mai 2025"},{"date":"2025-05-31","first_seen_on":"2025-05-31T12:31:44+00:00","id":"fda9804d3949bbffb100d094e6132446cc58167bd05ef2b5eb5a52a51eec9b08","name":"2025/00685 RAA sp\u00e9cial Pr\u00e9fecture de Police du 31 mai 2025"},{"date":"2025-05-30","first_seen_on":"2025-05-30T14:28:10+00:00","id":"a205f5e84e2274fbedca9fa94763ca505632a3f85eabfe62a03ed932db745b8b","name":"2025/00680 RAA sp\u00e9cial Pr\u00e9fecture de Police du 30 mai 2025"},{"date":"2025-05-29","first_seen_on":"2025-05-29T12:29:48+00:00","id":"4c379ace50853631885839f61d0070059dedce01f8404fecbd3ff94fa0ab5ab4","name":"2025/00671 RAA sp\u00e9cial Pr\u00e9fecture de Police du 28 mai 2025"},{"date":"2025-05-29","first_seen_on":"2025-05-29T12:29:06+00:00","id":"677a68c6e84e1c87a81c11d3f6e0ed66aa74b1af853f81eed0283e16d49a25d1","name":"2025/00672 RAA sp\u00e9cial Pr\u00e9fecture de Police du 28 mai 2025"},{"date":"2025-05-28","first_seen_on":"2025-05-28T17:05:29+00:00","id":"ab8c8514a255044fb0b5d99a1ad2358a18e728cff8932245863200ebc8bbb8c0","name":"RAA sp\u00e9cial Pr\u00e9fecture de Police du 28 mai 2025"},{"date":"2025-05-28","first_seen_on":"2025-05-28T17:04:48+00:00","id":"84e17828d769e5396543a6e1ef16c11a4804cd5b292597c907cf7ca2cf0b4634","name":"RAA sp\u00e9cial SGAD du 28 mai 2025"},{"date":"2025-05-27","first_seen_on":"2025-05-27T14:42:44+00:00","id":"eeb045ab791373b2916068fef2af7a5d3d428a3bdeceb4e7e8e45ae3b8136972","name":"RAA sp\u00e9cial DRIEAT-IDF du 27 mai 2025"},{"date":"2025-05-27","first_seen_on":"2025-05-27T14:42:33+00:00","id":"da2eda4dd18d3aa0d370f2e8352bb85616c140894098eeb7d3559fbc85e88ce4","name":"RAA sp\u00e9cial DDFIP du 27 mai 2025"},{"date":"2025-05-27","first_seen_on":"2025-05-27T10:28:58+00:00","id":"5f3af33603fd6cf2e56bf02302a86e98311c511f5edc4f56a262da3dc6f0cc32","name":"RAA sp\u00e9cial ARS-IDF du 27 mai 2025"},{"date":"2025-05-27","first_seen_on":"2025-05-27T10:28:25+00:00","id":"69a4bf275662cd27c90ca09ef0b7ba410d372494cff7fc69e9b3258370f55cc4","name":"RAA sp\u00e9cial Pr\u00e9fecture de Police du 27 mai 2025"},{"date":"2025-05-26","first_seen_on":"2025-08-20T11:42:25+00:00","id":"3e158c11a1ec4f8817a5cf38a61832ed3f907015b592772d898d93db3a1a60e3","name":"Arr\u00eat\u00e9 2025-00655 h\u00e9licopt\u00e8res agriculteurs 26 au 28 mai"},{"date":"2025-05-26","first_seen_on":"2025-05-26T12:29:58+00:00","id":"c251afb3d63faa1746f0ced568aa321240666d85c3c2808dfd84577138e34f2f","name":"RAA sp\u00e9cial Pr\u00e9fecture de Police du 23 mai 2025"},{"date":"2025-05-24","first_seen_on":"2025-05-24T14:26:59+00:00","id":"995e203d66a27b3b08b1742aefb7734d3ef5a0bb473ce5c08bd807dd3b80aba5","name":"Arr\u00eat\u00e9 drones manif taxis 26 et 27 mai"},{"date":"2025-05-23","first_seen_on":"2025-05-23T16:44:53+00:00","id":"39e032e9de0dbb7166c01430d030d8d92a54c785e58b9fe039615a80e97a0dc4","name":"RAA sp\u00e9cial DRIEAT-IDF du 23 mai 2025"}],"total":1752}
