{"elements":[{"date":"2025-03-17","first_seen_on":"2025-03-17T15:32:57+00:00","id":"7e97966792b7e33197a6d8c1e830d9222ce37acbdfc8d78208cbf41a7bbb11f2","name":"RAA sp\u00e9cial ERASME-EPS du 17 mars 2025"},{"date":"2025-03-14","first_seen_on":"2025-03-14T17:36:41+00:00","id":"dcaca7d1dfdf1185e51fa0b482f970937ed81c4f2b0bc5be73ff20bc430c0bf0","name":"RAA sp\u00e9cial DCL du 14 mars 2025"},{"date":"2025-03-14","first_seen_on":"2025-03-14T17:36:11+00:00","id":"97a7e11307ebbaf2214dcbbe83d53ba6828885247408bae363b72f3c79c0d7f0","name":"RAA sp\u00e9cial DRIEAT du 14 mars 2025"},{"date":"2025-03-13","first_seen_on":"2025-03-13T17:39:58+00:00","id":"f9df1bb6af91e435bc5899879a69a25e63881fdc742f7e7e91d35b2b5a705296","name":"RAA sp\u00e9cial ERASME-EPS du 13 mars 2025"},{"date":"2025-03-13","first_seen_on":"2025-03-13T17:39:51+00:00","id":"b257bc78cf49b288c951fcb4de0354c44cbbf9d8ee626dfb1be5e12ecc1c8fb5","name":"RAA sp\u00e9cial Direction G\u00e9n\u00e9rale des Douanes et Droits Indirects d'Ile de France du 13 mars  2025"},{"date":"2025-03-13","first_seen_on":"2025-03-13T17:39:38+00:00","id":"fd0d79d39039163092a10f8014f1279c32ee302490e4568c0fa9feff36142309","name":"RAA sp\u00e9cial DCL du 13 mars 2025"},{"date":"2025-03-13","first_seen_on":"2025-03-13T17:39:12+00:00","id":"ee8b041f81b95c58147a89278c9ae341469e9a3bfd54fb1c8061cf70da1e788b","name":"RAA sp\u00e9cial DRIEAT-IDF du 13 mars 2025"},{"date":"2025-03-13","first_seen_on":"2025-03-13T15:32:48+00:00","id":"da5dad0675e4c709da7a4371e103457a7fa5cdacbf4ad4028172246a9ec0a2f4","name":"RAA sp\u00e9cial Pr\u00e9fecture de Police du 13 mars 2025"},{"date":"2025-03-13","first_seen_on":"2025-03-13T11:24:53+00:00","id":"4522f76e6a3f978f22668266b8a3447705634342ca255634ebb3131497f00fd6","name":"RAA sp\u00e9cial Direction Interr\u00e9gionale des Services P\u00e9nitentiaires de Paris du 13 mars 2025"},{"date":"2025-03-13","first_seen_on":"2025-03-13T11:24:20+00:00","id":"f7e2cdceb9cf63823dbc1f3b19856fcddfe86594a93035c20e7436ac8b013a93","name":"RAA sp\u00e9cial DRIHL-UD92 du 13 mars 2025"},{"date":"2025-03-12","first_seen_on":"2025-03-12T17:45:28+00:00","id":"c3af4e292599025ee87dc4460ae4c858d1e101271014725c706a112c06204c0e","name":"RAA sp\u00e9cial DSDEN du 12 mars 2025"},{"date":"2025-03-12","first_seen_on":"2025-03-12T17:43:49+00:00","id":"1b8fd8381ce65b8d21ec922aa50ed6263090b8a032135cb2bdfa1bd2933c486a","name":"RAA sp\u00e9cial CABINET du 12 mars 2025"},{"date":"2025-03-12","first_seen_on":"2025-03-12T13:26:27+00:00","id":"bc3594314c38b0a17206575d861d5ce72f71e81e047de90ee0a401ba197ba777","name":"RAA sp\u00e9cial Pr\u00e9fecture de Police du 12 mars 2025"},{"date":"2025-03-12","first_seen_on":"2025-03-12T13:26:01+00:00","id":"e2864f486a77f6281e033ec54713ef9b5823a8972c369ebcfe217ff267f08489","name":"RAA sp\u00e9cial DCL du 12 mars 2025"},{"date":"2025-03-11","first_seen_on":"2025-03-11T15:32:19+00:00","id":"75c98b59952426517f2ab84559db6ed22c78f7b3dc8952d7f125a5622c2c1531","name":"RAA sp\u00e9cial Pr\u00e9fecture de Police du 11 mars 2025"},{"date":"2025-03-10","first_seen_on":"2025-03-10T17:23:07+00:00","id":"e857599fee6202aba546bb981e6a682aee0fd1c07a9db2ece809836e64da8335","name":"RAA sp\u00e9cial DRIEAT-IDF du 10 mars 2025"},{"date":"2025-03-10","first_seen_on":"2025-03-10T17:22:15+00:00","id":"38558f4d14e6b79b0be927dfbd8b7bd5d16b0307308b067d995dfbfa873453f4","name":"RAA sp\u00e9cial DCL du 10 mars 2025"},{"date":"2025-03-10","first_seen_on":"2025-03-10T14:21:11+00:00","id":"129fa9fd8fcc997092a891e617f10d8560725ed102d50b4b343bae69cc851f83","name":"RAA sp\u00e9cial Pr\u00e9fecture de Police du 10 mars 2025"},{"date":"2025-03-10","first_seen_on":"2025-03-10T13:19:45+00:00","id":"c6e4b8f0c0ad0fe202c2ee28647bc43ae39c0e1bb60a5f0820e25d8aed585f55","name":"RAA sp\u00e9cial DSDEN du 12 f\u00e9vrier 2025"},{"date":"2025-03-07","first_seen_on":"2025-03-07T17:22:39+00:00","id":"e9fd23f81c52b84334c1068254f6fa82f7262e8d30c7ed93d2cf2ed934c7b459","name":"RAA sp\u00e9cial DCL du 07 mars  2025"},{"date":"2025-03-07","first_seen_on":"2025-03-07T16:25:08+00:00","id":"04e81e647114f1e53f0c67b60be5159df19487468d3115cda05bedceec729474","name":"RAA sp\u00e9cial DRIEETS-UD92 du 07 mars 2025"},{"date":"2025-03-07","first_seen_on":"2025-03-07T15:25:19+00:00","id":"f1a71f432b26d850ae00a7247b2529800ea945f4cdf689525f1f1dd3ba021279","name":"RAA sp\u00e9cial DRIEAT-UD92 du 31 janvier 2025"},{"date":"2025-03-06","first_seen_on":"2025-03-06T17:22:31+00:00","id":"11b8931abb5755e0f8816d2e87ddd8e704e0071047ee0c9f32472b7ef43c85c4","name":"RAA sp\u00e9cial DRIEAT-IDF du 06 mars  2025"},{"date":"2025-03-06","first_seen_on":"2025-03-06T17:22:15+00:00","id":"7574c625d45b37af5552f9d53cd6fe5995c84c6806b2c665d78320f5082c4889","name":"RAA sp\u00e9cial Pr\u00e9fecture de Police du 06 mars 2025"},{"date":"2025-03-06","first_seen_on":"2025-03-06T15:21:41+00:00","id":"bc9d0ca3930231642d45d4efb952a2976746ab27ebc31b20f78e63023ecb37e9","name":"RAA sp\u00e9cial CABINET du 06 mars  2025"},{"date":"2025-03-06","first_seen_on":"2025-03-06T15:21:12+00:00","id":"183d3bf89c554268ea9806b97a1ccd667d289aa22705332b0d890d1eee26c9ad","name":"RAA sp\u00e9cial DRIEETS-UD92 du 06  mars 2025"},{"date":"2025-03-06","first_seen_on":"2025-03-06T14:21:04+00:00","id":"cecc8708f35cb3e90e7fd2f916b81dd438613e0f95e40025c278a34a2f6e749f","name":"RAA sp\u00e9cial DDFIP du 06 mars 2025"},{"date":"2025-03-05","first_seen_on":"2025-03-05T16:30:30+00:00","id":"98b611b754dffc81c511d6d4b3af8de763753bae2d9e33934755fa94a7c138f7","name":"RAA sp\u00e9cial ARS-IDF du 05 mars 2025"},{"date":"2025-03-05","first_seen_on":"2025-03-05T16:30:04+00:00","id":"a9d77d3e5dc691732417d29b31283baa4a028362c48922256b847ca122390b4a","name":"RAA sp\u00e9cial CABINET du 05 mars 2025"},{"date":"2025-03-05","first_seen_on":"2025-03-05T16:29:41+00:00","id":"403cfef49960758157b104b22a3dc1f48717980a2cb5193af77df23be3e9d8b4","name":"RAA sp\u00e9cial Pr\u00e9fecture de Police du 05 mars 2025"},{"date":"2025-03-05","first_seen_on":"2025-03-05T16:25:36+00:00","id":"fa27972eeb83888b8bb962f3a80a1e106ff8abff7e8b820def5a510dc671f131","name":"RAA sp\u00e9cial DRIEETS-UD92 du 05 mars 2025"},{"date":"2025-03-04","first_seen_on":"2025-03-04T17:21:43+00:00","id":"065a5dfd5ba08dc570d1e0e42191783f8973e767e9cb7fa66de044a3879e0b8d","name":"RAA sp\u00e9cial DRIEAT-UD92 du 04 mars  2025"},{"date":"2025-03-03","first_seen_on":"2025-03-03T15:22:41+00:00","id":"96e0974025fb832fabdb35905a0a799ae80a504b20390d9edf3d860aeb61dd7d","name":"RAA sp\u00e9cial DCL du 03 mars 2025"},{"date":"2025-03-03","first_seen_on":"2025-03-03T14:19:57+00:00","id":"c67f583fd23f868c67383b47f9034582cc3ac2829d23f300766c32100c9be3e0","name":"RAA sp\u00e9cial Pr\u00e9fecture de Police du 03 mars 2025"},{"date":"2025-03-03","first_seen_on":"2025-03-03T10:20:54+00:00","id":"6131dfa5e32ea21d8e6f308ffb56916633c49ac0cbf827ba9c05fd78db65cad8","name":"RAA sp\u00e9cial DRIEAT-IDF du 03 mars 2025"},{"date":"2025-02-28","first_seen_on":"2025-02-28T15:28:15+00:00","id":"b97085ad650a729b73a81eb9e054a5ba6aee02035b596fb13e61b83ae8407303","name":"RAA sp\u00e9cial DCL du 28 f\u00e9vrier 2025"},{"date":"2025-02-28","first_seen_on":"2025-02-28T11:21:27+00:00","id":"40e1d901fa00635ebc4590752099eac4efd6a58881b012ef9eb09150094ebb60","name":"RAA sp\u00e9cial Pr\u00e9fecture de Police du 28 f\u00e9vrier 2025"},{"date":"2025-02-28","first_seen_on":"2025-02-28T11:19:32+00:00","id":"4e29498374ae5e28772947580997fff1759add0c51435f11320a6558d4b93ef8","name":"RAA sp\u00e9cial DRIEAT-IDF du 28 f\u00e9vrier 2025"},{"date":"2025-02-27","first_seen_on":"2025-02-27T16:21:17+00:00","id":"2f671c4bedf21699f2e71279754ae9a24252c663c72823bab3272f746ead6efc","name":"RAA sp\u00e9cial DRIEAT-IDF du 27 f\u00e9vrier 2025"},{"date":"2025-02-27","first_seen_on":"2025-02-27T15:24:18+00:00","id":"9ce4e3682bcffdca64be2302a44d7cbd3bff8b3beac8da4aea2de596ae0516f8","name":"RAA sp\u00e9cial CABINET-DS-BSI du 27 f\u00e9vrier 2025"},{"date":"2025-02-27","first_seen_on":"2025-02-27T15:21:55+00:00","id":"6418e1c3833e6c70e438b44f56a0cb1c5815948a98414c7dedbcf1e098afc818","name":"RAA sp\u00e9cial DDPP du 27 f\u00e9vrier 2025"},{"date":"2025-02-27","first_seen_on":"2025-02-27T14:27:04+00:00","id":"3b68dea1d1b24348b11e506c6b25c38e5fe046611a8e5d4461ed9db058bdfd82","name":"RAA sp\u00e9cial Pr\u00e9fecture de Police du 27 f\u00e9vrier 2025"},{"date":"2025-02-27","first_seen_on":"2025-02-27T14:25:35+00:00","id":"bf8d7f43f804d2d0c1f36bc8c1b89760bf555600ee4f9b0da4e42118076ad57d","name":"RAA sp\u00e9cial SGAD du 27 f\u00e9vrier 2025"},{"date":"2025-02-27","first_seen_on":"2025-02-27T14:24:27+00:00","id":"5bca2a106a4fd45a206117266fa5ef32e64f8ee6e58df416811d7e581b461565","name":"RAA sp\u00e9cial DCL du 27 f\u00e9vrier 2025"},{"date":"2025-02-26","first_seen_on":"2025-02-26T15:25:19+00:00","id":"86c4302a240949459d1dd57e8e489777e008a784b2dbb61f6e727b55a25f5493","name":"RAA sp\u00e9cial DRIEAT-IDF du 26 f\u00e9vrier 2025"},{"date":"2025-02-26","first_seen_on":"2025-02-26T13:19:50+00:00","id":"209008e74a1937e35d5377fa2e8e9321358cb111791e3c3b283a2fa2a436e034","name":"RAA sp\u00e9cial DRIEETS-UD92 du 26 f\u00e9vrier 2025"},{"date":"2025-02-25","first_seen_on":"2025-02-25T16:23:29+00:00","id":"94e0aa0f029615d44fb4d673f2761eb76b7db0b97d22d8b0e493cfaa09f88917","name":"RAA sp\u00e9cial Pr\u00e9fecture de Police du 25 f\u00e9vrier 2025"},{"date":"2025-02-25","first_seen_on":"2025-02-25T15:23:05+00:00","id":"32bfc9504157dca22420d73148ae339f89a81388f157763bd18a1384834000e9","name":"RAA sp\u00e9cial DRIEAT-IDF du 25 f\u00e9vrier 2025"},{"date":"2025-02-24","first_seen_on":"2025-02-24T17:21:03+00:00","id":"b5a8060de0a577043790fba4f22bf099b1178d7dac3ab11c32e833851b3c88d4","name":"RAA sp\u00e9cial DRIHL-UD92 du 24 f\u00e9vrier 2025"},{"date":"2025-02-24","first_seen_on":"2025-02-24T16:26:36+00:00","id":"4c20531d3583a16a80f22967351b01dfab5773769caaf3e0fb7a5d06b34b54b9","name":"RAA sp\u00e9cial Direction de projet CAD du 24 f\u00e9vrier 2025"}],"total":1752}
