{"elements":[{"date":"2025-02-07","first_seen_on":"2025-02-07T15:40:49+00:00","id":"c8e15d7022fa14dff2640eb4ededaa247eed3ff9405dc832a2e224e9b5806356","name":"RAA sp\u00e9cial DCL du 07 f\u00e9vrier 2025"},{"date":"2025-02-07","first_seen_on":"2025-02-07T11:31:12+00:00","id":"efc89cbff59527b12555ba9237fd5582489ea682423195893973449af19861da","name":"RAA sp\u00e9cial DCL du 06 f\u00e9vrier 2025"},{"date":"2025-02-07","first_seen_on":"2025-02-07T11:31:04+00:00","id":"e44c9c22ec329ce8d9425a3dc737ec9bf1b08c2dd591d563f431fa38bded5b73","name":"RAA sp\u00e9cial SGCD du 07 f\u00e9vrier 2025"},{"date":"2025-02-06","first_seen_on":"2025-02-06T19:30:00+00:00","id":"3768ea85ec4e7751491dc8f0e9e543916259a2d791b4dd780599a9df838946e2","name":"RAA sp\u00e9cial DCL du 06 f\u00e9vrier 2025"},{"date":"2025-02-06","first_seen_on":"2025-02-06T17:38:34+00:00","id":"3bc5cdf9319d84d7682c863140816cea992ca8f858685ff21ea35db0baf0ac8e","name":"RAA sp\u00e9cial DCL du 06 f\u00e9vrier 2025"},{"date":"2025-02-06","first_seen_on":"2025-02-06T17:37:45+00:00","id":"1ca92bfde3a044dc362df6cd1b9236bfb81133f9635b1c70b2f26ee683614151","name":"RAA sp\u00e9cial Pr\u00e9fecture de Police du 06 f\u00e9vrier 2025"},{"date":"2025-02-06","first_seen_on":"2025-02-06T11:36:30+00:00","id":"39d4c1a78b4c60e8db0cfa09c55930efbf8c1e266341babb9c987196e06436f9","name":"RAA sp\u00e9cial MINISTERE DE LA JUSTICE du 06 f\u00e9vrier 2025"},{"date":"2025-02-06","first_seen_on":"2025-02-06T11:33:47+00:00","id":"ce290b73cab628f2e6794341c7ed51f3ef34c45f41841b07b9502c3ef236f201","name":"RAA sp\u00e9cial DDPP du 06 f\u00e9vrier 2025"},{"date":"2025-02-05","first_seen_on":"2025-02-05T17:36:15+00:00","id":"e9acb5cd2a305e8b376421897174be409af9aa8bead22b0e0f78b7218c5c993c","name":"RAA sp\u00e9cial Pr\u00e9fecture de Seine et Marne du 05 f\u00e9vrier 2025"},{"date":"2025-02-05","first_seen_on":"2025-02-05T17:36:00+00:00","id":"30b8d4646d345a8ea20c8dbb87ce02f6197d08aad908173bc2615812c66ee811","name":"RAA sp\u00e9cial Pr\u00e9fecture de Police du 05 f\u00e9vrier 2025"},{"date":"2025-02-05","first_seen_on":"2025-02-05T17:35:50+00:00","id":"7f8743327253ecc4091ad1e4cb80a1119fede1075d4048ae341a808646628481","name":"RAA sp\u00e9cial DSDEN du 05 f\u00e9vrier 2025"},{"date":"2025-02-05","first_seen_on":"2025-02-05T15:32:11+00:00","id":"19d701d794585ea9ab047c1ed542c911e6fa61f0c6b2f8fb22b0b51e22874493","name":"RAA sp\u00e9cial DCL du 05 f\u00e9vrier 2025"},{"date":"2025-02-05","first_seen_on":"2025-02-05T11:29:44+00:00","id":"cfe556c7e17a5ce712d84d56af1b75355681025e224e969258bd1c202a13a5c2","name":"RAA sp\u00e9cial DRIEAT-IDF du 05 f\u00e9vrier 2025"},{"date":"2025-02-04","first_seen_on":"2025-02-04T17:37:26+00:00","id":"6ad27f803df14ffc51611ae1d405621b1c76dc87909e004750ed969123203151","name":"RAA sp\u00e9cial DRIEAT-IDF du 04 f\u00e9vrier 2025"},{"date":"2025-02-04","first_seen_on":"2025-02-04T17:37:12+00:00","id":"b918190a9d2896c0fa2f4453ef747c813c38dc253e02fd390e1a49fc0db9cddf","name":"RAA sp\u00e9cial DCL du 04 f\u00e9vrier 2025"},{"date":"2025-02-03","first_seen_on":"2025-02-03T13:30:47+00:00","id":"b79d3d016c9f47bb090c028bc5b584c474cc57804b37471b4bb47924352b9af1","name":"RAA sp\u00e9cial DDFIP du 03 f\u00e9vrier 2025"},{"date":"2025-02-03","first_seen_on":"2025-02-03T13:30:39+00:00","id":"d368c662975a88c12c1ce306ba3d96b50b845f71bbb825f812e6cfd7c8681c31","name":"RAA sp\u00e9cial ARS-IDF du 03 f\u00e9vrier 2025"},{"date":"2025-01-31","first_seen_on":"2025-01-31T17:38:25+00:00","id":"ae8cbd32d5457b4800e488585671c25cc3ab5ac6d25874a4b362508565f3f94f","name":"RAA sp\u00e9cial ARS-IDF du 31 janvier 2025"},{"date":"2025-01-31","first_seen_on":"2025-01-31T17:38:04+00:00","id":"8d466ba93326f55508d8faa479a319225e0a23f85277d827050eaa72972bb3b5","name":"RAA sp\u00e9cial Pr\u00e9fecture de Police du 31 janvier 2025"},{"date":"2025-01-31","first_seen_on":"2025-01-31T15:30:40+00:00","id":"1b23b2c8229227ef4e133ee72177d8315d570b0354d18b0a609d58ce88602b16","name":"RAA sp\u00e9cial DRIEAT-IDF du 31 janvier 2025"},{"date":"2025-01-30","first_seen_on":"2025-01-30T17:29:26+00:00","id":"af79377444d772aeac6d6f1c78bfeff4c8f244c43c1876290362242083df0f18","name":"RAA sp\u00e9cial DRIEAT-IDF du 30 janvier 2025"},{"date":"2025-01-30","first_seen_on":"2025-01-30T17:29:18+00:00","id":"87e31bac0b6a8b60ef52682ebaf54efde650e41ff158fc7720b2e0a4c434cfe8","name":"RAA sp\u00e9cial DCL du 30 janvier 2025"},{"date":"2025-01-30","first_seen_on":"2025-01-30T15:31:25+00:00","id":"33c2aed9131aca957a57d303fb2dea9cd79923c24170f5589388c6fe5851afa4","name":"RAA sp\u00e9cial DDPP du 30 janvier 2025"},{"date":"2025-01-30","first_seen_on":"2025-01-30T13:32:34+00:00","id":"e1f060b8639e14862156a1a3bcfcae4d4782be5d01b6aa8c50c8eca8d731acf1","name":"RAA sp\u00e9cial ARS-IDF du 30 janvier 2025"},{"date":"2025-01-30","first_seen_on":"2025-01-30T09:24:36+00:00","id":"e9023d3dfebfcbc286fe2418145feed402f07359fc84dc29f656c8c7592a8d6e","name":"RAA sp\u00e9cial Direction Interr\u00e9gionale des Services P\u00e9nitentiaires de Paris du 30 janvier 2025"},{"date":"2025-01-29","first_seen_on":"2025-01-29T17:32:57+00:00","id":"14b1e87b488e0ef0d5db72deba1978aba0d2fba03b6f108c2403796103269762","name":"RAA sp\u00e9cial ARS-IDF du 29 janvier 2025"},{"date":"2025-01-29","first_seen_on":"2025-01-29T17:32:49+00:00","id":"dae102806a4afc51c4190d754c7fed4d2626068cd7157551240b08e9cba3f26b","name":"RAA sp\u00e9cial DSDEN du 29 janvier 2025"},{"date":"2025-01-29","first_seen_on":"2025-01-29T17:32:37+00:00","id":"9564db7cee4cf4f9e3912e64361599497697bdef2e4d94c0f8027dfd95716284","name":"RAA sp\u00e9cial DCL du 29 janvier 2025"},{"date":"2025-01-29","first_seen_on":"2025-01-29T17:32:27+00:00","id":"d0e825e1398e75e8c0cbeb7671f927b5cfad48eab2778b0edce0fe7fc414b45b","name":"RAA sp\u00e9cial DRIEAT-IDF du 29 janvier 2025"},{"date":"2025-01-29","first_seen_on":"2025-01-29T15:54:34+00:00","id":"5eabcb7a75e872d2add8e6f16173a58468b4a9f1e3216240983ba611b4c67807","name":"RAA sp\u00e9cial ERASME-EPS du 29 janvier 2025"},{"date":"2025-01-29","first_seen_on":"2025-01-29T15:32:59+00:00","id":"41e1828e8f4e901a4cf928d8b4ce8002afde6b6f2a6f9ec214f08b2c397025a3","name":"RAA sp\u00e9cial Sous-pr\u00e9fecture d'Antony du 29 janvier 2025"},{"date":"2025-01-29","first_seen_on":"2025-01-29T15:31:07+00:00","id":"47e1427fcc3df1ee1579406b048ff0ee81c1a06e43eaa1d0637700e33b074997","name":"RAA sp\u00e9cial Cabinet-BRE du 05 d\u00e9cembre 2024"},{"date":"2025-01-29","first_seen_on":"2025-01-29T09:28:11+00:00","id":"9370a9e96a3bac93d6b6bf14da8da5f22edcf1450baf34b0e4320299d7ed3f40","name":"RAA sp\u00e9cial MVCS du 29 janvier 2025"},{"date":"2025-01-28","first_seen_on":"2025-01-28T17:29:21+00:00","id":"d31af27ad93f2a872878d5f49f1a64db92caaf440b9c21edaa8d62e451e4a913","name":"RAA sp\u00e9cial DRIEAT-UD92 du 28 janvier 2025"},{"date":"2025-01-28","first_seen_on":"2025-01-28T17:28:03+00:00","id":"62235629302cf4f148308de4b90083a879a7c28e099da5bf633236516cc1946c","name":"RAA sp\u00e9cial SNCF RESEAU du 28 janvier 2025"},{"date":"2025-01-28","first_seen_on":"2025-01-28T17:26:34+00:00","id":"3333e68148e305c27afcfa54bdf91bf8e6454361b0a1d475d7e04ceceeeb9afd","name":"RAA sp\u00e9cial DRIEAT-IDF du 28 janvier 2025"},{"date":"2025-01-28","first_seen_on":"2025-01-28T17:25:03+00:00","id":"f37e31d88cbd8144dddcdaab876a6db1ef2e3903ca96a4e1e732378f597c52d0","name":"RAA sp\u00e9cial DRIHL-UD92 du 28 janvier 2025"},{"date":"2025-01-28","first_seen_on":"2025-01-28T15:26:44+00:00","id":"6e9863c5aa0cc691e676710c891da07068edcf749c4e88902ec10588f864957d","name":"RAA sp\u00e9cial CABINET-SDCI du 28 janvier 2025"},{"date":"2025-01-27","first_seen_on":"2025-01-27T17:32:00+00:00","id":"678aa9da8744d6c9214411012905bdc7954d01204b7b18450d07bb33ba604599","name":"RAA sp\u00e9cial DRIEAT-IDF du 27 janvier 2025"},{"date":"2025-01-27","first_seen_on":"2025-01-27T15:24:55+00:00","id":"dc93a46fdc1fd5e04db547edd5cc40370a761701fa4230684693e6de4fc1ef6b","name":"RAA sp\u00e9cial DCL du 27 janvier 2025"},{"date":"2025-01-27","first_seen_on":"2025-01-27T11:23:53+00:00","id":"aac1a954551e4512f59901b010240acbd72f3e76ee1847b9d8dc769af39a34d5","name":"RAA sp\u00e9cial Pr\u00e9fecture de Police du 27 janvier 2025"},{"date":"2025-01-27","first_seen_on":"2025-01-27T09:23:00+00:00","id":"5997135599dc84f35e8ac18fa50245ee7b0c07ded500f3440ad5890b0c686b07","name":"RAA sp\u00e9cial CAB-DS-BPS Vid\u00e9oprotection du 27 janvier 2025"},{"date":"2025-01-24","first_seen_on":"2025-01-24T17:39:41+00:00","id":"8e1f68b1995cd4dd0293d06d8080bac508d99f3bdb7298f905c7b40162a3b33f","name":"RAA sp\u00e9cial DRIEAT-IDF du 24 janvier 2025"},{"date":"2025-01-24","first_seen_on":"2025-01-24T15:36:51+00:00","id":"67813f89daa6f07ecce996493c6a04262b459f3fcc10801701e4432ebbcc724d","name":"RAA sp\u00e9cial DCL du 24 janvier 2025"},{"date":"2025-01-24","first_seen_on":"2025-01-24T15:36:36+00:00","id":"45c358134ec4c744956c2ba14402f0ba3775642b72ffc0459c46e4e669835595","name":"RAA sp\u00e9cial CABINET du 24 janvier 2025"},{"date":"2025-01-24","first_seen_on":"2025-01-24T15:36:18+00:00","id":"570b2e8ab064b7abdbb54c7d8d55f44036c99b0b5c2c8b8888fe11eb8c4733a3","name":"RAA sp\u00e9cial Pr\u00e9fecture de Police du 24 janvier 2025"},{"date":"2025-01-24","first_seen_on":"2025-01-24T11:23:28+00:00","id":"02947fd2cf9379dbfaed710a5ea0db9b2a40143ddb1bc12f2e922f165aeb78e1","name":"RAA sp\u00e9cial CAB-DS-BPS Vid\u00e9oprotection du 24 janvier 2025"},{"date":"2025-01-23","first_seen_on":"2025-01-23T15:31:20+00:00","id":"127d4bbdf62bf44aeed5b4dda90f5e5af71dcbd61ff59ee9de9cb1493dfea8b0","name":"RAA sp\u00e9cial DSDEN du 23 janvier 2025"},{"date":"2025-01-23","first_seen_on":"2025-01-23T15:29:08+00:00","id":"38fe7390ffdc45e16124bc3210673a18acf3b12c3f9792c15f70d67b657bf240","name":"RAA sp\u00e9cial DRIEAT-IDF du 23 janvier 2025"},{"date":"2025-01-23","first_seen_on":"2025-01-23T15:27:30+00:00","id":"3159e7058ef3082de231c653806213fd6bf26991585b9bc65e1404d4185cee84","name":"RAA sp\u00e9cial DRIEETS-UD92 du 23 janvier 2025"}],"total":1758}
