{"elements":[{"date":"2025-01-14","first_seen_on":"2025-01-14T11:41:35+00:00","id":"f1627db5c145fcd499c3434a7b72ae71133e726ad8ac269076062c07f9e4b887","name":"RAA sp\u00e9cial CASH_EPS Roger Pr\u00e9vot du 07 janvier 2025"},{"date":"2025-01-14","first_seen_on":"2025-01-14T11:41:22+00:00","id":"48c91fb74ce67e4a8d5e16dd340c1ac07c17487f5e0f630f489a7fece85668ba","name":"RAA sp\u00e9cial Centre Hospitalier D\u00e9partemental STELL du 07 janvier 2025"},{"date":"2025-01-14","first_seen_on":"2025-01-14T11:38:04+00:00","id":"eccde45fe0c6f4e9a3eb369f107711c9f4be7bc830cc1aaf7d900685df5503f1","name":"RAA sp\u00e9cial Pr\u00e9fecture de Police du 07 janvier 2025"},{"date":"2025-01-14","first_seen_on":"2025-01-14T11:37:21+00:00","id":"51a460db540acc4d7179c6d4428d87fac148ccc9aba3aca3934affce36048b6d","name":"RAA sp\u00e9cial Sous-pr\u00e9fecture d'Antony du 07 janvier 2025"},{"date":"2025-01-14","first_seen_on":"2025-01-14T11:36:40+00:00","id":"17d77a840fdfdb50c21bb2f661b2a20e9549d043cee1e538e1a0c4aa8cfe771b","name":"RAA sp\u00e9cial Pr\u00e9fecture de Police du 08 janvier 2025"},{"date":"2025-01-14","first_seen_on":"2025-01-14T11:36:33+00:00","id":"bd35ae0a66b7f92c8b64815aeb9549ef9fdbd2d853643fe2a79c8d59c663289d","name":"RAA sp\u00e9cial Pr\u00e9fecure de Police du 14 janvier 2025"},{"date":"2025-01-14","first_seen_on":"2025-01-14T09:37:27+00:00","id":"b2eda8074d179542bada844184d184164a14e6df2147c0d3ae1e56ae5a08d211","name":"RAA sp\u00e9cial Centre Hospitalier des Quatre Villes 08 janvier 2025"},{"date":"2025-01-14","first_seen_on":"2025-01-14T09:37:20+00:00","id":"77691e461b69ae1a8f305278ca2b02f06cc68fd6deba6f4fa26ef72d4002e06a","name":"RAA sp\u00e9cial Direction G\u00e9n\u00e9rale des Douanes et Droits Indirects d'Ile de France du 08 janvier 2025"},{"date":"2025-01-14","first_seen_on":"2025-01-14T09:36:55+00:00","id":"3739a14002bc7db7097a9044df9d84067ee5aa92fd31bb1dda18163103b6dce9","name":"RAA sp\u00e9cial DRIAAF du 08 janvier 2025"},{"date":"2025-01-14","first_seen_on":"2025-01-14T09:36:43+00:00","id":"9a349cc308a4b6229ec670e5c2923ca278013724ffd9c3ad3ded29d04d952e0f","name":"RAA sp\u00e9cial DRIEAT-IDF du 08 janvier 2025"},{"date":"2025-01-14","first_seen_on":"2025-01-14T09:36:27+00:00","id":"dd52d6e7da4ed24935b6d97891a8e5430bc61cffcc88dce3c2e2cd901f2e83a6","name":"RAA sp\u00e9cial EHPAD Lasserre et Le Parc du 08 janvier 2025"},{"date":"2025-01-13","first_seen_on":"2025-01-13T17:40:09+00:00","id":"c76f542779d2ed8b1c77e03bcb8af76d99c510006cd8d2055d77774f0f96dfae","name":"RAA sp\u00e9cial ARS-IDF du 13 janvier 2025"},{"date":"2025-01-13","first_seen_on":"2025-01-13T17:39:26+00:00","id":"68846e98b347d0e79b6336c929ff2775024bd15eeb105e0f4978c3b62303a2fc","name":"RAA sp\u00e9cial CABINET du 13 janvier 2025"},{"date":"2025-01-13","first_seen_on":"2025-01-13T17:39:15+00:00","id":"4042efdb42c3adc5e8b07a66c55d0b9b6bb391b049cc3ab3ab08b531e0a8e177","name":"RAA sp\u00e9cial DCL du 13 janvier 2025"},{"date":"2025-01-13","first_seen_on":"2025-01-13T17:39:08+00:00","id":"df87562c6a0d092bf9e660575b1156ff641fc683c3946bd645c45539c0c8c041","name":"RAA sp\u00e9cial DRIEAT-IDF du 13 janvier 2025"},{"date":"2025-01-13","first_seen_on":"2025-01-13T17:38:43+00:00","id":"f6fd9ccc5ee8c399b48ee6a4627b812aeae5ad54ea68f5da34ab36929adb4db5","name":"RAA sp\u00e9cial Pr\u00e9fecture de Police du 13 janvier 2025"},{"date":"2025-01-10","first_seen_on":"2025-01-10T17:52:04+00:00","id":"ae51f19874161b238b67d91702fa301f9fd2490175178806c900f12f3d2fdf93","name":"RAA sp\u00e9cial Centre P\u00e9nitentiaire des Hauts-de-Seine du 10 janvier 2025"},{"date":"2025-01-10","first_seen_on":"2025-01-10T17:51:48+00:00","id":"bf2e5fb039dc6c567a0da737bda2fbcf7980ce1c97ec65402acc96ec0d3062c1","name":"RAA sp\u00e9cial CABINET du 10 janvier 2025"},{"date":"2025-01-10","first_seen_on":"2025-01-10T15:46:05+00:00","id":"4399f5c34569278818af25971c6d800d4b7c96ed098cb17fd3613861da52b14e","name":"RAA sp\u00e9cial DCL du 10 janvier 2025"},{"date":"2025-01-10","first_seen_on":"2025-01-10T15:45:53+00:00","id":"23549a10e29bf2fe7f2c69002648067011bd989c2d946e684da3efccf0789a94","name":"RAA sp\u00e9cial DRIEAT-IDF du 10 janvier 2025"},{"date":"2025-01-10","first_seen_on":"2025-01-10T11:37:13+00:00","id":"e62f16fa90a657ac504ac94ad40b66d68b0b68eecc7d428f56e799725c669817","name":"RAA sp\u00e9cial Pr\u00e9fecture de Police du 10 janvier 2025"},{"date":"2025-01-10","first_seen_on":"2025-01-10T09:37:32+00:00","id":"9179cb7c9f9e073872b41b89b01cb6aa738951f664ee7b3a599463d7b50e76fe","name":"RAA sp\u00e9cial EHPAD Lasserre et Le Parc  du 10 janvier 2025"},{"date":"2025-01-09","first_seen_on":"2025-01-09T17:45:27+00:00","id":"83effeb59342fbbe0c86b06b43aea62469cd1f661561f2cf8cfcd9323c6bbbd3","name":"RAA sp\u00e9cial DRIEAT-IDF du 09 janvier 2025"},{"date":"2025-01-09","first_seen_on":"2025-01-09T17:45:18+00:00","id":"15ccb2ccf1cdeb2c982ad1b870b95a5c97a7f8c40bbc14db8edeb11909e6cb44","name":"RAA sp\u00e9cial DCL du 09 janvier 2025"},{"date":"2025-01-09","first_seen_on":"2025-01-09T13:38:23+00:00","id":"875e01b0204b5e1f7732f08a98955295d490e11e8c36a3038a74e2e9b7821436","name":"RAA sp\u00e9cial CABINET-DS-SIDPC du 06 janvier 2025"},{"date":"2025-01-08","first_seen_on":"2025-01-08T17:51:19+00:00","id":"6f6f3de5f8941d9bbdf93ff9837cb1e02cd3af9ddad2f3fdab7a8d69aa2602e9","name":"RAA sp\u00e9cial DRIAAF du 08 janvier 2025"},{"date":"2025-01-08","first_seen_on":"2025-01-08T17:51:08+00:00","id":"25b78b5d3fc3f394a568d7fd956b578cd6dc7663c7f138c6386d88170c228ce3","name":"RAA sp\u00e9cial DRIEAT-IDF du 08 janvier 2025"},{"date":"2025-01-08","first_seen_on":"2025-01-08T17:46:18+00:00","id":"d11b50c5951a748ee2f35a2107407de6093094b3ee9ed8728ea2593fbc679f9f","name":"RAA sp\u00e9cial CAB-DS-BPS Vid\u00e9oprotection du 08 janvier 2025"},{"date":"2025-01-08","first_seen_on":"2025-01-08T15:41:10+00:00","id":"cf588cb23d73ffcdab969b24c60b4901bb0abf825f4ead84587a637acd8ee005","name":"RAA sp\u00e9cial DDFIP du 08 janvier 2025"},{"date":"2025-01-08","first_seen_on":"2025-01-08T15:40:57+00:00","id":"cc456100dbbcba959a8cc6cd68b1201848623a75dba0d2a17ce919a099a4f979","name":"RAA sp\u00e9cial Rectorat IDF du 08 janvier 2025"},{"date":"2025-01-08","first_seen_on":"2025-01-08T15:40:48+00:00","id":"2df7a453150e37d97b67114a0d5ec748c39297de469d792ed7d54bf6e6123200","name":"RAA sp\u00e9cial Direction G\u00e9n\u00e9rale des Douanes et Droits Indirects d'Ile de France du 08 janvier 2025"},{"date":"2025-01-08","first_seen_on":"2025-01-08T11:37:32+00:00","id":"cf8de14bb7938f99eed6e6b49f1741fab17515b753c7f6b6ef80066c4f99aa52","name":"RAA sp\u00e9cial Centre Hospitalier des Quatre Villes 08 janvier 2025"},{"date":"2025-01-08","first_seen_on":"2025-01-08T11:37:14+00:00","id":"d52b71da3a20a0e5688b6bdedff8a5d3d977da1ecd888146c19a539fdcb950c3","name":"RAA sp\u00e9cial EHPAD Lasserre et Le Parc  du 08 janvier 2025"},{"date":"2025-01-08","first_seen_on":"2025-01-08T09:37:38+00:00","id":"ab586ed114878afc7b5869d606b7609d4f32420c460046ed48263aff66ce3b9c","name":"RAA sp\u00e9cial Pr\u00e9fecture de Police du 08 janvier 2025"},{"date":"2025-01-07","first_seen_on":"2025-01-07T17:40:41+00:00","id":"198dd64b7bb7bf895892bbe87398006892a4dca9245c6019c4a5d8aec3cf6a2b","name":"RAA sp\u00e9cial DRIEAT-IDF du 07 janvier 2025"},{"date":"2025-01-07","first_seen_on":"2025-01-07T17:40:24+00:00","id":"9bc8bc69f0146ebcac12cf4c57475b2578ee2ee6285d94f972fe5a966fed7aa8","name":"RAA sp\u00e9cial Fondation Roguet du 07 janvier 2025"},{"date":"2025-01-07","first_seen_on":"2025-01-07T17:40:12+00:00","id":"bd0378d48fb2a5afa73cceb95fd96e920d905fa36394cec5730b0ec640514497","name":"RAA sp\u00e9cial Centre Hospitalier D\u00e9partemental STELL du 07 janvier 2025"},{"date":"2025-01-07","first_seen_on":"2025-01-07T17:39:35+00:00","id":"224134b339f112c8d526bd14a1f8f87078438af883d8462efe5fbc527039c15f","name":"RAA sp\u00e9cial Sous-pr\u00e9fecture d'Antony du 07 janvier 2025"},{"date":"2025-01-07","first_seen_on":"2025-01-07T11:40:46+00:00","id":"4bcbcca835091bac05a44e9f7bb8f0de6a97b7568453ce579525db8ee509f0f6","name":"RAA sp\u00e9cial CABINET du 07 janvier 2025"},{"date":"2025-01-07","first_seen_on":"2025-01-07T11:40:40+00:00","id":"2d662938e3f269db506289eac1803af4662bb494c75fcc7e3e4689dae4fc1d7b","name":"RAA sp\u00e9cial CABINET-DS-BSI du 07 janvier 2025"},{"date":"2025-01-07","first_seen_on":"2025-01-07T11:40:24+00:00","id":"3e6e5ba6a648eb2b6415206ec72bb9784b6503945068481249828a50b5ff880c","name":"RAA sp\u00e9cial CASH_EPS Roger Pr\u00e9vot du 07 janvier 2025"},{"date":"2025-01-07","first_seen_on":"2025-01-07T09:39:37+00:00","id":"408ae408ac559fa82101640c5803defb20a4ebc700615e076fc3d5691c57559c","name":"RAA sp\u00e9cial Pr\u00e9fecture de Police du 07 janvier 2025"},{"date":"2025-01-06","first_seen_on":"2025-01-06T18:51:53+00:00","id":"43a23c7013124de41eea549d0df7771b42359da291303f87ee482fcee75c2f11","name":"RAA sp\u00e9cial DRIEAT-IDF du 06 janvier 2025"},{"date":"2025-01-06","first_seen_on":"2025-01-06T18:51:32+00:00","id":"de960f296ed556557cbedf5a1c8d3295c306d9fc44d0e32d0a71cce75b94d5c1","name":"RAA sp\u00e9cial DCL du 06 janvier 2025"},{"date":"2025-01-06","first_seen_on":"2025-01-06T18:51:06+00:00","id":"eb2a8492a0c1ac6872b4a2127e2ca4ccfbb1ee256282060385aeed79367ce5d2","name":"RAA sp\u00e9cial DDFIP du 06 janvier 2025"},{"date":"2025-01-06","first_seen_on":"2025-01-06T16:14:16+00:00","id":"327bc8cea5962c6c11863190852eda5fad98b2b293929423fa18f3d80b6ad1ce","name":"RAA sp\u00e9cial CABINET-BRE du 06 janvier 2025"},{"date":"2025-01-06","first_seen_on":"2025-01-06T16:13:50+00:00","id":"f7f4c031ea636067a8ea3ef6948e44245cd31b56d40992cfa6ae9bb28aa626d1","name":"RAA sp\u00e9cial CABINET-DS-SIDPC du 06 janvier 2025"},{"date":"2025-01-06","first_seen_on":"2025-01-06T16:13:12+00:00","id":"bc8257047cdea842f52a132a6c7df483607586e7f02fdc57d88288383cdfd9c5","name":"RAA sp\u00e9cial CABINET-BRE du 06 janvier 2025"},{"date":"2025-01-06","first_seen_on":"2025-01-06T12:16:12+00:00","id":"9729aea501e4979ea8ad468d4e91b6e2286255c980b3152e993a30dabc27051e","name":"RAA sp\u00e9cial DRIEETS-UD92 du 06 janvier 2025"},{"date":"2025-01-06","first_seen_on":"2025-01-06T12:13:06+00:00","id":"d2aae4bacbc59a87b764b79b035a730f73f7ef8b7939919e44164795aa7d887e","name":"RAA sp\u00e9cial Pr\u00e9fecture de Police du 06 janvier 2025"}],"total":1758}
