{"administration":"pref21","administration_name":"Pr\u00e9fecture de C\u00f4te-d\u2019Or","content":"PR\u00c9FET\nDE LA C\u00d4TE-D'OR\nRECUEIL DES ACTES\nADMINISTRATIFS SP\u00c9CIAL\nN\u00b021-2024-082\nPUBLI\u00c9 LE  5 JUILLET 2024\nSommaire\nPr\u00e9fecture de la C\u00f4te-d'Or / Direction des s\u00e9curit\u00e9s\n21-2024-07-04-00003 - Arr\u00eat\u00e9 pr\u00e9fectoral N\u00b01117\nportant d\u00e9signation\nd\u25a1une autorit\u00e9 habilit\u00e9e \u00e0 d\u00e9cider de l\u25a1emploi de la force\npour disperser\nun attroupement (1 page) Page 3\nPr\u00e9fecture de la C\u00f4te-d'Or / P\u00f4le juridique inter-services\n21-2024-07-05-00005 - Arr\u00eat\u00e9 pr\u00e9fectoral n\u00b0 1111 / SG du 5 juillet 2024       \n\ndonnant d\u00e9l\u00e9gation de signature \u00e0 Monsieur \u00c9douard BOUY\u00c9,\nconservateur g\u00e9n\u00e9ral du patrimoine, directeur des archives\nd\u00e9partementales de la C\u00f4te-d\u25a1Or (3 pages) Page 5\n21-2024-07-05-00006 - Arr\u00eat\u00e9 pr\u00e9fectoral n\u00b0 1112 du 5 juillet 2024\nPortant\nd\u00e9l\u00e9gation de signature \u00e0 M. Emmanuel JACQUEMIN\nDirecteur de la\ns\u00e9curit\u00e9 de l\u25a1Aviation civile Nord-Est\npour ses missions et comp\u00e9tences\nexerc\u00e9es dans le d\u00e9partement de la C\u00f4te-d\u25a1Or (3 pages) Page 9\n2\nPr\u00e9fecture de la C\u00f4te-d'Or\nDirection des s\u00e9curit\u00e9s\n21-2024-07-04-00003\nArr\u00eat\u00e9 pr\u00e9fectoral N\u00b01117\nportant d\u00e9signation d\u25a1une autorit\u00e9 habilit\u00e9e \u00e0\nd\u00e9cider de l\u25a1emploi de la force\npour disperser un attroupement\nPr\u00e9fecture de la C\u00f4te-d'Or - 21-2024-07-04-00003 - Arr\u00eat\u00e9 pr\u00e9fectoral N\u00b01117\nportant d\u00e9signation d\u25a1une autorit\u00e9 habilit\u00e9e \u00e0 d\u00e9cider de l\u25a1emploi de la force\npour disperser un attroupement\n3\nDirection des s\u00e9curit\u00e9s\nPr\u00e9fecture de la C\u00f4te-d'Or - 21-2024-07-04-00003 - Arr\u00eat\u00e9 pr\u00e9fectoral N\u00b01117\nportant d\u00e9signation d\u25a1une autorit\u00e9 habilit\u00e9e \u00e0 d\u00e9cider de l\u25a1emploi de la force\npour disperser un attroupement\n4\nPr\u00e9fecture de la C\u00f4te-d'Or\nP\u00f4le juridique inter-services\n21-2024-07-05-00005\nArr\u00eat\u00e9 pr\u00e9fectoral n\u00b0 1111 / SG du 5 juillet 2024    \n   \ndonnant d\u00e9l\u00e9gation de signature \u00e0 Monsieur\n\u00c9douard BOUY\u00c9, conservateur g\u00e9n\u00e9ral du\npatrimoine, directeur des archives\nd\u00e9partementales de la C\u00f4te-d\u25a1Or\nPr\u00e9fecture de la C\u00f4te-d'Or - 21-2024-07-05-00005 - Arr\u00eat\u00e9 pr\u00e9fectoral n\u00b0 1111 / SG du 5 juillet 2024        \ndonnant d\u00e9l\u00e9gation de signature \u00e0 Monsieur \u00c9douard BOUY\u00c9, conservateur g\u00e9n\u00e9ral du patrimoine, directeur des archives\nd\u00e9partementales de la C\u00f4te-d\u25a1Or\n5\nSECR\u00c9TARIAT G\u00c9N\u00c9RAL\nDirection de la coordination des politiques publiques\net de l'appui territorial\nArr\u00eat\u00e9 pr\u00e9fectoral n\u00b0 1111 / SG du 5 juillet 2024        \ndonnant d\u00e9l\u00e9gation de signature \u00e0 Monsieur \u00c9douard BOUY\u00c9, conservateur g\u00e9n\u00e9ral du\npatrimoine, directeur des archives d\u00e9partementales de la C\u00f4te-d'Or\nLe pr\u00e9fet de la C\u00f4te-d'Or\nVU le code du patrimoine et les d\u00e9crets n\u00b0 79-1037, 79-1038, 79-1039 et 79-\n1040 du 3 d\u00e9cembre 1979 ;\nVU le code g\u00e9n\u00e9ral des collectivit\u00e9s territoriales et notamment ses articles\nR.1421-1 \u00e0 R.1421-16 ;\nVU le d\u00e9cret n\u00b0 2004-374 du 29 avril 2004 relatif aux pouvoirs des pr\u00e9fets, \u00e0\nl'organisation et \u00e0 l'action des services de l'\u00c9tat dans les r\u00e9gions et d\u00e9partements,\nmodifi\u00e9 par le d\u00e9cret n\u00b0 2010-146 du 16 f\u00e9vrier 2010 et par le d\u00e9cret n\u00b0 2010-687 du 24\njuin 2010 ;\nVU le d\u00e9cret n\u00b0 2008-158 du 22 f\u00e9vrier 2008 relatif \u00e0 la suppl\u00e9ance des\npr\u00e9fets de r\u00e9gion et \u00e0 la d\u00e9l\u00e9gation de signature des pr\u00e9fets et hauts commissaires de\nla R\u00e9publique en Polyn\u00e9sie fran\u00e7aise et en Nouvelle-Cal\u00e9donie ;\nVU le d\u00e9cret n\u00b0 2009-176 du 16 f\u00e9vrier 2009 modifiant le d\u00e9cret n\u00b0 64-805 du\n29 juillet 1964 fixant les dispositions r\u00e9glementaires applicables aux pr\u00e9fets et le d\u00e9cret\nn\u00b0 2004-374 du 29 avril 2004 relatif aux pouvoirs des pr\u00e9fets, \u00e0 l'organisation et \u00e0\nl'action des services de l'\u00c9tat dans les r\u00e9gions et d\u00e9partements ;\nVU l'arr\u00eat\u00e9 minist\u00e9riel du  3 octobre 2013 , mettant \u00e0 disposition aupr\u00e8s des\narchives d\u00e9partementales de C\u00f4te d'Or pour une p\u00e9riode de trois ans \u00e0 compter du 1 er\njuillet 2013, M. \u00c9douard BOUY\u00c9 ;\n VU le d\u00e9cret du 26 septembre 2022 nommant Monsieur Franck ROBINE,\npr\u00e9fet de la r\u00e9gion Bourgogne \u2013 Franche-Comt\u00e9, pr\u00e9fet de la C\u00f4te d'Or (hors classe)  ;\nVU la  convention  du  12  avril  2022  de  mise  \u00e0  disposition  aupr\u00e8s  du\nd\u00e9partement  de  la  C\u00f4te-d'Or, par  le  minist\u00e8re  de  la  culture, de  Monsieur  \u00c9douard\nBOUY\u00c9 pour une p\u00e9riode de trois ans, renouvelable, \u00e0 compter du 1 er juillet 2022, pour\ny exercer les fonctions de directeur du service d\u00e9partemental d'archives de C\u00f4te-d'Or  ;\nPr\u00e9fecture de la C\u00f4te-d'Or - 21-2024-07-05-00005 - Arr\u00eat\u00e9 pr\u00e9fectoral n\u00b0 1111 / SG du 5 juillet 2024        \ndonnant d\u00e9l\u00e9gation de signature \u00e0 Monsieur \u00c9douard BOUY\u00c9, conservateur g\u00e9n\u00e9ral du patrimoine, directeur des archives\nd\u00e9partementales de la C\u00f4te-d\u25a1Or\n6\nVU l'arr\u00eat\u00e9 pr\u00e9fectoral n\u00b0 414/SG du 21 f\u00e9vrier 2024 donnant d\u00e9l\u00e9gation de\nsignature \u00e0  M. \u00c9douard BOUY\u00c9, directeur des archives d\u00e9partementales de la C\u00f4te-\nd'Or ;\n  SUR proposition de M. le secr\u00e9taire g\u00e9n\u00e9ral de la pr\u00e9fecture de la C\u00f4te-d'Or;\nARR\u00caTE\nArticle 1  er   : L'arr\u00eat\u00e9 pr\u00e9fectoral n\u00b0 414/SG du 21 f\u00e9vrier 2024 donnant d\u00e9l\u00e9gation de\nsignature \u00e0 M. \u00c9douard BOUY\u00c9, directeur des archives d\u00e9partementales de la C\u00f4te-\nd'Or, et toutes dispositions ant\u00e9rieures contraires au pr\u00e9sent arr\u00eat\u00e9 sont abrog\u00e9s.\nArticle 2  :  D\u00e9l\u00e9gation de signature est donn\u00e9e \u00e0  M. \u00c9douard BOUY\u00c9,  directeur des\narchives d\u00e9partementales de la C\u00f4te-d'Or , \u00e0 l'effet de signer, dans le cadre de ses\nattributions  et  comp\u00e9tences,  toutes  correspondances,  rapports,  visas  et  d\u00e9cisions\nrelatifs aux mati\u00e8res \u00e9num\u00e9r\u00e9es ci-dessous :\na) gestion du service d\u00e9partemental d'archives     :  \n\u2013 correspondances  relatives \u00e0 la gestion du personnel de l'\u00c9tat mis \u00e0 disposition\naupr\u00e8s du conseil g\u00e9n\u00e9ral pour exercer leurs fonctions dans le service d\u00e9partemental\nd'archives.\nb) contr\u00f4le scientifique et technique des archives des collectivit\u00e9s territoriales     :  \n\u2013 correspondances, rapports et avis relatifs \u00e0 l'exercice du contr\u00f4le scientifique et\ntechnique  de  l'\u00c9tat  sur  les  archives  des  collectivit\u00e9s  territoriales,  \u00e0  l'exclusion  des\nd\u00e9cisions et mises en demeure concernant le d\u00e9p\u00f4t des archives des communes aux\narchives  d\u00e9partementales  en  application  des  articles  L.1421-7  \u00e0  L.1421-8  du  code\ng\u00e9n\u00e9ral des collectivit\u00e9s territoriales ;\n\u2013 avis sur les projets de construction, extension et r\u00e9am\u00e9nagement des b\u00e2timents \u00e0\nusage d'archives des collectivit\u00e9s territoriales (\u00e0 l'exclusion du d\u00e9partement) et de leurs\ngroupements ;\n\u2013 visas pr\u00e9alables \u00e0 l'\u00e9limination des documents d'archives des collectivit\u00e9s territoriales ;\nc) contr\u00f4le des archives publiques et priv\u00e9es d\u00e9coulant du code du patrimoine et des\nd\u00e9crets du 3     d\u00e9cembre 1979 relatifs aux archives     :  \n\u2013 documents li\u00e9s au contr\u00f4le de la conservation, du tri, du classement, de l'inventaire\net de  la  communication  des  archives des  services de  l'\u00c9tat,  des  \u00e9tablissements  et\nentreprises publiques, des organismes de droit priv\u00e9 charg\u00e9 de la gestion des services\npublics ou d'une mission de service public et des officiers publics ou minist\u00e9riels ;\n\u2013 visas pr\u00e9alables \u00e0 l'\u00e9limination des documents d'archives des services de l'\u00c9tat ;\n\u2013 documents li\u00e9s \u00e0 la protection du patrimoine archivistique priv\u00e9.\nd) coordination de l'activit\u00e9 des services d'archives dans les limites du d\u00e9partement     :  \n\u2013 correspondances et rapports.\n2/3\nPr\u00e9fecture de la C\u00f4te-d'Or - 21-2024-07-05-00005 - Arr\u00eat\u00e9 pr\u00e9fectoral n\u00b0 1111 / SG du 5 juillet 2024        \ndonnant d\u00e9l\u00e9gation de signature \u00e0 Monsieur \u00c9douard BOUY\u00c9, conservateur g\u00e9n\u00e9ral du patrimoine, directeur des archives\nd\u00e9partementales de la C\u00f4te-d\u25a1Or\n7\nArticle 3 : En cas d'absence ou d'emp\u00eachement de M. \u00c9 douard BOUY\u00c9, directeur des\narchives d\u00e9partementales de la C\u00f4te-d'Or,  la d\u00e9l\u00e9gation qui lui est conf\u00e9r\u00e9e par l'article\n2 ci-dessus sera exerc\u00e9e par Madame Olga PONCHET, conservatrice du patrimoine,\nadjointe au directeur des archives d\u00e9partementales de la C\u00f4te d'Or.\nArticle 5  : Le secr\u00e9taire g\u00e9n\u00e9ral de la pr\u00e9fecture de la C\u00f4te d'Or, le  directeur des\narchives d\u00e9partementales de la C\u00f4te d'Or et les agents b\u00e9n\u00e9ficiaires de la d\u00e9l\u00e9gation ,\nsont charg\u00e9s, chacun pour ce qui le concerne, de l'ex\u00e9cution du pr\u00e9sent arr\u00eat\u00e9 qui sera\napplicable  \u00e0  compter  de  sa  publication  au  recueil  des  actes  administratifs  de  la\npr\u00e9fecture de la C\u00f4te-d'Or.\n        Fait \u00e0 Dijon, le 5 juillet 2024\nLe pr\u00e9fet,\n       Sign\u00e9 :\n \n   Franck ROBINE\n3/3\nPr\u00e9fecture de la C\u00f4te-d'Or - 21-2024-07-05-00005 - Arr\u00eat\u00e9 pr\u00e9fectoral n\u00b0 1111 / SG du 5 juillet 2024        \ndonnant d\u00e9l\u00e9gation de signature \u00e0 Monsieur \u00c9douard BOUY\u00c9, conservateur g\u00e9n\u00e9ral du patrimoine, directeur des archives\nd\u00e9partementales de la C\u00f4te-d\u25a1Or\n8\nPr\u00e9fecture de la C\u00f4te-d'Or\nP\u00f4le juridique inter-services\n21-2024-07-05-00006\nArr\u00eat\u00e9 pr\u00e9fectoral n\u00b0 1112 du 5 juillet 2024\nPortant d\u00e9l\u00e9gation de signature \u00e0 M. Emmanuel\nJACQUEMIN\nDirecteur de la s\u00e9curit\u00e9 de l\u25a1Aviation civile\nNord-Est\npour ses missions et comp\u00e9tences exerc\u00e9es dans\nle d\u00e9partement de la C\u00f4te-d\u25a1Or\nPr\u00e9fecture de la C\u00f4te-d'Or - 21-2024-07-05-00006 - Arr\u00eat\u00e9 pr\u00e9fectoral n\u00b0 1112 du 5 juillet 2024\nPortant d\u00e9l\u00e9gation de signature \u00e0 M. Emmanuel JACQUEMIN\nDirecteur de la s\u00e9curit\u00e9 de l\u25a1Aviation civile Nord-Est\npour ses missions et comp\u00e9tences exerc\u00e9es dans le d\u00e9partement de la C\u00f4te-d\u25a1Or\n9\nSECR\u00c9TARIAT G\u00c9N\u00c9RAL\nDirection de la coordination des politiques publiques\net de l'appui territorial\nArr\u00eat\u00e9 pr\u00e9fectoral n\u00b0 1111 / SG du 5 juillet 2024        \ndonnant d\u00e9l\u00e9gation de signature \u00e0 Monsieur \u00c9douard BOUY\u00c9, conservateur g\u00e9n\u00e9ral du\npatrimoine, directeur des archives d\u00e9partementales de la C\u00f4te-d'Or\nLe pr\u00e9fet de la C\u00f4te-d'Or\nVU le code du patrimoine et les d\u00e9crets n\u00b0 79-1037, 79-1038, 79-1039 et 79-\n1040 du 3 d\u00e9cembre 1979 ;\nVU le code g\u00e9n\u00e9ral des collectivit\u00e9s territoriales et notamment ses articles\nR.1421-1 \u00e0 R.1421-16 ;\nVU le d\u00e9cret n\u00b0 2004-374 du 29 avril 2004 relatif aux pouvoirs des pr\u00e9fets, \u00e0\nl'organisation et \u00e0 l'action des services de l'\u00c9tat dans les r\u00e9gions et d\u00e9partements,\nmodifi\u00e9 par le d\u00e9cret n\u00b0 2010-146 du 16 f\u00e9vrier 2010 et par le d\u00e9cret n\u00b0 2010-687 du 24\njuin 2010 ;\nVU le d\u00e9cret n\u00b0 2008-158 du 22 f\u00e9vrier 2008 relatif \u00e0 la suppl\u00e9ance des\npr\u00e9fets de r\u00e9gion et \u00e0 la d\u00e9l\u00e9gation de signature des pr\u00e9fets et hauts commissaires de\nla R\u00e9publique en Polyn\u00e9sie fran\u00e7aise et en Nouvelle-Cal\u00e9donie ;\nVU le d\u00e9cret n\u00b0 2009-176 du 16 f\u00e9vrier 2009 modifiant le d\u00e9cret n\u00b0 64-805 du\n29 juillet 1964 fixant les dispositions r\u00e9glementaires applicables aux pr\u00e9fets et le d\u00e9cret\nn\u00b0 2004-374 du 29 avril 2004 relatif aux pouvoirs des pr\u00e9fets, \u00e0 l'organisation et \u00e0\nl'action des services de l'\u00c9tat dans les r\u00e9gions et d\u00e9partements ;\nVU l'arr\u00eat\u00e9 minist\u00e9riel du  3 octobre 2013 , mettant \u00e0 disposition aupr\u00e8s des\narchives d\u00e9partementales de C\u00f4te d'Or pour une p\u00e9riode de trois ans \u00e0 compter du 1 er\njuillet 2013, M. \u00c9douard BOUY\u00c9 ;\n VU le d\u00e9cret du 26 septembre 2022 nommant Monsieur Franck ROBINE,\npr\u00e9fet de la r\u00e9gion Bourgogne \u2013 Franche-Comt\u00e9, pr\u00e9fet de la C\u00f4te d'Or (hors classe)  ;\nVU la  convention  du  12  avril  2022  de  mise  \u00e0  disposition  aupr\u00e8s  du\nd\u00e9partement  de  la  C\u00f4te-d'Or, par  le  minist\u00e8re  de  la  culture, de  Monsieur  \u00c9douard\nBOUY\u00c9 pour une p\u00e9riode de trois ans, renouvelable, \u00e0 compter du 1 er juillet 2022, pour\ny exercer les fonctions de directeur du service d\u00e9partemental d'archives de C\u00f4te-d'Or  ;\nPr\u00e9fecture de la C\u00f4te-d'Or - 21-2024-07-05-00006 - Arr\u00eat\u00e9 pr\u00e9fectoral n\u00b0 1112 du 5 juillet 2024\nPortant d\u00e9l\u00e9gation de signature \u00e0 M. Emmanuel JACQUEMIN\nDirecteur de la s\u00e9curit\u00e9 de l\u25a1Aviation civile Nord-Est\npour ses missions et comp\u00e9tences exerc\u00e9es dans le d\u00e9partement de la C\u00f4te-d\u25a1Or\n10\nVU l'arr\u00eat\u00e9 pr\u00e9fectoral n\u00b0 414/SG du 21 f\u00e9vrier 2024 donnant d\u00e9l\u00e9gation de\nsignature \u00e0  M. \u00c9douard BOUY\u00c9, directeur des archives d\u00e9partementales de la C\u00f4te-\nd'Or ;\n  SUR proposition de M. le secr\u00e9taire g\u00e9n\u00e9ral de la pr\u00e9fecture de la C\u00f4te-d'Or;\nARR\u00caTE\nArticle 1  er   : L'arr\u00eat\u00e9 pr\u00e9fectoral n\u00b0 414/SG du 21 f\u00e9vrier 2024 donnant d\u00e9l\u00e9gation de\nsignature \u00e0 M. \u00c9douard BOUY\u00c9, directeur des archives d\u00e9partementales de la C\u00f4te-\nd'Or, et toutes dispositions ant\u00e9rieures contraires au pr\u00e9sent arr\u00eat\u00e9 sont abrog\u00e9s.\nArticle 2  :  D\u00e9l\u00e9gation de signature est donn\u00e9e \u00e0  M. \u00c9douard BOUY\u00c9,  directeur des\narchives d\u00e9partementales de la C\u00f4te-d'Or , \u00e0 l'effet de signer, dans le cadre de ses\nattributions  et  comp\u00e9tences,  toutes  correspondances,  rapports,  visas  et  d\u00e9cisions\nrelatifs aux mati\u00e8res \u00e9num\u00e9r\u00e9es ci-dessous :\na) gestion du service d\u00e9partemental d'archives     :  \n\u2013 correspondances  relatives \u00e0 la gestion du personnel de l'\u00c9tat mis \u00e0 disposition\naupr\u00e8s du conseil g\u00e9n\u00e9ral pour exercer leurs fonctions dans le service d\u00e9partemental\nd'archives.\nb) contr\u00f4le scientifique et technique des archives des collectivit\u00e9s territoriales     :  \n\u2013 correspondances, rapports et avis relatifs \u00e0 l'exercice du contr\u00f4le scientifique et\ntechnique  de  l'\u00c9tat  sur  les  archives  des  collectivit\u00e9s  territoriales,  \u00e0  l'exclusion  des\nd\u00e9cisions et mises en demeure concernant le d\u00e9p\u00f4t des archives des communes aux\narchives  d\u00e9partementales  en  application  des  articles  L.1421-7  \u00e0  L.1421-8  du  code\ng\u00e9n\u00e9ral des collectivit\u00e9s territoriales ;\n\u2013 avis sur les projets de construction, extension et r\u00e9am\u00e9nagement des b\u00e2timents \u00e0\nusage d'archives des collectivit\u00e9s territoriales (\u00e0 l'exclusion du d\u00e9partement) et de leurs\ngroupements ;\n\u2013 visas pr\u00e9alables \u00e0 l'\u00e9limination des documents d'archives des collectivit\u00e9s territoriales ;\nc) contr\u00f4le des archives publiques et priv\u00e9es d\u00e9coulant du code du patrimoine et des\nd\u00e9crets du 3     d\u00e9cembre 1979 relatifs aux archives     :  \n\u2013 documents li\u00e9s au contr\u00f4le de la conservation, du tri, du classement, de l'inventaire\net de  la  communication  des  archives des  services de  l'\u00c9tat,  des  \u00e9tablissements  et\nentreprises publiques, des organismes de droit priv\u00e9 charg\u00e9 de la gestion des services\npublics ou d'une mission de service public et des officiers publics ou minist\u00e9riels ;\n\u2013 visas pr\u00e9alables \u00e0 l'\u00e9limination des documents d'archives des services de l'\u00c9tat ;\n\u2013 documents li\u00e9s \u00e0 la protection du patrimoine archivistique priv\u00e9.\nd) coordination de l'activit\u00e9 des services d'archives dans les limites du d\u00e9partement     :  \n\u2013 correspondances et rapports.\n2/3\nPr\u00e9fecture de la C\u00f4te-d'Or - 21-2024-07-05-00006 - Arr\u00eat\u00e9 pr\u00e9fectoral n\u00b0 1112 du 5 juillet 2024\nPortant d\u00e9l\u00e9gation de signature \u00e0 M. Emmanuel JACQUEMIN\nDirecteur de la s\u00e9curit\u00e9 de l\u25a1Aviation civile Nord-Est\npour ses missions et comp\u00e9tences exerc\u00e9es dans le d\u00e9partement de la C\u00f4te-d\u25a1Or\n11\nArticle 3 : En cas d'absence ou d'emp\u00eachement de M. \u00c9 douard BOUY\u00c9, directeur des\narchives d\u00e9partementales de la C\u00f4te-d'Or,  la d\u00e9l\u00e9gation qui lui est conf\u00e9r\u00e9e par l'article\n2 ci-dessus sera exerc\u00e9e par Madame Olga PONCHET, conservatrice du patrimoine,\nadjointe au directeur des archives d\u00e9partementales de la C\u00f4te d'Or.\nArticle 5  : Le secr\u00e9taire g\u00e9n\u00e9ral de la pr\u00e9fecture de la C\u00f4te d'Or, le  directeur des\narchives d\u00e9partementales de la C\u00f4te d'Or et les agents b\u00e9n\u00e9ficiaires de la d\u00e9l\u00e9gation ,\nsont charg\u00e9s, chacun pour ce qui le concerne, de l'ex\u00e9cution du pr\u00e9sent arr\u00eat\u00e9 qui sera\napplicable  \u00e0  compter  de  sa  publication  au  recueil  des  actes  administratifs  de  la\npr\u00e9fecture de la C\u00f4te-d'Or.\n        Fait \u00e0 Dijon, le 5 juillet 2024\nLe pr\u00e9fet,\n       Sign\u00e9 :\n \n   Franck ROBINE\n3/3\nPr\u00e9fecture de la C\u00f4te-d'Or - 21-2024-07-05-00006 - Arr\u00eat\u00e9 pr\u00e9fectoral n\u00b0 1112 du 5 juillet 2024\nPortant d\u00e9l\u00e9gation de signature \u00e0 M. Emmanuel JACQUEMIN\nDirecteur de la s\u00e9curit\u00e9 de l\u25a1Aviation civile Nord-Est\npour ses missions et comp\u00e9tences exerc\u00e9es dans le d\u00e9partement de la C\u00f4te-d\u25a1Or\n12","date":"2024-07-05","first_seen_on":"2025-09-14T13:32:24+00:00","id":"003726a5f556b6ddd0728d6436bc852ac65a80875888ed2be0e4b31abbac8ab3","name":"RAA n\u00b0 082 du 05 juillet 2024","pdf_creation_date":"2024-07-05T14:08:25+00:00","pdf_modification_date":null,"timezone":"Europe/Paris","url":"https://www.cote-dor.gouv.fr/contenu/telechargement/21740/166546/file/recueil-21-2024-082-recueil-des-actes-administratifs-special.pdf"}
