{"administration":"pref21","administration_name":"Pr\u00e9fecture de C\u00f4te-d\u2019Or","content":"PR\u00c9FET\nDE LA C\u00d4TE-D'OR\nRECUEIL DES ACTES\nADMINISTRATIFS SP\u00c9CIAL\nN\u00b021-2025-085\nPUBLI\u00c9 LE 20 JUIN 2025\nSommaire\nDirection d\u00e9partementale de l'emploi, du travail et des solidarit\u00e9s de\nC\u00f4te-d'Or /\n21-2025-06-16-00002 - D\u00e9claration modificative SAP - n\u00b0778168401\nADMR MIREBEAU (2 pages) Page 6\n21-2025-06-16-00006 - R\u00e9c\u00e9piss\u00e9 d\u00e9claration SAP - n\u00b0413850637\nYAGOUNI NACERA (2 pages) Page 9\n21-2025-06-16-00001 - R\u00e9c\u00e9piss\u00e9 d\u00e9claration SAP - n\u00b0434940847\nADMR DIJON METROPOLE  (2 pages) Page 12\n21-2025-06-16-00004 - R\u00e9c\u00e9piss\u00e9 d\u00e9claration SAP n\u00b0420286676\nSt\u00e9phane Rob\u00e9  (2 pages) Page 15\n21-2025-06-13-00012 - R\u00e9c\u00e9piss\u00e9 d\u00e9claration SAP n\u00b0494129695 -\nSCHMITT Corinne (2 pages) Page 18\n21-2025-06-13-00011 - R\u00e9c\u00e9piss\u00e9 d\u00e9claration SAP n\u00b0894862226 -\nPALLEAU Faustie (2 pages) Page 21\n21-2025-06-16-00005 - R\u00e9c\u00e9piss\u00e9 d\u00e9claration SAP n\u00b0941416265 DA\nSILVA Michael (2 pages) Page 24\n21-2025-06-20-00003 - R\u00e9c\u00e9piss\u00e9 d\u00e9claration SAP n\u00b0942254947\nROSSO Gabriel (2 pages) Page 27\n21-2025-06-20-00004 - R\u00e9c\u00e9piss\u00e9 d\u00e9claration SAP n\u00b0944416916 -\nTEJADA J\u00e9r\u00f4me (2 pages) Page 30\n21-2025-06-16-00003 - R\u00e9c\u00e9piss\u00e9 d\u00e9claration SAP n\u00b0944763960\n-TERRIEN Juliette (2 pages) Page 33\n21-2025-06-17-00001 - R\u00e9c\u00e9piss\u00e9 d\u00e9claration SAP n\u00b0978859734 -\nMILLESIMES (2 pages) Page 36\n21-2025-06-13-00013 - R\u00e9c\u00e9piss\u00e9 d\u00e9claration SAP n\u00b0982274391 -\nDOUSSET Claire (2 pages) Page 39\nDirection d\u00e9partementale des territoires de la C\u00f4te-d'Or / Service de l'eau\net des risques\n21-2025-06-12-00005 - Arr\u00eat\u00e9 pr\u00e9fectoral n\u00b0 848 du 12 juin 2025\nabrogeant l'arr\u00eat\u00e9 pr\u00e9fectoral n\u00b0 201 du 23 avril 2015 et r\u00e9visant la\nd\u00e9limitation de la zone de protection de l'aire d'alimentation du captage\ndu puits de la M\u00e2le Raie situ\u00e9 sur la commune de Magny-l\u00e8s-Aubigny.\n(4 pages) Page 42\n21-2025-06-11-00005 - Arr\u00eat\u00e9 pr\u00e9fectoral n\u00b0 854 du 11 juin 2025 fixant\nles prescriptions applicables aux autorisations group\u00e9es de\npr\u00e9l\u00e8vements d'eau temporaires \u00e0 usage d'irrigation pour la\ncampagne 2025 hors pr\u00e9l\u00e8vements dans les ZRE de l'Ouche, de la\nVouge, de la Tille et de la nappe de Dijon-Sud. (6 pages) Page 47\n2\n21-2025-06-11-00006 - Arr\u00eat\u00e9 pr\u00e9fectoral n\u00b0 855 du 11 juin 2025\nportant approbation du plan de r\u00e9partition des pr\u00e9l\u00e8vements d'eau\n\u00e0 usage d'irrigation pour la campagne 2025 dans la zone de r\u00e9partition\ndes eaux de l'Ouche. (4 pages) Page 54\n21-2025-06-11-00007 - Arr\u00eat\u00e9 pr\u00e9fectoral n\u00b0 856 du 11 juin 2025\nportant approbation du plan de r\u00e9partition des pr\u00e9l\u00e8vements d'eau\n\u00e0 usage d'irrigation pour la campagne 2025 dans la zone de r\u00e9partition\ndes eaux de la Vouge. (4 pages) Page 59\n21-2025-06-11-00008 - Arr\u00eat\u00e9 pr\u00e9fectoral n\u00b0 857 du 11 juin 2025\nportant approbation du plan de r\u00e9partition des pr\u00e9l\u00e8vements d'eau\n\u00e0 usage d'irrigation pour la campagne 2025 dans la zone de r\u00e9partition\ndes eaux de la Tille. (4 pages) Page 64\n21-2025-06-11-00009 - Arr\u00eat\u00e9 pr\u00e9fectoral n\u00b0 858 du 11 juin 2025\nportant approbation du plan de r\u00e9partition des pr\u00e9l\u00e8vements d'eau\n\u00e0 usage d'irrigation pour la campagne 2025 dans la zone de r\u00e9partition\ndes eaux de la nappe de Dijon-Sud. (4 pages) Page 69\nDirection d\u00e9partementale des territoires de la C\u00f4te-d'Or / Service\nPr\u00e9servation et Am\u00e9nagement de l'Espace (SPAE)\n21-2025-06-18-00001 - Arr\u00eat\u00e9 pr\u00e9fectoral du 18 juin 2025 portant\nmodification de l'arr\u00eat\u00e9 pr\u00e9fectoral du 6 juin 2025 portant\nrenouvellement du bureau de l'association fonci\u00e8re de TAILLY (2 pages) Page 74\n21-2025-06-16-00007 - Arr\u00eat\u00e9 pr\u00e9fectoral n\u00b0 865 du 16 juin 2025\nautorisant l'emploi de dispositifs sp\u00e9ciaux de signalisation des v\u00e9hicules\npar les lieutenants de louveterie dans le d\u00e9partement de la C\u00f4te-d'Or \n(3 pages) Page 77\nDirection d\u00e9partementale des territoires de la C\u00f4te-d'Or / Service\nS\u00e9curit\u00e9 et Education Routi\u00e8re\n21-2025-06-20-00001 - Arr\u00eat\u00e9 Pr\u00e9fectoral N\u00b0880 portant\nd\u00e9rogation \u00e0 titre temporaire \u00e0 l'interdiction de circulation des\nv\u00e9hicules de transport de marchandises \u00e0 certaines p\u00e9riodes pour les\nv\u00e9hicules de plus de 7,5 tonnes de PTAC exploit\u00e9s par la soci\u00e9t\u00e9\nLOGIVIA domicili\u00e9e \u00e0 AISEREY (21) (4 pages) Page 81\nPr\u00e9fecture de la C\u00f4te-d'Or /\n21-2025-06-13-00020 - Arr\u00eat\u00e9 pr\u00e9fectoral n\u00b0 835 portant r\u00e8glement\nd'office du budget primitif 2025 du budget principal de la commune de\nNeuilly-Crimolois (2 pages) Page 86\nPr\u00e9fecture de la C\u00f4te-d'Or / Direction des Collectivit\u00e9s locales et des\nElections\n21-2025-06-18-00002 - Arr\u00eat\u00e9 pr\u00e9fectoral\nportant modification de la\ncomposition de la commission d\u00e9partementale\nde la coop\u00e9ration\nintercommunale (CDCI) de la C\u00f4te-d'Or (5 pages) Page 89\n3\n21-2025-06-10-00002 - Arr\u00eat\u00e9 pr\u00e9fectoral  portant habilitation dans le\ndomaine fun\u00e9raire de la Soci\u00e9t\u00e9 MEURDRA \u00e0 SAINT APOLLINAIRE (2\npages) Page 95\n21-2025-06-10-00001 - Arr\u00eat\u00e9 pr\u00e9fectoral  portant habilitation dans le\ndomaine fun\u00e9raire des Pompes Fun\u00e8bres MEURDRA \u00e0 DIJON (2 pages) Page 98\nPr\u00e9fecture de la C\u00f4te-d'Or / Direction des s\u00e9curit\u00e9s\n21-2025-06-12-00006 - Arr\u00eat\u00e9 N\u00b0415 portant prorogation de\nl'agr\u00e9ment pour les formations aux premiers secours de\nl'Association D\u00e9partementale de Protection Civile de la C\u00f4te d'Or\n(ADPC 21) (2 pages) Page 101\n21-2025-06-19-00003 - Arr\u00eat\u00e9 pr\u00e9fectoral n\u00b0879\nportant\ninterdiction temporaire de vente, cession et utilisation d'artifices de\ndivertissement\net d'articles pyrotechniques sur le d\u00e9partement de la\nC\u00f4te-d'Or (3 pages) Page 104\n21-2025-06-19-00004 - Arr\u00eat\u00e9 pr\u00e9fectoral n\u00b0882\nportant\ninterdiction temporaire de distribution, d'achat et de vente \u00e0\nemporter\nde carburant et combustibles sur le d\u00e9partement de la\nC\u00f4te-d'Or\n (2 pages) Page 108\n21-2025-06-20-00002 - Arr\u00eat\u00e9 pr\u00e9fectoral N\u00b0883 portant interdiction\nde rassemblements festifs \u00e0 caract\u00e8re musical et interdiction de\ncirculation\nde tout v\u00e9hicule transportant du mat\u00e9riel de son \u00e0\ndestination d'un rassemblement festif\n\u00e0 caract\u00e8re musical non\nautoris\u00e9 (2 pages) Page 111\nPr\u00e9fecture de la C\u00f4te-d'Or / Secr\u00e9tariat G\u00e9n\u00e9ral\n21-2025-06-13-00021 - Arr\u00eat\u00e9 pr\u00e9fectoral n\u00b0864 portant extension de\ncapacit\u00e9 du centre d'accueil pour demandeurs d'asile (CADA) \"les\nVerriers\" g\u00e9r\u00e9 par ADOMA (2 pages) Page 114\nSDIS de C\u00f4te-d'Or /\n21-2025-06-19-00001 - 2025_Liste d'aptitude op\u00e9rationnelle dans le\ndomaine de la Pr\u00e9vention_modificatif 1 (2 pages) Page 117\n21-2025-06-01-00005 - Liste d'Aptitude Op\u00e9rationnelle 2025 Feu De\nFor\u00eat_modifi\u00e9e_ M1 juin (13 pages) Page 120\n21-2025-06-01-00004 - Liste d'Aptitude Op\u00e9rationnelle 2025 unit\u00e9\nsp\u00e9cialis\u00e9e Syst\u00e8mes d'Information et de Communication_ M3 juin (4\npages) Page 134\nSous-pr\u00e9fecture de Beaune /\n21-2025-06-13-00018 - Arr\u00eat\u00e9 pr\u00e9fectoral n\u00b0 830 portant\nrenouvellement de l'homologation du circuit de motocross \u00e0\nReulle-Vergy (6 pages) Page 139\n21-2025-06-13-00019 - Arr\u00eat\u00e9 pr\u00e9fectoral n\u00b0 832 portant\nrenouvellement de l'homologation du circuit de mini-motos et de\npit-bike \u00e0 Reulle-Vergy (6 pages) Page 146\n4\n21-2025-06-19-00002 - Arr\u00eat\u00e9 pr\u00e9fectoral n\u00b0 874 portant autorisation\nde la manifestation sportive avec participation de v\u00e9hicules terrestres \u00e0\nmoteur d\u00e9nomm\u00e9e \u00ab\u00a0Course de tracteurs-tondeuses\u00a0\u00bb\norganis\u00e9e le 28 juin 2025 sur le circuit de quads et de motos\nde\nPremeaux-Prissey et Quincey  (7 pages) Page 153\nSous-pr\u00e9fecture de Montbard / Manifestations sportives\n21-2025-06-13-00017 - AP Saulieu 2025 (2 pages) Page 161\n5\nDirection d\u00e9partementale de l'emploi, du travail\net des solidarit\u00e9s de C\u00f4te-d'Or\n21-2025-06-16-00002\nD\u00e9claration modificative SAP - n\u00b0778168401\nADMR MIREBEAU\nDirection d\u00e9partementale de l'emploi, du travail et des solidarit\u00e9s de C\u00f4te-d'Or - 21-2025-06-16-00002 - D\u00e9claration modificative SAP -\nn\u00b0778168401 ADMR MIREBEAU 6\nPREFETDE LACOTE-D'ORLibert\u00e9\u00c9galit\u00e9Fraternit\u00e9\nDirection D\u00e9partementale de l'Emploi, \ndu Travail et des Solidarit\u00e9s - DDETS \nDDETS 21, 21 Bd Voltaire, BP 81110 - 21011 DIJON Cedex \nT\u00e9l. : 03 80 45 75 45 (Accueil) \nwww.cote-dor.gouv.fr \nAffaire suivie par Sophie LACROIX                          Dijon, le 16/06/2025 \nP\u00f4le Emploi-Coh\u00e9sion Territoriale, \nT\u00e9l : 03 80 68 39 25 // 06 84 89 20 33 \nCourriel : sophie.lacroix@cote-dor.gouv.fr \nADMR DE MIREBEAU \n8 place G\u00e9n\u00e9ral Viard \n21310 MIREBEAU SUR BEZE \n  \n \nR\u00c9C\u00c9PISS\u00c9 DE D\u00c9CLARATION MODIFICATIVE \nd'un organisme de services \u00e0 la personne  \nenregistr\u00e9 sous le n\u00b0 SAP/308128727 \n \n \nD\u00e9claration formul\u00e9e conform\u00e9ment \u00e0  \nl'article L. 7232-1-1 du code du travail \n \nLe Pr\u00e9fet de la C\u00f4te-d'Or, et par subd\u00e9l\u00e9gation de la Directrice D\u00e9partementale de la DDETS, la \nCheffe du P\u00f4le Emploi et Coh\u00e9sion Territoriale/la Responsable de l'Unit\u00e9 Formation, Emploi, Insertion \n \nVU la loi n\u00b0 2015-1776 du 28 d\u00e9cembre 2015 relative \u00e0 l'adaptation de la soci\u00e9t\u00e9 au vieillissement, \n \nVU le d\u00e9cret n\u00b0 2016-750 du 6 juin 2016 relatif \u00e0 la liste des activit\u00e9s de services \u00e0 la personne soumises \n\u00e0 agr\u00e9ment ou \u00e0 autorisation dans le cadre du r\u00e9gime commun de la d\u00e9claration, \n \nVU le code du travail et notamment les articles L 7231-1 \u00e0 L 7233-2, R 7232-16 \u00e0 R 7232-22, D7231-1 \net D 7233-1 \u00e0 D 7233-5. \n \nConstate \nQu'en application des dispositions du code du travail susvis\u00e9es, la d\u00e9claration d'activit\u00e9 de services  \u00e0 \nla personne qui a \u00e9t\u00e9 d\u00e9livr\u00e9e le 27 novembre 2023 est modifi\u00e9e. \nEn effet, \u00e0 la suite de l'agr\u00e9ment obtenu le 27 novembre 2023, une d\u00e9claration modificative \ns'applique, selon les modalit\u00e9s et pour les activit\u00e9s ci-dessous, \u00e0 l'exclusion de toute autre : \n \nSur le territoire national pour les activit\u00e9s suivantes exerc\u00e9es en mode prestataire et mandataire \n:  \n1. Garde d'enfants de plus de 3 ans \u00e0 domicile \n2. Accompagnement des enfants de plus de 3 ans dans leurs d\u00e9placements \n3. Entretien de la maison et travaux m\u00e9nagers \n4. Petits travaux de jardinage \n5. Travaux de petit bricolage \n6. Pr\u00e9paration de repas \u00e0 domicile \n7. Livraison de repas \u00e0 domicile \n8. Livraison de courses \u00e0 domicile \nDirection d\u00e9partementale de l'emploi, du travail et des solidarit\u00e9s de C\u00f4te-d'Or - 21-2025-06-16-00002 - D\u00e9claration modificative SAP -\nn\u00b0778168401 ADMR MIREBEAU 7\nDDETS 21, 21 Bd Voltaire, BP 81110 - 21011 DIJON Cedex \nT\u00e9l. : 03 80 45 75 45 (Accueil) \nwww.cote-dor.gouv.fr \n9. Maintenance, entretien et vigilance temporaires \u00e0 domicile \n10. T\u00e9l\u00e9-assistance et visio-assistance \n11. Conduite du v\u00e9hicule des personnes en cas d'invalidit\u00e9 temporaire \n12. Accompagnement des personnes pr\u00e9sentant une invalidit\u00e9 temporaire \n13. Assistance aux personnes ayant besoin d'une aide temporaire \u00e0 leur domicile \n \nSur le d\u00e9partement de la C\u00f4te d'Or pour les activit\u00e9s suivantes exerc\u00e9es en mode prestataire \nrelevant de l'autorisation du Conseil D\u00e9partemental :  \n1. Assistance dans les actes quotidiens de la vie ou aide \u00e0 l'insertion sociale aux personnes \n\u00e2g\u00e9es et aux personnes handicap\u00e9es ou atteintes de pathologies chroniques qui ont besoin \nde telles prestations \u00e0 domicile, quand ces prestations sont r\u00e9alis\u00e9es dans les conditions \npr\u00e9vues aux 1\u00b0 et 2\u00b0 de l'article L. 7232 -6 du code du travail, \u00e0 l'exclusion d'actes de soins \nrelevant d'actes m\u00e9dicaux \u00e0 moins qu'ils ne soient e x\u00e9cut\u00e9s dans les conditions pr\u00e9vues \u00e0 \nl'article L. 1111 -6-1 du code de la sant\u00e9 publique et du d\u00e9cret n\u00b0 99 -426 du 27 mai 1999 \nhabilitant certaines cat\u00e9gories de personnes \u00e0 effectuer des aspirations endotrach\u00e9ales. \n2. Prestation de conduite du v\u00e9hicule perso nnel des personnes \u00e2g\u00e9es, des personnes \nhandicap\u00e9es ou atteintes de pathologies chroniques du domicile au travail, sur le lieu de \nvacances, pour les d\u00e9marches administratives quand cette prestation est r\u00e9alis\u00e9e dans les \nconditions pr\u00e9vues aux 1\u00b0 et 2\u00b0 de l'article L. 7232-6 du code du travail. \n3. Accompagnement des personnes \u00e2g\u00e9es, des personnes handicap\u00e9es ou atteintes de \npathologies chroniques, dans leurs d\u00e9placements en dehors de leur domicile (promenades, \naide \u00e0 la mobilit\u00e9 et au transport, actes de la vie courante) quand cet accompagnement est \nr\u00e9alis\u00e9 dans les conditions pr\u00e9vues aux 1\u00b0 et 2\u00b0 de l'article L. 7232-6 du m\u00eame code. \n \nL'\u00e9tablissement principal, \u00e9galement si\u00e8ge social, se situe \u00e0 l'adresse ci-dessus et poss\u00e8de le num\u00e9ro \nSIRET suivant, 778 168 401 00025. \nToute modification concernant l'activit\u00e9 exerc\u00e9e devra faire l'objet d'une d\u00e9claration modificative \npr\u00e9alable. \nSous r\u00e9serve d'\u00eatre exerc\u00e9e \u00e0 titre exclusif (ou sous r\u00e9serve d'une comptabilit\u00e9 s\u00e9par\u00e9e pour les \npersonnes morales dispens\u00e9es de cette c ondition), ces activit\u00e9s ouvrent droit au b\u00e9n\u00e9fice des \ndispositions des articles L. 7233-2 du code du travail et L. 241 -10 du code de la s\u00e9curit\u00e9 sociale dans \nles conditions pr\u00e9vues par ces articles. \nLes effets de la d\u00e9claration courent \u00e0 compter du jour de d\u00e9p\u00f4t de la demande, conform\u00e9ment \u00e0 l'article \nR.7232-18 du code du travail. \nL'enregistrement de la d\u00e9claration peut \u00eatre retir\u00e9 dans les conditions fix\u00e9es aux articles R.7232 -20 \u00e0 \nR.7232-22 du code du travail. \nLe pr\u00e9sent r\u00e9c\u00e9piss\u00e9 n'est pas limit\u00e9 dans le temps et sera publi\u00e9 au recueil des actes administratifs de \nla pr\u00e9fecture de la C\u00f4te d'Or. \nPour le Pr\u00e9fet de C\u00f4te d'Or \nEt par subd\u00e9l\u00e9gation de \nla Directrice D\u00e9partementale emp\u00each\u00e9e,   \nLa Responsable de l'Unit\u00e9, Formation, Emploi et Insertion,  \n \nSIGNE \nMarie BEGRAND \nDirection d\u00e9partementale de l'emploi, du travail et des solidarit\u00e9s de C\u00f4te-d'Or - 21-2025-06-16-00002 - D\u00e9claration modificative SAP -\nn\u00b0778168401 ADMR MIREBEAU 8\nDirection d\u00e9partementale de l'emploi, du travail\net des solidarit\u00e9s de C\u00f4te-d'Or\n21-2025-06-16-00006\nR\u00e9c\u00e9piss\u00e9 d\u00e9claration SAP - n\u00b0413850637\nYAGOUNI NACERA\nDirection d\u00e9partementale de l'emploi, du travail et des solidarit\u00e9s de C\u00f4te-d'Or - 21-2025-06-16-00006 - R\u00e9c\u00e9piss\u00e9 d\u00e9claration SAP -\nn\u00b0413850637 YAGOUNI NACERA 9\nPREFETDE LACOTE-D'ORLibert\u00e9\u00c9galit\u00e9Fraternit\u00e9\nDirection D\u00e9partementale de l'Emploi, \ndu Travail et des Solidarit\u00e9s - DDETS \nDDETS 21, 6 Rue Chancelier de l'Hospital - 21000 DIJON  \nT\u00e9l. : 03 80 68 30 00 (Accueil) \nwww.cote-dor.gouv.fr \nAffaire suivie par Sophie LACROIX                          Dijon, le 16/06/2025 \nP\u00f4le Emploi-Coh\u00e9sion Territoriale, \nT\u00e9l : 03 80 68 39 25 // 06 84 89 20 33 \nCourriel : sophie.lacroix@cote-dor.gouv.fr \nMme YAGOUNI Nacera \n16 rue de l'escadron C\u00f4te d'Or \n21600 LONGVIC \n \n \n \nRECEPISSE DE DECLARATION \nd'un Organisme de Services \u00e0 la Personne \nEnregistr\u00e9 sous le n\u00b0 SAP/ 413850637 \n \n \nLe Pr\u00e9fet de la C\u00f4te-d'Or, et par subd\u00e9l\u00e9gation de la Directrice D\u00e9partementale de la DDETS, la \nCheffe du P\u00f4le Emploi et Coh\u00e9sion Territoriale/la Responsable de l'Unit\u00e9 Formation, Emploi, Insertion \n \n \n \nVU la loi n\u00b0 2015-1776 du 28 d\u00e9cembre 2015 relative \u00e0 l'adaptation de la soci\u00e9t\u00e9 au vieillissement, \n \nVU le d\u00e9cret n\u00b0 2016-750 du 6 juin 2016 relatif \u00e0 la liste des activit\u00e9s de services \u00e0 la personne soumises \n\u00e0 agr\u00e9ment ou \u00e0 autorisation dans le cadre du r\u00e9gime commun de la d\u00e9claration, \n \nVU le code du travail et notamment les articles L 7231-1 \u00e0 L 7233-2, R 7232-16 \u00e0 R 7232-22, D7231-1 \net D 7233-1 \u00e0 D 7233-5. \n \n \nConstate \n \nQu'une d\u00e9claration d'activit\u00e9s de services \u00e0 la personne a \u00e9t\u00e9 d\u00e9pos\u00e9e sous le n\u00b02260240 aupr\u00e8s de la \nDDETS de la C\u00f4te d'Or, le 12  juin 2025, par Mme YAGOUNI Nacera , dans le cadre de l 'entreprise \nindividuelle \u00ab SERVICES ET NETTOYAGES 21  \u00bb repr\u00e9sent\u00e9e par Mme YAGOUNI Nacera , dont le \nsi\u00e8ge social est situ\u00e9 16 rue de l'escadron C\u00f4te d'Or  21600 LONGVIC et enregistr\u00e9e sous le n\u00b0 SAP/ \n413850637 pour les activit\u00e9s suivantes \u00e0 l'exclusion de toute autre :  \n \n1. Entretien de la maison et travaux m\u00e9nagers  \n2. Pr\u00e9paration de repas \u00e0 domicile \n3. Livraison de repas \u00e0 domicile \n4. Collecte et livraison \u00e0 domicile de linge repass\u00e9 \n5. Livraison de courses \u00e0 domicile \n6. Assistance administrative \u00e0 domicile \nDirection d\u00e9partementale de l'emploi, du travail et des solidarit\u00e9s de C\u00f4te-d'Or - 21-2025-06-16-00006 - R\u00e9c\u00e9piss\u00e9 d\u00e9claration SAP -\nn\u00b0413850637 YAGOUNI NACERA 10\nDDETS 21, 21 Bd Voltaire, BP 81110 - 21011 DIJON Cedex \nT\u00e9l. : 03 80 45 75 45 (Accueil) \nwww.cote-dor.gouv.fr \n7. Conduite du v\u00e9hicule des personnes en cas d'invalidit\u00e9 temporaire \n8. Accompagnement des personnes pr\u00e9sentant une invalidit\u00e9 temporaire \n9. Assistance aux personnes ayant besoin d'une aide temporaire \u00e0 leur domicile \n \nCes activit\u00e9s sont exerc\u00e9es en qualit\u00e9 de prestataire. \nL'\u00e9tablissement principal, \u00e9galement si\u00e8ge social, se situe \u00e0 l'adresse ci-dessus et poss\u00e8de le num\u00e9ro \nSIRET suivant, 413 850 637 00054. \nToute modification concernant l'activit\u00e9 exerc\u00e9e devra faire l'objet d'un e d\u00e9claration modificative \npr\u00e9alable. \nSous r\u00e9serve d'\u00eatre exerc\u00e9e \u00e0 titre exclusif (ou sous r\u00e9serve d'une comptabilit\u00e9 s\u00e9par\u00e9e pour les \npersonnes morales dispens\u00e9es de cette condition), ces activit\u00e9s ouvrent droit au b\u00e9n\u00e9fice des \ndispositions des articles L. 7233-2 du code du travail et L. 241 -10 du code de la s\u00e9curit\u00e9 sociale dans \nles conditions pr\u00e9vues par ces articles. \nLes effets de la d\u00e9claration courent \u00e0 compter du jour de d\u00e9p\u00f4t de la demande, conform\u00e9ment \u00e0 l'article \nR.7232-18 du code du travail. \nL'enregistrement de la d\u00e9claration peut \u00eatre retir\u00e9 dans les conditions fix\u00e9es aux articles R.7232 -20 \u00e0 \nR.7232-22 du code du travail. \nLe pr\u00e9sent r\u00e9c\u00e9piss\u00e9 n'est pas limit\u00e9 dans le temps et sera publi\u00e9 au recueil des actes administratifs de \nla pr\u00e9fecture de la C\u00f4te d'Or. \n \nPour le Pr\u00e9fet de C\u00f4te d'Or \nEt par subd\u00e9l\u00e9gation de \nla Directrice D\u00e9partementale emp\u00each\u00e9e, \n   \nLa Responsable de l'Unit\u00e9, Formation, Emploi et Insertion, \nSIGNE   \nMarie BEGRAND \nDirection d\u00e9partementale de l'emploi, du travail et des solidarit\u00e9s de C\u00f4te-d'Or - 21-2025-06-16-00006 - R\u00e9c\u00e9piss\u00e9 d\u00e9claration SAP -\nn\u00b0413850637 YAGOUNI NACERA 11\nDirection d\u00e9partementale de l'emploi, du travail\net des solidarit\u00e9s de C\u00f4te-d'Or\n21-2025-06-16-00001\nR\u00e9c\u00e9piss\u00e9 d\u00e9claration SAP - n\u00b0434940847 ADMR\nDIJON METROPOLE \nDirection d\u00e9partementale de l'emploi, du travail et des solidarit\u00e9s de C\u00f4te-d'Or - 21-2025-06-16-00001 - R\u00e9c\u00e9piss\u00e9 d\u00e9claration SAP -\nn\u00b0434940847 ADMR DIJON METROPOLE 12\nPREFETDE LACOTE-D'ORLibert\u00e9\u00c9galit\u00e9Fraternit\u00e9\nDirection D\u00e9partementale de l'Emploi, \ndu Travail et des Solidarit\u00e9s - DDETS \nDDETS 21, 21 Bd Voltaire, BP 81110 - 21011 DIJON Cedex \nT\u00e9l. : 03 80 45 75 45 (Accueil) \nwww.cote-dor.gouv.fr \nAffaire suivie par Sophie LACROIX                          Dijon, le 16/06/2025 \nP\u00f4le Emploi-Coh\u00e9sion Territoriale, \nT\u00e9l : 03 80 68 39 25 // 06 84 89 20 33 \nCourriel : sophie.lacroix@cote-dor.gouv.fr \nADMR DIJON METROPOLE \n60 avenue du 14 juillet \n21300 CHENOVE \n \n \n \nRECEPISSE DE DECLARATION \nd'un Organisme de Services \u00e0 la Personne \nEnregistr\u00e9 sous le n\u00b0 SAP/ 434940847 \n \n \nLe Pr\u00e9fet de la C\u00f4te-d'Or, et par subd\u00e9l\u00e9gation de la Directrice D\u00e9partementale de la DDETS, la \nCheffe du P\u00f4le Emploi et Coh\u00e9sion Territoriale/la Responsable de l'Unit\u00e9 Formation, Emploi, Insertion \n \nVU la loi n\u00b0 2015-1776 du 28 d\u00e9cembre 2015 relative \u00e0 l'adaptation de la soci\u00e9t\u00e9 au vieillissement, \n \nVU le d\u00e9cret n\u00b0 2016-750 du 6 juin 2016 relatif \u00e0 la liste des activit\u00e9s de services \u00e0 la personne soumises \n\u00e0 agr\u00e9ment ou \u00e0 autorisation dans le cadre du r\u00e9gime commun de la d\u00e9claration, \n \nVU le code du travail et notamment les articles L 7231-1 \u00e0 L 7233-2, R 7232-16 \u00e0 R 7232-22, D7231-1 \net D 7233-1 \u00e0 D 7233-5. \n \nConstate \n \nQu'une d\u00e9claration d'activit\u00e9s de services \u00e0 la personne a \u00e9t\u00e9 d\u00e9pos\u00e9e sous le n\u00b0 2015280 aupr\u00e8s de \nla DDETS de la C\u00f4te d'Or, le 5 mars 2025, par Mme FOSSEPREZ Martine, dans le cadre de \nl'association \"ADMR DIJON METROPOLE\", repr\u00e9sent\u00e9e par Mme FOSSEPREZ Martine, dont le si\u00e8ge \nsocial est situ\u00e9 60 avenue du 14 juillet 21300 CHENOVE et enregistr\u00e9e sous le n\u00b0 SAP/  434940847 \npour les activit\u00e9s suivantes \u00e0 l'exclusion de toute autre :  \n \nSur le territoire national pour les activit\u00e9s suivantes exerc\u00e9es en mode prestataire et mandataire \n:  \n1. Garde d'enfants de plus de 3 ans \u00e0 domicile \n2. Accompagnement des enfants de plus de 3 ans dans leurs d\u00e9placements \n3. Entretien de la maison et travaux m\u00e9nagers \n4. Petits travaux de jardinage \n5. Travaux de petit bricolage \n6. Pr\u00e9paration de repas \u00e0 domicile \n7. Livraison de repas \u00e0 domicile \n8. Livraison de courses \u00e0 domicile \n9. Maintenance, entretien et vigilance temporaires \u00e0 domicile \n10. T\u00e9l\u00e9-assistance et visio-assistance \nDirection d\u00e9partementale de l'emploi, du travail et des solidarit\u00e9s de C\u00f4te-d'Or - 21-2025-06-16-00001 - R\u00e9c\u00e9piss\u00e9 d\u00e9claration SAP -\nn\u00b0434940847 ADMR DIJON METROPOLE 13\nDDETS 21, 21 Bd Voltaire, BP 81110 - 21011 DIJON Cedex \nT\u00e9l. : 03 80 45 75 45 (Accueil) \nwww.cote-dor.gouv.fr \n11. Conduite du v\u00e9hicule des personnes en cas d'invalidit\u00e9 temporaire \n12. Accompagnement des personnes pr\u00e9sentant une invalidit\u00e9 temporaire \n13. Assistance aux personnes ayant besoin d'une aide temporaire \u00e0 leur domicile \n \nSur le d\u00e9partement de la C\u00f4te d'Or pour les activit\u00e9s suivantes exerc\u00e9es en mode \nprestataire relevant de l'autorisation du Conseil D\u00e9partemental :  \n1. Assistance dans les actes quotidiens de la vie ou aide \u00e0 l'insertion sociale aux personnes \n\u00e2g\u00e9es et aux personnes handicap\u00e9es ou atteintes de pathologies chroniques qui ont besoin \nde telles prestations \u00e0 domicile, quand ces prestations sont r\u00e9alis\u00e9es dans les conditions \npr\u00e9vues aux 1\u00b0 et 2\u00b0 de l'article L. 7232 -6 du code du travail, \u00e0 l'exclusion d'actes de soins \nrelevant d'actes m\u00e9dicaux \u00e0 moins qu'ils ne soient ex\u00e9cut\u00e9s dans les condi tions pr\u00e9vues \u00e0 \nl'article L. 1111 -6-1 du code de la sant\u00e9 publique et du d\u00e9cret n\u00b0 99 -426 du 27 mai 1999 \nhabilitant certaines cat\u00e9gories de personnes \u00e0 effectuer des aspirations endotrach\u00e9ales. \n2. Prestation de conduite du v\u00e9hicule personnel des personnes \u00e2g\u00e9 es, des personnes \nhandicap\u00e9es ou atteintes de pathologies chroniques du domicile au travail, sur le lieu de \nvacances, pour les d\u00e9marches administratives quand cette prestation est r\u00e9alis\u00e9e dans les \nconditions pr\u00e9vues aux 1\u00b0 et 2\u00b0 de l'article L. 7232-6 du code du travail. \n3. Accompagnement des personnes \u00e2g\u00e9es, des personnes handicap\u00e9es ou atteintes de \npathologies chroniques, dans leurs d\u00e9placements en dehors de leur domicile (promenades, \naide \u00e0 la mobilit\u00e9 et au transport, actes de la vie courante) quand cet a ccompagnement est \nr\u00e9alis\u00e9 dans les conditions pr\u00e9vues aux 1\u00b0 et 2\u00b0 de l'article L. 7232-6 du m\u00eame code. \n \nL'\u00e9tablissement principal, \u00e9galement si\u00e8ge social, se situe \u00e0 l'adresse ci-dessus et poss\u00e8de le num\u00e9ro \nSIRET suivant, 434 940 847 00032. \nToute modifica tion concernant l'activit\u00e9 exerc\u00e9e devra faire l'objet d'une d\u00e9claration modificative \npr\u00e9alable. \nSous r\u00e9serve d'\u00eatre exerc\u00e9e \u00e0 titre exclusif (ou sous r\u00e9serve d'une comptabilit\u00e9 s\u00e9par\u00e9e pour les \npersonnes morales dispens\u00e9es de cette condition), ces activit \u00e9s ouvrent droit au b\u00e9n\u00e9fice des \ndispositions des articles L. 7233-2 du code du travail et L. 241 -10 du code de la s\u00e9curit\u00e9 sociale dans \nles conditions pr\u00e9vues par ces articles. \nLes effets de la d\u00e9claration courent \u00e0 compter du jour de d\u00e9p\u00f4t de la demande, conform\u00e9ment \u00e0 l'article \nR.7232-18 du code du travail. \nL'enregistrement de la d\u00e9claration peut \u00eatre retir\u00e9 dans les conditions fix\u00e9es aux articles R.7232 -20 \u00e0 \nR.7232-22 du code du travail. \nLe pr\u00e9sent r\u00e9c\u00e9piss\u00e9 n'est pas limit\u00e9 dans le temps et sera publi\u00e9 au recueil des actes administratifs de \nla pr\u00e9fecture de la C\u00f4te d'Or. \nPour le Pr\u00e9fet de C\u00f4te d'Or \nEt par subd\u00e9l\u00e9gation de \nla Directrice D\u00e9partementale emp\u00each\u00e9e, \n   \nLa Responsable de l'Unit\u00e9, Formation, Emploi et Insertion, \nSIGNE  \nMarie BEGRAND \nDirection d\u00e9partementale de l'emploi, du travail et des solidarit\u00e9s de C\u00f4te-d'Or - 21-2025-06-16-00001 - R\u00e9c\u00e9piss\u00e9 d\u00e9claration SAP -\nn\u00b0434940847 ADMR DIJON METROPOLE 14\nDirection d\u00e9partementale de l'emploi, du travail\net des solidarit\u00e9s de C\u00f4te-d'Or\n21-2025-06-16-00004\nR\u00e9c\u00e9piss\u00e9 d\u00e9claration SAP n\u00b0420286676\nSt\u00e9phane Rob\u00e9 \nDirection d\u00e9partementale de l'emploi, du travail et des solidarit\u00e9s de C\u00f4te-d'Or - 21-2025-06-16-00004 - R\u00e9c\u00e9piss\u00e9 d\u00e9claration SAP\nn\u00b0420286676 St\u00e9phane Rob\u00e9 15\nPREFETDE LACOTE-D'ORLibert\u00e9\u00c9galit\u00e9Fraternit\u00e9\nDirection D\u00e9partementale de l'Emploi, \ndu Travail et des Solidarit\u00e9s - DDETS \nDDETS 21, 6 Rue Chancelier de l'Hospital - 21000 DIJON  \nT\u00e9l. : 03 80 68 30 00 (Accueil) \nwww.cote-dor.gouv.fr \nAffaire suivie par Sophie LACROIX                          Dijon, le 16/06/2025 \nP\u00f4le Emploi-Coh\u00e9sion Territoriale, \nT\u00e9l : 03 80 68 39 25 // 06 84 89 20 33 \nCourriel : sophie.lacroix@cote-dor.gouv.fr \nM. ROBE St\u00e9phane \n68 avenue du Drapeau \n21000 DIJON \n \n \n \nRECEPISSE DE DECLARATION \nd'un Organisme de Services \u00e0 la Personne \nEnregistr\u00e9 sous le n\u00b0 SAP/ 420286676 \n \n \nLe Pr\u00e9fet de la C\u00f4te-d'Or, et par subd\u00e9l\u00e9gation de la Directrice D\u00e9partementale de la DDETS, la \nCheffe du P\u00f4le Emploi et Coh\u00e9sion Territoriale/la Responsable de l'Unit\u00e9 Formation, Emploi, Insertion \n \n \n \nVU la loi n\u00b0 2015-1776 du 28 d\u00e9cembre 2015 relative \u00e0 l'adaptation de la soci\u00e9t\u00e9 au vieillissement, \n \nVU le d\u00e9cret n\u00b0 2016-750 du 6 juin 2016 relatif \u00e0 la liste des activit\u00e9s de services \u00e0 la personne soumises \n\u00e0 agr\u00e9ment ou \u00e0 autorisation dans le cadre du r\u00e9gime commun de la d\u00e9claration, \n \nVU le code du travail et notamment les articles L 7231-1 \u00e0 L 7233-2, R 7232-16 \u00e0 R 7232-22, D7231-1 \net D 7233-1 \u00e0 D 7233-5. \n \n \nConstate \n \nQu'une d\u00e9claration d'activit\u00e9s de services \u00e0 la personne a \u00e9t\u00e9 d\u00e9pos\u00e9e sous le n\u00b02305560 aupr\u00e8s de la \nDDETS de la C\u00f4te d'Or, le 3 juin 2025, par M. ROBE St\u00e9phane, dans le cadre d e la micro-entreprise \n\u00ab Pronumeria \u00bb repr\u00e9sent\u00e9e par M. ROBE St\u00e9phane , dont le si\u00e8ge social est situ\u00e9 68 avenue du \nDrapeau 21000 DIJON et enregistr\u00e9e sous le n\u00b0 SAP/ 420286676 pour l'activit\u00e9 suivante \u00e0 l'exclusion \nde toute autre :  \n \n1. Assistance informatique \u00e0 domicile \n \nCette activit\u00e9 est exerc\u00e9e en qualit\u00e9 de prestataire. \nL'\u00e9tablissement principal, \u00e9galement si\u00e8ge social, se situe \u00e0 l'adresse ci-dessus et poss\u00e8de le num\u00e9ro \nSIRET suivant, 420 286 676 00036. \nDirection d\u00e9partementale de l'emploi, du travail et des solidarit\u00e9s de C\u00f4te-d'Or - 21-2025-06-16-00004 - R\u00e9c\u00e9piss\u00e9 d\u00e9claration SAP\nn\u00b0420286676 St\u00e9phane Rob\u00e9 16\nDDETS 21, 21 Bd Voltaire, BP 81110 - 21011 DIJON Cedex \nT\u00e9l. : 03 80 45 75 45 (Accueil) \nwww.cote-dor.gouv.fr \nToute modification concernant l'activit\u00e9 ex erc\u00e9e devra faire l'objet d'une d\u00e9claration modificative \npr\u00e9alable. \nSous r\u00e9serve d'\u00eatre exerc\u00e9e \u00e0 titre exclusif (ou sous r\u00e9serve d'une comptabilit\u00e9 s\u00e9par\u00e9e pour les \npersonnes morales dispens\u00e9es de cette condition), ces activit\u00e9s ouvrent droit au b\u00e9n\u00e9fice des \ndispositions des articles L. 7233-2 du code du travail et L. 241 -10 du code de la s\u00e9curit\u00e9 sociale dans \nles conditions pr\u00e9vues par ces articles. \nLes effets de la d\u00e9claration courent \u00e0 compter du jour de d\u00e9p\u00f4t de la demande, conform\u00e9ment \u00e0 l'article \nR.7232-18 du code du travail. \nL'enregistrement de la d\u00e9claration peut \u00eatre retir\u00e9 dans les conditions fix\u00e9es aux articles R.7232 -20 \u00e0 \nR.7232-22 du code du travail. \nLe pr\u00e9sent r\u00e9c\u00e9piss\u00e9 n'est pas limit\u00e9 dans le temps et sera publi\u00e9 au recueil des actes administratifs de \nla pr\u00e9fecture de la C\u00f4te d'Or. \n \nPour le Pr\u00e9fet de C\u00f4te d'Or \nEt par subd\u00e9l\u00e9gation de \nla Directrice D\u00e9partementale emp\u00each\u00e9e, \n   \nLa Responsable de l'Unit\u00e9, Formation, Emploi et Insertion, \nSIGNE   \nMarie BEGRAND \nDirection d\u00e9partementale de l'emploi, du travail et des solidarit\u00e9s de C\u00f4te-d'Or - 21-2025-06-16-00004 - R\u00e9c\u00e9piss\u00e9 d\u00e9claration SAP\nn\u00b0420286676 St\u00e9phane Rob\u00e9 17\nDirection d\u00e9partementale de l'emploi, du travail\net des solidarit\u00e9s de C\u00f4te-d'Or\n21-2025-06-13-00012\nR\u00e9c\u00e9piss\u00e9 d\u00e9claration SAP n\u00b0494129695 -\nSCHMITT Corinne\nDirection d\u00e9partementale de l'emploi, du travail et des solidarit\u00e9s de C\u00f4te-d'Or - 21-2025-06-13-00012 - R\u00e9c\u00e9piss\u00e9 d\u00e9claration SAP\nn\u00b0494129695 - SCHMITT Corinne 18\nPREFETDE LACOTE-D'ORLibert\u00e9\u00c9galit\u00e9Fraternit\u00e9\nDirection D\u00e9partementale de l'Emploi, \ndu Travail et des Solidarit\u00e9s - DDETS \nDDETS 21, 21 Bd Voltaire, BP 81110 - 21011 DIJON Cedex \nT\u00e9l. : 03 80 45 75 45 (Accueil) \nwww.cote-dor.gouv.fr \nAffaire suivie par Sophie LACROIX                          Dijon, le 13/06/2025 \nP\u00f4le Emploi-Coh\u00e9sion Territoriale, \nT\u00e9l : 03 80 68 39 25 // 06 84 89 20 33 \nCourriel : sophie.lacroix@cote-dor.gouv.fr \nMme SCHMITT Corinne \n5 route de Verdun \n21200 BEAUNE \n \n \n \nRECEPISSE DE DECLARATION \nd'un Organisme de Services \u00e0 la Personne \nEnregistr\u00e9 sous le n\u00b0 SAP/ 494129695 \n \n \nLe Pr\u00e9fet de la C\u00f4te-d'Or, et par subd\u00e9l\u00e9gation de la Directrice D\u00e9partementale de la DDETS, la \nCheffe du P\u00f4le Emploi et Coh\u00e9sion Territoriale/la Responsable de l'Unit\u00e9 Formation, Emploi, Insertion \n \n \n \nVU la loi n\u00b0 2015-1776 du 28 d\u00e9cembre 2015 relative \u00e0 l'adaptation de la soci\u00e9t\u00e9 au vieillissement, \n \nVU le d\u00e9cret n\u00b0 2016-750 du 6 juin 2016 relatif \u00e0 la liste des activit\u00e9s de services \u00e0 la personne soumises \n\u00e0 agr\u00e9ment ou \u00e0 autorisation dans le cadre du r\u00e9gime commun de la d\u00e9claration, \n \nVU le code du travail et notamment les articles L 7231-1 \u00e0 L 7233-2, R 7232-16 \u00e0 R 7232-22, D7231-1 \net D 7233-1 \u00e0 D 7233-5. \n \n \nConstate \n \nQu'une d\u00e9claration d'activit\u00e9s de services \u00e0 la personne a \u00e9t\u00e9 d\u00e9pos\u00e9e sous le n\u00b0 2194180 aupr\u00e8s de \nla DDETS de la C\u00f4te d'Or, le 29 avril 2025, par Mme SCHMITT Corinne, dans le cadre d e la micro-\nentreprise \"CS SERVICES\", repr\u00e9sent\u00e9e par Mme SCHMITT Corinne, dont le si\u00e8ge social est situ\u00e9 5 \nroute de Verdun 21200 BEAUNE et enregistr\u00e9e sous le n\u00b0 SAP/494129695 pour les activit\u00e9s suivantes \n\u00e0 l'exclusion de toute autre :  \n \n1. Garde d'enfants de plus de 3 ans \u00e0 domicile \n2. Entretien de la maison et travaux m\u00e9nagers  \n3. Petits travaux de jardinage \n4. Pr\u00e9paration de repas \u00e0 domicile \n5. Collecte et livraison \u00e0 domicile de linge repass\u00e9 \n \nDirection d\u00e9partementale de l'emploi, du travail et des solidarit\u00e9s de C\u00f4te-d'Or - 21-2025-06-13-00012 - R\u00e9c\u00e9piss\u00e9 d\u00e9claration SAP\nn\u00b0494129695 - SCHMITT Corinne 19\nDDETS 21, 21 Bd Voltaire, BP 81110 - 21011 DIJON Cedex \nT\u00e9l. : 03 80 45 75 45 (Accueil) \nwww.cote-dor.gouv.fr \nCes activit\u00e9s sont exerc\u00e9es en qualit\u00e9 de prestataire. \nL'\u00e9tablissement principal, \u00e9galement si\u00e8ge social, se situe \u00e0 l'adresse ci-dessus et poss\u00e8de le num\u00e9ro \nSIRET suivant, 494 129 695 00024. \nToute modification concernant l'activit\u00e9 exerc\u00e9e devra faire l'objet d'une d\u00e9claration modificative \npr\u00e9alable. \nSous r\u00e9serve d'\u00eatre exerc\u00e9e \u00e0 titre exclusif (ou sous r\u00e9serve d'une comptabilit\u00e9 s\u00e9par\u00e9e pour les \npersonnes morales dispens\u00e9es de cette condition), ces activit\u00e9s ouvrent droit au b\u00e9n\u00e9fice des \ndispositions des articles L. 7233-2 du code du travail et L. 241 -10 du code de la s\u00e9curit\u00e9 sociale dans \nles conditions pr\u00e9vues par ces articles. \nLes effets de la d\u00e9claration courent \u00e0 compter du jour de d\u00e9p\u00f4t de la demande, conform\u00e9ment \u00e0 l'article \nR.7232-18 du code du travail. \nL'enregistrement de la d\u00e9claration peut \u00eatre retir\u00e9 dans les conditions fix\u00e9es aux articles R.7232 -20 \u00e0 \nR.7232-22 du code du travail. \nLe pr\u00e9sent r\u00e9c\u00e9piss\u00e9 n'est pas limit\u00e9 dans le temps et sera publi\u00e9 au recueil des actes administratifs de \nla pr\u00e9fecture de la C\u00f4te d'Or. \n \nPour le Pr\u00e9fet de C\u00f4te d'Or \nEt par subd\u00e9l\u00e9gation de \nla Directrice D\u00e9partementale emp\u00each\u00e9e, \n   \nLa Responsable de l'Unit\u00e9, Formation, Emploi et Insertion, \nSIGNE  \nMarie BEGRAND \nDirection d\u00e9partementale de l'emploi, du travail et des solidarit\u00e9s de C\u00f4te-d'Or - 21-2025-06-13-00012 - R\u00e9c\u00e9piss\u00e9 d\u00e9claration SAP\nn\u00b0494129695 - SCHMITT Corinne 20\nDirection d\u00e9partementale de l'emploi, du travail\net des solidarit\u00e9s de C\u00f4te-d'Or\n21-2025-06-13-00011\nR\u00e9c\u00e9piss\u00e9 d\u00e9claration SAP n\u00b0894862226 -\nPALLEAU Faustie\nDirection d\u00e9partementale de l'emploi, du travail et des solidarit\u00e9s de C\u00f4te-d'Or - 21-2025-06-13-00011 - R\u00e9c\u00e9piss\u00e9 d\u00e9claration SAP\nn\u00b0894862226 - PALLEAU Faustie 21\nPREFETDE LACOTE-D'ORLibert\u00e9\u00c9galit\u00e9Fraternit\u00e9\nDirection D\u00e9partementale de l'Emploi, \ndu Travail et des Solidarit\u00e9s - DDETS \nDDETS 21, 21 Bd Voltaire, BP 81110 - 21011 DIJON Cedex \nT\u00e9l. : 03 80 45 75 45 (Accueil) \nwww.cote-dor.gouv.fr \nAffaire suivie par Sophie LACROIX                          Dijon, le 13/06/2025 \nP\u00f4le Emploi-Coh\u00e9sion Territoriale, \nT\u00e9l : 03 80 68 39 25 // 06 84 89 20 33 \nCourriel : sophie.lacroix@cote-dor.gouv.fr \nMme PALLEAU Faustine \n9 rue Colette \n21800 CHEVIGNY-SAINT-SAUVEUR \n \n \n \nRECEPISSE DE DECLARATION \nd'un Organisme de Services \u00e0 la Personne \nEnregistr\u00e9 sous le n\u00b0 SAP/ 894862226 \n \n \nLe Pr\u00e9fet de la C\u00f4te-d'Or, et par subd\u00e9l\u00e9gation de la Directrice D\u00e9partementale de la DDETS, la \nCheffe du P\u00f4le Emploi et Coh\u00e9sion Territoriale/la Responsable de l'Unit\u00e9 Formation, Emploi, Insertion \n \n \n \nVU la loi n\u00b0 2015-1776 du 28 d\u00e9cembre 2015 relative \u00e0 l'adaptation de la soci\u00e9t\u00e9 au vieillissement, \n \nVU le d\u00e9cret n\u00b0 2016-750 du 6 juin 2016 relatif \u00e0 la liste des activit\u00e9s de services \u00e0 la personne soumises \n\u00e0 agr\u00e9ment ou \u00e0 autorisation dans le cadre du r\u00e9gime commun de la d\u00e9claration, \n \nVU le code du travail et notamment les articles L 7231-1 \u00e0 L 7233-2, R 7232-16 \u00e0 R 7232-22, D7231-1 \net D 7233-1 \u00e0 D 7233-5. \n \n \nConstate \n \nQu'une d\u00e9claration d'activit\u00e9s de services \u00e0 la personne a \u00e9t\u00e9 d\u00e9pos\u00e9e sous le n\u00b0 2246160 aupr\u00e8s de \nla DDETS de la C\u00f4te d'Or, le 16 mai 2025, par Mme PALLEAU Faustine, dans le cadre d'une micro -\nentreprise, repr\u00e9sent\u00e9e par Mme PALLEAU Faustine, dont le si\u00e8ge social est situ\u00e9 9 rue Colette 21800 \nCHEVIGNY-SAINT-SAUVEUR et enregistr\u00e9e sous le n\u00b0 SAP/894862226 pour les activit\u00e9s suivantes \u00e0 \nl'exclusion de toute autre :  \n \n1. Garde d'enfants de plus de 3 ans \u00e0 domicile \n2. Entretien de la maison et travaux m\u00e9nagers  \n \n \nCes activit\u00e9s sont exerc\u00e9es en qualit\u00e9 de prestataire. \nDirection d\u00e9partementale de l'emploi, du travail et des solidarit\u00e9s de C\u00f4te-d'Or - 21-2025-06-13-00011 - R\u00e9c\u00e9piss\u00e9 d\u00e9claration SAP\nn\u00b0894862226 - PALLEAU Faustie 22\nDDETS 21, 21 Bd Voltaire, BP 81110 - 21011 DIJON Cedex \nT\u00e9l. : 03 80 45 75 45 (Accueil) \nwww.cote-dor.gouv.fr \nL'\u00e9tablissement principal, \u00e9galement si\u00e8ge social, se situe \u00e0 l'adresse ci-dessus et poss\u00e8de le num\u00e9ro \nSIRET suivant, 894 862 226 00020. \nToute modification concernant l'activit\u00e9 exerc\u00e9e devra faire l'objet d'une d\u00e9claration modificative \npr\u00e9alable. \nSous r\u00e9serve d'\u00eatre exerc\u00e9e \u00e0 titre exclusif (ou sous r\u00e9serve d'une comptabilit\u00e9 s\u00e9par\u00e9e pour les \npersonnes morales dispens\u00e9es de cette condition), ces activit\u00e9s ouvrent droit au b\u00e9n\u00e9fice des \ndispositions des articles L. 7233-2 du code du travail et L. 241 -10 du code de la s\u00e9curit\u00e9 sociale dans \nles conditions pr\u00e9vues par ces articles. \nLes effets de la d\u00e9claration courent \u00e0 compter du jour de d\u00e9p\u00f4t de la demande, conform\u00e9ment \u00e0 l'article \nR.7232-18 du code du travail. \nL'enregistrement de la d\u00e9claration peut \u00eatre retir\u00e9 dans les conditions fix\u00e9es aux articles R.7232 -20 \u00e0 \nR.7232-22 du code du travail. \nLe pr\u00e9sent r\u00e9c\u00e9piss\u00e9 n'est pas limit\u00e9 dans le temps et sera publi\u00e9 au recueil des actes administratifs de \nla pr\u00e9fecture de la C\u00f4te d'Or. \n \nPour le Pr\u00e9fet de C\u00f4te d'Or \nEt par subd\u00e9l\u00e9gation de \nla Directrice D\u00e9partementale emp\u00each\u00e9e, \n   \nLa Responsable de l'Unit\u00e9, Formation, Emploi et Insertion, \nSIGNE  \nMarie BEGRAND \nDirection d\u00e9partementale de l'emploi, du travail et des solidarit\u00e9s de C\u00f4te-d'Or - 21-2025-06-13-00011 - R\u00e9c\u00e9piss\u00e9 d\u00e9claration SAP\nn\u00b0894862226 - PALLEAU Faustie 23\nDirection d\u00e9partementale de l'emploi, du travail\net des solidarit\u00e9s de C\u00f4te-d'Or\n21-2025-06-16-00005\nR\u00e9c\u00e9piss\u00e9 d\u00e9claration SAP n\u00b0941416265 DA\nSILVA Michael\nDirection d\u00e9partementale de l'emploi, du travail et des solidarit\u00e9s de C\u00f4te-d'Or - 21-2025-06-16-00005 - R\u00e9c\u00e9piss\u00e9 d\u00e9claration SAP\nn\u00b0941416265 DA SILVA Michael 24\nPREFETDE LACOTE-D'ORLibert\u00e9\u00c9galit\u00e9Fraternit\u00e9\nDirection D\u00e9partementale de l'Emploi, \ndu Travail et des Solidarit\u00e9s - DDETS \nDDETS 21, 6 Rue Chancelier de l'Hospital - 21000 DIJON  \nT\u00e9l. : 03 80 68 30 00 (Accueil) \nwww.cote-dor.gouv.fr \nAffaire suivie par Sophie LACROIX                          Dijon, le 16/06/2025 \nP\u00f4le Emploi-Coh\u00e9sion Territoriale, \nT\u00e9l : 03 80 68 39 25 // 06 84 89 20 33 \nCourriel : sophie.lacroix@cote-dor.gouv.fr \nM. DA SILVA Michael \n31 rue Lafayette \n21000 DIJON \n \n \n \nRECEPISSE DE DECLARATION \nd'un Organisme de Services \u00e0 la Personne \nEnregistr\u00e9 sous le n\u00b0 SAP/ 941416265 \n \n \nLe Pr\u00e9fet de la C\u00f4te-d'Or, et par subd\u00e9l\u00e9gation de la Directrice D\u00e9partementale de la DDETS, la \nCheffe du P\u00f4le Emploi et Coh\u00e9sion Territoriale/la Responsable de l'Unit\u00e9 Formation, Emploi, Insertion \n \n \n \nVU la loi n\u00b0 2015-1776 du 28 d\u00e9cembre 2015 relative \u00e0 l'adaptation de la soci\u00e9t\u00e9 au vieillissement, \n \nVU le d\u00e9cret n\u00b0 2016-750 du 6 juin 2016 relatif \u00e0 la liste des activit\u00e9s de services \u00e0 la personne soumises \n\u00e0 agr\u00e9ment ou \u00e0 autorisation dans le cadre du r\u00e9gime commun de la d\u00e9claration, \n \nVU le code du travail et notamment les articles L 7231-1 \u00e0 L 7233-2, R 7232-16 \u00e0 R 7232-22, D7231-1 \net D 7233-1 \u00e0 D 7233-5. \n \n \nConstate \n \nQu'une d\u00e9claration d'activit\u00e9s de services \u00e0 la personne a \u00e9t\u00e9 d\u00e9pos\u00e9e sous le n\u00b02300520 aupr\u00e8s de la \nDDETS de la C\u00f4te d'Or, le 2 juin 2025, par M. DA SILVA Michael , dans le cadre d'une entreprise \nindividuelle repr\u00e9sent\u00e9e par M. DA SILVA Michael, dont le si\u00e8ge social est situ\u00e9 31 rue Lafayette 21000 \nDIJON et enregistr\u00e9e sous le n\u00b0 SAP/ 941416265 pour les activit\u00e9s suivantes \u00e0 l'exclusion de toute \nautre :  \n \n1. Petits travaux de jardinage  \n2. Travaux de petit bricolage \n \nCes activit\u00e9s sont exerc\u00e9es en qualit\u00e9 de prestataire. \nL'\u00e9tablissement principal, \u00e9galement si\u00e8ge social, se situe \u00e0 l'adresse ci-dessus et poss\u00e8de le num\u00e9ro \nSIRET suivant, 941 416 265 00010. \nDirection d\u00e9partementale de l'emploi, du travail et des solidarit\u00e9s de C\u00f4te-d'Or - 21-2025-06-16-00005 - R\u00e9c\u00e9piss\u00e9 d\u00e9claration SAP\nn\u00b0941416265 DA SILVA Michael 25\nDDETS 21, 21 Bd Voltaire, BP 81110 - 21011 DIJON Cedex \nT\u00e9l. : 03 80 45 75 45 (Accueil) \nwww.cote-dor.gouv.fr \nToute modification concernant l'activit\u00e9 exerc\u00e9e devra faire l'objet d'un e d\u00e9claration modificative \npr\u00e9alable. \nSous r\u00e9serve d'\u00eatre exerc\u00e9e \u00e0 titre exclusif (ou sous r\u00e9serve d'une comptabilit\u00e9 s\u00e9par\u00e9e pour les \npersonnes morales dispens\u00e9es de cette condition), ces activit\u00e9s ouvrent droit au b\u00e9n\u00e9fice des \ndispositions des articles L. 7233-2 du code du travail et L. 241 -10 du code de la s\u00e9curit\u00e9 sociale dans \nles conditions pr\u00e9vues par ces articles. \nLes effets de la d\u00e9claration courent \u00e0 compter du jour de d\u00e9p\u00f4t de la demande, conform\u00e9ment \u00e0 l'article \nR.7232-18 du code du travail. \nL'enregistrement de la d\u00e9claration peut \u00eatre retir\u00e9 dans les conditions fix\u00e9es aux articles R.7232 -20 \u00e0 \nR.7232-22 du code du travail. \nLe pr\u00e9sent r\u00e9c\u00e9piss\u00e9 n'est pas limit\u00e9 dans le temps et sera publi\u00e9 au recueil des actes administratifs de \nla pr\u00e9fecture de la C\u00f4te d'Or. \n \nPour le Pr\u00e9fet de C\u00f4te d'Or \nEt par subd\u00e9l\u00e9gation de \nla Directrice D\u00e9partementale emp\u00each\u00e9e, \n   \nLa Responsable de l'Unit\u00e9, Formation, Emploi et Insertion, \nSIGNE   \nMarie BEGRAND \nDirection d\u00e9partementale de l'emploi, du travail et des solidarit\u00e9s de C\u00f4te-d'Or - 21-2025-06-16-00005 - R\u00e9c\u00e9piss\u00e9 d\u00e9claration SAP\nn\u00b0941416265 DA SILVA Michael 26\nDirection d\u00e9partementale de l'emploi, du travail\net des solidarit\u00e9s de C\u00f4te-d'Or\n21-2025-06-20-00003\nR\u00e9c\u00e9piss\u00e9 d\u00e9claration SAP n\u00b0942254947 ROSSO\nGabriel\nDirection d\u00e9partementale de l'emploi, du travail et des solidarit\u00e9s de C\u00f4te-d'Or - 21-2025-06-20-00003 - R\u00e9c\u00e9piss\u00e9 d\u00e9claration SAP\nn\u00b0942254947 ROSSO Gabriel 27\nPREFETDE LACOTE-D'ORLibert\u00e9\u00c9galit\u00e9Fraternit\u00e9\nDirection D\u00e9partementale de l'Emploi, \ndu Travail et des Solidarit\u00e9s - DDETS \nDDETS 21, 6 Rue Chancelier de l'Hospital - 21000 DIJON  \nT\u00e9l. : 03 80 68 30 00 (Accueil) \nwww.cote-dor.gouv.fr \nAffaire suivie par Sophie LACROIX                          Dijon, le 20/06/2025 \nP\u00f4le Emploi-Coh\u00e9sion Territoriale, \nT\u00e9l : 03 80 68 39 25 // 06 84 89 20 33 \nCourriel : sophie.lacroix@cote-dor.gouv.fr \nM. ROSSO Gabriel \n27 route d'Avallon \n21390 AISY-SOUS-THIL \n \n \n \nRECEPISSE DE DECLARATION \nd'un Organisme de Services \u00e0 la Personne \nEnregistr\u00e9 sous le n\u00b0 SAP/ 942254947 \n \n \nLe Pr\u00e9fet de la C\u00f4te-d'Or, et par subd\u00e9l\u00e9gation de la Directrice D\u00e9partementale de la DDETS, la \nCheffe du P\u00f4le Emploi et Coh\u00e9sion Territoriale/la Responsable de l'Unit\u00e9 Formation, Emploi, Insertion \n \n \n \nVU la loi n\u00b0 2015-1776 du 28 d\u00e9cembre 2015 relative \u00e0 l'adaptation de la soci\u00e9t\u00e9 au vieillissement, \n \nVU le d\u00e9cret n\u00b0 2016-750 du 6 juin 2016 relatif \u00e0 la liste des activit\u00e9s de services \u00e0 la personne soumises \n\u00e0 agr\u00e9ment ou \u00e0 autorisation dans le cadre du r\u00e9gime commun de la d\u00e9claration, \n \nVU le code du travail et notamment les articles L 7231-1 \u00e0 L 7233-2, R 7232-16 \u00e0 R 7232-22, D7231-1 \net D 7233-1 \u00e0 D 7233-5. \n \n \nConstate \n \nQu'une d\u00e9claration d'activit\u00e9s de services \u00e0 la personne a \u00e9t\u00e9 d\u00e9pos\u00e9e sous le n\u00b02145760 aupr\u00e8s de la \nDDETS de la C\u00f4te d'Or, le 14 avril  2025, par M. ROSSO Gabriel , dans le cadre de l 'entreprise \nindividuelle \u00ab El Secat'Or \u00bb repr\u00e9sent\u00e9e par M. ROSSO Gabriel, dont le si\u00e8ge social est situ\u00e9 27 route \nd'Avallon 21390 AISY -SOUS-THIL et enregistr\u00e9e sous le n\u00b0 SAP/ 942254947 pour les activit\u00e9s \nsuivantes \u00e0 l'exclusion de toute autre :  \n \n1. Petits travaux de jardinage  \n2. Travaux de petit bricolage \n \nCes activit\u00e9s sont exerc\u00e9es en qualit\u00e9 de prestataire. \nL'\u00e9tablissement principal, \u00e9galement si\u00e8ge social, se situe \u00e0 l'adresse ci-dessus et poss\u00e8de le num\u00e9ro \nSIRET suivant, 942 254 947 00016. \nDirection d\u00e9partementale de l'emploi, du travail et des solidarit\u00e9s de C\u00f4te-d'Or - 21-2025-06-20-00003 - R\u00e9c\u00e9piss\u00e9 d\u00e9claration SAP\nn\u00b0942254947 ROSSO Gabriel 28\nDDETS 21, 21 Bd Voltaire, BP 81110 - 21011 DIJON Cedex \nT\u00e9l. : 03 80 45 75 45 (Accueil) \nwww.cote-dor.gouv.fr \nToute modification concernant l'activit\u00e9 exerc\u00e9e d evra faire l'objet d'une d\u00e9claration modificative \npr\u00e9alable. \nSous r\u00e9serve d'\u00eatre exerc\u00e9e \u00e0 titre exclusif (ou sous r\u00e9serve d'une comptabilit\u00e9 s\u00e9par\u00e9e pour les \npersonnes morales dispens\u00e9es de cette condition), ces activit\u00e9s ouvrent droit au b\u00e9n\u00e9fice des \ndispositions des articles L. 7233-2 du code du travail et L. 241 -10 du code de la s\u00e9curit\u00e9 sociale dans \nles conditions pr\u00e9vues par ces articles. \nLes effets de la d\u00e9claration courent \u00e0 compter du jour de d\u00e9p\u00f4t de la demande, conform\u00e9ment \u00e0 l'article \nR.7232-18 du code du travail. \nL'enregistrement de la d\u00e9claration peut \u00eatre retir\u00e9 dans les conditions fix\u00e9es aux articles R.7232 -20 \u00e0 \nR.7232-22 du code du travail. \nLe pr\u00e9sent r\u00e9c\u00e9piss\u00e9 n'est pas limit\u00e9 dans le temps et sera publi\u00e9 au recueil des actes administratifs de \nla pr\u00e9fecture de la C\u00f4te d'Or. \n \nPour le Pr\u00e9fet de C\u00f4te d'Or \nEt par subd\u00e9l\u00e9gation de \nla Directrice D\u00e9partementale emp\u00each\u00e9e, \n   \nLa Responsable de l'Unit\u00e9, Formation, Emploi et Insertion, \nSIGNE    \nMarie BEGRAND \nDirection d\u00e9partementale de l'emploi, du travail et des solidarit\u00e9s de C\u00f4te-d'Or - 21-2025-06-20-00003 - R\u00e9c\u00e9piss\u00e9 d\u00e9claration SAP\nn\u00b0942254947 ROSSO Gabriel 29\nDirection d\u00e9partementale de l'emploi, du travail\net des solidarit\u00e9s de C\u00f4te-d'Or\n21-2025-06-20-00004\nR\u00e9c\u00e9piss\u00e9 d\u00e9claration SAP n\u00b0944416916 - TEJADA\nJ\u00e9r\u00f4me\nDirection d\u00e9partementale de l'emploi, du travail et des solidarit\u00e9s de C\u00f4te-d'Or - 21-2025-06-20-00004 - R\u00e9c\u00e9piss\u00e9 d\u00e9claration SAP\nn\u00b0944416916 - TEJADA J\u00e9r\u00f4me 30\nPREFETDE LACOTE-D'ORLibert\u00e9\u00c9galit\u00e9Fraternit\u00e9\nDirection D\u00e9partementale de l'Emploi, \ndu Travail et des Solidarit\u00e9s - DDETS \nDDETS 21, 21 Bd Voltaire, BP 81110 - 21011 DIJON Cedex \nT\u00e9l. : 03 80 45 75 45 (Accueil) \nwww.cote-dor.gouv.fr \nAffaire suivie par Sophie LACROIX                          Dijon, le 20/06/2025 \nP\u00f4le Emploi-Coh\u00e9sion Territoriale, \nT\u00e9l : 03 80 68 39 25 // 06 84 89 20 33 \nCourriel : sophie.lacroix@cote-dor.gouv.fr \nM. TEJADA J\u00e9r\u00f4me \n46 rue du chap\u00eetre \n21000 DIJON \n \n \n \nRECEPISSE DE DECLARATION \nd'un Organisme de Services \u00e0 la Personne \nEnregistr\u00e9 sous le n\u00b0 SAP/ 944416916 \n \n \nLe Pr\u00e9fet de la C\u00f4te-d'Or, et par subd\u00e9l\u00e9gation de la Directrice D\u00e9partementale de la DDETS, la \nCheffe du P\u00f4le Emploi et Coh\u00e9sion Territoriale/la Responsable de l'Unit\u00e9 Formation, Emploi, Insertion \n \n \n \nVU la loi n\u00b0 2015-1776 du 28 d\u00e9cembre 2015 relative \u00e0 l'adaptation de la soci\u00e9t\u00e9 au vieillissement, \n \nVU le d\u00e9cret n\u00b0 2016-750 du 6 juin 2016 relatif \u00e0 la liste des activit\u00e9s de services \u00e0 la personne soumises \n\u00e0 agr\u00e9ment ou \u00e0 autorisation dans le cadre du r\u00e9gime commun de la d\u00e9claration, \n \nVU le code du travail et notamment les articles L 7231-1 \u00e0 L 7233-2, R 7232-16 \u00e0 R 7232-22, D7231-1 \net D 7233-1 \u00e0 D 7233-5. \n \n \nConstate \n \nQu'une d\u00e9claration d'activit\u00e9s de services \u00e0 la personne a \u00e9t\u00e9 d\u00e9pos\u00e9e sous le n\u00b0 2256481 aupr\u00e8s de \nla DDETS de la C\u00f4te d'Or, le 20/05/2025 2025, par M. TEJADA J\u00e9r\u00f4me , dans le cadre de la micro -\nentreprise \"JTAD\", repr\u00e9sent\u00e9e par M. TEJADA J\u00e9r\u00f4me, dont le si\u00e8ge social est situ\u00e9 46 rue du chap\u00eetre \n21000 DIJON et enregistr\u00e9e sous le n\u00b0 SAP/ 944416916 pour les activit\u00e9s suivantes \u00e0 l'exclusion de \ntoute autre :  \n \n1. Garde d'enfants de plus de 3 ans \u00e0 domicile \n2. Soutien scolaire ou cours \u00e0 domicile \n3. Accompagnement des enfants de plus de 3 ans dans leurs d\u00e9placements \n4. Entretien de la maison et travaux m\u00e9nagers  \n5. Petits travaux de jardinage \n6. Travaux de petit bricolage \nDirection d\u00e9partementale de l'emploi, du travail et des solidarit\u00e9s de C\u00f4te-d'Or - 21-2025-06-20-00004 - R\u00e9c\u00e9piss\u00e9 d\u00e9claration SAP\nn\u00b0944416916 - TEJADA J\u00e9r\u00f4me 31\nDDETS 21, 21 Bd Voltaire, BP 81110 - 21011 DIJON Cedex \nT\u00e9l. : 03 80 45 75 45 (Accueil) \nwww.cote-dor.gouv.fr \n7. Pr\u00e9paration de repas \u00e0 domicile \n8. Maintenance, entretien et vigilance temporaires \u00e0 domicile \n9. Assistance informatique \u00e0 domicile \n10. Assistance administrative \u00e0 domicile \n11. Soins et promenade(s) d'animaux pour personnes d\u00e9pendantes \n12. Conduite du v\u00e9hicule des personnes en cas d'invalidit\u00e9 temporaire \n13. Accompagnement des personnes pr\u00e9sentant une invalidit\u00e9 temporaire \n14. Assistance aux personnes ayant besoin d'une aide temporaire \u00e0 leur domicile \n \nCes activit\u00e9s sont exerc\u00e9es en qualit\u00e9 de prestataire. \nL'\u00e9tablissement principal, \u00e9galement si\u00e8ge social, se situe \u00e0 l'adresse ci-dessus et poss\u00e8de le num\u00e9ro \nSIRET suivant, 944 416 916 00012. \nToute modification concernant l'activit\u00e9 exerc\u00e9e devra faire l'objet d'une d\u00e9claration modificative \npr\u00e9alable. \nSous r\u00e9serve d'\u00eatre exerc\u00e9e \u00e0 titre exclusif (ou sous r\u00e9serve d'une comptabilit\u00e9 s\u00e9par\u00e9e pour les \npersonnes morales dispens\u00e9es de cette condition), ces activit\u00e9s ouvrent droit au b\u00e9n\u00e9fice des \ndispositions des articles L. 7233-2 du code du travail et L. 241 -10 du code de la s\u00e9curit\u00e9 sociale dans \nles conditions pr\u00e9vues par ces articles. \nLes effets de la d\u00e9claration courent \u00e0 compter du jour de d\u00e9p\u00f4t de la demande, conform\u00e9ment \u00e0 l'article \nR.7232-18 du code du travail. \nL'enregistrement de la d\u00e9claration peut \u00eatre retir\u00e9 dans les conditions fix\u00e9es aux articles R.7232-20 \u00e0 \nR.7232-22 du code du travail. \nLe pr\u00e9sent r\u00e9c\u00e9piss\u00e9 n'est pas limit\u00e9 dans le temps et sera publi\u00e9 au recueil des actes administratifs de \nla pr\u00e9fecture de la C\u00f4te d'Or. \n \nPour le Pr\u00e9fet de C\u00f4te d'Or \nEt par subd\u00e9l\u00e9gation de \nla Directrice D\u00e9partementale emp\u00each\u00e9e, \n   \nLa Responsable de l'Unit\u00e9, Formation, Emploi et Insertion, \nSIGNE  \nMarie BEGRAND \nDirection d\u00e9partementale de l'emploi, du travail et des solidarit\u00e9s de C\u00f4te-d'Or - 21-2025-06-20-00004 - R\u00e9c\u00e9piss\u00e9 d\u00e9claration SAP\nn\u00b0944416916 - TEJADA J\u00e9r\u00f4me 32\nDirection d\u00e9partementale de l'emploi, du travail\net des solidarit\u00e9s de C\u00f4te-d'Or\n21-2025-06-16-00003\nR\u00e9c\u00e9piss\u00e9 d\u00e9claration SAP n\u00b0944763960\n-TERRIEN Juliette\nDirection d\u00e9partementale de l'emploi, du travail et des solidarit\u00e9s de C\u00f4te-d'Or - 21-2025-06-16-00003 - R\u00e9c\u00e9piss\u00e9 d\u00e9claration SAP\nn\u00b0944763960 -TERRIEN Juliette 33\nPREFETDE LACOTE-D'ORLibert\u00e9\u00c9galit\u00e9Fraternit\u00e9\nDirection D\u00e9partementale de l'Emploi, \ndu Travail et des Solidarit\u00e9s - DDETS \nDDETS 21, 6 Rue Chancelier de l'Hospital - 21000 DIJON  \nT\u00e9l. : 03 80 68 30 00 (Accueil) \nwww.cote-dor.gouv.fr \nAffaire suivie par Sophie LACROIX                          Dijon, le 16/06/2025 \nP\u00f4le Emploi-Coh\u00e9sion Territoriale, \nT\u00e9l : 03 80 68 39 25 // 06 84 89 20 33 \nCourriel : sophie.lacroix@cote-dor.gouv.fr \nMme TERRIEN Juliette \n12 rue de Bretagne \n21800 CHEVIGNY-SAINT-SAUVEUR \n \n \n \nRECEPISSE DE DECLARATION \nd'un Organisme de Services \u00e0 la Personne \nEnregistr\u00e9 sous le n\u00b0 SAP/ 944763960 \n \n \nLe Pr\u00e9fet de la C\u00f4te-d'Or, et par subd\u00e9l\u00e9gation de la Directrice D\u00e9partementale de la DDETS, la \nCheffe du P\u00f4le Emploi et Coh\u00e9sion Territoriale/la Responsable de l'Unit\u00e9 Formation, Emploi, Insertion \n \n \n \nVU la loi n\u00b0 2015-1776 du 28 d\u00e9cembre 2015 relative \u00e0 l'adaptation de la soci\u00e9t\u00e9 au vieillissement, \n \nVU le d\u00e9cret n\u00b0 2016-750 du 6 juin 2016 relatif \u00e0 la liste des activit\u00e9s de services \u00e0 la personne soumises \n\u00e0 agr\u00e9ment ou \u00e0 autorisation dans le cadre du r\u00e9gime commun de la d\u00e9claration, \n \nVU le code du travail et notamment les articles L 7231-1 \u00e0 L 7233-2, R 7232-16 \u00e0 R 7232-22, D7231-1 \net D 7233-1 \u00e0 D 7233-5. \n \n \nConstate \n \nQu'une d\u00e9claration d'activit\u00e9s de services \u00e0 la personne a \u00e9t\u00e9 d\u00e9pos\u00e9e sous le n\u00b02279621 aupr\u00e8s de la \nDDETS de la C\u00f4te d 'Or, le 26 mai 2025, par Mme TERRIEN Juliette, d ans le cadre d'une micro-\nentreprise repr\u00e9sent\u00e9e par Mme TERRIEN Juliette, dont le si\u00e8ge social  est situ\u00e9 12 rue de Bretagne  \n21800 CHEVIGNY-SAINT-SAUVEUR et enregistr\u00e9e sous le n\u00b0 SAP/ 944763960 pour l'activit\u00e9 suivante \n\u00e0 l'exclusion de toute autre :  \n \n1. Entretien de la maison et travaux m\u00e9nagers  \n \nCette activit\u00e9 est exerc\u00e9e en qualit\u00e9 de prestataire. \nL'\u00e9tablissement principal, \u00e9galement si\u00e8ge social, se situe \u00e0 l'adresse ci-dessus et poss\u00e8de le num\u00e9ro \nSIRET suivant, 944 763 960 00019. \nDirection d\u00e9partementale de l'emploi, du travail et des solidarit\u00e9s de C\u00f4te-d'Or - 21-2025-06-16-00003 - R\u00e9c\u00e9piss\u00e9 d\u00e9claration SAP\nn\u00b0944763960 -TERRIEN Juliette 34\nDDETS 21, 21 Bd Voltaire, BP 81110 - 21011 DIJON Cedex \nT\u00e9l. : 03 80 45 75 45 (Accueil) \nwww.cote-dor.gouv.fr \nToute modification concernant l'activit\u00e9 exerc\u00e9e devra faire l'objet d' une d\u00e9claration modificative \npr\u00e9alable. \nSous r\u00e9serve d'\u00eatre exerc\u00e9e \u00e0 titre exclusif (ou sous r\u00e9serve d'une comptabilit\u00e9 s\u00e9par\u00e9e pour les \npersonnes morales dispens\u00e9es de cette condition), ces activit\u00e9s ouvrent droit au b\u00e9n\u00e9fice des \ndispositions des articles L. 7233-2 du code du travail et L. 241 -10 du code de la s\u00e9curit\u00e9 sociale dans \nles conditions pr\u00e9vues par ces articles. \nLes effets de la d\u00e9claration courent \u00e0 compter du jour de d\u00e9p\u00f4t de la demande, conform\u00e9ment \u00e0 l'article \nR.7232-18 du code du travail. \nL'enregistrement de la d\u00e9claration peut \u00eatre retir\u00e9 dans les conditions fix\u00e9es aux articles R.7232 -20 \u00e0 \nR.7232-22 du code du travail. \nLe pr\u00e9sent r\u00e9c\u00e9piss\u00e9 n'est pas limit\u00e9 dans le temps et sera publi\u00e9 au recueil des actes administratifs de \nla pr\u00e9fecture de la C\u00f4te d'Or. \n \nPour le Pr\u00e9fet de C\u00f4te d'Or \nEt par subd\u00e9l\u00e9gation de \nla Directrice D\u00e9partementale emp\u00each\u00e9e, \n   \nLa Responsable de l'Unit\u00e9, Formation, Emploi et Insertion, \nSIGNE  \nMarie BEGRAND \nDirection d\u00e9partementale de l'emploi, du travail et des solidarit\u00e9s de C\u00f4te-d'Or - 21-2025-06-16-00003 - R\u00e9c\u00e9piss\u00e9 d\u00e9claration SAP\nn\u00b0944763960 -TERRIEN Juliette 35\nDirection d\u00e9partementale de l'emploi, du travail\net des solidarit\u00e9s de C\u00f4te-d'Or\n21-2025-06-17-00001\nR\u00e9c\u00e9piss\u00e9 d\u00e9claration SAP n\u00b0978859734 -\nMILLESIMES\nDirection d\u00e9partementale de l'emploi, du travail et des solidarit\u00e9s de C\u00f4te-d'Or - 21-2025-06-17-00001 - R\u00e9c\u00e9piss\u00e9 d\u00e9claration SAP\nn\u00b0978859734 - MILLESIMES 36\nPREFETDE LACOTE-D'ORLibert\u00e9\u00c9galit\u00e9Fraternit\u00e9\nDirection D\u00e9partementale de l'Emploi, \ndu Travail et des Solidarit\u00e9s - DDETS \nDDETS 21, 21 Bd Voltaire, BP 81110 - 21011 DIJON Cedex \nT\u00e9l. : 03 80 45 75 45 (Accueil) \nwww.cote-dor.gouv.fr \nAffaire suivie par Sophie LACROIX                          Dijon, le 16/06/2025 \nP\u00f4le Emploi-Coh\u00e9sion Territoriale, \nT\u00e9l : 03 80 68 39 25 // 06 84 89 20 33 \nCourriel : sophie.lacroix@cote-dor.gouv.fr \nM. POUZIER Christophe \nSAS MILLESIMES \n1 quai Gauthey \n21000 DIJON \n \n \n \nRECEPISSE DE DECLARATION \nd'un Organisme de Services \u00e0 la Personne \nEnregistr\u00e9 sous le n\u00b0 SAP/ 978859734 \n \n \nLe Pr\u00e9fet de la C\u00f4te-d'Or, et par subd\u00e9l\u00e9gation de la Directrice D\u00e9partementale de la DDETS, la \nCheffe du P\u00f4le Emploi et Coh\u00e9sion Territoriale/la Responsable de l'Unit\u00e9 Formation, Emploi, Insertion \n \n \n \nVU la loi n\u00b0 2015-1776 du 28 d\u00e9cembre 2015 relative \u00e0 l'adaptation de la soci\u00e9t\u00e9 au vieillissement, \n \nVU le d\u00e9cret n\u00b0 2016-750 du 6 juin 2016 relatif \u00e0 la liste des activit\u00e9s de services \u00e0 la personne soumises \n\u00e0 agr\u00e9ment ou \u00e0 autorisation dans le cadre du r\u00e9gime commun de la d\u00e9claration, \n \nVU le code du travail et notamment les articles L 7231-1 \u00e0 L 7233-2, R 7232-16 \u00e0 R 7232-22, D7231-1 \net D 7233-1 \u00e0 D 7233-5. \n \n \nConstate \n \nQu'une d\u00e9claration d'activit\u00e9s de services \u00e0 la personne a \u00e9t\u00e9 d\u00e9pos\u00e9e sous le n\u00b0 2196060 aupr\u00e8s de \nla DDETS de la C\u00f4te d'Or, le  14 mars 2024 , par M.  POUZIER Christophe, dans le cadre de la SAS  \n\"MILLESIMES\", repr\u00e9sent\u00e9e par M. POUZIER Christophe, dont le si\u00e8ge social est situ\u00e9 1 quai Gauthey \n21000 DIJON et enregistr\u00e9e sous le n\u00b0 SAP/  978859734 pour l'activit\u00e9 suivante \u00e0 l'exclusion de toute \nautre :  \n \n1. Entretien de la maison et travaux m\u00e9nagers \n \nCette activit\u00e9 est exerc\u00e9e en qualit\u00e9 de mandataire. \nL'\u00e9tablissement principal, \u00e9galement si\u00e8ge social, se situe \u00e0 l'adresse ci-dessus et poss\u00e8de le num\u00e9ro \nSIRET suivant, 978 859 734 00029. \nDirection d\u00e9partementale de l'emploi, du travail et des solidarit\u00e9s de C\u00f4te-d'Or - 21-2025-06-17-00001 - R\u00e9c\u00e9piss\u00e9 d\u00e9claration SAP\nn\u00b0978859734 - MILLESIMES 37\nDDETS 21, 21 Bd Voltaire, BP 81110 - 21011 DIJON Cedex \nT\u00e9l. : 03 80 45 75 45 (Accueil) \nwww.cote-dor.gouv.fr \nToute modification concernant l'activit\u00e9 exerc\u00e9e devra faire l'objet d'u ne d\u00e9claration modificative \npr\u00e9alable. \nSous r\u00e9serve d'\u00eatre exerc\u00e9e \u00e0 titre exclusif (ou sous r\u00e9serve d'une comptabilit\u00e9 s\u00e9par\u00e9e pour les \npersonnes morales dispens\u00e9es de cette condition), ces activit\u00e9s ouvrent droit au b\u00e9n\u00e9fice des \ndispositions des articles L. 7233-2 du code du travail et L. 241 -10 du code de la s\u00e9curit\u00e9 sociale dans \nles conditions pr\u00e9vues par ces articles. \nLes effets de la d\u00e9claration courent \u00e0 compter du jour de d\u00e9p\u00f4t de la demande, conform\u00e9ment \u00e0 l'article \nR.7232-18 du code du travail. \nL'enregistrement de la d\u00e9claration peut \u00eatre retir\u00e9 dans les conditions fix\u00e9es aux articles R.7232 -20 \u00e0 \nR.7232-22 du code du travail. \nLe pr\u00e9sent r\u00e9c\u00e9piss\u00e9 n'est pas limit\u00e9 dans le temps et sera publi\u00e9 au recueil des actes administratifs de \nla pr\u00e9fecture de la C\u00f4te d'Or. \n \nPour le Pr\u00e9fet de C\u00f4te d'Or \nEt par subd\u00e9l\u00e9gation de \nla Directrice D\u00e9partementale emp\u00each\u00e9e, \n   \nLa Responsable de l'Unit\u00e9, Formation, Emploi et Insertion, \nSIGNE  \nMarie BEGRAND \nDirection d\u00e9partementale de l'emploi, du travail et des solidarit\u00e9s de C\u00f4te-d'Or - 21-2025-06-17-00001 - R\u00e9c\u00e9piss\u00e9 d\u00e9claration SAP\nn\u00b0978859734 - MILLESIMES 38\nDirection d\u00e9partementale de l'emploi, du travail\net des solidarit\u00e9s de C\u00f4te-d'Or\n21-2025-06-13-00013\nR\u00e9c\u00e9piss\u00e9 d\u00e9claration SAP n\u00b0982274391 -\nDOUSSET Claire\nDirection d\u00e9partementale de l'emploi, du travail et des solidarit\u00e9s de C\u00f4te-d'Or - 21-2025-06-13-00013 - R\u00e9c\u00e9piss\u00e9 d\u00e9claration SAP\nn\u00b0982274391 - DOUSSET Claire 39\nPREFETDE LACOTE-D'ORLibert\u00e9\u00c9galit\u00e9Fraternit\u00e9\nDirection D\u00e9partementale de l'Emploi, \ndu Travail et des Solidarit\u00e9s - DDETS \nDDETS 21, 21 Bd Voltaire, BP 81110 - 21011 DIJON Cedex \nT\u00e9l. : 03 80 45 75 45 (Accueil) \nwww.cote-dor.gouv.fr \nAffaire suivie par Sophie LACROIX                          Dijon, le 13/06/2025 \nP\u00f4le Emploi-Coh\u00e9sion Territoriale, \nT\u00e9l : 03 80 68 39 25 // 06 84 89 20 33 \nCourriel : sophie.lacroix@cote-dor.gouv.fr \nMme DOUSSET Claire \n4 rue de la Ferme \n21320 ARCONCEY \n \n \n \nRECEPISSE DE DECLARATION \nd'un Organisme de Services \u00e0 la Personne \nEnregistr\u00e9 sous le n\u00b0 SAP/ 982274391 \n \n \nLe Pr\u00e9fet de la C\u00f4te-d'Or, et par subd\u00e9l\u00e9gation de la Directrice D\u00e9partementale de la DDETS, la \nCheffe du P\u00f4le Emploi et Coh\u00e9sion Territoriale/la Responsable de l'Unit\u00e9 Formation, Emploi, Insertion \n \n \n \nVU la loi n\u00b0 2015-1776 du 28 d\u00e9cembre 2015 relative \u00e0 l'adaptation de la soci\u00e9t\u00e9 au vieillissement, \n \nVU le d\u00e9cret n\u00b0 2016-750 du 6 juin 2016 relatif \u00e0 la liste des activit\u00e9s de services \u00e0 la personne soumises \n\u00e0 agr\u00e9ment ou \u00e0 autorisation dans le cadre du r\u00e9gime commun de la d\u00e9claration, \n \nVU le code du travail et notamment les articles L 7231-1 \u00e0 L 7233-2, R 7232-16 \u00e0 R 7232-22, D7231-1 \net D 7233-1 \u00e0 D 7233-5. \n \n \nConstate \n \nQu'une d\u00e9claration d'activit\u00e9s de services \u00e0 la personne a \u00e9t\u00e9 d\u00e9pos\u00e9e sous le n\u00b0 2239040 aupr\u00e8s de \nla DDETS de la C\u00f4te d'Or, le 8 mai 2025, par Mme DOUSSET Claire , dans le cadre de l'entreprise \nindividuelle \"JDOUSSET JARDIN\", repr\u00e9sent\u00e9e par Mme DOUSSET Claire , dont le si\u00e8ge social est \nsitu\u00e9 4 rue de la Ferme  21320 ARCONCEY et enregistr\u00e9e sous le n\u00b0 SAP/  982274391 pour l'activit\u00e9 \nsuivante \u00e0 l'exclusion de toute autre :  \n \n1. Petits travaux de jardinage \n \nCette activit\u00e9 est exerc\u00e9e en qualit\u00e9 de prestataire. \nL'\u00e9tablissement principal, \u00e9galement si\u00e8ge social, se situe \u00e0 l'adresse ci-dessus et poss\u00e8de le num\u00e9ro \nSIRET suivant, 982 274 391 00019. \nDirection d\u00e9partementale de l'emploi, du travail et des solidarit\u00e9s de C\u00f4te-d'Or - 21-2025-06-13-00013 - R\u00e9c\u00e9piss\u00e9 d\u00e9claration SAP\nn\u00b0982274391 - DOUSSET Claire 40\nDDETS 21, 21 Bd Voltaire, BP 81110 - 21011 DIJON Cedex \nT\u00e9l. : 03 80 45 75 45 (Accueil) \nwww.cote-dor.gouv.fr \nToute modification concernant l'activit\u00e9 exerc\u00e9e devra faire l'objet d'une d\u00e9claration modificative \npr\u00e9alable. \nSous r\u00e9serve d'\u00eatre exerc\u00e9e \u00e0 titre exclusif (ou sous r\u00e9serve d'une comptabilit\u00e9 s\u00e9par\u00e9e pour les \npersonnes morales dispens\u00e9es de cette condition), ces activit\u00e9s ouvrent droit au b\u00e9n\u00e9fice des \ndispositions des articles L. 7233-2 du code du travail et L. 241 -10 du code de la s\u00e9curit\u00e9 sociale dans \nles conditions pr\u00e9vues par ces articles. \nLes effets de la d\u00e9claration courent \u00e0 compter du jour de d\u00e9p\u00f4t de la demande, conform\u00e9ment \u00e0 l'article \nR.7232-18 du code du travail. \nL'enregistrement de la d\u00e9claration peut \u00eatre retir\u00e9 dans les conditions fix\u00e9es aux articles R.7232 -20 \u00e0 \nR.7232-22 du code du travail. \nLe pr\u00e9sent r\u00e9c\u00e9piss\u00e9 n'est pas limit\u00e9 dans le temps et sera publi\u00e9 au recueil des actes administratifs de \nla pr\u00e9fecture de la C\u00f4te d'Or. \n \nPour le Pr\u00e9fet de C\u00f4te d'Or \nEt par subd\u00e9l\u00e9gation de \nla Directrice D\u00e9partementale emp\u00each\u00e9e, \n   \nLa Responsable de l'Unit\u00e9, Formation, Emploi et Insertion, \nSIGNE  \nMarie BEGRAND \nDirection d\u00e9partementale de l'emploi, du travail et des solidarit\u00e9s de C\u00f4te-d'Or - 21-2025-06-13-00013 - R\u00e9c\u00e9piss\u00e9 d\u00e9claration SAP\nn\u00b0982274391 - DOUSSET Claire 41\nDirection d\u00e9partementale des territoires de la\nC\u00f4te-d'Or\nService de l'eau et des risques\n21-2025-06-12-00005\nArr\u00eat\u00e9 pr\u00e9fectoral n\u00b0 848 du 12 juin 2025\nabrogeant l'arr\u00eat\u00e9 pr\u00e9fectoral n\u00b0 201 du 23 avril\n2015 et r\u00e9visant la d\u00e9limitation de la zone de\nprotection de l'aire d'alimentation du captage\ndu puits de la M\u00e2le Raie situ\u00e9 sur la commune de\nMagny-l\u00e8s-Aubigny.\nDirection d\u00e9partementale des territoires de la C\u00f4te-d'Or - 21-2025-06-12-00005 - Arr\u00eat\u00e9 pr\u00e9fectoral n\u00b0 848 du 12 juin 2025 abrogeant\nl'arr\u00eat\u00e9 pr\u00e9fectoral n\u00b0 201 du 23 avril 2015 et r\u00e9visant la d\u00e9limitation de la zone de protection de l'aire d'alimentation du captage du\npuits de la M\u00e2le Raie situ\u00e9 sur la commune de Magny-l\u00e8s-Aubigny.\n42\nExPREFETDE LACOTE-D'ORL,z'bert\u00e9Egalit\u00e9Fraternit\u00e9\nDirection d\u00e9partementale des territoires\nde la C\u00f4te-d'Or\nAffaire suivie par :\nService de l'eau et des risques\nBureau pr\u00e9servation de la qualit\u00e9 de l'eau et \ndes milieux aquatiques\nT\u00e9l : 03.80. 29 42 22\nm\u00e9l : ddt-ser-ope@cote-dor.gouv.fr\nDijon, le 12 juin 2025\nArr\u00eat\u00e9 pr\u00e9fectoral n\u00b0 848 du 12 juin 2025\nabrogeant l'arr\u00eat\u00e9 pr\u00e9fectoral n\u00b0 201 du 23 avril 2015 et r\u00e9visant la d\u00e9limitation de la zone \nde protection de l'aire d'alimentation du captage du puits de la M\u00e2le Raie situ\u00e9 sur la \ncommune de Magny-l\u00e8s-Aubigny\nLe Pr\u00e9fet de la C\u00f4te-d'Or\nVU la directive 2000/60/CE du parlement europ\u00e9en et du conseil du 23 octobre 2000 \u00e9tablissant \nun cadre pour une politique communautaire dans le domaine de l'eau et notamment les articles  \n6 et 7 ;\nVU la directive 2006/118/CE du parlement europ\u00e9en et du conseil  du 12 d\u00e9cembre 2006 sur la  \nprotection des eaux souterraines contre la pollution et la d\u00e9t\u00e9rioration ;\nVU le code de l'environnement et notamment les articles L 120-1, L 211-1 \u00e0 L211-3, L211-7 et L212-1 ;\nVU le code rural et de la p\u00eache maritime et notamment les articles R114-1 \u00e0 R114-10 ;\nVU   l'arr\u00eat\u00e9 du 21 mars 2022 portant approbation du sch\u00e9ma directeur d'am\u00e9nagement et de  \ngestion  des  eaux  (SDAGE)  du  bassin  Rh\u00f4ne-M\u00e9diterran\u00e9e-Corse  et  arr\u00eatant  le  programme \npluriannuel de mesures ;\nVU   l'arr\u00eat\u00e9  pr\u00e9fectoral  n\u00b0  201  du  23  avril  2015  d\u00e9limitant  la  zone  de  protection  de  l'aire \nd'alimentation de captage dit  \u00ab Puits de la M\u00e2le Raie  \u00bb situ\u00e9 sur  la commune de Magny-l\u00e8s-\nAubigny et exploit\u00e9 par le syndicat des eaux de Seurre Val de Sa\u00f4ne ;\n1\nDirection d\u00e9partementale des territoires de la C\u00f4te-d'Or\n57 , rue de Mulhouse - BP 53317 - 21033 Dijon CEDEX\nT\u00e9l. : 03 80 29 44 44\nCourriel : ddt@cote-dor.gouv.fr - Site internet : \nhttp://www.cote-dor.gouv.fr\nDirection d\u00e9partementale des territoires de la C\u00f4te-d'Or - 21-2025-06-12-00005 - Arr\u00eat\u00e9 pr\u00e9fectoral n\u00b0 848 du 12 juin 2025 abrogeant\nl'arr\u00eat\u00e9 pr\u00e9fectoral n\u00b0 201 du 23 avril 2015 et r\u00e9visant la d\u00e9limitation de la zone de protection de l'aire d'alimentation du captage du\npuits de la M\u00e2le Raie situ\u00e9 sur la commune de Magny-l\u00e8s-Aubigny.\n43\nVU l'arr\u00eat\u00e9 pr\u00e9fectoral n\u00b0 641 du 10 mars 2016 d\u00e9finissant un programme d'action sur la zone de  \nprotection de l'aire d'alimentation du captage dit \u00ab  Puits de la M\u00e2le Raie  \u00bb situ\u00e9 sur la commune  \nde Magny-l\u00e8s-Aubigny et exploit\u00e9 par le syndicat des eaux de Seurre Val de Sa\u00f4ne ;\nVU l'avis favorable de la chambre d'agriculture de C\u00f4te-d'Or du 31 mars 2025 ;\nVU l'avis favorable de l'agence r\u00e9gionale de sant\u00e9 de Bourgogne-Franche-Comt\u00e9 du 3 avril 2025 ;\nVU l'avis favorable de la commission locale de l'eau (CLE) de la Vouge du 22 avril 2025 ;\nVU la synth\u00e8se des observations du public d\u00e9pos\u00e9e lors de la consultation r\u00e9alis\u00e9e du 24 avril  \n2025 au 16 mai 2025 ;\nVU l'avis  du  comit\u00e9  d\u00e9partemental  de  l'environnement  et  des  risques  sanitaires  et \ntechnologiques (CODERST) du 17 avril 2025  ;\nCONSIDERANT que l'autorit\u00e9 administrative peut d\u00e9limiter, afin d'y \u00e9tablir un programme \nd'actions, des zones o\u00f9 il est n\u00e9cessaire d'assurer la protection quantitative et qualitative  \nde la ressource en eau potable, en raison de l'importance particuli\u00e8re qu'elle rev\u00eat pour  \nl'approvisionnement actuel ou futur ;\nCONSIDERANT qu e le puits de la M\u00e2le Raie est class\u00e9 prioritaire dans le SDAGE Rh\u00f4ne  \nM\u00e9diterran\u00e9e Corse en raison de sa contamination par des pesticides ;\nCONSIDERANT le principe de gestion \u00e9quilibr\u00e9e et durable de la ressource en eau qui doit \npermettre notamment de satisfaire les exigences de la sant\u00e9, de la salubrit\u00e9 publique et de \nl'alimentation en eau potable de la population ;\nCONSIDERANT qu'il convient, afin de reconqu\u00e9rir la qualit\u00e9 de la ressource, d'\u00e9tablir,  \nconform\u00e9ment \u00e0 l'article L. 211-3-5 du code de l'environnement et aux articles R. 114-6 \u00e0 R.  \n114-10 du code rural, un programme d'action applicable sur la zone de protection de l'aire  \nd'alimentation du captage ;\nCONSIDERANT qu'un programme d'action volontaire a \u00e9t\u00e9 instaur\u00e9 le 10 mars 2016 sous  \ncouvert du dispositif \u00ab zone soumise \u00e0 contrainte environnementale \u00bb ;\nCONSIDERANT  que ce programme pr\u00e9voyait de parvenir, \u00e0 \u00e9ch\u00e9ance de 5 ans, \u00e0 des  \nconcentrations  en  produits  phytosanitaires  sur  eaux  brutes  inf\u00e9rieures  \u00e0  0,1 g/L  par\u00b5  \ncompos\u00e9 et inf\u00e9rieures \u00e0 0,5 g/L au total et \u00e0 r\u00e9duire le nombre de mol\u00e9cules pr\u00e9sentes \u0d60 \nl'\u00e9tat de traces ;\nCONSIDERANT  que des d\u00e9passements importants en produits phytosanitaires ont \u00e9t\u00e9  \nd\u00e9tect\u00e9s dans les analyses d'eau \u00e0 partir de 2019 malgr\u00e9 un engagement important des  \nexploitants  agricoles  dans  l'animation,  avec  notamment  plusieurs  conversions  en \nagriculture biologique ;\nCONSIDERANT que depuis 2021, ce captage est en proc\u00e9dure de d\u00e9rogation en raison de  \nd\u00e9passements r\u00e9currents de la norme sanitaire par des pesticides ou leurs m\u00e9tabolites, le  \nsyndicat  des  eaux  de  Seurre  Val  de  Sa\u00f4ne  a  engag\u00e9  des  \u00e9tudes  hydrog\u00e9ologiques \ncompl\u00e9mentaires finalis\u00e9es en 2023 puis un diagnostic agricole a \u00e9t\u00e9 rendu en 2024 ;\nCONSIDERANT  que  cette  \u00e9tude  hydrog\u00e9ologique  compl\u00e9mentaire  a  montr\u00e9  que  les \npesticides retrouv\u00e9s pouvaient provenir de parcelles situ\u00e9es \u00e0 proximit\u00e9 mais en dehors de \nla zone de protection d\u00e9limit\u00e9e par l'arr\u00eat\u00e9 pr\u00e9fectoral du 23 avril 2015 ;\n2\nDirection d\u00e9partementale des territoires de la C\u00f4te-d'Or\n57 , rue de Mulhouse - BP 53317 - 21033 Dijon CEDEX\nT\u00e9l. : 03 80 29 44 44\nCourriel : ddt@cote-dor.gouv.fr - Site internet : \nhttp://www.cote-dor.gouv.fr\nDirection d\u00e9partementale des territoires de la C\u00f4te-d'Or - 21-2025-06-12-00005 - Arr\u00eat\u00e9 pr\u00e9fectoral n\u00b0 848 du 12 juin 2025 abrogeant\nl'arr\u00eat\u00e9 pr\u00e9fectoral n\u00b0 201 du 23 avril 2015 et r\u00e9visant la d\u00e9limitation de la zone de protection de l'aire d'alimentation du captage du\npuits de la M\u00e2le Raie situ\u00e9 sur la commune de Magny-l\u00e8s-Aubigny.\n44\nSUR proposition du secr\u00e9taire g\u00e9n\u00e9ral de la pr\u00e9fecture de la C\u00f4te-d'Or ;\nA R R \u00ca T E\nARTICLE 1er : \nLe  pr\u00e9sent  arr\u00eat\u00e9  abroge  l'arr\u00eat\u00e9  pr\u00e9fectoral  n\u00b0  201  du  23  avril  2015  d\u00e9limitant  la  zone  de \nprotection  de  l'aire  d'alimentation  du  Puits  de  la  M\u00e2le  Raie  situ\u00e9  sur  Magny-l\u00e8s-Aubigny  et \nd\u00e9limite une nouvelle zone de protection du captage.\nARTICLE 2 : Aire d'alimentation de captage\nL'aire d'alimentation du captage (A.A.C) du puits de la M\u00e2le Raie a une superficie de 990  \nhectares et s'\u00e9tend sur les communes de Magny-l\u00e8s-Aubigny, Aubigny-en-Plaine, Charrey-\nsur-Sa\u00f4ne et Esbarres.\nARTICLE 3 : Zone protection de l'aire d'alimentation de captage\nLa zone de protection de l'aire d'alimentation du captage (ZPAAC) du puits de la M\u00e2le  \nRaie,  situ\u00e9  sur  la  commune  de  Magny-l\u00e8s-Aubigny,  est  d\u00e9limit\u00e9e  conform\u00e9ment  au \ndocument graphique joint en annexe au pr\u00e9sent arr\u00eat\u00e9. Elle correspond int\u00e9gralement \u00e0  \nl'aire d'alimentation du captage avec une zone sensible identifi\u00e9e au nord du puits.\nLe programme d'action, d\u00e9fini par l'arr\u00eat\u00e9 pr\u00e9fectoral n\u00b0641 en date du 10 mars 2016 qui  \nest mis en \u0153uvre sur la zone de protection de l'aire d'alimentation du captage de la M\u00e2le  \nRaie d\u00e9limit\u00e9e par l'arr\u00eat\u00e9 pr\u00e9fectoral  n\u00b0201 du 23 avril 2015, sera r\u00e9vis\u00e9 afin de prendre en \ncompte la nouvelle d\u00e9limitation.\nARTICLE 3:  Voies et d\u00e9lais de recours\nLe  pr\u00e9sent  arr\u00eat\u00e9  peut  faire  l'objet  d'un  recours  contentieux  devant  le  tribunal \nadministratif de Dijon dans un d\u00e9lai de deux mois \u00e0 compter de sa publication au recueil  \ndes actes administratifs de la pr\u00e9fecture de la C\u00f4te-d'Or.\nLe tribunal administratif peut \u00eatre saisi par un recours d\u00e9pos\u00e9 via l'application T\u00e9l\u00e9recours  \ncitoyens accessible par le site internet www.telerecours.fr.\nARTICLE 4 : Publication et information des tiers\nLe  pr\u00e9sent  arr\u00eat\u00e9  sera  notifi\u00e9  au  syndicat  des  eaux  de  Seurre  Val  de  Sa\u00f4ne,  ma\u00eetre \nd'ouvrage.\nIl sera en outre affich\u00e9 dans les mairies de Magny-l\u00e8s-Aubigny, Aubigny-en-Plaine, Charrey-\nsur-Sa\u00f4ne et Esbarres pour une dur\u00e9e minimale d'un mois, publi\u00e9 au recueil des actes  \nadministratifs de la pr\u00e9fecture de la C\u00f4te-d'Or et mis \u00e0 la disposition du public sur le  \nportail des services de l'\u00c9tat en C\u00f4te-d'Or pendant une dur\u00e9e minimale d'un an.\n3\nDirection d\u00e9partementale des territoires de la C\u00f4te-d'Or - 21-2025-06-12-00005 - Arr\u00eat\u00e9 pr\u00e9fectoral n\u00b0 848 du 12 juin 2025 abrogeant\nl'arr\u00eat\u00e9 pr\u00e9fectoral n\u00b0 201 du 23 avril 2015 et r\u00e9visant la d\u00e9limitation de la zone de protection de l'aire d'alimentation du captage du\npuits de la M\u00e2le Raie situ\u00e9 sur la commune de Magny-l\u00e8s-Aubigny.\n45\nARTICLE 5 : Ex\u00e9cution\nLe secr\u00e9taire g\u00e9n\u00e9ral de la pr\u00e9fecture de la C\u00f4te-d'Or, la directrice d\u00e9partementale des  \nterritoires  de  la  C\u00f4te-d'Or,  les  maires  de  Magny-l\u00e8s-Aubigny  et  Aubigny-en-Plaine  sont \ncharg\u00e9s, chacun en ce qui le concerne, de l'ex\u00e9cution du pr\u00e9sent arr\u00eat\u00e9.\nFait \u00e0 Dijon, le 12 juin 2025\nLe Pr\u00e9fet\nsign\u00e9\nPaul MOURIER\n4\nDirection d\u00e9partementale des territoires de la C\u00f4te-d'Or - 21-2025-06-12-00005 - Arr\u00eat\u00e9 pr\u00e9fectoral n\u00b0 848 du 12 juin 2025 abrogeant\nl'arr\u00eat\u00e9 pr\u00e9fectoral n\u00b0 201 du 23 avril 2015 et r\u00e9visant la d\u00e9limitation de la zone de protection de l'aire d'alimentation du captage du\npuits de la M\u00e2le Raie situ\u00e9 sur la commune de Magny-l\u00e8s-Aubigny.\n46\nDirection d\u00e9partementale des territoires de la\nC\u00f4te-d'Or\nService de l'eau et des risques\n21-2025-06-11-00005\nArr\u00eat\u00e9 pr\u00e9fectoral n\u00b0 854 du 11 juin 2025 fixant\nles prescriptions applicables aux autorisations\ngroup\u00e9es de pr\u00e9l\u00e8vements d'eau temporaires \u00e0\nusage d'irrigation pour la campagne 2025 hors\npr\u00e9l\u00e8vements dans les ZRE de l'Ouche, de la\nVouge, de la Tille et de la nappe de Dijon-Sud.\nDirection d\u00e9partementale des territoires de la C\u00f4te-d'Or - 21-2025-06-11-00005 - Arr\u00eat\u00e9 pr\u00e9fectoral n\u00b0 854 du 11 juin 2025 fixant les\nprescriptions applicables aux autorisations group\u00e9es de pr\u00e9l\u00e8vements d'eau temporaires \u00e0 usage d'irrigation pour la campagne 2025\nhors pr\u00e9l\u00e8vements dans les ZRE de l'Ouche, de la Vouge, de la Tille et de la nappe de Dijon-Sud.\n47\nPREFET Direction d\u00e9partementale des territoiresDE LA de la C\u00f4te-d'OrCOTE-D'ORLibert\u00e9\u00c9galit\u00e9Fraternit\u00e9\nAffaire suivie par :Service de l'eau et des risquesBureau police de l'eau\nArr\u00eat\u00e9 pr\u00e9fectoral n\u00b0 854 du 11 juin 2025fixant les prescriptions applicables aux autorisations group\u00e9es de pr\u00e9l\u00e8vements d'eautemporaires \u00e0 usage d'irrigation pour la campagne 2025 hors pr\u00e9l\u00e8vements dans les ZRE' de l'Ouche, de la Vouge, de la Tille et de la nappe de Dijon-Sud\nLe pr\u00e9fet de la C\u00f4te-d'Or\nVU le code de l'environnement et notamment ses articles L.211-3 et L 214-1 \u00e0 L.214-6 ;VU les articles R.214-2 \u00e0 R.214-56 et plus particuli\u00e8rement l'article R.214-24 du code del''environnement prescrivant notamment la fixation d'une date limite de d\u00e9p\u00f4t d'unedemande d'autorisation temporaire group\u00e9e ;VU l'arr\u00eat\u00e9 pr\u00e9fectoral n\u00b081 du 6 avril 1999, relatif \u00e0 la d\u00e9limitation d'un p\u00e9rim\u00e8tre o\u00f9 lesdemandes d'autorisations temporaires de pr\u00e9l\u00e8vements d'eau \u00e0 usage agricole peuvent\u00eatre regroup\u00e9es ; |VU l'arr\u00eat\u00e9 minist\u00e9riel du 11 septembre 2003 portant application du d\u00e9cret n\u00b0 96-102 du 2f\u00e9vrier 1996 et fixant les prescriptions g\u00e9n\u00e9rales applicables aux sondages, forages,cr\u00e9ations de puits ou d'ouvrages souterrains soumis \u00e0 d\u00e9claration en application desarticles L.214-1.\u00e0 L.214-3 du code de l'environnement et relevant de la rubrique 111.0 de lanomenclature de l'article R.214-1 ;VU l'arr\u00eat\u00e9 minist\u00e9riel du 11 septembre 2003 portant application du d\u00e9cret n\u00b0 96-102 du 2f\u00e9vrier 1996 et fixant les prescriptions g\u00e9n\u00e9rales applicables aux pr\u00e9l\u00e8vements soumis \u00e0autorisation en application des articles L.214-1 \u00e0 L.214-3 du code de l'environnement etrelevant des rubriques 11.2.0., 1.21.0., 1.2.2.0. ou 1.31.0. de la nomenclature de l'article R.214-1;VU les sch\u00e9mas directeurs d'am\u00e9nagement et de gestion des eaux en vigueur des bassinsSeine-Normandie, Loire-Bretagne et Rh\u00f4ne-M\u00e9diterran\u00e9e;\nDirection d\u00e9partementale des territoires de la C\u00f4te-d'Or57, rue de Mulhouse - BP 53317 - 21033 Dijon CEDEXT\u00e9l. : 03 80 29 44 44Courriel : ddt@cote-dor.gouv.fr - Site internet : http://www.cote-dor.gouv.fr 1\nDirection d\u00e9partementale des territoires de la C\u00f4te-d'Or - 21-2025-06-11-00005 - Arr\u00eat\u00e9 pr\u00e9fectoral n\u00b0 854 du 11 juin 2025 fixant les\nprescriptions applicables aux autorisations group\u00e9es de pr\u00e9l\u00e8vements d'eau temporaires \u00e0 usage d'irrigation pour la campagne 2025\nhors pr\u00e9l\u00e8vements dans les ZRE de l'Ouche, de la Vouge, de la Tille et de la nappe de Dijon-Sud.\n48\nVU l'arr\u00e9t\u00e9 pr\u00e9fectoral n\u00b0528 du 26 d\u00e9cembre 2012 relatif \u00e0 l'organisation de la police del'eau et de la p\u00e9che dans le d\u00e9partement de la C\u00f4te-d'Or ;VU le sch\u00e9ma d'am\u00e9nagement et de gestion des eaux du bassin de l'Arman\u00e7on en vigueur ;VU l'arr\u00eat\u00e9 pr\u00e9fectoral cadre n\u00b0 1180 du 15juillet 2024 relatif \u00e0 la gestion de la ressource eneau en p\u00e9riode d'\u00e9tiage sur le d\u00e9partement de la C\u00f4te-d'Or ;VU l'arr\u00e9t\u00e9 cadre interd\u00e9partemental n\u00b0 1179 du 15 juillet 2024 relatif \u00e0 la gestion de laressource en eau en p\u00e9riode d'\u00e9tiage sur l'axe Sa\u00f4ne ; |VU la demande du pr\u00e9sident de la chambre d'agriculture de la C\u00f4te-d'Or en date du 31janvier 2025; -VU le projet d'arr\u00eat\u00e9 adress\u00e9 le 28 avril 2025 au pr\u00e9sident de la Chambre d'Agriculture ;VU les observations de la Chambre d'Agriculture re\u00e7ue le 12 mai 2025 ;CONSID\u00c9RANT que les installations, ouvrages, travaux et activit\u00e9s vis\u00e9s \u00e0 l'article L.214-1du code de l'environnement sont soumis \u00e0 autorisation ou \u00e0 d\u00e9claration suivant lesdangers qu'ils pr\u00e9sentent et la gravit\u00e9 de leurs effets sur la ressource en eau et les .\u00e9cosyst\u00e8mes aquatiques ;CONSID\u00c9RANT que dans le cas o\u00f9 l'ouvrage, l'installation, 'am\u00e9nagement, les travaux oul'activit\u00e9 ont une dur\u00e9e inf\u00e9rieure \u00e0 un an et n'ont pas d'effets importants et durables surles eaux ou le milieu aquatique, le pr\u00e9fet peut \u00e0 la demande du p\u00e9titionnaire accorder uneautorisation temporaire d'une dur\u00e9e maximale de 6 mois, renouvelable une fois;CONSID\u00c9RANT les besoins en irrigation des cultures pour lesquelles les demandesd'autorisations group\u00e9es de pr\u00e9l\u00e8vement sont sollicit\u00e9es dans le d\u00e9partement de la C\u00f4te-d'Or en dehors de des zones de r\u00e9partition des eaux pour la campagne 2025 ;CONSID\u00c9RANT la n\u00e9cessit\u00e9 de rechercher par sous-bassin une meilleure ad\u00e9quation entreles pr\u00e9l\u00e8vements pour l'irrigation et la disponibilit\u00e9 de la ressource ; -CONSID\u00c9RANT que les autorisations accord\u00e9es au titre du pr\u00e9sent arr\u00eat\u00e9 ne sauraientfaire obstacle aux dispositions prescrites par l'arr\u00eat\u00e9 cadre en vue de la pr\u00e9servation de laressource en eau en vigueur ;\nSUR proposition du secr\u00e9taire g\u00e9n\u00e9ral de la pr\u00e9fecture de la C\u00f4te-d'Or ;ARR\u00caTE\nARTICLE 1 : B\u00e9n\u00e9ficiairesLes exploitants agricoles, E.A.R.L., G.A.E.C. et S.C.E.A. figurant sur'la liste annex\u00e9e aupr\u00e9sent arr\u00eat\u00e9 sont autoris\u00e9s en 2025 \u00e0 effectuer des pr\u00e9l\u00e8vements d'eau \u00e0 usaged'irrigation dans les conditions d\u00e9finies par les articles ci-apr\u00e8s.\nDirection d\u00e9partementale des territoires de la C\u00f4te-d'Or - 21-2025-06-11-00005 - Arr\u00eat\u00e9 pr\u00e9fectoral n\u00b0 854 du 11 juin 2025 fixant les\nprescriptions applicables aux autorisations group\u00e9es de pr\u00e9l\u00e8vements d'eau temporaires \u00e0 usage d'irrigation pour la campagne 2025\nhors pr\u00e9l\u00e8vements dans les ZRE de l'Ouche, de la Vouge, de la Tille et de la nappe de Dijon-Sud.\n49\nARTICLE 2 : Points de pr\u00e9l\u00e8vementSont autoris\u00e9s au titre du pr\u00e9sent arr\u00e9t\u00e9, pour une dur\u00e9e maximale de 6 mois renouvelableune fois, les pr\u00e9l\u00e8vements effectu\u00e9s dans les cours d'eau, leur nappe d'accompagnement,les plans d'eau aliment\u00e9s par des cours d'eau ou leur nappe d'accompagnement ainsi quedans d'autres aquif\u00e8res situ\u00e9s \u00e0 l'int\u00e9rieur du p\u00e9rim\u00e8tre d\u00e9limit\u00e9 par l'arr\u00eat\u00e9 pr\u00e9fectoral n\u00b081-DDAF du 6 avril 1999 soit l'ensemble de la C\u00f4te-d'Or hors des zones de r\u00e9partition deseaux (ZRE).La carte des points de pr\u00e9l\u00e8vement potentiels concern\u00e9s par la demande d'autorisationtemporaire de 2025 est en annexe 1 du pr\u00e9sent arr\u00eat\u00e9.Les pr\u00e9l\u00e8vements effectu\u00e9s dans les ZRE de l'Ouche, de la Vouge, de la Tille et de la nappede Dijon-sud sont r\u00e9glement\u00e9s par un arr\u00eat\u00e9 pluriannuel pour chaque ZRE.\nARTICLE 3 : Am\u00e9nagement des points de pr\u00e9l\u00e8vementsLorsque le pr\u00e9l\u00e8vement est effectu\u00e9 dans le lit d'un cours d'eau, aucun ouvrage ouam\u00e9nagement m\u00eame provisoire, ne doit \u00eatre r\u00e9alis\u00e9 dans ce lit sans qu'il ait \u00e9t\u00e9pr\u00e9alablement autoris\u00e9 par le pr\u00e9fet.\nARTICLE 4 : Pr\u00e9l\u00e8vements sur le domaine public fluvialLes pompages effectu\u00e9s dans les eaux superficielles de la Sa\u00f4ne, du canal de Bourgogne etdu canal de la Marne \u00e0 la Sa\u00f4ne devront \u00eatre autoris\u00e9s par le service gestionnaire (voiesnavigables de France) conform\u00e9ment aux termes d'une convention pass\u00e9e entre lespr\u00e9leveurs et le gestionnaire, et d\u00e9finissant les conditions d'occupation temporaire dudomaine public aux fins de pr\u00e9l\u00e8vements d'eau.\nARTICLE 5 : P\u00e9riode de pompageSauf application de l'article 8 du pr\u00e9sent arr\u00eat\u00e9, les pompages sont autoris\u00e9s tous les joursde la semaine, sans limitation de dur\u00e9e. '\nARTICLE 6 : D\u00e9bit maximum de pompage \u2014 Mesure des volumes pr\u00e9lev\u00e9sLe d\u00e9bit de pompage ne peut exc\u00e9der 60 m\u00b0/h (buses de diam\u00e8tre 30 mm) quel que soit lepoint de pr\u00e9l\u00e8vement.Les installations de pompage sont \u00e9quip\u00e9es de compteurs volum\u00e9triques, nonr\u00e9initialisables, permettant de mesurer les volumes d'eau pr\u00e9lev\u00e9s.Chaque irrigant tient un registre sur lequel il reporte les volumes d'eau pr\u00e9lev\u00e9squotidiennement et les incidents survenus dans l'exploitation de l'installation ou lecomptage.\nDirection d\u00e9partementale des territoires de la C\u00f4te-d'Or - 21-2025-06-11-00005 - Arr\u00eat\u00e9 pr\u00e9fectoral n\u00b0 854 du 11 juin 2025 fixant les\nprescriptions applicables aux autorisations group\u00e9es de pr\u00e9l\u00e8vements d'eau temporaires \u00e0 usage d'irrigation pour la campagne 2025\nhors pr\u00e9l\u00e8vements dans les ZRE de l'Ouche, de la Vouge, de la Tille et de la nappe de Dijon-Sud.\n50\nChaque mois, la chambre d'agriculture collecte les index des compteurs en d\u00e9but de moisaupr\u00e8s de chaque irrigant. Cette mesure s'applique d\u00e8s le d\u00e9marrage de la campagned'irrigation 2025.\nARTICLE 7 : Volumes maximaux autoris\u00e9s par sous-bassin versantLes volumes maximaux autoris\u00e9s sont r\u00e9partis par sous-bassin versant de la fa\u00e7on suivante :\nhassin versant Volume pr\u00e9v'ilsei\u00ear\u00e4\u00eel(\u00e4\u00ee\u00eel par bassin1 (Sa\u00f4ne)\u2014\u2014\u2014\u2014\u2014\u2014\u2014\u2014\u2014\u2014\u2014\u2014\u2014\u2014\u2014\u2014\u2014\u2014\u2014\u2014\u2014\u2014\u2014\u2014\u2014 2 208 6395 (Tille 1) (*)3 (Vihgeanne) 86 1164 (B\u00e8ze \u2014 Albane) | | 159 3307 (Bouzaise \u2014 Lauve \u2014 Rhoin \u2014 Meuzin) | 51 7908 (Dheune \u2014 Avant Dheune) 18 00011 (Serein) 10 00012 (Brenne \u2014 Arman\u00e7on) 28 40014 (Seine) 7 81015 (Ource \u2014 Aube) | 28 124Volume Total 2 598 209(*) sous-bassin d\u00e9limit\u00e9 suite aux \u00e9tudes de volumes pr\u00e9levables dans la ZRE de la Tille, des eaux souterrainesassoci\u00e9es et de la nappe profonde de la Tille sous influence de la nappe de la Sa\u00f4ne (BV 1).Le volume maximum autoris\u00e9 pour la campagne d'irrigation agricole 2025 hors ZRE est de2 598 209 m\u00b0.Chaque irrigant respecte un volume maximal autoris\u00e9 qui est indiqu\u00e9 dans le tableau enannexe 2 du pr\u00e9sent arr\u00eat\u00e9 et qui lui est notifi\u00e9 par la pr\u00e9fecture (DDT).La chambre d'agriculture peut adresser des demandes compl\u00e9mentaires de pr\u00e9l\u00e8vements.Ces demandes pr\u00e9ciseront le num\u00e9ro d'irrigant, le volume sollicit\u00e9 et le bassin versantconcern\u00e9. Ces demandes feront l'objet de d\u00e9cisions du bureau police de l'eau apr\u00e8sconsultation de l'office fran\u00e7ais de la biodiversit\u00e9 (OFB).ARTICLE 8 : Mesures particuli\u00e8res en cas d'\u00e9tiage s\u00e9v\u00e8reEn cas d'\u00e9tiage constat\u00e9, en application des arr\u00eat\u00e9s cadres en vigueur pris en vue de lapr\u00e9servation de la ressource en eau et des arr\u00eat\u00e9s de constat de franchissement de seuils,il sera fait application des mesures de restriction conform\u00e9ment\u00e0 ceux-ci.\nDirection d\u00e9partementale des territoires de la C\u00f4te-d'Or - 21-2025-06-11-00005 - Arr\u00eat\u00e9 pr\u00e9fectoral n\u00b0 854 du 11 juin 2025 fixant les\nprescriptions applicables aux autorisations group\u00e9es de pr\u00e9l\u00e8vements d'eau temporaires \u00e0 usage d'irrigation pour la campagne 2025\nhors pr\u00e9l\u00e8vements dans les ZRE de l'Ouche, de la Vouge, de la Tille et de la nappe de Dijon-Sud.\n51\nLes mesures de restriction des usages peuvent \u00e9tre compl\u00e9t\u00e9es, par d\u00e9cision pr\u00e9fectorale,par des limitations de la nature des cultures pouvant \u00e9tre irrigu\u00e9es. Ces d\u00e9cisions prennenten compte les besoins prioritaires des cultures.\nARTICLE 9 : Modalit\u00e9s d'application des doses d'arrosageIl doit \u00e9tre tenu compte pour l'application des doses d'arrosage (volume, p\u00e9riodicit\u00e9) desrecommandations \u00e9mises par les organismes techniques comp\u00e9tents et coordonn\u00e9es parla chambre d'agriculture \u00e0 travers des bulletins techniques.\nARTICLE10 : Obligations du p\u00e9titionnaireLe pr\u00e9sident de la chambre d'agriculture :* transmet au pr\u00e9fet (DDT bureau police de l'eau) au plus tard dans les 15 jourssuivants la notification du pr\u00e9sent arr\u00e9t\u00e9, l'organisation de la gestion collective(tours d'eau...) pr\u00e9vue pour les bassins versant au titre des mesures de restrictionprescrites par les arr\u00eat\u00e9s cadre en vigueur ;* transmet au pr\u00e9fet (DDT bureau police de l'eau) au plus tard le 15 f\u00e9vrier 2026, lebilan du suivi des nappes ainsi que le bilan d\u00e9taill\u00e9 des pr\u00e9l\u00e8vements de lacampagne 2025 :o pour chaque irrigant : volumes mensuels pr\u00e9lev\u00e9s par puits, index des compteursen d\u00e9but de campagne et en fin de campagne par puits ;o par zones d'alerte : bilan mensuel des volumes pr\u00e9lev\u00e9s.\nARTICLE 11 : Identification des irrigantsLa liste (par num\u00e9ro d'irrigant croissant) des exploitants pr\u00e9leveurs autoris\u00e9s, annex\u00e9e aupr\u00e9sent arr\u00eat\u00e9, peut \u00eatre consult\u00e9e sur rendez-vous, \u00e0 la pr\u00e9fecture de la C\u00f4te-d'Or(direction d\u00e9partementale des territoires \u2014 57 rue de Mulhouse \u2014 21 000 DIJON) et \u00e0 lachambre d'agriculture de C\u00f4te-d'Or (1 rue des Coulots \u2014 CS 70004 - 21 110 BRETENI\u00c8RE).Chaque irrigant ou groupe d'irrigants (ex : CUMA, mat\u00e9riel en copropri\u00e9t\u00e9...) indique, partout moyen durable, clairement et lisiblement sur le lieu du pr\u00e9l\u00e8vement (groupe depompage et puits pour les pr\u00e9l\u00e8vements souterrains) et sur l'enrouleur, lorsque l'irrigationse fait par un r\u00e9seau souterrain, son num\u00e9ro d'identifiant tel que figurant sur la liste cit\u00e9eci-avant.En l'absence d'indication de ce num\u00e9ro, l'autorisation sera suspendue pour l'irrigantconcern\u00e9.\nARTICLE 12 : AmendesTout contrevenant aux dispositions du pr\u00e9sent arr\u00eat\u00e9 s'expose \u00e0 une peine d'amende de5\u00b0TM\u00a2 classe (jusqu'\u00e0 1500 euros et 3000 euros en cas de r\u00e9cidive).\nDirection d\u00e9partementale des territoires de la C\u00f4te-d'Or - 21-2025-06-11-00005 - Arr\u00eat\u00e9 pr\u00e9fectoral n\u00b0 854 du 11 juin 2025 fixant les\nprescriptions applicables aux autorisations group\u00e9es de pr\u00e9l\u00e8vements d'eau temporaires \u00e0 usage d'irrigation pour la campagne 2025\nhors pr\u00e9l\u00e8vements dans les ZRE de l'Ouche, de la Vouge, de la Tille et de la nappe de Dijon-Sud.\n52\nARTICLE 13 : Information des tiersLe pr\u00e9sent arr\u00eat\u00e9 sera d\u00e9pos\u00e9 \u00e0 la mairie de chaque commune concern\u00e9e et pourra y \u00eatre_ consult\u00e9. Il sera affich\u00e9 dans ces mairies pendant une dur\u00e9e minimale d'un mois.Le pr\u00e9sent arr\u00eat\u00e9 sera publi\u00e9 sur le site internet des services de I'Etat en C\u00f4te-d'Or -http://www.cote-dor.gouv.fr - pendant une dur\u00e9e minimale de quatre mois.\nARTICLE 14 : Ex\u00e9cutionLe secr\u00e9taire g\u00e9n\u00e9ral de la pr\u00e9fecture, la directrice d\u00e9partementale des territoires de laC\u00f4te-d'Or, le sous-pr\u00e9fet de Beaune, le sous-pr\u00e9fet de Montbard, le directeur r\u00e9gional del'environnement de l'am\u00e9nagement et du logement d'Auvergne-Rhdne-Alpes, le directeurr\u00e9gional de l'environnementde l'am\u00e9nagement et du logement de Bourgogne-Franche-Comt\u00e9, le directeur g\u00e9n\u00e9ral de l'agence r\u00e9gionale de sant\u00e9 de Bourgogne-Franche-Comt\u00e9,le chef du service d\u00e9partemental de l'office fran\u00e7ais de la biodiversit\u00e9, le colonelcommandant le groupement de gendarmerie, le directeur d\u00e9partemental de la s\u00e9curit\u00e9publique, les maires des communes concern\u00e9es sont charg\u00e9s, chacun en ce qui leconcerne, d'assurer l'ex\u00e9cution du pr\u00e9sent arr\u00eat\u00e9 qui sera publi\u00e9 au recueil des actesadministratifs de la pr\u00e9fecture de la C\u00f4te-d'Or .L'arr\u00eat\u00e9 sera notifi\u00e9 au pr\u00e9sident de la chambre d'agriculture ainsi qu'\u00e0 chaque irrigant.\nFait \u00e0 DIJON, le 11 juin 2025Le pr\u00e9fet, |sign\u00e9Paul MOURIERVoies et d\u00e9lais de recoursLa pr\u00e9sente d\u00e9cision peut faire l'objet d'un recours contentieux, aupr\u00e8s du tribunaladministratif de Dijon, 22 rue d'Assas \u2014 B.P. 61616 - 21 016 DIJON CEDEX, par lep\u00e9titionnaire dans un d\u00e9lai de deux (2) mois, \u00e0 compter de la date\u00e0 laquelle la d\u00e9cision luia \u00e9t\u00e9 notifi\u00e9e et par les tiers dans un d\u00e9lai de deux mois (2), \u00e0 compter de la publicationou de l'affichage de la d\u00e9cision.Dans le m\u00eame d\u00e9lai de 2 mois, le p\u00e9titionnaire peut pr\u00e9senter un recours gracieux. Lesilence gard\u00e9 par l'administration pendant plus deux mois sur la demande de recoursgracieux emporte d\u00e9cision implicite de rejet de cette demande, conform\u00e9ment \u00e0 l'articleR. 421-2 du code de justice administrative. Celui-ci prolonge le d\u00e9lai de recourscontentieux qui doit \u00eatre introduit dans les 2 mois suivant la r\u00e9ponse. -Le tribunal administratif peut \u00eatre saisi par un recours d\u00e9pos\u00e9 via I' appllcatlon T\u00e9l\u00e9recourscitoyens accessible par le site internet: www.telerecours.fr\nDirection d\u00e9partementale des territoires de la C\u00f4te-d'Or - 21-2025-06-11-00005 - Arr\u00eat\u00e9 pr\u00e9fectoral n\u00b0 854 du 11 juin 2025 fixant les\nprescriptions applicables aux autorisations group\u00e9es de pr\u00e9l\u00e8vements d'eau temporaires \u00e0 usage d'irrigation pour la campagne 2025\nhors pr\u00e9l\u00e8vements dans les ZRE de l'Ouche, de la Vouge, de la Tille et de la nappe de Dijon-Sud.\n53\nDirection d\u00e9partementale des territoires de la\nC\u00f4te-d'Or\nService de l'eau et des risques\n21-2025-06-11-00006\nArr\u00eat\u00e9 pr\u00e9fectoral n\u00b0 855 du 11 juin 2025 portant\napprobation du plan de r\u00e9partition des\npr\u00e9l\u00e8vements d'eau \u00e0 usage d'irrigation pour la\ncampagne 2025 dans la zone de r\u00e9partition des\neaux de l'Ouche.\nDirection d\u00e9partementale des territoires de la C\u00f4te-d'Or - 21-2025-06-11-00006 - Arr\u00eat\u00e9 pr\u00e9fectoral n\u00b0 855 du 11 juin 2025 portant\napprobation du plan de r\u00e9partition des pr\u00e9l\u00e8vements d'eau \u00e0 usage d'irrigation pour la campagne 2025 dans la zone de r\u00e9partition\ndes eaux de l'Ouche.\n54\nPR\u00c9FET \" Direction d\u00e9partementale des territoiresCOTE-D'ORLibert\u00e9\u00c9galit\u00e9Fraternit\u00e9\nAffaire suivie par :Service de |'eau et des risquesBureau police de l'eau\nArr\u00eat\u00e9 pr\u00e9fectoral n\u00b0 855 du 11 juin 2025\" portant approbation du plan de r\u00e9partition des pr\u00e9l\u00e8vements d'eau \u00e0 usage d'irrigationpour la campagne 2025 dans la zone de r\u00e9partition des eaux de l'Ouche\nLe pr\u00e9fet de la C\u00f4te-d'Or\nVU le code de l'environnement et notamment ses articles L.211-3 et L 2141 \u00e0 L.214-6 ;VU les articles R211-111 \u00e0 R211-117 et les articles R.214-31-1 \u00e0 R.214-31-4 du code del'environnement ;VU le d\u00e9cret n\u00b02021-795 du 23juin 2021 relatif \u00e0 la gestion quantitative de la ressource eneau et \u00e0 la situation de crise li\u00e9es \u00e0 la s\u00e9cheresse.VU l'arr\u00eat\u00e9 minist\u00e9riel du 11 septembre 2003 portant application du d\u00e9cret n\u00b0 96-102 du 2f\u00e9vrier 1996 et fixant les prescriptions g\u00e9n\u00e9rales applicables aux sondages, forages,cr\u00e9ations de puits ou d'ouvrages souterrains soumis \u00e0 d\u00e9claration en application desarticles L.214-1 \u00e0 L.214-3 du code de l'environnement et relevant de la rubrique 111.0 de lanomenclature de l'article R.214-1;VU l'arr\u00e9t\u00e9 minist\u00e9riel du 11 septembre 2003 portant application du d\u00e9cret n\u00b0 96-102 du 2f\u00e9vrier 1996 et fixant les prescriptions g\u00e9n\u00e9rales applicables aux pr\u00e9l\u00e8vements soumis \u00e0autorisation en application des articles L.214-1 \u00e0 L.214-3 du code de l'environnement etrelevant des rubriques 11.2.0., 1.21.0., 1.2.2.0. ou 1.31.0. de la nomenclature de l'article R.214-\nVU le sch\u00e9ma directeur d'am\u00e9nagement et de gestion des eaux du bassin Rh\u00f4ne-M\u00e9diterran\u00e9e 2022 - 2027 en vigueur ;VU le sch\u00e9ma d'am\u00e9nagement et de gestion des eaux du bassin de l'Ouche approuv\u00e9 le 13d\u00e9cembre 2013 ;\nDirection d\u00e9partementale des territoires de la C\u00f4te-d'Or57, rue de Mulhouse - BP 53317 - 21033 Dijon CEDEXT\u00e9l. : 03 80 29 44 44Courriel : ddt@cote-dor.gouv.fr - Site internet : http://www.cote-dor.gouv.fr 1\nDirection d\u00e9partementale des territoires de la C\u00f4te-d'Or - 21-2025-06-11-00006 - Arr\u00eat\u00e9 pr\u00e9fectoral n\u00b0 855 du 11 juin 2025 portant\napprobation du plan de r\u00e9partition des pr\u00e9l\u00e8vements d'eau \u00e0 usage d'irrigation pour la campagne 2025 dans la zone de r\u00e9partition\ndes eaux de l'Ouche.\n55\nVU l'arr\u00eat\u00e9 pr\u00e9fectoral n\u00b0171 du 7 avril 2017 fixant les prescriptions applicables \u00e0l'autorisation unique pluriannuelle de pr\u00e9l\u00e8vement d'eau \u00e0 usage d'irrigation agricole g\u00e9r\u00e9epar l'organisme unique de gestion collective de la zone de r\u00e9partition des eaux du bassinde l'Ouche et des eaux souterraines associ\u00e9es ;VU l'arr\u00eat\u00e9 pr\u00e9fectoral cadre n\u00b0 1180 du 15 juillet 2024 relatif \u00e0 la gestion de la ressource en- eau en p\u00e9riode d'\u00e9tiage sur le d\u00e9partement de la C\u00f4te-d'Or ; |VU la demande du pr\u00e9sident de la chambre d' agrlculture de la C\u00f4te-d'Or en date du 17f\u00e9vrier 2025;VU le projet d'arr\u00eat\u00e9 adress\u00e9 le 28 avril 2025 au pr\u00e9sident de la Chambre d'Agriculture ;VU les observations de la Chambre d'Agriculture re\u00e7ue le 12 mai 2025 ;CONSID\u00c9RANT que les installations, ouvrages, travaux et activit\u00e9s faisant l'objet de lademande sont soumis \u00e0 autorisation pr\u00e9fectorale unique plurlannuelle au titre du code del'environnement;CONSIDERANT que la Chambre d'Agriculture exerce la mission d'organisme unique degestion collective sur la zone de r\u00e9partition des eaux de l'Ouche; .CONSIDERANT que le plan annuel de r\u00e9partition propos\u00e9 par l'organisme unique degestion collective est compatible avec les dispositions du sch\u00e9ma directeurd'am\u00e9nagement et de gestion des eaux du bassin Rh\u00f4ne-M\u00e9diterran\u00e9e et n'est pas denature \u00e0 compromettre l'objectif d'atteinte du bon \u00e9tat \u00e9cologique et chimique pour lesmasses d'eau comprises sur le p\u00e9rim\u00e8tre de la zone de r\u00e9partition des eaux de l'Ouche ;CONSIDERANT que le plan annuel de r\u00e9partition est compatible avec les plansd'am\u00e9nagement et de gestion durable et conforme au r\u00e8glement du sch\u00e9mad'am\u00e9nagement et de gestion des eaux de l'Ouche ;CONSID\u00c9RANT que les autorisations accord\u00e9es au titre du pr\u00e9sent arr\u00eat\u00e9 ne sauraientfaire obstacle aux dlsposmons prescrites par l'arr\u00eat\u00e9 cadre en vue de la pr\u00e9servation de laressource en eau en vigueur;\nSUR propositi\u00f4n du secr\u00e9taire g\u00e9n\u00e9ral de la pr\u00e9fecture de la C\u00f4te-d'Or ;ARR\u00caTEARTICLE1 : Approbationdu plan annuel de r\u00e9partitionLe plan annuel de r\u00e9partition 2025 sur le bassin de l'Ouche, pr\u00e9sent\u00e9 par la Chambred'agriculture, est approuv\u00e9 en application des articles R214-31-1 et R214-31-3 du Code del''environnement, sous r\u00e9serve des prescriptions d\u00e9finies par le pr\u00e9sent arr\u00eat\u00e9.La liste des pr\u00e9leveurs et les conditions de pr\u00e9l\u00e8vements sont d\u00e9taill\u00e9s en annexe 1.\nDirection d\u00e9partementale des territoires de la C\u00f4te-d'Or - 21-2025-06-11-00006 - Arr\u00eat\u00e9 pr\u00e9fectoral n\u00b0 855 du 11 juin 2025 portant\napprobation du plan de r\u00e9partition des pr\u00e9l\u00e8vements d'eau \u00e0 usage d'irrigation pour la campagne 2025 dans la zone de r\u00e9partition\ndes eaux de l'Ouche.\n56\nARTICLE 2 : modification du plan annuelL'organisme unique de gestion collective peut modifier les attributions de volumes parirrigants ou par points de pr\u00e9l\u00e8vement pour int\u00e9grer de nouvelles demandes d'irrigants etles ajuster en fonction de la consommation r\u00e9elle des volumes notifi\u00e9s.Les modifications respectent les regles fix\u00e9es par l'autorisation unique de pr\u00e9l\u00e8vement.Elles sont port\u00e9es sans d\u00e9lai a la connaissance du pr\u00e9fet, qui les approuvent et les notifientsans d\u00e9lai \u00e0 l'organisme unique de gestion collective. A d\u00e9faut d'approbation dans le moissuivant le porter \u00e0 connaissance, les modifications sont rejet\u00e9es.\nARTICLE 3 : Volumes attribu\u00e9s par sous-bassin de l'OucheLes volumes attribu\u00e9s sont r\u00e9partis par sous-bassin versant de la fa\u00e7on suivante :\nZone de r\u00e9partition de l'eau de l'Ouche | Volume pr\u00e9visionnel total par sous-bassin(cf. arr\u00eat\u00e9s n\u00b0171 du 7 avril 2017) \" versant (m\u00b0)Pont d'Ouche \u00e0 Dijon - 3000Ouche aval Dijon Suzon 590 600Volume Total 593 600\nLe volume attribu\u00e9 pour la campagne d'irrigation agricole 2025 sur la ZRE de l'Ouche estde 593 600 m\u00b0.\nARTICLE 4 : Information des tiersLe pr\u00e9sent arr\u00e9t\u00e9 est d\u00e9pos\u00e9 \u00e0 la mairie de chaque commune concern\u00e9e et peuty \u00eatreconsult\u00e9. Il est affich\u00e9 dans ces mairies pendant une dur\u00e9e minimale d'un mois.Le pr\u00e9sent arr\u00eat\u00e9 est publi\u00e9 sur le site internet des services de l'\u00c9tat en C\u00f4te-d'Or \u2014http://www.cote-dor.gouv.fr - pendant une dur\u00e9e minimale de six mois.Le plan annuel de r\u00e9partition est publi\u00e9, sur le site internet de l'organisme unique degestion collective.\nDirection d\u00e9partementale des territoires de la C\u00f4te-d'Or - 21-2025-06-11-00006 - Arr\u00eat\u00e9 pr\u00e9fectoral n\u00b0 855 du 11 juin 2025 portant\napprobation du plan de r\u00e9partition des pr\u00e9l\u00e8vements d'eau \u00e0 usage d'irrigation pour la campagne 2025 dans la zone de r\u00e9partition\ndes eaux de l'Ouche.\n57\nARTICLE 5 : Ex\u00e9cutionLe secr\u00e9taire g\u00e9n\u00e9ral de la pr\u00e9fecture, la directrice d\u00e9partementale des territoires de laC\u00f4te-d'Or, le sous-pr\u00e9fet de Beaune, le sous-pr\u00e9fet de Montbard, le directeur r\u00e9gional del'environnement de l'am\u00e9nagement et du logement de Bourgogne - Franche-Comt\u00e9, ledirecteur g\u00e9n\u00e9ral de l'agence r\u00e9gionale de sant\u00e9 de Bourgogne - Franche-Comt\u00e9, le chef duservice d\u00e9partemental de l'office fran\u00e7ais de la biodiversit\u00e9, le colonel commandant legroupement de gendarmerie, le directeur d\u00e9partemental de la s\u00e9curit\u00e9 publique, lesmaires des communes concern\u00e9es sont charg\u00e9s, chacun en ce qui le concerne, d'assurerl'ex\u00e9cution du pr\u00e9sent arr\u00eat\u00e9 qui sera publi\u00e9 au recueil des actes administratifs de lapr\u00e9fecture de la C\u00f4te-d'Or .L'arr\u00eat\u00e9 est notifi\u00e9 au pr\u00e9sident de l'organisme unique de gestion collective.\nFait \u00e0 DIJON, le 11 juin 2025Le pr\u00e9fet,sign\u00e9\nPaul MOURIER\nVoies et d\u00e9lais de recoursLa pr\u00e9sente d\u00e9cision peut faire l'objet d'un recours contentieux, aupr\u00e8s du tribunaladministratif de Dijon, 22 rue d'Assas - B.P. 61616 \u2014 21 016 DIJON CEDEX, par lep\u00e9titionnaire dans un d\u00e9lai de deux (2) mois, \u00e0 compter de la date \u00e0 laquelle la d\u00e9cision luia \u00e9t\u00e9 notifi\u00e9e et par les tiers dans un d\u00e9lai de deux mois (2), \u00e0 compter de la publicationou de l'affichage de la d\u00e9cision.Dans le m\u00e9me d\u00e9lai de 2 mois, le p\u00e9titionnaire peut pr\u00e9senter un recours gracieux. Lesilence gard\u00e9 par l'administration pendant plus deux mois sur la demande de recoursgracieux emporte d\u00e9cision implicite de rejet de cette demande, conform\u00e9ment \u00e0 l'articleR. 421-2 du code de justice administrative. Celui-ci prolonge le d\u00e9lai de recourscontentieux qui doit \u00eatre introduit dans les 2 mois suivant la r\u00e9ponse.Le tribunal administratif peut \u00eatre saisi par un recours d\u00e9pos\u00e9 via l'application T\u00e9l\u00e9recourscitoyens accessible par le site internet : www.telerecours.fr\nDirection d\u00e9partementale des territoires de la C\u00f4te-d'Or - 21-2025-06-11-00006 - Arr\u00eat\u00e9 pr\u00e9fectoral n\u00b0 855 du 11 juin 2025 portant\napprobation du plan de r\u00e9partition des pr\u00e9l\u00e8vements d'eau \u00e0 usage d'irrigation pour la campagne 2025 dans la zone de r\u00e9partition\ndes eaux de l'Ouche.\n58\nDirection d\u00e9partementale des territoires de la\nC\u00f4te-d'Or\nService de l'eau et des risques\n21-2025-06-11-00007\nArr\u00eat\u00e9 pr\u00e9fectoral n\u00b0 856 du 11 juin 2025 portant\napprobation du plan de r\u00e9partition des\npr\u00e9l\u00e8vements d'eau \u00e0 usage d'irrigation pour la\ncampagne 2025 dans la zone de r\u00e9partition des\neaux de la Vouge.\nDirection d\u00e9partementale des territoires de la C\u00f4te-d'Or - 21-2025-06-11-00007 - Arr\u00eat\u00e9 pr\u00e9fectoral n\u00b0 856 du 11 juin 2025 portant\napprobation du plan de r\u00e9partition des pr\u00e9l\u00e8vements d'eau \u00e0 usage d'irrigation pour la campagne 2025 dans la zone de r\u00e9partition\ndes eaux de la Vouge.\n59\nPR\u00c9FET | Direction d\u00e9partementale des territoiresDE LA de la C\u00f4te-d'OrCOTE-D'ORLibert\u00e9\u00c9galit\u00e9Fraternit\u00e9\nAffaire suivie par :Service de l'eau et des risquesBureau police de l'eau\nArr\u00eat\u00e9 pr\u00e9fectoral n\u00b0 856 du 11 juin 2025portant approbation du plan de r\u00e9partition des pr\u00e9l\u00e8vements d'eau \u00e0 usage d'irrigationpour la campagne 2025 dans la zone de r\u00e9partition des eaux de la Vouge\nLe pr\u00e9fet de la C\u00f4te-d'Or\nVU le code de I'environnement et notamment ses articles L.211-3 et L 214-1 \u00e0 L.214-6 ;VU les articles R211-111 \u00e0 R211-117 et les articles R.'2'I4-31-1 \u00e0 R.214-31-4 du code del'environnement ;VU le d\u00e9cret n\u00b02021-795 du 23 juin 2021 relatif \u00e0 la gestion quantitative de la ressource eneau et \u00e0 la situation de crise li\u00e9es \u00e0 la s\u00e9cheresse.VU l'arr\u00eat\u00e9 minist\u00e9riel du 11 septembre 2003 portant application du d\u00e9cret n\u00b0 96-102 du 2f\u00e9vrier 1996 et fixant les prescriptions g\u00e9n\u00e9rales applicables aux sondages, forages,cr\u00e9ations de puits ou d'ouvrages souterrains soumis \u00e0 d\u00e9claration en application desarticles L.214-1 \u00e0 L.214-3 du code de l'environnement et relevant de la rubrique 111.0 de lanomenclature de l'article R.214-1 ;VU l'arr\u00eat\u00e9 minist\u00e9riel du 11 septembre 2003 portant application du d\u00e9cret n\u00b0 96-102 du 2f\u00e9vrier 1996 et fixant les prescriptions g\u00e9n\u00e9rales applicables aux pr\u00e9l\u00e8vements soumis \u00e0autorisation en application des articles L.214-1 \u00e0 L.214-3 du code de l'environnement etrelevant des rubriques 11.2.0., 1.21.0., 1.2.2.0. ou 1.31.0. de la nomenclature de l'article R.214-1; 'VU le sch\u00e9ma directeur d'am\u00e9nagement et de gestion des eaux du bassm Rh\u00f4ne-M\u00e9diterran\u00e9e 2022- 2027 en vigueur;VU le sch\u00e9ma d'am\u00e9nagement et de gestion des eaux du bassin de la Vouge approuv\u00e9 le 3mars 2014 ;\nDirection d\u00e9partementale des territoires de la C\u00f4te-d'Or57, rue de Mulhouse - BP 53317- 21033 Dijon CEDEXT\u00e9l. : 03 80 2944 44\n\u00bbCourriel : ddt@cote-dor.gouv.fr - Site internet : http://www.cote-dor.gouv.fr 1\nDirection d\u00e9partementale des territoires de la C\u00f4te-d'Or - 21-2025-06-11-00007 - Arr\u00eat\u00e9 pr\u00e9fectoral n\u00b0 856 du 11 juin 2025 portant\napprobation du plan de r\u00e9partition des pr\u00e9l\u00e8vements d'eau \u00e0 usage d'irrigation pour la campagne 2025 dans la zone de r\u00e9partition\ndes eaux de la Vouge.\n60\nVU l'arr\u00e9t\u00e9 pr\u00e9fectoral n\u00b0 168 du 7 avril 2017 fixant les prescriptions applicables \u00e0l'autorisation unique pluriannuelle de pr\u00e9l\u00e8vement d'eau \u00e0 usage d'irrigation agricole g\u00e9r\u00e9epar l'organisme unique de gestion collective de la zone de r\u00e9partition des eaux du bassinde la Vouge et des eaux souterraines associ\u00e9es ;VU l'arr\u00eat\u00e9 pr\u00e9fectoral cadre n\u00b0 1180 du 15 juillet 2024 relatif \u00e0 la gestion de la ressource eneau en p\u00e9riode d'\u00e9tiage sur le d\u00e9partement de la C\u00f4te-d'Or ;VU la demande du pr\u00e9sident de la chambre d'agriculture de la C\u00f4te-d'Or en date du 17f\u00e9vrier 2025 ;VU le projet d'arr\u00eat\u00e9 adress\u00e9 le 28 avril 2025 au pr\u00e9sident de la Chambre d'Agriculture ;VU les observations de la Chambre d'AgricuIture re\u00e7ue le 12 mai 2025 ;CONSID\u00c9RANT que les installations, ouvrages, travaux et activit\u00e9s faisant l'objet de lademande sont soumis \u00e0 autorisation pr\u00e9fectorale unique pluriannuelle au titre du code del'environnement ;CONSID\u00c9RANT que la Chambre d'Agriculture exerce la mission d'organisme unique degestion collective sur la zone de r\u00e9partition des eaux de la Vouge ;CONSID\u00c9RANT que le plan annuel de r\u00e9partition propos\u00e9 par l'organisme unique degestion collective est compatible avec les dispositions du sch\u00e9ma directeurd'am\u00e9nagement et de gestion des eaux du bassin Rh\u00f4ne-M\u00e9diterran\u00e9e et n'est pas denature \u00e0 compromettre l'objectif d'atteinte du bon \u00e9tat \u00e9cologique et chimique pour lesmasses d'eau comprises sur le p\u00e9rim\u00e8tre de la zone de r\u00e9partition de la Vouge ;CONSID\u00c9RANT que le plan annuel de r\u00e9partition est compatible avec les plansd'am\u00e9nagement et de gestion durable et conforme au r\u00e8glement du sch\u00e9mad'am\u00e9nagement et de gestion des eaux de la Vouge ;CONSID\u00c9RANT que les autorisations accord\u00e9es au titre du pr\u00e9sent arr\u00eat\u00e9 ne sauraientfaire obstacle aux dispositions prescrites par l'arr\u00eat\u00e9 cadre en vue de la pr\u00e9servation de laressource en eau en vigueur;\nSUR proposition du secr\u00e9taire g\u00e9n\u00e9ral de la pr\u00e9fecture de la C\u00f4te-d'Or ;ARR\u00caTEARTICLE 1 : Approbation du plan annuel de r\u00e9partitionLe plan annuel de r\u00e9partition 2025 sur le bassin de la Vouge, pr\u00e9sent\u00e9 par la Chambred'agriculture, est approuv\u00e9 en application des articles R214-31-1 et R214-31-3 du Code del'environnement, sous r\u00e9serve des prescriptions d\u00e9finies par le pr\u00e9sent arr\u00eat\u00e9.La liste des pr\u00e9leveurs et les conditions de pr\u00e9l\u00e8vements sont d\u00e9taill\u00e9s en annexe 1.\nDirection d\u00e9partementale des territoires de la C\u00f4te-d'Or - 21-2025-06-11-00007 - Arr\u00eat\u00e9 pr\u00e9fectoral n\u00b0 856 du 11 juin 2025 portant\napprobation du plan de r\u00e9partition des pr\u00e9l\u00e8vements d'eau \u00e0 usage d'irrigation pour la campagne 2025 dans la zone de r\u00e9partition\ndes eaux de la Vouge.\n61\nARTICLE 2 : modification du plan annuelL'organisme unique de gestion collective peut modifier les attributions de volumes parirrigants ou par points de pr\u00e9l\u00e8vement pour int\u00e9grer de nouvelles demandes d'irrigants etles ajuster en fonction de la consommation r\u00e9elle des volumes notifi\u00e9s. :Les modifications respectent les r\u00e8gles fix\u00e9es par l'autorisation unique de pr\u00e9l\u00e8vement.Elles sont port\u00e9es sans d\u00e9lai \u00e0 la connaissance du pr\u00e9fet, qui les approuvent et les notifientsans d\u00e9lai \u00e0 I'organisme unique de gestion collective. \u00c0 d\u00e9faut d'approbation dans le moissuivant le porter \u00e0 connaissance, les modifications sont rejet\u00e9es.\nARTICLE 3 : Volumes attribu\u00e9s par sous-bassin de la VougeLes volumes attribu\u00e9s sont r\u00e9partis par sous-bassin versant de la fa\u00e7on suivante :\nZone de r\u00e9partition des eaux de la Vouge | Volume pr\u00e9visionnel total par sous-bassin(cf. arr\u00eat\u00e9s n\u00b0168 du 7 avril 2017) versant (m?)Vouge \u2014 Villebichot (amont) 130 950Vouge 2 aval 401101Varaude 345 994Bi\u00e8tre 605 877Bassin de stockage ASA de la Bi\u00e8tre 800 000Volume Total | 2 283 922Le volume attribu\u00e9 pour la campagne d'irrigation agricole 2025 sur la ZRE de la Vouge estde 2 283 922 m3\nARTICLE 4 : Information des tiersLe pr\u00e9sent arr\u00e9t\u00e9 est d\u00e9pos\u00e9 \u00e0 la mairie de chaque commune concern\u00e9e et peut y \u00e9treconsult\u00e9. Il est affich\u00e9 dans ces mairies pendant une dur\u00e9e minimale d'un mois.Le pr\u00e9sent arr\u00eat\u00e9 est publi\u00e9 sur le site internet des services de l'\u00c9tat en C\u00f4te-d'Or -http://www.cote-dor.gouv.fr - pendant une dur\u00e9e minimale de six mois.Le plan annuel de r\u00e9partition est publi\u00e9 sur le site internet de l'organisme unique degestion collective.\nDirection d\u00e9partementale des territoires de la C\u00f4te-d'Or - 21-2025-06-11-00007 - Arr\u00eat\u00e9 pr\u00e9fectoral n\u00b0 856 du 11 juin 2025 portant\napprobation du plan de r\u00e9partition des pr\u00e9l\u00e8vements d'eau \u00e0 usage d'irrigation pour la campagne 2025 dans la zone de r\u00e9partition\ndes eaux de la Vouge.\n62\nARTICLE 5 : Ex\u00e9cutionLe secr\u00e9taire g\u00e9n\u00e9ral de la pr\u00e9fecture, la directrice d\u00e9partementale des territoires de laC\u00f4te-d'Or, le sous-pr\u00e9fet de Beaune, le sous-pr\u00e9fet de Montbard, le directeur r\u00e9gional del'environnement de l'am\u00e9nagement et du logement de Bourgogne - Franche-Comt\u00e9, ledirecteur g\u00e9n\u00e9ral de l'agence r\u00e9gionale de sant\u00e9 de Bourgogne - Franche-Comt\u00e9, le chef duservice d\u00e9partemental de l'office fran\u00e7ais de la biodiversit\u00e9, le colonel commandant legroupement de gendarmerie, le directeur d\u00e9partemental de la s\u00e9curit\u00e9 publique, lesmaires des communes concern\u00e9es sont charg\u00e9s, chacun en ce qui le concerne, d'assurerl'ex\u00e9cution du pr\u00e9sent arr\u00eat\u00e9 qui sera publi\u00e9 au recueil des actes administratifs de lapr\u00e9fecture de la C\u00f4te-d'Or .L'arr\u00eat\u00e9 est notifi\u00e9 au pr\u00e9sident de l'organisme unique de gestion collective.\nFait \u00e0 DIJON, le 11 juin 2025Le pr\u00e9fet,sign\u00e9\nPaul MOURIER\nVoies et d\u00e9lais de recoursLa pr\u00e9sente d\u00e9cision peut faire l'objet d'un recours contentieux, aupr\u00e8s du tribunaladministratif de Dijon, 22 rue d'Assas \u2014 B.P. 61616 \u2014 21 016 DIJON CEDEX, par lep\u00e9titionnaire dans un d\u00e9lai de deux (2) mois, \u00e0 compter de la date \u00e0 laquelle la d\u00e9cision luia \u00e9t\u00e9 notifi\u00e9e et par les tiers dans un d\u00e9lai de deux mois (2), \u00e0 compter de la publication_ ou de l'affichage de la d\u00e9cision.Dans le m\u00eame d\u00e9lai de 2 mois, le p\u00e9titionnaire peut pr\u00e9senter un recours gracieux. Lesilence gard\u00e9 par l'administration pendant plus deux mois sur la demande de recoursgracieux emporte d\u00e9cision implicite de rejet de cette demande, conform\u00e9ment \u00e0 l'articleR. 421-2 du code de justice administrative. Celui-ci prolonge le d\u00e9lai de recourscontentieux qui doit \u00eatre introduit dans les 2 mois suivant la r\u00e9ponse.Le tribunal administratif peut \u00eatre saisi par un recours d\u00e9pos\u00e9 via l'application T\u00e9l\u00e9recourscitoyens accessible par le site internet : www.telerecours.fr\nDirection d\u00e9partementale des territoires de la C\u00f4te-d'Or - 21-2025-06-11-00007 - Arr\u00eat\u00e9 pr\u00e9fectoral n\u00b0 856 du 11 juin 2025 portant\napprobation du plan de r\u00e9partition des pr\u00e9l\u00e8vements d'eau \u00e0 usage d'irrigation pour la campagne 2025 dans la zone de r\u00e9partition\ndes eaux de la Vouge.\n63\nDirection d\u00e9partementale des territoires de la\nC\u00f4te-d'Or\nService de l'eau et des risques\n21-2025-06-11-00008\nArr\u00eat\u00e9 pr\u00e9fectoral n\u00b0 857 du 11 juin 2025 portant\napprobation du plan de r\u00e9partition des\npr\u00e9l\u00e8vements d'eau \u00e0 usage d'irrigation pour la\ncampagne 2025 dans la zone de r\u00e9partition des\neaux de la Tille.\nDirection d\u00e9partementale des territoires de la C\u00f4te-d'Or - 21-2025-06-11-00008 - Arr\u00eat\u00e9 pr\u00e9fectoral n\u00b0 857 du 11 juin 2025 portant\napprobation du plan de r\u00e9partition des pr\u00e9l\u00e8vements d'eau \u00e0 usage d'irrigation pour la campagne 2025 dans la zone de r\u00e9partition\ndes eaux de la Tille.\n64\nPR\u00c9 FET | Direction d\u00e9partementale des territoiresCOTE-D'ORLibert\u00e9\u00c9galit\u00e9Fraternit\u00e9\nAffaire suivie par :Service de l'eau et des risquesBureau police de |'eau\nArr\u00eat\u00e9 pr\u00e9fectoral n\u00b0 857 du 11 juin 2025portant approbation du plan de r\u00e9partition des pr\u00e9l\u00e8vements d'eau \u00e0 usage d'irrigationpour la campagne 2025 dans la zone de r\u00e9partition des eaux de la Tille\nLe pr\u00e9fet de la C\u00f4te-d'Or\nVU le code de l'environnement et notamment ses articles L.211-3 et L 214-1 \u00e0 L.214-6 ;VU les articles R211-111 \u00e0 R211-117 et les articles R.214-31-1 \u00e0 R.214-31-4 du code del'environnement ;VU le d\u00e9cret n\u00b02021-795 du 23 juin 2021 relatif \u00e0 la gestion quantitative de la ressource en \u2014eau et \u00e0 la situation de crise li\u00e9es \u00e0 la s\u00e9cheresse.VU l'arr\u00eat\u00e9 minist\u00e9riel du 11 septembre 2003 portant application du d\u00e9cret n\u00b0 96-102 du 2f\u00e9vrier 1996 et fixant les prescriptions g\u00e9n\u00e9rales applicables aux sondages, forages,cr\u00e9ations de puits ou d'ouvrages souterrains soumis \u00e0 d\u00e9claration en application desarticles L.214-1 \u00e0 L.214-3 du code de l'environnement et relevant de la rubrique 111.0 de lanomenclature de l'article R.214-1;VU l'arr\u00eat\u00e9 minist\u00e9riel du 11 septembre 2003 portant application du d\u00e9cret n\u00b0 96-102 du 2f\u00e9vrier 1996 et fixant les prescriptions g\u00e9n\u00e9rales applicables aux pr\u00e9l\u00e8vements soumis \u00e0autorisation en application des articles L.214-1 \u00e0 L.214-3 du code de l'environnement etrelevant des rubriques 11.2.0., 1.21.0., 1.2.2.0. ou 1.311.0. de la nomenclature de l'article R.214-1;VU le sch\u00e9ma directeur d'am\u00e9nagement et de gestion des eaux du bassin Rh\u00f4ne-M\u00e9diterran\u00e9e 2022 \u2014- 2027 en vigueur ; -VU le sch\u00e9ma d'am\u00e9nagement et de gestion des eaux du bassin de la Tille approuv\u00e9 le 3juillet 2020 ;\nDirection d\u00e9partementale des territoires de la C\u00f4te-d'Or57, rue de Mulhouse - BP 53317 - 21033 Dijon CEDEXT\u00e9l. : 03 80 29 44 44Courriel : ddt@cote-dor.gouv.fr - Site internet : http://www.cote-dor.gouv.fr 1\nDirection d\u00e9partementale des territoires de la C\u00f4te-d'Or - 21-2025-06-11-00008 - Arr\u00eat\u00e9 pr\u00e9fectoral n\u00b0 857 du 11 juin 2025 portant\napprobation du plan de r\u00e9partition des pr\u00e9l\u00e8vements d'eau \u00e0 usage d'irrigation pour la campagne 2025 dans la zone de r\u00e9partition\ndes eaux de la Tille.\n65\nVU l'arr\u00eat\u00e9 pr\u00e9fectoral n\u00b0 170 du 7 avril 2017 fixant les prescriptions applicables \u00e0l'autorisation unique pluriannuelle de pr\u00e9l\u00e8vement d'eau \u00e0 usage d'irrigation agricole g\u00e9r\u00e9epar l'organisme unique de gestion collective de la zone de r\u00e9partition des eaux du bassinde la Tille et des eaux souterraines associ\u00e9es ;VU l'arr\u00eat\u00e9 pr\u00e9fectoral cadre n\u00b0 1180 du 15 juillet 2024 relatif \u00e0 la gestion de la ressource eneau en p\u00e9riode d'\u00e9tiage sur le d\u00e9partement de la C\u00f4te-d'Or ;VU la demande du pr\u00e9sident de la chambre d'agriculture de la C\u00f4te-d'Or en date du 17f\u00e9vrier 2025 ;VU le pfojet d'arr\u00eat\u00e9 adress\u00e9 le 28 avril 2025 au pr\u00e9sident de la Chambre d'Agriculture ;VU les observations de la Chambre d'Agriculture re\u00e7ue le 12 mai 2025 ;CONSID\u00c9RANT que les installations, ouvrages, travaux et activit\u00e9s faisant l'objet de lademande sont soumis \u00e0 autorisation pr\u00e9fectorale unique pluriannuelle au titre du code del'environnement ;CONSID\u00c9RANT que la Chambre d'Agriculture exerce la mission dorganlsme unlque degestion collective sur la zone de r\u00e9partition des eaux de la Tille;'CONSIDERANT que le plan annuel de r\u00e9partition propos\u00e9 par l'organisme unique degestion collective est compatible avec les dispositions du sch\u00e9ma directeurd'am\u00e9nagement et de gestion des eaux du bassin Rh\u00f4ne-M\u00e9diterran\u00e9e et n''est pas denature \u00e0 compromettre l'objectif d'atteinte du bon \u00e9tat \u00e9cologique et chimique pour lesmasses d'eau comprises sur le p\u00e9rim\u00e8tre de la zone de r\u00e9partition de la Tille ;CONSID\u00c9RANT que le plan annuel de r\u00e9partition est compatible avec les plansd'am\u00e9nagement et de gestion durable et conforme au r\u00e8glement du sch\u00e9mad'am\u00e9nagement et de gestion des eaux de la Tille ;CONSIDERANT que les autorisations accord\u00e9es au titre du pr\u00e9sent arr\u00e9t\u00e9 ne sauraientfaire obstacle aux dispositions prescrites par l'arr\u00eat\u00e9 cadre en vue de la pr\u00e9servation de laressource en eau en vigueur ;\nSUR proposition du secr\u00e9taire g\u00e9n\u00e9ral de la pr\u00e9fecture de la C\u00f4te-d'Or ;\nARR\u00caTE\nARTICLE 1 : Approbation du plan annuel de r\u00e9partitionLe plan annuel de repartltlon 2025 sur le bassin de la Tille, pr\u00e9sent\u00e9 par la Chambred''agriculture, est approuve en application des articles R214-31-1 et R214-31-3 du Code del''environnement, sous r\u00e9serve des prescriptions d\u00e9finies par le pr\u00e9sent arr\u00eat\u00e9.La liste des pr\u00e9leveurs et les conditions de pr\u00e9l\u00e8vements sont d\u00e9taill\u00e9s en annexe 1.\nDirection d\u00e9partementale des territoires de la C\u00f4te-d'Or - 21-2025-06-11-00008 - Arr\u00eat\u00e9 pr\u00e9fectoral n\u00b0 857 du 11 juin 2025 portant\napprobation du plan de r\u00e9partition des pr\u00e9l\u00e8vements d'eau \u00e0 usage d'irrigation pour la campagne 2025 dans la zone de r\u00e9partition\ndes eaux de la Tille.\n66\nARTICLE 2 : modification du plan annuelL'organisme unique de gestion collective peut modifier les attributions de volumes parirrigants ou par points de pr\u00e9l\u00e8vement pour int\u00e9grer de nouvelles demandes d'irrigants etles ajuster en fonction de la consommation r\u00e9elle des volumes notifi\u00e9s.Les modifications respectent les r\u00e8gles fix\u00e9es par l'autorisation unique de pr\u00e9l\u00e8vement.Elles sont port\u00e9es sans d\u00e9lai \u00e0 la connaissance du pr\u00e9fet, qui les approuvent et les notifientsans d\u00e9lai \u00e0 lorganlsme unique de gestion collective. \u00c0 d\u00e9faut d' approbatlon dans le moissuivant le porter \u00e0 connalssance les modifications sont rejet\u00e9es.\nARTICLE 3 : Volumes attribu\u00e9s par sous-bassin de la TilleLes volumes attribu\u00e9s sont r\u00e9partis par sous-bassin versant de la fa\u00e7on suivante :\nZone de r\u00e9partition des eaux de la Tille Volume pr\u00e9visionnel total par sous-bassin(cf. arr\u00eat\u00e9s n\u00b0170 du 7 avril 2017) versant (m?)Norges 1 avec ASA du Bas-Mont 901 870Norges 2 | O[gnon 11 500Tille 2 362 646Tille 3 | | 80 275Tille 4 | 103 456Volume Total | 1 459 747\nLe volume attribu\u00e9 pour la campagne d'irrigation agricole 2025 sur la ZRE de la Tille est de1 459 747 m*\nARTICLE 4 : Information des tiersLe pr\u00e9sent arr\u00eat\u00e9 est d\u00e9pos\u00e9 \u00e0 la mairie de chaque commune concern\u00e9e et peut y \u00eatreconsult\u00e9. Il est affich\u00e9 dans ces mairies pendant une dur\u00e9e minimale d'un mois.Le pr\u00e9sent arr\u00eat\u00e9 est publi\u00e9 sur le site internet des services de l'\u00c9tat en C\u00f4te-d'Or -http://www.cote-dor.gouv.fr - pendant une dur\u00e9e minimale de six mois.Le plan annuel de r\u00e9partition est publi\u00e9 sur le site internet de l'organisme unique degestion collective.\nDirection d\u00e9partementale des territoires de la C\u00f4te-d'Or - 21-2025-06-11-00008 - Arr\u00eat\u00e9 pr\u00e9fectoral n\u00b0 857 du 11 juin 2025 portant\napprobation du plan de r\u00e9partition des pr\u00e9l\u00e8vements d'eau \u00e0 usage d'irrigation pour la campagne 2025 dans la zone de r\u00e9partition\ndes eaux de la Tille.\n67\nARTICLE 5 : Ex\u00e9cutionLe secr\u00e9taire g\u00e9n\u00e9ral de la pr\u00e9fecture, la directrice d\u00e9partementale des territoires de laC\u00f4te-d'Or, le sous-pr\u00e9fet de Beaune, le sous-pr\u00e9fet de Montbard, le directeur r\u00e9gional del'environnement de l'am\u00e9nagement et du logement de Bourgogne - Franche-Comt\u00e9, ledirecteur g\u00e9n\u00e9ral de l'agence r\u00e9gionale de sant\u00e9 de Bourgogne- Franche-Comt\u00e9, le chef duservice d\u00e9partemental de l'office fran\u00e7ais de la biodiversit\u00e9, le colonel commandant legroupement de gendarmerie, le directeur d\u00e9partemental de la s\u00e9curit\u00e9 publique, lesmaires des communes concern\u00e9es sont charg\u00e9s, chacun en ce qui le concerne, d'assurerl'ex\u00e9cution du pr\u00e9sent arr\u00eat\u00e9 qui sera publi\u00e9 au recuell des actes administratifs de lapr\u00e9fecture de la C\u00f4te-d'Or. 'L'arr\u00eat\u00e9 est notifi\u00e9 au pr\u00e9sident de l'organisme unique de gestion collective.\nFait \u00e0 DIJON, le 11 juin 2025Le pr\u00e9fet,sign\u00e9Paul MOURIER\nVoies et d\u00e9lais de recoursLa pr\u00e9sente d\u00e9cision peut faire l'objet d'un recours contentieux, aupr\u00e8s du tribunaladministratif de Dijon, 22 rue d'Assas \u2014 B.P. 61616 \u2014 21 016 DIJON CEDEX, par lep\u00e9titionnaire dans un d\u00e9lai de deux (2) mois, \u00e0 compter de la date\u00e0 laquelle la d\u00e9cision luia \u00e9t\u00e9 notifi\u00e9e et par les tiers dans un d\u00e9lai de deux mois (2), \u00e0 compter de la publlcatlonoudel afflchage de la d\u00e9cision.Dans le m\u00e9me d\u00e9lai de 2'mois, le p\u00e9titionnaire peut pr\u00e9senter un recours gracieux. Lesilence gard\u00e9 par l'administration pendant plus deux mois sur la demande de recoursgracieux emporte d\u00e9cision implicite de rejet de cette demande, conform\u00e9ment \u00e0 l'articleR. 421-2 du code de justice administrative. Celui-ci prolonge le d\u00e9lai de recourscontentieux qui doit \u00eatre introduit dans les 2 mois suivant la r\u00e9ponse.Le trlbunal administratif peut \u00eatre saisi par un recours d\u00e9pos\u00e9 via | appllcatlon T\u00e9l\u00e9recourscitoyens accessible par le site internet: www.telerecours.fr\nDirection d\u00e9partementale des territoires de la C\u00f4te-d'Or - 21-2025-06-11-00008 - Arr\u00eat\u00e9 pr\u00e9fectoral n\u00b0 857 du 11 juin 2025 portant\napprobation du plan de r\u00e9partition des pr\u00e9l\u00e8vements d'eau \u00e0 usage d'irrigation pour la campagne 2025 dans la zone de r\u00e9partition\ndes eaux de la Tille.\n68\nDirection d\u00e9partementale des territoires de la\nC\u00f4te-d'Or\nService de l'eau et des risques\n21-2025-06-11-00009\nArr\u00eat\u00e9 pr\u00e9fectoral n\u00b0 858 du 11 juin 2025 portant\napprobation du plan de r\u00e9partition des\npr\u00e9l\u00e8vements d'eau \u00e0 usage d'irrigation pour la\ncampagne 2025 dans la zone de r\u00e9partition des\neaux de la nappe de Dijon-Sud.\nDirection d\u00e9partementale des territoires de la C\u00f4te-d'Or - 21-2025-06-11-00009 - Arr\u00eat\u00e9 pr\u00e9fectoral n\u00b0 858 du 11 juin 2025 portant\napprobation du plan de r\u00e9partition des pr\u00e9l\u00e8vements d'eau \u00e0 usage d'irrigation pour la campagne 2025 dans la zone de r\u00e9partition\ndes eaux de la nappe de Dijon-Sud.\n69\nPR\u00c9 FET Direction d\u00e9partementale des territoiresDE LA de la C\u00f4te-d'OrCOTE-D'ORLibert\u00e9\u00c9galit\u00e9Fraternit\u00e9\nAffaire suivie par :Service de l'eau et des risquesBureau police de |'eau\nArr\u00eat\u00e9 pr\u00e9fectoral n\u00b0 858 du 11 juin 2025portant approbation du plan de r\u00e9partition des pr\u00e9l\u00e8vements d'eau \u00e0 usage d'irrigationpour la campagne 2025 dans la zone de r\u00e9partition des eaux de la nappe de Dijon Sud\nLe pr\u00e9fet de la C\u00f4te-d'Or\nVU le code de l'environnement et notamment ses articles L.211-3 et L 214-1 \u00e0 L.214-6 ;VU les articles R211-111 \u00e0 R211-117 et les articles R.214-31-1 \u00e0 R.214-31-4 du code del''environnement ;VU le d\u00e9cret n\u00b02021-795 du 23 juin 2021 relatif \u00e0 la gestion quantitative de la ressource eneau et \u00e0 la situation de crise li\u00e9es \u00e0 la s\u00e9cheresse.VU l'arr\u00eat\u00e9 minist\u00e9riel du 11 septembre 2003 portant application du d\u00e9cret n\u00b0 96-102 du 2f\u00e9vrier 1996 et fixant les prescriptions g\u00e9n\u00e9rales applicables aux sondages, forages,cr\u00e9ations de puits ou d'ouvrages souterrains soumis \u00e0 d\u00e9claration en application desarticles L.214-1 \u00e0 L.214-3 du code de l'environnement et relevant de la rubrique 111.0 de lanomenclature de l'article R.214-1;VU l'arr\u00eat\u00e9 minist\u00e9riel du 11 septembre 2003 portant application du d\u00e9cret n\u00b0 96-102 du 2f\u00e9vrier 1996 et fixant les prescriptions g\u00e9n\u00e9rales applicables aux pr\u00e9l\u00e8vements soumis \u00e0autorisation en application des articles L.214-1 \u00e0 L.214-3 du code de l'environnement etrelevant des rubriques 11.2.0., 1.21.0., 1.2.2.0. ou 1.31.0. de la nomenclature de l'article R.214-1;VU le sch\u00e9ma directeur d'am\u00e9nagement et de gestion des eaux du bassin Rh\u00f4ne-M\u00e9diterran\u00e9e 2022 - 2027 en vigueur ;VU le sch\u00e9ma d'am\u00e9nagement et de gestion des eaux du bassin de la Vouge approuv\u00e9 le 3mars 2014; :VU le sch\u00e9ma d'am\u00e9nagement et de gestion des eaux du bassin de l'Ouche approuv\u00e9 le 13d\u00e9cembre 2013 ;\nDirection d\u00e9partementale des territoires de la C\u00f4te-d'Or57, rue de Mulhouse - BP 53317 - 21033 Dijon CEDEXCourriel : ddt@cote-dor.gouv.fr - Site internet : http://www.cote-dor.gouv.fr ' 1\nDirection d\u00e9partementale des territoires de la C\u00f4te-d'Or - 21-2025-06-11-00009 - Arr\u00eat\u00e9 pr\u00e9fectoral n\u00b0 858 du 11 juin 2025 portant\napprobation du plan de r\u00e9partition des pr\u00e9l\u00e8vements d'eau \u00e0 usage d'irrigation pour la campagne 2025 dans la zone de r\u00e9partition\ndes eaux de la nappe de Dijon-Sud.\n70\nVU le contrat de nappe relatif \u00e0 la nappe de Dijon Sud en vigueur, approuv\u00e9 par les C.L.E.de l'Ouche et de la Vouge ;VU l'arr\u00eat\u00e9 pr\u00e9fectoral n\u00b0 169 du 7 avril 2017 fixant les prescriptions applicables \u00e0l'autorisation unique pluriannuelle de pr\u00e9l\u00e8vement d'eau \u00e0 usage d'irrigation agricole g\u00e9r\u00e9epar l'organisme unique de gestion collective de la zone de r\u00e9partition des eaux du bassinde la nappe de Dijon Sud et des eaux souterraines associ\u00e9es ;VU l'arr\u00eat\u00e9 pr\u00e9fector\u00e0l cadre n\u00b0 1180 du 15 juillet 2024 relatif \u00e0 la gestion de la ressource eneau en p\u00e9riode d'\u00e9tiage sur le d\u00e9partement de la C\u00f4te-d'Or ;VU la demande du pr\u00e9sident de la chambre d'agriculture de la C\u00f4te-d'Or en date du 17f\u00e9vrier 2025 ; 'VU le projet d'arr\u00e9t\u00e9 adress\u00e9 le 28 avril 2025 au pr\u00e9sident de la Chambre d'Agriculture ;VU les observations de la Chambre d'Agriculture re\u00e7ue le 12 mai 2025 ;\nCONSID\u00c9RANT que les installations, ouvrages, travaux et activit\u00e9s faisant l'objet de lademande sont soumis \u00e0 autorisation pr\u00e9fectorale unique pluriannuelle au titre du code del'environnement ;CONSID\u00c9RANT que la Chambre d'Agriculture exerce la mission d'organisme unique degestion collective sur la zone de r\u00e9partition des eaux de la nappe de Dijon Sud ;CONSIDERANT que le plan annuel de r\u00e9partition propos\u00e9 par l'organisme unique degestion collective est compatible avec les dispositions du sch\u00e9ma directeurd'am\u00e9nagement et de gestion des eaux du bassin Rh\u00f4ne-M\u00e9diterran\u00e9e et n'est pas denature \u00e0 compromettre l'objectif d'atteinte du bon \u00e9tat \u00e9cologique e chimique pour lesmasses d'eau comprises sur le p\u00e9rim\u00e8tre de la zone de r\u00e9partition de la nappe de DijonSud ;CONSID\u00c9RANT que le plan annuel de r\u00e9partition est compatible avec les plansd'am\u00e9nagement et de gestion durable et conforme aux r\u00e8glements des sch\u00e9masd'am\u00e9nagement et de gestion des eaux de la Vouge et de l'Ouche dont fait partie la nappede Dijon Sud;CONSID\u00c9RANT que les autorisations accord\u00e9es au titre du pr\u00e9sent arr\u00eat\u00e9 ne sauraientfaire obstacle aux dispositions prescrites par l'arr\u00eat\u00e9 cadre en vue de la pr\u00e9servation de laressource en eau en vigueur ;SUR proposition du secr\u00e9taire g\u00e9n\u00e9ral de la pr\u00e9fecture de la C\u00f4te-d'Or;\nARR\u00caTE\nDirection d\u00e9partementale des territoires de la C\u00f4te-d'Or - 21-2025-06-11-00009 - Arr\u00eat\u00e9 pr\u00e9fectoral n\u00b0 858 du 11 juin 2025 portant\napprobation du plan de r\u00e9partition des pr\u00e9l\u00e8vements d'eau \u00e0 usage d'irrigation pour la campagne 2025 dans la zone de r\u00e9partition\ndes eaux de la nappe de Dijon-Sud.\n71\nARTICLE 1 : Approbation du plan annuel de r\u00e9partitionLe plan annuel de r\u00e9partition 2025 sur le bassin de la nappe de Dijon Sud, pr\u00e9sent\u00e9 par laChambre d'agriculture, est approuv\u00e9 en application des articles R214-31-1 et R214-31-3 duCode de l'environnement, sous r\u00e9serve des prescriptions d\u00e9finies par le pr\u00e9sent arr\u00eat\u00e9.La liste des pr\u00e9leveurs et les conditions de pr\u00e9l\u00e8vements sont d\u00e9taill\u00e9s en annexe 1.\nARTICLE 2 : modification du plan annuelL'organisme unique de gestion collective peut modifier les attributions de volumes parirrigants ou par points de pr\u00e9l\u00e8vement pour int\u00e9grer de nouvelles demandes d'irrigants etles ajuster en fonction de la consommation r\u00e9elle des volumes notifi\u00e9s.Les modifications respectent les r\u00e8gles fix\u00e9es par l'autorisation unique de pr\u00e9l\u00e8vement.Elles sont port\u00e9es sans d\u00e9lai \u00e0 la connaissance du pr\u00e9fet, qui les approuvent et les notifientsans d\u00e9lai\u00e0 l'organisme unique de gestion collective. \u00c0 d\u00e9faut d'approbation dans le moissuivant le porter \u00e0 connaissance, les modifications sont rejet\u00e9es.\nARTICLE 3 : Volumes attribu\u00e9s par sous-bassin de la nappe de Dijon SudLe volume attribu\u00e9 pour la campagne d'irrigation agricole 2025 sur la ZRE de la nappe deDijon Sud est de 88 740 m\u00b0.\nARTICLE 4 : Information des tiers- Le pr\u00e9sent arr\u00eat\u00e9 est d\u00e9pos\u00e9 \u00e0 la mairie de chaque commune concern\u00e9e et peut y \u00eatreconsult\u00e9. Il est affich\u00e9 dans ces mairies pendant une dur\u00e9e minimale d'un mois.Le pr\u00e9sent arr\u00eat\u00e9 est publi\u00e9 sur le site internet des services de I'Etat en C\u00f4te-d'Or -http://www.cote-dor.gouv.fr - pendant une dur\u00e9e minimale de six mois.Le plan annuel de r\u00e9partition est publi\u00e9, sur le site internet de l'organisme unique degestion collective. '\nDirection d\u00e9partementale des territoires de la C\u00f4te-d'Or - 21-2025-06-11-00009 - Arr\u00eat\u00e9 pr\u00e9fectoral n\u00b0 858 du 11 juin 2025 portant\napprobation du plan de r\u00e9partition des pr\u00e9l\u00e8vements d'eau \u00e0 usage d'irrigation pour la campagne 2025 dans la zone de r\u00e9partition\ndes eaux de la nappe de Dijon-Sud.\n72\nARTICLE 5 : Ex\u00e9cutionLe secr\u00e9taire g\u00e9n\u00e9ral de la pr\u00e9fecture, la directrice d\u00e9partementale des territoires de laC\u00f4te-d'Or, le sous-pr\u00e9fet de Beaune, le sous-pr\u00e9fet de Montbard, le directeur r\u00e9gional del'environnement de l'am\u00e9nagement et du logement de Bourgogne - Franche-Comt\u00e9, ledirecteur g\u00e9n\u00e9ral de l'agence r\u00e9gionale de sant\u00e9 de Bourgogne - Franche-Comt\u00e9, le chef duservice d\u00e9partemental de l'office fran\u00e7ais de la biodiversit\u00e9, le colonel commandant legroupement de gendarmerie, le directeur d\u00e9partemental de la s\u00e9curit\u00e9 publique, lesmaires des communes concern\u00e9es sont charg\u00e9s, chacun en ce qui le concerne, d'assurerl'ex\u00e9cution du pr\u00e9sent arr\u00eat\u00e9 qui sera publi\u00e9 au recueil des actes administratifs de lapr\u00e9fecture de la C\u00f4te-d'Or .L'arr\u00eat\u00e9 est notifi\u00e9au pr\u00e9sident de l'organisme unique de gestion collective.\nFait \u00e0 DIJON, le 11 juin 2025\nLe pr\u00e9fet,sign\u00e9Paul MOURIER\nVoies et d\u00e9lais de recoursLa pr\u00e9sente d\u00e9cision peut faire l'objet d'un recours contentieux, aupr\u00e8s du tribunaladministratif de Dijon, 22 rue d'Assas - B.P. 61616 - 21 016 DIJON CEDEX, par lep\u00e9titionnaire dans un d\u00e9lai de deux (2) mois, \u00e0 compter de la date \u00e0 laquelle la d\u00e9cision luia \u00e9t\u00e9 notifi\u00e9e et par les tiers dans un d\u00e9lai de deux mois (2), \u00e0 compter de la publicationou de l'affichage de la d\u00e9cision.Dans le m\u00eame d\u00e9lai de 2 mois, le p\u00e9titionnaire peut pr\u00e9senter un recours gracieux. Lesilence gard\u00e9 par l'administration pendant plus deux mois sur la demande de recoursgracieux emporte d\u00e9cision implicite de rejet de cette demande, conform\u00e9ment \u00e0 l'articleR. 421-2 du code de justice administrative. Celui-ci prolonge le d\u00e9lai de recourscontentieux qui doit \u00eatre introduit dans les 2 mois suivant la r\u00e9ponse.Le tribunal administratif peut \u00eatre saisi par un recours d\u00e9pos\u00e9 via l'application T\u00e9l\u00e9recourscitoyens accessible par le site internet : www.telerecours.fr\nDirection d\u00e9partementale des territoires de la C\u00f4te-d'Or - 21-2025-06-11-00009 - Arr\u00eat\u00e9 pr\u00e9fectoral n\u00b0 858 du 11 juin 2025 portant\napprobation du plan de r\u00e9partition des pr\u00e9l\u00e8vements d'eau \u00e0 usage d'irrigation pour la campagne 2025 dans la zone de r\u00e9partition\ndes eaux de la nappe de Dijon-Sud.\n73\nDirection d\u00e9partementale des territoires de la\nC\u00f4te-d'Or\nService Pr\u00e9servation et Am\u00e9nagement de\nl'Espace (SPAE)\n21-2025-06-18-00001\nArr\u00eat\u00e9 pr\u00e9fectoral du 18 juin 2025 portant\nmodification de l'arr\u00eat\u00e9 pr\u00e9fectoral du 6 juin\n2025 portant renouvellement du bureau de\nl'association fonci\u00e8re de TAILLY\nDirection d\u00e9partementale des territoires de la C\u00f4te-d'Or - 21-2025-06-18-00001 - Arr\u00eat\u00e9 pr\u00e9fectoral du 18 juin 2025 portant\nmodification de l'arr\u00eat\u00e9 pr\u00e9fectoral du 6 juin 2025 portant renouvellement du bureau de l'association fonci\u00e8re de TAILLY 74\nExPREFETDE LACOTE-D'ORL,z'bert\u00e9Egalit\u00e9Fraternit\u00e9\nDirection d\u00e9partementale des territoires\nde la C\u00f4te-d'Or\nArr\u00eat\u00e9 pr\u00e9fectoral du 18 juin 2025\nportant modification de l'arr\u00eat\u00e9 pr\u00e9fectoral du 6 juin 2025 \nportant renouvellement du bureau de l'association fonci\u00e8re de TAILLY\nLe Pr\u00e9fet de la C\u00f4te-d'Or\nVU le code rural et de la p\u00eache maritime, notamment ses articles L121-1 \u00e0 L121-26 ; L123-1 \u00e0 \nL123-35 ; L131-1 et L133-1 \u00e0 L133-7 ; R131-1 et R133-1 \u00e0 R133-15 ;\nVU  l'arr\u00eat\u00e9 pr\u00e9fectoral du 2 d\u00e9cembre 1964 relatif \u00e0 la constitution d'une l'association  \nfonci\u00e8re dans la commune de TAILLY ;\nVU  l'arr\u00eat\u00e9  pr\u00e9fectoral  du  25  juillet  2018  dernier  en  date  portant  renouvellement  du \nbureau de l'association fonci\u00e8re de TAILLY ;\nVU l'arr\u00eat\u00e9 n\u00b0 507 / SG du 28 mars 2025 donnant d\u00e9l\u00e9gation de signature \u00e0 Mme  Manuelle \nDUPUY directrice d\u00e9partementale des territoires de la C\u00f4te-d'Or ;\nVU l'arr\u00eat\u00e9 pr\u00e9fectoral n\u00b0 512 du 7 avril 2025 portant d\u00e9l\u00e9gation de signature aux agents de \nla direction d\u00e9partementale de la C\u00f4te-d'Or ;\nVU l'arr\u00eat\u00e9 pr\u00e9fectoral du 6 juin 2025 portant renouvellement du bureau de l'association  \nfonci\u00e8re de TAILLY ;\nVU la d\u00e9lib\u00e9ration du conseil municipal en date du 24 avril  2025 d\u00e9signant la moiti\u00e9 des  \nmembres appel\u00e9s \u00e0 faire partie du nouveau bureau ;\nVU le courrier du pr\u00e9sident de la chambre d'agriculture en date du 23 avril 2025 d\u00e9signant \nl'autre moiti\u00e9 des membres ;\nVU  le courrier de la commune de TAILLY du 18 juin 2025 rectifiant l'identit\u00e9 d'un des  \nmembres du bureau de l'association fonci\u00e8re d\u00e9sign\u00e9s par la chambre d'agriculture ;\nCONSIDERANT que l'arr\u00eat\u00e9 pr\u00e9fectoral du 6 juin 2025 portant renouvellement du bureau \nde  l'association  fonci\u00e8re  de  TAILLY  comporte  une  erreur  concernant  l'identit\u00e9  de  \nM. Maxime GIRARDIN, membre du bureau propos\u00e9 par la chambre d'agriculture de la  \nC\u00f4te-d'Or ;\nSUR proposition de la directrice d\u00e9partementale des territoires ;\n1\nDirection d\u00e9partementale des territoires de la C\u00f4te-d'Or\n57 , rue de Mulhouse - BP 53317 - 21033 Dijon CEDEX\nT\u00e9l. : 03 80 29 44 44\nCourriel : ddt@cote-dor.gouv.fr - Site internet : \nhttp://www.cote-dor.gouv.fr\nDirection d\u00e9partementale des territoires de la C\u00f4te-d'Or - 21-2025-06-18-00001 - Arr\u00eat\u00e9 pr\u00e9fectoral du 18 juin 2025 portant\nmodification de l'arr\u00eat\u00e9 pr\u00e9fectoral du 6 juin 2025 portant renouvellement du bureau de l'association fonci\u00e8re de TAILLY 75\nA R R \u00ca T E\nARTICLE 1  er   : \nL'article 1er de l'arr\u00eat\u00e9  pr\u00e9fectoral du 6 juin 2025  portant renouvellement du bureau de  \nl'association fonci\u00e8re de TAILLY est modifi\u00e9 comme suit :\nSont nomm\u00e9s membres du bureau de l'association fonci\u00e8re de TAILLY pour une p\u00e9riode de  \nsix ans:\n* le maire de la commune ou un conseiller municipal d\u00e9sign\u00e9 par lui ;\n* les propri\u00e9taires dont les noms suivent\nd\u00e9sign\u00e9s par le conseil municipal d\u00e9sign\u00e9s par la chambre d'agriculture\nM. Alain EYMANN M. Nicolas DE DEMO\nM. Patrick LAPALUS M. Maxime GIRARDIN\nM. Eric SORDET M. Marie-Christine CAIRE\n* la directrice d\u00e9partementale des territoires de la C\u00f4te-d'Or ou son repr\u00e9sentant, avec voix  \nconsultative.\nARTICLE 2     :  \nCette d\u00e9cision peut \u00eatre contest\u00e9e devant le tribunal administratif de Dijon dans un d\u00e9lai  \nde 2 mois \u00e0 compter de sa publication.\nARTICLE 3 : \nLa directrice d\u00e9partementale des territoires de la C\u00f4te-d'Or, le pr\u00e9sident de l'association  \nfonci\u00e8re de TAILLY et le maire de la commune de TAILLY, sont charg\u00e9s, chacun en ce qui le \nconcerne, de l'ex\u00e9cution des dispositions du pr\u00e9sent arr\u00eat\u00e9 qui sera publi\u00e9 au recueil des  \nactes  administratifs  de  la  pr\u00e9fecture,  notifi\u00e9  \u00e0  chacun  des  membres  de  l'association  \nfonci\u00e8re et affich\u00e9 dans la commune de TAILLY.\nFait \u00e0 Dijon, le 18 juin 2025\nPour le pr\u00e9fet et par d\u00e9l\u00e9gation,\nPour la directrice d\u00e9partementale,\nle responsable du bureau nature, \nsites et \u00e9nergies renouvelables,\nSign\u00e9 : Laurent TISNE\n2\nDirection d\u00e9partementale des territoires de la C\u00f4te-d'Or - 21-2025-06-18-00001 - Arr\u00eat\u00e9 pr\u00e9fectoral du 18 juin 2025 portant\nmodification de l'arr\u00eat\u00e9 pr\u00e9fectoral du 6 juin 2025 portant renouvellement du bureau de l'association fonci\u00e8re de TAILLY 76\nDirection d\u00e9partementale des territoires de la\nC\u00f4te-d'Or\nService Pr\u00e9servation et Am\u00e9nagement de\nl'Espace (SPAE)\n21-2025-06-16-00007\nArr\u00eat\u00e9 pr\u00e9fectoral n\u00b0 865 du 16 juin 2025\nautorisant l'emploi de dispositifs sp\u00e9ciaux de\nsignalisation des v\u00e9hicules par les lieutenants de\nlouveterie dans le d\u00e9partement de la C\u00f4te-d'Or \nDirection d\u00e9partementale des territoires de la C\u00f4te-d'Or - 21-2025-06-16-00007 - Arr\u00eat\u00e9 pr\u00e9fectoral n\u00b0 865 du 16 juin 2025 autorisant\nl'emploi de dispositifs sp\u00e9ciaux de signalisation des v\u00e9hicules par les lieutenants de louveterie dans le d\u00e9partement de la C\u00f4te-d'Or 77\nEzPREFETDE LACOTE-D'ORLibert\u00e9Egalit\u00e9Fraternit\u00e9\nDirection des s\u00e9curit\u00e9s\nDirection d\u00e9partementale des territoires\nDijon, le 16 juin 2025\nArr\u00eat\u00e9 pr\u00e9fectoral n\u00b02025/865\nautorisant l'emploi de dispositifs sp\u00e9ciaux de signalisation des v\u00e9hicules par les lieutenants de\nlouveterie dans le d\u00e9partement de la C\u00f4te-d'Or\nVU le code de l'environnement, notamment ses articles L427-1 \u00e0 L427-7 et R427-1 \u00e0 R427-4 ;\nVU le code g\u00e9n\u00e9ral des collectivit\u00e9s territoriales, notamment ses articles L2122-21, L2212-2 et\nL2215-1 ;\nVU le code de la route, notamment ses articles R313-27 , R313-28 et R311-1 ;\nVu l'arr\u00eat\u00e9 minist\u00e9riel du 4 juillet 1972 relatif aux feux sp\u00e9ciaux des v\u00e9hicules \u00e0 progression\nlente ;\nVU l'arr\u00eat\u00e9 minist\u00e9riel du 30 octobre 1987 relatif aux dispositifs sp\u00e9ciaux de signalisation des\nv\u00e9hicules d'intervention urgente ;\nVU l'arr\u00eat\u00e9 minist\u00e9riel du 14 juin 2010 relatif aux lieutenants de louveterie ;\nVU la documentation technique du 26 novembre 2024 relative aux lieutenants de louveterie ;\nVU l'arr\u00eat\u00e9 pr\u00e9fectoral du 30 d\u00e9cembre 2024 nommant des lieutenants de louveterie dans le\nd\u00e9partement de la C\u00f4te-d'Or pour la p\u00e9riode du 1er janvier 2025 au 31 d\u00e9cembre 2029 ;\nVU l'arr\u00eat\u00e9 pr\u00e9fectoral du 31 janvier 2025 autorisant l'abattage d'animaux d'esp\u00e8ces de faune\nsauvage class\u00e9es comme \u00e9tant susceptibles d'occasionner des d\u00e9g\u00e2ts ou soumises au plan de\nchasse,  ayant  un  comportement  ou  un  ph\u00e9notype  anormal  et/ou  pouvant  pr\u00e9senter  un\ndanger grave et imminent pour la s\u00e9curit\u00e9 publique ;\nCONSID\u00c9RANT que les lieutenants de louveterie sont nomm\u00e9s par l'autorit\u00e9 administrative\net concourent, sous son contr\u00f4le, \u00e0 la destruction des animaux susceptibles d'occasionner\ndes  d\u00e9g\u00e2ts  ou  soumis  \u00e0  plan  de  chasse  impliqu\u00e9s  dans  la  commission  de  d\u00e9g\u00e2ts  trop\nimportants, ainsi qu'\u00e0 la d\u00e9fense des troupeaux face \u00e0 la pr\u00e9dation du loup ;\nDirection d\u00e9partementale des territoires de la C\u00f4te-d'Or - 21-2025-06-16-00007 - Arr\u00eat\u00e9 pr\u00e9fectoral n\u00b0 865 du 16 juin 2025 autorisant\nl'emploi de dispositifs sp\u00e9ciaux de signalisation des v\u00e9hicules par les lieutenants de louveterie dans le d\u00e9partement de la C\u00f4te-d'Or 78\nCONSID\u00c9RANT que les lieutenants de louveterie sont asserment\u00e9s pour la constatation des\ninfractions \u00e0 la police de la chasse et qu'ils ont la qualit\u00e9 de collaborateurs b\u00e9n\u00e9voles du\nservice public ;\nCONSID\u00c9RANT que  des  interventions  de  destruction  administrative  d'animaux  par  les\nlieutenants  de  louveterie  se  d\u00e9roulent  dans  ou  \u00e0  proximit\u00e9  de  zones  urbaines  et  p\u00e9ri-\nurbaines, sur des axes routiers fr\u00e9quent\u00e9s, sur d'autres infrastructures de transport ou \u00e0 leur\nabord imm\u00e9diat, ou de nuit, appelant des mesures de s\u00e9curit\u00e9 particuli\u00e8re ;\nCONSID\u00c9RANT que ces interventions des lieutenants de louveterie doivent \u00eatre identifi\u00e9es\npar le public et distingu\u00e9es des actions de chasse ;\nCONSID\u00c9RANT que l'identification par le public de certaines interventions appelle le recours\n\u00e0 des dispositifs lumineux sp\u00e9ciaux ;\nSUR proposition de la directrice de cabinet ;\nARR\u00caTE\nArticle 1er : identification par un dispositif lumineux dit \u00ab gyrophare \u00bb\nLorsqu'ils utilisent leur v\u00e9hicule personnel pour l'ex\u00e9cution de leur mission, les lieutenants de\nlouveterie  peuvent  apposer  sur  leur  v\u00e9hicule  un  feu  sp\u00e9cial,  tournant,  amovible,  dit\n\u00ab gyrophare \u00bb. Seule l'utilisation de dispositifs lumineux sans dispositif sonore est autoris\u00e9e.\nLes lieutenants de louveterie ne mettent en marche le \u00ab  gyrophare \u00bb qu'\u00e0 partir du moment\no\u00f9  ils  se  trouvent  sur  le  lieu  de  l'intervention  pr\u00e9cis\u00e9  dans  chaque  arr\u00eat\u00e9  pr\u00e9fectoral\nautorisant une intervention. En particulier, l'usage du \u00ab  gyrophare \u00bb est interdit pendant tout\ntrajet entre le domicile des lieutenants de louveterie et le lieu d'intervention.\nLes lieutenants de louveterie utilisent ce \u00ab  gyrophare \u00bb conform\u00e9ment aux dispositions du\ncode de la route rappel\u00e9es dans les articles 2 et 3.\nArticle 2 : \u00ab gyrophare \u00bb bleu\nLe \u00ab gyrophare \u00bb, feu sp\u00e9cial, tournant, amovible, \u00e9mettant une lumi\u00e8re bleue est r\u00e9serv\u00e9 aux\nv\u00e9hicules d'int\u00e9r\u00eat g\u00e9n\u00e9ral prioritaires.\nLes lieutenants de louveterie sont autoris\u00e9s \u00e0 utiliser le \u00ab  gyrophare \u00bb bleu pour les seules\nmissions qui le n\u00e9cessitent, parmi les missions suivantes :\n\u2022 de  jour  comme  de  nuit,  pour  toute  intervention  de  destruction  d'animaux  en\nagglom\u00e9ration ou en milieu rural sur des voies de circulation routi\u00e8re et leurs abords\nimm\u00e9diats ;\n\u2022 de jour comme de nuit, pour toute intervention d'ach\u00e8vement d'un animal, qu'il soit\nmoribond suite \u00e0 une collision avec un v\u00e9hicule terrestre \u00e0 moteur ou qu'il se trouve\nsur ou \u00e0 proximit\u00e9 imm\u00e9diate d'une infrastructure ferroviaire ou a\u00e9rienne ;\n\u2022 de jour, hors agglom\u00e9ration, lors de toute battue administrative de destruction de\ngrand gibier. Les battues de d\u00e9cantonnement ne sont pas concern\u00e9es.\nDirection d\u00e9partementale des territoires de la C\u00f4te-d'Or - 21-2025-06-16-00007 - Arr\u00eat\u00e9 pr\u00e9fectoral n\u00b0 865 du 16 juin 2025 autorisant\nl'emploi de dispositifs sp\u00e9ciaux de signalisation des v\u00e9hicules par les lieutenants de louveterie dans le d\u00e9partement de la C\u00f4te-d'Or 79\nL'autorisation, accord\u00e9e au cas par cas des missions r\u00e9pondant aux types expos\u00e9s ci-dessus,\nsera mentionn\u00e9e dans chaque arr\u00eat\u00e9 pr\u00e9fectoral autorisant une mission.\nPar ailleurs, conform\u00e9ment au code de la route, l'utilisation du \u00ab  gyrophare \u00bb bleu ne permet\npas de d\u00e9roger aux r\u00e8gles de circulation et seule une facilit\u00e9 de passage peut \u00eatre accord\u00e9e\npar les autres usagers de la route.\nArticle 3 : \u00ab gyrophare \u00bb orange\nLe \u00ab  gyrophare \u00bb, feu sp\u00e9cial, tournant, amovible, \u00e9mettant une lumi\u00e8re orange peut \u00eatre\nutilis\u00e9 par les lieutenants de louveterie pour tout autre type de mission que l'un de ceux\nmentionn\u00e9s \u00e0 l'article 2.\nPar  ailleurs,  conform\u00e9ment  au  code  de  la  route,  l'utilisation  du  \u00ab gyrophare \u00bb  orange  ne\npermet  pas  de  d\u00e9roger  aux  r\u00e8gles  de  circulation  et  sert  uniquement  \u00e0  rendre  visible  le\nv\u00e9hicule par les autres usagers de la route.\nArticle 4 : d\u00e9lai et voies de recours\nLa pr\u00e9sente d\u00e9cision peut \u00eatre d\u00e9f\u00e9r\u00e9e devant le tribunal administratif de Dijon dans un d\u00e9lai\nde deux mois \u00e0 compter de sa publication, soit par courrier, soit par le biais du site de\nt\u00e9l\u00e9proc\u00e9dure (www.telerecours.fr).\nArticle 5 : ex\u00e9cution\nLe  secr\u00e9taire  g\u00e9n\u00e9ral  de  la  pr\u00e9fecture  de  la  C\u00f4te-d'Or,  la  directrice  de  cabinet  de  la\npr\u00e9fecture de la C\u00f4te-d'Or, la directrice d\u00e9partementale des territoires de la C\u00f4te-d'Or, le\ncommandant du Groupement de gendarmerie d\u00e9partemental de la C\u00f4te-d'Or, le directeur\ninterd\u00e9partemental de la police nationale de la C\u00f4te-d'Or sont charg\u00e9s, chacun en ce qui le\nconcerne, de l'ex\u00e9cution du pr\u00e9sent arr\u00eat\u00e9.\nLe pr\u00e9fet\nSign\u00e9 : Paul MOURIER\nDirection d\u00e9partementale des territoires de la C\u00f4te-d'Or - 21-2025-06-16-00007 - Arr\u00eat\u00e9 pr\u00e9fectoral n\u00b0 865 du 16 juin 2025 autorisant\nl'emploi de dispositifs sp\u00e9ciaux de signalisation des v\u00e9hicules par les lieutenants de louveterie dans le d\u00e9partement de la C\u00f4te-d'Or 80\nDirection d\u00e9partementale des territoires de la\nC\u00f4te-d'Or\nService S\u00e9curit\u00e9 et Education Routi\u00e8re\n21-2025-06-20-00001\nArr\u00eat\u00e9 Pr\u00e9fectoral N\u00b0880 portant d\u00e9rogation \u00e0\ntitre temporaire \u00e0 l'interdiction de circulation\ndes v\u00e9hicules de transport de marchandises \u00e0\ncertaines p\u00e9riodes pour les v\u00e9hicules de plus de\n7,5 tonnes de PTAC exploit\u00e9s par la soci\u00e9t\u00e9\nLOGIVIA domicili\u00e9e \u00e0 AISEREY (21)\nDirection d\u00e9partementale des territoires de la C\u00f4te-d'Or - 21-2025-06-20-00001 - Arr\u00eat\u00e9 Pr\u00e9fectoral N\u00b0880 portant d\u00e9rogation \u00e0 titre\ntemporaire \u00e0 l'interdiction de circulation des v\u00e9hicules de transport de marchandises \u00e0 certaines p\u00e9riodes pour les v\u00e9hicules de plus\nde 7,5 tonnes de PTAC exploit\u00e9s par la soci\u00e9t\u00e9 LOGIVIA domicili\u00e9e \u00e0 AISEREY (21)\n81\nE NPREFETDE LACOTE-D'ORLibert\u00e9Egalit\u00e9Fraternit\u00e9\nDirection d\u00e9partementale des territoires\nde la C\u00f4te-d'Or\nAffaire suivie par Manon BEAULIEU     \nService de la s\u00e9curit\u00e9 et de l'\u00e9ducation routi\u00e8re\nBureau de la s\u00e9curit\u00e9 routi\u00e8re\nT\u00e9l : 03 80 29 44 23\nm\u00e9l : ddt-transports@cote-dor.gouv.fr \nArr\u00eat\u00e9 Pr\u00e9fectoral N\u00b0880\nportant d\u00e9rogation \u00e0 titre temporaire \u00e0 l'interdiction de circulation des v\u00e9hicules \nde transport de marchandises \u00e0 certaines p\u00e9riodes pour les v\u00e9hicules \nde plus de 7,5 tonnes de PTAC exploit\u00e9s par la soci\u00e9t\u00e9 LOGIVIA domicili\u00e9e \u00e0 AISEREY (21)\nLe pr\u00e9fet de la C\u00f4te-d'Or\nVU le Code g\u00e9n\u00e9ral des collectivit\u00e9s territoriales, notamment son article L. 2215-1 ;\nVU le Code de la route, notamment son article R. 411-18 ; \nVU la loi n\u00b0 82-213 du 2 mars 1982 modifi\u00e9e relative aux droits et libert\u00e9s des communes, des  \nd\u00e9partements et des r\u00e9gions, notamment son article 34 ;\nVU le d\u00e9cret n\u00b02004-374 du 29 avril 2004 relatif aux pouvoirs des pr\u00e9fets, \u00e0 l'organisation et \u00e0  \nl'action des services de l'\u00c9tat dans les r\u00e9gions et les d\u00e9partements ;\nVU le d\u00e9cret n\u00b0 97-34 du 15 janvier 1997 modifi\u00e9 relatif \u00e0 la d\u00e9concentration des d\u00e9cisions  \nadministratives individuelles ;\nVU l'arr\u00eat\u00e9 interminist\u00e9riel du 16 avril 2021 relatif \u00e0 l'interdiction de circulation des v\u00e9hicules  \nde transport de marchandises \u00e0 certaines p\u00e9riodes et notamment son article 5 ;\nVU l'arr\u00eat\u00e9 pr\u00e9fectoral n\u00b0 507 / SG du 28 mars 2025 donnant d\u00e9l\u00e9gation de signature \u00e0 Mme  \nManuelle Dupuy, directrice d\u00e9partementale des territoires de la C\u00f4te-d'Or ;\nVU l'arr\u00eat\u00e9 pr\u00e9fectoral n\u00b0 512 du 7 avril 2025 portant subd\u00e9l\u00e9gation de signature aux agents  \nde la direction d\u00e9partementale des territoires de C\u00f4te-d'Or ;\nDirection d\u00e9partementale des territoires de la C\u00f4te-d'Or\n57, rue de Mulhouse - BP 53317 - 21033 Dijon CEDEX\nT\u00e9l. : 03 80 29 44 44\nCourriel : ddt@cote-dor.gouv.fr \nDirection d\u00e9partementale des territoires de la C\u00f4te-d'Or - 21-2025-06-20-00001 - Arr\u00eat\u00e9 Pr\u00e9fectoral N\u00b0880 portant d\u00e9rogation \u00e0 titre\ntemporaire \u00e0 l'interdiction de circulation des v\u00e9hicules de transport de marchandises \u00e0 certaines p\u00e9riodes pour les v\u00e9hicules de plus\nde 7,5 tonnes de PTAC exploit\u00e9s par la soci\u00e9t\u00e9 LOGIVIA domicili\u00e9e \u00e0 AISEREY (21)\n82\nVU la demande pr\u00e9sent\u00e9e le 6 mai 2025 par l'entreprise LOGIVIA domicili\u00e9e \u00e0 AISEREY (21);\nVU les avis favorables des pr\u00e9fets des d\u00e9partements d'arriv\u00e9e : n\u00b039, 71, 25, 70, 52 ;\nConsid\u00e9rant que la circulation des v\u00e9hicules exploit\u00e9s par l'entreprise susvis\u00e9e permet le  \nfonctionnement  en  service  continu  de  certains  services  ou  unit\u00e9s  de  production  \nconform\u00e9ment \u00e0 l'article 5-II-3 de l'arr\u00eat\u00e9 interminist\u00e9riel du 16 avril 2021 ;\nSUR proposition de madame la directrice d\u00e9partementale des territoires de la C\u00f4te-d'Or ;\nARR\u00caTE\nArticle 1er : \nLes v\u00e9hicules dont les num\u00e9ros d'immatriculation figurent dans l'annexe jointe au pr\u00e9sent  \narr\u00eat\u00e9,  exploit\u00e9s  par  l'entreprise  LOGIVIA,  sise  Route  d'Echigey  AISEREY  (21110) ,  sont  \nautoris\u00e9s \u00e0 circuler en d\u00e9rogation aux articles 1 et 2 de l'arr\u00eat\u00e9 interminist\u00e9riel du 16 avril 2021 \nrelatif \u00e0 l'interdiction de circulation des v\u00e9hicules de transport de marchandises \u00e0 certaines  \np\u00e9riodes.\nArticle 2 : \nCette  d\u00e9rogation  est  accord\u00e9e  afin  d'assurer  l'exp\u00e9rimentation  agricole  de  moisson  en  \nparcelles d'essai :\n\u2022 point de d\u00e9part , de  chargement et de retour  : R&D Alliance BFC, route d'Echigey,  \n21110 AISEREY\n\u2022 point de d\u00e9chargement : champs situ\u00e9s dans les d\u00e9partements 39, 71, 25, 70, 52, 21\nCette d\u00e9rogation est valable du 21 juin 2025 au 11 novembre 2025, except\u00e9 :\n-  le samedi 26 juillet 2025 dans le d\u00e9partement du Doubs (25)\n- le samedi 2 ao\u00fbt 2025 en raison d'une pr\u00e9vision de trafic particuli\u00e8rement dense par  \nBison fut\u00e9 (journ\u00e9e class\u00e9e \u00ab noire \u00bb)\nArticle 3 :\nLe responsable du v\u00e9hicule doit pouvoir justifier, en cas de contr\u00f4le, aupr\u00e8s des agents de  \nl'autorit\u00e9 comp\u00e9tente de la conformit\u00e9 du transport effectu\u00e9 au regard des dispositions de la \npr\u00e9sente d\u00e9rogation.\nUne  copie  du  pr\u00e9sent  arr\u00eat\u00e9  et  de  son  annexe  doivent  se  trouver  \u00e0  bord  du  v\u00e9hicule.  \nL'original de l'arr\u00eat\u00e9 est archiv\u00e9 par la direction d\u00e9partementale des territoires de la C\u00f4te-\nd'Or.\nArticle 4 :\nLe pr\u00e9sent arr\u00eat\u00e9 peut faire l'objet d'un recours contentieux devant le tribunal administratif  \nde Dijon dans un d\u00e9lai de deux mois \u00e0 compter de sa publication. Un recours peut \u00eatre  \nDirection d\u00e9partementale des territoires de la C\u00f4te-d'Or\n57, rue de Mulhouse - BP 53317 - 21033 Dijon CEDEX\nT\u00e9l. : 03 80 29 44 44\nCourriel : ddt@cote-dor.gouv.fr \nDirection d\u00e9partementale des territoires de la C\u00f4te-d'Or - 21-2025-06-20-00001 - Arr\u00eat\u00e9 Pr\u00e9fectoral N\u00b0880 portant d\u00e9rogation \u00e0 titre\ntemporaire \u00e0 l'interdiction de circulation des v\u00e9hicules de transport de marchandises \u00e0 certaines p\u00e9riodes pour les v\u00e9hicules de plus\nde 7,5 tonnes de PTAC exploit\u00e9s par la soci\u00e9t\u00e9 LOGIVIA domicili\u00e9e \u00e0 AISEREY (21)\n83\nd\u00e9pos\u00e9  via  l'application  T\u00e9l\u00e9recours  citoyens  accessible  par  le  site  internet  \nwww.telerecours.fr \nArticle 5 :\nLa  directrice  de  cabinet  du  pr\u00e9fet  de  la  C\u00f4te-d'Or  et  la  directrice  d\u00e9partementale  des  \nterritoires de la C\u00f4te-d'Or sont charg\u00e9s de l'ex\u00e9cution du pr\u00e9sent arr\u00eat\u00e9 qui sera publi\u00e9 au  \nrecueil des actes administratifs de la pr\u00e9fecture de la C\u00f4te-d'Or et notifi\u00e9 au responsable  \nl\u00e9gal de l'entreprise LOGIVIA domicili\u00e9e \u00e0 AISEREY (21).\nFait \u00e0 Dijon, le 20 juin 2025\nPour le Pr\u00e9fet et par d\u00e9l\u00e9gation,\nLe chef de bureau de la s\u00e9curit\u00e9 routi\u00e8re,\nSIGNE\nPhilippe MUNIER\nDirection d\u00e9partementale des territoires de la C\u00f4te-d'Or\n57, rue de Mulhouse - BP 53317 - 21033 Dijon CEDEX\nT\u00e9l. : 03 80 29 44 44\nCourriel : ddt@cote-dor.gouv.fr \nDirection d\u00e9partementale des territoires de la C\u00f4te-d'Or - 21-2025-06-20-00001 - Arr\u00eat\u00e9 Pr\u00e9fectoral N\u00b0880 portant d\u00e9rogation \u00e0 titre\ntemporaire \u00e0 l'interdiction de circulation des v\u00e9hicules de transport de marchandises \u00e0 certaines p\u00e9riodes pour les v\u00e9hicules de plus\nde 7,5 tonnes de PTAC exploit\u00e9s par la soci\u00e9t\u00e9 LOGIVIA domicili\u00e9e \u00e0 AISEREY (21)\n84\nANNEXE\n\u00e0 l'arr\u00eat\u00e9 pr\u00e9fectoral n\u00b0880 du 20 juin 2025\nArticle R. 411-18 du Code de la route \u2013 Article 5-II de l'arr\u00eat\u00e9 interminist\u00e9riel du 16 avril 2021.\nD\u00e9rogation temporaire aux interdictions de circulations g\u00e9n\u00e9rales et compl\u00e9mentaires \npr\u00e9vues par les articles 1 et 2 de l'arr\u00eat\u00e9 interminist\u00e9riel du 16 avril 2021.\nConform\u00e9ment \u00e0 l'article 8 de l'arr\u00eat\u00e9 interminist\u00e9riel du 16 avril 2021, la d\u00e9rogation \nindividuelle \u00e0 titre temporaire doit \u00eatre obligatoirement compl\u00e9t\u00e9e par son titulaire avant le \nd\u00e9part du v\u00e9hicule en indiquant la date du d\u00e9placement et le num\u00e9ro d'immatriculation du \nv\u00e9hicule.\nDate du d\u00e9placement : du 21 juin 2025 au 11 novembre 2025, except\u00e9 :\n- le samedi 2 ao\u00fbt 2025 \n- le samedi 26 juillet 2025 dans le Doubs (25)\nV\u00e9hicules concern\u00e9s (le cas \u00e9ch\u00e9ant)\nType N\u00b0 immatriculation\nCAM AG 328 SJ\nCAM CY 768 MG\nCAM DQ 927 HZ\nUne copie de l'arr\u00eat\u00e9 pr\u00e9fectoral et son annexe doivent se trouver \u00e0 bord du v\u00e9hicule\net pouvoir \u00eatre pr\u00e9sent\u00e9s aux agents charg\u00e9s du contr\u00f4le.\nL'original de l'arr\u00eat\u00e9 est archiv\u00e9 par la direction d\u00e9partementale des territoires de la C\u00f4te-\nd'Or.\nDirection d\u00e9partementale des territoires de la C\u00f4te-d'Or\n57, rue de Mulhouse - BP 53317 - 21033 Dijon CEDEX\nT\u00e9l. : 03 80 29 44 44\nCourriel : ddt@cote-dor.gouv.fr \nDirection d\u00e9partementale des territoires de la C\u00f4te-d'Or - 21-2025-06-20-00001 - Arr\u00eat\u00e9 Pr\u00e9fectoral N\u00b0880 portant d\u00e9rogation \u00e0 titre\ntemporaire \u00e0 l'interdiction de circulation des v\u00e9hicules de transport de marchandises \u00e0 certaines p\u00e9riodes pour les v\u00e9hicules de plus\nde 7,5 tonnes de PTAC exploit\u00e9s par la soci\u00e9t\u00e9 LOGIVIA domicili\u00e9e \u00e0 AISEREY (21)\n85\nPr\u00e9fecture de la C\u00f4te-d'Or\n21-2025-06-13-00020\nArr\u00eat\u00e9 pr\u00e9fectoral n\u00b0 835 portant r\u00e8glement\nd'office du budget primitif 2025 du budget\nprincipal de la commune de Neuilly-Crimolois\nPr\u00e9fecture de la C\u00f4te-d'Or - 21-2025-06-13-00020 - Arr\u00eat\u00e9 pr\u00e9fectoral n\u00b0 835 portant r\u00e8glement d'office du budget primitif 2025 du\nbudget principal de la commune de Neuilly-Crimolois 86\nDIRECTION DES COLLECTIVIT\u00c9S LOCALES ET DES \u00c9LECTIONS\nBUREAU DES COLLECTIVIT\u00c9S LOCALES\nP\u00f4le finances locales\nAffaire suivie par H\u00e9l\u00e8ne MEUNIER\nT\u00e9l\u00a0:03.80.44.66.17\nm\u00e9l\u00a0: pref-bfl@cote-dor.gouv.fr\nArr\u00eat\u00e9 pr\u00e9fectoral n\u00b0835 portant r\u00e8glement d'office du budget primitif 2025\ndu budget principal de la commune de Neuilly-Crimolois\nLe pr\u00e9fet de la r\u00e9gion Bourgogne-Franche-Comt\u00e9\nPr\u00e9fet de la C\u00f4te-d'Or\nVU le code g\u00e9n\u00e9ral des collectivit\u00e9s territoriales (CGCT) et notamment ses articles L.1612-1, L.1612-2 et  \nR.1612-17 ; \nVU le code des juridictions financi\u00e8res et notamment ses articles L.232-1 et R.232-1\u00a0; \nVU le d\u00e9cret n\u00b02004-374 du 29 avril 2004, modifi\u00e9, relatif aux pouvoirs des pr\u00e9fets, \u00e0 l'organisation et \u00e0  \nl'action des services de l'\u00c9tat dans les r\u00e9gions et les d\u00e9partements\u00a0;\nVU les lois et r\u00e8glements relatifs aux budgets et aux comptes administratifs et \u00e0 la comptabilit\u00e9 des  \ncommunes et des \u00e9tablissements publics intercommunaux\u00a0;\nVU la lettre de saisine du 24 avril 2025 du pr\u00e9fet de la r\u00e9gion Bourgogne-Franche-Comt\u00e9, pr\u00e9fet de la  \nC\u00f4te-d'Or aupr\u00e8s de la Chambre r\u00e9gionale des comptes de Bourgogne-Franche-Comt\u00e9 au titre de  \nl'article L.1612-2, pour d\u00e9faut d'adoption du budget primitif 2025 \u00a0par le conseil municipal de Neuilly-\nCrimolois ;\nVU la lettre du pr\u00e9sident de la chambre r\u00e9gionale des comptes en date du 28 mai 2025 adress\u00e9e au  \nmaire de Neuilly-Crimolois l'informant de la saisine susvis\u00e9e et l'invitant \u00e0 produire ses observations\u00a0;\nVU l'avis n\u00b025 CB 02 rendu par la Chambre r\u00e9gionale des comptes de Bourgogne-Franche-Comt\u00e9 en  \ns\u00e9ance du 27 mai 2025 et re\u00e7us en pr\u00e9fecture le 28 mai 2025\u00a0;\nConsid\u00e9rant que par courrier du 24 avril 2025, la Chambre r\u00e9gionale des comptes de Bourgogne-\nFranche-Comt\u00e9 a \u00e9t\u00e9 saisie au titre de l'article L.1612-2 du code g\u00e9n\u00e9ral des collectivit\u00e9s territoriales  \n(CGCT) pour d\u00e9faut d'adoption du budget primitif 2025 par le conseil municipal de Neuilly-Crimolois\u00a0;\nPr\u00e9fecture de la C\u00f4te-d'Or  - 53 rue de la Pr\u00e9fecture - 21041 DIJON cedex\nt\u00e9l : 03 80 44 64 00 - Fax : 03 80 30 65 12 - m\u00e8l : pref-bfl@cote-dor.pref.gouv.fr\nSite internet : http://www.cote-dor.gouv.fr\nPr\u00e9fecture de la C\u00f4te-d'Or - 21-2025-06-13-00020 - Arr\u00eat\u00e9 pr\u00e9fectoral n\u00b0 835 portant r\u00e8glement d'office du budget primitif 2025 du\nbudget principal de la commune de Neuilly-Crimolois 87\nConsid\u00e9rant que la Chambre r\u00e9gionale des comptes s'est appuy\u00e9e dans son avis du 27 mai 2025 sur le  \nprojet de budget primitif soumis au conseil municipal du 14 avril 2025, sur les comptes administratifs  \net de gestion 2022 \u00e0 2023 et sur le compte financier unique 2024, ainsi que sur l'\u00e9tat de consommation \ndes  cr\u00e9dits  2025\u00a0fourni  par  la  collectivit\u00e9\u00a0;  qu'en  cons\u00e9quence,  les  propositions  de  r\u00e8glement \nd\u00e9terminent le montant des cr\u00e9dits au niveau du chapitre en application des articles D.2311-3 et  \nD.2311-5 du CGCT\u00a0;\nConsid\u00e9rant qu'il appartient au pr\u00e9fet de la r\u00e9gion Bourgogne-Franche-Comt\u00e9, pr\u00e9fet de la C\u00f4te-d'Or,  \nde r\u00e9gler et de rendre ex\u00e9cutoire le budget primitif de l'exercice 2025\u00a0;\nConsid\u00e9rant qu'au regard des erreurs mat\u00e9rielles constat\u00e9es dans l'avis n\u00b025 CB 02 \u00e9mis le 27 mai 2025  \npar  la  Chambre  r\u00e9gionale  des  comptes,  il  convient,  en  accord  avec  cette  derni\u00e8re,  de  s'\u00e9carter \npartiellement de ses propositions\u00a0;\nSUR proposition du secr\u00e9taire g\u00e9n\u00e9ral de la pr\u00e9fecture de la C\u00f4te-d'Or\u00a0;\nARR\u00caTE\nArticle 1er\u00a0\n: \nLe budget primitif de l'exercice 2025 de la commune de Neuilly-Crimolois est arr\u00eat\u00e9, r\u00e9gl\u00e9 et \nrendu ex\u00e9cutoire conform\u00e9ment aux tableaux annex\u00e9s au pr\u00e9sent arr\u00eat\u00e9.\nArticle 2\u00a0: Pour le budget primitif 2025, les d\u00e9penses et les recettes de la section de fonctionnement  \ns'\u00e9l\u00e8vent \u00e0 4 \u00a0024\u00a0630\u00a0\u20ac permettant l'\u00e9quilibre de la section. La section d'investissement pr\u00e9sente un  \nexc\u00e9dent 1 \u00a0036\u00a0872\u00a0\u20ac avec 2 \u00a0498\u00a0752\u00a0\u20ac en d\u00e9penses et 3 \u00a0535\u00a0624\u00a0\u20ac en recettes d'investissement.  Le \nbudget primitif 2025 et le tableau de correspondance des soldes d'ex\u00e9cution par section du budget  \nprincipal sont annex\u00e9s au pr\u00e9sent arr\u00eat\u00e9.\nArticle 3 \u00a0:  Le pr\u00e9sent arr\u00eat\u00e9 peut faire l'objet d'un recours devant le tribunal administratif de Dijon  \ndans un d\u00e9lai de deux mois \u00e0 compter de sa notification.\nArticle  4\u00a0:  Le  pr\u00e9fet  de  la  r\u00e9gion  Bourgogne-Franche-Comt\u00e9,  pr\u00e9fet  de  la  C\u00f4te-d'Or,  la  directrice \nr\u00e9gionale des finances publiques de Bourgogne-Franche-Comt\u00e9 et du d\u00e9partement de la C\u00f4te-d'Or, le  \nmaire de Neuilly-Crimolois, ainsi que le tr\u00e9sorier du secr\u00e9tariat g\u00e9n\u00e9ral commun  de Dijon M\u00e9tropole  \nsont charg\u00e9s, chacun en ce qui le concerne, de l'ex\u00e9cution du pr\u00e9sent arr\u00eat\u00e9 dont une copie sera  \nadress\u00e9e au pr\u00e9sident de la Chambre r\u00e9gionale des comptes de Bourgogne-Franche-Comt\u00e9 et dont  \nmention sera faite au recueil des actes administratifs de la pr\u00e9fecture de la C\u00f4te-d'Or.\nFait \u00e0 Dijon, le 13 juin 2025\nLe pr\u00e9fet,\nSign\u00e9\u00a0: Paul MOURIER\nCopies pour information\u00a0: \n- Monsieur le pr\u00e9sident de la Chambre r\u00e9gionale des comptes de Bourgogne-Franche-Comt\u00e9\n- Madame la directrice r\u00e9gionale des finances publiques de Bourgogne-Franche-Comt\u00e9 et de la C\u00f4te-d'Or\nPr\u00e9fecture de la C\u00f4te-d'Or  - 53 rue de la Pr\u00e9fecture - 21041 DIJON cedex\nt\u00e9l : 03 80 44 64 00 - Fax : 03 80 30 65 12 - m\u00e8l : pref-bfl@cote-dor.pref.gouv.fr\nSite internet : http://www.cote-dor.gouv.fr\nPr\u00e9fecture de la C\u00f4te-d'Or - 21-2025-06-13-00020 - Arr\u00eat\u00e9 pr\u00e9fectoral n\u00b0 835 portant r\u00e8glement d'office du budget primitif 2025 du\nbudget principal de la commune de Neuilly-Crimolois 88\nPr\u00e9fecture de la C\u00f4te-d'Or\nDirection des Collectivit\u00e9s locales et des\nElections \n21-2025-06-18-00002\nArr\u00eat\u00e9 pr\u00e9fectoral\nportant modification de la composition de la\ncommission d\u00e9partementale\nde la coop\u00e9ration intercommunale (CDCI) de la\nC\u00f4te-d'Or\nPr\u00e9fecture de la C\u00f4te-d'Or - 21-2025-06-18-00002 - Arr\u00eat\u00e9 pr\u00e9fectoral\nportant modification de la composition de la commission d\u00e9partementale\nde la coop\u00e9ration intercommunale (CDCI) de la C\u00f4te-d'Or\n89\nExPREFETDE LACOTE-D'ORLibert\u00e9Egalit\u00e9Fraternit\u00e9\nDIRECTION DES COLLECTIVIT\u00c9S LOCALES ET DES \u00c9LECTIONS\nBUREAU DES COLLECTIVIT\u00c9S LOCALES\nAffaire suivie par : Isabelle AMSALLEM\nT\u00e9l : 03.80.44.66.16\nm\u00e9l : isabelle.amsallem@cote-dor.gouv.fr\nArr\u00eat\u00e9 pr\u00e9fectoral \nportant modification de la composition de la commission d\u00e9partementale\nde la coop\u00e9ration intercommunale (CDCI) de la C\u00f4te-d'Or\nLe pr\u00e9fet de la r\u00e9gion Bourgogne-Franche-Comt\u00e9\nLe pr\u00e9fet de la C\u00f4te-d'Or\nVU la  loi  d'orientation  n\u00b0  92.125  du  6  f\u00e9vrier  1992  relative  \u00e0  l'Administration  Territoriale  de  la \nR\u00e9publique ;\nVU la loi n\u00b02010-1536 du 16 d\u00e9cembre 2010 relative \u00e0 la r\u00e9forme des collectivit\u00e9s territoriales ;\nVU la loi n\u00b0 2018-699 du 3 ao\u00fbt 2018 visant \u00e0 garantir la pr\u00e9sence des parlementaires dans certains  \norganismes ext\u00e9rieurs au Parlement ;\nVU le  code  g\u00e9n\u00e9ral  des  collectivit\u00e9s  territoriales  (CGCT)  et  notamment  les  articles  L.  5211-42  et \nsuivants, R. 5211-19 et suivants ;\nVU le  d\u00e9cret  n\u00b02011-122  du  28  janvier  2011  relatif  \u00e0  la  composition  et  au  fonctionnement  de  la \ncommission d\u00e9partementale de la coop\u00e9ration intercommunale ;\nVU le d\u00e9cret du 10 octobre 2024 portant nomination du pr\u00e9fet de la r\u00e9gion Bourgogne-Franche-\nComt\u00e9, pr\u00e9fet de la C\u00f4te-d'Or \u2013 M. Paul MOURIER ;\nVU l'arr\u00eat\u00e9 pr\u00e9fectoral du 2 juin 1992 instituant une commission d\u00e9partementale de la coop\u00e9ration  \nIntercommunale dans le d\u00e9partement de la C\u00f4te-d'Or ;\nVU l'arr\u00eat\u00e9 pr\u00e9fectoral du 5 novembre 2020 portant composition de la commission d\u00e9partementale  \nde la coop\u00e9ration intercommunale (CDCI) de la C\u00f4te-d'Or ;\nVU les arr\u00eat\u00e9s pr\u00e9fectoraux des 20 novembre 2020, 15 d\u00e9cembre 2021, 22 janvier 2022, 21 d\u00e9cembre  \n2022, 07 mai 2024 et 09 d\u00e9cembre 2024 portant modification de la composition de la CDCI ;\nVU la d\u00e9signation par Mme la pr\u00e9sidente de l'Assembl\u00e9e Nationale de M. Ren\u00e9 LIORET, d\u00e9put\u00e9 de la  \n5\u00e8me circonscription de la C\u00f4te-d'Or et de Mme Oc\u00e9ane GODARD, d\u00e9put\u00e9 de la 1\u00e8re circonscription  \nde la C\u00f4te-d'Or ;\nVU le d\u00e9c\u00e8s de Monsieur Armand HERY, membre du coll\u00e8ge des communes le 20 octobre 2024 ;\nPr\u00e9fecture de la C\u00f4te-d'Or \u2013 Cit\u00e9 Dampierre - Dijon\nT\u00e9l. 03.80.44.64.00\nCourriel : pref-bali@cote-dor.gouv.fr\n1/5\nPr\u00e9fecture de la C\u00f4te-d'Or - 21-2025-06-18-00002 - Arr\u00eat\u00e9 pr\u00e9fectoral\nportant modification de la composition de la commission d\u00e9partementale\nde la coop\u00e9ration intercommunale (CDCI) de la C\u00f4te-d'Or\n90\nVU la d\u00e9mission de monsieur Jean DUBUET de ses fonctions de maire de la commune de Flavignerot le  \n28 janvier 2025 puis de son mandat de conseiller municipal le 14 mars 2025 ;\nConsid\u00e9rant la vacance du poste de M. HERY au coll\u00e8ge \u00e9lectoral des communes n\u00b01 de la CDCI de la  \nC\u00f4te-d'Or ;\nConsid\u00e9rant la vacance du poste de M. Jean DUBUET au coll\u00e8ge \u00e9lectoral des communes n\u00b01  de  la \nCDCI de la C\u00f4te-d'Or ;\nConsid\u00e9rant que  le  d\u00e9partement  de  la  C\u00f4te-d'Or  compte  huit  parlementaires  \u00e9lus  et  qu'ainsi,  il \nconvient d'associer aux travaux de la commission, sans voix d\u00e9lib\u00e9rative, d\u00e8s lors qu'ils ne sont pas  \nmembres de la commission d\u00e9partementale de la coop\u00e9ration intercommunale au titre d'un mandat  \nlocal, deux  d\u00e9put\u00e9s et deux s\u00e9nateurs \u00e9lus dans le d\u00e9partement ;\nSur proposition du secr\u00e9taire g\u00e9n\u00e9ral de la pr\u00e9fecture de la C\u00f4te-d'Or ;\nARR\u00caTE\nArticle 1er : L'article 1er de l'arr\u00eat\u00e9 pr\u00e9fectoral du 09 d\u00e9cembre 2024 susvis\u00e9 est modifi\u00e9 comme suit :\n\u00ab Article 1 er : La commission d\u00e9partementale de la coop\u00e9ration intercommunale, constitu\u00e9e de  \n46 membres titulaires, est compos\u00e9e comme suit :\nColl\u00e8ge des communes (23 repr\u00e9sentants)     :  \n\u2022 coll\u00e8ge \u00e9lectoral n\u00b01     :  9 repr\u00e9sentants des  communes dont la population est inf\u00e9rieure \u00e0 la  \nmoyenne communale du d\u00e9partement (moins de 763 habitants) :\n1. Mme V\u00e9ronique ILLIG, maire d'Aisy-sous-Thil\n2. M. Marc JAUDAUX, maire d'Auvillars-sur-Sa\u00f4ne\n3. M. Ludovic ROCHETTE, maire de Brognon\n4. M. Luc BAUDRY, maire de Courtivron\n5. M. G\u00e9rard HERRMANN, maire de Corcelles-les-Monts\n6. M. Laurent SCHEMBRI, maire de Recey-sur-Ource\n7. M. Pascal GRAPPIN, maire de Villebichot\n8. Mme Isabelle CHAPUILLOT-CATTIER, maire de Villers-la-Faye\n9. M. Jean-Paul ROY, maire de Meursanges\n\u2022 coll\u00e8ge \u00e9lectoral n\u00b02   :  9 repr\u00e9sentants des 5 communes les plus peupl\u00e9es du d\u00e9partement  \n(Beaune, Chen\u00f4ve, Chevigny-Saint-Sauveur, Dijon et Talant) :\n1. M. Alain SUGUENOT, maire de Beaune\n2. M. Pierre BOLZE, adjoint au maire de Beaune\n3. M. Thierry FALCONNET, maire de Chen\u00f4ve\n4. M. Guilllaume RUET, maire de Chevigny-Saint -Sauveur\n5. Mme Nathalie KOENDERS, maire de la Ville de Dijon\n6. M. Jean-Patrick MASSON, conseiller municipal de Dijon\n7. M. Antoine HOAREAU, adjoint au maire de Dijon\n8. M. Pierre PRIBETICH, conseiller municipal de Dijon\n9. M. Fabian RUINET, maire de Talant\nPr\u00e9fecture de la C\u00f4te-d'Or \u2013 Cit\u00e9 Dampierre - Dijon\nT\u00e9l. 03.80.44.64.00\nCourriel : pref-bali@cote-dor.gouv.fr\n2/5\nPr\u00e9fecture de la C\u00f4te-d'Or - 21-2025-06-18-00002 - Arr\u00eat\u00e9 pr\u00e9fectoral\nportant modification de la composition de la commission d\u00e9partementale\nde la coop\u00e9ration intercommunale (CDCI) de la C\u00f4te-d'Or\n91\nExPREFETDE LACOTE-D'ORLibert\u00e9Egalit\u00e9Fraternit\u00e9\nDIRECTION DES COLLECTIVIT\u00c9S LOCALES ET DES \u00c9LECTIONS\nBUREAU DES COLLECTIVIT\u00c9S LOCALES\n\u2022 coll\u00e8ge \u00e9lectoral n\u00b03     :  5 repr\u00e9sentants des communes dont la population est sup\u00e9rieure \u00e0 la  \nmoyenne communale du d\u00e9partement (plus de 763 habitants) :\n1. M. Bruno BETHENOD, maire d'Arceau\n2. M. Christophe MONOT, maire de Marsannay-le-Bois\n3. M. G\u00e9rard LEGUAY, maire de Selongey\n4. Mme Catherine SADON, maire de Semur-en-Auxois\n5. M. Alain BECQUET, maire de Seurre\nColl\u00e8ge  des  \u00e9tablissements  public  de  coop\u00e9ration  intercommunale  \u00e0  fiscalit\u00e9  propre     \n(14 repr\u00e9sentants)     :  \n1. Mme  Marie-Claire  BONNET-VALLET,  pr\u00e9sidente  de  la  communaut\u00e9  de  communes \nAuxonne Pontailler Val de Sa\u00f4ne\n2. M. J\u00e9r\u00e9mie BRIGAND, pr\u00e9sident de la communaut\u00e9 de communes du Pays Ch\u00e2tillonnais\n3. M. Patrick MOLINOZ, pr\u00e9sident de la communaut\u00e9 de communes du Pays d'Al\u00e9sia et de la  \nSeine\n4. M. Thierry DARPHIN, vice-pr\u00e9sident de la communaut\u00e9 de communes des vall\u00e9es de la  \nTille et de l'Ignon\n5. M. R\u00e9mi DETANG, vice-pr\u00e9sident de Dijon M\u00e9tropole\n6. M. Nicolas BOURNY, vice-pr\u00e9sident de Dijon M\u00e9tropole\n7. Mme  Catherine  LOUIS,  pr\u00e9sidente  de  la  communaut\u00e9  de  communes  For\u00eats,  Seine  et \nSuzon\n8. M.  Nicolas  URBANO,  vice-pr\u00e9sident  de  la  communaut\u00e9  de  communes  Mirebellois  et \nFontenois\n9. M. Alain BECARD, pr\u00e9sident de la communaut\u00e9 de communes du Montbardois\n10. M. Didier LENOIR, pr\u00e9sident de la communaut\u00e9 de communes Mirebellois et Fontenois\n11. M. Patrice ESPINOSA, pr\u00e9sident de la communaut\u00e9 de communes de la Plaine dijonnaise\n12. M. Yves COURTOT, pr\u00e9sident de la communaut\u00e9 de communes de Pouilly-en-Auxois /  \nBligny-sur-Ouche\n13. M. Jean-Michel PETREAU, pr\u00e9sident de la communaut\u00e9 de communes des Terres d'Auxois\n14. Mme Martine MAZILLY, conseill\u00e8re communautaire de la communaut\u00e9 de communes de  \nSaulieu\nColl\u00e8ge des syndicats intercommunaux et syndicats mixtes (2 repr\u00e9sentants)\n1. M. Pierre POILLOT, pr\u00e9sident du syndicat intercommunal d'adduction d'eau de Liernais\n2. Mme Patricia GOURMAND, pr\u00e9sidente du syndicat des eaux et de l'assainissement de la  \nVall\u00e9e du Suzon\nColl\u00e8ge du Conseil d\u00e9partemental de la C\u00f4te-d'Or (5 repr\u00e9sentants)     :  \n1. M. Fran\u00e7ois SAUVADET, pr\u00e9sident du Conseil d\u00e9partemental de la C\u00f4te-d'Or\n2. M. Denis THOMAS, vice-pr\u00e9sident du Conseil d\u00e9partemental de la C\u00f4te-d'Or\n3. Mme Emmanuelle COINT, vice-pr\u00e9sidente du Conseil d\u00e9partemental de la C\u00f4te-d'Or\n4. M. Christophe LUCAND, conseiller d\u00e9partemental de la C\u00f4te-d'Or\n5. Mme Catherine HERVIEU, conseill\u00e8re d\u00e9partementale de la C\u00f4te-d'Or\nPr\u00e9fecture de la C\u00f4te-d'Or \u2013 Cit\u00e9 Dampierre - Dijon\nT\u00e9l. 03.80.44.64.00\nCourriel : pref-bali@cote-dor.gouv.fr\n3/5\nPr\u00e9fecture de la C\u00f4te-d'Or - 21-2025-06-18-00002 - Arr\u00eat\u00e9 pr\u00e9fectoral\nportant modification de la composition de la commission d\u00e9partementale\nde la coop\u00e9ration intercommunale (CDCI) de la C\u00f4te-d'Or\n92\nColl\u00e8ge du Conseil r\u00e9gional de Bourgogne-Franche-Comt\u00e9 (2 repr\u00e9sentants)     :  \n1. M. Michel NEUGNOT, vice-pr\u00e9sident du Conseil r\u00e9gional de Bourgogne-Franche-Comt\u00e9\n2. M. Denis HAMEAU, vice-pr\u00e9sident du Conseil r\u00e9gional de Bourgogne-Franche-Comt\u00e9\nP  arlementaires pr\u00e9sents sans voix d\u00e9lib\u00e9ratives (2 d\u00e9put\u00e9s et 2 s\u00e9nateurs)     :  \n1. M. Ren\u00e9 LIORET, d\u00e9put\u00e9 de la 5\u00e8me circonscription de la C\u00f4te-d'Or\n2. Mme Oc\u00e9ane GODARD, d\u00e9put\u00e9e de la 1\u00e8re circonscription de la C\u00f4te-d'Or\n3. Mme Anne-Catherine LOISIER, s\u00e9natrice de la C\u00f4te-d'Or\n4. M. Alain HOUPERT, s\u00e9nateur de la C\u00f4te-d'Or\nArticle 2: l'article 2 du m\u00eame arr\u00eat\u00e9 pr\u00e9fectoral est reconduit dans ses termes :\n \u00ab Article 2 : la liste des \u00e9lus susceptibles d'\u00eatre appel\u00e9s \u00e0 faire partie de la commission en cas de  \nvacance d'un si\u00e8ge est fix\u00e9e comme suit :\nColl\u00e8ge des communes      :  \n\u2022 coll\u00e8ge \u00e9lectoral n\u00b01     :  3 repr\u00e9sentants des  communes dont la population est inf\u00e9rieure \u00e0 la  \nmoyenne communale du d\u00e9partement (moins de 763 habitants) :\n1. M. Patrice DEMAISON, maire de Flacey\n2. Mme  Amandine MONARD, maire d'Alise-Sainte-Reine\n3. M. Jean-Marie-MUGNIER, maire de Busserotte-et-Montenaille\n\u2022 coll\u00e8ge \u00e9lectoral n\u00b02   :  5 repr\u00e9sentants des 5 communes les plus peupl\u00e9es du d\u00e9partement  \n(Beaune, Chen\u00f4ve, Chevigny-Saint-Sauveur, Dijon et Talant)\n1. Mme Sladana ZIVKOVIC, adjointe au maire de Dijon\n2. M. Jean-Luc BECQUET, adjoint au maire de Beaune\n3. Mme Brigitte POPARD, adjointe au maire de Chen\u00f4ve\n4. Mme Sylvie CASTELLA, adjointe au maire de Talant\n5. Mme Kildine BATAILLE, adjointe au maire de Dijon\n\u2022 coll\u00e8ge \u00e9lectoral n\u00b03   : 3 repr\u00e9sentants des communes dont la population est sup\u00e9rieure \u00e0 la  \nmoyenne communale du d\u00e9partement (plus de 763 habitants)\n1. M. Eric PIESVAUX, maire de Pouilly-en-Auxois\n2. M. Dominique GRIMPRET, maire d'Ahuy\n3. M. Marc BOEGLIN, maire de Belleneuve\nColl\u00e8ge  des  \u00e9tablissements  public  de  coop\u00e9ration  intercommunale  \u00e0  fiscalit\u00e9  propre  \n(6 repr\u00e9sentants)\n1. M. Jean-Fran\u00e7ois DODET, vice-pr\u00e9sident de Dijon M\u00e9tropole\n2. M. B\u00e9nigne COLSON, vice-pr\u00e9sident de la communaut\u00e9 de communes For\u00eats, Seine et  \nSuzon\nPr\u00e9fecture de la C\u00f4te-d'Or \u2013 Cit\u00e9 Dampierre - Dijon\nT\u00e9l. 03.80.44.64.00\nCourriel : pref-bali@cote-dor.gouv.fr\n4/5\nPr\u00e9fecture de la C\u00f4te-d'Or - 21-2025-06-18-00002 - Arr\u00eat\u00e9 pr\u00e9fectoral\nportant modification de la composition de la commission d\u00e9partementale\nde la coop\u00e9ration intercommunale (CDCI) de la C\u00f4te-d'Or\n93\nExPREFETDE LACOTE-D'ORLibert\u00e9Egalit\u00e9Fraternit\u00e9\nDIRECTION DES COLLECTIVIT\u00c9S LOCALES ET DES \u00c9LECTIONS\nBUREAU DES COLLECTIVIT\u00c9S LOCALES\n3. Mme C\u00e9line TONOT, conseill\u00e8re m\u00e9tropolitaine de Dijon M\u00e9tropole\n4. Mme  Sylvie  VENTARD,  vice-pr\u00e9sidente  de  la  communaut\u00e9  de  communes  de  Gevrey-\nChambertin et de Nuits-saint-Georges\n5. M. Jean-Claude GIRARD, vice-pr\u00e9sident de Dijon M\u00e9tropole\n6. M. Patrick SEGUIN, pr\u00e9sident de la communaut\u00e9 de communes Ouche et Montagne\nColl\u00e8ge des syndicats intercommunaux et syndicats mixtes (1 repr\u00e9sentant)\n1. Mme Sylvie BOUTHENET, vice-pr\u00e9sidente du syndicat intercommunal d'adduction d'eau  \nde Liernais\nColl\u00e8ge du Conseil d\u00e9partemental de la C\u00f4te-d'Or (3 repr\u00e9sentants)     :  \n1. Mme Laurence PORTE, vice-pr\u00e9sidente du Conseil d\u00e9partemental de la C\u00f4te-d'Or\n2. M. Fran\u00e7ois-Xavier DUGOURD, vice-pr\u00e9sident du Conseil d\u00e9partemental de la C\u00f4te-d'Or\n3. Mme Ga\u00eblle THOMAS, conseill\u00e8re d\u00e9partementale de la C\u00f4te-d'Or\nColl\u00e8ge du Conseil r\u00e9gional de Bourgogne-Franche-Comt\u00e9 (1 repr\u00e9sentant)     :  \n1. M. Jean-Marc RETY, conseiller r\u00e9gional de Bourgogne-Franche-Comt\u00e9\nArticle 3 : Le reste est sans changement.\nArticle 4 : Le secr\u00e9taire g\u00e9n\u00e9ral de la pr\u00e9fecture de la C\u00f4te-d'Or est charg\u00e9 de l'ex\u00e9cution du pr\u00e9sent  \narr\u00eat\u00e9 qui sera notifi\u00e9 \u00e0 Mesdames et Messieurs les membres de la commission d\u00e9partementale de la  \ncoop\u00e9ration intercommunale et publi\u00e9 au recueil des actes administratifs de la pr\u00e9fecture. Une copie  \nsera \u00e9galement adress\u00e9e, pour information, \u00e0 :\n\uf02d Monsieur le sous-pr\u00e9fet de l'arrondissement de Beaune ;\n\uf02d Monsieur le sous-pr\u00e9fet de l'arrondissement de Montbard ;\n\uf02d Monsieur le pr\u00e9sident de l'association des maires de C\u00f4te d'Or ;\n\uf02d Monsieur le pr\u00e9sident du Conseil d\u00e9partemental de la C\u00f4te-d'Or ;\n\uf02d Madame la pr\u00e9sidente du Conseil r\u00e9gional de Bourgogne-Franche-Comt\u00e9 ;\n\uf02d Monsieur le ministre charg\u00e9 de l'Am\u00e9nagement du territoire et de la \n  D\u00e9centralisation (Direction G\u00e9n\u00e9rale des Collectivit\u00e9s Locales).\nFait \u00e0 Dijon, le 18 juin 2025\nsign\u00e9\nLe pr\u00e9fet\nPaul MOURIER\nPr\u00e9fecture de la C\u00f4te-d'Or \u2013 Cit\u00e9 Dampierre - Dijon\nT\u00e9l. 03.80.44.64.00\nCourriel : pref-bali@cote-dor.gouv.fr\n5/5\nPr\u00e9fecture de la C\u00f4te-d'Or - 21-2025-06-18-00002 - Arr\u00eat\u00e9 pr\u00e9fectoral\nportant modification de la composition de la commission d\u00e9partementale\nde la coop\u00e9ration intercommunale (CDCI) de la C\u00f4te-d'Or\n94\nPr\u00e9fecture de la C\u00f4te-d'Or\nDirection des Collectivit\u00e9s locales et des\nElections \n21-2025-06-10-00002\nArr\u00eat\u00e9 pr\u00e9fectoral  portant habilitation dans le\ndomaine fun\u00e9raire de la Soci\u00e9t\u00e9 MEURDRA \u00e0\nSAINT APOLLINAIRE\nPr\u00e9fecture de la C\u00f4te-d'Or - 21-2025-06-10-00002 - Arr\u00eat\u00e9 pr\u00e9fectoral  portant habilitation dans le domaine fun\u00e9raire de la Soci\u00e9t\u00e9\nMEURDRA \u00e0 SAINT APOLLINAIRE 95\nExPREFETDE LACOTE-D'ORLibert\u00e9Egalit\u00e9Fraternit\u00e9\nSECR\u00c9TARIAT G\u00c9N\u00c9RAL\nDirection des Collectivit\u00e9s Locales et des Elections \n    Dijon, le 10 juin 2025\nr\nArr\u00eat\u00e9 N\u00b0859\nportant habilitation dans le domaine fun\u00e9raire  de la soci\u00e9t\u00e9\n \u00abPOMPES FUNEBRES MEURDRA\u00bb \u00e0 SAINT APOLLINAIRE\nLe Pr\u00e9fet de la r\u00e9gion Bourgogne-Franche-Comt\u00e9\nPr\u00e9fet de la C\u00f4te-d'Or\nVU  le  Code  G\u00e9n\u00e9ral  des  Collectivit\u00e9s  Territoriales  et  notamment  les  dispositions  des  articles  \nL 2223-19 \u00e0 L 2223-30, R 2223-40 \u00e0 R 2223-65 et D 2223-34 \u00e0 D 2223-39 relatifs \u00e0 l'habilitation fun\u00e9raire ;\nVU le d\u00e9cret n\u00b02020-917 du 28 juillet 2020 relatif \u00e0 la dur\u00e9e de l'habilitation dans le secteur fun\u00e9raire et \u00e0 la\nhousse mortuaire ;\nVU  la demande et les documents pr\u00e9sent\u00e9s par M. Jean-Patrice MEURDRA, Pr\u00e9sident de la soci\u00e9t\u00e9\n\u00ab POMPES FUNEBRES MEURDRA \u00bb situ\u00e9e 18 rue de la Redoute \u00e0 21850 SAINT APOLLINAIRE en vue\nde demander l'habilitation dans le domaine fun\u00e9raire de ladite soci\u00e9t\u00e9 ;\nCONSIDERANT que l'entreprise sus-vis\u00e9e remplit les conditions pour obtenir l'habilitation dans le domaine\nfun\u00e9raire ;\nSUR proposition du Secr\u00e9taire G\u00e9n\u00e9ral de la Pr\u00e9fecture de la C\u00f4te d'Or ;\nARRETE\nArticle  1er :  La  Soci\u00e9t\u00e9    \u00ab POMPES  FUNEBRES  MEURDRA \u00bb  situ\u00e9e  18  rue  de  la  Redoute  \u00e0\n21850 SAINT APOLLINAIRE est habilit\u00e9e pour exercer les activit\u00e9s suivantes :\n- transport de corps avant et apr\u00e8s mise en bi\u00e8re, \u00e9galement par sous-traitance,\n- organisation des obs\u00e8ques,\n- gestion et utilisation de chambre fun\u00e9raire,\n- soins de conservation en sous-traitance exclusivement,\n- fourniture des housses, des cercueils et de leurs accessoires int\u00e9rieurs et ext\u00e9rieurs ainsi que les\nurnes cin\u00e9raires,\n- fourniture des corbillards et des voitures de deuil,\n-  fourniture  du  personnel  et  des  objets  et  prestations  n\u00e9cessaires  aux  obs\u00e8ques,  inhumations,\nexhumations  et  cr\u00e9mations,  \u00e0  l'exception  des  plaques  fun\u00e9raires,  embl\u00e8mes  religieux,  fleurs,\ntravaux divers d'imprimerie et marbrerie fun\u00e9raire\nPr\u00e9fecture de la C\u00f4te-d'Or \n53 rue de la Pr\u00e9fecture - 21041 DIJON cedex\nt\u00e9l : 03 80 44 64 00 \nSite internet : http://www.cote-dor.gouv.fr\nPr\u00e9fecture de la C\u00f4te-d'Or - 21-2025-06-10-00002 - Arr\u00eat\u00e9 pr\u00e9fectoral  portant habilitation dans le domaine fun\u00e9raire de la Soci\u00e9t\u00e9\nMEURDRA \u00e0 SAINT APOLLINAIRE 96\nArticle 2 : Le num\u00e9ro de l'habilitation est le 25-21-0112.\nArticle 3 : La pr\u00e9sente habilitation est accord\u00e9e pour une dur\u00e9e de 5 ans soit jusqu'au  10 juin 2030.\nArticle 4 : Pour b\u00e9n\u00e9ficier de la pr\u00e9sente habilitation jusqu'\u00e0 son terme, M. Jean-Patrice MEURDRA devra\nd\u00e9clarer tout changement dans les informations contenues dans la demande d'habilitation dans un d\u00e9lai de\ndeux mois notamment en ce qui concerne les attestations de conformit\u00e9 des v\u00e9hicules fun\u00e9raires.\nArticle 5 : La pr\u00e9sente habilitation pourra \u00eatre suspendue pour une dur\u00e9e maximum d'un an ou retir\u00e9e,\napr\u00e8s mise en demeure, par le repr\u00e9sentant de l'\u00c9tat dans le d\u00e9partement o\u00f9 les faits auront \u00e9t\u00e9 constat\u00e9s,\npour les motifs suivants :\n- non-respect des dispositions du pr\u00e9sent code auxquelles sont soumises les r\u00e9gies, entreprises ou\nassociations habilit\u00e9es conform\u00e9ment \u00e0 l'article L 2223-23,\n- non-exercice ou cessation d'exercice des activit\u00e9s au titre desquelles elle a \u00e9t\u00e9 d\u00e9livr\u00e9e,\n- atteinte \u00e0 l'ordre public ou danger pour la salubrit\u00e9 publique.\nArticle 6 : Dans un d\u00e9lai de deux mois \u00e0 compter de sa notification ou de la publication au recueil des\nactes administratifs de la pr\u00e9fecture, la pr\u00e9sente d\u00e9cision peut faire l'objet d'un recours  conform\u00e9ment aux\ndispositions de l'article R 421-1 et suivants du code de justice administrative :\n- le recours gracieux adress\u00e9 \u00e0 M. le Pr\u00e9fet du d\u00e9partement de la C\u00f4te d'Or  (53 rue de la Pr\u00e9fecture\n\u00e0  21041 DIJON CEDEX),\n- le recours hi\u00e9rarchique adress\u00e9 au ministre comp\u00e9tent dans le domaine consid\u00e9r\u00e9,\n- le recours contentieux en saisissant le Tribunal Administratif (22 rue d'Assas \u2013 21000 DIJON).\nArticle 7  :  Le secr\u00e9taire g\u00e9n\u00e9ral de la pr\u00e9fecture de la C\u00f4te d'Or est charg\u00e9 de l'ex\u00e9cution du pr\u00e9sent\narr\u00eat\u00e9 qui sera publi\u00e9 au recueil des actes administratifs de la Pr\u00e9fecture de la C\u00f4te d'Or dont copie sera\nremise \u00e0 :\n- M.  Jean-Patrice MEURDRA , Pr\u00e9sident  de la soci\u00e9t\u00e9 \u00ab  POMPES FUNEBRES  MEURDRA \u00bb\nsitu\u00e9e 18 rue de la Redoute \u00e0 21850 SAINT APOLLINAIRE, \n- M. le maire de SAINT APOLLINAIRE,\n-  M. le G\u00e9n\u00e9ral commandant la R\u00e9gion de Gendarmerie et le Groupement de C\u00f4te d'Or,\n- M. le Directeur de l'Agence R\u00e9gionale de Sant\u00e9.\nLE PREFET\nPour le Pr\u00e9fet et par d\u00e9l\u00e9gation\nLe Secr\u00e9taire G\u00e9n\u00e9ral,\nsign\u00e9 : Denis BRUEL\nPr\u00e9fecture de la C\u00f4te-d'Or \n53 rue de la Pr\u00e9fecture - 21041 DIJON cedex\nt\u00e9l : 03 80 44 64 00 \nSite internet : http://www.cote-dor.gouv.fr\nPr\u00e9fecture de la C\u00f4te-d'Or - 21-2025-06-10-00002 - Arr\u00eat\u00e9 pr\u00e9fectoral  portant habilitation dans le domaine fun\u00e9raire de la Soci\u00e9t\u00e9\nMEURDRA \u00e0 SAINT APOLLINAIRE 97\nPr\u00e9fecture de la C\u00f4te-d'Or\nDirection des Collectivit\u00e9s locales et des\nElections \n21-2025-06-10-00001\nArr\u00eat\u00e9 pr\u00e9fectoral  portant habilitation dans le\ndomaine fun\u00e9raire des Pompes Fun\u00e8bres\nMEURDRA \u00e0 DIJON\nPr\u00e9fecture de la C\u00f4te-d'Or - 21-2025-06-10-00001 - Arr\u00eat\u00e9 pr\u00e9fectoral  portant habilitation dans le domaine fun\u00e9raire des Pompes\nFun\u00e8bres MEURDRA \u00e0 DIJON 98\nExPREFETDE LACOTE-D'ORLibert\u00e9Egalit\u00e9Fraternit\u00e9\nSECR\u00c9TARIAT G\u00c9N\u00c9RAL\nDirection des Collectivit\u00e9s Locales et des Elections \n    Dijon, le 10 juin 2025\nArr\u00eat\u00e9 N\u00b0860\nPortant renouvellement de l'habilitation dans le domaine fun\u00e9raire de la soci\u00e9t\u00e9\n \u00abPOMPES FUNEBRES MEURDRA\u00bb \u00e0 DIJON\nLe Pr\u00e9fet de la r\u00e9gion Bourgogne-Franche-Comt\u00e9\nPr\u00e9fet de la C\u00f4te-d'Or\nVU  le  Code  G\u00e9n\u00e9ral  des  Collectivit\u00e9s  Territoriales  et  notamment  les  dispositions  des  articles  \nL 2223-19 \u00e0 L 2223-30, R 2223-40 \u00e0 R 2223-65 et D 2223-34 \u00e0 D 2223-39 relatifs \u00e0 l'habilitation fun\u00e9raire ;\nVU le d\u00e9cret n\u00b02020-917 du 28 juillet 2020 relatif \u00e0 la dur\u00e9e de l'habilitation dans le secteur fun\u00e9raire et \u00e0 la\nhousse mortuaire ;\nVU l'arr\u00eat\u00e9  pr\u00e9fectoral  n\u00b01180  en  date  du  2  d\u00e9cembre  2020  portant  renouvellement  de  l'habiitation\nfun\u00e9raire de la soci\u00e9t\u00e9 \u00ab  POMPES FUNEBRES MEURDRA \u00bb situ\u00e9e 105/107 rue Jean-Jacques Rousseau\n\u00e0 DIJON ;\nVU  la demande et les documents pr\u00e9sent\u00e9s par M. Jean-Patrice MEURDRA, Pr\u00e9sident de la soci\u00e9t\u00e9\n\u00ab POMPES FUNEBRES MEURDRA  \u00bb situ\u00e9e 105/107 rue Jean-Jacques Rousseau \u00e0 DIJON en vue de\ndemander le renouvellement de l'habilitation dans le domaine fun\u00e9raire de ladite soci\u00e9t\u00e9 ;\nCONSIDERANT que l'entreprise sus-vis\u00e9e remplit les conditions pour obtenir ce renouvellement ;\nSUR proposition du Secr\u00e9taire G\u00e9n\u00e9ral de la Pr\u00e9fecture de la C\u00f4te d'Or ;\nARRETE\nArticle  1er :  La  Soci\u00e9t\u00e9    \u00ab POMPES  FUNEBRES  MEURDRA \u00bb  situ\u00e9e  105/107  rue  Jean-Jacques\nRousseau \u00e0 DIJON est habilit\u00e9e pour exercer les activit\u00e9s suivantes :\n- transport de corps avant et apr\u00e8s mise en bi\u00e8re, \u00e9galement par sous-traitance,\n- organisation des obs\u00e8ques,\n- utilisation de chambre fun\u00e9raire,\n- soins de conservation en sous-traitance exclusivement, \n- fourniture des housses, des cercueils et de leurs accessoires int\u00e9rieurs et ext\u00e9rieurs ainsi que les\nurnes cin\u00e9raires,\n- fourniture des corbillards et des voitures de deuil,\n-  fourniture  du  personnel  et  des  objets  et  prestations  n\u00e9cessaires  aux  obs\u00e8ques,  inhumations,\nexhumations  et  cr\u00e9mations,  \u00e0  l'exception  des  plaques  fun\u00e9raires,  embl\u00e8mes  religieux,  fleurs,\ntravaux divers d'imprimerie et marbrerie fun\u00e9raire\nPr\u00e9fecture de la C\u00f4te-d'Or \n53 rue de la Pr\u00e9fecture - 21041 DIJON cedex\nt\u00e9l : 03 80 44 64 00 \nSite internet : http://www.cote-dor.gouv.fr\nPr\u00e9fecture de la C\u00f4te-d'Or - 21-2025-06-10-00001 - Arr\u00eat\u00e9 pr\u00e9fectoral  portant habilitation dans le domaine fun\u00e9raire des Pompes\nFun\u00e8bres MEURDRA \u00e0 DIJON 99\nArticle 2 : Le num\u00e9ro de l'habilitation est le 25-21-0011.\nArticle 3 : La pr\u00e9sente habilitation est accord\u00e9e pour une dur\u00e9e de 5 ans soit jusqu'au 10 juin 2030.\nArticle 4 : Pour b\u00e9n\u00e9ficier de la pr\u00e9sente habilitation jusqu'\u00e0 son terme, M. Jean-Patrice MEURDRA devra\nd\u00e9clarer tout changement dans les informations contenues dans la demande d'habilitation dans un d\u00e9lai de\ndeux mois notamment en ce qui concerne les attestations de conformit\u00e9 des v\u00e9hicules fun\u00e9raires.\nArticle 5 : La pr\u00e9sente habilitation pourra \u00eatre suspendue pour une dur\u00e9e maximum d'un an ou retir\u00e9e,\napr\u00e8s mise en demeure, par le repr\u00e9sentant de l'\u00c9tat dans le d\u00e9partement o\u00f9 les faits auront \u00e9t\u00e9 constat\u00e9s,\npour les motifs suivants :\n- non-respect des dispositions du pr\u00e9sent code auxquelles sont soumises les r\u00e9gies, entreprises ou\nassociations habilit\u00e9es conform\u00e9ment \u00e0 l'article L 2223-23,\n- non-exercice ou cessation d'exercice des activit\u00e9s au titre desquelles elle a \u00e9t\u00e9 d\u00e9livr\u00e9e,\n- atteinte \u00e0 l'ordre public ou danger pour la salubrit\u00e9 publique.\nArticle 6 : Dans un d\u00e9lai de deux mois \u00e0 compter de sa notification ou de la publication au recueil des\nactes administratifs de la pr\u00e9fecture, la pr\u00e9sente d\u00e9cision peut faire l'objet d'un recours  conform\u00e9ment aux\ndispositions de l'article R 421-1 et suivants du code de justice administrative :\n- le recours gracieux adress\u00e9 \u00e0 M. le Pr\u00e9fet du d\u00e9partement de la C\u00f4te d'Or  (53 rue de la Pr\u00e9fecture\n\u00e0  21041 DIJON CEDEX),\n- le recours hi\u00e9rarchique adress\u00e9 au ministre comp\u00e9tent dans le domaine consid\u00e9r\u00e9,\n- le recours contentieux en saisissant le Tribunal Administratif (22 rue d'Assas \u2013 21000 DIJON).\nArticle 7  :  Le secr\u00e9taire g\u00e9n\u00e9ral de la pr\u00e9fecture de la C\u00f4te d'Or est charg\u00e9 de l'ex\u00e9cution du pr\u00e9sent\narr\u00eat\u00e9 qui sera publi\u00e9 au recueil des actes administratifs de la Pr\u00e9fecture de la C\u00f4te d'Or dont copie sera\nremise \u00e0 :\n-  M.  Jean-Patrice  MEURDRA,  Pr\u00e9sident  de  la  soci\u00e9t\u00e9\u00ab\u00ab POMPES  FUNEBRES  MEURDRA \u00bb\nsitu\u00e9e 105/107 rue Jean-Jacques Rousseau \u00e0 DIJON, \n-  Mme la maire de DIJON,\n-  M. le G\u00e9n\u00e9ral commandant la R\u00e9gion de Gendarmerie et le Groupement de C\u00f4te d'Or,\n- M. le Directeur de l'Agence R\u00e9gionale de Sant\u00e9.\nLE PREFET\nPour le Pr\u00e9fet et par d\u00e9l\u00e9gation\nLe Secr\u00e9taire G\u00e9n\u00e9ral,\nsign\u00e9 : Denis BRUEL\nPr\u00e9fecture de la C\u00f4te-d'Or \n53 rue de la Pr\u00e9fecture - 21041 DIJON cedex\nt\u00e9l : 03 80 44 64 00 \nSite internet : http://www.cote-dor.gouv.fr\nPr\u00e9fecture de la C\u00f4te-d'Or - 21-2025-06-10-00001 - Arr\u00eat\u00e9 pr\u00e9fectoral  portant habilitation dans le domaine fun\u00e9raire des Pompes\nFun\u00e8bres MEURDRA \u00e0 DIJON 100\nPr\u00e9fecture de la C\u00f4te-d'Or\nDirection des s\u00e9curit\u00e9s\n21-2025-06-12-00006\nArr\u00eat\u00e9 N\u00b0415 portant prorogation de l'agr\u00e9ment\npour les formations aux premiers secours de\nl'Association D\u00e9partementale de Protection\nCivile de la C\u00f4te d'Or (ADPC 21)\nPr\u00e9fecture de la C\u00f4te-d'Or - 21-2025-06-12-00006 - Arr\u00eat\u00e9 N\u00b0415 portant prorogation de l'agr\u00e9ment pour les formations aux premiers\nsecours de l'Association D\u00e9partementale de Protection Civile de la C\u00f4te d'Or (ADPC 21) 101\nExPREFETDE LACOTE-D'ORLibert\u00e9Egalit\u00e9Fraternit\u00e9\nDirection des s\u00e9curit\u00e9s\n                  Dijon, le 13 juin 2025\nArr\u00eat\u00e9 N\u00b0415\nPortant prorogation de l'agr\u00e9ment pour les formations aux premiers secours de l'Association \nD\u00e9partementale de Protection Civile de la C\u00f4te d'Or (ADPC 21)\nLe pr\u00e9fet de la C\u00f4te-d'Or\nVU le code de la s\u00e9curit\u00e9 int\u00e9rieure, notamment ses articles L. 726-1 et L. 726-2 ;\nVU le d\u00e9cret n 2004-374 du 29 avril 2004 modifi\u00e9, relatif aux pouvoirs des pr\u00e9fets et \u00e0  \nl'organisation et \u00e0 l'action des services de l'\u00c9tat dans les r\u00e9gions et d\u00e9partements  ;\nVU le d\u00e9cret du 10 octobre 2024 portant nomination du pr\u00e9fet de la r\u00e9gion Bourgogne-\nFranche-Comt\u00e9, pr\u00e9fet de la C\u00f4te-d'Or \u2013 M. MOURIER (Paul) ;\nVU le d\u00e9cret n 2024-242 du 20 mars 2024 relatif aux formations aux premiers secours  ;\nVU l'arr\u00eat\u00e9 pr\u00e9fectoral du 4 juillet 2023 n\u00b0 1076 portant renouvellement de l'agr\u00e9ment pour  \nles formations aux premiers secours \u00e0 l'Association D\u00e9partementale de Protection Civile de  \nla C\u00f4te d'Or (ADPC 21) ;\nVU l'arr\u00eat\u00e9 pr\u00e9fectoral n\u00b0 324/SG du 21/02/2025 donnant d\u00e9l\u00e9gation de signature \u00e0 Mme  \nNathalie AUBERTIN, directrice des s\u00e9curit\u00e9s ;\nCONSID\u00c9RANT qu'en  application  de  l'article  3  du  d\u00e9cret  n\u00b02024-242  du  20  mars  2024 \nsusvis\u00e9,  l'union  d\u00e9partementale  des  sapeurs-pompiers  de  la  C\u00f4te-d'Or,  agr\u00e9\u00e9e  pour  les \nformations aux premiers secours n\u00e9cessite la prorogation de son agr\u00e9ment compte tenu des  \nmesures d'habilitation d\u00e9sormais administr\u00e9es par le ministre charg\u00e9 de la s\u00e9curit\u00e9 civile  ;\nSur proposition de la directrice de cabinet, \nPr\u00e9fecture de la C\u00f4te d'Or\n53 rue de la Pr\u00e9fecture 21041 DIJON CEDEX\n03.80.44.64.00 - pref-defense-protection-civile@cote-dor.gouv.fr \nPr\u00e9fecture de la C\u00f4te-d'Or - 21-2025-06-12-00006 - Arr\u00eat\u00e9 N\u00b0415 portant prorogation de l'agr\u00e9ment pour les formations aux premiers\nsecours de l'Association D\u00e9partementale de Protection Civile de la C\u00f4te d'Or (ADPC 21) 102\nARRETE\nArticle 1er :\nEn  application  de  l'article  3  du  d\u00e9cret  n\u00b02024-242  du  20  mars  2024,  l'agr\u00e9ment  de \nl'Association D\u00e9partementale de Protection Civile de la C\u00f4te d'Or (ADPC 21)  est prorog\u00e9  \njusqu'au 31 mars 2026 pour d\u00e9livrer les unit\u00e9s d'enseignement suivantes :\n\u2022 pr\u00e9vention et secours civiques de niveau 1 (PSC1),\n\u2022 premiers secours en \u00e9quipe 1 et 2 (PSE1 - PSE2),\n\u2022 p\u00e9dagogie appliqu\u00e9e \u00e0 l'emploi de formateur en pr\u00e9vention et secours civiques (PAE  \n- FPSC),\n\u2022 p\u00e9dagogie appliqu\u00e9e \u00e0 l'emploi de formateur aux premiers secours (PAE - FPS),\nArticle 2 :\nLa directrice de cabinet du pr\u00e9fet de la C\u00f4te-d'Or est charg\u00e9e de l'ex\u00e9cution du pr\u00e9sent  \narr\u00eat\u00e9, qui sera publi\u00e9 au recueil des actes administratifs de la pr\u00e9fecture.\nFait \u00e0 Dijon, le 13 juin 2025\nLe pr\u00e9fet,\nPour le Pr\u00e9fet et par d\u00e9l\u00e9gation,\nLa directrice des s\u00e9curit\u00e9s,\nORIGINAL SIGNE\nNathalie AUBERTIN\nPr\u00e9fecture de la C\u00f4te d'Or\n53 rue de la Pr\u00e9fecture 21041 DIJON CEDEX\n03.80.44.64.00 - pref-defense-protection-civile@cote-dor.gouv.fr \nPr\u00e9fecture de la C\u00f4te-d'Or - 21-2025-06-12-00006 - Arr\u00eat\u00e9 N\u00b0415 portant prorogation de l'agr\u00e9ment pour les formations aux premiers\nsecours de l'Association D\u00e9partementale de Protection Civile de la C\u00f4te d'Or (ADPC 21) 103\nPr\u00e9fecture de la C\u00f4te-d'Or\nDirection des s\u00e9curit\u00e9s\n21-2025-06-19-00003\nArr\u00eat\u00e9 pr\u00e9fectoral n\u00b0879\nportant interdiction temporaire de vente,\ncession et utilisation d'artifices de divertissement\net d'articles pyrotechniques sur le d\u00e9partement\nde la C\u00f4te-d'Or\nPr\u00e9fecture de la C\u00f4te-d'Or - 21-2025-06-19-00003 - Arr\u00eat\u00e9 pr\u00e9fectoral n\u00b0879\nportant interdiction temporaire de vente, cession et utilisation d'artifices de divertissement\net d'articles pyrotechniques sur le d\u00e9partement de la C\u00f4te-d'Or\n104\nPr\u00e9fecture de la C\u00f4te-d'Or - 21-2025-06-19-00003 - Arr\u00eat\u00e9 pr\u00e9fectoral n\u00b0879\nportant interdiction temporaire de vente, cession et utilisation d'artifices de divertissement\net d'articles pyrotechniques sur le d\u00e9partement de la C\u00f4te-d'Or\n105\nCONSID\u00c9RANT qu'il appartient \u00e0 l'autorit\u00e9 administrative d'appr\u00e9cier la n\u00e9cessit\u00e9 de prendre desmesures de pr\u00e9vention au vu des risques de troubles \u00e0 l'ordre public dont elle a connaissance et deveiller \u00e0 ce que ces mesures soient proportionn\u00e9es \u00e0 ces risques ; qu'en application de l'article L.2215-1du code g\u00e9n\u00e9ral des collectivit\u00e9s territoriales, le pr\u00e9fet est comp\u00e9tent pour prendre les mesuresadapt\u00e9es et proportionn\u00e9es n\u00e9cessaires ;CONSID\u00c9RANT que les forces de s\u00e9curit\u00e9 int\u00e9rieures sont fortement mobilis\u00e9es sur l'ensemble duterritoire dans le cadre du plan Vigipirate maintenu au niveau \u00ab Urgence attentat \u00bb ; que le niveau tr\u00e8s\u00e9lev\u00e9 de la menace terroriste qui continue de peser sur notre pays exige le maintien d'une extr\u00e9mevigilance sur la protection des rassemblements et sites o\u00f9 un public important est concentr\u00e9 ;CONSID\u00c9RANT la pratique dans le d\u00e9partement de la C\u00f4te-d'Or de l'usage \u00e0 vocation festive desartifices de divertissement \u00e0 l'occasion des festivit\u00e9s et c\u00e9l\u00e9brations nationales ;CONSID\u00c9RANT que l'usage \u00e0 vocation festive des artifices de divertissement \u00e0 l'occasion de festivit\u00e9sa pour cons\u00e9quence potentielle de g\u00e9n\u00e9rer des attroupements significatifs de personnes, que ceux-cir\u00e9sultent de l'int\u00e9r\u00eat pr\u00e9sent\u00e9 par certains badauds pr\u00e9sents sur la voie publique ou de la constitutionde ph\u00e9nom\u00e8nes de bandes;CONSID\u00c9RANT que les festivit\u00e9s organis\u00e9es \u00e0 l'occasion de la 43 \u00e9dition de la f\u00e9te de la musique sontsusceptibles de donner lieu \u00e0 des d\u00e9bordements et \u00e0 des d\u00e9gradations pouvant troubler l'ordre public,voire \u00e0 des violences ou \u00e0 des exactions pouvant porter atteinte \u00e0 la s\u00e9curit\u00e9 des personnes et desbiens ; qu'en cons\u00e9quence, si la totalit\u00e9 du territoire du d\u00e9partement est susceptible d'\u00eatre concern\u00e9epar des risques graves de troubles \u00e0 l'ordre public et que d\u00e8s lors, les mesures \u00e0 adopter ne peuvent\u00eatre limit\u00e9es \u00e0 un seul p\u00e9rim\u00e8tre, il reste constant et pertinent d'observer que la survenue de troubleslocaux dans les communes de la m\u00e9tropole de Dijon et la commune de Beaune est r\u00e9currente enpareilles circonstances, et que les pr\u00e9sentes mesures de limitations temporaires et d\u00e9limit\u00e9es s'entrouvent justifi\u00e9es ;CONSIDERANT qu''au cours des derniers mois, les quartiers sensibles de la m\u00e9tropole dijonnaiseconnaissent de nombreuses d\u00e9rives urbaines avec notamment des vell\u00e9it\u00e9s belliqueuses contre lesforces de l'ordre (jets de projectiles et tirs de mortiers) mais \u00e9galement des faits de violencesphysiques avec usage d'arme \u00e0 feu ; qu'au cours des derni\u00e8res semaines, les locaux de la gendarmerienationale situ\u00e9e \u00e0 Beaune ont \u00e9t\u00e9 la cible de tirs de mortiers d'artifice \u00e0 trois reprises ;CONSID\u00c9RANT qu'il r\u00e9sulte des circonstances locales particuli\u00e8res d\u00e9crites ci-dessus un risque \u00e9lev\u00e9de troubles graves \u00e0 l'ordre public dans les secteurs concern\u00e9s, que, dans ces circonstances lalimitation temporaire de l'achat, de la vente au d\u00e9tail, de l'utilisation, du port et du transport desartifices de divertissement afin de pr\u00e9venir leur usage d\u00e9tourn\u00e9 appara\u00eet le moyen le plus adapt\u00e9,n\u00e9cessaire et proportionn\u00e9 ;CONSID\u00c9RANT en outre que les artifices de divertissement des cat\u00e9gories F2, F3 et F4 ainsi que lesarticles pyrotechniques de cat\u00e9gorie P1 et P2, de par leur utilisation d\u00e9tourn\u00e9e, contribuent auxviolences urbaines en \u00e9tant utilis\u00e9s comme initiateurs d'objets incendiaires et de moyens depropagation des feux dans le cadre de l'incendie de mobiliers urbains ou de v\u00e9hicules et de batimentspublics;CONSID\u00c9RANT que l'afflux de personnes dans les services hospitaliers, bless\u00e9es par des articlespyrotechniques, dans le contexte de forte tension actuellement rencontr\u00e9 par les \u00e9tablissementshospitaliers concern\u00e9s est susceptible de grever l'acc\u00e8s aux soins des populations concern\u00e9es ;CONSIDERANT \u00e9galement que l'utilisation d'artifices de divertissement et d''articles pyrotechniquesde mani\u00e8re inappropri\u00e9e sur la voie publique est de nature \u00e0 cr\u00e9er des d\u00e9sordres et mouvements depanique; qu'elle est susceptible de provoquer des alertes inutiles des forces de l'ordre et de lesd\u00e9tourner ainsi de leurs missions de s\u00e9curit\u00e9; qu'elle est \u00e9galement susceptible, en couvrant lesd\u00e9tonations d'armes \u00e0 feu, de masquer une attaque r\u00e9elle, risquant ainsi d'accro\u00eetre le nombre devictimes;\n\u1d49\nPr\u00e9fecture de la C\u00f4te-d'Or - 21-2025-06-19-00003 - Arr\u00eat\u00e9 pr\u00e9fectoral n\u00b0879\nportant interdiction temporaire de vente, cession et utilisation d'artifices de divertissement\net d'articles pyrotechniques sur le d\u00e9partement de la C\u00f4te-d'Or\n106\nSUR proposition de madame la directrice de cabinet du pr\u00e9fet de la r\u00e9gion Bourgogne-Franche-Comt\u00e9,pr\u00e9fet de la C\u00f4te-d'Or ;\nARR\u00caTEArticle 1er : L'achat, la vente, la d\u00e9tention, le transport et l'utilisation d'artifices de divertissement decat\u00e9gories F2, F3 et F4 et d'articles pyrotechniques de cat\u00e9gorie P1 et P2 sont interdits duvendredi 20 juin 2025 \u00e0 20h00 et jusqu'au dimanche 22 juin 2025 \u00e0 minuit sur les communes desarrondissements de Beaune et de Dijon :- sur l'espace public ou en direction de I'espace public,- dans les lieux de grands rassemblements de personnes ainsi qu'a leurs abords imm\u00e9diats,- dans les immeubles d'habitation ou en direction de ces derniers.Article 2 : Par d\u00e9rogation aux dispositions de l'article Ter sont autoris\u00e9s l'achat, la vente, la d\u00e9tention,le transport et l'utilisation des artifices de divertissement des cat\u00e9gories F2, F3 et F4, ainsi que desarticles pyrotechniques des cat\u00e9gories P1 et P2, aux personnes pouvant justifier de leur utilisation dansle cadre d'un spectacle pyrotechnique tel que d\u00e9fini par l'article 2 du d\u00e9cret n\u00b02021-580 du31 mai 2010.De m\u00eame, pour les seuls artifices de divertissement des cat\u00e9gories F2 et F3, ainsi que pour les articlespyrotechniques des cat\u00e9gories P1 et P2 I'achat, la vente, la d\u00e9tention, le transport et l'utilisation sontautoris\u00e9es aux seules personnes pouvant justifier de leur utilisation dans le cadre d'un feu d'artificepr\u00e9alablement d\u00e9clar\u00e9 et autoris\u00e9 par le maire de la commune.Article 3 : Les infractions au pr\u00e9sent arr\u00eat\u00e9 seront r\u00e9prim\u00e9es dans les conditions pr\u00e9vues aux articlessusvis\u00e9s du code p\u00e9nal.Article 4 : Le pr\u00e9sent arr\u00e9t\u00e9 peut \u00eatre contest\u00e9 dans les deux mois suivants sa publication soit :- par recours gracieux adress\u00e9 a: Pr\u00e9fecture de la C\u00f4te-d'Or \u2014 Direction des S\u00e9curit\u00e9s \u2014- Bureaud\u00e9fense et s\u00e9curit\u00e9 \u2014 53 rue de la Pr\u00e9fecture \u201421041 Dijon Cedex- par recours hi\u00e9rarchique adress\u00e9 aupr\u00e8s du ministre de l'Int\u00e9rieur - Direction des entreprises etpartenariats de s\u00e9curit\u00e9 et des armes \u2014 Service central des armes et explosifs - Place Beauvau \u2014 75800Paris Cedex 08 ;- par recours contentieux d\u00e9pos\u00e9 devant le tribunal administratif de Dijon. Le tribunal administratifpeut \u00eatre saisi par l'application informatique \u00ab T\u00e9l\u00e9recours citoyens \u00bb accessible par le site internetwww.telerecours.fr.Article 5 : La directrice de cabinet du pr\u00e9fet de la r\u00e9gion Bourgogne-Franche-Comt\u00e9, pr\u00e9fet de la C\u00f4te-d'Or, le directeur interd\u00e9partemental de la police nationale de la C\u00f4te-d'Or, le g\u00e9n\u00e9ral commandant lar\u00e9gion de gendarmerie de Bourgogne-Franche-Comt\u00e9, commandant le groupement de gendarmeried\u00e9partementale de la C\u00f4te-d'Or et les maires des communes concern\u00e9es sont charg\u00e9s, chacun en cequi le concerne, de l'ex\u00e9cution du pr\u00e9sent arr\u00eat\u00e9 qui sera publi\u00e9 au recueil des actes administratifs dela pr\u00e9fecture de la C\u00f4te-d'Or, affich\u00e9 dans les mairies et dont copie sera adress\u00e9e au procureur de laR\u00e9publique pr\u00e8s le tribunal judiciaire de Dijon.\nFait \u00e0 Dijon, le 19 juin 2025\nLe pr\u00e9fet,original sign\u00e9Paul MOURIER\nPr\u00e9fecture de la C\u00f4te-d'Or - 21-2025-06-19-00003 - Arr\u00eat\u00e9 pr\u00e9fectoral n\u00b0879\nportant interdiction temporaire de vente, cession et utilisation d'artifices de divertissement\net d'articles pyrotechniques sur le d\u00e9partement de la C\u00f4te-d'Or\n107\nPr\u00e9fecture de la C\u00f4te-d'Or\nDirection des s\u00e9curit\u00e9s\n21-2025-06-19-00004\nArr\u00eat\u00e9 pr\u00e9fectoral n\u00b0882\nportant interdiction temporaire de distribution,\nd'achat et de vente \u00e0 emporter\nde carburant et combustibles sur le\nd\u00e9partement de la C\u00f4te-d'Or\nPr\u00e9fecture de la C\u00f4te-d'Or - 21-2025-06-19-00004 - Arr\u00eat\u00e9 pr\u00e9fectoral n\u00b0882\nportant interdiction temporaire de distribution, d'achat et de vente \u00e0 emporter\nde carburant et combustibles sur le d\u00e9partement de la C\u00f4te-d'Or\n108\n\u1d49\nPr\u00e9fecture de la C\u00f4te-d'Or - 21-2025-06-19-00004 - Arr\u00eat\u00e9 pr\u00e9fectoral n\u00b0882\nportant interdiction temporaire de distribution, d'achat et de vente \u00e0 emporter\nde carburant et combustibles sur le d\u00e9partement de la C\u00f4te-d'Or\n109\nArticle 2 : Les infractions au pr\u00e9sent arr\u00e9t\u00e9 seront constat\u00e9es et poursuivies, conform\u00e9ment aux lois etr\u00e9glement en vigueur.Article 3 : Le pr\u00e9sent arr\u00eat\u00e9 peut \u00eatre contest\u00e9 dans les deux mois suivants sa publication soit :- par recours gracieux adress\u00e9 a: Pr\u00e9fecture de la C\u00f4te-d'Or \u2014 Direction des S\u00e9curit\u00e9s \u2014- Bureaud\u00e9fense et s\u00e9curit\u00e9 \u2014 53 rue de la Pr\u00e9fecture \u2014-21041 Dijon Cedex- par recours hi\u00e9rarchique adress\u00e9 aupr\u00e9s du ministre de l'Int\u00e9rieur - Direction des entreprises etpartenariats de s\u00e9curit\u00e9 et des armes - Service central des armes et explosifs \u2014 Place Beauvau \u2014 75800Paris Cedex 08 ;- par recours contentieux d\u00e9pos\u00e9 devant le tribunal administratif de Dijon. Le tribunal administratifpeut \u00eatre saisi par l'application informatique \u00ab T\u00e9l\u00e9recours citoyens \u00bb accessible par le site internet\nArticle 4 : La directrice de cabinet du pr\u00e9fet de la r\u00e9gion Bourgogne-Franche-Comt\u00e9, pr\u00e9fet de la C\u00f4te-d'Or, le directeur interd\u00e9partemental de la police nationale de la C\u00f4te-d'Or, le g\u00e9n\u00e9ral commandant lar\u00e9gion de gendarmerie de Bourgogne-Franche-Comt\u00e9, commandant le groupement de gendarmeried\u00e9partementale de la C\u00f4te-d'Or et les maires des communes concern\u00e9s sont charg\u00e9s, chacun en ce quile concerne, de l'ex\u00e9cution du pr\u00e9sent arr\u00eat\u00e9 qui sera publi\u00e9 au recueil des actes administratifs de lapr\u00e9fecture de la C\u00f4te-d'Or, affich\u00e9 dans les mairies et dont copie sera adress\u00e9e au procureur de laR\u00e9publique pr\u00e8s le tribunal judiciaire de Dijon.\nFait \u00e0 Dijon, le 19 juin 2025\nLe pr\u00e9fet,original sign\u00e9Paul MOURIER\nwww.telerecours.fr\nPr\u00e9fecture de la C\u00f4te-d'Or - 21-2025-06-19-00004 - Arr\u00eat\u00e9 pr\u00e9fectoral n\u00b0882\nportant interdiction temporaire de distribution, d'achat et de vente \u00e0 emporter\nde carburant et combustibles sur le d\u00e9partement de la C\u00f4te-d'Or\n110\nPr\u00e9fecture de la C\u00f4te-d'Or\nDirection des s\u00e9curit\u00e9s\n21-2025-06-20-00002\nArr\u00eat\u00e9 pr\u00e9fectoral N\u00b0883 portant interdiction de\nrassemblements festifs \u00e0 caract\u00e8re musical et\ninterdiction de circulation\nde tout v\u00e9hicule transportant du mat\u00e9riel de son\n\u00e0 destination d'un rassemblement festif\n\u00e0 caract\u00e8re musical non autoris\u00e9\nPr\u00e9fecture de la C\u00f4te-d'Or - 21-2025-06-20-00002 - Arr\u00eat\u00e9 pr\u00e9fectoral N\u00b0883 portant interdiction de rassemblements festifs \u00e0\ncaract\u00e8re musical et interdiction de circulation\nde tout v\u00e9hicule transportant du mat\u00e9riel de son \u00e0 destination d'un rassemblement festif\n\u00e0 caract\u00e8re musical non autoris\u00e9\n111\nPr\u00e9fecture de la C\u00f4te-d'Or - 21-2025-06-20-00002 - Arr\u00eat\u00e9 pr\u00e9fectoral N\u00b0883 portant interdiction de rassemblements festifs \u00e0\ncaract\u00e8re musical et interdiction de circulation\nde tout v\u00e9hicule transportant du mat\u00e9riel de son \u00e0 destination d'un rassemblement festif\n\u00e0 caract\u00e8re musical non autoris\u00e9\n112\nCONSIDERANT que ce type de rassemblement regroupant un grand nombre de participants peutprovoquer des troubles \u00e0 l'ordre public qu'ils soient li\u00e9s \u00e0 l'augmentation du risque de conduite sousI'emprise d'alcool ou de stup\u00e9fiants ou encore \u00e0 la g\u00eane occasionn\u00e9e par le niveau sonoreextr\u00eamement \u00e9lev\u00e9 de la musique diffus\u00e9e ; que les moyens appropri\u00e9s en mati\u00e8re de lutte contreI'incendie et de secours aux personnes, ainsi qu'en mati\u00e8re de s\u00e9curit\u00e9 sanitaire et routi\u00e8re ne peuvent\u00eatre r\u00e9unis ;CONSID\u00c9RANT que dans ces circonstances, ces rassemblements sont de nature \u00e0 provoquer destroubles graves \u00e0 l'ordre public; que leur interdiction, qui est strictement n\u00e9cessaire et proportionn\u00e9eaux objectifs poursuivis, est seule de nature \u00e0 pr\u00e9venir efficacement ces troubles ;CONSIDERANT qu'en l'absence d'identification du lieu g\u00e9ographique susceptible d'accueillir lesrassemblements festifs \u00e0 caract\u00e8re musical envisag\u00e9s, et afin de donner un effet utile \u00e0 l'interdiction, ily a lieu d'interdire, sauf motif l\u00e9gitime, la circulation des v\u00e9hicules transportant du mat\u00e9riel desonorisation sur l'ensemble des r\u00e9seaux routiers du d\u00e9partement de la C\u00f4te-d'Or;SUR proposition de madame la directrice de cabinet du pr\u00e9fet de la r\u00e9gion Bourgogne-Franche-Comt\u00e9,pr\u00e9fet de la C\u00f4te-d'Or,\nARR\u00caTEArticle 1er: Les rassemblements festifs \u00e0 caract\u00e9re musical r\u00e9pondant \u00e0 l'ensemble descaract\u00e9ristiques \u00e9nonc\u00e9es \u00e0 l'article R. 211-2 du code de la s\u00e9curit\u00e9 int\u00e9rieure, autres que ceuxl\u00e9galement d\u00e9clar\u00e9s ou autoris\u00e9s, sont interdits sur l'ensemble du d\u00e9partement de la C\u00f4te-d'Or duvendredi 20 juin \u00e0 16h00 au lundi 23 juin 2025 \u00e0 08h00.Article 2: La circulation de tout v\u00e9hicule transportant du mat\u00e9riel de sonorisation (notamment\u00ab sound system \u00bb et amplificateurs) \u00e0 destination d'un rassemblement festif \u00e0 caract\u00e8re musical nonautoris\u00e9 est interdite sur I'ensemble des r\u00e9seaux routiers du d\u00e9partement de la C\u00f4te-d'Or duvendredi 20 juin \u00e0 16h00 au lundi 23 juin 2025 \u00e0 08h00.Article 3 : Toute infraction au pr\u00e9sent arr\u00e9t\u00e9 est passible des sanctions pr\u00e9vues par l'article R. 211-27du code de la s\u00e9curit\u00e9 int\u00e9rieure et peut donner lieu \u00e0 la saisie du mat\u00e9riel en vue de sa confiscationpar le tribunal.Article 4 : Le secr\u00e9taire g\u00e9n\u00e9ral de la pr\u00e9fecture de la C\u00f4te-d'Or, la directrice de cabinet du pr\u00e9fet dela r\u00e9gion Bourgogne-Franche-Comt\u00e9, pr\u00e9fet de la C\u00f4te-d'Or, le G\u00e9n\u00e9ral, commandant la r\u00e9gion degendarmerie de Bourgogne-Franche-Comt\u00e9, commandant le groupement de gendarmeried\u00e9partementale de la C\u00f4te-d'Or et le directeur interd\u00e9partemental de la police nationale de la C\u00f4te-d'Or sont charg\u00e9s, chacun en ce qui le concerne, de I'ex\u00e9cution du pr\u00e9sent arr\u00e9t\u00e9 qui sera publi\u00e9 aurecueil des actes administratifs de la pr\u00e9fecture, et adress\u00e9 pour copie \u00e0 monsieur le procureur de laR\u00e9publique pr\u00e8s le tribunal judiciaire de Dijon.\nFait \u00e0 Dijon, le 20 juin 2025Le pr\u00e9fet,Pour le pr\u00e9fet et par d\u00e9l\u00e9gation,La sous-pr\u00e9f\u00e8te, directrice de cabinet,original sign\u00e9Aur\u00e9lie CONTRECIVILE\nD\u00e9lais et voies de recours :Le pr\u00e9sent arr\u00eat\u00e9 peut faire l'objet, dans un d\u00e9lai de deux mois \u00e0 compter de sa publication :Soit d'un recours gracieux devant le pr\u00e9fet de la C\u00f4te-d'Or ou d'un recours hi\u00e9rarchique aupr\u00e8s du Ministre de l'int\u00e9rieur.Soit d'un recours contentieux devant le tribunal administratif de Dijon (22 Rue d'Assas, 21000 Dijon). La juridiction administrativecomp\u00e9tente peut \u00eatre saisie par l'application T\u00e9l\u00e9recours citoyens, accessible \u00e0 partir du site www.telerecours.fr.Dans le cas du rejet d'un recours gracieux ou hi\u00e9rarchique, le tribunal administratif peut \u00eatre saisi dans un d\u00e9lai de deux mois \u00e0 compterde la date de la d\u00e9cision de rejet.\n-\n-\nPr\u00e9fecture de la C\u00f4te-d'Or - 21-2025-06-20-00002 - Arr\u00eat\u00e9 pr\u00e9fectoral N\u00b0883 portant interdiction de rassemblements festifs \u00e0\ncaract\u00e8re musical et interdiction de circulation\nde tout v\u00e9hicule transportant du mat\u00e9riel de son \u00e0 destination d'un rassemblement festif\n\u00e0 caract\u00e8re musical non autoris\u00e9\n113\nPr\u00e9fecture de la C\u00f4te-d'Or\nSecr\u00e9tariat G\u00e9n\u00e9ral\n21-2025-06-13-00021\nArr\u00eat\u00e9 pr\u00e9fectoral n\u00b0864 portant extension de\ncapacit\u00e9 du centre d'accueil pour demandeurs\nd'asile (CADA) \"les Verriers\" g\u00e9r\u00e9 par ADOMA\nPr\u00e9fecture de la C\u00f4te-d'Or - 21-2025-06-13-00021 - Arr\u00eat\u00e9 pr\u00e9fectoral n\u00b0864 portant extension de capacit\u00e9 du centre d'accueil pour\ndemandeurs d'asile (CADA) \"les Verriers\" g\u00e9r\u00e9 par ADOMA 114\nPREFET Direction d\u00e9partementaleDE LA de l'emploi, du travail et des solidarit\u00e9sCOTE-D'ORLibert\u00e9Egalit\u00e9Fraternit\u00e9\nArr\u00eat\u00e9 pr\u00e9fectoral n\u00b0portant extension de capacit\u00e9du Centre d'accueil pour demandeurs d'asile (CADA) \u00ab Les Verriers \u00bbg\u00e9r\u00e9 par ADOMALe pr\u00e9fet de la C\u00f4te-d'Or,VU le Code de l'entr\u00e9e et du s\u00e9jour des \u00e9trangers et du droit d'asile (CESEDA);VU le Code de l'action sociale et des familles (CASF);VU la loi n\u00b0 2006-911 du 24 juillet 2006 relative \u00e0 I'immigration et \u00e0 l'int\u00e9gration;VU la loi n\u00b0 2009-879 du 21 juillet 2009 portant r\u00e9forme de l'h\u00f4pital et relative aux patients, \u00e0 la sant\u00e9et aux territoires;VU la loi n\u00b0 2015-925 du 29 juillet 2015 relative \u00e0 la r\u00e9forme du droit d'asile;VU la loi n\u00b0 2018-778 du 10 septembre 2018 pour une immigration maitris\u00e9e, un droit d'asile effectif etune int\u00e9gration r\u00e9ussie;VU la loi n\u00b0 2024-42 du 26 janvier 2024 pour contr\u00f4ler l'immigration, am\u00e9liorer l'int\u00e9gration;VU le d\u00e9cret n\u00b0 2015-1898 du 30 d\u00e9cembre 2015 relatif aux conventions conclues entre les centresd'accueil pour demandeurs d'asile et l'Etat et aux relations avec les usagers, modifiant le code del'action sociale et des familles;VU le d\u00e9cret du 10 octobre 2024 portant nomination du pr\u00e9fet de la r\u00e9gion Bourgogne-Franche-Comt\u00e9,pr\u00e9fet de la C\u00f4te-d'Or- M. MOURIER (Paul);VU l'arr\u00eat\u00e9 minist\u00e9riel NOR INTV1916144A du 19 juin 2019 relatif au cahier des charges des centresd'accueil pour demandeurs d'asile;VU l'arr\u00eat\u00e9 NOR CITC2212434A du 13 mai 2022 pris en application de l'article L. 551-1 du code del'entr\u00e9e et du s\u00e9jour des \u00e9trangers et du droit d'asile;VU l'arr\u00eat\u00e9 pr\u00e9fectoral du 13 d\u00e9cembre 2016 portant renouvellement d'autorisation du Centre d''accueilpour demandeurs d'asile (CADA) de Dijon \u00ab Les Verriers \u00bb g\u00e9r\u00e9 par ADOMA;\nDDETS - www.cote-dor.gouv.fr- P\u00f4le Travail et entreprises - P\u00f4le Solidarit\u00e9s- P\u00f4le Emploi et coh\u00e9sion territoriale Cit\u00e9 administrative Dampierre21 Boulevard Voltaire 6 rue Chancelier de l'HospitalBP 81110- 21000 DIJON BP 15381- 21053 DIJON Cedextel: 03 80 76 99 10 tel: 03 80 68 30 00\n \n  \n \n  \n \n \n  \n \n \n \n \n \n \n \n \n \n \n \n \n  \n  \nPr\u00e9fecture de la C\u00f4te-d'Or - 21-2025-06-13-00021 - Arr\u00eat\u00e9 pr\u00e9fectoral n\u00b0864 portant extension de capacit\u00e9 du centre d'accueil pour\ndemandeurs d'asile (CADA) \"les Verriers\" g\u00e9r\u00e9 par ADOMA 115\nPage 2 sur 2VU l'arr\u00eat\u00e9 pr\u00e9fectoral n\u00b0 1287 du 7 ao\u00fbt 2023 portant extension de capacit\u00e9 du Centre d'accueil pourdemandeurs d'asile (CADA) g\u00e9r\u00e9 par ADOMA;VU l'arr\u00e9t\u00e9 pr\u00e9fectoral n\u00b0 1824 / SG du 29 novembre 2024 donnant d\u00e9l\u00e9gation de signature \u00e0 MonsieurDenis BRUEL, secr\u00e9taire g\u00e9n\u00e9ral de la pr\u00e9fecture de la C\u00f4te-d'Or;VU |la note minist\u00e9rielle du 13 novembre 2024 relative \u00e0 un plan d'\u00e9conomie sur le parc d'h\u00e9bergementdes demandeurs d'asile et des r\u00e9fugi\u00e9s;SUR proposition de la directrice d\u00e9partementale de I'Emploi, du Travail et des Solidarit\u00e9s;ARR\u00caTEArticle 1L'autorisation pr\u00e9vue \u00e0 l'article L. 313-1 du code de |'action sociale et des familles est d\u00e9livr\u00e9e \u00e0 ADOMApour l'extension de 20 places du CADA ADOMA \u00ab LES VERRIERS \u00bb \u00e0 Dijon.Cette autorisation prend effet \u00e0 compter du 01/01/2025.La cr\u00e9ation des 20 places de CADA est r\u00e9alis\u00e9e par la transformation de 20 places d''HUDA sur le m\u00eamesite. Cette extension porte la capacit\u00e9 du \u00ab LES VERRIERS \u00bb - site des Verriers \u00e0 Dijon de 90 \u00e0 110 places.Article2Les nouvelles caract\u00e9ristiques de l'\u00e9tablissement seront r\u00e9pertori\u00e9es dans le fichier national des\u00e9tablissements sanitaires et sociaux (FINESS).Article 3Tout changement important dans l'activit\u00e9, l'installation, l'organisation, la direction ou efonctionnement de l'\u00e9tablissement par rapport aux caract\u00e9ristiques prises en consid\u00e9ration pour sonautorisation devra \u00eatre port\u00e9 a la connaissance du pr\u00e9fet de la C\u00f4te-d'Or.Article 4Le secr\u00e9taire g\u00e9n\u00e9ral de la pr\u00e9fecture et la directrice d\u00e9partementale de I'Emploi du Travail et desSolidarit\u00e9s sont en charge, chacun en ce qui le concerne, de l'ex\u00e9cution du pr\u00e9sent arr\u00eat\u00e9 qui serapubli\u00e9 au recueil des actes administratifs de la pr\u00e9fecture.Fait \u00e0 Dijon, le 13 juin 2025Pour le pr\u00e9fet et par d\u00e9l\u00e9gation,Le secr\u00e9taire g\u00e9n\u00e9ral,SIGN\u00c9Denis BRUEL\nVoies et d\u00e9lais de recours :La pr\u00e9sente d\u00e9cision peut \u00eatre contest\u00e9e dans un d\u00e9lai de deux mois \u00e0 compter de sa notification par voie :du recours gracieux aupr\u00e8s du signataire;du recours contentieux aupres du tribunal administratif de Dijon, 22 rue d'Assas. Le tribunal administratif peut \u00eatre saisid'un recours d\u00e9pos\u00e9 via l'application t\u00e9l\u00e9recours citoyens accessible par le site internet www.telerecours.fr.\nDDETS - www.cote-dor.gouv.fr- P\u00f4le Travail et entreprises - P\u00f4le Solidarit\u00e9s- P\u00f4le Emploi et coh\u00e9sion territoriale Cit\u00e9 administrative Dampierre21 boulevard Voltaire 6 rue Chancelier de l'HospitalBP 81110- 21000 DIJON BP 15381- 21053 DIJON Cedextel: 03 80 45 75 00 tel: 03 80 68 30 00\n \n \n \n  \n \n \n \n \n  \n \n \n  \n \n \n- \n  \n- \nPr\u00e9fecture de la C\u00f4te-d'Or - 21-2025-06-13-00021 - Arr\u00eat\u00e9 pr\u00e9fectoral n\u00b0864 portant extension de capacit\u00e9 du centre d'accueil pour\ndemandeurs d'asile (CADA) \"les Verriers\" g\u00e9r\u00e9 par ADOMA 116\nSDIS de C\u00f4te-d'Or\n21-2025-06-19-00001\n2025_Liste d'aptitude op\u00e9rationnelle dans le\ndomaine de la Pr\u00e9vention_modificatif 1\nSDIS de C\u00f4te-d'Or - 21-2025-06-19-00001 - 2025_Liste d'aptitude op\u00e9rationnelle dans le domaine de la Pr\u00e9vention_modificatif 1 117\nPREFET5 SISCOTE-D'OR SZLibert\u00e9Egalite' 22 D Boulevard Winston ChurchillFraternit\u00e9 CS 16209 - 21 062 DIJON Cedex\nAffaire suivie par : groupement conseil aux autorit\u00e9sSDIS 21T\u00e9l : 03 80 11 26 50M\u00e9l : gca@sdis21.orgArr\u00eat\u00e9Portant sur la liste d'aptitude op\u00e9rationnelledans le domaine de la pr\u00e9ventionAnn\u00e9e 2025_M1Le pr\u00e9fet de la C\u00f4te-d'OrVu le code g\u00e9n\u00e9ral des collectivit\u00e9s territoriales et particuli\u00e8rement l'article R 1424-52 ;Vu l'arr\u00eat\u00e9 du 22 ao\u00fbt 2019 relatif aux formations des sapeurs-pompiers professionnels et volontaires ;Vu l'arr\u00eat\u00e9 du 15 juillet 2022 relatif \u00e0 la d\u00e9signation et aux missions des r\u00e9f\u00e9rents de sp\u00e9cialit\u00e9s mentionn\u00e9s \u00e0 l'articleR. 722-1 du code de la s\u00e9curit\u00e9 int\u00e9rieure ;Vu le guide national de r\u00e9f\u00e9rence relatif \u00e0 la pr\u00e9vention ;Vu le r\u00e8glement op\u00e9rationnel du service d\u00e9partemental d'incendie et de secours de la C\u00f4te-d'Or en date du 06 octobre2021Vu la participation des agents d\u00e9sign\u00e9s aux activit\u00e9s de formation de maintien et de perfectionnement des acquis ;Vu le nombre de responsable d\u00e9partemental (1), de pr\u00e9ventionnistes (7), de pr\u00e9visionnistes (3) ;Sur proposition de monsieur le directeur d\u00e9partemental des services d'incendie et de secours ;ARR\u00caTEArticle 1 : La liste annuelle d\u00e9partementale, modifi\u00e9e, d'aptitude op\u00e9rationnelle des sapeurs-pompiers dansle domaine de la pr\u00e9vention du d\u00e9partement de la C\u00f4te-d'Or s'\u00e9tablit comme suit :\nNom Pr\u00e9nom Emploi op\u00e9rationnel | Emploi compl\u00e9mentaire va.e au (!equalificationREGAZZONI Micka\u00ebl * Responsable Investigateur RCCI PRV 3/RCCIdepartementalLEHNHOF Jessica Pr\u00e9ventionniste PRV 2\nROUCHE St\u00e9phane Pr\u00e9ventionniste PRV 2DUVERNOIS Arnaud Investigateur RCCI PRV 2/ RCCIBLANDIN Pascal Pr\u00e9ventionniste Investigateur RCCI PRV 2/ RCCIDECHAUME Sylvain Pr\u00e9ventionniste Investigateur RCCI | PRV 2/ RCCIKRAWCZYK Nicolas lnvestugateur RCCI PRV3/RCCI |\nSRE UP S OEOEN T O ETE ETE\n111 \nPR\u00c9FET \nDE LA \nC\u00d4TE-D'OR \nLibert\u00e9 \n\u00c9galit\u00e9 \nFraternit\u00e9 \n \n \nes' \n22 D Boulevard Winston Churchill \nCS 16209 - 21 062 DIJON Cedex \nSDIS de la C\u00f4te-d'Or \nAffaire suivie par : groupement conseil aux autorit\u00e9s \nSDIS 21 \nT\u00e9l : 03 80 11 26 50 \nM\u00e9l : gca@sdis21.org  \nArr\u00eat\u00e9 \nPortant sur la liste d'aptitude op\u00e9rationnelle \ndans le domaine de la pr\u00e9vention \nAnn\u00e9e 2025_M1 \nLe pr\u00e9fet de la C\u00f4te-d'Or \nVu le code g\u00e9n\u00e9ral des collectivit\u00e9s territoriales et particuli\u00e8rement l'article R 1424-52 ; \nVu l'arr\u00eat\u00e9 du 22 ao\u00fbt 2019 relatif aux formations des sapeurs-pompiers professionnels et volontaires ; \nVu l'arr\u00eat\u00e9 du 15 juillet 2022 relatif \u00e0 la d\u00e9signation et aux missions des r\u00e9f\u00e9rents de sp\u00e9cialit\u00e9s mentionn\u00e9s \u00e0 l'article \nR. 722-1 du code de la s\u00e9curit\u00e9 int\u00e9rieure ; \nVu le guide national de r\u00e9f\u00e9rence relatif \u00e0 la pr\u00e9vention ; \nVu le r\u00e8glement op\u00e9rationnel du service d\u00e9partemental d'incendie et de secours de la C\u00f4te-d'Or en date du 06 octobre \n2021 \nVu la participation des agents d\u00e9sign\u00e9s aux activit\u00e9s de formation de maintien et de perfectionnement des acquis ; \nVu le nombre de responsable d\u00e9partemental (1), de pr\u00e9ventionnistes (7), de pr\u00e9visionnistes (3) ; \nSur proposition de monsieur le directeur d\u00e9partemental des services d'incendie et de secours ; \nARR\u00caTE \nArticle 1 : La liste annuelle d\u00e9partementale, modifi\u00e9e, d'aptitude op\u00e9rationnelle des sapeurs-pompiers dans \nle domaine de la pr\u00e9vention du d\u00e9partement de la C\u00f4te-d'Or s'\u00e9tablit comme suit : \nNom Pr\u00e9nom Emploi op\u00e9rationnel Emploi compl\u00e9mentaire Niveau de \nqualification \nREGAZZONI Micka\u00e9l * Responsable \nd\u00e9partemental Investigateur RCCI PRV 3 / RCCI \nLEHNHOF Jessica Pr\u00e9ventionniste PRV 2 \nROUCHE St\u00e9phane \t Pr\u00e9ventionniste PRV 2 \nDUVERNOIS Arnaud Investigateur RCCI PRV 2 / RCCI \nBLANDIN Pascal Pr\u00e9ventionniste \t Investigateur RCCI PRV 2 / RCCI \nDECHAUME Sylvain Pr\u00e9ventionniste \t Investigateur RCCI PRV 2 / RCCI \nKRAWCZYK Nicolas \t Investigateur RCCI PRV 3 / RCCI \nSDIS de C\u00f4te-d'Or - 21-2025-06-19-00001 - 2025_Liste d'aptitude op\u00e9rationnelle dans le domaine de la Pr\u00e9vention_modificatif 1 118\nNom Pr\u00e9nomEmploi op\u00e9rationnelEmploi compl\u00e9mentaireNiveau de\n* R\u00e9f\u00e9rent de sp\u00e9cialit\u00e9 \u00ab pr\u00e9vention \u00bb\nqualificationDORMENIL Patrice Pr\u00e9ventionniste PRV 2RICHARD Didier Pr\u00e9ventionniste Investigateur RCCI PRV 2 / RCCIDENYS H\u00e9l\u00e8ne Pr\u00e9visionniste Pr\u00e9ventionniste PRV 2MANSOTTE Jean-Marc Pr\u00e9visionniste Pr\u00e9ventionniste PRV 2VADOT Thierry Pr\u00e9ventionniste PRV 2SAMORI Laurent Pr\u00e9visionniste Agent de Pr\u00e9vention PRV 1\nArticle 2 : La sous-pr\u00e9f\u00e8te, directrice de cabinet, et le directeur d\u00e9partemental des services d'incendie et desecours sont charg\u00e9s, chacun en ce qui le concerne, de I'ex\u00e9cution du pr\u00e9sent arr\u00e9t\u00e9 qui sera publi\u00e9 aurecueil des actes administratifs de la pr\u00e9fecture de la C\u00f4te-d'Or.\nDijon, le\nLe pr\u00e9fet,\n4 9 JUIN 2025\nPour le Pr\u00e9f\u00e8t et par d\u00e9l\u00e9gation,la Sous-Pr\u00e9f\u00e8te ,\nnet \nAur\u00e9lie CONTRECIVILE \nNom Pr\u00e9nom Emploi op\u00e9rationnel \nPr\u00e9ventionniste \nEmploi compl\u00e9mentaire Niveau de \nqualification \nDORMENIL Patrice PRV 2 \nRICHARD Didier Pr\u00e9ventionniste Investigateur RCCI PRV 2 / RCCI \nDENYS H\u00e9l\u00e8ne Pr\u00e9visionniste Pr\u00e9ventionniste PRV 2 \nMANSOTTE Jean-Marc Pr\u00e9visionniste Pr\u00e9ventionniste PRV 2 \nVADOT Thierry Pr\u00e9ventionniste PRV 2 \nSAMORI Laurent Pr\u00e9visionniste Agent de Pr\u00e9vention PRV 1 \n* R\u00e9f\u00e9rent de sp\u00e9cialit\u00e9 \u00ab pr\u00e9vention \u00bb \nArticle 2 : La sous-pr\u00e9f\u00e8te, directrice de cabinet, et le directeur d\u00e9partemental des services d'incendie et de \nsecours sont charg\u00e9s, chacun en ce qui le concerne, de l'ex\u00e9cution du pr\u00e9sent arr\u00eat\u00e9 qui sera publi\u00e9 au \nrecueil des actes administratifs de la pr\u00e9fecture de la C\u00f4te-d'Or. \nDijon, le \t 1 9 Alti 2025 \nLe pr\u00e9fet, \nPour le Pr\u00e9f\u00e9t et par d\u00e9l\u00e9gation, \nla Sous-Pr\u00e9f\u00e8te , \nSDIS de C\u00f4te-d'Or - 21-2025-06-19-00001 - 2025_Liste d'aptitude op\u00e9rationnelle dans le domaine de la Pr\u00e9vention_modificatif 1 119\nSDIS de C\u00f4te-d'Or\n21-2025-06-01-00005\nListe d'Aptitude Op\u00e9rationnelle 2025 Feu De\nFor\u00eat_modifi\u00e9e_ M1 juin\nSDIS de C\u00f4te-d'Or - 21-2025-06-01-00005 - Liste d'Aptitude Op\u00e9rationnelle 2025 Feu De For\u00eat_modifi\u00e9e_ M1 juin 120\nE.PR\u00c9FETDE LA = Ty OCOTE-D'OR SISLibert\u00e9\u00c9galite' 22 D Boulevard Winston ChurchillFraternit\u00e9 CS 16209 - 21 062 DIJON CedexSDIS de la C\u00f4te-d'OrAffaire suivie par : sous-direction optimisation du potentiel op\u00e9rationnelSDIS 21 / service \u00e9quipes sp\u00e9cialis\u00e9esT\u00e9l : 03 80 11 27 87M\u00e9l : formation@sdis21.orgArr\u00eat\u00e9Portant sur la liste d'aptitude op\u00e9rationnelleUnit\u00e9 de lutte contre les feux de for\u00eatsAnn\u00e9e 2025 \u2014 modificatif n\u00b0 1Le pr\u00e9fet de la C\u00f4te-d'OrVu le code g\u00e9n\u00e9ral des collectivit\u00e9s territoriales et particuli\u00e8rement l'article R 1424-54 ;Vu le code de la s\u00e9curit\u00e9 int\u00e9rieure et particuli\u00e8rement l'article L 112-2 ;Vu l'arr\u00e9t\u00e9 du 6 mai 2000 modifi\u00e9 fixant les conditions d'aptitudes m\u00e9dicales des sapeurs-pompiers professionnels etvolontaires ;Vu l'arr\u00eat\u00e9 du 22 ao\u00fbt 2019 relatif aux formations des sapeurs-pompiers professionnels et volontaires ;Vu l'arr\u00eat\u00e9 du 15 juillet 2022 relatif \u00e0 la d\u00e9signation et aux missions des r\u00e9f\u00e9rents de sp\u00e9cialit\u00e9s mentionn\u00e9s \u00e0 l'articleR. 722-1 du code de la s\u00e9curit\u00e9 int\u00e9rieure ;Vu l'arr\u00eat\u00e9 pr\u00e9fectoral du 18 septembre 2020 fixant la liste des unit\u00e9s op\u00e9rationnelles ;Vu le r\u00e8glement op\u00e9rationnel du service d\u00e9partemental d'incendie et de secours de la C\u00e9te-d'Or en date du 06 octobre2021 ;Vu le SDACR approuv\u00e9 par arr\u00eat\u00e9 pr\u00e9fectoral n\u00b0 1808 du 22 d\u00e9cembre 2023 ;Vu le guide national de r\u00e9f\u00e9rences\u00ab feux de for\u00eats \u00bb d'ao\u00fbt 1999 modifi\u00e9 ;Vu le guide de doctrine op\u00e9rationnelle et le guide de techniques op\u00e9rationnelles\u00ab feux de for\u00eats et d'espaces naturels \u00bbde f\u00e9vrier 2021 ;Vu la participation des agents d\u00e9sign\u00e9s aux activit\u00e9s de formation de maintien et de perfectionnement des acquis ;Vu le nombre de chef de site (2), chefs de colonne (9), de chefs de groupe (21), de chefs d'agr\u00e8s (192), de \u00e9quipiers(375) ;Sur proposition de monsieur le directeur d\u00e9partemental des services d'incendie et de secours ;ARR\u00caTEArticle 1 : La liste annuelle d\u00e9partementale d'aptitude op\u00e9rationnelle des sapeurs-pompiers de I'unit\u00e9 \u00ab luttecontre les feux de for\u00eats \u00bb du d\u00e9partement de la C\u00f4te-d'Or s'\u00e9tablit comme suit :\n! Nom Pr\u00e9nom Emploi et activit\u00e9 compl\u00e9mentaire Formation !LEPOUTERE Bertrand Chef de site FDF FDF 5| THEUREL J\u00e9r\u00f4me* e L el T HEE FDF 5, DIS FDF, AER 2 & AER 3| ANDREUCCETTI Philippe T Chef de colonne FDF _ | FDF 4BIDAU Cyril . . & Chef de colonne FDF CFDF4 1BOLTZ Bruno \u00fc Chef de colonne FDF C00 FDF4BOUFENICHE Khamel \" Chef de colonne FDF \u2014\u2014 FDF 4DOMBEK Christophe Chef de colonne FDF & cadre a\u00e9ro embarqu\u00e9 _ FDF 4 & AER 3-\u00c2I\\JI\u00c0I;C Jean-Louis e ] Chef de colonne FDF L | FDF 4PARDON Christophe Chef de colonne FDF | FDF 4REGAZZONI Micka\u00ebl Chef de colonne FDF FDF 4\nSDIS de C\u00f4te-d'Or - 21-2025-06-01-00005 - Liste d'Aptitude Op\u00e9rationnelle 2025 Feu De For\u00eat_modifi\u00e9e_ M1 juin 121\n' Nom Pr\u00e9nomChef de colonne FDF & cadre a\u00e9ro\nChef d'agr\u00e8s FDF\nROY Olivier embarqu\u00e9 FDF 4 & AER 3BLANDIN Pascal Chef de groupe FDF FDF 3BOUCHE Luca Chef de groupe FDF FDF 3BREUIL Christophe Chef de groupe FDF & cadre DIS FDF 3 & DIS FDFCRETE Laurent Chef de groupe FDF FDF 3DECHAUME Sylvain Chef de groupe FDF FDF 3 & investigateur RCCI FDFDESCHAMPS Olivier Chef de groupe FDF FDF 3DUPONT Luc Chef de groupe FDF FDF 3DUVERNOIS Arnaud Chef de groupe FDF FDF 3EM Fr\u00e9d\u00e9ric Chef de groupe FDF FDF 3GARMATUK Cyril Chef de groupe FDF FDF 3GENELOT Eric Chef de groupe FDF FDF 3JEANNIN S\u00e9bastien Chef de groupe FDF FDF 3PAGEOT Anthony Chef de groupe FDF FDF 3PERU Christophe Chef de groupe FDF FDF 3RENAUD Sandrine Chef de groupe FDF FDF 3ROUCHE St\u00e9phane Chef de groupe FDF FDF 3SAUSSERET Jean-Michel Chef de groupe FDF FDF 3SENOT Alexandre Chef de groupe FDF FDF 3VANDENSKRICK Julien Chef de groupe FDF FDF 3VERREY Cyril Chef de groupe FDF & cadre DIS FDF 3 & DIS FDFVILBOUX Romain Chef de groupe FDF FDF 3ALIBERT Brice Chef d'agr\u00e8s FDF FDF 2ANGEL Nicolas Chef d'agr\u00e8s FDF & commando DIS FDF 2 & DIS FDFANTOINE Aymeric Chef d'agr\u00e8s FDF & commando DIS FDF 2 & DIS FDFANTOINE Luc Chef d'agr\u00e8s FDF FDF 2AUVERT Romain Chef d'agr\u00e8s FDF FDF 2BALLAIS Sylvain Chef d'agr\u00e8s FDF FDF 2BARDET Mathieu Chef d'agr\u00e8s FDF FDF 2BARGEOT Cyril Chef d'agr\u00e8s FDF FDF 2BAUDEGARD Marc Chef d'agr\u00e8s FDF FDF 2BAUDRAND Julien Chef d'agr\u00e8s FDF FDF 2BAUDROT Aur\u00e9lien Chef d'agr\u00e8s FDF FDF 2BAZIN Marc Chef d'agr\u00e8s FDF FDF 2BERNARD Philippe Chef d'agr\u00e8s FDF FDF 2BERNIER Julien Chef d'agr\u00e8s FDF FDF 2BIARD Herv\u00e9 Chef d'agr\u00e8s FDF FDF 2BILLOIR Martial Chef d'agr\u00e8s FDF FDF 2BLANDIN Jean-Fran\u00e7ois Chef d'agr\u00e8s FDF FDF 2BOLE Xavier Chef d'agr\u00e9s FDF FDF 2BONNET St\u00e9phane Chef d'agr\u00e8s FDF FDF 2BORDET Olivier Chef d'agr\u00e8s FDF FDF 2BOS Fr\u00e9d\u00e9ric Chef d'agr\u00e8s FDF FDF 2BOUCHE Guillaume Chef d'agr\u00e8s FDF FDF 2BOUILLOT Olivier Chef d'agr\u00e8s FDF FDF 2 |BOUTIER Fabien ! - Chef d'agr\u00e8s FDF FDF 2 f' BOUTIER Florent | Chef d'agr\u00e8s FDF FDF 2BOUVIER St\u00e9phane | Chefd'agr\u00e8s FOF C FDF2BREGAND Matthieu S Chef d'agr\u00e8s FDF ; FDF2 SBROSSEAU Fabrice 1 ' C FDF2\nSDIS de C\u00f4te-d'Or - 21-2025-06-01-00005 - Liste d'Aptitude Op\u00e9rationnelle 2025 Feu De For\u00eat_modifi\u00e9e_ M1 juin 122\nNom Pr\u00e9nomEmploi et activit\u00e9 compl\u00e9menfair_eFormationBRULEY Jean-No\u00e9l Chef d'agres FDF FDF 2BUSI! Wiifried Chef d'agr\u00e8s FDF FDF 2CAMUS David Chef d'agr\u00e8s FDF FDF 2CAO-THANH Emmanuel Chef d'agr\u00e8s FDF FDF 2; CENDRIER Nicolas Chef d'agr\u00e9s FDF & commando DiS FDF 2 & DIS FDFCHANUT Lilian Chef d'agr\u00e9s FDF FDF 2CHAPLOT Elodie Chef d'agr\u00e8s FDF FDF 2CHAPOVALOFF Alexis Chef d'agr\u00e8s FDF FDF 2CHIAQUI Mehdi Chef d'agr\u00e9s FDF FDF 2CHIONO J\u00e9r\u00f4me Chef d'agr\u00e8s FDF FDF 2CHIPEAUX C\u00e9dric Chef d'agr\u00e8s FDF FDF 2CHOFFLET Arnaud Chef d'agr\u00e8s FDF FDF 2CHRETIEN Pierre Chef d'agr\u00e8s FDF FDF 2COLOMBO Jean-Christophe Chef d'agr\u00e9s FDF FDF 2CONTET Cyrill Chef d'agr\u00e8s FDF FDF 2CONVERT Cyril Chef d'agr\u00e8s FDF FDF 2COQUIO Ga\u00eblle Chef d'agr\u00e8s FDF FDF 2COSTER K\u00e9vin Chef d'agr\u00e8s FDF FDF 2COUSIN Lo\u00efc Chef d'agr\u00e8s FDF FDF 2CROCHARD Vincent Chef d'agr\u00e8s FDF FDF 2DA ROCHA Florent Chef d'agr\u00e9s FDF FDF 2DABRAINVILLE Geoffroy Chef d'agr\u00e8s FDF i FDF 2DAMIENS Jean-BaptisteChef d'agr\u00e8s FDF & commando DIS FDF 2 & DIS FDFDESCLOIX Sylvain Chef d'agr\u00e8s FDF & cadre DIS FDF 2 & DIS FDFDESSENDRE Romain Chef d'agr\u00e8s FDF FDF 2DESSEREY Gilles Chef d'agr\u00e8s FDF FDF 2| DEVAUX Antoine Chef d'agr\u00e9s FDF & commando DIS FDF 2 & DIS FDFi DEVAUX Jean-Christophe Chef d'agres FDF FDF 2DEVILLIERS J\u00e9r\u00e9my Chef d'agr\u00e8s FDF FDF 2DREZET David Chef d'agr\u00e8s FDF FDF 2DUBOIS Alexis Chef d'agr\u00e8s FDF FDF 2DUC Matthieu Chef d'agr\u00e8s FDF FDF 2| DUPIN Bruno Chef d'agr\u00e8s FDF FDF 2DUPREY Arnaud Chef d'agr\u00e8s FDF ' FDF 2DURAND Nicolas Chef d'agr\u00e8s FDF FDF 2| DUTHU J\u00e9r\u00e9my Chef d'agr\u00e8s FDF FDF 2_ DUTHU Patrice Chef d'agr\u00e9s FDF FDF 2; DUTHU Thomas Chef d'agr\u00e8s FDF FDF 2FANJOUX C\u00e9dric Chef d'agr\u00e8s FDF & commando DIS FDF 2 & DIS FDFFARGE David Chef d'agres FDF FDF 2FAVRE Philippe Chef d'agr\u00e8s FDF FDF 2; FERNANDEZ Manuel Chef d'agr\u00e8s FDF FDF 2FOUTELET Jo\u00ebl Chef d'agr\u00e8s FDF FDF 2i FURDERER Johann Chef d'agr\u00e8s FDF FDF 2: GABORIEAU Laurent Chef d'agr\u00e8s FDF FDF 2GARNIER Nicolas Chef d'agr\u00e8s FDF FDF 2GELIN Gr\u00e9gory Chef d'agr\u00e8s FDF FDF 2GENETIER Bruno Chef d'agr\u00e9s FDF ; FDF 2l GENTILHOMME Damien Chef d'agr\u00e8s FDF FDF 2\" GEOFFROY Antoine Chef d'agr\u00e8s FDF FDF 2Chef d'agr\u00e9s FDF FDF 2GERMAIN Arnaud\nSDIS de C\u00f4te-d'Or - 21-2025-06-01-00005 - Liste d'Aptitude Op\u00e9rationnelle 2025 Feu De For\u00eat_modifi\u00e9e_ M1 juin 123\n| Nom Pr\u00e9nom - Emploi et activit\u00e9 compl\u00e9mentaire \\ FormationGEST Sylvain Chef d'agr\u00e8s FDF FDF 2GONET Ludovic Chef d'agr\u00e8s FDF FDF 2GOUX Fr\u00e9d\u00e9ric Chef d'agr\u00e8s FDF FDF 2GREBILLE Jean Chef d'agr\u00e8s FDF FDF 2GUALDI Fabrice Chef d'agr\u00e8s FDF FDF 2GUERARD S\u00e9bastien Chef d'agr\u00e8s FDF FDF 2GUERIN Maxime Chef d'agr\u00e8s FDF FDF 2GUTKNECHT Jean-Denis Chef d'agr\u00e8s FDF FDF 2HEDIEUX Patrick Chef d'agr\u00e8s FDF FDF 2HENNIENE Mohamed Chef d'agr\u00e8s FDF FDF 2HOBENICHE Anthony Chef d'agr\u00e9s FDF FDF 2ISAAC Christophe Chef d'agr\u00e9s FDF FDF 2ISTRIA Anthony Chef d'agr\u00e9s FDF FDF 2JACQUES Pascal Chef d'agr\u00e8s FDF FDF 2JALLAT G\u00e9rard Chef d'agr\u00e8s FDF FDF 2JEANNE Emmanuel Chef d'agr\u00e8s FDF FDF 2JOUFFROY Herv\u00e9 Chef d'agr\u00e8s FDF FDF 2JUPILLE Thomas Chef d'agr\u00e8s FDF FDF 2KARROUM Hakim Chef d'agr\u00e8s FDF FDF 2KRAWCZYK Nicolas Chef d'agr\u00e8s FDF FDF 2KURKLINSKI Quentin ! Chef d'agr\u00e8s FDF & commando DIS FDF 2 & DIS FDFLAGNIER Laurent Chef d'agr\u00e8s FDF FDF 2LALLEMAND Mathieu Chef d'agr\u00e8s FDF FDF 2LAMBERT Jean-Robert Chef d'agr\u00e9s FDF FDF 2LAUPRETRE Mathieu Chef d'agr\u00e8s FDF FDF2LAVERDAN Jean-Paul Chef d'agr\u00e8s FDF FDF 2LE CARO C\u00e9dric Chef d'agr\u00e8s FDF & commando DIS FDF 2 & DIS FDFLE GOFF Quentin Chef d'agr\u00e8s FDF FDF 2LEBLOND Andy Chef d'agr\u00e9s FDF FDF 2LEDOUX Alexis Chef d'agres FDF FDF 2LEFOL Geoffroy Chef d'agr\u00e8s FDF ' FDF2LEFRANC Nicolas Chef d'agr\u00e8s FDF FDF 2LEGRAND S\u00e9bastien Chef d'agr\u00e8s FDF FDF 2LERAT Alexandre Chef d'agr\u00e9s FDF FDF 2LIORET Christophe Chef d'agres FDF FDF2| LOPES David Chef d'agr\u00e8s FDF FDF 2: LOUIS Thierry Chef d'agr\u00e8s FDF [ FDF 2. MAIRE Johann Chef d'agr\u00e8s FDF | FDF 2MANSOTTE Jean-Marc Chef d'agres FDF FDF 2MARCEAU Xavier ) Chef d'agr\u00e8s FDF FDF 2MARCOS Alex Chef d'agr\u00e8s FDF FDF 2MARDAOUI Mouhssine Chef d'agr\u00e8s FDF FDF 2MARTY Yoann Chef d'agr\u00e8s FDF FDF 2MASSENOT Florian Chef d'agr\u00e8s FDF L FDF 2! MAUR Christophe Chef d'agr\u00e9s FDF FDF 2MAUROY Anthony ) Chef d'agr\u00e9s FDF | C FDF2. MEHAULT Ga\u00ebtan | Chef d'agr\u00e8s FDF 1  FDF2 \u2014| MELOT Christophe | Chef d'agr\u00e8s FDF ' \" FDF2| MENAGE Christophe Chef d'agr\u00e8s FDF C FDF2 -' MENELOT Patrick B N Chef d'agr\u00e9s FDF u FDF 2' MESPOULHES Yann LS Chefd'agr\u00e8sFDF Q FDF2\nSDIS de C\u00f4te-d'Or - 21-2025-06-01-00005 - Liste d'Aptitude Op\u00e9rationnelle 2025 Feu De For\u00eat_modifi\u00e9e_ M1 juin 124\nN_om Pr\u00e9nomEmploi et activit\u00e9 coinpl\u00e9mentaireFormation |FDF 2\nSAMORI Laurent\nMIGNON Claude Chef d'agr\u00e8s FDFMIGNOT Emmanuel Chef d'agr\u00e8s FDF FDF 2MONTCHARMONT Thomas Chef d'agr\u00e8s FDF FDF 2MOREAU Franck Chef d'agr\u00e8s FDF FDF 2MORELOT Eric Chef d'agr\u00e8s FDF FDF 2MORINEAU Damien Chef d'agr\u00e8s FDF FDF 2MOTUS Julien Chef d'agr\u00e8s FDF FDF 2NAUDET Etienne Chef d'agr\u00e8s FDF FDF 2NESME K\u00e9vin Chef d'agr\u00e8s FDF FDF 2NICOLAS Michel Chef d'agr\u00e8s FDF FDF 2NOUR Yassine Chef d'agr\u00e8s FDF FDF 2PALIOT Thierry Chef d'agr\u00e8s FDF FDF 2PARANT Fr\u00e9d\u00e9ric Chef d'agr\u00e8s FDF FDF 2PERRIN St\u00e9phane Chef d'agr\u00e8s FDF FDF 2PETITOT Marc Chef d'agr\u00e8s FDF FDF 2PETRIGNET Laurent Chef d'agr\u00e8s FDF FDF 2PIGNET Olivier Chef d'agr\u00e8s FDF FDF 2PIGNON S\u00e9bastien Chef d'agr\u00e8s FDF FDF 2PIRARD Vincent Chef d'agr\u00e8s FDF FDF 2PIVEL Alexis Chef d'agr\u00e8s FDF FDF 2POUESSEL Wilfried Chef d'agr\u00e8s FDF FDF 2POULLOT Maryne Chef d'agr\u00e8s FDF FDF 2PREIONI Christian Chef d'agr\u00e8s FDF FDF 2PRIN Richard Chef d'agr\u00e8s FDF FDF 2PRUDHON R\u00e9gis Chef d'agr\u00e8s FDF FDF 2RAIMBAULT Nicolas Chef d'agr\u00e8s FDF FDF 2REMBERT Thomas Chef d'agr\u00e8s FDF FDF 2REMOND Guillaume Chef d'agr\u00e8s FDF FDF 2| RENAUD Thomas Chef d'agr\u00e9s FDF FDF 2RICHARD Christophe Chef d'agr\u00e8s FDF FDF 2RICHARD Laurent Chef d''agr\u00e8s FDF FDF 2RICHARD Ludovic Chef d'agr\u00e8s FDF FDF 2ROULOT Bertrand Chef d'agr\u00e8s FDF FDF 2! RUDE Maxime Chef d'agr\u00e8s FDF FDF 2SAADA Alexandre Chef d'agr\u00e8s FDF FDF 2SAGET Loic Chef d'agr\u00e8s FDF FDF 2SALLOT Julien Chef d'agr\u00e8s FDF FDF 2Chef d'agr\u00e8s FDF FDF 2SCHMIDT C\u00e9dric Chef d'agr\u00e8s FDF & commando DIS FDF 2 & DIS FDF\n* THOMAS Guilhem\n: SENSIER C\u00e9dric Chef d'agr\u00e8s FDF FDF 2\" SIERRA Mika\u00ebl Chef d'agr\u00e8s FDF FDF 2SILVESTRE St\u00e9phane Chef d'agr\u00e8s FDF FDF 2 )SIMON Jean-Baptiste Chef d'agr\u00e9s FDF FDF 2SIRANDRE Thomas Chef d'agr\u00e8s FDF FDF 2; SOLDATENKOFF Nicolas Chef d'agr\u00e8s FDF FDF 2SPACZEK Rudy Chef d'agr\u00e8s FDF FDF 2; SUCHETET Didier Chef d'agr\u00e8s FDF FDF 2TAUBATY Vincent Chef d'agr\u00e8s FDF FDF 2l THIBEAULT Laurent Chef d'agr\u00e8s FDF FDF 2i THOMAS Christophe Chef d'agr\u00e8s FDF FDF 2| | Chef d'agr\u00e8s FDF FDF 2\nSDIS de C\u00f4te-d'Or - 21-2025-06-01-00005 - Liste d'Aptitude Op\u00e9rationnelle 2025 Feu De For\u00eat_modifi\u00e9e_ M1 juin 125\nNom Pr\u00e9nomEmploi et'activit\u00e9 cdmpl\u00e9mentaireFormationTHOMAS J\u00e9r\u00f4me Chef d'agr\u00e8s FDF FDF 2TRITZ Fr\u00e9d\u00e9ric Chef d''agr\u00e8s FDF FDF 2TRUCHOT Yoan Chef d'agr\u00e9s FDF FDF 2VADOT Michel Chef d'agr\u00e9s FDF FDF 2VAILLE Olivier Chef d'agr\u00e8s FDF FDF 2VAXILLAIRE Yann Chef d'agr\u00e8s FDF FDF 2VIARDOT Aur\u00e9lien Chef d'agr\u00e9s FDF FDF 2VILLEGAS Herv\u00e9 Chef d'agr\u00e8s FDF FDF 2VIVIEN Jo\u00ebl Chef d'agr\u00e8s FDF FDF 2VOILLEQUIN Venceslas Chef d'agr\u00e8s FDF FDF 2VUILLERMOT Damien Chef d'agr\u00e8s FDF FDF 2ALIBERT Th\u00e9o Equipier FDF FDF 1AMBRIRIK! Chouanibou Equipier FDF FDF 1ANNEN Florian Equipier FDF FDF 1ARBEZ Benjamin Equipier FDF FDF 1AUBRY Christophe Equipier FDF FDF 1AUVERT Antonin Equipier FDF FDF 1BAILLIET Jason Equipier FDF FDF 1BARBE David Equipier FDF FDF 1BATAILLE Quentin Equipier FDF FDF 1BAUDEGARD Romain Equipier FDF FDF 1BECOUZE Pierre Equipier FDF FDF 1BECQUET J\u00e9r\u00e9my Equipier FDF FDF 1BELDILMI Gilles Equipier FDF FDF 1BENREDJEM Th\u00e9o Equipier FDF FDF 1BERNASCONI Reynald Equipier FDF FDF 1BERSCHEID Anthony Equipier FDF FDF 1BERTHENET Melvyn Equipier FDF FDF 1;j BERTHET-BONDET Anthony Equipier FDF FDF 1; BERTRAND Lauren Equipier FDF FDF 1! BERWICK R\u00e9mi Equipier FDF FDF 1BEURTON Joris Equipier FDF FDF 1BEUTHOT Christophe Equipier FDF FDF 1BIDAULT Richard Equipier FDF FDF 1BIEBER Corentin Equipier FDF FDF 1BILLARD Alexis Equipier FDF FDF 1BLANC Eric Equipier FDF FDF 1BLARDONE Charles Equipier FDF FDF 1BOISSY Philippe Equipier FDF FDF 1. BONNARD Matthieu Equipier FDF FDF 1; BONNARD Valentin Equipier FDF FDF 1; BONNARDEL Xavier Equipier FDF FDF 1i BONNASSIEUX J\u00e9r\u00e9my Equipier FDF FDF 1BORDELET Cyril Equipier FDF FDF 1BORDET Th\u00e9o Equipier FDF FDF 1BOUCHEROT Fabien Equipier FDF FDF 1BOUCHEROT Ga\u00ebtan EquipierFDF _ FDF 1BOUCHEROT Maxime o Equipier FDF Q \u2014 FDF 1BOUQUET J\u00e9r\u00f4me ) c Equipier FDF e ' FDF 1BOURDIER Roger C EquipierFDF_ e FDF 1* BOURGEOIS Elodie EquipierFDF FDF 1\nSDIS de C\u00f4te-d'Or - 21-2025-06-01-00005 - Liste d'Aptitude Op\u00e9rationnelle 2025 Feu De For\u00eat_modifi\u00e9e_ M1 juin 126\nNom Pr\u00e9nom Emploi et activit\u00e9 compl\u00e9mentaire FormationBOURGETEL Sylvain Equipier FDF FDF 1BOUSSARD Anthony Equipier FDF FDF 1BOUTIER Charles Equipier FDF FDF 1BOUVIER Marina Equipier FDF FDF 1BOUVOT Jayson Equipier FDF FDF 1BREBEL Julie Equipier FDF FDF 1BREGAND Math\u00e9o Equipier FDF FDF 1BREUIL Paul Equipier FDF & commando DIS FDF 1 & DIS FDFBRICHETEAU Quentin Equipier FDF FDF 1BRIDON Fran\u00e7ois Equipier FDF FDF 1BRIYS Ludovic Equipier FDF FDF 1BRULEY Romain Equipier FDF FDF 1BRUNET Charlotte Equipier FDF FDF 1BRUNET Morgan Equipier FDF FDF 1BRUNOT Baptiste Equipier FDF FDF 1BUATOIS Cl\u00e9ment Equipier FDF FDF 1BUATOIS Dylan Equipier FDF FDF 1BUCZEK Alexis Equipier FDF FDF 1BUREAU Jean-Baptiste Equipier FDF FDF 1BUTHEAU Ludovic Equipier FDF FDF 1CABEZAS Th\u00e9o Equipier FDF FDF 1CALAFATO Alexandre Equipier FDF FDF 1CAMUSET J\u00e9r\u00f4me Equipier FDF FDF 1CANAL Amandine Equipier FDF FDF 1CARBILLET Th\u00e9o Equipier FDF FDF 1CARNET Julien Equipier FDF FDF 1CARTIER Laurent Equipier FDF FDF 1CASEIRO Gr\u00e9gory Equipier FDF FDF 1CAVARELLI Nicolas Equipier FDF FDF 1CAZENAVE Sandra Equipier FDF FDF 1; CERVANTES Loic Equipier FDF FDF 1CHAINARD J\u00e9r\u00e9my Equipier FDF FDF 1CHAKRI Tarik Equipier FDF FDF 1CHAMPONNOIS Cyrille Equipier FDF FDF 1CHAMPONNOIS Damien Equipier FDF FDF 1CHAUMET Emmanuel Equipier FDF FDF 1CHEVALIER Victor Equipier FDF FDF 1CHEVASSON Antoine Equipier FDF FDF 1CHIFFLOT Pierre Equipier FDF FDF 1CHODAT Florian Equipier FDF FDF 1: CHOLLAT-NAMY Micka\u00ebl Equipier FDF FDF 1i CIERLAK J\u00e9r\u00f4me Equipier FDF FDF 1CLERC Damien Equipier FDF FDF 1| CLERC Jean-Baptiste Equipier FDF FDF 1* CLET C\u00e9cile Equipier FDF FDF 1\" COISPINE Romain | Equipier FDF FDF 1COLAS Micka\u00ebl | Equipier FDF FDF 1: COLLIN Julien Equipier FDF FDF 1| COMBES Cl\u00e9ment _ 1 Equipier FDF FDF 1| COMMARET Guillaume Equipier FDF FDF 1\u00ee ' Equipier FDF FDF 1! CORDIER Emmanuel\nSDIS de C\u00f4te-d'Or - 21-2025-06-01-00005 - Liste d'Aptitude Op\u00e9rationnelle 2025 Feu De For\u00eat_modifi\u00e9e_ M1 juin 127\n| Nom Pr\u00e9nom Emploi et activit\u00e9 compl\u00e9mentaire Formation \u2014CORDON Hugo Equipier FDF \u00cbDF 1CORDON Maxime Equipier FDF FDF 1CORTOT Tony Equipier FDF FDF 1COUBLE Antoine Equipier FDF FDF 1COUDRET David Equipier FDF FDF 1COULAND Jean-Philippe Equipier FDF FDF 1COURBEZ Thierry Equipier FDF FDF 1COUREAULT Philippe Equipier FDF FDF 1COUTACHOT S\u00e9bastien Equipier FDF FDF 1COYETTE Antoine Equipier FDF FDF 1COZ Paul Equipier FDF FDF 1CRETE-CORTOT Arthur Equipier FDF FDF 1CROTTI Corentin Equipier FDF FDF 1CURE Franck Equipier FDF FDF 1DA MOTA PINTO Ana\u00efs Equipier FDF FDF 1DA ROCHA Julie Equipier FDF FDF 1DACHE-THIRAUBOIS Ludivine Equipier FDF FDF 1DALAUDIERE Nicolas Equipier FDF FDF 1DARROUX Bastien Equipier FDF FDF 1DAUD Jean-Baptiste Equipier FDF FDF 1DE PIZZOL Geoffroy Equipier FDF FDF 1DEGUIN Gaylord Equipier FDF FDF 1DELOLME Bruno Equipier FDF FDF 1DEMANDRE Micka\u00ebl Equipier FDF FDF 1DEMARCH Johann Equipier FDF FDF 1DENIEL Jordan Equipier FDF FDF 1DENIEL Yannick Equipier FDF FDF 1DERIVET Romain Equipier FDF FDF 1DERY Ludovic Equipier FDF FDF 1DERY Micka\u00ebl Equipier FDF FDF 1DESCLOIX Thibaut Equipier FDF FDF 1DILLENSEGER Cl\u00e9ment Equipier FDF FDF 1| DONNET Dominique Equipier FDF FDF 1: DOUSSOT Emilien Equipier FDF FDF 1\" DRU Guillaume Equipier FDF FDF 1. DUBIEF Mathieu Equipier FDF FDF 1: DUBOIS C\u00e9dric Equipier FDF FDF 1. DUCHESNE Bertrand Equipier FDF FDF 1; DUMAS C\u00e9dric Equipier FDF FDF 1| DUMONT Cl\u00e9ment Equipier FDF FDF 1DUMONT Guillaume Equipier FDF FDF 1DUMONT Quentin Equipier FDF & commando DIS FDF 1 & DIS FDFDUNCAN Yann Equipier FDF FDF 1DUPAQUIER Sylvain Equipier FDF FDF 1DUPLUS Aur\u00e9lien Equipier FDF FDF 1DURAND Florian Equipier FDF FDF 1DURUPT Quentin Equipier FDF FDF 1; DUTHU Christophe Equipier FDF FDF 1| DUTHU Julien Equipier FDF - FDF1' DUTHU Romain Equipier FDF - ; FDF1! DUVERGER Luka Equipier FDF 1 C FDF4\nSDIS de C\u00f4te-d'Or - 21-2025-06-01-00005 - Liste d'Aptitude Op\u00e9rationnelle 2025 Feu De For\u00eat_modifi\u00e9e_ M1 juin 128\nNom Pr\u00e9nomEmploi et activit\u00e9 compl\u00e9men_taire | FormationEL YACOUBI Khaiid Equipier FDF FDF 1ESNAUX Manuel Equipier FDF FDF 1FABER Thomas Equipier FDF FDF 1FAIVRE Lucas Equipier FDF FDF 1FARNIER R\u00e9mi Equipier FDF FDF 1FEUGERE Ma\u00ebl Equipier FDF FDF 1FEVRIER Pascal Equipier FDF FDF 1FEVRIER Thomas Equipier FDF FDF 1| FIEVET Aur\u00e9lien Equipier FDF FDF1FLECHARD Julien Equipier FDF FDF 1FLET Am\u00e9lie Equipier FDF FDF 1FOISSEY Bastien Equipier FDF FDF 1FOND K\u00e9vin Equipier FDF FDF 1FOUTELET Christian Equipier FDF FDF 1FROIDUROT Thibaut Equipier FDF FDF 1GACECK Ludovic Equipier FDF FDF 1GALOIS Micka\u00ebl Equipier FDF FDF 1GARDIEN Nicolas Equipier FDF FDF 1GASPARD Julien Equipier FDF FDF 1GAUMONT Emmanuel Equipier FDF FDF 1GAUTHERON Gr\u00e9gory Equipier FDF FDF 1GAUTHEY Eric Equipier FDF FDF 1GAUTHIER Alain Equipier FDF FDF 1GAY Mailys ! Equipier FDF FDF 1GELINOTTE Steeve | Equipier FDF FDF 1GEORGES Maxime Equipier FDF FDF 1; GERARD St\u00e9phanie Equipier FDF FDF 1GERMAIN Etienne Equipier FDF FDF 1GERVAIS Romain Equipier FDF FDF 1GIGLEUX Thibault Equipier FDF FDF 1| GILLOT Adrien Equipier FDF FDF 1GINDRE Fabien _! Equipier FDF FDF 1GIRARD Thibaut Equipier FDF FDF 1GIRARDOT Fr\u00e9d\u00e9ric Equipier FDF FDF 1GODDE Charles Equipier FDF FDF 1; GONCALVES Samuel Equipier FDF & commando DIS FDF 1 & DIS FDFGOUJON S\u00e9bastien Equipier FDF FDF 1GOULLEROT Quentin Equipier FDF FDF 1- GOUX Antonin Equipier FDF FDF 1- GRAND Micka\u00ebl Equipier FDF FDF 1| GRANGER Pascal Equipier FDF FDF 1GRILLON Lise | Equipier FDF FDF 1GRIMAND Renaud ' Equipier FDF ' FDF 1\u2014GROSGOJAT Steven ; Equipier FDF FDF 1| GUERIN David ' Equipier FDF FDF 1GUILLOU Valentin Equipier FDF FDF 1\" GUYOT Baptiste Equipier FDF u \" FDF1HAETTICH Jordan 1  Equipier FDF FOF1 \u2014. HASELBAUER Julien Equipier FDF FDF 1| HENAULT Baptiste Equipier FDF FDF 1\nSDIS de C\u00f4te-d'Or - 21-2025-06-01-00005 - Liste d'Aptitude Op\u00e9rationnelle 2025 Feu De For\u00eat_modifi\u00e9e_ M1 juin 129\nEquipier FDF\nNom Pr\u00e9nom Emploi et activit\u00e9 compl\u00e9mentaire FormationHERMAIZE Anthony Equipier FDF FDF 1HERMAN Paul Equipier FDF FDF1HOFFERT Edwin Equipier FDF FDF 1HOSTALIER Antoine Equipier FDF FDF 1HUDELOT Thomas Equipier FDF FDF 1HUGUENIN Timoth\u00e9 Equipier FDF FDF 1INFANTI Eric Equipier FDF FDF 1INTILIA Damien Equipier FDF FDF 1JANVIER Jean-Yves Equipier FDF FDF 1JARLAUD Maxime Equipier FDF FDF 1JAYE Lucas Equipier FDF FDF 1JOIE Romain Equipier FDF FDF 1JOMAS Eymeric Equipier FDF FDF 1JOUFFROY Franck Equipier FDF FDF 1JOUIN Mathieu Equipier FDF FDF 1KISSENBERGER Julien Equipier FDF FDF 1L'HOSTE J\u00e9r\u00f4me Equipier FDF FDF 1LABEAUNE Math\u00e9o Equipier FDF FDF 1LAGRANGE Thibaut Equipier FDF FDF 1LAMALLE Romain Equipier FDF | FDF 1LAMBERT Cl\u00e9ment Equipier FDF | FDF 1LAMY Sylvain Equipier FDF FDF 1LANCE Ludovic Equipier FDF | FDF 1LANGUILLE Thomas Equipier FDF FDF 1LARGEOT Adrien Equipier FDF | FDF 1LAURENT Fabien | Equipier FDF | FDF 1LAURENT Micka\u00ebl ' Equipier FDF ; FDF 1LAVIRON Solal | Equipier FDF FDF 1LEBEUF Arthur | Equipier FDF FDF 1LEBEUF Jimmy Equipier FDF FDF 1LEBEUF S\u00e9bastien Equipier FDF FDF 1LE CARO Ang\u00e9lique EquipierFDF | FDF 1LE CARO Jordan Equipier FDF & commando DIS FDF 1 & DIS FDFLEDUCQ Coleen - Equipier FDF FDF 1LELABOUSSE Enzo Equipier FDF e FDF 1| LELARGE Pierre-Yves Equipier FDF B FDF 1LERAT-JOBARD Baptiste EquipierFDF | FDF 1\\ LESSART Jonathan Equipier FDF FDFLODS Romain | Equipier FDF ) FDF 1| LONGOBUCCO Fran\u00e7ois EquipierFDF FDF 1| LOPES Valentin Equipier FDF FDF 1| LOUET Yann | Equipier FDF N FDF 1| LUCAS K\u00e9vin | Equipier FDF ' FDF 1\\ MACHADODamien \u2014 Equipier FDF - FDF 1MAGGIOTTO Laurent _ Equipier FDF . FDF 1MAGNIERE J\u00e9remy Equipier FDF it FDF 1MAINGAULT Corentin \u2014 e Equipier FDF FDF 1MANCINI Nicolas - ' Equipier FDF FDF1MANGEMATIN Amaury Q _ - Equipier FDF N FDF 1MANZINALI Tanguy \u2014 - Equipier FDF 1 FDF1| MARATRAY Brandon . ; FDF1\nSDIS de C\u00f4te-d'Or - 21-2025-06-01-00005 - Liste d'Aptitude Op\u00e9rationnelle 2025 Feu De For\u00eat_modifi\u00e9e_ M1 juin 130\nPIATON Manuel\n| Nom Pr\u00e9nom Emploi et activit\u00e9 compl\u00e9mentaire FormationMARECHAL Maxence Equipier FDF | FDF 1, MARGOT Pierre Equipier FDF FDF 1MARTIN Alexis Equipier FDF FDF 1MARTIN Charlie Equipier FDF FDF 1MARZAK Amir Equipier FDF FDF 1MATHON Oc\u00e9ane Equipier FDF FDF 1! MATHY Lilian Equipier FDF FDF 1MAZUE Eddy Equipier FDF FDF 1MEGARD Brice Equipier FDF FDF 1- MERMAZ Emmanuel Equipier FDF FDF 1MEULNET Cyril Equipier FDF FDF 1MICHEL K\u00e9vin Equipier FDF FDF 1; MIELLE Cl\u00e9mence Equipier FDF FDF 1MIGEON Matthieu Equipier FDF FDF 1MIGNOT VERGEOT C\u00e9dric Equipier FDF FDF 1; MIRESSI Nicolas Equipier FDF FDF 1MIRMONT Jonathan Equipier FDF FDF 1: MISSET S\u00e9bastien Equipier FDF FDF 1MOLE Romuald Equipier FDF FDF 1MONVAILLIER Julien Equipier FDF FDF 1! MOSSON Arnaud Equipier FDF FDF 1MOUCHOUX Maxime Equipier FDF FDF 1MOUREAUX Anthony Equipier FDF FDF 1\" MULLER Am\u00e9lie Equipier FDF FDF 1MUTEL Jorys Equipier FDF FDF 1MUTEL Lo\u00efc Equipier FDF FDF t; MUTIN Ludovic Equipier FDF FDF 1; NAVAS-LOPEZAxel Equipier FDF FDF1NECTOUX Corentin Equipier FDF FDF 1NOEL Loic Equipier FDF FDF 1OPET Jonathan Equipier FDF FDF 1ORMANCEY St\u00e9phane Equipier FDF FDF 1PACAUD-PEREIRA Mathieu Equipier FDF FDF 1PAINBLANC Steve Equipier FDF FDF 1PALLEGOIX Julien Equipier FDF FDF1PAPEZ Julien u Equipier FDF | FDF 1 |PARAT C\u00e9dric Equipier FDF FDF 1 ii PARIS H\u00e9l\u00e9na Equipier FDF FDF 1| PATIN Antoine Equipier FDF | FDF1PATOZ Camilte Equipier FDF i FDF 1\" PAYEBIN Alain Equipier FDF FDF 1; PAYSAN Augustin Equipier FDF ' FDF 1| PERCHOT J\u00e9r\u00e9my _ Equipier FDF 1 FDF 1 LPEROT Olivier Equipier FDF ; FDF 1; PERRIN Vincent Equipier FDF FDF 1\" PETIT Jean-Bernard Equipier FDF | FDF1PETIT Maxime - Equipier FDF ! C FDF 1PETIT-PIZZOLO Anthonin _ Equipier FDF FDF1VP\u2014E\\'.I'ITJEAN Mathieu Equipier FDF FDF 1\" PIALAT Eddy ' Equipier FDF FDF1S Equipier FDF \u00e4 C FDF1 \u2014\nSDIS de C\u00f4te-d'Or - 21-2025-06-01-00005 - Liste d'Aptitude Op\u00e9rationnelle 2025 Feu De For\u00eat_modifi\u00e9e_ M1 juin 131\n\" SIMONOT Cl\u00e9ment\n- Nom Pr\u00e9nom Emploi et activit\u00e9 compl\u00e9mentaire - Formation.PICARD J\u00e9r\u00e9my Equipier FDF - FDF 1PIQUET Stefan Equipier FDF FDF 1PITOISET Julien Equipier FDF FDF 1PLAGNIARD Hugo S Equipier FDF FDF 1PLAISIER J\u00e9r\u00e9my Equipier FDF FDF 1PLOTON Jessica Equipier FDF FDF 1POCHEVEUX Martial Equipier FDF FDF 1POMMIER Jean-No\u00ebl Equipier FDF FDF 1PORCHERAY Guillaume Equipier FDF FDF 1POUILLY Mathieu Equipier FDF & commando DIS FDF 1 & DIS FDFPOUPAULT Gaylord Equipier FDF FDF 1POUPON Pierre Equipier FDF FDF 1PRADO Micha\u00ebl Equipier FDF FDF 1PRUDHON J\u00e9r\u00f4me Equipier FDF FDF 1QUELLIER Philippe Equipier FDF FDF 1QUENOT S\u00e9bastien Equipier FDF FDF 1QUINCEY Cyril Equipier FDF FDF 1RABUT Laurent Equipier FDF FDF 1RABUT Mathis Equipier FDF FDF 1RAGEAUD Nathan Equipier FDF FDF 1RAILLARD Quentin Equipier FDF FDF 1RAMM Mathieu Equipier FDF FDF 1RAYMOND Sylvain } Equipier FDF FDF 1REBOUL Simon Equipier FDF FDF 1RENAUD David Equipier FDF FDF 1RENAUD Sandrine | Equipier FDF FDF 1RENGEL Teddy Equipier FDF FDF 1RIGOLOT Ga\u00ebl \u00ca- Equipier FDF FDF 1RIMBEAULT Thomas Equipier FDF FDF 1RINGENBACH Yann Equipier FDF FDF 4; ROMERO ARANDIA Carlos Equipier FDF FDF 1ROSE Audric Equipier FDF FDF 1ROTH DIT BETTONI Guillaume Equipier FDF FDF 1ROUGEGREZ Thomas Equipier FDF FDF 1ROUHETTE Fr\u00e9d\u00e9ric Equipier FDF FDF 1ROUILLON Benjamin Equipier FDF ) FDF 1ROUILLON Philippe Equipier FDF FDF 1 eROUSSILLON Mathieu Equipier FDF FDF 1| ROYER Julien c R Equipier FDF FDF 1ROYER K\u00e9vin Equipier FDF FDF 1ROZOTTE Chlo\u00e9 Equipier FDF FDF 1 -SAPIN Philippe e Equipier FDF FDF 1SARRAZIN Pauline Equipier FDF FDF 1SASSI Jordan LS Equipier FDF i FDF 1SAUSSIER Julien ) Equipier FDF FDF 1| SCHEMBRIAgathe |  Equipier FDF B FDF 1 o' SEVESTRE J\u00e9remy Equipier FDF FDF 1\" SILLY Pierre S L  Equipier FDF ) FDF 1| SILVESTRE Ethan - N Equipier FDF FDF 1; SIMONOT Chlo\u00e9 - \" Equipier FDF FDF 1 1FDF 1 & DIS FDF\nSDIS de C\u00f4te-d'Or - 21-2025-06-01-00005 - Liste d'Aptitude Op\u00e9rationnelle 2025 Feu De For\u00eat_modifi\u00e9e_ M1 juin 132\n[ Nom Pr\u00e9nom Emploi et activit\u00e9 compl\u00e9mentaire Formation| SIVET Florent Equipier FDF FDF 1 |STALL Paul LF Equipier FDF FDF 1 || SUCHETET Thomas Equipier FDF FDF 1SULPIZIO Bastien Equipier FDF FDF 1| TARTERETCindy e Equipier FDF FDF 1TERRIER Nicolas \u00ef Equipier FDF FDF 1TEYSSIER Anthony Equipier FDF FDF 1THOMAS Nicolas Equipier FDF FDF 1TILLET J\u00e9r\u00f4me Equipier FDF FDF 1| TILLIER Arthur Equipier FDF FDF 1 |TOLLIS Anthony Equipier FDF FDF 1TOURDIAS Aur\u00e9lien Equipier FDF FDF 1TOURRIER Eva Equipier FDF FDF 1| TOUSSAINT Rudy Equipier FDF FDF 1TRAME Romain | Equipier FDF FDF 1TREDEZ Victor Equipier FDF FDF 1 1| TROUSSARD Nicolas Equipier FDF FDF 1_' TURC Rapha\u00ebl | Equipier FDF FDF 1TUVACHE Micka\u00ebl Equipier FDF ' FDF 1VACHEROT Fr\u00e9d\u00e9ric Equipier FDF FDF 1| VADOT Pierre Thierry Equipier FDF FDF 1VANDENSKRICK Damien Equipier FDF FDF 1| VEFOND Sylvain Equipier FDF FDF 1| VELLUET Ludovic Equipier FDF FDF1VELTEN Tony Equipier FDF FDF 1VERSCHAEVE Ludwig Equipier FDF FDF 1| VIGNEAU Anne-Claire | Equipier FDF 7 FDF 1| VILLEGAS Baptiste | Equipier FOF FDF 1 cqVOINCHET Etienne EquipierFDF FDF 1 '| WRAZEN Lo\u00efc EquipierFDF | FDF 1 [* R\u00e9f\u00e9rent de sp\u00e9cialit\u00e9 \u00ab lutte contre les feux de for\u00eats \u00bbArticle 2 : Seuls les sapeurs-pompiers aptes \u00e0 la constitution des colonnes mobiles de secours (CMS)inscrits sur la liste d\u00e9finie en article 1, sont susceptibles d'\u00eatre engag\u00e9s sur des interventions en colonnesmobiles de secours \u00ab feux de for\u00eats \u00bb.Article 3 : La sous-pr\u00e9f\u00e8te, directrice de cabinet et le directeur d\u00e9partemental des services d'incendie et desecours sont charg\u00e9s, chacun en ce qui le concerne, de I'ex\u00e9cution du pr\u00e9sent arr\u00eat\u00e9 qui sera publi\u00e9 aurecueil des actes administratifs de la pr\u00e9fecture de la C\u00f4te-d'Or.\nC 1 JUIN 2025Dijon, le\nLe pr\u00e9fet,Pour le Pr\u00e9fat et par d\u00e9l\u00e9gation,la ous\u2014l\u00ff[\u00e8i\nAur\u00e9lie CONTRECIVILE\nSDIS de C\u00f4te-d'Or - 21-2025-06-01-00005 - Liste d'Aptitude Op\u00e9rationnelle 2025 Feu De For\u00eat_modifi\u00e9e_ M1 juin 133\nSDIS de C\u00f4te-d'Or\n21-2025-06-01-00004\nListe d'Aptitude Op\u00e9rationnelle 2025 unit\u00e9\nsp\u00e9cialis\u00e9e Syst\u00e8mes d'Information et de\nCommunication_ M3 juin\nSDIS de C\u00f4te-d'Or - 21-2025-06-01-00004 - Liste d'Aptitude Op\u00e9rationnelle 2025 unit\u00e9 sp\u00e9cialis\u00e9e Syst\u00e8mes d'Information et de\nCommunication_ M3 juin 134\nE'PREFET= SISCOTE-D'OR u DLibert\u00e9Egalit\u00e9 22 D Boulevard Winston ChurchillFraternit\u00e9 CS 16209 - 21 062 DIJON Cedex\nAffaire suivie par : sous-direction optimisation du potentiel op\u00e9rationnelSDIS 21 / service \u00e9quipes sp\u00e9cialis\u00e9esT\u00e9l : 03 80 11 27 87M\u00e9l : formation@sdis21.orgArr\u00eat\u00e9Portant sur la liste d'aptitude op\u00e9rationnelleUnit\u00e9 des syst\u00e8mes d'information et de communicationAnn\u00e9e 2025 - modificatif n\u00b0 3Le pr\u00e9fet de la C\u00f4te-d'OrVu le code g\u00e9n\u00e9ral des collectivit\u00e9s territoriales et particuli\u00e8rement l'article R 1424-54 ;Vu l'arr\u00eat\u00e9 du 22 ao\u00fbt 2019 relatif aux formations des sapeurs-pompiers professionnels et volontaires ;Vu l'arr\u00eat\u00e9 du 15 juillet 2022 relatif \u00e0 la d\u00e9signation et aux missions des r\u00e9f\u00e9rents de sp\u00e9cialit\u00e9s mentionn\u00e9s \u00e0 l'articleR. 722-1 du code de la s\u00e9curit\u00e9 int\u00e9rieure ;Vu l'arr\u00eat\u00e9 pr\u00e9fectoral du 18 septembre 2020 fixant la liste des unit\u00e9s op\u00e9rationnelles ;Vu l'arr\u00eat\u00e9 pr\u00e9fectoral de d\u00e9cembre 2022 fixant l'ordre de base d\u00e9partemental des syst\u00e8mes d'information et decommunicationVu le r\u00e8glement op\u00e9rationnel du service d\u00e9partemental d'incendie et de secours de la C\u00f4te-d'Or en date du 06 octobre2021 ;Vu le SDACR approuv\u00e9 par arr\u00eat\u00e9 pr\u00e9fectoral n\u00b0 1808 du 22 d\u00e9cembre 2023 ;Vu le r\u00e9f\u00e9rentiel emploi activit\u00e9 comp\u00e9tences (REAC) du 13 d\u00e9cembre 2016 relatif aux syst\u00e8mes d'information et decommunication ;Vu le r\u00e9f\u00e9rentiel interne de formation et le r\u00e9f\u00e9rentiel interne de certification- du 8 novembre 2018 ;Vu la participation des agents d\u00e9sign\u00e9s aux activit\u00e9s de formation de maintien et de perfectionnement des acquis ;Vu le nombre de COMSIC (2), dOFFSIC (4), dOFFSIC et chef de salle op\u00e9rationnelle (3), de chefs de salleop\u00e9rationnelle (10), d'adjoints chefs de salle op\u00e9rationnelle (8), de chefs op\u00e9rateurs de salle op\u00e9rationnelle (20),d'op\u00e9rateur en CTA-CODIS (1), d'op\u00e9rateurs poste de commandement tactique (35) ;Sur proposition de monsieur le directeur d\u00e9partemental des services d''incendie et de secours ;ARR\u00caTEArticle 1 : La liste annuelle d\u00e9partementale d'aptitude op\u00e9rationnelle des sapeurs-pompiers de l'unit\u00e9\u00ab syst\u00e8mes d''information et de communication \u00bb du d\u00e9partement de la C\u00f4te-d'Or s'\u00e9tablit comme suit :: SRS e MentionNom Pr\u00e9nom Emploi op\u00e9rationnel compl\u00e9mentaireDUPONT Luc Commandant des syst\u00e8rr'\\es'd'information et de /communication |ROY Olivier * Commandant des syst\u00e8n_\"les'd'information et de /communicationBIDAU Cyril Officier des syst\u00e8mes_d'information et de /\\h E | communication )COQUIO Ga\u00eblle Officier des syst\u00e8mes.d'irjformation et de Ccsoe T  S . communicationLAMBERT Jean-Robert Officier des syst\u00e8mes d'information et de /HURN communication UOfficier des syst\u00e8mes d'information et de /LEHNHOF Jessica Cnr MLE 1 communication\nSDIS de C\u00f4te-d'Or - 21-2025-06-01-00004 - Liste d'Aptitude Op\u00e9rationnelle 2025 unit\u00e9 sp\u00e9cialis\u00e9e Syst\u00e8mes d'Information et de\nCommunication_ M3 juin 135\nNom Pr\u00e9nom. Em?'p'l_\u00e8\u00ee op\u00e9rationnelMention- compl\u00e9mentaireOfficier des syst\u00e8mes d'information et de\nChef op\u00e9rateur de salle op\u00e9rationnelle\nMERME Christophe communication CSOPARDON Christophe Officier des S\u00cb\u00ca\u00ce\u00c6\u00ca\u00ca (c:i\u00e9']itri\\(f)c:]rmation et de /VILBOUX Romain Officier des syst\u00e8mes_d'ir)formation et de CsocommunicationBECQUET J\u00e9r\u00e9my Chef de salie op\u00e9rationnelle OTAU-OCOCAO-THANH Emmanuel Chef de saile op\u00e9rationnelle OTAU-OCOGARMATUK Cyril Chef de salle op\u00e9rationnelle OTAU-OCOGIRARDOT Fr\u00e9d\u00e9ric Chef de salle op\u00e9rationnelle OTAU-OCOGREBILLE Jean Chef de salle op\u00e9rationnelle OTAU-OCOHANNETON Gabin Chef de salle op\u00e9rationnelle OTAU-OCOJAUDAUX David Chef de salle op\u00e9rationnelle OTAU-OCOJEANNIN S\u00e9bastien Chef de salle op\u00e9rationnelle OTAU-OCOMESPOULHES Yann Chef de salle op\u00e9rationnelle OTAU-OCORICHARD Laurent Chef de salle op\u00e9rationnelle OTAU-OCOBERNIER Julien Adjoint chef de salle op\u00e9rationnelie OTAU-OCOBOLE Xavier Adjoint chef de salle op\u00e9rationnelle OTAU-OCOBOUCHER Herv\u00e9 Adjoint chef de salle op\u00e9rationnelle OTAU-OCOBRUNET Morgan Adjoint chef de salle op\u00e9rationnelle OTAU-OCOFAUCHARD C\u00e9dric Adjoint chef de salle op\u00e9rationnelle OTAU-OCO; ISTRIA Anthony Adjoint chef de salle op\u00e9rationnelle OTAU-OCOPETIT Maxime Adjoint chef de salle op\u00e9rationnelle OTAU-OCOPIGNON S\u00e9bastien Adjoint chef de salle op\u00e9rationnelle OTAU-OCO; BAUDEGARD Romain Chef op\u00e9rateur de salle op\u00e9rationnelle OTAU-OCOBELDJOUDI J\u00e9r\u00f4me Chef op\u00e9rateur de salle op\u00e9rationnelle OTAU-OCOBOUCHER Thomas Chef op\u00e9rateur de salle op\u00e9rationnelle OTAU-OCO. BOURGEOIS Blandine Chef op\u00e9rateur de salle op\u00e9rationnelle OTAU-OCOBREGAND Matthieu Chef op\u00e9rateur de salle op\u00e9rationnelle OTAU-OCODE MESQUITA Emilien Chef op\u00e9rateur de salle op\u00e9rationnelle OTAU-OCO.. DELPIT Geoffrey Chef op\u00e9rateur de salle op\u00e9rationnelle OTAU-OCODOILLON Hugo Chef op\u00e9rateur de salle op\u00e9rationnelle OTAU-OCO| DUBOIS C\u00e9dric Chef op\u00e9rateur de salle op\u00e9rationnelle OTAU-OCO- DURAND Maxime Chef op\u00e9rateur de salle op\u00e9rationnelle OTAU-OCOi GUTKNECHT Jean-DenisOTAU-OCO\nSDIS de C\u00f4te-d'Or - 21-2025-06-01-00004 - Liste d'Aptitude Op\u00e9rationnelle 2025 unit\u00e9 sp\u00e9cialis\u00e9e Syst\u00e8mes d'Information et de\nCommunication_ M3 juin 136\nNom Pr\u00e9nom- Emploi op\u00e9rationnelMentioncompl\u00e9mentaireChef op\u00e9rateur de salle op\u00e9rationnelieKURKLINSKI Quentin OTAU-OCOLANNI Thomas Chef op\u00e9rateur de salle op\u00e9rationnelle OTAU-OCOLEGROS Antoine Chef op\u00e9rateur de salle op\u00e9rationnelle OTAU-OCOLEGROS C\u00e9line Chef op\u00e9rateur de salle op\u00e9rationnelle OTAU-OCOMIGEON Matthieu Chef op\u00e9rateur de saile op\u00e9rationnelle OTAU-OCOPIVEL Alexis Chef op\u00e9rateur de salle op\u00e9rationnelle OTAU-OCOPORCHERAY Guillaume Chef op\u00e9rateur de salle op\u00e9rationnelle OTAU-OCORENGEL Teddy Chef op\u00e9rateur de salle op\u00e9rationnelie OTAU-OCO; TREDEZ Victor Chef op\u00e9rateur de salle op\u00e9rationnelle OTAU-OCOBOUCHER Isabelle Op\u00e9rateur en CTA-CODIS OTAU-OCOBARBE Laurent Op\u00e9rateur de coordination op\u00e9rationnelle OCO-PCTACde PC tactiqueBARROT Quentin Op\u00e9rateur de coordlnatlpn op\u00e9rationnelle OCO-PCTACde PC tactiqueBERNARD Jean-Marc Op\u00e9rateur de coordlnatl_on op\u00e9rationnelle OCO-PCTACde PC tactiqueOp\u00e9rateur de coordination op\u00e9rationnelle _BERTRAND Lucas de PC tactique OCO-PCTACBOURGEOIS Elodie Op\u00e9rateur de coordtnatlpn op\u00e9rationnelle OCO-PCTACde PC tactique| BOUTIER Charles Op\u00e9rateur de coordinati_on op\u00e9rationnelle OCO-PCTACi de PC tactique| Op\u00e9rateur de coordination op\u00e9rationnelleBOUVIER Lola de PC tactique OCO-PCTACBRUNSEAUX Jonathan Op\u00e9rateur de coordinatipn op\u00e9rationnelle OCO-PCTACde PC tactique* COMBALUZIER David Op\u00e9rateur de coordination op\u00e9rationnelle OCO-PCTAC; de PC tactiqueCOUDRET David Op\u00e9rateur de coordination op\u00e9rationnelle OCO-PCTACde PC tactiqueCRETE Laurent Op\u00e9rateur de coordinati_on op\u00e9rationnelle OCO-PCTACde PC tactiqueCRETE-CORTOT Arthur Op\u00e9rateur de coordlnatl_on op\u00e9rationnelle OCO-PCTAC| de PC tactique| DARROUX Bastien Op\u00e9rateur de coordination op\u00e9rationnelle OCO-PCTAC\\ de PC tactique! DRU Guillaume Op\u00e9rateur de coordinatl_on op\u00e9rationnelle OCO-PCTACde PC tactiqueDURAND Nicolas Op\u00e9rateur de coordmatl_on op\u00e9rationnelle OCO-PCTAC| de PC tactique| FOURNIER Jules Op\u00e9rateur de coordmatl_on op\u00e9rationnelle OCO-PCTAC| de PC tactique| Op\u00e9rateur de coordination op\u00e9rationnelle: GAUTHIER J\u00e9r\u00e9my de PC tactiqueOCO-PCTAC\nSDIS de C\u00f4te-d'Or - 21-2025-06-01-00004 - Liste d'Aptitude Op\u00e9rationnelle 2025 unit\u00e9 sp\u00e9cialis\u00e9e Syst\u00e8mes d'Information et de\nCommunication_ M3 juin 137\nNom Pr\u00e9nom Emploi op\u00e9rationnelMentioncompl\u00e9mentaireOp\u00e9rateur de coordination op\u00e9rationnelleGAUTHIER L\u00e9o de PCiactique OCO-PCTAC| GUERIN David Op\u00e9rateur dedceogr\u00e8:ii?aacttiic\u00e0r:J gp\u00e9rationnelle OCO-PCTACJEANNE Emmanuel Op\u00e9rateur dedc;oggi?aa:;tti%?] gp\u00e9rationnelle OCO-PCTACJOIE Romain Op\u00e9rateur dedceorcgr(c:jitnaacttiic\u00e0r:j gp\u00e9rationnelle OCO-PCTACJUSSEAU Alice Op\u00e9rateur dedceolgrcdi\u00cb\u00cbtii(\u00e0r:J gp\u00e9rationnelle OCO-PCTAC| KOHUT-NADDEF Flavien \u00b0p\u00e9'a'\u00b0\"'deg:'l','git\"a\u00eetti\u00e4gp\u00e9'atm\"\"e\"e OCO-PCTACLEVEQUE S\u00e9bastien Op\u00e9rateur de gg\u00ee,'gig\u00e4i\u00e4gp\u00e9rafi\u00b0\"\"e\"e OCO-PCTACLIORET Christophe Op\u00e9rateur de \u00e2:\u00ee'rgitgacttig:j :p\u00e9rationnelle OCO-PCTACLOPES David Op\u00e9rateur ded\u00eboggitnaacttiic\u00e0r\u00f9 gp\u00e9rationnelle OCO-PCTACLOPES Valentin Op\u00e9rateur ded(:eolggipa\u00efti%r:; gp\u00e9rationnelle OCO-PCTAC| MIGNON Claude Op\u00e9rateur de ccl::;cl):rcc:litnaacttiit:lr:l :p\u00e9rationnelle OCO-PCTACPETRIGNET Laurent Zh\u00e9raearted'\u00efggi{'a\u00e4i\u00e4gp\u00e9ra\"o\"\"e\"e OCO-PCTACPOULLOT Laura Op\u00e9rateur de \u00ca:\u00cbrgitna\u00eetti\u00e2r:l :p\u00e9rationnelle OCO-PCTACPOULLOT Maryne Op\u00e9rateur dedc;oglgitnaacttiic;rlgp\u00e9rationnelle OCO-PCTACj POUPAULT Gaylord Op\u00e9rateur dedceogrgitnaacttii(;r:]gp\u00e9rationnelle OCO-PCTACROUX J\u00e9r\u00e9my Op\u00e9rateur de g:c';rgitr::ttiic:lr:l:p\u00e9rationnelle OCO-PCTAC| ROZ Camille ) Op\u00e9rateur dedc(:eolc:))rgitnaac;ttiiczqr:J gp\u00e9rationnelle OCO-PCTACOp\u00e9rateur de coordination op\u00e9rationnelle OCO-PCTACSIMONOT Cl\u00e9ment de PC tactique* R\u00e9f\u00e9rent de sp\u00e9cialit\u00e9 \u00ab syst\u00e8mes d'information et de communication \u00bbArticle 2 : La sous-pr\u00e9f\u00e8te, directrice de cabinet, et le directeur d\u00e9partemental des services d'incendie et desecours sont charg\u00e9s, chacun en ce qui le concerne, de I'ex\u00e9cution du pr\u00e9sent arr\u00eat\u00e9 qui sera publi\u00e9 aurecueil des actes administratifs de la pr\u00e9fecture de la C\u00f4te-d'Or.\nDijon, le 1 JUIN 2025\nLe pr\u00e9fet,\narSrme-Pr\u00e9fe:\n\u00e9lie GONI sciVILE\nSDIS de C\u00f4te-d'Or - 21-2025-06-01-00004 - Liste d'Aptitude Op\u00e9rationnelle 2025 unit\u00e9 sp\u00e9cialis\u00e9e Syst\u00e8mes d'Information et de\nCommunication_ M3 juin 138\nSous-pr\u00e9fecture de Beaune\n21-2025-06-13-00018\nArr\u00eat\u00e9 pr\u00e9fectoral n\u00b0 830 portant\nrenouvellement de l'homologation du circuit de\nmotocross \u00e0 Reulle-Vergy\nSous-pr\u00e9fecture de Beaune - 21-2025-06-13-00018 - Arr\u00eat\u00e9 pr\u00e9fectoral n\u00b0 830 portant renouvellement de l'homologation du circuit de\nmotocross \u00e0 Reulle-Vergy 139\nPREFET _DE LA | Sous-pr\u00e9fecture de BeauneCOTE-D'ORLibert\u00e9\u00c9galit\u00e9Fraternit\u00e9\nAffaire suivie par C\u00e9cile RAVRYP\u00f4le s\u00e9curit\u00e9 et r\u00e9glementationT\u00e9l : 03 45 43 80 11m\u00e9l : cecile.ravry@cote-dor.gouv.fr\nArr\u00eat\u00e9 pr\u00e9fectoral n\u00b0 830portant renouvellement de l'homologation du circuit de motocross\u00e0 Reulle-Vergy\nVU le Code du Sport et notamment ses articles R 331-18 \u00e0 R 331-45-1 ;VU le Code de la sant\u00e9 publique, notamment ses articles R 1336-4 et suivants ;VU le d\u00e9cret n\u00b0 2006-554 du 16 mai 2006 relatif aux concentrations et manifestations organis\u00e9es sur les voiesouvertes ou dans les lieux non ouverts \u00e0 la circulation publique et comportant la participation de v\u00e9hiculesterrestres\u00e0 moteur ; ' 'VU le d\u00e9cret n\u00b0 2010-365 du 9 avril 2010 relatif \u00e0 l'\u00e9valuation des inbidences Natura 2000 ;VU le d\u00e9cret n\u00b0 2017-1279 du 9 ao\u00fbt 2017 portant simplification de la police des manifestations sportives ;VU l'arr\u00eat\u00e9 du 24 novembre 2017 relatif aux manifestations sportives comportant des v\u00e9hicules terrestres \u00e0moteur;VU l'arr\u00eat\u00e9 pr\u00e9fectoral n\u00b0 445/SG du 17 mars 2025 donnant d\u00e9l\u00e9gation de signature \u00e0 M. Beno\u00eet BYRSKI sous-pr\u00e9fet de Beaune ; 'VU la demande d\u00e9pos\u00e9e le 28 mars 2025 et amend\u00e9e le 23 avril mars et le 26 mai 2025 par laquelle M. JacquesLESTRADE, pr\u00e9sident du motoclub du val de Vergy (MC2V) sollicite le renouvellement de l'homologation ducircuit de motocross sis sur le territoire de la commune de Reulle-Vergy ;VU les r\u00e8gles techniques et de s\u00e9curit\u00e9 (RTS) \u00e9labor\u00e9es par la f\u00e9d\u00e9ration fran\u00e7aise du motocyclisme (FFM) ;VU l'accord des propri\u00e9taires des terrains ;VU l'attestation d'assurance d\u00e9livr\u00e9e le 5 mai 2025 par le cabinet LESTRADE et DAUGER Assurances;VU les avis favorables des services consult\u00e9s ;VU l'avis favorable de Monsieurle maire de Reulle-Vergy ;\nSous-pr\u00e9fecture de Beaune - 21-2025-06-13-00018 - Arr\u00eat\u00e9 pr\u00e9fectoral n\u00b0 830 portant renouvellement de l'homologation du circuit de\nmotocross \u00e0 Reulle-Vergy 140\nVU la visite sur site de la commission d\u00e9partementale de s\u00e9curit\u00e9 routi\u00e8re - section sp\u00e9cialis\u00e9e \"\u00e9preuves etcomp\u00e9titions sportives\" le 26 mai 2025 ;Consid\u00e9rant que la commission d\u00e9partementale de s\u00e9curit\u00e9 routi\u00e8re - section sp\u00e9cialis\u00e9e \"\u00e9preuves etcomp\u00e9titions sportives\" - a \u00e9mis un avis favorable le 27 mai 2025 \u00e0 la demande de renouvellement del'homologation du circuit de motocross; .Consid\u00e9rant l'attestation de mise en conformit\u00e9 du site de pratique d\u00e9livr\u00e9e par la FFM le 25 avril 2025;\nARRETE:\nArticle 1\u00b0\": Le circuit de motocross situ\u00e9 sur le territoire de la commune de Reulle-Vergy est homologu\u00e9 pourune dur\u00e9e de 4 ans \u00e0 compter de la date de notification du pr\u00e9sent arr\u00eat\u00e9, soit jusqu'au 13 juin 2029,conform\u00e9ment au trac\u00e9 figurant sur le plan annex\u00e9 au pr\u00e9sent arr\u00eat\u00e9.Cette piste d'une longueur de 1 580 m est r\u00e9serv\u00e9e aux motocycles 2 roues ou aux machines \u00e0 3 ou 4 rouesreconnus par la FFM, pour les entrainements et les essais seulement.La circulation sur ce circuit est autoris\u00e9e dans un sens uniquement.Article 2 : Les am\u00e9nagements de ce circuit doivent r\u00e9pondre aux normes fix\u00e9es par les r\u00e8gles techniques et des\u00e9curit\u00e9 (RTS) \u00e9tablies par la FFM en application des articles R331-18 \u00e0 R331-45-1 du Code du sport. Toutprojet de modification doit \u00eatre port\u00e9 \u00e0 la connaissance de la f\u00e9d\u00e9ration et des services pr\u00e9fectoraux.Les v\u00e9hicules admis sur ce circuit ainsi que leurs conditions d'admission sont ceux fix\u00e9s par les r\u00e8glestechniques et de s\u00e9curit\u00e9 de la FFM.Article 3 : Le nombre de v\u00e9hicules admis simultan\u00e9ment est limit\u00e9 \u00e0 45 motos ou 30 side-cars/quads. 'Conform\u00e9ment \u00e0 l'article 8 des RTS du 30 novembre 2024, la participation simultan\u00e9e de motocycles solos et demachines \u00e0 3 ou 4 roues est autoris\u00e9e sous r\u00e9serve que ces derni\u00e8res ne soient pas plus de 3 en piste.Article 4 : Le circuit \u00e9tant situ\u00e9 dans le p\u00e9rim\u00e8tre du site Natura 2000, zone de protection sp\u00e9ciale \"Arri\u00e9re c\u00f4tede Dijon et de Beaune', il y a lieu de respecter les pr\u00e9conisations suivantes :- les v\u00e9hicules doivent \u00eatre stationn\u00e9s sur des surfaces imperm\u00e9abilis\u00e9es de fa\u00e7on \u00e0 \u00e9viter les fuitesd'hydrocarbure dans l'environnement, '- la taille des haies qui bordent le circuit doit \u00eatre effectu\u00e9e en dehors de la p\u00e9riode du 15 mars au 15 ao\u00fbt,- une fauche tardive ou diff\u00e9renci\u00e9e des pelouses doit \u00eatre mise en place,- les d\u00e9chets doivent \u00eatre ramass\u00e9s, ramen\u00e9s et tri\u00e9s s\u00e9lectivement.Le gestionnaire du circuit est tenu de respecter les dispositions des articles R.1336.4 \u00e0 R1336. 11 du Code de lasant\u00e9 publique relatifs \u00e0 la lutte contre les bruits de voisinage.Article 5: L'exploitant du circuit doit prendre les pr\u00e9cautions pour pr\u00e9venir une pollution et notamment ne pasfaire de stockage d'hydrocarbures. Les manipulations et d\u00e9p\u00f4ts d'hydrocarbures doivent se faire sur une aire\u00e9tanche (tapis environnemental) et les d\u00e9versements accidentels doivent \u00eatre signal\u00e9s aupr\u00e8s du service\"d\u00e9partement pr\u00e9vention sant\u00e9 environnement\" de la direction de la sant\u00e9 publique de l'Agence R\u00e9gionale deSant\u00e9. Bourgogne Franche-Comt\u00e9 (cf avis de 'Agence R\u00e9glonale de Sant\u00e9 du 23 mai 2025 annex\u00e9 au pr\u00e9sentarr\u00eat\u00e9).Article 6 : Les num\u00e9ros d'appel d'urgence des services de secours et les consignes de s\u00e9curit\u00e9, ainsi que ler\u00e8glement int\u00e9rieur d'utilisation du circuit doivent \u00eatre affich\u00e9s sur le site. Les consignes de s\u00e9curit\u00e9 doiventreprendre les modalit\u00e9s d'alerte des sapeurs-pompiers (18 ou 112), les dispositions \u00e0 prendre pour assurer las\u00e9curit\u00e9 du public, l'emplacement des extincteurs, l'accueil et le guidage des sapeurs-pompiers.L'acc\u00e8s et une circulation ais\u00e9s pour les engins de secours et de lutte contre l'incendie dowent \u00eatre assur\u00e9s enpermanence.Le cas \u00e9ch\u00e9ant, il appartiendra \u00e0 l'organisateur d'assurer la s\u00e9curit\u00e9 du public conform\u00e9ment \u00e0 l'arr\u00eat\u00e9 du 7novembre 2006 fixant le r\u00e9f\u00e9rentiel national relatif aux dispositifs pr\u00e9visionnels de secours (DPS) ;Article 7 : Un contrat d'assurance doit \u00eatre souscrit pour 'ensemble des activit\u00e9s.Article 8 : Une modification de l'homologation est n\u00e9cessaire lorsque les caract\u00e9ristiques du circuit font l'objetd'une \u00e9volution, notamment celles figurant sur le plan-masse. La modification de l'homologation est accord\u00e9e parle sous-pr\u00e9fet de Beaune, apr\u00e8s visite et avis de la commission d\u00e9partementale de la s\u00e9curit\u00e9 routi\u00e8re.\no]y\nSous-pr\u00e9fecture de Beaune - 21-2025-06-13-00018 - Arr\u00eat\u00e9 pr\u00e9fectoral n\u00b0 830 portant renouvellement de l'homologation du circuit de\nmotocross \u00e0 Reulle-Vergy 141\nArticle 9 : L'autorit\u00e9 qui a d\u00e9livr\u00e9 l'homologation peut, \u00e0 tout moment verlfler ou faire v\u00e9rifier le respect desconditions ayant permis l'homologation.L'homologation peut \u00eatre rapport\u00e9e ou suspendue pour une dur\u00e9e maximale de six mois, apr\u00e8s audition dugestionnaire, si la commission comp\u00e9tente a constat\u00e9 qu'une ou plusieurs des conditions qu'elle avait impos\u00e9esne sont pas respect\u00e9es.Article 10 : Le sous-pr\u00e9fet de Beaune, le directeur d\u00e9partemental des services d'incendie et de secours, ledirecteur des services d\u00e9partementaux de 'Education Nationale, la directrice d\u00e9partementale des territoires, lelieutenant-colonel commandant la Compagnie de Gendarmerie de Beaune, le pr\u00e9sident du conseil d\u00e9partementalde la C\u00f4te-d'Or, le directeur de 'Agence R\u00e9gionale de Sant\u00e9, le maire de Reulle-Vergy sont charg\u00e9s, chacun ence qui le concerne, de l'ex\u00e9cution du pr\u00e9sent arr\u00eat\u00e9 dont copie sera adress\u00e9e aux repr\u00e9sentants departementauxde la FFM et au gestionnaire du circuit.Le pr\u00e9sent arr\u00eat\u00e9 sera publi\u00e9 au recueil des actes administratifs de la pr\u00e9fecture de la C\u00f4te d'Or.\nFait \u00e0 Beaune le 13 juin 2025\nPour le pr\u00e9fet de la C\u00f4te-d'Or et par d\u00e9l\u00e9gation,le sous-pr\u00e9fet de Beaune,\n- sign\u00e9\nBeno\u00eet BYRSKI\nAnnexes :- plan du circuit- avis du 23 mai 2025 de I'Agence R\u00e9gionale de Sant\u00e9\nSous-pr\u00e9fecture de Beaune - 21-2025-06-13-00018 - Arr\u00eat\u00e9 pr\u00e9fectoral n\u00b0 830 portant renouvellement de l'homologation du circuit de\nmotocross \u00e0 Reulle-Vergy 142\n\u2014\u2014\u2014JInnpadnoaOJOUS[UIWUIELEaalusISsa\nBioojowyyISIVINVHAtagjuoy\n0024EZ6#10eot\u00cb==#SINOIaSS2918U[WAU-12UDWIDYGNUDAYH/PRNSEeoY\n20neaze|djnecXXajduus1nes\\&23e13Npsuas15anbyqndauozWuieu1a1292103SZOZ/vO/SZ81\u00a9s1noressa20yDBOEUIe113)OJIMSZ0ZAZINABian3[/[N24SSOJIOJOUIJINI41IISSDUIapuDid\nSous-pr\u00e9fecture de Beaune - 21-2025-06-13-00018 - Arr\u00eat\u00e9 pr\u00e9fectoral n\u00b0 830 portant renouvellement de l'homologation du circuit de\nmotocross \u00e0 Reulle-Vergy 143\nREPUBLIQUEEff\\ N CAI SE ; @ D Agence R\u00e9gionale de Sant\u00e9iy - Bourgogne- \u0178Fgalit\u00e9 Franche-Comt\u00e9Fraternit\u00e9 Dijon, le 23 mai 2025Direction de la sant\u00e9 publiqueD\u00e9partement pr\u00e9vention sant\u00e9 environnement Le directeur g\u00e9n\u00e9ral de l'agence r\u00e9gionale de sant\u00e9Unit\u00e9 territoriale de la C\u00f4te-d'Or Bourgogne \u2014 Franche-Comt\u00e9Affaire suivie par : Sarah HARDY & Bertrand DANIEL \u00e0Courriel : ARS-BFC-DSP-SE-21@ars.sante.frT\u00e9l\u00e9phone : 0339595352 \u2014 Sous-Pr\u00e9fecture de BeauneSecr\u00e9tariat : 03 80 41 53 01 10 rue Edouard Fraisse21200 BeauneR\u00e9f. 2025/Motocross/Reulle-Vergy/SH/356A l'attention de C\u00e9cile RAVRYcecile.ravry@cote-dor.gouv.fr\nObjet : Renouvellement de l'homologation du circuit de moto-cross du Val de Vergy \u00e0 REULLE-VERGYPar courriel du 25 avril 2025, vous avez sollicit\u00e9 l'avis de I'ARS sur le projet cit\u00e9 en objet.Le circuit du Val de Vergy comprend deux circuits : un grand circuit accessible aux motos et aux quadstoutes cylindr\u00e9es et un petit circuit accessible aux motos \u00ab petites roues \u00bb (80 cm?\u00ae) et aux mini-motos.Les pistes des circuits sont \u00e0 l'\u00e9tat naturel, compos\u00e9es de terre et de cailloux. Les pistes sont cl\u00f4tur\u00e9eset accessibles uniquement aux membres du club.Le circuit est homologu\u00e9 depuis le 21 mars 2017 ; il a b\u00e9n\u00e9fici\u00e9 d'un renouvellement en 2021.Protection des eaux destin\u00e9es \u00e0 la consommation humaine :Le projet est situ\u00e9 dans le projet de p\u00e9rim\u00e8tre de protection \u00e9loign\u00e9e (PPE) de la source de Vosne-Roman\u00e9e (ou source de la Bornue), d\u00e9fini dans l'avis de l'hydrog\u00e9ologue agr\u00e9e datant de d\u00e9cembre 2011.La proc\u00e9dure de d\u00e9claration d'utilit\u00e9 publique correspondante est toujours en cours d'instruction.Ce captage alimente de fa\u00e7on permanente 4 communes au travers du r\u00e9seau de la communaut\u00e9 decommunes de Gevrey-Chambertin et Nuits-Saint-Georges (r\u00e9seau Vosne-Roman\u00e9e).La source de la Bornue est aliment\u00e9e par l'infiltration des eaux m\u00e9t\u00e9oriques sur les plateaux calcairessitu\u00e9s notamment \u00e0 l'Ouest de la source. L'aquif\u00e8re calcaire b\u00e9n\u00e9ficie d'une tr\u00e8s faible protectionnaturelle du fait de I'inexistence de couverture \u00e9tanche, du faible r\u00f4le filtrantde la zone d'infiltration etdes temps de s\u00e9jour courts limitant les processus \u00e9puratoires, ce qui le rend vuln\u00e9rable aux pollutionsde surface, accidentelles ou diffuses.Le rapport de l'hydrog\u00e9ologue agr\u00e9\u00e9 pr\u00e9cise que les pollutions peuvent \u00eatre v\u00e9hicul\u00e9es \u00e0 partir de zonesd'infiltration \u00e9loign\u00e9e. En effet, un tra\u00e7age r\u00e9alis\u00e9 en 2010 a permis de confirmer une liaison hydrauliqueentre une perte localis\u00e9e dans la Combe Bichet (\u00e0 proximit\u00e9 du terrain de moto-cross) et le captage dela source de la Bornue, situ\u00e9 \u00e0 6 km du point d'injection. 'Au sein de ce p\u00e9rim\u00e8tre, un strict respect de la r\u00e9glementation g\u00e9n\u00e9rale en vigueur est requis.L'association du moto-club du Val Vergy devra prendre toutes les dispositions n\u00e9cessaires afin de limiterle risque de pollution des eaux souterraines..\nARS Bourgogne-Franche-Comt\u00e9Le Diapason, 2 Place des Savoirs, CS 73535, 21035 Dijon cedexT\u00e9l. : 0808 807 107 - Site : www.ars.bourgogne-franche-comte.sante.fr\nSous-pr\u00e9fecture de Beaune - 21-2025-06-13-00018 - Arr\u00eat\u00e9 pr\u00e9fectoral n\u00b0 830 portant renouvellement de l'homologation du circuit de\nmotocross \u00e0 Reulle-Vergy 144\nLe r\u00e8glement int\u00e9rieur du club pr\u00e9cise que la m\u00e9canique et les pleins de liquide polluant doivent se fairesur un tapis environnemental, que les vidanges sont interdites, et que les utilisateurs doivent ramenerleurs d\u00e9chets.Le r\u00e8glement int\u00e9rieur promeut, de mani\u00e9re g\u00e9n\u00e9rale, un comportement respectueux deI'environnement. Les consignes dispens\u00e9es visent \u00e0 limiter le risque de pollution accidentelle(hydrocarbures notamment). 'Il est rappel\u00e9 que tout accident de d\u00e9versement devra \u00eatre signal\u00e9 aupr\u00e9s de mes services et \u00e0 lacommunaut\u00e9 de communes.La pr\u00e9sence de sanitaires sur le site n'est pas pr\u00e9cis\u00e9e. En cas de recours \u00e0 un syst\u00e8me d'assainissementnon collectif, ce dernier devra faire l'objet d'une validation par le SPANC (Service publicd'assainissement non collectif).Nuisances sonores :Le circuit est entour\u00e9 de zones bois\u00e9es et de parcelles agricoles. Les habitations les plus prochessemblent situ\u00e9es \u00e0 environ 550 m\u00e8tres \u00e0 l'Est du circuit, rue de Ternant.Le r\u00e8glement int\u00e9rieur du circuit pr\u00e9cise que les machines utilis\u00e9es devront respecter les niveaux sonoresmaximaux impos\u00e9s par la FFM. Des contr\u00f4les inopin\u00e9s pourront \u00eatre r\u00e9alis\u00e9s par l'exploitant.Il est rappel\u00e9 que les dispositions du Code de la sant\u00e9 publique (articles R1336-6 et suivants), applicablesaux bruits de voisinage, devront \u00eatre respect\u00e9es.Au vu de ces \u00e9l\u00e9ments, j'\u00e9mets un avis favorable au renouvellement de l'homologation du circuit demoto-cross du Val de Vergy \u00e0 Reulle-Vergy.\nPour le directeur g\u00e9n\u00e9ral,La responsable de l'unit\u00e9 territorialesank\u00e9 environnement de C\u00f4te d'OrGraziella MIDELET\nARS Bourgogne-Franche-Comt\u00e9Le Diapason, 2 Place des Savoirs, CS 73535, 21035 Dijon cedexT\u00e9l. : 0808 807 107 - Site : www.ars.bourgogne-franche-comte.sante.fr\nSous-pr\u00e9fecture de Beaune - 21-2025-06-13-00018 - Arr\u00eat\u00e9 pr\u00e9fectoral n\u00b0 830 portant renouvellement de l'homologation du circuit de\nmotocross \u00e0 Reulle-Vergy 145\nSous-pr\u00e9fecture de Beaune\n21-2025-06-13-00019\nArr\u00eat\u00e9 pr\u00e9fectoral n\u00b0 832 portant\nrenouvellement de l'homologation du circuit de\nmini-motos et de pit-bike \u00e0 Reulle-Vergy\nSous-pr\u00e9fecture de Beaune - 21-2025-06-13-00019 - Arr\u00eat\u00e9 pr\u00e9fectoral n\u00b0 832 portant renouvellement de l'homologation du circuit de\nmini-motos et de pit-bike \u00e0 Reulle-Vergy 146\nE.PR\u00c9FETDE LA | Sous-pr\u00e9fecture de BeauneCOTE-D'ORL'iberte'Egalit\u00e9Fraternit\u00e9\nAffaire suivie par C\u00e9cile RAVRYP\u00f4le s\u00e9curit\u00e9 et r\u00e9glementationT\u00e9l : 03 45 43 80 11m\u00e9l : cecile.ravry@cote-dor.gouv.fr\nArr\u00eat\u00e9 pr\u00e9fectoral n\u00b0 832portant renouvellement de l'homologation du circuit de mini-motos et de pit-bike\u00e0 Reulle-Vergy\nVU le Code du Sport et notamment ses articles R 331-18 \u00e0 R 331-45-1 ;VU le Code de la sant\u00e9 publique, notamment ses articles R 1336-4 et suivants ;VU le d\u00e9cret n\u00b0 2006-554 du 16 mai 2006 relatif aux concentrations et manifestations organis\u00e9es sur les voiesouvertes ou dans les lieux non ouverts \u00e0 la circulation publique et comportant la participation de v\u00e9hiculesterrestres \u00e0 moteur ;VU le d\u00e9cret n\u00b0 2010-365 du 9 av'ril 2010 relatif \u00e0 l'\u00e9valuation des incidences Natura 2000 ;VU le d\u00e9cret n\u00b0 2017-1279 du 9 ao\u00fbt 2017 portant simplification de la police des manifestations sportives ;VU l'arr\u00eat\u00e9 du 24 novembre 2017 relatif aux manifestations sportives comportant des v\u00e9hicules terrestres \u00e0moteur ; .VU l'arr\u00eat\u00e9 pr\u00e9fectoral n\u00b0 445/SG du 17 mars 2025 donnant d\u00e9l\u00e9gation de signature \u00e0 M. Benoit BYRSKI sous-pr\u00e9fet de Beaune ;VU la demande d\u00e9pos\u00e9e le 28 mars 2025 et amend\u00e9e le 23 avril mars et le 26 mai 2025 par laquelle M. JacquesLESTRADE, pr\u00e9sident du motoclub du val de Vergy (MC2V) sollicite le renouvellement de 'homologation ducircuit de mini-motos et de pit-bike sis sur le territoire de la commune de Reulle-Vergy ;VU les r\u00e9gles techniques et de s\u00e9curit\u00e9 (RTS) \u00e9labor\u00e9es par la f\u00e9d\u00e9ration fran\u00e7aise du motocyclisme (FFM) ;VU l'accord des propri\u00e9taires des terrains ;VU l'attestation d'assurance d\u00e9livr\u00e9e le 5 mai 2025 par le cabinet LESTRADE et DAUGER Assurances;VU les avis favorables des services consult\u00e9s ;VU l'avis favorable de Monsieur le maire de Reulle-Vergy;\nSous-pr\u00e9fecture de Beaune - 21-2025-06-13-00019 - Arr\u00eat\u00e9 pr\u00e9fectoral n\u00b0 832 portant renouvellement de l'homologation du circuit de\nmini-motos et de pit-bike \u00e0 Reulle-Vergy 147\nVU la visite sur site de la commission d\u00e9partementale de s\u00e9curit\u00e9 routi\u00e8re - section sp\u00e9cialis\u00e9e \"\u00e9preuves etcomp\u00e9titions sportives\" le 26 mai 2025 ;Consid\u00e9rant que la commission d\u00e9partementale de s\u00e9curit\u00e9 routi\u00e8re - section sp\u00e9cialis\u00e9e \"\u00e9preuves etcomp\u00e9titions sportives\" - a \u00e9mis un avis favorable le 27 mai 2025 \u00e0 la demande de renouvellement del'homologation du circuit de mini-motos et de pit-bike;Consid\u00e9rant l'attestation de mise en conformit\u00e9 du site de pratique d\u00e9livr\u00e9e par la FFM le 25 avril 2025;ARRETE:\nArticle 1\u00b0: Le circuit de mini-motos situ\u00e9 sur le territoire de la commune de Reulle-Vergy est homologu\u00e9 pourune dur\u00e9e de 4 ans \u00e0 compter de la date de notification du pr\u00e9sent arr\u00eat\u00e9, soit jusqu'au 13 juin 2029,conform\u00e9ment au trac\u00e9 figurant sur le plan annex\u00e9 au pr\u00e9sent arr\u00eat\u00e9. .Cette piste d'une longueur de 455 m est r\u00e9serv\u00e9e aux mini-motos et aux pite-bikes pour les essais et/ouentrainements seulement.La circulation sur ce circuit est autoris\u00e9e dans un sens uniquement.Article 2 : Les am\u00e9nagements de ce circuit doivent r\u00e9pondre aux normes fix\u00e9es par les r\u00e8gles techniques et des\u00e9curit\u00e9 (RTS) \u00e9tablies par la FFM en application des articles R331-18 \u00e0 R331-45-1 du Code du sport. Toutprojet de modification doit \u00eatre port\u00e9 \u00e0 la connaissance de la f\u00e9d\u00e9ration et des services pr\u00e9fectoraux.Les v\u00e9hicules admis sur ce circuit ainsi que leurs conditions d'admission sont ceux fix\u00e9s par les r\u00e8glestechniques et de s\u00e9curit\u00e9 de la FFM.Article 3 : Le nombre de v\u00e9hicules admis simultan\u00e9ment est limit\u00e9 \u00e0 22 v\u00e9hicules pour les mini-motos et/ou lespit-bikes. : -Article 4 : Le circuit \u00e9tant situ\u00e9 dans le p\u00e9rim\u00e8tre du site Natura 2000, zone de protection sp\u00e9ciale \"Arriere c\u00f4tede Dijon et de Beaune\", il y a lieu de respecter les pr\u00e9conisations suivantes : :- les v\u00e9hicules doivent \u00e9tre stationn\u00e9s sur des surfaces imperm\u00e9abilis\u00e9es de fa\u00e7on \u00e0 \u00e9viter les fuitesd'hydrocarbure dans l'environnement,- la taille des haies qui bordent le circuit doit \u00eatre effectu\u00e9e en dehors de la p\u00e9riode du 15 mars au 15 ao\u00fbt,- une fauche tardive ou diff\u00e9renci\u00e9e des pelouses doit \u00eatre mise en place,- les d\u00e9chets doivent \u00eatre ramass\u00e9s, ramen\u00e9s et tri\u00e9s s\u00e9lectivement.Le gestionnaire du circuit est tenu de respecter les dispositions des articles R.1336.4 \u00e0 R1336.11 du Code de lasant\u00e9 publique relatifs \u00e0 la lutte contre les bruits de voisinage.Article 5: L'exploitant du circuit doit prendre les pr\u00e9cautions pour pr\u00e9venir une pollution et notamment ne pasfaire de stockage d'hydrocarbures. Les manipulations et d\u00e9p\u00f4ts d'hydrocarbures doivent se faire sur une aire\u00e9tanche (tapis environnemental) et les d\u00e9versements accidentels doivent \u00eatre signal\u00e9s aupr\u00e8s du service\"d\u00e9partement pr\u00e9vention sant\u00e9 environnement\" de la direction de la sant\u00e9 publique de l'Agence R\u00e9gionale deSant\u00e9. Bourgogne Franche-Comt\u00e9(cf avis de l'Agence R\u00e9gionale de Sant\u00e9 du 23 mai 2025 annex\u00e9 au pr\u00e9sentarr\u00eat\u00e9). .Article 6 : Les num\u00e9ros d'appel d'urgence des services de secours et les consignes de s\u00e9curit\u00e9, ainsi que ler\u00e8glement int\u00e9rieur d'utilisation du circuit doivent \u00eatre affich\u00e9s sur le site. Les consignes de s\u00e9curit\u00e9 doiventreprendre les modalit\u00e9s d'alerte des sapeurs-pompiers (18 ou 112), les dispositions \u00e0 prendre pour assurer las\u00e9curit\u00e9 du public, l'emplacement des extincteurs, l'accueil et le guidage des sapeurs-pompiers.L'acc\u00e8s et une circulation ais\u00e9s pour les engins de secours et de lutte contre l'incendie doivent \u00eatre assur\u00e9s enpermanence. ;Le cas \u00e9ch\u00e9ant, il appartiendra \u00e0 l'organisateur d'assurer la s\u00e9curit\u00e9 du public conform\u00e9ment \u00e0 l'arr\u00eat\u00e9 du 7novembre 2006 fixant le r\u00e9f\u00e9rentiel national relatif aux dispositifs pr\u00e9visionnels de secours (DPS) ;Article 7 : Un contrat d'assurance doit \u00eatre souscrit pour l'ensemble des activit\u00e9s.Article 8 : Une modification de l'homologation est n\u00e9cessaire lorsque les caract\u00e9ristiques du circuit font l'objetd'une \u00e9volution, notamment celles figurant sur le plan-masse. La modification de l'homologation est accord\u00e9e parle sous-pr\u00e9fet de Beaune, apr\u00e8s visite et avis de la commission d\u00e9partementale de la s\u00e9curit\u00e9 routi\u00e8re.\nSous-pr\u00e9fecture de Beaune \u2014 10 rue Fraisse - 21 200 Beaune\nSous-pr\u00e9fecture de Beaune - 21-2025-06-13-00019 - Arr\u00eat\u00e9 pr\u00e9fectoral n\u00b0 832 portant renouvellement de l'homologation du circuit de\nmini-motos et de pit-bike \u00e0 Reulle-Vergy 148\nArticle 9 : L'autorit\u00e9 qui a d\u00e9livr\u00e9 l'homologation peut, \u00e0 tout moment, v\u00e9rifier ou faire v\u00e9rifier le respect desconditions ayant permis l'homologation.L'homologation peut \u00eatre rapport\u00e9e ou suspendue pour une dur\u00e9e maximale de six mois, apr\u00e8s audition dugestionnaire, si la commission comp\u00e9tente a constat\u00e9 qu'une ou plusieurs des conditions qu'elle avait impos\u00e9esne sont pas respect\u00e9es.Article 10 : Le sous-pr\u00e9fet de Beaune,le directeur d\u00e9partemental des services d'incendie et de secours, ledirecteur des services d\u00e9partementaux de I'Education Nationale, la directrice d\u00e9partementale des territoires, lelieutenant-colonel commandant la Compagnie de Gendarmerie de Beaune, le pr\u00e9sident du conseil d\u00e9partementalde la C\u00f4te-d'Or, le directeur de l'Agence R\u00e9gionale de Sant\u00e9, le mairede Reulle-Vergy sont charg\u00e9s, chacun ence qui le concerne, de l'ex\u00e9cution du pr\u00e9sent arr\u00eat\u00e9 dont copie sera adress\u00e9e aux repr\u00e9sentants d\u00e9partementauxde la FFM et au gestionnaire du circuit.\" Le pr\u00e9sent arr\u00eat\u00e9 sera publi\u00e9 au recueil des actes administratifs de la pr\u00e9fecture de la C\u00f4te d'Or.Fait \u00e0 Beaune le 13 juin 2025\nPour le pr\u00e9fet de la C\u00f4te-d'Or et par d\u00e9l\u00e9gation,le sous-pr\u00e9fet de Beaune,\nsign\u00e9\nBeno\u00eet BYRSKI\nAnnexes :- plan du circuit- avis du 23 mai 2025 de l''Agence R\u00e9gionale de Sant\u00e9\nSous-pr\u00e9fecture de Beaune - 21-2025-06-13-00019 - Arr\u00eat\u00e9 pr\u00e9fectoral n\u00b0 832 portant renouvellement de l'homologation du circuit de\nmini-motos et de pit-bike \u00e0 Reulle-Vergy 149\nPlan de masse\n\\(\",*'f\"\" Y7//\no t 2(22. Ceu\u00aete \\lcfl)-'p 21 (o8 [2081\nLe 05/ 05/ 2025RIR\n. F ON fim@ffmotov  ffmoto org\nSous-pr\u00e9fecture de Beaune - 21-2025-06-13-00019 - Arr\u00eat\u00e9 pr\u00e9fectoral n\u00b0 832 portant renouvellement de l'homologation du circuit de\nmini-motos et de pit-bike \u00e0 Reulle-Vergy 150\nREPUBLIQUEIL:E tA NCAISE @ D Agence R\u00e9gionale de Sant\u00e9se ' - Bourgogne- 'Egalit\u00e9 ; Franche-Comt\u00e9Fraternit\u00e9 Dijon, le 23 mai 2025Direction de la sant\u00e9 publiqueD\u00e9partement pr\u00e9vention sant\u00e9 environnement Le directeur g\u00e9n\u00e9ral de l'agence r\u00e9gionale de sant\u00e9Unit\u00e9 territoriale de la C\u00f4te-d'Or Bourgogne \u2014 Franche-Comt\u00e9Affaire suivie par : Sarah HARDY & Bertrand DANIEL \u00e0Courriel : ARS-BFC-DSP-SE-21@ars.sante.frT\u00e9l\u00e9phone : 03 39 59 53 52 Sous-Pr\u00e9fecture de BeauneSecr\u00e9tariat : 03 80 41 53 01 10 rue Edouard Fraisse21200 BeauneR\u00e9f. 2025/Motocross/Reulle-Vergy/SH/356A l'attention de C\u00e9cile RAVRYcecile.ravry@cote-dor.gouv.fr\nObjet : Renouvellement de l'homologation du circuit de moto-cross du Val de Vergy \u00e0 REULLE-VERGYPar courriel du 25 avril 2025, vous avez sollicit\u00e9 l'avis de l'ARS sur le projet cit\u00e9 en objet.Le circuit du Val de Vergy comprend deux circuits : un grand circuit accessible aux motos et aux quadstoutes cylindr\u00e9es et un petit circuit accessible aux motos \u00ab petites roues \u00bb (80 cm\u00b0) et aux mini-motos.Les pistes des circuits sont \u00e0 I'\u00e9tat naturel, compos\u00e9es de terre et de cailloux. Les pistes sont cl\u00f4tur\u00e9eset accessibles uniquement aux membres du club.Le circuit est homologu\u00e9 depuis le 21 mars 2017 ; il a b\u00e9n\u00e9fici\u00e9 d'un renouvellement en 2021.Protection des eaux destin\u00e9es \u00e0 la consommation humaine :Le projet est situ\u00e9 dans le projet de p\u00e9rim\u00e8tre de protection \u00e9loign\u00e9e (PPE) de la source de Vosne-Roman\u00e9e (ou source de la Bornue), d\u00e9fini dans l'avis de l''hydrog\u00e9ologue agr\u00e9e datant de d\u00e9cembre 2011.La proc\u00e9dure de d\u00e9claration d'utilit\u00e9 publique correspondante est toujours en cours d'instruction.Ce captage alimente de fa\u00e7on permanente' 4 communes au travers du r\u00e9seau de la communaut\u00e9 decommunes de Gevrey-Chambertin et Nuits-Saint-Georges (r\u00e9seau Vosne-Roman\u00e9e).La source de la Bornue est aliment\u00e9e par l'infiltration des eaux m\u00e9t\u00e9oriques sur les plateaux calcairessitu\u00e9s notamment \u00e0 l'Ouest de la source. L'aquif\u00e8re calcaire b\u00e9n\u00e9ficie d'une tr\u00e8s faible protectionnaturelle du fait de l'inexistence de couverture \u00e9tanche, du faible r\u00f4le filtrantde la zone d'infiltration etdes temps de s\u00e9jour courts limitant les processus \u00e9puratoires, ce qui le rend vuln\u00e9rable aux pollutionsde surface, accidentelles ou diffuses. |Le rapport de l''hydrog\u00e9ologue agr\u00e9\u00e9 pr\u00e9cise que les pollutions peuvent \u00eatre v\u00e9hicul\u00e9es \u00e0 partir de zonesd'infiltration \u00e9loign\u00e9e. En effet, un tra\u00e7age r\u00e9alis\u00e9 en 2010 a permis de confirmer une liaison hydrauliqueentre une perte localis\u00e9e dans la Combe Bichet (\u00e0 proximit\u00e9 du terrain de moto-cross) et le captage dela source de la Bornue, situ\u00e9 \u00e0 6 km du point d'injection. |Au sein de ce p\u00e9rim\u00e8tre, un strict respect de la r\u00e9glementation g\u00e9n\u00e9rale en vigueur est requis.L'association du moto-club du Val Vergy devra prendre toutes les dispositions n\u00e9cessaires afin de limiterle risque de pollution des eaux souterraines. .\nARS Bourgogne-Franche-Comt\u00e9Le Diapason, 2 Place des Savoirs, CS 73535, 21035 Dijon cedexT\u00e9l. : 0808 807 107 - Site : www.ars.bourgogne-franche-comte.sante.fr\nSous-pr\u00e9fecture de Beaune - 21-2025-06-13-00019 - Arr\u00eat\u00e9 pr\u00e9fectoral n\u00b0 832 portant renouvellement de l'homologation du circuit de\nmini-motos et de pit-bike \u00e0 Reulle-Vergy 151\nLe r\u00e8glement int\u00e9rieur du club pr\u00e9cise que la m\u00e9canique et les pleins de liquide polluant doivent se fairesur Un tapis environnemental, que les vidanges sont interdites, et que les utilisateurs doivent ramenerleurs d\u00e9chets.Le r\u00e8glement int\u00e9rieur promeut, de mani\u00e8re g\u00e9n\u00e9rale, un comportement respectueux deI'environnement. Les consignes dispens\u00e9es visent \u00e0 limiter le risque de pollution accidentelle(hydrocarbures notamment). 'Il est 'rappel\u00e9 que tout accident de d\u00e9versement devra \u00eatre signal\u00e9 aupr\u00e8s de mes services et \u00e0 lacommunaut\u00e9 de communes.La pr\u00e9sence de sanitaires sur le site n'est pas pr\u00e9cis\u00e9e. En cas de recours \u00e0 un syst\u00e8me d'assainissementnon collectif, ce dernier devra faire l'objet d'une validation par le SPANC (Service publicd'assainissement non collectif).Nuisances sonores :Le circuit est entour\u00e9 de zones bois\u00e9es et de parcelles agricoles. Les habitations les plus prochessemblent situ\u00e9es \u00e0 environ 550 m\u00e8tres \u00e0 l'Est du circuit, rue de Ternant.Le r\u00e8glement int\u00e9rieur du circuit pr\u00e9cise que les machines utilis\u00e9es devront respecter les niveaux sonoresmaximaux impos\u00e9s par la FFM. Des contr\u00f4les inopin\u00e9s pourront \u00eatre r\u00e9alis\u00e9s par l'exploitant.Il est rappel\u00e9 que les dispositions du Code de la sant\u00e9 publique (articles R1336-6 et suivants), applicablesaux bruits de voisinage, devront \u00eatre respect\u00e9es.Au vu de ces \u00e9l\u00e9ments, j'\u00e9mets un avis favorable au renouvellement de l'homologation du circuit demoto-cross du Val de Vergy \u00e0 Reulle-Vergy.\nPour le directeur g\u00e9n\u00e9ral,La responsable de l'unit\u00e9 territorialesank\u00e9 environnement de C\u00f4te d'OrGraziella MIDELET\nARS Bourgogne-Franche-Comt\u00e9Le Diapason, 2 Place des Savoirs, CS 73535, 21035 Dijon cedexT\u00e9l. : 0808 807 107 - Site : www.ars.bourgogne-franche-comte.sante.fr\nSous-pr\u00e9fecture de Beaune - 21-2025-06-13-00019 - Arr\u00eat\u00e9 pr\u00e9fectoral n\u00b0 832 portant renouvellement de l'homologation du circuit de\nmini-motos et de pit-bike \u00e0 Reulle-Vergy 152\nSous-pr\u00e9fecture de Beaune\n21-2025-06-19-00002\nArr\u00eat\u00e9 pr\u00e9fectoral n\u00b0 874 portant autorisation de\nla manifestation sportive avec participation de\nv\u00e9hicules terrestres \u00e0 moteur d\u00e9nomm\u00e9e\n\u00ab\u00a0Course de tracteurs-tondeuses\u00a0\u00bb organis\u00e9e le\n28 juin 2025 sur le circuit de quads et de motos\nde Premeaux-Prissey et Quincey \nSous-pr\u00e9fecture de Beaune - 21-2025-06-19-00002 - Arr\u00eat\u00e9 pr\u00e9fectoral n\u00b0 874 portant autorisation de la manifestation sportive avec\nparticipation de v\u00e9hicules terrestres \u00e0 moteur d\u00e9nomm\u00e9e \u00ab\u00a0Course de tracteurs-tondeuses\u00a0\u00bb organis\u00e9e le 28 juin 2025 sur le circuit\nde quads et de motos\nde Premeaux-Prissey et Quincey \n153\n. & | | SOUS-PR\u00c9FECTUREPR\u00c9FET DE BEAUNEDE LACOTE-D'ORL'z'berte'Egalit\u00e9Fraternit\u00e9\nAffaire suivie par C\u00e9cile RAVRY Beaune, le 19 juin 2025T\u00e9l : 03 45 43 80 11m\u00e9l : cecile.ravry@cote-dor.gouv.fr\nArr\u00eat\u00e9 pr\u00e9fectoral n\u00b0 874portant autorisation de la manifestation sportlveavec participation de v\u00e9hicules terrestres \u00e0 moteurd\u00e9nomm\u00e9e \u00ab Course de tracteurs-tondeuses \u00bborganis\u00e9e le 28 juin 2025 sur le circuit de quads et de motosde Premeaux-Prissey et Quincey\nLe sous-pr\u00e9fet de Beaune\nVU le code de la route, notamment ses articles R. 411-5 et R. 411-10 ;VU le code du sport, notamment ses articles L. 331-1 \u00e0 L. 331-12, L. 332-1 \u00e0 L. 332-21, R. 331-18 \u00e0 R.331-45-1, A. 331-16 \u00e0 A. 331-23 et A. 331-32 ;VU le code de l'environnement, notamment ses articles R. 414-19 \u00e0 R. 414-26 ;VU le d\u00e9cret n\u00b0 2010-365 du 9 avril 2010 relatif \u00e0 l'\u00e9valuation des incidences Natura 2000 ;VU le d\u00e9cret du 6 juillet 2023 du Pr\u00e9sident de la R\u00e9publique portant nomination de M. Beno\u00eetBYRSKI en qualit\u00e9 de sous-pr\u00e9fet de Beaune ;VU l'arr\u00eat\u00e9 pr\u00e9fectoral n\u00b0 445/SG du 17 mars 2025 donnant d\u00e9l\u00e9gation de signature \u00e0 M. Beno\u00eetBYRSKI, sous-pr\u00e9fet de Beaune ;VU les r\u00e8gles techniques et de s\u00e9curit\u00e9 \u00e9dict\u00e9es par la f\u00e9d\u00e9ration fran\u00e7aise de sport automobile, enapplication de l'article R 331-19 du Code du sport, notamment l'annexe |Il-22 qui encadre lescourses de tracteurs;VU la demande d\u00e9pos\u00e9e le 8 avril 2025 sur la plateforme SIMS par Monsieur Franck PELLETIER auxfins d'obtenir l'autorisation d'organiser une manifestation sportive avec comp\u00e9tition comportant lapr\u00e9sence de v\u00e9hicules terrestres \u00e0 moteur d\u00e9nomm\u00e9e \u00abCourse de tracteurs-tondeuses\u00bb le samedi28 juin 2025, sur une partie du circuit de quads et de motos au ||eu dit \u00ab En Gibosse \u00bb \u00e0 Premeaux-Prissey et Quincey;VU le devis sign\u00e9 le 22 avril 2025 relatif \u00e0 la mise en place d'un dispositif pr\u00e9visionnel de secours(DPS) conclu entre Monsieur Franck PELLETIER et l'association agr\u00e9\u00e9e DP4S Secours ;VU l'attestation de police d'assurance du 2 juin 2025 garantissant la responsabilit\u00e9 civile del'association Bourgogne Quad 21 pour l'\u00e9preuve sus-vis\u00e9e;\nSous-pr\u00e9fecture de Beaune - 21-2025-06-19-00002 - Arr\u00eat\u00e9 pr\u00e9fectoral n\u00b0 874 portant autorisation de la manifestation sportive avec\nparticipation de v\u00e9hicules terrestres \u00e0 moteur d\u00e9nomm\u00e9e \u00ab\u00a0Course de tracteurs-tondeuses\u00a0\u00bb organis\u00e9e le 28 juin 2025 sur le circuit\nde quads et de motos\nde Premeaux-Prissey et Quincey \n154\nVU le r\u00e8glement particulier de la manifestation re\u00e7u le 8 avril 2025 ;VU l'avis favorable de la commission d\u00e9partementale de s\u00e9curit\u00e9 routi\u00e8re - section sp\u00e9cialis\u00e9e\"\u00e9preuves et comp\u00e9titions sportives\" lors de la visite sur site le 26 mai 2025 ;CONSID\u00c9RANT que le dossier est complet ;CONSID\u00c9RANT que la commission d\u00e9partementale de la s\u00e9curit\u00e9 routi\u00e8re - section sp\u00e9cialis\u00e9e\"\u00e9preuves et comp\u00e9titions sportives\"- a \u00e9mis Un avis favorable lors de sa r\u00e9union en salle du 27 mai2025 ; ' '\nARRETE :\nArticle 1er: Monsieur Franck PELLETIER est autoris\u00e9 \u00e0 organiser une manifestation sportive avecparticipation de v\u00e9hicules terrestres \u00e0 moteur d\u00e9nomm\u00e9e \"Course de tracteurs-tondeuses \", lesamedi 28 juin 2025 sur une partie du circuit de quads et de motos situ\u00e9 au lieu-dit \u00ab En Gibosse\u00bb \u00e0Premeaux-Prissey et Quincey, conform\u00e9ment au trac\u00e9 annex\u00e9 au pr\u00e9sent arr\u00eat\u00e9 et aux modalit\u00e9sexpos\u00e9es dans la demande et le r\u00e8glement.Article 2: En application de l'article R 331-37 du code du sport, la pr\u00e9sente autorisation vauthomologation du circuit non permanent sur laquelle se d\u00e9roule la manifestation pr\u00e9cit\u00e9e et pour laseule dur\u00e9e de celle-ci.Article 3: Le nombre de v\u00e9hicules pr\u00e9vus simultan\u00e9ment sur la piste est de 30.Article 4 : L'organisateur est tenu de respecter les dispositions de l'annexe 111-22 du code du sport(annex\u00e9 au pr\u00e9sent arr\u00eat\u00e9) relative aux manifestations de v\u00e9hicules terrestres \u00e0 moteur danslesquelles la vitesse est I'un des \u00e9l\u00e9ments essentiels du classement, et qui ne sont pas incluses dansles disciplines faisant l'objet d'une d\u00e9l\u00e9gation attribu\u00e9e par le minist\u00e8re charg\u00e9 des sports \u00e0 laf\u00e9d\u00e9ration fran\u00e7aise du sport automobile ou \u00e0 la f\u00e9d\u00e9ration fran\u00e7aise de motocyclisme.Article 5: L'organisateur est tenu de respecter les dispositions des articles R.1336.4 \u00e0 R1336.11 ducode de la sant\u00e9 publique relatif \u00e0 la lutte contre les bruits de voisinage.Article 6: La pr\u00e9sente autorisation est accord\u00e9e sous r\u00e9serve que l'organisateur prenne \u00e0 sa chargeles frais n\u00e9cessit\u00e9s par la mise en place des dispositifs destin\u00e9s au maintien de la s\u00e9curit\u00e9 \u00e0l'occasion du d\u00e9roulement de l'\u00e9preuve et assure la r\u00e9paration des dommages, d\u00e9gradations,modifications de toutes sortes de la voie publique ou de ses d\u00e9pendances, imputables auxconcurrents, aux organisateurs ou \u00e0 leurs pr\u00e9pos\u00e9s.Article 7 : En aucun cas la responsabilit\u00e9 de l'Etat et des communes ne pourra \u00eatre engag\u00e9e et aucunrecours ne pourra \u00e9ventuellement \u00eatre exerc\u00e9 contre eux.Article 8 : La pr\u00e9sente autorisation peut \u00eatre suspendue ou rapport\u00e9e \u00e0 tout moment s'il appara\u00eetque les conditions de s\u00e9curit\u00e9 ne se trouvent plus r\u00e9unies ou que l'organisateur, malgr\u00e9 la mise endemeure qui lui en est faite par l'autorit\u00e9 administrative, ne respecte plus ou ne fait plus respecterpar les participants et les spectateurs les dispositions pr\u00e9vues par le r\u00e8glement particulier de lamanifestation en vue d'assurer leur protection.Article 9: Il n'y a aucune zone de contact entre le public et les v\u00e9hicules des participants avecmoteur allum\u00e9. D'une mani\u00e8re g\u00e9n\u00e9rale, la zone du public doit \u00eatre dispos\u00e9e et s\u00e9curis\u00e9e de tellemani\u00e8re que le public soit toujours en s\u00e9curit\u00e9, m\u00eame si un engin sortait de piste. Les distances des\u00e9curit\u00e9 entre la zone \u00ab public \u00bb et la piste doivent \u00eatre respect\u00e9es.\nSous-pr\u00e9fecture de Beaune - 21-2025-06-19-00002 - Arr\u00eat\u00e9 pr\u00e9fectoral n\u00b0 874 portant autorisation de la manifestation sportive avec\nparticipation de v\u00e9hicules terrestres \u00e0 moteur d\u00e9nomm\u00e9e \u00ab\u00a0Course de tracteurs-tondeuses\u00a0\u00bb organis\u00e9e le 28 juin 2025 sur le circuit\nde quads et de motos\nde Premeaux-Prissey et Quincey \n155\ngArticle 10: L'organisateur doit assurer et garantir l'acc\u00e8s et une circulation ais\u00e9e pour les engins desecours et de lutte contre l'incendie.En cas d'accident entra\u00eenant le sauvetage ou l'\u00e9vacuation de personnes, l'organisateur doit prevenlrles sapeurs-pompiers qui interviennent par appel au 18 ou au 112.Article 11: Les v\u00e9hicules doivent \u00eatre stationn\u00e9s sur des surfaces imperm\u00e9abilis\u00e9es de fa\u00e7on \u00e0 \u00e9viterles fuites d'hydrocarbures dans |'environnement. Les stockages de produits dommageables pourl'environnement doivent \u00e9tre s\u00e9curis\u00e9s.Le d\u00e9p\u00f4t d'ordures en dehors des zones pr\u00e9vues \u00e0 cet effet est interdit. Les d\u00e9chets doivent \u00eatreramass\u00e9s, ramen\u00e9s et tri\u00e9s.Les feux, le bivouac et le camping sont interdits.Article 12 : Avant la manifestation, les organisateurs doivent interroger M\u00e9t\u00e9o France (notammentpar le biais du r\u00e9pondeur t\u00e9l\u00e9phonique : 08.99.71.02.21 ou par internet : www.meteofrance.com) afinde conna\u00eetre la couleur de la carte de vigilance m\u00e9t\u00e9o et prendre toute mesure adapt\u00e9e. Dansl'hypoth\u00e8se d'une carte orange ou rouge, il leur appartient de prendre les- dispositions quis'imposent (voire d'annuler la manifestation) et d'informer l'autorit\u00e9 municipale. 'Article 13 : L'organisateur technique d\u00e9sign\u00e9 doit attester (attestation jointe) que l'ensemble desmesures sont prises conform\u00e9ment aux prescriptions contenues dans l'arr\u00eat\u00e9 pr\u00e9fectorald'autorisation de l'\u00e9preuve. L'organisateur technique est charg\u00e9 de v\u00e9rifier et d'exiger, avant lecommencement de la manifestation, que l'ensemble des conditions mises \u00e0 l'octroi de la pr\u00e9senteautorisation est effectivement respect\u00e9et d'interdire la manifestation si ces conditions ne sont pasremplies.L'attestation ci-jointe devra \u00eatre transmise imm\u00e9diatement \u00e0 la sous-pr\u00e9fecture de Beaune par'courriel\u00e0 sp-beaune@cote-dor.gouv.frArticle 14 : Le sous-pr\u00e9fet de l'arrondissement de Beaune, le pr\u00e9sident du conseil d\u00e9partemental dela C\u00f4te-d'Or, les maires de Premeaux-Prissey et de Quincey, le directeur d\u00e9partemental des servicesd'incendie et de secours, le directeur des services d\u00e9partementaux de l''\u00e9ducation nationale, ladirectrice d\u00e9partementale des territoires, le lieutenant-colonel commandant la compagnie degendarmerie de Beaune, sont charg\u00e9s, chacun en ce qui le concerne, de l'ex\u00e9cution du pr\u00e9sentarr\u00eat\u00e9 dont copie sera adress\u00e9e aux repr\u00e9sentants departementaux de la f\u00e9d\u00e9ration fran\u00e7aise desport automobile et \u00e0 l'organisateur.Le pr\u00e9sent arr\u00e9t\u00e9 sera publi\u00e9 au recueil des actes administratifs de la pr\u00e9fecture de la C\u00f4te-d'Or.\nLe sous-pr\u00e9fet de Beaune,sign\u00e9\nBeno\u00eet BYRSKI\nANNEXES :- plan du circuit- annexe |l|-22 du code du sport- attestation \u00e0 compl\u00e9ter\nSous-pr\u00e9fecture de Beaune - 21-2025-06-19-00002 - Arr\u00eat\u00e9 pr\u00e9fectoral n\u00b0 874 portant autorisation de la manifestation sportive avec\nparticipation de v\u00e9hicules terrestres \u00e0 moteur d\u00e9nomm\u00e9e \u00ab\u00a0Course de tracteurs-tondeuses\u00a0\u00bb organis\u00e9e le 28 juin 2025 sur le circuit\nde quads et de motos\nde Premeaux-Prissey et Quincey \n156\nH = Poste de CammiSSail; )r\n* \u0178 Pilotes 'let'c; - Pilotes\n\u00ceBourgogne QUAD 21 \u00ae ; ParkingTerrain lieu dit \u00ab EN GIBOSSE \u00bb Public\na\u2014\u00ee\u2014.\u00ffhg_\u2014- -= Zone Pu blie\n4ajectoire\u2014 .\" A\u00f1nexe\n-ZonePUDINC\"---\u2014--'--\nPRsu-\"v\"'sPlaing d'\u00e9'Pisto\"@ndman'ce s4TRACTEURS\"FONDEUSES]\n\u00e6\n\u2014....\u2014----.------.. .\u20147,\u2014,) e 'J'lbllAcc\u00e8s Sscours\nPage 1/1\nSous-pr\u00e9fecture de Beaune - 21-2025-06-19-00002 - Arr\u00eat\u00e9 pr\u00e9fectoral n\u00b0 874 portant autorisation de la manifestation sportive avec\nparticipation de v\u00e9hicules terrestres \u00e0 moteur d\u00e9nomm\u00e9e \u00ab\u00a0Course de tracteurs-tondeuses\u00a0\u00bb organis\u00e9e le 28 juin 2025 sur le circuit\nde quads et de motos\nde Premeaux-Prissey et Quincey \n157\nArticle Annexe III-22 - Code du sport - L\u00e9gifrance https://www.legifrance.gouv.fr/codes/article 1c/LEGIARTI0O0001...\nEx L\u00e9gifrance | eRE P U B L l QU E Le service public de la diffusion du droitFRAN\u00c7AISELibert\u00e9\u00c9galit\u00e9Fraternit\u00e9Code du sportArticle Annexe II|-22Version en vigueur depuis le 30 avril 2008\nANNEXES (Articles Annexe |-1 (art. R122-4) \u00e0 Annexe IIIl-28)Annexes partie r\u00e9glementaire- Arr\u00eat\u00e9s (Articles Annexe [-0-1 (art. A114-3) \u00e0 Annexe III-28)Annexes Il (Articles Annexe IlI-1 (art. A312-1) \u00e0 Annexe 111-28)Annexe Ili-22 Version en vigueur depuis le 30 avril 2008Cr\u00e9ation Arr\u00e9t\u00e9 du 28 f\u00e9vrier 2008 - art. (V)LES MANIFESTATIONS DE VEHICULES TERRESTRES A MOTEUR DANS LESQUELLES LA VITESSE EST L'UNDES ELEMENTS ESSENTIELS DU CLASSEMENT, ET QUI NE SONT PAS INCLUSES DANS LES DISCIPLINESFAISANT L'OBJET DE LA DELEGATION ATTRIBUEE PAR LE MINISTERE CHARGE DES SPORTS A LAFEDERATION FRAN\u00c7AISE DU SPORT AUTOMOBILE OU A LA FEDERATION FRAN\u00c7AISE DE MOTOCYCLISME(art. A331-22 et A331-23)D\u00e9finitionSont notamment concern\u00e9es les courses de tracteurs, de moissonneuses-batteuses ou d'autres engins terrestresmotoris\u00e9s, quel que soit le nombre de roues ou le mode de propulsion.R\u00e8gles relatives au circuit ou parcoursLa nature du rev\u00e9tement et la longueur du circuit sont libres. La largeur doit au minimum \u00e9tre en tout point \u00e9gal a 3 foisau moins la largeur maximale des engins utilis\u00e9s de fagon a permettre un d\u00e9passement d'autres concurrents, lorsque- celui-ci est possible. Lorsqu'il s'agit d'un parcours sur lequel les v\u00e9hicules \u00e9voluent individuellement, la largeur peut \u00e9treramen\u00e9e a 2 fois au moins la largeur maximale du v\u00e9hicule. La piste doit \u00e9tre d\u00e9pourvue de tout obstacle ou \u00e9l\u00e9mentsusceptibles de pr\u00e9senter un risque particulier pour les participants.D\u00e8s lors que ces courses se d\u00e9roulent sur des circuits non permanents et que la vitesse qui peut y \u00eatre atteinte esttoujours inf\u00e9rieure \u00e0 200 km/h, l'autorisation pr\u00e9fectorale de la manifestation vaut homologation du circuit pour la seuledur\u00e9e de la manifestation, conform\u00e9ment \u00e0 ce que pr\u00e9voit l'article R. 331-37 du code du sport.R\u00e8gles relatives aux engins utilis\u00e9sIl convient de s'assurer que:\u2014 les accessoires susceptibles de pr\u00e9senter un danger particulier pour le pllote ou son passager \u00e0 l'int\u00e9rieur du postede pilotage sont prot\u00e9g\u00e9s ou d\u00e9mont\u00e9s;\u2014 un syst\u00e8me de harnachement du pilote sur son si\u00e8ge est pr\u00e9vu sauf pour les motos et les quads ;\u2014 en mati\u00e8re de bruit, la limite maximale de 100 dB (A) n'est pas franchie.R\u00e8gles relatives aux concurrents ou participants- Aptitude m\u00e9dicale :\u2014 les participants doivent pr\u00e9senter un certificat m\u00e9dical de non-contre-indication \u00e0 la pratique des sports m\u00e9caniquesde moins d'un an ; :Aptitude a la conduite :\u2014 les participants doivent pr\u00e9senter le permis de conduire n\u00e9cessaire \u00e0 la conduite de l'engin utilis\u00e9 puisqu'ils ne\n1 sur 2 19/06/2025, 09:53\nSous-pr\u00e9fecture de Beaune - 21-2025-06-19-00002 - Arr\u00eat\u00e9 pr\u00e9fectoral n\u00b0 874 portant autorisation de la manifestation sportive avec\nparticipation de v\u00e9hicules terrestres \u00e0 moteur d\u00e9nomm\u00e9e \u00ab\u00a0Course de tracteurs-tondeuses\u00a0\u00bb organis\u00e9e le 28 juin 2025 sur le circuit\nde quads et de motos\nde Premeaux-Prissey et Quincey \n158\nArticle Annexe III-22 - Code du sport - L\u00e9gifrance https://www.legifrance.gouv.fr/codes/article 1c/LEGIARTIO0001...peuvent b\u00e9n\u00e9ficier de la d\u00e9rogation pr\u00e9vue \u00e0 l'article R. 221-16 du code de la route ;Equipements personnels de s\u00e9curit\u00e9 :\u2014 au minimum, les participants doivent \u00eatre \u00e9quip\u00e9s d'un casque homologu\u00e9.R\u00e8gles relatives \u00e0 l'encadrementAucune formation sp\u00e9cifique n'\u00e9tant mise en place pour ce type de manifestations, aucune qualification particuli\u00e8re nepeut \u00eatre exig\u00e9e. Le directeur de course doit \u00eatre titulaire du permis de conduire.Doivent au minimum \u00eatre pr\u00e9sents lors de la manifestation un directeur de course et des commissaires de pistes ennombre suffisant compte tenu de la longueur du circuit.M\u00e9dical :\u2014 l'encadrement m\u00e9dical doit \u00eatre adapt\u00e9 aux risques encourus par les participants en fonction de la vitesse atteinte parles engins. Au minimum, une \u00e9quipe de secouristes doit \u00eatre pr\u00e9sente sur la piste. L'accessibilit\u00e9 des services desecours (ambulances, pompiers et m\u00e9decins) au lieu de la manifestation doit \u00eatre assur\u00e9e de fa\u00e7on permanente duranttoute la dur\u00e9e de la manifestation.Dispositions relatives \u00e0 la protection du publicLa protection du public doit \u00eatre adapt\u00e9e \u00e0 la vitesse atteinte par les engins utilis\u00e9s, ainsi qu'au poids et \u00e0 la taille deceux-ci. Il convient de se rapporter aux r\u00e8gles techniques et de s\u00e9curit\u00e9 d\u00e9finies par la F\u00e9d\u00e9ration fran\u00e7aise du sportautomobile ou la F\u00e9d\u00e9ration fran\u00e7aise de motocyclisme pour des disciplines voisines, notamment, en fonction de lavitesse et de l'inertie des engins, les mesures de protection du public pr\u00e9vues pour :\u2014 les disciplines courses de c\u00f4te ou karting , lorsque les engins \u00e9voluent sur bitume ;\u2014 les disciplines circuits tout-terrain ou trial 4 x 4 , lorsque les engins \u00e9voluent sur circuit tout-terrain.Doivent en particulier \u00eatre pr\u00e9vus, en nombre suffisant et \u00e0 des emplacements adapt\u00e9s, des extincteurs appropri\u00e9s auxrisques.Dispositions diversesCes manifestations sont soumises \u00e0 toutes les dispositions, notamment d'assurance et de d\u00e9p\u00f4t des dossiers, pr\u00e9vuespar les articles R. 331-18 \u00e0 R. 331-44 du code du sport. '\n2 sur 2 19/06/2025, 09:53\nSous-pr\u00e9fecture de Beaune - 21-2025-06-19-00002 - Arr\u00eat\u00e9 pr\u00e9fectoral n\u00b0 874 portant autorisation de la manifestation sportive avec\nparticipation de v\u00e9hicules terrestres \u00e0 moteur d\u00e9nomm\u00e9e \u00ab\u00a0Course de tracteurs-tondeuses\u00a0\u00bb organis\u00e9e le 28 juin 2025 sur le circuit\nde quads et de motos\nde Premeaux-Prissey et Quincey \n159\nATTESTATION\n(A SCANNER A LA SOUS-PREFECTURE DE BEAUNE \u00e0sp-beaune@cote-dor.gouv.frAVANT LE DEBUT DE LA MANIFESTATION)\nConform\u00e9ment \u00e0 l'article R 331-27 du Code du sport, j'atteste, en ma qualit\u00e9d'organisateur technique d\u00e9sign\u00e9 par Bourgogne Quad 21 que l'ensemble desprescriptions mentionn\u00e9es dans l'arr\u00eat\u00e9 pr\u00e9fectoral d'autorisation de lamanifestation \u00abCourse de tracteurs-tondeuses\u00bb qui se d\u00e9roule le 28 juin 2025 ont\u00e9t\u00e9 respect\u00e9es.\nA ,LEL'ORGANISATEUR TECHNIQUE :\nSous-pr\u00e9fecture de Beaune - 21-2025-06-19-00002 - Arr\u00eat\u00e9 pr\u00e9fectoral n\u00b0 874 portant autorisation de la manifestation sportive avec\nparticipation de v\u00e9hicules terrestres \u00e0 moteur d\u00e9nomm\u00e9e \u00ab\u00a0Course de tracteurs-tondeuses\u00a0\u00bb organis\u00e9e le 28 juin 2025 sur le circuit\nde quads et de motos\nde Premeaux-Prissey et Quincey \n160\nSous-pr\u00e9fecture de Montbard\nManifestations sportives\n21-2025-06-13-00017\nAP Saulieu 2025\nSous-pr\u00e9fecture de Montbard - 21-2025-06-13-00017 - AP Saulieu 2025 161\nPREFETDE LACOTE-D'ORsz'berte'Egalit\u00e9Fraternit\u00e9\nSous-Pr\u00e9fecture de Montbard\n  \nAffaire suivie par Sabrina GRANDCHAMP  \nT\u00e9l. : 03.45.43.80.55\nCourriel  : sabrina,grandchamp  @cote-dor.gouv.fr  \nARR\u00caT\u00c9 PR\u00c9FECTORAL N\u00b0 849\nportant renouvellement d'habilitation dans le domaine fun\u00e9raire\nde la SAS PARIS FOURCHOTTE\nle sous-pr\u00e9fet de Montbard\nVU le  Code  G\u00e9n\u00e9ral  des  Collectivit\u00e9s  Territoriales  et  notamment  les  dispositions  des  \narticles L 2223-19 \u00e0 L 2223-30, R 2223-40 \u00e0 R  2223-65 et D 2223-34 \u00e0 D 2223-39 relatifs \n\u00e0 l'habilitation fun\u00e9raire ;\nVU la loi n\u00b0 93.23 du 8 janvier 1993 relative \u00e0 la l\u00e9gislation dans le domaine fun\u00e9raire ;\nVU le d\u00e9cret n\u00b0 98.447 du 2 juin 1998 modifiant le d\u00e9cret n\u00b0 95.653 du 9 mai 1995 relatif au \nr\u00e8glement national des pompes fun\u00e8bres ;\nVU le  d\u00e9cret  n\u00b0  374  du  29  avril  2004  modifi\u00e9  relatif  aux  pouvoirs  des  pr\u00e9fets,  \u00e0\nl'organisation et \u00e0 l'action des services de l'\u00c9tat dans les r\u00e9gions et d\u00e9partement ;\nVU le d\u00e9cret n\u00b02020-917 du 28 juillet 2020 relatif \u00e0 la dur\u00e9e de l'habilitation dans le secteur\nfun\u00e9raire et \u00e0 la housse mortuaire ;\nVU l'arr\u00eat\u00e9 pr\u00e9fectoral du 14 juin 2019 portant habilitation dans le domaine fun\u00e9raire de la\nSAS PARIS FOURCHOTTE sise 8 rue de Verdun 21210 Saulieu ;\n \nVU  la demande d'habilitation fun\u00e9raire, d\u00e9pos\u00e9e le 11 juin 2025 formul\u00e9e par M. S\u00e9bastien\nPARIS, Pr\u00e9sident de la SAS PARIS-FOURCHOTTE ;\nVU  l'arr\u00eat\u00e9 n\u00b0 446/SG de Monsieur le Pr\u00e9fet de la R\u00e9gion Bourgogne Franche-Comt\u00e9, Pr\u00e9fet\nde la C\u00f4te d'Or du 17 mars 2025 donnant d\u00e9l\u00e9gation de signature \u00e0 M. S\u00e9bastien\nLANOYE, Sous-Pr\u00e9fet de Montbard ;\nCONSIDERANT  que l'entreprise sus-vis\u00e9e remplit les conditions pour obtenir l'habilitation\ndans le domaine fun\u00e9raire ;\nARR\u00caTE\nAccueil du public du lundi au jeudi de 09h30 \u00e0 11h30 et  de 14h30 \u00e0 16h30 \u2013 le vendredi de 08h45 \u00e0 13h30\nADRESSE POSTALE : 25 RUE CHAMPFLEURY - CS 60 - 21 502 MONTBARD CEDEX \u2013 T\u00c9L\u00c9PHONE 03.45 43 80 50  \u2013 http://www.cote-dor.gouv.fr\nSous-pr\u00e9fecture de Montbard - 21-2025-06-13-00017 - AP Saulieu 2025 162\nArticle 1er : La S.A.S. \u00ab PARIS-FOURCHOTTE \u00bb, dont le si\u00e8ge est sis 08 rue de Verdun  21210\nSAULIEU et repr\u00e9sent\u00e9e par Monsieur S\u00e9bastien PARIS est habilit\u00e9e pour exercer les activit\u00e9s\nsuivantes :\n- transport de corps avant et apr\u00e8s mise en bi\u00e8re,\n- organisation des obs\u00e8ques,\n- soins de conservation (par un sous-traitant),\n- fourniture des housses, des cercueils aux familles et de leurs accessoires int\u00e9rieurs et\next\u00e9rieurs, des housses et des urnes cin\u00e9raires,\n- gestion et utilisation d'une chambre fun\u00e9raire,\n- fourniture des corbillards et des voitures de deuil,\n-  fourniture  du  personnel  et  des  objets  et  prestations  n\u00e9cessaires  aux  obs\u00e8ques,\ninhumations,  exhumations  et  cr\u00e9mations,  \u00e0  l'exception  des  plaques  fun\u00e9raires,\nembl\u00e8mes religieux, fleurs, travaux divers d'imprimerie et marbrerie fun\u00e9raire ;\nArticle 2 : Le num\u00e9ro de l'habilitation est : 25-21-0092\nARTICLE 3 : La dur\u00e9e de la pr\u00e9sente habilitation est fix\u00e9e \u00e0 5 ans, soit jusqu'au 13 juin 2030.\nArticle 4  : Pour b\u00e9n\u00e9ficier de la pr\u00e9sente habilitation jusqu'\u00e0 son terme, M. S\u00e9bastien PARIS\ndevra  d\u00e9clarer  tout  changement  dans  les  informations  contenues  dans  la  demande\nd'habilitation dans un d\u00e9lai de deux mois notamment en ce qui concerne les attestations de\nconformit\u00e9 des v\u00e9hicules fun\u00e9raires.\nArticle 5 : L'habilitation peut \u00eatre suspendue pour une dur\u00e9e maximum d'un an ou retir\u00e9e  par\nle pr\u00e9fet du d\u00e9partement o\u00f9 les faits auront \u00e9t\u00e9 constat\u00e9s, conform\u00e9ment aux dispositions de\nl'article L2223-25 du code g\u00e9n\u00e9ral des collectivit\u00e9s territoriales, pour les motifs suivants :\n-  non-respect  des  dispositions  du  Code  G\u00e9n\u00e9ral  des  Collectivit\u00e9s  Territoriales\nauxquelles est soumise la pr\u00e9sente habilitation ; \n- non  exercice  ou  cessation  d'exercice  des  activit\u00e9s  au  titre  desquelles  elle  a  \u00e9t\u00e9\nd\u00e9livr\u00e9e ;\n- atteinte \u00e0 l'ordre public ou danger pour la salubrit\u00e9 publique.\nArticle 6  : Dans un d\u00e9lai de deux mois \u00e0 compter de sa notification ou de la publication au\nrecueil des actes administratifs de la pr\u00e9fecture, la pr\u00e9sente d\u00e9cision peut faire l'objet d'un\nrecours conform\u00e9ment aux dispositions de l'article R 421-1 et suivants du code de justice\nadministrative :\n- le recours gracieux adress\u00e9 \u00e0 M. le Pr\u00e9fet du d\u00e9partement de la C\u00f4te d'Or  (53 rue de\nla Pr\u00e9fecture \u00e0  21041 DIJON CEDEX),\n- le recours hi\u00e9rarchique adress\u00e9 au ministre comp\u00e9tent dans le domaine consid\u00e9r\u00e9,\n- le recours contentieux en saisissant le Tribunal Administratif (22 rue d'Assas \u2013 21000\nDIJON).\nArticle 7 :  Le Sous-Pr\u00e9fet de MONTBARD est charg\u00e9 de l'ex\u00e9cution du pr\u00e9sent arr\u00eat\u00e9, qui sera\nnotifi\u00e9  \u00e0  Monsieur  S\u00e9bastien  PARIS,  publi\u00e9  au  Recueil  des  Actes  Administratifs  de  la\npr\u00e9fecture de la C\u00f4te d'Or et dont copie sera transmise \u00e0 :\n- Madame le Maire de SAULIEU,\n- Madame le commandant de la compagnie de gendarmerie de MONTBARD,\n- Monsieur la Directeur de l'Agence R\u00e9gionale de Sant\u00e9.  \nFait \u00e0 Montbard, le 13 juin 2025\nPour le Sous-Pr\u00e9fet et par d\u00e9l\u00e9gation,\nLa Secr\u00e9taire G\u00e9n\u00e9rale,\nORIGINAL SIGNE\n              Marguerite MOINDROT\nSous-pr\u00e9fecture de Montbard - 21-2025-06-13-00017 - AP Saulieu 2025 163","date":"2025-06-20","first_seen_on":"2025-09-14T05:05:12+00:00","id":"004304d41873b8108882adae30db69335de23040b81c56e0c93211acecb9e936","name":"RAA n\u00b0 085 du 20 juin 2025","pdf_creation_date":"2025-06-20T14:11:23+00:00","pdf_modification_date":null,"timezone":"Europe/Paris","url":"https://www.cote-dor.gouv.fr/contenu/telechargement/23666/180178/file/recueil-21-2025-085-recueil-des-actes-administratifs-special.pdf"}
