{"administration":"pref13","administration_name":"Pr\u00e9fecture des Bouches-du-Rh\u00f4ne","content":"PREFET\nDES  BOUCHES-\nDU-RHONE\nLibert\u00e9\nEgalit\u00e9\nFraternit\u00e9RECUEIL DES ACTES \nADMINISTRATIFS SP\u00c9CIAL\nN\u00b013-2025-031bis\nPUBLIE LE 22 JANVIER 2025\n\nSommaire  \n                                                               \n \nArr\u00eat\u00e9  portant  d\u00e9signation  de  M.  Bruno  CASSETTE  sous-pr\u00e9fet  de  \nl'arrondissement  d'Aix-en-Provence ,  pour  exercer  la  suppl\u00e9ance  du  \npr\u00e9fet  de  d\u00e9partement  des  Bouches-du-Rh\u00f4ne,  en  application  de  \nl'article 39 du d\u00e9cret n\u00b0 2004-374\n\nPREFET\nDES  BOUCHES-\nDU-RHONE\nLibert\u00e9\nEgalit\u00e9\nFraternit\u00e9\nArr\u00eat\u00e9 du ______________\nportant d\u00e9signation de M. Bruno CASSETTE\nsous-pr\u00e9fet de l'arrondissement d'Aix-en-Provence ,\npour exercer la suppl\u00e9ance du pr\u00e9fet de d\u00e9partement des Bouches-du-Rh\u00f4ne,\n en application de l'article 39 du d\u00e9cret n\u00b0 2004-374.\nLe Pr\u00e9fet de la r\u00e9gion Provence-Alpes-C\u00f4te  d'Azur\nPr\u00e9fet de la zone de d\u00e9fense et de s\u00e9curit\u00e9 Sud\nPr\u00e9fet des Bouches-du-Rh\u00f4ne\nVu la loi n\u00b0 82-213 du 2 mars 1982 modifi\u00e9e relative aux droits et libert\u00e9s des communes, des \nd\u00e9partements et des r\u00e9gions ; \nVu le d\u00e9cret n\u00b0 2004-374 du 29 avril 2004 modifi\u00e9 relatif aux pouvoirs des pr\u00e9fets, \u00e0 \nl'organisation et \u00e0 l'action des services de l'\u00c9tat dans les r\u00e9gions et les d\u00e9partements ;\nVu le d\u00e9cret du 3 janvier 2025 portant nomination de M. Georges-Fran\u00e7ois LECLERC  en \nqualit\u00e9 de pr\u00e9fet de la r\u00e9gion Provence-Alpes-C\u00f4te d'Azur, pr\u00e9fet de la zone de d\u00e9fense et de  \ns\u00e9curit\u00e9 Sud, pr\u00e9fet des Bouches-du-Rh\u00f4ne ;\nVu le d\u00e9cret du  5 janvier 2021 portant nomination de M. Bruno CASSETTE en qualit\u00e9 de  \nsous-pr\u00e9fet de l'arrondissement d'Aix-en-Provence ;\nVu la circulaire du 24 juin 2011 portant sur les r\u00e8gles applicables en mati\u00e8re de suppl\u00e9ance \ndes fonctions pr\u00e9fectorales ;\nConsid\u00e9rant que M. Georges-Fran\u00e7ois LECLERC , pr\u00e9fet de la r\u00e9gion Provence-Alpes-C\u00f4te-\nd'Azur, pr\u00e9fet de la zone de d\u00e9fense et de s\u00e9curit\u00e9 Sud, pr\u00e9fet des Bouches-du-Rh\u00f4ne  sera en \nd\u00e9placement professionnel \u00e0 Paris du mercredi 22 janvier \u00e0 17h00 au jeudi 23 janvier 2025 \u00e0  \n20h00.\nSur proposition du directeur de cabinet de Monsieur le pr\u00e9fet  de la r\u00e9gion Provence-Alpes-\nC\u00f4te d'Azur, pr\u00e9fet de la zone de d\u00e9fense et de s\u00e9curit\u00e9 Sud, pr\u00e9fet des Bouches-du-Rh\u00f4ne  ;\nARRETE\nARTICLE     1   :\nEn application de l'article 39 du d\u00e9cret du 29 avril 2004, M. Bruno CASSETTE sous-pr\u00e9fet de  \nl'arrondissement d'Aix-en-Provence , est d\u00e9sign\u00e9 pour exercer la suppl\u00e9ance du pr\u00e9fet de \nd\u00e9partement des Bouches-du-Rh\u00f4ne  du mercredi 22 janvier \u00e0 17h00 au jeudi 23 janvier  \n2025 \u00e0 20h00.\nARTICLE     2   :\nLe secr\u00e9taire g\u00e9n\u00e9ral de la pr\u00e9fecture des Bouches-du-Rh\u00f4ne, le secr\u00e9taire g\u00e9n\u00e9ral pour les  \naffaires r\u00e9gionales et le  directeur de cabinet  sont charg\u00e9s, chacune en ce qui la concerne, de \nl'ex\u00e9cution du pr\u00e9sent arr\u00eat\u00e9 qui sera publi\u00e9 au recueil des actes administratifs de la pr\u00e9fecture \nde r\u00e9gion.\nFait \u00e0 Marseille, le 22 janvier 2025\nLe Pr\u00e9fet,\nSIGN\u00c9 \nGeorges-Fran\u00e7ois LECLERC","date":"2025-01-22","first_seen_on":"2025-01-22T17:05:04+00:00","id":"00627cdca176b1cd2bf285793017cd174d15b326ba352674b34e989987fdb994","name":"recueil-13-2025-031 bis-recueil-des-actes-administratifs-special du 22 janvier 2025","pdf_creation_date":null,"pdf_modification_date":"2025-01-22T15:53:49+00:00","timezone":"CET","url":"https://www.bouches-du-rhone.gouv.fr/contenu/telechargement/58399/415477/file/recueil-13-2025-031%20bis-recueil-des-actes-administratifs-special%20du%2022%20janvier%202025.pdf"}
