{"administration":"prefidf","administration_name":"Pr\u00e9fecture de la r\u00e9gion \u00cele-de-France","content":"PREFECTURE\nREGION ILE DE\nFRANCE\nRECUEIL DES ACTES\nADMINISTRATIFS SP\u00c9CIAL\nN\u00b0IDF-029-2025-10\nPUBLI\u00c9 LE 10 OCTOBRE 2025\nSommaire\nChambre de commerce et d'industrie de r\u00e9gion Paris - \u00cele-de-France /\nIDF-2025-10-01-00010 - D\u00e9cision portant d\u00e9l\u00e9gation de signature \nrelative aux engagements d\u00e9penses et recettes (4 pages) Page 3\nIDF-2025-10-01-00009 - D\u00e9l\u00e9gation de signature - Diverses (3 pages) Page 8\nIDF-2025-10-01-00008 - D\u00e9l\u00e9gation de signature - Enseignement et\nformations (3 pages) Page 12\nIDF-2025-10-01-00007 - D\u00e9l\u00e9gation de signature - March\u00e9s publics (2\npages) Page 16\nIDF-2025-10-01-00006 - D\u00e9l\u00e9gation de signature - R\u00e9ponse aux appels\n\u00e0 concurrence (2 pages) Page 19\nIDF-2025-10-01-00005 - D\u00e9l\u00e9gation de signature - Ressources Humaines\n(4 pages) Page 22\nIDF-2025-10-03-00007 - D\u00e9l\u00e9gations de  signature formalistes - Liste des\nconseillers et assistants formalistes CFE (2 pages) Page 27\nDirection r\u00e9gionale et interd\u00e9partementale de l'h\u00e9bergement et du\nlogement / Unit\u00e9 d\u00e9partementale de  Paris\nIDF-2025-10-08-00010 - Arr\u00eat\u00e9 modifiant l'arr\u00eat\u00e9 n\u00b0\nIDF-2022-12-24-0001 du 24 d\u00e9cembre 2022 portant d\u00e9l\u00e9gation \u00e0 la\nmaire de Paris des attributions en mati\u00e8re de sanction administrative pour\nnon-\nrespect du dispositif exp\u00e9rimental d'encadrement des loyers,\nen application de\nl'article 140 VII de la loi n\u00b0 2018-1021 du 23\nnovembre 2018 (3 pages) Page 30\n2\nChambre de commerce et d'industrie de r\u00e9gion\nParis - \u00cele-de-France\nIDF-2025-10-01-00010\nD\u00e9cision portant d\u00e9l\u00e9gation de signature \nrelative aux engagements d\u00e9penses et recettes\nChambre de commerce et d'industrie de r\u00e9gion Paris - \u00cele-de-France - IDF-2025-10-01-00010 - D\u00e9cision portant d\u00e9l\u00e9gation de signature \nrelative aux engagements d\u00e9penses et recettes 3\nCG CCI PARIS ILE-DE-FRANCE\n- -\n~\n.\n- -\n- -\n- -\n- -\n- -\n \nLe Pr\u00e9sident \n \n   1 sur 4 \n \nChambre de commerce et d'industrie de r\u00e9gion Paris Ile-de-France \n27 avenue de Friedland | 75382 Paris cedex 08 | T. 01 55 65 71 00 (appel direct) \nT. 01 55 65 44 44 (prix d'un appel local) | www.cci-paris-idf.fr \nD\u00c9CISION \nLe pr\u00e9sident de la Chambre de commerce et d'industrie de r\u00e9gion Paris - Ile-de-France, \n\u2b9a vu l'articles R. 711-68 du code de commerce, \n\u2b9a vu le cadre OBCF du r\u00e9seau des CCI approuv\u00e9 par la tutelle le 14 novembre 2022, \nD\u00e9cide : \nSur proposition du directeur g\u00e9n\u00e9ral, \nde donner d\u00e9l\u00e9gation de signature aux collaborateurs suivants, dans la limite de leurs attributions et des \nbudgets notifi\u00e9s \u00e0 effet de signer : \n1. les engagements de d\u00e9penses, \n2. les actes dont d\u00e9coule une cr\u00e9ance (devis et/ou accord d'une remise) \ndans les conditions d\u00e9finies ci-apr\u00e8s : \n \nnom fonction \nen cas d'absence ou d'emp\u00eachement \nsoci\u00e9t\u00e9s \ncentres \nfinanciers \nd\u00e9penses ou \nrecettes \nnom fonction   \nchambres de commerce et d'industrie d\u00e9partementales \nDamien WALKER directeur g\u00e9n\u00e9ral \nd\u00e9l\u00e9gu\u00e9 \nd\u00e9partemental de la \nCCI Paris \nIbtissam HENANE responsable \nadministrative, \nfinanci\u00e8re, \nlogistique \nsoci\u00e9t\u00e9 n\u00b0 1310 \nCF : tous \nd\u00e9penses et \nrecettes \nMaxime \nGARRETA \ndirecteur g\u00e9n\u00e9ral \nd\u00e9l\u00e9gu\u00e9 \nd\u00e9partemental de la \nCCI Versailles-\nYvelines \nVal\u00e9rie MARILLAT directrice des \nop\u00e9rations \nsoci\u00e9t\u00e9 n\u00b0 1380 \nCF : tous \nd\u00e9penses et \nrecettes \nWilliam PROST directeur g\u00e9n\u00e9ral \nd\u00e9l\u00e9gu\u00e9 \nd\u00e9partemental de la \nCCI Hauts-de-Seine \n\u00c9liette ROSELL directrice des \nop\u00e9rations \nsoci\u00e9t\u00e9 n\u00b0 1320 \nCF : tous \nd\u00e9penses et \nrecettes \nJean-Baptiste \nPORTEFAIX  \n \nresponsable \nadministratif, \nfinancier et \nlogistique \nBernard CAYOL directeur g\u00e9n\u00e9ral \nd\u00e9l\u00e9gu\u00e9 \nd\u00e9partemental de la \nCCI Seine-Saint-\nDenis  \nNadia VALENTE directrice des \nop\u00e9rations \nsoci\u00e9t\u00e9 n\u00b0 1330 \nCF : tous \nd\u00e9penses et \nrecettes \nJean-Daniel GIL responsable p\u00f4le \nfonctionnel \nMarie REIS DE \nBRAGELONGNE \ndirectrice g\u00e9n\u00e9rale \nd\u00e9l\u00e9gu\u00e9e \n  soci\u00e9t\u00e9 n\u00b0 1340 \nCF : tous \nd\u00e9penses et \nrecettes \nChambre de commerce et d'industrie de r\u00e9gion Paris - \u00cele-de-France - IDF-2025-10-01-00010 - D\u00e9cision portant d\u00e9l\u00e9gation de signature \nrelative aux engagements d\u00e9penses et recettes 4\n \n \n \nPage 2 sur 4 \nd\u00e9partementale de \nla CCI Val-de-Marne  \nLaure DUBOIS-\nIMBERY \n \n \ndirectrice g\u00e9n\u00e9rale \nd\u00e9l\u00e9gu\u00e9e \nd\u00e9partementale de \nla CCI Val-d'Oise \nMaureen \nDUJONCQUOY \ndirectrice des \nop\u00e9rations \nsoci\u00e9t\u00e9 n\u00b0 1350 \nCF : tous \nd\u00e9penses et \nrecettes \nVal\u00e9rie \nMARSAULT \nresponsable \nadministrative et \nfinancier \ndirections g\u00e9n\u00e9rales et directions rattach\u00e9es \nJacques GARAU  directeur g\u00e9n\u00e9ral \nd\u00e9l\u00e9gu\u00e9 \nLo\u00efc CHOUIN directeur de \nprojet \nsoci\u00e9t\u00e9 n\u00b0 1110 \nCF : C411 \nd\u00e9penses et \nrecettes \nJacques GARAU directeur g\u00e9n\u00e9ral \nd\u00e9l\u00e9gu\u00e9 \n  soci\u00e9t\u00e9 \nn\u00b01920 domaine \ninformatique \nd\u00e9penses \nJacques GARAU directeur g\u00e9n\u00e9ral \nd\u00e9l\u00e9gu\u00e9 \nHerv\u00e9 PARCINEAU  directeur de la \nMission Europe \nsoci\u00e9t\u00e9 n\u00b0 1110 \nCER 2E17 \nd\u00e9penses et \nrecettes \nd\u00e9penses  \nMathieu \nBOULANGER \ndirecteur, direction \naudit et inspection \ng\u00e9n\u00e9rale \n  soci\u00e9t\u00e9 n\u00b0 1110 \nCF : C420 \nd\u00e9penses et \nrecettes \nEva QUICKERT-\nMENZEL \ndirectrice de la \nCommunication \nElodie FLORA  adjointe \u00e0 la \ndirectrice de la \ncommunication  \nsoci\u00e9t\u00e9 n\u00b0 1110 \nCF : C403 \nd\u00e9penses et \nrecettes \nFrance MOROT-\nVIDELAINE \ndirectrice g\u00e9n\u00e9rale \nadjointe \npartenariats, \nobservations, \nprospective, \u00e9tudes \nLaurent TRILLES directeur de \nprojet DGA POPE \nsoci\u00e9t\u00e9 n\u00b0 1400 \nCF : tous \nd\u00e9penses et \nrecettes \nChristian BOYER directeur g\u00e9n\u00e9ral \nadjoint en charge \ndu d\u00e9veloppement \ncommercial et du \nservices aux \nentreprises  \nCynthia LESTABLE directrice \ncommerciale & \nmarketing \nsoci\u00e9t\u00e9 n\u00b0 1400 \nCF : tous \nd\u00e9penses et \nrecettes \nIsabelle SAVELLI responsable du p\u00f4le \ndonn\u00e9es \n\u00e9conomiques et \nDATA \n  soci\u00e9t\u00e9 n\u00b01400 \nCF : 2N64 \u00e0 2N69 \nrecettes \nSophie Mc \nCRACKEN \nresponsable vie \ninstitutionnelle \n  soci\u00e9t\u00e9 n\u00b01400 \nCF : 2N61 \nrecettes \nPierre \nMONGRUE \ndirecteur g\u00e9n\u00e9ral \nadjoint CCI \ninternational Paris \nIle-de-France  \nChristophe \nBELLANGER, \n(d\u00e9penses et \nrecettes) \ndirecteur, adjoint \nau DGA CCI \nInternational \nParis IdF \nsoci\u00e9t\u00e9s n\u00b0 1140 \nCF : tous \nd\u00e9penses et \nrecettes \nLuc DARDAUD responsable du \nd\u00e9partement \nfacilitations du \ncommerce ext\u00e9rieur \nChristina VIEIRA \n(recettes) \nresponsable du \nservice Visa \nsoci\u00e9t\u00e9 n\u00b0 1140 \nCF : 2I91 \nrecettes \nLaurence \nCARRARA \nresponsable du \nservice foires et \nsalons \n  soci\u00e9t\u00e9 n\u00b0 1140 \nCF : 2I92 \nrecettes \nAgn\u00e8s GOMES responsable du \nservice \n  soci\u00e9t\u00e9 n\u00b0 1140 \nCF : 2I9D  2I9C \nrecettes \nChambre de commerce et d'industrie de r\u00e9gion Paris - \u00cele-de-France - IDF-2025-10-01-00010 - D\u00e9cision portant d\u00e9l\u00e9gation de signature \nrelative aux engagements d\u00e9penses et recettes 5\n \n \n \nPage 3 sur 4 \nd\u00e9partement \n\u00e9v\u00e8nements, \nr\u00e9seaux et \npartenariats \n \nBenjamin \nTISSOT  \nchef du service \nd\u00e9veloppement \ninternational des \nterritoires \n  soci\u00e9t\u00e9 1140 CF \n2I9G     \nrecettes \nJean-Michel \nJOLLY \nresponsable du \nservice TFE TECH ET \nINDUSTRIE \n  soci\u00e9t\u00e9 n\u00b0 1140 \nCF : 2I9F  \nrecettes \nBenoit MAILLE charg\u00e9 de mission \n\"Intelligence \n\u00e9conomique et \ncoop\u00e9ration\" \n  soci\u00e9t\u00e9 1140 CF \n2I9J  \nrecettes; \nAgathe PACARD responsable TFE \nART DE VIVRE SANTE \nAGROTECH \n  soci\u00e9t\u00e9 n\u00b0 1140 \nCF : 2I9E  \nrecettes \nXiao-Qing \nPELLEMELE \nresponsable du \ncomit\u00e9 d'\u00e9changes \nfranco-chinois \n  soci\u00e9t\u00e9 n\u00b0 1140 \nCF : 2I9C \nrecettes \nSophie LOGEOT responsable du \npilotage num\u00e9rique \n  soci\u00e9t\u00e9 n\u00b0 1140 \nCF : 2I24 \nrecettes \nThierry MENUET directeur S\u00e9curit\u00e9 & \nS\u00fbret\u00e9  \n  soci\u00e9t\u00e9 n\u00b0 1500 \nCF : 6P01 \nd\u00e9penses et \nrecettes \nChristophe \nCHERIOT \ngestionnaire \nmoyens g\u00e9n\u00e9raux \nFriedland \n  soci\u00e9t\u00e9 n\u00b0 1510 \nCF : 2USB, 2USD \nd\u00e9penses et \nrecettes \nFran\u00e7oise \nGUERIN \ndirectrice g\u00e9n\u00e9rale \nadjointe en charge \ndes ressources \nhumaines  \nDiane AUSSEDAT \n \n \n \ndirectrice \nadjointe \n \n \nsoci\u00e9t\u00e9 n\u00b0 1110 \nCF : C410 \nsoci\u00e9t\u00e9s n\u00b0 \n8010, 8020, 8030 \nCF : tous \nd\u00e9penses et \nrecettes \n \n \n \nMarie-France \nZUMOFEN \ndirectrice de \nprojets en \nressources \nhumaines \n(formation \ncontinue) \nSoci\u00e9t\u00e9 n\u00b0 1110 \nCF : 2D04 \nEOTP : \n2D04FCCAT \n \nd\u00e9penses et \nrecettes \nNathalie PIERRE directrice g\u00e9n\u00e9rale \nadjointe en charge \ndes finances et \nparticipations \nChristophe \nDELORME \nresponsable du \npilotage financier \ngroupe \nsoci\u00e9t\u00e9 n\u00b0 1110 \nCF : C426 \nd\u00e9penses et \nrecettes \nNathalie PIERRE directrice g\u00e9n\u00e9rale \nadjointe en charge \ndes finances et \nparticipations \nChristophe \nDELORME \nresponsable du \npilotage financier \ngroupe \nsoci\u00e9t\u00e9s n\u00b0 \n1120, 7010 \nCF : tous \nd\u00e9penses et \nrecettes \nNathalie PIERRE directrice g\u00e9n\u00e9rale \nadjointe en charge \ndes finances et \nparticipations \nChristophe \nDELORME \nresponsable du \npilotage financier \ngroupe \nsoci\u00e9t\u00e9 n\u00b0 2200 \nCF : tous \n2300 esiee 2110 \ndfcta  \nd\u00e9penses et \nrecettes \nChambre de commerce et d'industrie de r\u00e9gion Paris - \u00cele-de-France - IDF-2025-10-01-00010 - D\u00e9cision portant d\u00e9l\u00e9gation de signature \nrelative aux engagements d\u00e9penses et recettes 6\nris, le\n \n \n \nPage 4 sur 4 \n \n \n \nLa pr\u00e9sente d\u00e9cision sera publi\u00e9e au recueil des actes administratifs de la R\u00e9gion Ile-de-France ainsi que sur le \nsite Internet de la Chambre de commerce et d'industrie de r\u00e9gion Paris -  \u00cele-de-France et se substitue \u00e0 toute \nautre d\u00e9l\u00e9gation relevant de domaine identique. \n \n \nFait \u00e0 Paris, le 1\ner octobre 2025 \nSign\u00e9 \nDominique RESTINO \n \n \n \n \n \n \n \n \n \nDiffusion : \nSur le site www.cci-paris-idf.fr \nRecueil des actes administratifs de la pr\u00e9fecture de r\u00e9gion Ile -de-France  \nThomas \nJEANJEAN \ndirecteur g\u00e9n\u00e9ral \nadjoint en charge \ndu p\u00f4le Education \nC\u00e9cile ECALLE directrice de \nl'apprentissage \nsoci\u00e9t\u00e9s n\u00b0 \n* 2010 \n*2030 \n* 2040, 2150 \nCF : tous \nd\u00e9penses et \nrecettes \nC\u00e9cile ECALLE directeur de \nl'apprentissage \nBruno \nLEMONNIER \nresponsable p\u00f4le \nfinancement CFA \nsoci\u00e9t\u00e9s n\u00b0  \n*2010 \n*2030 \nCF : tous \nd\u00e9penses et \nrecettes \nPhilippe \nBIDAULT \nresponsable MOA \nstrat\u00e9gique \n  soci\u00e9t\u00e9s n\u00b0  \n*2010 \nCF4A23 \nD\u00e9penses et \nrecettes \nPhilippe \nREGIMBART \ndirecteur de la \npolitique \u00e9ducative \n  soci\u00e9t\u00e9 n\u00b0 2010 \nCF4A17, 4A26, \n4A29, 4A35 \nd\u00e9penses et \nrecettes \nPhilippe \nBIDAULT  \ndirecteur du CFA \ndes sciences \nCatherine \nGOUDOT \nresponsable \nadministration et \nperformance du \nCFA des sciences \nsoci\u00e9t\u00e9 n\u00b0 2030 \nCF : 3Z10 \nd\u00e9penses et \nrecettes \nElodie LUQUET directrice de \nl'attractivit\u00e9 \ninternationale \n \nAlexandre HOLLE responsable \nd\u00e9veloppement et \ninnovation \np\u00e9dagogique \nsoci\u00e9t\u00e9 n\u00b0 2040 \nCF : tous \nd\u00e9penses et \nrecettes \nVal\u00e9rie AILLAUD directrice de \nl'enseignement \nsup\u00e9rieur et \nservices aux \u00e9coles \nThierry \nGAUTHEROT \nresponsable \nadministratif \nsoci\u00e9t\u00e9 n\u00b0 2150 \nCF : tous \n \nd\u00e9penses et \nrecettes \n \nRapha\u00ebl \nGNANOU \nresponsable CCMP \nPublishing \nThierry \nGAUTHEROT \nresponsable \nadministratif \nsoci\u00e9t\u00e9 n\u00b0 2150 \nCF 4E02 \nd\u00e9penses et \nrecettes \nChambre de commerce et d'industrie de r\u00e9gion Paris - \u00cele-de-France - IDF-2025-10-01-00010 - D\u00e9cision portant d\u00e9l\u00e9gation de signature \nrelative aux engagements d\u00e9penses et recettes 7\nChambre de commerce et d'industrie de r\u00e9gion\nParis - \u00cele-de-France\nIDF-2025-10-01-00009\nD\u00e9l\u00e9gation de signature - Diverses\nChambre de commerce et d'industrie de r\u00e9gion Paris - \u00cele-de-France - IDF-2025-10-01-00009 - D\u00e9l\u00e9gation de signature - Diverses 8\nCG CCI PARIS ILE-DE-FRANCE\n*\n*\naes\n \nLe Pr\u00e9sident \n \n Page 1 sur 3 \nChambre de commerce et d'industrie de r\u00e9gion Paris Ile-de-France \n27 avenue de Friedland | 75382 Paris cedex 08 \nT. 01 55 65 44 44 (prix d'un appel local) |  www.cci-paris-idf.fr \n \nD\u00c9CISION \nLe pr\u00e9sident de la Chambre de commerce et d'industrie de r\u00e9gion Paris - \u00cele-de-France, \n\u2b9a vu l'article R. 711-68 du code de commerce, \n\u2b9a vu le r\u00e8glement int\u00e9rieur, \nD\u00e9cide : \nSur proposition du directeur g\u00e9n\u00e9ral, \nArticle 1 \n1. De donner d\u00e9l\u00e9gation de signature aux collaborateurs ci-apr\u00e8s d\u00e9nomm\u00e9s, \u00e0 l'effet de pouvoir signer, dans \nle respect des tarifs et des conventions -type d\u00fbment \u00e9tablis \u00e0 cet effet, les conventions portant location \nde salles situ\u00e9es dans les locaux d\u00e9finis dans le tableau ci -apr\u00e8s, pour des occupations d'une dur\u00e9e \ninf\u00e9rieure ou \u00e9gale \u00e0 5 jours. \nnom fonction \nen cas d'absence ou d'emp\u00eachement \nlocaux \nnom fonction \nDamien WALKER directeur g\u00e9n\u00e9ral \nd\u00e9l\u00e9gu\u00e9 \nd\u00e9partemental de la \nCCI Paris \nIbtissam HENANE responsable \nadministrative, \nfinanci\u00e8re, \nlogistique \nlocaux CCI situ\u00e9s au 2 \nplace de la bourse \u00e0 \nParis \nMaxime GARRETA directeur g\u00e9n\u00e9ral \nd\u00e9l\u00e9gu\u00e9 \nd\u00e9partemental de la \nCCI Versailles-Yvelines \nVal\u00e9rie MARILLAT directrice des \nop\u00e9rations \nlocaux CCI situ\u00e9s aux 21-\n23-25 avenue de Paris \u00e0 \nVersailles \nBernard CAYOL directeur g\u00e9n\u00e9ral \nd\u00e9l\u00e9gu\u00e9 \nd\u00e9partemental de la \nCCI Seine-Saint-Denis \nNadia VALENTE-\nGUIDIS \n \nJean-Daniel GIL  \ndirectrice des \nop\u00e9rations \n \nresponsable p\u00f4le \nfonctionnel \nlocaux CCI situ\u00e9s au 191 \navenue Paul-Vaillant \nCouturier \u00e0 Bobigny \nMarie REIS DE \nBRAGELONGNE \ndirectrice g\u00e9n\u00e9rale \nd\u00e9l\u00e9gu\u00e9e \nd\u00e9partementale de la \nCCI Val-de-Marne \nMattieu \nDESPERBASQUE \ndirecteur des \nop\u00e9rations \nlocaux CCI situ\u00e9s 8 place \nSalvador Allende \u00e0 \nCr\u00e9teil \nLaure DUBOIS-\nIMBERY \ndirectrice g\u00e9n\u00e9rale \nd\u00e9l\u00e9gu\u00e9e \nd\u00e9partementale de la \nCCI Val-d'Oise \nMaureen \nDUJONCQUOY \ndirectrice des \nop\u00e9rations \nlocaux CCI situ\u00e9s au 35 \nboulevard du Port \u00e0 \nCergy \nArticle 2 - gestion des fonds europ\u00e9ens \nDe donner d\u00e9l\u00e9gation de signature \u00e0 Herv\u00e9 PARCINEAU directeur de l'organisme interm\u00e9diaire, en charge de la \ngestion des fonds europ\u00e9ens d\u00e9l\u00e9gu\u00e9s par l'autorit\u00e9 de gestion (la r\u00e9gion \u00cele- de-France), \u00e0 effet de signer tous \nles actes de gestion des cr\u00e9dits FEDER et FSE, \u00e0 savoir : \nChambre de commerce et d'industrie de r\u00e9gion Paris - \u00cele-de-France - IDF-2025-10-01-00009 - D\u00e9l\u00e9gation de signature - Diverses 9\n- ..\n~ 2 a *\neae\n- .\n~- + - - _ _\n_ _\u2014 + + _\u2014 _\n_ \u2014  _ - - = =\n=e = ane\nane ~ --\n\u2014e ee  _\nadministrative2 administrative\n \n \n  Page 2 sur 3 \n \n\u25cf au titre des op\u00e9rations relevant des cr\u00e9dits d'intervention : \n- la notification des d\u00e9cisions du comit\u00e9 de programmation des fonds de la Chambre de commerce \net d'industrie Paris \u00cele -de-France, instance technique compos\u00e9e de membres de son assembl\u00e9e \ng\u00e9n\u00e9rale, \n- la convention de mise en \u0153uvre de l'aide, \n- la modification du montant de l'aide par voie d'avenant, \n- la notification du paiement de l'aide, \n- et de mani\u00e8re plus g\u00e9n\u00e9rale, tout acte de gestion, de suivi administratif, technique et financier et \nde contr\u00f4le des cr\u00e9dits de la subvention globale, \n \n\u25cf au titre des op\u00e9rations relevant des cr\u00e9dits d'assistance technique : \n- la demande d'aide, \n- la demande de paiement. \n \nEn cas d'absence ou d'emp\u00eachement, Imane OURRAOUI, charg\u00e9e de Mission Financement et Partenariat au sein \nde l'organisme interm\u00e9diaire, re\u00e7oit d\u00e9l\u00e9gation de signature dans les m\u00eames conditions. \nArticle 3 \u2013 d\u00e9p\u00f4t l\u00e9gal \nDe donner d\u00e9l\u00e9gation de signature aux collaborateurs suivants, dans la limite de leurs attributions \u00e0 effet de \nsigner tout acte n\u00e9cessaire aux formalit\u00e9s du d\u00e9p\u00f4t l\u00e9gal : \n \nnom fonction \nen cas d'absence ou d'emp\u00eachement \nnom fonction \nFrance MOROT-\nVIDELAINE  \ndirectrice g\u00e9n\u00e9rale adjointe \npartenariats, observations, \nprospective, \u00e9tudes \nLaurent TRILLES directeur de projet DGA \nPOPE \nChristian BOYER directeur g\u00e9n\u00e9ral adjoint en charge du \nd\u00e9veloppement commercial et du \nservices aux entreprises \nCynthia LESTABLE directrice commerciale & \nmarketing \nPierre MONGRUE  directeur g\u00e9n\u00e9ral adjoint CCI \ninternational Paris Ile-de-France \nChristophe \nBELLANGER \ndirecteur adjoint au DGA \nEva QUICKERT-MENZEL directrice de la communication   \nC\u00e9cile ECALLE directrice de l'apprentissage Bruno LEMONNIER responsable p\u00f4le \nfinancement \n \nArticle 4 \u2013 carte d'agent immobilier \nDe donner d\u00e9l\u00e9gation de signature aux collaborateurs dont les noms suivent \u00e0 effet de signer : \n\u25cf les demandes de pr\u00e9-contr\u00f4le, \n\u25cf les rejets de demande , \n\u25cf les notifications de radiation de carte suite \u00e0 une cessation d'assurance ou \u00e0 une cessation garantie ; \n\u25cf les confirmations de la suppression du fichier national sans r\u00e9ponse dans les 30 jours suite \u00e0 une cessation \nd'assurance ou \u00e0 une cessation de garantie , \n\u25cf ainsi que tout autre document relatif aux cartes d'agent immobilier pr\u00e9vues \u00e0 l'article 3 de la loi n\u00b0 70-9 du \n2 janvier 1970 r\u00e9glementant les conditions d'exercice des activit\u00e9s relatives \u00e0 certaines op\u00e9rations portant \nsur les immeubles et les fonds de commerce, \u00e0 l'exception des cartes elles-m\u00eames. \nPauline FERRERO,  responsable D\u00e9partement des \nformalit\u00e9s et de l'information juridique  \nMarianne CHIRONNIER, responsable CFPI \nIsabelle CARRIERRE, charg\u00e9e de mission  \nMarie-Anne DEMACHY, assistante  \nEmilie FARAJI, gestionnaire administrative \nM\u00e9lina GUINTA, gestionnaire administrative \nGa\u00eblle BOUHET, conseiller \nSakina FOUNDI HAMON, conseiller  \nSylvain GISCLARD, conseiller  \nSandrine GORDINHO, conseiller  \nNassur ISMAIL, conseiller  \nFatima EL MEDE, conseiller  \nSylvie PARIS, conseiller  \nAlix REMON, conseiller  \nChristiane TAILLANDIER, conseiller  \nChambre de commerce et d'industrie de r\u00e9gion Paris - \u00cele-de-France - IDF-2025-10-01-00009 - D\u00e9l\u00e9gation de signature - Diverses 10\non\n \n \n  Page 3 sur 3 \nKarnelle BAFIBA, conseiller  \nAugusta CAMARA, conseiller \nSophie Ndeye THIAM, conseiller  \nSalah TIGHECHIT, conseiller  \nMaryline TREHEUX, conseiller \n \nArticle 5 \u2013 certification conforme \n1. De donner d\u00e9l\u00e9gation de signature \u00e0 France MOROT -VIDELAINE, directrice g\u00e9n\u00e9rale adjointe Partenariats, \nObservations, Prospective, \u00e9tudes , pour la certification conforme des proc\u00e8s -verbaux d'assembl\u00e9e \ng\u00e9n\u00e9rale, de bureau et des d\u00e9cisions sign\u00e9es par le pr\u00e9sident de la Chambre de commerce et d'industrie \nde r\u00e9gion Paris - \u00cele-de-France. En cas d'absence ou d'emp\u00eachement, Sophie MC-CRACKEN, responsable du \np\u00f4le vie des instances, re\u00e7oit d\u00e9l\u00e9gation de signature dans les m\u00eames conditions. \n2. De donner d\u00e9l\u00e9gation de signature \u00e0 Nathalie PIERRE, directeur g\u00e9n\u00e9ral  adjoint en charge des Finances et \nParticipations pour la certification conforme des copies des rapports des commissaires aux comptes de la \nChambre de commerce et d'industrie de r\u00e9gion Paris - \u00cele-de-France, des copies du DC7 et \u00e0 effet de signer \ntoute r\u00e9clamation pr\u00e9contentieuse ou gracieuse aupr\u00e8s de l'administration fiscale, ainsi que les re\u00e7us \nfiscaux en cas de dons. \nArticle 6 \u2013 avis relatifs aux demandes de naturalisation \nDe donner d\u00e9l\u00e9gation \u00e0 France MOROT- VIDELAINE, directrice g\u00e9n\u00e9rale adjointe Partenariats, Observations, \nProspective, \u00e9tudes, \u00e0 l'effet de signer les avis de la CCI Paris \u2013 \u00cele-de-France se rapportant aux demandes de \nnaturalisation de commer\u00e7ants ou de chefs d'entreprises commerciales, tel que requis par les pouvoirs publics \nau titre de la r\u00e9glementation en vigueur. \nEn cas d'absence ou d'emp\u00eachement, Christian BOYER, re\u00e7oit d\u00e9l\u00e9gation de signature dans les m\u00eames \nconditions. \nArticle 7 \u2013 contrat de domiciliation \nDe donner d\u00e9l\u00e9gation de signature aux personnes dont les noms suivent afin de proc\u00e9der \u00e0 la signature et \u00e0 \nl'enregistrement des contrats de domiciliation. \nnom fonction \nen cas d'absence ou d'emp\u00eachement \nnom fonction \n  H\u00e9l\u00e8ne RENAUD  \n \nCCID 94 CFE \nconseill\u00e8re formalit\u00e9s \nNathalie COLLARDEAU  \n \nresponsable du p\u00f4le Entrepreneuriat  Arnaud \nGUILLAUMEAU  \nconseiller formalit\u00e9s  \nCCID 95 \n \nLa pr\u00e9sente d\u00e9cision sera publi\u00e9e au recueil des actes administratifs de la R\u00e9gion Ile-de-France ainsi que sur le \nsite Internet de la Chambre de commerce et d'industrie de r\u00e9gion Paris - \u00cele-de-France et se substitue \u00e0 toute \nautre d\u00e9l\u00e9gation relevant de domaine identique. \n \nFait \u00e0 Paris, le 1er octobre 2025 \nSign\u00e9 \n \nDominique RESTINO \n \n \n \n \nDiffusion : \nSur le site www.cci-paris-idf.fr \nRecueil des actes administratifs de la pr\u00e9fecture de r\u00e9gion Ile -de-France  \nChambre de commerce et d'industrie de r\u00e9gion Paris - \u00cele-de-France - IDF-2025-10-01-00009 - D\u00e9l\u00e9gation de signature - Diverses 11\nChambre de commerce et d'industrie de r\u00e9gion\nParis - \u00cele-de-France\nIDF-2025-10-01-00008\nD\u00e9l\u00e9gation de signature - Enseignement et\nformations\nChambre de commerce et d'industrie de r\u00e9gion Paris - \u00cele-de-France - IDF-2025-10-01-00008 - D\u00e9l\u00e9gation de signature - Enseignement\net formations 12\n@ CCI PARIS ILE-DE-FRANCE\n- et\n\u00a9 hement, ~\n \nLe Pr\u00e9sident \n \n  Page 1 sur 3 \nChambre de commerce et d'industrie de r\u00e9gion Paris Ile-de-France \n27 avenue de Friedland | 75382 Paris cedex 08 | T. 01 55 65 71 00 (appel direct) \nT. 01 55 65 44 44 (prix d'un appel local) | www.cci-paris-idf.fr \n \n \nD\u00c9CISION \n \n \nLe pr\u00e9sident de la Chambre de commerce et d'industrie de r\u00e9gion Paris - \u00cele-de-France, \n\u2b9a vu l'article R. 711-68 du code de commerce, \n\u2b9a vu le r\u00e8glement int\u00e9rieur, \n \nD\u00e9cide : \nSur proposition du directeur g\u00e9n\u00e9ral, \n \nArticle 1 - enseignement, recherche et formation \nDe donner d\u00e9l\u00e9gation de signature \u00e0 Thomas JEANJEAN, directeur g\u00e9n\u00e9ral adjoint charg\u00e9 de l'Education, \u00e0 effet \nde signer les conventions li\u00e9es \u00e0 l'activit\u00e9 de nature p\u00e9dagogique et acad\u00e9mique des directions et des \u00e9coles \nrattach\u00e9es \u00e0 la direction g\u00e9n\u00e9rale adjointe en charge de l'enseignement, de la recherche et de la formation, \u00e0 \nl'exclusion des conventions conclues avec une fondation, une filiale de la Chambre de commerce et d'industrie \nde r\u00e9gion Paris - \u00cele-de-France, un \u00e9tablissement du r\u00e9seau consulaire, une chambre de commerce \u00e9trang\u00e8re. \nEn cas d'absence ou d'emp\u00eachement, C\u00e9cile ECALLE, directrice de l'apprentissage, re\u00e7oit d\u00e9l\u00e9gation de signature \ndans les m\u00eames conditions.  \n \nArticle 2 - \u00e9tablissements d'enseignement \nDe donner d\u00e9l\u00e9gation de signature aux collaborateurs dont les noms suivent, dans la limite de leurs attributions, \npour signer : \n\u25cf les d\u00e9cisions prises en application du r\u00e8glement int\u00e9rieur de leur \u00e9tablissement et des r\u00e8glements \np\u00e9dagogiques r\u00e9gissant les formations, \n\u25cf les conventions li\u00e9es \u00e0 l'activit\u00e9 de nature p\u00e9dagogique et acad\u00e9mique de leur \u00e9tablissement, \u00e0 l'exclusion \ndes conventions conclues avec une fondation, une filiale de la Chambre de commerce et d'industrie de \nr\u00e9gion Paris - \u00cele-de-France, un \u00e9tablissement du r\u00e9seau consulaire, une chambre de commerce \u00e9trang\u00e8re, \n\u25cf les autorisations de domiciliation des associations cr\u00e9\u00e9es \u00e0 l'initiative des enseignants ou des \u00e9tudiants, \n\u25cf les conventions portant occupation temporaire des locaux d'une dur\u00e9e inf\u00e9rieure \u00e0 30 jours. \n  \nChambre de commerce et d'industrie de r\u00e9gion Paris - \u00cele-de-France - IDF-2025-10-01-00008 - D\u00e9l\u00e9gation de signature - Enseignement\net formations 13\n7\" et . ..\n \nPage 2 sur 3 \nnom fonction \nen cas d'absence ou d'emp\u00eachement \nnom fonction \nC\u00e9cile ECALLE directrice de \nl'apprentissage \nPhilippe BIDAULT directeur du CFA des \nsciences \nPhilippe BIDAULT directeur du CFA des \nsciences \nCatherine GOUDOT responsable administration \net performance du CFA des \nsciences \nElodie LUQUET directrice de l'attractivit\u00e9 \ninternationale \nAlexandre HOLLE responsable \nd\u00e9veloppement et \ninnovation p\u00e9dagogique \nVal\u00e9rie AILLAUD directrice de \nl'enseignement sup\u00e9rieur et \nservices aux \u00e9coles \nThierry GAUTHEROT responsable administratif \n \nArticle 3 \u2013 formations boissons alcooliques, hygi\u00e8ne alimentaire et cr\u00e9ation d'entreprise \nDe donner d\u00e9l\u00e9gation de signature aux collaborateurs suivants dans la limite de leurs attributions \u00e0 effet de \nsigner les actes et attestations d\u00e9livr\u00e9s dans le cadre de la formation : \n1. sp\u00e9cifique sur les droits et obligations attach\u00e9s \u00e0 la vente \u00e0 emporter de boissons alcooliques entre 22 \nheures et 8 heures pr\u00e9vue \u00e0 l'article R. 3332-4-1 du code de la sant\u00e9 publique, \n2. en mati\u00e8re d'hygi\u00e8ne alimentaire adapt\u00e9e \u00e0 l'activit\u00e9 des \u00e9tablissements de restauration traditionnelle, \ncaf\u00e9t\u00e9rias et autres libres services et restauration de type rapide pr\u00e9vue \u00e0 l'article D. 233-6 du code rural et \nde la p\u00e8che maritime, \n3. \u00e0 la cr\u00e9ation d'entreprise (5 jours pour entreprendre) : \n \nnom fonction \nen cas d'absence ou d'emp\u00eachement boissons alcooliques \nhygi\u00e8ne alimentaire \ncr\u00e9ation d'entreprise nom Fonction \nDamien WALKER \n \ndirecteur g\u00e9n\u00e9ral \nd\u00e9l\u00e9gu\u00e9 \nd\u00e9partemental de la \nCCI Paris \nSabrina COPIN directrice des \nop\u00e9rations et \npartenariats \n \nMaxime \nGARRETA \ndirecteur g\u00e9n\u00e9ral \nd\u00e9l\u00e9gu\u00e9 \nd\u00e9partemental de la \nCCI Versailles-\nYvelines \nVal\u00e9rie MARILLAT directrice des \nop\u00e9rations \nboissons alcooliques, \nhygi\u00e8ne alimentaire et \ncr\u00e9ation d'entreprise \nWilliam PROST directeur g\u00e9n\u00e9ral \nd\u00e9l\u00e9gu\u00e9 \nd\u00e9partemental de la \nCCI Hauts-de-Seine \nJean-Baptiste \nPORTEFAIX  \n \nresponsable \nadministratif, \nfinancier et \nlogistique \nboissons alcooliques, \nhygi\u00e8ne alimentaire et \ncr\u00e9ation d'entreprise \nBernard CAYOL directeur g\u00e9n\u00e9ral \nd\u00e9l\u00e9gu\u00e9 \nd\u00e9partemental de la \nCCI Seine-Saint-Denis  \nNadia VALENTE-\nGUIDIS  \ndirectrice des \nop\u00e9rations \nboissons alcooliques, \nhygi\u00e8ne alimentaire et \ncr\u00e9ation d'entreprise \nChambre de commerce et d'industrie de r\u00e9gion Paris - \u00cele-de-France - IDF-2025-10-01-00008 - D\u00e9l\u00e9gation de signature - Enseignement\net formations 14\n-de\n \nPage 3 sur 3 \nMarie REIS DE \nBRAGELONGNE \ndirectrice g\u00e9n\u00e9rale \nd\u00e9l\u00e9gu\u00e9e \nd\u00e9partementale de la \nCCI Val-de-Marne \nMathieu \nDESPERBASQUE \ndirecteur des \nop\u00e9rations \nboissons alcooliques, \nhygi\u00e8ne alimentaire et \ncr\u00e9ation d'entreprise \nLaure DUBOIS \nIMBERY \ndirectrice g\u00e9n\u00e9rale \nd\u00e9l\u00e9gu\u00e9e \nd\u00e9partementale de la \nCCI Val-d'Oise \nMaureen \nDUJONCQUOY \ndirectrice des \nop\u00e9rations \nboissons alcooliques, \nhygi\u00e8ne alimentaire et \ncr\u00e9ation d'entreprise \nArticle 4 \u2013 apprentissage \nDe donner d\u00e9l\u00e9gation de signature au collaborateur  dont le nom suit, dans la limite de ses attributions, pour \nsigner les contrats d'apprentissage et les conventions de financement y aff\u00e9rentes. \nnom fonction \nen cas d'absence ou d'emp\u00eachement \nnom Fonction \nC\u00e9cile ECALLE directrice de l'apprentissage Bruno LEMONNIER responsable p\u00f4le \nfinancements \nPhilippe BIDAULT directeur du CFA des sciences Catherine GOUDOT responsable administration \net performance \n \n \nLa pr\u00e9sente d\u00e9cision sera publi\u00e9e au recueil des actes administratif s de la R\u00e9gion Ile-de-France ainsi que sur le \nsite Internet de la Chambre de commerce et d'industrie de r\u00e9gion Paris - \u00cele-de-France et se substitue \u00e0 toute \nautre d\u00e9l\u00e9gation relevant de domaine identique. \n \n \nFait \u00e0 Paris, le 1er octobre 2025 \n \nSign\u00e9 \n \n \nDominique RESTINO \n \n \n \n \n \n \n \nDiffusion : \nSur le site www.cci-paris-idf.fr \nRecueil des actes administratifs de la pr\u00e9fecture de r\u00e9gion Ile-de-France  \nChambre de commerce et d'industrie de r\u00e9gion Paris - \u00cele-de-France - IDF-2025-10-01-00008 - D\u00e9l\u00e9gation de signature - Enseignement\net formations 15\nChambre de commerce et d'industrie de r\u00e9gion\nParis - \u00cele-de-France\nIDF-2025-10-01-00007\nD\u00e9l\u00e9gation de signature - March\u00e9s publics\nChambre de commerce et d'industrie de r\u00e9gion Paris - \u00cele-de-France - IDF-2025-10-01-00007 - D\u00e9l\u00e9gation de signature - March\u00e9s\npublics 16\nCG CCI PARIS ILE-DE-FRANCE\nLE nn mn me\n- _ - _ _\n-\nPR\nane ss \u2014 A en ~ ~ =~\naoe\nme eee  ee ee  _\n\u2014 = PR ss - _ _ Pur . . .\n- _ _\n= \u2014 \u2014\nEE  \u2014 = _ \u2014\n=  oe mp: 7\n= =  --- ve _ wae  -\n \nLe Pr\u00e9sident \n \nDiffusion : b\u00e9n\u00e9ficiaires - www.cci-paris-idf.fr  - recueil des actes administratifs de la pr\u00e9fecture de r\u00e9gion d'\u00cele-de-France Page 1 sur 2 \n \nChambre de commerce et d'industrie de r\u00e9gion Paris Ile-de-France \n27 avenue de Friedland | 75382 Paris cedex 08  \nT. 01 55 65 44 44 (prix d'un appel local) | www.cci-paris-idf.fr \nD\u00c9CISION \nLe pr\u00e9sident de la Chambre de commerce et d'industrie de r\u00e9gion Paris - \u00cele-de-France, \n\u2b9a vu l'article R. 711-68 du code de commerce, \n\u2b9a vu le code de la commande publique \n\u2b9a vu le r\u00e8glement int\u00e9rieur, \nD\u00e9cide : \nSur proposition du directeur g\u00e9n\u00e9ral, \nArticle 1  \nDe donner d\u00e9l\u00e9gation de signature \u00e0 Beno\u00eet ICARD, directeur de la strat\u00e9gie immobili\u00e8re, \u00e0 effet de signer, dans \nla limite de ses attributions, tous les march\u00e9s relatifs \u00e0 l'ouvrage public ainsi  que les actes se rapportant \u00e0 \npassation et l'ex\u00e9cution de ces march\u00e9s pour l'ensemble des chambres de commerce et d'industrie \nd\u00e9partementales, des directions, \u00e9coles, \u00e9tablissements et services de la Chambre de commerce et d'industrie \nde r\u00e9gion Paris - \u00cele-de-France \u00e0 l'exception des march\u00e9s de maintenance et d'entretien. \nArticle 2 \nDe donner d\u00e9l\u00e9gation de signature aux collaborateurs suivants, dans la limite de leurs attributions et selon les \nconditions ci-apr\u00e8s d\u00e9finies : \n\u25cf march\u00e9s de services (hors prestations juridiques) et de fournitures d'un montant inf\u00e9rieur \u00e0 40.000 \u20ac HT, \n\u25cf march\u00e9s de prestations d'enseignement et d'animation de formation, de location de salles, de location \nd'espaces dans des salons, d'un montant inf\u00e9rieur \u00e0 90.000 \u20ac HT, \n \nnom fonction en cas d'absence ou d'emp\u00eachement \nnom fonction \nchambres de commerce et d'industrie d\u00e9partementales \nDamien WALKER directeur g\u00e9n\u00e9ral d\u00e9l\u00e9gu\u00e9 \nd\u00e9partemental de la CCI Paris \nIbtissam HENANE responsable administrative, \nfinanci\u00e8re, logistique \nMaxime \nGARRETA \ndirecteur g\u00e9n\u00e9ral d\u00e9l\u00e9gu\u00e9 \nd\u00e9partemental de la CCI Versailles-\nYvelines  \nVal\u00e9rie MARILLAT directrice des op\u00e9rations \nWilliam PROST directeur g\u00e9n\u00e9ral d\u00e9l\u00e9gu\u00e9 \nd\u00e9partemental de la CCI Hauts-de-\nSeine \n\u00c9liette ROSELL directrice des op\u00e9rations \nBernard CAYOL  directeur g\u00e9n\u00e9ral d\u00e9l\u00e9gu\u00e9 \nd\u00e9partemental de la CCI Seine-\nSaint-Denis \nNadia VALENTE-\nGUIDIS \ndirectrice des op\u00e9rations \nMarie REIS DE \nBRAGELONGNE \ndirectrice g\u00e9n\u00e9rale d\u00e9l\u00e9gu\u00e9e \nd\u00e9partementale de la CCI Val-de-\nMarne \nMattieu \nDESPERBASQUE \ndirecteur des op\u00e9rations \nLaure DUBOIS-\nIMB\u00c9RY \ndirectrice g\u00e9n\u00e9rale d\u00e9l\u00e9gu\u00e9e \nd\u00e9partementale de la CCI Val- \nd'Oise \nMaureen \nDUJONCQUOY \ndirectrice des op\u00e9rations \n  \ndirections g\u00e9n\u00e9rales et directions rattach\u00e9es \nJacques GARAU directeur g\u00e9n\u00e9ral d\u00e9l\u00e9gu\u00e9   \nMathieu \nBOULANGER \ndirecteur, direction Audit et \nInspection g\u00e9n\u00e9rale \n  \nChambre de commerce et d'industrie de r\u00e9gion Paris - \u00cele-de-France - IDF-2025-10-01-00007 - D\u00e9l\u00e9gation de signature - March\u00e9s\npublics 17\nris, le\n \nPage 2 sur 2 \nEva QUICKERT-\nMENZEL \ndirectrice de la communication Elodie FLORA responsable communication \ncorporate et relations presse, \nAdjointe \u00e0 la Directrice de la \nCommunication \nFrance MOROT-\nVIDELAINE \ndirectrice g\u00e9n\u00e9rale adjointe \npartenariats, observations, \nprospective, \u00e9tudes \nLaurent TRILLES directeur de projet DGA POPE \nChristian BOYER directeur g\u00e9n\u00e9ral adjoint en \ncharge du d\u00e9veloppement \nCommercial et du Services aux \nEntreprises \nCynthia \nLESTABLE \n \ndirectrice commerciale & \nmarketing \nPierre \nMONGRUE \ndirecteur g\u00e9n\u00e9ral adjoint CCI \ninternational Paris Ile-de-France \nChristophe \nBELLANGER \ndirecteur adjoint au DGA \nFran\u00e7oise \nGUERIN  \ndirectrice g\u00e9n\u00e9rale adjointe en \ncharge des ressources humaines  \nDiane AUSSEDAT directeur adjoint au DGA RH & \nRSE \nNathalie PIERRE directrice g\u00e9n\u00e9rale adjointe en \ncharge des Finances et \nParticipations \nChristophe \nDELORME \nresponsable du pilotage \nfinancier groupe \nThomas \nJEANJEAN \ndirecteur g\u00e9n\u00e9ral adjoint en \ncharge de l'\u00e9ducation  \nC\u00e9cile ECALLE directrice de l'apprentissage \nElodie LUQUET directrice de l'attractivit\u00e9 \ninternationale \nAlexandre HOLLE  responsable d\u00e9veloppement et \ninnovation p\u00e9dagogique \nPhilippe \nBIDAULT \ndirecteur du CFA des \nsciences \n \nCatherine \nGOUDOT \nresponsable administration et \nperformance \nVal\u00e9rie AILLAUD directrice de l'enseignement \nsup\u00e9rieur et services aux \u00e9coles \nThierry \nGAUTHEROT  \nresponsable administratif \n \n \nLa pr\u00e9sente d\u00e9cision sera publi\u00e9e au recueil des actes administratifs de la R\u00e9gion Ile-de-France ainsi que sur \nle site Internet de la Chambre de commerce et d'industrie de r\u00e9gion Paris - \u00cele-de-France et se substitue \u00e0 \ntoute autre d\u00e9l\u00e9gation relevant de domaine identique. \n \nFait \u00e0 Paris, le 1er octobre 2025 \nSign\u00e9 \nDominique RESTINO \n \n \n \n \n \n \n \n \n \n \n \nDiffusion : \nSur le site www.cci-paris-idf.fr \nRecueil des actes administratifs de la pr\u00e9fecture de r\u00e9gion Ile -de-France  \n \nChambre de commerce et d'industrie de r\u00e9gion Paris - \u00cele-de-France - IDF-2025-10-01-00007 - D\u00e9l\u00e9gation de signature - March\u00e9s\npublics 18\nChambre de commerce et d'industrie de r\u00e9gion\nParis - \u00cele-de-France\nIDF-2025-10-01-00006\nD\u00e9l\u00e9gation de signature - R\u00e9ponse aux appels \u00e0\nconcurrence\nChambre de commerce et d'industrie de r\u00e9gion Paris - \u00cele-de-France - IDF-2025-10-01-00006 - D\u00e9l\u00e9gation de signature - R\u00e9ponse aux\nappels \u00e0 concurrence 19\nCG CCI PARIS ILE-DE-FRANCE\nParis\nJacques\n \nLe Pr\u00e9sident \n \nChambre de commerce et d'industrie de r\u00e9gion Paris Ile-de-France \n27 avenue de Friedland | 75382 Paris cedex 08 \nT. 01 55 65 44 44 (prix d'un appel local) | www.cci-paris-idf.fr \n Page 1 sur 2 \nD\u00c9CISION \nLe pr\u00e9sident de la Chambre de commerce et d'industrie de r\u00e9gion Paris - \u00cele-de-France, \n\uf0d8 vu l'article R. 711-68 du code de commerce, \n\uf0d8 vu le r\u00e8glement int\u00e9rieur, \nD\u00e9cide : \nDe donner d\u00e9l\u00e9gation de signature \u00e0 St\u00e9phane FRATACCI , directeur g\u00e9n\u00e9ral, \u00e0 l'effet de signer les actes de \ncandidature \u00e0 des mises en concurrence et \u00e0 des appels \u00e0 proposition lanc\u00e9s par des institutions europ\u00e9ennes \nou internationales, des organismes publics fran\u00e7ais (\u00c9tat, collectivit\u00e9s territoriales, \u00e9tablissements publics, \u2026) \net des organismes priv\u00e9s ayant la qualit\u00e9 de pouvoir adjudicateur, ainsi que l'ensemble des documents aff\u00e9rents \naux offres pr\u00e9sent\u00e9es par la Chambre de commerce et d'industrie de r\u00e9gion Paris  - \u00cele-de-France et des pi\u00e8ces \nn\u00e9cessaires \u00e0 l 'ex\u00e9cution des march\u00e9s, sans limitation de montant des recettes pr\u00e9visionnelles totales des \nop\u00e9rations projet\u00e9es. \nEn cas d'absence ou d'emp\u00eachement et sur proposition de ce dernier, Jacques GARAU, directeur g\u00e9n\u00e9ral d\u00e9l\u00e9gu\u00e9, \nre\u00e7oit d\u00e9l\u00e9gation de signature dans les m\u00eames conditions. \nD\u00e9cide : \nSur proposition du directeur g\u00e9n\u00e9ral, \nDe donner d\u00e9l\u00e9gation de signature aux collaborateurs suivants, dans la limite de leurs attributions et selon les \nconditions ci-apr\u00e8s d\u00e9finies, des actes de candidature \u00e0 des mises en concurrence et des appels \u00e0 proposition \nlanc\u00e9s par des institutions europ\u00e9ennes ou internationales, des organismes publics fran\u00e7ais (\u00c9tat, collectivit\u00e9s \nterritoriales, \u00e9tablissements publics\u2026) et des organismes priv\u00e9s ayant la qualit\u00e9 de pouvoir adjudicateur, ainsi \nque l'ensemble des documents aff\u00e9rents aux offres pr\u00e9sent\u00e9es par la Chambre de commerce et d'industrie de \nr\u00e9gion Paris - \u00cele-de-France et des pi\u00e8ces n\u00e9cessaires \u00e0 l'ex\u00e9cution des march\u00e9s. \nnom fonction \nen cas d'absence ou \nd'emp\u00eachement \nSeuil des \nrecettes \npr\u00e9visionnelles \ntotales de \nl'op\u00e9ration \npour la CCI de \nr\u00e9gion \nnom fonction \nchambres de commerce et d'industrie d\u00e9partementales \nDamien WALKER directeur g\u00e9n\u00e9ral d\u00e9l\u00e9gu\u00e9 d\u00e9partemental \nde la CCI Paris \nSabrina COPIN directrice des \nop\u00e9rations et \npartenariats  \n< 150.000 \u20ac HT \nMaxime GARRETA directeur g\u00e9n\u00e9ral d\u00e9l\u00e9gu\u00e9 d\u00e9partemental \nde la CCI Versailles-Yvelines \nVal\u00e9rie \nMARILLAT \ndirectrice des \nop\u00e9rations \n< 150.000 \u20ac HT \nWilliam PROST directeur g\u00e9n\u00e9ral d\u00e9l\u00e9gu\u00e9 d\u00e9partemental \nde la CCI Hauts-de-Seine \n  < 150.000 \u20ac HT \nBernard CAYOL directeur g\u00e9n\u00e9ral d\u00e9l\u00e9gu\u00e9 d\u00e9partemental \nde la CCI Seine-Saint-Denis \nNadia VALENTE-\nGUIDIS \ndirectrice des \nop\u00e9rations \n< 150.000 \u20ac HT \nMarie REIS DE \nBRAGELONGNE \ndirectrice g\u00e9n\u00e9rale d\u00e9l\u00e9gu\u00e9e \nd\u00e9partementale de la CCI Val-de-Marne \n  < 150.000 \u20ac HT \nLaure DUBOIS -\nIMBERY \ndirectrice g\u00e9n\u00e9rale d\u00e9l\u00e9gu\u00e9e \nd\u00e9partementale de la CCI Val-d'Oise \nMaureen \nDUJONCQUOY \ndirectrice des \nop\u00e9rations \n< 150.000 \u20ac H \nChambre de commerce et d'industrie de r\u00e9gion Paris - \u00cele-de-France - IDF-2025-10-01-00006 - D\u00e9l\u00e9gation de signature - R\u00e9ponse aux\nappels \u00e0 concurrence 20\n-de\n \nPage 2 sur 2 \nnom fonction \nen cas d'absence ou \nd'emp\u00eachement \nSeuil des \nrecettes \npr\u00e9visionnelles \ntotales de \nl'op\u00e9ration \npour la CCI de \nr\u00e9gion \nnom fonction \ndirections g\u00e9n\u00e9rales et directions rattach\u00e9es   \nFrance MOROT-\nVIDELAINE \ndirectrice g\u00e9n\u00e9rale adjointe partenariats, \nobservations, prospective et \u00e9tudes  (DGA \nPOPe) \nLaurent \nTRILLES \ndirecteur de \nprojet DGA \nPOPE \n< 700.000 \u20ac HT \nChristian BOYER directeur g\u00e9n\u00e9ral adjoint en charge du \nd\u00e9veloppement commercial et du Services \naux entreprises (DGA DC-SE) \nCynthia \nLESTABLE \ndirectrice \ncommerciale & \nmarketing \n< 700.000 \u20ac HT \nPierre MONGRUE directeur g\u00e9n\u00e9ral adjoint CCI international \nParis Ile-de-France \n  < 700.000 \u20ac HT \nThomas JEANJEAN directeur g\u00e9n\u00e9ral adjoint en charge de \nl'\u00e9ducation \nC\u00e9cile ECALLE directrice de \nl'apprentissage \n< 700.000 \u20ac HT \nElodie LUQUET directrice de l'attractivit\u00e9 internationale Alexandre \nHOLLE \nresponsable \nd\u00e9veloppement \net Innovation \np\u00e9dagogique \n< 150.000 \u20ac HT \nVal\u00e9rie AILLAUD directrice de l'enseignement  sup\u00e9rieur et \nservices aux \u00e9coles \nThierry \nGAUTHEROT  \nresponsable \nadministratif \n< 150.000 \u20ac HT \n\u00e9coles   \nPhilippe BIDAULT directeur du CFA des sciences Catherine \nGOUDOT \nresponsable \nadministration \net performance \n< 150.000 \u20ac HT \n \n \nLa pr\u00e9sent la d\u00e9cision sera publi\u00e9e au recueil des actes administratifs de la R\u00e9gion Ile- de-France ainsi que sur \nle site Internet de la Chambre de commerce et d'industrie de r\u00e9gion Paris - \u00cele-de-France et se substitue \u00e0 toute \nautre d\u00e9l\u00e9gation relevant de domaine identique. \n \nFait \u00e0 Paris, le 1\ner octobre 2025 \nSign\u00e9 \nDominique RESTINO \n \n \n \n \n \nDiffusion : \nSur le site www.cci-paris-idf.fr \nRecueil des actes administratifs de la pr\u00e9fecture de r\u00e9gion Ile-de-France  \nChambre de commerce et d'industrie de r\u00e9gion Paris - \u00cele-de-France - IDF-2025-10-01-00006 - D\u00e9l\u00e9gation de signature - R\u00e9ponse aux\nappels \u00e0 concurrence 21\nChambre de commerce et d'industrie de r\u00e9gion\nParis - \u00cele-de-France\nIDF-2025-10-01-00005\nD\u00e9l\u00e9gation de signature - Ressources Humaines\nChambre de commerce et d'industrie de r\u00e9gion Paris - \u00cele-de-France - IDF-2025-10-01-00005 - D\u00e9l\u00e9gation de signature - Ressources\nHumaines 22\n@ CCI PARIS ILE-DE-FRANCE\n \nLe Pr\u00e9sident \n \nDiffusion : b\u00e9n\u00e9ficiaires - www.cci-paris-idf.fr  - recueil des actes administratifs de la pr\u00e9fecture de r\u00e9gion d'\u00cele-de-\nFrance Page 1 sur 4 \nChambre de commerce et d'industrie de r\u00e9gion Paris Ile-de-France \n27 avenue de Friedland | 75382 Paris cedex 08 \nT. 01 55 65 44 44 (prix d'un appel local) |  www.cci-paris-idf.fr \n \n \nD\u00c9CISION \nLe pr\u00e9sident de la Chambre de commerce et d'industrie de r\u00e9gion Paris - \u00cele-de-France, \n\uf0d8 vu l'article L. 710-1 du code de commerce, \n\uf0d8 vu l'article L. 711-8 du code de commerce, \n\uf0d8 vu l'article R. 711-68 du code de commerce, \n\uf0d8 vu l'article 40 de la loi n\u00b02019 -486 du 22 mai 2019 relative \u00e0 la croissance et la transformation des \nentreprises, tel que modifi\u00e9 par la loi n\u00b02022 -172 du 14 f\u00e9vrier 2022 en faveur de l'activit\u00e9 professionnelle \nind\u00e9pendante, \n\uf0d8 vu le code du travail, \n\uf0d8 vu le statut du personnel administratif des chambres de commerce et d'industrie pris en application de la \nloi n\u00b052 -1311 du 10 d\u00e9cembre 1952 relative \u00e0 l'\u00e9tablissement obligatoire d'un statut du personnel \nadministratif des chambres d'agriculture, de commerce et des m\u00e9tiers, \n\uf0d8 vu l'accord collectif majoritaire du 6 novembre 2020 portant reconnaissance d'une unit\u00e9 \u00e9conomique et \nsociale et de mise en place d'un comit\u00e9 social et \u00e9conomique et de repr\u00e9sentants de proximit\u00e9,  \n\uf0d8 vu le r\u00e8glement int\u00e9rieur du personnel de la Chambre de commerce et d'industrie de r\u00e9gion Paris - \u00cele-de-\nFrance, \n\uf0d8 vu le dispositif d'accompagnement \u00e0 l'int\u00e9gration du r\u00e9gime sp\u00e9cial d'assurance vieillesse au r\u00e9gime \ng\u00e9n\u00e9ral, \n\uf0d8 vu le r\u00e8glement int\u00e9rieur de la Chambre de commerce et d'industrie de r\u00e9gion Paris - \u00cele-de-France, \nD\u00e9cide : \nArticle 1 \nDe donner d\u00e9l\u00e9gation de signature \u00e0 St\u00e9phane FRATACCI, directeur g\u00e9n\u00e9ral, \u00e0 l'effet de signer les d\u00e9cisions \nindividuelles et les conventions relatives au recrutement et \u00e0 la gestion des collaborateurs exer\u00e7ant les \nfonctions de directeur g\u00e9n\u00e9ral d\u00e9l\u00e9gu\u00e9, de directeur g\u00e9n\u00e9ral adjoint, de directeur g\u00e9n\u00e9ral d\u00e9l\u00e9gu\u00e9 \nd\u00e9partemental, de directeur en charge d'une direction ou d'un service rattach\u00e9 \u00e0 la direction g\u00e9n\u00e9rale, de \ndirecteur d'une \u00e9cole, \u00e0 l'exception des sanctions disciplinaires autres que l'avertissement , des d\u00e9cisions de \nlicenciement prises apr\u00e8s avis du Comit\u00e9 social \u00e9conomique et des radiations des effectifs des agents publics \npour abandon de poste. \nEn cas d'absence ou d'emp\u00eachement sur proposition de ce dernier, Jacques GARAU, directeur g\u00e9n\u00e9ral d\u00e9l\u00e9gu\u00e9, \nre\u00e7oit d\u00e9l\u00e9gation de signature dans les m\u00eames conditions. \nD\u00e9cide : \nSur proposition du directeur g\u00e9n\u00e9ral, \nArticle 2 \nDe donner d\u00e9l\u00e9gation de signature \u00e0 Fran\u00e7oise GUERIN, directrice g\u00e9n\u00e9rale adjointe en charge des ressources \nhumaines, \u00e0 l'effet de signer : \n1. les d\u00e9cisions individuelles et les conventions relatives au recrutement des collaborateurs, en CDI et en CDD, \ndes b\u00e9n\u00e9ficiaires de contrats aid\u00e9s, des apprentis et des stagiaires d'\u00e9cole ainsi qu'au renouvellement des \ncontrats \u00e0 dur\u00e9e d\u00e9termin\u00e9e en cours de la Chambre de commerce et d'industrie de r\u00e9gion Paris \u2013  \u00cele-de-\nFrance \u00e0 l'exception des directeurs g\u00e9n\u00e9rau x d\u00e9l\u00e9gu\u00e9s, directeurs g\u00e9n\u00e9raux adjoints, directeurs g\u00e9n\u00e9raux \nd\u00e9l\u00e9gu\u00e9s d\u00e9partementaux, directeurs en charge d'une direction ou d'un service rattach\u00e9 \u00e0 la direction \ng\u00e9n\u00e9rale, de directeurs d'une \u00e9cole, \n2. les d\u00e9cisions individuelles et les conventions relatives \u00e0 la gestion de l'ensemble des collaborateurs de la \nChambre de commerce et d'industrie de r\u00e9gion Paris \u2013 \u00cele-de-France, \u00e0 l'exception des directeurs g\u00e9n\u00e9raux \nd\u00e9l\u00e9gu\u00e9s, directeurs g\u00e9n\u00e9raux adjoints, directeurs g\u00e9n\u00e9raux d\u00e9l\u00e9gu\u00e9s d\u00e9partementaux, dir ecteurs en \ncharge d'une direction ou d'un service rattach\u00e9 \u00e0 la direction g\u00e9n\u00e9rale, de directeurs d'une \u00e9cole, \u00e0 \nl'exclusion des sanctions disciplinaires autres que l'avertissement, des d\u00e9cisions de licenciement prises \napr\u00e8s avis  du Comit\u00e9 social et \u00e9conomique et des d\u00e9cisions de radiation des effectifs des agents publics \npour abandon de poste, \nChambre de commerce et d'industrie de r\u00e9gion Paris - \u00cele-de-France - IDF-2025-10-01-00005 - D\u00e9l\u00e9gation de signature - Ressources\nHumaines 23\net\nPage 2 sur 4 \n3. les d\u00e9cisions fixant les jours de r\u00e9duction de temps de travail pris \u00e0 l'initiative de la Chambre de commerce \net d'industrie de r\u00e9gion Paris \u2013 \u00cele-de-France ou organisant la fermeture des services relevant de son \nautorit\u00e9, \n4. les r\u00e9quisitions des collaborateurs dont la pr\u00e9sence, en cas de gr\u00e8ve, est indispensable \u00e0 la s\u00e9curit\u00e9 des \npersonnes et des biens, \n5. les conventions de d\u00e9tachement ou de mise \u00e0 disposition des personnels permanents ou contractuels, \n6. les d\u00e9cisions pronon\u00e7ant une suspension de fonctions \u00e0 titre conservatoire, \n7. les conventions relatives \u00e0 la cessation d'un commun accord de la relation de travail des agents publics et \naux ruptures conventionnelles des salari\u00e9s de droit priv\u00e9, \n8. les d\u00e9cisions individuelles relatives \u00e0 l'ancien r\u00e9gime sp\u00e9cial d'assurance maladie et relatives au ch\u00f4mage \nde quelque nature que ce soit, \n9. les d\u00e9cisions relatives \u00e0 l'application de l'article 32 du statut du personnel des chambres de commerce et \nd'industrie, \n10. les d\u00e9cisions portant admission \u00e0 la retraite, \n11. les d\u00e9cisions individuelles relatives \u00e0 l'application du r\u00e8glement de l'ancien r\u00e9gime sp\u00e9cial d'assurance \nvieillesse de la Chambre de commerce et d'industrie de Paris, \n12. les d\u00e9cisions individuelles relatives \u00e0 la mise en \u0153uvre des mesures d'accompagnement de l'int\u00e9gration du \nr\u00e9gime sp\u00e9cial d'assurance vieillesse de la Chambre de commerce et d'industrie de Paris au r\u00e9gime g\u00e9n\u00e9ral \net concernant la retraite, le r\u00e9gime de retraite suppl\u00e9mentaire et la pr\u00e9voyance, \n13. les d\u00e9cisions relatives \u00e0 la mise en place, aux modifications ainsi que celles pouvant r\u00e9sulter des \nchangements de prestataires en mati\u00e8re de plan d'\u00e9pargne entreprise, de plan d'\u00e9pargne pour la retraite \ncollectif, des r\u00e9gimes compl\u00e9mentaires de pr\u00e9voyance et de remboursement de frais de sant\u00e9, ainsi que de \nr\u00e9gime de retraite suppl\u00e9mentaire, les accords portant sur la mise en \u0153uvre de la proc\u00e9dure de suppression \nde postes pr\u00e9vue aux articles 35 -1 et suivants du statut du personnel des chambres de commerce et \nd'industrie et de ceux portant sur la mise en \u0153uvre de la proc\u00e9dure de licenciement pour motif \u00e9conomique \npr\u00e9vue aux articles L. 1233-1 et suivants du Code du travail. \nEn cas d'absence ou d'emp\u00eachement, Diane AU SSEDAT, directrice, adjointe au DGA en charge des ressources \nhumaines, re\u00e7oit d\u00e9l\u00e9gation de signature dans les m\u00eames  conditions pour l'ensemble des d\u00e9cisions et \nconventions vis\u00e9es aux points 1 \u00e0 13 ci-dessus. \nArticle 3 \nDe donner d\u00e9l\u00e9gation de signature aux collaborateurs suivants, dans la limite de leurs attributions, \u00e0 l'effet de \nsigner : \n\u2022 les d\u00e9cisions individuelles et les conventions relatives au recrutement des CDD d'usage, des b\u00e9n\u00e9ficiaires \nde contrats aid\u00e9s, des apprentis et des stagiaires d'\u00e9cole de l'ensemble des directions et \u00e9coles rattach\u00e9es \n\u00e0 la direction-g\u00e9n\u00e9rale-adjointe, \n\u2022 l\nes d\u00e9cisions individuelles et les conventions relatives \u00e0 la gestion de l'ensemble des collaborateurs, des \nb\u00e9n\u00e9ficiaires de contrats aid\u00e9s, les apprentis et les stagiaires d'\u00e9cole de l'ensemble des directions et \u00e9coles \nrattach\u00e9es \u00e0 la direction-g\u00e9n\u00e9rale-adjointe, y compris les d\u00e9cisions relatives \u00e0 la gestion des collaborateurs \nexer\u00e7ant les fonctions de directeur en charge d'une direction, d'un \u00e9tablissement, d'une \u00e9cole ou d'un \nservice rattach\u00e9s \u00e0 la direction g\u00e9n\u00e9rale adjointe dont ils ont la charge,  \u00e0 l'exclusion des sanctions \ndisciplinaires, des d\u00e9cisions de licenciement et de rupture anticip\u00e9e de la relation de travail, ainsi que des \nd\u00e9cisions de radiation des effectifs des agents publics pour abandon de poste et des d\u00e9cisions d'admission \n\u00e0 la retraite,  \n\u2022 les d\u00e9cisions fixant les jours de r\u00e9duction de temps de travail organisant la fermeture des services relevant \nde leur autorit\u00e9. \nnom fonction \nen cas d'absence ou d'emp\u00eachement \nnom fonction \nFrance MOROT-\nVIDELAINE \ndirectrice g\u00e9n\u00e9rale adjointe \npartenariats, observations, \nprospective et \u00e9tudes (DGA \nPOPe) \n  \nChristian BOYER directeur g\u00e9n\u00e9ral adjoint en \ncharge du d\u00e9veloppement \ncommercial et du services aux \nentreprises (DGA DC-SE) \nCynthia LESTABLE directrice commerciale & \nmarketing \nPierre MONGRUE directeur g\u00e9n\u00e9ral adjoint CCI \ninternational Paris Ile-de-France \nChristophe \nBELLANGER \ndirecteur adjoint au DGA \nNathalie PIERRE directrice g\u00e9n\u00e9rale adjointe en \ncharge des finances et \nparticipations \nChristophe \nDELORME \nresponsable du pilotage \nfinancier groupe \nChambre de commerce et d'industrie de r\u00e9gion Paris - \u00cele-de-France - IDF-2025-10-01-00005 - D\u00e9l\u00e9gation de signature - Ressources\nHumaines 24\nPage 3 sur 4 \nnom fonction \nen cas d'absence ou d'emp\u00eachement \nnom fonction \nThomas JEANJEAN directeur g\u00e9n\u00e9ral adjoint en \ncharge de l'\u00e9ducation \nC\u00e9cile ECALLE directrice de l'apprentissage \nArticle 4 \nDe donner d\u00e9l\u00e9gation de signature aux collaborateurs suivants, dans la limite de leurs attributions, \u00e0 l'effet de \nsigner : \n\u2022 les d\u00e9cisions individuelles et les conventions relatives au recrutement des CDD d'usage, des b\u00e9n\u00e9ficiaires \nde contrats aid\u00e9s, des apprentis et des stagiaires d'\u00e9cole, \n\u2022 l es d\u00e9cisions individuelles et les conventions relatives \u00e0 la gestion de l'ensemble des collaborateurs des \ndirections, \u00e9tablissements, \u00e9coles ou services rattach\u00e9s \u00e0 la direction dont ils ont la charge, \u00e0 l'exclusion \ndes sanctions disciplinaires, des d\u00e9cisions de licenciement et de rupture anticip\u00e9e de la relation de travail, \nainsi que des d\u00e9cisions  de radiation des effectifs  pour abandon de poste  des agents publics et des \nd\u00e9cisions d'admission \u00e0 la retraite, \n\u2022 les d\u00e9cisions fixant les jours de r\u00e9duction de temps de travail organisant la fermeture des services relevant \nde leur autorit\u00e9. \n \nnom fonction \nEn cas d'absence ou d'emp\u00eachement \nnom fonction \nchambres de commerce et d'industrie d\u00e9partementales \nDamien WALKER directeur g\u00e9n\u00e9ral \nd\u00e9l\u00e9gu\u00e9 d\u00e9partemental \nde la CCI Paris \nSabrina COPIN directrice des op\u00e9rations \nMaxime GARRETA directeur g\u00e9n\u00e9ral \nd\u00e9l\u00e9gu\u00e9 d\u00e9partemental \nde la CCI Versailles-\nYvelines \nVal\u00e9rie MARILLAT directrice des op\u00e9rations \nWilliam PROST directeur g\u00e9n\u00e9ral \nd\u00e9l\u00e9gu\u00e9 d\u00e9partemental \nde la CCI Hauts-de-Seine  \n\u00c9liette ROSELL directrice des op\u00e9rations \nBernard CAYOL  directeur g\u00e9n\u00e9ral \nd\u00e9l\u00e9gu\u00e9 d\u00e9partemental \nde la CCI Seine-Saint-\nDenis \nNadia VALENTE-GUIDIS directrice des op\u00e9rations \nMarie REIS DE \nBRAGELONGNE \ndirectrice g\u00e9n\u00e9rale \nd\u00e9l\u00e9gu\u00e9e \nd\u00e9partementale de la \nCCI Val-de-Marne \nMathieu DESPERBASQUE directeur des op\u00e9rations \nLaure DUBOIS-\nIMB\u00c9RY \ndirectrice g\u00e9n\u00e9rale \nd\u00e9l\u00e9gu\u00e9e \nd\u00e9partementale de la \nCCI Val- d'Oise  \nMaureen DUJONCQUOY directrice des op\u00e9rations \n \ndirections rattach\u00e9es \nMathieu BOULANGER directeur, direction Audit \net Inspection g\u00e9n\u00e9rale \n  \nEva QUICKERT-\nMENZEL \ndirectrice de la \ncommunication  \nElodie FLORA responsable communication \ncorporate et relations presse, \nAdjointe \u00e0 la Directrice de la \nCommunication \nBeno\u00eet ICARD directeur de la strat\u00e9gie \nimmobili\u00e8re \n  \nChambre de commerce et d'industrie de r\u00e9gion Paris - \u00cele-de-France - IDF-2025-10-01-00005 - D\u00e9l\u00e9gation de signature - Ressources\nHumaines 25\n_# re  we . . +  ene or\nLi ous Due ee ee we . . .... ee\nPage 4 sur 4 \nC\u00e9cile ECALLE  directrice de \nl'apprentissage \nPhilippe BIDAULT directeur du CFA des sciences \nElodie LUQUET directrice de \nl'attractivit\u00e9  \ninternationale \nAlexandre HOLLE  responsable d\u00e9veloppement et \nInnovation p\u00e9dagogique \nVal\u00e9rie AILLAUD directrice de \nl'enseignement \nsup\u00e9rieur et services aux \n\u00e9coles \nThierry GAUTHEROT  responsable administratif \n\u00e9cole \nPhilippe BIDAULT directeur du CFA des \nsciences \nCatherine GOUDOT responsable administration et \nperformance \n \nLa pr\u00e9sente d\u00e9cision sera publi\u00e9e au recueil des actes administratifs de la R\u00e9gion Ile-de-France ainsi que sur le \nsite Internet de la Chambre de commerce et d'industrie de r\u00e9gion Paris - \u00cele-de-France et se substitue \u00e0 toute \nautre d\u00e9l\u00e9gation relevant de domaine identique. \n \n \n \nFait \u00e0 Paris, le 1\ner octobre 2025 \nSign\u00e9 \n \nDominique RESTINO \nChambre de commerce et d'industrie de r\u00e9gion Paris - \u00cele-de-France - IDF-2025-10-01-00005 - D\u00e9l\u00e9gation de signature - Ressources\nHumaines 26\nChambre de commerce et d'industrie de r\u00e9gion\nParis - \u00cele-de-France\nIDF-2025-10-03-00007\nD\u00e9l\u00e9gations de  signature formalistes - Liste des\nconseillers et assistants formalistes CFE\nChambre de commerce et d'industrie de r\u00e9gion Paris - \u00cele-de-France - IDF-2025-10-03-00007 - D\u00e9l\u00e9gations de  signature formalistes -\nListe des conseillers et assistants formalistes CFE 27\nCG CCI PARIS ILE-DE-FRANCE\nIrs suivants, dans la limite de leurs attributions,\n~ tion, la modification et lalace par l'Etat;\n \nLe Pr\u00e9sident \n \n \n \nDECISION \n \nLe Pr\u00e9sident de la Chambre de commerce et d'industrie de r\u00e9gion Paris Ile- de-France, \n\u00b7 Vu le code de commerce et notamment l'article R.711-68 ; \n\u00b7 Vu le r\u00e8glement int\u00e9rieur ; \nD\u00e9cide : \nSur proposition du Directeur G\u00e9n\u00e9ral  \nde donner d\u00e9l\u00e9gation de signature aux collaborateurs suivants, dans la limite de leurs attributions, \n\u00e0 effet de signer :  \n1. les conventions de mandat pour la r\u00e9alisation de formalit\u00e9s dont la cr\u00e9ation, la modification et la \ncessation d'activit\u00e9 d'entreprises sur les diff\u00e9rentes plateformes mises en place par l'Etat ;  \n2. les engagements de d\u00e9penses n\u00e9cessaires \u00e0 l'ex\u00e9cution de leur mandat et uniquement sur  les \ndiff\u00e9rentes plateformes mises en place par l'Etat pour la r\u00e9alisation des formalit\u00e9s des entreprises \ndans la limite des tarifications fix\u00e9es par l'Etat et qui ne pourront exc\u00e9der en toute hypoth\u00e8se 2 000\u20ac \nde frais greffe par dossier de formalit\u00e9s par conseiller ci-apr\u00e8s d\u00e9sign\u00e9.  \nDans les conditions ci-apr\u00e8s d\u00e9finies :  \nChambre de commerce et d'industrie de r\u00e9gion Paris - \u00cele-de-France - IDF-2025-10-03-00007 - D\u00e9l\u00e9gations de  signature formalistes -\nListe des conseillers et assistants formalistes CFE 28\n_ \u2014 = cts  _ _ = \u2014\n= = \u2014 = ps _ _ = =\nla Region lle\n \nLa pr\u00e9sente d\u00e9l\u00e9gation est consentie du 3 octobre 2025 jusqu'au 31 d\u00e9cembre 2026.  \nLa pr\u00e9sente d\u00e9cision sera publi\u00e9e au recueil des actes administratifs de la R\u00e9gion Ile-de-France ainsi \nque sur le site internet de la Chambre de commerce de r\u00e9gion Paris \u2013 \u00cele-de-France.   \n \nFait \u00e0 Paris, le 3 octobre 2025 \nSign\u00e9 \nDominique RESTINO \nNOM PRENOMPRENOM FONCTION Centre \nfinancier \nD\u00e9penses et \nrecettes \nJUSTE Fran\u00e7oise Conseiller Formaliste 2N72 D\u00e9penses \nDERRARDJA Omar Conseiller Formaliste 2N72 D\u00e9penses \nLAIGLE Auriane Conseiller Formaliste 2N72 D\u00e9penses \nBEN SAID Asma Conseiller Formaliste 2N72 D\u00e9penses \nPIETRI V\u00e9ronique Conseiller Formaliste 2N72 D\u00e9penses \nSIMON Sophie Conseiller Formaliste 6S32 D\u00e9penses \nHOUNDOLO Manuella Conseiller Formaliste  6S32 D\u00e9penses \nNOEL Agn\u00e8s Conseiller Formaliste 6S32 D\u00e9penses \nGABOURG-FLECHE Katia Assistante Formaliste 6S32 D\u00e9penses \nGUERRIER Val\u00e9rie Conseiller Formaliste 6R32 D\u00e9penses \nGUILLAUMEAU Arnaud Conseiller Formaliste 6R32 D\u00e9penses \nDUBOS Laetitia Assistante formalit\u00e9s 6R32 D\u00e9penses \nAHAJAJ Anass Conseiller Formaliste 6R32 D\u00e9penses \nDONA Francette Conseiller Formaliste 2M50 D\u00e9penses \nRENAUD H\u00e9l\u00e8ne Conseiller Formaliste 2M50 D\u00e9penses \nCRAPOULET Ang\u00e9lique Conseiller Formaliste 2M50 D\u00e9penses \nBELLAHMER Salah Conseiller Formaliste 2M50 D\u00e9penses \nTRAORE Kamissa Conseiller Formaliste 2M50 D\u00e9penses \nLISSOUBA Christophe Conseiller Formaliste 2K23 D\u00e9penses \nHESLOT Patrick Conseiller Formaliste 2K23 D\u00e9penses \nKHATRA Amanda Conseiller Formaliste  2K23 D\u00e9penses \nAUBERT Catherine Conseiller Formaliste  2K23 D\u00e9penses \nDADOUE Cyril Assistante Formaliste 2K23 D\u00e9penses \nCYMBOR Magali Conseiller Formaliste 2L5C D\u00e9penses \nKAMINSKI S\u00e9verine Conseiller Formaliste 2L5C D\u00e9penses \nMIRANDE-NEY V\u00e9ronique Conseiller Formaliste 2L5C D\u00e9penses \nRASSOOL Faeeza Conseiller Formaliste 2L5C D\u00e9penses \nKHELLAF Nadia Conseiller Formaliste 2L5C D\u00e9penses \nDJENDOUBI Le\u00efla Conseiller Formaliste 2L5C D\u00e9penses \nSOLIGNAC Corinne Conseiller Formaliste 2J30 D\u00e9penses \nLEYSSALLE Barbara Conseiller Formaliste 2J30 D\u00e9penses \nVERBRUGGE Val\u00e9rie Conseiller Formaliste 2J30 D\u00e9penses \nKASSPARIAN Marie Jos\u00e9 Conseiller Formaliste 2J30 D\u00e9penses \nNEGOUAI Olivier Fran\u00e7ois Conseiller Formaliste 2J30 D\u00e9penses \nDESCAMPS Eric Conseiller Formaliste 2J30 D\u00e9penses \nChambre de commerce et d'industrie de r\u00e9gion Paris - \u00cele-de-France - IDF-2025-10-03-00007 - D\u00e9l\u00e9gations de  signature formalistes -\nListe des conseillers et assistants formalistes CFE 29\nDirection r\u00e9gionale et interd\u00e9partementale de\nl'h\u00e9bergement et du logement\nIDF-2025-10-08-00010\nArr\u00eat\u00e9 modifiant l'arr\u00eat\u00e9 n\u00b0 IDF-2022-12-24-0001\ndu 24 d\u00e9cembre 2022 portant d\u00e9l\u00e9gation \u00e0 la\nmaire de Paris des attributions en mati\u00e8re de\nsanction administrative pour non-\nrespect du dispositif exp\u00e9rimental\nd'encadrement des loyers, en application de\nl'article 140 VII de la loi n\u00b0 2018-1021 du 23\nnovembre 2018\nDirection r\u00e9gionale et interd\u00e9partementale de l'h\u00e9bergement et du logement - IDF-2025-10-08-00010 - Arr\u00eat\u00e9 modifiant l'arr\u00eat\u00e9 n\u00b0\nIDF-2022-12-24-0001 du 24 d\u00e9cembre 2022 portant d\u00e9l\u00e9gation \u00e0 la maire de Paris des attributions en mati\u00e8re de sanction\nadministrative pour non-\nrespect du dispositif exp\u00e9rimental d'encadrement des loyers, en application de\nl'article 140 VII de la loi n\u00b0 2018-1021 du 23 novembre 2018\n30\nPREFET _DE LA REGIOND'\u00ceLE-DE-FRANCELibert\u00e9Egalit\u00e9Fraternit\u00e9\n \n \n \n \n \n  \n \n \n \n \n \nARR\u00caTE  \n \nmodifiant l'arr\u00eat\u00e9 n\u00b0 IDF-2022-12-24-0001 du 24 d\u00e9cembre 2022 portant d\u00e9l\u00e9gation \u00e0 \nla maire de Paris des attributions en mati\u00e8re de sanction administrative pour non-\nrespect du dispositif exp\u00e9rimental d'encadrement des loyers,  en application de \nl'article 140 VII de la loi n\u00b0 2018-1021 du 23 novembre 2018  \n \nLE PR\u00c9FET DE LA R\u00c9GION D'\u00ceLE-DE-FRANCE  \nPR\u00c9FET DE PARIS  \nGRAND OFFICIER DE LA L\u00c9GION D'HONNEUR  \nOFFICIER DE L'ORDRE NATIONAL DU M\u00c9RITE  \n \nVu le code g\u00e9n\u00e9ral des collectivit\u00e9s territoriales ; \n \nVu  la loi n\u00b0 89-462 du 6 juillet 1989 modifi\u00e9e tendan t \u00e0 am\u00e9liorer les rapports locatifs \net portant modification de la loi n\u00b0 86-1290 du 23 d\u00e9cembre 1986 ; \n \nVu  la loi n\u00b0 2018-1021 du 23 novembre 2018 portant \u00e9v olution du logement, de \nl'am\u00e9nagement et du num\u00e9rique dite ELAN, notamment son article 140 modifi\u00e9 par \nl'article 85 de la loi n\u00b0 2022-217 du 21 f\u00e9vrier 20 22 relative \u00e0 la diff\u00e9renciation, \u00e0 la \nd\u00e9centralisation, la d\u00e9concentration et portant div erses mesures de simplification de \nl'action publique locale ; \n \n \nVu le d\u00e9cret n\u00b0 2004-374 du 29 avril 2004 modifi\u00e9 rela tif aux pouvoirs des pr\u00e9fets, \u00e0 \nl'organisation et \u00e0 l'action des services de l'Etat dans les r\u00e9gions et d\u00e9partements ;  \n \nVu  le d\u00e9cret n\u00b0 2010-687 du 24 juin 2010 modifi\u00e9 rela tif \u00e0 l'organisation et aux \nmissions des services de l'Etat dans la r\u00e9gion et les d\u00e9partements d'\u00cele-de-France ;  \n \nVu  le d\u00e9cret n\u00b0 2019-315 du 12 avril 2019 fixant le p \u00e9rim\u00e8tre du territoire de la Ville de \nParis sur lequel est install\u00e9 le dispositif d'encad rement des loyers pr\u00e9vu \u00e0 l'article 140 \nde la loi n\u00b0 2018-1021 du 23 novembre 2018 ;\n \n \nVu  le d\u00e9cret n\u00b0 2019- 437 du 13 mai 2019 relatif aux modalit\u00e9s d'application de la mise \nen demeure en cas de non-respect du dispositif exp\u00e9 rimental d'encadrement du \nniveau des loyers et au recouvrement des amendes ad ministratives dans le cadre des \nrapports locatifs, notamment son article 1 \ner  ; \n \nVu l'arr\u00eat\u00e9 n\u00b0 IDF-2022-12-24-0001 du 24 d\u00e9cembre 2022  portant d\u00e9l\u00e9gation \u00e0 la \nmairie de Paris des attributions en mati\u00e8re de sanc tion administrative pour non-\nrespect du dispositif exp\u00e9rimental d'encadrement de s loyers, en application de \nl'article 140 VII de la loi n\u00b0 2018-1021 du 23 novembre 2018 ;\n \nDirection r\u00e9gionale et interd\u00e9partementale de l'h\u00e9bergement et du logement - IDF-2025-10-08-00010 - Arr\u00eat\u00e9 modifiant l'arr\u00eat\u00e9 n\u00b0\nIDF-2022-12-24-0001 du 24 d\u00e9cembre 2022 portant d\u00e9l\u00e9gation \u00e0 la maire de Paris des attributions en mati\u00e8re de sanction\nadministrative pour non-\nrespect du dispositif exp\u00e9rimental d'encadrement des loyers, en application de\nl'article 140 VII de la loi n\u00b0 2018-1021 du 23 novembre 2018\n31\n \n \n \n \nConsid\u00e9rant que, sur le fondement des dispositions du quatri\u00e8me  alin\u00e9a du VII de \nl'article 140 de la loi n\u00b0 2018-1021 du 23 novembre  2018 modifi\u00e9, qui permettent au \nrepr\u00e9sentant de l'\u00c9tat de d\u00e9l\u00e9guer par arr\u00eat\u00e9 les a ttributions qu'il d\u00e9tient en \napplication de ce paragraphe, ont \u00e9t\u00e9 d\u00e9l\u00e9gu\u00e9es \u00e0 l a maire de Paris, par arr\u00eat\u00e9                                  \nn\u00b0 IDF-2022-12-24-0001 du 24 d\u00e9cembre 2022 et sur s a demande, les attributions en \nmati\u00e8re de sanction administrative pour non-respect  du dispositif exp\u00e9rimental \nd'encadrement des loyers ;  \n \nConsid\u00e9rant  que cette d\u00e9l\u00e9gation expire le 31 d\u00e9cembre 2025 et  qu'il convient \nd'ouvrir la possibilit\u00e9 de la prolonger jusqu'\u00e0 la fin de l'exp\u00e9rimentation, pr\u00e9vue le      \n24 novembre 2026 en l'\u00e9tat actuel des textes, en ve rtu de l'article 140 de la loi du 23 \nnovembre 2018 susvis\u00e9e et modifi\u00e9e dans sa dur\u00e9e pa r l'article 85 de la loi du 21 \nf\u00e9vrier 2022 susvis\u00e9e ; \n \nConsid\u00e9rant le courrier de la maire de Paris, en date du 8 sept embre 2025, \ndemandant la prolongation de la d\u00e9l\u00e9gation par le p r\u00e9fet de la r\u00e9gion d'\u00cele-de-France, \npr\u00e9fet de Paris, des attributions qu'il d\u00e9tient au titre de l'article 140 VII, en vue de la \nmise en \u0153uvre de la sanction administrative en cas de non-respect du dispositif \nexp\u00e9rimental d'encadrement des loyers, selon les mo dalit\u00e9s d'application d\u00e9taill\u00e9es \ndans le d\u00e9cret susvis\u00e9 ;\n \n \nSur proposition  du pr\u00e9fet, directeur de Cabinet du pr\u00e9fet de la r\u00e9 gion d'\u00cele-de-France, \npr\u00e9fet de Paris ;  \n \n \nARR\u00caTE : \n \nArticle 1 -\n \n \nL'article 4 de l'arr\u00eat\u00e9 du 24 d\u00e9cembre 2022 susvis\u00e9  est remplac\u00e9 par les dispositions \nsuivantes :\n \n \nE La pr\u00e9sente d\u00e9l\u00e9gation entre en vigueur \u00e0 la date  du  1\ner janvier 2023. Elle le restera \njusqu'\u00e0 la fin de l'exp\u00e9rimentation pr\u00e9vue \u00e0 l'alin \u00e9a 1er de l'article 140 de la loi \nsusvis\u00e9e du 23 novembre 2018 modifi\u00e9e.  \n \nLe pr\u00e9fet de la r\u00e9gion d'\u00cele-de-France, pr\u00e9fet de P aris, peut mettre fin \u00e0 la pr\u00e9sente \nd\u00e9l\u00e9gation \u00e0 tout moment, par arr\u00eat\u00e9, de sa propre initiative ou \u00e0 la demande de la \nVille de Paris, dans le respect d'un d\u00e9lai de pr\u00e9venance de six mois. G\n \n \n \nDirection r\u00e9gionale et interd\u00e9partementale de l'h\u00e9bergement et du logement - IDF-2025-10-08-00010 - Arr\u00eat\u00e9 modifiant l'arr\u00eat\u00e9 n\u00b0\nIDF-2022-12-24-0001 du 24 d\u00e9cembre 2022 portant d\u00e9l\u00e9gation \u00e0 la maire de Paris des attributions en mati\u00e8re de sanction\nadministrative pour non-\nrespect du dispositif exp\u00e9rimental d'encadrement des loyers, en application de\nl'article 140 VII de la loi n\u00b0 2018-1021 du 23 novembre 2018\n32\n \n \nArticle 2 - \n \nLe pr\u00e9fet, directeur de Cabinet de la pr\u00e9fecture de  la r\u00e9gion d'\u00cele-de-France, \npr\u00e9fecture de Paris, le directeur r\u00e9gional et inter d\u00e9partemental de l'h\u00e9bergement et \ndu logement d'\u00cele-de-France, et la Maire de Paris s ont charg\u00e9s, chacun en ce qui le \nconcerne, de l'ex\u00e9cution du pr\u00e9sent arr\u00eat\u00e9 qui sera  publi\u00e9 au recueil des actes \nadministratifs de la pr\u00e9fecture de la r\u00e9gion d'\u00cele- de-France, pr\u00e9fecture de Paris \n(\u00e9chelon de Paris) accessible sur le site internet de la pr\u00e9fecture : www.prefectures-\nregions.gouv.fr/ile-de-france  et notifi\u00e9 \u00e0 la maire de Paris.  \n \nFait \u00e0 Paris, le 8 octobre 2025 \n \n \n  \nLe pr\u00e9fet de la r\u00e9gion d'\u00cele-de-France, \npr\u00e9fet de Paris \n \nSIGN\u00c9 \n \nMarc Guillaume  \nDirection r\u00e9gionale et interd\u00e9partementale de l'h\u00e9bergement et du logement - IDF-2025-10-08-00010 - Arr\u00eat\u00e9 modifiant l'arr\u00eat\u00e9 n\u00b0\nIDF-2022-12-24-0001 du 24 d\u00e9cembre 2022 portant d\u00e9l\u00e9gation \u00e0 la maire de Paris des attributions en mati\u00e8re de sanction\nadministrative pour non-\nrespect du dispositif exp\u00e9rimental d'encadrement des loyers, en application de\nl'article 140 VII de la loi n\u00b0 2018-1021 du 23 novembre 2018\n33","date":"2025-10-10","first_seen_on":"2025-10-10T17:10:09+00:00","id":"010f3412475d65e286bc373386d984e7bba97ef0f262b09ba58973f21a965422","name":"recueilDS-idf-029-2025-10-recueil-des-actes-administratifs-special du 10.10.2025","pdf_creation_date":"2025-10-10T15:47:26+00:00","pdf_modification_date":null,"timezone":"Europe/Paris","url":"https://www.prefectures-regions.gouv.fr/ile-de-france/irecontenu/telechargement/131729/967290/file/recueilDS-idf-029-2025-10-recueil-des-actes-administratifs-special%20du%2010.10.2025.pdf"}
