{"administration":"prefidf","administration_name":"Pr\u00e9fecture de la r\u00e9gion \u00cele-de-France","content":"PREFECTURE\nREGION ILE DE\nFRANCE\nRECUEIL DES ACTES\nADMINISTRATIFS SP\u00c9CIAL\nN\u00b0IDF-017-2025-09\nPUBLI\u00c9 LE  5 SEPTEMBRE 2025\nSommaire\nDirection r\u00e9gionale et interd\u00e9partementale de l'\u00e9conomie, de l'emploi,\ndu travail et des solidarit\u00e9s d'\u00cele-de-France / secr\u00e9tariat de direction\nIDF-2025-09-03-00012 - D\u00e9cision n\u00b02025-179 du 03 septembre 2025\nportant subd\u00e9l\u00e9gation de signature de Monsieur Fabrice MASI,\nDirecteur r\u00e9gional et interd\u00e9partemental de\nl'\u00c9conomie, de\nl'Emploi, du Travail et des Solidarit\u00e9s d'\u00cele-de-France (4 pages) Page 3\n2\nDirection r\u00e9gionale et interd\u00e9partementale de\nl'\u00e9conomie, de l'emploi, du travail et des\nsolidarit\u00e9s d'\u00cele-de-France\nIDF-2025-09-03-00012\nD\u00e9cision n\u00b02025-179 du 03 septembre 2025\nportant subd\u00e9l\u00e9gation de signature de Monsieur\nFabrice MASI, Directeur r\u00e9gional et\ninterd\u00e9partemental de\nl'\u00c9conomie, de l'Emploi, du Travail et des\nSolidarit\u00e9s d'\u00cele-de-France\nDirection r\u00e9gionale et interd\u00e9partementale de l'\u00e9conomie, de l'emploi, du travail et des solidarit\u00e9s d'\u00cele-de-France -\nIDF-2025-09-03-00012 - D\u00e9cision n\u00b02025-179 du 03 septembre 2025 portant subd\u00e9l\u00e9gation de signature de Monsieur Fabrice MASI,\nDirecteur r\u00e9gional et interd\u00e9partemental de\nl'\u00c9conomie, de l'Emploi, du Travail et des Solidarit\u00e9s d'\u00cele-de-France\n3\nPREFETDE PARISLibert\u00e9Egalit\u00e9Fraternit\u00e9\nPR\u00c9FETDES HAUTS-DE-SEINELibert\u00e9\u00c9galit\u00e9Fraternit\u00e9\nEnPREFETDE SEINE-ET-MARNELibert\u00e9Egalit\u00e9Fraternit\u00e9\nPR\u00c9FETDE LA SEINE-SAINT-DENISLibert\u00e9\u00c9galit\u00e9Fraternit\u00e9\nPR\u00c9FETDES YVELINESLibert\u00e9Egalit\u00e9{raternit\u00e9\nPR\u00c9FETDU VAL-DE-MARNELibert\u00e9\u00c9galit\u00e9Fraternit\u00e9\nPR\u00c9FETDE L'ESSONNELibert\u00e9Egalit\u00e9Fraternit\u00e9\nPR\u00c9FETDU VAL-D'OISELibert\u00e9Egalit\u00e9Fraternit\u00e9\n \nDRIEETS Ile de France  \n21 rue Madeleine Vionnet  \n93300 AUBERVILLIERS \n \n \n \n \n \n \n \n \n \n \n \nDirection r\u00e9gionale et interd\u00e9partementale \nde l'\u00e9conomie, de l'emploi, \ndu travail et des solidarit\u00e9s  \n \n \n \n            \nD\u00c9CISION n\u00b0 2025-179 du 03 septembre 2025 \n \nPortant subd\u00e9l\u00e9gation de signature de Monsieur Fabrice MASI, Directeur r\u00e9gional et interd\u00e9partemental de \nl'\u00c9conomie, de l'Emploi, du Travail et des Solidarit\u00e9s d'\u00cele-de-France  \n \n \nVu le code du commerce ;  \n \nVu le code de la consommation ; \n \nVu le code de la sant\u00e9 publique ; \n \nVu le code du tourisme ; \n \nVu le code du travail ; \n \nVu la loi n\u00b0 82-213 du 2 mars 1982 relative aux droits et libert\u00e9s des communes, des d\u00e9partements \net des r\u00e9gions, modifi\u00e9e ; \n \nVu la loi d'orientation n\u00b0 92 -125 du 6 f\u00e9vrier 1992 modifi\u00e9e relative \u00e0 l'administration territoriale \nde la R\u00e9publique, notamment ses articles 4 et 6 ;  \n \nVu le d\u00e9cret n\u00b0 97-34 du 15 janvier 1997 relatif \u00e0 la d\u00e9concentration des d\u00e9cisions administratives \nindividuelles ;  \n \nVu le d\u00e9cret n\u00b02001-387 du 3 mai 2001 relatif au contr\u00f4le des instruments de mesure ;  \n \nDirection r\u00e9gionale et interd\u00e9partementale de l'\u00e9conomie, de l'emploi, du travail et des solidarit\u00e9s d'\u00cele-de-France -\nIDF-2025-09-03-00012 - D\u00e9cision n\u00b02025-179 du 03 septembre 2025 portant subd\u00e9l\u00e9gation de signature de Monsieur Fabrice MASI,\nDirecteur r\u00e9gional et interd\u00e9partemental de\nl'\u00c9conomie, de l'Emploi, du Travail et des Solidarit\u00e9s d'\u00cele-de-France\n4\n2 / 4 \nVu le d\u00e9cret n\u00b0 2004-374 du 29 avril 2004 modifi\u00e9 relatif aux pouvoirs des pr\u00e9fets, \u00e0 l'organisation \net \u00e0 l'action des services de l'\u00c9tat dans les r\u00e9gions et d\u00e9partements ; \n \nVu le d\u00e9cret n\u00b0 2009 -360 du 31 mars 2009 relatif aux emplois de direction de l'administration \nterritoriale de l'\u00c9tat ; \n \nVu le d\u00e9cret n\u00b02010-146 du 16 f\u00e9vrier 2010 modifiant le d\u00e9cret n\u00b0 2004-374 du 29 avril 2004 relatif \naux pouvoirs des pr\u00e9fets, \u00e0 l'organisation et \u00e0 l'action des services de l' \u00c9tat dans les r\u00e9gions et \nd\u00e9partements ; \n \nVu le d\u00e9cret n\u00b0 2010-687 du 24 juin 2010 relatif \u00e0 l'organisation et \u00e0 l'action des services de l'\u00e9tat \ndans la r\u00e9gion et les d\u00e9partements d'Ile de France ; \n \nVu le d\u00e9cret n\u00b02015 -1689 du 17 d\u00e9cembre 2015 portant diverses mesures d'organisation et de \nfonctionnement dans les r\u00e9gions de l'administration territoriale de l' \u00c9tat et de commissions \nadministratives ; \n \nVu le d\u00e9cret n\u00b0 2020 -1545 du 9 d\u00e9cembre 2020 relatif \u00e0 l'organisation et aux missions des \ndirections r\u00e9gionales de l'\u00e9conomie, de l'emploi, du travail et des solidarit\u00e9s, des directions \nd\u00e9partementales de l'emploi, du travail et des solidarit\u00e9s et des direct ions d\u00e9partementales de \nl'emploi, du travail, des solidarit\u00e9s et de la protection des populations ;  \n \nVu le d\u00e9cret du 22 juillet 2020 portant nomination de Monsieur Marc GUILLAUME en qualit\u00e9 de \npr\u00e9fet de la r\u00e9gion d'Ile-de-France, pr\u00e9fet de Paris ; \n \nVu le d\u00e9cret du 6 septembre 2023 portant nomination de M. Pierre ORY, pr\u00e9fet de Seine-et-Marne \n; \n \nVu le d\u00e9cret du 7 f\u00e9vrier 2024 portant nomination de Monsieur Fr\u00e9d\u00e9ric ROSE en qualit\u00e9 de Pr\u00e9fet \ndes Yvelines ; \n \nVu le d\u00e9cret du 7 f\u00e9vrier 2024 portant nomination de Madame Fr\u00e9d\u00e9rique CAMILLERI en qualit\u00e9 \nde Pr\u00e9f\u00e8te de l'Essonne ; \n \nVu le d\u00e9cret du 31 octobre 2024 portant nomination de Monsieur Alexandre BRUGERE en qualit\u00e9 \nde Pr\u00e9fet des Hauts-de-Seine ; \n \nVu le d\u00e9cret du 6 novembre 2024 portant nomination de Monsieur Julien CHARLES en qualit\u00e9 de \nPr\u00e9fet de la Seine-Saint-Denis ; \n \nVu le d\u00e9cret du 6 novembre 2024 portant nomination de Monsieur \u00c9tienne STOSKOPF en qualit\u00e9 \nde Pr\u00e9fet du Val-de-Marne ; \n \nVu le d\u00e9cret du 9 mars 2022 portant nomination de M. Philippe COURT en qualit\u00e9 de pr\u00e9fet du  \nVal-d'Oise ; \n \nVu l'arr\u00eat\u00e9 interminist\u00e9riel du 23 d\u00e9cembre 2022 nommant Madame Martine BAUDOIN directrice \nadjointe de l'unit\u00e9 d\u00e9partementale de Paris ; \nVu l'arr\u00eat\u00e9 interminist\u00e9riel du 15 mai 2025 nommant Monsieur Riad BOUHAFS, directeur r\u00e9gional \net interd\u00e9partemental adjoint de l'\u00e9conomie, de l'emploi, du travail et des solidarit\u00e9s d'\u00cele -de-\nFrance, sur l'emploi de directeur de l'unit\u00e9 d\u00e9partementale du Paris ; \nVu l'arr\u00eat\u00e9 interminist\u00e9riel du 12 ao\u00fbt  2025 nommant Fabrice MASI  directeur r\u00e9gional et \ninterd\u00e9partemental de l'\u00e9conomie, de l'emploi, du travail et des solidarit\u00e9s d'\u00cele -de-France \u00e0 \ncompter du 25 ao\u00fbt 2025 : \n \nDirection r\u00e9gionale et interd\u00e9partementale de l'\u00e9conomie, de l'emploi, du travail et des solidarit\u00e9s d'\u00cele-de-France -\nIDF-2025-09-03-00012 - D\u00e9cision n\u00b02025-179 du 03 septembre 2025 portant subd\u00e9l\u00e9gation de signature de Monsieur Fabrice MASI,\nDirecteur r\u00e9gional et interd\u00e9partemental de\nl'\u00c9conomie, de l'Emploi, du Travail et des Solidarit\u00e9s d'\u00cele-de-France\n5\n3 / 4 \nVu l'arr\u00eat\u00e9 pr\u00e9fectoral n\u00b0 75-2025-08-27-00005 du 27/08/2025 par lequel le Pr\u00e9fet de Paris d\u00e9l\u00e8gue \nsa signature \u00e0 Monsieur Fabrice MASI, directeur r\u00e9gional et interd\u00e9partemental de l'\u00e9conomie, de \nl'emploi, du travail et des solidarit\u00e9s d'\u00cele-de-France ; \n \nVu l'arr\u00eat\u00e9 pr\u00e9fectoral n\u00b02 5/BC/070 du 27 ao\u00fbt  2025 par lequel le pr\u00e9fet de Seine -et-Marne \nd\u00e9l\u00e8gue sa signature \u00e0 Monsieur Fabrice MASI , directeur r\u00e9gional et interd\u00e9partemental de \nl'\u00e9conomie, de l'emploi, du travail et des solidarit\u00e9s d'\u00cele-de-France ; \n \nVu l'arr\u00eat\u00e9 pr\u00e9fectoral n\u00b0 78-2025-08-25-00001 du 25 ao\u00fbt 2025 par lequel le Pr\u00e9fet des Yvelines \nd\u00e9l\u00e8gue sa signature \u00e0 Monsieur Fabrice MASI , directeur r\u00e9gional et interd\u00e9partemental de \nl'\u00e9conomie, de l'emploi, du travail et des solidarit\u00e9s d'\u00cele-de-France ; \n \nVu l'arr\u00eat\u00e9 pr\u00e9fectoral n\u00b0 2025-PREF-DCPPAT-BCA-278 du 25 ao\u00fbt 2025  par lequel l a Pr\u00e9f\u00e8te de \nl'Essonne d\u00e9l\u00e8gue sa signature \u00e0 Monsieur Fabrice MASI, directeur r\u00e9gional et interd\u00e9partemental \nde l'\u00e9conomie, de l'emploi, du travail et des solidarit\u00e9s d'\u00cele-de-France ; \n \nVu l'arr\u00eat\u00e9 pr\u00e9fectoral n\u00b0 2025-33 du 22 ao\u00fbt 2025 par lequel le Pr\u00e9fet des Hauts-de-Seine d\u00e9l\u00e8gue \nsa signature \u00e0 Monsieur Fabrice MASI, directeur r\u00e9gional et interd\u00e9partemental de l'\u00e9conomie, de \nl'emploi, du travail et des solidarit\u00e9s d'\u00cele-de-France ; \n \nVu l'arr\u00eat\u00e9 pr\u00e9fectoral n\u00b0 2025-3388 du 29 ao\u00fbt 2025 par lequel le pr\u00e9fet de la Seine-Saint-Denis, \nd\u00e9l\u00e8gue sa signature \u00e0 Fabrice MASI, directeur r\u00e9gional et interd\u00e9partemental de l'\u00e9conomie, de \nl'emploi, du travail et des solidarit\u00e9s d'\u00cele-de-France ; \n \nVu l'arr\u00eat\u00e9 pr\u00e9fectoral n\u00b0  2025/03344 du 25 ao\u00fbt 2025 par lequel l e Pr\u00e9fet du Val -de-Marne \nd\u00e9l\u00e8gue sa signature \u00e0 Monsieur Fabrice MASI , directeur r\u00e9gional et interd\u00e9partemental de \nl'\u00e9conomie, de l'emploi, du travail et des solidarit\u00e9s d'\u00cele-de-France ; \n \nVu l'arr\u00eat\u00e9 pr\u00e9fectoral n\u00b0  25-057 du 19 ao\u00fbt 2025 par lequel le Pr\u00e9fet du Val d'Oise  d\u00e9l\u00e8gue sa \nsignature \u00e0 Monsieur Fabrice MASI, directeur r\u00e9gional et interd\u00e9partemental de l'\u00e9conomie, de \nl'emploi, du travail et des solidarit\u00e9s d'\u00cele-de-France ; \n \n \nD\u00c9CIDE \n \nArticle 1er \n \nSubd\u00e9l\u00e9gation de signature est donn\u00e9e \u00e0 Riad BOUHAFS, directeur de l'unit\u00e9 d\u00e9partementale de \nParis, \u00e0 effet de signer les d\u00e9cisions, actes administratifs et correspondances relatives aux enfants \ndu spectacle  dont l'attribution a \u00e9t\u00e9 confi\u00e9e \u00e0 Fabrice MASI , directeur r\u00e9gional et \ninterd\u00e9partemental de l'\u00e9conomie, de l'emploi, du travail et des solidarit\u00e9s d'\u00cele-de-France, par le \npr\u00e9fet de la r\u00e9gion d'\u00cele -de-France, pr\u00e9fet de Paris,  le pr\u00e9fet de Seine -et-Marne, le pr\u00e9fet des \nYvelines,  la pr\u00e9f\u00e8te de l'Essonne, le pr\u00e9fet des Hauts -de-Seine, le pr\u00e9fet de la Seine -Saint-Denis, \nle pr\u00e9fet du Val-de-Marne, le pr\u00e9fet du Val d'Oise : \n \nD\u00e9livrance, retrait des autorisations individuelles d'emploi des enfants dans les spectacles, les \nprofessions ambulantes et comme mannequins dans la publicit\u00e9 et la mode - article L.7124-1 \u00e0 \nL.7124-19 du code du travail. \n \nD\u00e9livrance, renouvellement, retrait, suspension de l'agr\u00e9ment de l'agence de mannequins \npermettant d'engager des enfants - Articles L.7124-5 et R.7124-1 du code du travail. \n \nAttribution, renouvellement, suspension, retrait de la licence d'agence de mannequins - L7123-14, \nR7123-8 \u00e0 R7123-17 du code du travail \n \nDirection r\u00e9gionale et interd\u00e9partementale de l'\u00e9conomie, de l'emploi, du travail et des solidarit\u00e9s d'\u00cele-de-France -\nIDF-2025-09-03-00012 - D\u00e9cision n\u00b02025-179 du 03 septembre 2025 portant subd\u00e9l\u00e9gation de signature de Monsieur Fabrice MASI,\nDirecteur r\u00e9gional et interd\u00e9partemental de\nl'\u00c9conomie, de l'Emploi, du Travail et des Solidarit\u00e9s d'\u00cele-de-France\n6\n4 / 4 \nLa subd\u00e9l\u00e9gation est donn\u00e9e \u00e0 Riad BOUHAFS \u00e0 effet de signer les m\u00e9moires en d\u00e9fense produits \ndevant les juridictions administratives dans le cadre de proc\u00e9dures contentieuses \u00e0 l'encontre des \nd\u00e9cisions mentionn\u00e9es ci-dessus.  \n \nEn cas d'absence ou d'emp\u00eachement de Riad BOUHAFS, subd\u00e9l\u00e9gation de signature est donn\u00e9e \n\u00e0 : \n- Mme Martine BAUDOIN, directrice adjointe de l'unit\u00e9 d\u00e9partementale de Paris  \n- Marie MARCENA, cheffe du p\u00f4le entreprises, emplois et solidarit\u00e9s ; \n- V\u00e9ronique DELARUE, adjointe \u00e0 la cheffe du p\u00f4le entreprises, emplois et solidarit\u00e9s ; \n- Patricia RENUCCI, responsable du d\u00e9partement protection et insertion des jeunes ; \n- Franck LEPERTEL, responsable adjoint du d\u00e9partement protection et insertion des jeunes  \n- Karine RIVIERE, responsable de la mission emploi des enfants du spectacle et agences de \nmannequins (EESAM). \n \nArticle 2 \n \nUne copie de cette d\u00e9cision de subd\u00e9l\u00e9gation sera adress\u00e9e aux pr\u00e9fets de Paris, de la Seine-et-\nMarne, des Yvelines, de l'Essonne, d es Hauts-de-Seine, de la Seine -Saint-Denis, du Val-de-Marne \net du Val d'Oise.  \n \nArticle 3 \n \nLa d\u00e9cision n\u00b0 2025-168 du 29 ao\u00fbt est abrog\u00e9e. \n \nArticle 4 \n \nLe Directeur r\u00e9gional et interd\u00e9partemental de l'\u00e9conomie, de l'emploi, du travail et des solidarit\u00e9s \nd'\u00cele-de-France, et les subd\u00e9l\u00e9gataires mentionn\u00e9 s ci -dessus, sont charg\u00e9s, chacun  en ce qui l e \nconcerne, de l'ex\u00e9cution de la pr\u00e9sente d\u00e9cision  qui sera publi\u00e9 e aux recueils des actes \nadministratifs de la pr\u00e9fecture de la r\u00e9gion  d'\u00cele-de-France, ainsi qu'aux recueils administratifs des \npr\u00e9fectures des d\u00e9partements de la r\u00e9gion d'\u00cele-de-France. \n \n \n \n \nFait \u00e0 Aubervilliers le 03 septembre 2025 \n \nLe Directeur r\u00e9gional et interd\u00e9partemental \nde l'\u00e9conomie, de l'emploi, du travail et des \nsolidarit\u00e9s  \n \nSIGN\u00c9 \n \nFabrice MASI \n \nDirection r\u00e9gionale et interd\u00e9partementale de l'\u00e9conomie, de l'emploi, du travail et des solidarit\u00e9s d'\u00cele-de-France -\nIDF-2025-09-03-00012 - D\u00e9cision n\u00b02025-179 du 03 septembre 2025 portant subd\u00e9l\u00e9gation de signature de Monsieur Fabrice MASI,\nDirecteur r\u00e9gional et interd\u00e9partemental de\nl'\u00c9conomie, de l'Emploi, du Travail et des Solidarit\u00e9s d'\u00cele-de-France\n7","date":"2025-09-05","first_seen_on":"2025-09-05T15:49:24+00:00","id":"0149617980687512edbab842735845663d955f5273e05e2aa012ac6599a5a015","name":"recueilDS-idf-017-2025-09-recueil-des-actes-administratifs-special  du 05.09.2025","pdf_creation_date":"2025-09-05T14:30:30+00:00","pdf_modification_date":null,"timezone":"Europe/Paris","url":"https://www.prefectures-regions.gouv.fr/ile-de-france/irecontenu/telechargement/130743/961281/file/recueilDS-idf-017-2025-09-recueil-des-actes-administratifs-special%20%20du%2005.09.2025.pdf"}
