{"administration":"pref13","administration_name":"Pr\u00e9fecture des Bouches-du-Rh\u00f4ne","content":"BOUCHES-DU-\nRH\u00d4NE\nRECUEIL DES ACTES\nADMINISTRATIFS SP\u00c9CIAL\nN\u00b013-2025-136\nPUBLI\u00c9 LE 29 AVRIL 2025\nSommaire\nAgence r\u00e9gionale de sant\u00e9 /\n13-2025-04-14-00017 - Microsoft Word - AP SAS Direct Invest 2.docx (5\npages) Page 4\n13-2025-04-14-00016 - Microsoft Word - Projet AP GOMBERT.docx (5 pages) Page 10\nAssistance Publique - H\u00f4pitaux de Marseille /\n13-2025-04-28-00021 - D\u00e9l\u00e9gation 122-2025 signature SECONDI - DAM\n(2 pages) Page 16\nDDETS 13 /\n13-2025-04-25-00010 - D\u00e9cision portant affectation des agents de\ncontr\u00f4le dans les unit\u00e9s de contr\u00f4le\net organisation des int\u00e9rims,\ndans la direction d\u00e9partementale de l'emploi, du travail et des\nsolidarit\u00e9s des Bouches-du-Rh\u00f4ne du 25/04/2025 (20 pages) Page 19\n13-2025-04-28-00023 - R\u00e9c\u00e9piss\u00e9 de d\u00e9claration au titre des\nServices \u00e0 la Personne au b\u00e9n\u00e9fice de  Madame ZIMA Julie en\nqualit\u00e9 d'entrepreneur individuel, situ\u00e9 112 Rue De l'Eissero - 13140\nMIRAMAS (2 pages) Page 40\nDirection Departementale des Territoires et de la Mer 13 /\n13-2025-04-28-00020 - arr\u00eat\u00e9 pr\u00e9fectoral autorisant le festival de\nCamargues et r\u00e9glementant le quai Bonnardel (4 pages) Page 43\n13-2025-04-29-00004 - Arr\u00eat\u00e9 pr\u00e9fectoral portant autorisation\nd'effectuer une op\u00e9ration de destruction\nadministrative aux chevreuils\nsur les communes de Le Tholonet et de Beaurecueil (3 pages) Page 48\nPr\u00e9fecture de police des Bouches-du-Rh\u00f4ne /\n13-2025-04-29-00003 - Arr\u00eat\u00e9 autorisant la captation et la\ntransmission\nd'images au moyen de cam\u00e9ras install\u00e9es sur des\na\u00e9ronefs le 30 avril 2025 (3 pages) Page 52\nPr\u00e9fecture des Bouches-du-Rhone /\n13-2025-04-28-00024 - Arr\u00eat\u00e9 du 28 avril 2025\nportant ouverture\nd'un recrutement contractuel de travailleur handicap\u00e9 pour\nl'acc\u00e8s au grade d'adjoint administratif principal de 2\u00e8me classe\nde l'int\u00e9rieur et de l'outre-mer (3 pages) Page 56\nPr\u00e9fecture des Bouches-du-Rhone / Direction de la Citoyennet\u00e9, de la\nL\u00e9galit\u00e9 et de l'Environnement\n13-2025-04-29-00002 - ARR\u00caT\u00c9 n\u00b0 2025-02 portant classement de la\ncommune de Marseille (Bouches-du-Rh\u00f4ne), en\nstation de tourisme (2\npages) Page 60\nPr\u00e9fecture des Bouches-du-Rhone / Direction de la S\u00e9curit\u00e9 : Polices\nAdministratives et R\u00e9glementation\n13-2025-04-29-00001 - Arr\u00eat\u00e9 relatif \u00e0 la soci\u00e9t\u00e9 \u00e0\nresponsabilit\u00e9 limit\u00e9e d\u00e9nomm\u00e9e \u00abLA FERME ENTREPRISES\u00bb\nportant agr\u00e9ment en qualit\u00e9 d'entreprise fournissant une\ndomiciliation juridique \u00e0 des personnes physiques ou morales\nimmatricul\u00e9es au registre du commerce et des soci\u00e9t\u00e9s ou au\nr\u00e9pertoire des m\u00e9tiers (3 pages) Page 63\n2\nSecr\u00e9tariat G\u00e9n\u00e9ral Commun 13 /\n13-2025-04-29-00005 - Journal officiel de la Rpublique franaise - N 39 du 15\nfvrier 2017 (3 pages) Page 67\nSecr\u00e9tariat g\u00e9n\u00e9ral pour l'administration du minist\u00e8re de\nl'int\u00e9rieur /\n13-2025-04-25-00009 - Arr\u00eat\u00e9 du 25 avril 2025 portant d\u00e9l\u00e9gation de\nsignature \u00e0 M. Olivier MARMION,\nsecr\u00e9taire g\u00e9n\u00e9ral de la zone de\nd\u00e9fense et de s\u00e9curit\u00e9 Sud aupr\u00e8s du pr\u00e9fet de la r\u00e9gion \nProvence-Alpes-C\u00f4te d'Azur, pr\u00e9fet de la zone de d\u00e9fense et de\ns\u00e9curit\u00e9 Sud, pr\u00e9fet des Bouches-du-Rh\u00f4ne (26 pages) Page 71\nSous pr\u00e9fecture de l'arrondissement d'Istres /\n13-2025-04-28-00022 - Arr\u00eat\u00e9 pr\u00e9fectoral N\u00b0 2025-62\nde\ntraitement de l'insalubrit\u00e9 du logement situ\u00e9 avenue de Lattre de\nTassigny 13700 Marignane,  (5 pages) Page 98\n3\nAgence r\u00e9gionale de sant\u00e9\n13-2025-04-14-00017\nMicrosoft Word - AP SAS Direct Invest 2.docx\nAgence r\u00e9gionale de sant\u00e9 - 13-2025-04-14-00017 - Microsoft Word - AP SAS Direct Invest 2.docx 4\nPREFET Agence r\u00e9gionale de sant\u00e9DES BOUCHES- Provence-Alpes-C\u00e9te d'AzurDU-RHONE d\u00e9l\u00e9gation d\u00e9partementaleLibert\u00e9 des Bouches-du-Rh\u00f4ne\u00c9galit\u00e9Fraternit\u00e9\nMarseille, le 14 AVR 2025\nArr\u00eat\u00e9 pr\u00e9fectoral\nAutorisant la production et la distribution d'eau potable \u00e0 partir du canal deProvence par la SAS Direct Invest 2 pour alimenter 8 logements et 1 bureau,situ\u00e9s 2490 route des Ch\u00e2teaux de Mont Robert, 13090 Aix-en-ProvenceParcelle cadastr\u00e9e section IB n\u00b0151 et 152\nLe pr\u00e9fet de la r\u00e9gion Provence-Alpes-C\u00f4te d'AzurPr\u00e9fet de la zone de d\u00e9fense et de s\u00e9curit\u00e9 sudPr\u00e9fet des Bouches-du-Rh\u00f4nePr\u00e9fet de police des Bouches-du-Rh\u00f4ne\nVU le code de la sant\u00e9 publique, et notamment ses articles L.1321-1 et suivants, et sesarticles R.1321-1 et suivants ;VU le d\u00e9cret du 12 mars 2025 portant nomination de monsieur Georges-Fran\u00e7oisLECLERC, pr\u00e9fet de la r\u00e9gion Provence-Alpes-C\u00f4te d'Azur, pr\u00e9fet de la zone ded\u00e9fense et de s\u00e9curit\u00e9 Sud, pr\u00e9fet des Bouches-du-Rh\u00f4ne, en outre pr\u00e9fet de policedes Bouches-du-Rh\u00f4ne ;VU le r\u00e8glement sanitaire d\u00e9partemental des Bouches-du-Rh\u00f4ne ;VU l'arr\u00eat\u00e9 pr\u00e9fectoral du 17 f\u00e9vrier 2025 portant d\u00e9l\u00e9gation de signature \u00e0 monsieurFr\u00e9d\u00e9ric POISOT, sous-pr\u00e9fet, secr\u00e9taire g\u00e9n\u00e9ral de la pr\u00e9fecture des Bouches-du-Rh\u00f4ne ;VU l'arr\u00eat\u00e9 du 11 janvier 2007 relatif au programme de pr\u00e9l\u00e8vements et d'analyses ducontr\u00f4le sanitaire pour les eaux utilis\u00e9es pour la production d'eau destin\u00e9e \u00e0 laconsommation humaine ;\nAgence r\u00e9gionale de sant\u00e9 Provence-Alpes-C\u00f4te d'Azur \u2014 D\u00e9l\u00e9gation d\u00e9partementale des Bouches-du-Rh\u00f4ne132, boulevard de Paris 13003 MARSEILLE Adresse postale : CS50039 13331 MARSEILLE CEDEX 03T\u00e9l\u00e9phone : 0413558010 https//www.paca.ars.sante.fr le\nAgence r\u00e9gionale de sant\u00e9 - 13-2025-04-14-00017 - Microsoft Word - AP SAS Direct Invest 2.docx 5\nVU l'arr\u00eat\u00e9 du 20 juin 2007 relatif a la constitution du dossier de la demanded'autorisation d'utilisation d'eau destin\u00e9e a la consommation humaine mentionn\u00e9eaux articles R.1321-6 \u00e0 R.1321-12 et R.1321-42 du code de la sant\u00e9 publique ;VU l'arr\u00eat\u00e9 pr\u00e9fectoral du 5 d\u00e9cembre 2023 autorisant la Soci\u00e9t\u00e9 du canal deProvence (SCP), en qualit\u00e9 de concessionnaire de la r\u00e9gion Provence-Alpes-C\u00e9ted'Azur, a utiliser l'eau brute issue des ouvrages du canal de Provence \u00e0 des fins deconsommation humaine et d\u00e9clarant d'utilit\u00e9 publique les p\u00e9rim\u00e8tres de protectiondes ouvrages du canal de Provence (Verdon) pour le d\u00e9partement des Bouches-du-Rh\u00f4ne au titre des articles L.1321-2 et suivants du code de la sant\u00e9 publique ;VU la demande en date du 24 d\u00e9cembre 2024 de la SAS Direct Invest 2, repr\u00e9sent\u00e9epar son pr\u00e9sident monsieur S\u00e9bastien Jou\u00eat, en vue d'\u00eatre autoris\u00e9e \u00e0 utiliser l'eauissue du canal de Provence pour la consommation humaine ;VU le rapport du directeur g\u00e9n\u00e9ral de l'agence r\u00e9gionale de sant\u00e9 Provence-Alpes-C\u00f4te d'Azur en date du 12 mars 2025 ;VU l'avis exprim\u00e9 par le conseil d\u00e9partemental de l'environnement et des risquessanitaires et technologiques le 26 mars 2025;\nCONSID\u00c9RANT la n\u00e9cessit\u00e9 de prot\u00e9ger la ressource en eau destin\u00e9e \u00e0 la productiond'eau potable de l'int\u00e9ress\u00e9e ;CONSID\u00c9RANT l'impossibilit\u00e9 de raccorder l'immeuble au r\u00e9seau public d'eaupotable ;SUR PROPOSITION du directeur g\u00e9n\u00e9ral de l'agence r\u00e9gionale de sant\u00e9 Provence-Alpes-C\u00f4te d'Azur ;\nARR\u00caTE\nArticle 1\u00b0 : Objet de l'autorisationLa SAS Direct Invest 2, repr\u00e9sent\u00e9e par son pr\u00e9sident monsieur S\u00e9bastien Jou\u00eat, estautoris\u00e9e \u00e0 pr\u00e9lever et \u00e0 utiliser l'eau du canal de Provence en vue de produire et dedistribuer de l'eau destin\u00e9e a la consommation humaine pour les besoins de 8logements et un bureau, situ\u00e9s au 2490 route des Ch\u00e2teaux de Mont Robert, 13090Aix-en-Provence, sur les parcelles n\u00b0151 et 152 de la section IB.\n \n \nAgence r\u00e9gionale de sant\u00e9 - 13-2025-04-14-00017 - Microsoft Word - AP SAS Direct Invest 2.docx 6\nLes pr\u00e9l\u00e8vements se font a partir du poste de livraison situ\u00e9 sur la parcelle n\u00b0151 de lasection IB et implant\u00e9 aux coordonn\u00e9es Lambert 93 suivantes :X : 894705 m, Y : 6270200 m et Z : 127 m.Le d\u00e9bit d'exploitation autoris\u00e9 pour cet usage s'\u00e9l\u00e8ve \u00e0 6 m\u00b0/i.\nArticle 2 : Contr\u00f4le sanitaireLes eaux distribu\u00e9es doivent r\u00e9pondre aux exigences de qualit\u00e9 pr\u00e9vues par lesarticles R.1321-1 et suivants du code de la sant\u00e9 publique et leurs textesd'application. La v\u00e9rification de la qualit\u00e9 de l'eau est assur\u00e9e conform\u00e9ment auprogramme d'analyse fix\u00e9 selon les m\u00eames dispositions r\u00e9glementaires. Cescontr\u00f4les sont r\u00e9alis\u00e9s aux frais du p\u00e9titionnaire par un laboratoire agr\u00e9\u00e9 pour lecontr\u00f4le sanitaire des eaux par l'agence nationale de s\u00e9curit\u00e9 sanitaire del'alimentation, de l'environnement et du travail (Anses). Les r\u00e9sultats sont transmispar le laboratoire \u00e0 l'autorit\u00e9 sanitaire, \u00e0 savoir l'agence r\u00e9gionale de sant\u00e9 Provence-Alpes-C\u00f4te d'Azur.Article 3 : Installation de traitementL'eau distribu\u00e9e doit \u00eatre pr\u00e9alablement filtr\u00e9e et d\u00e9sinfect\u00e9e. Les installationsdoivent \u00eatre \u00e9quip\u00e9es d'un dispositif de traitement, avant leur mise en service. Lafili\u00e8re de traitement sera constitu\u00e9e de deux filtres \u00e0 sable de 400 kg, d'un filtreCintropur NW 500 avec pochettes filtrantes de 25 et d'un r\u00e9acteur UV Germi AD120W, permettant de traiter un d\u00e9bit max de 7,5 m3/h.Article 4 : Dispositifs de comptage et de pr\u00e9l\u00e8vementL'installation est \u00e9quip\u00e9e d'un compteur volum\u00e9trique, ainsi que de robinets de prised'eau brute et d'eau trait\u00e9e pour permettre les pr\u00e9l\u00e8vements d'eau a des finsd'analyse.Article 5 : Entretien des installationsLes installations mentionn\u00e9es aux articles 3 et 4 sont r\u00e9guli\u00e8rement entretenues afind'assurer leur bon fonctionnement.Article 6 : Modification des installationsTout projet de modification des installations ou des conditions d'exploitation doit\u00eatre d\u00e9clar\u00e9 a l'autorit\u00e9 sanitaire.\n \n \n\u00b5\nAgence r\u00e9gionale de sant\u00e9 - 13-2025-04-14-00017 - Microsoft Word - AP SAS Direct Invest 2.docx 7\nArticle 7 : Signalement des incidentsTout incident \u00e9ventuel doit \u00eatre signal\u00e9 imm\u00e9diatement \u00e0 l'autorit\u00e9 sanitaire.Article 8 : Raccordement au r\u00e9seau publicLes constructions doivent obligatoirement \u00eatre raccord\u00e9es au r\u00e9seau public d'eaupotable en cas d'extension de celui-ci dans ce secteur.\nArticle 9 : Retrait de l'autorisationCette autorisation peut \u00eatre retir\u00e9e en cas de manquement grave aux obligations dutitulaire de l'autorisation, notamment en mati\u00e8re de contr\u00f4le sanitaire, ded\u00e9gradation de la qualit\u00e9 de l'eau ou en cas de raccordement au r\u00e9seau public d'eaupotable des constructions.Article 10 : Formalit\u00e9s annexesLe cas \u00e9ch\u00e9ant, le pr\u00e9l\u00e8vement d'eau doit faire l'objet des formalit\u00e9s suivantes :d\u00e9claration de pr\u00e9l\u00e8vement, puits ou forage \u00e0 usage domestique (articleL.2224-9 du code g\u00e9n\u00e9ral des collectivit\u00e9s territoriales), pour toutpr\u00e9l\u00e8vement inf\u00e9rieur \u00e0 1 000 m?/an ;d\u00e9claration ou autorisation des pr\u00e9l\u00e8vements d'eau (article R.214-1 du code del'environnement), pour un volume sup\u00e9rieur \u00e0 10 000 m*/ an mais inf\u00e9rieur a200 000 m?/ an (D), ou sup\u00e9rieur ou \u00e9gal \u00e0 200 000 m?/ an (A).Les formalit\u00e9s pr\u00e9vues au titre du code g\u00e9n\u00e9ral des collectivit\u00e9s territoriales sont \u00e0effectuer via le t\u00e9l\u00e9service d\u00e9claration unifi\u00e9e pour les ouvrages souterrains(DUPLOS) et celles pr\u00e9vues au titre du le code de l'environnement via le t\u00e9l\u00e9servicede d\u00e9p\u00f4t de dossiers de d\u00e9claration installations, ouvrages, travaux et activit\u00e9s(IOTA).Article 11 : Notification et publicationLe pr\u00e9sent arr\u00eat\u00e9 est notifi\u00e9 en vue de sa mise en \u0153uvre \u00e0 la personne mentionn\u00e9e \u00e0l'article Jer. Il est publi\u00e9 au recueil des actes administratifs de l'\u00c9tat dans led\u00e9partement en application des dispositions de l'article R. 1321-8 du code de la sant\u00e9publique.\n \n \n- \n- \nAgence r\u00e9gionale de sant\u00e9 - 13-2025-04-14-00017 - Microsoft Word - AP SAS Direct Invest 2.docx 8\nArticle 12 : RecoursLe pr\u00e9sent arr\u00eat\u00e9 peut faire l'objet d'un recours contentieux devant le tribunaladministratif de Marseille, dans un d\u00e9lai de deux mois \u00e0 compter de sa notification.La juridiction administrative comp\u00e9tente peut \u00eatre saisie par courrier (31 rue Jean-Fran\u00e7ois Leca, 13002 Marseille) ou par l'application T\u00e9l\u00e9recours citoyens accessible \u00e0partir du site www.telerecours.fr.Il peut \u00e9galement faire l'objet d'un recours gracieux aupr\u00e8s du pr\u00e9fet des Bouches-du-Rh\u00f4ne, celui-ci prolonge le d\u00e9lai de recours contentieux qui doit \u00eatre instruit dansles deux mois suivant la r\u00e9ponse au recours gracieux, l'absence de r\u00e9ponse au termed'un d\u00e9lai de deux mois vaut d\u00e9cision implicite de rejet.Article 13 : Ex\u00e9cutionLe secr\u00e9taire g\u00e9n\u00e9ral de la pr\u00e9fecture des Bouches-du-Rh\u00f4ne,Le sous-pr\u00e9fet d'Aix-en-Provence,Le directeur g\u00e9n\u00e9ral de l'agence r\u00e9gionale de sant\u00e9 Provence-Alpes-C\u00f4te d'Azur,Le maire d'Aix-en-Provence,sont charg\u00e9s chacun en ce qui le concerne de l'ex\u00e9cution du pr\u00e9sent arr\u00eat\u00e9.\nPour le pr\u00e9fet et par d\u00e9l\u00e9gationLe secr\u00e9taire g\u00e9n\u00e9ralSign\u00e9Fr\u00e9d\u00e9ric POISOT\n \n \n \nAgence r\u00e9gionale de sant\u00e9 - 13-2025-04-14-00017 - Microsoft Word - AP SAS Direct Invest 2.docx 9\nAgence r\u00e9gionale de sant\u00e9\n13-2025-04-14-00016\nMicrosoft Word - Projet AP GOMBERT.docx\nAgence r\u00e9gionale de sant\u00e9 - 13-2025-04-14-00016 - Microsoft Word - Projet AP GOMBERT.docx 10\nPREFET Agence r\u00e9gionale de sant\u00e9DES BOUCHES- Provence-Alpes-C\u00e9te d'AzurDU-RHONE d\u00e9l\u00e9gation d\u00e9partementaleLibert\u00e9 des Bouches-du-Rh\u00f4ne\u00c9galit\u00e9Fraternit\u00e9\nMarseille, le 14 AVR 2025\nArr\u00eat\u00e9 pr\u00e9fectoral\nAutorisant la production et la distribution d'eau potable \u00e0 partir du canal deProvence par monsieur et madame GOMBERT pour alimenter 4 logementssitu\u00e9s 238 chemin de Meyreuil, Fuveau (13710 )parcelles cadastr\u00e9es section CX n\u00b034 et 35\nLe pr\u00e9fet de la r\u00e9gion Provence-Alpes-C\u00f4te d'AzurPr\u00e9fet de la zone de d\u00e9fense et de s\u00e9curit\u00e9 sudPr\u00e9fet des Bouches-du-Rh\u00f4nePr\u00e9fet de police des Bouches-du-Rh\u00f4ne\nVU le code de la sant\u00e9 publique, et notamment ses articles L.1321-1 et suivants, et sesarticles R.1321-1 et suivants ;VU le d\u00e9cret du 12 mars 2025 portant nomination de monsieur Georges-Fran\u00e7oisLECLERC, pr\u00e9fet de la r\u00e9gion Provence-Alpes-C\u00f4te d'Azur, pr\u00e9fet de la zone ded\u00e9fense et de s\u00e9curit\u00e9 sud, pr\u00e9fet des Bouches-du-Rh\u00f4ne, en outre pr\u00e9fet de policedes Bouches-du-Rh\u00f4ne ;VU le r\u00e8glement sanitaire d\u00e9partemental des Bouches-du-Rh\u00f4ne ;VU l'arr\u00eat\u00e9 pr\u00e9fectoral du 17 f\u00e9vrier 2025 portant d\u00e9l\u00e9gation de signature \u00e0 monsieurFr\u00e9d\u00e9ric POISOT, sous-pr\u00e9fet, secr\u00e9taire g\u00e9n\u00e9ral de la pr\u00e9fecture des Bouches-dv-Rh\u00f4ne ;VU l'arr\u00eat\u00e9 du 11 janvier 2007 relatif au programme de pr\u00e9l\u00e8vements et d'analyses ducontr\u00f4le sanitaire pour les eaux utilis\u00e9es pour la production d'eau destin\u00e9e \u00e0 laconsommation humaine ;VU l'arr\u00eat\u00e9 du 20 juin 2007 relatif \u00e0 la constitution du dossier de la demanded'autorisation d'utilisation d'eau destin\u00e9e \u00e0 la consommation humaine mentionn\u00e9eaux articles R.1321-6 \u00e0 R.1321-12 et R.1321-42 du code de la sant\u00e9 publique ;Agence r\u00e9gionale de sant\u00e9 Provence-Alpes-C\u00f4te d'Azur - D\u00e9l\u00e9gation d\u00e9partementale des Bouches-du-Rh\u00f4ne132, boulevard de Paris 13003 MARSEILLE Adresse postale : CS50039 13331 MARSEILLE CEDEX 03T\u00e9l\u00e9phone : 0413 558010 https//www.paca.ars.sante.fr\n  .../... \n \n \nAgence r\u00e9gionale de sant\u00e9 - 13-2025-04-14-00016 - Microsoft Word - Projet AP GOMBERT.docx 11\nVU l'arr\u00eat\u00e9 pr\u00e9fectoral du 5 d\u00e9cembre 2023 autorisant la soci\u00e9t\u00e9 du canal deProvence (SCP), en qualit\u00e9 de concessionnaire de la r\u00e9gion Provence-Alpes-C\u00f4ted'Azur, \u00e0 utiliser l'eau brute issue des ouvrages du canal de Provence a des fins deconsommation humaine et d\u00e9clarant d'utilit\u00e9 publique les p\u00e9rim\u00e8tres de protectiondes ouvrages du canal de Provence (Verdon) pour le d\u00e9partement des Bouches-du-Rh\u00f4ne au titre des articles L.1321-2 et suivants du code de la sant\u00e9 publique ;VU la demande du 2 janvier 2025, pr\u00e9sent\u00e9e par monsieur et madame GOMBERTSerge et Mireille, en vue d'\u00eatre autoris\u00e9s \u00e0 utiliser l'eau issue d'un forage priv\u00e9 pour laconsommation humaine ;VU le rapport du directeur g\u00e9n\u00e9ral de l'agence r\u00e9gionale de sant\u00e9 Provence-Alpes-C\u00f4te d'Azur en date du 12 mars 2025 ;VU l'avis exprim\u00e9 par le conseil d\u00e9partemental de l'environnement et des risquessanitaires et technologiques le 26 mars 2025 ;CONSID\u00c9RANT la n\u00e9cessit\u00e9 de prot\u00e9ger la ressource en eau destin\u00e9e \u00e0 la productiond'eau potable des int\u00e9ress\u00e9s ;CONSID\u00c9RANT l'impossibilit\u00e9 de raccorder l'immeuble au r\u00e9seau public d'eaupotable ;SUR PROPOSITION du directeur g\u00e9n\u00e9ral de l'agence r\u00e9gionale de sant\u00e9 Provence-Alpes-C\u00f4te d'Azur ;\nARR\u00caTE\nArticle 1\u00b0 : Objet de l'autorisationMonsieur et madame GOMBERT Serge et Mireille, sont autoris\u00e9s \u00e0 pr\u00e9lever et \u00e0utiliser l'eau du canal de Provence en vue de produire et de distribuer de l'eaudestin\u00e9e \u00e0 la consommation humaine pour les besoins de 4 logements situ\u00e9s 238chemin de Meyreuil, Fuveau (13710 ) sur les parcelles n\u00b034 et 35 de la section CX.Les pr\u00e9l\u00e8vements se font \u00e0 partir du poste de livraison situ\u00e9 sur la parcelle n\u00b033 de lasection CX et implant\u00e9 aux coordonn\u00e9es Lambert 93 suivantes :X : 902979 m, Y : 6266388 m et Z : 246 m.\n2/5\n \nAgence r\u00e9gionale de sant\u00e9 - 13-2025-04-14-00016 - Microsoft Word - Projet AP GOMBERT.docx 12\nLe d\u00e9bit d'exploitation autoris\u00e9 pour cet usage s'\u00e9l\u00e8ve \u00e0 4 m3/j.\nArticle 2 : Contr\u00f4le sanitaireLes eaux distribu\u00e9es doivent r\u00e9pondre aux exigences de qualit\u00e9 pr\u00e9vues par lesarticles R.1321-1 et suivants du code de la sant\u00e9 publique et leurs textesd'application. La v\u00e9rification de la qualit\u00e9 de l'eau est assur\u00e9e conform\u00e9ment auprogramme d'analyse fix\u00e9 selon les m\u00eames dispositions r\u00e9glementaires. Cescontr\u00f4les sont r\u00e9alis\u00e9s aux frais du p\u00e9titionnaire par un laboratoire agr\u00e9\u00e9 pour lecontr\u00f4le sanitaire des eaux par l'agence nationale de s\u00e9curit\u00e9 sanitaire del'alimentation, de l'environnement et du travail (Anses). Les r\u00e9sultats sont transmispar le laboratoire \u00e0 l'autorit\u00e9 sanitaire, \u00e0 savoir l'agence r\u00e9gionale de sant\u00e9 Provence-Alpes-C\u00f4te d'Azur.Article 3 : Installation de traitementL'eau distribu\u00e9e doit \u00eatre pr\u00e9alablement filtr\u00e9e et d\u00e9sinfect\u00e9e. La fili\u00e8re detraitement sera constitu\u00e9e d'une filtration par cartouches (2x10 + 2x20 ) et d'unr\u00e9acteur UV Germi AP 60 W, permettant de traiter un d\u00e9bit max de 3,1 m3/h.Article 4 : Dispositifs de comptage et de pr\u00e9l\u00e8vementL'installation est \u00e9quip\u00e9e d'un compteur volum\u00e9trique, ainsi que de robinets de prised'eau brute et d'eau trait\u00e9e pour permettre les pr\u00e9l\u00e8vements d'eau \u00e0 des finsd'analyse.Article 5: Entretien des installationsLes installations mentionn\u00e9es aux articles 3 et 4 sont r\u00e9guli\u00e8rement entretenues afind'assurer leur bon fonctionnement.Article 6 : Modification des installationsTout projet de modification des installations ou des conditions d'exploitationdoit\u00eatre d\u00e9clar\u00e9 \u00e0 l'autorit\u00e9 sanitaire.Article 7 : Signalement des incidentsTout incident \u00e9ventuel doit \u00eatre signal\u00e9 imm\u00e9diatement \u00e0 l'autorit\u00e9 sanitaire.\n3/5\n \n\u00b5 \u00b5\nAgence r\u00e9gionale de sant\u00e9 - 13-2025-04-14-00016 - Microsoft Word - Projet AP GOMBERT.docx 13\nArticle 8 : Raccordement au r\u00e9seau publicLes constructions doivent obligatoirement \u00eatre raccord\u00e9es au r\u00e9seau public d'eaupotable en cas d'extension de celui-ci dans ce secteur.\nArticle 9 : Retrait de l'autorisationCette autorisation peut \u00eatre retir\u00e9e en cas de manquement grave aux obligations dutitulaire de l'autorisation, notamment en mati\u00e8re de contr\u00f4le sanitaire, ded\u00e9gradation de la qualit\u00e9 de l'eau ou en cas de raccordement au r\u00e9seau public d'eaupotable des constructions.\nArticle 10 : Formalit\u00e9s annexesLe cas \u00e9ch\u00e9ant, le pr\u00e9l\u00e8vement d'eau doit faire l'objet des formalit\u00e9s suivantes :d\u00e9claration de pr\u00e9l\u00e8vement, puits ou forage \u00e0 usage domestique (articleL.2224-9 du code g\u00e9n\u00e9ral des collectivit\u00e9s territoriales), pour toutpr\u00e9l\u00e8vement inf\u00e9rieur \u00e0 1 000 m?/an ;d\u00e9claration ou autorisation des pr\u00e9l\u00e8vements d'eau (article R.214-1 du code del'environnement), pour un volume sup\u00e9rieur \u00e0 10 000 m*/ an mais inf\u00e9rieur a200 000 m\u00b0/ an (D), ou sup\u00e9rieur ou \u00e9gal \u00e0 200 000 m\"/ an (A).Les formalit\u00e9s pr\u00e9vues au titre du code g\u00e9n\u00e9ral des collectivit\u00e9s territoriales sont \u00e0effectuer via le t\u00e9l\u00e9service de d\u00e9claration unifi\u00e9e pour les ouvrages souterrains(DUPLOS) et celles pr\u00e9vues au titre du code de l'environnement via le t\u00e9l\u00e9service ded\u00e9p\u00f4t de dossiers de d\u00e9claration des installations, ouvrages, travaux et activit\u00e9s(IOTA).Article 11 : Notification et publicationLe pr\u00e9sent arr\u00eat\u00e9 est notifi\u00e9 en vue de sa mise en \u0153uvre \u00e0 la personne mentionn\u00e9e \u00e0l'article Jer. Il est publi\u00e9 au recueil des actes administratifs de l'\u00c9tat dans led\u00e9partement en application des dispositions de l'article R. 1321-8 du code de la sant\u00e9publique.\nArticle 12 : RecoursLe pr\u00e9sent arr\u00eat\u00e9 peut faire l'objet d'un recours contentieux devant le tribunaladministratif de Marseille, dans un d\u00e9lai de deux mois \u00e0 compter de sa notification.\n4/5\n \n- \n- \n \n \n \n \n \n \nAgence r\u00e9gionale de sant\u00e9 - 13-2025-04-14-00016 - Microsoft Word - Projet AP GOMBERT.docx 14\nLa juridiction administrative comp\u00e9tente peut \u00eatre saisie par courrier (31 rue Jean-Fran\u00e7ois Leca, 13002 Marseille) ou par l'application T\u00e9l\u00e9recours citoyens accessible apartir du site www.telerecours.fr.\nIl peut \u00e9galement faire l'objet d'un recours gracieux aupr\u00e8s du pr\u00e9fet des Bouches-du-Rh\u00f4ne, celui-ci prolonge le d\u00e9lai de recours contentieux qui doit \u00eatre instruit dansles deux mois suivant la r\u00e9ponse au recours gracieux, l'absence de r\u00e9ponse au termed'un d\u00e9lai de deux mois vaut d\u00e9cision implicite de rejet.\nArticle 13 : Ex\u00e9cutionLe secr\u00e9taire g\u00e9n\u00e9ral de la pr\u00e9fecture des Bouches-du-Rh\u00f4ne,Le sous-pr\u00e9fet d'Aix-en-Provence,Le directeur g\u00e9n\u00e9ral de l'agence r\u00e9gionale de sant\u00e9 Provence-Alpes-C\u00f4te d'Azur,La maire de Fuveau,sont charg\u00e9s chacun en ce qui le concerne de l'ex\u00e9cution du pr\u00e9sent arr\u00eat\u00e9.\n5/5\n \n \n \n \n \nPour le pr\u00e9fet et par d\u00e9l\u00e9gation \n        Le secr\u00e9taire g\u00e9n\u00e9ral \n \n \n                      Sign\u00e9 \n \n \n \n              Fr\u00e9d\u00e9ric POISOT \nAgence r\u00e9gionale de sant\u00e9 - 13-2025-04-14-00016 - Microsoft Word - Projet AP GOMBERT.docx 15\nAssistance Publique - H\u00f4pitaux de Marseille\n13-2025-04-28-00021\nD\u00e9l\u00e9gation 122-2025 signature SECONDI - DAM\nAssistance Publique - H\u00f4pitaux de Marseille - 13-2025-04-28-00021 - D\u00e9l\u00e9gation 122-2025 signature SECONDI - DAM 16\nH\u00f4pitaux | OD: ( H\u00f4pitauxrares P Ke de Provencede Marseille AM Soy)! creme oe.\nAssistance Publique-H\u00f4pitaux de Marseille   Page 1 sur 2 \n \n \nDECISION n\u00b0 122/2025 \nPORTANT DELEGATION DE SIGNATURE \n \nLe Directeur G\u00e9n\u00e9ral de l'Assistance Publique-H\u00f4pitaux de Marseille ; \n \nVU le code de la sant\u00e9 publique, notamment les articles L6143-7 et D6143-33 \u00e0 D6143-35 ; \n \nVU le code de la commande publique et les textes r\u00e9glementaires s'y rapportant ; \n \nVU la loi n\u00b02009-879 du 21 juillet 2009 portant r\u00e9forme de l'h\u00f4pital et relative aux patients, \u00e0 \nla sant\u00e9 et aux territoires ; \n \nVu l'ordonnance du 23 mars 2022 relative au r\u00e9gime de responsabilit\u00e9 financi\u00e8re des \ngestionnaires publics ; \n \nVU le d\u00e9cret n\u00b02005-921 du 2 ao\u00fbt 2005 portant statut particulier des gardes et emplois des \npersonnels de direction des \u00e9tablissements mentionn\u00e9s \u00e0 l'article 2 (1\u00b0, 2\u00b0 et 3\u00b0) de la loi n\u00b086-\n33 du 9 janvier 1986 modifi\u00e9e portant dispositions statutaires relatives \u00e0 la fonction publique \nhospitali\u00e8re ; \n \nVU le d\u00e9cret n\u00b02009 -1765 du 30 d\u00e9cembre 2009 relatif au directeur et aux membres du \ndirectoire des \u00e9tablissements publics de sant\u00e9 ; \n \nVU le d\u00e9cret n\u00b02010 -425 du 29 avril 2010 relat if \u00e0 l'organisation financi\u00e8re et \u00e0 \nl'investissement immobilier des \u00e9tablissements de sant\u00e9 ; \n \nVU le d\u00e9cret n\u00b02012-1246 du 07 novembre 2012 relatif \u00e0 la gestion budg\u00e9taire et comptable \npublique ; \n \nVU le d\u00e9cret en date du 03 Juin 2021 portant nomination de Monsieur Fran\u00e7ois CREMIEUX \nen tant que Directeur G\u00e9n\u00e9ral de l'Assistance Publique-H\u00f4pitaux de Marseille ;  \n \nVU l'arr\u00eat\u00e9 du 25 juillet 2013 fixant les modalit\u00e9s d'accr\u00e9ditation des ordonnateurs plac\u00e9s \naupr\u00e8s des comptables publics assignataires en application de l'article 10 du d\u00e9cret n\u00b02012-\n1246 du 07 novembre 2012 relatif \u00e0 la gestion budg\u00e9taire et comptable publique  ; \n \nSur proposition  de Monsieur Dimitri SANCHEZ , Directeur Coordinateur des Affaires \nM\u00e9dicales de l'Assistance Publique-H\u00f4pitaux de Marseille ; \n   \n \nDECIDE \n \nARTICLE 1  : La d\u00e9cision N\u00b0 101/2025 du 26 f\u00e9vrier 2025 portant d\u00e9l\u00e9gation de signature \u00e0 \nMadame Sandrine DRAY est abrog\u00e9e. \n \nARTICLE 2 : D\u00e9l\u00e9gation est donn\u00e9e \u00e0  Mme Delphine SECONDI,  technicienne sup\u00e9rieur \nhospitalier 1\u00e8re classe \u00e0 la Direction des Affaires M\u00e9dicales , \u00e0 l'effet de signer au nom du \nDirecteur G\u00e9n\u00e9ral , en l'ab sence ou emp\u00eachement de M. SANCHEZ , Directeur \nCoordonnateur des Affaires M\u00e9dicales, et de Mme DE CESARE, Directric e des Affaires \nM\u00e9dicales, les documents suivants :  \n \n\u2022 Attestation pour concours PH \n\u2022 Attestation de fin de fonction \n\u2022 Attestation de stage (affectation ou autre) \n\u2022 Attestation de disponibilit\u00e9 \nAssistance Publique - H\u00f4pitaux de Marseille - 13-2025-04-28-00021 - D\u00e9l\u00e9gation 122-2025 signature SECONDI - DAM 17\nAssistance Publique-H\u00f4pitaux de Marseille   Page 2 sur 2 \n\u2022 Attestation d'ann\u00e9es recherche \n\u2022 Attestation pour nomination en qualit\u00e9 de docteur senior \n\u2022 Tous documents relatifs \u00e0 la gestion \u00e0 la gestion du temps m\u00e9dical (c ontrat de \ntemps de travail additionnel d'astreinte, \u2026) \n \n \nARTICLE 3 : Cette d\u00e9l\u00e9gation est assortie de l'obligation pour le b\u00e9n\u00e9ficiaire :  \n- de respecter les proc\u00e9dures r\u00e9glementaires et internes en vigueur et les r\u00e8gles \ngarantissant le respect des principes fondamentaux de la commande publique que \nsont la libert\u00e9 d'acc\u00e8s, la transparence et la bonne utilisation des deniers publics ; \n- de n'engager les d\u00e9penses que dans la limite des cr\u00e9dits limitatifs autoris\u00e9s  ; \n- de rendre compte au Directeur G\u00e9n\u00e9ral et au Directeur des Affaires M\u00e9dicales des \nop\u00e9rations effectu\u00e9es. \n \nARTICLE 4 : Le titulaire de la d\u00e9l\u00e9gation a la responsabilit\u00e9 des op\u00e9rations qu'il effectue \ndans le cadre de sa d\u00e9l\u00e9gation et est charg\u00e9 d'assurer le contr\u00f4le de l'ensemble des agents \nqui interviennent dans les proc\u00e9dures concern\u00e9es.  \n \nARTICLE 5 : La signature et le paraphe du titulaire de la d\u00e9l\u00e9gation sont annex\u00e9s \u00e0 la \npr\u00e9sente d\u00e9l\u00e9gation.  \n \nARTICLE 6 : La pr\u00e9sente d\u00e9cision sera transmise au Receveur des Finances Publiques de \nl'AP-HM. Elle sera \u00e9galement publi\u00e9e au Recueil des Actes Administratifs de la Pr\u00e9fecture \ndes Bouches du Rh\u00f4ne et accessible sur le site internet de l'AP -HM. \n \nARTICLE 7 : La pr\u00e9sente d\u00e9l\u00e9gation de signature prend effet au jour de sa publication au \nRecueil des Actes Administratifs de la Pr\u00e9fecture des Bouches du Rh\u00f4ne.  \n \n \n \n \nA Marseille, le 28/04/2025 \n \n \n \n \nLe Directeur G\u00e9n\u00e9ral \n \nFran\u00e7ois CREMIEUX \nAssistance Publique - H\u00f4pitaux de Marseille - 13-2025-04-28-00021 - D\u00e9l\u00e9gation 122-2025 signature SECONDI - DAM 18\nDDETS 13\n13-2025-04-25-00010\nD\u00e9cision portant affectation des agents de\ncontr\u00f4le dans les unit\u00e9s de contr\u00f4le\net organisation des int\u00e9rims, dans la direction\nd\u00e9partementale de l'emploi, du travail et des\nsolidarit\u00e9s des Bouches-du-Rh\u00f4ne du 25/04/2025\nDDETS 13 - 13-2025-04-25-00010 - D\u00e9cision portant affectation des agents de contr\u00f4le dans les unit\u00e9s de contr\u00f4le\net organisation des int\u00e9rims, dans la direction d\u00e9partementale de l'emploi, du travail et des solidarit\u00e9s des Bouches-du-Rh\u00f4ne du\n25/04/2025\n19\nEsMINISTEREDU TRAVAILET DE L'EMPLOITiert\u00e9AyaliteFraternit\u00e9\nDirection r\u00e9gionale de l'\u00e9conomie, de l'emploi, du travail et des solidarit\u00e9s\nProvence-Alpes-C\u00f4te d'Azur\nD\u00e9cision portant affectation des agents de contr\u00f4le dans les unit\u00e9s de contr\u00f4le\net organisation des int\u00e9rims, dans la direction d\u00e9partementale de l'emploi, du travail et \ndes solidarit\u00e9s des Bouches-du-Rh\u00f4ne.\nLe Directeur r\u00e9gional de l'\u00e9conomie, de l'emploi, du travail et des solidarit\u00e9s de la r\u00e9gion  Provence-\nAlpes-C\u00f4te d'Azur :\nVu le code du travail, notamment ses articles R. 8122-3 et suivants,\nVu le d\u00e9cret n\u00b0 2020-1545 du 9 d\u00e9cembre 2020 relatif \u00e0 l'organisation et aux missions des directions \nr\u00e9gionales de l'\u00e9conomie, de l'emploi, du travail et des solidarit\u00e9s, des directions d\u00e9partementales  \nde l'emploi, du travail et des solidarit\u00e9s et des directions d\u00e9partementales de l'emploi, du travail,  \ndes solidarit\u00e9s et de la protection des populations,\nVu  l'arr\u00eat\u00e9  minist\u00e9riel  du  27  novembre  2024  portant  r\u00e9partition  des  unit\u00e9s  de  contr\u00f4le  de \nl'inspection du travail,\nVu  l'arr\u00eat\u00e9 du 5 septembre 2024 portant nomination de Monsieur S\u00e9bastien DEBEAUMONT sur  \nl'emploi de directeur r\u00e9gional de l'\u00e9conomie, de l'emploi, du travail et des solidarit\u00e9s de Provence-  \nAlpes-C\u00f4te d'Azur,\nVu la d\u00e9cision n\u00b013-2024-10-22-00007 du 2 2 octobre  2024, publi\u00e9e au Recueil des Actes \nAdministratifs n\u00b013-2024-271 du 25  octobre 2024, du Directeur r\u00e9gional de l'\u00e9conomie, de \nl'emploi, du travail et des solidarit\u00e9s par int\u00e9rim de la r\u00e9gion Provence-Alpes-C\u00f4te d'Azur relative \u00e0  \nla localisation et \u00e0 la d\u00e9limitation des unit\u00e9s de contr\u00f4le et des sections d'inspection du travail dans  \nla direction d\u00e9partementale de l'emploi, du travail et des solidarit\u00e9s des Bouches-du-Rh\u00f4ne,\nDECIDE\nArticle 1 :\nSont nomm\u00e9s comme responsables des unit\u00e9s de contr\u00f4le de la direction d\u00e9partementale de \nl'emploi, du travail et des solidarit\u00e9s des Bouches-du-Rh\u00f4ne les agents suivants :\n\uf02d Unit\u00e9 de contr\u00f4le n\u00b0 13-01 \u00ab Rh\u00f4ne Durance \u00bb: Madame Elise PLAN\n\uf02d Unit\u00e9 de contr\u00f4le n\u00b0 13-02 \u00ab Pays d'Aix \u00bb : Monsieur R\u00e9mi MAGAUD\n\uf02d Unit\u00e9 de contr\u00f4le n\u00b0 13-03 \u00ab Etoile-Aubagne-Huveaune \u00bb : Madame Annick FERRIGNO\n\uf02d Unit\u00e9 de contr\u00f4le n\u00b0 13-04 \u00ab Marseille Centre \u00bb : Madame C\u00e9cile AUTRAND\n\uf02d Unit\u00e9 de contr\u00f4le n\u00b0 13-05 \u00ab Le Port - Euromed \u00bb : Madame Carine MAGRINI\n\uf02d Unit\u00e9 de contr\u00f4le n\u00b0 13-06 \u00ab Etang de Berre \u00bb : Monsieur Ghislain BONELLI\nArticle 2 :\nEn  cas  d'absence  ou  d'emp\u00eachement  d'un  ou  plusieurs  des  responsables  d'unit\u00e9  de  contr\u00f4le \nd\u00e9sign\u00e9s \u00e0 l'article 1, l'int\u00e9rim est organis\u00e9 selon les modalit\u00e9s ci-apr\u00e8s :\no L'int\u00e9rim du  responsable de l'Unit\u00e9 de contr\u00f4le n\u00b0 13-01  est assur\u00e9 par celui de l'unit\u00e9 de  \ncontr\u00f4le n\u00b013-02,  ou, en cas d'absence ou d'emp\u00eachement de ce dernier, par celui de \nl'unit\u00e9 de contr\u00f4le n\u00b013-04 ou, en cas d'absence ou d'emp\u00eachement de ce dernier, par celui  \n1\nDDETS 13 - 13-2025-04-25-00010 - D\u00e9cision portant affectation des agents de contr\u00f4le dans les unit\u00e9s de contr\u00f4le\net organisation des int\u00e9rims, dans la direction d\u00e9partementale de l'emploi, du travail et des solidarit\u00e9s des Bouches-du-Rh\u00f4ne du\n25/04/2025\n20\nde l'unit\u00e9  de contr\u00f4le n\u00b013-03, ou, en cas d'absence ou d'emp\u00eachement de ce dernier, par  \ncelui de l'unit\u00e9  de contr\u00f4le n\u00b013-06 ou, en cas d'absence ou d'emp\u00eachement de ce dernier,  \npar celui de n'unit\u00e9 de contr\u00f4le n\u00b013-05;\no L'int\u00e9rim du  responsable de l'Unit\u00e9 de contr\u00f4le n\u00b0 13-02  est assur\u00e9 par celui de l'unit\u00e9 de  \ncontr\u00f4le n\u00b013-01 ou, en cas d'absence ou d'emp\u00eachement de ce dernier, par celui de l'unit\u00e9  \nde contr\u00f4le n\u00b013-06, ou, en cas d'absence ou d'emp\u00eachement de ce dernier, par celui de \nl'unit\u00e9 de contr\u00f4le n\u00b013-05, ou, en cas d'absence ou d'emp\u00eachement de ce dernier, par celui  \nde l'unit\u00e9  de contr\u00f4le  n\u00b013-04 ou, en cas d'absence ou d'emp\u00eachement de ce dernier, par  \ncelui de n'unit\u00e9 de contr\u00f4le n\u00b013-03;\no L'int\u00e9rim du  responsable de l'Unit\u00e9 de contr\u00f4le n\u00b0 13-03 e st assur\u00e9 par celui de l'unit\u00e9 de  \ncontr\u00f4le n\u00b013-05 ou, en cas d'absence ou d'emp\u00eachement de ce dernier, par celui de l'unit\u00e9  \nde contr\u00f4le n\u00b013-04 ou, en cas d'absence ou d'emp\u00eachement de ce dernier, par celui de  \nl'unit\u00e9 de  contr\u00f4le n\u00b013-06+, ou, en cas d'absence ou d'emp\u00eachement de ce dernier, par \ncelui de l'unit\u00e9 de contr\u00f4le n\u00b013-01 ou, en cas d'absence ou d'emp\u00eachement de ce dernier,  \npar celui de n'unit\u00e9 de contr\u00f4le n\u00b013-02;\no L'int\u00e9rim du  responsable de l'Unit\u00e9 de contr\u00f4le n\u00b0 13-04  est assur\u00e9 par celui de l'unit\u00e9 de  \ncontr\u00f4le n\u00b013-06 ou, en cas d'absence ou d'emp\u00eachement de ce dernier, par celui de l'unit\u00e9  \nde contr\u00f4le n\u00b013-03, ou, en cas d'absence ou d'emp\u00eachement de ce dernier, par celui de \nl'unit\u00e9 de contr\u00f4le n\u00b013-05 ou, en cas d'absence ou d'emp\u00eachement de ce dernier, par celui  \nde l'unit\u00e9  de contr\u00f4le n\u00b013-02 ou, en cas d'absence ou d'emp\u00eachement de ce dernier, par  \ncelui de n'unit\u00e9 de contr\u00f4le n\u00b013-01;\no L'int\u00e9rim du  responsable de l'Unit\u00e9 de contr\u00f4le n\u00b0 13-05 e st assur\u00e9 par celui de l'unit\u00e9 de  \ncontr\u00f4le n\u00b013-03 ou, en cas d'absence ou d'emp\u00eachement de ce dernier, par celui de l'unit\u00e9  \nde contr\u00f4le n\u00b013-06, ou, en cas d'absence ou d'emp\u00eachement de ce dernier, par celui de \nl'unit\u00e9 de contr\u00f4le n\u00b013-04 ou, en cas d'absence ou d'emp\u00eachement de ce dernier, par celui  \nde l'unit\u00e9  de contr\u00f4le n\u00b013-01 ou, en cas d'absence ou d'emp\u00eachement de ce dernier, par  \ncelui de n'unit\u00e9 de contr\u00f4le n\u00b013-02;\no L'int\u00e9rim du  responsable de l'Unit\u00e9 de contr\u00f4le n\u00b0 13-06  est assur\u00e9 par celui de l'unit\u00e9 de  \ncontr\u00f4le n\u00b013-04 ou, en cas d'absence ou d'emp\u00eachement de ce dernier, par celui de l'unit\u00e9  \nde contr\u00f4le n\u00b013-05, ou, en cas d'absence ou d'emp\u00eachement de ce dernier, par celui de \nl'unit\u00e9 de contr\u00f4le n\u00b013-03 ou, en cas d'absence ou d'emp\u00eachement de ce dernier, par celui  \nde l'unit\u00e9  de contr\u00f4le n\u00b013-03 ou, en cas d'absence ou d'emp\u00eachement de ce dernier, par  \ncelui de l'unit\u00e9 de contr\u00f4le n\u00b013-01 .\nArticle 3 :\nSans pr\u00e9judice des dispositions de l'article R.8122-10-1 du code du travail et conform\u00e9ment aux  \ndispositions de l'article R.8122-11 du code du travail, sont affect\u00e9s dans les sections d'inspection de  \nla Direction d\u00e9partementale de l'emploi, du travail et des solidarit\u00e9s des Bouches-du-Rh\u00f4ne les  \nagents suivants :\n1      -     Unit\u00e9     de     contr\u00f4le     n\u00b0     13-01     \u00ab         Rh\u00f4ne     Durance     \u00bb  \n1\u00e8re section n\u00b0 13-01-01 : Madame Christelle GARI, Inspectrice du Travail ;\n2\u00e8me section n\u00b0 13-01-02 : poste vacant ;\n3\u00e8me section n\u00b0 13-01-03 : Monsieur Vincent DUSSART, Inspecteur du Travail ;\n4\u00e8me section n\u00b0 13-01-04 : Monsieur J\u00e9r\u00f4me MIGIRDITCHIAN, Inspecteur du Travail ;\n 5\u00e8me section n\u00b0 13-01-05 : Madame Delphine REINERT, Inspectrice du Travail ;\n6\u00e8me section n\u00b0 13-01-06 : Madame Marine DAGOIS, Inspectrice du Travail ;\n 7\u00e8me section n\u00b0 13-01-07 : Madame Sophie SOLARY, Inspectrice du Travail ;\n8\u00e8me section n\u00b0 13-01-08 :  Madame Nathalie PHILIP, Inspectrice du Travail ;\n9\u00e8me section n\u00b0 13-01-09 : Madame Cam\u00e9lia BRUNEL, Inspectrice du Travail ;\n10\u00e8me section n\u00b0 13-01-10 : poste vacant ;\n11\u00e8me section n\u00b0 13-01-11 : poste vacant ;\n2\nDDETS 13 - 13-2025-04-25-00010 - D\u00e9cision portant affectation des agents de contr\u00f4le dans les unit\u00e9s de contr\u00f4le\net organisation des int\u00e9rims, dans la direction d\u00e9partementale de l'emploi, du travail et des solidarit\u00e9s des Bouches-du-Rh\u00f4ne du\n25/04/2025\n21\n12\u00e8me section n\u00b0 13-01-12 : Monsieur Didier HOAREAU, Inspecteur du Travail ;\n2      -     Unit\u00e9     de     contr\u00f4le     n\u00b0     13-02     \u00ab         Pays     d'Aix \u00bb  \n1\u00e8re section n\u00b0 13-02-01 : Madame Blandine ACETO, Inspectrice du Travail ;\n2\u00e8me section n\u00b0 13-02-02 : Madame Magali LENTINI, Inspectrice du Travail ;\n3\u00e8me section n\u00b0 13-02-03 : Madame Noura MAZOUNI, Directrice Adjointe du Travail ;\n4\u00e8me section n\u00b0 13-02-04 : Madame Farah MIDOUN, Inspectrice du Travail ;\n5\u00e8me section n\u00b0 13-02-05 : Monsieur Gilles HERNANDEZ, Inspecteur du Travail ;\n6\u00e8me section n\u00b0 13-02-06 : Madame Marie BOIVIN, Inspectrice du Travail ;\n7\u00e8me section n\u00b0 13-02-07 : Madame Myriam SZROJT, Inspectrice du Travail ;\n8\u00e8me section n\u00b0 13-02-08 : Madame C\u00e9lia DROUICHE, Inspectrice du travail ;\n9\u00e8me section n\u00b0 13-02-09 : Monsieur Rachid ADRAR, Inspecteur du Travail ;\n10\u00e8me section n\u00b013-02-10 : Monsieur Herv\u00e9 CICCOLI, Contr\u00f4leur du Travail ;\nConform\u00e9ment aux dispositions de l'article R.8122-11 1\u00b0 du Code du travail, les pouvoirs de d\u00e9cision  \nadministrative, relevant de la comp\u00e9tence exclusive d'un inspecteur du travail, sont confi\u00e9s pour la  \n10\u00e8me section n\u00b013-02-10 \u00e0 l'inspecteur du Travail de la 12\u00e8me section n\u00b013-02-12.\nNonobstant cette comp\u00e9tence et en ce qui concerne le pouvoir de d\u00e9cision administrative, relevant  \nde la comp\u00e9tence exclusive d'un inspecteur du travail, au sein des \u00e9tablissements, de la 10\u00e8me section  \nn\u00b013- 02-10, list\u00e9s ci-dessous, aux inspecteurs du travail ci-apr\u00e8s :\n- Madame     Blandine     ACETO,     Inspectrice     du     travail         de     la     1\u00e8re     section     :  \n- ELECTRICITE DE FRANCE (Siret : 55208131791827) sis Les Carr\u00e9s du Golf B\u00e2t. C et D 1165, \navenue JRGG de la Lauzi\u00e8re \u2013 13290 AIX EN PROVENCE\n- GEMF (Siret : 69162050400064) sis 825, Rue Amp\u00e8re ZI des Milles 13290 AIX EN PROVENCE\n- CITYWAY  (Siret  :  43835048000051)  sis  85,  rue  Pierre  Duhem  13594  AIX  EN  PROVENCE \nCEDEX 3\n- ACPQUALIFE (Siret : 44264262500101) sis 805, avenue JRGG de la Lauzi\u00e8re 13290 AIX EN \nPROVENCE\n- MOONGY (Siret : 48840482300160) sis Immeuble le Toma 805, avenue JRGG de la Lauzi\u00e8re \n13290 AIX EN PROVENCE\n- Madame     Magali     LENTINI,     Inspectrice     du     travail     de     la     2\u00e8me     section         :  \n- ENEDIS (Siret : 44460844213938) sis 445 Rue Amp\u00e8re-ZI des Milles 13290 AIX EN PROVENCE\n- THALES SESO SAS (Siret 39906496300024) sis 530, rue Fr\u00e9d\u00e9ric Joliot 13852 AIX EN PROVENCE \nCEDEX 3\n- CFA DU BATIMENT PROVENCE ALPES COTE D'AZUR (Siret : 78285946600024) sis 205, rue \nAlbert Einstein CS 60525 13290 AIX EN PROVENCE\n- PMS \u2013 Provence Maintennace Services (Siret n\u00b0 43389978800072) sis 685, avenue Georges \nClaude 13290 AIX EN PROVENCE\n- Madame     Farah     MIDOUN,     Inspectrice     du     Travail     de     la     4\u00e8me     section         :  \n- HOTEL AQUABELLA (Siret : 42193664200022) sis 2, rue des Etuves 13100 AIX EN PROVENCE\n- FESTIVAL INTERNATIONAL D'ART LYRIQUE (Siret : 41183169600017) sis Palais Ancien \nArchev\u00each\u00e9 Place Martyrs de la R\u00e9sistance 13100 AIX EN PROVENCE\n- ENTREPRISE GENERALE LEON GROSSE (Siret : 74542065300974) sis Zone des Milles Parc  des Aliz\u00e9s \nRue Paul Langevin 13290 AIX EN PROVENCE\n- CAPSUM (Siret \u00a0: 50880608000067) sis 610, rue Andr \u00e9 Ampere  \u2013 Zone Industrielle Les Milles  \u2013 \n3\nDDETS 13 - 13-2025-04-25-00010 - D\u00e9cision portant affectation des agents de contr\u00f4le dans les unit\u00e9s de contr\u00f4le\net organisation des int\u00e9rims, dans la direction d\u00e9partementale de l'emploi, du travail et des solidarit\u00e9s des Bouches-du-Rh\u00f4ne du\n25/04/2025\n22\n13100 AIX EN PROVENCE\n- CROSSCALL (Siret : 51870689000069) sis 245, rue Paul Langevin 13290 AIX EN PROVENCE\n- Monsieur Gilles HERNANDEZ, inspecteur du travail de la 5\u00e8me section  \u00a0  :  \n- QUINCAILLERIE AIXOISE (Siret : 38955720800011) sis 55 Rue Amp\u00e8re ZI des Milles- 13290  AIX \nEN PROVENCE\n- QUINCAILLERIE  AIXOISE  (Siret  :  38955720800029)  sis  565  RUE  MARCELIN  BERTHELOT  LE \nMERCURE A ZI des Milles \u2013 13290 AIX EN PROVENCE\n- QUINCAILLERIE AIXOISE  (Siret : 38955720800037) sis 214 rue Albert Einstein - ZI des Milles \u2013  \n13290 AIX EN PROVENCE\n- Madame     Marie     BOIVIN,     Inspectrice     du     Travail     de     la     6\u00e8me     section         :  \n- STILL (Siret : 34893701200139) sis rue Louis Armand ZI des Milles \u2013 13290 AIX EN PROVENCE\n- SOBECA (Siret n\u00b070378024700168) sis 745, avenue Georges Claude \u2013 13290 AIX EN PROVENCE\n- ALTRAN TECHNOLOGIE (Siret : 70201295600901) sis 1035 avenue JRGG de la Lauzi\u00e8re 13290 \nAIX EN PROVENCE\n- Madame     Myriam     SZROJT,     Inspectrice     du     Travail     de     la     7\u00e8me     section     :  \n- SMAC (Siret n\u00b068204083701984) sis 815, rue Andr\u00e9 Ampere \u2013 B\u00e2t,A 13290 AIX EN PROVENCE\n- Madame     C\u00e9lia     DROUICHE,     Inspectrice     du     Travail         de     la     8\u00e8me     section     :  \n- PETIT CASINO (Siret : 42826802337699) sis Rue Jean Perrin BP 63000 ZI des Milles 13290 AIX \nEN PROVENCE\n- GEMEF (Siret : 55213367000042) sis 120, Rue Bessemer BP 364 ZI des Milles 13290 AIX EN \nPROVENCE.\n- MONOPRIX (Siret : 55208329700101) sis 27, Cours Mirabeau 13100 AIX EN PROVENCE\n- BERTIN  TECHNOLOGIE (Siret : 42251120400022) sis  155, rue Louis  Armand 13791  AIX EN \nPROVENCE CEDEX 3\n- GIP PACA (Siret n\u00b034261101900080) sis 155, rue Paul Langevin \u2013 Parc des Aliz\u00e9s \u2013 13290 AIX EN \nPROVENCE\n- IDEX ENERGIES  (Siret n\u00b0 31587164001876) sis 1165 rue JRGG de la Lauzi\u00e8re 13290 AIX EN \nPROVENCE\n- Monsieur     Rachid     ADRAR,     Inspecteur     du     Travail         de     la     9\u00e8me     section     :  \n- VCSP ROUTE FRANCE (Siret n0 40952616700237) sis 140, rue Georges Claude 13290 AIX EN  \nPROVENCE\n- EUROVIA PROVENCE ALPES COTE D'AZUR  (Siret n\u00b030719701500063) sis 640, rue Georges  \nClaude 13290 AIX EN PROVENCE\n- Monsieur     Claude     TROULLIER,     Inspecteur     du     Travail         de     la     11\u00e8me     section     :  \n- SANTE AU TRAVAIL PROVENCE (Siret : 78268604200030) sis 450, rue Albert Einstein CS \n20360 13799 AIX EN PROVENCE CEDEX 3\n- Madame     Ouarda     ZITOUNI,     Inspectrice     du     travail     de     la     12\u00e8me     section         :  \n- ORTEC ENVIRONNEMENT (Siret : 38967501800508) sis 425, rue Louis Armand 13290 AIX EN \nPROVENCE\n- ORANGINA SCHWEPPES FRANCE (Siret\u00a0: 40490794100052) sis 200, rue Pierre Duhem 13290 Aix-\nen-Provence\n11\u00e8me section n\u00b0 13-02-11 : Monsieur Claude TROULLIER, Inspecteur du Travail ;\n4\nDDETS 13 - 13-2025-04-25-00010 - D\u00e9cision portant affectation des agents de contr\u00f4le dans les unit\u00e9s de contr\u00f4le\net organisation des int\u00e9rims, dans la direction d\u00e9partementale de l'emploi, du travail et des solidarit\u00e9s des Bouches-du-Rh\u00f4ne du\n25/04/2025\n23\n12\u00e8me section n\u00b0 13-02-12 : Madame Ouarda ZITOUNI, Inspectrice du travail ;\n3      -     Unit\u00e9     de     contr\u00f4le     n\u00b0     13-03     \u00ab Etoile-Aubagne-Huveaune         \u00bb  \n1\u00e8re section n\u00b0 13-03-01 : Madame Sylvie SAGNE, Inspectrice du Travail ;\n2\u00e8me section n\u00b0 13-03-02 : Madame Jacqueline MARCHET, Inspectrice du Travail ;\n3\u00e8me section n\u00b0 13-03-03 : Monsieur Maxence DREUX, inspecteur du travail ;\n4\u00e8me section n\u00b0 13-03-04 : Madame V\u00e9ronique PAULET, Inspectrice du Travail ;\n5\u00e8me section n\u00b0 13-03-05 : Monsieur Ivan FRANCOIS, Inspecteur du Travail ;\n6\u00e8me section n\u00b0 13-03-06 : Madame Aur\u00e9lie DURIVAL, Inspectrice du travail,\n7\u00e8me section n\u00b0 13-03-07 : Madame Isabelle FONTANA, Inspectrice du Travail ;\n8\u00e8me section n\u00b0 13-03-08 : Monsieur Mohamed SLIMANI, Inspecteur du Travail, \u00e0 l'exception de \nl'entreprise Centre Dentaire DENTALWAY Pont de Vivaux, 159 Boulevard de Pont de Vivaux, \n13010 Marseille (SIRET n\u00b0840 065 569 000 13)   qui est affect\u00e9e  \u00e0  la  1\u00e8re section n\u00b013-03-01  ;\n9\u00e8me section n\u00b0 13-03-09 : Monsieur Emmanuel LOREAU, Inspecteur du Travail ;\n10\u00e8me section n\u00b0 13-03-10 : Madame Sophie CHEVALIER, Inspectrice du Travail ;\n4      -     Unit\u00e9     de     contr\u00f4le     n\u00b0     13-04     \u00ab         Marseille     Centre         \u00bb  \n1\u00e8re section n\u00b0 13-04-01 :  Monsieur Ghislain COUTAUD, Inspecteur du Travail ;\n2\u00e8me section n\u00b0 13-04-02 : Madame Juliette HERNANDEZ, Inspectrice du Travail ;\n3\u00e8me section n\u00b0 13-04-03 : Madame C\u00e9lia GOURZONES, Inspectrice du Travail ;\n4\u00e8me section n\u00b0 13-04-04 : Madame Gw\u00e9nola ROUSSELY, Inspectrice du Travail;\n5\u00e8me section n\u00b0 13-04-05 : poste vacant ; L'\u00e9tablissement Monoprix sis 107 boulevard Notre-Dame \n13006 MARSEILLE (SIRET 55208329702909) est affect\u00e9 \u00e0 la pr\u00e9sente section n\u00b013-04-05 ;\n6\u00e8me section n\u00b0 13-04-06 : Monsieur Rapha\u00ebl LE BIDOIS, Inspecteur du travail \u00e0 l'exception de  \nl'\u00e9tablissement  Monoprix  sis  107  boulevard  Notre-Dame  13006  MARSEILLE  (SIRET  \n55208329702909) qui est affect\u00e9 \u00e0 la section n\u00b013-04-05 ;\n7\u00e8me section n\u00b0 13-04-07 : Madame Aude FLORNOY, Directrice Adjointe du Travail ;\n8\u00e8me section n\u00b0 13-04-08 :poste vacant  ;\n9\u00e8me section n\u00b0 13-04-09 : Madame V\u00e9ronique GRAS, Directrice Adjointe du Travail ;\n10\u00e8me section n\u00b0 13-04-10 : Monsieur Brahim BENTAYEB, Inspecteur du travail\n5      -     Unit\u00e9     de     contr\u00f4le     n\u00b0     13-05     \u00ab         Le     Port     -     Euromed         \u00bb  \n1\u00e8re section n\u00b0 13-05-01 : Monsieur J\u00e9r\u00f4me LUNEL, Inspecteur du Travail ;\n2\u00e8me section n\u00b0 13-05-02 : Madame Servane LE COUEDIC-PONCET, Inspectrice du Travail ;\n3\u00e8me section n\u00b0 13-05-03 : Madame Fatima FIZAZI, Inspectrice du Travail ;\n4\u00e8me section n\u00b0 13-05-04 : Poste vacant ;\n5\u00e8me section n\u00b0 13-05-05 : Monsieur Vincent GIDARO, Inspecteur du travail ;\n6\u00e8me section n\u00b0 13-05-06 : Madame Laure BENOIST, Inspectrice du Travail ;\n7\u00e8me section n\u00b0 13-05-07 : Madame Val\u00e9rie RICHARD, Inspectrice du Travail ;\n8\u00e8me section n\u00b0 13-05-08 : Monsieur Dieudonn\u00e9 NENGBI, Inspecteur du travail ;\n9\u00e8me section n\u00b0 13-05-09 : Monsieur Lucas DEJEUX, Inspecteur du travail ;\n10\u00e8me section n\u00b0 13-05-10 : Madame Marie GUILLEMOT, Directrice Adjointe du Travail ;\n11\u00e8me section n\u00b0 13-05-11 : Madame Delphine BERAUD, Inspectrice du Travail ;\n5\nDDETS 13 - 13-2025-04-25-00010 - D\u00e9cision portant affectation des agents de contr\u00f4le dans les unit\u00e9s de contr\u00f4le\net organisation des int\u00e9rims, dans la direction d\u00e9partementale de l'emploi, du travail et des solidarit\u00e9s des Bouches-du-Rh\u00f4ne du\n25/04/2025\n24\n6     -     Unit\u00e9     de     contr\u00f4le     n\u00b0     13-06     \u00ab         Etang     de     Berre         \u00bb  \n1\u00e8re section n\u00b0 13-06-01 : Madame Salom\u00e9 BOUBECHE, Inspectrice du travail ;\n2\u00e8me section n\u00b0 13-06-02 : Monsieur Herv\u00e9 PIGANEAU, Inspecteur du travail ;\n3\u00e8me section n\u00b0 13-06-03 : poste vacant ;\n4\u00e8me section n\u00b0 13-06-04 : Monsieur Christophe BOUILLET, Inspecteur du Travail ;\n5\u00e8me section n\u00b0 13-06-05 : Madame Mathilde FAVRE ARTIGUES, Inspectrice du Travail ;\n6\u00e8me section n\u00b0 13-06-06 : Madame Nathalie OHAN-TCHELEBIAN, Inspectrice du Travail ;\n 7\u00e8me section n\u00b0 13-06-07 : Madame Elisabeth TALMON, Inspectrice du Travail ;\n8\u00e8me section n\u00b0 13-06-08 : Madame Camille SAIAH, Inspectrice du Travail ;\n9\u00e8me section n\u00b0 13-06-09 : poste vacant ;\n10\u00e8me section n\u00b0 13-06-10 : Madame Marie-Ange GASS, Inspectrice du Travail ;\n11\u00e8me section n\u00b0 13-06-11 : Monsieur Lo\u00efc CATANIA, Inspecteur du Travail ;\nArticle 4 :\nEn cas d'absence ou d'emp\u00eachement d'un ou plusieurs inspecteurs du travail d\u00e9sign\u00e9s \u00e0 l'article 2, \nl'int\u00e9rim est organis\u00e9 selon les modalit\u00e9s ci-apr\u00e8s :\nUnit\u00e9 de contr\u00f4le n\u00b0 13-01 \u00ab Rh\u00f4ne Durance \u00bb :\n\u2022 L'int\u00e9rim de l'inspecteur du travail de la 1\u00e8re section est assur\u00e9 par l'inspecteur du travail de la  \n2\u00e8me section, ou, en cas d'absence ou d'emp\u00eachement de ce dernier, par l'inspecteur du travail  \nde la 10\u00e8me section ou, en cas d'absence ou d'emp\u00eachement de ce dernier, par l'inspecteur du  \ntravail de la 5\u00e8me section ou, en cas d'absence ou d'emp\u00eachement de ce dernier, par l'inspecteur \nde la 6\u00e8me section ou, en cas d'absence ou d'emp\u00eachement de ce dernier, par l'inspecteur du  \ntravail de la 8\u00e8me section ou, en cas d'absence ou d'emp\u00eachement de ce dernier, par l'inspecteur \ndu  travail  de  la  7\u00e8me  section  ou,  en  cas  d'absence  ou  d'emp\u00eachement  de  ce  dernier,  par \nl'inspecteur du travail de la 3\u00e8me section ou, en cas d'absence ou d'emp\u00eachement de ce dernier,  \npar l'inspecteur du travail de 12\u00e8me section ou, en cas d'absence ou d'emp\u00eachement de ce  \ndernier, par l'inspecteur du travail de la 4\u00e8me section, ou, en cas d'absence ou d'emp\u00eachement  \nde  ce  dernier,  par  l'inspecteur  du  travail  de  la  9\u00e8me  section,  ou  en  cas  d'absence  ou \nd'emp\u00eachement de ce dernier, par l'inspecteur du travail de la 11\u00e8me section ;\n\u2022 L'int\u00e9rim de l'inspecteur du travail de la 2\u00e8me section est assur\u00e9 par l'inspecteur du travail de la  \n9\u00e8me section de l'unit\u00e9 de contr\u00f4le n\u00b0 13-03 \u00ab Etoile-Aubagne-Huveaune \u00bb ou, en cas d'absence ou \nd'emp\u00eachement de ce dernier, par l'inspecteur du travail de la 1\u00e8re section ou, en cas d'absence  \nou d'emp\u00eachement de ce dernier, par l'inspecteur du travail de la 11\u00e8me section ou, en cas  \nd'absence ou d'emp\u00eachement de ce dernier, par l'inspecteur de la 9\u00e8me section ou, en cas  \nd'absence ou d'emp\u00eachement de ce dernier, par l'inspecteur du travail de la 4\u00e8me section ou, en  \ncas d'absence ou d'emp\u00eachement de ce dernier, par l'inspecteur du travail de la 12\u00e8me section  \nou, en cas d'absence ou d'emp\u00eachement de ce dernier, par l'inspecteur du travail de la 3\u00e8me  \nsection ou, en cas d'absence ou d'emp\u00eachement de ce dernier, par l'inspecteur du travail de la  \n7\u00e8me section ou, en cas d'absence ou d'emp\u00eachement de ce dernier, par l'inspecteur de la 8\u00e8me  \nsection ou, en cas d'absence ou d'emp\u00eachement de ce dernier, par l'inspecteur de la 6\u00e8me  \nsection, ou en cas d'absence ou d'emp\u00eachement de ce dernier, par l'inspecteur de la 5\u00e8me  \nsection ou, en cas d'absence ou d'emp\u00eachement de ce dernier, par l'inspecteur du travail de la  \n10\u00e8me section ;\n\u2022 L'int\u00e9rim de l'inspecteur du travail de la 3\u00e8me section est assur\u00e9 par l'inspecteur du travail de la  \n7\u00e8me section ou, en cas d'absence ou d'emp\u00eachement de ce dernier, par l'inspecteur du travail  \nde la 9\u00e8me section ou, en cas d'absence ou d'emp\u00eachement de ce dernier, par l'inspecteur de la  \n6\u00e8me section ou, en cas d'absence ou d'emp\u00eachement de ce dernier, par l'inspecteur du travail  \nde la 10\u00e8me section ou, en cas d'absence ou d'emp\u00eachement de ce dernier, par l'inspecteur du  \ntravail de la 2\u00e8me section ou, en cas d'absence ou d'emp\u00eachement de ce dernier, par l'inspecteur \ndu  travail  de  la  12\u00e8me  section  ou,  en  cas  d'absence  ou d'emp\u00eachement  de  ce  dernier,  par \nl'inspecteur de la 8\u00e8me section ou, en cas d'absence ou d'emp\u00eachement de ce dernier, par  \n6\nDDETS 13 - 13-2025-04-25-00010 - D\u00e9cision portant affectation des agents de contr\u00f4le dans les unit\u00e9s de contr\u00f4le\net organisation des int\u00e9rims, dans la direction d\u00e9partementale de l'emploi, du travail et des solidarit\u00e9s des Bouches-du-Rh\u00f4ne du\n25/04/2025\n25\nl'inspecteur  de  la  1\u00e8re  section  ou,  en  cas  d'absence  ou  d'emp\u00eachement  de  ce  dernier,  par \nl'inspecteur du travail de la 11\u00e8me section, ou en cas d'absence ou d'emp\u00eachement de ce dernier, \npar l'inspecteur du travail de la 4\u00e8me section ou, en cas d'absence ou d'emp\u00eachement de ce  \ndernier, par l'inspecteur du travail de la 5\u00e8me section ;\n\u2022 L'int\u00e9rim de l'inspecteur du travail de la 4\u00e8me section est assur\u00e9 par l'inspecteur du travail de la  \n6\u00e8me section, ou en cas d'absence ou d'emp\u00eachement de ce dernier par l'inspecteur de la 7\u00e8me  \nsection ou, en cas d'absence ou d'emp\u00eachement de ce dernier, par l'inspecteur du travail de la  \n8\u00e8me section, ou en cas d'absence ou d'emp\u00eachement de dernier par l'inspecteur de la 2\u00e8me  \nsection ou en cas d'absence ou d'emp\u00eachement de ce dernier par l'inspecteur de 5\u00e8me section ,  \nou, en cas d'absence ou d'emp\u00eachement de ce dernier, par l'inspecteur de la 10\u00e8me section ou,  \nen cas d'absence ou d'emp\u00eachement de ce dernier, par l'inspecteur de la 11\u00e8me section ou, en  \ncas d'absence ou d'emp\u00eachement de ce dernier par l'inspecteur de la 9\u00e8me section ou, en cas  \nd'absence ou d'emp\u00eachement de ce dernier, par l'inspecteur du travail de la 1\u00e8re section ou, en  \ncas d'absence ou d'emp\u00eachement de ce dernier par l'inspecteur de la 12\u00e8me section ou, en cas  \nd'absence ou d'emp\u00eachement de ce dernier, par l'inspecteur du travail de la 3\u00e8me section ;\n\u2022 L'int\u00e9rim de l'inspecteur du travail de la 5\u00e8me section est assur\u00e9, par l'inspecteur de la 9\u00e8me  \nsection,  ou,  en  cas  d'absence  ou  d'emp\u00eachement  de  ce  dernier,  par  l'inspecteur  de  la  1\u00e8re \nsection ou, en cas d'absence ou d'emp\u00eachement de ce dernier, par l'inspecteur du travail de la  \n7\u00e8me section ou, en cas d'absence ou d'emp\u00eachement de ce dernier, par l'inspecteur du travail  \nde la 12\u00e8me section ou, en cas d'absence ou d'emp\u00eachement de ce dernier par l'inspecteur de la  \n10\u00e8me section ou, en cas d'absence ou d'emp\u00eachement de ce dernier, par l'inspecteur du travail  \nde la 4\u00e8me section ou, en cas d'absence ou d'emp\u00eachement de ce dernier, par l'inspecteur de la  \n6\u00e8me section ou, en cas d'absence ou d'emp\u00eachement de ce dernier, par l'inspecteur de la 11\u00e8me \nsection ou, en cas d'absence ou d'emp\u00eachement de ce dernier, par l'inspecteur du travail de la  \n8\u00e8me section ou, en cas d'absence ou d'emp\u00eachement de ce dernier, par l'inspecteur de la 3\u00e8me  \nsection ou, en cas d'absence ou d'emp\u00eachement de ce dernier, par l'inspecteur du travail de la  \n2\u00e8me section ;\n\u2022 L'int\u00e9rim de l'inspecteur du travail de la 6\u00e8me section est assur\u00e9 par l'inspecteur du travail de la  \n4\u00e8me section, ou, en cas d'absence ou d'emp\u00eachement de ce dernier, par l'inspecteur du travail  \nde la 3\u00e8me section ou, en cas d'absence ou d'emp\u00eachement de ce dernier, par l'inspecteur du  \ntravail  de  la  2\u00e8me  section  ou,  en  cas  d'absence  ou  d'emp\u00eachement  de  ce  dernier,  par \nl'inspecteur de la 1\u00e8re section ou, en cas d'absence ou d'emp\u00eachement de ce dernier, par  \nl'inspecteur  du  travail  de  la  9\u00e8me  section  ou,  en  cas  d'absence  ou  d'emp\u00eachement  de  ce \ndernier, par l'inspecteur du travail de la 11\u00e8me section ou, en cas d'absence ou d'emp\u00eachement  \nde  ce  dernier,  par  l'inspecteur  du  travail  de  la  10\u00e8me  section  ou,  en  cas  d'absence  ou \nd'emp\u00eachement de ce dernier, par l'inspecteur du travail de 5\u00e8me section ou, en cas d'absence  \nou d'emp\u00eachement de ce dernier, par l'inspecteur du travail de la 12\u00e8me section, ou, en cas  \nd'absence ou d'emp\u00eachement de ce dernier, par l'inspecteur du travail de la 8\u00e8me section, ou  \nen cas d'absence ou d'emp\u00eachement de ce dernier, par l'inspecteur du travail de la 7\u00e8me  \nsection;\n\u2022 L'int\u00e9rim de l'inspecteur du travail de la 7\u00e8re section ou, en cas d'absence ou d'emp\u00eachement  \nde ce dernier, par l'inspecteur de la 3\u00e8me section ou en cas d'absence ou d'emp\u00eachement de ce  \ndernier, par l'inspecteur de la 5\u00e8me section ou, en cas d'absence ou d'emp\u00eachement de ce  \ndernier, par l'inspecteur du travail de la 4\u00e8me section ou en cas d'absence ou d'emp\u00eachement  \nde ce dernier par l'inspecteur de la 11\u00e8me section, ou en cas d'absence ou d'emp\u00eachement de  \nce dernier par l'inspecteur de la 1\u00e8re section ou, en cas d'absence ou d'emp\u00eachement de ce  \ndernier, par l'inspecteur du travail de la 8\u00e8me section, ou en cas d'absence ou d'emp\u00eachement  \nde ce dernier par l'inspecteur de la 12\u00e8me section ou, en cas d'absence ou d'emp\u00eachement de  \nce dernier, par l'inspecteur du travail de la 2\u00e8me section, ou d'emp\u00eachement de ce dernier, par  \nl'inspecteur du travail de la 10\u00e8me section, ou, en cas d'absence ou d'emp\u00eachement de ce  \ndernier, par l'inspecteur du travail de la 6\u00e8me section, ou en cas d'absence ou d'emp\u00eachement  \nde ce dernier, par l'inspecteur du travail de la 9\u00e8me section;\n\u2022 L'int\u00e9rim de l'inspecteur du travail de la 8\u00e8me section est assur\u00e9 par l'inspecteur du travail de la  \n10\u00e8me section , ou en cas d'emp\u00eachement de ce dernier, par l'inspecteur du travail de la 9\u00e8me  \nsection,  ou  en cas d'absence ou d'emp\u00eachement, par l'inspecteur du travail de la 7 \u00e8me \nsection ou, en cas d'absence ou d'emp\u00eachement de ce dernier, par l'inspecteur de la 4 \u00e8me \nsection ou, en cas d'absence ou d'emp\u00eachement de ce dernier, par l'inspecteur du travail de la  \n7\nDDETS 13 - 13-2025-04-25-00010 - D\u00e9cision portant affectation des agents de contr\u00f4le dans les unit\u00e9s de contr\u00f4le\net organisation des int\u00e9rims, dans la direction d\u00e9partementale de l'emploi, du travail et des solidarit\u00e9s des Bouches-du-Rh\u00f4ne du\n25/04/2025\n26\n1\u00e8re section ou, en cas d'absence ou  d'emp\u00eachement de ce dernier, par l'inspecteur du travail  \nde la 2\u00e8re section ou, en cas d'absence ou  d'emp\u00eachement de ce dernier, par l'inspecteur du  \ntravail  de  la  3\u00e8me  section  ou,  en  cas  d'absence  ou d'emp\u00eachement  de  ce  dernier,  par \nl'inspecteur du travail de la 12\u00e8me section ou, en cas d'absence ou  d'emp\u00eachement de ce \ndernier, par l'inspecteur de la 5 \u00e8me section, ou, en cas d'absence ou d'emp\u00eachement de ce  \ndernier, par l'inspecteur du travail de la 11\u00e8me section ou, en cas d'absence ou  d'emp\u00eachement \nde ce dernier, par l'inspecteur de la 6\u00e8me section;\n\u2022 L'int\u00e9rim de l'inspecteur du travail de la 9\u00e8me section est assur\u00e9 par l'inspecteur du travail de la  \n5\u00e8me section ou, en cas d'absence ou d'emp\u00eachement de ce dernier, par l'inspecteur du travail  \nde la 2\u00e8me section ou, en cas d'absence ou d'emp\u00eachement de ce dernier, par l'inspecteur de \nla 3\u00e8me section ou, en cas d'absence ou d'emp\u00eachement de ce dernier par l'inspecteur de la  \n8\u00e8me section, ou, en cas d'absence ou d'emp\u00eachement de ce dernier, par l'inspecteur du travail  \nde la 11\u00e8me section ou, en cas  d'absence ou d'emp\u00eachement de ce dernier, par l'inspecteur du  \ntravail de 6\u00e8me section ou, en cas  d'absence ou d'emp\u00eachement de ce dernier, par l'inspecteur  \ndu travail de la 4\u00e8me section ou, en cas  d'absence ou d'emp\u00eachement de ce dernier, par \nl'inspecteur de la 10\u00e8me section ou, en cas d'absence ou d'emp\u00eachement de ce dernier, par \nl'inspecteur du travail de la 12\u00e9me section ou, en cas d'absence ou d'emp\u00eachement de ce \ndernier par l'inspecteur de la 7\u00e8me section ou, en cas d'absence ou d'emp\u00eachement de ce  \ndernier, par l'inspecteur du travail de la 1\u00e8re section ;\n\u2022 L'int\u00e9rim de l'inspecteur du travail de la 10\u00e8me section est assur\u00e9 par l'inspecteur du travail de la  \n12\u00e8me section ou, en cas d'absence ou d'emp\u00eachement de ce dernier, par l'inspecteur du travail \nde la 08\u00e8me section ou, en cas d'absence ou d'emp\u00eachement de ce dernier, par l'inspecteur du  \ntravail de la 1\u00e8re section ou, en cas d'absence ou d'emp\u00eachement de ce dernier, par l'inspecteur  \ndu  travail  de  la 3\u00e8me  section  ou,  en  cas  d'absence  ou  d'emp\u00eachement  de  ce  dernier,  par \nl'inspecteur du travail de 4\u00e8me  section ou, en cas d'absence ou d'emp\u00eachement de ce dernier,  \npar l'inspecteur du travail de la 5\u00e8me  section ou, en cas d'absence ou d'emp\u00eachement de ce \ndernier, par l'inspecteur de la 9\u00e8me section ou, en cas d'absence ou d'emp\u00eachement de ce  \ndernier, par l'inspecteur du travail de la 6\u00e8me section ou en  cas d'absence ou d'emp\u00eachement  \nde ce dernier par l'inspecteur de la 7\u00e8me section ou, en cas d'absence ou d'emp\u00eachement de ce \ndernier, par l'inspecteur de la 2\u00e8me section ou, en cas d'absence ou d'emp\u00eachement de ce  \ndernier, par l'inspecteur du travail de la 11\u00e8me section;\n\u2022 L'int\u00e9rim de l'inspecteur du travail de la 11\u00e8me section est assur\u00e9 par l'inspecteur du travail de la  \n4\u00e8me section, ou, en cas d'absence ou d'emp\u00eachement de ce dernier, par l'inspecteur du travail  \nde la 12\u00e8me section ou, en cas d'absence ou d'emp\u00eachement de ce dernier, par l'inspecteur du  \ntravail  de  la 2\u00e8me  section  ou,  en  cas  d'absence  ou  d'emp\u00eachement  de  ce  dernier,  par \nl'inspecteur  du  travail  de  la 7 \u00e8me  section  ou,  en  cas  d'absence  ou  d'emp\u00eachement  de  ce \ndernier, par l'inspecteur de la 6\u00e8me section  ou, en cas d'absence ou d'emp\u00eachement de ce  \ndernier, par l'inspecteur du travail de la 9\u00e8me section ou,  en cas d'absence ou d'emp\u00eachement \nde ce dernier, par l'inspecteur du travail de 5 \u00e8me section ou, en cas d'absence ou \nd'emp\u00eachement de ce dernier, par l'inspecteur de la 3 \u00e8me section ou, en cas d'absence ou  \nd'emp\u00eachement  de  ce  dernier,  par  l'inspecteur  du  travail  de  la  1\u00e8me  section  ou  en  cas \nd'absence ou d'emp\u00eachement de ce dernier par l'inspecteur de la 8\u00e8me section ou en cas  \nd'absence ou d'emp\u00eachement de ce dernier par l'inspecteur de la 10\u00e8me section  ;\n\u2022 L'int\u00e9rim de l'inspecteur du travail de la 12\u00e8me section est assur\u00e9 par l'inspecteur du travail de la  \n8\u00e8me section ou, en cas d'absence ou d'emp\u00eachement de ce dernier, par l'inspecteur de la \n6\u00e8me section ou, en cas d'absence ou d'emp\u00eachement de ce dernier, par l'inspecteur de la  \n11\u00e8me section ou, en cas d'absence ou d'emp\u00eachement de ce dernier, par l'inspecteur du travail  \nde la 5\u00e8me section ou, en cas  d'absence ou d'emp\u00eachement de ce dernier, par l'inspecteur du  \ntravail  de  la  3\u00e8me  section  ou,  en  cas d'absence  ou  d'emp\u00eachement  de  ce  dernier,  par \nl'inspecteur du travail de 2\u00e8me section ou en cas  d'absence ou d'emp\u00eachement de ce dernier  \npar l'inspecteur de la 1\u00e8re section, ou, en cas d'absence ou  d'emp\u00eachement de ce dernier, par  \nl'inspecteur  du  travail  de  la  7\u00e8me  section  ou,  en  cas  d'absence  ou d'emp\u00eachement de ce \ndernier, par l'inspecteur de la 9\u00e8me section ou, en cas d'absence ou d'emp\u00eachement de ce  \ndernier, par l'inspecteur du travail de la 10\u00e8me section ou, en cas d'absence ou  d'emp\u00eachement \nde ce dernier, par l'inspecteur du travail de la 4\u00e8me section ;\n8\nDDETS 13 - 13-2025-04-25-00010 - D\u00e9cision portant affectation des agents de contr\u00f4le dans les unit\u00e9s de contr\u00f4le\net organisation des int\u00e9rims, dans la direction d\u00e9partementale de l'emploi, du travail et des solidarit\u00e9s des Bouches-du-Rh\u00f4ne du\n25/04/2025\n27\nUnit\u00e9 de contr\u00f4le n\u00b0 13-02 \u00ab Pays d'Aix \u00bb :\n\u2022 L'int\u00e9rim  de  l'inspecteur  du  travail  de  la  1\u00e8re  section,  incluant  les  \u00e9tablissements  list\u00e9s \npr\u00e9c\u00e9demment en application de l'article R.8122-11 1\u00b0 du Code du travail, pour lesquels les  \npouvoirs de d\u00e9cision administrative relevant de la comp\u00e9tence exclusive d'un inspecteur du  \ntravail sont confi\u00e9s \u00e0 celui-ci , est assur\u00e9, en cas d'absence ou d'emp\u00eachement, par l'inspecteur  \ndu travail de la 6\u00e8me section, en cas d'absence ou d'emp\u00eachement, par l'inspecteur du travail  \nde la 2\u00e8me section ou, en cas d'absence ou d'emp\u00eachement de ce dernier par l'inspecteur du  \ntravail  de  la  9\u00e8me  section,  ou  en  cas  d'absence  ou  d'emp\u00eachement  de  ce  dernier  par \nl'inspecteur du travail de la 8\u00e8me section, ou en cas d'absence ou d'emp\u00eachement de ce dernier  \npar l'inspecteur du travail de la 7\u00e8me section ou en cas d'absence ou d'emp\u00eachement de ce  \ndernier par l'inspecteur du travail de la 3\u00e8me section ou en cas d'absence ou d'emp\u00eachement  \nde  ce  dernier  par  l'inspecteur  du  travail  de  la  5\u00e8me  section  ou  en  cas  d'absence  ou \nd'emp\u00eachement de ce dernier par l'inspecteur du travail de la 4\u00e8me section, en cas d'absence  \nou  d'emp\u00eachement  de  ce  dernier  par  l'inspecteur  du  travail  de  11\u00e8me  section  ou,  en  cas \nd'absence ou d'emp\u00eachement de ce dernier par l'inspecteur du travail de 12\u00e8me section ;\n\u2022 L'int\u00e9rim  de  l'inspecteur  du  travail  de  la  2\u00e8me  section,  incluant  les  \u00e9tablissements  list\u00e9s \npr\u00e9c\u00e9demment en application de l'article R.8122-11 1\u00b0 du Code du travail, pour lesquels les  \npouvoirs de d\u00e9cision administrative relevant de la comp\u00e9tence exclusive d'un inspecteur du  \ntravail sont confi\u00e9s \u00e0 celui-ci, est assur\u00e9, en cas d'absence ou d'emp\u00eachement, par l'inspecteur  \ndu travail de la 1 \u00e8re section, en cas d'absence ou d'emp\u00eachement, par l'inspecteur du travail de  \nla 9\u00e8me section ou, en cas d'absence ou d'emp\u00eachement de ce dernier par l'inspecteur du  \ntravail  de  la  6\u00e8me  section,  ou  en  cas  d'absence  ou  d'emp\u00eachement  de  ce  dernier  par \nl'inspecteur du travail de la 4\u00e8me section, ou en cas d'absence ou d'emp\u00eachement de ce dernier  \npar l'inspecteur du travail de la 11\u00e8me section ou en cas d'absence ou d'emp\u00eachement de ce  \ndernier par l'inspecteur du travail de la 12\u00e8me section ou en cas d'absence ou d'emp\u00eachement  \nde  ce  dernier  par  l'inspecteur  du  travail  de  la  3\u00e8me  section  ou  en  cas  d'absence  ou \nd'emp\u00eachement de ce dernier par l'inspecteur du travail de la 5\u00e8me section, en cas d'absence  \nou  d'emp\u00eachement  de  ce  dernier  par  l'inspecteur  du  travail  de  8\u00e8me  section  ou,  en  cas \nd'absence ou d'emp\u00eachement de ce dernier par l'inspecteur du travail de 7\u00e8me section ;\n\u2022 L'int\u00e9rim  de  l'inspecteur  du  travail  de  la  3\u00e8me  section,  incluant  les  \u00e9tablissements  list\u00e9s \npr\u00e9c\u00e9demment en application de l'article R.8122-11 1\u00b0 du Code du travail, pour lesquels les  \npouvoirs de d\u00e9cision administrative relevant de la comp\u00e9tence exclusive d'un inspecteur du  \ntravail sont confi\u00e9s \u00e0 celui-ci,  est assur\u00e9 par l'inspecteur du travail de la 11\u00e8me section ou, en cas  \nd'absence ou d'emp\u00eachement de ce dernier par l'inspecteur du travail de la 12 \u00e8me section ou,  \nen cas d'absence ou d'emp\u00eachement de ce dernier par l'inspecteur du travail de la 8\u00e8me section \nou en cas d'absence ou d'emp\u00eachement de ce dernier par l'inspecteur du travail de la 9\u00e8me  \nsection ou en cas d'absence ou d'emp\u00eachement de ce dernier par l'inspecteur du travail de la  \n5\u00e8me section ou en cas d'absence ou d'emp\u00eachement de ce dernier par l'inspecteur du travail  \nde la 1\u00e8re section, ou en cas d'absence ou d'emp\u00eachement de ce dernier par l'inspecteur du  \ntravail  de  la  7\u00e8me  section,  ou  en  cas  d'absence  ou  d'emp\u00eachement  de  ce  dernier  par \nl'inspecteur du travail de la 6\u00e8me section, en cas d'absence ou d'emp\u00eachement de ce dernier  \npar l'inspecteur du travail de 4\u00e8me section ou, en cas d'absence ou d'emp\u00eachement de ce  \ndernier par l'inspecteur du travail de 2\u00e8me section ;\n\u2022 L'int\u00e9rim  de  l'inspecteur  du  travail  de  la  4\u00e8me  section,  incluant  les  \u00e9tablissements  list\u00e9s \npr\u00e9c\u00e9demment en application de l'article R.8122-11 1\u00b0 du Code du travail, pour lesquels les  \npouvoirs de d\u00e9cision administrative relevant de la comp\u00e9tence exclusive d'un inspecteur du  \ntravail sont confi\u00e9s \u00e0 celui-ci, est assur\u00e9 par l'inspecteur du travail de la 7\u00e8me section ou en cas  \nd'absence ou d'emp\u00eachement de ce dernier par l'inspecteur du travail de la 5\u00e8me section, ou,  \nen cas d'absence ou d'emp\u00eachement de ce dernier par l'inspecteur du travail de la 11\u00e8me  \nsection, ou, en cas d'absence ou d'emp\u00eachement de ce dernier par l'inspecteur du travail de la  \n2\u00e8me section, ou en cas d'absence ou d'emp\u00eachement de ce dernier par l'inspecteur du travail  \nde 12\u00e8me section, ou en cas d'absence ou d'emp\u00eachement de ce dernier par l'inspecteur du  \ntravail de la 6\u00e8me section ou en cas d'absence ou d'emp\u00eachement de ce dernier par l'inspecteur \ndu  travail  de  la  9\u00e8me  section  ou  en  cas  d'absence  ou  d'emp\u00eachement  de  ce  dernier  par \nl'inspecteur du travail de la 3\u00e8me section ou en cas d'absence ou d'emp\u00eachement de ce dernier  \npar l'inspecteur du travail de la 1\u00e8re section ou, en cas d'absence ou d'emp\u00eachement de ce  \ndernier par l'inspecteur du travail de la 8\u00e8me section ;\n\u2022 L'int\u00e9rim  de  l'inspecteur  du  travail  de  la  5\u00e8me  section,  incluant  les  \u00e9tablissements  list\u00e9s \npr\u00e9c\u00e9demment en application de l'article R.8122-11 1\u00b0 du Code du travail, pour lesquels les  \npouvoirs de d\u00e9cision administrative relevant de la comp\u00e9tence exclusive d'un inspecteur du  \ntravail  sont  confi\u00e9s  \u00e0  celui-ci,  ,  est  assur\u00e9,  pour  ces  d\u00e9cisions,  en  cas  d'absence  ou \n9\nDDETS 13 - 13-2025-04-25-00010 - D\u00e9cision portant affectation des agents de contr\u00f4le dans les unit\u00e9s de contr\u00f4le\net organisation des int\u00e9rims, dans la direction d\u00e9partementale de l'emploi, du travail et des solidarit\u00e9s des Bouches-du-Rh\u00f4ne du\n25/04/2025\n28\nd'emp\u00eachement,  par  l'inspecteur  du  travail  de  la  4\u00e8me  section  ou  en  cas  d'absence  ou \nd'emp\u00eachement  de  ce  dernier  par  l'inspecteur  du  travail  de  la  7\u00e8me  section,  ou  en  cas \nd'absence ou d'emp\u00eachement de ce dernier par l'inspecteur du travail de 3\u00e8me section, ou, en  \ncas d'absence ou d'emp\u00eachement de ce dernier, par l'inspecteur du travail de la 9\u00e8me section  \nou, en cas d'absence ou d'emp\u00eachement de ce dernier par l'inspecteur du travail de la 8\u00e8me  \nsection ou, en cas d'absence ou d'emp\u00eachement de ce dernier par l'inspecteur du travail de la  \n6\u00e8me section ou en cas d'absence ou d'emp\u00eachement de ce dernier par l'inspecteur du travail  \nde la 1\u00e8re\u00e8me section ou en cas d'absence ou d'emp\u00eachement de ce dernier par l'inspecteur du  \ntravail  de  la  12\u00e8me   section  ou  en  cas  d'absence  ou  d'emp\u00eachement  de  ce  dernier  par \nl'inspecteur du travail de la 2\u00e8me section ou, en cas d'absence ou d'emp\u00eachement de ce dernier  \npar l'inspecteur du travail de la 11\u00e8me section;\n\u2022 L'int\u00e9rim de l'inspecteur de la 6\u00e8me section, incluant les \u00e9tablissements list\u00e9s pr\u00e9c\u00e9demment en  \napplication de l'article R.8122-11 1\u00b0 du Code du travail, pour lesquels les pouvoirs de d\u00e9cision  \nadministrative relevant de la comp\u00e9tence exclusive d'un inspecteur du travail sont confi\u00e9s \u00e0  \ncelui-ci, est assur\u00e9 par l'inspecteur de la 9\u00e8me section ou, en cas d'absence ou d'emp\u00eachement  \nde  ce  dernier,  par  l'inspecteur  du  travail  de  la  1\u00e8re  section  ou,  en  cas  d'absence  ou \nd'emp\u00eachement  de  ce  dernier  par  l'inspecteur  du  travail  de  la  2\u00e8me  section,  ou,  en  cas \nd'absence ou d'emp\u00eachement de ce dernier par l'inspecteur du travail de la 12\u00e8me section ou  \nen cas d'absence ou d'emp\u00eachement de ce dernier par l'inspecteur du travail de la 11\u00e8me  \nsection, ou en cas d'absence ou d'emp\u00eachement de ce dernier par l'inspecteur du travail de  \n4\u00e8me section ou en cas d'absence ou d'emp\u00eachement de ce dernier par l'inspecteur du travail  \nde la 7\u00e8me section, ou en cas d'absence ou d'emp\u00eachement de ce dernier par l'inspecteur du  \ntravail de la 8\u00e8me section ou en cas d'absence ou d'emp\u00eachement de ce dernier par l'inspecteur \ndu  travail  de  la  5\u00e8me  section  ou  en  cas  d'absence  ou,  d'emp\u00eachement  de  ce  dernier  par \nl'inspecteur du travail de la 3\u00e8me section;\n\u2022 L'int\u00e9rim  de  l'inspecteur  du  travail  de  la  7\u00e8me  section,  incluant  les  \u00e9tablissements  list\u00e9s \npr\u00e9c\u00e9demment en application de l'article R.8122-11 1\u00b0 du Code du travail, pour lesquels les  \npouvoirs de d\u00e9cision administrative relevant de la comp\u00e9tence exclusive d'un inspecteur du  \ntravail sont confi\u00e9s \u00e0 celui-ci, est assur\u00e9 par l'inspecteur du travail de la 4\u00e8me section ou, en cas  \nd'absence ou d'emp\u00eachement de ce dernier, par l'inspecteur du travail de la 5\u00e8me section ou,  \nen cas d'absence ou d'emp\u00eachement de ce dernier par l'inspecteur du travail de la 1 \u00e8re section  \nou en cas d'absence ou d'emp\u00eachement de ce dernier par l'inspecteur du travail de la 8\u00e8me  \nsection, ou en cas d'absence ou d'emp\u00eachement de ce dernier par l'inspecteur du travail de  \n9\u00e8me section, ou en cas d'absence ou d'emp\u00eachement de ce dernier par l'inspecteur du travail  \nde la 3\u00e8me section ou en cas d'absence ou d'emp\u00eachement de ce dernier par l'inspecteur du  \ntravail  de  la  11\u00e8me  section  ou  en  cas  d'absence  ou  d'emp\u00eachement  de  ce  dernier  par \nl'inspecteur du travail de la 2\u00e8me section ou en cas d'absence ou d'emp\u00eachement de ce dernier  \npar l'inspecteur du travail de la 12\u00e8me section ou en cas d'absence ou, d'emp\u00eachement de ce  \ndernier par l'inspecteur du travail de la 6\u00e8me section ;\n\u2022 L'int\u00e9rim  de  l'inspecteur  du  travail  de  la  8\u00e8me  section,  incluant  les  \u00e9tablissements  list\u00e9s \npr\u00e9c\u00e9demment en application de l'article R.8122-11 1\u00b0 du Code du travail, pour lesquels les  \npouvoirs de d\u00e9cision administrative relevant de la comp\u00e9tence exclusive d'un inspecteur du  \ntravail sont confi\u00e9s \u00e0 celui-ci, est assur\u00e9 par l'inspecteur du travail de la 12\u00e8me section ou en cas  \nd'absence ou d'emp\u00eachement de ce dernier par l'inspecteur du travail de la 11\u00e8me section, ou,  \nen  cas  d'absence  ou  d'emp\u00eachement  de  ce  dernier  par  l'inspecteur  du  travail  de  la  3\u00e8me \nsection. ou, en cas d'absence ou d'emp\u00eachement de ce dernier par l'inspecteur du travail de la  \n7\u00e8me section ou en cas d'absence ou d'emp\u00eachement de ce dernier par l'inspecteur du travail  \nde la 1\u00e8re section ou en cas d'absence ou d'emp\u00eachement de ce dernier par l'inspecteur du  \ntravail  de  la  5\u00e8me  section,  ou  en  cas  d'absence  ou  d'emp\u00eachement  de  ce  dernier  par \nl'inspecteur du travail de 9\u00e8me section, ou en cas d'absence ou d'emp\u00eachement de ce dernier  \npar l'inspecteur du travail de 2\u00e8me section, ou en cas d'absence ou d'emp\u00eachement de ce  \ndernier par l'inspecteur du travail de la 4\u00e8me section, ou en cas d'absence ou, d'emp\u00eachement  \nde ce dernier par l'inspecteur du travail de la 6\u00e8me section;\n\u2022 L'int\u00e9rim  de  l'inspecteur  du  travail  de  la  9\u00e8me  section,  incluant  les  \u00e9tablissements  list\u00e9s \npr\u00e9c\u00e9demment en application de l'article R.8122-11 1\u00b0 du Code du travail, pour lesquels les  \npouvoirs de d\u00e9cision administrative relevant de la comp\u00e9tence exclusive d'un inspecteur du  \ntravail sont confi\u00e9s \u00e0 celui-ci, est assur\u00e9 par l'inspecteur du travail de la 2\u00e8me section ou en cas  \nd'absence ou d'emp\u00eachement de ce dernier par l'inspecteur du travail de la 6\u00e8me section, ou,  \nen cas d'absence ou d'emp\u00eachement de ce dernier par l'inspecteur du travail de la 1 \u00e8re section  \nou, en cas d'absence ou d'emp\u00eachement de ce dernier par l'inspecteur du travail de la 5\u00e8me  \nsection ou en cas d'absence ou d'emp\u00eachement de ce dernier par l'inspecteur du travail de la  \n10\nDDETS 13 - 13-2025-04-25-00010 - D\u00e9cision portant affectation des agents de contr\u00f4le dans les unit\u00e9s de contr\u00f4le\net organisation des int\u00e9rims, dans la direction d\u00e9partementale de l'emploi, du travail et des solidarit\u00e9s des Bouches-du-Rh\u00f4ne du\n25/04/2025\n29\n3\u00e8me section ou en cas d'absence ou d'emp\u00eachement de ce dernier par l'inspecteur du travail  \nde la 7\u00e8me section ou en cas d'absence ou d'emp\u00eachement de ce dernier par l'inspecteur du  \ntravail  de  la  12\u00e8me  section  ou  en  cas  d'absence  ou  d'emp\u00eachement  de  ce  dernier  par \nl'inspecteur du travail de la 8\u00e8me section ou en cas d'absence ou d'emp\u00eachement de ce dernier  \npar l'inspecteur du travail de la 11\u00e8me section ou en cas d'absence ou, d'emp\u00eachement de ce  \ndernier par l'inspecteur du travail de la 4\u00e8me section;\n\u2022 L'int\u00e9rim de l'inspecteur du travail de la 12\u00e9me section, auquel sont confi\u00e9s conform\u00e9ment aux  \ndispositions de l'article R.8122-11 1\u00b0 du Code du travail, les pouvoirs de d\u00e9cision administrative,  \nrelevant de la comp\u00e9tence exclusive d'un inspecteur du travail, pour la 10\u00e8me section n\u00b013-02-\n10,  \u00e0  l'exclusion  des  \u00e9tablissements  list\u00e9s  pr\u00e9c\u00e9demment  et  pour  lesquels  les  pouvoirs  de \nd\u00e9cision administrative relevant de la comp\u00e9tence exclusive d'un inspecteur du travail sont  \nconfi\u00e9s aux inspecteurs des 1\u00e9re, 2\u00e9me,  4\u00e9me, 5\u00e9me, 6\u00e9me, 7\u00e9me, 8\u00e9me, 9\u00e9me, 11\u00e9me et  \n12\u00e8me  sections,  est  assur\u00e9,  pour  ces  d\u00e9cisions,  en  cas  d'absence  ou  d'emp\u00eachement,  par \nl'inspecteur du travail de la 5\u00e8me section ou en cas d'absence ou d'emp\u00eachement de ce dernier  \npar l'inspecteur du travail de la 7\u00e8me section, ou en cas d'absence ou d'emp\u00eachement de ce  \ndernier par l'inspecteur du travail de 4\u00e8me section, ou, en cas d'absence ou d'emp\u00eachement de  \nce  dernier,  par  l'inspecteur  du  travail  de  la  6\u00e8me  section  ou,  en  cas  d'absence  ou \nd'emp\u00eachement  de  ce  dernier  par  l'inspecteur  du  travail  de  la  2\u00e8me  section  ou,  en  cas \nd'absence ou d'emp\u00eachement de ce dernier par l'inspecteur du travail de la 11\u00e8me section ou en \ncas d'absence ou d'emp\u00eachement de ce dernier par l'inspecteur du travail de la 8\u00e8me section  \nou en cas d'absence ou d'emp\u00eachement de ce dernier par l'inspecteur du travail de la 1\u00e8re  \nsection ou en cas d'absence ou d'emp\u00eachement de ce dernier par l'inspecteur du travail de la  \n3\u00e8me section ou, en cas d'absence ou d'emp\u00eachement de ce dernier par l'inspecteur du travail  \nde la 9\u00e8me section ;\n\u2022 L'int\u00e9rim  de  l'inspecteur  du  travail  de  la  11\u00e8me  section,  incluant  les  \u00e9tablissements  list\u00e9s \npr\u00e9c\u00e9demment en application de l'article R.8122-11 1\u00b0 du Code du travail, pour lesquels les  \npouvoirs de d\u00e9cision administrative relevant de la comp\u00e9tence exclusive d'un inspecteur du  \ntravail sont confi\u00e9s \u00e0 celui-ci, est assur\u00e9 par l'inspecteur du travail de la 8\u00e8me section, ou en cas  \nd'absence ou d'emp\u00eachement de ce dernier par l'inspecteur du travail de 3\u00e8me section, ou en  \ncas d'absence ou d'emp\u00eachement de ce dernier, par l'inspecteur du travail de la 12\u00e8me section  \nou, en cas d'absence ou d'emp\u00eachement de ce dernier par l'inspecteur du travail de la 2\u00e8me  \nsection ou en cas d'absence ou d'emp\u00eachement de ce dernier par l'inspecteur du travail de la  \n4\u00e8me section, ou en cas d'absence ou d'emp\u00eachement de ce dernier par l'inspecteur du travail  \nde la 6\u00e8me section ou en cas d'absence ou d'emp\u00eachement de ce dernier par l'inspecteur du  \ntravail de la 5\u00e8me section ou en cas d'absence ou d'emp\u00eachement de ce dernier par l'inspecteur \ndu  travail  de  la  9\u00e8me  section  ou  en  cas  d'absence  ou  d'emp\u00eachement  de  ce  dernier  par \nl'inspecteur du travail de la 7\u00e8me section ou, en cas d'absence ou d'emp\u00eachement de ce dernier  \npar l'inspecteur du travail de la 1\u00e8re section;\n\u2022 L'int\u00e9rim  de  l'inspecteur  du  travail  de  la  12\u00e8me  section,  incluant  les  \u00e9tablissements  list\u00e9s \npr\u00e9c\u00e9demment en application de l'article R.8122-11 1\u00b0 du Code du travail, pour lesquels les  \npouvoirs de d\u00e9cision administrative relevant de la comp\u00e9tence exclusive d'un inspecteur du  \ntravail sont confi\u00e9s \u00e0 celui-ci , est assur\u00e9 par l'inspecteur du travail de la 3\u00e8me section ou en cas  \nd'absence ou d'emp\u00eachement de ce dernier, par l'inspecteur du travail de 8\u00e8me section, ou en  \ncas d'absence ou d'emp\u00eachement de ce dernier par l'inspecteur du travail de 11\u00e8me section, ou  \nen cas d'absence ou d'emp\u00eachement de ce dernier par l'inspecteur du travail de la 6\u00e8me section \nou, en cas d'absence ou d'emp\u00eachement de ce dernier par l'inspecteur du travail de la 4\u00e8me  \nsection ou en cas d'absence ou d'emp\u00eachement de ce dernier par l'inspecteur du travail de la  \n2\u00e8me section ou en cas d'absence ou d'emp\u00eachement de ce dernier par l'inspecteur du travail  \nde la 1\u00e8re section, ou en cas d'absence ou d'emp\u00eachement de ce dernier par l'inspecteur du  \ntravail de la 7\u00e8me section ou en cas d'absence ou d'emp\u00eachement de ce dernier par l'inspecteur \ndu  travail  de  la  9\u00e8me  section  ou  en  cas  d'absence  ou,  d'emp\u00eachement  de  ce  dernier  par \nl'inspecteur du travail de la 5\u00e8me section ;\nUnit\u00e9 de contr\u00f4le n\u00b0 13-03 \u00ab Etoile-Aubagne-Huveaune \u00bb :\n\u2022 L'int\u00e9rim de l'inspecteur du travail de la 1\u00e8re section est assur\u00e9 par l'inspecteur du travail de la  \nde la 3\u00e8me section ou, en cas d'absence ou d'emp\u00eachement de ce dernier, par l'inspecteur du  \ntravail  de  la  8\u00e8me  section  ou,  en  cas  d'absence  ou  d'emp\u00eachement  de  ce  dernier,  par \nl'inspecteur  du  travail  de  la  9\u00e8me  section  ou,  en  cas  d'absence  ou  d'emp\u00eachement  de  ce \ndernier, par l'inspecteur du travail de la 10\u00e8me section ou, en cas d'absence ou d'emp\u00eachement  \nde  ce  dernier,  par  l'inspecteur  du  travail  de  la  2\u00e8me  section  ou,  en  cas  d'absence  ou \n11\nDDETS 13 - 13-2025-04-25-00010 - D\u00e9cision portant affectation des agents de contr\u00f4le dans les unit\u00e9s de contr\u00f4le\net organisation des int\u00e9rims, dans la direction d\u00e9partementale de l'emploi, du travail et des solidarit\u00e9s des Bouches-du-Rh\u00f4ne du\n25/04/2025\n30\nd'emp\u00eachement  de  ce  dernier,  par  l'inspecteur  du  travail  de  la  4\u00e8me  section  ou,  en  cas \nd'absence ou d'emp\u00eachement de ce dernier, par l'inspecteur du travail de la 5\u00e8me section ou,  \nen cas d'absence ou d'emp\u00eachement de ce dernier, par l'inspecteur du travail de la 6\u00e8me  \nsection ou, en cas d'absence ou d'emp\u00eachement de ce dernier, par l'inspecteur du travail de la  \n7\u00e8me section;\n\u2022 L'int\u00e9rim de l'inspecteur du travail de la 2\u00e8me section est assur\u00e9 par l'inspecteur du travail de la  \n5\u00e8me section ou, en cas d'absence ou d'emp\u00eachement de ce dernier, par l'inspecteur du travail  \nde la 10\u00e8me section ou, en cas d'absence ou d'emp\u00eachement de ce dernier, par l'inspecteur du  \ntravail  de  la  7\u00e8me  section  ou,  en  cas  d'absence  ou  d'emp\u00eachement  de  ce  dernier,  par \nl'inspecteur  du  travail  de  la  8\u00e8me  section  ou,  en  cas  d'absence  ou  d'emp\u00eachement  de  ce \ndernier, par l'inspecteur du travail de la 9\u00e8me section ou, en cas d'absence ou d'emp\u00eachement  \nde  ce  dernier,  par  l'inspecteur  du  travail  de  la  6\u00e8me  section  ou,  en  cas  d'absence  ou \nd'emp\u00eachement de ce dernier, par l'inspecteur du travail de la 1\u00e8re section ou, en cas d'absence  \nou d'emp\u00eachement de ce dernier, par l'inspecteur du travail de la 3\u00e8me section ou, en cas  \nd'absence ou d'emp\u00eachement de ce dernier, par l'inspecteur du travail de la 4\u00e8me section ;\n\u2022 L'int\u00e9rim de l'inspecteur du travail de la 3\u00e8me section est assur\u00e9 par l'inspecteur du travail de la  \n4\u00e8me section ou, en cas d'absence ou d'emp\u00eachement de ce dernier, par l'inspecteur du travail  \nde la 5\u00e8me section ou, en cas d'absence ou d'emp\u00eachement de ce dernier, par l'inspecteur du  \ntravail  de  la  8\u00e8me  section  ou,  en  cas  d'absence  ou  d'emp\u00eachement  de  ce  dernier,  par \nl'inspecteur  du  travail  de  la  6\u00e8me  section  ou,  en  cas  d'absence  ou  d'emp\u00eachement  de  ce \ndernier, par l'inspecteur du travail de la 7\u00e8me section ou, en cas d'absence ou d'emp\u00eachement  \nde  ce  dernier,  par  l'inspecteur  du  travail  de  la  9\u00e8me  section  ou,  en  cas  d'absence  ou \nd'emp\u00eachement  de  ce  dernier,  par  l'inspecteur  du  travail  de  la  10\u00e8me  section  ou,  en  cas \nd'absence ou d'emp\u00eachement de ce dernier, par l'inspecteur du travail de la 1\u00e8re section ou, en  \ncas d'absence ou d'emp\u00eachement de ce dernier, par l'inspecteur du travail de la 2\u00e8me section ;\n\u2022 L'int\u00e9rim de l'inspecteur du travail de la 4\u00e8me section est assur\u00e9 par l'inspecteur du travail de la  \n8\u00e8me section ou, en cas d'absence ou d'emp\u00eachement de ce dernier, par l'inspecteur du travail  \nde la 3\u00e8me section ou, en cas d'absence ou d'emp\u00eachement de ce dernier, par l'inspecteur du  \ntravail  de  la  5\u00e8me  section  ou,  en  cas  d'absence  ou  d'emp\u00eachement  de  ce  dernier,  par \nl'inspecteur  du  travail  de  la  6\u00e8me  section  ou,  en  cas  d'absence  ou  d'emp\u00eachement  de  ce \ndernier, par l'inspecteur du travail de la 7\u00e8me section ou, en cas d'absence ou d'emp\u00eachement  \nde  ce  dernier,  par  l'inspecteur  du  travail  de  la  9\u00e8me  section  ou,  en  cas  d'absence  ou \nd'emp\u00eachement  de  ce  dernier,  par  l'inspecteur  du  travail  de  la  10\u00e8me  section  ou,  en  cas \nd'absence ou d'emp\u00eachement de ce dernier, par, l'inspecteur du travail de la 1\u00e8re section ou, en  \ncas d'absence ou d'emp\u00eachement de ce dernier, par l'inspecteur du travail de la 2\u00e8me section ;\n\u2022 L'int\u00e9rim de l'inspecteur du travail de la 5\u00e8me section est assur\u00e9 par l'inspecteur du travail de la  \n6\u00e8me section ou, en cas d'absence ou d'emp\u00eachement de ce dernier, par l'inspecteur du travail  \nde la 4\u00e8me section ou, en cas d'absence ou d'emp\u00eachement de ce dernier, par l'inspecteur du  \ntravail  de  la  3\u00e8me  section  ou,  en  cas  d'absence  ou  d'emp\u00eachement  de  ce  dernier,  par \nl'inspecteur  du  travail  de  la  2\u00e8me  section  ou,  en  cas  d'absence  ou  d'emp\u00eachement  de  ce \ndernier, par l'inspecteur du travail de la 7\u00e8me section ou, en cas d'absence ou d'emp\u00eachement  \nde  ce  dernier,  par  l'inspecteur  du  travail  de  la  8\u00e8me  section  ou,  en  cas  d'absence  ou \nd'emp\u00eachement  de  ce  dernier,  par  l'inspecteur  du  travail  de  la  9\u00e8me  section  ou,  en  cas \nd'absence ou d'emp\u00eachement de ce dernier, par l'inspecteur du travail de la 10\u00e8me section ou,  \nen  cas  d'absence  ou  d'emp\u00eachement  de  ce  dernier,  par  l'inspecteur  du  travail  de  la  1\u00e8re \nsection ;\n\u2022 L'int\u00e9rim de l'inspecteur du travail de la 6\u00e8me section est assur\u00e9 par l'inspecteur du travail de la  \n7\u00e8me section ou, en cas d'absence ou d'emp\u00eachement de ce dernier, par l'inspecteur du travail  \nde la 3\u00e8me section ou, en cas d'absence ou d'emp\u00eachement de ce dernier, par l'inspecteur du  \ntravail  de  la  4\u00e8me  section  ou,  en  cas  d'absence  ou  d'emp\u00eachement  de  ce  dernier,  par \nl'inspecteur  du  travail  de  la  5\u00e8me  section  ou,  en  cas  d'absence  ou  d'emp\u00eachement  de  ce \ndernier, par l'inspecteur du travail de la 10\u00e8me section ou, en cas d'absence ou d'emp\u00eachement  \nde  ce  dernier,  par  l'inspecteur  du  travail  de  la  1\u00e8re  section  ou,  en  cas  d'absence  ou \nd'emp\u00eachement  de  ce  dernier,  par  l'inspecteur  du  travail  de  la  2\u00e8me  section  ou,  en  cas \nd'absence ou d'emp\u00eachement de ce dernier, par l'inspecteur du travail de la 8\u00e8me section ou,  \nen cas d'absence ou d'emp\u00eachement de ce dernier, par l'inspecteur du travail de la 9\u00e8me  \n12\nDDETS 13 - 13-2025-04-25-00010 - D\u00e9cision portant affectation des agents de contr\u00f4le dans les unit\u00e9s de contr\u00f4le\net organisation des int\u00e9rims, dans la direction d\u00e9partementale de l'emploi, du travail et des solidarit\u00e9s des Bouches-du-Rh\u00f4ne du\n25/04/2025\n31\nsection ;\n\u2022 L'int\u00e9rim de l'inspecteur du travail de la 7\u00e8me section est assur\u00e9 par l'inspecteur du travail de la  \nde la 6\u00e8me section ou, en cas d'absence ou d'emp\u00eachement de ce dernier, par l'inspecteur du  \ntravail  de  la  8\u00e8me  section  ou,  en  cas  d'absence  ou  d'emp\u00eachement  de  ce  dernier,  par \nl'inspecteur  du  travail  de  la  9\u00e8me  section  ou,  en  cas  d'absence  ou  d'emp\u00eachement  de  ce \ndernier, par l'inspecteur du travail de la 10\u00e8me section ou, en cas d'absence ou d'emp\u00eachement  \nde  ce  dernier,  par  l'inspecteur  du  travail  de  la  1\u00e8re  section  ou,  en  cas  d'absence  ou \nd'emp\u00eachement  de  ce  dernier,  par  l'inspecteur  du  travail  de  la  2\u00e8me  section  ou,  en  cas \nd'absence ou d'emp\u00eachement de ce dernier, par l'inspecteur du travail de la 3\u00e8me section ou,  \nen cas d'absence ou d'emp\u00eachement de ce dernier, par l'inspecteur du travail de la 4\u00e8me  \nsection ou, en cas d'absence ou d'emp\u00eachement de ce dernier, par l'inspecteur du travail de la  \n5\u00e8me section;\n\u2022 L'int\u00e9rim de l'inspecteur du travail de la 8\u00e8me section est par l'inspecteur du travail de la 7\u00e8me  \nsection ou, en cas d'absence ou d'emp\u00eachement de ce dernier, par l'inspecteur du travail de la  \n4\u00e8me section ou, en cas d'absence ou d'emp\u00eachement de ce dernier, par l'inspecteur du travail  \nde la 10\u00e8me section ou, en cas d'absence ou d'emp\u00eachement de ce dernier, par l'inspecteur du  \ntravail de la 1\u00e8re section ou, en cas d'absence ou d'emp\u00eachement de ce dernier, par l'inspecteur  \ndu travail de la 2\u00e8me section ou, en cas d'absence ou d'emp\u00eachement de ce dernier, par  \nl'inspecteur  du  travail  de  la  3\u00e8me  section  ou,  en  cas  d'absence  ou  d'emp\u00eachement  de  ce \ndernier, par l'inspecteur du travail de la 5\u00e8me section ou, en cas d'absence ou d'emp\u00eachement  \nde  ce  dernier,  par  l'inspecteur  du  travail  de  la  6\u00e8me  section  ou,  en  cas  d'absence  ou \nd'emp\u00eachement de ce dernier, par l'inspecteur du travail de la 9\u00e8me section ;\n\u2022 L'int\u00e9rim de l'inspecteur du travail de la 9\u00e8me section est assur\u00e9 par l'inspecteur du travail de la  \n10\u00e8me section ou, en cas d'absence ou d'emp\u00eachement de ce dernier par l'inspecteur du travail  \nde la 1\u00e8re section ou, en cas d'absence ou d'emp\u00eachement de ce dernier, par l'inspecteur du  \ntravail  de  la  2\u00e8me  section  ou,  en  cas  d'absence  ou  d'emp\u00eachement  de  ce  dernier,  par \nl'inspecteur  du  travail  de  la  3\u00e8me  section  ou,  en  cas  d'absence  ou  d'emp\u00eachement  de  ce \ndernier, par l'inspecteur du travail de la 4\u00e8me section ou, en cas d'absence ou d'emp\u00eachement  \nde  ce  dernier,  par  l'inspecteur  du  travail  de  la  5\u00e8me  section  ou,  en  cas  d'absence  ou \nd'emp\u00eachement  de  ce  dernier,  par  l'inspecteur  du  travail  de  la  6\u00e8me  section  ou,  en  cas \nd'absence ou d'emp\u00eachement de ce dernier, par l'inspecteur du travail de la 7\u00e8me section ou,  \nen cas d'absence ou d'emp\u00eachement de ce dernier, par l'inspecteur du travail de la 8\u00e8me  \nsection\n\u2022 L'int\u00e9rim de l'inspecteur du travail de la 10\u00e8me section est assur\u00e9 par l'inspecteur du travail de la \n1\u00e8re section ou, en cas d'absence ou d'emp\u00eachement de ce dernier, par l'inspecteur du travail  \nde la 9\u00e8me section ou, en cas d'absence ou d'emp\u00eachement de ce dernier, par l'inspecteur du  \ntravail  de  la  8\u00e8me  section  ou,  en  cas  d'absence  ou  d'emp\u00eachement  de  ce  dernier,  par \nl'inspecteur  du  travail  de  la  2\u00e8me  section  ou,  en  cas  d'absence  ou  d'emp\u00eachement  de  ce \ndernier, par l'inspecteur du travail de la 3\u00e8me section ou, en cas d'absence ou d'emp\u00eachement  \nde  ce  dernier,  par  l'inspecteur  du  travail  de  la  4\u00e8me  section  ou,  en  cas  d'absence  ou \nd'emp\u00eachement  de  ce  dernier,  par  l'inspecteur  du  travail  de  la  5\u00e8me  section  ou,  en  cas \nd'absence ou d'emp\u00eachement de ce dernier, par l'inspecteur du travail de la 6\u00e8me section ou,  \nen cas d'absence ou d'emp\u00eachement de ce dernier, par l'inspecteur du travail de la 7\u00e8me  \nsection ;\nUnit\u00e9 de contr\u00f4le n\u00b0 13-04 \u00ab Marseille Centre \u00bb :\n\u2022 L'int\u00e9rim de l'inspecteur du travail de la 1\u00e8re section, est assur\u00e9, par l'inspecteur du travail de la  \n7\u00e8me section ou, en cas d'absence ou d'emp\u00eachement de ce dernier par l'inspecteur du travail  \nde la 2\u00e8me section ou, en cas d'absence ou d'emp\u00eachement de ce dernier par l'inspecteur du  \ntravail  de  la  4\u00e8me  section  ou,  en  cas  d'absence  ou  d'emp\u00eachement  de  ce  dernier,  par \nl'inspecteur  du  travail  de  la  3\u00e8me  section  ou,  en  cas  d'absence  ou  d'emp\u00eachement  de  ce \ndernier,  par  l'inspecteur  du  travail  de  la  de  la  10\u00e8me  section  ou,  en  cas  d'absence  ou \nd'emp\u00eachement  de  ce  dernier  par  l'inspecteur  du  travail  de  la  5\u00e8me  section  ou,  en  cas \nd'absence ou d'emp\u00eachement de ce dernier, par l'inspecteur du travail de la 8\u00e8me section ou,  \nen cas d'absence ou d'emp\u00eachement de ce dernier, par l'inspecteur du travail de la 9\u00e8me  \nsection ou, en cas d'absence ou d'emp\u00eachement de ce dernier, par l'inspecteur du travail de la  \n6\u00e8me section ;\n13\nDDETS 13 - 13-2025-04-25-00010 - D\u00e9cision portant affectation des agents de contr\u00f4le dans les unit\u00e9s de contr\u00f4le\net organisation des int\u00e9rims, dans la direction d\u00e9partementale de l'emploi, du travail et des solidarit\u00e9s des Bouches-du-Rh\u00f4ne du\n25/04/2025\n32\n\u2022 L'int\u00e9rim de l'inspecteur du travail de la 2\u00e8me section, est assur\u00e9, par l'inspecteur du travail de la \n4\u00e8me section ou, en cas d'absence ou d'emp\u00eachement de ce dernier, par l'inspecteur du travail  \nde la 1\u00e8re section ou, en cas d'absence ou d'emp\u00eachement de ce dernier, par l'inspecteur du  \ntravail  de  la  5\u00e8me  section  ou,  en  cas  d'absence  ou  d'emp\u00eachement  de  ce  dernier,  par \nl'inspecteur  du  travail  de  la  7\u00e8me  section  ou,  en  cas  d'absence  ou  d'emp\u00eachement  de  ce \ndernier, par l'inspecteur du travail de la 6\u00e8me section ou, en cas d'absence ou d'emp\u00eachement  \nde  ce  dernier,  par  l'inspecteur  du  travail  de  la  8\u00e8me  section  ou,  en  cas  d'absence  ou \nd'emp\u00eachement  de  ce  dernier,  par  l'inspecteur  du  travail  de  la  9\u00e8me  section  ou,  en  cas \nd'absence ou d'emp\u00eachement de ce dernier, par l'inspecteur du travail de la 10\u00e8me section ou,  \nen cas d'absence ou d'emp\u00eachement de ce dernier, par l'inspecteur du travail de la 3\u00e8me  \nsection ;\n\u2022 L'int\u00e9rim de l'inspecteur du travail de la 3\u00e8me section, est assur\u00e9 par l'inspecteur du travail de la  \n6\u00e8me section ou, en cas d'absence ou d'emp\u00eachement de ce dernier, par l'inspecteur du travail  \nde la 4\u00e8me section ou, en cas d'absence ou d'emp\u00eachement de ce dernier, par l'inspecteur du  \ntravail  de  la  8\u00e8me  section  ou,  en  cas  d'absence  ou  d'emp\u00eachement  de  ce  dernier,  par \nl'inspecteur  du  travail  de  la  5\u00e8me  section  ou,  en  cas  d'absence  ou  d'emp\u00eachement  de  ce \ndernier, par l'inspecteur du travail de la 1\u00e8re section ou, en cas d'absence ou d'emp\u00eachement de \nce  dernier,  par  l'inspecteur  du  travail  de  la  7\u00e8me  section  ou,  en  cas  d'absence  ou \nd'emp\u00eachement  de  ce  dernier,  par  l'inspecteur  du  travail  de  la  2\u00e8me  section  ou,  en  cas \nd'absence ou d'emp\u00eachement de ce dernier, par l'inspecteur du travail de la 9\u00e8me section ou,  \nen cas d'absence ou d'emp\u00eachement de ce dernier, par l'inspecteur du travail de la 10\u00e8me  \nsection ;\n\u2022 L'int\u00e9rim de l'inspecteur du travail de la 4\u00e8me section, est assur\u00e9 par l'inspecteur du travail de la  \n2\u00e8me section ou en cas d'absence ou d'emp\u00eachement de ce dernier, par l'inspecteur du travail  \nde la 7\u00e8me section ou, en cas d'absence ou d'emp\u00eachement de ce dernier, par l'inspecteur du  \ntravail  de  la  6\u00e8me  section  ou,  en  cas  d'absence  ou  d'emp\u00eachement  de  ce  dernier,  par \nl'inspecteur  du  travail  de  la  9\u00e8me  section  ou,  en  cas  d'absence  ou  d'emp\u00eachement  de  ce \ndernier, par l'inspecteur du travail de la 8\u00e8me section ou, en cas d'absence ou d'emp\u00eachement  \nde  ce  dernier,  par  l'inspecteur  du  travail  de  la  1\u00e8re  section  ou,  en  cas  d'absence  ou \nd'emp\u00eachement  de  ce  dernier,  par  l'inspecteur  du  travail  de  la  10\u00e8me  section  ou,  en  cas \nd'absence ou d'emp\u00eachement de ce dernier, par l'inspecteur du travail de la 3\u00e8me section ou,  \nen cas d'absence ou d'emp\u00eachement de ce dernier, par l'inspecteur du travail de la 5\u00e8me  \nsection;\n\u2022 L'int\u00e9rim de l'inspecteur du travail de la 5\u00e8me section est assur\u00e9 par l'inspecteur du travail de la  \n8\u00e8me section ou, en cas d'absence ou d'emp\u00eachement de ce dernier, par l'inspecteur du travail  \nde la 3\u00e8me section ou, en cas d'absence ou d'emp\u00eachement de ce dernier, par l'inspecteur du  \ntravail  de  la  7\u00e8me  section  ou,  en  cas  d'absence  ou  d'emp\u00eachement  de  ce  dernier,  par \nl'inspecteur  du  travail  de  la  9\u00e8me  section  ou,  en  cas  d'absence  ou  d'emp\u00eachement  de  ce \ndernier, par l'inspecteur du travail de la 10\u00e8me section ou, en cas d'absence ou d'emp\u00eachement  \nde  ce  dernier,  par  l'inspecteur  du  travail  de  la  6\u00e8me  section  ou,  en  cas  d'absence  ou \nd'emp\u00eachement  de  ce  dernier,  par  l'inspecteur  du  travail  de  la  2\u00e8me  section  ou,  en  cas \nd'absence ou d'emp\u00eachement de ce dernier, par l'inspecteur du travail de la 4\u00e8me section ou,  \nen cas d'absence ou d'emp\u00eachement de ce dernier, par l'inspecteur du travail de la 1\u00e8re section;\n\u2022 L'int\u00e9rim de l'inspecteur du travail de la 6\u00e8me section est assur\u00e9 par l'inspecteur du travail de la  \n3\u00e8me section ou, en cas d'absence ou d'emp\u00eachement de ce dernier, par l'inspecteur du travail  \nde la 5\u00e8me section ou, en cas d'absence ou d'emp\u00eachement de ce dernier, par l'inspecteur du  \ntravail de la 1\u00e8re section ou, en cas d'absence ou d'emp\u00eachement de ce dernier, par l'inspecteur  \ndu  travail  de  la  8\u00e8me  section  ou,  en  cas  d'absence  ou  d'emp\u00eachement  de  ce  dernier,  par \nl'inspecteur  du  travail  de  la  9\u00e8me  section  ou,  en  cas  d'absence  ou  d'emp\u00eachement  de  ce \ndernier, par l'inspecteur du travail de la 10\u00e8me section ou, en cas d'absence ou d'emp\u00eachement  \nde  ce  dernier,  par  l'inspecteur  du  travail  de  la  2\u00e8me  section  ou,  en  cas  d'absence  ou \nd'emp\u00eachement  de  ce  dernier,  par  l'inspecteur  du  travail  de  la  4\u00e8me  section  ou,  en  cas \nd'absence ou d'emp\u00eachement de ce dernier, par l'inspecteur du travail de la 7\u00e8me section ;\n\u2022 L'int\u00e9rim de l'inspecteur du travail de la 7\u00e8me section, est assur\u00e9 par l'inspecteur du travail de la  \n1\u00e8re section ou, en cas d'absence ou d'emp\u00eachement de ce dernier, par l'inspecteur du travail  \nde la 9\u00e8me section ou, en cas d'absence ou d'emp\u00eachement de ce dernier, par l'inspecteur du  \ntravail  de  la  10\u00e8me  section  ou,  en  cas  d'absence  ou  d'emp\u00eachement  de  ce  dernier,  par \nl'inspecteur  du  travail  de  la  8\u00e8me  section  ou,  en  cas  d'absence  ou  d'emp\u00eachement  de  ce \ndernier, par l'inspecteur du travail de la 2\u00e8me section ou, en cas d'absence ou d'emp\u00eachement  \nde  ce  dernier,  par  l'inspecteur  du  travail  de  la  4\u00e8me  section  ou,  en  cas  d'absence  ou \nd'emp\u00eachement  de  ce  dernier,  par  l'inspecteur  du  travail  de  la  3\u00e8me  section  ou,  en  cas \n14\nDDETS 13 - 13-2025-04-25-00010 - D\u00e9cision portant affectation des agents de contr\u00f4le dans les unit\u00e9s de contr\u00f4le\net organisation des int\u00e9rims, dans la direction d\u00e9partementale de l'emploi, du travail et des solidarit\u00e9s des Bouches-du-Rh\u00f4ne du\n25/04/2025\n33\nd'absence ou d'emp\u00eachement de ce dernier, par l'inspecteur du travail de la 5\u00e8me section ou,  \nen cas d'absence ou d'emp\u00eachement de ce dernier, par l'inspecteur du travail de la 6\u00e8me  \nsection ;\n\u2022 L'int\u00e9rim de l'inspecteur du travail de la 8\u00e8me section, est assur\u00e9 par l'inspecteur du travail de la  \n5\u00e8me section ou, en cas d'absence ou d'emp\u00eachement de ce dernier, par l'inspecteur du travail  \nde la 10\u00e8me section ou, en cas d'absence ou d'emp\u00eachement de ce dernier, par l'inspecteur du  \ntravail  de  la  6\u00e8me  section  ou,  en  cas  d'absence  ou  d'emp\u00eachement  de  ce  dernier,  par \nl'inspecteur  du  travail  de  la  2\u00e8me  section  ou,  en  cas  d'absence  ou  d'emp\u00eachement  de  ce \ndernier, par l'inspecteur du travail de la 4\u00e8me section ou, en cas d'absence ou d'emp\u00eachement  \nde  ce  dernier,  par  l'inspecteur  du  travail  de  la  3\u00e8me  section  ou,  en  cas  d'absence  ou \nd'emp\u00eachement  de  ce  dernier,  par  l'inspecteur  du  travail  de  la  7\u00e8me  section  ou,  en  cas \nd'absence ou d'emp\u00eachement de ce dernier, par l'inspecteur du travail de la 1\u00e8re section ou, en  \ncas d'absence ou d'emp\u00eachement de ce dernier, par l'inspecteur du travail de la 9\u00e8me section ;\n\u2022 L'int\u00e9rim de l'inspecteur du travail de la 9\u00e8me section, est assur\u00e9 par l'inspecteur du travail de la  \n10\u00e8me section ou, en cas d'absence ou d'emp\u00eachement de ce dernier, par l'inspecteur du travail \nde la 2\u00e8me section ou, en cas d'absence ou d'emp\u00eachement de ce dernier, par l'inspecteur du  \ntravail  de  la  3\u00e8me  section  ou,  en  cas  d'absence  ou  d'emp\u00eachement  de  ce  dernier,  par \nl'inspecteur du travail de la 1\u00e8re section ou, en cas d'absence ou d'emp\u00eachement de ce dernier,  \npar l'inspecteur du travail de la \u00e8me section ou, en cas d'absence ou d'emp\u00eachement de ce  \ndernier, par l'inspecteur du travail de la 5\u00e8me section ou, en cas d'absence ou d'emp\u00eachement  \nde  ce  dernier,  par  l'inspecteur  du  travail  de  la  6\u00e8me  section  ou,  en  cas  d'absence  ou \nd'emp\u00eachement  de  ce  dernier,  par  l'inspecteur  du  travail  de  la  7\u00e8me  section  ou,  en  cas \nd'absence ou d'emp\u00eachement de ce dernier, par l'inspecteur du travail de la 8\u00e8me section ;\n\u2022 L'int\u00e9rim de l'inspecteur du travail de la 10\u00e8me section, est assur\u00e9, par l'inspecteur du travail de  \nla 9\u00e8me section ou, en cas d'absence ou d'emp\u00eachement de ce dernier, par l'inspecteur du  \ntravail  de  la  6\u00e8me  section  ou,  en  cas  d'absence  ou  d'emp\u00eachement  de  ce  dernier,  par \nl'inspecteur  du  travail  de  la  4\u00e8me  section  ou,  en  cas  d'absence  ou  d'emp\u00eachement  de  ce \ndernier, par l'inspecteur du travail de la 3\u00e8me section ou, en cas d'absence ou d'emp\u00eachement  \nde  ce  dernier,  par  l'inspecteur  du  travail  de  la  5\u00e8me  section  ou,  en  cas  d'absence  ou \nd'emp\u00eachement  de  ce  dernier,  par  l'inspecteur  du  travail  de  la  7\u00e8me  section  ou,  en  cas \nd'absence ou d'emp\u00eachement de ce dernier, par l'inspecteur du travail de la 1\u00e8re section , ou,  \nen cas d'absence ou d'emp\u00eachement de ce dernier, par l'inspecteur du travail de la 8\u00e8me  \nsection ou, en cas d'absence ou d'emp\u00eachement de ce dernier, par l'inspecteur du travail de la  \n2\u00e8me section ;\nUnit\u00e9 de contr\u00f4le n\u00b0 13-05 \u00ab Le Port - Euromed \u00bb :\n\u2022 L'int\u00e9rim de l'inspecteur du travail de la 1\u00e8re section est assur\u00e9 par l'inspecteur du travail de la  \n7\u00e8me section ou, en cas d'absence ou d'emp\u00eachement de ce dernier, par l'inspecteur du travail  \nde la 2\u00e8me section ou, en cas d'absence ou d'emp\u00eachement de ce dernier, par l'inspecteur du  \ntravail  de  la  5i\u00e8me  section  ou,  en  cas  d'absence  ou  d'emp\u00eachement  de  ce  dernier,  par \nl'inspecteur  du  travail  de  la  3\u00e8me  section  ou,  en  cas  d'absence  ou  d'emp\u00eachement  de  ce \ndernier, par l'inspecteur du travail de la 6\u00e8me section ou, en cas d'absence ou d'emp\u00eachement  \nde  ce  dernier,  par  l'inspecteur  du  travail  de  la  8\u00e8me  section  ou,  en  cas  d'absence  ou \nd'emp\u00eachement  de  ce  dernier,  par  l'inspecteur  du  travail  de  la  9\u00e8me  section  ou,  en  cas \nd'absence ou d'emp\u00eachement de ce dernier, par l'inspecteur du travail de la 10me section ou,  \nen cas d'absence ou d'emp\u00eachement de ce dernier, par l'inspecteur du travail de la section  \n11\u00e8me section ou, en cas d'absence ou d'emp\u00eachement de ce dernier, par l'inspecteur du travail  \nde la 4\u00e8me section ;\n\u2022 L'int\u00e9rim de l'inspecteur du travail de la 2\u00e8me section est assur\u00e9 par l'inspecteur du travail de la  \nde la 1\u00e8re section ou, en cas d'absence ou d'emp\u00eachement de ce dernier, par l'inspecteur du  \ntravail  de  la  7\u00e8me  section  ou,  en  cas  d'absence  ou  d'emp\u00eachement  de  ce  dernier,  par \nl'inspecteur  du  travail  de  la  3\u00e8me  section  ou,  en  cas  d'absence  ou  d'emp\u00eachement  de  ce \ndernier, par l'inspecteur du travail de la 5\u00e8me section ou, en cas d'absence ou d'emp\u00eachement  \nde  ce  dernier,  par  l'inspecteur  du  travail  de  la  6\u00e8me  section  ou,  en  cas  d'absence  ou \nd'emp\u00eachement  de  ce  dernier,  par  l'inspecteur  du  travail  de  la  9\u00e8me  section  ou,  en  cas \nd'absence ou d'emp\u00eachement de ce dernier, par l'inspecteur du travail de la 8\u00e8me section ou,  \nen cas d'absence ou d'emp\u00eachement de ce dernier, par l'inspecteur du travail de la 11\u00e8me  \nsection ou, en cas d'absence ou d'emp\u00eachement de ce dernier, par l'inspecteur du travail de la  \n10\u00e8me section ou, en cas d'absence ou d'emp\u00eachement de ce dernier, par l'inspecteur du travail \nde la 4\u00e8me section ;\n15\nDDETS 13 - 13-2025-04-25-00010 - D\u00e9cision portant affectation des agents de contr\u00f4le dans les unit\u00e9s de contr\u00f4le\net organisation des int\u00e9rims, dans la direction d\u00e9partementale de l'emploi, du travail et des solidarit\u00e9s des Bouches-du-Rh\u00f4ne du\n25/04/2025\n34\n\u2022 L'int\u00e9rim de l'inspecteur du travail de la 3\u00e8me section est assur\u00e9 par l'inspecteur du travail de la  \n6\u00e8me section ou, en cas d'absence ou d'emp\u00eachement de ce dernier, par l'inspecteur du travail  \nde la 8\u00e8me section ou, en cas d'absence ou d'emp\u00eachement de ce dernier, par l'inspecteur du  \ntravail de la 1\u00e8re section ou, en cas d'absence ou d'emp\u00eachement de ce dernier, par l'inspecteur  \ndu  travail  de  la  2\u00e8me  section  ou,  en  cas  d'absence  ou  d'emp\u00eachement  de  ce  dernier,  par \nl'inspecteur  du  travail  de  la  9\u00e8me  section  ou,  en  cas  d'absence  ou  d'emp\u00eachement  de  ce \ndernier, par l'inspecteur du travail de la 10\u00e8me section ou, en cas d'absence ou d'emp\u00eachement  \nde  ce  dernier,  par  l'inspecteur  du  travail  de  la  11\u00e8me  section  ou,  en  cas  d'absence  ou \nd'emp\u00eachement  de  ce  dernier,  par  l'inspecteur  du  travail  de  la  7\u00e8me  section  ou,  en  cas \nd'absence ou d'emp\u00eachement de ce dernier, par l'inspecteur du travail de la 5\u00e8me section ou,  \nen cas d'absence ou d'emp\u00eachement de ce dernier, par l'inspecteur du travail de la 4\u00e8me  \nsection ;\n\u2022 L'int\u00e9rim de l'inspecteur du travail de la 4\u00e8me section est assur\u00e9 par l'inspecteur du travail de la  \n5\u00e8me section ou, en cas d'absence ou d'emp\u00eachement de ce dernier, par l'inspecteur du travail  \nde la 6\u00e8me section ou, en cas d'absence ou d'emp\u00eachement de ce dernier, par l'inspecteur du  \ntravail  de  la  7i\u00e8me  section  ou,  en  cas  d'absence  ou  d'emp\u00eachement  de  ce  dernier,  par \nl'inspecteur  du  travail  de  la  8\u00e8me  section  ou,  en  cas  d'absence  ou  d'emp\u00eachement  de  ce \ndernier, par l'inspecteur du travail de la 3\u00e8me section ou, en cas d'absence ou d'emp\u00eachement  \nde  ce  dernier,  par  l'inspecteur  du  travail  de  la  2\u00e8me  section  ou,  en  cas  d'absence  ou \nd'emp\u00eachement  de  ce  dernier,  par  l'inspecteur  du  travail  de  la  1i\u00e8re  section  ou,  en  cas \nd'absence ou d'emp\u00eachement de ce dernier, par l'inspecteur du travail de la 9\u00e8me section ou,  \nen cas d'absence ou d'emp\u00eachement de ce dernier, par l'inspecteur du travail de la 11\u00e8me  \nsection ou, en cas d'absence ou d'emp\u00eachement de ce dernier, par l'inspecteur du travail de la  \n10\u00e8me section ;\n\u2022 L'int\u00e9rim de l'inspecteur du travail de la 5\u00e8me section est assur\u00e9 par l'inspecteur du travail de la  \n3\u00e8me section ou, en cas d'absence ou d'emp\u00eachement de ce dernier, par l'inspecteur du travail  \nde la 7\u00e8me section ou, en cas d'absence ou d'emp\u00eachement de ce dernier, par l'inspecteur du  \ntravail  de  la  8i\u00e8me  section  ou,  en  cas  d'absence  ou  d'emp\u00eachement  de  ce  dernier,  par \nl'inspecteur  du  travail  de  la  6\u00e8me  section  ou,  en  cas  d'absence  ou  d'emp\u00eachement  de  ce \ndernier, par l'inspecteur du travail de la 10\u00e8me section ou, en cas d'absence ou d'emp\u00eachement  \nde  ce  dernier,  par  l'inspecteur  du  travail  de  la  11\u00e8me  section  ou,  en  cas  d'absence  ou \nd'emp\u00eachement  de  ce  dernier,  par  l'inspecteur  du  travail  de  la  2\u00e8me  section  ou,  en  cas \nd'absence ou d'emp\u00eachement de ce dernier, par l'inspecteur du travail de la 9\u00e8me section ou,  \nen  cas  d'absence  ou  d'emp\u00eachement  de  ce  dernier,  par  l'inspecteur  du  travail  de  la  1\u00e8me \nsection ou en cas d'absence ou d'emp\u00eachement de ce dernier, par l'inspecteur du travail de la  \n4\u00e8me section ;\n\u2022 L'int\u00e9rim de l'inspecteur du travail de la 6\u00e8me section est assur\u00e9 par l'inspecteur du travail de la  \n10\u00e8me section ou , en cas d'absence ou d'emp\u00eachement de ce dernier, par l'inspecteur du  \ntravail  de  la  11\u00e8me  section  ou,  en  cas  d'absence  ou  d'emp\u00eachement  de  ce  dernier,  par \nl'inspecteur du travail de la 9\u00e8me section ou, en cas d'absence ou d'emp\u00eachement de ce dernier  \npar l'inspecteur du travail de la 7\u00e8me section ou, en cas d'absence ou d'emp\u00eachement de ce  \ndernier, par l'inspecteur du travail de la 8\u00e8me section ou, en cas d'absence ou d'emp\u00eachement  \nde  ce  dernier,  par  l'inspecteur  du  travail  de  la  1\u00e8re  section  ou,  en  cas  d'absence  ou \nd'emp\u00eachement  de  ce  dernier,  par  l'inspecteur  du  travail  de  la  3\u00e8me  section  ou,  en  cas \nd'absence ou d'emp\u00eachement de ce dernier, par l'inspecteur du travail de la 2 \u00e8me section ou,  \nen cas d'absence ou d'emp\u00eachement de ce dernier, par l'inspecteur du travail de la 5 \u00e8me  \nsection, ou , en cas d'absence ou d'emp\u00eachement de ce dernier, par l'inspecteur du travail de la  \n4\u00e8me section ;\n\u2022 L'int\u00e9rim de l'inspecteur du travail de la 7\u00e8me section est assur\u00e9 par l'inspecteur du travail de la  \n8\u00e8me section ou, en cas d'absence ou d'emp\u00eachement de ce dernier, par l'inspecteur du travail  \nde la 10\u00e8me section ou, en cas d'absence ou d'emp\u00eachement de ce dernier, par l'inspecteur du  \ntravail  de  la  11\u00e8me  section  ou,  en  cas  d'absence  ou  d'emp\u00eachement  de  ce  dernier,  par \nl'inspecteur  du  travail  de  la  3\u00e8me  section  ou,  en  cas  d'absence  ou  d'emp\u00eachement  de  ce \ndernier, par l'inspecteur du travail de la 2\u00e8me section ou, en cas d'absence ou d'emp\u00eachement  \nde  ce  dernier,  par  l'inspecteur  du  travail  de  la  5\u00e8me  section  ou,  en  cas  d'absence  ou \nd'emp\u00eachement  de  ce  dernier,  par  l'inspecteur  du  travail  de  la  6\u00e8me  section  ou,  en  cas \nd'absence ou d'emp\u00eachement de ce dernier, par l'inspecteur du travail de la 1i\u00e8re   section ou,  \nen cas d'absence ou d'emp\u00eachement de ce dernier, par l'inspecteur du travail de la 9\u00e8me  \nsection ou, en cas d'absence ou d'emp\u00eachement de ce dernier, par l'inspecteur du travail de la  \n4\u00e8me section ;\n\u2022 L'int\u00e9rim de l'inspecteur du travail de la 8\u00e8me section est assur\u00e9 par l'inspecteur du travail de la  \n16\nDDETS 13 - 13-2025-04-25-00010 - D\u00e9cision portant affectation des agents de contr\u00f4le dans les unit\u00e9s de contr\u00f4le\net organisation des int\u00e9rims, dans la direction d\u00e9partementale de l'emploi, du travail et des solidarit\u00e9s des Bouches-du-Rh\u00f4ne du\n25/04/2025\n35\n7i\u00e8me section ou, en cas d'absence ou d'emp\u00eachement de ce dernier, par l'inspecteur du travail  \nde la 3i\u00e8me section ou, en cas d'absence ou d'emp\u00eachement de ce dernier, par l'inspecteur du  \ntravail  de  la  2\u00e8me  section  ou,  en  cas  d'absence  ou  d'emp\u00eachement  de  ce  dernier,  par \nl'inspecteur du travail de la 10i\u00e8me section ou, en cas d'absence ou d'emp\u00eachement de ce  \ndernier, par l'inspecteur du travail de la 11i\u00e8me section ou, en cas d'absence ou d'emp\u00eachement  \nde  ce  dernier,  par  l'inspecteur  du  travail  de  la  1i\u00e8re  section  ou,  en  cas  d'absence  ou \nd'emp\u00eachement  de  ce  dernier,  par  l'inspecteur  du  travail  de  la  5i\u00e8me  section  ou,  en  cas \nd'absence ou d'emp\u00eachement de ce dernier, par l'inspecteur du travail de la 9\u00e8me section ou,  \nen cas d'absence ou d'emp\u00eachement de ce dernier, par l'inspecteur du travail de la 6\u00e8me  \nsection, ou, en cas d'absence ou d'emp\u00eachement de ce dernier, par l'inspecteur du travail de la  \n4\u00e8me section ;\n\u2022 L'int\u00e9rim de l'inspecteur du travail de la 9\u00e8me section est assur\u00e9 par l'inspecteur du travail de la  \n2i\u00e8me section ou, en cas d'absence ou d'emp\u00eachement de ce dernier, par l'inspecteur du travail  \nde la 6\u00e8me section ou, en cas d'absence ou d'emp\u00eachement de ce dernier, par l'inspecteur du  \ntravail  de  la  7\u00e8me  section  ou  en  cas  d'absence  ou  d'emp\u00eachement  de  ce  dernier,  par \nl'inspecteur du travail de la 1i\u00e8re section ou, en cas d'absence ou d'emp\u00eachement de ce dernier,  \npar l'inspecteur du travail de la 3i\u00e8me section ou, en cas d'absence ou d'emp\u00eachement de ce  \ndernier, par l'inspecteur du travail de la 8\u00e8me section ou, en cas d'absence ou d'emp\u00eachement  \nde  ce  dernier,  par  l'inspecteur  du  travail  de  la  10\u00e8me  section  ou,  en  cas  d'absence  ou \nd'emp\u00eachement  de  ce  dernier,  par  l'inspecteur  du  travail  de  la  11i\u00e8me  section  ou,  en  cas \nd'absence ou d'emp\u00eachement de ce dernier , par l'inspecteur du travail de la 5\u00e8me section ou,  \nen cas d'absence ou d'emp\u00eachement de ce dernier, par l'inspecteur du travail de la 4\u00e8me  \nsection ;\n\u2022 L'int\u00e9rim de l'inspecteur du travail de la 10\u00e8me section est assur\u00e9, par l'inspecteur du travail de  \nla 11\u00e8me section ou, en cas d'absence ou d'emp\u00eachement de ce dernier, par l'inspecteur du  \ntravail  de  la  1i\u00e8re  section  ou,  en  cas  d'absence  ou  d'emp\u00eachement  de  ce  dernier,  par \nl'inspecteur  du  travail  de  la  6\u00e8me  section  ou,  en  cas  d'absence  ou  d'emp\u00eachement  de  ce \ndernier, par l'inspecteur du travail de la 2\u00e8me section ou, en cas d'absence ou d'emp\u00eachement  \nde  ce  dernier,  par  l'inspecteur  du  travail  de  la  9\u00e8me  section  ou,  en  cas  d'absence  ou \nd'emp\u00eachement  de  ce  dernier,  par  l'inspecteur  du  travail  de  la  7\u00e8me  section  ou,  en  cas \nd'absence ou d'emp\u00eachement de ce dernier, par l'inspecteur du travail de la 3\u00e8me section ou,  \nen cas d'absence ou d'emp\u00eachement de ce dernier, par l'inspecteur du travail de la 5\u00e8me  \nsection ou, en cas d'absence ou d'emp\u00eachement de ce dernier, par l'inspecteur du travail de la  \n8i\u00e8me section ou, en cas d'absence ou d'emp\u00eachement de ce dernier, par l'inspecteur du travail  \nde la 4\u00e8me section ;\n\u2022 L'int\u00e9rim de l'inspecteur du travail de la 11\u00e8me section est assur\u00e9 par l'inspecteur du travail de la  \n10\u00e8me section ou, en cas d'absence ou d'emp\u00eachement de ce dernier, par l'inspecteur du travail \nde la 1\u00e8me section ou, en cas d'absence ou d'emp\u00eachement de ce dernier, par l'inspecteur du  \ntravail  de  la  2\u00e8me  section  ou,  en  cas  d'absence  ou  d'emp\u00eachement  de  ce  dernier,  par \nl'inspecteur  du  travail  de  la  3\u00e8me  section  ou,  en  cas  d'absence  ou  d'emp\u00eachement  de  ce \ndernier, par l'inspecteur du travail de la 5\u00e8me section ou, en cas d'absence ou d'emp\u00eachement  \nde  ce  dernier,  par  l'inspecteur  du  travail  de  la  6\u00e8me  section  ou,  en  cas  d'absence  ou \nd'emp\u00eachement  de  ce  dernier,  par  l'inspecteur  du  travail  de  la  7\u00e8me  section  ou,  en  cas \nd'absence ou d'emp\u00eachement de ce dernier, par l'inspecteur du travail de la 8\u00e8me section ou,  \nen cas d'absence ou d'emp\u00eachement de ce dernier, par l'inspecteur du travail de la 9\u00e8me  \nsection ou, en cas d'absence ou d'emp\u00eachement de ce dernier, par l'inspecteur du travail de la  \n4\u00e8me section.\nUnit\u00e9 de contr\u00f4le n\u00b0 13-06 \u00ab Etang de Berre \u00bb :\n\u2022 L'int\u00e9rim de l'inspecteur du travail de la 1\u00e8re section est assur\u00e9 par l'inspecteur de la 3ieme  \nsection ou, en cas d'absence ou d'emp\u00eachement de ce dernier, par l'inspecteur du travail de la  \n2\u00e8me section ou, en cas d'absence ou d'emp\u00eachement de ce dernier, par l'inspecteur du travail  \nde la 11\u00e8me section ou, en cas d'absence ou d'emp\u00eachement de ce dernier, par l'inspecteur du  \ntravail  de  la  10\u00e8me  section  ou,  en  cas  d'absence  ou  d'emp\u00eachement  de  ce  dernier,  par \nl'inspecteur de la 9\u00e8me section ou, en cas d'emp\u00eachement de ce dernier,  par l'inspecteur du  \ntravail  de  la  8\u00e8me  section  ou,  en  cas  d'absence  ou  d'emp\u00eachement  de  ce  dernier,  par \nl'inspecteur du travail de la 7\u00e8me section ou en cas d'absence ou d'emp\u00eachement de ce dernier  \npar l'inspecteur du travail de la 6\u00e8me section, ou en cas d'absence ou d'emp\u00eachement de ce  \ndernier, par l'inspecteur du travail de la 5\u00e8me section ou en cas d'absence ou d'emp\u00eachement  \nde ce dernier, par l'inspecteur du travail de la 4\u00e8me section ;\n17\nDDETS 13 - 13-2025-04-25-00010 - D\u00e9cision portant affectation des agents de contr\u00f4le dans les unit\u00e9s de contr\u00f4le\net organisation des int\u00e9rims, dans la direction d\u00e9partementale de l'emploi, du travail et des solidarit\u00e9s des Bouches-du-Rh\u00f4ne du\n25/04/2025\n36\n\u2022 L'int\u00e9rim de l'inspecteur du travail de la 2\u00e8me section est assur\u00e9 par l'inspecteur du travail de la  \n1\u00e8me section ou, en cas d'absence ou d'emp\u00eachement de ce dernier, par l'inspecteur de la 1\u00e8re  \nsection ou, en cas d'absence ou d'emp\u00eachement de ce dernier, par l'inspecteur du travail de la  \n3\u00e8me section ou , en cas d'absence ou d'emp\u00eachement de ce dernier par l'inspecteur du travail  \nde la 10\u00e8me section ou, en cas d'absence ou d'emp\u00eachement de ce dernier, par l'inspecteur du  \ntravail  de  la  9\u00e8me  section  ou,  en  cas  d'absence  ou  d'emp\u00eachement  de  ce  dernier  par \nl'inspecteur  du  travail  de  la  8\u00e8me  section  ou,  en  cas  d'absence  ou  d'emp\u00eachement  de  ce \ndernier, par l'inspecteur du travail de la 7\u00e8me section, ou, en cas d'absence ou d'emp\u00eachement  \nde  ce  dernier,  par  l'inspecteur  du  travail  de  la  6\u00e8me  section  ou  en  cas  d'absence  ou \nd'emp\u00eachement  de  ce  dernier,  par  l'inspecteur  du  travail  de  la  5\u00e8me  section  ou,  en  cas \nd'absence ou d'emp\u00eachement de ce dernier, par l'inspecteur du travail de la 4\u00e8me section ou,  \nen cas d'absence ou d'emp\u00eachement de ce dernier, par l'inspecteur du travail de la 11\u00e8me  \nsection ;\n\u2022 L'int\u00e9rim de l'inspecteur du travail de la 3\u00e8me section est assur\u00e9 par l'inspecteur du travail de la  \n5\u00e8me section ou, en cas d'absence ou d'emp\u00eachement de ce dernier, par l'inspecteur du travail  \nde la 1\u00e8me section, ou en cas d'absence ou d'emp\u00eachement de ce dernier par l'inspecteur du  \ntravail de la 6\u00e8me section ou en cas d'absence ou d'emp\u00eachement de ce dernier par l'inspecteur \ndu  travail  de  la  8\u00e8me  section  ou  en  cas  d'absence  ou  d'emp\u00eachement  de  ce  dernier  par \nl'inspecteur du travail de la 7\u00e8me section ou en cas d'absence ou d'emp\u00eachement de ce dernier,  \npar l'inspecteur de la 9\u00e8me section ou, en cas d'absence ou d'emp\u00eachement de ce dernier, par  \nl'inspecteur de la 5\u00e8me section ou, en cas d'absence ou d'emp\u00eachement de ce dernier,  par  \nl'inspecteur du travail de la 4\u00e8me section ou, en cas d'absence ou d'emp\u00eachement de ce dernier  \npar l'inspecteur du travail de la 11\u00e8me section ou, en cas d'absence ou d'emp\u00eachement de ce  \ndernier, par l'inspecteur du travail de la 10\u00e8me section ;\n\u2022 L'int\u00e9rim de l'inspecteur du travail de la 4\u00e8me section est assur\u00e9 par l'inspecteur du travail de la  \n5\u00e8me section ou , en cas d'absence ou d'emp\u00eachement de ce dernier, par l'inspecteur du travail  \nde la 6\u00e8me section ou, en cas d'absence ou d'emp\u00eachement de ce dernier, par l'inspecteur de la  \n9\u00e8me section ou, en cas d'absence ou d'emp\u00eachement de ce dernier , par l'inspecteur du travail  \nde la 7\u00e8me section ou en cas d'absence ou d'emp\u00eachement de ce dernier par l'inspecteur de la  \n3\u00e8me section ou, en cas d'absence ou d'emp\u00eachement de ce dernier, par l'inspecteur du travail  \nde la 2\u00e8me section ou, en cas d'absence ou d'emp\u00eachement de ce dernier par l'inspecteur du  \ntravail de la 1 \u00e8re section ou, en cas d'absence ou d'emp\u00eachement de ce dernier par l'inspecteur  \ndu travail de la 11\u00e8me section ou en cas d'absence ou d'emp\u00eachement de ce dernier, par  \nl'inspecteur du travail de la 10\u00e8me section ou, en cas d'absence ou d'emp\u00eachement de ce  \ndernier, par l'inspecteur du travail de la 8\u00e8me section;\n\u2022 L'int\u00e9rim de l'inspecteur du travail de la 5\u00e8me section est assur\u00e9 par l'inspecteur du travail de la  \n6\u00e8me section ou, en cas d'absence ou d'emp\u00eachement de ce dernier par l'inspecteur du travail  \nde la 4\u00e8me section ou, en cas d'absence ou d'emp\u00eachement de ce dernier, par l'inspecteur du  \ntravail  de  la  7\u00e8me  section  ou,  en  cas  d'absence  ou  d'emp\u00eachement  de  ce  dernier,  par \nl'inspecteur  du  travail  de  la  3\u00e8me  section  ou,  en  cas  d'absence  ou  d'emp\u00eachement  de  ce \ndernier, par l'inspecteur du travail de la 2\u00e8me section ou, en cas d'absence ou d'emp\u00eachement  \nde  ce  dernier,  par  l'inspecteur  du  travail  de  la  1\u00e8re  section  ou,  en  cas  d'absence  ou \nd'emp\u00eachement  de  ce  dernier,  par  l'inspecteur  du  travail  de  la  11\u00e8me  section  ou,  en  cas \nd'absence ou d'emp\u00eachement de ce dernier, par l'inspecteur du travail de la 10\u00e8me section ou,  \nen cas d'absence ou d'emp\u00eachement de ce dernier, par l'inspecteur du travail de la 9\u00e8me  \nsection ou en cas d'absence ou d'emp\u00eachement de ce dernier, par l'inspecteur du travail de la  \n8\u00e8me section;\n\u2022 L'int\u00e9rim de l'inspecteur du travail de la 6\u00e8me section est assur\u00e9 par l'inspecteur du travail de la  \n4\u00e8me section ou, en cas d'absence ou d'emp\u00eachement de ce dernier, par l'inspecteur du travail  \nde la 5\u00e8me section ou, en cas d'absence ou d'emp\u00eachement de ce dernier, par l'inspecteur du  \ntravail  de  la  3\u00e8me  section  ou,  en  cas  d'absence  ou  d'emp\u00eachement  de  ce  dernier,  par \nl'inspecteur du travail de la 2\u00e8me section ou en cas d'absence ou d'emp\u00eachement de ce dernier  \npar l'inspecteur du travail de la 1\u00e8re section ou, en cas d'absence ou d'emp\u00eachement de ce  \ndernier, par l'inspecteur du travail de la 11\u00e8me section ou, en cas d'absence ou d'emp\u00eachement  \nde  ce  dernier  par  l'inspecteur  du  travail  de  la  10\u00e8me  section  ou,  en  cas  d'absence  ou \nd'emp\u00eachement  de  ce  dernier,  par  l'inspecteur  du  travail  de  la  9\u00e8me  section  ou,  en  cas \nd'absence ou d'emp\u00eachement de ce dernier, par l'inspecteur du travail de la 8\u00e8me section ou,  \nen cas d'absence ou d'emp\u00eachement de ce dernier, par l'inspecteur du travail de la 7\u00e8me  \nsection ;\n\u2022 L'int\u00e9rim  de  l'inspecteur  du  travail  de  la  7\u00e8me  section  est  assur\u00e9,  en  cas  d'absence  ou \nd'emp\u00eachement de ce dernier, par l'inspecteur du travail de la 8\u00e8me section, en cas d'absence  \n18\nDDETS 13 - 13-2025-04-25-00010 - D\u00e9cision portant affectation des agents de contr\u00f4le dans les unit\u00e9s de contr\u00f4le\net organisation des int\u00e9rims, dans la direction d\u00e9partementale de l'emploi, du travail et des solidarit\u00e9s des Bouches-du-Rh\u00f4ne du\n25/04/2025\n37\nou d'emp\u00eachement de ce dernier, par l'inspecteur du travail de la 9\u00e8me section ou en cas  \nd'absence ou d'emp\u00eachement de ce dernier, par l'inspecteur du travail de la 4\u00e8me section ou en \ncas d'absence ou d'emp\u00eachement de ce dernier, par l'inspecteur du travail de la 1\u00e8re section ou,  \nen cas d'absence ou d'emp\u00eachement de ce dernier, par l'inspecteur du travail de la 11\u00e8me  \nsection ou, en cas d'absence ou d'emp\u00eachement de ce dernier par l'inspecteur du travail de la  \n10\u00e8me section ou, en cas d'absence ou d'emp\u00eachement de ce dernier par l'inspecteur du travail  \nde la 6\u00e8me section ou en cas d'absence ou d'emp\u00eachement de ce dernier, par l'inspecteur du  \ntravail  de  la  2\u00e8me  section  ou  en  cas  d'absence  ou  d'emp\u00eachement  de  ce  dernier,  par \nl'inspecteur  du  travail  de  la  5\u00e8me  section  ou,  en  cas  d'absence  ou  d'emp\u00eachement  de  ce \ndernier,  par l'inspecteur du travail de la 3\u00e8me section ;\n\u2022 L'int\u00e9rim de l'inspecteur du travail de la 8\u00e8me section est assur\u00e9 par l'inspecteur du travail de la  \n9\u00e8me section ou, en d'absence ou d'emp\u00eachement de ce dernier, , par l'inspecteur du travail de  \nla 7\u00e8me section ou, en cas d'absence ou d'emp\u00eachement de ce dernier, par l'inspecteur du  \ntravail  de  la  5\u00e8me  section  ou,  en  cas  d'absence  ou  d'emp\u00eachement  de  ce  dernier,  par \nl'inspecteur du travail de la 11\u00e8me section, ou, en cas d'absence ou d'emp\u00eachement de ce  \ndernier par l'inspecteur du travail de la 10\u00e8me section, ou, en cas d'absence ou d'emp\u00eachement  \nde  ce  dernier,  par  l'inspecteur  du  travail  de  la  6\u00e8me  section  ou,  en  cas  d'absence  ou \nd'emp\u00eachement  de  ce  dernier,  par  l'inspecteur  du  travail  de  la  2\u00e8me  section  ou,  en  cas \nd'absence ou d'emp\u00eachement de ce dernier, par l'inspecteur du travail de la 4\u00e8me section ou en \ncas d'absence ou d'emp\u00eachement de ce dernier, , par l'inspecteur du travail de la 1\u00e8me section ;\n\u2022 L'int\u00e9rim de l'inspecteur du travail de la 9\u00e8me section est assur\u00e9 par l'inspecteur du travail de la  \n1\u00e8re section, ou, en cas d'absence ou d'emp\u00eachement de ce dernier, par l'inspecteur du travail  \nde la 8\u00e8me section ou, en cas d'absence ou d'emp\u00eachement de ce dernier, par l'inspecteur du  \ntravail  de  la  2\u00e8me  section  ou,  en  cas  d'absence  ou  d'emp\u00eachement  de  ce  dernier,  par \nl'inspecteur  du  travail  de  la  5\u00e8me  section  ou,  en  cas  d'absence  ou  d'emp\u00eachement,  par \nl'inspecteur du travail de la 6\u00e8me section ou, en cas d'absence ou d'emp\u00eachement de ce dernier  \npar l'inspecteur du travail de la 4\u00e8me section ou, en cas d'absence ou d'emp\u00eachement de ce  \ndernier par l'inspecteur du travail de la 7\u00e8me section ou, en cas d'absence ou d'emp\u00eachement  \nde  ce  dernier  par  l'inspecteur  du  travail  de  la  3\u00e8me  section  ou,  en  cas  d'absence  ou \nd'emp\u00eachement  de  ce  dernier,  par  l'inspecteur  du  travail  de  la  11\u00e8me  section,  ou,  en  cas \nd'absence ou d'emp\u00eachement de ce dernier, par l'inspecteur du travail de la 10\u00e8me section ;\n\u2022 L'int\u00e9rim de l'inspecteur du travail de la 10\u00e8me section est assur\u00e9 par l'inspecteur du travail de la  \n11\u00e8me section ou, en cas d'absence ou d'emp\u00eachement de ce dernier, par l'inspecteur du travail  \nde la 8 \u00e8re section ou, en cas d'absence ou d'emp\u00eachement de ce dernier,, , par l'inspecteur du  \ntravail de la 4\u00e8me section ou, en cas d'absence ou d'emp\u00eachement de ce dernier, ou, en cas  \nd'absence ou d'emp\u00eachement de ce dernier , par l'inspecteur du travail de la 7\u00e8me section ou,  \nen cas d'absence ou d'emp\u00eachement de ce dernier, par l'inspecteur du travail de la 6\u00e8me  \nsection ou, en cas d'absence ou d'emp\u00eachement de ce dernier, par l'inspecteur du travail de la  \n2\u00e8me section ou, en cas d'absence ou d'emp\u00eachement de ce dernier, par l'inspecteur du travail  \nde la 1re section ou, en cas d'absence ou d'emp\u00eachement de ce dernier  par l'inspecteur du  \ntravail de la 5\u00e8me section\n\u2022 L'int\u00e9rim de l'inspecteur du travail de la 11\u00e8me section est assur\u00e9 par l'inspecteur du travail de la  \n10\u00e8me section ou, ou en cas d'absence ou d'emp\u00eachement de ce dernier, par l'inspecteur du  \ntravail  de  la  1\u00e8re  section  ou,  en  cas  d'absence  ou  d'emp\u00eachement   de  ce  dernier,  par \nl'inspecteur  du  travail  de  la  8\u00e8me  section,  ou  en  cas  d'absence  ou  d'emp\u00eachement  de  ce \ndernier, par l'inspecteur du travail de la 7\u00e8me section ou en cas d'absence ou d'emp\u00eachement  \nde  ce  dernier,  par  l'inspecteur  du  travail  de  la  9\u00e8me  section  ou,  en  cas  d'absence  ou \nd'emp\u00eachement  de  ce  dernier,  par  l'inspecteur  du  travail  de  la  3\u00e8me  section  ou,  en  cas \nd'absence  ou  d'emp\u00eachement   par  l'inspecteur  du  travail  de  la  4\u00e8me  section,  ou,  en  cas \nd'absence ou d'emp\u00eachement de ce dernier par l'inspecteur du travail de la 6\u00e8me section ou, en \ncas d'absence ou d'emp\u00eachement de ce dernier, par l'inspecteur du travail de la 2\u00e8me section  \nou, en cas d'absence ou d'emp\u00eachement de ce dernier, par l'inspecteur du travail de la 5\u00e8me  \nsection ;\nArticle 5 :\nLa pr\u00e9sente d\u00e9cision abroge et remplace, \u00e0 compter de sa date de publication au Recueil des Actes  \nAdministratifs, et au plus t\u00f4t \u00e0 la date du 05 mai 2025, toutes les d\u00e9cisions prises pr\u00e9c\u00e9demment  dans \nce domaine.\n19\nDDETS 13 - 13-2025-04-25-00010 - D\u00e9cision portant affectation des agents de contr\u00f4le dans les unit\u00e9s de contr\u00f4le\net organisation des int\u00e9rims, dans la direction d\u00e9partementale de l'emploi, du travail et des solidarit\u00e9s des Bouches-du-Rh\u00f4ne du\n25/04/2025\n38\nArticle 6 :\nLe Directeur r\u00e9gional de l'\u00e9conomie, de l'emploi, du travail et des solidarit\u00e9s de la r\u00e9gion Provence-  \nAlpes-C\u00f4te d'Azur et la directrice d\u00e9partementale de l'emploi, du travail et des solidarit\u00e9s des \nBouches-du-Rh\u00f4ne sont charg\u00e9s de l'application de la pr\u00e9sente d\u00e9cision qui sera publi\u00e9e au recueil des  \nactes administratifs de la Pr\u00e9fecture du d\u00e9partement des Bouches-du-Rh\u00f4ne.\nFait \u00e0 Marseille, le 25 avril 2025\nLe Directeur r\u00e9gional de l'\u00e9conomie, de \nl'emploi, du travail et des solidarit\u00e9s de la \nr\u00e9gion Provence-Alpes-C\u00f4te d'Azur,\nSIGNE\nS\u00e9bastien DEBEAUMONT\n20\nDDETS 13 - 13-2025-04-25-00010 - D\u00e9cision portant affectation des agents de contr\u00f4le dans les unit\u00e9s de contr\u00f4le\net organisation des int\u00e9rims, dans la direction d\u00e9partementale de l'emploi, du travail et des solidarit\u00e9s des Bouches-du-Rh\u00f4ne du\n25/04/2025\n39\nDDETS 13\n13-2025-04-28-00023\nR\u00e9c\u00e9piss\u00e9 de d\u00e9claration au titre des Services \u00e0\nla Personne au b\u00e9n\u00e9fice de  Madame ZIMA Julie\nen qualit\u00e9 d'entrepreneur individuel, situ\u00e9 112\nRue De l'Eissero - 13140 MIRAMAS\nDDETS 13 - 13-2025-04-28-00023 - R\u00e9c\u00e9piss\u00e9 de d\u00e9claration au titre des Services \u00e0 la Personne au b\u00e9n\u00e9fice de  Madame ZIMA Julie en\nqualit\u00e9 d'entrepreneur individuel, situ\u00e9 112 Rue De l'Eissero - 13140 MIRAMAS 40\nEnPREFETDES BOUCHES-DU-RHONELibert\u00e9Egalit\u00e9Fraternit\u00e9\n \nDirection D\u00e9partementale\nde l'Emploi, du Travail\n et des Solidarit\u00e9s\ndes Bouches du Rh\u00f4ne\nP\u00f4le \u00c9conomie Emploi Entreprises\nD\u00e9partement Insertion Professionnelle\n      R\u00e9c\u00e9piss\u00e9 de d\u00e9claration n\u00b0 \u2026\u2026\u2026\u2026..\n                   d'un organisme de services \u00e0 la personne\n                      enregistr\u00e9 sous le N\u00b0  SAP943267054 \nVu  le  code  du  travail  et  notamment les articles  L.7231-1  \u00e0  L.7233-2,  R.7232-16  \u00e0 \nR.7232-22, D.7231-1 et D.7233-1 \u00e0 D.7233-5,\nLe pr\u00e9fet de la R\u00e9gion Provence-Alpes-C\u00f4te d'Azur  Pr\u00e9fet de la Zone de D\u00e9fense et \nde S\u00e9curit\u00e9 Sud,  Pr\u00e9fet des Bouches-du-Rh\u00f4ne,\nCONSTATE\nQu'une d\u00e9claration d'activit\u00e9s de Services \u00e0 la Personne a \u00e9t\u00e9 d\u00e9pos\u00e9e aupr\u00e8s de la  \nDirection D\u00e9partementale de l'Emploi, du Travail et des Solidarit\u00e9s des Bouches-du-\nRh\u00f4ne le, 14 avril 2025 par Madame ZIMA Julie en qualit\u00e9 d'entrepreneur individuel,  \nsitu\u00e9 112 Rue De l'Eissero - 13140 MIRAMAS et enregistr\u00e9 sous le N\u00b0 SAP943267054  \npour les activit\u00e9s suivantes en mode prestataire :\n  \u2022   Garde d'enfants de plus de 3 ans \u00e0 domicile \n  \u2022   Accompagnement des enfants de plus de 3 ans dans leurs d\u00e9placements \n  \u2022   Entretien de la maison et travaux m\u00e9nagers \n  \u2022   Petits travaux de jardinage \n  \u2022   Travaux de petit bricolage\n  \u2022   Pr\u00e9paration de repas \u00e0 domicile\n  \u2022   Livraison de courses \u00e0 domicile\n  \u2022   Maintenance, entretien et vigilance temporaires \u00e0 domicile \n  \u2022   Conduite du v\u00e9hicule des personnes en cas d'invalidit\u00e9 temporaire \n  \u2022   Accompagnement des personnes pr\u00e9sentant une invalidit\u00e9 temporaire \n  \u2022   Assistance aux personnes ayant besoin d'une aide temporaire \u00e0 leur domicile \n \nToute  modification  concernant  les  activit\u00e9s  exerc\u00e9es  devra  faire  l'objet  d'une  \nd\u00e9claration modificative pr\u00e9alable.\nSous r\u00e9serve d'\u00eatre exerc\u00e9es \u00e0 titre exclusif au profit de particuliers, \u00e0 leur domicile  \n(ou sous r\u00e9serve d'une comptabilit\u00e9 s\u00e9par\u00e9e pour les personnes morales dispens\u00e9es  \nde cette condition), ces activit\u00e9s ouvrent droit au b\u00e9n\u00e9fice des dispositions des  \nDDETS 13 - 13-2025-04-28-00023 - R\u00e9c\u00e9piss\u00e9 de d\u00e9claration au titre des Services \u00e0 la Personne au b\u00e9n\u00e9fice de  Madame ZIMA Julie en\nqualit\u00e9 d'entrepreneur individuel, situ\u00e9 112 Rue De l'Eissero - 13140 MIRAMAS 41\narticles L.7233-2 du code du travail et L.241-10 du code de la s\u00e9curit\u00e9 sociale dans les  \nconditions pr\u00e9vues par ces articles.\nLes effets de la d\u00e9claration courent \u00e0 compter du jour du d\u00e9p\u00f4t de la d\u00e9claration  \nsous r\u00e9serve des dispositions de  l'article R.7232-18 du code du travail.\nEn application  des articles L.7232-1 et R.7232-1 \u00e0 R.7232-15, les activit\u00e9s n\u00e9cessitant  \nun  agr\u00e9ment  (I  de  l'article  D.7231-1  du  code  du  travail)  n'ouvrent  droit  \u00e0  ces \ndispositions  que  si  la  structure  a  pr\u00e9alablement  obtenu  l'agr\u00e9ment  ou  le  \nrenouvellement  de  cet  agr\u00e9ment  dans  le  ou  les  d\u00e9partements  d'exercice  de  ses \nactivit\u00e9s.\nDe m\u00eame, en application de l'article D.312-6-2 du code de l'action sociale et des  \nfamilles, les activit\u00e9s n\u00e9cessitant une autorisation n'ouvrent droit \u00e0 ces dispositions  \nque si l'organisme a pr\u00e9alablement obtenu l'autorisation ou le renouvellement de  \ncette autorisation.\nLe pr\u00e9sent r\u00e9c\u00e9piss\u00e9 n'est pas limit\u00e9 dans le temps.  La d\u00e9claration a une port\u00e9e  \nnationale.\nL'enregistrement de la d\u00e9claration peut \u00eatre retir\u00e9 dans les conditions fix\u00e9es aux  \narticles R.7232-20 \u00e0 R.7232-22 du code du travail.\nLe pr\u00e9sent r\u00e9c\u00e9piss\u00e9 sera publi\u00e9 au Recueil des Actes Administratifs de la Pr\u00e9fecture  \ndes Bouches-du-Rh\u00f4ne.\nFait \u00e0 Marseille, le 28 avril 2025\nPour le Pr\u00e9fet et par d\u00e9l\u00e9gation,\nPar emp\u00eachement de la Directrice \nD\u00e9partementale de l'Emploi, du Travail\n et des Solidarit\u00e9s des Bouches-du-Rh\u00f4ne\nLe Responsable op\u00e9rationnel de l'unit\u00e9 \ndes publics \u00e9loign\u00e9s de l'emploi\nSign\u00e9\nKhaled KARA\n55 boulevard P\u00e9rier \u2013 13415 cedex 20 MARSEILLE Cedex 20 - T\u00e9l\u00e9phone : 04.91.57.96.00 \nMel : ddets-sap@bouches-du-rhone.gouv.fr\n2\nDDETS 13 - 13-2025-04-28-00023 - R\u00e9c\u00e9piss\u00e9 de d\u00e9claration au titre des Services \u00e0 la Personne au b\u00e9n\u00e9fice de  Madame ZIMA Julie en\nqualit\u00e9 d'entrepreneur individuel, situ\u00e9 112 Rue De l'Eissero - 13140 MIRAMAS 42\nDirection Departementale des Territoires et de\nla Mer 13\n13-2025-04-28-00020\narr\u00eat\u00e9 pr\u00e9fectoral autorisant le festival de\nCamargues et r\u00e9glementant le quai Bonnardel\nDirection Departementale des Territoires et de la Mer 13 - 13-2025-04-28-00020 - arr\u00eat\u00e9 pr\u00e9fectoral autorisant le festival de\nCamargues et r\u00e9glementant le quai Bonnardel 43\nDirection d\u00e9partementale\ndes Territoires et de la Mer\ndes Bouches-du-Rh\u00f4ne\nArr\u00eat\u00e9 portant mesures temporaires du fait du festival de Camargue restreignant sur le\nRh\u00f4ne conc\u00e9d\u00e9 l'accostage des bateaux de commerce au quai Bonnardel\n\u00e0 Port-Saint-Louis-du-Rh\u00f4ne\ndu 28 mai au 2 juin 2025\nLe Pr\u00e9fet\nde la R\u00e9gion Provence, Alpes, C\u00f4te d'Azur\nPr\u00e9fet de la zone de d\u00e9fense et de s\u00e9curit\u00e9 sud\nPr\u00e9fet des Bouches-du-Rh\u00f4ne\nOfficier de la L\u00e9gion d'Honneur\nChevalier de l'Ordre National du M\u00e9rite\nANNEXE     : 1   \nVU  l'article R 4241-38 du code des transports,\nVU le d\u00e9cret n\u00b0 2012-1556 du 28 d\u00e9cembre 2012 d\u00e9terminant la liste des mesures temporaires d'interruption ou\nde modification des conditions de navigation pouvant \u00eatre prises par le gestionnaire de la voie d'eau,\nVU  l'arr\u00eat\u00e9 du 28 juin 2013 modifi\u00e9 portant R\u00e8glement g\u00e9n\u00e9ral de police de la navigation int\u00e9rieure,\nVU l'arr\u00eat\u00e9 inter-pr\u00e9fectoral portant R\u00e8glement particulier de police de la navigation int\u00e9rieure sur itin\u00e9raire\nRh\u00f4ne-Sa\u00f4ne \u00e0 grand gabarit en vigueur,\nVul'arr\u00eat\u00e9 n\u00b013-2025-01-20-00030 du 20/01/2025 portant d\u00e9l \u00e9gation de signature \u00e0 M.Patrick\nVAUTERIN,Directeur D\u00e9partemental interminist\u00e9riel des Territoires et de la Mer des Bouches-du-Rh\u00f4ne ;\nVu l'arr\u00eat\u00e9 n\u00b013-2025-03-03-00003 du 03/03/2025 portant d\u00e9l\u00e9gation de signature aux agents de la direction\nd\u00e9partementale des territoires et de la mer des Bouches-du-Rh\u00f4ne ;\nVU la demande en date du 4 f\u00e9vrier 2025 de Madame Martine Mancion, pr\u00e9sidente de l'association \"Festival de\nla Camargue\",\nVU l'avis favorable de la Brigade fluviale nautique (BFN) de Port Saint Louis du Rh\u00f4ne en date du 05/03/2025,\nVU l'avis favorable du service d\u00e9partemental d'incendie et desecours (SDIS) des Bouches du Rh\u00f4ne en date du\n15/03/2025 ; \nVUl'avis favorable des Voies navigables de France (VNF) du 15/04/2025, par approuv\u00e9 par la Compagnie\nNationale du Rh\u00f4ne  ;\nConsid\u00e9rant la comp\u00e9tence du pr\u00e9fet de d\u00e9partement pour prendre des mesures temporaires sur la navigation\nint\u00e9rieure en mati\u00e8re de manifestations nautiques ;\nSUR proposition de Monsieur le D\u00e9l\u00e9gu\u00e9 \u00e0 la Mer et au Littoral des Bouches du Rh\u00f4ne,\n16, rue Antoine Zattara  \u2013 13332 Marseille Cedex 3\nT\u00e9l\u00e9phone : 04 91 28 40 40\nwww.bouches-du-rhone.gouv.fr\nDirection Departementale des Territoires et de la Mer 13 - 13-2025-04-28-00020 - arr\u00eat\u00e9 pr\u00e9fectoral autorisant le festival de\nCamargues et r\u00e9glementant le quai Bonnardel 44\nARR\u00caTE\nArticle 1 : Mesures temporaires\nLes mesures temporaires li\u00e9es \u00e0 l'\u00e9dition 2025 du festival de Camargue sont celles de l'avis \u00e0 batellerie N\u00b0\nFR/2025/02229 annex\u00e9 au pr\u00e9sent arr\u00eat\u00e9. Ces derni\u00e8res, pr\u00e9par\u00e9es par la Compagnie Nationale du\nRh\u00f4ne, couvrent toute journ\u00e9e incluse entre les 28 mai et 2 juin 2025, ceci \u00e0 des horaires pr\u00e9cis\u00e9s dans\nl'avis \u00e0 batellerie pr\u00e9cit\u00e9. Pour toute corr\u00e9lation, un plan de signalisation sp\u00e9cifique aux pr\u00e9sentes mesures\ntemporaires est \u00e9galement annex\u00e9 au pr\u00e9sent arr\u00eat\u00e9. La signalisation en place conforme au plan pr\u00e9cit\u00e9\nsera dispos\u00e9e et entretenue, en temps et en heure, par l'organisateur du festival de Camargue.\nArticle 2     : Publicit\u00e9\nLe pr\u00e9sent arr\u00eat\u00e9 sera publi\u00e9 au recueil des actes administratifs de la pr\u00e9fecture des Bouches-du-Rh\u00f4ne.\nL'avis \u00e0 batellerie joint en annexe de ce dernier, sera alorsdiffus\u00e9 dans les lignes de Voies Navigables de\nFrance \u00e0 l'attention des usagers de la voie d'eau.\nArticle 3\n : Recours\nLe pr\u00e9sent arr\u00eat\u00e9 peut faire l'objet d'un recours devant le tribunal administratif comp\u00e9tent dans les deux\nmois \u00e0 compter de sa publication.\nArticle 4\n : Prise d'effet\nLe pr\u00e9sent arr\u00eat\u00e9 prend effet \u00e0 compter du 28 mai 2025 inclus, ceci jusqu'au 2 juin 2025 inclus.\nArticle     5    : Ex\u00e9cution du pr\u00e9sent arr\u00eat\u00e9\nLe Directeur D\u00e9partemental des territoires et de la mer des Bouches du Rh\u00f4ne, la Direction Territoriale\nRh\u00f4ne-Sa\u00f4ne de voies navigables de France, la Direction Ter ritoriale Rh\u00f4ne M\u00e9diterran\u00e9e de la\nCompagnie Nationale du Rh\u00f4ne, sont charg\u00e9s, chacun en ce qui les concerne, de l'ex\u00e9cution du pr\u00e9sent.\nFait \u00e0 Marseille, le 28/04/2025\n \nPour le Pr\u00e9fet et par d\u00e9l\u00e9gation,\n                                                                                                                     Le Chef du P\u00f4le Maritime de la DDTM  des Bouches-du-Rh\u00f4ne\n                                                                                                                                    Sign\u00e9\n Matthieu CREPIN\n                                                                                                          \nUn exemplaire sera en outre adress\u00e9 \u00e0 :\nM. le Pr\u00e9fet de l'arrondissement d'Istres\nM. le Maire de Port-Saint-Louis-du-Rh\u00f4ne\nM. le Chef de l'Unit\u00e9 Territoriale d'Itin\u00e9raire des Voies Navigables de France \u00e0 Arles\nM. le directeur Direction Territoriale Rh\u00f4ne M\u00e9diterran\u00e9e\nM. le Directeur d\u00e9partemental des Services d'incendie et de secours des Bouches du Rh\u00f4ne\nM. le Commandant de la Brigade fluviale nautique de Port Saint Louis du Rh\u00f4ne\nM. le p\u00e9titionnaire\n16, rue Antoine Zattara  \u2013 13332 Marseille Cedex 3\nT\u00e9l\u00e9phone : 04 91 28 40 40\nwww.bouches-du-rhone.gouv.fr\nDirection Departementale des Territoires et de la Mer 13 - 13-2025-04-28-00020 - arr\u00eat\u00e9 pr\u00e9fectoral autorisant le festival de\nCamargues et r\u00e9glementant le quai Bonnardel 45\nVe\"= Fe Pe \\ ', Na \u00e0 FESTIVAL DE CAMARGUEIRL > | CN, ED \u00e0 PLAN DE SIGNALISATION DU 28 mai au fer Juin: 25 See 2025PK322,850EN.\n\u00ab ide Tourisme D)'PK322,930!i\nLs\nNe\\\nL\u00c9GENDES :\nR j:15 Panneaux de signalisation,E 4 indiquant l'interdiction de stationner\nANNEXE     l: avis \u00e0 batellerie et plan  \n16, rue Antoine Zattara  \u2013 13332 Marseille Cedex 3\nT\u00e9l\u00e9phone : 04 91 28 40 40\nwww.bouches-du-rhone.gouv.fr\nDirection Departementale des Territoires et de la Mer 13 - 13-2025-04-28-00020 - arr\u00eat\u00e9 pr\u00e9fectoral autorisant le festival de\nCamargues et r\u00e9glementant le quai Bonnardel 46\nMesures temporaires ___ ynfprises pour le festival de\nAVIS A LA BATELLERIE N\u00b0 FR/2025/02229Pris en application :art. \u00c0 4241-26 du CT (mesures temporaires)F\u00eates (Port-Saint-Louis-Du-Rh\u00f4ne)Festival de la Camargue 2025Une interdiction de stationner ( tous les usagers - dans lesdeux sens )- le 28/05/2025 de 09:00 \u00e0 23:59o Rh\u00f4neentre les pk 322.850 (au niveau du quai Bonnardel) et pk 322.930 (au niveau duquai Bonnardel) - Rive gauche- du 29/05/2025 au 02/06/2025 tous les jours entre 09:00 et 19:30o Rh\u00f4neentre les pk 322.850 (au niveau du quai Bonnardel) et pk 322.930 (au niveau duquai Bonnardel) - Rive gauche\nCommentaire :En raison du Festival de Camargue 2025 \u00e0 Port-Saint-Louis du Rh\u00f4ne, une interdiction de stationner, face auVillage de l'oiseau, est prise, ceci sur un lin\u00e9aire en amont du front d'accostage du quai Bonnardel.Cette interdiction sera reprise sur le terrain au moyen d'une signalisation r\u00e9glementaire par des panneaux de typeAS avec fl\u00e8ches d'encadrement, les panneaux de signalisation seront g\u00e9r\u00e9s et masqu\u00e9s par l'organisateur duFestival de la Camargue, ceci en fonction des jours et horaires d'interdiction correspondant aux mesurestemporaires pr\u00e9cit\u00e9es.Contact Festival de la Camargue 2025 : Madame Durget 07 88 60 29 91Une repr\u00e9sentation en vue a\u00e9rienne de cette zone interdite est jointe au pr\u00e9sent avis \u00e0 la batellerie.\nService(s) \u00e0 contacter :CNR, 2 rue Andr\u00e9 Bonin, 69316 LYON Cedex 04T\u00e9l : 0472006969 - Fax : 0478299617Date :\n28/04/2025\nPour le Pr\u00e9fet\nLe Chef du P\u00f4le Maritime de la DDTM des Bouches-du-Rh\u00f4ne\nSign\u00e9\nMatthieu CREPIN\nDirection Departementale des Territoires et de la Mer 13 - 13-2025-04-28-00020 - arr\u00eat\u00e9 pr\u00e9fectoral autorisant le festival de\nCamargues et r\u00e9glementant le quai Bonnardel 47\nDirection Departementale des Territoires et de\nla Mer 13\n13-2025-04-29-00004\nArr\u00eat\u00e9 pr\u00e9fectoral portant autorisation\nd'effectuer une op\u00e9ration de destruction\nadministrative aux chevreuils sur les communes\nde Le Tholonet et de Beaurecueil\nDirection Departementale des Territoires et de la Mer 13 - 13-2025-04-29-00004 - Arr\u00eat\u00e9 pr\u00e9fectoral portant autorisation d'effectuer\nune op\u00e9ration de destruction\nadministrative aux chevreuils sur les communes de Le Tholonet et de Beaurecueil\n48\nEsPR\u00c9FETDES BOUCHES-DU-RH\u00d4NELibert\u00e9\u00c9galit\u00e9Fraternit\u00e9\nDirection D\u00e9partementale\ndes Territoires et de la Mer\ndes Bouches-du-Rh\u00f4ne\nService Mer, Eau et Environnement\nP\u00f4le Nature et Territoires\nObjet : op\u00e9ration de destruction administrative\nMISSION -  n\u00b0 2025-228\nArr\u00eat\u00e9 pr\u00e9fectoral portant autorisation d'effectuer une op\u00e9ration de destruction \nadministrative aux chevreuils sur les communes de Le Tholonet et de Beaurecueil\nVu les articles L 427-1 \u00e0 L 427-7 du code de l'environnement ;\nVu le d\u00e9cret n\u00b02010-146 du 16 f\u00e9vrier 2010 relatif aux pouvoirs des Pr\u00e9fets, \u00e0 l'organisation et \u00e0 \nl'action des services de l'\u00c9tat dans les r\u00e9gions et les d\u00e9partements, modifiant le d\u00e9cret 2004-\n374 du 29 avril 2004 ;\nVu le d\u00e9cret du 03 janvier 2025 portant nomination de monsieur Georges-Fran\u00e7ois LECLERC,  \nen qualit\u00e9 de pr\u00e9fet de la r\u00e9gion Provence-Alpes-C\u00f4te d'Azur, pr\u00e9fet de la zone de d\u00e9fense et  \ns\u00e9curit\u00e9 sud, pr\u00e9fet des Bouches-du-Rh\u00f4ne ;\nVu l'arr\u00eat\u00e9 du ministre de l'\u00e9cologie, de l'\u00e9nergie, du d\u00e9veloppement durable et de la mer, en  \ndate du 14 juin 2010 relatif aux lieutenants de louveterie ;\nVu l'arr\u00eat\u00e9 de la Premi\u00e8re ministre et du ministre de l'int\u00e9rieur et des outre-mer du 16 juin  \n2023  portant  nomination  de  monsieur  Patrick  VAUTERIN  en  qualit\u00e9  de  directeur  \nd\u00e9partemental des territoires et de la mer des Bouches-du-Rh\u00f4ne, \u00e0 compter du 1er juillet  \n2023 ;\nVu l'arr\u00eat\u00e9 pr\u00e9fectoral du 31 mai 2024 portant sur l'ouverture et la fermeture de la chasse  \ndans le d\u00e9partement des Bouches-du-Rh\u00f4ne pour la campagne 2024-2025 ;\nVu  l'arr\u00eat\u00e9 du 09 ao\u00fbt 2024 fixant la liste, les p\u00e9riodes et les modalit\u00e9s de destruction des  \nesp\u00e8ces  d'animaux  class\u00e9es  comme  susceptibles  d'occasionner  des  d\u00e9g\u00e2ts  dans  le  \nd\u00e9partement des Bouches-du-Rh\u00f4ne pour la saison 2024-2025 pris pour application du III de  \nl'article R-427-6 du code de l'environnement ;\nVu l'arr\u00eat\u00e9 pr\u00e9fectoral du 06 janvier 2025 portant nomination des lieutenants de louveterie,\nVu l'arr\u00eat\u00e9  pr\u00e9fectoral  du  20  janvier  2025,  portant  d\u00e9l\u00e9gation  de  signature  \u00e0  M.  Patrick \nVAUTERIN, directeur d\u00e9partemental interminist\u00e9riel des territoires et de la mer des Bouches-\ndu-Rh\u00f4ne ;\nVu l'arr\u00eat\u00e9  du  03  mars  2025  portant  d\u00e9l\u00e9gation  de  signature  aux  agents  de  la  direction \nd\u00e9partementale des territoires et de la mer des Bouches-du-Rh\u00f4ne ;\nVu les signalements transmis le 15 avril 2025 par M. MOQUET, g\u00e9rant du Ch\u00e2teau Cr\u00e9made,  \nconcernant la pr\u00e9sence de chevreuils dans les vignes du domaine sur les  communes de Le  \nTholonet et de Beaurecueil ;\nVu la demande Mme Marilys CINQUINI, lieutenant de louveterie de la V\u00e8 circonscription des  \nBouches-du-Rh\u00f4ne dat\u00e9e du 18 avril 2025  ;\nVu l'avis de la f\u00e9d\u00e9ration d\u00e9partementale des chasseurs du 28 avril 2025 ;\nConsid\u00e9rant les nombreuses nuisances occasionn\u00e9es par les chevreuils sur les pieds de vignes \n16, rue Antoine Zattara  \u2013 13332 Marseille Cedex 3\nContact : ddtm-chasse@bouches-du-rhone.gouv.fr\nwww.bouches-du-rhone.gouv.fr\n1/3\nDirection Departementale des Territoires et de la Mer 13 - 13-2025-04-29-00004 - Arr\u00eat\u00e9 pr\u00e9fectoral portant autorisation d'effectuer\nune op\u00e9ration de destruction\nadministrative aux chevreuils sur les communes de Le Tholonet et de Beaurecueil\n49\nau  Ch\u00e2teau  Cr\u00e9made,  portant  fortement  atteinte  aux  cultures  sur  les  communes  de  Le \nTholonet et Beaurecueil ;\nConsid\u00e9rant la  pr\u00e9sence  r\u00e9currente  des  chevreuils  dans  cette  exploitation  et  donc  la \nn\u00e9cessit\u00e9 de r\u00e9guler leur population ;\nSur proposition du directeur d\u00e9partemental des territoires et de la mer des Bouches-du-\nRh\u00f4ne ;\nARR\u00caTE\nArticle premier\nMme Marilys CINQUINI, MM Emmanuel FREITAS DE OLIVEIRA et Bruno SANTORIELLO tous \nlieutenants de ouveterie des Bouches-du-Rh\u00f4ne, sont autoris\u00e9s \u00e0 pratiquer la r\u00e9gulation du  \nchevreuil \u00e0 t oute heure du jour et de la nuit, \u00e0 l'heure qu'ils jugeront opportunes sur les  \nvignes du Ch\u00e2teau Cr\u00e9made, situ\u00e9es \u00e0 Le Tholonet et Beaurecueil.\nEn cas de n\u00e9cessit\u00e9 apparaissant lors de la destruction administrative, les interventions  \npourront \u00eatre r\u00e9alis\u00e9es sur tous les secteurs d'o\u00f9 proviennent l es chevreuils ain si que sur  \ntous les secteurs sur lesquels ils se r\u00e9fugient.\nArticle 2\nLe tir de chevreuil sera fait par Mme Marilys CINQUINI et/ou MM. Emmanuel FREITAS DE  \nOLIVEIRA  et/ou  Bruno  SANTORIELLO,  lieutenants  de  louveterie  des  V\u00e8,  XXI\u00e8  et  XVII\u00e8 \ncirconscriptions  des  Bouches-du-Rh\u00f4ne,  accompagn\u00e9s  des  chasseurs  qu'ils  auront  \nd\u00e9sign\u00e9s.  Cette  r\u00e9gulation  administrative  pourra  se  d\u00e9rouler  \u00e0  compter  de  la  date  de \npublication  du  pr\u00e9sent  arr\u00eat\u00e9  jusqu'au  31  mai  2025.  En  cas  de  n\u00e9cessit\u00e9  ou  \nd'emp\u00eachement  ils  pourront  se  faire  assister  ou  suppl\u00e9er  par  d'autres  lieutenants  de \nlouveterie du d\u00e9partement\nArticle 3\nLa destruction des chevreuils pourra \u00eatre effectu\u00e9e au moyen de toutes armes autoris\u00e9es  \npour la chasse. L'emploi de la chevrotine est interdit. \nLa venaison pourra \u00eatre soit :\n- remise \u00e0 des \u0153uvres locales de bienfaisance (avec contr\u00f4le sanitaire pris en charge par la  \ncommune).\n- trait\u00e9e par une entreprise d'\u00e9quarrissage agr\u00e9\u00e9e par le Pr\u00e9fet (aux frais de la commune).\n-r\u00e9cup\u00e9r\u00e9e  par  le  d\u00e9tenteur  du  droit  de  chassedu  lieu  de  l'op\u00e9ration  pour  sa  seule \nconsommation  priv\u00e9e,  \u00e0  charge  pour  lui  de  faire  r\u00e9aliser  les  contr\u00f4les  sanitaires  \nr\u00e9glementaires, ou par l'exploitant agricole\nCes carcasses ne devront en aucun cas faire l'objet d'une transaction commerciale.\nArticle 4\n\u00c0 l'issue de cette op\u00e9ration, les r\u00e9sultats obtenus seront consign\u00e9s dans un rapport adress\u00e9 \u00e0  \nla direction d\u00e9partementale des territoires et de la mer des Bouches-du-Rh\u00f4ne \u00e0 l'adresse  \nddtm-chasse@bouches-du-rhone.gouv.fr.\n2/3\nDirection Departementale des Territoires et de la Mer 13 - 13-2025-04-29-00004 - Arr\u00eat\u00e9 pr\u00e9fectoral portant autorisation d'effectuer\nune op\u00e9ration de destruction\nadministrative aux chevreuils sur les communes de Le Tholonet et de Beaurecueil\n50\nArticle 5\nTout  acte  d'outrage  ou  de  violence  \u00e0  l'encontre  du  lieutenant  de  louveterie  ou  des \nparticipant(e)s \u00e0 l'op\u00e9ration de destruction administrative, notamment s'il constitue une  \nentrave \u00e0 son ex\u00e9cution, fera syst\u00e9matiquement l'objet de poursuites p\u00e9nales.  \nEst puni, au titre de l'article R428-12-1 du code de l'environnement, de l'amende pr\u00e9vue  \npour  les  contraventions  de  la  cinqui\u00e8me  classe  le  fait,  par  des  actes  d'obstruction \nconcert\u00e9s, d'emp\u00eacher le d\u00e9roulement de cette destruction administrative.\nArticle 6\nLe  pr\u00e9sent  arr\u00eat\u00e9  sera  publi\u00e9  au  recueil  des  actes  administratifs  de  la  pr\u00e9fecture  des \nBouches-du-Rh\u00f4ne. Le  pr\u00e9sent  arr\u00eat\u00e9  pourra  faire  l'objet  d'un  recours  devant  le  tribunal \nadministratif de Marseille dans un d\u00e9lai de deux mois, \u00e0 compter de sa notification. \nLa  juridiction  administrative  comp\u00e9tente  peut  \u00eatre  saisie  par  l'application  t\u00e9l\u00e9recours \ncitoyens  accessible  \u00e0  partir  du  site https://citoyens.telerecours.fr ou  aupr\u00e8s  du  tribunal \nadministratif de Marseille \u00e0 l'adresse suivante  : 31, rue Jean-Fran\u00e7ois LECA \u2013 13235 Marseille  \ncedex 02. Dans le m\u00eame d\u00e9lai de 2  mois, il est possible d'exercer un recours gracieux aupr\u00e8s  \ndu pr\u00e9fet des Bouches-du-Rh\u00f4ne\nArticle 7\n\uf0b7 Le secr\u00e9taire s\u00e9n\u00e9ral de la pr\u00e9fecture des Bouches-du-Rh\u00f4ne,\n\uf0b7 Le directeur d\u00e9partemental des territoires et de la mer des Bouches-du-Rh\u00f4ne ;\n\uf0b7 Le colonel commandant le groupement d\u00e9partemental de gendarmerie des Bouches-\ndu-Rh\u00f4ne ; \n\uf0b7 Le directeur d\u00e9partemental de la s\u00e9curit\u00e9 publique des Bouches-du-Rh\u00f4ne,\n\uf0b7 Le chef du service d\u00e9partemental de l'office fran\u00e7ais de la biodiversit\u00e9 des Bouches-du-\nRh\u00f4ne\n\uf0b7 Mme Marilys CINQUINI, MM. Emmanuel FREITAS DE OLIVEIRA et Bruno SANTORIELLO, \nlieutenants de louveterie,\n\uf0b7 Le pr\u00e9sident de la f\u00e9d\u00e9ration d\u00e9partementale des chasseurs des Bouches-du-Rh\u00f4ne,\n\uf0b7 Les maires des communes de Le Tholonet et Beaurecueil, \nsont charg\u00e9s, chacun en ce qui le concerne, de l'ex\u00e9cution du pr\u00e9sent arr\u00eat\u00e9.\nFait \u00e0 Marseille, le 29 avril 2025 \npour le pr\u00e9fet et par d\u00e9l\u00e9gation,\nle directeur d\u00e9partemental des territoires et de la mer\ndes Bouches-du-Rh\u00f4ne,\npour le directeur d\u00e9partemental et par d\u00e9l\u00e9gation,\nle chef de l'unit\u00e9 chasse et esp\u00e8ces prot\u00e9g\u00e9es,\nSIGNE\nBertrand VEDOVATI\n16, rue Antoine Zattara  \u2013 13332 Marseille Cedex 3\nContact : ddtm-chasse@bouches-du-rhone.gouv.fr\nwww.bouches-du-rhone.gouv.fr\n3/3\nDirection Departementale des Territoires et de la Mer 13 - 13-2025-04-29-00004 - Arr\u00eat\u00e9 pr\u00e9fectoral portant autorisation d'effectuer\nune op\u00e9ration de destruction\nadministrative aux chevreuils sur les communes de Le Tholonet et de Beaurecueil\n51\nPr\u00e9fecture de police des Bouches-du-Rh\u00f4ne\n13-2025-04-29-00003\nArr\u00eat\u00e9 autorisant la captation et la transmission\nd'images au moyen de cam\u00e9ras install\u00e9es sur des\na\u00e9ronefs le 30 avril 2025\nPr\u00e9fecture de police des Bouches-du-Rh\u00f4ne - 13-2025-04-29-00003 - Arr\u00eat\u00e9 autorisant la captation et la transmission\nd'images au moyen de cam\u00e9ras install\u00e9es sur des a\u00e9ronefs le 30 avril 2025 52\nE 3PR\u00c9FECTURE DE POLICEDES BOUCHES-DU-RH\u00d4NELibert\u00e9Egalit\u00e9Fraternit\u00e9\n \nCabinet\nBureau de la s\u00e9curit\u00e9 et de l'ordre publics\nArr\u00eat\u00e9 n\u00b013-2025-04-29-00003 autorisant la captation et la transmission\nd'images au moyen de cam\u00e9ras install\u00e9es sur des a\u00e9ronefs le 30 avril 2025\nLe pr\u00e9fet de police des Bouches-du-Rh\u00f4ne\nVu le code de la s\u00e9curit\u00e9 int\u00e9rieure et notamment ses articles L. 242-1 \u00e0 L. 242-8 et R. 242-8 \u00e0 R. 242-14 ;\nVu l'article L. 122-1 du code de la s\u00e9curit\u00e9 int\u00e9rieure ;\nVu le d\u00e9cret n\u00b0 2004-374 du 29 avril 2004 relatif aux pouvoirs des pr\u00e9fets, \u00e0 l'organisation et \u00e0 l'action des\nservices de l'\u00c9tat dans les r\u00e9gions et d\u00e9partements ;\nVu le d\u00e9cret n\u00b0 2014-134 du 17 f\u00e9vrier 2014 relatif \u00e0 l'organisation des services de l'\u00c9tat dans le d\u00e9partement\ndes Bouches-du-Rh\u00f4ne et aux attributions du pr\u00e9fet de police des Bouches-du-Rh\u00f4ne ;\nVu l e d\u00e9 cret du pr\u00e9sident de la R\u00e9publique en date du 12 mars 2025 portant nomination de Monsieur\nGeorges-Fran\u00e7ois LECLERC, en qualit\u00e9 de pr\u00e9fet de police des Bouches-du-Rh\u00f4ne ;\nVu l'arr\u00eat\u00e9 en date du 31 mars 2025 donnant d\u00e9l\u00e9gation de signature \u00e0 M. R\u00e9mi BOURDU, sous-pr\u00e9fet,\ndirecteur de cabinet du pr\u00e9fet de police des Bouches-du-Rh\u00f4ne ;\nVu l'arr\u00eat\u00e9 du ministre de l'Int\u00e9rieur et des outre-mer, en date du 19 avril 2023 relatif au nombre maximal de\ncam\u00e9ras install\u00e9es sur des a\u00e9ronefs pouvant \u00eatre simultan\u00e9ment utilis\u00e9es dans chaque d\u00e9partement et\ncollectivit\u00e9 d'outre-mer ;\nVu la demande form\u00e9e par la direction interd\u00e9partementale de la police nationale des Bouches-du-Rh\u00f4ne en\ndate du 17 avril 2025, visant \u00e0 obtenir l'autorisation de capter et de transmettre des images au moyen de\ndeux cam\u00e9ras install\u00e9es sur des a\u00e9ronefs sans \u00e9quipage \u00e0 bord aux fins d'assurer la s\u00e9curit\u00e9 du secteur\nautour du site de la L\u00e9gion \u00c9trang\u00e8re \u00e0 Aubagne, dans le cadre de la c\u00e9r\u00e9monie de \u00ab Camerone \u00bb ;\nConsid\u00e9rant que les dispositions susvis\u00e9es permettent aux forces de s\u00e9curit\u00e9 int\u00e9rieure, dans l'exercice de\nleurs missions de pr\u00e9vention des atteintes \u00e0 l'ordre public et de protection de la s\u00e9curit\u00e9 des personnes et\ndes biens, de proc\u00e9der \u00e0 la captation et \u00e0 la transmission d'images au moyen de cam\u00e9ras install\u00e9es sur des\na\u00e9ronefs aux fins d'assurer la s\u00e9curit\u00e9 des personnes et des biens ainsi que veiller \u00e0 la r\u00e9gulation des flux\nde transport ; que notamment, le 1\u00b0 de l'article L. 242-5 du code de la s\u00e9curit\u00e9 int\u00e9rieure susvis\u00e9 pr\u00e9voit que\nces dispositifs peuvent \u00eatre mis en \u0153uvre aux fins de pr\u00e9venir les atteintes \u00e0 la s\u00e9curit\u00e9 des personnes et\ndes biens dans des lieux particuli\u00e8rement expos\u00e9s, en raison de leurs caract\u00e9ristiques ou des faits qui s'y\nsont  d\u00e9j\u00e0 d\u00e9roul\u00e9s,  \u00e0  des  risques  d'agression,  de  vols  ou de trafics  d'armes,  d'\u00eatres  humains  ou  de\nstup\u00e9fiants ainsi que la protection des b\u00e2timents et installations publics et de leurs abords imm\u00e9diats,\nlorsqu'ils sont particuli\u00e8rement expos\u00e9s \u00e0 des risques d'intrusion ou de d\u00e9gradation  ; que le 2\u00b0 de l'article\nsusvis\u00e9  pr\u00e9voit  que  ces  dispositifs  peuvent  \u00eatre  mis  en  \u0153uvre  dans  le  cadre  de  la  s\u00e9curit\u00e9  des\nrassemblements de personnes sur la voie publique ou dans des lieux ouverts au public ainsi que l'appui des\npersonnels  au  sol,  en  vue  de  leur  permettre  de  maintenir  ou  de  r\u00e9tablir  l'ordre  public,  lorsque  ces\nrassemblements sont susceptibles d'entra\u00eener des troubles graves \u00e0 l'ordre public ; que le 3\u00b0 de l'article\nsusvis\u00e9 pr\u00e9voit que ces dispositifs peuvent \u00eatre mis en \u0153uvre dans le cadre la pr\u00e9vention d'actes de\nterrorisme ; que le 4\u00b0 de l'article L242-5 du code de la s\u00e9curit\u00e9 int\u00e9rieure pr\u00e9voit que ces dispositifs peuvent\n\u00e9galement servir \u00e0 la r\u00e9gulation des flux de transport, aux seules fins du maintien de l'ordre et de la s\u00e9curit\u00e9\npublics ;\nConsid\u00e9rant que la c\u00e9r\u00e9monie de \u00ab  Camerone \u00bb est organis\u00e9e au sein du site de la L\u00e9gion \u00c9trang\u00e8re \u00e0\nAubagne, le 30 avril 2025  ; que la venue de personnalit\u00e9s militaires et civiles n\u00e9cessitera une vigilance\naccrue sur le dispositif  ; que l'utilisation d'un drone permettra d'appuyer l'action des effectifs au sol et de\npr\u00e9venir  tout  risque  \u00e0  l'\u00e9gard  des  personnalit\u00e9s  pr\u00e9sentes  lors  de  cet  \u00e9v\u00e8nement  qui  suscite  un  fort\nengouement ;\nPr\u00e9fecture de police des Bouches-du-Rh\u00f4ne - 13-2025-04-29-00003 - Arr\u00eat\u00e9 autorisant la captation et la transmission\nd'images au moyen de cam\u00e9ras install\u00e9es sur des a\u00e9ronefs le 30 avril 2025 53\nConsid\u00e9rant que la persistance de la menace terroriste a un niveau \u00e9lev\u00e9 sollicite tr\u00e8s fortement les forces\nde s\u00e9curit\u00e9 int\u00e9rieure dans le cadre de la posture \u00ab  Urgence Attentat \u00bb du plan VIGIPIRATE, en vigueur sur\nl'ensemble du territoire national depuis le 24 mars 2024 ;\nConsid\u00e9rant l'int\u00e9r\u00eat pour les forces de l'ordre de disposer d'une vision en grand angle afin d'avoir une vue\nd'ensemble de la zone, une inspection des points hauts ainsi que des axes de circulation pour g\u00e9rer des flux\nde transports importants \u00e0 proximit\u00e9 du site mais \u00e9galement d'assurer une s\u00e9curisation globale de cet\n\u00e9v\u00e8nement, tout en limitant l'engagement des forces au sol, le recours aux dispositifs de captation install\u00e9s\nsur des a\u00e9ronefs est n\u00e9cessaire et adapt\u00e9  ; qu'il n'existe pas de dispositif moins intrusif permettant de\nparvenir aux m\u00eames fins ;\nConsid\u00e9rant que l'a\u00e9ronef n'effectue aucune mission en dessous de 60 m\u00e8tres de hauteur pour des raisons\nd'efficacit\u00e9, de discr\u00e9tion, de s\u00e9curit\u00e9 et de non perturbation du signal radio ; que par cons\u00e9quent le survol\ns'effectue syst\u00e9matiquement largement au-dessus des toits des immeubles se situant aux abords, ne per -\nmettant pas ainsi une captation d'images \u00e0 l'int\u00e9rieur des habitations ;\nConsid\u00e9rant que la demande porte sur l'engagement d'une cam\u00e9ra a\u00e9roport\u00e9e sur une p\u00e9riode d'un jour\ndurant une amplitude horaire de 07h00 \u00e0 18h00  ; que les lieux surveill\u00e9s sont strictement limit\u00e9s au secteur\nautour du site de la L\u00e9gion \u00c9trang\u00e8re \u00e0 Aubagne  , compris entre l'autoroute A50, l'autoroute A501, la\nroute Nationale 8, l'avenue Manouchian, le chemin de la Gasteaude \u00e0 Aubagne  ; qu'au regard des\ncirconstances susmentionn\u00e9es, la demande n'appara\u00eet pas disproportionn\u00e9e ;\nConsid\u00e9rant que le recours \u00e0 la captation et la transmission d'images fera l'objet d'une information par\nplusieurs moyens adapt\u00e9s  ; qu'outre la publication du pr\u00e9sent arr\u00eat\u00e9 au recueil des actes administratifs, ce\ndispositif fera l'objet d'une information sur le site internet de la pr\u00e9fecture des Bouches-du-Rh\u00f4ne ;\nSur proposition du directeur de cabinet du pr\u00e9fet de police ;\nARR\u00caTE :\nArticle 1  \u2013  La captation et la transmission d'images, par la Direction Interd\u00e9partementale de la Police\nNationale des Bouches-du-Rh\u00f4ne, est autoris\u00e9e le mercredi 30 avril 2025 entre 07h00 et 18h00, autour du\nsite de la L\u00e9gion \u00c9trang\u00e8re \u00e0 Aubagne  ;\nArticle 2 \u2013 Le nombre maximal de cam\u00e9ras pouvant proc\u00e9der simultan\u00e9ment aux traitements mentionn\u00e9s \u00e0\nl'article 1er est fix\u00e9 \u00e0 un drone \u00ab DJI mod\u00e8le MAVIC 3T \u00bb dot\u00e9 d'une cam\u00e9ra.\nArticle 3 \u2013 La pr\u00e9sente autorisation est limit\u00e9e au p\u00e9rim\u00e8tre figurant en annexe.\nArticle 4 \u2013 La mission se fera \u00e0 partir d'une altitude sup\u00e9rieure \u00e0 60 m\u00e8tres afin d'assurer le droit au respect\nde la vie priv\u00e9e des habitations se trouvant dans le p\u00e9rim\u00e8tre de survol pr\u00e9vue par le pr\u00e9sent arr\u00eat\u00e9.\nArticle 5    \u2013 Le registre mentionn\u00e9 \u00e0 l'article L 242-4 du Code de la s\u00e9curit\u00e9 int\u00e9rieure sera transmis au\npr\u00e9fet de police, \u00e0 l'issue de la p\u00e9riode d'autorisation.\nArticle   6       \u2013 Le pr\u00e9sent arr\u00eat\u00e9 peut faire l'objet d'un recours contentieux aupr\u00e8s du tribunal administratif de\nMarseille, sis 31 Rue Jean Fran\u00e7ois Leca, 13002 MARSEILLE, dans un d\u00e9lai de deux mois \u00e0 compter de\nsa publication ou au moyen de l'application \u00ab  T\u00e9l\u00e9recours citoyen  \u00bb (https://www.telerecours.fr).\nArticle 7 \u2013 Le sous-pr\u00e9fet, directeur de cabinet du pr\u00e9fet de police des Bouches-du-Rh\u00f4ne et le directeur\ninterd\u00e9partemental  de  la  police  nationale  des  Bouches-du-Rh\u00f4ne,  sont  charg\u00e9s,  chacun  en  ce  qui  le\nconcerne, de l'ex\u00e9cution du pr\u00e9sent arr\u00eat\u00e9 qui sera publi\u00e9 au recueil des actes administratifs des services de\nl'\u00c9tat dans les Bouches-du-Rh\u00f4ne. \nMarseille, le 29 avril 2025\nPour le pr\u00e9fet de police des Bouches-du-Rh\u00f4ne,\nLe directeur de cabinet\nSign\u00e9\nR\u00e9mi BOURDU\nPr\u00e9fecture de police des Bouches-du-Rh\u00f4ne - 13-2025-04-29-00003 - Arr\u00eat\u00e9 autorisant la captation et la transmission\nd'images au moyen de cam\u00e9ras install\u00e9es sur des a\u00e9ronefs le 30 avril 2025 54\npase'|Le\nANLES GRANDSMELLETS|\nx ows,_ cnem: de\nPINCHON\neeie(en!\nLOTISSEMENT |DES JARDINSD'ORANE |\n|\nLA COUESTE\nANNEXE\nPr\u00e9fecture de police des Bouches-du-Rh\u00f4ne - 13-2025-04-29-00003 - Arr\u00eat\u00e9 autorisant la captation et la transmission\nd'images au moyen de cam\u00e9ras install\u00e9es sur des a\u00e9ronefs le 30 avril 2025 55\nPr\u00e9fecture des Bouches-du-Rhone\n13-2025-04-28-00024\nArr\u00eat\u00e9 du 28 avril 2025\nportant ouverture d'un recrutement contractuel\nde travailleur handicap\u00e9 pour l'acc\u00e8s au grade\nd'adjoint administratif principal de 2\u00e8me classe\nde l'int\u00e9rieur et de l'outre-mer\nPr\u00e9fecture des Bouches-du-Rhone - 13-2025-04-28-00024 - Arr\u00eat\u00e9 du 28 avril 2025\nportant ouverture d'un recrutement contractuel de travailleur handicap\u00e9 pour l'acc\u00e8s au grade d'adjoint administratif principal de\n2\u00e8me classe de l'int\u00e9rieur et de l'outre-mer\n56\nPREFETDES BOUCHES-DU-RHONELibert\u00e9Egalit\u00e9Fraternit\u00e9\n  Secr\u00e9tariat G\u00e9n\u00e9ral Commun\nService des Ressources Humaines\nMission du d\u00e9veloppement des ressources humaines\nArr\u00eat\u00e9 du 28 avril 2025\nportant ouverture d'un recrutement contractuel de travailleur handicap\u00e9 pour l'acc\u00e8s au grade \nd'adjoint administratif principal de 2\u00e8me classe de l'int\u00e9rieur et de l'outre-mer\nLe pr\u00e9fet de la r\u00e9gion Provence-Alpes-C\u00f4te-d'Azur\npr\u00e9fet de la zone de d\u00e9fense et de s\u00e9curit\u00e9 Sud, \npr\u00e9fet des Bouches-du-Rh\u00f4ne\nVu le code g\u00e9n\u00e9ral de la fonction publique et notamment les articles L352-1 \u00e0 L352-6 relatifs au  \nrecrutement et aux conditions d'acc\u00e8s aux emplois des personnes en situation de handicap ;\nVu le d\u00e9cret n\u00b0 2016-580 du 11 mai 2016 relatif \u00e0 l'organisation des carri\u00e8res des fonctionnaires  \nde cat\u00e9gorie C de la fonction publique de l'\u00c9tat,\nVu le d\u00e9cret n\u00b0 2006-1760 du 23 d\u00e9cembre 2006 relatif aux dispositions statutaires communes  \napplicables aux corps d'adjoints administratifs des administrations de l'\u00c9tat ;\nVu l'arr\u00eat\u00e9 du 28 d\u00e9cembre 2017 portant d\u00e9l\u00e9gation de pouvoir en mati\u00e8re de recrutement et  \nde gestion des personnels administratifs du minist\u00e8re de l'int\u00e9rieur ;\nVu l'arr\u00eat\u00e9 du 24 f\u00e9vrier 2025 fixant le nombre et la r\u00e9partition g\u00e9ographique des postes offerts  \nau  titre  de  l'ann\u00e9e  2025  aux  concours  externe  et  interne  pour  le  recrutement  d'adjoints \nadministratifs principaux de 2e classe de l'int\u00e9rieur et de l'outre-mer ;\nVu l'instruction minist\u00e9rielle du 10 mars 2025 portant autorisation de recrutement au titre de  \nl'ann\u00e9e 2025 pour le corps des adjoints administratifs ;\nVu le d\u00e9cret du 3 janvier 2025 portant nomination de monsieur Georges-Fran\u00e7ois LECLERC \nen qualit\u00e9 de pr\u00e9fet de la r\u00e9gion Provence-Alpes-C\u00f4te d'Azur, pr\u00e9fet de la zone de d\u00e9fense \net de s\u00e9curit\u00e9 Sud, pr\u00e9fet des Bouches-du-Rh\u00f4ne ;\nVu le d\u00e9cret du 31 janvier 2025 portant nomination de monsieur Fr\u00e9d\u00e9ric POISOT en qualit\u00e9 de  \nsecr\u00e9taire g\u00e9n\u00e9ral de la pr\u00e9fecture des Bouches-du-Rh\u00f4ne, sous-pr\u00e9fet de Marseille ;\nSur proposition du secr\u00e9taire g\u00e9n\u00e9ral de la pr\u00e9fecture des Bouches-du-Rh\u00f4ne, chef-lieu de la  \nr\u00e9gion Provence-Alpes-C\u00f4te-d'Azur ;\nPr\u00e9fecture des Bouches-du-Rh\u00f4ne, Place F\u00e9lix Baret - CS 80001 \u2013 13282 Marseille Cedex 06 -\u2013 T\u00e9l\u00e9phone : 04.84.35.40.00 \u2013 T\u00e9l\u00e9copie : 04.84.35.48.55\nPr\u00e9fecture des Bouches-du-Rhone - 13-2025-04-28-00024 - Arr\u00eat\u00e9 du 28 avril 2025\nportant ouverture d'un recrutement contractuel de travailleur handicap\u00e9 pour l'acc\u00e8s au grade d'adjoint administratif principal de\n2\u00e8me classe de l'int\u00e9rieur et de l'outre-mer\n57\nA R R \u00ca T E\nArticle 1 : Un recrutement contractuel pour l'acc\u00e8s au grade d'adjoint administratif principal de  \nseconde classe  de l'int\u00e9rieur et de l'outre-mer est  ouvert en vue de pourvoir  deux postes  au \ntribunal administratif de Marseille.\nArticle 2 : Peuvent faire acte de candidature, sans condition de dipl\u00f4me, les personnes titulaires \nd'une reconnaissance de la qualit\u00e9 de travailleur handicap\u00e9 en cours de validit\u00e9 \u00e0 la cl\u00f4ture des  \ninscriptions.\nArticle 3 : Les dossiers de candidature sont constitu\u00e9s des pi\u00e8ces suivantes :\n- reconnaissance de la qualit\u00e9 de travailleur handicap\u00e9\n- curriculum vitae\n- lettre de motivation\n- copie carte nationale d'identit\u00e9 en cours de validit\u00e9\nIls seront transmis \u00e0 l'adresse suivante :\n    Pr\u00e9fecture des Bouches-du-Rh\u00f4ne \nSGC/SRH/MDRH\nUnit\u00e9 concours\n  Place F\u00e9lix Baret \n13282 Marseille Cedex 06\nArticle 4 : La cl\u00f4ture des inscriptions est fix\u00e9e au  dimanche 1er juin 2025, le cachet de la poste  \nfaisant foi.\nArticle 5 : Les candidatures re\u00e7ues feront l'objet d'un examen par une commission de s\u00e9lection.  \nSeuls  les  candidats  pr\u00e9s\u00e9lectionn\u00e9s  apr\u00e8s  examen  des  candidatures  seront  convoqu\u00e9s  \u00e0 \nl'entretien de s\u00e9lection.\nArticle     6   : Les candidats s\u00e9lectionn\u00e9s seront recrut\u00e9s par contrat de droit public. \nAu terme du contrat, l'appr\u00e9ciation de l'aptitude professionnelle de l'agent par l'autorit\u00e9 dispo-\nsant du pouvoir de nomination est effectu\u00e9e au vu du dossier de l'int\u00e9ress\u00e9 et apr\u00e8s un entre-\ntien de celui-ci avec un jury organis\u00e9 par l'administration charg\u00e9e du recrutement. \nI. - Si l'agent est d\u00e9clar\u00e9 apte \u00e0 exercer les fonctions, l'autorit\u00e9 administrative ayant pouvoir de \nnomination proc\u00e8de \u00e0 sa titularisation apr\u00e8s avis de la commission administrative paritaire du \ncorps concern\u00e9. \nLors de la titularisation, la p\u00e9riode accomplie en tant qu'agent contractuel est prise en compte \ndans les conditions pr\u00e9vues pour une p\u00e9riode \u00e9quivalente de stage par le statut particulier. \nLors de la titularisation, l'agent est affect\u00e9 dans l'emploi pour lequel il a \u00e9t\u00e9 recrut\u00e9 comme \nagent non titulaire. \nPr\u00e9fecture des Bouches-du-Rh\u00f4ne, Place F\u00e9lix Baret - CS 80001 \u2013 13282 Marseille Cedex 06 -\u2013 T\u00e9l\u00e9phone : 04.84.35.40.00 \u2013 T\u00e9l\u00e9copie : 04.84.35.48.55\nPr\u00e9fecture des Bouches-du-Rhone - 13-2025-04-28-00024 - Arr\u00eat\u00e9 du 28 avril 2025\nportant ouverture d'un recrutement contractuel de travailleur handicap\u00e9 pour l'acc\u00e8s au grade d'adjoint administratif principal de\n2\u00e8me classe de l'int\u00e9rieur et de l'outre-mer\n58\nII. - Si l'agent, sans s'\u00eatre r\u00e9v\u00e9l\u00e9 inapte \u00e0 exercer ses fonctions, n'a pas fait la preuve de capaci-\nt\u00e9s professionnelles suffisantes, l'autorit\u00e9 administrative ayant pouvoir de nomination pro-\nnonce le renouvellement du contrat pour la p\u00e9riode pr\u00e9vue \u00e0 l'article 27 de la loi du 11 janvier \n1984 susvis\u00e9e, apr\u00e8s avis de la commission administrative paritaire du corps au sein duquel \nl'agent a vocation \u00e0 \u00eatre titularis\u00e9. \nUne \u00e9valuation des comp\u00e9tences de l'int\u00e9ress\u00e9 est effectu\u00e9e de fa\u00e7on \u00e0 favoriser son int\u00e9gra-\ntion professionnelle. \nSi l'appr\u00e9ciation de l'aptitude de l'agent ne permet pas d'envisager qu'il puisse faire preuve de \ncapacit\u00e9s professionnelles suffisantes dans le corps dans lequel il a vocation \u00e0 \u00eatre titularis\u00e9, le \nrenouvellement du contrat peut \u00eatre prononc\u00e9, apr\u00e8s avis de la commission administrative pari-\ntaire de ce corps, en vue d'une titularisation \u00e9ventuelle dans un corps de niveau hi\u00e9rarchique in-\nf\u00e9rieur. \nSi l'appr\u00e9ciation de l'aptitude de l'agent ne permet pas d'envisager qu'il puisse faire preuve de \ncapacit\u00e9s professionnelles suffisantes, le contrat n'est pas renouvel\u00e9, apr\u00e8s avis de la commis-\nsion administrative paritaire du corps concern\u00e9. L'int\u00e9ress\u00e9 peut b\u00e9n\u00e9ficier des allocations d'as-\nsurance ch\u00f4mage en application de l'article L. 351-12 du code du travail.\nArticle  7 :  Le  secr\u00e9taire  g\u00e9n\u00e9ral  de  la  pr\u00e9fecture  des  Bouches-du-Rh\u00f4ne  est  charg\u00e9  de \nl'ex\u00e9cution du pr\u00e9sent arr\u00eat\u00e9.\nFait \u00e0 Marseille, le 28 avril 2025\nPour le pr\u00e9fet et par d\u00e9l\u00e9gation,\nLe secr\u00e9taire g\u00e9n\u00e9ral\nSIGNE\nFr\u00e9d\u00e9ric POISOT\nConform\u00e9ment  aux  dispositions  des  articles  R.421-1  et  suivants  du  code  de  justice \nadministrative,  cet  arr\u00eat\u00e9  peut  faire  l'objet  d'un  recours  contentieux  devant  le  tribunal \nadministratif, dans un d\u00e9lai de deux mois courant \u00e0 compter de sa notification.\nLa  juridiction  administrative  comp\u00e9tente  peut-\u00eatre  saisie  par  l'application  \u00ab T\u00e9l\u00e9recours \ncitoyen \u00bb accessible \u00e0 partir du site www.telerecours.fr\nPr\u00e9fecture des Bouches-du-Rh\u00f4ne, Place F\u00e9lix Baret - CS 80001 \u2013 13282 Marseille Cedex 06 -\u2013 T\u00e9l\u00e9phone : 04.84.35.40.00 \u2013 T\u00e9l\u00e9copie : 04.84.35.48.55\nPr\u00e9fecture des Bouches-du-Rhone - 13-2025-04-28-00024 - Arr\u00eat\u00e9 du 28 avril 2025\nportant ouverture d'un recrutement contractuel de travailleur handicap\u00e9 pour l'acc\u00e8s au grade d'adjoint administratif principal de\n2\u00e8me classe de l'int\u00e9rieur et de l'outre-mer\n59\nPr\u00e9fecture des Bouches-du-Rhone\n13-2025-04-29-00002\nARR\u00caT\u00c9 n\u00b0 2025-02 portant classement de la\ncommune de Marseille (Bouches-du-Rh\u00f4ne), en\nstation de tourisme\nPr\u00e9fecture des Bouches-du-Rhone - 13-2025-04-29-00002 - ARR\u00caT\u00c9 n\u00b0 2025-02 portant classement de la commune de Marseille\n(Bouches-du-Rh\u00f4ne), en\nstation de tourisme\n60\nPREFETDES BOUCHES-DU-RHONELibert\u00e9Egalit\u00e9Fraternit\u00e9\nDirection de la citoyennet\u00e9\nde la l\u00e9galit\u00e9\net de l'environnement\nBureau des \u00e9lections et de la r\u00e9glementation\nARR\u00caT\u00c9 n\u00b0 2025-02\nportant classement de la commune de Marseille (Bouches-du-Rh\u00f4ne), en\nstation de tourisme\nLe pr\u00e9fet de la r\u00e9gion Provence-Alpes-C\u00f4te d'Azur,\n   pr\u00e9fet de la zone de d\u00e9fense et de s\u00e9curit\u00e9 sud\npr\u00e9fet des Bouches-du-Rh\u00f4ne\npr\u00e9fet de police des Bouches-du-Rh\u00f4ne,\nVu le code du tourisme, notamment ses articles L. 133-13 et suivants et R. 133-39 et sui -\nvants ;\nVu le d\u00e9cret du 2 septembre 2008 relatif aux communes touristiques et aux stations clas -\ns\u00e9es de tourisme ;\nVu l'arr\u00eat\u00e9 interminist\u00e9riel du 2 septembre 2008 relatif aux communes touristiques et aux  \nstations class\u00e9es ;\nVu l'arr\u00eat\u00e9 du 16 avril 2019 modifiant l'arr\u00eat\u00e9 du 2 septembre 2008 relatif aux communes  \ntouristiques et aux stations class\u00e9es de tourisme ;\nVu le d\u00e9cret du 3 janvier 2025 portant nomination de monsieur Georges-Fran\u00e7ois LECLERC \nen qualit\u00e9 de pr\u00e9fet de la r\u00e9gion Provence-Alpes-C\u00f4te d'Azur, pr\u00e9fet de la zone de d\u00e9fense \net de s\u00e9curit\u00e9 Sud, pr\u00e9fet des Bouches-du-Rh\u00f4ne ;\nVu le d\u00e9cret du 31 janvier 2025 portant nomination de monsieur Fr\u00e9d\u00e9ric POISOT en quali-\nt\u00e9 de secr\u00e9taire g\u00e9n\u00e9ral de la pr\u00e9fecture des Bouches-du-Rh\u00f4ne, sous-pr\u00e9fet de Marseille ;\nVu l'arr\u00eat\u00e9 pr\u00e9fectoral du 17 f\u00e9vrier 2025 portant d\u00e9l\u00e9gation de signature \u00e0 monsieur Fr\u00e9 -\nd\u00e9ric POISOT, sous-pr\u00e9fet, secr\u00e9taire g\u00e9n\u00e9ral des Bouches-du-Rh\u00f4ne ;\nVu l'arr\u00eat\u00e9 n\u00b0 2024-008 du 9 juillet 2024 portant classement en cat\u00e9gorie I de l'Office de  \nTourisme de Marseille pour une dur\u00e9e de 5 ans ;\nVu l'arr\u00eat\u00e9 n\u00b0 2024-003 du 11 mars 2024 pronon\u00e7ant le classement de Marseille en com -\nmune touristique pour une dur\u00e9e de 5 ans ;\nVu l'extrait du registre des d\u00e9lib\u00e9rations du conseil municipal de la commune de Marseille  \nn\u00b0 23/0569/VAT du 20 octobre 2023 sollicitant le classement de la commune en station de \ntourisme ;\nPlace F\u00e9lix Baret - CS 80001  \u2013 13282 Marseille Cedex 06 -\nT\u00e9l\u00e9phone : 04.84.35.40.00 \nwww.bouches-du-rhone.gouv.fr\nPr\u00e9fecture des Bouches-du-Rhone - 13-2025-04-29-00002 - ARR\u00caT\u00c9 n\u00b0 2025-02 portant classement de la commune de Marseille\n(Bouches-du-Rh\u00f4ne), en\nstation de tourisme\n61\nVu l'ensemble des pi\u00e8ces justificatives jointes au dossier ;\nSur proposition du secr\u00e9taire g\u00e9n\u00e9ral de la pr\u00e9fecture des Bouches-du-Rh\u00f4ne ;\nA R R \u00ca T E\nArticle 1  er    : La commune de Marseille est class\u00e9e en station de tourisme pour une dur\u00e9e de \n12 ans \u00e0 compter de la date du pr\u00e9sent arr\u00eat\u00e9. \nArticle 2 : La pr\u00e9sente d\u00e9cision peut faire l'objet, dans un d\u00e9lai de deux mois \u00e0 compter de \nsa notification, d'un recours gracieux aupr\u00e8s de mes services, d'un recours hi\u00e9rarchique au-\npr\u00e8s de monsieur le ministre de l'int\u00e9rieur ( 11 place Beauvau 75008 Paris), d'un recours \ncontentieux devant le tribunal administratif de Marseille ( 31 rue Jean-Fran\u00e7ois LECA 13002 \nMarseille) ; la juridiction administrative comp\u00e9tente peut aussi \u00eatre saisie par l'application \nT\u00e9l\u00e9recours citoyens accessible \u00e0 partir du site www.telerecours.fr.\nArticle 3 : Le secr\u00e9taire g\u00e9n\u00e9ral de la pr\u00e9fecture des Bouches-du-Rh\u00f4ne est charg\u00e9 de l'ex\u00e9-\ncution du pr\u00e9sent arr\u00eat\u00e9.\n  Marseille, le \nPour le pr\u00e9fet et par d\u00e9l\u00e9gation,\n                                le secr\u00e9taire g\u00e9n\u00e9ral\n  \nFr\u00e9d\u00e9ric POISOT\nPlace F\u00e9lix Baret - CS 80001  \u2013 13282 Marseille Cedex 06 -\nT\u00e9l\u00e9phone : 04.84.35.40.00 \nwww.bouches-du-rhone.gouv.fr 2\nPr\u00e9fecture des Bouches-du-Rhone - 13-2025-04-29-00002 - ARR\u00caT\u00c9 n\u00b0 2025-02 portant classement de la commune de Marseille\n(Bouches-du-Rh\u00f4ne), en\nstation de tourisme\n62\nPr\u00e9fecture des Bouches-du-Rhone\n13-2025-04-29-00001\nArr\u00eat\u00e9 relatif \u00e0 la soci\u00e9t\u00e9 \u00e0 responsabilit\u00e9 limit\u00e9e\nd\u00e9nomm\u00e9e \u00abLA FERME ENTREPRISES\u00bb portant\nagr\u00e9ment en qualit\u00e9 d'entreprise fournissant une\ndomiciliation juridique \u00e0 des personnes\nphysiques ou morales immatricul\u00e9es au registre\ndu commerce et des soci\u00e9t\u00e9s ou au r\u00e9pertoire\ndes m\u00e9tiers\nPr\u00e9fecture des Bouches-du-Rhone - 13-2025-04-29-00001 - Arr\u00eat\u00e9 relatif \u00e0 la soci\u00e9t\u00e9 \u00e0 responsabilit\u00e9 limit\u00e9e d\u00e9nomm\u00e9e \u00abLA FERME\nENTREPRISES\u00bb portant agr\u00e9ment en qualit\u00e9 d'entreprise fournissant une domiciliation juridique \u00e0 des personnes physiques ou morales\nimmatricul\u00e9es au registre du commerce et des soci\u00e9t\u00e9s ou au r\u00e9pertoire des m\u00e9tiers\n63\nPREFETDES BOUCHES-DU-RHONELibert\u00e9\u00c9galit\u00e9Fraternit\u00e9\nDirection de la s\u00e9curit\u00e9 :\n police administrative et r\u00e9glementation\nBureau des polices administratives \nen mati\u00e8re de s\u00e9curit\u00e9\nArr\u00eat\u00e9 relatif \u00e0 la soci\u00e9t\u00e9 \u00e0 responsabilit\u00e9 limit\u00e9e d\u00e9nomm\u00e9e \u00abLA FERME ENTREPRISES\u00bb \nportant agr\u00e9ment en qualit\u00e9 d'entreprise fournissant une domiciliation juridique \u00e0 des \npersonnes physiques ou morales immatricul\u00e9es au registre du commerce et des soci\u00e9t\u00e9s ou au \nr\u00e9pertoire des m\u00e9tiers\nLe pr\u00e9fet de la r\u00e9gion Provence-Alpes-C\u00f4te d'Azur\nPr\u00e9fet de la zone de d\u00e9fense de s\u00e9curit\u00e9 Sud\nPr\u00e9fet des Bouches-du-Rh\u00f4ne\nPr\u00e9fet de police des Bouches-du-Rh\u00f4ne\nVu  la  directive  2005/60CE  du  parlement  et  du  conseil  du  26  octobre  2005  relative  \u00e0  la \npr\u00e9vention de l'utilisation du syst\u00e8me financier aux fins de blanchiment de capitaux et de  \nfinancement du terrorisme ;\nVu le code de commerce, notamment ses articles L.123-11-3 \u00e0 L.123-11-7 , R.123-166-1 et suivants \net R.123-167 \u00e0 R123-171 ;\nVu le code mon\u00e9taire et financier, notamment ses articles L561-2, L561-37 \u00e0 L 561-43 et R 561  \n39 \u00e0 R 561-50 ;\nVu l'ordonnance n\u00b0 2009-104 du 30 janvier 2009 relative \u00e0 la pr\u00e9vention de l'utilisation du  \nsyst\u00e8me financier aux fins de blanchiment de capitaux et de financement du terrorisme,  \nnotamment les articles 9 et 10 ;\nVu le d\u00e9cret du pr\u00e9sident de la R\u00e9publique du 12 mars 2025 portant nomination de monsieur  \nGeorges-Fran\u00e7ois LECLERC en qualit\u00e9 de pr\u00e9fet de la r\u00e9gion Provence-Alpes-C\u00f4te d'Azur, pr\u00e9fet \nde la zone de d\u00e9fense et de s\u00e9curit\u00e9 Sud, pr\u00e9fet des Bouches-du-Rh\u00f4ne, en outre pr\u00e9fet de  \npolice des Bouches-du-Rh\u00f4ne ;\nVu le dossier de demande d'agr\u00e9ment pr\u00e9vu \u00e0 l'article L.123-11-3 du code de commerce,  \npr\u00e9sent\u00e9 par monsieur J\u00e9r\u00f4me DUPUY en sa qualit\u00e9 de dirigeant de la soci\u00e9t\u00e9 d\u00e9nomm\u00e9e  \u00abLA \nFERME ENTREPRISES\u00bb pour ses locaux et  si\u00e8ge social   situ\u00e9s  255  avenue  Galil\u00e9e  \u2013 13100  \nAix-en-Provence  ; \n \nVu la d\u00e9claration de la soci\u00e9t\u00e9 d\u00e9nomm\u00e9e \u00abLA FERME ENTREPRISES\u00bb ;\nVu l'attestation sur l'honneur de monsieur J\u00e9r\u00f4me DUPUY ;\nPlace F\u00e9lix Baret - CS 80001  \u2013 13282 Marseille Cedex 06 -\nT\u00e9l\u00e9phone : 04.84.35.40.00 \nwww.bouches-du-rhone.gouv.fr\nPr\u00e9fecture des Bouches-du-Rhone - 13-2025-04-29-00001 - Arr\u00eat\u00e9 relatif \u00e0 la soci\u00e9t\u00e9 \u00e0 responsabilit\u00e9 limit\u00e9e d\u00e9nomm\u00e9e \u00abLA FERME\nENTREPRISES\u00bb portant agr\u00e9ment en qualit\u00e9 d'entreprise fournissant une domiciliation juridique \u00e0 des personnes physiques ou morales\nimmatricul\u00e9es au registre du commerce et des soci\u00e9t\u00e9s ou au r\u00e9pertoire des m\u00e9tiers\n64\nVu  les  justificatifs  produits  pour  l'exercice  des  prestations  de  domiciliation  et  pour \nl'honorabilit\u00e9 des dirigeants ainsi que des actionnaires ou associ\u00e9s d\u00e9tenant au moins 25% des \nvoix, des parts ou des droits de vote ; \nConsid\u00e9rant  que  la  soci\u00e9t\u00e9  d\u00e9nomm\u00e9e  \u00abLA  FERME  ENTREPRISES\u00bb  dispose  en  son  \n\u00e9tablissement et si\u00e8ge social situ\u00e9  255  avenue  Galil\u00e9e  \u2013 13100    Aix-en-Provence     d'une \npi\u00e8ce propre \u00e0 assurer la confidentialit\u00e9 n\u00e9cessaire ; qu'elle la met \u00e0 disposition des personnes \ndomicili\u00e9es, pour leur permettre une r\u00e9union r\u00e9guli\u00e8re des organes charg\u00e9s de la direction, de  \nl'administration ou de la surveillance de l'entreprise ainsi que la tenue, la conservation des  \nlivres, registres et documents prescrits par les lois et r\u00e8glements.\nSur proposition du secr\u00e9taire g\u00e9n\u00e9ral de la pr\u00e9fecture des Bouches-du-Rh\u00f4ne ;\nA R R E T E\nArticle 1  er     : la soci\u00e9t\u00e9 d\u00e9nomm\u00e9e \u00abLA FERME ENTREPRISES , dont le si\u00e8ge social est situ\u00e9 255 \navenue  Galil\u00e9e  \u2013 13100    Aix-en-Provence  est agr\u00e9\u00e9 pour cet \u00e9tablissement   en qualit\u00e9  \nd'entreprise fournissant une domiciliation juridique \u00e0 des personnes physiques ou morales  \ninscrites au registre du commerce et des soci\u00e9t\u00e9s ou au r\u00e9pertoire des m\u00e9tiers.\nArticle 2  : l'agr\u00e9ment est d\u00e9livr\u00e9 pour une dur\u00e9e de six ans \u00e0 compter de la date du pr\u00e9sent  \narr\u00eat\u00e9. \nArticle 3 : le num\u00e9ro d'agr\u00e9ment est : 2025/AEDFJ/13/13\nArticle 4  : tout changement substantiel concernant les donn\u00e9es principales de l'entreprise  \nindiqu\u00e9es  par  \u00abLA  FERME  ENTREPRISES,  dans  sa  demande  d'agr\u00e9ment  et  notamment  le \nchangement de si\u00e8ge de l'entreprise, la d\u00e9signation d'un seul associ\u00e9 d'au moins 25% des voix,  \nparts sociales ou droits de vote, la condamnation de l'u n des dirigeants, la perte des locaux  \nfournis  aux  entreprises  domicili\u00e9es,  la  cr\u00e9ation  d'\u00e9tablissements  secondaires  ou  tout \nchangement susceptible de remettre en cause les conditions du pr\u00e9sent agr\u00e9ment doit faire  \nl'objet d'une d\u00e9claration en pr\u00e9fecture conform\u00e9ment aux dispositions de l'article R. 123-166-4 \ndu Code de commerce.\nArticle 5  : le pr\u00e9sent agr\u00e9ment peut \u00eatre suspendu pour une dur\u00e9e maximum de six mois en  \nfonction de la gravit\u00e9 des griefs qui pourraient \u00eatre relev\u00e9s \u00e0 l'encontre de l'entreprise. Il peut  \n\u00eatre  retir\u00e9  en  cas  de  d\u00e9faillance  de  l'une  des  conditions  essentielles  requises  pour  sa \nd\u00e9livrance.\nArticle 6  : le pr\u00e9sent agr\u00e9ment  peut \u00eatre suspendu en cas de saisine et dans l'attente de la  \nd\u00e9cision de la Commission nationale des sanctions institu\u00e9e par l'article L 561-38 du code  \nmon\u00e9taire et financier.\nArticle 7     : conform\u00e9ment aux dispositions de l' article R123-168 du code du commerce, l e \ndomiciliataire doit d\u00e9tenir pour chaque personne domicili\u00e9e, un dossier contenant les pi\u00e8ces  \njustificatives relatives, s'agissant des personnes physiques, \u00e0 leur domicile personnel et \u00e0 leurs  \ncoordonn\u00e9es  t\u00e9l\u00e9phoniques  et,  s'agissant  des  personnes  morales,  au  domicile  et  aux \ncoordonn\u00e9es t\u00e9l\u00e9phoniques de leur repr\u00e9sentant l\u00e9gal. Ce dossier contient \u00e9galement les  \njustificatifs relatifs \u00e0 chacun des lieux d'activit\u00e9 des entreprises domicili\u00e9es et au lieu de  \nPlace F\u00e9lix Baret - CS 80001  \u2013 13282 Marseille Cedex 06 -\nT\u00e9l\u00e9phone : 04.84.35.40.00 \nwww.bouches-du-rhone.gouv.fr\nPr\u00e9fecture des Bouches-du-Rhone - 13-2025-04-29-00001 - Arr\u00eat\u00e9 relatif \u00e0 la soci\u00e9t\u00e9 \u00e0 responsabilit\u00e9 limit\u00e9e d\u00e9nomm\u00e9e \u00abLA FERME\nENTREPRISES\u00bb portant agr\u00e9ment en qualit\u00e9 d'entreprise fournissant une domiciliation juridique \u00e0 des personnes physiques ou morales\nimmatricul\u00e9es au registre du commerce et des soci\u00e9t\u00e9s ou au r\u00e9pertoire des m\u00e9tiers\n65\nconservation  des  documents  comptables  lorsqu'ils  ne  sont  pas  conserv\u00e9s  chez  le  \ndomiciliataire. \nArticle 8 : le domiciliataire informe le greffier du tribunal, \u00e0 l'expiration du contrat ou en cas  \nde r\u00e9siliation anticip\u00e9e de celui-ci, de la cessation de la domiciliation de l'entreprise dans ses  \nlocaux. Lorsque la personne domicili\u00e9e dans ses locaux n'a pas pris connaissance de son  \ncourrier depuis trois mois, il en informe \u00e9galement le greffier du tribunal de commerce ou la  \nchambre des m\u00e9tiers et de l'artisanat. Il fournit, chaque trimestre, au centre des imp\u00f4ts et  \naux  organismes  de  recouvrement  des  cotisations  et  contributions  de  s\u00e9curit\u00e9  sociale \ncomp\u00e9tents une liste des personnes qui se sont domicili\u00e9es dans ses locaux au cours de cette \np\u00e9riode ou qui ont mis fin \u00e0 leur domiciliation ainsi que chaque ann\u00e9e, avant le 15 janvier,  \nune liste des personnes domicili\u00e9es au 1er janvier.\nArticle 09     : le pr\u00e9sent arr\u00eat\u00e9 peut \u00eatre contest\u00e9 dans les deux mois suivants sa notification :\n- soit par voie de recours gracieux aupr\u00e8s de monsieur le pr\u00e9fet des Bouches-du-Rh\u00f4ne ;\n- soit par voie de recours hi\u00e9rarchique form\u00e9 aupr\u00e8s de monsieur le ministre de l'int\u00e9rieur ;\n- soit par recours contentieux  devant le tribunal administratif de Marseille, 31 rue Jean  \nFran\u00e7ois Leca 13002 \u00e0 Marseille \u2013 ou sur www.telerecours.fr.\nArticle  10  :  le  secr\u00e9taire  g\u00e9n\u00e9ral  de  la  pr\u00e9fecture  des  Bouches-du-Rh\u00f4ne  est  charg\u00e9  de \nl'ex\u00e9cution  du  pr\u00e9sent  arr\u00eat\u00e9  qui  sera  publi\u00e9  au  recueil  des  actes  administratifs  de  la \nPr\u00e9fecture des Bouches-du-Rh\u00f4ne.\nMarseille, le 29 avril 2025\nPour le pr\u00e9fet et par d\u00e9l\u00e9gation\nLa directrice adjointe de la s\u00e9curit\u00e9 :\n police administrative et r\u00e9glementation\nsign\u00e9\nKarine OLIVER\nPlace F\u00e9lix Baret - CS 80001  \u2013 13282 Marseille Cedex 06 -\nT\u00e9l\u00e9phone : 04.84.35.40.00 \nwww.bouches-du-rhone.gouv.fr\nPr\u00e9fecture des Bouches-du-Rhone - 13-2025-04-29-00001 - Arr\u00eat\u00e9 relatif \u00e0 la soci\u00e9t\u00e9 \u00e0 responsabilit\u00e9 limit\u00e9e d\u00e9nomm\u00e9e \u00abLA FERME\nENTREPRISES\u00bb portant agr\u00e9ment en qualit\u00e9 d'entreprise fournissant une domiciliation juridique \u00e0 des personnes physiques ou morales\nimmatricul\u00e9es au registre du commerce et des soci\u00e9t\u00e9s ou au r\u00e9pertoire des m\u00e9tiers\n66\nSecr\u00e9tariat G\u00e9n\u00e9ral Commun 13\n13-2025-04-29-00005\nJournal officiel de la Rpublique franaise - N 39 du\n15 fvrier 2017\nSecr\u00e9tariat G\u00e9n\u00e9ral Commun 13 - 13-2025-04-29-00005 - Journal officiel de la Rpublique franaise - N 39 du 15 fvrier 2017 67\nPREFETDES BOUCHES-DU-RHONELibert\u00e9Egalit\u00e9Fraternit\u00e9\n  Secr\u00e9tariat G\u00e9n\u00e9ral Commun\nService des Ressources Humaines\nMission du d\u00e9veloppement des ressources humaines\nArr\u00eat\u00e9 du 28 avril 2025\nportant ouverture d'un recrutement contractuel de travailleur handicap\u00e9 pour l'acc\u00e8s au grade \nd'adjoint administratif principal de 2\u00e8me classe de l'int\u00e9rieur et de l'outre-mer\nLe pr\u00e9fet de la r\u00e9gion Provence-Alpes-C\u00f4te-d'Azur\npr\u00e9fet de la zone de d\u00e9fense et de s\u00e9curit\u00e9 Sud, \npr\u00e9fet des Bouches-du-Rh\u00f4ne\nVu le code g\u00e9n\u00e9ral de la fonction publique et notamment les articles L352-1 \u00e0 L352-6 relatifs au  \nrecrutement et aux conditions d'acc\u00e8s aux emplois des personnes en situation de handicap ;\nVu le d\u00e9cret n\u00b0 2016-580 du 11 mai 2016 relatif \u00e0 l'organisation des carri\u00e8res des fonctionnaires  \nde cat\u00e9gorie C de la fonction publique de l'\u00c9tat,\nVu le d\u00e9cret n\u00b0 2006-1760 du 23 d\u00e9cembre 2006 relatif aux dispositions statutaires communes  \napplicables aux corps d'adjoints administratifs des administrations de l'\u00c9tat ;\nVu l'arr\u00eat\u00e9 du 28 d\u00e9cembre 2017 portant d\u00e9l\u00e9gation de pouvoir en mati\u00e8re de recrutement et  \nde gestion des personnels administratifs du minist\u00e8re de l'int\u00e9rieur ;\nVu l'arr\u00eat\u00e9 du 24 f\u00e9vrier 2025 fixant le nombre et la r\u00e9partition g\u00e9ographique des postes offerts  \nau  titre  de  l'ann\u00e9e  2025  aux  concours  externe  et  interne  pour  le  recrutement  d'adjoints \nadministratifs principaux de 2e classe de l'int\u00e9rieur et de l'outre-mer ;\nVu l'instruction minist\u00e9rielle du 10 mars 2025 portant autorisation de recrutement au titre de  \nl'ann\u00e9e 2025 pour le corps des adjoints administratifs ;\nVu le d\u00e9cret du 3 janvier 2025 portant nomination de monsieur Georges-Fran\u00e7ois LECLERC \nen qualit\u00e9 de pr\u00e9fet de la r\u00e9gion Provence-Alpes-C\u00f4te d'Azur, pr\u00e9fet de la zone de d\u00e9fense \net de s\u00e9curit\u00e9 Sud, pr\u00e9fet des Bouches-du-Rh\u00f4ne ;\nVu le d\u00e9cret du 31 janvier 2025 portant nomination de monsieur Fr\u00e9d\u00e9ric POISOT en qualit\u00e9 de  \nsecr\u00e9taire g\u00e9n\u00e9ral de la pr\u00e9fecture des Bouches-du-Rh\u00f4ne, sous-pr\u00e9fet de Marseille ;\nSur proposition du secr\u00e9taire g\u00e9n\u00e9ral de la pr\u00e9fecture des Bouches-du-Rh\u00f4ne, chef-lieu de la  \nr\u00e9gion Provence-Alpes-C\u00f4te-d'Azur ;\nPr\u00e9fecture des Bouches-du-Rh\u00f4ne, Place F\u00e9lix Baret - CS 80001 \u2013 13282 Marseille Cedex 06 -\u2013 T\u00e9l\u00e9phone : 04.84.35.40.00 \u2013 T\u00e9l\u00e9copie : 04.84.35.48.55\nSecr\u00e9tariat G\u00e9n\u00e9ral Commun 13 - 13-2025-04-29-00005 - Journal officiel de la Rpublique franaise - N 39 du 15 fvrier 2017 68\nA R R \u00ca T E\nArticle 1 : Un recrutement contractuel pour l'acc\u00e8s au grade d'adjoint administratif principal de  \nseconde classe  de l'int\u00e9rieur et de l'outre-mer est  ouvert en vue de pourvoir  deux postes  au \ntribunal administratif de Marseille.\nArticle 2 : Peuvent faire acte de candidature, sans condition de dipl\u00f4me, les personnes titulaires \nd'une reconnaissance de la qualit\u00e9 de travailleur handicap\u00e9 en cours de validit\u00e9 \u00e0 la cl\u00f4ture des  \ninscriptions.\nArticle 3 : Les dossiers de candidature sont constitu\u00e9s des pi\u00e8ces suivantes :\n- reconnaissance de la qualit\u00e9 de travailleur handicap\u00e9\n- curriculum vitae\n- lettre de motivation\n- copie carte nationale d'identit\u00e9 en cours de validit\u00e9\nIls seront transmis \u00e0 l'adresse suivante :\n    Pr\u00e9fecture des Bouches-du-Rh\u00f4ne \nSGC/SRH/MDRH\nUnit\u00e9 concours\n  Place F\u00e9lix Baret \n13282 Marseille Cedex 06\nArticle 4 : La cl\u00f4ture des inscriptions est fix\u00e9e au  dimanche 1er juin 2025, le cachet de la poste  \nfaisant foi.\nArticle 5 : Les candidatures re\u00e7ues feront l'objet d'un examen par une commission de s\u00e9lection.  \nSeuls  les  candidats  pr\u00e9s\u00e9lectionn\u00e9s  apr\u00e8s  examen  des  candidatures  seront  convoqu\u00e9s  \u00e0 \nl'entretien de s\u00e9lection.\nArticle     6   : Les candidats s\u00e9lectionn\u00e9s seront recrut\u00e9s par contrat de droit public. \nAu terme du contrat, l'appr\u00e9ciation de l'aptitude professionnelle de l'agent par l'autorit\u00e9 dispo-\nsant du pouvoir de nomination est effectu\u00e9e au vu du dossier de l'int\u00e9ress\u00e9 et apr\u00e8s un entre-\ntien de celui-ci avec un jury organis\u00e9 par l'administration charg\u00e9e du recrutement. \nI. - Si l'agent est d\u00e9clar\u00e9 apte \u00e0 exercer les fonctions, l'autorit\u00e9 administrative ayant pouvoir de \nnomination proc\u00e8de \u00e0 sa titularisation apr\u00e8s avis de la commission administrative paritaire du \ncorps concern\u00e9. \nLors de la titularisation, la p\u00e9riode accomplie en tant qu'agent contractuel est prise en compte \ndans les conditions pr\u00e9vues pour une p\u00e9riode \u00e9quivalente de stage par le statut particulier. \nLors de la titularisation, l'agent est affect\u00e9 dans l'emploi pour lequel il a \u00e9t\u00e9 recrut\u00e9 comme \nagent non titulaire. \nPr\u00e9fecture des Bouches-du-Rh\u00f4ne, Place F\u00e9lix Baret - CS 80001 \u2013 13282 Marseille Cedex 06 -\u2013 T\u00e9l\u00e9phone : 04.84.35.40.00 \u2013 T\u00e9l\u00e9copie : 04.84.35.48.55\nSecr\u00e9tariat G\u00e9n\u00e9ral Commun 13 - 13-2025-04-29-00005 - Journal officiel de la Rpublique franaise - N 39 du 15 fvrier 2017 69\nII. - Si l'agent, sans s'\u00eatre r\u00e9v\u00e9l\u00e9 inapte \u00e0 exercer ses fonctions, n'a pas fait la preuve de capaci-\nt\u00e9s professionnelles suffisantes, l'autorit\u00e9 administrative ayant pouvoir de nomination pro-\nnonce le renouvellement du contrat pour la p\u00e9riode pr\u00e9vue \u00e0 l'article 27 de la loi du 11 janvier \n1984 susvis\u00e9e, apr\u00e8s avis de la commission administrative paritaire du corps au sein duquel \nl'agent a vocation \u00e0 \u00eatre titularis\u00e9. \nUne \u00e9valuation des comp\u00e9tences de l'int\u00e9ress\u00e9 est effectu\u00e9e de fa\u00e7on \u00e0 favoriser son int\u00e9gra-\ntion professionnelle. \nSi l'appr\u00e9ciation de l'aptitude de l'agent ne permet pas d'envisager qu'il puisse faire preuve de \ncapacit\u00e9s professionnelles suffisantes dans le corps dans lequel il a vocation \u00e0 \u00eatre titularis\u00e9, le \nrenouvellement du contrat peut \u00eatre prononc\u00e9, apr\u00e8s avis de la commission administrative pari-\ntaire de ce corps, en vue d'une titularisation \u00e9ventuelle dans un corps de niveau hi\u00e9rarchique in-\nf\u00e9rieur. \nSi l'appr\u00e9ciation de l'aptitude de l'agent ne permet pas d'envisager qu'il puisse faire preuve de \ncapacit\u00e9s professionnelles suffisantes, le contrat n'est pas renouvel\u00e9, apr\u00e8s avis de la commis-\nsion administrative paritaire du corps concern\u00e9. L'int\u00e9ress\u00e9 peut b\u00e9n\u00e9ficier des allocations d'as-\nsurance ch\u00f4mage en application de l'article L. 351-12 du code du travail.\nArticle  7 :  Le  secr\u00e9taire  g\u00e9n\u00e9ral  de  la  pr\u00e9fecture  des  Bouches-du-Rh\u00f4ne  est  charg\u00e9  de \nl'ex\u00e9cution du pr\u00e9sent arr\u00eat\u00e9.\nFait \u00e0 Marseille, le 28 avril 2025\nPour le pr\u00e9fet et par d\u00e9l\u00e9gation,\nLe secr\u00e9taire g\u00e9n\u00e9ral\nSIGNE\nFr\u00e9d\u00e9ric POISOT\nConform\u00e9ment  aux  dispositions  des  articles  R.421-1  et  suivants  du  code  de  justice \nadministrative,  cet  arr\u00eat\u00e9  peut  faire  l'objet  d'un  recours  contentieux  devant  le  tribunal \nadministratif, dans un d\u00e9lai de deux mois courant \u00e0 compter de sa notification.\nLa  juridiction  administrative  comp\u00e9tente  peut-\u00eatre  saisie  par  l'application  \u00ab T\u00e9l\u00e9recours \ncitoyen \u00bb accessible \u00e0 partir du site www.telerecours.fr\nPr\u00e9fecture des Bouches-du-Rh\u00f4ne, Place F\u00e9lix Baret - CS 80001 \u2013 13282 Marseille Cedex 06 -\u2013 T\u00e9l\u00e9phone : 04.84.35.40.00 \u2013 T\u00e9l\u00e9copie : 04.84.35.48.55\nSecr\u00e9tariat G\u00e9n\u00e9ral Commun 13 - 13-2025-04-29-00005 - Journal officiel de la Rpublique franaise - N 39 du 15 fvrier 2017 70\nSecr\u00e9tariat g\u00e9n\u00e9ral pour l'administration du\nminist\u00e8re de l'int\u00e9rieur\n13-2025-04-25-00009\nArr\u00eat\u00e9 du 25 avril 2025 portant d\u00e9l\u00e9gation de\nsignature \u00e0 M. Olivier MARMION,\nsecr\u00e9taire g\u00e9n\u00e9ral de la zone de d\u00e9fense et de\ns\u00e9curit\u00e9 Sud aupr\u00e8s du pr\u00e9fet de la r\u00e9gion \nProvence-Alpes-C\u00f4te d'Azur, pr\u00e9fet de la zone\nde d\u00e9fense et de s\u00e9curit\u00e9 Sud, pr\u00e9fet des\nBouches-du-Rh\u00f4ne\nSecr\u00e9tariat g\u00e9n\u00e9ral pour l'administration du minist\u00e8re de l'int\u00e9rieur - 13-2025-04-25-00009 - Arr\u00eat\u00e9 du 25 avril 2025 portant d\u00e9l\u00e9gation\nde signature \u00e0 M. Olivier MARMION,\nsecr\u00e9taire g\u00e9n\u00e9ral de la zone de d\u00e9fense et de s\u00e9curit\u00e9 Sud aupr\u00e8s du pr\u00e9fet de la r\u00e9gion  Provence-Alpes-C\u00f4te d'Azur, pr\u00e9fet de la\nzone de d\u00e9fense et de s\u00e9curit\u00e9 Sud, pr\u00e9fet des Bouches-du-Rh\u00f4ne\n71\n| 3PREFETDE LA ZONEDE DEFENSE |ET DE SECURITESUDL ibert\u00e9Egalit\u00e9Fraternit\u00e9\nSecr\u00e9tariat g\u00e9n\u00e9ral\nde la zone de d\u00e9fense et de s\u00e9curit\u00e9 Sud\nArr\u00eat\u00e9 du 25 avril 2025 portant d\u00e9l\u00e9gation de signature \u00e0\nM. Olivier MARMION,\nsecr\u00e9taire g\u00e9n\u00e9ral de la zone de d\u00e9fense et de s\u00e9curit\u00e9 Sud aupr\u00e8s du pr\u00e9fet de la r\u00e9gion\nProvence-Alpes-C\u00f4te d'Azur, pr\u00e9fet de la zone de d\u00e9fense et de s\u00e9curit\u00e9 Sud, pr\u00e9fet des\nBouches-du-Rh\u00f4ne\nLe pr\u00e9fet de la r\u00e9gion Provence-Alpes-C\u00f4te d'Azur,\npr\u00e9fet de la zone de d\u00e9fense et de s\u00e9curit\u00e9 Sud,\npr\u00e9fet des Bouches-du-Rh\u00f4ne,\nVu la loi organique n\u00b0 2001-692 du 1er ao\u00fbt 2001 modifi\u00e9e relative aux lois de finances ;\nVu le code de la d\u00e9fense ;\nVu le code de la s\u00e9curit\u00e9 int\u00e9rieure ;\nVu le code du sport ;\nVu le code de la sant\u00e9 publique ;\nVu le code g\u00e9n\u00e9ral des collectivit\u00e9s territoriales ;\nVu la loi n\u00b082-213 du 2 mars 1982 modifi\u00e9e relative aux droits et libert\u00e9s des communes,\ndes d\u00e9partements et des r\u00e9gions ;\nVu  la  loi  n\u00b02011-267  du  14  mars  2011  d'orientation  et  de  programmation  pour  la\nperformance  de  la  s\u00e9curit\u00e9  int\u00e9rieure  modifi\u00e9e  pour  partie  par  le  code  de  s\u00e9curit\u00e9\nint\u00e9rieure ;\nVu la loi de finances n\u00b0 2017-1837 du 30 d\u00e9cembre 2017 pour 2018 ; \nVu l'ordonnance n\u00b02012-351 du 12 mars 2012, relative \u00e0 la partie l\u00e9gislative du code de\ns\u00e9curit\u00e9 int\u00e9rieure ; \nSecr\u00e9tariat g\u00e9n\u00e9ral pour l'administration du minist\u00e8re de l'int\u00e9rieur - 13-2025-04-25-00009 - Arr\u00eat\u00e9 du 25 avril 2025 portant d\u00e9l\u00e9gation\nde signature \u00e0 M. Olivier MARMION,\nsecr\u00e9taire g\u00e9n\u00e9ral de la zone de d\u00e9fense et de s\u00e9curit\u00e9 Sud aupr\u00e8s du pr\u00e9fet de la r\u00e9gion  Provence-Alpes-C\u00f4te d'Azur, pr\u00e9fet de la\nzone de d\u00e9fense et de s\u00e9curit\u00e9 Sud, pr\u00e9fet des Bouches-du-Rh\u00f4ne\n72\nVu  le  d\u00e9cret  n\u00b086-442  du  14  mars  1986  relatif  \u00e0  la  d\u00e9signation  des  m\u00e9decins  agr\u00e9\u00e9s,\n\u00e0  l'organisation  des  conseils  m\u00e9dicaux,  aux  conditions  d'aptitude  physique  pour\nl'admission  aux  emplois  publics  et  au  r\u00e9gime  de  cong\u00e9s  de  maladie  des\nfonctionnaires ;\nVu  le  d\u00e9cret  n\u00b095-1197  du  6  novembre  1995  portant  d\u00e9concentration  en  mati\u00e8re  de\ngestion  des  personnels  de  la  police  nationale  modifi\u00e9  par  le  d\u00e9cret  n\u00b096-1141  du  24\nd\u00e9cembre 1996 et par le d\u00e9cret n\u00b0 2005-1723 du 30 d\u00e9cembre 2005 ;\nVu le d\u00e9cret 2006-1780 du 23 d\u00e9cembre 2006 portant d\u00e9l\u00e9gation de pouvoir en mati\u00e8re de\nrecrutement et de gestion de certains personnels relevant du minist\u00e8re de l'Int\u00e9rieur ;\nVu le d\u00e9cret n\u00b097-1999 du 5 mars 1997 modifi\u00e9 relatif au remboursement de certaines ;\nd\u00e9penses support\u00e9es par les forces de police et de gendarmerie ;\nVu le d\u00e9cret n\u00b02004-112 du 6 f\u00e9vrier 2004 relatif \u00e0 l'organisation des actions de l'\u00c9tat en\nmer ;\nVu  le  d\u00e9cret  n\u00b02004-374  du  29  avril  2004  modifi\u00e9  relatif  aux  pouvoirs  des  pr\u00e9fets,  \u00e0\nl'organisation et \u00e0 l'action des services de l'\u00c9tat dans les r\u00e9gions et les d\u00e9partements ;\nVu  le  d\u00e9cret  n\u00b0  2004-1339  du  7  d\u00e9cembre  2004  relatif  \u00e0  la  d\u00e9concentration  de  la\nrepr\u00e9sentation de l'\u00c9tat devant les tribunaux administratifs dans les litiges n\u00e9s de d\u00e9cisions\nprises par les pr\u00e9fets sous l'autorit\u00e9 desquels sont plac\u00e9s les SGAP ;\nVu le d\u00e9cret n\u00b02018-1075 du 03 d\u00e9cembre 2018 portant partie r\u00e9glementaire du code de la\ncommande publique ;\nVu le d\u00e9cret n\u00b02006-1780 du 23 d\u00e9cembre 2006 portant d\u00e9l\u00e9gation de pouvoir en mati\u00e8re\nde recrutement et de gestion de certains personnels relevant du minist\u00e8re de l'Int\u00e9rieur ;\nVu le d\u00e9cret n\u00b02009-1725 du 30 d\u00e9cembre 2009 modifiant certaines dispositions relatives\naux d\u00e9l\u00e9gations de pouvoir en mati\u00e8re de recrutement et de gestion de certains personnels\ndu minist\u00e8re de l'Int\u00e9rieur ;\nVu le d\u00e9cret n\u00b0 2010-224 du 4 mars 2010 relatif aux pouvoirs des pr\u00e9fets de zone de\nd\u00e9fense et de s\u00e9curit\u00e9 ;\nVu le d\u00e9cret n\u00b02012-1151 du 15 octobre 2012 relatif \u00e0 l'organisation et \u00e0 l'action des services\nde l'\u00c9tat dans le d\u00e9partement des Bouches-du-Rh\u00f4ne ;\nVu le d\u00e9cret n\u00b0 2012-1246 du 7 novembre 2012 relatif \u00e0 la gestion budg\u00e9taire et comptable\npublique ;\nVu  le  d\u00e9cret  n\u00b02014-296  du  6  mars  2014  relatif  aux  secr\u00e9tariats  g\u00e9n\u00e9raux  pour\nl'administration du minist\u00e8re de l'Int\u00e9rieur et modifiant diverses dispositions du code de la\nd\u00e9fense et de la s\u00e9curit\u00e9 int\u00e9rieure ;\nSecr\u00e9tariat g\u00e9n\u00e9ral pour l'administration du minist\u00e8re de l'int\u00e9rieur - 13-2025-04-25-00009 - Arr\u00eat\u00e9 du 25 avril 2025 portant d\u00e9l\u00e9gation\nde signature \u00e0 M. Olivier MARMION,\nsecr\u00e9taire g\u00e9n\u00e9ral de la zone de d\u00e9fense et de s\u00e9curit\u00e9 Sud aupr\u00e8s du pr\u00e9fet de la r\u00e9gion  Provence-Alpes-C\u00f4te d'Azur, pr\u00e9fet de la\nzone de d\u00e9fense et de s\u00e9curit\u00e9 Sud, pr\u00e9fet des Bouches-du-Rh\u00f4ne\n73\nVu le d\u00e9cret n\u00b0 2015-1625 du 10 d\u00e9cembre 2015 relatif \u00e0 la composition des zones de\nd\u00e9fense et de s\u00e9curit\u00e9, des r\u00e9gions de gendarmerie et des groupements de gendarmerie\nd\u00e9partementale ;\nVu  le  d\u00e9cret  n\u00b0  2016-1937  du  29  d\u00e9cembre  2016  portant  r\u00e9partition  des  cr\u00e9dits  et\nd\u00e9couverts autoris\u00e9s par la loi n\u00b0 2016-1917 pr\u00e9cit\u00e9e ;\nVu le d\u00e9cret du 25 novembre 2022 portant nomination de M. Olivier MARMION, en qualit\u00e9\nde secr\u00e9taire g\u00e9n\u00e9ral de la zone de d\u00e9fense et de s\u00e9curit\u00e9 Sud aupr\u00e8s du pr\u00e9fet de la r\u00e9gion\nProvence-Alpes-C\u00f4te d'Azur, pr\u00e9fet de la zone de d\u00e9fense et de s\u00e9curit\u00e9 Sud, pr\u00e9fet des\nBouches-du-Rh\u00f4ne ;\nVu le d\u00e9cret du 9 janvier 2024 portant nomination de M. Arnaud VIEULES, coordonnateur\npour  la  s\u00e9curit\u00e9  aupr\u00e8s  des  pr\u00e9fets  de  Haute-Corse  et  de  Corse-du-Sud  et  charg\u00e9  de\nmission aupr\u00e8s du pr\u00e9fet de Corse, pr\u00e9fet de la Corse-du-Sud, et du pr\u00e9fet de la Haute-\nCorse ;\nVu le d\u00e9cret du 3 janvier 2025 portant nomination de M. Georges-Fran\u00e7ois LECLERC, en\nqualit\u00e9 de pr\u00e9fet de la r\u00e9gion Provence-Alpes-C\u00f4te d'Azur, pr\u00e9fet de la zone de d\u00e9fense et\nde s\u00e9curit\u00e9 Sud, pr\u00e9fet des Bouches-du-Rh\u00f4ne ;\nVu le d\u00e9cret du 12 mars 2025 portant nomination du pr\u00e9fet de la r\u00e9gion Provence-Alpes-\nC\u00f4te d'Azur, pr\u00e9fet de la zone de d\u00e9fense et de s\u00e9curit\u00e9 Sud, pr\u00e9fet des Bouches-du-Rh\u00f4ne,\nen outre pr\u00e9fet de police des Bouches-du-Rh\u00f4ne - M. LECLERC (Georges-Fran\u00e7ois) ;\nVu l'arr\u00eat\u00e9 interminist\u00e9riel du 8 d\u00e9cembre 1993 modifi\u00e9 portant r\u00e8glement de comptabilit\u00e9\npour la d\u00e9signation des ordonnateurs secondaires et de leurs d\u00e9l\u00e9gu\u00e9s ;\nVu  l'arr\u00eat\u00e9  minist\u00e9riel  du  30  d\u00e9cembre  2005  portant  d\u00e9concentration  en  mati\u00e8re  de\ngestion des fonctionnaires actifs des services de la police nationale ;\nVu l'arr\u00eat\u00e9 minist\u00e9riel du 30 d\u00e9cembre 2005 modifi\u00e9 portant d\u00e9concentration en mati\u00e8re\nde gestion des fonctionnaires des corps administratifs, techniques et scientifiques de la\npolice nationale ;\nVu l'arr\u00eat\u00e9 minist\u00e9riel du 8 octobre 2009 instituant des commissions consultatives paritaires\ncomp\u00e9tentes \u00e0 l'\u00e9gard des adjoints de s\u00e9curit\u00e9 recrut\u00e9s en application de l'article 36 de la\nloi n\u00b0 95-73 du 21 janvier 1995 d'orientation et de programmation relative \u00e0 la s\u00e9curit\u00e9 ;\nVu l'arr\u00eat\u00e9 minist\u00e9riel du 30 d\u00e9cembre 2009 portant d\u00e9l\u00e9gation de pouvoir en mati\u00e8re de\nrecrutement et de gestion des personnels administratifs du minist\u00e8re de l'Int\u00e9rieur, de\nl'outre-mer et des collectivit\u00e9s territoriales ;\nVu l'arr\u00eat\u00e9 minist\u00e9riel du 30 d\u00e9cembre 2009 portant d\u00e9l\u00e9gation de pouvoir en mati\u00e8re de\nrecrutement et de gestion de certains personnels techniques et sp\u00e9cialis\u00e9s du minist\u00e8re de\nl'Int\u00e9rieur, de l'outre-mer et des collectivit\u00e9s territoriales ;\nVu l'arr\u00eat\u00e9 minist\u00e9riel du 6 mars 2014 portant organisation des secr\u00e9tariats g\u00e9n\u00e9raux pour\nl'administration du minist\u00e8re de l'Int\u00e9rieur ;\nSecr\u00e9tariat g\u00e9n\u00e9ral pour l'administration du minist\u00e8re de l'int\u00e9rieur - 13-2025-04-25-00009 - Arr\u00eat\u00e9 du 25 avril 2025 portant d\u00e9l\u00e9gation\nde signature \u00e0 M. Olivier MARMION,\nsecr\u00e9taire g\u00e9n\u00e9ral de la zone de d\u00e9fense et de s\u00e9curit\u00e9 Sud aupr\u00e8s du pr\u00e9fet de la r\u00e9gion  Provence-Alpes-C\u00f4te d'Azur, pr\u00e9fet de la\nzone de d\u00e9fense et de s\u00e9curit\u00e9 Sud, pr\u00e9fet des Bouches-du-Rh\u00f4ne\n74\nVu l'arr\u00eat\u00e9 minist\u00e9riel du 26 janvier 2015 portant d\u00e9l\u00e9gation de pouvoir en mati\u00e8re de\nrecrutement et de gestion de certains ouvriers d'\u00c9tat du minist\u00e8re de l'Int\u00e9rieur ;\nVu l'arr\u00eat\u00e9 minist\u00e9riel du 26 janvier 2015 portant d\u00e9l\u00e9gation de pouvoir en mati\u00e8re de\nrecrutement et de gestion des personnels administratifs du minist\u00e8re de l'Int\u00e9rieur ;\nVu l'arr\u00eat\u00e9 minist\u00e9riel du 26 janvier 2015 portant d\u00e9l\u00e9gation de pouvoir en mati\u00e8re de\nrecrutement et de gestion de certains personnels techniques et sp\u00e9cialis\u00e9s du minist\u00e8re de\nl'Int\u00e9rieur ;\nVu  l'arr\u00eat\u00e9  minist\u00e9riel  du  27  janvier  2015  fixant  les  modalit\u00e9s  de  recrutement  et  de\nformation des adjoints de s\u00e9curit\u00e9 au titre du d\u00e9veloppement d'activit\u00e9 pour l'emploi des\njeunes ;\nVu l'arr\u00eat\u00e9 minist\u00e9riel du 27 janvier 2015 modifiant l'arr\u00eat\u00e9 du 24 ao\u00fbt 2000 fixant les droits\net obligations des adjoints de s\u00e9curit\u00e9 recrut\u00e9s au titre du d\u00e9veloppement d'activit\u00e9 pour\nl'emploi des jeunes ;\nVu  l'arr\u00eat\u00e9  minist\u00e9riel  du  16  mai  2023  portant  r\u00e9int\u00e9gration  de  Monsieur  David\nPREUD'HOMME en qualit\u00e9 de secr\u00e9taire g\u00e9n\u00e9ral adjoint pour l'administration du minist\u00e8re\nde l'Int\u00e9rieur \u00e0 Marseille \u00e0 compter du 1er ao\u00fbt 2023.\nVu l'arr\u00eat\u00e9 du 18 juillet 2013 relatif \u00e0 l'organisation et aux attributions des \u00e9chelons de\ncommandement de la gendarmerie nationale en m\u00e9tropole ;\nVu l'arr\u00eat\u00e9 pr\u00e9fectoral du 24 juillet 2014 portant organisation du secr\u00e9tariat g\u00e9n\u00e9ral pour\nl'administration du minist\u00e8re de l'Int\u00e9rieur (SGAMI) de la zone de d\u00e9fense et de s\u00e9curit\u00e9\nSud ;\nVu l'arr\u00eat\u00e9 pr\u00e9fectoral du 20 avril 2017 portant cr\u00e9ation du centre zonal op\u00e9rationnel de\ncrise (CeZOC) ;\nVu la d\u00e9cision de la DGGN n\u00b051 917 du 16 juillet 2014 portant changement de rattachement\norganique des centres de soutien automobiles de la gendarmerie (CSAG) au sein de la\nr\u00e9gion de gendarmerie zone de d\u00e9fense et de s\u00e9curit\u00e9 Sud ;\nSur proposition du secr\u00e9taire g\u00e9n\u00e9ral de la zone de d\u00e9fense et de s\u00e9curit\u00e9 Sud,\nA R R E T E\nARTICLE 1 :\nDe donner d\u00e9l\u00e9gation  \u00e0 M. Olivier MARMION, secr\u00e9taire g\u00e9n\u00e9ral de la zone de d\u00e9fense et\nde s\u00e9curit\u00e9 Sud, pour :\n- toutes mati\u00e8res relevant des missions g\u00e9n\u00e9rales du pr\u00e9fet de la zone de d\u00e9fense et de\ns\u00e9curit\u00e9 Sud, \u00e0 l'exception de l'approbation des plans zonaux ;\nSecr\u00e9tariat g\u00e9n\u00e9ral pour l'administration du minist\u00e8re de l'int\u00e9rieur - 13-2025-04-25-00009 - Arr\u00eat\u00e9 du 25 avril 2025 portant d\u00e9l\u00e9gation\nde signature \u00e0 M. Olivier MARMION,\nsecr\u00e9taire g\u00e9n\u00e9ral de la zone de d\u00e9fense et de s\u00e9curit\u00e9 Sud aupr\u00e8s du pr\u00e9fet de la r\u00e9gion  Provence-Alpes-C\u00f4te d'Azur, pr\u00e9fet de la\nzone de d\u00e9fense et de s\u00e9curit\u00e9 Sud, pr\u00e9fet des Bouches-du-Rh\u00f4ne\n75\n- la gestion op\u00e9rationnelle d\u00e9concentr\u00e9e des forces mobiles de la zone de d\u00e9fense et de\ns\u00e9curit\u00e9 Sud conform\u00e9ment aux dispositions des articles R.122-10 et R.122-11 du code\nde la s\u00e9curit\u00e9 int\u00e9rieure ;\n- l'animation  et  la  coordination  des  organismes  zonaux  relevant  des  comp\u00e9tences\nd\u00e9volues \u00e0 l'\u00e9tat-major interminist\u00e9riel de zone (EMIZ), au centre zonal op\u00e9rationnel de\ncrise (CeZOC) et au secr\u00e9tariat g\u00e9n\u00e9ral pour l'administration du minist\u00e8re de l'Int\u00e9rieur\nde la zone de d\u00e9fense et de s\u00e9curit\u00e9 sud (SGAMI).\nEn ce qui concerne  les actes  relatifs \u00e0 la commande publique pass\u00e9s par le secr\u00e9tariat\ng\u00e9n\u00e9ral  pour  l'administration  du  minist\u00e8re  de  l'int\u00e9rieur  (SGAMI)  sud,  en  sa  qualit\u00e9  de\npouvoir adjudicateur, de donner d\u00e9l\u00e9gation \u00e0 M. Olivier MARMION, secr\u00e9taire g\u00e9n\u00e9ral de la\nzone de d\u00e9fense et de s\u00e9curit\u00e9 Sud, jusqu'\u00e0 3 000 000 \u20ac HT pour :\n- les op\u00e9rations immobili\u00e8res financ\u00e9es sur les programmes 152, 161, 176, 216, 303, 362,\n348, 349, 363 et 723 sur l'ensemble de la zone de d\u00e9fense et de s\u00e9curit\u00e9 Sud,\n- les op\u00e9rations immobili\u00e8res financ\u00e9es au titre de l'entretien des b\u00e2timents de l'\u00c9tat\n\u00ab programme 723  \u00bb pour le compte des services de police implant\u00e9s dans la r\u00e9gion\nProvence-Alpes-C\u00f4te d'Azur,\n- les march\u00e9s de fonctionnement sup\u00e9rieurs \u00e0 40  000 \u20ac HT financ\u00e9s sur les programmes\n176, 161,152, 216 et 303, 362 et 363,\n-  les op\u00e9rations num\u00e9riques financ\u00e9es sur les programmes 161, 207 et 303.\nEn  tant  que  responsable  de  budget  op\u00e9rationnel  de  programme  (RBOP)  zonal  176, de\ndonner d\u00e9l\u00e9gation \u00e0 M. Olivier MARMION pour recevoir et r\u00e9partir les cr\u00e9dits vers les unit\u00e9s\nop\u00e9rationnelles, et proc\u00e9der \u00e0 des r\u00e9-allocations en cours d'exercice budg\u00e9taire.\nEn tant que responsable d'unit\u00e9s op\u00e9rationnelles (RUO), de donner d\u00e9l\u00e9gation  \u00e0 M. Olivier\nMARMION pour proc\u00e9der \u00e0 l'ordonnancement secondaire des recettes et des d\u00e9penses de\nl'\u00c9tat dans le champ de comp\u00e9tence du SGAMI Sud, concernant les programmes suivants :\n\u2013 176 Police nationale,\n\u2013 216 Conduite et pilotage des politiques de l'Int\u00e9rieur,\n\u2013 303 Immigration et asile,\n\u2013 362 Plan de relance \u2013 \u00e9cologie.\nARTICLE 2     :\n2.1 -  En  application  de  l'article  R.  122-51  du  code  de  la  s\u00e9curit\u00e9  int\u00e9rieure,  de  donner\nd\u00e9l\u00e9gation \u00e0 M. Olivier MARMION, secr\u00e9taire g\u00e9n\u00e9ral de la zone de d\u00e9fense et de s\u00e9curit\u00e9\nSud, en ce qui concerne les missions relatives \u00e0 la protection de la for\u00eat m\u00e9diterran\u00e9enne, \u00e0\nl'effet de signer tous documents, \u00e0 l'exception des instructions g\u00e9n\u00e9rales et des d\u00e9cisions \u00e0\ncaract\u00e8re r\u00e9glementaire et de prendre toute d\u00e9cision de r\u00e9partition des cr\u00e9dits allou\u00e9s au\ntitre des  subventions  d'\u00c9tat  sur  la  D\u00e9fense  des  For\u00eats  Contre  l'Incendie  (DFCI)  du\nprogramme  149  du  minist\u00e8re  de  l'agriculture  et  de  la  souverainet\u00e9  alimentaire  (ligne\nbudg\u00e9taire  149-26-04). D e  donner  \u00e9galement  d\u00e9l\u00e9gation  pour  l'ordonnancement\nsecondaire des d\u00e9penses sur la ligne budg\u00e9taire 149-26-04 (centre financier 0149-C001-\nDPFM).\nSecr\u00e9tariat g\u00e9n\u00e9ral pour l'administration du minist\u00e8re de l'int\u00e9rieur - 13-2025-04-25-00009 - Arr\u00eat\u00e9 du 25 avril 2025 portant d\u00e9l\u00e9gation\nde signature \u00e0 M. Olivier MARMION,\nsecr\u00e9taire g\u00e9n\u00e9ral de la zone de d\u00e9fense et de s\u00e9curit\u00e9 Sud aupr\u00e8s du pr\u00e9fet de la r\u00e9gion  Provence-Alpes-C\u00f4te d'Azur, pr\u00e9fet de la\nzone de d\u00e9fense et de s\u00e9curit\u00e9 Sud, pr\u00e9fet des Bouches-du-Rh\u00f4ne\n76\nPour  l'exercice  de  ses  attributions,  M.  Olivier  MARMION  dispose  de  la  d\u00e9l\u00e9gation  \u00e0  la\nprotection de la for\u00eat m\u00e9diterran\u00e9enne (DPFM).\n2.2 - En cas d'absence ou d'emp\u00eachement de M. Olivier MARMION, de donner d\u00e9l\u00e9gation\nde  signature aux  charg\u00e9s  de  mission  de  la  DPFM,  Mme  Ondine  LE  FUR, ing\u00e9nieure\ndivisionnaire de l'agriculture et de l'environnement, lieutenant-colonel Michel MAUFROY et\nMme Sandrine CANAS, ing\u00e9nieure divisionnaire de l'agriculture et de l'environnement pour\nsigner tous documents et pi\u00e8ces comptables relevant de leurs attributions, \u00e0 l'exclusion des\ninstructions g\u00e9n\u00e9rales, des d\u00e9cisions \u00e0 caract\u00e8re r\u00e9glementaire et des courriers adress\u00e9s aux\nministres, aux pr\u00e9fets et aux \u00e9lus.\nDe donner \u00e9galement d\u00e9l\u00e9gation  pour l'ordonnancement secondaire des  d\u00e9penses sur la\nligne budg\u00e9taire 149-26-04 centre financier 0149-C001-DPFM. \nPour les demandes d'achat et de subvention, ainsi que pour les constatations de service fait\ndans Chorus Formulaires, de donner d\u00e9l\u00e9gation \u00e0 Mmes Ondine LE FUR et Sandrine CANAS\npour la saisie et la validation.\nARTICLE 3 :\nEn cas d'absence ou d'emp\u00eachement de M. Olivier MARMION, de donner la d\u00e9l\u00e9gation qui\nlui est consentie \u00e0 l'article 1 er, pour ce qui concerne l'\u00e9tat-major interminist\u00e9riel de zone, \u00e0\nl'inspecteur g\u00e9n\u00e9ral Jean-Yves NOISETTE, chef de l'\u00e9tat-major interminist\u00e9riel de la zone de\nd\u00e9fense et de s\u00e9curit\u00e9 Sud.\nEn cas d'absence ou d'emp\u00eachement de l'inspecteur g\u00e9n\u00e9ral Jean-Yves NOISETTE, chef de\nl'\u00e9tat-major interminist\u00e9riel de la zone de d\u00e9fense et de s\u00e9curit\u00e9 Sud,  de donner d\u00e9l\u00e9gation\nau lieutenant-colonel Christophe RATINAUD, adjoint au chef de l'\u00c9tat-major interminist\u00e9riel\nde la zone de d\u00e9fense et de s\u00e9curit\u00e9 Sud.\nEn l'absence du chef de l' \u00c9tat-major et de son adjoint, de donner d\u00e9l\u00e9gation de signature\nau chef COZ de permanence sur les sujets op\u00e9rationnels suivants et d\u00e8s lors que l'urgence\nde la situation l'impose :\n- les messages de commandement du COZ ;\n- les arr\u00eat\u00e9s de mesures de police administrative du plan zonal de gestion de trafic ;\n- les demandes de concours aux arm\u00e9es.\nARTICLE 4     :\nEn cas d'absence ou d'emp\u00eachement de M.  Olivier MARMION ,  de donner d\u00e9l\u00e9gation de\nsignature :\npour  la  gestion  administrative  et  financi\u00e8re  du  Centre  zonal  Op\u00e9rationnel  de  Crise\n(CeZOC), et pour l'engagement de d\u00e9penses n'exc\u00e9dant pas 5 000 \u20ac HT, \u00e0 :\n\u2013 Mme  Florence  ARNOLDY,  attach\u00e9e  d'administration  de  l'\u00c9tat  hors-classe,  cheffe  de\ncabinet adjointe du CeZOC ;\npour  la  signature  des  ordres  de  mission  des  personnels  affect\u00e9s  \u00e0  l'\u00c9tat-major\nSecr\u00e9tariat g\u00e9n\u00e9ral pour l'administration du minist\u00e8re de l'int\u00e9rieur - 13-2025-04-25-00009 - Arr\u00eat\u00e9 du 25 avril 2025 portant d\u00e9l\u00e9gation\nde signature \u00e0 M. Olivier MARMION,\nsecr\u00e9taire g\u00e9n\u00e9ral de la zone de d\u00e9fense et de s\u00e9curit\u00e9 Sud aupr\u00e8s du pr\u00e9fet de la r\u00e9gion  Provence-Alpes-C\u00f4te d'Azur, pr\u00e9fet de la\nzone de d\u00e9fense et de s\u00e9curit\u00e9 Sud, pr\u00e9fet des Bouches-du-Rh\u00f4ne\n77\ninterminist\u00e9riel de la zone de d\u00e9fense et de s\u00e9curit\u00e9 Sud, \u00e0 :\n\u2013 l'inspecteur g\u00e9n\u00e9ral Jean-Yves NOISETTE, chef de l'\u00c9tat-major interminist\u00e9riel de la zone\nde d\u00e9fense et de s\u00e9curit\u00e9 Sud,\n\u2013 lieutenant-colonel Christophe RATINAUD, adjoint au chef de l'\u00c9tat-major interminist\u00e9riel\nde la zone de d\u00e9fense et de s\u00e9curit\u00e9 Sud.\nARTICLE 5 :\nDe donner d \u00e9l\u00e9gation de signature  \u00e0 M.  Olivier MARMION , \u00e0 l'effet de signer les arr\u00eat\u00e9s,\nd\u00e9cisions, lettres et notes dans les mati\u00e8res \u00e9num\u00e9r\u00e9es ci-apr\u00e8s :\n- gestion administrative et financi\u00e8re des personnels de la police nationale, des syst\u00e8mes\nd'information  et  de  communication,  des  services  techniques  et  des  ouvriers  d'\u00c9tat  du\nminist\u00e8re de l'Int\u00e9rieur, des personnels administratifs affect\u00e9s en p\u00e9rim\u00e8tre police, des\npersonnels de la police scientifique ainsi que des personnels plac\u00e9s dans le dispositif de\nr\u00e9serve op\u00e9rationnelle ;\n- gestion  administrative  et  financi\u00e8re  des  personnels  civils  affect\u00e9s  dans  les  services\nd\u00e9concentr\u00e9s de la gendarmerie nationale de la zone de d\u00e9fense et de s\u00e9curit\u00e9 Sud ;\n-   gestion  administrative  et  financi\u00e8re  des  personnels  civils  affect\u00e9s  dans  les  services\nd\u00e9concentr\u00e9s du SGAMI Sud ;\n- pr\u00e9-liquidation de la paie des personnels du minist\u00e8re de l'Int\u00e9rieur affect\u00e9s dans le ressort\nterritorial de la zone de d\u00e9fense et de s\u00e9curit\u00e9 Sud ;\n- organisation et fonctionnement des commissions administratives paritaires comp\u00e9tentes\npour les agents relevant du corps d'encadrement et d'application, des agents sp\u00e9cialis\u00e9s de\npolice technique et scientifique, des cat\u00e9gories B et C techniques, au sein de la zone de\nd\u00e9fense et de s\u00e9curit\u00e9 Sud ;\n- prise  des  sanctions  du  premier  groupe  pour  les  agents  relevant  des  corps  d'adjoint\nadministratif,  de  secr\u00e9taire  administratif  de  l'int\u00e9rieur  et  d'attach\u00e9  d'administration  de\nl'\u00c9tat affect\u00e9s au SGAMI Sud  et  dans les services d\u00e9concentr\u00e9s de la police nationale au\nsein de la zone de d\u00e9fense et de s\u00e9curit\u00e9 Sud ;\n- prise  des  sanctions  du  premier  groupe  pour  les  agents  relevant  des  corps  d'adjoint\ntechnique de l'int\u00e9rieur, de contr\u00f4leur des services techniques, d'ing\u00e9nieur des services\ntechniques, d'agent SIC, de technicien SIC et d'ing\u00e9nieur SIC, affect\u00e9s au SGAMI Sud et\ndans les services d\u00e9concentr\u00e9s de la police nationale au sein de la zone de d\u00e9fense et de\ns\u00e9curit\u00e9 Sud ;\n\u2013 prise des sanctions de l'avertissement et du bl\u00e2me pour les policiers r\u00e9servistes affect\u00e9s au\nsein de la zone de d\u00e9fense et de S\u00e9curit\u00e9 Sud ;\n- prise des sanctions du premier groupe pour les policiers adjoints affect\u00e9s au sein de la zone\nde d\u00e9fense et de s\u00e9curit\u00e9 Sud ;\n- organisation  et  fonctionnement  des  commissions  consultatives  paritaires  si\u00e9geant  en\nconseil de discipline comp\u00e9tentes pour les contractuels recrut\u00e9s au niveau zonal en tant\nque policiers adjoints et cadets de la R\u00e9publique ;\n-   organisation  et  fonctionnement  des  comit\u00e9s  m\u00e9dicaux  interd\u00e9partementaux  pour  les\nfonctionnaires de police actifs ;\nSecr\u00e9tariat g\u00e9n\u00e9ral pour l'administration du minist\u00e8re de l'int\u00e9rieur - 13-2025-04-25-00009 - Arr\u00eat\u00e9 du 25 avril 2025 portant d\u00e9l\u00e9gation\nde signature \u00e0 M. Olivier MARMION,\nsecr\u00e9taire g\u00e9n\u00e9ral de la zone de d\u00e9fense et de s\u00e9curit\u00e9 Sud aupr\u00e8s du pr\u00e9fet de la r\u00e9gion  Provence-Alpes-C\u00f4te d'Azur, pr\u00e9fet de la\nzone de d\u00e9fense et de s\u00e9curit\u00e9 Sud, pr\u00e9fet des Bouches-du-Rh\u00f4ne\n78\n- organisation des dialogues sociaux d'avancement des ouvriers d'\u00c9tat ;\n- gestion  administrative,  financi\u00e8re,  du  fonctionnement  et  du  mat\u00e9riel  du  BOP  n\u00b07  du\nprogramme 176, de l'unit\u00e9 op\u00e9rationnelle (UO) 0216-CSGA-DSud et de l'UO 0176-CCSC-\nDM13 ;\n- recrutement  et  formation  des  personnels  actifs  de  police,  des  personnels  techniques,\nscientifiques  et  contractuels  du  minist\u00e8re  de  l'Int\u00e9rieur  dont  notamment  les  policiers\nadjoints et les cadets de la R\u00e9publique ;\n- repr\u00e9sentation de l'\u00c9tat en mati\u00e8re contentieuse devant les juridictions administratives ;\n- protection juridique des personnels actifs, scientifiques, techniques et administratifs \nrelevant des services de la police nationale ; \n\u2013 protection juridique des personnels du SGAMI, hors instruction par la DLPAJ ;\n\u2013 r\u00e9paration  des  dommages  accidentels,  hors  accident  de  la  circulation  impliquant  un\nv\u00e9hicule administratif ou tiers, ou r\u00e9sultant d'un accident de service et recouvrement des\nd\u00e9bours de l'\u00c9tat r\u00e9sultant d'accidents ou d'actes volontaires ;\n- institution, modification ou fermeture des r\u00e9gies d'avances et de recettes pour les services\nrelevant du SGAMI de la zone de d\u00e9fense et de s\u00e9curit\u00e9 Sud ainsi que la nomination et la\ncessation de fonction des r\u00e9gisseurs, des mandataires suppl\u00e9ants et des mandataires ;\n- pr\u00e9paration  et  conduite  d'op\u00e9rations  immobili\u00e8res  de  la  police  nationale  et  de  la\ngendarmerie nationale et, \u00e0 la demande des pr\u00e9fets de d\u00e9partement de la zone de d\u00e9fense\net de s\u00e9curit\u00e9 Sud, la gestion des op\u00e9rations immobili\u00e8res des autres services du minist\u00e8re\nde l'int\u00e9rieur ;\n- en tant que repr\u00e9sentant du pouvoir adjudicateur les actes relatifs \u00e0 la commande publique\npass\u00e9s  pour  les  besoins  logistiques,  techniques  et  immobiliers  de  fonctionnement  et\nd'investissement de la zone de d\u00e9fense et de s\u00e9curit\u00e9 Sud ;\n- en mati\u00e8re financi\u00e8re et comptable  : les protocoles transactionnels, les mandats et ordres\nde paiement, les bordereaux d'\u00e9mission, les titres de recettes, les ordres de reversement et\npi\u00e8ces comptables de tous ordres, les formules rendant ex\u00e9cutoires les titres de perception\n\u00e9mis pour le recouvrement des cr\u00e9ances de l'\u00c9tat, \u00e9trang\u00e8res \u00e0 l'imp\u00f4t et aux domaines,\nentrant normalement dans les attributions du secr\u00e9tariat g\u00e9n\u00e9ral pour l'administration du\nminist\u00e8re de l'Int\u00e9rieur. Sont exclues de la d\u00e9l\u00e9gation, la r\u00e9quisition du comptable et la\npossibilit\u00e9 de passer outre le visa du contr\u00f4leur financier r\u00e9gional ;\n- les arr\u00eat\u00e9s, les d\u00e9cisions, les pi\u00e8ces comptables (contrats, bons de commande) et actes\nrelevant des attributions de la direction des syst\u00e8mes d'information et de communication,\n\u00e0 l'exception des rapports aux ministres.\nARTICLE 6     :  \nDe  donner  d\u00e9l\u00e9gation  \u00e0  M.  David  PREUD'HOMME,  secr\u00e9taire  g\u00e9n\u00e9ral  adjoint  pour\nl'administration du minist\u00e8re de l'int\u00e9rieur de la zone de d\u00e9fense et de s\u00e9curit\u00e9 Sud, \u00e0\nl'effet de signer les actes relatifs \u00e0 la commande publique dans la limite de 500 000 \u20ac HT.\nEn cas d'absence ou d'emp\u00eachement de M. Olivier MARMION, de donner la d\u00e9l\u00e9gation qui\nlui est consentie, \u00e0 l'article 5 et aux paragraphes deux et trois de l'article 1, \u00e0  M. David\nPREUD'HOMME, secr\u00e9taire g\u00e9n\u00e9ral adjoint pour l'administration du minist\u00e8re de l'int\u00e9rieur\nde la zone de d\u00e9fense et de s\u00e9curit\u00e9 Sud, sauf pour l'\u00e9l\u00e9vation des conflits aupr\u00e8s du\nSecr\u00e9tariat g\u00e9n\u00e9ral pour l'administration du minist\u00e8re de l'int\u00e9rieur - 13-2025-04-25-00009 - Arr\u00eat\u00e9 du 25 avril 2025 portant d\u00e9l\u00e9gation\nde signature \u00e0 M. Olivier MARMION,\nsecr\u00e9taire g\u00e9n\u00e9ral de la zone de d\u00e9fense et de s\u00e9curit\u00e9 Sud aupr\u00e8s du pr\u00e9fet de la r\u00e9gion  Provence-Alpes-C\u00f4te d'Azur, pr\u00e9fet de la\nzone de d\u00e9fense et de s\u00e9curit\u00e9 Sud, pr\u00e9fet des Bouches-du-Rh\u00f4ne\n79\ntribunal des conflits  et pour les actes relatifs \u00e0 la commande publique pour lesquels la\nlimite de 500 000 \u20ac HT pr\u00e9c\u00e9demment consentie reste d'application.\nARTICLE 7 :\nEn cas d'absence ou d'emp\u00eachement de M. David PREUD'HOMME, de donner d\u00e9l\u00e9gation de\nsignature,  pour  tous  arr\u00eat\u00e9s,  d\u00e9cisions,  lettres  et  notes  \u00e9tablis  par  la  direction  des\nressources  humaines,  ainsi  que  pour  les  documents  administratifs  et  financiers  d'un\nmontant maximal de 40 000 euros HT \u00e0 Mme Fran\u00e7oise SIVY, conseill\u00e8re d'administration\nde l'int\u00e9rieur, directrice des ressources humaines.\nEn cas d'absence ou d'emp\u00eachement de Mme Fran\u00e7oise SIVY de donner d\u00e9l\u00e9gation \u00e0 Mme\nNadia  SECCHI,  conseill\u00e8re  d'administration  de  l'int\u00e9rieur,  adjointe  \u00e0  la  directrice  des\nressources humaines.\nPar  ailleurs,  en  cas  d'absence  ou  d'emp\u00eachement  de  Mme  Fran\u00e7oise  SIVY,  de  donner\nd\u00e9l\u00e9gation, dans la limite de leurs attributions respectives (actes et d\u00e9cisions courantes\nrelevant  de  la  gestion  financi\u00e8re  et  administrative  de  leurs  bureaux,  correspondances\ncourantes) \u00e0 :\n\u2013 Mme Nadia SECCHI, conseill\u00e8re d'administration de l'int\u00e9rieur, adjointe \u00e0 la directrice des\nressources humaines ;\n\u2013 M. Michel BOURELLY, attach\u00e9 principal d'administration de l'\u00c9tat, chef du bureau des\npersonnels actifs ;\n\u2013 Mme Fabienne ROUC AIROL, attach\u00e9e principale d'administration de l'\u00c9tat, adjointe au\nchef du bureau des personnels actifs ;\n\u2013 M. Olivier COTE, attach\u00e9 d'administration de l'\u00c9tat, chef du bureau du recrutement ;\n\u2013 Mme  Zahra  BETRAOUI,  attach\u00e9e  d'administration  de  l'\u00c9tat,  adjointe  au  chef  du\nrecrutement de l'\u00c9tat ;\n\u2013 Mme  Sandrine  GUINTI,  attach\u00e9e  principale  d'administration  de  l'\u00c9tat,  cheffe  du  p\u00f4le\nd'expertise et de services ;\n\u2013 Mme Marie-C\u00e9line TRISTANI, attach\u00e9e d'administration de l'\u00c9tat, adjointe au chef du p\u00f4le\nd'expertise et de services ;\n- Mme Camille CHEVALLIER, attach\u00e9e d'administration de l'\u00c9tat, cheffe du bureau des\ncontractuels ;\n\u2013 Madame Ad\u00e8le BOUFELDJA, attach\u00e9e d'administration de l'\u00c9tat, cheffe du bureau des\npersonnels administratifs, techniques et scientifiques ;\n\u2013 Mme Fanny ARTERO, attach\u00e9e d'administration de l'\u00c9tat, adjointe \u00e0 la cheffe du bureau\ndes personnels administratifs, techniques et scientifiques ;\n\u2013 Mme Marie-H\u00e9l\u00e8ne BOURDIER, attach\u00e9e d'administration de l'\u00c9tat, cheffe du bureau des\nressources humaines SGAMI ;\n\u2013 Mme Isabelle FAU, attach\u00e9e principale d'administration de l'\u00c9tat, cheffe du bureau des\naffaires m\u00e9dicales et sociales ;\n\u2013 M. Jean-Laurent GASPARD, attach\u00e9 d'administration de l'\u00c9tat, adjoint  au chef du bureau\ndes affaires m\u00e9dicales et sociales ;\n\u2013 Mme  Catherine  ALBERGNE,  attach\u00e9e  d'administration  de  l'\u00c9tat,  cheffe  du  p\u00f4le\nadministratif du service m\u00e9dical statutaire ; \nSecr\u00e9tariat g\u00e9n\u00e9ral pour l'administration du minist\u00e8re de l'int\u00e9rieur - 13-2025-04-25-00009 - Arr\u00eat\u00e9 du 25 avril 2025 portant d\u00e9l\u00e9gation\nde signature \u00e0 M. Olivier MARMION,\nsecr\u00e9taire g\u00e9n\u00e9ral de la zone de d\u00e9fense et de s\u00e9curit\u00e9 Sud aupr\u00e8s du pr\u00e9fet de la r\u00e9gion  Provence-Alpes-C\u00f4te d'Azur, pr\u00e9fet de la\nzone de d\u00e9fense et de s\u00e9curit\u00e9 Sud, pr\u00e9fet des Bouches-du-Rh\u00f4ne\n80\n\u2013 Mme  Catherine  FEUILLERAT,  attach\u00e9e  principale  d'administration  de  l'\u00c9tat,  cheffe  du\nbureau des affaires sociales \u00e0 la d\u00e9l\u00e9gation territoriale de Toulouse ;\n\u2013 Mme Natalie VILALTA, attach\u00e9e principale d'administration de l'\u00c9tat, cheffe du bureau\ndes personnels et du recrutement \u00e0 la d\u00e9l\u00e9gation territoriale de Toulouse ;\n\u2013 M. Cyril FURLAN, secr\u00e9taire administratif de classe normale, chef de section et adjoint au\nchef d u bureau des personnels actifs et du recrutement \u00e0 la d\u00e9l\u00e9gation territoriale de\nToulouse ;\n\u2013 Mme Marie-Laurence MAXIMIN, secr\u00e9taire administrative de classe sup\u00e9rieure, cheffe de\nsection  et  adjointe  au  chef  du  bureau  des  personnels  actifs  et  du  recrutement  \u00e0  la\nd\u00e9l\u00e9gation territoriale de Toulouse ;\n\u2013 Mme Isabelle PEREZ, secr\u00e9taire administrative de classe exceptionnelle, adjointe au chef\ndu bureau des affaires sociales \u00e0 la d\u00e9l\u00e9gation territoriale de Toulouse.\nARTICLE 8\n8.1 - De donner  d\u00e9l\u00e9gation \u00e0 M. S\u00e9bastien TRUET, attach\u00e9 hors classe d'administration de\nl'\u00c9tat, directeur de l'administration g\u00e9n\u00e9rale et des finances \u00e0 l'effet de signer les actes\nrelatifs \u00e0 la commande publique dans la limite de 250  000 \u20ac HT et les d\u00e9clarations de sous-\ntraitance.\nEn  cas  d'absence  ou  d'emp\u00eachement  de  M.  S\u00e9bastien  TRUET,  attach\u00e9  hors  classe\nd'administration de l'\u00c9tat, directeur de l'administration g\u00e9n\u00e9rale et des finances, de donner\nd\u00e9l\u00e9gation de signature \u00e0 M. Fr\u00e9d\u00e9ric BAILHE, attach\u00e9 hors classe d'administration de l'\u00c9tat,\nconseiller d'administration de l'int\u00e9rieur, directeur adjoint de l'administration g\u00e9n\u00e9rale et\ndes  finances,  pour  signer  les  actes  relatifs  \u00e0  la  commande  publique  dans  la  limite  de\n250 000 \u20ac HT et les d\u00e9clarations de sous-traitance.\nDe donner d\u00e9l\u00e9gation \u00e0 l'effet de signer  les actes relatifs \u00e0 la commande publique dans la\nlimite de 40 000 \u20ac HT \u00e0 :\n\u2013 M. Jean-Pierre CARL\u0116, attach\u00e9 hors classe d'administration de l'\u00c9tat, chef du bureau du\nbudget ;\n\u2013 M. Laurent LUCZAK, attach\u00e9 d'administration de l'\u00c9tat, adjoint au chef du bureau du\nbudget ;\n\u2013 M. David CURATOLO, capitaine OCTAGN, chef du p\u00f4le programmes 216 et 303, Bureau\ndu Budget ;\n\u2013 Adjudante-cheffe Sandy GUERRY, adjointe au chef du p\u00f4le programme 216 et 303, Bureau\ndu Budget ;\n\u2013 Mme Myriam SCHMISSER, attach\u00e9e d'administration de l'\u00c9tat, adjointe \u00e0 la cheffe du\nbureau de l'appui au pilotage ;\n\u2013 Mme Sania BOUSOUKA, attach\u00e9e principale d'administration de l'\u00c9tat, cheffe du bureau\nde la commande publique et des achats ;\n\u2013 Mme Zahia NASR, attach\u00e9e d'administration de l'\u00c9tat, adjointe \u00e0 la cheffe du bureau de la\ncommande publique et des achats, cheffe du p\u00f4le politique et performance des achats ;\n\u2013 M. Paul JOUHANNEAU, attach\u00e9 d'administration de l'\u00c9tat, chef du p\u00f4le \u00e9laboration et\nsuivi des proc\u00e9dures de march\u00e9s publics.\nSecr\u00e9tariat g\u00e9n\u00e9ral pour l'administration du minist\u00e8re de l'int\u00e9rieur - 13-2025-04-25-00009 - Arr\u00eat\u00e9 du 25 avril 2025 portant d\u00e9l\u00e9gation\nde signature \u00e0 M. Olivier MARMION,\nsecr\u00e9taire g\u00e9n\u00e9ral de la zone de d\u00e9fense et de s\u00e9curit\u00e9 Sud aupr\u00e8s du pr\u00e9fet de la r\u00e9gion  Provence-Alpes-C\u00f4te d'Azur, pr\u00e9fet de la\nzone de d\u00e9fense et de s\u00e9curit\u00e9 Sud, pr\u00e9fet des Bouches-du-Rh\u00f4ne\n81\n8.2 -  En  cas  d'absence  ou  d'emp\u00eachement  de  M.  David  PREUD'HOMME,  de  donner\nd\u00e9l\u00e9gation de signature  \u00e0 M. S\u00e9bastien TRUET, attach\u00e9 hors classe d'administration de\nl'\u00c9tat, directeur de l'administration g\u00e9n\u00e9rale et des finances pour :\n\u2013  les documents financiers et administratifs \u00e9tablis par la direction de l'administration\ng\u00e9n\u00e9rale et des finances, ainsi que l es arr\u00eat\u00e9s de concessions de logement au profit des\npersonnels  relevant  de  la  direction  g\u00e9n\u00e9rale  de  la  police  nationale  et  les  actes  de\nlocation pass\u00e9s pour les besoins des services de police relevant de son p\u00e9rim\u00e8tre (dans\nla limite de 250 000 \u20ac),\n\u2013 la  repr\u00e9sentation  de  l'\u00c9tat  en  mati\u00e8re  contentieuse  devant  les  juridictions\nadministratives,\n\u2013 la protection juridique des personnels de la police nationale et r\u00e9paration des pr\u00e9judices\ncaus\u00e9s \u00e0 ses agents lors de leurs missions ou du fait de leur qualit\u00e9,\n\u2013 la r\u00e9paration des dommages accidentels subis par les personnels et le recouvrement des\nd\u00e9bours de l'\u00c9tat r\u00e9sultant d'accidents ou d'actes volontaires.\nEn  cas  d'absence  ou  d'emp\u00eachement  de  M.  S\u00e9bastien  TRUET,  attach\u00e9  hors  classe\nd'administration de l'\u00c9tat, directeur de l'administration g\u00e9n\u00e9rale et des finances, de donner\nd\u00e9l\u00e9gation, dans la limite de leurs attributions respectives, \u00e0 :\n\u2013 M.  Fr\u00e9d\u00e9ric  BAILHE,  attach\u00e9  hors  classe  d'administration  de  l'\u00c9tat,  conseiller\nd'administration  de  l'int\u00e9rieur,  directeur  adjoint  de  l'administration  g\u00e9n\u00e9rale  et  des\nfinances ;\n\u2013 Mme Myriam SCHMISSER, attach\u00e9e d'administration de l'\u00c9tat, adjointe \u00e0 la cheffe du\nbureau de l'appui au pilotage ;\n\u2013 M. Jean-Pierre CARL\u0116, attach\u00e9 hors classe d'administration de l'\u00c9tat, chef du bureau du\nbudget ;\n\u2013 M. Laurent LUCZAK, attach\u00e9 d'administration de l'\u00c9tat, adjoint au chef du bureau du\nbudget ;\n\u2013 Capitaine David CURATOLO, chef du p\u00f4le programmes 216 et 303, bureau du budget ;\n\u2013 Mme Sylvie BERNARDINI, attach\u00e9e principale d'administration de l'\u00c9tat, cheffe du centre\nde Services Partag\u00e9s ;\n\u2013 Mme Jeanine MAWIT , attach\u00e9e d'administration de l'\u00c9tat, adjointe \u00e0 la cheffe du centre\nde services partag\u00e9s ;\n\u2013 M. Aur\u00e9lien WAECHTER, attach\u00e9 principal d'administration de l'\u00c9tat, chef du bureau des\nd\u00e9penses courantes (centre de services partag\u00e9s) ;\n\u2013 Mme MAGRET Sophie, attach\u00e9e d'administration de l'\u00c9tat, 1  adjointe au chef du bureau\u02b3\u1d49\ndes d\u00e9penses courantes ;\n\u2013 Major Eric MECENERO, 2  adjoint au chef du bureau des d\u00e9penses courantes\u1d48  ;\n\u2013 Mme Muriel MOSCATELLI, attach\u00e9e d'administration de l'\u00c9tat, cheffe du bureau d\u00e9penses\nm\u00e9tiers et recettes non fiscales ;\n\u2013 M.  Cyrille  CAMUGLI,  attach\u00e9  principal  d'administration  de  l'\u00c9tat,  chef  du  bureau  du\ncontentieux et du conseil juridique ;\n\u2013 Mme H\u00e9l\u00e8ne MARTINEZ, attach\u00e9e principale d'administration de l'\u00c9tat, adjointe au chef\ndu bureau du contentieux et du conseil juridique, cheffe du p\u00f4le protection juridique,\nindemnisation et recouvrement ;\n\u2013\u00a0Mme  Louisa  ABASSI,  attach\u00e9e  d'administration  de  l'\u00c9tat,  cheffe  du  p\u00f4le  contentieux\nadministratif et conseil juridique ;\n\u2013 Mme L\u00e6titia BEDNARZ, secr\u00e9taire administrative de classe exceptionnelle, cheffe de la\nsection indemnisation et recouvrement ;\n\u2013 Mme Anne BERNARD, secr\u00e9taire administrative de classe normale, cheffe de la section\nSecr\u00e9tariat g\u00e9n\u00e9ral pour l'administration du minist\u00e8re de l'int\u00e9rieur - 13-2025-04-25-00009 - Arr\u00eat\u00e9 du 25 avril 2025 portant d\u00e9l\u00e9gation\nde signature \u00e0 M. Olivier MARMION,\nsecr\u00e9taire g\u00e9n\u00e9ral de la zone de d\u00e9fense et de s\u00e9curit\u00e9 Sud aupr\u00e8s du pr\u00e9fet de la r\u00e9gion  Provence-Alpes-C\u00f4te d'Azur, pr\u00e9fet de la\nzone de d\u00e9fense et de s\u00e9curit\u00e9 Sud, pr\u00e9fet des Bouches-du-Rh\u00f4ne\n82\nprotection juridique.\n8.3 -  De  donner d\u00e9l\u00e9gation  de  signature  aux  fins  de  signer  les  bons  de  transport  et\nd'h\u00e9bergement aux personnes suivantes : M. S\u00e9bastien TRUET, M. Fr\u00e9d\u00e9ric BAILH\u00c9 , M. Jean-\nPierre  CARLE,  M.  Laurent  LUCZAK,  Mme  C\u00e9cile  HAMOUDI,  Mme  C\u00e9cile  FLORES,  Mme\nJustine BIET, Mme Liliane BROTO.\nARTICLE 9 :\n9.1 - D ans le cadre de l'ex\u00e9cution du programme 216,  de donner  d\u00e9l\u00e9gation  de signature\naux gestionnaires budg\u00e9taires de l'UO SGAMI Sud et des centres de co\u00fbts qui la composent\nselon les groupes utilisateurs joints en  annexe 1, afin de saisir les demandes d'achat dans\nChorus Formulaires, de les valider le cas \u00e9ch\u00e9ant et de constater et certifier le service fait.\nDe donner  autorisation  aux agents de l'UO SGAMI Sud d\u00e9tenteurs d'une carte achat de\nniveau 1  et/ou de niveau 3 \u00e0 effectuer des commandes et \u00e0  constater et certifier le service\nfait, en respectant le plafond par achat qui lui est allou\u00e9, et selon la liste jointe en annexe 2.\nLe d\u00e9tenteur de la carte achat de niveau 1 n'est pas autoris\u00e9 \u00e0 :\n\uf0b7 r\u00e9aliser des achats aupr\u00e8s de fournisseurs titulaires de march\u00e9s publics en dehors des\nfournitures non pr\u00e9vues dans ces march\u00e9s ;\n\uf0b7 d\u00e9roger \u00e0 la r\u00e8gle des march\u00e9s publics, en achetant des fournitures ou services faisant\nl'objet  d'un  march\u00e9  \u00e0  un  fournisseur  autre  que  le  titulaire  du  march\u00e9  (achat  de\nfournitures de bureau en grande surface ou sur des sites commerciaux).\n9.2 - De donner d\u00e9l\u00e9gation pour effectuer le pilotage des cr\u00e9dits de l'UO contentieux police\net  gendarmerie,  centre  financier :  0216-CACJ-DSud,  et  pour  signer  les  demandes  de\nr\u00e8glement :\n\u2022 \u00e0 M. David PREUD'HOMME,  secr\u00e9taire g\u00e9n\u00e9ral adjoint pour l'administration du minist\u00e8re\nd' l'int\u00e9rieur, \u00e0 hauteur de 250 000 \u20ac ;\n\u2022 \u00e0  M.  S\u00e9bastien  TRUET,  attach\u00e9  hors  classe  d'administration  de  l'\u00c9tat,  directeur  de\nl'administration g\u00e9n\u00e9rale et des finances  \u00e0 hauteur de 100 000 \u20ac ;\n\u2022 \u00e0  M.  Fr\u00e9d\u00e9ric  BAILHE,  attach\u00e9  hors  classe  d'administration  de  l'\u00c9tat,  conseiller\nd'administration  de  l'int\u00e9rieur,  directeur  adjoint  de  l'administration  g\u00e9n\u00e9rale  et  des\nfinances, \u00e0 hauteur de 100 000 \u20ac ;\n\u2022 \u00e0 M. Cyrille CAMUGLI, attach\u00e9 d'administration de l'Etat, chef du bureau du contentieux\net du conseil juridique, jusqu'\u00e0 25 000\u20ac ;\n\u2022 \u00e0 Mme H\u00e9l\u00e8ne MARTINEZ, attach\u00e9e principale d'administration de l'Etat, adjointe au\nchef du bureau du contentieux et du conseil juridique, jusqu'\u00e0 25 000 \u20ac ;\n\u2022 \u00e0 Mme Louise ABASSI, attach\u00e9e d'administration de l'Etat, jusqu'\u00e0 10 000 \u20ac ;\n\u2022 \u00e0 Mme La\u00ebtitia BEDNARZ, secr\u00e9taire administrative de classe exceptionnelle, jusqu'\u00e0 1\n500 \u20ac ;\n\u2022 \u00e0 Mme Anne BERNARD, secr\u00e9taire administrative de classe normale, jusqu'\u00e0 1 500 \u20ac.\nSecr\u00e9tariat g\u00e9n\u00e9ral pour l'administration du minist\u00e8re de l'int\u00e9rieur - 13-2025-04-25-00009 - Arr\u00eat\u00e9 du 25 avril 2025 portant d\u00e9l\u00e9gation\nde signature \u00e0 M. Olivier MARMION,\nsecr\u00e9taire g\u00e9n\u00e9ral de la zone de d\u00e9fense et de s\u00e9curit\u00e9 Sud aupr\u00e8s du pr\u00e9fet de la r\u00e9gion  Provence-Alpes-C\u00f4te d'Azur, pr\u00e9fet de la\nzone de d\u00e9fense et de s\u00e9curit\u00e9 Sud, pr\u00e9fet des Bouches-du-Rh\u00f4ne\n83\nARTICLE 10     :  \nEn cas d'absence ou d'emp\u00eachement de M. David PREUD'HOMME, de donner d\u00e9l\u00e9gation de\nsignature  \u00e0  M.  Eric  TAISNE,  ing\u00e9nieur  chef  des  services  techniques,  directeur  de\nl'immobilier, et en cas d'absence ou d'emp\u00eachement de ce dernier \u00e0 M.  Gil ZANARDI,\ning\u00e9nieur chef des services techniques , directeur adjoint de l'immobilier  ; en cas d'absence\nou d'emp\u00eachement simultan\u00e9s de M. Eric TAISNE, ing\u00e9nieur chef des services techniques,\ndirecteur  de  l'immobilier,  de  M.  Gil  ZANARDI,  ing\u00e9nieur  chef  des  services  techniques,\ndirecteur adjoint de l'immobilier , de donner d\u00e9l\u00e9gation \u00e0 M. Fr\u00e9d\u00e9ric MAGNEN, ing\u00e9nieur\ndes  services  techniques,  charg\u00e9  du  pilotage  technique  transversal  \u00e0  la  direction  de\nl'immobilier pour :\n-  les  documents  administratifs  et  financiers  \u00e9tablis  par  la  direction  de  l'immobilier  et\nnotamment les arr\u00eat\u00e9s de concessions de logement au profit des personnels relevant de la\ndirection g\u00e9n\u00e9rale de la police nationale et les actes de location pass\u00e9s pour les besoins des\nservices de police ;\n   - la passation et l'ex\u00e9cution des march\u00e9s publics immobiliers d'un montant inf\u00e9rieur \u00e0\n100 000 \u20ac HT et les avenants y aff\u00e9rents ;\n- la signature des actes relatifs \u00e0 l'ex\u00e9cution des march\u00e9s publics immobiliers lorsque ceux-\nci ne modifient pas les co\u00fbts pr\u00e9vus dans les pi\u00e8ces contractuelles  : ordres de service de\nd\u00e9marrage des travaux, d\u00e9cisions de validation de phase de ma\u00eetrise d'\u0153uvre, avenants ou\nd\u00e9cisions modificatives sans modification de co\u00fbts, proc\u00e8s-verbaux de r\u00e9ception, proc\u00e8s-\nverbaux de lev\u00e9e de r\u00e9serve, d\u00e9comptes g\u00e9n\u00e9raux d\u00e9finitifs (DGD), exemplaires uniques\nd\u00e9livr\u00e9s  aux  entreprises  pour  cessions  de  cr\u00e9ances  ou  demandes  de  nantissement,\nagr\u00e9ments de sous-traitants.\nEn  cas  d'absence  ou  d'emp\u00eachement  simultan\u00e9s  de  M.  Eric  TAISNE,  directeur  de\nl'immobilier, de M. Gil ZANARDI, directeur adjoint de l'immobilier, de donner d\u00e9l\u00e9gation,\ndans la limite de leurs attributions respectives et uniquement pour les march\u00e9s publics\nimmobiliers d'un montant inf\u00e9rieur \u00e0 40 000 \u20ac HT \u00e0 :\n\u2013 M. Fr\u00e9d\u00e9ric MAGNEN, ing\u00e9nieur des services techniques, charg\u00e9 du pilotage technique\ntransversal \u00e0 la direction de l'immobilier,\n\u2013 M. Didier TRAVERSA, ing\u00e9nieur principal des services techniques, chef du bureau r\u00e9gional\ndes affaires immobili\u00e8res PACA-CORSE,\n\u2013 M. Zaher KHERBACHE, ing\u00e9nieur des services techniques, chef adjoint du bureau r\u00e9gional\ndes affaires immobili\u00e8res PACA-CORSE,\n\u2013 M. Alain FERR\u00c9, ing\u00e9nieur principal des services techniques, chef du bureau r\u00e9gional des\naffaires immobili\u00e8res OCCITANIE,\n\u2013 Mme Marianne STROH , ing\u00e9nieure des services techniques, cheffe adjointe du bureau\nr\u00e9gional des affaires immobili\u00e8res Occitanie.\nEn  cas  d'absence  ou  d'emp\u00eachement  simultan\u00e9  de  M.  Eric  TAISNE,  directeur  de\nl'immobilier, de M. Gil ZANARDI, directeur adjoint de l'immobilier, de donner d\u00e9l\u00e9gation \u00e0\nMme Bernadette RAIBALDI , agent contractuel de cat\u00e9gorie A,  cheffe du bureau zonal des\naffaires g\u00e9n\u00e9rales pour les domaines relevant de son activit\u00e9 au sein de la direction de\nl'immobilier pour :\n- les certificats administratifs n\u00e9cessaires pour le traitement de l'ex\u00e9cution financi\u00e8res des\nmarch\u00e9s,\nSecr\u00e9tariat g\u00e9n\u00e9ral pour l'administration du minist\u00e8re de l'int\u00e9rieur - 13-2025-04-25-00009 - Arr\u00eat\u00e9 du 25 avril 2025 portant d\u00e9l\u00e9gation\nde signature \u00e0 M. Olivier MARMION,\nsecr\u00e9taire g\u00e9n\u00e9ral de la zone de d\u00e9fense et de s\u00e9curit\u00e9 Sud aupr\u00e8s du pr\u00e9fet de la r\u00e9gion  Provence-Alpes-C\u00f4te d'Azur, pr\u00e9fet de la\nzone de d\u00e9fense et de s\u00e9curit\u00e9 Sud, pr\u00e9fet des Bouches-du-Rh\u00f4ne\n84\n- les exemplaires uniques d\u00e9livr\u00e9s aux entreprises pour cessions de cr\u00e9ances ou demandes de\nnantissement,\n- les autorisations d'absence pour les agents plac\u00e9s sous son autorit\u00e9,\n- les agr\u00e9ments des sous-traitants et les avenants sans incidence financi\u00e8re,\n- les d\u00e9comptes g\u00e9n\u00e9raux d\u00e9finitifs (DGD).\nEn cas d'absence ou d'emp\u00eachement de Mme Bernadette RAIBALDI, de donner d\u00e9l\u00e9gation\n\u00e0  M.  Eric  VICARI,  agent  contractuel  de  cat\u00e9gorie  A,  chef  adjoint  du  bureau  zonal  des\naffaires g\u00e9n\u00e9rales. En cas d'absence ou d'emp\u00eachement simultan\u00e9s de Mme Bernadette\nRAIBALDI et de M. Eric VICARI,  de donner  d\u00e9l\u00e9gation  \u00e0 Mme Bernadette SCHMERBER,\nadjointe administrative principale de 1\u00e8re classe, cheffe de p\u00f4le financier zonal.\nARTICLE 11 :\nEn cas d'absence ou d'emp\u00eachement de M. David PREUD'HOMME, de donner d\u00e9l\u00e9gation,\npour les documents administratifs et financiers \u00e9tablis par la direction de l'\u00e9quipement et\nde la logistique et les march\u00e9s d'\u00e9quipement et de logistique d'un montant inf\u00e9rieur \u00e0\n40 000 \u20ac  HT et les avenants y aff\u00e9rents,  \u00e0 la lieutenante-colonelle Malika BENYETTOU,\ndirectrice de l'\u00e9quipement et de la logistique.\nEn cas d'absence ou d'emp\u00eachement  de la lieutenante-colonelle Malika BENYETTOU , de\ndonner d\u00e9l\u00e9gation \u00e0 M. Didier BOREL, ing\u00e9nieur en chef des services techniques , directeur\nadjoint de l'\u00e9quipement et de la logistique.\nEn cas d'absence ou d'emp\u00eachement de  la l ieutenante-colonelle Malika BENYETTOU et  de\nM. Didier BOREL,  de donner d\u00e9l\u00e9gation, dans la limite de leurs attributions respectives et\nuniquement pour les march\u00e9s d'\u00e9quipement et de logistique inf\u00e9rieurs \u00e0 15 000  \u20ac HT, \u00e0 :\n\u2013 M.  Christophe  LATTARD,  attach\u00e9  d'administration  de  l' \u00c9tat,  chef  du  bureau\nadministration finances ;\n\u2013 M.  Thomas  LAMADON,  ing\u00e9nieur  des  services  techniques,  chef  du  bureau  zonal  des\nmoyens mobiles et \u00e0 M. Nicolas CHARFE, ing\u00e9nieur des services techniques, adjoint du chef\ndu bureau zonal des moyens mobiles ;\n\u2013 M.  Bruno  LAFAGE,  attach\u00e9  principal  d'administration  de  l'\u00c9tat,  chef  du  bureau  de\nl'armement, des munitions et des \u00e9quipements sur le site de la direction de l'\u00e9quipement et\nde la logistique \u00e0 Colomiers ;\n\u2013 M.  Thierry  VERZENI,  ing\u00e9nieur  principal  des  services  techniques,  chef  de  l'antenne\nlogistique de Montpellier et chef du service local automobile 34.\nEn cas d'absence ou d'emp\u00eachement de  la lieutenante-colonelle Malika BENYETTOU , de M.\nDidier BOREL, de M. Thomas LAMADON, de donner d\u00e9l\u00e9gation de signature , dans le cadre\nexclusif des commandes relatives \u00e0 leurs attributions respectives et dans la limite de 3 000 \u20ac\nHT :\n\u2013 Pour le site de la direction de l'\u00e9quipement et de la logistique \u00e0 Marseille (13) \u00e0 M. Bernard\nDAMERY, M. Pascal COLLIGNON, M. Anthony DELBECQ, Mme Genevi\u00e8ve COLLIGNON, M.\nVanaraj LONGUETEAU, M. Anthony BONIFAY et au major Olivier ROGE (CSAG) ;\n- Pour le site de la direction de l'\u00e9quipement et de la logistique de FOS (13)  \u00e0 M. Patrick\nDIAZ et Mme Lydie MADDALENA ;\nSecr\u00e9tariat g\u00e9n\u00e9ral pour l'administration du minist\u00e8re de l'int\u00e9rieur - 13-2025-04-25-00009 - Arr\u00eat\u00e9 du 25 avril 2025 portant d\u00e9l\u00e9gation\nde signature \u00e0 M. Olivier MARMION,\nsecr\u00e9taire g\u00e9n\u00e9ral de la zone de d\u00e9fense et de s\u00e9curit\u00e9 Sud aupr\u00e8s du pr\u00e9fet de la r\u00e9gion  Provence-Alpes-C\u00f4te d'Azur, pr\u00e9fet de la\nzone de d\u00e9fense et de s\u00e9curit\u00e9 Sud, pr\u00e9fet des Bouches-du-Rh\u00f4ne\n85\n\u2013 Pour le site de la direction de l'\u00e9quipement et de la logistique \u00e0 Montpellier (34),  \u00e0 M.\nVincent PASCUITO, M. \u00c9ric PIERRE, au major Arnaud STERCQZ et \u00e0 M. Carlos LOURENCO ;\n\u2013 Pour le site de la direction de l'\u00e9quipement et de la logistique \u00e0 Perpignan (66), \u00e0 M. Jean-\nLuc DESBORDES, M. Emmanuel GUYET, l'adjudant-chef Franck DEBIEN, l'adjudant-chef Eric\nMAXIME ;\n\u2013 Pour le site de la direction de l'\u00e9quipement et de la logistique \u00e0 Nice (06),  \u00e0 M. Julien\nLEMESLE, M. Raymond MONTALBANO, M. Gr\u00e9gory GRAL et  au major Emmanuel GUIBAL\n(CSAG) ;\n\u2013 Pour le site de la direction de l'\u00e9quipement et de la logistique \u00e0 Ajaccio (2A), \u00e0 M. Pascal\nDREANO, M. Eric VACCA,  M. Nicolas MANKO,  M. Jacques PERINI ,  M. Fr\u00e9d\u00e9ric POLI  et au\nmajor Lionel MERCIER ;\n\u2013 Pour le site de la direction de l'\u00e9quipement et de la logistique \u00e0 Furiani (2B), \u00e0 M. Pascal\nDREANO, M. S\u00e9bastien MARIANI et M. Thierry  ANZIANI ;\n\u2013 Pour le site de la direction de l'\u00e9quipement et de la logistique \u00e0 Borgo (2B), \u00e0  l'adjudant-\nchef Eric PIQUEMAL ;\n\u2013 Pour le site de la direction de l'\u00e9quipement et de la logistique \u00e0 Digne-les-Bains (04),  \u00e0\nl'adjudant-chef Florent BURILLIER et l'adjudant Beno\u00eet PREVERAUD ;\n\u2013 Pour le site de la direction de l'\u00e9quipement et de la logistique \u00e0 Gap (05),  \u00e0 l'adjudant\nSt\u00e9phane PARDON et  l'adjudant Christophe REECHT ;\n\u2013 Pour le site de la direction de l'\u00e9quipement et de la logistique \u00e0 Hy\u00e8res (83), \u00e0 l'adjudant-\nchef S\u00e9bastien FROGER et l'adjudant-chef Christophe COLIN ;\n\u2013 Pour le site de la direction de l'\u00e9quipement et de la logistique \u00e0 Orange (84),  au major\nThierry ASTRAND ;\n\u2013 Pour le site de la direction de l'\u00e9quipement et de la logistique \u00e0 Carcassonne (11),  \u00e0\nl'adjudant-chef Philippe BARBAZA ;\n\u2013 Pour le site de la direction de l'\u00e9quipement et de la logistique \u00e0 N\u00eemes (30), au major Gilles\nMAJOREL;\n\u2013 Pour le site de la direction de l'\u00e9quipement et de la logistique \u00e0 Mende (48), \u00e0 l'adjudant-\nchef S\u00e9bastien BERTRAND et l'adjudant Eric HUGON ;\n\u2013 Pour le site de la direction de l'\u00e9quipement et de la logistique \u00e0 Toulouse (31), \u00e0 M. Nicolas\nGRIMAL, M. Fr\u00e9d\u00e9ric RICARD, Mme Marie-Ange CAMBON et M. S\u00e9bastien PRUNIER ;\n\u2013 Pour le site de la direction de l'\u00e9quipement et de la logistique \u00e0 Foix (09),  au major\nSt\u00e9phane RUIZ et \u00e0 l'adjudant S\u00e9bastien VANDART ;\n\u2013 Pour le site de la direction de l'\u00e9quipement et de la logistique \u00e0 Rodez (12), \u00e0 l'adjudant-\nchef Christophe GAYRAUD et l'adjudant-chef Yvan CAZEAUX ;\n\u2013 Pour le site de la direction de l'\u00e9quipement et de la logistique \u00e0 Auch (32),  \u00e0 l'adjudant-\nchef Fabrice DAVID ;\n\u2013 Pour le site de la direction de l'\u00e9quipement et de la logistique \u00e0 Cahors (46), \u00e0 l'adjudant-\nchef Jo\u00ebl ODDOS ;\n\u2013 Pour le site de la direction de l'\u00e9quipement et de la logistique \u00e0 Tarbes (65),  au major\nJacques DA FONSECA et \u00e0 l'adjudant Fr\u00e9d\u00e9ric BAYAC ;\n\u2013 Pour le site de la direction de l'\u00e9quipement et de la logistique \u00e0 Albi (81),  \u00e0 l'adjudant\nChristophe CARAYON et l'adjudant Fr\u00e9d\u00e9ric FREJAFOND ;\n\u2013 Pour  le  site  de  la  direction  de  l'\u00e9quipement  et  de  la  logistique  \u00e0  Montauban  (82),  \u00e0\nl'adjudant-chef David ROSSI et l'adjudant Eric MONDY.\nARTICLE 12     :   \nEn cas d'absence ou d'emp\u00eachement de M. David PREUD'HOMME, de donner d\u00e9l\u00e9gation de\nsignature \u00e0  M.  Nicolas  BOUTTE,  ing\u00e9nieur  SIC  hors  classe,  directeur  des  syst\u00e8mes\nd'information et de communication pour :\nSecr\u00e9tariat g\u00e9n\u00e9ral pour l'administration du minist\u00e8re de l'int\u00e9rieur - 13-2025-04-25-00009 - Arr\u00eat\u00e9 du 25 avril 2025 portant d\u00e9l\u00e9gation\nde signature \u00e0 M. Olivier MARMION,\nsecr\u00e9taire g\u00e9n\u00e9ral de la zone de d\u00e9fense et de s\u00e9curit\u00e9 Sud aupr\u00e8s du pr\u00e9fet de la r\u00e9gion  Provence-Alpes-C\u00f4te d'Azur, pr\u00e9fet de la\nzone de d\u00e9fense et de s\u00e9curit\u00e9 Sud, pr\u00e9fet des Bouches-du-Rh\u00f4ne\n86\n\uf0b7 la  passation  et  l'ex\u00e9cution  des  march\u00e9s  publics  SIC  d'un  montant  inf\u00e9rieur  \u00e0\n40 000 \u20ac HT et les avenants y aff\u00e9rents ;\n\uf0b7 la signature des actes relatifs \u00e0 l'ex\u00e9cution des march\u00e9s publics SIC lorsque ceux-ci\nne modifient ni les co\u00fbts ni les d\u00e9lais pr\u00e9vus dans les pi\u00e8ces contractuelles.\nEn cas d'absence et d'emp\u00eachement de  M. Nicolas BOUTTE,  ing\u00e9nieur SIC hors classe,\ndirecteur des syst\u00e8mes d'information et de communication,  de donner  d\u00e9l\u00e9gation \u00e0  M.\nFabrice BRACCI, ing\u00e9nieur SIC hors classe, directeur adjoint des syst\u00e8mes d'information et\nde communication .\nEn cas d'absence et d'emp\u00eachement de M.  Nicolas BOUTTE,  de donner  d\u00e9l\u00e9gation  \u00e0  M.\nJacques SARAMON, ing\u00e9nieur principal SIC, pour les actes de la d\u00e9l\u00e9gation territoriale de\nToulouse relevant du domaine de comp\u00e9tence fonctionnelle et territoriale de la direction\ndes syst\u00e8mes d'information et de communication, et \u00e0 M. Fabrice BRACCI, pour les actes\ndes antennes logistiques de Nice et de Montpellier  relevant du domaine de comp\u00e9tence\nfonctionnelle  et  territoriale  de  la  direction  des  syst\u00e8mes  d'information  et  de\ncommunication.\nEn cas d'absence ou d'emp\u00eachement de M. Nicolas BOUTTE, de donner d\u00e9l\u00e9gation \u00e0 M. Cyr\nBUONO, ing\u00e9nieur principal SIC, dans les limites de ses attributions au sein de la direction\ndes syst\u00e8mes d'information et de communication et pour l'engagement de d\u00e9penses de\nfonctionnement de la DSIC n'exc\u00e9dant pas 5 000 \u20ac HT.\nARTICLE 13     :  \nEn cas d'absence ou d'emp\u00eachement de M. David PREUD'HOMME, de donner d\u00e9l\u00e9gation de\nsignature pour les engagements juridiques des d\u00e9penses concernant le budget propre des\nd\u00e9l\u00e9gations territoriales, r\u00e9gionales et des antennes logistiques, dans la limite de 40 000 \u20ac\npar acte et \u00e0 l'exclusion des d\u00e9penses imput\u00e9es sur les lignes budg\u00e9taires EQ41 (habillement\net tenues) et EQ32 (plateforme zonale d'\u00e9talonnage des cin\u00e9mom\u00e8tres) sur le centre de\nco\u00fbt de la d\u00e9l\u00e9gation territoriale de Toulouse :\n-  pour  ce  qui  concerne  la  d\u00e9l\u00e9gation  territoriale  de  Toulouse  \u00e0  Mme  Karine  SABATE-\nDUMONTEIL, conseill\u00e8re d'administration de l'int\u00e9rieur, cheffe de la d\u00e9l\u00e9gation territoriale\nde Toulouse ;\n- pour ce qui concerne la d\u00e9l\u00e9gation r\u00e9gionale d'Ajaccio \u00e0 Mme Val\u00e9rie DIXMIER, attach\u00e9e\nd'administration de l'\u00c9tat, cheffe de la d\u00e9l\u00e9gation r\u00e9gionale de Corse  ; et en son absence \u00e0\nMme Audrey ORPHELIN, secr\u00e9taire administrative de classe normale, cheffe du service local\nadministratif ;\n-  pour  ce  qui  concerne  l'antenne  de  Nice  \u00e0  M.  Jean-Philippe  GACQUER,  ing\u00e9nieur  des\nservices techniques, chef de l'antenne de Nice par int\u00e9rim ;\n- pour ce qui concerne l'antenne de Montpellier \u00e0 M. Thierry VERZENI chef de l'antenne de\nMontpellier.\nEn leur qualit\u00e9 de chef d'\u00e9tablissement et de site, en tant que responsable de la s\u00e9curit\u00e9\ndes personnes et des biens et des conditions d'hygi\u00e8ne et de s\u00e9curit\u00e9 au travail, de donner\nd\u00e9l\u00e9gation de signature pour la gestion courante de l'\u00e9tablissement :\n- pour ce qui concerne le site de Sainte-Marthe \u00e0 M. David PREUD'HOMME, secr\u00e9taire\ng\u00e9n\u00e9ral adjoint pour l'administration du minist\u00e8re de l'Int\u00e9rieur de la zone de d\u00e9fense et de\nSecr\u00e9tariat g\u00e9n\u00e9ral pour l'administration du minist\u00e8re de l'int\u00e9rieur - 13-2025-04-25-00009 - Arr\u00eat\u00e9 du 25 avril 2025 portant d\u00e9l\u00e9gation\nde signature \u00e0 M. Olivier MARMION,\nsecr\u00e9taire g\u00e9n\u00e9ral de la zone de d\u00e9fense et de s\u00e9curit\u00e9 Sud aupr\u00e8s du pr\u00e9fet de la r\u00e9gion  Provence-Alpes-C\u00f4te d'Azur, pr\u00e9fet de la\nzone de d\u00e9fense et de s\u00e9curit\u00e9 Sud, pr\u00e9fet des Bouches-du-Rh\u00f4ne\n87\ns\u00e9curit\u00e9 Sud ;\n- pour ce qui concerne le site de Noilly Prat, \u00e0 la lieutenante-colonelle Malika BENYETTOU,\ndirectrice de l'\u00e9quipement et de la logistique ;\n-  pour  ce  qui  concerne  le  site  d'Alphonse  Allais,  \u00e0  M.  S\u00e9bastien  TRUET,  directeur  de\nl'administration g\u00e9n\u00e9rale et des finances ; \n-  pour  ce  qui  concerne  la  d\u00e9l\u00e9gation  territoriale  de  Toulouse,  \u00e0  Mme  Karine  SABATE-\nDUMONTEIL, cheffe de la d\u00e9l\u00e9gation territoriale de Toulouse ;\n- pour ce qui concerne la d\u00e9l\u00e9gation r\u00e9gionale d'Ajaccio,  \u00e0 Mme Val\u00e9rie DIXMIER, attach\u00e9e\nd'administration de l'\u00c9tat, cheffe de la d\u00e9l\u00e9gation r\u00e9gionale de Corse ; \n- pour ce qui concerne  l'antenne de Nice, \u00e0 M. Jean-Philippe GACQUER, ing\u00e9nieur des\nservices techniques, chef de l'antenne de Nice par int\u00e9rim ;\n- pour ce qui concerne l'antenne de Montpellier, \u00e0 M. Thierry VERZENI, chef de l'antenne\nde Montpellier.\nARTICLE 14     :  \nEn cas d'absence ou d'emp\u00eachement de M. David PREUD'HOMME, de donner d\u00e9l\u00e9gation de\nsignature \u00e0 M. Fran\u00e7ois MICHEL, m\u00e9decin inspecteur zonal pour l'ensemble des documents\nadministratifs  et  financiers  \u00e9tablis  par  les  services  m\u00e9dicaux  statutaires  de  la  zone  de\nd\u00e9fense et de s\u00e9curit\u00e9 Sud.\nEn son absence ou en cas d'emp\u00eachement, de donner d\u00e9l\u00e9gation :\n\u2013 \u00e0 M. Jean CECCALDI, m\u00e9decin inspecteur r\u00e9gional adjoint ;\n\u2013 \u00e0  Mme  Anne  MOUILLARD,  cheffe  du  service  m\u00e9dical  statutaire  et  de  contr\u00f4le  de  la\nd\u00e9l\u00e9gation territoriale de Toulouse, pour les d\u00e9partements de l'Ari\u00e8ge, du Tarn, du Gers, de\nla Haute-Garonne, du Lot, des Hautes-Pyr\u00e9n\u00e9es, de l'Aveyron et du Tarn-et-Garonne ;\n\u2013 \u00e0 M. Paul MARCAGGI, m\u00e9decin inspecteur r\u00e9gional adjoint ;\n\u2013 \u00e0 M. Claude TRIAL, m\u00e9decin inspecteur r\u00e9gional adjoint.\nARTICLE 15     :  \nEn cas d'absence ou d'emp\u00eachement de  M. David PREUD'HOMME, de donner d\u00e9l\u00e9gation,\ndans les domaines relevant du cabinet du SGAMI  \u00e0  Mme Camille STOUVENEL, attach\u00e9e\nd'administration  de  l'\u00c9tat,  cheffe  de  cabinet, pour  l'engagement  de  d\u00e9penses  de\nfonctionnement du cabinet n'exc\u00e9dant pas 10 000 \u20ac HT.\nEn cas d'absence ou d'emp\u00eachement de Mme Camille STOUVENEL, de donner d\u00e9l\u00e9gation \u00e0\nMme Meriem GRISS, attach\u00e9e d'administration de l'\u00c9tat, adjointe \u00e0 la cheffe de cabinet.\nEn cas d'absence ou d'emp\u00eachement de Mme Camille STOUVENEL et de Mme Meriem\nGRISS,  de donner d\u00e9l\u00e9gation,  dans les limites de leurs attributions respectives au sein du\ncabinet et pour l'engagement de d\u00e9penses de fonctionnement du cabinet n'exc\u00e9dant pas\n10 000 \u20ac HT, \u00e0 :\n\u2013 Mme Myriam BOUTTEROUMA-LAVIGNE, attach\u00e9e principale d'administration de l'\u00c9tat,\ncheffe du bureau des affaires g\u00e9n\u00e9rales ; \n\u2013 Mme  Marjorie  CASELLA,  secr\u00e9taire  administrative  de  classe  sup\u00e9rieure,  adjointe  \u00e0  la\ncheffe du bureau des affaires g\u00e9n\u00e9rales.\nSecr\u00e9tariat g\u00e9n\u00e9ral pour l'administration du minist\u00e8re de l'int\u00e9rieur - 13-2025-04-25-00009 - Arr\u00eat\u00e9 du 25 avril 2025 portant d\u00e9l\u00e9gation\nde signature \u00e0 M. Olivier MARMION,\nsecr\u00e9taire g\u00e9n\u00e9ral de la zone de d\u00e9fense et de s\u00e9curit\u00e9 Sud aupr\u00e8s du pr\u00e9fet de la r\u00e9gion  Provence-Alpes-C\u00f4te d'Azur, pr\u00e9fet de la\nzone de d\u00e9fense et de s\u00e9curit\u00e9 Sud, pr\u00e9fet des Bouches-du-Rh\u00f4ne\n88\nARTICLE 16     :  \nEn cas d'absence ou d'emp\u00eachement de M. David PREUD'HOMME, de donner d\u00e9l\u00e9gation de\nsignature, pour les documents administratifs et financiers \u00e9tablis par les services actifs de\ns\u00e9curit\u00e9 int\u00e9rieure, \u00e0 M. Arnaud VIEULES, sous-pr\u00e9fet, coordonnateur pour la s\u00e9curit\u00e9 en\nCorse.\nEn  cas  d'absence  ou  d'emp\u00eachement  de  M.  Arnaud  VIEULES,  de  donner d\u00e9l\u00e9gation ,  \u00e0\nl'exception des arr\u00eat\u00e9s, protocoles transactionnels \u00e9labor\u00e9s dans le cadre d'un march\u00e9,\naccords-cadres  et  march\u00e9s ,  au  c ommissaire  divisionnaire  Nicolas  RODILLON,\ncoordonnateur adjoint pour la s\u00e9curit\u00e9 en Corse.\nARTICLE 17     :  \nDans le cadre de l 'ex\u00e9cution du BOP \u00ab  Immigration et Asile \u00bb, programme 303, action 3, en\ncas d'absence ou d'emp\u00eachement de M. David PREUD'HOMME,  de donner d\u00e9l\u00e9gation  de\nsignature \u00e0 M. S\u00e9bastien TRUET, attach\u00e9 hors classe d'administration de l'\u00c9tat, directeur de\nl'administration g\u00e9n\u00e9rale et des finances, afin de signer :\n\u2022 les actes juridiques concernant les d\u00e9penses de fonctionnement des locaux et centres\nde r\u00e9tentions inf\u00e9rieures \u00e0 250 000 \u20ac HT,\n\u2022 les  engagements  juridiques  pris  dans  le  cadre  d'un  march\u00e9  notifi\u00e9,  y  compris  les\ncommandes pass\u00e9es \u00e0 l'UGAP,  dans la limite de 500 000 \u20ac HT.\nEn cas d'absence de M. S\u00e9bastien TRUET, attach\u00e9 hors classe d'administration de l'\u00c9tat,\ndirecteur de l'administration g\u00e9n\u00e9rale et des finances, de donner d\u00e9l\u00e9gation \u00e0 :\n\u2013 M.  Fr\u00e9d\u00e9ric  BAILHE,  attach\u00e9  hors  classe  d'administration  de  l'\u00c9tat,  conseiller\nd'administration  de  l'int\u00e9rieur,  directeur  adjoint  de  l'administration  g\u00e9n\u00e9rale  et  des\nfinances ;\n\u2013 M. Jean-Pierre CARL\u0116, attach\u00e9 hors classe d'administration de l'\u00c9tat, chef du bureau du\nbudget, dans la limite de 40 000 \u20ac HT ; \n\u2013 M. Laurent LUCZAK, attach\u00e9 d'administration de l'\u00c9tat, adjoint au chef du bureau du\nbudget, dans la limite de 40 000 \u20ac HT ;\n\u2013 Capitaine  David  CURATOLO,  chef  du  p\u00f4le  programme  216  et  303,  bureau  du\nbudget, dans la limite de 40 000 \u20ac HT ; \n\u2013 Adjudante-cheffe Sandy GUERRY, adjointe au chef du p\u00f4le programme 216 et 303, Bureau\ndu Budget, dans la limite de 40 000 \u20ac HT .\nARTICLE 18     :  \nL'arr\u00eat\u00e9 du 21 janvier 2025 portant organisation de la zone de d\u00e9fense et de s\u00e9curit\u00e9 Sud\nest abrog\u00e9.\nARTICLE 19     :  \nLe secr\u00e9taire g\u00e9n\u00e9ral de la zone de d\u00e9fense et de s\u00e9curit\u00e9 Sud et le secr\u00e9taire g\u00e9n\u00e9ral\nadjoint pour l'administration du minist\u00e8re de l'Int\u00e9rieur sont charg\u00e9s, chacun en ce qui le\nconcerne,  de  l'ex\u00e9cution  du  pr\u00e9sent  arr\u00eat\u00e9,  qui  sera  publi\u00e9  au  recueil  des  actes\nSecr\u00e9tariat g\u00e9n\u00e9ral pour l'administration du minist\u00e8re de l'int\u00e9rieur - 13-2025-04-25-00009 - Arr\u00eat\u00e9 du 25 avril 2025 portant d\u00e9l\u00e9gation\nde signature \u00e0 M. Olivier MARMION,\nsecr\u00e9taire g\u00e9n\u00e9ral de la zone de d\u00e9fense et de s\u00e9curit\u00e9 Sud aupr\u00e8s du pr\u00e9fet de la r\u00e9gion  Provence-Alpes-C\u00f4te d'Azur, pr\u00e9fet de la\nzone de d\u00e9fense et de s\u00e9curit\u00e9 Sud, pr\u00e9fet des Bouches-du-Rh\u00f4ne\n89\nadministratifs  des  pr\u00e9fectures  chefs-lieux  des  r\u00e9gions  Provence-Alpes-C\u00f4te  d'Azur  et\nOccitanie, ainsi que de la collectivit\u00e9 territoriale de Corse.\n \n \nFait \u00e0 Marseille, le 25 avril 2025\n                                  Sign\u00e9\nGeorges-Fran\u00e7ois Leclerc\nPr\u00e9fet de la r\u00e9gion Provence-Alpes-C\u00f4te d'Azur\nPr\u00e9fet de la zone de d\u00e9fense et de s\u00e9curit\u00e9 Sud\nPr\u00e9fet des Bouches-du-Rh\u00f4ne\nSecr\u00e9tariat g\u00e9n\u00e9ral pour l'administration du minist\u00e8re de l'int\u00e9rieur - 13-2025-04-25-00009 - Arr\u00eat\u00e9 du 25 avril 2025 portant d\u00e9l\u00e9gation\nde signature \u00e0 M. Olivier MARMION,\nsecr\u00e9taire g\u00e9n\u00e9ral de la zone de d\u00e9fense et de s\u00e9curit\u00e9 Sud aupr\u00e8s du pr\u00e9fet de la r\u00e9gion  Provence-Alpes-C\u00f4te d'Azur, pr\u00e9fet de la\nzone de d\u00e9fense et de s\u00e9curit\u00e9 Sud, pr\u00e9fet des Bouches-du-Rh\u00f4ne\n90\nAnnexe 1\nListe de gestionnaires/valideurs CHORUS FORMULAIRE\nUO 0216-CSGA-DSud - 0176-CCSC-DM13\nService Nom Pr\u00e9nom saisie validation\nDEL 34 ABDECHCHAFI MARINE O O\nDI AMARI FADILA O O\nDI AOURI SAMIA O O\nDAGF BB BALZARINI ERIC O O\nDAGF BB BAROZZI \u00c9LODIE O O\nCAB BAUMIER MARIE-ODILE O O\nDEL BEDDAR HOCINE O\nCeZOC BELKADI RISLENE O\nDAGF BB BIET JUSTINE O O\nCAB BONICI EMMANUELLE O\nCAB BOUTTEROUMA-LAVIGNE MYRIAM O O\nDAGF-BB BROTO LILIANE O O\nDEL GUILHOU CORINNE O O\nDI BONPAIN PATRICIA O O\nDSIC Toulouse BORDELONGUE JEAN-BERNARD O O\nDRT31 BOUAZZA DALILA O\nDSIC CHAMBEU LAURENCE O O\nDI BOUGUERN NAJET O O\nPP CAILLAUD CHRISTINE O O\nDRT31 CAMBON MARIE-ANGE O O\nDRT31 CANTAREL SIMON O O\nCAB CASELLA MARJORIE O O\nDRT31 CHAUTARD ALYSSA O O\nSecr\u00e9tariat g\u00e9n\u00e9ral pour l'administration du minist\u00e8re de l'int\u00e9rieur - 13-2025-04-25-00009 - Arr\u00eat\u00e9 du 25 avril 2025 portant d\u00e9l\u00e9gation\nde signature \u00e0 M. Olivier MARMION,\nsecr\u00e9taire g\u00e9n\u00e9ral de la zone de d\u00e9fense et de s\u00e9curit\u00e9 Sud aupr\u00e8s du pr\u00e9fet de la r\u00e9gion  Provence-Alpes-C\u00f4te d'Azur, pr\u00e9fet de la\nzone de d\u00e9fense et de s\u00e9curit\u00e9 Sud, pr\u00e9fet des Bouches-du-Rh\u00f4ne\n91\nDEL COLLIGNON GENEVI\u00c8VE O O\nDAGF-BB CURATOLO DAVID O O\nDRT31 DE LLOBET MAGALI O O\nDSIC DE OLIVEIRA VALERIE O O\nDAGF  BAP DI MEO L\u00c6TITIA O O\nDEL DORU ROLAND O O\nDSIC DJAOU HALIMA O O\nDRT34 ESTEVE MICHAEL O O\nDI FENECH L\u00c6TITIA O\nDAGF-BB HAMOUDI C\u00c9CILE O O\nDSIC HOANG CLARISSE O O\nDAGF-BB FLORES C\u00c9CILE O O\nDAGF-BB FREYBURGER GA\u00cbLLE O -\nDEL06 GRAL GREGORY O O\nDI GUERRA LYSIANE O\nDAGF BB GUERRY SANDY O O\nDEL HMINA FARHAT O O\nDSIC ISSAUTIER LAURENT O O\nDI JULLIEN CORINNE O O\nANT06 LABARDE JEAN-PIERRE O O\nPP LAFROGNE SYLVIE O O\nDI MALECKI JAROSLAW O O\nCEZOC MARTIN ANDREA O O\nDT31 MAZZOLO CARINE O O\nDT31 MENUSIER ST\u00c9PHANE O O\nDEL LONGUETEAU VANARAJ O O\nDRT MOUNIER SANDRA O\nSecr\u00e9tariat g\u00e9n\u00e9ral pour l'administration du minist\u00e8re de l'int\u00e9rieur - 13-2025-04-25-00009 - Arr\u00eat\u00e9 du 25 avril 2025 portant d\u00e9l\u00e9gation\nde signature \u00e0 M. Olivier MARMION,\nsecr\u00e9taire g\u00e9n\u00e9ral de la zone de d\u00e9fense et de s\u00e9curit\u00e9 Sud aupr\u00e8s du pr\u00e9fet de la r\u00e9gion  Provence-Alpes-C\u00f4te d'Azur, pr\u00e9fet de la\nzone de d\u00e9fense et de s\u00e9curit\u00e9 Sud, pr\u00e9fet des Bouches-du-Rh\u00f4ne\n92\nDAGF BB NEUVILLE LAURENCE O O\nDI ABLARD THOMAS O O\nDAGF BB QUBRI HAKIMA O -\nDI REGLIONI JENNIFER O O\nDEL06 REVENGA MONIQUE O\nDAGF BB ROUMANE SONIA O O\nPPOL 13 SANCHEZ FRANCIS O O\nPP SAUGEZ LO\u00cfC O O\nDI RAIBALDI BERNADETTE O O\nDI SCHMERBER BERNADETTE O O\nDI SFREGOLA NOEL O\nDEL NADEAU SANDRINE O O\nPP VALLON MARIE-FLORE O\nDEL  et DT31 VIALARS MARION O O\nDAGF BB VIOU NICOLAS O O\nDAGF BB PATRICOLA CAROLE O O\nDAGF BB BIET JUSTINE O O\nDEL 31 MAZZOLO CARINE O O\nDEL 31 MENUSIER STEPHANE O O\nDAGF-BB SANCHO ST\u00c9PHANE O O\nDAGF-BAP SCHMISSER Myriam O O\nDI ZAKARIA ASSAENDI O O\nDR CORSE ORPHELIN AUDREY O O\nDR CORSE BAUWENS NATHALIE O O\nDR CORSE ORICELLI GABRIELLE O O\nDR CORSE DIXMIER VALERIE O O\nDI V I CARI ERIC O O\nSecr\u00e9tariat g\u00e9n\u00e9ral pour l'administration du minist\u00e8re de l'int\u00e9rieur - 13-2025-04-25-00009 - Arr\u00eat\u00e9 du 25 avril 2025 portant d\u00e9l\u00e9gation\nde signature \u00e0 M. Olivier MARMION,\nsecr\u00e9taire g\u00e9n\u00e9ral de la zone de d\u00e9fense et de s\u00e9curit\u00e9 Sud aupr\u00e8s du pr\u00e9fet de la r\u00e9gion  Provence-Alpes-C\u00f4te d'Azur, pr\u00e9fet de la\nzone de d\u00e9fense et de s\u00e9curit\u00e9 Sud, pr\u00e9fet des Bouches-du-Rh\u00f4ne\n93\nAnnexe 2\nListe des porteurs de carte d'achats\nUO CCSC-DM13 P176 \nNOM TITULAIRE PR\u00c9NOM TITULAIRE\nMontant maximum par \ntransaction\nNiveau UO\nAHMED NATACHA 20 000 \u20ac 3 DEL MARSEILLE\nALEJANDRO CHRISTINE 500 \u20ac 1 et 1 bis CMC\nAMIRATY V\u00c9RONIQUE 20 000 \u20ac 1 et 1 bis PP13\nANZIANI THIERRY 500 \u20ac 3 SGAMI DEL FURIANI\nARNOLDY FLORENCE 2 000 \u20ac 1 et 3 CEZOC\nASTOIN CHRISTOPHE  2 000 \u20ac 1 et 3 PP13\nBARASCUT ELIE 20 000 \u20ac 3 DEL MONTPELLIER\nBATIFOULIER NICOLAS 12 000 \u20ac 3 SGAMI Sud/DEL/BMM/SLA 06\nBONIFAY ANTHONY 10 000 \u20ac 3 DEL\nBOUWE LIE 10 000 \u20ac 3 DEL MARSEILLE\nCAMBON MARIE-ANGE 8 000 \u20ac 3 DEL\nCHAKRI HICHAM 2 000 \u20ac 1 et 1 bis PP13\nCOLLIGNON PASCAL 2 000 \u20ac 1 bis DEL MARSEILLE\nCOURNAC NICOLAS 2 000 \u20ac 1bis DEL\nCOUTURIER ROBERT 2 000 \u20ac 1bis et 3 DEL MONTPELLIER\nDELBECQ ANTHONY 2 000 \u20ac 1 bis DEL MARSEILLE\nDENIS CHRISTIAN 2 000 \u20ac 1 bis DEL AJACCIO\nDESBORDES JEAN-LUC 20 000 \u20ac 3 DEL PERPIGNAN\nDIAZ PATRICK 20 000 \u20ac 1 bis et  3 DEL MARSEILLE\nDITNAN KEVIN 10 000 \u20ac 3 DEL COLOMIERS\nFLORO JEAN-CHRISTOPHE 20 000 \u20ac 1  et 3 DEL MARSEILLE\nFONTAINE S\u00c9BASTIEN 20 000 \u20ac 3 DEL MARSEILLE\nFOURC S\u00c9BASTIEN 2 000 \u20ac 3 SLA 66\nGANGAI MICHEL 12 000 \u20ac 3 DEL MARSEILLE\nGAROFALO CHRISTOPHE 20 000 \u20ac 3 DEL MONTPELLIER\nGRAL GR\u00c9GORY 10 000 \u20ac 3 ANTENNE DE NICE\nSecr\u00e9tariat g\u00e9n\u00e9ral pour l'administration du minist\u00e8re de l'int\u00e9rieur - 13-2025-04-25-00009 - Arr\u00eat\u00e9 du 25 avril 2025 portant d\u00e9l\u00e9gation\nde signature \u00e0 M. Olivier MARMION,\nsecr\u00e9taire g\u00e9n\u00e9ral de la zone de d\u00e9fense et de s\u00e9curit\u00e9 Sud aupr\u00e8s du pr\u00e9fet de la r\u00e9gion  Provence-Alpes-C\u00f4te d'Azur, pr\u00e9fet de la\nzone de d\u00e9fense et de s\u00e9curit\u00e9 Sud, pr\u00e9fet des Bouches-du-Rh\u00f4ne\n94\nGUEZELLO LAURA 2 000\u20ac 1 et 3 Pref2A CSC\nGUILHOU CORINE 2 000 \u20ac 1bis et 3 SGAMI Sud / DEL/ BZMM/ PAZ\nGUILLOT LAURENT 20 000 \u20ac 3 DEL MONTPELLIER\nGUYET EMMANUEL 10 000 \u20ac 3 DEL\nISONI JO\u00cbL 10 000 \u20ac 3\nSGAMI DR2A MAGASIN \nAUTOMOBILE\nKRUMB JEAN-PIERRE 20 000 \u20ac 3 DEL COLOMIERS\nLONGUETEAU VANARAJ 2 000 \u20ac 1 bis\nSGAMI Sud / DEL/ BZMM/ PAZ/ \nMAGASIN\nMADDALENA LYDIE 5 000 \u20ac 3 DEL MARSEILLE\nMARIANI S\u00c9BASTIEN 10 000 \u20ac 3 SGAMI DEL FURIANI\nMARMION OLIVIER 2 000\u20ac 1 CEZOC\nMEHADJI FARID 500 \u20ac 3 CMC\nNOISETTE JEAN-YVES 2 000 \u20ac 1 CEZOC\nPASCUITO VINCENT 20 000 \u20ac 3 SGAMI Sud DEL ANTENNE 34\nPERINI JACQUES 10 000 \u20ac 1 SGAMI Sud DEL BMM\nPIERRE ERIC 20 000 \u20ac 3 DEL MONTPELLIER\nPOLI FR\u00c9D\u00c9RIC 10 000 \u20ac 3\nSGAMI DR2A MAGASIN \nAUTOMOBILE\nPOREZ JEAN-MICHEL 1 000 \u20ac 1 BOP 1\nPRUNIER S\u00c9BASTIEN 20 000 \u20ac 3 DEL\nRODILLON NICOLAS 2 000 \u20ac 3 PREF2A CSC\nSAUGEZ LO\u00cfC 2 000 \u20ac 3 DRH\nSCIACCA SANDRO 1 200 \u20ac 3 DEL NICE\nSPADOLA LORENZO 15 000 \u20ac 3 Pr\u00e9fecture de police\nSUSINI PASCAL 10000 \u20ac 3 DEL\nVIEULES ARNAUD 2 000\u20ac 1 SGAMI DR2A\nVINEL NICOLAS 20 000 \u20ac 3 DEL COLOMIERS\nSecr\u00e9tariat g\u00e9n\u00e9ral pour l'administration du minist\u00e8re de l'int\u00e9rieur - 13-2025-04-25-00009 - Arr\u00eat\u00e9 du 25 avril 2025 portant d\u00e9l\u00e9gation\nde signature \u00e0 M. Olivier MARMION,\nsecr\u00e9taire g\u00e9n\u00e9ral de la zone de d\u00e9fense et de s\u00e9curit\u00e9 Sud aupr\u00e8s du pr\u00e9fet de la r\u00e9gion  Provence-Alpes-C\u00f4te d'Azur, pr\u00e9fet de la\nzone de d\u00e9fense et de s\u00e9curit\u00e9 Sud, pr\u00e9fet des Bouches-du-Rh\u00f4ne\n95\nListe des d\u00e9tenteurs de carte d'achats\nUO CSGA-DSud P216 \nNom des Titulaires Pr\u00e9nom des\nTitulaires\nMontant max par\ntransaction NIVEAU UO\nBAILHE FR\u00c9D\u00c9RIC 2 000 \u20ac 1 DAGF\nBAUMIER-LEVEQUE MARIE-ODILE 2 000 \u20ac 1 CABINET\nBENYETTOU MALIKA  2 000 \u20ac 1 et 3 DEL\nBORDELONGUE JEAN-BERNARD 500 \u20ac 1 DSIC\nBOREL DIDIER 2 000 \u20ac 1 et 1 bis DEL\nBOUTTE NICOLAS 2 000 \u20ac 1 et 1 bis DSIC\nBOUZID AICHA 2 500 \u20ac 1 et  3 DAGF\nBRACCI FABRICE 2 000 \u20ac 1 et 1 bis DSIC\nBOUTTEROUMA-LAVIGNE MYRIAM 2 000 \u20ac 1 bis SGAMI Sud CABINET\nBUONO CYR 500 \u20ac 1 bis DSIC\nCASELLA MARJORIE 2 000 \u20ac 1 et 3 SGAMI Sud CABINET\nCOUTON FR\u00c9D\u00c9RIC 500 \u20ac 3 CABINET\nDI MEO LAETITA  2 000 \u20ac 1 bis DAGF\nDIDONNA CATHERINE 2 000 \u20ac 3  DAGF\nDIXMIER VAL\u00c9RIE 2 000 \u20ac 1 et 3 SGAMI Sud DR2A\nGACQUER JEAN-PHILIPPE 2 000 \u20ac 1 ANTENNE DE NICE\nGRISS MERIEM 2 000 \u20ac 1 et 3 CABINET\nKADRI SABRINA 3 500 \u20ac 3 DT31\nLABARDE JEAN-PIERRE 2 000\u20ac 1 bis et 3 ANT06\nLATTARD CHRISTOPHE 1 000 \u20ac 3 DEL\nMACON CATHERINE 2 000 \u20ac 3 DR CORSE\nMARCHIEN Guillaume 2 000 \u20ac 3 DSIC\nMONGIU PATRICIA 500 \u20ac 3 DI\nNADEAU SANDRINE 2 000 \u20ac 1 bis DEL\nSecr\u00e9tariat g\u00e9n\u00e9ral pour l'administration du minist\u00e8re de l'int\u00e9rieur - 13-2025-04-25-00009 - Arr\u00eat\u00e9 du 25 avril 2025 portant d\u00e9l\u00e9gation\nde signature \u00e0 M. Olivier MARMION,\nsecr\u00e9taire g\u00e9n\u00e9ral de la zone de d\u00e9fense et de s\u00e9curit\u00e9 Sud aupr\u00e8s du pr\u00e9fet de la r\u00e9gion  Provence-Alpes-C\u00f4te d'Azur, pr\u00e9fet de la\nzone de d\u00e9fense et de s\u00e9curit\u00e9 Sud, pr\u00e9fet des Bouches-du-Rh\u00f4ne\n96\nORPHELIN AUDREY 1000 \u20ac 1 DR2A\nPREUD'HOMME DAVID 2 000 \u20ac 1 CABINET\nRIVIERE ANTHONY 500 \u20ac 1 CABINET\nSABATE KARINE 2 000 \u20ac 1 et 1 bis DT31\nSAUGEZ LO\u00cfC 2 000 \u20ac 3 DRH\nSIVY FRAN\u00c7OISE 1 000 \u20ac 1 DRH\nSTOUVENEL CAMILLE 2 000 \u20ac 1 et 3 CABINET\nTAISNE ERIC 2 000 \u20ac 1 DI\nTAORMINA ALAIN 1 000 \u20ac 1 DEL MARSEILLE\nTRUET S\u00c9BASTIEN 2000 \u20ac 1 et 3 DAGF\nVERZENI THIERRY 1 500 \u20ac 1 et 3 ANTENNE 34\nVIALARS MARION 1 000 \u20ac 1 et 3 DT31\nZANARDI GIL 2 000 \u20ac 3 DI\nSecr\u00e9tariat g\u00e9n\u00e9ral pour l'administration du minist\u00e8re de l'int\u00e9rieur - 13-2025-04-25-00009 - Arr\u00eat\u00e9 du 25 avril 2025 portant d\u00e9l\u00e9gation\nde signature \u00e0 M. Olivier MARMION,\nsecr\u00e9taire g\u00e9n\u00e9ral de la zone de d\u00e9fense et de s\u00e9curit\u00e9 Sud aupr\u00e8s du pr\u00e9fet de la r\u00e9gion  Provence-Alpes-C\u00f4te d'Azur, pr\u00e9fet de la\nzone de d\u00e9fense et de s\u00e9curit\u00e9 Sud, pr\u00e9fet des Bouches-du-Rh\u00f4ne\n97\nSous pr\u00e9fecture de l'arrondissement d'Istres\n13-2025-04-28-00022\nArr\u00eat\u00e9 pr\u00e9fectoral N\u00b0 2025-62\nde traitement de l'insalubrit\u00e9 du logement situ\u00e9\navenue de Lattre de Tassigny 13700 Marignane, \nSous pr\u00e9fecture de l'arrondissement d'Istres - 13-2025-04-28-00022 - Arr\u00eat\u00e9 pr\u00e9fectoral N\u00b0 2025-62\nde traitement de l'insalubrit\u00e9 du logement situ\u00e9 avenue de Lattre de Tassigny 13700 Marignane, 98\nPREFETDES BOUCHES-DU-RHONELibert\u00e9Egalit\u00e9Fraternit\u00e9\nAGENCE REGIONALE DE SANTE \nPROVENCE-ALPES-COTE D'AZUR\nDELEGATION DEPARTEMENTALE\nDES BOUCHES-DU-RHONE\nARR\u00caT\u00c9 PR\u00c9FECTORAL N\u00b0 2025-62\nde traitement de l'insalubrit\u00e9 du logement situ\u00e9 \u00e0 l'entr\u00e9e A, 1er \u00e9tage, porte 4 du 28 bis \navenue de Lattre de Tassigny 13700 Marignane, \nr\u00e9f\u00e9rence cadastrale BO 180\nLe pr\u00e9fet de la r\u00e9gion Provence-Alpes-C\u00f4te d'Azur\npr\u00e9fet de la zone de d\u00e9fense et de s\u00e9curit\u00e9 sud\npr\u00e9fet des Bouches-du-Rh\u00f4ne\npr\u00e9fet de police des Bouches-du-Rh\u00f4ne\nVu le code de la construction et de l'habitation, notamment ses articles L.511 -1 \u00e0 L.511 -18, \nL.511-22, L.521-1 \u00e0 L.521-4, L.541-1 et suivants, R.511-1 et suivants ;\nVu le code de la sant\u00e9 publique, notamment les articles L.1331-22 et L.1331-24 ; \nVu le  d\u00e9cret  du  03  janvier  2025  portant  nomination  de  monsieur  Georges-Fran\u00e7ois \nLECLERC en qualit\u00e9 de pr\u00e9fet de la r\u00e9gion Provence-Alpes-C\u00f4te d'Azur, pr\u00e9fet de la zone  \nde d\u00e9fense et s\u00e9curit\u00e9 Sud, pr\u00e9fet des Bouches-du-Rh\u00f4ne, pr\u00e9fet de police des Bouches-du-\nRh\u00f4ne ;\nVu l'arr\u00eat\u00e9 N\u00b0 13-2025-01-20-00021 du  20 janvier 2025 portant d\u00e9l\u00e9gation de signature \u00e0  \nmonsieur Christophe BORGUS, sous-pr\u00e9fet de l'arrondissement d'Istres ;\nVu le rapport du directeur g\u00e9n\u00e9ral de l'agence r\u00e9gionale de sant\u00e9 Provence -Alpes-C\u00f4te \nd'Azur du 13 f\u00e9vrier 2025, relatant les faits constat\u00e9s au sein du logement situ\u00e9 au 28 bis  \navenue de Lattre de Tassigny 13700 Marignane ;\nVu  le courrier recommand\u00e9 n\u00b0 2C 118  248 2006 4 en date du 12 mars 2025 lan\u00e7ant la  \nproc\u00e9dure  contradictoire,  adress\u00e9  au  propri\u00e9taire  la  SCI  SANDRINE  LOUIS  VICTOR, \ndomicili\u00e9e au 550 boulevard de la lib\u00e9ration 13730 Saint-Victoret, lui indiquant les motifs  \nqui  ont  conduit  \u00e0  mettre  en  \u0153uvre  la  proc\u00e9dure  de  traitement  de  l'insalubrit\u00e9  et  lui \ndemandant de faire conna\u00eetre ses observations dans le d\u00e9lai imparti ;\nConsid\u00e9rant l'absence de r\u00e9ponse du propri\u00e9taire du logement ;\nAgence r\u00e9gionale de sant\u00e9 Provence-Alpes-C\u00f4te d'Azur \u2013 D\u00e9l\u00e9gation d\u00e9partementale des Bouches-du-Rh\u00f4ne\n132, boulevard de Paris 13003 MARSEILLE Adresse postale : CS50039 13331 MARSEILLE CEDEX 03\nT\u00e9l\u00e9phone : 04 13 55 80 10      https//www.paca.ars.sante.fr\n1/5\nSous pr\u00e9fecture de l'arrondissement d'Istres - 13-2025-04-28-00022 - Arr\u00eat\u00e9 pr\u00e9fectoral N\u00b0 2025-62\nde traitement de l'insalubrit\u00e9 du logement situ\u00e9 avenue de Lattre de Tassigny 13700 Marignane, 99\nConsid\u00e9rant que ce logement constitue un danger pour la sant\u00e9 et la s\u00e9curit\u00e9 physique des  \npersonnes compte tenu des d\u00e9sordres suivants : \n\uf0b7pr\u00e9sence d'humidit\u00e9 ;\n\uf0b7pr\u00e9sence de moisissures;\n\uf0b7insuffisance de ventilation ;\n\uf0b7insuffisance d'isolation thermique ;\n\uf0b7pr\u00e9sence d'infiltrations ;\n\uf0b7installation \u00e9lectrique non s\u00e9curis\u00e9e ;\n\uf0b7installation gaz non s\u00e9curis\u00e9e ;\n\uf0b7absence  ou  insuffisance  de  ventilations  dans  les  pi\u00e8ces  munies  d'un  appareil  \u00e0 \ncombustion ;\nConsid\u00e9rant que cette situation d'insalubrit\u00e9 au sens de l'article L.1331 -22 du Code de la  \nsant\u00e9 publique est susceptible d'engendrer les risques sanitaires suivants :\n\uf0b7 risques de survenue ou d'aggravation de pathologies notamment maladies \npulmonaires, asthmes et allergies ;\n\uf0b7 risques de survenue de chocs \u00e9lectriques, d'incendies ou d'explosion ;\n\uf0b7 risque d'intoxication par le monoxyde de carbone.\nConsid\u00e9rant qu'il y a lieu d'ordonner les mesures pour faire cesser ce danger dans un d\u00e9lai  \nfix\u00e9 ;\nSur  proposition du  directeur  g\u00e9n\u00e9ral  de  l'agence  r\u00e9gionale  de  sant\u00e9  de  la  r\u00e9gion \nProvence-Alpes-C\u00f4te d'Azur, \nARR\u00caTE\nArticle 1er : d\u00e9cision et travaux\nAfin de faire cesser la situation d'insalubrit\u00e9 du logement situ\u00e9 \u00e0 l'entr\u00e9e A, 1er \u00e9tage, porte \n4 du 28 bis avenue de Lattre de Tassigny 13700 Marignane, parcelle cadastrale BO 180 de la  \nville de Marignane, le propri\u00e9taire la SCI SANDRINE LOUIS VICTOR (RCS d'Aix-en-Provence  \nn\u00b0388 929 366), ou ses ayants droit est tenu de r\u00e9aliser les travaux suivants dans un d\u00e9lai de  \nsix (6) mois \u00e0 compter de la notification du pr\u00e9sent arr\u00eat\u00e9 : \n\uf0b7 installer un dispositif de ventilation garantissant, de mani\u00e8re efficace et permanente,  \net sans causer de g\u00eane aux occupants, l'introduction d'air neuf et l'extraction d'air  \nvici\u00e9 dans l'ensemble du logement. Il devra \u00eatre adapt\u00e9 \u00e0 l'utilisation des appareils  \nfonctionnant au gaz pour la partie cuisine et son efficacit\u00e9 devra \u00eatre v\u00e9rifi\u00e9e par un  \nprofessionnel  qualifi\u00e9.  Les  modifications  portant  sur  la  ventilation  devront  \u00eatre \nconformes aux prescriptions de l'arr\u00eat\u00e9 du 24 mars 1982 relatif \u00e0 l'a\u00e9ration des  \nlogements ;\n\uf0b7 rechercher  et  supprimer  par  des  moyens  efficaces  et  durables  toutes  les  causes \nd'humidit\u00e9 et d'infiltrations ;\nAgence r\u00e9gionale de sant\u00e9 Provence-Alpes-C\u00f4te d'Azur \u2013 D\u00e9l\u00e9gation d\u00e9partementale des Bouches-du-Rh\u00f4ne\n132, boulevard de Paris 13003 MARSEILLE Adresse postale : CS50039 13331 MARSEILLE CEDEX 03\nT\u00e9l\u00e9phone : 04 13 55 80 10      https//www.paca.ars.sante.fr\n2/5\nSous pr\u00e9fecture de l'arrondissement d'Istres - 13-2025-04-28-00022 - Arr\u00eat\u00e9 pr\u00e9fectoral N\u00b0 2025-62\nde traitement de l'insalubrit\u00e9 du logement situ\u00e9 avenue de Lattre de Tassigny 13700 Marignane, 100\n\uf0b7 remettre  en  \u00e9tat  les  surfaces  d\u00e9grad\u00e9es  par  les  moisissures,  l'humidit\u00e9  et  les \ninfiltrations ;\n\uf0b7 prendre toute disposition pour assurer une isolation thermique des parois froides;\n\uf0b7 prendre toute disposition pour attester de la parfaite \u00e9tanch\u00e9it\u00e9 de la couverture;\n\uf0b7 prendre toute disposition pour attester du bon \u00e9tat de fonctionnement des goutti\u00e8res\net descentes d'eau pluviale.\nArticle 2 : interdiction d'habiter et droit des occupants\nCompte  tenu  de  la  nature  et  de  l'importance  des  d\u00e9sordres  constat\u00e9s  et  du  danger \nencouru par les occupants, le logement situ\u00e9  \u00e0 l'entr\u00e9e A, 1er \u00e9tage, porte 4 du 28 bis  \navenue de Lattre de Tassigny 13700 Marignane, est interdit temporairement \u00e0 l'habitation  \ndans un d\u00e9lai de trente (30) jours \u00e0 compter de la notification du pr\u00e9sent arr\u00eat\u00e9 et jusqu'\u00e0  \nla mainlev\u00e9e de l'arr\u00eat\u00e9 de traitement de l'insalubrit\u00e9.\nLa personne mentionn\u00e9e \u00e0 l'article 1 er est tenue d'assurer l'h\u00e9bergement des occupants en  \napplication des articles L. 521-1 et L.  521-3-1 du code de la construction et de l'habitation.  \nElle doit avoir inform\u00e9 les services du pr\u00e9fet de l'offre d'h\u00e9bergement qu'elle a faite \u00e0  \nl'occupant dans un d\u00e9lai de trente (30) jours \u00e0 compter de la notification du pr\u00e9sent arr\u00eat\u00e9.\nLa personne mentionn\u00e9e \u00e0 l'article 1 er est tenue de respecter les droits des occupants dans  \nles conditions pr\u00e9cis\u00e9es aux articles L.  521-1 et suivants du code de la construction et de  \nl'habitation reproduits en annexe 1 du pr\u00e9sent arr\u00eat\u00e9.\nArticle 3 : ex\u00e9cution d'office \nFaute pour la personne mentionn\u00e9e \u00e0 l'article 1 er d'avoir r\u00e9alis\u00e9 les travaux prescrits au  \nm\u00eame article, il y sera proc\u00e9d\u00e9 d'office \u00e0 ses frais, ou \u00e0 ceux de ses ayants droit, dans les  \nconditions pr\u00e9cis\u00e9es \u00e0 l'article L.511-16 du code de la construction et de l'habitation.\n\u00c0  d\u00e9faut  pour  la  personne  concern\u00e9e  d'avoir  assur\u00e9  l'h\u00e9bergement  temporaire  des \noccupants, celui-ci sera effectu\u00e9 par le pr\u00e9fet ou  la personne publique \u00e0 l'initiative de  \nl'op\u00e9ration  programm\u00e9e  d'am\u00e9lioration  de  l'habitat  le  cas  \u00e9ch\u00e9ant,  aux  frais  du \npropri\u00e9taire  en  application  de  l'article  L.  521-3-2  du  code  de  la  construction  et  de \nl'habitation.\nArticle 4 : astreinte financi\u00e8re\nLa non-ex\u00e9cution des r\u00e9parations, travaux et mesures prescrits par le pr\u00e9sent arr\u00eat\u00e9 dans  \nles d\u00e9lais fix\u00e9s expose la personne mentionn\u00e9e \u00e0 l'article 1 er au paiement d'une astreinte  \nfinanci\u00e8re calcul\u00e9e en fonction du nombre de jours de retard, dans les conditions pr\u00e9vues \u00e0 \nl'article L.511-15 du code de la construction et de l'habitation. \nAgence r\u00e9gionale de sant\u00e9 Provence-Alpes-C\u00f4te d'Azur \u2013 D\u00e9l\u00e9gation d\u00e9partementale des Bouches-du-Rh\u00f4ne\n132, boulevard de Paris 13003 MARSEILLE Adresse postale : CS50039 13331 MARSEILLE CEDEX 03\nT\u00e9l\u00e9phone : 04 13 55 80 10      https//www.paca.ars.sante.fr\n3/5\nSous pr\u00e9fecture de l'arrondissement d'Istres - 13-2025-04-28-00022 - Arr\u00eat\u00e9 pr\u00e9fectoral N\u00b0 2025-62\nde traitement de l'insalubrit\u00e9 du logement situ\u00e9 avenue de Lattre de Tassigny 13700 Marignane, 101\nArticle 5 : mainlev\u00e9e\nA l'issue des travaux, la personne mentionn\u00e9e \u00e0 l'article 1 er doit informer sans d\u00e9lai les  \nservices de l'agence r\u00e9gionale de sant\u00e9.\nLa  mainlev\u00e9e  du  pr\u00e9sent  arr\u00eat\u00e9  de  traitement  d'insalubrit\u00e9  ne  pourra  \u00eatre  prononc\u00e9e \nqu'apr\u00e8s constatation, par les agents comp\u00e9tents, de la r\u00e9alisation des mesures prescrites.  \nLa  personne  mentionn\u00e9e  \u00e0  l'article  1er tient  \u00e0  la  disposition  de  l'administration  tous \njustificatifs attestant de la bonne r\u00e9alisation des travaux.\nArticle 6 : sanctions p\u00e9nales\nLe non-respect des prescriptions du pr\u00e9sent arr\u00eat\u00e9 et des obligations qui en d\u00e9coulent sont \npassibles des sanctions p\u00e9nales pr\u00e9vues par l'article L.511 -22 du code de la construction et  \nde l'habitation. \nLes  mesures  prescrites  sont,  en  tout  \u00e9tat  de  cause,  ex\u00e9cut\u00e9es  avant  toute  nouvelle \noccupation, remise \u00e0 disposition ou remise en location. \nLe non-respect des dispositions protectrices des occupants, pr\u00e9vues par les articles L.521 -1 \net  suivants  du  code  de  la  construction  et  de  l'habitation  est  \u00e9galement  passible  de \npoursuites  p\u00e9nales  dans  les  conditions  pr\u00e9vues  par  l'article  L.521-4  du  code  de  la \nconstruction et de l'habitation.\nArticle 7 : notification et affichage\nLe pr\u00e9sent arr\u00eat\u00e9 sera notifi\u00e9 \u00e0 la personne mentionn\u00e9e \u00e0 l'article 1 er ci-dessus par lettre  \nremise contre signature ou tout autre moyen conf\u00e9rant date certaine \u00e0 la r\u00e9ception. \nIl sera \u00e9galement notifi\u00e9 aux locataires du logement : \n\uf0b7 madame SEBOUAI Fadwa et monsieur ARBADJI Redouane, domicili\u00e9s \u00e0 l'entr\u00e9e A, \n1er \u00e9tage, porte 4 du 28 bis avenue de Lattre de Tassigny 13700 Marignane.\nLe pr\u00e9sent arr\u00eat\u00e9 sera affich\u00e9 sur la fa\u00e7ade de l'immeuble ainsi qu'\u00e0 la mairie o\u00f9 il est situ\u00e9,  \nce qui vaudra notification, dans les conditions pr\u00e9vues \u00e0 l'article L.511 -12 du code de la  \nconstruction et de l'habitation.\nArticle 8 : publication et transmissions\nLe pr\u00e9sent arr\u00eat\u00e9 est publi\u00e9 au service de la publicit\u00e9 fonci\u00e8re dont d\u00e9pend l'immeuble. \nEn  cas  de  cession  du  bien,  l'int\u00e9gralit\u00e9  du  pr\u00e9sent  arr\u00eat\u00e9  devra  \u00eatre  port\u00e9e  \u00e0  la \nconnaissance de l'acqu\u00e9reur par le vendeur.\nIl  est  transmis  au maire  de  Marignane,  \u00e0  la  pr\u00e9sidente  de  la  m\u00e9tropole  Aix-Marseille-\nProvence, au procureur de la R\u00e9publique pr\u00e8s le tribunal judiciaire d'Aix-en-Provence, aux  \norganismes payeurs des allocations de logement et de l'aide personnalis\u00e9e au logement du  \nlieu de situation de l'immeuble, ainsi qu'aux gestionnaires du fonds de solidarit\u00e9 pour le  \nlogement du d\u00e9partement, conform\u00e9ment \u00e0 l'article R. 511-7 du code de la construction et \nde l'habitation.\nAgence r\u00e9gionale de sant\u00e9 Provence-Alpes-C\u00f4te d'Azur \u2013 D\u00e9l\u00e9gation d\u00e9partementale des Bouches-du-Rh\u00f4ne\n132, boulevard de Paris 13003 MARSEILLE Adresse postale : CS50039 13331 MARSEILLE CEDEX 03\nT\u00e9l\u00e9phone : 04 13 55 80 10      https//www.paca.ars.sante.fr\n4/5\nSous pr\u00e9fecture de l'arrondissement d'Istres - 13-2025-04-28-00022 - Arr\u00eat\u00e9 pr\u00e9fectoral N\u00b0 2025-62\nde traitement de l'insalubrit\u00e9 du logement situ\u00e9 avenue de Lattre de Tassigny 13700 Marignane, 102\nArticle 9 : recours\nLe pr\u00e9sent arr\u00eat\u00e9 peut faire l'objet d'un recours gracieux aupr\u00e8s de monsieur le pr\u00e9fet des  \nBouches-du-Rh\u00f4ne (Place F\u00e9lix Baret CS 80001 13282 Marseille Cedex 06) dans le d\u00e9lai de  \ndeux mois \u00e0 compter de sa notification. \nL'absence de r\u00e9ponse dans un d\u00e9lai de deux mois vaut d\u00e9cision implicite de rejet. \nLe pr\u00e9sent arr\u00eat\u00e9 peut \u00e9galement faire l'objet d'un recours hi\u00e9rarchique aupr\u00e8s du ministre  \ncharg\u00e9 de la sant\u00e9 (Direction g\u00e9n\u00e9rale de la sant\u00e9- EA 2 - 14 avenue Duquesne 75350 Paris  \n07 SP) dans le d\u00e9lai de deux mois \u00e0 compter de sa notification. L'absence de r\u00e9ponse dans  \nun d\u00e9lai de deux mois vaut d\u00e9cision implicite de rejet. \nUn recours contentieux peut \u00eatre d\u00e9pos\u00e9 aupr\u00e8s du tribunal administratif de Marseille, 31  \nrue Jean-Fran\u00e7ois Leca 13002 Marseille, \u00e9galement dans le d\u00e9lai de deux mois \u00e0 compter de  \nla notification, ou dans le d\u00e9lai de deux mois \u00e0 partir de la r\u00e9ponse de l'administration si un  \nrecours administratif a \u00e9t\u00e9 d\u00e9pos\u00e9. La juridiction administrative comp\u00e9tente peut aussi  \n\u00eatre  saisie  par  l'application  T\u00e9l\u00e9recours  citoyens  accessible  \u00e0  partir  du  site \nwww.telerecours.fr.\nArticle 10 : ex\u00e9cution\nLe pr\u00e9fet des Bouches -du-Rh\u00f4ne,le maire de Marignane, la pr\u00e9sidente de la m\u00e9tropole  \nAix-Marseille-Provence,  le  directeur  g\u00e9n\u00e9ral  de  l'agence  r\u00e9gionale  de  sant\u00e9  \nProvence-Alpes-C\u00f4te d'Azur, le directeur d\u00e9partemental des territoires et de la mer des  \nBouches-du-Rh\u00f4ne, la directrice d\u00e9partementale de l'emploi, du travail et des solidarit\u00e9s  \ndes Bouches -du-Rh\u00f4ne, les organismes payeurs des allocations de logement et de l'aide  \npersonnalis\u00e9e au logement, sont charg\u00e9s chacun en ce qui le concerne de l'ex\u00e9cution du  \npr\u00e9sent arr\u00eat\u00e9.\n                        Fait \u00e0 Istres, le 28 avril 2025\n                                                                              Le sous-pr\u00e9fet d'Istres\n \n                                                                         Sign\u00e9\n                                                                              Christophe BORGUS\nAgence r\u00e9gionale de sant\u00e9 Provence-Alpes-C\u00f4te d'Azur \u2013 D\u00e9l\u00e9gation d\u00e9partementale des Bouches-du-Rh\u00f4ne\n132, boulevard de Paris 13003 MARSEILLE Adresse postale : CS50039 13331 MARSEILLE CEDEX 03\nT\u00e9l\u00e9phone : 04 13 55 80 10      https//www.paca.ars.sante.fr\n5/5\nSous pr\u00e9fecture de l'arrondissement d'Istres - 13-2025-04-28-00022 - Arr\u00eat\u00e9 pr\u00e9fectoral N\u00b0 2025-62\nde traitement de l'insalubrit\u00e9 du logement situ\u00e9 avenue de Lattre de Tassigny 13700 Marignane, 103","date":"2025-04-29","first_seen_on":"2025-04-29T14:06:55+00:00","id":"01e03f833efec51a40521ad95317d645f3b30b2b6e6e3bd8e5363f15b88a0c57","name":"recueil-13-2025-136-recueil-des-actes-administratifs-special. du 29 avril 2025pdf","pdf_creation_date":"2025-04-29T13:48:10+00:00","pdf_modification_date":null,"timezone":"Europe/Paris","url":"https://www.bouches-du-rhone.gouv.fr/contenu/telechargement/59425/421268/file/recueil-13-2025-136-recueil-des-actes-administratifs-special.%20du%2029%20avril%202025pdf.pdf"}
