{"administration":"pref83","administration_name":"Pr\u00e9fecture du Var","content":"VAR\nRECUEIL DES ACTES\nADMINISTRATIFS SP\u00c9CIAL\n(NOMINATIFS)\nN\u00b083-2026-046\nPUBLI\u00c9 LE  5 F\u00c9VRIER 2026\nSommaire\nDirection d\u00e9partementale de l'emploi, du travail et des solidarit\u00e9s du Var\n/ Direction de la DDETS\n83-2026-02-03-00006 - Arrete agr\u00e9ment AVAF (4 pages) Page 3\nSecr\u00e9tariat g\u00e9n\u00e9ral commun d\u00e9partemental / Direction du SGCD\n83-2026-02-03-00005 - Arr\u00eat\u00e9 n\u00b0SGC/2026 du 3 f\u00e9vrier 2026 portant\nsubd\u00e9l\u00e9gation de signature et d'ordonnancement secondaire aux\ncadres du secr\u00e9tariat g\u00e9n\u00e9ral commun d\u00e9partemental du Var (12\npages) Page 8\n83-2026-02-03-00009 - Arr\u00eat\u00e9 portant nomination de Mme Nathalie\nTOURET en tant qu'approbateur pr\u00e9fet dans l'outil CHORUS  (2 pages) Page 21\n2\nDirection d\u00e9partementale de l'emploi, du travail\net des solidarit\u00e9s du Var\n83-2026-02-03-00006\nArrete agr\u00e9ment AVAF\nDirection d\u00e9partementale de l'emploi, du travail et des solidarit\u00e9s du Var - 83-2026-02-03-00006 - Arrete agr\u00e9ment AVAF 3\n=mPREFETDU VARLibert\u00e9Egalit\u00e9Fraternit\u00e9\nDirection d\u00e9partementale\n de l'emploi, du travail et des solidarit\u00e9s\nService acc\u00e8s au logement\nD\u00e9partement accompagnement vers le logement\nArr\u00eat\u00e9 pr\u00e9fectoral n\u00b0 DDETS-SAL-2026-01\ndu 03 f\u00e9vrier 2026 portant agr\u00e9ment de l'association ASSOCIATION VAROISE D'ACCUEIL \nFAMILIAL\nau titre des articles L.365-3 et L.365-4 du code de la construction et de l'habitat\nLe Pr\u00e9fet du Var,\nVu la loi n\u00b0 2009-323 de mobilisation pour le logement et de lutte contre l'exclusion en date  \ndu 25 mars 2009\u00a0;\nVu le Code de la Construction et de l'Habitation, et notamment les articles L.365-4 et R.365-\n1-alin\u00e9a 3, dans sa r\u00e9daction issue du d\u00e9cret n\u00b0 2010-398 du 28 avril 2010 article 1\u00a0;\nVu le Code de la Construction et de l'Habitation, et notamment les articles L.365-3 et R.365-1-\nalin\u00e9a 2 et suivants ; \nVu le  d\u00e9cret  n\u00b0  2009-1684  du  30  d\u00e9cembre  2009  relatif  aux  agr\u00e9ments  des  organismes \nexer\u00e7ant des activit\u00e9s en  faveur  du  logement  et  de  l'h\u00e9bergement  des  personnes \nd\u00e9favoris\u00e9es\u00a0;\nVu la  circulaire  du  6  septembre  2010  relative  aux  agr\u00e9ments  des  organismes  agissant  en \nfaveur du logement et de l'h\u00e9bergement des personnes d\u00e9favoris\u00e9es\u00a0;\nVu  le  dossier  transmis,  le  13  octobre  2025,  par  le  repr\u00e9sentant  l\u00e9gal  de  l'association \nASSOCIATION VAROISE D'ACCUEIL FAMILIAL sise 262 avenue amiral Collet 83000 Toulon-\nFrance ;\nVu l'arr\u00eat\u00e9 pr\u00e9fectoral n\u00b02025/23/MCI du 2 juin 2025 portant d\u00e9l\u00e9gation de signature \u00e0 Mme  \nSandrine  Polychronopoulos,  directrice  d\u00e9partementale  de  l'emploi,  du  travail  et  des \nsolidarit\u00e9s du Var\u00a0;\nCONSIDERANT que le dossier transmis est d\u00e9sormais complet\u00a0;\nDirection d\u00e9partementale de l'emploi, du travail et des solidarit\u00e9s du Var - 83-2026-02-03-00006 - Arrete agr\u00e9ment AVAF 4\nDirection d\u00e9partementale de l'emploi, du travail et des solidarit\u00e9s du Var - 83-2026-02-03-00006 - Arrete agr\u00e9ment AVAF 5\nArr\u00eate :\nArticle 1  er\n   :  \nL'organisme  \u00e0  gestion  d\u00e9sint\u00e9ress\u00e9e,  l'association  \u00ab\u00a0ASSOCIATION  VAROISE  D'ACCUEIL \nFAMILIAL\u00a0\u00bb,  association de loi 1901, est agr\u00e9\u00e9 pour les 8 activit\u00e9s r\u00e9f\u00e9renc\u00e9es au sein des  \ncat\u00e9gories suivantes\u00a0:\nIng\u00e9nierie sociale, financi\u00e8re et technique  \u00a0  :  \n\uf0b7 L'accompagnement social des personnes pour favoriser leur acc\u00e8s ou leur maintien dans  \nle logement, \n\uf0b7 La recherche de logements adapt\u00e9s, \n\uf0b7  Les activit\u00e9s d'accueil, de conseil, d'assistance (assistance \u00e0 ma\u00eetrise d'ouvrage avec ou  \nsans  mission  technique,  ma\u00eetrise  d'\u0153uvre)  pour  l'am\u00e9lioration  ou  l'adaptation  de \nl'habitat conduites en faveur des personnes d\u00e9favoris\u00e9es ou des personnes \u00e2g\u00e9es ou  \nhandicap\u00e9es, les commissions de m\u00e9diation ou les tribunaux administratifs, \n\uf0b7 L'assistance des requ\u00e9rants dans les proc\u00e9dures du droit au logement opposable devant, \nles commissions de m\u00e9diation ou les tribunaux administratifs, \nInterm\u00e9diation locative et gestion locative sociale  \u00a0  :  \n\uf0b7 La location de logements aupr\u00e8s d'organismes HLM ou d'un organisme agr\u00e9\u00e9 MO en vue  \nde leur sous-location \u00e0 des personnes d\u00e9favoris\u00e9es, il s'agit notamment des bailleurs  \npriv\u00e9s,  personnes  physiques  ou,  morales,  soci\u00e9t\u00e9s  d'\u00e9conomie  mixte  et  des  \ncollectivit\u00e9s locales,\n\uf0b7 La location de logements en vue de l'h\u00e9bergement de personnes d\u00e9favoris\u00e9es dans les  \nconditions de l'article L 851-1 du code de la s\u00e9curit\u00e9 sociale aupr\u00e8s d'un organisme  \nconventionn\u00e9 \u00e0 l'ALT, \n\uf0b7 La gestion de r\u00e9sidences sociales mentionn\u00e9e \u00e0 l'article R. 353-165-1 du CCH, \n\uf0b7  La location de logements aupr\u00e8s d'organismes HLM ou d'un organisme agr\u00e9\u00e9 MO en vue  \nde leur sous-location \u00e0 des personnes d\u00e9favoris\u00e9es\nDirection d\u00e9partementale de l'emploi, du travail et des solidarit\u00e9s du Var - 83-2026-02-03-00006 - Arrete agr\u00e9ment AVAF 6\nArticle 2 :\nL'agr\u00e9ment est d\u00e9livr\u00e9 pour une dur\u00e9e de cinq ans renouvelable.\nIl peut \u00eatre retir\u00e9 \u00e0 tout moment par l'autorit\u00e9 administrative comp\u00e9tente si l'organisme ne  \nsatisfait plus aux conditions de d\u00e9livrance de l'agr\u00e9ment ou s'il est constat\u00e9 un manquement  \ngrave ou r\u00e9p\u00e9t\u00e9 \u00e0 ses obligations.\nArticle 3 :\nUn compte-rendu de l'activit\u00e9 concern\u00e9e et les comptes financiers de l'organisme seront  \nadress\u00e9s annuellement \u00e0 l'autorit\u00e9 administrative comp\u00e9tente qui a d\u00e9livr\u00e9 l'agr\u00e9ment.\nCette derni\u00e8re peut, \u00e0 tout moment, contr\u00f4ler les conditions d'exercice.\nArticle 4 :\nLe pr\u00e9sent arr\u00eat\u00e9 peut faire l'objet d'un recours devant le tribunal administratif de Toulon  \ndans un d\u00e9lai de deux mois \u00e0 compter de sa publication au recueil des actes administratifs de  \nla pr\u00e9fecture du Var.\nLe m\u00eame recours peut \u00eatre exerc\u00e9 par l'association gestionnaire dans le d\u00e9lai de deux mois \u00e0  \ncompter de la notification du pr\u00e9sent arr\u00eat\u00e9.\nArticle 5 :\nLa directrice d\u00e9partementale de l'emploi, du travail et des solidarit\u00e9s du Var est charg\u00e9e de  \nl'ex\u00e9cution  du  pr\u00e9sent  arr\u00eat\u00e9  qui  sera  publi\u00e9  au  recueil  des  actes  administratifs  de  la \npr\u00e9fecture du Var.\nFait \u00e0 Toulon, le 03 f\u00e9vrier 2026\nPour le pr\u00e9fet et par d\u00e9l\u00e9gation, \nla directrice d\u00e9partementale de l'emploi, \ndu travail et des solidarit\u00e9s du Var \nSign\u00e9\nSandrine Polychronopoulos\nDirection d\u00e9partementale de l'emploi, du travail et des solidarit\u00e9s du Var - 83-2026-02-03-00006 - Arrete agr\u00e9ment AVAF 7\nSecr\u00e9tariat g\u00e9n\u00e9ral commun d\u00e9partemental\n83-2026-02-03-00005\nArr\u00eat\u00e9 n\u00b0SGC/2026 du 3 f\u00e9vrier 2026 portant\nsubd\u00e9l\u00e9gation de signature et\nd'ordonnancement secondaire aux cadres du\nsecr\u00e9tariat g\u00e9n\u00e9ral commun d\u00e9partemental du\nVar\nSecr\u00e9tariat g\u00e9n\u00e9ral commun d\u00e9partemental - 83-2026-02-03-00005 - Arr\u00eat\u00e9 n\u00b0SGC/2026 du 3 f\u00e9vrier 2026 portant subd\u00e9l\u00e9gation de\nsignature et d'ordonnancement secondaire aux cadres du secr\u00e9tariat g\u00e9n\u00e9ral commun d\u00e9partemental du Var 8\n=mPREFETDU VARLibert\u00e9Egalit\u00e9Fraternit\u00e9\nARR\u00caT\u00c9 n\u00b0 SGC/2026 \u2013 du 3 f\u00e9vrier 2026\nPortant subd\u00e9l\u00e9gation de signature et d'ordonnancement secondaire aux cadres \ndu secr\u00e9tariat g\u00e9n\u00e9ral commun d\u00e9partemental du Var\nLe Pr\u00e9fet du Var,\nChevalier de la L\u00e9gion d'Honneur,\nChevalier de l'Ordre National du M\u00e9rite,\nVu la loi organique n\u00b0\u00a02001-692 du 1er ao\u00fbt 2001 modifi\u00e9e, relative aux lois de finances\u00a0;\nVu la loi d'orientation n\u00b0\u00a092-125 du 6 f\u00e9vrier 1992 modifi\u00e9e, relative \u00e0 l'administration\nterritoriale de la R\u00e9publique\u00a0;\nVu le d\u00e9cret n\u00b082-453 du 28 mai 1982 relatif \u00e0 l'hygi\u00e8ne et \u00e0 la s\u00e9curit\u00e9 du travail ainsi  \nqu'\u00e0 la pr\u00e9vention m\u00e9dicale dans la fonction publique\u00a0;\nVu le d\u00e9cret n\u00b0 \u00a02004-374 du 29 avril 2004 modifi\u00e9, relatif aux pouvoirs des pr\u00e9fets, \u00e0\nl'organisation et \u00e0 l'action des services de l'\u00c9tat dans les r\u00e9gions et d\u00e9partements\u00a0;\nVu le d\u00e9cret n\u00b0\u00a02006-1780 du 23 d\u00e9cembre 2006 modifi\u00e9, portant d\u00e9l\u00e9gation de pouvoir  \nen mati\u00e8re de recrutement et de gestion de certains personnels relevant du minist\u00e8re de \nl'Int\u00e9rieur\u00a0;\nVu  le  d\u00e9cret  n\u00b0\u00a02009-1484  du  3  d\u00e9cembre  2009  modifi\u00e9,  relatif  aux  directions \nd\u00e9partementales interminist\u00e9rielles\u00a0;\nVu le d\u00e9cret n\u00b0\u00a02012-1246 du 7 novembre 2012 modifi\u00e9, relatif \u00e0 la gestion budg\u00e9taire et  \ncomptable publique\u00a0;\nVu le d\u00e9cret n\u00b0\u00a02015-510 du 7 mai 2015 modifi\u00e9, portant charte de la d\u00e9concentration\u00a0;\nVu le d\u00e9cret n\u00b0\u00a02019-1594 du 31 d\u00e9cembre 2019 modifi\u00e9, relatif aux emplois de direction  \nde l'\u00c9tat, notamment les articles 34 et suivants\u00a0;\nVu le d\u00e9cret n\u00b0 \u00a02020-99 du 7 f\u00e9vrier 2020 relatif \u00e0 l'organisation et aux missions des  \nsecr\u00e9tariats g\u00e9n\u00e9raux communs d\u00e9partementaux\u00a0;\n                                                                                                                                                                        1/12\nSecr\u00e9tariat g\u00e9n\u00e9ral commun d\u00e9partemental\nSecr\u00e9tariat g\u00e9n\u00e9ral commun d\u00e9partemental - 83-2026-02-03-00005 - Arr\u00eat\u00e9 n\u00b0SGC/2026 du 3 f\u00e9vrier 2026 portant subd\u00e9l\u00e9gation de\nsignature et d'ordonnancement secondaire aux cadres du secr\u00e9tariat g\u00e9n\u00e9ral commun d\u00e9partemental du Var 9\nVu le d\u00e9cret du Pr\u00e9sident de la R\u00e9publique du 15 mai 2025 portant nomination de M.  \nSimon BABRE, pr\u00e9fet du Var\u00a0;\nVu l'arr\u00eat\u00e9 du Premier Ministre du 31 mars 2011 modifi\u00e9, portant d\u00e9concentration des  \nd\u00e9cisions relatives \u00e0 la situation individuelle des fonctionnaires et agents non titulaires  \nexer\u00e7ant leurs fonctions dans les directions d\u00e9partementales interminist\u00e9rielles\u00a0;\nVu l'arr\u00eat\u00e9 du Ministre d'\u00c9tat, ministre de l'int\u00e9rieur, du 28 d\u00e9cembre 2017 modifi\u00e9,  \nportant d\u00e9l\u00e9gation de pouvoir en mati\u00e8re de recrutement et de gestion des personnels  \nadministratifs du minist\u00e8re de l'Int\u00e9rieur\u00a0;\nVu la circulaire n\u00b0\u00a06104/SG du 2 ao\u00fbt 2019 du Premier ministre relative \u00e0 la constitution  \nde secr\u00e9tariats g\u00e9n\u00e9raux communs aux pr\u00e9fectures et aux directions d\u00e9partementales  \ninterminist\u00e9rielles\u00a0;\nVu l'arr\u00eat\u00e9 n\u00b02020/96/MCI du 29 d\u00e9cembre 2020 portant cr\u00e9ation et organisation du  \nsecr\u00e9tariat g\u00e9n\u00e9ral commun d\u00e9partemental du Var, modifi\u00e9 par l'arr\u00eat\u00e9 n\u00b02022/18/MCI  \ndu 10 juin 2022 et par l'arr\u00eat\u00e9 n\u00b02022/45/MCI du 7 novembre 2022\u00a0;\nVu l'arr\u00eat\u00e9 du Premier ministre et du ministre de l'Int\u00e9rieur du 3 octobre 2024, portant  \nnomination de M. S\u00e9bastien ODDONE, attach\u00e9 d'administration de l'Etat hors classe,  \ndirecteur du secr\u00e9tariat g\u00e9n\u00e9ral commun d\u00e9partemental du Var\u00a0; \nVu l'arr\u00eat\u00e9 pr\u00e9fectoral n\u00b02025/53/MCI du 8 juillet 2025, po rtant d\u00e9l\u00e9gation de signature  \net  d'ordonnancement  secondaire  des  recettes  et  d\u00e9penses  de  l'\u00c9tat  au  titre  des \nprogrammes ex\u00e9cut\u00e9s par le SGCD du Var \u00e0 M. S\u00e9bastien ODDONE,\nDirecteur du secr\u00e9tariat g\u00e9n\u00e9ral commun d\u00e9partemental du Var\u00a0;\nVu  l'arr\u00eat\u00e9  n\u00b0  SGC/2026  \u2013 du  8  janvier  2026  portant  subd\u00e9l\u00e9gation  de  signature  et \nd'ordonnancement  secondaire  aux  cadres  du  secr\u00e9tariat  g\u00e9n\u00e9ral  commun  \nd\u00e9partemental du Var\u00a0;\nSur proposition du directeur du secr\u00e9tariat g\u00e9n\u00e9ral commun d\u00e9partemental\u00a0;\nARR\u00caTE\nArticle 1 \u00a0: La d\u00e9l\u00e9gation de signature donn\u00e9e \u00e0 M. S\u00e9bastien ODDONE directeur du  \nsecr\u00e9tariat  g\u00e9n\u00e9ral  commun  d\u00e9partemental  du  Var,  par  l'arr\u00eat\u00e9  pr\u00e9fectoral  \nn\u00b02025/53/MCI du 8 juillet 2025 est subd\u00e9l\u00e9gu\u00e9e \u00e0\u00a0:\nM. Alexandre PROUD, attach\u00e9 Hors classe d'administration de l'\u00c9tat, directeur adjoint  \ndu secr\u00e9tariat g\u00e9n\u00e9ral commun d\u00e9partemental \u00e0 compter du 15 janvier 2025.\n                                                                                                                                                                        2/12\nSecr\u00e9tariat g\u00e9n\u00e9ral commun d\u00e9partemental - 83-2026-02-03-00005 - Arr\u00eat\u00e9 n\u00b0SGC/2026 du 3 f\u00e9vrier 2026 portant subd\u00e9l\u00e9gation de\nsignature et d'ordonnancement secondaire aux cadres du secr\u00e9tariat g\u00e9n\u00e9ral commun d\u00e9partemental du Var 10\nMme  Caroline  HEURGUIER,  attach\u00e9e  principale  d'administration  de  l'\u00c9tat,  directrice \nadjointe  du  secr\u00e9tariat  g\u00e9n\u00e9ral  commun  d\u00e9partemental  \u00e0  compter  du  1er\n novembre  \n2025.\nCette  subd\u00e9l\u00e9gation  porte  sur  toutes  les  mati\u00e8res  d\u00e9finies  \u00e0  l'arr\u00eat\u00e9  pr\u00e9fectoral \nn\u00b02025/53/MCI du 8 juillet 2025 susvis\u00e9, aux fins de signer tous actes, documents ou  \nd\u00e9cisions se traduisant par l'ordonnancement secondaire des recettes et des d\u00e9penses  \nde l'\u00c9tat, relevant des attributions et du fonctionnement du SGCD, imput\u00e9es sur les  \nprogrammes suivants et dans la limite de 100\u00a0000\u00a0\u20ac\u00a0:\n\u2022 124  \u00ab\u00a0Conduite  et  soutien  des  politiques  sanitaires,  sociales,  du  sport,  de  la \njeunesse  et  de  la  vie  associative\u00a0\u00bb,  en  ce  qu'elles  concernent  les  d\u00e9penses \nm\u00e9dicales et d'action sociale\u00a0\u00bb\u00a0;\n\u2022 134 \u00ab\u00a0d\u00e9veloppement des entreprises \u00a0\u00bb, en ce qu'elles concernent les d\u00e9penses  \nm\u00e9dicales et d'action sociale\u00a0;\n\u2022 148 \u00ab\u00a0fonction publique\u00a0\u00bb\u00a0;\n\u2022 155 \u00ab\u00a0Conception, gestion et \u00e9valuation des politiques de l'emploi et du travail , \nen ce qu'elles concernent les d\u00e9penses m\u00e9dicales et d'action sociale\u00a0;\n\u2022 176 \u00ab\u00a0police nationale\u00a0\u00bb, en ce qu'elles concernent les commissions de secours et \nl'action sociale\u00a0; \n\u2022 206 \u00ab\u00a0s\u00e9curit\u00e9 et qualit\u00e9 sanitaires de l'alimentation \u00a0\u00bb, en ce qu'elles concernent  \nles d\u00e9penses  m\u00e9dicales et d'action sociale\u00a0;\n\u2022 207 \u00ab\u00a0S\u00e9curit\u00e9 et \u00e9ducation routi\u00e8res\u00a0\u00bb\n\u2022 215  \u00ab\u00a0conduite  et  pilotage  des  politiques  de  l'agriculture\u00a0\u00bb,  en  ce  qu'elles \nconcernent les d\u00e9penses  m\u00e9dicales et d'action sociale\u00a0;\n\u2022 216  \u00ab\u00a0conduite  et  pilotage  des  politiques  de  l'Int\u00e9rieur\u00a0\u00bb,  en  ce  qu'elles \nconcernent  les  d\u00e9penses  d'action  sociale\u00a0et  l'action  6  affaires  juridiques  et \ncontentieuses\u00a0;\n\u2022 217 \u00ab\u00a0conduite et pilotage des politiques de l'\u00e9cologie, du d\u00e9veloppement et de  \nla  mobilit\u00e9  durables\u00a0\u00bb,  en  ce  qu'elles  concernent  les  d\u00e9penses  m\u00e9dicales, \nd'action sociale, de d\u00e9placements et de mission ;\n\u2022 232 \u00ab\u00a0Vie politique\u00a0\u00bb en ce qu'elles concernent les d\u00e9penses des \u00e9lections\u00a0; \n\u2022 348  \u00ab\u00a0r\u00e9novation  des  cit\u00e9s  administratives  et  autres  sites  domaniaux  multi-\noccupants\u00a0\u00bb\u00a0;\n\u2022 349 \u00ab\u00a0fonds pour la transformation de l'action publique\u00a0\u00bb ;\n\u2022 354 \u00ab\u00a0administration territoriale de l'\u00c9tat\u00a0\u00bb\u00a0;\n\u2022 362 \u00ab\u00a0\u00e9cologie\u00a0\u00bb\u00a0;\n\u2022 363 \u00ab\u00a0comp\u00e9titivit\u00e9\u00a0\u00bb\u00a0;\n\u2022 723 \u00ab\u00a0op\u00e9rations immobili\u00e8res et entretien des b\u00e2timents de l'\u00c9tat\u00a0\u00bb.\nArticle 2\u00a0: D\u00e9l\u00e9gation de signature est donn\u00e9e, \u00e0 l'effet de signer les actes et documents  \nrelevant de la comp\u00e9tence de leur service interminist\u00e9riel \u00e0 \u00a0:\n\u2022 M. Franck MAINAS,  attach\u00e9 principal  d'administration de l'\u00c9tat,  chef du service  \ninterminist\u00e9riel des ressources humaines;\n                                                                                                                                                                        3/12\nSecr\u00e9tariat g\u00e9n\u00e9ral commun d\u00e9partemental - 83-2026-02-03-00005 - Arr\u00eat\u00e9 n\u00b0SGC/2026 du 3 f\u00e9vrier 2026 portant subd\u00e9l\u00e9gation de\nsignature et d'ordonnancement secondaire aux cadres du secr\u00e9tariat g\u00e9n\u00e9ral commun d\u00e9partemental du Var 11\n\u2022 Mme Nathalie TOURET,  attach\u00e9e d 'administration de l'\u00c9tat, cheffe du service  \ninterminist\u00e9riel du budget et des achats\u00a0;\n\u2022 Mme Pascale GRAPPIN, ing\u00e9nieur principal des Services Techniques, cheffe du  \nservice  interminist\u00e9riel  de  l'immobilier,  de  la  logistique,  du  courrier,  et  de \nl'accueil ;\n\u2022 M.  Herv\u00e9  MARCY,  ing\u00e9nieur  principal  des  syst\u00e8mes  d'information  et  de \ncommunication,  chef  du  service  interminist\u00e9riel  d\u00e9partemental  des  syst\u00e8mes \nd'information et de communication\u00a0;\nArticle 3 \u00a0: D\u00e9l\u00e9gation de signature est donn\u00e9e \u00e0 M. Franck MAINAS, chef du  service \ninterminist\u00e9riel des ressources humaines, pour signer les actes et documents relevant du \nservice  interminist\u00e9riel  des  ressources  humaines,  \u00e0  savoir  la  gestion  des  carri\u00e8res,  le \ntemps partiel, le suivi des effectifs, la formation, l'action sociale et le dialogue social, se \ntraduisant par l'ordonnancement secondaire des recettes et des d\u00e9penses de l'\u00c9tat,  \nrelevant des attributions et du fonctionnement du SGCD, imput\u00e9es sur les programmes  \nsuivants et \u00e0 concurrence de 5\u00a0000\u00a0\u20ac\u00a0:\n\u25aa 124  \u00ab\u00a0conduite  et  soutien  des  politiques  sanitaires,  sociales,  du  sport,  de  la \njeunesse  et  de  la  vie  associative\u00a0\u00bb,  en  ce  qu'elles  concernent  les  d\u00e9penses \nm\u00e9dicales et d'action sociale\u00a0\u00bb\u00a0;\n\u25aa 134 \u00ab\u00a0d\u00e9veloppement des entreprises \u00a0\u00bb, en ce qu'elles concernent les d\u00e9penses  \nm\u00e9dicales et d'action sociale\u00a0;\n\u25aa 155 \u00ab\u00a0conception, gestion et \u00e9valuation des politiques de l'emploi et du travail , \nen ce qu'elles concernent les d\u00e9penses m\u00e9dicales et d'action sociale\u00a0;\n\u25aa 176 \u00ab\u00a0police nationale\u00a0\u00bb, en ce qu'elles concernent les commissions de secours et \nl'action sociale\u00a0; \n\u25aa 206 \u00ab\u00a0s\u00e9curit\u00e9 et qualit\u00e9 sanitaires de l'alimentation\u00a0\u00bb, en ce qu'elles concernent \nles d\u00e9penses m\u00e9dicales et d'action sociale\u00a0;\n\u25aa 215  \u00ab\u00a0conduite  et  pilotage  des  politiques  de  l'agriculture\u00a0\u00bb,  en  ce  qu'elles \nconcernent les d\u00e9penses m\u00e9dicales et d'action sociale\u00a0;\n\u25aa 216  \u00ab\u00a0conduite  et  pilotage  des  politiques  de  l'Int\u00e9rieur\u00a0\u00bb,  en  ce  qu'elles \nconcernent les d\u00e9penses m\u00e9dicales et d'action sociale\u00a0;\n\u25aa 217 \u00ab\u00a0conduite et pilotage des politiques de l'\u00e9cologie, du d\u00e9veloppement et de  \nla  mobilit\u00e9  durables\u00a0\u00bb,  en  ce  qu'elles  concernent  les  d\u00e9penses  m\u00e9dicales  et \nd'action sociale\u00a0;\n\u25aa 354  \u00ab\u00a0administration  territoriale  de  l'Etat\u00a0\u00bb,  en  ce  qu'elles  concernent  les \nd\u00e9penses d'action sociale, de formation et le titre 2.\nEn cas d'absence ou d'emp\u00eachement de M. Franck MAINAS, d\u00e9l\u00e9gation est donn\u00e9e dans \nles m\u00eames conditions et sous son contr\u00f4le \u00e0\u00a0:\n\u2022 Mme Vanessa GEBELLIN, attach\u00e9e d'administration de l'Etat, adjointe au chef du  \nSIRH,  pour  les  actes  et  documents  relevant  du  service  interminist\u00e9riel  des \nressources humaines pr\u00e9cit\u00e9s se traduisant par l'ordonnancement secondaire des \nrecettes  et  des  d\u00e9penses  de  l'\u00c9tat,  relevant  des  attributions  et  du  \nfonctionnement  du  SGCD,  imput\u00e9es  sur  les  programmes  pr\u00e9c\u00e9dents  et  \u00e0 \nconcurrence de 5\u00a0000\u00a0\u20ac\u00a0;\n                                                                                                                                                                        4/12\nSecr\u00e9tariat g\u00e9n\u00e9ral commun d\u00e9partemental - 83-2026-02-03-00005 - Arr\u00eat\u00e9 n\u00b0SGC/2026 du 3 f\u00e9vrier 2026 portant subd\u00e9l\u00e9gation de\nsignature et d'ordonnancement secondaire aux cadres du secr\u00e9tariat g\u00e9n\u00e9ral commun d\u00e9partemental du Var 12\n\u2022 Mme Anne-Ga\u00ebl RAGNEAU, secr\u00e9taire administrative de classe sup\u00e9rieure, cheffe  \ndu p\u00f4le du minist\u00e8re de l'int\u00e9rieur, pour les actes et documents relevant de la  \ngestion courante des carri\u00e8res du personnel du minist\u00e8re de l'int\u00e9rieur\u00a0;\n\u2022 Mme  Caroline  MEZIERES,  attach\u00e9e  d'administration  de  l'\u00c9tat,  cheffe  de  p\u00f4le, \npour les actes et documents relevant de la gestio n courante des carri\u00e8res du  \npersonnel  des  minist\u00e8res  Transition  \u00e9cologique,  Am\u00e9nagement  du  territoire, \nTransports, Ville et Logement et du minist\u00e8re de l'\u00e9conomie, des finances;\n\u2022 Mme Karine DEON, attach\u00e9e d'administration de l'\u00c9tat, cheffe de p\u00f4le, pour les  \nactes et documents relevant de la gestion courante des carri\u00e8res du personnel du \nminist\u00e8re de l'agriculture, de l'agro-alimentaire et de la souverainet\u00e9 alimentaire  \net du personnel relevant du minist\u00e8re du travail et des solidarit\u00e9s ; \n\u2022 Mme  Marie-Pierre  NOVELLA,  attach\u00e9e  principale  d'administration  de  l'\u00c9tat, \ncheffe du p\u00f4le action sociale \u00e0 compter du 1 er\n f\u00e9vrier 2026, \u00e0 l'effet de signer les  \nd\u00e9cisions  de  d\u00e9penses  rentrant  dans  le  champ  d'actions  de  son  p\u00f4le,  \u00e0 \nconcurrence d'un montant de 5\u00a0000\u00a0\u20ac\u00a0;\n\u2022 D\u00e9l\u00e9gation  de  signature  est  \u00e9galement  donn\u00e9e  \u00e0  Mme  Catherine  BUARD, \nsecr\u00e9taire administrative de classe normale, Mme Isabelle COLPAERT, secr\u00e9taire  \nadministrative  de  classe  sup\u00e9rieure,  et  \u00e0  Mme  Astrid  DORNEL,  secr\u00e9taire \nadministrative,  gestionnaires  des  prestations  sociales,  pour  tous  les  actes  de \ngestion dans Chorus Formulaires pour les d\u00e9penses en mati\u00e8re de RH\u00a0;\n\u2022 D\u00e9l\u00e9gation  de  signature  est  \u00e9galement  donn\u00e9e  \u00e0  Mme  Sophie  NAWROCKI, \nsecr\u00e9taire administrative de classe sup\u00e9rieure pour tous les actes de gestion dans  \nChorus Formulaires pour les d\u00e9penses et les recettes en mati\u00e8re de RH\u00a0;\nArticle   4  \u00a0: D\u00e9l\u00e9gation  de  signature  est  donn\u00e9e  \u00e0  Mme  Nathalie  TOURET,  cheffe  du \nservice  interminist\u00e9riel  du  budget  et  des  achats,  aux  fins  de  signer  tous  actes, \ndocuments ou d\u00e9cisions se traduisant par l'ordonnancement secondaire des recettes et  \ndes d\u00e9penses de l'\u00c9tat, relevant des attributions et du fonctionnement du SGCD et  \nimput\u00e9es sur les programmes suivants, \u00e0 concurrence de 30\u00a0000\u00a0\u20ac\u00a0:\n\u25aa 124  \u00ab\u00a0conduite  et  soutien  des  politiques  sanitaires,  sociales,  du  sport,  de  la \njeunesse  et  de  la  vie  associative\u00a0\u00bb,  en  ce  qu'elles  concernent  les  d\u00e9penses \nd'action sociale\u00a0\u00bb\u00a0;\n\u25aa 134 \u00ab\u00a0d\u00e9veloppement des entreprises \u00a0\u00bb, en ce qu'elles concernent les d\u00e9penses  \nd'action sociale\u00a0;\n\u25aa 148 \u00ab\u00a0fonction publique\u00a0\u00bb\u00a0;\n\u25aa 155 \u00ab\u00a0conception, gestion et \u00e9valuation des politiques de l'emploi et du travail , \nen ce qu'elles concernent les d\u00e9penses d'action sociale\u00a0;\n\u25aa 176 \u00ab\u00a0police nationale\u00a0\u00bb, en ce qu'elles concernent l'action sociale\u00a0; \n\u25aa 206 \u00ab\u00a0s\u00e9curit\u00e9 et qualit\u00e9 sanitaires de l'alimentation\u00a0\u00bb, en ce qu'elles concernent \nles d\u00e9penses d'action sociale\u00a0;\n\u25aa 207 \u00ab\u00a0S\u00e9curit\u00e9 et \u00e9ducation routi\u00e8res\u00a0\u00bb\n                                                                                                                                                                        5/12\nSecr\u00e9tariat g\u00e9n\u00e9ral commun d\u00e9partemental - 83-2026-02-03-00005 - Arr\u00eat\u00e9 n\u00b0SGC/2026 du 3 f\u00e9vrier 2026 portant subd\u00e9l\u00e9gation de\nsignature et d'ordonnancement secondaire aux cadres du secr\u00e9tariat g\u00e9n\u00e9ral commun d\u00e9partemental du Var 13\n\u25aa 215  \u00ab\u00a0conduite  et  pilotage  des  politiques  de  l'agriculture\u00a0\u00bb,  en  ce  qu'elles \nconcernent les d\u00e9penses d'action sociale\u00a0;\n\u25aa 216  \u00ab\u00a0conduite  et  pilotage  des  politiques  de  l'Int\u00e9rieur\u00a0\u00bb,  en  ce  qu'elles \nconcernent  les  d\u00e9penses  d'action  sociale\u00a0et  l'action  6  affaires  juridiques  et \ncontentieuses\u00a0;\n\u25aa 217 \u00ab\u00a0conduite et pilotage des politiques de l'\u00e9cologie, du d\u00e9veloppement et de  \nla mobilit\u00e9 durables\u00a0\u00bb, en ce qu'elles concernent les d\u00e9penses d'action sociale,  \nm\u00e9dicales et frais de d\u00e9placements et de mission\u00a0;\n\u25aa 232 \u00ab\u00a0Vie politique\u00a0\u00bb en ce qu'elles concernent les d\u00e9penses des \u00e9lections\u00a0; \n\u25aa 348  \u00ab\u00a0r\u00e9novation  des  cit\u00e9s  administratives  et  autres  sites  domaniaux  multi-\noccupants\u00a0\u00bb\u00a0;\n\u25aa 349  \u00ab\u00a0fonds  pour  la  transformation  de  l'action  publique\u00a0\u00bb  pour  la  saisie  des \nexpressions de besoin et la certification du service fait dans Chorus formulaires  \ndes actes juridiques \u00e9ligibles au fonds de transformation de l'action publique\u00a0;\n\u25aa 354 \u00ab\u00a0administration territoriale de l'\u00c9tat\u00a0\u00bb, hors titre 2\u00a0;\n\u25aa 362 \u00ab\u00a0\u00e9cologie\u00a0\u00bb\u00a0;\n\u25aa 363 \u00ab\u00a0comp\u00e9titivit\u00e9\u00a0\u00bb\u00a0;\n\u25aa 723 \u00ab\u00a0op\u00e9rations immobili\u00e8res et entretien des b\u00e2timents de l'\u00c9tat\u00a0\u00bb.\nAinsi que\u00a0:\n\u2022 la validation des demandes d'achat et la  certification d es services faits dans les  \napplications Chorus formulaires et Chorus DT\u00a0;\n\u2022 les actes et documents relevant des march\u00e9s publics;\n\u2022 toutes  les  pi\u00e8ces  relatives  \u00e0  la  programmation  et  au  pilotage  de  l'unit\u00e9 \nop\u00e9rationnelle (UO) 83 des programmes de la r\u00e9gion Provence-Alpes-C\u00f4te d'Azur  \ng\u00e9r\u00e9es par le secr\u00e9tariat g\u00e9n\u00e9ral commun d\u00e9partemental\u00a0;\n\u2022 tous  documents  comptables  n\u00e9cessaires  \u00e0  la  gestion  des  cartes  achats  des \nporteurs de cartes achats au titre des programmes suivants\u00a0:\n\u25aa 149 \u00ab\u00a0for\u00eat\u00a0\u00bb\u00a0;\n\u25aa 205 \u00ab\u00a0s\u00e9curit\u00e9 et affaires maritimes, p\u00eache et aquaculture\u00a0\u00bb.\n\u25aa 206 \u00ab\u00a0s\u00e9curit\u00e9 et qualit\u00e9 sanitaires de l'alimentation\u00a0\u00bb\u00a0;\n\u25aa 207 \u00ab\u00a0frais de d\u00e9placements et de mission\u00a0\u00bb\n\u25aa 232 \u00ab\u00a0Vie politique\u00a0\u00bb en ce qu'elles concernent les d\u00e9penses des \u00e9lections\u00a0; \n\u25aa 354 \u00ab\u00a0administration territoriale de l'\u00c9tat\u00a0\u00bb\u00a0;\nEn cas d'absence ou d'emp\u00eachement de Mme Nathalie TOURET d\u00e9l\u00e9gation est donn\u00e9e,  \ndans les m\u00eames conditions et sous son contr\u00f4le, \u00e0\u00a0:\nMme Anne RANCEZE, attach\u00e9e d'administration de l'\u00c9tat, adjointe \u00e0 la cheffe du  \nservice  interminist\u00e9riel  du  budget  et  des  achats,  aux  fins  de  signer  tous  actes, \ndocuments ou d\u00e9cisions se traduisant par l'ordonnancement secondaire des recettes et  \ndes d\u00e9penses de l'\u00c9tat, relevant des attributions et du fonctionnement du SGCD et  \nimput\u00e9es sur les programmes suivants, \u00e0 concurrence de 30\u00a0000\u00a0\u20ac\u00a0;\n                                                                                                                                                                        6/12\nSecr\u00e9tariat g\u00e9n\u00e9ral commun d\u00e9partemental - 83-2026-02-03-00005 - Arr\u00eat\u00e9 n\u00b0SGC/2026 du 3 f\u00e9vrier 2026 portant subd\u00e9l\u00e9gation de\nsignature et d'ordonnancement secondaire aux cadres du secr\u00e9tariat g\u00e9n\u00e9ral commun d\u00e9partemental du Var 14\n\u25aa 124  \u00ab\u00a0conduite  et  soutien  des  politiques  sanitaires,  sociales,  du  sport,  de  la \njeunesse  et  de  la  vie  associative\u00a0\u00bb,  en  ce  qu'elles  concernent  les  d\u00e9penses \nd'action sociale\u00a0\u00bb\u00a0;\n\u25aa 134 \u00ab\u00a0d\u00e9veloppement des entreprises \u00a0\u00bb, en ce qu'elles concernent les d\u00e9penses  \nd'action sociale\u00a0;\n\u25aa 148 \u00ab\u00a0fonction publique\u00a0\u00bb\u00a0;\n\u25aa 155 \u00ab\u00a0conception, gestion et \u00e9valuation des politiques de l'emploi et du travail , \nen ce qu'elles concernent les d\u00e9penses d'action sociale\u00a0;\n\u25aa 176 \u00ab\u00a0police nationale\u00a0\u00bb, en ce qu'elles concernent l'action sociale\u00a0; \n\u25aa 206 \u00ab\u00a0s\u00e9curit\u00e9 et qualit\u00e9 sanitaires de l'alimentation\u00a0\u00bb, en ce qu'elles concernent \nles d\u00e9penses d'action sociale\u00a0;\n\u25aa 207 \u00ab\u00a0S\u00e9curit\u00e9 et \u00e9ducation routi\u00e8res\u00a0\u00bb\n\u25aa 215  \u00ab\u00a0conduite  et  pilotage  des  politiques  de  l'agriculture\u00a0\u00bb,  en  ce  qu'elles \nconcernent les d\u00e9penses d'action sociale\u00a0;\n\u25aa 216  \u00ab\u00a0conduite  et  pilotage  des  politiques  de  l'Int\u00e9rieur\u00a0\u00bb,  en  ce  qu'elles \nconcernent  les  d\u00e9penses  d'action  sociale\u00a0et  l'action  6  affaires  juridiques  et \ncontentieuses\u00a0;\n\u25aa 217 \u00ab\u00a0conduite et pilotage des politiques de l'\u00e9cologie, du d\u00e9veloppement et de  \nla mobilit\u00e9 durables\u00a0\u00bb, en ce qu'elles concernent les d\u00e9penses d'action sociale,  \nm\u00e9dicales et frais de d\u00e9placements et de mission\u00a0;\n\u25aa 232 \u00ab\u00a0Vie politique\u00a0\u00bb en ce qu'elles concernent les d\u00e9penses des \u00e9lections\u00a0; \n\u25aa 348  \u00ab\u00a0r\u00e9novation  des  cit\u00e9s  administratives  et  autres  sites  domaniaux  multi-\noccupants\u00a0\u00bb\u00a0;\n\u25aa 349  \u00ab\u00a0fonds  pour  la  transformation  de  l'action  publique\u00a0\u00bb  pour  la  saisie  des \nexpressions de besoin et la certification du service fait dans Chorus formulaires  \ndes actes juridiques \u00e9ligibles au fonds de transformation de l'action publique\u00a0;\n\u25aa 354 \u00ab\u00a0administration territoriale de l'\u00c9tat\u00a0\u00bb, hors titre 2\u00a0;\n\u25aa 362 \u00ab\u00a0\u00e9cologie\u00a0\u00bb\u00a0;\n\u25aa 363 \u00ab\u00a0comp\u00e9titivit\u00e9\u00a0\u00bb\u00a0;\n\u25aa 723 \u00ab\u00a0op\u00e9rations immobili\u00e8res et entretien des b\u00e2timents de l'\u00c9tat\u00a0\u00bb.\nAinsi que\u00a0:\n\u2022 la validation des demandes d'achat et la certification des services faits dans les  \napplications Chorus formulaires et Chorus DT\u00a0;\n\u2022 les actes et documents relevant des march\u00e9s publics;\n\u2022 toutes  les  pi\u00e8ces  relatives  \u00e0  la  programmation  et  au  pilotage  de  l'unit\u00e9 \nop\u00e9rationnelle (UO) 83 des programmes de la r\u00e9gion Provence-Alpes-C\u00f4te d'Azur  \ng\u00e9r\u00e9es par le secr\u00e9tariat g\u00e9n\u00e9ral commun d\u00e9partemental\u00a0;\n\u2022 tous  documents  comptables  n\u00e9cessaires  \u00e0  la  gestion  des  cartes  achats  des \nporteurs de cartes achats au titre des programmes suivants\u00a0:\n\u25aa 149 \u00ab\u00a0for\u00eat\u00a0\u00bb\u00a0;\n\u25aa 205 \u00ab\u00a0s\u00e9curit\u00e9 et affaires maritimes, p\u00eache et aquaculture\u00a0\u00bb.\n\u25aa 206 \u00ab\u00a0s\u00e9curit\u00e9 et qualit\u00e9 sanitaires de l'alimentation\u00a0\u00bb\u00a0;\n\u25aa 207 \u00ab\u00a0frais de d\u00e9placements et de mission\u00a0\u00bb\n\u25aa 232 \u00ab\u00a0Vie politique\u00a0\u00bb en ce qu'elles concernent les d\u00e9penses des \u00e9lections\u00a0; \n                                                                                                                                                                        7/12\nSecr\u00e9tariat g\u00e9n\u00e9ral commun d\u00e9partemental - 83-2026-02-03-00005 - Arr\u00eat\u00e9 n\u00b0SGC/2026 du 3 f\u00e9vrier 2026 portant subd\u00e9l\u00e9gation de\nsignature et d'ordonnancement secondaire aux cadres du secr\u00e9tariat g\u00e9n\u00e9ral commun d\u00e9partemental du Var 15\n\u25aa 354 \u00ab\u00a0administration territoriale de l'\u00c9tat\u00a0\u00bb\u00a0;\n\u2022 Mme Audrey HORNBURG,  secr\u00e9taire administrative de classe sup\u00e9rieure , cheffe  \ndu p\u00f4le \u00ab\u00a0March\u00e9s et Immobilier\u00a0\u00bb, pour\u00a0:\n\u25aa tous les actes de gestion dans Chorus Coeur, Chorus Formulaires et Chorus DT\n\u25aa tous les actes de gestion (sauf pilotage et programmation) relatifs aux d\u00e9penses\n  immobili\u00e8res sur les programmes suivants\u00a0:\n\u25aa 348  \"r\u00e9novation  des  cit\u00e9s  administratives  et  autres  sites  domaniaux  multi-\noccupants\"\n\u25aa 349 \"fonds pour la transformation de l'action publique\" \n\u25aa 354 \"administration territoriale de l'\u00c9tat\"\n\u25aa 723 \"op\u00e9rations immobili\u00e8res et entretien des b\u00e2timents de l'\u00c9tat\"\net pour les actes et documents relevant des march\u00e9s publics, \u00e0 concurrence de  \n5\u00a0000\u00a0\u20ac\u00a0;\n\u2022 M.  Franck  BOUISSOU,  attach\u00e9  d'administration  de  l'Etat,  chef  du  p\u00f4le \n\u00ab\u00a0Fonctionnement \u00bb pour:\n\u25e6 tous les actes de gestion dans Chorus C\u0153ur, Chorus Formulaires et Chorus DT, \n\u00e0 concurrence de 5\u00a0000\u00a0\u20ac\u00a0;\n\u25e6 tous  documents comptables n\u00e9cessaires \u00e0 la gestion des cartes achats des  \nporteurs de cartes achats au titre des programmes suivants\u00a0:\n\u2022 124 \u00ab \u00a0conduite et soutien des politiques sanitaires, sociales, du sport, de la  \njeunesse  et  de  la  vie  associative\u00a0\u00bb,  en  ce  qu'elles  concernent  les  d\u00e9penses \nd'action sociale\u00a0\u00bb\u00a0;\n\u2022 149 \u00ab\u00a0for\u00eat\u00a0\u00bb\u00a0;\n\u2022 155 \u00ab\u00a0conception, gestion et \u00e9valuation des politiques de l'emploi et du travail, \nen ce qu'elles concernent les d\u00e9penses d'action sociale\u00a0;\n\u2022 205 \u00ab\u00a0s\u00e9curit\u00e9 et affaires maritimes, p\u00eache et aquaculture\u00a0\u00bb\u00a0;\n\u2022 206 \u00ab\u00a0s\u00e9curit\u00e9 et qualit\u00e9 sanitaires de l'alimentation\u00a0\u00bb\u00a0;\n\u2022 207 \u00ab\u00a0frais de d\u00e9placements et de mission\u00a0\u00bb\n\u2022 215  \u00ab\u00a0conduite  et  pilotage  des  politiques  de  l'agriculture\u00a0\u00bb,  en  ce  qu'elles \nconcernent les d\u00e9penses d'action sociale\u00a0;\n\u2022 216 \u00ab\u00a0conduite et pilotage des politiques de l'int\u00e9rieur\u00a0\u00bb\n\u2022 217 \u00ab\u00a0conduite et pilotage des politiques de l'\u00e9cologie, du d\u00e9veloppement et  \nde  la  mobilit\u00e9  durables\u00a0\u00bb,  en  ce  qu'elles  concernent  les  d\u00e9penses  d'action \nsociale, m\u00e9dicales et frais de d\u00e9placements et de mission\u00a0;\n\u2022 232 \u00ab Vie politique \u00bb en ce qu'elles concernent les d\u00e9penses des \u00e9lections ;\n\u2022 348 \u00ab \u00a0r\u00e9novation des cit\u00e9s administratives et autres sites domaniaux multi-\noccupants\u00a0\u00bb\u00a0;\n\u2022 349 \u00ab \u00a0fonds pour la transformation de l'action publique \u00a0\u00bb pour la saisie des  \nexpressions  de  besoin  et  la  certification  du service  fait  dans  Chorus  \nformulaires  des  actes  juridiques  \u00e9ligibles  au  fonds  de  transformation  de \nl'action publique\u00a0;\n\u2022 354 \u00ab\u00a0administration territoriale de l'\u00c9tat\u00a0\u00bb\u00a0;\n\u2022 723 \u00ab\u00a0op\u00e9rations immobili\u00e8res et entretien des b\u00e2timents de l'\u00c9tat\u00a0\u00bb\n                                                                                                                                                                        8/12\nSecr\u00e9tariat g\u00e9n\u00e9ral commun d\u00e9partemental - 83-2026-02-03-00005 - Arr\u00eat\u00e9 n\u00b0SGC/2026 du 3 f\u00e9vrier 2026 portant subd\u00e9l\u00e9gation de\nsignature et d'ordonnancement secondaire aux cadres du secr\u00e9tariat g\u00e9n\u00e9ral commun d\u00e9partemental du Var 16\n\u2022 Mme Line PEYSSELIER, secr\u00e9taire administrative de classe sup\u00e9rieure; Mme Tania  \nGIANATI-KOULINSKY, secr\u00e9taire administrative de classe normale \u00a0; Mmes Muriel \nGATTI, Mich\u00e8le RAKOTOZAFY, Val\u00e9rie WEISS, et M. St\u00e9phane DENIAU, adjoints  \nadministratifs  principaux;  et  Mmes  Elodie  MIETTE  et  Yolaine  MONI  adjointes \nadministratives,  pour  tous  les  actes  de  gestion  dans  Chorus  Coeur,  Chorus \nFormulaires et Chorus DT.\nArticle     5  \u00a0:  D\u00e9l\u00e9gation  de  signature  est  donn\u00e9e  \u00e0  Mme  Pascale  GRAPPIN,  cheffe  du \nservice interminist\u00e9riel de l' \u00a0immobilier, de la logistique, du courrier, et de l'accueil, aux \nfins de signer tous actes, documents ou d\u00e9cisions portant sur la gestion immobili\u00e8re et  \nlogistique des sites de la pr\u00e9fecture et des DDI et sur la gestion du parc automobile, sur  \nla  gestion  du  courrier  et  de  l'accueil,  imput\u00e9es  sur  les  programmes  suivants,  et  \u00e0 \nconcurrence de 5\u00a0000\u00a0\u20ac\u00a0 ainsi que la constatation des services faits:\n\u25aa 148 \"fonction publique\"\n\u25aa 348  \"r\u00e9novation  des  cit\u00e9s  administratives  et  autres  sites  domaniaux  multi-\noccupants\"\n\u25aa 349 \"fonds pour la transformation de l'action publique\" \n\u25aa 354 \"administration territoriale de l'\u00c9tat\"\n\u25aa 362 \u00ab\u00a0\u00e9cologie\u00a0\u00bb\u00a0;\n\u25aa 723  \"op\u00e9rations  immobili\u00e8res  et  entretien  des  b\u00e2timents  de  l'\u00c9tat\"\nEn cas d'absence ou d'emp\u00eachement de Mme Pascale GRAPPIN, d\u00e9l\u00e9gation est donn\u00e9e,  \ndans les m\u00eames conditions et sous son contr\u00f4le \u00e0\u00a0:\n\u2022 M. Jean-Paul CURT, ouvrier des parcs et ateliers - technicien niveau 3, chef de  \nservice adjoint, pour les actes, documents et d\u00e9penses relevant de son service, \u00e0  \nconcurrence de 5\u00a0000\u00a0\u20ac\u00a0 et pour la constatation des services faits ;\n\u2022 M.  Jean-Guy  CHRISTOPHE,  contr\u00f4leur  des  services  techniques  de  classe \nsup\u00e9rieure,  chef  du  P\u00f4le  Logistique,  pour  les  actes,  documents  et  d\u00e9penses \nrelevant  de  son  unit\u00e9,  \u00e0  concurrence  de  2\u00a0500\u00a0\u20ac  et  pour  la  constatation  des \nservices faits ;\n\u2022 M. Julien MARCELLE, contr\u00f4leur des services techniques de classe sup\u00e9rieure, chef \nde  p\u00f4le  Logistique  adjoint,  responsable  du  Parc  Automobile,  pour  les  actes, \ndocuments et d\u00e9penses relevant de son unit\u00e9, \u00e0 concurrence de 2 \u00a0500\u00a0\u20ac\u00a0 et pour \nla constatation des services faits ;\n\u2022 M. Laurent GUISEPPI, contr\u00f4leur des services techniques de classe normale, chef  \nde site Toulon-Brignoles, pour les actes, documents et d\u00e9penses relevant de son  \nunit\u00e9, \u00e0 concurrence de 2\u00a0500\u00a0\u20ac et pour la constatation des services faits\u00a0;\n\u2022 Mme  Fr\u00e9d\u00e9rique  NAUDOU,  adjointe  administrative  principale  de  2\u00e8me   classe,  \nresponsable du p\u00f4le Courrier-Accueil de tout le p\u00e9rim\u00e8tre de l'ATE dans le Var,  \npour les actes, documents et d\u00e9penses relevant de son p\u00f4le, \u00e0 concurrence de \n2\u00a0500\u00a0\u20ac\u00a0et pour la constatation des services faits\u00a0;\n                                                                                                                                                                        9/12\nSecr\u00e9tariat g\u00e9n\u00e9ral commun d\u00e9partemental - 83-2026-02-03-00005 - Arr\u00eat\u00e9 n\u00b0SGC/2026 du 3 f\u00e9vrier 2026 portant subd\u00e9l\u00e9gation de\nsignature et d'ordonnancement secondaire aux cadres du secr\u00e9tariat g\u00e9n\u00e9ral commun d\u00e9partemental du Var 17\n\u2022 M. Fabrice VALERE, contr\u00f4leur des services techniques de classe normale, chef de \nsite Draguignan-Saint Tropez, pour les actes, documents et d\u00e9penses relevant de  \nson unit\u00e9, \u00e0 concurrence de 2\u00a0500\u00a0\u20ac et pour la constatation des services faits\u00a0;\n\u2022 Mme Sophie BERANGER, secr\u00e9taire administrative de classe sup\u00e9rieure, charg\u00e9e  \nde mission immobilier, s'agissant de la constatation des \u00ab \u00a0services faits \u00bb par les  \nentreprises prestataires ext\u00e9rieures\u00a0;\n\u2022 M.  Fabrice  ALLEGRINI,  contr\u00f4leur  des  services  techniques  de  classe  \nexceptionnelle, charg\u00e9 de mission immobilier, s'agissant de la constatation des  \n\u00ab\u00a0services faits\u00bb par les entreprises prestataires ext\u00e9rieures\u00a0;\n\u2022 M. Georges JOLO, adjoint technique principal de 2 \u00e8me classe, agent technique du  \nsite de la pr\u00e9fecture et des sous-pr\u00e9fectures, s'agissant de la constatation des  \n\u00ab\u00a0services faits\u00bb par les entreprises prestataires ext\u00e9rieures \u00a0dans son p\u00e9rim\u00e8tre  \nd'intervention ;\n\u2022 M.  Gerald  VANDENBROEK,  adjoint  technique  principal  de  2\u00e8me classe,  agent \ntechnique  du  site  de  la  pr\u00e9fecture  et  des  sous-pr\u00e9fectures,  s'agissant  de  la \nconstatation des \u00ab\u00a0services faits\u00bb par les entreprises prestataires ext\u00e9rieures \u00a0dans \nson p\u00e9rim\u00e8tre d'intervention ;\n\u2022 Mme Coralie FERNANDO, contr\u00f4leur des services techniques de classe normale,  \nagent technique du site de la DDTM de Toulon, s'agissant de la constatation des  \n\u00ab\u00a0services faits \u00bb par les entreprises prestataires ext\u00e9rieures \u00a0dans son p\u00e9rim\u00e8tre  \nd'intervention ;\n\u2022 M. Said LARABI, adjoint technique principal de 1 \u00e8re classe, agent technique du site \nDDI DDTM Draguignan, s'agissant de la constatation des \u00ab \u00a0services faits\u00bb par les  \nentreprises prestataires ext\u00e9rieures\u00a0dans son p\u00e9rim\u00e8tre d'intervention ;\nArticle   6  \u00a0: D\u00e9l\u00e9gation est donn\u00e9e \u00e0 M. Herv\u00e9 MARCY, chef du service interminist\u00e9riel  \nd\u00e9partemental des syst\u00e8mes d'information et de communication (SIDSIC) \u00a0, aux fins de  \nsigner tous actes, contrats, documents ou d\u00e9cisions pour l'ordonnancement secondaire  \ndes d\u00e9penses relevant de l'exercice des attributions de cette unit\u00e9, dans la limite de  \n30\u00a0000\u00a0\u20ac et imput\u00e9es sur les programmes suivants\u00a0:\n\u2022 216 \u00ab\u00a0conduite et pilotage des politiques de l'Int\u00e9rieur\u00a0\u00bb\u00a0;\n\u2022 348  \u00ab\u00a0r\u00e9novation  des  cit\u00e9s  administratives  et  autres  sites  domaniaux  multi-\noccupants\u00a0\u00bb\u00a0pour les d\u00e9penses propres au domaine des syst\u00e8mes d'information  \net de communication, toutes entit\u00e9s confondues\u00a0;\n\u2022 349 \u00ab\u00a0fonds pour la transformation de l'action publique\u00a0\u00bb\u00a0;\n\u2022 354 \u00ab\u00a0administration territoriale de l'\u00c9tat\u00a0\u00bb pour les d\u00e9penses propres au domaine \ndes syst\u00e8mes d'information et de communication, toutes entit\u00e9s confondues\u00a0;\n\u2022 363 \u00ab\u00a0comp\u00e9titivit\u00e9\u00a0\u00bb\u00a0;\n\u2022 723 \u00ab \u00a0contribution aux d\u00e9penses immobili\u00e8res \u00a0\u00bb pour les d\u00e9penses de travaux  \npropres au domaine des syst\u00e8mes d'information et de communication.\n                                                                                                                                                                        10/12\nSecr\u00e9tariat g\u00e9n\u00e9ral commun d\u00e9partemental - 83-2026-02-03-00005 - Arr\u00eat\u00e9 n\u00b0SGC/2026 du 3 f\u00e9vrier 2026 portant subd\u00e9l\u00e9gation de\nsignature et d'ordonnancement secondaire aux cadres du secr\u00e9tariat g\u00e9n\u00e9ral commun d\u00e9partemental du Var 18\nEn cas d'absence ou d'emp\u00eachement de M. Herv\u00e9 MARCY, la d\u00e9l\u00e9gation de signature qui \nlui est accord\u00e9e au titre du pr\u00e9sent article est exerc\u00e9e par M. Omar HAMEL, ing\u00e9nieur  \ndes  syst\u00e8mes  d'information  et  de  communication,  adjoint  au  chef  de  service \ninterminist\u00e9riel dans la limite de 5\u00a0000\u00a0\u20ac.\nEn cas d'absence de MM. Herv\u00e9 MARCY et Omar HAMEL, d\u00e9l\u00e9gation est donn\u00e9e, dans  \nles m\u00eames conditions, \u00e0 Mme Alexandra POLI, ing\u00e9nieure des syst\u00e8mes d'information et  \nde communication, dans la limite de 5\u00a0000\u00a0\u20ac.\nArticle 7\u00a0: M. S\u00e9bastien ODDONE attribue une carte d'achat nominative aux porteurs de \ncarte d'achat list\u00e9s dans le tableau en annexe 1 du pr\u00e9sent arr\u00eat\u00e9, afin de l'utiliser dans  \nle cadre de leurs attributions, comp\u00e9tences et dans la limite fix\u00e9e.\nArticle 8  \u00a0  :   Toute disposition ant\u00e9rieure contraire \u00e0 celles du pr\u00e9sent arr\u00eat\u00e9, est abrog\u00e9e \u00e0 \ncompter de sa publication. \nL'arr\u00eat\u00e9 pr\u00e9fectoral n\u00b0 SGC/2026 \u2013 du 8 janvier 2026 portant subd\u00e9l\u00e9gation de signature  \net  d'ordonnancement  secondaire  aux  cadres  du  secr\u00e9tariat  g\u00e9n\u00e9ral  commun  \nd\u00e9partemental du Var est abrog\u00e9.\nArticle     9  \u00a0: Le directeur du secr\u00e9tariat g\u00e9n\u00e9ral commun d\u00e9partemental est charg\u00e9 de  \nl'ex\u00e9cution du pr\u00e9sent arr\u00eat\u00e9, qui sera publi\u00e9 au recueil des actes administratifs de la  \npr\u00e9fecture.\n  Fait \u00e0 Toulon, le 3 f\u00e9vrier 2026\nPour Le Pr\u00e9fet et par d\u00e9l\u00e9gation\nLe directeur du secr\u00e9tariat\ng\u00e9n\u00e9ral commun d\u00e9partemental\nsign\u00e9\n  S\u00e9bastien ODDONE\n                                                                                                                                                                        11/12\nSecr\u00e9tariat g\u00e9n\u00e9ral commun d\u00e9partemental - 83-2026-02-03-00005 - Arr\u00eat\u00e9 n\u00b0SGC/2026 du 3 f\u00e9vrier 2026 portant subd\u00e9l\u00e9gation de\nsignature et d'ordonnancement secondaire aux cadres du secr\u00e9tariat g\u00e9n\u00e9ral commun d\u00e9partemental du Var 19\nANNEXE 1\nListe nominative des porteurs de carte achat du secr\u00e9tariat g\u00e9n\u00e9ral commun\u00a0\nd\u00e9partemental du Var\nCHRISTOPHE\u00a0\u00a0\u00a0\u00a0\u00a0\u00a0\u00a0\u00a0\u00a0\u00a0\u00a0\u00a0\u00a0\u00a0\u00a0\u00a0\u00a0\u00a0\u00a0\u00a0 JEAN-GUY\u00a0\nCURT\u00a0\u00a0\u00a0\u00a0\u00a0\u00a0\u00a0\u00a0\u00a0\u00a0\u00a0\u00a0\u00a0\u00a0\u00a0\u00a0\u00a0\u00a0\u00a0\u00a0\u00a0\u00a0\u00a0\u00a0\u00a0\u00a0 JEAN\u00a0PAUL\u00a0\nVALERE\u00a0\u00a0\u00a0\u00a0\u00a0\u00a0\u00a0\u00a0\u00a0\u00a0\u00a0\u00a0\u00a0\u00a0\u00a0\u00a0\u00a0\u00a0\u00a0\u00a0\u00a0\u00a0\u00a0\u00a0 FABRICE\u00a0\nWEISS\u00a0\u00a0\u00a0\u00a0\u00a0\u00a0\u00a0\u00a0\u00a0\u00a0\u00a0\u00a0\u00a0\u00a0\u00a0\u00a0\u00a0\u00a0\u00a0\u00a0\u00a0\u00a0\u00a0\u00a0\u00a0 VALERIE\u00a0\nMARCY\u00a0\u00a0\u00a0\u00a0\u00a0\u00a0\u00a0\u00a0\u00a0\u00a0\u00a0\u00a0\u00a0\u00a0\u00a0\u00a0\u00a0\u00a0\u00a0\u00a0\u00a0\u00a0\u00a0 HERVE\u00a0\n                                                                                                                                                                        12/12\nSecr\u00e9tariat g\u00e9n\u00e9ral commun d\u00e9partemental - 83-2026-02-03-00005 - Arr\u00eat\u00e9 n\u00b0SGC/2026 du 3 f\u00e9vrier 2026 portant subd\u00e9l\u00e9gation de\nsignature et d'ordonnancement secondaire aux cadres du secr\u00e9tariat g\u00e9n\u00e9ral commun d\u00e9partemental du Var 20\nSecr\u00e9tariat g\u00e9n\u00e9ral commun d\u00e9partemental\n83-2026-02-03-00009\nArr\u00eat\u00e9 portant nomination de Mme Nathalie\nTOURET en tant qu'approbateur pr\u00e9fet dans\nl'outil CHORUS \nSecr\u00e9tariat g\u00e9n\u00e9ral commun d\u00e9partemental - 83-2026-02-03-00009 - Arr\u00eat\u00e9 portant nomination de Mme Nathalie TOURET en tant\nqu'approbateur pr\u00e9fet dans l'outil CHORUS 21\n=mPREFETDU VARLibert\u00e9Egalit\u00e9Fraternit\u00e9\nArr\u00eat\u00e9 portant nomination de Mme Nathalie TOURET\nen tant qu'approbateur pr\u00e9fet dans l'outil CHORUS\nLe Pr\u00e9fet du Var,\nVu la loi organique n\u00b0\u00a02001-692 du 1er ao\u00fbt 2001 modifi\u00e9e, relative aux lois de finances\u00a0;\nVu  le  d\u00e9cret  n\u00b0\u00a02004-374  du  29  avril  2004  modifi\u00e9,  relatif  aux  pouvoirs  des  pr\u00e9fets,  \u00e0\nl'organisation et \u00e0 l'action des services de l'\u00c9tat dans les r\u00e9gions et d\u00e9partements\u00a0;\nVu le d\u00e9cret n\u00b0 \u00a02012-1246 du 7 novembre 2012 modifi\u00e9, relatif \u00e0 la gestion budg\u00e9taire et  \ncomptable publique\u00a0;\nVu le d\u00e9cret du Pr\u00e9sident de la R\u00e9publique du 15 mai 2025 portant nomination de M.  \nSimon BABRE, pr\u00e9fet du Var ;\nSur proposition du secr\u00e9taire g\u00e9n\u00e9ral de la pr\u00e9fecture et du directeur du secr\u00e9tariat g\u00e9n\u00e9ral \ncommun d\u00e9partemental\u00a0;\nARR\u00caTE\nArticle 1 \u00a0: Mme Nathalie TOURET, attach\u00e9e d'administration de l'\u00c9tat, cheffe du service  \ninterminist\u00e9riel du budget et des achats du secr\u00e9tariat g\u00e9n\u00e9ral commun d\u00e9partemental du  \nVar,  est  habilit\u00e9e,  dans  l'outil  CHORUS  en  tant  que  \u00ab \u00a0r\u00f4le  pr\u00e9fet \u00a0\u00bb  et  nomm\u00e9e  \n\u00ab\u00a0approbateur pr\u00e9fet de d\u00e9partement\u00a0\u00bb.\nArticle 2 \u00a0: A ce titre, Mme Nathalie TOURET est habilit\u00e9e \u00e0 valider \u00e9lectroniquement dans  \nl'outil Chorus les engagements juridiques se rapportant aux d\u00e9cisions du pr\u00e9fet pour les  \narr\u00eat\u00e9s attributifs de subventions \u00e0 partir de 150 000 \u20ac relevant du p\u00e9rim\u00e8tre de la DDTM,  \nde la DDPP , de la DDETS et du SGCD.\n1\nSecr\u00e9tariat g\u00e9n\u00e9ral commun \nd\u00e9partemental\nSecr\u00e9tariat g\u00e9n\u00e9ral commun d\u00e9partemental - 83-2026-02-03-00009 - Arr\u00eat\u00e9 portant nomination de Mme Nathalie TOURET en tant\nqu'approbateur pr\u00e9fet dans l'outil CHORUS 22\nArticle   3  \u00a0:le  secr\u00e9taire  g\u00e9n\u00e9ral  de  la  pr\u00e9fecture  et  le  directeur  du  secr\u00e9tariat  g\u00e9n\u00e9ral  \ncommun d\u00e9partemental sont charg\u00e9s, chacun en ce qui le concerne, de l'ex\u00e9cution du  \npr\u00e9sent arr\u00eat\u00e9 qui sera publi\u00e9 au recueil des actes administratifs de la pr\u00e9fecture du Var.\n Fait \u00e0 Toulon, le 3 f\u00e9vrier 2026\nLe pr\u00e9fet,\nsign\u00e9\nSimon BABRE\n  \n2\nSecr\u00e9tariat g\u00e9n\u00e9ral commun d\u00e9partemental - 83-2026-02-03-00009 - Arr\u00eat\u00e9 portant nomination de Mme Nathalie TOURET en tant\nqu'approbateur pr\u00e9fet dans l'outil CHORUS 23","date":"2026-02-05","first_seen_on":"2026-02-05T16:04:42+00:00","id":"01eec90c37a0a2aed957ed9916b472109f9278af4a94c2cd1f3ac3f0f291722b","name":"RAA N\u00b046 du 5 f\u00e9vrier 2026","pdf_creation_date":"2026-02-05T15:43:01+00:00","pdf_modification_date":null,"timezone":"Europe/Paris","url":"https://www.var.gouv.fr/contenu/telechargement/44793/292436/file/RAA%20N%C2%B046%20du%205%20f%C3%A9vrier%202026%20NOMINATIF.pdf"}
