{"administration":"pref13","administration_name":"Pr\u00e9fecture des Bouches-du-Rh\u00f4ne","content":"BOUCHES-DU-\nRH\u00d4NE\nRECUEIL DES ACTES\nADMINISTRATIFS SP\u00c9CIAL\n(NOMINATIFS)\nN\u00b013-2024-070\nPUBLI\u00c9 LE 18 MARS 2024\nSommaire\nMaison Centrale d\u25a1ARLES /\n13-2024-03-18-00002 - arr\u00eat\u00e9 portant d\u00e9l\u00e9gation de signature \u00e9lections\neurop\u00e9ennes (5 pages) Page 3\n2\nMaison Centrale d\u25a1ARLES\n13-2024-03-18-00002\narr\u00eat\u00e9 portant d\u00e9l\u00e9gation de signature \u00e9lections\neurop\u00e9ennes\nMaison Centrale d\u25a1ARLES - 13-2024-03-18-00002 - arr\u00eat\u00e9 portant d\u00e9l\u00e9gation de signature \u00e9lections europ\u00e9ennes 3\nMINISTERE\nDE LA JUSTICE\nLibert\u00e9\n\u00c9galit\u00e9\nFraternit\u00e9\nMinist\u00e8re  de la Justice\nDirection  interr\u00e9gionale  des  services  p\u00e9nitentiaires  de Marseille\nMAISON  CENTRALE  D'ARLES\nA Arles\nLe 18 mars  2024\nArr\u00e9t\u00e9  portant  d\u00e9l\u00e9gation  de signature\n- Vu l'article  R. 361-  3 du code  p\u00e9nitentiaire  ;\n- Vu l'arr\u00eat\u00e9  du ministre  de la justice  en date  du 26/01/2022  nommant  Monsieur  Marc  OLLIER  en\nqualit\u00e9  de chef  d'\u00e9tablissement  de la maison  centrale  d'Arles.\nLe chef  de l'\u00e9tablissement  de la maison  centrale  d'Arles\nARR\u00caTE\nArticle  1\u00b0\":  D\u00e9l\u00e9gation  de signature  est donn\u00e9e  \u00e0 Madame  Barbara  PADOVANI,  adjointe  au chef\nd'\u00e9tablissement  \u00e0 la MC  ARLES,  \u00e0 l'effet  de signer  toutes  d\u00e9cisions  et documents  se rapportant  aux\nattributions  relatives  \u00e0 I'inscription  sur les listes  \u00e9lectorales  et au vote  par  correspondance  des  personnes\ndetenues  et d\u00e9finies  \u00e0 l'article  R. 361-3  du code  p\u00e9nitentiaire.\nArticle  2: Madame  Barbara  PADOVANI,  adjointe  au chef  d'\u00e9tablissement  \u00e0 la maison  centrale  d'Arles,\nassiste  en tant  que  de besoin  le chef  de I'\u00e9tablissement  de la maison  centrale  d'Arles  dans  les attributions\npour  lesquelles  il a re\u00e7u  d\u00e9l\u00e9gation  de signature  \u00e0 l'article  1\u00b0 de l'arr\u00eat\u00e9  du chef  de l'\u00e9tablissement  de la\nmaison  centrale  d'Arles  lui donnant  d\u00e9l\u00e9gation  de signature.\nArticle  3: Le pr\u00e9sent  arr\u00eat\u00e9  est publi\u00e9  au recueil  des  actes  administratifs  du d\u00e9partement  dans  lequel\nl'\u00e9tablissement  a son  si\u00e8ge  et affich\u00e9  au sein  de l'\u00e9tablissement  p\u00e9nitentiaire.\nFait  \u00e0 Arles\nLe 18 mars  2024\nLe chef  d'\u00e9tablissement,\nSIGNE\nMarc  OLLIER\nMaison Centrale d\u25a1ARLES - 13-2024-03-18-00002 - arr\u00eat\u00e9 portant d\u00e9l\u00e9gation de signature \u00e9lections europ\u00e9ennes 4\nMINISTERE\nDE LA JUSTICE\nLibert\u00e9\n\u00c9galit\u00e9\nFraternit\u00e9\nMinist\u00e8re  de la Justice\nDirection  interr\u00e9gionale  des  services  p\u00e9nitentiaires  de Marseille\nMAISON  CENTRALE  D'ARLES\nA Arles\nLe 18 mars  2024\nArr\u00e9t\u00e9  portant  d\u00e9l\u00e9gation  de signature\nVu l'article  R. 361-  3 du code  p\u00e9nitentiaire  ;\n- Vu l'arr\u00eat\u00e9  du ministre  de la justice  en date  du 26/01/2022  nommant  Monsieur  Marc  OLLIER  en\nqualit\u00e9  de chef  d'\u00e9tablissement  de la maison  centrale  d'Arles.\nLe chef  de I'\u00e9tablissement  de la maison  centrale  d'Arles\nARRETE\nArticle  1\"  : D\u00e9l\u00e9gation  de signature  est donn\u00e9e  \u00e0 Madame  M\u00e9lodie  GRIMBERT,  directrice  \u00e0 la MC  ARLES,  \u00e0\nl'effet  de signer  toutes  d\u00e9cisions  et documents  se rapportant  aux  attributions  relatives  \u00e0 l'inscription  sur\nles listes  \u00e9lectorales  et au vote  par  correspondance  des  personnes  d\u00e9tenues  et d\u00e9finies  \u00e0 I'article  R. 361-3\ndu code  p\u00e9nitentiaire.\nArticle  2: Madame  M\u00e9lodie  GRIMBERT,  dir\u00e9ctrice,  \u00e0 la maison  centrale  d'Arles,  assiste  en tant  que  de\nbesoin  le chef  de l'\u00e9tablissement  de la maison  centrale  d'Arles  dans  les attributions  pour  lesquelles  il a\nre\u00e7u  d\u00e9l\u00e9gation  de signature  \u00e0 l'article  1\" de l'arr\u00eat\u00e9  du chef  de l'\u00e9tablissement  de la maison  centrale\nd'Arles  lui donnant  d\u00e9l\u00e9gation  de signature.\nArticle  3: Le pr\u00e9sent  arr\u00e9t\u00e9  est publi\u00e9  au recueil  des  actes  administratifs  du d\u00e9partement  dans  lequel\nl'\u00e9tablissement  a son  si\u00e8ge  et affich\u00e9  au sein  de I'\u00e9tablissement  p\u00e9nitentiaire.\nFait  \u00e0 Arles\nLe 18 mars  2024\nLe chef  d'\u00e9tablissement,\nSIGNE\nMarc  OLLIER\nMaison Centrale d\u25a1ARLES - 13-2024-03-18-00002 - arr\u00eat\u00e9 portant d\u00e9l\u00e9gation de signature \u00e9lections europ\u00e9ennes 5\nMINISTERE\nDE LA JUSTICE\nLibert\u00e9\n\u00c9galit\u00e9\nFraternit\u00e9\nMinist\u00e8re  de la Justice\nDirection  interr\u00e9gionale  des  services  p\u00e9nitentiaires  de Marseille\nMAISON  CENTRALE  D'ARLES\n\u00c0 Arles\nLe 18 mars  2024\nArr\u00eat\u00e9  portant  d\u00e9l\u00e9gation  de signature\n- Vul'article  R. 361-  3 du code  p\u00e9nitentiaire  :\n- Vul'arr\u00eat\u00e9  du ministre  de la justice  en date  du 26/01/2022  nommant  Monsieur  Marc  OLLIER  en\nqualit\u00e9  de chef  d'\u00e9tablissement  de la maison  centrale  d'Arles.\nLe chef  de l'\u00e9tablissement  de la maison  centrale  d'Arles\nARR\u00caTE\nArticle  1\u00b0:  D\u00e9l\u00e9gation  de signature  est donn\u00e9e  \u00e0 Monsieur  Jean-Fran\u00e7ois  BRESSET,  chef  de service\np\u00e9nitentiaire  \u00e0 la MC ARLES,  \u00e0 l'effet  de signer  toutes  d\u00e9cisions  et documents  se rapportant  aux\nattributions  relatives  \u00e0 I'inscription  sur les listes  \u00e9lectorales  et au vote  par  correspondance  des  personnes\nd\u00e9tenues  et d\u00e9finies  \u00e0 l'article  R. 361-3  du code  p\u00e9nitentiaire.\nArticle  2: Monsieur  Jea\u00f1-Francois  BRESSET,  chef  de service  p\u00e9nitentiaire,  \u00e0 la maison  centrale  d'Arles,\nassiste  en tant  que  de besoin  le chef  de l'\u00e9tablissement  de la maison  centrale  d'Arles  dans  les attributions\npour  lesquelles  il a re\u00e7u  d\u00e9l\u00e9gation  de signature  \u00e0 l'article  1\u00b0 de l'arr\u00eat\u00e9  du chef  de l'\u00e9tablissement  de la\nmaison  centrale  d'Arles  lui donnant  d\u00e9l\u00e9gation  de signature.\nArticle  3: Le pr\u00e9sent  arr\u00eat\u00e9  est publi\u00e9  au recueil  des  actes  administratifs  du d\u00e9partement  dans  lequel\nl'\u00e9tablissement  a son  si\u00e8ge  et affich\u00e9  au sein  de l'\u00e9tablissement  p\u00e9nitentiaire.\nFait  \u00e0 Arles  ...\nLe 18 mars:2024\nLe chef  d'\u00e9tablissement,\nSIGNE\nMarc  OLLIER\nMaison Centrale d\u25a1ARLES - 13-2024-03-18-00002 - arr\u00eat\u00e9 portant d\u00e9l\u00e9gation de signature \u00e9lections europ\u00e9ennes 6\nExN\nMINIST\u00c8RE\nDE LA JUSTICE\nLibert\u00e9\nEgalit\u00e9\nFraternit\u00e9\nMinist\u00e8re  de la Justice\nDirection  interr\u00e9gionale des  services  p\u00e9nitentiaires de Marseille\nMAISON  CENTRALE D'ARLES\n\u00c0 Arles\nLe 18 mars  2024\nArr\u00eat\u00e9  portant  d\u00e9l\u00e9gation de signature\nVu l'article  R. 361-  3 du code  p\u00e9nitentiaire;\nVu l'arr\u00eat\u00e9  du ministre  de la justice  en date  du 26/01/2022 nommant Monsieur  Marc  OLLIER  enqualit\u00e9  de chef  d'\u00e9tablissement de la maison  centrale  d'Arles.\nLe chef  de I\"\u00e9tablissement de_ la maison  centrale  d'Arles\nARRETE\nArticle  2: Monsieur  Yves  LAURENDOT, attach\u00e9  d'administration, \u00e0 la maison  centrale  d'Arles,  assiste  entant  que  de besoin  le chef  de l'\u00e9tablissement de |a Maison  centrale  d'Arles  dans  les attributions pourlesquelles  il a recu  d\u00e9l\u00e9gation  de signature  3 l'article  1\" de l'arr\u00eat\u00e9  du chef  de l'\u00e9tablissement de la maisoncentrale  d'Arles  lui donnant  d\u00e9l\u00e9gation de signature.\nArticle  3: Le pr\u00e9sent  arr\u00eat\u00e9  est  publi\u00e9  au recueil  des  actes  administratifs du d\u00e9partement dans  lequelch\u00e9  au sein  de l'\u00e9tablissement p\u00e9nitentiaire.\nFait  \u00e0 Arles\nLe 18 mars  2024\nLe chef  d'\u00e9tabiissement,\nSIGNE\nMarc  OLLIER\nMaison Centrale d\u25a1ARLES - 13-2024-03-18-00002 - arr\u00eat\u00e9 portant d\u00e9l\u00e9gation de signature \u00e9lections europ\u00e9ennes 7\nExN\nMINIST\u00c8RE\nDE LA JUSTICE\nLibert\u00e9\n\u00c6galit\u00e9\nFraternit\u00e9\nMinist\u00e8re  de la Justice\nDirection  interr\u00e9gionale des  services  p\u00e9nitentiaires de Marseille\nMAISON  CENTRALE D'ARLES\n\u00c0 Arles\nLe 18 mars'2024\nArr\u00eat\u00e9  portant  d\u00e9l\u00e9gation de signature\n- Vul'article R. 361-  3 du code  p\u00e9nitentiaire ;- Vul'arr\u00eat\u00e9 du ministre  de la justice  en date  du  26/01/2022 nommant Monsieur Marc  OLLIER  enqualit\u00e9  de chef  d'\u00e9tablissement de la Maison  centrale  d'Arles.\nLe chef  de l'\u00e9tablissement de la maison  centrale  d'Arles\nARR\u00caTE\nArticle  2 : Monsieur  Bruno  MAGNIEN, chef  de service  p\u00e9nitent\u00eeaire, \u00e0 la maison  centrale  d'Arles,  assiste  entant  que  de besoin  le chef  de l'\u00e9tablissement de la maison  centrale  d'Arles  dans  les attributions pourlesquelles  il a re\u00e7u  d\u00e9l\u00e9gation de signature  \u00e0 l'article  qer de l'arr\u00e9t\u00e9  du chef  de l'\u00e9tablissement de la maisoncentrale  d'Arles  lui donnant  d\u00e9l\u00e9gation de signature.\nArticle  3: Le pr\u00e9sent  arr\u00eat\u00e9  est  publi\u00e9  au recueil  des  actes  administratifs du d\u00e9partement dans  lequell'\u00e9tablissement a son  si\u00e8ge  et affich\u00e9  au sein  de l'\u00e9tablissement p\u00e9nitentiaire.\nFait  \u00e0 Arles\nLe 18 mars  2024\nLe chef  d'\u00e9tablissement,\nSIGNE\nMarc  OLLIER\nMaison Centrale d\u25a1ARLES - 13-2024-03-18-00002 - arr\u00eat\u00e9 portant d\u00e9l\u00e9gation de signature \u00e9lections europ\u00e9ennes 8","date":"2024-03-18","first_seen_on":"2024-08-19T23:40:00+00:00","id":"020abd68fd52675685b75d973bcc874dd6cb9d39918c102aa328c778ae09f9d1","name":"recueil-13-2024-070-recueil-des-actes-administratifs-nominatifs. du 18 mars 2024pdf","pdf_creation_date":"2024-03-18T13:32:40+00:00","pdf_modification_date":null,"timezone":"Europe/Paris","url":"https://www.bouches-du-rhone.gouv.fr/contenu/telechargement/55194/397176/file/recueil-13-2024-070-recueil-des-actes-administratifs-nominatifs.%20du%2018%20mars%202024pdf.pdf"}
