{"administration":"prefidf","administration_name":"Pr\u00e9fecture de la r\u00e9gion \u00cele-de-France","content":"PREFECTURE\nREGION ILE DE\nFRANCE\nRECUEIL DES ACTES\nADMINISTRATIFS SP\u00c9CIAL\n(NOMINATIFS)\nN\u00b0IDF-001-2025-08\nPUBLI\u00c9 LE  1 AO\u00dbT 2025\nSommaire\nAgence R\u00e9gionale de Sant\u00e9 / Agence r\u00e9gionale de sant\u00e9\nd'Ile-de-France-Direction de l'Offre de Soins (DOS)\nIDF-2025-07-31-00008 - Acte de d\u00e9claration n\u00b0 DOS - 2025 /\n3581\nportant fonctionnement du laboratoire de biologie m\u00e9dicale du\nConseil D\u00e9partemental de la Seine-Saint-Denis, sis 41 avenue de Verdun\n\u00e0 Bondy (93140)\n (2 pages) Page 4\nAgence R\u00e9gionale de Sant\u00e9 / Agence r\u00e9gionale de sant\u00e9\nd'Ile-de-France-Direction de l'Offre de Soins (DOS)  P\u00f4le Efficience\nIDF-2025-07-28-00007 - Acte de d\u00e9claration n\u00b0 DOS 2025/3577 portant\nfonctionnement du laboratoire de biologie m\u00e9dicale multisites \u00ab\nBIOFUTUR \u00bb sis, 1 chemin des Trois Sources \u00e0 L'ISLE ADAM (95290) (8\npages) Page 7\nIDF-2025-07-24-00028 - Acte de d\u00e9claration n\u00b0 DOS - 2025 / 3570\nportant fonctionnement du laboratoire de biologie m\u00e9dicale multisites\n\u00ab SOMMEVILLE \u00bb (4 pages) Page 16\nAgence R\u00e9gionale de Sant\u00e9 / Direction de la D\u00e9mocratie en Sant\u00e9 et\nde la Communication-D\u00e9mocratie Sanitaire\nIDF-2025-07-28-00008 - Arr\u00eat\u00e9 n\u00b02025/22 modifiant l'arr\u00eat\u00e9\nn\u00b02025/18 du 23 juin 2025 relatif \u00e0 la composition du \nComit\u00e9 de\nProtection des Personnes \u00ab \u00cele-de-France IV \u00bb (3 pages) Page 21\nIDF-2025-07-28-00009 - Arr\u00eat\u00e9 n\u00b02025/24 modifiant l'arr\u00eat\u00e9\nn\u00b02025/14 du 07 avril 2025 relatif \u00e0 la composition du Comit\u00e9 de\nProtection des Personnes \u00ab \u00cele-de-France V \u00bb (3 pages) Page 25\nDirection r\u00e9gionale et interd\u00e9partementale de l'\u00e9conomie, de l'emploi,\ndu travail et des solidarit\u00e9s d'\u00cele-de-France / P\u00f4le Politique du travail\nIDF-2025-08-01-00008 - D\u00e9cision n\u00b0 2025-130 du 1er ao\u00fbt\n2025\nportant affectation des agents de contr\u00f4le dans les unit\u00e9s de\ncontr\u00f4le et gestion des int\u00e9rims de l'unit\u00e9 d\u00e9partementale de la\nSeine-Saint-Denis\nde la DRIEETS d'\u00cele-de-France (4 pages) Page 29\nIDF-2025-08-01-00005 - D\u00e9cision n\u00b0 2025-131 du 1er ao\u00fbt\n2025\nportant affectation des agents de contr\u00f4le dans les unit\u00e9s de\ncontr\u00f4le et gestion des int\u00e9rims de la direction d\u00e9partementale de\nl'emploi, du travail et des solidarit\u00e9s de Seine-et-Marne  (4 pages) Page 34\nIDF-2025-08-01-00006 - D\u00e9cision n\u00b0 2025-132 du 1er ao\u00fbt\n2025\nportant affectation des agents de contr\u00f4le dans les unit\u00e9s de\ncontr\u00f4le et gestion des int\u00e9rims \nau sein de la direction\nd\u00e9partementale de l'emploi, du travail et des solidarit\u00e9s des Yvelines\n(3 pages) Page 39\n2\nIDF-2025-08-01-00010 - D\u00e9cision n\u00b0 2025-137 du 1er ao\u00fbt\n2025\nportant affectation des agents de contr\u00f4le dans les unit\u00e9s de\ncontr\u00f4le et gestion des int\u00e9rims de la direction d\u00e9partementale de\nl'emploi, du travail et des solidarit\u00e9s du Val d'Oise (3 pages) Page 43\nIDF-2025-08-01-00004 - D\u00e9cision n\u00b0 2025-138 du 1er ao\u00fbt 2025 portant\naffectation des agents de contr\u00f4le dans les unit\u00e9s de contr\u00f4le et\ngestion des int\u00e9rims de l'unit\u00e9 d\u00e9partementale de Paris de la\nDRIEETS d'Ile-de-France (8 pages) Page 47\nIDF-2025-08-01-00007 - D\u00e9cision n\u00b0 2025-139 du 1er ao\u00fbt\n2025\nportant affectation des agents de contr\u00f4le dans les unit\u00e9s de\ncontr\u00f4le et gestion des int\u00e9rims de l'Unit\u00e9 d\u00e9partementale des\nHauts-de-Seine de la DRIEETS d'Ile-de-France (6 pages) Page 56\nIDF-2025-08-01-00009 - D\u00e9cision n\u00b02025-140 du 01 ao\u00fbt 2025 portant\naffectation des agents de contr\u00f4le dans les unit\u00e9s de contr\u00f4le et\ngestion des int\u00e9rims de l'Unit\u00e9 d\u00e9partementale du Val-de-Marne\nde la DRIEETS d'Ile-de-France (4 pages) Page 63\nMission nationale de contr\u00f4le et d'audit des organismes de s\u00e9curit\u00e9\nsociale  / Antenne Paris\nIDF-2025-07-31-00006 - Arr\u00eat\u00e9 modificatif du 31 juillet 2025 - ADP\nConseil CPAM 78 - portant modification de la composition du Conseil de la\nCaisse Primaire d'Assurance Maladie des Yvelines (CPAM 78) (2 pages) Page 68\nPr\u00e9fecture de la r\u00e9gion d'Ile-de-France, pr\u00e9fecture de\nParis-Secr\u00e9tariat g\u00e9n\u00e9ral aux politiques publiques / Direction des\naffaires juridiques\nIDF-2025-08-01-00003 - Arr\u00eat\u00e9 portant nomination des membres de la\ncommission consultative \u00e9conomique unique pour les a\u00e9rodromes de\nParis-Charles de Gaulle et de Paris-Orly (2 pages) Page 71\n3\nAgence R\u00e9gionale de Sant\u00e9\nIDF-2025-07-31-00008\nActe de d\u00e9claration n\u00b0 DOS - 2025 / 3581\nportant fonctionnement du laboratoire de\nbiologie m\u00e9dicale du Conseil D\u00e9partemental de\nla Seine-Saint-Denis, sis 41 avenue de Verdun \u00e0\nBondy (93140)\nAgence R\u00e9gionale de Sant\u00e9 - IDF-2025-07-31-00008 - Acte de d\u00e9claration n\u00b0 DOS - 2025 / 3581\nportant fonctionnement du laboratoire de biologie m\u00e9dicale du Conseil D\u00e9partemental de la Seine-Saint-Denis, sis 41 avenue de\nVerdun \u00e0 Bondy (93140)\n4\nREPUBLIQUEFRANCAISELibert\u00e9Egalit\u00e9Fraternit\u00e9\n\u00a9 \u00bb Agence R\u00e9gionale de Sant\u00e9Ile-de-France\n \n \n \n \nAGENCE R\u00c9GIONALE DE SANT\u00c9 \u00ceLE-DE-FRANCE \nActe de d\u00e9claration n\u00b0 DOS \u2013 2025 / 3581 \nportant fonctionnement du laboratoire de biologie m\u00e9dicale du Conseil D\u00e9partemental \nde la Seine-Saint-Denis, sis 41 avenue de Verdun \u00e0 Bondy (93140) \n \nLE DIRECTEUR G\u00c9N\u00c9RAL DE L'AGENCE R\u00c9GIONALE DE SANT\u00c9 ILE-DE-FRANCE \n \nVU le Code de la sant\u00e9 publique, le livre II de la sixi\u00e8me partie ; \n \nVU la loi n\u00b0 2013 -442 en date du 30 mai 2013 portant r\u00e9f orme de la biologie m\u00e9dicale et ratifiant \nl'ordonnance n\u00b0 2010-49 du 13 janvier 2010 relative \u00e0 la biologie m\u00e9dicale ; \n \nVU le d\u00e9cret n\u00b0 2016-46 du 26 janvier 2016 relatif \u00e0 la biologie m\u00e9dicale ; \n \nVU le d\u00e9cret du 10 avril 2024 portant nomination de Monsieur Denis ROBIN, Directeur g\u00e9n\u00e9ral de \nl'Agence r\u00e9gionale de sant\u00e9 d'\u00cele-de-France, \u00e0 compter du 29 avril 2024 ; \n \nVU l'arr\u00eat\u00e9 n\u00b0 DS 2024/0034 du 29 avril 2024 portant d\u00e9l\u00e9gation de signature du Directeur g\u00e9n\u00e9ral de \nl'Agence r\u00e9gionale de sant\u00e9 d'Ile-de-France \u00e0 Monsieur Arnaud CORVAISIER, Directeur de l'offre \nde soins, et \u00e0 diff\u00e9rents collaborateurs ; \n \nVU l'arr\u00eat\u00e9 n\u00b0 DOSMS-2015/197 du 22 juin 2015 portant autorisation de fonctionnement du laboratoire \nde biologie m\u00e9dicale d\u00e9partemental de Seine-Saint-Denis, sis 41 avenue de Verdun \u00e0 Bondy \n(93140) ; \n \nCONSIDERANT La demande adress\u00e9e le 4 octobre 2024 et compl\u00e9t\u00e9e d\u00e9finitivement le 28 juillet 2025 \npar le repr\u00e9sentant l\u00e9gal du  laboratoire de biologie m\u00e9dicale du Conseil d\u00e9partemental \nde la Seine -Saint-Denis sis  41 avenue de Verdun \u00e0 Bondy (93140), exploit\u00e9 par le \nConseil d\u00e9partemental de la Seine -Saint-Denis sis 124 rue Carnot \u00e0 Bobigny (93000 ), \nafin de prendre en compte : \n \n- La cessation des fonctions de biologiste responsable de Madame Anne \nBIANCHI au 25 septembre 2024  et sa r\u00e9int\u00e9gration en qualit\u00e9 de biologiste \nm\u00e9dical \u00e0 compter du 1er avril 2025 ;  \n \n- L'int\u00e9gration de Madame N adjat BENHADDOU-MIHOUBI, pharmacien \nbiologiste, en qualit\u00e9 de biologiste m\u00e9dical assurant la responsabilit\u00e9 du \nlaboratoire de biologie m\u00e9dicale depuis le 1er juin 2024 ;  \n \n- L'int\u00e9gration de Monsieur Mohamed MIHOUBI, m\u00e9decin biologiste, au 1er avril \n2025 ;  \n \nCONSIDERANT La copie du contrat de travail conclu entre le Pr\u00e9sident du Conseil d\u00e9partemental de la \nSeine-Saint-Denis et Madame Anne BIANCHI , employ\u00e9e en qualit\u00e9 de praticien \nvacataire, pour une dur\u00e9e d\u00e9termin\u00e9e du 1er avril 2025 au 31 mars 2026 ; \n \nCONSIDERANT Les dipl\u00f4mes accord\u00e9s \u00e0 Madame Nadjat BENHADDOU-MIHOUBI et la preuve de sa \ndemande d'inscription au tableau de la section G de l'ordre des pharmaciens ;   \n \nCONSIDERANT \n \nLa copie du contrat de travail conclu entre le Pr\u00e9sident du Conseil d\u00e9partemental de la \nSeine-Saint-Denis et Madame Nadjat BENHADDOU-MIHOUBI, employ\u00e9e en qualit\u00e9 de \nAgence R\u00e9gionale de Sant\u00e9 - IDF-2025-07-31-00008 - Acte de d\u00e9claration n\u00b0 DOS - 2025 / 3581\nportant fonctionnement du laboratoire de biologie m\u00e9dicale du Conseil D\u00e9partemental de la Seine-Saint-Denis, sis 41 avenue de\nVerdun \u00e0 Bondy (93140)\n5\nSign?\n2 \n \n \n \n \nCONSIDERANT \n \n \n \nCONSIDERANT \n \n \nCONSIDERANT \npraticien vacataire, pour une dur\u00e9e d\u00e9termin\u00e9e \u00e0 compter du 1 er juin 2024 au 31 mai \n2025, puis du 1er juin 2025 au 31 mai 2026 ; \n \nLa copie du contrat de travail conclu entre le Pr\u00e9sident du Conseil d\u00e9partemental de la \nSeine-Saint-Denis et Monsieur Mohamed MIHOUBI employ\u00e9 en qualit\u00e9 de praticien \nvacataire, pour une dur\u00e9e d\u00e9termin\u00e9e du 1er avril 2025 au 31 mars 2026 ; \n \nLes dipl\u00f4mes accord\u00e9s \u00e0 Monsieur Mohamed MIHOUBI et son inscription au tableau de \nl'ordre des m\u00e9decins \u00e0 jour ; \n \nLa copie de l'attestation d'accr\u00e9ditation n\u00b0 8 -3539 R\u00e9v. 7 d\u00e9livr\u00e9e par le COFRAC au \nlaboratoire d\u00e9partemental de Bondy en date du 1 er f\u00e9vrier 2025 et valide jusqu'au 31 \njanvier 2030 ; \n \n                           PREND ACTE DE LA DECLARATION : \n \nARTICLE 1er : Le laboratoire de biologie m\u00e9dicale du Conseil d\u00e9partemental de la Seine -Saint-Denis, \nsis 41 avenue de Verdun \u00e0 Bondy (93140) exploit\u00e9 par le Conseil d\u00e9partemental de la \nSeine-Saint-Denis dont le si\u00e8ge social est situ\u00e9  124 rue Carnot \u00e0 Bobigny (93000), \nenregistr\u00e9 dans le fichier FINESS sous le n\u00b0 EJ 93 000 200 1, fonctionne sous le num\u00e9ro \n93-9 sur le site unique ouvert au public : \n \n- Le laboratoire d\u00e9partemental de Bondy \n41 avenue de Verdun \u00e0 BONDY (93140)  \nPratiquant les activit\u00e9s de biochimie (biochimie g\u00e9n\u00e9rale et sp\u00e9cialis\u00e9e)  et de \nmicrobiologie (bact\u00e9riologie, parasitologie-mycologie, s\u00e9rologie infectieuse, virologie) \nN\u00b0 FINESS ET en cat\u00e9gorie 610 : 93 002 545 7 \n  \nLa liste des biologistes m\u00e9dicaux exer\u00e7ant \u00e0 temps partiel au sein du laboratoire de \nbiologie m\u00e9dicale est la suivante : \n1. Madame Nadjat BENHADDOU-MIHOUBI, pharmacien, biologiste-responsable \n2. Madame Anne BIANCHI, m\u00e9decin biologiste  \n3. Monsieur Mohamed MIHOUBI, m\u00e9decin biologiste  \n \nARTICLE 2e : L'arr\u00eat\u00e9 n\u00b0 DOSMS-2015/197 du 22 juin 2015 portant autorisation de fonctionnement du \nlaboratoire de biologie m\u00e9dicale d\u00e9partemental de Seine-Saint-Denis, sis 41 avenue de \nVerdun \u00e0 Bondy (93140) est abrog\u00e9. \n \nARTICLE 3e : Un recours contentieux contre le pr\u00e9sent a cte peut \u00eatre form\u00e9 aupr\u00e8s du Tribunal \nadministratif comp\u00e9tent. Le d\u00e9lai de recours est de deux mois \u00e0 compter de sa notification \npour les int\u00e9ress\u00e9s ou de sa publication pour les tiers. \n \nARTICLE 4e : Le Directeur du p\u00f4le Efficience de l'Agence r\u00e9gionale de sant\u00e9 d'Ile-de-France est charg\u00e9 \nde l'ex\u00e9cution du pr\u00e9sent a cte qui sera publi\u00e9 au recueil des actes administratifs de la \npr\u00e9fecture de la r\u00e9gion Ile-de-France. \n \nFait \u00e0 Saint-Denis, le 31 juillet 2025 \n \nLe Directeur g\u00e9n\u00e9ral \nde l'Agence r\u00e9gionale de sant\u00e9  \nIle-de-France  \n \nPar d\u00e9l\u00e9gation, \nLe directeur du P\u00f4le Efficience \n \nFabien P\u00c9RUS \n \nAgence R\u00e9gionale de Sant\u00e9 - IDF-2025-07-31-00008 - Acte de d\u00e9claration n\u00b0 DOS - 2025 / 3581\nportant fonctionnement du laboratoire de biologie m\u00e9dicale du Conseil D\u00e9partemental de la Seine-Saint-Denis, sis 41 avenue de\nVerdun \u00e0 Bondy (93140)\n6\nAgence R\u00e9gionale de Sant\u00e9\nIDF-2025-07-28-00007\nActe de d\u00e9claration n\u00b0 DOS 2025/3577 portant\nfonctionnement du laboratoire de biologie\nm\u00e9dicale multisites \u00ab BIOFUTUR \u00bb sis, 1 chemin\ndes Trois Sources \u00e0 L'ISLE ADAM (95290)\nAgence R\u00e9gionale de Sant\u00e9 - IDF-2025-07-28-00007 - Acte de d\u00e9claration n\u00b0 DOS 2025/3577 portant fonctionnement du laboratoire\nde biologie m\u00e9dicale multisites \u00ab BIOFUTUR \u00bb sis, 1 chemin des Trois Sources \u00e0 L'ISLE ADAM (95290) 7\nEEREPUBLIQUEFRAN\u00c7AISELibert\u00e9Egalit\u00e9Fraternit\u00e9 @ D Agence R\u00e9gionale de Sant\u00e9lle-de-France\nAGENCE R\u00c9GIONALE DE SANT\u00c9 \u00ceLE-DE-FRANCE\nActe de d\u00e9claration n\u00b0 DOS 2025/3577\nportant fonctionnement du laboratoire de biologie m\u00e9dicale multisites \n\u00ab BIOFUTUR \u00bb sis, 1 chemin des Trois Sources \u00e0 L'ISLE ADAM (95290) \nLE DIRECTEUR G\u00c9N\u00c9RAL DE L'AGENCE R\u00c9GIONALE DE SANT\u00c9 \u00ceLE-DE-FRANCE\nVU Le code de la sant\u00e9 publique et notamment le livre II de la sixi\u00e8me partie ;\nVU La loi n\u00b0 2013-442 du 30 mai 2013 portant r\u00e9forme de la biologie m\u00e9dicale et ratifiant l'ordonnance\nn\u00b0 2010-49 du 13 janvier 2010 relative \u00e0 la biologie m\u00e9dicale ; \nVU Le d\u00e9cret n\u00b02016-46 du 26 janvier 2016 relatif \u00e0 la biologie m\u00e9dicale ; \nVU Le d\u00e9cret n\u00b02016-44 du 26 janvier 2016 relatif aux soci\u00e9t\u00e9s exploitant un laboratoire de biologie\nm\u00e9dicale priv\u00e9 et aux soci\u00e9t\u00e9s de participation financi\u00e8res de profession lib\u00e9rale de biologistes m\u00e9dicaux\n; \nVU L'ordonnance n\u00b0 2023-77 du 8 f\u00e9vrier 2023 relative \u00e0 l'exercice en soci\u00e9t\u00e9 des professions lib\u00e9rales\nr\u00e9glement\u00e9es ;\nVU Le d\u00e9cret du 10 avril 2024 portant nomination de Monsieur Denis ROBIN, Directeur g\u00e9n\u00e9ral de l'Agence\nr\u00e9gionale de sant\u00e9 \u00cele-de-France, \u00e0 compter du 29 avril 2024 ;\nVU L'arr\u00eat\u00e9 DS n\u00b0 034/2024 du 29 avril 2024 portant d\u00e9l\u00e9gation de signature du Directeur g\u00e9n\u00e9ral\nde l'Agence r\u00e9gionale de sant\u00e9 d'Ile-de-France \u00e0 Monsieur Arnaud CORVAISIER, Directeur de l'Offre\nde soins, et \u00e0 diff\u00e9rents collaborateurs ;\nVU L'arr\u00eat\u00e9 n\u00b0 DOS - 2024/5848 en date du 23 d\u00e9cembre 2024 portant autorisation de fonctionnement\ndu laboratoire de biologie m\u00e9dicale multisites \u00ab BIOFUTUR \u00bb sis, 1 chemin des Trois Sources\n\u00e0 L'ISLE ADAM (95290).\nCONSID\u00c9RANT Les demandes re\u00e7ues en date des 6 mai 2025, 30 mai 2025, 18 juin 2025,\n19 et 20 juin 2025 et compl\u00e9t\u00e9es d\u00e9finitivement le 24 juillet 2025, de Ma\u00eetres St\u00e9phanie\nBERNARD et Christophe BOURDIN du cabinet MBA & Associ\u00e9s, conseil juridique mandat\u00e9\npar les repr\u00e9sentants l\u00e9gaux du laboratoire de biologie m\u00e9dicale \u00ab BIOFUTUR \u00bb, exploit\u00e9\npar la Soci\u00e9t\u00e9 d'Exercice Lib\u00e9ral  par Actions Simplifi\u00e9e \u00ab BIOFUTUR \u00bb sise\n1 chemin des Trois Sources \u00e0 L'ISLE ADAM (95290), en vue de la modification de son\nautorisation administrative, afin de prendre en compte :\n- L'int\u00e9gration de Madame Muriel LEVY, pharmacien biologiste, en qualit\u00e9 de\nnouvelle associ\u00e9e de la soci\u00e9t\u00e9, et la cession d'une action de cat\u00e9gorie O d\u00e9tenue\npar Madame St\u00e9phane HENRY-MOUCLIER \u00e0 son profit ;\n- L'ouverture du site pr\u00e9-post analytique sis 116 rue de la station \u00e0 FRANCONVILLE\n(95130), \u00e0 compter du 1er septembre 2025 ;\nCONSID\u00c9RANT Le proc\u00e8s-verbal des d\u00e9lib\u00e9rations de la collectivit\u00e9 des associ\u00e9s de la SELAS\n\u00ab BIOFUTUR \u00bb en date du 25 avril 2025, portant acte de :\n- L'int\u00e9gration de Madame Muriel LEVY, pharmacien biologiste, en qualit\u00e9 de\nnouvelle associ\u00e9e de la soci\u00e9t\u00e9, et la cession d'une action de cat\u00e9gorie O d\u00e9tenue\npar Madame St\u00e9phane HENRY-MOUCLIER \u00e0 son profit ;\nAgence R\u00e9gionale de Sant\u00e9 - IDF-2025-07-28-00007 - Acte de d\u00e9claration n\u00b0 DOS 2025/3577 portant fonctionnement du laboratoire\nde biologie m\u00e9dicale multisites \u00ab BIOFUTUR \u00bb sis, 1 chemin des Trois Sources \u00e0 L'ISLE ADAM (95290) 8\n2 / 8\nCONSID\u00c9RANT La copie de la convention d'exercice lib\u00e9ral \u00e0 temps partiel conclue entre la soci\u00e9t\u00e9\n\u00ab BIOFUTUR \u00bb et Madame Muriel LEVY, en date du et \u00e0 effet au 1er mai 2025 ;\nCONSID\u00c9RANT La copie du dipl\u00f4me de docteur en pharmacie et du dipl\u00f4me d'\u00e9tudes sp\u00e9cialis\u00e9es\nde biologie m\u00e9dicale accord\u00e9s \u00e0 Madame Muriel LEVY ainsi que son inscription au tableau\nde l'ordre des pharmaciens en date du 1er mai 2025 ;\nCONSID\u00c9RANT La convention de pr\u00eat de consommation d'une action de pr\u00e9f\u00e9rence de cat\u00e9gorie O\nde la soci\u00e9t\u00e9 \u00ab BIOFUTUR \u00bb conclue entre Madame St\u00e9phane HENRY-MOUCLIER\net Madame Muriel LEVY, en date du 1er mai 2025 ;\nCONSID\u00c9RANT Le proc\u00e8s-verbal du comit\u00e9 de direction de la SELAS \u00ab BIOFUTUR \u00bb, du 2 mai 2025,\nportant acte de l'ouverture du site sis 116, rue de la Station \u00e0 FRANCONVILLE (95130) ;\nCONSID\u00c9RANT La copie du bail commercial conclu entre la soci\u00e9t\u00e9 \u00ab SCI VR PATRIMOINE \u00bb et la soci\u00e9t\u00e9\n\u00ab BIOFUTUR \u00bb, relatif aux locaux sis 116, rue de la Station \u00e0 FRANCONVILLE (95130),\nsign\u00e9 le 18 juillet 2024, \u00e0 compter de la mise \u00e0 disposition du local lou\u00e9 au plus tard\nle 30 juin 2025 ;\nCONSID\u00c9RANT La copie des plans des locaux du site sis 116, rue de la Station \u00e0 FRANCONVILLE (95130),\nla liste des superficies des pi\u00e8ces dont le bureau d\u00e9di\u00e9 \u00e0 l'exercice du biologiste\nresponsable mesurant 5,72 m\u00b2, ainsi que les \u00e9l\u00e9ments relatifs \u00e0 la signal\u00e9tique ext\u00e9rieure\ndu site respectant les conditions pr\u00e9vues au dernier alin\u00e9a de l'article R6222-3 du Code de\nla sant\u00e9 publique ;\nCONSID\u00c9RANT La liste du personnel notamment les techniciens de laboratoire m\u00e9dical ;\nCONSID\u00c9RANT La nouvelle r\u00e9partition du capital social et des droits de vote au sein de la SELAS\n\u00ab BIOFUTUR \u00bb.\nCONSID\u00c9RANT L'attestation d'accr\u00e9ditation du laboratoire de biologie m\u00e9dicale \u00ab BIOFUTUR \u00bb n\u00b0 8-2602\nR\u00e9v.21 d\u00e9livr\u00e9e par le COFRAC, ayant pour date de prise d'effet le 1er juin 2025 et pour\ndate de fin de validit\u00e9 le 31 mai 2030 ;\nPREND ACTE DE LA DECLARATION :\nARTICLE 1er : Le laboratoire de biologie m\u00e9dicale \u00ab BIOFUTUR \u00bb, sis 1, chemin des Trois Sources \u00e0 L'ISLE\nADAM (95290), codirig\u00e9 par Madame St\u00e9phane HENRY-MOUCLIER, Madame Nad\u00e8ge\nGAMBERT, Madame Anne Sophie LEGUAY et Monsieur Sylvain COCCO, et exploit\u00e9 par la\nSoci\u00e9t\u00e9 d'Exercice Lib\u00e9ral par Actions Simplifi\u00e9e \u00ab BIOFUTUR \u00bb, sise \u00e0 la m\u00eame adresse,\nenregistr\u00e9e dans le fichier FINESS EJ sous le n\u00b0 95 001 608 9, est autoris\u00e9 \u00e0 fonctionner sur\nles trente-deux sites list\u00e9s ci-dessous :\n1. Le site \u00ab L'ISLE-ADAM \u00bb, site principal et si\u00e8ge social\n1, chemin des Trois Sources \u00e0 l'ISLE-ADAM (95290)\nOuvert au public de 7h \u00e0 18h du lundi au vendredi et de 7h30 \u00e0 13h le samedi\nPratiquant les activit\u00e9s suivantes : Biochimie (biochimie g\u00e9n\u00e9rale et sp\u00e9cialis\u00e9e,\npharmacologie-toxicologie), H\u00e9matologie (h\u00e9matocytologie, h\u00e9mostase,\nimmunoh\u00e9matologie), Microbiologie (bact\u00e9riologie, parasitologie-mycologie,\ns\u00e9rologie infectieuse, virologie),\nN\u00b0 FINESS ET en cat\u00e9gorie 611 : 95 001 609 7\n2. Le site \u00ab CONFLANS-SAINTE-HONORINE \u00bb\n26, boulevard Armand Leprince \u00e0 CONFLANS-SAINTE-HONORINE (78700)\nOuvert au public jusqu'\u00e0 16 heures les mardi et jeudi, et jusqu'\u00e0 13 heures les lundi,\nmercredi et vendredi\nSite pr\u00e9-post analytique\nN\u00b0 FINESS ET en cat\u00e9gorie 611 : 78 002 079 8\nAgence R\u00e9gionale de Sant\u00e9 - IDF-2025-07-28-00007 - Acte de d\u00e9claration n\u00b0 DOS 2025/3577 portant fonctionnement du laboratoire\nde biologie m\u00e9dicale multisites \u00ab BIOFUTUR \u00bb sis, 1 chemin des Trois Sources \u00e0 L'ISLE ADAM (95290) 9\n3 / 8\n3. Le site \u00ab CHANTELOUP-LES-VIGNES \u00bb \n25, avenue de Poissy \u00e0 CHANTELOUP-LES-VIGNES (78570)\nOuvert au public jusqu'\u00e0 13 heures du lundi au vendredi et jusqu'\u00e0 12h30 le samedi\nSite pr\u00e9-post analytique\nN\u00b0 FINESS ET en cat\u00e9gorie 611 : 78 002 080 6\n4. Le site \u00ab GARGENVILLE \u00bb\n2, rue Gambetta \u00e0 GARGENVILLE (78440)\nOuvert au public de 7h \u00e0 17h du lundi au vendredi et de 7h30 \u00e0 12h30 le samedi\nSite pr\u00e9-post analytique\nN\u00b0 FINESS ET en cat\u00e9gorie 611 : 78 002 081 4\n5. Le site \u00ab LES MUREAUX \u00bb\nAvenue de la R\u00e9publique \u2013 Centre Commercial des Bougimonts \u00e0 LES MUREAUX\n(78130)\nOuvert au public de 7h \u00e0 17h du lundi au vendredi et de 7h30 \u00e0 12h30 le samedi\nSite pr\u00e9-post analytique\nN\u00b0 FINESS ET en cat\u00e9gorie 611 : 78 002 082 2\n6. Le site \u00ab GOUSSAINVILLE \u00bb\n2-4, avenue du 6 Juin 1944 \u00e0 GOUSSAINVILLE (95190)\nOuvert au public de 7h \u00e0 17h du lundi au vendredi et de 7h \u00e0 13h00 le samedi\nSite pr\u00e9-post analytique\nN\u00b0 FINESS ET en cat\u00e9gorie 611 : 95 001 610 5\n7. Le site \u00ab DOMONT \u00bb\n8, avenue Glandaz \u00e0 DOMONT (95330)\nOuvert au public de 7h \u00e0 17h du lundi au vendredi et de 7h \u00e0 13h00 le samedi\nSite pr\u00e9-post analytique\nN\u00b0 FINESS ET en cat\u00e9gorie 611 : 95 001 611 3\n8. Le site \u00ab HOUILLES \u00bb\n5 bis, avenue Carnot \u00e0 HOUILLES (78800)\nOuvert au public de 7h \u00e0 13h et 14h \u00e0 17h du lundi au vendredi et de 7h30 \u00e0 12h30\nle samedi\nSite pr\u00e9-post analytique\nN\u00b0 FINESS ET en cat\u00e9gorie 611 : 78 002 083 0\n9. Le site \u00ab MAISONS-LAFFITTE \u00bb\n7, rue d'Ach\u00e8res \u00e0 MAISONS-LAFFITTE (78600)\nOuvert au public de 7h \u00e0 13h et 14h \u00e0 17h du lundi au vendredi et de 7h30 \u00e0 13h00\nle samedi\nSite pr\u00e9-post analytique\nN\u00b0 FINESS ET en cat\u00e9gorie 611 : 78 002 084 8\n10. Le site \u00ab VILLIERS-LE-BEL \u00bb\n107, avenue Pierre S\u00e9mard \u00e0 VILLIERS-LE-BEL (95400)\nOuvert au public de 7h \u00e0 17h du lundi au vendredi et de 7h \u00e0 12h30 le samedi\nSite pr\u00e9-post analytique\nN\u00b0 FINESS ET en cat\u00e9gorie 611 : 95 001 612 1\n11. Le site \u00ab L'ISLE-ADAM \u00bb\n5, avenue de Paris \u00e0 L'ISLE-ADAM (95290)\nOuvert au public de 7h \u00e0 15h du lundi au vendredi et de 7h30 \u00e0 13h00 le samedi\nSite pr\u00e9-post analytique\nN\u00b0 FINESS ET en cat\u00e9gorie 611 : 95 001 628 7\nAgence R\u00e9gionale de Sant\u00e9 - IDF-2025-07-28-00007 - Acte de d\u00e9claration n\u00b0 DOS 2025/3577 portant fonctionnement du laboratoire\nde biologie m\u00e9dicale multisites \u00ab BIOFUTUR \u00bb sis, 1 chemin des Trois Sources \u00e0 L'ISLE ADAM (95290) 10\n4 / 8\n12. Le site \u00ab ARNOUVILLE-LES-GONESSE \u00bb\n8 bis, rue Pierre S\u00e9mard \u00e0 ARNOUVILLE-LES-GONESSE (95400)\nOuvert au public de 7h \u00e0 14h du lundi au vendredi et de 7h \u00e0 13h le samedi\nSite pr\u00e9-post analytique\nN\u00b0 FINESS ET en cat\u00e9gorie 611 : 95 001 629 5\n13. Le site \u00ab CONFLANS-SAINTE-HONORINE \u00bb\n204, avenue du Mar\u00e9chal Foch et 18/20 Place de la Libert\u00e9 et rue D\u00e9sir\u00e9 Cl\u00e9ment \u00e0\nCONFLANS-SAINTE-HONORINE (78700)\nOuvert au public jusqu'\u00e0 16 heures les lundi, mercredi et vendredi, jusqu'\u00e0 13 heures\nles mardi et jeudi et 12h30 les samedis\nSite pr\u00e9-post analytique\nN\u00b0 FINESS ET en cat\u00e9gorie 611 : 78 002 133 3\n14. Le site \u00ab SOISY-SOUS-MONTMORENCY \u00bb\n13, avenue du G\u00e9n\u00e9ral de Gaulle \u00e0 SOISY-SOUS-MONTMORENCY (95230)\nOuvert au public de 7h \u00e0 14h30 du lundi au vendredi et de 7h \u00e0 12h le samedi\nSite pr\u00e9-post analytique\nN\u00b0 FINESS ET en cat\u00e9gorie 611 : 95 001 630 3\n15. Le site \u00ab SAINT-GRATIEN \u00bb \nZAC Coeur de Ville II, 58 rue Berthie Albrecht \u00e0 SAINT-GRATIEN (95210)\nOuvert au public de 7h \u00e0 16h du lundi au vendredi et de 7h \u00e0 12h30 le samedi\nSite pr\u00e9-post analytique\nN\u00b0 FINESS ET en cat\u00e9gorie 611 : 95 001 631 1\n16. Le site \u00ab PLAISIR \u00bb\n8, avenue de Geesthacht \u00e0 PLAISIR (78370)\nOuvert au public de 7h \u00e0 17h du lundi au vendredi et de 7h30 \u00e0 12h le samedi\nSite pr\u00e9-post analytique\nN\u00b0 FINESS ET en cat\u00e9gorie 611 : 78 002 134 1\n17. Le site \u00ab LES-CLAYES-SOUS-BOIS \u00bb\nJardin d'Arcy - 10 avenue Jules Ferry \u00e0 LES-CLAYES-SOUS-BOIS (78340)\nOuvert au public de 7h \u00e0 13h du lundi au vendredi et de 7h30 \u00e0 12h30 le samedi\nSite pr\u00e9-post analytique\nN\u00b0 FINESS ET en cat\u00e9gorie 611 : 78 002 136 6\n18. Le site \u00ab SAINT-OUEN-L'AUMONE \u00bb\n2, avenue du G\u00e9n\u00e9ral de Gaulle \u00e0 SAINT-OUEN-L'AUMONE (95310)\nOuvert au public de 7h \u00e0 15h30 du lundi au vendredi et de 7h15 \u00e0 12h30 le samedi\nSite pr\u00e9-post analytique\nN\u00b0 FINESS ET en cat\u00e9gorie 611 : 95 001 632 9\n19. Le site \u00ab OSNY SAINTE-MARIE \u00bb\nClinique Sainte-Marie - 1, rue Christian Barnard \u00e0 OSNY (95520)\nOuvert au public de 7h \u00e0 13h du lundi au vendredi et de 7h30 \u00e0 12h30 le samedi\nPratiquant les activit\u00e9s suivantes : Biochimie (biochimie g\u00e9n\u00e9rale et sp\u00e9cialis\u00e9e),\nH\u00e9matologie (h\u00e9matocytologie, h\u00e9mostase, immunoh\u00e9matologie), Microbiologie\n(bact\u00e9riologie (examens directs))\nN\u00b0 FINESS ET en cat\u00e9gorie 611 : 95 001 633 7\n20. Le site \u00ab SAINT-GERMAIN-EN-LAYE \u00bb \n29-31, rue de Paris \u00e0 SAINT-GERMAIN-EN-LAYE (78100)\nOuvert au public de 7h \u00e0 17h du lundi au vendredi et de 7h30 \u00e0 12h le samedi\nSite pr\u00e9-post analytique\nN\u00b0 FINESS ET en cat\u00e9gorie 611 : 78 002 137 4\nAgence R\u00e9gionale de Sant\u00e9 - IDF-2025-07-28-00007 - Acte de d\u00e9claration n\u00b0 DOS 2025/3577 portant fonctionnement du laboratoire\nde biologie m\u00e9dicale multisites \u00ab BIOFUTUR \u00bb sis, 1 chemin des Trois Sources \u00e0 L'ISLE ADAM (95290) 11\n5 / 8\n21. Le site \u00ab GARGES-LES-GONESSE \u00bb\nCentre Commercial Arc en Ciel \u00e0 GARGES-LES-GONESSE (95140)\nOuvert au public de 7h15 \u00e0 17h du lundi au vendredi et de 7h30 \u00e0 13h le samedi\nSite pr\u00e9-post analytique\nN\u00b0 FINESS ET en cat\u00e9gorie 611 : 95 001 635 2\n22. Le site \u00ab MEULAN \u00bb\n19, quai de l'Arquebuse \u00e0 MEULAN (78250)\nOuvert au public de 7h \u00e0 17h du lundi au vendredi et de 7h30 \u00e0 12h30 le samedi\nSite pr\u00e9-post analytique\nN\u00b0 FINESS ET en cat\u00e9gorie 611 : 78 002 138 2\n23. Le site \u00ab VERNOUILLET \u00bb\n7 bis, avenue de Triel \u00e0 VERNOUILLET (78540)\nOuvert au public de 7h \u00e0 17h du lundi au vendredi et de 7h30 \u00e0 12h30 le samedi\nSite pr\u00e9-post analytique\nN\u00b0 FINESS ET en cat\u00e9gorie 611 : 78 002 139 0\n24. Le site \u00ab EPONE \u00bb\n15, avenue de la Gare \u00e0 EPONE (78680)\nOuvert au public de 7h \u00e0 17h du lundi au vendredi et de 7h30 \u00e0 12h30 le samedi\nSite pr\u00e9-post analytique\nN\u00b0 FINESS ET en cat\u00e9gorie 611 : 78 002 140 8\n25. Le site \u00ab TRIEL-SUR-SEINE \u00bb \n14, rue du Moulin \u00e0 TRIEL-SUR-SEINE (78510) \nOuverture au public jusqu'\u00e0 13 heures et ferm\u00e9 le samedi\nSite pr\u00e9-post analytique \nN\u00b0 FINESS ET en cat\u00e9gorie 611 : 78 002 141 6\n26. Le site \u00ab PONTOISE \u00bb\n4, rue Carnot \u00e0 PONTOISE (95300)\nOuvert au public de 6h45 \u00e0 16h du lundi au vendredi et de 7h \u00e0 13h le samedi\nPratiquant les activit\u00e9s suivantes : Biologie de la reproduction (spermiologie\ndiagnostique)\nN\u00b0 FINESS ET en cat\u00e9gorie 611 : 95 001 636 0\n27. Le site \u00ab OSNY \u00bb\n49, rue Aristide Briand \u00e0 OSNY (95520)\nOuvert au public de 6h45 \u00e0 18h du lundi au vendredi et de 7h30 \u00e0 12h30 le samedi\nSite pr\u00e9-post analytique\nN\u00b0 FINESS ET en cat\u00e9gorie 611 : 95 001 637 8\n28. Le site \u00ab TAVERNY \u00bb\n188, avenue de Paris \u00e0 TAVERNY (95150)\nOuvert au public de 7h \u00e0 17h du lundi au vendredi et de 7h30 \u00e0 13h le samedi\nSite pr\u00e9-post analytique\nN\u00b0 FINESS ET en cat\u00e9gorie 611 : 95 003 136 9\n29. Le site \u00ab MARLY-LA-VILLE \u00bb\n137 bis, avenue Henri Barbusse \u00e0 MARLY-LA-VILLE (95670)\nOuvert au public de 7h \u00e0 17h du lundi au vendredi et de 7h30 \u00e0 12h30 le samedi\nSite pr\u00e9-post analytique\nN\u00b0 FINESS ET en cat\u00e9gorie 611 : 95 004 319 0\n30. Le site \u00ab SARCELLES \u00bb\n2, rue Carnot \u00e0 SARCELLES (95200)\nOuvert au public de 7h \u00e0 16h30 du lundi au vendredi et de 7h30 \u00e0 13h le samedi\nSite pr\u00e9-post analytique\nN\u00b0 FINESS ET en cat\u00e9gorie 611 : 95 001 634 5\nAgence R\u00e9gionale de Sant\u00e9 - IDF-2025-07-28-00007 - Acte de d\u00e9claration n\u00b0 DOS 2025/3577 portant fonctionnement du laboratoire\nde biologie m\u00e9dicale multisites \u00ab BIOFUTUR \u00bb sis, 1 chemin des Trois Sources \u00e0 L'ISLE ADAM (95290) 12\n6 / 8\n31. Le site \u00ab ELANCOURT \u00bb\n4 bis, square de la Canche \u00e0 ELANCOURT (78990)\nOuvert au public de 7h \u00e0 13h et 14h \u00e0 17h du lundi au vendredi et de 7h30 \u00e0 12h30\nle samedi\nSite pr\u00e9-post analytique\nN\u00b0 FINESS ET en cat\u00e9gorie 611 : 78 002 135 8 \n32. Le site \u00ab FRANCONVILLE \u00bb\n116 rue de la station \u00e0 FRANCONVILLE (95130) \n\u00e0 compter du 1er septembre 2025\nOuvert au public du lundi au vendredi de 7h \u00e0 18h et le samedi de 7h \u00e0 13h\nSite pr\u00e9-post analytique\nN\u00b0FINESS ET en cat\u00e9gorie 611 : 95 004 921 3\nLa liste des trente-deux biologistes m\u00e9dicaux associ\u00e9s, dont quatre biologistes-\ncoresponsables du laboratoire de biologie m\u00e9dicale, est la suivante :\n1. Madame HENRY-MOUCLIER St\u00e9phane, pharmacien, biologiste coresponsable, \nPr\u00e9sidente\n2. Monsieur COCCO Sylvain, pharmacien, biologiste coresponsable, \n3. Madame GAMBERT Nad\u00e8ge, m\u00e9decin, biologiste coresponsable, \n4. Madame LEGUAY (GUERIN) Anne-Sophie, pharmacien, biologiste coresponsable,\n5. Monsieur ALLOUCHE Michael, m\u00e9decin, biologiste m\u00e9dical, associ\u00e9\n6. Monsieur ANDIVA Shakir-Pierre, pharmacien, biologiste m\u00e9dical, associ\u00e9\n7. Monsieur ASSAQA Abdelhamid, m\u00e9decin, biologiste m\u00e9dical, associ\u00e9\n8. Monsieur AURIOL ROY BRY William, pharmacien, biologiste m\u00e9dical, associ\u00e9\n9. Madame BENNANI Hind, pharmacien, biologiste m\u00e9dical, associ\u00e9\n10. Monsieur BELMILOUDI Soufien, pharmacien, biologiste m\u00e9dical, associ\u00e9\n11. Madame CIAKO NGANCHUI Sydonie, pharmacien, biologiste m\u00e9dical, associ\u00e9e\n12. Madame COLLE Camille, pharmacien, biologiste m\u00e9dical, associ\u00e9e\n13. Monsieur CROUZIER Christophe, pharmacien, biologiste m\u00e9dical, associ\u00e9\n14. Monsieur ESPOSITO Ga\u00ebtano, pharmacien, biologiste m\u00e9dical, associ\u00e9\n15. Monsieur JACQUELINE Maximilien, pharmacien, biologiste m\u00e9dical, associ\u00e9\n16. Monsieur LASRY Mo\u00efse, pharmacien, biologiste m\u00e9dical, associ\u00e9\n17. Monsieur LEMAIRE Yves, pharmacien, biologiste m\u00e9dical, associ\u00e9\n18. Monsieur LOUSSERT Laurent, pharmacien, biologiste m\u00e9dical, associ\u00e9\n19. Madame MARCK Pascale, m\u00e9decin, biologiste m\u00e9dical, associ\u00e9e\n20. Madame NICOLAE Anca-Mihaela, m\u00e9decin, biologiste m\u00e9dical, associ\u00e9e\n21. Monsieur RAVENEAU Jacques, pharmacien, biologiste m\u00e9dical, associ\u00e9\n22. Madame RODRIGUEZ MATHIEU Patricia, m\u00e9decin, biologiste m\u00e9dical, associ\u00e9e\n23. Madame SANTOS L\u00e9na, pharmacien, biologiste m\u00e9dical, associ\u00e9e\n24. Monsieur TOUZET Jacques, pharmacien, biologiste m\u00e9dical, associ\u00e9\n25. Monsieur TRAN MINH Olivier, pharmacien, biologiste m\u00e9dical, associ\u00e9\n26. Monsieur BENDJELLOUL Mehdi, pharmacien, biologiste m\u00e9dical, associ\u00e9\n27. Madame GASSINO Marie-H\u00e9l\u00e8ne, m\u00e9decin, biologiste m\u00e9dical, associ\u00e9e\n28. Madame LOUIS-JOSEPH Stacy, pharmacien, biologiste m\u00e9dical, associ\u00e9e, \u00e0 \nraison de 328 vacations par an,\n29. Monsieur SALDMANN Antonin, m\u00e9decin, biologiste m\u00e9dical, associ\u00e9, \u00e0 raison de \n205 vacations par an,\n30. Madame Muriel LEVY, pharmacien, biologiste m\u00e9dical, salari\u00e9e associ\u00e9e, \n\u00e0 mi-temps \u00e0 raison de 205 vacations par an,\n31. Madame PASQUALI Patricia, pharmacien, biologiste m\u00e9dical, salari\u00e9e associ\u00e9e, \n\u00e0 mi-temps,\n32. Monsieur JANNET Marcel, m\u00e9decin, biologiste m\u00e9dical salari\u00e9, associ\u00e9, \n\u00e0 mi-temps,\nAgence R\u00e9gionale de Sant\u00e9 - IDF-2025-07-28-00007 - Acte de d\u00e9claration n\u00b0 DOS 2025/3577 portant fonctionnement du laboratoire\nde biologie m\u00e9dicale multisites \u00ab BIOFUTUR \u00bb sis, 1 chemin des Trois Sources \u00e0 L'ISLE ADAM (95290) 13\n7 / 8\nLa r\u00e9partition du capital social de la SELAS \u00ab BIOFUTUR \u00bb et des droits de vote est la\nsuivante :\nAssoci\u00e9s\nActions de \npr\u00e9f\u00e9rence de\ncat\u00e9gorie O\nActions de \npr\u00e9f\u00e9rence de\ncat\u00e9gorie P\nTotal\nCapital social\net droits de \nvote en %\nALLOUCHE Michael 74 000 0 74 000 3,57 %\nANDIVA Shakir-Pierre 74 000 0 74 000 3,57 %\nASSAQA Abdelhamid 74 000 0 74 000 3,57 %\nAURIOL ROY BRY William 74 000 0 74 000 3,57 %\nBELMILOUDI Soufien 1 0 1 0,00 %\nBENDJELLOUL Mehdi 1 0 1 0,00 %\nBENNANI Hind 74 000 0 74 000 3,57 %\nCIAKO NGANCHUI Sydonie 73 999 0 73 999 3,57 %\nCOCCO Sylvain 74 000 0 74 000 3,57 %\nCOLLE Camille 1 0 1 0,00 %\nCROUZIER Christophe 74 127 0 74 127 3,58 %\nESPOSITO Ga\u00ebtano 74 000 0 74 000 3,57 %\nGAMBERT Nad\u00e8ge 74 000 0 74 000 3,57 %\nGASSINO Marie-H\u00e9l\u00e8ne 1 0 1 0,00 %\n(GUERIN) LEGUAY Anne-\nSophie 74 000 0 74 000 3,57 %\nHENRY-MOUCLIER St\u00e9phane 73 999 0 73 999 3,57 %\nJACQUELINE Maximilien 74 000 0 74 000 3,57 %\nLASRY Mo\u00efse 74 000 0 74 000 3,57 %\nLEMAIRE Yves 1 0 1 0,00 %\nLOUSSERT Laurent 74 000 0 74 000 3,57 %\nMARCK Pascale 74 000 0 74 000 3,57 %\nNICOLAE Anca-Mihaela 1 0 1 0,00 %\nRAVENEAU Jacques 74 000 0 74 000 3,57 %\nRODRIGUEZ MATHIEU \nPatricia 74 000 0 74 000 3,57 %\nSANTOS L\u00e9na 74 000 0 74 000 3,57 %\nTOUZET Jacques 74 000 0 74 000 3,57 %\nTRAN MINH Olivier 74 000 0 74 000 3,57 %\nLOUIS-JOSEPH Stacy 1 0 1 0,00 %\nSALDMANN Antonin 1 0 1 0,00 %\nJANNET Marcel 1 0 1 0,00 %\nPASQUALI Patricia 1 0 1 0,00 %\nLEVY Muriel 1 0 1 0,00 %\nSous-total \u2013 Associ\u00e9s \nProfessionnels Exer\u00e7ants 1 554 136 0 1 554 136 75 %\nAgence R\u00e9gionale de Sant\u00e9 - IDF-2025-07-28-00007 - Acte de d\u00e9claration n\u00b0 DOS 2025/3577 portant fonctionnement du laboratoire\nde biologie m\u00e9dicale multisites \u00ab BIOFUTUR \u00bb sis, 1 chemin des Trois Sources \u00e0 L'ISLE ADAM (95290) 14\n8 / 8\nSAS \u00ab Inovie Group \u00bb 0 518 045 518 045 25 %\nSous-total \u2013 Tiers porteurs 0 518 045 518 045 25 %\nTOTAL 1 554 136 518 045 2 072 181 100 %\nARTICLE 2e : L'arr\u00eat\u00e9 n\u00b0 DOS - 2024/5848 en date du 23 d\u00e9cembre 2024 portant autorisation de\nfonctionnement du laboratoire de biologie m\u00e9dicale multisites \u00ab BIOFUTUR \u00bb est abrog\u00e9\n\u00e0 compter de la r\u00e9alisation effective des op\u00e9rations susvis\u00e9es.\nARTICLE 3e : Un recours contentieux contre le pr\u00e9sent acte peut \u00eatre form\u00e9 aupr\u00e8s du tribunal administratif\ncomp\u00e9tent. Le d\u00e9lai de recours est de deux mois \u00e0 compter de sa notification pour les\nint\u00e9ress\u00e9s ou de sa publication pour les tiers.\nARTICLE 4e : Le Directeur du p\u00f4le Efficience de l'Agence r\u00e9gionale de sant\u00e9 \u00cele-de-France est charg\u00e9 de\nl'ex\u00e9cution du pr\u00e9sent acte qui sera publi\u00e9 au recueil des actes administratifs de la pr\u00e9fecture\nde la r\u00e9gion \u00cele-de-France.\nFait \u00e0 Saint-Denis, \nPour le Directeur g\u00e9n\u00e9ral \nde l'Agence r\u00e9gionale de sant\u00e9\n\u00cele-de-France\nPar d\u00e9l\u00e9gation\n \nAgence R\u00e9gionale de Sant\u00e9 - IDF-2025-07-28-00007 - Acte de d\u00e9claration n\u00b0 DOS 2025/3577 portant fonctionnement du laboratoire\nde biologie m\u00e9dicale multisites \u00ab BIOFUTUR \u00bb sis, 1 chemin des Trois Sources \u00e0 L'ISLE ADAM (95290) 15\nAgence R\u00e9gionale de Sant\u00e9\nIDF-2025-07-24-00028\nActe de d\u00e9claration n\u00b0 DOS - 2025 / 3570\nportant fonctionnement du laboratoire de\nbiologie m\u00e9dicale multisites \u00ab SOMMEVILLE \u00bb\nAgence R\u00e9gionale de Sant\u00e9 - IDF-2025-07-24-00028 - Acte de d\u00e9claration n\u00b0 DOS - 2025 / 3570 portant fonctionnement du laboratoire\nde biologie m\u00e9dicale multisites \u00ab SOMMEVILLE \u00bb 16\nEREPUBLIQUEFRAN\u00c7AISELibert\u00e9Egalit\u00e9Fraternit\u00e9\n@ D Agence R\u00e9gionale de Sant\u00e9lle-de-France\nAGENCE R\u00c9GIONALE DE SANT\u00c9 \u00ceLE-DE-FRANCE\nActe de d\u00e9claration n\u00b0 DOS \u2013 2025 / 3570\nportant fonctionnement du laboratoire de biologie m\u00e9dicale multisites \n\u00ab SOMMEVILLE \u00bb sis 4, rue de Brunoy \u00e0 QUINCY-SOUS-SENART (91480)\nLE DIRECTEUR GENERAL DE L'AGENCE R\u00c9GIONALE DE SANT\u00c9 ILE-DE-FRANCE\nVU Le code de la sant\u00e9 publique et notamment le livre II de la sixi\u00e8me partie ;\nVU La loi n\u00b0 2013-442 du 30 mai 2013 portant r\u00e9forme de la biologie m\u00e9dicale et ratifiant l'ordonnance\nn\u00b0 2010-49 du 13 janvier 2010 relative \u00e0 la biologie m\u00e9dicale ;\nVU L'ordonnance n\u00b0 2023-77 du 8 f\u00e9vrier 2023 relative \u00e0 l'exercice en soci\u00e9t\u00e9 des professions lib\u00e9rales\nr\u00e9glement\u00e9es ;\nVU Le d\u00e9cret n\u00b0 2016-46 du 26 janvier 2016 relatif \u00e0 la biologie m\u00e9dicale ;\nVU Le d\u00e9cret n\u00b0 2016-44 du 26 janvier 2016 relatif aux soci\u00e9t\u00e9s exploitant un laboratoire de biologie\nm\u00e9dicale priv\u00e9 et aux soci\u00e9t\u00e9s de participations financi\u00e8res de profession lib\u00e9rale de biologistes\nm\u00e9dicaux ;\nVU Le d\u00e9cret du 10 avril 2024 portant nomination de Monsieur Denis ROBIN, Directeur g\u00e9n\u00e9ral de l'Agence\nr\u00e9gionale de sant\u00e9 d'\u00cele-de-France, \u00e0 compter du 29 avril 2024 ;\nVU L'arr\u00eat\u00e9 n\u00b0 DS 034/2024 du 29 avril 2024 portant d\u00e9l\u00e9gation de signature du Directeur g\u00e9n\u00e9ral de\nl'Agence r\u00e9gionale de sant\u00e9 d'Ile-de-France \u00e0 Monsieur Arnaud CORVAISIER, Directeur de l'offre de\nsoins, et \u00e0 diff\u00e9rents collaborateurs ;\nVU L'arr\u00eat\u00e9 n\u00b0 DOS-2024/073 du 16 janvier 2024 portant autorisation de fonctionnement du laboratoire de\nbiologie m\u00e9dicale \u00ab SOMMEVILLE \u00bb sis, 4 rue de Brunoy \u00e0 QUINCY SOUS SENART (91480).\nCONSIDERANT Les demandes re\u00e7ues en date du 7 avril 2025, le 14 mai 2025, le 30 mai 2025 et\ncompl\u00e9t\u00e9es d\u00e9finitivement le 18 juillet 2025, adress\u00e9es par le cabinet d'avocats MBA &\nAssoci\u00e9s, conseils juridiques mandat\u00e9s par les repr\u00e9sentants l\u00e9gaux du laboratoire de\nbiologie m\u00e9dicale multi-sites \u00ab LABORATOIRE DE BIOLOGIE MEDICALE\nSOMMEVILLE \u00bb, exploit\u00e9 par la Soci\u00e9t\u00e9 d'Exercice Lib\u00e9ral par Actions Simplifi\u00e9e\n\u00ab LABORATOIRE DE BIOLOGIE MEDICALE SOMMEVILLE \u00bb, sise  4, rue de Brunoy \u00e0\nQUINCY SOUS SENART (91480), en vue de la modification de son autorisation\nadministrative, afin de prendre en compte :\n- La cessation des fonctions de biologiste m\u00e9dical associ\u00e9 de Monsieur Franck\nSEBBAN, pharmacien biologiste, \u00e0 effet au 31 mars 2025, au sein de la SELAS\n\u00ab LABORATOIRE DE BIOLOGIE MEDICALE SOMMEVILLE \u00bb et la cession d'une\naction de pr\u00e9f\u00e9rence de cat\u00e9gorie A au profit de Monsieur Philipe SASSON ;\n- L'int\u00e9gration de Madame H\u00e9l\u00e8ne AUBRY-DAMON, m\u00e9decin, en qualit\u00e9 de\nbiologiste m\u00e9dical associ\u00e9e au sein de la SELAS \u00ab LABORATOIRE DE BIOLOGIE\nMEDICALE SOMMEVILLE \u00bb \u00e0 compter du 1er avril 2025, au moyen de la cession\nd'une action de pr\u00e9f\u00e9rence de cat\u00e9gorie A d\u00e9tenue par Monsieur Philipe SASSON\n\u00e0 son profit ;\nAgence R\u00e9gionale de Sant\u00e9 - IDF-2025-07-24-00028 - Acte de d\u00e9claration n\u00b0 DOS - 2025 / 3570 portant fonctionnement du laboratoire\nde biologie m\u00e9dicale multisites \u00ab SOMMEVILLE \u00bb 17\n2\nCONSIDERANT La copie du proc\u00e8s-verbal des d\u00e9cisions unanimes des actionnaires de la SELAS\n\u00ab SOMMEVILLE \u00bb en date du 10 mars 2025 actant :\n- La cessation des fonctions de biologiste m\u00e9dical associ\u00e9 de Monsieur Franck SEBBAN,\npharmacien biologiste, \u00e0 effet au 31 mars 2025, et la cession d'une action de pr\u00e9f\u00e9rence\nde cat\u00e9gorie A au profit de Monsieur Philipe SASSON ;\nCONSIDERANT La lettre de d\u00e9mission de Monsieur Franck SEBBAN en date du 13 f\u00e9vrier 2025, \u00e0 effet au\n31 mars 2025 ;\nCONSIDERANT La copie du proc\u00e8s-verbal des d\u00e9cisions unanimes des actionnaires de la SELAS\n\u00ab SOMMEVILLE \u00bb en date du 10 mars 2025 actant :\n- L'int\u00e9gration et l'agr\u00e9ment de Madame H\u00e9l\u00e8ne AUBRY-DAMON, m\u00e9decin, en\nqualit\u00e9 de biologiste m\u00e9dical associ\u00e9e au sein de la SELAS \u00ab LABORATOIRE DE\nBIOLOGIE MEDICALE SOMMEVILLE \u00bb \u00e0 compter du 1er avril 2025, au moyen de\nla cession d'une action de pr\u00e9f\u00e9rence de cat\u00e9gorie A d\u00e9tenue par Monsieur Philipe\nSASSON \u00e0 son profit ;\nCONSIDERANT Les documents relatifs \u00e0 l'int\u00e9gration de Madame H\u00e9l\u00e8ne AUBRY-DAMON :\n- La copie de la convention d'exercice lib\u00e9ral conclue entre la SELAS\n\u00ab LABORATOIRE DE BIOLOGIE MEDICALE SOMMEVILLE \u00bb et Madame H\u00e9l\u00e8ne\nAUBRY-DAMON en date du 10 f\u00e9vrier 2025, \u00e0 compter du 1er avril 2025 ;\n- Les copies du dipl\u00f4me de docteur en m\u00e9decine et du dipl\u00f4me d'\u00e9tudes sp\u00e9cialis\u00e9es\nde biologie m\u00e9dicale accord\u00e9s \u00e0 Madame H\u00e9l\u00e8ne AUBRY-DAMON ;\nCONSIDERANT La copie de la convention de pr\u00eat de consommation d'une action de cat\u00e9gorie O d\u00e9tenue\npar la SELAS \u00ab GUEVALT \u00bb au profit de Monsieur Philippe SASSON \u00e0 effet au 31 mars\n2025 ;\nCONSIDERANT La copie de la convention de pr\u00eat de consommation d'une action de cat\u00e9gorie O d\u00e9tenue\npar Monsieur Philippe SASSON au profit de Madame H\u00e9l\u00e8ne AUBRY-DAMON \u00e0 effet au\n1er avril 2025 ;\nCONSIDERANT La nouvelle r\u00e9partition du capital social de la soci\u00e9t\u00e9 \u00ab LABORATOIRE DE BIOLOGIE\nMEDICALE SOMMEVILLE \u00bb ;\nCONSIDERANT La copie de l'attestation d'accr\u00e9ditation d\u00e9livr\u00e9e par le COFRAC n\u00b0 8-3834 R\u00e9v.9 en date\ndu 1er juin 2025 ;\nPREND ACTE DE LA DECLARATION :\nARTICLE 1er : Le laboratoire de biologie m\u00e9dicale \u00ab SOMMEVILLE \u00bb dont le si\u00e8ge social est situ\u00e9\n4 rue de Brunoy \u00e0 QUINCY SOUS SENART (91480), dirig\u00e9 par Monsieur\nPhilippe SASSON, biologiste responsable, exploit\u00e9 par la Soci\u00e9t\u00e9 d'Exercice Lib\u00e9ral par\nActions Simplifi\u00e9e \u00ab  LABORATOIRE DE BIOLOGIE MEDICALE SOMMEVILLE \u00bb\nsise 4, rue de Brunoy, 91480 QUINCY SOUS SENART, enregistr\u00e9e dans le fichier FINESS\nEJ sous le N\u00b0 91 001 980 1, est autoris\u00e9 \u00e0 fonctionner sous le n\u00b0 91-129 sur les sept sites\nlist\u00e9s ci-dessous :\n1. Le site QUINCY SOUS SENART si\u00e8ge social, site principal\n4, rue de Brunoy \u00e0 QUINCY SOUS SENART (91480)\nOuvert au public du lundi au vendredi de 7h \u00e0 17h30 et le samedi de 7h \u00e0 13h\nPratiquant les activit\u00e9s de biochimie (biochimie g\u00e9n\u00e9rale et sp\u00e9cialis\u00e9e),\nimmunologie-h\u00e9matologie (h\u00e9matocytologie, h\u00e9mostase), microbiologie\n(bact\u00e9riologie, parasitologie-mycologie, s\u00e9rologie infectieuse)\nN\u00b0 FINESS ET en cat\u00e9gorie 611 : 91 001 981 9\nAgence R\u00e9gionale de Sant\u00e9 - IDF-2025-07-24-00028 - Acte de d\u00e9claration n\u00b0 DOS - 2025 / 3570 portant fonctionnement du laboratoire\nde biologie m\u00e9dicale multisites \u00ab SOMMEVILLE \u00bb 18\n3\n2. Le site BRUNOY\n13, rue de la R\u00e9publique \u00e0 BRUNOY (91800)\nOuvert au public du lundi au vendredi de 7h \u00e0 17h30 et le samedi de 7h \u00e0 13h\nSite pr\u00e9-post analytique\nN\u00b0 FINESS ET en cat\u00e9gorie 611 : 91 001 982 7\n3. Le site COMBS LA VILLE\nRue Vaux la Reine \u00e0 COMBS LA VILLE (77380)\nOuvert au public du lundi au vendredi de 7h \u00e0 14h30 et le samedi de 7h \u00e0 13h\nSite pr\u00e9-post analytique\nN\u00b0 FINESS ET en cat\u00e9gorie 611 : 77 001 899 2\n4. Le site MOISSY CRAMAYEL\n251 avenue Philippe Bur \u00e0 MOISSY CRAMAYEL (77550)\nOuvert au public du lundi au vendredi de 7h \u00e0 17h30 et le samedi de 7h \u00e0 13h\nSite pr\u00e9-post analytique\nN\u00b0 FINESS ET en cat\u00e9gorie 611 : 77 001 900 8\n5. Le site MONTGERON\n174, avenue de la r\u00e9publique \u00e0 MONTGERON (91230)\nOuvert au public du lundi au vendredi de 7h \u00e0 14h et le samedi de 7h \u00e0 12h\nSite pr\u00e9-post analytique\nN\u00b0 FINESS ET en cat\u00e9gorie 611 : 91 001 983 5\n6. Le site YERRES\n49, rue de la Gare \u00e0 YERRES (91330)\nOuvert au public du lundi au vendredi de 7h \u00e0 17h30 et le samedi de 7h \u00e0 13h\nSite pr\u00e9-post analytique\nN\u00b0 FINESS ET en cat\u00e9gorie 611 : 91 001 984 3\n7. Le site SAINTE-GENEVIEVE-DES-BOIS\n76, avenue Gabriel P\u00e9ri \u00e0 SAINTE-GENEVIEVE-DES-BOIS (91700)\nOuvert au public du lundi au vendredi de 7h \u00e0 16h et le samedi de 7h30 \u00e0 12h\nSite pr\u00e9-post analytique\nN\u00b0 FINESS ET en cat\u00e9gorie 611 : 91 001 969 4\nLa liste des sept biologistes m\u00e9dicaux associ\u00e9s exer\u00e7ant au sein du laboratoire de biologie\nm\u00e9dicale SOMMEVILLE est la suivante :\n1. Monsieur Philippe SASSON, m\u00e9decin, biologiste-responsable, Pr\u00e9sident\n2. Madame Hourrya BADAOUI, pharmacien, biologiste associ\u00e9 exer\u00e7ant \u00e0 temps partiel\n4/5\u00e8me\n3. Madame Hafida MEZANI, pharmacien, biologiste associ\u00e9\n4. Monsieur Hicham BENTCHIKOU, m\u00e9decin, biologiste associ\u00e9\n5. Monsieur Ronny BOUTBOUL, m\u00e9decin, biologiste associ\u00e9\n6. Madame H\u00e9l\u00e8ne AUBRY-DAMON, m\u00e9decin, biologiste associ\u00e9e exer\u00e7ant \u00e0 temps\npartiel \u00e0 mi-temps\n7. Monsieur Louis GOURION pharmacien, biologiste salari\u00e9 exer\u00e7ant \u00e0 temps partiel\n\u00e0 mi-temps\nAgence R\u00e9gionale de Sant\u00e9 - IDF-2025-07-24-00028 - Acte de d\u00e9claration n\u00b0 DOS - 2025 / 3570 portant fonctionnement du laboratoire\nde biologie m\u00e9dicale multisites \u00ab SOMMEVILLE \u00bb 19\n4\nLa r\u00e9partition du capital social et des droits de vote de la SELAS\n\u00ab LABORATOIRE DE BIOLOGIE MEDICALE SOMMEVILLE \u00bb est la suivante :\nAssoci\u00e9s\nActions de\ncat\u00e9gorie \nO\nActions de \ncat\u00e9gorie P\nNombre \ntotal \nd'actions\nDroits \nde vote\nCapital \nen %\nDroits de \nvote en %\nHourrya BADAOUI 1 1 84 0,149 % 6,29 %\nHafida MEZANI 1 1 84 0,149 % 6,29 %\nPhilippe SASSON 2 2 168 0,298 % 12,57 %\nHicham \nBENTCHIKOU 1 1 84 0,149 % 6,29 %\nRonny BOUTBOUL 1 1 84 0,149 % 6,29 %\nH\u00e9l\u00e8ne AUBRY \nDAMON 1 1 84 0,149 % 6,29 %\nLouis GOURION 1 1 84 0,149 % 6,29 %\nSous-total Associ\u00e9s \nProfessionnels \nInternes\n8 8 672 1,19 % 50,31 %\nSELAS \u00ab GUEVALT \u00bb 664 664 98,81 % 49,70 %\nSous-total Associ\u00e9s \nProfessionnels \nExternes\n664 664 98,81 % 49,70 %\nTOTAL 664 672 100% 100%\nARTICLE 2e : L'arr\u00eat\u00e9 n\u00b0 DOS 2024/073 du 16 janvier 2024 portant autorisation de fonctionnement du\nlaboratoire de biologie m\u00e9dicale \u00ab LABORATOIRE DE BIOLOGIE MEDICALE SOMMEVILLE \u00bb\nsis 4, rue de Brunoy \u00e0 QUINCY SOUS SENART (91480) est abrog\u00e9, \u00e0 compter de la r\u00e9alisation\neffective des op\u00e9rations susvis\u00e9es.\nARTICLE 3e : Un recours contentieux contre le pr\u00e9sent acte peut \u00eatre form\u00e9 aupr\u00e8s du tribunal administratif\ncomp\u00e9tent. Le d\u00e9lai de recours est de deux mois \u00e0 compter de sa notification pour les int\u00e9ress\u00e9s\nou de sa publication pour les tiers.\nARTICLE 4e : Le Directeur du p\u00f4le Efficience de l'Agence r\u00e9gionale de sant\u00e9 d'Ile-de-France est charg\u00e9 de\nl'ex\u00e9cution du pr\u00e9sent acte qui sera publi\u00e9 au recueil des actes administratifs de la pr\u00e9fecture de\nla r\u00e9gion Ile-de-France.\nFait \u00e0 Saint-Denis,\nLe Directeur g\u00e9n\u00e9ral \nde l'Agence R\u00e9gionale de Sant\u00e9 \n\u00cele-de-France\nPar d\u00e9l\u00e9gation, le\n \nAgence R\u00e9gionale de Sant\u00e9 - IDF-2025-07-24-00028 - Acte de d\u00e9claration n\u00b0 DOS - 2025 / 3570 portant fonctionnement du laboratoire\nde biologie m\u00e9dicale multisites \u00ab SOMMEVILLE \u00bb 20\nAgence R\u00e9gionale de Sant\u00e9\nIDF-2025-07-28-00008\nArr\u00eat\u00e9 n\u00b02025/22 modifiant l'arr\u00eat\u00e9 n\u00b02025/18 du\n23 juin 2025 relatif \u00e0 la composition du \nComit\u00e9 de Protection des Personnes \u00ab\n\u00cele-de-France IV \u00bb\nAgence R\u00e9gionale de Sant\u00e9 - IDF-2025-07-28-00008 - Arr\u00eat\u00e9 n\u00b02025/22 modifiant l'arr\u00eat\u00e9 n\u00b02025/18 du 23 juin 2025 relatif \u00e0 la\ncomposition du \nComit\u00e9 de Protection des Personnes \u00ab \u00cele-de-France IV \u00bb\n21\nREPUBLIQUEFRANCAISELibert\u00e9Egalit\u00e9Fraternit\u00e9\nAr\u00a9 D Agence R\u00e9gionale de Sant\u00e9Ile-de-France\n  \n \nlig \nAGENCE R\u00c9GIONALE DE SANT\u00c9 \u00ceLE-DE-FRANCE \nARR\u00caT\u00c9 N\u00b02025/22 \nArr\u00eat\u00e9 modifiant l'arr\u00eat\u00e9 n\u00b02025/18 du 23 juin 2025 relatif \u00e0 la composition du  \nComit\u00e9 de Protection des Personnes \u00ab \u00cele-de-France IV \u00bb \n \n \nLE DIRECTEUR GENERAL DE L'AGENCE R\u00c9GIONALE DE SANT\u00c9 \u00ceLE-DE-FRANCE \n \n \nVu le code de la sant\u00e9 publique et notamment les articles L. 1123-1 et suivants ainsi que les \narticles R. 1123-1 et suivants; \nVu le d\u00e9cret du 10 avril 2024 portant nomination de Monsieur Denis ROBIN, Directeur g\u00e9n\u00e9ral \nde l'Agence r\u00e9gionale de sant\u00e9 d'\u00cele-de-France, \u00e0 compter du 29 avril 2024 ; \nVu l'arr\u00eat\u00e9 du 25 octobre 2021 fixant le r\u00e8glement int\u00e9rieur type des comit\u00e9s de protection des \npersonnes ; \nVu l'arr\u00eat\u00e9 minist\u00e9riel du 22 avril 2024 portant renouvellement de l'agr\u00e9ment des comit\u00e9s de \nprotection des personnes; \nVu l'arr\u00eat\u00e9 DS n\u00b0104/2024 du 18 juin 2024 portant d\u00e9l\u00e9gation \u00e0 Madame Marion BOUGEARD, \nDirectrice de la d\u00e9mocratie en sant\u00e9 et de la communication de l'Agence R\u00e9gionale de Sant\u00e9 \n\u00cele-de-France ; \nVu Le dossier de candidature de Mme Salma KOTTI, en qualit\u00e9 de personnes ayant une \nqualification et une exp\u00e9rience approfondie en mati\u00e8re de recherche impliquant la personne \nhumaine pour le premier coll\u00e8ge. \nVu Le dossier de candidature du Professeure Audrey GABELLE, en qualit\u00e9 de m\u00e9decin pour \nle premier coll\u00e8ge. \n \nARR\u00caT\u00c9 \nARTICLE 1 : \nSont nomm\u00e9s en tant que membre du comit\u00e9 de protection des personnes \u00ab \u00cele-de-France IV \u00bb \u00e0 \ncompter de la date de publication du pr\u00e9sent arr\u00eat\u00e9 : \nAu titre des 18 membres du premier coll\u00e8ge : \n\uf0b7 En qualit\u00e9 de personnes ayant une qualification et une exp\u00e9rience approfondie en mati\u00e8re de \nrecherche impliquant la personne humaine : \nMr B\u00e9la PAPP  \nMr Franck MOESCH \nMr Pierre-Andr\u00e9 NATELLA \nMme Salma KOTTI \n  \nAgence R\u00e9gionale de Sant\u00e9 - IDF-2025-07-28-00008 - Arr\u00eat\u00e9 n\u00b02025/22 modifiant l'arr\u00eat\u00e9 n\u00b02025/18 du 23 juin 2025 relatif \u00e0 la\ncomposition du \nComit\u00e9 de Protection des Personnes \u00ab \u00cele-de-France IV \u00bb\n22\nREPUBLIQUEFRANCAISELibert\u00e9Egalit\u00e9Fraternit\u00e9\nAr\u00a9 D Agence R\u00e9gionale de Sant\u00e9Ile-de-France\n  \n \no dont au moins quatre m\u00e9decins :  \n \nDr Edgardo CAROSELLA  \n \nPr Guilhem BOUSQUET \n \nPr Audrey GABELLE \n \nPr Julien DUMURGIER  \n \nDr David MICHONNEAU \no et dont au moins deux personnes qualifi\u00e9es en raison de leur comp\u00e9tence en mati\u00e8re de \nbiostatistique ou d'\u00e9pid\u00e9miologie : \nMr CHASSANY Olivier \n \nA d\u00e9signer \n\uf0b7 En qualit\u00e9 de m\u00e9decins sp\u00e9cialistes de m\u00e9decine g\u00e9n\u00e9rale : \nMme KLOUCHE Shahnaz A d\u00e9signer \n\uf0b7 En qualit\u00e9 de pharmaciens hospitaliers : \nMme LEHMANN Blandine  \n\uf0b7 En qualit\u00e9 d'auxiliaires m\u00e9dicaux : \nMme Carole FOUCAULT A d\u00e9signer \n \nAu titre des 18 membres du deuxi\u00e8me coll\u00e8ge : \n\uf0b7 En qualit\u00e9 de personnes qualifi\u00e9es en raison de leur comp\u00e9tence \u00e0 l'\u00e9gard des questions \nd'\u00e9thique : \nA d\u00e9signer A d\u00e9signer \n \n\uf0b7 En qualit\u00e9 de personnes qualifi\u00e9es en raison de leur comp\u00e9tence en sciences humaines ou \nsociales ou de leur exp\u00e9rience dans le domaine de l'action sociale : \nA d\u00e9signer A d\u00e9signer \nMr BORAND Marc A d\u00e9signer \n  \nAgence R\u00e9gionale de Sant\u00e9 - IDF-2025-07-28-00008 - Arr\u00eat\u00e9 n\u00b02025/22 modifiant l'arr\u00eat\u00e9 n\u00b02025/18 du 23 juin 2025 relatif \u00e0 la\ncomposition du \nComit\u00e9 de Protection des Personnes \u00ab \u00cele-de-France IV \u00bb\n23\nREPUBLIQUEFRANCAISELibert\u00e9Egalit\u00e9Fraternit\u00e9\nAr\u00a9 D Agence R\u00e9gionale de Sant\u00e9Ile-de-France\n  \n \n\uf0b7 En qualit\u00e9 de personnes qualifi\u00e9es en raison de leur comp\u00e9tence en mati\u00e8re juridique  \nMme MASCRET Caroline \nMr VANRIETVELDE Thibaut \nA d\u00e9signer  \nA d\u00e9signer \n\uf0b7 En qualit\u00e9 de repr\u00e9sentants des associations agr\u00e9\u00e9es conform\u00e9ment aux dispositions de \nl'article L 1114-1 du code de la sant\u00e9 publique : \nMme TROUGOUBOFF Martine \nMme BERNARD-HARLAUT Micheline \nMme VRILLON B\u00e9atrice \nA d\u00e9signer  \nA d\u00e9signer  \nA d\u00e9signer \n \n \nARTICLE 2 : Mme KLOUCHE Shahnaz est d\u00e9sign\u00e9e parmi ces 36 membres comme personne qualifi\u00e9e \nen mati\u00e8re de protection des donn\u00e9es conform\u00e9ment \u00e0 l'article L.1123-7. \n \nARTICLE 3 : Le mandat des membres est de trois ans renouvelable et prend fin au terme de l'agr\u00e9ment \ndu comit\u00e9. Conform\u00e9ment aux prescriptions de l'article R. 1123-8 du code de la sant\u00e9 publique, en cas \nde vacance d'un si\u00e8ge survenant en cours de mandat, le remplacement intervient dans les m\u00eames \nconditions que la nomination pour la dur\u00e9e du mandat restant \u00e0 courir. \nARTICLE 4 : Le pr\u00e9sent arr\u00eat\u00e9 peut faire l'objet d'un recours contentieux devant le tribunal administratif \ncomp\u00e9tent dans un d\u00e9lai de deux mois \u00e0 compter de sa notification aux personnes concern\u00e9es ou de \nsa publication au recueil des actes administratifs pour les tiers. Cette juridiction peut notamment \u00eatre \nsaisie via une requ\u00eate remise ou envoy\u00e9e au greffe du tribunal administratif ou aussi par l'application \nT\u00e9l\u00e9recours citoyens accessible \u00e0 partir du site www.telerecours.fr. \nARTICLE 5 : l'arr\u00eat\u00e9 de nomination n\u00b02025/18 du 23 juin 2025 est abrog\u00e9. \nARTICLE 6 : Le directeur g\u00e9n\u00e9ral de l'Agence r\u00e9gionale de sant\u00e9 est charg\u00e9 de l'ex\u00e9cution du pr\u00e9sent \narr\u00eat\u00e9 qui sera publi\u00e9 au recueil des actes administratifs de la pr\u00e9fecture de r\u00e9gion Ile-de-France. \n \n \n Fait \u00e0 Saint-Denis, le 28 juillet 2025 \n \n Le Directeur G\u00e9n\u00e9ral  \n de l'Agence r\u00e9gionale de sant\u00e9  \n \u00cele-de-France \n \n Denis ROBIN \n \n Et par d\u00e9l\u00e9gation \n  \n \n \n p/o Corentine NEPPEL \n Directrice adjointe en charge de la \n D\u00e9mocratie en sant\u00e9 et du PRS \nAgence R\u00e9gionale de Sant\u00e9 - IDF-2025-07-28-00008 - Arr\u00eat\u00e9 n\u00b02025/22 modifiant l'arr\u00eat\u00e9 n\u00b02025/18 du 23 juin 2025 relatif \u00e0 la\ncomposition du \nComit\u00e9 de Protection des Personnes \u00ab \u00cele-de-France IV \u00bb\n24\nAgence R\u00e9gionale de Sant\u00e9\nIDF-2025-07-28-00009\nArr\u00eat\u00e9 n\u00b02025/24 modifiant l'arr\u00eat\u00e9 n\u00b02025/14 du\n07 avril 2025 relatif \u00e0 la composition du Comit\u00e9\nde Protection des Personnes \u00ab \u00cele-de-France V \u00bb\nAgence R\u00e9gionale de Sant\u00e9 - IDF-2025-07-28-00009 - Arr\u00eat\u00e9 n\u00b02025/24 modifiant l'arr\u00eat\u00e9 n\u00b02025/14 du 07 avril 2025 relatif \u00e0 la\ncomposition du Comit\u00e9 de Protection des Personnes \u00ab \u00cele-de-France V \u00bb 25\nREPUBLIQUEFRANCAISELibert\u00e9Egalit\u00e9Fraternit\u00e9\nAr\u00a9 D Agence R\u00e9gionale de Sant\u00e9Ile-de-France\n  \n \n \nAGENCE R\u00c9GIONALE DE SANT\u00c9 \u00ceLE-DE-FRANCE \nARR\u00caT\u00c9 N\u00b02025/24 \nArr\u00eat\u00e9 modifiant l'arr\u00eat\u00e9 n\u00b02025/14 du 07 avril 2025 relatif \u00e0 la composition du  \nComit\u00e9 de Protection des Personnes \u00ab \u00cele-de-France V \u00bb \n \n \nLE DIRECTEUR GENERAL DE L'AGENCE R\u00c9GIONALE DE SANT\u00c9 \u00ceLE-DE-FRANCE \n \n \nVu le code de la sant\u00e9 publique et notamment les articles L. 1123-1 et suivants ainsi que les \narticles R. 1123-1 et suivants; \nVu le d\u00e9cret du 10 avril 2024 portant nomination de Monsieur Denis ROBIN, Directeur g\u00e9n\u00e9ral \nde l'Agence r\u00e9gionale de sant\u00e9 d'\u00cele-de-France, \u00e0 compter du 29 avril 2024 ; \nVu l'arr\u00eat\u00e9 du 25 octobre 2021 fixant le r\u00e8glement int\u00e9rieur type des comit\u00e9s de protection des \npersonnes ; \nVu l'arr\u00eat\u00e9 minist\u00e9riel du 22 avril 2024 portant renouvellement de l'agr\u00e9ment des comit\u00e9s de \nprotection des personnes; \nVu l'arr\u00eat\u00e9 DS n\u00b0104/2024 du 18 juin 2024 portant d\u00e9l\u00e9gation \u00e0 Madame Marion BOUGEARD, \nDirectrice de la d\u00e9mocratie en sant\u00e9 et de la communication de l'Agence R\u00e9gionale de Sant\u00e9 \n\u00cele-de-France ; \nVu Le dossier de candidature du Professeur Alain SAUTET en qualit\u00e9 de personne ayant une \nqualification et une exp\u00e9rience approfondie en mati\u00e8re de recherche impliquant la personne \nhumaine pour le premier coll\u00e8ge. \n \nARR\u00caT\u00c9 \nARTICLE 1 : \nSont nomm\u00e9s en tant que membre du comit\u00e9 de protection des personnes \u00ab \u00cele-de-France V \u00bb \u00e0 \ncompter de la date de publication du pr\u00e9sent arr\u00eat\u00e9 : \nAu titre des 18 membres du premier coll\u00e8ge : \n\uf0b7 En qualit\u00e9 de personnes ayant une qualification et une exp\u00e9rience approfondie en mati\u00e8re de \nrecherche impliquant la personne humaine : \nMme Delphine FELDMANN A d\u00e9signer \no dont au moins quatre m\u00e9decins :  \nPr Jean-Jacques BOFFA  \nDr Jacques BOUILLIE  \nDr Bruno DONADILLE  \nPr Alain SAUTET \nAgence R\u00e9gionale de Sant\u00e9 - IDF-2025-07-28-00009 - Arr\u00eat\u00e9 n\u00b02025/24 modifiant l'arr\u00eat\u00e9 n\u00b02025/14 du 07 avril 2025 relatif \u00e0 la\ncomposition du Comit\u00e9 de Protection des Personnes \u00ab \u00cele-de-France V \u00bb 26\nREPUBLIQUEFRANCAISELibert\u00e9Egalit\u00e9Fraternit\u00e9\nAr\u00a9 D Agence R\u00e9gionale de Sant\u00e9Ile-de-France\n  \n \no et dont au moins deux personnes qualifi\u00e9es en raison de leur comp\u00e9tence en mati\u00e8re de \nbiostatistique ou d'\u00e9pid\u00e9miologie : \nMme B\u00e9reng\u00e8re COUTURIER \n \nA d\u00e9signer \n\uf0b7 En qualit\u00e9 de m\u00e9decins sp\u00e9cialistes de m\u00e9decine g\u00e9n\u00e9rale : \nDr Simone RADENNE  Dr Olivier TAULERA \n\uf0b7 En qualit\u00e9 de pharmaciens hospitaliers : \nDr Anne DAGUENEL-NGUYEN  Dr Fran\u00e7oise BERGIER DESCOMBES \n\uf0b7 En qualit\u00e9 d'auxiliaires m\u00e9dicaux : \nMme Elisabeth LAMBERT-GENESTE  A d\u00e9signer \n \nAu titre des 18 membres du deuxi\u00e8me coll\u00e8ge : \n\uf0b7 En qualit\u00e9 de personnes qualifi\u00e9es en raison de leur comp\u00e9tence \u00e0 l'\u00e9gard des questions \nd'\u00e9thique : \nA d\u00e9signer A d\u00e9signer \n \n\uf0b7 En qualit\u00e9 de personnes qualifi\u00e9es en raison de leur comp\u00e9tence en sciences humaines ou \nsociales ou de leur exp\u00e9rience dans le domaine de l'action sociale : \nMme Annie KURTZ  \nMme Camille GUYOMARD \n \nA d\u00e9signer  \nA d\u00e9signer \n \n \n \n\uf0b7 En qualit\u00e9 de personnes qualifi\u00e9es en raison de leur comp\u00e9tence en mati\u00e8re juridique  \nM Ma\u00ebl BERTHO  \nMme Emma POIROT  \nMme Marine TABARY  \nM Hamid MASSOUM \n  \nAgence R\u00e9gionale de Sant\u00e9 - IDF-2025-07-28-00009 - Arr\u00eat\u00e9 n\u00b02025/24 modifiant l'arr\u00eat\u00e9 n\u00b02025/14 du 07 avril 2025 relatif \u00e0 la\ncomposition du Comit\u00e9 de Protection des Personnes \u00ab \u00cele-de-France V \u00bb 27\nREPUBLIQUEFRANCAISELibert\u00e9Egalit\u00e9Fraternit\u00e9\nAr\u00a9 D Agence R\u00e9gionale de Sant\u00e9Ile-de-France\n  \n \n\uf0b7 En qualit\u00e9 de repr\u00e9sentants des associations agr\u00e9\u00e9es conform\u00e9ment aux dispositions de \nl'article L 1114-1 du code de la sant\u00e9 publique : \n \nM Lo\u00efc COUDRAY  \nM Patrice CHAUVEL  \nMme Christine GAURON  \n \nMme Elisabeth HERAIL  \nMme Fran\u00e7ois WELLHOF  \nA d\u00e9signer \n \n \nARTICLE 2 : Mme Marine TABARY est d\u00e9sign\u00e9e parmi ces 36 membres comme personne qualifi\u00e9e \nen mati\u00e8re de protection des donn\u00e9es conform\u00e9ment \u00e0 l'article L.1123-7. \n \n \nARTICLE 3 : Le mandat des membres est de trois ans renouvelable et prend fin au terme de l'agr\u00e9ment \ndu comit\u00e9. Conform\u00e9ment aux prescriptions de l'article R. 1123-8 du code de la sant\u00e9 publique, en cas \nde vacance d'un si\u00e8ge survenant en cours de mandat, le remplacement intervient dans les m\u00eames \nconditions que la nomination pour la dur\u00e9e du mandat restant \u00e0 courir. \nARTICLE 4 : Le pr\u00e9sent arr\u00eat\u00e9 peut faire l'objet d'un recours contentieux devant le tribunal administratif \ncomp\u00e9tent dans un d\u00e9lai de deux mois \u00e0 compter de sa notification aux personnes concern\u00e9es ou de \nsa publication au recueil des actes administratifs pour les tiers. Cette juridiction peut notamment \u00eatre \nsaisie via une requ\u00eate remise ou envoy\u00e9e au greffe du tribunal administratif ou aussi par l'application \nT\u00e9l\u00e9recours citoyens accessible \u00e0 partir du site www.telerecours.fr. \nARTICLE 5 : l'arr\u00eat\u00e9 de nomination n\u00b02025/14 du 07 avril 2025 est abrog\u00e9. \nARTICLE 6 : Le directeur g\u00e9n\u00e9ral de l'Agence r\u00e9gionale de sant\u00e9 est charg\u00e9 de l'ex\u00e9cution du pr\u00e9sent \narr\u00eat\u00e9 qui sera publi\u00e9 au recueil des actes administratifs de la pr\u00e9fecture de r\u00e9gion Ile-de-France. \n \n \n Fait \u00e0 Saint-Denis, le 28 juillet 2025 \n \n Le Directeur G\u00e9n\u00e9ral  \n de l'Agence r\u00e9gionale de sant\u00e9  \n \u00cele-de-France \n \n Denis ROBIN \n \n Et par d\u00e9l\u00e9gation \n \n \n \n \n \n \n p/o Corentine NEPPEL \n Directrice adjointe en charge de la \n D\u00e9mocratie en sant\u00e9 et du PRS \nAgence R\u00e9gionale de Sant\u00e9 - IDF-2025-07-28-00009 - Arr\u00eat\u00e9 n\u00b02025/24 modifiant l'arr\u00eat\u00e9 n\u00b02025/14 du 07 avril 2025 relatif \u00e0 la\ncomposition du Comit\u00e9 de Protection des Personnes \u00ab \u00cele-de-France V \u00bb 28\nDirection r\u00e9gionale et interd\u00e9partementale de\nl'\u00e9conomie, de l'emploi, du travail et des\nsolidarit\u00e9s d'\u00cele-de-France\nIDF-2025-08-01-00008\nD\u00e9cision n\u00b0 2025-130 du 1er ao\u00fbt 2025\nportant affectation des agents de contr\u00f4le dans\nles unit\u00e9s de contr\u00f4le et gestion des int\u00e9rims de\nl'unit\u00e9 d\u00e9partementale de la Seine-Saint-Denis\nde la DRIEETS d'\u00cele-de-France\nDirection r\u00e9gionale et interd\u00e9partementale de l'\u00e9conomie, de l'emploi, du travail et des solidarit\u00e9s d'\u00cele-de-France -\nIDF-2025-08-01-00008 - D\u00e9cision n\u00b0 2025-130 du 1er ao\u00fbt 2025\nportant affectation des agents de contr\u00f4le dans les unit\u00e9s de contr\u00f4le et gestion des int\u00e9rims de l'unit\u00e9 d\u00e9partementale de la\nSeine-Saint-Denis\nde la DRIEETS d'\u00cele-de-France\n29\nMINISTEREDU TRAVAIL, DE LA SANTE,DES SOLIDARITESET DES FAMILLESLibert\u00e9\u00c9galit\u00e9Fraternit\u00e9\n \n \nDRIEETS d'\u00cele-de-France  \n21 rue Madeleine Vionnet  \n93 300 AUBERVILLIERS                                                                                                                                                                                                           \n \nDirection r\u00e9gionale et interd\u00e9partementale \nde l'\u00e9conomie, de l'emploi, \ndu travail et des solidarit\u00e9s \n  \n \n \n \n \nD\u00e9cision n\u00b0 2025-130   du 1er ao\u00fbt 2025 \nportant affectation des agents de contr\u00f4le dans les unit\u00e9s de contr\u00f4le  \net gestion des int\u00e9rims de l'unit\u00e9 d\u00e9partementale de la Seine-Saint-Denis \nde la DRIEETS d'\u00cele-de-France \n \n \nLe Directeur r\u00e9gional et interd\u00e9partemental de l'\u00e9conomie, de l'emploi, du travail et des solidarit\u00e9s \nd'\u00cele-de-France, \n \nVu le code du travail, notamment ses articles R 8122-1 et suivants ;  \n \nVu l'arr\u00eat\u00e9 interminist\u00e9riel du 20 mars 2025 nommant Marc ROHFRITSCH directeur r\u00e9gional et \ninterd\u00e9partemental de l'\u00e9conomie, de l'emploi, du travail et des solidarit\u00e9s d'\u00cele -de-France par \nint\u00e9rim \u00e0 compter du 1er avril 2025 ; \n \nVu l'arr\u00eat\u00e9 minist\u00e9riel du 25 mars 2024 portant r\u00e9partition des unit\u00e9s de contr \u00f4le de l'inspection \ndu travail ; \n \nVu la d\u00e9cision n\u00b0 2021 -28 du 1 er avril 2021 du directeur r\u00e9gional et interd\u00e9partemental de \nl'\u00e9conomie, de l'emploi, du travail et des solidarit\u00e9s d'Ile de France relative \u00e0 la localisation et \u00e0 la \nd\u00e9limitation des unit\u00e9s de contr\u00f4le et des sections d'inspection du travail de l'unit\u00e9 \nd\u00e9partementale de Seine-Saint-Denis ; \n \n \nD\u00c9CIDE : \n \n \nArticle 1 : Sont nomm\u00e9s comme responsables des unit\u00e9s de contr\u00f4le de l'unit\u00e9 d\u00e9partementale de \nla Seine-Saint-Denis, les agents suivants :  \n \nUnit\u00e9 de contr\u00f4le n\u00b0 1 : Madame Linda ABERKAN, directrice adjointe du travail \nUnit\u00e9 de contr\u00f4le n\u00b0 2 : Madame Elodie GIRON, directrice adjointe du travail   \nUnit\u00e9 de contr\u00f4le n\u00b0 3 : Madame Lynda KEHILA, directrice adjointe du travail \nUnit\u00e9 de contr\u00f4le n\u00b0 4 :  Madame St\u00e9phanie CARRASSET, directrice adjointe du travail,  \nUnit\u00e9 de contr\u00f4le n\u00b0 5 : Madame Ingrid BURGUNDER, directrice adjointe du travail \n \nSans pr\u00e9judice des attributions des agents de contr\u00f4le affect\u00e9s en section, ils exercent une mission \nde contr\u00f4le en appui \u00e0 toutes les sections d'inspection et \u00e0 titre principal aux sections de l'unit\u00e9 \ndont ils ont la responsabilit\u00e9. \n \n \nArticle 2 : Sont affect\u00e9s dans les sections d'inspection de l'unit\u00e9 d\u00e9partementale de la Seine-Saint-\nDenis, les agents de contr\u00f4le, charg\u00e9s des actions d'inspection de la l\u00e9gislation du travail dans les \nentreprises, dont les noms suivent : \n \nDirection r\u00e9gionale et interd\u00e9partementale de l'\u00e9conomie, de l'emploi, du travail et des solidarit\u00e9s d'\u00cele-de-France -\nIDF-2025-08-01-00008 - D\u00e9cision n\u00b0 2025-130 du 1er ao\u00fbt 2025\nportant affectation des agents de contr\u00f4le dans les unit\u00e9s de contr\u00f4le et gestion des int\u00e9rims de l'unit\u00e9 d\u00e9partementale de la\nSeine-Saint-Denis\nde la DRIEETS d'\u00cele-de-France\n30\n \n \n2 / 4 \n \n \nUnit\u00e9 de contr\u00f4le n\u00b0 1  \n \nSection 1-1 : Madame Sophie LE QUERE, inspectrice du travail \n \nSection 1-2 : Monsieur Camille DIQUAS, inspecteur du travail  \n \nSection 1-3 : Madame Julia INZOUDINE, inspectrice du travail, en cas d'absence ou d'emp\u00eachement \nde Madame Julia INZOUDINE, l'int\u00e9rim est assur\u00e9 par Madame Linda ABERKAN, directrice adjointe \ndu travail \n \nSection 1-4 : Monsieur St\u00e9phane DUPOMMIER, inspecteur du travail  \n \nSection 1-5 : Madame Linda ABERKAN, directrice adjointe du travail  \n \nSection 1-6 : Monsieur Jonathan KLUR, inspecteur du travail \n \nSection 1-7 : Madame C\u00e9cile DRILLEAU, inspectrice du travail \n \nSection 1-8 : Madame St\u00e9phanie DESPLAN, inspectrice du travail \n \n \nUnit\u00e9 de contr\u00f4le n\u00b0 2  \n \nSection 2-1 :  Madame Amanda AMATE, inspectrice du travail \n \nSection 2-2 : Monsieur Ludovic LESCURE, directeur adjoint du travail \n \nSection 2-3 :  Madame Manon JOUGLET, inspectrice du travail  \n \nSection 2-4 : Madame Isabelle LAGARDE, inspectrice du travail \n \nSection 2-5 : Poste vacant, l'int\u00e9rim est assur\u00e9 par Madame Isabelle LAGARDE, inspectrice du travail \n\u00e0 l'exception des \u00e9tablissements ADEF RESIDENCES - ADEF LA MAISON DU POMMIER POURPRE  \n(Siret 323 649 525 00504) et ADEF RESIDENCES - ADEF RESIDENCES LA MAISON DU LAURIER NOBLE \n(Siret 323 649 525 00306) pour lesquels la comp\u00e9tence est attribu\u00e9e \u00e0 Monsieur Othman VARGAS, \ninspecteur du travail \n \nSection 2-6 : Monsieur Nicolas PIREZ, inspecteur du travail \n \nSection 2-7 : Madame Olivia DOLIBEAU, inspectrice du travail \n \nSection 2-8 : Monsieur Flavien CHAILLEUX, inspecteur du travail \n \nSection 2-9 : Madame Camille PERRODIN, inspectrice du travail   \n \nSection 2-10 : Monsieur Othman VARGAS, inspecteur du travail \n \nSection 2-11 : Monsieur Vincent BOUYX, inspecteur du travail  \n \nSection 2-12 : Madame Madison FLUCHER, inspectrice du travail \n \n \nDirection r\u00e9gionale et interd\u00e9partementale de l'\u00e9conomie, de l'emploi, du travail et des solidarit\u00e9s d'\u00cele-de-France -\nIDF-2025-08-01-00008 - D\u00e9cision n\u00b0 2025-130 du 1er ao\u00fbt 2025\nportant affectation des agents de contr\u00f4le dans les unit\u00e9s de contr\u00f4le et gestion des int\u00e9rims de l'unit\u00e9 d\u00e9partementale de la\nSeine-Saint-Denis\nde la DRIEETS d'\u00cele-de-France\n31\n \n \n3 / 4 \n \nUnit\u00e9 de contr\u00f4le n\u00b0 3 \n \nSection 3-1 : Madame L\u00e9na PERTUY, inspectrice du travail  \n \nSection 3-2 : Monsieur Mathieu MARQUET,  inspecteur du travail , en cas d'absence ou \nd'emp\u00eachement de Monsieur Mathieu MARQUET, l'int\u00e9rim est assur\u00e9 par Madame Sandrine POUET, \ninspectrice du travail  jusqu'au 10 ao\u00fbt 2025 inclus puis par Madame L\u00e9na PERTUY, inspectrice du \ntravail  \n \nSection 3-3 : Madame Asma\u00e2 EL JERRARI, inspectrice du travail  \n \nSection 3-4 : Madame Delphine GUYOMARCH, inspectrice du travail  \n \nSection 3-5 : Monsieur Simon CADY, inspecteur du travail \n \nSection 3-6 : Madame Lila RABESON, inspectrice du travail \n \nSection 3-7 : Madame Sandrine POUET, inspectrice du travail \n \nSection 3-8 : Monsieur Toufik DAHMANI, inspecteur du travail  \n \nSection 3-9 : Monsieur Samir ROCHDI, inspecteur du travail \n \nSection 3-10 : Monsieur Marc DE MAGALHAES, inspecteur du travail  \n \nSection 3-11 : Monsieur Pierre VILLERET, inspecteur du travail \n \n \nUnit\u00e9 de contr\u00f4le n\u00b0 4  \n \nSection 4-1 : Madame Charline MAINGUY, inspectrice du travail  \n \nSection 4-2 : Madame Julie COURT, directrice adjointe du travail \n \nSection 4-3 : Monsieur Eddy TALBOT, inspecteur du travail  \n \nSection 4-4 : Poste vacant, l'int\u00e9rim est assur\u00e9 par Monsieur Samir ROCHDI, inspecteur du travail, \u00e0 \nl'exception des \u00e9tablissements CAISSE D'ALLOCATIONS FAMILIALES DE SEINE-SAINT-DENIS (Siret \n380 980 300 000 95 ) et B5 GROUP (Siret 980 666 226 000 17 ) pour lesquels la comp\u00e9tence est \nattribu\u00e9e \u00e0 Monsieur Eddy TALBOT, inspecteur du travail \n \nSection 4-5 : Madame Fatiha EL KHADDARI, directrice adjointe du travail \n \nSection 4-6 : Madame Marie GAILLARD MARTIN, inspectrice du travail  \n \nSection 4-7 : Monsieur Fran\u00e7ois LE FLOCH, inspecteur du travail  \n \nSection 4-8 : Monsieur Nabil EL KHANTACHE, inspecteur du travail  \n \nSection 4-9 : Madame Nadine TETRON, inspectrice du travail  \n \nSection 4-10 : Madame Hanaline BREL, inspectrice du travail  \n \nDirection r\u00e9gionale et interd\u00e9partementale de l'\u00e9conomie, de l'emploi, du travail et des solidarit\u00e9s d'\u00cele-de-France -\nIDF-2025-08-01-00008 - D\u00e9cision n\u00b0 2025-130 du 1er ao\u00fbt 2025\nportant affectation des agents de contr\u00f4le dans les unit\u00e9s de contr\u00f4le et gestion des int\u00e9rims de l'unit\u00e9 d\u00e9partementale de la\nSeine-Saint-Denis\nde la DRIEETS d'\u00cele-de-France\n32\n \n \n4 / 4 \n \n \nUnit\u00e9 de contr\u00f4le n\u00b0 5  \n \nSection 5-1 : Monsieur Fr\u00e9d\u00e9ric RAKOTONIAINA, inspecteur du travail \n \nSection 5-2 : Monsieur Jules GRENET, inspecteur du travail \n \nSection 5-3 : Monsieur Vincent BOUZRAR, directeur adjoint du travail \n \nSection 5-4 : Monsieur Jean GIRAUD, inspecteur du travail \n \nSection 5-5 : Madame Ga\u00eblle BORDAS, directrice adjointe du travail \n \nSection 5-6 : Madame Ingrid LEFEBVRE-LEJEUNE, inspectrice du travail \n \nSection 5-7 : Madame Laure FOGHA-YOUMSI, inspectrice du travail  \n \nSection 5-8 : Monsieur Laurent COQUEL, inspecteur du travail  \n \nSection 5-9 : Madame Ingrid BURGUNDER, directrice adjointe du travail  \n \n \nArticle 3  \n \nEn cas d'absence ou d'emp\u00eachement d'un agent de contr\u00f4le, l'int\u00e9rim est assur\u00e9, \u00e0 titre principal, \npar un agent de contr\u00f4le affect\u00e9 dans la m\u00eame unit\u00e9 de contr\u00f4le ou, lorsque les circonstances le \nn\u00e9cessitent, par un agent de contr\u00f4le affect\u00e9 sur l'une des autres unit\u00e9s de contr\u00f4le de la Seine -\nSaint-Denis. \n \n \nArticle 4  \n \nLa pr\u00e9sente d\u00e9cision prend effet \u00e0 sa date de publication. \n \nLa d\u00e9cision n\u00b0 2025- 123 du 04 juillet 2025 portant affectation des agents de contr\u00f4le dans les unit\u00e9s \nde contr\u00f4le et gestion des int\u00e9rims de l'unit\u00e9 d\u00e9partementale de la Seine-Saint-Denis de la DRIEETS \nd'\u00cele-de-France est abrog\u00e9e. \n \n \nArticle 5  \n \nLe Directeur r\u00e9gional et interd\u00e9partemental de l'\u00e9conomie, de l'emploi, du travail et des solidarit\u00e9s \nd'Ile-de-France est charg\u00e9 de l'application de la pr\u00e9sente d\u00e9cision, qui sera publi\u00e9e au recueil des \nactes administratifs de la r\u00e9gion \u00cele-de-France.  \n \nFait \u00e0 Aubervilliers, le 1er ao\u00fbt 2025 \n \nLe Directeur r\u00e9gional et interd\u00e9partemental  \nde l'\u00e9conomie, de l'emploi, du travail  \net des solidarit\u00e9s par int\u00e9rim,  \n        SIGN\u00c9 \n \nMarc ROHFRITSCH \nDirection r\u00e9gionale et interd\u00e9partementale de l'\u00e9conomie, de l'emploi, du travail et des solidarit\u00e9s d'\u00cele-de-France -\nIDF-2025-08-01-00008 - D\u00e9cision n\u00b0 2025-130 du 1er ao\u00fbt 2025\nportant affectation des agents de contr\u00f4le dans les unit\u00e9s de contr\u00f4le et gestion des int\u00e9rims de l'unit\u00e9 d\u00e9partementale de la\nSeine-Saint-Denis\nde la DRIEETS d'\u00cele-de-France\n33\nDirection r\u00e9gionale et interd\u00e9partementale de\nl'\u00e9conomie, de l'emploi, du travail et des\nsolidarit\u00e9s d'\u00cele-de-France\nIDF-2025-08-01-00005\nD\u00e9cision n\u00b0 2025-131 du 1er ao\u00fbt 2025\nportant affectation des agents de contr\u00f4le dans\nles unit\u00e9s de contr\u00f4le et gestion des int\u00e9rims de\nla direction d\u00e9partementale de l'emploi, du\ntravail et des solidarit\u00e9s de Seine-et-Marne \nDirection r\u00e9gionale et interd\u00e9partementale de l'\u00e9conomie, de l'emploi, du travail et des solidarit\u00e9s d'\u00cele-de-France -\nIDF-2025-08-01-00005 - D\u00e9cision n\u00b0 2025-131 du 1er ao\u00fbt 2025\nportant affectation des agents de contr\u00f4le dans les unit\u00e9s de contr\u00f4le et gestion des int\u00e9rims de la direction d\u00e9partementale de\nl'emploi, du travail et des solidarit\u00e9s de Seine-et-Marne \n34\nE 3MINIST\u00c8RE ;DU TRAVAIL, DE LA SANTE,DES SOLIDARITESET DES FAMILLESLibert\u00e9Egalit\u00e9Fraternit\u00e9\n \nDRIEETS d'Ile de France \n21 rue Madeleine Vionnet \n93300 AUBERVILLIERS                                                                                                                                                                                                                   1 / 4 \n \n  \nDirection r\u00e9gionale et interd\u00e9partementale \nde l'\u00e9conomie, de l'emploi, \ndu travail et des solidarit\u00e9s \nd'Ile de France \n \n \n \n \n \nD\u00e9cision n\u00b0 2025-131 du 1er ao\u00fbt 2025 \nportant affectation des agents de contr\u00f4le dans les unit\u00e9s de contr\u00f4le et gestion des int\u00e9rims de la \ndirection d\u00e9partementale de l'emploi, du travail et des solidarit\u00e9s de Seine -et-Marne \n \n \n \nLe directeur r\u00e9gional de l'\u00e9conomie, de l'emploi, du travail et des solidarit\u00e9s de la r\u00e9gion Ile-de-France par int\u00e9rim \n \nVu le code du travail, notamment ses articles R. 8122-1 et suivants.  \n \nVu le d\u00e9cret n\u00b0 2020 -1545 du 9 d\u00e9cembre 2020 relatif \u00e0 l'organisation et aux missions des directions r\u00e9gionales \nde l'\u00e9conomie, de l'emploi, du travail et des solidarit\u00e9s, des directions d\u00e9partementales de l'emploi, du travail et \ndes solidarit\u00e9s et des directi ons d\u00e9partementales de l'emploi, du travail, des solidarit\u00e9s et de la protection des \npopulations, \n \nVu l'arr\u00eat\u00e9 interminist\u00e9riel du 20 mars 2025 nommant Marc ROHFRITSCH directeur r\u00e9gional et \ninterd\u00e9partemental de l'\u00e9conomie, de l'emploi, du travail et des solidarit\u00e9s d'\u00cele-de-France par int\u00e9rim, \u00e0 compter \ndu 1er avril 2025, \n \nVu l'arr\u00eat\u00e9 minist\u00e9riel du 25 mars 2024 portant cr\u00e9ation et r\u00e9partition des unit\u00e9s de contr\u00f4le de l'inspection du \ntravail,  \n \nVu la d\u00e9cision n\u00b0 2023-193 du 26 d\u00e9cembre 2023 du directeur r\u00e9gional et interd\u00e9partemental de l'\u00e9conomie, de \nl'emploi, du travail et des solidarit\u00e9s d'Ile -de-France relative \u00e0 la localisation et \u00e0 la d\u00e9limitation des unit\u00e9s de \ncontr\u00f4le et des sections d'inspection du travail de la direction d\u00e9partementale de l'emploi, du travail et des \nsolidarit\u00e9s de Seine et Marne, \n \nD\u00c9CIDE \n \nArticle 1er :  \n \nSans pr\u00e9judice des dispositions de l'article R.8122 -10 du code du travail et conform\u00e9ment aux dispositions de \nl'article R.8122-11 du code du travail, sont affect\u00e9s dans les sections d'inspection de la direction d\u00e9partementale \nde l'emploi, du travail et des solidarit\u00e9s de Seine et Marne les agents suivants : \nUnit\u00e9 de contr\u00f4le N\u00b0 1  \nsise 3 rue de la Galmy CS 10582 77701 Marne la Vall\u00e9e Cedex 4 \n \nResponsable de l'unit\u00e9 de contr\u00f4le : Monsieur Jean-Baptiste LY VAN TU, Directeur adjoint du travail  \n \nSection 1-01 A : Madame Pauline LEFEVRE, Inspectrice du travail \n \nSection 1-02 : Madame Laetitia HENNOUS, Inspectrice du travail \n \nSection 1-03 : Madame Ellouna BENELMOUFFOK, Inspectrice du travail \n \nSection 1-04 : Madame Nolwenn LE YOUDEC, Inspectrice du travail \nDirection r\u00e9gionale et interd\u00e9partementale de l'\u00e9conomie, de l'emploi, du travail et des solidarit\u00e9s d'\u00cele-de-France -\nIDF-2025-08-01-00005 - D\u00e9cision n\u00b0 2025-131 du 1er ao\u00fbt 2025\nportant affectation des agents de contr\u00f4le dans les unit\u00e9s de contr\u00f4le et gestion des int\u00e9rims de la direction d\u00e9partementale de\nl'emploi, du travail et des solidarit\u00e9s de Seine-et-Marne \n35\n \n2 / 4 \n \nSection 1-05 TF et Fl : Madame Juliette MATHIEU, Inspectrice du travail \n \nSection 1-06 : Monsieur Alexis COSTES, Inspecteur du travail  \n \nSection 1-07 : Mme Aur\u00e9lie BELLENGER, Inspectrice du travail \n \nSection 1-08 TR : Monsieur Karim BOURAS, Inspecteur du travail \n \nEn cas d'absence ou d'emp\u00eachement de Monsieur Karim BOURAS, l'int\u00e9rim de la section est assur\u00e9 par Monsieur \nJean-Baptiste LY VAN TU, Directeur adjoint du travail assumant les fonctions d'Inspecteur du travail \nUnit\u00e9 de contr\u00f4le N\u00b0 2  \nsise 3 rue de la Galmy CS 10582 77701 Marne la Vall\u00e9e Cedex 4 \n \nResponsable de l'unit\u00e9 de contr\u00f4le : Poste vacant \n \nMonsieur R\u00e9gis PERROT, Directeur du travail, est en charge de l'int\u00e9rim du poste \n \nSection 2-01 : Monsieur Thomas SALGADO, Inspecteur du travail \n \nSection 2-02 : Madame Marine DESMORTIERS, Inspectrice du travail ; \n \nSection 2-03 :  Madame Ga\u00eblle BOTZUNG, Inspectrice du travail \n \nSection 2-04 : Monsieur L\u00e9o BOURSIER, Inspecteur du travail \n \nSection 2-05 T : Madame Carmen ZIEGLER, Inspectrice du travail \n \nSection 2-06 : Madame Mathilde MALHER, Inspectrice du travail  \n \nSection 2-07 : Section vacante \n \nMonsieur Jean-Baptiste LY VAN TU Directeur adjoint du travail assumant les fonctions d 'inspecteur du travail, est \nen charge de l'int\u00e9rim de la section \n \nSection 2-08 A : Madame Christine GHIZZONI, Inspectrice du travail  \n \nEn cas d'absence ou d'emp\u00eachement de Madame Christine GHIZZONI, l'int\u00e9rim  de la section  est assur\u00e9 par \nMonsieur Jean-Baptiste LY VAN TU, Directeur adjoint du travail assumant les fonctions d'Inspecteur du travail \nUnit\u00e9 de contr\u00f4le N\u00b0 3  \n20 quai Hippolyte Rossignol 77011 Melun cedex \n \nResponsable de l'unit\u00e9 de contr\u00f4le : Monsieur Rapha\u00ebl SEROUR, Directeur adjoint du travail \n \nSection 3-01 : Madame No\u00e9mie CHASSARD, Inspectrice du travail \n \nSection 3-02 : Madame Evelyne ZOUBICOU, Inspectrice du travail \n \nSection 3-03 : Madame Nathalie BARBERYE, Inspectrice du travail \n \nSection 3-04 : Madame Cl\u00e9lia SCALI, Inspectrice du travail \n \nSection 3-5 : Monsieur Miguel REVES, Inspecteur du travail \n  \nSection 3-6 A :  Madame Laura TERROBA, Inspectrice du travail \n \nSection3-07 T : Madame Ingrid LAWSON, Inspectrice du travail \n \nDirection r\u00e9gionale et interd\u00e9partementale de l'\u00e9conomie, de l'emploi, du travail et des solidarit\u00e9s d'\u00cele-de-France -\nIDF-2025-08-01-00005 - D\u00e9cision n\u00b0 2025-131 du 1er ao\u00fbt 2025\nportant affectation des agents de contr\u00f4le dans les unit\u00e9s de contr\u00f4le et gestion des int\u00e9rims de la direction d\u00e9partementale de\nl'emploi, du travail et des solidarit\u00e9s de Seine-et-Marne \n36\n \n3 / 4 \nSection3-08 : Madame Amandine BARON-ALECI, Inspectrice du travail \n \nUnit\u00e9 de contr\u00f4le N\u00b0 4  \n20 quai Hippolyte Rossignol 77011 Melun cedex \n \nResponsable de l'unit\u00e9 de contr\u00f4le : Madame Isabelle ZORZENON, Directrice adjointe du travail \n \nEn cas d'absence ou d'emp\u00eachement de Madame Isabelle ZORZENON, l'int\u00e9rim de l'unit\u00e9 de contr\u00f4le est assur\u00e9 \npar Monsieur Rapha\u00ebl SEROUR, Directeur adjoint du travail \n \nSection 4-01A : Madame Karine PAUVERT, Contr\u00f4leuse du Travail  \n \nMadame Caroline ROUSSEAU, Inspectrice du travail, est en charge du contr\u00f4le des \u00e9tablissements d'au moins 50 \nsalari\u00e9s.  \n \nConform\u00e9ment aux dispositions de l'article R. 8122-11 1\u00b0 du code du travail, Madame Caroline ROUSSEAU exerce \nles pouvoirs de d\u00e9cision administrative relevant de la comp\u00e9tence exclusive d'un inspecteur du travail. \n \nSection 4-02: Madame Nadia DIOP, Inspectrice du travail \n \nSection 4-03 : Monsieur Raphael PREAU, Inspecteur du travail \n \nSection 4-04 : Madame Mathilde HERMIER, Inspectrice du travail \n \nSection 4-05 F : Madame Charlotte ALLAIRE, Inspectrice du travail. \n \nSection 4-06 : Madame Maud HABERT, Inspectrice du travail \n \nSection 4-07 : Madame Caroline ROUSSEAU, Inspectrice du travail  \n \nSection 4-08 T : Madame Karine MEDAILLE, Inspectrice du travail \n \nSection 4-09 : Monsieur Anthony TRAVERT, Inspecteur du travail \n \n \nArticle 2 : \n \nEn cas d'absence ou d'emp\u00eachement d'un ou d'une responsable d'unit\u00e9 de contr\u00f4le d\u00e9sign\u00e9s \u00e0 l'article 1 ci-dessus, \nl'int\u00e9rim sera assur\u00e9 par un ou une autre responsable d'unit\u00e9 de contr\u00f4le de la Direction d\u00e9partementale de \nl'emploi du travail et des solidarit\u00e9s de Seine et Marne. \n \nEn cas d'absence ou d'emp\u00eachement d'un inspecteur ou d'une inspectrice du travail, l'int\u00e9rim sera \nprioritairement assur\u00e9 par un inspecteur ou inspectrice du travail affect\u00e9(e) dans la m\u00eame unit\u00e9 de contr\u00f4le ou \u00e0 \nd\u00e9faut une autre unit\u00e9 de contr\u00f4le ou par un  responsable d'unit\u00e9 de contr\u00f4le dans la m\u00eame ou une autre unit\u00e9 \nde contr\u00f4le. \n \nEn cas d'absence ou d'emp\u00eachement d'un contr\u00f4leur ou d'une contr\u00f4leuse du travail, l'int\u00e9rim sera assur\u00e9 par un \ncontr\u00f4leur ou contr\u00f4leuse du travail affect\u00e9(e) dans la m\u00eame unit\u00e9 de contr\u00f4le et, en cas d'absence ou \nd'emp\u00eachement de celui-ci ou de celle-ci, par un contr\u00f4leur ou une contr\u00f4leuse du travail affect\u00e9(e) sur l'une des \nautres unit\u00e9s de contr\u00f4le ou, en cas d'absence ou d'emp\u00eachement, par un inspecteur du travail ou d'une \ninspectrice du travail affect\u00e9(e) dans la m\u00eame unit\u00e9 de contr\u00f4le ou une autre u nit\u00e9 de contr\u00f4le ou par un \nresponsable d'unit\u00e9 de contr\u00f4le dans la m\u00eame ou une autre unit\u00e9 de contr\u00f4le. \n \n \nArticle 3 :  \n \nConform\u00e9ment aux dispositions de l'article R.8122 -10 du code du travail, les agents mentionn\u00e9s \u00e0 l'article 1 \nparticipent lorsque l'action le rend n\u00e9cessaire aux actions d'inspection de la l\u00e9gislation du travail sur le territoire \nde la direction d\u00e9partementale de l'emploi du travail et des solidarit\u00e9s de Seine et Marne \u00e0 laquelle est rattach\u00e9e \nl'Unit\u00e9 de contr\u00f4le o\u00f9 ils sont affect\u00e9s. \nDirection r\u00e9gionale et interd\u00e9partementale de l'\u00e9conomie, de l'emploi, du travail et des solidarit\u00e9s d'\u00cele-de-France -\nIDF-2025-08-01-00005 - D\u00e9cision n\u00b0 2025-131 du 1er ao\u00fbt 2025\nportant affectation des agents de contr\u00f4le dans les unit\u00e9s de contr\u00f4le et gestion des int\u00e9rims de la direction d\u00e9partementale de\nl'emploi, du travail et des solidarit\u00e9s de Seine-et-Marne \n37\n \n4 / 4 \n \n \nArticle 4 : \n \nLa d\u00e9cision n\u00b0 2025-120 du 4 juillet 2025 portant affectation des agents de contr\u00f4le dans les unit\u00e9s de contr\u00f4le \net gestion des int\u00e9rims de la direction d\u00e9partementale de l'emploi, du travail et des solidarit\u00e9s de Seine et Marne \nest abrog\u00e9e. \n \n \nArticle 5 : \n \nLa pr\u00e9sente d\u00e9cision prend effet au 1er ao\u00fbt 2025. \n \n \nArticle 6 : \n \nLe directeur r\u00e9gional et interd\u00e9partemental de l'\u00e9conomie, de l'emploi, du travail et des solidarit\u00e9s d'Ile-de-France \npar int\u00e9rim est charg\u00e9 de l'application de la pr\u00e9sente d\u00e9cision, qui sera publi\u00e9e au recueil des actes administratifs \nde la r\u00e9gion Ile-de-France. \n \n \n \nFait \u00e0 Aubervilliers, le 1er ao\u00fbt 2025 \n \nLe directeur r\u00e9gional et interd\u00e9partemental de l'\u00e9conomie, \nde l'emploi, du travail et des solidarit\u00e9s de la r\u00e9gion Ile-de-\nFrance par int\u00e9rim, \n \nSIGN\u00c9 \n \nMarc Rohfritsch \nDirection r\u00e9gionale et interd\u00e9partementale de l'\u00e9conomie, de l'emploi, du travail et des solidarit\u00e9s d'\u00cele-de-France -\nIDF-2025-08-01-00005 - D\u00e9cision n\u00b0 2025-131 du 1er ao\u00fbt 2025\nportant affectation des agents de contr\u00f4le dans les unit\u00e9s de contr\u00f4le et gestion des int\u00e9rims de la direction d\u00e9partementale de\nl'emploi, du travail et des solidarit\u00e9s de Seine-et-Marne \n38\nDirection r\u00e9gionale et interd\u00e9partementale de\nl'\u00e9conomie, de l'emploi, du travail et des\nsolidarit\u00e9s d'\u00cele-de-France\nIDF-2025-08-01-00006\nD\u00e9cision n\u00b0 2025-132 du 1er ao\u00fbt 2025\nportant affectation des agents de contr\u00f4le dans\nles unit\u00e9s de contr\u00f4le et gestion des int\u00e9rims \nau sein de la direction d\u00e9partementale de\nl'emploi, du travail et des solidarit\u00e9s des Yvelines\nDirection r\u00e9gionale et interd\u00e9partementale de l'\u00e9conomie, de l'emploi, du travail et des solidarit\u00e9s d'\u00cele-de-France -\nIDF-2025-08-01-00006 - D\u00e9cision n\u00b0 2025-132 du 1er ao\u00fbt 2025\nportant affectation des agents de contr\u00f4le dans les unit\u00e9s de contr\u00f4le et gestion des int\u00e9rims \nau sein de la direction d\u00e9partementale de l'emploi, du travail et des solidarit\u00e9s des Yvelines\n39\nMINISTERE |DU TRAVAIL, DE LA SANT\u00c9,DES SOLIDARIT\u00c9SET DES FAMILLESLibert\u00e9Egalit\u00e9Fraternit\u00e9\n \nDRIEETS Ile-de-France  \n21 rue Madeleine Vionnet  \n93 300 AUBERVILLIERS                                                                                                                                                                                                                              \n \n \n \nDirection r\u00e9gionale et interd\u00e9partementale \nde l'\u00e9conomie, de l'emploi, \ndu travail et des solidarit\u00e9s \nd'Ile de France \n \n \n \nD\u00e9cision n\u00b0 2025-132 du 1er ao\u00fbt 2025 \nportant affectation des agents de contr\u00f4le dans les unit\u00e9s de contr\u00f4le et gestion des int\u00e9rims  \nau sein de la direction d\u00e9partementale de l'emploi, du travail et des solidarit\u00e9s des Yvelines  \n \n \nLe Directeur r\u00e9gional et interd\u00e9partemental de l'\u00e9conomie, de l'emploi, du travail et des solidarit\u00e9s de la \nr\u00e9gion Ile-de-France par int\u00e9rim,  \n \nVu le code du travail, notamment ses articles R. 8122-1 et suivants,  \n \nVu le d\u00e9cret n\u00b0 2020 -1545 du 9 d\u00e9cembre 2020 relatif \u00e0 l'organisation et aux missions des directions \nr\u00e9gionales de l'\u00e9conomie, de l'emploi, du travail et des solidarit\u00e9s, des directions d\u00e9partementales de \nl'emploi, du travail et des solidarit\u00e9s et des directions d\u00e9partementales de l'emploi, du travail, des \nsolidarit\u00e9s et de la protection des populations, \n \nVu l'arr\u00eat\u00e9 interminist\u00e9riel du 20 mars 2025 nommant Marc ROHFRITSCH directeur r\u00e9gional et \ninterd\u00e9partemental de l'\u00e9conomie, de l'emploi, du travail et des solidarit\u00e9s d'\u00cele -de-France par int\u00e9rim, \u00e0 \ncompter du 1er avril 2025, \n \nVu l'arr\u00eat\u00e9 minist\u00e9riel du 25 mars 2024 portant r\u00e9partition des unit\u00e9s de contr\u00f4le de l'inspection du travail,  \n \nVu la d\u00e9cision n\u00b0 2025-046 du 28 mars 2025 du directeur r\u00e9gional et interd\u00e9partemental de l'\u00e9conomie, de \nl'emploi, du travail et des solidarit\u00e9s d'Ile-de-France relative \u00e0 la localisation et \u00e0 la d\u00e9limitation des unit\u00e9s \nde contr\u00f4le et des sections d'inspection du travail de la direction d\u00e9partemen tale de l'emploi, du travail \net des solidarit\u00e9s des Yvelines, \n \nD\u00c9CIDE \n \nArticle 1  : Sont nomm\u00e9s responsables d'unit\u00e9s de contr\u00f4le d'inspection du travail de la direction \nd\u00e9partementale de l'emploi, du travail et des solidarit\u00e9s des Yvelines les agents suivants : \n\u2022 Unit\u00e9 de contr\u00f4le n\u00b01 : Madame Agn\u00e8s DAVID, Directrice Adjointe du Travail ;  \n\u2022 Unit\u00e9 de contr\u00f4le n\u00b02 : Monsieur Jacques POM, Directeur Adjoint du Travail ; \n\u2022 Unit\u00e9 de contr\u00f4le n\u00b03 : Madame Laila EL-MAAKOUL, Directrice Adjointe du Travail ;   \n\u2022 Unit\u00e9 de contr\u00f4le n\u00b04 : poste vacant, l'int\u00e9rim est assur\u00e9  par Madame Laila EL-MAAKOUL, Directrice \nAdjointe du Travail. \n \nArticle 2 : Sans pr\u00e9judice des dispositions de l'article R. 8122-10 1\u00b0 du code du travail et conform\u00e9ment aux \ndispositions de l'article R. 8122-11 du code du travail, sont affect\u00e9s dans les sections d'inspection du travail \nde la direction d\u00e9partementale de l'emploi, du travail et des solidarit\u00e9s des Yvelines les agents suivants :  \n \n1. Unit\u00e9 de contr\u00f4le n\u00b01 : \n\u2022 Section 1 : Madame Evelle SIROT, Inspectrice du Travail ; \n\u2022 Section 2 : Madame Annie ANGER, Inspectrice du Travail ; \n\u2022 Section 3 : Madame Sandrine BERTINO, Inspectrice du Travail ; \n\u2022 Section 4 : Madame Marie-Michelle ALGAIN, Inspectrice du Travail ; \nDirection r\u00e9gionale et interd\u00e9partementale de l'\u00e9conomie, de l'emploi, du travail et des solidarit\u00e9s d'\u00cele-de-France -\nIDF-2025-08-01-00006 - D\u00e9cision n\u00b0 2025-132 du 1er ao\u00fbt 2025\nportant affectation des agents de contr\u00f4le dans les unit\u00e9s de contr\u00f4le et gestion des int\u00e9rims \nau sein de la direction d\u00e9partementale de l'emploi, du travail et des solidarit\u00e9s des Yvelines\n40\n2/3 \n \n \n \n\u2022 Section 5 : Madame Anne-Laure MERELLE, Inspectrice du Travail ;  \n\u2022 Section 6 : Madame Nolwenn MAUROT, Inspectrice du Travail, et Madame Agn\u00e8s DAVID, Directrice \nAdjointe du Travail pour l'\u00e9tablissement STANNIS, sis 1 IMPASSE CHARLES TELLIER 78520 Limay ;  \n\u2022 Section 7 : Madame Nathalie DE CARVALHO, Inspectrice du Travail ; \n\u2022 Section 8 : section vacante, l'int\u00e9rim est assur\u00e9 par : \n\u25aa Madame Sandrine BERTINO, Inspectrice du Travail, sur la commune d'Ach\u00e8res \n\u25aa Madame Lucie TELBOIS, Inspectrice du Travail, sur la commune d'Andr\u00e9sy \n\u25aa Madame Nathalie DE CARVALHO, Inspectrice du Travail, sur la commune de Poissy ; \n\u2022 Section 9 : Madame Ana\u00efs FERKELI, Inspectrice du Travail ; \n\u2022 Section 10 : Madame Capucine GAMBA, Inspectrice du Travail ; \n\u2022 Section 11 : Madame Lucie TELBOIS, Inspectrice du Travail ; \n \n2. Unit\u00e9 de contr\u00f4le n\u00b02 : \n\u2022 Section 1 : Monsieur Florian TABUTEAU, Inspecteur du travail ; \n\u25aa Section 2  : section vacante  ; l 'int\u00e9rim est assur \u00e9 par Madame Catherine PAGAN, Inspectrice du \nTravail ; \n\u2022 Section 3 : Madame Catherine PAGAN, Inspectrice du travail ;  \n\u2022 Section 4 : Madame Aurore GIRARD-WASKIW, Inspectrice du Travail ; \n\u2022 Section 5 : Monsieur Frank GALEA, Inspecteur du Travail ; \n\u2022 Section 6 : Madame Karine TURQUER, Inspectrice du Travail ; \n\u2022 Section 7 : section vacante ; l'int\u00e9rim est assur\u00e9 par Madame Karine TURQUER, Inspectrice du travail ; \n\u2022 Section 8 : Monsieur El Hadji Alce SECK, Inspecteur du Travail ;  \n \n3. Unit\u00e9 de contr\u00f4le n\u00b03 : \n\u2022 Section 1 : Madame Chlo\u00e9 MARIE, Inspectrice du Travail ;  \n\u2022 Section 2 : Madame Nabila GUENDOUZ, Inspectrice du Travail ; \n\u2022 Section 3 : Monsieur Ronel CHOUT, Inspecteur du Travail ; \n\u2022 Section 4 : Madame Catherine BOUGIE, Directrice Adjointe du Travail (\u00e0 l'exception des chantiers du \nBTP) ; \nMadame Christine COLLON, Inspectrice du Travail, pour toute activit\u00e9 exerc\u00e9e sur l'emprise d'un \nchantier du BTP ; \n\u2022 Section 5 : Madame Christine COLLON, Inspectrice du Travail ; \n\u2022 Section 6 : Monsieur Sylvain QUEVAL, Inspecteur du Travail ;  \n\u2022 Section 7 : Monsieur Guillaume LETERREUX, Inspecteur du Travail ; \n\u2022 Section 8 : Madame Marina BARBIER, Inspectrice du Travail ; \n\u2022 Section 9 : Madame Virginie PETIT, Inspectrice du Travail ; \n \n4. Unit\u00e9 de contr\u00f4le n\u00b04 : \n\u2022 Section 1 : Monsieur Adrien LECOMPERE, Inspecteur du Travail ; \n\u25aa Section 2  : section vacante, l'int\u00e9rim est assur\u00e9 par  Monsieur Adrien LECOMPERE, Inspecteur du \nTravail jusqu'au 31 ao\u00fbt 2025. \nA compter du 1er septembre 2025, Monsieur DECROIX S\u00e9bastien sera affect\u00e9 en qualit\u00e9 d'Inspecteur \ndu Travail sur la section. \n\u25aa Section 3 : Madame Brigitte BENOIT, Contr\u00f4leur du Travail ; \nMadame Isabelle GAULTIER, Inspectrice du Travail, est habilit\u00e9e \u00e0 prendre les d\u00e9cisions relevant de \nla comp\u00e9tence exclusive de l'Inspecteur du Travail en vertu de dispositions l\u00e9gislatives ou  \nr\u00e9glementaires ; \n\u2022 Section 4 : Monsieur Said HAMDI, Inspecteur du Travail ; \n\u2022 Section 5 : Monsieur Amine BELKIRI, Inspecteur du Travail ;  \n\u2022 Section 6 : Monsieur Hugues POULAIN, Inspecteur du Travail ; \n\u2022 Section 7 : Madame Isabelle GAULTIER, Inspectrice du Travail ; \n\u2022 Section 8 : Madame Camille AHOUANTO, Inspectrice du Travail ; \n\u2022 Section 9 : Madame Armelle COLLIGNON, Inspectrice du Travail ; \n \nDirection r\u00e9gionale et interd\u00e9partementale de l'\u00e9conomie, de l'emploi, du travail et des solidarit\u00e9s d'\u00cele-de-France -\nIDF-2025-08-01-00006 - D\u00e9cision n\u00b0 2025-132 du 1er ao\u00fbt 2025\nportant affectation des agents de contr\u00f4le dans les unit\u00e9s de contr\u00f4le et gestion des int\u00e9rims \nau sein de la direction d\u00e9partementale de l'emploi, du travail et des solidarit\u00e9s des Yvelines\n41\n3/3 \n \n \n \n\u2022 Section 10 : section vacante, l'int\u00e9rim est assur\u00e9 par \n\u25aa Du 1er ao\u00fbt au 30 novembre 2025, Madame Camille AHOUANTO, Inspectrice du Travail, \n\u25aa Du 1er d\u00e9cembre au 28 f\u00e9vrier 2026, Monsieur Hugues POULAIN, Inspecteur du Travail ; \n \nArticle 3 : En cas d'absence ou d'emp\u00eachement d'un ou plusieurs agents de contr\u00f4le d\u00e9sign\u00e9s \u00e0 l'article 2 \nci-dessus, l'int\u00e9rim est organis\u00e9 selon les modalit\u00e9s ci-apr\u00e8s :  \n\u2022 Unit\u00e9 de contr\u00f4le n\u00b01 : \n- Int\u00e9rim des Inspecteurs du Travail :  \nL'int\u00e9rim d'un Inspecteur du Travail de l'unit\u00e9 de contr\u00f4le n\u00b01 absent ou emp\u00each\u00e9 peut \u00eatre assur\u00e9 par un \nautre inspecteur de l'unit\u00e9 de contr\u00f4le n\u00b01 ou \u00e0 d\u00e9faut par le responsable de l'unit\u00e9 de contr\u00f4le de l'UC1 \net le cas \u00e9ch\u00e9ant par un contr\u00f4leur de l'un it\u00e9 de contr\u00f4le n\u00b01 pour les \u00e9tablissements de moins de 50 \nsalari\u00e9s. \n- Int\u00e9rim des Contr\u00f4leurs du Travail :  \nL'int\u00e9rim d'un Contr\u00f4leur du Travail de l'unit\u00e9 de contr\u00f4le n\u00b01 absent ou emp\u00each\u00e9 sera assur\u00e9 par un autre \ncontr\u00f4leur de l'unit\u00e9 de contr\u00f4le n\u00b01 et le cas \u00e9ch\u00e9ant par un inspecteur de l'unit\u00e9 de contr\u00f4le n\u00b01.  \n\u2022 Unit\u00e9 de contr\u00f4le n\u00b0 2, 3 et 4 : \n- Int\u00e9rim des Inspecteurs du Travail :  \nL'int\u00e9rim d'un Inspecteur du Travail des unit\u00e9s de contr\u00f4le 2, 3 ou 4 absent ou emp\u00each\u00e9 sera \nprioritairement assur\u00e9 par un autre inspecteur de la m\u00eame unit\u00e9 de contr\u00f4le, \u00e0 d\u00e9faut par un inspecteur \nde l'une des deux autres unit\u00e9s de contr\u00f4le ou par l'un des  responsables des unit\u00e9s de contr\u00f4le des UC 2, \nUC3 ou UC4 et le cas \u00e9ch\u00e9ant par un Contr\u00f4leur du Travail de la m\u00eame unit\u00e9 de contr\u00f4le ou de l'une des \ndeux autres unit\u00e9s de contr\u00f4le pour les \u00e9tablissements de moins de 50 salari\u00e9s.  \n- Int\u00e9rim des Contr\u00f4leurs du Travail :  \nL'int\u00e9rim d'un Contr\u00f4leur du Travail des unit\u00e9s de contr\u00f4le 2 ; 3 ou 4 absent ou emp\u00each\u00e9 sera \nprioritairement assur\u00e9 par un autre contr\u00f4leur de la m\u00eame unit\u00e9 de contr\u00f4le, \u00e0 d\u00e9faut par un contr\u00f4leur \nde l'une des deux autres unit\u00e9s de contr\u00f4le et le cas \u00e9ch\u00e9ant par un Inspecteur du Travail de la m\u00eame unit\u00e9 \nde contr\u00f4le ou de l'une des deux autres unit\u00e9s de contr\u00f4le. \n \nArticle 4 :  En cas d'absence ou d'emp\u00eachement d'un des responsables d'unit\u00e9 de contr\u00f4le d\u00e9sign\u00e9s aux \narticles 1 et 2 ci-dessus, l'int\u00e9rim sera assur\u00e9 par l'un des trois autres responsables d'Unit\u00e9 de Contr\u00f4le de \nla direction d\u00e9partementale de l'emploi du travail et des solidarit\u00e9s des Yvelines. \n \nArticle 5 : La pr\u00e9sente d\u00e9cision prend effet le  1er ao\u00fbt 2025 et abroge la d\u00e9cision n\u00b0 2025-125 du 10 juillet \n2025 portant affectation des agents de contr\u00f4le dans les unit\u00e9s de contr\u00f4le et gestion des int\u00e9rims de la \ndirection d\u00e9partementale de l'emploi, du travail et des solidarit\u00e9s des Yvelines.  \n \nArticle 6  : Le Directeur r\u00e9gional et interd\u00e9partemental de l'\u00e9conomie, de l'emploi, du travail et des \nsolidarit\u00e9s d'Ile-de-France par int\u00e9rim est charg\u00e9 de l'application de la pr\u00e9sente d\u00e9cision, qui sera publi\u00e9e \nau recueil des actes administratifs de la r\u00e9gion Ile-de-France. \n \nFait \u00e0 Aubervilliers, le 1er ao\u00fbt 2025 \nLe Directeur r\u00e9gional et interd\u00e9partemental de l'\u00e9conomie, de \nl'emploi, du travail et des solidarit\u00e9s par int\u00e9rim,  \n \nSIGN\u00c9 \n \nMarc ROHFRITSCH \nDirection r\u00e9gionale et interd\u00e9partementale de l'\u00e9conomie, de l'emploi, du travail et des solidarit\u00e9s d'\u00cele-de-France -\nIDF-2025-08-01-00006 - D\u00e9cision n\u00b0 2025-132 du 1er ao\u00fbt 2025\nportant affectation des agents de contr\u00f4le dans les unit\u00e9s de contr\u00f4le et gestion des int\u00e9rims \nau sein de la direction d\u00e9partementale de l'emploi, du travail et des solidarit\u00e9s des Yvelines\n42\nDirection r\u00e9gionale et interd\u00e9partementale de\nl'\u00e9conomie, de l'emploi, du travail et des\nsolidarit\u00e9s d'\u00cele-de-France\nIDF-2025-08-01-00010\nD\u00e9cision n\u00b0 2025-137 du 1er ao\u00fbt 2025\nportant affectation des agents de contr\u00f4le dans\nles unit\u00e9s de contr\u00f4le et gestion des int\u00e9rims de\nla direction d\u00e9partementale de l'emploi, du\ntravail et des solidarit\u00e9s du Val d'Oise\nDirection r\u00e9gionale et interd\u00e9partementale de l'\u00e9conomie, de l'emploi, du travail et des solidarit\u00e9s d'\u00cele-de-France -\nIDF-2025-08-01-00010 - D\u00e9cision n\u00b0 2025-137 du 1er ao\u00fbt 2025\nportant affectation des agents de contr\u00f4le dans les unit\u00e9s de contr\u00f4le et gestion des int\u00e9rims de la direction d\u00e9partementale de\nl'emploi, du travail et des solidarit\u00e9s du Val d'Oise\n43\nMINISTERE |DU TRAVAIL, DE LA SANT\u00c9,DES SOLIDARIT\u00c9SET DES FAMILLESLibert\u00e9Egalit\u00e9Fraternit\u00e9\n \nDirection r\u00e9gionale et interd\u00e9partementale \nde l'\u00e9conomie, de l'emploi, \ndu travail et des solidarit\u00e9s \n \n \nDRIEETS d'\u00cele-de-France  \n21 rue Madeleine Vionnet  \n93300 AUBERVILLIERS                                                                                                                                                                                                                             \n \n \n \n \n \nD\u00e9cision n\u00b0 2025-137 du 1er ao\u00fbt 2025 \nportant affectation des agents de contr\u00f4le dans les unit\u00e9s de contr\u00f4le et gestion des int\u00e9rims  \nde la direction d\u00e9partementale de l'emploi, du travail et des solidarit\u00e9s du Val d'Oise  \n \n \nLe Directeur r\u00e9gional et interd\u00e9partemental de l'\u00e9conomie, de l'emploi, du travail et des solidarit\u00e9s de la \nr\u00e9gion Ile-de-France par int\u00e9rim, \n \nVu le code du travail, notamment ses articles R. 8122-1 et suivants.  \n \nVu le d\u00e9cret n\u00b0 2020 -1545 du 9 d\u00e9cembre 2020 relatif \u00e0 l'organisation et aux missions des directions \nr\u00e9gionales de l'\u00e9conomie, de l'emploi, du travail et des solidarit\u00e9s, des directions d\u00e9partementales de \nl'emploi, du travail et des solidarit\u00e9s et des directi ons d\u00e9partementales de l'emploi, du travail, des \nsolidarit\u00e9s et de la protection des populations, \n \nVu l'arr\u00eat\u00e9 interminist\u00e9riel du 20 mars 2025 nommant Marc ROHFRITSCH directeur r\u00e9gional et \ninterd\u00e9partemental de l'\u00e9conomie, de l'emploi, du travail et des solidarit\u00e9s d'\u00cele-de-France par int\u00e9rim, \u00e0 \ncompter du 1er avril 2025, \n \nVu l'arr\u00eat\u00e9 minist\u00e9riel du 25 mars 2024 portant cr\u00e9ation et r\u00e9partition des unit\u00e9s de contr\u00f4le de \nl'inspection du travail,  \n \nVu la d\u00e9cision n\u00b0 2021 -30 du 01 avril 2021 du Directeur r\u00e9gional et interd\u00e9partemental de l'\u00e9conomie, de \nl'emploi, du travail et des solidarit\u00e9s d'Ile-de-France relative \u00e0 la localisation et \u00e0 la d\u00e9limitation des unit\u00e9s \nde contr\u00f4le et des sections d'inspectio n du travail de la direction d\u00e9partementale de l'emploi, du travail \net des solidarit\u00e9s du Val d'Oise. \n \nD\u00c9CIDE \n \nArticle 1 :  \nSont nomm\u00e9s comme responsables des unit\u00e9s de contr\u00f4le de la direction d\u00e9partementale de l'emploi, du \ntravail et des solidarit\u00e9s du Val-d'Oise les agents suivants : \n- Unit\u00e9 de contr\u00f4le n\u00b0 1 : Madame FAGOT Isabelle  \n- Unit\u00e9 de contr\u00f4le n\u00b0 2 : Monsieur MARSY Didier \n- Unit\u00e9 de contr\u00f4le n\u00b0 3 : Madame HOUPIN Elsa  \n \n \nArticle 2 :  \nSans pr\u00e9judice des dispositions de l'article R. 8122 -10-I du code du travail et conform\u00e9ment aux \ndispositions de l'article R. 8122 -11 du code du travail, sont affect\u00e9s dans les sections d'inspection de la \ndirection d\u00e9partementale de l'emploi, du travail et des solidarit\u00e9s du Val-d'Oise les agents suivants : \n \n \n \nDirection r\u00e9gionale et interd\u00e9partementale de l'\u00e9conomie, de l'emploi, du travail et des solidarit\u00e9s d'\u00cele-de-France -\nIDF-2025-08-01-00010 - D\u00e9cision n\u00b0 2025-137 du 1er ao\u00fbt 2025\nportant affectation des agents de contr\u00f4le dans les unit\u00e9s de contr\u00f4le et gestion des int\u00e9rims de la direction d\u00e9partementale de\nl'emploi, du travail et des solidarit\u00e9s du Val d'Oise\n44\n \n2 / 3 \n1. Unit\u00e9 de contr\u00f4le n\u00b0 1 \n- section 1.1 : Madame SA Laur\u00e8ne, inspectrice du travail \n- section 1.2 : Madame JOUZEL Priscille, inspectrice du travail,  \n- section 1.3 : Madame BRUN Priscilla, inspectrice du travail,  \n- section 1.4 : Madame LIEUMONT Ellora, inspectrice du travail, \n- section 1.5 : Madame FEST Lia, inspectrice du travail, \n- section 1.6 : Madame KAROLAK Maud, inspectrice du travail \n- section 1.7 : Madame DEMANDE Isabelle, Inspectrice du travail , \u00e0 l'exception du num\u00e9ro 24 de la rue \ndu Chapeau Rouge \u00e0 Sannois, Madame FAGOT Isabelle, responsable d'unit\u00e9 de contr\u00f4le est  comp\u00e9tente \npour le num\u00e9ro 24 de la rue du Chapeau Rouge \u00e0 Sannois \n- section 1.8 : Madame JAMI Brigitte, inspectrice du travail \n- section 1.9 : Madame BENO\u00ceT Betty, inspectrice du travail \n- section 1.10 : Monsieur BRUCHET Lionel, inspecteur du travail  \n \n2. Unit\u00e9 de contr\u00f4le n\u00b0 2 \n- section 2.1 : Madame NOURY Emily, inspectrice du travail,  \n- section 2.2 : Madame BANEL St\u00e9phanie, inspectrice du travail  \n- section 2.3 : Madame HOUARD Guilaine, inspectrice du travail  \n- section 2.4 : Madame BLANC Sonia, inspectrice du travail \n- section 2.5 : Madame MULON Aur\u00e9lie, inspectrice du travail \n- section 2.6 : Monsieur FECHTMEISTER Valentin, inspecteur du travail \n- section 2.7 : Monsieur BOUCHET Thierry, inspecteur du Travail \n- section 2.8 : Madame AUVRAY Romane, inspectrice du travail, \u00e0 l'exception du num\u00e9ro 1 de la rue \nRobert Desnos \u00e0 DOMONT, Monsieur MARSY Didier, responsable d'unit\u00e9 de contr\u00f4le est \ncomp\u00e9tent pour le num\u00e9ro 1 de la rue Robert Desnos \u00e0 DOMONT, \n- section 2.9 : Madame COMBETTES Kim, inspectrice du Travail est charg\u00e9e de l'nt\u00e9rim,   \n- section 2.10 : Madame DELCLITTE Eulalie, inspectrice du travail   \n- section 2.11 : Madame NORMAND Juliette, inspectrice du travail \n- section 2.12 : Madame COMBETTES Kim, inspectrice du travail  \n \n3. Unit\u00e9 de contr\u00f4le n\u00b0 3 \n- section 3.1 : Madame DEMANDE Isabelle, inspectrice du travail est charg\u00e9e de l'int\u00e9rim \n- section 3.2 : Monsieur BOUGE Vincent, inspecteur du travail, \nsection 3.3 :  \nMadame Madame FAGOT Isabelle, responsable d'unit\u00e9 de contr\u00f4le , est charg\u00e9e de l'int\u00e9rim \u00e0 \nl'exception des op\u00e9rations de b\u00e2timent ou de g\u00e9nie civil entrant dans le champ d'application du livre \nIII du titre V de la quatri\u00e8me partie du code du travail, \nMadame BRUN Priscilla, inspectrice du travail, est charg\u00e9e du contr\u00f4le des op\u00e9rations de b\u00e2timent ou \nde g\u00e9nie civil entrant dans le champ d'application du livre III du titre V de la quatri\u00e8me partie du code \ndu travail, \n- section 3.4 : Madame RAYNAUD Joanne, inspectrice du travail, \n- section 3.5 : Madame BERGUER Sylvie, inspectrice du travail , \u00e0 l'exception des communes de Persan \net de Champagne sur Oise, Madame HOUPIN Elsa, responsable d'uit\u00e9 de contr\u00f4le, est comp\u00e9tente pour \nles communes de Persan et de Champagne sur Oise,  \n- section 3.6 : Madame TERRIEN Maeva, inspectrice du travail, \n- section 3.7 : Madame DELAHAIGUE Carine, inspectrice du travail \n- section 3.8 : Madame LAFDILI Amina, inspectrice du travail \n- section 3.9 : Madame HOUPIN Elsa, responsable de l'unit\u00e9 de contr\u00f4le  \n \n \n \n \nArticle 3 :  \nEn cas d'absence ou d'emp\u00eachement d'un ou d'une responsable d'unit\u00e9 de contr\u00f4le, l'int\u00e9rim sera assur\u00e9 \nDirection r\u00e9gionale et interd\u00e9partementale de l'\u00e9conomie, de l'emploi, du travail et des solidarit\u00e9s d'\u00cele-de-France -\nIDF-2025-08-01-00010 - D\u00e9cision n\u00b0 2025-137 du 1er ao\u00fbt 2025\nportant affectation des agents de contr\u00f4le dans les unit\u00e9s de contr\u00f4le et gestion des int\u00e9rims de la direction d\u00e9partementale de\nl'emploi, du travail et des solidarit\u00e9s du Val d'Oise\n45\n \n3 / 3 \npar un ou une autre responsable d'unit\u00e9 de contr\u00f4le. En cas d'absence ou d'emp\u00eachement de celui -ci, \nl'int\u00e9rim sera assur\u00e9e par l'adjointe au Chef de p\u00f4le ou par le Chef de P\u00f4le.  \nEn cas d'absence ou d'emp\u00eachement du responsable d'unit\u00e9 de contr\u00f4le en charge de la section 3 -9, \nl'int\u00e9rim sera assur\u00e9 par un autre responsable d'unit\u00e9 de contr\u00f4le. En cas d'absence ou d'emp\u00eachement \nde celui-ci, l'int\u00e9rim sera assur\u00e9 par un inspecteur ou une inspectrice du travail affect\u00e9(e) sur l'UC3, et en \ncas d'absence ou d'emp\u00eachement de celui-ci ou de celle-ci, par un inspecteur ou une inspectrice du travail \naffect\u00e9(e) sur l'une des deux autres unit\u00e9s de contr\u00f4le. \nEn cas d'absence ou d'emp\u00eachement d'un inspecteur ou d'une inspectrice du travail, l'int\u00e9rim sera assur\u00e9 \npar un inspecteur ou inspectrice du travail affect\u00e9(e) dans la m\u00eame unit\u00e9 de contr\u00f4le ou une autre unit\u00e9 \nde contr\u00f4le ou par un responsable d'unit\u00e9 de contr\u00f4le dans la m\u00eame ou une autre unit\u00e9 de contr\u00f4le. \n \n \nArticle 4 :  \nLa d\u00e9cision  prend effet au 1er ao\u00fbt 2025 et abroge la d\u00e9cision n\u00b0 2025-114 du 23 juin 2025 portant \naffectation des agents de contr\u00f4le dans les unit\u00e9s de contr\u00f4le et gestion des int\u00e9rims de la direction \nd\u00e9partementale de l'emploi, du travail et des solidarit\u00e9s du Val d'Oise.  \n \n \nArticle 5 : \nLe Directeur r\u00e9gional et interd\u00e9partemental de l'\u00e9conomie, de l'emploi, du travail et des solidarit\u00e9s d'Ile -\nde-France par int\u00e9rim est charg\u00e9 de l'application de la pr\u00e9sente d\u00e9cision, qui sera publi\u00e9e au recueil des \nactes administratifs de la r\u00e9gion Ile-de-France.  \n \n \n \nFait \u00e0 Aubervilliers, le 1er ao\u00fbt 2025 \n \nLe Directeur r\u00e9gional et interd\u00e9partemental de \nl'\u00e9conomie, de l'emploi, du travail et des solidarit\u00e9s \nde la r\u00e9gion d'\u00cele-de-France par int\u00e9rim, \n \nSIGN\u00c9 \n \n Marc ROHFRITSCH \nDirection r\u00e9gionale et interd\u00e9partementale de l'\u00e9conomie, de l'emploi, du travail et des solidarit\u00e9s d'\u00cele-de-France -\nIDF-2025-08-01-00010 - D\u00e9cision n\u00b0 2025-137 du 1er ao\u00fbt 2025\nportant affectation des agents de contr\u00f4le dans les unit\u00e9s de contr\u00f4le et gestion des int\u00e9rims de la direction d\u00e9partementale de\nl'emploi, du travail et des solidarit\u00e9s du Val d'Oise\n46\nDirection r\u00e9gionale et interd\u00e9partementale de\nl'\u00e9conomie, de l'emploi, du travail et des\nsolidarit\u00e9s d'\u00cele-de-France\nIDF-2025-08-01-00004\nD\u00e9cision n\u00b0 2025-138 du 1er ao\u00fbt 2025 portant\naffectation des agents de contr\u00f4le dans les\nunit\u00e9s de contr\u00f4le et gestion des int\u00e9rims de\nl'unit\u00e9 d\u00e9partementale de Paris de la DRIEETS\nd'Ile-de-France\nDirection r\u00e9gionale et interd\u00e9partementale de l'\u00e9conomie, de l'emploi, du travail et des solidarit\u00e9s d'\u00cele-de-France -\nIDF-2025-08-01-00004 - D\u00e9cision n\u00b0 2025-138 du 1er ao\u00fbt 2025 portant affectation des agents de contr\u00f4le dans les unit\u00e9s de contr\u00f4le\net gestion des int\u00e9rims de l'unit\u00e9 d\u00e9partementale de Paris de la DRIEETS d'Ile-de-France\n47\nMINISTEREDU TRAVAIL, DE LA SANTE,DES SOLIDARITESET DES FAMILLESLibert\u00e9\u00c9galit\u00e9Fraternit\u00e9\n \nDirection r\u00e9gionale et interd\u00e9partementale \nde l'\u00e9conomie, de l'emploi, \ndu travail et des solidarit\u00e9s \n \n \n \nDRIEETS Ile de France                                                                                                                                                                                                                                   \n21 rue Madeleine Vionnet \n93300 Aubervilliers \n \nD\u00e9cision n\u00b0 2025-138 du 1er ao\u00fbt 2025 \nportant affectation des agents de contr\u00f4le dans les unit\u00e9s de contr\u00f4le et gestion des int\u00e9rims \n de l'unit\u00e9 d\u00e9partementale de Paris de la DRIEETS d'Ile-de-France \n \nLe directeur r\u00e9gional de l'\u00e9conomie, de l'emploi, du travail et des solidarit\u00e9s de la r\u00e9gion d'Ile -de-France \npar int\u00e9rim, \n \nVu le code du travail, notamment ses articles R 8122-1 et suivants,  \n \nVu l'arr\u00eat\u00e9 interminist\u00e9riel du 20 mars 2025 nommant Marc ROHFRITSCH directeur r\u00e9gional et \ninterd\u00e9partemental de l'\u00e9conomie, de l'emploi, du travail et des solidarit\u00e9s d'\u00cele -de-France par int\u00e9rim, \u00e0 \ncompter du 1er avril 2025, \n \nVu l'arr\u00eat\u00e9 minist\u00e9riel du 25 mars 2024 portant cr\u00e9ation et r\u00e9partition des unit\u00e9s de contr\u00f4le de \nl'inspection du travail,  \n \nVu la d\u00e9cision n\u00b0 2025 -021 du 6 f\u00e9vrier 2025 du directeur r\u00e9gional et interd\u00e9partemental de l'\u00e9conomie, \nde l'emploi, du travail et des solidarit\u00e9s d'Ile de France relative \u00e0 la localisation et \u00e0 la d\u00e9limitation des \nunit\u00e9s de contr\u00f4le et des sections d'inspection du travail de l'unit\u00e9 d\u00e9partementale de Paris , \n \n \nD\u00c9CIDE \n \nArticle 1 : Les inspecteurs et contr\u00f4leurs du travail sont charg\u00e9s des actions d'inspection de la l\u00e9gislation \ndu travail dans les entreprises relevant des sections d'inspection du travail composant les unit\u00e9s de \ncontr\u00f4le du d\u00e9partement de Paris,  tel que d\u00e9fini dans le tableau des affectations, d'int\u00e9rims et de \nsuppl\u00e9ances des sections, r\u00e9f\u00e9renc\u00e9s dans la colonne A de l'annexe en vigueur.  \n \nArticle 2  : les agents du corps de l'inspection du travail sont charg\u00e9s de l'int\u00e9rim des postes soit non \npourvus, soit vacants en raison de l'absence de longue dur\u00e9e de leur titulaire, tel que d\u00e9fini dans le tableau \ndes affectations, d'int\u00e9rims et de suppl\u00e9ances des s ections, r\u00e9f\u00e9renc\u00e9s dans la colonne B de l'annexe en \nvigueur. \n \nArticle 3  : Conform\u00e9ment aux dispositions de l'article R.8122 -11-1\u00b0 du code du travail, les pouvoirs de \nd\u00e9cision administrative relevant de la comp\u00e9tence exclusive d'un inspecteur du travail sont confi\u00e9s aux \ninspecteurs du travail mentionn\u00e9  tel que d\u00e9fini dans le tableau des affectations, d'int\u00e9rims et de \nsuppl\u00e9ances des sections, r\u00e9f\u00e9renc\u00e9s dans la colonne C de l'annexe en vigueur.  \n \nEn cas d'absence ou d'emp\u00eachement d'un inspecteur mentionn\u00e9 \u00e0 l'annexe en vigueur, le pouvoir de \nd\u00e9cision est assur\u00e9 par l'inspecteur charg\u00e9 d'assurer l'int\u00e9rim de celui -ci en application de l'article 5. \n \nArticle 4 : Conform\u00e9ment aux dispositions de l'article R.8122 -11-2\u00b0 du code du travail, le contr\u00f4le de tout \nou partie des \u00e9tablissements d'au moins cinquante salari\u00e9s qui ne serait pas assur\u00e9 par les contr\u00f4leurs du \ntravail est confi\u00e9 aux inspecteurs du travail tel que d\u00e9fini dans le tableau des affectations, d'int\u00e9rims et de \nsuppl\u00e9ances des sections, r\u00e9f\u00e9renc\u00e9s dans la colonne D et E de l'annexe en vigueur.  \n \nDirection r\u00e9gionale et interd\u00e9partementale de l'\u00e9conomie, de l'emploi, du travail et des solidarit\u00e9s d'\u00cele-de-France -\nIDF-2025-08-01-00004 - D\u00e9cision n\u00b0 2025-138 du 1er ao\u00fbt 2025 portant affectation des agents de contr\u00f4le dans les unit\u00e9s de contr\u00f4le\net gestion des int\u00e9rims de l'unit\u00e9 d\u00e9partementale de Paris de la DRIEETS d'Ile-de-France\n48\n  \n                                                                                                                                                                                                                              2 / 8 \n \n \nArticle 5 : En cas de vacance de poste, d'absence ou d'emp\u00eachement pour une dur\u00e9e inf\u00e9rieure \u00e0 un mois \nd'un ou plusieurs agents de contr\u00f4le d\u00e9sign\u00e9s \u00e0 l'article 1 ci-dessus, l'int\u00e9rim est organis\u00e9 selon les modalit\u00e9s \nci-apr\u00e8s : \n \nUnit\u00e9 de contr\u00f4le des 1er et 2\u00e8 arrondissements : UC 01-02 \n \nL'int\u00e9rim du responsable de l'unit\u00e9 de contr\u00f4le est assur\u00e9 par l'un des responsables des unit\u00e9s de contr\u00f4le \ndes 3 \u00e8, 4 \u00e8 et 11\u00e8 arrondissements, d u 9 \u00e8arrondissement, des 10 \u00e8 et 18 \u00e8 arrondissements, du 12 \u00e8 \narrondissement, du 17\u00e8, des 19\u00e8 et 20\u00e8 arrondissements ou des transports. \n \n \nL'int\u00e9rim des inspecteurs du travail est assur\u00e9 par l'un des inspecteurs de l'unit\u00e9 de contr\u00f4le des 1 er et 2\u00e8 \narrondissements ou en cas de vacance temporaire, d'absence ou d'emp\u00eachement simultan\u00e9s, par un des \ninspecteurs du travail de l'unit\u00e9 de contr\u00f4le des 3\u00e8, 4\u00e8 et 11\u00e8 arrondissements, du 12\u00e8 arrondissement ou de \nl'unit\u00e9 de contr\u00f4le des 19\u00e8 et 20\u00e8 arrondissements, ou par le responsable de l'unit\u00e9 de contr\u00f4le.  \n \nUnit\u00e9 de contr\u00f4le des 3\u00e8, 4\u00e8 et 11\u00e8 arrondissements : UC 03-04-11 \n \nL'int\u00e9rim du responsable de l'unit\u00e9 de contr\u00f4le est assur\u00e9 par l'un des responsables des unit\u00e9s de contr\u00f4le \ndes 1er et 2\u00e8 arrondissements, du 9\u00e8 arrondissement, des 10\u00e8 et 18\u00e8 arrondissements, du 12\u00e8 arrondissement, \ndu 17\u00e8, des 19\u00e8 et 20\u00e8 arrondissements ou des transports. \n \nL'int\u00e9rim des inspecteurs du travail est assur\u00e9 par l'un des insp ecteurs de l'unit\u00e9 de contr\u00f4le des 3\u00e8, 4\u00e8 et \n11\u00e8 arrondissements ou en cas de vacance temporaire, d'absence ou d'emp\u00eachement simultan\u00e9s, par un \ndes inspecteurs du travail des unit\u00e9s de contr\u00f4le 1 er et 2\u00e8 arrondissements, du 12\u00e8 arrondissement ou des \n19\u00e8 et 20\u00e8 arrondissements, ou par le responsable de l'unit\u00e9 de contr\u00f4le.  \n \nL'int\u00e9rim du contr\u00f4leur du travail est assur\u00e9 par l'un des agents de contr\u00f4le de l'unit\u00e9 de contr\u00f4le des 3 \u00e8, \n4\u00e8 et 11\u00e8 arrondissements ou en cas de vacance temporaire, d'absence ou d'emp\u00eachement simultan\u00e9s, par \nun des agents de contr\u00f4le des unit\u00e9s de contr\u00f4le des 1 er et 2\u00e8 arrondissements, du 12\u00e8 arrondissement ou \ndes 19\u00e8 et 20\u00e8 arrondissements. \n \nUnit\u00e9 de contr\u00f4le des 5\u00e8s, 6\u00e8 et 7\u00e8 arrondissements : UC 05-06-07 \n \nL'int\u00e9rim du responsable de l'unit\u00e9 de contr\u00f4le est assur\u00e9 par l'un des responsables des unit\u00e9s de contr\u00f4le \ndu 8 \u00e8 arrondissement, des 13\u00e8 et  14\u00e8 arrondissements, du 15\u00e8 ou 16-\u00e8 arrondissement.  \n \nL'int\u00e9rim des inspecteurs du travail est assur\u00e9 par l'un des inspecteurs de l'unit\u00e9 de contr\u00f4le des 5 \u00e8, 6\u00e8 et \n7\u00e8 arrondissements ou en cas de vacance temporaire, d'absence ou d'emp\u00eachement simultan\u00e9s, par un \ndes inspecteurs du travail des unit\u00e9s de contr\u00f4le des 10\u00e8 et 18\u00e8 arrondissements, du 17\u00e8 arrondissement ou \ndes transports, ou par le responsable de l'unit\u00e9 de contr\u00f4le. \n \nUnit\u00e9 de contr\u00f4le du 8\u00e8 arrondissement : UC 08 \n \nL'int\u00e9rim du responsable de l'unit\u00e9 de contr\u00f4le est assur\u00e9 par l'un des responsables des unit\u00e9s de contr\u00f4le \ndes 5\u00e8, 6\u00e8 et 7\u00e8 arrondissements, des 13\u00e8 et 14\u00e8 arrondissements, du 15\u00e8 ou 16\u00e8 arrondissement. \n \nL'int\u00e9rim des inspecteurs du travail est assur\u00e9 par l'un des inspecteurs de l'unit\u00e9 de contr\u00f4le du 8 \u00e8 \narrondissement ou en cas de vacance temporaire, d'absence ou d'emp\u00eachement simultan\u00e9s, par un des \ninspecteurs du travail de l'unit\u00e9 de contr\u00f4le du 9 \u00e8 arrondissement, ou par le responsable de l'unit\u00e9 de \ncontr\u00f4le. \n \nDirection r\u00e9gionale et interd\u00e9partementale de l'\u00e9conomie, de l'emploi, du travail et des solidarit\u00e9s d'\u00cele-de-France -\nIDF-2025-08-01-00004 - D\u00e9cision n\u00b0 2025-138 du 1er ao\u00fbt 2025 portant affectation des agents de contr\u00f4le dans les unit\u00e9s de contr\u00f4le\net gestion des int\u00e9rims de l'unit\u00e9 d\u00e9partementale de Paris de la DRIEETS d'Ile-de-France\n49\n  \n                                                                                                                                                                                                                              3 / 8 \n \n \nL'int\u00e9rim du contr\u00f4leur du travail est assur\u00e9 par l'un des agents de contr\u00f4le de l'unit\u00e9 de contr\u00f4le du 8 \u00e8 \narrondissement ou en cas de vacance temporaire, d'absence ou d'emp\u00eachement simultan\u00e9s, par un des \nagents de contr\u00f4le de l'unit\u00e9 de contr\u00f4le du 9\u00e8 arrondissement. \n \nUnit\u00e9 de contr\u00f4le du 9\u00e8 arrondissement : UC 09 \n \nL'int\u00e9rim du responsable de l'unit\u00e9 de contr\u00f4le est assur\u00e9 par l'un des responsables des unit\u00e9s de contr\u00f4le \ndes 1er et 2\u00e8 arrondissements, des 10\u00e8 et 18\u00e8 arrondissements, du 12\u00e8 arrondissement, du 17\u00e8, des 19\u00e8 et 20\u00e8 \narrondissements ou des transports. \nL'int\u00e9rim des inspecteurs du travail est assur\u00e9 par l'un des inspecteurs de l'unit\u00e9 de contr\u00f4le du 9 \u00e8 \narrondissement ou en cas de vacance temporaire, d'absence ou d'emp\u00eachement simultan\u00e9s, par un des \ninspecteurs du travail de l'unit\u00e9 de contr\u00f4le du 8 \u00e8 arrondissement, ou par le responsable de l'unit\u00e9 de \ncontr\u00f4le. \n \nL'int\u00e9rim du contr\u00f4leur du travail est assur\u00e9 par l'un des agents de contr\u00f4le de l'unit\u00e9 de contr\u00f4le du 9 \u00e8 \narrondissement ou en cas de vacance temporaire, d'absence ou d'emp\u00eachement simultan\u00e9s, par un des \nagents de contr\u00f4le de l'unit\u00e9 de contr\u00f4le du 8\u00e8 arrondissement. \n \n \n \n \nUnit\u00e9 de contr\u00f4le des 10\u00e8 et 18\u00e8 arrondissements : UC 10-18 \n \nL'int\u00e9rim du responsable de l'unit\u00e9 de contr\u00f4le est assur\u00e9 par l'un des responsables des unit\u00e9s de contr\u00f4le \ndes 1 er et 2 \u00e8 arrondissements, des 3 \u00e8, 4 \u00e8 et 11 \u00e8 arrondissements, d u 9\u00e8 arrondissement, du 12 \u00e8 \narrondissement, du 17\u00e8, des 19\u00e8 et 20\u00e8 arrondissements ou des transports. \n \nL'int\u00e9rim des inspecteurs du travail est assur\u00e9 par l'un des inspe cteurs de l'unit\u00e9 de contr\u00f4le des 10\u00e8 et 18\u00e8 \narrondissements ou en cas de vacance temporaire, d'absence ou d'emp\u00eachement simultan\u00e9s, par un des \ninspecteurs du travail des unit\u00e9s de contr\u00f4le d u 9 \u00e8 arrondissement, du 17 \u00e8 arrondissement ou des \ntransports, ou par le responsable de l'unit\u00e9 de contr\u00f4le. \n \nUnit\u00e9 de contr\u00f4le du 12\u00e8 arrondissement : UC 12 \n \nL'int\u00e9rim du responsable de l'unit\u00e9 de contr\u00f4le est assur\u00e9 par l'un des responsables des unit\u00e9s de contr\u00f4le \ndes 1 er et 2 \u00e8 arrondissements, des 3 \u00e8, 4 \u00e8 et 11 \u00e8 arrondissements, d u 9 \u00e8 arrondissement, des 10 \u00e8 et 18 \u00e8 \narrondissements, du 17\u00e8, des 19\u00e8 et 20\u00e8 arrondissements ou des transports. \n \nL'int\u00e9rim des inspecteurs du travail est assur\u00e9 par l'un des insp ecteurs de l'unit\u00e9 de contr\u00f4le du 12 \u00e8 \narrondissement ou en cas de vacance temporaire, d'absence ou d'emp\u00eachement simultan\u00e9s, par un des \ninspecteurs du travail des unit\u00e9s de contr\u00f4le des 1ers et 2\u00e8 arrondissements, des 3\u00e8, 4\u00e8 et 11\u00e8 arrondissements, \ndes 10\u00e8 et 18 \u00e8 et 17\u00e8, 19\u00e8 et 20\u00e8 arrondissements, ou par le responsable de l'unit\u00e9 de contr\u00f4le.  \n \nUnit\u00e9 de contr\u00f4le des 13\u00e8 et 14\u00e8 arrondissements : UC 13-14 \n \nL'int\u00e9rim du responsable de l'unit\u00e9 de contr\u00f4le est assur\u00e9 par l'un des responsables des unit\u00e9s de contr\u00f4le \ndu 15\u00e8, du 16\u00e8 arrondissement, du 8\u00e8 arrondissement ou des 5\u00e8, 6\u00e8 et 7\u00e8 arrondissements, ou par la directrice \ndu secteur sud. \n \nL'int\u00e9rim des inspecteurs du travail est assur\u00e9 par l'un des inspecteurs de l'unit\u00e9 de contr\u00f4le du 13 \u00e8 et 14\u00e8 \narrondissement ou en cas de vacance temporaire, d'absence ou d'emp\u00eachement simultan\u00e9s, par un des \ninspecteurs du travail des unit\u00e9s de contr\u00f4le du 15\u00e8 arrondissement, ou du 16\u00e8 arrondissement.  \n \nDirection r\u00e9gionale et interd\u00e9partementale de l'\u00e9conomie, de l'emploi, du travail et des solidarit\u00e9s d'\u00cele-de-France -\nIDF-2025-08-01-00004 - D\u00e9cision n\u00b0 2025-138 du 1er ao\u00fbt 2025 portant affectation des agents de contr\u00f4le dans les unit\u00e9s de contr\u00f4le\net gestion des int\u00e9rims de l'unit\u00e9 d\u00e9partementale de Paris de la DRIEETS d'Ile-de-France\n50\n  \n                                                                                                                                                                                                                              4 / 8 \n \n \nUnit\u00e9 de contr\u00f4le du 15\u00e8 arrondissement : UC 15 \n \nL'int\u00e9rim du responsable de l'unit\u00e9 de contr\u00f4le est assur\u00e9 par l'un des responsables des unit\u00e9s de contr\u00f4le, \ndes 13 \u00e8 et 14 \u00e8 arrondissements, du 16 \u00e8 arrondissement, du 8 \u00e8 arrondissement ou des 5 \u00e8, 6 \u00e8 et 7 \u00e8 \narrondissements  \n \nL'int\u00e9rim des inspecteurs du travail est assur\u00e9 par l'un des inspecteurs de l'unit\u00e9 de contr\u00f4le du 15 \u00e8 \narrondissement ou en cas de vacance temporaire, d'absence ou d'emp\u00eachement simultan\u00e9s, par un des \ninspecteurs du travail des unit\u00e9s de contr\u00f4le des 13 \u00e8 et 14\u00e8 arrondissements, ou du 16\u00e8 arrondissement, ou \npar le responsable de l'unit\u00e9 de contr\u00f4le. \n \nUnit\u00e9 de contr\u00f4le du 16\u00e8 arrondissement : UC 16 \n \nL'int\u00e9rim du responsable de l'unit\u00e9 de contr\u00f4le est assur\u00e9 par l'un des responsables des unit\u00e9s de contr\u00f4le \ndes 13 \u00e8 et 14 \u00e8 arrondissements, du 15 \u00e8 arrondissement, du 8 \u00e8 arrondissement ou des 5 \u00e8, 6 \u00e8 et 7 \u00e8 \narrondissements. \n \nL'int\u00e9rim des inspecteurs du travail est assur\u00e9 par l'un des inspecteurs de l'unit\u00e9 de contr\u00f4le du 16 \u00e8 \narrondissement ou en cas de vacance temporaire, d'absence ou d'emp\u00eachement simultan\u00e9s, par un des \ninspecteurs du travail des unit\u00e9s de contr\u00f4le des 13 \u00e8 et 14\u00e8 arrondissements, ou du 15\u00e8 arrondissement, ou \npar le responsable de l'unit\u00e9 de contr\u00f4le. \n \nUnit\u00e9 de contr\u00f4le du 17\u00e8 arrondissement : UC 17 \n \nL'int\u00e9rim du responsable de l'unit\u00e9 de contr\u00f4le est assur\u00e9 par l'un des responsables des unit\u00e9s de contr\u00f4le \ndes 1 er et 2 \u00e8 arrondissements, des 3 \u00e8, 4 \u00e8 et 11 \u00e8 arrondissements, du 9 \u00e8arrondissement, des 10 \u00e8 et 18 \u00e8 \narrondissements, du 12\u00e8 ; des 19\u00e8 et 20\u00e8 arrondissements ou des transports. \n \nL'int\u00e9rim des inspecteurs du travail est assur\u00e9 par l'un des inspecteurs de l'unit\u00e9 de contr\u00f4le du  17\u00e8 \narrondissement ou en cas de vacance temporaire, d'absence ou d'emp\u00eachement simultan\u00e9s, par un des \ninspecteurs du travail des unit\u00e9s de contr\u00f4le d u 9\u00e8 arrondissement, des 10 \u00e8 et 18\u00e8 ; du 12\u00e8 ; des 19 \u00e8 et 20\u00e8 \narrondissement ou des transports, ou par le responsable de l'unit\u00e9 de contr\u00f4le.  \n \nUnit\u00e9 de contr\u00f4le des 19\u00e8 et 20\u00e8 arrondissements : UC 19-20 \n \nL'int\u00e9rim du responsable de l'unit\u00e9 de contr\u00f4le est assur\u00e9 par l'un des responsables des unit\u00e9s de contr\u00f4le \ndes 1 er et 2 \u00e8 arrondissements, des 3 \u00e8, 4 \u00e8 et 11 \u00e8 arrondissements, d u 9\u00e8 arrondissement, des 10 \u00e8 et 18 \u00e8 \narrondissements, du 12\u00e8 arrondissement, du 17\u00e8 arrondissement ou des transports. \n \nL'int\u00e9rim des inspecteurs du travail est assur\u00e9 par l'un des inspecteurs de l'unit\u00e9 de contr\u00f4le des 19 \u00e8 et 20\u00e8 \narrondissements ou en cas de vacance  temporaire, d'absence ou d'emp\u00eachement simultan\u00e9s, par un des \ninspecteurs du travail des unit\u00e9s de contr\u00f4le des 1er et 2\u00e8 arrondissements, des 3\u00e8, 4\u00e8 et 11\u00e8 arrondissements \nou du 12\u00e8 arrondissement, ou par le responsable de l'unit\u00e9 de contr\u00f4le.  \n \nL'int\u00e9rim du contr\u00f4leur du travail est assur\u00e9 par l'un des agents de contr\u00f4le de l'unit\u00e9 de contr\u00f4le des 19 \u00e8 \net 20\u00e8 arrondissements ou en cas de vacance  temporaire, d'absence ou d'emp\u00eachement simultan\u00e9s, par \nun des agents de contr\u00f4le des unit\u00e9s de contr\u00f4le des 1er et 2\u00e8 arrondissements, 3\u00e8, 4\u00e8 et 11\u00e8 arrondissements \nou du 12\u00e8 arrondissement. \n \n \n \n \n \nDirection r\u00e9gionale et interd\u00e9partementale de l'\u00e9conomie, de l'emploi, du travail et des solidarit\u00e9s d'\u00cele-de-France -\nIDF-2025-08-01-00004 - D\u00e9cision n\u00b0 2025-138 du 1er ao\u00fbt 2025 portant affectation des agents de contr\u00f4le dans les unit\u00e9s de contr\u00f4le\net gestion des int\u00e9rims de l'unit\u00e9 d\u00e9partementale de Paris de la DRIEETS d'Ile-de-France\n51\n  \n                                                                                                                                                                                                                              5 / 8 \n \n \nUnit\u00e9 de contr\u00f4le Transport : UC TR \n \nL'int\u00e9rim du responsable de l'unit\u00e9 de contr\u00f4le est assur\u00e9 par l'un des responsables des unit\u00e9s de contr\u00f4le \ndes 1 er et 2 \u00e8 arrondissements, des 3 \u00e8, 4 \u00e8 et 11\u00e8 arrondissements, d u 9 \u00e8arrondissement, des 10 \u00e8 et 18 \u00e8 \narrondissements, du 12\u00e8 arrondissement, du 17\u00e8 arrondissement ou des 19\u00e8 et 20\u00e8 arrondissements. \n \nL'int\u00e9rim des inspecteurs du travail est assur\u00e9 par l'un des inspecteurs de l'unit\u00e9 de contr\u00f4le transport du \nd\u00e9partement ou en cas de vacance temporaire, d'absence ou d'emp\u00eachement simultan\u00e9s, par un des \ninspecteurs du travail des unit\u00e9s de contr\u00f4le d u 9\u00e8 arrondissement, des 10\u00e8 et 18\u00e8 arrondissements ou du \n17\u00e8 arrondissement, ou par le responsable de l'unit\u00e9 de contr\u00f4le.  \n \nArticle 6 : Conform\u00e9ment aux dispositions de l'article R. 8122-10 du Code du travail, les agents mentionn\u00e9s \n\u00e0 l'article 1 participent lorsque l'action le rend n\u00e9cessaire aux actions d'inspection de la l\u00e9gislation du travail \nsur le territoire de l'unit\u00e9 d\u00e9partementale de Paris. \n \nArticle 7 : La pr\u00e9sente d\u00e9cision prend effet \u00e0 la date de sa publication et abroge la d\u00e9cision n\u00b0 2025-119 \ndu 04 juillet 2025 \n  \nArticle 8  : Le directeur r\u00e9gional et interd\u00e9partemental de l'\u00e9conomie, de l'emploi, du travail et des \nsolidarit\u00e9s d'Ile-de-France est charg\u00e9 de l'application de la pr\u00e9sente d\u00e9cision, qui sera publi\u00e9e au recueil \ndes actes administratifs de la r\u00e9gion d'\u00cele-de-France.  \n \n \n \nFait \u00e0 Aubervilliers, le 1er ao\u00fbt 2025 \n \nLe Directeur r\u00e9gional et interd\u00e9partemental de l'\u00e9conomie, \nde l'emploi, du travail et des solidarit\u00e9s par int\u00e9rim, \n \n \nSIGN\u00c9 \n \nMarc ROHFRITSCH \n  \nDirection r\u00e9gionale et interd\u00e9partementale de l'\u00e9conomie, de l'emploi, du travail et des solidarit\u00e9s d'\u00cele-de-France -\nIDF-2025-08-01-00004 - D\u00e9cision n\u00b0 2025-138 du 1er ao\u00fbt 2025 portant affectation des agents de contr\u00f4le dans les unit\u00e9s de contr\u00f4le\net gestion des int\u00e9rims de l'unit\u00e9 d\u00e9partementale de Paris de la DRIEETS d'Ile-de-France\n52\n  \n                                                                                                                                                                                                                              6 / 8 \n \n \nAnnexe : \nTableau des affectations des agents de contr\u00f4le dans les unit\u00e9s de contr\u00f4le des services d'inspection du \nTravail de l'UD de Paris. Gestion des int\u00e9rims et de la suppl\u00e9ance. Annex\u00e9 \u00e0 la d\u00e9cision. \n \n \n \n \n \n \n \n0 Section Ardt NOM et Pr\u00e9nom Grade\nUC / Section\nInterim\n > 1 mois\nd\u00e9cisions\nadministratives\nArt. R.8122-11-1\u00b0\n\u00e9ts. de \n \u2265 de 50 salari\u00e9s\nArt. R.8122-11-2\u00b0\n\u00e9ts. de \n+ de 300 salari\u00e9s\nArt. R.8122-11-2\u00b0\nUC 01-02 RUC 1-2 PEYRON Patrice DAT\nUC 01-02 1-1 1 MATHIEU Loic IT  \nUC 01-02 1-2 1 GIP Fanny IT\nUC 01-02 1-3 1 MORISSEAU No\u00e9mie IT\nUC 01-02 1-4 1 CREANTOR Ars\u00e8ne IT\nUC 01-02 1-5 1 Int\u00e9rimaire IT\nUC 01-02 1-6 2 BLANCHO Marco IT\nUC 01-02 1-7 2 Int\u00e9rimaire IT CADIOU Benjamin\nUC 01-02 1-8 2 SAHEL Samia IT\nUC 01-02 1-9 2 JACQUEMIN Fatim IT\nUC 01-02 1-10 2 Int\u00e9rimaire IT CADIOU Benjamin\nUC 01-02 1-11 2 CADIOU Benjamin IT\nUC 03-04-11 RUC 3-4-11  CARPENTIER J\u00e9r\u00e9mie DAT\nUC 03-04-11 3-1 3  HOFFMAN Mathilde IT\nUC 03-04-11 3-2 3 GODIN V\u00e9ronique IT RAMBAUD Fran\u00e7oise  \nUC 03-04-11 3-3 3 GRUNHARD Tom IT\nUC 03-04-11 3-4 4 Int\u00e9rimaire DAT RAMBAUD Fran\u00e7oise\nUC 03-04-11 3-5 4 RAMBAUD Fran\u00e7oise DAT\nUC 03-04-11 3-6 11 PICHERY Maud IT\nUC 03-04-11 3-7 11 EL HABBAD Farida CT/IT MAUD PICHERY MAUD PICHERY MAUD PICHERY\nUC 03-04-11 3-8 11  LE HERICY DURAND Edouard IT  \nUC 03-04-11 3-9 11 LAGARDE St\u00e9phane IT\nUC 03-04-11 3-10 11 GLEMET Christelle IT\nUC 03-04-11 3-11 11 DUSSEUX Elise IT\nUC 05-06-07 RUC 5-6-7 TREMEL Pierre DAT\nUC 05-06-07 5-1 5 FUSINA Marc DAT\nUC 05-06-07 5-2 5 ALLARD JOLY Maud IT\nUC 05-06-07 5-3 5 ASTRI Marie-Claude IT\nUC 05-06-07 5-4 6 GOMES Lionel IT\nUC 05-06-07 5-5 6 MARVALIN Val\u00e9rie IT\nUC 05-06-07 5-6 6 LABSSI Mornia IT\nUC 05-06-07 5-7 7 ZEROUALI Samira IT\nUC 05-06-07 5-8 7 DELOCHE Damien IT\nUC 05-06-07 5-9 7 MEDJOUDJ-MEZHAR Noura IT\nUC 08 RUC 8 Int\u00e9rim DAT PEYRON Patrice \nUC 8 8-1 8 int\u00e9rimaire IT LAVABRE Virginie\nUC 8 8-2 8 BOURJOLLY Nathalie IT\nUC 8 8-3 8 Ismehen ROJBI IT\nUC 8 8-4 8 PENELA Catarina IT\nUC 8 8-5 8 BELOVA Eug\u00e9nie IT\nUC 8 8-6 8 MORTREUIL Florence CT/IT SAVEAN Micheline LAVABRE Virginie  LAVABRE Virginie LAVABRE Virginie  \nUC 8 8-7 8 PONCE-KAHOUL Sarah IT\nUC 8 8-8 8 TISBA Nad\u00e8ge  \nUC 8 8-9 8 SCHORSCH M\u00e9lissa IT  \nUC 8 8-10 8 SAVEAN Micheline CT/IT PENELA Catarina\nUC 8 8-11 8 Int\u00e9rimaire IT PENELA Catarina\nUC 8 8-12 8 Jacques PETITIER IT\nUC 8 8-13 8 FREDERIC Caroline IT\nUC 8 8-14 8 Int\u00e9rimaire IT FREDERIC Caroline\nUC 8 8-15 8 LAVABRE Virginie IT\nUC 8 8-16 8 Int\u00e9rimaire IT LAVABRE Virginie\nDirection r\u00e9gionale et interd\u00e9partementale de l'\u00e9conomie, de l'emploi, du travail et des solidarit\u00e9s d'\u00cele-de-France -\nIDF-2025-08-01-00004 - D\u00e9cision n\u00b0 2025-138 du 1er ao\u00fbt 2025 portant affectation des agents de contr\u00f4le dans les unit\u00e9s de contr\u00f4le\net gestion des int\u00e9rims de l'unit\u00e9 d\u00e9partementale de Paris de la DRIEETS d'Ile-de-France\n53\n  \n                                                                                                                                                                                                                              7 / 8 \n \n \n \n \n \n \n \nUC 09 RUC 9 Int\u00e9rim DAT AYMEN DE LAGEARD Lucile\nUC 09 9-1 9 VIDAL Roselyne IT\nUC 09 9-2 9 BLETTNER Honorine IT\nUC 09 9-3 9 PEREIRA C\u00e9line IT\nUC 09 9-4 9 HERER C\u00e9cile IT\nUC 09 9-5 9 HUMBERT James IT\nUC 09 9-6 9 GEAGEA Hanane IT\nUC 09 9-7 9 MORIO Caroline IT\nUC 09 9-8 9 AINSEBA Djamila IT\nUC 09 9-9 9 DEROO BLANQUART Laetitia DAT\nUC 09 9-10 9 JAKUBOWSKI Pierre CT / IT DELADREC Aurore DELADREC Aurore DELADREC Aurore \nUC 09 9-11 9 DELADREC Aurore IT\nUC 10-18 RUC 10-18 L'HOSTIS Ism\u00e9rie\nUC 10-18 10-1 10 MANIER Christelle IT\nUC 10-18 10-2 10 MALLEVRE Philippe IT\nUC 10-18 10-3 10 GOY S\u00e9bastien IT\nUC 10-18 10-4 10 OU-RABAH Samuel IT\nUC 10-18 10-5 10 WATERNAUX Marion IT\nUC 10-18 10-6 10 KAPUSCINSKI Chlo\u00e9 IT\nUC 10-18 10-7 10 GOUT Philippe IT\nUC 10-18 10-8 10 PHILIBERT Arnaud IT\nUC 10-18 10-9 18 BOUR Abdehadi IT\nUC 10-18 10-10 18 int\u00e9rimaire IT RULLE Betty\nUC 10-18 10-11 18 int\u00e9rimaire IT GOUT Philippe\nUC 10-18 10-12 18 RULLE Betty IT   \nUC 12 RUC 12 BRESSON Elo\u00efse DAT\nUC 12 12-1 12 RAMBAUD Louis IT\nUC 12 12-2 12 ANDRIEU David IT\nUC 12 12-3 12 CANGOU-MINOS Eliane IT GARCIA Jean-Michel\nUC 12 12-4 12 Int\u00e9rimaire IT  JEAN-LOUIS Manuel\nUC 12 12-5 12 JEAN-LOUIS Manuel IT\nUC 12 12-6 12 GARCIA Jean-Michel IT\nUC 12 12-7 12 EL-AIDOUI Ilhem IT\nUC 12 12-8 12 BRESSON Elo\u00efse DAT\nUC 13-14 RUC 13-14 LUGUET Emmanuel DAT\nUC 13-14 13-1 13 Int\u00e9rimaire IT LUGUET Emmanuel\nUC 13-14 13-2 13 ABDELGHANI Mourad IT\nUC 13-14 13-3 13 MARTEL Thierry IT\nUC 13-14 13-4 13 DOS SANTOS OLIVEIRA Carlos IT\nUC 13-14 13-5 13 MOUALHI Nisar IT\nUC 13-14 13-6 13 CHEVREAU Barbara IT\nUC 13-14 13-7 14 LANG Samira IT\nUC 13-14 13-8 14 SOK Angkeavattey IT\nUC 13-14 13-9 14 FULCHIGNONI Aurelia IT\nUC 13-14 13-10 14 MALBOIS Estelle IT\nUC 13-14 13-11 14 LOPES-PEREIRA Julia \u00a0\u00a0\u00a0\u00a0\u00a0\u00a0\u00a0\u00a0\u00a0\u00a0\u00a0\u00a0\u00a0\u00a0\u00a0\u00a0 IT\nUC 15 RUC 15 TRAN VAN TI Maximilien DAT\nUC 15 15-1 15 MUNIER Delphine IT\nUC 15 15-2 15 DUPONT Vanessa IT TRAN VAN TI Maximilien\nUC 15 15-3 15 LE NAOUR Marc IT\nUC 15 15-4 15 NOUCK Alice IT\nUC 15 15-5 15 MAILLET Christ\u00e8le IT\nUC 15 15-6 15 TOUNKARA Fatimata IT\nUC 15 15-7 15 ZERGOUG Same IT\nUC 15 15-8 15 BOLORE Benoit IT\nUC 15 15-9 15 JULIEN Jean-Christophe IT\nUC 16 RUC 16 BERTRAND Michel DAT\nUC 16 16-1 16 MAROTAUX Nathalie IT\nUC 16 16-2 16 LAVA Nathalie IT\nUC 16 16-3 16 DURAND Flora IT\nUC 16 16-4 16 HAUVILLE Anthony IT\nUC 16 16-5 16 SCHWOB Jean-Bernard IT / DAT BERTRAND Michel\nUC 16 16-6 16 BLANCHET Barbara IT\nUC 16 16-7 16 RAUBER Olivier IT\nUC 16 16-8 16 CAZEAUD Julie IT\nDirection r\u00e9gionale et interd\u00e9partementale de l'\u00e9conomie, de l'emploi, du travail et des solidarit\u00e9s d'\u00cele-de-France -\nIDF-2025-08-01-00004 - D\u00e9cision n\u00b0 2025-138 du 1er ao\u00fbt 2025 portant affectation des agents de contr\u00f4le dans les unit\u00e9s de contr\u00f4le\net gestion des int\u00e9rims de l'unit\u00e9 d\u00e9partementale de Paris de la DRIEETS d'Ile-de-France\n54\n  \n                                                                                                                                                                                                                              8 / 8 \n \n \n \n \n \n \n \n \n \n \n \n \n \n \n \n \n \n \n \n \n \n \n \n \n \n \n \n \n \n \n \n \n \n \n \n \n \n \n \n \nUC 17 RUC 17 HAMPARTZOUMIAN St\u00e9phane DAT\nUC 17 17-1 17 FABRONI Nicole IT  \nUC 17 17-2 17 CLAIRFAYT Marine IT\nUC 17 17-3 17 Emilie NIELZ IT\nUC 17 17-4 17  WESQUY Hugo IT\nUC 17 17-5 17 CHARCOSSET Aude IT\nUC 17 17-6 17  MOUHEB Claire IT\nUC 17 17-7 17 LESAINT Andr\u00e9a IT\nUC 19-20 RUC 19-20 AYMEN DE LAGEARD Lucile DAT\nUC 19-20 19-1 19 COHADE Marie IT\nUC 19-20 19-2 19 JORRO Elise IT\nUC 19-20 19-3 19 BRIAND Eric IT    \nUC 19-20 19-4 19 Int\u00e9rimaire IT BRIAND Eric\nUC 19-20 19-5 19 REYNAUD Valentine IT PEZ Marine\nUC 19-20 19-6 20 ARNUEL Herv\u00e9 CT/IT AYMEN DE LAGEARD Lucile AYMEN DE LAGEARD Lucile AYMEN DE LAGEARD Lucile\nUC 19-20 19-7 20 COUPE Claire IT\nUC 19-20 19-8 20 CHEURFA Loun\u00e8s IT\nUC 19-20 19-9 20 PEZ Marine IT\nUC TR RUC LOISET St\u00e9phane DAT\nUC TR TR-1  HUBERT Marie IT\nUC TR TR-2 BEAUD Arthur IT\nUC TR TR-3 AMOROSI L\u00e9a IT\nUC TR TR-4 BRIANTAIS Emeline IT\nUC TR TR-5 BURDIN Yann IT\nUC TR TR-6 Int\u00e9rimaire IT AMOROSI Lea\nDirection r\u00e9gionale et interd\u00e9partementale de l'\u00e9conomie, de l'emploi, du travail et des solidarit\u00e9s d'\u00cele-de-France -\nIDF-2025-08-01-00004 - D\u00e9cision n\u00b0 2025-138 du 1er ao\u00fbt 2025 portant affectation des agents de contr\u00f4le dans les unit\u00e9s de contr\u00f4le\net gestion des int\u00e9rims de l'unit\u00e9 d\u00e9partementale de Paris de la DRIEETS d'Ile-de-France\n55\nDirection r\u00e9gionale et interd\u00e9partementale de\nl'\u00e9conomie, de l'emploi, du travail et des\nsolidarit\u00e9s d'\u00cele-de-France\nIDF-2025-08-01-00007\nD\u00e9cision n\u00b0 2025-139 du 1er ao\u00fbt 2025\nportant affectation des agents de contr\u00f4le dans\nles unit\u00e9s de contr\u00f4le et gestion des int\u00e9rims de\nl'Unit\u00e9 d\u00e9partementale des Hauts-de-Seine de la\nDRIEETS d'Ile-de-France\nDirection r\u00e9gionale et interd\u00e9partementale de l'\u00e9conomie, de l'emploi, du travail et des solidarit\u00e9s d'\u00cele-de-France -\nIDF-2025-08-01-00007 - D\u00e9cision n\u00b0 2025-139 du 1er ao\u00fbt 2025\nportant affectation des agents de contr\u00f4le dans les unit\u00e9s de contr\u00f4le et gestion des int\u00e9rims de l'Unit\u00e9 d\u00e9partementale des\nHauts-de-Seine de la DRIEETS d'Ile-de-France\n56\nMINISTEREDU TRAVAIL, DE LA SANTE,DES SOLIDARITESET DES FAMILLESLibert\u00e9\u00c9galit\u00e9Fraternit\u00e9\n \nDRIEETS Ile-de-France  \n19/21 rue Madeleine Vionnet  \n93300 AUBERVILLIERS                                                                                                                                                                                                                         \n  \nDirection r\u00e9gionale et interd\u00e9partementale \nde l'\u00e9conomie, de l'emploi, \ndu travail et des solidarit\u00e9s  \nd'Ile de France \n \n \n \n \n \nD\u00e9cision n\u00b0 2025-139 du 1er ao\u00fbt 2025 \nportant affectation des agents de contr\u00f4le dans les unit\u00e9s de contr\u00f4le et gestion des int\u00e9rims \nde l'Unit\u00e9 d\u00e9partementale des Hauts-de-Seine de la DRIEETS d'Ile-de-France \n \n \n \nLe Directeur r\u00e9gional et interd\u00e9partemental de l'\u00e9conomie, de l'emploi, du travail et des solidarit\u00e9s d'Ile-\nde-France par int\u00e9rim, \n \nVu le code du travail, notamment ses articles R 8122-1 et suivants.  \n \nVu l'arr\u00eat\u00e9 interminist\u00e9riel du 20 mars 2025 nommant Marc ROHFRITSCH directeur r\u00e9gional et \ninterd\u00e9partemental de l'\u00e9conomie, de l'emploi, du travail et des solidarit\u00e9s d'\u00cele -de-France par int\u00e9rim, \u00e0 \ncompter du 1er avril 2025, \n \nVu l'arr\u00eat\u00e9 minist\u00e9riel du 25 mars 2024 portant cr\u00e9ation et r\u00e9partition des unit\u00e9s de contr\u00f4le de \nl'inspection du travail,  \n \nVu la d\u00e9cision n\u00b0 2021 -25 du 1er avril 2021 du directeur r\u00e9gional et interd\u00e9partemental de l'\u00e9conomie, de \nl'emploi, du travail et des solidarit\u00e9s d'Ile de France relative \u00e0 la localisation et \u00e0 la d\u00e9limitation des unit\u00e9s \nde contr\u00f4le et des sections d'inspection du travail de l'unit\u00e9 d\u00e9partementale des Hauts-de-Seine. \n \nD\u00c9CIDE : \n \nARTICLE 1er  \n \nSont nomm\u00e9s comme responsables des unit\u00e9s de contr\u00f4le de l' unit\u00e9 d\u00e9partementale des Hauts-de-Seine \nles agents suivants : \n \n- Unit\u00e9 de contr\u00f4le n\u00b0 1 : Madame Adeline GAZZOLA, directrice adjointe du travail. \n \n- Unit\u00e9 de contr\u00f4le n\u00b0 2 : Monsieur William WYTS, directeur adjoint du travail. \n \n- Unit\u00e9 de contr\u00f4le n\u00b0 3 : Madame Sylvie GUINOT, directrice adjointe du travail.  \n \n- Unit\u00e9 de contr\u00f4le n\u00b0 4 : Madame Samya KAMALI, directrice adjoint du travail. \n \n- Unit\u00e9 de contr\u00f4le n\u00b0 5 : Madame Nathalie NAMPON, directrice adjointe du travail. \n \n- Unit\u00e9 de contr\u00f4le n\u00b0 6 : Madame Lydia SAOULI, directrice adjointe du travail. \n \n- Unit\u00e9 de contr\u00f4le n\u00b0 7 : Madame Lydia SAOULI, directrice adjointe du travail, par int\u00e9rim.  \n \n \nDirection r\u00e9gionale et interd\u00e9partementale de l'\u00e9conomie, de l'emploi, du travail et des solidarit\u00e9s d'\u00cele-de-France -\nIDF-2025-08-01-00007 - D\u00e9cision n\u00b0 2025-139 du 1er ao\u00fbt 2025\nportant affectation des agents de contr\u00f4le dans les unit\u00e9s de contr\u00f4le et gestion des int\u00e9rims de l'Unit\u00e9 d\u00e9partementale des\nHauts-de-Seine de la DRIEETS d'Ile-de-France\n57\n \n2 / 6 \nARTICLE 2  \n \nSans pr\u00e9judice des dispositions de l'article R.8122-10-I du code du travail et conform\u00e9ment aux dispositions \nde l'article R.8122-11 du code du travail encadrant la r\u00e9partition organisationnelle des contr\u00f4les et juridique \nrelative aux d\u00e9cisions administratives et pouvoirs relevant de la comp\u00e9tence exclusive des inspecteurs du \ntravail dans les sections confi\u00e9es \u00e0 un contr\u00f4leur du travail, sont affect\u00e9s dans les sections d'inspection de \nl'unit\u00e9 d\u00e9partementale des Hauts-de-Seine les agents suivants : \n \nUnit\u00e9 de contr\u00f4le n\u00b0 1 \n \nSection 1-1 : Madame Delphine SARRASIN, inspectrice du travail.  \n \nSection 1-2 : Monsieur Virgile GARSMEUR, inspecteur du travail. \n \nSection 1-3 : Madame Leslie SALATA, inspectrice du travail. \n \nSection 1- 4 : Madame Val\u00e9rie LABATUT, inspectrice du travail.   \n \nSection 1-5 : Madame Christine ONNEE, inspectrice du travail. \n \nSection 1-6 : Madame Lisa ROUZIER, inspectrice du travail. \n \nSection 1-7 : Madame Christine ONNEE, inspectrice du travail, par int\u00e9rim.  \n \nSection 1-8 : Madame Suzanne BRUNELLI, inspectrice du travail. \n \nUnit\u00e9 de contr\u00f4le n\u00b0 2 \n \nSection 2-1 : Madame Caroline COLIN, inspectrice du travail. \n \nMadame Caroline COLIN  est \u00e9galement comp\u00e9tente pour le contr\u00f4le des \u00e9tablissements de transports \nroutiers situ\u00e9s 26, quai Charles Pasqua \u00e0 Levallois-Perret. \n \nSection 2-2 : Monsieur Timoth\u00e9e MASSON, inspecteur du travail. \n \nSection 2-3 : Monsieur Th\u00e9o NUGUES-SCHONFELD, inspecteur du travail. \n \nSection 2-4 : Monsieur Farouk DJEBARA, inspecteur du travail. \n \nSection 2-5 : Madame Manon DEMIGNE, inspectrice du travail. \n \nSection 2-6 : Monsieur Nolit DASYLVA, inspecteur du travail.  \n \nSection 2-7 : Madame Marie-Agn\u00e8s YAPO, inspecteur du travail, par int\u00e9rim. \n \nSection 2-8 : Madame Marie-Agn\u00e8s YAPO, inspectrice du travail. \n \nSection 2 -9 : Madame Marjorie CARO , inspectr ice du travail.  En cas d'emp\u00eachement, M onsieur Th\u00e9o \nNUGUES-SCHONFELD. \n \nSection 2-10 : Monsieur Nosr-Eddine SEGHILI, inspecteur du travail, par int\u00e9rim. \n \nSection 2-11 : Monsieur Nosr-Eddine SEGHILI, inspecteur du travail. \nDirection r\u00e9gionale et interd\u00e9partementale de l'\u00e9conomie, de l'emploi, du travail et des solidarit\u00e9s d'\u00cele-de-France -\nIDF-2025-08-01-00007 - D\u00e9cision n\u00b0 2025-139 du 1er ao\u00fbt 2025\nportant affectation des agents de contr\u00f4le dans les unit\u00e9s de contr\u00f4le et gestion des int\u00e9rims de l'Unit\u00e9 d\u00e9partementale des\nHauts-de-Seine de la DRIEETS d'Ile-de-France\n58\n \n3 / 6 \n \nSection 2-12 : Monsieur Youssef CHEHADY, inspecteur du travail. \n \nUnit\u00e9 de contr\u00f4le n\u00b0 3 \n \nSection 3-1 : Madame St\u00e9phanie QUECHON, inspectrice du travail. \n \nSection 3-2 : Madame Ouarda SAOULA, inspectrice du travail. \n \nSection 3-3 : Monsieur Ronan LE VERGE, inspecteur du travail. \n \nSection 3-4 : Monsieur Guillaume THENOZ, inspecteur du travail. \n \nSection 3-5 : Monsieur Simon MAES, inspecteur du travail. \n \nSection 3-6 : Madame Sylvie BOBIN, inspectrice du travail.  \n \nSection 3-7 : Madame St\u00e9phanie HUDE, inspectrice du travail.  \n \nSection 3-8 : Monsieur Fr\u00e9d\u00e9ric PICARD, inspecteur du travail. \n \nSection 3-9 : Monsieur Philippe GARNEAU, contr\u00f4leur du travail. \n \nMonsieur Simon MAES , inspecteur du travail, est charg\u00e9 du contr\u00f4le des \u00e9tablissements d'au moins 50 \nsalari\u00e9s. \nIl est en outre comp\u00e9tent sur cette section pour prendre les d\u00e9cisions relevant de la comp\u00e9tence exclusive \nde l'inspecteur du travail en vertu de dispositions l\u00e9gislatives ou r\u00e9glementaires.  \n \nSection 3-10 : Monsieur Gaspard CHEVRIER, inspecteur du travail. \n \nSection 3-11 : Madame St\u00e9phanie QUECHON, inspectrice du travail, par int\u00e9rim. \n \nSection 3-12 : Madame Jeanne GRAFFION, inspectrice du travail. \n \nUnit\u00e9 de contr\u00f4le n\u00b0 4 \n \nSection 4-1 : Monsieur S\u00e9bastien DECROIX, inspecteur du travail.  \n \nSection 4-2 : Madame B\u00e9n\u00e9dicte MALAVASI, inspectrice du travail. \n \nSection 4-3 : Monsieur Mathieu DUCELIER, inspecteur du travail. \n \nSection 4-4 : Madame B\u00e9n\u00e9dicte MALAVASI, inspectrice du travail, par int\u00e9rim. \n \nSection 4-5 : Madame Martine JULAUD, inspectrice du travail.  \n \nSection 4-6 : Madame In\u00e8s WERTHEIMER, inspectrice du travail, par int\u00e9rim.  \n \nSection 4-7 : Madame Anna TCHADJA-ADJE, inspectrice du travail. \n \nSection 4-8 : Monsieur Simon MAUGER, inspecteur du travail. \n \nSection 4-9 : Madame In\u00e8s WERTHEIMER, inspectrice du travail. \nDirection r\u00e9gionale et interd\u00e9partementale de l'\u00e9conomie, de l'emploi, du travail et des solidarit\u00e9s d'\u00cele-de-France -\nIDF-2025-08-01-00007 - D\u00e9cision n\u00b0 2025-139 du 1er ao\u00fbt 2025\nportant affectation des agents de contr\u00f4le dans les unit\u00e9s de contr\u00f4le et gestion des int\u00e9rims de l'Unit\u00e9 d\u00e9partementale des\nHauts-de-Seine de la DRIEETS d'Ile-de-France\n59\n \n4 / 6 \n \nSection 4-10 : Monsieur Beno\u00eet GOUEL, inspecteur du travail.  \n \nSection 4-11 : Madame Aur\u00e9lie LEHOUX, inspectrice du travail. \n \nSection 4-12 : Monsieur Richard BOUDET, inspecteur du travail. \n \nSection 4-13 : Monsieur Richard BOUDET, inspecteur du travail, par int\u00e9rim. \n \nUnit\u00e9 de contr\u00f4le n\u00b0 5 \n \nSection 5-1 : Monsieur St\u00e9phane GRIMALDI, inspecteur du travail.  \n \nSection 5-2 : Monsieur Benoit CHOPPIN, inspecteur du travail.  \n \nSection 5-3 : Madame Anne BOULANGER, inspectrice du travail.  \n \nSection 5-4 : Madame Alexia JOUZEL, inspectrice du travail. \n \nSection 5-5 : Monsieur David BLOYS, contr\u00f4leur du travail. \n \nMadame Alexia JOUZEL, inspectrice du travail, est charg\u00e9 e du contr\u00f4le des \u00e9tablissements d'au moins 50 \nsalari\u00e9s. \nElle est en outre comp\u00e9tent e sur cette section pour prendre les d\u00e9cisions relevant de la comp\u00e9tence \nexclusive de l'inspecteur du travail en vertu de dispositions l\u00e9gislatives ou r\u00e9glementaires, par int\u00e9rim.  \n \nSection 5-6 : Monsieur Lazare TSALA, inspecteur du travail.  \n \nSection 5-7 : Madame Audrey RAMASAWMY, contr\u00f4leur du travail.  Madame Audrey RAMASAWMY est en \noutre comp\u00e9tente pour les chantiers de la section 5-1. \n \nMadame Anne-V\u00e9ronique PENSEREAU, inspectrice du travail, est charg\u00e9e du contr\u00f4le des \u00e9tablissements \nd'au moins 50 salari\u00e9s. \nElle est en outre comp\u00e9tente sur cette section pour prendre, les d\u00e9cisions relevant de la comp\u00e9tence \nexclusive de l'inspecteur du travail en vertu de dispositions l\u00e9gislatives ou r\u00e9glementaires.  \n \nSection 5-8 : Madame Anne-V\u00e9ronique PENSEREAU, inspectrice du travail. \n \nSection 5-9 : Madame Francine LAURENT, inspectrice du travail. \n \nSection 5-10 : Madame Camille LARBANET-MONTUSCLAT, inspectrice du travail. \n \nSection 5-11 : Monsieur Gwendal HELARY, inspecteur du travail. \n \nUnit\u00e9 de contr\u00f4le n\u00b0 6 \n \nSection 6-1 : Monsieur Joris MONIER, inspecteur du travail. \n \nSection 6-2 : Madame Audrey COLLOBERT-MASSA, inspectrice du travail. \n \nSection 6-3 : Madame Laure BONDUELLE, inspectrice du travail. \n \nSection 6-4 : Madame M\u00e9lina SIERRA, inspectrice du travail, par int\u00e9rim.  \nDirection r\u00e9gionale et interd\u00e9partementale de l'\u00e9conomie, de l'emploi, du travail et des solidarit\u00e9s d'\u00cele-de-France -\nIDF-2025-08-01-00007 - D\u00e9cision n\u00b0 2025-139 du 1er ao\u00fbt 2025\nportant affectation des agents de contr\u00f4le dans les unit\u00e9s de contr\u00f4le et gestion des int\u00e9rims de l'Unit\u00e9 d\u00e9partementale des\nHauts-de-Seine de la DRIEETS d'Ile-de-France\n60\n \n5 / 6 \n \nSection 6-5 : Madame Laurence LEPROVOST, inspectrice du travail. \n \nSection 6-6 : Monsieur William RICHETON, inspecteur du travail. \n \nSection 6-7 : Monsieur Farid OUNISSI, inspecteur du travail. \n \nSection 6-8 : Monsieur Gilles FERNANDES, inspecteur du travail. \n \nSection 6-9 : Monsieur Hubert GOURDET, inspecteur du travail. En cas d'emp\u00eachement, Madame Laurence \nLEPROVOST, inspectrice du travail. \n \nUnit\u00e9 de contr\u00f4le n\u00b0 7 \n \nSection 7-1 : Madame Soizic DUPIRE, inspectrice du travail.  \n \nSection 7-2 : Madame Lise FRIQUET, inspectrice du travail. \n \nSection 7 -3 : Madame Anne Charlotte BONNEFONT, inspectrice du travail.  En cas d'emp\u00eachement, \nMadame Sophie ALGALARRONDO. \n \nSection 7-4 : Madame Oc\u00e9ane DELATTRE, inspectrice du travail. \n \nSection 7-5 : Monsieur Jean-Fran\u00e7ois GOS, inspecteur du travail. \n \nSection 7-6 : Madame Sophie ALGALARRONDO, inspectrice du travail. \n \nSection 7-7 : Monsieur Ludovic FOLY, inspecteur du travail. \n \nSection 7-8 : Monsieur Norbert MAHON, inspecteur du travail.  \n \nSection 7-9 : Madame M\u00e9lina SIERRA, inspectrice du travail.  \n \nARTICLE 3 \n \nEn cas d'absence ou d'emp\u00eachement d'un directeur adjoint du travail, d'un inspecteur ou contr\u00f4leur du \ntravail charg\u00e9 des actions d'inspection de la l\u00e9gislation du travail dans les sections d'inspection du travail \nen application de l'article 2, l'int\u00e9rim est organis\u00e9 selon les modalit\u00e9s ci-apr\u00e8s : \n \n- Int\u00e9rim des directeurs-adjoints du travail et des inspecteurs du travail : \n \nL'int\u00e9rim d'un directeur -adjoint du travail ou d'un inspecteur du travail absent ou emp\u00each\u00e9 sera \nprioritairement assur\u00e9 par un inspecteur du travail charg\u00e9 des actions d'inspection de la l\u00e9gislation du \ntravail dans les sections d'inspection du travail, en application de l'article 2, \u00e0 d\u00e9faut par un responsa ble \nd'unit\u00e9 de contr\u00f4le d\u00e9sign\u00e9 \u00e0 l'article 1 et le cas \u00e9ch\u00e9ant par un contr\u00f4leur du travail, tous deux charg\u00e9s \ndes actions d'inspection de la l\u00e9gislation du travail dans les sections d'inspection du travail, en application \nde l'article 2 pour les \u00e9tablissements de moins de 50 salari\u00e9s. \n \n \n \n \n \n \nDirection r\u00e9gionale et interd\u00e9partementale de l'\u00e9conomie, de l'emploi, du travail et des solidarit\u00e9s d'\u00cele-de-France -\nIDF-2025-08-01-00007 - D\u00e9cision n\u00b0 2025-139 du 1er ao\u00fbt 2025\nportant affectation des agents de contr\u00f4le dans les unit\u00e9s de contr\u00f4le et gestion des int\u00e9rims de l'Unit\u00e9 d\u00e9partementale des\nHauts-de-Seine de la DRIEETS d'Ile-de-France\n61\n \n6 / 6 \n- Int\u00e9rim des contr\u00f4leurs du travail : \n \nL'int\u00e9rim d'un contr\u00f4leur du travail absent ou emp\u00each\u00e9 sera assur\u00e9 par un inspecteur du travail ou un \ncontr\u00f4leur du travail charg\u00e9 des actions d'inspection de la l\u00e9gislation du travail dans les sections \nd'inspection du travail, en application de l'article 2. Lorsque l'int\u00e9rim est assur\u00e9 par un contr\u00f4leur du travail, \nles pouvoirs de d\u00e9cision administrative relevant de la comp\u00e9tence exclusive d'un inspecteur du travail sont \nconfi\u00e9s \u00e0 un inspecteur du travail charg\u00e9 des actions d'inspection de la l\u00e9gislation d u travail dans les \nsections d'inspection du travail en application de l'article 2 ou \u00e0 un responsable d'unit\u00e9 de contr\u00f4le d\u00e9sign\u00e9 \n\u00e0 l'article 1, auxquels le contr\u00f4le des \u00e9tablissements de plus de 50 salari\u00e9s peut \u00eatre confi\u00e9.  \n \nARTICLE 4  \n \nEn cas d'absence ou d'emp\u00eachement d'un des responsables d'unit\u00e9 de contr\u00f4le d\u00e9sign\u00e9s \u00e0 l'article 1, \nl'int\u00e9rim est confi\u00e9 prioritairement \u00e0 un autre responsable d'unit\u00e9 de contr\u00f4le d\u00e9sign\u00e9s \u00e0 l'article 1, \u00e0 d\u00e9faut \n\u00e0 Monsieur J\u00e9r\u00f4me SAJOT, directeur du travail. \n \nARTICLE 5  \n \nConform\u00e9ment aux dispositions de l'article R.8122-10 du code du travail, les agents mentionn\u00e9s aux articles \n1 et 2 participent, lorsque l'action le rend n\u00e9cessaire, aux actions d'inspection de la l\u00e9gislation du travail \nsur le territoire de l'Unit\u00e9 d\u00e9partem entale de la DRIEETS \u00e0 laquelle est rattach\u00e9e l'unit\u00e9 de contr\u00f4le o\u00f9 ils \nsont affect\u00e9s. \n \nARTICLE 6 \n \nLa pr\u00e9sente d\u00e9cision prend effet \u00e0 la date de sa publication et abroge la d\u00e9cision n\u00b0 2025- 122 du 04 juillet \n2025 portant affectation des agents de contr\u00f4le dans les unit\u00e9s de contr\u00f4le et gestion des int\u00e9rims de \nl'unit\u00e9 d\u00e9partementale des Hauts-de-Seine de la DRIEETS d'Ile-de-France. \n \nARTICLE 7 \n \nLe Directeur r\u00e9gional et interd\u00e9partemental de l'\u00e9conomie, de l'emploi, du travail et des solidarit\u00e9s d'Ile -\nde-France par int\u00e9rim est charg\u00e9 de l'application de la pr\u00e9sente d\u00e9cision, qui sera publi\u00e9e au recueil des \nactes administratifs de la r\u00e9gion Ile-de-France.  \n \n \n \nFait \u00e0 Aubervilliers, le 1er ao\u00fbt 2025 \n \nLe directeur r\u00e9gional et interd\u00e9partemental de \nl'\u00e9conomie, de l'emploi, du travail et des solidarit\u00e9s \npar int\u00e9rim, \n \nSIGN\u00c9 \n \nMarc ROHFRITSCH \nDirection r\u00e9gionale et interd\u00e9partementale de l'\u00e9conomie, de l'emploi, du travail et des solidarit\u00e9s d'\u00cele-de-France -\nIDF-2025-08-01-00007 - D\u00e9cision n\u00b0 2025-139 du 1er ao\u00fbt 2025\nportant affectation des agents de contr\u00f4le dans les unit\u00e9s de contr\u00f4le et gestion des int\u00e9rims de l'Unit\u00e9 d\u00e9partementale des\nHauts-de-Seine de la DRIEETS d'Ile-de-France\n62\nDirection r\u00e9gionale et interd\u00e9partementale de\nl'\u00e9conomie, de l'emploi, du travail et des\nsolidarit\u00e9s d'\u00cele-de-France\nIDF-2025-08-01-00009\nD\u00e9cision n\u00b02025-140 du 01 ao\u00fbt 2025 portant\naffectation des agents de contr\u00f4le dans les\nunit\u00e9s de contr\u00f4le et gestion des int\u00e9rims de\nl'Unit\u00e9 d\u00e9partementale du Val-de-Marne de la\nDRIEETS d'Ile-de-France\nDirection r\u00e9gionale et interd\u00e9partementale de l'\u00e9conomie, de l'emploi, du travail et des solidarit\u00e9s d'\u00cele-de-France -\nIDF-2025-08-01-00009 - D\u00e9cision n\u00b02025-140 du 01 ao\u00fbt 2025 portant affectation des agents de contr\u00f4le dans les unit\u00e9s de contr\u00f4le et\ngestion des int\u00e9rims de l'Unit\u00e9 d\u00e9partementale du Val-de-Marne de la DRIEETS d'Ile-de-France\n63\nMINISTERE |DU TRAVAIL, DE LA SANTE,DES SOLIDARITESET DES FAMILLESLibert\u00e9Egalit\u00e9Fraternit\u00e9\n \nDRIEETS Ile-de-France  \n21 rue Madeleine Vionnet  \n93 300 AUBERVILLIERS                                                                                                                                                                                                              \n  \nDirection r\u00e9gionale et interd\u00e9partementale \nde l'\u00e9conomie, de l'emploi, \ndu travail et des solidarit\u00e9s  \n \n \n \n \n \n \n \nD\u00e9cision n\u00b02025-140 du 01 ao\u00fbt 2025 \nPortant affectation des agents de contr\u00f4le dans les unit\u00e9s de contr\u00f4le et gestion des int\u00e9rims de \nl'Unit\u00e9 d\u00e9partementale du Val-de-Marne de la DRIEETS d'Ile-de-France \n \n \n \nLe Directeur r\u00e9gional et interd\u00e9partemental de l'\u00e9conomie, de l'emploi, du travail et des solidarit\u00e9s d'Ile-de-\nFrance, \n \nVu le code du travail, notamment ses articles R. 8122-1 et suivants.  \n \nVu le d\u00e9cret n\u00b0 2020-1545 du 9 d\u00e9cembre 2020 relatif \u00e0 l'organisation et aux missions des directions r\u00e9gionales \nde l'\u00e9conomie, de l'emploi, du travail et des solidarit\u00e9s, des directions d\u00e9partementales de l'emploi, du travail \net des solidarit\u00e9s et des directions d\u00e9partementales de l'emploi, du travail, des solidarit\u00e9s et de la protection \ndes populations,  \n \nVu l'arr\u00eat\u00e9 interminist\u00e9riel du 20 mars 2025 nommant Marc ROHFRITSCH directeur r\u00e9gional et \ninterd\u00e9partemental de l'\u00e9conomie, de l'emploi, du travail et des solidarit\u00e9s d'\u00cele-de-France par int\u00e9rim, \n \nVu l'arr\u00eat\u00e9 minist\u00e9riel du 25 mars 2024 portant cr\u00e9ation et r\u00e9partition des unit\u00e9s de contr\u00f4le de l'inspection du \ntravail,  \n \nVu la d\u00e9cision n\u00b0 2021-29 du 1er avril 2021 du directeur r\u00e9gional et interd\u00e9partemental de l'\u00e9conomie, de l'emploi, \ndu travail et des solidarit\u00e9s d'Ile-de-France relative \u00e0 la localisation et \u00e0 la d\u00e9limitation des unit\u00e9s de contr\u00f4le et \ndes sections d'inspection du travail de l'unit\u00e9 d\u00e9partementale du Val-de-Marne ; \n \n \nD\u00c9CIDE : \n \nArticle 1er  \n \nSont nomm\u00e9s en qualit\u00e9 de responsables des unit\u00e9s de contr\u00f4le  d\u00e9partementales et interd\u00e9partementales de \nl'unit\u00e9 d\u00e9partementale du Val-de-Marne, les agents suivants : \n- Unit\u00e9 de contr\u00f4le d\u00e9partementale n\u00b01 : Madame Julie GUINDO, directrice adjointe du travail ; \n- Unit\u00e9 de contr\u00f4le interd\u00e9partementale n\u00b02 : Madame Nimira HASSANALY, directrice adjointe du travail ; \n- Unit\u00e9 de contr\u00f4le d\u00e9partementale n\u00b03 : Madame Audrey GEHIN, directrice adjointe du travail ; \n- Unit\u00e9 de contr\u00f4le interd\u00e9partementale n\u00b04 : Madame Elisabeth LAMORA, directrice adjointe du travail ; \n \nSans pr\u00e9judice des attributions des agents de contr\u00f4le affect\u00e9s en section, ils exercent une mission de contr\u00f4le \nen appui \u00e0 toutes les sections d'inspection et , \u00e0 titre principal , aux sections de l'unit\u00e9 dont ils ont la \nresponsabilit\u00e9 en propre. \n \n \n \n \n \n \n \nDirection r\u00e9gionale et interd\u00e9partementale de l'\u00e9conomie, de l'emploi, du travail et des solidarit\u00e9s d'\u00cele-de-France -\nIDF-2025-08-01-00009 - D\u00e9cision n\u00b02025-140 du 01 ao\u00fbt 2025 portant affectation des agents de contr\u00f4le dans les unit\u00e9s de contr\u00f4le et\ngestion des int\u00e9rims de l'Unit\u00e9 d\u00e9partementale du Val-de-Marne de la DRIEETS d'Ile-de-France\n64\n \n2 / 4 \nArticle 2 \n \nSont affect\u00e9s dans les sections d'inspection du travail des unit\u00e9s de contr\u00f4le d\u00e9partementales et \ninterd\u00e9partementales de l'unit\u00e9 d\u00e9partementale du Val-de-Marne les agents suivants : \n \nUnit\u00e9 de contr\u00f4le d\u00e9partementale n\u00b01 \n \nSection 1-1 : Madame Julie GUINDO, directrice adjointe du travail ; \n \nSection 1-2 : Madame Hannah USTAZE, inspectrice du travail ; \n \nMadame Am\u00e9lie BALAYRE, inspectrice du travail, est charg\u00e9e du contr\u00f4le de l'entreprise BLUELINK  situ\u00e9e 74 \navenue Vladimir ilitch L\u00e9nine 94110 ARCUEIL ; \n \nSection 1-3 : Madame Zolikha BENALI, inspectrice du travail ; \n \nSection 1-4 : Madame Anne ZWINGELSTEIN, inspectrice du travail ; \n \nSection 1-5 : Madame Camille JOCQUEL, inspectrice du travail ;  \n \nSection 1-6 : Madame Anouk PIAZZONI, inspectrice du travail ; \n \nSection 1-7 : Madame Josepha SABRIE, Inspectrice du travail ; \n \nSection 1-8 : Madame Alice MEUNIER, Inspectrice du travail ; \n \nSection 1-9 : Monsieur Doudou SY, inspecteur du travail ; \n \nSection 1-10 : Madame Am\u00e9lie BALAYRE, inspectrice du travail ; \n \nSection 1-11 : Madame Luce BOUENIKALAMIO, inspectrice du travail ; \n \nUnit\u00e9 de contr\u00f4le interd\u00e9partementale n\u00b02  \n \nSection 2-1 : Madame Nimira HASSANALY, directrice adjointe du travail ; \n \nSection 2-2 : Madame Florence LESPIAUT, inspectrice du travail ; \n \nSection 2-3 : Madame Marie DHERBASSY, inspectrice du travail ; \n \nSection 2-4 : Madame L\u00e9a PAIR, inspectrice du travail ; \n \nSection 2-5 : Madame Soizic MIRZEIN, inspectrice du travail ; \n \nSection 2-6 : Monsieur Vong-Chaleu LY, inspecteur du travail ;  \n \nSection 2-7 : Monsieur Fran\u00e7ois-Xavier BRETON, contr\u00f4leur du travail ; \n \nMonsieur Vong-Chaleu LY, inspecteur du travail, est charg\u00e9 du contr\u00f4le des chantiers de BTP. Il est par ailleurs \nhabilit\u00e9 \u00e0 prendre les d\u00e9cisions relevant de la comp\u00e9tence exclusive de l'inspecteur du travail en vertu des \ndispositions l\u00e9gislatives et r\u00e9glementaires ; \n \nSection 2-8 : Madame Marie-Pierre FILLON, inspectrice du travail ; \n \nSection 2-9 : Madame Belkyss KHERIJI-EL ALOUI, inspectrice du travail ; \n \nSection 2-10 : Madame Cindy ROBERT, inspectrice du travail ; \n \nSection 2-11 : Monsieur Hugo MAZA, inspecteur du travail ;  \n \nDirection r\u00e9gionale et interd\u00e9partementale de l'\u00e9conomie, de l'emploi, du travail et des solidarit\u00e9s d'\u00cele-de-France -\nIDF-2025-08-01-00009 - D\u00e9cision n\u00b02025-140 du 01 ao\u00fbt 2025 portant affectation des agents de contr\u00f4le dans les unit\u00e9s de contr\u00f4le et\ngestion des int\u00e9rims de l'Unit\u00e9 d\u00e9partementale du Val-de-Marne de la DRIEETS d'Ile-de-France\n65\n \n3 / 4 \nUnit\u00e9 de contr\u00f4le d\u00e9partementale n\u00b03 \n \nSection 3-1 : Madame Audrey GEHIN, inspectrice du travail ; \n \nSection 3-2 : Madame Na\u00efma CHABOU, inspectrice du travail ; \n \nSection 3-3 : Monsieur Yoann JOURNAUX, inspecteur du travail ; \n \nSection 3-4 : Madame Juliette JANECZEK, inspectrice du travail ; \n \nSection 3-5 : Monsieur Edern LE-ROUX, inspecteur du travail ; \n \nSection 3-6 : Madame Christelle GROSS, inspectrice du travail ; \n \nSection 3-7 : Poste vacant, int\u00e9rim assur\u00e9 par Monsieur Yoann JOURNAUX, inspecteur du travail ; \n \nSection 3-8 : Monsieur Thomas CHARLES, inspecteur du travail ; \n \nSection 3-9 : Madame F\u00e9lix TOUSSINE, inspectrice du travail ; \n \nSection 3-10 : Monsieur Hicham BOUANANE, inspecteur du travail ; \n \nSection 3-11 : Poste vacant, int\u00e9rim assur\u00e9 par Madame Juliette JANECZEK, inspectrice du travail ; \n \n \nUnit\u00e9 de contr\u00f4le interd\u00e9partementale n\u00b04 \n \nSection 4-1 : Madame Elisabeth LAMORA, directrice adjointe du travail ; \n \nSection 4-2 : Monsieur Florent HUART, inspecteur du travail ; \n \nSection 4-3 : Madame Oph\u00e9lie BURY, inspectrice du travail ; \n \nSection 4-4 : Poste vacant, int\u00e9rim assur\u00e9 par Monsieur Gauthier LEWANDOWSKI, inspecteur du travail ; \n  \nSection 4-5 : Madame Rachel WOLF, inspectrice du travail ; \n \nSection 4-6 : Monsieur David TELLALIAN, inspecteur du travail. \n \nSection 4-7 : Madame M\u00e9lissa ALLAGNAT, inspectrice du travail ; \n \nSection 4-8 : Madame Assia BAGHDAD-BELHADJ, inspectrice du travail ; \n \nSection 4-9 : Madame Sophie TAN, inspectrice du travail ; \n \nSection 4-10 : Monsieur Gauthier LEWANDOWSKI, inspecteur du travail ; \n \nSection 4-11 : Madame Claire BAURIN, inspectrice du travail. \n \n \nArticle 3 \n \nEn cas d'absence ou d'emp\u00eachement d'un responsable d'unit\u00e9 de contr\u00f4le, l'int\u00e9rim sera assur\u00e9 par l'un des \nresponsables d'unit\u00e9 de contr\u00f4le mentionn\u00e9s \u00e0 l'article 1 ou par un membre de la direction du P\u00f4le Politique du \nTravail. \n \nEn cas d'absence ou d'emp\u00eachement d'un agent de contr\u00f4le, l'int\u00e9rim sera assur\u00e9 par l'un des agents de \ncontr\u00f4le mentionn\u00e9s \u00e0 l'article 2 ou par un membre de la direction du P\u00f4le Politique du travail.  \n \n \nDirection r\u00e9gionale et interd\u00e9partementale de l'\u00e9conomie, de l'emploi, du travail et des solidarit\u00e9s d'\u00cele-de-France -\nIDF-2025-08-01-00009 - D\u00e9cision n\u00b02025-140 du 01 ao\u00fbt 2025 portant affectation des agents de contr\u00f4le dans les unit\u00e9s de contr\u00f4le et\ngestion des int\u00e9rims de l'Unit\u00e9 d\u00e9partementale du Val-de-Marne de la DRIEETS d'Ile-de-France\n66\n \n4 / 4 \nArticle 4 \n \nLa d\u00e9cision prend effet d\u00e8s sa publication au recueil des actes administratifs  et abroge la d\u00e9cision n\u00b0 2025-124 \ndu 04 juillet 2025 portant affectation des agents de contr\u00f4le dans les unit\u00e9s de contr\u00f4le et gestion des int\u00e9rims \nde l'Unit\u00e9 d\u00e9partementale du Val-de-Marne de la DRIEETS d'Ile-de-France est abrog\u00e9e. \n  \n \nArticle 5 \n \nLe Directeur r\u00e9gional et interd\u00e9partemental de l'\u00e9conomie, de l'emploi, du travail et des solidarit\u00e9s d'Ile -de-\nFrance est charg\u00e9 de l'ex\u00e9cution de la pr\u00e9sente d\u00e9cision, qui sera publi\u00e9e au recueil des actes administratifs de \nla r\u00e9gion d'Ile-de-France. \n \n \nFait \u00e0 Aubervilliers, le 1er ao\u00fbt 2025 \n \nLe Directeur r\u00e9gional et interd\u00e9partemental  \nde l'\u00e9conomie, de l'emploi, du travail  \net des solidarit\u00e9s d'\u00cele-de-France, \npar int\u00e9rim, \n \nSIGN\u00c9 \n \nMarc ROHFRITSCH \nDirection r\u00e9gionale et interd\u00e9partementale de l'\u00e9conomie, de l'emploi, du travail et des solidarit\u00e9s d'\u00cele-de-France -\nIDF-2025-08-01-00009 - D\u00e9cision n\u00b02025-140 du 01 ao\u00fbt 2025 portant affectation des agents de contr\u00f4le dans les unit\u00e9s de contr\u00f4le et\ngestion des int\u00e9rims de l'Unit\u00e9 d\u00e9partementale du Val-de-Marne de la DRIEETS d'Ile-de-France\n67\nMission nationale de contr\u00f4le et d'audit des\norganismes de s\u00e9curit\u00e9 sociale \nIDF-2025-07-31-00006\nArr\u00eat\u00e9 modificatif du 31 juillet 2025 - ADP\nConseil CPAM 78 - portant modification de la\ncomposition du Conseil de la Caisse Primaire\nd'Assurance Maladie des Yvelines (CPAM 78)\nMission nationale de contr\u00f4le et d'audit des organismes de s\u00e9curit\u00e9 sociale  - IDF-2025-07-31-00006 - Arr\u00eat\u00e9 modificatif du 31 juillet\n2025 - ADP Conseil CPAM 78 - portant modification de la composition du Conseil de la Caisse Primaire d'Assurance Maladie des\nYvelines (CPAM 78)\n68\nE =GOUVERNEMENT DirectionLibert\u00e9 de la s\u00e9curit\u00e9 socialeEgalit\u00e9Fraternit\u00e9\n \n \n \nArr\u00eat\u00e9 modificatif du 31 juillet 2025 \u2013 ADP Conseil CPAM 78 - portant modification de la composition du \nConseil de la Caisse Primaire d'Assurance Maladie des Yvelines (CPAM 78) \n \nLa ministre du travail, de la sant\u00e9, des solidarit\u00e9s et des familles \n \n \nVu le code de la s\u00e9curit\u00e9 sociale et notamment les articles L. 211-2, R. 211-1, R. 121-5 \u00e0 R. 121-7, et D. 231-1 \u00e0 \nD. 231-4 ;  \n \nVu l'arr\u00eat\u00e9 du 28 octobre 2009 relatif aux institutions intervenant dans le domaine de l'assurance maladie et \nsi\u00e9geant au sein du conseil de la Caisse nationale de l'assurance maladie des travailleurs salari\u00e9s ;  \n \nVu l'arr\u00eat\u00e9 du 6 avril 2022 \u2013 ADP Conseil CPAM 78 - portant nomination des membres du Conseil de la Caisse \nPrimaire d'Assurance Maladie des Yvelines ; \n \nVu l'arr\u00eat\u00e9 modificatif du 7 avril 2022 \u2013 ADP Conseil CPAM 78 - portant modification des membres du Conseil \nde la Caisse Primaire d'Assurance Maladie des Yvelines ; \n \nVu l'arr\u00eat\u00e9 modificatif du 17 mai 2022 \u2013 ADP Conseil CPAM 78 - portant modification des membres du Conseil \nde la Caisse Primaire d'Assurance Maladie des Yvelines ; \n \nVu l'arr\u00eat\u00e9 modificatif du 17 mai 2022 (n\u00b0 2) \u2013 ADP Conseil CPAM 78 - portant modification des membres du \nConseil de la Caisse Primaire d'Assurance Maladie des Yvelines ; \n \nVu l'arr\u00eat\u00e9 modificatif du 19 octobre 2022 \u2013 ADP Conseil CPAM 78 - portant modification des membres du \nConseil de la Caisse Primaire d'Assurance Maladie des Yvelines ; \n \nVu l'arr\u00eat\u00e9 modificatif du 13 d\u00e9cembre 2022 \u2013 ADP Conseil CPAM 78 - portant modification des membres du \nConseil de la Caisse Primaire d'Assurance Maladie des Yvelines ; \n \nVu l'arr\u00eat\u00e9 modificatif du 18 juillet 2023 \u2013 ADP Conseil CPAM 78 - portant modification des membres du Conseil \nde la Caisse Primaire d'Assurance Maladie des Yvelines ; \n \nVu l'arr\u00eat\u00e9 modificatif du 28 septembre 2023 \u2013 ADP Conseil CPAM 78 - portant modification des membres du \nConseil de la Caisse Primaire d'Assurance Maladie des Yvelines ; \n \nVu l'arr\u00eat\u00e9 modificatif du 05 mars 2024 \u2013 ADP Conseil CPAM 78 - portant modification des membres du Conseil \nde la Caisse Primaire d'Assurance Maladie des Yvelines ; \n \nVu l'arr\u00eat\u00e9 modificatif du 17 juin 2024 \u2013 ADP Conseil CPAM 78 - portant modification des membres du Conseil \nde la Caisse Primaire d'Assurance Maladie des Yvelines ; \n \nVu l'arr\u00eat\u00e9 modificatif du 20 juin 2024 \u2013 ADP Conseil CPAM 78 - portant modification des membres du Conseil \nde la Caisse Primaire d'Assurance Maladie des Yvelines ; \n \nVu l'arr\u00eat\u00e9 modificatif du 26 juin 2024 \u2013 ADP Conseil CPAM 78 - portant modification des membres du Conseil \nde la Caisse Primaire d'Assurance Maladie des Yvelines ; \n \nVu l'arr\u00eat\u00e9 modificatif du 15 juillet 2024 \u2013 ADP Conseil CPAM 78 - portant modification des membres du Conseil \nde la Caisse Primaire d'Assurance Maladie des Yvelines ; \n \nVu l'arr\u00eat\u00e9 modificatif du 11 d\u00e9cembre 2024 portant modification de la composition du Conseil de la Caisse \nPrimaire d'Assurance Maladie des Yvelines ; \n \nVu l'arr\u00eat\u00e9 modificatif du 12 mars 2025 portant modification de la composition du Conseil de la Caisse Primaire \nd'Assurance Maladie des Yvelines ; \n \nVu la demande de modification \u00e9manant, au titre des repr\u00e9sentants d'institutions intervenant dans le domaine \nde l'assurance maladie, de la F\u00e9d\u00e9ration Nationale des Accident\u00e9s du Travail et des Handicap\u00e9s (FNATH) ; \n \nVu l'arr\u00eat\u00e9 du 20 novembre 2024 portant d\u00e9l\u00e9gation de signature \u00e0 Monsieur Th\u00e9ophile TOSSAVI, adjoint chef \nde l'antenne de Paris de la Mission Nationale de Contr\u00f4le et d'audit des organismes de s\u00e9curit\u00e9 sociale ; \nMission nationale de contr\u00f4le et d'audit des organismes de s\u00e9curit\u00e9 sociale  - IDF-2025-07-31-00006 - Arr\u00eat\u00e9 modificatif du 31 juillet\n2025 - ADP Conseil CPAM 78 - portant modification de la composition du Conseil de la Caisse Primaire d'Assurance Maladie des\nYvelines (CPAM 78)\n69\n \nArr\u00eate : \nArticle 1er \nLa composition du Conseil de la Caisse primaire d'assurance maladie des Yvelines est modifi\u00e9e comme suit :  \n \n \n1\u00b0 En tant que Repr\u00e9sentants d'institutions intervenant dans le domaine de l'assurance maladie : \n \nSur d\u00e9signation de la F\u00e9d\u00e9ration Nationale des Accident\u00e9s du Travail et des Handicap\u00e9s (FNATH) : \n \nTitulaire :  \n \nMadame UZUREAU (Pauline) est nomm\u00e9e en lieu et place de Monsieur FELISSI (Philippe). \n \n \n \nArticle 2 \nL'adjoint chef d'antenne de P aris de la Mission nationale de contr\u00f4le et d'audit des organismes de s\u00e9curit\u00e9 \nsociale est charg\u00e9 de l'ex\u00e9cution du pr\u00e9sent arr\u00eat\u00e9, qui sera publi\u00e9 au recueil des actes administratifs de la \npr\u00e9fecture de la r\u00e9gion Ile-de-France. \n \n \nFait \u00e0 Paris, le 31 juillet 2025 \nLa ministre du travail, de la sant\u00e9, des solidarit\u00e9s et des familles,   \n \nPour la ministre et par d\u00e9l\u00e9gation : \n                   \n             Sign\u00e9 \n \n            Th\u00e9ophile TOSSAVI \n \n \n \n \n \n \n \n \nMission nationale de contr\u00f4le et d'audit des organismes de s\u00e9curit\u00e9 sociale  - IDF-2025-07-31-00006 - Arr\u00eat\u00e9 modificatif du 31 juillet\n2025 - ADP Conseil CPAM 78 - portant modification de la composition du Conseil de la Caisse Primaire d'Assurance Maladie des\nYvelines (CPAM 78)\n70\nPr\u00e9fecture de la r\u00e9gion d'Ile-de-France,\npr\u00e9fecture de Paris-Secr\u00e9tariat g\u00e9n\u00e9ral aux\npolitiques publiques\nIDF-2025-08-01-00003\nArr\u00eat\u00e9 portant nomination des membres de la\ncommission consultative \u00e9conomique unique\npour les a\u00e9rodromes de Paris-Charles de Gaulle\net de Paris-Orly\nPr\u00e9fecture de la r\u00e9gion d'Ile-de-France, pr\u00e9fecture de Paris-Secr\u00e9tariat g\u00e9n\u00e9ral aux politiques publiques - IDF-2025-08-01-00003 -\nArr\u00eat\u00e9 portant nomination des membres de la commission consultative \u00e9conomique unique pour les a\u00e9rodromes de Paris-Charles de\nGaulle et de Paris-Orly\n71\n \n \n \n \n \n \n Secr\u00e9tariat g\u00e9n\u00e9ral aux politiques publiques  \n Direction des affaires juridiques \nPr\u00e9fecture de la r\u00e9gion d'\u00cele-de-France, pr\u00e9fecture de Paris \n5, rue Leblanc 75 911 Paris Cedex 15 | \uf028 Standard : 01 82 52 40 00 \nSite internet : https://www.prefectures-regions.gouv.fr/ile-de-france   \nTwitter : https://twitter.com/Prefet75_IDF  | LindkedIn : https://www.linkedin.com/company/l-\u00e9tat-en-\u00eele-de-f rance/   \n \n \n \nArr\u00eat\u00e9 \nportant nomination des membres de la commission consultative \u00e9conomique unique pour les \na\u00e9rodromes de Paris-Charles de Gaulle et de Paris-Orly \n \nLE PR\u00c9FET DE LA R\u00c9GION D'\u00ceLE-DE-FRANCE \nPR\u00c9FET DE PARIS  \nCommandeur de la L\u00e9gion d'honneur, \nOfficier de l'Ordre national du M\u00e9rite \n \n \nVu le code des transports, notamment ses articles R. 6325-57, D. 6325-65 et D. 6325-66 ; \n \nVu  la loi n\u00b0 2005-357 du 20 avril 2005 modifi\u00e9e relative aux a\u00e9roports ;  \n \nVu  le d\u00e9cret du 22 juillet 2020 portant nomination de  Monsieur Marc GUILLAUME en qualit\u00e9 de pr\u00e9fet \nde la r\u00e9gion d'Ile-de-France, pr\u00e9fet de Paris ;  \n \nVu  le d\u00e9cret n\u00b0 2025-377 du 25 avril 2025 relatif aux  redevances a\u00e9roportuaires, et notamment son \narticle 11 ; \n \nConsid\u00e9rant l'arriv\u00e9e \u00e0 \u00e9ch\u00e9ance du mandat des membres de la commission consultative \u00e9conomique \nunique pour les a\u00e9rodromes de Paris-Charles de Gaul le et Paris-Orly le 28 ao\u00fbt 2025, conform\u00e9ment \naux dispositions de l'alin\u00e9a 2 de l'article 11 du d\u00e9cret du 25 avril 2025 pr\u00e9cit\u00e9 ;  \n \nConsid\u00e9rant qu'il y a lieu de renouveler l'ensemble  des membres de la commission consultative \n\u00e9conomique unique pour les a\u00e9rodromes de Paris-Charles de Gaulle et Paris-Orly ;  \n \n \n \nARR\u00caTE : \n \nArticle 1er : Madame Marie-Claire DISSLER, inspectrice g\u00e9n\u00e9rale  \u00e0 l'inspection g\u00e9n\u00e9rale de \nl'environnement et du d\u00e9veloppement durable, est no mm\u00e9e, \u00e0 compter du 29 ao\u00fbt 2025, pr\u00e9sidente \nde la commission consultative \u00e9conomique unique pou r les a\u00e9rodromes de Paris-Charles de Gaulle et \nParis-Orly. \n  \n \nArticle 2  : Sont nomm\u00e9s membres de la commission consultativ e \u00e9conomique unique pour les \na\u00e9rodromes de Paris-Charles de Gaulle et Paris-Orly, \u00e0 compter du 29 ao\u00fbt 2025 :  \n \n1\u00b0 En qualit\u00e9 de repr\u00e9sentants des organisations professionnelles du transport a\u00e9rien :  \n \n- Monsieur Fr\u00e9d\u00e9ric CAUDRON, Pr\u00e9sident, repr\u00e9sentan t Airlines Operators Committee Paris \nCDG (AOC CDG) ; \n- Monsieur Antony BRECK, Directeur op\u00e9rations sol, repr\u00e9sentant Airlines Operators \nCommittee Paris Orly (AOC Orly) ; \n- Monsieur Robert CHAD, Responsable France, Pays-Ba s, Belgique et Europe du Sud, \nrepr\u00e9sentant l'Association du Transport A\u00e9rien International (IATA) ; \n- Monsieur Jean-Pierre SAUVAGE, Pr\u00e9sident, repr\u00e9sen tant le Board of Airlines Representatives \nin France (BAR France) ; \n- Monsieur Laurent TIMSIT, D\u00e9l\u00e9gu\u00e9 G\u00e9n\u00e9ral, repr\u00e9se ntant la Chambre Syndicale du Transport \nA\u00e9rien (CSTA) ; \nPr\u00e9fecture de la r\u00e9gion d'Ile-de-France, pr\u00e9fecture de Paris-Secr\u00e9tariat g\u00e9n\u00e9ral aux politiques publiques - IDF-2025-08-01-00003 -\nArr\u00eat\u00e9 portant nomination des membres de la commission consultative \u00e9conomique unique pour les a\u00e9rodromes de Paris-Charles de\nGaulle et de Paris-Orly\n72\n- Monsieur Pascal DE IZAGUIRRE, Pr\u00e9sident, repr\u00e9sen tant la F\u00e9d\u00e9ration Nationale de \nl'A\u00e9ronautique et de ses m\u00e9tiers (FNAM) ; \n- Monsieur Georges LACHENAUD, Directeur d\u00e9l\u00e9gu\u00e9 aux  affaires a\u00e9roportuaires, repr\u00e9sentant \nle Syndicat des Compagnies A\u00e9riennes Autonomes (SCARA). \n \n2\u00b0 En qualit\u00e9 de repr\u00e9sentants des transporteurs a\u00e9riens : \n \n- Monsieur Alexandre BACLET, Directeur Financier, r epr\u00e9sentant Air France ; \n- Madame Manuella GOYAT, Secr\u00e9taire G\u00e9n\u00e9rale, repr\u00e9 sentant Transavia ; \n- Monsieur Pierre PORTIER, Sp\u00e9cialiste a\u00e9roport et r\u00e9gulation navigation a\u00e9rienne, \nrepr\u00e9sentant EasyJet ; \n- Madame C\u00e9cile JOURDAN, Directrice des infrastruct ures du hub CDG, repr\u00e9sentant Fedex \nFederal Express Corporation ; \n- Madame Charlotte DUMESNIL, Directrice Ventes et D istribution, repr\u00e9sentant Vueling Airlines \nS.A. ; \n- Madame Christine MARCHAND-PARDO, Directrice G\u00e9n\u00e9r ale Op\u00e9rations A\u00e9roportuaires \nEurope, Moyen-Orient et Afrique, repr\u00e9sentant Delta Air Lines ; \n- Monsieur Sofiane AOUDIA, Repr\u00e9sentant g\u00e9n\u00e9ral Fra nce, repr\u00e9sentant Air Alg\u00e9rie ; \n- Monsieur Brice ARTORE, Responsable Op\u00e9rations Sol , repr\u00e9sentant Corsair International ; \n- Monsieur Mourad DEHBI, Directeur R\u00e9gional des ser vices a\u00e9roportuaires, repr\u00e9sentant Qatar \nAirways ; \n- Madame Muriel ASSOULINE, Directrice G\u00e9n\u00e9rale Air Cara\u00efbes Atlantique, repr\u00e9sentant Air \nCara\u00efbes. \n \n3\u00b0 En qualit\u00e9 de repr\u00e9sentant d'une organisation professionnelle de l'assistance en escale : \n \n- Monsieur Didier MONTEGUT, Pr\u00e9sident, repr\u00e9sentant  la Chambre Syndicale de l'Assistance \nen Escale (CSAE). \n \nArticle 3  : D\u00e8s le lendemain de la publication du pr\u00e9sent ar r\u00eat\u00e9 au recueil des actes administratifs de \nla pr\u00e9fecture, accessible sur le site Internet de l a pr\u00e9fecture au lien suivant : \nwww.prefecture-\nregions.gouv.fr/ile-de-france/ , les personnes vis\u00e9es aux articles 1er et 2 sont a utoris\u00e9es \u00e0 recevoir \nl'ensemble des \u00e9l\u00e9ments pr\u00e9alables n\u00e9cessaires \u00e0 la  fixation, sur les a\u00e9rodromes de Paris-Charles de \nGaulle et de Paris-Orly, des tarifs des redevances mentionn\u00e9es \u00e0 l'article R. 6325-1 du code des \ntransports. \n \nArticle 4  : L'arr\u00eat\u00e9 n\u00b0 IDF-2023-08-11-00001 du 11 ao\u00fbt 2023  portant renouvellement des membres \nde la commission consultative \u00e9conomique unique pou r les a\u00e9rodromes de Paris-Charles de Gaulle et \nParis-Orly, modifi\u00e9 par les arr\u00eat\u00e9s n\u00b0 IDF-2023-08- 25-00001 du 25 ao\u00fbt 2023, n\u00b0 IDF-2024-05-16-\n00003 du 16 mai 2024 et n\u00b0 IDF-2024-09-20-00008 du 20 septembre 2024, est abrog\u00e9 \u00e0 compter du \n29 ao\u00fbt 2025.  \n \nArticle 5  : La pr\u00e9f\u00e8te, secr\u00e9taire g\u00e9n\u00e9rale aux politiques p ubliques de la pr\u00e9fecture de la r\u00e9gion d'\u00cele-\nde-France, pr\u00e9fecture de Paris, est charg\u00e9e de l'ex \u00e9cution du pr\u00e9sent arr\u00eat\u00e9, dont copie sera \ntransmise aux membres de la commission et au directeur g\u00e9n\u00e9ral de l'aviation civile.  \n \n \n \nFait \u00e0 Paris, le 1\ner  ao\u00fbt 2025 \n \n \nLe pr\u00e9fet de la r\u00e9gion d'\u00cele-de-France, \npr\u00e9fet de Paris \n \nsign\u00e9 \n \nMarc GUILLAUME \n \nPr\u00e9fecture de la r\u00e9gion d'Ile-de-France, pr\u00e9fecture de Paris-Secr\u00e9tariat g\u00e9n\u00e9ral aux politiques publiques - IDF-2025-08-01-00003 -\nArr\u00eat\u00e9 portant nomination des membres de la commission consultative \u00e9conomique unique pour les a\u00e9rodromes de Paris-Charles de\nGaulle et de Paris-Orly\n73","date":"2025-08-01","first_seen_on":"2025-08-01T16:06:53+00:00","id":"02b78f5f2434ecd66f4002d2127661a958aa3883131fe5337c838b64071a6595","name":"recueil-idf-001-2025-08-RAA-nominatifs du 01.08.2025","pdf_creation_date":"2025-08-01T14:57:31+00:00","pdf_modification_date":null,"timezone":"Europe/Paris","url":"https://www.prefectures-regions.gouv.fr/ile-de-france/irecontenu/telechargement/130011/956800/file/recueil-idf-001-2025-08-RAA-nominatifs%20du%2001.08.2025.pdf"}
