{"administration":"pref30","administration_name":"Pr\u00e9fecture du Gard","content":"PR\u00c9FET\nDU GARD\nRECUEIL DES ACTES\nADMINISTRATIFS\nN\u00b030-2025-175\nPUBLI\u00c9 LE  3 OCTOBRE 2025\nSommaire\nAgence R\u00e9gionale de la Sant\u00e9- d\u00e9l\u00e9gation d\u00e9partementale du Gard\n/\n30-2025-09-30-00001 - AP ML VIGAN POUZADOU  (2 pages) Page 5\n30-2025-09-30-00006 - Arr\u00eat\u00e9 portant abrogation d'un arr\u00eat\u00e9 de\nd\u00e9claration d'insalubrit\u00e9 irr\u00e9m\u00e9diable de l'immeuble situ\u00e9 2 rue\nPasteur \u00e0 Nimes, parcelle DT0189 (2 pages) Page 8\n30-2025-09-30-00003 - Arr\u00eat\u00e9 prescrivant des mesures d'urgence dans le\nlogement N\u00b0 13 et les parties communes du b\u00eatiment C de l'immeuble \n\"Les Marines de Lairan\" situ\u00e9 212 route des Marines au Grau du Roi (4\npages) Page 11\n30-2025-09-30-00005 - de traitement de l'insalubrit\u00e9 du logement situ\u00e9\n2 rue Enclos Roux \u00e0 Al\u00e8s (appartement rez de chauss\u00e9e, parcelle\ncadastr\u00e9e CH0359 (4 pages) Page 16\n30-2025-09-30-00004 - pronon\u00e7ant la main lev\u00e9e de l'insalubrit\u00e9 de\nlogement situ\u00e9s 4 impasse du Grand Devois  \u00e0 Collias (2 pages) Page 21\nDirection D\u00e9partementale de la Protection des Populations du Gard  /\nservice de la S\u00e9curit\u00e9 sanitaire des aliments\n30-2025-09-29-00002 - 20250929 arrete abrogation fermeture snack chez\ntonton (2 pages) Page 24\nDirection d\u00e9partementale des Finances Publiques du Gard /\n30-2025-10-01-00007 - Arr\u00eat\u00e9 portant d\u00e9l\u00e9gation de signature en\nmati\u00e8re de contentieux et de gracieux fiscal (5 pages) Page 27\n30-2025-10-01-00008 - D\u00e9cision de d\u00e9l\u00e9gation de signature\ng\u00e9n\u00e9rale et sp\u00e9ciales (12 pages) Page 33\n30-2025-10-01-00006 - D\u00e9cision de d\u00e9l\u00e9gation de signature pour le\nresponsable du SDIF (2 pages) Page 46\nDirection D\u00e9partementale des Tetrritoires et de la Mer du Gard /\n30-2025-10-03-00003 - Arr\u00eat\u00e9 autorisant Monsieur Pierre SALIERES\nrepr\u00e9sentant le GAEC La Ferme d'Oz \u00e0 effectuer des tirs de d\u00e9fense\nsimple en vue de la d\u00e9fense de son troupeau contre la pr\u00e9dation du\nloup (Canis lupus) (4 pages) Page 49\n30-2025-09-29-00003 - Arr\u00eat\u00e9 portant prescriptions sp\u00e9cifiques \u00e0\nd\u00e9claration au titre de l'article L.214-3 du code de l'environnement\nconcernant l'am\u00e9nagement de la zone d'activit\u00e9 artisanale des\ncarri\u00e8res sur la commune de Jonqui\u00e8res Saint-Vincent. (6 pages) Page 54\n30-2025-10-03-00002 - Arr\u00eat\u00e9 pr\u00e9fectoral mettant en demeure M.\nReboul Jean-Francois 84 chemin de Tinellis 30190 La Rouvi\u00e8re de mettre\nen conformit\u00e9 les remblais/d\u00e9blais et d\u00e9chets constat\u00e9s en zone\ninondable sur la parcelle Y0057 sur la commune de La Calmette (5 pages) Page 61\n2\n30-2025-09-22-00002 - Arr\u00eat\u00e9 pr\u00e9fectoral portant modification de\nl'autorisation environnementale n\u00b030-2025-04-28-00006 au titre des\narticles L181-1 et suivants du code de l'environnement, concernant la\ncr\u00e9ation d'une station intercommunale de traitement des eaux us\u00e9es\nde 16 000 EH, d'un bassin d'orage et d'un r\u00e9seau de transfert des\neffluents domestiques sur les communes de La-Grand-Combe,\nBranoux-les-Taillades, Cenras, Les Salles du Gardon,\nSainte-C\u00e9cile-d'Andorge et Laval-Pradel (6 pages) Page 67\nDirection D\u00e9partementale des Tetrritoires et de la Mer du Gard / SERVICE\nAMENAGEMENT TERRITORIAL CEVENNES\n30-2025-09-16-00010 - arr\u00eat\u00e9 de transfert de permis de construire n\u00b0\n030 012 20 R0014 - T01 au b\u00e9n\u00e9fice de CENTRALE\nPHOTOVOLTA\u00cfQUE D'ARAMON 3 sur la commune de ARAMON (2 pages) Page 74\nDirection des Services D\u00e9partementaux de l'Education Nationale du Gard /\n30-2025-09-25-00009 - ARR\u00caT\u00c9 PORTANT AGR\u00c9MENT JEUNESSE\n\u00c9DUCATION POPULAIRE DE L'ASSOCIATION ABRIX BAR (2 pages) Page 77\n30-2025-09-25-00006 - ARR\u00caT\u00c9 PORTANT AGR\u00c9MENT JEUNESSE\n\u00c9DUCATION POPULAIRE DE YMCA GARD (2 pages) Page 80\n30-2025-09-25-00007 - ARR\u00caT\u00c9 PORTANT RECONNAISSANCE TRONC\nCOMMUN D'AGR\u00c9MENT DE L'ASSOCIATION ABRIX BAR (2 pages) Page 83\n30-2025-09-25-00005 - ARR\u00caT\u00c9 PORTANT RECONNAISSANCE TRONC\nCOMMUN D'AGR\u00c9MENT DE L'ASSOCIATION YMCA GARD (2 pages) Page 86\nMaison d'arr\u00eat de N\u00eemes / Direction\n30-2025-09-24-00004 - D\u00e9l\u00e9gation de signature 2025 V2 (15 pages) Page 89\nPrefecture du Gard /\n30-2025-09-23-00001 - AP 2025-09-23-001 portant modification de\nl'arr\u00eat\u00e9 2024-11-12-01 du 12 novembre 2024 portant constitution et\nfonctionnement de la Sous-commission d\u00e9partementale pour\naccessibilit\u00e9 des personnes handicap\u00e9es (2 pages) Page 105\n30-2025-09-23-00002 - AP 2025-09-23-002 portant modification de\nl'arr\u00eat\u00e9 2021-03-0015 du 1er mars 2021 portant composition et\nfonctionnement de la commission communale de N\u00eemes pour\nl'accessibilit\u00e9 aux personnes handicap\u00e9es des ERP (2 pages) Page 108\n30-2025-09-23-00003 - AP 2025-09-23-003 portant modification de\nl'arr\u00eat\u00e9 2021-03-0014 du 1er mars 2021 portant composition et\nfonctionnement de la commission communale d'Al\u00e8s pour\nl'accessibilit\u00e9 aux personnes handicap\u00e9es des ERP (2 pages) Page 111\n30-2025-09-18-00007 - AP CONSTITUTIF DE LA COE signedYG (2 pages) Page 114\n30-2025-09-25-00003 - arr\u00eat\u00e9 modifiant l'arr\u00eat\u00e9 n\u00b0\n30-2025-07-23-00001 \u00e0 l'occasion du 14 juillet 2025 (1 page) Page 117\n3\n30-2025-09-24-00002 - ARRETE PREFECTORAL VIDEOPROTECTION NIMES\nOLYMIQUE ENSEMBLE (2 pages) Page 119\nPrefecture du Gard / CABINET\n30-2025-09-22-00007 - arr\u00eat\u00e9 abrogeant l'arr\u00eat\u00e9 autorisant la\ncaptation, l'enregistrement et la transmission d'images au moyen de\ncam\u00e9ras install\u00e9es sur des a\u00e9ronefs (2 pages) Page 122\nPrefecture du Gard / Cabinet du pr\u00e9fet\n30-2025-10-01-00004 - Arr\u00eat\u00e9 N\u00b02025/15-PREF30/SR portant\nr\u00e9glementation temporaire de la circulation sur les autoroutes A9 et A54\n(10 pages) Page 125\nPrefecture du Gard / DAMI\n30-2025-09-22-00003 - ARRETE PORTANT HABILITATION d'une\nm\u00e9diatrice de l'association pour l'accueil des r\u00e9fugi\u00e9s au LRA/CRA de\nN\u00eemes (1 page) Page 136\nPrefecture du Gard / DCL\n30-2025-09-24-00001 - Arr\u00eat\u00e9 pr\u00e9fectoral portant attribution titre\nmaitre restaurateur  (2 pages) Page 138\nSous Pr\u00e9fecture d'Al\u00e8s /\n30-2025-09-29-00010 - Arr\u00eat\u00e9 n\u00b025-09-36 portant habilitation dans le\ndomaine fun\u00e9raire pour une dur\u00e9e de 5 ans- Marbrerie des C\u00e9vennes\n\u00e0 Saint-Jean-du-Gard (30270) (2 pages) Page 141\n30-2025-10-03-00001 - Arr\u00eat\u00e9 n\u00b025-10-10 du 3 octobre 2025\nportant\nautorisation de la manifestation nautique \"R\u00e9gate Sprints de Beaucaire\"\norganis\u00e9e par l'association \"Aviron Beaucaire\"\n le samedi 18 octobre\n2025 sur le bras dormant du Rh\u00f4ne (7 pages) Page 144\n4\nAgence R\u00e9gionale de la Sant\u00e9- d\u00e9l\u00e9gation\nd\u00e9partementale du Gard\n30-2025-09-30-00001\nAP ML VIGAN POUZADOU \nAgence R\u00e9gionale de la Sant\u00e9- d\u00e9l\u00e9gation d\u00e9partementale du Gard - 30-2025-09-30-00001 - AP ML VIGAN POUZADOU 5\n\u00a3 Agence R\u00e9gionale de Sant\u00e9PREFET D\u00e9l\u00e9gation D\u00e9partementale du GardDU GARDLibert\u00e9\u00c9galit\u00e9Fraternit\u00e9 ARRETE n\u00b0Pronon\u00e7ant la mainlev\u00e9e de l'insalubrit\u00e9 de l'immeuble situ\u00e9 3 rue du Pouzadou Le Vigan\nLe pr\u00e9fet du GardChevalier de la L\u00e9gion d'honneur,Officier de l'ordre national du m\u00e9rite\nVU l'ordonnance n\u00b02020-1144 du 16 septembre 2020 relative \u00e0 l'harmonisation et \u00e0 lasimplification des polices des immeubles, locaux et installations et notamment son article 19 ;VU le code de la sant\u00e9 publique (CSP), notamment les articles L1331-26 \u00e0 L1331-30 dans leurversion en vigueur jusqu'au 31 d\u00e9cembre 2020 et qui continuent \u00e0 s'appliquer aux arr\u00eat\u00e9sd'insalubrit\u00e9 notifi\u00e9s avant le 1\u00b0 janvier 2021 conform\u00e9ment \u00e0 l'ordonnance susvis\u00e9e ;VU le d\u00e9cret du 13 juillet 2023, portant nomination du pr\u00e9fet du Gard, monsieur BONETJ\u00e9r\u00f4me ;VU l'arr\u00eat\u00e9 pr\u00e9fectoral n\u00b030-2024-10-18-00005 du 18 octobre 2024, donnant d\u00e9l\u00e9gation designature \u00e0 monsieur Yann GERARD, secr\u00e9taire g\u00e9n\u00e9ral de la pr\u00e9fecture du Gard ;VU l'arr\u00eat\u00e9 pr\u00e9fectoral n\u00b030-2017-01-03-004 du 3 janvier 2017, portant d\u00e9claration d'insalubrit\u00e9l'immeuble susvis\u00e9 ;VU le rapport du directeur g\u00e9n\u00e9ral de l'agence r\u00e9gionale de sant\u00e9 Occitanie (ARS), en date du28 ao\u00fbt 2025 ;Consid\u00e9rant que l'ex\u00e9cution des mesures destin\u00e9es \u00e0 rem\u00e9dier \u00e0 l'insalubrit\u00e9 ainsi que leurconformit\u00e9 aux prescriptions d'un arr\u00eat\u00e9 pris sur le fondement du II de l'article L1331-28 duCSP sont constat\u00e9es par le pr\u00e9fet, qui prononce la mainlev\u00e9e de l'arr\u00eat\u00e9 d'insalubrit\u00e9 et, le cas\u00e9ch\u00e9ant, de l'interdiction d'habiter et d'utiliser les lieux ;Consid\u00e9rant que le rapport du directeur g\u00e9n\u00e9ral de ARS, en date du 28 ao\u00fbt 2025, attesteque les travaux r\u00e9alis\u00e9s ont permis de r\u00e9sorber les causes d'insalubrit\u00e9 mentionn\u00e9es dansl'arr\u00eat\u00e9 pr\u00e9fectoral n\u00b030-2017-01-03-004 du 3 janvier 2017 ;Consid\u00e9rant que d\u00e8s lors, les logements se trouvant 4 impasse du Grand Devois \u00e0 Colliaspeuvent \u00eatre r\u00e9occup\u00e9s pour un usage d'habitation ;\nSur proposition du secr\u00e9taire g\u00e9n\u00e9ral de la pr\u00e9fecture,\nArr\u00eateArticle 1Il est mis fin a l'\u00e9tat d'insalubrit\u00e9 de l'immeuble situ\u00e9 3 rue du Pouzadou Le Vigan, sur laparcelle cadastr\u00e9e AB 158. :Cet immeuble est la propri\u00e9t\u00e9 de monsieur SBAI Magid domicili\u00e9 511 rue des Piboules \u00e0 NimesArticle 2L'arr\u00eat\u00e9 pr\u00e9fectoral n\u00b030-2017-01-03-004 du 3 janvier 2017, portant d\u00e9claration d'insalubrit\u00e9,l'immeuble situ\u00e9 3 rue du Pouzadou Le Vigan sur la parcelle cadastr\u00e9e AB 158, est abrog\u00e9.\n6, rue du Mail \u2014 CS 21001 \u2014 30906 NIMES CEDEX 2T\u00e9l. : 04.66.76.80.00 \u2014 Fax : 04.66.76.09.10 \u2014 www.ars.occitanie.sante.fr\nAgence R\u00e9gionale de la Sant\u00e9- d\u00e9l\u00e9gation d\u00e9partementale du Gard - 30-2025-09-30-00001 - AP ML VIGAN POUZADOU 6\nArticle 3Le pr\u00e9sent arr\u00eat\u00e9 sera notifi\u00e9 au propri\u00e9taire mentionn\u00e9 \u00e0 l'article 1.Il sera \u00e9galement affich\u00e9 \u00e0 la mairie de Le Vigan et sur la fa\u00e7ade de l'immeuble.Article 4A la diligence et aux frais des propri\u00e9taires, le pr\u00e9sent arr\u00eat\u00e9 sera publi\u00e9 \u00e0 la conservation deshypoth\u00e8ques dont d\u00e9pend l'immeuble.Il sera notamment transmis au maire de Le Vigan, au pr\u00e9sident de la communaut\u00e9 decommunes du Pays Viganais, aux organismes payeurs des aides personnelles au logement(CAF et MSA), ainsi qu'au gestionnaire du fonds de solidarit\u00e9 pour le logement du d\u00e9partement(FSL) et au Procureur de la R\u00e9publique.Article 5Le pr\u00e9sent arr\u00eat\u00e9 peut faire l'objet d'un recours gracieux aupr\u00e8s de monsieur le Pr\u00e9fet du Gard,dans un d\u00e9lai de deux mois suivant la notification du pr\u00e9sent arr\u00eat\u00e9.L'absence de r\u00e9ponse dans un d\u00e9lai de deux mois vaut d\u00e9cision implicite de rejet.Le pr\u00e9sent arr\u00eat\u00e9 peut \u00e9galement faire l'objet d'un recours hi\u00e9rarchique aupr\u00e8s du ministrecharg\u00e9 de la sant\u00e9 (Direction g\u00e9n\u00e9rale de la sant\u00e9- EA 2- 14, avenue Duquesne, 75350 Paris07 SP) dans un d\u00e9lai de deux mois suivant sa notification. L'absence de r\u00e9ponse dans un d\u00e9laide deux mois vaut d\u00e9cision implicite de rejet.Un recours contentieux peut \u00eatre \u00e9galement d\u00e9pos\u00e9 aupr\u00e8s du tribunal administratif de N\u00eemessitu\u00e9 16 avenue Feuch\u00e8res CS 88010 - 30941 N\u00eemes Cedex 09, dans le d\u00e9lai de deux mois \u00e0compter de sa notification ou dans le d\u00e9lai de deux mois \u00e0 partir de la r\u00e9ponse del'administration si un recours administratif a \u00e9t\u00e9 d\u00e9pos\u00e9.Le tribunal administratif peut \u00e9galement \u00eatre saisi par l'application informatique \u00ab T\u00e9l\u00e9recoursCitoyens \u00bb accessible par le site internet \u00ab www.telerecours.fr \u00bb.Article 6Le secr\u00e9taire g\u00e9n\u00e9ral de la pr\u00e9fecture du Gard, le maire de Le Vigan, le directeurd\u00e9partemental des territoires et de la mer du Gard, le directeur g\u00e9n\u00e9ral de l'agence r\u00e9gionalede sant\u00e9 Occitanie, le procureur de la R\u00e9publique et les agents de police judiciaire sontcharg\u00e9s, chacun en ce qui le concerne, de l'application du pr\u00e9sent arr\u00eat\u00e9, qui prendra effet \u00e0compter de sa notification.\nN\u00eemes le\nLe pr\u00e9fet,\nle secr\u00e9taire g\u00e9r\u00e9fala itYann G\u00c9RARD\nAgence R\u00e9gionale de la Sant\u00e9- d\u00e9l\u00e9gation d\u00e9partementale du Gard - 30-2025-09-30-00001 - AP ML VIGAN POUZADOU 7\nAgence R\u00e9gionale de la Sant\u00e9- d\u00e9l\u00e9gation\nd\u00e9partementale du Gard\n30-2025-09-30-00006\nArr\u00eat\u00e9 portant abrogation d'un arr\u00eat\u00e9 de\nd\u00e9claration d'insalubrit\u00e9 irr\u00e9m\u00e9diable de\nl'immeuble situ\u00e9 2 rue Pasteur \u00e0 Nimes, parcelle\nDT0189\nAgence R\u00e9gionale de la Sant\u00e9- d\u00e9l\u00e9gation d\u00e9partementale du Gard - 30-2025-09-30-00006 - Arr\u00eat\u00e9 portant abrogation d'un arr\u00eat\u00e9 de\nd\u00e9claration d'insalubrit\u00e9 irr\u00e9m\u00e9diable de l'immeuble situ\u00e9 2 rue Pasteur \u00e0 Nimes, parcelle DT0189 8\nPREFET Agence R\u00e9gionale de Sant\u00e9DU GARD D\u00e9l\u00e9gation D\u00e9partementale du GardLibert\u00e9Egalit\u00e9Fraternit\u00e9\nArr\u00eat\u00e9 n\u00b0Portant abrogation d'un arr\u00eat\u00e9 de d\u00e9claration d'insalubrit\u00e9 irr\u00e9m\u00e9diablede l'immeuble situ\u00e9 2 rue Pasteur \u00e0 N\u00eemes, parcelle DT0189\nLe pr\u00e9fet du GardChevalier de la L\u00e9gion d'honneurOfficier de l'Ordre national du M\u00e9rite\nVu l'ordonnance n\u00b0 2020-1144 du 16 septembre 2020 relative \u00e0 l'harmonisation et \u00e0 la simplificationdes polices des immeubles, locaux et installations et notamment son article 19 ;Vu le code de la sant\u00e9 publique, notamment les articles L.1331-26 \u00e0 L.1331-30 dans leur version envigueur jusqu'au 31 d\u00e9cembre 2020 et qui continuent \u00e0 s'appliquer aux arr\u00eat\u00e9s d'insalubrit\u00e9 notifi\u00e9savant le 1\u00b0 janvier 2021 conform\u00e9ment \u00e0 l'ordonnance susvis\u00e9e ;Vu le d\u00e9cret d'application n\u00b0 2020-1711 du 24 d\u00e9cembre 2020 relatif \u00e0 l'harmonisation et \u00e0 lasimplification des polices des immeubles, locaux et installations et notamment son article 7 ;Vu le d\u00e9cret du 13 juillet 2023 portant nomination du pr\u00e9fet du Gard - Monsieur J\u00e9r\u00f4me BONET ;Vu l'arr\u00eat\u00e9 pr\u00e9fectoral n\u00b030-2024-10-18-00005 en date du 18 octobre 2024 donnant d\u00e9l\u00e9gation designature \u00e0 Monsieur Yann GERARD, secr\u00e9taire g\u00e9n\u00e9ral de la pr\u00e9fecture du Gard, sous-pr\u00e9fet deN\u00eemes ;Vu l'arr\u00eat\u00e9 pr\u00e9fectoral n\u00b030-2016-11-22-005 du 22 novembre 2016 d\u00e9clarant insalubre irr\u00e9m\u00e9diablel'immeuble sis 2 rue Pasteur \u00e0 Nimes, sur la parcelle cadastr\u00e9e DT0189 ;Vu la demande du directeur g\u00e9n\u00e9ral des services faisant office de directeur du Service Communald'Hygi\u00e8ne et de Sant\u00e9 (SCHS) de la ville de Nimes, en date du 17 juin 2025, sollicitant l'abrogation del'arr\u00eat\u00e9 n\u00b030-2016-11-22-005 pr\u00e9cit\u00e9 ;Vu le rapport d'enqu\u00eate des inspecteurs de salubrit\u00e9 du service pr\u00e9vention des risques de la Ville deN\u00eemes en date du 27 f\u00e9vrier 2025, agissant en qualit\u00e9 de SCHS ;Consid\u00e9rant que le rapport susvis\u00e9 atteste de la \u00ab d\u00e9pose de toutes les installations sanitaires, descloisons, des faux-plafonds, de la suppression des r\u00e9seaux eau et \u00e9lectricit\u00e9, ainsi que des\u00e9quipements de chauffage \u00bb et que \u00ab l'immeuble a \u00e9t\u00e9 ainsi mis \u00e0 l'\u00e9tat de plateaux \u00bb ;Consid\u00e9rant que les locaux concern\u00e9s par l'arr\u00eat\u00e9 d'insalubrit\u00e9 n\u00b030-2016-11-22-005 sont, \u00e0 ce jour,inhabitables car d\u00e9pourvus de toute installation sanitaire et de toute alimentation en eau et \u00e9lectricit\u00e9,que leur configuration ne correspond plus \u00e0 des logements, et qu'ils sont ferm\u00e9s \u00e0 toute intrusion ;Sur proposition du directeur du SCHS de N\u00eemes,\nArr\u00eate\n6, rue du Mail 30906 NIMES Cedex 2T\u00e9l. : 04.66.76.80.00 \u2014 www.occitanie.ars.sante.fr\nAgence R\u00e9gionale de la Sant\u00e9- d\u00e9l\u00e9gation d\u00e9partementale du Gard - 30-2025-09-30-00006 - Arr\u00eat\u00e9 portant abrogation d'un arr\u00eat\u00e9 de\nd\u00e9claration d'insalubrit\u00e9 irr\u00e9m\u00e9diable de l'immeuble situ\u00e9 2 rue Pasteur \u00e0 Nimes, parcelle DT0189 9\nPage 2 sur 2Article 1:L'arr\u00eat\u00e9 pr\u00e9fectoral n\u00b030-2016-11-22-005 du 22 novembre 2016 d\u00e9clarant insalubre irr\u00e9m\u00e9diablel'immeuble sis 2 rue Pasteur \u00e0 Nimes, sur la parcelle cadastr\u00e9e DT0189, est abrog\u00e9.L'immeuble est la propri\u00e9t\u00e9 de la SCI BOUBERTA (R.C.S Nimes 844 607 937) dont le si\u00e8ge social estau 8 rue Trajan 30000 N\u00eemes, g\u00e9r\u00e9e par Karine BOUYALA et Christophe BOUYALA.Article 2 :Le pr\u00e9sent arr\u00eat\u00e9 sera notifi\u00e9 au propri\u00e9taire mentionn\u00e9 \u00e0 l'article 1 susvis\u00e9.Il sera \u00e9galement affich\u00e9 \u00e0 la mairie de Nimes, ainsi que sur la fa\u00e7ade de l'immeuble.Il sera transmis au maire de Nimes, au pr\u00e9sident de la communaut\u00e9 d'agglom\u00e9ration de N\u00eemes (N\u00eemesM\u00e9tropole), aux organismes payeurs des aides personnelles au logement (CAF et MSA), ainsi qu'augestionnaire du Fonds de Solidarit\u00e9 pour le Logement (FSL) du d\u00e9partement.Article 3 :Le pr\u00e9sent arr\u00eat\u00e9 sera publi\u00e9 au fichier immobilier du service de publicit\u00e9 fonci\u00e8re dont d\u00e9pendl'immeuble, \u00e0 la diligence et aux frais du propri\u00e9taire mentionn\u00e9 \u00e0 l'article 1.Il sera \u00e9galement publi\u00e9 au Recueil des Actes Administratifs (RAA) de la pr\u00e9fecture du Gard.Article 4 :Le pr\u00e9sent arr\u00eat\u00e9 peut faire l'objet d'un recours gracieux aupr\u00e8s du pr\u00e9fet du Gard, dans un d\u00e9lai dedeux mois suivant la notification du pr\u00e9sent arr\u00eat\u00e9.L'absence de r\u00e9ponse dans un d\u00e9lai de deux mois vaut d\u00e9cision implicite de rejet.Le pr\u00e9sent arr\u00eat\u00e9 peut \u00e9galement faire l'objet d'un recours hi\u00e9rarchique aupr\u00e8s du ministre charg\u00e9 dela sant\u00e9 (Direction g\u00e9n\u00e9rale de la sant\u00e9- EA 2- 14, avenue Duquesne, 75350 Paris 07 SP) dans und\u00e9lai de deux mois suivant sa notification. L'absence de r\u00e9ponse dans un d\u00e9lai de deux mois vautd\u00e9cision implicite de rejet.Un recours contentieux peut \u00eatre \u00e9galement d\u00e9pos\u00e9 aupr\u00e8s du tribunal administratif de N\u00eemes situ\u00e916 avenue Feuch\u00e8res CS 88010 - 30941 N\u00eemes Cedex 09, dans le d\u00e9lai de deux mois \u00e0 compter desa notification ou dans le d\u00e9lai de deux mois \u00e0 partir de la r\u00e9ponse de l'administration si un recoursadministratif a \u00e9t\u00e9 d\u00e9pos\u00e9.Le tribunal administratif peut \u00e9galement \u00eatre saisi par l'application informatique \u00ab T\u00e9l\u00e9recoursCitoyens \u00bb accessible par le site internet \u00ab www.telerecours.fr \u00bb.Article 5:Le secr\u00e9taire g\u00e9n\u00e9ral de la pr\u00e9fecture du Gard, le maire de Nimes, le directeur d\u00e9partemental desterritoires et de la mer du Gard, le directeur g\u00e9n\u00e9ral de l'agence r\u00e9gionale de sant\u00e9 Occitanie, ledirecteur d\u00e9partemental de la s\u00e9curit\u00e9 publique du Gard, et les agents de police judiciaire sont charg\u00e9s,chacun en ce qui le concerne, de l'application du pr\u00e9sent arr\u00eat\u00e9, qui prendra effet \u00e0 compter de sanotification.\nN\u00eemes, leLe pr\u00e9fet,\u00c0 \"Pour le p La le secr\u00e9taire g\u00e9n\u00e9ralfo rn,vane GERARD\"\n30/09/2025\nAgence R\u00e9gionale de la Sant\u00e9- d\u00e9l\u00e9gation d\u00e9partementale du Gard - 30-2025-09-30-00006 - Arr\u00eat\u00e9 portant abrogation d'un arr\u00eat\u00e9 de\nd\u00e9claration d'insalubrit\u00e9 irr\u00e9m\u00e9diable de l'immeuble situ\u00e9 2 rue Pasteur \u00e0 Nimes, parcelle DT0189 10\nAgence R\u00e9gionale de la Sant\u00e9- d\u00e9l\u00e9gation\nd\u00e9partementale du Gard\n30-2025-09-30-00003\nArr\u00eat\u00e9 prescrivant des mesures d'urgence dans le\nlogement N\u00b0 13 et les parties communes du\nb\u00eatiment C de l'immeuble  \"Les Marines de\nLairan\" situ\u00e9 212 route des Marines au Grau du\nRoi\nAgence R\u00e9gionale de la Sant\u00e9- d\u00e9l\u00e9gation d\u00e9partementale du Gard - 30-2025-09-30-00003 - Arr\u00eat\u00e9 prescrivant des mesures d'urgence\ndans le logement N\u00b0 13 et les parties communes du b\u00eatiment C de l'immeuble  \"Les Marines de Lairan\" situ\u00e9 212 route des Marines au\nGrau du Roi\n11\n| = Agence R\u00e9gionale de Sant\u00e9PRE FET D\u00e9l\u00e9gation D\u00e9partementale du GardDU GARDLibert\u00e9Egalit\u00e9Fraternit\u00e9 ARRETE n\u00b0Prescrivant des mesures d'urgence dans le logement n\u00b013 et les parties communes dub\u00e2timent C de l'immeuble \u00ab Les Marines de Lairan \u00bb situ\u00e9 212 route des marinesau Grau du Roi\nLe pr\u00e9fet du GardChevalier de la L\u00e9gion d'honneur,Officier de l'ordre national du m\u00e9rite\nVU le code de la sant\u00e9 publique, notamment ses articles L1334-12-1 \u00e0 L1334-17, R1337-3 \u00e0R1337-5, et R1334-14 \u00e0 R1334-29-9 ;VU le code de la construction et de l'habitation, notamment ses articles L271-6, R271-1 etR271-6 ;VU l'arr\u00eat\u00e9 minist\u00e9riel du 1\u00b0 juillet 2024, d\u00e9finissant les crit\u00e8res de certification des personnesintervenant notamment dans le domaine de l'amiante ;VU le d\u00e9cret du 13 juillet 2023, portant nomination du pr\u00e9fet du Gard, monsieur J\u00e9r\u00f4meBONET;VU l'arr\u00eat\u00e9 pr\u00e9fectoral n\u00b030-2024-10-18-00005 du 18 octobre 2024, donnant d\u00e9l\u00e9gation designature \u00e0 monsieur Yann GERARD, secr\u00e9taire g\u00e9n\u00e9ral de la pr\u00e9fecture du Gard ;VU le rapport du directeur g\u00e9n\u00e9ral de l'Agence R\u00e9gionale de Sant\u00e9 Occitanie (ARS) en datedu 29 ao\u00fbt 2025 ;VU l'absence de rep\u00e9rage des mat\u00e9riaux amiant\u00e9s malgr\u00e9 les demandes de l'ARS parcourriels du 4 ao\u00fbt 2025 :Consid\u00e9rant que le rapport de l'ARS fait \u00e9tat d'un logement incendi\u00e9 susceptible de contenirdes mat\u00e9riaux amiant\u00e9s, situ\u00e9 dans un immeuble susceptible de contenir la m\u00eame nature demat\u00e9riaux ;Consid\u00e9rant l'article L1334-12-1 du CSP, obligeant les propri\u00e9taires d'immeubles b\u00e2tis avant1997 \u00e0 rechercher la pr\u00e9sence d'amiante ;Consid\u00e9rant l'absence de rep\u00e9rage des mat\u00e9riaux amiant\u00e9s tant dans le logement sinistr\u00e9que dans les parties communes, et la pr\u00e9sence suppos\u00e9e d'amiante ;Consid\u00e9rant que le sinistre d'un des logements est de nature \u00e0 avoir diss\u00e9min\u00e9 d'\u00e9ventuellespoussi\u00e8res amiant\u00e9es (parties communes, gaines de la VMC de l'immeuble) et d'avoir impact\u00e9les parties communes de l'immeuble ;Consid\u00e9rant qu'en application de l'article L1334-15 du CSP il y a lieu d'ordonner les mesuresindispensables visant \u00e0 pr\u00e9server la sant\u00e9 des occupants de l'immeuble et des personnesamen\u00e9s \u00e0 y travailler ;\n6, rue du Mail \u2014 CS 21001 \u2014 30906 NIMES CEDEX 2T\u00e9l. : 04.66.76.80.00 \u2014 Fax : 04.66.76.09.10 \u2014 www.ars.occitanie.sante.fr\nAgence R\u00e9gionale de la Sant\u00e9- d\u00e9l\u00e9gation d\u00e9partementale du Gard - 30-2025-09-30-00003 - Arr\u00eat\u00e9 prescrivant des mesures d'urgence\ndans le logement N\u00b0 13 et les parties communes du b\u00eatiment C de l'immeuble  \"Les Marines de Lairan\" situ\u00e9 212 route des Marines au\nGrau du Roi\n12\nSur proposition du secr\u00e9taire g\u00e9n\u00e9ral de la pr\u00e9fecture,\nArr\u00e9te\nArticle 1Dans un d\u00e9lai de 7 jours a compter de la r\u00e9ception du pr\u00e9sent arr\u00e9t\u00e9, est ordonn\u00e9 a lasuccession DOBOSEK, repr\u00e9sent\u00e9e par maitre Julien BONICHOT sis 153 route de Dijon21200 BEAUNE, et au syndic de copropri\u00e9t\u00e9 JPC Immobilier, sis 26 Quai du 19 mars 196230240 Le Grau du Roi, de faire proc\u00e9der chacun en ce qui le concerne a :- un rep\u00e9rage amiante du logement n\u00b013 (identifi\u00e9 lot 13), situ\u00e9 dans l'immeuble \u00ab Les Marinesde Lairan \u00bb b\u00e2timent C - 212 route des marines au Grau du roi, parcelle cadastr\u00e9e CN 5,- un rep\u00e9rage amiante des parties communes de l'immeuble susvis\u00e9.Le rep\u00e9rage devra \u00eatre r\u00e9alis\u00e9 par un diagnostiqueur certifi\u00e9 COFFRAC pour ce type demission et disposant \u00e9galement d'une assurance professionnelle couvrant ce type d'activit\u00e9(liste consultable sur http://diagnostiqueurs.din.developpement-durable.gouv.fr/).Article 2En fonction de la situation, il appartiendra au diagnostiqueur de juger de l'opportunit\u00e9 de faireproc\u00e9der \u00e0 des mesures d'empoussi\u00e9rements et \u00e0 toutes autres mesures qui s'av\u00e9reraientn\u00e9cessaires.Article 3Les diagnostics de rep\u00e9rage de mat\u00e9riaux amiant\u00e9s devront \u00eatre transmis \u00e0 l'agence r\u00e9gionalede sant\u00e9 (courriel : ars-oc-dd30-habitat@ars.sante.fr) dans un d\u00e9lai de 12 jours \u00e0 compter dela r\u00e9ception du pr\u00e9sent arr\u00eat\u00e9.Selon les r\u00e9sultats des rep\u00e9rages, la r\u00e9alisation des mesures pr\u00e9conis\u00e9es par lediagnostiqueur seront prescrites par un nouvel arr\u00eat\u00e9 pr\u00e9fectoral.Article 4En cas d'inex\u00e9cution des mesures prescrites, celles-ci pourront \u00eatre ex\u00e9cut\u00e9es d'office auxfrais des contrevenants, conform\u00e9ment \u00e0 l'article L1334-16-1 du CSP.Article 5Le non-respect des prescriptions du pr\u00e9sent arr\u00eat\u00e9 sont passibles des sanctions p\u00e9nalespr\u00e9vues par l'article R1337-3 du CSP (amende de cinqui\u00e8me classe : 1500 \u00e0 3000\u20ac).Article 6Le pr\u00e9sent arr\u00eat\u00e9 sera notifi\u00e9 aux int\u00e9ress\u00e9s mentionn\u00e9s \u00e0 l'article 1 du pr\u00e9sent arr\u00eat\u00e9.Il sera transmis au maire du Grau du Roi.Article 7Le pr\u00e9sent arr\u00eat\u00e9 peut faire l'objet d'un recours gracieux aupr\u00e8s de monsieur le pr\u00e9fet du Gard,dans un d\u00e9lai de deux mois suivant la notification du pr\u00e9sent arr\u00eat\u00e9.L'absence de r\u00e9ponse dans un d\u00e9lai de deux mois vaut d\u00e9cision implicite de rejet.Le pr\u00e9sent arr\u00eat\u00e9 peut \u00e9galement faire l'objet d'un recours hi\u00e9rarchique aupr\u00e8s du ministrecharg\u00e9 de la sant\u00e9 (Direction g\u00e9n\u00e9rale de la sant\u00e9- EA 2- 14, avenue Duquesne, 75350 Paris07 SP) dans un d\u00e9lai de deux mois suivant sa notification. L'absence de r\u00e9ponse dans un d\u00e9laide deux mois vaut d\u00e9cision implicite de rejet.\nAgence R\u00e9gionale de la Sant\u00e9- d\u00e9l\u00e9gation d\u00e9partementale du Gard - 30-2025-09-30-00003 - Arr\u00eat\u00e9 prescrivant des mesures d'urgence\ndans le logement N\u00b0 13 et les parties communes du b\u00eatiment C de l'immeuble  \"Les Marines de Lairan\" situ\u00e9 212 route des Marines au\nGrau du Roi\n13\nUn recours contentieux peut \u00eatre \u00e9galement d\u00e9pos\u00e9 aupr\u00e8s du tribunal administratif de Nimessitu\u00e9 16 avenue Feuch\u00e8res CS 88010 - 30941 N\u00eemes Cedex 09, dans le d\u00e9lai de deux mois \u00e0compter de sa notification ou dans le d\u00e9lai de deux mois \u00e0 partir de la r\u00e9ponse del'administration si un recours administratif a \u00e9t\u00e9 d\u00e9pos\u00e9.Le tribunal administratif peut \u00e9galement \u00eatre saisi par l'application informatique \u00ab T\u00e9l\u00e9recoursCitoyens \u00bb accessible par le site internet \u00ab www.telerecours.fr \u00bb.Article 8Le secr\u00e9taire g\u00e9n\u00e9ral de la pr\u00e9fecture du Gard, le maire du Grau du Roi, le directeurd\u00e9partemental des territoires et de la mer du Gard, le directeur g\u00e9n\u00e9ral de l'Agence r\u00e9gionaleOccitanie, le directeur d\u00e9partemental de la s\u00e9curit\u00e9 publique du Gard et les agents de policejudiciaire sont charg\u00e9s, chacun en ce qui le concerne, de l'application du pr\u00e9sent arr\u00eat\u00e9, quiprendra effet \u00e0 compter de sa notification.\nN\u00eemes, leLe pr\u00e9fet,\npu\nPour preale secr\u00e9taire g\u00e9 e-ann GERARD\nAgence R\u00e9gionale de la Sant\u00e9- d\u00e9l\u00e9gation d\u00e9partementale du Gard - 30-2025-09-30-00003 - Arr\u00eat\u00e9 prescrivant des mesures d'urgence\ndans le logement N\u00b0 13 et les parties communes du b\u00eatiment C de l'immeuble  \"Les Marines de Lairan\" situ\u00e9 212 route des Marines au\nGrau du Roi\n14\nAgence R\u00e9gionale de la Sant\u00e9- d\u00e9l\u00e9gation d\u00e9partementale du Gard - 30-2025-09-30-00003 - Arr\u00eat\u00e9 prescrivant des mesures d'urgence\ndans le logement N\u00b0 13 et les parties communes du b\u00eatiment C de l'immeuble  \"Les Marines de Lairan\" situ\u00e9 212 route des Marines au\nGrau du Roi\n15\nAgence R\u00e9gionale de la Sant\u00e9- d\u00e9l\u00e9gation\nd\u00e9partementale du Gard\n30-2025-09-30-00005\nde traitement de l'insalubrit\u00e9 du logement situ\u00e9\n2 rue Enclos Roux \u00e0 Al\u00e8s (appartement rez de\nchauss\u00e9e, parcelle cadastr\u00e9e CH0359\nAgence R\u00e9gionale de la Sant\u00e9- d\u00e9l\u00e9gation d\u00e9partementale du Gard - 30-2025-09-30-00005 - de traitement de l'insalubrit\u00e9 du logement\nsitu\u00e9 2 rue Enclos Roux \u00e0 Al\u00e8s (appartement rez de chauss\u00e9e, parcelle cadastr\u00e9e CH0359 16\n\u00a3. . Agence R\u00e9gionale de Sant\u00e9PREFET D\u00e9l\u00e9gation D\u00e9partementale du GardDU GARD | |Libert\u00e9\u00c9galit\u00e9Fraternit\u00e9\nARRETE n\u00b0De traitement de l'insalubrit\u00e9 du logement sis 2 rue Enclos Roux \u00e0 ALES (appartement rez-de-chauss\u00e9e, parcelle cadastr\u00e9e CH0359)\nLe pr\u00e9fet du GardChevalier de la L\u00e9gion d'honneur, :Officier de l'ordre national du M\u00e9rite\nVU le code de la sant\u00e9 publique (CSP), notamment ses articles L1331-22, L1331-23 etL1331-24;VU le code de la construction et de l'habitation (CCH), notamment les articles L 511-1 aL 511-8, L521-1 \u00e0 L521-4 et les articles R511-1 \u00e0 RS11- 10;VU le d\u00e9cret du 13 juillet 2023, portant nomination du pr\u00e9fet du Gard, monsieur J\u00e9r\u00f4meBONET;VU l'arr\u00eat\u00e9 pr\u00e9fectoral n\u00b030-2024-10-18-00005 donnant d\u00e9l\u00e9gation de signature \u00e0 M.YannGERARD, secr\u00e9taire g\u00e9n\u00e9ral de la pr\u00e9fecture du Gard;VU le rapport du directeur du Service communal d'hygi\u00e8ne et de sant\u00e9 (SCHS) d'ALES endate du 26/05/2025 ;VU l'arr\u00eat\u00e9 pr\u00e9fectoral n\u00b030-2024-12-24-00001 engag\u00e9 pr\u00e9alablement au titre de l'article L511-19 du CSP prescrivant la mise en \u0153uvre de mesures d'urgence visant la s\u00e9curisation dulogement;VU le courrier de l'ARS en date du 02/01/2025, adress\u00e9 au propri\u00e9taire du logement susvis\u00e9,lui indiquant les motifs qui ont conduit \u00e0 mettre en \u0153uvre la proc\u00e9dure de traitement del'insalubrit\u00e9 et lui demandant de produire ses observations dans un d\u00e9lai d'un mois ;VU l'absence de r\u00e9ponse du propri\u00e9taire et vu la persistance des d\u00e9sordres portant atteinte \u00e0la sant\u00e9 d'\u00e9ventuels occupants du logement susvis\u00e9 ;Consid\u00e9rant les mauvaises conditions d'hygi\u00e8ne et d'habitabilit\u00e9 du fait des d\u00e9sordressuivants :\u00ab Absence de tableau \u00e9lectrique fonctionnel dans le logement g\u00e9n\u00e9rant un risqued'\u00e9lectrisation voire d'incendie,\u00bb Pr\u00e9sence de branchements anarchiques sur des prises m\u00e9nag\u00e8res se substituant autableau \u00e9lectrique avec un risque d'\u00e9lectrisation voire d'incendie,\" Pr\u00e9sence d'appareils \u00e9lectriques sous tensions \u00e0 moins de 30cm du rebord du bac \u00e0douche avec risque d'\u00e9lectrocution,Impossibilit\u00e9 de faire fonctionner deux \u00e9l\u00e9ments chauffants simultan\u00e9ment,Absence d'eau chaude sanitaire,Absence d'\u00e9l\u00e9ment chauffant dans la salle d'eau,Pr\u00e9sence d'\u00e9l\u00e9ments chauffants branch\u00e9s sur prises de courant,Pr\u00e9sence d'infiltrations d'eau dans la pi\u00e8ce \u00e0 vivre,6, rue du Mail \u2014 CS 21001 \u2014 30906 NIMES CEDEX 2T\u00e9l. : 04.66.76.80.00 \u2014 Fax : 04.66.76.09.10 \u2014 www.ars.occitanie.sante.fr\nAgence R\u00e9gionale de la Sant\u00e9- d\u00e9l\u00e9gation d\u00e9partementale du Gard - 30-2025-09-30-00005 - de traitement de l'insalubrit\u00e9 du logement\nsitu\u00e9 2 rue Enclos Roux \u00e0 Al\u00e8s (appartement rez de chauss\u00e9e, parcelle cadastr\u00e9e CH0359 17\n=\u00bb Pr\u00e9sence de moisissures dans la salle d'eau et la chambre,\"= Ventilation du logement insuffisante par l'absence d'entr\u00e9e d'air neuf dans les pi\u00e8cess\u00e8ches et les portes int\u00e9rieures non d\u00e9talonn\u00e9es,\u00ab Absence de dispositif d'extraction de l'air vici\u00e9 dans le coin cuisine,\u00ab {Infiltrations d'air parasites au niveau de la porte d'entr\u00e9e,= D\u00e9collement des plinthes en pied de mur rendant l'entretien difficile.Consid\u00e9rant que ces faits constituent une situation d'insalubrit\u00e9 au sens de l'article L1331-22du code de la sant\u00e9 publique (CSP), et sont susceptibles d'engendrer, pour les \u00e9ventuelsoccupants, les risques sanitaires suivants :\u00ab Risques d'affections respiratoires,= Risques d'\u00e9lectrisation et d'\u00e9lectrocution.Consid\u00e9rant d\u00e8s lors qu'il y a lieu de prescrire les mesures appropri\u00e9es et leur d\u00e9laid'ex\u00e9cution ;\nSur proposition du Directeur du SCHS d'ALES,\nArr\u00eateArticle 1Est reconnu comme \u00e9tant insalubre, le logement situ\u00e9 2 rue Enclos Roux \u00e0 ALES (appartementrez-de-chauss\u00e9e, parcelle cadastr\u00e9e CH0359).Ce logement est la propri\u00e9t\u00e9 de monsieur Seddik BELAROUSSI r\u00e9sidant 2 rue Enclos Roux \u00e0ALES (1\u00b0' \u00e9tage droit).Article 2En cas d'occupation, le loyer en principal ou toute autre somme vers\u00e9e en contrepartie del'occupation du logement cesse d'\u00eatre d\u00fb, \u00e0 compter du premier jour du mois qui suit l'envoide la notification du pr\u00e9sent arr\u00eat\u00e9 ou de son affichage \u00e0 la mairie et sur la fa\u00e7ade del'immeuble.Les loyers ou redevances seront \u00e0 nouveau dus \u00e0 compter du premierjour du mois qui suivral'envoi de la notification de l'arr\u00eat\u00e9 pronon\u00e7ant la mainlev\u00e9e de l'insalubrit\u00e9.Article 3Compte tenu de la nature des d\u00e9sordres constat\u00e9s et des dangers encourus par les \u00e9ventuelsoccupants, le logement est frapp\u00e9 d'une interdiction d'habiter \u00e0 compter de la notification dupr\u00e9sent arr\u00eat\u00e9 ou de son affichage \u00e0 la mairie et sur la fa\u00e7ade de l'immeuble.Dans un d\u00e9lai de 30 (trente) jours \u00e0 compter de la pr\u00e9sentation, le propri\u00e9taire mentionn\u00e9 \u00e0l'article 1 est tenu, \u00e0 compter de la notification du pr\u00e9sent arr\u00eat\u00e9 de prendre toutes mesuresn\u00e9cessaires afin d'emp\u00eacher l'acc\u00e8s et l'usage du logement, notamment par l'obturation detous les ouvrants, baies et porte pali\u00e8re.Le logement ne pourra \u00eatre ni lou\u00e9, ni mis \u00e0 disposition pour un usage d'habitation, jusqu'\u00e0 lamainlev\u00e9e du pr\u00e9sent arr\u00eat\u00e9.Cette interdiction sera temporaire, le temps de la r\u00e9alisation des travaux.En cas de vente, cette obligation incombera au nouvel acqu\u00e9reur.Article 4 |Dans un d\u00e9lai de 24 (vingt-quatre) mois \u00e0 compter de la notification du pr\u00e9sent arr\u00eat\u00e9, avanttoute nouvelle occupation, remise \u00e0 disposition ou remise en location, le propri\u00e9tairementionn\u00e9 \u00e0 l'article 1 est tenu de r\u00e9aliser les travaux suivants dans les r\u00e8gles de l'art:\nAgence R\u00e9gionale de la Sant\u00e9- d\u00e9l\u00e9gation d\u00e9partementale du Gard - 30-2025-09-30-00005 - de traitement de l'insalubrit\u00e9 du logement\nsitu\u00e9 2 rue Enclos Roux \u00e0 Al\u00e8s (appartement rez de chauss\u00e9e, parcelle cadastr\u00e9e CH0359 18\n= R\u00e9alisation d'un diagnostic amiante (DTA) par un op\u00e9rateur accr\u00e9dit\u00e9, conform\u00e9ment\u00e0 l'article L1334-12-1 du code de la sant\u00e9 publique. En cas de pr\u00e9sence d\u00e9tect\u00e9e, unrep\u00e9rage amiante (RTA) sera rendu n\u00e9cessaire,\u00ab Mise en place d'un syst\u00e8me de ventilation permettant d'assurer une a\u00e9ration suffisanteet permanente des locaux sans engendrer de d\u00e9perditions de chaleur, avec notammentl'\u00e9vacuation de l'air vici\u00e9 vers l'ext\u00e9rieur,=\" Mise en s\u00e9curit\u00e9, par un professionnel qualifi\u00e9, de l'installation \u00e9lectrique, y comprispar la cr\u00e9ation d'un tableau \u00e9lectrique, et remise d'une attestation de mise en s\u00e9curit\u00e9concluant \u00e0 l'absence de risques pour les personnes et les biens,= Assurer une production d'eau chaude permanente et adapt\u00e9e aux locaux,\" Assurer un moyen de chauffage fixe, suffisant et adapt\u00e9 aux caract\u00e9ristiques dulogement, := Rechercher les causes d'infiltration d'eau et y rem\u00e9dier par des moyens efficaces etdurables,\u00ab Traiter les probl\u00e8mes d'humidit\u00e9 et de moisissures avec les pr\u00e9cautions de nettoyageapplicables et faire cesser les causes d'humidit\u00e9 favorables au d\u00e9veloppement demoisissures,=\" Mise en place des plinthes avec les mat\u00e9riaux appropri\u00e9s,\u00bb Installer un d\u00e9tecteur de fum\u00e9e conforme \u00e0 la r\u00e9glementation.Article 5Une fois les travaux r\u00e9alis\u00e9s, le propri\u00e9taire et/ou ayants droit deurent imp\u00e9rativementdemander un contr\u00f4le des lieux aupr\u00e8s du SCHS d'ALES, qui ne pourra proposer lar\u00e9occupation du logement et la mainlev\u00e9e du pr\u00e9sent arr\u00eat\u00e9, qu'apr\u00e8s constatation de lar\u00e9alisation de la totalit\u00e9 des travaux prescrits par le pr\u00e9sent arr\u00eat\u00e9 et de leur conformit\u00e9.Le propri\u00e9taire et/ou ayants droit devront tenir \u00e0 disposition de l'administration tout justificatifattestant de la r\u00e9alisation des travaux dans le respect des r\u00e8gles de l'art et de la construction.En cas de vente, ces obligations incomberont au nouvel acqu\u00e9reur.Article 6A l'expiration des d\u00e9lais fix\u00e9s, en cas de non-ex\u00e9cution des mesures et travaux prescrits :# Les personnes tenues de les ex\u00e9cuter sont redevables du paiement d'une astreinte parjour de retard dans les conditions pr\u00e9vues \u00e0 l'article L511-15 ;\u00bb L'autorit\u00e9 comp\u00e9tente pourra les faire ex\u00e9cuter d'office, aux frais des contrevenants.Article 7Le non-respect du pr\u00e9sent arr\u00eat\u00e9 constitue une infraction qui peut faire l'objet d'une sanctionp\u00e9nale conform\u00e9ment \u00e0 l'article L511-22 du code de la construction et de l'habitation.Article 8Le pr\u00e9sent arr\u00eat\u00e9 sera notifi\u00e9 au propri\u00e9taire mentionn\u00e9 \u00e0 l'article 1.Il sera affich\u00e9 \u00e0 la mairie d'ALES, ainsi que sur la fa\u00e7ade de l'immeuble. .ll sera publi\u00e9 \u00e0 la conservation des hypoth\u00e8ques dont d\u00e9pend l'immeuble et au Recueil desActes Administratifs (RAA) de la pr\u00e9fecture du Gard.Il sera \u00e9galement transmis au maire d'ALES, au pr\u00e9sident de la communaut\u00e9 de communesALES agglom\u00e9ration de, aux organismes payeurs des aides personnelles au logement (CAFet MSA), ainsi qu'aux gestionnaires du Fonds de Solidarit\u00e9 pour le eater (FSL) dud\u00e9partement, et au Procureur de la R\u00e9publique.Article 9Le pr\u00e9sent arr\u00eat\u00e9 peut faire l'objet d'un recours gracieux aupr\u00e8s de monsieur le pr\u00e9fet du Gard,dans un d\u00e9lai de deux mois suivant la notification du pr\u00e9sent arr\u00eat\u00e9. |L'absence de r\u00e9ponse dans un d\u00e9lai de deux mois vaut d\u00e9cision implicite de rejet.\nAgence R\u00e9gionale de la Sant\u00e9- d\u00e9l\u00e9gation d\u00e9partementale du Gard - 30-2025-09-30-00005 - de traitement de l'insalubrit\u00e9 du logement\nsitu\u00e9 2 rue Enclos Roux \u00e0 Al\u00e8s (appartement rez de chauss\u00e9e, parcelle cadastr\u00e9e CH0359 19\nLe pr\u00e9sent arr\u00eat\u00e9 peut \u00e9galement faire l'objet d'un recours hi\u00e9rarchique aupr\u00e8s du ministrecharg\u00e9 de la sant\u00e9 (Direction g\u00e9n\u00e9rale de la sant\u00e9- EA 2- 14, avenue Duquesne, 75350 Paris07 SP) dans un d\u00e9lai de deux mois suivant sa notification.L'absence de r\u00e9ponse dans un d\u00e9lai de deux mois vaut d\u00e9cision implicite de rejet.Un recours contentieux peut \u00eatre \u00e9galement d\u00e9pos\u00e9 aupr\u00e8s du tribunal administratif de N\u00eemessitu\u00e9 16 avenue Feuch\u00e8res CS 88010 - 30941 N\u00eemes Cedex 09, dans le d\u00e9lai de deux mois \u00e0compter de sa notification ou dans le d\u00e9lai de deux mois \u00e0 partir de la r\u00e9ponse del'administration si un recours administratif a \u00e9t\u00e9 d\u00e9pos\u00e9.Le tribunal administratif peut \u00e9galement \u00eatre saisi par l'application informatique \u00ab T\u00e9l\u00e9recoursCitoyens \u00bb accessible par le site internet \u00ab www.telerecours.fr \u00bb.Article 10Le secr\u00e9taire g\u00e9n\u00e9ral de la pr\u00e9fecture du Gard, le maire d'ALES, le directeur d\u00e9partementaldes territoires et de la mer du Gard, et les agents de police judiciaire sont charg\u00e9s, chacun ence qui le concerne, de l'application du pr\u00e9sent arr\u00eat\u00e9, qui prendra effet \u00e0 compter de sanotification. |\nN\u00eemes leLe pr\u00e9fet,\nPour le pr\u00e9fet,le secr\u00e9taire g\u00e9n\u00e9ralYarin G\u00c9RARD\n30/09/2025\nAgence R\u00e9gionale de la Sant\u00e9- d\u00e9l\u00e9gation d\u00e9partementale du Gard - 30-2025-09-30-00005 - de traitement de l'insalubrit\u00e9 du logement\nsitu\u00e9 2 rue Enclos Roux \u00e0 Al\u00e8s (appartement rez de chauss\u00e9e, parcelle cadastr\u00e9e CH0359 20\nAgence R\u00e9gionale de la Sant\u00e9- d\u00e9l\u00e9gation\nd\u00e9partementale du Gard\n30-2025-09-30-00004\npronon\u00e7ant la main lev\u00e9e de l'insalubrit\u00e9 de\nlogement situ\u00e9s 4 impasse du Grand Devois  \u00e0\nCollias\nAgence R\u00e9gionale de la Sant\u00e9- d\u00e9l\u00e9gation d\u00e9partementale du Gard - 30-2025-09-30-00004 - pronon\u00e7ant la main lev\u00e9e de l'insalubrit\u00e9\nde logement situ\u00e9s 4 impasse du Grand Devois  \u00e0 Collias 21\nz Agence R\u00e9gionale de Sant\u00e9PREFET D\u00e9l\u00e9gation D\u00e9partementale du GardDU GARDLibert\u00e9\u00c9galit\u00e9Fraternit\u00e9 ARRETE n\u00b0Pronon\u00e7ant la mainlev\u00e9e de l'insalubrit\u00e9 de logements situ\u00e9s 4 impasse du Grand Devois \u00e0Collias\nLe pr\u00e9fet du GardChevalier de la L\u00e9gion d'honneur,Officier de l'ordre national du M\u00e9rite\nVU l'ordonnance n\u00b02020-1144 du 16 septembre 2020 relative \u00e0 l'harmonisation et \u00e0 lasimplification des polices des immeubles, locaux et installations et notamment son article 19 ;VU le code de la sant\u00e9 publique (CSP), notamment les articles L1331-26 \u00e0 L1331-30 dans leurversion en vigueur jusqu'au 31 d\u00e9cembre 2020 et qui continuent \u00e0 s'appliquer aux arr\u00eat\u00e9sd'insalubrit\u00e9 notifi\u00e9s avant le 1\u00b0 janvier 2021 conform\u00e9ment \u00e0 l'ordonnance susvis\u00e9e ;VU le d\u00e9cret du 13 juillet 2023, portant nomination du pr\u00e9fet du Gard, monsieur BONETJ\u00e9r\u00f4me ;VU l'arr\u00eat\u00e9 pr\u00e9fectoral n\u00b030-2024-10-18-00005 du 18 octobre 2024, donnant d\u00e9l\u00e9gation designature \u00e0 monsieur Yann GERARD, secr\u00e9taire g\u00e9n\u00e9ral de la pr\u00e9fecture du Gard ;VU l'arr\u00eat\u00e9 pr\u00e9fectoral n\u00b030-2018-27-015 du 27 aout 2018, portant d\u00e9claration d'insalubrit\u00e9 leslogements situ\u00e9s 4 impasse du Grand Devois \u00e0 Collias ;VU l'arr\u00eat\u00e9 pr\u00e9fectoral n\u00b030-2019-03-06-003 du 6 mars 2019, pronon\u00e7ant la mainlev\u00e9e partiellede l'insalubrit\u00e9 ;VU le rapport du directeur g\u00e9n\u00e9ral de l'agence r\u00e9gionale de sant\u00e9 Occitanie (ARS), en date du29 ao\u00fbt 2025 :Consid\u00e9rant que l'ex\u00e9cution des mesures destin\u00e9es \u00e0 rem\u00e9dier \u00e0 l'insalubrit\u00e9 ainsi que leurconformit\u00e9 aux prescriptions d'un arr\u00eat\u00e9 pris sur le fondement du Il de l'article L1331-28 duCSP sont constat\u00e9es par le pr\u00e9fet, qui prononce la mainlev\u00e9e de l'arr\u00eat\u00e9 d'insalubrit\u00e9 et, le cas\u00e9ch\u00e9ant, de l'interdiction d'habiter et d'utiliser les lieux ;Consid\u00e9rant que le rapport du directeur g\u00e9n\u00e9ral de l'ARS, en date du 29 ao\u00fbt 2025, attesteque les travaux r\u00e9alis\u00e9s ont permis de r\u00e9sorber les causes d'insalubrit\u00e9 mentionn\u00e9es dansl'arr\u00eat\u00e9 pr\u00e9fectoral n\u00b030-2018-27-015 du 27 aout 2018 ;Consid\u00e9rant que d\u00e8s lors, les logements se trouvant 4 impasse du Grand Devois \u00e0 Colliaspeuvent \u00eatre r\u00e9occup\u00e9s pour un usage d'habitation ;\nSur proposition du secr\u00e9taire g\u00e9n\u00e9ral de la pr\u00e9fecture,\nArr\u00eateArticle 1Il est mis fin \u00e0 l'\u00e9tat d'insalubrit\u00e9 des logements situ\u00e9s 4 impasse du Grand Devois \u00e0 Collias,sur la parcelle cadastr\u00e9e F31.Ces logements sont la propri\u00e9t\u00e9 de monsieur et madame BOISSE Gilles, domicili\u00e9s \u00e0 la m\u00eameadresse.\n6, rue du Mail \u2014 CS 21001 \u2014 30906 NIMES CEDEX 2T\u00e9l. : 04.66.76.80.00 \u2014 Fax : 04.66.76.09.10 \u2014 www.ars.occitanie.sante.fr\nAgence R\u00e9gionale de la Sant\u00e9- d\u00e9l\u00e9gation d\u00e9partementale du Gard - 30-2025-09-30-00004 - pronon\u00e7ant la main lev\u00e9e de l'insalubrit\u00e9\nde logement situ\u00e9s 4 impasse du Grand Devois  \u00e0 Collias 22\nArticle 2L'arr\u00eat\u00e9 pr\u00e9fectoral n\u00b030-2018-27-015 du 27 aout 2018, portant d\u00e9claration d'insalubrit\u00e9 leslogements sis 4 impasse du Grand Devois a Collias, parcelle cadastr\u00e9e F31, est abrog\u00e9.Article 3Le pr\u00e9sent arr\u00eat\u00e9 sera notifi\u00e9 aux propri\u00e9taires mentionn\u00e9s a l'article 1.Il sera \u00e9galement affich\u00e9 \u00e0 la mairie de Collias et sur la fa\u00e7ade de l'immeuble.Article 4A la diligence et aux frais des propri\u00e9taires, le pr\u00e9sent arr\u00eat\u00e9 sera publi\u00e9 \u00e0 la conservation deshypoth\u00e8ques dont d\u00e9pend l'immeuble.Il sera notamment transmis au maire de Collias, au pr\u00e9sident de la communaut\u00e9 de communesdu Pont du Gard, aux organismes payeurs des aides personnelles au logement (CAF et MSA),ainsi qu'au gestionnaire du fonds de solidarit\u00e9 pour le logement du d\u00e9partement (FSL) et auProcureur de la R\u00e9publique.Article 5Le pr\u00e9sent arr\u00eat\u00e9 peut faire l'objet d'un recours gracieux aupr\u00e8s de monsieur le Pr\u00e9fet du Gard,dans un d\u00e9lai de deux mois suivant la notification du pr\u00e9sent arr\u00eat\u00e9.L'absence de r\u00e9ponse dans un d\u00e9lai de deux mois vaut d\u00e9cision implicite de rejet.Le pr\u00e9sent arr\u00eat\u00e9 peut \u00e9galement faire l'objet d'un recours hi\u00e9rarchique aupr\u00e8s du ministrecharg\u00e9 de la sant\u00e9 (Direction g\u00e9n\u00e9rale de la sant\u00e9- EA 2- 14, avenue Duquesne, 75350 Paris07 SP) dans un d\u00e9lai de deux mois suivant sa notification. L'absence de r\u00e9ponse dans un d\u00e9laide deux mois vaut d\u00e9cision implicite de rejet.Un recours contentieux peut \u00eatre \u00e9galement d\u00e9pos\u00e9 aupr\u00e8s du tribunal administratif de N\u00eemessitu\u00e9 16 avenue Feuch\u00e8res CS 88010 - 30941 N\u00eemes Cedex 09, dans le d\u00e9lai de deux mois \u00e0compter de sa notification ou dans le d\u00e9lai de deux mois \u00e0 partir de la r\u00e9ponse del'administration si un recours administratif a \u00e9t\u00e9 d\u00e9pos\u00e9.Le tribunal administratif peut \u00e9galement \u00eatre saisi par l'application informatique \u00ab T\u00e9l\u00e9recoursCitoyens \u00bb accessible par le site internet \u00ab www.telerecours.fr \u00bb.Article 6Le secr\u00e9taire g\u00e9n\u00e9ral de la pr\u00e9fecture du Gard, le maire de Collias, le directeur d\u00e9partementaldes territoires et de la mer du Gard, le directeur g\u00e9n\u00e9ral de l'agence r\u00e9gionale de sant\u00e9Occitanie, le procureur de la R\u00e9publique et les agents de police judiciaire sont charg\u00e9s, chacunen ce qui le concerne, de l'application du pr\u00e9sent arr\u00eat\u00e9, qui prendra effet \u00e0 compter de sanotification.\nN\u00eemes le\nLe pr\u00e9fet,a  Pour le prefet,Pa le secr\u00e9taire g\u00e9n\u00e9ral\nf ll(Yann GERARD\nAgence R\u00e9gionale de la Sant\u00e9- d\u00e9l\u00e9gation d\u00e9partementale du Gard - 30-2025-09-30-00004 - pronon\u00e7ant la main lev\u00e9e de l'insalubrit\u00e9\nde logement situ\u00e9s 4 impasse du Grand Devois  \u00e0 Collias 23\nDirection D\u00e9partementale de la Protection des\nPopulations du Gard \n30-2025-09-29-00002\n20250929 arrete abrogation fermeture snack\nchez tonton\nDirection D\u00e9partementale de la Protection des Populations du Gard  - 30-2025-09-29-00002 - 20250929 arrete abrogation fermeture\nsnack chez tonton 24\nPR\u00c9FET Direction d\u00e9partementaleDU GARD de la protection des populationsLibert\u00e9\u00c9valit\u00e9Fraternit\u00e9ARR\u00caT\u00c9 PR\u00c9FECTORALPORTANT ABROGATION DE L'ARR\u00caT\u00c9 PR\u00c9FECTORALPronon\u00e7ant la fermeture de l'\u00e9tablissement :\u00abSNACK CHEZ TONTON \u00bbSis Saint Laurent d'aigouzeExploit\u00e9 par MARTINE MARCELLE THIOLSiret : 37784995500010Le pr\u00e9fet du GardChevalier de la L\u00e9gion d'Honneur,Officier de l'Ordre National du M\u00e9rite,\nVU le r\u00e8glement (CE) n\u00b0 178/2002 du Parlement europ\u00e9en et du conseil du 29 avril 2004 \u00e9tablissantles principes g\u00e9n\u00e9raux et les prescriptions g\u00e9n\u00e9rales de la l\u00e9gislation alimentaire, instituant l'autorit\u00e9europ\u00e9enne de s\u00e9curit\u00e9 des aliments et fixant des proc\u00e9dures relatives \u00e0 la s\u00e9curit\u00e9 des denr\u00e9esalimentaires ;.VU le r\u00e8glement (CE) n\u00b0 852/2004 du Parlement europ\u00e9en et du conseil du 29 avril 2004 relatif \u00e0l'hygi\u00e8ne des aliments ;VU le r\u00e8glement (CE) n\u00b0 853/2004 du Parlement europ\u00e9en et du conseil du 29 avril 2004 fixant desr\u00e8gles sp\u00e9cifiques d'hygi\u00e8ne applicables aux denr\u00e9es alimentaires d'origine animale ;VU le r\u00e8glement (CE) n\u00b0 2073/2005de la Commission du 15 novembre 2005 concernant les crit\u00e8resmicrobiologiques applicables aux denr\u00e9es alimentaires ;VU le code rural et de la p\u00eache maritime, notamment ses articles L. 233-1 et D. 233-20 ;VU le code des relations entre le public et l'administration ;VU le d\u00e9cret du Pr\u00e9sident de la R\u00e9publique en date du 13 juillet 2023 nommant Monsieur J\u00e9r\u00f4meBONET, pr\u00e9fet du Gard \u00e0 compter du 21 ao\u00fbt 2023 ;VU l'arr\u00eat\u00e9 minist\u00e9riel du 18 d\u00e9cembre 2009 relatif aux r\u00e8gles sanitaires applicables aux produitsd'origine animale et aux denr\u00e9es alimentaires en contenant ; |VU l'arr\u00eat\u00e9 minist\u00e9riel du 21 d\u00e9cembre 2009 relatif aux r\u00e8gles sanitaires applicables aux activit\u00e9s decommerce de d\u00e9tail, d'entreposage et de transport de produits d'origine animale et denr\u00e9esalimentaires en contenant ;VU l'arr\u00eat\u00e9 du Premier ministre et du ministre d'\u00c9tat, ministre de l'Int\u00e9rieur, en date du 8 janvier 2025nommant M. Fr\u00e9d\u00e9ric FORNER directeur d\u00e9partemental de la protection des populations du Gard ;VU l'arr\u00eat\u00e9 pr\u00e9fectoral 2025-19-05-00003 du 16 mai 2025 pronon\u00e7ant la fermeture administrative del'\u00e9tablissement \u00ab SNACK CHEZ TONTON \u00bb Sis Saint-Laurent d'Aigouze, exploit\u00e9 par MadameMARTINE MARCELLE THIOL ;VU les constats effectu\u00e9s par les services de contr\u00f4le officiel au cours de l'inspection effectu\u00e9e le 30juin 2025, et notamment les actions correctives qui ont \u00e9t\u00e9 apport\u00e9es ;Consid\u00e9rant que l'ensemble de ces constats permet de conclure a une reprise suffisante de lama\u00eetrise des risques sanitaires pour l'activit\u00e9 de restauration commerciale, conform\u00e9ment auxr\u00e9glementations sus-vis\u00e9es,\nDirection D\u00e9partementale de la Protection des Populations du Gard  - 30-2025-09-29-00002 - 20250929 arrete abrogation fermeture\nsnack chez tonton 25\nARRETE :Article 1L'arr\u00eat\u00e9 pr\u00e9fectoral 2025-2608-001 pronon\u00e7ant la fermeture administrative de l'\u00e9tablissement\u00ab SNACK CHEZ TONTON \u00bb Sis Saint-Laurent d'Aigouze, exploit\u00e9 par Madame MARTINEMARCELLE 'THIOL, est abrog\u00e9 a compter de la notification du pr\u00e9sent arr\u00eat\u00e9.Article 2Le pr\u00e9fet, le secr\u00e9taire g\u00e9n\u00e9ral de la pr\u00e9fecture, la directrice de cabinet du pr\u00e9fet, le directeurd\u00e9partemental de la protection des populations, le directeur interd\u00e9partemental de la police nationale,le maire de N\u00eemes, sont charg\u00e9s, chacun en ce qui le concerne, de l'ex\u00e9cution du pr\u00e9sent arr\u00eat\u00e9 quisera notifi\u00e9 \u00e0 l'exploitant, Madame MARTINE MARCELLE THIOL. |Article3Le niveau d'hygi\u00e8ne de l'\u00e9tablissement \u00abSNACK CHEZ TONTON\u00bb Sis Saint-Laurent d'Aigouzeexploit\u00e9 par Madame MARTINE MARCELLE THIOL\u00ab A AMELIORER\u00bb sera publi\u00e9 sur le site internet\u00ab Alim'confiance \u00bb httos://daal.opendatasoft.com/pages/alimconfiance\nA Nimes, le 29 septembre 2025\nPour le pr\u00e9fet et par d\u00e9l\u00e9gatior.Le directeur d\u00e9partemental adjointde la protection des ogpulationsSerge COMBE\nDirection D\u00e9partementale de la Protection des Populations du Gard  - 30-2025-09-29-00002 - 20250929 arrete abrogation fermeture\nsnack chez tonton 26\nDirection d\u00e9partementale des Finances\nPubliques du Gard\n30-2025-10-01-00007\nArr\u00eat\u00e9 portant d\u00e9l\u00e9gation de signature en\nmati\u00e8re de contentieux et de gracieux fiscal\nDirection d\u00e9partementale des Finances Publiques du Gard - 30-2025-10-01-00007 - Arr\u00eat\u00e9 portant d\u00e9l\u00e9gation de signature en mati\u00e8re\nde contentieux et de gracieux fiscal 27\nREPUBLIQUEFRANCAISELibert\u00e9Egalit\u00e9Fraternit\u00e9\nTFINANCES PUBLIQUES\nArr\u00eat\u00e9 portant d\u00e9l\u00e9gation de signature en mati\u00e8re de contentieux et de gracieux fiscal\nL'administratrice de l'\u00c9tat, directrice d\u00e9partementale des Finances publiques du Gard,\nVu le Code g\u00e9n\u00e9ral des imp\u00f4ts, et notamment l'article 408 de son annexe II et les articles 212 \u00e0 217 de\nson annexe IV ; \nVu le livre des proc\u00e9dures fiscales, et notamment les articles L. 247 et R* 247-4 et suivants ;\nVu le d\u00e9cret n\u00b0 2008-309 du 3 avril 2008 portant diverses dispositions relatives \u00e0 la direction g\u00e9n\u00e9rale\ndes finances publiques ; \nVu le d\u00e9cret n\u00b0 2009-707 du 16 juin 2009 relatif aux services d\u00e9concentr\u00e9s de la direction g\u00e9n\u00e9rale des\nfinances publiques ; \nArr\u00eate : \nArticle 1er\nD\u00e9l\u00e9gation de signature est donn\u00e9e \u00e0  Mme Aur\u00e9lie FRANCO,  administratrice de l'\u00c9tat, \u00e0 l'effet de\nsigner :\n1\u00b0 en mati\u00e8re de contentieux fiscal d'assiette, les d\u00e9cisions d'admission totale, d'admission partielle\nou de rejet, de d\u00e9gr\u00e8vement ou restitution d'office sans limitation de montant ;\n2\u00b0 les d\u00e9cisions prises sur les demandes de d\u00e9gr\u00e8vement de taxe fonci\u00e8re pour pertes de r\u00e9coltes, les\ndemandes de plafonnement en fonction de la valeur ajout\u00e9e des cotisations de taxe professionnelle\net de contribution \u00e9conomique territoriale et de remboursement de cr\u00e9dit de taxe sur la valeur\najout\u00e9e, sans limitation de montant ;\n3\u00b0  les  d\u00e9cisions  prises  sur  les  demandes  contentieuses  de  d\u00e9charge  de  responsabilit\u00e9  solidaire\nfond\u00e9es sur les dispositions du II de l'article 1691 bis du Code g\u00e9n\u00e9ral des imp\u00f4ts, sans limitation de\nmontant ;\n4\u00b0 en mati\u00e8re de gracieux fiscal, les d\u00e9cisions portant remise, mod\u00e9ration, transaction ou rejet, dans\nla limite de 200 000 \u20ac ;\n5\u00b0 les d\u00e9cisions prises sur les demandes gracieuses de d\u00e9charge de l'obligation de paiement solidaire\nfond\u00e9es sur les dispositions de l'article L. 247 du livre des proc\u00e9dures fiscales, dans la limite de\n305 000 \u20ac ; \n6\u00b0 les d\u00e9cisions prises sur les contestations relatives au recouvrement pr\u00e9vues aux articles L.281 et\nL. 283 du livre des proc\u00e9dures fiscales ; \n7\u00b0 les d\u00e9cisions prises sur les demandes de prorogation de d\u00e9lai pr\u00e9vues \u00e0 l'article 1594-0G du Code\ng\u00e9n\u00e9ral des imp\u00f4ts ;\nDIRECTION G\u00c9N\u00c9RALE DES FINANCES PUBLIQUES\nDIRECTION  D\u00c9PARTEMENTALE  DES  FINANCES\nPUBLIQUES DU GARD\n22 AVENUE CARNOT\n30943 N\u00ceMES CEDEX 9\nDirection d\u00e9partementale des Finances Publiques du Gard - 30-2025-10-01-00007 - Arr\u00eat\u00e9 portant d\u00e9l\u00e9gation de signature en mati\u00e8re\nde contentieux et de gracieux fiscal 28\n8\u00b0 les documents n\u00e9cessaires \u00e0 l'ex\u00e9cution comptable des d\u00e9cisions contentieuses et gracieuses, sans\nlimitation de montant ;\n9\u00b0 les requ\u00eates, m\u00e9moires, conclusions ou observations adress\u00e9s aux juridictions administratives ou\njudiciaires ;\n10\u00b0 sans limitation de montant, pour les d\u00e9cisions relatives aux demandes de plans de r\u00e8glement.\nArticle 2\nD\u00e9l\u00e9gation  de  signature  est  donn\u00e9e  \u00e0  Mme  Audrey  CHARNOZ, administratrice  des  finances\npubliques adjointe, \u00e0 l'effet de signer :\n1\u00b0 en mati\u00e8re de contentieux fiscal d'assiette, les d\u00e9cisions d'admission totale, d'admission partielle\nou de rejet, de d\u00e9gr\u00e8vement ou restitution d'office, dans la limite de 300 000 \u20ac ;\n2\u00b0 les d\u00e9cisions prises sur les demandes de d\u00e9gr\u00e8vement de taxe fonci\u00e8re pour pertes de r\u00e9coltes, les\ndemandes de plafonnement en fonction de la valeur ajout\u00e9e des cotisations de taxe professionnelle\net de contribution \u00e9conomique territoriale et de remboursement de cr\u00e9dit de taxe sur la valeur\najout\u00e9e, sans limitation de montant ;\n3\u00b0  les  d\u00e9cisions  prises  sur  les  demandes  contentieuses  de  d\u00e9charge  de  responsabilit\u00e9  solidaire\nfond\u00e9es sur les dispositions du II de l'article 1691 bis du Code g\u00e9n\u00e9ral des imp\u00f4ts, sans limitation de\nmontant ;\n4\u00b0 en mati\u00e8re de gracieux fiscal, les d\u00e9cisions portant remise, mod\u00e9ration, transaction ou rejet, dans\nla limite de 100 000 \u20ac ;\n5\u00b0 les d\u00e9cisions prises sur les demandes gracieuses de d\u00e9charge de l'obligation de paiement solidaire\nfond\u00e9es sur les dispositions de l'article L. 247 du livre des proc\u00e9dures fiscales, dans la limite de\n305 000 \u20ac ; \n6\u00b0 les d\u00e9cisions prises sur les contestations relatives au recouvrement pr\u00e9vues aux articles L.281 et\nL. 283 du livre des proc\u00e9dures fiscales ; \n7\u00b0 les d\u00e9cisions prises sur les demandes de prorogation de d\u00e9lai pr\u00e9vues \u00e0 l'article 1594-0G du Code\ng\u00e9n\u00e9ral des imp\u00f4ts ;\n8\u00b0 les documents n\u00e9cessaires \u00e0 l'ex\u00e9cution comptable des d\u00e9cisions contentieuses et gracieuses, sans\nlimitation de montant ;\n9\u00b0 les requ\u00eates, m\u00e9moires, conclusions ou observations adress\u00e9s aux juridictions administratives ou\njudiciaires ;\n10\u00b0 sans limitation de montant, pour les d\u00e9cisions relatives aux demandes de plans de r\u00e8glement.\nArticle 3\nD\u00e9l\u00e9gation  de  signature  est  donn\u00e9e  \u00e0  Mme  Aur\u00e9lie  ANDR\u00c9, inspectrice  principale  des  finances\npubliques, \u00e0 l'effet de signer :\n1\u00b0 en mati\u00e8re de contentieux fiscal d'assiette, les d\u00e9cisions d'admission totale, d'admission partielle\nou de rejet, de d\u00e9gr\u00e8vement ou restitution d'office, dans la limite de 200 000 \u20ac ;\n2\u00b0 les d\u00e9cisions prises sur les demandes de d\u00e9gr\u00e8vement de taxe fonci\u00e8re pour pertes de r\u00e9coltes, les\ndemandes de plafonnement en fonction de la valeur ajout\u00e9e des cotisations de taxe professionnelle\net de contribution \u00e9conomique territoriale et de remboursement de cr\u00e9dit de taxe sur la valeur\najout\u00e9e, sans limitation de montant ;\n3\u00b0  les  d\u00e9cisions  prises  sur  les  demandes  contentieuses  de  d\u00e9charge  de  responsabilit\u00e9  solidaire\nfond\u00e9es sur les dispositions du II de l'article 1691 bis du Code g\u00e9n\u00e9ral des imp\u00f4ts, sans limitation de\nmontant ;\n4\u00b0 en mati\u00e8re de gracieux fiscal, les d\u00e9cisions portant remise, mod\u00e9ration, transaction ou rejet, dans\nla limite de 100 000 \u20ac pour les droits et 75 000 \u20ac pour les p\u00e9nalit\u00e9s ;\nDirection d\u00e9partementale des Finances Publiques du Gard - 30-2025-10-01-00007 - Arr\u00eat\u00e9 portant d\u00e9l\u00e9gation de signature en mati\u00e8re\nde contentieux et de gracieux fiscal 29\nREPUBLIQUEFRANCAISELibert\u00e9Egalit\u00e9Fraternit\u00e9\nTFINANCES PUBLIQUES\n5\u00b0 les d\u00e9cisions prises sur les demandes gracieuses de d\u00e9charge de l'obligation de paiement solidaire\nfond\u00e9es sur les dispositions de l'article L. 247 du livre des proc\u00e9dures fiscales, dans la limite de\n305 000 \u20ac ; \n6\u00b0 les d\u00e9cisions prises sur les contestations relatives au recouvrement pr\u00e9vues aux articles L.281 et\nL. 283 du livre des proc\u00e9dures fiscales ; \n7\u00b0 les d\u00e9cisions prises sur les demandes de prorogation de d\u00e9lai pr\u00e9vues \u00e0 l'article 1594-0G du code\ng\u00e9n\u00e9ral des imp\u00f4ts ;\n8\u00b0 les documents n\u00e9cessaires \u00e0 l'ex\u00e9cution comptable des d\u00e9cisions contentieuses et gracieuses, sans\nlimitation de montant ;\n9\u00b0 les requ\u00eates, m\u00e9moires, conclusions ou observations adress\u00e9s aux juridictions administratives ou\njudiciaires ;\nArticle 4\nD\u00e9l\u00e9gation de signature est donn\u00e9e aux inspecteurs et inspectrices des finances publiques dont les\nnoms suivent :\n- M. Philippe GOUANTES -  Mme  M\u00e9lanie  BASSIER-\nLEONARDUZZI\n- M. Pierre FINIELS\n- Mme Isabelle GRENIER - Mme C\u00e9lia HELLAL - Mme Estelle HORN\n- M. Eric LANNUZEL - Mme Marjorie MOULIN - Mme Anne SIEUZAC\n- M. Fabrice TEYSSIER\n\u00e0 l'effet de signer :\n1\u00b0 en mati\u00e8re de contentieux fiscal d'assiette, les d\u00e9cisions d'admission totale, d'admission partielle\nou de rejet, de d\u00e9gr\u00e8vement ou restitution d'office, dans la limite de 25 000 \u20ac ;\n2\u00b0 en mati\u00e8re de gracieux fiscal, les d\u00e9cisions portant remise, mod\u00e9ration, transaction ou rejet, dans\nla limite de 25 000 \u20ac  ; \n3\u00b0 les requ\u00eates, m\u00e9moires, conclusions ou observations adress\u00e9s aux juridictions administratives ou\njudiciaires, dans la limite de 1 500 \u20ac par c\u00f4te, exercice ou affaire.\nDirection d\u00e9partementale des Finances Publiques du Gard - 30-2025-10-01-00007 - Arr\u00eat\u00e9 portant d\u00e9l\u00e9gation de signature en mati\u00e8re\nde contentieux et de gracieux fiscal 30\nArticle 5\nD\u00e9l\u00e9gation de signature est donn\u00e9e aux contr\u00f4leurs et contr\u00f4leuses des finances publiques dont les \nnoms suivent :\n- Mme Martine BERTHALIN - Mme Sylvie EUGENE\n \u00e0 l'effet de signer :\n1\u00b0 en mati\u00e8re de contentieux fiscal d'assiette, les d\u00e9cisions d'admission totale, d'admission partielle \nou de rejet, de d\u00e9gr\u00e8vement ou restitution d'office, dans la limite de 12 000 \u20ac ;\n2\u00b0 en mati\u00e8re de gracieux fiscal, les d\u00e9cisions portant remise, mod\u00e9ration, transaction ou rejet, dans \nla limite de 12 000 \u20ac.\nArticle 6\nD\u00e9l\u00e9gation de signature est donn\u00e9e aux responsables de service dont les noms suivent :\nPRENOM NOM RESPONSABLES DE SERVICES\nRichard MERIC SIP ALES / SAINT PRIVAT DES VIEUX\nClaude GUYOT SIP BAGNOLS SUR CEZE\nNathalie JOUHANIN SIP NIMES\nDidier LAYE SIE ALES / SAINT PRIVAT DES VIEUX\nThierry LELIEVRE SIE BAGNOLS SUR CEZE\nDominique GUETAT SIE NIMES\nMaxime VILLAR SPFE NIMES\nFranck FOYER SDIF NIMES\nFlorent MARTINA 1ERE BDV NIMES\nSt\u00e9phane VINATIER 2EME BDV NIMES\nDidier MAZIERE BCR NIMES\nFranck PINCHART PCRP NIMES\nChristel CARTAGENA PCE NIMES\nDominique REYNAUD PRS NIMES\n\u00e0 l'effet de signer :\n1\u00b0 prendre  des  d\u00e9cisions  contentieuses  d'admission  totale,  d'admission  partielle,  de  rejet,  de\nd\u00e9gr\u00e8vement ou de restitution d'office, dans la limite de 76 000 \u20ac pour les agents ayant au moins le\ngrade d'administrateur de l'\u00c9tat et de 60 000 \u20ac pour les autres cadres.\n2\u00b0 Cette limite conna\u00eet toutefois des d\u00e9rogations :\n- s'agissant des demandes de remboursement de cr\u00e9dits de TVA, la limite est port\u00e9e \u00e0 100 000 \u20ac ;\n- s'agissant des demandes de remboursement de cr\u00e9dits d'imp\u00f4t, la limite est port\u00e9e \u00e0 100 000 \u20ac ;\n- s'agissant des demandes  de plafonnement  en  fonction de  la valeur ajout\u00e9e des cotisations de\ncontribution  \u00e9conomique  territoriale  (CET)  pr\u00e9sent\u00e9es  par  une  entreprise  dont  tous  les\n\u00e9tablissements  sont  situ\u00e9s  dans  le  ressort  territorial  d'un  seul  et  m\u00eame  service  des  imp\u00f4ts  des\nentreprises (SIE), les responsables de services sont comp\u00e9tents sans limite ;\n- pour statuer sur les demandes de d\u00e9gr\u00e8vement de taxe fonci\u00e8re pour pertes de r\u00e9coltes, sans limite\nde montant ;\nDirection d\u00e9partementale des Finances Publiques du Gard - 30-2025-10-01-00007 - Arr\u00eat\u00e9 portant d\u00e9l\u00e9gation de signature en mati\u00e8re\nde contentieux et de gracieux fiscal 31\nREPUBLIQUEFRANCAISELibert\u00e9Egalit\u00e9Fraternit\u00e9\nTFINANCES PUBLIQUES\n-  pour  signer  les  documents  n\u00e9cessaires  \u00e0  l'ex\u00e9cution  comptable  des  d\u00e9cisions  gracieuses  et\ncontentieuses, sans limite de montant.\nArticle 7\nToutes dispositions ant\u00e9rieures sont abrog\u00e9es. \nLe pr\u00e9sent arr\u00eat\u00e9 sera publi\u00e9 au recueil des actes administratifs du d\u00e9partement du Gard, et sera\naffich\u00e9 dans les locaux du service o\u00f9 exercent les agents d\u00e9l\u00e9gataires.\n\u00c0 N\u00eemes, le 01 octobre 2025\nL'Administratrice de l'\u00c9tat,\nDirectrice d\u00e9partementale des Finances publiques du\nGard,\nSign\u00e9\nChristine BESSOU-NICAISE\nDirection d\u00e9partementale des Finances Publiques du Gard - 30-2025-10-01-00007 - Arr\u00eat\u00e9 portant d\u00e9l\u00e9gation de signature en mati\u00e8re\nde contentieux et de gracieux fiscal 32\nDirection d\u00e9partementale des Finances\nPubliques du Gard\n30-2025-10-01-00008\nD\u00e9cision de d\u00e9l\u00e9gation de signature g\u00e9n\u00e9rale et\nsp\u00e9ciales\nDirection d\u00e9partementale des Finances Publiques du Gard - 30-2025-10-01-00008 - D\u00e9cision de d\u00e9l\u00e9gation de signature g\u00e9n\u00e9rale et\nsp\u00e9ciales 33\nExREPUBLIQUEFRAN\u00c7AISELibert\u00e9Egalit\u00e9Fraternit\u00e9\nTFINANCES PUBLIQUES\nDirection d\u00e9partementale\ndes Finances publiques du Gard\nD\u00c9CISION DE D\u00c9L\u00c9GATION DE SIGNATURE\nLa Directrice d\u00e9partementale des Finances publiques du Gard,\nVu le d\u00e9cret n\u00b0 2008-309 du 3 avril 2008 portant dispositions transitoires relatives \u00e0 la direction\ng\u00e9n\u00e9rale des finances publiques ;\nVu le d\u00e9cret n\u00b02009-208 du 20 f\u00e9vrier 2009 relatif au statut particulier des administrateurs des\nfinances publiques ;\nVu le d\u00e9cret n\u00b02009-707 du 16 juin 2009 relatif aux services d\u00e9concentr\u00e9s de la direction g\u00e9n\u00e9rale\ndes finances publiques ;\nVu le d\u00e9cret n\u00b02012-1246 modifi\u00e9 du 7 novembre 2012 relatif \u00e0 la gestion budg\u00e9taire et comptable\npublique ; \nVu l'arr\u00eat\u00e9 du 11 d\u00e9cembre 2009 portant cr\u00e9ation de la direction d\u00e9partementale des finances\npubliques du Gard ;\nVu le d\u00e9cret n\u00b0 2016-1234 du 19 septembre 2016 modifiant le d\u00e9cret n\u00b0 2008-310 du 3 avril 2008\nrelatif  \u00e0  la  direction  g\u00e9n\u00e9rale  des  finances  publiques  et  portant  cr\u00e9ation  d'une  direction  de\nl'immobilier de l'\u00c9tat ;\nVu le d\u00e9cret n\u00b0 2017-1255 du 08 ao\u00fbt 2017 relatif aux missions d'\u00e9valuations domaniales et de\npolitique immobili\u00e8re des services d\u00e9concentr\u00e9s de la direction g\u00e9n\u00e9rale des finances publiques ;  \nVu le d\u00e9cret en date du 17 juillet 2023 portant int\u00e9gration dans le corps des administrateurs de\nl'\u00c9tat de madame Christine BESSOU-NICAISE et de madame C\u00e9line HERBEPIN ;\nVu le d\u00e9cret en date du 31 d\u00e9cembre 2023 portant int\u00e9gration dans le corps des administrateurs\nde l'\u00c9tat de madame Aur\u00e9lie FRANCO ;\nVu le d\u00e9cret du 31 ao\u00fbt 2024 portant nomination au 1 er octobre 2024 de Mme Christine BESSOU-\nNICAISE dans l'emploi de directrice d\u00e9partementale des finances publiques du Gard ;\n1/12\nDirection d\u00e9partementale des Finances Publiques du Gard - 30-2025-10-01-00008 - D\u00e9cision de d\u00e9l\u00e9gation de signature g\u00e9n\u00e9rale et\nsp\u00e9ciales 34\nD\u00e9cide :\nArticle 1 :  Sont exclus du champ des pr\u00e9sentes d\u00e9l\u00e9gations  les actes et d\u00e9cisions, qui font\nl'objet de d\u00e9l\u00e9gations particuli\u00e8res, relevant des domaines suivants :\n- le pouvoir adjudicateur,\n- l'ordonnancement  secondaire  des  d\u00e9penses  et  des  recettes  du  budget  de  la  direction\nd\u00e9partementale des finances publiques du Gard,\n- l'homologation des r\u00f4les d'imp\u00f4ts directs,\n- la notification des taux et des bases aux collectivit\u00e9s locales d'imp\u00f4ts directs,\n- les conventions de num\u00e9risation avec les collectivit\u00e9s locales et les \u00e9tablissements publics\nlocaux,\n- la convention de d\u00e9l\u00e9gation sur les actes d'ordonnancement secondaire des d\u00e9penses et\ndes recettes,\n- l'engagement des poursuites p\u00e9nales pour infractions fiscales, en mati\u00e8re d'escroquerie ou\ntentatives d'escroquerie et pour opposition \u00e0 fonction,\n- la signature de tous les actes se rapportant aux affaires domaniales \u00e0 l'exception des avis\nd'\u00e9valuations domaniales.\nArticle 2 : D\u00e9l\u00e9gation g\u00e9n\u00e9rale de signature est donn\u00e9e \u00e0 :\nPr\u00e9nom, Nom, grade et fonction Nature d'\u00e9tendue de la d\u00e9l\u00e9gation\nMme Aur\u00e9lie FRANCO\nAdministratrice de l'\u00c9tat\nDirectrice du p\u00f4le m\u00e9tiers\nRe\u00e7oit procuration g\u00e9n\u00e9rale avec mandat de me suppl\u00e9er dans\nl'exercice de mes fonctions et de signer seule ou concurremment\navec moi, tous les actes relatifs \u00e0 la gestion et aux affaires qui s'y\nrattachent, sous r\u00e9serve des restrictions express\u00e9ment pr\u00e9vus par\nla r\u00e9glementation. Elle est autoris\u00e9e \u00e0 agir en justice et effectuer\ndes d\u00e9clarations de cr\u00e9ance.\nElle  re\u00e7oit  d\u00e9l\u00e9gation  de  signature  \u00e0  l'effet  de  signer  les\nautorisations  de  recourir  au  dispositif  d'anonymisation  pr\u00e9vu  \u00e0\nl'article L. 286 B du livre des proc\u00e9dures fiscales. \nMme C\u00e9line HERBEPIN\nAdministratrice de l'\u00c9tat\nDirectrice du p\u00f4le pilotage et\nressources\nRe\u00e7oit procuration g\u00e9n\u00e9rale avec mandat de me suppl\u00e9er dans\nl'exercice de mes fonctions et de signer seule ou concurremment\navec moi, tous les actes relatifs \u00e0 la gestion et aux affaires qui s'y\nrattachent.  Elle  est  autoris\u00e9e  \u00e0 agir  en justice et  effectuer  des\nd\u00e9clarations de cr\u00e9ance.\nSont exclus du champ d'application de la pr\u00e9sente d\u00e9l\u00e9gation tous\nles  actes  aff\u00e9rents  \u00e0  l'exercice  des  missions  exclusivement\nd\u00e9volues aux comptables publics par l'article 18 du d\u00e9cret n\u00b0 2012-\n1246 du 7 novembre 2012.\n2/12\nDirection d\u00e9partementale des Finances Publiques du Gard - 30-2025-10-01-00008 - D\u00e9cision de d\u00e9l\u00e9gation de signature g\u00e9n\u00e9rale et\nsp\u00e9ciales 35\nArticle 3 : D\u00e9l\u00e9gations sp\u00e9ciales sont donn\u00e9es \u00e0 :\nCabinet du directeur et communication\nPr\u00e9nom, Nom, grade et fonction Nature d'\u00e9tendue de la d\u00e9l\u00e9gation\nM. Philippe MERLI\nInspecteur divisionnaire\ndes Finances publiques\nResponsable du Cabinet et\nCommunication\nSigner toutes les pi\u00e8ces relatives au cabinet du directeur et \u00e0 la \ncommunication.\nMme Nathalie BOIVIN\nContr\u00f4leuse principale des Finances\npubliques\nCabinet de la directrice\nSigner les diff\u00e9rents courriers aff\u00e9rents aux attributions du cabinet\ndu directeur en cas d'absence de M. MERLI.\nMme Julie SALANI\u00c9\nContr\u00f4leuse des Finances publiques\nCabinet de la directrice\nSigner les diff\u00e9rents courriers aff\u00e9rents aux attributions du cabinet\ndu directeur en cas d'absence de M. MERLI.\nSigner les pi\u00e8ces et documents entrant dans les attributions de la\ncommunication en cas d'absence de M. MERLI.\nMission Risques et Audit : risques, audit et cellule qualit\u00e9 comptable\nPr\u00e9nom, Nom, grade et fonction Nature d'\u00e9tendue de la d\u00e9l\u00e9gation\nMme Claudine BADY\nAdministratrice des Finances\npubliques adjointe\nResponsable de la Mission Risques et\nAudit\nSigner  les  proc\u00e8s-verbaux  de  remise  de  service  et  les  rapports\nd'audit, ainsi que les courriers aff\u00e9rents \u00e0 la mission risques-audit,\net signer les pi\u00e8ces relatives au suivi des programmes d'audit (PDA)\net du contr\u00f4le interne (PDCI).\nSigner  les  pi\u00e8ces  et  documents  entrant  dans  les  attributions\ncourantes de la cellule qualit\u00e9 comptable (CQC).\nMme Candice SEGUIN\nInspectrice principale\ndes Finances publiques - Auditrice\nSigner  les  proc\u00e8s-verbaux  de  remise  de  service  et  les  rapports\nd'audit, ainsi que les courriers aff\u00e9rents \u00e0 la mission risques-audit.\nM. Fabien CHENILLOT\nInspecteur principal\ndes Finances publiques - Auditeur\nSigner  les  proc\u00e8s-verbaux  de  remise  de  service  et  les  rapports\nd'audit, ainsi que les courriers aff\u00e9rents \u00e0 la mission risques-audit.\nMme Sylvie MAS\nInspectrice des Finances publiques\nCharg\u00e9e de mission\n\u00e0 la cellule qualit\u00e9 comptable\nSigner  les  pi\u00e8ces  et  documents  entrant  dans  les  attributions\ncourantes de la cellule qualit\u00e9 comptable (CQC).\n3/12\nDirection d\u00e9partementale des Finances Publiques du Gard - 30-2025-10-01-00008 - D\u00e9cision de d\u00e9l\u00e9gation de signature g\u00e9n\u00e9rale et\nsp\u00e9ciales 36\nP\u00f4le M\u00e9tiers\nDivision de la fiscalit\u00e9 des particuliers, de la fiscalit\u00e9 des professionnels,\ndes missions fonci\u00e8res et des affaires \u00e9conomiques\nPr\u00e9nom, Nom, grade et fonction Nature d'\u00e9tendue de la d\u00e9l\u00e9gation\nM. Pierre BOUCHARDY\nAdministrateur des Finances publiques\nadjoint\nResponsable de la division de la fiscalit\u00e9 de la\nfiscalit\u00e9 des professionnels, des particuliers\net des missions fonci\u00e8res et des affaires\n\u00e9conomiques\nSigner  les  pi\u00e8ces  et  documents  entrant  dans  les\nattributions de la division de la fiscalit\u00e9 des professionnels,\nde la fiscalit\u00e9 des particuliers, des missions fonci\u00e8res et des\naffaires \u00e9conomiques, ainsi que dans les attributions de la\ndivision  affaires  juridiques,  p\u00f4le  juridictionnel,  contr\u00f4le\nfiscal,  animation  du  recouvrement  en  cas  d'absence  de\nMme  CHARNOZ,  administratrice  des  finances  publiques\nadjointe.\nM. David ROUAUD\nInspecteur divisionnaire des Finances\npubliques\nResponsable du service de la fiscalit\u00e9 des\nprofessionnels \nSigner  les  pi\u00e8ces  et  documents  entrant  dans  les\nattributions  courantes  du  service  fiscalit\u00e9  des\nprofessionnels,  et  signer  tous  les  courriers  et  pi\u00e8ces\nattach\u00e9s \u00e0 la division de la fiscalit\u00e9 des particuliers, de la\nfiscalit\u00e9  des  professionnels,  en  cas  d'absence  de  Mme\nBADY.\nSigner  les  pi\u00e8ces  et  documents  entrant  dans  les\nattributions  courantes  du  service  des  Affaires\n\u00e9conomiques.\nM. Rodolphe DUBOUIS \nInspecteur des Finances publiques\nService de la fiscalit\u00e9 des professionnels\nSigner  les  pi\u00e8ces  et  documents  entrant  dans  les\nattributions  courantes  du  service  de  la  fiscalit\u00e9  des\nprofessionnels.\nMme Fr\u00e9d\u00e9rique PETITET\nInspectrice divisionnaire des Finances\npubliques\nResponsable du service de la fiscalit\u00e9 des\nparticuliers et des missions fonci\u00e8res\nSigner  les  pi\u00e8ces  et  documents  entrant  dans  les\nattributions  courantes  du  service  de  la  fiscalit\u00e9  des\nparticuliers  et  des  missions  fonci\u00e8res,  et  signer  tous  les\ncourriers et pi\u00e8ces attach\u00e9s la division de la fiscalit\u00e9 des\nparticuliers, de la fiscalit\u00e9 des professionnels, des missions\nfonci\u00e8res  en  cas  d'absence  de  Mme  BADY  et  M.\nBOUCHARDY.\nM. J\u00e9r\u00f4me BERTHE\nInspecteur des Finances publiques\nService de la fiscalit\u00e9 des particuliers et des\nmissions fonci\u00e8res\nSigner  les  pi\u00e8ces  et  documents  entrant  dans  les\nattributions  courantes  du  service  de  la  fiscalit\u00e9  des\nparticuliers et des missions fonci\u00e8res.\nM. Nicolas SIMARD\nInspecteur des Finances publiques\nService des affaires \u00e9conomiques\nSigner  les  pi\u00e8ces  et  documents  entrant  dans  les\nattributions courantes du service des affaires \u00e9conomiques.\nM. Pierre GARCIA\nContr\u00f4leur principal\ndes Finances publiques\nService des affaires \u00e9conomiques\nSigner  les  pi\u00e8ces  et  documents  entrant  dans  les\nattributions courantes du service activit\u00e9s \u00e9conomiques en\ncas d'absence de M. SIMARD.\nM. Islam SAIDAINI\nSigner  les  pi\u00e8ces  et  documents  entrant  dans  les\nattributions  de  la  division  missions  fonci\u00e8res  en  cas\nd'absence  de  M.  BOUCHARDY,  Mme  BADY  et  Mme\nCHARNOZ.\n4/12\nDirection d\u00e9partementale des Finances Publiques du Gard - 30-2025-10-01-00008 - D\u00e9cision de d\u00e9l\u00e9gation de signature g\u00e9n\u00e9rale et\nsp\u00e9ciales 37\nDivision affaires juridiques, p\u00f4le juridictionnel, contr\u00f4le fiscal,\nanimation du recouvrement\nPr\u00e9nom, Nom, grade et fonction Nature d'\u00e9tendue de la d\u00e9l\u00e9gation\nMme Audrey CHARNOZ\nAdministratrice des Finances\npubliques adjointe\nResponsable de la division\naffaires juridiques, p\u00f4le juridictionnel,\ncontr\u00f4le fiscal, animation du\nrecouvrement\nSigner les pi\u00e8ces et documents entrant dans les attributions de la\ndivision  affaires  juridiques,  p\u00f4le  juridictionnel,  contr\u00f4le  fiscal,\nanimation du recouvrement, ainsi que dans les attributions de la\ndivision  de  la  fiscalit\u00e9  des  particuliers,  de  la  fiscalit\u00e9  des\nprofessionnels,  des  missions  fonci\u00e8res  en  cas  d'absence  de\nM. BOUCHARDY, administrateur des finances publiques adjoint.\nMme Aur\u00e9lie ANDR\u00c9\nInspectrice principale\ndes Finances publiques\nResponsable du service\ndes affaires juridiques et du p\u00f4le\njuridictionnel\nSigner  les  pi\u00e8ces  et  documents  entrant  dans  les  attributions\ncourantes du service des affaires juridiques et du p\u00f4le juridictionnel\net signer tous les courriers et pi\u00e8ces attach\u00e9s \u00e0 la division affaires\njuridiques,  p\u00f4le  juridictionnel,  contr\u00f4le  fiscal,  animation  du\nrecouvrement  en  cas  d'absence  de  Mme  CHARNOZ,  de\nMme DUPR\u00c9 ou de Mme FILAINE.\nMme M\u00e9lanie BASSIER-LEONARDUZZI\nInspectrice des Finances publiques\nService des affaires juridiques et du\np\u00f4le juridictionnel\nSigner  les  pi\u00e8ces  et  documents  entrant  dans  les  attributions\ncourantes  du  s ervice  des  affaires  juridiques  et  du  p\u00f4le\njuridictionnel.\nMme Anne SIEUZAC\nInspectrice des Finances publiques\nService des affaires juridiques et du\np\u00f4le juridictionnel\nSigner  les  pi\u00e8ces  et  documents  entrant  dans  les  attributions\ncourantes  du  s ervice  des  affaires  juridiques  et  du  p\u00f4le\njuridictionnel.\nM. Pierre FINIELS\nInspecteur des Finances publiques\nService des affaires juridiques et du\np\u00f4le juridictionnel\nSigner  les  pi\u00e8ces  et  documents  entrant  dans  les  attributions\ncourantes  du  s ervice  des  affaires  juridiques  et  du  p\u00f4le\njuridictionnel.\nM. Philippe GOUANTES\nInspecteur des Finances publiques\nService des affaires juridiques et du\np\u00f4le juridictionnel\nSigner  les  pi\u00e8ces  et  documents  entrant  dans  les  attributions\ncourantes  du  s ervice  des  affaires  juridiques  et  du  p\u00f4le\njuridictionnel.\nMme Isabelle GRENIER\nInspectrice des Finances publiques\nService des affaires juridiques et du\np\u00f4le juridictionnel\nSigner  les  pi\u00e8ces  et  documents  entrant  dans  les  attributions\ncourantes  du  s ervice  des  affaires  juridiques  et  du  p\u00f4le\njuridictionnel.\nMme Estelle HORN\nInspectrice des Finances publiques\nService des affaires juridiques et du\np\u00f4le juridictionnel\nSigner  les  pi\u00e8ces  et  documents  entrant  dans  les  attributions\ncourantes  du  s ervice  des  affaires  juridiques  et  du  p\u00f4le\njuridictionnel.\nM. Eric LANNUZEL\nInspecteur des Finances publiques\nService des affaires juridiques et du\np\u00f4le juridictionnel\nSigner  les  pi\u00e8ces  et  documents  entrant  dans  les  attributions\ncourantes  du  s ervice  des  affaires  juridiques  et  du  p\u00f4le\njuridictionnel.\nM. Fabrice TEYSSIER\nInspecteur des Finances publiques\nService des affaires juridiques et du\np\u00f4le juridictionnel\nSigner  les  pi\u00e8ces  et  documents  entrant  dans  les  attributions\ncourantes  du  s ervice  des  affaires  juridiques  et  du  p\u00f4le\njuridictionnel.\nMme Marjorie MOULIN\nInspectrice des Finances publiques\nService des affaires juridiques et du\np\u00f4le juridictionnel\nSigner  les  pi\u00e8ces  et  documents  entrant  dans  les  attributions\ncourantes  du  s ervice  des  affaires  juridiques  et  du  p\u00f4le\njuridictionnel.\nMme C\u00e9lia HELLAL\nInspectrice des Finances publiques\nService des affaires juridiques et du\np\u00f4le juridictionnel\nSigner  les  pi\u00e8ces  et  documents  entrant  dans  les  attributions\ncourantes  du  s ervice  des  affaires  juridiques  et  du  p\u00f4le\njuridictionnel.\n5/12\nDirection d\u00e9partementale des Finances Publiques du Gard - 30-2025-10-01-00008 - D\u00e9cision de d\u00e9l\u00e9gation de signature g\u00e9n\u00e9rale et\nsp\u00e9ciales 38\nPr\u00e9nom, Nom, grade et fonction Nature d'\u00e9tendue de la d\u00e9l\u00e9gation\n           Mme Martine BERTHALIN\nContr\u00f4leuse principale \ndes Finances publiques\nService des affaires juridiques et du\np\u00f4le juridictionnel\nSigner  les  pi\u00e8ces  et  documents  entrant  dans  les  attributions\ncourantes  du  s ervice  des  affaires  juridiques  et  du  p\u00f4le\njuridictionnel.\nM. Yannick BARRE\nInspecteur des Finances publiques\nService du contr\u00f4le fiscal\nSigner  les  pi\u00e8ces  et  documents  entrant  dans  les  attributions\ncourantes du service du contr\u00f4le fiscal.\nMme Anne FABREGUE\nInspectrice des Finances publiques\nService du contr\u00f4le fiscal\nSigner  les  pi\u00e8ces  et  documents  entrant  dans  les  attributions\ncourantes du service du contr\u00f4le fiscal.\nMme Corinne MALSAGNE\nInspectrice des Finances publiques\nService du contr\u00f4le fiscal\nSigner  les  pi\u00e8ces  et  documents  entrant  dans  les  attributions\ncourantes du service du contr\u00f4le fiscal.\nMme Sylvie EUGENE\nContr\u00f4leuse des Finances publiques\nService du contentieux fiscal et service\ndu contr\u00f4le fiscal\nSigner  les  pi\u00e8ces  et  documents  entrant  dans  les  attributions\ncourantes du service des affaires juridiques, du p\u00f4le juridictionnel\net du service du contr\u00f4le fiscal.\nMme Christelle FILAINE\nInspectrice divisionnaire des Finances\npubliques\nResponsable du service de l'animation\ndu recouvrement : particuliers, mission\namendes, HFP\nSigner  les  pi\u00e8ces  et  documents  entrant  dans  les  attributions\ncourantes du service de l'animation du recouvrement et signer tous\nles courriers et pi\u00e8ces attach\u00e9s \u00e0 la division affaires juridiques, p\u00f4le\njuridictionnel, contr\u00f4le fiscal, animation du recouvrement  en cas\nd'absence de Mme CHARNOZ, de Mme ANDR\u00c9 ou de Mme DUPR\u00c9.\nMme Ga\u00eblle ALMERAS-HEYRAUD\nInspectrice des Finances publiques\nService animation du recouvrement\nSigner  les  pi\u00e8ces  et  documents  entrant  dans  les  attributions\ncourantes du service animation du recouvrement.\nMme Nathalie CHAUBET\nInspectrice des Finances publiques\nService animation du recouvrement\nSigner  les  pi\u00e8ces  et  documents  entrant  dans  les  attributions\ncourantes du service animation du recouvrement.\nMme Isabelle TUR-SEQUIER\nInspectrice des Finances publiques\nService animation du recouvrement\nSigner  les  pi\u00e8ces  et  documents  entrant  dans  les  attributions\ncourantes du service animation du recouvrement.\nNathalie KIEFER \nContr\u00f4leuse des Finances publiques\nService animation du recouvrement\nSigner  les  pi\u00e8ces  et  documents  entrant  dans  les  attributions\ncourantes du service animation du recouvrement.\nMme Ir\u00e8ne LEDERNE\nContr\u00f4leuse des Finances publiques\nService animation du recouvrement\nSigner  les  pi\u00e8ces  et  documents  entrant  dans  les  attributions\ncourantes du service animation du recouvrement.\n6/12\nDirection d\u00e9partementale des Finances Publiques du Gard - 30-2025-10-01-00008 - D\u00e9cision de d\u00e9l\u00e9gation de signature g\u00e9n\u00e9rale et\nsp\u00e9ciales 39\nDivision gestion publique\nPr\u00e9nom, Nom, grade et fonction Nature d'\u00e9tendue de la d\u00e9l\u00e9gation\nM. Arnaud URBAIN\nAdministrateur des Finances\npubliques adjoint\nResponsable de la division\ngestion publique\nSigner les pi\u00e8ces et documents entrant dans les attributions de la\ndivision gestion publique.\nM. Fr\u00e9d\u00e9ric BENO\u00ceT\nInspecteur principal\ndes Finances publiques\nResponsable du service SPL, SFDL,\nanalyses financi\u00e8res\nSigner les pi\u00e8ces et documents entrant dans les attributions du\nservice SPL, SFDL, analyses financi\u00e8res.\nMme S\u00e9verine NICOLAS\nInspectrice des Finances publiques\nCEPL\nSigner  les  pi\u00e8ces  et  documents  entrant  dans  les  attributions\ncourantes du service relatives aux collectivit\u00e9s et \u00e9tablissements\npublics locaux (CEPL) ainsi que les comptes de gestion.\nM. Denis COSTE\nInspecteur des Finances publiques \nSFDL et expertises fiscales\nSigner  les  pi\u00e8ces  et  documents  entrant  dans  les  attributions\ncourantes du service relatives \u00e0 la fiscalit\u00e9 directe locale (SFDL) et\naux expertises fiscales.\nM. Brahim BENARAB\nInspecteur des Finances publiques\nSFDL et expertises fiscales\nSigner  les  pi\u00e8ces  et  documents  entrant  dans  les  attributions\ncourantes du service relatives \u00e0 la fiscalit\u00e9 directe locale (SFDL) et\naux expertises fiscales.\nMme Sylvie LAVENAN\nInspectrice des Finances publiques\nSigner  les  pi\u00e8ces  et  documents  entrant  dans  les  attributions\ncourantes du service relatives aux collectivit\u00e9s et \u00e9tablissements\npublics locaux (CEPL) ainsi que les comptes de gestion.\nSigner  les  pi\u00e8ces  et  documents  entrant  dans  les  attributions\ncourantes de la mission d\u00e9mat\u00e9rialisation et mon\u00e9tique.\nMme Sylvie LUCAS\nInspectrice des Finances publiques\nCharg\u00e9e de mission\nD\u00e9mat\u00e9rialisation et mon\u00e9tique\nSigner  les  pi\u00e8ces  et  documents  entrant  dans  les  attributions\ncourantes de la mission d\u00e9mat\u00e9rialisation et mon\u00e9tique.\nMme Florence TURCHI\nInspectrice des Finances publiques\nCharg\u00e9e de mission\nanalyses financi\u00e8res\nSigner  les  pi\u00e8ces  et  documents  entrant  dans  les  attributions\ncourantes de la mission analyses financi\u00e8res.\nMme Martine SAUVONNET\nInspectrice Divisionnaire\ndes Finances publiques\nResponsable du service\ncomptabilit\u00e9 de l'\u00c9tat et des recettes\nnon fiscales (produits divers de l'\u00c9tat)\nSigner les pi\u00e8ces et documents entrant dans les attributions du\nservice comptabilit\u00e9 de l'\u00c9tat et des recettes non fiscales (RNF).\nSigner  les lettres d'observation aux ordonnateurs,  les ordres de\npaiement li\u00e9s aux r\u00e9imputations de virements et aux cessions de\ncr\u00e9ances, les attestations de paiement, les bordereaux d'envoi. \nSigner les ch\u00e8ques sur le Tr\u00e9sor.\nSigner  tous  les  actes  de  poursuites  se rapportant  aux  produits\ndivers de l'\u00c9tat et notamment les d\u00e9cisions de remise gracieuse\ndans la limite de 10 000 \u20ac.\n7/12\nDirection d\u00e9partementale des Finances Publiques du Gard - 30-2025-10-01-00008 - D\u00e9cision de d\u00e9l\u00e9gation de signature g\u00e9n\u00e9rale et\nsp\u00e9ciales 40\nPr\u00e9nom, Nom, grade et fonction Nature d'\u00e9tendue de la d\u00e9l\u00e9gation\nM. Thomas DU MONCEAU\nDE BERGENDAL\nInspecteur des Finances publiques\nComptabilit\u00e9 g\u00e9n\u00e9rale\nSigner  les  pi\u00e8ces  et  documents  entrant  dans  les  attributions\ncourantes du service relatives \u00e0 la comptabilit\u00e9 g\u00e9n\u00e9rale, ainsi que\ncelles relatives \u00e0 la comptabilit\u00e9 des imp\u00f4ts et des amendes.\nSigner  les lettres d'observation aux ordonnateurs,  les ordres de\npaiement li\u00e9s aux r\u00e9imputations de virements et aux cessions de\ncr\u00e9ances, les attestations de paiement, les bordereaux d'envoi.\nSigner les ch\u00e8ques sur le Tr\u00e9sor.\nSigner  les  pi\u00e8ces  et  documents  entrant  dans  les  attributions\ncourantes des d\u00e9p\u00f4ts et services financiers (d\u00e9p\u00f4ts de fonds au\nTr\u00e9sor et caisse des d\u00e9p\u00f4ts).\nMme Nathalie PRIETO\nContr\u00f4leuse principale des Finances\npubliques\nComptabilit\u00e9 g\u00e9n\u00e9rale\nSigner  les  pi\u00e8ces  et  documents  entrant  dans  les  attributions\ncourantes du service relatives \u00e0 la comptabilit\u00e9 g\u00e9n\u00e9rale en cas\nd'absence de M. du MONCEAU de BERGENDAL.\nM. Julien BRUNEL\nContr\u00f4leur des Finances publiques\nComptabilit\u00e9 g\u00e9n\u00e9rale\nSigner  les  pi\u00e8ces  et  documents  entrant  dans  les  attributions\ncourantes du service relatives \u00e0 la comptabilit\u00e9 g\u00e9n\u00e9rale en cas\nd'absence de M. du MONCEAU de BERGENDAL.\nMme Val\u00e9rie CHARLES\nContr\u00f4leuse des Finances publiques\nComptabilit\u00e9 g\u00e9n\u00e9rale\nSigner  les  pi\u00e8ces  et  documents  entrant  dans  les  attributions\ncourantes du service relatives \u00e0 la comptabilit\u00e9 g\u00e9n\u00e9rale en cas\nd'absence de M. du MONCEAU de BERGENDAL.\nM. Valentin PEYRE\nContr\u00f4leur des Finances publiques\nComptabilit\u00e9 g\u00e9n\u00e9rale\nSigner  les  pi\u00e8ces  et  documents  entrant  dans  les  attributions\ncourantes du service relatives \u00e0 la comptabilit\u00e9 g\u00e9n\u00e9rale en cas\nd'absence de M. du MONCEAU de BERGENDAL.\nM. Thierry CERVILLA\nContr\u00f4leur des Finances publiques\nComptabilit\u00e9 g\u00e9n\u00e9rale\nSigner  les  pi\u00e8ces  et  documents  entrant  dans  les  attributions\ncourantes du service relatives \u00e0 la comptabilit\u00e9 g\u00e9n\u00e9rale en cas\nd'absence de M. du MONCEAU de BERGENDAL \nMme Marielle GUILLOT\nContr\u00f4leuse des Finances publiques\nComptabilit\u00e9 g\u00e9n\u00e9rale\nSigner  les  pi\u00e8ces  et  documents  entrant  dans  les  attributions\ncourantes du service relatives \u00e0 la comptabilit\u00e9 g\u00e9n\u00e9rale en cas\nd'absence de M. du MONCEAU de BERGENDAL \nMme  Noroarisoa RANDRIANATORO\nContr\u00f4leuse principale des Finances\npubliques\nCellule Comptabilit\u00e9 Imp\u00f4ts et\nAmendes\nSigner  les  pi\u00e8ces  et  documents  entrant  dans  les  attributions\ncourantes du service relatives \u00e0 la comptabilit\u00e9 g\u00e9n\u00e9rale et des\namendes en cas d'absence de M. du MONCEAU de BERGENDAL \nM. Jean Fran\u00e7ois ROUVIERE\nContr\u00f4leur des Finances publiques\nCellule Comptabilit\u00e9 Imp\u00f4ts et\nAmendes\nSigner  les  pi\u00e8ces  et  documents  entrant  dans  les  attributions\ncourantes du service relatives \u00e0 la comptabilit\u00e9 g\u00e9n\u00e9rale en cas\nd'absence de M. du MONCEAU de BERGENDAL \nM. Patrice BADIOU\nContr\u00f4leur principal des Finances\npubliques\nCellule DFT\nSigner  les  pi\u00e8ces  et  documents  entrant  dans  les  attributions\ncourantes de la cellule d\u00e9p\u00f4ts de fonds au Tr\u00e9sor (DFT).\nMme Val\u00e9rie MOUSTARDIER\nContractuelle\nCellule DFT\nSigner  les  pi\u00e8ces  et  documents  entrant  dans  les  attributions\ncourantes de la cellule d\u00e9p\u00f4ts de fonds au Tr\u00e9sor (DFT). \n8/12\nDirection d\u00e9partementale des Finances Publiques du Gard - 30-2025-10-01-00008 - D\u00e9cision de d\u00e9l\u00e9gation de signature g\u00e9n\u00e9rale et\nsp\u00e9ciales 41\nP\u00f4le Pilotage et Ressources\nDivision Ressources humaines, formation professionnelle\nPr\u00e9nom, Nom, grade et fonction Nature d'\u00e9tendue de la d\u00e9l\u00e9gation\nMme Carole BALAC\u00c9\nAdministratrice des Finances\npubliques adjointe\nResponsable de la division Ressources\nhumaines, formation professionnelle\nSigner  les  pi\u00e8ces  et  documents  entrant  dans  les  attributions\ncourantes  des  ressources  humaines  et  de  la  formation\nprofessionnelle  et  de  la  cellule  responsabilit\u00e9  personnelle  et\np\u00e9cuniaire des comptables.\nSigner  les  pi\u00e8ces  et  documents  entrant  dans  les  attributions\ncourantes du service formation professionnelle.\nMme Genevi\u00e8ve LONGUET\nInspectrice divisionnaire\ndes Finances publiques\nAdjointe \u00e0 la Responsable\nde la division Ressources humaines,\nformation professionnelle\nSigner  les  pi\u00e8ces  et  documents  entrant  dans  les  attributions\ncourantes  des  ressources  humaines  et  de  la  formation\nprofessionnelle  et  de  la  cellule  responsabilit\u00e9  personnelle  et\np\u00e9cuniaire des comptables, en cas d'absence de Mme BALAC\u00c9.\nSigner  les  pi\u00e8ces  et  documents  entrant  dans  les  attributions\ncourantes du service formation professionnelle.\nMme Martine BLACHAS\nInspectrice des Finances publiques\nService ressources humaines\nCorrespondante handicap locale\nSigner  les  pi\u00e8ces  et  documents  entrant  dans  les  attributions\ncourantes du service des ressources humaines, dont les pi\u00e8ces  et\ndocuments entrant dans l'ex\u00e9cution quotidienne de l'application\nFrais de D\u00e9placement (FDD).\nM David PASTOR\nInspecteur des Finances publiques\nService ressources humaines\nSigner  les  pi\u00e8ces  et  documents  entrant  dans  les  attributions\ncourantes du service des ressources humaines, dont les pi\u00e8ces et\ndocuments entrant dans l'ex\u00e9cution quotidienne de l'application\nFrais de D\u00e9placement (FDD).\nMme Nathalie MIDALI\nInspectrice des Finances publiques\nService ressources humaines\nService formation professionnelle\nSigner  les  pi\u00e8ces  et  documents  entrant  dans  les  attributions\ncourantes du service des ressources humaines, dont les pi\u00e8ces  et\ndocuments entrant dans l'ex\u00e9cution quotidienne de l'application\nFrais de D\u00e9placement (FDD).\nSigner  les  pi\u00e8ces  et  documents  entrant  dans  les  attributions\ncourantes du service formation professionnelle.\nMme Val\u00e9rie DAUBAGNAN\nContr\u00f4leuse principale\ndes Finances publiques\nG\u00e9rer  et  valider  les  demandes  de  remboursement  dans\nl'application Frais de D\u00e9placement (FDD).\nM. Nicolas NONIS\nContr\u00f4leur principal \ndes Finances publiques\nG\u00e9rer  et  valider  les  demandes  de  remboursement  dans\nl'application Frais de D\u00e9placement (FDD).\nMme St\u00e9phanie PICAURON\nContr\u00f4leuse des Finances publiques\nG\u00e9rer  et  valider  les  demandes  de  remboursement  dans\nl'application Frais de D\u00e9placement (FDD).\nM. Hassan DAOUDI\nContr\u00f4leur des Finances publiques\nG\u00e9rer  et  valider  les  demandes  de  remboursement  dans\nl'application Frais de D\u00e9placement (FDD).\nM. Olivier ROUAIX\nContr\u00f4leur des Finances publiques\nSigner  les  pi\u00e8ces  et  documents  entrant  dans  les  attributions\ncourantes  du  service  formation  professionnelle  en  l'absence  de\nMme MIDALI.\n9/12\nDirection d\u00e9partementale des Finances Publiques du Gard - 30-2025-10-01-00008 - D\u00e9cision de d\u00e9l\u00e9gation de signature g\u00e9n\u00e9rale et\nsp\u00e9ciales 42\nDivision Gestion des moyens budg\u00e9taires, immobiliers et logistique\nMissions domaniales et Politique Immobili\u00e8re\nAccompagnement du changement en mati\u00e8re de responsabilit\u00e9 environnementale\nPr\u00e9nom, Nom, grade et fonction Nature d'\u00e9tendue de la d\u00e9l\u00e9gation\nMme Christelle BRUNET\nAdministratrice des Finances\npubliques adjointe\nResponsable de la division\nSigner  les  pi\u00e8ces  et  documents  entrant  dans  les  attributions\ncourantes de la gestion des moyens budg\u00e9taires, immobiliers et\nlogistiques, des Missions domaniales et Politique Immobili\u00e8re et de\nl'accompagnement du changement en mati\u00e8re de responsabilit\u00e9\nenvironnementale.\nM Lilian CASSAULT\nInspecteur Principal\ndes Finances publiques\nResponsable du service Budget,\nImmobilier, Logistique\nSigner les pi\u00e8ces et documents entrant dans les attributions du\nservice  du  budget,  de  l'immobilier  et  de  la  logistique  et  de\nl'accompagnement du changement en mati\u00e8re de responsabilit\u00e9\nenvironnementale.\nMme V\u00e9ronique BOUZERAN\nInspectrice des Finances publiques\nen charge du Budget\nSigner  les  pi\u00e8ces  et  documents  entrant  dans  les  attributions\ncourantes du secteur budget.\nMme Fran\u00e7oise GAGNE\nContr\u00f4leuse principale\ndes Finances publiques\nSigner les pi\u00e8ces et documents attach\u00e9s \u00e0 l'ex\u00e9cution quotidienne\ndu budget en cas d'absence de Mme V\u00e9ronique BOUZERAN.\nM. Mathieu AUSINA\nInspecteur des Finances publiques\nen charge de l'Immobilier et de la\nlogistique\nSigner  les  pi\u00e8ces  et  documents  entrant  dans  les  attributions\ncourantes du secteur immobilier et logistique.\nMme Sylvie JUAN\nContr\u00f4leuse principale des Finances\npubliques\nSigner les pi\u00e8ces et documents attach\u00e9s \u00e0 l'ex\u00e9cution quotidienne\ndu secteur immobilier et logistique en cas d'absence de M. AUSINA\nMme S\u00e9verine LEGER\nContr\u00f4leuse des Finances publiques\nSigner les pi\u00e8ces et documents attach\u00e9s \u00e0 l'ex\u00e9cution quotidienne\ndu secteur immobilier et logistique en cas d'absence de M. AUSINA\nM. Hakim DRIOUECH\nContr\u00f4leur des Finances publiques\nSigner les pi\u00e8ces et documents attach\u00e9s \u00e0 l'ex\u00e9cution quotidienne\ndu secteur immobilier et logistique en cas d'absence de M. AUSINA\nM. Julien NICOLETTI\nAgent administratif principal des\nFinances publiques\nSigner les pi\u00e8ces et documents attach\u00e9s \u00e0 l'ex\u00e9cution quotidienne\ndu service immobilier et logistique en cas d'absence de M. AUSINA\nMme Catherine FONTANILLE\nContr\u00f4leuse principale\ndes Finances publiques\nSigner les pi\u00e8ces et documents attach\u00e9s \u00e0 l'ex\u00e9cution quotidienne\ndu service immobilier et logistique en cas d'absence de M. AUSINA\nAssistants de pr\u00e9vention et d\u00e9l\u00e9gu\u00e9s \u00e0 la s\u00e9curit\u00e9\nPr\u00e9nom, Nom, grade et fonction Nature d'\u00e9tendue de la d\u00e9l\u00e9gation\nM. Yassim BELLATRECHE\nInspecteur des Finances publiques\nAssistant de pr\u00e9vention\net d\u00e9l\u00e9gu\u00e9 \u00e0 la s\u00e9curit\u00e9\nSigner  les  pi\u00e8ces  et  documents  entrant  dans  les  attributions\ncourantes de sa mission.\n10/12\nDirection d\u00e9partementale des Finances Publiques du Gard - 30-2025-10-01-00008 - D\u00e9cision de d\u00e9l\u00e9gation de signature g\u00e9n\u00e9rale et\nsp\u00e9ciales 43\nMissions domaniales et Politique immobili\u00e8re\nIl est donn\u00e9 sur le fondement r\u00e9glementaire de l'article D. 1212-25 du code g\u00e9n\u00e9ral de la propri\u00e9t\u00e9 des\npersonnes publiques les d\u00e9l\u00e9gations sp\u00e9ciales suivantes :\nPr\u00e9nom, Nom, grade et fonction Nature d'\u00e9tendue de la d\u00e9l\u00e9gation\nMme Christelle BRUNET\nAdministratrice des Finances\npubliques adjointe\nResponsable de la division\nSigner  les  pi\u00e8ces  et  documents  entrant  dans  les  attributions\ncourantes de la gestion des moyens budg\u00e9taires, immobiliers et\nlogistique, des Missions domaniales et Politique Immobili\u00e8re et de\nl'accompagnement du changement en mati\u00e8re de responsabilit\u00e9\nenvironnementale.\n\u00c9mettre les avis d'\u00e9valuation domaniale dans la limite \nd'  1 500 000 \u20ac\nEmettre les avis d'\u00e9valuation domaniale sans limite de montant en\ncas d'absence de  Mme Bessou Nicaise et de Mme C\u00e9line HERBEPIN\nMme Morgane LACROIX\nInspectrice Principale des Finances\npubliques\nResponsable France Domaine\nCorrespondante d\u00e9partementale de\nla politique immobili\u00e8re de l'\u00c9tat\nSigner les pi\u00e8ces et documents entrant dans les attributions de\nFrance Domaine.\n\u00c9mettre les avis d'\u00e9valuation domaniale dans la limite de :\n- 1 000 000 \u20ac pour les estimations en valeur v\u00e9nale d'immeubles\net des fonds de commerce \n- 150 000 \u20ac pour les estimations en valeur locative\nMme Rachel BARKAT\nInspectrice des Finances publiques\n\u00c9mettre les avis d'\u00e9valuation domaniale dans la limite de :\n- 500 000 \u20ac pour les estimations en valeur v\u00e9nale d'immeubles et\ndes fonds de commerce ;\n- 50 000 \u20ac pour les estimations en valeur locative\nMme Elisabeth HARNICHARD\nInspectrice des Finances publiques\nEmettre les avis d'\u00e9valuation domaniale dans la limite de :\n- 500 000 \u20ac pour les estimations en valeur v\u00e9nale d'immeubles et\ndes fonds de commerce ;\n- 50 000 \u20ac pour les estimations en valeur locative\nM. Fran\u00e7ois DAGOLDI\nInspecteur des Finances publiques\nEmettre les avis d'\u00e9valuation domaniale dans la limite de :\n- 500 000 \u20ac pour les estimations en valeur v\u00e9nale d'immeubles et\ndes fonds de commerce ;\n- 50 000 \u20ac pour les estimations en valeur locative\nMme  Chlo\u00e9 CHAUVENET\nInspectrice des Finances publiques\nEmettre les avis d'\u00e9valuation domaniale dans la limite de :\n- 500 000 \u20ac pour les estimations en valeur v\u00e9nale d'immeubles et\ndes fonds de commerce ;\n- 50 000 \u20ac pour les estimations en valeur locative\nMme Laure BONZI \nInspectrice stagiaire des Finances\npubliques \nEmettre les avis d'\u00e9valuation domaniale dans la limite de :\n- 200 000 \u20ac pour les estimations en valeur v\u00e9nale d'immeubles et\ndes fonds de commerce ;\n- 40 000 \u20ac pour les estimations en valeur locative\nMme Nadine  JIVA LILA\nInspectrice stagiaire des Finances\npubliques\nEmettre les avis d'\u00e9valuation domaniale dans la limite de :\n- 200 000 \u20ac pour les estimations en valeur v\u00e9nale d'immeubles et\ndes fonds de commerce ;\n- 40 000 \u20ac pour les estimations en valeur locative\n11/12\nDirection d\u00e9partementale des Finances Publiques du Gard - 30-2025-10-01-00008 - D\u00e9cision de d\u00e9l\u00e9gation de signature g\u00e9n\u00e9rale et\nsp\u00e9ciales 44\nDivision Ma\u00eetrise Strat\u00e9gie , communication et relations usagers\nPr\u00e9nom, Nom, grade et fonction Nature d'\u00e9tendue de la d\u00e9l\u00e9gation\nM. Philippe MERLI\nInspecteur divisionnaire\ndes Finances publiques\nResponsable de la division ma\u00eetrise\nd'activit\u00e9, strat\u00e9gie et grands projets\nSigner toutes les pi\u00e8ces relatives au contr\u00f4le de gestion.\nSigner toutes les pi\u00e8ces relatives \u00e0 la division strat\u00e9gie , \ncommunication et relations usagers,\nMme Mathilde DELEMOTTE\nInspectrice\ndes Finances publiques\nSigner toutes les pi\u00e8ces relatives au contr\u00f4le de gestion.\nSigner  les  pi\u00e8ces  et  documents  entrant  dans  les  attributions\ncourantes  de  division  strat\u00e9gie  ,  communication  et  relations\nusagers en cas d'absence de M. MERLI.\nMme Julie SALANI\u00c9\nContr\u00f4leuse des Finances publiques\nSigner toutes les pi\u00e8ces relatives au contr\u00f4le de gestion.\nSigner  les  pi\u00e8ces  et  documents  entrant  dans  les  attributions\ncourantes  de  division  strat\u00e9gie  ,  communication  et  relations\nusagers en cas d'absence de M. MERLI.\nOutre  ces  d\u00e9l\u00e9gations  sp\u00e9cifiques,  tous  les  responsables  de  division,  inspecteurs\nprincipaux des finances publiques, inspecteurs divisionnaires des finances publiques\net inspecteurs des finances publiques du p\u00f4le m\u00e9tiers de la direction d\u00e9partementale\ndes  finances  publiques  figurant  nominativement  sur  cette  liste  ont  re\u00e7u\nconcurremment pouvoir de signer les documents limitativement \u00e9num\u00e9r\u00e9s ci-apr\u00e8s :\n\uf0b7 les d\u00e9clarations de recettes et les r\u00e9c\u00e9piss\u00e9s,\n\uf0b7 les reconnaissances de d\u00e9p\u00f4ts de titres et valeurs,\n\uf0b7 les avis de r\u00e8glement entre comptables,\n\uf0b7 les ordres de paiement,\n\uf0b7 les endos et les acquits de ch\u00e8ques et effets de commerce divers,\n\uf0b7 les visa et avis de visa de tous ch\u00e8ques,\n\uf0b7 les mandats de d\u00e9placement,\n\uf0b7 les autorisations de paiement pour mon compte dans d'autres d\u00e9partements, \u00e0\nl'\u00e9tranger ou par divers agents comptables,\n\uf0b7 les certifications de r\u00e8glement sur les mandats, ordres de paiement, documents\ncomptables divers et de signature,\n\uf0b7 les proc\u00e8s-verbaux de remise de titres de pension,\n\uf0b7 les ordres de virement \u00e0 la Banque de France.\nArticle 4 : La pr\u00e9sente d\u00e9cision prend effet \u00e0 compter du 1er octobre 2025.\nElle sera publi\u00e9e au recueil des actes administratifs du d\u00e9partement du Gard.\nL'Administratrice de l'\u00c9tat,\nDirectrice d\u00e9partementale des Finances publiques du Gard,\nSign\u00e9\nChristine BESSOU-NICAISE\n12/12\nDirection d\u00e9partementale des Finances Publiques du Gard - 30-2025-10-01-00008 - D\u00e9cision de d\u00e9l\u00e9gation de signature g\u00e9n\u00e9rale et\nsp\u00e9ciales 45\nDirection d\u00e9partementale des Finances\nPubliques du Gard\n30-2025-10-01-00006\nD\u00e9cision de d\u00e9l\u00e9gation de signature pour le\nresponsable du SDIF\nDirection d\u00e9partementale des Finances Publiques du Gard - 30-2025-10-01-00006 - D\u00e9cision de d\u00e9l\u00e9gation de signature pour le\nresponsable du SDIF 46\nExREPUBLIQUEFRAN\u00c7AISELibert\u00e9Egalit\u00e9Fraternit\u00e9\nTFINANCES PUBLIQUES\nDirection d\u00e9partementale\ndes Finances publiques du Gard\nDIRECTION D\u00c9PARTEMENTALE DES FINANCES PUBLIQUES DU GARD\n22 AVENUE CARNOT\n30943 N\u00ceMES CEDEX 9\nD\u00c9CISION DE D\u00c9L\u00c9GATION DE SIGNATURE POUR LE RESPONSABLE DU SDIF\nLa Directrice d\u00e9partementale des Finances publiques du Gard,\nVu l'article L 255 A du livre des proc\u00e9dures fiscales ;\nVu le d\u00e9cret n\u00b0 2008-310 du 3 avril 2008 modifi\u00e9 relatif  \u00e0 la Direction g\u00e9n\u00e9rale des Finances\npubliques ;\nVu le d\u00e9cret n\u00b02009-707 du 16 juin 2009 relatif aux services d\u00e9concentr\u00e9s de la direction g\u00e9n\u00e9rale\ndes finances publiques ;\nVu le d\u00e9cret n\u00b02012-1246 modifi\u00e9 du 7 novembre 2012 relatif \u00e0 la gestion budg\u00e9taire et comptable\npublique ; \nVu l'arr\u00eat\u00e9 du 11 d\u00e9cembre 2009 portant cr\u00e9ation de la direction d\u00e9partementale des finances\npubliques du Gard ;\nVu le d\u00e9cret du 31 ao\u00fbt 2024 portant nomination au 1 er octobre 2024 de Mme Christine BESSOU-\nNICAISE dans l'emploi de directrice d\u00e9partementale des finances publiques du Gard ;\n1/2\nDirection d\u00e9partementale des Finances Publiques du Gard - 30-2025-10-01-00006 - D\u00e9cision de d\u00e9l\u00e9gation de signature pour le\nresponsable du SDIF 47\nD\u00e9cide :\nArticle 1  : D\u00e9l\u00e9gation de signature est donn\u00e9, \u00e0 M. Franck FOYER Inspecteur divisionnaire des\nFinances publiques hors classe, responsable du SDIF du Gard, pour liquider et \u00e9mettre les titres de\nperception mentionn\u00e9s \u00e0 l'article L255 A du livre des proc\u00e9dures fiscales.\nArticle 2 : Les dispositions de la pr\u00e9sente d\u00e9cision prennent effet au 1er octobre 2025.\nArticle 3 : La pr\u00e9sente d\u00e9l\u00e9gation sera publi\u00e9e au recueil des actes administratifs de la Pr\u00e9fecture\ndu Gard.\nFait \u00e0 N\u00eemes, le 1er octobre 2025.\n     L'Administratrice de l'\u00c9tat,\nDirectrice d\u00e9partementale des Finances publiques du Gard,\nSign\u00e9\nChristine BESSOU-NICAISE\n2/2\nDirection d\u00e9partementale des Finances Publiques du Gard - 30-2025-10-01-00006 - D\u00e9cision de d\u00e9l\u00e9gation de signature pour le\nresponsable du SDIF 48\nDirection D\u00e9partementale des Tetrritoires et de\nla Mer du Gard\n30-2025-10-03-00003\nArr\u00eat\u00e9 autorisant Monsieur Pierre SALIERES\nrepr\u00e9sentant le GAEC La Ferme d'Oz \u00e0 effectuer\ndes tirs de d\u00e9fense simple en vue de la d\u00e9fense\nde son troupeau contre la pr\u00e9dation du loup\n(Canis lupus)\nDirection D\u00e9partementale des Tetrritoires et de la Mer du Gard - 30-2025-10-03-00003 - Arr\u00eat\u00e9 autorisant Monsieur Pierre SALIERES\nrepr\u00e9sentant le GAEC La Ferme d'Oz \u00e0 effectuer des tirs de d\u00e9fense simple en vue de la d\u00e9fense de son troupeau contre la pr\u00e9dation\ndu loup (Canis lupus)\n49\nPREFETDU GARDLibert\u00e9Egalit\u00e9Fraternit\u00e9\nDirection d\u00e9partementale\ndes territoires et de la mer\nService Eau Nature\nARR\u00caT\u00c9 N\u00b0 \nautorisant Monsieur Pierre SALIERES repr\u00e9sentant le GAEC La Ferme d'Oz \u00e0 effectuer des tirs de d\u00e9fense \nsimple en vue de la d\u00e9fense de son troupeau contre la pr\u00e9dation du loup (Canis lupus)\nLe pr\u00e9fet du Gard\nChevalier de la L\u00e9gion d'honneur,\nOfficier de l'ordre national du M\u00e9rite\nVu la d\u00e9cision d 'ex\u00e9cution de la Commission europ\u00e9enne du 31 ao\u00fbt 2022 portant approbation du plan  \nstrat\u00e9gique relevant de la PAC 2023-2027 de la France en vue d'un soutien de l'Union financ\u00e9 par le Fonds \neurop\u00e9en agricole de garantie et le Fonds europ\u00e9en agricole pour le d\u00e9veloppement rural ;\nVu le code de l'environnement et notamment ses articles L.411-2 ; R.411-6 \u00e0 R.411-14 ; L 427-6 et R 427-4 ;\nVu le code rural et de la p\u00eache maritime et notamment ses articles L.111-2 et L.113-1 et suivants, ainsi que  \nses articles D.114-11 et suivants ;\nVu le code de la s\u00e9curit\u00e9 int\u00e9rieure et notamment ses articles L.311-2 et suivants, R.311-2 et suivants ;\nVu l'arr\u00eat\u00e9 du 23 avril 2007 modifi\u00e9 fixant la liste des mammif\u00e8res terrestres prot\u00e9g\u00e9s sur l'ensemble du  \nterritoire et les modalit\u00e9s de leur protection ;\nVu l'arr\u00eat\u00e9 du 19 f\u00e9vrier 2007 modifi\u00e9 fixant les conditions de demande et d'instruction des d\u00e9rogations  \nd\u00e9finies au 4\u00b0 de l'article L.411-2 du code de l'environnement portant sur les esp\u00e8ces de faune et de flore  \nsauvages prot\u00e9g\u00e9es ;\nVu l'arr\u00eat\u00e9 minist\u00e9riel modifi\u00e9 du 21 f\u00e9vrier 2024 fixant les conditions et limites dans lesquelles des  \nd\u00e9rogations aux interdictions de destruction peuvent \u00eatre accord\u00e9es par les pr\u00e9fets concernant le loup  \n(Canis lupus) ;\nVu l'arr\u00eat\u00e9 minist\u00e9riel modifi\u00e9 du 23 octobre 2020 fixant le nombre maximum de sp\u00e9cimens de loups  \n(Canis lupus) dont la destruction pourra \u00eatre autoris\u00e9e chaque ann\u00e9e;\nVu l'arr\u00eat\u00e9 du 30 d\u00e9cembre 2022 relatif \u00e0 l'aide \u00e0 la protection des exploitations et des troupeaux contre \nla pr\u00e9dation du loup et de l'ours ;\nVu l'arr\u00eat\u00e9 pr\u00e9fectoral  n\u00b030-2024-12-27-00003 du 27 d\u00e9cembre 2024 portant nomination des lieutenants  \nde louveterie ;\n89, rue Weber \u2013 30907 NIMES CEDEX 2\nT\u00e9l : 04 66 62 62 00 - Fax : 04 66 23 28 79 - www.gard.gouv.fr\nDirection D\u00e9partementale des Tetrritoires et de la Mer du Gard - 30-2025-10-03-00003 - Arr\u00eat\u00e9 autorisant Monsieur Pierre SALIERES\nrepr\u00e9sentant le GAEC La Ferme d'Oz \u00e0 effectuer des tirs de d\u00e9fense simple en vue de la d\u00e9fense de son troupeau contre la pr\u00e9dation\ndu loup (Canis lupus)\n50\nVu la demande en date du 02/10/2025 par laquelle Monsieur Pierre SALIERES repr\u00e9sentant le GAEC La  \nFerme d'Oz sollicite l'autorisation d'effectuer des tirs de d\u00e9fense simple en vue de la d\u00e9fense de son  \ntroupeau contre la pr\u00e9dation du loup (Canis lupus) ;\nConsid\u00e9rant que  Monsieur Pierre SALIERES repr\u00e9sentant le GAEC La Ferme d'Oz  a mis en \u0153uvre des  \nmesures de protection contre la pr\u00e9dation du loup consistant notamment en du gardiennage renforc\u00e9, et \ndemande une subvention qui est en cours pour l'achat d'un chien de protection, des parcs de paturages  \nmobiles \u00e9lectrifi\u00e9s et des parcs de regroupement mobiles \u00e9lectrifi\u00e9s;\nConsid\u00e9rant que les mesures de protection mises en \u0153uvre par Monsieur Pierre SALIERES repr\u00e9sentant le \nGAEC  La  Ferme  d'Oz  sont  jug\u00e9es  \u00e9quivalentes  aux  mesures  de  protection  d\u00e9finies  par  l'aide  \u00e0  la \nprotection des exploitations et des troupeaux contre la pr\u00e9dation du loup et de l'ours, en application des \narticles D.114-11 et suivants du CRPM ainsi que de l'arr\u00eat\u00e9 du 30 d\u00e9cembre 2022 ;\nConsid\u00e9rant qu'il existe un risque important de dommages au troupeau de  Monsieur Pierre SALIERES  \nrepr\u00e9sentant le GAEC La Ferme d'Oz (1 constat de dommage class\u00e9 loup non \u00e9cart\u00e9 en avril 2025  sur la  \ncommune \u00e0 l'Estrechure et 1 constat de dommage class\u00e9 loup non \u00e9carte en juin 2025 sur la commune  \ndu Pompidou en Loz\u00e8re);\nConsid\u00e9rant la validation d'un indice de pr\u00e9sence class\u00e9 \u00ab loup retenu \u00bb sur la commune de Val-d'Aigoual \nen mars 2025 ;\nConsid\u00e9rant que ce troupeau est soumis au risque de pr\u00e9dation ;\nConsid\u00e9rant qu'il  convient  de  pr\u00e9venir  les  dommages  importants  au  troupeau  de  Monsieur  Pierre \nSALIERES repr\u00e9sentant le GAEC La Ferme d'Oz  par la mise en \u0153uvre de tirs de d\u00e9fense simple, en  \nl'absence d'autre solution satisfaisante ;\nConsid\u00e9rant que la mise en \u0153uvre de ces tirs de d\u00e9fense ne nuira pas au maintien du loup dans un \u00e9tat  \nde conservation favorable dans son aire de r\u00e9partition naturelle, dans la mesure o\u00f9 elle s'inscrit dans le  \nrespect du nombre maximum de sp\u00e9cimens de loups dont la destruction peut \u00eatre autoris\u00e9e chaque  \nann\u00e9e, fix\u00e9 par les arr\u00eat\u00e9s minist\u00e9riels du 23 octobre 2020 sus-vis\u00e9s, qui int\u00e8grent cette pr\u00e9occupation ;\nSur proposition du Directeur d\u00e9partemental des territoires et de la mer ;\nARR\u00caTE \nARTICLE 1er : \nMonsieur Pierre SALIERES repr\u00e9sentant le GAEC La Ferme d'Oz est autoris\u00e9 \u00e0 mettre en \u0153uvre des tirs de \nd\u00e9fense simple de son troupeau contre la pr\u00e9dation du loup, selon les modalit\u00e9s pr\u00e9vues par le pr\u00e9sent  \narr\u00eat\u00e9 et par les arr\u00eat\u00e9s minist\u00e9riels du 23 octobre 2020 susvis\u00e9s, ainsi que dans le respect des conditions \ng\u00e9n\u00e9rales de s\u00e9curit\u00e9 \u00e9dict\u00e9es par l'Office fran\u00e7ais de la biodiversit\u00e9.\nARTICLE 2: \nLa pr\u00e9sente autorisation est subordonn\u00e9e \u00e0 la mise en \u0153uvre effective des mesures de protection du  \ntroupeau, maintenues durant les op\u00e9rations de tirs et \u00e0 l'exposition du troupeau \u00e0 la pr\u00e9dation.\nARTICLE 3 : \nLe tir de d\u00e9fense simple peut \u00eatre mis en \u0153uvre par :\n\u2022 le b\u00e9n\u00e9ficiaire de l'autorisation, Monsieur Pierre SALIERES repr\u00e9sentant le GAEC La Ferme d'Oz , \nsous  r\u00e9serve  qu'il  soit  titulaire  du  permis  de  chasser,  de  la  validation  annuelle  et  assurance \ncorrespondantes ; \n\u2022 toute personne mandat\u00e9e par le b\u00e9n\u00e9ficiaire de l'autorisation et mentionn\u00e9e sur le registre de tir  \nd\u00e9crit \u00e0 l'article 7 , sous r\u00e9serve qu'elle soit titulaire du permis de chasser, de la validation annuelle \net assurance correspondantes.\n89, rue Weber \u2013 30907 NIMES CEDEX 2\nT\u00e9l : 04 66 62 62 00 - Fax : 04 66 23 28 79 - www.gard.gouv.fr\nDirection D\u00e9partementale des Tetrritoires et de la Mer du Gard - 30-2025-10-03-00003 - Arr\u00eat\u00e9 autorisant Monsieur Pierre SALIERES\nrepr\u00e9sentant le GAEC La Ferme d'Oz \u00e0 effectuer des tirs de d\u00e9fense simple en vue de la d\u00e9fense de son troupeau contre la pr\u00e9dation\ndu loup (Canis lupus)\n51\nARTICLE 4 :\nLa r\u00e9alisation des tirs de d\u00e9fense simple doit v\u00e9rifier l'ensemble des conditions de lieu suivantes :\n- sur la commune de Saint-Andr\u00e9-de-Valborgne;\n- \u00e0 proximit\u00e9 du troupeau de Monsieur Pierre SALIERES repr\u00e9sentant le GAEC La Ferme d'Oz;\n- sur les p\u00e2turages, surfaces et parcours mis en valeur par le b\u00e9n\u00e9ficiaire de la d\u00e9rogation ainsi qu'\u00e0 leur  \nproximit\u00e9 imm\u00e9diate ;\n- en dehors des r\u00e9serves naturelles nationales constitu\u00e9es pour des motifs incluant la conservation de la  \nfaune sauvage et du c\u0153ur des parcs nationaux dont le d\u00e9cret portant cr\u00e9ation interdit la chasse.\nARTICLE 5 : \nLes tirs de d\u00e9fense simple peuvent avoir lieu de jour comme de nuit.\nLe tir de nuit ne peut \u00eatre effectu\u00e9 qu'apr\u00e8s identification formelle de la cible et de son environnement \u00e0 \nl'aide d'une source lumineuse, sauf pour les louvetiers et agent de l'OFB op\u00e9rant avec une lunette de tir \u00e0 \nvis\u00e9e thermique.\nARTICLE 6 : \nLes tirs de d\u00e9fense simple sont r\u00e9alis\u00e9s avec toute arme de cat\u00e9gorie C mentionn\u00e9e \u00e0 l'article R.311-2 du  \ncode de la s\u00e9curit\u00e9 int\u00e9rieure. L'utilisation de dispositifs de r\u00e9duction du son \u00e9mis par le tir n'est pas  \nautoris\u00e9e.\nSous r\u00e9serve d'une validation pr\u00e9alable par l'OFB, tous les moyens susceptibles d'am\u00e9liorer les tirs de  \nd\u00e9fense, notamment les moyens pour d\u00e9tecter la pr\u00e9sence de sp\u00e9cimens de loups, ainsi que la s\u00e9curit\u00e9  \ndes participants peuvent \u00eatre utilis\u00e9s.\nToutefois, ne peuvent \u00eatre mis en \u0153uvre les moyens visant intentionnellement \u00e0 :\n- provoquer des r\u00e9actions chez les loups de nature \u00e0 faciliter leur d\u00e9tection par le tireur,\n- attirer les loups \u00e0 proximit\u00e9 du tireur ou les contraindre \u00e0 se rapprocher du tireur,\nARTICLE 7 :\nLa pr\u00e9sente autorisation est subordonn\u00e9e \u00e0 la tenue d'un registre pr\u00e9cisant :\n    \u2022 les nom et pr\u00e9nom(s) du d\u00e9tenteur de l'arme ainsi que le num\u00e9ro de son permis de chasser ;\n    \u2022 la date et le lieu de l'op\u00e9ration de tir de d\u00e9fense ;\n    \u2022 les mesures de protection du troupeau en place lors de l'op\u00e9ration ;\net le cas \u00e9ch\u00e9ant :\n    \u2022 les heures de d\u00e9but et de fin de l'op\u00e9ration ;\n    \u2022 le nombre de loups observ\u00e9s ;\n    \u2022 le nombre de tirs effectu\u00e9s ;\n    \u2022 l'estimation de la distance de tir ;\n    \u2022 l'estimation de la distance entre le loup et le troupeau au moment du tir ;\n    \u2022 la nature de l'arme et des munitions utilis\u00e9es ;\n    \u2022 la nature des moyens susceptibles d'am\u00e9liorer le tir utilis\u00e9\n    \u2022 la description du comportement du loup s'il a pu \u00eatre observ\u00e9 (fuite, saut...).\nCe registre est tenu \u00e0 la disposition des agents charg\u00e9s des missions de police. Les informations qu'il  \ncontient sont adress\u00e9es au moins une fois par an au pr\u00e9fet, entre le 1er et le 31 janvier de l'ann\u00e9e N+1.\nARTICLE 8 :\nMonsieur Pierre SALIERES repr\u00e9sentant le GAEC La Ferme d'Oz informe le service d\u00e9partemental de l'OFB \nde tout tir en direction d'un loup dans un d\u00e9lai de 12h \u00e0 compter de sa r\u00e9alisation. Pour un tir dont  \nl'auteur estime qu'il n'a pas atteint sa cible, l'OFB \u00e9value la n\u00e9cessit\u00e9 de conduire des recherches.\nSi un loup est bless\u00e9 dans le cadre de la pr\u00e9sente autorisation, Monsieur Pierre SALIERES repr\u00e9sentant le \nGAEC La Ferme d'Oz  informe sans d\u00e9lai le service d\u00e9partemental de l'OFB qui est charg\u00e9 d'informer le  \npr\u00e9fet et de rechercher l'animal.\nSi un loup est tu\u00e9 dans le cadre de la pr\u00e9sente autorisation, Monsieur Pierre SALIERES repr\u00e9sentant le \nGAEC La Ferme d'Oz informe sans d\u00e9lai le service d\u00e9partemental de l'OFB qui informe le pr\u00e9fet de la \nprise en charge du cadavre. \n89, rue Weber \u2013 30907 NIMES CEDEX 2\nT\u00e9l : 04 66 62 62 00 - Fax : 04 66 23 28 79 - www.gard.gouv.fr\nDirection D\u00e9partementale des Tetrritoires et de la Mer du Gard - 30-2025-10-03-00003 - Arr\u00eat\u00e9 autorisant Monsieur Pierre SALIERES\nrepr\u00e9sentant le GAEC La Ferme d'Oz \u00e0 effectuer des tirs de d\u00e9fense simple en vue de la d\u00e9fense de son troupeau contre la pr\u00e9dation\ndu loup (Canis lupus)\n52\nARTICLE 9 :\nLa  pr\u00e9sente  autorisation  cesse  de  produire  son  effet  si  le  plafond  d\u00e9fini  \u00e0  l'article  1er  de  l'arr\u00eat\u00e9 \nminist\u00e9riel du 23 octobre 2020 fixant le nombre maximum de sp\u00e9cimens de loups dont la destruction  \npourra \u00eatre autoris\u00e9e chaque ann\u00e9e est atteint.\nElle redevient valide dans les cas suivants :\n- \u00e0 la publication de l'arr\u00eat\u00e9 pr\u00e9vu au III de l'article 1 de l'arr\u00eat\u00e9 minist\u00e9riel du 23 octobre 2020 fixant le  \nnombre maximum de sp\u00e9cimens de loups dont la destruction pourra \u00eatre autoris\u00e9e chaque ann\u00e9e ;\n- \u00e0 la publication sur le site internet de la DREAL Auvergne-Rh\u00f4ne-Alpes d'un nouveau nombre maximum  \nde sp\u00e9cimens de loups dont la destruction est autoris\u00e9e en application du I de l'article 1 de l'arr\u00eat\u00e9 du 23 \noctobre  2020  fixant  le  nombre  maximum  de  sp\u00e9cimens  de  loups  dont  la  destruction  pourra  \u00eatre \nautoris\u00e9e chaque ann\u00e9e.\nARTICLE 10 :\nLa pr\u00e9sente autorisation peut \u00eatre retir\u00e9e \u00e0 tout moment sans indemnit\u00e9 si le b\u00e9n\u00e9ficiaire n'en respecte  \npas les clauses ou les prescriptions qui lui sont li\u00e9es.\nARTICLE 11 : \nLa pr\u00e9sente autorisation est valable jusqu'au 30 octobre 2028.\nARTICLE 12 :\nLa pr\u00e9sente autorisation est d\u00e9livr\u00e9e sous r\u00e9serve des droits des tiers.\nARTICLE 13 :\nCet arr\u00eat\u00e9 est susceptible, dans les deux mois \u00e0 compter de sa notification, d'un recours contentieux  \ndevant le tribunal administratif de N\u00eemes.\nARTICLE 14 :\nLe secr\u00e9taire g\u00e9n\u00e9ral de la Pr\u00e9fecture du Gard, le directeur d\u00e9partemental des territoires et de la mer du  \nGard et le chef du service d\u00e9partemental de l'Office fran\u00e7ais de la biodiversit\u00e9 du Gard, le Commandant  \ndu groupement de gendarmerie du Gard sont charg\u00e9s, chacun en ce qui le concerne, de l'ex\u00e9cution du  \npr\u00e9sent arr\u00eat\u00e9 qui sera publi\u00e9 au recueil des actes administratifs de la Pr\u00e9fecture du Gard.\nN\u00eemes, le 03/10/2025\nLe pr\u00e9fet, \nPour le pr\u00e9fet et par d\u00e9l\u00e9gation,\nLe Directeur D\u00e9partemental\ndes Territoires et de la Mer\ndu Gard\nSIGN\u00c9\nS\u00e9bastien FERRA\n89, rue Weber \u2013 30907 NIMES CEDEX 2\nT\u00e9l : 04 66 62 62 00 - Fax : 04 66 23 28 79 - www.gard.gouv.fr\nDirection D\u00e9partementale des Tetrritoires et de la Mer du Gard - 30-2025-10-03-00003 - Arr\u00eat\u00e9 autorisant Monsieur Pierre SALIERES\nrepr\u00e9sentant le GAEC La Ferme d'Oz \u00e0 effectuer des tirs de d\u00e9fense simple en vue de la d\u00e9fense de son troupeau contre la pr\u00e9dation\ndu loup (Canis lupus)\n53\nDirection D\u00e9partementale des Tetrritoires et de\nla Mer du Gard\n30-2025-09-29-00003\nArr\u00eat\u00e9 portant prescriptions sp\u00e9cifiques \u00e0\nd\u00e9claration au titre de l'article L.214-3 du code\nde l'environnement concernant l'am\u00e9nagement\nde la zone d'activit\u00e9 artisanale des carri\u00e8res sur la\ncommune de Jonqui\u00e8res Saint-Vincent.\nDirection D\u00e9partementale des Tetrritoires et de la Mer du Gard - 30-2025-09-29-00003 - Arr\u00eat\u00e9 portant prescriptions sp\u00e9cifiques \u00e0\nd\u00e9claration au titre de l'article L.214-3 du code de l'environnement concernant l'am\u00e9nagement de la zone d'activit\u00e9 artisanale des\ncarri\u00e8res sur la commune de Jonqui\u00e8res Saint-Vincent.\n54\nPREFETDU GARDLibert\u00e9Egalit\u00e9Fraternit\u00e9\nDirection d\u00e9partementale\ndes territoires et de la mer\n \nService eau et nature\nARR\u00caT\u00c9 N\u00b0\nPortant prescriptions sp\u00e9cifiques \u00e0 d\u00e9claration\nau titre de l'article L.214-3 du code de l'environnement\nconcernant l'am\u00e9nagement de la zone d'activit\u00e9 artisanale des carri\u00e8res\ncommune de Jonqui\u00e8res Saint-Vincent\nLe pr\u00e9fet du Gard\nChevalier de la L\u00e9gion d'honneur,\nOfficier de l'ordre national du M\u00e9rite\nVU la directive 2000/60/CE du Parlement europ\u00e9en et du Conseil du 23 octobre 2000, \u00e9tablissant un  \ncadre pour une politique communautaire dans le domaine de l'eau ;\nVU le code de l'environnement ;\nVU le code civil ;\nVU le d\u00e9cret du 13 juillet 2023 nommant M. J\u00e9r\u00f4me BONET, pr\u00e9fet du Gard ;\nVU l'arr\u00eat\u00e9 pr\u00e9fectoral n\u00b0 30-2024-03-21-00007 du 21 mars 2024 donnant d\u00e9l\u00e9gation de signature \u00e0 M. \nS\u00e9bastien FERRA, directeur d\u00e9partemental des territoires et de la mer (DDTM) du Gard ;\nVU la d\u00e9cision n\u00b0 2025-SF-AG02 portant subd\u00e9l\u00e9gation de signature en mati\u00e8re d'administration  \ng\u00e9n\u00e9rale du 01 septembre 2025 ;\nD\u00e9cision N\u00b0 2025-SF-AG02 publi\u00e9 au RAA n\u00b030-2025-09-01-00001 portant subd\u00e9l\u00e9gation de signature  \nen mati\u00e8re d'administration g\u00e9n\u00e9rale en date du \nVU l'arr\u00eat\u00e9 n\u00b022-064 du pr\u00e9fet coordonnateur de bassin du 21 mars 2022 portant approbation du  \nSch\u00e9ma Directeur d'Am\u00e9nagement et de Gestion des Eaux (SDAGE) 2022-2027 du bassin Rh\u00f4ne  \nM\u00e9diterran\u00e9e ;\nVU l'arr\u00eat\u00e9 du 13 f\u00e9vrier 2002 fixant les prescriptions g\u00e9n\u00e9rales applicables aux installations, ouvrages \nou  remblais  soumis  \u00e0  d\u00e9claration  en  application  des  articles  L.  214-1  \u00e0  L.  214-3  du  code  de \nl'environnement et relevant de la rubrique 3.2.2.0 (2\u00b0) de la nomenclature annex\u00e9e au d\u00e9cret n\u00b0 93-\n743 du 29 mars 1993 modifi\u00e9.\nVU le dossier de d\u00e9claration pr\u00e9sent\u00e9 par la c ommunaut\u00e9 de communes Beaucaire terre d'Argence , \nenregistr\u00e9 au titre de l'article L. 214-3 du code de l'environnement le 15 mai 2025, sous le n\u00b0 30-2025-\n0100289102 et relatif \u00e0 l'am\u00e9nagement de la  zone artisanale des carri\u00e8res divis\u00e9e en 14 lots sur  \nla commune de Jonqui\u00e8res Saint-Vincent ;\nVU le  projet  d'arr\u00eat\u00e9  de  prescriptions  sp\u00e9cifiques  \u00e0  d\u00e9claration  relatif  \u00e0  l'am\u00e9nagement  d'un \nensemble immobilier par la communaut\u00e9 de communes Beaucaire terre d'Argence sur la commune  \nde Jonqui\u00e8res Saint-Vincent transmis le 04 juillet 2025 pour avis et observations \u00e9ventuelles sur les  \nprescriptions et le projet d'arr\u00eat\u00e9 dans un d\u00e9lai de 3 mois ;\nVU l'ensemble des pi\u00e8ces du dossier de la demande sus-vis\u00e9e ;\nCONSID\u00c9RANT que la communaut\u00e9 de communes Beaucaire terre d'Argence impose un r\u00e8glement  \naux acqu\u00e9reurs des lots ;\nDirection D\u00e9partementale des Tetrritoires et de la Mer du Gard - 30-2025-09-29-00003 - Arr\u00eat\u00e9 portant prescriptions sp\u00e9cifiques \u00e0\nd\u00e9claration au titre de l'article L.214-3 du code de l'environnement concernant l'am\u00e9nagement de la zone d'activit\u00e9 artisanale des\ncarri\u00e8res sur la commune de Jonqui\u00e8res Saint-Vincent.\n55\nCONSID\u00c9RANT que  le  r\u00e8glement  sus-vis\u00e9  impose  des  mesures  de  compensation  \u00e0  \nl'imperm\u00e9abilisation \u00e0 tout acqu\u00e9reur d\u00e9sirant d\u00e9passer le ratio de surface imperm\u00e9abilis\u00e9e pr\u00e9vu  \ndans ce m\u00eame r\u00e8glement ;\nCONSID\u00c9RANT que les mesures de compensation pr\u00e9vues dans le dossier sont conformes au guide  \ntechnique pour l'\u00e9laboration des dossiers loi sur l'eau pour la rubrique 2.1.5.0 dans le Gard ;\nCONSID\u00c9RANT que le p\u00e9titionnaire a \u00e9mis un avis favorable dans le d\u00e9lai de 3  mois qui lui est  \nr\u00e9glementairement imparti sur le projet d'arr\u00eat\u00e9 qui lui a \u00e9t\u00e9 transmis ;\nCONSID\u00c9RANT que pour rendre le projet compatible avec les int\u00e9r\u00eats mentionn\u00e9s \u00e0 l'article L.  211-1 \ndu code de l'environnement, il y a lieu de fixer des prescriptions sp\u00e9cifiques concernant la gestion  \ndes ouvrages de compensation \u00e0 l'imperm\u00e9abilisation ;\nSUR PROPOSITION du directeur d\u00e9partemental des territoires et de la mer du Gard ;\nARR\u00caTE\nTITRE I : OBJET DE LA D\u00c9CLARATION\nARTICLE 1 : Objet de la d\u00e9claration\nIl est donn\u00e9 acte \u00e0 la  communaut\u00e9 de communes Beaucaire terre d'Argence  repr\u00e9sent\u00e9e par son  \npr\u00e9sident M. Juan Martinez, ci-apr\u00e8s d\u00e9nomm\u00e9 le b\u00e9n\u00e9ficiaire de sa d\u00e9claration en application de  \nl'article L 214-3 du code de l'environnement, sous r\u00e9serve des prescriptions \u00e9nonc\u00e9es aux articles  \nsuivants, concernant :\nl'am\u00e9nagement d'une zone artisanale sur la commune de Jonqui\u00e8res Saint-Vincent\nLes  ouvrages  constitutifs  de  cet  am\u00e9nagement  rentrent  dans  la  nomenclature  des  op\u00e9rations \nsoumises \u00e0 d\u00e9claration au titre de l'article L.214-3 du code de l'environnement.\nRubriques Valeurs Arr\u00eat\u00e9 de \nprescriptions \ng\u00e9n\u00e9rales\n2.1.5.0 : Rejet d'eaux pluviales dans les eaux douces \nsuperficielles ou sur le sol ou dans le sous-sol, la surface totale \ndu projet, augment\u00e9e de la surface correspondant \u00e0 la partie \ndu bassin naturel dont les \u00e9coulements sont intercept\u00e9s par le \nprojet, \u00e9tant :\n1\u00b0 Sup\u00e9rieure ou \u00e9gale \u00e0 20 ha (A) ;\n2\u00b0 Sup\u00e9rieure \u00e0 1 ha mais inf\u00e9rieure \u00e0 20 ha (D).\nSurface totale du \nprojet dont \nBassin versant \nintercept\u00e9 :\n< 20 ha\nD\u00e9claration\nnon\nARTICLE 2 : Caract\u00e9ristiques et localisation\nLes \u00ab installations, ouvrages, travaux, activit\u00e9s  \u00bb concern\u00e9(e)s par la d\u00e9claration sont situ\u00e9(e)s sur la  \ncommune de Jonqui\u00e8res Saint-Vincent sur les parcelles BC n\u00b0 268, 270p et 477 .\nL'am\u00e9nagement est constitu\u00e9 de 14 lots destin\u00e9s \u00e0 accueillir :\n\u2022 Des  activit\u00e9s  de  service  \u00e0  destination  d'artisanat  et  d'activit\u00e9s  de  services  o\u00f9  s'effectue \nl'accueil d'une client\u00e8le ;\n\u2022 Des \u00e9quipements d'int\u00e9r\u00eat collectif et services publics \u00e0 destination de locaux techniques et  \nindustriels des administrations ;\n\u2022 Des  autres  activit\u00e9s  des  secteurs  secondaires  et  tertiaires  \u00e0  destination  d'industrie,  \nd'entrep\u00f4t et de bureau.\nDirection D\u00e9partementale des Tetrritoires et de la Mer du Gard - 30-2025-09-29-00003 - Arr\u00eat\u00e9 portant prescriptions sp\u00e9cifiques \u00e0\nd\u00e9claration au titre de l'article L.214-3 du code de l'environnement concernant l'am\u00e9nagement de la zone d'activit\u00e9 artisanale des\ncarri\u00e8res sur la commune de Jonqui\u00e8res Saint-Vincent.\n56\nSuivant les caract\u00e9ristiques (en termes d'imperm\u00e9abilisation) ci-apr\u00e8s :\nN\u00b0 Superficie du \nLot (m\u00b2)\nSuperficie \nimperm\u00e9abilis\u00e9e \ncompens\u00e9e dans les \nbassins communs (m\u00b2)\nSurfaces minimum \nnon imperm\u00e9abilis\u00e9es \nou plant\u00e9es (m\u00b2)\nEmprise au sol \nmaximum \nautoris\u00e9e (m\u00b2)\nSurface de \nplancher \nattribu\u00e9e (m\u00b2)\n1 1 108 400 111 785 250\n2 1 193 400 119 850 550\n3 1 244 400 124 882 580\n4 636 400 64 450 300\n5 853 400 85 605 400\n6 985 400 99 700 460\n7 668 300 67 475 310\n8 5 105 1 532 511 3 630 2 370\n9 1 222 400 122 870 570\n10 987 395 99 700 460\n11 723 300 72 515 330\n12 1 120 400 112 800 520\n13 1 078 400 108 765 500\n14 3 375 2 000 338 2 400 1 400\nTotal (m\u00b2) 20 297 7 962 2 030 14 427 9 000\nTITRE II : DISPOSITIONS G\u00c9N\u00c9RALES\nARTICLE 3 : Gestion des eaux pluviales\nLe syst\u00e8me de gestion des eaux pluviales est constitu\u00e9 de 4 bassins dont l'exutoire final est le r\u00e9seau  \npublic rue Domitienne.\nLes eaux de pluie collect\u00e9es sur chaque lot sont redirig\u00e9es gravitairement vers les bassins par un  \nsyst\u00e8me de noues infiltrantes.\nLe r\u00e8glement de la ZA (cf annexe) impose que chaque acqu\u00e9reur cr\u00e9ant des imperm\u00e9abilisations  \nnouvelles d\u00e9passant celles pr\u00e9vues \u00e0 l'article 2 du pr\u00e9sent arr\u00eat\u00e9 (colonne 3) est tenu de r\u00e9aliser un  \nsyst\u00e8me de r\u00e9tention compl\u00e9mentaire gravitaire et a\u00e9rien sur sa parcelle avec un ratio minimal de  \n100l/m\u00b2. le d\u00e9bit de fuite du syst\u00e8me est dirig\u00e9 gravitairement vers les bassins collectifs via des noues \ninfiltrantes.\nCaract\u00e9ristiques principales des Bassins (cf. annexe)\nSurface\nCote fond \nbassin\nHt d'eau \navant \nsurverse \nVolume R\u00e9el \n(Calcul\u00e9) ExutoireEmprise \nTotale\nFond \nd'infiltration\nBassin 1 1330 m\u00b2 600 m\u00b2 56,10m NGF 56,30 m \nNGF 460,00 m\u00b3 R\u00e9seau public rue \nDomitienne\nBassin 2 775 m\u00b2 120 m\u00b2 56,50m NGF 56,85 m \nNGF 215,00 m\u00b3 R\u00e9seau public rue \nDomitienne\nBassin 3 695 m\u00b2 300 m\u00b2 57 ,65m NGF 58,05 m \nNGF 180,00 m\u00b3 Bassin 2\nBassin 4 750 m\u00b2 420 m\u00b2 57 ,70 m NGF 58,30 m \nNGF 320,00 m\u00b3 Bassin 3\nTotal 1060 m\u00b2 1440 m\u00b2 1175,00 m\u00b3\nDirection D\u00e9partementale des Tetrritoires et de la Mer du Gard - 30-2025-09-29-00003 - Arr\u00eat\u00e9 portant prescriptions sp\u00e9cifiques \u00e0\nd\u00e9claration au titre de l'article L.214-3 du code de l'environnement concernant l'am\u00e9nagement de la zone d'activit\u00e9 artisanale des\ncarri\u00e8res sur la commune de Jonqui\u00e8res Saint-Vincent.\n57\nARTICLE 4 : Accident \u2013 incidents\nLe b\u00e9n\u00e9ficiaire proc\u00e8de \u00e0 ses frais et charges aux mesures \u00e0 mettre en \u0153uvre en cas d'incident ou  \nd'accident ou de pollution des eaux pendant la phase travaux ou fonctionnement des ouvrages et  \nam\u00e9nagements objets du pr\u00e9sent arr\u00eat\u00e9. En cas de pollution accidentelle, les services de la Police de  \nl'Eau (DDTM et OFB) sont imm\u00e9diatement inform\u00e9s.\nARTICLE 5 : Conformit\u00e9 au dossier et modifications\nLes installations, objet du pr\u00e9sent arr\u00eat\u00e9 sont situ\u00e9es, install\u00e9es et exploit\u00e9es conform\u00e9ment aux  \nplans  et  contenu  du  dossier  de  demande  de  reconnaissance  d'ant\u00e9riorit\u00e9  non  contraires  aux \ndispositions du pr\u00e9sent arr\u00eat\u00e9.\nToute modification apport\u00e9e aux ouvrages, installations, \u00e0 leur mode d'utilisation, \u00e0 la r\u00e9alisation des \ntravaux ou \u00e0 l'am\u00e9nagement en r\u00e9sultant, \u00e0 l'exercice des activit\u00e9s ou \u00e0 leur voisinage et entra\u00eenant  \nun changement notable des \u00e9l\u00e9ments du dossier de d\u00e9claration initiale   doit \u00eatre port\u00e9, avant sa  \nr\u00e9alisation \u00e0 la connaissance du pr\u00e9fet qui peut exiger une nouvelle d\u00e9claration. Lorsque le b\u00e9n\u00e9fice  \nde l'autorisation est transmis \u00e0 une personne diff\u00e9rente de celle not\u00e9e sur le pr\u00e9sent arr\u00eat\u00e9, le  \nnouveau b\u00e9n\u00e9ficiaire en informe le Service Eau et Risques de la DDTM du Gard dans un d\u00e9lai de 3  \nmois.\nARTICLE 6 : Bilan des surfaces imperm\u00e9abilis\u00e9es et mesures compensatoires compl\u00e9mentaire\nUn bilan des surfaces imperm\u00e9abilis\u00e9es est transmis 5  ans apr\u00e8s la r\u00e9alisation de l'op\u00e9ration puis  \nlorsque tous les lots seront occup\u00e9s.\nUn  bilan  de  l'occupation  des  lots  comportant  la  surface  imperm\u00e9abilis\u00e9e  et  les  mesures  de \ncompensation r\u00e9alis\u00e9es est transmis au service police de l'eau 5 ans apr\u00e8s la r\u00e9alisation de l'op\u00e9ration \n(ou \u00e0 la signature du pr\u00e9sent arr\u00eat\u00e9) puis lorsque tous les lots sont occup\u00e9s.\nARTICLE 7 : Autres r\u00e9glementations\nLe pr\u00e9sent arr\u00eat\u00e9 ne dispense en aucun cas le b\u00e9n\u00e9ficiaire de faire les d\u00e9clarations ou d'obtenir les  \nautorisations requises par d'autres r\u00e9glementations.\nARTICLE 8 : Copies\nUne copie du pr\u00e9sent arr\u00eat\u00e9 est donn\u00e9e \u00e0 l'Office Fran\u00e7ais de la Biodiversit\u00e9 \u2013 d\u00e9l\u00e9gation du Gard.\nARTICLE 9 : Publication et information des tiers\nEn application de l'article R.181-44 du code de l'environnement :\n\u2022 Une copie du pr\u00e9sent arr\u00eat\u00e9, est transmise pour affichage \u00e0 la mairie de  Jonqui\u00e8res Saint-\nVincent pour affichage pendant une dur\u00e9e minimale d'un mois ;\n\u2022 Ces informations seront mises \u00e0 disposition du public sur le site Internet de la pr\u00e9fecture du  \nGARD pendant une dur\u00e9e d'au moins 6 mois.\nARTICLE 10 : Voies et d\u00e9lais de recours\nLe  pr\u00e9sent  arr\u00eat\u00e9  est  susceptible  de  recours  devant  le  tribunal  administratif  territorialement \ncomp\u00e9tent en application de l'article R514-3-1 du code de l'environnement :\n\u2022 par le b\u00e9n\u00e9ficiaire ou exploitants, dans un d\u00e9lai de deux mois \u00e0 compter du jour o\u00f9 la  \nd\u00e9cision leur a \u00e9t\u00e9 notifi\u00e9e ;\n\u2022 2\u00b0  Par  les  tiers  int\u00e9ress\u00e9s  en  raison  des  inconv\u00e9nients  ou  des  dangers  pour  les  int\u00e9r\u00eats \nmentionn\u00e9s  \u00e0  l'article  211-1  du  code  de  l'environnement  dans  un  d\u00e9lai  de  deux  mois  \u00e0 \ncompter de l'affichage en mairie dans les conditions pr\u00e9vues \u00e0 l'article R214-37 du code de  \nl'environnement ou la publication de la d\u00e9cision sur le site internet de la pr\u00e9fecture dans les  \nconditions d\u00e9finies au m\u00eame article.\nLe d\u00e9lai court \u00e0 compter de la derni\u00e8re formalit\u00e9 accomplie. Si l'affichage constitue cette derni\u00e8re  \nformalit\u00e9, le d\u00e9lai court \u00e0 compter du premier jour d'affichage de la d\u00e9cision.\nLes tiers peuvent \u00e9galement d\u00e9poser une r\u00e9clamation apr\u00e8s la mise en service, aux seules fins de  \ncontester l'insuffisance ou l'inadaptation des prescriptions de l'arr\u00eat\u00e9 : le pr\u00e9fet dispose de 2 mois  \npour y r\u00e9pondre. En cas de rejet implicite ou explicite, les int\u00e9ress\u00e9s disposent d'un d\u00e9lai de 2 mois  \npour se pourvoir contre cette d\u00e9cision.\nLe tribunal administratif peut aussi \u00eatre saisi par l'application informatique \u00ab  telerecours citoyens \u00bb \naccessible par le site internet www.telerecours.fr\nDirection D\u00e9partementale des Tetrritoires et de la Mer du Gard - 30-2025-09-29-00003 - Arr\u00eat\u00e9 portant prescriptions sp\u00e9cifiques \u00e0\nd\u00e9claration au titre de l'article L.214-3 du code de l'environnement concernant l'am\u00e9nagement de la zone d'activit\u00e9 artisanale des\ncarri\u00e8res sur la commune de Jonqui\u00e8res Saint-Vincent.\n58\nARTICLE 11 : Ex\u00e9cution\nLe secr\u00e9taire g\u00e9n\u00e9ral de la pr\u00e9fecture du Gard, le maire de la commune de Jonqui\u00e8res Saint-Vincent, \nle directeur d\u00e9partemental des territoires et de la mer du Gard, le chef de service d\u00e9partemental de  \nl'office fran\u00e7ais de la biodiversit\u00e9 du Gard, sont charg\u00e9s, chacun en ce qui le concerne, de l'ex\u00e9cution \ndu pr\u00e9sent arr\u00eat\u00e9, qui sera publi\u00e9 sur le site internet de la pr\u00e9fecture du Gard, et dont une copie sera \ntenue \u00e0 la disposition du public dans la mairie de Jonqui\u00e8res Saint-Vincent .\n N\u00eemes, le 29/09/2025\nPour le pr\u00e9fet et par d\u00e9l\u00e9gation\nPour le directeur d\u00e9partemental des territoires et \nde la mer du Gard et par d\u00e9l\u00e9gation\nLa cheffe du service eau et nature\nSIGN\u00c9\nCharlotte COURBIS\nDirection D\u00e9partementale des Tetrritoires et de la Mer du Gard - 30-2025-09-29-00003 - Arr\u00eat\u00e9 portant prescriptions sp\u00e9cifiques \u00e0\nd\u00e9claration au titre de l'article L.214-3 du code de l'environnement concernant l'am\u00e9nagement de la zone d'activit\u00e9 artisanale des\ncarri\u00e8res sur la commune de Jonqui\u00e8res Saint-Vincent.\n59\nPREWIE]7|/dLEte,A||FH/\u00b0aE|Ses|Fa4$/es)5)|;|tee1/O0SI+=8WPA||&|Z61eSV||//\n}1f||/En//ren|flex:{\\a+\"nialL\u2014>.a/||a/%ra\"a&=.eeTM=2GERPe\nAS\nTM[DR_: =\n\u00a361.\"SVOse.MI||seeM74a| 6704D4IE\u00a3oUDa|zeetod|eeuDE\n|\n||\nPES\nSEEOE||\u2014_;|ea|!\nAnnexe \u00e0 l'arr\u00eat\u00e9 n\u00b0\nPour le pr\u00e9fet et par d\u00e9l\u00e9gation\nPour le directeur d\u00e9partemental des territoires et de la \nmer du Gard et par d\u00e9l\u00e9gation\nLa cheffe du service eau et nature\nCharlotte COURBIS\nDirection D\u00e9partementale des Tetrritoires et de la Mer du Gard - 30-2025-09-29-00003 - Arr\u00eat\u00e9 portant prescriptions sp\u00e9cifiques \u00e0\nd\u00e9claration au titre de l'article L.214-3 du code de l'environnement concernant l'am\u00e9nagement de la zone d'activit\u00e9 artisanale des\ncarri\u00e8res sur la commune de Jonqui\u00e8res Saint-Vincent.\n60\nDirection D\u00e9partementale des Tetrritoires et de\nla Mer du Gard\n30-2025-10-03-00002\nArr\u00eat\u00e9 pr\u00e9fectoral mettant en demeure M.\nReboul Jean-Francois 84 chemin de Tinellis 30190\nLa Rouvi\u00e8re de mettre en conformit\u00e9 les\nremblais/d\u00e9blais et d\u00e9chets constat\u00e9s en zone\ninondable sur la parcelle Y0057 sur la commune\nde La Calmette\nDirection D\u00e9partementale des Tetrritoires et de la Mer du Gard - 30-2025-10-03-00002 - Arr\u00eat\u00e9 pr\u00e9fectoral mettant en demeure M.\nReboul Jean-Francois 84 chemin de Tinellis 30190 La Rouvi\u00e8re de mettre en conformit\u00e9 les remblais/d\u00e9blais et d\u00e9chets constat\u00e9s en\nzone inondable sur la parcelle Y0057 sur la commune de La Calmette\n61\nExPREFETDU GARDLibert\u00e9Egalit\u00e9Fraternit\u00e9\nService eau et nature\nARRETE PREFECTORAL N\u00b0 \nmettant en demeure M. Reboul Jean-Fran\u00e7ois\n84 chemin de Tinellis 30190 La Rouvi\u00e8re de mettre en conformit\u00e9 les remblais/d\u00e9blais et d\u00e9chets constat\u00e9s \nen zone inondable sur la parcelle Y0057 sur la commune de La Calmette\nLe Pr\u00e9fet du Gard\nChevalier de la L\u00e9gion d'honneur\nOfficier de l'ordre national du M\u00e9rite \nVU La directive n\u00b0 2000/60/CE du Parlement Europ\u00e9en et du Conseil du 23 octobre 2000, \u00e9tablissant un  \ncadre pour une politique communautaire dans le domaine de l'eau.\nVU Le code de l'environnement.\nVU Le code civil.\nVU Le d\u00e9cret du 13 juillet 2023 nommant M. J\u00e9r\u00f4me BONET, Pr\u00e9fet du Gard.\nVU L 'arr\u00eat\u00e9  pr\u00e9fectoral  n\u00b0  30-2024-03-21-00007  du  21/03/2024   portant  d\u00e9l\u00e9gation  de  signature  \u00e0  M. \nS\u00e9bastien FERRA, directeur d\u00e9partemental des territoires et de la mer (DDTM) du Gard.\nVU L'arr\u00eat\u00e9 n\u00b022-064 du pr\u00e9fet coordonnateur de bassin du 21 mars 2022 portant approbation du Sch\u00e9ma \nDirecteur d'Am\u00e9nagement et de Gestion des Eaux (SDAGE) 2022-2027 du bassin Rh\u00f4ne M\u00e9diterran\u00e9e.\nVU Le SAGE des Gardons approuv\u00e9 par les Pr\u00e9fets du Gard et de la Loz\u00e8re le 18/12/2015.\nVU Le contr\u00f4le  du  27 septembre 2023 ayant conduit \u00e0 dresser un rapport de manquement et un projet  \nd'arr\u00eat\u00e9 de mise en demeure en date du 07 janvier 2025 transmis par courrier recommand\u00e9 avec accus\u00e9 de \nr\u00e9ception \u00e0 M. Reboul Jean-Fran\u00e7ois, domicili\u00e9 au 84 chemin de Tinellis 30190 La Rouvi\u00e8re le 09/01/2025.\nVU La visite de contr\u00f4le du 23 avril 2025.\nCONSIDERANT Que la commune de La Calmette est dot\u00e9e d'un PPRi approuv\u00e9 le 03/07/2008.\nCONSIDERANT Que lors des contr\u00f4le des 27 septembre 2023 et 23 avril 2025, il a \u00e9t\u00e9 constat\u00e9 une  \nplateforme sur toute la partie nord de la parcelle  Y0057 , sur une surface d'environ 6000 m2 et dont la  \nhauteur est comprise entre 1,50 m\u00e8tres et 2 m\u00e9tres.\nCONSIDERANT Que la parcelle Y0057 est situ\u00e9e en zone d'al\u00e9a fort au PPRI du Gardon amont approuv\u00e9 le \n03/07/2008 dont le r\u00e8glement interdit tout apport de remblais.\n89 rue W\u00e9ber \u2013 30907 NIMES CEDEX\nT\u00e9l : 04.66.62.62.00 \u2013 Fax : 04.66.23.28.79 \u2013 www.gard.gouv.fr 1/5\nDirection d\u00e9partementale\ndes territoires et de la mer\nDirection D\u00e9partementale des Tetrritoires et de la Mer du Gard - 30-2025-10-03-00002 - Arr\u00eat\u00e9 pr\u00e9fectoral mettant en demeure M.\nReboul Jean-Francois 84 chemin de Tinellis 30190 La Rouvi\u00e8re de mettre en conformit\u00e9 les remblais/d\u00e9blais et d\u00e9chets constat\u00e9s en\nzone inondable sur la parcelle Y0057 sur la commune de La Calmette\n62\nCONSIDERANT Que ces apports de remblais sont interdits en zone d'al\u00e9a fort du PPRI car ils pr\u00e9sentent,  \ndu  fait  de  la  restriction  du champ  d'expansion  de  crues  de  l'Auriol  un  risque  fort  d'aggravation  des \ninondations \u00e0 l'amont et \u00e0 l'aval de la zone am\u00e9nag\u00e9e.\nCONSIDERANT Que ces remblais aggravent les inondations chez les tiers et ne peuvent \u00eatre \u00e9difi\u00e9e sans  \nmesure compensatoire pour les tiers concern\u00e9s.\nCONSIDERANT Qu'en application de l'article L214-3 du code de l'environnement la cr\u00e9ation de remblais  \nsur une surface de plus de 400 m\u00b2 sont soumis \u00e0 une proc\u00e9dure de d\u00e9claration au titre de la rubrique  \n3.2.2.0 de la nomenclature \u00ab eau \u00bb, article R214-1 du code de l'environnement.\nCONSIDERANT Que M . Reboul Jean-Fran\u00e7ois, ne d\u00e9tient aucune autorisation au titre de l'article L214-3 du \ncode de l'environnement pour les travaux constat\u00e9s.\nCONSIDERANT Que les am\u00e9nagements constat\u00e9s sur la parcelle : remblais/d\u00e9blais et d\u00e9chets, ne sont pas \ncompatibles avec le r\u00e8glement du PPRI, aggravent le risque inondation chez les tiers en restreignant le  \nchamp d'expansion de crues, portent atteinte aux int\u00e9r\u00eats de l'article L211-1 du code de l'environnement  \nde fa\u00e7on irr\u00e9m\u00e9diable et  constitue un danger pour la s\u00e9curit\u00e9 publique.\nCONSIDERANT Que pour ces motifs les remblais constat\u00e9s sur la parcelle Y0057 ne peuvent faire l'objet  \nd'aucune r\u00e9gularisation au titre de l'article L214-6 du code de l'environnement et qu'il y a lieu de proc\u00e9der  \n\u00e0 l'\u00e9vacuation int\u00e9grale des remblais du site.\nCONSIDERANT Qu'en cas de crue et de dommages chez les tiers la responsabilit\u00e9 civile M . Reboul Jean-\nFran\u00e7ois, est engag\u00e9e du fait de ces travaux non autoris\u00e9s,\nCONSIDERANT Que ces faits constituent un manquement aux obligations impos\u00e9es a u propri\u00e9taire  de \nl'ouvrage d\u00e9sign\u00e9 ci-dessus, \u00e9dict\u00e9es par la d\u00e9cision sus-vis\u00e9e.\nCONSIDERANT Qu'en  application  de  l'article  L  171-7  et  L171-8  du  code  de  l'environnement,  I.-\nInd\u00e9pendamment des poursuites p\u00e9nales qui peuvent \u00eatre exerc\u00e9es, lorsque des installations ou ouvrages  \nsont exploit\u00e9s, des objets et dispositifs sont utilis\u00e9s ou des travaux, op\u00e9rations, activit\u00e9s ou am\u00e9nagements \nsont r\u00e9alis\u00e9s sans avoir fait l'objet de l'autorisation, de l'enregistrement, de l'agr\u00e9ment, de l'hom ologation, \nde la certification ou de la d\u00e9claration requis en application du pr\u00e9sent code, ou sans avoir tenu compte  \nd'une  opposition  \u00e0  d\u00e9claration,  l'autorit\u00e9  administrative  comp\u00e9tente  met  l'int\u00e9ress\u00e9  en  demeure  de \nr\u00e9gulariser sa situation dans un d\u00e9lai qu'elle d\u00e9termine, et qui ne peut exc\u00e9der une dur\u00e9e d'un an. Elle  \npeut, en outre, ordonner le paiement d'une amende au plus \u00e9gale \u00e0 45 000 \u20ac par le m\u00eame acte que celui  \nde mise en demeure ou par un acte distinct.\nElle peut, par le m\u00eame acte ou par un acte distinct, suspendre le fonctionnement des installations ou  \nouvrages,  l'utilisation  des  objets  et  dispositifs  ou  la  poursuite  des  travaux,  op\u00e9rations,  activit\u00e9s  ou \nam\u00e9nagements  jusqu'\u00e0  ce  qu'il  ait  \u00e9t\u00e9  statu\u00e9  sur  la  d\u00e9claration  ou  sur  la  demande  d'autorisation, \nd'enregistrement,  d'agr\u00e9ment,  d'homologation  ou  de  certification,  \u00e0  moins  que  des  motifs  d'int\u00e9r\u00eat \ng\u00e9n\u00e9ral et en particulier la pr\u00e9servation des int\u00e9r\u00eats prot\u00e9g\u00e9s par le pr\u00e9sent code ne s'y opposent.\nL'autorit\u00e9 administrative peut, en toute hypoth\u00e8se, \u00e9dicter des mesures conservatoires aux frais de la  \npersonne mise en demeure.\nL'autorit\u00e9 administrative peut, \u00e0 tout moment, afin de garantir la compl\u00e8te ex\u00e9cution des mesures prises  \nen application des deuxi\u00e8me et troisi\u00e8me alin\u00e9as du pr\u00e9sent I :\n1\u00b0 Ordonner le paiement d'une astreinte journali\u00e8re au plus \u00e9gale \u00e0 4 500 \u20ac applicable \u00e0 partir de la  \nnotification de la d\u00e9cision la fixant et jusqu'\u00e0 satisfaction de ces mesures. Elle peut, en sus de l'astreinte,  \ninfliger une amende au plus \u00e9gale \u00e0 45 000 \u20ac. L 'amende et l'astreinte sont proportionn\u00e9es \u00e0 la gravit\u00e9 des  \nmanquements  constat\u00e9s  et  tiennent  compte  notamment  de  l'importance  du  trouble  caus\u00e9  \u00e0  \nl'environnement. Les deuxi\u00e8me et troisi\u00e8me alin\u00e9as du 1\u00b0 du II de l'article L. 171-8 s'appliquent \u00e0 l'astreinte ;\n2\u00b0 Obliger la personne mise en demeure \u00e0 s'acquitter, entre les mains d'un comptable public, du paiement  \nd'une somme correspondant au montant des travaux ou des op\u00e9rations \u00e0 r\u00e9aliser. Cette somme b\u00e9n\u00e9ficie  \nd'un privil\u00e8ge de m\u00eame rang que celui pr\u00e9vu \u00e0 l'article 1920 du code g\u00e9n\u00e9ral des imp\u00f4ts. Il est proc\u00e9d\u00e9 \u00e0  \nson  recouvrement  comme  en  mati\u00e8re  de  cr\u00e9ances  de  l'Etat  \u00e9trang\u00e8res  \u00e0  l'imp\u00f4t  et  au  domaine. \n89 rue W\u00e9ber \u2013 30907 NIMES CEDEX\nT\u00e9l : 04.66.62.62.00 \u2013 Fax : 04.66.23.28.79 \u2013 www.gard.gouv.fr 2/5\nDirection D\u00e9partementale des Tetrritoires et de la Mer du Gard - 30-2025-10-03-00002 - Arr\u00eat\u00e9 pr\u00e9fectoral mettant en demeure M.\nReboul Jean-Francois 84 chemin de Tinellis 30190 La Rouvi\u00e8re de mettre en conformit\u00e9 les remblais/d\u00e9blais et d\u00e9chets constat\u00e9s en\nzone inondable sur la parcelle Y0057 sur la commune de La Calmette\n63\nL'opposition  devant  le  juge  administratif  \u00e0  l'\u00e9tat  ex\u00e9cutoire  pris  en  application  d'une  mesure  de \nconsignation ordonn\u00e9e par l'autorit\u00e9 administrative n'a pas de caract\u00e8re suspensif.\nUne fois la somme recouvr\u00e9e par le comptable public, celui-ci proc\u00e8de \u00e0 sa consignation entre les mains de \nla Caisse des d\u00e9p\u00f4ts et consignations. Un d\u00e9cret en Conseil d'\u00c9tat fixe les modalit\u00e9s de d\u00e9consignation et  \nles conditions dans lesquelles les sommes consign\u00e9es sont insaisissables, au sens de l'article L. 112-2 du  \ncode des proc\u00e9dures civiles d'ex\u00e9cution, par d\u00e9rogation aux articles 2284 et 2285 du code civil, ainsi que  \nles conditions de leur utilisation en cas d'ouverture d'une proc\u00e9dure collective ;\n3\u00b0 Faire proc\u00e9der d'office, en lieu et place de la personne mise en demeure et \u00e0 ses frais, \u00e0 l'ex\u00e9cution des  \nmesures prescrites. Les sommes consign\u00e9es aupr\u00e8s de la Caisse des d\u00e9p\u00f4ts et consignations en application \ndu 2\u00b0 du pr\u00e9sent I sont utilis\u00e9es pour r\u00e9gler les d\u00e9penses ainsi engag\u00e9es.\nII.-S'il  n'a  pas  \u00e9t\u00e9  d\u00e9f\u00e9r\u00e9  \u00e0  la  mise  en  demeure  \u00e0  l'expiration  du  d\u00e9lai  imparti,  ou  si  la  demande \nd'autorisation, d'enregistrement, d'agr\u00e9ment, d'homologation ou de certification est rejet\u00e9e, ou s'il est fait \nopposition  \u00e0  la  d\u00e9claration,  l'autorit\u00e9  administrative  ordonne  la  fermeture  ou  la  suppression  des \ninstallations  ou  ouvrages,  la  cessation  de  l'utilisation  ou  la  destruction  des  objets  ou  dispositifs,  la \ncessation d\u00e9finitive des travaux, op\u00e9rations, activit\u00e9s ou am\u00e9nagements et la remise des lieux dans un \u00e9tat  \nne portant pas pr\u00e9judice aux int\u00e9r\u00eats prot\u00e9g\u00e9s par le pr\u00e9sent code.\nElle peut faire application du II de l'article L. 171-8 aux fins d'obtenir l'ex\u00e9cution de cette d\u00e9cision.\nIII.-Sauf en cas d'urgence, et \u00e0 l'exception de la d\u00e9cision de mise en demeure pr\u00e9vue au premier alin\u00e9a du I \ndu pr\u00e9sent article, les mesures mentionn\u00e9es au pr\u00e9sent article sont prises apr\u00e8s avoir communiqu\u00e9 \u00e0  \nl'int\u00e9ress\u00e9 les \u00e9l\u00e9ments susceptibles de fonder les mesures et l'avoir inform\u00e9 de la possibilit\u00e9 de pr\u00e9senter  \nses observations dans un d\u00e9lai d\u00e9termin\u00e9.\nL171-8\nI.-Ind\u00e9pendamment  des  poursuites  p\u00e9nales  qui  peuvent  \u00eatre  exerc\u00e9es,  en  cas  d'inobservation  des \nprescriptions applicables en vertu du pr\u00e9sent code aux installations, ouvrages, travaux, am\u00e9nagements,  \nop\u00e9rations,  objets,  dispositifs  et  activit\u00e9s,  l'autorit\u00e9  administrative  comp\u00e9tente  met  en  demeure  la \npersonne \u00e0 laquelle incombe l'obligation d'y satisfaire dans un d\u00e9lai qu'elle d\u00e9termine. En cas d'urgence,  \nelle fixe, par le m\u00eame acte ou par un acte distinct, les mesures n\u00e9cessaires pour pr\u00e9venir les dangers graves \net  imminents  pour  la  sant\u00e9,  la  s\u00e9curit\u00e9  publique  ou  l'environnement.  \nII.-Si, \u00e0 l'expiration du d\u00e9lai imparti, il n'a pas \u00e9t\u00e9 d\u00e9f\u00e9r\u00e9 \u00e0 la mise en demeure, aux mesures d'urgence  \nmentionn\u00e9es \u00e0 la derni\u00e8re phrase du I du pr\u00e9sent article ou aux mesures ordonn\u00e9es sur le fondement du II  \nde  l'article  L.  171-7 ,  l'autorit\u00e9  administrative  comp\u00e9tente  peut  arr\u00eater  une  ou  plusieurs  des  sanctions \nadministratives.\nCONSIDERANT Que la nature des faits n'est pas compatible avec leur r\u00e9gularisation administrative sous la  \nforme  d'un  d\u00e9p\u00f4t  de  dossier  au  titre  de  la  proc\u00e9dure  pr\u00e9vue  par  l'article  L214-3  du  code  de \nl'environnement  pour les motifs suivants :\n- PPRI : incompatible car situ\u00e9e en zone d'al\u00e9a fort au PPRI du Gardon amont approuv\u00e9 le 03/07/2008 dont \nle r\u00e8glement interdit tout apport de remblais,\nSUR PROPOSITION de M. le Directeur D\u00e9partemental des Territoires et de la Mer du Gard ;\nARRETE\nARTICLE 1 : contrevenant et nature de la mise en demeure\nM . Reboul Jean-Fran\u00e7ois, domicili\u00e9 au 84 chemin de Tinellis 30190 La Rouvi\u00e8re  est  mis en demeure de  \nproc\u00e9der \u00e0 la mise en conformit\u00e9 des remblais sur la commune de La Calmette.\nLa mise en conformit\u00e9 consiste \u00e0 :\n- supprimer l'objet de l'infraction, remettre en \u00e9tat le terrain dans des modalit\u00e9s \u00e0 faire valider par le  \nservice police de l'eau de la DDTM sous la forme d'une note \u00e0 transmettre sous un mois. Un relev\u00e9  \n89 rue W\u00e9ber \u2013 30907 NIMES CEDEX\nT\u00e9l : 04.66.62.62.00 \u2013 Fax : 04.66.23.28.79 \u2013 www.gard.gouv.fr 3/5\nDirection D\u00e9partementale des Tetrritoires et de la Mer du Gard - 30-2025-10-03-00002 - Arr\u00eat\u00e9 pr\u00e9fectoral mettant en demeure M.\nReboul Jean-Francois 84 chemin de Tinellis 30190 La Rouvi\u00e8re de mettre en conformit\u00e9 les remblais/d\u00e9blais et d\u00e9chets constat\u00e9s en\nzone inondable sur la parcelle Y0057 sur la commune de La Calmette\n64\ntopographique r\u00e9alis\u00e9 par un g\u00e9om\u00e8tre est fourni \u00e0 l'ach\u00e8vement des travaux au service eau et risques de  \nla DDTM\nARTICLE 2 : d\u00e9lai de mise en oeuvre \nLa mise en conformit\u00e9 devra \u00eatre effective au plus tard 6 mois apr\u00e8s la notification du pr\u00e9sent arr\u00eat\u00e9\nARTICLE 3 : mesures conservatoires de suspension temporaire des travaux\nLes travaux de remblaiement de la parcelle Y0057 sur la commune de La Calmette sont stopp\u00e9s \u00e0 compter \nde la notification du pr\u00e9sent arr\u00eat\u00e9  jusqu'\u00e0 ce qu'il ait \u00e9t\u00e9 statu\u00e9 sur la d\u00e9claration ou sur la demande  \nd'autorisation.\nLe constat de d\u00e9faut de respect de cette prescription entra\u00eene la mise en \u0153uvre d'une astreinte journali\u00e8re \nde 150 \u20ac jusqu'\u00e0 arr\u00eat des travaux de remblaiement. \nL'astreinte peut \u00eatre liquid\u00e9e compl\u00e8tement ou partiellement par arr\u00eat\u00e9 pr\u00e9fectoral jusqu'\u00e0 satisfaction  \ndes obligations d\u00e9finies dans le pr\u00e9sent article.\nLe constat de d\u00e9faut de respect de cette prescription entra\u00eene \u00e9galement la mise en \u0153uvre d'une amende  \nd'un montant de 2500 \u20ac \u00e0 la charge du contrevenant. Cette somme est recouvr\u00e9e par le comptable public.\nA cet effet, un titre de perception d'un montant de 2500 \u20ac est rendu imm\u00e9diatement ex\u00e9cutoire aupr\u00e8s de \nmonsieur le directeur r\u00e9gional des finances publiques de la r\u00e9gion Occitanie.\nARTICLE 4 : remise en \u00e9tat \nSi \u00e0 l'issue des d\u00e9lais mentionn\u00e9s \u00e0 l'article 2 du pr\u00e9sent arr\u00eat\u00e9, les prescriptions de l'article 1 du pr\u00e9sent  \narr\u00eat\u00e9 ne sont pas mises en \u0153uvre en totalit\u00e9, ou si la demande d'autorisation est rejet\u00e9e, ou s'il est fait  \nopposition \u00e0 la d\u00e9claration, le contrevenant proc\u00e8de \u00e0 la remise en \u00e9tat \u00e0 savoir : \n- fourniture d'une note concernant les modalit\u00e9s de remise en \u00e9tat et l'\u00e9vacuation des terres apport\u00e9es :  \nsous 1 mois \u00e0 compter de la notification du pr\u00e9sent arr\u00eat\u00e9.\n- enl\u00e8vement de l'int\u00e9gralit\u00e9 des remblais apport\u00e9s sous 6 mois afin de retrouver l'altim\u00e9trie du terrain  \ninitial.\nUn contr\u00f4le de v\u00e9rification permet d'attester de cette remise en \u00e9tat.\nARTICLE 5 : Sanctions\nEn cas de non-respect des prescriptions pr\u00e9vues par les articles 1 et 2 du pr\u00e9sent arr\u00eat\u00e9, M . Reboul Jean-\nFran\u00e7ois, est passible d'une ou plusieurs sanctions administratives simultan\u00e9es dans les conditions pr\u00e9vues  \npar l'article L. 171-8 du code de l'environnement (consignation des sommes, ex\u00e9cution d'office, amende  \nadministrative, astreinte), ainsi que des sanctions p\u00e9nales pr\u00e9vues par les articles L. 173-1 et suivants du  \nm\u00eame code.\nARTICLE 6 : notification, publicit\u00e9\nLe pr\u00e9sent arr\u00eat\u00e9 est notifi\u00e9 \u00e0   M . Reboul Jean-Fran\u00e7ois, domicili\u00e9 au 84 chemin de Tinellis 30190 La  \nRouvi\u00e8re,\nEn vue de l'information des tiers :\n\u2022 il est  publi\u00e9 au recueil des actes administratifs des services de l'\u00c9tat du d\u00e9partement du  \nGard ; une copie en est d\u00e9pos\u00e9e en mairie de La Calmette, et peut y \u00eatre consult\u00e9e ;\n\u2022 un extrait est affich\u00e9 dans cette mairie pendant un d\u00e9lai minimum d'un mois.\n\u2022 il  est  publi\u00e9  sur  le  site  internet  des  services  de  l'Etat  dans  le  Gard  pendant  une  dur\u00e9e \nminimale de deux mois.\nARTICLE 7: conditions de recours\nEn  application  du  code  des  relations  du  public  avec  l'administration  CRPA)  et  du  code  de  justice \nadministrative (CJA), la pr\u00e9sente d\u00e9cision peut \u00eatre d\u00e9f\u00e9r\u00e9e au Tribunal Administratif de N\u00eemes dans un  \nd\u00e9lai de 2 mois \u00e0 compter de la date de notification ou de publicit\u00e9 du pr\u00e9sent arr\u00eat\u00e9.\nLe  tribunal  administratif  peut  aussi  \u00eatre  saisi  par  l'application  informatique  \u00ab telerecours  citoyens \u00bb \naccessible par le site internet www.telerecours.fr\n89 rue W\u00e9ber \u2013 30907 NIMES CEDEX\nT\u00e9l : 04.66.62.62.00 \u2013 Fax : 04.66.23.28.79 \u2013 www.gard.gouv.fr 4/5\nDirection D\u00e9partementale des Tetrritoires et de la Mer du Gard - 30-2025-10-03-00002 - Arr\u00eat\u00e9 pr\u00e9fectoral mettant en demeure M.\nReboul Jean-Francois 84 chemin de Tinellis 30190 La Rouvi\u00e8re de mettre en conformit\u00e9 les remblais/d\u00e9blais et d\u00e9chets constat\u00e9s en\nzone inondable sur la parcelle Y0057 sur la commune de La Calmette\n65\nARTICLE 8 : ex\u00e9cution\nLe secr\u00e9taire g\u00e9n\u00e9ral de la pr\u00e9fecture du Gard, le maire de la commune de  La Calmette, le directeur  \nd\u00e9partemental des territoires et de la mer du Gard, le chef du service d\u00e9partemental de l'Office Fran\u00e7ais  \nde la Biodiversit\u00e9 du Gard et toute autorit\u00e9 de police sont charg\u00e9s, chacun en ce qui le concerne, de  \nl'ex\u00e9cution du pr\u00e9sent arr\u00eat\u00e9.\nN\u00eemes, le 03/10/2025\nLe Pr\u00e9fet,\nPour le Pr\u00e9fet et par d\u00e9l\u00e9gation,\nle Directeur D\u00e9partemental\ndes Territoires et de la Mer du Gard\nSIGN\u00c9\nS\u00e9bastien FERA\n89 rue W\u00e9ber \u2013 30907 NIMES CEDEX\nT\u00e9l : 04.66.62.62.00 \u2013 Fax : 04.66.23.28.79 \u2013 www.gard.gouv.fr 5/5\nDirection D\u00e9partementale des Tetrritoires et de la Mer du Gard - 30-2025-10-03-00002 - Arr\u00eat\u00e9 pr\u00e9fectoral mettant en demeure M.\nReboul Jean-Francois 84 chemin de Tinellis 30190 La Rouvi\u00e8re de mettre en conformit\u00e9 les remblais/d\u00e9blais et d\u00e9chets constat\u00e9s en\nzone inondable sur la parcelle Y0057 sur la commune de La Calmette\n66\nDirection D\u00e9partementale des Tetrritoires et de\nla Mer du Gard\n30-2025-09-22-00002\nArr\u00eat\u00e9 pr\u00e9fectoral portant modification de\nl'autorisation environnementale\nn\u00b030-2025-04-28-00006 au titre des articles L181-1\net suivants du code de l'environnement,\nconcernant la cr\u00e9ation d'une station\nintercommunale de traitement des eaux us\u00e9es\nde 16 000 EH, d'un bassin d'orage et d'un r\u00e9seau\nde transfert des effluents domestiques sur les\ncommunes de La-Grand-Combe,\nBranoux-les-Taillades, Cenras, Les Salles du\nGardon, Sainte-C\u00e9cile-d'Andorge et Laval-Pradel\nDirection D\u00e9partementale des Tetrritoires et de la Mer du Gard - 30-2025-09-22-00002 - Arr\u00eat\u00e9 pr\u00e9fectoral portant modification de\nl'autorisation environnementale n\u00b030-2025-04-28-00006 au titre des articles L181-1 et suivants du code de l'environnement,\nconcernant la cr\u00e9ation d'une station intercommunale de traitement des eaux us\u00e9es de 16 000 EH, d'un bassin d'orage et d'un r\u00e9seau\nde transfert des effluents domestiques sur les communes de La-Grand-Combe, Branoux-les-Taillades, Cenras, Les Salles du Gardon,\nSainte-C\u00e9cile-d'Andorge et Laval-Pradel\n67\nE |PREFETDU GARDLibert\u00e9Egalit\u00e9Fraternit\u00e9\nDirection d\u00e9partementale\ndes territoires et de la mer\nService Eau et Nature\nARR\u00caT\u00c9 PR\u00c9FECTORAL N\u00b0 30-2025-\nportant modification de l'autorisation environnementale n\u00b0 30-2025-04-28-00006 au titre des articles \nL181-1 et suivants du code de l'environnement, concernant la cr\u00e9ation d'une station intercommunale de \ntraitement des eaux us\u00e9es de 16 000 EH,\nd'un bassin d'orage et d'un r\u00e9seau de transfert des effluents domestiques\nsur les communes de La-Grand-Combe, Branoux-les-Taillades, Cendras,\nLes Salles du Gardon, Sainte-C\u00e9cile-d'Andorge et Laval-Pradel\nLe pr\u00e9fet du GARD\nChevalier de la L\u00e9gion d'honneur \nOfficier de l'ordre national du M\u00e9rite\nVU La directive n\u00b091/271/CEE du Conseil du 21 mai 1991 modifi\u00e9e relative au traitement des eaux urbaines \nr\u00e9siduaires ; \nVU  la directive n\u00b0  2000/60/CE du Parlement Europ\u00e9en et du Conseil du 23 octobre 2000 \u00e9tablissant un  \ncadre pour une politique communautaire dans le domaine de l'eau ;\nVU la loi n\u00b02006-1772 du 30 d\u00e9cembre 2006 sur l'eau et les milieux aquatiques ;\nVU le d\u00e9cret du 13 juillet 2023 nommant M. J\u00e9r\u00f4me BONET, pr\u00e9fet du Gard ;\nVU le code de l'environnement , et notamment ses articles L110-1 et suivants, L181-1 et R181-1 et suivants,  \nL.123-19, L.163-1, L.163-5, L.171-7 , L.411-1, L.411-2 4\u00b0, L.414-11, L.415- et R.411-1 \u00e0 R.411-14 ;\nVU le code civil, notamment son article 640 ;\nVU le code de l'urbanisme, et notamment ses articles L. 101-2 et R. 111-2 ;\n1/6\nDirection D\u00e9partementale des Tetrritoires et de la Mer du Gard - 30-2025-09-22-00002 - Arr\u00eat\u00e9 pr\u00e9fectoral portant modification de\nl'autorisation environnementale n\u00b030-2025-04-28-00006 au titre des articles L181-1 et suivants du code de l'environnement,\nconcernant la cr\u00e9ation d'une station intercommunale de traitement des eaux us\u00e9es de 16 000 EH, d'un bassin d'orage et d'un r\u00e9seau\nde transfert des effluents domestiques sur les communes de La-Grand-Combe, Branoux-les-Taillades, Cenras, Les Salles du Gardon,\nSainte-C\u00e9cile-d'Andorge et Laval-Pradel\n68\nVU le code des relations entre le public et l'administration ;\nVU L'arr\u00eat\u00e9 minist\u00e9riel du 21 juillet 2015 modifi\u00e9 relatif aux syst\u00e8mes d'assainissement collectif et aux  \ninstallations d'assainissement non collectif, \u00e0 l'exception des installations d'assainissement non collectif  \nrecevant une charge de pollution organique inf\u00e9rieure \u00e0 1,2 kg/j de DBO5 ;\nVU l'arr\u00eat\u00e9 n\u00b022-064 du pr\u00e9fet coordonnateur de bassin du 21 mars 2022 portant approbation du sch\u00e9ma \ndirecteur d'am\u00e9nagement et de gestion des eaux (SDAGE) du bassin Rh\u00f4ne M\u00e9diterran\u00e9e ;\nVU l'arr\u00eat\u00e9 n\u00b022-065 du pr\u00e9fet coordonnateur de bassin du 21 mars 2022 approuvant le PGRI Rh\u00f4ne  \nM\u00e9diterran\u00e9e 2022-2027 ;\nVU les arr\u00eat\u00e9s du 9 novembre 2010 portant approbation du Plan de Pr\u00e9vention des Risques Inondation  \n(PPRi) du bassin du Gardon d 'Al\u00e8s sur les communes de La-Grand-Combe, Branoux-les-Taillades, Cendras \n(modifi\u00e9 le 13 mai 2015), Salles-du-Gardon, Sainte-C\u00e9cile-d'Andorge et Laval-Pradel ;\nVU l'arr\u00eat\u00e9 du 9 f\u00e9vrier 2010 (modifi\u00e9 le 21 mars 2017) portant r\u00e9vision des zones sensibles dans le bassin  \nRh\u00f4ne-M\u00e9diterran\u00e9e, classant le Bassin des Gardons en zone sensible vis-\u00e0-vis du phosphore et de l'azote ;\nVU  le porter-\u00e0-connaissance (PAC) du pr\u00e9fet, en date du 14 ao\u00fbt 2020, d\u00e9finissant les zones des al\u00e9as  \nminiers sur la commune de Laval-Pradel ;\nVU l'arr\u00eat\u00e9 pr\u00e9fectoral n\u00b0 30-2019-10-28-003 du 28 octobre 2019 mettant en demeure la Communaut\u00e9  \nd'Agglom\u00e9ration Al\u00e8s Agglom\u00e9ration, repr\u00e9sent\u00e9e par son pr\u00e9sident en exercice, de mettre en conformit\u00e9 \nle syst\u00e8me d'assainissement communal de Cendras ;\nVU l'arr\u00eat\u00e9 pr\u00e9fectoral n\u00b0 30-2019-12-03-003 du 3 d\u00e9cembre 2019 mettant en demeure la  Communaut\u00e9 \nd'Agglom\u00e9ration Al\u00e8s Agglom\u00e9ration, repr\u00e9sent\u00e9e par son pr\u00e9sident en exercice, de mettre en conformit\u00e9 \nle syst\u00e8me d'assainissement intercommunal des Salles-du-Gardon - \u00ab l'Habitarelle \u00bb ;\nVU la demande pr\u00e9sent\u00e9e par la Communaut\u00e9 d'Agglom\u00e9ration Al\u00e8s Agglom\u00e9ration, sis 2 rue Michelet  \n30100 ALES, repr\u00e9sent\u00e9e par son pr\u00e9sident en exercice, en vue d'obtenir l'autorisation environnementale  \npour la cr\u00e9ation d'une nouvelle station intercommunale de traitement des eaux us\u00e9es (STEU) de 16000 EH \nsur  la  commune  de  Laval-Pradel,  la  r\u00e9alisation  de  r\u00e9seaux  de  transfert  des  effluents  bruts  sur  les \ncommunes  de  La-Grand-Combe,  Branoux-les-Taillades,  Cendras,  Les  Salles  du  Gardon,  Sainte-C\u00e9cile-\nd'Andorge et Laval-Pradel ;\nVU l'accus\u00e9 de r\u00e9ception du dossier d\u00e9pos\u00e9 le 13 octobre 2023 par la CA Al\u00e8s Agglom\u00e9ration ;\nVU l'ensemble des pi\u00e8ces du dossier de la demande susvis\u00e9e et  enregistr\u00e9e sous le num\u00e9ro GUNenv.\nN\u00b0 0100032511, en date du 07 novembre 2023, concernant le projet \u00ab Cr\u00e9ation STEU de la Grand Combe \u00bb \nsur la commune principale de Laval-Pradel ;\nVU l'\u00e9tude d'incidence environnementale ; \nVU les  demandes  d'avis  adress\u00e9es  le  20  octobre  2023 \u00e0  la  d\u00e9l\u00e9gation  territoriale  du  Gard  de  l'ARS \nOccitanie, \u00e0 la commission locale de l'eau des Gardons et l'EPTB, au service d\u00e9partemental du Gard de  \nl'OFB, \u00e0 la f\u00e9d\u00e9ration du Gard pour la p\u00eache et la protection du milieu aquatique ;\nVU la d\u00e9cision de dispense d'\u00e9tude d'impact apr\u00e8s examen au cas par cas, en application de l'article  \nR.122-3-1 du code de l'environnement, sur la construction d'une nouvelle STEU de La Grand Combe et des \nouvrages de transport, \u00e9mise par l'Autorit\u00e9 Environnementale en date du 6 octobre 2023 ;\nVU l'avis de la commission locale de l'eau de l'EPTB des Gardons \u00e9mis en date du 1er d\u00e9cembre 2023 ;\nVU l'avis de l'hydrog\u00e9ologue agr\u00e9\u00e9 en mati\u00e8re d'hygi\u00e8ne publique, en date du 8 janvier 2024 ;\nVU l'avis de la d\u00e9l\u00e9gation territoriale du Gard de l'ARS \u00e9mis en date du 25 janvier 2023 ;\n2/6\nDirection D\u00e9partementale des Tetrritoires et de la Mer du Gard - 30-2025-09-22-00002 - Arr\u00eat\u00e9 pr\u00e9fectoral portant modification de\nl'autorisation environnementale n\u00b030-2025-04-28-00006 au titre des articles L181-1 et suivants du code de l'environnement,\nconcernant la cr\u00e9ation d'une station intercommunale de traitement des eaux us\u00e9es de 16 000 EH, d'un bassin d'orage et d'un r\u00e9seau\nde transfert des effluents domestiques sur les communes de La-Grand-Combe, Branoux-les-Taillades, Cenras, Les Salles du Gardon,\nSainte-C\u00e9cile-d'Andorge et Laval-Pradel\n69\nVU la demande  de d\u00e9signation d'un commissaire enqu\u00eateur, en date du 27 mai 2024, aupr\u00e8s du tribunal  \nadministratif de N\u00eemes ; \nVU la d\u00e9cision n\u00b0 E2 4000056/30 du 2 juillet 2024 du tribunal administratif de N\u00eemes portant d\u00e9signation  \nde M. Bernard DALVERNY en qualit\u00e9 de commissaire enqu\u00eateur et de M. Michel MAHIEUX en qualit\u00e9 de  \ncommissaire-enqu\u00eateur suppl\u00e9ant en vue de proc\u00e9der \u00e0 l'enqu\u00eate publique unique ; \nVU l'arr\u00eat\u00e9  n\u00b0  30-2024-24-08-04  en  date  du  6  ao\u00fbt  2024  portant  ouverture  d'une  enqu\u00eate  publique \nconjointe pr\u00e9alable \u00e0 l'autorisation environnementale et \u00e0 la d\u00e9claration d'utilit\u00e9 publique et parcellaire  \nrelative au projet de cr\u00e9ation d'une STEU intercommunale de La Grand-Combe pour les communes de  \nLaval-Pradel,  La  Grand-Combe,  Branoux-les-Taillades,  Cendras,  Les  Salles  du  Gardon  et  Sainte-C\u00e9cile \nd'Andorge entre le lundi 9 septembre 2024 \u00e0 9h et le mercredi 9 octobre 2024 \u00e0 17h; \nVU le rapport et les conclusions du commissaire enqu\u00eateur, M. Bernard DALVERNY, en date du 17 octobre \n2024 ;\nVU l'envoi pour information de la note de pr\u00e9sentation non technique et des conclusions motiv\u00e9es du  \ncommissaire enqu\u00eateur au secr\u00e9tariat du CODERST en date du 27 novembre 2024 ; \nVU le courrier en date du 17 janvier 2025 adress\u00e9 au p\u00e9titionnaire pour observations sur le projet d'arr\u00eat\u00e9 \nd'autorisation environnementale dans le cadre de la phase contradictoire ;\nVU les observations sur le projet d'arr\u00eat\u00e9 transmises par le p\u00e9titionnaire en date du 24 Janvier 2025 ;\nVU l'arr\u00eat\u00e9 pr\u00e9fectoral de suspension des d\u00e9lais d'instruction n\u00b030-2025-01-22-00001 du 22 janvier 2025 ;\nVU  l'arr\u00eat\u00e9  pr\u00e9fectoral  portant  d\u00e9claration  d'utilit\u00e9  publique  et  parcellaire  pour  l'instauration  des \nservitudes pour le passage de canalisations publiques d'assainissement en terrain priv\u00e9, n\u00e9cessaire au  \nprojet de cr\u00e9ation d'une station intercommunale de traitement des eaux us\u00e9es de la Crand'Combe pour  \nles communes de La Grand Combe, Branoux les Taillades, Cendras, Les Salles du Gardon et Saint C\u00e9cile  \nd'Andorge n\u00b030-2025-02-13-00001 du 13 f\u00e9vrier 2025 ;\nVU  l'acte  notarial  du  17  mars  2025  contenant  Bail  Emphyt\u00e9otique  entre  l'Agence  R\u00e9gionale  de \nl'Am\u00e9nagement et de la construction Occitanie et Al\u00e8s Agglom\u00e9ration ;\nVU l'arr\u00eat\u00e9 30-2025-04-28-00006 portant autorisation environnementale au titre des articles L181-1 et  \nsuivants du code de l'environnement, concernant la cr\u00e9ation d'une station intercommunale de traitement \ndes eaux us\u00e9es de 16 000 EH, d'un bassin d'orage et d'un r\u00e9seau de transfert des effluents domestiques  \nsur  les  communes  de  La-Grand-Combe,  Branoux-les-Taillades,  Cendras,  Les  Salles  du  Gardon,  Sainte-\nC\u00e9cile-d'Andorge et Laval-Pradel ;\nVU les \u00e9l\u00e9ments transmis en date du 5 juin 2025 par Al\u00e8s Agglom\u00e9ration concernant la  c\u00f4te d'arase des  \nouvrages indiqu\u00e9s dans l'arr\u00eat\u00e9 30-2025-04-28-00006 \u00e0 PHE + 80 cm au lieu de TN+80 cm ;\nVU la demande transmise en date du 11 juin 2025  d'Al\u00e8s Agglom\u00e9ration de pr\u00e9ciser dans l'arr\u00eat\u00e9 30-2025-\n04-28-00006 que la c\u00f4te d'arase \u00e0 PHE+30  cm des cuves des PR ne s'applique pas puisque celles-ci sont  \n\u00e9tanches et enterr\u00e9es ;\nCONSIDERANT que le projet de  cr\u00e9ation d'une nouvelle station intercommunale de traitement des eaux  \nus\u00e9es de 16 000 EH sur la commune de Laval-Pradel, la r\u00e9alisation de r\u00e9seaux de transfert des effluents  \nbruts et la cr\u00e9ation d'un bassin d'orage sur la commune de Les Salles du Gardon, objet de la demande, est \nsoumis \u00e0 autorisation environnementale au titre des articles L214-3, R214-1 et L.181-1 et L.181-2 du code de \nl'environnement;\nCONSIDERANT le rapport d'\u00e9tude d'incidence ; \nCONSIDERANT que le projet est situ\u00e9 dans le lit majeur du Gardon, donc en zone inondable du cours  \nd'eau ;\n3/6\nDirection D\u00e9partementale des Tetrritoires et de la Mer du Gard - 30-2025-09-22-00002 - Arr\u00eat\u00e9 pr\u00e9fectoral portant modification de\nl'autorisation environnementale n\u00b030-2025-04-28-00006 au titre des articles L181-1 et suivants du code de l'environnement,\nconcernant la cr\u00e9ation d'une station intercommunale de traitement des eaux us\u00e9es de 16 000 EH, d'un bassin d'orage et d'un r\u00e9seau\nde transfert des effluents domestiques sur les communes de La-Grand-Combe, Branoux-les-Taillades, Cenras, Les Salles du Gardon,\nSainte-C\u00e9cile-d'Andorge et Laval-Pradel\n70\nCONSIDERANT le plan de pr\u00e9vention des risques inondation du Gardon d'Al\u00e8s dont le r\u00e8glement impose  \nen zone d'al\u00e9a r\u00e9siduel un calage des planchers \u00e0 une c\u00f4te \u00e0 80 cm au dessus des terrains naturels  \n(TN+80cm) ; \nSur proposition du directeur d\u00e9partemental des territoires et de la mer du Gard ;\nARR\u00caTE \nTitre I : OBJET DE L'AUTORISATION\nARTICLE 1 : B\u00e9n\u00e9ficiaire de l'autorisation environnementale\nLa CA Al\u00e8s Agglom\u00e9ration, repr\u00e9sent\u00e9e par son pr\u00e9sident en exercice, sis 2 rue Michelet \u2013 30100 ALES, est \nle b\u00e9n\u00e9ficiaire de l'autorisation environnementale d\u00e9finie \u00e0 l'article 2 ci-dessous, sous r\u00e9serve du respect  \ndes prescriptions d\u00e9finies par le pr\u00e9sent arr\u00eat\u00e9, et est d\u00e9nomm\u00e9e ci-apr\u00e8s \"le b\u00e9n\u00e9ficiaire\".\nARTICLE 2 : Prescriptions relatives \u00e0 la s\u00e9curit\u00e9  et aux risques naturels et sanitaire.\nL'article 14.3.2 est modifi\u00e9 ainsi :\nZone inondable     :  \nEn raison de l'implantation des installations (la nouvelle STEU, le PR principal et le bassin d'orage) en zone  \nurbanis\u00e9e inondable \u00e0 al\u00e9a r\u00e9siduel (zone R-U) :\n- l'arase des ouvrages et les \u00e9quipements \u00e9lectriques sont cal\u00e9s au-dessus de la cote d'inondation  (TN+80 \ncm), les locaux d'exploitation ont leur plancher au dessus de la c\u00f4te TN + 80 cm\n- les ouvrages sont orient\u00e9s dans l'axe d'\u00e9coulement,\n- les bassins sont en partie encastr\u00e9s dans le sol,\n- les talus en terre sur les fa\u00e7ades les plus expos\u00e9es sont prot\u00e9g\u00e9es par des enrochements (diam\u00e8tre  \nmoyen de 20 cm) ou des dispositifs \u00e9quivalents,\n- la maille de la cl\u00f4ture est sup\u00e9rieure \u00e0 5 cm pour permettre le libre \u00e9coulement des eaux.\nARTICLE 3 : Prescriptions particuli\u00e8res en phase exploitation.\nL'article 15.3.3 est modifi\u00e9 ainsi : \nConform\u00e9ment au r\u00e8glement des PPRi des communes susvis\u00e9s, pour les postes de relevage PR1 (Cendras),  \nPR3  et  PR4  (Salles-du-Gardon),  situ\u00e9s  en  zone  inondable  pour  un  al\u00e9a  fort  avec  des  hauteurs  d'eau \nsup\u00e9rieures \u00e0 1m, les armoires \u00e9lectriques de commande implant\u00e9es \u00e0 proximit\u00e9 du poste sont \u00e9tanches. \nLa c\u00f4te d'arase \u00e0 PHE+3 0 cm des cuves des PR ne s'applique pas puisque celles  ci sont \u00e9tanches et  \nenterr\u00e9es. Par contre elle s'applique aux armoires \u00e9lectriques de commande.\nArticle 4 : Autres modifications :\nLes autres articles de l'arr\u00eat\u00e9  30-2025-04-28-00006 restent inchang\u00e9s\n4/6\nDirection D\u00e9partementale des Tetrritoires et de la Mer du Gard - 30-2025-09-22-00002 - Arr\u00eat\u00e9 pr\u00e9fectoral portant modification de\nl'autorisation environnementale n\u00b030-2025-04-28-00006 au titre des articles L181-1 et suivants du code de l'environnement,\nconcernant la cr\u00e9ation d'une station intercommunale de traitement des eaux us\u00e9es de 16 000 EH, d'un bassin d'orage et d'un r\u00e9seau\nde transfert des effluents domestiques sur les communes de La-Grand-Combe, Branoux-les-Taillades, Cenras, Les Salles du Gardon,\nSainte-C\u00e9cile-d'Andorge et Laval-Pradel\n71\nARTICLE 5 : Publication et information des tiers\nEn application de l'article R.181-44 du code de l'environnement :\n\u2022 Une copie de la pr\u00e9sente autorisation est d\u00e9pos\u00e9e da ns les mairies des communes d'implantation  \nvis\u00e9es \u00e0 l'article 1er  ;\n\u2022 Un extrait de la pr\u00e9sente autorisation, est affich\u00e9 pendant une dur\u00e9e minimale d'un mois dans les  \ncommunes d'implantation  vis\u00e9es \u00e0 l'article 1er. Un proc\u00e8s verbal de l'accomplissement de cette  \nformalit\u00e9 est dress\u00e9 par les soins des maires concern\u00e9s ;\n\u2022 La pr\u00e9sente autorisation est adress\u00e9e \u00e0 chaque conseil municipal et aux autres autorit\u00e9s locales  \nconsult\u00e9es ;\n\u2022 La pr\u00e9sente autorisation est publi\u00e9e sur le site Internet de la pr\u00e9fecture du GARD qui a d\u00e9livr\u00e9  \nl'acte, pendant une dur\u00e9e minimale de quatre (4) mois.\nARTICLE 6 : Voies et d\u00e9lais de recours\nI.- Le pr\u00e9sent arr\u00eat\u00e9 est susceptible de recours devant le tribunal administratif territorialement comp\u00e9tent \nen application de l'article R.181-50 du code de l'environnement :\n\u2022 par le b\u00e9n\u00e9ficiaire dans un d\u00e9lai de deux mois \u00e0 compter de sa notification ;\n\u2022 par  les tiers, en raison des inconv\u00e9nients ou des dangers que le projet pr\u00e9sente pour les  \nint\u00e9r\u00eats mentionn\u00e9s \u00e0 l'article L.181-3 du code de l'environnement, dans un d\u00e9lai de deux mois  \n\u00e0 compter de la derni\u00e8re formalit\u00e9 accomplie.\nLe  tribunal  administratif  peut  aussi  \u00eatre  saisi  par  l'application  informatique  \" T\u00e9l\u00e9recours  Citoyens \" \naccessible par le site internet www.telerecours.fr. \nII.-La pr\u00e9sente autorisation peut faire l'objet d'un recours administratif de deux mois qui prolonge le d\u00e9lai \nde recours contentieux.\nLe b\u00e9n\u00e9ficiaire de l'autorisation est tenu inform\u00e9 d'un tel recours.\nIII.- Sans pr\u00e9judice des d\u00e9lais et voies de recours mentionn\u00e9s aux I. et II., les tiers peuvent d\u00e9poser une  \nr\u00e9clamation aupr\u00e8s de l'autorit\u00e9 administrative comp\u00e9tente, \u00e0 compter de la mise en service du projet  \nmentionn\u00e9 \u00e0 l'article 1er, aux seules fins de contester l'insuffisance ou l'inadaptation des prescriptions  \nd\u00e9finies dans la pr\u00e9sente autorisation, en raison des inconv\u00e9nients ou des dangers que le projet pr\u00e9sente  \npour le respect des int\u00e9r\u00eats mentionn\u00e9s \u00e0 l'article L.181-3 du code de l'environnement.\nL'autorit\u00e9 comp\u00e9tente dispose d'un d\u00e9lai de deux mois, \u00e0 compter de la r\u00e9ception de la r\u00e9clamation, pour \ny r\u00e9pondre de mani\u00e8re motiv\u00e9e. A d\u00e9faut, la r\u00e9ponse est r\u00e9put\u00e9e n\u00e9gative.\nSi  elle  estime  que  la  r\u00e9clamation  est  fond\u00e9e,  l'autorit\u00e9  comp\u00e9tente  fixe  des  prescriptions  \ncompl\u00e9mentaires, dans les formes pr\u00e9vues \u00e0 l'article R.181-45 du code de l'environnement.\nEn cas de rejet implicite ou explicite, les int\u00e9ress\u00e9s disposent d'un d\u00e9lai de deux mois pour se pourvoir  \ncontre cette d\u00e9cision. \nConditions particuli\u00e8res en cas de recours des tiers\nEn cas de recours contentieux des tiers int\u00e9ress\u00e9s \u00e0 l'encontre d'une autorisation environnementale ou  \nd'un arr\u00eat\u00e9 fixant une ou plusieurs prescriptions compl\u00e9mentaires pr\u00e9vus aux articles L. 181-12, L. 181-14, L. \n181-15 et L. 181-15-1, l'auteur du recours est tenu, \u00e0 peine d'irrecevabilit\u00e9, de notifier celui-ci \u00e0 l'auteur de la \nd\u00e9cision  et  au  b\u00e9n\u00e9ficiaire  de  la  d\u00e9cision.  Cette  notification  doit  \u00eatre  effectu\u00e9e  dans  les  m\u00eames \nconditions en cas de demande tendant \u00e0 l'annulation ou \u00e0 la r\u00e9formation d'une d\u00e9cision juridictionnelle  \nconcernant une telle autorisation ou un tel arr\u00eat\u00e9. L'auteur d'un recours administratif est \u00e9galement tenu  \nde le notifier au b\u00e9n\u00e9ficiaire de la d\u00e9cision \u00e0 peine de non prorogation du d\u00e9lai de recours contentieux. \n5/6\nDirection D\u00e9partementale des Tetrritoires et de la Mer du Gard - 30-2025-09-22-00002 - Arr\u00eat\u00e9 pr\u00e9fectoral portant modification de\nl'autorisation environnementale n\u00b030-2025-04-28-00006 au titre des articles L181-1 et suivants du code de l'environnement,\nconcernant la cr\u00e9ation d'une station intercommunale de traitement des eaux us\u00e9es de 16 000 EH, d'un bassin d'orage et d'un r\u00e9seau\nde transfert des effluents domestiques sur les communes de La-Grand-Combe, Branoux-les-Taillades, Cenras, Les Salles du Gardon,\nSainte-C\u00e9cile-d'Andorge et Laval-Pradel\n72\nLa notification pr\u00e9vue au pr\u00e9c\u00e9dent alin\u00e9a doit intervenir par lettre recommand\u00e9e avec avis de r\u00e9ception, \ndans un d\u00e9lai de quinze jours francs \u00e0 compter du d\u00e9p\u00f4t du recours contentieux ou de la date d'envoi du  \nrecours administratif. \nLa notification du recours \u00e0 l'auteur de la d\u00e9cision et, s'il y a lieu, au b\u00e9n\u00e9ficiaire de la d\u00e9cision est r\u00e9put\u00e9e \naccomplie \u00e0 la date d'envoi de la lettre recommand\u00e9e avec avis de r\u00e9ception. Cette date est \u00e9tablie par le \ncertificat de d\u00e9p\u00f4t de la lettre recommand\u00e9e aupr\u00e8s des services postaux.\nARTICLE 7 : Ex\u00e9cution\nLe sous-pr\u00e9fet d'Al\u00e8s, le pr\u00e9sident de la communaut\u00e9 d'agglom\u00e9ration d'Al\u00e8s Agglom\u00e9ration, les maires  \ndes  communes  de La-Grand-Combe,  de  Branoux-les-Taillades,  de  Cendras,  des  Salles-du-Gardon,  de \nSainte-C\u00e9cile-d'Andorge et de Laval-Pradel , le directeur d\u00e9partemental des territoires et de la mer du  \nGard, le directeur r\u00e9gional de l'environnement de l'am\u00e9nagement et du logement de la r\u00e9gion Occitanie,  \nla  d\u00e9l\u00e9gation  d\u00e9partementale  du  Gard  de  l'agence  r\u00e9gionale  de  sant\u00e9  Occitanie,  le  chef  du  service \nd\u00e9partemental de l'Office Fran\u00e7ais de la Biodiversit\u00e9 du Gard, le directeur interd\u00e9partemental de la Police \nNationale sont charg\u00e9s, chacun en ce qui le concerne, de l'ex\u00e9cution du pr\u00e9sent arr\u00eat\u00e9 qui sera publi\u00e9 sur \nle site internet de la pr\u00e9fecture. \nN\u00eemes, le 22/09/2025\nLe pr\u00e9fet,\nSIGN\u00c9\n \nJ\u00e9r\u00f4me BONET\n6/6\nDirection D\u00e9partementale des Tetrritoires et de la Mer du Gard - 30-2025-09-22-00002 - Arr\u00eat\u00e9 pr\u00e9fectoral portant modification de\nl'autorisation environnementale n\u00b030-2025-04-28-00006 au titre des articles L181-1 et suivants du code de l'environnement,\nconcernant la cr\u00e9ation d'une station intercommunale de traitement des eaux us\u00e9es de 16 000 EH, d'un bassin d'orage et d'un r\u00e9seau\nde transfert des effluents domestiques sur les communes de La-Grand-Combe, Branoux-les-Taillades, Cenras, Les Salles du Gardon,\nSainte-C\u00e9cile-d'Andorge et Laval-Pradel\n73\nDirection D\u00e9partementale des Tetrritoires et de\nla Mer du Gard\n30-2025-09-16-00010\narr\u00eat\u00e9 de transfert de permis de construire n\u00b0\n030 012 20 R0014 - T01 au b\u00e9n\u00e9fice de\nCENTRALE PHOTOVOLTA\u00cfQUE D'ARAMON 3 sur\nla commune de ARAMON\nDirection D\u00e9partementale des Tetrritoires et de la Mer du Gard - 30-2025-09-16-00010 - arr\u00eat\u00e9 de transfert de permis de construire n\u00b0\n030 012 20 R0014 - T01 au b\u00e9n\u00e9fice de CENTRALE PHOTOVOLTA\u00cfQUE D'ARAMON 3 sur la commune de ARAMON 74\ndossier n\u00b0 PC 030 012 20 ROO14-T01PREFET date de d\u00e9p\u00f4t : 20 ao\u00fbt 2025DU GARD demandeur : SAS CENTRALE PHOTOVOLTAIQUELibert\u00e9 D'ARAMON 3, repr\u00e9sent\u00e9 par Monsieur HELLSTERN\u00c9galit\u00e9 DidierFraternit\u00e9 pour : r\u00e9alisation d'une centrale photovolta\u00efque ausol comprenant des modules photovolta\u00efques, unposte de conversion, Un poste de livraison, uneciterne d'eau et une cl\u00f4ture grillag\u00e9eadresse terrain : Ile de Tamagnon, \u00e0 ARAMON(30390) :\nARR\u00caT\u00c9 n\u00b0accordant un transfert de permis de construire au nom de l'\u00c9tat\nLe pr\u00e9fet du Gard,Chevalier de la L\u00e9gion d'honneur,Officier de l'ordre national du M\u00e9rite,\nVu le permis de construire d\u00e9livr\u00e9 le 23/11/2021 \u00e0 EDF RENOUVELABLES FRANCE, repr\u00e9sent\u00e9 parMonsieur AUGEIX David demeurant 100 esplanade du G\u00e9n\u00e9ral de Gaulle - c\u0153ur D\u00e9fense - Tour B,PARIS La D\u00e9fense cedex (92932) ;Vu la prorogation du permis de construire d\u00e9livr\u00e9e le 05/11/2024;Vu la demande de transfert de permis de construire pr\u00e9sent\u00e9e le 20/08/2025 par SAS CENTRALEPHOTOVOLTA\u00cfQUE D'ARAMON 3, repr\u00e9sent\u00e9 par Monsieur HELLSTERN Didier demeurant 43,boulevard des bouvets BP CS903, NANTERRE (92000);Vu l'accord du b\u00e9n\u00e9ficiaire initial ;Vu le code de l'urbanisme ; ARRETE\nArticle 1Le TRANSFERT du permis susvis\u00e9 est ACCORDE.\nNimes, le 16 SEP, 2025\n_\nann GERARD\nPC 030 012 20 ROO14-TOL 1/2\nDirection D\u00e9partementale des Tetrritoires et de la Mer du Gard - 30-2025-09-16-00010 - arr\u00eat\u00e9 de transfert de permis de construire n\u00b0\n030 012 20 R0014 - T01 au b\u00e9n\u00e9fice de CENTRALE PHOTOVOLTA\u00cfQUE D'ARAMON 3 sur la commune de ARAMON 75\nLa pr\u00e9sente d\u00e9cision peut faire l'objet d'un recours contentieux: devant le tribunal administratif territorialementcomp\u00e9tent dans le d\u00e9lai de deux mois \u00e0 compter de la date de sa notification. Ce recours peut \u00eatre effectu\u00e9 au moyen del'application informatique \"T\u00e9l\u00e9recours citoyens\" accessible par le site internet www.telerecours.fr.Dur\u00e9e de validit\u00e9 du permis : |Conform\u00e9ment \u00e0 l'article R.424-17 du code de l'urbanisme, et en application du d\u00e9cret n\u00b02016-6 du 05 janvier 2016,l'autorisation est p\u00e9rim\u00e9e si les travaux ne sont pas entrepris dans le d\u00e9lai de 3 an(s) \u00e0 compter de sa notification au(x)b\u00e9n\u00e9ficiaire(s). Il en est de m\u00eame si, pass\u00e9 ce d\u00e9lai, les travaux sont interrompus pendant un d\u00e9lai sup\u00e9rieur \u00e0 une ann\u00e9e.En cas de recours le d\u00e9lai de validit\u00e9 du permis est suspendu jusqu'au prononc\u00e9 d'une d\u00e9cision juridictionnelle irr\u00e9vocable.Conform\u00e9ment aux articles R.424-21 et R.424-22, l'autorisation peut \u00eatre prorog\u00e9e tous les ans dans la limite de 10 ans, surdemande de son b\u00e9n\u00e9ficiaire si les prescriptions d'urbanisme et les servitudes administratives de tous ordres auxquellesest soumis le projet n'ont pas \u00e9volu\u00e9 de fa\u00e7on d\u00e9favorable \u00e0 son \u00e9gard. Dans ce cas la demande de prorogation est \u00e9tablieen deux exemplaires et adress\u00e9e par pli recommand\u00e9 ou d\u00e9pos\u00e9e \u00e0 la mairie deux mois au moins avant l'expiration dud\u00e9lai de validit\u00e9.Le (ou les) b\u00e9n\u00e9ficiaire du permis / de la d\u00e9claration pr\u00e9alable peut commencer les travaux apr\u00e8s avoir :- adress\u00e9 au maire, en trois exemplaires, une d\u00e9claration d'ouverture de chantier (le mod\u00e8le de d\u00e9claration CERFA n\u00b0 13407est disponible \u00e0 la mairie ou sur le site internet urbanisme du gouvernement) ;- install\u00e9 sur le terrain, pendant toute la dur\u00e9e du chantier, un panneau visible de la voie publique d\u00e9crivant le projet. Lemod\u00e8le de panneau, conforme aux prescriptions des articles A. 424-15 \u00e0 A. 424-19, est disponible \u00e0 la mairie, sur le siteinternet urbanisme du gouvernement, ainsi que dans la plupart des magasins de mat\u00e9riaux).Attention : l'autorisation n'est d\u00e9finitive qu'en l'absence de recours ou de retrait :- dans le d\u00e9lai de deux mois \u00e0 compter de son affichage sur le terrain, sa l\u00e9galit\u00e9 peut \u00eatre contest\u00e9e par un tiers. Dans cecas, l'auteur du recours est tenu d'en informer le (ou les) b\u00e9n\u00e9ficiaires du permis au plus tard quinze jours apr\u00e8s le d\u00e9p\u00f4tdu recours.- dans le d\u00e9lai de trois mois apr\u00e8s la date du permis, l'autorit\u00e9 comp\u00e9tente peut le retirer, si elle l'estime ill\u00e9gal. Elle esttenue d'en informer pr\u00e9alablement le (ou les) b\u00e9n\u00e9ficiaire du permis et de lui permettre de r\u00e9pondre \u00e0 ses observations.L'autorisation est d\u00e9livr\u00e9e sous r\u00e9serve du droit des tiers : elle a pour objet de v\u00e9rifier la conformit\u00e9 du projet aux r\u00e8gles etservitudes d'urbanisme. Elle n'a pas pour objet de v\u00e9rifier que le projet respecte les autres r\u00e9glementations et les r\u00e8gles dedroit priv\u00e9. Toute personne s'estimant l\u00e9s\u00e9e par la m\u00e9connaissance du droit de propri\u00e9t\u00e9 ou d'autres dispositions de droitpriv\u00e9 peut donc faire valoir ses droits en saisissant les tribunaux civils, m\u00eame si l'autorisation respecte les r\u00e8glesd'urbanisme.Les obligations du (ou des) b\u00e9n\u00e9ficiaire de l'autorisation :Il doit souscrire l'assurance dommages-ouvrages pr\u00e9vue par l'article L.242-1 du code des assurances.\nPC 030 012 20 ROO14-TO1 2/2\nDirection D\u00e9partementale des Tetrritoires et de la Mer du Gard - 30-2025-09-16-00010 - arr\u00eat\u00e9 de transfert de permis de construire n\u00b0\n030 012 20 R0014 - T01 au b\u00e9n\u00e9fice de CENTRALE PHOTOVOLTA\u00cfQUE D'ARAMON 3 sur la commune de ARAMON 76\nDirection des Services D\u00e9partementaux de\nl'Education Nationale du Gard\n30-2025-09-25-00009\nARR\u00caT\u00c9 PORTANT AGR\u00c9MENT JEUNESSE\n\u00c9DUCATION POPULAIRE DE L'ASSOCIATION\nABRIX BAR\nDirection des Services D\u00e9partementaux de l'Education Nationale du Gard - 30-2025-09-25-00009 - ARR\u00caT\u00c9 PORTANT AGR\u00c9MENT\nJEUNESSE \u00c9DUCATION POPULAIRE DE L'ASSOCIATION ABRIX BAR 77\nLS | ; Service d\u00e9partemental \u00e0 la jeunesse, \u00e0ACADEMIE pp: ae detail a  l'engagement et aux sportsDE MONTPELLIER du GardLibert\u00e9\u00c9galit\u00e9Fraternit\u00e9\nArr\u00eat\u00e9 n\u00b0 du 25.09.2025Portant agr\u00e9ment d\u00e9partemental de jeunesse et d'\u00e9ducation populaire de l'associationABRIX BAR\nVu la loi n\u00b0 2001-624 du 17juillet 2001 et en particulier l'article 8 relatif \u00e0 l'agr\u00e9ment des associationsde jeunesse et d'\u00e9ducation populaire, modifi\u00e9 par la loi n\u00b0 2021-1109 du 24 ao\u00fbt 2021 confortant lerespect des principes de la R\u00e9publiqueVu la loi n\u00b0 2000-321 du 12 avril 2000 relative aux droits des citoyens dans leurs relations avec lesadministrations ;Vu le d\u00e9cret n\u00b0 2002-571 du 22 avril 2002 portant application du premier alin\u00e9a de l'article 8 de la loin\u00b0 2001-624 du 17 juillet 2001 et relatif \u00e0 l'agr\u00e9ment des associations de jeunesse et d'\u00e9ducationpopulaire ;Vu le d\u00e9cret n\u00b0 2017-908 du 6 mai 2017 portant application de l'article 25-1 de la loi n\u00b0 2000-321 du 12avril 2000 relative aux droits des citoyens dans leurs relations avec les administrations ;Vu le d\u00e9cret n\u00b0 2021-1947 du 31 d\u00e9cembre 2021 pris pour l'application de l'article 10-1 de la loi n\u00b0 2000-321 du 12 avril 2000 et approuvant le contrat d'engagement r\u00e9publicain des associations et fondationsb\u00e9n\u00e9ficiant de subventions publiques ou d'un agr\u00e9ment de l'Etat;Vu le d\u00e9cret du 12 mars 2025 portant nomination de Mme Carole DRUCKER-GODARD, rectrice de lar\u00e9gion acad\u00e9mique Occitanie, rectrice de l'acad\u00e9mie de Montpellier, chanceli\u00e8re des universit\u00e9s;Vu le d\u00e9cret du 28 ao\u00fbt 2023 portant nomination de M. Christophe MAUNY directeur acad\u00e9miquedes services de l'\u00e9ducation nationale du Gard ;Consid\u00e9rant le dossier de demande d'agr\u00e9ment transmis par l'association ci-dessous d\u00e9sign\u00e9e;Consid\u00e9rant que l'association ci-dessous d\u00e9sign\u00e9e respecte les crit\u00e8res du tronc commun d' agr\u00e9mentdes associations, comme attest\u00e9 par l'arr\u00eat\u00e9 n\u00b0 30-2025-09-25-00007,Consid\u00e9rant l'engagement de respect du contrat d'engagement r\u00e9publicain formalis\u00e9 parl'association dans le cadre de sa demande d'agr\u00e9ment;\nArticle 1\u00b0: l'agr\u00e9ment d\u00e9partemental de jeunesse et d'\u00e9ducation populaire (JEP) pr\u00e9vu par le d\u00e9cretdu 22 avril 2022 susvis\u00e9 est accord\u00e9 \u00e0 l'association : ABRIX BARSi\u00e8ge social : 135 CHEMIN DE LA MADONE 30700 VALLABRIXNum\u00e9ro RNA : W302012366Num\u00e9ro d'agr\u00e9ment : 30/JEP/06/25\nArr\u00eat\u00e9 JEP 2025 - ABRIX BAR\nDirection des Services D\u00e9partementaux de l'Education Nationale du Gard - 30-2025-09-25-00009 - ARR\u00caT\u00c9 PORTANT AGR\u00c9MENT\nJEUNESSE \u00c9DUCATION POPULAIRE DE L'ASSOCIATION ABRIX BAR 78\nArticle 2 : l'agr\u00e9mentJEP de l'association ABRIX BAR est attribu\u00e9 pour une dur\u00e9e de cing ans \u00e0 compterde la date de publication du pr\u00e9sent arr\u00e9t\u00e9.\nArticle 3 : l'association ABRIX BAR est r\u00e9put\u00e9e satisfaire aux conditions de l'article 25-1 de la loi 2021-624 du 17 juillet 2001 modifi\u00e9e. L'association peut se pr\u00e9valoir du respect de ces conditions dans lecadre de toutes proc\u00e9dures d'agr\u00e9ment pr\u00e9vue par la l\u00e9gislation pendant une p\u00e9riode de cing ans acompter de la date de publication du pr\u00e9sent arr\u00eat\u00e9.\nArticle 4: l'association mentionn\u00e9e ci-dessus informera le service d\u00e9partemental \u00e0 la jeunesse, \u00e0l'engagement, et aux sports du Gard, de toute modification de statuts, de changement de si\u00e8ge social,de composition du bureau.L'association mentionn\u00e9e ci-dessus adressera chaque ann\u00e9e au service d\u00e9partemental \u00e0 la jeunesse, \u00e0l'engagement et aux sports du Gard, le proc\u00e8s-verbal de l'assembl\u00e9e g\u00e9n\u00e9rale, le rapport financier del'exercice \u00e9coul\u00e9, le rapport annuel d'activit\u00e9s.\nArticle 5: le pr\u00e9sent arr\u00eat\u00e9 est susceptible, dans un d\u00e9lai de deux mois \u00e0 compter de sanotification, de faire l'objet :-soit d'un recours gracieux devant l'auteur de la d\u00e9cision,-soit d'un recours hi\u00e9rarchique,-soit s'un recours contentieux devant le tribunal administratif de Montpellier. Le tribunaladministratif peut aussi \u00eatre saisi par l'application informatique \u00ab T\u00e9l\u00e9recours Citoyens \u00bb accessiblesur le site www.telerecours.fr.En cas de rejet implicite ou explicite du recours gracieux ou hi\u00e9rarchique, selon les dispositions del'article R.421-1 du code dejustice administrative, un recours contentieux peut \u00eatre exerc\u00e9 dans und\u00e9lai de deux mois \u00e0 compter de ce rejet.\nArticle 6: le directeur acad\u00e9mique des services de l'Education nationale du Gard est charg\u00e9 del'ex\u00e9cution du pr\u00e9sent arr\u00eat\u00e9 qui sera publi\u00e9 au recueil des actes administratifsde la pr\u00e9fecture etnotifi\u00e9 aux int\u00e9ress\u00e9s.\nFait\u00e0 N\u00eemes, le 2 5 SEP. 2025Le directeur acad\u00e9mique des servicesde l'\u00e9ducation nationale du Gard\nM. Christ\u00f4phe MAUNY\nArr\u00eat\u00e9 JEP 2025 \u2014- ABRIX BAR\nDirection des Services D\u00e9partementaux de l'Education Nationale du Gard - 30-2025-09-25-00009 - ARR\u00caT\u00c9 PORTANT AGR\u00c9MENT\nJEUNESSE \u00c9DUCATION POPULAIRE DE L'ASSOCIATION ABRIX BAR 79\nDirection des Services D\u00e9partementaux de\nl'Education Nationale du Gard\n30-2025-09-25-00006\nARR\u00caT\u00c9 PORTANT AGR\u00c9MENT JEUNESSE\n\u00c9DUCATION POPULAIRE DE YMCA GARD\nDirection des Services D\u00e9partementaux de l'Education Nationale du Gard - 30-2025-09-25-00006 - ARR\u00caT\u00c9 PORTANT AGR\u00c9MENT\nJEUNESSE \u00c9DUCATION POPULAIRE DE YMCA GARD 80\nE #5 Service d\u00e9partemental \u00e0 la jeunesse, \u00e0ACADEMIE pu wl mdipet and near l'engagement et aux sportsDE MONTPELLIER | ducaraLibert\u00e9\u00c9galit\u00e9Fraternit\u00e9\nArr\u00eat\u00e9n\u00ae du 2,5 SEP, 2025Portant agr\u00e9ment d\u00e9partemental de jeunesse et d'\u00e9ducation populaire de l'associationYMCA GARD-PONT D'AVIGNON\nVu la loi n\u00b0 2001-624 du 17juillet 2001 et en particulier l'article 8 relatif \u00e0 l'agr\u00e9ment des associationsde jeunesse et d'\u00e9ducation populaire, modifi\u00e9 par la loi n\u00b0 2021-1109 du 24 ao\u00fbt 2021 confortant le \u00a9respect des principes de la R\u00e9publiqueVu la loi n\u00b0 2000-321 du 12 avril 2000 relative aux droits des citoyens dans leurs relations avec lesadministrations ;Vu le d\u00e9cret n\u00b0 2002-571 du 22 avril 2002 portant application du premier alin\u00e9a de l'article 8 de la loin\u00b0 2001-624 du 17 juillet 2001 et relatif \u00e0 l'agr\u00e9ment des associations de jeunesse et d'\u00e9ducationpopulaire ;Vu le d\u00e9cret n\u00b0 2017-908 du 6 mai 2017 portant application de l'article 25-1 de la loi n\u00b0 2000-321 du 12avril 2000 relative aux droits des citoyens dans leurs relations avec les administrations ; |Vu le d\u00e9cret n\u00b0 2021-1947 du 31 d\u00e9cembre 2021 pris pour l'application de l'article 10-1 de la loi n\u00b0 2000-321 du 12 avril 2000 et approuvant le contrat d'engagement r\u00e9publicain des associations et fondationsb\u00e9n\u00e9ficiant de subventions publiques ou d'un agr\u00e9ment de l'Etat ;Vu le d\u00e9cret du 12 mars 2025 portant nomination de Mme Carole DRUCKER-GODARD, rectrice de lar\u00e9gion acad\u00e9mique Occitanie, rectrice de l'acad\u00e9mie de Montpellier, chanceli\u00e8re des universit\u00e9s;Vu le d\u00e9cret du 28 ao\u00fbt 2023 portant nomination de M. Christophe MAUNY directeur acad\u00e9miquedes services de l'\u00e9ducation nationale du Gard ;Consid\u00e9rant le dossier de demande de renouvellement d'agr\u00e9ment transmis par l'association ci-dessous d\u00e9sign\u00e9e ;Consid\u00e9rant que l'association ci-dessous d\u00e9sign\u00e9e respecte les crit\u00e8res du tronc commun d'agr\u00e9mentdes associations, comme attest\u00e9 par l'arr\u00eat\u00e9 n\u00b030-2025-09-25-00005, |Consid\u00e9rant l'engagement de respect du contrat d'engagement r\u00e9publicain formalis\u00e9 parl'association dans le cadre de sa demande de renouvellement d'agr\u00e9ment ; |\nArticle 1\u00b0: l'agr\u00e9ment d\u00e9partemental de jeunesse et d'\u00e9ducation populaire (JEP) pr\u00e9vu par le d\u00e9cret. du 22 avril 2022 susvis\u00e9 est accord\u00e9 pour l'association : YMCA GARD-PONT D'AVIGNONSi\u00e8ge social : 7B CHEMIN DE LA JUSTICE 30400 VILLENEUVE LES AVIGNONNum\u00e9ro RNA: W302020264Num\u00e9ro d'agr\u00e9ment : 30/JEP/05/25\nArr\u00eat\u00e9 JEP 2025 \u2014 YMCA GARD PONT D'AVIGNON\nDirection des Services D\u00e9partementaux de l'Education Nationale du Gard - 30-2025-09-25-00006 - ARR\u00caT\u00c9 PORTANT AGR\u00c9MENT\nJEUNESSE \u00c9DUCATION POPULAIRE DE YMCA GARD 81\nArticle 2 : l'agr\u00e9mentJEP de l'association YMCA GARD-PONT D'AVIGNON est attribu\u00e9 pour une dur\u00e9ede cinq ans \u00e0 compter de la date de publication du pr\u00e9sent arr\u00eat\u00e9.\nArticle 3 : l'association YMCA GARD-PONT D'AVIGNON est r\u00e9put\u00e9e satisfaire aux conditions del'article 25-1 de la loi 2021-624 du 17 juillet 2001 modifi\u00e9e. L'association peut se pr\u00e9valoir du respectde ces conditions dans le cadre de toutes proc\u00e9dures d'agr\u00e9ment pr\u00e9vue par la l\u00e9gislation pendantune p\u00e9riode de cing ans a compter de la date de publication du pr\u00e9sent arr\u00eat\u00e9.\nArticle 4: l'association mentionn\u00e9e ci-dessus informera le service d\u00e9partemental a la jeunesse, \u00e0l'engagement, et aux sports du Gard, de toute modification de statuts, de changement de si\u00e8ge social,de composition du bureau.L'association mentionn\u00e9e ci-dessus adressera chaque ann\u00e9e au service d\u00e9partemental \u00e0 la jeunesse, \u00e0l'engagement et aux sports du Gard, le proc\u00e8s-verbal de l'assembl\u00e9e g\u00e9n\u00e9rale, le rapport financier del'exercice \u00e9coul\u00e9, le rapport annuel d'activit\u00e9s.\nArticle 5: le pr\u00e9sent arr\u00eat\u00e9 est susceptible, dans un d\u00e9lai de deux mois \u00e0 compter de sanotification, de faire l'objet:-soit d'un recours gracieux devant l'auteur de la d\u00e9cision,-soit d'un recours hi\u00e9rarchique,-soit s'Un recours contentieux devant le tribunal administratif de Montpellier. Le tribunaladministratif peut aussi \u00eatre saisi par l'application informatique \u00ab T\u00e9l\u00e9recours Citoyens \u00bb accessible:sur le site www.telerecours.fr.En cas de rejet implicite ou explicite du recours gracieux ou hi\u00e9rarchique, selon les dispositions del'article R.421-1 du code dejustice administrative, un recours contentieux peut \u00eatre exerc\u00e9 dans und\u00e9lai de deux mois \u00e0 compter de ce rejet.\nArticle 6: le directeur acad\u00e9mique des services de l'Education nationale du Gard est charg\u00e9 del'ex\u00e9cution du pr\u00e9sent arr\u00eat\u00e9 qui sera publi\u00e9 au recueil des actes administratifs de la pr\u00e9fecture etnotifi\u00e9 aux int\u00e9ress\u00e9s.\nFait\u00e0 N\u00eemes, le 2,5 SEP, 2025Le directeur acad\u00e9mique des servicesde l'\u00e9ducation nationale du Gard\nM. Christoghe MAUNY\nArr\u00eat\u00e9 JEP 2025 \u2014 YMCA GARD PONT D'AVIGNON\nDirection des Services D\u00e9partementaux de l'Education Nationale du Gard - 30-2025-09-25-00006 - ARR\u00caT\u00c9 PORTANT AGR\u00c9MENT\nJEUNESSE \u00c9DUCATION POPULAIRE DE YMCA GARD 82\nDirection des Services D\u00e9partementaux de\nl'Education Nationale du Gard\n30-2025-09-25-00007\nARR\u00caT\u00c9 PORTANT RECONNAISSANCE TRONC\nCOMMUN D'AGR\u00c9MENT DE L'ASSOCIATION\nABRIX BAR\nDirection des Services D\u00e9partementaux de l'Education Nationale du Gard - 30-2025-09-25-00007 - ARR\u00caT\u00c9 PORTANT\nRECONNAISSANCE TRONC COMMUN D'AGR\u00c9MENT DE L'ASSOCIATION ABRIX BAR 83\nce 2 Service d\u00e9partemental a la jeunesse, aAC ADEMIE Direction des services d\u00e9partementaux P J Lde l'\u00e9ducati ional 'DE MONTPELLIER | car l'engagement et aux sportsLibert\u00e9\u00c9galit\u00e9Fraternit\u00e9\nArr\u00eat\u00e9 n\u00b0 du 25.09.2025Portant reconnaissance du tronc commun d'agr\u00e9ment de l'associationABRIX BAR\nVu la loi n\u00b0 2000-321 du 12 avril 2000 modifi\u00e9e relative aux droits des citoyens dans leurs relations avec lesadministrations, notamment ses articles 10-1 et 25-1 : . |Vu le d\u00e9cret n\u00b0 2017-908 du 6 mai 2017 portant diverses dispositions relatives au r\u00e9gime juridique des associations,des fondations, des fonds de dotation et des organismes faisant appel au public \u00e0 la g\u00e9n\u00e9rosit\u00e9, notamment sesarticles 15 \u00e0 21;_ Vu le d\u00e9cret n\u00b02020-1542 du 09 d\u00e9cembre 2020 relatif aux comp\u00e9tences des autorit\u00e9s acad\u00e9miques dans ledomaine des politiques de la jeunesse, de l'\u00e9ducation populaire, de la vie associative, de l'engagement civique etdes sports et \u00e0 l'organisation des services charg\u00e9s de leur mise en \u0153uvre ;Vu le d\u00e9cret n\u00b0 2020-1543 du 09 d\u00e9cembre 2020 relatif aux services d\u00e9concentr\u00e9s du minist\u00e8re de l'\u00e9ducationnationale, de la jeunesse et des sports et du minist\u00e8re de l'enseignement sup\u00e9rieur, de la recherche et del'innovation ; |Vu le d\u00e9cret n\u00b0 2021-1947 du 31 d\u00e9cembre 2021 pris pour l'application del'article 10-1 de la loi n\u00b0 2000-321 du 12avril 2000 et approuvant le contrat d'engagement r\u00e9publicain des associations et fondations b\u00e9n\u00e9ficiant desubventions publiques ou d'un agr\u00e9ment de l'Etat ;Vu le d\u00e9cret du 12 mars 2025 portant nomination de Mme Carole DRUCKER-GODARD, rectrice de la r\u00e9gionacad\u00e9mique Occitanie, rectrice de l'acad\u00e9mie de Montpellier, chanceli\u00e9re des universit\u00e9s ;Vu le d\u00e9cret du 28 ao\u00fbt 2023 portant nomination de-M. Christophe MAUNY directeur acad\u00e9mique des servicesde l'\u00e9ducation nationale du Gard;Consid\u00e9rant les \u00e9l\u00e9ments transmis par l'association ABRIX BAR;Consid\u00e9rant l'engagement de respect du Contrat d'engagement r\u00e9publicain formalis\u00e9 par l'association ci-dessusd\u00e9sign\u00e9e dans le cadre de sa demande d'agr\u00e9ment ;\nArticle 1\u00b0\": l'association ABRIX BAR dont le si\u00e8ge social est situ\u00e9 135 CHEMIN DE LA MADONE 30700VALLABRIX - N\u00b0RNA : W302012366 - satisfait aux conditions pr\u00e9vues par l'article 25-1 de la loi du 12avril 2000 susvis\u00e9e \u00e0 la date de publication du pr\u00e9sent arr\u00eat\u00e9 portant sur le tronc commund'agr\u00e9ment (TCA).Article 2: l'association mentionn\u00e9e \u00e0 l'article 1* est r\u00e9put\u00e9e remplir ces crit\u00e8res pendant une dur\u00e9ede cinq ans \u00e0 compter de la date de publication du pr\u00e9sent arr\u00eat\u00e9.Article 3: Avant le terme de ces cinq ann\u00e9es, l'association doit transmettre une demande derenouvellement de son TCA \u00e0 l'administration qui lui a d\u00e9livr\u00e9 le premier agr\u00e9ment ; si la demande derenouvellement n'est pas effectu\u00e9e avant l'expiration de l'arr\u00eat\u00e9 TCA ou si les conditions g\u00e9n\u00e9ralesdu TCA ne sont plus remplies, l'association perd le b\u00e9n\u00e9fice de tous ses agr\u00e9ments minist\u00e9riels.\nArr\u00eat\u00e9 TCA\u2014 2025 - ABRIX BAR\nDirection des Services D\u00e9partementaux de l'Education Nationale du Gard - 30-2025-09-25-00007 - ARR\u00caT\u00c9 PORTANT\nRECONNAISSANCE TRONC COMMUN D'AGR\u00c9MENT DE L'ASSOCIATION ABRIX BAR 84\nArticle 4: l'association mentionn\u00e9e \u00e0 l'article 1\u00b0' est tenue d'informer sans d\u00e9lai l'autorit\u00e9 publiquecomp\u00e9tente de tout changement relatif aux crit\u00e8res d'attribution de la pr\u00e9sente reconnaissance etnotamment les changements de si\u00e8ge social, de statuts et de repr\u00e9sentant l\u00e9gal.Article 5 : le pr\u00e9sent arr\u00eat\u00e9 est susceptible, dans un d\u00e9lai de deux mois \u00e0 compter de sanotification, de faire l'objet :-soit d'un recours gracieux devant l'auteur de la d\u00e9cision,-soit d'un recours hi\u00e9rarchique, |-soit s'Un recours contentieux devant le tribunal administratif de Montpellier. Le tribunaladministratif peut aussi \u00eatre saisi par l'application informatique \u00ab T\u00e9l\u00e9recours Citoyens \u00bb accessiblesur le site www.telerecours.fr.En cas de rejet implicite ou explicite du recours gracieux ou hi\u00e9rarchique, selon les dispositions del'article R.421-1 du code dejustice administrative, un recours contentieux peut \u00eatre exerc\u00e9 dans und\u00e9lai de deux mois \u00e0 compter de ce rejet.Article 6 : le directeur acad\u00e9mique des services de l'Education nationale du Gard est charg\u00e9 del'ex\u00e9cution du pr\u00e9sent arr\u00eat\u00e9 qui sera publi\u00e9 au recueil des actes administratifs et notifi\u00e9 auxint\u00e9ress\u00e9s.\nFait \u00e0 N\u00eemes, le 25 SEP. 2025Le directeur acad\u00e9mique des servicesde l'\u00e9ducation nationale du Gard\nM. Christophe MAUNY\nArr\u00eat\u00e9 TCA \u2014 2025 - ABRIX BAR\nDirection des Services D\u00e9partementaux de l'Education Nationale du Gard - 30-2025-09-25-00007 - ARR\u00caT\u00c9 PORTANT\nRECONNAISSANCE TRONC COMMUN D'AGR\u00c9MENT DE L'ASSOCIATION ABRIX BAR 85\nDirection des Services D\u00e9partementaux de\nl'Education Nationale du Gard\n30-2025-09-25-00005\nARR\u00caT\u00c9 PORTANT RECONNAISSANCE TRONC\nCOMMUN D'AGR\u00c9MENT DE L'ASSOCIATION\nYMCA GARD\nDirection des Services D\u00e9partementaux de l'Education Nationale du Gard - 30-2025-09-25-00005 - ARR\u00caT\u00c9 PORTANT\nRECONNAISSANCE TRONC COMMUN D'AGR\u00c9MENT DE L'ASSOCIATION YMCA GARD 86\nACADEMIE cher de rdar dames Service d\u00e9partemental \u00e0 la jeunesse, \u00e0DE MONTPELLIER = \u2014  netional\u00e9 l'engagement et aux sportsLibert\u00e9\u00c9galit\u00e9Fraternit\u00e9\nArr\u00eat\u00e9 n\u00b0 du 2.5 SEP. 2025Portant reconnaissance du tronc commun d'agr\u00e9ment de l'associationYMCA GARD-PONT D'AVIGNON\n\u00c0\nVu la loi n\u00b0 2000-321 du 12 avril 2000 modifi\u00e9e relative aux droits des citoyens dans leurs relations avec lesadministrations, notamment ses articles 10-1 et 25-1; . |Vu le d\u00e9cret n\u00b0 2017-908 du 6 mai 2017 portant diverses dispositions relatives au r\u00e9gime juridique desassociations, des fondations, des fonds de dotation et des organismes faisant appel au public \u00e0 la g\u00e9n\u00e9rosit\u00e9,notamment ses articles 15 \u00e0 21; |Vu le d\u00e9cret n\u00b02020-1542 du 09 d\u00e9cembre 2020 relatif aux comp\u00e9tences des autorit\u00e9s acad\u00e9miques dans ledomaine des politiques de la jeunesse, de l'\u00e9ducation populaire, de la vie associative, de l'engagement civique etdes sports et \u00e0 l'organisation des services charg\u00e9s de leur mise en \u0153uvre;Vu le d\u00e9cret n\u00b0 2020-1543 du 09 d\u00e9cembre 2020 relatif aux services d\u00e9concentr\u00e9s du minist\u00e8re de l'\u00e9ducationnationale, de la jeunesse et des sports et du minist\u00e8re de l'enseignement sup\u00e9rieur, de la recherche et del'innovation ;Vu le d\u00e9cret n\u00b0 2021-1947 du 31 d\u00e9cembre 2021 pris pour l'application de l'article 10-1 de la loi n\u00b0 2000-321 du 12avril 2000 et approuvant le contrat d'engagement r\u00e9publicain des associations et fondations b\u00e9n\u00e9ficiant desubventions publiques ou d'un agr\u00e9ment de l'Etat ;Vu le d\u00e9cret du 12 mars 2025 portant nomination de Mme Carole DRUCKER-GODARD, rectrice de la r\u00e9gionacad\u00e9mique Occitanie, rectrice de l'acad\u00e9mie de Montpellier, chanceli\u00e8re des universit\u00e9s;Vu le d\u00e9cret du 28 ao\u00fbt 2023 portant nomination de M. Christophe MAUNY directeur acad\u00e9mique des servicesde l'\u00e9ducation nationale du Gard;Consid\u00e9rant les \u00e9l\u00e9ments transmis par l'association YMCA GARD-PONT D'AVIGNON ;Consid\u00e9rant l'engagement de respect du Contrat d'engagement r\u00e9publicain formalis\u00e9 par l'association ci-dessusd\u00e9sign\u00e9e dans le cadre de sa demande d'agr\u00e9ment ;\nArticle 1\u00b0\": l'association YMCA GARD-PONT D'AVIGNON dont le si\u00e8ge social est situ\u00e9 7B CHEMIN DELA JUSTICE 30400 VILLENEUVE LES AVIGNON - N\u00b0RNA : W302020264 - satisfait aux conditionspr\u00e9vues par l'article 25-1 de la loi du 12 avril 2000 susvis\u00e9e \u00e0 la date de publication du pr\u00e9sent arr\u00eat\u00e9portant sur le tronc commun d'agr\u00e9ment (TCA).Article 2 : l'association mentionn\u00e9e \u00e0 l'article 1\u00b0 est r\u00e9put\u00e9e remplir ces crit\u00e8res pendant une dur\u00e9ede cinq ans \u00e0 compter de la date de publication du pr\u00e9sent arr\u00eat\u00e9.Article 3: Avant le terme de ces cinq ann\u00e9es, l'association doit transmettre 'une demande derenouvellement de son TCA \u00e0 l'administration qui lui a d\u00e9livr\u00e9 le premier agr\u00e9ment ; si la demande derenouvellement n'est pas effectu\u00e9e avant l'expiration de l'arr\u00eat\u00e9 TCA ou si les conditions g\u00e9n\u00e9ralesdu TCA ne sont plus remplies, l'association perd le b\u00e9n\u00e9fice de tous ses agr\u00e9ments minist\u00e9riels.\nArr\u00eat\u00e9 TCA 2025 \u2014 YMCA GARD PONT D'AVIGNON\nDirection des Services D\u00e9partementaux de l'Education Nationale du Gard - 30-2025-09-25-00005 - ARR\u00caT\u00c9 PORTANT\nRECONNAISSANCE TRONC COMMUN D'AGR\u00c9MENT DE L'ASSOCIATION YMCA GARD 87\nArticle 4: l'association mentionn\u00e9e \u00e0 l'article 1*\u00b0 est tenue d'informer sans d\u00e9lai l'autorit\u00e9 publiquecomp\u00e9tente de tout changement relatif aux crit\u00e8res d'attribution de la pr\u00e9sente reconnaissance etnotamment les changements de si\u00e8ge social, de statuts et de repr\u00e9sentant l\u00e9gal.Article 5: le pr\u00e9sent arr\u00eat\u00e9 est susceptible, dans un d\u00e9lai de deux mois \u00e0 compter de sanotification, de faire l'objet:-soit d'un recours gracieux devant l'auteur de la d\u00e9cision,-soit d'un recours hi\u00e9rarchique,-soit s'Un recours contentieux devant le tribunal administratif de Montpellier. Le tribunaladministratif peut aussi \u00eatre saisi par l'application informatique \u00ab T\u00e9l\u00e9recours Citoyens \u00bb accessiblesur le site www.telerecours.fr. nEn cas de rejet implicite ou explicite du recours gracieux ou hi\u00e9rarchique, selon les dispositions del'article R.421-1 du code dejustice administrative, un recours contentieux peut \u00eatre exerc\u00e9 dans und\u00e9lai de deux mois \u00e0 compter de ce rejet. |Article 6 : le directeur acad\u00e9mique des services de l'Education nationale du Gard est charg\u00e9 del'ex\u00e9cution du pr\u00e9sent arr\u00eat\u00e9 qui sera publi\u00e9 au recueil des actes administratifs et notifi\u00e9 auxint\u00e9ress\u00e9s.\nFait \u00e0 N\u00eemes, le 26. o4 ' Lu\nLe directeur acad\u00e9mique des servicesde l'\u00e9ducation nationale du Gard\nM. Christophe MAUNY\nArr\u00eat\u00e9 TCA 2025 \u2014 YMCA GARD PONT D'AVIGNON\nDirection des Services D\u00e9partementaux de l'Education Nationale du Gard - 30-2025-09-25-00005 - ARR\u00caT\u00c9 PORTANT\nRECONNAISSANCE TRONC COMMUN D'AGR\u00c9MENT DE L'ASSOCIATION YMCA GARD 88\nMaison d'arr\u00eat de N\u00eemes\n30-2025-09-24-00004\nD\u00e9l\u00e9gation de signature 2025 V2\nMaison d'arr\u00eat de N\u00eemes - 30-2025-09-24-00004 - D\u00e9l\u00e9gation de signature 2025 V2 89\n:\u00c7FUUOTOSsoide-19NI|[Qe}9]SULPS99SIASUOIINqLIJIESap991919X9,]8JURLIOdde19ssouepuodsarios\"JUsUINDOp'9198'UOISI99p'919118NO}JOUSISopSUIJxneSOUWINOpJeepUOSIeLLeB]Oponbluyo9In9J9911p'VORJUSIUIAAINSISUOIA8S9UUOPjsoINJeUSISopajuouvurodUONRS9I9q:\u00a3BPHAV:JWUUOOSsoide-19nea]qe}\n9]SUBPS99SIASUOTINGLIVYSSop9d1019x9,]BJUeLOddeIassouepuodsoros'quoumoop'19e'UOISI99P'919LIeJNO}JOUSISopSUIJXNESOWIN9PJU,pUOSIVUBJ9PUONRIISIUTWpR.p2949812'NIMOAIPOs]SUIBPUINBSAUUOP159DINJeUBISopaJUOULULIOduore89[9:Z21PDA1V:[auuoossoide-19nv9[q8]9]SUPSOOSTASUOTINGII}eSop291919X9,]ejueodderossouepuodsario9'Juauun90p'9198'UOISI99P'9191IBINO]JOUBISSpSUIJXNESOWIN9PJ9L,PUOSIEUIE]OpDWFUOIJU9J9Pv]Op19SOUIEUINUS29NOSSAISOp29119911P'alrenuayued99LH99NP'LYAVNMAAUOUBINSUIBPUIARSQUUOPjso9IMPUBISopojuoueuuoduone8919Q:,1IPHAV\n29211V\nSOULINOp32118,PUOSIBIAEI9P9919901'LWID-AVDAULHOUJEAWEPEIN:SOUIINOPJOUE,PUOSIEMNRB]9P20Hj9011papgypenbus'LYIO-AVDSULOUE)DSUUPPEJAJuRWIWOU8107SIQUISAOU/ZNpaJepusaonsnfe]opaNSTUTUNp9]2U8,]NA:I-VETWI99-CII\"YsomesasJUOUIUUBJOUareTjUaJIU9d2PO99]NA,IINJVUSIS9PUOHUH9I9PJUEJI0d99911PUMAADLLULZ619ILSNfV71aAU3LSININ\nMaison d'arr\u00eat de N\u00eemes - 30-2025-09-24-00004 - D\u00e9l\u00e9gation de signature 2025 V2 90\nSTIns79324:\u00c7SUU0JO9soide-19Nes]qQe}9]SUBPSOOSTASUOTINGIN}LSop291019X9,]8JULLIOddeIOsSUOISI99pSo]NO}J9UBISopSUT]XNE'SOUIINSp19.8.pUOSIeUe]8olenuaruodautey1des'YWAQOHMPIWUHANSISUOIN8SOUUOPjsodINJeUBISopsJUSURULIedUOTeS9I9q:pLAPHAV:\u00c7SUUOODsoide-19nvs[qQe}9]SULPSA9SIASUOTINGLILSop291919X9,]BJURLIOddeI9sUOISI99p910]'IOUSISapSUT]XNESOUINopJee.pUOSTeUe]8orenuayuodoureydes\"TAZLMAHSUDSNLsuepey]8SQUUOP359oINjeUSISopoJUOURULIedUONeS9I9q:ETABPHAV:\u00c7FUUO[ODSoide-19neva]qe}9]SUPS99SIASUOTNGLIYLsop291910%9,[8JURLIOddeI9SSUOISI99pSaJh0]JOUBISopSUIJXNE'SUI,Op19.LeppUOSTeUE]8onenuoyuodoureyides\"TYWUAND[WeyAnsIsuoy&SQUUOPJSaIN}JeUSISopaquoueuuadUONeS9I9q:ZIaPNAV:SFUUO]OSsgide-19nea]qe}2]SUBPSAQSTASUOTINGLISop9d1D19x9JBJULLLOddeIasUOISI99p910]'IOUSISopSUIJXNESOUIINOpUr,pUOSIEUek]8onequayuodoureyides'ONTWOSAsuvydgigANSISUOJA8SQUUOP359oINjJeUSISopoJUOULULIOdUONeS919q:LI2PHIV:\u00a7PUUO]ODsoide-1onva[qe]9]SUEPSO9SIASUOTINGLINeSap291010X9,]8JueLIodde19sUOISI99p91N0}'IOUBISopSUITXNESOUINopJ9118,puostewe]8etenuoyuodoureyides'QANYOODSIOSUEIAIN9ISUOIN&SQUUOPjsooINjeUSISopaJUOURULIAduone89j9Q:OLIPHAV:SIUMO]OSSoide-19Nea[qe}9]SULPSO9STASUOTINGLILSap991919X9|8JURLIOddeIOsUOISI99p91N0}'IaUBIsopSUxneSOUIIN9PJoliePpUSEe]eanerquayuodsuTeyded'TTTANVIOenbiagp9aqowmepeIX&souuopjsooINJeUsISopaquoueur-oduore899:6APUAW:GSUUOTO9seide-19Nes]qe}9]SULPSO9STASONSap991919%9,[8JUeLIOMdEIasUOISI99p91NO}'IOUSIsopSUI]XNESOUIINOpJgUePpUOSTEU8]8anequayruodouTeyIdesOTIRTRAIVO2PIIIUEIASUIEPUIN8SQUUOpjsooINyLUISopojuoueuxpduone39/9G:g2PUIV:SUUO09sgide-19Nva[qe}2]SUBPS99SIASUOHNAIESap291010X9]8Jueuiodder9sUOISI99p90]A9-IBISapSUT]XNESOUIINOpJOUEppUOSTEU8]8anenuoruodourey1deo'NOVZZVAOAPwEGAnoISUOIAesguuopjsoammeu\u00ealsopojuoueuroduoneB9[9G:LAPUAIV:SSUUO[O9S21de-19NE9]QE]9]SUBPSO9SIASUOTNLIJJESop991910X9,]8JueLIOddeIasUOISI99pano}'IOUSISOPSUT]XNSOUWIINOpjoe.pUosTeUeB]BoleUS}USdJUepULUIUIOD\"ALLASSOUD244990IUWIBPUJA]SOUUOPIso9IMeUSISopoqueueuucduonessfog:9SPHIV:\u00ffUNOSSoide-19nvs[qe}9]SEPSO9SIASUOTNqLJEsop991919X9,18Juey1oddezossouepuodsaz109'quoumoop'ajoe'UOISI99p'91918NO}JOUBISopSUITXNESOUIN9P12H18,PUOSTeUE]OpUOHU9J9PopJoysnejuiofpe'orrenuoyrusdjuepueuruwuos'NI'TODUosydaygAINSISUOIN8SoUuopjsoameusIsopoOUeULIAdUOnES9[9:SapHaAV:ZSUUO[O9S91dE-19NE9[qE]9]SULPS29SIASUOTINGIINIeSOP291919X9,|eJueuodder9ssouepuodsorios'juewmoop'ajoe'uorsis9p'ojouejo]JoUSISopsur;xneSOWIN9PJoliepUOSIEWIEJ9PUOHU9J9PopJayoemousdnsossejooponenuoyuodoureyidesYYNANTDPHEAANSISUOI8Souuop159omyeusrsopajuoueuuoduon23919Q:p2HI\nMaison d'arr\u00eat de N\u00eemes - 30-2025-09-24-00004 - D\u00e9l\u00e9gation de signature 2025 V2 91\nGIins\u20ac9524UOSIVU8]BSIETJUOJUSAJoyo-IOIpesiig'ICANONNAAWIYVHANSISUOINev2QUUOPjsooINJeUsISopoJUOURULIEdUONReSII9q:[ZIPUAVJ]SUBPSO9SIASUOTNQIIJJESopDOIDIOXO|BJURLIOddeI9SSUOISID9PS9JN0]JOUSISOpSUIJXNE'SOUIINOpJOUE,PHOSIPUPJ]8JOU9-I91pe811qOpUOTOUOJJUST]oLIeTUD}TUOdJURT[IOAINS'NOWSIUUCAAINSISUOJA8SQUUOPJS9oINJeUSISopoJUSURULIOdUONRSII9q:OZ2I9HA1VSaide-19nvo]qe]3]SUBPS99SIASUONNQIIESap291910X9|BJULLIOddeI9SSUOISI99pS9Jn0]JOUSISOpSUIJXNE\"SOUIINOpJOLIE,PUOSIEUIEI8OMNEQUAJIUOAJoy9-101pe814'NILSV.LNOD94d0)SLI147)ANSISUOIN8SQuUopjsdoINJeUSISOpajuoueuuoluoneS9[9:6TIPHAV:9SUUOO9Soide-19nv2[qe]2]SUPSO9SIASUOTINGII}}Sop291919X9,]BJUeLIOddeI9SSUOISIOOPSO}NO}JOUBISOpSUI}XNE'SOUIIN9PJeepUOSIEUBT&9IIPHUAJIU9dJoyo-IoIpesug'|LLANNOIOOAuuvySWIBPEIA&SOUUOP59aINjeUBISopojuouruLIaduore8919:SI2IPHAV:\u00c7SUUOTO9soide-19nvo]qe]2]SULPS99SIASUOTINGIIeSop291919X9,]8JULLOddeIosuoIsI99p91h07\"IOUSISopSUTxNeSOUIINOpJHe,puosIeuef&oureruayuodsureJides'INIDOIdAIAUXAINSISUOIA8SQUUOP5991MEUBISopajUsULULIadUo289[90:LIePHAV:\u00c7FUUOODS91de-19nE9[qU]3]SUBPSOOSTASUOTINGLIYLSOP991919X9,]8JURLIOddeI9sUOISI99p910]'JOUBISofSUITXNSOUIINopjoe.puOSsIeUeT&oiTeTJUa}TUSdouteyides'NIONAUMNAVT]SU8YdYJSANSISUOJA8SQUUOPjsoaINJeUSISopoJUOUeULIOdUONeS9[Oq:OT2PHDAV:SFUUO[ODsoide-1oNea]qe}9]SUPSO9STASUOTNQLHJESop291910X9|BJUeLIOddeIasUOISI99p9]N0}\"IaUBIsopSUT]XNESOUIINopJouePpUOSIVULET8arenuoquodourey1desHAANIAAV'TWeedANSISUOJA&S9UUOP359aINJeUSISOpAJuoueuLDduoye89[9:STAaPUAV\nMaison d'arr\u00eat de N\u00eemes - 30-2025-09-24-00004 - D\u00e9l\u00e9gation de signature 2025 V2 92\nSJInsp9824:AILIN9SSLTLJ9SIPIOUONeJUeUD]SJI-OUsopInodsorezuouoriedX|IXIXIX|IXccelalSOPSISTAB[JURUSedUIODORsasieunofso]1edOBLUI,.p19UOS9pdSlIde]8D}IPIOJUISUOZEJJOUIULI9]9(]JILINDYSSPSJLJOUSopInodAJISIAIND]BJUSWOUINO}&UT]91}}9UOpIOPI99PXIXIX|XI-cela19JUSWASSITQeI9,[JULJISIASoIleJUSWMO[Jedso]JuUeUsedUIODORsojst[eUINOlSof99ND]BSnjoiunIasoddoxlxlxlxPaceSe\"OIBIJUS}TUSdJUSUWIOSSI[CEI9,[IPSAJISIASO]JOSLIOINYJUIWIISST}GEI?|2PS2VISTA:9SUUOJO2soide-19NE9[QE]2]SUEPSO9SIASUOINQLIEsap991919X9]BJURLIOddeIasSUOISI99Psono}JOUSISSpSUITXNE\"'SOUIINopJQLIBPpUOSTEUET8oIIeIJUSjIUSdJoyo-JoIpesig'IGIHOVABPI-MOISUOJA8s9uUOpJS9oIMLUSISopajuoueuusduone8919:OEIPHAV:9BUUOJOSSgide-19Nea{qe]STSUEPSOQSTASUOTINGLIYeSop991919X9|BJueLIOddeI9sSUOISI99PS9INO}JOUBISopSUIJXNE\"SOUIINapJeepUOSIEUUEIBoMeUa}TUSdJoyo-JOIpesig'OWANVUDAUIOJUVYAINSISUOJA&S9UUOPjsaoINeUTISopajuoueuuedUONRSEIEq:6ZIPUAV:9FUUO]ODSoide-19nealqe}9]SUBPSO9SIASUOTINGIIeSop9dI9IOX]&JURLIOddeIasSUOISI99pSJ]J9ABIsspSUIJXNE\"SOUIINop918PpUOsTRUE]8OJIeT]Ua}IUSdJoyo-JoIpesiig'NWOALUBLpyINSISUOIA8SAUUOPjs0sINJeUBISopsjuoueuueduore8919(:SZFPUAV:9FUNOJODSeide-19Neo[qe}9]SUBPS99SIASUOTNQUIeSap9d19I0Xa|&JUL}IOddw1asSUOISI99p$9INO}194BIsopSUIJXNE\"SOUINapJOIE,PUOSIEUE]BoLTeTUO]UOdJoyo-JOIpeSlig'KNACNAHBBYer]swepeyy8oguuopjsooinjeusisopaUoUeULIDdUONRS9I9q:LZ2PDA1V:9FUUO]Odsgide-19Nea]qQe}9]SUPSOQSIASUOTINGLINSop9dI0I0X9,|BJURLIOddeI9gSUOISI99pS9n0]J9I3ISopSUIJXNE'SOUTINOpJg.HePpUOSTRUE]8oLeUa}TUSdJoys-JoIpesugWVZOTVM210'TAnaisuoyA]82QUUOPjsoaINJeUSISopdJUDURULDdUONeS919q:97FPHAV\nMaison d'arr\u00eat de N\u00eemes - 30-2025-09-24-00004 - D\u00e9l\u00e9gation de signature 2025 V2 93\n|g}yeuuosiedXIXIXIXS\u00a3-TTSASIPIOUOne499}1INIISPIBJULUD}SJTJOUIsopInodjuepIeun,pUOTJEUSIS9PEI8Josoddo,SXIXIXIXIXIXS-SIIQOIBJIUESJUN,OpSTWIIXOIdBS99MISSO[N[[99SOPSUEPSIPE]EUISONU9JIPSOUUOSIOAsapIS]99JFYXIXIXIXIXx09-CIIUY(N\u00b019studutos\u00c0)a[N][99USDSonusJ9psoUUOSIOdSapUONEJ99JJ,PSOINSOUWSA]21PU91qp-liz'ISopsuepJUSUO9PIdSPSUOISIO9PSo]sIpUIdJoS99SIJENPIAIPUI98189UaoslIdOpSAHIEPOUsopIIUIJ2xlxlxlxlxaadA}MOUIQIUIJUSUID[BAIOfJaydepejo1910qe]4\nMaison d'arr\u00eat de N\u00eemes - 30-2025-09-24-00004 - D\u00e9l\u00e9gation de signature 2025 V2 94\nGIIns99324OV-Vtc\nSOJILUT[AIOSIPSUOTIOULSSapUOIN29X9FBSISINS9]JanboAg!JaJOUUOPIOX|IXIXIXLEZE-PEZ\"YW|PAUOILIP|XIXIXIX\u20ac-VETUSOIBUT[AIOSIPSUOTJOUESSapISOUOUOIXXIXIXIXIX9-\u00ff\u00a3cUSUL[AIOSIPIPUOISSIWIUIODE]SPSINASSOSSES9IQUIOUUSOIJOUSIS9(].OSIBOULIFX|X|X|xX)xICvec\u00c0onsue]e]sedjuopiedounosedjuouuoiduiosounbsonuajapsouuosiodso]Imod-ajaidioquiun1ou81s5qXIXIXIXIXPI-YECASAU9JSInofjasjinu'pusyxsomso]juouronbriunsarteurdiosipsoymsinodsapJasesuyqXIXIXIXPI-PECASOIIVUITAIOSIPSayinsInodsapJasesuqXIXIXIX|IXET-VETOUSNUDI9PSAPA[JAUUOISSAJOIdSIIATJOR,]FNUDADId971eBdIpuadsng||9JIBUIPIOX|X|X|X|X|X6l-vtcaOTIONPIAIPUT9[N[[99UsJUSUQUHUOSUaNOsIleUT[dIOSIPansUSJUSADIdoT)eNUd}Jepun199]qXIX|Xdd)0SCaIN9L9JX9INSssasseUN,pUOTJETIQUU,]IpJIPIJOI9]IOPUEUWOCTXIXIXIXIX8-PET\"eaSINDII9]XOSIN9SSISSESAPJUSTUIS[NOIapNB9[qE]9]1910]\n+\naus\nI-VETAX|X|X|X|IXIX99-CII'YHOJSUPI}UN,PUOISLI90,]BSOABIUSSap&NOSAYJOUOUaplodneanusJopsuUOsIodvy]aJOUINOSOp19pI99(XIXIXIXIXIXesheAUILHUOSapsudAOUIopJJodnesnusj9psuuosIode]oIJOUINOSOpJOpIo9g=JUUOS19XIXIXp-STTABSSUBPSOINUISSIPOARSO]Opnosjafqosapnosooueisqnssop919801JIOAB,pguUOSdNOSsdnusJopun,nbsioy'ursspoutunxdouiaquiapjeiodiosuoreSnsoaurounonbiqndsyelspimamoo\u00efdne1opuewogqX|IXIXIXIXIXee5sonusj9psouuosiedsapd]]INo}EI8Japgo0idopJaploeqX|X|X)X)XLviva91p10,pSUOSTeISapInodsoarodsjosonbisAydsayranoexneJadioniedaponuajopouuosiodouneanpioqu]XIXIXIXIXIp-ceeAanu9)9psuuosiadounejueusjieddeonbneurioquijuouodmbsunusoyXIXIXIXIXeeRSILINDYSOp1991p10,pSUOSrEISapmodxneorpouusaseI[Io1eddejosjari9}eUonuojopouuosiodoun8IOINDY::9191d01dapno9J11n99sX|X|X|X|X|xXSETCEE\u00c0ap'91p10,psuosiessapInodspessodoyjonbsjuowiajaasaysedayodouanu9J9psuuosiedve]aonb1p199XIXIXIXIXIXAEAILINI9SapSUOsIEISapInodjueusyreddeIn|sjusUIAIQAJosjofqoonusjopouuosiodsun81919ypicoa+UOISPADBUNNOUOIssoiseUN'apronsUNX|X|X|X)X/xX99-CIIAsoundjueAnodjojueuoyreddeIn]xnoJosuepsjnno'soouejsqns'sjofqoonuojopsuuosiedounge1a119y\nMaison d'arr\u00eat de N\u00eemes - 30-2025-09-24-00004 - D\u00e9l\u00e9gation de signature 2025 V2 95\nSIInsZ9524LOEIC\u00e0VT-EIT\"A\nxX|XIZ-\u20ac1IZUYUOISI99pek]onbsio]qSICke]8uonisodo\u00efd8]ajeuisuer}Jo'JUSTIOTOSI,pdINsoOUIe]198uo[o1dop19s0d014\nCE-E1C\u00c0X| [XX 6zeiz a Po EE\nTE-ETCaxXx|xLT-EICA9INSOUB]OPJUSWIS[[SANOUIIJOfWOIdne19p9901d19JUSUIDJOST,|8ONUSJOpsUUOSIadaUnJUSUIS]EHIUI19984\nCCEXIXIXIXTT-\u00a3ITA99u981n,pSdUD9NU9)9PSUUOSIOASUNJUSUISIOSI,]BJUDWIOIIOSIAOId1992]q\nJUSUI[OS]\nMaison d'arr\u00eat de N\u00eemes - 30-2025-09-24-00004 - D\u00e9l\u00e9gation de signature 2025 V2 96\nSIIns$o3eg\nSHOT]!NO9JOITJINpord\nXIXIX0C-SII'aun&oouepuodopounjuejuosaidsouuosiodsops[eqo]s981849UaaS1deTap21PE99]SUPJUEUSAJOQUISUIOSOpSossipeioodssammjonyssopjauuosiodunkeoreNUa}UEdJUOWSSSI[QI9,]BS9992,]JOSLIONYAIUPSE]InodUoT}BONp?s,p19UOHUSAIIdX|X|xXol-sita9PSUON9E,P91IPE99]SUPPJURUDAIO}UTsUUOSIadounkeoTIeTJUS}TUNdJUDUTASSTIQeIO,|LS999,]JOSLIOINYXIKXIXxSI-SIIQGUOT}}T]IGeYSUN,p21)UOUJo18JIdSOU[OUUOSIOdun,psITeUD}TUSdJUSUIOSSI[QR]9,]BS9992,]I9STIOMN'INOLIOQUIJUSUI9[S9InenoqqNeSoACISX|X|X|xXLUSITaSjuotonbueuuapseousutojdsduaesedyuedsoxo.uJoreydsoyjouuosiodun,puonejiqeu,]a1puodsns.ICnegssoipejioddelun,paseqe]InsJUOUIDIE|X|X|X)Xsere\u00e0opWejor9]sJosodoidjooneepueuun,pjuouioiSe,]'oouo8inpseoud'JuoUIoOsIAOIda1puodsnsXIXIXIXIXx9-CICYWdSIdI8Josodoidso]joarrejepuetuop9yrjenbusjuow91$epSopueUOpSo]oIIN.SUTXIXIXO7-IPE'aSOABISSJOUSopnod39a0u981n,psedUSUOSLIdopANO}ISIAun,pJUOWI918E.|21puodsnsXIXXIXLI-ITEAUOSLdOpSINOJISTASOPUOTUSAIQQUIPSOJIBIOU39SINO[SOIJOXII2118nu9)ru9dstjqnd291A19SNPS1n3}U10qU1[09Sa]2948SHODU[SM=xlxPE-ZEeA2aounuesussonbneidxudsay10x14QUTJUL9UdSIUJNOJSjalqosapx|xEE-ZEEAjs]ejInssedJuvinsyousjafqo,psnuajgpsuuosiodounseduorismboe,j'jouuondooxsone'JasLIOINysuTURDUdsjeyoeSapBJapgooidaponuajepouuosiodoun8JosnjoyXIXIXIp-ZEEAanbneuuojuljuotuodmbsun1919014asoponuajapauuos1odsun819Sn75YXIXIXp-OLS'HA[ONPIAIpUIInostAg]9}UNnoanbruoydorpezMma1d3991un11m901dasaponusjopauuos1odoune10Snj9YsyeypVygnusajepsuuosiodoun,p2191189X|X|X)X\u00e9l-cteaUOISS9SSOdUdSo9ANOd}JU9BIE,PSOMOSSo]SJIEUIIOUSajduroosapINossIB91nea1NJoUUSUEIapJ9PI99(UOTJU9J9PUSS9sNedS]S1I9}eUSOBBUILIOPX|X|X)X8I-ceeQepuoneiedoruasonuojopsouuosiodsopJueuruoUajduroonpajqruodsipjsedeanssnuajoroun1919dO;JHeuruouajdu109X|X|X]XLUCEEGdIng]ops[qruodsiprede]simdopImoroxe,j@JuowosIoAunJ019d0esoutuepuossuuosiodaunJasLIOINY|uOTBIOQI]9pajnood9]JUNIT}sUODSAWUOSSopo1VIednoX|X|X|XAAAmoyopJesodsip8noJo9snosoutedopjuotaSeugueun,pJUeIDIJQUEqSQUWEPUOIsUUOSIAdunJoSIIOINY|IU9J9PB29SLI0MNE759\"ITJIOS9puOISSIULOdsun,pnoanbiuonsa[ssoueproAmMssnosjuowo9e|dun,pxvtrq'INS9}X9JUS]Un,pJULIOTJQUEQno9YOQI[-IUIEsue990ejdonusJopouuosodunnbouwosefIOXIJJ9TN9118\nX|X|X|xXectedJgigjuIunJedagtyysnfssuadopsun,ponAUdsopisqnssopII0A9991B9SUWEPUOSsUUOSIedaUnJOsTIOINY\nMaison d'arr\u00eat de N\u00eemes - 30-2025-09-24-00004 - D\u00e9l\u00e9gation de signature 2025 V2 97\nSTIns6a8egsayAnod)\njoguUIepUuodX|X|Xviseaonusjepouuosiod.sun,pstuoyd99}apsyiisodsipxnes9o00R,]JoINo1'oxpuodsns'rosnjol\"Iosiojnyx|xST\"991podxonbondaque}'911199souepuodsa1109P|HIU9J9XIXaor|O[8IJIUETOIAOpAJIUNUdNO[UI[IUE]HIOpIEdUaAJISIA9UN19401190,P19PI99(CI-IPCUWsoUUepUuodSa]Inod4YEI19snuaAdaidsayInod91np9901dev]opISISSOPnpIsiesX|X|XLI-SEZAJNSISEU9]JOUHOJUIJoUOTeIedgsopJHISOdSIp9948JOIEunsUepNaI]JUOINESOUSIAsoyonbJoploag'oTlepeulopgoyJIO[IEdun&}101pIng]asind9JUOsayfa'alleUl{dtosIp9[N[89UasagoR|dXIXIXC-1pe'Isno'sogyogdulaJUSUIDT[ATIQJeULJUOSsonuUd}EpsouUOsIadso]Isno'siteda]dJATJOpemb9}110}Ne,]BJ019J91USBJUSST[GOSO[[OUUOrdO9X2SSOULJSUOOIOSOPISAJISIAOpsIuIeduNkBHOIPOUReBII09S1NSoe9048un,nbornesoysnlaporel[Ixneunno[aH9SIUIUUNo91jqndAaTOTJJOUN4SoIND}ISTAX|X|xXSlea9]onbsio]sudwosA'aguurepuossuuosiodouneS}ISIAopsruuodunJo11j91'oIpuadsns'Iasnjol'ISIAI9GxlxlxbI-CLEYVI-ETEASIDE]op|BQUIE,]RspuUOTUSUIxedonbseosonneso]SUepJeooARUNkeJonbiunuuosapsIuuodunJeTAISQsuodyja}'oouvpuods21109'sazISTAIEXIX|\u00e7-zsc'aS9U991dNoSO9IJJOsop19149[99BSMOLI9)X99JJN9NPSaNSTUTUIS9]JasOINYxDCEOTONLIIdSSIAPJBRSAIIESSAQUX|XGTSESAIAI[Sa39oSnolSi[oronbrjeidapsyolqoso]194A19SU0939HI0A9991Bonu9J9pauuosiodaun19S1107nxlxlxlxlxA.OIBUITAIOSIPscst\u00e09[N[99spSOQUUOTJOURSSONU9]9PsouUOsSiodSapIOIUQUINE,]SSASUSTJANUOSO]JUR}OULIOd[ROO]UNIouBIS9(XIXXXL-TSEAXNOISI[OISO91JJOSopONU9]SpXNOI]19SAIIBIOU\"SINO[so]JOUTWLIN}9q2[PNIIdSsou8)SISSE|APUONUSIUe510)XIXIX\u00ff-b1tdaSnudi9pSo]InodSHJATJOESapJOTUIUE8SINOLIOIXOQUUOSIOASUNJOSLIO)]NYXIXIXIXIXIX.poco'auonesleyidsoy.pseouasipuaidesatinSuorIsodsIpsapaJuESapJUSUISSSI[qR]9,]SPINd}OaIIP9]IOULOJU]\nMaison d'arr\u00eat de N\u00eemes - 30-2025-09-24-00004 - D\u00e9l\u00e9gation de signature 2025 V2 98\nSJInsOIo8egJUSUU9SSI[{8]9,]SP9}LINIISBT&19SIPIOUOne91]JOUunmodJnes'uedapopoeNU}IUSdJUSUIASSI[qQuI9,]xX|XANALAN9PJOYNPJUAWOSSEIO9PUOISI99PEI&JUOUIQULIOJUOI99I9JSULIJSNU9JIPSUUOSIadaun[IBABIJNEI9SSE[O)XX|XS-ZlpRB]OpSIABSaideonusJopsuuosiodaun,p[IeARI]NeJUDUIOSse[DOPsNjolnpnojUaUIASseIDNpI9PI99(]uoynjoaff{o/IU2W2SSD)Xx|Xb-Tlb19}du109o1doiding]modJaT[IVAeyeBsonuojopsauuosiodsa]19$1107n|S118DU9JIU9dVARs,DE'810199199p09npCxAEISA19STUFIASOONXIX\u20ac-19\u20acUYSA]Jo91IBHU9JIU9d9pO9a]Jedsatuljop'sonuajgpsouuosiodsapsouepuodsoriosiedaJ0AneJ9sa[e10}99]9S9JSITSo]InsUOTdIIOSUL]8SaANEJOISUOTINGIVexneJURYOddeIOsS]UDUINDOP19SUOISI99PS9JN0]IOUBISXIXx9-[1+UJUSUI9SS1[q8)9,]SPINOHIQIUIJUSUI9[8Q19]SUEPSANUSI9PSOUUOSIOdSapSUOHEJINSUODSapSOJIIEPOUSd]I9XI]|JUSUIOSSI1Q])9,|P9SIUE810UAUUIEX9UNPpS9[2IONOS9JL199SoAn91d9xne1ojuosa1dasoponu9jopauuosiodounke19SnJ9Y|JUSUIQUBIOSUS|SP21PE99[SUP9[EUOTJEUX|XCET\u00c0uoyeonp9,|Jedsosiue810xn29anbsonesouepuodsariosJedsino9sap11049991opUOTIRSLIOINe,|ISuuo|AfjOUUOISSaJ01dUOTEULO]E]Op21PE99]suep9JEUOrJEUX|Xvtyauoreonps,]iedsostue810xnaoanbsonnesouepuodsorosJedsinodsop110499919pUOTJeSLIOINe|Juuo9}0A'SUOLEJINSUO9JUIWIIUSIISUO'S9JIAT)2VXIXS-1ZZ'Qsanbuoosjanbsjafgonossouepuodsan1os'jus81epSOUIUIOSapSILOSe]NO29nu9,]JosLIOINYalBnuoyIu9dx|XEVCEEajuoutassi[qe}9,.[839dapsednojeysodsijoosedsjafqosap11019991eonuojopouuosiodsun1os107nyX|XCTCEEaun,pIOAU9,T9PNOUOIJd99918]OpPSHIOMNEUOU9219198189J]ONUD}OpoUUOSIOdPIBNOANdIIpPadxa,|BJOON||onusjepsuuos.ad|X|XCOLEounPpJ1jo1dnesopponstao\u00efpneJesayi99suoteorgndapanernuoyuodjuouosstqe)9,]810d9p9]1SL10MmYsjafqo.p91.10S3929.Qu4\nMaison d'arr\u00eat de N\u00eemes - 30-2025-09-24-00004 - D\u00e9l\u00e9gation de signature 2025 V2 99\nSIIns[I9324|(uornonpordxXsyclyauUdSOJAIJ9E)OIPTUAJUIAUOTeIISTUIUIpe|sed}sdO,UdIPJO,pINaUUOp9janbsiJo]anbrwmouossjoumodtreelyaonequojlusd1o[dus,psiexuos(Iapsnjdopuoner|is91opa1np9901dek]op9}1LIe[NdaI2]INSSIARUN9IpUSYIv-ZlbA91qee91dUdT}O1JUNUNBUOTJBOOAUODSoideSdIAIJOSnpSUIOS9qXNEJUeUD}NOonbiuIOUOD9JourX6\u20ac-ZIPAunJnod'oppouuoissoroidsouestjpnsutnoopnrideurinod([eiouas991A19S)axenuayuoduorensIunupe.[SC-ZIb'AJS91IpIO/pInouuopa]onbsio|onusjopouuosiodeispaxenuayuodlojduis,pyeyUoda]JOITISOYLE-Z1+\"Ya[quituepi099eun,pSINJEUSISxXe]Jedanusj9pouuosiodev]9948podeunoun,p'([PIU98991AI0S)ouerjuoyruodUOTeNSIUIUIpe,|ICIJS91IPIO,pInouuop9]onbsio|onusjopouuosiodejapoxenuayuod1ojduio,pj2ju099,JOITISOY(uoronpoidUa9y1AN9e)a1rerjuoyruodXpE-CItUUOTRIISIUTTUPE,]sed3S9,U21p10,pmouuop9]anbsio]AJIANOR,]OponeioduaysssteqInodsorrenuayuod1ojduo,pSjemuossinotsnjdnoun,puoisuodsnseyins'smof\u00a2opIPJ9punsuep'sIAvun91puoyxSI-Zlp'71S9SIPIO.pInauuop9]onbsio]onusj9pouuosiodoun,pomenuajusdtojduia,pjemjuos9]e1puodsnsXPT-TItUJUSWID[[9ANOUALUOSop9NA.U9aIIeTUO}TUSd10[dWS,P}81JU09neJUEUSAEUNJOUSIS5aorenuayuedUOTENSIUTUPE,]sed1S9,uJaluiap99onbsio]91p10,pINSUUOPAJ39Helv1anu99psuuosiadeB]ausnjouosareruayusd1ojdtus,pj2nu09nes9xouue9J11IedI1UOHUSAUOOEIIOUBISx11-Z1b-91IBHU9JIU9dUOTJENSTUIUPE,[LSa91pIO,pInsuUOpa]onbsio]'onuajopauuosiode]04eomernuoyuod1ojduo,pjerjuosunJou8is241DHU91U9d1ojdua,pJvAJUODxLI-Zlp'UieOPPHANOE,]9PUOHESS99OpSdUd[IeAR]OpaJSoduosInsanusJ9psuUOSIadeIOpUONEJ99JFE,|EULESIJOIN]xvi-cly\"a(uoronpordusnbjerous8SdIAJOSneJUe})uorsuodsnsopsnyoiun,p'JU8999Seda]'IOPI99pJ98-7It'1[leAe.yap9JsoduosInsuoreJoazeuosarpuodsnsjueJIeynosonu9J9pauuosIod8]opSPUEUIOPEI]NSJoNIe}SxSI-CIbU(uornonpoidQ-ZItTTuanb[ei9ugsSdIAIOsnejue])[IBABIapajsoduosinsanu9)9pauuosiodtjspuoneJ99Jje]21puodsnsxXeG[ARTop9jsodunInssnuajepsuuOsiodsun,pUOTE}OAIJe.pSNJAInpJopioaq\nMaison d'arr\u00eat de N\u00eemes - 30-2025-09-24-00004 - D\u00e9l\u00e9gation de signature 2025 V2 100\nSIInsZj9524uoyDjUvIdUl,pIDAJUOT)\n\u20acL-TI\u00ffd\nTAINSUOSOp99189Ud9JBIoIpnIAIIOMME,]19Juooyedopspjojoid9]JOULIOJUIUd\"SPIPAUIUISploqesaskBJdSIIBU9JIU9dJUOWIASSI1Q]9]B9J99JJESUILUOp9]INSgnjIS[ILABIJOpd}sodunIns29)99JJeOQBSQUUWIEPUO9sUUOSJodsunJOSLIOINY\ntL-ClvA\nJOISSOP.np991809UdJENSISEUnpuoresriomnesoide'SJeIpouuIspioqesasBjoAICHUOJIUNdJUSUOSSIIQEIS]B9190]JeSUIEUIOP9]INSQMIS[leave]opojsodunAns9919977soanuoA91Idsuuosxodounnbs1o]juswioyedopop12791d9]JOWIOJUT\ncL-clvQ\nJUSWISUUOTIDUOJSp1219UOUdSUOT}E][eISUISopAJAUIOSUO,]IIUSJUIEIN<:[BABI]NP9POdNP[-[7Zp\"JSIOIUE,]BJUSWIQULIOJUO9sonus}opsouUOsiodSop91998EI9SSHUEIESUONeSI[NNno]onb998sIOTURUTOp[IPALI]OpXNOILSO]JoseuoUIy~\u00ab:UOTJEJUETAUL,pJVIQUOD9]SURPSonA9IdsuOTIPUOCDSo]UOTas'soydepeSIOI[IQOUIJoSISIJIQOUIUUTsusAOUsapjoUONESIURSIOOUN998IdUDSION<Np9podNPZ-ILIY'ITaude8Soouousuonuoagidapxnelou93sodiouridsa]dIANUdSNJ<:[BABI)\nnp9podnpJ[-I2It'Aaos]apuoneormddeussfouuorssajoidsonbsuisapuoren\u00e7eAsponbrunjUSUINSOpUN1910q8[9JoSonuajgpsouUOsiadsap911M99SeIJoQURSe]InodsonbsIisayJONIEAH\u00ab<:SOJULISIXDSUOTIENIISSopUOIJEIOTJOUE]B21PUS}J9SSOULJSUOIITOSopJUsMIASULYONpa}duI09us,Inodsainsousodopuor)edepe,]8IOTIOA<:[[BABI]NP9pOdNp[-[Zp\"JSION]&JWOUIQUTIOJUODsonuUD}9psouUOsJadsapareuouujoonbisAydqquese]Jo89}01d399yLINDgsve]JoinsseInodsallessoo9USOINSOUISd]SIPUSIg\u00ab:SoNUD}9pSouuOsiedsop[IBARI]ne9}1IND9SapjoJJUESOpSJOTIBUIU9SUOTIESI[GO\nIL-clvG\nUOTJESIESI9pJoupusyesun,pSoou$Sedwoose'sostidjuoiosmbsasonbisurejeannpuonosodsur,|spyodderneansje}quombsamsowso]juesiog1dspanowesuodoiaun'freaksnpuOroadSUI]op9OLAJOSNe19SS21PY\nIL-lp'Q\nsonus}9pSauuosiodsoyJedsonjoajjoXneABTxne9JLM99SepjosUgISAY_.Psofasopuoneordde,]modjreAennpuonoadsur,|opSOOIAISSSAPUOTUSAIOIUT,|JOMLOTJOS\nLc-ClvAuononpoiduaSaJIANOEso]nod'[8190$911IN99SopsoUIsTURBIOXNEUOHEIE99PE]Sp9SIPIO,PMOUUOP9]JedSIWUSUEI)sjUsWI9[9Sop2S8qE]INSSUONEIQUNWPISeponUa}9pQUUOSIOdEIEJUSWOSISANEJ9P90014\nLT-TIrauoronpoidtaSSIANOESO]Inod[BABIJOpXNOISOIINS9JLIN99SB]19SOU\u00c9IJOAINSeB]onbISuIe[IBA8TneonusjgpsuuosiodejapsouasgidejJomssemodsjuoweAnoutsa]J9SIU831O\nLTOCTITA\nuononpoiduaS9}IAT]OBSo]Inod91PI0,pInouuopa]JeduoNIsodsipeSIs[tNoyosuowiodinbssopuonestnn,]JasuOINY\nL-7lv\n|(uorjonporduanb[e1aues2914198neJUEJ)[IAP]apAMANOB,Toponbruyo9}yUaUIaIpedud,|JaINSse.pS9dIeYOsomns119}x9souUuosiadso]19918\nMaison d'arr\u00eat de N\u00eemes - 30-2025-09-24-00004 - D\u00e9l\u00e9gation de signature 2025 V2 101\nSIIns\u00a2]9884didSG9]JedSo9XIJJUOIasSUWIPPUO9Np9[8190$Sddno9J[OuUOISSaJOIdUOTJasUID1eTOpuoneledaid8]opNAUd29pI0998Sgaun,pUOTNIXEPpso}][epoulvidSopJ\u00b0o]epPJOpUONexYejonbsoueuuopiouossuepnNAdideqvf9]ONbsI0[d[dSC]NestakeuoSJoUU0Gdd)INd1I9}X9JUSUIOOEIdOpJINSOUISUN,PJUBIOIJU9qSONUSJ9PsouUOSIOd\u00a28INSTIDJUIeel'ano[889JN99JJOUNJUEUISOUO9NOSIOU\u00a3BSMOLISFUINO2889d9INpaunInodUOISSTULHOdsunJ9PI099YJUSPIOUI9JJNENO]No\nDenn.9JINpuosdugopUOrE8I[QO,|8Juowonburetap'solleUTTAIOSIpS2[891SopUONPAIISQOUIPSE9UdSgUN.PX|XveyqnoqdUn.P'SqSUN.PJUPIOIJQU9qSQUUBPUO9sUUOSIOdsun,psou981n,pSedUD9JPIPOUIUUIUOTILISOIUIOLP]J9PI99PNOINS1I9}X9,]BJURANOI]9SSQUUTEPUOSOp99UdTIN,pSLOUD9JPIPOUIUIUOTJEISQIUIOIEIBI9P99014x|xPC-v7r'QSIILJLSII9PUOSNOJUSUIOSST[Ge}9,.PJOYS9]Jed99401390JUOUIIPI991dIIOSopUOISsTULINdoun19119JEIISIDCUL999PdITeIUODcoveyA+|yoistog'-dddERISTO9PInes'qqDNPS-ZIZLSOIRopuoneorpddeuaqyf9]Jed99p10998939eBINJOSopuolssiuadsVcV1algituisidsun,nbsio]snafeusouuwepuossuuosiodsun,pdI}JOSOpuolssIuuodapsapueUlapSa]InsJongIZ\"ARAN|eFYITAIUdSJUUIBPUO9aUUOsJodaUn,p9JIMPUOSSSTRANeUIOpSE9UaJMDopHEIOIopsuyxnegvf2HISIESc-Z\u20ac9'q90HU09OpaINsoWYI9pd1qrjInb9,|esedJueYoONo}ouuouexomat+Ud9SIUI9UUOSIodBTBSA[QUIOAC]SUONBOIJIPOUopJi88,S[I,Nbs1o]39[\u00a2npa[qe{eoidploooR|9948\"ASUVFeesnossagovjdsouuosiodsapuoneusIsse,pXN9I[SO]SUPNO2JIOIUIOPNedoUasoIdOpSAIUIOUSAJOIJIPOJA]Sa[pDuoquos-Js0djasapprouojues-91dsansaIdST-PIC'A2IMJPUSISJUNJasT[e39]19Sa991dapso\u00efdoosapaULIOJUO919171197)JHeYSTUUIpyuonejuelduilp\nXTS-CItAJ21jU09npUOIN99X9,]9pUOIsuSdSNSsun,p21N9UI9PUdSSTUPJITUOSSE'ooU98IN,pSedUd'JoUOYEULIduIIpJenu09nesonagidsuonesI[qosapjadsal-uounpUONRIRISUODSOPJUEJOEIJUO909AJSINEWApUSSION]xXad\u00cauoronpoiduaayAN9E,]9p2981849aimonssunnoosridenusaunnjouoouonejque]dui,peNOS9]JSINISPYxSL-TIP'AuoronpoidUdAJIAN9E,]op298180921NJONISounnoestidorjuoun9048uorejue[dur,pyeNUODunJoUBIS\nMaison d'arr\u00eat de N\u00eemes - 30-2025-09-24-00004 - D\u00e9l\u00e9gation de signature 2025 V2 102\nSIInsplasegSUOISSIWSIN9]9PsIped9]SULPSTSANADk&Jopgooenod9JIBJIUBS9JIUN,]opsjouuosiadSo]19sogatidsostidonussopsjouuosiodsal'oon89]9pUOT}sose]apoIpeooa]suepjUeSsIsesoALdS-OvZ'Asjuswiadnoissapsjouuosiodsa]'s[puoneuuoneonps,]opsyuasesoy{ffdEIOpSJU988so]'4IdSnpsjuaseSO]:SOUBITIOAMMSapS[AUUOSIOdSo]'JUSUWISIPEOUS,]Op28189Ud'sJIJeUIWIOUsajdtuossap91891e]Op281e49Ua'oonp98189ussatenuayuodsjouuosiodsoyjuowiofe199dSJo}]IQeY19JUSWIAIIONPIAIPUIIoUBIS9\nSISHNAD\n|\"somnjoniysLSITaSadapsajqesuodsoiSur99poutsapstavesaideANS19dINS/Ues0uUR]IIOAINsOpsjouUOsiadsop19199J1Y9-177'ASJU938SOPIOIAIASNPUONPSIULIO,PSOI[EPOSOIOUIUL9J9(]SAUIBUINYS33.N0SS9YsonuajapsauuosiodBCE\u00e0Sop9pUEWIOPEJBSUIWIOS970}opSJIBUNUOUsa}dWIOdsapInossiS919]JedJUOUIOAQ[9Id9[JOsLIOINYE:JUSUISSS1[q8)9,[9p[auuosJod9]tuLIedsole}epueTSone,pIoUBIS9pJCTEE\u00c0ejo'sjueorddnssonejepueursmaisnjdnounJawuiouesjreurwuousajdutoosapmossi$9i9]JosUOINYySJHVUTIUIOUssjdui0ssap51899919QIfSUUOSI9PTOP99I8199PISSOIPE,[b-ZIS\"TonbISUTEUOHEIQI]Op'N0199,pSoyepSaJ91SIBOIU9199-\u00a2\u00a2-90LS[OIHE,]BSSUUOUOUIUOIJEULIOFUI,[op8-Z1ZJjolqo,|11878oNUD}9psuuosiodejSNbASIJLIDAopUe(STV[]-)SOUITOIAnosaTjanxassuotRyULpsimoneSop9stjewojne[EUOTEUsseloIpnlJomoneJapgooemodsajjoissopsjuasesopjuoutoyeroedsJoqIIGQeyYy|99191]SUUOSIOdvB]Jed318109pO[LOIWIOPNpassoipe|C-ZIS\"TJonbIsureuoNelaq!]apNO199,pSEPSA]Jonsise1ua19dd8-ST-9OLSOUL,BSQUUOHUOUUOTEULIOJUI,[L-TIC7opjolqo.[We}eBonusjopsuUosiodejonblIexju9Aopuye(LIVIIA)SAISHONO)suonoeyUI,psinoineSop9sjeulojneJEUOTJEUO1BIOIpN\u00ceJOTyoIyneI9BOUOJUIJ9J9p9098Imodajjal$npsjuaseSa]IONIQUES9JJ918sapUOIJS9r)mila_\"SIOSTAOIUONUOISPesJUepuadguUTEpUODNpd}InpUODasieAneulapsedUD\"oUIOdopUOTIONpalI@-v1Z'dopHP919npso1y9u9qnpatednono}opjeNoIopsulyxneQVNPAUISIESjoomostAoidUOHU9J9puso1qnSUOTJEUUEPUOSE]apaij1edE]Inss1qI]gFUUIepUOdNp4SYSepUsUIexa,|InodgyfneSIABunJouuo(\nMaison d'arr\u00eat de N\u00eemes - 30-2025-09-24-00004 - D\u00e9l\u00e9gation de signature 2025 V2 103\nSIInsSI9524LVID-AVDSUHOURO|SOLIJOOIIpBT]SZ0ze1quiaydesz9]'SoUIN\n\"SOWIN\nOpJ918,pUOSTEUPJOpUlosneQUOIJEJePIEDnpyuowoyedgpnpSHEISIUUpEsojovsop[Ionoalne9I[qQhd1599jaurejuosoid9\u00b0]'TESD\nMaison d'arr\u00eat de N\u00eemes - 30-2025-09-24-00004 - D\u00e9l\u00e9gation de signature 2025 V2 104\nPrefecture du Gard\n30-2025-09-23-00001\nAP 2025-09-23-001 portant modification de\nl'arr\u00eat\u00e9 2024-11-12-01 du 12 novembre 2024\nportant constitution et fonctionnement de la\nSous-commission d\u00e9partementale pour\naccessibilit\u00e9 des personnes handicap\u00e9es\nPrefecture du Gard - 30-2025-09-23-00001 - AP 2025-09-23-001 portant modification de l'arr\u00eat\u00e9 2024-11-12-01 du 12 novembre 2024\nportant constitution et fonctionnement de la Sous-commission d\u00e9partementale pour accessibilit\u00e9 des personnes handicap\u00e9es 105\nPREFET kine offDU GARD Direction d\u00e9partementaleLibert\u00e9 des territoires et de la mergalit\u00e9 . \u00b0 \u00b0Fraternit\u00e9 Service habitat et construction\nARRETEN\u00ae 'ol\u00c0 - 03 23 CAportant modification de l'arr\u00eat\u00e9 n\u00b02024-11-12-01 du 12 novembre 2024portant constitution et fonctionnement de la sous-commission d\u00e9partementalepour l'accessibilit\u00e9 des personnes handicap\u00e9es.\nLe pr\u00e9fet du GardChevalier de la L\u00e9gion d'honneur,Officier de l'ordre national du M\u00e9rite\nVU Le code g\u00e9n\u00e9ral des collectivit\u00e9s territoriales.VU Le code de la construction et de l'habitation.VU Le code des relations entre le public et l'administration.VU La loi n\u00b0 2005-102 du 11 f\u00e9vrier 2005 pour l'\u00e9galit\u00e9 des droits et des chances, la participation et lacitoyennet\u00e9 des personnes handicap\u00e9es.VU Le d\u00e9cret n\u00b0 95-260 du 08 mars 1995 modifi\u00e9 relatif \u00e0 la commission consultative d\u00e9partementale des\u00e9curit\u00e9 et d'accessibilit\u00e9VU L'arr\u00eat\u00e9 pr\u00e9fectoral n\u00b0 2024-05-29 du 29 mai 2024 portant constitution et fonctionnement de lacommission consultative d\u00e9partementale de s\u00e9curit\u00e9 et d'accessibilit\u00e9.VU L'arr\u00eat\u00e9 pr\u00e9fectoral n\u00b02024-11-12-01 du 12 novembre 2024 relatif \u00e0 la sous-commission d\u00e9partementalepour l'accessibilit\u00e9 des personnes handicap\u00e9es.\nCONSID\u00c9RANT que la liste des repr\u00e9sentants des propri\u00e9taires et exploitants d'\u00e9tablissements recevantdu public doit \u00eatre actualis\u00e9e.\nSUR PROPOSITION de Monsieur le directeur de la direction d\u00e9partementale des territoires et de la mer,.\narty ; :\n89, rue Weber\u2014 30907 NIMES CEDEX 2:T\u00e9l : 04 66 62 62 00 - Fax : 04 66 23 28 79 - www.gard.gouv.fr\nPrefecture du Gard - 30-2025-09-23-00001 - AP 2025-09-23-001 portant modification de l'arr\u00eat\u00e9 2024-11-12-01 du 12 novembre 2024\nportant constitution et fonctionnement de la Sous-commission d\u00e9partementale pour accessibilit\u00e9 des personnes handicap\u00e9es 106\nARRETE\nARTICLE 1:La composition de la sous-commission d\u00e9partementale pour l'accessibilit\u00e9 des personnes handicap\u00e9esest modifi\u00e9e comme suit :Sont membres titulaires avec voix d\u00e9lib\u00e9rative, en fonction des affaires trait\u00e9es ( 3 \u00e0 4 membres) :Pour les dossiers d'\u00e9tablissements recevantdu public et d'installations ouvertes au public, au titre despropri\u00e9taires et exploitants d'\u00e9tablissements recevant du public: .* Le repr\u00e9sentant de la chambre de commerce et d'industrie du Gard, 12 rue de la R\u00e9publique 30032N\u00eemes Cedex.titulaire : Madame Aurore DUBART,suppl\u00e9ant : Monsieur Guilhem LEOTHAUD,| Madame Nathalie PAPIN,Monsieur Gr\u00e9gory Moncassin.* Le repr\u00e9sentant de l'Union des M\u00e9tiers et des Industries et de l'H\u00f4tellerie (U.M.I.H.), 870 avenue duDocteur Fleming, ZI de Saint-C\u00e9zaire 30900 N\u00eemes.titulaire : Monsieur Eric BOUGET,suppl\u00e9ants: Madame Sophie HAMPARTZOUMIAN,Monsieur Paul SERMENT,Monsieur Fr\u00e9d\u00e9ric SANCHEZ.ARTICLE 2 :Chacun des membres peut se faire repr\u00e9senter par un suppl\u00e9ant appartenant \u00e0 la m\u00eame cat\u00e9gorie derepr\u00e9sentant.ARTICLE 3:Le pr\u00e9sent arr\u00eat\u00e9 pr\u00e9fectoral entrera en vigueur \u00e0 compter de sa publication au recueil des actesadministratifs de la pr\u00e9fecture.ARTICLE 4:Cet arr\u00eat\u00e9 peut faire l'objet d'un recours administratif aupr\u00e8s du Pr\u00e9fet du Gard (pr\u00e9fecture du Gard30045 Nimes Cedex 9), d'un recours hi\u00e9rarchique adress\u00e9 \u00e0 Monsieur le ministre de l'Int\u00e9rieur - placeBeauvau 75800 Paris ou d'un recours contentieux devant le tribunal administratif de Nimes, dans un d\u00e9laide deux mois suivant la publication du pr\u00e9sent arr\u00eat\u00e9. Le tribunal administratif peut aussi \u00eatre saisi parl'application informatique \u00ab Telerecours Citoyens \u00bb accessible par le site internet www-telerecours.fr.ARTICLE 5:La sous-pr\u00e9f\u00e8te, directrice de cabinet du Pr\u00e9fet, le maire de N\u00eemes et les chefs de services concern\u00e9s sontcharg\u00e9s, chacun en ce qui le concerne, de l'ex\u00e9cution du pr\u00e9sent arr\u00eat\u00e9 qui sera publi\u00e9 au recueil desactes administratifs de la pr\u00e9fecture du Gard. N\u00eemes, le 23 SEP. 2025\n89, rue Weber - 30907 NIMES CEDEX 2 Marie-Charlotte EUVRARGT\u00e9l : 04 66 62 62 00 - Fax : 04 66 23 28 79 - www.gard.gouv.fr\nPrefecture du Gard - 30-2025-09-23-00001 - AP 2025-09-23-001 portant modification de l'arr\u00eat\u00e9 2024-11-12-01 du 12 novembre 2024\nportant constitution et fonctionnement de la Sous-commission d\u00e9partementale pour accessibilit\u00e9 des personnes handicap\u00e9es 107\nPrefecture du Gard\n30-2025-09-23-00002\nAP 2025-09-23-002 portant modification de\nl'arr\u00eat\u00e9 2021-03-0015 du 1er mars 2021 portant\ncomposition et fonctionnement de la\ncommission communale de N\u00eemes pour\nl'accessibilit\u00e9 aux personnes handicap\u00e9es des\nERP\nPrefecture du Gard - 30-2025-09-23-00002 - AP 2025-09-23-002 portant modification de l'arr\u00eat\u00e9 2021-03-0015 du 1er mars 2021\nportant composition et fonctionnement de la commission communale de N\u00eemes pour l'accessibilit\u00e9 aux personnes handicap\u00e9es des\nERP\n108\nPREFET | rection d\u00e9 |DU GARD Direction departementaleLibert\u00e9 des territoires et de la mergalit\u00e9 . e eFraternit\u00e9 | Service habitat construction\narr\u00e9t\u00c9ne \u00a3olS. 03. 23-907 |portant modification de l'arr\u00eat\u00e9 n\u00b02021-03-0015 du 01 mars 2021portant composition et fonctionnement de la commission communale de Nimespour l'accessibilit\u00e9 aux personnes handicap\u00e9es des \u00e9tablissements recevant du public.Le pr\u00e9fet du GardChevalier de la L\u00e9gion d'honneurOfficier de l'Ordre National du M\u00e9rite\nVU le code g\u00e9n\u00e9ral des collectivit\u00e9s territoriales.VU le code des communes.VU le code de la construction et de l'habitation.VU la loi n\u00b0 2005-102 du 11 f\u00e9vrier 2005 pour l'\u00e9galit\u00e9 des droits et des chances, la participation et lacitoyennet\u00e9 des personnes handicap\u00e9es.VU le d\u00e9cret n\u00b0 95-260 du 08 mars 1995 modifi\u00e9 relatif \u00e0 la commission consultative d\u00e9partementale des\u00e9curit\u00e9 et d'accessibilit\u00e9.Vu le code des Relations du Public avec l'Administration.VU l'arr\u00eat\u00e9 pr\u00e9fectoral n\u00b02021-03-0015 du 01 mars 2021 portant composition et fonctionnement de lacommission communale de Nimes pour l'accessibilit\u00e9 aux personnes handicap\u00e9es.VU l'arr\u00eat\u00e9 pr\u00e9fectoral n\u00b02024-05-29 du 29 mai 2024 portant fonctionnement et composition de lacommission consultative d\u00e9partementale de s\u00e9curit\u00e9 et d'accessibilit\u00e9.CONSID\u00c9RANT que la liste des repr\u00e9sentants de l'association FAF30 doit \u00eatre actualis\u00e9e.SUR PROPOSITION de Monsieur le directeur de la direction d\u00e9partementale des territoires et de la mer,\n89, rue Weber - 30907 NIMES CEDEX 2T\u00e9l : 04 66 62 62 00 - Fax : 04 66 23 28 79 - www.gard.gouv.fr\nPrefecture du Gard - 30-2025-09-23-00002 - AP 2025-09-23-002 portant modification de l'arr\u00eat\u00e9 2021-03-0015 du 1er mars 2021\nportant composition et fonctionnement de la commission communale de N\u00eemes pour l'accessibilit\u00e9 aux personnes handicap\u00e9es des\nERP\n109\nARRETE\nARTICLE 1:La composition de la commission communale de Nimes est modifi\u00e9e comme suit :\n- un repr\u00e9sentant des associations de personnes handicap\u00e9es :titulaire : Monsieur Michel Brouat (association APF France Handicap)suppl\u00e9ants : Monsieur Philippe RIGAL (association FAF30).Madame Violaine HARANI (association FAF30)\nARTICLE 2:Le pr\u00e9sent arr\u00eat\u00e9 pr\u00e9fectoral entrera en vigueur \u00e0 compter de sa publication au recueil des actesadministratifs de la pr\u00e9fecture.\nARTICLE 3:Cet arr\u00eat\u00e9 peut faire l'objet d'un recours administratif aupr\u00e8s du Pr\u00e9fet du Gard (pr\u00e9fecture du Gard30045 Nimes Cedex 9), d'un recours hi\u00e9rarchique adress\u00e9 \u00e0 Monsieur le ministre de l'Int\u00e9rieur \u2014 placeBeauvau 75800 Paris ou d'un recours contentieux devant le tribunal administratif de N\u00eemes, dans un d\u00e9laide deux mois suivant la publication du pr\u00e9sent arr\u00eat\u00e9. Le tribunal administratif peut aussi \u00eatre saisi parl'application informatique \u00ab Telerecours Citoyens \u00bb accessible par le site internet www.telerecours.fr.\nARTICLE 4:La sous-pr\u00e9f\u00e9te, directrice de cabinet du Pr\u00e9fet, le maire de Nimes et les chefs de services concern\u00e9s sontcharg\u00e9s, chacun en ce qui le concerne, de l'ex\u00e9cution du pr\u00e9sent arr\u00eat\u00e9 qui sera publi\u00e9 au recueil desactes administratifs de la pr\u00e9fecture du Gard.\nN\u00eemes, le 2 3 SEP, 2025\nLeqguid\u00e9tterer,la SOUS-pr\u00e9f\u00e9teec CabinetDir\nEUVRARD\n89, rue Weber \u2014 30907 NIMES CEDEX 2T\u00e9l : 04 66 62 62 00 - Fax : 04 66 23 28 79 - www.gard.gouv.fr\nPrefecture du Gard - 30-2025-09-23-00002 - AP 2025-09-23-002 portant modification de l'arr\u00eat\u00e9 2021-03-0015 du 1er mars 2021\nportant composition et fonctionnement de la commission communale de N\u00eemes pour l'accessibilit\u00e9 aux personnes handicap\u00e9es des\nERP\n110\nPrefecture du Gard\n30-2025-09-23-00003\nAP 2025-09-23-003 portant modification de\nl'arr\u00eat\u00e9 2021-03-0014 du 1er mars 2021 portant\ncomposition et fonctionnement de la\ncommission communale d'Al\u00e8s pour\nl'accessibilit\u00e9 aux personnes handicap\u00e9es des\nERP\nPrefecture du Gard - 30-2025-09-23-00003 - AP 2025-09-23-003 portant modification de l'arr\u00eat\u00e9 2021-03-0014 du 1er mars 2021\nportant composition et fonctionnement de la commission communale d'Al\u00e8s pour l'accessibilit\u00e9 aux personnes handicap\u00e9es des ERP 111\nPREFET | | | action d\u00e9DU GARD | | | Direction d\u00e9partementalees | des territoires et de la merAiite ' 4Poornisl Service habitat construction\nARRETEN? Co UG. 084 23. DSportant modification de l'arr\u00eat\u00e9 n\u00b02021-03-0014 du 01 mars 2021portant composition et fonctionnement de la commission communale d'Al\u00e9spour l'accessibilit\u00e9 aux personnes handicap\u00e9es des \u00e9tablissements recevant du public.Le pr\u00e9fet du GardChevalier de la L\u00e9gion d'honneurOfficier de l'Ordre National du M\u00e9rite\nVU le code g\u00e9n\u00e9ral des collectivit\u00e9s territoriales.VU le code des communes.VU le codede la construction et de l'habitation.VU la loi n\u00b0 2005-102 du 11 f\u00e9vrier 2005 pour l'\u00e9galit\u00e9 des droits et des chances, la participation et lacitoyennet\u00e9 des personnes handicap\u00e9es. :VU le d\u00e9cret n\u00b0 95-260 du 08 mars 1995 modifi\u00e9 relatif \u00e0 la commission consultative d\u00e9partementale des\u00e9curit\u00e9 et d'accessibilit\u00e9.Vu le code des Relations du Public avec l'Administration.VU l'arr\u00eat\u00e9 pr\u00e9fectoral n\u00b02021-03-0014 du 01 mars 2021 portant composition et fonctionnement de lacommission communale d'Al\u00e9s pour l'accessibilit\u00e9 aux personnes handicap\u00e9es.VU l'arr\u00eat\u00e9 pr\u00e9fectoral n\u00b02024-05-29 du 29 mai 2024 portant fonctionnement et composition de lacommission consultative d\u00e9partementale de s\u00e9curit\u00e9 et d'accessibilit\u00e9.CONSID\u00c9RANT que le repr\u00e9sentant de l'association APF France Handicap doit \u00eatre actualis\u00e9.SUR PROPOSITION de Monsieur le directeur de la direction d\u00e9partementale des territoires et de la mer,\n89, rue Weber - 30907 NIMES CEDEX 2T\u00e9l : 04 66 62 62 00 - Fax : 04 66 23 28 79 - www.gard.gouv.fr\nPrefecture du Gard - 30-2025-09-23-00003 - AP 2025-09-23-003 portant modification de l'arr\u00eat\u00e9 2021-03-0014 du 1er mars 2021\nportant composition et fonctionnement de la commission communale d'Al\u00e8s pour l'accessibilit\u00e9 aux personnes handicap\u00e9es des ERP 112\nARRETE\nARTICLE 1:La composition de la commission communale d'Al\u00e9s pour l'accessibilit\u00e9 aux personnes handicap\u00e9es des\u00e9tablissements recevant du public est modifi\u00e9e comme suit :\n- Un repr\u00e9sentant des associations de personnes handicap\u00e9es:titulaire : Madame Dominique BERTRAND (association FNATH),suppl\u00e9ants : Monsieur Manuel MARTOS (association APF France Handicap).Madame Mireille SOULIER (association GIHP)\nARTICLE2:Le pr\u00e9sent arr\u00eat\u00e9 pr\u00e9fectoral entrera en vigueur \u00e0 compter de sa publication au recueil des actesadministratifs de la pr\u00e9fecture. :\nARTICLE 3:Cet arr\u00eat\u00e9 peut faire l'objet d'un recours administratif aupr\u00e8s du Pr\u00e9fet du Gard (pr\u00e9fecture du Gard30045 N\u00eemes Cedex 9), d'un recours hi\u00e9rarchique adress\u00e9 \u00e0 Monsieur le ministre de l'Int\u00e9rieur \u2014 placeBeauvau 75800 Paris ou d'un recours contentieux devant le tribunal administratif de N\u00eemes, dans un d\u00e9laide deux mois suivant la publication du pr\u00e9sent arr\u00eat\u00e9. Le tribunal administratif peut aussi \u00eatre saisi parl'application informatique \u00ab Telerecours Citoyens \u00bb accessible par le site internet www.telerecours.fr.\nARTICLE 4:La sous-pr\u00e9f\u00e8te, directrice de cabinet du Pr\u00e9fet, le sous-pr\u00e9fet d'Al\u00e9s, le maire d'Al\u00e9s et les chefs de_ services concern\u00e9s sont charg\u00e9s, chacun en ce qui le concerne, de l'ex\u00e9cution du pr\u00e9sent arr\u00eat\u00e9 qui serapubli\u00e9 au recueil des actes administratifs de la pr\u00e9fecture du Gard.\nN\u00eemes, le 2? 3 SEP, 2025\nLe pr\u00e9fet,Pour le pr\u00e9fet,la souSpr\u00e9f\u00e9teDirectri jMarie-Charlotte EUVRARD\n89, rue Weber - 30907 NIMES CEDEX 2T\u00e9l : 04 66 62 62 00 - Fax : 04 66 23 28 79 - www.gard.gouv.fr\nPrefecture du Gard - 30-2025-09-23-00003 - AP 2025-09-23-003 portant modification de l'arr\u00eat\u00e9 2021-03-0014 du 1er mars 2021\nportant composition et fonctionnement de la commission communale d'Al\u00e8s pour l'accessibilit\u00e9 aux personnes handicap\u00e9es des ERP 113\nPrefecture du Gard\n30-2025-09-18-00007\nAP CONSTITUTIF DE LA COE signedYG\nPrefecture du Gard - 30-2025-09-18-00007 - AP CONSTITUTIF DE LA COE signedYG 114\nPr\u00e9fecture - Direction de la citoyennet\u00e9,\nde la l\u00e9galit\u00e9 et de la coordination\nService des \u00e9lections, de la r\u00e9glementation g\u00e9n\u00e9rale\net de l'environnement\nBureau des \u00e9lections\nn\u00b0 DCLC-SERGE-BE-30-2025-\nArr\u00eat\u00e9\nportant constitution de la commission d'organisation des \u00e9lections\npour l'\u00e9lection des juges au Tribunal de commerce de NIMES\nLe pr\u00e9fet du Gard,\nchevalier de la L\u00e9gion d'honneur,\nofficier de l'ordre national du M\u00e9rite,\nVu le code \u00e9lectoral ;\nVu le Code de commerce ;\nVu le nouveau Code de proc\u00e9dure civile ;\nVu le d\u00e9cret n\u00b0 2008-563 du 16 juin 2008, et notamment l'annexe 7-2 fixant \u00e0 37 le nombre\ndes juges du Tribunal de commerce de N\u00ceMES ;\nVu le d\u00e9cret n\u00b0 2017-1163 du 12 juillet 2017 relatif \u00e0 la d\u00e9ontologie, l'\u00e9ligibilit\u00e9 et la discipline\ndes juges des tribunaux de commerce ;\nVu l'arr\u00eat\u00e9 du Garde des Sceaux, Ministre de la Justice et des Libert\u00e9s, du 24 mai 2011 relatif\naux bulletins de vote pour l'\u00e9lection des juges des tribunaux de commerce ;\nVu l'arr\u00eat\u00e9 n\u00b0 30-2025-08-22-00002 du 22 ao\u00fbt 2025, portant convocation des \u00e9lecteurs pour\nl'\u00e9lection des juges au Tribunal de commerce de N\u00ceMES ;\nVu l'arr\u00eat\u00e9 n\u00b0 30-2025-09-12-00002 du 12 septembre 2025, modifiant l'arr\u00eat\u00e9 n\u00b0 30-2025-08-22-\n00002  du  22 ao\u00fbt  2025  portant  convocation  des  \u00e9lecteurs  pour  l'\u00e9lection  des  juges  au\ntribunal de commerce de NIMES ;\nVu la note n\u00b0 JUSB2514573C du 19 juin 2025 du ministre d'Etat, Garde des Sceaux, ministre de\nla  Justice relative \u00e0 l'organisation  de l'\u00e9lection  annuelle 2025  des juges  des  tribunaux de\ncommerce en application de l'article L.723-11 du Code de commerce ;\nVu l'ordonnance du Premier Pr\u00e9sident de la Cour d'appel de N\u00ceMES en date du 15 septembre\n2025 ;\nSUR PROPOSITION du Secr\u00e9taire G\u00e9n\u00e9ral de la Pr\u00e9fecture ;\nArr\u00eate :\nArticle  1 :  en  application  des  dispositions  des  articles  L.  723-13  et  R.  723-8  du  code  de\ncommerce, il est  institu\u00e9 une commission  d'organisation  des \u00e9lections,  comp\u00e9tente  pour\norganiser, dans le d\u00e9partement du Gard, l'\u00e9lection des juges au tribunal de commerce de\nN\u00ceMES.\nH\u00f4tel de la pr\u00e9fecture \u2013 10 avenue Feuch\u00e8res \u2013 30045 N\u00ceMES CEDEX 9\nT\u00e9l : 04 66 36 43 90 \u2013 Fax : 04 66 36 00 87 \u2013 www.gard.gouv.fr\nPrefecture du Gard - 30-2025-09-18-00007 - AP CONSTITUTIF DE LA COE signedYG 115\nLa Commission d'organisation des \u00e9lections se compose de :\n1er tour de scrutin     :\n Pr\u00e9sidente   : Madame Laurence ALBERT, vice-pr\u00e9sidente charg\u00e9e du contentieux de la\nprotection du tribunal judiciaire de N\u00eemes,\n Monsieur Christophe NOEL, juge du tribunal judiciaire de N\u00eemes.\n2\u00e8me tour de scrutin     :   \n Pr\u00e9sidente   : Madame Laurence ALBERT, vice-pr\u00e9sidente charg\u00e9e du contentieux de la\nprotection du tribunal judiciaire de N\u00eemes,\n Madame Alice CHARRON, juge charg\u00e9e du contentieux de la protection au tribunal\njudiciaire de N\u00eemes.\n Madame H\u00e9l\u00e8ne LAMBERT, du bureau des \u00e9lections repr\u00e9sentant le pr\u00e9fet du Gard. Elle\nsera suppl\u00e9\u00e9e, le cas \u00e9ch\u00e9ant, par Madame Florence TEISSIER.\nLe secr\u00e9tariat de la commission sera assur\u00e9 par Me  Jean-David VIDAL, greffier du tribunal de\ncommerce de N\u00eemes.\nArticle 2\n : le si\u00e8ge de la commission est fix\u00e9 au tribunal de commerce de N\u00eemes.\nArticle 3 : la commission est charg\u00e9e des t\u00e2ches suivantes :\n-\u00a0v\u00e9rifier  la  conformit\u00e9  des  bulletins  de  vote  aux  dispositions  de  l'arr\u00eat\u00e9  minist\u00e9riel  du\n24 mai 2011,\n- organiser les op\u00e9rations de d\u00e9pouillement et le recensement des votes, qui auront lieu :\n\u2022 le mercredi 8 octobre 2025, \u00e0 10 heures, pour le 1\ner tour de scrutin,\n\u2022 le mardi 21 octobre 2025, \u00e0 10 heures, le cas \u00e9ch\u00e9ant, pour le 2nd tour de scrutin.\n- proclamer les r\u00e9sultats.\nArticle 4  \n: le secr\u00e9taire g\u00e9n\u00e9ral de la pr\u00e9fecture du Gard, le Premier pr\u00e9sident de la cour\nd'appel de NIMES, la pr\u00e9sidente de la commission d'organisation des \u00e9lections sont charg\u00e9s,\nchacun en ce qui le concerne, de l'ex\u00e9cution du pr\u00e9sent arr\u00eat\u00e9 dont copie sera adress\u00e9e au\npr\u00e9sident du tribunal de commerce de N\u00ceMES, aux membres de la commission d'organisation\ndes \u00e9lections et aux sous-Pr\u00e9fets des arrondissements d'ALES et du VIGAN.\n\u00e0  N\u00eemes,\nLe pr\u00e9fet,\npour le pr\u00e9fet et par d\u00e9l\u00e9gation,\nle secr\u00e9taire g\u00e9n\u00e9ral\nPrefecture du Gard - 30-2025-09-18-00007 - AP CONSTITUTIF DE LA COE signedYG 116\nPrefecture du Gard\n30-2025-09-25-00003\narr\u00eat\u00e9 modifiant l'arr\u00eat\u00e9 n\u00b0 30-2025-07-23-00001\n\u00e0 l'occasion du 14 juillet 2025\nPrefecture du Gard - 30-2025-09-25-00003 - arr\u00eat\u00e9 modifiant l'arr\u00eat\u00e9 n\u00b0 30-2025-07-23-00001 \u00e0 l'occasion du 14 juillet 2025 117\nExPREFETDU GARDLibert\u00e9Egalit\u00e9Fraternit\u00e9 ARRETE N\u00b0modifiant l'arr\u00eat\u00e9 n\u00b0 30-2025-07-23-00001de la m\u00e9daille d'honneur R\u00e9gionale, D\u00e9partementale et Communale\u00e0 l'occasion de la promotion du 14 juillet 2025\nLe pr\u00e9fet du Gardchevalier de la L\u00e9gion d'honneurofficier de l'ordre national du M\u00e9rite\nVU le d\u00e9cret n\u00b087-594 du 22 juillet 1987, portant cr\u00e9ation de la m\u00e9daille d'honneur R\u00e9gionale, D\u00e9partementale etCommunale,VU le d\u00e9cret n\u00b02005-48 du 25 janvier 2005 modifiant les conditions d'attribution de m\u00e9daille d'honneur R\u00e9gionale,D\u00e9partementale et Communale (MHRDC),VU l'arr\u00eat\u00e9 n\u00b0 30-2025-07-23-00001 du 14 juillet 2025, accordant la m\u00e9daille d'honneur R\u00e9gionale,D\u00e9partementale et Communale \u00e0 l'occasion de la promotion du 14 juillet 2025,CONSID\u00c9RANT que Madame SCHMIDT Isabelle, Attach\u00e9e hors classe et que Madame Emmanuelle FRERE,cadre de sant\u00e9, au sein de CA ALES AGGLOMERATION, ont \u00e9t\u00e9 propos\u00e9es par leur employeur \u00e0 des gradeserron\u00e9s \u00e0 la m\u00e9daille d'honneur R\u00e9gionale, D\u00e9partementale et Communale,CONSID\u00c9RANT que Madame Evelyne MARONCLE, Agent social Principal de 1\u00b0\u00b0 classe au sein du CCASd' ALES, a \u00e9galement \u00e9t\u00e9 propos\u00e9e par son employeur \u00e0 un grade erron\u00e9 \u00e0 la m\u00e9daille d'honneur R\u00e9gionale,D\u00e9partementale et Communale,Sur proposition de Madame la directrice de cabinet,\nARRETE:Article 1 : la m\u00e9daille d'honneur R\u00e9gionale, D\u00e9partementale et Communale \u00e9chelon VERMEIL est d\u00e9cern\u00e9e \u00e0Madame SCHMIDT Isabelle, Attach\u00e9e hors classe, et la m\u00e9daille d'honneur R\u00e9gionale, D\u00e9partementale etCommunale \u00e9chelon OR est d\u00e9cern\u00e9e \u00e0 Madame Emmanuelle FRERE, cadre de sant\u00e9, au sein de CA ALESAGGLOM\u00c9RATION.Article 2 : la m\u00e9daille d'honneur R\u00e9gionale, D\u00e9partementale et Communale \u00e9chelon ARGENT est d\u00e9cern\u00e9e \u00e0Madame Evelyne MARONCLE, Agent social Principal de 1\u00b0\u00b0 classe, au sein du CENTRE COMMUNALD' ACTION SOCIALE D'ALES.Article 3 : l'arr\u00eat\u00e9 n\u00b0 30-2025-07-23-00001 du 14 juillet 2025 est ainsi modifi\u00e9.Article 4 : Monsieur le maire d'Al\u00e9s et Madame la directrice de cabinet sont charg\u00e9s, chacun en ce qui le concerne,de l'ex\u00e9cution du pr\u00e9sent arr\u00e9t\u00e9.\nA Nimes, le 25 SEP. 2025Le pr\u00e9fet\nJ\u00e9r\u00f4me BONET1/1\nPrefecture du Gard - 30-2025-09-25-00003 - arr\u00eat\u00e9 modifiant l'arr\u00eat\u00e9 n\u00b0 30-2025-07-23-00001 \u00e0 l'occasion du 14 juillet 2025 118\nPrefecture du Gard\n30-2025-09-24-00002\nARRETE PREFECTORAL VIDEOPROTECTION\nNIMES OLYMIQUE ENSEMBLE\nPrefecture du Gard - 30-2025-09-24-00002 - ARRETE PREFECTORAL VIDEOPROTECTION NIMES OLYMIQUE ENSEMBLE 119\nExPREFETDU GARDLibert\u00e9Egalit\u00e9Fraternit\u00e9\nCabinet\nDirection des S\u00e9curit\u00e9s\nService de l'Animation des Politiques\nde S\u00e9curit\u00e9 Int\u00e9rieure\nBureau des Polices Administratives\nArr\u00eat\u00e9 n\u00b0 30-2025-\nportant autorisation de fonctionnement d'un syst\u00e8me de vid\u00e9oprotection\nLe pr\u00e9fet du Gard,\nChevalier de la L\u00e9gion d'honneur,\nOfficier de l'ordre national du M\u00e9rite,\nVu le titre V du livre Il de la partie l\u00e9gislative et de la partie r\u00e9glementaire du code de la s\u00e9curit\u00e9  \nint\u00e9rieure ;\nVu le code civil et notamment son article 9 ;\nVu le nouveau code p\u00e9nal et notamment son article 226-1 ;\nVu le d\u00e9cret n\u00b0 2015-489 du 29 avril 2015 relatif \u00e0 la vid\u00e9oprotection ;\nVu le d\u00e9cret du 13 juillet 2023 nommant M. J\u00e9r\u00f4me BONET, pr\u00e9fet du Gard ;\nVu l'arr\u00eat\u00e9 minist\u00e9riel et la circulaire du 3 ao\u00fbt 2007 portant d\u00e9finition des normes techniques des  \nsyst\u00e8mes de vid\u00e9oprotection ;\nVu l'arr\u00eat\u00e9 pr\u00e9fectoral n\u00b0 30-2024-10-18-00005 du 18 octobre 2024 donnant d\u00e9l\u00e9gation de signature \u00e0 \nM. Yann GERARD, secr\u00e9taire g\u00e9n\u00e9ral de la pr\u00e9fecture du Gard, sous-pr\u00e9fet de N\u00eemes ;\nVu l'arr\u00eat\u00e9 pr\u00e9fectoral n\u00b0 30-2024-10-18-00009 du 18 octobre 2024 donnant d\u00e9l\u00e9gation de signature \u00e0 \nMme Marie-Charlotte EUVRARD, sous-pr\u00e9f\u00e8te, directrice de cabinet du pr\u00e9fet du Gard ;\nVu l'arr\u00eat\u00e9 pr\u00e9fectoral n\u00b0  30-2024-11-28-00004 du 28 novembre 2024 donnant d\u00e9l\u00e9gation de signa -\nture \u00e0 M. Franck LACOSTE, directeur des s\u00e9curit\u00e9s, directeur de cabinet adjoint du pr\u00e9fet du Gard ;\nVu la circulaire n\u00b0 INT D09/00057/C du 12 mars 2009 relative aux conditions de d\u00e9ploiement des  \nsyst\u00e8mes de vid\u00e9oprotection ;\nVu la  demande  de  l'\u00e9tablissement  N\u00ceMES  OLYMPIQUE  ENSEMBLE  \u00e0  N\u00ceMES  en  vue  d'obtenir \nl'autorisation de fonctionnement d'un syst\u00e8me de vid\u00e9oprotection pour son \u00e9tablissement  ;\nVu l'avis du r\u00e9f\u00e9rent s\u00fbret\u00e9 ;\nVu l'avis  de  la  commission  d\u00e9partementale  des  syst\u00e8mes  de  vid\u00e9oprotection  r\u00e9unie  le  \n17 septembre 2025 ;\nSur proposition de la directrice de cabinet du pr\u00e9fet du Gard.\nH\u00f4tel de la Pr\u00e9fecture \u2013 10 avenue Feuch\u00e8res \u2013 30045 NIMES CEDEX 9\nT\u00e9l\u00a0: 04.66.36.43.90 \u2013 Fax\u00a0: 04.66.36.00.87 \u2013 www.gard.gouv.fr\nPrefecture du Gard - 30-2025-09-24-00002 - ARRETE PREFECTORAL VIDEOPROTECTION NIMES OLYMIQUE ENSEMBLE 120\nArr\u00eate :\nArticle 1  : L'\u00e9tablissement N\u00ceMES OLYMPIQUE ENSEMBLE est autoris\u00e9 \u00e0 installer un syst\u00e8me de  \nvid\u00e9oprotection compos\u00e9 de 118 cam\u00e9ras ext\u00e9rieures. Cette autorisation est valable pour une  \ndur\u00e9e de cinq ans renouvelable, dans les conditions pr\u00e9cis\u00e9es.\nLa pr\u00e9sente autorisation est d\u00e9livr\u00e9e sans pr\u00e9judice des droits des tiers.\nArticle 2 : Ce dispositif de vid\u00e9oprotection ne peut \u00eatre utilis\u00e9 qu'en vue d'assurer pr\u00e9vention des \natteintes \u00e0 la s\u00e9curit\u00e9 des personnes et des biens dans des lieux et \u00e9tablissements ouverts au  \npublic particuli\u00e8rement expos\u00e9s \u00e0 des risques d'agression ou de vol et \u00e0 la protection des abords  \nimm\u00e9diats des b\u00e2timents et des installations de lieux et \u00e9tablissements relevant d'une personne  \nmorale de droit priv\u00e9 expos\u00e9s \u00e0 des actes de terrorisme.\nArticle 3 : Le public est inform\u00e9 de la pr\u00e9sence de ces cam\u00e9ras par une signal\u00e9tique appropri\u00e9e de  \nmani\u00e8re claire, permanente et significative, \u00e0 chaque point d'acc\u00e8s du public, de l'existence du  \nsyst\u00e8me  de  vid\u00e9oprotection.  En  outre  \u00e0  chaque  point  d'acc\u00e8s  du  public,  des  affichettes \nmentionnent les finalit\u00e9s poursuivies, les r\u00e9f\u00e9rences des articles du code de la s\u00e9curit\u00e9 int\u00e9rieure, la  \nloi informatique et libert\u00e9s n\u00b078-17 du 6 janvier 1978, le r\u00e8glement europ\u00e9en 2016/679, la dur\u00e9e de  \nconservation  des  images  ainsi  que  les  coordonn\u00e9es  des  directeurs  des  \u00e9tablissements  aupr\u00e8s \ndesquels s'exerce le droit d'acc\u00e8s aux images.\nArticle 4  : Hormis le cas d'une enqu\u00eate de flagrant d\u00e9lit, d'une enqu\u00eate pr\u00e9liminaire ou d'une  \ninformation judiciaire, les enregistrements sont d\u00e9truits dans un d\u00e9lai maximal de 15 jours. Le  \ntitulaire de l'autorisation tient un registre mentionnant les enregistrements r\u00e9alis\u00e9s, la date de  \ndestruction des images et, le cas \u00e9ch\u00e9ant, la date de leur transmission au parquet.\nArticle  5 : Les  responsables  de  la  mise  en  \u0153uvre  du  syst\u00e8me  devront  se  porter  garant  des \npersonnes susceptibles d'intervenir dans l'exploitation ou le visionnage des images, ainsi que dans  \nla maintenance du syst\u00e8me mis en place. Des consignes tr\u00e8s pr\u00e9cises sur la confidentialit\u00e9 des  \nimages capt\u00e9es et / ou enregistr\u00e9es et des atteintes \u00e0 la vie priv\u00e9e qu'elles peuvent \u00e9ventuellement  \nimpliquer seront donn\u00e9es \u00e0 toutes les personnes concern\u00e9es.\nArticle  6 :  Toute  modification  pr\u00e9sentant  un  caract\u00e8re  substantiel  doit  faire  l'objet  d'une \nd\u00e9claration aupr\u00e8s des services pr\u00e9fectoraux, notamment un changement d'activit\u00e9 dans des lieux  \nprot\u00e9g\u00e9s,  un  changement  dans  la  configuration  des  lieux  ou  un  changement  affectant  la \nprotection des images.\nArticles 7 : Sans pr\u00e9judice des sanctions p\u00e9nales applicables, la pr\u00e9sente autorisation peut, apr\u00e8s  \nque les int\u00e9ress\u00e9s aient \u00e9t\u00e9 mis \u00e0 m\u00eame de pr\u00e9senter leurs observations, \u00eatre retir\u00e9e en cas de  \nmanquement aux dispositions figurant aux articles L251-2, L251-3, L252-1 \u00e0 L252-6, L253-1 \u00e0 L253-5  \net R252-11 du code de la s\u00e9curit\u00e9 int\u00e9rieure ou encore en cas de modification des conditions au vu  \ndesquelles cette autorisation a \u00e9t\u00e9 d\u00e9livr\u00e9e.\nArticles 8  : La pr\u00e9sente autorisation peut faire l'objet d'un recours gracieux aupr\u00e8s des services  \npr\u00e9fectoraux ou d'un recours contentieux devant le tribunal administratif de N\u00eemes dans un d\u00e9lai  \nde deux mois \u00e0 compter de la date de sa notification \u00e0 l'int\u00e9ress\u00e9 ou de sa publication.\nArticle 9  : La  directrice de cabinet du pr\u00e9fet du Gard, les directeurs interd\u00e9partementaux de la  \npolice nationale du Gard, le commandant du groupement de gendarmerie du Gard sont charg\u00e9s, \nchacun en ce qui le concerne, de l'ex\u00e9cution du pr\u00e9sent arr\u00eat\u00e9 qui sera publi\u00e9 au recueil des actes  \nadministratifs de la pr\u00e9fecture. Un exemplaire de cette d\u00e9cision sera notifi\u00e9 aux p\u00e9titionnaires ainsi  \nqu'\u00e0 la mairie d'implantation.\nLe pr\u00e9fet,\nPrefecture du Gard - 30-2025-09-24-00002 - ARRETE PREFECTORAL VIDEOPROTECTION NIMES OLYMIQUE ENSEMBLE 121\nPrefecture du Gard\n30-2025-09-22-00007\narr\u00eat\u00e9 abrogeant l'arr\u00eat\u00e9 autorisant la captation,\nl'enregistrement et la transmission d'images au\nmoyen de cam\u00e9ras install\u00e9es sur des a\u00e9ronefs\nPrefecture du Gard - 30-2025-09-22-00007 - arr\u00eat\u00e9 abrogeant l'arr\u00eat\u00e9 autorisant la captation, l'enregistrement et la transmission\nd'images au moyen de cam\u00e9ras install\u00e9es sur des a\u00e9ronefs 122\n| CABINETPREFET | DIRECTION DES S\u00c9CURIT\u00c9Ssa GARD Service d'animation des politiques\u00c9xalit\u00e9 de s\u00e9curit\u00e9 int\u00e9rieureFraternit\u00e9 Bureau des polices administratives\nARR\u00caT\u00c9 N\u00b030-2025-09-22-01 abrogeant l'arr\u00eat\u00e9 n\u00b030-2025-09-16-00006autorisant la captation, l'enregistrement et la transmission d'imagesau moyen de cam\u00e9ras install\u00e9es sur des a\u00e9ronefs\nLe Pr\u00e9fet du GardChevalier de la L\u00e9gion d'HonneurOfficier de l'Ordre National du M\u00e9riteVu le code de la s\u00e9curit\u00e9 int\u00e9rieure et notamment ses articles L. 242-1 \u00e0 L. 242-8 et R. 242-8 aR. 242-14 ;Vu le d\u00e9cret n\u00b0 2004-374 du 29 avril 2004 relatif aux pouvoirs des pr\u00e9fets, a l'organisation et al'action des services de l'\u00c9tat dans les r\u00e9gions et d\u00e9partements ;Vu le d\u00e9cret du 13juillet 2023 nommant M. J\u00e9r\u00f4me BONET, pr\u00e9fet du Gard,Vu l'arr\u00eat\u00e9 pr\u00e9fectoral du 18 octobre 2024 n\u00b030-2024-10-18-00005 donnant d\u00e9l\u00e9gation |designature \u00e0 M. Yann GERARD, secr\u00e9taire g\u00e9n\u00e9ral de la pr\u00e9fecture du Gard, sous-pr\u00e9fet de N\u00eemes;Vu l'arr\u00eat\u00e9 pr\u00e9fectoral du 18 octobre 2024 n\u00b030-2024-10-18-00006 donnant d\u00e9l\u00e9gation designature \u00e0 M. Mathias NIEPS, sous-pr\u00e9fet, charg\u00e9 de mission aupr\u00e8s du pr\u00e9fet du Gard,secr\u00e9taire g\u00e9n\u00e9ral adjoint de la pr\u00e9fecture du Gard;Vu l'arr\u00eat\u00e9 pr\u00e9fectoral : n\u00b030-2024-10-18-00009 du 18 octobre 2024 donnant d\u00e9l\u00e9gation designature \u00e0 Madame Charlotte EUVRARD, sous-pr\u00e9f\u00e8te, directrice de cabinet du pr\u00e9fet du Gard ;Vu l'arr\u00eat\u00e9 pr\u00e9fectoral n\u00b0 30-2024-11-28-00004 du 28 novembre 2024 donnant d\u00e9l\u00e9gation de signature\u00e0 M. Franck LACOSTE, directeur des s\u00e9curit\u00e9s, directeur de cabinet adjoint du pr\u00e9fet du Gard;Vu l'arr\u00eat\u00e9 n\u00b030-2024-07-05 du 7 mai 2024 autorisant la captation, l'enregistrement et latransmission d'images au moyen de cam\u00e9ras install\u00e9es sur des a\u00e9ronefs ; |Vu l'arr\u00eat\u00e9 n\u00b030-2025-09-16-00006 du 16 septembre 2025 autorisant la captation,l'enregistrement et la transmission d'images au moyen de cam\u00e9ras install\u00e9es sur des a\u00e9ronefs ;Vu la demande en date du 12 septembre 2025, form\u00e9e par la direction interd\u00e9partementale dela police nationale, visant \u00e0 obtenir l'autorisation de capter, d'enregistrer et de transmettre desimages au moyen de drone, afin de pr\u00e9venir les atteintes \u00e0 la s\u00e9curit\u00e9 des personnes et des bienset la S\u00e9curit\u00e9 des rassemblements au sein du p\u00e9rim\u00e8tre pr\u00e9cis\u00e9 en annexe du pr\u00e9sent arr\u00eat\u00e9, \u00e0Al\u00e8s du mercredi 17 septembre 2025 au mercredi 15 octobre 2025 de 13h00 \u00e0 16h00 ;Vu l'ordonnance du tribunal administratif de N\u00eemes en date du 19 septembre 2025 qui suspendl'ex\u00e9cution de l'arr\u00eat\u00e9 n\u00b030-2025-09-16-00006 du 16 septembre 2025 autorisant la captation,\nH\u00f4tel de la Pr\u00e9fecture 10 avenue Feuch\u00e8res \u2014 30045 NIMES CEDEX 9T\u00e9l : 04.66.36.43.90- Fax : 04.66.36.00.87 \u2014 www.gard.gouv.fr\nPrefecture du Gard - 30-2025-09-22-00007 - arr\u00eat\u00e9 abrogeant l'arr\u00eat\u00e9 autorisant la captation, l'enregistrement et la transmission\nd'images au moyen de cam\u00e9ras install\u00e9es sur des a\u00e9ronefs 123\nl'enregistrement et la transmission d'images au moyen de cam\u00e9ras install\u00e9es sur des a\u00e9ronefs surle territoire de la commune d'Al\u00e9s ;Sur proposition de la directrice de cabinet du pr\u00e9fet du Gard;\nArr\u00eate\nArticle 1: L'arr\u00eat\u00e9 n\u00b030-2025-09-16-00006 du 16 septembre 2025 autorisant la captation,l'enregistrement et la transmission d'images au moyen de cam\u00e9ras install\u00e9es sur des a\u00e9ronefs estabrog\u00e9.\nArticle 2 : Le pr\u00e9sent arr\u00eat\u00e9 est publi\u00e9 au recueil des actes administratifs de la pr\u00e9fecture et peut\u00eatre contest\u00e9 dans les deux mois suivant sa notification :- soit par voie de recours gracieux form\u00e9 aupr\u00e8s de M. le Pr\u00e9fet du Gard;- soit par voie de recours hi\u00e9rarchique form\u00e9 aupr\u00e8s de M. le Ministre de l'Int\u00e9rieur;- soit par voie de recours contentieux d\u00e9pos\u00e9 devant le tribunal Administratif deN\u00eemes. |Le tribunal administratif peut aussi \u00eatre saisi par l'application informatique 'TelerecoursCitoyens', accessible par le site internet www.telerecours.fr.\nArticle 3 : la directrice de cabinet du pr\u00e9fet du Gard et le directeur interd\u00e9partemental de lapolice nationale sont charg\u00e9s, chacun en ce qui le concerne, de l'ex\u00e9cution du pr\u00e9sent arr\u00eat\u00e9.N\u00eemes, le 22 septembre 2025\nPour le Pr\u00e9fet,\nPrefecture du Gard - 30-2025-09-22-00007 - arr\u00eat\u00e9 abrogeant l'arr\u00eat\u00e9 autorisant la captation, l'enregistrement et la transmission\nd'images au moyen de cam\u00e9ras install\u00e9es sur des a\u00e9ronefs 124\nPrefecture du Gard\n30-2025-10-01-00004\nArr\u00eat\u00e9 N\u00b02025/15-PREF30/SR portant\nr\u00e9glementation temporaire de la circulation sur\nles autoroutes A9 et A54\nPrefecture du Gard - 30-2025-10-01-00004 - Arr\u00eat\u00e9 N\u00b02025/15-PREF30/SR portant r\u00e9glementation temporaire de la circulation sur les\nautoroutes A9 et A54 125\nae Cabinet du pr\u00e9fet: Cellule s\u00e9curit\u00e9 routi\u00e9rePREFETDU GARDLibert\u00e9Egalit\u00e9Fraternit\u00e9ARR\u00caT\u00c9 N\u00b0 2025/15 - PREF30/SRportant r\u00e9glementation temporaire de la circulation sur l'autoroute A9 et A54Le pr\u00e9fet du GardChevalier de la L\u00e9gion d'Honneur,Officier de l'Ordre National du M\u00e9rite\nVu le Code de la route et notamment les articles R 411-8, R.411-8-1, R411-9 et R 411-21-1 et R.411-25 ;Vu le Code de la voirie routi\u00e8re ;Vu la loi n\u00b0 55.435 du 18 avril 1955 modifi\u00e9e portant statut des autoroutes ;Vu le d\u00e9cret n\u00b0 561425 du 27 d\u00e9cembre 1956 portant r\u00e8glement d'administration publique pourl'application de la loi n\u00b0 55.435 du 18 avril 1955 sur le statut des autoroutes;Vu le d\u00e9cret du 29 d\u00e9cembre 1997 approuvant le quatri\u00e8me avenant \u00e0 la convention pass\u00e9e le 10 janvier1992 entre l'\u00c9tat et Autoroutes du sud de la France, en vue de la concession, de la construction, del'entretien et de l'exploitation de l'autoroute A9 Orange - Le Perthus et de l'autoroute A54 ;Vu l'arr\u00eat\u00e9 du 24 novembre 1967 relatif \u00e0 la signalisation temporaire des routes et autoroutes et les textessubs\u00e9quents qui l'ont modifi\u00e9 ;Vu le d\u00e9cret du 13 juillet 2023 nommant M. J\u00e9r\u00f4me BONET pr\u00e9fet du Gard ;Vu l'arr\u00eat\u00e9 30-2024-10-18-00009 du 18 octobre donnant d\u00e9l\u00e9gation de signature \u00e0 Mme Marie-CharlotteEUVRARD, sous-pr\u00e9f\u00e8te, directrice de cabinet du pr\u00e9fet du Gard : :Vu l'arr\u00eat\u00e9 30-2024-309-01 du 4 novembre 2024 donnant subd\u00e9l\u00e9gation de signature \u00e0 M. PierreBEHAEGHEL, coordinateur S\u00e9curit\u00e9 routi\u00e8re, responsable de la cellule S\u00e9curit\u00e9 routi\u00e8re ;Vu la note technique du 14 avril 2016 (NOR: DEVT1606917N), relative \u00e0 la coordination des chantiers dur\u00e9seau routier national (RRN);Vu la demande en date du 10 septembre 2025, modifi\u00e9e, de la Soci\u00e9t\u00e9 des Autoroutes du Sud de laFrance \u00e0 Narbonne, District de Gallargues, indiquant que des travaux de modification de la signalisationdirectionnelle sur l'autoroute A9, la bifurcation A9/A54 et l'autoroute A54 entra\u00eenent des restrictions decirculation sur ces autoroutes ;VU l'avis favorable de la Direction G\u00e9n\u00e9rale des Infrastructures, des Transports et des Mobilit\u00e9s en datedu 11 septembre 2025 ;VU l'avis favorable du commandant de gendarmerie d\u00e9partementale du Gard en date du 11 septembre2025 ; |VU l'avis favorable du gestionnaire des routes nationales (DIRMED) en date du 1\u00b0 octobre 2025;VU l'avis favorable du gestionnaire des routes d\u00e9partementales (CD30) en date du 1 octobre 2025;H\u00f4tel de la Pr\u00e9fecture10 avenue Feuch\u00e8res - 30 045 NIMES CEDEX 9T\u00e9l. : 04 66 36 43 90www.gard.gouv.fr 1/10\nPrefecture du Gard - 30-2025-10-01-00004 - Arr\u00eat\u00e9 N\u00b02025/15-PREF30/SR portant r\u00e9glementation temporaire de la circulation sur les\nautoroutes A9 et A54 126\nConsid\u00e9rant qu'il importe, en cons\u00e9quence, de prendre toutes les dispositions en vue d'assurer las\u00e9curit\u00e9 des usagers ainsi que celle des entreprises charg\u00e9es des travaux, tout en r\u00e9duisant au minimumles entraves a la circulation.\nSur proposition de la directrice de cabinet du pr\u00e9fet du Gard :\nARRETEARTICLE 1: TravauxLes travaux concernent le d\u00e9partement du Gard sur les communes de Nimes et Milhaud sur l'A9 et lescommunes de Nimes et Caissargues pour |'A54.Les travaux de d\u00e9pose et de pose des PPHM (portique, potence, haut-mat et mini haut-m\u00e2t) sed\u00e9rouleront de nuit. Des microcoupures seront mises en place pour d\u00e9poser et poser les portiques surl'AS4 et l'A9, et les potences sur l'A54. Le reste des PPHM se feront de nuit sous neutralisation des voiesadjacentes en maintenant une voie de circulation pour les usagers.Les travaux d\u00e9butent le 6 octobre 2025 jusqu'au 18 d\u00e9cembre 2026. A noter que les travaux sontsuspendus durant les mois de la p\u00e9riode estivale, en juillet et aodt 2026.\nARTICLE 2 : Mode d'exploitationLe mode d'exploitation sera :- A9- Section Remoulins / Nimes (3 voies)> Pas de p\u00e9riode d'intervention sp\u00e9cifique \u2014 Travaux de jour en accotement et TPCLes horaires d'intervention dejour sont les suivants :e Lundi \u00e0 jeudi : 9h00 - 17H00e Vendredi : 9JHOO - 12H00- AQ9- Section N\u00eemes/ Montpellier (3 voies)> Pas de p\u00e9riode d'intervention sp\u00e9cifique \u2014 Travaux de nuit en accotement et TPCLes horaires d'intervention de nuit sont les suivants :e Lundi \u00e0 vendredi : 21H00 - O6HOOPendant cette p\u00e9riode, cette section \u00e0 3 voies n\u00e9cessite un ripage des s\u00e9parateurs modulaires de voiesles week-ends, vacances scolaires et jours f\u00e9ri\u00e9s.Les travaux en TPC avec la mise en place de s\u00e9parateurs modulaires de voies contre la bande de gauchedu PK 54+240 au PK 56+800 n\u00e9cessitent la mise en place de voies r\u00e9duites.- __A54-Section Nimes / Arles (2 voies)> Travaux de nuit en TPC et en accotementLes horaires d'intervention de nuit sont les suivants :e Lundi \u00e0 vendredi : 21H00- 06H00- Echangeur 25 Nimes Ouest> Travaux de nuit:Les horaires d'intervention de nuit sont les suivants :e Lundi \u00e0 vendredi : 21H30 - 0O6HOOLe principe g\u00e9n\u00e9ral des travaux se traduit en \u00e9tapes bien d\u00e9finies qui seront. adapt\u00e9es selon l'ensembleconcern\u00e9 et le contexte de travaux associ\u00e9s : |- PPHM \u00e0 remplacer en lieu et place- PPHM \u00e0 remplacer en d\u00e9cal\u00e9- Pose ou d\u00e9pose des portiques\n2/10\nPrefecture du Gard - 30-2025-10-01-00004 - Arr\u00eat\u00e9 N\u00b02025/15-PREF30/SR portant r\u00e9glementation temporaire de la circulation sur les\nautoroutes A9 et A54 127\nIl s'agit d'un chantier qui n\u00e9cessite des travaux \u00e0 l'avancement. C'est pourquoi, dans le planning suivant,les semaines de replis sont planifi\u00e9es sur une longue p\u00e9riode. Cela permettra le cas \u00e9ch\u00e9ant de d\u00e9calerles phasages des travaux. L'entreprise s'engage \u00e0 pr\u00e9venir une semaine \u00e0 l'avance toute modification decalendrier afin qu'ASF puisse informer les autorit\u00e9s concern\u00e9es par ces nouvelles dates de d\u00e9viation.\nARTICLE 3 : Calendrier des travaux1- Travaux dans les bifurcations A54 en provenance d'Arles en direction d'Orange et en direction deMontpellier et de l'\u00e9changeur de N\u00eemes Ouest n\u00b025 :Fermetures des bretelles de la bifurcation A54/A9 ainsi que la bretelle A54 / p\u00e9age de NimesOuest n\u00b025Les travaux seront r\u00e9alis\u00e9s de nuit entre le 6 octobre 2025 et le 27 novembre 2025 (8 nuitstravaill\u00e9es en semaine, avec les autres semaines de replis jusqu'\u00e0 la fin du 1% trimestre 2026)Les travaux se d\u00e9rouleront de nuit entre 21h00 et O5h00 :\u00b0 2 nuits les 06 et 07 octobre 2025+ 2 nuits les 13 et 14 octobre 2025\u00b0 4nuits les 24,25, 26 et 27 novembre 2025Itin\u00e9raire de d\u00e9viation :Les usagers en provenance d'Arles et en direction de Montpellier ou d'Orange devront sortir \u00e0l'\u00e9changeur de Garons n\u00b02 et seront invit\u00e9s \u00e0 suivre l'itin\u00e9raire alternatif pour rejoindre l'A9 auniveau de l'\u00e9changeur de Nimes Est n\u00b024.\n2- Travaux sur l'axe A9 en direction de Montpellier :Fermetures de la bretelle d'entr\u00e9e de l'\u00e9changeur de N\u00eemes Ouest n\u00b025 en direction deMontpellierLes travaux seront r\u00e9alis\u00e9s de nuit entre le 8 d\u00e9cembre 2025 et le 11 d\u00e9cembre 2025 (4 nuitstravaill\u00e9es en semaine avec les autres semaines de replis jusqu'\u00e0 la fin du 1\u00b0 semestre 2026)Les travaux se d\u00e9rouleront de nuit entre 21h00 et 05h00* A4nuits les 08, 09, 10 et 11 d\u00e9cembre 2025Itin\u00e9raire de d\u00e9viation :Les usagers en provenance des entr\u00e9es de l'\u00e9changeur de Nimes Ouest n\u00b025 et en direction deMontpellier seront invit\u00e9s a suivre l'A54 en direction d'Arles, de sortir a l'\u00e9changeur Nimes-centre,puis faire demi-tour au giratoire apr\u00e8s le p\u00e9age et reprendre l'autoroute A54 en direction deMontpellier.3- Travaux sur l'axe A9 en direction de Montpellier et d'Orange :Fermetures de la bretelle de bifurcation A54 en provenance d'Arles vers A9 direction deMontpellier ainsi que la bretelle d'entr\u00e9e de l'\u00e9changeur de N\u00eemes Ouest n\u00b025 en direction deMontpellier.Fermeture de la bretelle de bifurcation A9 en provenance de Montpellier et en direction de l'A54vers Arles.Les travaux seront r\u00e9alis\u00e9s de nuit le 25 f\u00e9vrier 2026(1 nuit travaill\u00e9e en semaine - semaines de replis jusqu'\u00e0 la fin du 1\u00b0 semestre 2026)Les travaux se d\u00e9rouleront de nuit entre 21h00 et 05h00\u00b0 nuit le 25 f\u00e9vrier 2026\n3/10\nPrefecture du Gard - 30-2025-10-01-00004 - Arr\u00eat\u00e9 N\u00b02025/15-PREF30/SR portant r\u00e9glementation temporaire de la circulation sur les\nautoroutes A9 et A54 128\nb)\nItin\u00e9raire de d\u00e9viation :Les Usagers en provenance d'Arles et en direction de Montpellier devront sortir \u00e0 l'\u00e9changeur deGarons n\u00b02 et seront invit\u00e9s \u00e0 suivre l'itin\u00e9raire alternatif pour rejoindre l'A9 au niveau del'\u00e9changeur de Nimes Est n\u00b024.Les usagers en provenance des entr\u00e9es de l'\u00e9changeur de Nimes Ouest n\u00b025 et en direction deMontpellier seront invit\u00e9s \u00e0 suivre l'A54 en direction d'Arles, de sortir \u00e0 l'\u00e9changeur Nimes-centre,puis faire demi-tour au giratoire apr\u00e8s le p\u00e9age et reprendre l'autoroute A54 et suivre la directionde Montpellier.Les usagers en provenance de Montpellier sur l'A9 et en direction d'Arles sur l'A54 seront invit\u00e9s asortir \u00e0 l'\u00e9changeur de N\u00eemes Ouest n\u00b025, puis faire demi-tour au giratoire apr\u00e8s le p\u00e9age et re-prendre l'autoroute A54 en direction d'Arles.Travaux sur l'\u00e9changeur de Nimes Ouest n\u00b025 :Fermetures de la bretelle de sortie en provenance d'Orange et en direction du p\u00e9age de NimesOuest et de la bretelle de bifurcation A9 en provenance d'Orange et en direction de I'A54 versArles.Les travaux seront r\u00e9alis\u00e9s de nuit les 2 f\u00e9vrier et 19 mars 2026(2 nuits travaill\u00e9es en semaine - semaines de replis jusqu'\u00e0 la fin du 1\u00b0 semestre 2026)Les travaux se d\u00e9rouleront de nuit entre 21h30 et 05h00* '1nuit le O2 f\u00e9vrier 2026\u00b0 1Tnuit le 19 mars 2026Itin\u00e9raire de d\u00e9viation:Les usagers en provenance d'Arles et en direction de Montpellier devront sortir \u00e0 l'\u00e9changeur deGarons n\u00b02 et seront invit\u00e9s \u00e0 suivre l'itin\u00e9raire alternatif pour rejoindre l'A9 au niveau de |'\u00e9chan-geur de N\u00eemes Est n\u00b024.Les usagers en provenance des entr\u00e9es de l'\u00e9changeur de N\u00eemes Ouest n\u00b025 et en direction deMontpellier seront invit\u00e9s \u00e0 suivre l'A54 en direction d'Arles, de sortir \u00e0 l'\u00e9changeur Nimes-centre,puis faire demi-tour au giratoire apr\u00e8s le p\u00e9age et reprendre l'autoroute A54 et suivre la directionde Montpellier.Les usagers en provenance de Montpellier sur l'A9 et en direction d'Arles sur l'A54 seront invit\u00e9s \u00e0sortir \u00e0 l'\u00e9changeur de Nimes Ouest n\u00b025, puis faire demi-tour au giratoire apr\u00e8s le p\u00e9age et re-prendre l'autoroute A54 en direction d'Arles.\nFermetures de la bretelle d'entr\u00e9e du p\u00e9age de Nimes Ouest n\u00b025 en direction d'Orange ainsi quela bretelle de bifurcation A9 vers A54 en provenance du p\u00e9age de N\u00eemes Ouest n\u00b025 et endirection de l'A54 vers Arles, ainsi que la bretelle de bifurcation A9 vers A54 en provenanced'Orange et en direction de I'A54Les travaux seront r\u00e9alis\u00e9s de nuit les 27 janvier, 17 et 18 f\u00e9vrier 2026(3 nuits travaill\u00e9es en semaine - semaines de replis jusqu'\u00e0 la fin du 1\u00b0\" semestre 2026)Les travaux se d\u00e9rouleront de nuit entre 21h30 et 05h00* nuit le 27 janvier 2026\u00b0 2nuits les 17 et 18 f\u00e9vrier 2026Itin\u00e9raire de d\u00e9viation :Les usagers en provenance de l'A9 d'Orange et en direction de I'A54 Arles seront invit\u00e9s \u00e0 sortir \u00e0l'\u00e9changeur de Nimes Est n\u00b024 puis suivre l'itin\u00e9raire alternatif pour rejoindre l'\u00e9changeur Garonsn\u00b02 sur l'A54.Les usagers en provenance des entr\u00e9es de l'\u00e9changeur de N\u00eemes Ouest n\u00b025 et en directiond'Arles sur l'A54 seront invit\u00e9s \u00e0 rejoindre l'itin\u00e9raire alternatif du PGT du Gard au droit de4/10\nPrefecture du Gard - 30-2025-10-01-00004 - Arr\u00eat\u00e9 N\u00b02025/15-PREF30/SR portant r\u00e9glementation temporaire de la circulation sur les\nautoroutes A9 et A54 129\nc)\nd)\nf)\nl'\u00e9changeur de N\u00eemes Est n\u00b0 24 en empruntant le boulevard du Pr\u00e9sident Salvador Allende puis laroute d'Avignon, l'itin\u00e9raire alternatif du PGT du Gard et rejoindre l'\u00e9changeur de Garons n\u00b02 surl'A54Les Usagers en provenance des entr\u00e9es de l'\u00e9changeur de Nimes Ouest n\u00b025 et en directiond'Orange sur l'A9 seront invit\u00e9s a rejoindre l'\u00e9changeur de Nimes Est n\u00b0 24 en empruntant le bou-levard du Pr\u00e9sident Salvador Allende puis la route d'Avignon.Fermeture de la bretelle de sortie du p\u00e9age de N\u00eemes Ouest n\u00b025 en provenance d'Orange.Les travaux seront r\u00e9alis\u00e9s de nuit du 03 au 05 f\u00e9vrier 2026(3 nuits travaill\u00e9es en semaine - semaines de replis jusqu'\u00e0 la fin du 1\u00b0 semestre 2026)Les travaux se d\u00e9rouleront de nuit entre 21h30 et 05h00\u00b0 3 nuits les 03, 04 et 05 f\u00e9vrier 2026Itin\u00e9raire de d\u00e9viation :Les Usagers en provenance de l'A9 d'Orange et en direction de l'\u00e9changeur de Nimes Ouest n\u00b025seront invit\u00e9s \u00e0 sortir \u00e0 l'\u00e9changeur de N\u00eemes Est n\u00b024 puis la route d'Avignon puis d'emprunter leboulevard du Pr\u00e9sident Salvador Allende pour rejoindre l'\u00e9changeur Nimes Ouest n\u00b025.Fermetures de la bretelle de bifurcation A9 vers A54 en provenance d'Orange et en direction del'A54 |Les travaux seront r\u00e9alis\u00e9s de nuit du 02 au 04 f\u00e9vrier 2026(3 nuits travaill\u00e9es en semaine - semaines de replis jusqu'\u00e0 la fin du 1\u00b0\" semestre 2026)Les travaux se d\u00e9rouleront de nuit entre 21h30 et 05h00\u00b0 3 nuits les 02 et 03 et 04 f\u00e9vrier 2026Itin\u00e9raire de d\u00e9viation :Les usagers en provenance de l'A9 d'Orange et en direction de |'A54 Arles seront invit\u00e9s \u00e0 sortir \u00e0l'\u00e9changeur de N\u00eemes Est n\u00b024 puis suivre l'itin\u00e9raire alternatif pour rejoindre l'\u00e9changeur Garonsn\u00b02 sur l'A54,.Fermeture de la bretelle d'entr\u00e9e de l'\u00e9changeur de Nimes Ouest n\u00b025 en direction d'OrangeLes travaux seront r\u00e9alis\u00e9s de nuit entre le 27 janvier 2026 et le 05 f\u00e9vrier 2026.(5 nuits travaill\u00e9es en semaine avec les autres semaines de replis jusqu'\u00e0 la fin du 1\u00b0\" semestre2026)Les travaux se d\u00e9rouleront de nuit entre 21h30 et 05h00\u00b0 __ Snuits les 27, 28 et 29 janvier 2026 et les 02 et 05 f\u00e9vrier 2026Itin\u00e9raire de d\u00e9viation :Les usagers en provenance des entr\u00e9es de l'\u00e9changeur de Nimes Ouest n\u00b025 et en directiond'Orange seront invit\u00e9s \u00e0 suivre l'A54 en direction d'Arles, de sortir \u00e0 l'\u00e9changeur Nimes-centre,puis faire demi-tour au giratoire apr\u00e8s le p\u00e9age et reprendre l'autoroute A54 en directiond'Orange. |Fermeture partielle de l'\u00e9changeur de Nimes Ouest n\u00b025 : fermeture des bretelles d'entr\u00e9e et desortie de l'\u00e9changeur de N\u00eemes Ouest n\u00b025 en direction d'Orange.Les travaux seront r\u00e9alis\u00e9s de nuit le 26 janvier 2026 et les 9 et 10 mars 2026.(3 nuits travaill\u00e9es en semaine avec les autres semaines de replis jusqu'\u00e0 la fin du 1\u00b0 semestre2026)Les travaux se d\u00e9rouleront de nuit entre 21h30 et 05h00\u00b0 3 nuits les 26 janvier 2026 et les 09 et 10 mars 2026Itin\u00e9raire de d\u00e9viation :Les usagers en provenance des entr\u00e9es de l'\u00e9changeurde N\u00eemes Ouest n\u00b025 et en directiond'Orange puis les Usagers en provenance de l'A9 Montpellier d\u00e9sirant sortir \u00e0 l'\u00e9changeur de\n5/10\nPrefecture du Gard - 30-2025-10-01-00004 - Arr\u00eat\u00e9 N\u00b02025/15-PREF30/SR portant r\u00e9glementation temporaire de la circulation sur les\nautoroutes A9 et A54 130\n8)\nh)\nNimes Ouest n\u00b025 seront invit\u00e9s \u00e0 suivre l'A54 en direction d'Arles, de sortir \u00e0 l'\u00e9changeur Nimes-centre, puis faire demi-tour au giratoire apr\u00e8s le p\u00e9age et reprendre l'autoroute A54 en directiond'Orange ou du p\u00e9age de Nimes Ouest n\u00b025.\nFermeture. partielle de l'\u00e9changeur de Nimes Ouest n\u00b025 : fermeture de la bretelle de sortie del'\u00e9changeur de N\u00eemes Ouest n\u00b025 en provenance de Montpellier et en direction d'Orange.Les travaux seront r\u00e9alis\u00e9s de nuit entre le 27 et le 29 janvier 2026.(3 nuits travaill\u00e9es en semaine avec les autres semaines de replis jusqu'\u00e0 la fin du 1\u00b0\" semestre2026)Les travaux se d\u00e9rouleront de nuit entre 21h30 et O5h00\u00a2 3 nuits les 27, 28 et 29 janvier 2026Itin\u00e9raire de d\u00e9viation :Les usagers en provenance de l'A9 Montpellier et en direction d'Orange d\u00e9sirant sortir \u00e0l'\u00e9changeur de Nimes Ouest n\u00b025 seront invit\u00e9s \u00e0 suivre l'A54 en direction d'Arles, de sortir \u00e0l'\u00e9changeur Nimes-centre, puis faire demi-tour au giratoire apr\u00e8s le p\u00e9age et reprendre l'autorouteA54 en direction du p\u00e9age de Nimes Ouest n\u00b025.Fermeture partielle de l'\u00e9changeur de Nimes Ouest n\u00b025 : fermeture des bretelles de sortie del'\u00e9changeur de N\u00eemes Ouest n\u00b025 en provenance de Montpellier, en provenance d'Orange et enprovenance de l'A54 Arles.Les travaux seront r\u00e9alis\u00e9s de nuit le 13 avril 2026 et le 1\u00b0 juin 2026.(2 nuits travaill\u00e9es en semaine avec les autres semaines de replis jusqu'\u00e0 la fin du 3\u00b0\" trimestre2026 hors p\u00e9riode estivale)Les travaux se d\u00e9rouleront de nuit entre 21h30 et 05h00\u00b0 2 nuits le 13 avril et le 1\u00b0 juin 2026Itin\u00e9raire de d\u00e9viation :Les usagers en provenance d'Orange d\u00e9sirant sortir \u00e0 l'\u00e9changeur de Nimes Ouest n\u00b025 seront. invit\u00e9s \u00e0 sortir \u00e0 l'\u00e9changeur Nimes-Est n\u00b024 puis de suivre la route d'Avignon puis d'emprunter leboulevard du Pr\u00e9sident Salvador Allende pour rejoindre l'\u00e9changeur Nimes Ouest n\u00b025,Les usagers en provenance de Montpellier sur l'A9 et les usagers en provenance de l'AS4 d\u00e9sirantsortir \u00e0 l'\u00e9changeur de N\u00eemes Ouest n\u00b025 seront invit\u00e9s \u00e0 sortir \u00e0 l'\u00e9changeur N\u00eemes-centre n\u00b01 surl'A54 \u00e0 suivre la RD42 direction N\u00eemes centre puis le boulevard du Pr\u00e9sident Salvador Allendedirection l'\u00e9changeur de N\u00eemes Ouest n\u00b025.Fermeture partielle de l'\u00e9changeur de Nimes Ouest n\u00b025 : fermeture des bretelles d'entr\u00e9es del'\u00e9changeur de Nimes Ouest n\u00b025 en direction de Montpellier et d'Orange.Les travaux seront r\u00e9alis\u00e9s de nuit le 22 juin 2026.(1 nuit travaill\u00e9e en semaine avec les autres semaines de replis jusqu'\u00e0 la fin du 3\u00b0\"e trimestre 2026hors p\u00e9riode estivale)Les travaux se d\u00e9rouleront de nuit entre 21h30 et 05h00\u00b0 nuit le 22 juin 2026Itin\u00e9raire de d\u00e9viation :Les usagers en provenance des entr\u00e9es de l'\u00e9changeur de Nimes Ouest n\u00b025 et en direction deMontpellier seront invit\u00e9s \u00e0 suivre l'A54 en direction d'Arles, de sortir \u00e0 l'\u00e9changeur Nimes-centre,puis faire demi-tour au giratoire apr\u00e8s le p\u00e9age et reprendre l'autoroute A54 en direction deMontpellier.Les usagers en provenance des entr\u00e9es de l'\u00e9changeur de Nimes Ouest n\u00b025 et en directiond'Orange sur l''A9 seront invit\u00e9s \u00e0 rejoindre l'\u00e9changeur de Nimes Est n\u00b0 24 en empruntant le bou-levard du Pr\u00e9sident Salvador Allende puis la route d'Avignon.\n6/10\nPrefecture du Gard - 30-2025-10-01-00004 - Arr\u00eat\u00e9 N\u00b02025/15-PREF30/SR portant r\u00e9glementation temporaire de la circulation sur les\nautoroutes A9 et A54 131\n5-\na)\nb)\nb)\nTravaux sur l'axe A54 en direction d'Arles :Fermeture de la bretelle de sortie de l'\u00e9changeur de Nimes centre n\u00b01 en direction d'ArlesLes travaux seront r\u00e9alis\u00e9s de nuit entre le 08 juin et le 10 juin 2026 ainsi que le 07 septembre 2026(4 nuits travaill\u00e9es en semaine avec les autres semaines de replis jusqu'au 18 d\u00e9cembre 2026)Les travaux se d\u00e9rouleront de nuit entre 21h00 et 05h00\u00a2 4nuits les 08, 09 et 10juin 2026 et le 07 septembre 2026Itin\u00e9raire de d\u00e9viation :Les Usagers en provenance de |'AQ9 et en direction d'Arles, souhaitant sortir \u00e0 l'\u00e9changeur deNimes centre n\u00b01 seront invit\u00e9s a sortir l'\u00e9changeur de Nimes Ouest n\u00b025, puis suivre le boulevardSalvador Allende puis la RD42 jusqu'au p\u00e9age N\u00eemes centre n\u00b01.Fermeture de la bretelle de sortie de l'\u00e9changeur Garons n\u00b02 en direction d'ArlesLes travaux seront r\u00e9alis\u00e9s de nuit entre le 15 juin et le 10 septembre 2026 hors de la p\u00e9riodeestivale (7 nuits travaill\u00e9es en semaine avec les autres semaines de replis jusqu'au 18 d\u00e9cembre2026)Les travaux se d\u00e9rouleront de nuit entre 21h00 et 05h00\u00b0 7 nuits les 15, 16, 17 et 18 juin 2026 et les 08, 09 et 10 septembre 2026Itin\u00e9raire de d\u00e9viation :Les Usagers en provenance de l'A9 et en direction d'Arles, souhaitant sortir \u00e0 l'\u00e9changeur deGarons n\u00b02 seront invit\u00e9s \u00e0 sortir l'\u00e9changeur N\u00eemes centre n\u00b01, puts suivre la RD42, la RD422 et laRD442A jusqu'au p\u00e9age Garons n\u00b02Travaux sur l'axe A54 en direction de N\u00eemes :Fermeture de la bretelle de sortie de l'\u00e9changeur de Garons n\u00b02 en direction d'ArlesLes travaux seront r\u00e9alis\u00e9s de nuit entre 14 septembre et le 09 novembre 2026(5 nuits travaill\u00e9es en semaine avec les autres semaines de replis jusqu'au 18 d\u00e9cembre 2026)Les travaux se d\u00e9rouleront de nuit entre 21h00 et 05h00\u00b0 5 nuits les 14 et 15 septembre, les 05 et 06 octobre et le 09 novembre 2026Itin\u00e9raire de d\u00e9viation :Les Usagers en provenance de l'A9 et en direction d'Arles, souhaitant sortir \u00e0 l'\u00e9changeur deGarons n\u00b02 seront invit\u00e9s \u00e0 sortir l'\u00e9changeur N\u00eemes centre n\u00b01, puis suivre la RD42, la RD422 et laRD442A jusqu'au p\u00e9age Garons n\u00b02Fermeture de la bretelle de sortie de l'\u00e9changeur N\u00eemes centre n\u00b01 en direction de N\u00eemesLes travaux seront r\u00e9alis\u00e9s de nuit entre le 21 septembre et le 12 novembre 2026(5 nuits travaill\u00e9es en semaine avec les autres semaines de replis jusqu'au 18 d\u00e9cembre 2026)Les travaux se d\u00e9roulerontde nuit entre 21h00 et 05h00 |* 5 nuits les 21 et 22 septembre 2026, les 13 et 14 octobre 2026 et le 12 novembre 2026Itin\u00e9raire de d\u00e9viation :Les Usagers en provenance d'Arles et en direction de N\u00eemes, souhaitant sortir \u00e0 l'\u00e9changeur deN\u00eemes centre n\u00b01 seront invit\u00e9s \u00e0 sortir l'\u00e9changeur Garons n\u00b02 puis suivre la RD442A, le RD422puis la RD42 jusqu'au p\u00e9age de Nimes centre n\u00b01\n7/10\nPrefecture du Gard - 30-2025-10-01-00004 - Arr\u00eat\u00e9 N\u00b02025/15-PREF30/SR portant r\u00e9glementation temporaire de la circulation sur les\nautoroutes A9 et A54 132\n7\na)\nb)\nc)\nd)\nTravaux sur l'axe A54 dans les carrefours de raccordement :Fermeture des entr\u00e9es de l'\u00e9changeur de Nimes centre n\u00b01 en direction de N\u00eemes et en directiond'ArlesLes travaux seront r\u00e9alis\u00e9s de nuit le 04 novembre 2026(1 nuit travaill\u00e9e en semaine avec les autres semaines de replis jusqu'au 18 d\u00e9cembre 2026)Les travaux se d\u00e9rouleront de nuit entre 21h00 et O5h00+ _1nuit le 04 novembre 2026Itin\u00e9raire de d\u00e9viation :Les usagers souhaitant emprunter l'axe A54 au droit du p\u00e9age Nimes centre n\u00b01 en directiond'Arles seront invit\u00e9s \u00e0 suivre la RD42, la RD422 et la RD442A jusqu'au p\u00e9age Garons n\u00b02.Les usagers souhaitant emprunter l'axe A54 au droit du p\u00e9age N\u00eemes centre n\u00b01 en direction deN\u00eemes seront invit\u00e9s \u00e0 suivre la RD42, Bd du Pr\u00e9sident Salvador Allende direction Montpellier augiratoire et rejoindre le p\u00e9age de N\u00eemes Ouest n\u00b025.Fermeture des entr\u00e9es de l'\u00e9changeur de N\u00eemes Garons n\u00b02 en direction de N\u00eemes et en directiond'ArlesLes travaux seront r\u00e9alis\u00e9s de nuit le 01 septembre 2026 et 15 octobre 2026(2 nuits travaill\u00e9es en semaine avec les autres semaines de replis jusqu'au 18 d\u00e9cembre 2026)Les travaux se d\u00e9rouleront de nuit entre 21h00 et 05h00+ 2 nuits le 01 septembre 2026 et le 15 octobre 2026Itin\u00e9raire de d\u00e9viation :Les usagers souhaitant emprunter l'axe A54 au droit du p\u00e9age Nimes Garons n\u00b02 en directiond'Arles seront invit\u00e9s \u00e0 suivre le PGT du Gard, l'itin\u00e9raire alternatif pour rejoindre le rond-point deTrinquetaille sortie n\u00b04 en passant par la D442, puis la D442A et la D6113 en direction de Arlesjusqu'\u00e0 l'entr\u00e9e n\u00b04, rond-point de Trinquetaille.Les usagers souhaitant emprunter l'axe A54 au droit du p\u00e9age Garons n\u00b02 en direction de N\u00eemesseront invit\u00e9s \u00e0 suivre le PGT du Gard, l'itin\u00e9raire alternatif pour rejoindre l'\u00e9changeur de N\u00eemesEst n\u00b024 par la D442A, la D442, la D6113 en direction d'Avignon et la D135, D6086 et rejoindre lep\u00e9age de N\u00eemes Est n\u00b024.Fermeture de la bretelle d'entr\u00e9e de l'\u00e9changeur de N\u00eemes centre n\u00b01 en direction de NimesLes travaux seront r\u00e9alis\u00e9s de nuit les 16 et 17 septembre 2026(2 nuits travaill\u00e9es en semaine avec les autres semainesde replis jusqu'au 18 d\u00e9cembre 2026)Les travaux se d\u00e9rouleront de nuit entre 21h00 et 05h00\u00b0 2 nuits les 16 et 17 septembre 2026Itin\u00e9raire de d\u00e9viation:Les usagers souhaitant emprunter l'axe A54 au droit du p\u00e9age N\u00eemes centre n\u00b01 en direction deN\u00eemes seront invit\u00e9s \u00e0 suivre la RD42, Bd du Pr\u00e9sident Salvador Allende direction Montpellier augiratoire et rejoindre le p\u00e9age de N\u00eemes Ouest n\u00b025.Fermeture de la bretelle d'entr\u00e9e de l'\u00e9changeur de Nimes Garons n\u00b02 en direction de NimesLes travaux seront r\u00e9alis\u00e9s de nuit les 02 et 03 septembre 2026(2 nuits travaill\u00e9es en semaine avec les autres semaines de replis jusqu'au 18 d\u00e9cembre 2026)Les travaux se d\u00e9rouleront de nuit entre 21h00 et 05h00\u00b0 2nuits les 02 et 03 septembre 2026Itin\u00e9raire de d\u00e9viation :Les usagers souhaitant emprunter l'axe A54 au droit du p\u00e9age Garons n\u00b02 en direction de Nimesseront invit\u00e9s \u00e0 suivre le PGT du Gard, l'itin\u00e9raire alternatif pour rejoindre l'\u00e9changeur de NimesEst n\u00b024 par la D442A, la D442, la D6113 en direction d'Avignon et la D135, D6086 et rejoindre lep\u00e9age de N\u00eemes Est n\u00b024\n8/10\nPrefecture du Gard - 30-2025-10-01-00004 - Arr\u00eat\u00e9 N\u00b02025/15-PREF30/SR portant r\u00e9glementation temporaire de la circulation sur les\nautoroutes A9 et A54 133\nARTICLE 4: Suivi des signalisations et S\u00e9curit\u00e9La signalisation aff\u00e9rente aux travaux d\u00e9finis \u00e0 l'article 1 du pr\u00e9sent arr\u00eat\u00e9 est mise en place parAutoroutes du Sud de la France, conform\u00e9ment \u00e0 la r\u00e9glementation en vigueur relative \u00e0 la signalisationtemporaire sur autoroutes.En plus des signalisations d\u00e9finies ci-dessus, l'entreprise charg\u00e9e de l'ex\u00e9cution des travaux prend toutesles mesures de protection et de signalisation utiles sous le contr\u00f4le des Autoroutes du Sud de la France etde la gendarmerie autorouti\u00e8re (Peloton de Gallargues).\nARTICLE 5: Information des usagersL'information des usagers est effectu\u00e9e :\u00b0 par affichage de messages sur les panneaux \u00e0 messages variables \u00abPMV\u00bb en section courante, et\u00ab PMVA \u00bb en acc\u00e8s d'autoroute,\u00b0 par diffusion d'information en temps r\u00e9el sur Radio Vinci Autoroutes 107.7 MHz.* par voie informatique via le site internet d\u00e9di\u00e9 aux chantiers,\u00b0__ par le biais du num\u00e9ro unique Vinci Autoroutes 3605, actif 24h/24\nARTICLE 6 : D\u00e9rogationL'inter distance entre le chantier, objet du pr\u00e9sent dossier d'exploitation et tout autre chantier n\u00e9cessaire\u00e0 l'entretien de l'autoroute est ramen\u00e9 \u00e0 O km.R\u00e9duction momentan\u00e9e de la capacit\u00e9 d'\u00e9coulement du trafic par rapport \u00e0 la demande pr\u00e9visible detrafic pendant certains jours et pour certaines plages horaires.La vitesse sera limit\u00e9e \u00e0 90km/h au droit des zones du chantier o\u00f9 des s\u00e9parateurs modulaires de voiesseront mis en place.Mise en place d'une r\u00e9duction des largeurs des voies du PK 54+240 au PK 56+800 dans les deux sens decirculation.Des fermetures d'axe ou de bretelles d'\u00e9changeur comme d\u00e9crit dans l'article 3 calendrier des travaux.\nARTICLE 7 : Convois exceptionnelsLes convois de 2\u00e9me cat\u00e9gorie, 3\u00e8me cat\u00e9gorie ainsi que toutes les grues automotrices ont interdictionsde circuler entre l'\u00e9changeur Remoulins et Nimes Est dans les deux sens pendant les semaines 41 \u00e0 43 soitdu 6 octobre 2025 au 24 octobre 2025.ARTICLE 8 : RecoursLe pr\u00e9sent arr\u00eat\u00e9 peut faire l'objet d'un recours administratif aupr\u00e8s du pr\u00e9fet du Gard (pr\u00e9fecture duGard 30045 Nimes Cedex 9), d'un recours hi\u00e9rarchique adress\u00e9 \u00e0 Monsieur le ministre de l'Int\u00e9rieur -place Beauvau 75 800 Paris) ou d'un recours contentieux devant le tribunal administratif de N\u00eemes, dansun d\u00e9lai de deux mois suivant sa publication. Le tribunal administratif peut aussi \u00eatre saisi parl'application informatique \"T\u00e9l\u00e9recours Citoyens\" accessible par le site internet www.telerecours.fr\n9/10\nPrefecture du Gard - 30-2025-10-01-00004 - Arr\u00eat\u00e9 N\u00b02025/15-PREF30/SR portant r\u00e9glementation temporaire de la circulation sur les\nautoroutes A9 et A54 134\nARTICLE 9:La directrice de cabinet du pr\u00e9fet du Gard, le colonel commandant le groupement de gendarmerie duGard, les maires des communes de Nimes, Milhaud et Caissargues le directeur r\u00e9gional Languedoc-Roussillon des Autoroutes du Sud de la France a Narbonne, les directeurs d'entreprises charg\u00e9es de lama\u00eetrise d'\u0153uvre et/ou des travaux, sont charg\u00e9s, chacun en ce qui le concerne, de l'ex\u00e9cution du pr\u00e9sentarr\u00eat\u00e9, dont copie est adress\u00e9e, pour information, \u00e0 la DIR M\u00e9diterran\u00e9e district Rh\u00f4ne-C\u00e9vennes, auconseil d\u00e9partemental du Gard et \u00e0 FCA. N\u00eemes, le 1 OCT. 2025Le pr\u00e9fet,\n10/10\nPrefecture du Gard - 30-2025-10-01-00004 - Arr\u00eat\u00e9 N\u00b02025/15-PREF30/SR portant r\u00e9glementation temporaire de la circulation sur les\nautoroutes A9 et A54 135\nPrefecture du Gard\n30-2025-09-22-00003\nARRETE PORTANT HABILITATION d'une\nm\u00e9diatrice de l'association pour l'accueil des\nr\u00e9fugi\u00e9s au LRA/CRA de N\u00eemes\nPrefecture du Gard - 30-2025-09-22-00003 - ARRETE PORTANT HABILITATION d'une m\u00e9diatrice de l'association pour l'accueil des\nr\u00e9fugi\u00e9s au LRA/CRA de N\u00eemes 136\nService des Migrations et de I'Int\u00e9grationPREFET awDU GARD Bureau de l'\u00c9loignement et de l'AsileLibert\u00e9Egalit\u00e9 | Arr\u00eat\u00e9 n\u00b0 30-2025Fraternit\u00e9 portant habilitation d'une m\u00e9diatrice __ |de l'association pour l'accueil des r\u00e9fugi\u00e9s FORUM REFUGIESau centre de r\u00e9tention administrative de N\u00eemes (GARD)\nLe Pr\u00e9fet du GardChevalier de la L\u00e9gion d'Honneur,Officier de l'Ordre National du M\u00e9rite,\nVU le code de l'entr\u00e9e et du s\u00e9jour des \u00e9trangers et du droit d'asile, et notamment l'articleR 744-20 et R 744-21;VU le r\u00e8glement int\u00e9rieur du centre de r\u00e9tention administrative de Nimes;VU la demande d'habilitation formul\u00e9e le 15 septembre 2025 par le directeur adjoint del'association pour l'accueil des r\u00e9fugi\u00e9s FORUM REFUGIES;SUR proposition du Secr\u00e9taire G\u00e9n\u00e9ral de la Pr\u00e9fecture du Gard ;\nARRETEARTICLE 1: est habilit\u00e9e a intervenir au centre de r\u00e9tention administrative de Nimes ainsi quedans le local de r\u00e9tention de Nimes en qualit\u00e9 de m\u00e9diatrice de |l'association pour l'accueildes r\u00e9fugi\u00e9s FORUM REFUGIES :Madame Mathilde BEAUPERIN, n\u00e9e le 31/01/1996 \u00e0 RennesARTICLE 2: la personne est tenue de se conformer au r\u00e9glement int\u00e9rieur du centre der\u00e9tention administrative de Nimes.ARTICLE 3: la pr\u00e9sente habilitation est valable du 06 octobre 2025 au 06 octobre 2026. Lesservices de la pr\u00e9fecture seront avertis dans les meilleurs d\u00e9lais en cas de radiation d'unm\u00e9diateur habilit\u00e9 des effectifs de l'association. Tout renouvellement sera sollicit\u00e9 un moisavant l'\u00e9ch\u00e9ance de I'habilitation en cours. |ARTICLE 4 : le Secr\u00e9taire G\u00e9n\u00e9ral de la pr\u00e9fecture du Gard, le Directeur Interd\u00e9partementalAdjoint, Chef des services de Police aux Fronti\u00e8res du Gard, le directeur de l'associationFORUM REFUGIES, sont charg\u00e9s, chacun en ce qui le concerne, de l'ex\u00e9cution du pr\u00e9sentarr\u00eat\u00e9. N\u00eemes, le 22/09/2025Le Pr\u00e9fetPour le pr\u00e9fet,le sous-pr\u00e9fet, .secr\u00e9taire g\u00e9n\u00e9ral adjointH\u00f4tel de la Pr\u00e9fecture n10 avenue Feuch\u00e9res \u2014 30045 NIMES CEDEX 9T\u00e9l : 0 4 66 36 43 90 Mathias NIEPSFax : 04 66 36 00 87 - www.gard.gouv.fr\nPrefecture du Gard - 30-2025-09-22-00003 - ARRETE PORTANT HABILITATION d'une m\u00e9diatrice de l'association pour l'accueil des\nr\u00e9fugi\u00e9s au LRA/CRA de N\u00eemes 137\nPrefecture du Gard\n30-2025-09-24-00001\nArr\u00eat\u00e9 pr\u00e9fectoral portant attribution titre\nmaitre restaurateur \nPrefecture du Gard - 30-2025-09-24-00001 - Arr\u00eat\u00e9 pr\u00e9fectoral portant attribution titre maitre restaurateur 138\nE = Pr\u00e9fecture - Direction de la citoyennet\u00e9,PREFET de la l\u00e9galit\u00e9 et de la coordinationDU GARD Service des \u00e9lections, de la r\u00e9glementation g\u00e9n\u00e9raleLibert\u00e9 dEgalit\u00e9 * et deFraternit\u00e9 l'environnement\nArr\u00eat\u00e9 n\u00b0portant attribution du titre de ma\u00eetre-restaurateur\n__ Le pr\u00e9fet du Gard,chevalier de la L\u00e9gion d'honneur,officier de l'ordre national du M\u00e9rite,\nVU le Code de la Consommation, notamment son article R.115-5 :VU le Code de l'Education, notamment ses articles R.335-12 et suivants ;VU le Code G\u00e9n\u00e9ral des Imp\u00f4ts, notamment son article 244 quater Q;VU le d\u00e9cret n\u00b0 2007-1359 du 14 septembre 2007 relatif au titre de ma\u00eetre-restaurateur ;VU les arr\u00eat\u00e9s interminist\u00e9riels des 14 septembre 2007 relatifs \u00e0 l'attribution du titre dema\u00eetre-restaurateur, et aux conditions de justifications des comp\u00e9tences requises pourb\u00e9n\u00e9ficier du titre de maitre-restaurateur;VU l'arr\u00eat\u00e9 minist\u00e9riel du 17 janvier 2008 fixant la liste des organismes certificateurs aptes \u00e0r\u00e9aliser l'audit externe relatif \u00e0 la d\u00e9livrance du titre de ma\u00eetre-restaurateur ;VU l'arr\u00eat\u00e9 minist\u00e9riel du 26 mars 2015 relatif au cahier des charges;VU la circulaire minist\u00e9rielle du 24 avril 2008 relative \u00e0 la mise en \u0153uvre du titre de maitre-restaurateur ;VU le d\u00e9cret du 13juillet 2023 nommant Monsieur J\u00e9r\u00f4me BONET pr\u00e9fet du Gard ;VU l'arr\u00eat\u00e9 pr\u00e9fectoral du 18 octobre 2024 donnant d\u00e9l\u00e9gation de signature a Monsieur YannG\u00e9rard, secr\u00e9taire g\u00e9n\u00e9ral de la pr\u00e9fecture du Gard;VU la demande re\u00e7ue en pr\u00e9fecture le 23juillet 2025 et pr\u00e9sent\u00e9e par Madame L\u00e9onie-MAZARS, cog\u00e9rante de l'\u00e9tablissement l'Amarette, situ\u00e9e 8 avenue Jean Lasserre, 30240 LeGrau du Roi et par laquelle l'int\u00e9ress\u00e9e demande l'obtention du titre de ma\u00eetre-restaurateurpour Monsieur F\u00e9lix RIVAL, chef cuisinier et cog\u00e9rant de l'\u00e9tablissement suscit\u00e9 ;CONSIDERANT que Monsieur F\u00e9lix RIVAL, cog\u00e9rant et chef cuisinier de l'\u00e9tablissementl''Amarette, situ\u00e9 8 avenue Jean LASSERRE 30240 Le Grau du Roi remplit toutes les conditionsfix\u00e9es par les textes susvis\u00e9s;SUR proposition du:Secr\u00e9taire G\u00e9n\u00e9ral de la Pr\u00e9fecture du Gard,\nPrefecture du Gard - 30-2025-09-24-00001 - Arr\u00eat\u00e9 pr\u00e9fectoral portant attribution titre maitre restaurateur 139\nARRETEArticle 1er : Le titre de ma\u00eetre-restaurateur est d\u00e9cern\u00e9 a Monsieur F\u00e9lix RIVAL cog\u00e9rant etchef cuisinier de l'\u00e9tablissement l'Amarette, situ\u00e9 8 avenue Jean Lasserre, 30240 Le Grau duRoi. |Article 2 : Le pr\u00e9sent acte est valable pour une dur\u00e9e maximum de quatre ans \u00e0 compter desa publication.Article 3 : Tout changement intervenant dans l'un des \u00e9l\u00e9ments ayant conduit \u00e0 l'attributionde ce titre devra \u00eatre imm\u00e9diatement signal\u00e9 au Pr\u00e9fet du Gard (Direction de la Citoyennet\u00e9,de la L\u00e9galit\u00e9 et de la Coordination-Service des \u00c9lections, R\u00e9glementation G\u00e9n\u00e9rale etEnvironnement \u2014 Bureau de la R\u00e9glementation G\u00e9n\u00e9rale et de l'Environnement).Article 4 : En cas de d\u00e9part de Monsieur F\u00e9lix RIVAL, dont la qualification a permis lad\u00e9livrance du titre, le nouveau responsable de l'\u00e9tablissement devra pourvoir \u00e0 sonremplacement, soit par lui-m\u00eame, soit par une personne d\u00e9tenant une qualification identiqueou\u00e0 minima, correspondant \u00e0 celle de cuisinier, selon les textes pr\u00e9cit\u00e9s, dans un d\u00e9lai detrente jours. :Article 5 : Cette d\u00e9cision peut \u00eatre contest\u00e9e, dans un d\u00e9lai de deux mois \u00e0 compter de lanotification du pr\u00e9sent arr\u00eat\u00e9, par voie de recours gracieux aupr\u00e8s de la commissionr\u00e9gionale de recours pour l'attribution du titre de ma\u00eetre-restaurateur dont le secr\u00e9tariat estassur\u00e9 par le Directeur de la DREETS Occitanie/ Service r\u00e9gional de contr\u00f4le de la formationet titres professionnels/ Unit\u00e9 de Contr\u00f4le Est, sis au 615, Boulevard d'Antigone, CS 19002,34064 Montpellier CEDEX 2.Article 6 : Le Secr\u00e9taire g\u00e9n\u00e9ral de la Pr\u00e9fecture du Gard, le maire de N\u00eemes, le Directeurd\u00e9partemental de la protection des populations, le Directeur d\u00e9partemental des Financespubliques sont charg\u00e9s, chacun en ce qui les concerne, de l'ex\u00e9cution du pr\u00e9sent arr\u00eat\u00e9 quisera publi\u00e9 au recueil des actes administratifs de la Pr\u00e9fecture du Gard et dont une copie sera .adress\u00e9e au demandeur ainsi qu'au :Minist\u00e8re de l'Economie, des Finances et de la Souverainet\u00e9 Industrielle et Num\u00e9rique -Direction g\u00e9n\u00e9rale de la comp\u00e9titivit\u00e9, de l'industrie et des services -Sous-direction du commerce, de l'artisanat et des professions lib\u00e9ralesService Tourisme, commerce artisanat et servicesB\u00e2timent Condorcet - T\u00e9l\u00e9doc 314 -6, rue Louise Weiss \u201475703 PARIS CEDEX 13;Et \u00e0 la:DREETS OccitanieService r\u00e9gional de contr\u00f4le de la formation et titres professionnelsUnit\u00e9 de contr\u00f4le Est615, Boulevard d'Antigone CS 1900234064 Montpellier CEDEX 2 \u00e0 N\u00eemes,pour le Pr\u00e9fet et par d\u00e9l\u00e9gation,le secr\u00e9taire g\u00e9n\u00e9ralafet,e secr\u00e9taire g\nH\u00f4tel de la Pr\u00e9fecture - 10 avenue Feuch\u00e8res - 30 045 NIMES CEDEX 9T\u00e9l :04 66 36 43 90 - Fax : 04.66.36.00.87 - www.gard.gouv.fr\nPrefecture du Gard - 30-2025-09-24-00001 - Arr\u00eat\u00e9 pr\u00e9fectoral portant attribution titre maitre restaurateur 140\nSous Pr\u00e9fecture d'Al\u00e8s\n30-2025-09-29-00010\nArr\u00eat\u00e9 n\u00b025-09-36 portant habilitation dans le\ndomaine fun\u00e9raire pour une dur\u00e9e de 5 ans-\nMarbrerie des C\u00e9vennes \u00e0 Saint-Jean-du-Gard\n(30270)\nSous Pr\u00e9fecture d'Al\u00e8s - 30-2025-09-29-00010 - Arr\u00eat\u00e9 n\u00b025-09-36 portant habilitation dans le domaine fun\u00e9raire pour une dur\u00e9e de 5\nans- Marbrerie des C\u00e9vennes \u00e0 Saint-Jean-du-Gard (30270) 141\nSous-pr\u00e9fecture d'Al\u00e8sPREFET Bureau de la r\u00e9glementation Fun\u00e9raire et des associationspie GARD Service d\u00e9partemental du fun\u00e9raireiberteEgalit\u00e9Fraternit\u00e9\nArr\u00eat\u00e9 n\u00b0 25-09-36portant renouvellement d'habilitation dans le domaine fun\u00e9raire pour une dur\u00e9e de 5 ansLe pr\u00e9fet du Gard,Chevalier de la l\u00e9gion d'honneur,Officier de l'ordre national du M\u00e9rite,Vu le code g\u00e9n\u00e9ral des collectivit\u00e9s territoriales, notamment les articles L. 2223-19 etsuivants;Vu l'arr\u00eat\u00e9 pr\u00e9fectoral n\u00b0 30-2024-10-18-00007 du 18 octobre 2024 donnant d\u00e9l\u00e9gationde signature \u00e0 Monsieur Emile SOUMBO, sous-pr\u00e9fet de l'arrondissement d'Al\u00e8s ;Vu l'arr\u00eat\u00e9 pr\u00e9fectoral en date du 17juillet 2019 portant renouvellement d'habilitation dansle domaine fun\u00e9raire pour une dur\u00e9e de 6 ans sous le n\u00b0 17-30-473, \u00e0 la SARL Marbrerie desC\u00e9vennes, pour son \u00e9tablissement situ\u00e9 place des quatre vents \u00e0 Saint-Jean-du-Gard (30270),SIRET n\u00b0 810 731 323 00012 dirig\u00e9e par M. S\u00e9bastien BRUN, g\u00e9rant ;Vu la demande de renouvellement d'habilitation dans le domaine fun\u00e9raire formul\u00e9e par M.S\u00e9bastien BRUN, ;Vu l'extrait Kbis de la soci\u00e9t\u00e9, \u00e0 jour en date du 03 septembre 2025;Consid\u00e9rant que I'habilitation n\u00b0 17-30-473 arrive \u00e0 \u00e9ch\u00e9ance \u00e0 la date du 05/07/2025 ;Consid\u00e9rant que la demande de renouvellement d'habilitation est constitu\u00e9e conform\u00e9-ment \u00e0 la r\u00e9glementation en vigueur ;Sur proposition du sous-pr\u00e9fet d'Al\u00e8s;ARR\u00caTE\nArticle 1*: La SARL Marbrerie des C\u00e9vennes, pour son \u00e9tablissement situ\u00e9 place des quatrevents \u00e0 Saint-Jean-du-Gard (30270), SIRET n\u00b0 810 73132300012 dirig\u00e9e parM. S\u00e9bastien BRUN, est habilit\u00e9e pour exercer sur l'ensemble du territoirenational, les activit\u00e9s fun\u00e9raires suivantes :- fourniture de personnel, objets et prestations n\u00e9cessaires aux obs\u00e8ques,inhumations, exhumations et cr\u00e9mations.\nSOUS-PREFECTURE d'AL\u00c8S \u2014 3 boulevard Louis Blanc - - 30100 ALES \u2014 T\u00e9l.: 04.66.56.39.39 \u2014 www.gard.gouv.fr\nSous Pr\u00e9fecture d'Al\u00e8s - 30-2025-09-29-00010 - Arr\u00eat\u00e9 n\u00b025-09-36 portant habilitation dans le domaine fun\u00e9raire pour une dur\u00e9e de 5\nans- Marbrerie des C\u00e9vennes \u00e0 Saint-Jean-du-Gard (30270) 142\nArticle 3: Le num\u00e9ro d'habilitation est: 25-30-0113.Article 4: La dur\u00e9e de la pr\u00e9sente habilitation est fix\u00e9e pour une dur\u00e9e de 5 ans, soitjusqu'au : 06/07/2030.Article 5: La pr\u00e9sente habilitation peut \u00eatre retir\u00e9e ou suspendue pour une ou plusieursactivit\u00e9s pour l'un des motifs pr\u00e9vus par l'article L.2223-25 du code g\u00e9n\u00e9raldes collectivit\u00e9s territoriales.Article 6: Le sous-pr\u00e9fet d'Al\u00e9s est charg\u00e9 de l'ex\u00e9cution du pr\u00e9sent arr\u00eat\u00e9 dont unexemplaire est notifi\u00e9 \u00e0 l'int\u00e9ress\u00e9 et ins\u00e9r\u00e9 au recueil des actesadministratifs (RAA) de la pr\u00e9fecture du Gard.\nAl\u00e8s le 29 septembre 2025\nLe sous-pr\u00e9fet\n\u00c9mile SOUMBO\nN\u00b0 d'insertion au RAA :\nVoies et d\u00e9lais de recours :La pr\u00e9sente d\u00e9cision peut faire l'objet d'un recours administratif aupr\u00e8s de l'autorit\u00e9 qui l'a d\u00e9livr\u00e9e ou aupr\u00e8s dutribunal administratif de Nimes, dans un d\u00e9lai de deux mois \u00e0 compter de sa notification pour l'int\u00e9ress\u00e9 et de sapublication pour les tiers.\nSOUS-PREFECTURE d'AL\u00c8S - 3 boulevard Louis Blanc - - 30100 ALES \u2014 T\u00e9l.: 04.66.56 39.39 \u2014 www.gardgouv fr\nSous Pr\u00e9fecture d'Al\u00e8s - 30-2025-09-29-00010 - Arr\u00eat\u00e9 n\u00b025-09-36 portant habilitation dans le domaine fun\u00e9raire pour une dur\u00e9e de 5\nans- Marbrerie des C\u00e9vennes \u00e0 Saint-Jean-du-Gard (30270) 143\nSous Pr\u00e9fecture d'Al\u00e8s\n30-2025-10-03-00001\nArr\u00eat\u00e9 n\u00b025-10-10 du 3 octobre 2025\nportant autorisation de la manifestation\nnautique \"R\u00e9gate Sprints de Beaucaire\"\norganis\u00e9e par l'association \"Aviron Beaucaire\"\n le samedi 18 octobre 2025 sur le bras dormant\ndu Rh\u00f4ne\nSous Pr\u00e9fecture d'Al\u00e8s - 30-2025-10-03-00001 - Arr\u00eat\u00e9 n\u00b025-10-10 du 3 octobre 2025\nportant autorisation de la manifestation nautique \"R\u00e9gate Sprints de Beaucaire\" organis\u00e9e par l'association \"Aviron Beaucaire\"\n le samedi 18 octobre 2025 sur le bras dormant du Rh\u00f4ne\n144\nz= Eu Sous-pr\u00e9fecture d'Al\u00e8sPREFET Bureau de l'environnementDU GARD et des polices administrativesLibert\u00e9 Service des manifestations sportives et nautiques\u00c9galit\u00e9Fraternit\u00e9\nArr\u00eat\u00e9 n\u00b025-10-10 du 3 octobre 2025portant autorisation de la manifestation nautique \"R\u00e9gate Sprints de Beaucaire\" organis\u00e9epar l'association \"Aviron Beaucaire\"le samedi 18 octobre 2025 sur le bras dormant du Rh\u00f4neLe pr\u00e9fet du Gardchevalier de la L\u00e9gion d'honneur,officier de l'ordre national du M\u00e9rite\nVu le code g\u00e9n\u00e9ral des collectivit\u00e9s territoriales ;Vu le code g\u00e9n\u00e9ral de la propri\u00e9t\u00e9 des personnes publiques ;Vu le code des transports, notamment l'article R.4241-38 ;Vu le code de l'environnement ;Vu la loi 2012-77 du 24 janvier 2012 relative \u00e0 Voies Navigables de France ;Vu la loi 83-675 du 26juillet 1983 relative \u00e0 la d\u00e9mocratisation du secteur public ;Vu le d\u00e9cret n\u00b02004-374 du 29 avril 2004 relatif aux pouvoirs des pr\u00e9fets, \u00e0 l'organisation et al'action des services de l'\u00c9tat dans les r\u00e9gions et d\u00e9partements ;Vu le d\u00e9cret n\u00b02012-1556 d\u00e9terminant la liste des mesures temporaires d'interruption ou demodification des conditions de la navigation pouvant \u00eatre prises par le gestionnaire de lavoie d'eau ;Vu le d\u00e9cret du 13 juillet 2023 nommant M. J\u00e9r\u00f4me BONET, pr\u00e9fet du Gard;Vu l'arr\u00eat\u00e9 minist\u00e9riel du 7 novembre 2006 fixant le r\u00e9f\u00e9rentiel national relatif aux dispositifspr\u00e9visionnels de secours ;Vu l'arr\u00eat\u00e9 inter-pr\u00e9fectoral portant r\u00e8glement particulier de police de la navigationint\u00e9rieure sur itin\u00e9raire Rh\u00f4ne et Sa\u00f4ne \u00e0 grand gabarit en vigueur ;Vu l'arr\u00eat\u00e9 pr\u00e9fectoral r\u00e9glementant l'exercice de la navigation de plaisance et des activit\u00e9ssportives et touristiques sur le vieux Rh\u00f4ne entre les PK263,350 et 267,650 (bras deBeaucaire) dans le d\u00e9partement du Gard en vigueur ;Vu l'arr\u00eat\u00e9 du 28 juin 2013 portant r\u00e8glement g\u00e9n\u00e9ral de police de la navigation int\u00e9rieure;Vu l'arr\u00eat\u00e9 pr\u00e9fectoral n\u00b030-2024-10-18-00007 du 18 octobre 2024 donnant d\u00e9l\u00e9gation designature \u00e0 M. Emile SOUMBO, sous-pr\u00e9fet d'Al\u00e8s ;Vu les avis favorables et r\u00e9put\u00e9s favorables des services et administrations consult\u00e9s ;Vu l'avis favorable des Voies Navigables de France (VNF) approuv\u00e9 par la CompagnieNationale du Rh\u00f4ne (CNR) concessionnaire ;Vu le projet d'avis \u00e0 batellerie N\u00b0FR/2025/05672 pr\u00e9par\u00e9 par la CNR;Consid\u00e9rant le dossier d\u00e9pos\u00e9 le 23 juillet 2025, par M. Henri CRASSOUS, pr\u00e9sident del'association \"Aviron Beaucaire\", en vue d'organiser la manifestation nautique intitul\u00e9e\"R\u00e9gate Sprint aviron de Beaucaire\", le 18 octobre 2025, sur le bras dormant du Rh\u00f4ne, sur lacommune de Beaucaire ;\nSous Pr\u00e9fecture d'Al\u00e8s - 30-2025-10-03-00001 - Arr\u00eat\u00e9 n\u00b025-10-10 du 3 octobre 2025\nportant autorisation de la manifestation nautique \"R\u00e9gate Sprints de Beaucaire\" organis\u00e9e par l'association \"Aviron Beaucaire\"\n le samedi 18 octobre 2025 sur le bras dormant du Rh\u00f4ne\n145\nConsid\u00e9rant la comp\u00e9tence du Pr\u00e9fet pour prendre des mesures temporaires sur lanavigation int\u00e9rieure en mati\u00e8re de manifestations nautiques ;Sur proposition de M. le sous-pr\u00e9fet d'Al\u00e9s;ARR\u00caTETITRE I\nDES CONDITIONS G\u00c9N\u00c9RALES D'ORGANISATION DE LA MANIFESTATION NAUTIQUE\nArticle 1 - OrganisateurMonsieur Henri CRASSOUS, pr\u00e9sident de l'association \"Aviron Beaucaire\", est autoris\u00e9 \u00e0organiser, dans le Gard, la manifestation nautique d\u00e9nomm\u00e9e \"R\u00e9gate Sprint aviron deBeaucaire\"Article 2 - Dates, horaires et lieu de la manifestationLa manifestation nautique sera organis\u00e9e aux dates, horaires et lieux qui suivent :* Date de la manifestation : le 18 octobre 2025, exclusivement de 9h30 \u00e0 17h30* Lieu de la manifestation: Beaucaire sur le bras dormant du Rh\u00f4ne, entre ses PointsKilom\u00e9triques 263,350 et 267,650.P\u00e9rim\u00e8tre fluvial de l'emprise nautique de l'\u00e9v\u00e8nement :\u00a2 Voie d'eau concern\u00e9e : Vieux Rh\u00f4ne dit \u00ab bras de Beaucaire \u00bb sur domaine public fluvialconc\u00e9d\u00e9 \u00e0 la Compagnie Nationale du Rh\u00f4ne (CNR) entre :PK le plus en amont du vieux Rh\u00f4ne conc\u00e9d\u00e9 : 263.350PK le plus en aval du vieux Rh\u00f4ne conc\u00e9d\u00e9 : 267.650Article 3 - Mesures temporairesEn raison du nombre d'avirons pr\u00e9vus lors du pr\u00e9sent \u00e9v\u00e8nement, les pratiques du jetacrobatique, de la voile et du cano\u00eb autoris\u00e9es dans le cadre des mesures permanentes li\u00e9esau r\u00e8glement particulier de police de plaisance en vigueur sur le bras de Beaucaire seronttemporairement interdites sur ce plan d'eau du vieux Rh\u00f4ne. De fait, le plan d'eau serar\u00e9serv\u00e9 \u00e0 la seule pratique de l'aviron encadr\u00e9 par le club organisateur, ceci le temps del'\u00e9v\u00e8nement.D\u00e9rogations n\u00e9cessaires au r\u00e8glementde police de la navigation pour autoriser l'\u00e9v\u00e8nementfluvial :Le pr\u00e9fet de d\u00e9partement d\u00e9roge \u00e0 l'article 3 de l'arr\u00eat\u00e9 pr\u00e9fectoral r\u00e9glementant l'exercicede la navigation de plaisance et des activit\u00e9s sportives et touristiques sur le vieux Rh\u00f4ne entreles PK 263.350 et 267.650 (bras de Beaucaire) dans le d\u00e9partement du Gard, ceci:- en interdisant, durant l'\u00e9v\u00e8nement, toute autre pratique nautique que celle de l'aviron surtout le bras de Beaucaire,- en \u00e9tendant au b\u00e9n\u00e9fice des seuls avirons la zone du bras de Beaucaire comprise entre lesPK 267.300 et 267.650, ceci pour la seule dur\u00e9e de la manifestation.\nSous Pr\u00e9fecture d'Al\u00e8s - 30-2025-10-03-00001 - Arr\u00eat\u00e9 n\u00b025-10-10 du 3 octobre 2025\nportant autorisation de la manifestation nautique \"R\u00e9gate Sprints de Beaucaire\" organis\u00e9e par l'association \"Aviron Beaucaire\"\n le samedi 18 octobre 2025 sur le bras dormant du Rh\u00f4ne\n146\nTITRE IlDES CONDITIONS PARTICULI\u00c8RES D'ORGANISATION DE LA MANIFESTATION NAUTIQUEArticle 4 - Pr\u00e9sence / Stationnement du publicLa manifestation est ouverte au public.Pour les cas oU un bateau quitterait sa trajectoire ou lors d'un incident de course, lestationnement du public est interdit sur les bas-ports, gradins ou berge ou, d'une fa\u00e7ong\u00e9n\u00e9rale, \u00e0 un niveau se rapprochant du plan d'eau.Le p\u00e9titionnaire devra prendre toutes les mesures utiles et appropri\u00e9es pour que cetteinterdiction soit effective, notamment en la mat\u00e9rialisant de fa\u00e7on appropri\u00e9e sur l'ensembledu lin\u00e9aire de berge concern\u00e9 par la manifestation.\nArticle 5 - Signalisation et balisageLe p\u00e9titionnaire devra mettre en place la signalisation temporaire n\u00e9cessaire aud\u00e9roulement en toute s\u00e9curit\u00e9 de la manifestation et veiller au respect de celle-ci. Il devraparticuli\u00e8rement surveiller les amarrages, balisages et \u00e9quipements utilis\u00e9s dans le cadrede la manifestation.Les corps morts servant \u00e0 maintenir les bou\u00e9es seront enlev\u00e9s en m\u00eame temps que celles-ci afin de ne pas entraver la navigation.En fin d'activit\u00e9, les lieux devront \u00eatre laiss\u00e9s en bon \u00e9tat de propret\u00e9.Article 6 - Mesures de s\u00e9curit\u00e9L'organisateur veillera \u00e0 la mise en place et au maintien permanent de deux bateaux des\u00e9curit\u00e9 minimum sur le site. Ces bateaux seront situ\u00e9s, l'un \u00e0 l'amont de la manifestationet l'autre \u00e0 l'aval de mani\u00e8re \u00e0 avoir une bonne visibilit\u00e9 sur la navigation \u00e0 l'approche del'\u00e9v\u00e9nement et assurer la s\u00e9curit\u00e9 des participants aux limites du p\u00e9rim\u00e8tre de lamanifestation nautique.Le p\u00e9rim\u00e8tre de s\u00e9curit\u00e9 illustr\u00e9 au plan au dossier de demande sera scrupuleusementrespect\u00e9 par tous (organisateurs et navigants).L'organisateur devra disposer, soit par lui-m\u00eame ou soit par voie de convention avec lesorganismes comp\u00e9tents, des moyens de secours ou d'intervention permettant de faireface \u00e0 un accident ou a un incident sur l'eau, tant en ce qui concerne les dommages auxpersonnes que les risques d'incendie et de pollution des eaux.Les prescriptions techniques relatives \u00e0 la construction et \u00e9quipement des engins etbateaux sont conformes aux textes en vigueur, conform\u00e9ment l'attestation sur l'honneurproduite le 22juillet 2025 par l'organisateur.Les conducteurs de b\u00e2timents motoris\u00e9s doivent \u00eatre titulaires d'un titre de conduite encours de validit\u00e9.Les secours seront disponibles sur simple appel d'urgence en composant le 18 ou le 112.Par ailleurs, M. Henri CRASSOUS le responsable op\u00e9rationnel de la manifestation doitimp\u00e9rativement rester joignable au 07 81 77 66 43.\nSous Pr\u00e9fecture d'Al\u00e8s - 30-2025-10-03-00001 - Arr\u00eat\u00e9 n\u00b025-10-10 du 3 octobre 2025\nportant autorisation de la manifestation nautique \"R\u00e9gate Sprints de Beaucaire\" organis\u00e9e par l'association \"Aviron Beaucaire\"\n le samedi 18 octobre 2025 sur le bras dormant du Rh\u00f4ne\n147\nTITRE IllDES LIMITES DE LA PRESENTE AUTORISATIONArticle 7 - Limites de l'autorisationCette manifestation nautique n'est autoris\u00e9e que dans les conditions pr\u00e9cis\u00e9es aux articles ci-apr\u00e8s et dans les limites strictes des jours et heures indiqu\u00e9es dans la demande, a l'exclusionde toute autre p\u00e9riode, y compris pour des essais.Cette autorisation ne dispense pas le p\u00e9titionnaire d'obtenir I' autorisation \u00e9ventuellementtarif\u00e9e d'occuper le domaine public fluvial conc\u00e9d\u00e9 \u00e0 la Compagnie Nationale du Rh\u00f4ne.Tout renseignement en la mati\u00e8re sera pris par saisine de la Direction Rh\u00f4ne M\u00e9diterran\u00e9e dela CNR par l'organisation ; |Article 8 - Annulation, retard ou interruption de la manifestationIl appartient au p\u00e9titionnaire de prendre la d\u00e9cision d'annuler, de retarder ou d'interromprela manifestation nautique si les conditions dans lesquelles elle s'engage ou se d\u00e9roule ne luiparaissent pas pr\u00e9senter toutes les garanties de s\u00e9curit\u00e9 souhaitables et notamment, sicertains moyens pr\u00e9vus pour assurer la s\u00e9curit\u00e9 des participants et du public ne sont pasop\u00e9rationnels ou si les conditions m\u00e9t\u00e9orologiques et/ou hydrauliques sont ou deviennentd\u00e9favorables, compte tenu des caract\u00e9ristiques des embarcations engag\u00e9es.Il devra se renseigner aupr\u00e8s des services m\u00e9t\u00e9orologiques concern\u00e9s du niveau de vigilancem\u00e9t\u00e9o et des crues avant et pendant l'\u00e9preuve.En cas d'\u00e9v\u00e8nement de nature \u00e0 remettre en cause la s\u00e9curit\u00e9 des participants, legestionnaire de la voie d'eau ou le maire pourra \u00e9tre amen\u00e9 a annuler ou interrompre lamanifestation.Article 9 - Suspension de l'autorisationLa pr\u00e9sente autorisation sera suspendue d'office ou annul\u00e9e :+ A l'atteinte des d\u00e9bits de Restriction de Navigation en P\u00e9riode de Crues (RNPC) sur leRh\u00f4ne. L'attention du p\u00e9titionnaire est attir\u00e9e sur le fait qu'il peut y avoir danger bienavant ce seuil, d\u00e8s lors que les embarcations utilis\u00e9es ne sont pas ou faiblementmotoris\u00e9es* en raison de la force majeure, par simple d\u00e9cision du gestionnaire, de la mairie deBeaucaire ou de la pr\u00e9fecture\u00a2 en l'absence d'autorisation domaniale d'occuper le domaine public fluvial\u00a2 par simple d\u00e9cision de l'organisateur qui en pr\u00e9viendra alors imm\u00e9diatement, legestionnaire, le concessionnaire, la pr\u00e9fecture et tous participants potentiels.En cas d'annulation, l'organisateur devra en informer Voies Navigables de France.Article 10 - Obligation d'informationLe p\u00e9titionnaire devra se tenir inform\u00e9 des conditions hydrauliques du Rh\u00f4ne :* en se connectant \u00e0 www.vigicrues.ecologie.gouv.fr et http://www.inforhone.fr pourobtenir de informations sur les niveaux et les d\u00e9bits du fleuve.* aupr\u00e8s des mairies qui, en cas d'annonce de crue et apr\u00e8s mise en alerte par lesservices de la pr\u00e9fecture, assurent la transmission du message \u00e0 la population etprennent les mesures de protection imm\u00e9diates.Il existe un risque de mont\u00e9e rapide des eaux sur les secteurs \u00e0 proximit\u00e9 du fleuve et \u00e0 l'avaldes barrages et ce m\u00eame hors p\u00e9riode de crue.\nSous Pr\u00e9fecture d'Al\u00e8s - 30-2025-10-03-00001 - Arr\u00eat\u00e9 n\u00b025-10-10 du 3 octobre 2025\nportant autorisation de la manifestation nautique \"R\u00e9gate Sprints de Beaucaire\" organis\u00e9e par l'association \"Aviron Beaucaire\"\n le samedi 18 octobre 2025 sur le bras dormant du Rh\u00f4ne\n148\nDe plus, le plan d'eau peut subir des variations de niveau lors d'op\u00e9ration d'exploitation desouvrages de la Compagnie Nationale du Rh\u00f4ne et de leurs cons\u00e9quences en cas dedisjonction de l'usine hydro\u00e9lectrique.Information des participantsL'organisateur doit tenir \u00e0 la disposition des concurrents, avant la manifestation nautique,toutes informations utiles sur les conditions et pr\u00e9visions m\u00e9t\u00e9orologiques et/ou hydrauliquesdans la zone int\u00e9ress\u00e9e, ainsi que sur les consignes et les dispositions pr\u00e9vues pour assurer las\u00e9curit\u00e9 de la manifestation.L'organisateur sera, \u00e0 minima et n\u00e9anmoins, tenu d'afficher, aux acc\u00e8s de cette section devoie d'eau, l'arr\u00eat\u00e9 Pr\u00e9fectoral de l'\u00e9v\u00e9nement et l'avis a batellerie lui \u00e9tant relatif, ceci pourla s\u00e9curit\u00e9 de la navigation et la parfaite information du public pr\u00e9sent \u00e0 l'\u00e9v\u00e8nement ainsique celle des participants.Avis \u00e0 la batellerieLe p\u00e9titionnaire devra se conformer aux prescriptions diffus\u00e9es par avis \u00e0 la batellerie, enparticulier pour conna\u00eetre les conditions de navigation. Il pourra prendre connaissance desavis a la batellerie sur le site www.vnf.fr ou contacter les subdivisions de Voies navigables deFrance.\nArticle 11 - Responsabilit\u00e9Le p\u00e9titionnaire sera responsable de l'ensemble du d\u00e9roulement de cette manifestation etdes accidents ou des incidents pouvant intervenir aux personnes.Un nombre suffisant de personnels, de bateaux et autres moyens, doivent \u00e9tre mis en placepar les organisateurs afin d'assurer la s\u00e9curit\u00e9 des personnes et des biens tant pendant lesphases de mise en place et d'enl\u00e8vement des installations techniques que lors de lamanifestation.La responsabilit\u00e9 de l'\u00c9tat, du Gestionnaire de la voie d'eau et du concessionnaire ne pourra\u00eatre recherch\u00e9e du fait du pr\u00e9sent avis favorable.Devoir g\u00e9n\u00e9ral de vigilanceM\u00eame en l'absence de prescriptions r\u00e9glementaires sp\u00e9ciales, les conducteurs doiventprendre toutes les mesures de pr\u00e9caution que commande le devoir g\u00e9n\u00e9ral de vigilance et lesr\u00e8gles de la pratique courante en vue d'\u00e9viter :* de causer des dommages aux rives, aux ouvrages et installations de toute nature setrouvant dans la voie navigable ou \u00e0 ses abords,* de mettre en danger la vie des personnes.Article 12 - Droit des tiersLes droits des tiers sont et demeurent express\u00e9ment r\u00e9serv\u00e9s et le permissionnaire sera tenue\u00e0 r\u00e9parer \u00e0 bref d\u00e9lai les d\u00e9gradations de toute nature qui pourraient \u00eatre caus\u00e9es auxouvrages du Canal du Rh\u00f4ne \u00e0 S\u00e8te et qui seraient directement ou indirectement lacons\u00e9quence de la manifestation nautique.Article 13 - Entr\u00e9e en vigueur et publicationLe pr\u00e9sent arr\u00eat\u00e9 pr\u00e9fectoral entrera en vigueur \u00e0 compter de sa publication au recueil desactes administratifs de la pr\u00e9fecture du Gard.Le pr\u00e9sent arr\u00eat\u00e9 sera \u00e9galement publi\u00e9 par le gestionnaire de la voie d'eau parl'interm\u00e9diaire d'avis a la batellerie.\nSous Pr\u00e9fecture d'Al\u00e8s - 30-2025-10-03-00001 - Arr\u00eat\u00e9 n\u00b025-10-10 du 3 octobre 2025\nportant autorisation de la manifestation nautique \"R\u00e9gate Sprints de Beaucaire\" organis\u00e9e par l'association \"Aviron Beaucaire\"\n le samedi 18 octobre 2025 sur le bras dormant du Rh\u00f4ne\n149\nArticle 14 - Voies et d\u00e9lais de recoursLe pr\u00e9sent arr\u00e9t\u00e9 peut \u00e9tre contest\u00e9 dans les deux mois suivant sa notification, soit par voiede recours gracieux form\u00e9 aupr\u00e8s de M. le Pr\u00e9fet du Gard, soit par voie de recourscontentieux d\u00e9pos\u00e9 devant le Tribunal Administratif de N\u00eemes, avenue Feuch\u00e8res. Le TribunalAdministratif peut aussi \u00eatre saisi par l'application informatique \"T\u00e9l\u00e9recours Citoyens\"accessible par le site internet www.telerecours.fr .Article 15 - Autorit\u00e9 en charge de l'ex\u00e9cution du pr\u00e9sent arr\u00eat\u00e9Monsieur le sous-pr\u00e9fet d'Al\u00e9s, Monsieur le maire de Beaucaire, Monsieur le chef de lasubdivision grand delta de Voies Navigables de France et directeur d\u00e9partemental de las\u00e9curit\u00e9 publique des Bouches du Rh\u00f4ne, Monsieur le commandant du groupement degendarmerie du Gard, sont charg\u00e9s, chacun en ce qui les concerne, de l'ex\u00e9cution du pr\u00e9sentarr\u00eat\u00e9.\nSous Pr\u00e9fecture d'Al\u00e8s - 30-2025-10-03-00001 - Arr\u00eat\u00e9 n\u00b025-10-10 du 3 octobre 2025\nportant autorisation de la manifestation nautique \"R\u00e9gate Sprints de Beaucaire\" organis\u00e9e par l'association \"Aviron Beaucaire\"\n le samedi 18 octobre 2025 sur le bras dormant du Rh\u00f4ne\n150\nAnnexe \u00e0 l'arr\u00eat\u00e9 d'autorisation del'\u00e9dition 2025 portant arr\u00eat de navigation __ ypfVoiespour la r\u00e9gate sprints avrions de Beaucaire navigablesde France\nAVIS A LA BATELLERIE N\u00b0 FR/2025/05672Pris en application :D\u00e9cret n\u00b0 2012-1556 du 28 d\u00e9cembre 2012Manifestation nautique et activit\u00e9snautiques (Vieux Rh\u00f4ne \u00e0 Beaucaire)Epreuves d'avirons \"R\u00e9gate Sprints de Beaucaire\"Arr\u00eat de navigation (Sauf pour les avirons) ( tous les usagers -ee!dans les deux sens ) | ae- le 18/10/2025 de 09:30 \u00e0 17:30o Rh\u00f4ne .entre les pk 263.350 (Amont bras dormant du Rh\u00f4ne) et pk 267.650 (Amont Pontde Tarascon bras dormant du Rh\u00f4ne)\nCommentaire : |Dans le cadre de la manifestation \"R\u00e9gate Sprints de Beaucaire\", des \u00e9preuves d'avirons seront organis\u00e9es dans lebras dormant du Rh\u00f4ne \u00e0 Beaucaire (bras sans navigation commerciale).A titre d\u00e9rogatoire toute pratique d'activit\u00e9 nautique autre que l'aviron sera interdite le temps de l'\u00e9v\u00e9nement, cecipour emp\u00eacher tout risque avec d'autres usagers. |Des pi\u00e8ces jointes sont attach\u00e9es \u00e0 cet avis. Vous pouvez les consulter sur notre site internet (www.vnf.fr)Service(s) \u00e0 contacter :CNR, 2 rue Andr\u00e9 Bonin, 69316 LYON Cedex 04T\u00e9l : 0472006969 - Fax : 0478299617\nDate : Le 3 octobre 2025\nSous Pr\u00e9fecture d'Al\u00e8s - 30-2025-10-03-00001 - Arr\u00eat\u00e9 n\u00b025-10-10 du 3 octobre 2025\nportant autorisation de la manifestation nautique \"R\u00e9gate Sprints de Beaucaire\" organis\u00e9e par l'association \"Aviron Beaucaire\"\n le samedi 18 octobre 2025 sur le bras dormant du Rh\u00f4ne\n151","date":"2025-10-03","first_seen_on":"2025-10-03T14:24:34+00:00","id":"03008a45705c333c26e3a0c61962c169ac9288eea92403def3e215b840220dad","name":"recueil-30-2025-175-normal du 03 10 2025","pdf_creation_date":"2025-10-03T14:10:49+00:00","pdf_modification_date":null,"timezone":"Europe/Paris","url":"https://www.gard.gouv.fr/contenu/telechargement/65610/482668/file/recueil-30-2025-175-normal%20du%2003%2010%202025.pdf"}
