{"administration":"pref83","administration_name":"Pr\u00e9fecture du Var","content":"VAR\nRECUEIL DES ACTES\nADMINISTRATIFS SP\u00c9CIAL\n(NOMINATIFS)\nN\u00b083-2024-281\nPUBLI\u00c9 LE  9 OCTOBRE 2024\nSommaire\nDirection d\u00e9partementale des finances publiques du Var / Direction de la\nDDFIP\n83-2024-10-07-00006 - int\u00e9rimaire et note entrant VIGNAU (1 page) Page 3\nPr\u00e9fecture du VAR / Direction de la coordination des politiques publiques\net de l'appui territorial\n83-2024-10-09-00001 - Arr\u00eat\u00e9 pr\u00e9fectoral du 9 octobre 2024 portant\nmodification de l'arr\u00eat\u00e9 du 8 f\u00e9vrier 2022, modifi\u00e9, portant\nrenouvellement de la composition du conseil d'administration de\nl'\u00e9tablissement public du parc national de Port-Cros (4 pages) Page 5\n2\nDirection d\u00e9partementale des finances\npubliques du Var\n83-2024-10-07-00006\nint\u00e9rimaire et note entrant VIGNAU\nDirection d\u00e9partementale des finances publiques du Var - 83-2024-10-07-00006 - int\u00e9rimaire et note entrant VIGNAU 3\n| =\nMINISTERE\nDE L'ACTION\nET DES  COMPTES\nPUBLICS\nLibert\u00e9\nEgalit\u00e9\nFraternit\u00e9\nDirection g\u00e9n\u00e9rale\ndes Finances publiques\nObjet : Nomination en qualit\u00e9 de comptable int\u00e9rimaire du PRS et remise de service\nJe vous informe que j'ai d\u00e9cid\u00e9 de vous nommer comptable int\u00e9rimaire du PRS du Var\n\u00e0 compter du 1er novembre 2024 et vous remercie d'avoir accept\u00e9 cette mission.\nLa remise de service du PRS du Var aura lieu le lundi 4 novembre matin , dans les locaux\ndu service. Elle s'effectuera en la simple pr\u00e9sence des deux  comptables ou de leurs\nrepr\u00e9sentants \u00e9ventuels. Elle  donnera lieu \u00e0 la r\u00e9daction d 'un proc\u00e8s-verbal constatant\ncontradictoirement  la  remise  au  comptable  entrant  du  num\u00e9raire  et  des  valeurs\ndiverses. Les justifications seront annex\u00e9es au proc\u00e8s-verbal ainsi que le ou les mandats\nsous  seing  priv\u00e9  dans  le  cas  o\u00f9  l'un  ou  l'autre  des  comptables,  ou  les  deux,  sont\nrepr\u00e9sent\u00e9s. Le proc\u00e8s-verbal sera  sign\u00e9 en  quatre exemplaires (comptable sortant,\ncomptable entrant, archivage dans le service et DDFiP).\nIl  vous  appartiendra  d'adresser  \u00e0  la  division  Coordination,  R\u00e9seau  &  Strat\u00e9gie  un\nexemplaire original de ce proc\u00e8s-verbal par la sacoche et une copie de ce document\naccompagn\u00e9e de ses pi\u00e8ces jointes sous forme d\u00e9mat\u00e9rialis\u00e9e.\nPour le Directeur d\u00e9partemental des Finances publiques \nLe responsable du P\u00f4le r\u00e9galien\nSign\u00e9\nDominique CHABERT\nAdministrateur de l'\u00c9tatDIRECTION D\u00c9PARTEMENTALE DES FINANCES PUBLIQUES \nDU VAR\nPLACE BESAGNE- CS 91409\n83056 TOULON CEDEX\nLe Directeur d\u00e9partemental des Finances publiques du \nVar\n\u00e0\nMonsieur Franck VIGNAU\nInspecteur divisionnaire des Finances publiques, adjoint \ndu PRSDirection d\u00e9partementale des Finances publiques\ndu Var\nDivision Coordination, R\u00e9seau, Strat\u00e9gie\nPlace Besagne \u2013 CS 91409\n83056 Toulon Cedex\nM\u00e9l: ddfip83.ppr.controledegestion@dgfip.finances.gouv.fr\nPOUR NOUS JOINDRE :\nAffaire suivie par : Corinne CHAPPE\nT\u00e9l\u00e9phone : 04 94 03 81 60\nM\u00e9l : corinne.chappe@dgfip.finances.gouv.fr\nToulon, le 7 octobre 2024Direction d\u00e9partementale des finances publiques du Var - 83-2024-10-07-00006 - int\u00e9rimaire et note entrant VIGNAU 4\nPr\u00e9fecture du VAR\n83-2024-10-09-00001\nArr\u00eat\u00e9 pr\u00e9fectoral du 9 octobre 2024 portant\nmodification de l'arr\u00eat\u00e9 du 8 f\u00e9vrier 2022,\nmodifi\u00e9, portant renouvellement de la\ncomposition du conseil d'administration de\nl'\u00e9tablissement public du parc national de\nPort-Cros\nPr\u00e9fecture du VAR - 83-2024-10-09-00001 - Arr\u00eat\u00e9 pr\u00e9fectoral du 9 octobre 2024 portant modification de l'arr\u00eat\u00e9 du 8 f\u00e9vrier 2022,\nmodifi\u00e9, portant renouvellement de la composition du conseil d'administration de l'\u00e9tablissement public du parc national de\nPort-Cros5\n=m\nPREFET\nDU  VAR\nLibert\u00e9\nEgalit\u00e9\nFraternit\u00e9\nDirection de la coordination\ndes politiques publiques et\nde l'appui territorial\nBureau de l'environnement et du d\u00e9veloppement durable\nARR\u00caT\u00c9 PR\u00c9FECTORAL du 9 octobre 2024\nportant modification de l'arr\u00eat\u00e9 du 8 f\u00e9vrier 2022, modifi\u00e9, portant renouvellement de la\ncomposition du conseil d'administration de l'\u00e9tablissement public du parc national de \nPort-Cros.\nLe Pr\u00e9fet du Var,\nVu le code de l'environnement, notamment l'article R331-26 ;\nVu le d\u00e9cret du pr\u00e9sident de la R\u00e9publique du 13 juillet 2023 nommant M. Philippe MAHE\npr\u00e9fet du Var ;\nVu le d\u00e9cret du pr\u00e9sident de la R\u00e9publique du 15 avril 2022 nommant M. Lucien GIUDICELLI,\nsecr\u00e9taire g\u00e9n\u00e9ral de la pr\u00e9fecture du Var, sous-pr\u00e9fet de l'arrondissement de Toulon  ;\nVu l'arr\u00eat\u00e9 pr\u00e9fectoral n\u00b02024/14/MCI du 12 avril 2024 portant d\u00e9l\u00e9gation de signature \u00e0 M.\nLucien GIUDICELLI, secr\u00e9taire g\u00e9n\u00e9ral de la pr\u00e9fecture du Var  ;\nVu le d\u00e9cret n\u00b02009-449 du 22 avril 2009 pris pour l'adaptation de la d\u00e9limitation et de la\nr\u00e9glementation du parc national de Port-Cros aux dispositions du code de l'environnement\nissues de la loi n\u00b02006-436 du 14 avril 2006, modifi\u00e9 par le d\u00e9cret n\u00b02012-649 du 4 mai 2012,\nnotamment ses articles 24 et 28-1 ;\nVu  le  d\u00e9cret  n\u00b02020-752  du  19  juin  2020  relatif  \u00e0  la  d\u00e9concentration  des  d\u00e9cisions\nadministratives individuelles dans les domaines de l'\u00e9cologie, du d\u00e9veloppement durable, des\ntransports, de l'\u00e9nergie et du logement, notamment son article 27 ;\nVu  le  d\u00e9cret  n\u00b02022-1300  du  7  octobre  2022  modifiant  la  composition  des  conseils\nd'administration des parcs nationaux de Port-Cros, du Mercantour, de la Guadeloupe, des\nC\u00e9vennes et des Calanques ; \nVu  l'arr\u00eat\u00e9 du  9  f\u00e9vrier  2016  modifi\u00e9 portant  nomination  au  conseil  d'administration  de\nl'\u00e9tablissement public du parc national de Port-Cros ;\nVu l'arr\u00eat\u00e9 du 1er juillet 2016 constatant les adh\u00e9sions des communes \u00e0 la charte du parc\nnational de Port-Cros ; \nVu  l'arr\u00eat\u00e9  du  8  f\u00e9vrier  2022,  modifi\u00e9  par  les  arr\u00eat\u00e9s  du  25  mars,  du  14  octobre,  du\n2 novembre  2022,  du  17  novembre  2023,  du  8  f\u00e9vrier  2024  et  du  25  juin  2024  portant\nrenouvellement de la composition du conseil d'administration de l'\u00e9tablissement public du\nparc national de Port-Cros ;\n1/4Pr\u00e9fecture du VAR - 83-2024-10-09-00001 - Arr\u00eat\u00e9 pr\u00e9fectoral du 9 octobre 2024 portant modification de l'arr\u00eat\u00e9 du 8 f\u00e9vrier 2022,\nmodifi\u00e9, portant renouvellement de la composition du conseil d'administration de l'\u00e9tablissement public du parc national de\nPort-Cros6\nVu la d\u00e9lib\u00e9ration du conseil municipal de la commune de La Garde, le 30 septembre 2024,\nportant modification de ses repr\u00e9sentants au sein du conseil du parc d'administration du\nparc national de Port-Cros ;\nConsid\u00e9rant qu'il convient de prendre en compte ces changements ; \nSur proposition du secr\u00e9taire g\u00e9n\u00e9ral de la pr\u00e9fecture,\nARR\u00caTE :\nArticle 1  er     :  \nL'article 1er de l'arr\u00eat\u00e9 du 8 f\u00e9vrier 2022 est modifi\u00e9 ainsi qu'il suit  : \n\u00ab Sont  nomm\u00e9s  membres  du  conseil  d'administration  de  l'\u00e9tablissement  public  du  parc\nnational de Port-Cros  :\n1\u00b0 Au titre des neuf repr\u00e9sentants de l'\u00c9tat\na) le secr\u00e9taire g\u00e9n\u00e9ral de la pr\u00e9fecture du Var ou son repr\u00e9sentant ;\nb)  le  commandant  de  la  zone  et  de  l'arrondissement  maritimes  M\u00e9diterran\u00e9e  ou  son\nrepr\u00e9sentant ;\nc) le directeur d\u00e9partemental des finances publiques du Var ou son repr\u00e9sentant ;\nd) le directeur acad\u00e9mique des services de l'Education nationale ou son repr\u00e9sentant ;\ne) le pr\u00e9fet maritime de la M\u00e9diterran\u00e9e ou son repr\u00e9sentant ; \nf) le directeur r\u00e9gional de l'environnement, de l'am\u00e9nagement et du logement Provence-\nAlpes-C\u00f4te d'Azur ou son repr\u00e9sentant ;\ng) le directeur inter-r\u00e9gional de la mer M\u00e9diterran\u00e9e ou son repr\u00e9sentant ; \nh) un repr\u00e9sentant de l'administration d\u00e9partementale de l'Etat charg\u00e9e du Patrimoine ;\ni) le directeur d\u00e9partemental des territoires et de la mer ou son repr\u00e9sentant.\n2\u00b0 Au titre des dix-huit repr\u00e9sentants des collectivit\u00e9s territoriales\na) M. Jean-Pierre GIRAN, maire de la commune de Hy\u00e8res ;\nb) onze repr\u00e9sentants des communes de l'aire d'adh\u00e9sion : \n- Mme H\u00e9l\u00e8ne BILL, maire de la commune de La Garde (suppl\u00e9ant  : M. Gilles BROYER) ;\n- Mme  Brigitte  MORILLION,  repr\u00e9sentante  la  commune  de  La  Garde  (suppl\u00e9ante  :  Mme\nSophie OURDOUILLIE)  ;\n-  M.  Herv\u00e9  STASSINOS,  maire  de  la  commune  du  Pradet  (suppl\u00e9ant  :  M.  Jean-Fran\u00e7ois\nPLANES) ;\n-  M.  Christian  GARNIER,  repr\u00e9sentant  la  commune  du  Pradet  (suppl\u00e9ant  :  M.  Jean-Marc\nILLICH) ;\n- M. Fran\u00e7ois CARRASSAN, repr\u00e9sentant la commune de Hy\u00e8res (suppl\u00e9ant  : M. S\u00e9bastien\nFRATELLA-GUIOL) ;\n- M. Jean-Luc BRUNEL, repr\u00e9sentant la commune de Hy\u00e8res (suppl\u00e9ant  : M. Lionel COLIN) ;\n-  M.  Philippe  BERNARDI,  repr\u00e9sentant  la  commune  de  Hy\u00e8res  (suppl\u00e9ante  :  Mme  Emilie\nPAPALEO) ;\n- M.  Bernard  JOBERT,  maire  de  la  commune  de  La  Croix-Valmer  (suppl\u00e9ant  :  M.  Jacques\nBUTTARD) ;\n2/4Pr\u00e9fecture du VAR - 83-2024-10-09-00001 - Arr\u00eat\u00e9 pr\u00e9fectoral du 9 octobre 2024 portant modification de l'arr\u00eat\u00e9 du 8 f\u00e9vrier 2022,\nmodifi\u00e9, portant renouvellement de la composition du conseil d'administration de l'\u00e9tablissement public du parc national de\nPort-Cros7\n- Mme Catherine HURAUT, repr\u00e9sentant la commune de La Croix-Valmer (suppl\u00e9ante  : Mme\nBrigitte RINAUDO-PINEAU) ;\n- M. Roland BRUNO, maire de la commune de Ramatuelle (suppl\u00e9ante  : Mme Camille de\nSAINT-JULLE de COLMONT) ;\n- M. Jean-Pierre FRESIA, repr\u00e9sentant la commune de Ramatuelle (suppl\u00e9ante  : Mme Sandra\nMANZONI) ;\nc) Mme Isabelle MONFORT, titulaire, et M. Laurent CUNEO, suppl\u00e9ant d\u00e9sign\u00e9 par le conseil\nmunicipal de la commune de Hy\u00e8res, et les deux adjoints sp\u00e9ciaux pour Port-Cros, M. William\nSEEMULLER, et Porquerolles , Mme Ana\u00efs DELAYGUES ;\nd)  M.  Gilles  VINCENT,  6  vice-pr\u00e9sident  de  la  m\u00e9tropole  Toulon-Provence-M\u00e9diterran\u00e9e, \u1d49\n(suppl\u00e9ante : Mme Edwige MARINO)  ;\ne) le pr\u00e9sident de la r\u00e9gion Provence-Alpes-C\u00f4te d'Azur ;\nf) le pr\u00e9sident du conseil d\u00e9partemental du Var.\n3\u00b0 Au titre des quinze personnalit\u00e9s\na)  Mme Isabelle TAUPIER-LETAGE,  pr\u00e9sidente du conseil scientifique du parc national ;\nb) Mme Florence CARIOU, de l'association club kayak du Pradet, personnalit\u00e9 comp\u00e9tente en\nmati\u00e8re de sports de nature ;\nc)  M.  Olivier  CAVALLO,  membre  \u00e9lu  de  la  chambre  de  commerce  et  d'industrie  du  Var,\npersonnalit\u00e9 comp\u00e9tente en mati\u00e8re d'activit\u00e9s commerciales et artisanales ;\nd) M. Marc MAURY, directeur du Conservatoire des espaces naturels Provence-Alpes-C\u00f4te\nd'Azur, repr\u00e9sentant d'une association de protection de l'environnement ;\ne) Mme Magali GOLIARD , directrice de la ligue de protection des oiseaux Provence-Alpes-\nC\u00f4te d'Azur, repr\u00e9sentant d'une association de protection de l'environnement ; \nf)  M.  Christian  MOLINERO,  pr\u00e9sident  du  comit\u00e9  r\u00e9gional  des  p\u00eaches  maritimes  et  des\n\u00e9levages marins ;\ng) M. Philippe VACH\u00c9, personnalit\u00e9 comp\u00e9tente en mati\u00e8re d'agriculture ;\nh) M. Fran\u00e7ois de CABARRUS, propri\u00e9taire foncier dans l'\u00eele de Port-Cros ;\ni) Mme Laurence CANANZI, r\u00e9sidente permanente dans l'\u00eele de Porquerolles ;\nj) Mme Sylvie VANPEENE, sur proposition du conseil national de la protection de la nature ;\nk) Mme Elodie MARTINIE-COUSTY, sur proposition du conseil national de la protection de la\nnature ;\nl) M. Philippe MONDIELLI, fondation Prince Albert II de Monaco ;\nm) M. Andr\u00e9 de MARCO, fondation pour la nature et l'homme ;\nn)  Mme  Marion  PEGUIN,  repr\u00e9sentante  de  la  d\u00e9l\u00e9gation  de  rivages  Provence-Alpes-C\u00f4te\nd'Azur du Conservatoire du littoral ; \no) Mme Isabelle TERRIER, directrice d\u00e9l\u00e9gu\u00e9e de la fa\u00e7ade maritime M\u00e9diterran\u00e9e de l'office\nfran\u00e7ais pour la biodiversit\u00e9. \n4\u00b0 Au titre des repr\u00e9sentants du personnel\nMme Fabienne TANCHAUD,  titulaire ; \nMme Vanessa SAULNIER- CABANE, suppl\u00e9ante.  \u00bb\n3/4Pr\u00e9fecture du VAR - 83-2024-10-09-00001 - Arr\u00eat\u00e9 pr\u00e9fectoral du 9 octobre 2024 portant modification de l'arr\u00eat\u00e9 du 8 f\u00e9vrier 2022,\nmodifi\u00e9, portant renouvellement de la composition du conseil d'administration de l'\u00e9tablissement public du parc national de\nPort-Cros8\nLe reste sans changement.\nArticle 2 :\nLe pr\u00e9sent arr\u00eat\u00e9 sera publi\u00e9 au recueil des actes administratifs de la pr\u00e9fecture.\nArticle 3 :\nLe pr\u00e9sent arr\u00eat\u00e9 pourra faire l'objet d'un recours devant le tribunal administratif de Toulon,\ndans  le  d\u00e9lai  de  deux  mois  \u00e0  compter  de  l'accomplissement  des  formalit\u00e9s  de  publicit\u00e9\npr\u00e9vues \u00e0 l'article 2.\nDans  le  cas  o\u00f9  un  recours  contentieux  serait  engag\u00e9  devant  le  tribunal  administratif  de\nToulon, il intervient par un d\u00e9p\u00f4t de requ\u00eate, soit aupr\u00e8s de l'accueil de la juridiction, soit par\ncourrier, soit par t\u00e9l\u00e9copie ou au moyen de l'application informatique \"T\u00e9l\u00e9recours citoyen\"\naccessible par le site internet www.telerecours.fr\nArticle 4 :\nLe secr\u00e9taire g\u00e9n\u00e9ral de la pr\u00e9fecture du Var et  la directrice du parc national de Port-Cros\nsont charg\u00e9s, chacun en ce qui les concerne, de l'ex\u00e9cution du pr\u00e9sent arr\u00eat\u00e9 dont une copie\nsera adress\u00e9e aux membres du conseil d'administration.\nFait \u00e0 Toulon, le 9 octobre 2024\nPour  le  pr\u00e9fet  et  par  d\u00e9l\u00e9gation,  le\nsecr\u00e9taire g\u00e9n\u00e9ral\nSIGNE : Lucien GIUDICELLI\n4/4Pr\u00e9fecture du VAR - 83-2024-10-09-00001 - Arr\u00eat\u00e9 pr\u00e9fectoral du 9 octobre 2024 portant modification de l'arr\u00eat\u00e9 du 8 f\u00e9vrier 2022,\nmodifi\u00e9, portant renouvellement de la composition du conseil d'administration de l'\u00e9tablissement public du parc national de\nPort-Cros9","date":"2024-10-09","first_seen_on":"2024-10-09T17:18:24+00:00","id":"030109e64660e60c29c2a107d31c797fd5a96ae0453d43e0c6fc61713938a811","name":"RAA N\u00b0281 du 9 octobre 2024","pdf_creation_date":"2024-10-09T14:45:56+00:00","pdf_modification_date":null,"timezone":"Europe/Paris","url":"https://www.var.gouv.fr/contenu/telechargement/36513/241885/file/RAA%20N%C2%B0281%20du%209%20octobre%202024%20NOMINATIF.pdf"}
