{"administration":"pref83","administration_name":"Pr\u00e9fecture du Var","content":"VAR\nRECUEIL DES ACTES\nADMINISTRATIFS SP\u00c9CIAL\n(NOMINATIFS)\nN\u00b083-2025-392\nPUBLI\u00c9 LE 24 NOVEMBRE 2025\nSommaire\nDirection d\u00e9partementale des territoires et de la mer du Var / Direction et\nr\u00e9f\u00e9rents territoriaux de la DDTM\n83-2025-11-24-00001 - ARR\u00caTE PR\u00c9FECTORAL n\u00b0 DDTM/MPCA/ 2025-07\ndu 24 novembre 2025\ndonnant subd\u00e9l\u00e9gation de signature \u00e0 des\nagents de la Direction d\u00e9partementale des territoires et de la mer du Var,\nau titre de l'ordonnancement secondaire (19 pages) Page 3\nDirection des services d\u00e9partementaux de l'\u00e9ducation nationale du Var /\nDirection de la DSDEN du Var\n83-2025-09-26-00008 - avenant n\u00b0 7  cden SE UNSA 2025-2026  S 83 (2\npages) Page 23\nPr\u00e9fecture du VAR / Direction de la citoyennet\u00e9 et de la l\u00e9galit\u00e9\n83-2025-11-19-00006 - ARR\u00caT\u00c9 PR\u00c9FECTORAL n\u00b0 DCL/BERG/2025/0214\ndu 19 novembre 2025 portant habilitation dans le domaine fun\u00e9raire de\nl'\u00e9tablissement secondaire \u00ab\u00a0La Vie d'Apr\u00e8s - POMPES\nFUN\u00c8BRES ARMAND\u00a0\u00bb sis 137 Avenue\ndu 11 Novembre 1918 -\nR\u00e9sidences Rivages - B\u00e2t. A \u00e0 BANDOL (83150) - N\u00b0 25-83-0306 (2\npages) Page 26\n83-2025-11-20-00003 - ARR\u00caT\u00c9 PR\u00c9FECTORAL n\u00b0 DCL/BERG/2025/238\ndu 20 novembre 2025 portant modification de l'arr\u00eat\u00e9\nDCL/BERG/2024/427 fixant la composition de la commission locale des\ntransports publics particuliers de personnes, dans le d\u00e9partement du Var.\n(4 pages) Page 29\n2\nDirection d\u00e9partementale des territoires et de la\nmer du Var\n83-2025-11-24-00001\nARR\u00caTE PR\u00c9FECTORAL n\u00b0 DDTM/MPCA/ 2025-07\ndu 24 novembre 2025\ndonnant subd\u00e9l\u00e9gation de signature \u00e0 des agents\nde la Direction d\u00e9partementale des territoires et\nde la mer du Var, au titre de l'ordonnancement\nsecondaire\nDirection d\u00e9partementale des territoires et de la mer du Var - 83-2025-11-24-00001 - ARR\u00caTE PR\u00c9FECTORAL n\u00b0 DDTM/MPCA/ 2025-07\ndu 24 novembre 2025\ndonnant subd\u00e9l\u00e9gation de signature \u00e0 des agents de la Direction d\u00e9partementale des territoires et de la mer du Var, au titre de\nl'ordonnancement secondaire\n3\n=mPREFETDU VARLibert\u00e9Egalit\u00e9Fraternit\u00e9\nDirection d\u00e9partementale\ndes territoires et de la mer du Var\nARR\u00caT\u00c9 PR\u00c9FECTORAL n\u00b0 DDTM/MPCA/ 2025-07 du 24 novembre 2025\ndonnant subd\u00e9l\u00e9gation de signature \u00e0 des agents de la Direction d\u00e9partementale des \nterritoires et de la mer du Var, au titre de l'ordonnancement secondaire des recettes \net des d\u00e9penses imput\u00e9es sur les programmes du budget de l'\u00c9tat et la signature des \nmarch\u00e9s publics et des accords-cadres pass\u00e9s par sa direction.\nLe pr\u00e9fet du Var,\nVu la loi organique n\u00b0 2001-692 du 1er\n ao\u00fbt 2001 modifi\u00e9e relative aux lois de finances\u00a0;\nVu  le d\u00e9cret n\u00b0 2004-374 du 29 avril 2004 modifi\u00e9, relatif aux pouvoirs des pr\u00e9fets, \u00e0  \nl'organisation et \u00e0 l'action des services de l'\u00c9tat dans les r\u00e9gions et les d\u00e9partements\u00a0;\nVu le  d\u00e9cret  n\u00b0  2009-1484  du  3  d\u00e9cembre  2009  modifi\u00e9  relatif  aux  directions  \nd\u00e9partementales interminist\u00e9rielles\u00a0;\nVu le d\u00e9cret n\u00b0 2012-1246 du 07 novembre 2012 modifi\u00e9 relatif \u00e0 la gestion budg\u00e9taire et  \ncomptable publique\u00a0;\nVu le d\u00e9cret n\u00b0 2013-269 du 29 mars 2013 modifi\u00e9 relatif \u00e0 la lutte contre les retards de  \npaiement dans les contrats de la commande publique\u00a0;\nVu  le  d\u00e9cret  n\u00b02015-1904  du  30  d\u00e9cembre  2015  modifiant  les  seuils  applicables  aux \nmarch\u00e9s publics et autres contrats de la commande publique\u00a0;\nVu le code de la commande publique\u00a0;\nVu le d\u00e9cret du Pr\u00e9sident de la R\u00e9publique du 15 mai 2025, nommant Monsieur Simon  \nBABRE, pr\u00e9fet du Var ;\nVu l'arr\u00eat\u00e9  conjoint  du  Premier  ministre  et  du  minist\u00e8re  de  l'int\u00e9rieur  en  date  du  6 \nd\u00e9cembre  2021  portant  nomination  de  Monsieur  Xavier  PRUD'HON,  administrateur  en \nchef de 2e classe des affaires maritimes, directeur d\u00e9partemental adjoint des territoires et  \nde la mer du Var \u00e0 compter du 1er janvier 2022;\nVu l'arr\u00eat\u00e9  du  Premier  ministre  et  du  ministre  de  l'Int\u00e9rieur  du  4  mars  2022  portant \nnomination de M. Laurent BOULET, ing\u00e9nieur des ponts, des eaux et des for\u00eats, directeur  \nd\u00e9partemental des territoires et de la mer du Var \u00e0 compter du 1er avril 2022\u00a0; \n1/19\nDirection d\u00e9partementale des territoires et de la mer du Var - 83-2025-11-24-00001 - ARR\u00caTE PR\u00c9FECTORAL n\u00b0 DDTM/MPCA/ 2025-07\ndu 24 novembre 2025\ndonnant subd\u00e9l\u00e9gation de signature \u00e0 des agents de la Direction d\u00e9partementale des territoires et de la mer du Var, au titre de\nl'ordonnancement secondaire\n4\nVu l'arr\u00eat\u00e9 de la Premi\u00e8re ministre et du ministre de l'int\u00e9rieur et des outre-mer en date du  \n30 ao\u00fbt 2023 portant nomination de Monsieur Lionel HOULLIER, administrateur en chef de  \n1er  classe  des  affaires  maritimes,  au  poste  de  directeur  d\u00e9partemental  adjoint  des \nterritoires  et  de  la  mer  du  Var,  d\u00e9l\u00e9gu\u00e9  \u00e0  la  mer  et  au  littoral\u00a0\u00e0  compter  du \n11 septembre 2023 ;\nVu l'arr\u00eat\u00e9 pr\u00e9fectoral n\u00b0 DDTM/MPCA/2025-01 du 24 f\u00e9vrier 2025 portant organisation  \nde la Direction d\u00e9partementale des territoires et de la mer du Var\u00a0;\nVu l 'arr\u00eat\u00e9 pr\u00e9fectoral n\u00b0 2025/33/MCI du 2 juin 2025  portant d\u00e9l\u00e9gation de signature \u00e0  \nMonsieur Laurent BOULET , directeur d\u00e9partemental des territoires et de la mer du Var et,  \nen cas d'absence ou d'emp\u00eachement, \u00e0 M. Xavier PRUD'HON, directeur d\u00e9partemental  \nadjoint ou \u00e0 M. Lionel HOULLIER, directeur d\u00e9partemental adjoint d\u00e9l\u00e9gu\u00e9 \u00e0 la mer et au  \nlittoral, pour l'ordonnancement secondaire des recettes et des d\u00e9penses imput\u00e9es sur les  \nprogrammes du budget de l'\u00c9tat et pour les march\u00e9s publics et les accords-cadres pass\u00e9s  \npar sa direction\u00a0;\nVu la convention de d\u00e9l\u00e9gation de gestion du 12 septembre 2023 relative au centre de  \ngestion  financi\u00e8re  bloc  2  plac\u00e9  sous  l'autorit\u00e9  de  la  directrice  r\u00e9gionale  des  finances \npubliques de Provence-Alpes-C\u00f4te d'Azur et du d\u00e9partement des Bouches-du Rh\u00f4ne\u00a0;\nARR\u00caTE\nArticle   1  er\n     :\nL'arr\u00eat\u00e9 pr\u00e9fectoral n\u00b0 DDTM/MPCA/2025-05 du 5 juin 2025, donnant subd\u00e9l\u00e9gation de  \nsignature \u00e0 des agents de la Direction d\u00e9partementale des territoires et de la mer du Var,  \nau titre de l'ordonnancement secondaire des recettes et des d\u00e9penses imput\u00e9es sur les  \nprogrammes du budget de l'\u00c9tat et la signature des march\u00e9s publics et des accords-cadres  \npass\u00e9s par sa direction, est abrog\u00e9.\nArticle 2\u00a0:\nSubd\u00e9l\u00e9gation est donn\u00e9e \u00e0 Madame Marianne ETRIOUX, charg\u00e9e de mission \u00ab \u00a0Pilotage et \ncoordination de l'activit\u00e9 \u00a0\u00bb,  \u00e0 l'effet de signer toutes pi\u00e8ces relatives \u00e0 l'exercice de la  \ncomp\u00e9tence d'ordonnateur secondaire d\u00e9l\u00e9gu\u00e9, pour les d\u00e9penses, la constatation  et la  \ncertification  du  service  fait,  pour  l'ensemble  des  programmes  g\u00e9r\u00e9s,  \u00e0  l'exception  des \npropositions n'entrant pas dans le champ d'application de l'ordonnance n\u00b0 2015-899 du  \n23 juillet 2015 modifi\u00e9e et le d\u00e9cret n\u00b0 2016-360 du 25 mars 2016 relatifs aux march\u00e9s  \npublics.\nArticle 3\u00a0:\nDemeurent r\u00e9serv\u00e9es \u00e0 la signature de Monsieur Laurent BOULET, directeur de la Direction \nd\u00e9partementale des territoires et de la mer du Var, ainsi qu'\u00e0 ses deux directeurs adjoints  \nen cas d'absence ou d'emp\u00eachement, conform\u00e9ment \u00e0 l'arr\u00eat\u00e9 du 2 juin 2025 susvis\u00e9\u00a0:\n- les d\u00e9cisions attributives de subventions de fonctionnement d'un montant sup\u00e9rieur \u00e0  \n30 000 \u20ac,\n2/19\nDirection d\u00e9partementale des territoires et de la mer du Var - 83-2025-11-24-00001 - ARR\u00caTE PR\u00c9FECTORAL n\u00b0 DDTM/MPCA/ 2025-07\ndu 24 novembre 2025\ndonnant subd\u00e9l\u00e9gation de signature \u00e0 des agents de la Direction d\u00e9partementale des territoires et de la mer du Var, au titre de\nl'ordonnancement secondaire\n5\n-  les  d\u00e9cisions  attributives  de  subventions  d'investissement  d'un  montant  sup\u00e9rieur  \u00e0 \n100 000 \u20ac.\nArticle 4:\nSans pr\u00e9judice des restrictions mentionn\u00e9es \u00e0 l'article 4 ci-avant, subd\u00e9l\u00e9gation est donn\u00e9e \naux agents d\u00e9sign\u00e9s ci-apr\u00e8s, \u00e0 l'effet de signer toutes pi\u00e8ces relatives \u00e0 l'exercice de la  \ncomp\u00e9tence d'ordonnateur secondaire d\u00e9l\u00e9gu\u00e9, pour les d\u00e9penses, la constatation et la  \ncertification du service fait, \u00e0 l'exception des propositions n'entrant pas dans le champ  \nd'application de l'ordonnance n\u00b0 2015-899 du 23 juillet 2015 et le d\u00e9cret n\u00b0 2016-360 du  \n25 mars 2016 relatifs aux march\u00e9s publics.\nBOP 113\n\u2022 Monsieur Olivier VAROQUI, chef de service \u00ab\u00a0Mer et littoral\u00a0\u00bb,\n\u2022 Monsieur Vianney HOUETTE , adjoint au chef de service \u00ab\u00a0Mer et littoral\u00a0\u00bb ,\n\u2022\n\u2022 Madame Anne RABAULT, cheffe de service \u00ab\u00a0Agriculture et for\u00eat\u00a0\u00bb,\n\u2022 Monsieur Willy MARTIN, adjoint \u00e0 la cheffe de service \u00ab\u00a0Agriculture et for\u00eat\u00a0\u00bb,\n\u2022 Madame Alison PESSON, cheffe de bureau \u00ab\u00a0Chasse, faune sauvage\u00a0\u00bb,\n\u2022 Monsieur Olivier BIELEN, chef de service \u00ab\u00a0Eau et biodiversit\u00e9\u00a0\u00bb,\n\u2022 Madame Nathalie COQUELET, adjointe au chef de service \u00ab\u00a0Eau et biodiversit\u00e9\u00a0\u00bb\nBOP 135\n\u2022 Madame Carine LEONARD, cheffe de service \u00ab\u00a0Planifications et prospective\u00a0\u00bb,\n\u2022 Madame  L\u00e6titia COUDERT,  adjointe  \u00e0  la  cheffe  de  service  \u00ab \u00a0Planifications  et \nprospective\u00a0\u00bb,\n\u2022 Madame Eve LESUEUR, cheffe du p\u00f4le animation urbanisme\n\u2022 Monsieur Fr\u00e9d\u00e9ric LOUBEYRE, chef de service \u00ab\u00a0Habitat R\u00e9novation urbaine\u00a0\u00bb,\n\u2022 Madame Marie BAILLY, adjointe au chef de service \u00ab\u00a0Habitat R\u00e9novation urbaine\u00a0\u00bb,\n\u2022 Madame  Estelle  BORGHINI,  cheffe  du  bureau  \u00ab\u00a0Renouvellement  urbain,  Logement \nsocial\u00a0\u00bb,\n\u2022 Madame Isabelle CATHERINEAU, cheffe de service \u00ab\u00a0Urbanisme et affaires juridiques\u00a0\u00bb,\n\u2022 Madame  Denise  JUIN-SEVIN,  adjointe  \u00e0  la  cheffe  de  service  \u00ab\u00a0Urbanisme  et  affaires \njuridiques\u00a0\u00bb,\n\u2022 Madame Charl\u00e8ne MARTINO, r\u00e9f\u00e9rente territoriale,\n\u2022 Madame M\u00e9lanie GAUCHE, r\u00e9f\u00e9rente territoriale,\n\u2022 Monsieur Lionel DUPERRAY, r\u00e9f\u00e9rent territorial,\n\u2022 Monsieur L\u00e9o RADEPONT, r\u00e9f\u00e9rent territorial,\n3/19\nDirection d\u00e9partementale des territoires et de la mer du Var - 83-2025-11-24-00001 - ARR\u00caTE PR\u00c9FECTORAL n\u00b0 DDTM/MPCA/ 2025-07\ndu 24 novembre 2025\ndonnant subd\u00e9l\u00e9gation de signature \u00e0 des agents de la Direction d\u00e9partementale des territoires et de la mer du Var, au titre de\nl'ordonnancement secondaire\n6\nBOP 149\n\u2022 Madame Anne RABAULT, cheffe de service \u00ab\u00a0Agriculture et for\u00eat\u00a0\u00bb,\n\u2022 Monsieur Willy MARTIN, adjoint \u00e0 la cheffe de service \u00ab\u00a0Agriculture et for\u00eat\u00a0\u00bb, \n\u2022 Madame Corinne HENRY, cheffe de bureau \u00ab\u00a0For\u00eat-DFCI\u00a0\u00bb,\n\u2022 Monsieur St\u00e9phane THOLLON, chef du bureau \u00ab\u00a0d\u00e9veloppement rural\u00a0\u00bb,\n\u2022 Madame Alison PESSON, cheffe de bureau \u00ab\u00a0Chasse, faune sauvage\u00a0\u00bb,\nBOP 181\n\u2022 Madame Carine LEONARD, cheffe de service \u00ab\u00a0Planifications et prospective\u00a0\u00bb,\n\u2022 Madame  L\u00e6titia COUDERT,  adjointe  \u00e0  la  cheffe  de  service  \u00ab \u00a0Planifications  et \nprospective\u00a0\u00bb,\n\u2022 Monsieur Mathieu MONACO, chef du p\u00f4le \u00ab\u00a0Risques\u00a0\u00bb,\n\u2022 Monsieur Jean-Baptiste GROSSO, charg\u00e9 de mission PAPI,\n\u2022 Monsieur Mathieu LUBRANO, chef du bureau pr\u00e9vention risque incendie de for\u00eat et  \ngestion.\nBOP 203\n\u2022 Monsieur Olivier VAROQUI, chef de service \u00ab\u00a0Mer et littoral\u00a0\u00bb,\n\u2022 Monsieur Vianney HOUETTE , adjoint au chef de service \u00ab\u00a0Mer et littoral\u00a0\u00bb,\n\u2022 Madame Carine LEONARD, cheffe de service \u00ab\u00a0Planifications et prospective\u00a0\u00bb,\n\u2022 Madame L\u00e6titia COUDERT, adjointe \u00e0 la cheffe de service \u00ab\u00a0Planifications et \nprospective\u00a0\u00bb,\n\u2022 Monsieur Mathieu MONACO, chef du p\u00f4le \u00ab\u00a0Risques\u00a0\u00bb,\n\u2022 Monsieur Michel CAVALLO, charg\u00e9 de mission \u00ab \u00a0Ing\u00e9nierie de crise, s\u00e9curit\u00e9s, d\u00e9fense,  \ntransport et pr\u00e9vention\u00a0\u00bb.\nBOP 205\n\u2022 Monsieur Olivier VAROQUI, chef de service \u00ab\u00a0Mer et littoral\u00a0\u00bb ,\n\u2022 Monsieur Vianney HOUETTE ,  adjoint au chef de service \u00ab\u00a0Mer et littoral\u00a0\u00bb,\n\u2022 Monsieur Franck GOGUY, chef du bureau \u00ab\u00a0unit\u00e9 littorale des affaires maritimes\u00a0\u00bb,\n\u2022 Monsieur S\u00e9bastien BLONDEAU, adjoint du chef du bureau \u00ab \u00a0unit\u00e9 littorale des affaires  \nmaritimes\u00a0\u00bb\n4/19\nDirection d\u00e9partementale des territoires et de la mer du Var - 83-2025-11-24-00001 - ARR\u00caTE PR\u00c9FECTORAL n\u00b0 DDTM/MPCA/ 2025-07\ndu 24 novembre 2025\ndonnant subd\u00e9l\u00e9gation de signature \u00e0 des agents de la Direction d\u00e9partementale des territoires et de la mer du Var, au titre de\nl'ordonnancement secondaire\n7\nBOP 207\n\u2022 Monsieur Michel CAVALLO, charg\u00e9 de mission \u00ab \u00a0Ing\u00e9nierie de crise, s\u00e9curit\u00e9s, d\u00e9fense,  \ntransport et pr\u00e9vention\u00a0\u00bb.\nBOP 215 (hors d\u00e9penses d'action sociale)\n\u2022 Madame Anne RABAULT, cheffe de service \u00ab\u00a0Agriculture et for\u00eat\u00a0\u00bb,\n\u2022 Monsieur Willy MARTIN, adjoint \u00e0 la cheffe de service \u00ab\u00a0Agriculture et for\u00eat\u00a0\u00bb,\n\u2022 Madame Corinne HENRY, cheffe de bureau \u00ab\u00a0For\u00eat DFCI\u00a0\u00bb\nBOP 217 (hors d\u00e9penses d'action sociale)\n\u2022 Monsieur Michel CAVALLO, charg\u00e9 de mission \u00ab\u00a0Ing\u00e9nierie de crise, s\u00e9curit\u00e9s, d\u00e9fense, \ntransport et pr\u00e9vention\u00a0\u00bb.\n\u2022 Monsieur Olivier VAROQUI, chef de service \u00ab\u00a0Mer et littoral\u00a0\u00bb\nBOP 362\n\u2022 Madame Charl\u00e8ne MARTINO, r\u00e9f\u00e9rente territoriale,\n\u2022 Madame M\u00e9lanie GAUCHE, r\u00e9f\u00e9rente territoriale,\n\u2022 Monsieur Lionel DUPERRAY, r\u00e9f\u00e9rent territorial,\n\u2022 Monsieur L\u00e9o RADEPONT, r\u00e9f\u00e9rent territorial,\n\u2022 Monsieur Olivier VAROQUI, chef de service \u00ab\u00a0Mer et littoral\u00a0\u00bb ,\n\u2022 Monsieur Vianney HOUETTE, adjoint au chef de service \u00ab\u00a0Mer et littoral\u00a0\u00bb ,\n\u2022 Madame Anne RABAULT, cheffe de service \u00ab\u00a0Agriculture et for\u00eat\u00a0\u00bb,\n\u2022 Monsieur Willy MARTIN, adjoint \u00e0 la cheffe de service \u00ab\u00a0Agriculture et for\u00eat\u00a0\u00bb,\n\u2022 Monsieur Olivier BIELEN, chef de service \u00ab\u00a0Eau et biodiversit\u00e9\u00a0\u00bb,\n\u2022 Madame Nathalie COQUELET, adjointe au chef de service \u00ab\u00a0Eau et biodiversit\u00e9\u00a0\u00bb,\n\u2022 Madame Carine LEONARD, cheffe de service \u00ab\u00a0Planifications et prospective\u00a0\u00bb,\n\u2022 Madame L\u00e6titia COUDERT, adjointe \u00e0 la cheffe de service \u00ab\u00a0Planifications et \nprospective\u00a0\u00bb,\n\u2022 Monsieur Fr\u00e9d\u00e9ric LOUBEYRE, chef de service \u00ab\u00a0Habitat R\u00e9novation urbaine\u00a0\u00bb,\n\u2022 Madame Marie BAILLY, adjointe au chef de service \u00ab\u00a0Habitat R\u00e9novation urbaine\u00a0\u00bb\n\u2022 Madame  Estelle  BORGHINI,  cheffe  du  bureau  \u00ab\u00a0Renouvellement  urbain,  Logement \nsocial\u00a0\u00bb\n\u2022 Madame Isabelle CATHERINEAU, cheffe de service \u00ab\u00a0Urbanisme et affaires juridiques\u00a0\u00bb,\n\u2022 Madame Denise  JUIN-SEVIN, adjointe \u00e0 la cheffe de service \u00ab \u00a0Urbanisme et affaires  \njuridiques\u00a0\u00bb,\n\u2022 Monsieur Michel CAVALLO, charg\u00e9 de mission \u00ab \u00a0Ing\u00e9nierie de crise, s\u00e9curit\u00e9s, d\u00e9fense,  \ntransport et pr\u00e9vention\u00a0\u00bb.\n5/19\nDirection d\u00e9partementale des territoires et de la mer du Var - 83-2025-11-24-00001 - ARR\u00caTE PR\u00c9FECTORAL n\u00b0 DDTM/MPCA/ 2025-07\ndu 24 novembre 2025\ndonnant subd\u00e9l\u00e9gation de signature \u00e0 des agents de la Direction d\u00e9partementale des territoires et de la mer du Var, au titre de\nl'ordonnancement secondaire\n8\nBOP 380\n\u2022 Madame Charl\u00e8ne MARTINO, r\u00e9f\u00e9rente territoriale,\n\u2022 Madame M\u00e9lanie GAUCHE, r\u00e9f\u00e9rente territoriale,\n\u2022 Monsieur Lionel DUPERRAY, r\u00e9f\u00e9rent territorial,\n\u2022 Monsieur L\u00e9o RADEPONT, r\u00e9f\u00e9rent territorial,\n\u2022 Madame Carine LEONARD, cheffe de service \u00ab\u00a0Planifications et prospective\u00a0\u00bb,\n\u2022 Madame L\u00e6titia COUDERT, adjointe \u00e0 la cheffe de service \u00ab\u00a0Planifications et \nprospective\u00a0\u00bb,\n\u2022 Monsieur Mathieu MONACO, chef du p\u00f4le \u00ab\u00a0Risques\u00a0\u00bb,\n\u2022 Monsieur Jean-Baptiste GROSSO, charg\u00e9 de mission PAPI,\n\u2022 Monsieur  Mathieu  LUBRANO,  chef  du  bureau  pr\u00e9vention  risque  incendie  de  for\u00eat  et \ngestion\nArticle 5\u00a0:\nHabilitation est donn\u00e9e \u00e0 Madame Sophie CARLA, responsable de la gestion des BOP  \n\"m\u00e9tier\",  \u00e0  l'effet  de valider  dans  l'application  CHORUS-Formulaires,  tous  programmes \nconfondus\u00a0:\n\u2022 les demandes d'achat (devis, march\u00e9s \u00e0 proc\u00e9dure adapt\u00e9e, march\u00e9s formalis\u00e9s, etc) \net les demandes de subvention  (arr\u00eat\u00e9s, d\u00e9cisions, conventions, etc ) ainsi que les  \npi\u00e8ces justificatives qui les accompagnent,\n\u2022 les bons de commande issus de CHORUS-Formulaires apr\u00e8s engagement juridique,\n\u2022 la constatation et la certification de service fait,\n\u2022 Les fiches \u00ab\u00a0nouvelle communication\u00a0\u00bb.\nArticle 6 :\nEn cas d'absence de Madame Sophie CARLA, les attributions d\u00e9finies \u00e0 l'article 6 ci-avant,  \nsont  subd\u00e9l\u00e9gu\u00e9es  \u00e0  Madame  Marianne  ETRIOUX,  charg\u00e9e  de  mission  \u00ab\u00a0Pilotage  et \ncoordination de l'activit\u00e9\u00a0\u00bb.\nArticle 7\u00a0:\nHabilitation est donn\u00e9e aux agents d\u00e9sign\u00e9s ci-apr\u00e8s, \u00e0 l'effet de  valider, dans l'application \nCHORUS-Formulaires, pour les programmes qui les concernent :\n- les demandes d'achat (devis, march\u00e9s \u00e0 proc\u00e9dure adapt\u00e9e, march\u00e9s formalis\u00e9s, etc)   \net les demandes de subvention (arr\u00eat\u00e9s, d\u00e9cisions, conventions, etc) ainsi que les pi\u00e8ces \njustificatives qui les accompagnent,\n- les bons de commande issus de CHORUS-Formulaires apr\u00e8s engagement juridique,\n- la constatation et la certification de service fait,\n-   les fiches \u00ab\u00a0nouvelle communication\u00a0\u00bb .\n6/19\nDirection d\u00e9partementale des territoires et de la mer du Var - 83-2025-11-24-00001 - ARR\u00caTE PR\u00c9FECTORAL n\u00b0 DDTM/MPCA/ 2025-07\ndu 24 novembre 2025\ndonnant subd\u00e9l\u00e9gation de signature \u00e0 des agents de la Direction d\u00e9partementale des territoires et de la mer du Var, au titre de\nl'ordonnancement secondaire\n9\nBOP 113\n\u2022 Monsieur Olivier VAROQUI, chef de service \u00ab\u00a0Mer et littoral\u00a0\u00bb,\n\u2022 Monsieur Vianney HOUETTE, adjoint au chef de service \u00ab\u00a0Mer et littoral\u00a0\u00bb ,\n\u2022 Madame Anne RABAULT, cheffe de service \u00ab\u00a0Agriculture et for\u00eat\u00a0\u00bb,\n\u2022 Monsieur Willy MARTIN, adjoint \u00e0 la cheffe de service \u00ab\u00a0Agriculture et for\u00eat\u00a0\u00bb,\n\u2022 Madame Alison PESSON, cheffe de bureau \u00ab\u00a0Chasse, faune sauvage\u00a0\u00bb,\n\u2022 Monsieur Olivier BIELEN, chef de service \u00ab\u00a0Eau et biodiversit\u00e9\u00a0\u00bb,\n\u2022 Madame Nathalie COQUELET, adjointe au chef de service \u00ab\u00a0Eau et biodiversit\u00e9\u00a0\u00bb.\nBOP 135\n\u2022 Madame Carine LEONARD, cheffe de service \u00ab\u00a0Planifications et prospective\u00a0\u00bb,\n\u2022 Madame  L\u00e6titia COUDERT,  adjointe  \u00e0  la  cheffe  de  service  \u00ab \u00a0Planifications  et \nprospective\u00a0\u00bb,\n\u2022 Madame Eve LESUEUR, cheffe du p\u00f4le animation urbanisme,\n\u2022 Monsieur Godefroy COQUELET, chef du p\u00f4le  SIG et Acc\u00e9l\u00e9ration vers l'\u00e9cologie,\n\u2022 Monsieur Fr\u00e9d\u00e9ric LOUBEYRE, chef de service \u00ab\u00a0Habitat R\u00e9novation urbaine\u00a0\u00bb,\n\u2022 Madame Marie BAILLY, adjointe au chef de service \u00ab\u00a0Habitat R\u00e9novation urbaine\u00a0\u00bb\n\u2022 Madame  Estelle  BORGHINI,  cheffe  du  bureau  \u00ab\u00a0Renouvellement  urbain,  Logement \nsocial\u00a0\u00bb,\n\u2022 Madame Isabelle CATHERINEAU, cheffe de service \u00ab\u00a0Urbanisme et affaires juridiques\u00a0\u00bb\n\u2022 Madame  Denise  JUIN-SEVIN,  adjointe  \u00e0  la  cheffe  de  service  \u00ab\u00a0Urbanisme  et  affaires \njuridiques\u00a0\u00bb\n\u2022 Madame Charl\u00e8ne MARTINO, r\u00e9f\u00e9rente territoriale,\n\u2022 Madame M\u00e9lanie GAUCHE, r\u00e9f\u00e9rente territoriale,\n\u2022 Monsieur Lionel DUPERRAY, r\u00e9f\u00e9rent territorial,\n\u2022 Monsieur L\u00e9o RADEPONT, r\u00e9f\u00e9rent territorial.\nBOP 149\n\u2022 Madame Anne RABAULT, cheffe de service \u00ab\u00a0Agriculture et for\u00eat\u00a0\u00bb,\n\u2022 Monsieur Willy MARTIN, adjoint \u00e0 la cheffe de service \u00ab\u00a0Agriculture et for\u00eat\u00a0\u00bb,\n\u2022 Madame Corinne HENRY, cheffe de bureau \u00ab\u00a0For\u00eat-DFCI\u00a0\u00bb,\n\u2022 Monsieur St\u00e9phane THOLLON, chef du bureau \u00ab\u00a0d\u00e9veloppement rural\u00a0\u00bb,\n\u2022 Madame Alison PESSON, cheffe de bureau \u00ab\u00a0Chasse, faune sauvage\u00a0\u00bb.\n7/19\nDirection d\u00e9partementale des territoires et de la mer du Var - 83-2025-11-24-00001 - ARR\u00caTE PR\u00c9FECTORAL n\u00b0 DDTM/MPCA/ 2025-07\ndu 24 novembre 2025\ndonnant subd\u00e9l\u00e9gation de signature \u00e0 des agents de la Direction d\u00e9partementale des territoires et de la mer du Var, au titre de\nl'ordonnancement secondaire\n10\nBOP 181\n\u2022 Madame Carine LEONARD, cheffe de service \u00ab\u00a0Planifications et prospective\u00a0\u00bb,\n\u2022 Madame  L\u00e6titia COUDERT,  adjointe  \u00e0  la  cheffe  de  service  \u00ab \u00a0Planifications  et \nprospective\u00a0\u00bb,\n\u2022 Monsieur Mathieu MONACO, chef du p\u00f4le \u00ab\u00a0Risques\u00a0\u00bb,\n\u2022 Monsieur Jean-Baptiste GROSSO, charg\u00e9 de mission PAPI,\n\u2022 Monsieur  Mathieu  LUBRANO,  chef  du  bureau  pr\u00e9vention  risque  incendie  de  for\u00eat  et \ngestion,\n\u2022 Madame Anne RABAULT, cheffe de service \u00ab\u00a0Agriculture et for\u00eat\u00a0\u00bb,\n\u2022 Monsieur Willy MARTIN, adjoint \u00e0 la cheffe de service \u00ab\u00a0Agriculture et for\u00eat\u00a0\u00bb.\nBOP 203\n\u2022 Monsieur Olivier VAROQUI, chef de service \u00ab\u00a0Mer et littoral\u00a0\u00bb,\n\u2022 Monsieur Vianney HOUETTE, adjoint au chef de service \u00ab\u00a0Mer et littoral\u00a0\u00bb ,\n\u2022 Madame Carine LEONARD, cheffe de service \u00ab\u00a0Planifications et prospective\u00a0\u00bb,\n\u2022 Madame L\u00e6titia COUDERT, adjointe \u00e0 la cheffe de service \u00ab\u00a0Planifications et \nprospective\u00a0\u00bb,\n\u2022 Monsieur Michel CAVALLO, charg\u00e9 de mission \u00ab \u00a0Ing\u00e9nierie de crise, s\u00e9curit\u00e9s, d\u00e9fense,  \ntransport et pr\u00e9vention\u00a0\u00bb.\nBOP 205\n\u2022 Monsieur Olivier VAROQUI, chef de service \u00ab\u00a0Mer et littoral\u00a0\u00bb,\n\u2022 Monsieur Vianney HOUETTE, adjoint au chef de service \u00ab\u00a0Mer et littoral\u00a0\u00bb\nBOP 207\n\u2022 Monsieur Michel CAVALLO, charg\u00e9 de mission \u00ab \u00a0Ing\u00e9nierie de crise, s\u00e9curit\u00e9s, d\u00e9fense,  \ntransport et pr\u00e9vention\u00a0\u00bb.\nBOP 215 (hors d\u00e9penses d'action sociale)\n\u2022 Madame Anne RABAULT, cheffe de service \u00ab\u00a0Agriculture et for\u00eat\u00a0\u00bb,\n\u2022 Monsieur Willy MARTIN, adjoint \u00e0 la cheffe de service \u00ab\u00a0Agriculture et for\u00eat\u00a0\u00bb,\n\u2022 Madame Corinne HENRY, cheffe de bureau \u00ab\u00a0For\u00eat-DFCI\u00a0\u00bb.\n8/19\nDirection d\u00e9partementale des territoires et de la mer du Var - 83-2025-11-24-00001 - ARR\u00caTE PR\u00c9FECTORAL n\u00b0 DDTM/MPCA/ 2025-07\ndu 24 novembre 2025\ndonnant subd\u00e9l\u00e9gation de signature \u00e0 des agents de la Direction d\u00e9partementale des territoires et de la mer du Var, au titre de\nl'ordonnancement secondaire\n11\nBOP 217 (hors d\u00e9penses d'action sociale)\n\u2022 Madame Carine LEONARD, cheffe de service \u00ab\u00a0Planifications et prospective\u00a0\u00bb,\n\u2022 Madame L\u00e6titia COUDERT, adjointe \u00e0 la cheffe de service \u00ab\u00a0Planifications et \nprospective\u00a0\u00bb,\n\u2022 Monsieur Michel CAVALLO, charg\u00e9 de mission \u00ab \u00a0Ing\u00e9nierie de crise, s\u00e9curit\u00e9s, d\u00e9fense,  \ntransport et pr\u00e9vention\u00a0\u00bb.\nBOP 362\n\u2022 Madame Charl\u00e8ne MARTINO, r\u00e9f\u00e9rente territoriale,\n\u2022 Madame M\u00e9lanie GAUCHE, r\u00e9f\u00e9rente territoriale,\n\u2022 Monsieur Lionel DUPERRAY, r\u00e9f\u00e9rent territorial,\n\u2022 Monsieur L\u00e9o RADEPONT, r\u00e9f\u00e9rent territorial,\n\u2022 Monsieur Olivier VAROQUI, chef de service \u00ab\u00a0Mer et littoral\u00a0\u00bb ,\n\u2022 Monsieur Vianney HOUETTE ,adjoint au chef de service \u00ab\u00a0Mer et littoral\u00a0\u00bb,\n\u2022 Madame Anne RABAULT, cheffe de service \u00ab\u00a0Agriculture et for\u00eat\u00a0\u00bb,\n\u2022 Monsieur Willy MARTIN, adjoint \u00e0 la cheffe de service \u00ab\u00a0Agriculture et for\u00eat\u00a0\u00bb,\n\u2022 Monsieur Olivier BIELEN, chef de service \u00ab\u00a0Eau et biodiversit\u00e9\u00a0\u00bb,\n\u2022 Madame Nathalie COQUELET, adjointe au chef de service \u00ab\u00a0Eau et biodiversit\u00e9\u00a0\u00bb,\n\u2022 Madame Carine LEONARD, cheffe de service \u00ab\u00a0Planifications et prospective\u00a0\u00bb,\n\u2022 Madame L\u00e6titia COUDERT, adjointe \u00e0 la cheffe de service \u00ab\u00a0Planifications et \nprospective\u00a0\u00bb,\n\u2022 Monsieur Fr\u00e9d\u00e9ric LOUBEYRE, chef de service \u00ab\u00a0Habitat R\u00e9novation urbaine\u00a0\u00bb,\n\u2022 Madame Marie BAILLY, adjointe au chef de service \u00ab\u00a0Habitat R\u00e9novation urbaine\u00a0\u00bb\n\u2022 Madame  Estelle  BORGHINI,  cheffe  du  bureau\u00ab\u00a0Renouvellement  urbain,  Logement \nsocial\u00a0\u00bb,\n\u2022 Madame Isabelle CATHERINEAU, cheffe de service \u00ab\u00a0Urbanisme et affaires juridiques\u00a0\u00bb,\n\u2022 Madame Denise  JUIN-SEVIN, adjointe \u00e0 la cheffe de service \u00ab \u00a0Urbanisme et affaires  \njuridiques\u00a0\u00bb,\n\u2022 Monsieur Michel CAVALLO, charg\u00e9 de mission \u00ab \u00a0Ing\u00e9nierie de crise, s\u00e9curit\u00e9s, d\u00e9fense,  \ntransport et pr\u00e9vention\u00a0\u00bb.\nBOP 380 \n\u2022 Madame Charl\u00e8ne MARTINO, r\u00e9f\u00e9rente territoriale,\n\u2022 Madame M\u00e9lanie GAUCHE, r\u00e9f\u00e9rente territoriale,\n\u2022 Monsieur Lionel DUPERRAY, r\u00e9f\u00e9rent territorial,\n\u2022 Monsieur L\u00e9o RADEPONT, r\u00e9f\u00e9rent territorial,\n\u2022 Madame Carine LEONARD, cheffe de service \u00ab\u00a0Planifications et prospective\u00a0\u00bb,\n9/19\nDirection d\u00e9partementale des territoires et de la mer du Var - 83-2025-11-24-00001 - ARR\u00caTE PR\u00c9FECTORAL n\u00b0 DDTM/MPCA/ 2025-07\ndu 24 novembre 2025\ndonnant subd\u00e9l\u00e9gation de signature \u00e0 des agents de la Direction d\u00e9partementale des territoires et de la mer du Var, au titre de\nl'ordonnancement secondaire\n12\n\u2022 Madame L\u00e6titia COUDERT, adjointe \u00e0 la cheffe de service \u00ab\u00a0Planifications et \nprospective\u00a0\u00bb,\n\u2022 Monsieur Mathieu MONACO, chef du p\u00f4le \u00ab\u00a0Risques\u00a0\u00bb,\n\u2022 Monsieur Jean-Baptiste GROSSO, charg\u00e9 de mission PAPI,\n\u2022 Monsieur  Mathieu  LUBRANO,  chef  du  bureau  pr\u00e9vention  risque  incendie  de  for\u00eat  et \ngestion\nArticle 8 :\nSubd\u00e9l\u00e9gation de signature est donn\u00e9e aux agents d\u00e9sign\u00e9s ci-apr\u00e8s, \u00e0 l'effet de  signer les \nseules  pi\u00e8ces  comptables  et  documents  relatifs  \u00e0  l'ordonnancement  des  recettes  non \nfiscales et \u00e0 valider, dans les domaines qui les concernent, les formulaires de recettes non  \nfiscales saisis dans l'application Chorus-Formulaires ou \u00e9tablis sur tableur, ainsi que les  \nfiches \u00ab\u00a0nouvelle communication\u00a0\u00bb:\nNom de l'agent Fonction Domaine\nMarianne ETRIOUX\nCharg\u00e9e  de  mission  \u00ab\u00a0Coordination  et \npilotage de l'activit\u00e9\u00a0\u00bb Tous domaines\nSophie CARLA Responsable de la gestion des BOP \n\"m\u00e9tier\" Tous domaines\nOlivier VAROQUI Chef de service \u00ab\u00a0Mer et littoral\u00a0\u00bb Contraventions \nde grande voirie \nsur DPMVianney HOUETTE adjoint au chef de service \u00ab\u00a0Mer et \nlittoral\u00a0\u00bb\nAnne RABAULT Cheffe de service \u00ab\u00a0Agriculture et for\u00eat\u00a0\u00bb\nCompensation \ndes d\u00e9frichements\npar versement \nd'indemnit\u00e9s au \nFonds Strat\u00e9gique \nde la For\u00eat et du \nBois (FSFB)\nWilly MARTIN Adjoint  \u00e0  la  cheffe  de  service  \n\u00ab\u00a0Agriculture et for\u00eat\u00a0\u00bb\nFr\u00e9d\u00e9ric LOUBEYRE\nChef de service \u00ab\u00a0Habitat R\u00e9novation \nurbaine\u00a0\u00bb Indus li\u00e9s au \nlogement social et \nlutte contre \nl'habitat indigne \n(LHI) Marie BAILLY\nAdjointe au chef de service \u00ab\u00a0Habitat \nR\u00e9novation urbaine\u00a0\u00bb\nEstelle BORGHINI Cheffe  du  bureau  \u00ab \u00a0Renouvellement \nurbain, Logement social\u00a0\u00bb\n10/19\nDirection d\u00e9partementale des territoires et de la mer du Var - 83-2025-11-24-00001 - ARR\u00caTE PR\u00c9FECTORAL n\u00b0 DDTM/MPCA/ 2025-07\ndu 24 novembre 2025\ndonnant subd\u00e9l\u00e9gation de signature \u00e0 des agents de la Direction d\u00e9partementale des territoires et de la mer du Var, au titre de\nl'ordonnancement secondaire\n13\nNom de l'agent Fonction Domaine\nCarine LEONARD Cheffe de service \u00ab\u00a0Planifications et \nprospective\"\nIndus li\u00e9s aux \nrisquesL\u00e6titia COUDERT Adjointe \u00e0 la Cheffe de service \n\u00ab\u00a0Planifications et prospective\u00a0\u00bb\nMathieu MONACO Chef du p\u00f4le \u00ab\u00a0Risques\u00a0\u00bb,\n Mathieu LUBRANO\nChef  du  bureau  pr\u00e9vention  risque  \nincendie de for\u00eat et gestion\nIsabelle CATHERINEAU Cheffe de service \u00ab\u00a0Urbanisme et affaires \njuridiques\u00a0\u00bb\nIndus et astreintes \nd'urbanisme\nDenise JUIN-SEVIN Adjointe  \u00e0  la  cheffe  de  service  \n\u00ab\u00a0Urbanisme et affaires juridiques\u00a0\u00bb\nLaurent ROUBEYRIE Chef  du  bureau  instruction  droit  des \nsols- R\u00e9f\u00e9rent D\u00e9mat'ADS\u00a0.\nEric FOUCAULT Chef  du  bureau  \u00ab\u00a0Affaires  juridiques  et \npolice\u00a0\u00bb\nC\u00e9dric DRUMEAUX Agent du bureau \u00ab \u00a0Affaires juridiques et  \npolice\u00a0\u00bb\n Olivier BIELEN Chef de service \u00ab\u00a0Eau et biodiversit\u00e9\u00a0\u00bb\nAstreintes, amendes \net consignations des \nfonds li\u00e9es \u00e0 la \nPolice de l'eau.Nathalie COQUELET Adjointe  au  Chef  de  service  \u00ab\u00a0Eau  et \nbiodiversit\u00e9\u00a0\u00bb,\nArticle 9 :\nHabilitation est donn\u00e9e aux agents d\u00e9sign\u00e9s ci-apr\u00e8s, \u00e0 l'effet de valider dans l 'application \n\u00ab\u00a0Chorus Formulaires \u00a0\u00bb, les fiches \u00ab \u00a0Nouvelle communication \u00a0\u00bb via le profil \u00ab \u00a0SG-VAL\u00a0\u00bb, \u00e0  \nl'exclusion des fiches concernant les paiements directs de flux 3 et 4 (factures internes,  \ntableau des ordres \u00e0 payer, indemnit\u00e9s de sortie en mer...)\u00a0:\nNoms des agents\u00a0:\n- Henri BAUMIER - J\u00e9r\u00f4me LE BRUN\n- Christelle CARRILLO - Maryline LUCAS\n- Cyrille COSTE - C\u00e9line MANSUY\n- Danielle DUBOIS - Christophe MARTIN\n- Mireille ERADES - Eric MOUMDJIAN\n- Franck GOGUY - Marie RIVIERE\n- Vanessa GROSSO - Gilda SIX\n- Christine GUICHARD - Laurent TUREK\n- Nathalie VILLAIN - Fr\u00e9d\u00e9rique BRENDEL\n- Olivier SOUPLET - Fabienne TRANNOY\n - Sandra DEMEY         - Ptissam RIFAI\n11/19\nDirection d\u00e9partementale des territoires et de la mer du Var - 83-2025-11-24-00001 - ARR\u00caTE PR\u00c9FECTORAL n\u00b0 DDTM/MPCA/ 2025-07\ndu 24 novembre 2025\ndonnant subd\u00e9l\u00e9gation de signature \u00e0 des agents de la Direction d\u00e9partementale des territoires et de la mer du Var, au titre de\nl'ordonnancement secondaire\n14\n- Marie-Fabiola GRONDIN - Claire CHARPENTIER\n- Yasmine BEZIOUNE                  - Silvi CLIMENT\nArticle 10 :\nMadame  Sophie  CARLA,  responsable  de  la  gestion  des  BOP  \"m\u00e9tier\",  est  habilit\u00e9e  \u00e0 \ntransmettre mensuellement le tableau des ordres \u00e0 payer (TOP) concernant les flux 3 et 4,  \ntous programmes confondus.\nArticle 11 :\nEn cas d'absence de Madame Sophie CARLA, les attributions d\u00e9finies \u00e0 l'article 11 ci-avant,  \nsont subd\u00e9l\u00e9gu\u00e9es \u00e0 :\n\u2022 Madame  Marianne  ETRIOUX,  charg\u00e9e  de  mission  \u00ab\u00a0coordination  et  pilotage  de \nl'activit\u00e9\u00a0\u00bb, tous programmes confondus.\nArticle 12  \u00a0  :   \nHabilitation  de  la  licence  budg\u00e9taire  C\u0153ur  Chorus  est  donn\u00e9e  \u00e0  Mesdames  Marianne \nETRIOUX et Sophie CARLA, \u00e0 l'effet d'intervenir dans l'application C\u0153ur Chorus.\nArticle 13\u00a0:\nHabilitation est donn\u00e9e aux agents d\u00e9sign\u00e9s ci-apr\u00e8s, \u00e0 l'effet de  valider dans l'application  \nSIAP interfac\u00e9e avec CHORUS pour le BOP 135,  les demandes de subventions (arr\u00eat\u00e9s,  \nd\u00e9cisions, conventions, etc) et la constatation du service fait des demandes pr\u00e9cit\u00e9es :\n\u2022 Monsieur Fr\u00e9d\u00e9ric LOUBEYRE, Chef de service \u00ab\u00a0Habitat R\u00e9novation urbaine\u00a0\u00bb,\n\u2022 Madame MARIE BAILLY, adjointe au chef de service \u00ab\u00a0Habitat R\u00e9novation urbaine\u00a0\u00bb,\n\u2022 Madame  Estelle  BORGHINI,  cheffe  du  bureau  \u00ab\u00a0Renouvellement  urbain,  Logement \nsocial\u00a0\u00bb.\nArticle 14\u00a0:\nSans  pr\u00e9judice  des  restrictions  mentionn\u00e9es  \u00e0  l'article  4  pr\u00e9c\u00e9dent,  subd\u00e9l\u00e9gation  de \nsignature est donn\u00e9e aux agents d\u00e9sign\u00e9s ci-apr\u00e8s, \u00e0 l'effet de signer les pi\u00e8ces comptables  \net  documents  relatifs  aux  d\u00e9penses  pass\u00e9es  sur  le  Fonds  de  Pr\u00e9vention  des  Risques \nNaturels Majeurs (Fonds Barnier), dans le cadre de leurs attributions et comp\u00e9tences :\n\u2022 Madame Carine LEONARD, cheffe de service \u00ab\u00a0Planifications et prospective\u00a0\u00bb,\n\u2022 Madame  L\u00e6titia COUDERT,  adjointe  \u00e0  la  cheffe  de  service  \u00ab \u00a0Planifications  et \nprospective\u00a0\u00bb,\n\u2022 Monsieur Jean-Baptiste GROSSO, charg\u00e9 de mission PAPI,\n\u2022 Monsieur Mathieu MONACO, chef du p\u00f4le \u00ab\u00a0Risques\u00a0\u00bb,\n\u2022 Monsieur  Mathieu  LUBRANO,  chef  du  bureau  pr\u00e9vention  risque  incendie  de  for\u00eat  et \ngestion\n12/19\nDirection d\u00e9partementale des territoires et de la mer du Var - 83-2025-11-24-00001 - ARR\u00caTE PR\u00c9FECTORAL n\u00b0 DDTM/MPCA/ 2025-07\ndu 24 novembre 2025\ndonnant subd\u00e9l\u00e9gation de signature \u00e0 des agents de la Direction d\u00e9partementale des territoires et de la mer du Var, au titre de\nl'ordonnancement secondaire\n15\nArticle 15 :\nSubd\u00e9l\u00e9gation  de  signature  est  donn\u00e9e  \u00e0  Madame  Isabelle  CATHERINEAU,  cheffe  de \nservice \u00ab\u00a0Urbanisme et affaires juridiques\u00a0\u00bb, \u00e0 l'effet de valider les titres de perception \u00e9mis \ndans le cadre de l'encaissement des taxes d'urbanisme dont l'instruction est effectu\u00e9e via  \nl'application CHORUS ADS.\nArticle 16 :\nEn cas d'absence de Madame Isabelle CATHERINEAU, les attributions d\u00e9finies \u00e0 l'article 16  \nci-avant sont subd\u00e9l\u00e9gu\u00e9es \u00e0 :\n\uf0b7 Madame  Denise  JUIN-SEVIN,  adjointe  \u00e0  la  cheffe  de  service  \u00ab\u00a0Urbanisme  et  affaires \njuridiques\u00a0\u00bb,\n\uf0b7 Monsieur  Laurent  ROUBEYRIE,  Chef  du  bureau  instruction  droit  des  sols,  R\u00e9f\u00e9rent \nD\u00e9mat'ADS\nArticle 17 :\nSubd\u00e9l\u00e9gation de signature est donn\u00e9e aux agents d\u00e9sign\u00e9s dans le tableau annex\u00e9 au  \npr\u00e9sent arr\u00eat\u00e9 pour valider, dans l'application CHORUS-DT, les ordres de mission et, le cas  \n\u00e9ch\u00e9ant, les \u00e9tats de frais, des agents plac\u00e9s sous leur autorit\u00e9 hi\u00e9rarchique se d\u00e9pla\u00e7ant  \ndans  ou  hors  de  leur  r\u00e9sidence  administrative,  ainsi  que  de  l'architecte-conseil  et  du \npaysagiste-conseil agissant pour le compte de la Direction d\u00e9partementale des territoires  \net de la mer du Var.\nArticle 18 :\nSubd\u00e9l\u00e9gation de signature est donn\u00e9e \u00e0 :\n\u2022 Madame Anne RABAULT, cheffe de service \u00ab\u00a0Agriculture et for\u00eat\u00a0\u00bb,\n\u2022 Monsieur Willy MARTIN, adjoint \u00e0 la cheffe de service \u00ab\u00a0Agriculture et for\u00eat\u00a0\u00bb,\n\u2022 Madame Alison PESSON, cheffe de bureau \u00ab\u00a0Chasse, faune sauvage\u00a0\u00bb,\n\u00e0  l'effet  de  signer  toutes  les  pi\u00e8ces  comptables  (d\u00e9cisions,  ordres  de  paiement,  etc) \nrelatives \u00e0 l'indemnisation des \u00e9leveurs subissant la pr\u00e9dation lupine.\nArticle 19 :\nLa d\u00e9l\u00e9gation de signature en mati\u00e8re de march\u00e9s publics et d'accords-cadres donn\u00e9e \u00e0  \nMonsieur Laurent BOULET, directeur de la Direction d\u00e9partementale des territoires et de la \nmer du Var, par l'arr\u00eat\u00e9 pr\u00e9fectoral n\u00b02023/85/MCI du 21 ao\u00fbt 2023, est subd\u00e9l\u00e9gu\u00e9e \u00e0\u00a0:\n\uf0b7 Monsieur Xavier PRUD'HON, directeur d\u00e9partemental adjoint,\n\uf0b7 Monsieur Lionel HOULLIER, directeur d\u00e9partemental adjoint d\u00e9l\u00e9gu\u00e9 \u00e0 la mer et au  \nlittoral.\n13/19\nDirection d\u00e9partementale des territoires et de la mer du Var - 83-2025-11-24-00001 - ARR\u00caTE PR\u00c9FECTORAL n\u00b0 DDTM/MPCA/ 2025-07\ndu 24 novembre 2025\ndonnant subd\u00e9l\u00e9gation de signature \u00e0 des agents de la Direction d\u00e9partementale des territoires et de la mer du Var, au titre de\nl'ordonnancement secondaire\n16\nArticle 20 :\nEn  cas  d'absence  de  Monsieur Laurent  BOULET,  de  Monsieur  Xavier  PRUD'HON  et  de \nMonsieur  Lionel  HOULLIER,  les  attributions  d\u00e9finies  \u00e0  l'article  20  ci-avant,  sont  \nsubd\u00e9l\u00e9gu\u00e9es \u00e0 Madame Marianne ETRIOUX, charg\u00e9e de mission \u00abPilotage et coordination  \nde l'activit\u00e9\u00a0\u00bb.\nArticle 21 :\nSubd\u00e9l\u00e9gation de signature est donn\u00e9e aux agents d\u00e9sign\u00e9s dans le tableau ci-dessous  \npour signer, en tant que repr\u00e9sentant du pouvoir adjudicateur, et ce pour un montant  \nstrictement  inf\u00e9rieur  aux  montants  indiqu\u00e9s,  les  march\u00e9s  de  travaux,  fournitures  ou \nservices, pass\u00e9s selon la proc\u00e9dure adapt\u00e9e (MAPA) tels que d\u00e9finis par l'ordonnance n\u00b0  \n2015-899 du 23 juillet 2015 et le d\u00e9cret n\u00b0 2016-360 du 25 mars 2016 relatifs aux march\u00e9s  \npublics et contrats pour lesquels une consultation est engag\u00e9e ou un avis d'appel public \u00e0  \nla concurrence a \u00e9t\u00e9 envoy\u00e9 \u00e0 la publication \u00e0 compter du 1er\n avril 2016 :\nNom de l'agent Fonction Montant HT\nIsabelle CATHERINEAU Cheffe  de  service  \u00ab\u00a0Urbanisme  et  affaires  \njuridiques\u00a0\u00bb 90\u00a0000,00 \u20ac\nDenise JUIN-SEVIN Adjointe  \u00e0  la  cheffe  de  service  \u00ab\u00a0Urbanisme  et \naffaires juridiques\u00a0\u00bb 90\u00a0000,00 \u20ac\nFr\u00e9d\u00e9ric LOUBEYRE Chef de service \u00ab\u00a0Habitat R\u00e9novation urbaine\u00a0\u00bb 90\u00a0000,00 \u20ac\n Marie BAILLY Adjointe au c hef de service \u00ab \u00a0Habitat R\u00e9novation  \nurbaine\u00a0\u00bb 90\u00a0000,00 \u20ac\nOlivier VAROQUI Chef de service \u00ab\u00a0Mer et littoral\u00a0\u00bb 90\u00a0000,00 \u20ac\nVianney HOUETTE adjoint au chef de service \u00ab\u00a0Mer et littoral\u00a0\u00bb 90\u00a0000,00 \u20ac\nCarine LEONARD\nCheffe de service \u00ab\u00a0Planifications et prospective\u00a0\u00bb\n90\u00a0000,00 \u20ac\nL\u00e6titia COUDERT Adjointe \u00e0 la Cheffe de service \u00ab \u00a0Planifications et  \nprospective\u00a0\u00bb 90\u00a0000,00 \u20ac\nAnne RABAULT Cheffe de service \u00ab\u00a0Agriculture et for\u00eat\u00a0\u00bb 90\u00a0000,00 \u20ac\nWilly MARTIN Adjoint  \u00e0  la  cheffe  de  service  \u00ab\u00a0Agriculture  et \nfor\u00eat\u00a0\u00bb 90\u00a0000,00 \u20ac\nCorinne HENRY Cheffe de bureau \u00ab\u00a0For\u00eat-DFCI\u00a0\u00bb 40\u00a0000,00 \u20ac\nOlivier BIELEN Chef de service \u00ab\u00a0Eau et biodiversit\u00e9\u00a0\u00bb 90\u00a0000,00 \u20ac\nNathalie COQUELET Adjointe au Chef de service \u00ab\u00a0Eau et biodiversit\u00e9\u00a0\u00bb 90\u00a0000,00 \u20ac\n14/19\nDirection d\u00e9partementale des territoires et de la mer du Var - 83-2025-11-24-00001 - ARR\u00caTE PR\u00c9FECTORAL n\u00b0 DDTM/MPCA/ 2025-07\ndu 24 novembre 2025\ndonnant subd\u00e9l\u00e9gation de signature \u00e0 des agents de la Direction d\u00e9partementale des territoires et de la mer du Var, au titre de\nl'ordonnancement secondaire\n17\nArticle 22 :\nEn cas d'absence ou d'emp\u00eachement des agents ci-dessus habilit\u00e9s, une d\u00e9cision d'int\u00e9rim  \nsera \u00e9tablie et soumise \u00e0 la signature du directeur d\u00e9partemental.\nArticle 23 :\nHabilitation est donn\u00e9e aux agents dont la liste est annex\u00e9e au pr\u00e9sent arr\u00eat\u00e9, \u00e0 l'effet  \nd'utiliser, dans le cadre de leurs attributions et comp\u00e9tences, une carte d'achat de service  \n(carte log\u00e9e).\nArticle 24 :\nLe directeur, ainsi que les directeurs adjoints de la Direction d\u00e9partementale des territoires \net de la mer du Var sont charg\u00e9s de l'ex\u00e9cution du pr\u00e9sent arr\u00eat\u00e9 qui sera publi\u00e9 au recueil  \ndes actes administratifs de la pr\u00e9fecture du VAR.\nToulon, le 24 novembre 2025\nPour le Pr\u00e9fet et par d\u00e9l\u00e9gation,\nLe directeur d\u00e9partemental des territoires et \nde la mer, \nsign\u00e9, Laurent BOULET\n15/19\nDirection d\u00e9partementale des territoires et de la mer du Var - 83-2025-11-24-00001 - ARR\u00caTE PR\u00c9FECTORAL n\u00b0 DDTM/MPCA/ 2025-07\ndu 24 novembre 2025\ndonnant subd\u00e9l\u00e9gation de signature \u00e0 des agents de la Direction d\u00e9partementale des territoires et de la mer du Var, au titre de\nl'ordonnancement secondaire\n18\nNom de l'agent BOP\nPlafond \n(achats de \nproximit\u00e9)\nMontant \nmaximum\npar transaction\nMonsieur GOGUY Franck 205 3\u00a0000,00 \u20ac 2\u00a0000,00 \u20ac\nMonsieur BLONDEAU S\u00e9bastien 205 3\u00a0000,00 \u20ac 2\u00a0000,00 \u20ac\nMadame HENRY Corinne 149 2\u00a0000,00 \u20ac 2\u00a0000,00 \u20ac\n Madame ETRIOUX Marianne 205, 149, 354 6\u00a0000,00 \u20ac 2\u00a0000,00 \u20ac\n16/19\nDDTM du Var \u2013 liste des habilitations pour l'utilisation d'une carte d'achat\nDirection d\u00e9partementale des territoires et de la mer du Var - 83-2025-11-24-00001 - ARR\u00caTE PR\u00c9FECTORAL n\u00b0 DDTM/MPCA/ 2025-07\ndu 24 novembre 2025\ndonnant subd\u00e9l\u00e9gation de signature \u00e0 des agents de la Direction d\u00e9partementale des territoires et de la mer du Var, au titre de\nl'ordonnancement secondaire\n19\nR\u00f4les sp\u00e9cifiques d'agents dans l'application CHORUS-DT\nFrais de d\u00e9placement des agents (BOP 354)\u00a0:\nService Nom de l'agent Administrateur\nde collaborateurs Assistant(e)\nValideur \nhi\u00e9rarchique\nde niveau 1\nValideur \nhi\u00e9rarchique\nde niveau 2\nService\nGestionnaire\nGestionnaire\ncontr\u00f4leur\nGestionnaire\nvalideur\nGestionnaire\nfactures\nEnveloppes\ndotations\nEnveloppes\nconsultation\nDirection Laurent BOULET X\nDirection Lionel HOULLIER X\nDirection Xavier PRUD'HON X\nDirection Michel CAVALLO X\nDirection Lionel DUPERRAY X\nDirection Marianne ETRIOUX X X\nDirection Karine CUVELIER X\nSUAJ Isabelle CATHERINEAU X X\nSUAJ Denise JUIN SEVIN X X\nSUAJ Florence QUEVILLY X\nSUAJ Eric  FOUCAULT X\nSUAJ Laurent ROUBEYRIE X\nSUAJ C\u00e9dric DRUMEAUX X\nSML Olivier VAROQUI X X\nSML  Vianney HOUETTE X X\nSML/BLO Ana\u00efs JACQUEL X\nSML/BEM Christophe MARTIN X\nSML/BAM Mireille ERADES X\nSML/BULAM Laurent TUREK X\nSML/BULAM Franck GOGUY X\nSML/BLE Mich\u00e8le GARNIER X X\nSML/BAM Silvi CLIMENT X\nSPP\u00a0 Carine LEONARD X X\nSPP\u00a0 L\u00e6titia COUDERT X X\nSPP/BP Sabine SORIANO\u00a0 X\nSPP Eve LESUEUR X\n17/19\nDirection d\u00e9partementale des territoires et de la mer du Var - 83-2025-11-24-00001 - ARR\u00caTE PR\u00c9FECTORAL n\u00b0 DDTM/MPCA/ 2025-07\ndu 24 novembre 2025\ndonnant subd\u00e9l\u00e9gation de signature \u00e0 des agents de la Direction d\u00e9partementale des territoires et de la mer du Var, au titre de\nl'ordonnancement secondaire\n20\nService Nom de l'agent Administrateur\nde collaborateurs Assistant(e)\nValideur \nhi\u00e9rarchique\nde niveau 1\nValideur \nhi\u00e9rarchique\nde niveau 2\nService\nGestionnaire\nGestionnaire\ncontr\u00f4leur\nGestionnaire\nvalideur\nGestionnaire\nfactures\nEnveloppes\ndotations\nEnveloppes\nconsultation\nSPP Mathieu MONACO X\nSPP/PSIGALE Godefroy COQUELLET X\nSPP Mathieu LUBRANO X\nSPP/PR Christine GUICHARD X\nSAF Anne RABAULT X X\nSAF/MD Willy MARTIN X X\nSAF/DFCI Corinne HENRY X\nSAF/BFDR St\u00e9phane THOLLON X\nSAF/BSA Liza CARLIN X\nSAF/BCFSP Alison PESSON X\n SEBIO Olivier BIELEN X X\nSEBIO Nathalie COQUELET X X\nSEBIO/BA Dominique MAUMONT X\nSEBIO Marine DENIAU x\n SEBIO Julien ASSANTE x\nSEBIO /BPE S\u00e9bastien LERDA X\nSHRU Fr\u00e9d\u00e9ric LOUBEYRE X X\n SHRU Marie BAILLY X X\nSHRU/BHP Marc SOTTER X\nSHRU/BRULS Estelle BORGHINI X\nSHRU/BPMS  Henri SALVAT X\nSHRU/BHP Christine MIRABELLES X\nSHRU Sandra DEMEY X\nSHRU C\u00e9cile MARCON X\n18/19\nDirection d\u00e9partementale des territoires et de la mer du Var - 83-2025-11-24-00001 - ARR\u00caTE PR\u00c9FECTORAL n\u00b0 DDTM/MPCA/ 2025-07\ndu 24 novembre 2025\ndonnant subd\u00e9l\u00e9gation de signature \u00e0 des agents de la Direction d\u00e9partementale des territoires et de la mer du Var, au titre de\nl'ordonnancement secondaire\n21\nFrais de d\u00e9placement de l'architecte-conseil et du paysagiste-conseil (BOP 135)\u00a0:\nService Nom de l'agent Administrateur\nde collaborateurs Assistant(e)\nValideur \nhi\u00e9rarchique\nde niveau 1\nValideur \nhi\u00e9rarchique\nde niveau 2\nService\nGestionnaire\nGestionnaire\ncontr\u00f4leur\nGestionnaire\nvalideur\nGestionnaire\nfactures\nEnveloppes\ndotations\nEnveloppes\nconsultation\nSPP Carine LEONARD X\nSPP Laetitia COUDERT X\nSPP/PAU Mich\u00e8le PORQUET X\nSPP/PAU Eve LESUEUR X\nDirection Sophie CARLA X X X X X X X\nDirection\nMarianne ETRIOUX\n(en cas d'absence de \nSophie CARLA)\nX X X X X X X\n19/19\nDirection d\u00e9partementale des territoires et de la mer du Var - 83-2025-11-24-00001 - ARR\u00caTE PR\u00c9FECTORAL n\u00b0 DDTM/MPCA/ 2025-07\ndu 24 novembre 2025\ndonnant subd\u00e9l\u00e9gation de signature \u00e0 des agents de la Direction d\u00e9partementale des territoires et de la mer du Var, au titre de\nl'ordonnancement secondaire\n22\nDirection des services d\u00e9partementaux de\nl'\u00e9ducation nationale du Var\n83-2025-09-26-00008\navenant n\u00b0 7  cden SE UNSA 2025-2026  S 83\nDirection des services d\u00e9partementaux de l'\u00e9ducation nationale du Var - 83-2025-09-26-00008 - avenant n\u00b0 7  cden SE UNSA\n2025-2026  S 83 23\nPREFETDU VARLibert\u00e9Egalit\u00e9Fraternit\u00e9\nREGION ACADEMIQUEPROVENCE-ALPES-COTE D'AZURLibert\u00e9Egalit\u00e9Fraternit\u00e9\n \n 1 \n \n \n \n \n \n \n \n \n \n \n \n \nAvenant n\u00b07 modifiant l'arr\u00eat\u00e9 du 03 janvier 2023 portant renouvellement \n \ndes Membres du Conseil D\u00e9partemental \n \nde l'Education Nationale \n \n \n \n \n \nLe pr\u00e9fet du Var,  \n \nVU la loi du 30 octobre 1886 sur l'organisation de l'enseignement primaire, \n \nVU la loi N\u00b082 -213 du 2 mars 1982 relative aux droits et libert\u00e9s des communes, des \nd\u00e9partements et des r\u00e9gions, \n \nVU la loi N\u00b083-663 du 22 juillet 1983 modifi\u00e9e portant dispositions diverses relatives aux rapports \nentre l'Etat et les collectivit\u00e9s locales, \n \nVU le d\u00e9cret 2004 -703 du 13 juillet 2004 relatif aux dispositions r\u00e9glementaires des livres I et II \ndu code de l'\u00e9ducation nationale, \n \nVU la circulaire interminist\u00e9rielle du 21 ao\u00fbt 1985 relative \u00e0 la mise en place des conseils de \nl'\u00e9ducation nationale institu\u00e9s dans les d\u00e9partements et les acad\u00e9mies,  \n \nVU l'arr\u00eat\u00e9 pr\u00e9fectoral modifi\u00e9 en date du 28 janvier 1986 portant cr\u00e9ation du conseil \nd\u00e9partemental de l'\u00e9ducation nationale, \n \nVU les propositions du pr\u00e9sident du conseil r\u00e9gional, du pr\u00e9sident du conseil d\u00e9partemental, du \npr\u00e9sident de l'Association des maires du Var et des organismes concern\u00e9s,  \n \n \nSUR proposition du secr\u00e9taire g\u00e9n\u00e9ral de la pr\u00e9fecture du Var, \n \n \n \n \n \n \n \n \n \nDirection des services d\u00e9partementaux de l'\u00e9ducation nationale du Var - 83-2025-09-26-00008 - avenant n\u00b0 7  cden SE UNSA\n2025-2026  S 83 24\n \n 2 \n \n \n \nARRETE \n \nARTICLE 1er : L'arr\u00eat\u00e9 pr\u00e9fectoral   du 3 janvier 2023 est modifi\u00e9 comme suit : \n \nARTICLE 2 : Sous la pr\u00e9sidence conjointe de Monsieur le Pr\u00e9fet (ou de son \nrepr\u00e9sentant, Monsieur l'Inspecteur d'Acad\u00e9mie) et de Monsieur le \nPr\u00e9sident du Conseil D\u00e9partemental (ou de son repr\u00e9sentant, le Conseiller \nD\u00e9partemental d\u00e9l\u00e9gu\u00e9 \u00e0 cet effet par le Pr\u00e9sident) le Conseil \nD\u00e9partemental de l'Education Nationale est compos\u00e9 ainsi qu'il suit : \n \nII \u2013 AU TITRE DES REPRESENTANTS DES PERSONNELS TITULAIRES DE L'ETAT. \n \n2.2 UNSA Education  \n \n. Titulaire    Mme GRIMAUD-CHIANTARETTO Sophie \n. Suppl\u00e9ant    M. HUMBERT Patrick \n   Coll\u00e8ge Ir\u00e8ne et Fr\u00e9d\u00e9ric Joliot curie \n   Avenue du Coll\u00e8ge \n   83320 Carqueiranne \n     \n \nARTICLE 5 - Le Secr\u00e9taire G\u00e9n\u00e9ral de la Pr\u00e9fecture du VAR, le Pr\u00e9sident du Conseil \nD\u00e9partemental et le Directeur Acad\u00e9mique sont charg\u00e9s, chacun en ce \nqui le concerne, de l'ex\u00e9cution du pr\u00e9sent arr\u00eat\u00e9 qui sera publi\u00e9 au recueil \ndes actes administratifs du d\u00e9partement. \n \n \n         Toulon, le 26 septembre 2025 \n \n \n           SIGN\u00c9 \n \n          Le Pr\u00e9fet du Var \n         Simon BABRE \n         \n \n \n          \n \n \nDirection des services d\u00e9partementaux de l'\u00e9ducation nationale du Var - 83-2025-09-26-00008 - avenant n\u00b0 7  cden SE UNSA\n2025-2026  S 83 25\nPr\u00e9fecture du VAR\n83-2025-11-19-00006\nARR\u00caT\u00c9 PR\u00c9FECTORAL n\u00b0 DCL/BERG/2025/0214\ndu 19 novembre 2025 portant habilitation dans\nle domaine fun\u00e9raire de l'\u00e9tablissement\nsecondaire \u00ab\u00a0La Vie d'Apr\u00e8s - POMPES FUN\u00c8BRES\nARMAND\u00a0\u00bb sis 137 Avenue\ndu 11 Novembre 1918 - R\u00e9sidences Rivages - B\u00e2t.\nA \u00e0 BANDOL (83150) - N\u00b0 25-83-0306\nPr\u00e9fecture du VAR - 83-2025-11-19-00006 - ARR\u00caT\u00c9 PR\u00c9FECTORAL n\u00b0 DCL/BERG/2025/0214 du 19 novembre 2025 portant habilitation\ndans le domaine fun\u00e9raire de l'\u00e9tablissement secondaire \u00ab\u00a0La Vie d'Apr\u00e8s - POMPES FUN\u00c8BRES ARMAND\u00a0\u00bb sis 137 Avenue\ndu 11 Novembre 1918 - R\u00e9sidences Rivages - B\u00e2t. A \u00e0 BANDOL (83150) - N\u00b0 25-83-0306\n26\n=mPREFETDU VARLibert\u00e9Egalit\u00e9Fraternit\u00e9\nDirection de la citoyennet\u00e9 et de la l\u00e9galit\u00e9\nBureau des \u00e9lections et de la r\u00e9glementation g\u00e9n\u00e9rale\nARR\u00caT\u00c9 PR\u00c9FECTORAL n\u00b0 DCL/BERG/2025/0214 du 19 novembre 2025\nportant habilitation dans le domaine fun\u00e9raire\nde l'\u00e9tablissement secondaire \u00ab La Vie d'Apr\u00e8s \u2013 POMPES FUN\u00c8BRES ARMAND \u00bb\n137 Avenue du 11 Novembre 1918 \u2013 R\u00e9sidences Rivages \u2013 B\u00e2t. A \u00e0 BANDOL (83150)\nN\u00b0 25-83-0306\nLe Pr\u00e9fet du Var,\nVu le  code  g\u00e9n\u00e9ral  des  collectivit\u00e9s  territoriales et  notamment  ses  articles  L2223-23  et \nsuivants ainsi que ses articles R2223-56 et suivants ;\nVu la loi n\u00b0 2008-1350 du 19 d\u00e9cembre 2008 relative \u00e0 la l\u00e9gislation fun\u00e9raire ;\nVu  le  d\u00e9cret  du  Pr\u00e9sident  de  la  R\u00e9publique  du  15  mai  2025,  portant  nomination  de \nMonsieur Simon BABRE, pr\u00e9fet du Var ;\nVu  l'arr\u00eat\u00e9  pr\u00e9fectoral  n\u00b0  2025/12/MCI  du  2  juin  2025  portant  d\u00e9l\u00e9gation  de  signature  \u00e0 \nMonsieur  Lucien  GIUDICELLI,  secr\u00e9taire  g\u00e9n\u00e9ral  de  la  pr\u00e9fecture  du  Var,  sous-pr\u00e9fet  de \nl'arrondissement de Toulon ;\nVu l'arr\u00eat\u00e9 pr\u00e9fectoral n\u00b0 2025/53/MCI du 15 juillet 2025 portant d\u00e9l\u00e9gation de signature \u00e0  \nMonsieur Thibaut DARGON, directeur de la citoyennet\u00e9 et de la l\u00e9galit\u00e9 de la pr\u00e9fecture du  \nVar ;\nVu la demande formul\u00e9e par Monsieur Enzo ARMAND, g\u00e9rant, en vue d'obtenir l'habilitation  \ndans  le  domaine  fun\u00e9raire  de  l'\u00e9tablissement  secondaire  \u00ab La  Vie  d'Apr\u00e8s  \u2013  POMPES \nFUN\u00c8BRES ARMAND  \u00bb sis 137 Avenue du 11 Novembre 1918, R\u00e9sidences Rivages, B\u00e2t. A \u00e0  \nBandol (83150) ;\nConsid\u00e9rant la compl\u00e9tude du dossier ;\nSur proposition du secr\u00e9taire g\u00e9n\u00e9ral de la pr\u00e9fecture ;\nARR\u00caTE\nArticle  1 :  L'\u00e9tablissement  secondaire  de  pompes  fun\u00e8bres  \u00ab La  Vie  d'Apr\u00e8s  \u2013  POMPES \nFUN\u00c8BRES ARMAND  \u00bb  sis 137 Avenue du 11 Novembre 1918, R\u00e9sidences Rivages, B\u00e2t. A \u00e0  \nBandol (83150), relevant de la SAS \u00ab POMPES FUN\u00c8BRES ARMAND \u00bb \u00e0 Sorgues (84700), dont la \npr\u00e9sidence est assur\u00e9e par Monsieur Enzo ARMAND, est habilit\u00e9 pour exercer les activit\u00e9s  \nsuivantes :\n1 - Transport de corps avant et apr\u00e8s mise en bi\u00e8re,\n1/2\nPr\u00e9fecture du VAR - 83-2025-11-19-00006 - ARR\u00caT\u00c9 PR\u00c9FECTORAL n\u00b0 DCL/BERG/2025/0214 du 19 novembre 2025 portant habilitation\ndans le domaine fun\u00e9raire de l'\u00e9tablissement secondaire \u00ab\u00a0La Vie d'Apr\u00e8s - POMPES FUN\u00c8BRES ARMAND\u00a0\u00bb sis 137 Avenue\ndu 11 Novembre 1918 - R\u00e9sidences Rivages - B\u00e2t. A \u00e0 BANDOL (83150) - N\u00b0 25-83-0306\n27\n2 - Organisation des obs\u00e8ques,\n3 - Soins de conservation, en sous-traitance avec :\n- l'EURL d\u00e9nomm\u00e9e \u00ab OLEA SERVICES FUN\u00c9RAIRES \u00bb sise 51, Avenue des anciens combattants \nd'Indocine \u00e0 La Seyne-sur-Mer (83500), habilit\u00e9e sous le n\u00b0 22-83-0097 ,\n4 - Fourniture des housses, cercueils et accessoires int\u00e9rieur et ext\u00e9rieur ainsi que des urnes\ncin\u00e9raires,\n7 - Fourniture des corbillards et voitures de deuil.\nArticle 2     : L'habilitation porte le num\u00e9ro 25-83-0306.\nArticle 3     :  La pr\u00e9sente habilitation  prendra effet \u00e0 compter  de sa date de publication au  \nrecueil des   actes administratifs de la pr\u00e9fecture du Var pour une dur\u00e9e de cinq ans.  \nPour  solliciter  le  renouvellement  de  la  pr\u00e9sente  habilitation,  le  b\u00e9n\u00e9ficiaire  devra  faire \nparvenir sa demande en pr\u00e9fecture au plus tard deux mois avant sa date de fin de validit\u00e9.\nArticle 4     : Conform\u00e9ment aux articles L.2223-25 et R.2223-64, D.2223-87 du code g\u00e9n\u00e9ral des  \ncollectivit\u00e9s  territoriales,  et  \u00e0  d\u00e9faut  de  la  production,  dans  les  meilleurs  d\u00e9lais,  des \njustificatifs de conformit\u00e9 des \u00e9quipements, la pr\u00e9sente habilitation pourra \u00eatre suspendue  \npour une dur\u00e9e maximale d'un an ou retir\u00e9e, apr\u00e8s mise en demeure, pour les motifs suivants :\n- non-respect  des  conditions  de  sa  d\u00e9livrance  telles  qu'elles  sont  d\u00e9finies  par  les  \ndispositions du code g\u00e9n\u00e9ral des collectivit\u00e9s territoriales ;\n- non exercice ou cessation d'exercice des activit\u00e9s au titre desquelles elle a \u00e9t\u00e9 d\u00e9livr\u00e9e ;\n- atteinte \u00e0 l'ordre public ou danger pour la salubrit\u00e9 publique.\nDans  les  cas  o\u00f9  le  b\u00e9n\u00e9ficiaire  est  un  d\u00e9l\u00e9gataire,  le  retrait  d'habilitation  entra\u00eene  la \nd\u00e9ch\u00e9ance des d\u00e9l\u00e9gations.\nArticle 5     : Le secr\u00e9taire g\u00e9n\u00e9ral de la pr\u00e9fecture du Var est charg\u00e9 de l'ex\u00e9cution du pr\u00e9sent  \narr\u00eat\u00e9 qui sera publi\u00e9 au recueil des actes administratifs de la pr\u00e9fecture du Var et dont une  \ncopie sera adress\u00e9e au maire de la commune de Bandol pour information.\nFait \u00e0 Toulon, le 19 novembre 2025\nPour le pr\u00e9fet et par d\u00e9l\u00e9gation,\nl'adjoint au directeur\nde la citoyennet\u00e9 et de la l\u00e9galit\u00e9\nSign\u00e9\nLionel GARENTE\nDans un d\u00e9lai de deux mois \u00e0 compter de la date de la notification ou de la publication du pr\u00e9sent arr\u00eat\u00e9 au recueil des actes administratifs de la \npr\u00e9fecture, les recours suivants peuvent \u00eatre introduits conform\u00e9ment aux dispositions des articles R. 421-1 et suivants du code de justice \nadministrative :\n- un recours gracieux, adress\u00e9 \u00e0 :\nM. le Pr\u00e9fet du Var - Boulevard du 112\u00e8me r\u00e9giment d'infanterie - CS 31209 - 83070 TOULON CEDEX\n- un recours hi\u00e9rarchique, adress\u00e9 au(x) ministre(s) concern\u00e9(s) ;\nDans ces deux cas, le silence de l'Administration vaut rejet implicite au terme d'un d\u00e9lai de deux mois.\nApr\u00e8s un recours gracieux ou hi\u00e9rarchique, le d\u00e9lai du recours contentieux ne court qu'\u00e0 compter du rejet explicite ou implicite de l'un de ces \nrecours.\n- un recours contentieux, en saisissant le Tribunal Administratif de Toulon : 5 rue Racine -BP 40510 - 83 041 TOULON CEDEX 9\nLe tribunal administratif peut \u00eatre saisi par l'application informatique \u00ab T\u00e9l\u00e9cours \u00bb accessible par le site internet www.telecours.fr.\n2/2\nPr\u00e9fecture du VAR - 83-2025-11-19-00006 - ARR\u00caT\u00c9 PR\u00c9FECTORAL n\u00b0 DCL/BERG/2025/0214 du 19 novembre 2025 portant habilitation\ndans le domaine fun\u00e9raire de l'\u00e9tablissement secondaire \u00ab\u00a0La Vie d'Apr\u00e8s - POMPES FUN\u00c8BRES ARMAND\u00a0\u00bb sis 137 Avenue\ndu 11 Novembre 1918 - R\u00e9sidences Rivages - B\u00e2t. A \u00e0 BANDOL (83150) - N\u00b0 25-83-0306\n28\nPr\u00e9fecture du VAR\n83-2025-11-20-00003\nARR\u00caT\u00c9 PR\u00c9FECTORAL n\u00b0 DCL/BERG/2025/238\ndu 20 novembre 2025 portant modification de\nl'arr\u00eat\u00e9 DCL/BERG/2024/427 fixant la\ncomposition de la commission locale des\ntransports publics particuliers de personnes,\ndans le d\u00e9partement du Var.\nPr\u00e9fecture du VAR - 83-2025-11-20-00003 - ARR\u00caT\u00c9 PR\u00c9FECTORAL n\u00b0 DCL/BERG/2025/238 du 20 novembre 2025 portant modification\nde l'arr\u00eat\u00e9 DCL/BERG/2024/427 fixant la composition de la commission locale des transports publics particuliers de personnes, dans le\nd\u00e9partement du Var.\n29\n=mPREFETDU VARLibert\u00e9Egalit\u00e9Fraternit\u00e9\nDirection de la citoyennet\u00e9 et de la l\u00e9galit\u00e9\nBureau des \u00e9lections et de la r\u00e9glementation g\u00e9n\u00e9rale\nARR\u00caT\u00c9 PR\u00c9FECTORAL n\u00b0 DCL/BERG/2025/238 du 20 novembre 2025\nportant modification de l'arr\u00eat\u00e9 DCL/BERG/2024/427 fixant la composition de la \ncommission locale des transports publics particuliers de personnes, dans le \nd\u00e9partement du Var.\nLe Pr\u00e9fet du Var,\nVu le code des transports, notamment ses articles D. 3120-21 \u00e0 D. 3120-38 ;\nVu le code des relations entre le public et l'administration, notamment ses articles R. 133-1 \u00e0  \nR. 133-15 ;\nVu le d\u00e9cret du Pr\u00e9sident de la R\u00e9publique du 15 mai 2025 portant nomination de Monsieur  \nSimon BABRE, pr\u00e9fet du Var ;\nVu l'arr\u00eat\u00e9 pr\u00e9fectoral n\u00b0 DCL/BERG/2024/427 du 04 d\u00e9cembre 2024 fixant la composition de  \nla commission locale des transports publics particuliers de personnes, dans le d\u00e9partement  \ndu Var ;\nVu l'arr\u00eat\u00e9 pr\u00e9fectoral n\u00b0 DCL/BERG/2025/451 du 24 d\u00e9cembre 2024 portant modification de  \nl'arr\u00eat\u00e9 DCL/BERG/2024/427 fixant la composition de la commission locale des transports  \npublics particuliers de personnes, dans le d\u00e9partement du Var ;\nVu l'arr\u00eat\u00e9 pr\u00e9fectoral n\u00b0 2025/53/MCI du 15 juillet 2025 portant d\u00e9l\u00e9gation de signature \u00e0  \nMonsieur  Lucien  GIUDICELLI,  secr\u00e9taire  g\u00e9n\u00e9ral  de  la  pr\u00e9fecture  du  Var,  sous-pr\u00e9fet  de \nl'arrondissement de Toulon ;\nVu l'arr\u00eat\u00e9 pr\u00e9fectoral n\u00b0 DCL/BERG/2025/207 du 24 octobre 2025 portant modification de  \nl'arr\u00eat\u00e9 DCL/BERG/2024/427 fixant la composition de la commission locale des transports  \npublics particuliers de personnes, dans le d\u00e9partement du Var ;\nVu le courriel du 02 novembre 2025 par lequel Madame Laurence LEVALLOIS, pr\u00e9sidente de  \nl'Union des Taxis du Var (UTV 83), demande la modification des membres de l'UTV 83, pour  \nsi\u00e9ger  \u00e0  la  commission  locale  des  transports  publics  particuliers  de  personnes,  du \nd\u00e9partement du Var ;\nSur proposition du secr\u00e9taire g\u00e9n\u00e9ral de la pr\u00e9fecture ;\n1/4\nPr\u00e9fecture du VAR - 83-2025-11-20-00003 - ARR\u00caT\u00c9 PR\u00c9FECTORAL n\u00b0 DCL/BERG/2025/238 du 20 novembre 2025 portant modification\nde l'arr\u00eat\u00e9 DCL/BERG/2024/427 fixant la composition de la commission locale des transports publics particuliers de personnes, dans le\nd\u00e9partement du Var.\n30\nARR\u00caTE\nArticle 1     :   L'article 1 de l'arr\u00eat\u00e9 pr\u00e9fectoral  n\u00b0  DCL/BERG/2024/427 du 04 d\u00e9cembre 2024  \nsusvis\u00e9 est modifi\u00e9 comme suit :\nLa commission locale des transports publics particuliers de personnes, dans le d\u00e9partement  \ndu Var, pr\u00e9sid\u00e9e par le pr\u00e9fet ou son repr\u00e9sentant, est compos\u00e9e de membres ayant une voix \nd\u00e9lib\u00e9rative, ainsi qu'il suit :\nPour la formation pl\u00e9ni\u00e8re\n1 \u2013 Coll\u00e8ge des repr\u00e9sentants de l'administration\n- le pr\u00e9fet ou son repr\u00e9sentant ;\n- le directeur r\u00e9gional de l'environnement, de l'am\u00e9nagement et du logement Provence-Alpes-\nC\u00f4te d'Azur, ou son repr\u00e9sentant pour le d\u00e9partement du Var ;\n- la directrice d\u00e9partementale de la protection des populations du Var, ou son repr\u00e9sentant ;\n- le directeur interd\u00e9partemental de la police nationale du Var, ou son repr\u00e9sentant ;\n-  le  commandant  du  groupement  de  gendarmerie  d\u00e9partementale  du  Var,  ou  son \nrepr\u00e9sentant.\n2 \u2013 Coll\u00e8ge des repr\u00e9sentants des organisations professionnelles\nF\u00e9d\u00e9ration des taxis ind\u00e9pendants du Var (FTI83) : \nTitulaires     : .\nMadame Armelle LAMBLIN, co-pr\u00e9sidente ;\nMonsieur Christophe GIUSTI, conseiller technique ;\nSuppl\u00e9ants     : \nMonsieur Jean-Louis TAXI, co-pr\u00e9sident ;\nMonsieur Patrice BURTE, vice-pr\u00e9sident.\nUnion des taxis du Var (UTV83)     : \nTitulaires     : \nMadame Laurence LEVALLOIS, pr\u00e9sidente ;\nMonsieur Thierry BRIQUET, secr\u00e9taire g\u00e9n\u00e9ral ;\nSuppl\u00e9ants     : \nMonsieur Nicolas RAYNAUD, d\u00e9l\u00e9gu\u00e9 d\u00e9partemental ;\nMonsieur G\u00e9rald DELZECHI, d\u00e9l\u00e9gu\u00e9 d\u00e9partemental.\nF\u00e9d\u00e9ration  fran\u00e7aise  des  exploitants  de  voitures  de  transport  avec  chauffeur \n(FFEVTC)     : \nTitulaire :   \nMonsieur Patrick CIOCCA, d\u00e9l\u00e9gu\u00e9 d\u00e9partemental ;\nSuppl\u00e9ant : \nMonsieur Didier MAKOUANGA. \n3 \u2013 Coll\u00e8ge des repr\u00e9sentants des collectivit\u00e9s territoriales\nMembres si\u00e9geant au titre de la comp\u00e9tence d'autorit\u00e9 organisatrice de la mobilit\u00e9     :  \nTitulaire : \nUn repr\u00e9sentant de la r\u00e9gion Provence-Alpes-C\u00f4te d'Azur.\nRepr\u00e9sentant des \u00e9tablissements publics de coop\u00e9ration intercommunale \u00e0 fiscalit\u00e9 propre     :  \nTitulaire : \n2/4\nPr\u00e9fecture du VAR - 83-2025-11-20-00003 - ARR\u00caT\u00c9 PR\u00c9FECTORAL n\u00b0 DCL/BERG/2025/238 du 20 novembre 2025 portant modification\nde l'arr\u00eat\u00e9 DCL/BERG/2024/427 fixant la composition de la commission locale des transports publics particuliers de personnes, dans le\nd\u00e9partement du Var.\n31\nUn repr\u00e9sentant de la M\u00e9tropole Toulon Provence M\u00e9diterran\u00e9e.\nMembres si\u00e9geant au titre de la comp\u00e9tence d'autorit\u00e9 charg\u00e9e de d\u00e9livrer les autorisations \nde stationnement de taxi :\nTitulaires     : \nMonsieur Jean-Michel CONSTANS, maire de Tourves ;\nMonsieur Edouard FRIEDLER, maire du Beausset ;\nMonsieur Nicolas BREMOND, maire de Rians.\nSuppl\u00e9ants     : \nMonsieur Bruno AYCARD, maire de Belgentier ;\nMonsieur Jean-Yves HUET, maire de Montauroux ;\nMadame H\u00e9l\u00e8ne VERDUYN, maire de Signes.    \n4 \u2013 Repr\u00e9sentants d'associations\nAssociations de consommateurs\nAssociation UFC QUE CHOISIR     :  \nTitulaire : \nMonsieur Bernard MAZADE ;\nSuppl\u00e9ant : \nMonsieur Christian VERBRUGGE.\nAssociation Toulon Var D\u00e9placements :\nTitulaire : \nMonsieur Maurice FRANCESCHI ;\nSuppl\u00e9ant     : \nMonsieur Michel VANDENBROUCKE.\n5 \u2013 Personne qualifi\u00e9e\n- un repr\u00e9sentant de la Caisse Primaire d'Assurance Maladie du Var.\nPour la formation disciplinaire taxi\n1 \u2013 Coll\u00e8ge des repr\u00e9sentants de l'administration\n- le pr\u00e9fet ou son repr\u00e9sentant ;\n- la directrice d\u00e9partementale de la protection des populations du Var, ou son repr\u00e9sentant ;\n- le directeur interd\u00e9partemental de la police nationale du Var, ou son repr\u00e9sentant ;\n-  le  commandant  du  groupement  de  gendarmerie  d\u00e9partementale  du  Var,  ou  son \nrepr\u00e9sentant.\n2 \u2013 Coll\u00e8ge des repr\u00e9sentants des organisations professionnelles\nF\u00e9d\u00e9ration des taxis ind\u00e9pendants du Var (FTI83) : \nTitulaires     : .\nMadame Armelle LAMBLIN, co-pr\u00e9sidente ;\nMonsieur Christophe GIUSTI, conseiller technique ;\nSuppl\u00e9ants     : \nMonsieur Jean-Louis TAXI, co-pr\u00e9sident ;\nMonsieur Patrice BURTE, vice-pr\u00e9sident.\n3/4\nPr\u00e9fecture du VAR - 83-2025-11-20-00003 - ARR\u00caT\u00c9 PR\u00c9FECTORAL n\u00b0 DCL/BERG/2025/238 du 20 novembre 2025 portant modification\nde l'arr\u00eat\u00e9 DCL/BERG/2024/427 fixant la composition de la commission locale des transports publics particuliers de personnes, dans le\nd\u00e9partement du Var.\n32\nUnion des taxis du Var (UTV83)     : \nTitulaires     : \nMadame Laurence LEVALLOIS, pr\u00e9sidente ;\nMonsieur Thibault LAFONTAINE, vice-pr\u00e9sident ;\nSuppl\u00e9ants     : \nMonsieur Thierry BRIQUET, secr\u00e9taire ;\nMonsieur Nicolas RAYNAUD, d\u00e9l\u00e9gu\u00e9 d\u00e9partemental.\n3 \u2013 Personne qualifi\u00e9e\n- un repr\u00e9sentant de la Caisse Primaire d'Assurance Maladie du Var.\nPour la formation disciplinaire VTC\n1 \u2013 Coll\u00e8ge des repr\u00e9sentants de l'administration\n- le pr\u00e9fet ou son repr\u00e9sentant ;\n- le directeur r\u00e9gional de l'environnement, de l'am\u00e9nagement et du logement Provence-Alpes-\nC\u00f4te d'Azur, ou son repr\u00e9sentant pour le d\u00e9partement du Var.\n2 \u2013 Coll\u00e8ge des repr\u00e9sentants des organisations professionnelles\nF\u00e9d\u00e9ration fran\u00e7aise des exploitants de voitures de transport avec chauffeur (FFEVTC)     : \nTitulaires :   \nMonsieur Patrick CIOCCA, d\u00e9l\u00e9gu\u00e9 d\u00e9partemental ;\nMonsieur Didier MAKOUANGA.\nSuppl\u00e9ants : \nMadame Aline DESCLAUX ;\nMonsieur Nicolas LUBRANO.\nArticle 2     : Les autres dispositions de l'arr\u00eat\u00e9 restent inchang\u00e9es.\nArticle 3  : Le secr\u00e9taire g\u00e9n\u00e9ral de la pr\u00e9fecture est charg\u00e9 de l'ex\u00e9cution du pr\u00e9sent arr\u00eat\u00e9  \nqui sera publi\u00e9 au recueil des actes administratifs de la pr\u00e9fecture.\nFait \u00e0 Toulon, le 20 novembre 2025\nPour le Pr\u00e9fet et par d\u00e9l\u00e9gation,\nle secr\u00e9taire g\u00e9n\u00e9ral\nSign\u00e9 : Lucien GIUDICELLI\nDans un d\u00e9lai de deux mois \u00e0 compter de la date de la notification ou de la publication du pr\u00e9sent arr\u00eat\u00e9 au recueil des actes \nadministratifs de la pr\u00e9fecture, les recours suivants peuvent \u00eatre introduits conform\u00e9ment aux dispositions des articles R. 421-1 \net suivants du code de justice administrative :\n- un recours gracieux, adress\u00e9 \u00e0 : M. le Pr\u00e9fet du Var \u2013 Bd du 112\u00e8me r\u00e9giment d'infanterie-  CS 31209 - 83070 TOULON CEDEX\n- un recours hi\u00e9rarchique, adress\u00e9 au(x) ministre(s) concern\u00e9(s) ;\nDans ces deux cas, le silence de l'administration vaut rejet implicite au terme d'un d\u00e9lai de deux mois.\nApr\u00e8s un recours gracieux ou hi\u00e9rarchique, le d\u00e9lai du recours contentieux ne court qu'\u00e0 compter du rejet explicite ou implicite \nde l'un de ces recours.\n- un recours contentieux, en saisissant le Tribunal Administratif de Toulon : 5 rue Racine -BP 40510 - 83 041 TOULON CEDEX 9\nLe tribunal administratif peut \u00eatre saisi par l'application informatique \u00ab  T\u00e9l\u00e9recours citoyens \u00bb accessible par le site internet  \n\u00ab www.telerecours.fr \u00bb.\n4/4\nPr\u00e9fecture du VAR - 83-2025-11-20-00003 - ARR\u00caT\u00c9 PR\u00c9FECTORAL n\u00b0 DCL/BERG/2025/238 du 20 novembre 2025 portant modification\nde l'arr\u00eat\u00e9 DCL/BERG/2024/427 fixant la composition de la commission locale des transports publics particuliers de personnes, dans le\nd\u00e9partement du Var.\n33","date":"2025-11-24","first_seen_on":"2025-11-24T17:43:48+00:00","id":"03824f3c45a707210e888de65e3cf63abecddb0ae5e3197802597e7a7081f5b0","name":"RAA N\u00b0392 du 24 novembre 2025","pdf_creation_date":"2025-11-24T16:18:50+00:00","pdf_modification_date":null,"timezone":"Europe/Paris","url":"https://www.var.gouv.fr/contenu/telechargement/43701/285474/file/RAA%20N%C2%B0392%20du%2024%20novembre%202025%20NOMINATIF.pdf"}
