{"administration":"pref69","administration_name":"Pr\u00e9fecture du Rh\u00f4ne","content":"PR\u00c9F\u00c8TE\nDU RH\u00d4NE\nRECUEIL DES ACTES\nADMINISTRATIFS SP\u00c9CIAL\nN\u00b069-2025-294\nPUBLI\u00c9 LE 10 NOVEMBRE 2025\nSommaire\n69_Pr\u00e9f_Pr\u00e9fecture du Rh\u00f4ne / Pr\u00e9fet d\u00e9l\u00e9gu\u00e9 pour la\nd\u00e9fense et la s\u00e9curit\u00e9\n69-2025-11-10-00008 - ARR\u00caT\u00c9 PR\u00c9FECTORAL N\u00b0\n2025-11-10-0002\nportant interdiction de rassemblement dans un\np\u00e9rim\u00e8tre d\u00e9fini\nle mardi 11 novembre 2025 \u00e0 Lyon 6?, Caluire\net Villeurbanne (4 pages) Page 3\n2\n69_Pr\u00e9f_Pr\u00e9fecture du Rh\u00f4ne\n69-2025-11-10-00008\nARR\u00caT\u00c9 PR\u00c9FECTORAL N\u00b0 2025-11-10-0002\nportant interdiction de rassemblement dans un\np\u00e9rim\u00e8tre d\u00e9fini\nle mardi 11 novembre 2025 \u00e0 Lyon 6?, Caluire et\nVilleurbanne\n69_Pr\u00e9f_Pr\u00e9fecture du Rh\u00f4ne - 69-2025-11-10-00008 - ARR\u00caT\u00c9 PR\u00c9FECTORAL N\u00b0 2025-11-10-0002\nportant interdiction de rassemblement dans un p\u00e9rim\u00e8tre d\u00e9fini\nle mardi 11 novembre 2025 \u00e0 Lyon 6?, Caluire et Villeurbanne\n3\nPREFETEDU RHONELibert\u00e9Egalit\u00e9Fraternit\u00e9\nPr\u00e9fecture\nCabinet du Pr\u00e9fet d\u00e9l\u00e9gu\u00e9 \npour la d\u00e9fense et la s\u00e9curit\u00e9\nBureau de l'Ordre Public\nARR\u00caT\u00c9 PR\u00c9FECTORAL N\u00b0 2025-11-10-0002\nportant interdiction de rassemblement dans un p\u00e9rim\u00e8tre d\u00e9fini\nle mardi 11 novembre 2025 \u00e0 Lyon 6 , Caluire et Villeurbanne\u1d49\nLa Pr\u00e9f\u00e8te du Rh\u00f4ne\nCommandeur de la L\u00e9gion d'honneur\nCommandeur de l'ordre national du M\u00e9rite\nVU la Constitution, et notamment son Pr\u00e9ambule\u00a0;\nVU  la  Convention  europ\u00e9enne  de  sauvegarde  des  droits  de  l'homme  et  des  libert\u00e9s \nfondamentales du 4 novembre 1950\u00a0;\nVU le Code de la s\u00e9curit\u00e9 int\u00e9rieure, notamment ses articles L.211-4 et suivants et L.226-1\u00a0;\nVU le Code p\u00e9nal, notamment ses articles 322-11-1, 431-3 et suivants et R.644-4 ;\nVU le Code g\u00e9n\u00e9ral des collectivit\u00e9s territoriales, notamment ses articles L.2214-4 et L.2215-1 ;\nVU la loi du 30 juin 1881 sur la libert\u00e9 de r\u00e9union ;\nVU la loi du 29 juillet 1881 sur la libert\u00e9 de presse et notamment ses articles 23, 24, 24 bis ;\nVU  le  d\u00e9cret  n\u00b02004-374  du  29  avril  2004  modifi\u00e9  relatif  aux  pouvoirs  des  pr\u00e9fets,  \u00e0 \nl'organisation et \u00e0 l'action des services de l'\u00c9tat dans les r\u00e9gions et d\u00e9partements\u00a0;\nVU  le  d\u00e9cret  en  Conseil  des  Ministres  du  11  janvier  2023  portant  nomination  de  Madame \nFabienne BUCCIO, pr\u00e9f\u00e8te de la r\u00e9gion Auvergne-Rh\u00f4ne-Alpes, pr\u00e9f\u00e8te de la zone de d\u00e9fense et \nde s\u00e9curit\u00e9 Sud-Est, pr\u00e9f\u00e8te du Rh\u00f4ne (hors classe)\u00a0;\nVU le d\u00e9cret du 6 novembre 2024 portant nomination du pr\u00e9fet d\u00e9l\u00e9gu\u00e9 pour la d\u00e9fense et la  \ns\u00e9curit\u00e9 aupr\u00e8s de la pr\u00e9f\u00e8te de la r\u00e9gion Auvergne-Rh\u00f4ne-Alpes, pr\u00e9f\u00e8te de la zone de d\u00e9fense  \net de s\u00e9curit\u00e9 Sud-Est, pr\u00e9f\u00e8te du Rh\u00f4ne \u2013 M. Antoine GUERIN\u00a0; \nVU l'arr\u00eat\u00e9 pr\u00e9fectoral n\u00b069-2025-07-04-00005 du 4 juillet 2025 portant d\u00e9l\u00e9gation de signature  \n\u00e0 M. Antoine GUERIN en qualit\u00e9 de pr\u00e9fet d\u00e9l\u00e9gu\u00e9 pour la d\u00e9fense et la s\u00e9curit\u00e9 aupr\u00e8s de la  \npr\u00e9f\u00e8te de la r\u00e9gion Auvergne-Rh\u00f4ne-Alpes, pr\u00e9f\u00e8te de la zone de d\u00e9fense et de s\u00e9curit\u00e9 Sud-\nEst, pr\u00e9f\u00e8te du Rh\u00f4ne ;\n   Pr\u00e9fecture du Rh\u00f4ne \u2013 \n   69419 Lyon cedex 03 \n  04 72 61 60 60\n  www.rhone.gouv.fr 1\n69_Pr\u00e9f_Pr\u00e9fecture du Rh\u00f4ne - 69-2025-11-10-00008 - ARR\u00caT\u00c9 PR\u00c9FECTORAL N\u00b0 2025-11-10-0002\nportant interdiction de rassemblement dans un p\u00e9rim\u00e8tre d\u00e9fini\nle mardi 11 novembre 2025 \u00e0 Lyon 6?, Caluire et Villeurbanne\n4\nVU le plan Vigipirate \u00ab \u00a0\u00c9t\u00e9-Automne\u00a0\u00bb actif depuis le 1 er\n juillet 2025 et maintenu \u00e0 son niveau  \nsommital \u00ab\u00a0urgence attentat\u00a0\u00bb\u00a0;\nVU la c\u00e9r\u00e9monie comm\u00e9morative de l'Armistice du 11 novembre 1918 au Parc de la T\u00eate d'Or \u00e0  \npartir de 9h00 le mardi 11 novembre 2025 dans le 6  arrondissement de Lyon\u1d49 \u00a0; \nVU  l'appel  du  collectif  de  la  \u00ab\u00a0Coordination  R\u00e9gionale  Anti  Armement  et  Militarisme \n(CRAAM)\u00a0\u00bb  \u00e0  se  rassembler  le  mardi  11  novembre  2025  \u00e0  compter  de  15h00  sur  la  place \nSathonay dans le 1er\n arrondissement de Lyon\u00a0; que les membres de ce collectif qualifient cette  \njourn\u00e9e de comm\u00e9moration \u00ab\u00a0d'anniversaire de la Grande Boucherie de 1914-1918\u00a0\u00bb\u00a0;\nVU le contexte politique national et social actuel\u00a0; \nCONSID\u00c9RANT  qu'en application de l'article L.211-1 du Code de la s\u00e9curit\u00e9 int\u00e9rieure, s ont \nsoumis \u00e0 l'obligation d'une d\u00e9claration pr\u00e9alable tous cort\u00e8ges, d\u00e9fil\u00e9s et rassemblements de  \npersonnes,  et,  d'une  fa\u00e7on  g\u00e9n\u00e9rale,  toutes  manifestations  sur  la  voie  publique\u00a0;  qu'en \napplication de l'article L.211-2 du m\u00eame code, la d\u00e9claration est faite \u00e0 Lyon \u00e0 la pr\u00e9fecture du  \nRh\u00f4ne, trois jours francs au moins et quinze jours au plus avant la date de la manifestation \u00a0; \nqu'enfin en application de l'article L.211-4 du m\u00eame code, si l'autorit\u00e9 administrative estime  \nque la manifestation projet\u00e9e est de nature \u00e0 troubler l'ordre public, elle peut l'interdire par  \narr\u00eat\u00e9\u00a0;\nCONSID\u00c9RANT que  cet  appel  semble  s'inscrire  dans  un  mouvement  national  visant  \u00e0 \nperturber  les  c\u00e9r\u00e9monies  de  l'armistice\u00a0;  qu'en  effet,  le  collectif  antimilitariste  se  donne \nrendez-vous le mardi 11 novembre 2025 sur la place Sathonay dans le 1 er\n arrondissement de  \nLyon pour \u00ab\u00a0une d\u00e9couverte de lieux embl\u00e9matiques du militarisme \u00e0 la lyonnaise \u00a0\u00bb\u00a0; que cette \nd\u00e9ambulation  doit  se  faire  en  musique  avec  le  concours  \u00ab\u00a0d'une  fanfare  et  de  chorales \nr\u00e9volutionnaires\u00a0\u00bb\u00a0; que lors de cette d\u00e9ambulation, le collectif antimilitariste entend d\u00e9noncer \n\u00ab\u00a0l'engrenage guerrier, la propagande militariste et l'avidit\u00e9 des marchands de canons\u00a0\u00bb\u00a0;\nCONSID\u00c9RANT que le collectif de la CRAAM \u00ab \u00a0a pour objectif de mettre en lien les diverses  \ninitiatives  anti-militaristes  de  la  r\u00e9gion  Auvergne-Rh\u00f4ne-Alpes\u00a0\u00bb\u00a0;  qu'au  printemps  2024,  la \nCRAAM  a  publi\u00e9  une  brochure  collective  \u00ab \u00a0Lyon,  capitale  europ\u00e9enne  du  militaro-\ns\u00e9curitaire\u00a0?\u00a0\u00bb\u00a0; que ce collectif consid\u00e8re \u00ab\u00a0qu'il est urgent de d\u00e9velopper un mouvement anti-\nmilitariste d'ampleur\u00a0\u00bb en raison de la \u00ab\u00a0multiplication des politiques publiques militaristes\u00a0\u00bb\u00a0; \nCONSID\u00c9RANT que  le  mardi  11  novembre  2025  seront  pr\u00e9sents,  \u00e0  la  c\u00e9r\u00e9monie  \ncomm\u00e9morative organis\u00e9e au Parc de la T\u00eate d'Or dans le 6  arrondissement de Lyon, Monsieur\u1d49  \nle Maire de Lyon, Madame la Pr\u00e9f\u00e8te de la R\u00e9gion-Auvergne-Rh\u00f4ne-Alpes, Pr\u00e9f\u00e8te du Rh\u00f4ne et  \nMonsieur le G\u00e9n\u00e9ral Gouverneur militaire de Lyon\u00a0; \nCONSID\u00c9RANT qu'il n'est pas \u00e0 exclure que la mobilisation du CRAAM pr\u00e9vue dans l'apr\u00e8s-midi \ndu 11 novembre 2025 pr\u00e9voit une action \u00ab \u00a0surprise\u00a0\u00bb d\u00e8s le matin visant \u00e0 troubler le bon  \nd\u00e9roulement de la c\u00e9r\u00e9monie comm\u00e9morative organis\u00e9e au Parc de la T\u00eate d'Or dans le 6 \u1d49 \narrondissement de Lyon\u00a0; \nCONSID\u00c9RANT que  toute  manifestation,  rassemblement  dans  l'environnement  de  la  \nc\u00e9r\u00e9monie o\u00f9 de nombreux institutionnels seront pr\u00e9sents constitue donc un risque pour leur  \nint\u00e9grit\u00e9 et peut g\u00e9n\u00e9rer des violences ou troubles \u00e0 l'ordre public\u00a0;\n69_Pr\u00e9f_Pr\u00e9fecture du Rh\u00f4ne - 69-2025-11-10-00008 - ARR\u00caT\u00c9 PR\u00c9FECTORAL N\u00b0 2025-11-10-0002\nportant interdiction de rassemblement dans un p\u00e9rim\u00e8tre d\u00e9fini\nle mardi 11 novembre 2025 \u00e0 Lyon 6?, Caluire et Villeurbanne\n5\nCONSID\u00c9RANT le caract\u00e8re solennel de cette c\u00e9r\u00e9monie\u00a0et la fibre patriotique du public ; \nCONSID\u00c9RANT que le seul moyen de pr\u00e9server la s\u00e9curit\u00e9 des personnes et des biens, au  \nregard des forces de s\u00e9curit\u00e9 mises \u00e0 disposition pour la journ\u00e9e du mardi 11 novembre 2025  \nconsiste \u00e0 \u00e9tablir un p\u00e9rim\u00e8tre d'interdiction\u00a0; \nCONSID\u00c9RANT qu'il appartient \u00e0 l'autorit\u00e9 investie du pouvoir de police administrative de  \nconcilier l'exercice du droit de manifester avec les imp\u00e9ratifs de l'ordre public \u00a0; que, dans ce  \ncadre, elle se doit de prendre les mesures n\u00e9cessaires, adapt\u00e9es et proportionn\u00e9es de nature \u00e0 \npr\u00e9venir  tant  la  commission  d'infractions  p\u00e9nales  que  les  troubles  \u00e0  l'ordre  public\u00a0en \nprot\u00e9geant notamment les b\u00e2timents repr\u00e9sentants l'institution de l'\u00c9tat\u00a0; \nCONSID\u00c9RANT que  dans  ces  circonstances,  l'interdiction  de  manifester  sur  le  secteur \nconcern\u00e9 et mentionn\u00e9 \u00e0 l'article 1 est seule de nature \u00e0 pr\u00e9venir efficacement et de mani\u00e8re  \nproportionn\u00e9e les troubles \u00e0 l'ordre public\u00a0;\nA R R \u00ca T E\nArticle 1er\n \u2013 Les manifestations et rassemblements sont interdits le mardi 11 novembre 2025 de  \n07h00 \u00e0 14h00 dans le p\u00e9rim\u00e8tre d\u00e9limit\u00e9 par les voies\u00a0:\n\u2022 Pont Raymond Poincar\u00e9\u00a0;\n\u2022 Quai Charles de Gaulle\u00a0;\n\u2022 Boulevard Laurent Bonnevay\u00a0;\n\u2022 Boulevard Niels Bohr\u00a0;\n\u2022 Avenue Pierre de Couvertin\u00a0;\n\u2022 Rue du Tonkin\u00a0;\n\u2022 Avenue Salvador Allende\u00a0;\n\u2022 Rue des Charmettes\u00a0;\n\u2022 Cours Emile Zola\u00a0;\n\u2022 Cours Vitton\u00a0;\n\u2022 Rue Garibaldi\u00a0;\n\u2022 Rue Montgolfier\u00a0;\n\u2022 Rue de Cr\u00e9qui\u00a0;\n\u2022 Rue Duquesne\u00a0;\n\u2022 Pont de Lattre de Tassigny\u00a0;\n\u2022 Quai Andr\u00e9 Lassagne\u00a0;\n\u2022 Cours d'Herbouville\u00a0;\n\u2022 Cours Aristide Briand\u00a0;\n\u2022 Grande Rue de Saint Clair\u00a0;\n\u2022 Mont\u00e9e des Soldats\u00a0;\n\u2022 Pont Raymond Poincar\u00e9.\nArticle  2  \u2013  En  application  de  l'article  431-9  du  Code  p\u00e9nal,  le  fait  d'avoir  organis\u00e9  une \nmanifestation sur la voie publique ayant \u00e9t\u00e9 interdite dans les conditions fix\u00e9es par la loi est  \npuni de six mois d'emprisonnement et de 7\u00a0500\u00a0euros d'amende. \nEn application de l'article R. 644-4 du m\u00eame code, le fait de participer \u00e0 une manifestation  \nayant \u00e9t\u00e9 interdite est passible de l'amende pr\u00e9vue pour les contraventions de la 4  classe.\u1d49\n69_Pr\u00e9f_Pr\u00e9fecture du Rh\u00f4ne - 69-2025-11-10-00008 - ARR\u00caT\u00c9 PR\u00c9FECTORAL N\u00b0 2025-11-10-0002\nportant interdiction de rassemblement dans un p\u00e9rim\u00e8tre d\u00e9fini\nle mardi 11 novembre 2025 \u00e0 Lyon 6?, Caluire et Villeurbanne\n6\nArticle 3 \u2013 Le pr\u00e9sent arr\u00eat\u00e9 fera l'objet d'une publication au Recueil des Actes Administratifs  \nde la Pr\u00e9fecture du Rh\u00f4ne.\nArticle 4 \u2013 Le pr\u00e9sent arr\u00eat\u00e9 peut faire l'objet d'un recours aupr\u00e8s du Tribunal Administratif de  \nLyon dans un d\u00e9lai de 2\u00a0mois \u00e0 compter de sa notification.\nArticle 5 \u2013  Le directeur interd\u00e9partemental de la police nationale et le maire de Lyon sont  \ncharg\u00e9s, chacun en ce qui le concerne, de l'ex\u00e9cution du pr\u00e9sent arr\u00eat\u00e9.\nFait \u00e0 Lyon, le 10 novembre 2025\nLe pr\u00e9fet, d\u00e9l\u00e9gu\u00e9 pour la d\u00e9fense\net la s\u00e9curit\u00e9\nORIGINAL SIGNE\nAntoine GU\u00c9RIN\n69_Pr\u00e9f_Pr\u00e9fecture du Rh\u00f4ne - 69-2025-11-10-00008 - ARR\u00caT\u00c9 PR\u00c9FECTORAL N\u00b0 2025-11-10-0002\nportant interdiction de rassemblement dans un p\u00e9rim\u00e8tre d\u00e9fini\nle mardi 11 novembre 2025 \u00e0 Lyon 6?, Caluire et Villeurbanne\n7","date":"2025-11-10","first_seen_on":"2025-11-10T15:31:53+00:00","id":"03de70c4ec3c3cd0ef0d021bd3f9a8a2123bd79e70aad3377dc6ec46a8043760","name":"RAA_69-2025-294-101125","pdf_creation_date":"2025-11-10T15:13:44+00:00","pdf_modification_date":null,"timezone":"Europe/Paris","url":"https://www.rhone.gouv.fr/contenu/telechargement/66170/445776/file/RAA_69-2025-294-101125.pdf"}
