{"administration":"pref37","administration_name":"Pr\u00e9fecture d\u2019Indre-et-Loire","content":"INDRE-ET-LOIRE\nRECUEIL DES ACTES\nADMINISTRATIFS SP\u00c9CIAL\nN\u00b037-2024-02028\nPUBLI\u00c9 LE 26 F\u00c9VRIER 2024\nSommaire\nPr\u00e9fecture d'Indre et Loire /\n37-2024-02-22-00001 - Arr\u00eat\u00e9 de  composition  CDEN 2023 220224 (4\npages) Page 3\n2\nPr\u00e9fecture d'Indre et Loire\n37-2024-02-22-00001\nArr\u00eat\u00e9 de  composition  CDEN 2023 220224\nPr\u00e9fecture d'Indre et Loire - 37-2024-02-22-00001 - Arr\u00eat\u00e9 de  composition  CDEN 2023 220224 3\nDirection des services d\u00e9partementaux de \nl'\u00e9ducation nationale d'Indre-et-Loire\nDivision  de l'organisation scolaire\nLe Directeur acad\u00e9mique des services de l'Education nationale d'Indre-et-Loire,\nVu la loi du 30 octobre 1886 sur l'organisation de l'enseignement primaire,\nVu  les  lois  n\u00b075-620  du  11  juillet  1975  et  n\u00b089-486  modifi\u00e9e  du  10  juillet  1989  relatives  \u00e0\nl'\u00e9ducation,\nVu  la  loi  n\u00b082-213  du  2  mars  1982  relative  aux  droits  et  libert\u00e9s  des  communes,  des\nd\u00e9partements et des r\u00e9gions,\nVu  la loi n\u00b083-663 du 22 juillet 1983, et notamment son article 12, modifi\u00e9e et compl\u00e9t\u00e9e par la\nloi n\u00b085-97 du 25 janvier 1985 portant dispositions diverses relatives aux rapports entre l'Etat et\nles collectivit\u00e9s territoriales,\nVu   la loi n\u00b086-16 du 6 janvier 1986 relative \u00e0 l'organisation des r\u00e9gions et portant modification\nde dispositions relatives au fonctionnement des conseils g\u00e9n\u00e9raux,\nVu   le d\u00e9cret n\u00b0 85-895 du 21 ao\u00fbt 1985 modifi\u00e9 relatif aux conseils de l'Education nationale\ndans les d\u00e9partements et les acad\u00e9mies,\nVu   le d\u00e9cret n\u00b0 2004-703 du 13 juillet 2004 relatif aux dispositions r\u00e9glementaires des livres Ier\net II du code de l'\u00e9ducation,\nVu   l'ordonnance n\u00b02007-1801 du 21 d\u00e9cembre 2007, \nVu   la circulaire interminist\u00e9rielle du 21 ao\u00fbt 1985 prise pour son application,\nVu   les articles L 235-1, R235-1 \u00e0 R235-11-1 du code de l'\u00e9ducation nationale,\nVu les r\u00e9sultats du scrutin du comit\u00e9 technique acad\u00e9mique organis\u00e9 du 1er au 8 d\u00e9cembre \n2022.\nVu   le d\u00e9cret du 25 janvier 2021 nommant M. Christian MENDIV\u00c9, Directeur acad\u00e9mique des\nservices de l'Education nationale d'Indre-et-Loire, \nVu  les arr\u00eat\u00e9s de la Pr\u00e9f\u00e8te d'Indre-et-Loire du 8 f\u00e9vrier 2021 portant d\u00e9l\u00e9gation de signature \u00e0\nM.  Christian  MENDIV\u00c9,  inspecteur  d'acad\u00e9mie,  directeur  acad\u00e9mique  des  services  de\nl'Education nationale d'Indre et Loire, \nVu   les correspondances de Monsieur le Pr\u00e9fet, des pr\u00e9sidents du Conseil r\u00e9gional, du Conseil\nd\u00e9partemental, de l'association des maires du d\u00e9partement d'Indre-et-Loire, des associations\ndes  parents  d'\u00e9l\u00e8ves,  des  organisations  repr\u00e9sentatives  des  personnels, faisant  part  de  la\nd\u00e9signation de leurs repr\u00e9sentants,\nPr\u00e9fecture d'Indre et Loire - 37-2024-02-22-00001 - Arr\u00eat\u00e9 de  composition  CDEN 2023 220224 4\nA R R E T E\nArticle 1 :\nLe Conseil de l'Education nationale du d\u00e9partement d'Indre-et-Loire est constitu\u00e9 ainsi qu'il\nsuit :\nMembres de droit :\n- M. Patrice LATRON, Monsieur le Pr\u00e9fet d'Indre-et-Loire, Pr\u00e9sident\n- Mme Nad\u00e8ge ARNAULT, Madame la Pr\u00e9sidente du Conseil d\u00e9partemental d'Indre-et-\nLoire, Pr\u00e9sidente\n- M. Christian MENDIV\u00c9, M. le Directeur acad\u00e9mique des services de l'Education nationale\nd'Indre-et-Loire, Vice-Pr\u00e9sident\n- M. Judica\u00ebl OSMOND, Vice-Pr\u00e9sident du Conseil D\u00e9partemental, charg\u00e9 des coll\u00e8ges, de \nla politique \u00e9ducative et de la jeunesse, Vice-Pr\u00e9sident\nMembres repr\u00e9sentants les Communes\nTitulaires Suppl\u00e9ants\nM. Fran\u00e7ois LALOT Maire de Chan\u00e7ay M. Pierre MORIN Maire de Noizay\nMme Isabelle \nSENECHAL\nMaire de St Laurent \nen G\u00e2tines\nMme Martine \nLUNETEAU\nMaire de Rivi\u00e8re\nM. Beno\u00eet BARANGER Maire de Bourgueil Mme Nathalie \nVIGNEAU\nMaire de L'Ile \nBouchard\nM. Bernard GAULTIER Maire de Perrusson M. Patrick NATHIE Maire de St Branchs\nMembres repr\u00e9sentants le Conseil D\u00e9partemental\nTitulaires Suppl\u00e9ants\nMme Pascale \nDEVALL\u00c9E\nConseill\u00e8re \nd\u00e9partementale du \ncanton de Vouvray\nM. Etienne \nMARTEGOUTTE\nConseiller \nd\u00e9partemental du \ncanton de Sainte \nMaure de Touraine\nMme Barbara \nDARNET-MALAQUIN\nConseill\u00e8re \nd\u00e9partementale \nd\u00e9l\u00e9gu\u00e9e du canton \nde Tours 3\nM. Patrick MICHAUD Conseiller \nd\u00e9partemental du \ncanton de Monts\nMme C\u00e9cile \nCHEVILLARD\nConseill\u00e8re \nd\u00e9partementale du \ncanton de Tours 1\nM. Brice DROINEAU Conseiller \nd\u00e9partemental \nd\u00e9l\u00e9gu\u00e9 du canton de\nTours 1\nMme Elo\u00efse DRAPEAU Conseill\u00e8re \nd\u00e9partementale \nd\u00e9l\u00e9gu\u00e9e du canton \nde Saint Pierre des \nCorps\nM. Fran\u00e7ois \nLAFOURCADE\nConseiller \nd\u00e9partemental du \ncanton de Tours 2\nM. Franck GAGNAIRE Conseiller \nd\u00e9partemental du \ncanton de Tours 4\nMme Anne TRUET Conseill\u00e8re \nd\u00e9partementale du \ncanton d'Amboise\nPr\u00e9fecture d'Indre et Loire - 37-2024-02-22-00001 - Arr\u00eat\u00e9 de  composition  CDEN 2023 220224 5\nMembres repr\u00e9sentants le Conseil R\u00e9gional\nTitulaire Suppl\u00e9ant\nMme Cathy \nMUNSCH-MASSET\nConseill\u00e8re r\u00e9gionale M. Pierre-Alain \nROIRON\nConseiller r\u00e9gional\nMembres repr\u00e9sentants les personnels\nTitulaires Suppl\u00e9ants\nM. Christophe \nPERCHER\nFSU Mme Sandra \nDESSART\nFSU\nM. Philippe BARETTO \nDE SOUZA\nFSU Mme Sophie \nMETZINGER\nFSU\nMme Anne GRANDET FSU Mme Catherine \nCORNETTE\nFSU\nM. Paul AGARD FSU M. Vincent HAYE FSU\nM. Simon DELAS FSU Mme Emilie SERREAU FSU\nM. C\u00e9dric PICARD UNSA Education Mme Nathalie \nMarinier\nUNSA Education\nMme Muriel \nNAVARRO\nFO M. S\u00e9bastien \nHERMIER \nFO\nM. J\u00e9r\u00f4me THEBAUT FO Mme H\u00e9l\u00e8ne NIZOU FO\nMme S\u00e9gol\u00e8ne \nJEANSON\nFO M. Maxime LALANCE FO\nM. Hayat GHAZALI FO Mme Isabelle LOHR FO\nMembres repr\u00e9sentants les usagers (parents d'\u00e9l\u00e8ves)\nTitulaires Suppl\u00e9ants\nM. Mika\u00ebl AUDOIN FCPE M. Pascal BRUN FCPE\nMme Florence GOMES FCPE Mme C\u00e9line JACOB FCPE\nMme Sylvie BRUNET FCPE Mme Isabelle BARRE FCPE\nMme Niouma CAMARA FCPE M. St\u00e9phane TARDIF FCPE\nMme Jessica COMBO FCPE Mme Aline GAUDRON FCPE\nMme Christelle BINEAU FCPE Mme Khadidja HIMRI FCPE\nM. Gwena\u00ebl GIBOIRE FCPE Mme Sophie BOURDON FCPE\nAssociations Compl\u00e9mentaires\nTitulaire Suppl\u00e9ant\nM. Yoann GARREAU FOL 37 Mme Iola GELIN CEMEA \nPersonnalit\u00e9s qualifi\u00e9es\nTitulaires Suppl\u00e9ants\nNomm\u00e9es par Madame la Pr\u00e9f\u00e8te\nMme Marie-Christine \nVINOT\nUDAF Mme Evelyne JOULIN UDAF\nNomm\u00e9es par Monsieur la Pr\u00e9sidente du Conseil D\u00e9partemental\nM. Fran\u00e7ois TESTU Professeur \u00e0 \nl'universit\u00e9 de Tours\nEn cours de \nd\u00e9signation\nPr\u00e9fecture d'Indre et Loire - 37-2024-02-22-00001 - Arr\u00eat\u00e9 de  composition  CDEN 2023 220224 6\nMembres si\u00e9geant \u00e0 titre consultatif\nTitulaire Suppl\u00e9ant\nM. Gilles CAMPIN DDEN Mme Martine \nGUIBERT\nDDEN\nArticle 2 :\nLa dur\u00e9e des mandats des membres titulaires et suppl\u00e9ants du Conseil d\u00e9partemental de \nl'Education Nationale est de trois ans. Tout membre qui perd la qualit\u00e9 en raison de laquelle il a \n\u00e9t\u00e9 nomm\u00e9 perd sa qualit\u00e9 de membre du conseil.\nArticle 3 :\nMadame la Secr\u00e9taire g\u00e9n\u00e9rale de la Direction des Services D\u00e9partementaux de l'Education \nNationale est charg\u00e9e de l'ex\u00e9cution du pr\u00e9sent arr\u00eat\u00e9 qui sera publi\u00e9 au Recueil des actes \nadministratifs de la Pr\u00e9fecture.\nFait \u00e0 Tours, le 22 f\u00e9vrier 2024\nPour le Pr\u00e9fet, et par d\u00e9l\u00e9gation,\nL'Inspecteur d'Acad\u00e9mie, Directeur Acad\u00e9mique des Services de l'Education \nNationale d'Indre-et-Loire\nsign\u00e9\nChristian MENDIV\u00c9\nPr\u00e9fecture d'Indre et Loire - 37-2024-02-22-00001 - Arr\u00eat\u00e9 de  composition  CDEN 2023 220224 7","date":"2024-02-26","first_seen_on":"2025-09-16T10:24:21+00:00","id":"044baaf293510ab33bd8a92748322f54e113f5d30d4e547548a7be2785ed30bb","name":"2024-02-26 RAA sp\u00e9cial arr\u00eat\u00e9 de composition CDEN","pdf_creation_date":"2024-02-26T13:22:14+00:00","pdf_modification_date":null,"timezone":"Europe/Paris","url":"https://www.indre-et-loire.gouv.fr/contenu/telechargement/41125/289928/file/2024-02-26%20RAA%20sp%C3%A9cial%20arr%C3%AAt%C3%A9%20de%20composition%20CDEN.pdf"}
