{"administration":"pref80","administration_name":"Pr\u00e9fecture de la Somme","content":"PR\u00c9FET\nDE LA SOMME\nRECUEIL DES ACTES\nADMINISTRATIFS SP\u00c9CIAL\n(NOMINATIFS)\nN\u00b02025-214\nPUBLI\u00c9 LE  3 NOVEMBRE 2025\nSommaire\nDirection D\u00e9partementale de la Protection des Populations /\n80-2025-10-31-00001 - Arr\u00eat\u00e9 pr\u00e9fectoral attribuant l' habilitation\nsanitaire \u00e0 Mme PROLA Lucie (2 pages) Page 3\nMaison d'Arr\u00eat d'Amiens /\n80-2025-11-01-00001 - Arr\u00eat\u00e9 fixant la liste des repr\u00e9sentants\nsi\u00e9geant au sein de la formation sp\u00e9cialis\u00e9e du comit\u00e9 social\nd'administration de la Maison d'arr\u00eat d'Amiens (2 pages) Page 6\nPr\u00e9fecture de la Somme /\n80-2025-10-31-00003 - Arr\u00eat\u00e9 attribuant r\u00e9compense pour actes de\ncourage et de d\u00e9vouement -  Petit Quentin (1 page) Page 9\n80-2025-10-31-00002 - Arr\u00eat\u00e9 attribuant r\u00e9compense pour actes de\ncourage et de d\u00e9vouement - Deligny Alexandre (1 page) Page 11\n80-2025-10-31-00004 - Arr\u00eat\u00e9 attribuant r\u00e9compense pour actes de\ncourage et de d\u00e9vouement - Ternois Benjamin (1 page) Page 13\nPr\u00e9fecture de la Somme - Direction de la Citoyennet\u00e9 et de la\nL\u00e9galit\u00e9 / Direction de la Citoyennet\u00e9 et de la L\u00e9galit\u00e9\n80-2025-11-03-00001 - Arr\u00eat\u00e9 portant renouvellement de l'habilitation\nfun\u00e9raire\nde l'\u00e9tablissement \u00ab\u00a0REMY PLAIN\u00a0\u00bb - sis 13\nplace du G\u00e9n\u00e9ral Leclerc \u00e0 ROISEL (80 240) (2 pages) Page 15\n2\nDirection D\u00e9partementale de la Protection des\nPopulations\n80-2025-10-31-00001\nArr\u00eat\u00e9 pr\u00e9fectoral attribuant l' habilitation\nsanitaire \u00e0 Mme PROLA Lucie\nDirection D\u00e9partementale de la Protection des Populations - 80-2025-10-31-00001 - Arr\u00eat\u00e9 pr\u00e9fectoral attribuant l' habilitation\nsanitaire \u00e0 Mme PROLA Lucie 3\nPREFET | Direction d\u00e9partementaleDE LA SOMME 'de la Protection des populationsLibert\u00e9 de la SommeEgalit\u00e9Fraternit\u00e9 Arr\u00eat\u00e9 n\u00b0 DDPP80-2025-02791\nArr\u00eat\u00e9attribuant l'habilitation sanitaire \u00e0 Madame PROLA Lucie\n_ Le Pr\u00e9fet de la SommeCHEVALIER DE LA L\u00c9GION D'HONNEUROFFICIER DE L'ORDRE NATIONAL DU M\u00c9RITEVu le code rural et de la p\u00eache maritime et notamment ses articles L. 203-1 \u00e0 L. 203-7, L. 223-6,R. 203-1 \u00e0 R. 203-15 et R. 242-33 ;Vu le d\u00e9cret n\u00b0 80-516 du 4juillet 1980, modifi\u00e9 par le d\u00e9cret n\u00b0 90-1033 du 19 novembre 1990 etpar le d\u00e9cret 2003-768 du 1\u00b0 ao\u00fbt 2003, relatif \u00e0 l'ex\u00e9cution des mesures de prophylaxie collectivedes maladies des animaux;Vu le d\u00e9cret n\u00b0 2004-374 du 29 avril 2004 modifi\u00e9, relatif aux pouvoirs des pr\u00e9fets, \u00e0 l'organisationet \u00e0 l'action des services de l'\u00c9tat dans les r\u00e9gions et d\u00e9partements et notamment son article 43 ;Vu le d\u00e9cret du 13 juillet 2023 portant nomination du Pr\u00e9fet de la Somme, Monsieur RollonMOUCHEL-BLAISOT \u00e0 compter du 24juillet 2023 ;Vu l'arr\u00eat\u00e9 du Premier Ministre du 13 octobre 2021 portant nomination de Madame B\u00e9n\u00e9dicteSCHMITZ, Directrice D\u00e9partementale de la Protection des Populations de la Somme, \u00e0 compterdu ler novembre 2021;Vu l'arr\u00eat\u00e9 pr\u00e9fectoral du 24 juillet 2023 portant d\u00e9l\u00e9gation de signature principale \u00e0 MadameB\u00e9n\u00e9dicte SCHMITZ, Directrice D\u00e9partementale de la Protection des Populations de la somme ;Vu l'arr\u00eat\u00e9 pr\u00e9fectoral du 03 octobre 2025 portant subd\u00e9l\u00e9gation de signature \u00e0 MonsieurGuillaume VAN DER VOORDE, chef du service Sant\u00e9, Protection Animale et Environnement;Consid\u00e9rant la demande pr\u00e9sent\u00e9e par Madame PROLA Lucie, n\u00e9e le 02 janvier 1997 et domicili\u00e9eprofessionnellement au 1 rue Gresset \u00e0 Amiens (80000) remplit les conditions permettantl'attribution de l'habilitation sanitaire;\nSur proposition de la directrice d\u00e9partementale de la protection des populations de la somme ;ARR\u00caTE\nArticle 1\u00b0L'habilitation sanitaire pr\u00e9vue \u00e0 l'article L. 203-1 du code rural et de la p\u00eache maritime susvis\u00e9 estattribu\u00e9e pour une dur\u00e9e de cinq ans \u00e0 Madame PROLA Lucie, docteur v\u00e9t\u00e9rinaireadministrativement domicili\u00e9e au 1 rue Gresset \u00e0 Amiens (80000) ;Article 2Dans la mesure o\u00f9 les conditions requises ont \u00e9t\u00e9 respect\u00e9es, cette habilitation sanitaire estrenouvelable par p\u00e9riode de cing ann\u00e9es tacitement reconduites sous r\u00e9serve pour le v\u00e9t\u00e9rinairesanitaire de justifier a l'issue de chaque p\u00e9riode de trois ans, aupr\u00e8s du Pr\u00e9fet de la Somme, durespect de ses obligations de formation continue pr\u00e9vues a l'article R.203-12.\nDirection D\u00e9partementale de la Protection des Populations - 80-2025-10-31-00001 - Arr\u00eat\u00e9 pr\u00e9fectoral attribuant l' habilitation\nsanitaire \u00e0 Mme PROLA Lucie 4\nArticle 3Madame PROLA Lucie s'engage a respecter les prescriptions techniques, administratives et le cas\u00e9ch\u00e9ant financi\u00e9res de mise en ceuvre des mesures de pr\u00e9vention, de surveillance ou de lutteprescrites par l'autorit\u00e9 administrative et des op\u00e9rations de police sanitaire ex\u00e9cut\u00e9es enapplication de l'article L. 203-7 du code rural et de la p\u00eache maritime.Article 4Madame PROLA Lucie pourra \u00eatre appel\u00e9e par le Pr\u00e9fet de ses d\u00e9partements d'exercice pour lar\u00e9alisation d'op\u00e9rations de police sanitaire au sein des lieux de d\u00e9tention ou des \u00e9tablissementspour lesquels elle a \u00e9t\u00e9 d\u00e9sign\u00e9e v\u00e9t\u00e9rinaire sanitaire. Elle sera tenue de concourir \u00e0 ces op\u00e9rationsen application des dispositions de l'article L. 203-7 du code rural et de la p\u00eache maritime.Article 5Tout manquement ou faute commis dans l'exercice de la pr\u00e9sente habilitation sanitaireentra\u00eenera l'application des dispositions pr\u00e9vues aux articles R. 203-15, R. 228-6 et suivants ducode rural et de la p\u00eache maritime.Article 6Le pr\u00e9sent arr\u00eat\u00e9 peut faire l'objet d'un recours contentieux devant le Tribunal Administratifd'Amiens dans l\u00e9 d\u00e9lai de deux mois \u00e0 compterde sa notification. Le tribunal administratif peut\u00eatre saisi au moyen de l'application informatique \u00ab T\u00e9l\u00e9recours citoyens \u00bb accessible par le biais dusite www.telerecours.fr. Des pr\u00e9cisions sont disponibles \u00e0 l'adresse suivante : https://www.service-public.fr/particuliers/vosdroits/F2474Article 7Le Secr\u00e9taire G\u00e9n\u00e9ral de la Pr\u00e9fecture et la Directrice D\u00e9partementale de la Protection desPopulations sont charg\u00e9s, chacun en ce qui la concerne, de l'ex\u00e9cution du pr\u00e9sent arr\u00eat\u00e9 qui serapubli\u00e9 au Recueil des Actes Administratifs de la Pr\u00e9fecture de la Somme.\nFait \u00e0 Amiens, le 31 octobre 2025Pour le Pr\u00e9fet, par d\u00e9l\u00e9gation,La Directrice D\u00e9partementale de la Protectiondes Populations de la Somme,P/O Le Chef de service Sant\u00e9 et Protection Animale\nGuillaume VAN DER VOORDEfeJff\nCopie : Madame SAUDOYEZ Susan\nDirection D\u00e9partementale de la Protection des Populations - 80-2025-10-31-00001 - Arr\u00eat\u00e9 pr\u00e9fectoral attribuant l' habilitation\nsanitaire \u00e0 Mme PROLA Lucie 5\nMaison d'Arr\u00eat d'Amiens\n80-2025-11-01-00001\nArr\u00eat\u00e9 fixant la liste des repr\u00e9sentants si\u00e9geant\nau sein de la formation sp\u00e9cialis\u00e9e du comit\u00e9\nsocial d'administration de la Maison d'arr\u00eat\nd'Amiens\nMaison d'Arr\u00eat d'Amiens - 80-2025-11-01-00001 - Arr\u00eat\u00e9 fixant la liste des repr\u00e9sentants si\u00e9geant au sein de la formation sp\u00e9cialis\u00e9e du\ncomit\u00e9 social d'administration de la Maison d'arr\u00eat d'Amiens 6\nREPUBLIQUE FRANCAISEMinist\u00e8re de la justice\nArr\u00eat\u00e9 du 1\u00b0 novembre 2025fixant la liste des repr\u00e9sentants si\u00e9geant au sein de la formation sp\u00e9cialis\u00e9e du comit\u00e9social d'administration de la MAISON D'ARRET D'AMIENS\nLe garde des sceaux, ministre de la justice,Vu le code g\u00e9n\u00e9ral de la fonction publique,Vu le d\u00e9cret n\u00b0 2020-1427 du 20 novembre 2020 modifi\u00e9 relatif aux comit\u00e9s sociauxd'administration dans les administrations et les \u00e9tablissements publics de l'Etat ;Vu l'arr\u00eat\u00e9 du 25 avril 2022 modifi\u00e9 portant cr\u00e9ation des comit\u00e9s sociaux d'administrationrelevant du minist\u00e8re de la justice ;Vu l'arr\u00eat\u00e9 du 16 d\u00e9cembre 2022 fixant la liste des organisations syndicales et de leursrepr\u00e9sentants aptes \u00e0 si\u00e9ger au sein du comit\u00e9 social d'administration de la Maison d'Arr\u00eatd'Amiens ;Vu les d\u00e9signations de repr\u00e9sentants titulaires et suppl\u00e9ants au sein de la formation sp\u00e9cialis\u00e9edu comit\u00e9 social d'administration de la Maison d'Arr\u00eat d' Amiens, auxquelles ont proc\u00e9d\u00e9 lesorganisations syndicales si\u00e9geant au sein de ce comit\u00e9, conform\u00e9ment aux dispositions del'article 24 du d\u00e9cret n\u00b0 2020-1427 du 20 novembre 2020 susvis\u00e9,Arr\u00eate :Article 1La liste des repr\u00e9sentants titulaires et suppl\u00e9ants si\u00e9geant au sein de la formation sp\u00e9cialis\u00e9e ducomit\u00e9 social d'administration de la Maison d' Arr\u00eat d' Amiens est fix\u00e9e comme suit :ORGANISATIONS MEMBRE(S) MEMBRE(S)SYNDICALES TITULAIRE(S) SUPPLEANT(S)M. LEBOUCHER Luc M. CAILLY Fr\u00e9d\u00e9ricBOR OLMIS 2 US ice M. LEFEVRE Fr\u00e9d\u00e9ric M. OUNANE JoachimUFAP/UNSA JUSTICE M. BASCOP Matthieu M. SEEUWS ArnaudCFDT M. STROZYK J\u00e9r\u00f4me M. BREUIL Vincent\nMaison d'Arr\u00eat d'Amiens - 80-2025-11-01-00001 - Arr\u00eat\u00e9 fixant la liste des repr\u00e9sentants si\u00e9geant au sein de la formation sp\u00e9cialis\u00e9e du\ncomit\u00e9 social d'administration de la Maison d'arr\u00eat d'Amiens 7\nArticle 2Les membres titulaires et suppl\u00e9ants sont nomm\u00e9s pour un mandat de quatre ans soit jusqu'au31 d\u00e9cembre 2026. Article 3Le Chef d'\u00e9tablissement de la Maison d' Arr\u00e9t d'Amiens est charg\u00e9 de l'application du pr\u00e9sentarr\u00eat\u00e9, qui sera publi\u00e9 au recueil des actes administratifs de la Pr\u00e9fecture de la Somme.\nFait \u00e0 Amiens, le 1% novembre 2025\n\u00e9tabl issement,\"mmmn\nMaison d'Arr\u00eat d'Amiens - 80-2025-11-01-00001 - Arr\u00eat\u00e9 fixant la liste des repr\u00e9sentants si\u00e9geant au sein de la formation sp\u00e9cialis\u00e9e du\ncomit\u00e9 social d'administration de la Maison d'arr\u00eat d'Amiens 8\nPr\u00e9fecture de la Somme\n80-2025-10-31-00003\nArr\u00eat\u00e9 attribuant r\u00e9compense pour actes de\ncourage et de d\u00e9vouement -  Petit Quentin\nPr\u00e9fecture de la Somme - 80-2025-10-31-00003 - Arr\u00eat\u00e9 attribuant r\u00e9compense pour actes de courage et de d\u00e9vouement -  Petit\nQuentin 9\nEsPREFETDE LA SOMMELibert\u00e9Egalit\u00e9Fraternit\u00e9\nARR\u00caT\u00c9Attribuant r\u00e9compensepour actes de courage et de d\u00e9vouement\nLE PR\u00c9FET DE LA SOMMECHEVALIER DE LA L\u00c9GION D'HONNEUROFFICIER DE L'ORDRE DU M\u00c9RITE\nVu le d\u00e9cret du 16 novembre 1901 modifi\u00e9 par le d\u00e9cret du 9 d\u00e9cembre 1924 instituant la m\u00e9daille pouractes de courage et de d\u00e9vouement ;Vu le d\u00e9cret n\u00b070 221 du 17 mars 1970 donnant comp\u00e9tence aux pr\u00e9fets pour l'attribution de lam\u00e9daille pour actes de courage et de d\u00e9vouement ;Vu le d\u00e9cret du 13 juillet 2023 nommant Monsieur Rollon MOUCHEL-BLAISOT, pr\u00e9fet de la Somme;Vu le d\u00e9cret du 20 ao\u00fbt 2025 nommant Madame Estelle CHARLES, sous-pr\u00e9f\u00e8te, directrice de cabinetdu pr\u00e9fet de la Somme ;Vu la circulaire d'application n\u00b070208 du 14 avril 1970;Vu l'acte de courage accompli le 1\u00b0 juillet 2025 par Monsieur Quentin PETIT ;Sur proposition de la sous-pr\u00e9f\u00e8te, directrice de cabinet du pr\u00e9fet de la Somme ;\nARR\u00caTEArticle Ter. - Une m\u00e9daille de bronze pour actes de courage et de d\u00e9vouement est d\u00e9cern\u00e9e a:\nMonsieur Quentin PETIT\nArticle 2. - La sous-pr\u00e9f\u00e8te, directrice de cabinet du pr\u00e9fet de la Somme est charg\u00e9e de l'ex\u00e9cution dupr\u00e9sent arr\u00eat\u00e9 qui sera publi\u00e9 au recueil des actes administratifs de la pr\u00e9fecture de la Somme.\nAmiens, le 31 octobre 2025Le Pr\u00e9fet,\nRollon MOUCHEL-BLAISOT\nPr\u00e9fecture de la Somme - 80-2025-10-31-00003 - Arr\u00eat\u00e9 attribuant r\u00e9compense pour actes de courage et de d\u00e9vouement -  Petit\nQuentin 10\nPr\u00e9fecture de la Somme\n80-2025-10-31-00002\nArr\u00eat\u00e9 attribuant r\u00e9compense pour actes de\ncourage et de d\u00e9vouement - Deligny Alexandre\nPr\u00e9fecture de la Somme - 80-2025-10-31-00002 - Arr\u00eat\u00e9 attribuant r\u00e9compense pour actes de courage et de d\u00e9vouement - Deligny\nAlexandre 11\nExPREFETDE LA SOMMELibert\u00e9Egalit\u00e9Fraternit\u00e9\nARR\u00caT\u00c9Attribuant r\u00e9compensepour actes de courage et de d\u00e9vouement\nLE PR\u00c9FET DE LA SOMMECHEVALIER DE LA L\u00c9GION D'HONNEUROFFICIER DE L'ORDRE DU M\u00c9RITE\nVu le d\u00e9cret du 16 novembre 1901 modifi\u00e9 par le d\u00e9cret du 9 d\u00e9cembre 1924 instituant la m\u00e9daille pouractes de courage et de d\u00e9vouement ;Vu le d\u00e9cret n\u00b070 221 du 17 mars 1970 donnant comp\u00e9tence aux pr\u00e9fets pour l'attribution de lam\u00e9daille pour actes de courage et de d\u00e9vouement; :Vu le d\u00e9cret du 13 juillet 2023 nommant Monsieur Rollon MOUCHEL-BLAISOT, pr\u00e9fet de la Somme;_ Vu le d\u00e9cret du 20 ao\u00fbt 2025 nommant Madame Estelle CHARLES, sous-pr\u00e9f\u00e8te, directrice de cabinetdu pr\u00e9fet de la Somme ;Vu la circulaire d'application n\u00b070208 du 14 avril 1970:Vu l'acte de courage accompli le 1\u00b0 juillet 2025 par Monsieur Alexandre DELIGNY ;Sur proposition de la sous-pr\u00e9f\u00e8te, directrice de cabinet du pr\u00e9fet de la Somme ;\n_ ARR\u00caTEArticle 1er. - Une m\u00e9daille de bronze pour actes de courage et de d\u00e9vouement est d\u00e9cern\u00e9e a:\nMonsieur Alexandre DELIGNY\nArticle 2. - La sous-pr\u00e9f\u00e8te, directrice de cabinet du pr\u00e9fet de la Somme est charg\u00e9e de l'ex\u00e9cution dupr\u00e9sent arr\u00eat\u00e9 qui sera publi\u00e9 au recueil des actes administratifs de la pr\u00e9fecture de la Somme.\nAmiens, le 31 octobre 2025Le Pr\u00e9fet,\nRollon MOUCHEL-BLAISOT\nPr\u00e9fecture de la Somme - 80-2025-10-31-00002 - Arr\u00eat\u00e9 attribuant r\u00e9compense pour actes de courage et de d\u00e9vouement - Deligny\nAlexandre 12\nPr\u00e9fecture de la Somme\n80-2025-10-31-00004\nArr\u00eat\u00e9 attribuant r\u00e9compense pour actes de\ncourage et de d\u00e9vouement - Ternois Benjamin\nPr\u00e9fecture de la Somme - 80-2025-10-31-00004 - Arr\u00eat\u00e9 attribuant r\u00e9compense pour actes de courage et de d\u00e9vouement - Ternois\nBenjamin 13\n=mPREFETDE LA SOMMELibert\u00e9Egalit\u00e9Fraternit\u00e9\nARR\u00caT\u00c9Attribuant r\u00e9compensepour actes de courage et de d\u00e9vouement\nLE PR\u00c9FET DE LA SOMMECHEVALIER DE LA L\u00c9GION D'HONNEUROFFICIER DE L'ORDRE DU M\u00c9RITE\nVu le d\u00e9cret du 16 novembre 1901 modifi\u00e9 par le d\u00e9cret du 9 d\u00e9cembre 1924 instituant la m\u00e9daille pouractes de courage et de d\u00e9vouement ;Vu le d\u00e9cret n\u00b070 221 du 17 mars 1970 donnant comp\u00e9tence aux pr\u00e9fets pour l'attribution de lam\u00e9daille pour actes de courage et de d\u00e9vouement;Vu le d\u00e9cret du 13juillet 2023 nommant Monsieur Rollon MOUCHEL-BLAISOT, pr\u00e9fet de la Somme;Vu le d\u00e9cret du 20 ao\u00fbt 2025 nommant Madame Estelle CHARLES, sous-pr\u00e9f\u00e8te, directrice de cabinetdu pr\u00e9fet de la Somme ;Vu la circulaire d'application n\u00b070208 du 14 avril 1970;Vu l'acte de courage accompli le 1\u00b0 juillet 2025 par Monsieur Benjamin TERNOIS ;Sur proposition de la sous-pr\u00e9f\u00e8te, directrice de cabinet du pr\u00e9fet de la Somme;ARR\u00caTEArticle er. - Une m\u00e9daille de bronze pour actes de courage et de d\u00e9vouement est d\u00e9cern\u00e9e a:\nMonsieur Benjamin TERNOIS\nArticle 2. - La sous-pr\u00e9f\u00e8te, directrice de cabinet du pr\u00e9fet de la Somme est charg\u00e9e de l'ex\u00e9cution dupr\u00e9sent arr\u00eat\u00e9 qui sera publi\u00e9 au recueil des actes administratifs de la pr\u00e9fecture de la Somme.\nAmiens, le 31 octobre 2025Pr\u00e9fet,\nRollon MOUCHEL-BLAISOT\nPr\u00e9fecture de la Somme - 80-2025-10-31-00004 - Arr\u00eat\u00e9 attribuant r\u00e9compense pour actes de courage et de d\u00e9vouement - Ternois\nBenjamin 14\nPr\u00e9fecture de la Somme - Direction de la\nCitoyennet\u00e9 et de la L\u00e9galit\u00e9\n80-2025-11-03-00001\nArr\u00eat\u00e9 portant renouvellement de l'habilitation\nfun\u00e9raire\nde l'\u00e9tablissement \u00ab\u00a0REMY PLAIN\u00a0\u00bb - sis 13 place\ndu G\u00e9n\u00e9ral Leclerc \u00e0 ROISEL (80 240)\nPr\u00e9fecture de la Somme - Direction de la Citoyennet\u00e9 et de la L\u00e9galit\u00e9 - 80-2025-11-03-00001 - Arr\u00eat\u00e9 portant renouvellement de\nl'habilitation fun\u00e9raire\nde l'\u00e9tablissement \u00ab\u00a0REMY PLAIN\u00a0\u00bb - sis 13 place du G\u00e9n\u00e9ral Leclerc \u00e0 ROISEL (80 240)\n15\nE 3 Secr\u00e9tariat g\u00e9n\u00e9ralPREFET Direction de la Citoyennet\u00e9 et de la L\u00e9galit\u00e9DE LA SOMMEBureau des \u00e9lections et de la r\u00e9glementation g\u00e9n\u00e9raleAyaditePratereig\u00e9\nARRETEPortant renouvellement de l'habilitation fun\u00e9rairede l'\u00e9tablissement \u00ab REMY PLAIN \u00bb -\u2014 sis 13 place du G\u00e9n\u00e9ral Leclerc \u00e0 ROISEL (80 240)LE PR\u00c9FET DE LA SOMMECHEVALIER DE LA L\u00c9GION D'HONNEUROFFICIER DE L'ORDRE NATIONAL DU M\u00c9RITEVU le Code g\u00e9n\u00e9ral des collectivit\u00e9s territoriales ;VU le d\u00e9cret n\u00b0 2004-374 du 29 avril 2004 relatif aux pouvoirs des pr\u00e9fets, \u00e0 l'organisation et \u00e0l'action des services de l'\u00c9tat dans les r\u00e9gions et d\u00e9partements ;VU le d\u00e9cret n\u00b0 2020-917 du 28 juillet 2020 relatif \u00e0 la dur\u00e9e de l'habilitation dans le secteurfun\u00e9raire et \u00e0 la housse mortuaire; |VU le d\u00e9cret du 13 juillet 2023 portant nomination du pr\u00e9fet de la Somme, Monsieur RollonMOUCHEL-BLAISOT \u00e0 compter du 24 juillet 2023;VU le d\u00e9cret du 21 juillet 2023 portant nomination de Monsieur Emmanuel MOULARD,sous-pr\u00e9fet hors classe, secr\u00e9taire g\u00e9n\u00e9ral de la pr\u00e9fecture de la Somme;VU l'arr\u00eat\u00e9 pr\u00e9fectoral du 1\" octobre 2003 portant cr\u00e9ation d'une chambre fun\u00e9raire \u00e0 ROISEL,11 place du G\u00e9n\u00e9ral Leclerc ; :VU l'arr\u00eat\u00e9 pr\u00e9fectoral du 10 novembre 2020 portant renouvellement, pour une dur\u00e9e de cinq ans,de l'habilitation fun\u00e9raire n\u00b020-80-25 pour l'entreprise REMY PLAIN, sise 13 place du G\u00e9n\u00e9ralLeclerc \u00e0 ROISEL ;VU l'arr\u00eat\u00e9 pr\u00e9fectoral du 23 septembre 2025 portant d\u00e9l\u00e9gation de signature principale \u00e0Monsieur Emmanuel MOULARD, secr\u00e9taire g\u00e9n\u00e9ral de la pr\u00e9fecture de la Somme;VU la demande transmise le 19 septembre 2025 par laquelle M. Emeric PLAIN, g\u00e9rant, sollicite lerenouvellement de l'habilitation fun\u00e9raire de son \u00e9tablissement ;CONSID\u00c9RANT que l'entreprise \u00ab REMY PLAIN \u00bb, sise 13 place du G\u00e9n\u00e9ral Leclerc \u00e0 ROISEL remplitles conditions pour obtenir le renouvellement de l'habilitation fun\u00e9raire ;SUR proposition du secr\u00e9taire g\u00e9n\u00e9ral de la pr\u00e9fecture ;\nPr\u00e9fecture de la Somme - Direction de la Citoyennet\u00e9 et de la L\u00e9galit\u00e9 - 80-2025-11-03-00001 - Arr\u00eat\u00e9 portant renouvellement de\nl'habilitation fun\u00e9raire\nde l'\u00e9tablissement \u00ab\u00a0REMY PLAIN\u00a0\u00bb - sis 13 place du G\u00e9n\u00e9ral Leclerc \u00e0 ROISEL (80 240)\n16\nARRETEArticle 1\u00b0: L'entreprise \u00ab REMY PLAIN \u00bb, sise 13 place du G\u00e9n\u00e9ral Leclerc \u00e0 ROISEL et exploit\u00e9e parM. Emeric PLAIN, g\u00e9rant, est habilit\u00e9e pour exercer sur l'ensemble du territoire national les activit\u00e9sfun\u00e9raires suivantes :- transport de corps avant et apr\u00e8s mise en bi\u00e8re (v\u00e9hicule immatricul\u00e9 EJ-192-KS) ; _- organisation des obs\u00e8ques ;- fourniture des housses, des cercueils et de leurs accessoires int\u00e9rieurs et ext\u00e9rieurs ainsi que desurnes cin\u00e9raires ;\u2014 fourniture des corbillards ;- fourniture de personnel et des objets et prestations n\u00e9cessaires aux obs\u00e8ques, inhumations,exhumations et cr\u00e9mations ;\u2014 gestion d'une chambre fun\u00e9raire \u00e0 Roisel, 11 place du G\u00e9n\u00e9ral Leclerc (2 salons).Article 2 : La pr\u00e9sente habilitation est valable cinq ans \u00e0 compter du 10 novembre 2025.Article 3: L'habilitation peut \u00eatre renouvel\u00e9e \u00e0 la demande de l'entreprise. Cette demande,accompagn\u00e9e des pi\u00e8ces requises, doit parvenir \u00e0 la pr\u00e9fecture de la Somme deux mois avantl'expiration de l'habilitation d\u00e9tenue.Article 4: Tout changement dans les \u00e9l\u00e9ments contenus dans l'habilitation doit \u00eatre d\u00e9clar\u00e9 dansun d\u00e9lai de deux mois \u00e0 la pr\u00e9fecture de la Somme.Article 5: Pour les prestations fournies en sous-traitance, il appartient au b\u00e9n\u00e9ficiaire de lapr\u00e9sente habilitation de s'assurer que les entreprises intervenant en sous-traitance sont bienhabilit\u00e9es pour les activit\u00e9s concern\u00e9es.Article 6: Le non-respect des conditions pour lesquelles l'habilitation est accord\u00e9e entra\u00eenel'application des sanctions pr\u00e9vues par les dispositions combin\u00e9es des articles L. 2223-25 et L.2223-35 du Code g\u00e9n\u00e9ral des collectivit\u00e9s territoriales.Article 7 : Dans un d\u00e9lai de deux mois \u00e0 compter de sa notification, le pr\u00e9sent arr\u00eat\u00e9 peut fairel'objet d'un recours gracieux aupr\u00e8s du pr\u00e9fet de la Somme, d'un recours hi\u00e9rarchique aupr\u00e8s duMinist\u00e8re de l'Int\u00e9rieur ou d'un recours contentieux aupr\u00e8s du tribunal administratif d'Amiens. Letribunal administratif d'Amiens (14 rue Lemerchier \u2014 80011 Amiens Cedex 1) peut \u00e9galement \u00eatresaisi par l'application informatique \u00ab T\u00e9l\u00e9recours citoyens\u00bb accessible via le site Internetwww.telerecours.fr.Article 8: Le secr\u00e9taire g\u00e9n\u00e9ral de la pr\u00e9fecture de la Somme est charg\u00e9 de l'ex\u00e9cution du pr\u00e9sentarr\u00eat\u00e9 qui sera publi\u00e9 au recueil des actes administratifs de la pr\u00e9fecture de la Somme et notifi\u00e9 \u00e0M. Emeric PLAIN.\nFait \u00e0 Amiens, le 03 NOV. 2025Pour le pr\u00e9fet et' par d\u00e9l\u00e9gation,Le secr\u00e9taire g\u00e9n\u00e9ral\nfotEmmanuel MOULARD\nPr\u00e9fecture de la Somme - Direction de la Citoyennet\u00e9 et de la L\u00e9galit\u00e9 - 80-2025-11-03-00001 - Arr\u00eat\u00e9 portant renouvellement de\nl'habilitation fun\u00e9raire\nde l'\u00e9tablissement \u00ab\u00a0REMY PLAIN\u00a0\u00bb - sis 13 place du G\u00e9n\u00e9ral Leclerc \u00e0 ROISEL (80 240)\n17","date":"2025-11-03","first_seen_on":"2025-11-03T17:51:59+00:00","id":"048f1966f9266322694731aa7a51ad176789b3bee902be55899b11dca2530038","name":"RAA n\u00b0214 sp\u00e9cial (nominatifs) du 3 novembre 2025","pdf_creation_date":"2025-11-03T15:43:12+00:00","pdf_modification_date":null,"timezone":"Europe/Paris","url":"https://www.somme.gouv.fr/contenu/telechargement/53976/355595/file/recueil-2025-214-recueil-des-actes-administratifs-nominatifs.pdf"}
