{"administration":"pref21","administration_name":"Pr\u00e9fecture de C\u00f4te-d\u2019Or","content":"PR\u00c9FET\nDE LA C\u00d4TE-D'OR\nRECUEIL DES ACTES\nADMINISTRATIFS SP\u00c9CIAL\n(NOMINATIFS)\nN\u00b021-2025-030\nPUBLI\u00c9 LE 24 F\u00c9VRIER 2025\nSommaire\nPr\u00e9fecture de la C\u00f4te-d'Or / P\u00f4le juridique inter-services\n21-2025-02-21-00004 - Arr\u00eat\u00e9 pr\u00e9fectoral n\u00b0   335   / SG               \n\ndonnant d\u00e9l\u00e9gation de signature pour l'utilisation d'une carte\nd'achat nominative et annexe (4 pages) Page 3\n21-2025-02-21-00002 - Arr\u00eat\u00e9 pr\u00e9fectoral n\u00b0  324  / SG du 21 f\u00e9vrier\n2024 donnant d\u00e9l\u00e9gation de signature \u00e0 Madame Nathalie AUBERTIN,\ndirectrice des s\u00e9curit\u00e9s de la pr\u00e9fecture de la C\u00f4te-d'Or (6 pages) Page 8\n21-2025-02-21-00003 - Arr\u00eat\u00e9 pr\u00e9fectoral N\u00b0 326 / SG du 21 f\u00e9vrier\n2025 donnant  d\u00e9l\u00e9gation de signature en mati\u00e8re de gestion des\nbudgets op\u00e9rationnels\n104-111-112-113-119-122-124-129-135-137-147-148-161-163-172-181-206-207-209-215-216-217-218-219-232-303-348-349-354-357-362-363-364-380-723-754-780-833\ndes fonds europ\u00e9ens et des recettes non fiscales et annexe (32 pages) Page 15\n21-2025-02-21-00005 - Arr\u00eat\u00e9 pr\u00e9fectoral n\u00b0 336  du  21 f\u00e9vrier\n2025             \ndonnant d\u00e9l\u00e9gation de signature \u00e0 Monsieur\nFr\u00e9d\u00e9ric VINCENT-GENOD,\nDirecteur Interd\u00e9partemental de la\nPolice Nationale \u00e0 Dijon (2 pages) Page 48\n2\nPr\u00e9fecture de la C\u00f4te-d'Or\nP\u00f4le juridique inter-services\n21-2025-02-21-00004\nArr\u00eat\u00e9 pr\u00e9fectoral n\u00b0   335   / SG                \ndonnant d\u00e9l\u00e9gation de signature pour\nl'utilisation d'une carte d'achat nominative et\nannexe\nPr\u00e9fecture de la C\u00f4te-d'Or - 21-2025-02-21-00004 - Arr\u00eat\u00e9 pr\u00e9fectoral n\u00b0   335   / SG                \ndonnant d\u00e9l\u00e9gation de signature pour l'utilisation d'une carte d'achat nominative et annexe 3\nPREFETDE LACOTE-D'ORLibert\u00e9\u00c9galit\u00e9Fraternit\u00e9\nArr\u00eat\u00e9 pr\u00e9fectoi'al n\u00b0 335 /SGdonnant d\u00e9l\u00e9gation de signature pour l'utilisation| d'une carte d'achat nominative\nLe pr\u00e9fet de la C\u00f4te d'Or\nVu le d\u00e9cret n\u00b0 2004-374 du 29 avril 2004 relatif aux pouvoirs des prefets a Iorganlsatlon et \u00e0 l'actiondes services de l'Etat dans les reglons et d\u00e9partements;Vu le d\u00e9cret n\u00b0 2012-1246 modifi\u00e9 relatif \u00e0 la gestion budg\u00e9taire et comptable publique ;Vu le d\u00e9cret du 10 octobre 2024 nommant Monsieur Paul MOURIER, pr\u00e9fet de la r\u00e9gionBourgogne-Franche-Comt\u00e9, pr\u00e9fet de la C\u00f4te-d'Or;Vu le d\u00e9cret du 16 ao\u00fbt 2022 portant nomination de Monsieur Olivier GERSTL\u00c9 en qualit\u00e9 de sous-pr\u00e9fet, directeur de cabinet du pr\u00e9fet de la Reglon Bourgogne-Franche-Comt\u00e9, pr\u00e9fet de la C\u00f4te-d'Or\"; |Vu le d\u00e9cret du 29 d\u00e9cembre 2022 nommant Madame Amelle GHAYOU, administratrice territoriale,sous-pr\u00e9f\u00e8te charg\u00e9e de mission aupr\u00e8s du pr\u00e9fet de r\u00e9gion Bourgogne-Franche-Comt\u00e9, pr\u00e9fet dela C\u00f4te d'Or; 'Vu le d\u00e9cret du 6juillet 2023, nommant Monsneur Benoit BYRSKI sous-pr\u00e9fet, sous-pr\u00e9fet deBeaune;Vu le d\u00e9cret du 17 novembre 2023 nommant MonSIeur S\u00e9bastien LANOYE, sous-pr\u00e9fet, sous-pr\u00e9fet de Montbard;Vu le d\u00e9cret du 14 novembre 2024 nommant Monsieur Denis BRUEL, administrateur de l\u00c9t\u00e0t dudeuxi\u00e8me grade, en qualit\u00e9 de secr\u00e9taire general de la pr\u00e9fecture de la C\u00f4te-d'Or, sous- pr\u00e9fet deDuonVu l'arr\u00eat\u00e9 du Premier ministre et du ministre de l'Int\u00e9rieur en date du 12 janvier 2022 nommantMadame Anne COSTE DE CHAMPERON, administratice de l'Etat hors classe, en qualit\u00e9 desecr\u00e9taire g\u00e9n\u00e9rale pour les affaires regnonales de la R\u00e9gion Bourgogne-Franche Comt\u00e9, \u00e0compter du 1\u00b0\" f\u00e9vrier 2022;Vu l'arr\u00eat\u00e9 du Premier Ministre et du Ministre de I'Int\u00e9rieur en date du 22 d\u00e9cembre 2022 nommantMadame Florence BERNARD, en qualit\u00e9 d'adjointe au secr\u00e9taire g\u00e9n\u00e9ral pour les affairesr\u00e9gionales de la R\u00e9gion Bourgogne \u2014 Franche-Comt\u00e9, en charge du p\u00f4le \u00ab politiques publiquesinterminist\u00e9rielles \u00bb,\nPr\u00e9fecture de la C\u00f4te-d'Or - 21-2025-02-21-00004 - Arr\u00eat\u00e9 pr\u00e9fectoral n\u00b0   335   / SG                \ndonnant d\u00e9l\u00e9gation de signature pour l'utilisation d'une carte d'achat nominative et annexe 4\nVu l'arr\u00e9t\u00e9 du Premier Ministre et 'du Ministre de I'Int\u00e9rieur en date du 8 juin 2021 nommantMadame Milada PANTIC, en qualit\u00e9 d'adjointe au secr\u00e9taire g\u00e9n\u00e9ral pour les affaires r\u00e9gionales dela R\u00e9gion Bourgogne \u2014 Franche-Comt\u00e9, en charge du p\u00f4le \u00ab moyens, modernisation,mutualisations \u00bb, !Vu l' arr\u00e9t\u00e9 pr\u00e9fectoral n\u00b0 1184/SG du 3 d\u00e9cembre 2020 portant organisation du Secretarlat generalcommun d\u00e9partemental de la Cote d'Or;Vu l'arr\u00eat\u00e9 pr\u00e9fectoral n\u00b0 1251/SG du 18 d\u00e9cembre 2020 portant organisation des services de lapr\u00e9fecture de la r\u00e9gion Bourgogne Franche-Comt\u00e9, pr\u00e9fecture de la C\u00f4te d'Or ;Vu l'arr\u00eat\u00e9 du Premier Ministre et du Ministre de llnterleur en date du 1\" f\u00e9vrier 2024 nommantMadame Nathalie BERGET, attach\u00e9e d'administration de I' Etat hors classe, directrice du secr\u00e9tariatg\u00e9n\u00e9ral commun d\u00e9partemental de la C\u00f4te-d'Or \u00e0 compter de ce jour;Vu l'arr\u00e9t\u00e9 pr\u00e9fectoral n\u00b0 1830/SG du 29 novembre 2024 donnant delegatlon de S|gnature pourI'utilisation d'une carte d'achat nominative;Sur proposition de Monsieur le secr\u00e9taire g\u00e9n\u00e9ral de la pr\u00e9fecture de la C\u00f4te-d'Or ;\nARR\u00caTEArticle 1 : L'arr\u00eat\u00e9 pr\u00e9fectoral n\u00b0 1830/SG du 29 novembre 2024 2024 donnant d\u00e9l\u00e9gation designature pour l'utilisation d'une carte d'achat nominative et toutes dispositions ant\u00e9rieures sontabrog\u00e9s. 'Article 2 : D\u00e9l\u00e9gation de signature est accord\u00e9e aux personnes figurant dans le tableau en annexe 1du pr\u00e9sent arr\u00eat\u00e9, afin d'utiliser dans le cadre de leurs attributions, competences et dans la limitefix\u00e9e, une carte d'achat nominative.Article 3 : Le secr\u00e9taire g\u00e9n\u00e9ral de la pr\u00e9fecture de la C\u00f4te-d'Or est charg\u00e9 de l'ex\u00e9cution du pr\u00e9sentarr\u00eat\u00e9 qui sera publi\u00e9 au recueil des actes administratifs de la pr\u00e9fecture de la C\u00f4te d'Or.\nFait \u00e0 Dijon, le 21 f\u00e9vrier 2025Le pr\u00e9fet .Sign\u00e9 :\nPaul MOURIER\n2/2\nPr\u00e9fecture de la C\u00f4te-d'Or - 21-2025-02-21-00004 - Arr\u00eat\u00e9 pr\u00e9fectoral n\u00b0   335   / SG                \ndonnant d\u00e9l\u00e9gation de signature pour l'utilisation d'une carte d'achat nominative et annexe 5\nFeuillelPorteur de carte d'achat Service Plafond annuel\nBERNARD Florence (carte Repr\u00e9sentation) SGAR ADJOINT\u00c8 2500BERNA\u00c9D Florence (carte HFRR) SGAR ADJOINTE 2000BRUEL Denis (carte Repr\u00e9sentation) SECRETAIRE GENERAL 7200BRUEL Denis (carte HFRR) SECRETAIRE \u00c8ENERAL 7200BRULE Thierry (carte Repr\u00e9sentation) DIRECTION SECURITE 6000BRULE Thierry (carte HFRR) DIRECTION SECURITE 4000BYRSKI BENOIT (carte Repr\u00e9sentation) SOUS PREFET BEAUNE 10000BYRSKI BENOIT (carte HFRR) |SOUS PREFET BEAUNE 5700CABROL J\u00e9r\u00f4me (carte Repr\u00e9sentation) SP BEAUNE 2000CABROL J\u00e9r\u00f4me (carte HFRR) SP BEAUNE 2000; CAILLOT Florine (carte Repr\u00e9sentation) SP BEAUNE 2000CAILLOT Florine (carte HFRR) SP BEAUNE 2000CASCHETTA Genevi\u00e8ve (carte Repr\u00e9sentalionj DIRECTRICE ADJOINTE DDPP 6000CASCHETTA Genevi\u00e8ve (carte HFRR) DIRE'CTRICE ADJOINTE DDPP VGOOOCLEMENT Serge (carte Repr\u00e9sentation) SGC \u2014 LISI 25000COLIN J\u00e9r\u00f4me (carte Repr\u00e9sentation) ICOMMUNICATION 15000ICONORT Bertrand (carte -Repr'\u00e9senlatlon RESIDENCE PREFET 40000ICONORT Bertrand (carte HFRR) RESIDENCE PREFET 40000ICOSTE DE CHAMPERON Anne (carte HFRR) SGAR ' 17000ICOSTE DE CHAMPERON Anne (carte Repr\u00e9sentation) SGAR 15000BERGET Nathalie (carte Repr\u00e9sentation) DIRECTRICE SGC 15000BERGET Nathalie (carte HFRR) DIRECTRICE SGC 30000GERSTLE OLIVIER (carte HFRR) DIRECTEUR DE CABINET 5500GERSTLE OLIVIER (carte Repr\u00e9sentation) DIRECTEUR DE CABINET carte en oppositionGHAYOU AMELLE (carte HFRR) SG ADJOINTE ' 6200GHAYOU AMELLE (carte Repr\u00e9sentation) SG ADJOINTE 6200LANOYE SEBASTIEN (carte Repr\u00e9sentation SOUS PREFET MONTBARD 6000LANOYE SEBASTIEN (carte HFR\u00ca) SOUS PREFET MONTBARD 8000LAUBIER FIorer\u00e4ce (carte Repr\u00e9sentation) DIRECTRICE DDT ' 10000LAUBIER Florence (carte HFRR) DIRECTRICE DDT 10000LEON Armelle (carte Repr\u00e9sentation) DIRECTEUR DDETS 5000'|LEON Armelle (carte HFRR) DIRECTEUR DDETS 5000MATHEY BONY Jean-Denis (carte Repr\u00e9sentation) RESIDENCE PREFET 11000MATHEY BONY Jean-Denis(carte HFRR) RESIDENCE PREFET 45000MOURIER Paul (carte Repr\u00e9sentation) PREFET 6000MOURIER Paul (carte HFRR) PREFET - 6000NORDI Hugues (carte HFRR) CONSEILLER DIPLOMATIQUE. 1000INORDI Hugues (carte Repr\u00e9sentation) \u00d4ONS_EILLER DIPLOMATIQUE 1000jNOURDIN Isabelle (HORS FRR) DDPP 5000NOURDIN Isabelle (carte Repr\u00e9sentation) DDPP 5000PANTIC Milada (carte HFRR) SGAR ADJOINTE 2000PANTIC Milada (carte Repr\u00e9sentation) SGAR ADJOINTE 5000PRUDHOMME Jean SGC- BUDGET ACHAT 115000RATEL Carole (carte Repr\u00e9sentation) IASSISTANTE PREFET 25000RATEL Carole (carte HFRR) ' IASSISTANTE PREFET 16000- [ROOSE Didier (carte Repr\u00e9sentation) DIRECTEUR DDPP 5000ROOSE Didier (carte HFRR) DIRECTEUR DDPP 5000VERGNEAU David (carte HFRR) DIRECTEUR ADJOINT 15000\nPage 1\nFait \u00e0 Dijon, leLe pr\u00e9fetSign\u00e9 :Paul MOURIER\n21/02/25\nPr\u00e9fecture de la C\u00f4te-d'Or - 21-2025-02-21-00004 - Arr\u00eat\u00e9 pr\u00e9fectoral n\u00b0   335   / SG                \ndonnant d\u00e9l\u00e9gation de signature pour l'utilisation d'une carte d'achat nominative et annexe 6\nPr\u00e9fecture de la C\u00f4te-d'Or - 21-2025-02-21-00004 - Arr\u00eat\u00e9 pr\u00e9fectoral n\u00b0   335   / SG                \ndonnant d\u00e9l\u00e9gation de signature pour l'utilisation d'une carte d'achat nominative et annexe 7\nPr\u00e9fecture de la C\u00f4te-d'Or\nP\u00f4le juridique inter-services\n21-2025-02-21-00002\nArr\u00eat\u00e9 pr\u00e9fectoral n\u00b0  324  / SG du 21 f\u00e9vrier\n2024 donnant d\u00e9l\u00e9gation de signature \u00e0 Madame\nNathalie AUBERTIN, directrice des s\u00e9curit\u00e9s de la\npr\u00e9fecture de la C\u00f4te-d'Or\nPr\u00e9fecture de la C\u00f4te-d'Or - 21-2025-02-21-00002 - Arr\u00eat\u00e9 pr\u00e9fectoral n\u00b0  324  / SG du 21 f\u00e9vrier 2024 donnant d\u00e9l\u00e9gation de signature\n\u00e0 Madame Nathalie AUBERTIN, directrice des s\u00e9curit\u00e9s de la pr\u00e9fecture de la C\u00f4te-d'Or 8\nExPREFETDE LACOTE-D'ORLibert\u00e9Egalit\u00e9Fraternit\u00e9\nArr\u00eat\u00e9 pr\u00e9fectoral n\u00b0  324  / SG du 21 f\u00e9vrier 2024\ndonnant d\u00e9l\u00e9gation de signature \u00e0 Madame Nathalie AUBERTIN,\ndirectrice des s\u00e9curit\u00e9s de la pr\u00e9fecture de la C\u00f4te-d'Or\nLe pr\u00e9fet de la C\u00f4te-d'Or\nVu le d\u00e9cret n\u00b0 83.321 du 20 avril 1983 modifi\u00e9 relatif aux pouvoirs des pr\u00e9fets en mati\u00e8re de  \nd\u00e9fense de caract\u00e8re non militaire ;\nVu le d\u00e9cret n\u00b0 2004-374 du 29 avril 2004 relatif aux pouvoirs des pr\u00e9fets, \u00e0 l'organisation et \u00e0  \nl'action des services de l'\u00c9tat dans les r\u00e9gions et d\u00e9partements, modifi\u00e9 par le d\u00e9cret n\u00b0 2010-146  \ndu 16 f\u00e9vrier 2010 et par le d\u00e9cret n\u00b0 2010-687 du 24 juin 2010 ;\nVu le d\u00e9cret n\u00b0 2008-158 du 22 f\u00e9vrier 2008 relatif \u00e0 la suppl\u00e9ance des pr\u00e9fets de r\u00e9gion et \u00e0 la  \nd\u00e9l\u00e9gation de signature des pr\u00e9fets et hauts commissaires de la R\u00e9publique en Polyn\u00e9sie fran\u00e7aise \net en Nouvelle-Cal\u00e9donie ;\nVu le d\u00e9cret n\u00b0 2009-176 du 16 f\u00e9vrier 2009 modifiant le d\u00e9cret n\u00b0 64-805 du 29  juillet 1964 fixant \nles dispositions r\u00e9glementaires applicables aux pr\u00e9fets et le d\u00e9cret n\u00b0  2004-374 du 29 avril 2004  \nrelatif aux pouvoirs des pr\u00e9fets, \u00e0 l'organisation et \u00e0 l'action des services de l'\u00c9tat dans les r\u00e9gions  \net d\u00e9partements ;\nVu le  d\u00e9cret  du  10  octobre  2024  nommant  Monsieur  Paul  MOURIER,  pr\u00e9fet  de  la  r\u00e9gion \nBourgogne-Franche-Comt\u00e9, pr\u00e9fet de la C\u00f4te-d'Or ;\nVu l'arr\u00eat\u00e9 minist\u00e9riel du 30 septembre 2020 par lequel Madame Nathalie AUBERTIN est nomm\u00e9e  \ndans l'emploi fonctionnel de conseiller d'administration de l'int\u00e9rieur et de l'outre-mer en qualit\u00e9 de  \nDirectrice des s\u00e9curit\u00e9s de la pr\u00e9fecture de la C\u00f4te-d'Or \u00e0 compter du 1er janvier 2021 ;\nVu l'arr\u00eat\u00e9 pr\u00e9fectoral n\u00b0 1646/SG du 28 octobre 2024 donnant d\u00e9l\u00e9gation de signature \u00e0 Madame  \nNathalie AUBERTIN, directrice adjointe du cabinet, directrice des s\u00e9curit\u00e9s de la pr\u00e9fecture de la  \nC\u00f4te-d'Or,\nA R R E T E\nArticle 1er : l'arr\u00eat\u00e9 pr\u00e9fectoral n\u00b0 1646/SG du 28 octobre 2024 donnant d\u00e9l\u00e9gation de signature \u00e0  \nMadame  Nathalie  AUBERTIN,  directrice  adjointe  du  cabinet,  directrice  des  s\u00e9curit\u00e9s  de  la \npr\u00e9fecture de la C\u00f4te-d'Or, et toutes dispositions ant\u00e9rieures contraires au pr\u00e9sent arr\u00eat\u00e9 sont  \nabrog\u00e9s \u00e0 compter de l'entr\u00e9e en vigueur de ce dernier ;\nArticle  2 :  D\u00e9l\u00e9gation  de  signature  est  donn\u00e9e  \u00e0  Madame  Nathalie  AUBERTIN,  attach\u00e9e \nd'administration hors classe de l' \u00c9tat, directrice adjointe du cabinet, directrice des s\u00e9curit\u00e9s de la  \npr\u00e9fecture de la C\u00f4te-d'Or, dans les mati\u00e8res et pour les actes ci-apr\u00e8s \u00e9num\u00e9r\u00e9s :\n1/6\nPr\u00e9fecture de la C\u00f4te-d'Or - 21-2025-02-21-00002 - Arr\u00eat\u00e9 pr\u00e9fectoral n\u00b0  324  / SG du 21 f\u00e9vrier 2024 donnant d\u00e9l\u00e9gation de signature\n\u00e0 Madame Nathalie AUBERTIN, directrice des s\u00e9curit\u00e9s de la pr\u00e9fecture de la C\u00f4te-d'Or 9\n1 \u2013 D\u00c9L\u00c9GATION G\u00c9N\u00c9RALE\n\u2022 Documents relatifs aux commissions dont la direction assure la pr\u00e9sidence ou le secr\u00e9tariat  \n(convocations, proc\u00e8s verbaux) ;\n\u2022 Correspondances courantes concernant l'ensemble des attributions de la direction ;\n\u2022 Demandes d'enqu\u00eates, de renseignements et d'avis ;\n\u2022 Documents de gestion des personnels de la direction.\n2 - BUREAU DE LA S\u00c9CURIT\u00c9 CIVILE \n2-1. Documents  relatifs  \u00e0  l'organisation  de  l'enseignement  secouriste  en  g\u00e9n\u00e9ral  et  les  \ndipl\u00f4mes correspondants :\n\u2022 organisation du brevet national de s\u00e9curit\u00e9 et de sauvetage aquatique (BNSSA)   et actes \ny aff\u00e9rant ;\n\u2022 instruction des demandes de surveillance de baignades et piscine collective \u00e0 acc\u00e8s  \npayant en application de l'art D 322-13-4 et A 322-11 du code du sport et prise d'arr\u00eat\u00e9s  \ncorrespondants ;\n2-2. Documents pr\u00e9paratoires \u00e0 l'\u00e9laboration des plans de pr\u00e9vention des risques naturels et  \ntechnologiques.\n2-3. Demandes de travaux de d\u00e9minage.\n2-4. Documents pr\u00e9paratoires \u00e0 l'\u00e9laboration et \u00e0 la mise en \u0153uvre des dispositions de l'ORSEC  \ng\u00e9n\u00e9ral et des dispositifs sp\u00e9cifiques ORSEC.\n2-5. Documents int\u00e9ressant le service de gestion de crise : actualisation des outils aff\u00e9rents.\n2-6. BNSSA publication de la liste des laur\u00e9ats.\n2-7. Saisie de la DGSCGC dans le cadre de l'instruction d'une demande de reconnaissance de  \ncatastrophe naturelle\n2-8. L es attestations de frais de repr\u00e9sentation pour les d\u00e9penses de la carte achat affect\u00e9e au  \nbureau de la s\u00e9curit\u00e9 civile.\n2-9. les arr\u00eat\u00e9s portant agr\u00e9ment des centres de formation du personnel permanent des services  \nde s\u00e9curit\u00e9 incendie des \u00e9tablissements recevant du public et des immeubles de grande hauteur.\n \n3 \u2013 BUREAU DE LA D\u00c9FENSE ET DE LA S\u00c9CURIT\u00c9 \n3-1 D\u00c9FENSE CIVILE\n3-1-1. documents pr\u00e9paratoires \u00e0 l'\u00e9laboration et \u00e0 la mise en \u0153uvre des plans de d\u00e9fense civile et  \n\u00e9conomique.\n3-2 S\u00c9CURIT\u00c9 PUBLIQUE \n3-2-1. r\u00e9c\u00e9piss\u00e9s des d\u00e9clarations des manifestations revendicatives\n2/6\nPr\u00e9fecture de la C\u00f4te-d'Or - 21-2025-02-21-00002 - Arr\u00eat\u00e9 pr\u00e9fectoral n\u00b0  324  / SG du 21 f\u00e9vrier 2024 donnant d\u00e9l\u00e9gation de signature\n\u00e0 Madame Nathalie AUBERTIN, directrice des s\u00e9curit\u00e9s de la pr\u00e9fecture de la C\u00f4te-d'Or 10\n3-2-2 Police administrative :\nArmes :\n\u2022 autorisations  d'acquisition  et  de  d\u00e9tention  d'armes  et  de  munitions  ainsi  que  les \ncr\u00e9ations de d\u00e9bits de cartouches de chasse ;\n\u2022 r\u00e9c\u00e9piss\u00e9s de d\u00e9claration de d\u00e9tention d'armes ;\n\u2022 r\u00e9c\u00e9piss\u00e9s de d\u00e9claration d'exportation ou d'importation de mat\u00e9riels de guerre.\n\u2022 autorisation pr\u00e9alable \u00e0 l'acc\u00e8s \u00e0 une formation des m\u00e9tiers de l'armurerie et de l'armement\n\u25aa arr\u00eat\u00e9s d'autorisation de port d'armes \n\u2022 visas de cartes professionnelles induisant port d'armes ;\n\u2022 d\u00e9cisions de suppression ou refus de suppression d'une inscription au Fichier National \ndes personnes Interdites d'Acquisition et de D\u00e9tention d'Armes (FINIADA) ;\n\u2022 r\u00e9ponses \u00e0 des recours gracieux relatifs aux armes ;\nVid\u00e9oprotection     :  \n\u2022 r\u00e9c\u00e9piss\u00e9s de demande d'installation des syst\u00e8mes de vid\u00e9o-protection ;\n\u2022 agr\u00e9ment des agents de la fonction publique territoriale pour le visionnage des images  \nde vid\u00e9o-protection ;\n\u2022 arr\u00eat\u00e9s d'autorisation, de modification ou de renouvellement d'un syst\u00e8me de vid\u00e9o-\nprotection et d\u00e9cisions de refus d'installation d'un syst\u00e8me de vid\u00e9o-protection ;\n Gardes particuliers\n\u2022 arr\u00eat\u00e9s d'agr\u00e9ment des gardes particuliers ;\n\u2022 cartes de garde particulier.\nPoliciers municipaux\n\u2022 arr\u00eat\u00e9s  d'agr\u00e9ment  des  policiers  municipaux  et  cartes  professionnelles  \ncorrespondantes.\nChiens dangereux\n\u2022 arr\u00eat\u00e9s d'agr\u00e9ment des formateurs.\nTransport de fonds\n\u2022 arr\u00eat\u00e9s d'autorisation de transport de fonds\n     Activit\u00e9s a\u00e9riennes\n\u2022 autorisations de survol du d\u00e9partement pour travail a\u00e9rien ;\n\u2022 autorisation de d\u00e9classement de la zone r\u00e9serv\u00e9e de l'a\u00e9rodrome ou l'a\u00e9roport \n\u2022 cr\u00e9ation et utilisation d'h\u00e9listation, h\u00e9lisurface et plateforme a\u00e9ronautique\nProduits explosifs\n\u2022 arr\u00eat\u00e9s portant autorisation d'emploi de produits explosifs d\u00e8s r\u00e9ception\n\u2022 habilitations et/ou agr\u00e9ments \u00e0 la garde, la mise en \u0153uvre et l'emploi de produits  \nexplosifs ;\n\u2022 certificats d'acquisition de produits explosifs ;\n\u2022 documents relatifs \u00e0 la proc\u00e9dure de d\u00e9livrance du certificat de qualification aux tirs  \nd'artifice et de divertissement ;\n3/6\nPr\u00e9fecture de la C\u00f4te-d'Or - 21-2025-02-21-00002 - Arr\u00eat\u00e9 pr\u00e9fectoral n\u00b0  324  / SG du 21 f\u00e9vrier 2024 donnant d\u00e9l\u00e9gation de signature\n\u00e0 Madame Nathalie AUBERTIN, directrice des s\u00e9curit\u00e9s de la pr\u00e9fecture de la C\u00f4te-d'Or 11\n\u2022 d\u00e9cisions d'agr\u00e9ment et refus d'agr\u00e9ment des personnes intervenant dans les d\u00e9p\u00f4ts,  \nd\u00e9bits et installations mobiles de produits explosifs ;\n\u2022 certificats de pr\u00e9pos\u00e9s de tir ;\n\u2022 r\u00e9c\u00e9piss\u00e9 de d\u00e9claration de feux d'artifice ;\n       Permis de conduire :\n\u2022 arr\u00eat\u00e9s cons\u00e9cutifs aux visites m\u00e9dicales ;\n\u2022 arr\u00eat\u00e9s portant suspension et annulation du permis de conduire et mesure \u00e9thylotest  \nanti d\u00e9marrage (EAD) ;\n\u2022 r\u00e9c\u00e9piss\u00e9s de remise d'un permis de conduire invalid\u00e9 pour solde de points nul ;\n\u2022 attestations pour la conduite des taxis, v\u00e9hicules de petites remises, des ambulances,  \ndes v\u00e9hicules affect\u00e9s au ramassage scolaire ou au transport public de personnes ;\n\u2022 r\u00e9ponses \u00e0 des recours gracieux relatifs aux suspensions des permis de conduire ;\n\u2022 agr\u00e9ment des m\u00e9decins pour le contr\u00f4le m\u00e9dical de l'aptitude \u00e0 la conduite ;\n     Enqu\u00eates administratives :\n\u2022 avis relatifs aux acc\u00e8s aux points d'importance vitale, aux \u00e9tablissements p\u00e9nitentiaires  \net tous avis relatifs aux affaires du p\u00f4le des polices administratives ;\n     D\u00e9bits de boissons :\n\u2022 autorisations de transfert de licences de d\u00e9bits de boissons ;\n     Domiciliation d'entreprise :\n\u2022 autorisations de domiciliation d'entreprise ;\nArticle 3     : D\u00e9l\u00e9gation de signature est donn\u00e9e \u00e0 Monsieur Thierry BRUL\u00c9,chef du bureau de la  \ns\u00e9curit\u00e9 civile et Madame Agathe PELISSIER, adjointe au chef de bureau de la s\u00e9curit\u00e9 civile  \npour :\n-  toutes  les  correspondances  de  transmission  et  de  diffusion  des  documents  ne \ncomprenant ni avis, ni d\u00e9cisions, ni instructions g\u00e9n\u00e9rales relevant du bureau de la s\u00e9curit\u00e9 civile ;\n- les documents relatifs aux commissions dont le bureau assure la pr\u00e9sidence ou le  \nsecr\u00e9tariat (convocations, proc\u00e8s verbaux) ;\n- les demandes d'enqu\u00eates, de renseignement et d'avis relatifs aux affaires relevant du  \nbureau de la s\u00e9curit\u00e9 civile ;\n- les documents relatifs \u00e0 l'organisation de l'enseignement secouriste en g\u00e9n\u00e9ral et les  \ndipl\u00f4mes.\n- les demandes de travaux de d\u00e9minage.\n Article 4     : D\u00e9l\u00e9gation de signature est donn\u00e9e \u00e0 Monsieur Timoth\u00e9e DANIEL , chef du bureau de  \nla d\u00e9fense et de la s\u00e9curit\u00e9 et \u00e0 Madame S\u00e9verine LACROIX, adjointe au chef du bureau de la  \nd\u00e9fense et s\u00e9curit\u00e9 pour :\n\u2022 les  documents  relatifs  aux  commissions  dont  le  bureau  assure  la  pr\u00e9sidence  ou  le \nsecr\u00e9tariat (convocations, proc\u00e8s verbaux) ;\n\u2022 les correspondances de transmission et de diffusion des documents ne comprenant ni  \navis, ni d\u00e9cisions, ni instructions g\u00e9n\u00e9rales relevant du bureau de la d\u00e9fense et de la  \ns\u00e9curit\u00e9 ;\n4/6\nPr\u00e9fecture de la C\u00f4te-d'Or - 21-2025-02-21-00002 - Arr\u00eat\u00e9 pr\u00e9fectoral n\u00b0  324  / SG du 21 f\u00e9vrier 2024 donnant d\u00e9l\u00e9gation de signature\n\u00e0 Madame Nathalie AUBERTIN, directrice des s\u00e9curit\u00e9s de la pr\u00e9fecture de la C\u00f4te-d'Or 12\n\u2022 les demandes d'enqu\u00eates, de renseignement et d'avis relatifs aux affaires relevant du  \nbureau de la d\u00e9fense et de la s\u00e9curit\u00e9 ;\n\u2022 pour tous sujets en mati\u00e8re de d\u00e9fense civile et de s\u00e9curit\u00e9 publique ;\n\u2022 Les documents concernant les polices administratives list\u00e9s ci-dessous :\n      Armes :\n\u2022 autorisations d'acquisition et de d\u00e9tention d'armes et de munitions ainsi que les  \ncr\u00e9ations de d\u00e9bits de cartouches de chasse ;\n\u2022 r\u00e9c\u00e9piss\u00e9s de d\u00e9claration de d\u00e9tention d'armes ;\n\u2022 r\u00e9c\u00e9piss\u00e9s de d\u00e9claration d'exportation ou d'importation de mat\u00e9riels de guerre.\n\u2022 certificats de pr\u00e9pos\u00e9s de tir ;\n\u2022 visas de cartes professionnelles induisant port d'armes ;\n      Vid\u00e9o-protection     :  \n\u2022 r\u00e9c\u00e9piss\u00e9s de demande d'installation des syst\u00e8mes de vid\u00e9o - protection ;\nGardes particuliers\n\u2022 arr\u00eat\u00e9s d'agr\u00e9ment des gardes particuliers ;\n\u2022 cartes de garde particulier.\n       Chiens dangereux \n\u2022 arr\u00eat\u00e9s d'agr\u00e9ment des formateurs.\n       Produits explosifs \n\u2022 habilitations et/ ou agr\u00e9ments \u00e0 la garde, la mise en \u0153uvre et l'emploi de produits  \nexplosifs ;\n\u2022 certificats d'acquisition de produits explosifs ;\n\u2022 documents relatifs \u00e0 la proc\u00e9dure de d\u00e9livrance du certificat de qualification aux tirs \nd'artifice et de divertissement.\n       Permis de conduire :\n\u2022 arr\u00eat\u00e9s cons\u00e9cutifs aux visites m\u00e9dicales ;\n\u2022 d\u00e9livrance  des  r\u00e9c\u00e9piss\u00e9s  de  d\u00e9claration  en  vue  de  r\u00e9aliser  l'examen  \npsychotechnique pr\u00e9vu dans le cadre du contr\u00f4le m\u00e9dical d'aptitude \u00e0 la conduite ;\n\u2022 arr\u00eat\u00e9s  portant  suspension  et  annulation  du  permis  de  conduire  et  mesure \n\u00e9thylotest anti d\u00e9marrage (EAD)\n\u2022 r\u00e9c\u00e9piss\u00e9s de remise d'un permis de conduire invalid\u00e9 pour solde de points nul ;\n\u2022 attestations  pour  la  conduite  des  taxis,  v\u00e9hicules  de  petites  remises,  des \nambulances, des v\u00e9hicules affect\u00e9s au ramassage scolaire ou au transport public  \nde personnes ;\n\u2022 r\u00e9ponses \u00e0 des recours gracieux relatifs aux suspensions des permis de conduire ;\n      \n     Enqu\u00eates administratives :\n\u2022 avis  relatifs  aux  acc\u00e8s  aux  points  d'importance  vitale,  aux  \u00e9tablissements \np\u00e9nitentiaires et tous avis relatifs aux affaires du p\u00f4le des polices administratives ;\n5/6\nPr\u00e9fecture de la C\u00f4te-d'Or - 21-2025-02-21-00002 - Arr\u00eat\u00e9 pr\u00e9fectoral n\u00b0  324  / SG du 21 f\u00e9vrier 2024 donnant d\u00e9l\u00e9gation de signature\n\u00e0 Madame Nathalie AUBERTIN, directrice des s\u00e9curit\u00e9s de la pr\u00e9fecture de la C\u00f4te-d'Or 13\nArticle  5     :  D\u00e9l\u00e9gation  de  signature  est  donn\u00e9e  \u00e0  Madame  Ad\u00e9la\u00efde  FRAN\u00c7OIS,  secr\u00e9taire \nadministrative de classe normale, cheffe du p\u00f4le des polices administratives au sein du bureau de  \nla d\u00e9fense et de la s\u00e9curit\u00e9 pour :\n\u2022 les correspondances de transmission et de diffusion des documents ne comprenant ni  \navis, ni d\u00e9cisions, ni instructions g\u00e9n\u00e9rales relevant du bureau de la d\u00e9fense et de la  \ns\u00e9curit\u00e9 ;les demandes d'enqu\u00eates, de renseignements et d'avis relatif aux affaires du p\u00f4le \ndes polices administratives ;les r\u00e9c\u00e9piss\u00e9s de d\u00e9claration de d\u00e9tention d'armes ;\n\u2022 les r\u00e9c\u00e9piss\u00e9s de demande d'installation de syst\u00e8mes de vid\u00e9o- protection ;\n\u2022 les r\u00e9c\u00e9piss\u00e9s de d\u00e9claration de mise en service des syst\u00e8mes de vid\u00e9o- protection.\nArticle  6     :  D\u00e9l\u00e9gation  de  signature  est  donn\u00e9e  \u00e0  Madame  Ana\u00efs  GASPALON  et  Madame \nCatherine CAUBIEN, agents du p\u00f4le de d\u00e9fense civile au sein du bureau de la d\u00e9fense et de la  \ns\u00e9curit\u00e9 pour : \n\u2022 les correspondances de transmission et de diffusion des documents ne comprenant ni  \navis, ni d\u00e9cisions, ni instructions g\u00e9n\u00e9rales relevant du p\u00f4le ;\n\u2022 les demandes d'enqu\u00eates, de renseignement et d'avis relatifs aux affaires trait\u00e9es au  \nsein du p\u00f4le.\nArticle 6 : En cas d'absence ou d'emp\u00eachement de Mme Nathalie AUBERTIN, la d\u00e9l\u00e9gation qui lui  \nest conf\u00e9r\u00e9e en application de l'article 2 ci-dessus sera exerc\u00e9e par  : Monsieur Thierry BRUL\u00c9 et  \nMonsieur Timoth\u00e9e DANIEL chacun dans la limite de leurs attributions respectives.\nArticle 7  : Le secr\u00e9taire g\u00e9n\u00e9ral de la pr\u00e9fecture de la C\u00f4te-d'Or, le directeur de cabinet et les  \nagents b\u00e9n\u00e9ficiaires de la d\u00e9l\u00e9gation de signature sont charg\u00e9s, chacun pour ce qui le concerne,  \nde l'ex\u00e9cution du pr\u00e9sent arr\u00eat\u00e9 qui sera publi\u00e9 au recueil des actes administratifs de la pr\u00e9fecture  \nde la C\u00f4te-d'Or.\nFait \u00e0 Dijon, le 21 f\u00e9vrier 2025\nLe pr\u00e9fet\nSign\u00e9 :\n  Paul MOURIER\n6/6\nPr\u00e9fecture de la C\u00f4te-d'Or - 21-2025-02-21-00002 - Arr\u00eat\u00e9 pr\u00e9fectoral n\u00b0  324  / SG du 21 f\u00e9vrier 2024 donnant d\u00e9l\u00e9gation de signature\n\u00e0 Madame Nathalie AUBERTIN, directrice des s\u00e9curit\u00e9s de la pr\u00e9fecture de la C\u00f4te-d'Or 14\nPr\u00e9fecture de la C\u00f4te-d'Or\nP\u00f4le juridique inter-services\n21-2025-02-21-00003\nArr\u00eat\u00e9 pr\u00e9fectoral N\u00b0 326 / SG du 21 f\u00e9vrier 2025\ndonnant  d\u00e9l\u00e9gation de signature en mati\u00e8re de\ngestion des budgets op\u00e9rationnels\n104-111-112-113-119-122-124-129-135-137-147-148-1\n61-163-172-181-206-207-209-215-216-217-218-219-\n232-303-348-349-354-357-362-363-364-380-723-7\n54-780-833  des fonds europ\u00e9ens et des recettes\nnon fiscales et annexe\nPr\u00e9fecture de la C\u00f4te-d'Or - 21-2025-02-21-00003 - Arr\u00eat\u00e9 pr\u00e9fectoral N\u00b0 326 / SG du 21 f\u00e9vrier 2025 donnant  d\u00e9l\u00e9gation de signature\nen mati\u00e8re de gestion des budgets op\u00e9rationnels\n104-111-112-113-119-122-124-129-135-137-147-148-161-163-172-181-206-207-209-215-216-217-218-219-232-303-348-349-354-357-362-363-3\n64-380-723-754-780-833  des fonds europ\u00e9ens et des recettes non fiscales et annexe\n15\nExPREFETDE LACOTE-D'ORLibert\u00e9Egalit\u00e9Fraternit\u00e9\nArr\u00e9t\u00e9 pr\u00e9fectoral N\u00b0 326 / SG du 21 f\u00e9vrier 2025 donnant d\u00e9l\u00e9gation de signature en mati\u00e9rede gestion des budgets op\u00e9rationnels 104-111-112-113-119-122-124-129-135-137-147-148-161-163-172-181-206-207-209-215-216-217-218-219-232-303-348-349-354-357-362-363-364-380-723-754-780-833 des fonds europ\u00e9ens et des recettes non fiscalesLe pr\u00e9fet de la C\u00f4te-d'OrVu la loi n\u00b0 85.1098 du 11 octobre 1985 relative \u00e0 la prise en charge par l'\u00c9tat, les d\u00e9partements etles r\u00e9gions des d\u00e9penses de personnel, de fonctionnement et d'\u00e9quipement des services plac\u00e9ssous leur autorit\u00e9;Vu le d\u00e9cret n\u00b0 2004-374 du 29 avril 2004 relatif aux pouvoirs des pr\u00e9fets, \u00e0 Iorganlsatlon et al'action des services de I'Etat dans les r\u00e9gions et d\u00e9partements, modifi\u00e9 par le d\u00e9cret n\u00b0 2010 146 du16 f\u00e9vrier 2010 et par le decret n\u00b0 2010-687 du 24 juin 2010;Vu le d\u00e9cret n\u00b0 2009-176 du 16 f\u00e9vrier 2009 modifiant le d\u00e9cret n\u00b0 64-805 du 29 juillet 1964 fixant lesdispositions r\u00e9glementaires applicables aux pr\u00e9fets et le d\u00e9cret n\u00b0 2004-374 du 29 avril 2004 relatifaux pouvoirs des pr\u00e9fets, \u00e0 l'organisation et \u00e0 l'action des services de I'Etat dans les r\u00e9gions etd\u00e9partements;Vu le d\u00e9cret du 10 octobre 2024 nommant Monsieur Paul MOURIER, pr\u00e9fet de la r\u00e9gionBourgogne-Franche-Comt\u00e9, pr\u00e9fet de la C\u00f4te-d'Or;Vu Le d\u00e9cret du 16 ao\u00fbt 2022 portant nomination de Monsieur Olivier GERSTL\u00c9 en qualit\u00e9 de sous-pr\u00e9fet, directeur de cabinet du pr\u00e9fet de la r\u00e9gion Bourgogne-Franche-Comt\u00e9, pr\u00e9fet de la C\u00f4te-d'Or ;Vu le d\u00e9cret du 29 d\u00e9cembre 2022 nommant Madame Amelle GHAYOU, administratrice territoriale,sous-pr\u00e9f\u00e8te charg\u00e9e de mission aupr\u00e8s du pr\u00e9fet de r\u00e9gion Bourgogne-Franche-Comt\u00e9, pr\u00e9fet de laC\u00f4te d'Or ;Vu le d\u00e9cret du 6 juillet 2023 portant nomination de Monsieur Beno\u00eet BYRSKI, sous-pr\u00e9fet deBeaune;Vu le d\u00e9cret du 17 novembre 2023 portant nomination de Monsieur S\u00e9bastien LANOYE, sous-pr\u00e9fetde Montbard;Vu le d\u00e9cret du 14 novembre 2024 portant nomination de Monsieur Denis BRUEL, secr\u00e9taire g\u00e9n\u00e9ralde la pr\u00e9fecture de la C\u00f4te-d'Or ; .Vu l'arr\u00e9t\u00e9 du Premier Ministre et du Ministre de l'Int\u00e9rieur en date du 12/01/22 nommant Mme AnneCOSTE DE CHAMPERON, administratrice de I'Etat hors classe, en qualit\u00e9 de secr\u00e9taire g\u00e9n\u00e9ralepour les affaires r\u00e9gionales de la R\u00e9gion Bourgogne-Franche Comt\u00e9, \u00e0 compter du 1/02/22, pour unedur\u00e9e de 4 ans, avec une p\u00e9riode probatoire de 6 mois ;Vu l'arr\u00e9t\u00e9 du Premier Ministre et du Ministre de l'Int\u00e9rieur en date du 2 juin 2021 nommant MmeMilada PANTIC, en qualit\u00e9 d'adjointe au secr\u00e9taire g\u00e9n\u00e9ral pour les affaires r\u00e9gionales de la R\u00e9gionBourgogne \u2014 Franche-Comt\u00e9, en charge du p\u00f4le \u00ab moyens, modernisation, mutualisations \u00bb, pourune dur\u00e9e de 4 ans \u00e0 compter du 1\u00b0\"juillet 2021 ; '\nPr\u00e9fecture de la C\u00f4te-d'Or - 21-2025-02-21-00003 - Arr\u00eat\u00e9 pr\u00e9fectoral N\u00b0 326 / SG du 21 f\u00e9vrier 2025 donnant  d\u00e9l\u00e9gation de signature\nen mati\u00e8re de gestion des budgets op\u00e9rationnels\n104-111-112-113-119-122-124-129-135-137-147-148-161-163-172-181-206-207-209-215-216-217-218-219-232-303-348-349-354-357-362-363-3\n64-380-723-754-780-833  des fonds europ\u00e9ens et des recettes non fiscales et annexe\n16\nVu l'arr\u00eat\u00e9 du Premier Ministre et du Ministre de I'Int\u00e9rieur en date du 22 d\u00e9cembre 2022 nommantMme Florence BERNARD, en qualit\u00e9 d'adjointe au secr\u00e9taire g\u00e9n\u00e9ral pour les affaires r\u00e9gionales dela R\u00e9gion Bourgogne \u2014 Franche-Comt\u00e9, en charge du p\u00e9le \u00abpolitiques publiquesinterminist\u00e9rielles \u00bb,Vu l'arr\u00eat\u00e9 1184/SG du 3 d\u00e9cembre 2020 portant organisation du Secr\u00e9tariat G\u00e9n\u00e9ral CommunD\u00e9partemental' ;Vu l'arr\u00eat\u00e9 pr\u00e9fectoral 1251/SG du 18 d\u00e9cembre 2020 portant organisation des services de lapr\u00e9fecture de la r\u00e9gion Bourgogne-Franche-Comt\u00e9, pr\u00e9fecture du d\u00e9partement de la C\u00f4te d'Or ;Vu l'accord local relatif \u00e0 l'application du protocole d'exp\u00e9rimentation de la carte voyagiste dans lecadre du d\u00e9ploiement de CHORUS DT (D\u00e9placements Temporaires) sign\u00e9 conjointement le 17 avril2018 par Mme Christiane BARRET, Pr\u00e9f\u00e8te de la r\u00e9gion Bourgogne-Franche-Comt\u00e9 et de la C\u00f4ted'Or et Mme Martine VIALLET, Directrice r\u00e9gionale des finances publiques de la r\u00e9gion Bourgogne-Franche-Comt\u00e9 et du d\u00e9partement de la C\u00f4te d'Or,Vu I' arr\u00e9t\u00e9 pr\u00e9fectoral N\u00b0 1655/SG du 28 octobre 2024 donnant d\u00e9l\u00e9gation de signature en mati\u00e8rede gestion des budgets op\u00e9rationnels 104-111-112-119-122-129-137-147-148 -161-172-181-206-207-209-215-216-217-218-219-232-303-348-349-354-357-380-723-754-780-833, des fondseurop\u00e9ens et des recettes non fiscales ;Sur proposition de Monsieur le secr\u00e9taire g\u00e9n\u00e9ral de la pr\u00e9fecture de la C\u00f4te-d'Or ;ARR\u00caTEArticle 1er : L'arr\u00eat\u00e9 pr\u00e9fectoral n\u00b0 1829/SG du 29 novembre 2024 donnant d\u00e9l\u00e9gation de signatureen mati\u00e8re de gestion des budgets op\u00e9rationnels 104-111-112-113-119-122-124-129-135-137-147-148-161-163-172-181-206-207-209-215-216-217-218-219-232-303-348-349-354-357-362-363-364-380-723-754-780-833,des fonds europ\u00e9ens et des recettes non fiscales et toutes dispositionsant\u00e9rieures et contraires au pr\u00e9sent arr\u00eat\u00e9 sont abrog\u00e9s. |Article 2 : D\u00e9l\u00e9gation de signature et de gestion est donn\u00e9e aux membres du corps pr\u00e9fectoral et .aux agents mentionn\u00e9s dans le tableau en annexe 1 du pr\u00e9sent arr\u00eat\u00e9 dans les conditions et limitespr\u00e9vues, pour I'ex\u00e9cution des d\u00e9penses au titre des BOP 104-111-112-113-119-122-124-129-135-137-147-148-161-163-172-181-206-207-209-215-216-217-218-219-232-303-348-349-354-357-362-363-364-380-723-754-780-833, des fonds europ\u00e9ens et des recettes non fiscales.Article 3 : Le secr\u00e9taire g\u00e9n\u00e9ral de la pr\u00e9fecture de la C\u00f4te-d'Or, la directrice r\u00e9gionale desfinances publiques, les membres du corps pr\u00e9fectoral ainsi que les agents mentionn\u00e9s dansl'annexe vis\u00e9e \u00e0 l'article 2, sont charg\u00e9s, chacun en ce qui le concerne, de I'ex\u00e9cution du pr\u00e9sentarr\u00eat\u00e9 qui sera publi\u00e9 au recueil des actes administratifs de la pr\u00e9fecture de la C\u00f4te-d'Or.\nFait \u00e0 Dijon, le 21 f\u00e9vrier 2025Le br\u00e9fet,Sign\u00e9 :Paul MOURIER\nncc3\nPr\u00e9fecture de la C\u00f4te-d'Or - 21-2025-02-21-00003 - Arr\u00eat\u00e9 pr\u00e9fectoral N\u00b0 326 / SG du 21 f\u00e9vrier 2025 donnant  d\u00e9l\u00e9gation de signature\nen mati\u00e8re de gestion des budgets op\u00e9rationnels\n104-111-112-113-119-122-124-129-135-137-147-148-161-163-172-181-206-207-209-215-216-217-218-219-232-303-348-349-354-357-362-363-3\n64-380-723-754-780-833  des fonds europ\u00e9ens et des recettes non fiscales et annexe\n17\nTabed\nf3ANy,'dQInsplleANFAVHdNOS191AIO\"INS0UBEULIOUSdayendsa1Jeda1SUOIJUSAGNS9194Npayay)dajgesuodse1'XNYAHONeowun]SNHOHI\u00a5dSDNP8jqesuodsalnysoxa|dwo9syeloidanbigndapuewwosajulofpeXNVYIAONIANOCouIj99oWINajodnpey1ONNOSS1jeuzeNwINenbipunfjuswabebus,SNHOHOJeuoIbeysobeyedseoimesopenuegnpJaydLOI44VDApp3'N|opuonepieA\n'ajuiolpeoje1oueba1le10190S'NOAVHD9/jowyouINJe1oue6a1le10100S'TANYGSIUOG'NsojessIyUOUS9OIO1SOp10SUsd0IN3Spuo;sop'EES-08Z-VGZ-EZZ-O8E-VOE-E9E-ZIE-LGE-VGE-GHE-8PE\"EOE-CEZ-6LZ-8L\u20ac-ZLZ-9LZ-SLZ-607-Z0Z-90\u20ac-L8L-2ZL-E9L-LOL-8HL-ZHL-ZEL-SEL-6ZL-HZL-ZZL-6LL-ELL-ZLL-LLL-POLTVNOIDI4INWNVYDO\u0178d30STINNOILVH3dOSLIOONESIO13\u00a50.d31092V130LNIN3LYVd30STI3NNOILVd3dO3LINN.130NOILS39303Y3/11VNN33YNLVNOIS30NOILV93T3G|52024213}LZNPOS/9Z\u00a3,UJ210)004914SJQLE)\u20ac3XANNV|\ndOg\nPr\u00e9fecture de la C\u00f4te-d'Or - 21-2025-02-21-00003 - Arr\u00eat\u00e9 pr\u00e9fectoral N\u00b0 326 / SG du 21 f\u00e9vrier 2025 donnant  d\u00e9l\u00e9gation de signature\nen mati\u00e8re de gestion des budgets op\u00e9rationnels\n104-111-112-113-119-122-124-129-135-137-147-148-161-163-172-181-206-207-209-215-216-217-218-219-232-303-348-349-354-357-362-363-3\n64-380-723-754-780-833  des fonds europ\u00e9ens et des recettes non fiscales et annexe\n18\nw\u0153z\u0153o\u0153_wco_E\u0153\u00c8:m ;a]odnpayayd'SNHOHDHASDNPs|gesuodsal.neajulofpeXNV3ONZANOr2ul|9DSUNajuiolpe\noje1euebaule10190S'NOAVHO3lIdWYouJesuebe11e19190sTINUGSIU9G'N\u0153\u0153x\u0153_anomuw_o\u00e4\u0153:a__n:amvcmEEoOa]odnpayaydLONHOGSIjeuzeNawp|lleuuonse9LIYULNVOHousg\"NSNHOHO[euoiboysobeuedseoimesepenuagnpJaydLOI44AVOAPP3\"INsuonesijigowwiSOPalleljixneayIge1du1Ooe|apsnua|sexa|dwoosyaloidanbiigndapuewwo\"na1odnpSYOUDLONHOG3lleyieNawpSNHOHO[euolbaysobeyedsaoinlegepenuegnpJayd1OI44VvOAPP3\"Nojulofpe\najesoue\u00c9a11210190S'NOAVHDSjjowuysuleJoubaule191908\"TINUYIstuag*NooueuIoyuedaujenbojgesuodse1'XNVIHOWEljo9wIN(3198dNd'dd1N2P1[eANFAVHdNOSA81AIO\"INSo}0991suonuangnsa]odnpagayn'SNHOHOHdSOnpajgesuodsesneejulolpeXNVIINIANONeuIjo9SWySaJBISILUOUSO1S0A1SOPp19JuswaledapsepueuwaepsepuonepieAsOUBULIOUSdeujenbajgesuodse1'XNVIHONElj99Swysoy091suonuaAgnsSajodnpayayo'SNHOHO\u00a5dSDNPo]gesuodsesneejulolpeXNVYIONIANOCouUIj9ISwyseoImeSapo1u99NPJoUILOIJ4VOAPP3'Najuiofpeoje1u962118101908'NOAVHOdjjowyuvJesque6e11219100S\"TFINUGSIUOG\"NSlleuuonsegLIXULNVOHOUSGINalleuuolses)FYNOVTelhaawpyo1leuuonse9AYVTTIVINI9Ydeyowo1leUUONS99J11JTVAV291419swiyalleuuonsen)YOINIA[SUNAowWN91IBUUONSOS)INVDVdBJYONOgawaJleuuonses)HAINAINd1I9IsUYDSUNalleuuonses)YINVINNOHISHOMIEd\"INsinajduosaidsesjua9s9|Jedaijge:e\u00abJie}90IAISSNpUOIJE]E]SUOO\u00bbe|apaseqEjInsSNIOYDSUEPp\u00abJIEJ82IAISS\u00bbNPUONEIYIUON\ndOq\nPr\u00e9fecture de la C\u00f4te-d'Or - 21-2025-02-21-00003 - Arr\u00eat\u00e9 pr\u00e9fectoral N\u00b0 326 / SG du 21 f\u00e9vrier 2025 donnant  d\u00e9l\u00e9gation de signature\nen mati\u00e8re de gestion des budgets op\u00e9rationnels\n104-111-112-113-119-122-124-129-135-137-147-148-161-163-172-181-206-207-209-215-216-217-218-219-232-303-348-349-354-357-362-363-3\n64-380-723-754-780-833  des fonds europ\u00e9ens et des recettes non fiscales et annexe\n19\nOUVH30PNEWNSUNYIONVHS92uaine]oWWNnpJoyoneajulolpy'LONNHLUENawy|Jeyoy-jebpng90IAISSNPJayo'JININOHAN\u00a5Cuesr'NJejuoweyedapunwwodjesoue\u00c9jelepsossnpJulofpe1n9199110'NVINDYIAPIAEQ'NojulofpeeJesoue\u00c9aielpl08s'NOAVHDSIjouryswyJeyoy-1abpngao1nag|-Je1gueba11e191008\"TINUGSIUOGIN\u00a2abed[ejuswapedspunuuooje1sus\u00c9jeuelalnssnp20/}09110'13939dljeyieNu|SUNILdIHOSIWHdSIIIAHIS\nLHA\nenbiyose1a1yJnapijeAanbjuezUOsielyap181910uoissiw9P81P10:Je10199491dsd109np.saiquaws3]JnodJuswase|dopapsield:1dSNHYOHI8P8ipedo]sueq\nJYOIAanbiuoyswyy|'leyoy-1obpngs01Gnpjoyoneajulofpy'LONNHLeUnsemNowINajuiolpe9lesauaba11810190S'NOAVHD3jjowysu[eJou9ba11e191008'Tanugstuad'NJeyoy-jebpng90IAIBSNPJOU)FNWOHANUduesr'N..\u0153__m_:E._ou_snioy)suepJakedea1p1O\ndOd\nPr\u00e9fecture de la C\u00f4te-d'Or - 21-2025-02-21-00003 - Arr\u00eat\u00e9 pr\u00e9fectoral N\u00b0 326 / SG du 21 f\u00e9vrier 2025 donnant  d\u00e9l\u00e9gation de signature\nen mati\u00e8re de gestion des budgets op\u00e9rationnels\n104-111-112-113-119-122-124-129-135-137-147-148-161-163-172-181-206-207-209-215-216-217-218-219-232-303-348-349-354-357-362-363-3\n64-380-723-754-780-833  des fonds europ\u00e9ens et des recettes non fiscales et annexe\n20\nTONNHLeUILIENSUN'FHOIAanbiuopyeNINOWNAGSIJEUJEN]19VIHOIINouveige4:4ssopuoneoiIUeI19VQSepaliejnwiio4SN1OYsuepSISIESLUVSNASINOT'N'FHOI4anbiuopLONNHLuIE|NSUN!4SSOpUONBOIIUSO10o1lejnu11O+sn1OYISUEPpaisieSsTALVY9/0129:4SSopUoneouIeN|19VGsepaJiejnwiio4snioy)suepaisiesLluvsnasino1'npobedJe1gueBa:le19100sTanugSiued'N1901914YFIHNONIned'Napalnjeubise|esogneseoB;SoIAeSsNPUOIeOIJIUOO\u2014seyo98110sesuadapapsuoisipag|JUEJUOU9|jI0sanb[anbJie;821AI8SapuoIJeoIIUeI1eseyjeca1ap10sesuedapapsuoisipeqO\u00a5VH3apnewow|Jeyry-1e6pngo011eSnpJeysneajulofpy'LONNHLduiielyawy|Jeyoy-jebpngS0118$NPJOUD\"INNOHANUduesr\"y|eluswapedapunwwoojesoue\u00c9jeuejoinsgnpjulolpe1n819911G'NYINOYIAPIAeq'N|eluswapedapunwuwooje1eue\u00c9jeue)einsgNPp0011989110139434SIJeuJeNowNajulofpeaje1suasbe1le}9100SNOAVHO9/jeuryourN|ajeuoibelenbluyoe}o1g/i8su09\"NOYHHIdYHIP4SUINJesgueBaue1e10esTANUEsiuaq|LHAonbiyo1e1eIHJnopijeaonbjue;ussIe1;ap181018UOISSIWop91P10:9JUOI-oUDUEI--oUBOBInoguo1ba.e|apseje1dosSOJUB]SISSEsa|INOdjuawS0E|dapapsie1--sies;p]e1918UOISSIWapa1p10:ajeuoiBesenbluyre;a19||I8SU0IB19sunajoalipse|JnodJuswase|dopapsIe1+-:1dSNHOH28Po4pe93]sueq\ndOg\nPr\u00e9fecture de la C\u00f4te-d'Or - 21-2025-02-21-00003 - Arr\u00eat\u00e9 pr\u00e9fectoral N\u00b0 326 / SG du 21 f\u00e9vrier 2025 donnant  d\u00e9l\u00e9gation de signature\nen mati\u00e8re de gestion des budgets op\u00e9rationnels\n104-111-112-113-119-122-124-129-135-137-147-148-161-163-172-181-206-207-209-215-216-217-218-219-232-303-348-349-354-357-362-363-3\n64-380-723-754-780-833  des fonds europ\u00e9ens et des recettes non fiscales et annexe\n21\nGabedJUVSNASINOT\"IN19LONNHLoUILEN'FHOIAanbiuolyouN\"LOT1IVOeuUMOI|419VHI3134SHEWN!4SSOpUONeIYIUeO19YSepallejnwiosnioy)suepaisiesLUVSNASINOT\"l19LONNHLsunJeyOWIN'FHOISenbiuopyouI:4SSopUONBOII}USI]\u00a9S11E/NWIO4SNIOYIsuepSISIES\"FIAINNOGJSIAIO39LOTHVINU@lInf\"QYUVNIAITeuI|1990'INVINVH10YZ:4SsopvoieoIUes19Y@sepaJlejnwio4SNIOUIsuepaisIESJUVSNASINOT\"N19JHOIAonbluoWN\"LONNHLduntep:JSsopUoIeoIIUSO10SNIOUIsuepalsiesTALVY9J0189:4SSopUONEDIYILISD19YsepaulepnuIO+Sn1IOYIsuepaISIES19JHOI4onbiuo'LONNHLauntep:4SsopUOoIJeaI;IUSO19SN1IOYIsuepaisiesLNOWAG\u00a9!jeuzeN1\u00b0VIHOIINouvaIge4:SsopUOIeoyILeO19VGSsepaulejnu1O+4SNIOUIsuepaisiesauneagqap19;e1d-snos'IYSYAGHOUSG'NoJu07-oyoue14\u2014aubobinogeqsejeuoIBessalieyese|INOdajesgusbaule10Jdes|'NOY3IdNVHO3031SO9duuyowJeuigeoap1n910911P'F11SYIIJ81ANO*NLUVSNASINOT..ajuiolpeaje1ou96811e}9108S'NOAVHOITI3NVWJle}S0IAJSSNPUOIJEOIIUOO-sa)e0alJosasuadapapsuoisiDag:mu_,80IAJSSNPUOIEOI;IUOO-se1908110sasuadapapsuoisigaqB482IAJSSNPUOIJEOILIUEO-sejo0a110sesuadapapsuoisideq.;o01A10SNPUOIJEOIIUOO\u2014sane0a1esosuadapapsuoisiDeq\n-\ndOg\nPr\u00e9fecture de la C\u00f4te-d'Or - 21-2025-02-21-00003 - Arr\u00eat\u00e9 pr\u00e9fectoral N\u00b0 326 / SG du 21 f\u00e9vrier 2025 donnant  d\u00e9l\u00e9gation de signature\nen mati\u00e8re de gestion des budgets op\u00e9rationnels\n104-111-112-113-119-122-124-129-135-137-147-148-161-163-172-181-206-207-209-215-216-217-218-219-232-303-348-349-354-357-362-363-3\n64-380-723-754-780-833  des fonds europ\u00e9ens et des recettes non fiscales et annexe\n22\nLUVSNAsino7O\u00a5VH30PNEWNYIDNVYOSduaine]UYIMYVE1wyLONNHLUIN'Iy0I4anbiuopyLOTTIVOouUlO|4}9Vdl31348HEWN-4SSOpUONEOIIUOO19YQsopallejnwio4SnNIOYIsuepaisiesauneagape1n,09;01d-snose|opJes1gueballejaioss'3377109JusineT].s_f9abedouneeg\u00a9pjoja.d-snos'IYSYAGHOUSG'NJIe;S0IAJSSNPUOIJEOIIUOO-sey098110sasuadapapsuoisireq|-\neJulolpyeJesquebe11819100S'HIAFNIGEJLETswpounesgopa1n;98;e1d-snose|apJe1oue6a1ieje1des'3377109JUe1neT'Nauneagap]0;e1d-snos'IXSHAGHOUSG'NLHAenbiya1e1se1y1nopijeaanbjue|u\u00aeSIEs;aps]eJe}8UOISSIWISPSOJPIO'(uonewuoysiiduwooA)juows0e|depapsiel.-1dSNYOHOOP84P239]SUEG\n.JUVSNASINOTLONNHLoUJEN'FHOI4@nbiluopJOTTIV3SUlO|419VI3L39UEW:4GSepUOneOyILUeO19VQsepalle|nwio4sn1OYNsuepaISIES.JUVSNASINOT\"NLONNHLUENUN'JYOI4onbruomswyDIOYITIITUnUaN'N19LONOWIes!7owepe|N:4SsepuoneoyIUeO19VQsepallejnwio4sn10YNsuepaisiesouneagap19/01d-snos'INSYAGHouag'N.ouneegapa1n;99;91d-snose|opjesguebe11e19100S'FAT1IOGJusine'Npequuomp19J91d-snos'JAONVTusnseqasIN-JIe}80IAJSSNPUONBOI;IUOO10JEJOUDT)a1le1e19esnpuoejueseudesapsiessxnesenlje|e!soyereljesesuedaepapsuoisiDaqEJ821AI8SNPUOINBOIIUOO-se208119sasuadapapsuoisiDaq\ndOg\nPr\u00e9fecture de la C\u00f4te-d'Or - 21-2025-02-21-00003 - Arr\u00eat\u00e9 pr\u00e9fectoral N\u00b0 326 / SG du 21 f\u00e9vrier 2025 donnant  d\u00e9l\u00e9gation de signature\nen mati\u00e8re de gestion des budgets op\u00e9rationnels\n104-111-112-113-119-122-124-129-135-137-147-148-161-163-172-181-206-207-209-215-216-217-218-219-232-303-348-349-354-357-362-363-3\n64-380-723-754-780-833  des fonds europ\u00e9ens et des recettes non fiscales et annexe\n23\n;ebed_LYVSNASINOT'N''OdVH-30PNEWNLONNHLoUIJEN'FHYOI4anbiuopUIONVUO22uaine]HAITHALoua|oHsowepsoN:4SsopUoNnNeIuIUOI19VQSepalle|nwio4SNIOYNsuepSISIESejuiofpeoje1oue6allejaloes_:O><_._0o|jouysw_\u0152\u0153c\u0153mw__m...'\u0153\u00eb\u0153\u0153._m:\u0153mm.:wo_>_JeuigegopJnajoalipF11SHI919!AIOINJIE;801A19SNPUOIJBOIIUOO10Se1008116sesuadapapsuoisipeq\\,.m.s=1E#E>eumw\\\u00bb#\\fl\\n\\!J....r.\\r=,,..Gm'Eu\\.Mls%ose==O\u0152<_._30u:ms_HIJ9INVHSoUAINET'1\u00a5VSNASINOT'LONNHLSUILIEWN'JYOI4onbluoNOOYFTIITURUOND'IONOWNes!1:4Ssopuonesiyas19Ysopallgjnwio4SNIOUIsuepaisiespieqjuolyope1n198;e1d-snose|opajesaueh9112]19190S(LOHANIONo3110nB1eyawp\npieqjuomop1e;a1d-snos'JAONVTVenseqesIJ18}01A19SNPUOIJEOIIUSO-Se}008116sasuadapapsuoisiDeqJeuoyue;JuswaddojaAgp18sojeo|IseyARDE|j0I9jodnpJayd'LOFIVEo116ges;upJeqjuolyope1n108;01d-snose|opsjelousbe11210190SLOHANIONo311onB1euu\npIeqyuoiNop10401d-snos'JAONV1Uonseqes'NLHAenbiya1e1a1y1nopIjeAanbjue;uesiel}apsIeJe18UOISSIWISPSeJPIO'(Uoneuo;siiduwooA)Juswaoe|dapopsies-'-1dSNHOHO9P84P239]sueq\nJUVSNASINOT\"N._.OZD_._._.SUIIEINSUN'JYOIL4anbiluoyOINGU\u0152.....U....._unuenD'LONOINBSIT:4SsepUoneoyILeI19Y@sopaulepnu104SNIOYIsuepaisiesPJEqIUOIN8p10491d-snos'FAONVTUelzseqes'NPJEGIUOINepe1n30a;e1d-snose|apaje1sua6allej2199sLOHANIONo3110nG1euowJie492IAI8SNPUONBOUIUSO18|elouaba1le1e19esnpuonejueseudesapsiesxnesenIJe|e!soporeljososuedepapsuoisiDaq\ndOg\nPr\u00e9fecture de la C\u00f4te-d'Or - 21-2025-02-21-00003 - Arr\u00eat\u00e9 pr\u00e9fectoral N\u00b0 326 / SG du 21 f\u00e9vrier 2025 donnant  d\u00e9l\u00e9gation de signature\nen mati\u00e8re de gestion des budgets op\u00e9rationnels\n104-111-112-113-119-122-124-129-135-137-147-148-161-163-172-181-206-207-209-215-216-217-218-219-232-303-348-349-354-357-362-363-3\n64-380-723-754-780-833  des fonds europ\u00e9ens et des recettes non fiscales et annexe\n24\ngobedJUVSNASINOTN'O\u00a5VH-3dPNEWN'1ONNHLOUJEN'FHOIAonbiuoN'YIONVYO@2uaine]soWEPSOWN:4SsepuoneoyIUeI19VQsopalle|nwiio4sn10YsuepaisIESseyunoessop00110810'NILYFANVS1JEUJENawiy|BJS0IAI9SOPUOIJEIIJILIOO)8SOILUNIOSsopJnajoalipnpuoI\u00cfejuese1dasapsie1sxnesonIe|e!soye0a119sasuadapapsuoIsiDaqJYVSNASINOT'N'OUVH-30Pneu'LONNHLOUIIEN'YOIONbiUON'HAONVHODo0ua1ne7seWepseiN:4SsopUOIJeIIIOI19YQsepalle|nwiio4SN10YIsuepSISIESojunoes\n1oesuajepneeInqNPJoyo\"TAINVA\u00b09UJOUILL'S|IAIDEJUNDES\u20ac|3PJoyd'FINUGAueIuL'Wsejunodesseop8011309110'NILYIENYS1EeUJENswiyJouIgeo8p1n810811p'FTLSYIO191AIO*NJIe;o01N9S|Npuonea1IUSO6sasuadapapsuoisiDep:(esuajapapses1910x8)ayonoqopsielJe13,/opuonejussaidale|apneainqnpjoyDneajulolpe'YJHISYNIHUklswiyJe}3,1opuonejussaudale|apneainqNP484DJANLSHAONVAydasor-sino'NJouIgesap._:m...bv\u0153__v'F11SHI9J9!AIO\"IN\nHes\nS0IA8SNPUOIEIIIUSO\u2014S91998J10SosuadapepsuoisiDap:ayonoqapsies;\u2014suoIJ0e|3\nTALVYoJ0129ourepeu]aJjou@)SIUILEIUI'UOIJeoIUNUIWOOe|apJejusweaUEedeop10Jeuo1B91so1nesNPJoyo'HIINYIH211999UIN:sejunoessep801}08110'NILYIENYolleyleNuI|ejulofpeajeseue6a1leJe1res'NOAVHDoJjouryouJesquebe11e19100STINUISIUOG'NJouIges8p1n919811p'FTLSHIOJ91AIO\"INLHAenblys:e1a1yinapipeaanbjue;usSIEJLops]e]e]\u00a9UOISSIWSPSO1P1O:SoyLINDESSOpUOI19SHp\u20ac|op10JouIgesnpsjuabesa|INod(uonew.oysudwodA)Juswaoe|dopopsie1-!1@-snioyadapaiped9]sueq\ndOg\nPr\u00e9fecture de la C\u00f4te-d'Or - 21-2025-02-21-00003 - Arr\u00eat\u00e9 pr\u00e9fectoral N\u00b0 326 / SG du 21 f\u00e9vrier 2025 donnant  d\u00e9l\u00e9gation de signature\nen mati\u00e8re de gestion des budgets op\u00e9rationnels\n104-111-112-113-119-122-124-129-135-137-147-148-161-163-172-181-206-207-209-215-216-217-218-219-232-303-348-349-354-357-362-363-3\n64-380-723-754-780-833  des fonds europ\u00e9ens et des recettes non fiscales et annexe\n25\n6abed\nLYVSNAsino'\\''O\u00a5VvH-3apnew'LONNH.LSUIEN'FHOIAONblUON'YIONVYOooua1ne7SaWepss|\\:4SsopuOoIJeoIIUOI19Vsepaulgjnuuo+4sniOoyIsuepaisies9[J9IZ]SIUIULSIUIUOIJeIIUNWUIOOe|SP|eyuswapedap10|euoibaloo1mesnpJaydneJuiofpe'NITOOSWOQIA\u00dbr'NoJjeu@)SIUILEqUIUOIJEDIUNWUIOOE|apjJeJuSWeyUEdep16|euoibaloolnesNPoyous'HIINNAH311999UINJeuigeoep1nej0aulp'FTLSHIO43110\"INjuejuow9|IOSanbjonbJ1e;s01A10SNpUOIJEOIJIUOO:SIjOLOISIUIUSIUIUOIEDIUNUWUON\nJUVSNASINOTN''O\u00a5VH-3dPNEN'LONNHLUEN\"FHOIAenbiuoN'HAONVHH@ouaine]soWEpsomN'NITOD2WQIar'N:4SSopUuoneoyIeI19Y@sepaJiejnwlio-snioy)suepaisieso||auglsIuILIBUIUOIJecIUNWWOOE;|ap|ejuswaledsp16[euoibaloolmesnpJoysneJulofpe'NITOOawoiar'N9]jou@)SIUWIEIUIUOIJecIUNWWOSB|opJejueWAaUedap10[euoibal01110sNPoyous'HIINYAH9/1999OWIN30GZE>se1j00811osesuadapopSUOISIOPP:JJOLSISIUIULEIUIUOIEIIUNWIWON\nJLUVSNASINOTN'OUVH-30PNEWN'LONNHL\u00b0UMVEN'FHOIAonbluow'YIONVYO@2uaine]sawepss|\\NITOOSWQIdr'N!4SSopUOHEDHIHSD|19Y[sopalig|nwiio4sn10Ysuepaisieso]Jou@)SIUULEIUIUOIJecIUNUIWOS.|apjejueweaUedep10Jeuo1B91so1n1esNPJoyo'HAINYIH211999WNJouIges8p1napeulp'F1LSHIOJ91AIO\"N30SZE<S911908110sasuadapopSUOISIDEP:o]JoLOISIUIWLISIUIUOIJEOIUNWUION\nJUVsNa\n-SINOT'N'OYVH-30PNEW'LONNHLUEN'JYOIAonbiuow\"YIONVYO@9uaine]sawepss|y'NITODSWQIP'N:ISsopvoneouIUes19YsepaJie|nwiosnIO\u00cbIsuepaisies3||au)sIulwIBUlUOIEIIUNWWOSe|SP|ejuswayuedap10|euoibal90IAI9SNPo4J0U0\"YIINYTH31999UNHEJSJIAISSNPuonediiued19aJjoL1e)SIU|WJOLUIUOEDIUNWLWIODEJ8PneainqnpJoysnpuoiejuasaidalapsiesxnesenljeje!seyjoIe1JosasuadapapsuoisiDaq|\ndOg\nPr\u00e9fecture de la C\u00f4te-d'Or - 21-2025-02-21-00003 - Arr\u00eat\u00e9 pr\u00e9fectoral N\u00b0 326 / SG du 21 f\u00e9vrier 2025 donnant  d\u00e9l\u00e9gation de signature\nen mati\u00e8re de gestion des budgets op\u00e9rationnels\n104-111-112-113-119-122-124-129-135-137-147-148-161-163-172-181-206-207-209-215-216-217-218-219-232-303-348-349-354-357-362-363-3\n64-380-723-754-780-833  des fonds europ\u00e9ens et des recettes non fiscales et annexe\n26\nNOTVdSVDSIEUY12XIOHOVToUJOAISsoWEPSOMN0Tabedwoc\u0153_:g__mvuoljuena1duolssiwapsob1eUI\"VATISVAouULpuesouwIN:seANOIppeseyInpuooS8}8senboipse|o1Ju0o9oyn|opajoLS)SIUJWLISIUIUOISSIN-8ouenbulepe|opuoIjuea@1dapjoue)SIUIWIEIUISPUO:SoJIEJNWIO!SNHOHOSP81P859|sue(\nejulofpe\noje1gue62118101508'NOAVHD9;jowuyouIJesguebe11e16190S'T3NUGSIUSG'NJouIgeoap1najoeulpF11SHI919!A!ONsuoIzuengns\u2014sasuadapapsuoisiDep:SOAIJOIPPEseyunpuosjesenbo1pa1juodeyn|opojjeLOISIUILLIELUIUOISSI-9ouenbuljopB|opuonuen@.dapJoue)siu1WuIEzUISPUO-\nejurofpe\noje1oue\u00c9a11e10190S'NOAVHDo/jouryouINojeseue6a11e101900S\"TANUGSIUSG\"INJeuigeop1ne;0e1lp'FTLSHID191ANO\"INSOUBE]|IAINS-OSpIAapUOISSIWIWODEJSPSSIqUEU!SOpSUOIJEIEA$9|INOd]Ie;0111989PUOINBOIIOO'SOHOI19sosuedapopsuoisiDap:SAIjEI}SIUILIPE821|0dLYUVSNGsino'N'OUVH-AGpnewLONNHL\u00b0UIEN'FYOI4onbiuoNHIONVHOo0UA1NETSOUEPSO|N!JSSOpUONEDILIUOD19VQsepallejnwio4snioy)suepaisieso||oL)sIuILIBUIuonesIuNWWOo9\u20ac|ap|eyuswapedsp10[euoibalsolesnpjoyoneJuiolpe'NI1ODeWIQIEr'NJeuigeoepUnsjoalip'F11SYIIJS1AIONoIjou@)SIUILEQUIUOIJesIUNUILUOSB|opjejuoWeaUedep10[euoibalso1nesNPoyoys'HIINYIH911999SUNHEJo01AJ9SNPUOIJBOIIUSO10Se]18091op10sesuadapapsuoisigep:(s9|lepawopjeyoe)senbljgndseiuowa19N\ndOg\nPr\u00e9fecture de la C\u00f4te-d'Or - 21-2025-02-21-00003 - Arr\u00eat\u00e9 pr\u00e9fectoral N\u00b0 326 / SG du 21 f\u00e9vrier 2025 donnant  d\u00e9l\u00e9gation de signature\nen mati\u00e8re de gestion des budgets op\u00e9rationnels\n104-111-112-113-119-122-124-129-135-137-147-148-161-163-172-181-206-207-209-215-216-217-218-219-232-303-348-349-354-357-362-363-3\n64-380-723-754-780-833  des fonds europ\u00e9ens et des recettes non fiscales et annexe\n27\nTTabed2ISI1asnpajedapjoyd'QYVaOronT-ueer|\\OISIASNPjayd'Logaydoisuyg-uesp\"N\"SOUJSJUIS82IAISS/IBljIqowW|/anbiisiBoS0IA8SNPJayd'|aTvyad491P1G*N'SNHOHOJeuo1be!sobeyuedseoiuesopajuoonpargesuodselneejulofpeXNV3IN3ANOFSUIj99SUN\"SNHOHO[eUOIbassobeyuedsooinuesepeJjueonpajgesuodsey'10144APP3\"INOUVH30PREWN}YJONVUOS9U91NETsswiynpjayoneajulolpy'LONNH.LouryieuNsawpy1eyoy\n-}9bpng@01A9sNpJoyd'FNNOHANUduesr'N'uoljew.oyEJap10saulewnySSOINOSSE1SOP90IAISSnpJoysneJuiofpe'AJYAIOSEUIOUL\"NsoI1NOSS91Sapayoyr'ALVIVINo9MaJeAOUIINuoljew.oyapjejuawWayedap16|euoibala21AI8SNPayayd'|ADDSS2IASSnpjoyoneajulolpe'alaJASXNYANONSIASUNJAO000\u00b001M8SNpJoUS'ITTIINHLYT943\"N.adosnpJulofpeunajoalip'NYINDYIAPireq'Najulolpe\naje1oue6a11816190S'NOAVHD3wyWJesouabs1181919008'TINUSIUOQ\"INJejuowoyedapunwwodje1oue\u00c9jelelaloasnp99159110'139H3GSIJeuzeNouIN\nLHA\nenbiydse1e1yInepijeaanbjuezusSsIE1;apsjele19UOISSIWIpsaiplo'yuswaoe|dopopsIes--1dSNYOHOIOP814PE99]SUEG\ndOg\nPr\u00e9fecture de la C\u00f4te-d'Or - 21-2025-02-21-00003 - Arr\u00eat\u00e9 pr\u00e9fectoral N\u00b0 326 / SG du 21 f\u00e9vrier 2025 donnant  d\u00e9l\u00e9gation de signature\nen mati\u00e8re de gestion des budgets op\u00e9rationnels\n104-111-112-113-119-122-124-129-135-137-147-148-161-163-172-181-206-207-209-215-216-217-218-219-232-303-348-349-354-357-362-363-3\n64-380-723-754-780-833  des fonds europ\u00e9ens et des recettes non fiscales et annexe\n28\nCTabed\nLYVSNASINOT'N'OYVH-30pnem}\u00a9'JHOI4onbluoN'HAONVHOSdUaINeTLONNHL\u00b0UIEWN'INSNOHaueinel'\u00a53ILNVHalje1079sowepseW:4SsopuOIJeIIIUOO19VQSsepallejnwiio4SnIOYIsuepaisIeSsHYejodepayeyo'1ONIATHL91/03SHYIoWNsoulewnyS82JN0SSaJsop9ISnpeyoyoe|eJuiofpe'AIYATDSEWOUL'NsaulewnySo01NOSS91SOpaPaYd'ALVIVINoMojeAsw|aoosnpjulolpe1na10911P(NVANODYIAPIAEG'IJejyuoweyuedapunwwod[esgudbjele)elasgnp20430910'13939dljeyieNMMN\n3005>xnesdipeusallejouoysopjuowa|Ba1910(suonesen'euolqnd'so|jesUOIJEIO])SINODUOOSOpuoljesiueblo|Jnodsayje081ap10sasuadapapsuoIsideq__SeuleunysesInosseisopesiAI8S\nSNHOHO[euoibalsobeuedsooiuesapenjueonpajgesuodselneajulofpeXNVFINZANOroUIj99owWNSNYOHDJeUOIbe:sobeyuedseoinesopaJjusonpejgesuodsey'LOI44VOAPP3'N'd39SnpjuiolpeinsjoalipNVINOYIAPLAEG\"N|ejuswapedapunwwodjeigue\u00c9jeleleinsgnp0011302110'139NIGaljeyieNswyJN8|BA-UOUueSUOISSIWPES3|-JUOWBJANOIE!ueasiwJnodsaoueasosapJijenjdedssl1810-senbibojoayosessouenapasapsjuswanalbopsop'JuswauuoliAuSdsuoleubisuodsop19sallejuswilesuoisuadsap'segjosyeS9|eosl)SOXE]Sop'exauueajuesaJdgope1]1]USS9SIA4Ogseopuondaoiadapse|\ndOg\nPr\u00e9fecture de la C\u00f4te-d'Or - 21-2025-02-21-00003 - Arr\u00eat\u00e9 pr\u00e9fectoral N\u00b0 326 / SG du 21 f\u00e9vrier 2025 donnant  d\u00e9l\u00e9gation de signature\nen mati\u00e8re de gestion des budgets op\u00e9rationnels\n104-111-112-113-119-122-124-129-135-137-147-148-161-163-172-181-206-207-209-215-216-217-218-219-232-303-348-349-354-357-362-363-3\n64-380-723-754-780-833  des fonds europ\u00e9ens et des recettes non fiscales et annexe\n29\n\u00a31obed\nO\u00a5VH-3dPNEWN'1\u00a5YSNQSINO]'Y014onbiuow19YIONVYHO22uaine]'INSNOHoUB1NEWHIILLNAVHdljelo)!4SsopUoNeOIyIUOI19YGsopailg|nwio4SNIOUTsuepaISIESJeyry-106pngaoinlegnpjayonpajulofpy'LONNHLduniepwINJeusy\n--o6pngeo1ue5npJoys'FNNOHANUduesr'NseuleuInyS82IN0SSaJsop92IAISSnpayayoe|ejuiolpe'AJYAIOsewoy'NsaulewnyS92JN0SSalsopeyous'ALVTVINouajeASWados\nnpJulofpe1na;0811P'NYINDYIAPIA@G'Najuiolpe9|elauab2118101908'NOAVHDdjjowyswWpJesue6allejpiossTanugsiueg'NJeyuowayuedapunwwodje1eus\u00c9jeueeloagNp8013}00110'139NIGSIJEUzENswy_Juejuou8]Osanb|anbJie;821A18SapuoIJeouISO:sallelbe)ssopsuoneouInes6'xnesipawsallelouoysapjuswajbal9|'(suonesen'@Ho11gnd'sojjesuoljeo0|)sinoouoosepuonesiueblioHYayiANde,|BsoaI|sosuedag\nJUVSNGSINOTW|OUVH-30PNEWN}\u00a9'FHOI4onbluON'YAONVHDS0U81NETLONNHLSUILIEWN'INSNOHauelnepy'HILLNVHSIJe109sswepsajy-C0OSNPJulofpe1n915811PNVAINDHIAPIABQ\"IN:1SSopUoneolyIUSO19VQsopallejnwio4snioy)suepaisiesajuiolpe9lesgugba11819150S'NOAVHDdjjowyawpy|eJpuabe11e1e1008\"JaNNGsiued'NJejuowoyedapunwuoo[elaugbjelejainegNPp00199110139Y3GoIjeyzeNswy3000Se>se1e091op1esasuadapapsuoisivaq\ndOg\nPr\u00e9fecture de la C\u00f4te-d'Or - 21-2025-02-21-00003 - Arr\u00eat\u00e9 pr\u00e9fectoral N\u00b0 326 / SG du 21 f\u00e9vrier 2025 donnant  d\u00e9l\u00e9gation de signature\nen mati\u00e8re de gestion des budgets op\u00e9rationnels\n104-111-112-113-119-122-124-129-135-137-147-148-161-163-172-181-206-207-209-215-216-217-218-219-232-303-348-349-354-357-362-363-3\n64-380-723-754-780-833  des fonds europ\u00e9ens et des recettes non fiscales et annexe\n30\nTobed\n1\u00a5VYSNASINOT'OYUVH-A0PReN'FHOIAonbluoN'LONNHLUEN'FYAGI43Telydos'10AYVNNOS\u00a9/jonuewws:4SsopuoneouIUeI19VQsopeulEJnWIO+SNIOUIsuepalsiesJejuoweyedapunuuooje1eue6jeue10ITOSnpJulofpeunsjoalip'NYIANOYHIAPIACG'NJejuawauedepunuwuvooje1aue\u00cbjeue)elnesnp00130010'139NIGSIJEUJENswiy3000Se>uojew.loje|esonlJe|e1seperelap10sasuadapapsuoisiDeqJUA9343TalydosXNVANONSAG2NAS'AFOYINouvalge4'3T1INHLVT943'LOQCHYNNOGoJjonueww3W\\:4SSopuoIJeai;IUeI19YQsopallejnwlio4SN1OYFsuepalsiesJeuIge9opinapeaIlp'J1LSYIOJ8!AIO'Nejulofpeojeseue6a1le1e1I0S'NOAVHDo[jouryouJesguebaulejoIonsTANUISIVOQ'Iuoljew.oye|esenIJe|eJsoyoIe1ap19sasuadapapsuoisIDaq\ndOg\nPr\u00e9fecture de la C\u00f4te-d'Or - 21-2025-02-21-00003 - Arr\u00eat\u00e9 pr\u00e9fectoral N\u00b0 326 / SG du 21 f\u00e9vrier 2025 donnant  d\u00e9l\u00e9gation de signature\nen mati\u00e8re de gestion des budgets op\u00e9rationnels\n104-111-112-113-119-122-124-129-135-137-147-148-161-163-172-181-206-207-209-215-216-217-218-219-232-303-348-349-354-357-362-363-3\n64-380-723-754-780-833  des fonds europ\u00e9ens et des recettes non fiscales et annexe\n31\nGTabedOWUVH\n30PNEWNYFONVYHcoua1neT'JYAGI4T]alydos'LOQHVYNNOGS[jonueww3sewepseomwLADOOS0IA8SNPJaydFTIINHLVT943'Nd390S\nnpJulofpe1ne10811P'NYINOYIAPIAEG'NJejuowayedapunuwooje1Ue\u00c9jeuejoinegNp20199110139W3Go!jeyzeNnouIWUoneullo;op|eyuswapedap10JeuoIbes821AI9SNpayaydLADDD\u00b001N0Snp19YIneajuIofpe'@IAJASXNVANONSAGeWWLHAenbiyo1e1e1yJnapljeAanbjue;u9sinajewlo}sepayonoqopslel}xne}eJuswabiagay,|e16spodsuel)xnesaAlje|alS91199819P]9sasuadapopsUOISIISC:1GSNHOHISP84pe99]sUEGLADO980IAI8SNPJous'FTIINHLVT213'Iaoos\nnpjuiolpe1n910211P'NYINOYUIAPIAEQIJejuewoyedapunwwooJe1eue6jeueleiosgnp\u00a901}09110'139HIGSIJeuJENswyUoneulo|op|ejuswapedsp10[euolbals01A10SNpayaydLADOD921AI8Snp1oy5neajulofpe'@IA|ASXNVANONSAGOWNjuewaublesue,pseyuwepuixnesyeje1sSJyuSWNIOQ\n\"OdVH-30PREN'LYVSNASINOT'LONNHLaunepy||JeyoV-Jobpngeo1uesnpjeu>'FNNOHANYduear\"IN34193431alydos'LOQHYNNOSE9jjonueww:4SsepuoneoyIeI18VQSsopallejnwiosn1OYsuepaisiesUoIJeul1o;op|ejuswauedsp19Jeuo16e180110sNPayoys'LADID99IAI8Snpjoy0nesjuiolpe'aInJASXNVANONSAGSUNojuiofpeeJe1QUE\u00c9s1121915008'NOAVHDSjjouyowINJesgue8e11219100s'Tanugsiveg|LAOO9O891N6SNpJOUIITINHLVT9433000LE>UOIJEulIO;e|eSoAIE|91SS9091SP19sasuadopapsuoisideq\ndOg\nPr\u00e9fecture de la C\u00f4te-d'Or - 21-2025-02-21-00003 - Arr\u00eat\u00e9 pr\u00e9fectoral N\u00b0 326 / SG du 21 f\u00e9vrier 2025 donnant  d\u00e9l\u00e9gation de signature\nen mati\u00e8re de gestion des budgets op\u00e9rationnels\n104-111-112-113-119-122-124-129-135-137-147-148-161-163-172-181-206-207-209-215-216-217-218-219-232-303-348-349-354-357-362-363-3\n64-380-723-754-780-833  des fonds europ\u00e9ens et des recettes non fiscales et annexe\n32\n9TobedLUVSNASINO\"]'OYUVH-30PNEWNFHOIAonbluowHIONVYHS9US1NETLONNHLSUIHEINN\u00ffanooIjoges|YIITTIEN2ul2DNINITINAo9U810|4SOWUEPSOWN!JSSOpUOIEOIyIUOO18Y@Sepallejnwio4snioyysuepaisiesJeyoy-}ebpng-g921AI8SNpJayd'FNNOHANUHduesr\"'SYASNpayeyo'NININDoIjoges|swyco_umEgoh_op_\u0152\u00cb\u0152E\u0152\u00cb\u0152Q@U1o_mco_mm._o01M\u00a9sNPajjayd,._,>00muo21M8SnpJoyoneajulofpe'aIAJASXNAVANONSAGUMN_aoosnpjuiolpe1n910811PNVINDHIAPIAEG'Nd09Snpo0U15811p'139439oijeyzeNouNLAOO9O\u00b001M6SNPJOUI'ITIINHLVT943\"INUOIJU@AA1dapauldepeu|B16ajeldOSuoljoe,|ESOAIJEjO!sasuadapapsuoIsIDaqJEC9p a01A19\nelydosawp'LOQHVYNNOG\u00eaIjenueww3swpyLADO9\u00b001NSnpJous'FTTIINHLYT943Wd29S\nnpjulofpe1na10911P'NVANDHIAPIA\u20acG\"NJejuoweayedapunwwooje1sue\u00c9jeueIOIIOSnpe04}09110'139H3GalleyleNouIN3YA93431LAODOOS01M6SNpJOUDFTIINHLVYT943\"INJjuejuow9|IOSanb|anbJIe;821AI8SapUOIeOI;IUSO:UOIJEULIO\ndOg\nPr\u00e9fecture de la C\u00f4te-d'Or - 21-2025-02-21-00003 - Arr\u00eat\u00e9 pr\u00e9fectoral N\u00b0 326 / SG du 21 f\u00e9vrier 2025 donnant  d\u00e9l\u00e9gation de signature\nen mati\u00e8re de gestion des budgets op\u00e9rationnels\n104-111-112-113-119-122-124-129-135-137-147-148-161-163-172-181-206-207-209-215-216-217-218-219-232-303-348-349-354-357-362-363-3\n64-380-723-754-780-833  des fonds europ\u00e9ens et des recettes non fiscales et annexe\n33\nLTabed\n(30061e,nbsnf)jeyoy-106pngeoiniegnpjoyoneajulofpe'LONNHLSuiJe|yUN(300SLe,nbsnf)jeyoy-Jebpng01esnpJoyd'FNNOHANWduesr'N(30006e,nbsn!)a99SnpJjulofpe1n910811P'NYINDYUIAPIAEG\"N.(3000Se,nbsnf)Jejuoweyedapunuvwoojesue\u00c9jele}einssnp29198110139Y39SIjeuzeNouINejuiofpeoJelguE\u00c91181910088'NOAVHD2l|swyumJesguebe1le1e100S\"TINNGSIU'NuonuanglidapsuIdepauE|B18aje1dOSuoIoe,|BSOANE|O!sesuadapapsuoisipeq\ndOg\nPr\u00e9fecture de la C\u00f4te-d'Or - 21-2025-02-21-00003 - Arr\u00eat\u00e9 pr\u00e9fectoral N\u00b0 326 / SG du 21 f\u00e9vrier 2025 donnant  d\u00e9l\u00e9gation de signature\nen mati\u00e8re de gestion des budgets op\u00e9rationnels\n104-111-112-113-119-122-124-129-135-137-147-148-161-163-172-181-206-207-209-215-216-217-218-219-232-303-348-349-354-357-362-363-3\n64-380-723-754-780-833  des fonds europ\u00e9ens et des recettes non fiscales et annexe\n34\n8Tabed\n'O\u00a5VH-3apnep1\u00b0'LONNHLUEN'JYOI4onbluoN'YIDNVYD92uaine]'YIITHNLoug|oHseuepsemW:4SSopuolesyIuad18Vsope1lepnw104SNHOHOsuepaisiesJouIgeo8pine1Da1lp'F1LSHIH191AIO\"INajuiolpe9|elouab2118191908'NOAVHDdjjawyswp|leJou9baule19100sTINnYgsiueq'Nsoyere1ap10sasuadapapsuoisiDaqSINOT'WN'O\u00a5VH-3dPNEwN1\u00a9FHOILAanbiuopyYHJONVHO99uaineT'LONNHLdunJepYIITYNL\u00b0U2/9H'NIXINDS119ges1YIIONuII90'NINFTIINA\u00b09U810/4soWEPSOMWN:4SsepuoneoyIUes19VQsopaJiejnuiio4snioyDsuep2ISIESSvas\nnpjeyosjuiolpe'NINATIINA\u00b09U8104SUNJeyoy\n-e5pngeouuesnpJoyo'INNOHANYdUesp'N'-UOIJeulo;apjejueuIsUedap1@Jeuoi6e120110sNpayoys'LADID0iNOSlavsna\nnpjoyoneajulofpeXNVANONSAGSlAj\u00c2SouINJejuewauedapunwwodje1suebjeuelainsgnpJulofpe1n319911G'NYINDYIAPIAEG\"INJejueweuedapunwwodje1sue\u00c9jeuejOILTOSNp921308l'13DYIGoIjeyzeNswpLAOOO82IAI8sNpJaydITIINHLYT943\"IN|Osanb|anb}ie}ao1AI8SapuoIJeJe]SUOI:UONU@AA1dapauldepeu10J[BID0SUONOY\ndOd\nPr\u00e9fecture de la C\u00f4te-d'Or - 21-2025-02-21-00003 - Arr\u00eat\u00e9 pr\u00e9fectoral N\u00b0 326 / SG du 21 f\u00e9vrier 2025 donnant  d\u00e9l\u00e9gation de signature\nen mati\u00e8re de gestion des budgets op\u00e9rationnels\n104-111-112-113-119-122-124-129-135-137-147-148-161-163-172-181-206-207-209-215-216-217-218-219-232-303-348-349-354-357-362-363-3\n64-380-723-754-780-833  des fonds europ\u00e9ens et des recettes non fiscales et annexe\n35\n6Tabed\nSNHOHOJeuoIbe!sobeuedsocimesapoIjusonpajgesuodselneejulofpeXNVIONJANOFoUIj9ISUN_OUVHZGpnew\u00a9HAONVYS22uaine]souepsom|\u0152co(-..._\u0153mv:m_o01AJ9SNpJ9YDNPSJUIO[PV'LONNHLoUBJEWUN.adosnpjulofpeunajoalip'NYIANDYIAAPiAeq\"IN\nJeyoy\n-e6pngeouesnpJoyo'FNNWOHANHdUear'Nsinezesinsopo0UBE]SISSE,|SP91111NE[eD0]INOJEISIUILUPE'FG\u00a3dOGnpsalieuuonsabuonepijea'LHA@nbiyoJelalyJnapljeaonbjue;ueayosnoqapSsies;xne19Juswabiaqay,|e'spodsuel;xnesonne|e!se18081ap18sesuadopapsuoIsINa(]:LASN10YyIapaipedosueqgJUVSNASINOT\"INl'OUVH-AGPNEWN19FHOIAonbiuoN'YIONVYO@9uaine]seuEpsouN:4SsepuoneoyIUes19Y@Sepallejnuwio4SN10YsuepaisiesLONNHLsuileySUN\n3005e>seyera1op18sasuadapapsuoisiDeqLHVSNAsino'N''O\u00a5VH-3APneN18LONNHLOUILEN'JYOI4oNbluONYIONVHDo0uU91ne7TsoWepseuN:4SSopuOoIJed1IUOI19YsepallejnwioSNIOUNsuepaISIESJeyry-106pngasinlesNpJOYDnpSJUIO[pY\"LONNHLduiJepyoWN\nJeyoy\n-}ebpng01esnpJoyo'INNOHANUduesr'NSOUJS]U|SSOINJOS18Jaljigoww|'enbns607eo1nesnpJoU9'IGTVHAdJ\u00b01P1G'N|300SLe>se}H2281ap19sosuadapapsuoisioeqLHVSNASINOT'N'OYUVH-AGPnem1oLONNHLUIEN\"FJYOIAonbluoNYAONVHOSIUA1NETSOUIEPSOIN:JSSOpUONEDIILOO19VQsopallejnwio4SnNI1OYNsuepalsiesJejuswsuedapunwwodje1sue\u00c9jeuelainagnpJulofpeunajoaligNVANDYHIAPAEG'NJejuowauedapunwwodjeseus\u00c9jeue}oinagnp804}00:10'139NIGdljeyieNawp3000Se>ses291op19sosuadapapsuoisiDeq\ndOg\nPr\u00e9fecture de la C\u00f4te-d'Or - 21-2025-02-21-00003 - Arr\u00eat\u00e9 pr\u00e9fectoral N\u00b0 326 / SG du 21 f\u00e9vrier 2025 donnant  d\u00e9l\u00e9gation de signature\nen mati\u00e8re de gestion des budgets op\u00e9rationnels\n104-111-112-113-119-122-124-129-135-137-147-148-161-163-172-181-206-207-209-215-216-217-218-219-232-303-348-349-354-357-362-363-3\n64-380-723-754-780-833  des fonds europ\u00e9ens et des recettes non fiscales et annexe\n36\n0zabed\nLYUVSNAsino'N'O\u00a5VH-3apnep1oLONNHLUEN'JYOI4oNblUON'HFONVHO92uaineT]sawepsa)\\:4SSopUOIJEOI;IUOI19VGsopaJle|nwioSNIOYIsuepaisiesSOUJSIU|SOIIAIOS19JOI]IQOWIWI'enbns:Bo7oo110SNpJayd'\"IGTVHAdJ91P1QNd29S\nnpJulofpe1na10811PNVANDYIAPIAEQIJejuowayedapunwuioo[esausbjeuejAIIOSnp2011599110'139339SIjeuzeNouIN30061e>sojera1]esesuedapapsuoisioep:obe1egJYUVSNASINOT'N''O\u00a5VH-30PNeR12JFHOI4oNbluONYIONVHOoouaine\"]sowrepse:4SSopUOIJeOIILOI-18VGsopaJle|nwio4SNIOYIsuepaisiesjey9y-1e6pngo01u0SnpJoysnpajulofpe'LONNHLduilepUINSOUJSJU|SSIIASS19Jaljiqoww|'enbisibooolmesnpjuebe'LINJAFHL40!IP1GJaljiqowwi910opjousneajulofpe'NOTNOLaule|siysoWINJo1igowwIajodNpJayd'INIHVYEW'Nddos\nnpJulofpe1ne19911P'NYINOYIAPiAed\"IN\nleyoe\n196pnqg011esnpJayo'FNNWOHANUduear\"INSOUJSIU|SSIIAISSJ\u00a9JOIIgOWIW]'anbysiboTso11esNPJayo'IGTVHAd4\u00b0IP1G*Njuejuouwl9|Jlosanb|anbJ184@218Sapuone;e1SU07\ndOg\nPr\u00e9fecture de la C\u00f4te-d'Or - 21-2025-02-21-00003 - Arr\u00eat\u00e9 pr\u00e9fectoral N\u00b0 326 / SG du 21 f\u00e9vrier 2025 donnant  d\u00e9l\u00e9gation de signature\nen mati\u00e8re de gestion des budgets op\u00e9rationnels\n104-111-112-113-119-122-124-129-135-137-147-148-161-163-172-181-206-207-209-215-216-217-218-219-232-303-348-349-354-357-362-363-3\n64-380-723-754-780-833  des fonds europ\u00e9ens et des recettes non fiscales et annexe\n37\nTZabed\nLHVSNASINO]Inajsuopy'OUVH-30PREWN'FHOI4oNblUON'YAONVHDooue1neTsoulepseiN:4SsopUOIJeIILIUOI19Y@Ssepallejnuwiio4SN1OYIsuepaisies(30061e.nbsnf)yeyoy-jebpngsoiuesnpJoyonpajulolpe'LONNHLoURENUIN(300Ge.nbsnf)jeyoy-Jobpng01esnp1040'FNNOHANUduesr\"IdODS\nnpJulofpeunajoaulp'NVYINOYIAPiAeq'N[eyuswapedspunuwooje1eue\u00c9jeleeinsagnpo0U2110139Y39oIjeuzeNouIN3000SE>OISAISneSoAlje|als9110981op10sasuadapapsuoisipeqLUVSNASINOT'N'OYVH-AGPneuw1oLONNHLSUIIEN\"FHOIAoNbiUONYAONVHDooua1neTsowepseaiN:4SSopUOIJEIIIUOI19Y@sepallejnwiio4SNIOYIsuepaisiesJouIgeoopJnajoalip'J1LSHIDJ9IAIO\"IN.ajuiolpe9lesouaba11e19150S'NOAVHDdjjawysawyLUVSNASINOT'NOXVH-3GPneuN1oLONNHLoUIEWN\"FHOI4onblUONYIONVHOo0UA1NETSOUIEPSO|N:4SSOpUOIEIUIO19VQSopallejnwliosnioy)suepaisiesRLeYSeBLtBERsm\nJeyoy,\n-ebpngeovuesnpJoyo'INNOHANYduesr'W|d29S%E_o.__oms\u00e6oe__o_:<..._zwm..._>u_>8.s_[eJou9be11e19100sTINUGSIUOQ'NSOUJESJU]SOIINJSS19JOI|IqOWIW]'anbysiBosoesnpJou9'IGTVHAd19IP1G*N3000S<OISAISnesenIe|e1sejedalap10sesuadapapsuoisiDeqjuejuow3jIOSanb|enbJie;@21A18sNpuoneoyued:abeles\ndOg\nPr\u00e9fecture de la C\u00f4te-d'Or - 21-2025-02-21-00003 - Arr\u00eat\u00e9 pr\u00e9fectoral N\u00b0 326 / SG du 21 f\u00e9vrier 2025 donnant  d\u00e9l\u00e9gation de signature\nen mati\u00e8re de gestion des budgets op\u00e9rationnels\n104-111-112-113-119-122-124-129-135-137-147-148-161-163-172-181-206-207-209-215-216-217-218-219-232-303-348-349-354-357-362-363-3\n64-380-723-754-780-833  des fonds europ\u00e9ens et des recettes non fiscales et annexe\n38\nzzobedaoos\nnpJulofpenajalip'NYINDYUIAPiAeq\"INOd0OSNP9duUPalIp'139439Wejuiofpeoje1oue6a11e10150S'NOAVHD9/jowuyouvNJe1gue6aueje100sTaNnugm_:on_s_-OIsaIs\nnpjeyonequiofpe'aquvgOoran-ueap'No]ijeuolJeuE]ap18CO_..._.\u0152\\_\u0152_EE___opInspalip'AFHLNVOUonseqes1naISUOINOISIGSNPjoU)'LOI\u0178Eo\u00e2sm\u00eao-\u00e4o_.N)i}S0IAJSSNPUOIJEDI;IUOO-S9)}909.ap1osesuadapapsuoisiIap:Inezoau1pnpuonejueseudasapsie1-mw:a_ccomu\u0153cozc\u0153?_wE_Usyodde119saydi4\u2014UOSIEJAI|apSUOGLYUVSNASINOT'N'OYUVH-AGIPnewN1\u00a9FHOI4onblu\u00f4N'YHFONVUOdouaine]YIITHALaug|oHsewepsem:4SSopUOIJEOIIUOI1@Y[sepaliejnwo4sn10YsuepaisIeSsnpJoydNpazulofpe'LONNHLeunseNuNJeyoy\n-jeBpNng201AISSNP49y0'\"ANWNOHANNdUESFWolsals\nnpJayonejuiolpe'ayvaoron-uesp'|Jeyoy-jebpngaoinleg|OISIASNPJ240'LOIXGaydoysuyd-uesp|yJuBjuUOW8|IOSanbjonb'0ISAISNeJejaljIe;32IAISSapUOKEJE}SUOD)LYVSNAsino'N'OUVH-3Gpnen]eLONNHLeUIIEN'FHOI4enbluoN'YAONVHDo0Ua1ne7souIepsemN:4SSopUOIJeIILILUOI19Y@sepallejnwiio4snioy)suepaisiesnpjeyonejulolpe'auvaoron-ueap'NOISIASNPJOU5'101MgoYdoISLUYI-URSr'N300Ge>OISAISnesenne|almmz\u0153o\u0153._p1osesuedapapsuoisiDeq\ndOg\nPr\u00e9fecture de la C\u00f4te-d'Or - 21-2025-02-21-00003 - Arr\u00eat\u00e9 pr\u00e9fectoral N\u00b0 326 / SG du 21 f\u00e9vrier 2025 donnant  d\u00e9l\u00e9gation de signature\nen mati\u00e8re de gestion des budgets op\u00e9rationnels\n104-111-112-113-119-122-124-129-135-137-147-148-161-163-172-181-206-207-209-215-216-217-218-219-232-303-348-349-354-357-362-363-3\n64-380-723-754-780-833  des fonds europ\u00e9ens et des recettes non fiscales et annexe\n39\n\u00a3zabed1ey9y-166pngo01A0SnpJeyInpsjulolpe'LONNHLduiewNxneiljua;u09a]odnpayoyo'UOne1BazuI10UONEIBILUWISOIAISSnpayayde|eejulofpe'F11VATAGduuyswpuoIJe1Bezur10uonelbiwiwlS0IAJSSNPa8yITTINVNSUIj9ISUNejuiofpe\nolelauaba11810150S\"NOAVHOojjowuyourINoyJeuoIeue;apjeVonesblwuop1ne,0911P'AFHLNVOUonsEeges1naIsuomsejaldiajul-sinajonpel)opSUOIJEIEASO|INOdJIE;92IAI8SOpUOINEOIIUOD19se110981ap19sosuedapapsuoisi9eqJe19ue6a11e10100S'TFNUGSIUOG'NJEIBILILILP991AI05opojgesuodse:npjuiofpe'I1yyZouIjoj879OIMNuoljesijeinjeuawJojajeldEjopojgesuodse1'YJ|ITTINHL@ydoisuy)uearINxnenua;uo9a]odnpayoyo'UONesBaquI16uonelBiwwiSOINUSSnpayeyse|eajulofpe'FT1VATAGsuuyouINuone1BezuI16UonesBiwwsolesNPayeu'ITIANVINU199swyejuiofpeajessue6a11e10190S'NOAVHOSO|JjouryWJesoue\u00cba11e1910081INSIUOG'NuolnesijeinjeuawJoyae|dejoyjeuoijeue|op1@uoneibiwwi|ap_:\u00c6o\u0153.__v'AGHLNVDuaiseqasJNaASUOsies;apsjeJe10UOISSIWSPSe1PJO:UonoallpE|opsjuobesepejquesue,|JnodJuswaoe|dopapsies-:1dSNHOHD8Po1pe93]sueq\ndOg\nPr\u00e9fecture de la C\u00f4te-d'Or - 21-2025-02-21-00003 - Arr\u00eat\u00e9 pr\u00e9fectoral N\u00b0 326 / SG du 21 f\u00e9vrier 2025 donnant  d\u00e9l\u00e9gation de signature\nen mati\u00e8re de gestion des budgets op\u00e9rationnels\n104-111-112-113-119-122-124-129-135-137-147-148-161-163-172-181-206-207-209-215-216-217-218-219-232-303-348-349-354-357-362-363-3\n64-380-723-754-780-833  des fonds europ\u00e9ens et des recettes non fiscales et annexe\n40\n\u00a2abed\nuonejuswalbalg|ap18suoIDe|esopneaunqnpJoyo'ISSNONE241e|DWso|e9O|SSyAIOE|OIsopneeunqnpayayd'ILMVHT3ejipeduNajurofpeoje1oue6a11819150S'NOAVHDdjjowyuNJesgu96a11e19100S\"TONUHGSIUOG*Nsuone|eSap10S9|ed0|SoyANDE|OIseop1n@319891IP'INVTIINONT-UEOrINGISUOINsieJ!opsIeJe19UOISSIWSPSOJP1O:uonodalIpe|opsjuobesepejquesue,|Jnodjuewere|dapapsie1--1dSNYOHD9P81P229]SUEG\naoos\nnpJulofpeunajoalip:<m_zmum_m>pIA\u20acG\"INOd00SNp201}5211p'139Y39wwojulofpe\noJe1gue62118181908'NOAVHDojjowuyouriN...\u2014mco<.\"wm_u:m_wo_E\u0153wnp_w_._onpajulofpe']ONNHLSUIMBNSUNXNONUEIUOD919dnpaysyo'uoneibayul16UONEIBIWWISOINSSnpayayde|eajulolpe'JTTVATIAduuyuNuoielbalul18uonesbiwwiolnIesNPoyous'|TIANVINouIj9ISWw\u0153E_o._vm9|esaugba11816100S'NOAVHDS|joWyouINJeseue6a11210100S'JINHGSIUOGIN_\u0152\u0153c\u0153mm__m..._\u0153_o\u0153m._..._:mmm.:cos_asse[os10Yayoeye'INV1INdnJ-uesrINOISUOINoyjeuoeue|ap16uonesbluu|p1nezpeup'AFH1NVOUeI1seqes1InoISUOIN18J90IAISSNPUOIJEOIIUOO-see021ap]esesuedepapsuoisiDep:IN919811pnpuonejuese1desapsies-JeD0AE,psuolje}saldxneSINODE1SPSUOISIIAG\ndOg\nPr\u00e9fecture de la C\u00f4te-d'Or - 21-2025-02-21-00003 - Arr\u00eat\u00e9 pr\u00e9fectoral N\u00b0 326 / SG du 21 f\u00e9vrier 2025 donnant  d\u00e9l\u00e9gation de signature\nen mati\u00e8re de gestion des budgets op\u00e9rationnels\n104-111-112-113-119-122-124-129-135-137-147-148-161-163-172-181-206-207-209-215-216-217-218-219-232-303-348-349-354-357-362-363-3\n64-380-723-754-780-833  des fonds europ\u00e9ens et des recettes non fiscales et annexe\n41\nGgabed\nANYOHauiydjeq19ISSNONE21119SSWIA\u2014LONIA943\"N:4SSopUOneo|IUeI19VQsepaliejnwio4sn10Y7suepaisiegso|e90|SOUANDE|OIsopneaingnpayayo'ILMVHT3Ejipe4swyuonejuawa|balejop16suoIDE|esopneainq:uJeyoneejurofpe'ANHOHou1Ydjogswpco;mEmEm_mEe|op1@suoIJoe|esopneeinqnpeyoys'FSSNONG2811819oWWNsuonoa|esop10S8|ed0|SoyANDE||OIseop1n@919811P'INVTIINONT-UEOfINGISUOIN}e;921AI8SapUoIeIILIUOO10opuebedo.de|apabeyoiyepsiesssep10'sinowlsdwIxnenosjepipuesxnespuebedoudapslel}sopJuawasinoquialspsuoIsIDaqANYOHauiydjeq1oISSNONS911219SSWA\u2014LONIA943\"I\\:JSSopUoneo|IUeI19Y[Ssopa11epnu11O4Sn1OYIsuepaisiesOISAIS\nnpJoyonejulofpe'auvaoronT-veer'NOISAISNP240'LOIYgoydozsuYI-veor'Nsaje9Oo|seyAIIO|OIsepneaingnpa4oyd'ILHVHT3ejipe4umuonejuaws|bale|ap10suonDe|esopneaindnpjoyoneajulofpe'ANHOHeu1ydjeqowmuonejuaws|bale|op16suonIe|esepneeunqnpayeus'ISSNONHE211819swiysuolj5e|eSap10S8|e20|SoyANDO||OIseop1n@319911P'INVTIINONT-UEBOfINOISUOINsesJ9AIpSuOoIDde|esopuonesiueblo|esellesseoeusenbiuouda|ja;seubI|sopuOIze|je]suI,|esyyejalsiel}sa|INOdey92IA19SNpUOoIjeaI;IUS010sosuedapapsuoisideqANYOHaulydjaqg16ISSNONG911819sowlN\u2014LONIA943\"N:4SSopUONeIyIUOI18Y@sopa1iepnuIO4SNIOYIsuepaisies-$3|B20]|SQUAI0S||02sopnee1nqnpayayd'|LYVHT3ejipedswpyuonejuswsa|ble|op10suoIJDEIesopneainqnpjoyonesjulolpe'ANHUOHou1ydjeqswiyuoIrejueWae|Be:e|op10suoNnOg|esopneeunqnpeyeys'FSSNON211819oWWNsuolde|eSap10S8|ed0|SOyANIO||OIsep1n@10811P'INVTIINONT-UEOr1NOISUOIN(eoiesapa1leJe]seud'sojjonuepIse1dsa|Jnoda}0AapsuIJa|Inq'SBSISAIPSUOIJEIO|'Xne1o]98|9sjuauINnIopapJuswaulwayoe'seulsdwI)suonde|esojuaIA;IPsopojjoLajeuuonesiuebio|espyejal(senbiuoudea|e)saubi|sioy)SIE1;SO|INOdJILSOINUOSNpUOIJE]E]SUOI]\u00a9SosuadapapsuoIsi9aq\ndOg\nPr\u00e9fecture de la C\u00f4te-d'Or - 21-2025-02-21-00003 - Arr\u00eat\u00e9 pr\u00e9fectoral N\u00b0 326 / SG du 21 f\u00e9vrier 2025 donnant  d\u00e9l\u00e9gation de signature\nen mati\u00e8re de gestion des budgets op\u00e9rationnels\n104-111-112-113-119-122-124-129-135-137-147-148-161-163-172-181-206-207-209-215-216-217-218-219-232-303-348-349-354-357-362-363-3\n64-380-723-754-780-833  des fonds europ\u00e9ens et des recettes non fiscales et annexe\n42\n97obedsoje90|SeyAIDE|OIsopnea1nqnpayayd'|LYVHT3Ejipe4owINuonejueWea|Ba:e|op16suonDajeSapheainqnpjoyoneajulofpe'ANHOHeurydjegumuolejueWe|Be:e|apesuonde|esopneeunqnpayous'ISSNONE211\u20ac19UIMSUOIJ09|9Sap10SeJBIO]SOYANDE|OOseop1n919911P'INVTIINONT-UESfINa1SUOINsejeuojeuessuoI;99/3-Juswaoe|dapopsiel}sopjusWesInoquel3|JnodJie;99IAISSopuoIe;e]SU07N\nILYVHT33INWN19ANHOH2aulydjeq'3ssnoygS11E/9soulN\u2014LONI49143\"N-JSsepUONEIIIOO19YsepaulejnuIO-SNIOYNsuepaisiesse|e9O|SOyYANIO||OIsopnea1nqnpayayd'ILYVHT3Ejipe4swpyuolzejueWa|Ba1e|apesuonIaIesepneaunqnpjaydneajuiolpe'ANYOHeu1ydjoqswpuoneyuswsa|b91e|op1@suoIjOaIesepneenqnpayeyo'FSSNONG\u00b011819oWWNejurofpeeJeiguebe11e19190S'NOAVHD91jouryawyJesgua6a1119100S\"T3NHGSIUOG'NSUOI}09|9sop10S8|B20|seyANDA|ODseopJnajoalip'INVTIINONT-UBOrANOISUOINsuoiJoe|esopuonesiueblo,|apalped8|sueprdOsep19SUOISSIWWIODSOSIOAIPSOpsaiquiawsopuolesiuwepuI,|BseaIjejesJIe;01NOSNpuoneoIIUeI19sasuadopapsuoisiDag-HEJS0IAIOSNPUoIJeoIJILIOO10(Soje1OIIGISSOISI|SOPJuswassi|gel?'soyonbne'souIn'sojquesse,pSIEJ})saunwwooSa|JedsabebussIesJsopJuswasinoqwalspsuoiIsiIag-\nAN\u00a5OHaulydjeg19ISSNOUGadie|dSON\u2014LONIA9143\"IN:4SsopuoneoIIUeI18Vsopallejnwlio4snioyysuepaisiesS9|B20]|SoyAIDA||OIsopneainqnpayayd'|LYVHT3ejipe4swyuoljejuewa|Ba1e|ap10suo\u00cfa|esopneainqNpjousneajulofpe'ANYOHaulydjagawyuoIJejueWa|Ba:e|ap10suonIejesopneeunqnpayous'ISSNOUG211819WNSUOI}03|9sop10S9[B20|SOyAINDE[ODsop1n91081IP'INVTINONT-UEOr1NO1ISUO|NUEJ82IAISSNPUOIEOI;IUOO19dJDONO\u20ac|puoisiDapInssebeJynssop%Snua1gojueAesjepipuedxnesubeduesopSiel}sopJuswssinoquialapsuoisiDeq\ndOg\nPr\u00e9fecture de la C\u00f4te-d'Or - 21-2025-02-21-00003 - Arr\u00eat\u00e9 pr\u00e9fectoral N\u00b0 326 / SG du 21 f\u00e9vrier 2025 donnant  d\u00e9l\u00e9gation de signature\nen mati\u00e8re de gestion des budgets op\u00e9rationnels\n104-111-112-113-119-122-124-129-135-137-147-148-161-163-172-181-206-207-209-215-216-217-218-219-232-303-348-349-354-357-362-363-3\n64-380-723-754-780-833  des fonds europ\u00e9ens et des recettes non fiscales et annexe\n43\nLzebed\nAINYVA3ljeyieNONVHOGNVHOaloiny'ANdNY\u00b0oMe1d-oLEWN\"INONVHBI|9DSoWEPSOIN!4SSOpUOIJEOIIUOD19SsepaJie|nwiio4snioyDsuepaisies91101191NpJuswabeuswealodnpjayoneazulofpe\"GNONVHEljo9owIN1VAdOGelep1ne10211pneajulofpe'YATISVAo;j02S/1YIOWINejuiofpeaje1eue62118101908'NOAVHDSUNJesguebe11e101008TANUGSIUOG'N@110}1118}npjuswabeugwe91dNPJU'NNVINIHOSNDS19YIINOINYB]01AJ9SNPUOIJEIIIUOO-SoyoDe1ap19sasuadapapsuoisiDep:SeJeIO|SOJIAINDOI|OIXNESSOUBAE10SUOIEJOQSWSIUEG1N19JUAWBUVOIIAUSSJOdnpJjaydnejuiofpe'QYVTIINOUSdwne|jIing'N'Jeuoyue)Indde,|ap16senbijgndsanbiyjodsepuoijeu1p1009e|opJnajoalip'FGHOLNOOaddijiydNJVdAdOG\u20acl9P1ne19211pneajulofpe'VATISV\u00b09Ij01S11YIoWINejulofpeajesguaba11819150S'NOAVHDWJesoueballejeloss'TINUGSIUOG'NawisiueqgJn]\u00a9JUOUISUVOJIAUS919dnpJayo'THOWSUAJ9A3swiy\"Jie}o01A19SNPUOINEIIIUOO-seyera!ap16sosuedapapsuoisioep:sanbiigndsejonbuaXnesenIe|e!sojeBa|ssououve,psuoiesljgng2110111193NpJuswabeuswee]odnpa4ayo'NNVINTHISND3I9Y2INWiySUISIUEQUN}0JUSWIBUUOIIAUS91odnpa4ayd'THOWNoUAJoA3uW._.<an_0n_e|op1ne}9211pneajulofpe'VATISVG91123SUYIOUNajulofpeaje1gue8o118101008'NOAVHDSUNJesqueBaule101005TINUGSIVOG'NJeuoyue;indde|op16senblijgndsenbijodsopuoijeuip1009e|op1no,0a11p'F9HOLNOOaddijiyd'NsiesJaps)eJe19UOISSIW3pSeJp1O:UOIJDeuIpE|opsjuobesopejquesue,|inodjuowere|depopsie1--1dSNYOHI89P81P238]sueq\n1JVdAdOGE\u20ac|9pJne19911pneajurofpe'<>.=wVQ911238HYIuNejulofpeajesouaba11819190S'NOAVHDUIN_\u0152ocmmo__m..._\u0153_omm._..._:\u0153mm.:wos_|euoyus}INdde|ap19sanbigndwm:c;__oasepuoIJeulp1009B|opJnajoalip'FGHOLNODo\u00e2___\u00ca\"N1n@19@11pnpuonejuasaidalopsIes;sa|INOdJI8}S2IAISSNPUOINEOIIUOO-Sey2021op]esosuadapapsuoisiDaq\nPr\u00e9fecture de la C\u00f4te-d'Or - 21-2025-02-21-00003 - Arr\u00eat\u00e9 pr\u00e9fectoral N\u00b0 326 / SG du 21 f\u00e9vrier 2025 donnant  d\u00e9l\u00e9gation de signature\nen mati\u00e8re de gestion des budgets op\u00e9rationnels\n104-111-112-113-119-122-124-129-135-137-147-148-161-163-172-181-206-207-209-215-216-217-218-219-232-303-348-349-354-357-362-363-3\n64-380-723-754-780-833  des fonds europ\u00e9ens et des recettes non fiscales et annexe\n44\ngzabedJOTYVNusiinf\"N\u2014JIA3NNO8GJ3IAIO\"INl\u2014INVINVH10YZSUN\u2014QUVNAAITSUI1593SUN!4SSOPUONEOIIUOO19Y@Sepsalle|nwio4sn1OYsuepalsiesUOIJESIUJSPpOou19uonesijeninw'susfowa]odnpoob1eys'aywoD-ayouei4-subobinogopsajeuolbalsaseyese|unod|esousbe1le191908neajulofpe'OlLNVdepejiiNUIN\u00abs9||aug)siulwialulsanbiigndsanbiyjod\u00bbajodnpagbieyd'ajuo7-oyoue1-\u2014aubobinogapsajeuoibalsalieyese|JnodJe19ue6a11e10100Sneajulolpe'QYVYNYIGSWNUEJ80IAI8SNPUOIJEOIUIUSO\u2014SOOIOIop19sesuadapapsuoisidep:sejeuoibasalleyeSa|INOdJe1Oue\u00c9alelaioesnesjuiolpesepuonejuasaidalopsies-\nLOTHVWNusiinf\"N\u20143IAINNOEG49!1AI1O\"IN\u2014INVINVHJ0YZSUN\u2014QUVNIAITSUIj1593UIN!4SSOpUOIJesyIUOO|9Ju07-oysue1-4\u2014subobinogapsojeuoIBe:selleyese|inodajesguaballeiaiossNOWYIdNVHO3031SO9eUUyouIN19Y@seopSalle|nwio4snioysuepaisies\u20141VddOQ\u00ebI9p1neypauipnesjulolpe'VATISVA\u00b01/93814YIOWINejulofpeoje1sue\u00c92118161908'NOAVHDWNJesgue8o1le101005TANNGSIVOG'N\u0153\u0153o\u00eb\u0153w-\u00e4...'c.\u0153:a\u00f1::_m_oa3nUOISSIWUopsobseus'JYLIVNITenbiuiwoqawySoIIAOS-JOIUIenbipunfajodnpJoyo'HIISSITAd9HOPp314'N,z._..._.._nDdHej0INOSNpUONEIIIUOI\u2014sa)}adalSP16sesuadopapsuoISIDap:sojeuoIBessalieyese|INOd_\u0152\u0153cm\u0153allejaloasnpco:ficom@_aeopslei{J.J-TAJN3OLVIA\u00a3i.,lkwhi181311\u00a9peyjIgesuodse:e|opJuswabebus,|Bsogl|SUOIJEesIuWapuIsesjnesejno|\n1VddOGelepine,o@11pneajulofpe'VATISVA\u00b01103811YIawpyeJulofpesjelousbs1181891908'NOAVHDWJe1ouebauleje10es'13NNSIUOG'NSoIIN\u00a9S-JS]UIeNbipuIN(aj0dNp-uoISssiWop99bueyd'JYLIVINTTonblujuogswySOIIAJOS-JSIUIenbipunfajodnpjoyo'HIISSITId9HOP2144INSOAIJEIO]SUOIS|NdX\u00a9sepa1pes9|suepenbijgnd89104e|opsn;e1neaJIns]e13,]Jedsuonesiuwapu|\nlVddOG\u20ac|ep1nape1pneajulolpe'VATISV91j03S11YISUNejulofpeajeseueba11e30190S'NOAVHDOINJesouebe11e1e100s\"Tanugsiueq'Nso0IMOS-19]UIanbipun(aj0dnpuoissiwopoob1eu'JYLIVINTTenbiulwoqswySoIIAUOS-JOIUIenbipunfajodnpJoyo\"YFISSITAd9HO9pe44\"Nsuonolpun(se|Jed1813opsuoeuwepuog\nJVAdOGe|9P1n@}9211pneejulolpe'VATISVA911012S/YIoUINajulofpesjeiguaba11e19190S'NOAVHOUINJesqueballejaioss'TanuasIU9G'NsooInes-19]uronbipunfajodnpUOISSIWep9961y'FYLIVNITonblujogswy.SoIIAOS-JOJUIenbipunfajodnpJoyo'HIISSITId9HOPp214\"INjB90A8,psesued@apsepJIe;821ASSapuoIeouIUeN\nd0Od\nPr\u00e9fecture de la C\u00f4te-d'Or - 21-2025-02-21-00003 - Arr\u00eat\u00e9 pr\u00e9fectoral N\u00b0 326 / SG du 21 f\u00e9vrier 2025 donnant  d\u00e9l\u00e9gation de signature\nen mati\u00e8re de gestion des budgets op\u00e9rationnels\n104-111-112-113-119-122-124-129-135-137-147-148-161-163-172-181-206-207-209-215-216-217-218-219-232-303-348-349-354-357-362-363-3\n64-380-723-754-780-833  des fonds europ\u00e9ens et des recettes non fiscales et annexe\n45\nJaunow|nedJa/91d91GCOZ19/A81TZ9|'uoliqe1re462abed\nINVINVH10YZSUN\"'QUHVNIAITSUI1599SUN\nJ@1IgoWwI|ep10sooueul;sopsjeuolbalswloj-a)e|de]opjulofpeunajoauip'FIAFNNOG43IA1I0\"INJaijiqoww|op10sedueulysapajeuoibesSu11O;-o]e]d|ap1ne10811PLOTHVINUoiInp'N(uonjewuoye|INodsudwodK)juoweBbisqeu|}osuodsue1;seJUBUISOUODsey9091op]esesuadapapsuoisiDeq:1dSNHYOHI8P81peso]sueqUOIEUIP1O09e]op1na}0911P'31003LNIdPnewy'N\n19Ijgowu|3pessoueul;sopajeuoiBe1ou1o;-ajed\u20ac]epJuiofpe1nay02u1P'FIAANNOG491AIO\"INJajjiqoww,|op1ssoueuysapejeuoibe:auw10;-ae]de|ap1no10211P'LOTHVINUSIINr'N\nsiel}\nop]e]e]eUOISSIWSP81P10:Yy5)SNpsjuabesepejquesua,|Jnodjuaws0e|depapsie1-SIEJ;ap}8]\u00a9]9uoissiwopa1p10:sojeuoibe:salieyese|1IN0dje1ssua\u00cb|-9118]9199S9|Jnodjuswaoe|dapapsie1-\ndOd\n:1dSNYOHD8Pa1pe99jsueq\nPr\u00e9fecture de la C\u00f4te-d'Or - 21-2025-02-21-00003 - Arr\u00eat\u00e9 pr\u00e9fectoral N\u00b0 326 / SG du 21 f\u00e9vrier 2025 donnant  d\u00e9l\u00e9gation de signature\nen mati\u00e8re de gestion des budgets op\u00e9rationnels\n104-111-112-113-119-122-124-129-135-137-147-148-161-163-172-181-206-207-209-215-216-217-218-219-232-303-348-349-354-357-362-363-3\n64-380-723-754-780-833  des fonds europ\u00e9ens et des recettes non fiscales et annexe\n46\nPr\u00e9fecture de la C\u00f4te-d'Or - 21-2025-02-21-00003 - Arr\u00eat\u00e9 pr\u00e9fectoral N\u00b0 326 / SG du 21 f\u00e9vrier 2025 donnant  d\u00e9l\u00e9gation de signature\nen mati\u00e8re de gestion des budgets op\u00e9rationnels\n104-111-112-113-119-122-124-129-135-137-147-148-161-163-172-181-206-207-209-215-216-217-218-219-232-303-348-349-354-357-362-363-3\n64-380-723-754-780-833  des fonds europ\u00e9ens et des recettes non fiscales et annexe\n47\nPr\u00e9fecture de la C\u00f4te-d'Or\nP\u00f4le juridique inter-services\n21-2025-02-21-00005\nArr\u00eat\u00e9 pr\u00e9fectoral n\u00b0 336  du  21 f\u00e9vrier 2025        \n    \ndonnant d\u00e9l\u00e9gation de signature \u00e0 Monsieur\nFr\u00e9d\u00e9ric VINCENT-GENOD,\nDirecteur Interd\u00e9partemental de la Police\nNationale \u00e0 Dijon\nPr\u00e9fecture de la C\u00f4te-d'Or - 21-2025-02-21-00005 - Arr\u00eat\u00e9 pr\u00e9fectoral n\u00b0 336  du  21 f\u00e9vrier 2025             \ndonnant d\u00e9l\u00e9gation de signature \u00e0 Monsieur Fr\u00e9d\u00e9ric VINCENT-GENOD,\nDirecteur Interd\u00e9partemental de la Police Nationale \u00e0 Dijon\n48\nPREFETDE LACOTE-D'ORL,z'berte'Egalit\u00e9Fraternit\u00e9\nArr\u00eat\u00e9 pr\u00e9fectoral n\u00b0 336  du  21 f\u00e9vrier 2025             \ndonnant d\u00e9l\u00e9gation de signature \u00e0 Monsieur Fr\u00e9d\u00e9ric VINCENT-GENOD,\nDirecteur Interd\u00e9partemental de la Police Nationale \u00e0 Dijon\nLe pr\u00e9fet de la C\u00f4te d'Or\nVu la loi organique n\u00b0 2001-692 du 1er ao\u00fbt 2001 modifi\u00e9e, relative aux lois de finances ;\nVu la loi n\u00b0 82-213 du 2 mars 1982 modifi\u00e9e, relative aux droits et libert\u00e9s des communes, des  \nd\u00e9partements et des r\u00e9gions, et notamment son article 34 ;\nVu la loi n\u00b0 95-73 du 21 janvier 1995 modifi\u00e9e, d'orientation et de programmation relative \u00e0 la  \ns\u00e9curit\u00e9 ;\nVu le d\u00e9cret n\u00b0 2004-374 du 29 avril 2004, modifi\u00e9, relatif aux pouvoirs des pr\u00e9fets, \u00e0 l'organisation \net \u00e0 l'action des services de l'\u00c9tat dans les r\u00e9gions et d\u00e9partements ;\nVu le d\u00e9cret n\u00b0 2008-158 du  22 f\u00e9vrier 2008 relatif \u00e0 la suppl\u00e9ance des pr\u00e9fets de r\u00e9gion et \u00e0 la  \nd\u00e9l\u00e9gation  de  signature  des  pr\u00e9fets  et  hauts  commissaires  de  la  R\u00e9publique  en  Polyn\u00e9sie \nfran\u00e7aise et en Nouvelle-Cal\u00e9donie ;\nVu le  d\u00e9cret  du  10  octobre  2024  nommant  Monsieur  Paul  MOURIER,  pr\u00e9fet  de  la  r\u00e9gion \nBourgogne-Franche-Comt\u00e9, pr\u00e9fet de la C\u00f4te-d'Or ;\nVu l'arr\u00eat\u00e9 du ministre de l'int\u00e9rieur et des outre-mer n\u00b0 570711580996640 portant affectation sans  \nchangement de r\u00e9sidence de Monsieur Fr\u00e9d\u00e9ric VINCENT-GENOD, commissaire divisionnaire de  \npolice, directeur interd\u00e9partemental de la police nationale \u00e0 Dijon, \u00e0 compter du  20 janvier 2025 ;\nVu l'arr\u00eat\u00e9  pr\u00e9fectoral  n\u00b0  1731/SG  du  8  novembre  2024  donnant  d\u00e9l\u00e9gation  de  signature  \u00e0 \nMonsieur Fr\u00e9d\u00e9ric VINCENT-GENOT, directeur interd\u00e9partemental adjoint de la police nationale \u00e0  \nDijon ;\nConsid\u00e9rant le changement d'affectation de Monsieur Fr\u00e9d\u00e9ric VINCENT-GENOT \u00e0 compter du  \n20 janvier 2025 ;\nSur proposition de Monsieur le secr\u00e9taire g\u00e9n\u00e9ral de la pr\u00e9fecture de la C\u00f4te-d'Or ;\nPr\u00e9fecture de la C\u00f4te-d'Or - 21-2025-02-21-00005 - Arr\u00eat\u00e9 pr\u00e9fectoral n\u00b0 336  du  21 f\u00e9vrier 2025             \ndonnant d\u00e9l\u00e9gation de signature \u00e0 Monsieur Fr\u00e9d\u00e9ric VINCENT-GENOD,\nDirecteur Interd\u00e9partemental de la Police Nationale \u00e0 Dijon\n49\nARR\u00caTE\nArticle 1er : L'arr\u00eat\u00e9 pr\u00e9fectoral n\u00b0 1731/SG du 8 novembre 2024 donnant d\u00e9l\u00e9gation de signature  \n\u00e0 Monsieur Fr\u00e9d\u00e9ric VINCENT-GENOD, directeur interd\u00e9partemental adjoint de la police nationale  \n\u00e0 Dijon, et toutes dispositions ant\u00e9rieures contraires au pr\u00e9sent arr\u00eat\u00e9 sont abrog\u00e9s.\nArticle 2 : D\u00e9l\u00e9gation de signature est donn\u00e9e, \u00e0 compter du 20 janvier 2025 , \u00e0 Monsieur Fr\u00e9d\u00e9ric \nVINCENT-GENOD, commissaire divisionnaire, directeur interd\u00e9partemental de la police nationale  \n\u00e0 Dijon, pour prononcer les sanctions disciplinaires du premier groupe \u00e0 l'encontre des grad\u00e9s et  \ngardiens de la paix du corps d'encadrement et d'application, et des personnels administratifs de  \ncat\u00e9gorie C de la police nationale.\nArticle 3 : D\u00e9l\u00e9gation de signature est donn\u00e9e, \u00e0 compter du 20 janvier 2025, \u00e0 Monsieur Fr\u00e9d\u00e9ric \nVINCENT-GENOD, commissaire divisionnaire, directeur interd\u00e9partemental de la police nationale  \n\u00e0 Dijon , \u00e0 l'effet de signer, en ce qui concerne l'ex\u00e9cution du budget de son service, les actes  \nd\u00e9sign\u00e9s ci-apr\u00e8s :\n- l'engagement juridique des d\u00e9penses donnant lieu \u00e0 la passation des march\u00e9s selon une  \nproc\u00e9dure adapt\u00e9e (signature des bons de commande, des lettres de commande et des  \nordres de service).\n- la liquidation des factures,\n- conventions de prestations ex\u00e9cut\u00e9es par les forces de police dans le cadre d\u00e9fini par le  \nd\u00e9cret n\u00b0 97-199 du 5 mars 1997, modifi\u00e9 par le d\u00e9cret n\u00b02010-1295 du 28 octobre 2010,  \ndans la mesure o\u00f9 le service d'ordre s'\u00e9tend sur la seule zone de police.\nArticle 4 : D\u00e9l\u00e9gation de signature est donn\u00e9e, \u00e0 compter du 20 janvier 2025, \u00e0 Monsieur Fr\u00e9d\u00e9ric \nVINCENT-GENOD, commissaire divisionnaire, directeur interd\u00e9partemental de la police nationale  \n\u00e0  Dijon,  \u00e0  l'effet  de  signer  les  arr\u00eat\u00e9s  portant  immobilisation  et/ou  mise  en  fourri\u00e8re  \u00e0  titre \nprovisoire  d'un  v\u00e9hicule  ainsi  que  les  autorisations  d\u00e9finitives  de  sortie  de  mise  en  fourri\u00e8re \nconcernant  la  zone  police  du  d\u00e9partement,  c'est-\u00e0-dire  dire  dans  les  communes  de  DIJON, \nCHEN\u00d4VE, LONGVIC, FONTAINE LES DIJON, TALANT, BEAUNE et sur la M 274 (rocade de  \nDIJON).\nArticle 5  : Pour l'ensemble des comp\u00e9tences susvis\u00e9es,  M. Fr\u00e9d\u00e9ric VINCENT-GENOD  pourra  \nsubd\u00e9l\u00e9guer sa signature aux agents plac\u00e9s sous son autorit\u00e9.\nLes  d\u00e9cisions  de  subd\u00e9l\u00e9gation,  qui  me  seront  adress\u00e9es,  ainsi  qu'\u00e0  Madame  la  directrice \nr\u00e9gionale des finances publiques de la R\u00e9gion Bourgogne Franche-Comt\u00e9 et du d\u00e9partement de la  \nC\u00f4te-d'Or, viseront nominativement les agents int\u00e9ress\u00e9s et leur seront notifi\u00e9es. Elles feront  \nl'objet d'une publication au recueil des actes administratifs de la pr\u00e9fecture de la C\u00f4te d'Or.\nArticle 6 : Le secr\u00e9taire g\u00e9n\u00e9ral de la pr\u00e9fecture de la C\u00f4te-d'Or et le directeur interd\u00e9partemental \nde la police nationale \u00e0 Dijon, sont charg\u00e9s, chacun pour ce qui le concerne, de l'ex\u00e9cution du  \npr\u00e9sent arr\u00eat\u00e9 qui sera publi\u00e9 au recueil des actes administratifs de la pr\u00e9fecture de la C\u00f4te d'Or.\nFait \u00e0 Dijon, le 21 f\u00e9vrier 2025\nLe pr\u00e9fet\nSign\u00e9 :\nPaul MOURIER\nPr\u00e9fecture de la C\u00f4te-d'Or - 21-2025-02-21-00005 - Arr\u00eat\u00e9 pr\u00e9fectoral n\u00b0 336  du  21 f\u00e9vrier 2025             \ndonnant d\u00e9l\u00e9gation de signature \u00e0 Monsieur Fr\u00e9d\u00e9ric VINCENT-GENOD,\nDirecteur Interd\u00e9partemental de la Police Nationale \u00e0 Dijon\n50","date":"2025-02-24","first_seen_on":"2025-09-14T00:56:45+00:00","id":"0519c21724ed324f2bdf0623cb09ea599e8b0a0d33c1cdef3f96f5e838d51d75","name":"RAA n\u00b0 030 du 24 f\u00e9vrier 2025","pdf_creation_date":"2025-02-24T15:03:50+00:00","pdf_modification_date":null,"timezone":"Europe/Paris","url":"https://www.cote-dor.gouv.fr/contenu/telechargement/22892/174723/file/recueil-21-2025-030-recueil-des-actes-administratifs-nominatifs.pdf"}
