{"administration":"pref83","administration_name":"Pr\u00e9fecture du Var","content":"RECUEIL\nDES ACTES\nADMINISTRATIFS\nDE LA\nPR\u00c9FECTURE\nDU VAR\nSommaire du RAA N\u00b01\nPubli\u00e9 le 2 janvier 2024\nBOULEV ARD DU 112EME REGIMENT D'INFANTERIE \u2013 83070 TOULON CEDEX \u2013 TEL 04.94.18.83.83 TELECOPIE 04.94.18.82.83\nRECUEIL DES ACTES ADMINISTRATIFS\nDE LA PR\u00c9FECTURE DU VAR \nSOMMAIRE du RAA N\u00b01 publi\u00e9 le   2 janvier 2024  \nDIRECTION D\u00c9PARTEMENTALE DE L'EMPLOI, DU TRAVAIL ET DES\nSOLIDARIT\u00c9S \n- R\u00e9c\u00e9piss\u00e9 de d\u00e9claration d'un organisme de services \u00e0 la personne enregistr\u00e9 sous le\nN\u00b0SAP531245538  ;\n- R\u00e9c\u00e9piss\u00e9 de d\u00e9claration d'un organisme de services \u00e0 la personne enregistr\u00e9 sous le\nN\u00b0SAP442581351  ;\n- Demande de renonciation n\u00b084540 du 26/12/2023 de monsieur BONED Charley  ;\nDIRECTION D\u00c9PARTEMENTALE DES TERRITOIRES ET DE LA MER DU\nVAR\n- Arr\u00eat\u00e9 pr\u00e9fectoral n\u00b0 DDTM/SML/BLO/2023-17 du 21 d\u00e9cembre 2023 accordant le \ntransfert de gestion du domaine public maritime d'une emprise de 358 m\u00b2 de \nl'arri\u00e8re-plage de Bonnegr\u00e2ce \u00e0 la commune de Six-Fours-les-Plages.\n- Arr\u00eat\u00e9 pr\u00e9fectoral n\u00b0 DDTM/SML/BLO/2023-16 du 21 d\u00e9cembre 2023 accordant \u00e0 la \nm\u00e9tropole Toulon Provence M\u00e9diterran\u00e9e l'avenant n\u00b02 \u00e0 la concession d'utilisation \ndu domaine public maritime en dehors des ports de l'arri\u00e8re-plage de Bonnegr\u00e2ce \nsitu\u00e9e sur la commune de Six-Fours-les-plages.\nBOULEV ARD DU 112EME REGIMENT D'INFANTERIE \u2013 83070 TOULON CEDEX \u2013 TEL 04.94.18.83.83 TELECOPIE 04.94.18.82.83\n2E .\nLibert\u00e9  < \u00c9galit\u00e9  \u00bb Fraternit\u00e9\nR\u00c9PUBLIQUE  FRAN\u00c7AISE\nR\u00e9c\u00e9piss\u00e9  de d\u00e9claration\nd'un  organisme  de services  \u00e0 la personne\nenregistr\u00e9  sous  le N\u00b0 SAP531245538\nVu le code  du travail  et notamment  les articles  L.7231-1  \u00e0 L.7233-2,  R.7232-16  \u00e0 R.7232-22,  D.7231-1  et\nD.7233-1  \u00e0 D.7233-5  ;\nVu la demande  de d\u00e9claration  d\u00e9pos\u00e9e  par  I'organisme  Laurence  Rovera,  2 chemin  du pere  83920  LA\nMOTTE,  le 16/11/2023  ;\nLe pr\u00e9fet  du Var\nConstate  :\nQu'une  d\u00e9claration  d'activit\u00e9s  de services  \u00e0 la personne  a \u00e9t\u00e9  d\u00e9pos\u00e9e  aupr\u00e8s  du service  instructeur\ndu Var  , le 16/11/2023  par  Mme.  Rovera  Laurence  en qualit\u00e9  de dirigeant(e),  pour  l'organisme  laurence\nrovera  dont  l'\u00e9tablissement  principal  est situ\u00e9  2 chemin  du pere  83920  LA MOTTE  et enregistr\u00e9  sous\nle N\u00b0 SAP531245538  pour  les activit\u00e9s  suivantes  :\n\u00bb Entretien  de la maison  et travaux  m\u00e9nagers  (mode  d'intervention  Prestataire)\nToute  modification  concernant  les activit\u00e9s  exerc\u00e9es  devra  faire  l'objet  d'une  d\u00e9claration\nmodificative  pr\u00e9alable.\nSous  r\u00e9serve  d'\u00eatre  exerc\u00e9es  \u00e0 titre  exclusif  (ou  sous  r\u00e9serve  d'une  comptabilit\u00e9  s\u00e9par\u00e9e  pour  les\npersonnes  morales  dispens\u00e9es  de cette  condition),  ces  activit\u00e9s  ouvrent  droit  au b\u00e9n\u00e9fice  des\ndispositions  des  articles  L. 7233-2  du code  du travail  et L.241-10  du code  de la s\u00e9curit\u00e9  sociale  dans\nles conditions  pr\u00e9vues  par  ces  articles.\nLes  effets  de la d\u00e9claration  courent  \u00e0 compter  du jour  du d\u00e9p\u00f4t  de la d\u00e9claration  sous  r\u00e9serve  des\ndispositions  de l'article  R.7232-18  du code  du travail.  Le pr\u00e9sent  r\u00e9c\u00e9piss\u00e9  n'est  pas  limit\u00e9  dans  le\ntemps.  La d\u00e9claration  a une  port\u00e9e  nationale.\nL'enregistrement  de la d\u00e9claration  peut  \u00eatre  retir\u00e9  dans  les conditions  fix\u00e9es  aux  articles  R.7232-\n20 \u00e0 R.7232-22  du code  du travail.\nLe pr\u00e9sent  r\u00e9c\u00e9piss\u00e9  sera  publi\u00e9  au recueil  des  actes  administratifs  de la pr\u00e9fecture.\nLe pr\u00e9sent  r\u00e9c\u00e9piss\u00e9  peut,  \u00e0 compter  de sa notification,  faire  l'objet  d'un  recours  gracieux  aupr\u00e8s\nservice  instructeur  du Var  ou d'un  recours  hi\u00e9rarchique  adress\u00e9  au ministre  charg\u00e9  de l'\u00e9conomie  -\nDirection  g\u00e9n\u00e9rale  des  entreprises  \u2014 sous-direction  des  services  marchands,  61 Boulevard  Vincent\nAuriol,  75703  PARIS  CEDEX  13.\nIl peut  \u00e9galement  faire  l'objet  d'un  recours  contentieux  dans  un d\u00e9lai  de deux  mois  \u00e0 compter  de sa\nnotification  aupr\u00e8s  du tribunal  administratif  de Toulon.\nLe tribunal  administratif  peut  aussi  \u00eatre  saisi  par  I'application  informatique  \u00ab T\u00e9l\u00e9recours  citoyen  \u00bb\naccessible  sur le site  internet  http://www.telerecours.fr/\nEn cas  de rejet  du recours  gracieux  ou hi\u00e9rarchique  ou en l'absence  de r\u00e9ponse  \u00e0 ce recours  (rejet\nimplicite),  un recours  contentieux  devant  le tribunal  administratif  de Toulon  peut  \u00e9galement  \u00eatre\nform\u00e9  contre  la d\u00e9cision  initiale  dans  un d\u00e9lai  de deux  mois  \u00e0 compter  de ce rejet.\nFait  \u00e0 CS 31209  - 83070  TOULON  Cedex,  le\n02/01/24\nAlain  TESTOT\n\n7EJ .\nLibert\u00e9  \u00bb \u00c9galit\u00e9  \u00bb Fraternit\u00e9\nR\u00c9PUBLIQUE  FRAN\u00c7AISE\nR\u00e9c\u00e9piss\u00e9  de d\u00e9claration\nd'un  organisme  de services  \u00e0 la personne\nenregistr\u00e9  sous  le N\u00b0 SAP442581351\nVu le code  du travail  et notamment  les articles  L.7231-1  \u00e0 L.7233-2,  R.7232-16  \u00e0 R.7232-22,  D.7231-1  et\nD.7233-1  \u00e0 D.7233-5  ;\nVu la demande  de d\u00e9claration  d\u00e9pos\u00e9e  par  l'organisme  , 1 RUE  MARTINY  D ORVES  83160  LA\nVALETTE-DU-VAR,  le 14/12/2023  ;\nLe pr\u00e9fet  du Var\nConstate  :\nQu'une  d\u00e9claration  d'activit\u00e9s  de services  \u00e0 la personne  a \u00e9t\u00e9  d\u00e9pos\u00e9e  aupr\u00e8s  du service  instructeur\ndu Var  , le 14/12/2023  par  Mme.  GEOFFROY  VALERIE  en qualit\u00e9  de dirigeant(e),  pour  l'organisme\ndont  l'\u00e9tablissement  principal  est situ\u00e9  1 RUE  MARTINY  D ORVES  83160  LA VALETTE-DU-VAR  et\nenregistr\u00e9  sous  le N\u00b0 SAP442581351  pour  les activit\u00e9s  suivantes  :\n\u00bb Garde  d'enfants  de plus  de 3 ans  \u00e0 domicile  (mode  d'intervention  Prestataire)\n\u00ab Entretien  de la maison  et travaux  m\u00e9nagers  (mode  d'intervention  Prestataire)\nToute  modification  concernant  les activit\u00e9s  exerc\u00e9es  devra  faire  l'objet  d'une  d\u00e9claration\nmodificative  pr\u00e9alable.\nSous  r\u00e9serve  d'\u00eatre  exerc\u00e9es  \u00e0 titre  exclusif  (ou  sous  r\u00e9serve  d'une  comptabilit\u00e9  s\u00e9par\u00e9e  pour  les\npersonnes  morales  dispens\u00e9es  de cette  condition),  ces  activit\u00e9s  ouvrent  droit  au b\u00e9n\u00e9fice  des\ndispositions  des  articles  L. 7233-2  du code  du travail  et L.241-10  du code  de la s\u00e9curit\u00e9  sociale  dans\nles conditions  pr\u00e9vues  par  ces  articles.\nLes effets  de la d\u00e9claration  courent  \u00e0 compter  du jour  du d\u00e9p\u00f4t  de la d\u00e9claration  sous  r\u00e9serve  des\ndispositions  de l'article  R.7232-18  du code  du travail.  Le pr\u00e9sent  r\u00e9c\u00e9piss\u00e9  n'est  pas  limit\u00e9  dans  le\ntemps.  La d\u00e9claration  a une  port\u00e9e  nationale.\nL'enregistrement  de la d\u00e9claration  peut  \u00eatre  retir\u00e9  dans  les conditions  fix\u00e9es  aux  articles  R.7232-\n20 \u00e0 R.7232-22  du code  du travail.\nLe pr\u00e9sent  r\u00e9c\u00e9piss\u00e9  sera  publi\u00e9  au recueil  des  actes  administratifs  de la pr\u00e9fecture.\nLe pr\u00e9sent  r\u00e9c\u00e9piss\u00e9  peut,  \u00e0 compter  de sa notification,  faire  l'objet  d'un  recours  gracieux  aupr\u00e8s\nservice  instructeur  du Var  ou d'un  recours  hi\u00e9rarchique  adress\u00e9  au ministre  charg\u00e9  de l'\u00e9conomie  -\nDirection  g\u00e9n\u00e9rale  des  entreprises  \u2014 sous-direction  des  services  marchands,  61 Boulevard  Vincent\nAuriol,  75703  PARIS  CEDEX  13.\nIl peut  \u00e9galement  faire  l'objet  d'un  recours  contentieux  dans  un d\u00e9lai  de deux  mois  \u00e0 compter  de sa\nnotification  aupr\u00e8s  du tribunal  administratif  de Toulon.  Le tribunal  administratif  peut  aussi  \u00eatre  saisi\npar  l'application  informatique  \u00ab T\u00e9l\u00e9recours  citoyen  \u00bb accessible  sur  le site  internet\nhttp://www.telerecours.fr/\nEn cas  de rejet  du recours  gracieux  ou hi\u00e9rarchique  ou en l'absence  de r\u00e9ponse  \u00e0 ce recours  (rejet\nimplicite),  un recours  contentieux  devant  le tribunal  administratif  de Toulon  peut  \u00e9galement  \u00eatre\nform\u00e9  contre  la d\u00e9cision  initiale  dans  un d\u00e9lai  de deux  mois  \u00e0 compter  de ce rejet.\nFait  \u00e0 CS 31209  - 83070  TOULON  Cedex,  le\n02/01/24\nddets  du var\nP/Le  Pr\u00e9fet\net par d\u00e9l\u00e9gation\nAlain  TESTOT\n\nLibert\u00e9  \u00ab E;a/...  * Fraternit\u00e9\nR\u00c9PUBLIQUE  FRAN\u00c7AISE\nR\u00e9f  : Demande  de renonciation  n\u00b0 84540  du 26/12/2023  de monsieur  BONED  Charley\nAffaire  suivie  par  Anne  MAGGIO  ;\nMail  : ddets-sap@var.gouv.fr\nMonsieur,\nVous  m'avez  inform\u00e9  de votre  d\u00e9cision  de cesser  les activit\u00e9s  de votre  organisme\nenregistr\u00e9  dans  mes  services  sous  le N\u00b0 SAP877972646.\nJe vous  confirme  que  l'enregistrement  de la d\u00e9claration  de votre  organisme  est  abrog\u00e9  \u00e0\ncompter  de la r\u00e9ception  de ce courrier  et que  votre  dossier  est  d\u00e9sormais  clos.\nJe vous  rappelle  que  les avantages  fiscaux  et sociaux  associ\u00e9s  \u00e0 votre  d\u00e9claration\nd'activit\u00e9s  sont  supprim\u00e9s  et je vous  demande  d'en  avertir,  pour  le cas  o\u00f9 vous  ne l'auriez\npas  encore  fait,  les b\u00e9n\u00e9ficiaires  de vos  prestations.\nJe reste  \u00e0 votre  enti\u00e8re  disposition  pour  vous  apporter  toute  information  compl\u00e9mentaire.\nJe vous  prie  d'agr\u00e9er,  Monsieur,  l'expression  de mes  salutations  distingu\u00e9es.\nFait  \u00e0 CS 31209  - 83070  TOULON  Cedex,\nle 02/01/24\nddets  du var\nP/Le  Pr\u00e9fet\nF d\u00e9l\u00e9gation\nPiLe  Di \\A  D\u00e9partement\u00e0\nA.A.l  _\u2014\n764  ROUTE  DU  VAL  D'ARDENE  Alain  T&TO'I'\n83200  TOULON\n\nPREFET  Direction  d\u00e9partementale\nDU VAR  des  territoires  et de la mer  du Var\nFraternit\u00e9\nARRETE  PREFECTORAL  n\u00b0 DDTM/SML/BLO/2023-17  du 21 d\u00e9cembre  2023\naccordant  le transfert  de gestion  du domaine  public  maritime\nd'une  emprise  de 358m\u00b0  de l'arri\u00e8re-plage  de Bonnegr\u00e2ce\n\u00e0 la commune  de Six-Fours-les-Plages\nLe pr\u00e9fet  du Var,\nVu le code  g\u00e9n\u00e9ral  de la propri\u00e9t\u00e9  des  personnes  publiques  ;\nVu le code  de I'environnement  ;\nVu le code  du commerce,  notamment  les articles  L 145-1  et suivants  ;\nVu les d\u00e9lib\u00e9rations  du conseil  municipal  n\u00b0 15278  et n\u00b015818  respectivement  des  7 juin  2018\net 9 d\u00e9cembre  2020  sollicitant  le transfert  en gestion  d'une  emprise  du domaine  public\nmaritime  d\u00e9di\u00e9e  \u00e0 l'exploitation  d'une  terrasse  commerciale,  adjacente  \u00e0 la concession\nd'utilisation  du DPM  en dehors  des  ports  li\u00e9e  \u00e0 l'arri\u00e8re-plage  de Bonnegr\u00e2ce  ;\nVu la fixation  de l'indemnit\u00e9  financi\u00e8re  par  le directeur  d\u00e9partemental  des  finances  publiques\nen date  du 09 octobre  2023  ;\nConsid\u00e9rant  que  cette  terrasse  a \u00e9t\u00e9  construite  dans  le cadre  de la concession  d'utilisation  du\ndomaine  public  maritime  en dehors  des  ports  de l'arri\u00e8re-plage  de Bonnegr\u00e2ce  ;\nConsid\u00e9rant  que  suite  \u00e0 la cr\u00e9ation  de la m\u00e9tropole  Toulon  Provence  M\u00e9diterran\u00e9e,  son\nexploitation  commerciale  est rest\u00e9e  de comp\u00e9tence  communale  ;\nConsid\u00e9rant  qu'il  n'y a aucune  modification  substantielle  du domaine  public  maritime,  ce\ntransfert  est r\u00e9alis\u00e9  sans  enqu\u00eate  publique  ;\nSur  proposition  du directeur  d\u00e9partemental  des  territoires  et de la mer,\n1/2\n\nARRETE\nArticle  1% Le transfert  de gestion  du domaine  public  maritime  relatif  \u00e0 l'emprise  de 358  m?\nadjacents  \u00e0 la concession  d'utilisation  du domaine  public  maritime  de l'arri\u00e8re  plage  de\nBonnegr\u00e2ce  est accord\u00e9  \u00e0 la commune  de Six-Fours-les-Plages.\nArticle  2 Le pr\u00e9sent  arr\u00eat\u00e9  sera  affich\u00e9  en mairie  de Six-Fours-les-Plages,  et en tous  lieux\naccoutum\u00e9s  de la commune.\nArticle  3 La pr\u00e9sente  d\u00e9cision  pourra  faire  l'objet  d'un  recours  gracieux  devant  l'auteur  de\nl'acte,  ou contentieux  devant  le tribunal  administratif  qui peut  \u00eatre  saisi  par  l'application\ninformatique  \u00ab T\u00e9l\u00e9recours  citoyen  \u00bb accessible  par  le site  internet  www.telerecours.fr,  dans\nun d\u00e9lai  de deux  mois  \u00e0 compter  de l'accomplissement  des  mesures  de publicit\u00e9.\nArticle  4 Le secr\u00e9taire  g\u00e9n\u00e9ral  de la pr\u00e9fecture  du Var,  le maire  de la commune  de Six-Fours-\nles-Plages  le directeur  d\u00e9partemental  des  finances  publiques  du Var,  le directeur\nd\u00e9partemental  des  territoires  et de la mer  du Var  sont  charg\u00e9s,  chacun  en ce qui le concerne,\nde I'ex\u00e9cution  du pr\u00e9sent  arr\u00eat\u00e9  qui  sera  publi\u00e9  au recueil  des  actes  administratifs  de la\npr\u00e9fecture  du Var.\nFait  \u00e0 Toulon,  le 9 4 DEC,  2023\nd dafs\n2/2\n\nPREFET  Direction  d\u00e9partementale\nDU VAR  des  territoires  et de la mer  du Var\nFraternit\u00e9\nARR\u00caT\u00c9  PREFECTORAL  n\u00b0 DDTM/SML/BLO/2023-16  du 21 d\u00e9cembre  2023\naccordant  \u00e0 la m\u00e9tropole  Toulon  Provence  M\u00e9diterran\u00e9e\nl'avenant  n\u00b0 2 \u00e0 la concession  d'utilisation  du domaine  public  maritime  en dehors  des\nports  de l'arri\u00e9re-plage  de Bonnegr\u00e2ce\nsitu\u00e9e  sur la commune  de Six-Fours-les-plages\nLe pr\u00e9fet  du Var,\nVu le code  g\u00e9n\u00e9ral  de la propri\u00e9t\u00e9  des  personnes  publiques  et notamment  les articles\nL 2124-3  et R 2124-1  et suivants  ;\nVu le code  de I'environnement,  notamment  l'article  L 321-9  ;\nVu le code  du commerce,  notamment  les articles  L 145-1  \u00e0 L 145-3  et L 233-3  ;\nVu l'arr\u00eat\u00e9  pr\u00e9fectoral  en date  du 06 f\u00e9vrier  2014  accordant  la concession  d'utilisation  du\ndomaine  public  maritime  en dehors  des  ports  de l'arri\u00e8re-plage  de Bonnegr\u00e2ce  \u00e0 la commune\nde Six-Fours-les-Plages  ;\nVu l'arr\u00e9t\u00e9  pr\u00e9fectoral  en date  du 11 mars  2015  accordant  l'avenant  n\u00b01 \u00e0 la concession\nd'utilisation  sus-cit\u00e9e  pour  maintenir  I'exploitation  de la terrasse,  hors  saison  baln\u00e9aire  ;\nVu la cr\u00e9ation  de la m\u00e9tropole  d\u00e9nomm\u00e9e  \u00ab Toulon-Provence-M\u00e9diterran\u00e9e  \u00bb en date  du 26\nd\u00e9cembre  2017  et les comp\u00e9tences  associ\u00e9es,  notamment  celles  li\u00e9es  aux  voiries,  aux  r\u00e9seaux\net aux  espaces  verts  ;\nVu la d\u00e9lib\u00e9ration  du conseil  m\u00e9tropolitain  en date  du 15 d\u00e9cembre  2022  n\u00b0 22/12/361\nsollicitant  la concession  d'utilisation  sus-cit\u00e9e  par  avenant  n\u00b02  au regard  de ces\ncomp\u00e9tences  ;\nVu la r\u00e9vision  de la redevance  domaniale  par  la direction  d\u00e9partementale  des  finances\npubliques  en date  du 24 mai  2023  ;\nConsid\u00e9rant  que  suite  \u00e0 la cr\u00e9ation  de la m\u00e9tropole,  certaines  comp\u00e9tences  telles  que\nvoiries,  r\u00e9seaux  et espaces  verts  leur  ont  \u00e9t\u00e9  transf\u00e9r\u00e9es  ;\nConsid\u00e9rant  que  la redevance  li\u00e9e  \u00e0 la concession  a \u00e9t\u00e9  r\u00e9vis\u00e9e  et est d\u00e9sormais  payable  au\nComptable  sp\u00e9cialis\u00e9  du Domaine  (CSDOM),\nConsid\u00e9rant  que  le cahier  des  charges  et le plan  ont  \u00e9t\u00e9  \u00e9tablis  en cons\u00e9quence  ;\nConsid\u00e9rant  que  l'\u00e9conomie  g\u00e9n\u00e9rale  de la concession  n'est  pas  modifi\u00e9e  de fa\u00e7on\nsubstantielle  du fait  des  modifications  sus-mentionn\u00e9es,  cet  avenant  ne n\u00e9cessite  pas\nd'enqu\u00eate  publique  ;\nSur  proposition  du directeur  d\u00e9partemental  des  territoires  et de la mer,\n1/2\n\nARRETE\nArticle  1% L'avenant  n\u00b02 \u00e0 la concession  d'utilisation  du domaine  public  maritime  en dehors\ndes  ports  li\u00e9 \u00e0 I'arriere-plage  de Bonnegr\u00e2ce  situ\u00e9e  sur la commune  de Six-Fours-les-Plages  est\naccord\u00e9  \u00e0 la m\u00e9tropole  Toulon-Provence-M\u00e9diterran\u00e9e.\nArticle  2 Le pr\u00e9sent  arr\u00eat\u00e9  sera  affich\u00e9  au si\u00e8ge  de la m\u00e9tropole  Toulon  Provence\nM\u00e9diterran\u00e9e  ainsi  qu'en  mairie  de Six-Fours-les-Plages,  et en tous  lieux  accoutum\u00e9s  de la\ncommune.\nLe pr\u00e9sident  de la m\u00e9tropole  Toulon  Provence  M\u00e9diterran\u00e9e  et le maire  de la commune\n\u00e9tabliront  chacun  un certificat  attestant  de I'accomplissement  de cette  formalit\u00e9.\nArticle  3 La pr\u00e9sente  d\u00e9cision  pourra  faire  l'objet  d'un  recours  gracieux  devant  l'auteur  de\nl'acte,  ou contentieux  devant  le tribunal  administratif  qui peut  \u00eatre  saisi  par  l'application\ninformatique  \u00ab T\u00e9l\u00e9recours  citoyen  \u00bb accessible  par  le site  internet  www.telerecours.fr,  dans\nun d\u00e9lai  de deux  mois  \u00e0 compter  de l'accomplissement  des  mesures  de publicit\u00e9.\nArticle  4 Le secr\u00e9taire  g\u00e9n\u00e9ral  de la pr\u00e9fecture  du Var,  le pr\u00e9sident  de la m\u00e9tropole  Toulon\nProvence  M\u00e9diterran\u00e9e,  le maire  de la commune  de Six-Fours-les-Plages,  le directeur\nd\u00e9partemental  des  finances  publiques  du Var,  le directeur  d\u00e9partemental  des  territoires  et\nde la mer  du Var  sont  charg\u00e9s,  chacun  en ce qui le concerne,  de l'ex\u00e9cution  du pr\u00e9sent  arr\u00eat\u00e9\nqui  sera  publi\u00e9  au recueil  des  actes  administratifs  de la pr\u00e9fecture  du Var.\nFait \u00e0 Toulon,  le 2 14 DEC.  2023\nle I<fet\n?\u00c8\\. (L\"e  AAHE\n2/2","date":"2024-01-02","first_seen_on":"2024-08-21T11:30:31+00:00","id":"055b87fd62c0eab5a0d9265b211082d8ca4d863b86b0bd2cd0208e2513c80a8a","name":"RAA N\u00b0 001 du 2 janvier 2024","pdf_creation_date":null,"pdf_modification_date":"2024-01-02T15:16:14+00:00","timezone":"Europe/Paris","url":"https://www.var.gouv.fr/contenu/telechargement/32199/214930/file/RAA%20N%C2%B0%20001%20du%202%20janvier%202024.pdf"}
