{"administration":"pref30","administration_name":"Pr\u00e9fecture du Gard","content":"PR\u00c9FET\nDU GARD\nRECUEIL DES ACTES\nADMINISTRATIFS SP\u00c9CIAL\nN\u00b030-2026-029\nPUBLI\u00c9 LE 11 F\u00c9VRIER 2026\nSommaire\nPrefecture du Gard /\n30-2026-02-11-00002 - Arr\u00eat\u00e9 donnant d\u00e9l\u00e9gation de signature \u00e0 \nM. Emile SOUMBO, sous-pr\u00e9fet de l'arrondissement d'Al\u00e8s (11 pages) Page 3\n30-2026-02-11-00003 - Arr\u00eat\u00e9 donnant d\u00e9l\u00e9gation de signature \u00e0\nMme Anne LEVASSEUR, sous-pr\u00e9f\u00e8te de l'arrondissement du Vigan (8\npages) Page 15\nPrefecture du Gard / SAPSI\n30-2026-02-11-00004 - Arr\u00eat\u00e9 N\u00b030-2026-02-11-00004\nportant\nrestriction de la libert\u00e9 d'aller et venir des supporters de Sporting Club\nde Toulon \u00e0 l'occasion de la 18 \u00e8me journ\u00e9e de championnat de\nFrance de football de National 2 opposant l'\u00e9quipe du N\u00eemes\nOlympique \u00e0 celle du Sporting Club de Toulon                          le samedi 14\nf\u00e9vrier 2026 \u00e0 18h00 au stade des Antonins \u00e0 N\u00eemes (8 pages) Page 24\n2\nPrefecture du Gard\n30-2026-02-11-00002\nArr\u00eat\u00e9 donnant d\u00e9l\u00e9gation de signature \u00e0  M.\nEmile SOUMBO, sous-pr\u00e9fet de l'arrondissement\nd'Al\u00e8s\nPrefecture du Gard - 30-2026-02-11-00002 - Arr\u00eat\u00e9 donnant d\u00e9l\u00e9gation de signature \u00e0  M. Emile SOUMBO, sous-pr\u00e9fet de\nl'arrondissement d'Al\u00e8s 3\n==PREFETDU GARDLibert\u00e9Egalit\u00e9Fraternit\u00e9\nPr\u00e9fecture- Direction de la citoyennet\u00e9,  \nde la l\u00e9galit\u00e9 et de la coordination\nService de la coordination des politiques \npubliques et de l'appui territorial \nArr\u00eat\u00e9 n\u00b030-2026-02-11-00002\ndonnant d\u00e9l\u00e9gation de signature \u00e0 M. Emile SOUMBO\nsous-pr\u00e9fet de l'arrondissement d'Al\u00e8s \nLe pr\u00e9fet du Gard\nChevalier de la L\u00e9gion d'honneur,\nOfficier de l'ordre national du M\u00e9rite \nVu la  loi  n\u00b0  82-213  du  2  mars  1982  relative  aux  droits  et  libert\u00e9s  des  communes,  des \nd\u00e9partements et des r\u00e9gions, notamment son article 34\u00a0;\nVu la loi n\u00b0211-803 du 5 juillet 2011 relative aux droits et \u00e0 la protection des personnes faisant  \nl'objet de soins psychiatriques et aux modalit\u00e9s de leur prise en charge\u00a0;\nVu le d\u00e9cret n\u00b0 97.34 du 15 janvier 1997 modifi\u00e9 relatif \u00e0 la d\u00e9concentration des d\u00e9cisions  \nadministratives individuelles\u00a0;\nVu le d\u00e9cret n\u00b0 2004-374 du 29 avril 2004 modifi\u00e9 par le d\u00e9cret 2010-146 du 16 f\u00e9vrier 2010  \nrelatif aux pouvoirs des pr\u00e9fets, \u00e0 l'organisation et \u00e0 l'action des services de l'\u00c9tat dans les  \nr\u00e9gions et d\u00e9partements\u00a0;\nVu le d\u00e9cret n\u00b0 2008-158 du 22 f\u00e9vrier  2008 relatif \u00e0 la suppl\u00e9ance des Pr\u00e9fets de r\u00e9gion et \u00e0  \nla  d\u00e9l\u00e9gation  de  signature  des  Pr\u00e9fets  et  des  Hauts  Commissaires  de  la  R\u00e9publique  en \nPolyn\u00e9sie fran\u00e7aise et en Nouvelle-Cal\u00e9donie\u00a0;\nVu le d\u00e9cret n\u00b0 2009-176 du 16 f\u00e9vrier 2009 modifiant le d\u00e9cret n\u00b0 64-805 du 29 juillet 1964  \nfixant les dispositions r\u00e9glementaires applicables aux pr\u00e9fets et le d\u00e9cret n\u00b0 2004-374 du 29  \navril 2004 relatif aux pouvoirs des pr\u00e9fets, \u00e0 l'organisation et \u00e0 l'action des services de l'\u00c9tat  \ndans les r\u00e9gions et d\u00e9partements\u00a0;\nVu le d\u00e9cret n\u00b0 2015-510 du 7 mai 2015 portant charte de la d\u00e9concentration\u00a0;\nVu  le d\u00e9cret du 2 mars 2023, nommant  Mme Anne LEVASSEUR , inspectrice hors classe de  \nl'action sanitaire et sociale, sous-pr\u00e9f\u00e8te du Vigan\u00a0;\nVu le d\u00e9cret du 13 juillet 2023 nommant M. J\u00e9r\u00f4me BONET, pr\u00e9fet du Gard\u00a0;\nVu le d\u00e9cret du 22 ao\u00fbt 2023 nommant M. Emile SOUMBO, sous-pr\u00e9fet d'Al\u00e8s\u00a0; \nVu le d\u00e9cret du 25 octobre 2023 nommant M. Mathias NIEPS , sous-pr\u00e9fet charg\u00e9 de mission  \naupr\u00e8s du pr\u00e9fet du Gard, secr\u00e9taire g\u00e9n\u00e9ral adjoint de la pr\u00e9fecture du Gard \u00a0;\nVu le d\u00e9cret du 24 avril 2024 nommant  M. Yann GERARD , secr\u00e9taire g\u00e9n\u00e9ral de la pr\u00e9fecture  \ndu Gard, sous-pr\u00e9fet de N\u00eemes\u00a0;\nVu le  d\u00e9cret  du  9  octobre  2024  nommant  Mme  Marie-Charlotte  EUVRARD, sous-pr\u00e9f\u00e8te,  \ndirectrice de cabinet du pr\u00e9fet du Gard\u00a0;\nPrefecture du Gard - 30-2026-02-11-00002 - Arr\u00eat\u00e9 donnant d\u00e9l\u00e9gation de signature \u00e0  M. Emile SOUMBO, sous-pr\u00e9fet de\nl'arrondissement d'Al\u00e8s 4\nVu la d\u00e9cision du ministre de l'int\u00e9rieur du 3 janvier 2020 portant d\u00e9signation des respon -\nsables de BOP et d'UO pour le programme 354 .\nVu l'arr\u00eat\u00e9 30-2024-08-28-00003 du 28 ao\u00fbt 2024 portant organisation en directions, services  \net bureaux de la pr\u00e9fecture du Gard, \nVu l'arr\u00eat\u00e9  30-2026-01-27-00002  du  27  janvier  2026  portant  organisation  en  directions, \nservices et bureaux de la pr\u00e9fecture du Gard, qui entre en vigueur le 1 er\n mars 2026, date \u00e0  \nlaquelle il abroge le pr\u00e9c\u00e9dent susvis\u00e9.\nVu l'arr\u00eat\u00e9 n\u00b0 30-2026-02-11-00003 du 11 f\u00e9vrier 2026 donnant d\u00e9l\u00e9gation de signature \u00e0 Mme \nAnne LEVASSEUR, sous-pr\u00e9f\u00e8te du Vigan ;\nVu la convention de d\u00e9l\u00e9gation de gestion entre la direction d\u00e9partementale de la coh\u00e9sion  \nsociale du Gard et la sous-pr\u00e9fecture d'Al\u00e8s en date du 27 mars 2017\u00a0;\nVu  la  note  de  service  du  4  f\u00e9vrier  2026  confiant  \u00e0  M.  Bruno  AMAT,  chef  du  bureau  de \nl'environnement  et  des  polices  administratives  (BEPA),  l'int\u00e9rim  du  poste  de  secr\u00e9taire \ng\u00e9n\u00e9rale de la sous-pr\u00e9fecture d'Al\u00e8s \u00e0 compter du 15 janvier 2026 ;\nVu  la note de service du 4 f\u00e9vrier 2026 confiant \u00e0  Mme Christine DELEUZE,  adjointe \u00e0 la  \ncheffe du bureau des collectivit\u00e9s territoriales et du d\u00e9veloppement local (BCTDL), l'int\u00e9rim  \ndu poste de cheffe de bureau des collectivit\u00e9s territoriales et du d\u00e9veloppement local de la  \nsous-pr\u00e9fecture d'Al\u00e8s \u00e0 compter du 1er\n f\u00e9vrier 2026.\nSur proposition du secr\u00e9taire g\u00e9n\u00e9ral de la pr\u00e9fecture du Gard\u00a0;\nArr\u00eate\nTITRE I\nDELEGATION DANS LES LIMITES DE SON ARRONDISSEMENT\nArticle 1 \u00a0: D\u00e9l\u00e9gation de signature est donn\u00e9e \u00e0  M. Emile SOUMBO  administrateur civil hors  \nclasse d\u00e9tach\u00e9 en qualit\u00e9 de sous-pr\u00e9fet hors classe, sous-pr\u00e9fet de l'arrondissement d'Al\u00e8s , \u00e0 \nl'effet de signer dans les limites de son arrondissement les actes relevant des mati\u00e8res ci-\ndessous :\nA \u2013 EN MATI\u00c8RE DE POLICE G\u00c9N\u00c9RALE ET DE POLICES SP\u00c9CIALES\n\u2013\u00a0tous les actes relatifs \u00e0 la commission d'arrondissement d'Al\u00e8s pour la s\u00e9curit\u00e9 contre les  \nrisques d'incendie et de panique dans les ERP. \n\u2013\u00a0l'octroi  du  concours  de  la  force  publique  pour  l'ex\u00e9cution  des  jugements  d'expulsion \nimmobili\u00e8re\u00a0;\n\u2013\u00a0l'indemnisation des bailleurs pour refus d'octroi de la force publique pour l'ex\u00e9cution des  \njugements d'expulsion immobili\u00e8re\u00a0;\n\u2013\u00a0la d\u00e9livrance de toutes autorisations relatives \u00e0 la police de la voie publique, exc\u00e9dant la  \ncomp\u00e9tence des autorit\u00e9s municipales\u00a0;\nPrefecture du Gard - 30-2026-02-11-00002 - Arr\u00eat\u00e9 donnant d\u00e9l\u00e9gation de signature \u00e0  M. Emile SOUMBO, sous-pr\u00e9fet de\nl'arrondissement d'Al\u00e8s 5\n\u2013\u00a0les d\u00e9cisions d'expulsions commerciales, de fermetures administratives de commerces pour  \nvente  illicite  de  boissons  alcoolis\u00e9es,  de  tabacs,  de  trafic  de  stup\u00e9fiants,  d'emplois \nclandestins et de main d'\u0153uvre ill\u00e9gale pour une dur\u00e9e maximale de trois mois\u00a0;\n\u2013\u00a0tous actes relatifs \u00e0 la proc\u00e9dure de sanction administrative des d\u00e9bits de boissons et les \n  d\u00e9rogations aux horaires de fermeture des d\u00e9bits de boissons ;\n\u2013\u00a0les mesures de police administrative prises en application de la loi n\u00b02020-856 du 9 juillet  \n2020 organisant la sortie de l'\u00e9tat d'urgence et de ses d\u00e9crets d'application\u00a0;\n\u2013\u00a0les r\u00e9c\u00e9piss\u00e9s de revendeurs d'objets mobiliers\u00a0;\nB \u2013 EN MATI\u00c8RE D'ADMINISTRATION LOCALE\n\u2013\u00a0la substitution au maire dans les cas pr\u00e9vus par les articles L 2122.34 et L.2215.1 du code  \ng\u00e9n\u00e9ral des collectivit\u00e9s territoriales\u00a0;\n\u2013\u00a0l'information, \u00e0 sa demande, de l'autorit\u00e9 locale de l'intention de ne pas saisir le tribunal  \nadministratif dans le cadre du contr\u00f4le administratif pr\u00e9vu par la loi du 2 mars 1982\u00a0;\n\u2013\u00a0la  cr\u00e9ation  de  la  commission  syndicale  pr\u00e9vue  \u00e0  l'article  L.5222.1  du  code  g\u00e9n\u00e9ral  des \ncollectivit\u00e9s  territoriales,  charg\u00e9e  de  l'administration  des  biens  et  droits  indivis  entre \nplusieurs communes\u00a0;\n\u2013\u00a0les lettres d'observation et recours gracieux relatifs aux actes des collectivit\u00e9s locales\u00a0;\n-\u00a0l'autorisation de constitution, de modification et de dissolution des associations syndicales  \nautoris\u00e9es;\n- La signature des courriers et des m\u00e9moires en r\u00e9ponse dans le cadre des contentieux devant \nle tribunal administratif .\nC \u2013 EN MATI\u00c8RE D'ADMINISTRATION G\u00c9N\u00c9RALE\n\uf0a8 Environnement, salubrit\u00e9 et sant\u00e9 publique  \n-  Pour les sujets relevant du code de l'environnement et du code minier, et notamment en  \nmati\u00e8re d'installations class\u00e9es pour la protection de l'environnement, la d\u00e9livrance de tous  \nles  actes  administratifs  (arr\u00eat\u00e9s,  r\u00e9c\u00e9piss\u00e9s  \u2026)  pour  les  \u00e9tablissements  situ\u00e9s  dans  \nl'arrondissement d'Al\u00e8s\u00a0;\n- La signature de tous les actes n\u00e9cessaires au d\u00e9roulement des enqu\u00eates publiques li\u00e9es au  \ncode de l'environnement \u00e0 organiser dans l'arrondissement d'Al\u00e8s\u00a0;\n- La cr\u00e9ation, la modification ou le renouvellement des commissions de suivi de site et des  \ndiverses autres commissions d'information\u00a0;\n- La signature des courriers et des m\u00e9moires en r\u00e9ponse dans le cadre des contentieux devant \nle tribunal administratif .\n\uf0a8 D\u00e9clarations d'utilit\u00e9 publique et servitudes  \n\u2013\u00a0la proc\u00e9dure d'int\u00e9r\u00eat g\u00e9n\u00e9ral pr\u00e9vue aux articles 175 et 176 du code rural pour les travaux  \nde  d\u00e9fense  des  for\u00eats  contre  l'incendie,  la  proc\u00e9dure  de  protection  contre  les  risques \nd'inondations\u00a0;\n\u2013\u00a0les proc\u00e9dures relatives \u00e0 la mise en compatibilit\u00e9 d'un plan local d'urbanisme, pr\u00e9vue \u00e0  \nl'article 123-16 du code de l'urbanisme\u00a0;\nPrefecture du Gard - 30-2026-02-11-00002 - Arr\u00eat\u00e9 donnant d\u00e9l\u00e9gation de signature \u00e0  M. Emile SOUMBO, sous-pr\u00e9fet de\nl'arrondissement d'Al\u00e8s 6\n\u2013\u00a0les  proc\u00e9dures  d'expropriation  pour  cause  d'utilit\u00e9  publique  pr\u00e9vues  par  le  code  de \nl'expropriation\u00a0;\n\u2013\u00a0la proc\u00e9dure de d\u00e9claration d'utilit\u00e9 publique des travaux d'\u00e9lectricit\u00e9 et de gaz qui ne  \nn\u00e9cessitent  que  l'\u00e9tablissement  des  servitudes  ainsi  que  les  conditions  d'\u00e9tablissement \ndesdites servitudes\u00a0;\n\u2013\u00a0la proc\u00e9dure d'\u00e9tablissement des servitudes d'appui, de passage, d'\u00e9lagage et d'abattage en \nvue de la construction ou de l'extension des lignes d'\u00e9nergie \u00e9lectrique\u00a0;\n\u2013\u00a0les autorisations de p\u00e9n\u00e9trer dans les propri\u00e9t\u00e9s priv\u00e9es pour l'\u00e9tablissement et l'entretien  \ndes lignes et installations \u00e9lectriques et de t\u00e9l\u00e9communications\u00a0;\n\u2013\u00a0la  proc\u00e9dure  d'\u00e9tablissement  d'une  servitude  sur  les  fonds  priv\u00e9s  pour  la  pose  de \ncanalisations publiques d'eau ou d'assainissement pr\u00e9vue par la loi n\u00b0 62.904 du 4 ao\u00fbt  \n1962\u00a0;\n\u2013\u00a0les autorisations d'occupation temporaire des propri\u00e9t\u00e9s priv\u00e9es pr\u00e9vues par la loi du 29  \nd\u00e9cembre 1892\u00a0;\n\u2013\u00a0les r\u00e9quisitions de logements\u00a0;\n\uf0a8 Urbanisme  \n\u2013\u00a0la  constitution  des  associations  fonci\u00e8res  de  remembrement  et  approbation  de  leurs \nd\u00e9lib\u00e9rations, budgets\u00a0;\n\u2013\u00a0les lettres d'observations et recours gracieux concernant\u00a0:\n- les documents d'urbanisme\n- les actes relatifs \u00e0 l'occupation des sols \n-\u00a0les zones d'am\u00e9nagement diff\u00e9r\u00e9 (Z.A.D.)\u00a0;\n\u2013\u00a0les plans de pr\u00e9vention des risques naturels et technologiques (P.P.R.N.T)\u00a0;\n\u2013\u00a0les actes relatifs \u00e0 l'occupation des sols\u00a0:\n- d\u00e9livrance  des  certificats  d'urbanisme  et  des  permis  de  construire,  d'am\u00e9nager,  de \nd\u00e9molir, projet faisant l'objet d'une d\u00e9claration pr\u00e9alable pour les communes non dot\u00e9es  \nd'un plan local d'urbanisme ou de tout autre document en tenant lieu, et lorsqu'il y a une  \ndivergence d'avis entre le maire et l'autorit\u00e9 administrative comp\u00e9tente du d\u00e9partement  \nen mati\u00e8re d'urbanisme.\n\u2013\u00a0d\u00e9livrance  des  certificats  d'urbanisme  et  des  permis  de  construire,  d'am\u00e9nager,  de \nd\u00e9molir,  projet  faisant  l'objet  d'une  d\u00e9claration  pr\u00e9alable  dans  les  cas  \u00e9num\u00e9r\u00e9s \nlimitativement au code de l'urbanisme, o\u00f9 l'autorit\u00e9 administrative comp\u00e9tente demeure  \nle pr\u00e9fet.\n\u2013\u00a0d\u00e9livrance  des  certificats  d'urbanisme  et  des  permis  de  construire,  d'am\u00e9nager,  de \nd\u00e9molir, projet faisant l'objet d'une d\u00e9claration pr\u00e9alable, lorsque les communes se sont  \ndot\u00e9es d'une carte communale mais que le conseil municipal n'a pas d\u00e9lib\u00e9r\u00e9 pour le  \ntransfert de comp\u00e9tence en mati\u00e8re d'urbanisme pour son propre compte.\nD \u2013 EN MATIERE ECONOMIQUE\n\u2013\u00a0toutes les d\u00e9cisions d'attribution des aides du fonds d'industrialisation du bassin minier  \n(F.I.B.M.) ;\n\u2013\u00a0les  observations  et  contr\u00f4les  effectu\u00e9s  en  tant  que  commissaire  du  gouvernement  du \ngroupement d'int\u00e9r\u00eat public (GIP) Politique de la Ville Al\u00e8s C\u00e9vennes ;\nPrefecture du Gard - 30-2026-02-11-00002 - Arr\u00eat\u00e9 donnant d\u00e9l\u00e9gation de signature \u00e0  M. Emile SOUMBO, sous-pr\u00e9fet de\nl'arrondissement d'Al\u00e8s 7\n- les accus\u00e9s de r\u00e9ception des dossiers de demandes de subvention d'investissement, au sens  \nde l'article 4 du d\u00e9cret du 16 d\u00e9cembre 1999\u00a0;\n- la  signature  des  arr\u00eat\u00e9s  attributifs  de  subvention  en  ce  qui  concerne  la  dotation \nd'\u00e9quipement des territoires ruraux (DETR)\u00a0;\nE \u2013 EN MATIERE IMMOBILIERE\n\u2013\u00a0l'authenticit\u00e9 des actes int\u00e9ressant le domaine priv\u00e9 immobilier de l'\u00c9tat, \u00e0 l'exception de  \nceux comprenant des immeubles d\u00e9pendant de plusieurs arrondissements (l'ensemble des  \nminutes  de  ces  actes  continueront  d'\u00eatre  archiv\u00e9es,  apr\u00e8s  publication,  dans  les  \nconservations des hypoth\u00e8ques, au chef-lieu du d\u00e9partement).\nF \u2013 COMPETENCES AFFERENTES AU FONCTIONNEMENT DE LA SOUS \u2013 PREFECTURE\n\u2013\u00a0l'octroi des cong\u00e9s annuels des agents de la sous-pr\u00e9fecture\u00a0;\n\u2013\u00a0Programme 354 \u00a0 hors titre 2 \u00a0: L'engagement des d\u00e9penses faites par cartes d'achats et la  \nvalidation des devis dans la limite de l'enveloppe budg\u00e9taire allou\u00e9e \u00e0 la sous-pr\u00e9fecture.\nG- MISSION TEMPORAIRE\u00a0: MA\u00ceTRISE D'OUVRAGE\n\u2013\u00a0tous les actes administratifs relatifs au lancement, \u00e0 la r\u00e9alisation et au suivi des \u00e9tudes et  \ntravaux de s\u00e9curisation de la falaise dite \u00ab\u00a0la Royale\u00a0\u00bb situ\u00e9e en lisi\u00e8re de la for\u00eat domaniale du \nRouvergue sur la commune de Saint Martin de Valgalgues, pour lesquels M. le sous-pr\u00e9fet  \nd'Al\u00e8s a \u00e9t\u00e9 d\u00e9sign\u00e9 repr\u00e9sentant du ma\u00eetre d'ouvrage,\n\u2013\u00a0tous  les  actes  n\u00e9cessaires  \u00e0  l'engagement  des  d\u00e9penses  inh\u00e9rentes  \u00e0  cette  ma\u00eetrise \nd'ouvrage,  dans  la  limite  du  budget  attribu\u00e9  par  le  minist\u00e8re  de  l'agriculture,  de \nl'agroalimentaire et de la for\u00eat sur le BOP 723 pour la r\u00e9alisation des travaux de s\u00e9curisation.\nArticle  2  \u00a0  :    D\u00e9l\u00e9gation  de  signature  est  donn\u00e9e  \u00e0  M.  Emile  SOUMBO, sous-pr\u00e9fet  de \nl'arrondissement d'Al\u00e8s, pour les actes relatifs au BOP 147 \u00ab \u00a0politique de la ville \u00a0\u00bb pour les  \nop\u00e9rations relevant de son arrondissement, dans la limite des cr\u00e9dits qui lui sont allou\u00e9s.\nTITRE II\nD\u00c9L\u00c9GATION POUR L'ENSEMBLE DU D\u00c9PARTEMENT\nPrefecture du Gard - 30-2026-02-11-00002 - Arr\u00eat\u00e9 donnant d\u00e9l\u00e9gation de signature \u00e0  M. Emile SOUMBO, sous-pr\u00e9fet de\nl'arrondissement d'Al\u00e8s 8\nArticle 3 \u00a0: Pour les comp\u00e9tences exerc\u00e9es par la sous-pr\u00e9fecture d'Al\u00e8s pour l'ensemble du  \nd\u00e9partement  du  Gard,  d\u00e9l\u00e9gation  est  donn\u00e9e  \u00e0  M.  Emile  SOUMBO, sur  l'ensemble  du \nd\u00e9partement \u00e0 l'effet de signer :\n\u2022 \u00a0la d\u00e9livrance pour la totalit\u00e9 du d\u00e9partement des actes relatifs aux manifestations  \nsportives\u00a0:\n\u2013\u00a0l'autorisation des \u00e9preuves, courses ou comp\u00e9titions sportives devant se disputer en \ntotalit\u00e9 ou en partie sur une voie publique ou ouverte \u00e0 la circulation publique, en  \napplication du code des sports, \u00a0;\n\u2013l'organisation de la commission d\u00e9partementale de s\u00e9curit\u00e9 routi\u00e8re\u00a0;\n\u2013\u00a0l'autorisation des \u00e9preuves, comp\u00e9titions ou manifestations de caract\u00e8re sportif ou  \nnon, comportant la participation de v\u00e9hicules \u00e0 moteurs, organis\u00e9es dans un lieu non  \nouvert \u00e0 la circulation publique, en application du code des sports\u00a0;\n\u2013\u00a0l'homologation  des  terrains  o\u00f9  doivent  se  d\u00e9rouler  des  \u00e9preuves,  comp\u00e9titions  et  \nmanifestations comportant la participation de v\u00e9hicules \u00e0 moteur, en application du  \ncode des sports\u00a0;\n\u2013\u00a0l'autorisation des \u00e9preuves ne comportant pas la participation de v\u00e9hicules \u00e0 moteur, \nen application du code des sports\u00a0;\n\u2013\u00a0l'homologation des circuits de karting et l'autorisation des essais ou courses de karting \n(application de l'arr\u00eat\u00e9 du 16 octobre 1996 relatif au r\u00e8glement national des circuits de \nkarting)\u00a0;\n\u2013\u00a0les autorisations d'utilisation conjointe de plusieurs polices municipales \u00e0 l'occasion de \nmanifestations exceptionnelles, notamment \u00e0 caract\u00e8re culturel, r\u00e9cr\u00e9atif ou sportif\u00a0;\n-\u00a0la d\u00e9livrance, \u00e0 titre exceptionnel, aux agents exer\u00e7ant une activit\u00e9 mentionn\u00e9e au n\u00b0 1 \nde l'article 1er\n de la loi n\u00b0 83-629 du 12 juillet 1983,  de l'autorisation d'exercer sur la voie \npublique des missions m\u00eame itin\u00e9rantes, de surveillance contre les vols, d\u00e9gradations et \neffractions visant les biens dont ils ont la charge\u00a0;\n\u2022 la  d\u00e9livrance,  pour  la  totalit\u00e9  du  d\u00e9partement,  des  autorisations  relatives  aux \nmanifestations a\u00e9riennes suivantes\u00a0:\n- l\u00e2cher de ballonnets/lanternes,\n- pr\u00e9sentation de montgolfi\u00e8re en vol captif ou libre,\n- d\u00e9monstration de sauts en parachutes,\n-  cr\u00e9ation  d'h\u00e9lisurfaces  pour  bapt\u00eame  de  l'air  ou  d\u00e9monstration  a\u00e9rienne  en  \nh\u00e9licopt\u00e8re,\n- autorisation d'utilisation des h\u00e9lisurfaces, h\u00e9listations et hydrosurfaces,\n- d\u00e9monstration a\u00e9rienne en ULM,\n- meeting a\u00e9rien,\n- enregistrement des d\u00e9clarations de survol de drones.\n- autorisations de survol \u00e0 basse altitude pour les prises de vue a\u00e9riennes et les grands \nrassemblements,\n- autorisations relatives aux a\u00e9rodromes. \n\u2022 la d\u00e9livrance pour la totalit\u00e9 du d\u00e9partement des actes en mati\u00e8re de d\u00e9tention et  \nd'utilisation  d'explosifs \u00a0:  habilitations,  agr\u00e9ments,  autorisations  individuelles  \nd'exploiter un d\u00e9p\u00f4t, cessation d'activit\u00e9 des d\u00e9p\u00f4ts, certificats d'acquisition, bons de  \ncommande et transports des produits.\n\u2022 l'instruction des dossiers et la d\u00e9livrance des autorisations relatives aux manifestations  \nnautiques ;\nPrefecture du Gard - 30-2026-02-11-00002 - Arr\u00eat\u00e9 donnant d\u00e9l\u00e9gation de signature \u00e0  M. Emile SOUMBO, sous-pr\u00e9fet de\nl'arrondissement d'Al\u00e8s 9\n\u2022 la signature pour la totalit\u00e9 du d\u00e9partement de tout acte ou d\u00e9cision concernant : \n\u2013\u00a0les versements au titre du fonds de compensation de la T.V.A\u00a0;\n\u2013\u00a0le greffe des associations de type loi 1901 et conseil aux usagers, les fondations, associations \ncultuelles,  associations  reconnues  d'utilit\u00e9  publique,  congr\u00e9gations,  fonds  de  dotation, \nrescrits, dons et legs, emprunts, acquisitions et ali\u00e9nations\u00a0;\n\u2013 la l\u00e9gislation fun\u00e9raire.\nArticle 4  \u00a0  : D\u00e9l\u00e9gation de signature est \u00e9galement donn\u00e9e \u00e0 M. Emile SOUMBO, sous-pr\u00e9fet de \nl'arrondissement d'Al\u00e8s, pour l'ensemble du d\u00e9partement, \u00e0 l'effet de prendre toute d\u00e9cision  \nlorsqu'il assure la direction des op\u00e9rations de secours, sous l'autorit\u00e9 du pr\u00e9fet.\nArticle  5  \u00a0  :   Afin  de  pouvoir  assurer  la  permanence  pr\u00e9fectorale  qu'il  est  amen\u00e9  \u00e0  tenir \npendant  les  jours  non  ouvrables  (samedi,  dimanche  et  jours  f\u00e9ri\u00e9s)  ou  de  fermeture \nexceptionnelle de la pr\u00e9fecture,  M.  Emile SOUMBO , sous-pr\u00e9fet de l'arrondissement d'Al\u00e8s,  \nd\u00e9sign\u00e9 dans le tableau hebdomadaire arr\u00eat\u00e9 par le pr\u00e9fet du Gard, a d\u00e9l\u00e9gation de signature \npour l'ensemble du d\u00e9partement du Gard \u00e0 l'effet de signer les documents suivants\u00a0: \n\u2013\u00a0les arr\u00eat\u00e9s de suspension des permis de conduire\u00a0;\n\u2013\u00a0les arr\u00eat\u00e9s de refus de s\u00e9jour, d'invitations \u00e0 quitter le territoire, d'obligations de  \nquitter le territoire, d'assignation \u00e0 r\u00e9sidence, d'interdiction de retour et de circulation,  \nde r\u00e9admission\u00a0;\n \u2013\u00a0les arr\u00eat\u00e9s de placement et de maintien en r\u00e9tention administrative et les d\u00e9cisions  \nde  sortie  ainsi  que  toutes  les  r\u00e9quisitions  \u00e0  ces  fins,  les  demandes  consulaires,  les \nsaisines des juges judiciaires en mati\u00e8re de prolongation de r\u00e9tention administrative\u00a0;\n\u2013\u00a0les m\u00e9moires et requ\u00eates d\u00e9pos\u00e9s devant les juridictions judiciaires et administratives\u00a0;\n\u2013\u00a0les arr\u00eat\u00e9s, d\u00e9cisions, actes, correspondances et documents en mati\u00e8re de soins  \npsychiatriques sur d\u00e9cision du repr\u00e9sentant de l'\u00c9tat\u00a0;\n\u2013\u00a0les actes pris en application de la r\u00e9glementation de la circulation conform\u00e9ment  \naux dispositions des articles R225 et R225-1 du Code de la route\u00a0;\n\u2013\u00a0les arr\u00eat\u00e9s d'immobilisation et de mise en fourri\u00e8re des v\u00e9hicules pour certaines  \ninfractions, dans le cadre de la LOPPSI\u00a0;\n\u2013\u00a0les mesures d'opposition \u00e0 sortie du territoire\u00a0;\n\u2013\u00a0les  instructions  et  r\u00e9quisitions  de  forces  de  police  et  de  gendarmerie  en  vue \nd'assurer des missions de maintien de l'ordre public\u00a0;\n\u2013\u00a0les arr\u00eat\u00e9s autorisant un transport de corps \u00e0 l'\u00e9tranger\u00a0;\n\u2013\u00a0les arr\u00eat\u00e9s autorisant une incin\u00e9ration\u00a0;\n\u2013\u00a0les  arr\u00eat\u00e9s  interdisant  une  manifestation  publique  (manifestations  a\u00e9riennes, \nconcerts, spectacles, etc.)\u00a0;\nPrefecture du Gard - 30-2026-02-11-00002 - Arr\u00eat\u00e9 donnant d\u00e9l\u00e9gation de signature \u00e0  M. Emile SOUMBO, sous-pr\u00e9fet de\nl'arrondissement d'Al\u00e8s 10\n\u2013\u00a0les  arr\u00eat\u00e9s  autorisant  ou  interdisant  une  manifestation  sportive  sur  route  ou  \u00e0 \ncaract\u00e8re nautique\u00a0;\n\u2013\u00a0les mesures de police administrative prises en application de la loi n\u00b02020-856 du 9  \njuillet 2020 organisant la sortie de l'\u00e9tat d'urgence et de ses d\u00e9crets d'application.\nTITRE III\nEXCLUSION DU CHAMP DE COMPETENCE\nArticle 6 : Demeurent r\u00e9serv\u00e9es \u00e0 la signature du pr\u00e9fet\u00a0:\n\u2013\u00a0toutes correspondances adress\u00e9es aux cabinets minist\u00e9riels ainsi que celles destin\u00e9es \naux administrations centrales\u00a0;\n\u2013\u00a0toutes  correspondances  adress\u00e9es  aux  pr\u00e9sidents  des  assembl\u00e9es  r\u00e9gionales  et  \nd\u00e9partementales  ainsi  que  les  r\u00e9ponses  aux  interventions  des  parlementaires,  des  \nconseillers d\u00e9partementaux et r\u00e9gionaux\u00a0;\n\u2013\u00a0toutes correspondances adress\u00e9es au pr\u00e9fet de r\u00e9gion et aux directeurs r\u00e9gionaux.\nTITRE IV\nDELEGATION EN CAS D'ABSENCE OU EMPECHEMENT\nArti  cle  7  \u00a0  :   En  cas  d'absence  ou  d'emp\u00eachement  de  M.  Emile  SOUMBO, sous-pr\u00e9fet  de \nl'arrondissement d'Al\u00e8s, la d\u00e9l\u00e9gation de signature qui lui est consentie pour les actes et les  \nmati\u00e8res faisant l'objet des articles 1, 2 et 3 du pr\u00e9sent arr\u00eat\u00e9, pourra \u00eatre exerc\u00e9e par\u00a0:\n\uf0d8Mme Anne LEVASSEUR, sous-pr\u00e9f\u00e8te du Vigan, \n\uf0d8M. Yann GERARD, secr\u00e9taire g\u00e9n\u00e9ral de la pr\u00e9fecture du Gard, sous-pr\u00e9fet de N\u00eemes, \n\uf0d8M. Mathieu NIEPS, sous-pr\u00e9fet, charg\u00e9 de mission aupr\u00e8s du pr\u00e9fet du Gard, secr\u00e9taire   \ng\u00e9n\u00e9ral adjoint de la pr\u00e9fecture du Gard, \n\uf0d8Mme Marie-Charlotte EUVRARD, sous-pr\u00e9f\u00e8te, directrice de cabinet du pr\u00e9fet du Gard.\nArti  cle  8  :   En  cas  d'absence  ou  d'emp\u00eachement  de  M.  Emile  SOUMBO, M.  Bruno  AMAT, \nsecr\u00e9taire g\u00e9n\u00e9ral de la sous-pr\u00e9fecture par interim, a d\u00e9l\u00e9gation de signature pour les actes  \net les mati\u00e8res faisant l'objet des articles 1, 2 et 3 du pr\u00e9sent arr\u00eat\u00e9, \u00e0 l'exception des mati\u00e8res \nci-apr\u00e8s d\u00e9sign\u00e9es  \u00a0  :  \nA \u2013 EN MATI\u00c8RE DE POLICE GENERALE ET DE POLICES SPECIALES\n\u2013\u00a0l'octroi du concours de la force publique pour l'ex\u00e9cution des jugements d'expulsion.\nPrefecture du Gard - 30-2026-02-11-00002 - Arr\u00eat\u00e9 donnant d\u00e9l\u00e9gation de signature \u00e0  M. Emile SOUMBO, sous-pr\u00e9fet de\nl'arrondissement d'Al\u00e8s 11\nB \u2013 EN MATI\u00c8RE D'ADMINISTRATION LOCALE\n\u2013\u00a0la substitution aux maires dans les cas pr\u00e9vus par les articles L.2122.34 et L.2215.1 du code  \ng\u00e9n\u00e9ral des collectivit\u00e9s territoriales\u00a0;\n\u2013\u00a0l'information, \u00e0 sa demande, de l'autorit\u00e9 locale de l'intention de ne pas saisir le tribunal  \nadministratif dans le cadre du contr\u00f4le administratif pr\u00e9vu par la loi du 2 mars 1982\u00a0;\n\u2013\u00a0la  cr\u00e9ation  de  la  commission  syndicale  pr\u00e9vue  \u00e0  l'article  L.5221.1  du  code  g\u00e9n\u00e9ral  des \ncollectivit\u00e9s  territoriales,  charg\u00e9e  de  l'administration  des  biens  et  droits  indivis  entre \nplusieurs communes.\nC \u2013 EN MATI\u00c8RE D'ADMINISTRATION G\u00c9N\u00c9RALE\n\u2013\u00a0l'autorisation de cr\u00e9ation, d'agrandissement, de transfert et de fermeture des cimeti\u00e8res,  \nchambres fun\u00e9raires et cr\u00e9matoriums concernant l'ensemble du d\u00e9partement.\n\uf0a8 Environnement, salubrit\u00e9 et sant\u00e9 publique  \n\u2013\u00a0en mati\u00e8re d'installations class\u00e9es pour la protection de l'environnement\u00a0:\n1/  tous  les  actes  concernant  l'enqu\u00eate  publique  pour  les  installations \nsoumises \u00e0 autorisation (arr\u00eat\u00e9s d'ouverture, reports\u2026),\n2/ les arr\u00eat\u00e9s de prescription, de mise en demeure et de prorogation de  \nd\u00e9lai,\n3/ les arr\u00eat\u00e9s d'autorisation et les arr\u00eat\u00e9s compl\u00e9mentaires,\n4/ les arr\u00eat\u00e9s de consignation.\n\u2013\u00a0la cr\u00e9ation et le renouvellement des commissions de suivi des sites CSS.\n\uf0a8 D\u00e9clarations d'utilit\u00e9 publique et servitudes  \n\u2013\u00a0la proc\u00e9dure d'int\u00e9r\u00eat g\u00e9n\u00e9ral pr\u00e9vue aux articles 175 et 176 du code rural pour les travaux  \nde  d\u00e9fense  des  for\u00eats  contre  l'incendie,  la  proc\u00e9dure  de  protection  contre  les  risques \nd'inondations\u00a0;\n\u2013\u00a0les  proc\u00e9dures  d'expropriation  pour  cause  d'utilit\u00e9  publique  pr\u00e9vues  par  le  code  de \nl'expropriation\u00a0;\n\u2013\u00a0la proc\u00e9dure de d\u00e9claration d'utilit\u00e9 publique des travaux d'\u00e9lectricit\u00e9 et de gaz qui ne  \nn\u00e9cessitent  que  l'\u00e9tablissement  des  servitudes  ainsi  que  les  conditions  d'\u00e9tablissement \ndesdites servitudes\u00a0;\n\u2013\u00a0la proc\u00e9dure d'\u00e9tablissement des servitudes d'appui, de passage, d'\u00e9lagage et d'abattage en \nvue de la construction ou de l'extension des lignes d'\u00e9nergie \u00e9lectrique\u00a0;\n\u2013\u00a0les autorisations de p\u00e9n\u00e9trer dans les propri\u00e9t\u00e9s priv\u00e9es pour l'\u00e9tablissement et l'entretien  \ndes lignes et installations \u00e9lectriques et de t\u00e9l\u00e9communications\u00a0;\n\u2013\u00a0la  proc\u00e9dure  d'\u00e9tablissement  d'une  servitude  sur  les  fonds  priv\u00e9s  pour  la  pose  de \ncanalisations publiques d'eau ou d'assainissement pr\u00e9vue par la loi n\u00b0 62.904 du 4 ao\u00fbt 1962;\nPrefecture du Gard - 30-2026-02-11-00002 - Arr\u00eat\u00e9 donnant d\u00e9l\u00e9gation de signature \u00e0  M. Emile SOUMBO, sous-pr\u00e9fet de\nl'arrondissement d'Al\u00e8s 12\n\u2013\u00a0les autorisations d'occupation temporaire des propri\u00e9t\u00e9s priv\u00e9es pr\u00e9vues par la loi du 29  \nd\u00e9cembre 1892\u00a0.\nD \u2013 EN MATI\u00c8RE \u00c9CONOMIQUE\n\u2013\u00a0toutes les d\u00e9cisions d'attribution des aides du fonds d'industrialisation du bassin minier  \n(F.I.B.M.);\n- les  observations  et  contr\u00f4les  effectu\u00e9s  en  tant  que  commissaire  du  gouvernement  du \ngroupement d'int\u00e9r\u00eat public (GIP) Politique de la Ville Al\u00e8s C\u00e9vennes\u00a0;\n\u2013\u00a0la  signature  des  arr\u00eat\u00e9s  attributifs  de  subvention  en  ce  qui  concerne  la  dotation \nd'\u00e9quipement des territoires ruraux (DETR)\u00a0;\nE \u2013 EN MATI\u00c8RE IMMOBILI\u00c8RE\n\u2013\u00a0l'authenticit\u00e9 des actes int\u00e9ressant le domaine priv\u00e9 immobilier de l'\u00c9tat.\nArticle  9  \u00a0  :   En  cas  d'absence  ou  d'emp\u00eachement  de  M.  Emile  SOUMBO, sous-pr\u00e9fet  de \nl'arrondissement d'Al\u00e8s,  ou de  M. Bruno AMAT , secr\u00e9taire g\u00e9n\u00e9rale de la sous-pr\u00e9fecture  \nd'Al\u00e8s par interim et chef de bureau de l'environnement et des polices administratives, Mme \nChristine DELEUZE\u00a0, cheffe de bureau des collectivit\u00e9s territoriales et du d\u00e9veloppement local \npar interim,   et  M. Alain POUGET , chef de bureau de la r\u00e9glementation fun\u00e9raire et des  \nassociations,  re\u00e7oivent  d\u00e9l\u00e9gation  de  signature  pour  les  lettres  de  transmission  et  de \ndemandes  d'avis  ainsi  que  pour  toutes  correspondances  courantes  n'emportant  pas \nd\u00e9cisions.\nLes chefs de bureau pr\u00e9-cit\u00e9s re\u00e7oivent \u00e9galement d\u00e9l\u00e9gation de signature pour les actes et  \nmati\u00e8res ci-apr\u00e8s d\u00e9sign\u00e9s :\n\u2013\u00a0les r\u00e9c\u00e9piss\u00e9s de revendeurs d'objets mobiliers\u00a0;\n\u2013\u00a0l'autorisation  des  transports  de  corps  ou  d'urne  en  dehors  du  territoire  m\u00e9tropolitain \n(comp\u00e9tence d\u00e9partementale)\u00a0;\n\u2013\u00a0les  d\u00e9rogations  au  d\u00e9lai  d'inhumation/de  cr\u00e9mation  et  les  inhumations  en  propri\u00e9t\u00e9s \npriv\u00e9es (comp\u00e9tence d\u00e9partementale)\u00a0;\n\u2013\u00a0les actes relatifs au  greffe des associations de type loi 1901 aux  fondations, associations  \ncultuelles,  associations  reconnues  d'utilit\u00e9  publique,  congr\u00e9gations,  fonds  de  dotation, \nrescrits, dons et legs, emprunts, acquisitions et ali\u00e9nations pour la totalit\u00e9 du d\u00e9partement\u00a0;\n-la  validation  pour  le  versement  du  fonds  de  compensation  de  la  TVA  (FCTVA),  pour \nl'ensemble du d\u00e9partement.\nArticle    10  \u00a0  :   L'arr\u00eat\u00e9  du 18  octobre  2024 publi\u00e9  au  recueil  des  actes  administratifs  de  la \npr\u00e9fecture du Gard sous le n\u00b0 30-2024-10-18-0007 portant d\u00e9l\u00e9gation de signature de M. Emile \nSOUMBO, sous-pr\u00e9fet de l'arrondissement d'Al\u00e8s est abrog\u00e9.\nPrefecture du Gard - 30-2026-02-11-00002 - Arr\u00eat\u00e9 donnant d\u00e9l\u00e9gation de signature \u00e0  M. Emile SOUMBO, sous-pr\u00e9fet de\nl'arrondissement d'Al\u00e8s 13\nArticle   11  \u00a0: Le pr\u00e9sent arr\u00eat\u00e9 prend effet \u00e0 compter de sa date de publication.\nArticle  12  :   Le  sous-pr\u00e9fet  d'Al\u00e8s,  la  sous-pr\u00e9f\u00e8te  du  Vigan,  le  secr\u00e9taire  g\u00e9n\u00e9ral  de  la \npr\u00e9fecture, sous-pr\u00e9fet de N\u00eemes, le sous-pr\u00e9fet  charg\u00e9 de mission aupr\u00e8s du pr\u00e9fet du Gard  \nsecr\u00e9taire g\u00e9n\u00e9ral adjoint et la sous-pr\u00e9f\u00e8te directrice de cabinet du pr\u00e9fet du Gard  sont \ncharg\u00e9s, chacun en ce qui le concerne, de l'ex\u00e9cution du pr\u00e9sent arr\u00eat\u00e9, qui sera publi\u00e9 au  \nrecueil des actes administratifs de la pr\u00e9fecture.\nN\u00eemes, le 11 f\u00e9vrier 2026\n    Le Pr\u00e9fet,\n                         sign\u00e9\n  J\u00e9r\u00f4me BONET\nPrefecture du Gard - 30-2026-02-11-00002 - Arr\u00eat\u00e9 donnant d\u00e9l\u00e9gation de signature \u00e0  M. Emile SOUMBO, sous-pr\u00e9fet de\nl'arrondissement d'Al\u00e8s 14\nPrefecture du Gard\n30-2026-02-11-00003\nArr\u00eat\u00e9 donnant d\u00e9l\u00e9gation de signature \u00e0 Mme\nAnne LEVASSEUR, sous-pr\u00e9f\u00e8te de\nl'arrondissement du Vigan\nPrefecture du Gard - 30-2026-02-11-00003 - Arr\u00eat\u00e9 donnant d\u00e9l\u00e9gation de signature \u00e0 Mme Anne LEVASSEUR, sous-pr\u00e9f\u00e8te de\nl'arrondissement du Vigan 15\n| |PREFETDU GARDLibert\u00e9Egalit\u00e9Fraternit\u00e9\nPr\u00e9fecture\nDirection de la citoyennet\u00e9, de la l\u00e9galit\u00e9 et de la coordination\nService de la coordination des politiques publiques et de l'appui territorial \nArr\u00eat\u00e9 n\u00b030-2026-02-11-00003\ndonnant d\u00e9l\u00e9gation de signature \u00e0 Mme Anne LEVASSEUR, \nsous-pr\u00e9f\u00e8te de l'arrondissement du Vigan\nLe pr\u00e9fet du Gard\nChevalier de la L\u00e9gion d'honneur,\nOfficier de l'ordre national du M\u00e9rite \nVu la  loi  n\u00b0  82-213  du  2  mars  1982  relative  aux  droits  et  libert\u00e9s  des  communes,  des \nd\u00e9partements et des r\u00e9gions, notamment son article 34\u00a0;\nVu la loi n\u00b0211-803 du 5 juillet 2011 relative aux droits et \u00e0 la protection des personnes faisant  \nl'objet de soins psychiatriques et aux modalit\u00e9s de leur prise en charge\u00a0;\nVu le d\u00e9cret n\u00b0 97.34 du 15 janvier 1997 modifi\u00e9 relatif \u00e0 la d\u00e9concentration des d\u00e9cisions  \nadministratives individuelles\u00a0;\nVu le d\u00e9cret n\u00b0 2004-374 du 29 avril 2004, modifi\u00e9 par le d\u00e9cret 2010-146 du 16 f\u00e9vrier 2010  \nrelatif, aux pouvoirs des pr\u00e9fets, \u00e0 l'organisation et \u00e0 l'action des services de l'\u00c9tat dans les  \nr\u00e9gions et d\u00e9partements\u00a0;\nVu le d\u00e9cret n\u00b0 2008-158 du 22 f\u00e9vrier  2008 relatif \u00e0 la suppl\u00e9ance des Pr\u00e9fets de r\u00e9gion et \u00e0  \nla  d\u00e9l\u00e9gation  de  signature  des  Pr\u00e9fets  et  des  Hauts  Commissaires  de  la  R\u00e9publique  en \nPolyn\u00e9sie fran\u00e7aise et en Nouvelle-Cal\u00e9donie\u00a0;\nVu le d\u00e9cret n\u00b0 2009-176 du 16 f\u00e9vrier 2009 modifiant le d\u00e9cret n\u00b0 64-805 du 29 juillet 1964  \nfixant les dispositions r\u00e9glementaires applicables aux pr\u00e9fets et le d\u00e9cret n\u00b0 2004-374 du 29  \navril 2004 relatif aux pouvoirs des pr\u00e9fets, \u00e0 l'organisation et \u00e0 l'action des services de l'\u00c9tat  \ndans les r\u00e9gions et d\u00e9partements\u00a0;\nVu le d\u00e9cret n\u00b0 2015-510 du 7 mai 2015 portant charte de la d\u00e9concentration\u00a0;\nVu  le d\u00e9cret du 2 mars 2023, nommant  Mme Anne LEVASSEUR , inspectrice hors classe de  \nl'action sanitaire et sociale, sous-pr\u00e9f\u00e8te du Vigan\u00a0;\nVu le d\u00e9cret du 13 juillet 2023 nommant M. J\u00e9r\u00f4me BONET, pr\u00e9fet du Gard\u00a0;\nVu le d\u00e9cret du 22 ao\u00fbt 2023 nommant M. Emile SOUMBO, sous-pr\u00e9fet d'Al\u00e8s\u00a0; \nVu le d\u00e9cret du 25 octobre 2023 nommant M. Mathias NIEPS , sous-pr\u00e9fet charg\u00e9 de mission  \naupr\u00e8s du pr\u00e9fet du Gard, secr\u00e9taire g\u00e9n\u00e9ral adjoint de la pr\u00e9fecture du Gard \u00a0;\nVu le d\u00e9cret du 24 avril 2024 nommant  M. Yann GERARD , secr\u00e9taire g\u00e9n\u00e9ral de la pr\u00e9fecture  \ndu Gard, sous-pr\u00e9fet de N\u00eemes\u00a0;\nVu le d\u00e9cret du 9 octobre 2024, nommant  Mme Marie-Charlotte EUVRARD,  sous-pr\u00e9f\u00e8te,  \ndirectrice de cabinet du pr\u00e9fet du Gard\u00a0;\nVu l'arr\u00eat\u00e9 30-2024-08-28-00003 du 28 ao\u00fbt 2024 portant organisation en directions, services  \net bureaux de la pr\u00e9fecture du Gard \u00a0;\nPrefecture du Gard - 30-2026-02-11-00003 - Arr\u00eat\u00e9 donnant d\u00e9l\u00e9gation de signature \u00e0 Mme Anne LEVASSEUR, sous-pr\u00e9f\u00e8te de\nl'arrondissement du Vigan 16\nVu  l'arr\u00eat\u00e9  30-2026-01-27-00002  du  27  janvier  2026  portant  organisation  en  directions, \nservices et bureaux de la pr\u00e9fecture du Gard, qui entre en vigueur le 1 er\n mars 2026, date \u00e0  \nlaquelle il abroge le pr\u00e9c\u00e9dent susvis\u00e9.\nVu  l'arr\u00eat\u00e9 n\u00b030-2026-02-11-00002 du 11 f\u00e9vrier 2026 donnant d\u00e9l\u00e9gation de signature \u00e0  M. \nEmile SOUMBO, sous-pr\u00e9fet d'Al\u00e8s \u00a0;\nVu  la  note  du  21  ao\u00fbt  2023  portant  nomination  de  Mme  V\u00e9ronique  BOISSON,  attach\u00e9e \nd'administration du Minist\u00e8re de l'Int\u00e9rieur, en qualit\u00e9 de secr\u00e9taire g\u00e9n\u00e9rale de la sous-\npr\u00e9fecture du Vigan;\nSur proposition du secr\u00e9taire g\u00e9n\u00e9ral de la pr\u00e9fecture du Gard\u00a0;\nArr\u00eate\u00a0:\nTITRE I\nD\u00c9L\u00c9GATION DANS LES LIMITES DE L'ARRONDISSEMENT DU VIGAN\nArticle  1\u00a0: D\u00e9l\u00e9gation  de  signature  est  donn\u00e9e  \u00e0 Mme  Anne  LEVASSEUR,  sous-pr\u00e9f\u00e8te  de \nl'arrondissement du Vigan, dans les limites de son arrondissement pour les mati\u00e8res d\u00e9sign\u00e9es  \nci-apr\u00e8s\u00a0:\nA \u2013 EN MATI\u00c8RE DE POLICE G\u00c9N\u00c9RALE ET DE POLICES SP\u00c9CIALES\n\u2013\u00a0tous les actes relatifs \u00e0 la commission d'arrondissement du Vigan pour la s\u00e9curit\u00e9 contre les  \nrisques d'incendie et de panique dans les ERP\u00a0;\n\u2013\u00a0l'octroi  du  concours  de  la  force  publique  pour  l'ex\u00e9cution  des  jugements  d'expulsion \nimmobili\u00e8re\u00a0;\n\u2013\u00a0la d\u00e9livrance de toutes autorisations relatives \u00e0 la police de la voie publique, exc\u00e9dant la \ncomp\u00e9tence des autorit\u00e9s municipales\u00a0;\n\u2013\u00a0la d\u00e9livrance des cartes professionnelles pour l'exercice des professions r\u00e9glement\u00e9es et  \ndes cartes de commer\u00e7ants non s\u00e9dentaires et marchands ambulants et les r\u00e9c\u00e9piss\u00e9s de  \nbrocanteurs\u00a0;\n\u2013\u00a0l'octroi  des  cartes  de  commer\u00e7ants  non  s\u00e9dentaires  et  marchands  ambulants,  et  des \nr\u00e9c\u00e9piss\u00e9s de brocanteurs\u00a0;\n\u2013\u00a0les  autorisations  d'utilisation  conjointe  de  plusieurs  polices  municipales  \u00e0  l'occasion  de \nmanifestations exceptionnelles, notamment \u00e0 caract\u00e8re culturel, r\u00e9cr\u00e9atif ou sportif\u00a0; \n\u2013\u00a0le retrait provisoire du permis de conduire\u00a0;\n\u2013\u00a0les arr\u00eat\u00e9s dits \u00ab\u00a061\u00a0\u00bb de limitation de la validit\u00e9 des permis de conduire\u00a0;\n\u2013\u00a0les d\u00e9cisions d'expulsions commerciales, de fermetures administratives de commerces pour  \nvente  illicite  de  boissons  alcoolis\u00e9es,  de  tabacs,  de  trafic  de  stup\u00e9fiants,  d'emplois \nclandestins et de main d'\u0153uvre ill\u00e9gale pour une dur\u00e9e maximale de trois mois\u00a0;\n\u2013\u00a0tous actes relatifs \u00e0 la proc\u00e9dure de sanction administrative des d\u00e9bits de boissons et les \n   d\u00e9rogations aux horaires de fermeture des d\u00e9bits de boissons,\n\u2013\u00a0les mesures de police administrative prises en application de la loi n\u00b02020-856 du 9 juillet  \n2020 organisant la sortie de l'\u00e9tat d'urgence et de ses d\u00e9crets d'application\u00a0;\nPrefecture du Gard - 30-2026-02-11-00003 - Arr\u00eat\u00e9 donnant d\u00e9l\u00e9gation de signature \u00e0 Mme Anne LEVASSEUR, sous-pr\u00e9f\u00e8te de\nl'arrondissement du Vigan 17\nB \u2013 EN MATI\u00c8RE D'ADMINISTRATION LOCALE\n\u2013\u00a0la substitution au maire dans les cas pr\u00e9vus par les articles L.2122.34 et L.2215.1 du code  \ng\u00e9n\u00e9ral des collectivit\u00e9s territoriales\u00a0;\n\u2013\u00a0les lettres d'observation et recours gracieux relatifs aux actes des collectivit\u00e9s locales, y  \ncompris  le  contr\u00f4le  de  l\u00e9galit\u00e9  des  actes  d'occupation  des  sols  et  des  documents \nd'urbanisme, sur proposition de la direction d\u00e9partementale des Territoires et de la Mer\u00a0;\n\u2013\u00a0l'information, \u00e0 sa demande, de l'autorit\u00e9 locale de l'intention de ne pas saisir le tribunal  \nadministratif dans le cadre du contr\u00f4le administratif pr\u00e9vu par la loi du 2 mars 1982\u00a0.\nC \u2013 EN MATI\u00c8RE D'ADMINISTRATION GENERALE\n\uf0a8 Droits des personnes, associations  \n\u2013\u00a0les autorisations permettant aux associations cultuelles ou de bienfaisance de recevoir des  \nsommes d\u00e9ductibles des revenus imposables des contribuables, autres que les entreprises  \n(b\u00e9n\u00e9fice des dispositions des articles 200 et 238 bis du code g\u00e9n\u00e9ral des imp\u00f4ts).\n\uf0a8 Environnement, salubrit\u00e9 et sant\u00e9 publique  \n- \u2013\u00a0en mati\u00e8re d'installations class\u00e9es pour la protection de l'environnement :\n1/ la d\u00e9livrance des r\u00e9c\u00e9piss\u00e9s de d\u00e9claration\n2/  tous  les  actes  concernant  l'enqu\u00eate  publique  pour  les  installations \nsoumises \u00e0 autorisation (arr\u00eat\u00e9s d'ouverture, reports\u2026)\n3/  tous  les  actes  concernant  les  consultations  publiques  pour  les \ninstallations class\u00e9es soumises \u00e0 enregistrement\n4/  les  arr\u00eat\u00e9s  de  mise  en  demeure,  de  prorogation  de  d\u00e9lai  et  de \nprescriptions\n5/ les arr\u00eat\u00e9s d'autorisation et les arr\u00eat\u00e9s compl\u00e9mentaires\n6/ les arr\u00eat\u00e9s de consignation\n7/ les courriers divers.\n\u2013\u00a0la cr\u00e9ation et le renouvellement des commissions de suivi des sites (CSS)\u00a0;\n\u2013\u00a0les proc\u00e9dures de d\u00e9claration et d'autorisation pr\u00e9vues par l'article 10 de la loi n\u00b0 92.3 du 3  \njanvier 1992 sur l'eau (articles 214-1 et 214-6 du code de l'environnement) et la loi du 6  \noctobre 1919 modifi\u00e9e relative \u00e0 l'utilisation de l'\u00e9nergie hydraulique\u00a0;\n\uf0a8 D\u00e9clarations d'utilit\u00e9 publique et servitudes   \n\u2013\u00a0les  proc\u00e9dures  d'expropriation  pour  cause  d'utilit\u00e9  publique  pr\u00e9vues  par  le  code  de \nl'expropriation  (arr\u00eat\u00e9s  portant  ouverture  des  enqu\u00eates  publiques,  avis  presse,  arr\u00eat\u00e9s \nportant cessibilit\u00e9, arr\u00eat\u00e9s portant d\u00e9claration d'utilit\u00e9 publique\u2026)\u00a0;\n\u2013\u00a0les proc\u00e9dures relatives \u00e0 la mise en compatibilit\u00e9 d'un plan local d'urbanisme, pr\u00e9vue \u00e0  \nl'article L 123 \u2013 16 du code de l'urbanisme\u00a0;\n\u2013\u00a0la proc\u00e9dure d'int\u00e9r\u00eat g\u00e9n\u00e9ral pr\u00e9vue aux articles 175 et 176 du code rural pour les travaux  \nde  d\u00e9fense  des  for\u00eats  contre  l'incendie,  la  proc\u00e9dure  de  protection  contre  les  risques \nd'inondations\u00a0;\nPrefecture du Gard - 30-2026-02-11-00003 - Arr\u00eat\u00e9 donnant d\u00e9l\u00e9gation de signature \u00e0 Mme Anne LEVASSEUR, sous-pr\u00e9f\u00e8te de\nl'arrondissement du Vigan 18\n\u2013\u00a0la proc\u00e9dure de d\u00e9claration d'utilit\u00e9 publique des travaux d'\u00e9lectricit\u00e9 et de gaz qui ne  \nn\u00e9cessitent  que  l'\u00e9tablissement  des  servitudes  ainsi  que  les  conditions  d'\u00e9tablissement \ndesdites servitudes\u00a0;\n\u2013\u00a0la proc\u00e9dure d'\u00e9tablissement des servitudes d'appui, de passage, d'\u00e9lagage et d'abattage en \nvue de la construction ou de l'extension des lignes d'\u00e9nergie \u00e9lectrique\u00a0;\n\u2013\u00a0les autorisations de p\u00e9n\u00e9trer dans les propri\u00e9t\u00e9s priv\u00e9es pour l'\u00e9tablissement et l'entretien  \ndes lignes et installations \u00e9lectriques et de t\u00e9l\u00e9communications\u00a0;\n\u2013\u00a0la  proc\u00e9dure  d'\u00e9tablissement  d'une  servitude  sur  les  fonds  priv\u00e9s  pour  la  pose  de \ncanalisations publiques d'eau ou d'assainissement, pr\u00e9vue par la loi n\u00b0 62.904 du 4 ao\u00fbt  \n1962\u00a0;\n\u2013\u00a0les autorisations d'occupation temporaire des propri\u00e9t\u00e9s priv\u00e9es, pr\u00e9vues par la loi du 29  \nd\u00e9cembre 1892\u00a0;\n\uf0a8 Urbanisme  \n\u2013\u00a0les actes relatifs \u00e0 l'occupation des sols \u00a0d\u00e9livr\u00e9s au nom de l'\u00c9tat, dans les communes  non  \ndot\u00e9es d'un plan local d'urbanisme, lorsqu'il y a une divergence d'avis entre le maire et le  \ndirecteur d\u00e9partemental des territoires et de la mer\u00a0;\n\u2013\u00a0les d\u00e9cisions et les lettres d'observation et de recours gracieux en mati\u00e8re de\u00a0:\n-  de plans locaux d'urbanisme\n- de cartes communales;\n- de zone d'am\u00e9nagement diff\u00e9r\u00e9 (Z.A.D.);\n- de plans de pr\u00e9vention des risques naturels et technologiques (P.P.R.N.T)\u00a0;\n- de p\u00e9rim\u00e8tres de restauration immobili\u00e8re (P.R.I.).\n\u2013\u00a0la mise \u00e0 l'enqu\u00eate publique des zones de protection du patrimoine architectural urbain et  \npaysager et p\u00e9rim\u00e8tre de r\u00e9novation immobili\u00e8re.\nD \u2013 EN MATI\u00c8RE IMMOBILI\u00c8RE\n\u2013\u00a0l'authenticit\u00e9 des actes int\u00e9ressant le domaine priv\u00e9 immobilier de l'\u00c9tat, \u00e0 l'exception de  \nceux comprenant des immeubles d\u00e9pendant de plusieurs arrondissements (l'ensemble des  \nminutes  de  ces  actes  continueront  d'\u00eatre  archiv\u00e9es,  apr\u00e8s  publication,  dans  les  \nconservations des hypoth\u00e8ques, au chef-lieu du d\u00e9partement).\nE \u2013 EN MATI\u00c8RE \u00c9CONOMIQUE ET SOCIALE\n\u2013\u00a0les accus\u00e9s de r\u00e9ception des dossiers de demandes de subvention d'investissement, au sens  \nde l'article 4 du d\u00e9cret du 16 d\u00e9cembre 1999 susvis\u00e9\u00a0;\n\u2013\u00a0la  signature  des  arr\u00eat\u00e9s  attributifs  de  subvention  en  ce  qui  concerne  la  dotation \nd'\u00e9quipement des territoires ruraux (DETR).\nF \u2013 COMP\u00c9TENCES AFF\u00c9RENTES AU FONCTIONNEMENT DE LA SOUS-PREFECTURE\n\u2013\u00a0l'octroi des cong\u00e9s annuels des agents de la sous-pr\u00e9fecture\u00a0;\n\u2013\u00a0programmes 354 hors titre 2 \u00a0: L'engagement des d\u00e9penses faites par cartes d'achats et la  \nvalidation des devis dans la limite de l'enveloppe budg\u00e9taire allou\u00e9e \u00e0 la sous-pr\u00e9fecture.\nPrefecture du Gard - 30-2026-02-11-00003 - Arr\u00eat\u00e9 donnant d\u00e9l\u00e9gation de signature \u00e0 Mme Anne LEVASSEUR, sous-pr\u00e9f\u00e8te de\nl'arrondissement du Vigan 19\nTITRE II\nD\u00c9L\u00c9GATION POUR L'ENSEMBLE DU D\u00c9PARTEMENT\nArticle 2  \u00a0  :   D\u00e9l\u00e9gation de signature est donn \u00e9e \u00e0  Mme Anne LEVASSEUR ,  sous-pr\u00e9f\u00e8te du  \nVigan, pour l'ensemble du d\u00e9partement pour les mati\u00e8res ci-apr\u00e8s\u00a0:\n\u2013\u00a0les contrats simples et d'association au titre de l'enseignement priv\u00e9\u00a0;\n\u2013\u00a0l'indemnit\u00e9 repr\u00e9sentative de logement (IRL)\u00a0;\n\u2013\u00a0la dotation sp\u00e9ciale des instituteurs (DSI)\u00a0;\n\u2013\u00a0les associations syndicales libres pour l'ensemble du d\u00e9partement;\nArticle 3  \u00a0  : D\u00e9l\u00e9gation de signature est \u00e9galement donn\u00e9e \u00e0 M. Anne LEVASSEUR, sous-pr\u00e9f\u00e9te \ndu Vigan,  pour l'ensemble du d\u00e9partement, \u00e0 l'effet de prendre \u00a0: toute d\u00e9cision lorsqu'elle  \nassure la direction des op\u00e9rations de secours, sous l'autorit\u00e9 du pr\u00e9fet.\nArticle 4     :   Afin de pouvoir assurer la permanence pr\u00e9fectorale qu'elle est amen\u00e9e \u00e0 tenir  \npendant  les  jours  non  ouvrables  (samedi,  dimanche  et  jours  f\u00e9ri\u00e9s)  ou  de  fermeture \nexceptionnelle de la pr\u00e9fecture, Mme Anne LEVASSEUR, sous-pr\u00e9f\u00e8te de l'arrondissement du  \nVigan, d\u00e9sign\u00e9e dans le tableau hebdomadaire arr\u00eat\u00e9 par le pr\u00e9fet du Gard, a d\u00e9l\u00e9gation de  \nsignature  pour  l'ensemble  du  d\u00e9partement  du  Gard  \u00e0  l'effet  de  signer  les  documents \nsuivants\u00a0: \n\u2013\u00a0les arr\u00eat\u00e9s de suspension des permis de conduire\u00a0;\n\u2013\u00a0les arr\u00eat\u00e9s de refus de s\u00e9jour, d'invitations \u00e0 quitter le territoire, d'obligations de  \nquitter le territoire, d'assignation \u00e0 r\u00e9sidence, d'interdiction de retour et de circulation,  \nde r\u00e9admission\u00a0;\n\u2013\u00a0les arr\u00eat\u00e9s de placement et de maintien en r\u00e9tention administrative et les d\u00e9cisions \nde sortie ainsi que toutes les r\u00e9quisitions \u00e0 ces fins, les demandes consulaires, les  \nsaisines des juges judiciaires en mati\u00e8re de prolongation de r\u00e9tention administrative\u00a0;\n\u2013\u00a0les m\u00e9moires et requ\u00eates d\u00e9pos\u00e9s devant les juridictions judiciaires et administratives\u00a0;\n\u2013\u00a0les  arr\u00eat\u00e9s,  d\u00e9cisions,  actes,  correspondances  et  documents  en  mati\u00e8re  de  soins \npsychiatriques sur d\u00e9cision du repr\u00e9sentant de l'\u00c9tat\u00a0;\n\u2013\u00a0les actes pris en application de la r\u00e9glementation de la circulation conform\u00e9ment  \naux dispositions des articles R225 et R225-1 du Code de la route\u00a0;\n\u2013\u00a0les arr\u00eat\u00e9s d'immobilisation et de mise en fourri\u00e8re des v\u00e9hicules pour certaines  \ninfractions, dans le cadre de la LOPPSI\u00a0;\n\u2013\u00a0les mesures d'opposition \u00e0 sortie du territoire.\n\u2013\u00a0les  instructions  et  r\u00e9quisitions  de  forces  de  police  et  de  gendarmerie  en  vue \nd'assurer des missions de maintien de l'ordre public\u00a0;\n\u2013\u00a0les arr\u00eat\u00e9s autorisant un transport de corps \u00e0 l'\u00e9tranger\u00a0;\n\u2013\u00a0les arr\u00eat\u00e9s autorisant une incin\u00e9ration\u00a0;\n\u2013\u00a0les  arr\u00eat\u00e9s  interdisant  une  manifestation  publique  (manifestations  a\u00e9riennes, \nconcerts, spectacles, etc.)\u00a0;\n\u2013\u00a0les  arr\u00eat\u00e9s  autorisant  ou  interdisant  une  manifestation  sportive  sur  route  ou  \u00e0 \ncaract\u00e8re nautique\u00a0;\n\u2013\u00a0les mesures de police administrative prises en application de la loi n\u00b02020-856 du 9  \njuillet 2020 organisant la sortie de l'\u00e9tat d'urgence et de ses d\u00e9crets d'application.\nPrefecture du Gard - 30-2026-02-11-00003 - Arr\u00eat\u00e9 donnant d\u00e9l\u00e9gation de signature \u00e0 Mme Anne LEVASSEUR, sous-pr\u00e9f\u00e8te de\nl'arrondissement du Vigan 20\nTITRE III\nEXCLUSION DU CHAMP DE D\u00c9L\u00c9GATION \nArtic  le 5  \u00a0  :   Demeurent r\u00e9serv\u00e9es \u00e0 la signature du pr\u00e9fet :\n\u2013\u00a0toutes  correspondances  adress\u00e9es  aux  cabinets  minist\u00e9riels  ainsi  que  celles  \ndestin\u00e9es aux administrations centrales\u00a0;\n\u2013\u00a0toutes correspondances adress\u00e9es aux pr\u00e9sidents des assembl\u00e9es r\u00e9gionales et \n d\u00e9partementales ainsi que les r\u00e9ponses aux interventions des parlementaires, des  \nconseillers d\u00e9partementaux et r\u00e9gionaux\u00a0;\n\u2013\u00a0toutes correspondances adress\u00e9es au pr\u00e9fet de r\u00e9gion et aux directeurs r\u00e9gionaux.\nTITRE IV\nD\u00c9L\u00c9GATION EN CAS D'ABSENCE OU D'EMP\u00caCHEMENT \nArti  cle 6  \u00a0  :   En cas d'absence ou d'emp\u00eachement de  Mme Anne LEVASSEUR , sous-pr\u00e9f\u00e8te de  \nl'arrondissement du Vigan, la d\u00e9l\u00e9gation de signature qui lui est consentie \u00e0 l'article 1 du titre  \nI et \u00e0 l'article 2 du titre II du pr\u00e9sent arr\u00eat\u00e9 pourra \u00eatre exerc\u00e9e par\u00a0:\n\uf0d8M. Emile SOUMBO, sous-pr\u00e9fet d'Al\u00e8s\u00a0,\n\uf0d8M. Yann GERARD, secr\u00e9taire g\u00e9n\u00e9ral de la pr\u00e9fecture du Gard, sous-pr\u00e9fet de N\u00eemes,\n\uf0d8M. Mathias NIEPS, sous-pr\u00e9fet, charg\u00e9 de mission aupr\u00e8s du pr\u00e9fet du Gard,\n    secr\u00e9taire g\u00e9n\u00e9ral adjoint de la pr\u00e9fecture du Gard, ou\n\uf0d8Mme Marie-Charlotte EUVRARD , sous-pr\u00e9f\u00e8te, directrice de cabinet du pr\u00e9fet du  \nGard.\nArticle 7  : En cas d'absence ou d'emp\u00each ement de Mme Anne LEVASSEUR , sous-pr\u00e9f\u00e8te du  \nVigan,  Mme V\u00e9ronique BOISSON , secr\u00e9taire g\u00e9n\u00e9rale de la sous-pr\u00e9fecture du Vigan, re\u00e7oit  \nd\u00e9l\u00e9gation de signature pour les actes et les mati\u00e8res faisant l'objet de l'article 1er\n du titre I du \npr\u00e9sent arr\u00eat\u00e9, \u00e0 l'exception des mati\u00e8res   ci-apr\u00e8s d\u00e9sign\u00e9es  \u00a0  :  \nA \u2013 EN MATI\u00c8RE DE POLICE G\u00c9N\u00c9RALE ET DE POLICES SPECIALES\n\u2013\u00a0l'octroi du concours de la force publique pour l'ex\u00e9cution des jugements d'expulsion\u00a0;\nB \u2013 EN MATI\u00c8RE D'ADMINISTRATION LOCALE\n\u2013\u00a0la substitution au maire dans les cas pr\u00e9vus par les articles L. 2122.34 et L.2215.1 du code  \ng\u00e9n\u00e9ral des collectivit\u00e9s territoriales\u00a0;\n\u2013\u00a0d\u00e9livrance des cartes de maires et adjoints\u00a0;\n\u2013\u00a0les lettres d'observation et recours gracieux relatifs aux actes des collectivit\u00e9s locales, y  \ncompris  le  contr\u00f4le  de  l\u00e9galit\u00e9  des  actes  d'occupation  des  sols  et  des  documents \nd'urbanisme, sur proposition de la direction d\u00e9partementale des Territoires et de la Mer\u00a0;\nPrefecture du Gard - 30-2026-02-11-00003 - Arr\u00eat\u00e9 donnant d\u00e9l\u00e9gation de signature \u00e0 Mme Anne LEVASSEUR, sous-pr\u00e9f\u00e8te de\nl'arrondissement du Vigan 21\n\u2013\u00a0l'information, \u00e0 la demande de l'autorit\u00e9 locale, de l'intention de ne pas saisir le tribunal  \nadministratif dans le cadre du contr\u00f4le administratif pr\u00e9vu par la loi du 2 mars 1982\u00a0;\nC \u2013 EN MATI\u00c8RE D'ADMINISTRATION G\u00c9N\u00c9RALE\n\uf0a8 Environnement, salubrit\u00e9 et sant\u00e9 publique  \n\u2013\u00a0les proc\u00e9dures de d\u00e9claration et d'autorisation pr\u00e9vues par l'article 10 de la loi n\u00b0 92.3 du 3  \njanvier 1992 sur l'eau\u00a0;\n\u2013\u00a0les arr\u00eat\u00e9s de composition de la commission m\u00e9dicale d'aptitude des conducteurs et des  \ncandidats au permis de conduire sur l'arrondissement du Vigan.\n\uf0a8 D\u00e9clarations d'utilit\u00e9 publique et servitudes  \n\u2013\u00a0les  proc\u00e9dures  d'expropriation  pour  cause  d'utilit\u00e9  publique  pr\u00e9vues  par  le  code  de \nl'expropriation\u00a0;\n\u2013\u00a0la proc\u00e9dure d'int\u00e9r\u00eat g\u00e9n\u00e9ral pr\u00e9vue aux articles 175 et 176 du code rural pour les travaux  \nde  d\u00e9fense  des  for\u00eats  contre  l'incendie,  la  proc\u00e9dure  de  protection  contre  les  risques \nd'inondations\u00a0;\n\u2013\u00a0la proc\u00e9dure de d\u00e9claration d'utilit\u00e9 publique des travaux d'\u00e9lectricit\u00e9 et de gaz qui ne  \nn\u00e9cessitent  que  l'\u00e9tablissement  des  servitudes  ainsi  que  les  conditions  d'\u00e9tablissement \ndesdites servitudes\u00a0;\n\u2013\u00a0la proc\u00e9dure d'\u00e9tablissement des servitudes d'appui, de passage, d'\u00e9lagage et d'abattage en \nvue de la construction ou de l'extension des lignes d'\u00e9nergie \u00e9lectrique\u00a0;\n\u2013\u00a0les autorisations de p\u00e9n\u00e9trer dans les propri\u00e9t\u00e9s priv\u00e9es pour l'\u00e9tablissement et l'entretien  \ndes lignes et installations \u00e9lectriques et de t\u00e9l\u00e9communications\u00a0;\n\u2013\u00a0la  proc\u00e9dure  d'\u00e9tablissement  d'une  servitude  sur  les  fonds  priv\u00e9s  pour  la  pose  de \ncanalisations publiques d'eau ou d'assainissement pr\u00e9vue par la loi n\u00b0 62.904 du 4 ao\u00fbt  \n1962\u00a0;\n\u2013\u00a0les autorisations d'occupation temporaire des propri\u00e9t\u00e9s priv\u00e9es, pr\u00e9vues par la loi du 29  \nd\u00e9cembre 1892.\nD \u2013 EN MATI\u00c8RE IMMOBILIERE\n\u2013\u00a0l'authenticit\u00e9 des actes int\u00e9ressant le domaine priv\u00e9 immobilier de l'\u00c9tat.\nE \u2013 EN MATI\u00c8RE \u00c9CONOMIQUE ET SOCIALE\n\u2013\u00a0la  signature  des  arr\u00eat\u00e9s  attributifs  de  subvention  en  ce  qui  concerne  la  dotation \nd'\u00e9quipement des territoires ruraux (DETR)\u00a0;\nArticle  8  \u00a0  :   l'arr\u00eat\u00e9  du  18  octobre  2024 publi\u00e9  au  recueil  des  actes  administratifs  de  la \npr\u00e9fecture du Gard sous le n\u00b0 30-2024-10-18-00008 donnant d\u00e9l\u00e9gation de signature \u00e0 Mme \nAnne LEVASSEUR, sous-pr\u00e9f\u00e8te du Vigan est abrog\u00e9.\nArticle 9  \u00a0  :   Le pr\u00e9sent arr\u00eat\u00e9 prend effet \u00e0 compter de sa date de publication.\nPrefecture du Gard - 30-2026-02-11-00003 - Arr\u00eat\u00e9 donnant d\u00e9l\u00e9gation de signature \u00e0 Mme Anne LEVASSEUR, sous-pr\u00e9f\u00e8te de\nl'arrondissement du Vigan 22\nArticle  10  : L a  sous-pr\u00e9f\u00e8te  du  Vigan, le  sous-pr\u00e9fet  d'Al\u00e8s,  le  secr\u00e9taire  g\u00e9n\u00e9ral  de  la \npr\u00e9fecture, sous-pr\u00e9fet de N\u00eemes, le sous-pr\u00e9fet  charg\u00e9 de mission aupr\u00e8s du pr\u00e9fet du Gard  \nsecr\u00e9taire g\u00e9n\u00e9ral adjoint et la sous-pr\u00e9f\u00e8te directrice de cabinet du pr\u00e9fet du Gard  sont \ncharg\u00e9s, chacun en ce qui le concerne, de l'ex\u00e9cution du pr\u00e9sent arr\u00eat\u00e9, qui sera publi\u00e9 au  \nrecueil des actes administratifs de la pr\u00e9fecture.\nN\u00eemes, le 11 f\u00e9vrier 2026\nLe pr\u00e9fet,\n                     sign\u00e9\n  J\u00e9r\u00f4me BONET\nPrefecture du Gard - 30-2026-02-11-00003 - Arr\u00eat\u00e9 donnant d\u00e9l\u00e9gation de signature \u00e0 Mme Anne LEVASSEUR, sous-pr\u00e9f\u00e8te de\nl'arrondissement du Vigan 23\nPrefecture du Gard\n30-2026-02-11-00004\nArr\u00eat\u00e9 N\u00b030-2026-02-11-00004\nportant restriction de la libert\u00e9 d'aller et venir\ndes supporters de Sporting Club de Toulon \u00e0\nl'occasion de la 18 \u00e8me journ\u00e9e de championnat\nde France de football de National 2 opposant\nl'\u00e9quipe du N\u00eemes Olympique \u00e0 celle du Sporting\nClub de Toulon                          le samedi 14 f\u00e9vrier\n2026 \u00e0 18h00 au stade des Antonins \u00e0 N\u00eemes\nPrefecture du Gard - 30-2026-02-11-00004 - Arr\u00eat\u00e9 N\u00b030-2026-02-11-00004\nportant restriction de la libert\u00e9 d'aller et venir des supporters de Sporting Club de Toulon \u00e0 l'occasion de la 18 \u00e8me journ\u00e9e de\nchampionnat de France de football de National 2 opposant l'\u00e9quipe du N\u00eemes Olympique \u00e0 celle du Sporting Club de Toulon               \n          le samedi 14 f\u00e9vrier 2026 \u00e0 18h00 au stade des Antonins \u00e0 N\u00eemes\n24\nCabinetti Direction des s\u00e9curit\u00e9sDU GARD Service d'animation des politiques de s\u00e9curit\u00e9 int\u00e9rieureLibert\u00e9\u00c9galit\u00e9Fraternit\u00e9\nArr\u00eat\u00e9 N\u00b030-2026-02-portant restriction de la libert\u00e9 d'aller et venir des supporters de Sporting Club de Toulon\u00e0 l'occasion de la 18 *\"* journ\u00e9e de championnat de France de football de National 2opposant l'\u00e9quipe du N\u00eemes Olympique \u00e0 celle du Sporting Club de Toulonle samedi 14 f\u00e9vrier 2026 \u00e0 18h00 au stade des Antonins \u00e0 N\u00eemes\nLe Pr\u00e9fet,Chevalier de la L\u00e9gion d'Honneur,Officier de l'Ordre National du M\u00e9rite,\nVu le Code p\u00e9nal ;Vu le Code g\u00e9n\u00e9ral des collectivit\u00e9s territoriales et notamment son article L.2214-4;Vu le Code de la s\u00e9curit\u00e9 int\u00e9rieure ;Vu le Code des relations entre le public et les administrations notamment ses articlesL.211-2 et L.211-5 ;Vu le Code du sport, notamment ses articles L.332-1 a L.332-21 ;Vu la loi du 2 mars 2010 renfor\u00e7ant la lutte contre les violences de groupes et la protectiondes personnes charg\u00e9es d'une mission de service public ;Vu la loi n\u00b02016-564 du 10 mai 2016 et les d\u00e9crets n\u00b02016-957 du 12 juillet 2016 et n\u00b02016-1954 du 28 d\u00e9cembre 2016 renfor\u00e7ant le dialogue avec les supporters et la lutte contre lehooliganisme ;Vu la loi n\u00b0 2017-1510 du 30 octobre 2017 renforcant la s\u00e9curit\u00e9 int\u00e9rieure et la lutte contrele terrorisme ;Vu le d\u00e9cret n\u00b02025-723 du 30juillet 2025 modifiant le d\u00e9cret n\u00b02004-374 du 29 avril 2004modifi\u00e9 relatif aux pouvoirs des pr\u00e9fets \u00e0 l'organisation et a l'action des services de l'Etatdans les r\u00e9gions et les d\u00e9partements ;Vu le d\u00e9cret n\u00b02021-551 du 4 mai 2021 portant publication de la convention de Conseil del'Europe sur une approche int\u00e9gr\u00e9e de la s\u00e9curit\u00e9, de la s\u00fbret\u00e9 et des services lors desmatchs de football et autres manifestations sportives ;Vu l'arr\u00eat\u00e9 minist\u00e9riel du 28 ao\u00fbt 2007 portant cr\u00e9ation d'un traitement automatis\u00e9 dedonn\u00e9es \u00e0 caract\u00e8re personnel relatif aux personnes interdites de stade ;Vu la circulaire du ministre de l'Int\u00e9rieur INTK2127556]J du 10 septembre 2021 relative \u00e0 lalutte contre la violence dans les stades ;\nPrefecture du Gard - 30-2026-02-11-00004 - Arr\u00eat\u00e9 N\u00b030-2026-02-11-00004\nportant restriction de la libert\u00e9 d'aller et venir des supporters de Sporting Club de Toulon \u00e0 l'occasion de la 18 \u00e8me journ\u00e9e de\nchampionnat de France de football de National 2 opposant l'\u00e9quipe du N\u00eemes Olympique \u00e0 celle du Sporting Club de Toulon               \n          le samedi 14 f\u00e9vrier 2026 \u00e0 18h00 au stade des Antonins \u00e0 N\u00eemes\n25\nVu l'instruction minist\u00e9rielle compl\u00e9mentaire INTK213355J du 31 d\u00e9cembre 2021 relativeaux mesures de police administrative pour lutter contre la violence dans les stades ;Vu l'instruction minist\u00e9rielle INTD2205085J du 25 avril 2022 relative aux rencontressportives a risques et interdictions de d\u00e9placement de supporters ;Vu le guide d'organisation et de s\u00e9curisation des rencontres sportives a risques du 24d\u00e9cembre 2025 ;Vu le d\u00e9cret du 13 juillet 2023 nommant Monsieur J\u00e9r\u00f4me BONET, pr\u00e9fet du Gard;Vu l'arr\u00eat\u00e9 pr\u00e9fectoral n\u00b030-2024-10-18-00009 du 18 octobre 2024 donnant d\u00e9l\u00e9gation designature \u00e0 Madame Marie-Charlotte EUVRARD, sous-pr\u00e9f\u00e8te, directrice de cabinet dupr\u00e9fet du Gard;Consid\u00e9rant qu'en vertu de l'article L.332-16-2 du Code du sport, il appartient aurepr\u00e9sentant de l'\u00c9tat dans le d\u00e9partement, pour pr\u00e9venir les troubles graves \u00e0 l'ordrepublic et assurer la s\u00e9curit\u00e9 des personnes et des biens \u00e0 l'occasion des manifestationssportives, de restreindre la libert\u00e9 d'aller et de venir des personnes se pr\u00e9valant de laqualit\u00e9 des supporters ou se comportant comme tel, dont la pr\u00e9sence sur le lieu d'unemanifestation sportive est susceptible d'occasionner des troubles graves \u00e0 l'ordre public ;Consid\u00e9rant que l'\u00e9quipe du Nimes Olympique rencontrera dans le cadre de la 18\u00b0\"\u00b0journ\u00e9e de championnat de France de football de National 2 l'\u00e9quipe du Sporting Club deToulon le samedi 14 f\u00e9vrier 2026 \u00e0 18h00 au stade des Antonins \u00e0 N\u00eemes ;Consid\u00e9rant l'attente tr\u00e8s forte des supporters ultras du Sporting Club de Toulon vis-\u00e0-visde ce match et de la tendance de certains supporters \u00e0 se comporter de mani\u00e8resviolentes;Consid\u00e9rant que la Division Nationale de Lutte contre le Hooliganisme a class\u00e9 la rencontre dusamedi 14 f\u00e9vrier 2026, au niveau 1, sur une \u00e9chelle de 5, risques mod\u00e9r\u00e9s en raison du fluxinhabituel de supporters ou \u00e0 la pr\u00e9sence de profils susceptibles d'adopter des comportementsd\u00e9viants sur son \u00e9chelle de dangerosit\u00e9 ;Consid\u00e9rant qu'il existe un fort et ancien antagonisme entre les supporters de l'\u00e9quipe duN\u00eemes Olympique et ceux de l'\u00e9quipe du Sporting Club de Toulon qui s'est traduit par denombreuses confrontations et des ant\u00e9c\u00e9dents anciens opposant les fans les plus radicauxdes deux clubs ;Consid\u00e9rant que le samedi 6 septembre 2025, lors du match aller de la 4\u00b0\"\u00b0 journ\u00e9e dechampionnat de France de football de National 2, l'\u00e9quipe du N\u00eemes Olympique s'estrendue dans le Var. Arriv\u00e9e \u00e0 Toulon, peu de temps apr\u00e8s le d\u00e9but du match, une partie dugroupe des nimois appartenant au GN-91 ont \u00e9t\u00e9 pris \u00e0 partie par leurs homologueslocaux, qui les attendaient aux abords du stade. Lors du d\u00e9part des supporters nimois dustade, les forces de l'ordre ont d\u00fb faire barrage aux ultras toulonnais qui voulaient end\u00e9coudre. Au total, cent-vingt-huit supporters nimois se sont d\u00e9plac\u00e9s pour assister aumatch, dont une quarantaine de membres de l'association Nemausus \u2014 2013 et unetrentaine d'ultras du groupe GN-91 ;Consid\u00e9rant que lors du d\u00e9placement des supporters du N\u00eemes Olympique, le 6septembre 2025, \u00e0 la fin du match, les forces de l'ordre ont d\u00fb faire usage du gazlacrymog\u00e8ne, de l'emploi de MP7 de GENL et du LBD afin de repousser les supporterstoulonnais pr\u00eats \u00e0 en d\u00e9coudre lors du d\u00e9part des nimois. Les supporters du Sporting Club\nPrefecture du Gard - 30-2026-02-11-00004 - Arr\u00eat\u00e9 N\u00b030-2026-02-11-00004\nportant restriction de la libert\u00e9 d'aller et venir des supporters de Sporting Club de Toulon \u00e0 l'occasion de la 18 \u00e8me journ\u00e9e de\nchampionnat de France de football de National 2 opposant l'\u00e9quipe du N\u00eemes Olympique \u00e0 celle du Sporting Club de Toulon               \n          le samedi 14 f\u00e9vrier 2026 \u00e0 18h00 au stade des Antonins \u00e0 N\u00eemes\n26\nde Toulon ont lanc\u00e9 des projectiles, dont des feux de bengales en direction du convoi dessupporters du Nimes Olympique ;Consid\u00e9rant que les d\u00e9placements des supporters de l'\u00e9quipe du Sporting Club de Toulonsont fr\u00e9quemment une source de troubles \u00e0 l'ordre public du fait du comportementviolent de certains supporters ;Consid\u00e9rant que plus de 5000 spectateurs sont attendus pour cette rencontre; qu'ilr\u00e9sulte des informations recueillies qu'une cinquantaine de supporters a risque, affili\u00e9s augroupement ultra \u00ab Old Clan\u00bb et \u00ab Du Pass\u00e9 Je Suis Amoureux \u00bb ont pr\u00e9vu de faire led\u00e9placement; que compte tenu des relations d'inimiti\u00e9 entre les supporters des deux\u00e9quipes, un risque d'affrontement entre les supporters est fortement possible ;Consid\u00e9rant que le risque de troubles graves \u00e0 l'ordre public est av\u00e9r\u00e9, que la mobilisationdes forces de s\u00e9curit\u00e9, m\u00e9me en nombre important, n'est pas suffisante, en toutescirconstances et en tous lieux de la ville de Nimes, pour assurer la s\u00e9curit\u00e9 des personnes,et notamment celle des supporters eux-m\u00eames; que par ailleurs, les forces de l'ordre,toujours fortement mobilis\u00e9es pour faire face \u00e0 la menace terroriste, serontparticuli\u00e8rement mobilis\u00e9es par la s\u00e9curisation :N\u00eemes Urban Trail \u00e9dition 2026 \u00e0 N\u00eemesLa Foire de N\u00eemesVisites guid\u00e9es \u00ab Les histoires d'amour finissent mal... \u00bb a NimesFestival Au Fil du Jazz \u00e0 MeynesLe salon du livre \u00e0 MarguerittesBalade patrimoniale \u00e0 v\u00e9lo \u00e0 RemoulinsStand Up - Pierre Thevenoux life coach \u00e0 Uz\u00e8s ;Consid\u00e9rant qu'elles ne sauraient \u00eatre distraites de ces missions prioritaires pour r\u00e9pondre\u00e0 des d\u00e9bordements li\u00e9s au comportement violent de supporters dans le cadre derencontres sportives ;Consid\u00e9rant que dans ces conditions, la pr\u00e9sence sur la voie publique, aux alentours dustade des Antonins, de personnes se pr\u00e9valant de la qualit\u00e9 de supporter de l'\u00e9quipe duSporting Club de Toulon ou connues comme tel, a l'occasion de la rencontre du samedi 14f\u00e9vrier 2026 comporte des risques s\u00e9rieux pour la s\u00e9curit\u00e9 des personnes et des biens etqu'il convient ainsi de limiter la libert\u00e9 d'aller et venir de toute personne se pr\u00e9valant dequalit\u00e9 de supporters du Sporting Club de Toulon ;Consid\u00e9rant que la mobilisation des forces de s\u00e9curit\u00e9, m\u00eame en nombre important, nepourra, \u00e0 d\u00e9faut de l'adoption de mesures de restriction et d'encadrement particuli\u00e8res,suffire \u00e0 assurer la s\u00e9curit\u00e9 des personnes et notamment des supporters eux-m\u00eames ;Consid\u00e9rant que, dans le m\u00eame temps, les forces de l'ordre sont toujours particuli\u00e8rementmobilis\u00e9es pour faire face \u00e0 la menace terroriste qui demeure actuelle et pr\u00e9gnante surl'ensemble du territoire national; qu'elles ne sauraient \u00eatre d\u00e9tourn\u00e9es de ces missionsprioritaires pour r\u00e9pondre \u00e0 des d\u00e9bordements li\u00e9s au comportement de supporters dansle cadre de rencontres sportives telles que ce match;Consid\u00e9rant que la disponibilit\u00e9 des forces mobiles est limit\u00e9e, dont le concours n'estaucunement garanti \u00e0 la date de signature du pr\u00e9sent arr\u00eat\u00e9, pour assurer la s\u00e9curit\u00e9 depersonnes, et notamment celle des supporters eux-m\u00eames ;\nPrefecture du Gard - 30-2026-02-11-00004 - Arr\u00eat\u00e9 N\u00b030-2026-02-11-00004\nportant restriction de la libert\u00e9 d'aller et venir des supporters de Sporting Club de Toulon \u00e0 l'occasion de la 18 \u00e8me journ\u00e9e de\nchampionnat de France de football de National 2 opposant l'\u00e9quipe du N\u00eemes Olympique \u00e0 celle du Sporting Club de Toulon               \n          le samedi 14 f\u00e9vrier 2026 \u00e0 18h00 au stade des Antonins \u00e0 N\u00eemes\n27\nConsid\u00e9rant que, dans ces conditions, la pr\u00e9sence sur la voie publique, en centre-ville, auxalentours du stade des Antonins, de personnes se pr\u00e9valant de la qualit\u00e9 de supporters duSporting Club de Toulon ou connues comme \u00e9tant supporters de ce club, a l'occasion dumatch qui se d\u00e9roulera le samedi 14 f\u00e9vriers 2026 a 18h00, comporte des risques s\u00e9rieuxpour la s\u00e9curit\u00e9 des personnes et des biens et qu'il convient ainsi de limiter la libert\u00e9d'aller et venir de toute personne se pr\u00e9valant de la qualit\u00e9 de supporters du SportingClub de Toulon ;Consid\u00e9rant la posture du plan VIGIPIRATE a son stade maximal \u00ab Urgence attentat \u00bb surl'ensemble du territoire applicable depuis le 7 mai 2024, r\u00e9\u00e9valu\u00e9e le 5 janvier 2026 enraison du conflit au Proche-Orient, laissant craindre une forme de polarisation pouvantengendrer des cons\u00e9quences sur le territoire national, notamment de possibles troubles al'ordre public et actions cibl\u00e9es contre certaines communaut\u00e9s, leurs b\u00e2timents etrepr\u00e9sentants symboliques; que par cons\u00e9quent les forces de s\u00e9curit\u00e9 sont fortementmobilis\u00e9es;Consid\u00e9rant |'urgence a pr\u00e9venir ces atteintes et \u00e0 assurer la s\u00e9curit\u00e9 des personnes et desbiens ; |\nSur proposition de Madame la directrice de cabinet du pr\u00e9fet de Gard:ARR\u00caTE\nArticle 1 - Est interdit \u00e0 toute personne se pr\u00e9valant de la qualit\u00e9 de supporters duSporting Club de Toulon ou se comportant comme tel du samedi 14 f\u00e9vrier 2026 \u00e0 06h00,au dimanche 15 f\u00e9vrier 06h00 de circuler ou de stationner sur la voie publique dans unp\u00e9rim\u00e8tre d\u00e9limit\u00e9 par les rues suivantes et dont la cartographie est annex\u00e9e au pr\u00e9sentarr\u00eat\u00e9 :- au Nord: Quais de la Fontaine \u2014 Boulevard Gambetta- \u00e0 l'Est : rue S\u00e9guier \u2014 rue des Jardins \u2014 rue de Bouillargues \u2014 Boulevard Salvador Allende -route de Saint-Gilles- au Sud : p\u00e9age de Nimes centre sur l'A54 - autoroute - p\u00e9age Nimes Ouest sur I'A9- \u00e0 l'Ouest: chemin du mas de Dev\u00e8ze - chemin du cimeti\u00e8re - D540 avenue GeorgesDayan - Avenue Jean Jaur\u00e8s \u2014 rue de Verdun - avenue Georges PompidouArticle 2 \u2014 Fait exception aux dispositions de l'article 1, le d\u00e9placement des supporters duSporting Club de Toulon, pr\u00e9munis de titres d'acc\u00e8s au stade, et achemin\u00e9es sous laresponsabilit\u00e9 du Sporting Club de Toulon, exclusivement par bus, qui devront seregrouper au point de rendez-vous, aire de N\u00eemes Costi\u00e8res, afin d'\u00eatre achemin\u00e9s vers leparking visiteur, tribune nord du stade des Antonins.Les forces de s\u00e9curit\u00e9 int\u00e9rieure escorteront le bus du point de ralliement jusqu'au stadedes Antonins, il en est de m\u00eame pour le d\u00e9part \u00e0 la fin de la rencontre.L'arriv\u00e9e du bus au point de rendez-vous est fix\u00e9e au plus tard \u00e0 17h00.Le d\u00e9part du bus \u00e0 la fin du match est fix\u00e9 au plus tard \u00e0 20h30.\nPrefecture du Gard - 30-2026-02-11-00004 - Arr\u00eat\u00e9 N\u00b030-2026-02-11-00004\nportant restriction de la libert\u00e9 d'aller et venir des supporters de Sporting Club de Toulon \u00e0 l'occasion de la 18 \u00e8me journ\u00e9e de\nchampionnat de France de football de National 2 opposant l'\u00e9quipe du N\u00eemes Olympique \u00e0 celle du Sporting Club de Toulon               \n          le samedi 14 f\u00e9vrier 2026 \u00e0 18h00 au stade des Antonins \u00e0 N\u00eemes\n28\nArticle 3 \u2014 Sont interdits du samedi 14 f\u00e9vrier 2026 \u00e0 06h00, au dimanche 15 f\u00e9vrier06h00:- dans le p\u00e9rim\u00e8tre vis\u00e9 \u00e0 l'article1 et dans l'enceinte du stade : la possession, le transportet l'utilisation de tous p\u00e9tards, fumig\u00e8nes, drapeaux ou banderoles dont les inscriptionsappellent \u00e0 la provocation, \u00e0 la violence ou \u00e0 la haine et tout objet pouvant \u00eatre utilis\u00e9comme projectile, ainsi que la possession et le transport de toute boisson alcoolis\u00e9e,- dans le p\u00e9rim\u00e8tre vis\u00e9 \u00e0 l'article 1 tout comportement permettant de caract\u00e9riser laqualit\u00e9 d'un individu en tant que supporter du Sporting Club de Toulon: arborer undrapeau, une \u00e9charpe, un signe ou toute autre pi\u00e8ce de v\u00eatement aux couleurs ou auxsymboles de Sporting Club de Toulon ou de chanter les hymnes propres \u00e0 ce club.Article 4 - Toute infraction au pr\u00e9sent arr\u00eat\u00e9 est passible de sanctions pr\u00e9vues par le Codep\u00e9nal et par les dispositions des articles L.211-15, R.211-30 du Code de la s\u00e9curit\u00e9 int\u00e9rieureet peut donner lieu notamment \u00e0 la saisie du mat\u00e9riel en vue de sa confiscation par letribunal.Article 5 - Le pr\u00e9sent arr\u00eat\u00e9 pr\u00e9fectoral entre en vigueur \u00e0 compter de sa publication aurecueil des actes administratifs de la pr\u00e9fecture du Gard. Il est publi\u00e9 sur le site internet etles r\u00e9seaux sociaux de la pr\u00e9fecture pour l'information du public. Il sera notifi\u00e9 \u00e0 Monsieurle Directeur Interd\u00e9partemental de la Police Nationale du Gard, au Colonel, commandantle groupement de gendarmerie d\u00e9partementale du Gard, \u00e0 Madame la Procureure de lar\u00e9publique pr\u00e8s le Tribunal judiciaire de N\u00eemes, \u00e0 Messieurs les pr\u00e9sidents de la Ligue deFootball Professionnel, des clubs du N\u00eemes Olympique et du Sporting Club de Toulon et \u00e0Monsieur le Maire de la ville de N\u00eemes. II sera affich\u00e9 en mairie de Nimes et aux abords desp\u00e9rim\u00e8tres d\u00e9finis \u00e0 l'article 1.Article 6 - Le pr\u00e9sent arr\u00eat\u00e9 peut faire l'objet d'un recours gracieux aupr\u00e8s de Monsieur lepr\u00e9fet du Gard (Pr\u00e9fecture du Gard 30045 Nimes Cedex 9), d'un recours hi\u00e9rarchiqueadress\u00e9 \u00e0 Monsieur le ministre de l'Int\u00e9rieur place Beauvau 75008 Paris ou d'un recourscontentieux devant le tribunal administratif de N\u00eemes, dans un d\u00e9lai de deux mois suivantsa publication. Le tribunal administratif peut aussi \u00eatre saisi par l'application informatique\u00abTelerecours Citoyens\u00bb accessible par le site internet www.telerecours.fr.Article 7 - Madame la directrice de cabinet du pr\u00e9fet du Gard, Monsieur le secr\u00e9taireg\u00e9n\u00e9ral de la pr\u00e9fecture du Gard, sous-pr\u00e9fet de l'arrondissement de Nimes, Monsieur leColonel, commandant le groupement de gendarmerie d\u00e9partementale du Gard, Monsieurle Directeur Interd\u00e9partemental de la Police Nationale du Gard, Monsieur le maire deNimes, sont charg\u00e9s, chacun en ce qui les concerne, de l'ex\u00e9cution du pr\u00e9sent arr\u00eat\u00e9.N\u00eemes, le 1:1 FEV, 2026Le pr\u00e9fetFI ER\u00e9fetla sous-pr\u00e9feMarie-Charlotte EUVRARD\nPrefecture du Gard - 30-2026-02-11-00004 - Arr\u00eat\u00e9 N\u00b030-2026-02-11-00004\nportant restriction de la libert\u00e9 d'aller et venir des supporters de Sporting Club de Toulon \u00e0 l'occasion de la 18 \u00e8me journ\u00e9e de\nchampionnat de France de football de National 2 opposant l'\u00e9quipe du N\u00eemes Olympique \u00e0 celle du Sporting Club de Toulon               \n          le samedi 14 f\u00e9vrier 2026 \u00e0 18h00 au stade des Antonins \u00e0 N\u00eemes\n29\nPrefecture du Gard - 30-2026-02-11-00004 - Arr\u00eat\u00e9 N\u00b030-2026-02-11-00004\nportant restriction de la libert\u00e9 d'aller et venir des supporters de Sporting Club de Toulon \u00e0 l'occasion de la 18 \u00e8me journ\u00e9e de\nchampionnat de France de football de National 2 opposant l'\u00e9quipe du N\u00eemes Olympique \u00e0 celle du Sporting Club de Toulon               \n          le samedi 14 f\u00e9vrier 2026 \u00e0 18h00 au stade des Antonins \u00e0 N\u00eemes\n30\naDepemes\\YanaFaeeeaque:\nANNEXEP\u00e9rimetre\nPrefecture du Gard - 30-2026-02-11-00004 - Arr\u00eat\u00e9 N\u00b030-2026-02-11-00004\nportant restriction de la libert\u00e9 d'aller et venir des supporters de Sporting Club de Toulon \u00e0 l'occasion de la 18 \u00e8me journ\u00e9e de\nchampionnat de France de football de National 2 opposant l'\u00e9quipe du N\u00eemes Olympique \u00e0 celle du Sporting Club de Toulon               \n          le samedi 14 f\u00e9vrier 2026 \u00e0 18h00 au stade des Antonins \u00e0 N\u00eemes\n31\nise\nPrefecture du Gard - 30-2026-02-11-00004 - Arr\u00eat\u00e9 N\u00b030-2026-02-11-00004\nportant restriction de la libert\u00e9 d'aller et venir des supporters de Sporting Club de Toulon \u00e0 l'occasion de la 18 \u00e8me journ\u00e9e de\nchampionnat de France de football de National 2 opposant l'\u00e9quipe du N\u00eemes Olympique \u00e0 celle du Sporting Club de Toulon               \n          le samedi 14 f\u00e9vrier 2026 \u00e0 18h00 au stade des Antonins \u00e0 N\u00eemes\n32","date":"2026-02-11","first_seen_on":"2026-02-11T15:51:44+00:00","id":"056904e2210a7f3c17c7b04b223f5c71b3145cde6021c6ca73f36981d0458382","name":"recueil-30-2026-029-special du 11 02 2026","pdf_creation_date":"2026-02-11T15:41:57+00:00","pdf_modification_date":null,"timezone":"Europe/Paris","url":"https://www.gard.gouv.fr/contenu/telechargement/66864/491601/file/recueil-30-2026-029-special%20du%2011%2002%202026.pdf"}
