{"administration":"pref21","administration_name":"Pr\u00e9fecture de C\u00f4te-d\u2019Or","content":"PR\u00c9FET\nDE LA C\u00d4TE-D'OR\nRECUEIL DES ACTES\nADMINISTRATIFS SP\u00c9CIAL\nN\u00b021-2025-118\nPUBLI\u00c9 LE  2 SEPTEMBRE 2025\nSommaire\nDirection d\u00e9partementale de l'emploi, du travail et des solidarit\u00e9s de\nC\u00f4te-d'Or /\n21-2025-08-29-00004 - R\u00e9c\u00e9piss\u00e9 d\u00e9claration modificative SAP - 123\nSERVICE A DOM (2 pages) Page 3\n21-2025-08-29-00003 - R\u00e9c\u00e9piss\u00e9 d\u00e9claration modificative SAP -\nBON-SCHAB Isabelle (2 pages) Page 6\n21-2025-08-27-00006 - R\u00e9c\u00e9piss\u00e9 d\u00e9claration modificative SAP -\nDEVERS Cynthia (2 pages) Page 9\nDirection d\u00e9partementale des territoires de la C\u00f4te-d'Or / Service\nS\u00e9curit\u00e9 et Education Routi\u00e8re\n21-2025-08-28-00002 - AP 1347 20250828 RAA A6\nMiseConformit\u00e9Syst\u00e8mesRetenues (5 pages) Page 12\n21-2025-08-28-00003 - AP 1348 20250828 RAA A38\nConstructionGlissi\u00e8reB\u00e9ton (4 pages) Page 18\nINAO - Institut national de l'origine et de la qualit\u00e9 -  /\n21-2025-09-02-00002 - RAA avis ConsPub Gevrey-Chambertin (1 page) Page 23\nMinist\u00e8re des Arm\u00e9es /\n21-2025-07-04-00006 - Abrogation 2024 (3 pages) Page 25\nPr\u00e9fecture de la C\u00f4te-d'Or / Direction des Collectivit\u00e9s locales et des\nElections\n21-2025-08-19-00008 - Arr\u00eat\u00e9 Pr\u00e9fectoral relatif \u00e0 l' \u00e9lection des\njuges au Tribunal de Commerce de Dijon 2025 (3 pages) Page 29\nPr\u00e9fecture de la C\u00f4te-d'Or / P\u00f4le juridique inter-services\n21-2025-09-02-00001 - Arr\u00eat\u00e9 pr\u00e9fectoral n\u00b0  1346 / SG \ndu 2\nseptembre 2025 donnant d\u00e9l\u00e9gation de signature au g\u00e9n\u00e9ral de\ndivision Sylvain LANIEL,\ncommandant de la r\u00e9gion de gendarmerie\nBourgogne-Franche-Comt\u00e9,\ncommandant le groupement de\ngendarmerie d\u00e9partementale de la C\u00f4te-d'Or. (2 pages) Page 33\n2\nDirection d\u00e9partementale de l'emploi, du travail\net des solidarit\u00e9s de C\u00f4te-d'Or\n21-2025-08-29-00004\nR\u00e9c\u00e9piss\u00e9 d\u00e9claration modificative SAP - 123\nSERVICE A DOM\nDirection d\u00e9partementale de l'emploi, du travail et des solidarit\u00e9s de C\u00f4te-d'Or - 21-2025-08-29-00004 - R\u00e9c\u00e9piss\u00e9 d\u00e9claration\nmodificative SAP - 123 SERVICE A DOM 3\nPREFETDE LACOTE-D'ORLibert\u00e9\u00c9galit\u00e9Fraternit\u00e9\nDirection D\u00e9partementale de l'Emploi, \ndu Travail et des Solidarit\u00e9s - DDETS \n \nDDETS 21, 21 Bd Voltaire, BP 81110 - 21011 DIJON Cedex \nT\u00e9l. : 03 80 45 75 45 (Accueil) \nwww.cote-dor.gouv.fr \nAffaire suivie par Sophie LACROIX                            Dijon, le 29/08/2025 \nP\u00f4le Emploi Coh\u00e9sion Territoriale \nT\u00e9l : 03 80 45 78 10 // 06 46 79 36 50 \nCourriel : sophie.lacroix@cote-dor.gouv.fr \n1. 2. 3. SERVICE A DOM \n14 rue F\u00e9lix Tisserand \n21700 NUITS ST GEORGES \n \nRECEPISSE DE DECLARATION MODIFICATIVE \nd'un Organisme de Services \u00e0 la Personne \nEnregistr\u00e9 sous le n\u00b0 SAP/513696583 \n \n \nLe Pr\u00e9fet de la C\u00f4te-d'Or, et par subd\u00e9l\u00e9gation du Directeur D\u00e9partemental de la DDETS, la Cheffe du P\u00f4le \nEmploi et Coh\u00e9sion Territoriale/ La Responsable de l'Unit\u00e9 Formation, Emploi, Insertion  \n \nVU la loi n\u00b0 2015-1776 du 28 d\u00e9cembre 2015 relative \u00e0 l'adaptation de la soci\u00e9t\u00e9 au vieillissemen t, \n \nVU le d\u00e9cret n\u00b0 2016 -750 du 6 juin 2016 relatif \u00e0 la liste des activit\u00e9s de services \u00e0 la personne soumises \u00e0 \nagr\u00e9ment ou \u00e0 autorisation dans le cadre du r\u00e9gime commun de la d\u00e9claration,  \n \nVU le code du travail et notamment les articles L 7231-1 \u00e0 L 7233-2,  R 7232-16 \u00e0 R 7232-22, D7231-1 et D 7233-\n1 \u00e0 D 7233-5. \n \nConstate \n \nQu'une d\u00e9claration d'activit\u00e9s de services \u00e0 la personne a \u00e9t\u00e9 accord\u00e9e par la DDETS de C\u00f4te d'Or, le  15 avril \n2019, \u00e0 l'entreprise 1. 2. 3. SERVICE A DOM , dont le si\u00e8ge social est  situ\u00e9 au 14 rue F\u00e9lix Tisserand  21700 \nNUITS ST GEORGES, SIREN 513 696 583 dont le responsable est M. CHAULET Vincent. \n \nA la suite de la demande d'agr\u00e9ment du 3 octobre 2024, une nouvelle d\u00e9claration modificative s'applique pour les \nactivit\u00e9s suivantes \u00e0 l'exclusion de toute autre :  \n \n \nPrestations relevant de la seule d\u00e9claration - mode prestataire : \n1. Garde d'enfants de plus de 3 ans \u00e0 domicile \n2. Soutien scolaire ou cours \u00e0 domicile \n3. Accompagnement des enfants de plus de 3 ans dans leurs d\u00e9placements \n4. Entretien de la maison et travaux m\u00e9nagers ; \n5. Petits travaux de jardinage \n6. Travaux de petit bricolage \n7. Pr\u00e9paration de repas \u00e0 domicile \n8. Collecte et livraison \u00e0 domicile de linge repass\u00e9 \n9. Livraison de courses \u00e0 domicile \nDirection d\u00e9partementale de l'emploi, du travail et des solidarit\u00e9s de C\u00f4te-d'Or - 21-2025-08-29-00004 - R\u00e9c\u00e9piss\u00e9 d\u00e9claration\nmodificative SAP - 123 SERVICE A DOM 4\nDDETS 21, 6 rue Chancelier de l'Hospital - 21000 DIJON  \nT\u00e9l. : 03 80 68 30 00 (Accueil) \nwww.cote-dor.gouv.fr \n10. Maintenance, entretien et vigilance temporaires \u00e0 domicile \n11. Soins et promenade(s) d'animaux pour personnes d\u00e9pendantes \n12. Accompagnement des personnes pr\u00e9sentant une invalidit\u00e9 temporaire  \n13. Assistance aux personnes ayant besoin d'une aide temporaire \u00e0 leur domicile  \n \n \nActivit\u00e9s relevant de l'a utorisation, sur le territoire de la C\u00f4te d'Or et de la Sa\u00f4ne et Loire uniquement \u2013 \nmode prestataire : \n1. Assistance dans les actes quotidiens de la vie ou aide \u00e0 l'insertion sociale, aux personnes \u00e2g\u00e9es et aux \npersonnes handicap\u00e9es ou atteintes de pathologies chroniques, qui ont besoin de telles prestations \u00e0 \ndomicile ; \n2. Accompagnement des personn es \u00e2g\u00e9es, des personnes handicap\u00e9es ou atteintes de pathologies \nchroniques, dans leurs d\u00e9placements en dehors de leur domicile (promenades, aide \u00e0 la mobilit\u00e9 et au \ntransport, actes de la vie courante). Prestation soumise \u00e0 l'offre globale de services  ; \n3. Prestation de conduite du v\u00e9hicule personnel des personnes \u00e2g\u00e9es, des personnes handicap\u00e9es ou \natteintes de pathologies chroniques, du domicile au travail, sur le lieu de vacances, pour les d\u00e9marches \nadministratives. Prestation soumise \u00e0 l'offre globale de services. \n \nToute modification concernant les activit\u00e9s exerc\u00e9es devra faire l'objet d'une d\u00e9claration modificative pr\u00e9alable.  \nSous r\u00e9serve d'\u00eatre exerc \u00e9es \u00e0 titre exclusif ou de tenir une comptabilit\u00e9 s\u00e9par\u00e9e pour les organismes pouvant \nd\u00e9roger \u00e0 la condition d'activit\u00e9 exclusive (art L 7232 -1-2 Code Trav), ces activit\u00e9s ouvrent droit au b\u00e9n\u00e9fice des \ndispositions des articles L. 7233-2 du code du travail et L. 241-10 du code de la s\u00e9curit\u00e9 sociale dans les conditions \npr\u00e9vues par ces articles. \nL'enregistrement de la d\u00e9claration peut \u00eatre retir\u00e9 dans les conditions fix\u00e9es aux articles R.7232 -20 \u00e0 R.7232-22 \ndu code du travail. \nLe pr\u00e9sent r\u00e9c\u00e9piss\u00e9 n'est pas limit\u00e9 dans le temps et sera publi\u00e9 au recueil des actes administratifs de la \npr\u00e9fecture de la C\u00f4te d'Or. \nPour le Pr\u00e9fet de C\u00f4te d'Or, \nEt par subd\u00e9l\u00e9gation du Directeur D\u00e9partemental \nemp\u00each\u00e9, \n La Responsable de l'Unit\u00e9, Formation, Emploi et \nInsertion, \n \nSIGNE \n \nMarie BEGRAND   \nDirection d\u00e9partementale de l'emploi, du travail et des solidarit\u00e9s de C\u00f4te-d'Or - 21-2025-08-29-00004 - R\u00e9c\u00e9piss\u00e9 d\u00e9claration\nmodificative SAP - 123 SERVICE A DOM 5\nDirection d\u00e9partementale de l'emploi, du travail\net des solidarit\u00e9s de C\u00f4te-d'Or\n21-2025-08-29-00003\nR\u00e9c\u00e9piss\u00e9 d\u00e9claration modificative SAP -\nBON-SCHAB Isabelle\nDirection d\u00e9partementale de l'emploi, du travail et des solidarit\u00e9s de C\u00f4te-d'Or - 21-2025-08-29-00003 - R\u00e9c\u00e9piss\u00e9 d\u00e9claration\nmodificative SAP - BON-SCHAB Isabelle 6\nPREFETDE LACOTE-D'ORLibert\u00e9\u00c9galit\u00e9Fraternit\u00e9\nDirection D\u00e9partementale de l'Emploi, \ndu Travail et des Solidarit\u00e9s - DDETS \n \nDDETS 21, 21 Bd Voltaire, BP 81110 - 21011 DIJON Cedex \nT\u00e9l. : 03 80 45 75 45 (Accueil) \nwww.cote-dor.gouv.fr \nAffaire suivie par Sophie LACROIX                            Dijon, le 29/08/2025 \nP\u00f4le Emploi Coh\u00e9sion Territoriale \nT\u00e9l : 03 80 45 78 10 // 06 46 79 36 50 \nCourriel : sophie.lacroix@cote-dor.gouv.fr \nMme BON-SCHAB Isabelle \n14 rue de la Mairie \n21110 COLLONGES ET PREMIERES \n \nRECEPISSE DE DECLARATION MODIFICATIVE \nd'un Organisme de Services \u00e0 la Personne \nEnregistr\u00e9 sous le n\u00b0 SAP/ 849618871 \n \n \nLe Pr\u00e9fet de la C\u00f4te-d'Or, et par subd\u00e9l\u00e9gation du Directeur D\u00e9partemental de la DDETS, la Cheffe du P\u00f4le \nEmploi et Coh\u00e9sion Territoriale/ La Responsable de l'Unit\u00e9 Formation, Emploi, Insertion  \n \nVU la loi n\u00b0 2015-1776 du 28 d\u00e9cembre 2015 relative \u00e0 l'adaptation de la soci\u00e9t\u00e9 au vieillissement,  \n \nVU le d\u00e9cret n\u00b0 2016 -750 du 6 juin 2016 relatif \u00e0 la liste des activit\u00e9s de services \u00e0 la personne soumises \u00e0 \nagr\u00e9ment ou \u00e0 autorisation dans le cadre du r\u00e9gime commun de la d\u00e9claration,  \n \nVU le code du travail et notamment les articles L 7231-1 \u00e0 L 7233-2,  R 7232-16 \u00e0 R 7232-22, D7231-1 et D 7233-\n1 \u00e0 D 7233-5. \n \nConstate \n \nQu'une d\u00e9claration d'activit\u00e9s de services \u00e0 la personne a \u00e9t\u00e9 accord\u00e9e par la DDETS de C\u00f4te d'Or, le 13 \nnovembre 2024, \u00e0 la microentreprise  repr\u00e9sent\u00e9e par Mme BON-SCHAB Isabelle, dont le si\u00e8ge soc ial est situ\u00e9 \nau 14 rue de la Mairie 21110 COLLONGES ET PREMIERES, SIREN 849618871. \n \nA la suite de la demande de d\u00e9claration modificative du 14 ao\u00fbt  2025, une nouvelle d\u00e9claration modificative \ns'applique pour les activit\u00e9s suivantes \u00e0 l'exclusion de toute autre :  \n \nPrestations relevant de la seule d\u00e9claration - mode prestataire : \n1. Entretien de la maison et travaux m\u00e9nagers ; \n2. Collecte et livraison \u00e0 domicile de linge repass\u00e9 \n \n \nToute modification concernant les activit\u00e9s exerc\u00e9es devra faire l'objet d'une d\u00e9claration modificative pr\u00e9alable.  \nSous r\u00e9serve d'\u00eatre exerc\u00e9es \u00e0 titre exclusif ou de tenir une comptabilit\u00e9 s\u00e9par\u00e9e pour les org anismes pouvant \nd\u00e9roger \u00e0 la condition d'activit\u00e9 exclusive (art L 7232 -1-2 Code Trav), ces activit\u00e9s ouvrent droit au b\u00e9n\u00e9fice des \ndispositions des articles L. 7233-2 du code du travail et L. 241-10 du code de la s\u00e9curit\u00e9 sociale dans les conditions \npr\u00e9vues par ces articles. \nDirection d\u00e9partementale de l'emploi, du travail et des solidarit\u00e9s de C\u00f4te-d'Or - 21-2025-08-29-00003 - R\u00e9c\u00e9piss\u00e9 d\u00e9claration\nmodificative SAP - BON-SCHAB Isabelle 7\nDDETS 21, 21 Bd Voltaire, BP 81110 - 21011 DIJON Cedex \nT\u00e9l. : 03 80 45 75 45 (Accueil) \nwww.cote-dor.gouv.fr \nL'enregistrement de la d\u00e9claration peut \u00eatre retir\u00e9 dans les conditions fix\u00e9es aux articles R.7232 -20 \u00e0 R.7232-22 \ndu code du travail. \nLe pr\u00e9sent r\u00e9c\u00e9piss\u00e9 n'est pas limit\u00e9 dans le temps et sera publi\u00e9 au recueil des actes administratif s de la \npr\u00e9fecture de la C\u00f4te d'Or. \nPour le Pr\u00e9fet de C\u00f4te d'Or, \nEt par subd\u00e9l\u00e9gation de la Directrice \nD\u00e9partementale emp\u00each\u00e9e, \n   \nLa Responsable de l'Unit\u00e9, Formation, Emploi et Insertion, \n \n SIGNE \n \nMarie BEGRAND   \nDirection d\u00e9partementale de l'emploi, du travail et des solidarit\u00e9s de C\u00f4te-d'Or - 21-2025-08-29-00003 - R\u00e9c\u00e9piss\u00e9 d\u00e9claration\nmodificative SAP - BON-SCHAB Isabelle 8\nDirection d\u00e9partementale de l'emploi, du travail\net des solidarit\u00e9s de C\u00f4te-d'Or\n21-2025-08-27-00006\nR\u00e9c\u00e9piss\u00e9 d\u00e9claration modificative SAP - DEVERS\nCynthia\nDirection d\u00e9partementale de l'emploi, du travail et des solidarit\u00e9s de C\u00f4te-d'Or - 21-2025-08-27-00006 - R\u00e9c\u00e9piss\u00e9 d\u00e9claration\nmodificative SAP - DEVERS Cynthia 9\nPREFETDE LACOTE-D'ORLibert\u00e9\u00c9galit\u00e9Fraternit\u00e9\nDirection D\u00e9partementale de l'Emploi, \ndu Travail et des Solidarit\u00e9s - DDETS \n \nDDETS 21, 21 Bd Voltaire, BP 81110 - 21011 DIJON Cedex \nT\u00e9l. : 03 80 45 75 45 (Accueil) \nwww.cote-dor.gouv.fr \nAffaire suivie par Sophie LACROIX                            Dijon, le 27/08/2025 \nP\u00f4le Emploi Coh\u00e9sion Territoriale \nT\u00e9l : 03 80 45 78 10 // 06 46 79 36 50 \nCourriel : sophie.lacroix@cote-dor.gouv.fr \nMme DEVERS Cynthia  \n9 rue La ruellotte \n21540 SAINT-MESMIN \n \nRECEPISSE DE DECLARATION MODIFICATIVE \nd'un Organisme de Services \u00e0 la Personne \nEnregistr\u00e9 sous le n\u00b0 SAP/942799305 \n \n \nLe Pr\u00e9fet de la C\u00f4te-d'Or, et par subd\u00e9l\u00e9gation du Directeur D\u00e9partemental de la DDETS, la Cheffe du P\u00f4le \nEmploi et Coh\u00e9sion Territoriale/ La Responsable de l'Unit\u00e9 Formation, Emploi, Insertion  \n \nVU la loi n\u00b0 2015-1776 du 28 d\u00e9cembre 2015 relative \u00e0 l'adaptation de la soci\u00e9t\u00e9 au vieillissement,  \n \nVU le d\u00e9cret n\u00b0 2016 -750 du 6 juin 2016 relatif \u00e0 la liste des activit\u00e9s de services \u00e0 la personne soumises \u00e0 \nagr\u00e9ment ou \u00e0 autorisation dans le cadre du r\u00e9gime commun de la d\u00e9claration,  \n \nVU le code du travail et notamment les articles L 7231-1 \u00e0 L 7233-2,  R 7232-16 \u00e0 R 7232-22, D7231-1 et D 7233-\n1 \u00e0 D 7233-5. \n \nConstate \n \nQu'une d\u00e9claration d'activit\u00e9s de services \u00e0 la personne a \u00e9t\u00e9 accord\u00e9e par la DDETS de C\u00f4te d'Or, le 28 avril \n2025, \u00e0 la microentreprise  repr\u00e9sent\u00e9e par Mme DEVERS Cynthia , dont le si\u00e8ge social est situ\u00e9 au 9 rue La \nruellotte 21540 SAINT-MESMIN, SIREN 942799305. \n \nA la suite de la demande de d\u00e9claration modificative du 29 juillet  2025, une nouvelle d\u00e9claration modificative \ns'applique pour les activit\u00e9s suivantes \u00e0 l'exclusion de toute autre :  \n \nPrestations relevant de la seule d\u00e9claration - mode prestataire : \n1. Entretien de la maison et travaux m\u00e9nagers ; \n2. Petits travaux de jardinage \n3. Pr\u00e9paration de repas \u00e0 domicile \n4. Livraison de courses \u00e0 domicile \n5. Maintenance, entretien et vigilance temporaires \u00e0 domicile \n6. Assistance informatique \u00e0 domicile \n \n \nToute modification concernant les activit\u00e9s exerc\u00e9es devra faire l'objet d'une d\u00e9claration modificative pr\u00e9alable. \nDirection d\u00e9partementale de l'emploi, du travail et des solidarit\u00e9s de C\u00f4te-d'Or - 21-2025-08-27-00006 - R\u00e9c\u00e9piss\u00e9 d\u00e9claration\nmodificative SAP - DEVERS Cynthia 10\nDDETS 21, 21 Bd Voltaire, BP 81110 - 21011 DIJON Cedex \nT\u00e9l. : 03 80 45 75 45 (Accueil) \nwww.cote-dor.gouv.fr \nSous r\u00e9serve d'\u00eatre exerc\u00e9es \u00e0 titre exclusif ou de tenir une comptabilit\u00e9 s\u00e9par\u00e9e pour les organismes pouvant \nd\u00e9roger \u00e0 la condition d'activit\u00e9 exclusive (art L 7232 -1-2 Code Trav), ces activit\u00e9s ouvrent droit au b\u00e9n\u00e9fice des \ndispositions des articles L. 7233-2 du code du travail et L. 241-10 du code de la s\u00e9curit\u00e9 sociale dans les conditions \npr\u00e9vues par ces articles. \nL'enregistrement de la d\u00e9claration peut \u00eatre retir\u00e9 dans les conditions fix \u00e9es aux articles R.7232-20 \u00e0 R.7232-22 \ndu code du travail. \nLe pr\u00e9sent r\u00e9c\u00e9piss\u00e9 n'est pas limit\u00e9 dans le temps et sera publi\u00e9 au recueil des actes administratifs de la \npr\u00e9fecture de la C\u00f4te d'Or. \nPour le Pr\u00e9fet de C\u00f4te d'Or, \nEt par subd\u00e9l\u00e9gation de la Directrice \nD\u00e9partementale emp\u00each\u00e9e, \n   \nLa Responsable de l'Unit\u00e9, Formation, Emploi et Insertion, \n \nSIGNE  \n \nMarie BEGRAND   \nDirection d\u00e9partementale de l'emploi, du travail et des solidarit\u00e9s de C\u00f4te-d'Or - 21-2025-08-27-00006 - R\u00e9c\u00e9piss\u00e9 d\u00e9claration\nmodificative SAP - DEVERS Cynthia 11\nDirection d\u00e9partementale des territoires de la\nC\u00f4te-d'Or\nService S\u00e9curit\u00e9 et Education Routi\u00e8re\n21-2025-08-28-00002\nAP 1347 20250828 RAA A6\nMiseConformit\u00e9Syst\u00e8mesRetenues\nDirection d\u00e9partementale des territoires de la C\u00f4te-d'Or - 21-2025-08-28-00002 - AP 1347 20250828 RAA A6\nMiseConformit\u00e9Syst\u00e8mesRetenues 12\nExPREFETDE LACOTE-D'ORL,z'berte'Egalit\u00e9Fraternit\u00e9\n Direction d\u00e9partementale des territoires\nde la C\u00f4te-d'Or\nService de la S\u00e9curit\u00e9 et de l'\u00c9ducation Routi\u00e8re\nBureau de la S\u00e9curit\u00e9 Routi\u00e8re\nDijon, le 28 ao\u00fbt 2025 \nArr\u00eat\u00e9 N\u00b0 1347\nportant r\u00e9glementation temporaire de la circulation sur l'autoroute A6 entre les PR 279 et \n289 dans le sens 2 (Lyon/Paris) \u00e0 l'occasion de travaux de mise en conformit\u00e9 des \ndispositifs de retenue b\u00e9ton et m\u00e9tallique en accotements.\nLe pr\u00e9fet de la C\u00f4te-d'Or\nVU le Code de la Route, notamment ses articles R411-8 et R411-25 ;\nVU l'Arr\u00eat\u00e9  Interminist\u00e9riel  du  24  novembre  1967  modifi\u00e9  relatif  \u00e0  la  signalisation  des \nroutes et autoroutes ;\nVU l'Instruction  Interminist\u00e9rielle  sur  la  signalisation  routi\u00e8re  (Livre  1,  8\u00e8me  partie, \nsignalisation  temporaire)  approuv\u00e9e  par  l'Arr\u00eat\u00e9  Interminist\u00e9riel  du  6  novembre  1992 \nmodifi\u00e9 ;\nVU la note technique du 14 avril 2016 du Minist\u00e8re de l'Environnement de l'\u00c9nergie et de la \nMer, relative \u00e0 la coordination des chantiers sur le r\u00e9seau national ;\nVU l'arr\u00eat\u00e9 pr\u00e9fectoral n\u00b0 612 du 20 ao\u00fbt 2019 portant r\u00e9glementation permanente de la  \ncirculation pour l'exploitation des chantiers courants sur les autoroutes conc\u00e9d\u00e9es \u00e0 APRR  \ndans le d\u00e9partement de la C\u00f4te-d'Or ;\nVU l'arr\u00eat\u00e9 pr\u00e9fectoral n\u00b0 507 du 28 mars 2025 donnant d\u00e9l\u00e9gation de signature \u00e0 Madame \nManuelle DUPUY, Directrice D\u00e9partementale des Territoires ;\nVU l'arr\u00eat\u00e9  pr\u00e9fectoral  n\u00b0  512  du  7  avril  2025  portant  subd\u00e9l\u00e9gation  de  signature  aux \nagents de la Direction D\u00e9partementale des Territoires de la C\u00f4te-d'Or ;\nVU la note du 23 janvier 2025 du Minist\u00e8re de l'Am\u00e9nagement du Territoire et de la  \nD\u00e9centralisation,  Minist\u00e8re  charg\u00e9  des  Transports,  fixant  le  calendrier  des  jours  hors \nchantiers pour l'ann\u00e9e 2025 ;\nVU la demande en date du 10 juillet 2025 de Monsieur le Directeur d'exploitation d'APRR ;\nVU l'information communiqu\u00e9e au service d\u00e9partemental d'incendie et de secours de la  \nC\u00f4te-d'Or en date du 10 juillet 2025 ;\nDirection d\u00e9partementale des territoires de la C\u00f4te-d'Or\n57 rue de Mulhouse- BP 53317 - 21033 DIJON cedex\nt\u00e9l : 03 80 29 44 44 \u2013 Courriel : ddt@cote-dor.gouv.fr\nDirection d\u00e9partementale des territoires de la C\u00f4te-d'Or - 21-2025-08-28-00002 - AP 1347 20250828 RAA A6\nMiseConformit\u00e9Syst\u00e8mesRetenues 13\n2/5\nVU l'avis favorable du Peloton Motoris\u00e9 de Gendarmerie de Pouilly-en-Auxois en date du 11 \njuillet 2025 ;\nVU l'avis  favorable  de  Monsieur  le  Sous-Directeur  de  la  gestion  du  r\u00e9seau  autoroutier \nconc\u00e9d\u00e9 des Minist\u00e8res de l'Am\u00e9nagement du Territoire et de la Transition \u00c9cologique  en \ndate du 11 juillet 2025 ;\nCONSID\u00c9RANT  que  le  chantier  ne  remplit  pas  l'une  ou  plusieurs  des  conditions \ncaract\u00e9ristiques des chantiers courants au sens de la note technique du 14 avril relative \u00e0 la \ncoordination  des  chantiers  sur  le  r\u00e9seau  routier  national  et  qu'il  est  donc  class\u00e9  en \n\u00ab chantier non courant \u00bb ;\nCONSID\u00c9RANT  qu'il y a lieu d'assurer la s\u00e9curit\u00e9 et la protection des usagers, des agents  \nd'APRR et des entreprises charg\u00e9es de l'ex\u00e9cution des travaux et de r\u00e9duire, autant que  \npossible, les entraves \u00e0 la circulation provoqu\u00e9es par les travaux ;\nSUR proposition de Madame la Directrice D\u00e9partementale des Territoires de la C\u00f4te-d'Or ;\nARR\u00caTE\nArticle 1  er     :  \nLes  travaux  concernent  la  mise  en  conformit\u00e9  des  dispositifs  de  retenue  b\u00e9ton  et \nm\u00e9tallique en accotements sur l'autoroute A6 entre les PR 279 et 289 sens 2 (Lyon/Paris).\nLes mesures d'exploitation, de police et de gestion de trafic mises en \u0153uvre \u00e0 l'occasion  \nde ces travaux s'appliqueront du lundi 8 septembre 2025 au vendredi 28 novembre 2025.\nArticle 2     :  \nLe chantier est class\u00e9 en \u00ab  chantier non courant  \u00bb en raison de la d\u00e9rogation aux articles  \nde l'arr\u00eat\u00e9 permanent d'exploitation sous chantier n\u00b0 612 du 20 ao\u00fbt 2019, \u00e0 savoir :\n\uf0b7 L'inter distance entre ce chantier et un autre chantier pourra \u00eatre r\u00e9duite \u00e0  \n3 km,\n\uf0b7 Des restrictions de circulation pourront avoir lieux pendant les jours dits  \n\u00ab hors chantier \u00bb\nArticle 3     :   \nPour l'ex\u00e9cution des travaux, les mesures d'exploitation et de police suivantes seront mises \nen \u0153uvre :\nDirection d\u00e9partementale des territoires de la C\u00f4te-d'Or\n57 rue de Mulhouse- BP 53317 - 21033 DIJON cedex\nt\u00e9l : 03 80 29 44 44 \u2013 Courriel : ddt@cote-dor.gouv.fr\nDirection d\u00e9partementale des territoires de la C\u00f4te-d'Or - 21-2025-08-28-00002 - AP 1347 20250828 RAA A6\nMiseConformit\u00e9Syst\u00e8mesRetenues 14\n3/5\nSemaines et \njours Sens\nTravaux r\u00e9alis\u00e9s par \nl'entreprise et mouvements \nbalisage lourds\nD\u00e9but balisage 1er \nc\u00f4ne APRR\nPR fin \nbalisage \nB31\nMode \nexploitation\nS37 et 38 de \n2025 : \n08/09/25 8h au \n19/09/25 16h\n2\nTravaux lin\u00e9aires en sens 2 \nentre les PR 284+640 et \n283+420\nRipage des SMV et des deux \nATC le vendredi 12/09/2025 \net le lundi 15/09/2025. \nRetrait des SMV le \n19/09/2025.\n285+600 283+350\nNeutralisation de \nVoie de droite\nS39 et 40 de \n2025: \n22/09/2025 8h \nau 03/10/2025 \n16h \n2\nTravaux lin\u00e9aires en sens 2 \nentre les PR 288+900 et \n287+790. \nTravaux ponctuels en sens 2 \nentre les PR 288+900 et \n285+900\nRipage des SMV et des deux \nATC le vendredi 26/09/2025, \nle lundi 29/09/2025.\nD\u00e9pose des SMV le \n03/10/2025. \n293+300 285+800\nNeutralisation de \nVoie de droite \nS41 de 2025: \n06/10/2025 8h \nau 10/10/2025 \n16h \n2\nTravaux ponctuels \nMise en place des SMV + ATC \nen BAU du PR 280+050 au PR \n279+650 (chantier viaduc). \n280+500 279+600\nNeutralisation de \nVoie de droite \nS42 \u00e0 S47 de \n2025: \n13/10/2025 8h \nau 21/11/2025 \n16h. \n2\nTravaux lin\u00e9aires en sens 2 \nentre les PR 280+050 et \n279+650 (viaduc).\n280+100 279+700 Neutralisation de \nBAU \nS48 2025 : du \n24/11 8h au \n28/11/2025 16h\n2\nTravaux ponctuels \nD\u00e9pose des SMV + ATC du PR \n280+050 au PR 279+650 \n(chantier viaduc). \n280+500 279+600\nNeutralisation de \nVoie de droite \nDirection d\u00e9partementale des territoires de la C\u00f4te-d'Or\n57 rue de Mulhouse- BP 53317 - 21033 DIJON cedex\nt\u00e9l : 03 80 29 44 44 \u2013 Courriel : ddt@cote-dor.gouv.fr\nDirection d\u00e9partementale des territoires de la C\u00f4te-d'Or - 21-2025-08-28-00002 - AP 1347 20250828 RAA A6\nMiseConformit\u00e9Syst\u00e8mesRetenues 15\n4/5\nEn cas d'al\u00e9as m\u00e9t\u00e9orologiques ou techniques le chantier pourra \u00eatre prolong\u00e9 jusqu'au  \nvendredi 5 d\u00e9cembre 2025.\nLe concessionnaire sera alors tenu d'en informer par courriel la direction d\u00e9partementale  \ndes territoires de la C\u00f4te-d'Or ainsi que les services consult\u00e9s pour la signature de cet  \narr\u00eat\u00e9.\nArticle 4 :\nDes mesures d'information des usagers seront prises par le canal :\n- de messages sur les Panneaux \u00e0 Messages Variables (PMV) situ\u00e9s en section courante de \nl'autoroute,\n- de messages sur PMVA situ\u00e9 en entr\u00e9e des gares de p\u00e9age,\n- de messages sur \u00ab Autoroute Info 107 .7 \u00bb,\n- du service d'information vocale autoroutier,\n- du site internet www.aprr.fr.\nArticle 5 :\nLa Direction D\u00e9partementale des Territoires de la C\u00f4te-d'Or sera avertie de la mise en  \nplace ou du report et en temps r\u00e9el de la fin des mesures d'exploitation, ainsi qu'en cas  \nd'\u00e9v\u00e9nement entra\u00eenant une g\u00eane importante \u00e0 la circulation, particuli\u00e8rement en cas  \nd'application du Plan de Gestion de Trafic, et des mesures prises \u00e0 cet effet.\nArticle 6     :  \nLa signalisation des chantiers devra \u00eatre conforme aux prescriptions r\u00e9glementaires, en  \nparticulier \u00e0 celles de l'Instruction Interminist\u00e9rielle sur la  Signalisation Routi\u00e8re (8\u00e8me  \npartie - Signalisation Temporaire) ainsi qu'aux guides techniques du SETRA subs\u00e9quents :\n- Routes \u00e0 chauss\u00e9es s\u00e9par\u00e9es \u2013 Manuel du Chef de Chantier\n- Choix d'un mode d'exploitation.\nLa mise en place et le maintien de la signalisation temporaire de ces chantiers seront  \nassur\u00e9s sous le contr\u00f4le et la responsabilit\u00e9 des services d'APRR.\nLes forces de l'ordre seront pr\u00e9sentes pour accompagner les agents d'APRR afin de faire  \nrespecter  les  mesures  de  police  n\u00e9cessaires  \u00e0  la  mise  en  place  des  balisages  et \nsignalisations temporaires (ralentissement de la circulation, fermeture de section courante \nou de bretelles) ainsi qu'\u00e0 la r\u00e9alisation des travaux.\nToutefois,  dans  l'hypoth\u00e8se  o\u00f9,  une  fois  requises,  les  forces  de  l'ordre,  seraient  dans \nl'impossibilit\u00e9  d'\u00eatre  pr\u00e9sentes,  les  agents  d'APRR  seront  autoris\u00e9s  \u00e0  r\u00e9aliser  seuls  ces \nop\u00e9rations.\nArticle 7     :  \nLe pr\u00e9sent arr\u00eat\u00e9 peut faire l'objet d'un recours gracieux aupr\u00e8s du pr\u00e9fet et/ou d'un  \nrecours contentieux devant le tribunal administratif dans un d\u00e9lai de 2 mois \u00e0 compter de  \nsa notification.\nLe tribunal administratif peut \u00eatre saisi par un recours d\u00e9pos\u00e9 via l'application T\u00e9l\u00e9recours  \ncitoyens accessible par le site internet www.telerecours.fr \u00bb.\nDirection d\u00e9partementale des territoires de la C\u00f4te-d'Or\n57 rue de Mulhouse- BP 53317 - 21033 DIJON cedex\nt\u00e9l : 03 80 29 44 44 \u2013 Courriel : ddt@cote-dor.gouv.fr\nDirection d\u00e9partementale des territoires de la C\u00f4te-d'Or - 21-2025-08-28-00002 - AP 1347 20250828 RAA A6\nMiseConformit\u00e9Syst\u00e8mesRetenues 16\n5/5\nArticle 8     :  \n- La Directrice de Cabinet du pr\u00e9fet de la C\u00f4te-d'Or,\n- Le  Commandant  de  la  R\u00e9gion  de  Gendarmerie  de  Bourgogne-Franche-Comt\u00e9,  du \nGroupement de la C\u00f4te-d'Or,\n- Le Directeur d'exploitation d'APRR,\nsont charg\u00e9s, chacun en ce qui le concerne, de l'ex\u00e9cution du pr\u00e9sent arr\u00eat\u00e9.\nLe pr\u00e9sent arr\u00eat\u00e9 sera publi\u00e9 au recueil des actes administratifs de la Pr\u00e9fecture de la C\u00f4te-\nd'Or.\nUne copie du pr\u00e9sent arr\u00eat\u00e9 sera adress\u00e9e pour information :\n- au Directeur G\u00e9n\u00e9ral des Infrastructures des Transports et de la Mer des MATTE,\n- au Directeur D\u00e9partemental des Services d'Incendie et de Secours de la C\u00f4te-  \nd'Or,\n- au SAMU de Dijon.\nFait \u00e0 Dijon, le 28 ao\u00fbt 2025\nLe pr\u00e9fet,\nPour le pr\u00e9fet, par d\u00e9l\u00e9gation,\nLa directrice d\u00e9partementale\ndes territoires,\nSIGN\u00c9\nManuelle DUPUY\nDirection d\u00e9partementale des territoires de la C\u00f4te-d'Or\n57 rue de Mulhouse- BP 53317 - 21033 DIJON cedex\nt\u00e9l : 03 80 29 44 44 \u2013 Courriel : ddt@cote-dor.gouv.fr\nDirection d\u00e9partementale des territoires de la C\u00f4te-d'Or - 21-2025-08-28-00002 - AP 1347 20250828 RAA A6\nMiseConformit\u00e9Syst\u00e8mesRetenues 17\nDirection d\u00e9partementale des territoires de la\nC\u00f4te-d'Or\nService S\u00e9curit\u00e9 et Education Routi\u00e8re\n21-2025-08-28-00003\nAP 1348 20250828 RAA A38\nConstructionGlissi\u00e8reB\u00e9ton\nDirection d\u00e9partementale des territoires de la C\u00f4te-d'Or - 21-2025-08-28-00003 - AP 1348 20250828 RAA A38\nConstructionGlissi\u00e8reB\u00e9ton 18\nExPREFETDE LACOTE-D'ORL,z'berte'Egalit\u00e9Fraternit\u00e9\nDirection d\u00e9partementale des territoires\nde la C\u00f4te-d'Or\nService de la S\u00e9curit\u00e9 et de l'\u00c9ducation Routi\u00e8re\nBureau de la S\u00e9curit\u00e9 Routi\u00e8re\n Dijon, le 28 ao\u00fbt 2025 \nArr\u00eat\u00e9 N\u00b0 1348\nportant r\u00e9glementation temporaire de la circulation pour la r\u00e9alisation de travaux de \nconstruction d'une glissi\u00e8re en b\u00e9ton adh\u00e9rente en bordure de chauss\u00e9e sur l'autoroute \nA38 entre les PR 28+856 et 29+356 sur la commune de Velars-sur-Ouche.\nLe pr\u00e9fet de la C\u00f4te-d'Or\nVU le Code de la Route ;\nVU le Code de la Voirie Routi\u00e8re ;\nVU la loi n\u00b02022-217 du 21 f\u00e9vrier 2022 relative \u00e0 la diff\u00e9renciation, la d\u00e9centralisation, la  \nd\u00e9concentration et portant diverses mesures de simplification de l'action publique locale ;\nVU le d\u00e9cret 2009- 615 du 3 juin 2009 modifi\u00e9, fixant la liste des routes class\u00e9es \u00e0 grande  \ncirculation ;\nVU le d\u00e9cret n\u00b02022-459 du 30 mars 2022 fixant la liste des voies non conc\u00e9d\u00e9es du  \ndomaine  public  routier  national  qui  peuvent  \u00eatre  transf\u00e9r\u00e9es  aux  d\u00e9partements  et  \nm\u00e9tropoles ou mises \u00e0 disposition des r\u00e9gions dans les conditions pr\u00e9vues aux articles 38  \net 40 de la loi n\u00b02022-217 du 21 f\u00e9vrier 2022 ;\nVU le d\u00e9cret du 10 octobre 2024 nommant Paul MOURIER, pr\u00e9fet de la r\u00e9gion Bourgogne-\nFranche-Comt\u00e9, pr\u00e9fet de la C\u00f4te-d'Or ;\nVU  l'arr\u00eat\u00e9 interminist\u00e9riel du 24 novembre 1967 modifi\u00e9, relatif \u00e0 la signalisation des  \nroutes et autoroutes ;\nVU  l'arr\u00eat\u00e9 interminist\u00e9riel du 6 novembre 1992 modifi\u00e9, approuvant les dispositions de  \nl'instruction interminist\u00e9rielle sur la signalisation routi\u00e8re ;\nVU l'arr\u00eat\u00e9  pr\u00e9fectoral  n\u00b021-2023-05-02-00001  du  2  mai  2023  relatif  au  transfert  au  \nd\u00e9partement de C\u00f4te-d'Or de sections de routes et autoroutes class\u00e9es dans le domaine  \npublic routier national ;\nVU  l'arr\u00eat\u00e9 pr\u00e9fectoral n\u00b0 1010 /SG du 02 juillet 2025 donnant d\u00e9l\u00e9gation de signature \u00e0  \nMadame Aur\u00e9lie CONTRECIVILE, directrice de cabinet du pr\u00e9fet de la C\u00f4te-d'Or ;\nDirection d\u00e9partementale des territoires de la C\u00f4te-d'Or\n57 rue de Mulhouse- BP 53317 - 21033 DIJON cedex\nt\u00e9l : 03 80 29 44 44 \u2013 Courriel : ddt@cote-dor.gouv.fr\nDirection d\u00e9partementale des territoires de la C\u00f4te-d'Or - 21-2025-08-28-00003 - AP 1348 20250828 RAA A38\nConstructionGlissi\u00e8reB\u00e9ton 19\n2/4\nVU la note du 23 janvier 2025 du Minist\u00e8re de l'Am\u00e9nagement du Territoire et de la  \nD\u00e9centralisation,  Minist\u00e8re  charg\u00e9  des  Transports,  fixant  le  calendrier  des  jours  hors  \nchantiers pour l'ann\u00e9e 2025 ;\nVU l'avis favorable de l'Escadron D\u00e9partemental de S\u00e9curit\u00e9 Routi\u00e8re de la C\u00f4te-d'Or en  \ndate du 19 ao\u00fbt 2025 ;\nVU la demande pr\u00e9sent\u00e9e par le Conseil D\u00e9partemental de la C\u00f4te-d'Or le 20 ao\u00fbt 2025 ;\nCONSID\u00c9RANT que  pendant  les  travaux  de  construction  d'une  glissi\u00e8re  en  b\u00e9ton  \nadh\u00e9rente en bordure de chauss\u00e9e sur l'autoroute A38 il y a lieu de pr\u00e9ciser les conditions  \nde circulation afin de pr\u00e9venir tout risque d'accident, de faciliter la bonne ex\u00e9cution des  \ntravaux et d'assurer un \u00e9coulement satisfaisant du trafic ;\nCONSID\u00c9RANT que la section concern\u00e9e par les travaux est situ\u00e9e hors agglom\u00e9ration ;\nSUR proposition de Madame la Directrice D\u00e9partementale des Territoires de la C\u00f4te-d'Or ;\nARR\u00caTE\nArticle 1 :\nLes travaux de construction concernent l'autoroute A38  dans le sens Pouilly-Dijon entre les \nPR 28+856 et 29+356 sur la commune de Velars-sur-Ouche.\nLes dispositions du pr\u00e9sent arr\u00eat\u00e9 s'appliqueront du lundi 8 septembre \u00e0 8h au vendredi 26 \nseptembre 2025 \u00e0 17h.\nArticle 2 :\nPendant  l'ex\u00e9cution  des  travaux  ci-dessus  d\u00e9sign\u00e9s  sur  l'autoroute  A38,  la  circulation \ns'effectuera dans les conditions suivantes :\n\u2022 Le flux du sens Pouilly-Dijon sera maintenu sur la voie de gauche entre les PR 26+850 \net 29+450 afin de laisser la voie de droite et la bande d'arr\u00eat d'urgence \u00e0 l'emprise  \ndu chantier,\n\u2022 Les restrictions temporaires de vitesse suivantes au droit du chantier seront mises \nen \u0153uvre :\n- 110 km/h du PR 27+150 au PR 27+350,\n- 90 km/h du PR 27+350 au PR 27+700,\n             - 70 km/h du PR 27+700 au PR 29+450.\nArticle 3 :\nCertaines  phases  pr\u00e9paratoires  ou  de  mise  en  place  de  la  signalisation  du  chantier  \npourront  n\u00e9cessiter  des  r\u00e9ductions  momentan\u00e9es  de  chauss\u00e9e  ou  des  interruptions  \ncourtes de circulation.\nDirection d\u00e9partementale des territoires de la C\u00f4te-d'Or\n57 rue de Mulhouse- BP 53317 - 21033 DIJON cedex\nt\u00e9l : 03 80 29 44 44 \u2013 Courriel : ddt@cote-dor.gouv.fr\nDirection d\u00e9partementale des territoires de la C\u00f4te-d'Or - 21-2025-08-28-00003 - AP 1348 20250828 RAA A38\nConstructionGlissi\u00e8reB\u00e9ton 20\n3/4\nArticle 4 :\nSur le parcours des sections soumises \u00e0 ces restrictions provisoires, les conducteurs des  \nv\u00e9hicules devront le cas \u00e9ch\u00e9ant, se conformer aux indications des services de police, des \nservices de secours ou des agents du Conseil D\u00e9partemental de la C\u00f4te-d'Or , tant en ce  \nqui concerne le trajet \u00e0 suivre que l'arr\u00eat s'il leur est prescrit.\nArticle 5 :\nPassage des convois exceptionnels : sans objet.\nArticle 6 :\nLa signalisation r\u00e9glementaire, conforme \u00e0 l'instruction interminist\u00e9rielle (Livre I \u2013 8e partie) \napprouv\u00e9e par arr\u00eat\u00e9 interminist\u00e9riel le 6 novembre 1992 et aux manuels du chef de  \nchantier, sera fournie, mise  en place et maintenue par le  Conseil D\u00e9partemental de la  \nC\u00f4te-d'Or.\nArticle 7 :\nLes infractions au pr\u00e9sent arr\u00eat\u00e9 seront constat\u00e9es par proc\u00e8s-verbaux dress\u00e9s par les  \nforces de l'ordre.\nArticle 8 :\nLors de l'ach\u00e8vement des travaux et avant le r\u00e9tablissement normal de la circulation, la  \nchauss\u00e9e devra \u00eatre propre et satisfaire aux conditions normales de s\u00e9curit\u00e9.\nArticle 9 :\nLe pr\u00e9sent arr\u00eat\u00e9 sera affich\u00e9 aux abords imm\u00e9diats du chantier.\nArticle 10 :\nLe pr\u00e9sent arr\u00eat\u00e9 peut faire l'objet d'un recours gracieux aupr\u00e8s du pr\u00e9fet et/ou d'un  \nrecours contentieux devant le tribunal administratif dans un d\u00e9lai de 2 mois \u00e0 compter de  \nsa notification.\nLe tribunal administratif peut \u00eatre saisi par un recours d\u00e9pos\u00e9 via l'application T\u00e9l\u00e9recours  \ncitoyens accessible par le site internet www.telerecours.fr \u00bb.\nArticle 11 :\n- La Directrice de Cabinet du pr\u00e9fet de la C\u00f4te-d'Or,\n- Le Pr\u00e9sident du Conseil D\u00e9partemental de la C\u00f4te-d'Or ,\n- Le Commandant de la R\u00e9gion de Gendarmerie de Bourgogne-Franche-Comt\u00e9 et du \nGroupement d\u00e9partemental de la C\u00f4te-d'Or,\nsont charg\u00e9s, chacun en ce qui le concerne, de l'ex\u00e9cution du pr\u00e9sent arr\u00eat\u00e9.\nLe pr\u00e9sent arr\u00eat\u00e9 sera publi\u00e9 au recueil des actes administratifs de la Pr\u00e9fecture de la C\u00f4te-\nd'Or.\nDirection d\u00e9partementale des territoires de la C\u00f4te-d'Or\n57 rue de Mulhouse- BP 53317 - 21033 DIJON cedex\nt\u00e9l : 03 80 29 44 44 \u2013 Courriel : ddt@cote-dor.gouv.fr\nDirection d\u00e9partementale des territoires de la C\u00f4te-d'Or - 21-2025-08-28-00003 - AP 1348 20250828 RAA A38\nConstructionGlissi\u00e8reB\u00e9ton 21\n4/4\nUne copie du pr\u00e9sent arr\u00eat\u00e9 sera adress\u00e9e pour information :\n- au Service D\u00e9partemental d'Incendie et de Secours de la C\u00f4te-d'Or,\n- \u00e0 la direction du SAMU de Dijon,\n- \u00e0 la commune de Velars-Sur-Ouche.\nFait \u00e0 Dijon, le 28 ao\u00fbt 2025\nLe pr\u00e9fet,\nPour le pr\u00e9fet et par d\u00e9l\u00e9gation ,\nLa directrice de cabinet,\nSIGN\u00c9\nAur\u00e9lie CONTRECIVILE\nDirection d\u00e9partementale des territoires de la C\u00f4te-d'Or\n57 rue de Mulhouse- BP 53317 - 21033 DIJON cedex\nt\u00e9l : 03 80 29 44 44 \u2013 Courriel : ddt@cote-dor.gouv.fr\nDirection d\u00e9partementale des territoires de la C\u00f4te-d'Or - 21-2025-08-28-00003 - AP 1348 20250828 RAA A38\nConstructionGlissi\u00e8reB\u00e9ton 22\nINAO - Institut national de l'origine et de la\nqualit\u00e9 - \n21-2025-09-02-00002\nRAA avis ConsPub Gevrey-Chambertin\nINAO - Institut national de l'origine et de la qualit\u00e9 -  - 21-2025-09-02-00002 - RAA avis ConsPub Gevrey-Chambertin 23\nREPUBLIQUEFRANCAISELibers\u00e9 .fn DE L'ONGINEET DE\u20140 LA QuaumT\u00c9\n \n \n \n \nAOP \u00ab GEVREY-CHAMBERTIN \u00bb  \n \nAvis de consultation publique \n \nLors de sa s\u00e9ance du 12 juin 2025, le comit\u00e9 national des appellations d'origine relatives aux vins \net aux boissons alcoolis\u00e9es, et des boissons spiritueuses de l'INAO a d\u00e9cid\u00e9 la mise en \nconsultation publique d es projets d'aire g\u00e9ographique et  d'aire parcellaire  r\u00e9vis\u00e9es de \nl'appellation d'origine susmentionn\u00e9e, compl\u00e9t\u00e9e ou non de la mention \u00ab premier cru \u00bb. \n \nLe projet d'aire g\u00e9ographique, apr\u00e8s expertise, reprend \u00e0 l'identique l'aire g\u00e9ographique actuelle \ncompos\u00e9e des communes de Brochon et Gevrey -Chambertin dans le d\u00e9partement de la C\u00f4te \nd'Or.  \n \nLe projet d'aire parcellaire concerne les 2 communes pr\u00e9cit\u00e9es composant l'aire g\u00e9ographique  \n \nLa consultation se d\u00e9roulera du 8 septembre 2025 au 8 novembre 2025 inclus.  \n \nLes plans cadastraux mat\u00e9rialisant le projet d'aire parcellaire pourront \u00eatre consult\u00e9s en mairie \ndes communes concern\u00e9es aux jours et heures habituel s d'ouverture pendant la dur\u00e9e de \nconsultation.  \n \nPendant ce d\u00e9lai, et conform\u00e9ment \u00e0 la Directive INAO -DIR-2015-03, les propri\u00e9taires et \nexploitants pourront formuler des r\u00e9clamations : \n\uf0b7 Via le site demarches-simplifi\u00e9es.fr :  \nhttps://www.demarches-implifiees.fr/commencer/projet-aoc-gevrey-chambertin-avis-de-\nconsultation- \n\uf0b7 Ou aupr\u00e8s de l'INAO par courrier (recommand\u00e9 avec accus\u00e9 de r\u00e9ception le cas \u00e9ch\u00e9ant) \n\u00e0 l'adresse suivante : 16, rue du Golf (Parc du Golf) B\u00e2t. Bogey 21800 QUETIGNY  \n\uf0b7 Ou par courriel \u00e0 l'adresse suivante : INAO-DIJON@inao.gouv.fr. \n \n \nAucune r\u00e9clamation ne sera prise en compte apr\u00e8s le 8 novembre 2025, le cachet de la poste ou \nl'accus\u00e9 de r\u00e9ception \u00e9lectronique faisant foi. \n \nLe dossier complet est consultable dans le d\u00e9lai pr\u00e9vu ci -dessus sur rendez-vous au site INAO \nsusnomm\u00e9 (ainsi qu'au si\u00e8ge de l'ODG Syndicat d'AOC Gevrey, Place de la Mairie  \n21220 GEVREY-CHAMBERTIN le cas \u00e9ch\u00e9ant)  aux jours et heures habituels d'ouverture des \nbureaux. \n \nFait \u00e0 Quetigny, le 3 juillet 2025 \n \nLa d\u00e9l\u00e9gu\u00e9e territoriale Centre-Est \n \nSign\u00e9 \n \nChrist\u00e8le MERCIER \n \nINAO - Institut national de l'origine et de la qualit\u00e9 -  - 21-2025-09-02-00002 - RAA avis ConsPub Gevrey-Chambertin 24\nMinist\u00e8re des Arm\u00e9es\n21-2025-07-04-00006\nAbrogation 2024\nMinist\u00e8re des Arm\u00e9es - 21-2025-07-04-00006 - Abrogation 2024 25\nMINISTEREDES ARMEESLibert\u00e9Egalit\u00e9Fraternit\u00e9\nSecr\u00e9tariat g\u00e9n\u00e9ralpour l'administration\n \nArr\u00eat\u00e9 \nAbrogeant des d\u00e9crets fixant des servitudes radio\u00e9lectriques \nNOR : ARMD \nLe ministre des arm\u00e9es, \nVu le code des postes et des communications \u00e9lectroniques, notamment les articles \n L.54, L. 56, L. 61 et R* 21 \u00e0 R* 39 ; \nArr\u00eate : \n \nArticle 1er  \nSont abrog\u00e9s les d\u00e9crets suivants :  \n \n1\u00b0 D\u00e9cret du 20 octobre 1962 fixant l'\u00e9tendue des zones et des servitudes au voisinage du \ncentre de SAINT -LAURENT-EN-GATINES (Indre-et-Loire) dans l'int\u00e9r\u00eat des \ntransmissions radio\u00e9lectriques ;  \n2\u00b0 D\u00e9cret du 29 janvier 2014 fixant l'\u00e9tendue des zones et les servitudes de protection contre \nles obstacles applicables sur le parcours d'un faisceau hertzien de DRAGUIGNAN \nBonaparte (VAR) \u00e0 DRAGUIGNAN Bergerold (VAR) ; \n3\u00b0 D\u00e9cret du 22 f\u00e9vrier 1984 fixant l'\u00e9tendue de la zone de protection et les servitudes \napplicables au voisinage du centre de r\u00e9ception de CHATEAUDUN Camp ( Eure-et-Loir) \npour la protection des r\u00e9ceptions radio\u00e9lectriques contre les perturbations \n\u00e9lectromagn\u00e9tiques ;  \n4\u00b0 D\u00e9cret du 22 f\u00e9vrier 1984 fixant l'\u00e9tendue de la zone secondaire de d\u00e9gagement et les \nservitudes de protection contre les obstacles applicables au voisinage du centre d'\u00e9mission \nde CHATEAUDUN camp (Eure-et-Loir) ; \n5\u00b0 D\u00e9cret du 26 janvier 1984  fixant l'\u00e9tendue de la zone sp\u00e9ciale de d\u00e9gagement et les \nservitudes de protection contre les obstacles applicables sur le parcours du faisceau hertzien \nde : ORLEANS Quartier Bellecombe (Loiret) n\u00b0 45 08 004 \u00e0 CHATEAUDUN Camp (Eure-\net-Loir) n\u00b0 28 08 005 traversant les d\u00e9partements du Loiret et d'Eure-et-Loir ; \n \n \nMinist\u00e8re des Arm\u00e9es - 21-2025-07-04-00006 - Abrogation 2024 26\n6\u00b0 D\u00e9cret du 6 Mars 1967 fixant l'\u00e9tendue de la  zone de protection contre les perturbations \n\u00e9lectriques du centre de RENNES LA MALTIERE (Ille-et-Vilaine) ; \n7\u00b0 D\u00e9cret du 6 Mars 1967 fixant l'\u00e9tendue de la zone secondaire de d\u00e9gageme nt et les \nservitudes de protection contre les obstacles applicables au voisinage du centre d'\u00e9mission \nde RENNES MARGUERITTE (Ille-et-Vilaine) ;  \n8\u00b0 D\u00e9cret du 06 Juin 2013 fixant l'\u00e9tendue des zones et les servitudes de protection contre les \nobstacles applicables  autour du  centre radio\u00e9lectrique  de PORTET SUR GARONNE  \n(Haute-Garonne) ;  \n9\u00b0 D\u00e9cret du 27 D\u00e9cembre 1993 fixant l'\u00e9tendue de la zone sp\u00e9ciale de d\u00e9gagement et les \nservitudes de protection contre les obstacles applicables sur le parcours du faisceau hertzien \nde PUISELIET LE MARAIX (Essonne) \u00e0 CORQUILLEROY D\u00e9p\u00f4t de pannes  (Loiret) \ntraversant les d\u00e9partements de l'Essonne, du Loiret et de la Seine-et-Marne ; \n10\u00b0 D\u00e9cret du 27 D\u00e9cembre 1993 fixant l'\u00e9tendue de la zone sp\u00e9ciale de d\u00e9gagement et les \nservitudes de protection contre les obstacles applicables sur le parcours du faisceau hertzien \nde CORQUILLEROY D\u00e9p\u00f4t de Pannes (Loiret) \u00e0 NEVOY (Loiret) traversant le \nd\u00e9partement du Loiret ;  \n11\u00b0 D\u00e9cret du 11 Janvier 2000 fixant l'\u00e9tendue de la zone sp\u00e9ciale de d\u00e9gagement et les \nservitudes de protection contre les obstacles applicables sur le parcours du faisceau hertzien \nde NEVOY camp militaire annexe (Loiret) \u00e0 NEUILLY-EN-SANCERRE- Le Rivailly  \n(Cher) traversant les d\u00e9partements du Loiret et du Cher ; \n12\u00b0 D\u00e9cret du 19 Mars 2013 fixant l'\u00e9tendue des zones et les servitudes de protection contre les \nobstacles applicables autour de centres radio\u00e9lectriques et sur le parcours d' un faisceau \nhertzien de NEUILLY-EN-SANCERRE-LE-RIVAILLY (Cher ) \u00e0 ST-PRIX-LE-HAUT-\nFOLIN (SAONE-ET-LOIRE) ; \n13\u00b0 D\u00e9cret du 19 Octobre 1993 fixant l'\u00e9tendue de la zone sp\u00e9ciale de d\u00e9gagement et les \nservitudes de protection contre les obstacles applicables sur le parcours du faisceau hertzien \nde KREMLIN BICETRE fort du KREMLIN BICETRE (Val de marne) \u00e0 PUISELET-LE-\nMARAIS (Essonne) ; \n14\u00b0 D\u00e9cret du 20 mars 1995 fixant l'\u00e9tendue de la zone sp\u00e9ciale de d\u00e9gagement et les servitudes \nde protection contre les obstacles applicables sur le parcours de la liaison troposph\u00e9rique de \nla station de Toulouse-Francazal (Haute-Garonne) vers la station de Lacaune (Tarn) ;  \n15\u00b0 D\u00e9cret du 06 Mars 1998 fixant l'\u00e9tendue des zones et les servitudes applicables au voisinage \ndu centre de r\u00e9ception de BOUFFRY (Loir -et-Cher) pour la protection des r\u00e9ceptions \nradio\u00e9lectriques contre les perturbations \u00e9lectromagn\u00e9tiques ;  \n16\u00b0 D\u00e9cret du 06 Mars 1998 fixant l'\u00e9tendue des zones et secteurs de d\u00e9gagement et les \nservitudes de protection contre les obstacles applicables au voisinage du centre d'\u00e9mission \nde BOUFFRY (Loir-et-Cher) ;  \n17\u00b0 D\u00e9cret du 19 Juillet 1978 fixant l'\u00e9tendue des zones et des secteurs de d\u00e9gagement, et les \nservitudes de protection contre les obstacles applicables au voisinage du centre du Haut -\nFolin (Sa\u00f4ne-et-Loire) ;  \n18\u00b0 D\u00e9cret du 19 Juillet 1978 fixant l'\u00e9tendue des zones et les servitudes applicables au \nvoisinage d u centre du Haut -Folin (Sa\u00f4ne -et-Loire), pour la protection des r\u00e9ceptions \nradio\u00e9lectriques contre les perturbations \u00e9lectromagn\u00e9tiques ;  \nMinist\u00e8re des Arm\u00e9es - 21-2025-07-04-00006 - Abrogation 2024 27\n19\u00b0 D\u00e9cret du 14 F\u00e9vrier 1972 fixant l'\u00e9tendue des zones et les servitudes de protection contre \nles obstacles applicables au voisinage du centre d'\u00e9mission de TROUHAUT Mont-Tasselot \n(C\u00f4te-d'Or) n\u00b0 21 08 02 ;  \n20\u00b0 D\u00e9cret du 21 Novembre 1972 fixant l'\u00e9tendue des zones et les servitudes applicables au \nvoisinage du centre de r\u00e9ception de TROUHAUT Mont -Tasselot (C\u00f4te-d'Or) n\u00b0 21 08 0 2 \npour la protection des r\u00e9ceptions radio\u00e9lectriques contre les perturbations \n\u00e9lectromagn\u00e9tiques ;  \n21\u00b0 D\u00e9cret du 07 F\u00e9vrier 1972 fixant l'\u00e9tendue de la zone sp\u00e9ciale de d\u00e9gagement et les \nservitudes de protection contre les obstacles applicables sur le parcour s de la relation \ntroposph\u00e9rique au d\u00e9part du centre radio\u00e9lectrique de HAUTEVILLE -LES-DIJON (fort) \nn\u00b021 08 03 \u2013 Angle de tir : Azimut 182\u00b0 30\u00b0 ;  \n22\u00b0 D\u00e9cret du 15 Avril 2015 fixant l'\u00e9tendue des zones et les servitudes de protection contre les \nobstacles applic ables autour de centres radio\u00e9lectriques et sur le parcours hertzien d'un \nfaisceau hertzien du centre de SAINT-PRIX Le Haut-Folin (Sa\u00f4ne-et-Loire) ;  \n23\u00b0 D\u00e9cret du 15 Avril 2015 fixant l'\u00e9tendue des zones et les servitudes de protection contre les \nobstacles ap plicables autour de centres radio\u00e9lectriques et sur le parcours hertzien d'un \nfaisceau hertzien du centre de SAINT-PRIX Le Haut-Folin (Sa\u00f4ne-et-Loire) ;  \n24\u00b0 D\u00e9cret du 19 Mars 2013 fixant l'\u00e9tendue des zones et les servitudes de protection contre les \nobstacles applicables autour de centres radio\u00e9lectriques et sur le parcours d'un faisceau \nhertzien du centre de SAINT-PRIX Le Haut Folin (Sa\u00f4ne-et-Loire) ;  \n25\u00b0 D\u00e9cret du 15 Avril 2015 fixant l'\u00e9tendue des zones et les servitudes de protection contre les \nobstacles applicables autour de centres radio\u00e9lectriques et sur le parcours d'un faisceau \nhertzien du centre TROUHAUT (C\u00f4te-d'Or) ; \n26\u00b0 D\u00e9cret du 22 F\u00e9vrier 1984 fixant l'\u00e9tendue de la zone de protection et les servitudes \napplicables au voisinage du centre de r\u00e9ception de H OHEKIRKEL (Moselle) pour la \nprotection des r\u00e9ceptions radio\u00e9lectriques contre les perturbations \u00e9lectromagn\u00e9tiques ;   \n27\u00b0 D\u00e9cret du 22 F\u00e9vrier 1984 fixant l'\u00e9tendue de la zone secondaire de d\u00e9gagement et les \nservitudes de protection contre les obstacles applicables au voisinage du centre d'\u00e9mission \nde HOHEKIRKEL (Moselle). \n \nArticle 2 \nLe directeur central du service d'infrastructure de la d\u00e9fense est charg\u00e9 de l' ex\u00e9cution du \npr\u00e9sent arr\u00eat\u00e9, qui sera publi\u00e9 au recueil des actes administratifs de l'Etat dans chaq ue \nd\u00e9partement concern\u00e9. \n \nFait le 04 Juillet 2025. \n \n        \n        Le ministre des arm\u00e9es, \n                                                                      Pour le ministre et par d\u00e9l\u00e9gation : \n                                                   Le directeur central du service d'infrastructure de la d\u00e9fense \n    IGHCA Alexandre BAROUH \n \nORIGINAL SIGN\u00c9 \nMinist\u00e8re des Arm\u00e9es - 21-2025-07-04-00006 - Abrogation 2024 28\nPr\u00e9fecture de la C\u00f4te-d'Or\nDirection des Collectivit\u00e9s locales et des\nElections \n21-2025-08-19-00008\nArr\u00eat\u00e9 Pr\u00e9fectoral relatif \u00e0 l' \u00e9lection des juges au\nTribunal de Commerce de Dijon 2025\nPr\u00e9fecture de la C\u00f4te-d'Or - 21-2025-08-19-00008 - Arr\u00eat\u00e9 Pr\u00e9fectoral relatif \u00e0 l' \u00e9lection des juges au Tribunal de Commerce de Dijon\n2025 29\nExPREFETDE LACOTE-D'ORLibert\u00e9Egalit\u00e9Fraternit\u00e9\nDirection des Collectivit\u00e9s Locales et des \u00c9lections\nAffaire suivie par Eric FINOT                     Dijon, le 19 ao\u00fbt 2025                            \nBureau des \u00e9lections et de la r\u00e9glementation \nT\u00e9l : 03 80 44 65 43\nm\u00e9l : e  ric.finot  @cote-dor.gouv.fr  \nArr\u00eat\u00e9 N\u00b0 1343\nRelatif \u00e0 l'\u00e9lection des juges au Tribunal de Commerce de Dijon\nLe pr\u00e9fet de la r\u00e9gion Bourgogne-Franche-Comt\u00e9\nPr\u00e9fet de la C\u00f4te-d'Or\nVU le code du commerce et notamment ses articles L.722-1 \u00e0 L.722-21, L.723-1 \u00e0 L.723-14 et R.723-1 \u00e0\nR.723-31 ;\nVU le code \u00e9lectoral ;\nVU la loi n\u00b0 87-550 du 16 juillet 1987 relative aux juridictions commerciales ;\nVU la loi n\u00b0 2016-1547 du 18 novembre 2016 de modernisation de la justice du XXI\u00e9 si\u00e8cle ;\nVU la loi n\u00b0 2019-486 du 22 mai 2019 relative \u00e0 la croissance et la transformation des entreprises ;\nVU la loi n\u00b0 2021-1317 du 11 octobre 2021 permettant la r\u00e9\u00e9lection des juges consulaires dans les\ntribunaux de commerce ;\nVU la  loi  n\u00b02022-1348  du  24  octobre  2022  visant  \u00e0  actualiser  le  r\u00e9gime  de  r\u00e9\u00e9lection  des  juges\nconsulaires dans les tribunaux de commerce ;\nVU le d\u00e9cret  n\u00b0  2008  \u2013  146  du 15  f\u00e9vrier  2008  modifiant  le si\u00e8ge  et  le ressort  des  tribunaux  de\ncommerce ;\nVU le d\u00e9cret n\u00b0 2008 \u2013 563 du 16 juin 2008 fixant notamment le nombre des juges des tribunaux de\ncommerce ;\nVU le d\u00e9cret n\u00b0 2017-1163 du 12 juillet 2017 relatif \u00e0 la d\u00e9ontologie, l'\u00e9ligibilit\u00e9 et la discipline des juges\ndes tribunaux de commerce ;\nVU l'arr\u00eat\u00e9 du 24 mai 2011 relatif aux bulletins de vote pour l'\u00e9lection des juges des tribunaux de\ncommerce ;\nVU la note JUSB2514573C en date du 19 juin 2025 du Garde des Sceaux, Ministre de la Justice ;\nPr\u00e9fecture de la C\u00f4te-d'Or - 21041 DIJON Cedex\nT\u00e9l\u00e9phone : 03.80.44.65.43 \npref-elections@cote-dor.gouv.fr\nPr\u00e9fecture de la C\u00f4te-d'Or - 21-2025-08-19-00008 - Arr\u00eat\u00e9 Pr\u00e9fectoral relatif \u00e0 l' \u00e9lection des juges au Tribunal de Commerce de Dijon\n2025 30\nVU les r\u00e9sultats des \u00e9lections des membres des Tribunaux de Commerce de Dijon des 2 d\u00e9cembre 2021\net 12 octobre 2023 ;\nConsid\u00e9rant que le nombre de juges du Tribunal de Commerce de Dijon a \u00e9t\u00e9 fix\u00e9 par d\u00e9cret sus-vis\u00e9\ndu 16 juin 2008 \u00e0 28 juges ;\nSUR proposition du Secr\u00e9taire G\u00e9n\u00e9ral de la Pr\u00e9fecture de la C\u00f4te d'Or ;\nA R R E T E\nArticle 1er \u2013 Le coll\u00e8ge \u00e9lectoral du Tribunal de commerce de Dijon est appel\u00e9 \u00e0 \u00e9lire 8 juges.\nCes \u00e9lections ayant lieu uniquement par correspondance, les \u00e9lecteurs sont inform\u00e9s que pour le 1er\ntour de scrutin, le d\u00e9pouillement du coll\u00e8ge \u00e9lectoral du Tribunal de Commerce de Dijon, aura lieu au\nsi\u00e8ge de cette juridiction le :\nJeudi 9 octobre 2025 \u00e0 14 h 30\nsalle de r\u00e9union du Tribunal de Commerce \u2013 2\u00e8me \u00e9tage \u2013 Escalier n\u00b0 6\nCit\u00e9 judiciaire \u2013 13 boulevard Cl\u00e9menceau \u00e0 DIJON\nDans l'\u00e9ventualit\u00e9 d'un second tour de scrutin le d\u00e9pouillement aura lieu le mercredi 22 octobre 2025 \u00e0\n14 h 30 dans les m\u00eames lieux que lors du premier tour.\nArticle 2 \u2013 Le d\u00e9p\u00f4t des candidatures s'effectue \u00e0 la Pr\u00e9fecture de la C\u00f4te d'Or au plus tard \u00e0 18h00 le\n20\u00e8me  jour qui  pr\u00e9c\u00e8de  le  d\u00e9pouillement  du  premier  tour  de  scrutin,  soit  jusqu'au  vendredi\n19 septembre 2025 \u00e0 18h. Les d\u00e9clarations de candidature seront re\u00e7ues \u00e0 :\nPr\u00e9fecture de la C\u00f4te d'Or, au Bureau \u00e9lections et r\u00e9glementations \nCit\u00e9 Dampierre\n6, rue Chancelier de l'Hospital\n\u00e0 Dijon\ndu mercredi 10 septembre au vendredi 19 septembre 2025\n(sauf les samedi 13 septembre et dimanche 14 septembre)\nde 9h \u00e0 12h et de 14h \u00e0 17h00 \nLe   vendredi 19 septembre   20  25  , jour de la cl\u00f4ture du d\u00e9p\u00f4t des candidatures, le service sera  \naccessible entre 17h et 18h, apr\u00e8s appel pr\u00e9alable au 03.80.44.65.43\nLe mandat des nouveaux \u00e9lus sera de quatre ans ou de deux ans selon qu'ils auront, ou non, d\u00e9j\u00e0 exerc\u00e9\nun mandat.\nLa  d\u00e9claration  de  candidature  doit  \u00eatre  faite  par  \u00e9crit  et  sign\u00e9e  par  le  candidat.  Elle  peut  \u00eatre\nindividuelle ou collective.\nElle doit \u00eatre d\u00e9pos\u00e9e personnellement par le candidat ou son mandataire. Si les candidatures sont\npr\u00e9sent\u00e9es  sous  forme  de  liste,  elles  peuvent  \u00eatre  d\u00e9pos\u00e9es  par  l'un  des  candidats  ou  par  un\nmandataire d\u00fbment habilit\u00e9.\nAucun retrait ou remplacement d'une candidature n'est accept\u00e9 apr\u00e8s son enregistrement.\nChaque candidat accompagne sa d\u00e9claration de candidature de la copie d'un titre d'identit\u00e9 et d'une\nd\u00e9claration \u00e9crite sur l'honneur  qu'il remplit les conditions d'\u00e9ligibilit\u00e9 indiqu\u00e9es \u00e0 l'article R 723-6 du\ncode du commerce.\nPr\u00e9fecture de la C\u00f4te-d'Or - 21041 DIJON Cedex\nT\u00e9l\u00e9phone : 03.80.44.65.43 \npref-elections@cote-dor.gouv.fr\nPr\u00e9fecture de la C\u00f4te-d'Or - 21-2025-08-19-00008 - Arr\u00eat\u00e9 Pr\u00e9fectoral relatif \u00e0 l' \u00e9lection des juges au Tribunal de Commerce de Dijon\n2025 31\nL'absence  des  pi\u00e8ces  pr\u00e9vues  ci-dessus  entra\u00eene  le  refus  d'enregistrement  de  la  candidature.Les\ncandidatures enregistr\u00e9es sont affich\u00e9es \u00e0 la Pr\u00e9fecture le lendemain de la date limite du d\u00e9p\u00f4t des\ncandidatures.\nArticle 3 \u2013 Vote par correspondance :\nLes  plis  contenant  les  enveloppes  de  vote  doivent  imp\u00e9rativement  parvenir,  par  voie  postale\nuniquement, \u00e0 la Pr\u00e9fecture au plus tard la veille du d\u00e9pouillement \u00e0 18 heures, soit  le  mercredi 8\noctobre 2025 \u00e0 18h pour le premier tour de scrutin.\nEn cas de second tour les plis seront re\u00e7us jusqu'au mardi 21 octobre 2025 \u00e0 18h.\nLe Pr\u00e9fet adressera aux \u00e9lecteurs, douze jours au moins avant la date du d\u00e9pouillement du premier tour\nde scrutin, le mat\u00e9riel de vote n\u00e9cessaire.\nSi les candidats ne mettent aucun bulletin de vote \u00e0 la disposition des \u00e9lecteurs, ceux-ci votent avec un\nbulletin qu'ils r\u00e9digent eux-m\u00eames.\nArticle 4 \u2013 Le vote a lieu au scrutin plurinominal majoritaire \u00e0 deux tours.\nSont d\u00e9clar\u00e9s \u00e9lus au premier tour de scrutin, les candidats ayant obtenu un nombre de voix au moins\n\u00e9gal \u00e0 la majorit\u00e9 des suffrages exprim\u00e9s et au quart des \u00e9lecteurs inscrits.\nSi aucun candidat n'est \u00e9lu, ou s'il reste des si\u00e8ges \u00e0 pourvoir, le pr\u00e9sident de la commission \u00e9lectorale\nd\u00e9clare qu'il y a lieu \u00e0 un second tour de scrutin.\nAu second tour, l'\u00e9lection est acquise \u00e0 la majorit\u00e9 relative des suffrages exprim\u00e9s.\nSi plusieurs candidats obtiennent le m\u00eame nombre de voix au second tour, le plus \u00e2g\u00e9 est proclam\u00e9 \u00e9lu.\nArticle 5 \u2013 Le d\u00e9pouillement et le recensement des votes sont effectu\u00e9s par la commission pr\u00e9vue aux\narticles L 723-13 et R 723-8 du code du commerce.\nLes r\u00e9sultats sont proclam\u00e9s publiquement par le pr\u00e9sident de cette commission. La liste des candidats\n\u00e9lus,  \u00e9tablie  dans  l'ordre  d\u00e9gressif  du  nombre  de  voix  obtenu  par  chacun  d'entre  eux,  est\nimm\u00e9diatement affich\u00e9e au greffe du tribunal de commerce.\nLe proc\u00e8s-verbal des op\u00e9rations \u00e9lectorales est dress\u00e9 en trois exemplaires rev\u00eatus de la signature des\nmembres de la commission \u00e9lectorale  : le premier exemplaire est envoy\u00e9 au procureur g\u00e9n\u00e9ral, le\ndeuxi\u00e8me au pr\u00e9fet et le troisi\u00e8me est conserv\u00e9 au greffe du tribunal de commerce.\nArticle 6 \u2013 Le Secr\u00e9taire G\u00e9n\u00e9ral de la Pr\u00e9fecture de la C\u00f4te d'Or est charg\u00e9 de l'ex\u00e9cution du pr\u00e9sent\narr\u00eat\u00e9 qui sera affich\u00e9 au greffe du Tribunal de Commerce de Dijon, \u00e0 la Pr\u00e9fecture et dans les Sous-\nPr\u00e9fectures de Beaune et de Montbard et sera ins\u00e9r\u00e9 au recueil des actes administratifs de la Pr\u00e9fecture\nde la C\u00f4te d'Or. Une copie est transmise \u00e0 tous les membres du coll\u00e8ge \u00e9lectoral.\n                                                        Le pr\u00e9fet,\nPour le pr\u00e9fet et par d\u00e9l\u00e9gation\n                                                                             Le secr\u00e9taire g\u00e9n\u00e9ral,\n                                                                Sign\u00e9 : Denis BRUEL\nPr\u00e9fecture de la C\u00f4te-d'Or - 21041 DIJON Cedex\nT\u00e9l\u00e9phone : 03.80.44.65.43 \npref-elections@cote-dor.gouv.fr\nPr\u00e9fecture de la C\u00f4te-d'Or - 21-2025-08-19-00008 - Arr\u00eat\u00e9 Pr\u00e9fectoral relatif \u00e0 l' \u00e9lection des juges au Tribunal de Commerce de Dijon\n2025 32\nPr\u00e9fecture de la C\u00f4te-d'Or\nP\u00f4le juridique inter-services\n21-2025-09-02-00001\nArr\u00eat\u00e9 pr\u00e9fectoral n\u00b0  1346 / SG \ndu 2 septembre 2025 donnant d\u00e9l\u00e9gation de\nsignature au g\u00e9n\u00e9ral de division Sylvain LANIEL,\ncommandant de la r\u00e9gion de gendarmerie\nBourgogne-Franche-Comt\u00e9,\ncommandant le groupement de gendarmerie\nd\u00e9partementale de la C\u00f4te-d'Or.\nPr\u00e9fecture de la C\u00f4te-d'Or - 21-2025-09-02-00001 - Arr\u00eat\u00e9 pr\u00e9fectoral n\u00b0  1346 / SG \ndu 2 septembre 2025 donnant d\u00e9l\u00e9gation de signature au g\u00e9n\u00e9ral de division Sylvain LANIEL,\ncommandant de la r\u00e9gion de gendarmerie Bourgogne-Franche-Comt\u00e9,\ncommandant le groupement de gendarmerie d\u00e9partementale de la C\u00f4te-d'Or.\n33\nPREFETDE LACOTE-D'ORLibert\u00e9Egalit\u00e9Fraternit\u00e9Arr\u00e9t\u00e9 pr\u00e9fectoral n\u00ae 1346 /SG du 2 septembre 2025donnant d\u00e9l\u00e9gation de signature au g\u00e9n\u00e9ral de division Sylvain LANIEL,commandant de la r\u00e9gionde gendarmerie Bourgogne-Franche-Comt\u00e9,commandant le groupement de gendarmerie d\u00e9partementale de la C\u00f4te-d'Or.Le pr\u00e9fet de la C\u00f4te-d'Or.\nVu la loi organique n\u00b0 2001-692 du 1er ao\u00fbt 2001 modifi\u00e9e relative aux lois de finances ;Vu le d\u00e9cret n\u00b0 62-1587 du 29 d\u00e9cembre 1962 portant r\u00e8glement g\u00e9n\u00e9ral sur la comptabilit\u00e9publique, notamment les articles 96 et suivants ;Vu le d\u00e9cret n\u00b0 97-199 du 5 mars 1997 modifi\u00e9 par le d\u00e9cret n\u00b0 2010-1295 du 28 octobre 2010relatif au remboursement de certaines d\u00e9penses support\u00e9es par les forces de police et degendarmerie ;Vu le d\u00e9cret n\u00b0 2004-374 du 29 avril 2004 relatif aux pouvoirs des pr\u00e9fets, \u00e0 I'organisation et al'action des services de l'\u00c9tat dans les r\u00e9gions et d\u00e9partements, modifi\u00e9 par le d\u00e9cret n\u00b0 2009-176 du 16 f\u00e9vrier 2009, le d\u00e9cret n\u00b0 2010-146 du 16 f\u00e9vrier 2010 et par le d\u00e9cret n\u00b0 2010-687 du24juin 2010;Vu le d\u00e9cret n\u00b0 2005-54 du 27 janvier 2005 relatif au contr\u00f4le' financier au sein desadministrations de l'Etat ;Vu le d\u00e9cret n\u00b0 2008-158 du 22 f\u00e9vrier 2008 r\u00e9latif \u00e0 la suppl\u00e9ance des pr\u00e9fets de r\u00e9gion et \u00e0 lad\u00e9l\u00e9gation de signature des pr\u00e9fets et hauts commissaires de la R\u00e9publique en Polynesnefran\u00e7aise et en Nouvelle-Cal\u00e9donie;Vu le d\u00e9cret n\u00b0 2009-176 du 16 f\u00e9vrier 2009 modifiant le d\u00e9cret n\u00b0 64-805 du 29juillet 1964fixant les dispositions r\u00e9glementaires applicables aux pr\u00e9fets ;Vu le d\u00e9cret du 10 octobre 2024 nommant Monsieur Paul MOURIER, pr\u00e9fet de la r\u00e9gionBourgogne-Franche-Comt\u00e9, pr\u00e9fet de la C\u00f4te d'Or;Vu l'arr\u00eat\u00e9 du 28 octobre 2010 fixant le montant des remboursements de certaines d\u00e9pensessupport\u00e9es par les forces de police et de gendarmerie;Vu le d\u00e9cret du 23 mai 2023 portant affectation d'officiers g\u00e9n\u00e9raux, par lequel Monsieur leg\u00e9n\u00e9ral de brigade Sylvain LANIEL est nomm\u00e9 commandant de la r\u00e9gion de gendarmerieBourgogne-Franche-Comt\u00e9, commandant du groupement de gendarmerie departementale de laC\u00f4te-d'Or \u00e0 compter du 1er juin 2023;Vu le d\u00e9cret du 20 d\u00e9cembre 2023 portant promot:on du general Sylvain LANIEL au grade deg\u00e9n\u00e9ral de division;Vu le d\u00e9cret du 30 juillet 2025 portant affectation d'officiers g\u00e9n\u00e9raux, par lequel M. RudyGASPARD est nomm\u00e9 commandant en second de la r\u00e9gion de gendarmerie Bourgogne-Franche-Comt\u00e9, commandant en second du groupement de gendarmerie d\u00e9partementale de laC\u00f4te d'Or \u00e0 compter du 1\" ao\u00fbt 2025 ;\nPr\u00e9fecture de la C\u00f4te-d'Or - 21-2025-09-02-00001 - Arr\u00eat\u00e9 pr\u00e9fectoral n\u00b0  1346 / SG \ndu 2 septembre 2025 donnant d\u00e9l\u00e9gation de signature au g\u00e9n\u00e9ral de division Sylvain LANIEL,\ncommandant de la r\u00e9gion de gendarmerie Bourgogne-Franche-Comt\u00e9,\ncommandant le groupement de gendarmerie d\u00e9partementale de la C\u00f4te-d'Or.\n34\n2/2\nVu l'arr\u00eat\u00e9 pr\u00e9fectoral n\u00b0 1663 /SG du 28 octobre 2024 donnant d\u00e9l\u00e9gation de signature aug\u00e9n\u00e9ral Sylvain LANIEL, commandant de la r\u00e9gion de gendarmerie Bourgogne-Franche- Comt\u00e9,commandant le groupement de gendarmerie d\u00e9partementale de la C\u00f4te-d'Or: -ARRETEArticle 1er: L'arr\u00e9t\u00e9 pr\u00e9fectoral n\u00b0 1663/SG du 28 octobre 2024 donnant delegatlon designature au g\u00e9n\u00e9ral Sylvain LANIEL, commandant de la r\u00e9gion de gendarmerie Bourgogne-Franche-Comt\u00e9, commandant le groupement de gendarmerie d\u00e9partementale de la C\u00f4te-d''Or ettoutes dnsposmons ant\u00e9rieures et contraires au present arr\u00eat\u00e9 sont abrog\u00e9s.Article 2 : D\u00e9l\u00e9gation de signature est donn\u00e9e au g\u00e9n\u00e9ral de division Sylvain LANIEL,commandant la r\u00e9gion de gendarmerie de Bourgogne-Franche-Comt\u00e9, commandant legroupement de gendarmerie d\u00e9partementale de la C\u00f4te-d'Or, \u00e0 l'effet de signer les actesd\u00e9sign\u00e9s ci-apr\u00e8s:\u00ab les conventionsde prestations ex\u00e9cut\u00e9es par les forces de gendarmerie dans le cadred\u00e9fini par le d\u00e9cret n\u00b0 97-199 du 5 mars 1997 modifi\u00e9 par le d\u00e9cret n\u00b0 2010-1295 du28 octobre 2010, dans la mesure o\u00f9 le service d'ordre s'\u00e9tend sur la seule zone degendarmerie ;- les \u00e9tats liquidatifs se rapportant \u00e0 ces conventions;la certification des factures et l'\u00e9tablissement de certificats administratifs n\u00e9cessaires auxmandatements (se rapportant \u00e0 ces conventions).les arr\u00eat\u00e9s portant immobilisation et/ou mise en fourri\u00e8re \u00e0 titre provisoire d'un v\u00e9hiculeainsi que les autorisations d\u00e9finitives de sortie de mise en fourri\u00e8re concernant la zonegendarmerie.Article 3: En cas dabsence ou d'emp\u00eachement du g\u00e9n\u00e9ral de division Sylvain LANIEL, lad\u00e9l\u00e9gation qui lui est accord\u00e9e est exerc\u00e9e par le g\u00e9n\u00e9ral Rudy GASPARD, commandant ensecond de la r\u00e9gion de gendarmerie de Bourgogne-Franche-Comt\u00e9 et du groupement degendarmerie d\u00e9partementale de la C\u00f4te-d'Or.Les d\u00e9cisions de subd\u00e9l\u00e9gation, qui me seront adress\u00e9es ainsi qu'\u00e0 Monsieur le directeurr\u00e9gional des finances publiques de la r\u00e9gion Bourgogne-Franche-Comt\u00e9 et du d\u00e9partement de laC\u00f4te d'Or, viseront nominativement les agents int\u00e9ress\u00e9s et leur seront notifi\u00e9es. Elles ferontl'objet d'une publication au recueil des actes administratifs de la pr\u00e9fecture de la C\u00f4te d'Or. -Article 4 : Le secr\u00e9taire g\u00e9n\u00e9ral de la pr\u00e9fecture de la C\u00f4te-d'Or, la directrice de cabinet dupr\u00e9fet, le g\u00e9n\u00e9ral de division Sylvain LANIEL, commandant la r\u00e9gion de gendarmerieBourgogne-Franche-Comt\u00e9 et commandant le groupement de gendarmerie d\u00e9partementale dela C\u00f4te-d'Or, ainsi que le g\u00e9n\u00e9ral Rudy GASPARD, commandant en second de la r\u00e9gion degendarmerie de Bourgogne-Franche-Comt\u00e9 et le groupement de gendarmerie d\u00e9partementalede la C\u00f4te-d'Or, sont charg\u00e9s, chacun pour ce qui le concerne, de l'ex\u00e9cution du pr\u00e9sent arr\u00e9t\u00e9qui sera publi\u00e9 au recueil des actes administratifs de la pr\u00e9fecture de la C\u00f4te-d'Or.\nFait \u00e0 Dijon, le 2 septembre 2025Le pr\u00e9fet,SIGNEPaul MOURIER\nPr\u00e9fecture de la C\u00f4te-d'Or - 21-2025-09-02-00001 - Arr\u00eat\u00e9 pr\u00e9fectoral n\u00b0  1346 / SG \ndu 2 septembre 2025 donnant d\u00e9l\u00e9gation de signature au g\u00e9n\u00e9ral de division Sylvain LANIEL,\ncommandant de la r\u00e9gion de gendarmerie Bourgogne-Franche-Comt\u00e9,\ncommandant le groupement de gendarmerie d\u00e9partementale de la C\u00f4te-d'Or.\n35","date":"2025-09-02","first_seen_on":"2025-09-13T20:45:05+00:00","id":"058083509da25448b61abed0447d6d1b0d5a216b2908638196070a5c799befb6","name":"RAA n\u00b0 118 du 02 septembre 2025","pdf_creation_date":"2025-09-02T14:14:08+00:00","pdf_modification_date":null,"timezone":"Europe/Paris","url":"https://www.cote-dor.gouv.fr/contenu/telechargement/24098/183358/file/recueil-21-2025-118-recueil-des-actes-administratifs-special.pdf"}
