{"administration":"pref13","administration_name":"Pr\u00e9fecture des Bouches-du-Rh\u00f4ne","content":"BOUCHES-DU-\nRH\u00d4NE\nRECUEIL DES ACTES\nADMINISTRATIFS SP\u00c9CIAL\nN\u00b013-2024-177\nPUBLI\u00c9 LE 25 JUILLET 2024\nSommaire\nDDETS 13 /\n13-2024-07-25-00005 - R\u00e9c\u00e9piss\u00e9 de d\u00e9claration au titre des\nServices \u00e0 la Personne au b\u00e9n\u00e9fice de   Monsieur Jean-Luc GONNET \nen qualit\u00e9 d'entrepreneur individuel, situ\u00e9 1 Clos des Iris - 13690\nGRAVESON\n (2 pages) Page 4\n13-2024-07-22-00008 - R\u00e9c\u00e9piss\u00e9 de d\u00e9claration au titre des\nServices \u00e0 la Personne au b\u00e9n\u00e9fice de  Madame Fatima BELOUCIF en\nqualit\u00e9 d'entrepreneur individuel, situ\u00e9 59 boulevard Paul Claudel -\n13009 MARSEILLE (2 pages) Page 7\n13-2024-07-25-00004 - R\u00e9c\u00e9piss\u00e9 de d\u00e9claration au titre des\nServices \u00e0 la Personne au b\u00e9n\u00e9fice de  Madame GOMEZ Solange en\nqualit\u00e9 d'entrepreneur individuel situ\u00e9 107 Avenue des olives - 13013\nMARSEILLE\n (2 pages) Page 10\n13-2024-07-24-00004 - R\u00e9c\u00e9piss\u00e9 de d\u00e9claration au titre des\nServices \u00e0 la Personne au b\u00e9n\u00e9fice de  Madame Rahma KICHI  en\nqualit\u00e9 d'entrepreneur individuel, situ\u00e9 92 avenue du Merlan - 13014\nMARSEILLE (2 pages) Page 13\n13-2024-07-25-00003 - R\u00e9c\u00e9piss\u00e9 de d\u00e9claration au titre des\nServices \u00e0 la Personne au b\u00e9n\u00e9fice de  Monsieur SOUDINI Zouaoui en\nqualit\u00e9 de d'entrepreneur individuel, situ\u00e9 108 Rue Rouet - 13008\nMARSEILLE (2 pages) Page 16\nDirection Departementale des Territoires et de la Mer 13 /\n13-2024-07-25-00002 - Arr\u00eat\u00e9 classement en cat\u00e9gorie 2BIS des\npassages \u00e0 niveau de la ligne 947 000 Carnoules-Gardanne (13 pages) Page 19\n13-2024-07-25-00006 - Arr\u00eat\u00e9 pr\u00e9fectoral portant autorisation\nd'effectuer une battue administrative aux sangliers (3 pages) Page 33\nDRFIP PACA et des Bouches-du-Rh\u00f4ne  /\n13-2024-07-25-00007 - D\u00e9l\u00e9gation de signature SDE Aix (2 pages) Page 37\nPr\u00e9fecture des Bouches-du-Rhone /\n13-2024-07-24-00003 - Arr\u00eat\u00e9  du 24 juillet 2024\nportant ouverture\nd'un recrutement  par voie de PACTE pour l'acc\u00e8s au grade\nd'adjoint administratif  de l'int\u00e9rieur et de l'outre-mer pour la\nr\u00e9gion Provence-Alpes-C\u00f4te-d'Azur au titre de l'ann\u00e9e 2024 (2\npages) Page 40\nPr\u00e9fecture des Bouches-du-Rhone / Direction de la Citoyennet\u00e9, de la\nL\u00e9galit\u00e9 et de l'Environnement\n13-2024-07-25-00009 - Arr\u00eat\u00e9 portant habilitation de la soci\u00e9t\u00e9\nd\u00e9nomm\u00e9e \n\u00ab HESSED VEEMET\u00a0\u00bb sise \u00e0 MARSEILLE (13012) dans\nle domaine fun\u00e9raire, \ndu 25 JUILLET 2024 (2 pages) Page 43\n2\nPr\u00e9fecture des Bouches-du-Rhone / Direction de la S\u00e9curit\u00e9 : Polices\nAdministratives et R\u00e9glementation\n13-2024-07-17-00017 - AUTO ECOLE DU MERLAN, exploitant M. VARVARA\nThomas, 79 B avenue du Merlan 13014 MARSEILLE, E 19 013 0021 0 (3 pages) Page 46\n13-2024-07-19-00014 - CSSR INNO POLE, exploitant Monsieur FABRE\nFr\u00e9d\u00e9ric, R 19 013 0004 0 (3 pages) Page 50\nSecr\u00e9tariat G\u00e9n\u00e9ral Commun 13 /\n13-2024-07-25-00001 - RAA arrete d'ouverture PACTE 2024 DIPN13-1 (2\npages) Page 54\nSecr\u00e9tariat g\u00e9n\u00e9ral pour l'administration du minist\u00e8re de\nl'int\u00e9rieur /\n13-2024-07-25-00008 - Arr\u00eat\u00e9 du 25 juillet 2024 portant d\u00e9l\u00e9gation\nde signature \u00e0 Monsieur Olivier MARMION,\nsecr\u00e9taire g\u00e9n\u00e9ral de\nla zone de d\u00e9fense et de s\u00e9curit\u00e9 Sud aupr\u00e8s du pr\u00e9fet de la\nr\u00e9gion  Provence-Alpes-C\u00f4te d'Azur, pr\u00e9fet de la zone de\nd\u00e9fense et de s\u00e9curit\u00e9 Sud, pr\u00e9fet des Bouches-du-Rh\u00f4ne (25\npages) Page 57\nService D\u00e9partemental de la Jeunesse et des Sports /\n13-2024-07-16-00018 - Microsoft Word - Arr\u00eat\u00e9 d'attribution\nd'agr\u00e9ment JEP 16-07-24- association romulus (2 pages) Page 83\n13-2024-07-16-00019 - Microsoft Word - Arr\u00eat\u00e9 d'attribution\nd'agr\u00e9ment JEP 16-07-24- MJC lambesc (2 pages) Page 86\n3\nDDETS 13\n13-2024-07-25-00005\nR\u00e9c\u00e9piss\u00e9 de d\u00e9claration au titre des Services \u00e0\nla Personne au b\u00e9n\u00e9fice de   Monsieur Jean-Luc\nGONNET  en qualit\u00e9 d'entrepreneur individuel,\nsitu\u00e9 1 Clos des Iris - 13690 GRAVESON\nDDETS 13 - 13-2024-07-25-00005 - R\u00e9c\u00e9piss\u00e9 de d\u00e9claration au titre des Services \u00e0 la Personne au b\u00e9n\u00e9fice de   Monsieur Jean-Luc\nGONNET  en qualit\u00e9 d'entrepreneur individuel, situ\u00e9 1 Clos des Iris - 13690 GRAVESON 4\nEn\nPREFET\nDES  BOUCHES-\nDU-RHONE\nLibert\u00e9\nEgalit\u00e9\nFraternit\u00e9\n \nDirection D\u00e9partementale\nde l'Emploi, du Travail\n et des Solidarit\u00e9s\ndes Bouches du Rh\u00f4ne\nP\u00f4le \u00c9conomie Emploi Entreprises\nD\u00e9partement Insertion Professionnelle\n      R\u00e9c\u00e9piss\u00e9 de d\u00e9claration n\u00b0 \u2026\u2026\n                   d'un organisme de services \u00e0 la personne\n                      enregistr\u00e9 sous le N\u00b0 SAP440770121\nVu  le  code  du  travail  et  notamment les articles  L.7231-1  \u00e0  L.7233-2,  R.7232-16  \u00e0 \nR.7232-22, D.7231-1 et D.7233-1 \u00e0 D.7233-5,\nLe pr\u00e9fet de la R\u00e9gion Provence-Alpes-C\u00f4te d'Azur  Pr\u00e9fet de la Zone de D\u00e9fense et \nde S\u00e9curit\u00e9 Sud,  Pr\u00e9fet des Bouches-du-Rh\u00f4ne,\nCONSTATE\nQu'une d\u00e9claration d'activit\u00e9s de Services \u00e0 la Personne a \u00e9t\u00e9 d\u00e9pos\u00e9e aupr\u00e8s de la\nDirection D\u00e9partementale de l'Emploi, du Travail et des Solidarit\u00e9s des Bouches-du-\nRh\u00f4ne le, 22 juillet 2024, par Monsieur Jean-Luc GONNET  en qualit\u00e9 d'entrepreneur\nindividuel,  situ\u00e9  1  Clos  des  Iris  \u2013  13690  GRAVESON  et  enregistr\u00e9  sous  le  N\u00b0\nSAP440770121 pour les activit\u00e9s suivantes en mode prestataire :\n\u2022Petits travaux de jardinage \n\u2022Travaux de petit bricolage\n\u2022Maintenance, entretien et vigilance temporaires \u00e0 domicile \n \nToute  modification  concernant  les  activit\u00e9s  exerc\u00e9es  devra  faire  l'objet  d'une\nd\u00e9claration modificative pr\u00e9alable.\nSous r\u00e9serve d'\u00eatre exerc\u00e9es \u00e0 titre exclusif au profit de particuliers, \u00e0 leur domicile\n(ou sous r\u00e9serve d'une comptabilit\u00e9 s\u00e9par\u00e9e pour les personnes morales dispens\u00e9es\nde cette condition), ces activit\u00e9s ouvrent droit au b\u00e9n\u00e9fice des dispositions des\narticles L.7233-2 du code du travail et L.241-10 du code de la s\u00e9curit\u00e9 sociale dans les\nconditions pr\u00e9vues par ces articles.\nLes effets de la d\u00e9claration courent \u00e0 compter du jour du d\u00e9p\u00f4t de la d\u00e9claration\nsous r\u00e9serve des dispositions de  l'article R.7232-18 du code du travail.\nEn application  des articles L.7232-1 et R.7232-1 \u00e0 R.7232-15, les activit\u00e9s n\u00e9cessitant\nun  agr\u00e9ment  (I  de  l'article  D.7231-1  du  code  du  travail)  n'ouvrent  droit  \u00e0  cesDDETS 13 - 13-2024-07-25-00005 - R\u00e9c\u00e9piss\u00e9 de d\u00e9claration au titre des Services \u00e0 la Personne au b\u00e9n\u00e9fice de   Monsieur Jean-Luc\nGONNET  en qualit\u00e9 d'entrepreneur individuel, situ\u00e9 1 Clos des Iris - 13690 GRAVESON 5\ndispositions  que  si  la  structure  a  pr\u00e9alablement  obtenu  l'agr\u00e9ment  ou  le\nrenouvellement de cet agr\u00e9ment dans le ou les d\u00e9partements d'exercice de ses\nactivit\u00e9s.\nDe m\u00eame, en application de l'article D.312-6-2 du code de l'action sociale et des\nfamilles, les activit\u00e9s n\u00e9cessitant une autorisation n'ouvrent droit \u00e0 ces dispositions\nque si l'organisme a pr\u00e9alablement obtenu l'autorisation ou le renouvellement de\ncette autorisation.\nLe pr\u00e9sent r\u00e9c\u00e9piss\u00e9 n'est pas limit\u00e9 dans le temps.  La d\u00e9claration a une port\u00e9e\nnationale.\nL'enregistrement de la d\u00e9claration peut \u00eatre retir\u00e9 dans les conditions fix\u00e9es aux\narticles R.7232-20 \u00e0 R.7232-22 du code du travail.\nLe pr\u00e9sent r\u00e9c\u00e9piss\u00e9 sera publi\u00e9 au Recueil des Actes Administratifs de la Pr\u00e9fecture\ndes Bouches-du-Rh\u00f4ne.\nFait \u00e0 Marseille, le  25 juillet 2024\nPar emp\u00eachement de la Directrice  \nD\u00e9partementale de l'Emploi, du Travail et\ndes Solidarit\u00e9s des Bouches-du-Rh\u00f4ne,\nLa Responsable du d\u00e9partement \naccompagnement des mutations \n\u00e9conomiques et d\u00e9veloppement des \ncomp\u00e9tences,\nSign\u00e9\nElodie  CARITEY\n55 boulevard P\u00e9rier \u2013 13415 cedex 20 MARSEILLE Cedex 20 - T\u00e9l\u00e9phone : 04.91.57.96.00 Mel : ddets-sap@bouches-du-rhone.gouv.fr2DDETS 13 - 13-2024-07-25-00005 - R\u00e9c\u00e9piss\u00e9 de d\u00e9claration au titre des Services \u00e0 la Personne au b\u00e9n\u00e9fice de   Monsieur Jean-Luc\nGONNET  en qualit\u00e9 d'entrepreneur individuel, situ\u00e9 1 Clos des Iris - 13690 GRAVESON 6\nDDETS 13\n13-2024-07-22-00008\nR\u00e9c\u00e9piss\u00e9 de d\u00e9claration au titre des Services \u00e0\nla Personne au b\u00e9n\u00e9fice de  Madame Fatima\nBELOUCIF en qualit\u00e9 d'entrepreneur individuel,\nsitu\u00e9 59 boulevard Paul Claudel - 13009\nMARSEILLE\nDDETS 13 - 13-2024-07-22-00008 - R\u00e9c\u00e9piss\u00e9 de d\u00e9claration au titre des Services \u00e0 la Personne au b\u00e9n\u00e9fice de  Madame Fatima\nBELOUCIF en qualit\u00e9 d'entrepreneur individuel, situ\u00e9 59 boulevard Paul Claudel - 13009 MARSEILLE 7\nEn\nPREFET\nDES  BOUCHES-\nDU-RHONE\nLibert\u00e9\nEgalit\u00e9\nFraternit\u00e9\n \nDirection D\u00e9partementale\nde l'Emploi, du Travail\n et des Solidarit\u00e9s\ndes Bouches du Rh\u00f4ne\nP\u00f4le \u00c9conomie Emploi Entreprises\nD\u00e9partement Insertion Professionnelle\n      R\u00e9c\u00e9piss\u00e9 de d\u00e9claration n\u00b0 \u2026\u2026\n                   d'un organisme de services \u00e0 la personne\n                      enregistr\u00e9 sous le N\u00b0 SAP931186183\nVu  le  code  du  travail  et  notamment les articles  L.7231-1  \u00e0  L.7233-2,  R.7232-16  \u00e0 \nR.7232-22, D.7231-1 et D.7233-1 \u00e0 D.7233-5,\nLe pr\u00e9fet de la R\u00e9gion Provence-Alpes-C\u00f4te d'Azur  Pr\u00e9fet de la Zone de D\u00e9fense et \nde S\u00e9curit\u00e9 Sud,  Pr\u00e9fet des Bouches-du-Rh\u00f4ne,\nCONSTATE\nQu'une d\u00e9claration d'activit\u00e9s de Services \u00e0 la Personne a \u00e9t\u00e9 d\u00e9pos\u00e9e aupr\u00e8s de la\nDirection D\u00e9partementale de l'Emploi, du Travail et des Solidarit\u00e9s des Bouches-du-\nRh\u00f4ne le, 22 juillet 2024 par Madame  Fatima BELOUCIF  en qualit\u00e9 d'entrepreneur\nindividuel, situ\u00e9 59 boulevard Paul Claudel - 13009 MARSEILLE et enregistr\u00e9 sous le N\u00b0\nSAP931186183 pour les activit\u00e9s suivantes en mode prestataire :\n  \u2022   Entretien de la maison et travaux m\u00e9nagers \nToute  modification  concernant  les  activit\u00e9s  exerc\u00e9es  devra  faire  l'objet  d'une\nd\u00e9claration modificative pr\u00e9alable.\nSous r\u00e9serve d'\u00eatre exerc\u00e9es \u00e0 titre exclusif au profit de particuliers, \u00e0 leur domicile\n(ou sous r\u00e9serve d'une comptabilit\u00e9 s\u00e9par\u00e9e pour les personnes morales dispens\u00e9es\nde cette condition), ces activit\u00e9s ouvrent droit au b\u00e9n\u00e9fice des dispositions des\narticles L.7233-2 du code du travail et L.241-10 du code de la s\u00e9curit\u00e9 sociale dans les\nconditions pr\u00e9vues par ces articles.\nLes effets de la d\u00e9claration courent \u00e0 compter du jour du d\u00e9p\u00f4t de la d\u00e9claration\nsous r\u00e9serve des dispositions de  l'article R.7232-18 du code du travail.\nEn application  des articles L.7232-1 et R.7232-1 \u00e0 R.7232-15, les activit\u00e9s n\u00e9cessitant\nun  agr\u00e9ment  (I  de  l'article  D.7231-1  du  code  du  travail)  n'ouvrent  droit  \u00e0  ces\ndispositions  que  si  la  structure  a  pr\u00e9alablement  obtenu  l'agr\u00e9ment  ou  leDDETS 13 - 13-2024-07-22-00008 - R\u00e9c\u00e9piss\u00e9 de d\u00e9claration au titre des Services \u00e0 la Personne au b\u00e9n\u00e9fice de  Madame Fatima\nBELOUCIF en qualit\u00e9 d'entrepreneur individuel, situ\u00e9 59 boulevard Paul Claudel - 13009 MARSEILLE 8\nrenouvellement de cet agr\u00e9ment dans le ou les d\u00e9partements d'exercice de ses\nactivit\u00e9s.\nDe m\u00eame, en application de l'article D.312-6-2 du code de l'action sociale et des\nfamilles, les activit\u00e9s n\u00e9cessitant une autorisation n'ouvrent droit \u00e0 ces dispositions\nque si l'organisme a pr\u00e9alablement obtenu l'autorisation ou le renouvellement de\ncette autorisation.\nLe pr\u00e9sent r\u00e9c\u00e9piss\u00e9 n'est pas limit\u00e9 dans le temps.  La d\u00e9claration a une port\u00e9e\nnationale.\nL'enregistrement de la d\u00e9claration peut \u00eatre retir\u00e9 dans les conditions fix\u00e9es aux\narticles R.7232-20 \u00e0 R.7232-22 du code du travail.\nLe pr\u00e9sent r\u00e9c\u00e9piss\u00e9 sera publi\u00e9 au Recueil des Actes Administratifs de la Pr\u00e9fecture\ndes Bouches-du-Rh\u00f4ne.\nFait \u00e0 Marseille, le 24 juillet 2024\nPar emp\u00eachement de la Directrice  \nD\u00e9partementale de l'Emploi, du Travail et\ndes Solidarit\u00e9s des Bouches-du-Rh\u00f4ne,\nLa Responsable du d\u00e9partement \naccompagnement des mutations \n\u00e9conomiques et d\u00e9veloppement des \ncomp\u00e9tences,\nSign\u00e9\nElodie  CARITEY\n55 boulevard P\u00e9rier \u2013 13415 cedex 20 MARSEILLE Cedex 20 - T\u00e9l\u00e9phone : 04.91.57.96.00 Mel : ddets-sap@bouches-du-rhone.gouv.fr2DDETS 13 - 13-2024-07-22-00008 - R\u00e9c\u00e9piss\u00e9 de d\u00e9claration au titre des Services \u00e0 la Personne au b\u00e9n\u00e9fice de  Madame Fatima\nBELOUCIF en qualit\u00e9 d'entrepreneur individuel, situ\u00e9 59 boulevard Paul Claudel - 13009 MARSEILLE 9\nDDETS 13\n13-2024-07-25-00004\nR\u00e9c\u00e9piss\u00e9 de d\u00e9claration au titre des Services \u00e0\nla Personne au b\u00e9n\u00e9fice de  Madame GOMEZ\nSolange en qualit\u00e9 d'entrepreneur individuel\nsitu\u00e9 107 Avenue des olives - 13013 MARSEILLE\nDDETS 13 - 13-2024-07-25-00004 - R\u00e9c\u00e9piss\u00e9 de d\u00e9claration au titre des Services \u00e0 la Personne au b\u00e9n\u00e9fice de  Madame GOMEZ\nSolange en qualit\u00e9 d'entrepreneur individuel situ\u00e9 107 Avenue des olives - 13013 MARSEILLE 10\nEn\nPREFET\nDES  BOUCHES-\nDU-RHONE\nLibert\u00e9\nEgalit\u00e9\nFraternit\u00e9\n \nDirection D\u00e9partementale\nde l'Emploi, du Travail\n et des Solidarit\u00e9s\ndes Bouches du Rh\u00f4ne\nP\u00f4le \u00c9conomie Emploi Entreprises\nD\u00e9partement Insertion Professionnelle\n      R\u00e9c\u00e9piss\u00e9 de d\u00e9claration n\u00b0 \u2026\u2026\n                   d'un organisme de services \u00e0 la personne\n                      enregistr\u00e9 sous le N\u00b0 SAP929708618\nVu  le  code  du  travail  et  notamment les articles  L.7231-1  \u00e0  L.7233-2,  R.7232-16  \u00e0 \nR.7232-22, D.7231-1 et D.7233-1 \u00e0 D.7233-5,\nLe pr\u00e9fet de la R\u00e9gion Provence-Alpes-C\u00f4te d'Azur  Pr\u00e9fet de la Zone de D\u00e9fense et \nde S\u00e9curit\u00e9 Sud,  Pr\u00e9fet des Bouches-du-Rh\u00f4ne,\nCONSTATE\nQu'une d\u00e9claration d'activit\u00e9s de Services \u00e0 la Personne a \u00e9t\u00e9 d\u00e9pos\u00e9e aupr\u00e8s de la\nDirection D\u00e9partementale de l'Emploi, du Travail et des Solidarit\u00e9s des Bouches-du-\nRh\u00f4ne le, 23 juillet 2024 par  Madame  GOMEZ Solange en qualit\u00e9 d'entrepreneur\nindividuel situ\u00e9  107 Avenue des olives - 13013 MARSEILLE et enregistr\u00e9 sous le N\u00b0\nSAP929708618 pour les activit\u00e9s suivantes en mode prestataire :\n  \u2022   Entretien de la maison et travaux m\u00e9nagers \n \nToute  modification  concernant  les  activit\u00e9s  exerc\u00e9es  devra  faire  l'objet  d'une\nd\u00e9claration modificative pr\u00e9alable.\nSous r\u00e9serve d'\u00eatre exerc\u00e9es \u00e0 titre exclusif au profit de particuliers, \u00e0 leur domicile\n(ou sous r\u00e9serve d'une comptabilit\u00e9 s\u00e9par\u00e9e pour les personnes morales dispens\u00e9es\nde cette condition), ces activit\u00e9s ouvrent droit au b\u00e9n\u00e9fice des dispositions des\narticles L.7233-2 du code du travail et L.241-10 du code de la s\u00e9curit\u00e9 sociale dans les\nconditions pr\u00e9vues par ces articles.\nLes effets de la d\u00e9claration courent \u00e0 compter du jour du d\u00e9p\u00f4t de la d\u00e9claration\nsous r\u00e9serve des dispositions de  l'article R.7232-18 du code du travail.\nEn application  des articles L.7232-1 et R.7232-1 \u00e0 R.7232-15, les activit\u00e9s n\u00e9cessitant\nun  agr\u00e9ment  (I  de  l'article  D.7231-1  du  code  du  travail)  n'ouvrent  droit  \u00e0  ces\ndispositions  que  si  la  structure  a  pr\u00e9alablement  obtenu  l'agr\u00e9ment  ou  leDDETS 13 - 13-2024-07-25-00004 - R\u00e9c\u00e9piss\u00e9 de d\u00e9claration au titre des Services \u00e0 la Personne au b\u00e9n\u00e9fice de  Madame GOMEZ\nSolange en qualit\u00e9 d'entrepreneur individuel situ\u00e9 107 Avenue des olives - 13013 MARSEILLE 11\nrenouvellement de cet agr\u00e9ment dans le ou les d\u00e9partements d'exercice de ses\nactivit\u00e9s.\nDe m\u00eame, en application de l'article D.312-6-2 du code de l'action sociale et des\nfamilles, les activit\u00e9s n\u00e9cessitant une autorisation n'ouvrent droit \u00e0 ces dispositions\nque si l'organisme a pr\u00e9alablement obtenu l'autorisation ou le renouvellement de\ncette autorisation.\nLe pr\u00e9sent r\u00e9c\u00e9piss\u00e9 n'est pas limit\u00e9 dans le temps.  La d\u00e9claration a une port\u00e9e\nnationale.\nL'enregistrement de la d\u00e9claration peut \u00eatre retir\u00e9 dans les conditions fix\u00e9es aux\narticles R.7232-20 \u00e0 R.7232-22 du code du travail.\nLe pr\u00e9sent r\u00e9c\u00e9piss\u00e9 sera publi\u00e9 au Recueil des Actes Administratifs de la Pr\u00e9fecture\ndes Bouches-du-Rh\u00f4ne.\nFait \u00e0 Marseille, le  25 juillet 2024\nPar emp\u00eachement de la Directrice  \nD\u00e9partementale de l'Emploi, du Travail et\ndes Solidarit\u00e9s des Bouches-du-Rh\u00f4ne,\nLa Responsable du d\u00e9partement \naccompagnement des mutations \n\u00e9conomiques et d\u00e9veloppement des \ncomp\u00e9tences,\nSign\u00e9\nElodie  CARITEY\n55 boulevard P\u00e9rier \u2013 13415 cedex 20 MARSEILLE Cedex 20 - T\u00e9l\u00e9phone : 04.91.57.96.00 Mel : ddets-sap@bouches-du-rhone.gouv.fr2DDETS 13 - 13-2024-07-25-00004 - R\u00e9c\u00e9piss\u00e9 de d\u00e9claration au titre des Services \u00e0 la Personne au b\u00e9n\u00e9fice de  Madame GOMEZ\nSolange en qualit\u00e9 d'entrepreneur individuel situ\u00e9 107 Avenue des olives - 13013 MARSEILLE 12\nDDETS 13\n13-2024-07-24-00004\nR\u00e9c\u00e9piss\u00e9 de d\u00e9claration au titre des Services \u00e0\nla Personne au b\u00e9n\u00e9fice de  Madame Rahma\nKICHI  en qualit\u00e9 d'entrepreneur individuel, situ\u00e9\n92 avenue du Merlan - 13014 MARSEILLE\nDDETS 13 - 13-2024-07-24-00004 - R\u00e9c\u00e9piss\u00e9 de d\u00e9claration au titre des Services \u00e0 la Personne au b\u00e9n\u00e9fice de  Madame Rahma KICHI \nen qualit\u00e9 d'entrepreneur individuel, situ\u00e9 92 avenue du Merlan - 13014 MARSEILLE 13\nEn\nPREFET\nDES  BOUCHES-\nDU-RHONE\nLibert\u00e9\nEgalit\u00e9\nFraternit\u00e9\n \nDirection D\u00e9partementale\nde l'Emploi, du Travail\n et des Solidarit\u00e9s\ndes Bouches du Rh\u00f4ne\nP\u00f4le \u00c9conomie Emploi Entreprises\nD\u00e9partement Insertion Professionnelle\n      R\u00e9c\u00e9piss\u00e9 de d\u00e9claration n\u00b0 \u2026\u2026\n                   d'un organisme de services \u00e0 la personne\n                      enregistr\u00e9 sous le N\u00b0 SAP980548846\nVu  le  code  du  travail  et  notamment les articles  L.7231-1  \u00e0  L.7233-2,  R.7232-16  \u00e0 \nR.7232-22, D.7231-1 et D.7233-1 \u00e0 D.7233-5,\nLe pr\u00e9fet de la R\u00e9gion Provence-Alpes-C\u00f4te d'Azur  Pr\u00e9fet de la Zone de D\u00e9fense et \nde S\u00e9curit\u00e9 Sud,  Pr\u00e9fet des Bouches-du-Rh\u00f4ne,\nCONSTATE\nQu'une d\u00e9claration d'activit\u00e9s de Services \u00e0 la Personne a \u00e9t\u00e9 d\u00e9pos\u00e9e aupr\u00e8s de la\nDirection D\u00e9partementale de l'Emploi, du Travail et des Solidarit\u00e9s des Bouches-du-\nRh\u00f4ne  le,  22  juillet  2024  par  Madame  Rahma  KICHI  en  qualit\u00e9  d'entrepreneur\nindividuel, situ\u00e9 92 avenue du Merlan - 13014 MARSEILLE et enregistr\u00e9 sous le N\u00b0\nSAP980548846 pour les activit\u00e9s suivantes en mode prestataire :\n  \u2022   Entretien de la maison et travaux m\u00e9nagers\n \nToute  modification  concernant  les  activit\u00e9s  exerc\u00e9es  devra  faire  l'objet  d'une\nd\u00e9claration modificative pr\u00e9alable.\nSous r\u00e9serve d'\u00eatre exerc\u00e9es \u00e0 titre exclusif au profit de particuliers, \u00e0 leur domicile\n(ou sous r\u00e9serve d'une comptabilit\u00e9 s\u00e9par\u00e9e pour les personnes morales dispens\u00e9es\nde cette condition), ces activit\u00e9s ouvrent droit au b\u00e9n\u00e9fice des dispositions des\narticles L.7233-2 du code du travail et L.241-10 du code de la s\u00e9curit\u00e9 sociale dans les\nconditions pr\u00e9vues par ces articles.\nLes effets de la d\u00e9claration courent \u00e0 compter du jour du d\u00e9p\u00f4t de la d\u00e9claration\nsous r\u00e9serve des dispositions de  l'article R.7232-18 du code du travail.\nEn application  des articles L.7232-1 et R.7232-1 \u00e0 R.7232-15, les activit\u00e9s n\u00e9cessitant\nun  agr\u00e9ment  (I  de  l'article  D.7231-1  du  code  du  travail)  n'ouvrent  droit  \u00e0  ces\ndispositions  que  si  la  structure  a  pr\u00e9alablement  obtenu  l'agr\u00e9ment  ou  leDDETS 13 - 13-2024-07-24-00004 - R\u00e9c\u00e9piss\u00e9 de d\u00e9claration au titre des Services \u00e0 la Personne au b\u00e9n\u00e9fice de  Madame Rahma KICHI \nen qualit\u00e9 d'entrepreneur individuel, situ\u00e9 92 avenue du Merlan - 13014 MARSEILLE 14\nrenouvellement de cet agr\u00e9ment dans le ou les d\u00e9partements d'exercice de ses\nactivit\u00e9s.\nDe m\u00eame, en application de l'article D.312-6-2 du code de l'action sociale et des\nfamilles, les activit\u00e9s n\u00e9cessitant une autorisation n'ouvrent droit \u00e0 ces dispositions\nque si l'organisme a pr\u00e9alablement obtenu l'autorisation ou le renouvellement de\ncette autorisation.\nLe pr\u00e9sent r\u00e9c\u00e9piss\u00e9 n'est pas limit\u00e9 dans le temps.  La d\u00e9claration a une port\u00e9e\nnationale.\nL'enregistrement de la d\u00e9claration peut \u00eatre retir\u00e9 dans les conditions fix\u00e9es aux\narticles R.7232-20 \u00e0 R.7232-22 du code du travail.\nLe pr\u00e9sent r\u00e9c\u00e9piss\u00e9 sera publi\u00e9 au Recueil des Actes Administratifs de la Pr\u00e9fecture\ndes Bouches-du-Rh\u00f4ne.\nFait \u00e0 Marseille, le 24 juillet 2024\nPar emp\u00eachement de la Directrice  \nD\u00e9partementale de l'Emploi, du Travail et\ndes Solidarit\u00e9s des Bouches-du-Rh\u00f4ne,\nLa Responsable du d\u00e9partement \naccompagnement des mutations \n\u00e9conomiques et d\u00e9veloppement des \ncomp\u00e9tences,\nSign\u00e9\nElodie  CARITEY\n55 boulevard P\u00e9rier \u2013 13415 cedex 20 MARSEILLE Cedex 20 - T\u00e9l\u00e9phone : 04.91.57.96.00 Mel : ddets-sap@bouches-du-rhone.gouv.fr2DDETS 13 - 13-2024-07-24-00004 - R\u00e9c\u00e9piss\u00e9 de d\u00e9claration au titre des Services \u00e0 la Personne au b\u00e9n\u00e9fice de  Madame Rahma KICHI \nen qualit\u00e9 d'entrepreneur individuel, situ\u00e9 92 avenue du Merlan - 13014 MARSEILLE 15\nDDETS 13\n13-2024-07-25-00003\nR\u00e9c\u00e9piss\u00e9 de d\u00e9claration au titre des Services \u00e0\nla Personne au b\u00e9n\u00e9fice de  Monsieur SOUDINI\nZouaoui en qualit\u00e9 de d'entrepreneur individuel,\nsitu\u00e9 108 Rue Rouet - 13008 MARSEILLE\nDDETS 13 - 13-2024-07-25-00003 - R\u00e9c\u00e9piss\u00e9 de d\u00e9claration au titre des Services \u00e0 la Personne au b\u00e9n\u00e9fice de  Monsieur SOUDINI\nZouaoui en qualit\u00e9 de d'entrepreneur individuel, situ\u00e9 108 Rue Rouet - 13008 MARSEILLE 16\nEn\nPREFET\nDES  BOUCHES-\nDU-RHONE\nLibert\u00e9\nEgalit\u00e9\nFraternit\u00e9\n \nDirection D\u00e9partementale\nde l'Emploi, du Travail\n et des Solidarit\u00e9s\ndes Bouches du Rh\u00f4ne\nP\u00f4le \u00c9conomie Emploi Entreprises\nD\u00e9partement Insertion Professionnelle\n      R\u00e9c\u00e9piss\u00e9 de d\u00e9claration n\u00b0 \u2026\u2026\n                   d'un organisme de services \u00e0 la personne\n                      enregistr\u00e9 sous le N\u00b0 SAP983273707\nVu  le  code  du  travail  et  notamment les articles  L.7231-1  \u00e0  L.7233-2,  R.7232-16  \u00e0 \nR.7232-22, D.7231-1 et D.7233-1 \u00e0 D.7233-5,\nLe pr\u00e9fet de la R\u00e9gion Provence-Alpes-C\u00f4te d'Azur  Pr\u00e9fet de la Zone de D\u00e9fense et \nde S\u00e9curit\u00e9 Sud,  Pr\u00e9fet des Bouches-du-Rh\u00f4ne,\nCONSTATE\nQu'une d\u00e9claration d'activit\u00e9s de Services \u00e0 la Personne a \u00e9t\u00e9 d\u00e9pos\u00e9e aupr\u00e8s de la\nDirection D\u00e9partementale de l'Emploi, du Travail et des Solidarit\u00e9s des Bouches-du-\nRh\u00f4ne  le,  22  juillet  2024,  par  Monsieur  SOUDINI  Zouaoui  en  qualit\u00e9  de\nd'entrepreneur individuel, situ\u00e9 108 Rue Rouet - 13008 MARSEILLE et enregistr\u00e9 sous\nle N\u00b0 SAP983273707 pour les activit\u00e9s suivantes en mode prestataire :\n  \u2022   Entretien de la maison et travaux m\u00e9nagers\n \nToute  modification  concernant  les  activit\u00e9s  exerc\u00e9es  devra  faire  l'objet  d'une\nd\u00e9claration modificative pr\u00e9alable.\nSous r\u00e9serve d'\u00eatre exerc\u00e9es \u00e0 titre exclusif au profit de particuliers, \u00e0 leur domicile\n(ou sous r\u00e9serve d'une comptabilit\u00e9 s\u00e9par\u00e9e pour les personnes morales dispens\u00e9es\nde cette condition), ces activit\u00e9s ouvrent droit au b\u00e9n\u00e9fice des dispositions des\narticles L.7233-2 du code du travail et L.241-10 du code de la s\u00e9curit\u00e9 sociale dans les\nconditions pr\u00e9vues par ces articles.\nLes effets de la d\u00e9claration courent \u00e0 compter du jour du d\u00e9p\u00f4t de la d\u00e9claration\nsous r\u00e9serve des dispositions de  l'article R.7232-18 du code du travail.\nEn application  des articles L.7232-1 et R.7232-1 \u00e0 R.7232-15, les activit\u00e9s n\u00e9cessitant\nun  agr\u00e9ment  (I  de  l'article  D.7231-1  du  code  du  travail)  n'ouvrent  droit  \u00e0  ces\ndispositions  que  si  la  structure  a  pr\u00e9alablement  obtenu  l'agr\u00e9ment  ou  leDDETS 13 - 13-2024-07-25-00003 - R\u00e9c\u00e9piss\u00e9 de d\u00e9claration au titre des Services \u00e0 la Personne au b\u00e9n\u00e9fice de  Monsieur SOUDINI\nZouaoui en qualit\u00e9 de d'entrepreneur individuel, situ\u00e9 108 Rue Rouet - 13008 MARSEILLE 17\nrenouvellement de cet agr\u00e9ment dans le ou les d\u00e9partements d'exercice de ses\nactivit\u00e9s.\nDe m\u00eame, en application de l'article D.312-6-2 du code de l'action sociale et des\nfamilles, les activit\u00e9s n\u00e9cessitant une autorisation n'ouvrent droit \u00e0 ces dispositions\nque si l'organisme a pr\u00e9alablement obtenu l'autorisation ou le renouvellement de\ncette autorisation.\nLe pr\u00e9sent r\u00e9c\u00e9piss\u00e9 n'est pas limit\u00e9 dans le temps.  La d\u00e9claration a une port\u00e9e\nnationale.\nL'enregistrement de la d\u00e9claration peut \u00eatre retir\u00e9 dans les conditions fix\u00e9es aux\narticles R.7232-20 \u00e0 R.7232-22 du code du travail.\nLe pr\u00e9sent r\u00e9c\u00e9piss\u00e9 sera publi\u00e9 au Recueil des Actes Administratifs de la Pr\u00e9fecture\ndes Bouches-du-Rh\u00f4ne.\nFait \u00e0 Marseille, le  25 juillet 2024\nPar emp\u00eachement de la Directrice  \nD\u00e9partementale de l'Emploi, du Travail et\ndes Solidarit\u00e9s des Bouches-du-Rh\u00f4ne,\nLa Responsable du d\u00e9partement \naccompagnement des mutations \n\u00e9conomiques et d\u00e9veloppement des \ncomp\u00e9tences,\nSign\u00e9\nElodie  CARITEY\n55 boulevard P\u00e9rier \u2013 13415 cedex 20 MARSEILLE Cedex 20 - T\u00e9l\u00e9phone : 04.91.57.96.00 Mel : ddets-sap@bouches-du-rhone.gouv.fr2DDETS 13 - 13-2024-07-25-00003 - R\u00e9c\u00e9piss\u00e9 de d\u00e9claration au titre des Services \u00e0 la Personne au b\u00e9n\u00e9fice de  Monsieur SOUDINI\nZouaoui en qualit\u00e9 de d'entrepreneur individuel, situ\u00e9 108 Rue Rouet - 13008 MARSEILLE 18\nDirection Departementale des Territoires et de\nla Mer 13\n13-2024-07-25-00002\nArr\u00eat\u00e9 classement en cat\u00e9gorie 2BIS des\npassages \u00e0 niveau de la ligne 947 000\nCarnoules-Gardanne\nDirection Departementale des Territoires et de la Mer 13 - 13-2024-07-25-00002 - Arr\u00eat\u00e9 classement en cat\u00e9gorie 2BIS des passages \u00e0\nniveau de la ligne 947 000 Carnoules-Gardanne 19\nEs\nPR\u00c9FET\nDES  BOUCHES-\nDU-RH\u00d4NE\nLibert\u00e9\n\u00c9galit\u00e9\nFraternit\u00e9\nDirection D\u00e9partementale\ndes Territoires et de la Mer\ndes Bouches-du-Rh\u00f4ne\nArr\u00eat\u00e9 pr\u00e9fectoral\nportant sur le classement des passages \u00e0 niveau N\u00b0 32, 33, 34, 35, 35 bis, 36, 37, 38, 39\nBis, 43, 44 de la ligne ferroviaire Carnoules-Gardanne situ\u00e9s sue les communes de\nTrets, Peynier, Fuveau et Meyreuil\nLe Pr\u00e9fet de la r\u00e9gion Provence-Alpes-C\u00f4te d'Azur\nPr\u00e9fet de la zone de d\u00e9fense et de s\u00e9curit\u00e9 Sud\nPr\u00e9fet des Bouches-du-Rh\u00f4ne\nVu l'arr\u00eat\u00e9 minist\u00e9riel du 18 mars 1991 relatif au classement, \u00e0 la r\u00e9glementation et \u00e0 l'\u00e9quipement des passages\n\u00e0 niveau ;\nVu l'arr\u00eat\u00e9 n\u00b0 13-2024-07-11-00002 du 11 juillet 2024 portant d\u00e9l\u00e9gation de signature \u00e0 M. Patrick VAUTERIN,\nDirecteur D\u00e9partemental interminist\u00e9riel des Territoires et de la Mer des Bouches du Rh\u00f4ne  ;\nVu la confirmation de l'INFRAPOLE  PACA SNCF par courrier en date du 27 d\u00e9cembre 2021, qu'aucun projet de\nr\u00e9ouverture au trafic voyageur et fret \u00e0 court et moyens termes n'est envisag\u00e9 sur ce tron\u00e7on  ;\nVu les messages de demande d'avis adress\u00e9s aux mairies de Trets, Peynier, Fuveau et Meyreuil en date du 1er\navril 2022 ;\nVu les avis des communes de Fuveau (16/05/22), de Peynier (29/04/22), de Meyreuil (19/05/22)  ;\nVu l'avis du Conseil D\u00e9partemental en date du 2 juin 2022  ; \nConsid\u00e9rant la demande de la Soci\u00e9t\u00e9 Nationale des Chemins de Fer Fran\u00e7ais (Infrap\u00f4le Provence\nAlpes C\u00f4te d'Azur) en date du 17 mars 2022  ;\nSur proposition du Chef de Service Construction Transports Crise de la DDTM,\nARR\u00caTE\nArticle premier     : \nLes passages \u00e0 niveau (PN) n\u00b0 32, 33, 34, 35, 35 Bis, 36, 37, 38, 39 Bis, 43 et 44 de la ligne n\u00b0947000 reliant\nCarnoules \u00e0 Gardanne sont class\u00e9s en cat\u00e9gorie 2 Bis conform\u00e9ment aux indications port\u00e9es sur les fiches\nindividuelles ci-annex\u00e9es.\n16, rue Antoine Zattara  \u2013 13332 Marseille Cedex 3T\u00e9l\u00e9phone : 04 91 28 40 40www.bouches-du-rhone.gouv.fr\nDirection Departementale des Territoires et de la Mer 13 - 13-2024-07-25-00002 - Arr\u00eat\u00e9 classement en cat\u00e9gorie 2BIS des passages \u00e0\nniveau de la ligne 947 000 Carnoules-Gardanne 20\nArticle 2 : \nLe pr\u00e9sent arr\u00eat\u00e9 abroge ceux en date du  :\n\u2022du 11 f\u00e9vrier 1975 en ce qui concerne les PN 32, 33, 37 et 43  ;\n\u2022du 24 avril 1971 en ce qui concerne le PN 34  ;\n\u2022du 29 octobre 1964 en ce qui concerne le PN 35 et 44  ;\n\u2022du 29 janvier 1985 en ce qui concerne le PN 35 Bis  ;\n\u2022du 7 avril 1970 en ce qui concerne le PN 36  ;\n\u2022du 28 octobre 1969 en ce qui concerne le PN 38  ;\n\u2022du 26 octobre 1981 en ce qui concerne le PN 39 Bis  ;\nArticle 3 :\nEn cas de circulation ferroviaire exceptionnelle (train service\u2026)  : la circulation routi\u00e8re est r\u00e9gl\u00e9e par des signaux\ndonn\u00e9s \u00e0 la main par un agent habilit\u00e9 par l'exploitant ferroviaire porteur d'un drapeau ou d'une lanterne.\nArticle 4 : Recours\nLe pr\u00e9sent arr\u00eat\u00e9 peut faire l'objet d'un recours contentieux devant le tribunal administratif de Marseille dans un\nd\u00e9lai de deux mois \u00e0 compter de sa publication au recueil des actes administratifs de la pr\u00e9fecture des Bouches\ndu Rh\u00f4ne.\nLa juridiction administrative comp\u00e9tente peut aussi \u00eatre saisie par l'application T\u00e9l\u00e9recours citoyen accessible \u00e0\npartir du site web www.telerecours.fr .\nArticle 5 : Diffusion\nLe pr\u00e9sent arr\u00eat\u00e9 sera adress\u00e9 aux destinataires suivants  :\n\uf0b7Le Secr\u00e9taire G\u00e9n\u00e9rale de la Pr\u00e9fecture des Bouches-du-Rh\u00f4ne  ;\n\uf0b7Le Directeur D\u00e9partemental des Territoires et de la Mer des Bouches-du-Rh\u00f4ne  ;\n\uf0b7La Pr\u00e9sidente du Conseil D\u00e9partemental des Bouches-du-Rh\u00f4ne  ;\n\uf0b7Les Maires des communes de Trets, Peynier, Fuveau et Meyreuil  ;\n\uf0b7Le Directeur de l'Infrap\u00f4le SNCF PACA  ;\nCharg\u00e9s chacun en ce qui le concerne, d'en assurer l'ex\u00e9cution.\nMarseille, le 25 juillet 2024\nPour le Pr\u00e9fet et par d\u00e9l\u00e9gation\nLe Directeur D\u00e9partemental\n des Territoireset de la Mer\nPatrick VAUTERIN\n16, rue Antoine Zattara  \u2013 13332 Marseille Cedex 3T\u00e9l\u00e9phone : 04 91 28 40 40www.bouches-du-rhone.gouv.frSign\u00e9Direction Departementale des Territoires et de la Mer 13 - 13-2024-07-25-00002 - Arr\u00eat\u00e9 classement en cat\u00e9gorie 2BIS des passages \u00e0\nniveau de la ligne 947 000 Carnoules-Gardanne 21\nLigne de CARNOULES \u00e0 GARDANNE\nD\u00e9partement des Bouches du Rh\u00f4ne\n- - - - - -\nFICHE INDIVIDUELLE\nDU PASSAGE A NIVEAU n\u00b0 32\n- - - - - -\nANNEX\u00c9E \u00c0 L'ARR\u00caT\u00c9 PR\u00c9FECTORAL DU 25 JUILLET 2024\nCommune : TRETS\nKilom\u00e8tre : 55+898\nD\u00e9signation de la voie routi\u00e8re  :Route communale \u2013 chemin \nd'exploitation\nCat\u00e9gorie du PN  : 2 BIS\nDispositions particuli\u00e8res\n-La  ligne Carnoules Gardanne est ferm\u00e9e au trafic commercial\n-La signalisation routi\u00e8re, avanc\u00e9e  et de position, du PN est d\u00e9pos\u00e9e.\n-En  cas  de  circulation  ferroviaire  exceptionnelle  (train  service\u2026)  :  la\ncirculation routi\u00e8re  est r\u00e9gl\u00e9e par des signaux donn\u00e9s \u00e0 la main par un\nagent  habilit\u00e9  par  l'exploitant  ferroviaire  porteur  d'un  drapeau  ou  d'une\nlanterne\nA Marseille, le  25 juillet 2024\nPour le Pr\u00e9fet et par d\u00e9l\u00e9gation\nLe Directeur D\u00e9partemental\ndes Territoires et de la Mer\nPatrick VAUTERINSign\u00e9Direction Departementale des Territoires et de la Mer 13 - 13-2024-07-25-00002 - Arr\u00eat\u00e9 classement en cat\u00e9gorie 2BIS des passages \u00e0\nniveau de la ligne 947 000 Carnoules-Gardanne 22\nLigne de CARNOULES \u00e0 GARDANNE\nD\u00e9partement des Bouches du Rh\u00f4ne\n- - - - - -\nFICHE INDIVIDUELLE\nDU PASSAGE A NIVEAU n\u00b0 33\n- - - - - -\nANNEX\u00c9E \u00c0 L'ARR\u00caT\u00c9 PR\u00c9FECTORAL DU 25 JUILLET 2024\nCommune : TRETS\nKilom\u00e8tre : 57+268\nD\u00e9signation de la voie routi\u00e8re  :Route communale \u2013 chemin \nd'exploitation\nCat\u00e9gorie du PN  : 2 BIS\nDispositions particuli\u00e8res\n-La  ligne Carnoules Gardanne est ferm\u00e9e au trafic commercial\n-La signalisation routi\u00e8re, avanc\u00e9e  et de position, du PN est d\u00e9pos\u00e9e.\n-En  cas  de  circulation  ferroviaire  exceptionnelle  (train  service\u2026)  :  la\ncirculation routi\u00e8re  est r\u00e9gl\u00e9e par des signaux donn\u00e9s \u00e0 la main par un\nagent  habilit\u00e9  par  l'exploitant  ferroviaire  porteur  d'un  drapeau  ou  d'une\nlanterne\nA Marseille, le 25 juillet 2024\nPour le Pr\u00e9fet et par d\u00e9l\u00e9gation\nLe Directeur D\u00e9partemental\ndes Territoires et de la Mer\nPatrick VAUTERINSign\u00e9Direction Departementale des Territoires et de la Mer 13 - 13-2024-07-25-00002 - Arr\u00eat\u00e9 classement en cat\u00e9gorie 2BIS des passages \u00e0\nniveau de la ligne 947 000 Carnoules-Gardanne 23\nLigne de CARNOULES \u00e0 GARDANNE\nD\u00e9partement des Bouches du Rh\u00f4ne\n- - - - - -\nFICHE INDIVIDUELLE\nDU PASSAGE A NIVEAU n\u00b0 34\n- - - - - -\nANNEX\u00c9E \u00c0 L'ARR\u00caT\u00c9 PR\u00c9FECTORAL DU 25 JUILLET 2024\nCommune : TRETS\nKilom\u00e8tre : 58+984\nD\u00e9signation de la voie routi\u00e8re  :D 908 (ex. RN 8 Bis)\nCat\u00e9gorie du PN  : 2 Bis\nDispositions particuli\u00e8res\n-La  ligne Carnoules Gardanne est ferm\u00e9e au trafic commercial\n-La signalisation routi\u00e8re de position, du PN est d\u00e9pos\u00e9e.\n-En  cas  de  circulation  ferroviaire  exceptionnelle  (train  service\u2026)  :  la\ncirculation routi\u00e8re  est r\u00e9gl\u00e9e par des signaux donn\u00e9s \u00e0 la main par un\nagent  habilit\u00e9  par  l'exploitant  ferroviaire  porteur  d'un  drapeau  ou  d'une\nlanterne\nA Marseille, le 25 juillet 2024\nPour le Pr\u00e9fet et par d\u00e9l\u00e9gation\nLe Directeur D\u00e9partemental\ndes Territoires et de la Mer\nPatrick VAUTERINSign\u00e9Direction Departementale des Territoires et de la Mer 13 - 13-2024-07-25-00002 - Arr\u00eat\u00e9 classement en cat\u00e9gorie 2BIS des passages \u00e0\nniveau de la ligne 947 000 Carnoules-Gardanne 24\nLigne de CARNOULES \u00e0 GARDANNE\nD\u00e9partement des Bouches du Rh\u00f4ne\n- - - - - -\nFICHE INDIVIDUELLE\nDU PASSAGE A NIVEAU n\u00b0 35\n- - - - - -\nANNEX\u00c9E \u00c0 L'ARR\u00caT\u00c9 PR\u00c9FECTORAL DU 25 JUILLET 2024\nCommune : TRETS\nKilom\u00e8tre : 59+922\nD\u00e9signation de la voie routi\u00e8re  :RD 56\nCat\u00e9gorie du PN  : 2 Bis\nDispositions particuli\u00e8res\n-La  ligne Carnoules Gardanne est ferm\u00e9e au trafic commercial\n-La signalisation routi\u00e8re, avanc\u00e9e  et de position, du PN est d\u00e9pos\u00e9e.\n-En  cas  de  circulation  ferroviaire  exceptionnelle  (train  service\u2026)  :  la\ncirculation routi\u00e8re  est r\u00e9gl\u00e9e par des signaux donn\u00e9s \u00e0 la main par un\nagent  habilit\u00e9  par  l'exploitant  ferroviaire  porteur  d'un  drapeau  ou  d'une\nlanterne\nA Marseille, le 25 juillet 2024\nPour le Pr\u00e9fet et par d\u00e9l\u00e9gation\nLe Directeur D\u00e9partemental\ndes Territoires et de la Mer\nPatrick VAUTERINSign\u00e9Direction Departementale des Territoires et de la Mer 13 - 13-2024-07-25-00002 - Arr\u00eat\u00e9 classement en cat\u00e9gorie 2BIS des passages \u00e0\nniveau de la ligne 947 000 Carnoules-Gardanne 25\nLigne de CARNOULES \u00e0 GARDANNE\nD\u00e9partement des Bouches du Rh\u00f4ne\n- - - - - -\nFICHE INDIVIDUELLE\nDU PASSAGE A NIVEAU n\u00b0 35 Bis\n- - - - - -\nANNEX\u00c9E \u00c0 L'ARR\u00caT\u00c9 PR\u00c9FECTORAL DU 25 JUILLET 2024\nCommune : TRETS\nKilom\u00e8tre : 60+357\nD\u00e9signation de la voie routi\u00e8re  :RD 6\nCat\u00e9gorie du PN  : 2 Bis\nDispositions particuli\u00e8res\n-La  ligne Carnoules Gardanne est ferm\u00e9e au trafic commercial\n-La signalisation routi\u00e8re, avanc\u00e9e  et de position, du PN est d\u00e9pos\u00e9e.\n-En  cas  de  circulation  ferroviaire  exceptionnelle  (train  service\u2026)  :  la\ncirculation routi\u00e8re  est r\u00e9gl\u00e9e par des signaux donn\u00e9s \u00e0 la main par un\nagent  habilit\u00e9  par  l'exploitant  ferroviaire  porteur  d'un  drapeau  ou  d'une\nlanterne\nA Marseille, le 25 juillet 2024\nPour le Pr\u00e9fet et par d\u00e9l\u00e9gation\nLe Directeur D\u00e9partemental\ndes Territoires et de la Mer\nPatrick VAUTERINSign\u00e9Direction Departementale des Territoires et de la Mer 13 - 13-2024-07-25-00002 - Arr\u00eat\u00e9 classement en cat\u00e9gorie 2BIS des passages \u00e0\nniveau de la ligne 947 000 Carnoules-Gardanne 26\nLigne de CARNOULES \u00e0 GARDANNE\nD\u00e9partement des Bouches du Rh\u00f4ne\n- - - - - -\nFICHE INDIVIDUELLE\nDU PASSAGE A NIVEAU n\u00b0 36\n- - - - - -\nANNEX\u00c9E \u00c0 L'ARR\u00caT\u00c9 PR\u00c9FECTORAL DU 25 JUILLET 2024\nCommune : TRETS\nKilom\u00e8tre : 62+003\nD\u00e9signation de la voie routi\u00e8re  :RD 57\nCat\u00e9gorie du PN  : 2 Bis\nDispositions particuli\u00e8res\n-La  ligne Carnoules Gardanne est ferm\u00e9e au trafic commercial\n-La signalisation routi\u00e8re, avanc\u00e9e  et de position, du PN est d\u00e9pos\u00e9e.\n-En  cas  de  circulation  ferroviaire  exceptionnelle  (train  service\u2026)  :  la\ncirculation routi\u00e8re  est r\u00e9gl\u00e9e par des signaux donn\u00e9s \u00e0 la main par un\nagent  habilit\u00e9  par  l'exploitant  ferroviaire  porteur  d'un  drapeau  ou  d'une\nlanterne\nA Marseille, le 25 juillet 2024\nPour le Pr\u00e9fet et par d\u00e9l\u00e9gation\nLe Directeur D\u00e9partemental\ndes Territoires et de la Mer\nPatrick VAUTERINSign\u00e9Direction Departementale des Territoires et de la Mer 13 - 13-2024-07-25-00002 - Arr\u00eat\u00e9 classement en cat\u00e9gorie 2BIS des passages \u00e0\nniveau de la ligne 947 000 Carnoules-Gardanne 27\nLigne de CARNOULES \u00e0 GARDANNE\nD\u00e9partement des Bouches du Rh\u00f4ne\n- - - - - -\nFICHE INDIVIDUELLE\nDU PASSAGE A NIVEAU n\u00b0 37\n- - - - - -\nANNEX\u00c9E \u00c0 L'ARR\u00caT\u00c9 PR\u00c9FECTORAL DU 25 JUILLET 2024\nCommune : PEYNIER\nKilom\u00e8tre : 62+9798\nD\u00e9signation de la voie routi\u00e8re  :VC chemin d'exploitation dit des \nFaisses\nCat\u00e9gorie du PN  : 2 Bis\nDispositions particuli\u00e8res\n-La  ligne Carnoules Gardanne est ferm\u00e9e au trafic commercial\n-La signalisation routi\u00e8re, avanc\u00e9e  et de position, du PN est d\u00e9pos\u00e9e.\n-En  cas  de  circulation  ferroviaire  exceptionnelle  (train  service\u2026)  :  la\ncirculation routi\u00e8re  est r\u00e9gl\u00e9e par des signaux donn\u00e9s \u00e0 la main par un\nagent  habilit\u00e9  par  l'exploitant  ferroviaire  porteur  d'un  drapeau  ou  d'une\nlanterne\nA Marseille, le 25 juillet 2024\nPour le Pr\u00e9fet et par d\u00e9l\u00e9gation\nLe Directeur D\u00e9partemental\ndes Territoires et de la Mer\nPatrick VAUTERINSign\u00e9Direction Departementale des Territoires et de la Mer 13 - 13-2024-07-25-00002 - Arr\u00eat\u00e9 classement en cat\u00e9gorie 2BIS des passages \u00e0\nniveau de la ligne 947 000 Carnoules-Gardanne 28\nLigne de CARNOULES \u00e0 GARDANNE\nD\u00e9partement des Bouches du Rh\u00f4ne\n- - - - - -\nFICHE INDIVIDUELLE\nDU PASSAGE A NIVEAU n\u00b0 38\n- - - - - -\nANNEX\u00c9E \u00c0 L'ARR\u00caT\u00c9 PR\u00c9FECTORAL DU 25 JUILLET 2024\nCommune : PEYNIER\nKilom\u00e8tre : 64+154\nD\u00e9signation de la voie routi\u00e8re  :RD 56B\nCat\u00e9gorie du PN  : 2 Bis\nDispositions particuli\u00e8res\n-La  ligne Carnoules Gardanne est ferm\u00e9e au trafic commercial\n-La signalisation routi\u00e8re, avanc\u00e9e  et de position, du PN est d\u00e9pos\u00e9e.\n-En  cas  de  circulation  ferroviaire  exceptionnelle  (train  service\u2026)  :  la\ncirculation routi\u00e8re  est r\u00e9gl\u00e9e par des signaux donn\u00e9s \u00e0 la main par un\nagent  habilit\u00e9  par  l'exploitant  ferroviaire  porteur  d'un  drapeau  ou  d'une\nlanterne\nA Marseille, le 25 juillet 2024\nPour le Pr\u00e9fet et par d\u00e9l\u00e9gation\nLe Directeur D\u00e9partemental\ndes Territoires et de la Mer\nPatrick VAUTERINSign\u00e9Direction Departementale des Territoires et de la Mer 13 - 13-2024-07-25-00002 - Arr\u00eat\u00e9 classement en cat\u00e9gorie 2BIS des passages \u00e0\nniveau de la ligne 947 000 Carnoules-Gardanne 29\nLigne de CARNOULES \u00e0 GARDANNE\nD\u00e9partement des Bouches du Rh\u00f4ne\n- - - - - -\nFICHE INDIVIDUELLE\nDU PASSAGE A NIVEAU n\u00b0 39 Bis\n- - - - - -\nANNEX\u00c9E \u00c0 L'ARR\u00caT\u00c9 PR\u00c9FECTORAL DU 25 JUILLET 2024\nCommune : FUVEAU\nKilom\u00e8tre : 66+714\nD\u00e9signation de la voie routi\u00e8re  :RD 6\nCat\u00e9gorie du PN  : 2 Bis\nDispositions particuli\u00e8res\n-La  ligne Carnoules Gardanne est ferm\u00e9e au trafic commercial\n-La signalisation routi\u00e8re, avanc\u00e9e  et de position, du PN est d\u00e9pos\u00e9e.\n-En  cas  de  circulation  ferroviaire  exceptionnelle  (train  service\u2026)  :  la\ncirculation routi\u00e8re  est r\u00e9gl\u00e9e par des signaux donn\u00e9s \u00e0 la main par un\nagent  habilit\u00e9  par  l'exploitant  ferroviaire  porteur  d'un  drapeau  ou  d'une\nlanterne\nA Marseille, le 25 juillet 2024\nPour le Pr\u00e9fet et par d\u00e9l\u00e9gation\nLe Directeur D\u00e9partemental\ndes Territoires et de la Mer\nPatrick VAUTERINSign\u00e9Direction Departementale des Territoires et de la Mer 13 - 13-2024-07-25-00002 - Arr\u00eat\u00e9 classement en cat\u00e9gorie 2BIS des passages \u00e0\nniveau de la ligne 947 000 Carnoules-Gardanne 30\nLigne de CARNOULES \u00e0 GARDANNE\nD\u00e9partement des Bouches du Rh\u00f4ne\n- - - - - -\nFICHE INDIVIDUELLE\nDU PASSAGE A NIVEAU n\u00b0 43\n- - - - - -\nANNEX\u00c9E \u00c0 L'ARR\u00caT\u00c9 PR\u00c9FECTORAL DU 25 JUILLET 2024\nCommune : FUVEAU\nKilom\u00e8tre : 72+504\nD\u00e9signation de la voie routi\u00e8re  :Chemin des Ammandiers\nCat\u00e9gorie du PN  : 2 Bis\nDispositions particuli\u00e8res\n-La  ligne Carnoules Gardanne est ferm\u00e9e au trafic commercial\n-La signalisation routi\u00e8re, avanc\u00e9e  et de position, du PN est d\u00e9pos\u00e9e.\n-En  cas  de  circulation  ferroviaire  exceptionnelle  (train  service\u2026)  :  la\ncirculation routi\u00e8re  est r\u00e9gl\u00e9e par des signaux donn\u00e9s \u00e0 la main par un\nagent  habilit\u00e9  par  l'exploitant  ferroviaire  porteur  d'un  drapeau  ou  d'une\nlanterne\nA Marseille, le 25 juillet 2024\nPour le Pr\u00e9fet et par d\u00e9l\u00e9gation\nLe Directeur D\u00e9partemental\ndes Territoires et de la Mer\nPatrick VAUTERINSign\u00e9Direction Departementale des Territoires et de la Mer 13 - 13-2024-07-25-00002 - Arr\u00eat\u00e9 classement en cat\u00e9gorie 2BIS des passages \u00e0\nniveau de la ligne 947 000 Carnoules-Gardanne 31\nLigne de CARNOULES \u00e0 GARDANNE\nD\u00e9partement des Bouches du Rh\u00f4ne\n- - - - - -\nFICHE INDIVIDUELLE\nDU PASSAGE A NIVEAU n\u00b0 44\n- - - - - -\nANNEX\u00c9E \u00c0 L'ARR\u00caT\u00c9 PR\u00c9FECTORAL DU 25 JUILLET 2024\nCommune : MEYREUIL\nKilom\u00e8tre : 74+585\nD\u00e9signation de la voie routi\u00e8re  :RD 58G \u2013 Chemin des Aigu\u00ebs Marines\nCat\u00e9gorie du PN  : 2 Bis\nDispositions particuli\u00e8res\n-La  ligne Carnoules Gardanne est ferm\u00e9e au trafic commercial\n-La signalisation routi\u00e8re, avanc\u00e9e  et de position, du PN est d\u00e9pos\u00e9e.\n-En  cas  de  circulation  ferroviaire  exceptionnelle  (train  service\u2026)  :  la\ncirculation routi\u00e8re  est r\u00e9gl\u00e9e par des signaux donn\u00e9s \u00e0 la main par un\nagent  habilit\u00e9  par  l'exploitant  ferroviaire  porteur  d'un  drapeau  ou  d'une\nlanterne\nA Marseille, le 25 juillet 2024\nPour le Pr\u00e9fet et par d\u00e9l\u00e9gation\nLe Directeur D\u00e9partemental\ndes Territoires et de la Mer\nPatrick VAUTERINSign\u00e9Direction Departementale des Territoires et de la Mer 13 - 13-2024-07-25-00002 - Arr\u00eat\u00e9 classement en cat\u00e9gorie 2BIS des passages \u00e0\nniveau de la ligne 947 000 Carnoules-Gardanne 32\nDirection Departementale des Territoires et de\nla Mer 13\n13-2024-07-25-00006\nArr\u00eat\u00e9 pr\u00e9fectoral portant autorisation\nd'effectuer une battue administrative aux\nsangliers\nDirection Departementale des Territoires et de la Mer 13 - 13-2024-07-25-00006 - Arr\u00eat\u00e9 pr\u00e9fectoral portant autorisation d'effectuer\nune battue administrative aux sangliers 33\nEs\nPR\u00c9FET\nDES  BOUCHES-\nDU-RH\u00d4NE\nLibert\u00e9\n\u00c9galit\u00e9\nFraternit\u00e9\nDirection D\u00e9partementale\ndes Territoires et de la Mer\ndes Bouches-du-Rh\u00f4ne\nService Mer, Eau et Environnement\nP\u00f4le Nature et Territoires\nObjet : battue administrative\nMISSION  \u2013 2024-329\nArr\u00eat\u00e9 Pr\u00e9fectoral\nportant autorisation d'effectuer une battue administrative aux sangliers \nVU le Code de l'Environnement, notamment les articles L 427-1 \u00e0 L 427-7 ;\nVU l'arr\u00eat\u00e9 du 19 Pluviose An V,\nVU le d\u00e9cret n\u00b0 2004-374 du 29 avril 2004 relatif aux pouvoirs des. Pr\u00e9fets, \u00e0 l'organisation et \u00e0 l'action des\nservices de l'\u00c9tat dans les r\u00e9gions et d\u00e9partements  ;\nVU le d\u00e9cret du 29 juillet 2020 portant nomination de Monsieur Christophe MIRMAND en qualit\u00e9 de Pr\u00e9fet de la\nr\u00e9gion Provence-Alpes-C\u00f4te d'Azur, pr\u00e9fet de la zone et de d\u00e9fense de s\u00e9curit\u00e9 Sud, Pr\u00e9fet des Bouches-du-\nRh\u00f4ne \u00e0 compter du 24 ao\u00fbt 2020 ;\nVU l'arr\u00eat\u00e9 pr\u00e9fectoral du 31 d\u00e9cembre 2019 portant nomination des Lieutenants de Louveterie ;\nVU l'avenant n\u00b0 13-2024-06 06-00006 du 06 juin 2024 \u00e0 l'arr\u00eat\u00e9 pr\u00e9fectoral du 31 d\u00e9cembre 2019 portant\nnomination des Lieutenants de Louveterie ;\nVU l'arr\u00eat\u00e9 de la Premi\u00e8re Ministre et du ministre de l'Int\u00e9rieur et des outre-mer du 16 juin 2023 portant\nnomination de Monsieur Patrick VAUTERIN  en qualit\u00e9 de directeur d\u00e9partemental des territoires et de la mer\ndes Bouches-du-Rh\u00f4ne, \u00e0 compter du 1er juillet 2023 ;\nVU l'arr\u00eat\u00e9 n\u00b013-2024-07-11-00002 du 11 juillet 2024 du Pr\u00e9fet de la r\u00e9gion Provence-Alpes-C\u00f4te d'Azur, Pr\u00e9fet\nde la zone de d\u00e9fense et de s\u00e9curit\u00e9 Sud, Pr\u00e9fet des Bouches-du-Rh\u00f4ne, portant d\u00e9l\u00e9gation de signature \u00e0 M.\nPatrick VAUTERIN, directeur d\u00e9partemental interminist\u00e9riel des territoires et de la mer des Bouches-du-Rh\u00f4ne  ; \nVU l'arr\u00eat\u00e9 n\u00b013-2024-07-12\u201300001 du 12 juillet 2024, portant d\u00e9l\u00e9gation de signature aux agents de la direction\nd\u00e9partementale des territoires et de la mer des Bouches-du-Rh\u00f4ne  ;\nVU le signalement transmis par le directeur Jean Bad\u00e9a, du golf de Servanes sur la commune de Mouri\u00e8s,\nVU la demande de M. \u00c9mile Muron en date du 22 juillet 2024,\n l'avis de la F\u00e9d\u00e9ration D\u00e9partementale des Chasseurs des Bouches-du-Rh\u00f4ne ;\nConsid\u00e9rant les nombreux d\u00e9g\u00e2ts occasionn\u00e9s sur le Golf de Servanes situ\u00e9 sur la commune de Mouri\u00e8s ainsi\nque les nombreuses interventions de la louveterie sur ces secteurs;\nConsid\u00e9rant  la  n\u00e9cessit\u00e9  de  r\u00e9guler  la  population  des  sangliers,  en  vue  de  pr\u00e9venir  les  d\u00e9g\u00e2ts  aux\ninfrastructures et aux biens sur cette commune  ; \nSur proposition du Directeur D\u00e9partemental des Territoires et de la Mer, \nARR\u00caTE\nArticle premier :\nUne battue administrative aux sangliers est organis\u00e9e le vendredi 26 juillet 2024 sur le p\u00e9rim\u00e8tre du golf de\nServane, commune de Mouri\u00e8s. Cette battue pourra \u00eatre report\u00e9e au samedi 27 juillet 2024.\nEn cas de n\u00e9cessit\u00e9 apparaissant lors de la battue, les interventions pourront \u00eatre r\u00e9alis\u00e9es sur tous les\nsecteurs d'o\u00f9 proviennent les sangliers, ainsi que sur tous les secteurs sur lesquels ils se r\u00e9fugient.\n16, rue Antoine Zattara  \u2013 13332 Marseille Cedex 3Contact : ddtm-chasse@bouches-du-rhone.gouv.frwww.bouches-du-rhone.gouv.fr1/3\nDirection Departementale des Territoires et de la Mer 13 - 13-2024-07-25-00006 - Arr\u00eat\u00e9 pr\u00e9fectoral portant autorisation d'effectuer\nune battue administrative aux sangliers 34\nArticle 2 :\nLa battue se d\u00e9roulera le  vendredi 26 juillet ou le samedi 27 juillet,  sous la direction effective de  M.\n\u00c9mile Muron, lieutenant de louveterie  de la 1\u00e8re circonscription des Bouches-du-Rh\u00f4ne, accompagn\u00e9 des\nchasseurs  qu'il  aura  d\u00e9sign\u00e9.  Ils  pourront  \u00eatre  accompagn\u00e9s  d'autres  lieutenants  de  louveterie  du\nd\u00e9partement, ils pourront solliciter l'appui de l'OFB et si n\u00e9cessaire, de la gendarmerie ou de la police\nnationale.\nLes lieutenants de louveterie mettront en place des panneaux signalant le d\u00e9roulement de la battue.\nArticle 3 :\nL'utilisation de v\u00e9hicules pour rejoindre les postes, rechercher et transporter les chiens est autoris\u00e9e.\nL'emploi de la chevrotine est interdit.\nLe nombre de participants est limit\u00e9 \u00e0 20 personnes\nLa d\u00e9tention du permis de chasse avec validation annuelle est obligatoire.\nLa recherche d'animaux bless\u00e9s sera d\u00e9clench\u00e9e par M \u00c9mile Muron - qui fera appel \u00e0 un conducteur de chien\nde sang agr\u00e9\u00e9 de l'U.N.U.C.R. ou de l'A.R.G.G.B.. \nArticle 4 :\n\u00c0  l'issue  de  la  battue,  les  r\u00e9sultats  obtenus  seront  consign\u00e9s  dans  un  rapport  adress\u00e9  \u00e0  la  Direction\nD\u00e9partementale des Territoires et de la Mer des Bouches-du-Rh\u00f4ne.\nLa venaison pourra \u00eatre  soit :\n1-Remise \u00e0 des \u0153uvres locales de bienfaisance (avec contr\u00f4le sanitaire pris en charge par la commune).\n2-Trait\u00e9e par une entreprise d'\u00e9quarrissage agr\u00e9\u00e9e par le Pr\u00e9fet (aux frais de la commune).\n3-Distribu\u00e9e aux participants de la battue.\nArticle 5 : \nLe pr\u00e9sent arr\u00eat\u00e9 sera publi\u00e9 au Recueil des Actes Administratifs de la pr\u00e9fecture des Bouches-du-Rh\u00f4ne.\nLe pr\u00e9sent arr\u00eat\u00e9 pourra faire l'objet d'un recours devant le tribunal administratif de Marseille, dans un d\u00e9lai de\ndeux mois,  suivant sa publication.  La juridiction administrative comp\u00e9tente peut  \u00eatre saisie par l'application\nT\u00e9l\u00e9recours Citoyens accessible \u00e0 partir du site  https://citoyens.telerecours.fr . Dans ce d\u00e9lai de 2  mois, il sera\npossible d'exercer un recours gracieux aupr\u00e8s du Pr\u00e9fet des Bouches-du-Rh\u00f4ne\nArticle 6 :\nTout acte d'outrage ou de violence \u00e0 l'encontre du lieutenant de louveterie ou des participants \u00e0 la battue,\nnotamment s'il constitue une entrave \u00e0 son ex\u00e9cution, fera syst\u00e9matiquement l'objet de poursuites p\u00e9nales. Est\npuni, au titre de l'article R428-12-1 du code de l'environnement, de l'amende pr\u00e9vue pour les contraventions de\nla cinqui\u00e8me classe le fait, par des actes d'obstruction concert\u00e9s, d'emp\u00eacher le d\u00e9roulement de cette battue\nadministrative \n16, rue Antoine Zattara  \u2013 13332 Marseille Cedex 3Contact : ddtm-chasse@bouches-du-rhone.gouv.frwww.bouches-du-rhone.gouv.fr2/3Direction Departementale des Territoires et de la Mer 13 - 13-2024-07-25-00006 - Arr\u00eat\u00e9 pr\u00e9fectoral portant autorisation d'effectuer\nune battue administrative aux sangliers 35\nArticle 7, suivi et ex\u00e9cution     :  \n\uf0b7Le Secr\u00e9taire G\u00e9n\u00e9ral de la Pr\u00e9fecture des Bouches-du-Rh\u00f4ne,\n\uf0b7Le Directeur D\u00e9partemental des Territoires et de la Mer des Bouches-du-Rh\u00f4ne ,\n\uf0b7Le Colonel commandant le Groupement D\u00e9partemental de Gendarmerie des Bouches-du-Rh\u00f4ne,\n\uf0b7Le Directeur D\u00e9partemental de la S\u00e9curit\u00e9 Publique des Bouches-du-Rh\u00f4ne,\n\uf0b7Le Chef du Service D\u00e9partemental de l'Office fran\u00e7ais de la Biodiversit\u00e9 des Bouches-du-Rh\u00f4ne\n\uf0b7Le Pr\u00e9sident de la F\u00e9d\u00e9ration D\u00e9partementale des Chasseurs des Bouches-du-Rh\u00f4ne,\n\uf0b7M Emile Muron, Lieutenant de Louveterie des Bouches-du-Rh\u00f4ne,\n\uf0b7Le Maire de la commune de  Mouri\u00e8s\n\uf0b7Le directeur de la Police Municipale de Mouri\u00e8s.\nsont charg\u00e9s, chacun en ce qui le concerne, de l'ex\u00e9cution du pr\u00e9sent arr\u00eat\u00e9 .\nFait \u00e0 Marseille, le 25 juillet 2024\nPour le Pr\u00e9fet et par d\u00e9l\u00e9gation,\nle Directeur D\u00e9partemental des Territoires et de la Mer 13,\nPour le Directeur D\u00e9partemental  et par d\u00e9l\u00e9gation,\nLa Cheffe du Service Mer Eau Environnement\nSign\u00e9\n Mme B\u00e9n\u00e9dicte MOISSON DE VAUX\n16, rue Antoine Zattara  \u2013 13332 Marseille Cedex 3Contact : ddtm-chasse@bouches-du-rhone.gouv.frwww.bouches-du-rhone.gouv.fr3/3Direction Departementale des Territoires et de la Mer 13 - 13-2024-07-25-00006 - Arr\u00eat\u00e9 pr\u00e9fectoral portant autorisation d'effectuer\nune battue administrative aux sangliers 36\nDRFIP PACA et des Bouches-du-Rh\u00f4ne \n13-2024-07-25-00007\nD\u00e9l\u00e9gation de signature SDE Aix\nDRFIP PACA et des Bouches-du-Rh\u00f4ne  - 13-2024-07-25-00007 - D\u00e9l\u00e9gation de signature SDE Aix 37\nEx\nREPUBLIQUE\nFRANCAISE\nLibert\u00e9\nEgalit\u00e9\nFraternit\u00e9T\nFINANCES  PUBLIQUES\nDIRECTION GENERALE DES FINANCES PUBLIQUESDIRECTION REGIONALE DES FINANCES PUBLIQUES \nDE PROVENCE-ALPES-COTE D'AZUR \nET DU DEPARTEMENT DES BOUCHES-DU-RHONE\nSERVICE DEPARTEMENTAL DE L'ENREGISTREMENT D'AIX-EN-PROVENCE\nD\u00e9l\u00e9gation de signature\nLe comptable, Muriel Cambon , inspectrice divisionnaire HC des Finances publiques, responsable du service \nd\u00e9partemental de l'enregistrement d'Aix-en-Provence,\nVu le code g\u00e9n\u00e9ral des imp\u00f4ts, et notamment l'article 408 de son annexe II et les articles 212 \u00e0 217 de son an -\nnexe IV ;\nVu le livre des proc\u00e9dures fiscales, et notamment les articles L. 247 , L. 257 A et R* 247-4 et suivants  ;\nVu le d\u00e9cret n\u00b0 2008-310 du 3 avril 2008 relatif \u00e0 la direction g\u00e9n\u00e9rale des Finances publiques  ;\nVu le d\u00e9cret n\u00b0 2009-707 du 16 juin 2009 relatif aux services d\u00e9concentr\u00e9s de la direction g\u00e9n\u00e9rale des finances\npubliques ;\nVu le d\u00e9cret n\u00b0 2012-1246 du 7 novembre 2012 relatif \u00e0 la gestion budg\u00e9taire et comptable publique, et notam -\nment son article 16 ;\nVu l'arr\u00eat\u00e9 du 18 octobre 2017 portant r\u00e9organisation des postes comptables des services d\u00e9concentr\u00e9s de la\ndirection g\u00e9n\u00e9rale des finances publiques  ;\nArr\u00eate \nArticle 1\nD\u00e9l\u00e9gation de signature est donn\u00e9e \u00e0 madame GIACOMINI Sylvie, Inspectrice des Finances Publiques, adjointe\nau responsable du service de l'enregistrement d'Aix-en-Provence , \u00e0 l'effet de signer:\n1\u00b0) les 3950 ;\n2\u00b0) dans la limite de 60 000 \u20ac, les octrois de remises et d\u00e9cisions gracieuses et contentieuses ou de d\u00e9lais de\npaiement de la comp\u00e9tence du service(paiements fractionn\u00e9s et diff\u00e9r\u00e9s)  ;\n3\u00b0) au nom et sous la responsabilit\u00e9 du comptable soussign\u00e9, les actes relatifs \u00e0 l'enregistrement  y compris les\ndispositifs  concernant  l'accord  de  garanties  et  le  traitement  des  d\u00e9ch\u00e9ances  pris  en  application  des\nop\u00e9rations relevant de l'article 1717 du code g\u00e9n\u00e9ral des imp\u00f4ts.\nArticle 2\nD\u00e9l\u00e9gation de signature est donn\u00e9e \u00e0 l'effet de signer  :\n1\u00b0) les 3950  ;\n2\u00b0)  dans  les  limites  fix\u00e9es  dans  le  tableau  ci-dessous,  les  octrois  de  remises  et  d\u00e9cisions  gracieuses  et\ncontentieuses de la comp\u00e9tence du service  ;\n1/2\nDRFIP PACA et des Bouches-du-Rh\u00f4ne  - 13-2024-07-25-00007 - D\u00e9l\u00e9gation de signature SDE Aix 38\n3\u00b0) au nom et sous la responsabilit\u00e9 du comptable soussign\u00e9, les actes relatifs \u00e0 l'enregistrement aux agents\nd\u00e9sign\u00e9s dans le tableau ci-apr\u00e8s \u00e0 l'exclusion des dispositifs concernant l'accord de garanties et le traitement\ndes d\u00e9ch\u00e9ances pris en application des op\u00e9rations relevant de l'article 1717 du code g\u00e9n\u00e9ral des imp\u00f4ts.\nNom et Pr\u00e9nom GradeLimite des\nremises\ncontentieuse\nsLimite des\nremises\ngracieuses \nLABBAY Corinne Contr\u00f4leuse 10 000 euros5 000 euros\nGREULICH C\u00e9line Contr\u00f4leuse10 000 euros5 000 euros\nDELOUS Gypsie Contr\u00f4leuse10 000 euros5 000 euros\nBORMANN Aur\u00e9lie Contr\u00f4leuse10 000 euros5 000 euros\nFONTAINE Sylvie Contr\u00f4leuse10 000 euros5 000 euros\nCANADAS Morgan Agent2 000 euros1 000 euros\nTOSSEM Olivier Agent2 000 euros1 000 euros\nCHELELINKIAN Richard Agent2 000 euros1 000 euros\nMARTY Enora Agente2 000 euros1 000 euros\nBELHABIB Val\u00e9rie Agente2 000 euros1 000 euros\nFORTIN Olivier Agent2 000 euros1 000 euros\nTIMBONI Thomas Agent2 000 euros1 000 euros\nPASSET Loik Agent2 000 euros1 000 euros\nArticle 3\nLe pr\u00e9sent arr\u00eat\u00e9 prendra effet au 1er septembre 2024 et sera publi\u00e9 au Recueil des Actes Administratifs du\nd\u00e9partement des Bouches-du-Rh\u00f4ne\".  \nA Aix-en-Provence, le 25/07/2024\nLe comptable  , responsable du service d\u00e9partemental \nde l'enregistrement d'Aix-en-Provence\nSign\u00e9e\nMuriel Cambon\n2/2DRFIP PACA et des Bouches-du-Rh\u00f4ne  - 13-2024-07-25-00007 - D\u00e9l\u00e9gation de signature SDE Aix 39\nPr\u00e9fecture des Bouches-du-Rhone\n13-2024-07-24-00003\nArr\u00eat\u00e9  du 24 juillet 2024\nportant ouverture d'un recrutement  par voie de\nPACTE pour l'acc\u00e8s au grade d'adjoint\nadministratif  de l'int\u00e9rieur et de l'outre-mer\npour la r\u00e9gion Provence-Alpes-C\u00f4te-d'Azur au\ntitre de l'ann\u00e9e 2024\nPr\u00e9fecture des Bouches-du-Rhone - 13-2024-07-24-00003 - Arr\u00eat\u00e9  du 24 juillet 2024\nportant ouverture d'un recrutement  par voie de PACTE pour l'acc\u00e8s au grade d'adjoint administratif  de l'int\u00e9rieur et de l'outre-mer\npour la r\u00e9gion Provence-Alpes-C\u00f4te-d'Azur au titre de l'ann\u00e9e 202440\nPREFET\nDES  BOUCHES-\nDU-RHONE\nLibert\u00e9\nEgalit\u00e9\nFraternit\u00e9\n  Secr\u00e9tariat G\u00e9n\u00e9ral Commun\nService des Ressources Humaines\nMission du d\u00e9veloppement des ressources humaines\nArr\u00eat\u00e9  du 24 juillet 2024\nportant ouverture d'un recrutement  par voie de PACTE pour l'acc\u00e8s au grade\nd'adjoint administratif  de l'int\u00e9rieur et de l'outre-mer pour la r\u00e9gion Provence-Alpes-\nC\u00f4te-d'Azur au titre de l'ann\u00e9e 2024\nLe Pr\u00e9fet de la r\u00e9gion Provence-Alpes-C\u00f4te-d'Azur\nPr\u00e9fet de la zone de d\u00e9fense et de s\u00e9curit\u00e9 sud\nPr\u00e9fet des Bouches-du-Rh\u00f4ne\nVu la loi n\u00b0 83-634 du 13 juillet 1983 modifi\u00e9e portant droits et obligations des fonctionnaires  ;\nVu la loi n\u00b0 84-16 du 11 janvier 1984 modifi\u00e9e portant dispositions statutaires relatives \u00e0 la\nfonction publique de l'Etat  ;\nVu la loi n\u00b0 2017-86 du 27 janvier 2017 relative \u00e0 l'\u00e9galit\u00e9 et \u00e0 la citoyennet\u00e9  ;\nVu  le  d\u00e9cret  n\u00b0  2004-1105  du  19  octobre  2004  relatif  \u00e0  l'ouverture  des  proc\u00e9dures  de\nrecrutement dans la fonction publique de l'Etat  ;\nVu l'ordonnance n\u00b0 2005-901  du 2 ao\u00fbt 2005 instituant une nouvelle voie d'acc\u00e8s dans les\ncorps et cadres d'emplois de la cat\u00e9gorie C par un contrat de droit public donnant vocation \u00e0\n\u00eatre titularis\u00e9 et  nomm\u00e9 PACTE (parcours  d'acc\u00e8s  aux Carri\u00e8res de la fonction publique\nterritoriale, de la fonction publique hospitali\u00e8re et de la fonction publique d'Etat)  ;\nVu le d\u00e9cret n\u00b0 2006-1760 du 23 d\u00e9cembre 2006 modifi\u00e9 relatif aux dispositions statutaires\ncommunes applicables aux corps d'adjoints administratifs des administrations de l'Etat  ;\nVu le d\u00e9cret n\u00b0 2010-311 du 22 mars 2010 relatif aux modalit\u00e9s de recrutements et d'accueil\ndes ressortissants des Etats membres de l'Union europ\u00e9enne ou d'un autre Etat partie \u00e0 l'accord\nsur l'Espace \u00e9conomique europ\u00e9en dans un corps, un cadre d'emplois ou un emploi de la\nfonction publique fran\u00e7aise  ;\nVu le d\u00e9cret n\u00b0 2016-1084 du 3 ao\u00fbt 2016 modifiant le d\u00e9cret n\u00b0 2016-580 du 11 mai 2016\nrelatif \u00e0 l'organisation des carri\u00e8res des fonctionnaires de cat\u00e9gorie C de la fonction publique de\nl'\u00c9tat  ;\nVu le d\u00e9cret n\u00b0 2013-908 du 10 octobre 2013 relatif aux modalit\u00e9s de d\u00e9signation des membres\ndes jurys et des comit\u00e9s de s\u00e9lection pour le recrutement et la promotion des fonctionnaires\nrelevant de la fonction publique de l'Etat, de la fonction publique territoriale et de la fonction\npublique hospitali\u00e8re  ;\nPr\u00e9fecture des Bouches-du-Rh\u00f4ne, Place F\u00e9lix Baret - CS 80001 \u2013 13282 Marseille Cedex 06 -\u2013 T\u00e9l\u00e9phone : 04.84.35.40.00 \u2013 T\u00e9l\u00e9copie : 04.84.35.48.55\nPr\u00e9fecture des Bouches-du-Rhone - 13-2024-07-24-00003 - Arr\u00eat\u00e9  du 24 juillet 2024\nportant ouverture d'un recrutement  par voie de PACTE pour l'acc\u00e8s au grade d'adjoint administratif  de l'int\u00e9rieur et de l'outre-mer\npour la r\u00e9gion Provence-Alpes-C\u00f4te-d'Azur au titre de l'ann\u00e9e 202441\nVu le d\u00e9cret n\u00b0 2017-1470 du 12 octobre 2017 relatif \u00e0 l'acc\u00e8s  corps et cadres d'emplois de la\ncat\u00e9gorie C de la fonction publique par la voie d'acc\u00e8s du parcours d'acc\u00e8s aux carri\u00e8res de la\nfonction publique territoriale, de la fonction publique hospitali\u00e8re et de la fonction publique\nd'Etat ;\nVu l'arr\u00eat\u00e9 du 19 octobre 2018 portant d\u00e9l\u00e9gation de pouvoir en mati\u00e8re de recrutement et de\ngestion des personnels administratifs du minist\u00e8re de l'int\u00e9rieur  ;\nVu l'arr\u00eat\u00e9 minist\u00e9riel du 18 d\u00e9cembre 2023 autorisant au titre de l'ann\u00e9e 2024 l'ouverture d'un\nrecrutement par voie de PACTE pour l'acc\u00e8s au corps des adjoints administratifs de l'int\u00e9rieur\net de l'outre-mer ;\nVu l'arr\u00eat\u00e9 pr\u00e9fectoral du 16 octobre 2023 portant d\u00e9l\u00e9gation de signature \u00e0 Monsieur Cyrille\nLE VELY, Secr\u00e9taire G\u00e9n\u00e9ral de la Pr\u00e9fecture des Bouches-du-Rh\u00f4ne  ;\nSur proposition du secr\u00e9taire g\u00e9n\u00e9ral de la pr\u00e9fecture des Bouches-du-Rh\u00f4ne, chef lieu de la \nr\u00e9gion Provence-Alpes-C\u00f4te-d'Azur  ;\nA R R \u00ca T E\nArticle 1 : Un recrutement d'adjoints administratifs  du minist\u00e8re de l'int\u00e9rieur, par la voie du\nparcours d'acc\u00e8s aux carri\u00e8res de la fonction publique territoriale, de la fonction publique\nhospitali\u00e8re et de l'\u00c9tat (PACTE)  est ouvert au titre de l'ann\u00e9e 2024.\nArticle  2 :  Le  nombre  de  postes  ouverts  en  r\u00e9gion  Provence-Alpes-C\u00f4te-d'Azur  est  de\ntrois postes \u00e0 la Direction Interd\u00e9partementale de la Police Nationale des Bouches-du-Rh\u00f4ne .\nArticle 3 :  La date de cl\u00f4ture des inscriptions est fix\u00e9e au  vendredi 6 septembre  2024 (le\ncachet de la poste faisant foi).\nArticle  4 : Le  secr\u00e9taire  g\u00e9n\u00e9ral  de  la  pr\u00e9fecture  des  Bouches-du-Rh\u00f4ne  est  charg\u00e9  de\nl'ex\u00e9cution du pr\u00e9sent arr\u00eat\u00e9.\nFait \u00e0 Marseille, le 24 juillet 2024\nPour le pr\u00e9fet \net par d\u00e9l\u00e9gation\nle Secr\u00e9taire g\u00e9n\u00e9ral\nSIGNE\nCyrille LE VELY\nConform\u00e9ment aux dispositions de l'article R,421-1 et suivants  du code de justice administrative, cet arr\u00eat\u00e9 peut faire l'objet\nd'un recours contentieux devant le tribunal administratif, dans un d\u00e9lai de deux mois courant \u00e0 compter de sa notification.\nLa juridiction administrative comp\u00e9tente peut-\u00eatre saisie par l'application T\u00e9l\u00e9recours citoyens accessible \u00e0 partir du site \nwww.telerecours.fr\nPr\u00e9fecture des Bouches-du-Rh\u00f4ne, Place F\u00e9lix Baret - CS 80001 \u2013 13282 Marseille Cedex 06 -\u2013 T\u00e9l\u00e9phone : 04.84.35.40.00 \u2013 T\u00e9l\u00e9copie : 04.84.35.48.55Pr\u00e9fecture des Bouches-du-Rhone - 13-2024-07-24-00003 - Arr\u00eat\u00e9  du 24 juillet 2024\nportant ouverture d'un recrutement  par voie de PACTE pour l'acc\u00e8s au grade d'adjoint administratif  de l'int\u00e9rieur et de l'outre-mer\npour la r\u00e9gion Provence-Alpes-C\u00f4te-d'Azur au titre de l'ann\u00e9e 202442\nPr\u00e9fecture des Bouches-du-Rhone\n13-2024-07-25-00009\nArr\u00eat\u00e9 portant habilitation de la soci\u00e9t\u00e9\nd\u00e9nomm\u00e9e \n\u00ab HESSED VEEMET\u00a0\u00bb sise \u00e0 MARSEILLE (13012)\ndans le domaine fun\u00e9raire, \ndu 25 JUILLET 2024\nPr\u00e9fecture des Bouches-du-Rhone - 13-2024-07-25-00009 - Arr\u00eat\u00e9 portant habilitation de la soci\u00e9t\u00e9 d\u00e9nomm\u00e9e \n\u00ab HESSED VEEMET\u00a0\u00bb sise \u00e0 MARSEILLE (13012) dans le domaine fun\u00e9raire, \ndu 25 JUILLET 202443\nPREFET\nDES  BOUCHES-\nDU-RHONE\nLibert\u00e9\nEgalit\u00e9\nFraternit\u00e9\nDIRECTION DE LA CITOYENNETE\nDE LA LEGALITE ET DE L'ENVIRONNEMENT\nBureau des Elections et de la R\u00e9glementation\nDCLE/BER/FUN/2024/RAA N\u00b0    \nArr\u00eat\u00e9 portant habilitation de la soci\u00e9t\u00e9 d\u00e9nomm\u00e9e \n\u00ab HESSED VEEMET  \u00bb sise \u00e0 MARSEILLE (13012) dans le domaine fun\u00e9raire, \ndu 25 JUILLET 2024\n \n   Le Pr\u00e9fet\nde la r\u00e9gion Provence-Alpes-C\u00f4te-d'Azur\n          Pr\u00e9fet de la zone de d\u00e9fense et de s\u00e9curit\u00e9 Sud\n     Pr\u00e9fet des Bouches-du-Rh\u00f4ne\nVu le code g\u00e9n\u00e9ral des collectivit\u00e9s territoriales (CGCT), (notamment les articles L2223-19 et  L2223-\n23 ) ;\nVu la loi n\u00b02008-1350 du 19 d\u00e9cembre 2008 relative \u00e0 la l\u00e9gislation fun\u00e9raire  ;\nVu l'ordonnance n\u00b0 2005-855 du 28 juillet 2005 relative aux op\u00e9rations fun\u00e9raires (article 1 - \u00a7 IV)  ; \nVu le d\u00e9cret n\u00b0 2004-374 du 29 avril 2004 relatif aux pouvoirs des pr\u00e9fets, \u00e0 l'organisation et \u00e0 l'action\ndes services de l'Etat dans les r\u00e9gions et d\u00e9partements ;\nVu le d\u00e9cret n\u00b02012-608 du 30 avril 2012 relatif aux dipl\u00f4mes dans le secteur fun\u00e9raire  ;\nVu l'arr\u00eat\u00e9 du 30 avril 2012 portant application du d\u00e9cret susvis\u00e9  ;\nVu le d\u00e9cret n\u00b02020-917 du 28 juillet 2020 relatif \u00e0 la dur\u00e9e de l'habilitation dans le secteur fun\u00e9raire  ;\nVu  l'arr\u00eat\u00e9  pr\u00e9fectoral  du  30  ao\u00fbt  2018  portant  habilitation  sous  le  \nn\u00b0  18/13/218  de  la  soci\u00e9t\u00e9  d\u00e9nomm\u00e9e  \u00ab  HESSED  VEEMET\u00bb  sise  555  rue  Saint-Pierre  \u00e0\nMarseille (13012), dans le domaine fun\u00e9raire, jusqu'au 30 ao\u00fbt 2024  ;\nVu  la  demande  re\u00e7ue  le  16  juillet  2024  de  M.  Micha\u00ebl  TOUITOU  G\u00e9rant,  sollicitant  le\nrenouvellement de l'habilitation susvis\u00e9e dans le domaine fun\u00e9raire  ;\nConsid\u00e9rant que ladite demande est constitu\u00e9e conform\u00e9ment \u00e0 la l\u00e9gislation en vigueur  ;\nSur proposition du Secr\u00e9taire G\u00e9n\u00e9ral de la pr\u00e9fecture des Bouches-du-Rh\u00f4ne  ;\nPr\u00e9fecture des Bouches-du-Rhone - 13-2024-07-25-00009 - Arr\u00eat\u00e9 portant habilitation de la soci\u00e9t\u00e9 d\u00e9nomm\u00e9e \n\u00ab HESSED VEEMET\u00a0\u00bb sise \u00e0 MARSEILLE (13012) dans le domaine fun\u00e9raire, \ndu 25 JUILLET 202444\nARRETE\nArticle 1  er     : La soci\u00e9t\u00e9 d\u00e9nomm\u00e9e \u00ab  HESSED VEEMET  \u00bb sise 555 rue Saint-Pierre \u00e0 Marseille\n(13012) exploit\u00e9e par M. Micha\u00ebl TOUITOU G\u00e9rant est habilit\u00e9e sous le N\u00b0 24-13-0175 pour exercer\nsur l'ensemble du territoire national les activit\u00e9s fun\u00e9raires suivantes :\n\u2794jusqu'au 25 juillet 2029  \n\uf0d8Transport des corps avant et apr\u00e8s mise en bi\u00e8re\n\uf0d8organisation des obs\u00e8ques  \n\uf0d8Soins de conservation  (en sous-traitance)\n\uf0d8fourniture des housses, de cercueils et de leurs accessoires int\u00e9rieurs et ext\u00e9rieurs ainsi que\ndes urnes cin\u00e9raires  \n\uf0d8fourniture des corbillards et des voitures de deuil\n\uf0d8fourniture de personnel, des objets et prestations n\u00e9cessaires aux obs\u00e8ques, inhumations,\nexhumations et cr\u00e9mations\nArticle 2 :  L'habilitation est accord\u00e9e  pour 5 ans  .    La demande de renouvellement de l'habilitation\ndevra \u00eatre effectu\u00e9e deux mois avant son \u00e9ch\u00e9ance.\nArticle  3 :  L'arr\u00eat\u00e9  du  Pr\u00e9fet  des  Bouches-du-Rh\u00f4ne  du  30  ao\u00fbt  2018  susmentionn\u00e9  portant\nhabilitation sous le N\u00b018/13/218 est abrog\u00e9.\nArticle 4 : L'op\u00e9rateur fun\u00e9raire habilit\u00e9 peut confier \u00e0 un ou plusieurs sous-traitants la r\u00e9alisation de\ntout ou partie des prestations relevant du service ext\u00e9rieur des pompes fun\u00e8bres. Ce dernier doit \u00eatre\nhabilit\u00e9 pour la prestation qu'il sous-traite  ; de m\u00eame que les sous-traitants doivent \u00eatre habilit\u00e9s pour\nchacune des prestations du service ext\u00e9rieur qu'ils fournissent de mani\u00e8re habituelle aux familles.  A\nd\u00e9faut du respect de ces prescriptions, leur responsabilit\u00e9 conjointe pourra \u00eatre mise en cause.\nArticle 5 : La pr\u00e9sente habilitation peut \u00eatre suspendue pour une dur\u00e9e maximum d'un an ou retir\u00e9e\npar le pr\u00e9fet du d\u00e9partement o\u00f9 les faits auront \u00e9t\u00e9 constat\u00e9s, conform\u00e9ment aux dispositions de\nl'article L2223-25 du code g\u00e9n\u00e9ral des collectivit\u00e9s territoriales, pour les motifs suivants :\n1\u00b0  non-respect  des  dispositions  du  code  g\u00e9n\u00e9ral  des  collectivit\u00e9s  territoriales  auxquelles  sont\nsoumises les r\u00e9gies, entreprises ou associations habilit\u00e9es conform\u00e9ment \u00e0 l'article L 2223-23,\n2\u00b0 non-exercice ou cessation d'exercice des activit\u00e9s au titre desquelles elle a \u00e9t\u00e9 d\u00e9livr\u00e9e,\n3\u00b0 atteinte \u00e0 l'ordre public ou danger pour la salubrit\u00e9 publique.\nDans le cas d'un d\u00e9l\u00e9gataire, le retrait de l'habilitation entra\u00eene la d\u00e9ch\u00e9ance des d\u00e9l\u00e9gations.\nArticle 6 :  La pr\u00e9sente d\u00e9cision peut faire l'objet, dans un d\u00e9lai de deux mois \u00e0 compter de sa\nnotification, d'un recours gracieux aupr\u00e8s de mes services, d'un recours hi\u00e9rarchique aupr\u00e8s de\nMonsieur  le  Ministre  de  l'int\u00e9rieur,  d'un  recours  contentieux  devant  le  tribunal  administratif  de\nMarseille ; la juridiction administrative comp\u00e9tente peut aussi \u00eatre saisie par l'application T\u00e9l\u00e9recours\ncitoyens accessible \u00e0 partir du site www.telerecours.fr.\nArticle 7 : Le Secr\u00e9taire G\u00e9n\u00e9ral de la pr\u00e9fecture des Bouches-du-Rh\u00f4ne, le Directeur D\u00e9partemental\nde la S\u00e9curit\u00e9 Publique  des Bouches-du-Rh\u00f4ne,  sont charg\u00e9s, chacun en ce qui le concerne, de\nl'ex\u00e9cution du pr\u00e9sent arr\u00eat\u00e9 qui sera publi\u00e9 au recueil des actes administratifs.\nFAIT \u00e0 MARSEILLE, le 25 JUILLET 2024\n            Pour le Pr\u00e9fet,\nL'Adjointe au Chef de bureau\n                  SIGNE\nVirginie DUPOUY-RAVETLLATPr\u00e9fecture des Bouches-du-Rhone - 13-2024-07-25-00009 - Arr\u00eat\u00e9 portant habilitation de la soci\u00e9t\u00e9 d\u00e9nomm\u00e9e \n\u00ab HESSED VEEMET\u00a0\u00bb sise \u00e0 MARSEILLE (13012) dans le domaine fun\u00e9raire, \ndu 25 JUILLET 202445\nPr\u00e9fecture des Bouches-du-Rhone\n13-2024-07-17-00017\nAUTO ECOLE DU MERLAN, exploitant M.\nVARVARA Thomas, 79 B avenue du Merlan 13014\nMARSEILLE, E 19 013 0021 0\nPr\u00e9fecture des Bouches-du-Rhone - 13-2024-07-17-00017 - AUTO ECOLE DU MERLAN, exploitant M. VARVARA Thomas, 79 B avenue du\nMerlan 13014 MARSEILLE, E 19 013 0021 0 46\nPREFET\nDES  BOUCHES-\nDU-RHONE\nLibert\u00e9\nEgalit\u00e9\nFraternit\u00e9\nDIRECTION DE LA S\u00c9CURIT\u00c9 :\nPOLICE ADMINISTRATIVE\nET R\u00c9GLEMENTATION\nBureau de la Circulation Routi\u00e8re\nP\u00f4le des Professions R\u00e9glement\u00e9es\nde l'\u00c9ducation, de la Circulation et de la S\u00e9curit\u00e9 Routi\u00e8res\nLe Pr\u00e9fet de la r\u00e9gion Provence-Alpes-C\u00f4te d'Azur,\nPr\u00e9fet des Bouches-du-Rh\u00f4ne,\nVu le code de la route et notamment les articles L.213-1 \u00e0 L.213-8, R.211-2, R.213-1 \u00e0 R.213-9, R 411-10\n\u00e0 R 411-12 ;\nVu la loi n\u00b0  99-505 du  18 juin 1999 portant diverses mesures relatives \u00e0 la s\u00e9curit\u00e9 routi\u00e8re et aux\ninfractions sur les agents des exploitants de r\u00e9seau de transport public de voyageurs ;\nVu le d\u00e9cret n\u00b0 2004-374 du 29 avril 2004 modifi\u00e9 relatif aux pouvoirs des pr\u00e9fets, \u00e0 l'organisation et \u00e0\nl'action des services de l'Etat dans les r\u00e9gions et d\u00e9partements ; \nVu le d\u00e9cret n\u00b0 2015-1537 du 25 novembre 2015 portant diverses dispositions relatives \u00e0 la formation \u00e0 la\nconduite et \u00e0 la s\u00e9curit\u00e9 routi\u00e8re  ;\nVu l'arr\u00eat\u00e9  minist\u00e9riel  n\u00b0  0100025A  du  08  janvier  2001  modifi\u00e9,  cr\u00e9ant  un  registre  national  de\nl'enseignement de la conduite des v\u00e9hicules \u00e0 moteur et de la s\u00e9curit\u00e9 routi\u00e8re ;\nVu l'arr\u00eat\u00e9 minist\u00e9riel n\u00b0 0100026A du 08 janvier 2001 modifi\u00e9, relatif \u00e0 l'exploitation des \u00e9tablissements\nd'enseignement, \u00e0 titre on\u00e9reux, de la conduite des v\u00e9hicules \u00e0 moteur et de la s\u00e9curit\u00e9 routi\u00e8re ;\nVu l'arr\u00eat\u00e9 minist\u00e9riel n\u00b0  1603210A du  13 avril 2016 relatif au certificat de qualification professionnelle\n\u00abresponsable d'unit\u00e9(s) d'enseignement de la s\u00e9curit\u00e9 routi\u00e8re et de la conduite\u00bb  ;\nVu l'agr\u00e9ment  pr\u00e9fectoral  portant  modificatif  d\u00e9livr\u00e9  le  20  mai  2024 autorisant  Monsieur  VARVARA\nThomas \u00e0 enseigner la conduite automobile au sein de son \u00e9tablissement  ;\nConsid\u00e9rant la  demande  de  renouvellement  d'agr\u00e9ment  formul\u00e9e  le  09  avril  2024 par Monsieur\nVARVARA Thomas ;\nConsid\u00e9rant la conformit\u00e9 des pi\u00e8ces produites par  Monsieur VARVARA Thomas  le 17 juillet 2024 \u00e0\nl'appui de sa demande ;\nSur proposition de Monsieur le Secr\u00e9taire G\u00e9n\u00e9ral de la Pr\u00e9fecture des Bouches-du-Rh\u00f4ne ,\n. . . / . . .\nPlace F\u00e9lix Baret - CS 30001  \u2013 13259 Marseille Cedex 06 -T\u00e9l\u00e9phone : 04.84.35.40.00 www.bouches-du-rhone.gouv.fr\nA R R \u00ca T \u00c9 \nPORTANT RENOUVELLEMENT DE L'AGR\u00c9MENT\nD'UN \u00c9TABLISSEMENT D'ENSEIGNEMENT \nDE LA CONDUITE DES V\u00c9HICULES \u00c0 MOTEUR\nET DE LA S\u00c9CURIT\u00c9 ROUTI\u00c8RE\nSOUS LE N\u00b0 E 19 013 0021 0Pr\u00e9fecture des Bouches-du-Rhone - 13-2024-07-17-00017 - AUTO ECOLE DU MERLAN, exploitant M. VARVARA Thomas, 79 B avenue du\nMerlan 13014 MARSEILLE, E 19 013 0021 0 47\nA  R  R  \u00ca  T  EA  R  R  \u00ca  T  E     : :\nART. 1 : Monsieur VARVARA Thomas , demeurant 12 avenue Merleau-Ponty R\u00e9sidence Colline Gombert\n13013 MARSEILLE, est autoris\u00e9 \u00e0 exploiter, en qualit\u00e9 de repr\u00e9sentant l\u00e9gal de la SASU \"THOMAS AUTO\nECOLE DU MERLAN \", l'\u00e9tablissement d'enseignement de la conduite automobile ci-apr\u00e8s d\u00e9sign\u00e9 :\nAUTO-\u00c9COLE DU MERLAN\n79B AVENUE DU MERLAN\n13014 MARSEILLE\n( Les droits des tiers \u00e9tant express\u00e9ment sauvegard\u00e9s ) ;\nART. 2 : Cet \u00e9tablissement d'enseignement de la conduite est enregistr\u00e9 au fichier national Rafael sous le\nn\u00b0: E 19 013 0021 0 . Sa validit\u00e9 expirera le  17 juillet 2029 .\nART. 3 : Monsieur VARVARA Thomas , titulaire de l'autorisation d'enseigner n\u00b0 A 17 013 0008 0 d\u00e9livr\u00e9e\nle  01  d\u00e9cembre  2020  par  le  Pr\u00e9fet  des  Bouches-du-Rh\u00f4ne,  est  d\u00e9sign\u00e9  en  qualit\u00e9  de  responsable\np\u00e9dagogique.\nLes types d'enseignement autoris\u00e9s dans cet \u00e9tablissement sont :\n~ A1 ~ A2 ~ A ~ B / B1 / AAC / AM-Quadri l\u00e9ger ~\nIls devront \u00eatre conformes au r\u00e9f\u00e9rentiel pour l'\u00e9ducation \u00e0 une mobilit\u00e9 citoyenne ( REMC ) d\u00e9fini par\narr\u00eat\u00e9 du ministre charg\u00e9 de la s\u00e9curit\u00e9 routi\u00e8re.\nART. 4 : L'exploitant doit tenir \u00e0 disposition du public les programmes de formation \u00e0 la conduite d\u00e9finie par\narr\u00eat\u00e9  du  ministre  charg\u00e9  de  la  s\u00e9curit\u00e9  routi\u00e8re.  Il  est  tenu  d'afficher  l'arr\u00eat\u00e9  portant  l'agr\u00e9ment  de\nl'\u00e9tablissement.\nART.  5 :  Il appartiendra  \u00e0  l'exploitant  d'adresser  au  Pr\u00e9fet  une  demande  de  renouvellement  de  cet\nagr\u00e9ment, au plus tard, deux mois avant la date d'expiration . L'agr\u00e9ment dont le renouvellement aura\n\u00e9t\u00e9 sollicit\u00e9 dans le d\u00e9lai et la forme pr\u00e9vus, sera maintenu provisoirement valide jusqu'\u00e0 ce que le Pr\u00e9fet\nstatue sur la demande.\nART. 6 :  Toute transformation du local d'activit\u00e9 susceptible de modifier les plans initialement d\u00e9pos\u00e9s,\nainsi que tout changement de nature \u00e0 alt\u00e9rer les termes de cet agr\u00e9ment, devront \u00eatre signal\u00e9s au service\nayant d\u00e9livr\u00e9 l'agr\u00e9ment.\nART. 7 : Avant tout transfert du local d'activit\u00e9 ou toute acquisition d'un local suppl\u00e9mentaire, l'exploitant\ndevra adresser une demande d'agr\u00e9ment au Pr\u00e9fet, au moins deux mois avant la date du changement ou\nde la nouvelle acquisition.\nART. 8 : Le pr\u00e9sent arr\u00eat\u00e9 devra \u00eatre pr\u00e9sent\u00e9 \u00e0 toutes r\u00e9quisitions des autorit\u00e9s investies du contr\u00f4le de\nl'enseignement de la conduite automobile.\nIl pourra \u00eatre retir\u00e9 si une des conditions mises \u00e0 sa d\u00e9livrance cesse d'\u00eatre remplie, en cas de non-\nconformit\u00e9 du programme de formation \u00e0 la conduite pr\u00e9vue \u00e0 l'article L.213-4 du code de la route ou en\ncas de cessation d\u00e9finitive d'activit\u00e9 de l'\u00e9tablissement.\nEn cas d'urgence justifi\u00e9e par les faits vis\u00e9s aux articles L.213-3 et R.212-4 du code de la route, l'agr\u00e9ment\npourra \u00eatre suspendu pour une dur\u00e9e maximale de six mois.\n. . . / . . .\n2Pr\u00e9fecture des Bouches-du-Rhone - 13-2024-07-17-00017 - AUTO ECOLE DU MERLAN, exploitant M. VARVARA Thomas, 79 B avenue du\nMerlan 13014 MARSEILLE, E 19 013 0021 0 48\n\u2014\u2014\u2014  mn  mm  4\nART. 9 : L'agr\u00e9ment est d\u00e9livr\u00e9 sans pr\u00e9judice du respect par l'exploitant des normes pr\u00e9vues pour les\n\u00e9tablissements recevant du public.\nART. 10 : Le titulaire de l'agr\u00e9ment peut former un recours administratif aupr\u00e8s de l'autorit\u00e9 ayant d\u00e9livr\u00e9 le\npr\u00e9sent arr\u00eat\u00e9, dans un d\u00e9lai de 2 mois \u00e0 compter de sa notification. Il peut \u00e9galement introduire un recours\ncontentieux devant le Tribunal Administratif de Marseille, 31 rue Jean Fran\u00e7ois Leca - 13002 MARSEILLE -\nwww.telerecours.fr.\nART.   11   : Monsieur le Secr\u00e9taire G\u00e9n\u00e9ral de la Pr\u00e9fecture des Bouches-du-Rh\u00f4ne , Monsieur le Contr\u00f4leur\nG\u00e9n\u00e9ral, Directeur D\u00e9partemental de la S\u00e9curit\u00e9 Publique des Bouches-du-Rh\u00f4ne, Monsieur le G\u00e9n\u00e9ral,\ncommandant le groupement de Gendarmerie des Bouches-du-Rh\u00f4ne, sont charg\u00e9s chacun en ce qui le\nconcerne, de l'ex\u00e9cution du pr\u00e9sent arr\u00eat\u00e9 qui sera ins\u00e9r\u00e9 au recueil des actes administratifs de l'\u00c9tat.\nMARSEILLE LE \n17 JUILLET 2024\nPOUR LE PR\u00c9FETL'ADJOINTE AU CHEF DU BUREAUDE LA CIRCULATION ROUTI\u00c8RE\nSign\u00e9\nM\u00c9LANIE  MOUCHET\n3Pr\u00e9fecture des Bouches-du-Rhone - 13-2024-07-17-00017 - AUTO ECOLE DU MERLAN, exploitant M. VARVARA Thomas, 79 B avenue du\nMerlan 13014 MARSEILLE, E 19 013 0021 0 49\nPr\u00e9fecture des Bouches-du-Rhone\n13-2024-07-19-00014\nCSSR INNO POLE, exploitant Monsieur FABRE\nFr\u00e9d\u00e9ric, R 19 013 0004 0\nPr\u00e9fecture des Bouches-du-Rhone - 13-2024-07-19-00014 - CSSR INNO POLE, exploitant Monsieur FABRE Fr\u00e9d\u00e9ric, R 19 013 0004 0 50\nPREFET\nDES  BOUCHES-\nDU-RHONE\nLibert\u00e9\nEgalit\u00e9\nFraternit\u00e9\nDIRECTION DE LA S\u00c9CURIT\u00c9 :\nPOLICE  ADMINISTRATIVE\nET R\u00c9GLEMENTATION\nBureau de la Circulation Routi\u00e8re\nP\u00f4le des Professions R\u00e9glement\u00e9es\nde l'Education, de la Circulation et de la S\u00e9curit\u00e9 Routi\u00e8res\nLe Pr\u00e9fet de la r\u00e9gion Provence - Alpes - C\u00f4te d'Azur,\nPr\u00e9fet des Bouches-du-Rh\u00f4ne,\nVu le d\u00e9cret n\u00b0 2010-146 du 16 f\u00e9vrier 2010 modifiant le d\u00e9cret n\u00b0 2004-374 du 29 avril 2004 relatif aux\npouvoirs des pr\u00e9fets, \u00e0 l'organisation et \u00e0 l'action des services de l'Etat dans les r\u00e9gions et d\u00e9partements ; \nVu le code de la route et notamment les articles L 212-1 \u00e0 L 212-5, L 213-1 \u00e0 L 213-7, L 223-6, R 212-1 \u00e0 R\n213-6, R 223-5 \u00e0 223-9  ;\nVu le d\u00e9cret n\u00b0 2012-688 du 7 mai 2012 modifiant le d\u00e9cret du 29 d\u00e9cembre 2009 relatif \u00e0 l'enseignement de\nla conduite et \u00e0 l'animation de stages de sensibilisation \u00e0 la s\u00e9curit\u00e9 routi\u00e8re  ;\nVu le d\u00e9cret n\u00b0 2015-1537 du 25 novembre 2015 portant diverses dispositions relatives \u00e0 la formation \u00e0 la\nconduite et \u00e0 la s\u00e9curit\u00e9 routi\u00e8re  ;\nVu l'arr\u00eat\u00e9 n\u00b0  0100025A du  08 janvier 2001 modifi\u00e9 , du Ministre de l'Equipement, des Transports et du\nLogement, cr\u00e9ant un registre national de l'enseignement de la conduite des v\u00e9hicules \u00e0 moteur et de la\ns\u00e9curit\u00e9 routi\u00e8re ;\nVu l'arr\u00eat\u00e9 n\u00b01226850A du 26 juin 2012 fixant les conditions d'exploitation des \u00e9tablissements charg\u00e9s de\ndispenser les stages de sensibilisation \u00e0 la s\u00e9curit\u00e9 routi\u00e8re  ;\nVu l'agr\u00e9ment d\u00e9livr\u00e9 le  13 ao\u00fbt 2019 autorisant  Monsieur FABRE Fr\u00e9d\u00e9ric  \u00e0 organiser des stages de\nsensibilisation \u00e0 la s\u00e9curit\u00e9 routi\u00e8re au sein de son \u00e9tablissement  ;\nVu la demande de renouvellement d'agr\u00e9ment formul\u00e9e le 07 mai 2024 par Monsieur FABRE Fr\u00e9d\u00e9ric ;\nVu la conformit\u00e9 des pi\u00e8ces produites par Monsieur FABRE Fr\u00e9d\u00e9ric \u00e0 l'appui de sa demande, constat\u00e9e le\n19 juillet 2024 ;\nSur la proposition de Monsieur le Secr\u00e9taire G\u00e9n\u00e9ral de la Pr\u00e9fecture des Bouches-du-Rh\u00f4ne,\n. . . / . . .\nPlace F\u00e9lix Baret - CS 30001  \u2013 13259 Marseille Cedex 06 -T\u00e9l\u00e9phone : 04.84.35.40.00 www.bouches-du-rhone.gouv.fr\nA R R \u00ca T \u00c9 \nPORTANT RENOUVELLEMENT DE L'AGR\u00c9MENT\nD'UN CENTRE DE SENSIBILISATION\nA LA S\u00c9CURIT\u00c9 ROUTI\u00c8RE\nSOUS LE N\u00b0 R 19 013 0004 0Pr\u00e9fecture des Bouches-du-Rhone - 13-2024-07-19-00014 - CSSR INNO POLE, exploitant Monsieur FABRE Fr\u00e9d\u00e9ric, R 19 013 0004 0 51\nA  R  R  \u00ca  T  EA  R  R  \u00ca  T  E     : :\nART. 1 : Monsieur FABRE Fr\u00e9d\u00e9ric , est autoris\u00e9 \u00e0 exploiter l'\u00e9tablissement charg\u00e9 d'organiser les stages\nde sensibilisation \u00e0 la s\u00e9curit\u00e9 routi\u00e8re d\u00e9nomm\u00e9 \" INNO POLE\" dont le si\u00e8ge social est situ\u00e9 Route de\nPelissanne, Les Roquassiers, RD 572, 13300 SALON-DE-PROVENCE.\n( les droits des tiers \u00e9tant express\u00e9ment sauvegard\u00e9s )\nART. 2 : Ce  centre  de  sensibilisation  \u00e0  la  s\u00e9curit\u00e9  routi\u00e8re   est  enregistr\u00e9  au  fichier  national  sous  le\nn\u00b0: R 19 013 0004 0 . Sa validit\u00e9 expire le 19 juillet 2029 .\nART. 3 : L'\u00e9tablissement est autoris\u00e9 \u00e0 dispenser les stages de sensibilisation \u00e0 la s\u00e9curit\u00e9 routi\u00e8re dans les\nsalles de formation suivantes  :\n- INNO POLE \u2013 Route de Pelissanne, Les Roquassiers, RD 572, 13300 SALON-DE-PROVENCE\n- INNO POLE SALLE MARIE CURIE \u2013 Route de Pelissanne, Les Roquassiers, RD 572, 13300 SALON-\nDE-PROVENCE\nART. 4     :  Pour animer les stages de sensibilisation \u00e0 la s\u00e9curit\u00e9 routi\u00e8re  :\nEst d\u00e9sign\u00e9 en qualit\u00e9 d'animateur psychologue :\n- Madame PAKUSZEWSKI Murielle.\n- Madame RIPERT \u00e9pouse LAURENT Marine.\n \nSont d\u00e9sign\u00e9s en qualit\u00e9 d'animateur expert en s\u00e9curit\u00e9 routi\u00e8re  :\n- Madame MAHIMON Marie-Dominique.\n- Madame FRANC Marie-Chantal.\nART. 5 : Le bilan des stages r\u00e9alis\u00e9s au cours de l'ann\u00e9e \u00e9coul\u00e9e devra \u00eatre transmis en Pr\u00e9fecture, au plus\ntard le 31 janvier de l'ann\u00e9e suivante.\nLe calendrier pr\u00e9visionnel pour le premier semestre devra \u00eatre transmis au plus tard le 31 d\u00e9cembre de\nl'ann\u00e9e pr\u00e9c\u00e9dente et pour le second semestre au plus tard le 30 juin de l'ann\u00e9e en cours.\nLes calendriers pr\u00e9visionnels ainsi que toutes les modifications post\u00e9rieures doivent \u00eatre transmis au moyen\nd'un site internet d\u00e9di\u00e9 et s\u00e9curis\u00e9.\nART.  6 :  Il  appartiendra  \u00e0  l'exploitante  d'adresser  au  Pr\u00e9fet  une  demande  de  renouvellement  de  cet\nagr\u00e9ment, au moins  deux mois avant la date d'expiration. L'agr\u00e9ment dont le renouvellement aura \u00e9t\u00e9\nsollicit\u00e9 dans le d\u00e9lai et la forme pr\u00e9vus, sera maintenu provisoirement valide jusqu'\u00e0 ce que le Pr\u00e9fet statue\nsur la demande.\nART. 7 :  Tout changement de salle de formation ou toute d\u00e9signation d'une nouvelle personne charg\u00e9e de\nl'accueil et de l'encadrement technique et administratif des stages ainsi que tout changement de nature \u00e0\nalt\u00e9rer les termes de cet agr\u00e9ment devront \u00eatre signal\u00e9s au service gestionnaire.\nART. 8 : Le pr\u00e9sent arr\u00eat\u00e9 devra \u00eatre pr\u00e9sent\u00e9 \u00e0 toutes r\u00e9quisitions des autorit\u00e9s investies du contr\u00f4le de\nl'enseignement de la conduite automobile.\nIl pourra \u00eatre retir\u00e9 si une des conditions mises \u00e0 sa d\u00e9livrance cesse d'\u00eatre remplie, conform\u00e9ment \u00e0 l'article\n8 de l'arr\u00eat\u00e9 n\u00b01226850A du 26 juin 2012 ou en cas de cessation d\u00e9finitive d'activit\u00e9 de l'\u00e9tablissement.\nEn cas d'urgence justifi\u00e9e par les faits vis\u00e9s \u00e0 l'article L.213-3 du code de la route, l'agr\u00e9ment pourra \u00eatre\nsuspendu, en application de l'article L.213-5 du code de la route.\n. . . / . . .\n2Pr\u00e9fecture des Bouches-du-Rhone - 13-2024-07-19-00014 - CSSR INNO POLE, exploitant Monsieur FABRE Fr\u00e9d\u00e9ric, R 19 013 0004 0 52\nCw  Ann  4\nART. 9     :   L'agr\u00e9ment est d\u00e9livr\u00e9 sans pr\u00e9judice du respect par l'exploitant des normes pr\u00e9vues pour les\n\u00e9tablissements recevant du public.\nART. 10     :   Le titulaire de l'agr\u00e9ment peut former un recours administratif aupr\u00e8s de l'autorit\u00e9 ayant d\u00e9livr\u00e9 le\npr\u00e9sent arr\u00eat\u00e9, dans un d\u00e9lai de 2 mois \u00e0 compter de sa notification. Il peut \u00e9galement introduire un recours\ncontentieux  devant  le  tribunal  administratif,  31  rue  Jean  Fran\u00e7ois  Leca  -  13002  MARSEILLE  -\nwww.telerecours.fr.\nART. 11 : Monsieur le Secr\u00e9taire G\u00e9n\u00e9ral de la Pr\u00e9fecture des Bouches du Rh\u00f4ne, Monsieur le Contr\u00f4leur\nG\u00e9n\u00e9ral, Directeur D\u00e9partemental de la S\u00e9curit\u00e9 Publique des Bouches-du-Rh\u00f4ne , Monsieur le G\u00e9n\u00e9ral,\ncommandant le groupement de Gendarmerie des Bouches du Rh\u00f4ne, sont charg\u00e9s chacun en ce qui le\nconcerne, de l'ex\u00e9cution du pr\u00e9sent arr\u00eat\u00e9 qui sera ins\u00e9r\u00e9 au recueil des actes administratifs de l'Etat.\nFAIT \u00c0 MARSEILLE LE  \n19 JUILLET 2024\nPOUR LE PR\u00c9FETL'ADJOINTE AU CHEF DU BUREAUDE LA CIRCULATION ROUTI\u00c8RE\nSign\u00e9\nM\u00c9LANIE  MOUCHET\n3Pr\u00e9fecture des Bouches-du-Rhone - 13-2024-07-19-00014 - CSSR INNO POLE, exploitant Monsieur FABRE Fr\u00e9d\u00e9ric, R 19 013 0004 0 53\nSecr\u00e9tariat G\u00e9n\u00e9ral Commun 13\n13-2024-07-25-00001\nRAA arrete d'ouverture PACTE 2024 DIPN13-1\nSecr\u00e9tariat G\u00e9n\u00e9ral Commun 13 - 13-2024-07-25-00001 - RAA arrete d'ouverture PACTE 2024 DIPN13-1 54\nPREFET\nDES  BOUCHES-\nDU-RHONE\nLibert\u00e9\nEgalit\u00e9\nFraternit\u00e9\n  Secr\u00e9tariat G\u00e9n\u00e9ral Commun\nService des Ressources Humaines\nMission du d\u00e9veloppement des ressources humaines\nArr\u00eat\u00e9  du 24 juillet 2024\nportant ouverture d'un recrutement  par voie de PACTE pour l'acc\u00e8s au grade\nd'adjoint administratif  de l'int\u00e9rieur et de l'outre-mer pour la r\u00e9gion Provence-Alpes-\nC\u00f4te-d'Azur au titre de l'ann\u00e9e 2024\nLe Pr\u00e9fet de la r\u00e9gion Provence-Alpes-C\u00f4te-d'Azur\nPr\u00e9fet de la zone de d\u00e9fense et de s\u00e9curit\u00e9 sud\nPr\u00e9fet des Bouches-du-Rh\u00f4ne\nVu la loi n\u00b0 83-634 du 13 juillet 1983 modifi\u00e9e portant droits et obligations des fonctionnaires  ;\nVu la loi n\u00b0 84-16 du 11 janvier 1984 modifi\u00e9e portant dispositions statutaires relatives \u00e0 la\nfonction publique de l'Etat  ;\nVu la loi n\u00b0 2017-86 du 27 janvier 2017 relative \u00e0 l'\u00e9galit\u00e9 et \u00e0 la citoyennet\u00e9  ;\nVu  le  d\u00e9cret  n\u00b0  2004-1105  du  19  octobre  2004  relatif  \u00e0  l'ouverture  des  proc\u00e9dures  de\nrecrutement dans la fonction publique de l'Etat  ;\nVu l'ordonnance n\u00b0 2005-901  du 2 ao\u00fbt 2005 instituant une nouvelle voie d'acc\u00e8s dans les\ncorps et cadres d'emplois de la cat\u00e9gorie C par un contrat de droit public donnant vocation \u00e0\n\u00eatre titularis\u00e9 et  nomm\u00e9 PACTE (parcours  d'acc\u00e8s  aux Carri\u00e8res de la fonction publique\nterritoriale, de la fonction publique hospitali\u00e8re et de la fonction publique d'Etat)  ;\nVu le d\u00e9cret n\u00b0 2006-1760 du 23 d\u00e9cembre 2006 modifi\u00e9 relatif aux dispositions statutaires\ncommunes applicables aux corps d'adjoints administratifs des administrations de l'Etat  ;\nVu le d\u00e9cret n\u00b0 2010-311 du 22 mars 2010 relatif aux modalit\u00e9s de recrutements et d'accueil\ndes ressortissants des Etats membres de l'Union europ\u00e9enne ou d'un autre Etat partie \u00e0 l'accord\nsur l'Espace \u00e9conomique europ\u00e9en dans un corps, un cadre d'emplois ou un emploi de la\nfonction publique fran\u00e7aise  ;\nVu le d\u00e9cret n\u00b0 2016-1084 du 3 ao\u00fbt 2016 modifiant le d\u00e9cret n\u00b0 2016-580 du 11 mai 2016\nrelatif \u00e0 l'organisation des carri\u00e8res des fonctionnaires de cat\u00e9gorie C de la fonction publique de\nl'\u00c9tat  ;\nVu le d\u00e9cret n\u00b0 2013-908 du 10 octobre 2013 relatif aux modalit\u00e9s de d\u00e9signation des membres\ndes jurys et des comit\u00e9s de s\u00e9lection pour le recrutement et la promotion des fonctionnaires\nrelevant de la fonction publique de l'Etat, de la fonction publique territoriale et de la fonction\npublique hospitali\u00e8re  ;\nPr\u00e9fecture des Bouches-du-Rh\u00f4ne, Place F\u00e9lix Baret - CS 80001 \u2013 13282 Marseille Cedex 06 -\u2013 T\u00e9l\u00e9phone : 04.84.35.40.00 \u2013 T\u00e9l\u00e9copie : 04.84.35.48.55\nSecr\u00e9tariat G\u00e9n\u00e9ral Commun 13 - 13-2024-07-25-00001 - RAA arrete d'ouverture PACTE 2024 DIPN13-1 55\nVu le d\u00e9cret n\u00b0 2017-1470 du 12 octobre 2017 relatif \u00e0 l'acc\u00e8s  corps et cadres d'emplois de la\ncat\u00e9gorie C de la fonction publique par la voie d'acc\u00e8s du parcours d'acc\u00e8s aux carri\u00e8res de la\nfonction publique territoriale, de la fonction publique hospitali\u00e8re et de la fonction publique\nd'Etat ;\nVu l'arr\u00eat\u00e9 du 19 octobre 2018 portant d\u00e9l\u00e9gation de pouvoir en mati\u00e8re de recrutement et de\ngestion des personnels administratifs du minist\u00e8re de l'int\u00e9rieur  ;\nVu l'arr\u00eat\u00e9 minist\u00e9riel du 18 d\u00e9cembre 2023 autorisant au titre de l'ann\u00e9e 2024 l'ouverture d'un\nrecrutement par voie de PACTE pour l'acc\u00e8s au corps des adjoints administratifs de l'int\u00e9rieur\net de l'outre-mer ;\nVu l'arr\u00eat\u00e9 pr\u00e9fectoral du 16 octobre 2023 portant d\u00e9l\u00e9gation de signature \u00e0 Monsieur Cyrille\nLE VELY, Secr\u00e9taire G\u00e9n\u00e9ral de la Pr\u00e9fecture des Bouches-du-Rh\u00f4ne  ;\nSur proposition du secr\u00e9taire g\u00e9n\u00e9ral de la pr\u00e9fecture des Bouches-du-Rh\u00f4ne, chef lieu de la \nr\u00e9gion Provence-Alpes-C\u00f4te-d'Azur  ;\nA R R \u00ca T E\nArticle 1 : Un recrutement d'adjoints administratifs  du minist\u00e8re de l'int\u00e9rieur, par la voie du\nparcours d'acc\u00e8s aux carri\u00e8res de la fonction publique territoriale, de la fonction publique\nhospitali\u00e8re et de l'\u00c9tat (PACTE)  est ouvert au titre de l'ann\u00e9e 2024.\nArticle  2 :  Le  nombre  de  postes  ouverts  en  r\u00e9gion  Provence-Alpes-C\u00f4te-d'Azur  est  de\ntrois postes \u00e0 la Direction Interd\u00e9partementale de la Police Nationale des Bouches-du-Rh\u00f4ne .\nArticle 3 :  La date de cl\u00f4ture des inscriptions est fix\u00e9e au  vendredi 6 septembre  2024 (le\ncachet de la poste faisant foi).\nArticle  4 : Le  secr\u00e9taire  g\u00e9n\u00e9ral  de  la  pr\u00e9fecture  des  Bouches-du-Rh\u00f4ne  est  charg\u00e9  de\nl'ex\u00e9cution du pr\u00e9sent arr\u00eat\u00e9.\nFait \u00e0 Marseille, le 24 juillet 2024\nPour le pr\u00e9fet \net par d\u00e9l\u00e9gation\nle Secr\u00e9taire g\u00e9n\u00e9ral\nSIGNE\nCyrille LE VELY\nConform\u00e9ment aux dispositions de l'article R,421-1 et suivants  du code de justice administrative, cet arr\u00eat\u00e9 peut faire l'objet\nd'un recours contentieux devant le tribunal administratif, dans un d\u00e9lai de deux mois courant \u00e0 compter de sa notification.\nLa juridiction administrative comp\u00e9tente peut-\u00eatre saisie par l'application T\u00e9l\u00e9recours citoyens accessible \u00e0 partir du site \nwww.telerecours.fr\nPr\u00e9fecture des Bouches-du-Rh\u00f4ne, Place F\u00e9lix Baret - CS 80001 \u2013 13282 Marseille Cedex 06 -\u2013 T\u00e9l\u00e9phone : 04.84.35.40.00 \u2013 T\u00e9l\u00e9copie : 04.84.35.48.55Secr\u00e9tariat G\u00e9n\u00e9ral Commun 13 - 13-2024-07-25-00001 - RAA arrete d'ouverture PACTE 2024 DIPN13-1 56\nSecr\u00e9tariat g\u00e9n\u00e9ral pour l'administration du\nminist\u00e8re de l'int\u00e9rieur\n13-2024-07-25-00008\nArr\u00eat\u00e9 du 25 juillet 2024 portant d\u00e9l\u00e9gation de\nsignature \u00e0 Monsieur Olivier MARMION,\nsecr\u00e9taire g\u00e9n\u00e9ral de la zone de d\u00e9fense et de\ns\u00e9curit\u00e9 Sud aupr\u00e8s du pr\u00e9fet de la r\u00e9gion \nProvence-Alpes-C\u00f4te d'Azur, pr\u00e9fet de la zone\nde d\u00e9fense et de s\u00e9curit\u00e9 Sud, pr\u00e9fet des\nBouches-du-Rh\u00f4ne\nSecr\u00e9tariat g\u00e9n\u00e9ral pour l'administration du minist\u00e8re de l'int\u00e9rieur - 13-2024-07-25-00008 - Arr\u00eat\u00e9 du 25 juillet 2024 portant\nd\u00e9l\u00e9gation de signature \u00e0 Monsieur Olivier MARMION,\nsecr\u00e9taire g\u00e9n\u00e9ral de la zone de d\u00e9fense et de s\u00e9curit\u00e9 Sud aupr\u00e8s du pr\u00e9fet de la r\u00e9gion  Provence-Alpes-C\u00f4te d'Azur, pr\u00e9fet de la\nzone de d\u00e9fense et de s\u00e9curit\u00e9 Sud, pr\u00e9fet des Bouches-du-Rh\u00f4ne57\n| 3\nPREFET\nDE LA ZONE\nDE DEFENSE  |\nET DE SECURITE\nSUD\nL ibert\u00e9\nEgalit\u00e9\nFraternit\u00e9\nSecr\u00e9tariat g\u00e9n\u00e9ral\nde la zone de d\u00e9fense et de s\u00e9curit\u00e9 Sud\nArr\u00eat\u00e9 du 25 juillet 2024 portant d\u00e9l\u00e9gation de signature \u00e0\nMonsieur Olivier MARMION ,\nsecr\u00e9taire g\u00e9n\u00e9ral de la zone de d\u00e9fense et de s\u00e9curit\u00e9 Sud aupr\u00e8s du pr\u00e9fet de la r\u00e9gion\nProvence-Alpes-C\u00f4te d'Azur, pr\u00e9fet de la zone de d\u00e9fense et de s\u00e9curit\u00e9 Sud, pr\u00e9fet des\nBouches-du-Rh\u00f4ne\n     Le pr\u00e9fet de la r\u00e9gion Provence-Alpes-C\u00f4te d'Azur,\npr\u00e9fet de la zone de d\u00e9fense et de s\u00e9curit\u00e9 Sud,\npr\u00e9fet des Bouches-du-Rh\u00f4ne,\nVu le code de la d\u00e9fense  ;\nVu le code de la s\u00e9curit\u00e9 int\u00e9rieure  ;\nVu le code du sport  ;\nVu le code de la sant\u00e9 publique  ;\nVu le code g\u00e9n\u00e9ral des collectivit\u00e9s territoriales  ;\nVu la loi organique n\u00b0 2001-692 du 1er ao\u00fbt 2001 modifi\u00e9e relative aux lois de finances  ;\nVu la loi n\u00b082-213 du 2 mars 1982 modifi\u00e9e relative aux droits et libert\u00e9s des communes, des\nd\u00e9partements et des r\u00e9gions  ;\nVu la loi n\u00b02011-267 du 14 mars 2011 d'orientation et de programmation pour la performance de la\ns\u00e9curit\u00e9 int\u00e9rieure modifi\u00e9e pour partie par le code de s\u00e9curit\u00e9 int\u00e9rieure  ;\nVu la loi de finances n\u00b0 2017-1837 du 30 d\u00e9cembre 2017 pour 2018  ; \nVu l'ordonnance n\u00b02012-351 du 12 mars 2012, relative \u00e0 la partie l\u00e9gislative du code de s\u00e9curit\u00e9\nint\u00e9rieure ; \nVu le d\u00e9cret n\u00b095-1197 du 6 novembre 1995 portant d\u00e9concentration en mati\u00e8re de gestion des\npersonnels de la police nationale modifi\u00e9 par le d\u00e9cret n\u00b096-1141 du 24 d\u00e9cembre 1996 et par le\nd\u00e9cret n\u00b0 2005-1723 du 30 d\u00e9cembre 2005  ;\nSecr\u00e9tariat g\u00e9n\u00e9ral pour l'administration du minist\u00e8re de l'int\u00e9rieur - 13-2024-07-25-00008 - Arr\u00eat\u00e9 du 25 juillet 2024 portant\nd\u00e9l\u00e9gation de signature \u00e0 Monsieur Olivier MARMION,\nsecr\u00e9taire g\u00e9n\u00e9ral de la zone de d\u00e9fense et de s\u00e9curit\u00e9 Sud aupr\u00e8s du pr\u00e9fet de la r\u00e9gion  Provence-Alpes-C\u00f4te d'Azur, pr\u00e9fet de la\nzone de d\u00e9fense et de s\u00e9curit\u00e9 Sud, pr\u00e9fet des Bouches-du-Rh\u00f4ne58\nVu  le  d\u00e9cret  2006-1780  du  23  d\u00e9cembre  2006  portant  d\u00e9l\u00e9gation  de  pouvoir  en  mati\u00e8re  de\nrecrutement et de gestion de certains personnels relevant du minist\u00e8re de l'Int\u00e9rieur  ;\nVu le d\u00e9cret n\u00b097-1999 du 5 mars 1997 modifi\u00e9 relatif au remboursement de certaines  ;\nd\u00e9penses support\u00e9es par les forces de police et de gendarmerie  ;\nVu le d\u00e9cret n\u00b02004-112 du 6 f\u00e9vrier 2004 relatif \u00e0 l'organisation des actions de l'\u00c9tat en mer  ;\nVu le d\u00e9cret n\u00b02004-374 du 29 avril 2004 modifi\u00e9 relatif aux pouvoirs des pr\u00e9fets, \u00e0 l'organisation et \u00e0\nl'action des services de l'\u00c9tat dans les r\u00e9gions et les d\u00e9partements  ;\nVu le d\u00e9cret n\u00b0 2004-1339 du 7 d\u00e9cembre 2004 relatif \u00e0 la d\u00e9concentration de la repr\u00e9sentation de\nl'\u00c9tat devant les tribunaux administratifs dans les litiges n\u00e9s de d\u00e9cisions prises par les pr\u00e9fets sous\nl'autorit\u00e9 desquels sont plac\u00e9s les SGAP  ;\nVu le d\u00e9cret n\u00b02018-1075 du 03 d\u00e9cembre 2018 portant partie r\u00e9glementaire du code de la commande\npublique ;\nVu  le  d\u00e9cret  n\u00b02006-1780  du  23  d\u00e9cembre  2006  portant  d\u00e9l\u00e9gation  de  pouvoir  en  mati\u00e8re  de\nrecrutement et de gestion de certains personnels relevant du minist\u00e8re de l'Int\u00e9rieur  ;\nVu  le  d\u00e9cret  n\u00b02009-1725  du  30  d\u00e9cembre  2009  modifiant  certaines  dispositions  relatives  aux\nd\u00e9l\u00e9gations de pouvoir en mati\u00e8re de recrutement et de gestion de certains personnels du minist\u00e8re\nde l'Int\u00e9rieur ;\nVu le d\u00e9cret n\u00b0 2010-224 du 4 mars 2010 relatif aux pouvoirs des pr\u00e9fets de zone de d\u00e9fense et de\ns\u00e9curit\u00e9 ;\nVu le d\u00e9cret n\u00b02012-1151 du 15 octobre 2012 relatif \u00e0 l'organisation et \u00e0 l'action des services de l'\u00c9tat\ndans le d\u00e9partement des Bouches-du-Rh\u00f4ne  ;\nVu le d\u00e9cret n\u00b0 2012-1246 du 7 novembre 2012 relatif \u00e0 la gestion budg\u00e9taire et comptable publique  ;\nVu le d\u00e9cret n\u00b02014-296 du 6 mars 2014 relatif aux secr\u00e9tariats g\u00e9n\u00e9raux pour l'administration du\nminist\u00e8re de l'Int\u00e9rieur et modifiant diverses dispositions du code de la d\u00e9fense et de la s\u00e9curit\u00e9\nint\u00e9rieure ;\nVu le d\u00e9cret n\u00b0 2015-1625 du 10 d\u00e9cembre 2015 relatif \u00e0 la composition des zones de d\u00e9fense et de\ns\u00e9curit\u00e9, des r\u00e9gions de gendarmerie et des groupements de gendarmerie d\u00e9partementale  ;\nVu le d\u00e9cret n\u00b0 2016-1937 du 29 d\u00e9cembre 2016 portant r\u00e9partition des cr\u00e9dits et d\u00e9couverts autoris\u00e9s\npar la loi n\u00b0 2016-1917 pr\u00e9cit\u00e9e  ;\nVu  le  d\u00e9cret  du  Pr\u00e9sident  de  la  R\u00e9publique  du  29  juillet  2020  portant  nomination  de  Monsieur\nChristophe MIRMAND, en qualit\u00e9 de pr\u00e9fet de la r\u00e9gion Provence-Alpes-C\u00f4te d'Azur, pr\u00e9fet de la zone\nde d\u00e9fense et de s\u00e9curit\u00e9 Sud, pr\u00e9fet des Bouches-du-Rh\u00f4ne  ;\nVu le d\u00e9cret du Pr\u00e9sident de la R\u00e9publique du 7 f\u00e9vrier 2024 portant nomination de Monsieur Pierre-\n\u00c9douard COLLIEX, en qualit\u00e9 de pr\u00e9fet de police des Bouches-du-Rh\u00f4ne  ;\nVu le d\u00e9cret du 25 novembre 2022 portant nomination de Monsieur Olivier MARMION, en qualit\u00e9 de\nsecr\u00e9taire g\u00e9n\u00e9ral de la zone de d\u00e9fense et de s\u00e9curit\u00e9 Sud aupr\u00e8s du pr\u00e9fet de la r\u00e9gion Provence-\nAlpes-C\u00f4te d'Azur, pr\u00e9fet de la zone de d\u00e9fense et de s\u00e9curit\u00e9 Sud, pr\u00e9fet des Bouches-du-Rh\u00f4ne  ;Secr\u00e9tariat g\u00e9n\u00e9ral pour l'administration du minist\u00e8re de l'int\u00e9rieur - 13-2024-07-25-00008 - Arr\u00eat\u00e9 du 25 juillet 2024 portant\nd\u00e9l\u00e9gation de signature \u00e0 Monsieur Olivier MARMION,\nsecr\u00e9taire g\u00e9n\u00e9ral de la zone de d\u00e9fense et de s\u00e9curit\u00e9 Sud aupr\u00e8s du pr\u00e9fet de la r\u00e9gion  Provence-Alpes-C\u00f4te d'Azur, pr\u00e9fet de la\nzone de d\u00e9fense et de s\u00e9curit\u00e9 Sud, pr\u00e9fet des Bouches-du-Rh\u00f4ne59\nVu le d\u00e9cret du 9 janvier 2024 portant nomination de Monsieur Arnaud VIEULES, coordonnateur pour\nla s\u00e9curit\u00e9 aupr\u00e8s des pr\u00e9fets de Haute-Corse et de Corse-du-Sud et charg\u00e9 de mission aupr\u00e8s du\npr\u00e9fet de Corse, pr\u00e9fet de la Corse-du-Sud, et du pr\u00e9fet de la Haute-Corse  ;\nVu l'arr\u00eat\u00e9 interminist\u00e9riel du 8 d\u00e9cembre 1993 modifi\u00e9 portant r\u00e8glement de comptabilit\u00e9 pour la\nd\u00e9signation des ordonnateurs secondaires et de leurs d\u00e9l\u00e9gu\u00e9s  ;\nVu  l'arr\u00eat\u00e9  minist\u00e9riel  du  30  d\u00e9cembre  2005  portant  d\u00e9concentration  en  mati\u00e8re  de  gestion  des\nfonctionnaires actifs des services de la police nationale  ;\nVu l'arr\u00eat\u00e9 minist\u00e9riel du 30 d\u00e9cembre 2005 modifi\u00e9 portant d\u00e9concentration en mati\u00e8re de gestion des\nfonctionnaires des corps administratifs, techniques et scientifiques de la police nationale  ;\nVu  l'arr\u00eat\u00e9  minist\u00e9riel  du  8  octobre  2009  instituant  des  commissions  consultatives  paritaires\ncomp\u00e9tentes \u00e0 l'\u00e9gard des adjoints de s\u00e9curit\u00e9 recrut\u00e9s en application de l'article 36 de la loi n\u00b0 95-73\ndu 21 janvier 1995 d'orientation et de programmation relative \u00e0 la s\u00e9curit\u00e9  ;\nVu l'arr\u00eat\u00e9 minist\u00e9riel du 30 d\u00e9cembre 2009 portant d\u00e9l\u00e9gation de pouvoir en mati\u00e8re de recrutement\net de gestion des personnels administratifs du minist\u00e8re de l'Int\u00e9rieur, de l'outre-mer et des collectivit\u00e9s\nterritoriales ;\nVu l'arr\u00eat\u00e9 minist\u00e9riel du 30 d\u00e9cembre 2009 portant d\u00e9l\u00e9gation de pouvoir en mati\u00e8re de recrutement\net de gestion de certains personnels techniques et sp\u00e9cialis\u00e9s du minist\u00e8re de l'Int\u00e9rieur, de l'outre-\nmer et des collectivit\u00e9s territoriales  ;\nVu  l'arr\u00eat\u00e9  minist\u00e9riel  du  6  mars  2014  portant  organisation  des  secr\u00e9tariats  g\u00e9n\u00e9raux  pour\nl'administration du minist\u00e8re de l'Int\u00e9rieur  ;\nVu l'arr\u00eat\u00e9 minist\u00e9riel du 26 janvier 2015 portant d\u00e9l\u00e9gation de pouvoir en mati\u00e8re de recrutement et de\ngestion de certains ouvriers d'\u00c9tat du minist\u00e8re de l'Int\u00e9rieur  ;\nVu l'arr\u00eat\u00e9 minist\u00e9riel du 26 janvier 2015 portant d\u00e9l\u00e9gation de pouvoir en mati\u00e8re de recrutement et de\ngestion des personnels administratifs du minist\u00e8re de l'Int\u00e9rieur  ;\nVu l'arr\u00eat\u00e9 minist\u00e9riel du 26 janvier 2015 portant d\u00e9l\u00e9gation de pouvoir en mati\u00e8re de recrutement et de\ngestion de certains personnels techniques et sp\u00e9cialis\u00e9s du minist\u00e8re de l'Int\u00e9rieur  ;\nVu l'arr\u00eat\u00e9 minist\u00e9riel du 27 janvier 2015 fixant les modalit\u00e9s de recrutement et de formation des\nadjoints de s\u00e9curit\u00e9 au titre du d\u00e9veloppement d'activit\u00e9 pour l'emploi des jeunes  ;\nVu  l'arr\u00eat\u00e9  minist\u00e9riel  du  27  janvier  2015  modifiant  l'arr\u00eat\u00e9  du  24  ao\u00fbt  2000  fixant  les  droits  et\nobligations des adjoints de s\u00e9curit\u00e9 recrut\u00e9s au titre du d\u00e9veloppement d'activit\u00e9 pour l'emploi des\njeunes ;\nVu l'arr\u00eat\u00e9 du 18 juillet 2013 relatif \u00e0 l'organisation et aux attributions des \u00e9chelons de commandement\nde la gendarmerie nationale en m\u00e9tropole  ;\nVu  l'arr\u00eat\u00e9  pr\u00e9fectoral  du  24  juillet  2014  portant  organisation  du  secr\u00e9tariat  g\u00e9n\u00e9ral  pour\nl'administration du minist\u00e8re de l'Int\u00e9rieur (SGAMI) de la zone de d\u00e9fense et de s\u00e9curit\u00e9 sud  ;\nVu  l'arr\u00eat\u00e9  pr\u00e9fectoral  du  20  avril  2017  portant  cr\u00e9ation  du  centre  zonal  op\u00e9rationnel  de  crise\n(CeZOC) ;Secr\u00e9tariat g\u00e9n\u00e9ral pour l'administration du minist\u00e8re de l'int\u00e9rieur - 13-2024-07-25-00008 - Arr\u00eat\u00e9 du 25 juillet 2024 portant\nd\u00e9l\u00e9gation de signature \u00e0 Monsieur Olivier MARMION,\nsecr\u00e9taire g\u00e9n\u00e9ral de la zone de d\u00e9fense et de s\u00e9curit\u00e9 Sud aupr\u00e8s du pr\u00e9fet de la r\u00e9gion  Provence-Alpes-C\u00f4te d'Azur, pr\u00e9fet de la\nzone de d\u00e9fense et de s\u00e9curit\u00e9 Sud, pr\u00e9fet des Bouches-du-Rh\u00f4ne60\nVu la d\u00e9cision de la DGGN n\u00b051  917 du 16 juillet 2014 portant changement de rattachement organique\ndes centres de soutien automobiles de la gendarmerie (CSAG) au sein de la r\u00e9gion de gendarmerie\nzone de d\u00e9fense et de s\u00e9curit\u00e9 sud  ;\nVu l'arr\u00eat\u00e9 minist\u00e9riel du 16 mai 2023 portant r\u00e9int\u00e9gration de Monsieur David PREUD'HOMME en\nqualit\u00e9 de secr\u00e9taire g\u00e9n\u00e9ral adjoint pour l'administration du minist\u00e8re de l'Int\u00e9rieur \u00e0 Marseille \u00e0\ncompter du 1er ao\u00fbt 2023.\nSur proposition du secr\u00e9taire g\u00e9n\u00e9ral de la zone de d\u00e9fense et de s\u00e9curit\u00e9 sud,\nA R R E T E\nARTICLE 1 :\nEn ce qui concerne la zone de d\u00e9fense et de s\u00e9curit\u00e9 sud, d\u00e9l\u00e9gation est donn\u00e9e \u00e0 Monsieur Olivier\nMARMION, secr\u00e9taire g\u00e9n\u00e9ral de la zone de d\u00e9fense et de s\u00e9curit\u00e9 Sud, pour  :\n-toutes mati\u00e8res relevant des missions g\u00e9n\u00e9rales du pr\u00e9fet de la zone de d\u00e9fense et de s\u00e9curit\u00e9\nsud, \u00e0 l'exception de l'approbation des plans zonaux  ;\n-la gestion op\u00e9rationnelle d\u00e9concentr\u00e9e des forces mobiles de la zone de d\u00e9fense et de s\u00e9curit\u00e9\nsud conform\u00e9ment aux dispositions des articles R.122-10 et R.122-11 du code de la s\u00e9curit\u00e9\nint\u00e9rieure ;\n-l'animation et la coordination des organismes zonaux relevant des comp\u00e9tences d\u00e9volues \u00e0 l'\u00e9tat-\nmajor interminist\u00e9riel de zone (EMIZ), au centre zonal op\u00e9rationnel de crise (CeZOC) et au\nsecr\u00e9tariat g\u00e9n\u00e9ral pour l'administration du minist\u00e8re de l'Int\u00e9rieur de la zone de d\u00e9fense et de\ns\u00e9curit\u00e9 sud (SGAMI).\nEn ce qui concerne les actes relatifs \u00e0 la commande publique pass\u00e9s par le Secr\u00e9tariat G\u00e9n\u00e9ral pour\nl'Administration  du  Minist\u00e8re  de  l'Int\u00e9rieur  (SGAMI)  Sud,  en  sa  qualit\u00e9  de  pouvoir  adjudicateur,\nd\u00e9l\u00e9gation est donn\u00e9e \u00e0 Monsieur Olivier MARMION, secr\u00e9taire g\u00e9n\u00e9ral de la zone de d\u00e9fense et de\ns\u00e9curit\u00e9 Sud, jusqu'\u00e0 3  000 000 \u20ac HT pour :\n-les op\u00e9rations immobili\u00e8res financ\u00e9es sur les programmes 152,161,176,216,303,362,348, 363 et\n723 sur l'ensemble de la zone de d\u00e9fense et de s\u00e9curit\u00e9 Sud,\n-les op\u00e9rations immobili\u00e8res financ\u00e9es au titre de l'entretien des b\u00e2timents de l'\u00c9tat \u00ab  programme\n723 \u00bb pour le compte des services de police implant\u00e9s dans la r\u00e9gion Provence-Alpes-C\u00f4te\nd'Azur,\n- les march\u00e9s de fonctionnement sup\u00e9rieurs \u00e0 40  000 euros HT financ\u00e9s sur les programmes 176,\n161, 152, 216 et 303, 362 et 363.\nEn tant que Responsable de Budget Op\u00e9rationnel de Programme (RBOP) zonal 176, d\u00e9l\u00e9gation est\ndonn\u00e9e  \u00e0  Monsieur  Olivier  MARMION  pour  recevoir  et  r\u00e9partir  les  cr\u00e9dits  vers  les  Unit\u00e9s\nOp\u00e9rationnelles, et proc\u00e9der \u00e0 des r\u00e9-allocations en cours d'exercice budg\u00e9taire.Secr\u00e9tariat g\u00e9n\u00e9ral pour l'administration du minist\u00e8re de l'int\u00e9rieur - 13-2024-07-25-00008 - Arr\u00eat\u00e9 du 25 juillet 2024 portant\nd\u00e9l\u00e9gation de signature \u00e0 Monsieur Olivier MARMION,\nsecr\u00e9taire g\u00e9n\u00e9ral de la zone de d\u00e9fense et de s\u00e9curit\u00e9 Sud aupr\u00e8s du pr\u00e9fet de la r\u00e9gion  Provence-Alpes-C\u00f4te d'Azur, pr\u00e9fet de la\nzone de d\u00e9fense et de s\u00e9curit\u00e9 Sud, pr\u00e9fet des Bouches-du-Rh\u00f4ne61\nEn tant que Responsable d'Unit\u00e9s Op\u00e9rationnelles (RUO), d\u00e9l\u00e9gation est donn\u00e9e \u00e0 Monsieur Olivier\nMARMION pour proc\u00e9der \u00e0 l'ordonnancement secondaire des recettes et des d\u00e9penses de l'\u00c9tat dans\nl'aire de comp\u00e9tence du SGAMI Sud, concernant les programmes suivants  :\n- 176 Police Nationale,\n- 216 Conduite et pilotage des politiques de l'Int\u00e9rieur,\n- 303 Immigration et asile,\n- 362 Plan de relance \u2013 \u00e9cologie.\nARTICLE 2     :\nEn application de l'article R. 122-51 du code de la s\u00e9curit\u00e9 int\u00e9rieure, d\u00e9l\u00e9gation de signature est\ndonn\u00e9e \u00e0 Monsieur Olivier MARMION, secr\u00e9taire g\u00e9n\u00e9ral de la zone de d\u00e9fense et de s\u00e9curit\u00e9 Sud, en\nce qui concerne les missions relatives \u00e0 la protection de la for\u00eat m\u00e9diterran\u00e9enne, \u00e0 l'effet de signer\ntous documents, \u00e0 l'exception des instructions g\u00e9n\u00e9rales et des d\u00e9cisions \u00e0 caract\u00e8re r\u00e9glementaire et\nde prendre toute d\u00e9cision de r\u00e9partition des cr\u00e9dits allou\u00e9s au titre du conservatoire de la for\u00eat\nm\u00e9diterran\u00e9enne (CFM). D\u00e9l\u00e9gation lui est \u00e9galement donn\u00e9e pour l'ordonnancement secondaire des\nd\u00e9penses de DFCI m\u00e9diterran\u00e9enne sur le programme 149 (centres financiers 0149-C001-A013 et\n0149-C001-DPFM) .\nPour l'exercice de ses attributions, Monsieur Olivier MARMION dispose de la d\u00e9l\u00e9gation \u00e0 la protection\nde la for\u00eat m\u00e9diterran\u00e9enne (DPFM).\nEn cas d'absence ou d'emp\u00eachement de Monsieur Olivier MARMION, la d\u00e9l\u00e9gation de signature est\ndonn\u00e9e aux charg\u00e9s de mission de la DPFM, Monsieur Philippe JOANNELLE, ing\u00e9nieur divisionnaire\nde l'agriculture et de l'environnement , Madame Ondine LE FUR,  ing\u00e9nieure de l'agriculture et de\nl'environnement, Monsieur Michel MAUFROY, lieutenant-colonel de sapeurs-pompiers professionnels\net Madame Sandrine CANAS, ing\u00e9nieure divisionnaire de l'agriculture et de l'environnement pour\nsigner  tous  documents  et  pi\u00e8ces  comptables  relevant  de  leurs  attributions,  \u00e0  l'exclusion  des\ninstructions  g\u00e9n\u00e9rales,  des  d\u00e9cisions  \u00e0  caract\u00e8re  r\u00e9glementaire  et  des  courriers  adress\u00e9s  aux\nministres, aux pr\u00e9fets et aux \u00e9lus.\nD\u00e9l\u00e9gation leur est \u00e9galement donn\u00e9e pour l'ordonnancement secondaire des d\u00e9penses de DFCI\nm\u00e9diterran\u00e9enne sur le programme 149 (centre financier 0149-C001-A013 et 0149-C001-DPFM).\nPour les demandes d'achat et de subvention, ainsi que pour les constatations de service fait dans\nChorus Formulaires, d\u00e9l\u00e9gation est donn\u00e9e  :\n-pour la saisie, \u00e0 Madame Risl\u00e8ne BELKADI, adjointe administrative principale de deuxi\u00e8me classe  ;\n-pour la saisie et la validation, \u00e0 Messieurs Philippe JOANNELLE,  Michel MAUFROY et Mesdames\nOndine LE FUR et Sandrine CANAS.\nARTICLE 3 :\nEn cas d'absence ou d'emp\u00eachement de Monsieur  Olivier MARMION, les d\u00e9l\u00e9gations qui lui sont\nconsenties \u00e0 l'article 1er pour ce qui concerne l'\u00e9tat-major interminist\u00e9riel de zone, seront exerc\u00e9es par\nl'inspecteur g\u00e9n\u00e9ral Jean-Yves NOISETTE, chef de l'\u00c9tat-major interminist\u00e9riel de la zone de d\u00e9fense\net de s\u00e9curit\u00e9 Sud.Secr\u00e9tariat g\u00e9n\u00e9ral pour l'administration du minist\u00e8re de l'int\u00e9rieur - 13-2024-07-25-00008 - Arr\u00eat\u00e9 du 25 juillet 2024 portant\nd\u00e9l\u00e9gation de signature \u00e0 Monsieur Olivier MARMION,\nsecr\u00e9taire g\u00e9n\u00e9ral de la zone de d\u00e9fense et de s\u00e9curit\u00e9 Sud aupr\u00e8s du pr\u00e9fet de la r\u00e9gion  Provence-Alpes-C\u00f4te d'Azur, pr\u00e9fet de la\nzone de d\u00e9fense et de s\u00e9curit\u00e9 Sud, pr\u00e9fet des Bouches-du-Rh\u00f4ne62\nEn cas d'absence ou d'emp\u00eachement de l'inspecteur g\u00e9n\u00e9ral Jean-Yves NOISETTE, chef de l'\u00c9tat-\nmajor interminist\u00e9riel de la zone de d\u00e9fense et de s\u00e9curit\u00e9 Sud,  la d\u00e9l\u00e9gation qui lui est conf\u00e9r\u00e9e sera\nexerc\u00e9e  par  le  Lieutenant-colonel  Christophe  RATINAUD,  adjoint  au  chef  de  l'\u00c9tat-major\ninterminist\u00e9riel de la zone de d\u00e9fense et de s\u00e9curit\u00e9 Sud.\nEn l'absence du chef d'\u00c9tat-major et de son adjoint, le chef COZ de permanence dispose de la\nd\u00e9l\u00e9gation de signature sur les sujets op\u00e9rationnels suivants et d\u00e8s lors que l'urgence de la situation\nl'impose :\n- les messages de commandement du COZ ;\n- les arr\u00eat\u00e9s de mesures de police administratives du Plan zonal de gestion de trafic  ;\n- les demandes de concours aux arm\u00e9es.\nARTICLE 4     :\nEn cas d'absence ou d'emp\u00eachement de Monsieur  Olivier MARMION, d\u00e9l\u00e9gation de signature est\ndonn\u00e9e :\nPour la gestion administrative et financi\u00e8re du Centre zonal Op\u00e9rationnel de Crise (CeZOC), et pour\nl'engagement de d\u00e9penses n'exc\u00e9dant pas 5  000 \u20ac HT, \u00e0 :\n- Madame Laetitia CONTET, attach\u00e9e principale d'administration de l'\u00c9tat, cheffe de cabinet du\nCeZOC,\n- Madame Florence ARNOLDY , attach\u00e9e d'administration de l'\u00c9tat hors-classe, cheffe de cabinet\nadjointe du CeZOC.\nPour la signature des ordres de mission des personnels affect\u00e9s \u00e0 l'\u00e9tat-major interminist\u00e9riel de la\nzone de d\u00e9fense et de s\u00e9curit\u00e9 sud, \u00e0  :\n- Monsieur l'inspecteur g\u00e9n\u00e9ral Jean-Yves NOISETTE, chef de l'\u00c9tat-major interminist\u00e9riel de la zone\nde d\u00e9fense et de s\u00e9curit\u00e9 sud,\n- Lieutenant-colonel Christophe RATINAUD, adjoint au chef de l'\u00c9tat-major interminist\u00e9riel de la zone\nde d\u00e9fense et de s\u00e9curit\u00e9 Sud.\nARTICLE 5 :\nD\u00e9l\u00e9gation de signature est donn\u00e9e \u00e0 Monsieur  Olivier MARMION, \u00e0 l'effet de signer les arr\u00eat\u00e9s,\nd\u00e9cisions, lettres et notes dans les mati\u00e8res \u00e9num\u00e9r\u00e9es ci-apr\u00e8s  :\n-gestion administrative et financi\u00e8re des personnels de la police nationale, des syst\u00e8mes d'information\net de communication, des services techniques et des ouvriers d'\u00c9tat du minist\u00e8re de l'Int\u00e9rieur, des\npersonnels administratifs affect\u00e9s en p\u00e9rim\u00e8tre police, des personnels de la police scientifique ainsi\nque des personnels plac\u00e9s dans le dispositif de r\u00e9serve op\u00e9rationnelle  ;\n-gestion administrative et financi\u00e8re des personnels civils affect\u00e9s dans les services d\u00e9concentr\u00e9s de la\ngendarmerie nationale de la zone de d\u00e9fense et de s\u00e9curit\u00e9 sud  ;\n-   gestion administrative et financi\u00e8re des personnels civils affect\u00e9s dans les services d\u00e9concentr\u00e9s du\nSGAMI Sud ;\n-pr\u00e9-liquidation de la paie des personnels du minist\u00e8re de l'Int\u00e9rieur affect\u00e9s dans le ressort territorial de\nla zone de d\u00e9fense et de s\u00e9curit\u00e9 sud  ;Secr\u00e9tariat g\u00e9n\u00e9ral pour l'administration du minist\u00e8re de l'int\u00e9rieur - 13-2024-07-25-00008 - Arr\u00eat\u00e9 du 25 juillet 2024 portant\nd\u00e9l\u00e9gation de signature \u00e0 Monsieur Olivier MARMION,\nsecr\u00e9taire g\u00e9n\u00e9ral de la zone de d\u00e9fense et de s\u00e9curit\u00e9 Sud aupr\u00e8s du pr\u00e9fet de la r\u00e9gion  Provence-Alpes-C\u00f4te d'Azur, pr\u00e9fet de la\nzone de d\u00e9fense et de s\u00e9curit\u00e9 Sud, pr\u00e9fet des Bouches-du-Rh\u00f4ne63\n-organisation  et  fonctionnement  des  commissions  administratives  paritaires  comp\u00e9tentes  pour  les\nagents relevant du corps d'encadrement et d'application, des agents sp\u00e9cialis\u00e9s de police technique et\nscientifique, des cat\u00e9gories B et C techniques, au sein de la zone de d\u00e9fense et de s\u00e9curit\u00e9 sud  ;\n-prise des sanctions du premier groupe pour les agents relevant des corps d'adjoint administratif, de\nsecr\u00e9taire administratif de l'int\u00e9rieur et de l'outre-mer et d'attach\u00e9 d'administration de l'\u00c9tat affect\u00e9s au\nSGAMI Sud et dans les services d\u00e9concentr\u00e9s de la police nationale au sein de la zone de d\u00e9fense et\nde s\u00e9curit\u00e9 sud ;\n-prise des sanctions du premier groupe pour les agents relevant des corps d'adjoint technique de\nl'int\u00e9rieur et de l'outre-mer, de contr\u00f4leur des services techniques, d'ing\u00e9nieur des services techniques,\nd'agent SIC, de technicien SIC et d'ing\u00e9nieur SIC, affect\u00e9s au SGAMI Sud et dans les services\nd\u00e9concentr\u00e9s de la police nationale au sein de la zone de d\u00e9fense et de s\u00e9curit\u00e9 sud  ;\n-prise des sanctions du premier groupe pour le corps des adjoints techniques de l'int\u00e9rieur et de l'outre-\nmer pour les agents affect\u00e9s dans les services du SGAMI  Sud ;\n-prise de sanctions du premier groupe pour les policiers adjoints affect\u00e9s au sein de la zone de d\u00e9fense\net de s\u00e9curit\u00e9 sud \u00e0 l'exclusion du d\u00e9partement des Bouches du Rh\u00f4ne  ;\n-organisation  et  fonctionnement  des  commissions  consultatives  paritaires  si\u00e9geant  en  conseil  de\ndiscipline comp\u00e9tentes pour les contractuels recrut\u00e9s au niveau zonal en tant que policiers adjoints et\ncadets de la R\u00e9publique  ;\n-organisation des dialogues sociaux d'avancement des ouvriers d'\u00c9tat  ;\n-gestion administrative, financi\u00e8re, du fonctionnement et du mat\u00e9riel du BOP n\u00b07 du programme 176, de\nl'Unit\u00e9 Op\u00e9rationnelle (UO) 0216-CSGA-DSUD et de l'UO 0176-CCSC-DM13  ;\n-recrutement et formation des personnels actifs de police, des personnels techniques, scientifiques et\ncontractuels du minist\u00e8re de l'Int\u00e9rieur dont notamment les policiers adjoints et les cadets de la\nR\u00e9publique ;\n-repr\u00e9sentation de l'\u00c9tat en mati\u00e8re contentieuse devant les juridictions administratives  ;\n-protection juridique des personnels de la police nationale et r\u00e9paration des pr\u00e9judices caus\u00e9s \u00e0 ses\nagents lors de leurs missions ou du fait de leur qualit\u00e9  ;\n-r\u00e9paration des dommages accidentels impliquant des v\u00e9hicules de l'administration ou r\u00e9sultant d'un\naccident de service et recouvrement des d\u00e9bours de l'\u00c9tat r\u00e9sultant d'accidents ou d'actes volontaires  ;\n-institution, modification ou fermeture des r\u00e9gies d'avances et de recettes pour les services relevant du\nSGAMI de la zone de d\u00e9fense et de s\u00e9curit\u00e9 sud ainsi que la nomination et la cessation de fonction\ndes r\u00e9gisseurs, des mandataires suppl\u00e9ants et des mandataires  ;\n-pr\u00e9paration et conduite d'op\u00e9rations immobili\u00e8res de la police nationale et de la gendarmerie nationale\net, \u00e0 la demande des pr\u00e9fets de d\u00e9partement de la zone de d\u00e9fense et de s\u00e9curit\u00e9 sud, la gestion des\nop\u00e9rations immobili\u00e8res des autres services du minist\u00e8re de l'Int\u00e9rieur  ;\n-en tant que repr\u00e9sentant du pouvoir adjudicateur les actes relatifs \u00e0 la commande publique pass\u00e9s\npour les besoins logistiques, techniques et immobiliers de fonctionnement et d'investissement de la\nzone de d\u00e9fense et de s\u00e9curit\u00e9 sud  ;\n-en mati\u00e8re financi\u00e8re et comptable  : les protocoles transactionnels, les mandats et ordres de paiement,\nles bordereaux d'\u00e9mission, les titres de recettes, les ordres de reversement et pi\u00e8ces comptables de\ntous ordres, les formules rendant ex\u00e9cutoires les titres de perception \u00e9mis pour le recouvrement des\ncr\u00e9ances de l'\u00c9tat, \u00e9trang\u00e8res \u00e0 l'imp\u00f4t et aux domaines, entrant normalement dans les attributions duSecr\u00e9tariat g\u00e9n\u00e9ral pour l'administration du minist\u00e8re de l'int\u00e9rieur - 13-2024-07-25-00008 - Arr\u00eat\u00e9 du 25 juillet 2024 portant\nd\u00e9l\u00e9gation de signature \u00e0 Monsieur Olivier MARMION,\nsecr\u00e9taire g\u00e9n\u00e9ral de la zone de d\u00e9fense et de s\u00e9curit\u00e9 Sud aupr\u00e8s du pr\u00e9fet de la r\u00e9gion  Provence-Alpes-C\u00f4te d'Azur, pr\u00e9fet de la\nzone de d\u00e9fense et de s\u00e9curit\u00e9 Sud, pr\u00e9fet des Bouches-du-Rh\u00f4ne64\nsecr\u00e9tariat g\u00e9n\u00e9ral pour l'administration du minist\u00e8re de l'Int\u00e9rieur. Sont exclues de la d\u00e9l\u00e9gation, la\nr\u00e9quisition du comptable et la possibilit\u00e9 de passer outre le visa du contr\u00f4leur financier r\u00e9gional  ;\n-les arr\u00eat\u00e9s, les d\u00e9cisions, les pi\u00e8ces comptables (contrats, bons de commande) et actes relevant des\nattributions de la direction des syst\u00e8mes d'information et de communication, \u00e0 l'exception des rapports\naux ministres.\nARTICLE 6     :  \nD\u00e9l\u00e9gation  est  donn\u00e9e  \u00e0  Monsieur  David  PREUD'HOMME,  secr\u00e9taire  g\u00e9n\u00e9ral  adjoint  pour\nl'administration du minist\u00e8re de l'Int\u00e9rieur de la zone de d\u00e9fense et de s\u00e9curit\u00e9 sud, \u00e0 l'effet de signer\nles actes relatifs \u00e0 la commande publique dans la limite de 500  000 \u20ac HT.\nEn  cas  d'absence  ou  d'emp\u00eachement  de  Monsieur  Olivier  MARMION , la  d\u00e9l\u00e9gation  qui  lui  est\nconsentie \u00e0 l'article 5 et aux paragraphes deux et trois de l'article 1 sera exerc\u00e9e par Monsieur David\nPREUD'HOMME, secr\u00e9taire g\u00e9n\u00e9ral adjoint pour l'administration du minist\u00e8re de l'Int\u00e9rieur de la zone\nde d\u00e9fense et de s\u00e9curit\u00e9 sud, sauf pour l'\u00e9l\u00e9vation des conflits aupr\u00e8s du tribunal des conflits et pour\nles actes relatifs \u00e0 la commande publique pour lesquels la limite de 500  000 \u20ac HT pr\u00e9c\u00e9demment\nconsentie reste d'application.\nARTICLE 7 :\nEn cas d'absence ou d'emp\u00eachement de Monsieur David PREUD'HOMME, d\u00e9l\u00e9gation de signature\nest donn\u00e9e, pour tous arr\u00eat\u00e9s, d\u00e9cisions, lettres et notes \u00e9tablis par la direction des ressources\nhumaines  \u00e0  Madame  Fran\u00e7oise  SIVY,  conseiller  d'administration  de  l'int\u00e9rieur  et  de  l'outre-mer,\ndirectrice des ressources humaines.\nEn cas d'absence ou d'emp\u00eachement de Madame Fran\u00e7oise SIVY la d\u00e9l\u00e9gation qui lui est consentie\npourra \u00eatre exerc\u00e9e par Madame Nadia SECCHI, conseiller d'administration de l'int\u00e9rieur et de l'outre-\nmer, adjointe \u00e0 la directrice des ressources humaines.\nPar ailleurs, en cas d'absence ou d'emp\u00eachement de Madame Fran\u00e7oise SIVY, la d\u00e9l\u00e9gation qui lui est\nconsentie pourra \u00e9galement \u00eatre exerc\u00e9e, dans la limite de leurs attributions respectives (actes et\nd\u00e9cisions  courantes  relevant  de  la  gestion  financi\u00e8re  et  administrative  de  leurs  bureaux,\ncorrespondances courantes) par  :\n- Madame Nadia SECCHI, conseill\u00e8re d'administration de l'int\u00e9rieur et de l'outre-mer, adjointe \u00e0 la\ndirectrice des ressources humaines  ;\n-  Monsieur  Michel  BOURELLY,  attach\u00e9  principal  d'administration  de  l'\u00c9tat,  chef  du  bureau  des\npersonnels actifs ;\n- Madame Fabienne ROUC AIROL, attach\u00e9e principale d'administration de l'\u00c9tat, adjointe au chef du\nbureau des personnels actifs  ;\n- Monsieur Olivier COTE, attach\u00e9 d'administration de l'\u00c9tat, chef du bureau du recrutement  ;\n- Madame Zahra BETRAOUI, attach\u00e9e d'administration de l'\u00c9tat, adjointe au chef du recrutement de\nl'\u00c9tat ;\n- Madame Sandrine GUINTI, attach\u00e9e principale d'administration de l'\u00c9tat, cheffe du p\u00f4le d'expertise et\nde services ;\n-  Madame  Camille  CHEVALLIER,  attach\u00e9e  d'administration  de  l'\u00c9tat,  adjointe  au  chef  du  p\u00f4le\nd'expertise et de services  ;\n-  Madame  Marie-C\u00e9line  TRISTANI,  attach\u00e9e  d'administration  de  l'\u00c9tat,  adjointe  au  chef  du  p\u00f4le\nd'expertise et de services  ;Secr\u00e9tariat g\u00e9n\u00e9ral pour l'administration du minist\u00e8re de l'int\u00e9rieur - 13-2024-07-25-00008 - Arr\u00eat\u00e9 du 25 juillet 2024 portant\nd\u00e9l\u00e9gation de signature \u00e0 Monsieur Olivier MARMION,\nsecr\u00e9taire g\u00e9n\u00e9ral de la zone de d\u00e9fense et de s\u00e9curit\u00e9 Sud aupr\u00e8s du pr\u00e9fet de la r\u00e9gion  Provence-Alpes-C\u00f4te d'Azur, pr\u00e9fet de la\nzone de d\u00e9fense et de s\u00e9curit\u00e9 Sud, pr\u00e9fet des Bouches-du-Rh\u00f4ne65\n- Madame Catherine LAPARDULA, attach\u00e9e principale d'administration de l'\u00c9tat, cheffe du bureau des\npersonnels administratifs, techniques et scientifiques  ;\n-  Madame  Fanny  ARTERO attach\u00e9e  d'administration  de  l'\u00c9tat,  adjointe  au  chef  du  bureau  des\npersonnels administratifs, techniques et scientifiques  ;\n-  Madame  Marie-H\u00e9l\u00e8ne  BOURDIER,  attach\u00e9e  d'administration  de  l'\u00c9tat,  cheffe  du  bureau  des\nressources humaines SGAMI  ;\n- Madame Isabelle FAU, attach\u00e9e principale d'administration de l'\u00c9tat, cheffe du bureau des affaires\nm\u00e9dicales et sociales  ;\n- Monsieur Jean-Laurent GASPARD, attach\u00e9 d'administration de l'\u00c9tat, adjoint  au chef du bureau des\naffaires m\u00e9dicales et sociales  ;\n- Madame Catherine ALBERGNE, attach\u00e9e d'administration de l'\u00c9tat, cheffe du p\u00f4le administratif du\nservice m\u00e9dical statutaire  ; \n- Madame Catherine FEUILLERAT, attach\u00e9e principale d'administration de l'\u00c9tat, cheffe du bureau des\naffaires sociales \u00e0 la d\u00e9l\u00e9gation territoriale de Toulouse  ;\n-  Madame  Natalie  VILALTA,  attach\u00e9e  principale  d'administration  de  l'\u00c9tat,  cheffe  du  bureau  des\npersonnels et du recrutement \u00e0 la d\u00e9l\u00e9gation territoriale de Toulouse  ;\n- Monsieur Cyril FURLAN, secr\u00e9taire administratif de classe normale, chef de section et adjoint au chef\ndu bureau des personnels actifs et du recrutement \u00e0 la d\u00e9l\u00e9gation territoriale de Toulouse  ;\n- Madame Marie-Laurence MAXIMIN, secr\u00e9taire administrative de classe sup\u00e9rieure, cheffe de section\net adjointe au chef du bureau des personnels actifs et du recrutement \u00e0 la d\u00e9l\u00e9gation territoriale de\nToulouse ;\n- Madame Isabelle PEREZ, secr\u00e9taire administrative de classe  exceptionnelle, adjointe au chef du\nbureau des affaires sociales \u00e0 la d\u00e9l\u00e9gation territoriale de Toulouse.\nARTICLE 8\nD\u00e9l\u00e9gation est donn\u00e9e \u00e0 Monsieur S\u00e9bastien TRUET, attach\u00e9 hors classe, conseiller d'administration\nde l'int\u00e9rieur et de l'outre-mer, directeur de l'administration g\u00e9n\u00e9rale et des finances \u00e0 l'effet de signer\nles actes relatifs \u00e0 la commande publique dans la limite de 250  000 \u20ac HT.\nEn cas d'absence ou d'emp\u00eachement de Monsieur S\u00e9bastien TRUET, attach\u00e9 hors classe, conseiller\nd'administration de l'int\u00e9rieur et de l'outre-mer, directeur de l'administration g\u00e9n\u00e9rale et des finances\nd\u00e9l\u00e9gation de signature est donn\u00e9e \u00e0 Monsieur Fr\u00e9d\u00e9ric BAILHE, attach\u00e9 hors classe d'administration\nde l'\u00c9tat, directeur adjoint de l'administration g\u00e9n\u00e9rale et des finances, pour signer les actes relatifs \u00e0\nla commande publique dans la limite de 250  000 \u20ac HT.\nD\u00e9l\u00e9gation est donn\u00e9e \u00e0 l'effet de signer les actes relatifs \u00e0 la commande publique et dans la limite de\n40 000 \u20ac HT \u00e0 :\n-  Madame Delphine HAUPTMANN, attach\u00e9e principale d'administration de l'\u00c9tat, directrice de projet\nCertification ISO 9001  ;\n- Monsieur Jean-Pierre CARL\u0116, attach\u00e9 hors classe d'administration de l'\u00c9tat, chef du bureau du\nbudget ;\n- Monsieur Laurent LUCZAK, attach\u00e9 d'administration de l'\u00c9tat, adjoint au chef du bureau du budget  ;\n- Monsieur David CURATOLO, capitaine OCTAGN, chef du p\u00f4le programmes 216 et 303, Bureau du\nBudget ;\n- Madame Sylvie BERNARDINI, attach\u00e9e principale d'administration de l'\u00c9tat, cheffe du Centre de\nServices Partag\u00e9s  ;Secr\u00e9tariat g\u00e9n\u00e9ral pour l'administration du minist\u00e8re de l'int\u00e9rieur - 13-2024-07-25-00008 - Arr\u00eat\u00e9 du 25 juillet 2024 portant\nd\u00e9l\u00e9gation de signature \u00e0 Monsieur Olivier MARMION,\nsecr\u00e9taire g\u00e9n\u00e9ral de la zone de d\u00e9fense et de s\u00e9curit\u00e9 Sud aupr\u00e8s du pr\u00e9fet de la r\u00e9gion  Provence-Alpes-C\u00f4te d'Azur, pr\u00e9fet de la\nzone de d\u00e9fense et de s\u00e9curit\u00e9 Sud, pr\u00e9fet des Bouches-du-Rh\u00f4ne66\n- Madame Jeanine MAWIT,  attach\u00e9e d'administration de l'\u00c9tat, adjointe \u00e0 la cheffe du Centre de\nServices Partag\u00e9s ;\n- Madame C\u00e9line CAPPELLO, attach\u00e9e d'administration de l'\u00c9tat, chef du bureau d'appui au pilotage\n- Madame Myriam SCHMISSER, attach\u00e9e d'administration de l'\u00c9tat, adjointe \u00e0 la cheffe du bureau de\nl'appui au pilotage ;\n- Madame Katy GILLET, secr\u00e9taire administrative de classe normale, adjointe \u00e0 la cheffe du bureau de\nl'appui au pilotage et conseill\u00e8re charg\u00e9e de la r\u00e9forme de la police nationale  ;\n- Monsieur Cyrille CAMUGLI, attach\u00e9 principal d'administration de l'\u00c9tat, chef du bureau du contentieux\net du conseil juridique  ;\n- Madame H\u00e9l\u00e8ne MARTINEZ, attach\u00e9e principale d'administration, adjointe au chef du bureau du\ncontentieux et du conseil juridique, cheffe du p\u00f4le protection juridique, indemnisation et recouvrement  ;\n- Mme Sania BOUSOUKA, attach\u00e9e principale d'administration de l'\u00c9tat, cheffe du bureau de la\ncommande publique et des achats  ;\n- Mme Zahia NASR, attach\u00e9e d'administration de l'\u00c9tat, adjointe \u00e0 la cheffe du bureau de la commande\npublique et des achats, cheffe du p\u00f4le politique et performance des achats  ;\n-  Monsieur Paul JOUHANNEAU, attach\u00e9 d'administration de l'\u00c9tat, chef du p\u00f4le \u00e9laboration et suivi\ndes proc\u00e9dures de march\u00e9s publics.\nEn cas d'absence ou d'emp\u00eachement de Monsieur David PREUD'HOMME, d\u00e9l\u00e9gation de signature\nest donn\u00e9e \u00e0 Monsieur S\u00e9bastien TRUET, attach\u00e9 hors classe, conseiller d'administration de l'int\u00e9rieur\net de l'outre-mer, directeur de l'administration g\u00e9n\u00e9rale et des finances pour  :\n-les documents financiers et administratifs \u00e9tablis par la direction de l'administration g\u00e9n\u00e9rale et des\nfinances, ainsi que l es arr\u00eat\u00e9s de concessions de logement au profit des personnels relevant de la\ndirection g\u00e9n\u00e9rale de la police nationale et les actes de location pass\u00e9s pour les besoins des services\nde police relevant de son p\u00e9rim\u00e8tre (dans la limite de 250  000 \u20ac),\n-  la repr\u00e9sentation de l'\u00c9tat en mati\u00e8re contentieuse devant les juridictions administratives,\n-  la protection juridique des personnels de la police nationale et r\u00e9paration des pr\u00e9judices caus\u00e9s \u00e0 ses\nagents lors de leurs missions ou du fait de leur qualit\u00e9,\n-  la r\u00e9paration des dommages accidentels subis par les personnels et le recouvrement des d\u00e9bours de\nl'\u00c9tat r\u00e9sultant d'accidents ou d'actes volontaires.\nEn cas d'absence ou d'emp\u00eachement de Monsieur S\u00e9bastien TRUET, attach\u00e9 hors classe, conseiller\nd'administration de l'int\u00e9rieur et de l'outre-mer, directeur de l'administration g\u00e9n\u00e9rale et des finances, la\nd\u00e9l\u00e9gation qui lui est consentie pourra \u00eatre exerc\u00e9e, dans la limite de leurs attributions respectives,\npar :\n-  Monsieur  Fr\u00e9d\u00e9ric  BAILHE,  attach\u00e9  hors  classe  d'administration  de  l'\u00c9tat,  directeur  adjoint  de\nl'administration g\u00e9n\u00e9rale et des finances  ;\n-  Madame  C\u00e9line  CAPPELLO,  attach\u00e9e  d'administration  de  l'\u00c9tat,  chef  du  bureau  de  l'appui  au\npilotage;\n- Madame Myriam SCHMISSER, attach\u00e9e d'administration de l'\u00c9tat, adjointe \u00e0 la cheffe du bureau de\nl'appui au pilotage ;\n- Madame Katy GILLET, secr\u00e9taire administrative de classe normale, adjointe \u00e0 la cheffe du bureau de\nl'appui au pilotage et conseill\u00e8re charg\u00e9e de la r\u00e9forme de la police nationale  ;\n- Monsieur Jean-Pierre CARL\u0116, attach\u00e9 hors classe d'administration de l'\u00c9tat, chef du bureau du\nbudget ;\n- Monsieur Laurent LUCZAK, attach\u00e9 d'administration de l'\u00c9tat, adjoint au chef du bureau du budget  ;\n- Monsieur David CURATOLO, capitaine OCTAGN, chef du p\u00f4le programmes 216 et 303, Bureau du\nBudget ;\n- Madame Sylvie BERNARDINI, attach\u00e9e principale d'administration de l'\u00c9tat, cheffe du centre deSecr\u00e9tariat g\u00e9n\u00e9ral pour l'administration du minist\u00e8re de l'int\u00e9rieur - 13-2024-07-25-00008 - Arr\u00eat\u00e9 du 25 juillet 2024 portant\nd\u00e9l\u00e9gation de signature \u00e0 Monsieur Olivier MARMION,\nsecr\u00e9taire g\u00e9n\u00e9ral de la zone de d\u00e9fense et de s\u00e9curit\u00e9 Sud aupr\u00e8s du pr\u00e9fet de la r\u00e9gion  Provence-Alpes-C\u00f4te d'Azur, pr\u00e9fet de la\nzone de d\u00e9fense et de s\u00e9curit\u00e9 Sud, pr\u00e9fet des Bouches-du-Rh\u00f4ne67\nServices Partag\u00e9s ;\n- Madame Jeanine MAWIT , attach\u00e9e d'administration de l'\u00c9tat, adjointe \u00e0 la cheffe du centre de\nServices Partag\u00e9s ;\n- Monsieur Aur\u00e9lien WAECHTER, attach\u00e9 principal, chef du bureau des d\u00e9penses courantes (centre\nde services partag\u00e9s)  ;\n-  Madame  BUADES  Emilie,  attach\u00e9e  principal,  1ere  adjointe  au  chef  du  bureau  des  d\u00e9penses\ncourantes ; \n- Monsieur Eric MECENERO, major, 2\u1d48 adjoint au chef du bureau des d\u00e9penses courantes  ;\n- Monsieur Mickael TALLARICO, attach\u00e9 d'administration de l'\u00c9tat, chef du bureau de la performance\nfinanci\u00e8re  ;\n-  Madame  Muriel  MOSCATELLI ,  attach\u00e9e  d'administration  de  l'\u00c9tat,  cheffe  du  bureau  d\u00e9penses\nm\u00e9tiers et recettes non fiscales  ;\n- Monsieur Cyrille CAMUGLI, attach\u00e9 principal d'administration de l'\u00c9tat, chef du bureau du contentieux\net du conseil juridique  ;\n- Madame H\u00e9l\u00e8ne MARTINEZ, attach\u00e9e principale d'administration, adjointe au chef du bureau du\ncontentieux et du conseil juridique, cheffe du p\u00f4le protection juridique, indemnisation et recouvrement  ;\n-  Madame  Louisa  ABASSI,  attach\u00e9e  d'administration,  cheffe  du  p\u00f4le  contentieux  administratif  et\nconseil juridique ;\n- Madame L\u00e6titia BEDNARZ, secr\u00e9taire administrative de classe exceptionnelle, cheffe de la section\nindemnisation et recouvrement  ;\n-  Madame  Anne  BERNARD,  secr\u00e9taire  administrative  de  classe  normale,  cheffe  de  la  section\nprotection juridique  ;\n- Mme Sania BOUSOUKA, attach\u00e9e principale d'administration de l'\u00c9tat, cheffe du bureau de la\ncommande publique et des achats  ;\n- Mme Zahia NASR, attach\u00e9e d'administration de l'\u00c9tat, adjointe \u00e0 la cheffe du bureau  la commande\npublique et des achats, cheffe du p\u00f4le politique et performance des achats  ;\n- Monsieur Paul JOUHANNEAU, attach\u00e9 d'administration de l'\u00c9tat, chef du p\u00f4le \u00e9laboration et suivi\ndes proc\u00e9dures de march\u00e9s publics.\nPar  ailleurs,  d\u00e9l\u00e9gation  de  signature  est  donn\u00e9e  aux  fins  de  signer  les  bons  de  transport  et\nd'h\u00e9bergement aux personnes suivantes  : Monsieur S\u00e9bastien TRUET, Monsieur Fr\u00e9d\u00e9ric BAILHE  ,\nMonsieur  Jean-Pierre  CARLE,  Monsieur  Laurent  LUCZAK,  Madame  C\u00e9cile  HAMOUDI,  Madame\nC\u00e9cile FLORES, Madame Justine BIET, Madame M\u00e9lanie GAMELL, Mme Liliane BROTO.  \nARTICLE 9 :\nDans le cadre de l'ex\u00e9cution du programme 216, d \u00e9l\u00e9gation de signature est donn\u00e9e aux gestionnaires\nbudg\u00e9taires  de  l'UO  SGAMI  Sud  et  des  centres  de  co\u00fbts  qui  la  composent  selon  les  groupes\nutilisateurs joints en annexe 1, afin de saisir les demandes d'achat dans Chorus Formulaires, de les\nvalider le cas \u00e9ch\u00e9ant et de constater le service fait.\nAutorisation est donn\u00e9e aux agents de l'UO SGAMI Sud d\u00e9tenteurs d'une carte achat de niveau 1\net/ou de niveau 3 \u00e0 effectuer des commandes et \u00e0 attester du service fait, en respectant le plafond par\nachat qui lui est allou\u00e9, et selon la liste jointe en annexe 2.Secr\u00e9tariat g\u00e9n\u00e9ral pour l'administration du minist\u00e8re de l'int\u00e9rieur - 13-2024-07-25-00008 - Arr\u00eat\u00e9 du 25 juillet 2024 portant\nd\u00e9l\u00e9gation de signature \u00e0 Monsieur Olivier MARMION,\nsecr\u00e9taire g\u00e9n\u00e9ral de la zone de d\u00e9fense et de s\u00e9curit\u00e9 Sud aupr\u00e8s du pr\u00e9fet de la r\u00e9gion  Provence-Alpes-C\u00f4te d'Azur, pr\u00e9fet de la\nzone de d\u00e9fense et de s\u00e9curit\u00e9 Sud, pr\u00e9fet des Bouches-du-Rh\u00f4ne68\nLe d\u00e9tenteur de la carte achat de niveau 1 n'est pas autoris\u00e9 \u00e0  :\n\uf0b7r\u00e9aliser des achats aupr\u00e8s de fournisseurs titulaires de march\u00e9s publics en dehors des fournitures\nnon pr\u00e9vues dans ces march\u00e9s  ;\n\uf0b7d\u00e9roger \u00e0 la r\u00e8gle des march\u00e9s publics, en achetant des fournitures ou services faisant l'objet d'un\nmarch\u00e9 \u00e0 un fournisseur autre que le titulaire du march\u00e9 (achat de fournitures de bureau en\ngrande surface ou sur des sites commerciaux).\nARTICLE 10     :  \nEn cas d'absence ou d'emp\u00eachement de Monsieur David PREUD'HOMME, d\u00e9l\u00e9gation de signature\nest donn\u00e9e \u00e0 Monsieur Eric TAISNE, ing\u00e9nieur chef des services techniques, directeur de l'immobilier,\net en cas d'absence ou d'emp\u00eachement de ce dernier \u00e0 Monsieur Gil ZANARDI, ing\u00e9nieur chef des\nservices techniques , directeur adjoint de l'immobilier pour  :\n- les documents administratifs et financiers \u00e9tablis par la direction de l'immobilier et notamment  les\narr\u00eat\u00e9s de concessions de logement au profit des personnels relevant de la direction g\u00e9n\u00e9rale de la\npolice nationale et les actes de location pass\u00e9s pour les besoins des services de police  ;\n    - la passation et l'ex\u00e9cution des march\u00e9s publics immobiliers d'un montant inf\u00e9rieur \u00e0 100  000 euros\nHT et les avenants y aff\u00e9rents  ;\nEn cas d'absence ou d'emp\u00eachement simultan\u00e9s de Monsieur Eric TAISNE, directeur de l'immobilier,\nde Monsieur Gil ZANARDI, directeur adjoint de l'immobilier, la d\u00e9l\u00e9gation qui leur est consentie sera\nexerc\u00e9e par Monsieur Fr\u00e9d\u00e9ric MAGNEN, ing\u00e9nieur des services techniques, charg\u00e9 du pilotage\ntechnique transversal \u00e0 la direction de l'immobilier concernant :\n- la signature des actes relatifs \u00e0 l'ex\u00e9cution des march\u00e9s publics immobiliers lorsque ceux-ci ne\nmodifient pas les co\u00fbts pr\u00e9vus dans les pi\u00e8ces contractuelles  : ordres de service de d\u00e9marrage des\ntravaux, d\u00e9cisions de validation de phase de ma\u00eetrise d'\u0153uvre, avenants ou d\u00e9cisions modificatives\nsans  modification  de  co\u00fbts,  proc\u00e8s-verbaux  de  r\u00e9ception,  proc\u00e8s-verbaux  de  lev\u00e9e  de  r\u00e9serve,\nd\u00e9comptes g\u00e9n\u00e9raux d\u00e9finitifs (DGD), exemplaires uniques d\u00e9livr\u00e9s aux entreprises pour cessions de\ncr\u00e9ances ou demandes de nantissement, agr\u00e9ments de sous-traitants.\nEn cas d'absence ou d'emp\u00eachement simultan\u00e9s de Monsieur Eric TAISNE, directeur de l'immobilier,\nde Monsieur Gil ZANARDI, directeur adjoint de l'immobilier, la d\u00e9l\u00e9gation qui leur est consentie sera\nexerc\u00e9e, dans la limite de leurs attributions respectives et uniquement pour les march\u00e9s publics\nimmobiliers d'un montant inf\u00e9rieur \u00e0 40  000 euros HT par :\n-  Monsieur  Fr\u00e9d\u00e9ric  MAGNEN,  ing\u00e9nieur  des  services  techniques,  charg\u00e9  du  pilotage  technique\ntransversal \u00e0 la direction de l'immobilier,\n-  Monsieur Didier TRAVERSA, ing\u00e9nieur principal des services techniques, chef du bureau r\u00e9gional\ndes affaires immobili\u00e8res PACA-CORSE,\n- Monsieur Zaher KHERBACHE, ing\u00e9nieur des services techniques, chef adjoint du bureau r\u00e9gional\ndes affaires immobili\u00e8res PACA-CORSE,\n- Monsieur Alain FERR\u00c9, ing\u00e9nieur principal des services techniques, chef du bureau r\u00e9gional des\naffaires immobili\u00e8res OCCITANIE,\n- Monsieur Jean-Luc VIRET, ing\u00e9nieur des services techniques, chef adjoint du bureau r\u00e9gional des\naffaires immobili\u00e8res Occitanie.Secr\u00e9tariat g\u00e9n\u00e9ral pour l'administration du minist\u00e8re de l'int\u00e9rieur - 13-2024-07-25-00008 - Arr\u00eat\u00e9 du 25 juillet 2024 portant\nd\u00e9l\u00e9gation de signature \u00e0 Monsieur Olivier MARMION,\nsecr\u00e9taire g\u00e9n\u00e9ral de la zone de d\u00e9fense et de s\u00e9curit\u00e9 Sud aupr\u00e8s du pr\u00e9fet de la r\u00e9gion  Provence-Alpes-C\u00f4te d'Azur, pr\u00e9fet de la\nzone de d\u00e9fense et de s\u00e9curit\u00e9 Sud, pr\u00e9fet des Bouches-du-Rh\u00f4ne69\nEn cas d'absence ou d'emp\u00eachement simultan\u00e9 de Monsieur Eric TAISNE, directeur de l'immobilier,\nde Monsieur Gil ZANARDI, directeur adjoint de l'immobilier, la d\u00e9l\u00e9gation qui leur est consentie sera\nexerc\u00e9e par Madame Linda SAURIN (d\u00e9part au 01/09/24) , attach\u00e9e d'administration, cheffe du bureau\nzonal des affaires g\u00e9n\u00e9rales pour les domaines relevant de son activit\u00e9 au sein de la direction de\nl'immobilier :\n-les certificats administratifs n\u00e9cessaires pour le traitement de l'ex\u00e9cution financi\u00e8res des march\u00e9s,\n-les  exemplaires  uniques  d\u00e9livr\u00e9s  aux  entreprises  pour  cessions  de  cr\u00e9ances  ou  demandes  de\nnantissement,\n-les autorisations d'absences pour les agents plac\u00e9s sous son autorit\u00e9,\n-les agr\u00e9ments des sous-traitants et les avenants sans incidence financi\u00e8re,\n-les d\u00e9comptes g\u00e9n\u00e9raux d\u00e9finitifs (DGD).\nEn cas d'absence ou d'emp\u00eachement de Mme Linda SAURIN, la d\u00e9l\u00e9gation qui lui est conf\u00e9r\u00e9e, sera\nexerc\u00e9e par Monsieur Eric VICARI, chef adjoint du bureau zonal des affaires g\u00e9n\u00e9rales. En cas\nd'absence  ou  d'emp\u00eachement  simultan\u00e9s  de  Mme  Linda  SAURIN  et  Monsieur  Eric  VICARI,  la\nd\u00e9l\u00e9gation qui leur est consentie sera exerc\u00e9e par Madame Bernadette SCHMERBER, cheffe de p\u00f4le\nfinancier zonal.\nARTICLE 11 :\nEn cas d'absence ou d'emp\u00eachement de Monsieur David PREUD'HOMME, d\u00e9l\u00e9gation de signature\nest donn\u00e9e, pour les documents administratifs et financiers \u00e9tablis par la direction de l'\u00e9quipement et\nde la logistique et les march\u00e9s d'\u00e9quipement et de logistique d'un montant inf\u00e9rieur \u00e0 40  000 euros HT\net les avenants y aff\u00e9rents, \u00e0 la Colonelle Rachel PREVOT, directrice de l'\u00e9quipement et de la\nlogistique et \u00e0 Monsieur Didier BOREL, chef des services techniques , directeur adjoint de l'\u00e9quipement\net de la logistique.\nEn cas d'absence ou d'emp\u00eachement de la Colonelle Rachel PREVOT ou de Monsieur Didier BOREL,\nla d\u00e9l\u00e9gation sera exerc\u00e9e, dans la limite de leurs attributions respectives et uniquement pour les\nmarch\u00e9s d'\u00e9quipement et de logistique inf\u00e9rieurs \u00e0 15  000 euros HT, par :\n-Monsieur Christophe LATTARD, attach\u00e9 d'administration de l' \u00c9tat, chef du bureau administration\nfinances ;\n- Monsieur Thomas LAMADON (\u00e0 compter du 01/08/2024) , ing\u00e9nieur des services techniques, chef\ndu  bureau  zonal  des  moyens  mobiles  et  \u00e0  Monsieur  Nicolas  CHARFE,  ing\u00e9nieur  des  services\ntechniques, adjoint du chef du bureau zonal des moyens mobiles  ;\n-Monsieur Philippe MICHAUX, ing\u00e9nieur hors classe des services techniques, chef du bureau zonal\nde l'armement, des munitions et des \u00e9quipements  ;\n-Monsieur  Bruno  LAFAGE,  attach\u00e9  principal  d'administration  de  l'\u00c9tat,  chef  du  bureau  de\nl'armement, des munitions et des \u00e9quipements sur le site de la direction de l'\u00e9quipement et de la\nlogistique \u00e0 Colomiers  ;\n- Monsieur Thierry VERZENI, ing\u00e9nieur principal des services techniques, chef de l'antenne logistique\nde Montpellier et chef du service local automobile 34.\nEn cas d'absence ou d'emp\u00eachement de la Colonelle Rachel PREVOT, de Monsieur Didier BOREL, de\nMonsieur Thomas LAMADON, la d\u00e9l\u00e9gation de signature qui leur est consentie sera exerc\u00e9e, dans le\ncadre exclusif des commandes relatives \u00e0 leurs attributions respectives et dans la limite de 3  000 \u20ac\nHT :\n- pour le site de la direction de l'\u00e9quipement et de la logistique \u00e0 Marseille (13) par Monsieur Pascal\nCOLLIGNON, Monsieur Anthony DELBECQ, Madame Genevi\u00e8ve COLLIGNON, Monsieur Vanaraj\nLONGUETEAU, Monsieur Anthony BONIFAY et le major Olivier ROGE  ;Secr\u00e9tariat g\u00e9n\u00e9ral pour l'administration du minist\u00e8re de l'int\u00e9rieur - 13-2024-07-25-00008 - Arr\u00eat\u00e9 du 25 juillet 2024 portant\nd\u00e9l\u00e9gation de signature \u00e0 Monsieur Olivier MARMION,\nsecr\u00e9taire g\u00e9n\u00e9ral de la zone de d\u00e9fense et de s\u00e9curit\u00e9 Sud aupr\u00e8s du pr\u00e9fet de la r\u00e9gion  Provence-Alpes-C\u00f4te d'Azur, pr\u00e9fet de la\nzone de d\u00e9fense et de s\u00e9curit\u00e9 Sud, pr\u00e9fet des Bouches-du-Rh\u00f4ne70\n- pour le site de la direction de l'\u00e9quipement et de la logistique \u00e0 Montpellier (34),par Monsieur Vincent\nPASCUITO,  Monsieur  \u00c9ric  PIERRE,  l'Adjudant  chef  Arnaud  STERCQZ  et  Monsieur  Carlos\nLOURENCO ;\n- pour le site de la direction de l'\u00e9quipement et de la logistique \u00e0 Perpignan (66), par Monsieur Jean-\nLuc  DESBORDES,  l'Adjudant-chef  Eric  MAXIME,  l'Adjudant-chef Franck  DEBIEN,  Monsieur\nEmmanuel GUYET  ;\n- pour le site de la direction de l'\u00e9quipement et de la logistique \u00e0 Nice (06), par Monsieur Raymond\nMONTALBANO, Monsieur Gr\u00e9gory GRAL, le major Emmanuel GUIBAL et Monsieur Julien LEMESLE\n(\u00e0 compter du 15/09/2024)  ;\n- pour le site de la direction de l'\u00e9quipement et de la logistique \u00e0 Ajaccio (2A), par Monsieur Pascal\nDREANO, Monsieur Eric VACCA, Monsieur Jacques PERINI, Monsieur Fr\u00e9d\u00e9ric POLI  ;\n- pour le site de la direction de l'\u00e9quipement et de la logistique \u00e0 Furiani (2B), par Monsieur Pascal\nDREANO, Monsieur S\u00e9bastien MARIANI et Monsieur Thierry  ANZIANI ;\n- pour le site de la direction de l'\u00e9quipement et de la logistique \u00e0 Borgo (2B), par l'adjudant-chef et\nl'adjudant Eric PIQUEMAL  ;\n- pour le site de la direction de l'\u00e9quipement et de la logistique \u00e0 Digne-les-Bains (04), par l'adjudant-\nchef Florent BURILLIER et le mar\u00e9chal-des-logis-chef Beno\u00eet PREVERAUD  ;\n- pour le site de la direction de l'\u00e9quipement et de la logistique \u00e0 Gap (05), par l'adjudant Christophe\nREECHT;\n- pour le site de la direction de l'\u00e9quipement et de la logistique \u00e0 Hy\u00e8res (83), par l'adjudant-chef\nS\u00e9bastien FROGER et l'adjudant Christophe COLIN   ;\n- pour le site de la direction de l'\u00e9quipement et de la logistique \u00e0 Orange (84), par le major Thierry\nASTRAND ;\n- pour le site de la direction de l'\u00e9quipement et de la logistique \u00e0 Carcassonne (11), par  le major\nEtienne GANTAR, l'adjudant-chef Philippe BARBAZA , et l'adjudant St\u00e9phane PARDON  ; \n- pour le site de la direction de l'\u00e9quipement et de la logistique \u00e0 N\u00eemes (30), par  le major Gilles\nMAJOREL;\n- pour le site de la direction de l'\u00e9quipement et de la logistique \u00e0 Mende (48), par  l'adjudant-chef\nS\u00e9bastien BERTRAND  ;\n- pour le site de la direction de l'\u00e9quipement et de la logistique \u00e0 Toulouse (31), par Monsieur Nicolas\nGRIMAL,  Monsieur  Fr\u00e9d\u00e9ric  RICARD  et Madame  Marie-ange  CAMBON  (d\u00e9part  pr\u00e9vu  le\n01/09/2024) ;\n- pour le site de la direction de l'\u00e9quipement et de la logistique \u00e0 Foix (09), par l'adjudant-chef\nSt\u00e9phane RUIZ et l'adjudant S\u00e9bastien VANDART  ;\n- pour le site de la direction de l'\u00e9quipement et de la logistique \u00e0 Rodez (12), par  l'adjudant-chef\nChristophe GAYRAUD et l'adjudant Yvan CAZEAUX  ;\n- pour le site de la direction de l'\u00e9quipement et de la logistique \u00e0 Auch (32), par l'adjudant-chef Fabrice\nDAVID ;\n- pour le site de la direction de l'\u00e9quipement et de la logistique \u00e0 Cahors (46), par l'adjudant Joel\nODDOS ;\n- pour le site de la direction de l'\u00e9quipement et de la logistique \u00e0 Tarbes (65), par l'adjudant-chef\nJacques DA FONSECA et l'adjudant Fr\u00e9d\u00e9ric BAYAC  ;\n- pour le site de la direction de l'\u00e9quipement et de la logistique \u00e0 Albi (81), par l'adjudant Christophe\nCARAYON et l'adjudant Fr\u00e9d\u00e9ric FREJAFOND  ;\n- pour le site de la direction de l'\u00e9quipement et de la logistique \u00e0 Montauban (82), par l'adjudant-chef\nDavid ROSSI.Secr\u00e9tariat g\u00e9n\u00e9ral pour l'administration du minist\u00e8re de l'int\u00e9rieur - 13-2024-07-25-00008 - Arr\u00eat\u00e9 du 25 juillet 2024 portant\nd\u00e9l\u00e9gation de signature \u00e0 Monsieur Olivier MARMION,\nsecr\u00e9taire g\u00e9n\u00e9ral de la zone de d\u00e9fense et de s\u00e9curit\u00e9 Sud aupr\u00e8s du pr\u00e9fet de la r\u00e9gion  Provence-Alpes-C\u00f4te d'Azur, pr\u00e9fet de la\nzone de d\u00e9fense et de s\u00e9curit\u00e9 Sud, pr\u00e9fet des Bouches-du-Rh\u00f4ne71\nARTICLE 12     :   \nEn cas d'absence ou d'emp\u00eachement de Monsieur David PREUD'HOMME, d\u00e9l\u00e9gation de signature est\ndonn\u00e9e \u00e0 Monsieur Nicolas BOUTTE, directeur des syst\u00e8mes d'information et de communication pour :\n\uf0b7la passation et l'ex\u00e9cution des march\u00e9s publics SIC d'un montant inf\u00e9rieur \u00e0 40  000 euros HT\net les avenants y aff\u00e9rents  ;\n\uf0b7la signature des actes relatifs \u00e0 l'ex\u00e9cution des march\u00e9s publics SIC lorsque ceux-ci ne\nmodifient ni les co\u00fbts ni les d\u00e9lais pr\u00e9vus dans les pi\u00e8ces contractuelles.\nEn cas d'absence et d'emp\u00eachement de Monsieur Nicolas BOUTTE,  la d\u00e9l\u00e9gation qui lui est conf\u00e9r\u00e9e\nsera exerc\u00e9e par Monsieur Fabrice BRACCI, ing\u00e9nieur SIC hors classe, directeur adjoint.\nEn cas d'absence et d'emp\u00eachement de Monsieur Nicolas BOUTTE, la d\u00e9l\u00e9gation qui lui est conf\u00e9r\u00e9e\nsera  exerc\u00e9e  par  Monsieur  Jacques  SARAMON,  pour  les  actes  de  la  d\u00e9l\u00e9gation  territoriale  de\nToulouse relevant du domaine de comp\u00e9tence fonctionnelle et territoriale de la direction des syst\u00e8mes\nd'information et de communication, et par Monsieur Fabrice BRACCI, pour les actes des antennes\nlogistiques de Nice et de Montpellier  relevant du domaine de comp\u00e9tence fonctionnelle et territoriale de\nla direction des syst\u00e8mes d'information et de communication.\nEn cas d'absence ou d'emp\u00eachement de Monsieur Nicolas BOUTTE, la d\u00e9l\u00e9gation qui lui est conf\u00e9r\u00e9e\nsera exerc\u00e9e par Monsieur Cyr BUONO, dans les limites de ses attributions au sein de la direction des\nsyst\u00e8mes d'information et de communication et pour l'engagement de d\u00e9penses de fonctionnement de\nla DSIC n'exc\u00e9dant pas 5  000 \u20ac HT.\nARTICLE 13     :  \nEn cas d'absence ou d'emp\u00eachement de  Monsieur David PREUD'HOMME,  d\u00e9l\u00e9gation de signature\nest  donn\u00e9e  pour  les  engagements  juridiques  des  d\u00e9penses  concernant  le  budget  propre  des\nd\u00e9l\u00e9gations territoriales, r\u00e9gionales et des antennes logistiques, dans la limite de 40 000 \u20ac par acte et\n\u00e0 l'exclusion des d\u00e9penses imput\u00e9es sur les lignes budg\u00e9taires EQ41 (habillement et tenues) et EQ32\n(plateforme zonale d'\u00e9talonnage des cin\u00e9mom\u00e8tres) sur le centre de co\u00fbt de la d\u00e9l\u00e9gation territoriale\nde Toulouse :\n- pour ce qui concerne la d\u00e9l\u00e9gation territoriale de Toulouse \u00e0 Madame Karine SABATE-DUMONTEIL,\nconseiller d'administration de l'int\u00e9rieur et de l'outre-mer, d\u00e9l\u00e9gu\u00e9e territoriale de Toulouse  ;\n-  pour  ce  qui  concerne  la  d\u00e9l\u00e9gation  r\u00e9gionale  d'Ajaccio  \u00e0  Madame  Val\u00e9rie  DIXMIER,  attach\u00e9e\nd'administration de l'\u00c9tat, cheffe de la d\u00e9l\u00e9gation r\u00e9gionale de Corse  ;\n- pour ce qui concerne l'antenne logistique de Nice \u00e0 Monsieur Jean-Philippe GACQUER, ing\u00e9nieur\ndes services techniques, chef de l'antenne logistique de Nice par int\u00e9rim  ;\n- pour ce qui concerne l'antenne logistique de Montpellier  \u00e0 Monsieur Thierry VERZENI chef de\nl'antenne logistique de Montpellier.\nEn  leur  qualit\u00e9  de  chef  d'\u00e9tablissement  et  de  site,  en  tant  que  responsable  de  la  s\u00e9curit\u00e9  des\npersonnes et des biens et des conditions d'hygi\u00e8ne et de s\u00e9curit\u00e9 au travail, d\u00e9l\u00e9gation de signature\nest donn\u00e9e pour la gestion courante de l'\u00e9tablissement  :\n-  pour ce qui concerne le site de Sainte-Marthe \u00e0 Monsieur David PREUD'HOMME, secr\u00e9taire g\u00e9n\u00e9ral\nadjoint pour l'administration du minist\u00e8re de l'Int\u00e9rieur de la zone de d\u00e9fense et de s\u00e9curit\u00e9 sud  ;\n-  pour ce qui concerne le site de Noilly Prat, \u00e0 la colonelle Rachel PREVOT, directrice de l'\u00e9quipementSecr\u00e9tariat g\u00e9n\u00e9ral pour l'administration du minist\u00e8re de l'int\u00e9rieur - 13-2024-07-25-00008 - Arr\u00eat\u00e9 du 25 juillet 2024 portant\nd\u00e9l\u00e9gation de signature \u00e0 Monsieur Olivier MARMION,\nsecr\u00e9taire g\u00e9n\u00e9ral de la zone de d\u00e9fense et de s\u00e9curit\u00e9 Sud aupr\u00e8s du pr\u00e9fet de la r\u00e9gion  Provence-Alpes-C\u00f4te d'Azur, pr\u00e9fet de la\nzone de d\u00e9fense et de s\u00e9curit\u00e9 Sud, pr\u00e9fet des Bouches-du-Rh\u00f4ne72\net de la logistique ;\n-  pour ce qui concerne le site d'Alphonse Allais, \u00e0 Monsieur Nicolas BOUTTE, directeur des syst\u00e8mes\nd'information et de communication  \n-  pour ce qui concerne la d\u00e9l\u00e9gation territoriale de Toulouse, \u00e0 Madame Karine SABATE-DUMONTEIL,\ncheffe de la d\u00e9l\u00e9gation territoriale de Toulouse  ;\n- pour ce qui concerne la d\u00e9l\u00e9gation r\u00e9gionale d'Ajaccio,  \u00e0 Madame Val\u00e9rie DIXMIER, attach\u00e9e\nd'administration de l'\u00c9tat, cheffe de la d\u00e9l\u00e9gation r\u00e9gionale de Corse ;\n- pour ce qui concerne l'antenne logistique de Nice, \u00e0 Monsieur Jean-Philippe GACQUER, ing\u00e9nieur\ndes services techniques, chef de l'antenne logistique de Nice  ;\n- pour ce qui concerne l'antenne logistique de Montpellier, \u00e0 Monsieur Thierry VERZENI, chef de\nl'antenne logistique de Montpellier.\nARTICLE 14     :  \nEn cas d'absence ou d'emp\u00eachement de Monsieur David PREUD'HOMME, d\u00e9l\u00e9gation de signature\nest donn\u00e9e, \u00e0 Monsieur Fran\u00e7ois MICHEL, m\u00e9decin inspecteur zonal pour l'ensemble des documents\nadministratifs et financiers \u00e9tablis par les services m\u00e9dicaux statutaires de la zone de d\u00e9fense et de\ns\u00e9curit\u00e9 Sud.\nEn son absence ou en cas d'emp\u00eachement d\u00e9l\u00e9gation est donn\u00e9e  :\n-  \u00e0 Monsieur Jean CECCALDI, m\u00e9decin inspecteur r\u00e9gional adjoint  ;\n- \u00e0 Madame Anne MOUILLARD, chef du service m\u00e9dical statutaire et de contr\u00f4le de la d\u00e9l\u00e9gation\nterritoriale de Toulouse, pour les d\u00e9partements de l'Ari\u00e8ge, du Tarn, du Gers, de la Haute-Garonne, du\nLot, des Hautes-Pyr\u00e9n\u00e9es, de l'Aveyron et du Tarn-et-Garonne.\nARTICLE 15     :  \nEn cas d'absence ou d'emp\u00eachement de  Monsieur David PREUD'HOMME, la d\u00e9l\u00e9gation qui lui est\nconsentie, dans les domaines relevant du cabinet du SGAMI, sera exerc\u00e9e, dans les limites de leurs\nattributions respectives au sein du cabinet et pour l'engagement de d\u00e9penses de fonctionnement du\ncabinet n'exc\u00e9dant pas 10  000 \u20ac HT, par :\n- Mme Camille STOUVENEL, attach\u00e9e d'administration de l'\u00c9tat, cheffe de cabinet  ;\n- Mme Meriem GRISS, attach\u00e9e d'administration de l'\u00c9tat, adjointe \u00e0 la cheffe de cabinet  ;\n- Mme Myriam BOUTTEROUMA-LAVIGNE, attach\u00e9e principale d'administration de l'\u00c9tat, cheffe du\nbureau des affaires g\u00e9n\u00e9rales  (\u00e0 compter du 05/08/2024) .\n- Madame Marjorie CASELLA, secr\u00e9taire administrative, adjointe au chef du bureau des affaires\ng\u00e9n\u00e9rales.\nARTICLE 16     :  \nEn cas d'absence ou d'emp\u00eachement de Monsieur David PREUD'HOMME, d\u00e9l\u00e9gation de signature\nest donn\u00e9e, pour les documents administratifs et financiers \u00e9tablis par les services actifs de s\u00e9curit\u00e9\nint\u00e9rieure \u00e0 Monsieur Arnaud VIEULES, sous-pr\u00e9fet, coordonnateur pour la s\u00e9curit\u00e9 en Corse.\nEn  cas  d'absence  ou  d'emp\u00eachement  de  Monsieur  Arnaud  VIEULES,  la  d\u00e9l\u00e9gation  qui  lui  est\nconsentie, \u00e0 l'exception des arr\u00eat\u00e9s, protocoles transactionnels \u00e9labor\u00e9s dans le cadre d'un march\u00e9,\naccords-cadres et march\u00e9s, sera exerc\u00e9e par Monsieur Nicolas RODILLON, commissaire divisionnaire\ncoordonnateur adjoint pour la s\u00e9curit\u00e9 en Corse et par Monsieur Antoine de MIRIBEL, lieutenant-\ncolonel de gendarmerie, coordonnateur adjoint pour la s\u00e9curit\u00e9 en Corse.Secr\u00e9tariat g\u00e9n\u00e9ral pour l'administration du minist\u00e8re de l'int\u00e9rieur - 13-2024-07-25-00008 - Arr\u00eat\u00e9 du 25 juillet 2024 portant\nd\u00e9l\u00e9gation de signature \u00e0 Monsieur Olivier MARMION,\nsecr\u00e9taire g\u00e9n\u00e9ral de la zone de d\u00e9fense et de s\u00e9curit\u00e9 Sud aupr\u00e8s du pr\u00e9fet de la r\u00e9gion  Provence-Alpes-C\u00f4te d'Azur, pr\u00e9fet de la\nzone de d\u00e9fense et de s\u00e9curit\u00e9 Sud, pr\u00e9fet des Bouches-du-Rh\u00f4ne73\nARTICLE 17     :  \nDans le cadre de l 'ex\u00e9cution du BOP \u00ab  Immigration et Asile  \u00bb, programme 303, action 3, en cas\nd'absence  ou  d'emp\u00eachement  de  Monsieur  David  PREUD'HOMME,  d\u00e9l\u00e9gation  de  signature  est\ndonn\u00e9e \u00e0 Monsieur S\u00e9bastien TRUET, attach\u00e9 hors classe, conseiller d'administration de l'int\u00e9rieur et\nde l'outre-mer, directeur de l'administration g\u00e9n\u00e9rale et des finances, afin de signer  :\n\u2022les actes juridiques concernant les d\u00e9penses de fonctionnement des locaux et centres de r\u00e9tentions\ninf\u00e9rieures \u00e0 250 000 euros HT,\n\u2022les engagements juridiques pris dans le cadre d'un march\u00e9 notifi\u00e9, y compris les commandes\npass\u00e9es \u00e0 l'UGAP, ne sont pas soumis \u00e0 cette limitation.\nEn cas d'absence de Monsieur S\u00e9bastien TRUET, attach\u00e9 hors classe, conseiller d'administration de\nl'int\u00e9rieur et de l'outre-mer, directeur de l'Administration G\u00e9n\u00e9rale et des Finances, la d\u00e9l\u00e9gation est\ndonn\u00e9e \u00e0 :\n-  Monsieur  Fr\u00e9d\u00e9ric  BAILHE,  attach\u00e9  hors  classe  d'administration  de  l'\u00c9tat,  directeur  adjoint  de\nl'Administration G\u00e9n\u00e9rale et des Finances  ;\n- Monsieur Jean-Pierre CARL\u0116, attach\u00e9 hors classe d'administration de l'\u00c9tat, chef du bureau du\nbudget ;\n- Monsieur Laurent LUCZAK, attach\u00e9 d'administration de l'\u00c9tat, adjoint au chef du bureau du budget  ;\n- Capitaine David CURATOLO, OCTAGN, chef du p\u00f4le programme 216 et 303, bureau du budget  ; \n- Adjudante-cheffe Sandy GUERRY, adjointe au chef du p \u00f4le programme 216 et 303, Bureau du\nBudget.\nARTICLE 18     :  \nL'arr\u00eat\u00e9 du 23 avril 2024 portant organisation de la zone de d\u00e9fense et de s\u00e9curit\u00e9 Sud est abrog\u00e9.\nARTICLE 19     :  \nLe secr\u00e9taire g\u00e9n\u00e9ral de la zone de d\u00e9fense et de s\u00e9curit\u00e9 Sud et le secr\u00e9taire g\u00e9n\u00e9ral  adjoint pour\nl'administration du minist\u00e8re de l'Int\u00e9rieur sont charg\u00e9s, chacun en ce qui le concerne, de l'ex\u00e9cution\ndu pr\u00e9sent arr\u00eat\u00e9, qui sera publi\u00e9 au recueil des actes administratifs des pr\u00e9fectures chefs-lieux des\nr\u00e9gions PACA, Occitanie et Corse.\n \n \nFait \u00e0 Marseille, le 25 juillet 2024\n                             Sign\u00e9\nChristophe Mirmand\nPr\u00e9fet de la zone de d\u00e9fense et de s\u00e9curit\u00e9 Sud,\n pr\u00e9fet de la r\u00e9gion Provence-Alpes-C\u00f4te d'Azur,\npr\u00e9fet des Bouches-du-Rh\u00f4neSecr\u00e9tariat g\u00e9n\u00e9ral pour l'administration du minist\u00e8re de l'int\u00e9rieur - 13-2024-07-25-00008 - Arr\u00eat\u00e9 du 25 juillet 2024 portant\nd\u00e9l\u00e9gation de signature \u00e0 Monsieur Olivier MARMION,\nsecr\u00e9taire g\u00e9n\u00e9ral de la zone de d\u00e9fense et de s\u00e9curit\u00e9 Sud aupr\u00e8s du pr\u00e9fet de la r\u00e9gion  Provence-Alpes-C\u00f4te d'Azur, pr\u00e9fet de la\nzone de d\u00e9fense et de s\u00e9curit\u00e9 Sud, pr\u00e9fet des Bouches-du-Rh\u00f4ne74\nAnnexe 1\nListe de gestionnaires/valideurs CHORUS FORMULAIRE\nUO 0216-CSGA-DSUD et 0176-CCSC-DM13\nService NomPr\u00e9nom saisievalidation\nDEL 34ABDECHCHAFI MARINE O O\nDIADERIO AUDREY O O\nDIAMARI FADILA O O\nDIAOURI SAMIA O O\nDAGF BBBALZARINI ERIC O O\nDAGF BB BAROZZI ELODIE O O\nCABBAUMIER Marie Odile O O\nDELBEDDAR HOCINE O\nCeZOCBELKADI Rislene O\nDAGF BB BIETJustine O O\nCABBONICIEMMANUELLE O\nCABBOUTTEROUMA-\nLAVIGNE (\u00e0 compter du\n05/08/2024)Myriam O O\nDAGF-BB BROTO Liliane O O\nDELGUILHOU CORINNE O O\nDIBONPAIN PATRICIA O O\nDSIC ToulouseBORDELONGUE JEAN-BERNARD O O\nDRT31BOUAZZA DALILA O\nDSICCHAMBEU LAURENCE O O\nDIBOUGUERN NAJET O OSecr\u00e9tariat g\u00e9n\u00e9ral pour l'administration du minist\u00e8re de l'int\u00e9rieur - 13-2024-07-25-00008 - Arr\u00eat\u00e9 du 25 juillet 2024 portant\nd\u00e9l\u00e9gation de signature \u00e0 Monsieur Olivier MARMION,\nsecr\u00e9taire g\u00e9n\u00e9ral de la zone de d\u00e9fense et de s\u00e9curit\u00e9 Sud aupr\u00e8s du pr\u00e9fet de la r\u00e9gion  Provence-Alpes-C\u00f4te d'Azur, pr\u00e9fet de la\nzone de d\u00e9fense et de s\u00e9curit\u00e9 Sud, pr\u00e9fet des Bouches-du-Rh\u00f4ne75\nPPCAILLAUD CHRISTINE O O\nDRT31CAMBONMARIE-ANGE O O\nDRT31CANTAREL SIMON O O\nCABCASELLA Marjorie O O\nDRT31CHAUTARD ALYSSA O O\nDELCOLLIGNON GENEVIEVE O O\nDICORDEAU EMILIE O O\nDAGF-BBCURATOLO David O O\nDRT31DE LLOBET MAGALI O O\nDSICDE OLIVEIRA VALERIE O O\nDAGF BB DI MEO LAETITIA O O\nDELDORUROLAND O O\nDRT31 EDRUMYRIAM O O\nDRT34ESTEVE MICHAEL O O\nDIFENECH LAETITIA O\nDAGF-BB HAMOUDI C\u00e9cile O O\nDAGF-BB FLORES C\u00e9cile O O\nDEL06 GRALGREGORY O O\nDIGUERRA LYSIANE O\nDAGF BB GUERRY SANDY O O\nDELHMINA FARHAT O O\nDSICISSAUTIER LAURENT O O\nDIJULLIEN CORINNE O O\nANT06LABARDE Jean-Pierre O O\nPPLAFROGNE SYLVIE O O\nDIMALECKI JAROSLAW O O\nCEZOC MARTIN Andrea O OSecr\u00e9tariat g\u00e9n\u00e9ral pour l'administration du minist\u00e8re de l'int\u00e9rieur - 13-2024-07-25-00008 - Arr\u00eat\u00e9 du 25 juillet 2024 portant\nd\u00e9l\u00e9gation de signature \u00e0 Monsieur Olivier MARMION,\nsecr\u00e9taire g\u00e9n\u00e9ral de la zone de d\u00e9fense et de s\u00e9curit\u00e9 Sud aupr\u00e8s du pr\u00e9fet de la r\u00e9gion  Provence-Alpes-C\u00f4te d'Azur, pr\u00e9fet de la\nzone de d\u00e9fense et de s\u00e9curit\u00e9 Sud, pr\u00e9fet des Bouches-du-Rh\u00f4ne76\nDT31MAZZOLO Carine O O\nDT31MENUISIER STEPHANE O O\nDELLONGUETEAU VANARAJ O O\nDRTMOUNIER SANDRA O\nDAGF BB NEUVILLE LAURENCE O O\nDRHLEPERS NANCY O O\nDIABLARD THOMAS O O\nDIPRUDHOMME SANDY O O\nDIREGLIONI Jennifer O O\nDEL06REVENGA MONIQUE O\nDAGF BB ROUMANE SONIA O O\nPPOL 13 SANCHEZ FRANCIS O O\nPPSAUGEZ LO\u00cfC O O\nDISAURIN (jusqu'au\n01/09/2024)Linda O O\nDISCHMERBER BERNADETTE O O\nDISFREGOLA NOEL O\nDELNADEAU Sandrine O O\nPPVALLON Marie-Flore O\nDEL 31VIALARS MARION O O\nDAGF BB VIOUNICOLAS O O\nDAGF BBPATRICOLA Carole O O\nDAGF BB BIETJUSTINE O O\nDEL 31MAZZOLO Carine O O\nDEL 31MENUSIER St\u00e9phane O O\nDRHLEPERS NANCY O O\nDAGF-BB SANCHO St\u00e9phane O O\nDIANGO MATHIS O OSecr\u00e9tariat g\u00e9n\u00e9ral pour l'administration du minist\u00e8re de l'int\u00e9rieur - 13-2024-07-25-00008 - Arr\u00eat\u00e9 du 25 juillet 2024 portant\nd\u00e9l\u00e9gation de signature \u00e0 Monsieur Olivier MARMION,\nsecr\u00e9taire g\u00e9n\u00e9ral de la zone de d\u00e9fense et de s\u00e9curit\u00e9 Sud aupr\u00e8s du pr\u00e9fet de la r\u00e9gion  Provence-Alpes-C\u00f4te d'Azur, pr\u00e9fet de la\nzone de d\u00e9fense et de s\u00e9curit\u00e9 Sud, pr\u00e9fet des Bouches-du-Rh\u00f4ne77\nDIZAKARIA ASSAENDI O O\nDR CORSE ORPHELIN Audrey O O\nDR CORSE BAUWENS Nathalie O O\nDR CORSE ORICELLI Gabrielle O OSecr\u00e9tariat g\u00e9n\u00e9ral pour l'administration du minist\u00e8re de l'int\u00e9rieur - 13-2024-07-25-00008 - Arr\u00eat\u00e9 du 25 juillet 2024 portant\nd\u00e9l\u00e9gation de signature \u00e0 Monsieur Olivier MARMION,\nsecr\u00e9taire g\u00e9n\u00e9ral de la zone de d\u00e9fense et de s\u00e9curit\u00e9 Sud aupr\u00e8s du pr\u00e9fet de la r\u00e9gion  Provence-Alpes-C\u00f4te d'Azur, pr\u00e9fet de la\nzone de d\u00e9fense et de s\u00e9curit\u00e9 Sud, pr\u00e9fet des Bouches-du-Rh\u00f4ne78\nAnnexe 2\nListe des porteurs de carte achat\n UO CCSC-DM13 P176 \nNOM \nTITULAIREPR\u00c9NOM \nTITULAIREMontant maximum par \ntransactionNiveauUO\nAHMEDNatacha 20 000 \u20ac1DEL MARSEILLE\nALEJANDROChristine 500 \u20ac3CMC\nAMIRATYV\u00e9ronique 10 000 \u20ac1 et 3PP13\nANINIJamale 10 000 \u20ac1DEL MARSEILLE\nANZIANIThierry 10 000 \u20ac3SGAMI DEL FURIANI\nBARASCUTElie 20 000 \u20ac3DEL MONTPELLIER\nBATIFOULIERNicolas 12 000 \u20ac1SGAMI SUD/DEL/BMM/SLA \n06\nBONIFAYAnthony 10 000 \u20ac1DEL\nBORELLOFranck 20 000 \u20ac3DEL\nBOUWELie 10 000 \u20ac1DEL MARSEILLE\nCAMBON  \n(jusqu'au \n01/09/2024)Marie-Ange 20 000 \u20ac3DEL COLOMIERS\nCANTAREL \n(jusqu'au \n01/09/2024)Simon 20 000 \u20ac3DEL COLOMIERS \nCARACCIJ\u00e9r\u00e9mie 10 000 \u20ac3DEL\nCAYUELAChristian 500 \u20ac1CMC\nCHAKRIHicham 2 000 \u20ac1PP13\nCHARFENicolas 2 000\u20ac1DEL Marseille\nCOLLIGNONPascal 2 000 \u20ac1DEL MARSEILLE\nCONTETL\u00e6titia 500 \u20ac1CEZOC\nCOURNACNicolas 2 000 \u20ac1bisDEL\nCOUTURIERRobert 2 000 \u20ac3DEL MONTPELLIERSecr\u00e9tariat g\u00e9n\u00e9ral pour l'administration du minist\u00e8re de l'int\u00e9rieur - 13-2024-07-25-00008 - Arr\u00eat\u00e9 du 25 juillet 2024 portant\nd\u00e9l\u00e9gation de signature \u00e0 Monsieur Olivier MARMION,\nsecr\u00e9taire g\u00e9n\u00e9ral de la zone de d\u00e9fense et de s\u00e9curit\u00e9 Sud aupr\u00e8s du pr\u00e9fet de la r\u00e9gion  Provence-Alpes-C\u00f4te d'Azur, pr\u00e9fet de la\nzone de d\u00e9fense et de s\u00e9curit\u00e9 Sud, pr\u00e9fet des Bouches-du-Rh\u00f4ne79\nDELBECQAnthony 2 000 \u20ac1DEL MARSEILLE\nDENISChristian 10 000 \u20ac1DEL AJACCIO\nDESBORDESJean-Luc 20 000 \u20ac3DEL PERPIGNAN\nDIAZPatrick 20 000 \u20ac3DEL MARSEILLE\nDITNANKevin 20 000 \u20ac3DEL COLOMIERS\nDORURoland 2 000 \u20ac1DEL MARSEILLE\nFLOROJean-Christophe 20 000 \u20ac1 et 3DEL MARSEILLE\nFONTAINES\u00e9bastien 20 000 \u20ac3DEL MARSEILLE\nFOURCS\u00e9bastien 2 000 \u20ac3SLA 66\nGANGAIMichel 12 000 \u20ac3DEL MARSEILLE\nGAROFALOChristophe 20 000 \u20ac3DEL MONTPELLIER\nGRALGr\u00e9gory 10 000 \u20ac3ANTENNE DE NICE\nGUEZELLOLaura 2 000\u20ac3Pref2A CSC\nGUILHOUCorine 2 000 \u20ac1SGAMI SUD / DEL/ BZMM/ \nPAZ\nGUILLOTLaurent 20 000 \u20ac3DEL MONTPELLIER\nISONIJo\u00ebl 10 000 \u20ac3SGAMI DR2A MAGASIN \nAUTOMOBILE\nKRUMBJean-Pierre 20 000 \u20ac3DEL COLOMIERS\nLONGUETEAUVanaraj 2 000 \u20ac3SGAMI SUD / DEL/ BZMM/ \nPAZ/ MAGASIN\nMADDALENALydie 5 000 \u20ac3DEL MARSEILLE\nMARIANIS\u00e9bastien 10 000 \u20ac3SGAMI DEL FURIANI\nMARMIONOlivier 2 000\u20ac1CEZOC\nMEHADJIFarid 500 \u20ac3CMC\nNOISETTEJean-Yves 2 000 \u20ac1CEZOC\nPASCUITOVincent 20 000 \u20ac3SGAMI SUD DEL ANTENNE \n34\nPERINIJacques 10 000 \u20ac1SGAMI SUD DEL BMM\nPIERREEric 20 000 \u20ac3DEL MONTPELLIER\nPOLIFr\u00e9d\u00e9ric 10 000 \u20ac3SGAMI DR2A MAGASIN \nAUTOMOBILE\nPOREZJean-Michel 1 000 \u20ac1BOP 1\nPRUNIERS\u00e9bastien 20 000 \u20ac3DEL\nRODILLONNicolas 2 000 \u20ac3PREF2A CSCSecr\u00e9tariat g\u00e9n\u00e9ral pour l'administration du minist\u00e8re de l'int\u00e9rieur - 13-2024-07-25-00008 - Arr\u00eat\u00e9 du 25 juillet 2024 portant\nd\u00e9l\u00e9gation de signature \u00e0 Monsieur Olivier MARMION,\nsecr\u00e9taire g\u00e9n\u00e9ral de la zone de d\u00e9fense et de s\u00e9curit\u00e9 Sud aupr\u00e8s du pr\u00e9fet de la r\u00e9gion  Provence-Alpes-C\u00f4te d'Azur, pr\u00e9fet de la\nzone de d\u00e9fense et de s\u00e9curit\u00e9 Sud, pr\u00e9fet des Bouches-du-Rh\u00f4ne80\nSAUGEZLo\u00efc 2 000 \u20ac3DRH\nSCIACCASandro 1 200 \u20ac3DEL NICE\nSPADOLALorenzo 15 000 \u20ac3Pr\u00e9fecture de police\nVIEULESArnaud 2 000\u20ac1SGAMI DR2A\nVINELNicolas 20 000 \u20ac3DEL COLOMIERS\nListe des d\u00e9tenteurs de carte achat\nUO CSGA-DSUD P216  \nNom des TitulairesPr\u00e9nom des\nTitulairesMontant max par\ntransactionNIVEAUUO\nANGELOT Julien 2 000 \u20ac3DSIC\nBAILHE Fr\u00e9d\u00e9ric 2 000 \u20ac1DAGF\nBAUMIER-LEVEQUE Marie-Odile 1 000 \u20ac1CABINET\nBOREL Didier 2 000 \u20ac1DEL\nBOUTTE Nicolas 2 000 \u20ac1DSIC\nBOUZID Aicha 2 500 \u20ac3DAGF\nBRACCI Fabrice 2 000 \u20ac1DSIC\nBOUTTEROUMA-\nLAVIGNE  (\u00e0 compter du \n05/08/2024)Myriam 1 000 \u20ac3SGAMI SUD \nCABINET\nBUONO Cyr 500 \u20ac1DSIC\nCASELLA Marjorie 1 000 \u20ac3SGAMI SUD \nCABINET\nCOUTON Fr\u00e9d\u00e9ric 500 \u20ac1CABINET\nDIDONNA Catherine 2 000 \u20ac3 DAGF\nDIXMIER Val\u00e9rie 1 000 \u20ac1SGAMI SUD DR2A\nGACQUER Jean-Philippe 1 000 \u20ac1ANTENNE DE NICE\nGRISS Meriem 2 000 \u20ac3CABINET\nKADRI Sabrina 3 500 \u20ac3DT31\nLABARDE Jean-Pierre 2 000\u20acANT06\nLATTARD Christophe 1 000 \u20ac3DELSecr\u00e9tariat g\u00e9n\u00e9ral pour l'administration du minist\u00e8re de l'int\u00e9rieur - 13-2024-07-25-00008 - Arr\u00eat\u00e9 du 25 juillet 2024 portant\nd\u00e9l\u00e9gation de signature \u00e0 Monsieur Olivier MARMION,\nsecr\u00e9taire g\u00e9n\u00e9ral de la zone de d\u00e9fense et de s\u00e9curit\u00e9 Sud aupr\u00e8s du pr\u00e9fet de la r\u00e9gion  Provence-Alpes-C\u00f4te d'Azur, pr\u00e9fet de la\nzone de d\u00e9fense et de s\u00e9curit\u00e9 Sud, pr\u00e9fet des Bouches-du-Rh\u00f4ne81\nMACON Catherine 2 000 \u20ac3DR CORSE\nMONGIU Patricia 500 \u20ac3DI\nNADEAU Sandrine 2 000 \u20ac1 bisDEL\nNEUVILLE Laurence 2 000 \u20ac3DAGF\nPREUD'HOMME David 2 000 \u20ac1CABINET\nRIVIERE Anthony 500 \u20ac1CABINET\nROUANET Rachel 1 000 \u20ac1DEL\nSABATE Karine 4 000 \u20ac3DT31\nSARAMON Jacques 500 \u20ac1DSIC\nSAUGEZ Lo\u00efc 2 000 \u20ac3DRH\nSIVY Fran\u00e7oise 1 000 \u20ac1DRH\nSTOUVENEL Camille 2 000 \u20ac3CABINET\nTAISNE Eric 2 000 \u20ac3DI\nTAORMINA Alain 1 000 \u20ac1DEL MARSEILLE\nTRUET S\u00e9bastien 2000 \u20ac1DAGF\nVERZENI Thierry 1 500 \u20ac1ANTENNE 34\nVIALARS Marion 1 000 \u20ac1DT31\nZANARDI GIL 2 000 \u20ac3DISecr\u00e9tariat g\u00e9n\u00e9ral pour l'administration du minist\u00e8re de l'int\u00e9rieur - 13-2024-07-25-00008 - Arr\u00eat\u00e9 du 25 juillet 2024 portant\nd\u00e9l\u00e9gation de signature \u00e0 Monsieur Olivier MARMION,\nsecr\u00e9taire g\u00e9n\u00e9ral de la zone de d\u00e9fense et de s\u00e9curit\u00e9 Sud aupr\u00e8s du pr\u00e9fet de la r\u00e9gion  Provence-Alpes-C\u00f4te d'Azur, pr\u00e9fet de la\nzone de d\u00e9fense et de s\u00e9curit\u00e9 Sud, pr\u00e9fet des Bouches-du-Rh\u00f4ne82\nService D\u00e9partemental de la Jeunesse et des\nSports\n13-2024-07-16-00018\nMicrosoft Word - Arr\u00eat\u00e9 d'attribution\nd'agr\u00e9ment JEP 16-07-24- association romulus\nService D\u00e9partemental de la Jeunesse et des Sports - 13-2024-07-16-00018 - Microsoft Word - Arr\u00eat\u00e9 d'attribution d'agr\u00e9ment JEP\n16-07-24- association romulus 83\n \n   \n                 \n \nService d\u00e9partemental \u00e0 la jeunesse, \n  \u00e0 l'engagement et aux sports  \n \n  \n  \n \nA RR \u00caT \u00c9 d u 1 6  j uil l e t  20 2 4  \nportant agr\u00e9ment d'association de jeunesse \net d'\u00e9ducation populaire  \n \nLe Recteur de r\u00e9gion acad\u00e9mique Provence-Alpes-C\u00f4te d'Azur, recteur de l'acad\u00e9mie d'Aix-Marseille,   \nChancelier des universit\u00e9s \n \nVu la loi n\u00b0 2001-624 du 17 juillet 2001 portant diverses dispositions d'ordre social, \u00e9ducatif et culturel ; \nVu la loi n\u00b0 2000-321 du 12 avril 2000 relative aux droits des citoyens dans leurs relations avec les administrations ; \nVu le d\u00e9cret n\u00b0 2002-571 du 22 avril 2002 portant application du premier alin\u00e9a de l'article 8 de la loi n\u00b0 2001-624 du 17 \njuillet 2001 ; \nVu le d\u00e9cret n\u00b0 2017-908 du 6 mai 2017 portant application de l'article 25-1 de la loi n\u00b0 2000-321 du 12 avril 2000 relative aux \ndroits des citoyens dans leurs relations avec les administrations ; \nVu le d\u00e9cret n\u00b02020-1542 du 9 d\u00e9cembre 2020 relatif aux comp\u00e9tences des autorit\u00e9s acad\u00e9miques dans le domaine des politiques \nde la jeunesse, de l'\u00e9ducation populaire, de la vie associative, de l'engagement civique et des sports et \u00e0 l'organisation des \nservices charg\u00e9s de leur mise en \u0153uvre ; \nVu le d\u00e9cret n\u00b0 2021-1947 du 31 d\u00e9cembre 2021 pris pour l'application de l'article 10-1 de la loi n\u00b0 2000-321 du 12 avril 2000 \net approuvant le contrat d'engagement r\u00e9publicain des associations et fondations b\u00e9n\u00e9ficiant de subventions publiques ou d'un \nagr\u00e9ment de l'Etat ; \nVu le d\u00e9cret du Pr\u00e9sident de la R\u00e9publique du 29 juillet 2020 portant nomination de Monsieur Christophe MIRMAND, en qualit\u00e9 \nde pr\u00e9fet de la r\u00e9gion Provence-Alpes-C\u00f4te d'Azur, pr\u00e9fet de la zone sud, pr\u00e9fet des Bouches-du-Rh\u00f4ne ; \nVu le d\u00e9cret du Pr\u00e9sident de la R\u00e9publique du 31 mai 2024 portant nomination de M. Beno\u00eet DELAUNAY en qualit\u00e9 de recteur \nde la r\u00e9gion acad\u00e9mique Provence-Alpes-C\u00f4te d'Azur, recteur de l'acad\u00e9mie d'Aix-Marseille, chancelier des universit\u00e9s ;  \nVu le d\u00e9cret du Pr\u00e9sident de la R\u00e9publique du 11 mai 2023 portant nomination de M. Jean-Yves BESSOL en tant que directeur \nacad\u00e9mique des services de l'\u00e9ducation nationale des Bouches-du-Rh\u00f4ne \u00e0 compter du 22 mai 2023 ; \nVu l'arr\u00eat\u00e9 du 12 juin 2024 portant d\u00e9l\u00e9gation de signature du recteur de la r\u00e9gion acad\u00e9mique Provence-Alpes-C\u00f4te d'Azur \naccord\u00e9e \u00e0 M. Jean-Yves BESSOL, directeur acad\u00e9mique des services de l'\u00e9ducation nationale des Bouches-du-Rh\u00f4ne et \nsubd\u00e9l\u00e9gation de signature \u00e0 Monsieur Thomas TABUS, chef du service d\u00e9partemental  \u00e0 la jeunesse, \u00e0 l'engagement et au sports \n(SDJES) des Bouches-du-Rh\u00f4ne, \u00e0 Monsieur Nicolas PERETTI chef du p\u00f4le sports du SDJES et \u00e0 Monsieur Jean-Christophe \nMEOZZI chef du p\u00f4le jeunesse vie associative du SDJES ; \nVu l'arr\u00eat\u00e9 n\u00b0 TCA /13-23-08 portant reconnaissance du tronc commun d'agr\u00e9ment de l'association ASSOCIATION \nROMULUS \n \nVu la demande pr\u00e9sent\u00e9e par l'association ci-dessous d\u00e9sign\u00e9e ; \n \nArticle 1er :  L'agr\u00e9ment pr\u00e9vu par le d\u00e9cret susvis\u00e9 du 22 avril 2002 est accord\u00e9 \u00e0 l'association dont le nom suit : \nNum\u00e9ro d'agr\u00e9ment  Nom de l'association  \nCommune du si\u00e8ge social \nn\u00b0 RNA \n13-24-JEP 04 ASSOCIATION ROMULUS \nCit\u00e9 des associations -Bo\u00eete aux lettres n\u00b0412 \n93 la Canebi\u00e8re-13001 Marseille  \nn\u00b0 RNA : W133015328 \n \nArticle 2 :  Cet agr\u00e9ment de jeunesse et d'\u00e9ducation populaire n'est valide que si l'association mentionn\u00e9e ci-dessus d\u00e9tient un \narr\u00eat\u00e9 portant reconnaissance du tronc commun d'agr\u00e9ment en cours de validit\u00e9. \nArticle 3 :  L'association mentionn\u00e9e ci-dessus adressera chaque ann\u00e9e \u00e0 la direction des services d\u00e9partementaux de l'\u00e9ducation \nnationale des Bouches-du-Rh\u00f4ne des Bouches-du-Rh\u00f4ne, le proc\u00e8s-verbal de l'assembl\u00e9e g\u00e9n\u00e9rale, le rapport financier de \nl'exercice \u00e9coul\u00e9, le rapport annuel d'activit\u00e9s. \nArticle 4 : L'association mentionn\u00e9e ci-dessus informera la direction des services d\u00e9partementaux de l'\u00e9ducation nationale des \nBouches-du-Rh\u00f4ne, de toute modification de statuts, de changement de si\u00e8ge social, de composition du bureau. \nArticle 5 : Le pr\u00e9sent arr\u00eat\u00e9 peut faire l'objet d'un recours contentieux, aupr\u00e8s du tribunal administratif de Marseille, dans le \nd\u00e9lai de deux mois, \u00e0 compter de sa notification. Il peut \u00e9galement, dans le m\u00eame d\u00e9lai, faire l'objet d'un recours gracieux Service D\u00e9partemental de la Jeunesse et des Sports - 13-2024-07-16-00018 - Microsoft Word - Arr\u00eat\u00e9 d'attribution d'agr\u00e9ment JEP\n16-07-24- association romulus 84\n \n \n aupr\u00e8s Monsieur le Pr\u00e9fet de la R\u00e9gion Provence Alpes C\u00f4tes d'Azur et/ou d'un recours hi\u00e9rarchique aupr\u00e8s du(des) \nministre(s) concern\u00e9(s). \n \nArticle 6 : : Le recteur de la r\u00e9gion acad\u00e9mique et le directeur acad\u00e9mique des services de l'\u00e9ducation nationale sont charg\u00e9s, \nchacun pour ce qui le concerne, de l'ex\u00e9cution du pr\u00e9sent arr\u00eat\u00e9. \nMarseille, le 16 juillet 2024 \n \nPour le Recteur de R\u00e9gion Acad\u00e9mique, et par \nd\u00e9l\u00e9gation \nPour le Directeur Acad\u00e9mique des Services de \nl'Education Nationale et, par d\u00e9l\u00e9gation \nLe chef de p\u00f4le jeunesse et vie associative du SDJES 13 \n \nSign\u00e9 \n \nNicolas PERETTI\n Service D\u00e9partemental de la Jeunesse et des Sports - 13-2024-07-16-00018 - Microsoft Word - Arr\u00eat\u00e9 d'attribution d'agr\u00e9ment JEP\n16-07-24- association romulus 85\nService D\u00e9partemental de la Jeunesse et des\nSports\n13-2024-07-16-00019\nMicrosoft Word - Arr\u00eat\u00e9 d'attribution\nd'agr\u00e9ment JEP 16-07-24- MJC lambesc\nService D\u00e9partemental de la Jeunesse et des Sports - 13-2024-07-16-00019 - Microsoft Word - Arr\u00eat\u00e9 d'attribution d'agr\u00e9ment JEP\n16-07-24- MJC lambesc 86\n \n   \n                 \n \nService d\u00e9partemental \u00e0 la jeunesse, \n  \u00e0 l'engagement et aux sports  \n \n  \n  \n \nA RR \u00caT \u00c9 d u 1 6  j uil l e t  20 2 4  \nportant agr\u00e9ment d'association de jeunesse \net d'\u00e9ducation populaire  \n \nLe Recteur de r\u00e9gion acad\u00e9mique Provence-Alpes-C\u00f4te d'Azur, recteur de l'acad\u00e9mie d'Aix-Marseille,   \nChancelier des universit\u00e9s \n \nVu la loi n\u00b0 2001-624 du 17 juillet 2001 portant diverses dispositions d'ordre social, \u00e9ducatif et culturel ; \nVu la loi n\u00b0 2000-321 du 12 avril 2000 relative aux droits des citoyens dans leurs relations avec les administrations ; \nVu le d\u00e9cret n\u00b0 2002-571 du 22 avril 2002 portant application du premier alin\u00e9a de l'article 8 de la loi n\u00b0 2001-624 du 17 \njuillet 2001 ; \nVu le d\u00e9cret n\u00b0 2017-908 du 6 mai 2017 portant application de l'article 25-1 de la loi n\u00b0 2000-321 du 12 avril 2000 relative aux \ndroits des citoyens dans leurs relations avec les administrations ; \nVu le d\u00e9cret n\u00b02020-1542 du 9 d\u00e9cembre 2020 relatif aux comp\u00e9tences des autorit\u00e9s acad\u00e9miques dans le domaine des politiques \nde la jeunesse, de l'\u00e9ducation populaire, de la vie associative, de l'engagement civique et des sports et \u00e0 l'organisation des \nservices charg\u00e9s de leur mise en \u0153uvre ; \nVu le d\u00e9cret n\u00b0 2021-1947 du 31 d\u00e9cembre 2021 pris pour l'application de l'article 10-1 de la loi n\u00b0 2000-321 du 12 avril 2000 \net approuvant le contrat d'engagement r\u00e9publicain des associations et fondations b\u00e9n\u00e9ficiant de subventions publiques ou d'un \nagr\u00e9ment de l'Etat ; \nVu le d\u00e9cret du Pr\u00e9sident de la R\u00e9publique du 29 juillet 2020 portant nomination de Monsieur Christophe MIRMAND, en qualit\u00e9 \nde pr\u00e9fet de la r\u00e9gion Provence-Alpes-C\u00f4te d'Azur, pr\u00e9fet de la zone sud, pr\u00e9fet des Bouches-du-Rh\u00f4ne ; \nVu le d\u00e9cret du Pr\u00e9sident de la R\u00e9publique du 31 mai 2024 portant nomination de M. Beno\u00eet DELAUNAY en qualit\u00e9 de recteur \nde la r\u00e9gion acad\u00e9mique Provence-Alpes-C\u00f4te d'Azur, recteur de l'acad\u00e9mie d'Aix-Marseille, chancelier des universit\u00e9s ;  \nVu le d\u00e9cret du Pr\u00e9sident de la R\u00e9publique du 11 mai 2023 portant nomination de M. Jean-Yves BESSOL en tant que directeur \nacad\u00e9mique des services de l'\u00e9ducation nationale des Bouches-du-Rh\u00f4ne \u00e0 compter du 22 mai 2023 ; \nVu l'arr\u00eat\u00e9 du 12 juin 2024 portant d\u00e9l\u00e9gation de signature du recteur de la r\u00e9gion acad\u00e9mique Provence-Alpes-C\u00f4te d'Azur \naccord\u00e9e \u00e0 M. Jean-Yves BESSOL, directeur acad\u00e9mique des services de l'\u00e9ducation nationale des Bouches-du-Rh\u00f4ne et \nsubd\u00e9l\u00e9gation de signature \u00e0 Monsieur Thomas TABUS, chef du service d\u00e9partemental  \u00e0 la jeunesse, \u00e0 l'engagement et au sports \n(SDJES) des Bouches-du-Rh\u00f4ne, \u00e0 Monsieur Nicolas PERETTI chef du p\u00f4le sports du SDJES et \u00e0 Monsieur Jean-Christophe \nMEOZZI chef du p\u00f4le jeunesse vie associative du SDJES ; \nVu l'arr\u00eat\u00e9 n\u00b0 TCA /13-23-50 portant reconnaissance du tronc commun d'agr\u00e9ment de l'association MJC LAMBESC ; \n \nVu la demande pr\u00e9sent\u00e9e par l'association ci-dessous d\u00e9sign\u00e9e ; \n \nArticle 1er :  L'agr\u00e9ment pr\u00e9vu par le d\u00e9cret susvis\u00e9 du 22 avril 2002 est accord\u00e9 \u00e0 l'association dont le nom suit : \nNum\u00e9ro d'agr\u00e9ment  Nom de l'association  \nCommune du si\u00e8ge social \nn\u00b0 RNA \n13-24-JEP 05 MJC LAMBESC \n3 avenue L\u00e9o Lagrange-13410 Lambesc  \nn\u00b0 RNA : W131001040 \n \nArticle 2 :  Cet agr\u00e9ment de jeunesse et d'\u00e9ducation populaire n'est valide que si l'association mentionn\u00e9e ci-dessus d\u00e9tient un \narr\u00eat\u00e9 portant reconnaissance du tronc commun d'agr\u00e9ment en cours de validit\u00e9. \nArticle 3 :  L'association mentionn\u00e9e ci-dessus adressera chaque ann\u00e9e \u00e0 la direction des services d\u00e9partementaux de l'\u00e9ducation \nnationale des Bouches-du-Rh\u00f4ne des Bouches-du-Rh\u00f4ne, le proc\u00e8s-verbal de l'assembl\u00e9e g\u00e9n\u00e9rale, le rapport financier de \nl'exercice \u00e9coul\u00e9, le rapport annuel d'activit\u00e9s. \nArticle 4 : L'association mentionn\u00e9e ci-dessus informera la direction des services d\u00e9partementaux de l'\u00e9ducation nationale des \nBouches-du-Rh\u00f4ne, de toute modification de statuts, de changement de si\u00e8ge social, de composition du bureau. \nArticle 5 : Le pr\u00e9sent arr\u00eat\u00e9 peut faire l'objet d'un recours contentieux, aupr\u00e8s du tribunal administratif de Marseille, dans le \nd\u00e9lai de deux mois, \u00e0 compter de sa notification. Il peut \u00e9galement, dans le m\u00eame d\u00e9lai, faire l'objet d'un recours gracieux \naupr\u00e8s Monsieur le Pr\u00e9fet de la R\u00e9gion Provence Alpes C\u00f4tes d'Azur et/ou d'un recours hi\u00e9rarchique aupr\u00e8s du(des) \nministre(s) concern\u00e9(s). Service D\u00e9partemental de la Jeunesse et des Sports - 13-2024-07-16-00019 - Microsoft Word - Arr\u00eat\u00e9 d'attribution d'agr\u00e9ment JEP\n16-07-24- MJC lambesc 87\n \n \n  \nArticle 6 : : Le recteur de la r\u00e9gion acad\u00e9mique et le directeur acad\u00e9mique des services de l'\u00e9ducation nationale sont charg\u00e9s, \nchacun pour ce qui le concerne, de l'ex\u00e9cution du pr\u00e9sent arr\u00eat\u00e9. \nMarseille, le 16 juillet 2024 \n \nPour le Recteur de R\u00e9gion Acad\u00e9mique, et par \nd\u00e9l\u00e9gation \nPour le Directeur Acad\u00e9mique des Services de \nl'Education Nationale et, par d\u00e9l\u00e9gation \nLe chef de p\u00f4le jeunesse et vie associative du SDJES 13 \n \nSign\u00e9 \n \nNicolas PERETTI\n Service D\u00e9partemental de la Jeunesse et des Sports - 13-2024-07-16-00019 - Microsoft Word - Arr\u00eat\u00e9 d'attribution d'agr\u00e9ment JEP\n16-07-24- MJC lambesc 88","date":"2024-07-25","first_seen_on":"2024-07-25T14:09:03+00:00","id":"05ec7eaf8a4e586f2324aaa79b3b0d42706286194fcda1c5e02dca3eb49f86bf","name":"recueil-13-2024-177-recueil-des-actes-administratifs-special du 25 juillet 2024","pdf_creation_date":"2024-07-25T13:39:59+00:00","pdf_modification_date":null,"timezone":"Europe/Paris","url":"https://www.bouches-du-rhone.gouv.fr/contenu/telechargement/56651/405647/file/recueil-13-2024-177-recueil-des-actes-administratifs-special%20du%2025%20juillet%202024.pdf"}
