{"administration":"pref21","administration_name":"Pr\u00e9fecture de C\u00f4te-d\u2019Or","content":"PR\u00c9FET\nDE LA C\u00d4TE-D'OR\nRECUEIL DES ACTES\nADMINISTRATIFS SP\u00c9CIAL\n(NOMINATIFS)\nN\u00b021-2025-122\nPUBLI\u00c9 LE 11 SEPTEMBRE 2025\nSommaire\nPr\u00e9fecture de la C\u00f4te-d'Or / Cabinet\n21-2025-09-08-00011 - BRACHET Marc honorariat AP pour RAA (1 page) Page 3\n21-2025-09-08-00012 - MENEY ROLLET Anne-Marie honorariat AP pour RAA\n(1 page) Page 5\nPr\u00e9fecture de la C\u00f4te-d'Or / Direction de l'immigration et de la\nnationalit\u00e9\n21-2025-09-11-00001 - arr\u00eat\u00e9 pr\u00e9fectoral du 11 septembre 2025\nportant composition de la commission d'expulsion (2 pages) Page 7\n2\nPr\u00e9fecture de la C\u00f4te-d'Or\nCabinet\n21-2025-09-08-00011\nBRACHET Marc honorariat AP pour RAA\nPr\u00e9fecture de la C\u00f4te-d'Or - 21-2025-09-08-00011 - BRACHET Marc honorariat AP pour RAA 3\nt\u00e9l : 03 80 44 64 02\nm\u00e9l : pref-bureau-cabinet@cote-dor.gouv.fr\nPr\u00e9fecture de la C\u00f4te-d'Or - 21-2025-09-08-00011 - BRACHET Marc honorariat AP pour RAA 4\nPr\u00e9fecture de la C\u00f4te-d'Or\nCabinet\n21-2025-09-08-00012\nMENEY ROLLET Anne-Marie honorariat AP pour\nRAA\nPr\u00e9fecture de la C\u00f4te-d'Or - 21-2025-09-08-00012 - MENEY ROLLET Anne-Marie honorariat AP pour RAA 5\nt\u00e9l : 03 80 44 64 02\nm\u00e9l : pref-bureau-cabinet@cote-dor.gouv.fr\nPr\u00e9fecture de la C\u00f4te-d'Or - 21-2025-09-08-00012 - MENEY ROLLET Anne-Marie honorariat AP pour RAA 6\nPr\u00e9fecture de la C\u00f4te-d'Or\nDirection de l'immigration et de la nationalit\u00e9\n21-2025-09-11-00001\narr\u00eat\u00e9 pr\u00e9fectoral du 11 septembre 2025 portant\ncomposition de la commission d'expulsion\nPr\u00e9fecture de la C\u00f4te-d'Or - 21-2025-09-11-00001 - arr\u00eat\u00e9 pr\u00e9fectoral du 11 septembre 2025 portant composition de la commission\nd'expulsion 7\nExPR\u00c9FETDE LACOTE-D'ORLibert\u00e9Egalit\u00e9Fraternit\u00e9\nDirection de l'Immigration\net de la Nationalit\u00e9\nSERVICE DE L'IMMIGRATION\nET DE L'INT\u00c9GRATION\nP\u00f4le Asile-\u00c9loignement\nAffaire suivie par L.A\nT\u00e9l. : 03.80.44.64.00\nFax : 03.80.44.69.27\nLe Pr\u00e9fet de la r\u00e9gion Bourgogne-Franche-Comt\u00e9\nPr\u00e9fet de la C\u00f4te-d'Or\nARR\u00caT\u00c9 PR\u00c9FECTORAL n\u00b0 2025-21-925\nPORTANT COMPOSITION DE LA COMMISSION D'EXPULSION\nVU le code de l'entr\u00e9e et du s\u00e9jour des \u00e9trangers et du droit d'asile, et\nnotamment ses articles L. 632-1, L. 632-2 et R. 632-7 ;\nVU  le  d\u00e9cret  du  10  octobre  2024  nommant  Monsieur  Paul  MOURIER,\npr\u00e9fet de la r\u00e9gion Bourgogne Franche-Comt\u00e9, pr\u00e9fet de la C\u00f4te d'Or ; \nVU  le  d\u00e9cret  du  14  novembre  2024  portant  nomination  de  M.  Denis\nBRUEL, administrateur de l'\u00c9tat du deuxi\u00e8me grade, en qualit\u00e9 de secr\u00e9taire g\u00e9n\u00e9ral\nde la Pr\u00e9fecture de la C\u00f4te-d'Or, sous-pr\u00e9fet de Dijon (groupe II) ;\nVU l'arr\u00eat\u00e9  pr\u00e9fectoral  du  13  juin  2025  r\u00e9guli\u00e8rement  publi\u00e9,  donnant\nd\u00e9l\u00e9gation de signature \u00e0 M. Denis BRUEL, secr\u00e9taire g\u00e9n\u00e9ral de la pr\u00e9fecture de la\nC\u00f4te-d'Or ; \nVU les d\u00e9signations effectu\u00e9es par la pr\u00e9sidente du Tribunal judiciaire de\nDijon pour le troisi\u00e8me trimestre de l'ann\u00e9e 2025 ;\nSUR proposition du secr\u00e9taire g\u00e9n\u00e9ral de la pr\u00e9fecture de la C\u00f4te-d'Or ;\nA R R E T E\nArticle  1  er      : La  commission  d\u00e9partementale  d'expulsion  des  \u00e9trangers  pr\u00e9vue  \u00e0\nl'article L.632 - 1 du code de l'entr\u00e9e et du s\u00e9jour des \u00e9trangers et du droit d'asile est\ncompos\u00e9e comme suit :\nPr\u00e9sident  e   :\nMadame Nathalie POUX, pr\u00e9sidente  du Tribunal  judiciaire de Dijon\nMembres titulaires :\nMadame Odile LEGRAND, premi\u00e8re vice-pr\u00e9sidente du Tribunal  judiciaire de Dijon\nMonsieur Philippe NICOLET, vice-pr\u00e9sident du Tribunal administratif de Dijon\nPr\u00e9fecture de la C\u00f4te-d'Or - 21-2025-09-11-00001 - arr\u00eat\u00e9 pr\u00e9fectoral du 11 septembre 2025 portant composition de la commission\nd'expulsion 8\nMembres suppl\u00e9ants :\nMadame Catherine PERTUISOT, vice-pr\u00e9sidente du Tribunal judiciaire de Dijon\nMadame Audrey MATHIAS, vice-pr\u00e9sidente du Tribunal judiciaire de Dijon\nMonsieur  Laurent  BOISSY,  conseiller aupr\u00e8s  du  Tribunal  administratif  de  Dijon\n(premier suppl\u00e9ant)\nA titre consultatif, Madame la directrice d\u00e9partementale de l'emploi, du travail et\ndes solidarit\u00e9s ou son repr\u00e9sentant pourra \u00eatre entendu par la commission ;\nArticle   2   : Le service d'immigration et d'int\u00e9gration \u00e0 la pr\u00e9fecture de C\u00f4te d'Or sera\ncharg\u00e9 des fonctions de rapporteur et du secr\u00e9tariat ;\nArticle  3 : Le secr\u00e9taire  g\u00e9n\u00e9ral  de  la  pr\u00e9fecture  de  la  C\u00f4te-d'Or  est  charg\u00e9  de\nl'ex\u00e9cution du pr\u00e9sent arr\u00eat\u00e9 qui sera publi\u00e9 au recueil des actes administratifs de la\nPr\u00e9fecture de la C\u00f4te-d'Or.\n               Fait \u00e0 Dijon, le 11/09/2025\nLe Pr\u00e9fet\nPour le Pr\u00e9fet et par d\u00e9l\u00e9gation,\nLe Secr\u00e9taire G\u00e9n\u00e9ral\nSign\u00e9 :\nDenis BRUEL\nPr\u00e9fecture de la C\u00f4te-d'Or - 21-2025-09-11-00001 - arr\u00eat\u00e9 pr\u00e9fectoral du 11 septembre 2025 portant composition de la commission\nd'expulsion 9","date":"2025-09-11","first_seen_on":"2025-09-13T20:51:11+00:00","id":"062f76180159a3512b2f6b4c8d07a918225d62f4eefd3bed5b516153f39add35","name":"RAA n\u00b0 122 du 11 septembre 2025","pdf_creation_date":"2025-09-11T14:04:41+00:00","pdf_modification_date":null,"timezone":"Europe/Paris","url":"https://www.cote-dor.gouv.fr/contenu/telechargement/24202/184067/file/recueil-21-2025-122-recueil-des-actes-administratifs-nominatifs.pdf"}
