{"administration":"pref21","administration_name":"Pr\u00e9fecture de C\u00f4te-d\u2019Or","content":"PR\u00c9FET\nDE LA C\u00d4TE-D'OR\nRECUEIL DES ACTES\nADMINISTRATIFS SP\u00c9CIAL\nN\u00b021-2025-120\nPUBLI\u00c9 LE  9 SEPTEMBRE 2025\nSommaire\nDirection d\u00e9partementale de l'emploi, du travail et des solidarit\u00e9s de\nC\u00f4te-d'Or /\n21-2025-09-08-00004 - D\u00e9claration modificative SAP - BIEN ETRE ET VIE -\nn\u00b0517967022 (2 pages) Page 3\n21-2025-09-08-00003 - D\u00e9claration modificative SAP - Robert RAGGI -\nn\u00b0849175922 (2 pages) Page 6\n21-2025-09-08-00006 - R\u00e9c\u00e9piss\u00e9 d\u00e9claration SAP n\u00b0945077071 -\nIAOUDAREN Mahdi (2 pages) Page 9\n21-2025-09-08-00005 - R\u00e9c\u00e9piss\u00e9 d\u00e9claration SAP n\u00b0990759607 -\nAHMED HOUMADI Toimasna (2 pages) Page 12\nPr\u00e9fecture de la C\u00f4te-d'Or / Direction des s\u00e9curit\u00e9s\n21-2025-09-09-00001 - Arr\u00eat\u00e9 pr\u00e9fectoral N\u00b01366\nautorisant la\ncaptation, l'enregistrement et la transmission d'images\nau moyen\nde cam\u00e9ras install\u00e9es sur des a\u00e9ronefs (3 pages) Page 15\n21-2025-09-09-00002 - Arr\u00eat\u00e9 pr\u00e9fectoral N\u00b01369\nportant\ninterdiction de toutes manifestations dans un secteur de la ville de\nDijon\nle mercredi 10 septembre 2025 (4 pages) Page 19\nPr\u00e9fecture de la C\u00f4te-d'Or / SGCD de C\u00f4te-d'Or\n21-2025-09-08-00002 - Arr\u00eat\u00e9 pr\u00e9fectoral du 8 septembre 2025 de\nsubd\u00e9l\u00e9gation de signature de Mme Nathalie Berget, directrice du\nSGCD21 (8 pages) Page 24\nSous-pr\u00e9fecture de Beaune /\n21-2025-09-08-00001 - Arr\u00eat\u00e9 pr\u00e9fectoral n\u00b0 1361 du 8 septembre\n2025\nportant autorisation de la manifestation \navec participation de\nv\u00e9hicules terrestres \u00e0 moteur d\u00e9nomm\u00e9e \u00ab\u00a03\u00e8me auto-cross et\nsprint-car de Quincey\u00a0\u00bb\n organis\u00e9e les 13 et 14 septembre 2025 \u00e0\nPremeaux-Prissey et Quincey \n (8 pages) Page 33\nSous-pr\u00e9fecture de Montbard / P\u00f4le collectivit\u00e9s locales et\nd\u00e9veloppement territorial\n21-2025-09-05-00005 - AP du 5 septembre 2025 portant modification\nstatutaire du SESAM (8 pages) Page 42\n2\nDirection d\u00e9partementale de l'emploi, du travail\net des solidarit\u00e9s de C\u00f4te-d'Or\n21-2025-09-08-00004\nD\u00e9claration modificative SAP - BIEN ETRE ET VIE -\nn\u00b0517967022\nDirection d\u00e9partementale de l'emploi, du travail et des solidarit\u00e9s de C\u00f4te-d'Or - 21-2025-09-08-00004 - D\u00e9claration modificative SAP\n- BIEN ETRE ET VIE - n\u00b0517967022 3\nPREFETDE LACOTE-D'ORLibert\u00e9\u00c9galit\u00e9Fraternit\u00e9\nDirection D\u00e9partementale de l'Emploi, \ndu Travail et des Solidarit\u00e9s - DDETS \n \nDDETS 21, 6 rue Chancelier de l'Hospital - 21000 DIJON  \nT\u00e9l. : 03 80 68 30 00 (Accueil) \nwww.cote-dor.gouv.fr \nAffaire suivie par Sophie LACROIX                            Dijon, le 08/09/2025 \nP\u00f4le Emploi Coh\u00e9sion Territoriale \nT\u00e9l : 03  80 68 39 25 // 06 84 89 20 33 \nCourriel : sophie.lacroix@cote-dor.gouv.fr \nBIEN ETRE ET VIE \n8 rue Jeanne Barret \nB\u00e2timent B - Valmy \n 21000 DIJON  \n \n \nRECEPISSE DE DECLARATION MODIFICATIVE \nd'un Organisme de Services \u00e0 la Personne \nEnregistr\u00e9 sous le n\u00b0 SAP/517967022 \n \n \nLe Pr\u00e9fet de la C\u00f4te-d'Or, et par subd\u00e9l\u00e9gation du Directeur D\u00e9partemental de la DDETS, la Cheffe du P\u00f4le \nEmploi et Coh\u00e9sion Territoriale/ La Responsable de l'Unit\u00e9 Formation, Emploi, Insertion  \n \nVU la loi n\u00b0 2015-1776 du 28 d\u00e9cembre 2015 relative \u00e0 l'adaptation de la soci\u00e9t\u00e9 au vieillissem ent, \n \nVU le d\u00e9cret n\u00b0 2016 -750 du 6 juin 2016 relatif \u00e0 la liste des activit\u00e9s de services \u00e0 la personne soumises \u00e0 \nagr\u00e9ment ou \u00e0 autorisation dans le cadre du r\u00e9gime commun de la d\u00e9claration,  \n \nVU le code du travail et notamment les articles L 7231-1 \u00e0 L 7233-2,  R 7232-16 \u00e0 R 7232-22, D7231-1 et D 7233-\n1 \u00e0 D 7233-5. \n \nConstate \n \nQu'une d\u00e9claration d'activit\u00e9s de services \u00e0 la personne a \u00e9t\u00e9 accord\u00e9e par la DDETS de C\u00f4te d'Or, le 1er janvier \n2016, \u00e0 la SARL BIEN ETRE ET VIE , dont le si\u00e8ge  social est situ\u00e9 au 49 Rue Ren\u00e9 Cassin  21850 ST \nAPOLLINAIRE et enregistr\u00e9e sous le n\u00b0 SAP/ 517967022. \n \nQu'\u00e0 la suite d'une demande de changement d'adresse de l'\u00e9tablissement principal (demande NOVA n\u00b0 D443640 \ndu 03/09/2025), une d\u00e9claration modificative s'applique , toujours selon les m\u00eames modalit\u00e9s et les m\u00eames \nactivit\u00e9s qu'auparavant, \u00e0 l'exclusion de toute autre : \n \nSur le territoire national : \n \nPrestations relevant de la seule d\u00e9claration : \n- Entretien de la maison et travaux m\u00e9nagers  \n- Pr\u00e9paration de repas \u00e0 domicile \n- Livraison de repas \u00e0 domicile \n- Assistance administrative \u00e0 domicile \n- T\u00e9l\u00e9-assistance et visio-assistance \n- Accompagnement des personnes pr\u00e9sentant une invalidit\u00e9 temporaire \nDirection d\u00e9partementale de l'emploi, du travail et des solidarit\u00e9s de C\u00f4te-d'Or - 21-2025-09-08-00004 - D\u00e9claration modificative SAP\n- BIEN ETRE ET VIE - n\u00b0517967022 4\nDDETS 21, 6 rue Chancelier de l'Hospital - 21000 DIJON  \nT\u00e9l. : 03 80 68 30 00 (Accueil) \nwww.cote-dor.gouv.fr \n- Assistance aux personnes ayant besoin d'une aide temporaire \u00e0 leur domicile  \n- Coordination et d\u00e9livrance des SAP \n \nPrestations soumises \u00e0 autorisation du Conseil d\u00e9partemantal : \n- Assistance aux personnes \u00e2g\u00e9es et aux personnes handicap\u00e9es  \n- Conduite de v\u00e9hicule des personnes \u00e2g\u00e9es et personnes handicap\u00e9es \n- Accompagnement des personnes \u00e2g\u00e9es et personnes handicap\u00e9es \n \nCes activit\u00e9s sont toujours effectu\u00e9es en qualit\u00e9 de prestataire. \n \nCependant, l'adresse du si\u00e8ge social/\u00e9tablissement principal est d\u00e9sormais celle indi qu\u00e9e ci-dessus, 8 \nrue Jeanne Barret B\u00e2timent B \u2013 Valmy 21000 DIJON, SIRET, 517 967 022 00032. \n \nElle fait suite \u00e0 la pr\u00e9c\u00e9dente adresse ci-dessous : \n- 49 Rue RENE CASSIN 21850 ST APOLLINAIRE, SIRET, 517 967 022 00024. \n \nToute modification concernant les activit\u00e9s exerc\u00e9es devra faire l'objet d'une d\u00e9claration modificative pr\u00e9alable.  \nSous r\u00e9serve d'\u00eatre exerc\u00e9es \u00e0 titre exclusif ou de tenir une comptabilit\u00e9 s\u00e9par\u00e9e pour les organismes pouvant \nd\u00e9roger \u00e0 la condition d'activit\u00e9 exclusive (art L 7232 -1-2 Code Trav), ces activit\u00e9s ouvrent droit au b\u00e9n\u00e9fice des \ndispositions des articles L. 7233-2 du code du travail et L. 241-10 du code de la s\u00e9curit\u00e9 sociale dans les conditions \npr\u00e9vues par ces articles. \nL'enregistrement de la d\u00e9claration peut \u00eatre retir\u00e9 dans les conditions fix\u00e9es aux articles R.7232-20 \u00e0 R.7232-22 \ndu code du travail. \nLe pr\u00e9sent r\u00e9c\u00e9piss\u00e9 n'est pas limit\u00e9 dans le temps et sera publi\u00e9 au recueil des actes administratifs de la \npr\u00e9fecture de la C\u00f4te d'Or. \n \n \n \nPour le Pr\u00e9fet de C\u00f4te d'Or, \nEt par subd\u00e9l\u00e9gation du Directeur D\u00e9partemental \nemp\u00each\u00e9, \n La Responsable de l'Unit\u00e9, Formation, Emploi et \nInsertion, \n \nSIGNE  \n                   Marie BEGRAND   \nDirection d\u00e9partementale de l'emploi, du travail et des solidarit\u00e9s de C\u00f4te-d'Or - 21-2025-09-08-00004 - D\u00e9claration modificative SAP\n- BIEN ETRE ET VIE - n\u00b0517967022 5\nDirection d\u00e9partementale de l'emploi, du travail\net des solidarit\u00e9s de C\u00f4te-d'Or\n21-2025-09-08-00003\nD\u00e9claration modificative SAP - Robert RAGGI -\nn\u00b0849175922\nDirection d\u00e9partementale de l'emploi, du travail et des solidarit\u00e9s de C\u00f4te-d'Or - 21-2025-09-08-00003 - D\u00e9claration modificative SAP\n- Robert RAGGI - n\u00b0849175922 6\nPREFETDE LACOTE-D'ORLibert\u00e9\u00c9galit\u00e9Fraternit\u00e9\nDirection D\u00e9partementale de l'Emploi, \ndu Travail et des Solidarit\u00e9s - DDETS \n \nDDETS 21, 6 rue Chancelier de l'Hospital - 21000 DIJON  \nT\u00e9l. : 03 80 68 30 00 (Accueil) \nwww.cote-dor.gouv.fr \nAffaire suivie par Sophie LACROIX                                Dijon, le 08/09/2025 \nP\u00f4le Emploi Coh\u00e9sion Territoriale \nT\u00e9l : 03  80 68 39 25 // 06 84 89 20 33 \nCourriel : sophie.lacroix@cote-dor.gouv.fr \nRAGGI Antoine \n7b rue Colette \n21800 CHEVIGNY-SAINT-SAUVEUR \n \n \nRECEPISSE DE DECLARATION MODIFICATIVE \nd'un Organisme de Services \u00e0 la Personne \nEnregistr\u00e9 sous le n\u00b0 SAP/849175922 \n \n \nLe Pr\u00e9fet de la C\u00f4te-d'Or, et par subd\u00e9l\u00e9gation du Directeur D\u00e9partemental de la DDETS, la Cheffe du P\u00f4le \nEmploi et Coh\u00e9sion Territoriale/ La Responsable de l'Unit\u00e9 Formation, Emploi, Insertion  \n \nVU la loi n\u00b0 2015-1776 du 28 d\u00e9cembre 2015 relative \u00e0 l'adaptation de la soci\u00e9t\u00e9 au vieillisseme nt, \n \nVU le d\u00e9cret n\u00b0 2016 -750 du 6 juin 2016 relatif \u00e0 la liste des activit\u00e9s de services \u00e0 la personne soumises \u00e0 \nagr\u00e9ment ou \u00e0 autorisation dans le cadre du r\u00e9gime commun de la d\u00e9claration,  \n \nVU le code du travail et notamment les articles L 7231-1 \u00e0 L 7233-2,  R 7232-16 \u00e0 R 7232-22, D7231-1 et D 7233-\n1 \u00e0 D 7233-5. \n \nConstate \n \nQu'une d\u00e9claration d'activit\u00e9s de services \u00e0 la personne a \u00e9t\u00e9 accord\u00e9e par la DDETS de C\u00f4te d'Or, le 18 avril \n2019, \u00e0 la micro-entreprise de M. Robert RAGGI, dont le si\u00e8ge social est situ\u00e9 au10 Rue BASSANO 21000 DIJON \net enregistr\u00e9e sous le n\u00b0 SAP/ 849175922. \n \nQu'\u00e0 la suite d'une demande de modification du nom et de l'adresse de l'\u00e9tablissement principal (demande NOVA \nn\u00b0 D439680 du 25/08/2025), une d\u00e9claration modificative s'applique, toujours selon les m\u00eames modalit\u00e9s et les \nm\u00eames activit\u00e9s qu'auparavant, \u00e0 l'exclusion de toute autre : \n \nSur le territoire national : \n \nPrestation relevant de la seule d\u00e9claration : \n- Entretien de la maison et travaux m\u00e9nagers  \n \nCette activit\u00e9 est toujours effectu\u00e9e en qualit\u00e9 de prestataire. \n \nCependant, le nom et l'adresse du si\u00e8ge social/\u00e9tablissement principal sont d\u00e9sormais les suivants : M. \nRAGGI Antoine 7b rue Colette 21800 CHEVIGNY-SAINT-SAUVEUR, SIRET, 849 175 922 00020. \n \nDirection d\u00e9partementale de l'emploi, du travail et des solidarit\u00e9s de C\u00f4te-d'Or - 21-2025-09-08-00003 - D\u00e9claration modificative SAP\n- Robert RAGGI - n\u00b0849175922 7\nDDETS 21, 6 rue Chancelier de l'Hospital - 21000 DIJON  \nT\u00e9l. : 03 80 68 30 00 (Accueil) \nwww.cote-dor.gouv.fr \nElle fait suite \u00e0 la pr\u00e9c\u00e9dente adresse ci-dessous : \n- M. RAGGI Robert 10b rue Bassano 21000 DIJON, SIRET, 849 175 922 00012. \n \nToute modification concernant les activit\u00e9s exerc\u00e9es devra faire l'objet d'une d\u00e9claration modificative pr \u00e9alable. \nSous r\u00e9serve d'\u00eatre exerc\u00e9es \u00e0 titre exclusif ou de tenir une comptabilit\u00e9 s\u00e9par\u00e9e pour les organismes pouvant \nd\u00e9roger \u00e0 la condition d'activit\u00e9 exclusive (art L 7232 -1-2 Code Trav), ces activit\u00e9s ouvrent droit au b\u00e9n\u00e9fice des \ndispositions des articles L. 7233-2 du code du travail et L. 241-10 du code de la s\u00e9curit\u00e9 sociale dans les conditions \npr\u00e9vues par ces articles. \nL'enregistrement de la d\u00e9claration peut \u00eatre retir\u00e9 dans les conditions fix\u00e9es aux articles R.7232 -20 \u00e0 R.7232-22 \ndu code du travail. \nLe pr\u00e9sent r\u00e9c\u00e9piss\u00e9 n'est pas limit\u00e9 dans le temps et sera publi\u00e9 au recueil des actes administratifs de la \npr\u00e9fecture de la C\u00f4te d'Or. \n \n \n \nPour le Pr\u00e9fet de C\u00f4te d'Or, \nEt par subd\u00e9l\u00e9gation du Directeur D\u00e9partemental \nemp\u00each\u00e9, \n La Responsable de l'Unit\u00e9, Formation, Emploi et \nInsertion, \n \nSIGNE  \n                   Marie BEGRAND   \nDirection d\u00e9partementale de l'emploi, du travail et des solidarit\u00e9s de C\u00f4te-d'Or - 21-2025-09-08-00003 - D\u00e9claration modificative SAP\n- Robert RAGGI - n\u00b0849175922 8\nDirection d\u00e9partementale de l'emploi, du travail\net des solidarit\u00e9s de C\u00f4te-d'Or\n21-2025-09-08-00006\nR\u00e9c\u00e9piss\u00e9 d\u00e9claration SAP n\u00b0945077071 -\nIAOUDAREN Mahdi\nDirection d\u00e9partementale de l'emploi, du travail et des solidarit\u00e9s de C\u00f4te-d'Or - 21-2025-09-08-00006 - R\u00e9c\u00e9piss\u00e9 d\u00e9claration SAP\nn\u00b0945077071 - IAOUDAREN Mahdi 9\nPREFETDE LACOTE-D'ORLibert\u00e9\u00c9galit\u00e9Fraternit\u00e9\nDirection D\u00e9partementale de l'Emploi, \ndu Travail et des Solidarit\u00e9s - DDETS \nDDETS 21, 6 rue Chancelier de l'Hospital - 21000 DIJON  \nT\u00e9l. : 03 80 68 30 00 (Accueil) \nwww.cote-dor.gouv.fr \nAffaire suivie par Sophie LACROIX                          Dijon, le 08/09/2025 \nP\u00f4le Emploi-Coh\u00e9sion Territoriale, \nT\u00e9l : 03 80 68 39 25 // 06 84 89 20 33 \nCourriel : sophie.lacroix@cote-dor.gouv.fr \nM. IAOUDAREN Mahdi  \n16 rue Ernest Renan \n21300 CHENOVE \n \n \n \nRECEPISSE DE DECLARATION \nd'un Organisme de Services \u00e0 la Personne \nEnregistr\u00e9 sous le n\u00b0 SAP/ 945077071 \n \n \nLe Pr\u00e9fet de la C\u00f4te-d'Or, et par subd\u00e9l\u00e9gation de la Directrice D\u00e9partementale de la DDETS, la \nCheffe du P\u00f4le Emploi et Coh\u00e9sion Territoriale/la Responsable de l'Unit\u00e9 Formation, Emploi, Insertion \n \n \n \nVU la loi n\u00b0 2015-1776 du 28 d\u00e9cembre 2015 relative \u00e0 l'adaptation de la soci\u00e9t\u00e9 au vieillissement, \n \nVU le d\u00e9cret n\u00b0 2016-750 du 6 juin 2016 relatif \u00e0 la liste des activit\u00e9s de services \u00e0 la personne soumises \n\u00e0 agr\u00e9ment ou \u00e0 autorisation dans le cadre du r\u00e9gime commun de la d\u00e9claration, \n \nVU le code du travail et notamment les articles L 7231-1 \u00e0 L 7233-2, R 7232-16 \u00e0 R 7232-22, D7231-1 \net D 7233-1 \u00e0 D 7233-5. \n \n \nConstate \n \nQu'une d\u00e9claration d'activit\u00e9s de services \u00e0 la personne a \u00e9t\u00e9 d\u00e9pos\u00e9e sous le n\u00b0 2548800 aupr\u00e8s de \nla DDETS de la C\u00f4te d'Or, le 25/08/2025, par M.  IAOUDAREN Mahdi, dans le cadre d'une micro-\nentreprise repr\u00e9sent\u00e9e par M. IAOUDAREN Mahdi, dont le si\u00e8ge social est situ\u00e9 16 rue Ernest Renan \n21300 CHENOVE et enregistr\u00e9e sous le n\u00b0 SAP/  945077071 pour les activit\u00e9s suivantes \u00e0 l'exclusion \nde toute autre :  \n \n1. Soutien scolaire ou cours \u00e0 domicile \n \nCette activit\u00e9 est exerc\u00e9e en qualit\u00e9 de prestataire. \nL'\u00e9tablissement principal, \u00e9galement si\u00e8ge social, se situe \u00e0 l'adresse ci-dessus et poss\u00e8de le num\u00e9ro \nSIRET suivant, 945 077 071 00013. \nDirection d\u00e9partementale de l'emploi, du travail et des solidarit\u00e9s de C\u00f4te-d'Or - 21-2025-09-08-00006 - R\u00e9c\u00e9piss\u00e9 d\u00e9claration SAP\nn\u00b0945077071 - IAOUDAREN Mahdi 10\nDDETS 21, 6 rue Chancelier de l'Hospital - 21000 DIJON  \nT\u00e9l. : 03 80 68 30 00 (Accueil) \nwww.cote-dor.gouv.fr \nToute modification concernant l'activit\u00e9 exerc\u00e9e devra  faire l'objet d'une d\u00e9claration modificative \npr\u00e9alable. \nSous r\u00e9serve d'\u00eatre exerc\u00e9e \u00e0 titre exclusif (ou sous r\u00e9serve d'une comptabilit\u00e9 s\u00e9par\u00e9e pour les \npersonnes morales dispens\u00e9es de cette condition), ces activit\u00e9s ouvrent droit au b\u00e9n\u00e9fice des \ndispositions des articles L. 7233-2 du code du travail et L. 241 -10 du code de la s\u00e9curit\u00e9 sociale dans \nles conditions pr\u00e9vues par ces articles. \nLes effets de la d\u00e9claration courent \u00e0 compter du jour de d\u00e9p\u00f4t de la demande, conform\u00e9ment \u00e0 l'article \nR.7232-18 du code du travail. \nL'enregistrement de la d\u00e9claration peut \u00eatre retir\u00e9 dans les conditions fix\u00e9es aux articles R.7232 -20 \u00e0 \nR.7232-22 du code du travail. \nLe pr\u00e9sent r\u00e9c\u00e9piss\u00e9 n'est pas limit\u00e9 dans le temps et sera publi\u00e9 au recueil des actes administratifs de \nla pr\u00e9fecture de la C\u00f4te d'Or. \n \nPour le Pr\u00e9fet de C\u00f4te d'Or \nEt par subd\u00e9l\u00e9gation de \nla Directrice D\u00e9partementale emp\u00each\u00e9e, \n   \nLa Responsable de l'Unit\u00e9 Formation, Emploi, Insertion \nSIGNE   \nMarie BEGRAND \nDirection d\u00e9partementale de l'emploi, du travail et des solidarit\u00e9s de C\u00f4te-d'Or - 21-2025-09-08-00006 - R\u00e9c\u00e9piss\u00e9 d\u00e9claration SAP\nn\u00b0945077071 - IAOUDAREN Mahdi 11\nDirection d\u00e9partementale de l'emploi, du travail\net des solidarit\u00e9s de C\u00f4te-d'Or\n21-2025-09-08-00005\nR\u00e9c\u00e9piss\u00e9 d\u00e9claration SAP n\u00b0990759607 -\nAHMED HOUMADI Toimasna\nDirection d\u00e9partementale de l'emploi, du travail et des solidarit\u00e9s de C\u00f4te-d'Or - 21-2025-09-08-00005 - R\u00e9c\u00e9piss\u00e9 d\u00e9claration SAP\nn\u00b0990759607 - AHMED HOUMADI Toimasna 12\nPREFETDE LACOTE-D'ORLibert\u00e9\u00c9galit\u00e9Fraternit\u00e9\nDirection D\u00e9partementale de l'Emploi, \ndu Travail et des Solidarit\u00e9s - DDETS \nDDETS 21, 6 rue Chancelier de l'Hospital - 21000 DIJON  \nT\u00e9l. : 03 80 68 30 00 (Accueil) \nwww.cote-dor.gouv.fr \nAffaire suivie par Sophie LACROIX                          Dijon, le 08/09/2025 \nP\u00f4le Emploi-Coh\u00e9sion Territoriale, \nT\u00e9l : 03 80 68 39 25 // 06 84 89 20 33 \nCourriel : sophie.lacroix@cote-dor.gouv.fr \nMme AHMED HOUMADI Toimasna \n5 all\u00e9e Thann \n21000 DIJON \n \n \n \nRECEPISSE DE DECLARATION \nd'un Organisme de Services \u00e0 la Personne \nEnregistr\u00e9 sous le n\u00b0 SAP/ 990759607 \n \n \nLe Pr\u00e9fet de la C\u00f4te-d'Or, et par subd\u00e9l\u00e9gation de la Directrice D\u00e9partementale de la DDETS, la \nCheffe du P\u00f4le Emploi et Coh\u00e9sion Territoriale/la Responsable de l'Unit\u00e9 Formation, Emploi, Insertion \n \n \n \nVU la loi n\u00b0 2015-1776 du 28 d\u00e9cembre 2015 relative \u00e0 l'adaptation de la soci\u00e9t\u00e9 au vieillissement, \n \nVU le d\u00e9cret n\u00b0 2016-750 du 6 juin 2016 relatif \u00e0 la liste des activit\u00e9s de services \u00e0 la personne soumises \n\u00e0 agr\u00e9ment ou \u00e0 autorisation dans le cadre du r\u00e9gime commun de la d\u00e9claration, \n \nVU le code du travail et notamment les articles L 7231-1 \u00e0 L 7233-2, R 7232-16 \u00e0 R 7232-22, D7231-1 \net D 7233-1 \u00e0 D 7233-5. \n \n \nConstate \n \nQu'une d\u00e9claration d'activit\u00e9s de services \u00e0 la personne a \u00e9t\u00e9 d\u00e9pos\u00e9e sous le n\u00b0 2579860 aupr\u00e8s de \nla DDETS de la C\u00f4te d'Or, le 02/09/2025, par Mme AHMED HOUMADI Toimasna, dans le cadre d'une \nentreprise individuelle repr\u00e9sent\u00e9e par Mme AHMED HOUMADI Toimasna, dont le si\u00e8ge social est situ\u00e9 \n5 all\u00e9e Thann 21000 DIJON et enregistr\u00e9e sous le n\u00b0 SAP/  990759607 pour les activit\u00e9s suivantes \u00e0 \nl'exclusion de toute autre :  \n \n1. Entretien de la maison et travaux m\u00e9nagers  \n \nCette activit\u00e9 est exerc\u00e9e en qualit\u00e9 de prestataire. \nL'\u00e9tablissement principal, \u00e9galement si\u00e8ge social, se situe \u00e0 l'adresse ci-dessus et poss\u00e8de le num\u00e9ro \nSIRET suivant, 990 759 607 00015. \nDirection d\u00e9partementale de l'emploi, du travail et des solidarit\u00e9s de C\u00f4te-d'Or - 21-2025-09-08-00005 - R\u00e9c\u00e9piss\u00e9 d\u00e9claration SAP\nn\u00b0990759607 - AHMED HOUMADI Toimasna 13\nDDETS 21, 6 rue Chancelier de l'Hospital - 21000 DIJON  \nT\u00e9l. : 03 80 68 30 00 (Accueil) \nwww.cote-dor.gouv.fr \nToute modificatio n concernant l'activit\u00e9 exerc\u00e9e devra faire l'objet d'une d\u00e9claration modificative \npr\u00e9alable. \nSous r\u00e9serve d'\u00eatre exerc\u00e9e \u00e0 titre exclusif (ou sous r\u00e9serve d'une comptabilit\u00e9 s\u00e9par\u00e9e pour les \npersonnes morales dispens\u00e9es de cette condition), ces activit\u00e9s ouvrent droit au b\u00e9n\u00e9fice des \ndispositions des articles L. 7233-2 du code du travail et L. 241 -10 du code de la s\u00e9curit\u00e9 sociale dans \nles conditions pr\u00e9vues par ces articles. \nLes effets de la d\u00e9claration courent \u00e0 compter du jour de d\u00e9p\u00f4t de la demande, conform\u00e9ment \u00e0 l'article \nR.7232-18 du code du travail. \nL'enregistrement de la d\u00e9claration peut \u00eatre retir\u00e9 dans les conditions fix\u00e9es aux articles R.7232 -20 \u00e0 \nR.7232-22 du code du travail. \nLe pr\u00e9sent r\u00e9c\u00e9piss\u00e9 n'est pas limit\u00e9 dans le temps et sera publi\u00e9 au recueil des actes administratifs de \nla pr\u00e9fecture de la C\u00f4te d'Or. \n \nPour le Pr\u00e9fet de C\u00f4te d'Or \nEt par subd\u00e9l\u00e9gation de \nla Directrice D\u00e9partementale emp\u00each\u00e9e, \n   \nLa Responsable de l'Unit\u00e9 Formation, Emploi, Insertion \nSIGNE  \nMarie BEGRAND \nDirection d\u00e9partementale de l'emploi, du travail et des solidarit\u00e9s de C\u00f4te-d'Or - 21-2025-09-08-00005 - R\u00e9c\u00e9piss\u00e9 d\u00e9claration SAP\nn\u00b0990759607 - AHMED HOUMADI Toimasna 14\nPr\u00e9fecture de la C\u00f4te-d'Or\nDirection des s\u00e9curit\u00e9s\n21-2025-09-09-00001\nArr\u00eat\u00e9 pr\u00e9fectoral N\u00b01366\nautorisant la captation, l'enregistrement et la\ntransmission d'images\nau moyen de cam\u00e9ras install\u00e9es sur des a\u00e9ronefs\nPr\u00e9fecture de la C\u00f4te-d'Or - 21-2025-09-09-00001 - Arr\u00eat\u00e9 pr\u00e9fectoral N\u00b01366\nautorisant la captation, l'enregistrement et la transmission d'images\nau moyen de cam\u00e9ras install\u00e9es sur des a\u00e9ronefs\n15\nExPREFETDE LACOTE-D'ORLibert\u00e9Egalit\u00e9Fraternit\u00e9\nDirection des s\u00e9curit\u00e9s\nDijon, le 09 septembre 2025\nArr\u00eat\u00e9 pr\u00e9fectoral N\u00b01366\nautorisant la captation, l'enregistrement et la transmission d'images\nau moyen de cam\u00e9ras install\u00e9es sur des a\u00e9ronefs\nLe pr\u00e9fet de la C\u00f4te-d'Or\nVU le code de la s\u00e9curit\u00e9 int\u00e9rieure et notamment ses articles L. 242-1 \u00e0 L. 242-8 et R. 242-8 \u00e0 R. 242-\n14 ;\nVU le d\u00e9cret n\u00b0 2004-374 du 29 avril 2004 relatif aux pouvoirs des pr\u00e9fets, \u00e0 l'organisation et \u00e0  \nl'action des services de l'\u00c9tat dans les r\u00e9gions et d\u00e9partements ;\nVU l'arr\u00eat\u00e9 du ministre de l'Int\u00e9rieur et des outre-mer, en date du 19 avril 2023 relatif au nombre  \nmaximal de cam\u00e9ras install\u00e9es sur des a\u00e9ronefs pouvant \u00eatre simultan\u00e9ment utilis\u00e9es dans chaque  \nd\u00e9partement et collectivit\u00e9 d'outre-mer ;\nVU l'arr\u00eat\u00e9 pr\u00e9fectoral n\u00b01010/SG du 02 juillet 2025 donnant d\u00e9l\u00e9gation de signature \u00e0 madame  \nAur\u00e9lie  CONTRECIVILE,  sous-pr\u00e9f\u00e8te,  directrice  de  cabinet  du  pr\u00e9fet  de  la  r\u00e9gion  Bourgogne \nFranche-Comt\u00e9, pr\u00e9fet de C\u00f4te-d'Or ;\nVU la demande re\u00e7ue le 04 septembre 2025, formul\u00e9e par la direction interd\u00e9partementale de la  \npolice  nationale  de  la  C\u00f4te-d'Or,  visant  \u00e0  obtenir  l'autorisation  de  capter,  d'enregistrer  et  de \ntransmettre des images au moyen de cam\u00e9ras install\u00e9es sur deux drones afin de pr\u00e9venir les risques \nde  troubles  \u00e0  l'ordre  public  \u00e0  l'occasion  de  la  manifestation  intersyndicale  pr\u00e9vue  le  \n10 septembre 2025 \u00e0 Dijon ;\nVU la d\u00e9claration de manifestation re\u00e7ue le 04 septembre 2025, transmise par les organisations  \nsyndicales Solidaires 21, CGT et FSU pour l'organisation d'un cort\u00e8ge dans les rues de Dijon le  \nmercredi 10 septembre 2025 ;\nCONSID\u00c9RANT que les dispositions susvis\u00e9es et notamment les 1\u00b0 et 2\u00b0 de l'article L. 242-5 du code \nde la s\u00e9curit\u00e9 int\u00e9rieure permettent aux forces de s\u00e9curit\u00e9 int\u00e9rieure, dans le cadre de la pr\u00e9vention \ndes atteintes \u00e0 la s\u00e9curit\u00e9 des personnes et des biens ainsi que dans le cadre de la s\u00e9curit\u00e9 des  \nrassemblements de personnes sur la voie publique ou dans des lieux ouverts au public, de proc\u00e9der  \n\u00e0 la captation, \u00e0 l'enregistrement et \u00e0 la transmission d'images au moyen de cam\u00e9ras install\u00e9es sur  \ndes a\u00e9ronefs ;\nCONSID\u00c9RANT que selon les informations disponibles et concordantes la manifestation susvis\u00e9e  \nd\u00e9clar\u00e9e par les syndicats Solidaires 21, CGT et FSU qui se d\u00e9roulera le mercredi 10 septembre 2025 \n\u00e0 Dijon est susceptible de r\u00e9unir entre 2  000 et 3  000 personnes ; que des \u00e9l\u00e9ments perturbateurs  \nsont susceptibles de rejoindre le cort\u00e8ge ;\nCONSID\u00c9RANT que  les  forces  de  l'ordre  restent  tr\u00e8s  fortement  mobilis\u00e9es  sur  l'ensemble  du \nterritoire dans le cadre du plan Vigipirate, rehauss\u00e9 au niveau \u00ab urgence attentat \u00bb depuis le 24 mars \n2024 ;\nCONSID\u00c9RANT que le recours aux a\u00e9ronefs permet aux forces de s\u00e9curit\u00e9 de disposer d'une vision  \nd'ensemble, en grand angle ; que ce dispositif permet d'identifier rapidement les troubles \u00e0 l'ordre  \nPr\u00e9fecture de la C\u00f4te-d'Or - 21-2025-09-09-00001 - Arr\u00eat\u00e9 pr\u00e9fectoral N\u00b01366\nautorisant la captation, l'enregistrement et la transmission d'images\nau moyen de cam\u00e9ras install\u00e9es sur des a\u00e9ronefs\n16\npublic et d'organiser les man\u0153uvres de maintien de l'ordre tout en limitant l'engagement des forces \nau sol ;\nCONSID\u00c9RANT que  la  demande  porte  sur  l'engagement  de  deux  cam\u00e9ras  a\u00e9roport\u00e9es ;  qu'au \nregard des circonstances susmentionn\u00e9es, la demande n'appara\u00eet pas disproportionn\u00e9e ;\nSUR proposition  de madame la directrice de cabinet du pr\u00e9fet de la r\u00e9gion Bourgogne-Franche-\nComt\u00e9, pr\u00e9fet de la C\u00f4te-d'Or,\nARR\u00caTE\nArticle  1er :  La  captation,  l'enregistrement  et  la  transmission  d'images  par  la  direction  \ninterd\u00e9partementale de la police nationale de la C\u00f4te-d'Or, est autoris\u00e9e au titre de la pr\u00e9vention  \ndes atteintes \u00e0 la s\u00e9curit\u00e9 des personnes et des biens et pour la s\u00e9curit\u00e9 des rassemblements \u00e0  \nl'occasion de la manifestation intersyndicale du mercredi 10 septembre 2025.\nArticle  2 :  Le  nombre  maximal  de  cam\u00e9ras  pouvant  proc\u00e9der  simultan\u00e9ment  aux  traitements \nmentionn\u00e9s  \u00e0  l'article  1 er est  fix\u00e9  \u00e0  2,  install\u00e9es  sur  deux  drones  dont  les  r\u00e9f\u00e9rences  et  \nimmatriculations sont list\u00e9es ci-dessous :\n- Mavic 2 Enterprise de marque DJI, num\u00e9ro de s\u00e9rie 276CH3NR0A024B,\n- Mavic 2 Enterprise de marque DJI, num\u00e9ro de s\u00e9rie 2763J270H1H016.\nArticle 3 : La pr\u00e9sente autorisation est limit\u00e9e au p\u00e9rim\u00e8tre g\u00e9ographique d\u00e9fini en annexe.\nArticle 4 : La pr\u00e9sente autorisation est valable le mercredi 10 septembre 2025 de 13h \u00e0 20h.\nArticle 5 : L'information du public sur la mise en \u0153uvre du dispositif pr\u00e9vu par le pr\u00e9sent arr\u00eat\u00e9 est  \nassur\u00e9e comme suit par la direction interd\u00e9partementale de la police nationale :\n- information sur les r\u00e9seaux sociaux,\n- information sur le site internet.\nArticle 6 : Le registre mentionn\u00e9 \u00e0 l'article L. 241-4 du code de la s\u00e9curit\u00e9 int\u00e9rieure est transmis au  \nrepr\u00e9sentant de l'\u00c9tat dans le d\u00e9partement dans les meilleurs d\u00e9lais.\nArticle 7  : Le pr\u00e9sent arr\u00eat\u00e9 est publi\u00e9 au recueil des actes administratifs de la pr\u00e9fecture et peut  \nfaire l'objet d'un recours contentieux devant le tribunal administratif de Dijon dans un d\u00e9lai de  \ndeux mois \u00e0 compter de sa publication.\nArticle 8  : La directrice de cabinet du pr\u00e9fet de la r\u00e9gion Bourgogne-Franche-Comt\u00e9, pr\u00e9fet de la  \nC\u00f4te-d'Or, le secr\u00e9taire g\u00e9n\u00e9ral de la pr\u00e9fecture de la C\u00f4te-d'Or et le directeur interd\u00e9partemental  \nde la police nationale de la C\u00f4te-d'Or sont charg\u00e9s, chacun en ce qui le concerne, de l'ex\u00e9cution du \npr\u00e9sent arr\u00eat\u00e9 qui sera adress\u00e9 pour copie \u00e0 monsieur le procureur de la R\u00e9publique pr\u00e8s le tribunal \njudiciaire de Dijon.\nFait \u00e0 Dijon, le 09 septembre 2025\nLe pr\u00e9fet,\nPour le pr\u00e9fet et par d\u00e9l\u00e9gation, \nLa sous-pr\u00e9f\u00e8te, directrice de cabinet,\noriginal sign\u00e9\nAur\u00e9lie CONTRECIVILE\nPr\u00e9fecture de la C\u00f4te-d'Or - 21-2025-09-09-00001 - Arr\u00eat\u00e9 pr\u00e9fectoral N\u00b01366\nautorisant la captation, l'enregistrement et la transmission d'images\nau moyen de cam\u00e9ras install\u00e9es sur des a\u00e9ronefs\n17\nK}&_\u2014\u0178\u00ea\" >\u00eb 2<\u00a9v-rot & R\u00e9sidence Seniors OVELIA) m Le Courtille Ste-Mart...; e R\u00e9sidencesT k s\u00e9niors OveliaGrand H\u00f4tel'La ClocheDijon=- MGallery Collec.. \u00c2EResta \u00ebanile T - .) @ B&B HOTEL Dijon Centreter DHotel\nn m\nR{;(\u2014 VPalais des Ducs et des1rant \u00e0 ( Dijon Porte Neu'  CTRE VILLEEtats de Bourgogne@\nDijon La Belle AdresseS\u00e9jours der\u00eave \u00e0 l'h\u00f4tel\nyanye~\n>it\u00e9 Infrnationale de la @sastrofmie et du Vin\nAureynroqeu\n=<\u00ae \u00ae% %%\u00d4O\nRue ColsonRue du Transvaalo,*oP'eE\u00aes Consortium Museum\n\u00bb\n\\c\nAnnexe \u2013 P\u00e9rim\u00e8tre Dijon\nPr\u00e9fecture de la C\u00f4te-d'Or - 21-2025-09-09-00001 - Arr\u00eat\u00e9 pr\u00e9fectoral N\u00b01366\nautorisant la captation, l'enregistrement et la transmission d'images\nau moyen de cam\u00e9ras install\u00e9es sur des a\u00e9ronefs\n18\nPr\u00e9fecture de la C\u00f4te-d'Or\nDirection des s\u00e9curit\u00e9s\n21-2025-09-09-00002\nArr\u00eat\u00e9 pr\u00e9fectoral N\u00b01369\nportant interdiction de toutes manifestations\ndans un secteur de la ville de Dijon\nle mercredi 10 septembre 2025\nPr\u00e9fecture de la C\u00f4te-d'Or - 21-2025-09-09-00002 - Arr\u00eat\u00e9 pr\u00e9fectoral N\u00b01369\nportant interdiction de toutes manifestations dans un secteur de la ville de Dijon\nle mercredi 10 septembre 2025\n19\nExPREFETDE LACOTE-D'ORLibert\u00e9Egalit\u00e9Fraternit\u00e9\nDirection des s\u00e9curit\u00e9s\nBureau d\u00e9fense et s\u00e9curit\u00e9\nDijon, le 09 septembre 2025\nArr\u00eat\u00e9 pr\u00e9fectoral N\u00b01369\nportant interdiction de toutes manifestations dans un secteur de la ville de Dijon\nle mercredi 10 septembre 2025\nLe pr\u00e9fet de la C\u00f4te-d'Or\nVU le code de la s\u00e9curit\u00e9 int\u00e9rieure, notamment ses articles L. 211-1 \u00e0 L. 211-4 ;\nVU le code p\u00e9nal et notamment ses articles 222-14-2, 431-3 et suivants, R. 644-4 et R. 645-14 ;\nVU la  loi  n\u00b0  82-813  du  02  mars  1982  modifi\u00e9e  relative  aux  droits  et  libert\u00e9s  des  communes,  des  \nd\u00e9partements et des r\u00e9gions ;\nVU le d\u00e9cret n\u00b02004-374 du 29 avril 2004 modifi\u00e9 relatif aux pouvoirs des pr\u00e9fets, \u00e0 l'organisation et \u00e0  \nl'action des services de l'\u00c9tat dans les r\u00e9gions et d\u00e9partements ;\nVU  le d\u00e9cret du Pr\u00e9sident de la R\u00e9publique du 1 0 octobre 2024, nommant monsieur Paul MOURIER,  \npr\u00e9fet de Bourgogne Franche-Comt\u00e9 ; pr\u00e9fet de C\u00f4te d'Or ;\nVU l'urgence ;\nCONSID\u00c9RANT qu'il appartient  \u00e0 l'autorit\u00e9 investie du pouvoir de police administrative de concilier  \nl'exercice du droit de manifester avec les imp\u00e9ratifs de l'ordre public  ; que, dans ce cadre, elle se doit  \nde prendre les mesures de nature \u00e0 pr\u00e9venir, outre les infractions \u00e0 la loi p\u00e9nale, les troubles \u00e0 l'ordre  \npublic, \u00e0 partir de l'appr\u00e9ciation qu'elle fait du risque qu'ils surviennent  ; que r\u00e9pondent \u00e0 ces objectifs  \nles mesures par lesquelles des restrictions sont mises en \u0153uvre, notamment afin de garantir la s\u00e9curit\u00e9  \ndes personnes et des biens ;\nCONSID\u00c9RANT qu'un appel \u00e0 une mobilisation nationale \u00e0 compter du 10 septembre 2025 est relay\u00e9  \ndans les m\u00e9dias et sur les r\u00e9seaux sociaux depuis plusieurs semaines  ; que cet appel est repris par  \nd'anciennes figures du mouvement des gilets jaunes ainsi que des personnalit\u00e9s de mouvance d'extr\u00eame \ngauche comme d'extr\u00eame droite ;\nCONSID\u00c9RANT que la diversit\u00e9 des actions envisag\u00e9es, parfois radicales, fait craindre de possibles  \nd\u00e9bordements et tensions ; qu'ainsi des perturbations majeures mais \u00e9galement des d\u00e9gradations dans  \nl'espace urbain ne peuvent \u00eatre exclues ;\nCONSID\u00c9RANT que, localement, une manifestation est d\u00e9clar\u00e9e et organis\u00e9e ce mercredi 10 septembre \n2025 \u00e0 partir de 14h00  ; que cette manifestation empruntera un parcours proche de l'hyper centre-ville  \nde Dijon ; que selon les informations disponibles cette manifestation devrait rassembler a minima 2 000 \npersonnes ;\nPr\u00e9fecture de la C\u00f4te-d'Or - 21-2025-09-09-00002 - Arr\u00eat\u00e9 pr\u00e9fectoral N\u00b01369\nportant interdiction de toutes manifestations dans un secteur de la ville de Dijon\nle mercredi 10 septembre 2025\n20\nCONSID\u00c9RANT qu'il existe une probabilit\u00e9 tr\u00e8s \u00e9lev\u00e9e pour que des individus  issus de l'ultra-\ngauche aux vell\u00e9it\u00e9s d'actions violentes se greffent au cort\u00e8ge ;\nCONSID\u00c9RANT que des rassemblements auxquels participent des individus radicaux notamment  \nissus de l'ultra-gauche ont donn\u00e9 lieu \u00e0 Dijon \u00e0 des d\u00e9gradations de biens publics et priv\u00e9s et \u00e0 des  \nviolences  \u00e0  l'encontre  des  forces  de  l'ordre ;  qu'au  cours  de  l'ann\u00e9e  2023,  des  manifestations \norganis\u00e9es par des membres  ou des collectifs de l'ultra-gauche, ont donn\u00e9 lieu \u00e0 des troubles \u00e0  \nl'ordre  public  \u00e0  Dijon  lors  des  derniers  mouvements  de  contestation  sociale  en  particulier  les \n16 mars 2023, 20 mars 2023, 1 er avril 2023, 14 avril 2023, 17 avril 2023, 6 mai 2023 et 16 mai 2023  ; \nque  lors  de  ces  rassemblements,  des  individus  ont  syst\u00e9matiquement  recherch\u00e9  \u00e0  forcer  les  \nbarrages d'arr\u00eat mis en place par les forces de l'ordre et ont commis des d\u00e9gradations importantes  \nsur le mobilier urbain ainsi que des jets de projectiles contre les forces de l'ordre (pierres, pav\u00e9s,  \nbouteilles, mortiers) ;\nCONSID\u00c9RANT qu'une manifestation non d\u00e9clar\u00e9e a eu lieu le 31 mai 2025 au centre-ville de  \nDijon ; qu'elle a rassembl\u00e9 600 manifestants dont des individus radicaux notamment issus de l'ultra-\ngauche ; que de nombreuses d\u00e9gradations (tags, collage\u2026) ont \u00e9t\u00e9 constat\u00e9es dans le centre-ville  ; \nqu'un employ\u00e9 d'un magasin a \u00e9t\u00e9 bless\u00e9 \u00e0 la t\u00eate par des manifestants qui venaient de lui voler  \ndes denr\u00e9es alimentaires  ;\nCONSID\u00c9RANT que le centre-ville historique de Dijon, situ\u00e9 en secteur sauvegard\u00e9, est constitu\u00e9  \nde b\u00e2timents accol\u00e9s les uns aux autres, de ruelles \u00e9troites dont certaines sont pi\u00e9tonnes et qu'il  \nabrite un grand nombre de b\u00e2timents publics (pr\u00e9fecture, banque de France, conseil r\u00e9gional,  \nconseil d\u00e9partemental, h\u00f4tel de ville, cit\u00e9 administrative)  ; que l'intervention des forces de l'ordre  \ns'av\u00e8re particuli\u00e8rement d\u00e9licate dans ce secteur et a fortiori en cas de forte affluence ;\nCONSID\u00c9RANT  que cette mobilisation s'inscrit dans un contexte de menace terroriste aigu\u00eb qui  \nsollicite \u00e0 un niveau tr\u00e8s \u00e9lev\u00e9 les forces de s\u00e9curit\u00e9 int\u00e9rieure pour garantir la protection des  \npersonnes et des biens contre les risques d'attentat, dans le cadre du plan VIGIPIRATE, port\u00e9 au  \nniveau \"Urgence Attentat\" depuis le 25 mars 2024  ; que dans ce contexte, les services de police  \nsont d\u00e9j\u00e0 fortement mobilis\u00e9s, sans pr\u00e9judice de leurs suj\u00e9tions habituelles, pour assurer la s\u00e9curit\u00e9  \ndes  sites  sensibles  (b\u00e2timents  publics,  lieux  de  culte,  centres  commerciaux,  infrastructures  de  \ntransport...) ;\nCONSID\u00c9RANT qu'il est n\u00e9cessaire de concilier la libert\u00e9 d'aller et venir, la libert\u00e9 du commerce et  \nde l'industrie et le droit de manifester ;\nCONSID\u00c9RANT qu'il  appartient  \u00e0  l'autorit\u00e9  de  police  comp\u00e9tente  de  pr\u00e9venir  les  risques  de  \nd\u00e9sordres  et  les  atteintes  \u00e0  l'ordre  public  par  des  mesures  adapt\u00e9es,  n\u00e9cessaires  et  \nproportionn\u00e9es ;\nSur proposition  de madame la directrice de cabinet du pr\u00e9fet de la r\u00e9gion Bourgogne-Franche-\nComt\u00e9, pr\u00e9fet de la C\u00f4te-d'Or,\nARR\u00caTE\nArticle 1er : Tout rassemblement, manifestation ou cort\u00e8ge, d'individus ou de groupes est interdit  \ndans le secteur de la ville de Dijon tel que figurant sur le plan annex\u00e9 au pr\u00e9sent arr\u00eat\u00e9 le mercredi  \n10 septembre 2025 de 08h00 \u00e0 minuit, secteur sur lequel aucune manifestation n'a pour l'instant  \n\u00e9t\u00e9 d\u00e9clar\u00e9e.\nArticle 2 : Tout manquement aux dispositions pr\u00e9vues par le pr\u00e9sent arr\u00eat\u00e9 est puni de l'amende  \npr\u00e9vue pour les contraventions de la quatri\u00e8me classe conform\u00e9ment aux dispositions de l'article  \nR. 644-4 du code p\u00e9nal susvis\u00e9.\nPr\u00e9fecture de la C\u00f4te-d'Or - 21-2025-09-09-00002 - Arr\u00eat\u00e9 pr\u00e9fectoral N\u00b01369\nportant interdiction de toutes manifestations dans un secteur de la ville de Dijon\nle mercredi 10 septembre 2025\n21\nArticle  3 :  Le  pr\u00e9sent  arr\u00eat\u00e9  peut  faire  l'objet,  dans  un  d\u00e9lai  de  deux  mois  \u00e0  compter  de  sa  \npublication, d'un recours contentieux devant le tribunal administratif de Dijon qui peut \u00eatre assorti  \nd'un recours en r\u00e9f\u00e9r\u00e9 pr\u00e9vu par l'article L. 521-2 du code de justice administrative.\nArticle 4 : Le secr\u00e9taire g\u00e9n\u00e9ral de la pr\u00e9fecture de la C\u00f4te-d'Or, la directrice de cabinet du pr\u00e9fet  \nde la r\u00e9gion Bourgogne-Franche-Comt\u00e9, pr\u00e9fet de la C\u00f4te-d'Or, et le directeur interd\u00e9partemental  \nde la police nationale de la C\u00f4te-d'Or sont charg\u00e9s, chacun en ce qui le concerne, de l'ex\u00e9cution du \npr\u00e9sent arr\u00eat\u00e9 qui sera publi\u00e9 au recueil des actes administratifs de la pr\u00e9fecture, transmis \u00e0 la  \nmairie de Dijon et adress\u00e9 pour copie \u00e0 monsieur le procureur de la R\u00e9publique pr\u00e8s le tribunal  \njudiciaire de Dijon.\nFait \u00e0 Dijon, le 09 septembre 2025\nLe pr\u00e9fet,\noriginal sign\u00e9\nPaul MOURIER\nPr\u00e9fecture de la C\u00f4te-d'Or - 21-2025-09-09-00002 - Arr\u00eat\u00e9 pr\u00e9fectoral N\u00b01369\nportant interdiction de toutes manifestations dans un secteur de la ville de Dijon\nle mercredi 10 septembre 2025\n22\nANNEXE\nPr\u00e9fecture de la C\u00f4te-d'Or - 21-2025-09-09-00002 - Arr\u00eat\u00e9 pr\u00e9fectoral N\u00b01369\nportant interdiction de toutes manifestations dans un secteur de la ville de Dijon\nle mercredi 10 septembre 2025\n23\nPr\u00e9fecture de la C\u00f4te-d'Or\nSGCD de C\u00f4te-d'Or\n21-2025-09-08-00002\nArr\u00eat\u00e9 pr\u00e9fectoral du 8 septembre 2025 de\nsubd\u00e9l\u00e9gation de signature de Mme Nathalie\nBerget, directrice du SGCD21\nPr\u00e9fecture de la C\u00f4te-d'Or - 21-2025-09-08-00002 - Arr\u00eat\u00e9 pr\u00e9fectoral du 8 septembre 2025 de subd\u00e9l\u00e9gation de signature de Mme\nNathalie Berget, directrice du SGCD21 24\nExPREFETDE LACOTE-D'ORLibert\u00e9Egalit\u00e9Fraternit\u00e9\nSECR\u00c9TARIAT G\u00c9N\u00c9RAL COMMUN \nD\u00c9PARTEMENTAL DE C\u00d4TE D'OR\nArr\u00eat\u00e9 pr\u00e9fectoral n\u00b0 1360/ SG du 8 septembre 2025\npermettant \u00e0 Madame BERGET Nathalie, Directrice du secr\u00e9tariat g\u00e9n\u00e9ral commun d\u00e9partemental de la \nC\u00f4te-d'Or, de donner subd\u00e9l\u00e9gation de signature en mati\u00e8re d'administration g\u00e9n\u00e9rale et \nd'ordonnancement secondaire des d\u00e9penses et recettes de l'\u00c9tat\nLe pr\u00e9fet de la C\u00f4te-d'Or\nVu la loi n\u00b0 82.213 du 2 mars 1982 modifi\u00e9e relative aux droits et libert\u00e9s des communes, des  \nd\u00e9partements et des r\u00e9gions\u00a0;\nVu le d\u00e9cret n\u00b0 2004-374 du 29 avril 2004, modifi\u00e9, relatif aux pouvoirs des pr\u00e9fets, \u00e0 l'organisation  \net \u00e0 l'action des services de l'\u00c9tat dans les r\u00e9gions et d\u00e9partements\u00a0;\nVu le d\u00e9cret n\u00b0 2008-158 du 22 f\u00e9vrier 2008 relatif \u00e0 la suppl\u00e9ance des pr\u00e9fets de r\u00e9gion et \u00e0 la  \nd\u00e9l\u00e9gation de signature des pr\u00e9fets et hauts commissaires de la R\u00e9publique en Polyn\u00e9sie fran\u00e7aise  \net en Nouvelle-Cal\u00e9donie\u00a0;\nVu le d\u00e9cret n\u00b0 2009-176 du 16 f\u00e9vrier 2009 modifiant le d\u00e9cret n\u00b0 64-805 du 29 \u00a0juillet 1964 fixant  \nles dispositions r\u00e9glementaires applicables aux pr\u00e9fets et le d\u00e9cret n\u00b0 \u00a02004-374 du 29 avril 2004  \nrelatif aux pouvoirs des pr\u00e9fets, \u00e0 l'organisation et \u00e0 l'action des services de l'\u00c9tat dans les r\u00e9gions  \net d\u00e9partements\u00a0;\nVu le d\u00e9cret du 10 octobre 2024 portant nomination du pr\u00e9fet de la r\u00e9gion Bourgogne-Franche-\nComt\u00e9, Pr\u00e9fet de la C\u00f4te-d'Or, Monsieur Paul MOURIER\u00a0;\nVu les  arr\u00eat\u00e9s  interminist\u00e9riels  portant  r\u00e8glement  de  comptabilit\u00e9  pour  la  d\u00e9signation  des \nordonnateurs secondaires portant nomination des pr\u00e9fets et de leurs d\u00e9l\u00e9gu\u00e9s\u00a0;\nVu  l'arr\u00eat\u00e9 pr\u00e9fectoral n\u00b0 1251/SG du 18 d\u00e9cembre 2020 portant organisation des services de la  \npr\u00e9fecture de la r\u00e9gion Bourgogne-Franche-Comt\u00e9, pr\u00e9fecture du d\u00e9partement de la C\u00f4te-d'Or\nVu l'arr\u00eat\u00e9 pr\u00e9fectoral n\u00b0 1184/SG du 3 d\u00e9cembre 2020 portant organisation du secr\u00e9tariat g\u00e9n\u00e9ral  \ncommun d\u00e9partemental de la C\u00f4te-d'Or\u00a0;\n1/8\nPr\u00e9fecture de la C\u00f4te-d'Or - 21-2025-09-08-00002 - Arr\u00eat\u00e9 pr\u00e9fectoral du 8 septembre 2025 de subd\u00e9l\u00e9gation de signature de Mme\nNathalie Berget, directrice du SGCD21 25\nVu  l'arr\u00eat\u00e9  minist\u00e9riel  du  1er f\u00e9vrier  2024  nommant  Madame  Nathalie  BERGET,  directrice  du \nsecr\u00e9tariat commun d\u00e9partemental de la C\u00f4te-d'Or \u00e0 compter du 1er mars 2024 ;\nVu l'arr\u00eat\u00e9 pr\u00e9fectoral n\u00b025-08 du 15 janvier 2025 portant d\u00e9l\u00e9gation de signature \u00e0 Monsieur Denis \nBruel, secr\u00e9taire g\u00e9n\u00e9ral de la pr\u00e9fecture de la C\u00f4te-d'Or, en mati\u00e8re de gestion des personnels  \nadministratifs relevant du minist\u00e8re de l'Int\u00e9rieur pour les d\u00e9partements de la r\u00e9gion Bourgogne-\nFranche-Comt\u00e9\u00a0;\nVu  l'arr\u00eat\u00e9 pr\u00e9fectoral n\u00b0 321/SG du 21 f\u00e9vrier 2025 donnant d\u00e9l\u00e9gation de signature \u00e0 Madame  \nNathalie BERGET, directrice du secr\u00e9tariat g\u00e9n\u00e9ral commun d\u00e9partemental de la C\u00f4te-d'Or\u00a0;\nSur proposition de Madame la directrice du secr\u00e9tariat g\u00e9n\u00e9ral commun d\u00e9partemental de la C\u00f4te-d'Or\nARR\u00caTE\nArticle 1er\u00a0: Ressources humaines\nSubd\u00e9l\u00e9gation  de  signature  est  donn\u00e9e  \u00e0  Madame  Val\u00e9rie  MALATY,  cheffe  du  service  ressources \nhumaines \u00e0 l'effet de signer, dans les conditions de l'arr\u00eat\u00e9 pr\u00e9fectoral susvis\u00e9 et dans le cadre de ses  \nattributions et comp\u00e9tences\u00a0:\n\uf0b7 les extraits de documents, accus\u00e9s r\u00e9ception, demandes de renseignements et toutes \ncorrespondances courantes ne comportant pas de d\u00e9cision,\n\uf0b7 les d\u00e9penses li\u00e9es \u00e0 l'activit\u00e9 RH\u00a0: organisation de concours (location salles, publicit\u00e9, vacations), \nr\u00e8glement des honoraires m\u00e9dicaux, gratification de stagiaires, certification de service fait dans  \nla limite de 500\u20ac,\n\uf0b7 la certification de service fait,\n\uf0b7 les d\u00e9cisions en mati\u00e8re de cong\u00e9 du personnel plac\u00e9 sous son autorit\u00e9,\u00a0\net \u00e0 l'effet de valider dans l'application Chorus formulaires les demandes d'engagements juridiques, les \ncertifications de service fait et les fiches communication pour les d\u00e9penses li\u00e9es \u00e0 l'activit\u00e9 RH.\nEn cas d'absence ou d'emp\u00eachement de Madame Val\u00e9rie MALATY, la subd\u00e9l\u00e9gation de signature qui lui \nest  conf\u00e9r\u00e9e  est  exerc\u00e9e  par  Monsieur  Thomas  GEVREY,  adjoint  \u00e0  la  cheffe  du  service  ressources \nhumaines, et par Madame Christelle THEVENOT, cheffe du p\u00f4le gestion de proximit\u00e9 RH.\nSubd\u00e9l\u00e9gation de signature est donn\u00e9e, \u00e0 l'effet de signer les bordereaux d'envoi pour les transmissions \ncourantes, \u00e0\u00a0:\n- Mesdames Coralie HAUTIER, Fadma OUZZINE et La\u00ebtitia VAN VA\u00cbCK, Monsieur Baptiste BOUDAULT \npour tout bordereau d'envoi concernant le recrutement des personnels titulaires et non titulaires\n- Mesdames Florence ESTIVALET, Chim\u00e8ne KANAMA et Katia MONNIER pour tout bordereau d'envoi \nconcernant les actes de gestion de proximit\u00e9 des agents\n- Mesdames  Justine MICHEL, Katia MONNIER, V\u00e9ronique METROZ et Barbara TOURNEUR pour tout \nbordereau d'envoi concernant les actes de r\u00e9mun\u00e9ration \n- Mesdames Maurane HOUSNI, St\u00e9phanie JACQUOT et Katia MONNIER pour tout bordereau d'envoi \nconcernant les actes li\u00e9s \u00e0 CASPER\n- Mesdames Sandrine CLERC et La\u00ebtitia LOISIER, Monsieur Baptiste BOUDAULT pour tout bordereau \n2/8\nPr\u00e9fecture de la C\u00f4te-d'Or - 21-2025-09-08-00002 - Arr\u00eat\u00e9 pr\u00e9fectoral du 8 septembre 2025 de subd\u00e9l\u00e9gation de signature de Mme\nNathalie Berget, directrice du SGCD21 26\nd'envoi concernant les actes de mobilit\u00e9, les affectations et les actes de carri\u00e8re\n- Mesdames Mouna EL OUASTI et Aline DUMONT pour tout bordereau d'envoi concernant les \npromotions, les avancements et les actes de carri\u00e8re.\nArticle 2\u00a0: Formation et Action sociale\nSubd\u00e9l\u00e9gation  de  signature  est  donn\u00e9e  \u00e0  Monsieur  \u00c9ric  LATHUILLE,  chef  du  service  Gestion  des \ncomp\u00e9tences et QVT \u00e0 l'effet de signer, dans les conditions de l'arr\u00eat\u00e9 pr\u00e9fectoral susvis\u00e9 et dans le  \ncadre de ses attributions et comp\u00e9tences\u00a0:\n\uf0b7 les d\u00e9cisions en mati\u00e8re de cong\u00e9 du personnel plac\u00e9 sous son autorit\u00e9.\u00a0\n- pour la partie action sociale\u00a0:\n\uf0b7 les  extraits  de  documents,  accus\u00e9s  r\u00e9ception,  demandes  de  renseignements  et  toutes \ncorrespondances courantes ne comportant pas de d\u00e9cision,\n\uf0b7 l'expression des besoins des d\u00e9penses et la certification de service fait relatives \u00e0 l'action \nsociale et \u00e0 la m\u00e9decine de pr\u00e9vention dans la limite de 1 000 \u20ac sur les BOP\u00a0:\n\u25e6 124\u00a0: Conduite et soutien des politiques sanitaires et sociales\n\u25e6 134\u00a0: D\u00e9veloppement des entreprises et r\u00e9gulations\n\u25e6 148\u00a0: Fonction publique\n\u25e6 155\u00a0: Conception, gestion et \u00e9valuation des politiques de l'emploi et du travail\n\u25e6 176\u00a0: Police nationale\n\u25e6 206\u00a0: S\u00e9curit\u00e9 et qualit\u00e9 sanitaires de l'alimentation\n\u25e6 215\u00a0: Conduite et pilotage des politiques de l'agriculture\n\u25e6 216\u00a0: Conduite et pilotage des politiques de l'int\u00e9rieur\n\u25e6 217\u00a0: Conduite et pilotage des politiques d'\u00e9quipement\n\uf0b7 les  \u00e9tats  liquidatifs  concernant  les  indemnit\u00e9s  et  subventions  vers\u00e9es  aux  agents  de  la \npr\u00e9fecture,  des  directions  d\u00e9partementales  interminist\u00e9rielles  et  du  secr\u00e9tariat  g\u00e9n\u00e9ral \ncommun d\u00e9partemental,\net \u00e0 l'effet de valider dans l'application Chorus formulaires les demandes d'engagements juridiques, les \ncertifications de service fait et les fiches communication pour les d\u00e9penses li\u00e9es \u00e0 l'action sociale et la  \nm\u00e9decine de pr\u00e9vention,\n- pour la partie formation\u00a0:\n\uf0b7 les  d\u00e9cisions  de  d\u00e9penses  et  de  recettes  relatives  \u00e0  la  formation  dans  la  limite  de \n1 000 \u20ac, \n\uf0b7 les documents relatifs aux indemnit\u00e9s d'enseignement, \n\uf0b7 les  d\u00e9penses  relatives  aux  transports  et  h\u00e9bergement  et  restauration  des  formateurs  dans \nChorus DT, \n\uf0b7 les actes de validation de formations et les certifications de service fait, \net \u00e0 l'effet de valider dans l'application Chorus formulaires les demandes d'engagements juridiques, les  \ncertifications de service fait et les fiches communication pour les d\u00e9penses li\u00e9es \u00e0 la formation.\nEn cas d'absence ou d'emp\u00eachement de Monsieur \u00c9ric LATHUILLE, la subd\u00e9l\u00e9gation de signature qui lui \nest conf\u00e9r\u00e9e est exerc\u00e9e par Madame Sylvie DESNOUVAUX, adjointe au chef du service Gestion des  \ncomp\u00e9tences et QVT, et responsable du p\u00f4le formation.\n3/8\nPr\u00e9fecture de la C\u00f4te-d'Or - 21-2025-09-08-00002 - Arr\u00eat\u00e9 pr\u00e9fectoral du 8 septembre 2025 de subd\u00e9l\u00e9gation de signature de Mme\nNathalie Berget, directrice du SGCD21 27\nSubd\u00e9l\u00e9gation de signature est donn\u00e9e pour la partie action sociale \u00e0 Madame Isabelle GUERIN, cheffe  \ndu service d\u00e9partemental d'action sociale, et pour la partie formation, uniquement pour les d\u00e9penses  \nde d\u00e9placement des formateurs dans Chorus DT, \u00e0 Emmanuelle BONNARDOT et \u00e0 Sophie LEFEBVRE.\nEn  cas  d'absence  ou  d'emp\u00eachement  de  Madame  Isabelle  GUERIN,  subd\u00e9l\u00e9gation  est  donn\u00e9e  \u00e0 \nMadame Florence VUILLEMIN, adjointe \u00e0 la cheffe de service d\u00e9partemental d'action sociale, \u00e0 l'effet  \nde signer\u00a0:\n- les  extraits  de  documents,  accus\u00e9s  r\u00e9ception,  demandes  de  renseignements  et  toutes \ncorrespondances courantes ne comportant pas de d\u00e9cision,\n- la certification des services faits.\nEn cas d'absence ou d'emp\u00eachement de Madame Sylvie DESNOUVAUX, subd\u00e9l\u00e9gation est donn\u00e9e \u00e0  \nMadame Audrey MILLOT, Madame Emmanuelle BONNARDOT et \u00e0 Madame Sophie LEFEBVRE, \u00e0 l'effet  \nde signer les actes de validation des formations.\nArticle 3 : Syst\u00e8mes d'information et de communication\nSubd\u00e9l\u00e9gation  de  signature  est  donn\u00e9e  \u00e0  Monsieur  Jean-Christophe  BRIOT,  chef  du  Service \ninterminist\u00e9riel d\u00e9partemental des syst\u00e8mes d'information et de communication \u00e0 l'effet de signer,  \ndans les conditions de l'arr\u00eat\u00e9 pr\u00e9fectoral susvis\u00e9 et dans le cadre de ses attributions et comp\u00e9tences\u00a0:\n\uf0b7 les d\u00e9cisions en mati\u00e8re de cong\u00e9 du personnel plac\u00e9 sous son autorit\u00e9,\u00a0\n\uf0b7 les extraits de documents, accus\u00e9s r\u00e9ception, demandes de renseignements et toutes \ncorrespondances courantes ne comportant pas de d\u00e9cision,\n\uf0b7 les d\u00e9cisions de d\u00e9penses dans la limite de 500 \u20ac sur le BOP 354,\n\uf0b7 la certification de service fait relatives aux syst\u00e8mes d'information et de communication.\nEn  cas  d'absence  ou  d'emp\u00eachement  de  Monsieur  Jean-Christophe  BRIOT,  la  subd\u00e9l\u00e9gation  de \nsignature qui lui est conf\u00e9r\u00e9e est exerc\u00e9e par Monsieur Jean-Luc JOBARD.\nArticle 4 : Gestion comptable et budg\u00e9taire\nSubd\u00e9l\u00e9gation de signature est donn\u00e9e \u00e0 Monsieur Jean PRUDHOMME, chef du service Budget-Achats,  \n\u00e0 l'effet de signer, dans les conditions de l'arr\u00eat\u00e9 pr\u00e9fectoral susvis\u00e9 et dans le cadre de ses attributions \net comp\u00e9tences\u00a0:\n\uf0b7 les d\u00e9cisions en mati\u00e8re de cong\u00e9 du personnel plac\u00e9 sous son autorit\u00e9,\n\uf0b7 les ordres \u00e0 payer dans Chorus Formulaire en tant que r\u00e9f\u00e9rent d\u00e9partemental,\n\uf0b7 les  extraits  de  documents,  accus\u00e9s  r\u00e9ception,  demandes  de  renseignements  et  toutes \ncorrespondances courantes ne comportant pas de d\u00e9cision,\n\uf0b7 les  d\u00e9cisions  de  d\u00e9penses  pour  tous  les  BOP  et  dans  tous  les  domaines  relevant  de  la \ncomp\u00e9tence du secr\u00e9tariat g\u00e9n\u00e9ral commun d\u00e9partemental dans la limite de 1 500 \u20ac,\n\uf0b7 la certification de service fait pour tous les BOP et dans tous les domaines relevant de la  \ncomp\u00e9tence du secr\u00e9tariat g\u00e9n\u00e9ral commun d\u00e9partemental.\n \nEn cas d'absence ou d'emp\u00eachement de Monsieur Jean PRUDHOMME, la subd\u00e9l\u00e9gation de signature  \nqui lui est conf\u00e9r\u00e9e est exerc\u00e9e par Madame Martine THUNOT, adjointe au chef de service et cheffe du \np\u00f4le \u00ab\u00a0vie des b\u00e2timents\u00a0\u00bb.\n4/8\nPr\u00e9fecture de la C\u00f4te-d'Or - 21-2025-09-08-00002 - Arr\u00eat\u00e9 pr\u00e9fectoral du 8 septembre 2025 de subd\u00e9l\u00e9gation de signature de Mme\nNathalie Berget, directrice du SGCD21 28\nArticle 5 : Utilisation de l'application Chorus formulaires\nSubd\u00e9l\u00e9gation de signature est donn\u00e9e aux agents ci-dessous, \u00e0 l'effet de valider dans l'application  \nChorus Formulaires les demandes d'engagements juridiques, les certifications de service fait, les ordres  \n\u00e0  payer,  les  recettes  non  fiscales  et  les  fiches  communication  pour  tous  les  BOP  relevant  de  la \ncomp\u00e9tence du secr\u00e9tariat g\u00e9n\u00e9ral commun d\u00e9partemental :\n\uf0b7 Monsieur Jean PRUDHOMME\u00a0;\n\uf0b7 Madame Martine THUNOT (dont profil r\u00e9alisateur N3)\u00a0;\n\uf0b7 Madame Monique FIORE (uniquement en profil saisisseur fiches communication)\u00a0;\n\uf0b7 Madame Maud DE HARO (uniquement en profil saisisseur fiches communication)\u00a0;\n\uf0b7 Madame Myl\u00e8ne CUCCHI (uniquement en profil saisisseur fiches communication)\u00a0;\n\uf0b7 Monsieur Joris MARCHAND (uniquement en profil saisisseur fiches communication).\nArticle 6 : Utilisation de l'application Chorus D\u00e9placement Temporaire (Chorus DT)\nSubd\u00e9l\u00e9gation de signature est donn\u00e9e aux agents ci-dessous, \u00e0 l'effet de proc\u00e9der \u00e0 l'ordonnancement \ndes  frais  de  d\u00e9placements  des  agents  de  la  pr\u00e9fecture,  des  directions  d\u00e9partementales  \ninterminist\u00e9rielles et du secr\u00e9tariat g\u00e9n\u00e9ral commun d\u00e9partemental dans l'application Chorus DT :\n\uf0b7 R\u00f4le \"Responsable des Moyens local\"  consistant \u00e0 doter l'enveloppe de moyens et suivre son  \nex\u00e9cution :\n\u25e6 Monsieur Jean PRUDHOMME\n\u25e6 Madame Martine THUNOT\n\u25e6 Madame  Sylvie  DESNOUVAUX,  Madame  Emmanuelle  BONNARDOT,  Madame  Sophie \nLEFEBVRE et Monsieur \u00c9ric LATHUILLE pour les d\u00e9penses des formateurs.\n\uf0b7 R\u00f4le  \"Service  Gestionnaire\" consistant  \u00e0  valider  l'ordre  de  mission  au  regard  de  la \nr\u00e9glementation financi\u00e8re, de la politique de voyage des diff\u00e9rentes entit\u00e9s et du budget allou\u00e9 \naux frais de d\u00e9placements :\n\u25e6 Madame Laurence GRANGER\n\u25e6 Monsieur Jean PRUDHOMME\n\u25e6 Madame Martine THUNOT\n\u25e6 Madame Maud DE HARO\n\u25e6 Madame Myl\u00e8ne CUCCHI\n\u25e6 Monsieur Joris MARCHAND\n\u25e6 Madame  Sylvie  DESNOUVAUX,  Madame  Emmanuelle  BONNARDOT,  Madame  Sophie \nLEFEBVRE et Monsieur \u00c9ric LATHUILLE pour les d\u00e9penses des formateurs.\n\uf0b7 R\u00f4le \"Assist\u00a0\u00bb consistant \u00e0 saisir des ordres de mission et \u00e9tats de frais pour d'autres agents\u00a0:\n\u25e6 Monsieur Jean PRUDHOMME\n\u25e6 Madame Martine THUNOT\n\u25e6 Madame Laurence GRANGER\n\u25e6 Madame Maud DE HARO\n\u25e6 Madame Myl\u00e8ne CUCCHI\n\u25e6 Monsieur Joris MARCHAND\n\u25e6 Madame Brigitte BASTIEN\n5/8\nPr\u00e9fecture de la C\u00f4te-d'Or - 21-2025-09-08-00002 - Arr\u00eat\u00e9 pr\u00e9fectoral du 8 septembre 2025 de subd\u00e9l\u00e9gation de signature de Mme\nNathalie Berget, directrice du SGCD21 29\n\uf0b7 R\u00f4le \"Gestionnaire Valideur\"  consistant \u00e0 valider les \u00e9tats de frais pour transmission \u00e0 Chorus  \nc\u0153ur de la demande de paiement\n\u25e6 Monsieur Jean PRUDHOMME\n\u25e6 Madame Martine THUNOT\n\u25e6 Madame Maud DE HARO\n\u25e6 Madame Myl\u00e8ne CUCCHI\n\u25e6 Monsieur Joris MARCHAND\n\u25e6 Madame  Sylvie  DESNOUVAUX,  Madame  Emmanuelle  BONNARDOT,  Madame  Sophie \nLEFEBVRE et Monsieur \u00c9ric LATHUILLE pour les d\u00e9penses des formateurs.\n\uf0b7 R\u00f4le \u00ab\u00a0Gestionnaire facture (FC Saisie)\u00a0\u00bb consistant \u00e0 rapprocher les lignes du ROP de l'op\u00e9rateur \nfinancier avec les OM correspondants\u00a0:\n\u25e6 Madame Laurence GRANGER\n\u25e6 Madame Maud DE HARO\n\u25e6 Monsieur Jean PRUDHOMME\n\u25e6 Madame Martine THUNOT\n\u25e6 Madame Myl\u00e8ne CUCCHI\n\u25e6 Monsieur Joris MARCHAND\n\uf0b7 R\u00f4le  \"Gestionnaire  facture  (FC  validation)\" consistant  \u00e0  valider  le  relev\u00e9  d'op\u00e9ration  pour \npermettre le paiement de la facture dans Chorus c\u0153ur.\n\u25e6 Monsieur Jean PRUDHOMME\n\u25e6 Madame Martine THUNOT\n\u25e6 Madame Maud DE HARO\n\u25e6 Madame  Sylvie  DESNOUVAUX,  Madame  Emmanuelle  BONNARDOT,  Madame  Sophie \nLEFEBVRE et Monsieur \u00c9ric LATHUILLE pour les d\u00e9penses des formateurs.\n\uf0b7 R\u00f4le Valideur VH1 consistant \u00e0 valider l'opportunit\u00e9 du d\u00e9placement :\n\u25e6 Madame Val\u00e9rie MALATY pour les agents du service ressources humaines\n\u25e6 Monsieur Thomas GEVREY pour les agents du service ressources humaines\n\u25e6 Monsieur PRUDHOMME Jean pour tout agent du p\u00e9rim\u00e8tre ATE\n\u25e6 Madame Martine THUNOT pour tout agent du p\u00e9rim\u00e8tre ATE\n\u25e6 Monsieur Jean-Christophe BRIOT pour les agents du SIDSIC\n\u25e6 Monsieur Jean-Luc JOBARD pour les agents du SIDSIC\n\u25e6 Monsieur Didier PERALDI pour le service Logistique Immobilier et Services Internes\n\u25e6 Monsieur \u00c9ric LATHUILLE pour les agents du service Gestion des comp\u00e9tences et QVT\n\u25e6 Madame Sylvie DESNOUVAUX pour les agents du service Gestion des comp\u00e9tences et QVT\n\u25e6 Madame  Sylvie  DESNOUVAUX,  Madame  Emmanuelle  BONNARDOT,  Madame  Sophie \nLEFEBVRE et Monsieur \u00c9ric LATHUILLE pour les d\u00e9penses des formateurs.\n\u25e6 Monsieur Eddy GAFFIOT pour les agents du CSPR\n\u25e6 Madame C\u00e9line JOUVENCEAUX pour les agents du CSPR\nArticle 7  \u00a0  :     Logistique Immobilier et Services Internes\nSubd\u00e9l\u00e9gation  de  signature  est  donn\u00e9e  \u00e0  Monsieur  Didier  PERALDI,  chef  du  service  Logistique \nImmobilier et Services Internes \u00e0 l'effet de signer, dans les conditions de l'arr\u00eat\u00e9 pr\u00e9fectoral susvis\u00e9 et  \ndans le cadre de ses attributions et comp\u00e9tences\u00a0:\n\uf0b7 les d\u00e9cisions en mati\u00e8re de cong\u00e9 du personnel plac\u00e9 sous son autorit\u00e9,\n6/8\nPr\u00e9fecture de la C\u00f4te-d'Or - 21-2025-09-08-00002 - Arr\u00eat\u00e9 pr\u00e9fectoral du 8 septembre 2025 de subd\u00e9l\u00e9gation de signature de Mme\nNathalie Berget, directrice du SGCD21 30\n\uf0b7 les  extraits  de  documents,  accus\u00e9s  r\u00e9ception,  demandes  de  renseignements  et  toutes \ncorrespondances courantes ne comportant pas de d\u00e9cision,\n\uf0b7 les d\u00e9cisions des d\u00e9penses relatives \u00e0 la gestion des b\u00e2timents et de la logistique dans la limite \nde 1 500 \u20ac,\n\uf0b7 la certification de service fait relatives \u00e0 la gestion des b\u00e2timents et de la logistique.\nEn cas d'absence ou d'emp\u00eachement de Monsieur Didier PERALDI, la subd\u00e9l\u00e9gation de signature qui lui \nest conf\u00e9r\u00e9e est exerc\u00e9e par Monsieur Karim BRAHIMI, chef du p\u00f4le immobilier, et Madame Ghislaine  \nTOULON, adjointe au chef du p\u00f4le immobilier.\nServices Internes/Courrier\u00a0:\nSubd\u00e9l\u00e9gation de signature est donn\u00e9e \u00e0 Madame Bouchra ZAHER, pour\u00a0:\n\uf0b7 les bordereaux et les correspondances courantes,\n\uf0b7 bordereaux d'envoi et bons de livraison.\nArticle 8   \u00a0  :  le centre de services partag\u00e9s r\u00e9gional CHORUS\nSubd\u00e9l\u00e9gation de signature est donn\u00e9e \u00e0 Monsieur Eddy GAFFIOT , responsable du centre de services  \npartag\u00e9s r\u00e9gional Chorus \u00e0 l'effet de signer, dans les conditions de l'arr\u00eat\u00e9 pr\u00e9fectoral susvis\u00e9 et dans le \ncadre de ses attributions et comp\u00e9tences\u00a0:\n\uf0b7 les d\u00e9cisions en mati\u00e8re de cong\u00e9 du personnel plac\u00e9 sous son autorit\u00e9,\n\uf0b7 les  extraits  de  documents,  accus\u00e9s  r\u00e9ception,  demandes  de  renseignements  et  toutes \ncorrespondances courantes ne comportant pas de d\u00e9cision,\n\uf0b7 les demandes de r\u00e9 imputation comptables et les certificats administratifs.\nEn cas d'absence ou d'emp\u00eachement de Monsieur Eddy GAFFIOT, la subd\u00e9l\u00e9gation de signature qui lui  \nest conf\u00e9r\u00e9e est exerc\u00e9e par Madame C\u00e9line JOUVENCEAUX, adjointe au  responsable du centre des  \nservices partag\u00e9s r\u00e9gional chorus.\nEn cas d'absence ou d'emp\u00eachement de Monsieur Eddy GAFFIOT, subd\u00e9l\u00e9gation est donn\u00e9e \u00e0 Madame \nC\u00e9line JOUVENCEAUX et \u00e0 Madame Nathalie BORNOT, \u00e0 l'effet de signer\u00a0:\n\uf0b7 les certificats administratifs de demandes d'intervention sur Chorus.\n\uf0b7 Les subd\u00e9l\u00e9gations de signature en mati\u00e8re d'ordonnancement secondaire des agents du centre \nde services partag\u00e9s r\u00e9gional CHORUS sont pr\u00e9cis\u00e9es dans l'annexe 1 de l'arr\u00eat\u00e9 pr\u00e9fectoral  \ndonnant d\u00e9l\u00e9gation de signature en mati\u00e8re de gestion des budgets op\u00e9rationnels.\nArticle 9  \u00a0  :  Le pr\u00e9sent arr\u00eat\u00e9 entre en vigueur le lendemain de sa publication au recueil des actes  \nadministratifs. \u00c0 compter de cette date, toutes dispositions ant\u00e9rieures contraires \u00e0 celles du pr\u00e9sent  \narr\u00eat\u00e9 sont abrog\u00e9es.\n7/8\nPr\u00e9fecture de la C\u00f4te-d'Or - 21-2025-09-08-00002 - Arr\u00eat\u00e9 pr\u00e9fectoral du 8 septembre 2025 de subd\u00e9l\u00e9gation de signature de Mme\nNathalie Berget, directrice du SGCD21 31\nArticle 10  :  Cet arr\u00eat\u00e9 peut faire l'objet d'un recours contentieux aupr\u00e8s du tribunal administratif de  \nDijon dans un d\u00e9lai de deux mois \u00e0 compter de sa notification ou de sa publication. Le tribunal  \nadministratif peut \u00eatre saisi par l'application informatique \u00ab \u00a0t\u00e9l\u00e9recours citoyens\u00a0\u00bb accessibles par le  \nsite Internet www.telerecours.fr.\nArticle 11  :  La directrice du SGCD, est charg\u00e9e de l'ex\u00e9cution du pr\u00e9sent arr\u00eat\u00e9 qui sera publi\u00e9 au  \nrecueil des actes administratifs de la pr\u00e9fecture de la C\u00f4te-d'Or.\nFait \u00e0 Dijon, le 8 septembre 2025\nLa Directrice du Secr\u00e9tariat g\u00e9n\u00e9ral\ncommun d\u00e9partemental de la C\u00f4te-d'Or\nSign\u00e9\nNathalie BERGET\n8/8\nPr\u00e9fecture de la C\u00f4te-d'Or - 21-2025-09-08-00002 - Arr\u00eat\u00e9 pr\u00e9fectoral du 8 septembre 2025 de subd\u00e9l\u00e9gation de signature de Mme\nNathalie Berget, directrice du SGCD21 32\nSous-pr\u00e9fecture de Beaune\n21-2025-09-08-00001\nArr\u00eat\u00e9 pr\u00e9fectoral n\u00b0 1361 du 8 septembre 2025\nportant autorisation de la manifestation \navec participation de v\u00e9hicules terrestres \u00e0\nmoteur d\u00e9nomm\u00e9e \u00ab\u00a03\u00e8me auto-cross et\nsprint-car de Quincey\u00a0\u00bb\n organis\u00e9e les 13 et 14 septembre 2025 \u00e0\nPremeaux-Prissey et Quincey \nSous-pr\u00e9fecture de Beaune - 21-2025-09-08-00001 - Arr\u00eat\u00e9 pr\u00e9fectoral n\u00b0 1361 du 8 septembre 2025\nportant autorisation de la manifestation \navec participation de v\u00e9hicules terrestres \u00e0 moteur d\u00e9nomm\u00e9e \u00ab\u00a03\u00e8me auto-cross et sprint-car de Quincey\u00a0\u00bb\n organis\u00e9e les 13 et 14 septembre 2025 \u00e0 Premeaux-Prissey et Quincey \n33\n| SOUS-PR\u00c9FECTUREPR\u00c9FET DE BEAUNEDE LACOTE-D'ORL,z'bert\u00e9Egalit\u00e9Fraternit\u00e9\nAffaire suivie par C\u00e9cile RAVRY Beaune, le 8 septembre 2025T\u00e9l : 03 45 43 80 11 0m\u00e9l : cecile.ravry@cote-dor.gouv.fr\nArr\u00eat\u00e9 pr\u00e9fectoral n\u00b0 1361portant autorisation de la manifestationavec participation de v\u00e9hicules terrestres \u00e0 moteur. d\u00e9nomm\u00e9e \u00ab 3\u00e9me auto-cross et sprint-car de Quincey \u00bborganis\u00e9e les 13 et 14 septembre 2025 \u00e0 Premeaux-Prissey et Quincey\nLe sous-pr\u00e9fet de Beaune\nVU le code de la route, notamment ses articles R. 411-5 et R. 411-10 ;VU le code du sport, notamment ses articles L. 331-1 \u00e0 L. 331-12, L. 332-1 \u00e0 L. 332-21, R. 331-18 \u00e0 R. 331-45-1, A. 331-16 \u00e0 \u00c0. 331-23 etA. 331-32 ;VU le code de I'environnement, notamment ses articles R. 414-19 \u00e0 R. 414-26 ;VU le d\u00e9cret n\u00b0 2010-365 du 9 avril 2010 relatif \u00e0 l'\u00e9valuation des incidences Natura 2000 ;VU le d\u00e9cret du 6 juillet 2023 du Pr\u00e9sident de la R\u00e9publique portant nominationde M. Beno\u00eet BYRSKI enqualit\u00e9 de sous-pr\u00e9fet de Beaune ;VU l'arr\u00eat\u00e9 pr\u00e9fectoral n\u00b0 815/SG du 13 juin 2025 donnant d\u00e9l\u00e9gation de signature \u00e0 M. Beno\u00eet BYRSKI,sous-pr\u00e9fet de Beaune ;VU l'arr\u00eat\u00e9 prefectoral n\u00b0 829 du 23 mai 2023 portant renouvellement de 'homologation du circuit de kart-cross et de poursuite sur terre situ\u00e9 \u00e0 Premeaux-Prissey et Quincey;VU les r\u00e8gles techniques et de s\u00e9curit\u00e9 \u00e9dict\u00e9es par la f\u00e9d\u00e9ration fran\u00e7aise de sport automobile(FFSA);VU la demande d\u00e9pos\u00e9e le 10 juin 2025 sur la plateforme SIMS par Monsieur Jean-Michel PIGENET ,pr\u00e9sident de l'ASA Nivernais-Morvan aux fins d'obtenir l'autorisation d'organiser une manifestationcomportant la pr\u00e9sence de v\u00e9hicules terrestres \u00e0 moteur d\u00e9nomm\u00e9e \u00ab3\u00e8me auto-cross et sprint-car deQuincey \u00bb le samedi 13 septembre et le dimanche 14 septembre 2025 sur le circuit de kart-cross et depoursuite sur terre de Premeaux-Prissey et Quincey, dont le trac\u00e9 a \u00e9t\u00e9 modifi\u00e9 depuis sa derni\u00e8rehomologation du 23 mai 2023 ;VU le permis d'organisation n\u00b0 616 d\u00e9livr\u00e9 le 1\u00b0\" ao\u00fbt 2025 par la FFSA pour le r\u00e8glement particulier de cettemanifestation ;VU l'attestation de police d'assurance d\u00e9livr\u00e9e le 23 juin 2025 par GIE AXA France garantissant laresponsabilit\u00e9 civile de l'organisateur pour la manifestation sus-vis\u00e9e ;\nSous-pr\u00e9fecture de Beaune - 21-2025-09-08-00001 - Arr\u00eat\u00e9 pr\u00e9fectoral n\u00b0 1361 du 8 septembre 2025\nportant autorisation de la manifestation \navec participation de v\u00e9hicules terrestres \u00e0 moteur d\u00e9nomm\u00e9e \u00ab\u00a03\u00e8me auto-cross et sprint-car de Quincey\u00a0\u00bb\n organis\u00e9e les 13 et 14 septembre 2025 \u00e0 Premeaux-Prissey et Quincey \n34\n2VU la visite sur site r\u00e9alis\u00e9e le 16 juillet 2025 2025 par la commission d\u00e9partementale de s\u00e9curit\u00e9 routi\u00e8re -section sp\u00e9cialis\u00e9e \"\u00e9preuves et comp\u00e9titions sportives\" ;VU l'arr\u00eat\u00e9 temporaire n\u00b025-T-00396 portant r\u00e9glementation de la circulation sur les RD 109G pris par M. lePr\u00e9sident du conseil d\u00e9partemental de C\u00f4te d'Or le 29 ao\u00fbt 2025 ;CONSID\u00c9RANT que le dossier est complet ;CONSID\u00c9RANT l'avis favorable des maires des communes de Quincey et de Premeaux-Prissey;CONSID\u00c9RANT que la commission d\u00e9partementale de la s\u00e9curit\u00e9 routi\u00e8re - section sp\u00e9cialis\u00e9e \"\u00e9preuves etcomp\u00e9titions sportives\"- a \u00e9mis un avis favorable lors de sa r\u00e9union en salle du 29 juillet 2025 ;\nARRETE :\nArticle 1er : Monsieur Jean-Michel PIGENET, pr\u00e9sident de l'ASA Nivernais-Morvan est autoris\u00e9 \u00e0 organiserune manifestation avec participation de v\u00e9hicules terrestres \u00e0 moteur d\u00e9nomm\u00e9e \"3\u00e8me auto-cross et sprintcar de Quincey\u00bb le samedi 13 et le dimanche 14 septembre 2025 sur le circuit de kart-cross et de poursuitesur terre de Premeaux-Prissey et Quincey conform\u00e9ment au trac\u00e9 annex\u00e9 au pr\u00e9sent arr\u00eat\u00e9 et aux modalit\u00e9sexpos\u00e9es dans la demande et le r\u00e9glement.vArticIe 2: En application de l'article R 331-37 du code du sport, la pr\u00e9sente autorisation vaut homologationdu circuit non permanent sur laquelle se d\u00e9roule la manifestation pr\u00e9cit\u00e9e et pour la seule dur\u00e9e de celle-ci.Article 3 : Vu la longueur de la piste de 1010 m de la piste, le nombre de v\u00e9hicules autoris\u00e9s simultan\u00e9mentsur le circuit est de 15. -Article 4 : L'organisateur est tenu de respecter les dispositions des articles R.1336.4 \u00e0 R1336.11 du code dela sant\u00e9 publique relatif \u00e0 la lutte contre les bruits de voisinage.Article 5 : La pr\u00e9sente autorisation est accord\u00e9e sous r\u00e9serve que l'organisateur prenne \u00e0 sa charge les fraisn\u00e9cessit\u00e9s par la mise en place des dispositifs destin\u00e9s au maintien de la s\u00e9curit\u00e9 \u00e0 l'occasion dud\u00e9roulement de la manifestation et assure la r\u00e9paration des dommages, d\u00e9gradations, modifications detoutes sortes de la voie publique ou de ses d\u00e9pendances, imputables aux concurrents, aux organisateurs ou\u00e0 leurs pr\u00e9pos\u00e9s.Article 6 : En aucun cas la responsabilit\u00e9 de l'Etat et des communes ne pourra \u00eatre engag\u00e9e et aucunrecours ne pourra \u00e9ventuellement \u00eatre exerc\u00e9 contre eux.Article 7 : La pr\u00e9sente autorisation peut \u00eatre suspendue ou rapport\u00e9e \u00e0 tout moment s'il appara\u00eet que lesconditions de s\u00e9curit\u00e9 ne se trouvent plus r\u00e9unies ou que l'organisateur, malgr\u00e9 la mise en demeure qui lui enest faite par l'autorit\u00e9 administrative, ne respecte plus ou ne fait plus respecter par les participants lesdispositions pr\u00e9vues par le r\u00e8glement de la manifestation en vue d'assurer leur protection.Article 8: L'organisateur doit assurer et garantir l'acc\u00e8s et une circulation ais\u00e9e pour les engins de secours etde lutte contre l'incendie.En cas d'accident entra\u00eenant le sauvetage ou l'\u00e9vacuation de personnes, l'organisateur doit pr\u00e9venir les\" sapeurs-pompiers qui interviennent par appel au 18 ou au 112.Article 9 : Avant la manifestation, les organisateurs doivent interroger M\u00e9t\u00e9o France (notamment par le biaisdu r\u00e9pondeur t\u00e9l\u00e9phonique : 08.99.71.02.21 ou par internet : www.meteofrance.com) afin de conna\u00eetre lacouleur de la carte de vigilance m\u00e9t\u00e9o et prendre toute mesure adapt\u00e9e. Dans l'hypoth\u00e8se d'une carteorange ou rouge, il leur appartient de prendre les dispositions qui s'imposent (voire d'annuler lamanifestation) et d'informer l'autorit\u00e9 municipale.\nSous-pr\u00e9fecture de Beaune - 21-2025-09-08-00001 - Arr\u00eat\u00e9 pr\u00e9fectoral n\u00b0 1361 du 8 septembre 2025\nportant autorisation de la manifestation \navec participation de v\u00e9hicules terrestres \u00e0 moteur d\u00e9nomm\u00e9e \u00ab\u00a03\u00e8me auto-cross et sprint-car de Quincey\u00a0\u00bb\n organis\u00e9e les 13 et 14 septembre 2025 \u00e0 Premeaux-Prissey et Quincey \n35\n3Article 10 : L'organisateur technique d\u00e9sign\u00e9 doit attester (attestation jointe) que l'ensemble des mesuressont prises conform\u00e9ment aux prescriptions contenues dans l'arr\u00eat\u00e9 pr\u00e9fectoral d'autorisation de l'\u00e9preuve.L'organisateur technique est charg\u00e9 de v\u00e9rifier et d'exiger, avant le commencement de la manifestation, quel'ensemble des conditions mises \u00e0 l'octroi de la pr\u00e9sente autorisation est effectivement respect\u00e9 et d'interdirela manifestation si ces conditions ne sont pas remplies.L'attestation ci-jointe devra \u00eatre transmise imm\u00e9diatement \u00e0 la sous-pr\u00e9fecture de Beaune par courriel \u00e0 sp-beaune@cote-dor.gouv.frArticle 11 : Le sous-pr\u00e9fet de l'arrondissement de Beaune, le pr\u00e9sident du conseil d\u00e9partemental de la C\u00f4te-d'Or, les maires de Premeaux-Prissey et de Quincey, le directeur d\u00e9partemental des services d'incendie et desecours, le directeur des services d\u00e9partementaux de l'\u00e9ducation nationale, la directrice d\u00e9partementale desterritoires, le chef d'escadron commandant la compagnie de gendarmerie de Beaune, sont charg\u00e9s, chacunen ce qui le concerne, de l'ex\u00e9cution du pr\u00e9sent arr\u00eat\u00e9 dont copie sera adress\u00e9e aux repr\u00e9sentantsd\u00e9partementaux de la f\u00e9d\u00e9ration fran\u00e7aise de sport automobile et \u00e0 l'organisateur.Le pr\u00e9sent arr\u00eat\u00e9 sera publi\u00e9 au recueil des actes administratifs de la pr\u00e9fecture de la C\u00f4te-d' Or\nLe sous-pr\u00e9fet de Beaune,\nsign\u00e9\nBenoit BYRSKI\nANNEXES :- plan de la piste- arr\u00e9t\u00e9 temporaire n\u00b0 25-T-00396 du 29 ao\u00fbt 2025 du pr\u00e9sident du conseil d\u00e9partemental de la C\u00f4te-d'Orportant r\u00e9glementation de la circulation sur la RD 109 G, sur les communes de Quincey et Premeaux-Prissey ; \u00bb- attestation \u00e0 compl\u00e9ter\nSous-pr\u00e9fecture de Beaune - 21-2025-09-08-00001 - Arr\u00eat\u00e9 pr\u00e9fectoral n\u00b0 1361 du 8 septembre 2025\nportant autorisation de la manifestation \navec participation de v\u00e9hicules terrestres \u00e0 moteur d\u00e9nomm\u00e9e \u00ab\u00a03\u00e8me auto-cross et sprint-car de Quincey\u00a0\u00bb\n organis\u00e9e les 13 et 14 septembre 2025 \u00e0 Premeaux-Prissey et Quincey \n36\n;|._\u00c7..UUWU\\X-\u0152.2u3/1430\u00ff/Um_.u:_.....@-#HUm.\\.flnucar\u2014di.:nn76ouu0d7C21406-UH|\n-9\u0152%72dsemp\u00bb4-Nd-|960OHTA\nuotoyUAW..L....:..o\u00ab_...m:.u..__004ic\u2014A33NIN0\u00aeReWSRo-RRRRR.,|P22uvingquiy-'.|dSISsoL)M-...._\u00eem.m-...\u2014_m.wdm\u0153*..|_r.u.._o_13DI\nC=s\nSous-pr\u00e9fecture de Beaune - 21-2025-09-08-00001 - Arr\u00eat\u00e9 pr\u00e9fectoral n\u00b0 1361 du 8 septembre 2025\nportant autorisation de la manifestation \navec participation de v\u00e9hicules terrestres \u00e0 moteur d\u00e9nomm\u00e9e \u00ab\u00a03\u00e8me auto-cross et sprint-car de Quincey\u00a0\u00bb\n organis\u00e9e les 13 et 14 septembre 2025 \u00e0 Premeaux-Prissey et Quincey \n37\n-\nLE DEPARTEMENTArr\u00eat\u00e9 temporaire n\u00b0 25-T-00396Portant r\u00e9glementation de la circulationsur les RD 109 G, communes de Quincey et Premeaux-PrisseyLe Pr\u00e9sident du Conseil D\u00e9partemental\nVu le Code g\u00e9n\u00e9ral des collectivit\u00e9s territoriales et notamment l'article L. 3221-4Vu le Code de la route et notamment les articles R. 411-8, R. 41 1\u201425, R. 413-1 et R. 417-9Vu l'Instruction interminist\u00e9rielle sur la signalisation routi\u00e8re et notamment le livre 1, 4\u00e8mepartie, signalisation de prescription et le livre 1, 8\u00e8me partie, signalisation temporaireConsid\u00e9rant qu'il y a lieu, pour des raisons de s\u00e9curit\u00e9 publique, de r\u00e9glementer lacirculation des RD 109 G, \u00e0 l'occasion de'l'organisation du 3\u00e9me Autocross et Sprint Car de -Quincey, sur le territoire des communes de Quincey et Premeaux-Prissey,\nArticle 1\u00c0 compter du 13/09/2025 et jusqu'au 14/09/2025, de 07h30 \u00e0 20h00, la vitesse maximaleautoris\u00e9e des v\u00e9hicules dans le sens de circulation Premeaux-Prissey / Quincey est fix\u00e9e \u00e0 70km/h sur la RD 109 G du PR 6+0250 au PR 6+0350 (Quincey) situ\u00e9s hors agglom\u00e9ration.Article 2\n-\u00c0 compter du 13/09/2025 et jusqu'au 14/09/2025, de 07h30 \u00e0 20h00, les prescriptionssuivantes s'appliquent \u00e0 tous les v\u00e9hicules sur la RD 109 G, dans les deux sens de circulation duPR 6+0350 au PR 6+0750 (Quincey et Premeaux-Prissey) situ\u00e9s hors agglom\u00e9ration.Le stationnement et le d\u00e9passement des v\u00e9hicules sont interdits.Tout stationnement d'un v\u00e9hicule en infraction avec cette interdiction sera consid\u00e9r\u00e9 commedangereux au sens de l'article R. 417-9 du code de la route.\nPage 1 sur 2\nSous-pr\u00e9fecture de Beaune - 21-2025-09-08-00001 - Arr\u00eat\u00e9 pr\u00e9fectoral n\u00b0 1361 du 8 septembre 2025\nportant autorisation de la manifestation \navec participation de v\u00e9hicules terrestres \u00e0 moteur d\u00e9nomm\u00e9e \u00ab\u00a03\u00e8me auto-cross et sprint-car de Quincey\u00a0\u00bb\n organis\u00e9e les 13 et 14 septembre 2025 \u00e0 Premeaux-Prissey et Quincey \n38\nLa vitesse maximale autoris\u00e9e des v\u00e9hicules est fix\u00e9e \u00e0 50 km/h.Article 3A compter du 13/09/2025 et jusqu'au 14/09/2025, de 07h30\u00e0 20h00 la vitesse maximaleautoris\u00e9e des v\u00e9hicules dans le sens de circulation Quincey / Premeaux-Prissey est fix\u00e9e \u00e0 70km/h sur la RD 109 G du PR 6+0850 au PR 6+0750 (Premeaux-Prissey) situ\u00e9s horsagglom\u00e9ration.Article 4La signalisation r\u00e9glementaire conforme aux dispositions de l'Instruction Interminist\u00e9rielle surla signalisation routi\u00e8re sera mise en place par l'organisateur de l'\u00e9v\u00e9nement, sous le contr\u00f4le 'de l'autorit\u00e9 comp\u00e9tente.M. le Directeur G\u00e9n\u00e9ral des Services D\u00e9partementaux de la C\u00f4te-d'Or, M. le Commandant deGendarmerie de la R\u00e9gion Bourgogne et le Groupement D\u00e9partemental de la C\u00f4te d Or sontcharg\u00e9s, chacun en ce qui les concerne, de l'ex\u00e9cution du pr\u00e9sent arr\u00eat\u00e9.\nLe pr\u00e9sent arr\u00eat\u00e9 fera l'objet d'une publication sous forme \u00e9lectronique sur le site internet duConseil D\u00e9partemental de la C\u00f4te-d'Or.\npuuapimie 27/69/ %L\u00c7Le Pr\u00e9sident du Conseil D\u00e9partem\nJulicn ROUET\nPage 2 sur 2\nSous-pr\u00e9fecture de Beaune - 21-2025-09-08-00001 - Arr\u00eat\u00e9 pr\u00e9fectoral n\u00b0 1361 du 8 septembre 2025\nportant autorisation de la manifestation \navec participation de v\u00e9hicules terrestres \u00e0 moteur d\u00e9nomm\u00e9e \u00ab\u00a03\u00e8me auto-cross et sprint-car de Quincey\u00a0\u00bb\n organis\u00e9e les 13 et 14 septembre 2025 \u00e0 Premeaux-Prissey et Quincey \n39\nY/unyOS&s9j@SSaJIA'sypIaIUIJuawassedap19J912Juswauuone)s'OS/+9..uil.l.cl.\n*\ne\nYJ%02@e9ywIessoyabs'058+9\u00a5dNe054+9Ydnp18'OSE+9ddne05z+9UdNP960LOH\n/\n\"HINX0G&esseylAapuoneyuI'sypiequIJuewessedep1juoweUVONE]S_0SZ+9\u00a5dneOSE+9UdNPD60LOHAIONIND/AISSIHd-XNYINIYHdSCOC/60/vT10\u20acTS9]ATDNIND9pJe3JULIdS13ssosoInyswBE\nSous-pr\u00e9fecture de Beaune - 21-2025-09-08-00001 - Arr\u00eat\u00e9 pr\u00e9fectoral n\u00b0 1361 du 8 septembre 2025\nportant autorisation de la manifestation \navec participation de v\u00e9hicules terrestres \u00e0 moteur d\u00e9nomm\u00e9e \u00ab\u00a03\u00e8me auto-cross et sprint-car de Quincey\u00a0\u00bb\n organis\u00e9e les 13 et 14 septembre 2025 \u00e0 Premeaux-Prissey et Quincey \n40\nATTESTATION\n(A SCANNER A LA SOUS-PREFECTURE DE BEAUNE \u00e0sp-beaune@cote-dor.gouv.fr .AVANT LE DEBUT DE LA MANIFESTATION)\nConform\u00e9ment \u00e0 l'article R 331-27 du Code du sport, j'atteste, en ma qualit\u00e9d'organisateur technique d\u00e9sign\u00e9 par l'ASA Nivernais Morvan que l'ensemble desprescriptions mentionn\u00e9es dans l'arr\u00eat\u00e9 pr\u00e9fectoral d'autorisation de lamanifestation \u00ab 3\u00e8me auto cross et sprint car de Quincey \u00bb qui se d\u00e9roule les 13 et14 septembre 2025 ont \u00e9t\u00e9 respect\u00e9es.Cet arr\u00eat\u00e9 est affich\u00e9 ce jour en mairie.\nA ,LEL'ORGANISATEUR TECHNIQUE :\nSous-pr\u00e9fecture de Beaune - 21-2025-09-08-00001 - Arr\u00eat\u00e9 pr\u00e9fectoral n\u00b0 1361 du 8 septembre 2025\nportant autorisation de la manifestation \navec participation de v\u00e9hicules terrestres \u00e0 moteur d\u00e9nomm\u00e9e \u00ab\u00a03\u00e8me auto-cross et sprint-car de Quincey\u00a0\u00bb\n organis\u00e9e les 13 et 14 septembre 2025 \u00e0 Premeaux-Prissey et Quincey \n41\nSous-pr\u00e9fecture de Montbard\nP\u00f4le collectivit\u00e9s locales et d\u00e9veloppement\nterritorial\n21-2025-09-05-00005\nAP du 5 septembre 2025 portant modification\nstatutaire du SESAM\nSous-pr\u00e9fecture de Montbard - 21-2025-09-05-00005 - AP du 5 septembre 2025 portant modification statutaire du SESAM 42\nEx | |PR\u00c9FET Sous-Pr\u00e9fecture de MontbardDE LACOTE-D'ORLibert\u00e9Egalit\u00e9Fraternit\u00e9\nAffaire suivie par Am\u00e9lie MILLOT-VIDETP\u00f4le collectivit\u00e9s locales et d\u00e9veloppement territorialT\u00e9l :03.45.43.80.63m\u00e9l : amelie.millot-videt@cote-dor.gouv.fr\nArr\u00eat\u00e9 portant modification statutaire du Syndicat des Eaux et de Services AuxoisMorvan (SESAM)Le sous-pr\u00e9fet de Montbard\nVU le Code G\u00e9n\u00e9ral des Collectivit\u00e9s Territoriales, et notamment son article L5211-17;VU le d\u00e9cret du 17 novembre 2023 portant nomination de Monsieur S\u00e9bastien LANOYE,sous-pr\u00e9fet de Montbard;VU l'arr\u00eat\u00e9 pr\u00e9fectoral du 12 d\u00e9cembre 1957 portant cr\u00e9ation du syndicat intercommunald'adduction d'eau potable de Semur en Auxois ;VU les arr\u00eat\u00e9s pr\u00e9fectoraux modificatifs des 25 juin 1958, 13 octobre 1961, 23 d\u00e9cembre1968;VU l'arr\u00eat\u00e9 pr\u00e9fectoral du 9 septembre 1999 portant modification statutaire et changementde nom;VU les arr\u00eat\u00e9s pr\u00e9fectoraux modificatifs des 31 ao\u00fbt 2005, 17 janvier 2007, 27 d\u00e9cembre2007, 24 d\u00e9cembre 2010, 31 mars 2016, 3 novembre 2016, 10 novembre 2017, 16 novembre2018, 27 d\u00e9cembre 2019, du 20 f\u00e9vrier 2023 et du 13 d\u00e9cembre 2023 ;- VU l'arr\u00e9t\u00e9 pr\u00e9fectoral n\u00b0 817/SG du 13juin 2025 donnant d\u00e9l\u00e9gation de signature \u00e0 MonsieurS\u00e9bastien LANOYE, sous-pr\u00e9fet de l'arrondissement de Montbard;VU la d\u00e9lib\u00e9ration du comit\u00e9 syndical du Syndicat des Eaux et de Services Auxois Morvan(SESAM) du 27 mars 2025 approuvant de nouveaux statuts et notifi\u00e9e aux collectivit\u00e9smembres le 11 avril 2025;VU les d\u00e9lib\u00e9rations favorables des organes d\u00e9lib\u00e9rants, des collectivit\u00e9s membres dusyndicat concern\u00e9es, sur cette modification statutaire ;SOUS-PREFECTURE DE MONTBARD \u2014 25rue C'ld pfleury - 21500 Montbardt\u00e9l : 03 45 43 80 56 - mel : sp-montbard@cote-dor.gouv.frSite internet : http://www.cote-dor.gouv.fr\nSous-pr\u00e9fecture de Montbard - 21-2025-09-05-00005 - AP du 5 septembre 2025 portant modification statutaire du SESAM 43\nCONSIDERANT que les conditions de majorit\u00e9 qualifi\u00e9e requises par les textes sontremplies ; _ARRETE\nARTICLE 1er : A compter de ce jour, le Syndicat des Eaux et de Services Auxois Morvan(SESAM) est r\u00e9gi par les statuts ci-annex\u00e9s.ARTICLE 2: Madame la Pr\u00e9sidente du Syndicat des Eaux et de Services Auxois-Morvan,Monsieur le Pr\u00e9sident de la communaut\u00e9 de communes des Terres d'Auxois, Madame laPr\u00e9sidente de la communaut\u00e9 de communes de Saulieu-Morvan, Mesdames et Messieurs lesMaires des communes de: Aisy sous Thil, Arnay sous Vitteaux, Avosnes, Bard les Epoisses,Benoisey, Beurizot, Boussey, Brain, Braux, Brianny, Champ d'Oiseau, Champeau en Morvan,Champrenault, Charigny, Charny, Chassey, Chevannay,Clamerey, Corrombles, Corsaint,Courcelles Fr\u00e9moy, Courcelles les Semur, Courcelles les Montbard, Dampierre en Montagne,Dompierre en Morvan, Epoisses, Eringes, Fontangy, Forl\u00e9ans,Genay, Gissey le Viel, Grignon,Jeux les Bard, Juillenay, Juilly, Lacour d'Arcenay, La Motte Ternant, Lantilly, la Roche en Brenil,Le Val Larrey, Magny la Ville, Marcellois, Marcigny sous Thil, Marcilly et Dracy, Marigny leCahouet, Massingy les Semur, Massingy les Vitteaux, Millery, Missery, Molphey,Montberthault,Montigny Saint Barth\u00e9lemy, Montigny sur Arman\u00e7on, Montlay en Auxois,Moutiers Saint Jean, Nan sous Thil, Noidan, Normier, Pont et Mass\u00e8ne, Posanges,Pr\u00e9cy sousThil, Roilly, Rouvray, Saffres, Saint Andeux, Saint Didier, Sainte Colombe en Auxois, SaintEuphr\u00f4ne, Saint Germain de Mod\u00e9on, Saint Helier, Saint Mesmin, Saint Thibault, Saulieu,Seigny,Semur en Auxois, Sincey les Rouvray, Souhey, Soussey sur Brionne, Thoisy la Berch\u00e8re,_ Thorey sous Charny, Thoste, Torcy et Pouligny, Toutry, Uncey le Franc, Velogny, Vesvres, Vicde Chassenay, Vic sous ThilVieux Chateau, Villargoix, Villars et Villenotte,Villeberny,Villeferry,Villeneuve-sous-Charigny, Villy en Auxois et Vitteaux sont charg\u00e9s,chacun en ce qui le concerne, de l'ex\u00e9cution du pr\u00e9sent arr\u00eat\u00e9 qui sera publi\u00e9 au recueil desactes administratifs de la Pr\u00e9fecture de la C\u00f4te d'Or et dont copie sera adress\u00e9e \u00e0 :- M. le Pr\u00e9fet de la R\u00e9gion Bourgogne Franche-Comt\u00e9, Pr\u00e9fet de la C\u00f4te d'Or,- Madame la Directrice R\u00e9gionale des Finances Publiques de Bourgogne Franche-Comt\u00e9 et dela C\u00f4te d'Or,- Monsieur le Directeur R\u00e9gional de l'INSEE ,- Monsieur le Pr\u00e9sident de la Chambre R\u00e9gionale des Comptes,- Madame la Directrice D\u00e9partementale des Territoires de la C\u00f4te d'Or,- Monsieur le Directeur des Archives D\u00e9partementales de la C\u00f4te d'Or,- Monsieur le Pr\u00e9sident de la Communaut\u00e9 de Communes des Terres d'Auxois,- Monsieur le Pr\u00e9sident de la Communaut\u00e9 de Communes du Pays d'Al\u00e9sia et de la Seine,- Monsieur le Pr\u00e9sident de la Communaut\u00e9 de Communes du Montbardois,- Madame la Pr\u00e9sidente de la Communaut\u00e9 de Communes de Saulieu-Morvan- Monsieur.le responsable du Service de Gestion Comptable de Venarey-Les-Laumes ;Fait \u00e0 MONTBARD, le 5 septembre 2025Le Sous-Pr\u00e9fetsign\u00e9S\u00e9bastien LANOYE\ncote-dor.gouv.fr\nSous-pr\u00e9fecture de Montbard - 21-2025-09-05-00005 - AP du 5 septembre 2025 portant modification statutaire du SESAM 44\nSTATUTS |l ... Cat\u00e9gorie de SyndicatLe SESAM est un syndicat mixte ferm\u00e9 (SMF).Il. Nature juridiqueEtablissement public.I. Si\u00e8gedu Syndicat11, voie Georges Pompidou \u2014 21140 SEMUR-EN-AUXOIS.IV. D\u00e9nomination du SyndicatSyndicat des Eaux et de Services Auxois-Morvan (SESAM)V. P\u00e9rim\u00e8tre g\u00e9ographiqueAu 1% janvier 2025, le Syndicat s'\u00e9tend sur 96 communes r\u00e9parties sur 4 Communaut\u00e9s deCommunes:Aisy-sous-Thil, Arnay-sous-Vitteaux, Avosnes, Bard-les-Epoisses, Beurizot, Benoisey,Boussey, Brain, Braux, Brianny, Champrenault, Champ-d'Oiseau, Champeau-en-Morvan,Charigny, Charny, Chassey, Chevannay, Clamerey, Corrombles, Corsaint, Courcelles-Fr\u00e9moy, Courcelles-les-Montbard, Courcelles-les-Semur, = Dampierre-en-Montagne,Dompierre-en-Morvan, Epoisses, Eringes, Fontangy, Forl\u00e9ans, Genay, Gissey-le-Vieil,Grignon, Jeux-les-Bard, Juillenay, Juilly, Lacour-d'Arcenay, La Motte-Ternant, Lantilly, LaRoche-en-Brenil, Le Val-Larrey, Magny-la-Ville, Marcellois, Marcigny-sous-Thil, Marcilly-et-Dracy, Marigny-le-Cahou\u00e9t, Massingy-les-Semur, Massingy-les-Vitteaux, Millery, Missery,Molphey, Montberthault, Montigny-Saint-Barth\u00e9l\u00e9my, Montigny-sur-Arman\u00e7on, Montlay-en-Auxois, Moutiers-Saint-Jean, Nan-sous-Thil, Noidan, Normier, Pont-et-Mass\u00e8ne, Posanges,Pr\u00e9cy-sous-Thil, Roilly, Rouvray, Saffres, Saint-Andeux, Saint-Didier, Saint-Euphr\u00f4ne, Saint-Germain-de-Mod\u00e9on, Saint-Helier, Saint-Mesmin, Saint-Thibault, Sainte-Colombe-en-Auxois, Saulieu, Seigny, Semur-en-Auxois, Sincey-les-Rouvray, Souhey, Soussey-sur-Brionne, Thoisy-la-Berch\u00e9re, Thorey-sous-Charny, Thoste, Torcy-Pouligny, Toutry, Uncey-le-Franc, Velogny, Vesvres, Vic-de-Chassenay, Vic-sous-Thil, Vieux-Chateau, Villargoix,Villars-Villenotte, Villeberny, Villeferry, Villeneuve-sous-Charigny, Villy-en-Auxois, Vitteaux.VL Autres collectivit\u00e9s desserviesEn plus des 96 communes, le Syndicat peut alimenter en eau potable temporairement ou enpermanence toute autre collectivit\u00e9 sur la base d''une convention de vente en gros d'eaupotable.VII. rganisation administrativVII.1 Repr\u00e9sentation des collectivit\u00e9s membres :Le Comit\u00e9 syndical est compos\u00e9 de :- Pour les communes membres comptant 1500 habitants ou plus: 1 d\u00e9l\u00e9gu\u00e9 et 1suppl\u00e9ant par tranche ou partie de tranche de 1500 habitants \u00e9lus par les conseilsmunicipaux.- Pour les communes membres comptant moins de 1500 habitants: 1 d\u00e9l\u00e9gu\u00e9 et 1suppl\u00e9ant par commune \u00e9lus par les conseils municipaux.- Pour les Communaut\u00e9s de Communes membres : le conseil communautaire \u00e9lira :- autant de d\u00e9l\u00e9gu\u00e9s titulaires et de d\u00e9l\u00e9gu\u00e9s suppl\u00e9ants qu'il y a de communes demoins de 1500 habitants dans la Communaut\u00e9 de Communes.- auxquels s'ajoutent autant de d\u00e9l\u00e9gu\u00e9s titulaires et de d\u00e9l\u00e9gu\u00e9s suppl\u00e9ants qu'il ya de tranches de 1500 habitants entam\u00e9es dans les communes de plus de 1500habitants de la Communaut\u00e9 de Communes.Choix des d\u00e9l\u00e9gu\u00e9s de communes ou d'EPCI: Pour les communes: tout conseillermunicipal. Pour les EPCI \u00e0 fiscalit\u00e9 propre : tout d\u00e9l\u00e9gu\u00e9 parmi le conseil communautaire outout conseiller municipal d'une commune membre.\nSous-pr\u00e9fecture de Montbard - 21-2025-09-05-00005 - AP du 5 septembre 2025 portant modification statutaire du SESAM 45\nBureau syndical: Elu pour la dur\u00e9e du mandat par le Comit\u00e9, il comprend le ou laPr\u00e9sident(e) et 10 membres dont 5 Vice-Pr\u00e9sidents.VII.2 Les comp\u00e9tences administrativesElles sont d\u00e9finies par le CGCT, textes, lois, r\u00e8glements et circulaires :Le Comit\u00e9 syndical: Organe d\u00e9lib\u00e9rant, vote du budget, du compte administratif, ducompte de gestion. R\u00e8gle par ses d\u00e9lib\u00e9rations la politique de I'eau et les actions pour labonne ex\u00e9cution du service public dans l'int\u00e9r\u00e9t des collectivit\u00e9s membres et des usagersFixe le mode de gestion des diff\u00e9rents services.Le ou la Pr\u00e9sident(e): Organe ex\u00e9cutif. Pr\u00e9pare et ex\u00e9cute les d\u00e9lib\u00e9rations.Ordonnateur(trice) des d\u00e9penses. Prescrit I'ex\u00e9cution des recettes. Chef(fe) du personnel.Nomme aux emplois. Repr\u00e9sente le Syndicat en justice. Peut b\u00e9n\u00e9ficier de d\u00e9l\u00e9gations ducomit\u00e9 (CGCT). Exerce des pouvoirs propres.Le Bureau : A vocation de recevoir d\u00e9l\u00e9gation de I'organe d\u00e9lib\u00e9rant. Exerce les attributionsd\u00e9l\u00e9gu\u00e9es par le Comit\u00e9. Gestion des affaires courantes. Etablissement du r\u00e8glementint\u00e9rieur notamment pour l'ex\u00e9cution des comp\u00e9tences optionnelles et op\u00e9rations pourcompte de tiers. Ex\u00e9cution du budget. Gestion des march\u00e9s publics. Gestion du patrimoine.Contrats de mandat avec diff\u00e9rentes collectivit\u00e9s sur des objets d'utilit\u00e9 commune oustatutaire. Renforcer les informations r\u00e9ciproques. Restitution des d\u00e9cisions vot\u00e9es par'assembl\u00e9e. Affichage, lettres d'information. D\u00e9centralisation de la tenue des Comit\u00e9s,....Formalisation des relations par le biais de mandats de maitrise d'ouvrage, de contrats deprestations de services, de services partag\u00e9s,....Les commissions th\u00e9matiques avec un r\u00f4le consultatif qui ne lie pas les d\u00e9cisions duComit\u00e9 ou du Bureau (fonctionnement d\u00e9fini par le r\u00e8glement int\u00e9rieur) :- la CCSPL cr\u00e9\u00e9e par d\u00e9lib\u00e9ration.- Possibilit\u00e9 d'entendre des personnes ou organismes ext\u00e9rieurs au Syndicat en raison deleurs comp\u00e9tences, de leurs fonctions ou l'int\u00e9r\u00e9t port\u00e9 au service public.- Possibilit\u00e9 de cr\u00e9ation d'une commission pour un objet ponctuel, pour une op\u00e9rationsp\u00e9cifique ou permanente, dans le cadre des domaines de comp\u00e9tence du Syndicat.Le(a) receveur(euse) syndical(e) : le comptable public est le(a) tr\u00e9sorier(\u00e8re) de Venarey-les-Laumes.Les services administratifs et techniques : IIs ex\u00e9cutent leurs missions de service publicdans le cadre des comp\u00e9tences assign\u00e9es sous l'autorit\u00e9 du Directeur G\u00e9n\u00e9ral des Servicesqui de son c\u00f4t\u00e9 peut aussi recevoir d\u00e9l\u00e9gation du (de la) Pr\u00e9sident(e). En contrepartie desdroits dont ils b\u00e9n\u00e9ficient et des devoirs qu'ils doivent assumer, les personnels ont droit \u00e0une r\u00e9mun\u00e9ration apr\u00e8s service accompli.VII. 3 Organisation des relations du SMFInvitation des Maires non d\u00e9l\u00e9gu\u00e9s (cf. r\u00e8glement int\u00e9rieur)Conf\u00e9rence des Pr\u00e9sidents des Communaut\u00e9s de Communes (cf. r\u00e8glement int\u00e9rieur)Conf\u00e9rence avec les partenaires institutionnels (cf. r\u00e8glement int\u00e9rieur) \u2014Possibilit\u00e9 de cr\u00e9er et/ou d'adh\u00e9rer \u00e0 une Entreprise Publique Locale (EPL) (cf. d\u00e9lib\u00e9rationdu comit\u00e9) _Possibilit\u00e9 de cr\u00e9er et/ou d'adh\u00e9rer a un \u00e9tablissement public de coop\u00e9ration (cf. d\u00e9lib\u00e9rationdu comit\u00e9)\nSous-pr\u00e9fecture de Montbard - 21-2025-09-05-00005 - AP du 5 septembre 2025 portant modification statutaire du SESAM 46\n9 9\nVIII. Comp\u00e9tences statutairesVIIL1 Comp\u00e9tences obligatoires1) En mati\u00e8re d'eau potable (production-transport-stockage-distribution) :Collectivit\u00e9s adh\u00e9rentes : CCTA (76 communes), CCS (12 communes), Benoisey, Champ-d'Oiseau, Courcelles-les-Montbard, Eringes, Grignon, Marigny-le-Cahou\u00ebt, Moutiers-St-Jean, Seigny.R\u00e9alisation des \u00e9tudes g\u00e9n\u00e9rales et/ou n\u00e9cessaires \u00e0 l'extension ou \u00e0 l'exploitationd'infrastructures de production et d'alimentation en eau potable.Gestion, extension, entretien et exploitation d'infrastructures d'alimentation en eau potableexistantes ou futures. 'Protection de la ressource (contribution \u00e0 la gestion et \u00e0 la pr\u00e9servation de la ressource).2) En mati\u00e8re d'assainissement :a) Assainissement collectif (collecte-transport-\u00e9puration-\u00e9limination desCollectivit\u00e9s adh\u00e9rentes : CCTA (76 communes), CCS (12 communes), Benoisey, Champ-d'Oiseau, Courcelles-les-Montbard, Eringes, Grignon, Marigny-le-Cahou\u00ebt, Moutiers-St-Jean, Seigny.R\u00e9alisation des \u00e9tudes g\u00e9n\u00e9rales et/ou n\u00e9cessaires \u00e0 l'extension, \u00e0 la modification enfonction d'objectifs environnementaux ou \u00e0 l'exploitation d'infrastructures de collecte(s\u00e9paratif et unitaire) et de traitement des eaux us\u00e9es.Gestion, extension, entretien et exploitation d'infrastructures existantes ou futures de collecte(s\u00e9paratif et unitaire) et de traitement des eaux us\u00e9es.Assainissement non collectif (SPANCollectivit\u00e9s adh\u00e9rentes: CCTA (76 communes), CCS (12 communes), Benoisey(repr\u00e9sentation substitution de la CC du Montbardois), Champ-d'Oiseau (repr\u00e9sentationsubstitution de la CC du Montbardois), Courcelles-les-Montbard (repr\u00e9sentation substitutionde la CC du Montbardois), Eringes (repr\u00e9sentation substitution de la CC du Montbardois),Grignon (repr\u00e9sentation substitution de la COPAS), Moutiers-St-Jean (repr\u00e9sentationsubstitution de la CC du Montbardois) et Seigny (repr\u00e9sentation substitution de la CC duMontbardois),R\u00e9alisation des \u00e9tudes g\u00e9n\u00e9rales et/ou particuli\u00e8res n\u00e9cessaires au bon fonctionnement duService Public pour l'assainissement non collectif (SPANC)R\u00e9alisation des missions obligatoires du SPANC (diagnostic initial, contr\u00f4les p\u00e9riodiques,contr\u00f4les de conception, d'implantation et de bonne ex\u00e9cution, contr\u00f4le dans le cadre destransactions immobili\u00e8res,..)Remise en \u00e9tat de conformit\u00e9 et/ou d\u00e9pannages des installations pour les propri\u00e9taires dansle cadre de conventionsGestion de toute question relative \u00e0 l'assainissement non collectifL'entretien des dispositifs, la collecte et le traitement des boues. Chaque propri\u00e9taire resten\u00e9anmoins libre de choisir l'entreprise de son choix pour I'entretien. Si le propri\u00e9taire lesouhaite, une convention peut \u00eatre \u00e9tablie avec le Syndicat.Assistance technique et administrative aux \u00e9lus, production d'outils d'aide \u00e0 la d\u00e9cision, aide\u00e0 la gestion des conflits de voisinage et des contentieux.Gestion des mati\u00e8res de vidanges si la situation I'exige.c) Service public de d\u00e9fense ext\u00e9rieure contre l'incendie (DEC/}Collectivit\u00e9s adh\u00e9rentes : Aisy-sous-Thil, Arnay-sous-Vitteaux, Avosnes, Bard-les-Epoisses,Beurizot, Benoisey, Boussey, Brain, Braux, Brianny, Champrenault, Champ-d'Oiseau,Champeau-en-Morvan, Charigny, Charny, Chassey, Chevannay, Clamerey, Corrombles,Corsaint, Courcelles-Fr\u00e9moy, Courcelles-les-Montbard, Courcelles-les-Semur, Dampierre-en-Montagne, Dompierre-en-Morvan, Epoisses, Eringes, Fontangy, Forl\u00e9ans, Genay,Gissey-le-Vieil, Grignon, Jeux-les-Bard, Juillenay, Juilly, Lacour-d'Arcenay, La Motte-Ternant, Lantilly, La Roche-en-Brenil, Le Val-Larrey, Magny-la-Ville, Marcellois, Marcigny-sous-Thil, Marcilly-et-Dracy, Marigny-le-Cahou\u00e9t, Massingy-les-Semur, Massingy-les-\nSous-pr\u00e9fecture de Montbard - 21-2025-09-05-00005 - AP du 5 septembre 2025 portant modification statutaire du SESAM 47\n9999 99\nN.B. :\nVitteaux, Millery, Missery, Molphey, Montberthault, Montigny-Saint-Barth\u00e9l\u00e9my, Montigny-sur-Arman\u00e7on, Montlay-en-Auxois, Moutiers-Saint-Jean, Nan-sous-Thil, Noidan, Normier,Pont-et-Mass\u00e8ne, Posanges, Pr\u00e9cy-sous-THil, Roilly, Rouvray, Saffres, Saint-Andeux, Saint-Didier, Saint-Euphr\u00f4ne, Saint-Germain-de-Mod\u00e9on, Saint-Helier, Saint-Mesmin, Saint-Thibault, Sainte-Colombe-en-Auxois, Saulieu, Seigny, Semur-en-Auxois, Sincey-les-Rouvray, Souhey, Soussey-sur-Brionne, Thoisy-la-Berch\u00e8re, Thorey-sous-Charny, Thoste,Torcy-Pouligny, Toutry, Uncey-le-Franc, Velogny, Vesvres, Vic-de-Chassenay, Vic-sous-Thil, Vieux-Ch\u00e2teau, Villargoix, Villars-Villenotte, Villeberny, Villeferry, Villeneuve-sous-Charigny, Villy-en-Auxois, Vitteaux.Conception et organisation de la d\u00e9fense ext\u00e9rieure contre l'incendieElaboration des diagnostics et sch\u00e9mas communaux de d\u00e9fense ext\u00e9rieure contre l'incendie.Maitrise d'ouvrage d\u00e9l\u00e9gu\u00e9e (par linterm\u00e9diaire de conventions) des ouvrages, del'am\u00e9nagement des points d'eau incendie identifi\u00e9s et des travaux n\u00e9cessaires pour assurerla fonctionnalit\u00e9 et le volume de leur approvisionnement.Gestion des ouvrages, actions de maintenance et maintien de l'accessibilit\u00e9, de lanum\u00e9rotation et de la signalisation de ces points d'eau.Gestion administrative et cartographique du patrimoineContr\u00f4les techniques r\u00e9guliersRelations avec le SDIS 21 (sch\u00e9ma d\u00e9partemental, \u00e9changes de donn\u00e9es,....) et/oudiff\u00e9rents organismes ou instances en fonction de l'int\u00e9r\u00eat qu'ils portent en mati\u00e8re de DECI.Le pouvoir de police et la cr\u00e9ation de nouveaux moyens de d\u00e9fense incendie restent de lacomp\u00e9tence exclusive du Maire (CGCT).\n9 9 VIIL2 Comp\u00e9tences optionnellesConditions de transfert ou de r\u00e9alisation des comp\u00e9tences optionnelles :A la demande d'une commune et/ou EPCI membre apr\u00e8s acceptation du comit\u00e9 syndical.Etablissement d'un proc\u00e8s-verbal de transfert concordant ou r\u00e9alisation de prestations deservice ou de travaux \u00e0 la demande de collectivit\u00e9s membres en ex\u00e9cution d'une conventionconclue dans le respect de la commande publique pr\u00e9cisant les modalit\u00e9s d'intervention, ladur\u00e9e, le co\u00fbt de l'op\u00e9ration ou des \u00e9tudes, les caract\u00e9ristiques techniques de la prestation.L'intervention au profit de ces collectivit\u00e9s ne devra cr\u00e9er aucune charge nouvelle pour lesautres communes adh\u00e9rentes. Les b\u00e9n\u00e9ficiaires devront supporter le reste \u00e0 charge desd\u00e9penses, d\u00e9duction faite des aides ou subventions.1)_Service public de gestion des eaux pluviales urbainesD\u00e9finition des \u00e9l\u00e9ments constitutifs du syst\u00e8me de gestion des eaux pluviales urbaines endistinguant les parties formant un r\u00e9seau unitaire avec le syst\u00e8me de collecte des eauxus\u00e9es et les parties constitu\u00e9es en r\u00e9seau s\u00e9paratif. Ces \u00e9l\u00e9ments comprennent lesinstallations et ouvrages, destin\u00e9s \u00e0 la collecte, au transport, au stockage et au traitementdes eaux pluviales \u00e0 l'exclusion des caniveaux, foss\u00e9s et bassins de r\u00e9tention collectantexclusivement les eaux de ruissellement provenant des voiries.Assure la cr\u00e9ation, l'exploitation, l'entretien, le renouvellement et l'extension de cesinstallations et ouvrages ainsi que le contr\u00f4le des dispositifs \u00e9vitant ou limitant led\u00e9versement des eaux pluviales dans ces ouvrages publics.Ma\u00eetrise d'ouvrage de syst\u00e8mes de collecte et/ou de traitement des eaux pluviales.2) Plans Communaux de Sauvegarde (PCS)Recensement des vuln\u00e9rabilit\u00e9s et des risques (pr\u00e9sents, \u00e0 venir ou possibles) sur lescommunes et les moyens disponibles (communaux ou priv\u00e9s).Pr\u00e9vision de l'organisation n\u00e9cessaire pour assurer l'alerte, l'information, la protection et lesoutien de la population au regard des risques.R\u00e9alisation de la formalisation et de l'actualisation des documents, fourniture d'une base derenseignements et de trames aux communes.R\u00e9alisation du DICRIM.3) Fourniture d'eau bruteMettre en \u0153uvre les moyens mat\u00e9riels n\u00e9cessaires pour garantir l'acc\u00e8s \u00e0 une eau nonpotable aux acteurs \u00e9conomiques du territoire.\nSous-pr\u00e9fecture de Montbard - 21-2025-09-05-00005 - AP du 5 septembre 2025 portant modification statutaire du SESAM 48\n\u00e6\n\u00e6\n\u00e6\u00a5 9 9 9 9 \u00a7\n4) Actions de solidarit\u00e9 internationaleMettre en \u0153uvre les moyens mat\u00e9riels et humains n\u00e9cessaires pour garantir 'acc\u00e9s de tous\u00e0 l'eau et \u00e0 'assainissement et assurer une gestion durable des ressources en eau (ODDS).Recherche de partenariats humains, techniques et financiers.Maitrise d'ouvrage et maitrise d'ouvrage d\u00e9l\u00e9gu\u00e9e des op\u00e9rations de solidarit\u00e9internationale.VIII. ration rcom ierPour les collectivit\u00e9s non adh\u00e9rentes qui formulent la demande : Le Syndicat, apr\u00e8sacceptation du comit\u00e9, peut recevoir mandat de r\u00e9aliser \u00e0 la demande et pour le compted'une ou plusieurs communes ou tout autre entit\u00e9 publique ou priv\u00e9e une ou des op\u00e9rationsponctuelles dans le cadre d'un contrat de prestation de service pass\u00e9e entre le Syndicat etle demandeur dans le respect du droit de la commande publique.Fourniture totale ou partielle d'eau potableFourniture totale ou partielle d'eau brute (industrie, agriculture, ...)Mise \u00e0 disposition du SPANC et des services qu'il proposeMise \u00e0 disposition des services techniques du SESAM (rel\u00e8ve des compteurs, ...)Mise \u00e0 disposition du service de DECI et des services qu'il proposeEtudes et mise \u00e0 disposition de l'ing\u00e9nierie du Syndicat (contr\u00f4le des contrats de DSP, desconventions ou autres et de leur ex\u00e9cution, sch\u00e9mas directeurs, \u00e9tudes globales, ...)Ma\u00eetrise d'ouvrage d\u00e9l\u00e9gu\u00e9e et Maitrise d'\u0153uvreIX. Fonctionnement du SyndicatChamp territorial d'action : Les communes ou EPCI membres et diff\u00e9rentes collectivit\u00e9sdans le cadre d'op\u00e9rations pour compte de tiers.Convocations : Le ou la Pr\u00e9sident(e)Quorum : Pr\u00e9sence physiqueVote : cf. r\u00e8glement int\u00e9rieurIndemnit\u00e9s de fonction : dans la limite des dispositions des textes et r\u00e8glements CGCTR\u00e9unions du Comit\u00e9: 4 fois par an et chaque fois que cela est n\u00e9cessaire.Bureau syndical, diff\u00e9rentes commissions, ... : D\u00e9fini par le r\u00e8glement int\u00e9rieur.X. Budget-ressources-d\u00e9pensesRessources: Contributions obligatoires des collectivit\u00e9s adh\u00e9rentes (les redevances sontcalcul\u00e9es sur la base des populations totales des communes arr\u00eat\u00e9es par l'INSEE), sommesper\u00e7ues en \u00e9change d'un service rendu, produits des dons et legs, produit des taxes,redevances et contribution correspondant aux services assur\u00e9s, produits des emprunts,contributions communales fiscalis\u00e9es en remplacement de contributions budg\u00e9taires, toutesdotations ou subventions auxquelles le syndicat peut pr\u00e9tendre.Le prix du m3 d'eau potable est identique pour tous les usagers du Syndicat pour lesparam\u00e8tres relatifs aux parts fixes et variables du Syndicat et le cas \u00e9ch\u00e9ant de sond\u00e9l\u00e9gataire (base 120m3 annuels).Le prix du m3 pour l'assainissement collectif est identique pour tous les usagers du Syndicatpour les param\u00e8tres relatifs aux parts fixes et variables du Syndicat et le cas \u00e9ch\u00e9ant de sond\u00e9l\u00e9gataire (base 120m3 annuels) \u00e0 l'exception de l'Ecop\u00f4le Bois de La Roche-en-Brenil.\nSous-pr\u00e9fecture de Montbard - 21-2025-09-05-00005 - AP du 5 septembre 2025 portant modification statutaire du SESAM 49\n\u0178 9\nLe montant de la redevance pour le SPANC est identique pour tous les usagers du Syndicat.Un bordereau de prix des prestations compl\u00e9mentaires est pr\u00e9sent\u00e9 dans le r\u00e8glement deservice.Le montant de la part syndicale pour la DECI est identique pbuf toutes les communes duSyndicat.D\u00e9penses :- D\u00e9penses obligatoires li\u00e9es au bon fonctionnement du Syndicat (annuit\u00e9s, r\u00e9mun\u00e9rationcharges sociales, engagements contractuels, amortissements des ouvrages, redevanceset taxes, ... )- D\u00e9penses li\u00e9es aux investissements programm\u00e9s et r\u00e9alis\u00e9s- Renouvellement des ouvrages- Charges li\u00e9es aux moyens n\u00e9cessaires \u00e0 I'exercice des comp\u00e9tences transf\u00e9r\u00e9es.Etant pr\u00e9cis\u00e9 que ces nouvelles charges sont pr\u00e9visibles depuis les lois des 16/10/2010portant r\u00e9forme des collectivit\u00e9s et 7/08/2015 portant nouvelle organisation territoriale de laR\u00e9publique (loi NOTRe) et qu'en cons\u00e9quence les collectivit\u00e9s b\u00e9n\u00e9ficiant de missions dufait des transferts, de nouvelles adh\u00e9sions, d'op\u00e9rations pour compte de tiers, les nouveauxcontrats sign\u00e9s hors intervention du SESAM dans l'ann\u00e9e pr\u00e9c\u00e9dant un transfert decomp\u00e9tence ne devront pas avoir pour effet de cr\u00e9er des charges nouvelles pour lescommunes d\u00e9j\u00e0 membres du Syndicat. Les collectivit\u00e9s b\u00e9n\u00e9ficiaires devront supporter latotalit\u00e9 du montant des d\u00e9penses non aid\u00e9es ou non subventionn\u00e9es jusqu'\u00e0 extinctiontotale des engagements financiers qui auront \u00e9t\u00e9 pris.XI. Nouvelles adh\u00e9sions-Retraits-Modifications-DissolutionSe conformer aux textes en vigueur ou futurs sur I'\u00e9volution \u00e9ventuelle du Syndicat.Conditions de sortie d'une commune et/ou EPCI membre du SMF :- A la demande d'une commune et/ou EPCI membre (d\u00e9lib\u00e9ration) au moins un an avant ladate de sortie souhait\u00e9e.Apr\u00e8s acceptation du comit\u00e9 syndical (majorit\u00e9 qualifi\u00e9e).La sortie d'une collectivitt membre du SMF ne doit pas avoir pour effet de p\u00e9naliser(d\u00e9sorganisation financi\u00e8re, technique et administrative,...) les collectivit\u00e9s restantes.La collectivit\u00e9 sortante se verra transf\u00e9rer I'actif et le passif de la comp\u00e9tence reprise (ycompris l'int\u00e9gralit\u00e9 des emprunts) et devra le cas \u00e9ch\u00e9ant rembourser les investissementset toutes charges induites qui auraient \u00e9t\u00e9 r\u00e9alis\u00e9s durant les 5 ann\u00e9es pr\u00e9c\u00e9dentes par leSESAM. Le personnel ainsi que les biens n\u00e9cessaires au bon fonctionnement du serviceseront \u00e9galement transf\u00e9r\u00e9s.\nXII. Litiges . 'Pour toute disposition non pr\u00e9vue par les pr\u00e9sents statuts, par le r\u00e8glement int\u00e9rieur quil'accompagne ou I'Arr\u00e9t\u00e9 Pr\u00e9fectoral, il sera fait application des r\u00e8gles du CGCT applicablesaux EPCI.Tout litige d\u00e9coulant de I'application des pr\u00e9sents statuts est du ressort de la juridictionadministrative dont d\u00e9pend le Syndicat : Tribunal Administratif de Dijon.XIII. Date d'effetLes pr\u00e9sentes dispositions prendront effet le 1\u00b0\" mai 2025Vu pour \u00eatre annex\u00e9 \u00e0 l'arr\u00eat\u00e9 pr\u00e9fectoral du 5 septembre 2025Le sous-pr\u00e9fet de Montbard,sign\u00e9S\u00e9bastien LANOYE\nSous-pr\u00e9fecture de Montbard - 21-2025-09-05-00005 - AP du 5 septembre 2025 portant modification statutaire du SESAM 50","date":"2025-09-10","first_seen_on":"2025-09-13T20:48:28+00:00","id":"068f4d78baa6730202ae996138b96b25393fda090bb7aa9f7137ebc7dbaf3b67","name":"RAA n\u00b0 120 du 09 septembre 2025","pdf_creation_date":"2025-09-09T14:11:43+00:00","pdf_modification_date":null,"timezone":"Europe/Paris","url":"https://www.cote-dor.gouv.fr/contenu/telechargement/24154/183745/file/recueil-21-2025-120-recueil-des-actes-administratifs-special.pdf"}
