{"administration":"pref13","administration_name":"Pr\u00e9fecture des Bouches-du-Rh\u00f4ne","content":"BOUCHES-DU-\nRH\u00d4NE\nRECUEIL DES ACTES\nADMINISTRATIFS SP\u00c9CIAL\nN\u00b013-2024-116\nPUBLI\u00c9 LE 22 MAI 2024\nSommaire\nDDETS 13 /\n13-2024-05-21-00005 - Arr\u00eat\u00e9 portant agr\u00e9ment d\u25a1un organisme au titre\nd\u25a1Entreprise Solidaire d\u25a1Utilit\u00e9  Sociale (ESUS) au b\u00e9n\u00e9fice de MMadame\nR\u00e9gine WEIMAR Pr\u00e9sidente de la SAS \u00abPROTECTUS\u00bb sise Village l\u25a1\u00c9pop\u00e9e,\n4-6 rue Berthelot  - 13014 MARSEILLE (2 pages) Page 4\n13-2024-05-22-00006 - R\u00e9c\u00e9piss\u00e9 de d\u00e9claration au titre des Services \u00e0 la\nPersonne au b\u00e9n\u00e9fice de Madame  TASSADIT Lounnas en qualit\u00e9 de\nd\u25a1entrepreneur individuel domicili\u00e9 au 19 rue du Mus\u00e9e 13001 MARSEILLE (2\npages) Page 7\n13-2024-05-22-00003 - R\u00e9c\u00e9piss\u00e9 de d\u00e9claration au titre des Services \u00e0 la\nPersonne au b\u00e9n\u00e9fice de Madame LEGRAND B\u00e9atrice en qualit\u00e9\nd\u25a1entrepreneur individuel domicili\u00e9 au 76 Rue Ferrari 13005 Marseille  (2\npages) Page 10\n13-2024-05-22-00007 - R\u00e9c\u00e9piss\u00e9 de d\u00e9claration au titre des Services \u00e0 la\nPersonne au b\u00e9n\u00e9fice de Madame MOHAMED BENKOIBICH MENAI Hasnia\nen qualit\u00e9 de micro entrepreneur domicili\u00e9 au 35 Rue Fortun\u00e9 Jourdan\n13003 MARSEILLE  (2 pages) Page 13\n13-2024-05-22-00005 - R\u00e9c\u00e9piss\u00e9 de d\u00e9claration au titre des Services \u00e0 la\nPersonne au b\u00e9n\u00e9fice de Madame ROUVILLE Christine en qualit\u00e9\nd\u25a1entrepreneur individuel domicili\u00e9 au 23 Boulevard Eug\u00e8ne Pierre 13005\nMARSEILLE (2 pages) Page 16\n13-2024-05-22-00001 - R\u00e9c\u00e9piss\u00e9 de d\u00e9claration au titre des Services \u00e0 la\nPersonne au b\u00e9n\u00e9fice de Monsieur ESPOSITO Mathieu en qualit\u00e9 de\nd\u25a1entrepreneur individuel domicili\u00e9 au 13 avenue Sainte Euph\u00e9mie 13380\nPLAN DE CUQUES  (2 pages) Page 19\n13-2024-05-22-00004 - R\u00e9c\u00e9piss\u00e9 de d\u00e9claration au titre des Services \u00e0 la\nPersonne au b\u00e9n\u00e9fice de Monsieur HAOUACHE CAPARROS Karim en\nqualit\u00e9 d\u25a1entrepreneur individuel domicili\u00e9 au 8A Traverse du\nCommandant 13014 MARSEILLE (2 pages) Page 22\nPr\u00e9fecture de police des Bouches-du-Rh\u00f4ne /\n13-2024-05-21-00006 - Arr\u00eat\u00e9 portant d\u00e9classement temporaire de la zone\nc\u00f4t\u00e9 piste de l\u25a1a\u00e9rodrome de Salon\nEygui\u00e8res (2 pages) Page 25\n13-2024-05-16-00013 - Arr\u00eat\u00e9 portant d\u00e9l\u00e9gation de signature\nr\u00f4le de\nresponsable du pouvoir adjudicateur, de responsable d\u25a1unit\u00e9\nop\u00e9rationnelle de programme, et d\u25a1ordonnancement des recettes et des\nd\u00e9penses pour la PP13.odt (3 pages) Page 28\nPr\u00e9fecture des Bouches-du-Rhone /\n13-2024-05-16-00014 - Arr\u00eat\u00e9 du 16 mai 2024\nfixant la composition de la\ncommission de s\u00e9lection du recrutement sans concours pour l\u25a1acc\u00e8s au\ngrade d\u25a1adjoint administratif de l\u25a1int\u00e9rieur et de l\u25a1outre-mer pour la\nr\u00e9gion Provence-Alpes-C\u00f4te-d\u25a1Azur au titre de l\u25a1ann\u00e9e 2024 (2 pages) Page 32\n2\nSecr\u00e9tariat G\u00e9n\u00e9ral Commun 13 /\n13-2024-05-22-00008 - 00206B399451240522151053 (2 pages) Page 35\n13-2024-05-22-00002 - Journal officiel de la Rpublique franaise - N 39 du 15\nfvrier 2017 (2 pages) Page 38\nService D\u00e9partemental de la Jeunesse et des Sports /\n13-2024-05-21-00009 - Microsoft Word - Arrete JEP 2024 1ERE DDE 21-05-24\n(4 pages) Page 41\n13-2024-05-21-00007 - Microsoft Word - Arrete JEP 2024 rnvlt  21-05-24 (2\npages) Page 46\n13-2024-05-21-00008 - Microsoft Word - Arretes TCA 2024 1ERE DDE\n21-05-24 (5 pages) Page 49\n3\nDDETS 13\n13-2024-05-21-00005\nArr\u00eat\u00e9 portant agr\u00e9ment d\u25a1un organisme au\ntitre d\u25a1Entreprise Solidaire d\u25a1Utilit\u00e9  Sociale\n(ESUS) au b\u00e9n\u00e9fice de MMadame R\u00e9gine WEIMAR\nPr\u00e9sidente de la SAS \u00abPROTECTUS\u00bb sise Village\nl\u25a1\u00c9pop\u00e9e, 4-6 rue Berthelot  - 13014 MARSEILLE\nDDETS 13 - 13-2024-05-21-00005 - Arr\u00eat\u00e9 portant agr\u00e9ment d\u25a1un organisme au titre d\u25a1Entreprise Solidaire d\u25a1Utilit\u00e9  Sociale (ESUS) au\nb\u00e9n\u00e9fice de MMadame R\u00e9gine WEIMAR Pr\u00e9sidente de la SAS \u00abPROTECTUS\u00bb sise Village l\u25a1\u00c9pop\u00e9e, 4-6 rue Berthelot  - 13014 MARSEILLE 4\nEu\nPREFET\nDES  BOUCHES-\nDU-RHONE\nLibert\u00e9\nEgalit\u00e9\nFraternit\u00e9\n             \n             Direction D\u00e9partementale\nde l'Emploi, du Travail\n et des Solidarit\u00e9s\ndes Bouches du Rh\u00f4ne\n             \nP\u00f4le \u00c9conomie Emploi Entreprises\n D\u00e9partement Insertion Professionnelle\n    D\u00c9CISION D'AGR\u00c9MENT\n     \u00ab Entreprise Solidaire d'Utilit\u00e9 Sociale  \u00bb\n    N\u00b0 \n          Le Pr\u00e9fet de la R\u00e9gion Provence Alpes C\u00f4te d'Azur\n                    Pr\u00e9fet de la zone de d\u00e9fense et de s\u00e9curit\u00e9 Sud\n             Pr\u00e9fet des Bouches-du-Rh\u00f4ne\nVu la loi 2014-856 du 31 juillet 2014 relative \u00e0 l'\u00e9conomie sociale et solidaire,\nVu les articles L 3332-17-1, R 3332-21-1et R 3332-21-3 du code du travail,\nVu le d\u00e9cret n\u00b0 2015-719 du 23 juin 2015 relatif aux entreprises solidaires d'utilit\u00e9 sociale\nr\u00e9gies par l'article L 3332-17-1 du Code du Travail,\nVu  l'arr\u00eat\u00e9  du  5  ao\u00fbt  2015  fixant  la  composition  du  dossier  de  demande  d'agr\u00e9ment\n\u00abEntreprise Solidaire d'Utilit\u00e9 Sociale\u00bb, \nVu la demande d'agr\u00e9ment \u00abEntreprise Solidaire d'Utilit\u00e9 Sociale\u00bb pr\u00e9sent\u00e9e le 02 avril 2024\npar Madame R\u00e9gine WEIMAR Pr\u00e9sidente de la SAS \u00abPROTECTUS \u00bb, \nVu l'arr\u00eat\u00e9 du 22 mars 2021 portant nomination de Madame Nathalie DAUSSY en qualit\u00e9 de\ndirectrice d\u00e9partementale de l'emploi, du travail et des solidarit\u00e9s des Bouches-du-Rh\u00f4ne,\nVu l'arr\u00eat\u00e9 pr\u00e9fectoral du 02 avril 2021 portant d\u00e9l\u00e9gation de signature \u00e0 Madame Nathalie\nDAUSSY, directrice de la direction d\u00e9partementale de l'emploi, du travail et des solidarit\u00e9s\ndes Bouches-du-Rh\u00f4ne,\nVu  l'arr\u00eat\u00e9  du  30  ao\u00fbt  2022  portant  subd\u00e9l\u00e9gation  de  signature  \u00e0  Monsieur  Christophe\nASTOIN,  Responsable  du  d\u00e9partement  insertion  professionnelle  \u00e0  la  Direction\nD\u00e9partementale de l'Emploi, du Travail et des Solidarit\u00e9s des Bouches-du-Rh\u00f4ne,\nSur  proposition de la Directrice D\u00e9partementale de l'Emploi, du Travail et des Solidarit\u00e9s\ndes Bouches-du-Rh\u00f4ne, \n DDETS 13 - 13-2024-05-21-00005 - Arr\u00eat\u00e9 portant agr\u00e9ment d\u25a1un organisme au titre d\u25a1Entreprise Solidaire d\u25a1Utilit\u00e9  Sociale (ESUS) au\nb\u00e9n\u00e9fice de MMadame R\u00e9gine WEIMAR Pr\u00e9sidente de la SAS \u00abPROTECTUS\u00bb sise Village l\u25a1\u00c9pop\u00e9e, 4-6 rue Berthelot  - 13014 MARSEILLE 5\nD\u00c9CIDE\nLa SAS \u00ab PROTECTUS \u00bb sise Village l'\u00c9pop\u00e9e, 4-6 rue Berthelot   - 13014 MARSEILLE\nN\u00b0 Siret : 889.106.290.00022\nest agr\u00e9\u00e9e en qualit\u00e9 d'Entreprise Solidaire d'Utilit\u00e9 Sociale au sens de l'article L 3332-17-1\ndu Code du Travail,\nCet agr\u00e9ment est accord\u00e9 pour une dur\u00e9e de  cinq ans \u00e0 compter du 21 mai 2024.\nIl peut \u00eatre retir\u00e9 d\u00e8s lors que les conditions d'attribution de cet agr\u00e9ment ne seraient plus\nremplies.\n      Fait \u00e0 Marseille, le 21 mai 2024\nPour le Pr\u00e9fet et par d\u00e9l\u00e9gation,\nPar emp\u00eachement de la Directrice \nD\u00e9partementale de l'Emploi, du Travail et \ndes Solidarit\u00e9s des Bouches-du-Rh\u00f4ne   \nLe Responsable du d\u00e9partement Insertion\nprofessionnelle\nSign\u00e9\nChristophe ASTOIN\nDirection D\u00e9partementale de l'Emploi, du Travail et des Solidarit\u00e9s (DDETS)55 Boulevard P\u00e9rier \u2013 13415 MARSEILLE Cedex 20DDETS 13 - 13-2024-05-21-00005 - Arr\u00eat\u00e9 portant agr\u00e9ment d\u25a1un organisme au titre d\u25a1Entreprise Solidaire d\u25a1Utilit\u00e9  Sociale (ESUS) au\nb\u00e9n\u00e9fice de MMadame R\u00e9gine WEIMAR Pr\u00e9sidente de la SAS \u00abPROTECTUS\u00bb sise Village l\u25a1\u00c9pop\u00e9e, 4-6 rue Berthelot  - 13014 MARSEILLE 6\nDDETS 13\n13-2024-05-22-00006\nR\u00e9c\u00e9piss\u00e9 de d\u00e9claration au titre des Services \u00e0\nla Personne au b\u00e9n\u00e9fice de Madame  TASSADIT\nLounnas en qualit\u00e9 de d\u25a1entrepreneur individuel\ndomicili\u00e9 au 19 rue du Mus\u00e9e 13001 MARSEILLE\nDDETS 13 - 13-2024-05-22-00006 - R\u00e9c\u00e9piss\u00e9 de d\u00e9claration au titre des Services \u00e0 la Personne au b\u00e9n\u00e9fice de Madame  TASSADIT\nLounnas en qualit\u00e9 de d\u25a1entrepreneur individuel domicili\u00e9 au 19 rue du Mus\u00e9e 13001 MARSEILLE 7\nEn\nPREFET\nDES  BOUCHES-\nDU-RHONE\nLibert\u00e9\nEgalit\u00e9\nFraternit\u00e9\n \nDirection D\u00e9partementale\nde l'Emploi, du Travail\n et des Solidarit\u00e9s\ndes Bouches du Rh\u00f4ne\nP\u00f4le Economie Emploi Entreprises\nD\u00e9partement Insertion Professionnelle\n      R\u00e9c\u00e9piss\u00e9 de d\u00e9claration n\u00b0 \u2026.\n                   d'un organisme de services \u00e0 la personne\n                      enregistr\u00e9 sous le N\u00b0 SAP 879418002\nVu  le  code  du  travail  et  notamment les articles  L.7231-1  \u00e0  L.7233-2,  R.7232-16  \u00e0 \nR.7232-22, D.7231-1 et D.7233-1 \u00e0 D.7233-5,\nLe pr\u00e9fet de la R\u00e9gion Provence-Alpes-C\u00f4te d'Azur  Pr\u00e9fet de la Zone de D\u00e9fense et \nde S\u00e9curit\u00e9 Sud,  Pr\u00e9fet des Bouches-du-Rh\u00f4ne,\nCONSTATE\nQu'une d\u00e9claration d'activit\u00e9s de Services \u00e0 la Personne a \u00e9t\u00e9 d\u00e9pos\u00e9e aupr\u00e8s de la\nDirection D\u00e9partementale de l'Emploi, du Travail et des Solidarit\u00e9s des Bouches-du-\nRh\u00f4ne  le, le  17  mai  2024  par  Madame  TASSADIT  Lounnas  en  qualit\u00e9  de\nd'entrepreneur  individuel  domicili\u00e9  au  19  rue  du  Mus\u00e9e  13001  MARSEILLE  et\nenregistr\u00e9 sous le N\u00b0 SAP879418002 pour les activit\u00e9s suivantes en mode prestataire  :\n  \u2022   Entretien de la maison et travaux m\u00e9nagers  ;\n  \u2022   Collecte et livraison \u00e0 domicile de linge repass\u00e9.\nToute  modification  concernant  les  activit\u00e9s  exerc\u00e9es  devra  faire  l'objet  d'une\nd\u00e9claration modificative pr\u00e9alable.\nSous r\u00e9serve d'\u00eatre exerc\u00e9es \u00e0 titre exclusif (ou sous r\u00e9serve d'une comptabilit\u00e9\ns\u00e9par\u00e9e pour les personnes morales dispens\u00e9es de cette condition), ces activit\u00e9s\nouvrent droit au b\u00e9n\u00e9fice des dispositions des articles L.7233-2 du code du travail et\nL.241-10 du code de la s\u00e9curit\u00e9 sociale dans les conditions pr\u00e9vues par ces articles.DDETS 13 - 13-2024-05-22-00006 - R\u00e9c\u00e9piss\u00e9 de d\u00e9claration au titre des Services \u00e0 la Personne au b\u00e9n\u00e9fice de Madame  TASSADIT\nLounnas en qualit\u00e9 de d\u25a1entrepreneur individuel domicili\u00e9 au 19 rue du Mus\u00e9e 13001 MARSEILLE 8\nLes effets de la d\u00e9claration courent \u00e0 compter du jour du d\u00e9p\u00f4t de la d\u00e9claration\nsous r\u00e9serve des dispositions de  l'article R.7232-18 du code du travail.\nEn application  des articles L.7232-1 et R.7232-1 \u00e0 R.7232-15, les activit\u00e9s n\u00e9cessitant\nun  agr\u00e9ment  (I  de  l'article  D.7231-1  du  code  du  travail)  n'ouvrent  droit  \u00e0  ces\ndispositions  que  si  la  structure  a  pr\u00e9alablement  obtenu  l'agr\u00e9ment  ou  le\nrenouvellement de cet agr\u00e9ment dans le ou les d\u00e9partements d'exercice de ses\nactivit\u00e9s.\nDe m\u00eame, en application de l'article D.312-6-2 du code de l'action sociale et des\nfamilles, les activit\u00e9s n\u00e9cessitant une autorisation n'ouvrent droit \u00e0 ces dispositions\nque si l'organisme a pr\u00e9alablement obtenu l'autorisation ou le renouvellement de\ncette autorisation.\nLe pr\u00e9sent r\u00e9c\u00e9piss\u00e9 n'est pas limit\u00e9 dans le temps.  La d\u00e9claration a une port\u00e9e\nnationale.\nL'enregistrement de la d\u00e9claration peut \u00eatre retir\u00e9 dans les conditions fix\u00e9es aux\narticles R.7232-20 \u00e0 R.7232-22 du code du travail.\nLe pr\u00e9sent r\u00e9c\u00e9piss\u00e9 sera publi\u00e9 au Recueil des Actes Administratifs de la Pr\u00e9fecture\ndes Bouches-du-Rh\u00f4ne.\nFait \u00e0 Marseille, le 22 mai 2024\nPour le Pr\u00e9fet et par d\u00e9l\u00e9gation,\nPar emp\u00eachement de la Directrice \nD\u00e9partementale de l'Emploi, du \nTravail et des Solidarit\u00e9s des Bouches-\ndu-Rh\u00f4ne   \nLe Responsable du d\u00e9partement   \nInsertion Professionnelle,\nsign\u00e9\nChristophe ASTOIN\n55 boulevard P\u00e9rier \u2013 13415 cedex 20 MARSEILLE Cedex 20 - T\u00e9l\u00e9phone : 04.91.57.96.22 Mel : ddets-sap@bouches-du-rhone.gouv.fr2DDETS 13 - 13-2024-05-22-00006 - R\u00e9c\u00e9piss\u00e9 de d\u00e9claration au titre des Services \u00e0 la Personne au b\u00e9n\u00e9fice de Madame  TASSADIT\nLounnas en qualit\u00e9 de d\u25a1entrepreneur individuel domicili\u00e9 au 19 rue du Mus\u00e9e 13001 MARSEILLE 9\nDDETS 13\n13-2024-05-22-00003\nR\u00e9c\u00e9piss\u00e9 de d\u00e9claration au titre des Services \u00e0\nla Personne au b\u00e9n\u00e9fice de Madame LEGRAND\nB\u00e9atrice en qualit\u00e9 d\u25a1entrepreneur individuel\ndomicili\u00e9 au 76 Rue Ferrari 13005 Marseille \nDDETS 13 - 13-2024-05-22-00003 - R\u00e9c\u00e9piss\u00e9 de d\u00e9claration au titre des Services \u00e0 la Personne au b\u00e9n\u00e9fice de Madame LEGRAND\nB\u00e9atrice en qualit\u00e9 d\u25a1entrepreneur individuel domicili\u00e9 au 76 Rue Ferrari 13005 Marseille 10\nEn\nPREFET\nDES  BOUCHES-\nDU-RHONE\nLibert\u00e9\nEgalit\u00e9\nFraternit\u00e9\n \nDirection D\u00e9partementale\nde l'Emploi, du Travail\n et des Solidarit\u00e9s\ndes Bouches du Rh\u00f4ne\nP\u00f4le Economie Emploi Entreprises\nD\u00e9partement Insertion Professionnelle\n      R\u00e9c\u00e9piss\u00e9 de d\u00e9claration n\u00b0 \u2026.\n                   d'un organisme de services \u00e0 la personne\n                      enregistr\u00e9 sous le N\u00b0 SAP 793040668\nVu  le  code  du  travail  et  notamment les articles  L.7231-1  \u00e0  L.7233-2,  R.7232-16  \u00e0 \nR.7232-22, D.7231-1 et D.7233-1 \u00e0 D.7233-5,\nLe pr\u00e9fet de la R\u00e9gion Provence-Alpes-C\u00f4te d'Azur  Pr\u00e9fet de la Zone de D\u00e9fense et \nde S\u00e9curit\u00e9 Sud,  Pr\u00e9fet des Bouches-du-Rh\u00f4ne,\nCONSTATE\nQu'une d\u00e9claration d'activit\u00e9s de Services \u00e0 la Personne a \u00e9t\u00e9 d\u00e9pos\u00e9e aupr\u00e8s de la\nDirection D\u00e9partementale de l'Emploi, du Travail et des Solidarit\u00e9s des Bouches-du-\nRh\u00f4ne le, le 16 mai 2024 par Madame LEGRAND B\u00e9atrice  en qualit\u00e9 d'entrepreneur\nindividuel  domicili\u00e9  au  76  Rue  Ferrari  13005  Marseille  et  enregistr\u00e9  sous  le  N\u00b0\nSAP793040668 pour les activit\u00e9s suivantes en mode prestataire  : \n  \u2022   Entretien de la maison et travaux m\u00e9nagers.\nToute  modification  concernant  les  activit\u00e9s  exerc\u00e9es  devra  faire  l'objet  d'une\nd\u00e9claration modificative pr\u00e9alable.\nSous r\u00e9serve d'\u00eatre exerc\u00e9es \u00e0 titre exclusif (ou sous r\u00e9serve d'une comptabilit\u00e9\ns\u00e9par\u00e9e pour les personnes morales dispens\u00e9es de cette condition), ces activit\u00e9s\nouvrent droit au b\u00e9n\u00e9fice des dispositions des articles L.7233-2 du code du travail et\nL.241-10 du code de la s\u00e9curit\u00e9 sociale dans les conditions pr\u00e9vues par ces articles.\nLes effets de la d\u00e9claration courent \u00e0 compter du jour du d\u00e9p\u00f4t de la d\u00e9claration\nsous r\u00e9serve des dispositions de  l'article R.7232-18 du code du travail.DDETS 13 - 13-2024-05-22-00003 - R\u00e9c\u00e9piss\u00e9 de d\u00e9claration au titre des Services \u00e0 la Personne au b\u00e9n\u00e9fice de Madame LEGRAND\nB\u00e9atrice en qualit\u00e9 d\u25a1entrepreneur individuel domicili\u00e9 au 76 Rue Ferrari 13005 Marseille 11\nEn application  des articles L.7232-1 et R.7232-1 \u00e0 R.7232-15, les activit\u00e9s n\u00e9cessitant\nun  agr\u00e9ment  (I  de  l'article  D.7231-1  du  code  du  travail)  n'ouvrent  droit  \u00e0  ces\ndispositions  que  si  la  structure  a  pr\u00e9alablement  obtenu  l'agr\u00e9ment  ou  le\nrenouvellement de cet agr\u00e9ment dans le ou les d\u00e9partements d'exercice de ses\nactivit\u00e9s.\nDe m\u00eame, en application de l'article D.312-6-2 du code de l'action sociale et des\nfamilles, les activit\u00e9s n\u00e9cessitant une autorisation n'ouvrent droit \u00e0 ces dispositions\nque si l'organisme a pr\u00e9alablement obtenu l'autorisation ou le renouvellement de\ncette autorisation.\nLe pr\u00e9sent r\u00e9c\u00e9piss\u00e9 n'est pas limit\u00e9 dans le temps.  La d\u00e9claration a une port\u00e9e\nnationale.\nL'enregistrement de la d\u00e9claration peut \u00eatre retir\u00e9 dans les conditions fix\u00e9es aux\narticles R.7232-20 \u00e0 R.7232-22 du code du travail.\nLe pr\u00e9sent r\u00e9c\u00e9piss\u00e9 sera publi\u00e9 au Recueil des Actes Administratifs de la Pr\u00e9fecture\ndes Bouches-du-Rh\u00f4ne.\nFait \u00e0 Marseille, le 22 mai 2024\nPour le Pr\u00e9fet et par d\u00e9l\u00e9gation,\nPar emp\u00eachement de la Directrice \nD\u00e9partementale de l'Emploi, du \nTravail et des Solidarit\u00e9s des Bouches-\ndu-Rh\u00f4ne   \nLe Responsable du d\u00e9partement   \nInsertion Professionnelle,\nsign\u00e9\nChristophe ASTOIN\n55 boulevard P\u00e9rier \u2013 13415 cedex 20 MARSEILLE Cedex 20 - T\u00e9l\u00e9phone : 04.91.57.96.22 Mel : ddets-sap@bouches-du-rhone.gouv.fr2DDETS 13 - 13-2024-05-22-00003 - R\u00e9c\u00e9piss\u00e9 de d\u00e9claration au titre des Services \u00e0 la Personne au b\u00e9n\u00e9fice de Madame LEGRAND\nB\u00e9atrice en qualit\u00e9 d\u25a1entrepreneur individuel domicili\u00e9 au 76 Rue Ferrari 13005 Marseille 12\nDDETS 13\n13-2024-05-22-00007\nR\u00e9c\u00e9piss\u00e9 de d\u00e9claration au titre des Services \u00e0\nla Personne au b\u00e9n\u00e9fice de Madame MOHAMED\nBENKOIBICH MENAI Hasnia en qualit\u00e9 de micro\nentrepreneur domicili\u00e9 au 35 Rue Fortun\u00e9\nJourdan 13003 MARSEILLE \nDDETS 13 - 13-2024-05-22-00007 - R\u00e9c\u00e9piss\u00e9 de d\u00e9claration au titre des Services \u00e0 la Personne au b\u00e9n\u00e9fice de Madame MOHAMED\nBENKOIBICH MENAI Hasnia en qualit\u00e9 de micro entrepreneur domicili\u00e9 au 35 Rue Fortun\u00e9 Jourdan 13003 MARSEILLE 13\nEn\nPREFET\nDES  BOUCHES-\nDU-RHONE\nLibert\u00e9\nEgalit\u00e9\nFraternit\u00e9\n \nDirection D\u00e9partementale\nde l'Emploi, du Travail\n et des Solidarit\u00e9s\ndes Bouches du Rh\u00f4ne\nP\u00f4le Economie Emploi Entreprises\nD\u00e9partement Insertion Professionnelle\n      R\u00e9c\u00e9piss\u00e9 de d\u00e9claration n\u00b0 \u2026.\n                   d'un organisme de services \u00e0 la personne\n                      enregistr\u00e9 sous le N\u00b0 SAP 928850494\nVu  le  code  du  travail  et  notamment les articles  L.7231-1  \u00e0  L.7233-2,  R.7232-16  \u00e0 \nR.7232-22, D.7231-1 et D.7233-1 \u00e0 D.7233-5,\nLe pr\u00e9fet de la R\u00e9gion Provence-Alpes-C\u00f4te d'Azur  Pr\u00e9fet de la Zone de D\u00e9fense et \nde S\u00e9curit\u00e9 Sud,  Pr\u00e9fet des Bouches-du-Rh\u00f4ne,\nCONSTATE\nQu'une d\u00e9claration d'activit\u00e9s de Services \u00e0 la Personne a \u00e9t\u00e9 d\u00e9pos\u00e9e aupr\u00e8s de la\nDirection D\u00e9partementale de l'Emploi, du Travail et des Solidarit\u00e9s des Bouches-du-\nRh\u00f4ne le, 21 mai 2024 par  Madame MOHAMED BENKOIBICH MENAI Hasnia  en\nqualit\u00e9  de  micro  entrepreneur  domicili\u00e9  au  35  Rue  Fortun\u00e9  Jourdan  13003\nMARSEILLE et enregistr\u00e9 sous le N\u00b0 SAP928850494 pour les activit\u00e9s suivantes en\nmode prestataire  : \n  \u2022   Garde d'enfants de plus de 3 ans \u00e0 domicile  ;\n  \u2022   Entretien de la maison et travaux m\u00e9nagers.\nToute  modification  concernant  les  activit\u00e9s  exerc\u00e9es  devra  faire  l'objet  d'une\nd\u00e9claration modificative pr\u00e9alable.\nSous r\u00e9serve d'\u00eatre exerc\u00e9es \u00e0 titre exclusif (ou sous r\u00e9serve d'une comptabilit\u00e9\ns\u00e9par\u00e9e pour les personnes morales dispens\u00e9es de cette condition), ces activit\u00e9s\nouvrent droit au b\u00e9n\u00e9fice des dispositions des articles L.7233-2 du code du travail et\nL.241-10 du code de la s\u00e9curit\u00e9 sociale dans les conditions pr\u00e9vues par ces articles.DDETS 13 - 13-2024-05-22-00007 - R\u00e9c\u00e9piss\u00e9 de d\u00e9claration au titre des Services \u00e0 la Personne au b\u00e9n\u00e9fice de Madame MOHAMED\nBENKOIBICH MENAI Hasnia en qualit\u00e9 de micro entrepreneur domicili\u00e9 au 35 Rue Fortun\u00e9 Jourdan 13003 MARSEILLE 14\nLes effets de la d\u00e9claration courent \u00e0 compter du jour du d\u00e9p\u00f4t de la d\u00e9claration\nsous r\u00e9serve des dispositions de  l'article R.7232-18 du code du travail.\nEn application  des articles L.7232-1 et R.7232-1 \u00e0 R.7232-15, les activit\u00e9s n\u00e9cessitant\nun  agr\u00e9ment  (I  de  l'article  D.7231-1  du  code  du  travail)  n'ouvrent  droit  \u00e0  ces\ndispositions  que  si  la  structure  a  pr\u00e9alablement  obtenu  l'agr\u00e9ment  ou  le\nrenouvellement de cet agr\u00e9ment dans le ou les d\u00e9partements d'exercice de ses\nactivit\u00e9s.\nDe m\u00eame, en application de l'article D.312-6-2 du code de l'action sociale et des\nfamilles, les activit\u00e9s n\u00e9cessitant une autorisation n'ouvrent droit \u00e0 ces dispositions\nque si l'organisme a pr\u00e9alablement obtenu l'autorisation ou le renouvellement de\ncette autorisation.\nLe pr\u00e9sent r\u00e9c\u00e9piss\u00e9 n'est pas limit\u00e9 dans le temps.  La d\u00e9claration a une port\u00e9e\nnationale.\nL'enregistrement de la d\u00e9claration peut \u00eatre retir\u00e9 dans les conditions fix\u00e9es aux\narticles R.7232-20 \u00e0 R.7232-22 du code du travail.\nLe pr\u00e9sent r\u00e9c\u00e9piss\u00e9 sera publi\u00e9 au Recueil des Actes Administratifs de la Pr\u00e9fecture\ndes Bouches-du-Rh\u00f4ne.\nFait \u00e0 Marseille, le 22 mai 2024\nPour le Pr\u00e9fet et par d\u00e9l\u00e9gation,\nPar emp\u00eachement de la Directrice \nD\u00e9partementale de l'Emploi, du \nTravail et des Solidarit\u00e9s des Bouches-\ndu-Rh\u00f4ne   \nLe Responsable du d\u00e9partement   \nInsertion Professionnelle,\nsign\u00e9\nChristophe ASTOIN\n55 boulevard P\u00e9rier \u2013 13415 cedex 20 MARSEILLE Cedex 20 - T\u00e9l\u00e9phone : 04.91.57.96.22 Mel : ddets-sap@bouches-du-rhone.gouv.fr2DDETS 13 - 13-2024-05-22-00007 - R\u00e9c\u00e9piss\u00e9 de d\u00e9claration au titre des Services \u00e0 la Personne au b\u00e9n\u00e9fice de Madame MOHAMED\nBENKOIBICH MENAI Hasnia en qualit\u00e9 de micro entrepreneur domicili\u00e9 au 35 Rue Fortun\u00e9 Jourdan 13003 MARSEILLE 15\nDDETS 13\n13-2024-05-22-00005\nR\u00e9c\u00e9piss\u00e9 de d\u00e9claration au titre des Services \u00e0\nla Personne au b\u00e9n\u00e9fice de Madame ROUVILLE\nChristine en qualit\u00e9 d\u25a1entrepreneur individuel\ndomicili\u00e9 au 23 Boulevard Eug\u00e8ne Pierre 13005\nMARSEILLE\nDDETS 13 - 13-2024-05-22-00005 - R\u00e9c\u00e9piss\u00e9 de d\u00e9claration au titre des Services \u00e0 la Personne au b\u00e9n\u00e9fice de Madame ROUVILLE\nChristine en qualit\u00e9 d\u25a1entrepreneur individuel domicili\u00e9 au 23 Boulevard Eug\u00e8ne Pierre 13005 MARSEILLE 16\nEn\nPREFET\nDES  BOUCHES-\nDU-RHONE\nLibert\u00e9\nEgalit\u00e9\nFraternit\u00e9\n \nDirection D\u00e9partementale\nde l'Emploi, du Travail\n et des Solidarit\u00e9s\ndes Bouches du Rh\u00f4ne\nP\u00f4le Economie Emploi Entreprises\nD\u00e9partement Insertion Professionnelle\n      R\u00e9c\u00e9piss\u00e9 de d\u00e9claration n\u00b0 \u2026.\n                   d'un organisme de services \u00e0 la personne\n                      enregistr\u00e9 sous le N\u00b0 SAP 401800925\nVu  le  code  du  travail  et  notamment les articles  L.7231-1  \u00e0  L.7233-2,  R.7232-16  \u00e0 \nR.7232-22, D.7231-1 et D.7233-1 \u00e0 D.7233-5,\nLe pr\u00e9fet de la R\u00e9gion Provence-Alpes-C\u00f4te d'Azur  Pr\u00e9fet de la Zone de D\u00e9fense et \nde S\u00e9curit\u00e9 Sud,  Pr\u00e9fet des Bouches-du-Rh\u00f4ne,\nCONSTATE\nQu'une d\u00e9claration d'activit\u00e9s de Services \u00e0 la Personne a \u00e9t\u00e9 d\u00e9pos\u00e9e aupr\u00e8s de la\nDirection D\u00e9partementale de l'Emploi, du Travail et des Solidarit\u00e9s des Bouches-du-\nRh\u00f4ne le, 16 mai 2024  par Madame ROUVILLE Christine en qualit\u00e9 d'entrepreneur\nindividuel domicili\u00e9 au 23 Boulevard Eug\u00e8ne Pierre 13005 MARSEILLE et enregistr\u00e9\nsous le N\u00b0 SAP401800925 pour les activit\u00e9s suivantes en mode prestataire  :\n  \u2022   Entretien de la maison et travaux m\u00e9nagers.\nToute  modification  concernant  les  activit\u00e9s  exerc\u00e9es  devra  faire  l'objet  d'une\nd\u00e9claration modificative pr\u00e9alable.\nSous r\u00e9serve d'\u00eatre exerc\u00e9es \u00e0 titre exclusif (ou sous r\u00e9serve d'une comptabilit\u00e9\ns\u00e9par\u00e9e pour les personnes morales dispens\u00e9es de cette condition), ces activit\u00e9s\nouvrent droit au b\u00e9n\u00e9fice des dispositions des articles L.7233-2 du code du travail et\nL.241-10 du code de la s\u00e9curit\u00e9 sociale dans les conditions pr\u00e9vues par ces articles.\nLes effets de la d\u00e9claration courent \u00e0 compter du jour du d\u00e9p\u00f4t de la d\u00e9claration\nsous r\u00e9serve des dispositions de  l'article R.7232-18 du code du travail.DDETS 13 - 13-2024-05-22-00005 - R\u00e9c\u00e9piss\u00e9 de d\u00e9claration au titre des Services \u00e0 la Personne au b\u00e9n\u00e9fice de Madame ROUVILLE\nChristine en qualit\u00e9 d\u25a1entrepreneur individuel domicili\u00e9 au 23 Boulevard Eug\u00e8ne Pierre 13005 MARSEILLE 17\nEn application  des articles L.7232-1 et R.7232-1 \u00e0 R.7232-15, les activit\u00e9s n\u00e9cessitant\nun  agr\u00e9ment  (I  de  l'article  D.7231-1  du  code  du  travail)  n'ouvrent  droit  \u00e0  ces\ndispositions  que  si  la  structure  a  pr\u00e9alablement  obtenu  l'agr\u00e9ment  ou  le\nrenouvellement de cet agr\u00e9ment dans le ou les d\u00e9partements d'exercice de ses\nactivit\u00e9s.\nDe m\u00eame, en application de l'article D.312-6-2 du code de l'action sociale et des\nfamilles, les activit\u00e9s n\u00e9cessitant une autorisation n'ouvrent droit \u00e0 ces dispositions\nque si l'organisme a pr\u00e9alablement obtenu l'autorisation ou le renouvellement de\ncette autorisation.\nLe pr\u00e9sent r\u00e9c\u00e9piss\u00e9 n'est pas limit\u00e9 dans le temps.  La d\u00e9claration a une port\u00e9e\nnationale.\nL'enregistrement de la d\u00e9claration peut \u00eatre retir\u00e9 dans les conditions fix\u00e9es aux\narticles R.7232-20 \u00e0 R.7232-22 du code du travail.\nLe pr\u00e9sent r\u00e9c\u00e9piss\u00e9 sera publi\u00e9 au Recueil des Actes Administratifs de la Pr\u00e9fecture\ndes Bouches-du-Rh\u00f4ne.\nFait \u00e0 Marseille, le 22 mai 2024\nPour le Pr\u00e9fet et par d\u00e9l\u00e9gation,\nPar emp\u00eachement de la Directrice \nD\u00e9partementale de l'Emploi, du \nTravail et des Solidarit\u00e9s des Bouches-\ndu-Rh\u00f4ne   \nLe Responsable du d\u00e9partement   \nInsertion Professionnelle,\nsign\u00e9\nChristophe ASTOIN\n55 boulevard P\u00e9rier \u2013 13415 cedex 20 MARSEILLE Cedex 20 - T\u00e9l\u00e9phone : 04.91.57.96.22 Mel : ddets-sap@bouches-du-rhone.gouv.fr2DDETS 13 - 13-2024-05-22-00005 - R\u00e9c\u00e9piss\u00e9 de d\u00e9claration au titre des Services \u00e0 la Personne au b\u00e9n\u00e9fice de Madame ROUVILLE\nChristine en qualit\u00e9 d\u25a1entrepreneur individuel domicili\u00e9 au 23 Boulevard Eug\u00e8ne Pierre 13005 MARSEILLE 18\nDDETS 13\n13-2024-05-22-00001\nR\u00e9c\u00e9piss\u00e9 de d\u00e9claration au titre des Services \u00e0\nla Personne au b\u00e9n\u00e9fice de Monsieur ESPOSITO\nMathieu en qualit\u00e9 de d\u25a1entrepreneur individuel\ndomicili\u00e9 au 13 avenue Sainte Euph\u00e9mie 13380\nPLAN DE CUQUES \nDDETS 13 - 13-2024-05-22-00001 - R\u00e9c\u00e9piss\u00e9 de d\u00e9claration au titre des Services \u00e0 la Personne au b\u00e9n\u00e9fice de Monsieur ESPOSITO\nMathieu en qualit\u00e9 de d\u25a1entrepreneur individuel domicili\u00e9 au 13 avenue Sainte Euph\u00e9mie 13380 PLAN DE CUQUES 19\nEn\nPREFET\nDES  BOUCHES-\nDU-RHONE\nLibert\u00e9\nEgalit\u00e9\nFraternit\u00e9\n \nDirection D\u00e9partementale\nde l'Emploi, du Travail\n et des Solidarit\u00e9s\ndes Bouches du Rh\u00f4ne\nP\u00f4le Economie Emploi Entreprises\nD\u00e9partement Insertion Professionnelle\n      R\u00e9c\u00e9piss\u00e9 de d\u00e9claration n\u00b0 \u2026.\n                   d'un organisme de services \u00e0 la personne\n                      enregistr\u00e9 sous le N\u00b0 SAP 947732251\nVu  le  code  du  travail  et  notamment les articles  L.7231-1  \u00e0  L.7233-2,  R.7232-16  \u00e0 \nR.7232-22, D.7231-1 et D.7233-1 \u00e0 D.7233-5,\nLe pr\u00e9fet de la R\u00e9gion Provence-Alpes-C\u00f4te d'Azur  Pr\u00e9fet de la Zone de D\u00e9fense et \nde S\u00e9curit\u00e9 Sud,  Pr\u00e9fet des Bouches-du-Rh\u00f4ne,\nCONSTATE\nQu'une d\u00e9claration d'activit\u00e9s de Services \u00e0 la Personne a \u00e9t\u00e9 d\u00e9pos\u00e9e aupr\u00e8s de la\nDirection D\u00e9partementale de l'Emploi, du Travail et des Solidarit\u00e9s des Bouches-du-\nRh\u00f4ne le, 15 mai 2024 par Monsieur ESPOSITO Mathieu  en qualit\u00e9 de d'entrepreneur\nindividuel  domicili\u00e9  au  13  avenue  Sainte  Euph\u00e9mie  13380  PLAN  DE  CUQUES  et\nenregistr\u00e9 sous le N\u00b0 SAP947732251 pour les activit\u00e9s suivantes en mode prestataire  :\n  \u2022   Entretien de la maison et travaux m\u00e9nagers  ;\n  \u2022   Petits travaux de jardinage.\nToute  modification  concernant  les  activit\u00e9s  exerc\u00e9es  devra  faire  l'objet  d'une\nd\u00e9claration modificative pr\u00e9alable.\nSous r\u00e9serve d'\u00eatre exerc\u00e9es \u00e0 titre exclusif (ou sous r\u00e9serve d'une comptabilit\u00e9\ns\u00e9par\u00e9e pour les personnes morales dispens\u00e9es de cette condition), ces activit\u00e9s\nouvrent droit au b\u00e9n\u00e9fice des dispositions des articles L.7233-2 du code du travail et\nL.241-10 du code de la s\u00e9curit\u00e9 sociale dans les conditions pr\u00e9vues par ces articles.\nLes effets de la d\u00e9claration courent \u00e0 compter du jour du d\u00e9p\u00f4t de la d\u00e9claration\nsous r\u00e9serve des dispositions de  l'article R.7232-18 du code du travail.DDETS 13 - 13-2024-05-22-00001 - R\u00e9c\u00e9piss\u00e9 de d\u00e9claration au titre des Services \u00e0 la Personne au b\u00e9n\u00e9fice de Monsieur ESPOSITO\nMathieu en qualit\u00e9 de d\u25a1entrepreneur individuel domicili\u00e9 au 13 avenue Sainte Euph\u00e9mie 13380 PLAN DE CUQUES 20\nEn application  des articles L.7232-1 et R.7232-1 \u00e0 R.7232-15, les activit\u00e9s n\u00e9cessitant\nun  agr\u00e9ment  (I  de  l'article  D.7231-1  du  code  du  travail)  n'ouvrent  droit  \u00e0  ces\ndispositions  que  si  la  structure  a  pr\u00e9alablement  obtenu  l'agr\u00e9ment  ou  le\nrenouvellement de cet agr\u00e9ment dans le ou les d\u00e9partements d'exercice de ses\nactivit\u00e9s.\nDe m\u00eame, en application de l'article D.312-6-2 du code de l'action sociale et des\nfamilles, les activit\u00e9s n\u00e9cessitant une autorisation n'ouvrent droit \u00e0 ces dispositions\nque si l'organisme a pr\u00e9alablement obtenu l'autorisation ou le renouvellement de\ncette autorisation.\nLe pr\u00e9sent r\u00e9c\u00e9piss\u00e9 n'est pas limit\u00e9 dans le temps.  La d\u00e9claration a une port\u00e9e\nnationale.\nL'enregistrement de la d\u00e9claration peut \u00eatre retir\u00e9 dans les conditions fix\u00e9es aux\narticles R.7232-20 \u00e0 R.7232-22 du code du travail.\nLe pr\u00e9sent r\u00e9c\u00e9piss\u00e9 sera publi\u00e9 au Recueil des Actes Administratifs de la Pr\u00e9fecture\ndes Bouches-du-Rh\u00f4ne.\nFait \u00e0 Marseille, le 22 mai 2024\nPour le Pr\u00e9fet et par d\u00e9l\u00e9gation,\nPar emp\u00eachement de la Directrice \nD\u00e9partementale de l'Emploi, du \nTravail et des Solidarit\u00e9s des Bouches-\ndu-Rh\u00f4ne   \nLe Responsable du d\u00e9partement   \nInsertion Professionnelle,\nsign\u00e9\nChristophe ASTOIN\n55 boulevard P\u00e9rier \u2013 13415 cedex 20 MARSEILLE Cedex 20 - T\u00e9l\u00e9phone : 04.91.57.96.22 Mel : ddets-sap@bouches-du-rhone.gouv.fr2DDETS 13 - 13-2024-05-22-00001 - R\u00e9c\u00e9piss\u00e9 de d\u00e9claration au titre des Services \u00e0 la Personne au b\u00e9n\u00e9fice de Monsieur ESPOSITO\nMathieu en qualit\u00e9 de d\u25a1entrepreneur individuel domicili\u00e9 au 13 avenue Sainte Euph\u00e9mie 13380 PLAN DE CUQUES 21\nDDETS 13\n13-2024-05-22-00004\nR\u00e9c\u00e9piss\u00e9 de d\u00e9claration au titre des Services \u00e0\nla Personne au b\u00e9n\u00e9fice de Monsieur\nHAOUACHE CAPARROS Karim en qualit\u00e9\nd\u25a1entrepreneur individuel domicili\u00e9 au 8A\nTraverse du Commandant 13014 MARSEILLE\nDDETS 13 - 13-2024-05-22-00004 - R\u00e9c\u00e9piss\u00e9 de d\u00e9claration au titre des Services \u00e0 la Personne au b\u00e9n\u00e9fice de Monsieur HAOUACHE\nCAPARROS Karim en qualit\u00e9 d\u25a1entrepreneur individuel domicili\u00e9 au 8A Traverse du Commandant 13014 MARSEILLE 22\nEn\nPREFET\nDES  BOUCHES-\nDU-RHONE\nLibert\u00e9\nEgalit\u00e9\nFraternit\u00e9\n \nDirection D\u00e9partementale\nde l'Emploi, du Travail\n et des Solidarit\u00e9s\ndes Bouches du Rh\u00f4ne\nP\u00f4le Economie Emploi Entreprises\nD\u00e9partement Insertion Professionnelle\n      R\u00e9c\u00e9piss\u00e9 de d\u00e9claration n\u00b0 \u2026.\n                   d'un organisme de services \u00e0 la personne\n                      enregistr\u00e9 sous le N\u00b0 SAP 882574536\nVu  le  code  du  travail  et  notamment les articles  L.7231-1  \u00e0  L.7233-2,  R.7232-16  \u00e0 \nR.7232-22, D.7231-1 et D.7233-1 \u00e0 D.7233-5,\nLe pr\u00e9fet de la R\u00e9gion Provence-Alpes-C\u00f4te d'Azur  Pr\u00e9fet de la Zone de D\u00e9fense et \nde S\u00e9curit\u00e9 Sud,  Pr\u00e9fet des Bouches-du-Rh\u00f4ne,\nCONSTATE\nQu'une d\u00e9claration d'activit\u00e9s de Services \u00e0 la Personne a \u00e9t\u00e9 d\u00e9pos\u00e9e aupr\u00e8s de la\nDirection D\u00e9partementale de l'Emploi, du Travail et des Solidarit\u00e9s des Bouches-du-\nRh\u00f4ne  le, 15  mai  2024  par  Monsieur  HAOUACHE  CAPARROS  Karim  en  qualit\u00e9\nd'entrepreneur  individuel  domicili\u00e9  au  8A  Traverse  du  Commandant  13014\nMARSEILLE et enregistr\u00e9 sous le N\u00b0 SAP882574536 pour les activit\u00e9s suivantes en\nmode prestataire  :\n  \u2022   Entretien de la maison et travaux m\u00e9nagers  ;\n  \u2022   Petits travaux de jardinage  ;\n  \u2022   Travaux de petit bricolage  ;\n  \u2022   Pr\u00e9paration de repas \u00e0 domicile  ;\n  \u2022   Collecte et livraison \u00e0 domicile de linge repass\u00e9  ;\n  \u2022   Livraison de courses \u00e0 domicile (mode d'intervention Prestataire)\n  \u2022   Maintenance, entretien et vigilance temporaires \u00e0 domicile  ;\n  \u2022   Assistance informatique \u00e0 domicile  ;\n  \u2022   Assistance administrative \u00e0 domicile.\nToute  modification  concernant  les  activit\u00e9s  exerc\u00e9es  devra  faire  l'objet  d'une\nd\u00e9claration modificative pr\u00e9alable.DDETS 13 - 13-2024-05-22-00004 - R\u00e9c\u00e9piss\u00e9 de d\u00e9claration au titre des Services \u00e0 la Personne au b\u00e9n\u00e9fice de Monsieur HAOUACHE\nCAPARROS Karim en qualit\u00e9 d\u25a1entrepreneur individuel domicili\u00e9 au 8A Traverse du Commandant 13014 MARSEILLE 23\nSous r\u00e9serve d'\u00eatre exerc\u00e9es \u00e0 titre exclusif (ou sous r\u00e9serve d'une comptabilit\u00e9\ns\u00e9par\u00e9e pour les personnes morales dispens\u00e9es de cette condition), ces activit\u00e9s\nouvrent droit au b\u00e9n\u00e9fice des dispositions des articles L.7233-2 du code du travail et\nL.241-10 du code de la s\u00e9curit\u00e9 sociale dans les conditions pr\u00e9vues par ces articles.\nLes effets de la d\u00e9claration courent \u00e0 compter du jour du d\u00e9p\u00f4t de la d\u00e9claration\nsous r\u00e9serve des dispositions de  l'article R.7232-18 du code du travail.\nEn application  des articles L.7232-1 et R.7232-1 \u00e0 R.7232-15, les activit\u00e9s n\u00e9cessitant\nun  agr\u00e9ment  (I  de  l'article  D.7231-1  du  code  du  travail)  n'ouvrent  droit  \u00e0  ces\ndispositions  que  si  la  structure  a  pr\u00e9alablement  obtenu  l'agr\u00e9ment  ou  le\nrenouvellement de cet agr\u00e9ment dans le ou les d\u00e9partements d'exercice de ses\nactivit\u00e9s.\nDe m\u00eame, en application de l'article D.312-6-2 du code de l'action sociale et des\nfamilles, les activit\u00e9s n\u00e9cessitant une autorisation n'ouvrent droit \u00e0 ces dispositions\nque si l'organisme a pr\u00e9alablement obtenu l'autorisation ou le renouvellement de\ncette autorisation.\nLe pr\u00e9sent r\u00e9c\u00e9piss\u00e9 n'est pas limit\u00e9 dans le temps.  La d\u00e9claration a une port\u00e9e\nnationale.\nL'enregistrement de la d\u00e9claration peut \u00eatre retir\u00e9 dans les conditions fix\u00e9es aux\narticles R.7232-20 \u00e0 R.7232-22 du code du travail.\nLe pr\u00e9sent r\u00e9c\u00e9piss\u00e9 sera publi\u00e9 au Recueil des Actes Administratifs de la Pr\u00e9fecture\ndes Bouches-du-Rh\u00f4ne.\nFait \u00e0 Marseille, le 22 mai 2024\nPour le Pr\u00e9fet et par d\u00e9l\u00e9gation,\nPar emp\u00eachement de la Directrice \nD\u00e9partementale de l'Emploi, du \nTravail et des Solidarit\u00e9s des Bouches-\ndu-Rh\u00f4ne   \nLe Responsable du d\u00e9partement   \nInsertion Professionnelle,\nsign\u00e9\nChristophe ASTOIN\n55 boulevard P\u00e9rier \u2013 13415 cedex 20 MARSEILLE Cedex 20 - T\u00e9l\u00e9phone : 04.91.57.96.22 Mel : ddets-sap@bouches-du-rhone.gouv.fr2DDETS 13 - 13-2024-05-22-00004 - R\u00e9c\u00e9piss\u00e9 de d\u00e9claration au titre des Services \u00e0 la Personne au b\u00e9n\u00e9fice de Monsieur HAOUACHE\nCAPARROS Karim en qualit\u00e9 d\u25a1entrepreneur individuel domicili\u00e9 au 8A Traverse du Commandant 13014 MARSEILLE 24\nPr\u00e9fecture de police des Bouches-du-Rh\u00f4ne\n13-2024-05-21-00006\nArr\u00eat\u00e9 portant d\u00e9classement temporaire de la\nzone c\u00f4t\u00e9 piste de l\u25a1a\u00e9rodrome de Salon\nEygui\u00e8res\nPr\u00e9fecture de police des Bouches-du-Rh\u00f4ne - 13-2024-05-21-00006 - Arr\u00eat\u00e9 portant d\u00e9classement temporaire de la zone c\u00f4t\u00e9 piste de\nl\u25a1a\u00e9rodrome de Salon\nEygui\u00e8res25\nE =\nPR\u00c9FECTURE  DE POLICE\nDES  BOUCHES-DU-RHONE\nLibert\u00e9\nEgalit\u00e9\nFraternit\u00e9\n \nDirection de la s\u00e9curit\u00e9  \nde l'aviation civile Sud -Est \n \nPlace F\u00e9lix Baret \u2013 CS 80001 \u2013 13282 MARSEILLE CEDEX 06  \nTel 04.96.10.64.11 \u2013 Fax 04.91.55.56.72 \u2013 pp13-courrier@interieur.gouv.fr  \nhttp://www.bouches -du-rhone.gouv.fr  \u2013 Twitter  : @prefpolice13 \u2013 Facebook  : Pr\u00e9fecture de police des Bouches -du-Rh\u00f4ne  \n \nArr\u00eat\u00e9 portant d\u00e9classement temporaire de la zone c\u00f4t\u00e9 piste de l'a\u00e9rodrome de Salon \nEygui\u00e8res  \n \n \nLe pr\u00e9fet de police des Bouches -du-Rh\u00f4ne,  \n \nVu le r\u00e8glement (CE) n\u00b0 300/2008 modifi\u00e9 du Parlement europ\u00e9en et du Conseil du 11 mars \n2008 relatif \u00e0 l'instauration de r\u00e8gles communes dans le domaine de la s\u00fbret\u00e9 de l 'Aviation \ncivile  ; \nVu le r\u00e8glement (UE) n\u00b0 1254/2009  de la Commission 18 d\u00e9cembre 2009  fixant les crit\u00e8res \npermettant aux Etats membres de d\u00e9roger aux normes de base communes en mati\u00e8re de  \ns\u00fbret\u00e9 de l 'Aviation civile  et d'adopter d 'autres mesures de s\u00fbret\u00e9  ;   \nVu l'arr\u00eat\u00e9 pr\u00e9fectoral du 28 septembre  2023  relatif aux mesures de police applicables sur les \na\u00e9rodromes secondaires  ; \n \nVu la demande formul\u00e9e le 21 mai 2024  par l 'exploitant de l 'a\u00e9rodrome (Association des \nUsagers de l 'A\u00e9rodrome de Berre La Fare)  ; \n \nVu l'avis d e la Directrice de la S\u00e9curit\u00e9 de l 'Aviation civile Sud -Est.  \n \nARR\u00caTE  \n \nArticle 1er   \nDans le cadre du tournage d 'un long m\u00e9trage  sur l'a\u00e9rodrome de Berre la Fare , une partie de \nla zone c\u00f4t\u00e9 piste (ZCP) de l 'a\u00e9rodr ome est d\u00e9class\u00e9e de mani\u00e8re temporaire en zone C\u00f4t\u00e9 \nVille (ZCV).  \nLes modifications temporaires de la limite ZCV et de la ZCP sont effectu\u00e9es conform\u00e9ment au \nplan de d\u00e9classement consultable aupr\u00e8s de l 'exploitant d 'a\u00e9rodrome .  \nCe d\u00e9classement est effectif du 22 au 26 mai et du 28 mai au 3 juin  2024  afin de permettre les \npr\u00e9paratifs du tournage ainsi que son d\u00e9montage.  \nLe 27 mai 2024, jour effectif de tournage, la totalit\u00e9 du c\u00f4t\u00e9 piste est d \u00e9class\u00e9 en c\u00f4t\u00e9 ville. \nL'a\u00e9rodrome est ferm\u00e9 \u00e0 la circulation a\u00e9rienne par NOTAM ce m\u00eame jour.  \n \n  Pr\u00e9fecture de police des Bouches-du-Rh\u00f4ne - 13-2024-05-21-00006 - Arr\u00eat\u00e9 portant d\u00e9classement temporaire de la zone c\u00f4t\u00e9 piste de\nl\u25a1a\u00e9rodrome de Salon\nEygui\u00e8res26\nE  =\nPR\u00c9FECTURE  DE POLICE\nDES  BOUCHES-DU-RHONE\nLibert\u00e9\nEgalit\u00e9\nFraternit\u00e9\n \nDirection de la s\u00e9curit\u00e9  \nde l'aviation civile Sud -Est \n \nPlace F\u00e9lix Baret \u2013 CS 80001 \u2013 13282 MARSEILLE CEDEX 06  \nTel 04.96.10.64.11 \u2013 Fax 04.91.55.56.72 \u2013 pp13-courrier@interieur.gouv.fr  \nhttp://www.bouches -du-rhone.gouv.fr  \u2013 Twitter  : @prefpolice13 \u2013 Facebook  : Pr\u00e9fecture de police des Bouches -du-Rh\u00f4ne  \n \n \n \n \n \nArticle 2  \nLa zone d\u00e9class\u00e9e est d\u00e9limit\u00e9e par des barri\u00e8res et de la rubalise selon le plan de \nd\u00e9classement.  Les personnels du tournage  n'acc\u00e8deront qu '\u00e0 la partie d\u00e9class\u00e9e.   \nUn gardiennage sera effectu\u00e9 par une soci\u00e9t\u00e9 accr\u00e9dit\u00e9e par l 'exploitant de l 'a\u00e9rodrome  \nA l'issue du d\u00e9classement, une visite de s\u00e9curit\u00e9 de la zone d\u00e9class\u00e9e doit \u00eatre  effectu\u00e9e pour \ns'assurer qu 'aucun objet n 'y est laiss\u00e9 avant de la reclasser en zone c\u00f4t\u00e9 piste.  \n \nArticle 3  \nToutes les mesures de police applicables sur l 'a\u00e9rodrome de Berre la Fare pr\u00e9vues par l 'arr\u00eat\u00e9 \ndu 28 septembre 2023 demeurent applicables en ce qu 'elles ne sont pas contraires aux \ndispositions du pr\u00e9sent arr\u00eat\u00e9.  \n \nArticle 4 \n \nLe directeur de cabinet du pr\u00e9fet de police des Bouches -du-Rh\u00f4ne, l a directr ice de la s\u00e9curit\u00e9 \nde l'Aviation civile sud -est, le commandant de la brigade de gendarmerie des transports a\u00e9riens \nde Marseille  et l'exploitant d'a\u00e9rodrome de Berre la Fare  sont charg\u00e9s, chacun en ce qui le \nconcerne, de l 'ex\u00e9cution du pr\u00e9sent arr\u00eat\u00e9 qui sera publi\u00e9 au recueil des actes administratifs \nde la pr\u00e9fecture des Bouches -du-Rh\u00f4ne . \n \n \n \nMarseille, le 21 mai 2024  \n \nPour l e pr\u00e9fet de police des Bouches -\ndu-Rh\u00f4ne , \nLe directeur de cabinet  \n \n \n \nR\u00e9mi BOURDU  \n \n \n \n \n \n Pr\u00e9fecture de police des Bouches-du-Rh\u00f4ne - 13-2024-05-21-00006 - Arr\u00eat\u00e9 portant d\u00e9classement temporaire de la zone c\u00f4t\u00e9 piste de\nl\u25a1a\u00e9rodrome de Salon\nEygui\u00e8res27\nPr\u00e9fecture de police des Bouches-du-Rh\u00f4ne\n13-2024-05-16-00013\nArr\u00eat\u00e9 portant d\u00e9l\u00e9gation de signature\nr\u00f4le de responsable du pouvoir adjudicateur, de\nresponsable d\u25a1unit\u00e9 op\u00e9rationnelle de\nprogramme, et d\u25a1ordonnancement des recettes\net des d\u00e9penses pour la PP13.odt\nPr\u00e9fecture de police des Bouches-du-Rh\u00f4ne - 13-2024-05-16-00013 - Arr\u00eat\u00e9 portant d\u00e9l\u00e9gation de signature\nr\u00f4le de responsable du pouvoir adjudicateur, de responsable d\u25a1unit\u00e9 op\u00e9rationnelle de programme, et d\u25a1ordonnancement des\nrecettes et des d\u00e9penses pour la PP13.odt28\nEm\nPREFECTURE  DE POLICE\nDES  BOUCHES-DU-RHONEen  bureau  des  ressources  et des  moyens\n\u00c9galit\u00e9\nFraternit\u00e9\nRAA  n\u00b0\nArr\u00eat\u00e9 portant d\u00e9l\u00e9gation de signature\nr\u00f4le de responsable du pouvoir adjudicateur , de responsable d'unit\u00e9 op\u00e9rationnelle de programme, et\nd'ordonnancement des recettes et des d\u00e9penses \nimput\u00e9es sur le budget de l'\u00c9tat\nau titre des diff\u00e9rents programmes relevant des responsables d'unit\u00e9s op\u00e9rationnelles et des centres de co\u00fbt\nde la Pr\u00e9fecture de Police des Bouches-du-Rh\u00f4ne\nLe Pr\u00e9fet de police\ndes Bouches-du-Rh\u00f4ne\nVu la loi n\u00b0 82-213 du 2 mars 1982 modifi\u00e9e relative aux droits et libert\u00e9s des communes, des d\u00e9partements\net des r\u00e9gions ;\nVu l'ordonnance n\u00b02022-408 du 23 mars 2022 relative au r\u00e9gime de responsabilit\u00e9 financi\u00e8re des\ngestionnaires publics ;\nVu le d\u00e9cret n\u00b0 2004-374 du 29 avril 2004 modifi\u00e9, relatif aux pouvoirs des pr\u00e9fets, \u00e0 l'organisation et \u00e0\nl'action des services de l' \u00c9tat dans les r\u00e9gions et les d\u00e9partements ;\nVu le d\u00e9cret n\u00b0 2012-1151 du 15 octobre 2012, relatif \u00e0 l'organisation et \u00e0 l'action des services de l'\u00c9tat dans\nle d\u00e9partement des Bouches-du-Rh\u00f4ne ;\nVu le d\u00e9cret n\u00b0 2014-134 du 17 f\u00e9vrier 2014, relatif \u00e0 l'organisation des services de l'\u00c9tat dans le\nd\u00e9partement des Bouches-du-Rh\u00f4ne et aux attributions du pr\u00e9fet de police des Bouches-du-Rh\u00f4ne ;\nVu  le  d\u00e9cret  n\u00b0  2012-1246  du  7  novembre  2012  relatif  \u00e0  la  gestion  budg\u00e9taire  et  comptable\npublique notamment son article 10 ;\nVu le d\u00e9cret du pr\u00e9sident de la R\u00e9publique en date du 26 ao\u00fbt 2021 portant nomination de M. R\u00e9mi BOUR-\nDU, sous-pr\u00e9fet, en qualit\u00e9 de directeur de cabinet du pr\u00e9fet de police des Bouches-du-Rh\u00f4ne,\nVu le d\u00e9cret du pr\u00e9sident de la R\u00e9publique en date du 2 mars 2023 portant nomination de M. Yannis BOU-\nZAR, sous-pr\u00e9fet, en qualit\u00e9 de directeur de cabinet adjoint du pr\u00e9fet de police des Bouches-du-Rh\u00f4ne ;\nVu le d\u00e9cret du 7 f\u00e9vrier 2024 portant nomination de Monsieur Pierre-\u00c9douard COLLIEX en qualit\u00e9 de pr\u00e9fet\nde police des Bouches-du-Rh\u00f4ne ;\nVu l'arr\u00eat\u00e9 n\u00b0 13-2024-03-04-00011 du 4 mars 2024 donnant d\u00e9l\u00e9gation de signature \u00e0 monsieur R\u00e9mi\nBOURDU, sous-pr\u00e9fet hors classe, directeur de cabinet et \u00e0 monsieur Yannis BOUZAR, sous-pr\u00e9fet,\ndirecteur de cabinet adjoint du pr\u00e9fet de police des Bouches-du-Rh\u00f4ne ;\nSur proposition des directeurs de cabinet de la pr\u00e9fecture de police des Bouches-du-Rh\u00f4ne\nPr\u00e9fecture de police des Bouches-du-Rh\u00f4ne - 13-2024-05-16-00013 - Arr\u00eat\u00e9 portant d\u00e9l\u00e9gation de signature\nr\u00f4le de responsable du pouvoir adjudicateur, de responsable d\u25a1unit\u00e9 op\u00e9rationnelle de programme, et d\u25a1ordonnancement des\nrecettes et des d\u00e9penses pour la PP13.odt29\nA R R E T E \nArticle 1\nD\u00e9l\u00e9gation de signature est donn\u00e9e \u00e0 M. R\u00e9mi BOURDU , sous-pr\u00e9fet, directeur de cabinet du pr\u00e9fet de po-\nlice des Bouches-du-Rh\u00f4ne, \u00e0 M. Yannis BOUZAR , sous-pr\u00e9fet, directeur de cabinet adjoint, pour signer\nl'ensemble des actes relatifs \u00e0 la fonction de responsable de l'unit\u00e9 op\u00e9rationnelle d\u00e9volu au pr\u00e9fet de police\ndes Bouches-du-Rh\u00f4ne pour le budget op\u00e9rationnel 0354-DR13-DPPP et l'ensemble des actes relatifs au pi-\nlotage des centres financiers suivants :\n\u20220216-CIPD-DR13\n\u20220207-PACA-PR13\n\u20220176-CCSC-DM13\nArticle 2\nD\u00e9l\u00e9gation de signature est donn\u00e9e \u00e0 M. Thierry JOHNSON , Secr\u00e9taire G\u00e9n\u00e9ral de la pr\u00e9fecture de police\ndes Bouches-du-Rh\u00f4ne, \u00e0 l'effet de signer au nom du pr\u00e9fet de police des Bouches-du-Rh\u00f4ne l'ensemble\ndes actes n\u00e9cessaires au pilotage de l'unit\u00e9 op\u00e9rationnelle suivante  : \n\u20220354-DR13-DPPP\net du pilotage des centres de co\u00fbt suivants :\n\u20220176-CCSC-DM13\n\u20220207-PACA-PR13\n\u20220216-CIPD-DR13\nD\u00e9l\u00e9gation de signature est \u00e9galement donn\u00e9e \u00e0 Madame V\u00e9ronique AMIRATY , cheffe du bureau des res-\nsources et des moyens .\nArticle 3\nD\u00e9l\u00e9gation de signature est donn\u00e9e \u00e0 Monsieur Thierry JOHNSON , Secr\u00e9taire G\u00e9n\u00e9ral de la pr\u00e9fecture de\npolice des Bouches-du-Rh\u00f4ne, \u00e0 l'effet de signer l'ensemble des actes n\u00e9cessaires pour proc\u00e9der \u00e0 l'ordon-\nnancement secondaire des recettes et des d\u00e9penses de l'\u00c9tat et \u00e0 l'exercice des attributions du repr\u00e9sentant\ndu pouvoir adjudicateur en mati\u00e8re de commande publique et de contrat sur les centres financiers suivants  : \n\u20220176-CCSC-DM13\n\u20220207-PACA-PR13\n\u20220216-CIPD-DR13\n\u20220354-DR13-DPPP\nSont exclus les actes suivants :\n\u2022en cas d'avis pr\u00e9alable d\u00e9favorable de l'autorit\u00e9 charg\u00e9e du contr\u00f4le financier, le courrier informant\ncette autorit\u00e9 des motifs de la d\u00e9cision de ne pas se conformer \u00e0 l'avis donn\u00e9,\n\u2022les ordres de r\u00e9quisition du comptable public,\n\u2022les d\u00e9cisions de passer outre.\nD\u00e9l\u00e9gation de signature est \u00e9galement donn\u00e9e \u00e0 Madame V\u00e9ronique AMIRATY , cheffe du bureau des res-\nsources et des moyens .\n2Pr\u00e9fecture de police des Bouches-du-Rh\u00f4ne - 13-2024-05-16-00013 - Arr\u00eat\u00e9 portant d\u00e9l\u00e9gation de signature\nr\u00f4le de responsable du pouvoir adjudicateur, de responsable d\u25a1unit\u00e9 op\u00e9rationnelle de programme, et d\u25a1ordonnancement des\nrecettes et des d\u00e9penses pour la PP13.odt30\nArticle 4\nD\u00e9l\u00e9gation de signature est donn\u00e9e \u00e0 madame V\u00e9ronique AMIRATY  et \u00e0 madame Nathalie RAYE  pour\nproc\u00e9der aux actes dans l'outil CHORUS d\u00e9volus \u00e0 la fonction de RUO pour l'unit\u00e9 op\u00e9rationnelle suivante  :\n0354-DR13-DPPP .\nArticle 5\nD\u00e9l\u00e9gation de signature est donn\u00e9e aux agents figurant ci-dessous pour proc\u00e9der dans l'outil CHORUS aux\nvalidations des actes de demande de cr\u00e9ation d'engagement juridique, de certification du service fait, des\ndemandes de paiement et de cr\u00e9ation de tiers ainsi que de proc\u00e9der aux saisies et aux ordres \u00e0 payer pour\nles centres financiers cit\u00e9s \u00e0 l'article 3 :\n\u2022V\u00e9ronique AMIRATY\n\u2022Nathalie RAYE\n\u2022St\u00e9phanie COSTE-MOROSI\n\u2022Marie-Flore VALLON\nArticle 6\nLes actes et d\u00e9cisions relatifs \u00e0 la pr\u00e9sente d\u00e9l\u00e9gation ainsi que toutes les correspondances ou actes aux\ndossiers instruits par la pr\u00e9fecture de police des Bouches-du-Rh\u00f4ne devront \u00eatre sign\u00e9s dans les conditions\nsuivantes :\nPour le pr\u00e9fet de police\nD\u00e9signation et poste du d\u00e9l\u00e9gataire\nArticle 7\nToutes les dispositions ant\u00e9rieures et contraires au pr\u00e9sent arr\u00eat\u00e9 sont abrog\u00e9es.\nArticle 8\nLe directeur de cabinet et le directeur de cabinet adjoint du pr\u00e9fet de police des Bouches-du-Rh\u00f4ne sont\ncharg\u00e9s de l'ex\u00e9cution du pr\u00e9sent arr\u00eat\u00e9 qui sera notifi\u00e9 au directeur r\u00e9gional des finances publiques de\nProvence-Alpes-C\u00f4te d'Azur et des Bouches-du-Rh\u00f4ne et publi\u00e9 au recueil des actes administratifs de la\npr\u00e9fecture des Bouches-du-Rh\u00f4ne.\n  Fait \u00e0 Marseille, le 16 mai 2024\nLe Pr\u00e9fet de police des Bouches-du-Rh\u00f4ne\nsign\u00e9\n                        Pierre-Edouard COLLIEX\n3Pr\u00e9fecture de police des Bouches-du-Rh\u00f4ne - 13-2024-05-16-00013 - Arr\u00eat\u00e9 portant d\u00e9l\u00e9gation de signature\nr\u00f4le de responsable du pouvoir adjudicateur, de responsable d\u25a1unit\u00e9 op\u00e9rationnelle de programme, et d\u25a1ordonnancement des\nrecettes et des d\u00e9penses pour la PP13.odt31\nPr\u00e9fecture des Bouches-du-Rhone\n13-2024-05-16-00014\nArr\u00eat\u00e9 du 16 mai 2024\nfixant la composition de la commission de\ns\u00e9lection du recrutement sans concours pour\nl\u25a1acc\u00e8s au grade d\u25a1adjoint administratif de\nl\u25a1int\u00e9rieur et de l\u25a1outre-mer pour la r\u00e9gion\nProvence-Alpes-C\u00f4te-d\u25a1Azur au titre de l\u25a1ann\u00e9e\n2024\nPr\u00e9fecture des Bouches-du-Rhone - 13-2024-05-16-00014 - Arr\u00eat\u00e9 du 16 mai 2024\nfixant la composition de la commission de s\u00e9lection du recrutement sans concours pour l\u25a1acc\u00e8s au grade d\u25a1adjoint administratif de\nl\u25a1int\u00e9rieur et de l\u25a1outre-mer pour la r\u00e9gion Provence-Alpes-C\u00f4te-d\u25a1Azur au titre de l\u25a1ann\u00e9e 202432\nPREFET\nDES  BOUCHES-\nDU-RHONE\nLibert\u00e9\nEgalit\u00e9\nFraternit\u00e9\n  Secr\u00e9tariat G\u00e9n\u00e9ral Commun\nService des Ressources Humaines\nMission du d\u00e9veloppement des ressources humaines\nArr\u00eat\u00e9 du 16 mai 2024\nfixant la composition de la commission de s\u00e9lection du recrutement sans concours\npour l'acc\u00e8s au grade d'adjoint administratif de l'int\u00e9rieur et de l'outre-mer  pour la\nr\u00e9gion Provence-Alpes-C\u00f4te-d'Azur au titre de l'ann\u00e9e 2024\nLe Pr\u00e9fet de la R\u00e9gion Provence-Alpes-C\u00f4te d'Azur\nPr\u00e9fet de la zone de d\u00e9fense et de s\u00e9curit\u00e9 sud\nPr\u00e9fet des Bouches-du-Rh\u00f4ne\nVu  la  loi  n\u00b0  83-634  du  13  juillet  1983  modifi\u00e9e  portant  droits  et  obligations  des\nfonctionnaires ;\nVu la loi n\u00b0 84-16 du 11 janvier 1984 modifi\u00e9e portant dispositions statutaires relatives \u00e0 la\nfonction publique de l'\u00c9tat  ;\nVu  le  d\u00e9cret  n\u00b0  2004-1105  du  19  octobre  2004  relatif  \u00e0  l'ouverture  des  proc\u00e9dures  de\nrecrutement dans la fonction publique de l'\u00c9tat  ;\nVu le d\u00e9cret n\u00b0 2006-1760 du 23 d\u00e9cembre 2006 modifi\u00e9 relatif aux dispositions statutaires\ncommunes applicables aux corps d'adjoints administratifs des administrations de l'\u00c9tat  ;\nVu le d\u00e9cret n\u00b0 2010-311 du 22 mars 2010 relatif aux modalit\u00e9s de recrutements et d'accueil\ndes ressortissants des \u00c9tats membres de l'Union europ\u00e9enne ou d'un autre \u00c9tat partie \u00e0 l'accord\nsur l'Espace \u00e9conomique europ\u00e9en dans un corps, un cadre d'emplois ou un emploi de la\nfonction publique fran\u00e7aise  ;\nVu le d\u00e9cret n\u00b0 2016-1084 du 3 ao\u00fbt 2016 modifiant le d\u00e9cret n\u00b0 2016-580 du 11 mai 2016\nrelatif \u00e0 l'organisation des carri\u00e8res des fonctionnaires de cat\u00e9gorie C de la fonction publique de\nl'\u00c9tat \nVu le d\u00e9cret n\u00b0 2013-908 du 10 octobre 2013 relatif aux modalit\u00e9s de d\u00e9signation des membres\ndes jurys et des comit\u00e9s de s\u00e9lection pour le recrutement et la promotion des fonctionnaires\nrelevant de la fonction publique de l'\u00c9tat, de la fonction publique territoriale et de la fonction\npublique hospitali\u00e8re  ;\nVu l'arr\u00eat\u00e9 du 30 d\u00e9cembre 2009 portant d\u00e9l\u00e9gation de pouvoir en mati\u00e8re de recrutement et de\ngestion  des  personnels  administratifs  du  minist\u00e8re  de  l'int\u00e9rieur,  de  l'outre-mer  et  des\ncollectivit\u00e9s territoriales  ;\nVu l'arr\u00eat\u00e9 du 19 octobre 2018 portant d\u00e9l\u00e9gation de pouvoir en mati\u00e8re de recrutement et de\ngestion des personnels administratifs du minist\u00e8re de l'int\u00e9rieur  ;\nPr\u00e9fecture des Bouches-du-Rh\u00f4ne, Place F\u00e9lix Baret - CS 80001 \u2013 13282 Marseille Cedex 06 -\u2013 T\u00e9l\u00e9phone : 04.84.35.40.00 \u2013 T\u00e9l\u00e9copie : 04.84.35.48.55\nPr\u00e9fecture des Bouches-du-Rhone - 13-2024-05-16-00014 - Arr\u00eat\u00e9 du 16 mai 2024\nfixant la composition de la commission de s\u00e9lection du recrutement sans concours pour l\u25a1acc\u00e8s au grade d\u25a1adjoint administratif de\nl\u25a1int\u00e9rieur et de l\u25a1outre-mer pour la r\u00e9gion Provence-Alpes-C\u00f4te-d\u25a1Azur au titre de l\u25a1ann\u00e9e 202433\nVu  l'arr\u00eat\u00e9  du  18  d\u00e9cembre  2023  autorisant  au  titre  de  l'ann\u00e9e  2024  l'ouverture  de\nrecrutements sans concours d'adjoints administratifs de l'int\u00e9rieur et de l'outre-mer  ;\nVu l'arr\u00eat\u00e9 du 10 avril 2024 portant ouverture d'un recrutement sans concours pour l'acc\u00e8s au \ngrade d'adjoint administratif de l'int\u00e9rieur et de l'outre-mer pour la r\u00e9gion Provence-Alpes-\nC\u00f4te-d'Azur au titre de l'ann\u00e9e 2024  ;\nVu l'arr\u00eat\u00e9 pr\u00e9fectoral du 11 septembre 2023 portant d\u00e9l\u00e9gation de signature et d'ordonnance -\nment  secondaire  \u00e0  Monsieur  Cyrille  LE  VELY,  Secr\u00e9taire  G\u00e9n\u00e9ral  de  la  Pr\u00e9fecture  des\nBouches-du-Rh\u00f4ne  ;\nSur proposition du secr\u00e9taire g\u00e9n\u00e9ral de la pr\u00e9fecture des Bouches-du-Rh\u00f4ne, chef lieu de la\nr\u00e9gion Provence-Alpes-C\u00f4te-d'Azur  ;\nA R R \u00ca T E\nArticle 1 : La composition de la commission de s\u00e9lection est fix\u00e9e comme suit  :\n-Pr\u00e9sidente de la commission de s\u00e9lection  :\nMadame St\u00e9phanie GUERLAIS, attach\u00e9e principale d'administration ;\n-Membres de la commission de s\u00e9lection  :\nMonsieur Jean-Marc FAURE, attach\u00e9 principal d'administration;\nMadame Laure-Anne MIEVILLY, conseill\u00e8re entreprise France Travail.\nArticle  2 :  Le  secr\u00e9taire  g\u00e9n\u00e9ral  de  la  pr\u00e9fecture  des  Bouches-du-Rh\u00f4ne  est  charg\u00e9  de\nl'ex\u00e9cution du pr\u00e9sent arr\u00eat\u00e9.\n    Fait \u00e0 Marseille, le 16 mai 2024\nPour le pr\u00e9fet \net par d\u00e9l\u00e9gation\nle Secr\u00e9taire g\u00e9n\u00e9ral\nSIGNE\nCyrille LE VELY\nConform\u00e9ment aux dispositions de l'article R,421-1 et suivants  du code de justice administrative, cet arr\u00eat\u00e9 peut faire l'objet\nd'un recours contentieux devant le tribunal administratif, dans un d\u00e9lai de deux mois courant \u00e0 compter de sa notification.\nLa juridiction administrative comp\u00e9tente peut-\u00eatre saisie par l'application T\u00e9l\u00e9recours citoyens accessible \u00e0 partir du site \nwww.telerecours.fr\nPr\u00e9fecture des Bouches-du-Rh\u00f4ne, Place F\u00e9lix Baret - CS 80001 \u2013 13282 Marseille Cedex 06 -\u2013 T\u00e9l\u00e9phone : 04.84.35.40.00 \u2013 T\u00e9l\u00e9copie : 04.84.35.48.55Pr\u00e9fecture des Bouches-du-Rhone - 13-2024-05-16-00014 - Arr\u00eat\u00e9 du 16 mai 2024\nfixant la composition de la commission de s\u00e9lection du recrutement sans concours pour l\u25a1acc\u00e8s au grade d\u25a1adjoint administratif de\nl\u25a1int\u00e9rieur et de l\u25a1outre-mer pour la r\u00e9gion Provence-Alpes-C\u00f4te-d\u25a1Azur au titre de l\u25a1ann\u00e9e 202434\nSecr\u00e9tariat G\u00e9n\u00e9ral Commun 13\n13-2024-05-22-00008\n00206B399451240522151053\nSecr\u00e9tariat G\u00e9n\u00e9ral Commun 13 - 13-2024-05-22-00008 - 00206B399451240522151053 35\n|\nPREFET\nDES  BOUCHES-  Bes id Fi.DU-RHONE  Secr\u00e9tariat  g\u00e9n\u00e9ral  commun\nService  du patrimoine  immobilier  et de la logistique\nRAA  n\u00b0\nArr\u00eat\u00e9  portant  d\u00e9l\u00e9gation  de signature  en mati\u00e8re  disciplinaire\na Monsieur  C\u00e9dric  ESSON,\nInspecteur  g\u00e9n\u00e9ral  des  services  actifs  de la police  nationale\nDirecteur  interd\u00e9partemental  de la police  nationale  des  Bouches-du-Rh\u00f4ne\nLe Pr\u00e9fet\nde la R\u00e9gion  Provence-Alpes-C\u00f4te  d'Azur\nPr\u00e9fet  de la zone  de d\u00e9fense  et de s\u00e9curit\u00e9  Sud\nPr\u00e9fet  des  Bouches-du-Rh\u00f4ne\nVu le d\u00e9cret  n\u00b0 95-1197  du 6 novembre  1995  modifi\u00e9  portant  d\u00e9concentration  en mati\u00e8re  de gestion\ndes  personnels  de la police  nationale  ;\nVu le d\u00e9cret  n\u00b0 2002-916  du 30 mai  2002  modifi\u00e9  relatif  aux secr\u00e9tariats  g\u00e9n\u00e9raux  pour  l'administra-\ntion  de police  ;\nVu le d\u00e9cret  n\u00b0 2004-374  du 29 avril  2004  modifi\u00e9,  relatif  aux pouvoirs  des pr\u00e9fets,  \u00e0 l'organisation  et\n\u00e0 l'action  des  services  de l'\u00c9tat  dans  les r\u00e9gions  et les d\u00e9partements  ;\nVu le d\u00e9cret  n\u00b0 2004-1439  du 23 d\u00e9cembre  2004  modifi\u00e9  portant  statut  particulier  du corps  d'enca-\ndrement  et d'application  de la police  nationale  ;\nVu le d\u00e9cret  n\u00b0 2006-1761  du 23 d\u00e9cembre  2006  modifi\u00e9  relatif  aux dispositions  communes  appli-\ncables  aux  corps  d'adjoints  techniques  des  administrations  de l'\u00c9tat  ;\nVu le d\u00e9cret  n\u00b0 2009-1725  du 30 d\u00e9cembre  2009  modifiant  certaines  dispositions  relatives  aux d\u00e9l\u00e9-\ngations  de pouvoir  en mati\u00e8re  de recrutement  et de gestion  de certains  personnels  du Minist\u00e8re  de\nl'Int\u00e9rieur  ;\nVu le d\u00e9cret  n\u00b0 2010-224  du 4 mars  2010  relatif  aux pouvoirs  des pr\u00e9fets  de zone  de d\u00e9fense  et de s\u00e9-\ncurit\u00e9  ;\nVu le d\u00e9cret  du 29 juillet  2020  portant  nomination  de Monsieur  Christophe  MIRMAND  en qualit\u00e9  de\nPr\u00e9fet  de la r\u00e9gion  Provence-Alpes-C\u00f4te  d'Azur,  Pr\u00e9fet  de la zone  de d\u00e9fense  et de s\u00e9curit\u00e9  sud,  Pr\u00e9-\nfet des  Bouches-du-Rh\u00f4ne  ;\nVu le d\u00e9cret  n\u00b02022-1173  du 24 ao\u00fbt  2022  relatif  aux comp\u00e9tences  du pr\u00e9fet  de police  et a celles  du\npr\u00e9fet  de police  des  Bouches-du-Rh\u00f4ne  ;\nVu le d\u00e9cret  n\u00b02023-1108  du 29 novembre  2023  portant  cr\u00e9ation  des services  d\u00e9concentr\u00e9s  de la po-\nlice  nationale  ;\nVU l'arr\u00eat\u00e9  minist\u00e9riel  du 30 d\u00e9cembre  2005  portant  d\u00e9concentration  en mati\u00e8re  de gestion  des\nfonctionnaires  actifs  des  services  de la police  nationale  ;\nVu l'arr\u00eat\u00e9  minist\u00e9riel  du 6 juin  2006  modifi\u00e9  portant  r\u00e8glement  g\u00e9n\u00e9ral  d'emploi  de la police  natio-\nnale  ;\nPlace  F\u00e9lix  Baret  - CS 80001  \u2014 13282  Marseille  Cedex  06 -\nT\u00e9l\u00e9phone  : 04.84.35.40.00\nwww.bouches-du-rhone.gouv.fr\nSecr\u00e9tariat G\u00e9n\u00e9ral Commun 13 - 13-2024-05-22-00008 - 00206B399451240522151053 36\nVu l'arr\u00eat\u00e9  minist\u00e9riel  du 30 d\u00e9cembre  2009  portant  d\u00e9l\u00e9gation  de pouvoir  en mati\u00e8re  de recrute-\nment  et de gestion  des personnels  administratifs  du Minist\u00e8re  de l'Int\u00e9rieur,  de l'Outre-Mer  et des\nCollectivit\u00e9s  Territoriales  ;\nVu l'arr\u00eat\u00e9  minist\u00e9riel  du 30 d\u00e9cembre  2009  portant  d\u00e9l\u00e9gation  de pouvoir  en mati\u00e8re  de recrute-\nment  et de gestion  de certains  personnels  techniques  et sp\u00e9cialis\u00e9s  du Minist\u00e8re  de l'Int\u00e9rieur,  de\nl'Outre-Mer  et des  Collectivit\u00e9s  Territoriales  ;\nVu l'arr\u00eat\u00e9  minist\u00e9riel  du 27 ao\u00fbt  2010  portant  d\u00e9concentration  en mati\u00e8re  de gestion  des fonction-\nnaires  des  corps  techniques  et scientifiques  de la police  nationale  ;\nVu l'arr\u00e9t\u00e9  minist\u00e9riel  du 21 d\u00e9cembre  2023  portant  nomination  de Monsieur  C\u00e9dric  ESSON  inspec-\nteur  g\u00e9n\u00e9ral  des services  actifs  de la police  nationale,  en qualit\u00e9  de directeur  interd\u00e9partemental  de\nla police  nationale  des  Bouches-du-Rh\u00f4ne  ;\nSur proposition  du secr\u00e9taire  g\u00e9n\u00e9ral  de la pr\u00e9fecture  des Bouches-du-Rh\u00f4ne,\nARRETE\nArticle  1\nD\u00e9l\u00e9gation  est donn\u00e9e  \u00e0 Monsieur  C\u00e9dric  ESSON,  inspecteur  g\u00e9n\u00e9ral  des services  actifs  de la police\nnationale,  directeur  interd\u00e9partemental  de la police  nationale  des Bouches-du-Rh\u00f4ne,  \u00e0 l'effet  de\nprononcer  les sanctions  du premier  groupe  (avertissement  et blame)  \u00e0 l'encontre  des personnels  du\ncorps  d'encadrement  et d'application,  des Techniciens  de la Police  Technique  et Scientifique  et des\nAgents  Sp\u00e9cialis\u00e9s  de la Police  Technique  et Scientifique  affect\u00e9s  dans  le d\u00e9partement  des Bouches-\ndu-Rh\u00f4ne  et relevant  de son autorit\u00e9.\nArticle  2\nEn cas d'absence  ou d'emp\u00eachement  de Monsieur  C\u00e9dric  ESSON,  inspecteur  g\u00e9n\u00e9ral  des services\nactifs  de la police  nationale,  directeur  interd\u00e9partemental  de la police  nationale  des Bouches-du-\nRh\u00f4ne,  la d\u00e9l\u00e9gation  qui lui est conf\u00e9r\u00e9e  \u00e0 l'article  1 sera  exerc\u00e9e  par Monsieur  S\u00e9bastien  LAUTARD,\ncommissaire  g\u00e9n\u00e9ral  de police  nationale,  directeur  interd\u00e9partemental  adjoint  de la police  natio-\nnale  des  Bouches-du-Rh\u00f4ne  ;\nArticle  3\nToutes  les dispositions  ant\u00e9rieures  et contraires  au pr\u00e9sent  arr\u00eat\u00e9  sont  abrog\u00e9es.\nArticle  4\nLe secr\u00e9taire  g\u00e9n\u00e9ral  de la pr\u00e9fecture  des Bouches-du-Rh\u00f4ne  et le directeur  zonal  de la police  natio-\nnale  sud sont  charg\u00e9s,  chacun  en ce qui les concerne,  de l'ex\u00e9cution  du pr\u00e9sent  arr\u00eat\u00e9  qui sera  pu-\nbli\u00e9  au recueil  des actes  administratifs  de la pr\u00e9fecture  des Bouches-du-Rh\u00f4ne.\nFait  \u00e0 Marseille,  le 21 mai  2024\nLe Pr\u00e9fet,\nsign\u00e9\nChristophe  MIRMAND\nSecr\u00e9tariat G\u00e9n\u00e9ral Commun 13 - 13-2024-05-22-00008 - 00206B399451240522151053 37\nSecr\u00e9tariat G\u00e9n\u00e9ral Commun 13\n13-2024-05-22-00002\nJournal officiel de la Rpublique franaise - N 39 du\n15 fvrier 2017\nSecr\u00e9tariat G\u00e9n\u00e9ral Commun 13 - 13-2024-05-22-00002 - Journal officiel de la Rpublique franaise - N 39 du 15 fvrier 2017 38\nPREFET\nDES  BOUCHES-\nDU-RHONE\nLibert\u00e9\nEgalit\u00e9\nFraternit\u00e9\n  Secr\u00e9tariat G\u00e9n\u00e9ral Commun\nService des Ressources Humaines\nMission du d\u00e9veloppement des ressources humaines\nArr\u00eat\u00e9 du 16 mai 2024\nfixant la composition de la commission de s\u00e9lection du recrutement sans concours\npour l'acc\u00e8s au grade d'adjoint administratif de l'int\u00e9rieur et de l'outre-mer  pour la\nr\u00e9gion Provence-Alpes-C\u00f4te-d'Azur au titre de l'ann\u00e9e 2024\nLe Pr\u00e9fet de la R\u00e9gion Provence-Alpes-C\u00f4te d'Azur\nPr\u00e9fet de la zone de d\u00e9fense et de s\u00e9curit\u00e9 sud\nPr\u00e9fet des Bouches-du-Rh\u00f4ne\nVu  la  loi  n\u00b0  83-634  du  13  juillet  1983  modifi\u00e9e  portant  droits  et  obligations  des\nfonctionnaires ;\nVu la loi n\u00b0 84-16 du 11 janvier 1984 modifi\u00e9e portant dispositions statutaires relatives \u00e0 la\nfonction publique de l'\u00c9tat  ;\nVu  le  d\u00e9cret  n\u00b0  2004-1105  du  19  octobre  2004  relatif  \u00e0  l'ouverture  des  proc\u00e9dures  de\nrecrutement dans la fonction publique de l'\u00c9tat  ;\nVu le d\u00e9cret n\u00b0 2006-1760 du 23 d\u00e9cembre 2006 modifi\u00e9 relatif aux dispositions statutaires\ncommunes applicables aux corps d'adjoints administratifs des administrations de l'\u00c9tat  ;\nVu le d\u00e9cret n\u00b0 2010-311 du 22 mars 2010 relatif aux modalit\u00e9s de recrutements et d'accueil\ndes ressortissants des \u00c9tats membres de l'Union europ\u00e9enne ou d'un autre \u00c9tat partie \u00e0 l'accord\nsur l'Espace \u00e9conomique europ\u00e9en dans un corps, un cadre d'emplois ou un emploi de la\nfonction publique fran\u00e7aise  ;\nVu le d\u00e9cret n\u00b0 2016-1084 du 3 ao\u00fbt 2016 modifiant le d\u00e9cret n\u00b0 2016-580 du 11 mai 2016\nrelatif \u00e0 l'organisation des carri\u00e8res des fonctionnaires de cat\u00e9gorie C de la fonction publique de\nl'\u00c9tat \nVu le d\u00e9cret n\u00b0 2013-908 du 10 octobre 2013 relatif aux modalit\u00e9s de d\u00e9signation des membres\ndes jurys et des comit\u00e9s de s\u00e9lection pour le recrutement et la promotion des fonctionnaires\nrelevant de la fonction publique de l'\u00c9tat, de la fonction publique territoriale et de la fonction\npublique hospitali\u00e8re  ;\nVu l'arr\u00eat\u00e9 du 30 d\u00e9cembre 2009 portant d\u00e9l\u00e9gation de pouvoir en mati\u00e8re de recrutement et de\ngestion  des  personnels  administratifs  du  minist\u00e8re  de  l'int\u00e9rieur,  de  l'outre-mer  et  des\ncollectivit\u00e9s territoriales  ;\nVu l'arr\u00eat\u00e9 du 19 octobre 2018 portant d\u00e9l\u00e9gation de pouvoir en mati\u00e8re de recrutement et de\ngestion des personnels administratifs du minist\u00e8re de l'int\u00e9rieur  ;\nPr\u00e9fecture des Bouches-du-Rh\u00f4ne, Place F\u00e9lix Baret - CS 80001 \u2013 13282 Marseille Cedex 06 -\u2013 T\u00e9l\u00e9phone : 04.84.35.40.00 \u2013 T\u00e9l\u00e9copie : 04.84.35.48.55\nSecr\u00e9tariat G\u00e9n\u00e9ral Commun 13 - 13-2024-05-22-00002 - Journal officiel de la Rpublique franaise - N 39 du 15 fvrier 2017 39\nVu  l'arr\u00eat\u00e9  du  18  d\u00e9cembre  2023  autorisant  au  titre  de  l'ann\u00e9e  2024  l'ouverture  de\nrecrutements sans concours d'adjoints administratifs de l'int\u00e9rieur et de l'outre-mer  ;\nVu l'arr\u00eat\u00e9 du 10 avril 2024 portant ouverture d'un recrutement sans concours pour l'acc\u00e8s au \ngrade d'adjoint administratif de l'int\u00e9rieur et de l'outre-mer pour la r\u00e9gion Provence-Alpes-\nC\u00f4te-d'Azur au titre de l'ann\u00e9e 2024  ;\nVu l'arr\u00eat\u00e9 pr\u00e9fectoral du 11 septembre 2023 portant d\u00e9l\u00e9gation de signature et d'ordonnance -\nment  secondaire  \u00e0  Monsieur  Cyrille  LE  VELY,  Secr\u00e9taire  G\u00e9n\u00e9ral  de  la  Pr\u00e9fecture  des\nBouches-du-Rh\u00f4ne  ;\nSur proposition du secr\u00e9taire g\u00e9n\u00e9ral de la pr\u00e9fecture des Bouches-du-Rh\u00f4ne, chef lieu de la\nr\u00e9gion Provence-Alpes-C\u00f4te-d'Azur  ;\nA R R \u00ca T E\nArticle 1 : La composition de la commission de s\u00e9lection est fix\u00e9e comme suit  :\n-Pr\u00e9sidente de la commission de s\u00e9lection  :\nMadame St\u00e9phanie GUERLAIS, attach\u00e9e principale d'administration ;\n-Membres de la commission de s\u00e9lection  :\nMonsieur Jean-Marc FAURE, attach\u00e9 principal d'administration;\nMadame Laure-Anne MIEVILLY, conseill\u00e8re entreprise France Travail.\nArticle  2 :  Le  secr\u00e9taire  g\u00e9n\u00e9ral  de  la  pr\u00e9fecture  des  Bouches-du-Rh\u00f4ne  est  charg\u00e9  de\nl'ex\u00e9cution du pr\u00e9sent arr\u00eat\u00e9.\n    Fait \u00e0 Marseille, le 16 mai 2024\nPour le pr\u00e9fet \net par d\u00e9l\u00e9gation\nle Secr\u00e9taire g\u00e9n\u00e9ral\nSIGNE\nCyrille LE VELY\nConform\u00e9ment aux dispositions de l'article R,421-1 et suivants  du code de justice administrative, cet arr\u00eat\u00e9 peut faire l'objet\nd'un recours contentieux devant le tribunal administratif, dans un d\u00e9lai de deux mois courant \u00e0 compter de sa notification.\nLa juridiction administrative comp\u00e9tente peut-\u00eatre saisie par l'application T\u00e9l\u00e9recours citoyens accessible \u00e0 partir du site \nwww.telerecours.fr\nPr\u00e9fecture des Bouches-du-Rh\u00f4ne, Place F\u00e9lix Baret - CS 80001 \u2013 13282 Marseille Cedex 06 -\u2013 T\u00e9l\u00e9phone : 04.84.35.40.00 \u2013 T\u00e9l\u00e9copie : 04.84.35.48.55Secr\u00e9tariat G\u00e9n\u00e9ral Commun 13 - 13-2024-05-22-00002 - Journal officiel de la Rpublique franaise - N 39 du 15 fvrier 2017 40\nService D\u00e9partemental de la Jeunesse et des\nSports\n13-2024-05-21-00009\nMicrosoft Word - Arrete JEP 2024 1ERE DDE\n21-05-24\nService D\u00e9partemental de la Jeunesse et des Sports - 13-2024-05-21-00009 - Microsoft Word - Arrete JEP 2024 1ERE DDE 21-05-24 41\n \n   \n                 \n \nService d\u00e9partemental \u00e0 la jeunesse, \n  \u00e0 l'engagement et aux sports  \n \n  \n  \n \nA RR \u00caT \u00c9 d u 2 1  ma i  2 0 2 4 \nportant agr\u00e9ment d'association de jeunesse \net d'\u00e9ducation populaire  \n \nLe Recteur de r\u00e9gion acad\u00e9mique Provence-Alpes-C\u00f4te d'Azur, recteur de l'acad\u00e9mie d'Aix-Marseille,   \nChancelier des universit\u00e9s \n \nVu la loi n\u00b0 2001-624 du 17 juillet 2001 portant diverses dispositions d'ordre social, \u00e9ducatif et culturel ; \nVu la loi n\u00b0 2000-321 du 12 avril 2000 relative aux droits des citoyens dans leurs relations avec les administrations ; \nVu le d\u00e9cret n\u00b0 2002-571 du 22 avril 2002 portant application du premier alin\u00e9a de l'article 8 de la loi n\u00b0 2001-624 du 17 \njuillet 2001 ; \nVu le d\u00e9cret n\u00b0 2017-908 du 6 mai 2017 portant application de l'article 25-1 de la loi n\u00b0 2000-321 du 12 avril 2000 relative aux \ndroits des citoyens dans leurs relations avec les administrations ; \nVu le d\u00e9cret n\u00b02020-1542 du 9 d\u00e9cembre 2020 relatif aux comp\u00e9tences des autorit\u00e9s acad\u00e9miques dans le domaine des politiques \nde la jeunesse, de l'\u00e9ducation populaire, de la vie associative, de l'engagement civique et des sports et \u00e0 l'organisation des \nservices charg\u00e9s de leur mise en \u0153uvre ; \nVu le d\u00e9cret n\u00b0 2021-1947 du 31 d\u00e9cembre 2021 pris pour l'application de l'article 10-1 de la loi n\u00b0 2000-321 du 12 avril 2000 \net approuvant le contrat d'engagement r\u00e9publicain des associations et fondations b\u00e9n\u00e9ficiant de subventions publiques ou d'un \nagr\u00e9ment de l'Etat ; \nVu le d\u00e9cret du Pr\u00e9sident de la R\u00e9publique du 29 juillet 2020 portant nomination de Monsieur Christophe MIRMAND, en qualit\u00e9 \nde pr\u00e9fet de la r\u00e9gion Provence-Alpes-C\u00f4te d'Azur, pr\u00e9fet de la zone sud, pr\u00e9fet des Bouches-du-Rh\u00f4ne ; \nVu le d\u00e9cret du Pr\u00e9sident de la R\u00e9publique du 29 juillet 2020 portant nomination de M. Bernard BEIGNER en qualit\u00e9 de recteur \nde l'acad\u00e9mie d'Aix-Marseille, chancelier des universit\u00e9s ;  \nVu le d\u00e9cret du Pr\u00e9sident de la R\u00e9publique du 11 mai 2023 portant nomination de M. Jean-Yves BESSOL en tant que directeur \nacad\u00e9mique des services de l'\u00e9ducation nationale des Bouches-du-Rh\u00f4ne \u00e0 compter du 22 mai 2023 ; \nVu l'arr\u00eat\u00e9 pr\u00e9fectoral du 2 avril 2021 portant d\u00e9l\u00e9gation de signature \u00e0 Monsieur Bernard BEIGNIER, recteur de la r\u00e9gion \nacad\u00e9mique Provence-Alpes-C\u00f4te d'Azur, Recteur de l'acad\u00e9mie d'Aix-Marseille, chancelier des universit\u00e9s ;  \nVu l'arr\u00eat\u00e9 du 22 mai 2023 portant d\u00e9l\u00e9gation de signature du recteur de la r\u00e9gion acad\u00e9mique Provence-Alpes-C\u00f4te d'Azur \naccord\u00e9e \u00e0 M. Jean-Yves BESSOL, directeur acad\u00e9mique des services de l'\u00e9ducation nationale des Bouches-du-Rh\u00f4ne et \nsubd\u00e9l\u00e9gation de signature \u00e0 Monsieur Thomas TABUS, chef du service d\u00e9partemental  \u00e0 la jeunesse, \u00e0 l'engagement et au sports \n(SDJES) des Bouches-du-Rh\u00f4ne, \u00e0 Monsieur Nicolas PERETTI chef du p\u00f4le sports du SDJES et \u00e0 Monsieur Jean-Christophe \nMEOZZI chef du p\u00f4le jeunesse vie associative du SDJES ; \nVu l'arr\u00eat\u00e9 n\u00b0 TCA /13-24-01 portant reconnaissance du tronc commun d'agr\u00e9ment de l'association ANIMATION CULTURE \nSPORT FOYER RURAL PUYRICARD ; \nVu la demande pr\u00e9sent\u00e9e par l'association ci-dessous d\u00e9sign\u00e9e ; \n \nArticle 1er :  L'agr\u00e9ment pr\u00e9vu par le d\u00e9cret susvis\u00e9 du 22 avril 2002 est accord\u00e9 \u00e0 l'association dont le nom suit : \nNum\u00e9ro d'agr\u00e9ment  Nom de l'association  \nCommune du si\u00e8ge social \nn\u00b0 RNA \n13-24 JEP 01 Association ANIMATION CULTURE SPORT FOYER RURAL PUYRICARD  \n30 BD de Palerne- - 13540 Aix-en-Provence \nn\u00b0 RNA : W131000787 \n \nArticle 2 :  Cet agr\u00e9ment de jeunesse et d'\u00e9ducation populaire n'est valide que si l'association mentionn\u00e9e ci-dessus d\u00e9tient un \narr\u00eat\u00e9 portant reconnaissance du tronc commun d'agr\u00e9ment en cours de validit\u00e9. \nArticle 3 :  L'association mentionn\u00e9e ci-dessus adressera chaque ann\u00e9e \u00e0 la direction des services d\u00e9partementaux de l'\u00e9ducation \nnationale des Bouches-du-Rh\u00f4ne des Bouches-du-Rh\u00f4ne, le proc\u00e8s-verbal de l'assembl\u00e9e g\u00e9n\u00e9rale, le rapport financier de \nl'exercice \u00e9coul\u00e9, le rapport annuel d'activit\u00e9s. \nArticle 4 : L'association mentionn\u00e9e ci-dessus informera la direction des services d\u00e9partementaux de l'\u00e9ducation nationale des \nBouches-du-Rh\u00f4ne, de toute modification de statuts, de changement de si\u00e8ge social, de composition du bureau. Service D\u00e9partemental de la Jeunesse et des Sports - 13-2024-05-21-00009 - Microsoft Word - Arrete JEP 2024 1ERE DDE 21-05-24 42\n \n \n Article 5 : Le pr\u00e9sent arr\u00eat\u00e9 peut faire l'objet d'un recours contentieux, aupr\u00e8s du tribunal administratif de Marseille, dans le \nd\u00e9lai de deux mois, \u00e0 compter de sa notification. Il peut \u00e9galement, dans le m\u00eame d\u00e9lai, faire l'objet d'un recours gracieux \naupr\u00e8s Monsieur le Pr\u00e9fet de la R\u00e9gion Provence Alpes C\u00f4tes d'Azur et/ou d'un recours hi\u00e9rarchique aupr\u00e8s du(des) \nministre(s) concern\u00e9(s). \n \nArticle 6 : : Le recteur de la r\u00e9gion acad\u00e9mique et le directeur acad\u00e9mique des services de l'\u00e9ducation nationale sont charg\u00e9s, \nchacun pour ce qui le concerne, de l'ex\u00e9cution du pr\u00e9sent arr\u00eat\u00e9. \nMarseille, le 21 mai 2024 \n \nPour le Recteur de R\u00e9gion Acad\u00e9mique, et par \nd\u00e9l\u00e9gation \nPour le Directeur Acad\u00e9mique des Services de \nl'Education Nationale et, par d\u00e9l\u00e9gation \nLe chef de p\u00f4le jeunesse et vie associative du SDJES 13 \n \nSign\u00e9 \n \nJean-Christophe MEOZZIService D\u00e9partemental de la Jeunesse et des Sports - 13-2024-05-21-00009 - Microsoft Word - Arrete JEP 2024 1ERE DDE 21-05-24 43\n \n   \n                 \n \nService d\u00e9partemental \u00e0 la jeunesse, \n  \u00e0 l'engagement et aux sports  \n \n  \n  \n \nA RR \u00caT \u00c9 d u 2 1  ma i  2 0 2 4 \nportant agr\u00e9ment d'association de jeunesse \net d'\u00e9ducation populaire  \n \nLe Recteur de r\u00e9gion acad\u00e9mique Provence-Alpes-C\u00f4te d'Azur, recteur de l'acad\u00e9mie d'Aix-Marseille,   \nChancelier des universit\u00e9s \n \nVu la loi n\u00b0 2001-624 du 17 juillet 2001 portant diverses dispositions d'ordre social, \u00e9ducatif et culturel ; \nVu la loi n\u00b0 2000-321 du 12 avril 2000 relative aux droits des citoyens dans leurs relations avec les administrations ; \nVu le d\u00e9cret n\u00b0 2002-571 du 22 avril 2002 portant application du premier alin\u00e9a de l'article 8 de la loi n\u00b0 2001-624 du 17 \njuillet 2001 ; \nVu le d\u00e9cret n\u00b0 2017-908 du 6 mai 2017 portant application de l'article 25-1 de la loi n\u00b0 2000-321 du 12 avril 2000 relative aux \ndroits des citoyens dans leurs relations avec les administrations ; \nVu le d\u00e9cret n\u00b02020-1542 du 9 d\u00e9cembre 2020 relatif aux comp\u00e9tences des autorit\u00e9s acad\u00e9miques dans le domaine des politiques \nde la jeunesse, de l'\u00e9ducation populaire, de la vie associative, de l'engagement civique et des sports et \u00e0 l'organisation des \nservices charg\u00e9s de leur mise en \u0153uvre ; \nVu le d\u00e9cret n\u00b0 2021-1947 du 31 d\u00e9cembre 2021 pris pour l'application de l'article 10-1 de la loi n\u00b0 2000-321 du 12 avril 2000 \net approuvant le contrat d'engagement r\u00e9publicain des associations et fondations b\u00e9n\u00e9ficiant de subventions publiques ou d'un \nagr\u00e9ment de l'Etat ; \nVu le d\u00e9cret du Pr\u00e9sident de la R\u00e9publique du 29 juillet 2020 portant nomination de Monsieur Christophe MIRMAND, en qualit\u00e9 \nde pr\u00e9fet de la r\u00e9gion Provence-Alpes-C\u00f4te d'Azur, pr\u00e9fet de la zone sud, pr\u00e9fet des Bouches-du-Rh\u00f4ne ; \nVu le d\u00e9cret du Pr\u00e9sident de la R\u00e9publique du 29 juillet 2020 portant nomination de M. Bernard BEIGNER en qualit\u00e9 de recteur \nde l'acad\u00e9mie d'Aix-Marseille, chancelier des universit\u00e9s ;  \nVu le d\u00e9cret du Pr\u00e9sident de la R\u00e9publique du 11 mai 2023 portant nomination de M. Jean-Yves BESSOL en tant que directeur \nacad\u00e9mique des services de l'\u00e9ducation nationale des Bouches-du-Rh\u00f4ne \u00e0 compter du 22 mai 2023 ; \nVu l'arr\u00eat\u00e9 pr\u00e9fectoral du 2 avril 2021 portant d\u00e9l\u00e9gation de signature \u00e0 Monsieur Bernard BEIGNIER, recteur de la r\u00e9gion \nacad\u00e9mique Provence-Alpes-C\u00f4te d'Azur, Recteur de l'acad\u00e9mie d'Aix-Marseille, chancelier des universit\u00e9s ;  \nVu l'arr\u00eat\u00e9 du 22 mai 2023 portant d\u00e9l\u00e9gation de signature du recteur de la r\u00e9gion acad\u00e9mique Provence-Alpes-C\u00f4te d'Azur \naccord\u00e9e \u00e0 M. Jean-Yves BESSOL, directeur acad\u00e9mique des services de l'\u00e9ducation nationale des Bouches-du-Rh\u00f4ne et \nsubd\u00e9l\u00e9gation de signature \u00e0 Monsieur Thomas TABUS, chef du service d\u00e9partemental  \u00e0 la jeunesse, \u00e0 l'engagement et au sports \n(SDJES) des Bouches-du-Rh\u00f4ne, \u00e0 Monsieur Nicolas PERETTI chef du p\u00f4le sports du SDJES et \u00e0 Monsieur Jean-Christophe \nMEOZZI chef du p\u00f4le jeunesse vie associative du SDJES ; \nVu l'arr\u00eat\u00e9 n\u00b0 TCA /13-23-40 portant reconnaissance du tronc commun d'agr\u00e9ment de l'association MARSEILLE ECHECS ; \nVu la demande pr\u00e9sent\u00e9e par l'association ci-dessous d\u00e9sign\u00e9e ; \n \nArticle 1er :  L'agr\u00e9ment pr\u00e9vu par le d\u00e9cret susvis\u00e9 du 22 avril 2002 est accord\u00e9 \u00e0 l'association dont le nom suit : \nNum\u00e9ro d'agr\u00e9ment  Nom de l'association  \nCommune du si\u00e8ge social \nn\u00b0 RNA \n13-24 JEP 02 Association MARSEILLE ECHECS  \n7 rue Papety- - 13007 Marseille \nn\u00b0 RNA : W133003945 \n \nArticle 2 :  Cet agr\u00e9ment de jeunesse et d'\u00e9ducation populaire n'est valide que si l'association mentionn\u00e9e ci-dessus d\u00e9tient un \narr\u00eat\u00e9 portant reconnaissance du tronc commun d'agr\u00e9ment en cours de validit\u00e9. \nArticle 3 :  L'association mentionn\u00e9e ci-dessus adressera chaque ann\u00e9e \u00e0 la direction des services d\u00e9partementaux de l'\u00e9ducation \nnationale des Bouches-du-Rh\u00f4ne des Bouches-du-Rh\u00f4ne, le proc\u00e8s-verbal de l'assembl\u00e9e g\u00e9n\u00e9rale, le rapport financier de \nl'exercice \u00e9coul\u00e9, le rapport annuel d'activit\u00e9s. \nArticle 4 : L'association mentionn\u00e9e ci-dessus informera la direction des services d\u00e9partementaux de l'\u00e9ducation nationale des \nBouches-du-Rh\u00f4ne, de toute modification de statuts, de changement de si\u00e8ge social, de composition du bureau. \nArticle 5 : Le pr\u00e9sent arr\u00eat\u00e9 peut faire l'objet d'un recours contentieux, aupr\u00e8s du tribunal administratif de Marseille, dans le \nd\u00e9lai de deux mois, \u00e0 compter de sa notification. Il peut \u00e9galement, dans le m\u00eame d\u00e9lai, faire l'objet d'un recours gracieux Service D\u00e9partemental de la Jeunesse et des Sports - 13-2024-05-21-00009 - Microsoft Word - Arrete JEP 2024 1ERE DDE 21-05-24 44\n \n \n aupr\u00e8s Monsieur le Pr\u00e9fet de la R\u00e9gion Provence Alpes C\u00f4tes d'Azur et/ou d'un recours hi\u00e9rarchique aupr\u00e8s du(des) \nministre(s) concern\u00e9(s). \n \nArticle 6 : : Le recteur de la r\u00e9gion acad\u00e9mique et le directeur acad\u00e9mique des services de l'\u00e9ducation nationale sont charg\u00e9s, \nchacun pour ce qui le concerne, de l'ex\u00e9cution du pr\u00e9sent arr\u00eat\u00e9. \nMarseille, le 21 mai 2024 \n \nPour le Recteur de R\u00e9gion Acad\u00e9mique, et par \nd\u00e9l\u00e9gation \nPour le Directeur Acad\u00e9mique des Services de \nl'Education Nationale et, par d\u00e9l\u00e9gation \nLe chef de p\u00f4le jeunesse et vie associative du SDJES 13 \n \nSign\u00e9 \n \nJean-Christophe MEOZZI\n Service D\u00e9partemental de la Jeunesse et des Sports - 13-2024-05-21-00009 - Microsoft Word - Arrete JEP 2024 1ERE DDE 21-05-24 45\nService D\u00e9partemental de la Jeunesse et des\nSports\n13-2024-05-21-00007\nMicrosoft Word - Arrete JEP 2024 rnvlt  21-05-24\nService D\u00e9partemental de la Jeunesse et des Sports - 13-2024-05-21-00007 - Microsoft Word - Arrete JEP 2024 rnvlt  21-05-24 46\n \n   \n                 \n Service d\u00e9partemental \u00e0 la jeunesse,  \n         \u00e0 l'engagement et aux sports                                                    \n \n  \n \n \nArr\u00eat\u00e9 du 21 mai 2024  \nPortant renouvellement d'agr\u00e9ment JEP (Jeunesse Education Populaire) \n \nLe Recteur de r\u00e9gion acad\u00e9mique Provence-Alpes-C\u00f4te d'Azur, recteur de l'acad\u00e9mie d'Aix-Marseille,   \nChancelier des universit\u00e9s \n \nVu la loi n\u00b0 2001-624 du 17 juillet 2001 portant diverses dispositions d'ordre social, \u00e9ducatif et culturel ; \nVu la loi n\u00b0 2021-1109 du 24 ao\u00fbt 2021 confortant le respect des principes de la R\u00e9publique ; \nVu les articles R. 222-17 et R. 222-17-1 du code de l'\u00e9ducation ; \nVu le d\u00e9cret n\u00b0 2002-571 du 22 avril 2002 pris pour l'application du premier alin\u00e9a de l'article 8 de la loi n\u00b0 2001-624 du 17 \njuillet 2001 relatif \u00e0 l'agr\u00e9ment des associations de jeunesse et d'\u00e9ducation populaire ; \nVu le d\u00e9cret n\u00b0 2021-1947 du 31 d\u00e9cembre 2021 pris pour l'application de l'article 10-1 de la loi n\u00b0 2000-321 du 12 avril 2000 \net approuvant le contrat d'engagement r\u00e9publicain des associations et fondations b\u00e9n\u00e9ficiant de subventions publiques ou d'un \nagr\u00e9ment de l'Etat ; \nVu le d\u00e9cret n\u00b02020-1542 du 09 d\u00e9cembre 2020 relatif aux comp\u00e9tences des autorit\u00e9s acad\u00e9miques dans le domaine des \npolitiques de la jeunesse, de l'\u00e9ducation populaire, de la vie associative, de l'engagement civique et des sports et \u00e0 l'organisation \ndes services charg\u00e9s de leur mise en \u0153uvre ; \nVu le d\u00e9cret n\u00b0 2020-1543 du 09 d\u00e9cembre 2020 relatif aux services d\u00e9concentr\u00e9s du minist\u00e8re de l'\u00e9ducation nationale, de la \njeunesse et des sports et du minist\u00e8re de l'enseignement sup\u00e9rieur, de la recherche et de l'innovation ; \nVu le d\u00e9cret du Pr\u00e9sident de la R\u00e9publique du 29 juillet 2020 portant nomination de Monsieur Christophe MIRMAND, en qualit\u00e9 \nde pr\u00e9fet de la r\u00e9gion Provence-Alpes-C\u00f4te d'Azur, pr\u00e9fet de la zone sud, pr\u00e9fet des Bouches-du-Rh\u00f4ne ; \nVu le d\u00e9cret du Pr\u00e9sident de la R\u00e9publique du 29 juillet 2020 portant nomination de M. Bernard BEIGNER en qualit\u00e9 de recteur \nde l'acad\u00e9mie d'Aix-Marseille, chancelier des universit\u00e9s ;  \nVu le d\u00e9cret du Pr\u00e9sident de la R\u00e9publique du 11 mai 2023 portant nomination de M. Jean-Yves BESSOL en tant que directeur \nacad\u00e9mique des services de l'\u00e9ducation nationale des Bouches-du-Rh\u00f4ne \u00e0 compter du 22 mai 2023 ; \nVu l'arr\u00eat\u00e9 pr\u00e9fectoral du 2 avril 2021 portant d\u00e9l\u00e9gation de signature \u00e0 Monsieur Bernard BEIGNIER, recteur de la r\u00e9gion \nacad\u00e9mique Provence-Alpes-C\u00f4te d'Azur, Recteur de l'acad\u00e9mie d'Aix-Marseille, chancelier des universit\u00e9s ;  \nVu l'arr\u00eat\u00e9 du 22 mai 2023 portant d\u00e9l\u00e9gation de signature du recteur de la r\u00e9gion acad\u00e9mique Provence-Alpes-C\u00f4te d'Azur \naccord\u00e9e \u00e0 M. Jean-Yves BESSOL, directeur acad\u00e9mique des services de l'\u00e9ducation nationale des Bouches-du-Rh\u00f4ne et \nsubd\u00e9l\u00e9gation de signature \u00e0 Monsieur Thomas TABUS, chef du service d\u00e9partemental  \u00e0 la jeunesse, \u00e0 l'engagement et au sports \n(SDJES) des Bouches-du-Rh\u00f4ne, \u00e0 Monsieur Nicolas PERETTI chef du p\u00f4le sports du SDJES et \u00e0 Monsieur Jean-Christophe \nMEOZZI chef du p\u00f4le jeunesse vie associative du SDJES ; \n \nConsid\u00e9rant le dossier de demande de renouvellement d'agr\u00e9ment pr\u00e9sent\u00e9 par l'association ; \n \nArticle 1er : Il est renouvel\u00e9 l'agr\u00e9ment JEP (Jeunesse Education Populaire) de l'association dont le nom suit : \n \nNum\u00e9ro d'agr\u00e9ment  Nom de l'association  \nCommune du si\u00e8ge social \nn\u00b0 RNA \n13 06 JEP 075 Association ACTION PLEIN SUD HORIZON (APASH)  \n14 rue Denis Magdelon  - 13009 Marseille \nn\u00b0 RNA : W133017333 \n \nArticle 2  \nL'agr\u00e9ment JEP (Jeunesse Education Populaire) de l'association est renouvel\u00e9 pour une dur\u00e9e de 5 ans \u00e0 compter de la date du \npr\u00e9sent arr\u00eat\u00e9. \n \nArticle 3 \nL'association mentionn\u00e9e est r\u00e9put\u00e9e satisfaire aux conditions de l'article 25-1 de la loi n\u00b0 2000-321 du 12 avril 2000. \nL'association peut se pr\u00e9valoir du respect de ces conditions dans le cadre de toute proc\u00e9dure d'agr\u00e9ment pr\u00e9vue par la \nl\u00e9gislation pendant une p\u00e9riode de cinq ans \u00e0 compter de la date du pr\u00e9sent arr\u00eat\u00e9.   \n \nArticle 4 \nLa pr\u00e9sente d\u00e9cision est susceptible de faire l'objet d'un recours contentieux devant le Tribunal administratif de Marseille dans \nLa pr\u00e9sente d\u00e9cision est susceptible de faire l'objet d'un recours contentieux devant le Tribunal administratif de Marseille dans un d\u00e9lai de \ndeux mois \u00e0 compter de sa notification. Service D\u00e9partemental de la Jeunesse et des Sports - 13-2024-05-21-00007 - Microsoft Word - Arrete JEP 2024 rnvlt  21-05-24 47\n \n \n \n  \nElle est \u00e9galement susceptible de faire l'objet d'un recours gracieux aupr\u00e8s de mes services ainsi que d'un recours hi\u00e9rarchique aupr\u00e8s du \nrecteur acad\u00e9mique dans le m\u00eame d\u00e9lai. Un recours contentieux peut ensuite \u00eatre form\u00e9 aupr\u00e8s du Tribunal administratif de Marseille dans le \nd\u00e9lai de deux mois suivant le rejet explicite ou implicite du recours gracieux ou hi\u00e9rarchique. \n \nArticle 5 \nLe Directeur Acad\u00e9mique des Services de l'\u00c9ducation Nationale est charg\u00e9 de l'ex\u00e9cution du pr\u00e9sent arr\u00eat\u00e9 qui sera publi\u00e9 au recueil des \nactes administratifs et notifi\u00e9 aux int\u00e9ress\u00e9s. \n \n \nFait \u00e0 Marseille, le 21 mai 2024 \n \nPour le Recteur de R\u00e9gion Acad\u00e9mique, et par d\u00e9l\u00e9gation \nPour le Directeur Acad\u00e9mique des Services de l'Education \nNationale et, par d\u00e9l\u00e9gation \nLe chef de p\u00f4le jeunesse et vie associative du SDJES 13 \n  \nSign\u00e9 \n \nJean-Christophe MEOZZI\n Service D\u00e9partemental de la Jeunesse et des Sports - 13-2024-05-21-00007 - Microsoft Word - Arrete JEP 2024 rnvlt  21-05-24 48\nService D\u00e9partemental de la Jeunesse et des\nSports\n13-2024-05-21-00008\nMicrosoft Word - Arretes TCA 2024 1ERE DDE\n21-05-24\nService D\u00e9partemental de la Jeunesse et des Sports - 13-2024-05-21-00008 - Microsoft Word - Arretes TCA 2024 1ERE DDE 21-05-24 49\n \n \n \n \n   \n                 \n Service d\u00e9partemental \u00e0 la jeunesse,  \n         \u00e0 l'engagement et aux sports                                                    \n \n \n \n \nArr\u00eat\u00e9 du 21 mai 2024 \nPortant reconnaissance \n du tronc commun d'agr\u00e9ment d'une association n\u00b0 TCA /13-24-01 \n \nLe Recteur de r\u00e9gion acad\u00e9mique Provence-Alpes-C\u00f4te d'Azur, recteur de l'acad\u00e9mie d'Aix-Marseille,   \nChancelier des universit\u00e9s \n \nVu la loi d'orientation n\u00b0 92-125 du 6 f\u00e9vrier 1992 modifi\u00e9e relative \u00e0 l'administration territoriale de la R\u00e9publique modifi\u00e9e ; \nVu la loi n\u00b0 2000-321 du 12 avril 2000 modifi\u00e9e relative aux droits des citoyens dans leurs relations avec les administrations et \nnotamment son article 25-1 ; \nVu le d\u00e9cret n\u00b02016-1377 du 12 octobre 2016 portant cr\u00e9ation du Conseil d'orientation des politiques de jeunesse ; \nVu le d\u00e9cret n\u00b02017-908 du 6 mai 2017 portant diverses dispositions relatives au r\u00e9gime juridique des associations, des \nfondations, des fonds de dotation et des organismes faisant appel public \u00e0 la g\u00e9n\u00e9rosit\u00e9 et notamment ses articles 15 \u00e0 21 ; \nVu le d\u00e9cret du Pr\u00e9sident de la R\u00e9publique du 29 juillet 2020 portant nomination de Monsieur Christophe MIRMAND, en qualit\u00e9 \nde pr\u00e9fet de la r\u00e9gion Provence-Alpes-C\u00f4te d'Azur, pr\u00e9fet de la zone sud, pr\u00e9fet des Bouches-du-Rh\u00f4ne ; \nVu le d\u00e9cret du Pr\u00e9sident de la R\u00e9publique du 29 juillet 2020 portant nomination de M. Bernard BEIGNER en qualit\u00e9 de recteur \nde l'acad\u00e9mie d'Aix-Marseille, chancelier des universit\u00e9s ;  \nVu le d\u00e9cret du Pr\u00e9sident de la R\u00e9publique du 11 mai 2023 portant nomination de M. Jean-Yves BESSOL en tant que directeur \nacad\u00e9mique des services de l'\u00e9ducation nationale des Bouches-du-Rh\u00f4ne \u00e0 compter du 22 mai 2023 ; \nVu l'arr\u00eat\u00e9 pr\u00e9fectoral du 2 avril 2021 portant d\u00e9l\u00e9gation de signature \u00e0 Monsieur Bernard BEIGNIER, recteur de la r\u00e9gion \nacad\u00e9mique Provence-Alpes-C\u00f4te d'Azur, Recteur de l'acad\u00e9mie d'Aix-Marseille, chancelier des universit\u00e9s ;  \nVu l'arr\u00eat\u00e9 du 22 mai 2023 portant d\u00e9l\u00e9gation de signature du recteur de la r\u00e9gion acad\u00e9mique Provence-Alpes-C\u00f4te d'Azur \naccord\u00e9e \u00e0 M. Jean-Yves BESSOL, directeur acad\u00e9mique des services de l'\u00e9ducation nationale des Bouches-du-Rh\u00f4ne et \nsubd\u00e9l\u00e9gation de signature \u00e0 Monsieur Thomas TABUS, chef du service d\u00e9partemental  \u00e0 la jeunesse, \u00e0 l'engagement et au sports \n(SDJES) des Bouches-du-Rh\u00f4ne, \u00e0 Monsieur Nicolas PERETTI chef du p\u00f4le sports du SDJES et \u00e0 Monsieur Jean-Christophe \nMEOZZI chef du p\u00f4le jeunesse vie associative du SDJES ; \n \nConsid\u00e9rant le dossier de renouv\u00e8lement de tronc commun d'agr\u00e9ment pr\u00e9sent\u00e9 par l'association ; \n \nArticle 1er : L'Association ANIMATION CULTURE SPORT FOYER RURAL PUYRICARD dont le si\u00e8ge social est situ\u00e9 \u00e0 \n30 BD de Palerne - 13540 Aix-en-Provence - n\u00b0 RNA :  W131000787 satisfait aux trois conditions pr\u00e9vues par l'article 25-1 de \nla loi du 12 avril 2000 susvis\u00e9e \u00e0 la date de publication du pr\u00e9sent arr\u00eat\u00e9 portant sur le tronc commun d'agr\u00e9ment.  \nArticle 2 :  La dite association est r\u00e9put\u00e9e remplir ces trois crit\u00e8res pendant une dur\u00e9e de cinq ans \u00e0 compter de la date de \npublication du pr\u00e9sent arr\u00eat\u00e9. \nArticle 3 : Le pr\u00e9sent arr\u00eat\u00e9 peut faire l'objet d'un recours contentieux, aupr\u00e8s du tribunal administratif de Marseille, dans le \nd\u00e9lai de deux mois, \u00e0 compter de sa notification. Il peut \u00e9galement, dans le m\u00eame d\u00e9lai, faire l'objet d'un recours gracieux \naupr\u00e8s Monsieur le Pr\u00e9fet de la R\u00e9gion Provence Alpes C\u00f4tes d'Azur et/ou d'un recours hi\u00e9rarchique aupr\u00e8s du(des) \nministre(s) concern\u00e9(s). \n \nArticle 4  : Le recteur de la r\u00e9gion acad\u00e9mique et le directeur acad\u00e9miques des services de l'\u00e9ducation nationale sont charg\u00e9s, \nchacun pour ce qui le concerne, de l'ex\u00e9cution du pr\u00e9sent arr\u00eat\u00e9. \n \nMarseille, le 21 mai 2024 \n \nPour le Recteur de R\u00e9gion Acad\u00e9mique, et par d\u00e9l\u00e9gation \nPour le Directeur Acad\u00e9mique des Services de l'Education \nNationale et, par d\u00e9l\u00e9gation \nLe chef de p\u00f4le jeunesse et vie associative du SDJES 13 \n \nSign\u00e9 \n \nJean-Christophe MEOZZIService D\u00e9partemental de la Jeunesse et des Sports - 13-2024-05-21-00008 - Microsoft Word - Arretes TCA 2024 1ERE DDE 21-05-24 50\n \n \n \n \n   \n                 \n Service d\u00e9partemental \u00e0 la jeunesse,  \n         \u00e0 l'engagement et aux sports                                                    \n \n \n \n \nArr\u00eat\u00e9 du 21 mai 2024 \nPortant reconnaissance \n du tronc commun d'agr\u00e9ment d'une association n\u00b0 TCA /13-24-02 \n \nLe Recteur de r\u00e9gion acad\u00e9mique Provence-Alpes-C\u00f4te d'Azur, recteur de l'acad\u00e9mie d'Aix-Marseille,   \nChancelier des universit\u00e9s \n \nVu la loi d'orientation n\u00b0 92-125 du 6 f\u00e9vrier 1992 modifi\u00e9e relative \u00e0 l'administration territoriale de la R\u00e9publique modifi\u00e9e ; \nVu la loi n\u00b0 2000-321 du 12 avril 2000 modifi\u00e9e relative aux droits des citoyens dans leurs relations avec les administrations et \nnotamment son article 25-1 ; \nVu le d\u00e9cret n\u00b02016-1377 du 12 octobre 2016 portant cr\u00e9ation du Conseil d'orientation des politiques de jeunesse ; \nVu le d\u00e9cret n\u00b02017-908 du 6 mai 2017 portant diverses dispositions relatives au r\u00e9gime juridique des associations, des \nfondations, des fonds de dotation et des organismes faisant appel public \u00e0 la g\u00e9n\u00e9rosit\u00e9 et notamment ses articles 15 \u00e0 21 ; \nVu le d\u00e9cret du Pr\u00e9sident de la R\u00e9publique du 29 juillet 2020 portant nomination de Monsieur Christophe MIRMAND, en qualit\u00e9 \nde pr\u00e9fet de la r\u00e9gion Provence-Alpes-C\u00f4te d'Azur, pr\u00e9fet de la zone sud, pr\u00e9fet des Bouches-du-Rh\u00f4ne ; \nVu le d\u00e9cret du Pr\u00e9sident de la R\u00e9publique du 29 juillet 2020 portant nomination de M. Bernard BEIGNER en qualit\u00e9 de recteur \nde l'acad\u00e9mie d'Aix-Marseille, chancelier des universit\u00e9s ;  \nVu le d\u00e9cret du Pr\u00e9sident de la R\u00e9publique du 11 mai 2023 portant nomination de M. Jean-Yves BESSOL en tant que directeur \nacad\u00e9mique des services de l'\u00e9ducation nationale des Bouches-du-Rh\u00f4ne \u00e0 compter du 22 mai 2023 ; \nVu l'arr\u00eat\u00e9 pr\u00e9fectoral du 2 avril 2021 portant d\u00e9l\u00e9gation de signature \u00e0 Monsieur Bernard BEIGNIER, recteur de la r\u00e9gion \nacad\u00e9mique Provence-Alpes-C\u00f4te d'Azur, Recteur de l'acad\u00e9mie d'Aix-Marseille, chancelier des universit\u00e9s ;  \nVu l'arr\u00eat\u00e9 du 22 mai 2023 portant d\u00e9l\u00e9gation de signature du recteur de la r\u00e9gion acad\u00e9mique Provence-Alpes-C\u00f4te d'Azur \naccord\u00e9e \u00e0 M. Jean-Yves BESSOL, directeur acad\u00e9mique des services de l'\u00e9ducation nationale des Bouches-du-Rh\u00f4ne et \nsubd\u00e9l\u00e9gation de signature \u00e0 Monsieur Thomas TABUS, chef du service d\u00e9partemental  \u00e0 la jeunesse, \u00e0 l'engagement et au sports \n(SDJES) des Bouches-du-Rh\u00f4ne, \u00e0 Monsieur Nicolas PERETTI chef du p\u00f4le sports du SDJES et \u00e0 Monsieur Jean-Christophe \nMEOZZI chef du p\u00f4le jeunesse vie associative du SDJES ; \n \nConsid\u00e9rant le dossier de renouv\u00e8lement de tronc commun d'agr\u00e9ment pr\u00e9sent\u00e9 par l'association ; \n \nArticle 1er : L'Association CENTRE SOCIAL LES OLIVIERS dont le si\u00e8ge social est situ\u00e9 \u00e0 2 avenue C\u00e9sar Bernaudon - \n13551 Saint-Martin-de-Crau cedex - n\u00b0 RNA :  W132000737 satisfait aux trois conditions pr\u00e9vues par l'article 25-1 de la loi du \n12 avril 2000 susvis\u00e9e \u00e0 la date de publication du pr\u00e9sent arr\u00eat\u00e9 portant sur le tronc commun d'agr\u00e9ment.  \nArticle 2 :  La dite association est r\u00e9put\u00e9e remplir ces trois crit\u00e8res pendant une dur\u00e9e de cinq ans \u00e0 compter de la date de \npublication du pr\u00e9sent arr\u00eat\u00e9. \nArticle 3 : Le pr\u00e9sent arr\u00eat\u00e9 peut faire l'objet d'un recours contentieux, aupr\u00e8s du tribunal administratif de Marseille, dans le \nd\u00e9lai de deux mois, \u00e0 compter de sa notification. Il peut \u00e9galement, dans le m\u00eame d\u00e9lai, faire l'objet d'un recours gracieux \naupr\u00e8s Monsieur le Pr\u00e9fet de la R\u00e9gion Provence Alpes C\u00f4tes d'Azur et/ou d'un recours hi\u00e9rarchique aupr\u00e8s du(des) \nministre(s) concern\u00e9(s). \n \nArticle 4  : Le recteur de la r\u00e9gion acad\u00e9mique et le directeur acad\u00e9miques des services de l'\u00e9ducation nationale sont charg\u00e9s, \nchacun pour ce qui le concerne, de l'ex\u00e9cution du pr\u00e9sent arr\u00eat\u00e9. \n \nMarseille, le 21 mai 2024 \n \nPour le Recteur de R\u00e9gion Acad\u00e9mique, et par d\u00e9l\u00e9gation \nPour le Directeur Acad\u00e9mique des Services de l'Education \nNationale et, par d\u00e9l\u00e9gation \nLe chef de p\u00f4le jeunesse et vie associative du SDJES 13 \n \nSign\u00e9 \n \n \nJean-Christophe MEOZZIService D\u00e9partemental de la Jeunesse et des Sports - 13-2024-05-21-00008 - Microsoft Word - Arretes TCA 2024 1ERE DDE 21-05-24 51\n \n \n \n \n   \n                 \n Service d\u00e9partemental \u00e0 la jeunesse,  \n         \u00e0 l'engagement et aux sports                                                    \n \n \n \n \nArr\u00eat\u00e9 du 21 mai 2024 \nPortant reconnaissance \n du tronc commun d'agr\u00e9ment d'une association n\u00b0 TCA /13-24-03 \n \nLe Recteur de r\u00e9gion acad\u00e9mique Provence-Alpes-C\u00f4te d'Azur, recteur de l'acad\u00e9mie d'Aix-Marseille,   \nChancelier des universit\u00e9s \n \nVu la loi d'orientation n\u00b0 92-125 du 6 f\u00e9vrier 1992 modifi\u00e9e relative \u00e0 l'administration territoriale de la R\u00e9publique modifi\u00e9e ; \nVu la loi n\u00b0 2000-321 du 12 avril 2000 modifi\u00e9e relative aux droits des citoyens dans leurs relations avec les administrations et \nnotamment son article 25-1 ; \nVu le d\u00e9cret n\u00b02016-1377 du 12 octobre 2016 portant cr\u00e9ation du Conseil d'orientation des politiques de jeunesse ; \nVu le d\u00e9cret n\u00b02017-908 du 6 mai 2017 portant diverses dispositions relatives au r\u00e9gime juridique des associations, des \nfondations, des fonds de dotation et des organismes faisant appel public \u00e0 la g\u00e9n\u00e9rosit\u00e9 et notamment ses articles 15 \u00e0 21 ; \nVu le d\u00e9cret du Pr\u00e9sident de la R\u00e9publique du 29 juillet 2020 portant nomination de Monsieur Christophe MIRMAND, en qualit\u00e9 \nde pr\u00e9fet de la r\u00e9gion Provence-Alpes-C\u00f4te d'Azur, pr\u00e9fet de la zone sud, pr\u00e9fet des Bouches-du-Rh\u00f4ne ; \nVu le d\u00e9cret du Pr\u00e9sident de la R\u00e9publique du 29 juillet 2020 portant nomination de M. Bernard BEIGNER en qualit\u00e9 de recteur \nde l'acad\u00e9mie d'Aix-Marseille, chancelier des universit\u00e9s ;  \nVu le d\u00e9cret du Pr\u00e9sident de la R\u00e9publique du 11 mai 2023 portant nomination de M. Jean-Yves BESSOL en tant que directeur \nacad\u00e9mique des services de l'\u00e9ducation nationale des Bouches-du-Rh\u00f4ne \u00e0 compter du 22 mai 2023 ; \nVu l'arr\u00eat\u00e9 pr\u00e9fectoral du 2 avril 2021 portant d\u00e9l\u00e9gation de signature \u00e0 Monsieur Bernard BEIGNIER, recteur de la r\u00e9gion \nacad\u00e9mique Provence-Alpes-C\u00f4te d'Azur, Recteur de l'acad\u00e9mie d'Aix-Marseille, chancelier des universit\u00e9s ;  \nVu l'arr\u00eat\u00e9 du 22 mai 2023 portant d\u00e9l\u00e9gation de signature du recteur de la r\u00e9gion acad\u00e9mique Provence-Alpes-C\u00f4te d'Azur \naccord\u00e9e \u00e0 M. Jean-Yves BESSOL, directeur acad\u00e9mique des services de l'\u00e9ducation nationale des Bouches-du-Rh\u00f4ne et \nsubd\u00e9l\u00e9gation de signature \u00e0 Monsieur Thomas TABUS, chef du service d\u00e9partemental  \u00e0 la jeunesse, \u00e0 l'engagement et au sports \n(SDJES) des Bouches-du-Rh\u00f4ne, \u00e0 Monsieur Nicolas PERETTI chef du p\u00f4le sports du SDJES et \u00e0 Monsieur Jean-Christophe \nMEOZZI chef du p\u00f4le jeunesse vie associative du SDJES ; \n \nConsid\u00e9rant le dossier de renouv\u00e8lement de tronc commun d'agr\u00e9ment pr\u00e9sent\u00e9 par l'association ; \n \nArticle 1er : L'Association CENTRE SOCIAL DE L'ABEILLE dont le si\u00e8ge social est situ\u00e9 \u00e0 route de Ceyreste - 13600 La \nCiotat - n\u00b0 RNA :  W133003407 satisfait aux trois conditions pr\u00e9vues par l'article 25-1 de la loi du 12 avril 2000 susvis\u00e9e \u00e0 la \ndate de publication du pr\u00e9sent arr\u00eat\u00e9 portant sur le tronc commun d'agr\u00e9ment.  \nArticle 2 :  La dite association est r\u00e9put\u00e9e remplir ces trois crit\u00e8res pendant une dur\u00e9e de cinq ans \u00e0 compter de la date de \npublication du pr\u00e9sent arr\u00eat\u00e9. \nArticle 3 : Le pr\u00e9sent arr\u00eat\u00e9 peut faire l'objet d'un recours contentieux, aupr\u00e8s du tribunal administratif de Marseille, dans le \nd\u00e9lai de deux mois, \u00e0 compter de sa notification. Il peut \u00e9galement, dans le m\u00eame d\u00e9lai, faire l'objet d'un recours gracieux \naupr\u00e8s Monsieur le Pr\u00e9fet de la R\u00e9gion Provence Alpes C\u00f4tes d'Azur et/ou d'un recours hi\u00e9rarchique aupr\u00e8s du(des) \nministre(s) concern\u00e9(s). \n \nArticle 4  : Le recteur de la r\u00e9gion acad\u00e9mique et le directeur acad\u00e9miques des services de l'\u00e9ducation nationale sont charg\u00e9s, \nchacun pour ce qui le concerne, de l'ex\u00e9cution du pr\u00e9sent arr\u00eat\u00e9. \n \nMarseille, le 21 mai 2024 \n \nPour le Recteur de R\u00e9gion Acad\u00e9mique, et par d\u00e9l\u00e9gation \nPour le Directeur Acad\u00e9mique des Services de l'Education \nNationale et, par d\u00e9l\u00e9gation \nLe chef de p\u00f4le jeunesse et vie associative du SDJES 13 \n \nSign\u00e9 \n \n \nJean-Christophe MEOZZIService D\u00e9partemental de la Jeunesse et des Sports - 13-2024-05-21-00008 - Microsoft Word - Arretes TCA 2024 1ERE DDE 21-05-24 52\n \n \n \n \n   \n                 \n Service d\u00e9partemental \u00e0 la jeunesse,  \n         \u00e0 l'engagement et aux sports                                                    \n \n \n \n \nArr\u00eat\u00e9 du 21 mai 2024 \nPortant reconnaissance \n du tronc commun d'agr\u00e9ment d'une association n\u00b0 TCA /13-24-04 \n \nLe Recteur de r\u00e9gion acad\u00e9mique Provence-Alpes-C\u00f4te d'Azur, recteur de l'acad\u00e9mie d'Aix-Marseille,   \nChancelier des universit\u00e9s \n \nVu la loi d'orientation n\u00b0 92-125 du 6 f\u00e9vrier 1992 modifi\u00e9e relative \u00e0 l'administration territoriale de la R\u00e9publique modifi\u00e9e ; \nVu la loi n\u00b0 2000-321 du 12 avril 2000 modifi\u00e9e relative aux droits des citoyens dans leurs relations avec les administrations et \nnotamment son article 25-1 ; \nVu le d\u00e9cret n\u00b02016-1377 du 12 octobre 2016 portant cr\u00e9ation du Conseil d'orientation des politiques de jeunesse ; \nVu le d\u00e9cret n\u00b02017-908 du 6 mai 2017 portant diverses dispositions relatives au r\u00e9gime juridique des associations, des \nfondations, des fonds de dotation et des organismes faisant appel public \u00e0 la g\u00e9n\u00e9rosit\u00e9 et notamment ses articles 15 \u00e0 21 ; \nVu le d\u00e9cret du Pr\u00e9sident de la R\u00e9publique du 29 juillet 2020 portant nomination de Monsieur Christophe MIRMAND, en qualit\u00e9 \nde pr\u00e9fet de la r\u00e9gion Provence-Alpes-C\u00f4te d'Azur, pr\u00e9fet de la zone sud, pr\u00e9fet des Bouches-du-Rh\u00f4ne ; \nVu le d\u00e9cret du Pr\u00e9sident de la R\u00e9publique du 29 juillet 2020 portant nomination de M. Bernard BEIGNER en qualit\u00e9 de recteur \nde l'acad\u00e9mie d'Aix-Marseille, chancelier des universit\u00e9s ;  \nVu le d\u00e9cret du Pr\u00e9sident de la R\u00e9publique du 11 mai 2023 portant nomination de M. Jean-Yves BESSOL en tant que directeur \nacad\u00e9mique des services de l'\u00e9ducation nationale des Bouches-du-Rh\u00f4ne \u00e0 compter du 22 mai 2023 ; \nVu l'arr\u00eat\u00e9 pr\u00e9fectoral du 2 avril 2021 portant d\u00e9l\u00e9gation de signature \u00e0 Monsieur Bernard BEIGNIER, recteur de la r\u00e9gion \nacad\u00e9mique Provence-Alpes-C\u00f4te d'Azur, Recteur de l'acad\u00e9mie d'Aix-Marseille, chancelier des universit\u00e9s ;  \nVu l'arr\u00eat\u00e9 du 22 mai 2023 portant d\u00e9l\u00e9gation de signature du recteur de la r\u00e9gion acad\u00e9mique Provence-Alpes-C\u00f4te d'Azur \naccord\u00e9e \u00e0 M. Jean-Yves BESSOL, directeur acad\u00e9mique des services de l'\u00e9ducation nationale des Bouches-du-Rh\u00f4ne et \nsubd\u00e9l\u00e9gation de signature \u00e0 Monsieur Thomas TABUS, chef du service d\u00e9partemental  \u00e0 la jeunesse, \u00e0 l'engagement et au sports \n(SDJES) des Bouches-du-Rh\u00f4ne, \u00e0 Monsieur Nicolas PERETTI chef du p\u00f4le sports du SDJES et \u00e0 Monsieur Jean-Christophe \nMEOZZI chef du p\u00f4le jeunesse vie associative du SDJES ; \n \nConsid\u00e9rant le dossier de renouv\u00e8lement de tronc commun d'agr\u00e9ment pr\u00e9sent\u00e9 par l'association ; \n \nArticle 1er : L'Association FOYER RURAL DE PEYNIER dont le si\u00e8ge social est situ\u00e9 \u00e0 4 Avenue de la lib\u00e9ration - 13790 \nPeynier - n\u00b0 RNA :  W131001536 satisfait aux trois conditions pr\u00e9vues par l'article 25-1 de la loi du 12 avril 2000 susvis\u00e9e \u00e0 la \ndate de publication du pr\u00e9sent arr\u00eat\u00e9 portant sur le tronc commun d'agr\u00e9ment.  \nArticle 2 :  La dite association est r\u00e9put\u00e9e remplir ces trois crit\u00e8res pendant une dur\u00e9e de cinq ans \u00e0 compter de la date de \npublication du pr\u00e9sent arr\u00eat\u00e9. \nArticle 3 : Le pr\u00e9sent arr\u00eat\u00e9 peut faire l'objet d'un recours contentieux, aupr\u00e8s du tribunal administratif de Marseille, dans le \nd\u00e9lai de deux mois, \u00e0 compter de sa notification. Il peut \u00e9galement, dans le m\u00eame d\u00e9lai, faire l'objet d'un recours gracieux \naupr\u00e8s Monsieur le Pr\u00e9fet de la R\u00e9gion Provence Alpes C\u00f4tes d'Azur et/ou d'un recours hi\u00e9rarchique aupr\u00e8s du(des) \nministre(s) concern\u00e9(s). \n \nArticle 4  : Le recteur de la r\u00e9gion acad\u00e9mique et le directeur acad\u00e9miques des services de l'\u00e9ducation nationale sont charg\u00e9s, \nchacun pour ce qui le concerne, de l'ex\u00e9cution du pr\u00e9sent arr\u00eat\u00e9. \n \nMarseille, le 21 mai 2024 \n \nPour le Recteur de R\u00e9gion Acad\u00e9mique, et par d\u00e9l\u00e9gation \nPour le Directeur Acad\u00e9mique des Services de l'Education \nNationale et, par d\u00e9l\u00e9gation \nLe chef de p\u00f4le jeunesse et vie associative du SDJES 13 \n \nSign\u00e9 \n \n \nJean-Christophe MEOZZIService D\u00e9partemental de la Jeunesse et des Sports - 13-2024-05-21-00008 - Microsoft Word - Arretes TCA 2024 1ERE DDE 21-05-24 53\n \n \n \n \n   \n                 \n Service d\u00e9partemental \u00e0 la jeunesse,  \n         \u00e0 l'engagement et aux sports                                                    \n \n \n \n \nArr\u00eat\u00e9 du 21 mai 2024 \nPortant reconnaissance \n du tronc commun d'agr\u00e9ment d'une association n\u00b0 TCA /13-24-05 \n \nLe Recteur de r\u00e9gion acad\u00e9mique Provence-Alpes-C\u00f4te d'Azur, recteur de l'acad\u00e9mie d'Aix-Marseille,   \nChancelier des universit\u00e9s \n \nVu la loi d'orientation n\u00b0 92-125 du 6 f\u00e9vrier 1992 modifi\u00e9e relative \u00e0 l'administration territoriale de la R\u00e9publique modifi\u00e9e ; \nVu la loi n\u00b0 2000-321 du 12 avril 2000 modifi\u00e9e relative aux droits des citoyens dans leurs relations avec les administrations et \nnotamment son article 25-1 ; \nVu le d\u00e9cret n\u00b02016-1377 du 12 octobre 2016 portant cr\u00e9ation du Conseil d'orientation des politiques de jeunesse ; \nVu le d\u00e9cret n\u00b02017-908 du 6 mai 2017 portant diverses dispositions relatives au r\u00e9gime juridique des associations, des \nfondations, des fonds de dotation et des organismes faisant appel public \u00e0 la g\u00e9n\u00e9rosit\u00e9 et notamment ses articles 15 \u00e0 21 ; \nVu le d\u00e9cret du Pr\u00e9sident de la R\u00e9publique du 29 juillet 2020 portant nomination de Monsieur Christophe MIRMAND, en qualit\u00e9 \nde pr\u00e9fet de la r\u00e9gion Provence-Alpes-C\u00f4te d'Azur, pr\u00e9fet de la zone sud, pr\u00e9fet des Bouches-du-Rh\u00f4ne ; \nVu le d\u00e9cret du Pr\u00e9sident de la R\u00e9publique du 29 juillet 2020 portant nomination de M. Bernard BEIGNER en qualit\u00e9 de recteur \nde l'acad\u00e9mie d'Aix-Marseille, chancelier des universit\u00e9s ;  \nVu le d\u00e9cret du Pr\u00e9sident de la R\u00e9publique du 11 mai 2023 portant nomination de M. Jean-Yves BESSOL en tant que directeur \nacad\u00e9mique des services de l'\u00e9ducation nationale des Bouches-du-Rh\u00f4ne \u00e0 compter du 22 mai 2023 ; \nVu l'arr\u00eat\u00e9 pr\u00e9fectoral du 2 avril 2021 portant d\u00e9l\u00e9gation de signature \u00e0 Monsieur Bernard BEIGNIER, recteur de la r\u00e9gion \nacad\u00e9mique Provence-Alpes-C\u00f4te d'Azur, Recteur de l'acad\u00e9mie d'Aix-Marseille, chancelier des universit\u00e9s ;  \nVu l'arr\u00eat\u00e9 du 22 mai 2023 portant d\u00e9l\u00e9gation de signature du recteur de la r\u00e9gion acad\u00e9mique Provence-Alpes-C\u00f4te d'Azur \naccord\u00e9e \u00e0 M. Jean-Yves BESSOL, directeur acad\u00e9mique des services de l'\u00e9ducation nationale des Bouches-du-Rh\u00f4ne et \nsubd\u00e9l\u00e9gation de signature \u00e0 Monsieur Thomas TABUS, chef du service d\u00e9partemental  \u00e0 la jeunesse, \u00e0 l'engagement et au sports \n(SDJES) des Bouches-du-Rh\u00f4ne, \u00e0 Monsieur Nicolas PERETTI chef du p\u00f4le sports du SDJES et \u00e0 Monsieur Jean-Christophe \nMEOZZI chef du p\u00f4le jeunesse vie associative du SDJES ; \n \nConsid\u00e9rant le dossier de renouv\u00e8lement de tronc commun d'agr\u00e9ment pr\u00e9sent\u00e9 par l'association ; \n \nArticle 1er : L'Association LA FABRIQUE 13 dont le si\u00e8ge social est situ\u00e9 \u00e0 36 avenue D Haiti - 13004 Marseille - n\u00b0 RNA :  \nW133032171 satisfait aux trois conditions pr\u00e9vues par l'article 25-1 de la loi du 12 avril 2000 susvis\u00e9e \u00e0 la date de publication \ndu pr\u00e9sent arr\u00eat\u00e9 portant sur le tronc commun d'agr\u00e9ment.  \nArticle 2 :  La dite association est r\u00e9put\u00e9e remplir ces trois crit\u00e8res pendant une dur\u00e9e de cinq ans \u00e0 compter de la date de \npublication du pr\u00e9sent arr\u00eat\u00e9. \nArticle 3 : Le pr\u00e9sent arr\u00eat\u00e9 peut faire l'objet d'un recours contentieux, aupr\u00e8s du tribunal administratif de Marseille, dans le \nd\u00e9lai de deux mois, \u00e0 compter de sa notification. Il peut \u00e9galement, dans le m\u00eame d\u00e9lai, faire l'objet d'un recours gracieux \naupr\u00e8s Monsieur le Pr\u00e9fet de la R\u00e9gion Provence Alpes C\u00f4tes d'Azur et/ou d'un recours hi\u00e9rarchique aupr\u00e8s du(des) \nministre(s) concern\u00e9(s). \n \nArticle 4  : Le recteur de la r\u00e9gion acad\u00e9mique et le directeur acad\u00e9miques des services de l'\u00e9ducation nationale sont charg\u00e9s, \nchacun pour ce qui le concerne, de l'ex\u00e9cution du pr\u00e9sent arr\u00eat\u00e9. \n \nMarseille, le 21 mai 2024 \n \nPour le Recteur de R\u00e9gion Acad\u00e9mique, et par d\u00e9l\u00e9gation \nPour le Directeur Acad\u00e9mique des Services de l'Education \nNationale et, par d\u00e9l\u00e9gation \nLe chef de p\u00f4le jeunesse et vie associative du SDJES 13 \n \nSign\u00e9 \n \n \nJean-Christophe MEOZZI Service D\u00e9partemental de la Jeunesse et des Sports - 13-2024-05-21-00008 - Microsoft Word - Arretes TCA 2024 1ERE DDE 21-05-24 54","date":"2024-05-22","first_seen_on":"2024-05-22T16:06:19+00:00","id":"06cf5da2c673d9b360be5f5ba4130be9ae8836b61ab2e48100e563100c3bda39","name":"recueil-13-2024-116-recueil-des-actes-administratifs-special du 22 mai 2024","pdf_creation_date":"2024-05-22T15:08:32+00:00","pdf_modification_date":"2024-05-22T15:10:34+00:00","timezone":"Europe/Paris","url":"https://www.bouches-du-rhone.gouv.fr/contenu/telechargement/55815/400805/file/recueil-13-2024-116-recueil-des-actes-administratifs-special%20du%2022%20mai%202024.pdf"}
