{"administration":"pref01","administration_name":"Pr\u00e9fecture de l\u2019Ain","content":"AIN\nRECUEIL DES ACTES\nADMINISTRATIFS SP\u00c9CIAL\nN\u00b001-2025-397\nPUBLI\u00c9 LE 27 NOVEMBRE 2025\nSommaire\n01_Pref_Pr\u00e9fecture de l'Ain /\n01-2025-11-05-00006 - arr\u00eat\u00e9 pr\u00e9fectoral fixant les dates et lieu de\nd\u00e9p\u00f4t des d\u00e9clarations de candidatures pour les \u00e9lections\nmunicipales et communautaires des 15 et 22 mars 2026  (2 pages) Page 3\n2\n01_Pref_Pr\u00e9fecture de l'Ain\n01-2025-11-05-00006\narr\u00eat\u00e9 pr\u00e9fectoral fixant les dates et lieu de\nd\u00e9p\u00f4t des d\u00e9clarations de candidatures pour les\n\u00e9lections municipales et communautaires des 15\net 22 mars 2026 \n01_Pref_Pr\u00e9fecture de l'Ain - 01-2025-11-05-00006 - arr\u00eat\u00e9 pr\u00e9fectoral fixant les dates et lieu de d\u00e9p\u00f4t des d\u00e9clarations de\ncandidatures pour les \u00e9lections municipales et communautaires des 15 et 22 mars 2026 3\n| |PREFETEDE VAINLibert\u00e9Egalit\u00e9Fraternit\u00e9\nDirection des collectivit\u00e9s et de l'appui territorial\nBureau de la l\u00e9galit\u00e9, de l'intercommunalit\u00e9 et de la \nd\u00e9mocratie locale\nARRETE PREFECTORAL\nfixant les dates et lieu de d\u00e9p\u00f4t des d\u00e9clarations de candidatures \npour les \u00e9lections municipales et communautaires des 15 et 22 mars 2026\nLa pr\u00e9f\u00e8te\nChevalier de la l\u00e9gion d'honneur\nOfficier de l'ordre National du m\u00e9rite \nVu le code \u00e9lectoral, et notamment ses articles L.255-2 \u00e0 LO.255-5 et L.263 \u00e0 L.267  ;\nVu le d\u00e9cret n\u00b0 2025-848 du 27 ao\u00fbt 2025 fixant la date de renouvellement des conseillers\nmunicipaux et communautaires, des conseillers m\u00e9tropolitains de Lyon, des conseillers de\nParis  et  des  conseillers  d'arrondissement  de  Paris,  Lyon  et  Marseille,  et  portant\nconvocation des \u00e9lecteurs ;\nSur proposition de la secr\u00e9taire g\u00e9n\u00e9rale de la pr\u00e9fecture ;\n- A R R \u00ca T E  -\nArticle 1  er     : Les \u00e9lecteurs se r\u00e9uniront dans chaque commune le dimanche 15 mars 2026, et\nle dimanche 22 mars 2026 en cas de second tour, \u00e0 l'effet de proc\u00e9der \u00e0 l'\u00e9lection des\nconseillers municipaux et des conseillers communautaires.\nArticle 2     :  Pour toutes les communes, les d\u00e9clarations de candidatures sont obligatoires.\nElles devront \u00eatre d\u00e9pos\u00e9es \u00e0 la pr\u00e9fecture pour les communes de l'arrondissement de\nBourg-en-Bresse,  et  \u00e0  la  sous-pr\u00e9fecture  concern\u00e9e  pour  les  communes  relevant  des\narrondissements de Belley, Gex et Nantua, aux dates et heures suivantes  : \n\u2022 pour le 1er tour :\n\u2013 du lundi 9 f\u00e9vrier 2026 au mercredi 25 f\u00e9vrier 2026 de 9h00 \u00e0 12h00 et de 13h30 \u00e0\n16h30\n\u2013 le jeudi 26 f\u00e9vrier 2026 de 9h00 \u00e0 12h00 et de 13h30 \u00e0 18h00\n\u2022 pour le 2\u00e8me tour :\n\u2013 le lundi 16 mars 2026 de 14h30 \u00e0 16h45\n\u2013 le mardi 17 mars 2026 de 9h00 \u00e0 12h00 et de 13h30 \u00e0 18h00\nLes  candidats  prendront  rendez-vous  sur  le  site  http://www.ain.gouv.fr \u00e0  partir  du  5\njanvier 2026 pour d\u00e9poser leur candidature en fonction de l'arrondissement dont d\u00e9pend\nleur commune.\n45, Avenue Alsace-Lorraine - CS 80400 -  01012  BOURG-EN-BRESSE CEDEX \nT\u00e9l\u00e9phone : 04.74.32.30.00    Site internet : www.ain.gouv.fr - Facebook - Twitter : @Prefet01\n01_Pref_Pr\u00e9fecture de l'Ain - 01-2025-11-05-00006 - arr\u00eat\u00e9 pr\u00e9fectoral fixant les dates et lieu de d\u00e9p\u00f4t des d\u00e9clarations de\ncandidatures pour les \u00e9lections municipales et communautaires des 15 et 22 mars 2026 4\nArticle 3   :    Les emplacements d'affichage seront attribu\u00e9s aux listes par voie de tirage au\nsort qui sera effectu\u00e9 le vendredi 27 f\u00e9vrier 2026 \u00e0 la pr\u00e9fecture ou en sous-pr\u00e9fectures,\nen fonction du lieu de d\u00e9p\u00f4t de candidatures.\nArticle 4 : La campagne \u00e9lectorale sera ouverte, pour le premier tour, le lundi 2 mars 2026\n\u00e0 z\u00e9ro heure  ; elle prendra fin le vendredi 13 mars 2026 \u00e0 minuit et se poursuivra, en cas\nde second tour, du lundi 16 mars 2026 \u00e0 z\u00e9ro heure au vendredi 20 mars 2026 \u00e0 minuit.\nArticle 5     :   La secr\u00e9taire g\u00e9n\u00e9rale de la pr\u00e9fecture, les sous-pr\u00e9fets d'arrondissement et les\nmaires des communes sont charg\u00e9s, chacun en ce qui le concerne, de l'ex\u00e9cution du\npr\u00e9sent arr\u00eat\u00e9, qui fera l'objet d'un affichage.\nFait \u00e0 Bourg-en-Bresse, le 5 novembre 2025\nPour la pr\u00e9f\u00e8te, \nLa secr\u00e9taire g\u00e9n\u00e9rale, \nsign\u00e9 Virginie GUERIN-ROBINET\n01_Pref_Pr\u00e9fecture de l'Ain - 01-2025-11-05-00006 - arr\u00eat\u00e9 pr\u00e9fectoral fixant les dates et lieu de d\u00e9p\u00f4t des d\u00e9clarations de\ncandidatures pour les \u00e9lections municipales et communautaires des 15 et 22 mars 2026 5","date":"2025-11-27","first_seen_on":"2025-11-27T17:05:17+00:00","id":"06e78d61f78adc03fa72faa5a43f6e70e6c4194ac6cd676f28671be077231fbd","name":"recueil-01-2025-397-recueil-des-actes-administratifs-special. N\u00b02 du 27-11-2025 pdf","pdf_creation_date":"2025-11-27T16:39:20+00:00","pdf_modification_date":null,"timezone":"Europe/Paris","url":"https://www.ain.gouv.fr/contenu/telechargement/33920/236873/file/recueil-01-2025-397-recueil-des-actes-administratifs-special.%20N%C2%B02%20du%2027-11-2025%20pdf.pdf"}
